{"id":10069,"date":"2022-04-19T10:19:52","date_gmt":"2022-04-19T08:19:52","guid":{"rendered":"https:\/\/www.macapflag.com\/blog\/?p=10069"},"modified":"2022-04-19T10:27:49","modified_gmt":"2022-04-19T08:27:49","slug":"barbier","status":"publish","type":"post","link":"https:\/\/www.macapflag.com\/blog\/barbier\/","title":{"rendered":"La PLV id\u00e9ale pour un barbier"},"content":{"rendered":"\t\t<div data-elementor-type=\"wp-post\" data-elementor-id=\"10069\" class=\"elementor elementor-10069\">\n\t\t\t\t\t\t<section class=\"elementor-section elementor-top-section elementor-element elementor-element-51d35e8 elementor-section-boxed elementor-section-height-default elementor-section-height-default\" data-id=\"51d35e8\" data-element_type=\"section\">\n\t\t\t\t\t\t<div class=\"elementor-container elementor-column-gap-default\">\n\t\t\t\t\t<div class=\"elementor-column elementor-col-100 elementor-top-column elementor-element elementor-element-3bb0f32\" data-id=\"3bb0f32\" data-element_type=\"column\">\n\t\t\t<div class=\"elementor-widget-wrap elementor-element-populated\">\n\t\t\t\t\t\t<div class=\"elementor-element elementor-element-05c894a elementor-widget elementor-widget-text-editor\" data-id=\"05c894a\" data-element_type=\"widget\" data-widget_type=\"text-editor.default\">\n\t\t\t\t<div class=\"elementor-widget-container\">\n\t\t\t\t\t\t\t\t\t<p>Les modes tiennent souvent \u00e0 peu de choses\u2026 Le port de la barbe et de la moustache a r\u00e9guli\u00e8rement \u00e9t\u00e9 dans l\u2019air du temps pour devenir ensuite plus d\u00e9suet et \u00eatre \u00e0 nouveau \u00e0 la mode quelques ann\u00e9es plus tard.<br \/>Depuis quelques ann\u00e9es, la barbe sous toutes ses formes est totalement \u201cfashion\u201d : barbe de 3 jours, barbe courte, bouc, barbiche, barbe en pointe, barbe de hipster, les styles de barbes sont choisis en fonction de la forme des visages, ils sont d\u00e9sormais pens\u00e9s pour \u00eatre en harmonie avec les coupes de cheveux.<\/p><p>La barbe est devenue un accessoire de mode que l\u2019on soigne et que l\u2019on entretient\u2026 pour le plus grand bonheur des barbiers! Barber shops et autres salons de barbiers ont vu le jour partout en France profitant de cet engouement grandissant des hommes pour leur esth\u00e9tisme.<br \/>Lorsqu\u2019il a choisi son lieu d\u2019installation, le barbier comme le coiffeur, l\u2019esth\u00e9ticienne ou bien d\u2019autres encore a un double objectif :<br \/>. Assurer la visibilit\u00e9 de son salon,<br \/>. Mettre en valeur son travail pour donner confiance et envie \u00e0 ses clients potentiels.<\/p><p>Forte de son exp\u00e9rience en mati\u00e8re de communication, notre \u00e9quipe de cr\u00e9atifs a r\u00e9fl\u00e9chi \u00e0 des solutions parfaitement adapt\u00e9es aux besoins d\u2019une boutique de barbier plus commun\u00e9ment appel\u00e9e barber shop.<\/p>\t\t\t\t\t\t\t\t<\/div>\n\t\t\t\t<\/div>\n\t\t\t\t\t<\/div>\n\t\t<\/div>\n\t\t\t\t\t<\/div>\n\t\t<\/section>\n\t\t\t\t<section class=\"elementor-section elementor-top-section elementor-element elementor-element-40072c7 elementor-section-boxed elementor-section-height-default elementor-section-height-default\" data-id=\"40072c7\" data-element_type=\"section\">\n\t\t\t\t\t\t<div class=\"elementor-container elementor-column-gap-default\">\n\t\t\t\t\t<div class=\"elementor-column elementor-col-100 elementor-top-column elementor-element elementor-element-69f52c5\" data-id=\"69f52c5\" data-element_type=\"column\">\n\t\t\t<div class=\"elementor-widget-wrap elementor-element-populated\">\n\t\t\t\t\t\t<div class=\"elementor-element elementor-element-65b0edb elementor-widget elementor-widget-text-editor\" data-id=\"65b0edb\" data-element_type=\"widget\" data-widget_type=\"text-editor.default\">\n\t\t\t\t<div class=\"elementor-widget-container\">\n\t\t\t\t\t\t\t\t\t<h2>Comment agencer id\u00e9alement l\u2019ext\u00e9rieur du salon de barbier ?<\/h2>\t\t\t\t\t\t\t\t<\/div>\n\t\t\t\t<\/div>\n\t\t\t\t\t<\/div>\n\t\t<\/div>\n\t\t\t\t\t<\/div>\n\t\t<\/section>\n\t\t\t\t<section class=\"elementor-section elementor-top-section elementor-element elementor-element-a537c22 elementor-section-boxed elementor-section-height-default elementor-section-height-default\" data-id=\"a537c22\" data-element_type=\"section\">\n\t\t\t\t\t\t<div class=\"elementor-container elementor-column-gap-default\">\n\t\t\t\t\t<div class=\"elementor-column elementor-col-100 elementor-top-column elementor-element elementor-element-4d92631\" data-id=\"4d92631\" data-element_type=\"column\">\n\t\t\t<div class=\"elementor-widget-wrap elementor-element-populated\">\n\t\t\t\t\t\t<div class=\"elementor-element elementor-element-99d99f8 elementor-widget elementor-widget-text-editor\" data-id=\"99d99f8\" data-element_type=\"widget\" data-widget_type=\"text-editor.default\">\n\t\t\t\t<div class=\"elementor-widget-container\">\n\t\t\t\t\t\t\t\t\t<p>Tous les publicitaires vous donneront un m\u00eame conseil : Oser \u00eatre remarquable ! <br \/>Cr\u00e9er un joli magasin ou un salon tout confort sans assurer une visibilit\u00e9 ext\u00e9rieure manquerait cruellement de sens. Ce sont bien les \u00e9l\u00e9ments de signal\u00e9tique et les supports de communication ext\u00e9rieure qui vont susciter l\u2019envie de rentrer \u00e0 l\u2019int\u00e9rieur.<br \/>Pour signaler un magasin ou un salon, le <a href=\"https:\/\/www.macapflag.com\/41-beach-flag-oriflamme\"><strong><span style=\"color: #3366ff;\">beach flag<\/span><\/strong><\/a> est l\u2019outil parfait !<\/p>\t\t\t\t\t\t\t\t<\/div>\n\t\t\t\t<\/div>\n\t\t\t\t\t<\/div>\n\t\t<\/div>\n\t\t\t\t\t<\/div>\n\t\t<\/section>\n\t\t\t\t<section class=\"elementor-section elementor-top-section elementor-element elementor-element-431ed99 elementor-section-boxed elementor-section-height-default elementor-section-height-default\" data-id=\"431ed99\" data-element_type=\"section\">\n\t\t\t\t\t\t<div class=\"elementor-container elementor-column-gap-default\">\n\t\t\t\t\t<div class=\"elementor-column elementor-col-100 elementor-top-column elementor-element elementor-element-79cbbb4\" data-id=\"79cbbb4\" data-element_type=\"column\">\n\t\t\t<div class=\"elementor-widget-wrap elementor-element-populated\">\n\t\t\t\t\t\t<div class=\"elementor-element elementor-element-1791ad9 elementor-widget elementor-widget-image\" data-id=\"1791ad9\" data-element_type=\"widget\" data-widget_type=\"image.default\">\n\t\t\t\t<div class=\"elementor-widget-container\">\n\t\t\t\t\t\t\t\t\t\t\t\t<figure class=\"wp-caption\">\n\t\t\t\t\t\t\t\t\t\t<img fetchpriority=\"high\" decoding=\"async\" width=\"700\" height=\"534\" src=\"https:\/\/www.macapflag.com\/blog\/wp-content\/uploads\/2022\/04\/support-communication-barber-shop.jpg\" class=\"attachment-large size-large wp-image-10068\" alt=\"Beach flag oriflamme publicitaire barbershop\" srcset=\"https:\/\/www.macapflag.com\/blog\/wp-content\/uploads\/2022\/04\/support-communication-barber-shop.jpg 700w, https:\/\/www.macapflag.com\/blog\/wp-content\/uploads\/2022\/04\/support-communication-barber-shop-300x229.jpg 300w\" sizes=\"(max-width: 700px) 100vw, 700px\" \/>\t\t\t\t\t\t\t\t\t\t\t<figcaption class=\"widget-image-caption wp-caption-text\">Beach flags personnalis\u00e9s<\/figcaption>\n\t\t\t\t\t\t\t\t\t\t<\/figure>\n\t\t\t\t\t\t\t\t\t<\/div>\n\t\t\t\t<\/div>\n\t\t\t\t\t<\/div>\n\t\t<\/div>\n\t\t\t\t\t<\/div>\n\t\t<\/section>\n\t\t\t\t<section class=\"elementor-section elementor-top-section elementor-element elementor-element-880cbe6 elementor-section-boxed elementor-section-height-default elementor-section-height-default\" data-id=\"880cbe6\" data-element_type=\"section\">\n\t\t\t\t\t\t<div class=\"elementor-container elementor-column-gap-default\">\n\t\t\t\t\t<div class=\"elementor-column elementor-col-100 elementor-top-column elementor-element elementor-element-54b46ad\" data-id=\"54b46ad\" data-element_type=\"column\">\n\t\t\t<div class=\"elementor-widget-wrap elementor-element-populated\">\n\t\t\t\t\t\t<div class=\"elementor-element elementor-element-f7091af elementor-widget elementor-widget-text-editor\" data-id=\"f7091af\" data-element_type=\"widget\" data-widget_type=\"text-editor.default\">\n\t\t\t\t<div class=\"elementor-widget-container\">\n\t\t\t\t\t\t\t\t\t<h3>Jouez la carte beach flag ou oriflamme<\/h3>\t\t\t\t\t\t\t\t<\/div>\n\t\t\t\t<\/div>\n\t\t\t\t\t<\/div>\n\t\t<\/div>\n\t\t\t\t\t<\/div>\n\t\t<\/section>\n\t\t\t\t<section class=\"elementor-section elementor-top-section elementor-element elementor-element-fe2f662 elementor-section-boxed elementor-section-height-default elementor-section-height-default\" data-id=\"fe2f662\" data-element_type=\"section\">\n\t\t\t\t\t\t<div class=\"elementor-container elementor-column-gap-default\">\n\t\t\t\t\t<div class=\"elementor-column elementor-col-100 elementor-top-column elementor-element elementor-element-f800cfe\" data-id=\"f800cfe\" data-element_type=\"column\">\n\t\t\t<div class=\"elementor-widget-wrap elementor-element-populated\">\n\t\t\t\t\t\t<div class=\"elementor-element elementor-element-0cd25ff elementor-widget elementor-widget-text-editor\" data-id=\"0cd25ff\" data-element_type=\"widget\" data-widget_type=\"text-editor.default\">\n\t\t\t\t<div class=\"elementor-widget-container\">\n\t\t\t\t\t\t\t\t\t<p>Disponible en plusieurs dimensions (hauteur de m\u00e2t et taille de la voile imprim\u00e9e), le beach flag, \u00e9galement appel\u00e9 oriflamme ou voile publicitaire, se positionne facilement \u00e0 l\u2019endroit de votre choix. Devant le magasin, juste \u00e0 c\u00f4t\u00e9 de la porte, il permet de marquer l\u2019entr\u00e9e en assurant une communication dynamique avec une PLV ext\u00e9rieure adapt\u00e9e. M\u00eame avec un tr\u00e8s l\u00e9ger souffle d\u2019air, la voile imprim\u00e9e flotte au vent et attire ainsi l&#8217;\u0153il des passants. Totalement personnalis\u00e9 aux couleurs de votre choix, ce support de communication permet de mettre en valeur votre logo et votre charte graphique mais aussi votre num\u00e9ro de t\u00e9l\u00e9phone ou vos horaires d\u2019ouverture. Le beach flag est ainsi un support d\u2019information et un support publicitaire facilement d\u00e9pla\u00e7able d\u2019un point \u00e0 un autre.<\/p>\t\t\t\t\t\t\t\t<\/div>\n\t\t\t\t<\/div>\n\t\t\t\t\t<\/div>\n\t\t<\/div>\n\t\t\t\t\t<\/div>\n\t\t<\/section>\n\t\t\t\t<section class=\"elementor-section elementor-top-section elementor-element elementor-element-2cc5045 elementor-section-boxed elementor-section-height-default elementor-section-height-default\" data-id=\"2cc5045\" data-element_type=\"section\">\n\t\t\t\t\t\t<div class=\"elementor-container elementor-column-gap-default\">\n\t\t\t\t\t<div class=\"elementor-column elementor-col-100 elementor-top-column elementor-element elementor-element-7e3cb0b\" data-id=\"7e3cb0b\" data-element_type=\"column\">\n\t\t\t<div class=\"elementor-widget-wrap elementor-element-populated\">\n\t\t\t\t\t\t<div class=\"elementor-element elementor-element-0c8b7f3 elementor-widget elementor-widget-text-editor\" data-id=\"0c8b7f3\" data-element_type=\"widget\" data-widget_type=\"text-editor.default\">\n\t\t\t\t<div class=\"elementor-widget-container\">\n\t\t\t\t\t\t\t\t\t<h2>Comment am\u00e9nager la vitrine d&#8217;un salon de barbier ?<\/h2>\t\t\t\t\t\t\t\t<\/div>\n\t\t\t\t<\/div>\n\t\t\t\t\t<\/div>\n\t\t<\/div>\n\t\t\t\t\t<\/div>\n\t\t<\/section>\n\t\t\t\t<section class=\"elementor-section elementor-top-section elementor-element elementor-element-0435890 elementor-section-boxed elementor-section-height-default elementor-section-height-default\" data-id=\"0435890\" data-element_type=\"section\">\n\t\t\t\t\t\t<div class=\"elementor-container elementor-column-gap-default\">\n\t\t\t\t\t<div class=\"elementor-column elementor-col-100 elementor-top-column elementor-element elementor-element-9397c93\" data-id=\"9397c93\" data-element_type=\"column\">\n\t\t\t<div class=\"elementor-widget-wrap elementor-element-populated\">\n\t\t\t\t\t\t<div class=\"elementor-element elementor-element-b8300f3 elementor-widget elementor-widget-text-editor\" data-id=\"b8300f3\" data-element_type=\"widget\" data-widget_type=\"text-editor.default\">\n\t\t\t\t<div class=\"elementor-widget-container\">\n\t\t\t\t\t\t\t\t\t<p>Pour ce style de magasin, la vitrine doit \u00eatre attractive et mettre en valeur le savoir-faire du barbier tout en laissant aux passants l\u2019opportunit\u00e9 d\u2019apercevoir le ou les barbiers \u00e0 l&#8217;\u0153uvre \u00e0 l\u2019int\u00e9rieur du salon.<br \/>L\u2019agencement de la vitrine d\u00e9pend bien \u00e9videmment de la taille de son espace et de la surface vitr\u00e9e. Pour l&#8217;habiller esth\u00e9tiquement, plusieurs id\u00e9es sont possibles :<\/p>\t\t\t\t\t\t\t\t<\/div>\n\t\t\t\t<\/div>\n\t\t\t\t\t<\/div>\n\t\t<\/div>\n\t\t\t\t\t<\/div>\n\t\t<\/section>\n\t\t\t\t<section class=\"elementor-section elementor-top-section elementor-element elementor-element-7924dda elementor-section-boxed elementor-section-height-default elementor-section-height-default\" data-id=\"7924dda\" data-element_type=\"section\">\n\t\t\t\t\t\t<div class=\"elementor-container elementor-column-gap-default\">\n\t\t\t\t\t<div class=\"elementor-column elementor-col-100 elementor-top-column elementor-element elementor-element-a68614c\" data-id=\"a68614c\" data-element_type=\"column\">\n\t\t\t<div class=\"elementor-widget-wrap elementor-element-populated\">\n\t\t\t\t\t\t<div class=\"elementor-element elementor-element-adc324f elementor-widget elementor-widget-text-editor\" data-id=\"adc324f\" data-element_type=\"widget\" data-widget_type=\"text-editor.default\">\n\t\t\t\t<div class=\"elementor-widget-container\">\n\t\t\t\t\t\t\t\t\t<h3>Optez pour le cadre r\u00e9tro \u00e9clair\u00e9 sur pied<\/h3>\t\t\t\t\t\t\t\t<\/div>\n\t\t\t\t<\/div>\n\t\t\t\t\t<\/div>\n\t\t<\/div>\n\t\t\t\t\t<\/div>\n\t\t<\/section>\n\t\t\t\t<section class=\"elementor-section elementor-top-section elementor-element elementor-element-967290a elementor-section-boxed elementor-section-height-default elementor-section-height-default\" data-id=\"967290a\" data-element_type=\"section\">\n\t\t\t\t\t\t<div class=\"elementor-container elementor-column-gap-default\">\n\t\t\t\t\t<div class=\"elementor-column elementor-col-100 elementor-top-column elementor-element elementor-element-acd75e3\" data-id=\"acd75e3\" data-element_type=\"column\">\n\t\t\t<div class=\"elementor-widget-wrap elementor-element-populated\">\n\t\t\t\t\t\t<div class=\"elementor-element elementor-element-56ef0cd elementor-widget elementor-widget-text-editor\" data-id=\"56ef0cd\" data-element_type=\"widget\" data-widget_type=\"text-editor.default\">\n\t\t\t\t<div class=\"elementor-widget-container\">\n\t\t\t\t\t\t\t\t\t<p>Propos\u00e9 en deux dimensions, le <a href=\"https:\/\/www.macapflag.com\/cadre-toile-tendue\/790449-cadre-toile-tendue-retroeclaire-autoportant-utilisation-interieure.html\"><span style=\"color: #3366ff;\"><strong>cadre r\u00e9tro \u00e9clair\u00e9<\/strong> <\/span><\/a>est un support en aluminium qui porte une toile textile imprim\u00e9e. \u00c0 l\u2019int\u00e9rieur du cadre, de petites ampoules led diffusent un \u00e9clairage qui illumine le visuel imprim\u00e9 pour ainsi augmenter sa visibilit\u00e9. <br \/>Atout majeur de ce mod\u00e8le, l\u2019affichage r\u00e9tro \u00e9clair\u00e9 sur les deux faces du cadre et l&#8217;opportunit\u00e9 de choisir deux visuels diff\u00e9rents pour chacune des faces.<br \/>Autre caract\u00e9ristique non n\u00e9gligeable, les visuels se fixent simplement sur le cadre gr\u00e2ce \u00e0 un jonc cousu sur leur pourtour pour \u00eatre ins\u00e9r\u00e9 dans la zone pr\u00e9vue \u00e0 cet effet. <br \/>Ils sont interchangeables. Vous souhaitez changer votre message de communica tion ou proposer une offre promotionnelle ponctuelle ? Commandez le visuel correspondant et fixez le sur votre cadre existant en moins de deux minutes.<\/p>\t\t\t\t\t\t\t\t<\/div>\n\t\t\t\t<\/div>\n\t\t\t\t\t<\/div>\n\t\t<\/div>\n\t\t\t\t\t<\/div>\n\t\t<\/section>\n\t\t\t\t<section class=\"elementor-section elementor-top-section elementor-element elementor-element-b3e9e49 elementor-section-boxed elementor-section-height-default elementor-section-height-default\" data-id=\"b3e9e49\" data-element_type=\"section\">\n\t\t\t\t\t\t<div class=\"elementor-container elementor-column-gap-default\">\n\t\t\t\t\t<div class=\"elementor-column elementor-col-100 elementor-top-column elementor-element elementor-element-cd06730\" data-id=\"cd06730\" data-element_type=\"column\">\n\t\t\t<div class=\"elementor-widget-wrap elementor-element-populated\">\n\t\t\t\t\t\t<div class=\"elementor-element elementor-element-5aa8836 elementor-widget elementor-widget-text-editor\" data-id=\"5aa8836\" data-element_type=\"widget\" data-widget_type=\"text-editor.default\">\n\t\t\t\t<div class=\"elementor-widget-container\">\n\t\t\t\t\t\t\t\t\t<h3>Ou le cadre toile tendue suspendu<\/h3>\t\t\t\t\t\t\t\t<\/div>\n\t\t\t\t<\/div>\n\t\t\t\t\t<\/div>\n\t\t<\/div>\n\t\t\t\t\t<\/div>\n\t\t<\/section>\n\t\t\t\t<section class=\"elementor-section elementor-top-section elementor-element elementor-element-4b2f752 elementor-section-boxed elementor-section-height-default elementor-section-height-default\" data-id=\"4b2f752\" data-element_type=\"section\">\n\t\t\t\t\t\t<div class=\"elementor-container elementor-column-gap-default\">\n\t\t\t\t\t<div class=\"elementor-column elementor-col-100 elementor-top-column elementor-element elementor-element-6cd35e8\" data-id=\"6cd35e8\" data-element_type=\"column\">\n\t\t\t<div class=\"elementor-widget-wrap elementor-element-populated\">\n\t\t\t\t\t\t<div class=\"elementor-element elementor-element-1f0a200 elementor-widget elementor-widget-image\" data-id=\"1f0a200\" data-element_type=\"widget\" data-widget_type=\"image.default\">\n\t\t\t\t<div class=\"elementor-widget-container\">\n\t\t\t\t\t\t\t\t\t\t\t\t\t\t\t<img decoding=\"async\" width=\"700\" height=\"534\" src=\"https:\/\/www.macapflag.com\/blog\/wp-content\/uploads\/2022\/04\/plv-vitrine-barber-shop.jpg\" class=\"attachment-large size-large wp-image-10067\" alt=\"D\u00e9coration vitrine barbier barbershop\" srcset=\"https:\/\/www.macapflag.com\/blog\/wp-content\/uploads\/2022\/04\/plv-vitrine-barber-shop.jpg 700w, https:\/\/www.macapflag.com\/blog\/wp-content\/uploads\/2022\/04\/plv-vitrine-barber-shop-300x229.jpg 300w\" sizes=\"(max-width: 700px) 100vw, 700px\" \/>\t\t\t\t\t\t\t\t\t\t\t\t\t\t\t<\/div>\n\t\t\t\t<\/div>\n\t\t\t\t\t<\/div>\n\t\t<\/div>\n\t\t\t\t\t<\/div>\n\t\t<\/section>\n\t\t\t\t<section class=\"elementor-section elementor-top-section elementor-element elementor-element-7a9acfe elementor-section-boxed elementor-section-height-default elementor-section-height-default\" data-id=\"7a9acfe\" data-element_type=\"section\">\n\t\t\t\t\t\t<div class=\"elementor-container elementor-column-gap-default\">\n\t\t\t\t\t<div class=\"elementor-column elementor-col-100 elementor-top-column elementor-element elementor-element-c5bd0bc\" data-id=\"c5bd0bc\" data-element_type=\"column\">\n\t\t\t<div class=\"elementor-widget-wrap elementor-element-populated\">\n\t\t\t\t\t\t<div class=\"elementor-element elementor-element-44fba5c elementor-widget elementor-widget-text-editor\" data-id=\"44fba5c\" data-element_type=\"widget\" data-widget_type=\"text-editor.default\">\n\t\t\t\t<div class=\"elementor-widget-container\">\n\t\t\t\t\t\t\t\t\t<p>Vous pouvez choisir de personnaliser le visuel de votre <a href=\"https:\/\/www.macapflag.com\/cadre-toile-tendue\/109-cadre-toile-tendue-suspendu-utilisation-interieure.html\"><span style=\"color: #3366ff;\"><strong>cadre<\/strong><\/span><\/a> dans des dimensions existantes ou d&#8217;opter pour une fabrication aux dimensions sur-mesure. La structure du cadre en aluminium se suspend au plafond. Le visuel textile y est fix\u00e9 gr\u00e2ce \u00e0 un jonc cousu sur tout le bord du textile.\u00a0<span style=\"font-size: 14pt;\">\u00a0<\/span><\/p>\t\t\t\t\t\t\t\t<\/div>\n\t\t\t\t<\/div>\n\t\t\t\t\t<\/div>\n\t\t<\/div>\n\t\t\t\t\t<\/div>\n\t\t<\/section>\n\t\t\t\t<section class=\"elementor-section elementor-top-section elementor-element elementor-element-b7f5529 elementor-section-boxed elementor-section-height-default elementor-section-height-default\" data-id=\"b7f5529\" data-element_type=\"section\">\n\t\t\t\t\t\t<div class=\"elementor-container elementor-column-gap-default\">\n\t\t\t\t\t<div class=\"elementor-column elementor-col-100 elementor-top-column elementor-element elementor-element-e5a8de0\" data-id=\"e5a8de0\" data-element_type=\"column\">\n\t\t\t<div class=\"elementor-widget-wrap elementor-element-populated\">\n\t\t\t\t\t\t<div class=\"elementor-element elementor-element-d6e94bc elementor-widget elementor-widget-text-editor\" data-id=\"d6e94bc\" data-element_type=\"widget\" data-widget_type=\"text-editor.default\">\n\t\t\t\t<div class=\"elementor-widget-container\">\n\t\t\t\t\t\t\t\t\t<h3>Ou encore&#8230; Le kak\u00e9mono suspendu<\/h3>\t\t\t\t\t\t\t\t<\/div>\n\t\t\t\t<\/div>\n\t\t\t\t\t<\/div>\n\t\t<\/div>\n\t\t\t\t\t<\/div>\n\t\t<\/section>\n\t\t\t\t<section class=\"elementor-section elementor-top-section elementor-element elementor-element-4d3a617 elementor-section-boxed elementor-section-height-default elementor-section-height-default\" data-id=\"4d3a617\" data-element_type=\"section\">\n\t\t\t\t\t\t<div class=\"elementor-container elementor-column-gap-default\">\n\t\t\t\t\t<div class=\"elementor-column elementor-col-100 elementor-top-column elementor-element elementor-element-df5af47\" data-id=\"df5af47\" data-element_type=\"column\">\n\t\t\t<div class=\"elementor-widget-wrap elementor-element-populated\">\n\t\t\t\t\t\t<div class=\"elementor-element elementor-element-9bc19a6 elementor-widget elementor-widget-text-editor\" data-id=\"9bc19a6\" data-element_type=\"widget\" data-widget_type=\"text-editor.default\">\n\t\t\t\t<div class=\"elementor-widget-container\">\n\t\t\t\t\t\t\t\t\t<p>C\u2019est une autre option de support de d\u00e9coration de vitrine tr\u00e8s judicieuse. Le <a href=\"https:\/\/www.macapflag.com\/34-kakemono-suspendu-rideau\"><span style=\"color: #3366ff;\"><strong>kak\u00e9mono<\/strong><\/span><\/a>, comme son nom l\u2019indique, est ici suspendu au plafond. Sa hauteur est totalement personnalisable, elle peut donc \u00eatre adapt\u00e9e pour descendre jusqu\u2019au sol, ou pas.<\/p><p>Il existe plusieurs sortes de kak\u00e9monos suspendus :<\/p><ul><li>Le kak\u00e9mono suspendu avec une fixation \u0153illets<\/li><li>Le kak\u00e9mono suspendu avec une fixation barre de suspension alu<\/li><li>Le kak\u00e9mono suspendu avec une fixation barre de suspension bois\u00a0<\/li><li>Le kak\u00e9mono suspendu avec une fixation barre de suspension plastique<\/li><li>Le kak\u00e9mono suspendu avec une fixation barre de suspension alu d\u00e9montable<\/li><\/ul><p>La grande famille des kak\u00e9monos suspendus vous offre un large choix d\u2019options pour donner vie au support id\u00e9al !<br \/>En termes de mati\u00e8res d\u2019abord avec une palette de textiles polyester \u00e0 la densit\u00e9 et au rendu visuel diff\u00e9rents. La possibilit\u00e9 \u00e9galement de fabriquer et d\u2019imprimer votre kak\u00e9mono sur une mati\u00e8re au dos noir occultant mais aussi sur une mati\u00e8re en pvc conf\u00e9rant alors au visuel un aspect qui ressemble \u00e0 celui d\u2019une b\u00e2che.<br \/>Impression recto ou impression recto verso ? \u00c0 vous de d\u00e9cider si vous souhaitez diffuser un message uniquement \u00e0 l\u2019attention de l\u2019ext\u00e9rieur ou si une double face du kak\u00e9mono peut pr\u00e9senter l\u2019opportunit\u00e9 d&#8217;un affichage tourn\u00e9 vers l\u2019ext\u00e9rieur et vers l\u2019int\u00e9rieur du magasin<\/p>\t\t\t\t\t\t\t\t<\/div>\n\t\t\t\t<\/div>\n\t\t\t\t\t<\/div>\n\t\t<\/div>\n\t\t\t\t\t<\/div>\n\t\t<\/section>\n\t\t\t\t<section class=\"elementor-section elementor-top-section elementor-element elementor-element-c33264a elementor-section-boxed elementor-section-height-default elementor-section-height-default\" data-id=\"c33264a\" data-element_type=\"section\">\n\t\t\t\t\t\t<div class=\"elementor-container elementor-column-gap-default\">\n\t\t\t\t\t<div class=\"elementor-column elementor-col-100 elementor-top-column elementor-element elementor-element-b45e588\" data-id=\"b45e588\" data-element_type=\"column\">\n\t\t\t<div class=\"elementor-widget-wrap elementor-element-populated\">\n\t\t\t\t\t\t<div class=\"elementor-element elementor-element-3b81c61 elementor-widget-divider--view-line elementor-widget elementor-widget-divider\" data-id=\"3b81c61\" data-element_type=\"widget\" data-widget_type=\"divider.default\">\n\t\t\t\t<div class=\"elementor-widget-container\">\n\t\t\t\t\t\t\t<div class=\"elementor-divider\">\n\t\t\t<span class=\"elementor-divider-separator\">\n\t\t\t\t\t\t<\/span>\n\t\t<\/div>\n\t\t\t\t\t\t<\/div>\n\t\t\t\t<\/div>\n\t\t\t\t\t<\/div>\n\t\t<\/div>\n\t\t\t\t\t<\/div>\n\t\t<\/section>\n\t\t\t\t<section class=\"elementor-section elementor-top-section elementor-element elementor-element-bda3913 elementor-section-boxed elementor-section-height-default elementor-section-height-default\" data-id=\"bda3913\" data-element_type=\"section\">\n\t\t\t\t\t\t<div class=\"elementor-container elementor-column-gap-default\">\n\t\t\t\t\t<div class=\"elementor-column elementor-col-100 elementor-top-column elementor-element elementor-element-1a3fa9b\" data-id=\"1a3fa9b\" data-element_type=\"column\">\n\t\t\t<div class=\"elementor-widget-wrap elementor-element-populated\">\n\t\t\t\t\t\t<div class=\"elementor-element elementor-element-f3ccec3 elementor-widget elementor-widget-text-editor\" data-id=\"f3ccec3\" data-element_type=\"widget\" data-widget_type=\"text-editor.default\">\n\t\t\t\t<div class=\"elementor-widget-container\">\n\t\t\t\t\t\t\t\t\t<h2>Comment agencer et d\u00e9corer l\u2019int\u00e9rieur d\u2019un salon de barbier ?<\/h2>\t\t\t\t\t\t\t\t<\/div>\n\t\t\t\t<\/div>\n\t\t\t\t\t<\/div>\n\t\t<\/div>\n\t\t\t\t\t<\/div>\n\t\t<\/section>\n\t\t\t\t<section class=\"elementor-section elementor-top-section elementor-element elementor-element-3e2b56e elementor-section-boxed elementor-section-height-default elementor-section-height-default\" data-id=\"3e2b56e\" data-element_type=\"section\">\n\t\t\t\t\t\t<div class=\"elementor-container elementor-column-gap-default\">\n\t\t\t\t\t<div class=\"elementor-column elementor-col-100 elementor-top-column elementor-element elementor-element-dc76daa\" data-id=\"dc76daa\" data-element_type=\"column\">\n\t\t\t<div class=\"elementor-widget-wrap elementor-element-populated\">\n\t\t\t\t\t\t<div class=\"elementor-element elementor-element-fedc2ff elementor-widget elementor-widget-text-editor\" data-id=\"fedc2ff\" data-element_type=\"widget\" data-widget_type=\"text-editor.default\">\n\t\t\t\t<div class=\"elementor-widget-container\">\n\t\t\t\t\t\t\t\t\t<p>Comme pour tous les espaces de vente et d\u2019accueil, l\u2019agencement est \u00e0 adapter \u00e0 la surface et la configuration des locaux. L\u00e0 aussi nos cr\u00e9atifs ont r\u00e9fl\u00e9chi \u00e0 des produits \u201ctout terrain\u201d, au sens o\u00f9 ils sont utiles et efficaces quel que soit le local.<\/p>\t\t\t\t\t\t\t\t<\/div>\n\t\t\t\t<\/div>\n\t\t\t\t\t<\/div>\n\t\t<\/div>\n\t\t\t\t\t<\/div>\n\t\t<\/section>\n\t\t\t\t<section class=\"elementor-section elementor-top-section elementor-element elementor-element-aaa04b4 elementor-section-boxed elementor-section-height-default elementor-section-height-default\" data-id=\"aaa04b4\" data-element_type=\"section\">\n\t\t\t\t\t\t<div class=\"elementor-container elementor-column-gap-default\">\n\t\t\t\t\t<div class=\"elementor-column elementor-col-100 elementor-top-column elementor-element elementor-element-1b34b9c\" data-id=\"1b34b9c\" data-element_type=\"column\">\n\t\t\t<div class=\"elementor-widget-wrap elementor-element-populated\">\n\t\t\t\t\t\t<div class=\"elementor-element elementor-element-d852d70 elementor-widget elementor-widget-image\" data-id=\"d852d70\" data-element_type=\"widget\" data-widget_type=\"image.default\">\n\t\t\t\t<div class=\"elementor-widget-container\">\n\t\t\t\t\t\t\t\t\t\t\t\t\t\t\t<img decoding=\"async\" width=\"700\" height=\"534\" src=\"https:\/\/www.macapflag.com\/blog\/wp-content\/uploads\/2022\/04\/deco-facile-salon-barber-shop-barbier.jpg\" class=\"attachment-large size-large wp-image-10066\" alt=\"Supports de communication pour d\u00e9corer un barbershop\" \/>\t\t\t\t\t\t\t\t\t\t\t\t\t\t\t<\/div>\n\t\t\t\t<\/div>\n\t\t\t\t\t<\/div>\n\t\t<\/div>\n\t\t\t\t\t<\/div>\n\t\t<\/section>\n\t\t\t\t<section class=\"elementor-section elementor-top-section elementor-element elementor-element-b3e05f7 elementor-section-boxed elementor-section-height-default elementor-section-height-default\" data-id=\"b3e05f7\" data-element_type=\"section\">\n\t\t\t\t\t\t<div class=\"elementor-container elementor-column-gap-default\">\n\t\t\t\t\t<div class=\"elementor-column elementor-col-100 elementor-top-column elementor-element elementor-element-31bd28f\" data-id=\"31bd28f\" data-element_type=\"column\">\n\t\t\t<div class=\"elementor-widget-wrap elementor-element-populated\">\n\t\t\t\t\t\t<div class=\"elementor-element elementor-element-a8f6472 elementor-widget elementor-widget-text-editor\" data-id=\"a8f6472\" data-element_type=\"widget\" data-widget_type=\"text-editor.default\">\n\t\t\t\t<div class=\"elementor-widget-container\">\n\t\t\t\t\t\t\t\t\t<h3>Profitez de l&#8217;opportunit\u00e9 d&#8217;affichage du cadre alu toile tendue mural<\/h3>\t\t\t\t\t\t\t\t<\/div>\n\t\t\t\t<\/div>\n\t\t\t\t\t<\/div>\n\t\t<\/div>\n\t\t\t\t\t<\/div>\n\t\t<\/section>\n\t\t\t\t<section class=\"elementor-section elementor-top-section elementor-element elementor-element-a1df080 elementor-section-boxed elementor-section-height-default elementor-section-height-default\" data-id=\"a1df080\" data-element_type=\"section\">\n\t\t\t\t\t\t<div class=\"elementor-container elementor-column-gap-default\">\n\t\t\t\t\t<div class=\"elementor-column elementor-col-100 elementor-top-column elementor-element elementor-element-70ec34f\" data-id=\"70ec34f\" data-element_type=\"column\">\n\t\t\t<div class=\"elementor-widget-wrap elementor-element-populated\">\n\t\t\t\t\t\t<div class=\"elementor-element elementor-element-83bebe9 elementor-widget elementor-widget-text-editor\" data-id=\"83bebe9\" data-element_type=\"widget\" data-widget_type=\"text-editor.default\">\n\t\t\t\t<div class=\"elementor-widget-container\">\n\t\t\t\t\t\t\t\t\t<p>Ce support d\u2019affichage est d\u2019un esth\u00e9tisme particuli\u00e8rement qualitatif. Son visuel textile est personnalisable par impression sur toute la surface. Vous pouvez choisir d\u2019y imprimer une magnifique photo ou un dessin avec un rendu haute d\u00e9finition. <br \/>La structure du cadre est propos\u00e9e en diff\u00e9rentes dimensions standards mais peut tout \u00e0 fait \u00eatre fabriqu\u00e9e sur mesure aux dimensions que vous aurez choisies. Sur le pourtour du visuel textile, un jonc est cousu pour \u00eatre ins\u00e9r\u00e9 dans la glissi\u00e8re du cadre. Cette installation simple et rapide vous offre l\u2019opportunit\u00e9 de changer vous-m\u00eame les visuels du cadre lorsque vous le souhaitez. Comme pour de nombreux supports de communication propos\u00e9s par Macap, le visuel du cadre toile tendue est interchangeable \u00e0 souhait. Il vous permet ainsi de renouveler r\u00e9guli\u00e8rement votre d\u00e9coration de fa\u00e7on \u00e9conomique.<\/p>\t\t\t\t\t\t\t\t<\/div>\n\t\t\t\t<\/div>\n\t\t\t\t\t<\/div>\n\t\t<\/div>\n\t\t\t\t\t<\/div>\n\t\t<\/section>\n\t\t\t\t<section class=\"elementor-section elementor-top-section elementor-element elementor-element-dd1f3a4 elementor-section-boxed elementor-section-height-default elementor-section-height-default\" data-id=\"dd1f3a4\" data-element_type=\"section\">\n\t\t\t\t\t\t<div class=\"elementor-container elementor-column-gap-default\">\n\t\t\t\t\t<div class=\"elementor-column elementor-col-100 elementor-top-column elementor-element elementor-element-e5df177\" data-id=\"e5df177\" data-element_type=\"column\">\n\t\t\t<div class=\"elementor-widget-wrap elementor-element-populated\">\n\t\t\t\t\t\t<div class=\"elementor-element elementor-element-08a62c6 elementor-widget elementor-widget-text-editor\" data-id=\"08a62c6\" data-element_type=\"widget\" data-widget_type=\"text-editor.default\">\n\t\t\t\t<div class=\"elementor-widget-container\">\n\t\t\t\t\t\t\t\t\t<h3>Ou du cadre alu toile tendue suspendu<\/h3>\t\t\t\t\t\t\t\t<\/div>\n\t\t\t\t<\/div>\n\t\t\t\t\t<\/div>\n\t\t<\/div>\n\t\t\t\t\t<\/div>\n\t\t<\/section>\n\t\t\t\t<section class=\"elementor-section elementor-top-section elementor-element elementor-element-034b74a elementor-section-boxed elementor-section-height-default elementor-section-height-default\" data-id=\"034b74a\" data-element_type=\"section\">\n\t\t\t\t\t\t<div class=\"elementor-container elementor-column-gap-default\">\n\t\t\t\t\t<div class=\"elementor-column elementor-col-100 elementor-top-column elementor-element elementor-element-ed0f47c\" data-id=\"ed0f47c\" data-element_type=\"column\">\n\t\t\t<div class=\"elementor-widget-wrap elementor-element-populated\">\n\t\t\t\t\t\t<div class=\"elementor-element elementor-element-2cd186f elementor-widget elementor-widget-text-editor\" data-id=\"2cd186f\" data-element_type=\"widget\" data-widget_type=\"text-editor.default\">\n\t\t\t\t<div class=\"elementor-widget-container\">\n\t\t\t\t\t\t\t\t\t<p>Ce cadre est un produit similaire au pr\u00e9c\u00e9dent, \u00e0 la diff\u00e9rence qu\u2019il est fix\u00e9 par des attaches au plafond. Il ne repose ni sur le sol ni sur les murs.<\/p><p>Le cadre toile tendue existe aussi dans d\u2019autres versions avec le cadre autoportant version classique ou version r\u00e9tro \u00e9clair\u00e9e et enfin le cadre modulable pliant autoportant.<\/p>\t\t\t\t\t\t\t\t<\/div>\n\t\t\t\t<\/div>\n\t\t\t\t\t<\/div>\n\t\t<\/div>\n\t\t\t\t\t<\/div>\n\t\t<\/section>\n\t\t\t\t<section class=\"elementor-section elementor-top-section elementor-element elementor-element-71e5a8b elementor-section-boxed elementor-section-height-default elementor-section-height-default\" data-id=\"71e5a8b\" data-element_type=\"section\">\n\t\t\t\t\t\t<div class=\"elementor-container elementor-column-gap-default\">\n\t\t\t\t\t<div class=\"elementor-column elementor-col-100 elementor-top-column elementor-element elementor-element-e98b076\" data-id=\"e98b076\" data-element_type=\"column\">\n\t\t\t<div class=\"elementor-widget-wrap elementor-element-populated\">\n\t\t\t\t\t\t<div class=\"elementor-element elementor-element-db85ae7 elementor-widget elementor-widget-text-editor\" data-id=\"db85ae7\" data-element_type=\"widget\" data-widget_type=\"text-editor.default\">\n\t\t\t\t<div class=\"elementor-widget-container\">\n\t\t\t\t\t\t\t\t\t<h3>Soyez malin avec le rideau imprim\u00e9<\/h3>\t\t\t\t\t\t\t\t<\/div>\n\t\t\t\t<\/div>\n\t\t\t\t\t<\/div>\n\t\t<\/div>\n\t\t\t\t\t<\/div>\n\t\t<\/section>\n\t\t\t\t<section class=\"elementor-section elementor-top-section elementor-element elementor-element-76feb7d elementor-section-boxed elementor-section-height-default elementor-section-height-default\" data-id=\"76feb7d\" data-element_type=\"section\">\n\t\t\t\t\t\t<div class=\"elementor-container elementor-column-gap-default\">\n\t\t\t\t\t<div class=\"elementor-column elementor-col-100 elementor-top-column elementor-element elementor-element-cfb34cc\" data-id=\"cfb34cc\" data-element_type=\"column\">\n\t\t\t<div class=\"elementor-widget-wrap elementor-element-populated\">\n\t\t\t\t\t\t<div class=\"elementor-element elementor-element-75fdaae elementor-widget elementor-widget-text-editor\" data-id=\"75fdaae\" data-element_type=\"widget\" data-widget_type=\"text-editor.default\">\n\t\t\t\t<div class=\"elementor-widget-container\">\n\t\t\t\t\t\t\t\t\t<p>Pour fermer facilement un espace ou pour en d\u00e9limiter certains autres, le rideau personnalis\u00e9 est le produit parfait. Fabriqu\u00e9 dans une mati\u00e8re \u00e9paisse avec un dos noir occultant, la face recto est totalement personnalis\u00e9e par une impression de haute qualit\u00e9. L\u00e0 aussi, image, photo, graphisme, texte, tout est possible !<br \/>R\u00e9alis\u00e9 aux dimensions de votre choix, le <a href=\"https:\/\/www.macapflag.com\/kakemono-suspendu-rideau\/790451-rideau.html\"><strong><span style=\"color: #3366ff;\">rideau<\/span> <\/strong><\/a>est dot\u00e9 de gros \u0153illets en m\u00e9tal dispos\u00e9s tous les 15 cm sur toute la largeur du produit.<\/p>\t\t\t\t\t\t\t\t<\/div>\n\t\t\t\t<\/div>\n\t\t\t\t\t<\/div>\n\t\t<\/div>\n\t\t\t\t\t<\/div>\n\t\t<\/section>\n\t\t\t\t<section class=\"elementor-section elementor-top-section elementor-element elementor-element-6e70164 elementor-section-boxed elementor-section-height-default elementor-section-height-default\" data-id=\"6e70164\" data-element_type=\"section\">\n\t\t\t\t\t\t<div class=\"elementor-container elementor-column-gap-default\">\n\t\t\t\t\t<div class=\"elementor-column elementor-col-100 elementor-top-column elementor-element elementor-element-6bb24ee\" data-id=\"6bb24ee\" data-element_type=\"column\">\n\t\t\t<div class=\"elementor-widget-wrap elementor-element-populated\">\n\t\t\t\t\t\t<div class=\"elementor-element elementor-element-14bde9f elementor-widget elementor-widget-text-editor\" data-id=\"14bde9f\" data-element_type=\"widget\" data-widget_type=\"text-editor.default\">\n\t\t\t\t<div class=\"elementor-widget-container\">\n\t\t\t\t\t\t\t\t\t<h3>Et toujours&#8230;. Le kak\u00e9mono suspendu<\/h3>\t\t\t\t\t\t\t\t<\/div>\n\t\t\t\t<\/div>\n\t\t\t\t\t<\/div>\n\t\t<\/div>\n\t\t\t\t\t<\/div>\n\t\t<\/section>\n\t\t\t\t<section class=\"elementor-section elementor-top-section elementor-element elementor-element-e9cd10f elementor-section-boxed elementor-section-height-default elementor-section-height-default\" data-id=\"e9cd10f\" data-element_type=\"section\">\n\t\t\t\t\t\t<div class=\"elementor-container elementor-column-gap-default\">\n\t\t\t\t\t<div class=\"elementor-column elementor-col-100 elementor-top-column elementor-element elementor-element-33cde59\" data-id=\"33cde59\" data-element_type=\"column\">\n\t\t\t<div class=\"elementor-widget-wrap elementor-element-populated\">\n\t\t\t\t\t\t<div class=\"elementor-element elementor-element-36170ec elementor-widget elementor-widget-text-editor\" data-id=\"36170ec\" data-element_type=\"widget\" data-widget_type=\"text-editor.default\">\n\t\t\t\t<div class=\"elementor-widget-container\">\n\t\t\t\t\t\t\t\t\t<p>D\u00e9j\u00e0 pr\u00e9sent\u00e9 comme un \u00e9l\u00e9ment de d\u00e9coration de vitrine, il peut \u00e9galement trouver sa place \u00e0 l\u2019int\u00e9rieur du salon.<\/p>\t\t\t\t\t\t\t\t<\/div>\n\t\t\t\t<\/div>\n\t\t\t\t\t<\/div>\n\t\t<\/div>\n\t\t\t\t\t<\/div>\n\t\t<\/section>\n\t\t\t\t<section class=\"elementor-section elementor-top-section elementor-element elementor-element-8ead564 elementor-section-boxed elementor-section-height-default elementor-section-height-default\" data-id=\"8ead564\" data-element_type=\"section\">\n\t\t\t\t\t\t<div class=\"elementor-container elementor-column-gap-default\">\n\t\t\t\t\t<div class=\"elementor-column elementor-col-100 elementor-top-column elementor-element elementor-element-b797540\" data-id=\"b797540\" data-element_type=\"column\">\n\t\t\t<div class=\"elementor-widget-wrap elementor-element-populated\">\n\t\t\t\t\t\t<div class=\"elementor-element elementor-element-c64ceb6 elementor-widget-divider--view-line elementor-widget elementor-widget-divider\" data-id=\"c64ceb6\" data-element_type=\"widget\" data-widget_type=\"divider.default\">\n\t\t\t\t<div class=\"elementor-widget-container\">\n\t\t\t\t\t\t\t<div class=\"elementor-divider\">\n\t\t\t<span class=\"elementor-divider-separator\">\n\t\t\t\t\t\t<\/span>\n\t\t<\/div>\n\t\t\t\t\t\t<\/div>\n\t\t\t\t<\/div>\n\t\t\t\t\t<\/div>\n\t\t<\/div>\n\t\t\t\t\t<\/div>\n\t\t<\/section>\n\t\t\t\t<section class=\"elementor-section elementor-top-section elementor-element elementor-element-177b402 elementor-section-boxed elementor-section-height-default elementor-section-height-default\" data-id=\"177b402\" data-element_type=\"section\">\n\t\t\t\t\t\t<div class=\"elementor-container elementor-column-gap-default\">\n\t\t\t\t\t<div class=\"elementor-column elementor-col-100 elementor-top-column elementor-element elementor-element-a6f370e\" data-id=\"a6f370e\" data-element_type=\"column\">\n\t\t\t<div class=\"elementor-widget-wrap elementor-element-populated\">\n\t\t\t\t\t\t<div class=\"elementor-element elementor-element-7be128b elementor-widget elementor-widget-text-editor\" data-id=\"7be128b\" data-element_type=\"widget\" data-widget_type=\"text-editor.default\">\n\t\t\t\t<div class=\"elementor-widget-container\">\n\t\t\t\t\t\t\t\t\t<h2>Comment acheter facilement ces produits ?<\/h2>\t\t\t\t\t\t\t\t<\/div>\n\t\t\t\t<\/div>\n\t\t\t\t\t<\/div>\n\t\t<\/div>\n\t\t\t\t\t<\/div>\n\t\t<\/section>\n\t\t\t\t<section class=\"elementor-section elementor-top-section elementor-element elementor-element-e22a157 elementor-section-boxed elementor-section-height-default elementor-section-height-default\" data-id=\"e22a157\" data-element_type=\"section\">\n\t\t\t\t\t\t<div class=\"elementor-container elementor-column-gap-default\">\n\t\t\t\t\t<div class=\"elementor-column elementor-col-100 elementor-top-column elementor-element elementor-element-0138ff3\" data-id=\"0138ff3\" data-element_type=\"column\">\n\t\t\t<div class=\"elementor-widget-wrap elementor-element-populated\">\n\t\t\t\t\t\t<div class=\"elementor-element elementor-element-5938d1f elementor-widget elementor-widget-text-editor\" data-id=\"5938d1f\" data-element_type=\"widget\" data-widget_type=\"text-editor.default\">\n\t\t\t\t<div class=\"elementor-widget-container\">\n\t\t\t\t\t\t\t\t\t<p>Pour commander en ligne vos supports de communication de PLV sp\u00e9cial barbier, 3 options simples et pratiques s\u2019offrent \u00e0 vous en quelques clics :<\/p>\t\t\t\t\t\t\t\t<\/div>\n\t\t\t\t<\/div>\n\t\t\t\t\t<\/div>\n\t\t<\/div>\n\t\t\t\t\t<\/div>\n\t\t<\/section>\n\t\t\t\t<section class=\"elementor-section elementor-top-section elementor-element elementor-element-fb4d312 elementor-section-boxed elementor-section-height-default elementor-section-height-default\" data-id=\"fb4d312\" data-element_type=\"section\">\n\t\t\t\t\t\t<div class=\"elementor-container elementor-column-gap-default\">\n\t\t\t\t\t<div class=\"elementor-column elementor-col-100 elementor-top-column elementor-element elementor-element-0af59d5\" data-id=\"0af59d5\" data-element_type=\"column\">\n\t\t\t<div class=\"elementor-widget-wrap elementor-element-populated\">\n\t\t\t\t\t\t<div class=\"elementor-element elementor-element-54a2a40 elementor-widget elementor-widget-text-editor\" data-id=\"54a2a40\" data-element_type=\"widget\" data-widget_type=\"text-editor.default\">\n\t\t\t\t<div class=\"elementor-widget-container\">\n\t\t\t\t\t\t\t\t\t<h3>1 &#8211; Vous souhaitez commander un support d\u2019affichage avec votre propre cr\u00e9ation<\/h3>\t\t\t\t\t\t\t\t<\/div>\n\t\t\t\t<\/div>\n\t\t\t\t\t<\/div>\n\t\t<\/div>\n\t\t\t\t\t<\/div>\n\t\t<\/section>\n\t\t\t\t<section class=\"elementor-section elementor-top-section elementor-element elementor-element-13b5688 elementor-section-boxed elementor-section-height-default elementor-section-height-default\" data-id=\"13b5688\" data-element_type=\"section\">\n\t\t\t\t\t\t<div class=\"elementor-container elementor-column-gap-default\">\n\t\t\t\t\t<div class=\"elementor-column elementor-col-100 elementor-top-column elementor-element elementor-element-e10b834\" data-id=\"e10b834\" data-element_type=\"column\">\n\t\t\t<div class=\"elementor-widget-wrap elementor-element-populated\">\n\t\t\t\t\t\t<div class=\"elementor-element elementor-element-647ae67 elementor-widget elementor-widget-text-editor\" data-id=\"647ae67\" data-element_type=\"widget\" data-widget_type=\"text-editor.default\">\n\t\t\t\t<div class=\"elementor-widget-container\">\n\t\t\t\t\t\t\t\t\t<p>Rendez-vous dans notre rubrique \u201c<a href=\"https:\/\/www.macapflag.com\/325-produits-personnalises\"><strong><span style=\"color: #3366ff;\">Produits personnalis\u00e9s<\/span><\/strong><\/a>\u201d pour s\u00e9lectionner le produit de votre choix. S\u00e9lectionnez les options propos\u00e9es (dimensions, finitions, montage etc) puis cliquez sur le bouton \u201cAjouter au devis\u201d. D\u00e8s r\u00e9ception de votre demande, notre \u00e9quipe commerciale vous adressera une offre de prix personnalis\u00e9e \u00e0 accepter. Il ne vous restera ensuite plus qu\u2019\u00e0 t\u00e9l\u00e9charger votre fichier d\u2019impression pour recevoir un BAT d\u00e9finitif avant le lancement de la fabrication.<\/p>\t\t\t\t\t\t\t\t<\/div>\n\t\t\t\t<\/div>\n\t\t\t\t\t<\/div>\n\t\t<\/div>\n\t\t\t\t\t<\/div>\n\t\t<\/section>\n\t\t\t\t<section class=\"elementor-section elementor-top-section elementor-element elementor-element-33bcb5d elementor-section-boxed elementor-section-height-default elementor-section-height-default\" data-id=\"33bcb5d\" data-element_type=\"section\">\n\t\t\t\t\t\t<div class=\"elementor-container elementor-column-gap-default\">\n\t\t\t\t\t<div class=\"elementor-column elementor-col-100 elementor-top-column elementor-element elementor-element-7360484\" data-id=\"7360484\" data-element_type=\"column\">\n\t\t\t<div class=\"elementor-widget-wrap elementor-element-populated\">\n\t\t\t\t\t\t<div class=\"elementor-element elementor-element-2a02a33 elementor-widget elementor-widget-text-editor\" data-id=\"2a02a33\" data-element_type=\"widget\" data-widget_type=\"text-editor.default\">\n\t\t\t\t<div class=\"elementor-widget-container\">\n\t\t\t\t\t\t\t\t\t<h3>2 &#8211; Vous souhaitez profiter de notre outil de personnalisation en ligne<\/h3>\t\t\t\t\t\t\t\t<\/div>\n\t\t\t\t<\/div>\n\t\t\t\t\t<\/div>\n\t\t<\/div>\n\t\t\t\t\t<\/div>\n\t\t<\/section>\n\t\t\t\t<section class=\"elementor-section elementor-top-section elementor-element elementor-element-ff0a78d elementor-section-boxed elementor-section-height-default elementor-section-height-default\" data-id=\"ff0a78d\" data-element_type=\"section\">\n\t\t\t\t\t\t<div class=\"elementor-container elementor-column-gap-default\">\n\t\t\t\t\t<div class=\"elementor-column elementor-col-100 elementor-top-column elementor-element elementor-element-f43a364\" data-id=\"f43a364\" data-element_type=\"column\">\n\t\t\t<div class=\"elementor-widget-wrap elementor-element-populated\">\n\t\t\t\t\t\t<div class=\"elementor-element elementor-element-a11c5e9 elementor-widget elementor-widget-text-editor\" data-id=\"a11c5e9\" data-element_type=\"widget\" data-widget_type=\"text-editor.default\">\n\t\t\t\t<div class=\"elementor-widget-container\">\n\t\t\t\t\t\t\t\t\t<p>Dans le menu \u201cVotre design\u201d, choisissez l\u2019option \u201c<a href=\"https:\/\/www.macapflag.com\/335-creer-votre-design\"><strong><span style=\"color: #3366ff;\">cr\u00e9er votre design en ligne\/ je personnalise<\/span><\/strong><\/a>\u201d. S\u00e9lectionnez le produit de votre choix et cr\u00e9ez votre design en utilisant les diff\u00e9rents outils mis \u00e0 votre disposition. Retrouvez dans la liste des designs propos\u00e9s, les mod\u00e8les \u201cbarbier\u201d. Appropriez-vous les \u00e9l\u00e9ments comme bon vous semble. D\u00e9formez, changez la disposition, \u00e9crivez vos textes, personnalisez vos coordonn\u00e9es, amusez-vous en cr\u00e9ant vos supports de communication.<\/p>\t\t\t\t\t\t\t\t<\/div>\n\t\t\t\t<\/div>\n\t\t\t\t\t<\/div>\n\t\t<\/div>\n\t\t\t\t\t<\/div>\n\t\t<\/section>\n\t\t\t\t<section class=\"elementor-section elementor-top-section elementor-element elementor-element-e04f07c elementor-section-boxed elementor-section-height-default elementor-section-height-default\" data-id=\"e04f07c\" data-element_type=\"section\">\n\t\t\t\t\t\t<div class=\"elementor-container elementor-column-gap-default\">\n\t\t\t\t\t<div class=\"elementor-column elementor-col-100 elementor-top-column elementor-element elementor-element-2fbc12c\" data-id=\"2fbc12c\" data-element_type=\"column\">\n\t\t\t<div class=\"elementor-widget-wrap elementor-element-populated\">\n\t\t\t\t\t\t<div class=\"elementor-element elementor-element-c6460ed elementor-widget elementor-widget-image\" data-id=\"c6460ed\" data-element_type=\"widget\" data-widget_type=\"image.default\">\n\t\t\t\t<div class=\"elementor-widget-container\">\n\t\t\t\t\t\t\t\t\t\t\t\t<figure class=\"wp-caption\">\n\t\t\t\t\t\t\t\t\t\t\t<a href=\"https:\/\/www.macapflag.com\/335-creer-votre-design\">\n\t\t\t\t\t\t\t<img loading=\"lazy\" decoding=\"async\" width=\"700\" height=\"534\" src=\"https:\/\/www.macapflag.com\/blog\/wp-content\/uploads\/2022\/04\/plv-barber-shop.jpg\" class=\"attachment-large size-large wp-image-10098\" alt=\"PLV Barbier inspiration\" srcset=\"https:\/\/www.macapflag.com\/blog\/wp-content\/uploads\/2022\/04\/plv-barber-shop.jpg 700w, https:\/\/www.macapflag.com\/blog\/wp-content\/uploads\/2022\/04\/plv-barber-shop-300x229.jpg 300w\" sizes=\"(max-width: 700px) 100vw, 700px\" \/>\t\t\t\t\t\t\t\t<\/a>\n\t\t\t\t\t\t\t\t\t\t\t<figcaption class=\"widget-image-caption wp-caption-text\">Exemples de produits cr\u00e9es gr\u00e2ce \u00e0 nos visuels gratuitement mis \u00e0 votre disposition<\/figcaption>\n\t\t\t\t\t\t\t\t\t\t<\/figure>\n\t\t\t\t\t\t\t\t\t<\/div>\n\t\t\t\t<\/div>\n\t\t\t\t\t<\/div>\n\t\t<\/div>\n\t\t\t\t\t<\/div>\n\t\t<\/section>\n\t\t\t\t<section class=\"elementor-section elementor-top-section elementor-element elementor-element-7211d03 elementor-section-boxed elementor-section-height-default elementor-section-height-default\" data-id=\"7211d03\" data-element_type=\"section\">\n\t\t\t\t\t\t<div class=\"elementor-container elementor-column-gap-default\">\n\t\t\t\t\t<div class=\"elementor-column elementor-col-100 elementor-top-column elementor-element elementor-element-ff86e85\" data-id=\"ff86e85\" data-element_type=\"column\">\n\t\t\t<div class=\"elementor-widget-wrap elementor-element-populated\">\n\t\t\t\t\t\t<div class=\"elementor-element elementor-element-c42b754 elementor-widget elementor-widget-text-editor\" data-id=\"c42b754\" data-element_type=\"widget\" data-widget_type=\"text-editor.default\">\n\t\t\t\t<div class=\"elementor-widget-container\">\n\t\t\t\t\t\t\t\t\t<h3>3 &#8211; Vous souhaitez commander des supports d\u2019affichage d\u00e9j\u00e0 cr\u00e9\u00e9s ?<\/h3>\t\t\t\t\t\t\t\t<\/div>\n\t\t\t\t<\/div>\n\t\t\t\t\t<\/div>\n\t\t<\/div>\n\t\t\t\t\t<\/div>\n\t\t<\/section>\n\t\t\t\t<section class=\"elementor-section elementor-top-section elementor-element elementor-element-d9af99f elementor-section-boxed elementor-section-height-default elementor-section-height-default\" data-id=\"d9af99f\" data-element_type=\"section\">\n\t\t\t\t\t\t<div class=\"elementor-container elementor-column-gap-default\">\n\t\t\t\t\t<div class=\"elementor-column elementor-col-100 elementor-top-column elementor-element elementor-element-b5fa875\" data-id=\"b5fa875\" data-element_type=\"column\">\n\t\t\t<div class=\"elementor-widget-wrap elementor-element-populated\">\n\t\t\t\t\t\t<div class=\"elementor-element elementor-element-398ec2c elementor-widget elementor-widget-text-editor\" data-id=\"398ec2c\" data-element_type=\"widget\" data-widget_type=\"text-editor.default\">\n\t\t\t\t<div class=\"elementor-widget-container\">\n\t\t\t\t\t\t\t\t\t<p>La rubrique \u201cVotre design\u201d vous offre une option \u201c<span style=\"color: #000000;\">Choisir un design\/ je trouve\u201d dans laqu<\/span>elle figurent une multitude de produits au design original class\u00e9s par cat\u00e9gories. S\u00e9lectionnez l\u2019option \u201cPLV commerce et magasin\u201d, puis \u201c<a href=\"https:\/\/www.macapflag.com\/334-choisir-un-design\/s-31\/sous_categories-plv_commerce_et_magasin\/thematiques-beaute_spa\"><strong><span style=\"color: #3366ff;\">Beaut\u00e9 &amp; Spa<\/span><\/strong><\/a>\u201d pour acc\u00e9der aux visuels cr\u00e9\u00e9s sur la th\u00e9matique du salon de barbier.<\/p><p>Et bien \u00e9videmment, pour toute demande d\u2019informations ou pour un projet sp\u00e9cifique, notre \u00e9quipe commerciale est \u00e0 votre disposition du Lundi au Vendredi de 9h00 \u00e0 1800 pour vous accompagner. Contactez-les par t\u00e9l\u00e9phone au 04.94.48.50.57 ou par e.mail \u00e0 l\u2019adresse <strong><span style=\"color: #3366ff;\"><a style=\"color: #3366ff;\" href=\"mailto:contact@macapflag.com\">contact@macapflag.com<\/a><\/span><\/strong><\/p>\t\t\t\t\t\t\t\t<\/div>\n\t\t\t\t<\/div>\n\t\t\t\t\t<\/div>\n\t\t<\/div>\n\t\t\t\t\t<\/div>\n\t\t<\/section>\n\t\t\t\t<section class=\"elementor-section elementor-top-section elementor-element elementor-element-260dd40 elementor-section-boxed elementor-section-height-default elementor-section-height-default\" data-id=\"260dd40\" data-element_type=\"section\">\n\t\t\t\t\t\t<div class=\"elementor-container elementor-column-gap-default\">\n\t\t\t\t\t<div class=\"elementor-column elementor-col-50 elementor-top-column elementor-element elementor-element-ef54d84\" data-id=\"ef54d84\" data-element_type=\"column\">\n\t\t\t<div class=\"elementor-widget-wrap elementor-element-populated\">\n\t\t\t\t\t\t<div class=\"elementor-element elementor-element-2961a59 elementor-widget elementor-widget-shortcode\" data-id=\"2961a59\" data-element_type=\"widget\" data-widget_type=\"shortcode.default\">\n\t\t\t\t<div class=\"elementor-widget-container\">\n\t\t\t\t\t\t\t<div class=\"elementor-shortcode\"><div class=\"container p-0 m-0\">\n    <div class=\"row m-0 border\">\n        <div class=\"col-12 grid-didpd-body text-center\">\n            <img decoding=\"async\" src=\"https:\/\/www.macapflag.com\/1858079-home_default\/beach-flag-oriflamme-classique-28-mvisuel-barbier-modele-1.jpg\" alt=\"Vente Beach Flag Sp&eacute;cial Barbier 2.80 m\" class=\"mx-auto\" \/>\n            <div class=\"grid-didpd-text\">\n                <a href=\"https:\/\/www.macapflag.com\/plv-commerce-et-magasin\/791845-beach-flag-oriflamme-classique-28-mvisuel-barbier-modele-1.html\" target=\"_blank\" class=\"stretched-link\">\n                    <h3>Vente Beach Flag Sp\u00e9cial Barbier 2.80 m<\/h3>\n                <\/a>\n            <\/div>\n                                    <div class=\"text-center\">\n                <button class=\"btn btn-primary\">J'ach\u00e8te<\/button>\n            <\/div>\n        <\/div>\n    <\/div>\n<\/div>\n<\/div>\n\t\t\t\t\t\t<\/div>\n\t\t\t\t<\/div>\n\t\t\t\t\t<\/div>\n\t\t<\/div>\n\t\t\t\t<div class=\"elementor-column elementor-col-50 elementor-top-column elementor-element elementor-element-78235b6\" data-id=\"78235b6\" data-element_type=\"column\">\n\t\t\t<div class=\"elementor-widget-wrap elementor-element-populated\">\n\t\t\t\t\t\t<div class=\"elementor-element elementor-element-8d2d69f elementor-widget elementor-widget-shortcode\" data-id=\"8d2d69f\" data-element_type=\"widget\" data-widget_type=\"shortcode.default\">\n\t\t\t\t<div class=\"elementor-widget-container\">\n\t\t\t\t\t\t\t<div class=\"elementor-shortcode\"><div class=\"container p-0 m-0\">\n    <div class=\"row m-0 border\">\n        <div class=\"col-12 grid-didpd-body text-center\">\n            <img decoding=\"async\" src=\"https:\/\/www.macapflag.com\/1858081-home_default\/roll-up-80x200-cmvisuel-barbier-modele-1.jpg\" alt=\"Vente Roll Up design Barber Shop\" class=\"mx-auto\" \/>\n            <div class=\"grid-didpd-text\">\n                <a href=\"https:\/\/www.macapflag.com\/plv-commerce-et-magasin\/791844-roll-up-80x200-cmvisuel-barbier-modele-1.html\" target=\"_blank\" class=\"stretched-link\">\n                    <h3>Vente Roll Up design Barber Shop<\/h3>\n                <\/a>\n            <\/div>\n                                    <div class=\"text-center\">\n                <button class=\"btn btn-primary\">J'ach\u00e8te<\/button>\n            <\/div>\n        <\/div>\n    <\/div>\n<\/div>\n<\/div>\n\t\t\t\t\t\t<\/div>\n\t\t\t\t<\/div>\n\t\t\t\t\t<\/div>\n\t\t<\/div>\n\t\t\t\t\t<\/div>\n\t\t<\/section>\n\t\t\t\t<section class=\"elementor-section elementor-top-section elementor-element elementor-element-a2ae696 elementor-section-boxed elementor-section-height-default elementor-section-height-default\" data-id=\"a2ae696\" data-element_type=\"section\">\n\t\t\t\t\t\t<div class=\"elementor-container elementor-column-gap-default\">\n\t\t\t\t\t<div class=\"elementor-column elementor-col-50 elementor-top-column elementor-element elementor-element-b5cc2b1\" data-id=\"b5cc2b1\" data-element_type=\"column\">\n\t\t\t<div class=\"elementor-widget-wrap elementor-element-populated\">\n\t\t\t\t\t\t<div class=\"elementor-element elementor-element-756fa2c elementor-widget elementor-widget-shortcode\" data-id=\"756fa2c\" data-element_type=\"widget\" data-widget_type=\"shortcode.default\">\n\t\t\t\t<div class=\"elementor-widget-container\">\n\t\t\t\t\t\t\t<div class=\"elementor-shortcode\"><div class=\"container p-0 m-0\">\n    <div class=\"row m-0 border\">\n        <div class=\"col-12 grid-didpd-body text-center\">\n            <img decoding=\"async\" src=\"https:\/\/www.macapflag.com\/1858087-home_default\/roll-up-80x200-cmvisuel-barbier-modele-2.jpg\" alt=\"Vente Roll Up sp&eacute;cial Barber Shop\" class=\"mx-auto\" \/>\n            <div class=\"grid-didpd-text\">\n                <a href=\"https:\/\/www.macapflag.com\/plv-commerce-et-magasin\/791839-roll-up-80x200-cmvisuel-barbier-modele-2.html\" target=\"_blank\" class=\"stretched-link\">\n                    <h3>Vente Roll Up sp\u00e9cial Barber Shop<\/h3>\n                <\/a>\n            <\/div>\n                                    <div class=\"text-center\">\n                <button class=\"btn btn-primary\">J'ach\u00e8te<\/button>\n            <\/div>\n        <\/div>\n    <\/div>\n<\/div>\n<\/div>\n\t\t\t\t\t\t<\/div>\n\t\t\t\t<\/div>\n\t\t\t\t\t<\/div>\n\t\t<\/div>\n\t\t\t\t<div class=\"elementor-column elementor-col-50 elementor-top-column elementor-element elementor-element-6332254\" data-id=\"6332254\" data-element_type=\"column\">\n\t\t\t<div class=\"elementor-widget-wrap elementor-element-populated\">\n\t\t\t\t\t\t<div class=\"elementor-element elementor-element-46e602a elementor-widget elementor-widget-shortcode\" data-id=\"46e602a\" data-element_type=\"widget\" data-widget_type=\"shortcode.default\">\n\t\t\t\t<div class=\"elementor-widget-container\">\n\t\t\t\t\t\t\t<div class=\"elementor-shortcode\"><div class=\"container p-0 m-0\">\n    <div class=\"row m-0 border\">\n        <div class=\"col-12 grid-didpd-body text-center\">\n            <img decoding=\"async\" src=\"https:\/\/www.macapflag.com\/1858085-home_default\/beach-flag-oriflamme-classique-28-mvisuel-barbier-modele-2.jpg\" alt=\"Vente Oriflamme print Barber Shop 2.80 m\" class=\"mx-auto\" \/>\n            <div class=\"grid-didpd-text\">\n                <a href=\"https:\/\/www.macapflag.com\/plv-commerce-et-magasin\/791841-beach-flag-oriflamme-classique-28-mvisuel-barbier-modele-2.html\" target=\"_blank\" class=\"stretched-link\">\n                    <h3>Vente Oriflamme print Barber Shop 2.80 m<\/h3>\n                <\/a>\n            <\/div>\n                                    <div class=\"text-center\">\n                <button class=\"btn btn-primary\">J'ach\u00e8te<\/button>\n            <\/div>\n        <\/div>\n    <\/div>\n<\/div>\n<\/div>\n\t\t\t\t\t\t<\/div>\n\t\t\t\t<\/div>\n\t\t\t\t\t<\/div>\n\t\t<\/div>\n\t\t\t\t\t<\/div>\n\t\t<\/section>\n\t\t\t\t<section class=\"elementor-section elementor-top-section elementor-element elementor-element-77dfbad elementor-section-boxed elementor-section-height-default elementor-section-height-default\" data-id=\"77dfbad\" data-element_type=\"section\">\n\t\t\t\t\t\t<div class=\"elementor-container elementor-column-gap-default\">\n\t\t\t\t\t<div class=\"elementor-column elementor-col-50 elementor-top-column elementor-element elementor-element-e6b6bb9\" data-id=\"e6b6bb9\" data-element_type=\"column\">\n\t\t\t<div class=\"elementor-widget-wrap elementor-element-populated\">\n\t\t\t\t\t\t<div class=\"elementor-element elementor-element-a8ff4c7 elementor-widget elementor-widget-shortcode\" data-id=\"a8ff4c7\" data-element_type=\"widget\" data-widget_type=\"shortcode.default\">\n\t\t\t\t<div class=\"elementor-widget-container\">\n\t\t\t\t\t\t\t<div class=\"elementor-shortcode\"><div class=\"container p-0 m-0\">\n    <div class=\"row m-0 border\">\n        <div class=\"col-12 grid-didpd-body text-center\">\n            <img decoding=\"async\" src=\"https:\/\/www.macapflag.com\/1858077-home_default\/banderole-pvc-oeillets-100x400-cmplv-barbier-modele-1.jpg\" alt=\"Vente Banderole design Barber Shop\" class=\"mx-auto\" \/>\n            <div class=\"grid-didpd-text\">\n                <a href=\"https:\/\/www.macapflag.com\/plv-commerce-et-magasin\/791847-banderole-pvc-oeillets-100x400-cmplv-barbier-modele-1.html\" target=\"_blank\" class=\"stretched-link\">\n                    <h3>Vente Banderole design Barber Shop<\/h3>\n                <\/a>\n            <\/div>\n                                    <div class=\"text-center\">\n                <button class=\"btn btn-primary\">J'ach\u00e8te<\/button>\n            <\/div>\n        <\/div>\n    <\/div>\n<\/div>\n<\/div>\n\t\t\t\t\t\t<\/div>\n\t\t\t\t<\/div>\n\t\t\t\t\t<\/div>\n\t\t<\/div>\n\t\t\t\t<div class=\"elementor-column elementor-col-50 elementor-top-column elementor-element elementor-element-e009a15\" data-id=\"e009a15\" data-element_type=\"column\">\n\t\t\t<div class=\"elementor-widget-wrap elementor-element-populated\">\n\t\t\t\t\t\t<div class=\"elementor-element elementor-element-75a4927 elementor-widget elementor-widget-shortcode\" data-id=\"75a4927\" data-element_type=\"widget\" data-widget_type=\"shortcode.default\">\n\t\t\t\t<div class=\"elementor-widget-container\">\n\t\t\t\t\t\t\t<div class=\"elementor-shortcode\"><div class=\"container p-0 m-0\">\n    <div class=\"row m-0 border\">\n        <div class=\"col-12 grid-didpd-body text-center\">\n            <img decoding=\"async\" src=\"https:\/\/www.macapflag.com\/1858083-home_default\/banderole-pvc-oeillets-100x400-cmplv-barbier-modele-2.jpg\" alt=\"Vente Banderole avec imprim&eacute; Barbier\" class=\"mx-auto\" \/>\n            <div class=\"grid-didpd-text\">\n                <a href=\"https:\/\/www.macapflag.com\/plv-commerce-et-magasin\/791840-banderole-pvc-oeillets-100x400-cmplv-barbier-modele-2.html\" target=\"_blank\" class=\"stretched-link\">\n                    <h3>Vente Banderole avec imprim\u00e9 Barbier<\/h3>\n                <\/a>\n            <\/div>\n                                    <div class=\"text-center\">\n                <button class=\"btn btn-primary\">J'ach\u00e8te<\/button>\n            <\/div>\n        <\/div>\n    <\/div>\n<\/div>\n<\/div>\n\t\t\t\t\t\t<\/div>\n\t\t\t\t<\/div>\n\t\t\t\t\t<\/div>\n\t\t<\/div>\n\t\t\t\t\t<\/div>\n\t\t<\/section>\n\t\t\t\t<\/div>\n\t\t","protected":false},"excerpt":{"rendered":"<div class=\"tmnf_excerpt\"><p>Les modes tiennent souvent \u00e0 peu de choses\u2026 Le port de la barbe et de la moustache a r\u00e9guli\u00e8rement \u00e9t\u00e9 dans l\u2019air du temps pour devenir ensuite plus d\u00e9suet et \u00eatre \u00e0 nouveau \u00e0 la mode quelques ann\u00e9es plus tard.Depuis quelques ann\u00e9es, la barbe sous toutes ses formes est totalement \u201cfashion\u201d : barbe de 3 &hellip;<\/p>\n<\/div>","protected":false},"author":2,"featured_media":10065,"comment_status":"closed","ping_status":"open","sticky":false,"template":"template-fullwidth.php","format":"standard","meta":{"footnotes":""},"categories":[90],"tags":[],"class_list":["post-10069","post","type-post","status-publish","format-standard","has-post-thumbnail","hentry","category-produits-et-sols"],"yoast_head":"<!-- This site is optimized with the Yoast SEO plugin v26.4 - https:\/\/yoast.com\/wordpress\/plugins\/seo\/ -->\n<title>La PLV id\u00e9ale pour la visibilit\u00e9 d&#039;un salon de barbier, barber shop<\/title>\n<meta name=\"description\" content=\"Une s\u00e9lection de supports 100% personnalisables pour assurer la visibilit\u00e9 et l&#039;agencement esth\u00e9tique d&#039;un salon de barbier ou barber shop\" \/>\n<meta name=\"robots\" content=\"index, follow, max-snippet:-1, max-image-preview:large, max-video-preview:-1\" \/>\n<link rel=\"canonical\" href=\"https:\/\/www.macapflag.com\/blog\/barbier\/\" \/>\n<meta property=\"og:locale\" content=\"fr_FR\" \/>\n<meta property=\"og:type\" content=\"article\" \/>\n<meta property=\"og:title\" content=\"La PLV id\u00e9ale pour la visibilit\u00e9 d&#039;un salon de barbier, barber shop\" \/>\n<meta property=\"og:description\" content=\"Une s\u00e9lection de supports 100% personnalisables pour assurer la visibilit\u00e9 et l&#039;agencement esth\u00e9tique d&#039;un salon de barbier ou barber shop\" \/>\n<meta property=\"og:url\" content=\"https:\/\/www.macapflag.com\/blog\/barbier\/\" \/>\n<meta property=\"og:site_name\" content=\"Blog - Macap\" \/>\n<meta property=\"article:publisher\" content=\"https:\/\/www.facebook.com\/macap.pavoisement\/\" \/>\n<meta property=\"article:published_time\" content=\"2022-04-19T08:19:52+00:00\" \/>\n<meta property=\"article:modified_time\" content=\"2022-04-19T08:27:49+00:00\" \/>\n<meta property=\"og:image\" content=\"https:\/\/www.macapflag.com\/blog\/wp-content\/uploads\/2022\/04\/communication-barber-shop-barbier-titre.jpg\" \/>\n\t<meta property=\"og:image:width\" content=\"870\" \/>\n\t<meta property=\"og:image:height\" content=\"600\" \/>\n\t<meta property=\"og:image:type\" content=\"image\/jpeg\" \/>\n<meta name=\"author\" content=\"Blog Macap\" \/>\n<meta name=\"twitter:card\" content=\"summary_large_image\" \/>\n<meta name=\"twitter:label1\" content=\"\u00c9crit par\" \/>\n\t<meta name=\"twitter:data1\" content=\"Blog Macap\" \/>\n\t<meta name=\"twitter:label2\" content=\"Dur\u00e9e de lecture estim\u00e9e\" \/>\n\t<meta name=\"twitter:data2\" content=\"11 minutes\" \/>\n<script type=\"application\/ld+json\" class=\"yoast-schema-graph\">{\"@context\":\"https:\/\/schema.org\",\"@graph\":[{\"@type\":\"Article\",\"@id\":\"https:\/\/www.macapflag.com\/blog\/barbier\/#article\",\"isPartOf\":{\"@id\":\"https:\/\/www.macapflag.com\/blog\/barbier\/\"},\"author\":{\"name\":\"Blog Macap\",\"@id\":\"https:\/\/www.macapflag.com\/blog\/#\/schema\/person\/3fea701f2603875e651e6b662578fc3c\"},\"headline\":\"La PLV id\u00e9ale pour un barbier\",\"datePublished\":\"2022-04-19T08:19:52+00:00\",\"dateModified\":\"2022-04-19T08:27:49+00:00\",\"mainEntityOfPage\":{\"@id\":\"https:\/\/www.macapflag.com\/blog\/barbier\/\"},\"wordCount\":1866,\"publisher\":{\"@id\":\"https:\/\/www.macapflag.com\/blog\/#organization\"},\"image\":{\"@id\":\"https:\/\/www.macapflag.com\/blog\/barbier\/#primaryimage\"},\"thumbnailUrl\":\"https:\/\/www.macapflag.com\/blog\/wp-content\/uploads\/2022\/04\/communication-barber-shop-barbier-titre.jpg\",\"articleSection\":[\"Produits &amp; Solutions\"],\"inLanguage\":\"fr-FR\"},{\"@type\":\"WebPage\",\"@id\":\"https:\/\/www.macapflag.com\/blog\/barbier\/\",\"url\":\"https:\/\/www.macapflag.com\/blog\/barbier\/\",\"name\":\"La PLV id\u00e9ale pour la visibilit\u00e9 d'un salon de barbier, barber shop\",\"isPartOf\":{\"@id\":\"https:\/\/www.macapflag.com\/blog\/#website\"},\"primaryImageOfPage\":{\"@id\":\"https:\/\/www.macapflag.com\/blog\/barbier\/#primaryimage\"},\"image\":{\"@id\":\"https:\/\/www.macapflag.com\/blog\/barbier\/#primaryimage\"},\"thumbnailUrl\":\"https:\/\/www.macapflag.com\/blog\/wp-content\/uploads\/2022\/04\/communication-barber-shop-barbier-titre.jpg\",\"datePublished\":\"2022-04-19T08:19:52+00:00\",\"dateModified\":\"2022-04-19T08:27:49+00:00\",\"description\":\"Une s\u00e9lection de supports 100% personnalisables pour assurer la visibilit\u00e9 et l'agencement esth\u00e9tique d'un salon de barbier ou barber shop\",\"breadcrumb\":{\"@id\":\"https:\/\/www.macapflag.com\/blog\/barbier\/#breadcrumb\"},\"inLanguage\":\"fr-FR\",\"potentialAction\":[{\"@type\":\"ReadAction\",\"target\":[\"https:\/\/www.macapflag.com\/blog\/barbier\/\"]}]},{\"@type\":\"ImageObject\",\"inLanguage\":\"fr-FR\",\"@id\":\"https:\/\/www.macapflag.com\/blog\/barbier\/#primaryimage\",\"url\":\"https:\/\/www.macapflag.com\/blog\/wp-content\/uploads\/2022\/04\/communication-barber-shop-barbier-titre.jpg\",\"contentUrl\":\"https:\/\/www.macapflag.com\/blog\/wp-content\/uploads\/2022\/04\/communication-barber-shop-barbier-titre.jpg\",\"width\":870,\"height\":600,\"caption\":\"Solutions simples et \u00e9conomiques pour la communication d'un salon de barbier\"},{\"@type\":\"BreadcrumbList\",\"@id\":\"https:\/\/www.macapflag.com\/blog\/barbier\/#breadcrumb\",\"itemListElement\":[{\"@type\":\"ListItem\",\"position\":1,\"name\":\"Accueil\",\"item\":\"https:\/\/www.macapflag.com\/blog\/\"},{\"@type\":\"ListItem\",\"position\":2,\"name\":\"La PLV id\u00e9ale pour un barbier\"}]},{\"@type\":\"WebSite\",\"@id\":\"https:\/\/www.macapflag.com\/blog\/#website\",\"url\":\"https:\/\/www.macapflag.com\/blog\/\",\"name\":\"Blog - Macap\",\"description\":\"Tous nos articles\",\"publisher\":{\"@id\":\"https:\/\/www.macapflag.com\/blog\/#organization\"},\"potentialAction\":[{\"@type\":\"SearchAction\",\"target\":{\"@type\":\"EntryPoint\",\"urlTemplate\":\"https:\/\/www.macapflag.com\/blog\/?s={search_term_string}\"},\"query-input\":{\"@type\":\"PropertyValueSpecification\",\"valueRequired\":true,\"valueName\":\"search_term_string\"}}],\"inLanguage\":\"fr-FR\"},{\"@type\":\"Organization\",\"@id\":\"https:\/\/www.macapflag.com\/blog\/#organization\",\"name\":\"macapflag\",\"url\":\"https:\/\/www.macapflag.com\/blog\/\",\"logo\":{\"@type\":\"ImageObject\",\"inLanguage\":\"fr-FR\",\"@id\":\"https:\/\/www.macapflag.com\/blog\/#\/schema\/logo\/image\/\",\"url\":\"https:\/\/www.macapflag.com\/blog\/wp-content\/uploads\/2020\/12\/cropped-M-512-1.png\",\"contentUrl\":\"https:\/\/www.macapflag.com\/blog\/wp-content\/uploads\/2020\/12\/cropped-M-512-1.png\",\"width\":512,\"height\":512,\"caption\":\"macapflag\"},\"image\":{\"@id\":\"https:\/\/www.macapflag.com\/blog\/#\/schema\/logo\/image\/\"},\"sameAs\":[\"https:\/\/www.facebook.com\/macap.pavoisement\/\",\"https:\/\/www.instagram.com\/macapflag\/?hl=fr\",\"https:\/\/www.linkedin.com\/company\/macap\/?originalSubdomain=fr\",\"https:\/\/www.youtube.com\/channel\/UCXNzTIdZh9poEBjSXEqDtNw\"]},{\"@type\":\"Person\",\"@id\":\"https:\/\/www.macapflag.com\/blog\/#\/schema\/person\/3fea701f2603875e651e6b662578fc3c\",\"name\":\"Blog Macap\",\"image\":{\"@type\":\"ImageObject\",\"inLanguage\":\"fr-FR\",\"@id\":\"https:\/\/www.macapflag.com\/blog\/#\/schema\/person\/image\/\",\"url\":\"https:\/\/secure.gravatar.com\/avatar\/c12551f2dc51f0db049633b03e7856985477a70da834cc8967dea4ce54bdd6a2?s=96&d=mm&r=g\",\"contentUrl\":\"https:\/\/secure.gravatar.com\/avatar\/c12551f2dc51f0db049633b03e7856985477a70da834cc8967dea4ce54bdd6a2?s=96&d=mm&r=g\",\"caption\":\"Blog Macap\"},\"url\":\"https:\/\/www.macapflag.com\/blog\/author\/macap\/\"}]}<\/script>\n<!-- \/ Yoast SEO plugin. -->","yoast_head_json":{"title":"La PLV id\u00e9ale pour la visibilit\u00e9 d'un salon de barbier, barber shop","description":"Une s\u00e9lection de supports 100% personnalisables pour assurer la visibilit\u00e9 et l'agencement esth\u00e9tique d'un salon de barbier ou barber shop","robots":{"index":"index","follow":"follow","max-snippet":"max-snippet:-1","max-image-preview":"max-image-preview:large","max-video-preview":"max-video-preview:-1"},"canonical":"https:\/\/www.macapflag.com\/blog\/barbier\/","og_locale":"fr_FR","og_type":"article","og_title":"La PLV id\u00e9ale pour la visibilit\u00e9 d'un salon de barbier, barber shop","og_description":"Une s\u00e9lection de supports 100% personnalisables pour assurer la visibilit\u00e9 et l'agencement esth\u00e9tique d'un salon de barbier ou barber shop","og_url":"https:\/\/www.macapflag.com\/blog\/barbier\/","og_site_name":"Blog - Macap","article_publisher":"https:\/\/www.facebook.com\/macap.pavoisement\/","article_published_time":"2022-04-19T08:19:52+00:00","article_modified_time":"2022-04-19T08:27:49+00:00","og_image":[{"width":870,"height":600,"url":"https:\/\/www.macapflag.com\/blog\/wp-content\/uploads\/2022\/04\/communication-barber-shop-barbier-titre.jpg","type":"image\/jpeg"}],"author":"Blog Macap","twitter_card":"summary_large_image","twitter_misc":{"\u00c9crit par":"Blog Macap","Dur\u00e9e de lecture estim\u00e9e":"11 minutes"},"schema":{"@context":"https:\/\/schema.org","@graph":[{"@type":"Article","@id":"https:\/\/www.macapflag.com\/blog\/barbier\/#article","isPartOf":{"@id":"https:\/\/www.macapflag.com\/blog\/barbier\/"},"author":{"name":"Blog Macap","@id":"https:\/\/www.macapflag.com\/blog\/#\/schema\/person\/3fea701f2603875e651e6b662578fc3c"},"headline":"La PLV id\u00e9ale pour un barbier","datePublished":"2022-04-19T08:19:52+00:00","dateModified":"2022-04-19T08:27:49+00:00","mainEntityOfPage":{"@id":"https:\/\/www.macapflag.com\/blog\/barbier\/"},"wordCount":1866,"publisher":{"@id":"https:\/\/www.macapflag.com\/blog\/#organization"},"image":{"@id":"https:\/\/www.macapflag.com\/blog\/barbier\/#primaryimage"},"thumbnailUrl":"https:\/\/www.macapflag.com\/blog\/wp-content\/uploads\/2022\/04\/communication-barber-shop-barbier-titre.jpg","articleSection":["Produits &amp; Solutions"],"inLanguage":"fr-FR"},{"@type":"WebPage","@id":"https:\/\/www.macapflag.com\/blog\/barbier\/","url":"https:\/\/www.macapflag.com\/blog\/barbier\/","name":"La PLV id\u00e9ale pour la visibilit\u00e9 d'un salon de barbier, barber shop","isPartOf":{"@id":"https:\/\/www.macapflag.com\/blog\/#website"},"primaryImageOfPage":{"@id":"https:\/\/www.macapflag.com\/blog\/barbier\/#primaryimage"},"image":{"@id":"https:\/\/www.macapflag.com\/blog\/barbier\/#primaryimage"},"thumbnailUrl":"https:\/\/www.macapflag.com\/blog\/wp-content\/uploads\/2022\/04\/communication-barber-shop-barbier-titre.jpg","datePublished":"2022-04-19T08:19:52+00:00","dateModified":"2022-04-19T08:27:49+00:00","description":"Une s\u00e9lection de supports 100% personnalisables pour assurer la visibilit\u00e9 et l'agencement esth\u00e9tique d'un salon de barbier ou barber shop","breadcrumb":{"@id":"https:\/\/www.macapflag.com\/blog\/barbier\/#breadcrumb"},"inLanguage":"fr-FR","potentialAction":[{"@type":"ReadAction","target":["https:\/\/www.macapflag.com\/blog\/barbier\/"]}]},{"@type":"ImageObject","inLanguage":"fr-FR","@id":"https:\/\/www.macapflag.com\/blog\/barbier\/#primaryimage","url":"https:\/\/www.macapflag.com\/blog\/wp-content\/uploads\/2022\/04\/communication-barber-shop-barbier-titre.jpg","contentUrl":"https:\/\/www.macapflag.com\/blog\/wp-content\/uploads\/2022\/04\/communication-barber-shop-barbier-titre.jpg","width":870,"height":600,"caption":"Solutions simples et \u00e9conomiques pour la communication d'un salon de barbier"},{"@type":"BreadcrumbList","@id":"https:\/\/www.macapflag.com\/blog\/barbier\/#breadcrumb","itemListElement":[{"@type":"ListItem","position":1,"name":"Accueil","item":"https:\/\/www.macapflag.com\/blog\/"},{"@type":"ListItem","position":2,"name":"La PLV id\u00e9ale pour un barbier"}]},{"@type":"WebSite","@id":"https:\/\/www.macapflag.com\/blog\/#website","url":"https:\/\/www.macapflag.com\/blog\/","name":"Blog - Macap","description":"Tous nos articles","publisher":{"@id":"https:\/\/www.macapflag.com\/blog\/#organization"},"potentialAction":[{"@type":"SearchAction","target":{"@type":"EntryPoint","urlTemplate":"https:\/\/www.macapflag.com\/blog\/?s={search_term_string}"},"query-input":{"@type":"PropertyValueSpecification","valueRequired":true,"valueName":"search_term_string"}}],"inLanguage":"fr-FR"},{"@type":"Organization","@id":"https:\/\/www.macapflag.com\/blog\/#organization","name":"macapflag","url":"https:\/\/www.macapflag.com\/blog\/","logo":{"@type":"ImageObject","inLanguage":"fr-FR","@id":"https:\/\/www.macapflag.com\/blog\/#\/schema\/logo\/image\/","url":"https:\/\/www.macapflag.com\/blog\/wp-content\/uploads\/2020\/12\/cropped-M-512-1.png","contentUrl":"https:\/\/www.macapflag.com\/blog\/wp-content\/uploads\/2020\/12\/cropped-M-512-1.png","width":512,"height":512,"caption":"macapflag"},"image":{"@id":"https:\/\/www.macapflag.com\/blog\/#\/schema\/logo\/image\/"},"sameAs":["https:\/\/www.facebook.com\/macap.pavoisement\/","https:\/\/www.instagram.com\/macapflag\/?hl=fr","https:\/\/www.linkedin.com\/company\/macap\/?originalSubdomain=fr","https:\/\/www.youtube.com\/channel\/UCXNzTIdZh9poEBjSXEqDtNw"]},{"@type":"Person","@id":"https:\/\/www.macapflag.com\/blog\/#\/schema\/person\/3fea701f2603875e651e6b662578fc3c","name":"Blog Macap","image":{"@type":"ImageObject","inLanguage":"fr-FR","@id":"https:\/\/www.macapflag.com\/blog\/#\/schema\/person\/image\/","url":"https:\/\/secure.gravatar.com\/avatar\/c12551f2dc51f0db049633b03e7856985477a70da834cc8967dea4ce54bdd6a2?s=96&d=mm&r=g","contentUrl":"https:\/\/secure.gravatar.com\/avatar\/c12551f2dc51f0db049633b03e7856985477a70da834cc8967dea4ce54bdd6a2?s=96&d=mm&r=g","caption":"Blog Macap"},"url":"https:\/\/www.macapflag.com\/blog\/author\/macap\/"}]}},"_links":{"self":[{"href":"https:\/\/www.macapflag.com\/blog\/wp-json\/wp\/v2\/posts\/10069","targetHints":{"allow":["GET"]}}],"collection":[{"href":"https:\/\/www.macapflag.com\/blog\/wp-json\/wp\/v2\/posts"}],"about":[{"href":"https:\/\/www.macapflag.com\/blog\/wp-json\/wp\/v2\/types\/post"}],"author":[{"embeddable":true,"href":"https:\/\/www.macapflag.com\/blog\/wp-json\/wp\/v2\/users\/2"}],"replies":[{"embeddable":true,"href":"https:\/\/www.macapflag.com\/blog\/wp-json\/wp\/v2\/comments?post=10069"}],"version-history":[{"count":62,"href":"https:\/\/www.macapflag.com\/blog\/wp-json\/wp\/v2\/posts\/10069\/revisions"}],"predecessor-version":[{"id":10132,"href":"https:\/\/www.macapflag.com\/blog\/wp-json\/wp\/v2\/posts\/10069\/revisions\/10132"}],"wp:featuredmedia":[{"embeddable":true,"href":"https:\/\/www.macapflag.com\/blog\/wp-json\/wp\/v2\/media\/10065"}],"wp:attachment":[{"href":"https:\/\/www.macapflag.com\/blog\/wp-json\/wp\/v2\/media?parent=10069"}],"wp:term":[{"taxonomy":"category","embeddable":true,"href":"https:\/\/www.macapflag.com\/blog\/wp-json\/wp\/v2\/categories?post=10069"},{"taxonomy":"post_tag","embeddable":true,"href":"https:\/\/www.macapflag.com\/blog\/wp-json\/wp\/v2\/tags?post=10069"}],"curies":[{"name":"wp","href":"https:\/\/api.w.org\/{rel}","templated":true}]}}