{"id":10575,"date":"2022-06-27T08:22:00","date_gmt":"2022-06-27T06:22:00","guid":{"rendered":"https:\/\/www.macapflag.com\/blog\/?p=10575"},"modified":"2022-06-27T10:27:44","modified_gmt":"2022-06-27T08:27:44","slug":"web-3","status":"publish","type":"post","link":"https:\/\/www.macapflag.com\/blog\/web-3\/","title":{"rendered":"Le web3, c&#8217;est quoi ?&#8230;"},"content":{"rendered":"\t\t<div data-elementor-type=\"wp-post\" data-elementor-id=\"10575\" class=\"elementor elementor-10575\">\n\t\t\t\t\t\t<section class=\"elementor-section elementor-top-section elementor-element elementor-element-fbb0cf6 elementor-section-boxed elementor-section-height-default elementor-section-height-default\" data-id=\"fbb0cf6\" data-element_type=\"section\">\n\t\t\t\t\t\t<div class=\"elementor-container elementor-column-gap-default\">\n\t\t\t\t\t<div class=\"elementor-column elementor-col-100 elementor-top-column elementor-element elementor-element-a4eeafa\" data-id=\"a4eeafa\" data-element_type=\"column\">\n\t\t\t<div class=\"elementor-widget-wrap elementor-element-populated\">\n\t\t\t\t\t\t<div class=\"elementor-element elementor-element-79a6824 elementor-widget elementor-widget-text-editor\" data-id=\"79a6824\" data-element_type=\"widget\" data-widget_type=\"text-editor.default\">\n\t\t\t\t<div class=\"elementor-widget-container\">\n\t\t\t\t\t\t\t\t\t<p>Internet a 30 ans, 30 ans pass\u00e9s m\u00eame, puisque si plusieurs dates officielles de cr\u00e9ation du fameux world wide web sont fr\u00e9quemment avanc\u00e9es, on retrouve le plus souvent celle de 1989.<br \/>30 ans mais aussi 3 phases ou versions successives qui d\u00e9butent avec :<\/p><ul><li>le web 1.0, celui de la naissance des sites internet avec du contenu majoritairement publi\u00e9 pour \u00eatre consult\u00e9.<\/li><li>\u00c0 partir de 2007, on parle du web 2.0 marqu\u00e9 par l\u2019interaction. On l\u2019appelle aussi l\u2019internet participatif avec l\u2019essor des m\u00e9dias sociaux et de ce que l\u2019on appelle le m-commerce. M-commerce est l\u2019abr\u00e9viation de \u201cmobile commerce\u201d en anglais. Cette sous-famille du e-commerce prend une ampleur ph\u00e9nom\u00e9nale avec le d\u00e9veloppement des ventes de smartphones.<\/li><li>Aujourd\u2019hui le concept du web 3.0 appara\u00eet comme la prochaine transformation d\u2019internet. Complet, innovant, d\u00e9centralis\u00e9, les d\u00e9finitions pour conceptualiser cette nouvelle version du web sont diverses, les avis quant \u00e0 son avenir aussi\u2026<\/li><\/ul>\t\t\t\t\t\t\t\t<\/div>\n\t\t\t\t<\/div>\n\t\t\t\t\t<\/div>\n\t\t<\/div>\n\t\t\t\t\t<\/div>\n\t\t<\/section>\n\t\t\t\t<section class=\"elementor-section elementor-top-section elementor-element elementor-element-7d40534 elementor-section-boxed elementor-section-height-default elementor-section-height-default\" data-id=\"7d40534\" data-element_type=\"section\">\n\t\t\t\t\t\t<div class=\"elementor-container elementor-column-gap-default\">\n\t\t\t\t\t<div class=\"elementor-column elementor-col-100 elementor-top-column elementor-element elementor-element-320f1c6\" data-id=\"320f1c6\" data-element_type=\"column\">\n\t\t\t<div class=\"elementor-widget-wrap elementor-element-populated\">\n\t\t\t\t\t\t<div class=\"elementor-element elementor-element-10d6127 elementor-widget elementor-widget-text-editor\" data-id=\"10d6127\" data-element_type=\"widget\" data-widget_type=\"text-editor.default\">\n\t\t\t\t<div class=\"elementor-widget-container\">\n\t\t\t\t\t\t\t\t\t<h2>Web3 et blockchain<\/h2>\t\t\t\t\t\t\t\t<\/div>\n\t\t\t\t<\/div>\n\t\t\t\t\t<\/div>\n\t\t<\/div>\n\t\t\t\t\t<\/div>\n\t\t<\/section>\n\t\t\t\t<section class=\"elementor-section elementor-top-section elementor-element elementor-element-45cde9c elementor-section-boxed elementor-section-height-default elementor-section-height-default\" data-id=\"45cde9c\" data-element_type=\"section\">\n\t\t\t\t\t\t<div class=\"elementor-container elementor-column-gap-default\">\n\t\t\t\t\t<div class=\"elementor-column elementor-col-100 elementor-top-column elementor-element elementor-element-a845fdf\" data-id=\"a845fdf\" data-element_type=\"column\">\n\t\t\t<div class=\"elementor-widget-wrap elementor-element-populated\">\n\t\t\t\t\t\t<div class=\"elementor-element elementor-element-c3a7f4d elementor-widget elementor-widget-text-editor\" data-id=\"c3a7f4d\" data-element_type=\"widget\" data-widget_type=\"text-editor.default\">\n\t\t\t\t<div class=\"elementor-widget-container\">\n\t\t\t\t\t\t\t\t\t<p style=\"text-align: justify;\">Le terme web3 est fr\u00e9quemment associ\u00e9 \u00e0 l\u2019adjectif \u201cd\u00e9centralis\u00e9\u201d. <br \/>Cette nouvelle version du web fonctionnerait gr\u00e2ce \u00e0 la fameuse blockchain que l\u2019on peut litt\u00e9ralement traduire par cha\u00eene de blocs. Une blockchain est une base de donn\u00e9es g\u00e9r\u00e9e de mani\u00e8re d\u00e9centralis\u00e9e puisqu\u2019elle ne d\u00e9pend d\u2019aucun pouvoir central. Ses donn\u00e9es sont toutes enregistr\u00e9es et stock\u00e9es sous forme de blocs, prot\u00e9g\u00e9s et li\u00e9s entre eux par des principes cryptographiques.<\/p>\t\t\t\t\t\t\t\t<\/div>\n\t\t\t\t<\/div>\n\t\t\t\t\t<\/div>\n\t\t<\/div>\n\t\t\t\t\t<\/div>\n\t\t<\/section>\n\t\t\t\t<section class=\"elementor-section elementor-top-section elementor-element elementor-element-e6e2413 elementor-section-boxed elementor-section-height-default elementor-section-height-default\" data-id=\"e6e2413\" data-element_type=\"section\">\n\t\t\t\t\t\t<div class=\"elementor-container elementor-column-gap-default\">\n\t\t\t\t\t<div class=\"elementor-column elementor-col-100 elementor-top-column elementor-element elementor-element-df0f6df\" data-id=\"df0f6df\" data-element_type=\"column\">\n\t\t\t<div class=\"elementor-widget-wrap elementor-element-populated\">\n\t\t\t\t\t\t<div class=\"elementor-element elementor-element-796ed57 elementor-widget elementor-widget-text-editor\" data-id=\"796ed57\" data-element_type=\"widget\" data-widget_type=\"text-editor.default\">\n\t\t\t\t<div class=\"elementor-widget-container\">\n\t\t\t\t\t\t\t\t\t<h2>Changement de paradigme<\/h2>\t\t\t\t\t\t\t\t<\/div>\n\t\t\t\t<\/div>\n\t\t\t\t\t<\/div>\n\t\t<\/div>\n\t\t\t\t\t<\/div>\n\t\t<\/section>\n\t\t\t\t<section class=\"elementor-section elementor-top-section elementor-element elementor-element-423b936 elementor-section-boxed elementor-section-height-default elementor-section-height-default\" data-id=\"423b936\" data-element_type=\"section\">\n\t\t\t\t\t\t<div class=\"elementor-container elementor-column-gap-default\">\n\t\t\t\t\t<div class=\"elementor-column elementor-col-100 elementor-top-column elementor-element elementor-element-93e4cf5\" data-id=\"93e4cf5\" data-element_type=\"column\">\n\t\t\t<div class=\"elementor-widget-wrap elementor-element-populated\">\n\t\t\t\t\t\t<div class=\"elementor-element elementor-element-4a3f685 elementor-widget elementor-widget-text-editor\" data-id=\"4a3f685\" data-element_type=\"widget\" data-widget_type=\"text-editor.default\">\n\t\t\t\t<div class=\"elementor-widget-container\">\n\t\t\t\t\t\t\t\t\t<p style=\"text-align: justify;\">La troisi\u00e8me version d\u2019internet prendrait donc vie selon ce principe de d\u00e9centralisation, de co-construction et de co-responsabilit\u00e9. Il permettrait alors aux internautes de contr\u00f4ler leurs propres donn\u00e9es et ainsi d\u2019\u00e9viter que les g\u00e9ants du web collectent une somme incontr\u00f4lable d\u2019informations personnelles.<br \/>Tout le monde ne croit pas \u00e0 cette mini r\u00e9volution dans le monde de l\u2019internet qui viserait \u00e0 construire une gouvernance participative. Elon Musk qualifie cette id\u00e9e de web 3 de ridicule, d\u2019autres projettent qu\u2019un tel changement ne pourrait pas \u00e9chapper \u00e0 l\u2019avidit\u00e9 des investisseurs et financiers qui contr\u00f4leraient l\u2019affaire mais de fa\u00e7on plus discr\u00e8te.<\/p>\t\t\t\t\t\t\t\t<\/div>\n\t\t\t\t<\/div>\n\t\t\t\t\t<\/div>\n\t\t<\/div>\n\t\t\t\t\t<\/div>\n\t\t<\/section>\n\t\t\t\t<section class=\"elementor-section elementor-top-section elementor-element elementor-element-2d8a472 elementor-section-boxed elementor-section-height-default elementor-section-height-default\" data-id=\"2d8a472\" data-element_type=\"section\">\n\t\t\t\t\t\t<div class=\"elementor-container elementor-column-gap-default\">\n\t\t\t\t\t<div class=\"elementor-column elementor-col-100 elementor-top-column elementor-element elementor-element-b9791bb\" data-id=\"b9791bb\" data-element_type=\"column\">\n\t\t\t<div class=\"elementor-widget-wrap elementor-element-populated\">\n\t\t\t\t\t\t<div class=\"elementor-element elementor-element-5cb4f26 elementor-widget elementor-widget-text-editor\" data-id=\"5cb4f26\" data-element_type=\"widget\" data-widget_type=\"text-editor.default\">\n\t\t\t\t<div class=\"elementor-widget-container\">\n\t\t\t\t\t\t\t\t\t<h2>Web3 et web s\u00e9mantique<\/h2>\t\t\t\t\t\t\t\t<\/div>\n\t\t\t\t<\/div>\n\t\t\t\t\t<\/div>\n\t\t<\/div>\n\t\t\t\t\t<\/div>\n\t\t<\/section>\n\t\t\t\t<section class=\"elementor-section elementor-top-section elementor-element elementor-element-76a6422 elementor-section-boxed elementor-section-height-default elementor-section-height-default\" data-id=\"76a6422\" data-element_type=\"section\">\n\t\t\t\t\t\t<div class=\"elementor-container elementor-column-gap-default\">\n\t\t\t\t\t<div class=\"elementor-column elementor-col-100 elementor-top-column elementor-element elementor-element-3214c03\" data-id=\"3214c03\" data-element_type=\"column\">\n\t\t\t<div class=\"elementor-widget-wrap elementor-element-populated\">\n\t\t\t\t\t\t<div class=\"elementor-element elementor-element-2d731fc elementor-widget elementor-widget-text-editor\" data-id=\"2d731fc\" data-element_type=\"widget\" data-widget_type=\"text-editor.default\">\n\t\t\t\t<div class=\"elementor-widget-container\">\n\t\t\t\t\t\t\t\t\t<p>La s\u00e9mantique pourrait \u00eatre d\u00e9finie par l\u2019\u00e9tude du sens. Lorsque l\u2019on parle de web s\u00e9mantique, on parle d\u2019un internet bas\u00e9 sur le sens plut\u00f4t que sur une structure organisationnelle. Le web s\u00e9mantique pourrait ainsi permettre \u00e0 nos appareils de comprendre le sens des donn\u00e9es comme les \u00eatres humains le comprennent.<br \/>Pour r\u00e9sumer, on pourrait d\u00e9finir :<\/p><ul><li>le web 1.0 par le terme de web statique,<\/li><li>le 2.0 par web social<\/li><li>le web 3.0 par web s\u00e9mantique.<\/li><\/ul>\t\t\t\t\t\t\t\t<\/div>\n\t\t\t\t<\/div>\n\t\t\t\t\t<\/div>\n\t\t<\/div>\n\t\t\t\t\t<\/div>\n\t\t<\/section>\n\t\t\t\t<section class=\"elementor-section elementor-top-section elementor-element elementor-element-70651b4 elementor-section-boxed elementor-section-height-default elementor-section-height-default\" data-id=\"70651b4\" data-element_type=\"section\">\n\t\t\t\t\t\t<div class=\"elementor-container elementor-column-gap-default\">\n\t\t\t\t\t<div class=\"elementor-column elementor-col-100 elementor-top-column elementor-element elementor-element-e5aed97\" data-id=\"e5aed97\" data-element_type=\"column\">\n\t\t\t<div class=\"elementor-widget-wrap elementor-element-populated\">\n\t\t\t\t\t\t<div class=\"elementor-element elementor-element-1b6762f elementor-widget elementor-widget-text-editor\" data-id=\"1b6762f\" data-element_type=\"widget\" data-widget_type=\"text-editor.default\">\n\t\t\t\t<div class=\"elementor-widget-container\">\n\t\t\t\t\t\t\t\t\t<h2>Pratiquement, le web3 et ses \u00e9volutions, \u00e7a change quoi ?<\/h2>\t\t\t\t\t\t\t\t<\/div>\n\t\t\t\t<\/div>\n\t\t\t\t\t<\/div>\n\t\t<\/div>\n\t\t\t\t\t<\/div>\n\t\t<\/section>\n\t\t\t\t<section class=\"elementor-section elementor-top-section elementor-element elementor-element-d63d0c6 elementor-section-boxed elementor-section-height-default elementor-section-height-default\" data-id=\"d63d0c6\" data-element_type=\"section\">\n\t\t\t\t\t\t<div class=\"elementor-container elementor-column-gap-default\">\n\t\t\t\t\t<div class=\"elementor-column elementor-col-100 elementor-top-column elementor-element elementor-element-6fdf4f4\" data-id=\"6fdf4f4\" data-element_type=\"column\">\n\t\t\t<div class=\"elementor-widget-wrap elementor-element-populated\">\n\t\t\t\t\t\t<div class=\"elementor-element elementor-element-51ff4f0 elementor-widget elementor-widget-text-editor\" data-id=\"51ff4f0\" data-element_type=\"widget\" data-widget_type=\"text-editor.default\">\n\t\t\t\t<div class=\"elementor-widget-container\">\n\t\t\t\t\t\t\t\t\t<h3>Pour la propri\u00e9t\u00e9 des donn\u00e9es<\/h3>\t\t\t\t\t\t\t\t<\/div>\n\t\t\t\t<\/div>\n\t\t\t\t\t<\/div>\n\t\t<\/div>\n\t\t\t\t\t<\/div>\n\t\t<\/section>\n\t\t\t\t<section class=\"elementor-section elementor-top-section elementor-element elementor-element-0e98867 elementor-section-boxed elementor-section-height-default elementor-section-height-default\" data-id=\"0e98867\" data-element_type=\"section\">\n\t\t\t\t\t\t<div class=\"elementor-container elementor-column-gap-default\">\n\t\t\t\t\t<div class=\"elementor-column elementor-col-100 elementor-top-column elementor-element elementor-element-b882d3c\" data-id=\"b882d3c\" data-element_type=\"column\">\n\t\t\t<div class=\"elementor-widget-wrap elementor-element-populated\">\n\t\t\t\t\t\t<div class=\"elementor-element elementor-element-f2d1ce7 elementor-widget elementor-widget-text-editor\" data-id=\"f2d1ce7\" data-element_type=\"widget\" data-widget_type=\"text-editor.default\">\n\t\t\t\t<div class=\"elementor-widget-container\">\n\t\t\t\t\t\t\t\t\t<p style=\"text-align: justify;\">Outre la rapidit\u00e9 et l\u2019efficacit\u00e9 du syst\u00e8me, le web 3 permettrait \u00e0 chaque utilisateur de rester totalement propri\u00e9taire de ses donn\u00e9es et de les emporter avec lui, o\u00f9 qu\u2019il se rende sur la toile.<br \/>Aujourd\u2019hui lorsque vous vous connectez \u00e0 un site internet ou une application gr\u00e2ce \u00e0 un identifiant et un mot de passe, ces informations sont observ\u00e9es, suivies, analys\u00e9es et utilis\u00e9es \u00e0 des fins de ciblage publicitaire.<br \/>Demain, gr\u00e2ce au web 3.0, o\u00f9 que vous alliez, vos donn\u00e9es resteront avec vous et ne seront collect\u00e9es nulle part ailleurs sans votre accord.<\/p>\t\t\t\t\t\t\t\t<\/div>\n\t\t\t\t<\/div>\n\t\t\t\t\t<\/div>\n\t\t<\/div>\n\t\t\t\t\t<\/div>\n\t\t<\/section>\n\t\t\t\t<section class=\"elementor-section elementor-top-section elementor-element elementor-element-8eedb61 elementor-section-boxed elementor-section-height-default elementor-section-height-default\" data-id=\"8eedb61\" data-element_type=\"section\">\n\t\t\t\t\t\t<div class=\"elementor-container elementor-column-gap-default\">\n\t\t\t\t\t<div class=\"elementor-column elementor-col-100 elementor-top-column elementor-element elementor-element-7744e41\" data-id=\"7744e41\" data-element_type=\"column\">\n\t\t\t<div class=\"elementor-widget-wrap elementor-element-populated\">\n\t\t\t\t\t\t<div class=\"elementor-element elementor-element-33a4cf3 elementor-widget elementor-widget-text-editor\" data-id=\"33a4cf3\" data-element_type=\"widget\" data-widget_type=\"text-editor.default\">\n\t\t\t\t<div class=\"elementor-widget-container\">\n\t\t\t\t\t\t\t\t\t<h3>Pour la reconnaissance vocale et intelligence artificielle<\/h3>\t\t\t\t\t\t\t\t<\/div>\n\t\t\t\t<\/div>\n\t\t\t\t\t<\/div>\n\t\t<\/div>\n\t\t\t\t\t<\/div>\n\t\t<\/section>\n\t\t\t\t<section class=\"elementor-section elementor-top-section elementor-element elementor-element-1e3e83b elementor-section-boxed elementor-section-height-default elementor-section-height-default\" data-id=\"1e3e83b\" data-element_type=\"section\">\n\t\t\t\t\t\t<div class=\"elementor-container elementor-column-gap-default\">\n\t\t\t\t\t<div class=\"elementor-column elementor-col-100 elementor-top-column elementor-element elementor-element-08ef096\" data-id=\"08ef096\" data-element_type=\"column\">\n\t\t\t<div class=\"elementor-widget-wrap elementor-element-populated\">\n\t\t\t\t\t\t<div class=\"elementor-element elementor-element-76a9987 elementor-widget elementor-widget-text-editor\" data-id=\"76a9987\" data-element_type=\"widget\" data-widget_type=\"text-editor.default\">\n\t\t\t\t<div class=\"elementor-widget-container\">\n\t\t\t\t\t\t\t\t\t<p style=\"text-align: justify;\">Ces deux \u00e9l\u00e9ments sont des \u00e9l\u00e9ments non n\u00e9gligeables du nouveau web. La reconnaissance vocale et l\u2019intelligence artificielle permettent d\u2019affiner les recherches, de comprendre les besoins et d&#8217;asseoir le d\u00e9veloppement d\u2019internet dans les objets.<br \/>Le web 3 est plus efficace, plus malin, plus facile \u00e0 utiliser.<\/p>\t\t\t\t\t\t\t\t<\/div>\n\t\t\t\t<\/div>\n\t\t\t\t\t<\/div>\n\t\t<\/div>\n\t\t\t\t\t<\/div>\n\t\t<\/section>\n\t\t\t\t<section class=\"elementor-section elementor-top-section elementor-element elementor-element-3af295c elementor-section-boxed elementor-section-height-default elementor-section-height-default\" data-id=\"3af295c\" data-element_type=\"section\">\n\t\t\t\t\t\t<div class=\"elementor-container elementor-column-gap-default\">\n\t\t\t\t\t<div class=\"elementor-column elementor-col-100 elementor-top-column elementor-element elementor-element-6358b65\" data-id=\"6358b65\" data-element_type=\"column\">\n\t\t\t<div class=\"elementor-widget-wrap elementor-element-populated\">\n\t\t\t\t\t\t<div class=\"elementor-element elementor-element-d0bd5ca elementor-widget elementor-widget-text-editor\" data-id=\"d0bd5ca\" data-element_type=\"widget\" data-widget_type=\"text-editor.default\">\n\t\t\t\t<div class=\"elementor-widget-container\">\n\t\t\t\t\t\t\t\t\t<h3>Pour l&#8217;internet des objets<\/h3>\t\t\t\t\t\t\t\t<\/div>\n\t\t\t\t<\/div>\n\t\t\t\t\t<\/div>\n\t\t<\/div>\n\t\t\t\t\t<\/div>\n\t\t<\/section>\n\t\t\t\t<section class=\"elementor-section elementor-top-section elementor-element elementor-element-943b718 elementor-section-boxed elementor-section-height-default elementor-section-height-default\" data-id=\"943b718\" data-element_type=\"section\">\n\t\t\t\t\t\t<div class=\"elementor-container elementor-column-gap-default\">\n\t\t\t\t\t<div class=\"elementor-column elementor-col-100 elementor-top-column elementor-element elementor-element-959b97a\" data-id=\"959b97a\" data-element_type=\"column\">\n\t\t\t<div class=\"elementor-widget-wrap elementor-element-populated\">\n\t\t\t\t\t\t<div class=\"elementor-element elementor-element-030df7e elementor-widget elementor-widget-text-editor\" data-id=\"030df7e\" data-element_type=\"widget\" data-widget_type=\"text-editor.default\">\n\t\t\t\t<div class=\"elementor-widget-container\">\n\t\t\t\t\t\t\t\t\t<p style=\"text-align: justify;\">Le web 3 sera en passe de devenir le web tout court et surtout le web partout! \u00c0 la maison, au bureau, pour se d\u00e9placer, pour se faire soigner, pour g\u00e9rer son quotidien \u00e0 titre personnel et professionnel, les objets connect\u00e9s feront partie int\u00e9grante de notre univers.<\/p>\t\t\t\t\t\t\t\t<\/div>\n\t\t\t\t<\/div>\n\t\t\t\t\t<\/div>\n\t\t<\/div>\n\t\t\t\t\t<\/div>\n\t\t<\/section>\n\t\t\t\t<section class=\"elementor-section elementor-top-section elementor-element elementor-element-7692504 elementor-section-boxed elementor-section-height-default elementor-section-height-default\" data-id=\"7692504\" data-element_type=\"section\">\n\t\t\t\t\t\t<div class=\"elementor-container elementor-column-gap-default\">\n\t\t\t\t\t<div class=\"elementor-column elementor-col-100 elementor-top-column elementor-element elementor-element-6fea163\" data-id=\"6fea163\" data-element_type=\"column\">\n\t\t\t<div class=\"elementor-widget-wrap elementor-element-populated\">\n\t\t\t\t\t\t<div class=\"elementor-element elementor-element-c937142 elementor-widget elementor-widget-text-editor\" data-id=\"c937142\" data-element_type=\"widget\" data-widget_type=\"text-editor.default\">\n\t\t\t\t<div class=\"elementor-widget-container\">\n\t\t\t\t\t\t\t\t\t<h3>Pour la r\u00e9alit\u00e9 augment\u00e9e et le m\u00e9taverse<\/h3>\t\t\t\t\t\t\t\t<\/div>\n\t\t\t\t<\/div>\n\t\t\t\t\t<\/div>\n\t\t<\/div>\n\t\t\t\t\t<\/div>\n\t\t<\/section>\n\t\t\t\t<section class=\"elementor-section elementor-top-section elementor-element elementor-element-d2183f4 elementor-section-boxed elementor-section-height-default elementor-section-height-default\" data-id=\"d2183f4\" data-element_type=\"section\">\n\t\t\t\t\t\t<div class=\"elementor-container elementor-column-gap-default\">\n\t\t\t\t\t<div class=\"elementor-column elementor-col-100 elementor-top-column elementor-element elementor-element-44457ab\" data-id=\"44457ab\" data-element_type=\"column\">\n\t\t\t<div class=\"elementor-widget-wrap elementor-element-populated\">\n\t\t\t\t\t\t<div class=\"elementor-element elementor-element-8b08e95 elementor-widget elementor-widget-text-editor\" data-id=\"8b08e95\" data-element_type=\"widget\" data-widget_type=\"text-editor.default\">\n\t\t\t\t<div class=\"elementor-widget-container\">\n\t\t\t\t\t\t\t\t\t<p style=\"text-align: justify;\">Les nouvelles technologies permettent aujourd\u2019hui aux utilisateurs de vivre une \u201cautre vie\u201d dans un univers num\u00e9rique. Gr\u00e2ce \u00e0 un casque de r\u00e9alit\u00e9 virtuelle et un simple proc\u00e9d\u00e9 de plug and play, les utilisateurs peuvent p\u00e9n\u00e9trer dans un univers virtuel et \u201cvivre\u201d des exp\u00e9riences au travers de leurs avatars. <\/p>\t\t\t\t\t\t\t\t<\/div>\n\t\t\t\t<\/div>\n\t\t\t\t\t<\/div>\n\t\t<\/div>\n\t\t\t\t\t<\/div>\n\t\t<\/section>\n\t\t\t\t<section class=\"elementor-section elementor-top-section elementor-element elementor-element-07750a4 elementor-section-boxed elementor-section-height-default elementor-section-height-default\" data-id=\"07750a4\" data-element_type=\"section\">\n\t\t\t\t\t\t<div class=\"elementor-container elementor-column-gap-default\">\n\t\t\t\t\t<div class=\"elementor-column elementor-col-100 elementor-top-column elementor-element elementor-element-5d260da\" data-id=\"5d260da\" data-element_type=\"column\">\n\t\t\t<div class=\"elementor-widget-wrap elementor-element-populated\">\n\t\t\t\t\t\t<div class=\"elementor-element elementor-element-09fef9b elementor-widget elementor-widget-text-editor\" data-id=\"09fef9b\" data-element_type=\"widget\" data-widget_type=\"text-editor.default\">\n\t\t\t\t<div class=\"elementor-widget-container\">\n\t\t\t\t\t\t\t\t\t<p>Un nouveau monde ? Un nouveau mode de vie ?&#8230; <br \/>Affaire \u00e0 suivre, et de pr\u00e8s !<br \/>Chez <a href=\"https:\/\/www.macapflag.com\/\"><span style=\"color: #3366ff;\"><strong>Macap<\/strong><\/span><\/a>, ces pistes d\u2019innovations nous int\u00e9ressent pour leur impact actuel et futur dans l\u2019\u00e9volution de notre m\u00e9tier et nous aimons les partager avec vous.<\/p>\t\t\t\t\t\t\t\t<\/div>\n\t\t\t\t<\/div>\n\t\t\t\t\t<\/div>\n\t\t<\/div>\n\t\t\t\t\t<\/div>\n\t\t<\/section>\n\t\t\t\t<section class=\"elementor-section elementor-top-section elementor-element elementor-element-3830c4c elementor-section-boxed elementor-section-height-default elementor-section-height-default\" data-id=\"3830c4c\" data-element_type=\"section\">\n\t\t\t\t\t\t<div class=\"elementor-container elementor-column-gap-default\">\n\t\t\t\t\t<div class=\"elementor-column elementor-col-100 elementor-top-column elementor-element elementor-element-dde7673\" data-id=\"dde7673\" data-element_type=\"column\">\n\t\t\t<div class=\"elementor-widget-wrap elementor-element-populated\">\n\t\t\t\t\t\t<div class=\"elementor-element elementor-element-f0bdfca elementor-widget elementor-widget-image\" data-id=\"f0bdfca\" data-element_type=\"widget\" data-widget_type=\"image.default\">\n\t\t\t\t<div class=\"elementor-widget-container\">\n\t\t\t\t\t\t\t\t\t\t\t\t\t\t\t\t<a href=\"https:\/\/www.macapflag.com\/\">\n\t\t\t\t\t\t\t<img fetchpriority=\"high\" decoding=\"async\" width=\"700\" height=\"320\" src=\"https:\/\/www.macapflag.com\/blog\/wp-content\/uploads\/2021\/04\/fabriquant-de-drapeaux-kakemonos-banderoles-beach-flags-oriflammes-macap.jpg\" class=\"attachment-large size-large wp-image-10133\" alt=\"Macap fabriquant de drapeaux kak\u00e9mono banderole beach flag oriflamme\" srcset=\"https:\/\/www.macapflag.com\/blog\/wp-content\/uploads\/2021\/04\/fabriquant-de-drapeaux-kakemonos-banderoles-beach-flags-oriflammes-macap.jpg 700w, https:\/\/www.macapflag.com\/blog\/wp-content\/uploads\/2021\/04\/fabriquant-de-drapeaux-kakemonos-banderoles-beach-flags-oriflammes-macap-300x137.jpg 300w\" sizes=\"(max-width: 700px) 100vw, 700px\" \/>\t\t\t\t\t\t\t\t<\/a>\n\t\t\t\t\t\t\t\t\t\t\t\t\t\t\t<\/div>\n\t\t\t\t<\/div>\n\t\t\t\t\t<\/div>\n\t\t<\/div>\n\t\t\t\t\t<\/div>\n\t\t<\/section>\n\t\t\t\t<\/div>\n\t\t","protected":false},"excerpt":{"rendered":"<div class=\"tmnf_excerpt\"><p>Internet a 30 ans, 30 ans pass\u00e9s m\u00eame, puisque si plusieurs dates officielles de cr\u00e9ation du fameux world wide web sont fr\u00e9quemment avanc\u00e9es, on retrouve le plus souvent celle de 1989. 30 ans mais aussi 3 phases ou versions successives qui d\u00e9butent avec : le web 1.0, celui de la naissance des sites internet avec &hellip;<\/p>\n<\/div>","protected":false},"author":2,"featured_media":10576,"comment_status":"closed","ping_status":"open","sticky":false,"template":"template-fullwidth.php","format":"standard","meta":{"footnotes":""},"categories":[92],"tags":[],"class_list":["post-10575","post","type-post","status-publish","format-standard","has-post-thumbnail","hentry","category-news"],"yoast_head":"<!-- This site is optimized with the Yoast SEO plugin v26.4 - https:\/\/yoast.com\/wordpress\/plugins\/seo\/ -->\n<title>Le web3, c&#039;est quoi ?... - Blog - Macap<\/title>\n<meta name=\"description\" content=\"Internet a vu le jour il y a 30 ans, depuis plusieurs \u00e9volutions ont transform\u00e9 le web 1.0, puis 2.0 puis 3.0 demain ? Focus sur le web 3\" \/>\n<meta name=\"robots\" content=\"index, follow, max-snippet:-1, max-image-preview:large, max-video-preview:-1\" \/>\n<link rel=\"canonical\" href=\"https:\/\/www.macapflag.com\/blog\/web-3\/\" \/>\n<meta property=\"og:locale\" content=\"fr_FR\" \/>\n<meta property=\"og:type\" content=\"article\" \/>\n<meta property=\"og:title\" content=\"Le web3, c&#039;est quoi ?... - Blog - Macap\" \/>\n<meta property=\"og:description\" content=\"Internet a vu le jour il y a 30 ans, depuis plusieurs \u00e9volutions ont transform\u00e9 le web 1.0, puis 2.0 puis 3.0 demain ? Focus sur le web 3\" \/>\n<meta property=\"og:url\" content=\"https:\/\/www.macapflag.com\/blog\/web-3\/\" \/>\n<meta property=\"og:site_name\" content=\"Blog - Macap\" \/>\n<meta property=\"article:publisher\" content=\"https:\/\/www.facebook.com\/macap.pavoisement\/\" \/>\n<meta property=\"article:published_time\" content=\"2022-06-27T06:22:00+00:00\" \/>\n<meta property=\"article:modified_time\" content=\"2022-06-27T08:27:44+00:00\" \/>\n<meta property=\"og:image\" content=\"https:\/\/www.macapflag.com\/blog\/wp-content\/uploads\/2022\/06\/web3-et-web-3.0.jpg\" \/>\n\t<meta property=\"og:image:width\" content=\"870\" \/>\n\t<meta property=\"og:image:height\" content=\"600\" \/>\n\t<meta property=\"og:image:type\" content=\"image\/jpeg\" \/>\n<meta name=\"author\" content=\"Blog Macap\" \/>\n<meta name=\"twitter:card\" content=\"summary_large_image\" \/>\n<meta name=\"twitter:label1\" content=\"\u00c9crit par\" \/>\n\t<meta name=\"twitter:data1\" content=\"Blog Macap\" \/>\n\t<meta name=\"twitter:label2\" content=\"Dur\u00e9e de lecture estim\u00e9e\" \/>\n\t<meta name=\"twitter:data2\" content=\"4 minutes\" \/>\n<script type=\"application\/ld+json\" class=\"yoast-schema-graph\">{\"@context\":\"https:\/\/schema.org\",\"@graph\":[{\"@type\":\"Article\",\"@id\":\"https:\/\/www.macapflag.com\/blog\/web-3\/#article\",\"isPartOf\":{\"@id\":\"https:\/\/www.macapflag.com\/blog\/web-3\/\"},\"author\":{\"name\":\"Blog Macap\",\"@id\":\"https:\/\/www.macapflag.com\/blog\/#\/schema\/person\/3fea701f2603875e651e6b662578fc3c\"},\"headline\":\"Le web3, c&#8217;est quoi ?&#8230;\",\"datePublished\":\"2022-06-27T06:22:00+00:00\",\"dateModified\":\"2022-06-27T08:27:44+00:00\",\"mainEntityOfPage\":{\"@id\":\"https:\/\/www.macapflag.com\/blog\/web-3\/\"},\"wordCount\":786,\"publisher\":{\"@id\":\"https:\/\/www.macapflag.com\/blog\/#organization\"},\"image\":{\"@id\":\"https:\/\/www.macapflag.com\/blog\/web-3\/#primaryimage\"},\"thumbnailUrl\":\"https:\/\/www.macapflag.com\/blog\/wp-content\/uploads\/2022\/06\/web3-et-web-3.0.jpg\",\"articleSection\":[\"News &amp; Actu\"],\"inLanguage\":\"fr-FR\"},{\"@type\":\"WebPage\",\"@id\":\"https:\/\/www.macapflag.com\/blog\/web-3\/\",\"url\":\"https:\/\/www.macapflag.com\/blog\/web-3\/\",\"name\":\"Le web3, c'est quoi ?... - Blog - Macap\",\"isPartOf\":{\"@id\":\"https:\/\/www.macapflag.com\/blog\/#website\"},\"primaryImageOfPage\":{\"@id\":\"https:\/\/www.macapflag.com\/blog\/web-3\/#primaryimage\"},\"image\":{\"@id\":\"https:\/\/www.macapflag.com\/blog\/web-3\/#primaryimage\"},\"thumbnailUrl\":\"https:\/\/www.macapflag.com\/blog\/wp-content\/uploads\/2022\/06\/web3-et-web-3.0.jpg\",\"datePublished\":\"2022-06-27T06:22:00+00:00\",\"dateModified\":\"2022-06-27T08:27:44+00:00\",\"description\":\"Internet a vu le jour il y a 30 ans, depuis plusieurs \u00e9volutions ont transform\u00e9 le web 1.0, puis 2.0 puis 3.0 demain ? Focus sur le web 3\",\"breadcrumb\":{\"@id\":\"https:\/\/www.macapflag.com\/blog\/web-3\/#breadcrumb\"},\"inLanguage\":\"fr-FR\",\"potentialAction\":[{\"@type\":\"ReadAction\",\"target\":[\"https:\/\/www.macapflag.com\/blog\/web-3\/\"]}]},{\"@type\":\"ImageObject\",\"inLanguage\":\"fr-FR\",\"@id\":\"https:\/\/www.macapflag.com\/blog\/web-3\/#primaryimage\",\"url\":\"https:\/\/www.macapflag.com\/blog\/wp-content\/uploads\/2022\/06\/web3-et-web-3.0.jpg\",\"contentUrl\":\"https:\/\/www.macapflag.com\/blog\/wp-content\/uploads\/2022\/06\/web3-et-web-3.0.jpg\",\"width\":870,\"height\":600,\"caption\":\"Le web 3 ou 3.0 et ses multiples opportunit\u00e9s\"},{\"@type\":\"BreadcrumbList\",\"@id\":\"https:\/\/www.macapflag.com\/blog\/web-3\/#breadcrumb\",\"itemListElement\":[{\"@type\":\"ListItem\",\"position\":1,\"name\":\"Accueil\",\"item\":\"https:\/\/www.macapflag.com\/blog\/\"},{\"@type\":\"ListItem\",\"position\":2,\"name\":\"Le web3, c&rsquo;est quoi ?&#8230;\"}]},{\"@type\":\"WebSite\",\"@id\":\"https:\/\/www.macapflag.com\/blog\/#website\",\"url\":\"https:\/\/www.macapflag.com\/blog\/\",\"name\":\"Blog - Macap\",\"description\":\"Tous nos articles\",\"publisher\":{\"@id\":\"https:\/\/www.macapflag.com\/blog\/#organization\"},\"potentialAction\":[{\"@type\":\"SearchAction\",\"target\":{\"@type\":\"EntryPoint\",\"urlTemplate\":\"https:\/\/www.macapflag.com\/blog\/?s={search_term_string}\"},\"query-input\":{\"@type\":\"PropertyValueSpecification\",\"valueRequired\":true,\"valueName\":\"search_term_string\"}}],\"inLanguage\":\"fr-FR\"},{\"@type\":\"Organization\",\"@id\":\"https:\/\/www.macapflag.com\/blog\/#organization\",\"name\":\"macapflag\",\"url\":\"https:\/\/www.macapflag.com\/blog\/\",\"logo\":{\"@type\":\"ImageObject\",\"inLanguage\":\"fr-FR\",\"@id\":\"https:\/\/www.macapflag.com\/blog\/#\/schema\/logo\/image\/\",\"url\":\"https:\/\/www.macapflag.com\/blog\/wp-content\/uploads\/2020\/12\/cropped-M-512-1.png\",\"contentUrl\":\"https:\/\/www.macapflag.com\/blog\/wp-content\/uploads\/2020\/12\/cropped-M-512-1.png\",\"width\":512,\"height\":512,\"caption\":\"macapflag\"},\"image\":{\"@id\":\"https:\/\/www.macapflag.com\/blog\/#\/schema\/logo\/image\/\"},\"sameAs\":[\"https:\/\/www.facebook.com\/macap.pavoisement\/\",\"https:\/\/www.instagram.com\/macapflag\/?hl=fr\",\"https:\/\/www.linkedin.com\/company\/macap\/?originalSubdomain=fr\",\"https:\/\/www.youtube.com\/channel\/UCXNzTIdZh9poEBjSXEqDtNw\"]},{\"@type\":\"Person\",\"@id\":\"https:\/\/www.macapflag.com\/blog\/#\/schema\/person\/3fea701f2603875e651e6b662578fc3c\",\"name\":\"Blog Macap\",\"image\":{\"@type\":\"ImageObject\",\"inLanguage\":\"fr-FR\",\"@id\":\"https:\/\/www.macapflag.com\/blog\/#\/schema\/person\/image\/\",\"url\":\"https:\/\/secure.gravatar.com\/avatar\/c12551f2dc51f0db049633b03e7856985477a70da834cc8967dea4ce54bdd6a2?s=96&d=mm&r=g\",\"contentUrl\":\"https:\/\/secure.gravatar.com\/avatar\/c12551f2dc51f0db049633b03e7856985477a70da834cc8967dea4ce54bdd6a2?s=96&d=mm&r=g\",\"caption\":\"Blog Macap\"},\"url\":\"https:\/\/www.macapflag.com\/blog\/author\/macap\/\"}]}<\/script>\n<!-- \/ Yoast SEO plugin. -->","yoast_head_json":{"title":"Le web3, c'est quoi ?... - Blog - Macap","description":"Internet a vu le jour il y a 30 ans, depuis plusieurs \u00e9volutions ont transform\u00e9 le web 1.0, puis 2.0 puis 3.0 demain ? Focus sur le web 3","robots":{"index":"index","follow":"follow","max-snippet":"max-snippet:-1","max-image-preview":"max-image-preview:large","max-video-preview":"max-video-preview:-1"},"canonical":"https:\/\/www.macapflag.com\/blog\/web-3\/","og_locale":"fr_FR","og_type":"article","og_title":"Le web3, c'est quoi ?... - Blog - Macap","og_description":"Internet a vu le jour il y a 30 ans, depuis plusieurs \u00e9volutions ont transform\u00e9 le web 1.0, puis 2.0 puis 3.0 demain ? Focus sur le web 3","og_url":"https:\/\/www.macapflag.com\/blog\/web-3\/","og_site_name":"Blog - Macap","article_publisher":"https:\/\/www.facebook.com\/macap.pavoisement\/","article_published_time":"2022-06-27T06:22:00+00:00","article_modified_time":"2022-06-27T08:27:44+00:00","og_image":[{"width":870,"height":600,"url":"https:\/\/www.macapflag.com\/blog\/wp-content\/uploads\/2022\/06\/web3-et-web-3.0.jpg","type":"image\/jpeg"}],"author":"Blog Macap","twitter_card":"summary_large_image","twitter_misc":{"\u00c9crit par":"Blog Macap","Dur\u00e9e de lecture estim\u00e9e":"4 minutes"},"schema":{"@context":"https:\/\/schema.org","@graph":[{"@type":"Article","@id":"https:\/\/www.macapflag.com\/blog\/web-3\/#article","isPartOf":{"@id":"https:\/\/www.macapflag.com\/blog\/web-3\/"},"author":{"name":"Blog Macap","@id":"https:\/\/www.macapflag.com\/blog\/#\/schema\/person\/3fea701f2603875e651e6b662578fc3c"},"headline":"Le web3, c&#8217;est quoi ?&#8230;","datePublished":"2022-06-27T06:22:00+00:00","dateModified":"2022-06-27T08:27:44+00:00","mainEntityOfPage":{"@id":"https:\/\/www.macapflag.com\/blog\/web-3\/"},"wordCount":786,"publisher":{"@id":"https:\/\/www.macapflag.com\/blog\/#organization"},"image":{"@id":"https:\/\/www.macapflag.com\/blog\/web-3\/#primaryimage"},"thumbnailUrl":"https:\/\/www.macapflag.com\/blog\/wp-content\/uploads\/2022\/06\/web3-et-web-3.0.jpg","articleSection":["News &amp; Actu"],"inLanguage":"fr-FR"},{"@type":"WebPage","@id":"https:\/\/www.macapflag.com\/blog\/web-3\/","url":"https:\/\/www.macapflag.com\/blog\/web-3\/","name":"Le web3, c'est quoi ?... - Blog - Macap","isPartOf":{"@id":"https:\/\/www.macapflag.com\/blog\/#website"},"primaryImageOfPage":{"@id":"https:\/\/www.macapflag.com\/blog\/web-3\/#primaryimage"},"image":{"@id":"https:\/\/www.macapflag.com\/blog\/web-3\/#primaryimage"},"thumbnailUrl":"https:\/\/www.macapflag.com\/blog\/wp-content\/uploads\/2022\/06\/web3-et-web-3.0.jpg","datePublished":"2022-06-27T06:22:00+00:00","dateModified":"2022-06-27T08:27:44+00:00","description":"Internet a vu le jour il y a 30 ans, depuis plusieurs \u00e9volutions ont transform\u00e9 le web 1.0, puis 2.0 puis 3.0 demain ? Focus sur le web 3","breadcrumb":{"@id":"https:\/\/www.macapflag.com\/blog\/web-3\/#breadcrumb"},"inLanguage":"fr-FR","potentialAction":[{"@type":"ReadAction","target":["https:\/\/www.macapflag.com\/blog\/web-3\/"]}]},{"@type":"ImageObject","inLanguage":"fr-FR","@id":"https:\/\/www.macapflag.com\/blog\/web-3\/#primaryimage","url":"https:\/\/www.macapflag.com\/blog\/wp-content\/uploads\/2022\/06\/web3-et-web-3.0.jpg","contentUrl":"https:\/\/www.macapflag.com\/blog\/wp-content\/uploads\/2022\/06\/web3-et-web-3.0.jpg","width":870,"height":600,"caption":"Le web 3 ou 3.0 et ses multiples opportunit\u00e9s"},{"@type":"BreadcrumbList","@id":"https:\/\/www.macapflag.com\/blog\/web-3\/#breadcrumb","itemListElement":[{"@type":"ListItem","position":1,"name":"Accueil","item":"https:\/\/www.macapflag.com\/blog\/"},{"@type":"ListItem","position":2,"name":"Le web3, c&rsquo;est quoi ?&#8230;"}]},{"@type":"WebSite","@id":"https:\/\/www.macapflag.com\/blog\/#website","url":"https:\/\/www.macapflag.com\/blog\/","name":"Blog - Macap","description":"Tous nos articles","publisher":{"@id":"https:\/\/www.macapflag.com\/blog\/#organization"},"potentialAction":[{"@type":"SearchAction","target":{"@type":"EntryPoint","urlTemplate":"https:\/\/www.macapflag.com\/blog\/?s={search_term_string}"},"query-input":{"@type":"PropertyValueSpecification","valueRequired":true,"valueName":"search_term_string"}}],"inLanguage":"fr-FR"},{"@type":"Organization","@id":"https:\/\/www.macapflag.com\/blog\/#organization","name":"macapflag","url":"https:\/\/www.macapflag.com\/blog\/","logo":{"@type":"ImageObject","inLanguage":"fr-FR","@id":"https:\/\/www.macapflag.com\/blog\/#\/schema\/logo\/image\/","url":"https:\/\/www.macapflag.com\/blog\/wp-content\/uploads\/2020\/12\/cropped-M-512-1.png","contentUrl":"https:\/\/www.macapflag.com\/blog\/wp-content\/uploads\/2020\/12\/cropped-M-512-1.png","width":512,"height":512,"caption":"macapflag"},"image":{"@id":"https:\/\/www.macapflag.com\/blog\/#\/schema\/logo\/image\/"},"sameAs":["https:\/\/www.facebook.com\/macap.pavoisement\/","https:\/\/www.instagram.com\/macapflag\/?hl=fr","https:\/\/www.linkedin.com\/company\/macap\/?originalSubdomain=fr","https:\/\/www.youtube.com\/channel\/UCXNzTIdZh9poEBjSXEqDtNw"]},{"@type":"Person","@id":"https:\/\/www.macapflag.com\/blog\/#\/schema\/person\/3fea701f2603875e651e6b662578fc3c","name":"Blog Macap","image":{"@type":"ImageObject","inLanguage":"fr-FR","@id":"https:\/\/www.macapflag.com\/blog\/#\/schema\/person\/image\/","url":"https:\/\/secure.gravatar.com\/avatar\/c12551f2dc51f0db049633b03e7856985477a70da834cc8967dea4ce54bdd6a2?s=96&d=mm&r=g","contentUrl":"https:\/\/secure.gravatar.com\/avatar\/c12551f2dc51f0db049633b03e7856985477a70da834cc8967dea4ce54bdd6a2?s=96&d=mm&r=g","caption":"Blog Macap"},"url":"https:\/\/www.macapflag.com\/blog\/author\/macap\/"}]}},"_links":{"self":[{"href":"https:\/\/www.macapflag.com\/blog\/wp-json\/wp\/v2\/posts\/10575","targetHints":{"allow":["GET"]}}],"collection":[{"href":"https:\/\/www.macapflag.com\/blog\/wp-json\/wp\/v2\/posts"}],"about":[{"href":"https:\/\/www.macapflag.com\/blog\/wp-json\/wp\/v2\/types\/post"}],"author":[{"embeddable":true,"href":"https:\/\/www.macapflag.com\/blog\/wp-json\/wp\/v2\/users\/2"}],"replies":[{"embeddable":true,"href":"https:\/\/www.macapflag.com\/blog\/wp-json\/wp\/v2\/comments?post=10575"}],"version-history":[{"count":14,"href":"https:\/\/www.macapflag.com\/blog\/wp-json\/wp\/v2\/posts\/10575\/revisions"}],"predecessor-version":[{"id":10619,"href":"https:\/\/www.macapflag.com\/blog\/wp-json\/wp\/v2\/posts\/10575\/revisions\/10619"}],"wp:featuredmedia":[{"embeddable":true,"href":"https:\/\/www.macapflag.com\/blog\/wp-json\/wp\/v2\/media\/10576"}],"wp:attachment":[{"href":"https:\/\/www.macapflag.com\/blog\/wp-json\/wp\/v2\/media?parent=10575"}],"wp:term":[{"taxonomy":"category","embeddable":true,"href":"https:\/\/www.macapflag.com\/blog\/wp-json\/wp\/v2\/categories?post=10575"},{"taxonomy":"post_tag","embeddable":true,"href":"https:\/\/www.macapflag.com\/blog\/wp-json\/wp\/v2\/tags?post=10575"}],"curies":[{"name":"wp","href":"https:\/\/api.w.org\/{rel}","templated":true}]}}