{"id":10645,"date":"2022-07-11T08:00:00","date_gmt":"2022-07-11T06:00:00","guid":{"rendered":"https:\/\/www.macapflag.com\/blog\/?p=10645"},"modified":"2022-07-11T08:13:54","modified_gmt":"2022-07-11T06:13:54","slug":"recyclage","status":"publish","type":"post","link":"https:\/\/www.macapflag.com\/blog\/recyclage\/","title":{"rendered":"Le projet d&#8217;Elisa"},"content":{"rendered":"\t\t<div data-elementor-type=\"wp-post\" data-elementor-id=\"10645\" class=\"elementor elementor-10645\">\n\t\t\t\t\t\t<section class=\"elementor-section elementor-top-section elementor-element elementor-element-65e0713 elementor-section-boxed elementor-section-height-default elementor-section-height-default\" data-id=\"65e0713\" data-element_type=\"section\">\n\t\t\t\t\t\t<div class=\"elementor-container elementor-column-gap-default\">\n\t\t\t\t\t<div class=\"elementor-column elementor-col-100 elementor-top-column elementor-element elementor-element-bafb5a8\" data-id=\"bafb5a8\" data-element_type=\"column\">\n\t\t\t<div class=\"elementor-widget-wrap elementor-element-populated\">\n\t\t\t\t\t\t<div class=\"elementor-element elementor-element-e37f850 elementor-widget elementor-widget-text-editor\" data-id=\"e37f850\" data-element_type=\"widget\" data-widget_type=\"text-editor.default\">\n\t\t\t\t<div class=\"elementor-widget-container\">\n\t\t\t\t\t\t\t\t\t<p>Elle s\u2019appelle Elisa, elle a 20 ans. \u00c9tudiante en deuxi\u00e8me ann\u00e9e \u00e0 Kedge Design sur le campus marseillais de Luminy, elle \u00e9tudie les mat\u00e9riaux pour en faire des objets : c\u00e9ramique, bois, textile, m\u00e9tal\u2026<br \/>L\u2019ann\u00e9e prochaine, si tout va bien, cette passionn\u00e9e d\u2019art sera dipl\u00f4m\u00e9e d\u2019un bachelor en design g\u00e9n\u00e9ral et deux ans plus tard, d\u2019un master.<br \/>Comme beaucoup de jeunes de sa g\u00e9n\u00e9ration, Elisa aime se consacrer \u00e0 des activit\u00e9s qui ont du sens, qui r\u00e9pondent \u00e0 des probl\u00e8mes tout en s&#8217;inscrivant dans une d\u00e9marche environnementale responsable.<\/p>\t\t\t\t\t\t\t\t<\/div>\n\t\t\t\t<\/div>\n\t\t\t\t\t<\/div>\n\t\t<\/div>\n\t\t\t\t\t<\/div>\n\t\t<\/section>\n\t\t\t\t<section class=\"elementor-section elementor-top-section elementor-element elementor-element-76d47e9 elementor-section-boxed elementor-section-height-default elementor-section-height-default\" data-id=\"76d47e9\" data-element_type=\"section\">\n\t\t\t\t\t\t<div class=\"elementor-container elementor-column-gap-default\">\n\t\t\t\t\t<div class=\"elementor-column elementor-col-50 elementor-top-column elementor-element elementor-element-bba6625\" data-id=\"bba6625\" data-element_type=\"column\">\n\t\t\t<div class=\"elementor-widget-wrap elementor-element-populated\">\n\t\t\t\t\t\t<div class=\"elementor-element elementor-element-24bdd72 elementor-widget elementor-widget-image\" data-id=\"24bdd72\" data-element_type=\"widget\" data-widget_type=\"image.default\">\n\t\t\t\t<div class=\"elementor-widget-container\">\n\t\t\t\t\t\t\t\t\t\t\t\t<figure class=\"wp-caption\">\n\t\t\t\t\t\t\t\t\t\t<img fetchpriority=\"high\" decoding=\"async\" width=\"700\" height=\"534\" src=\"https:\/\/www.macapflag.com\/blog\/wp-content\/uploads\/2022\/07\/elisa-slimani-kedge-design-en-stage-chez-Macap.jpg\" class=\"attachment-large size-large wp-image-10632\" alt=\"Elisa stagiaire chez Macap\" srcset=\"https:\/\/www.macapflag.com\/blog\/wp-content\/uploads\/2022\/07\/elisa-slimani-kedge-design-en-stage-chez-Macap.jpg 700w, https:\/\/www.macapflag.com\/blog\/wp-content\/uploads\/2022\/07\/elisa-slimani-kedge-design-en-stage-chez-Macap-300x229.jpg 300w\" sizes=\"(max-width: 700px) 100vw, 700px\" \/>\t\t\t\t\t\t\t\t\t\t\t<figcaption class=\"widget-image-caption wp-caption-text\">Elisa Slimani dans les bureaux Macap<\/figcaption>\n\t\t\t\t\t\t\t\t\t\t<\/figure>\n\t\t\t\t\t\t\t\t\t<\/div>\n\t\t\t\t<\/div>\n\t\t\t\t\t<\/div>\n\t\t<\/div>\n\t\t\t\t<div class=\"elementor-column elementor-col-50 elementor-top-column elementor-element elementor-element-5d4df12\" data-id=\"5d4df12\" data-element_type=\"column\">\n\t\t\t<div class=\"elementor-widget-wrap elementor-element-populated\">\n\t\t\t\t\t\t<div class=\"elementor-element elementor-element-34714db elementor-widget elementor-widget-text-editor\" data-id=\"34714db\" data-element_type=\"widget\" data-widget_type=\"text-editor.default\">\n\t\t\t\t<div class=\"elementor-widget-container\">\n\t\t\t\t\t\t\t\t\t<p>En mars 2022, Elisa participe \u00e0 un hackathon qui r\u00e9unit plusieurs \u00e9coles et plusieurs entreprises dont <a href=\"https:\/\/www.macapflag.com\/\"><span style=\"color: #3366ff;\"><strong>Macap<\/strong> <\/span><\/a>fait partie, sur le th\u00e8me de l&#8217;upcycling : Comment valoriser les d\u00e9chets ? Comment optimiser le recyclage de ce qui reste apr\u00e8s production ? Que mettre en place pour polluer le moins possible ?<\/p>\t\t\t\t\t\t\t\t<\/div>\n\t\t\t\t<\/div>\n\t\t\t\t\t<\/div>\n\t\t<\/div>\n\t\t\t\t\t<\/div>\n\t\t<\/section>\n\t\t\t\t<section class=\"elementor-section elementor-top-section elementor-element elementor-element-df15e5a elementor-section-boxed elementor-section-height-default elementor-section-height-default\" data-id=\"df15e5a\" data-element_type=\"section\">\n\t\t\t\t\t\t<div class=\"elementor-container elementor-column-gap-default\">\n\t\t\t\t\t<div class=\"elementor-column elementor-col-100 elementor-top-column elementor-element elementor-element-4c57cff\" data-id=\"4c57cff\" data-element_type=\"column\">\n\t\t\t<div class=\"elementor-widget-wrap elementor-element-populated\">\n\t\t\t\t\t\t<div class=\"elementor-element elementor-element-482185b elementor-widget elementor-widget-text-editor\" data-id=\"482185b\" data-element_type=\"widget\" data-widget_type=\"text-editor.default\">\n\t\t\t\t<div class=\"elementor-widget-container\">\n\t\t\t\t\t\t\t\t\t<p>Le sujet du stage est tout trouv\u00e9 !<br \/>Elisa d\u00e9couvre alors l\u2019univers de Macap, les <a href=\"https:\/\/www.macapflag.com\/53-drapeau-personnalise\"><span style=\"color: #3366ff;\"><strong>drapeaux<\/strong> <\/span><\/a>et les <a href=\"https:\/\/www.macapflag.com\/41-beach-flag-oriflamme\"><span style=\"color: #3366ff;\"><strong>beach flags<\/strong><\/span><\/a>, l\u2019impression, la confection, les <strong>banderoles<\/strong>, les <strong>kak\u00e9monos<\/strong> et les bobines de textile qui font l\u2019\u00e2me des ateliers.<br \/>Elisa observe, Elisa questionne, Elisa cherche les id\u00e9es les plus judicieuses pour optimiser le recyclage.<\/p><p>Apr\u00e8s cette premi\u00e8re phase de d\u00e9couverte, elle d\u00e9cide de se concentrer sur ce qui lui semble le plus utile et le plus pertinent, <strong>r\u00e9fl\u00e9chir aux opportunit\u00e9s de recyclage des d\u00e9chets textiles et des grosses bobines en carton<\/strong> sur lesquelles sont livr\u00e9es les mati\u00e8res.<\/p>\t\t\t\t\t\t\t\t<\/div>\n\t\t\t\t<\/div>\n\t\t\t\t\t<\/div>\n\t\t<\/div>\n\t\t\t\t\t<\/div>\n\t\t<\/section>\n\t\t\t\t<section class=\"elementor-section elementor-top-section elementor-element elementor-element-b4560d6 elementor-section-boxed elementor-section-height-default elementor-section-height-default\" data-id=\"b4560d6\" data-element_type=\"section\">\n\t\t\t\t\t\t<div class=\"elementor-container elementor-column-gap-default\">\n\t\t\t\t\t<div class=\"elementor-column elementor-col-50 elementor-top-column elementor-element elementor-element-be8174f\" data-id=\"be8174f\" data-element_type=\"column\">\n\t\t\t<div class=\"elementor-widget-wrap elementor-element-populated\">\n\t\t\t\t\t\t<div class=\"elementor-element elementor-element-81108eb elementor-widget elementor-widget-image\" data-id=\"81108eb\" data-element_type=\"widget\" data-widget_type=\"image.default\">\n\t\t\t\t<div class=\"elementor-widget-container\">\n\t\t\t\t\t\t\t\t\t\t\t\t<figure class=\"wp-caption\">\n\t\t\t\t\t\t\t\t\t\t<img decoding=\"async\" width=\"700\" height=\"534\" src=\"https:\/\/www.macapflag.com\/blog\/wp-content\/uploads\/2022\/07\/recuperation-dechets-production-imprimeur.jpg\" class=\"attachment-large size-large wp-image-10635\" alt=\"Elisa r\u00e9cup\u00e8re les d\u00e9chets de production dans la benne\" srcset=\"https:\/\/www.macapflag.com\/blog\/wp-content\/uploads\/2022\/07\/recuperation-dechets-production-imprimeur.jpg 700w, https:\/\/www.macapflag.com\/blog\/wp-content\/uploads\/2022\/07\/recuperation-dechets-production-imprimeur-300x229.jpg 300w\" sizes=\"(max-width: 700px) 100vw, 700px\" \/>\t\t\t\t\t\t\t\t\t\t\t<figcaption class=\"widget-image-caption wp-caption-text\">R\u00e9cup\u00e9ration des d\u00e9chets dans la benne de recyclage<\/figcaption>\n\t\t\t\t\t\t\t\t\t\t<\/figure>\n\t\t\t\t\t\t\t\t\t<\/div>\n\t\t\t\t<\/div>\n\t\t\t\t\t<\/div>\n\t\t<\/div>\n\t\t\t\t<div class=\"elementor-column elementor-col-50 elementor-top-column elementor-element elementor-element-f23565f\" data-id=\"f23565f\" data-element_type=\"column\">\n\t\t\t<div class=\"elementor-widget-wrap elementor-element-populated\">\n\t\t\t\t\t\t<div class=\"elementor-element elementor-element-8bf6956 elementor-widget elementor-widget-image\" data-id=\"8bf6956\" data-element_type=\"widget\" data-widget_type=\"image.default\">\n\t\t\t\t<div class=\"elementor-widget-container\">\n\t\t\t\t\t\t\t\t\t\t\t\t<figure class=\"wp-caption\">\n\t\t\t\t\t\t\t\t\t\t<img decoding=\"async\" width=\"700\" height=\"534\" src=\"https:\/\/www.macapflag.com\/blog\/wp-content\/uploads\/2022\/07\/recyclage-bobine-carton.jpg\" class=\"attachment-large size-large wp-image-10636\" alt=\"recyclage d&#039;un rouleau en carton\" srcset=\"https:\/\/www.macapflag.com\/blog\/wp-content\/uploads\/2022\/07\/recyclage-bobine-carton.jpg 700w, https:\/\/www.macapflag.com\/blog\/wp-content\/uploads\/2022\/07\/recyclage-bobine-carton-300x229.jpg 300w\" sizes=\"(max-width: 700px) 100vw, 700px\" \/>\t\t\t\t\t\t\t\t\t\t\t<figcaption class=\"widget-image-caption wp-caption-text\">Test r\u00e9alis\u00e9 sur les tubes des bobines textile<\/figcaption>\n\t\t\t\t\t\t\t\t\t\t<\/figure>\n\t\t\t\t\t\t\t\t\t<\/div>\n\t\t\t\t<\/div>\n\t\t\t\t\t<\/div>\n\t\t<\/div>\n\t\t\t\t\t<\/div>\n\t\t<\/section>\n\t\t\t\t<section class=\"elementor-section elementor-top-section elementor-element elementor-element-7ba3545 elementor-section-boxed elementor-section-height-default elementor-section-height-default\" data-id=\"7ba3545\" data-element_type=\"section\">\n\t\t\t\t\t\t<div class=\"elementor-container elementor-column-gap-default\">\n\t\t\t\t\t<div class=\"elementor-column elementor-col-100 elementor-top-column elementor-element elementor-element-ca0c577\" data-id=\"ca0c577\" data-element_type=\"column\">\n\t\t\t<div class=\"elementor-widget-wrap elementor-element-populated\">\n\t\t\t\t\t\t<div class=\"elementor-element elementor-element-a6aa919 elementor-widget elementor-widget-text-editor\" data-id=\"a6aa919\" data-element_type=\"widget\" data-widget_type=\"text-editor.default\">\n\t\t\t\t<div class=\"elementor-widget-container\">\n\t\t\t\t\t\t\t\t\t<p>Sur son ordinateur portable recouvert d\u2019autocollants, Elisa recherche ce qui existe d\u00e9j\u00e0 dans ce domaine \u00e0 travers le monde et qui pourrait devenir une source d\u2019inspiration pour Macap. Elle imagine aussi puis dessine en 3D et r\u00e9alise des prototypes 100% issus du recyclage.<\/p>\t\t\t\t\t\t\t\t<\/div>\n\t\t\t\t<\/div>\n\t\t\t\t\t<\/div>\n\t\t<\/div>\n\t\t\t\t\t<\/div>\n\t\t<\/section>\n\t\t\t\t<section class=\"elementor-section elementor-top-section elementor-element elementor-element-6e7cd8a elementor-section-boxed elementor-section-height-default elementor-section-height-default\" data-id=\"6e7cd8a\" data-element_type=\"section\">\n\t\t\t\t\t\t<div class=\"elementor-container elementor-column-gap-default\">\n\t\t\t\t\t<div class=\"elementor-column elementor-col-100 elementor-top-column elementor-element elementor-element-7f42d0f\" data-id=\"7f42d0f\" data-element_type=\"column\">\n\t\t\t<div class=\"elementor-widget-wrap elementor-element-populated\">\n\t\t\t\t\t\t<div class=\"elementor-element elementor-element-d01c45f elementor-widget elementor-widget-image\" data-id=\"d01c45f\" data-element_type=\"widget\" data-widget_type=\"image.default\">\n\t\t\t\t<div class=\"elementor-widget-container\">\n\t\t\t\t\t\t\t\t\t\t\t\t<figure class=\"wp-caption\">\n\t\t\t\t\t\t\t\t\t\t<img loading=\"lazy\" decoding=\"async\" width=\"700\" height=\"534\" src=\"https:\/\/www.macapflag.com\/blog\/wp-content\/uploads\/2022\/07\/recyclage-restes-production-imprimeur-Macap.jpg\" class=\"attachment-large size-large wp-image-10639\" alt=\"Elisa au travail chez Macap\" srcset=\"https:\/\/www.macapflag.com\/blog\/wp-content\/uploads\/2022\/07\/recyclage-restes-production-imprimeur-Macap.jpg 700w, https:\/\/www.macapflag.com\/blog\/wp-content\/uploads\/2022\/07\/recyclage-restes-production-imprimeur-Macap-300x229.jpg 300w\" sizes=\"(max-width: 700px) 100vw, 700px\" \/>\t\t\t\t\t\t\t\t\t\t\t<figcaption class=\"widget-image-caption wp-caption-text\">Elisa \u00e0 l'ouvrage au sein des ateliers<\/figcaption>\n\t\t\t\t\t\t\t\t\t\t<\/figure>\n\t\t\t\t\t\t\t\t\t<\/div>\n\t\t\t\t<\/div>\n\t\t\t\t\t<\/div>\n\t\t<\/div>\n\t\t\t\t\t<\/div>\n\t\t<\/section>\n\t\t\t\t<section class=\"elementor-section elementor-top-section elementor-element elementor-element-d64f89b elementor-section-boxed elementor-section-height-default elementor-section-height-default\" data-id=\"d64f89b\" data-element_type=\"section\">\n\t\t\t\t\t\t<div class=\"elementor-container elementor-column-gap-default\">\n\t\t\t\t\t<div class=\"elementor-column elementor-col-100 elementor-top-column elementor-element elementor-element-5de485b\" data-id=\"5de485b\" data-element_type=\"column\">\n\t\t\t<div class=\"elementor-widget-wrap elementor-element-populated\">\n\t\t\t\t\t\t<div class=\"elementor-element elementor-element-bd21aa0 elementor-widget elementor-widget-text-editor\" data-id=\"bd21aa0\" data-element_type=\"widget\" data-widget_type=\"text-editor.default\">\n\t\t\t\t<div class=\"elementor-widget-container\">\n\t\t\t\t\t\t\t\t\t<p>L\u2019avenir nous dira jusqu\u2019o\u00f9 iront les id\u00e9es d\u2019Elisa et si elles permettront \u00e0 de nouveaux objets de prendre vie mais peu importe, comme le rappelle ce vieux proverbe gitan, \u00e7a n\u2019est pas la destination qui compte mais le chemin que l\u2019on prend\u2026<\/p>\t\t\t\t\t\t\t\t<\/div>\n\t\t\t\t<\/div>\n\t\t\t\t\t<\/div>\n\t\t<\/div>\n\t\t\t\t\t<\/div>\n\t\t<\/section>\n\t\t\t\t<section class=\"elementor-section elementor-top-section elementor-element elementor-element-0543740 elementor-section-boxed elementor-section-height-default elementor-section-height-default\" data-id=\"0543740\" data-element_type=\"section\">\n\t\t\t\t\t\t<div class=\"elementor-container elementor-column-gap-default\">\n\t\t\t\t\t<div class=\"elementor-column elementor-col-50 elementor-top-column elementor-element elementor-element-799fdbc\" data-id=\"799fdbc\" data-element_type=\"column\">\n\t\t\t<div class=\"elementor-widget-wrap elementor-element-populated\">\n\t\t\t\t\t\t<div class=\"elementor-element elementor-element-9c2111c elementor-widget elementor-widget-image\" data-id=\"9c2111c\" data-element_type=\"widget\" data-widget_type=\"image.default\">\n\t\t\t\t<div class=\"elementor-widget-container\">\n\t\t\t\t\t\t\t\t\t\t\t\t<figure class=\"wp-caption\">\n\t\t\t\t\t\t\t\t\t\t<img loading=\"lazy\" decoding=\"async\" width=\"700\" height=\"534\" src=\"https:\/\/www.macapflag.com\/blog\/wp-content\/uploads\/2022\/07\/recyclage-chutes-textile.jpg\" class=\"attachment-large size-large wp-image-10638\" alt=\"Poufs et coussins issus du recyclage textile\" srcset=\"https:\/\/www.macapflag.com\/blog\/wp-content\/uploads\/2022\/07\/recyclage-chutes-textile.jpg 700w, https:\/\/www.macapflag.com\/blog\/wp-content\/uploads\/2022\/07\/recyclage-chutes-textile-300x229.jpg 300w\" sizes=\"(max-width: 700px) 100vw, 700px\" \/>\t\t\t\t\t\t\t\t\t\t\t<figcaption class=\"widget-image-caption wp-caption-text\">Poufs et coussins fabriqu\u00e9s \u00e0 partir des chutes de textile<\/figcaption>\n\t\t\t\t\t\t\t\t\t\t<\/figure>\n\t\t\t\t\t\t\t\t\t<\/div>\n\t\t\t\t<\/div>\n\t\t\t\t\t<\/div>\n\t\t<\/div>\n\t\t\t\t<div class=\"elementor-column elementor-col-50 elementor-top-column elementor-element elementor-element-bdf47eb\" data-id=\"bdf47eb\" data-element_type=\"column\">\n\t\t\t<div class=\"elementor-widget-wrap elementor-element-populated\">\n\t\t\t\t\t\t<div class=\"elementor-element elementor-element-99b1db7 elementor-widget elementor-widget-image\" data-id=\"99b1db7\" data-element_type=\"widget\" data-widget_type=\"image.default\">\n\t\t\t\t<div class=\"elementor-widget-container\">\n\t\t\t\t\t\t\t\t\t\t\t\t<figure class=\"wp-caption\">\n\t\t\t\t\t\t\t\t\t\t<img loading=\"lazy\" decoding=\"async\" width=\"700\" height=\"534\" src=\"https:\/\/www.macapflag.com\/blog\/wp-content\/uploads\/2022\/07\/recyclage-tubes-cartons.jpg\" class=\"attachment-large size-large wp-image-10641\" alt=\"Que faire avec des tubes en carton?\" srcset=\"https:\/\/www.macapflag.com\/blog\/wp-content\/uploads\/2022\/07\/recyclage-tubes-cartons.jpg 700w, https:\/\/www.macapflag.com\/blog\/wp-content\/uploads\/2022\/07\/recyclage-tubes-cartons-300x229.jpg 300w\" sizes=\"(max-width: 700px) 100vw, 700px\" \/>\t\t\t\t\t\t\t\t\t\t\t<figcaption class=\"widget-image-caption wp-caption-text\">Objets d'agencement 100% issus du recyclage<\/figcaption>\n\t\t\t\t\t\t\t\t\t\t<\/figure>\n\t\t\t\t\t\t\t\t\t<\/div>\n\t\t\t\t<\/div>\n\t\t\t\t\t<\/div>\n\t\t<\/div>\n\t\t\t\t\t<\/div>\n\t\t<\/section>\n\t\t\t\t<section class=\"elementor-section elementor-top-section elementor-element elementor-element-d2b12ae elementor-section-boxed elementor-section-height-default elementor-section-height-default\" data-id=\"d2b12ae\" data-element_type=\"section\">\n\t\t\t\t\t\t<div class=\"elementor-container elementor-column-gap-default\">\n\t\t\t\t\t<div class=\"elementor-column elementor-col-50 elementor-top-column elementor-element elementor-element-91bda69\" data-id=\"91bda69\" data-element_type=\"column\">\n\t\t\t<div class=\"elementor-widget-wrap elementor-element-populated\">\n\t\t\t\t\t\t<div class=\"elementor-element elementor-element-9dbe69b elementor-widget elementor-widget-image\" data-id=\"9dbe69b\" data-element_type=\"widget\" data-widget_type=\"image.default\">\n\t\t\t\t<div class=\"elementor-widget-container\">\n\t\t\t\t\t\t\t\t\t\t\t\t<figure class=\"wp-caption\">\n\t\t\t\t\t\t\t\t\t\t<img loading=\"lazy\" decoding=\"async\" width=\"700\" height=\"534\" src=\"https:\/\/www.macapflag.com\/blog\/wp-content\/uploads\/2022\/07\/tube-carton-recyclee-en-lampe.jpg\" class=\"attachment-large size-large wp-image-10643\" alt=\"Quand un tube en carton devient une lampe\" srcset=\"https:\/\/www.macapflag.com\/blog\/wp-content\/uploads\/2022\/07\/tube-carton-recyclee-en-lampe.jpg 700w, https:\/\/www.macapflag.com\/blog\/wp-content\/uploads\/2022\/07\/tube-carton-recyclee-en-lampe-300x229.jpg 300w\" sizes=\"(max-width: 700px) 100vw, 700px\" \/>\t\t\t\t\t\t\t\t\t\t\t<figcaption class=\"widget-image-caption wp-caption-text\">Lampe r\u00e9alis\u00e9e dans une bobine en carton <\/figcaption>\n\t\t\t\t\t\t\t\t\t\t<\/figure>\n\t\t\t\t\t\t\t\t\t<\/div>\n\t\t\t\t<\/div>\n\t\t\t\t\t<\/div>\n\t\t<\/div>\n\t\t\t\t<div class=\"elementor-column elementor-col-50 elementor-top-column elementor-element elementor-element-2a130e4\" data-id=\"2a130e4\" data-element_type=\"column\">\n\t\t\t<div class=\"elementor-widget-wrap elementor-element-populated\">\n\t\t\t\t\t\t<div class=\"elementor-element elementor-element-7a53159 elementor-widget elementor-widget-image\" data-id=\"7a53159\" data-element_type=\"widget\" data-widget_type=\"image.default\">\n\t\t\t\t<div class=\"elementor-widget-container\">\n\t\t\t\t\t\t\t\t\t\t\t\t<figure class=\"wp-caption\">\n\t\t\t\t\t\t\t\t\t\t<img loading=\"lazy\" decoding=\"async\" width=\"700\" height=\"534\" src=\"https:\/\/www.macapflag.com\/blog\/wp-content\/uploads\/2022\/07\/recyclage-chutes-textile-en-guirlande.jpg\" class=\"attachment-large size-large wp-image-10637\" alt=\"r\u00e9cup\u00e9ration textile transform\u00e9 en guirlande\" srcset=\"https:\/\/www.macapflag.com\/blog\/wp-content\/uploads\/2022\/07\/recyclage-chutes-textile-en-guirlande.jpg 700w, https:\/\/www.macapflag.com\/blog\/wp-content\/uploads\/2022\/07\/recyclage-chutes-textile-en-guirlande-300x229.jpg 300w\" sizes=\"(max-width: 700px) 100vw, 700px\" \/>\t\t\t\t\t\t\t\t\t\t\t<figcaption class=\"widget-image-caption wp-caption-text\">Guirlande confectionn\u00e9e dans des chutes de textile<\/figcaption>\n\t\t\t\t\t\t\t\t\t\t<\/figure>\n\t\t\t\t\t\t\t\t\t<\/div>\n\t\t\t\t<\/div>\n\t\t\t\t\t<\/div>\n\t\t<\/div>\n\t\t\t\t\t<\/div>\n\t\t<\/section>\n\t\t\t\t<section class=\"elementor-section elementor-top-section elementor-element elementor-element-7505b7d elementor-section-boxed elementor-section-height-default elementor-section-height-default\" data-id=\"7505b7d\" data-element_type=\"section\">\n\t\t\t\t\t\t<div class=\"elementor-container elementor-column-gap-default\">\n\t\t\t\t\t<div class=\"elementor-column elementor-col-50 elementor-top-column elementor-element elementor-element-3a36a62\" data-id=\"3a36a62\" data-element_type=\"column\">\n\t\t\t<div class=\"elementor-widget-wrap elementor-element-populated\">\n\t\t\t\t\t\t<div class=\"elementor-element elementor-element-56881c3 elementor-widget elementor-widget-image\" data-id=\"56881c3\" data-element_type=\"widget\" data-widget_type=\"image.default\">\n\t\t\t\t<div class=\"elementor-widget-container\">\n\t\t\t\t\t\t\t\t\t\t\t\t<figure class=\"wp-caption\">\n\t\t\t\t\t\t\t\t\t\t<img loading=\"lazy\" decoding=\"async\" width=\"700\" height=\"534\" src=\"https:\/\/www.macapflag.com\/blog\/wp-content\/uploads\/2022\/07\/reutilisation-chutes-textile.jpg\" class=\"attachment-large size-large wp-image-10642\" alt=\"trousse et tablier issus du recyclage\" srcset=\"https:\/\/www.macapflag.com\/blog\/wp-content\/uploads\/2022\/07\/reutilisation-chutes-textile.jpg 700w, https:\/\/www.macapflag.com\/blog\/wp-content\/uploads\/2022\/07\/reutilisation-chutes-textile-300x229.jpg 300w\" sizes=\"(max-width: 700px) 100vw, 700px\" \/>\t\t\t\t\t\t\t\t\t\t\t<figcaption class=\"widget-image-caption wp-caption-text\">Tablier et trousse imagin\u00e9s pour recycler le textile<\/figcaption>\n\t\t\t\t\t\t\t\t\t\t<\/figure>\n\t\t\t\t\t\t\t\t\t<\/div>\n\t\t\t\t<\/div>\n\t\t\t\t\t<\/div>\n\t\t<\/div>\n\t\t\t\t<div class=\"elementor-column elementor-col-50 elementor-top-column elementor-element elementor-element-ce6fbb4\" data-id=\"ce6fbb4\" data-element_type=\"column\">\n\t\t\t<div class=\"elementor-widget-wrap elementor-element-populated\">\n\t\t\t\t\t\t<div class=\"elementor-element elementor-element-c59e8cb elementor-widget elementor-widget-image\" data-id=\"c59e8cb\" data-element_type=\"widget\" data-widget_type=\"image.default\">\n\t\t\t\t<div class=\"elementor-widget-container\">\n\t\t\t\t\t\t\t\t\t\t\t\t<figure class=\"wp-caption\">\n\t\t\t\t\t\t\t\t\t\t<img loading=\"lazy\" decoding=\"async\" width=\"700\" height=\"534\" src=\"https:\/\/www.macapflag.com\/blog\/wp-content\/uploads\/2022\/07\/recyclage-textile-tresse-sac.jpg\" class=\"attachment-large size-large wp-image-10640\" alt=\"sacs tresses en tissu recycl\u00e9\" srcset=\"https:\/\/www.macapflag.com\/blog\/wp-content\/uploads\/2022\/07\/recyclage-textile-tresse-sac.jpg 700w, https:\/\/www.macapflag.com\/blog\/wp-content\/uploads\/2022\/07\/recyclage-textile-tresse-sac-300x229.jpg 300w\" sizes=\"(max-width: 700px) 100vw, 700px\" \/>\t\t\t\t\t\t\t\t\t\t\t<figcaption class=\"widget-image-caption wp-caption-text\">Sac tress\u00e9 avec des d\u00e9chets textiles apr\u00e8s impression<\/figcaption>\n\t\t\t\t\t\t\t\t\t\t<\/figure>\n\t\t\t\t\t\t\t\t\t<\/div>\n\t\t\t\t<\/div>\n\t\t\t\t\t<\/div>\n\t\t<\/div>\n\t\t\t\t\t<\/div>\n\t\t<\/section>\n\t\t\t\t<section class=\"elementor-section elementor-top-section elementor-element elementor-element-a0019f4 elementor-section-boxed elementor-section-height-default elementor-section-height-default\" data-id=\"a0019f4\" data-element_type=\"section\">\n\t\t\t\t\t\t<div class=\"elementor-container elementor-column-gap-default\">\n\t\t\t\t\t<div class=\"elementor-column elementor-col-50 elementor-top-column elementor-element elementor-element-9de73da\" data-id=\"9de73da\" data-element_type=\"column\">\n\t\t\t<div class=\"elementor-widget-wrap elementor-element-populated\">\n\t\t\t\t\t\t<div class=\"elementor-element elementor-element-46b5a0f elementor-widget elementor-widget-image\" data-id=\"46b5a0f\" data-element_type=\"widget\" data-widget_type=\"image.default\">\n\t\t\t\t<div class=\"elementor-widget-container\">\n\t\t\t\t\t\t\t\t\t\t\t\t<figure class=\"wp-caption\">\n\t\t\t\t\t\t\t\t\t\t<img loading=\"lazy\" decoding=\"async\" width=\"700\" height=\"534\" src=\"https:\/\/www.macapflag.com\/blog\/wp-content\/uploads\/2022\/07\/voile-ombrage-tissu-recycle.jpg\" class=\"attachment-large size-large wp-image-10644\" alt=\"Voile d&#039;ombrage 100% recycl\u00e9e\" srcset=\"https:\/\/www.macapflag.com\/blog\/wp-content\/uploads\/2022\/07\/voile-ombrage-tissu-recycle.jpg 700w, https:\/\/www.macapflag.com\/blog\/wp-content\/uploads\/2022\/07\/voile-ombrage-tissu-recycle-300x229.jpg 300w\" sizes=\"(max-width: 700px) 100vw, 700px\" \/>\t\t\t\t\t\t\t\t\t\t\t<figcaption class=\"widget-image-caption wp-caption-text\">Voile d'ombrage fabriqu\u00e9e avecdes chutes de textile<\/figcaption>\n\t\t\t\t\t\t\t\t\t\t<\/figure>\n\t\t\t\t\t\t\t\t\t<\/div>\n\t\t\t\t<\/div>\n\t\t\t\t\t<\/div>\n\t\t<\/div>\n\t\t\t\t<div class=\"elementor-column elementor-col-50 elementor-top-column elementor-element elementor-element-89009d9\" data-id=\"89009d9\" data-element_type=\"column\">\n\t\t\t<div class=\"elementor-widget-wrap elementor-element-populated\">\n\t\t\t\t\t\t<div class=\"elementor-element elementor-element-d95091b elementor-widget elementor-widget-image\" data-id=\"d95091b\" data-element_type=\"widget\" data-widget_type=\"image.default\">\n\t\t\t\t<div class=\"elementor-widget-container\">\n\t\t\t\t\t\t\t\t\t\t\t\t<figure class=\"wp-caption\">\n\t\t\t\t\t\t\t\t\t\t<img loading=\"lazy\" decoding=\"async\" width=\"700\" height=\"534\" src=\"https:\/\/www.macapflag.com\/blog\/wp-content\/uploads\/2022\/07\/Rcap-la-marque-recup-de-Macap.jpg\" class=\"attachment-large size-large wp-image-10634\" alt=\"R&#039;cap le recyclage des d\u00e9chets de Macap\" srcset=\"https:\/\/www.macapflag.com\/blog\/wp-content\/uploads\/2022\/07\/Rcap-la-marque-recup-de-Macap.jpg 700w, https:\/\/www.macapflag.com\/blog\/wp-content\/uploads\/2022\/07\/Rcap-la-marque-recup-de-Macap-300x229.jpg 300w\" sizes=\"(max-width: 700px) 100vw, 700px\" \/>\t\t\t\t\t\t\t\t\t\t\t<figcaption class=\"widget-image-caption wp-caption-text\">R'cap pour promouvoir les cr\u00e9ations issues du recyclage des d\u00e9chets de production Macap<\/figcaption>\n\t\t\t\t\t\t\t\t\t\t<\/figure>\n\t\t\t\t\t\t\t\t\t<\/div>\n\t\t\t\t<\/div>\n\t\t\t\t\t<\/div>\n\t\t<\/div>\n\t\t\t\t\t<\/div>\n\t\t<\/section>\n\t\t\t\t<\/div>\n\t\t","protected":false},"excerpt":{"rendered":"<div class=\"tmnf_excerpt\"><p>Elle s\u2019appelle Elisa, elle a 20 ans. \u00c9tudiante en deuxi\u00e8me ann\u00e9e \u00e0 Kedge Design sur le campus marseillais de Luminy, elle \u00e9tudie les mat\u00e9riaux pour en faire des objets : c\u00e9ramique, bois, textile, m\u00e9tal\u2026 L\u2019ann\u00e9e prochaine, si tout va bien, cette passionn\u00e9e d\u2019art sera dipl\u00f4m\u00e9e d\u2019un bachelor en design g\u00e9n\u00e9ral et deux ans plus tard, &hellip;<\/p>\n<\/div>","protected":false},"author":2,"featured_media":10633,"comment_status":"closed","ping_status":"open","sticky":false,"template":"template-fullwidth.php","format":"standard","meta":{"footnotes":""},"categories":[90],"tags":[],"class_list":["post-10645","post","type-post","status-publish","format-standard","has-post-thumbnail","hentry","category-produits-et-sols"],"yoast_head":"<!-- This site is optimized with the Yoast SEO plugin v26.4 - https:\/\/yoast.com\/wordpress\/plugins\/seo\/ -->\n<title>Elisa offre une deuxi\u00e8me vie aux d\u00e9chets de production, vive le recyclage<\/title>\n<meta name=\"description\" content=\"Quand le probl\u00e8me des d\u00e9chets de production devient une opportunit\u00e9 de recyclage pour cr\u00e9er de nouveaux produits chez Macap imprimeur textile\" \/>\n<meta name=\"robots\" content=\"index, follow, max-snippet:-1, max-image-preview:large, max-video-preview:-1\" \/>\n<link rel=\"canonical\" href=\"https:\/\/www.macapflag.com\/blog\/recyclage\/\" \/>\n<meta property=\"og:locale\" content=\"fr_FR\" \/>\n<meta property=\"og:type\" content=\"article\" \/>\n<meta property=\"og:title\" content=\"Elisa offre une deuxi\u00e8me vie aux d\u00e9chets de production, vive le recyclage\" \/>\n<meta property=\"og:description\" content=\"Quand le probl\u00e8me des d\u00e9chets de production devient une opportunit\u00e9 de recyclage pour cr\u00e9er de nouveaux produits chez Macap imprimeur textile\" \/>\n<meta property=\"og:url\" content=\"https:\/\/www.macapflag.com\/blog\/recyclage\/\" \/>\n<meta property=\"og:site_name\" content=\"Blog - Macap\" \/>\n<meta property=\"article:publisher\" content=\"https:\/\/www.facebook.com\/macap.pavoisement\/\" \/>\n<meta property=\"article:published_time\" content=\"2022-07-11T06:00:00+00:00\" \/>\n<meta property=\"article:modified_time\" content=\"2022-07-11T06:13:54+00:00\" \/>\n<meta property=\"og:image\" content=\"https:\/\/www.macapflag.com\/blog\/wp-content\/uploads\/2022\/07\/elisa-slimani-stagiaire-recyclage-Macap.jpg\" \/>\n\t<meta property=\"og:image:width\" content=\"870\" \/>\n\t<meta property=\"og:image:height\" content=\"600\" \/>\n\t<meta property=\"og:image:type\" content=\"image\/jpeg\" \/>\n<meta name=\"author\" content=\"Blog Macap\" \/>\n<meta name=\"twitter:card\" content=\"summary_large_image\" \/>\n<meta name=\"twitter:label1\" content=\"\u00c9crit par\" \/>\n\t<meta name=\"twitter:data1\" content=\"Blog Macap\" \/>\n\t<meta name=\"twitter:label2\" content=\"Dur\u00e9e de lecture estim\u00e9e\" \/>\n\t<meta name=\"twitter:data2\" content=\"5 minutes\" \/>\n<script type=\"application\/ld+json\" class=\"yoast-schema-graph\">{\"@context\":\"https:\/\/schema.org\",\"@graph\":[{\"@type\":\"Article\",\"@id\":\"https:\/\/www.macapflag.com\/blog\/recyclage\/#article\",\"isPartOf\":{\"@id\":\"https:\/\/www.macapflag.com\/blog\/recyclage\/\"},\"author\":{\"name\":\"Blog Macap\",\"@id\":\"https:\/\/www.macapflag.com\/blog\/#\/schema\/person\/3fea701f2603875e651e6b662578fc3c\"},\"headline\":\"Le projet d&#8217;Elisa\",\"datePublished\":\"2022-07-11T06:00:00+00:00\",\"dateModified\":\"2022-07-11T06:13:54+00:00\",\"mainEntityOfPage\":{\"@id\":\"https:\/\/www.macapflag.com\/blog\/recyclage\/\"},\"wordCount\":465,\"publisher\":{\"@id\":\"https:\/\/www.macapflag.com\/blog\/#organization\"},\"image\":{\"@id\":\"https:\/\/www.macapflag.com\/blog\/recyclage\/#primaryimage\"},\"thumbnailUrl\":\"https:\/\/www.macapflag.com\/blog\/wp-content\/uploads\/2022\/07\/elisa-slimani-stagiaire-recyclage-Macap.jpg\",\"articleSection\":[\"Produits &amp; Solutions\"],\"inLanguage\":\"fr-FR\"},{\"@type\":\"WebPage\",\"@id\":\"https:\/\/www.macapflag.com\/blog\/recyclage\/\",\"url\":\"https:\/\/www.macapflag.com\/blog\/recyclage\/\",\"name\":\"Elisa offre une deuxi\u00e8me vie aux d\u00e9chets de production, vive le recyclage\",\"isPartOf\":{\"@id\":\"https:\/\/www.macapflag.com\/blog\/#website\"},\"primaryImageOfPage\":{\"@id\":\"https:\/\/www.macapflag.com\/blog\/recyclage\/#primaryimage\"},\"image\":{\"@id\":\"https:\/\/www.macapflag.com\/blog\/recyclage\/#primaryimage\"},\"thumbnailUrl\":\"https:\/\/www.macapflag.com\/blog\/wp-content\/uploads\/2022\/07\/elisa-slimani-stagiaire-recyclage-Macap.jpg\",\"datePublished\":\"2022-07-11T06:00:00+00:00\",\"dateModified\":\"2022-07-11T06:13:54+00:00\",\"description\":\"Quand le probl\u00e8me des d\u00e9chets de production devient une opportunit\u00e9 de recyclage pour cr\u00e9er de nouveaux produits chez Macap imprimeur textile\",\"breadcrumb\":{\"@id\":\"https:\/\/www.macapflag.com\/blog\/recyclage\/#breadcrumb\"},\"inLanguage\":\"fr-FR\",\"potentialAction\":[{\"@type\":\"ReadAction\",\"target\":[\"https:\/\/www.macapflag.com\/blog\/recyclage\/\"]}]},{\"@type\":\"ImageObject\",\"inLanguage\":\"fr-FR\",\"@id\":\"https:\/\/www.macapflag.com\/blog\/recyclage\/#primaryimage\",\"url\":\"https:\/\/www.macapflag.com\/blog\/wp-content\/uploads\/2022\/07\/elisa-slimani-stagiaire-recyclage-Macap.jpg\",\"contentUrl\":\"https:\/\/www.macapflag.com\/blog\/wp-content\/uploads\/2022\/07\/elisa-slimani-stagiaire-recyclage-Macap.jpg\",\"width\":870,\"height\":600,\"caption\":\"Elisa stagiaire de l'\u00e9cole Kedge Design chez Macap pour le recyclage\"},{\"@type\":\"BreadcrumbList\",\"@id\":\"https:\/\/www.macapflag.com\/blog\/recyclage\/#breadcrumb\",\"itemListElement\":[{\"@type\":\"ListItem\",\"position\":1,\"name\":\"Accueil\",\"item\":\"https:\/\/www.macapflag.com\/blog\/\"},{\"@type\":\"ListItem\",\"position\":2,\"name\":\"Le projet d&rsquo;Elisa\"}]},{\"@type\":\"WebSite\",\"@id\":\"https:\/\/www.macapflag.com\/blog\/#website\",\"url\":\"https:\/\/www.macapflag.com\/blog\/\",\"name\":\"Blog - Macap\",\"description\":\"Tous nos articles\",\"publisher\":{\"@id\":\"https:\/\/www.macapflag.com\/blog\/#organization\"},\"potentialAction\":[{\"@type\":\"SearchAction\",\"target\":{\"@type\":\"EntryPoint\",\"urlTemplate\":\"https:\/\/www.macapflag.com\/blog\/?s={search_term_string}\"},\"query-input\":{\"@type\":\"PropertyValueSpecification\",\"valueRequired\":true,\"valueName\":\"search_term_string\"}}],\"inLanguage\":\"fr-FR\"},{\"@type\":\"Organization\",\"@id\":\"https:\/\/www.macapflag.com\/blog\/#organization\",\"name\":\"macapflag\",\"url\":\"https:\/\/www.macapflag.com\/blog\/\",\"logo\":{\"@type\":\"ImageObject\",\"inLanguage\":\"fr-FR\",\"@id\":\"https:\/\/www.macapflag.com\/blog\/#\/schema\/logo\/image\/\",\"url\":\"https:\/\/www.macapflag.com\/blog\/wp-content\/uploads\/2020\/12\/cropped-M-512-1.png\",\"contentUrl\":\"https:\/\/www.macapflag.com\/blog\/wp-content\/uploads\/2020\/12\/cropped-M-512-1.png\",\"width\":512,\"height\":512,\"caption\":\"macapflag\"},\"image\":{\"@id\":\"https:\/\/www.macapflag.com\/blog\/#\/schema\/logo\/image\/\"},\"sameAs\":[\"https:\/\/www.facebook.com\/macap.pavoisement\/\",\"https:\/\/www.instagram.com\/macapflag\/?hl=fr\",\"https:\/\/www.linkedin.com\/company\/macap\/?originalSubdomain=fr\",\"https:\/\/www.youtube.com\/channel\/UCXNzTIdZh9poEBjSXEqDtNw\"]},{\"@type\":\"Person\",\"@id\":\"https:\/\/www.macapflag.com\/blog\/#\/schema\/person\/3fea701f2603875e651e6b662578fc3c\",\"name\":\"Blog Macap\",\"image\":{\"@type\":\"ImageObject\",\"inLanguage\":\"fr-FR\",\"@id\":\"https:\/\/www.macapflag.com\/blog\/#\/schema\/person\/image\/\",\"url\":\"https:\/\/secure.gravatar.com\/avatar\/c12551f2dc51f0db049633b03e7856985477a70da834cc8967dea4ce54bdd6a2?s=96&d=mm&r=g\",\"contentUrl\":\"https:\/\/secure.gravatar.com\/avatar\/c12551f2dc51f0db049633b03e7856985477a70da834cc8967dea4ce54bdd6a2?s=96&d=mm&r=g\",\"caption\":\"Blog Macap\"},\"url\":\"https:\/\/www.macapflag.com\/blog\/author\/macap\/\"}]}<\/script>\n<!-- \/ Yoast SEO plugin. -->","yoast_head_json":{"title":"Elisa offre une deuxi\u00e8me vie aux d\u00e9chets de production, vive le recyclage","description":"Quand le probl\u00e8me des d\u00e9chets de production devient une opportunit\u00e9 de recyclage pour cr\u00e9er de nouveaux produits chez Macap imprimeur textile","robots":{"index":"index","follow":"follow","max-snippet":"max-snippet:-1","max-image-preview":"max-image-preview:large","max-video-preview":"max-video-preview:-1"},"canonical":"https:\/\/www.macapflag.com\/blog\/recyclage\/","og_locale":"fr_FR","og_type":"article","og_title":"Elisa offre une deuxi\u00e8me vie aux d\u00e9chets de production, vive le recyclage","og_description":"Quand le probl\u00e8me des d\u00e9chets de production devient une opportunit\u00e9 de recyclage pour cr\u00e9er de nouveaux produits chez Macap imprimeur textile","og_url":"https:\/\/www.macapflag.com\/blog\/recyclage\/","og_site_name":"Blog - Macap","article_publisher":"https:\/\/www.facebook.com\/macap.pavoisement\/","article_published_time":"2022-07-11T06:00:00+00:00","article_modified_time":"2022-07-11T06:13:54+00:00","og_image":[{"width":870,"height":600,"url":"https:\/\/www.macapflag.com\/blog\/wp-content\/uploads\/2022\/07\/elisa-slimani-stagiaire-recyclage-Macap.jpg","type":"image\/jpeg"}],"author":"Blog Macap","twitter_card":"summary_large_image","twitter_misc":{"\u00c9crit par":"Blog Macap","Dur\u00e9e de lecture estim\u00e9e":"5 minutes"},"schema":{"@context":"https:\/\/schema.org","@graph":[{"@type":"Article","@id":"https:\/\/www.macapflag.com\/blog\/recyclage\/#article","isPartOf":{"@id":"https:\/\/www.macapflag.com\/blog\/recyclage\/"},"author":{"name":"Blog Macap","@id":"https:\/\/www.macapflag.com\/blog\/#\/schema\/person\/3fea701f2603875e651e6b662578fc3c"},"headline":"Le projet d&#8217;Elisa","datePublished":"2022-07-11T06:00:00+00:00","dateModified":"2022-07-11T06:13:54+00:00","mainEntityOfPage":{"@id":"https:\/\/www.macapflag.com\/blog\/recyclage\/"},"wordCount":465,"publisher":{"@id":"https:\/\/www.macapflag.com\/blog\/#organization"},"image":{"@id":"https:\/\/www.macapflag.com\/blog\/recyclage\/#primaryimage"},"thumbnailUrl":"https:\/\/www.macapflag.com\/blog\/wp-content\/uploads\/2022\/07\/elisa-slimani-stagiaire-recyclage-Macap.jpg","articleSection":["Produits &amp; Solutions"],"inLanguage":"fr-FR"},{"@type":"WebPage","@id":"https:\/\/www.macapflag.com\/blog\/recyclage\/","url":"https:\/\/www.macapflag.com\/blog\/recyclage\/","name":"Elisa offre une deuxi\u00e8me vie aux d\u00e9chets de production, vive le recyclage","isPartOf":{"@id":"https:\/\/www.macapflag.com\/blog\/#website"},"primaryImageOfPage":{"@id":"https:\/\/www.macapflag.com\/blog\/recyclage\/#primaryimage"},"image":{"@id":"https:\/\/www.macapflag.com\/blog\/recyclage\/#primaryimage"},"thumbnailUrl":"https:\/\/www.macapflag.com\/blog\/wp-content\/uploads\/2022\/07\/elisa-slimani-stagiaire-recyclage-Macap.jpg","datePublished":"2022-07-11T06:00:00+00:00","dateModified":"2022-07-11T06:13:54+00:00","description":"Quand le probl\u00e8me des d\u00e9chets de production devient une opportunit\u00e9 de recyclage pour cr\u00e9er de nouveaux produits chez Macap imprimeur textile","breadcrumb":{"@id":"https:\/\/www.macapflag.com\/blog\/recyclage\/#breadcrumb"},"inLanguage":"fr-FR","potentialAction":[{"@type":"ReadAction","target":["https:\/\/www.macapflag.com\/blog\/recyclage\/"]}]},{"@type":"ImageObject","inLanguage":"fr-FR","@id":"https:\/\/www.macapflag.com\/blog\/recyclage\/#primaryimage","url":"https:\/\/www.macapflag.com\/blog\/wp-content\/uploads\/2022\/07\/elisa-slimani-stagiaire-recyclage-Macap.jpg","contentUrl":"https:\/\/www.macapflag.com\/blog\/wp-content\/uploads\/2022\/07\/elisa-slimani-stagiaire-recyclage-Macap.jpg","width":870,"height":600,"caption":"Elisa stagiaire de l'\u00e9cole Kedge Design chez Macap pour le recyclage"},{"@type":"BreadcrumbList","@id":"https:\/\/www.macapflag.com\/blog\/recyclage\/#breadcrumb","itemListElement":[{"@type":"ListItem","position":1,"name":"Accueil","item":"https:\/\/www.macapflag.com\/blog\/"},{"@type":"ListItem","position":2,"name":"Le projet d&rsquo;Elisa"}]},{"@type":"WebSite","@id":"https:\/\/www.macapflag.com\/blog\/#website","url":"https:\/\/www.macapflag.com\/blog\/","name":"Blog - Macap","description":"Tous nos articles","publisher":{"@id":"https:\/\/www.macapflag.com\/blog\/#organization"},"potentialAction":[{"@type":"SearchAction","target":{"@type":"EntryPoint","urlTemplate":"https:\/\/www.macapflag.com\/blog\/?s={search_term_string}"},"query-input":{"@type":"PropertyValueSpecification","valueRequired":true,"valueName":"search_term_string"}}],"inLanguage":"fr-FR"},{"@type":"Organization","@id":"https:\/\/www.macapflag.com\/blog\/#organization","name":"macapflag","url":"https:\/\/www.macapflag.com\/blog\/","logo":{"@type":"ImageObject","inLanguage":"fr-FR","@id":"https:\/\/www.macapflag.com\/blog\/#\/schema\/logo\/image\/","url":"https:\/\/www.macapflag.com\/blog\/wp-content\/uploads\/2020\/12\/cropped-M-512-1.png","contentUrl":"https:\/\/www.macapflag.com\/blog\/wp-content\/uploads\/2020\/12\/cropped-M-512-1.png","width":512,"height":512,"caption":"macapflag"},"image":{"@id":"https:\/\/www.macapflag.com\/blog\/#\/schema\/logo\/image\/"},"sameAs":["https:\/\/www.facebook.com\/macap.pavoisement\/","https:\/\/www.instagram.com\/macapflag\/?hl=fr","https:\/\/www.linkedin.com\/company\/macap\/?originalSubdomain=fr","https:\/\/www.youtube.com\/channel\/UCXNzTIdZh9poEBjSXEqDtNw"]},{"@type":"Person","@id":"https:\/\/www.macapflag.com\/blog\/#\/schema\/person\/3fea701f2603875e651e6b662578fc3c","name":"Blog Macap","image":{"@type":"ImageObject","inLanguage":"fr-FR","@id":"https:\/\/www.macapflag.com\/blog\/#\/schema\/person\/image\/","url":"https:\/\/secure.gravatar.com\/avatar\/c12551f2dc51f0db049633b03e7856985477a70da834cc8967dea4ce54bdd6a2?s=96&d=mm&r=g","contentUrl":"https:\/\/secure.gravatar.com\/avatar\/c12551f2dc51f0db049633b03e7856985477a70da834cc8967dea4ce54bdd6a2?s=96&d=mm&r=g","caption":"Blog Macap"},"url":"https:\/\/www.macapflag.com\/blog\/author\/macap\/"}]}},"_links":{"self":[{"href":"https:\/\/www.macapflag.com\/blog\/wp-json\/wp\/v2\/posts\/10645","targetHints":{"allow":["GET"]}}],"collection":[{"href":"https:\/\/www.macapflag.com\/blog\/wp-json\/wp\/v2\/posts"}],"about":[{"href":"https:\/\/www.macapflag.com\/blog\/wp-json\/wp\/v2\/types\/post"}],"author":[{"embeddable":true,"href":"https:\/\/www.macapflag.com\/blog\/wp-json\/wp\/v2\/users\/2"}],"replies":[{"embeddable":true,"href":"https:\/\/www.macapflag.com\/blog\/wp-json\/wp\/v2\/comments?post=10645"}],"version-history":[{"count":35,"href":"https:\/\/www.macapflag.com\/blog\/wp-json\/wp\/v2\/posts\/10645\/revisions"}],"predecessor-version":[{"id":10744,"href":"https:\/\/www.macapflag.com\/blog\/wp-json\/wp\/v2\/posts\/10645\/revisions\/10744"}],"wp:featuredmedia":[{"embeddable":true,"href":"https:\/\/www.macapflag.com\/blog\/wp-json\/wp\/v2\/media\/10633"}],"wp:attachment":[{"href":"https:\/\/www.macapflag.com\/blog\/wp-json\/wp\/v2\/media?parent=10645"}],"wp:term":[{"taxonomy":"category","embeddable":true,"href":"https:\/\/www.macapflag.com\/blog\/wp-json\/wp\/v2\/categories?post=10645"},{"taxonomy":"post_tag","embeddable":true,"href":"https:\/\/www.macapflag.com\/blog\/wp-json\/wp\/v2\/tags?post=10645"}],"curies":[{"name":"wp","href":"https:\/\/api.w.org\/{rel}","templated":true}]}}