{"id":10688,"date":"2022-07-25T08:00:00","date_gmt":"2022-07-25T06:00:00","guid":{"rendered":"https:\/\/www.macapflag.com\/blog\/?p=10688"},"modified":"2022-07-24T11:37:04","modified_gmt":"2022-07-24T09:37:04","slug":"aout","status":"publish","type":"post","link":"https:\/\/www.macapflag.com\/blog\/aout\/","title":{"rendered":"\u00c7a se passe en ao\u00fbt !"},"content":{"rendered":"\t\t<div data-elementor-type=\"wp-post\" data-elementor-id=\"10688\" class=\"elementor elementor-10688\">\n\t\t\t\t\t\t<section class=\"elementor-section elementor-top-section elementor-element elementor-element-c999862 elementor-section-boxed elementor-section-height-default elementor-section-height-default\" data-id=\"c999862\" data-element_type=\"section\">\n\t\t\t\t\t\t<div class=\"elementor-container elementor-column-gap-default\">\n\t\t\t\t\t<div class=\"elementor-column elementor-col-100 elementor-top-column elementor-element elementor-element-61fba8e\" data-id=\"61fba8e\" data-element_type=\"column\">\n\t\t\t<div class=\"elementor-widget-wrap elementor-element-populated\">\n\t\t\t\t\t\t<div class=\"elementor-element elementor-element-c848b35 elementor-widget elementor-widget-text-editor\" data-id=\"c848b35\" data-element_type=\"widget\" data-widget_type=\"text-editor.default\">\n\t\t\t\t<div class=\"elementor-widget-container\">\n\t\t\t\t\t\t\t\t\t<p>Le mois d\u2019ao\u00fbt est traditionnellement celui des vacances d\u2019\u00e9t\u00e9 pour beaucoup de fran\u00e7ais. Pour les \u00e9v\u00e8nements aussi !\u2026 Hormis les festivals qui battent leur plein pendant l\u2019\u00e9t\u00e9, peu de grands \u00e9v\u00e8nements sont organis\u00e9s \u00e0 cette p\u00e9riode. Nous avons profit\u00e9 de cette p\u00e9riode relativement calme pour mettre en valeur dans cet article, les journ\u00e9es du mois d\u00e9di\u00e9es \u00e0 de nobles causes internationales.<\/p>\t\t\t\t\t\t\t\t<\/div>\n\t\t\t\t<\/div>\n\t\t\t\t\t<\/div>\n\t\t<\/div>\n\t\t\t\t\t<\/div>\n\t\t<\/section>\n\t\t\t\t<section class=\"elementor-section elementor-top-section elementor-element elementor-element-7dbe862 elementor-section-boxed elementor-section-height-default elementor-section-height-default\" data-id=\"7dbe862\" data-element_type=\"section\">\n\t\t\t\t\t\t<div class=\"elementor-container elementor-column-gap-default\">\n\t\t\t\t\t<div class=\"elementor-column elementor-col-33 elementor-top-column elementor-element elementor-element-24bbbe7\" data-id=\"24bbbe7\" data-element_type=\"column\">\n\t\t\t<div class=\"elementor-widget-wrap elementor-element-populated\">\n\t\t\t\t\t\t<div class=\"elementor-element elementor-element-b548201 elementor-widget elementor-widget-text-editor\" data-id=\"b548201\" data-element_type=\"widget\" data-widget_type=\"text-editor.default\">\n\t\t\t\t<div class=\"elementor-widget-container\">\n\t\t\t\t\t\t\t\t\t<p><span style=\"font-size: 36pt;\"><strong>09<\/strong><\/span><\/p>\t\t\t\t\t\t\t\t<\/div>\n\t\t\t\t<\/div>\n\t\t\t\t\t<\/div>\n\t\t<\/div>\n\t\t\t\t<div class=\"elementor-column elementor-col-66 elementor-top-column elementor-element elementor-element-bcbc5fc\" data-id=\"bcbc5fc\" data-element_type=\"column\">\n\t\t\t<div class=\"elementor-widget-wrap elementor-element-populated\">\n\t\t\t\t\t\t<div class=\"elementor-element elementor-element-b8083fd elementor-widget elementor-widget-text-editor\" data-id=\"b8083fd\" data-element_type=\"widget\" data-widget_type=\"text-editor.default\">\n\t\t\t\t<div class=\"elementor-widget-container\">\n\t\t\t\t\t\t\t\t\t<p><span style=\"font-size: 18.6667px;\">C\u2019est la <strong>journ\u00e9e internationale des peuples autochtones<\/strong>. Ils sont 476 millions \u00e0 vivre dans 90 pays du monde et repr\u00e9sentent 6% de la population mondiale. Peuples de cultures et de traditions, leur avenir est malheureusement souvent menac\u00e9 par la mondialisation et l\u2019\u00e9volution du monde.<\/span><\/p>\t\t\t\t\t\t\t\t<\/div>\n\t\t\t\t<\/div>\n\t\t\t\t\t<\/div>\n\t\t<\/div>\n\t\t\t\t\t<\/div>\n\t\t<\/section>\n\t\t\t\t<section class=\"elementor-section elementor-top-section elementor-element elementor-element-351f446 elementor-section-boxed elementor-section-height-default elementor-section-height-default\" data-id=\"351f446\" data-element_type=\"section\">\n\t\t\t\t\t\t<div class=\"elementor-container elementor-column-gap-default\">\n\t\t\t\t\t<div class=\"elementor-column elementor-col-100 elementor-top-column elementor-element elementor-element-44f19f2\" data-id=\"44f19f2\" data-element_type=\"column\">\n\t\t\t<div class=\"elementor-widget-wrap elementor-element-populated\">\n\t\t\t\t\t\t<div class=\"elementor-element elementor-element-4178d2a elementor-widget-divider--view-line elementor-widget elementor-widget-divider\" data-id=\"4178d2a\" data-element_type=\"widget\" data-widget_type=\"divider.default\">\n\t\t\t\t<div class=\"elementor-widget-container\">\n\t\t\t\t\t\t\t<div class=\"elementor-divider\">\n\t\t\t<span class=\"elementor-divider-separator\">\n\t\t\t\t\t\t<\/span>\n\t\t<\/div>\n\t\t\t\t\t\t<\/div>\n\t\t\t\t<\/div>\n\t\t\t\t\t<\/div>\n\t\t<\/div>\n\t\t\t\t\t<\/div>\n\t\t<\/section>\n\t\t\t\t<section class=\"elementor-section elementor-top-section elementor-element elementor-element-eed4a75 elementor-section-boxed elementor-section-height-default elementor-section-height-default\" data-id=\"eed4a75\" data-element_type=\"section\">\n\t\t\t\t\t\t<div class=\"elementor-container elementor-column-gap-default\">\n\t\t\t\t\t<div class=\"elementor-column elementor-col-33 elementor-top-column elementor-element elementor-element-4c5996a\" data-id=\"4c5996a\" data-element_type=\"column\">\n\t\t\t<div class=\"elementor-widget-wrap elementor-element-populated\">\n\t\t\t\t\t\t<div class=\"elementor-element elementor-element-d1dfa0e elementor-widget elementor-widget-text-editor\" data-id=\"d1dfa0e\" data-element_type=\"widget\" data-widget_type=\"text-editor.default\">\n\t\t\t\t<div class=\"elementor-widget-container\">\n\t\t\t\t\t\t\t\t\t<p><span style=\"font-size: 36pt;\"><strong>11<\/strong><\/span><\/p>\t\t\t\t\t\t\t\t<\/div>\n\t\t\t\t<\/div>\n\t\t\t\t\t<\/div>\n\t\t<\/div>\n\t\t\t\t<div class=\"elementor-column elementor-col-66 elementor-top-column elementor-element elementor-element-65b9abf\" data-id=\"65b9abf\" data-element_type=\"column\">\n\t\t\t<div class=\"elementor-widget-wrap elementor-element-populated\">\n\t\t\t\t\t\t<div class=\"elementor-element elementor-element-83a3386 elementor-widget elementor-widget-text-editor\" data-id=\"83a3386\" data-element_type=\"widget\" data-widget_type=\"text-editor.default\">\n\t\t\t\t<div class=\"elementor-widget-container\">\n\t\t\t\t\t\t\t\t\t<p>Cette date marque le d\u00e9but des festivit\u00e9s qui se d\u00e9roulent du 11 au 15 ao\u00fbt \u00e0 <strong>Dax \u00e0 l\u2019occasion de la f\u00e9ria.<\/strong> 5 jours de f\u00eate et de liesse dans les rues de cette jolie ville sur Sud Ouest qui accueille touristes et amoureux de la culture occitane.<\/p>\t\t\t\t\t\t\t\t<\/div>\n\t\t\t\t<\/div>\n\t\t\t\t\t<\/div>\n\t\t<\/div>\n\t\t\t\t\t<\/div>\n\t\t<\/section>\n\t\t\t\t<section class=\"elementor-section elementor-top-section elementor-element elementor-element-654f824 elementor-section-boxed elementor-section-height-default elementor-section-height-default\" data-id=\"654f824\" data-element_type=\"section\">\n\t\t\t\t\t\t<div class=\"elementor-container elementor-column-gap-default\">\n\t\t\t\t\t<div class=\"elementor-column elementor-col-100 elementor-top-column elementor-element elementor-element-37d6d58\" data-id=\"37d6d58\" data-element_type=\"column\">\n\t\t\t<div class=\"elementor-widget-wrap elementor-element-populated\">\n\t\t\t\t\t\t<div class=\"elementor-element elementor-element-01999ca elementor-widget-divider--view-line elementor-widget elementor-widget-divider\" data-id=\"01999ca\" data-element_type=\"widget\" data-widget_type=\"divider.default\">\n\t\t\t\t<div class=\"elementor-widget-container\">\n\t\t\t\t\t\t\t<div class=\"elementor-divider\">\n\t\t\t<span class=\"elementor-divider-separator\">\n\t\t\t\t\t\t<\/span>\n\t\t<\/div>\n\t\t\t\t\t\t<\/div>\n\t\t\t\t<\/div>\n\t\t\t\t\t<\/div>\n\t\t<\/div>\n\t\t\t\t\t<\/div>\n\t\t<\/section>\n\t\t\t\t<section class=\"elementor-section elementor-top-section elementor-element elementor-element-55ac54b elementor-section-boxed elementor-section-height-default elementor-section-height-default\" data-id=\"55ac54b\" data-element_type=\"section\">\n\t\t\t\t\t\t<div class=\"elementor-container elementor-column-gap-default\">\n\t\t\t\t\t<div class=\"elementor-column elementor-col-33 elementor-top-column elementor-element elementor-element-e438e54\" data-id=\"e438e54\" data-element_type=\"column\">\n\t\t\t<div class=\"elementor-widget-wrap elementor-element-populated\">\n\t\t\t\t\t\t<div class=\"elementor-element elementor-element-2099312 elementor-widget elementor-widget-text-editor\" data-id=\"2099312\" data-element_type=\"widget\" data-widget_type=\"text-editor.default\">\n\t\t\t\t<div class=\"elementor-widget-container\">\n\t\t\t\t\t\t\t\t\t<p><span style=\"font-size: 36pt;\"><strong>12<\/strong><\/span><\/p>\t\t\t\t\t\t\t\t<\/div>\n\t\t\t\t<\/div>\n\t\t\t\t\t<\/div>\n\t\t<\/div>\n\t\t\t\t<div class=\"elementor-column elementor-col-66 elementor-top-column elementor-element elementor-element-0bce5f9\" data-id=\"0bce5f9\" data-element_type=\"column\">\n\t\t\t<div class=\"elementor-widget-wrap elementor-element-populated\">\n\t\t\t\t\t\t<div class=\"elementor-element elementor-element-2f3a840 elementor-widget elementor-widget-text-editor\" data-id=\"2f3a840\" data-element_type=\"widget\" data-widget_type=\"text-editor.default\">\n\t\t\t\t<div class=\"elementor-widget-container\">\n\t\t\t\t\t\t\t\t\t<p>Depuis 1999, c\u2019est cette date du 12 ao\u00fbt qui a \u00e9t\u00e9 choisie par l\u2019assembl\u00e9e g\u00e9n\u00e9rale des Nations Unies pour mettre en lumi\u00e8re <strong>la jeunesse<\/strong>, son avenir et son implication dans la soci\u00e9t\u00e9. Le th\u00e8me de la jeunesse est li\u00e9 \u00e0 celui de l\u2019avenir de la plan\u00e8te, des modes d\u2019alimentation et des innovations.<\/p>\t\t\t\t\t\t\t\t<\/div>\n\t\t\t\t<\/div>\n\t\t\t\t\t<\/div>\n\t\t<\/div>\n\t\t\t\t\t<\/div>\n\t\t<\/section>\n\t\t\t\t<section class=\"elementor-section elementor-top-section elementor-element elementor-element-9fb26df elementor-section-boxed elementor-section-height-default elementor-section-height-default\" data-id=\"9fb26df\" data-element_type=\"section\">\n\t\t\t\t\t\t<div class=\"elementor-container elementor-column-gap-default\">\n\t\t\t\t\t<div class=\"elementor-column elementor-col-100 elementor-top-column elementor-element elementor-element-c071c70\" data-id=\"c071c70\" data-element_type=\"column\">\n\t\t\t<div class=\"elementor-widget-wrap elementor-element-populated\">\n\t\t\t\t\t\t<div class=\"elementor-element elementor-element-7643845 elementor-widget-divider--view-line elementor-widget elementor-widget-divider\" data-id=\"7643845\" data-element_type=\"widget\" data-widget_type=\"divider.default\">\n\t\t\t\t<div class=\"elementor-widget-container\">\n\t\t\t\t\t\t\t<div class=\"elementor-divider\">\n\t\t\t<span class=\"elementor-divider-separator\">\n\t\t\t\t\t\t<\/span>\n\t\t<\/div>\n\t\t\t\t\t\t<\/div>\n\t\t\t\t<\/div>\n\t\t\t\t\t<\/div>\n\t\t<\/div>\n\t\t\t\t\t<\/div>\n\t\t<\/section>\n\t\t\t\t<section class=\"elementor-section elementor-top-section elementor-element elementor-element-c5a7dba elementor-section-boxed elementor-section-height-default elementor-section-height-default\" data-id=\"c5a7dba\" data-element_type=\"section\">\n\t\t\t\t\t\t<div class=\"elementor-container elementor-column-gap-default\">\n\t\t\t\t\t<div class=\"elementor-column elementor-col-33 elementor-top-column elementor-element elementor-element-aa11c6a\" data-id=\"aa11c6a\" data-element_type=\"column\">\n\t\t\t<div class=\"elementor-widget-wrap elementor-element-populated\">\n\t\t\t\t\t\t<div class=\"elementor-element elementor-element-ec0ddb0 elementor-widget elementor-widget-text-editor\" data-id=\"ec0ddb0\" data-element_type=\"widget\" data-widget_type=\"text-editor.default\">\n\t\t\t\t<div class=\"elementor-widget-container\">\n\t\t\t\t\t\t\t\t\t<p><span style=\"font-size: 36pt;\"><strong>15<\/strong><\/span><\/p>\t\t\t\t\t\t\t\t<\/div>\n\t\t\t\t<\/div>\n\t\t\t\t\t<\/div>\n\t\t<\/div>\n\t\t\t\t<div class=\"elementor-column elementor-col-66 elementor-top-column elementor-element elementor-element-0ed1869\" data-id=\"0ed1869\" data-element_type=\"column\">\n\t\t\t<div class=\"elementor-widget-wrap elementor-element-populated\">\n\t\t\t\t\t\t<div class=\"elementor-element elementor-element-60c26b0 elementor-widget elementor-widget-text-editor\" data-id=\"60c26b0\" data-element_type=\"widget\" data-widget_type=\"text-editor.default\">\n\t\t\t\t<div class=\"elementor-widget-container\">\n\t\t\t\t\t\t\t\t\t<p>C\u2019est la c\u00e9l\u00e8bre <strong>assomption<\/strong>, une f\u00eate religieuse catholique qui c\u00e9l\u00e8bre \u201cla mont\u00e9e au ciel\u201d de la Vierge Marie qui entre alors dans la gloire de Dieu \u00e0 la fin de sa vie terrestre. C\u2019est devenu un jour f\u00e9ri\u00e9 en France au XVII\u00e8me si\u00e8cle sous le r\u00e8gne de Louis XIII.<\/p>\t\t\t\t\t\t\t\t<\/div>\n\t\t\t\t<\/div>\n\t\t\t\t\t<\/div>\n\t\t<\/div>\n\t\t\t\t\t<\/div>\n\t\t<\/section>\n\t\t\t\t<section class=\"elementor-section elementor-top-section elementor-element elementor-element-9d42c18 elementor-section-boxed elementor-section-height-default elementor-section-height-default\" data-id=\"9d42c18\" data-element_type=\"section\">\n\t\t\t\t\t\t<div class=\"elementor-container elementor-column-gap-default\">\n\t\t\t\t\t<div class=\"elementor-column elementor-col-100 elementor-top-column elementor-element elementor-element-28d300d\" data-id=\"28d300d\" data-element_type=\"column\">\n\t\t\t<div class=\"elementor-widget-wrap elementor-element-populated\">\n\t\t\t\t\t\t<div class=\"elementor-element elementor-element-180c7b5 elementor-widget-divider--view-line elementor-widget elementor-widget-divider\" data-id=\"180c7b5\" data-element_type=\"widget\" data-widget_type=\"divider.default\">\n\t\t\t\t<div class=\"elementor-widget-container\">\n\t\t\t\t\t\t\t<div class=\"elementor-divider\">\n\t\t\t<span class=\"elementor-divider-separator\">\n\t\t\t\t\t\t<\/span>\n\t\t<\/div>\n\t\t\t\t\t\t<\/div>\n\t\t\t\t<\/div>\n\t\t\t\t\t<\/div>\n\t\t<\/div>\n\t\t\t\t\t<\/div>\n\t\t<\/section>\n\t\t\t\t<section class=\"elementor-section elementor-top-section elementor-element elementor-element-bd25471 elementor-section-boxed elementor-section-height-default elementor-section-height-default\" data-id=\"bd25471\" data-element_type=\"section\">\n\t\t\t\t\t\t<div class=\"elementor-container elementor-column-gap-default\">\n\t\t\t\t\t<div class=\"elementor-column elementor-col-33 elementor-top-column elementor-element elementor-element-bddc2f5\" data-id=\"bddc2f5\" data-element_type=\"column\">\n\t\t\t<div class=\"elementor-widget-wrap elementor-element-populated\">\n\t\t\t\t\t\t<div class=\"elementor-element elementor-element-2033f04 elementor-widget elementor-widget-text-editor\" data-id=\"2033f04\" data-element_type=\"widget\" data-widget_type=\"text-editor.default\">\n\t\t\t\t<div class=\"elementor-widget-container\">\n\t\t\t\t\t\t\t\t\t<p><span style=\"font-size: 36pt;\"><strong>19<\/strong><\/span><\/p>\t\t\t\t\t\t\t\t<\/div>\n\t\t\t\t<\/div>\n\t\t\t\t\t<\/div>\n\t\t<\/div>\n\t\t\t\t<div class=\"elementor-column elementor-col-66 elementor-top-column elementor-element elementor-element-b0e7045\" data-id=\"b0e7045\" data-element_type=\"column\">\n\t\t\t<div class=\"elementor-widget-wrap elementor-element-populated\">\n\t\t\t\t\t\t<div class=\"elementor-element elementor-element-b1a0464 elementor-widget elementor-widget-text-editor\" data-id=\"b1a0464\" data-element_type=\"widget\" data-widget_type=\"text-editor.default\">\n\t\t\t\t<div class=\"elementor-widget-container\">\n\t\t\t\t\t\t\t\t\t<p><strong>Journ\u00e9e mondiale de l\u2019aide humanitaire<\/strong>. La communication de cette journ\u00e9e d\u00e9cid\u00e9e par l\u2019ONU est accompagn\u00e9e d\u2019un hashtag #TheHumanRace. Le r\u00e9chauffement climatique accentue les besoins en aide humanitaire. Cette journ\u00e9e rend hommage \u00e0 toutes les personnes, souvent b\u00e9n\u00e9voles, qui \u0153uvrent pour venir en aide \u00e0 ceux qui en ont le plus besoin.<\/p>\t\t\t\t\t\t\t\t<\/div>\n\t\t\t\t<\/div>\n\t\t\t\t\t<\/div>\n\t\t<\/div>\n\t\t\t\t\t<\/div>\n\t\t<\/section>\n\t\t\t\t<section class=\"elementor-section elementor-top-section elementor-element elementor-element-6df2dfa elementor-section-boxed elementor-section-height-default elementor-section-height-default\" data-id=\"6df2dfa\" data-element_type=\"section\">\n\t\t\t\t\t\t<div class=\"elementor-container elementor-column-gap-default\">\n\t\t\t\t\t<div class=\"elementor-column elementor-col-100 elementor-top-column elementor-element elementor-element-5f8b08d\" data-id=\"5f8b08d\" data-element_type=\"column\">\n\t\t\t<div class=\"elementor-widget-wrap elementor-element-populated\">\n\t\t\t\t\t\t<div class=\"elementor-element elementor-element-d4d3a7c elementor-widget-divider--view-line elementor-widget elementor-widget-divider\" data-id=\"d4d3a7c\" data-element_type=\"widget\" data-widget_type=\"divider.default\">\n\t\t\t\t<div class=\"elementor-widget-container\">\n\t\t\t\t\t\t\t<div class=\"elementor-divider\">\n\t\t\t<span class=\"elementor-divider-separator\">\n\t\t\t\t\t\t<\/span>\n\t\t<\/div>\n\t\t\t\t\t\t<\/div>\n\t\t\t\t<\/div>\n\t\t\t\t\t<\/div>\n\t\t<\/div>\n\t\t\t\t\t<\/div>\n\t\t<\/section>\n\t\t\t\t<section class=\"elementor-section elementor-top-section elementor-element elementor-element-37887f3 elementor-section-boxed elementor-section-height-default elementor-section-height-default\" data-id=\"37887f3\" data-element_type=\"section\">\n\t\t\t\t\t\t<div class=\"elementor-container elementor-column-gap-default\">\n\t\t\t\t\t<div class=\"elementor-column elementor-col-33 elementor-top-column elementor-element elementor-element-a5300d1\" data-id=\"a5300d1\" data-element_type=\"column\">\n\t\t\t<div class=\"elementor-widget-wrap elementor-element-populated\">\n\t\t\t\t\t\t<div class=\"elementor-element elementor-element-406525a elementor-widget elementor-widget-text-editor\" data-id=\"406525a\" data-element_type=\"widget\" data-widget_type=\"text-editor.default\">\n\t\t\t\t<div class=\"elementor-widget-container\">\n\t\t\t\t\t\t\t\t\t<p><span style=\"font-size: 36pt;\"><strong>21<\/strong><\/span><\/p>\t\t\t\t\t\t\t\t<\/div>\n\t\t\t\t<\/div>\n\t\t\t\t\t<\/div>\n\t\t<\/div>\n\t\t\t\t<div class=\"elementor-column elementor-col-66 elementor-top-column elementor-element elementor-element-603f870\" data-id=\"603f870\" data-element_type=\"column\">\n\t\t\t<div class=\"elementor-widget-wrap elementor-element-populated\">\n\t\t\t\t\t\t<div class=\"elementor-element elementor-element-a1d8270 elementor-widget elementor-widget-text-editor\" data-id=\"a1d8270\" data-element_type=\"widget\" data-widget_type=\"text-editor.default\">\n\t\t\t\t<div class=\"elementor-widget-container\">\n\t\t\t\t\t\t\t\t\t<p><strong>Journ\u00e9e internationale du souvenir en hommage aux victimes du terrorisme<\/strong>. La barbarie au nom d\u2019id\u00e9ologies haineuses et l\u2019intol\u00e9rance continuent de tuer \u00e0 travers le monde. Dans certains pays, l\u2019aide et le soutien apport\u00e9s aux victimes et aux victimes collat\u00e9rales ne permettent pas d\u2019accompagner correctement leur r\u00e9tablissement. L\u2019Organisation des Nations Unies s\u2019implique pour soutenir ses \u00c9tats.<\/p>\t\t\t\t\t\t\t\t<\/div>\n\t\t\t\t<\/div>\n\t\t\t\t\t<\/div>\n\t\t<\/div>\n\t\t\t\t\t<\/div>\n\t\t<\/section>\n\t\t\t\t<section class=\"elementor-section elementor-top-section elementor-element elementor-element-d63b6a8 elementor-section-boxed elementor-section-height-default elementor-section-height-default\" data-id=\"d63b6a8\" data-element_type=\"section\">\n\t\t\t\t\t\t<div class=\"elementor-container elementor-column-gap-default\">\n\t\t\t\t\t<div class=\"elementor-column elementor-col-100 elementor-top-column elementor-element elementor-element-e2a3ade\" data-id=\"e2a3ade\" data-element_type=\"column\">\n\t\t\t<div class=\"elementor-widget-wrap elementor-element-populated\">\n\t\t\t\t\t\t<div class=\"elementor-element elementor-element-3638440 elementor-widget-divider--view-line elementor-widget elementor-widget-divider\" data-id=\"3638440\" data-element_type=\"widget\" data-widget_type=\"divider.default\">\n\t\t\t\t<div class=\"elementor-widget-container\">\n\t\t\t\t\t\t\t<div class=\"elementor-divider\">\n\t\t\t<span class=\"elementor-divider-separator\">\n\t\t\t\t\t\t<\/span>\n\t\t<\/div>\n\t\t\t\t\t\t<\/div>\n\t\t\t\t<\/div>\n\t\t\t\t\t<\/div>\n\t\t<\/div>\n\t\t\t\t\t<\/div>\n\t\t<\/section>\n\t\t\t\t<section class=\"elementor-section elementor-top-section elementor-element elementor-element-9c26d70 elementor-section-boxed elementor-section-height-default elementor-section-height-default\" data-id=\"9c26d70\" data-element_type=\"section\">\n\t\t\t\t\t\t<div class=\"elementor-container elementor-column-gap-default\">\n\t\t\t\t\t<div class=\"elementor-column elementor-col-33 elementor-top-column elementor-element elementor-element-d048ee4\" data-id=\"d048ee4\" data-element_type=\"column\">\n\t\t\t<div class=\"elementor-widget-wrap elementor-element-populated\">\n\t\t\t\t\t\t<div class=\"elementor-element elementor-element-48df120 elementor-widget elementor-widget-text-editor\" data-id=\"48df120\" data-element_type=\"widget\" data-widget_type=\"text-editor.default\">\n\t\t\t\t<div class=\"elementor-widget-container\">\n\t\t\t\t\t\t\t\t\t<p><span style=\"font-size: 36pt;\"><strong>22<\/strong><\/span><\/p>\t\t\t\t\t\t\t\t<\/div>\n\t\t\t\t<\/div>\n\t\t\t\t\t<\/div>\n\t\t<\/div>\n\t\t\t\t<div class=\"elementor-column elementor-col-66 elementor-top-column elementor-element elementor-element-8365ce3\" data-id=\"8365ce3\" data-element_type=\"column\">\n\t\t\t<div class=\"elementor-widget-wrap elementor-element-populated\">\n\t\t\t\t\t\t<div class=\"elementor-element elementor-element-199043a elementor-widget elementor-widget-text-editor\" data-id=\"199043a\" data-element_type=\"widget\" data-widget_type=\"text-editor.default\">\n\t\t\t\t<div class=\"elementor-widget-container\">\n\t\t\t\t\t\t\t\t\t<p>C\u2019est une journ\u00e9e internationale qui comm\u00e9more <strong>les personnes victimes de violences en raison de leur religion ou leurs convictions<\/strong>. Cette journ\u00e9e fait \u00e9cho \u00e0 la notion de libert\u00e9, libert\u00e9 de penser, de s\u2019exprimer et de croire, seuls ou \u00e0 plusieurs dans la lign\u00e9e de la d\u00e9claration universelle des droits de l\u2019homme et du citoyen.<\/p>\t\t\t\t\t\t\t\t<\/div>\n\t\t\t\t<\/div>\n\t\t\t\t\t<\/div>\n\t\t<\/div>\n\t\t\t\t\t<\/div>\n\t\t<\/section>\n\t\t\t\t<section class=\"elementor-section elementor-top-section elementor-element elementor-element-c7ba99c elementor-section-boxed elementor-section-height-default elementor-section-height-default\" data-id=\"c7ba99c\" data-element_type=\"section\">\n\t\t\t\t\t\t<div class=\"elementor-container elementor-column-gap-default\">\n\t\t\t\t\t<div class=\"elementor-column elementor-col-100 elementor-top-column elementor-element elementor-element-6422665\" data-id=\"6422665\" data-element_type=\"column\">\n\t\t\t<div class=\"elementor-widget-wrap elementor-element-populated\">\n\t\t\t\t\t\t<div class=\"elementor-element elementor-element-f5d842a elementor-widget-divider--view-line elementor-widget elementor-widget-divider\" data-id=\"f5d842a\" data-element_type=\"widget\" data-widget_type=\"divider.default\">\n\t\t\t\t<div class=\"elementor-widget-container\">\n\t\t\t\t\t\t\t<div class=\"elementor-divider\">\n\t\t\t<span class=\"elementor-divider-separator\">\n\t\t\t\t\t\t<\/span>\n\t\t<\/div>\n\t\t\t\t\t\t<\/div>\n\t\t\t\t<\/div>\n\t\t\t\t\t<\/div>\n\t\t<\/div>\n\t\t\t\t\t<\/div>\n\t\t<\/section>\n\t\t\t\t<section class=\"elementor-section elementor-top-section elementor-element elementor-element-13f4063 elementor-section-boxed elementor-section-height-default elementor-section-height-default\" data-id=\"13f4063\" data-element_type=\"section\">\n\t\t\t\t\t\t<div class=\"elementor-container elementor-column-gap-default\">\n\t\t\t\t\t<div class=\"elementor-column elementor-col-33 elementor-top-column elementor-element elementor-element-2a742c5\" data-id=\"2a742c5\" data-element_type=\"column\">\n\t\t\t<div class=\"elementor-widget-wrap elementor-element-populated\">\n\t\t\t\t\t\t<div class=\"elementor-element elementor-element-645272b elementor-widget elementor-widget-text-editor\" data-id=\"645272b\" data-element_type=\"widget\" data-widget_type=\"text-editor.default\">\n\t\t\t\t<div class=\"elementor-widget-container\">\n\t\t\t\t\t\t\t\t\t<p><span style=\"font-size: 36pt;\"><strong>23<\/strong><\/span><\/p>\t\t\t\t\t\t\t\t<\/div>\n\t\t\t\t<\/div>\n\t\t\t\t\t<\/div>\n\t\t<\/div>\n\t\t\t\t<div class=\"elementor-column elementor-col-66 elementor-top-column elementor-element elementor-element-8857578\" data-id=\"8857578\" data-element_type=\"column\">\n\t\t\t<div class=\"elementor-widget-wrap elementor-element-populated\">\n\t\t\t\t\t\t<div class=\"elementor-element elementor-element-d975566 elementor-widget elementor-widget-text-editor\" data-id=\"d975566\" data-element_type=\"widget\" data-widget_type=\"text-editor.default\">\n\t\t\t\t<div class=\"elementor-widget-container\">\n\t\t\t\t\t\t\t\t\t<p>Journ\u00e9e internationale du <strong>souvenir de la traite n\u00e9gri\u00e8re et son abolition<\/strong>. Ce jour du 23 ao\u00fbt n\u2019a pas \u00e9t\u00e9 choisi au hasard. C\u2019est \u00e0 cette date qu\u2019en 1791, l\u2019insurrection qui am\u00e8nera \u00e0 l\u2019abolition de la traite n\u00e9gri\u00e8re a commenc\u00e9. La fameuse route de l\u2019asclavage entre l\u2019Afrique, l\u2019Europe et les Etats-Unis et le commerce triangulaire reste un sujet questionnant \u00e9tudi\u00e9 dans les livres d\u2019histoire.<\/p>\t\t\t\t\t\t\t\t<\/div>\n\t\t\t\t<\/div>\n\t\t\t\t\t<\/div>\n\t\t<\/div>\n\t\t\t\t\t<\/div>\n\t\t<\/section>\n\t\t\t\t<section class=\"elementor-section elementor-top-section elementor-element elementor-element-85af2e1 elementor-section-boxed elementor-section-height-default elementor-section-height-default\" data-id=\"85af2e1\" data-element_type=\"section\">\n\t\t\t\t\t\t<div class=\"elementor-container elementor-column-gap-default\">\n\t\t\t\t\t<div class=\"elementor-column elementor-col-100 elementor-top-column elementor-element elementor-element-974f3a3\" data-id=\"974f3a3\" data-element_type=\"column\">\n\t\t\t<div class=\"elementor-widget-wrap elementor-element-populated\">\n\t\t\t\t\t\t<div class=\"elementor-element elementor-element-1339980 elementor-widget-divider--view-line elementor-widget elementor-widget-divider\" data-id=\"1339980\" data-element_type=\"widget\" data-widget_type=\"divider.default\">\n\t\t\t\t<div class=\"elementor-widget-container\">\n\t\t\t\t\t\t\t<div class=\"elementor-divider\">\n\t\t\t<span class=\"elementor-divider-separator\">\n\t\t\t\t\t\t<\/span>\n\t\t<\/div>\n\t\t\t\t\t\t<\/div>\n\t\t\t\t<\/div>\n\t\t\t\t\t<\/div>\n\t\t<\/div>\n\t\t\t\t\t<\/div>\n\t\t<\/section>\n\t\t\t\t<section class=\"elementor-section elementor-top-section elementor-element elementor-element-bb7620a elementor-section-boxed elementor-section-height-default elementor-section-height-default\" data-id=\"bb7620a\" data-element_type=\"section\">\n\t\t\t\t\t\t<div class=\"elementor-container elementor-column-gap-default\">\n\t\t\t\t\t<div class=\"elementor-column elementor-col-33 elementor-top-column elementor-element elementor-element-ee4fd8c\" data-id=\"ee4fd8c\" data-element_type=\"column\">\n\t\t\t<div class=\"elementor-widget-wrap elementor-element-populated\">\n\t\t\t\t\t\t<div class=\"elementor-element elementor-element-5fa5e41 elementor-widget elementor-widget-text-editor\" data-id=\"5fa5e41\" data-element_type=\"widget\" data-widget_type=\"text-editor.default\">\n\t\t\t\t<div class=\"elementor-widget-container\">\n\t\t\t\t\t\t\t\t\t<p><span style=\"font-size: 36pt;\"><strong>29<\/strong><\/span><\/p>\t\t\t\t\t\t\t\t<\/div>\n\t\t\t\t<\/div>\n\t\t\t\t\t<\/div>\n\t\t<\/div>\n\t\t\t\t<div class=\"elementor-column elementor-col-66 elementor-top-column elementor-element elementor-element-ae8b643\" data-id=\"ae8b643\" data-element_type=\"column\">\n\t\t\t<div class=\"elementor-widget-wrap elementor-element-populated\">\n\t\t\t\t\t\t<div class=\"elementor-element elementor-element-70ca470 elementor-widget elementor-widget-text-editor\" data-id=\"70ca470\" data-element_type=\"widget\" data-widget_type=\"text-editor.default\">\n\t\t\t\t<div class=\"elementor-widget-container\">\n\t\t\t\t\t\t\t\t\t<p><strong>Journ\u00e9e internationale contre les essais nucl\u00e9aires<\/strong><br \/>C\u2019est en 1945 que les essais nucl\u00e9aires commenc\u00e8rent. Au fil du temps, les armes nucl\u00e9aires sont devenues de plus en plus puissantes et leurs cons\u00e9quences sont \u00e9videmment de plus en plus redoutables.<br \/>L\u2019ONU depuis 2010, a consacr\u00e9 cette journ\u00e9e du 29 ao\u00fbt \u00e0 la cause afin de tenter de r\u00e9guler ces essais avec l\u2019objectif du d\u00e9sarmement nucl\u00e9aire mondial.<\/p>\t\t\t\t\t\t\t\t<\/div>\n\t\t\t\t<\/div>\n\t\t\t\t\t<\/div>\n\t\t<\/div>\n\t\t\t\t\t<\/div>\n\t\t<\/section>\n\t\t\t\t<section class=\"elementor-section elementor-top-section elementor-element elementor-element-4cf872d elementor-section-boxed elementor-section-height-default elementor-section-height-default\" data-id=\"4cf872d\" data-element_type=\"section\">\n\t\t\t\t\t\t<div class=\"elementor-container elementor-column-gap-default\">\n\t\t\t\t\t<div class=\"elementor-column elementor-col-100 elementor-top-column elementor-element elementor-element-44f4ab7\" data-id=\"44f4ab7\" data-element_type=\"column\">\n\t\t\t<div class=\"elementor-widget-wrap elementor-element-populated\">\n\t\t\t\t\t\t<div class=\"elementor-element elementor-element-3f19c06 elementor-widget-divider--view-line elementor-widget elementor-widget-divider\" data-id=\"3f19c06\" data-element_type=\"widget\" data-widget_type=\"divider.default\">\n\t\t\t\t<div class=\"elementor-widget-container\">\n\t\t\t\t\t\t\t<div class=\"elementor-divider\">\n\t\t\t<span class=\"elementor-divider-separator\">\n\t\t\t\t\t\t<\/span>\n\t\t<\/div>\n\t\t\t\t\t\t<\/div>\n\t\t\t\t<\/div>\n\t\t\t\t\t<\/div>\n\t\t<\/div>\n\t\t\t\t\t<\/div>\n\t\t<\/section>\n\t\t\t\t<section class=\"elementor-section elementor-top-section elementor-element elementor-element-744904a elementor-section-boxed elementor-section-height-default elementor-section-height-default\" data-id=\"744904a\" data-element_type=\"section\">\n\t\t\t\t\t\t<div class=\"elementor-container elementor-column-gap-default\">\n\t\t\t\t\t<div class=\"elementor-column elementor-col-33 elementor-top-column elementor-element elementor-element-b9dcb53\" data-id=\"b9dcb53\" data-element_type=\"column\">\n\t\t\t<div class=\"elementor-widget-wrap elementor-element-populated\">\n\t\t\t\t\t\t<div class=\"elementor-element elementor-element-cf5eac0 elementor-widget elementor-widget-text-editor\" data-id=\"cf5eac0\" data-element_type=\"widget\" data-widget_type=\"text-editor.default\">\n\t\t\t\t<div class=\"elementor-widget-container\">\n\t\t\t\t\t\t\t\t\t<p><span style=\"font-size: 36pt;\"><strong>30<\/strong><\/span><\/p>\t\t\t\t\t\t\t\t<\/div>\n\t\t\t\t<\/div>\n\t\t\t\t\t<\/div>\n\t\t<\/div>\n\t\t\t\t<div class=\"elementor-column elementor-col-66 elementor-top-column elementor-element elementor-element-fd89071\" data-id=\"fd89071\" data-element_type=\"column\">\n\t\t\t<div class=\"elementor-widget-wrap elementor-element-populated\">\n\t\t\t\t\t\t<div class=\"elementor-element elementor-element-97d25d4 elementor-widget elementor-widget-text-editor\" data-id=\"97d25d4\" data-element_type=\"widget\" data-widget_type=\"text-editor.default\">\n\t\t\t\t<div class=\"elementor-widget-container\">\n\t\t\t\t\t\t\t\t\t<p><strong>Journ\u00e9e internationale des victimes de disparition forc\u00e9e<\/strong>. Tr\u00e8s courantes dans les pays soumis \u00e0 des r\u00e9gimes dictatoriaux militaires, les disparitions touchent d\u00e9sormais les opposants politiques. Ceux qui s\u2019indignent contre le non-respect des droits de l\u2019homme, ceux qui luttent pour plus de justice, ceux qui informent et diffusent du contenu contraire aux versions officielles. <br \/>En ce jour du 30 ao\u00fbt, pour les personnes disparues, pour leurs proches et leur famille, l\u2019ONU met l\u2019accent sur cette violation inacceptable des droits de l\u2019homme.<\/p>\t\t\t\t\t\t\t\t<\/div>\n\t\t\t\t<\/div>\n\t\t\t\t\t<\/div>\n\t\t<\/div>\n\t\t\t\t\t<\/div>\n\t\t<\/section>\n\t\t\t\t<section class=\"elementor-section elementor-top-section elementor-element elementor-element-b1a4837 elementor-section-boxed elementor-section-height-default elementor-section-height-default\" data-id=\"b1a4837\" data-element_type=\"section\">\n\t\t\t\t\t\t<div class=\"elementor-container elementor-column-gap-default\">\n\t\t\t\t\t<div class=\"elementor-column elementor-col-100 elementor-top-column elementor-element elementor-element-de9b6f7\" data-id=\"de9b6f7\" data-element_type=\"column\">\n\t\t\t<div class=\"elementor-widget-wrap elementor-element-populated\">\n\t\t\t\t\t\t<div class=\"elementor-element elementor-element-9c0f73e elementor-widget-divider--view-line elementor-widget elementor-widget-divider\" data-id=\"9c0f73e\" data-element_type=\"widget\" data-widget_type=\"divider.default\">\n\t\t\t\t<div class=\"elementor-widget-container\">\n\t\t\t\t\t\t\t<div class=\"elementor-divider\">\n\t\t\t<span class=\"elementor-divider-separator\">\n\t\t\t\t\t\t<\/span>\n\t\t<\/div>\n\t\t\t\t\t\t<\/div>\n\t\t\t\t<\/div>\n\t\t\t\t\t<\/div>\n\t\t<\/div>\n\t\t\t\t\t<\/div>\n\t\t<\/section>\n\t\t\t\t<section class=\"elementor-section elementor-top-section elementor-element elementor-element-ea6d882 elementor-section-boxed elementor-section-height-default elementor-section-height-default\" data-id=\"ea6d882\" data-element_type=\"section\">\n\t\t\t\t\t\t<div class=\"elementor-container elementor-column-gap-default\">\n\t\t\t\t\t<div class=\"elementor-column elementor-col-33 elementor-top-column elementor-element elementor-element-f0e141d\" data-id=\"f0e141d\" data-element_type=\"column\">\n\t\t\t<div class=\"elementor-widget-wrap elementor-element-populated\">\n\t\t\t\t\t\t<div class=\"elementor-element elementor-element-689df0e elementor-widget elementor-widget-text-editor\" data-id=\"689df0e\" data-element_type=\"widget\" data-widget_type=\"text-editor.default\">\n\t\t\t\t<div class=\"elementor-widget-container\">\n\t\t\t\t\t\t\t\t\t<p><span style=\"font-size: 36pt;\"><strong>31<\/strong><\/span><\/p>\t\t\t\t\t\t\t\t<\/div>\n\t\t\t\t<\/div>\n\t\t\t\t\t<\/div>\n\t\t<\/div>\n\t\t\t\t<div class=\"elementor-column elementor-col-66 elementor-top-column elementor-element elementor-element-b6d5325\" data-id=\"b6d5325\" data-element_type=\"column\">\n\t\t\t<div class=\"elementor-widget-wrap elementor-element-populated\">\n\t\t\t\t\t\t<div class=\"elementor-element elementor-element-a1ba9cf elementor-widget elementor-widget-text-editor\" data-id=\"a1ba9cf\" data-element_type=\"widget\" data-widget_type=\"text-editor.default\">\n\t\t\t\t<div class=\"elementor-widget-container\">\n\t\t\t\t\t\t\t\t\t<p>Ding dong, ou presque\u2026 Le 31 ao\u00fbt marque <strong>la fin des vacances scolaires d\u2019\u00e9t\u00e9<\/strong> 2022. La rentr\u00e9e est fix\u00e9e au jeudi 1er septembre. Il est l\u2019heure de remettre son cartable sur le dos et de ranger ses jolis souvenirs de vacances !<\/p>\t\t\t\t\t\t\t\t<\/div>\n\t\t\t\t<\/div>\n\t\t\t\t\t<\/div>\n\t\t<\/div>\n\t\t\t\t\t<\/div>\n\t\t<\/section>\n\t\t\t\t<section class=\"elementor-section elementor-top-section elementor-element elementor-element-22fe4ee elementor-section-boxed elementor-section-height-default elementor-section-height-default\" data-id=\"22fe4ee\" data-element_type=\"section\">\n\t\t\t\t\t\t<div class=\"elementor-container elementor-column-gap-default\">\n\t\t\t\t\t<div class=\"elementor-column elementor-col-100 elementor-top-column elementor-element elementor-element-e3bbb72\" data-id=\"e3bbb72\" data-element_type=\"column\">\n\t\t\t<div class=\"elementor-widget-wrap elementor-element-populated\">\n\t\t\t\t\t\t<div class=\"elementor-element elementor-element-49dcad3 elementor-widget-divider--view-line elementor-widget elementor-widget-divider\" data-id=\"49dcad3\" data-element_type=\"widget\" data-widget_type=\"divider.default\">\n\t\t\t\t<div class=\"elementor-widget-container\">\n\t\t\t\t\t\t\t<div class=\"elementor-divider\">\n\t\t\t<span class=\"elementor-divider-separator\">\n\t\t\t\t\t\t<\/span>\n\t\t<\/div>\n\t\t\t\t\t\t<\/div>\n\t\t\t\t<\/div>\n\t\t\t\t\t<\/div>\n\t\t<\/div>\n\t\t\t\t\t<\/div>\n\t\t<\/section>\n\t\t\t\t<section class=\"elementor-section elementor-top-section elementor-element elementor-element-a85c7eb elementor-section-boxed elementor-section-height-default elementor-section-height-default\" data-id=\"a85c7eb\" data-element_type=\"section\">\n\t\t\t\t\t\t<div class=\"elementor-container elementor-column-gap-default\">\n\t\t\t\t\t<div class=\"elementor-column elementor-col-100 elementor-top-column elementor-element elementor-element-f50045b\" data-id=\"f50045b\" data-element_type=\"column\">\n\t\t\t<div class=\"elementor-widget-wrap elementor-element-populated\">\n\t\t\t\t\t\t<div class=\"elementor-element elementor-element-68d2ad1 elementor-widget elementor-widget-text-editor\" data-id=\"68d2ad1\" data-element_type=\"widget\" data-widget_type=\"text-editor.default\">\n\t\t\t\t<div class=\"elementor-widget-container\">\n\t\t\t\t\t\t\t\t\t<p><em>Pour communiquer sur vos \u00e9v\u00e9nements indoor et outdoor, <a href=\"https:\/\/www.macapflag.com\/325-produits-personnalises\"><span style=\"color: #3366ff;\"><strong>Macap<\/strong> <\/span><\/a>fabrique vos solutions de communication sur mesure sur des supports textiles et PVC.<\/em><\/p>\t\t\t\t\t\t\t\t<\/div>\n\t\t\t\t<\/div>\n\t\t\t\t\t<\/div>\n\t\t<\/div>\n\t\t\t\t\t<\/div>\n\t\t<\/section>\n\t\t\t\t<section class=\"elementor-section elementor-top-section elementor-element elementor-element-76769e8 elementor-section-boxed elementor-section-height-default elementor-section-height-default\" data-id=\"76769e8\" data-element_type=\"section\">\n\t\t\t\t\t\t<div class=\"elementor-container elementor-column-gap-default\">\n\t\t\t\t\t<div class=\"elementor-column elementor-col-100 elementor-top-column elementor-element elementor-element-23ee571\" data-id=\"23ee571\" data-element_type=\"column\">\n\t\t\t<div class=\"elementor-widget-wrap elementor-element-populated\">\n\t\t\t\t\t\t<div class=\"elementor-element elementor-element-3894b7c elementor-widget elementor-widget-image\" data-id=\"3894b7c\" data-element_type=\"widget\" data-widget_type=\"image.default\">\n\t\t\t\t<div class=\"elementor-widget-container\">\n\t\t\t\t\t\t\t\t\t\t\t\t\t\t\t\t<a href=\"https:\/\/www.macapflag.com\/\">\n\t\t\t\t\t\t\t<img fetchpriority=\"high\" decoding=\"async\" width=\"700\" height=\"320\" src=\"https:\/\/www.macapflag.com\/blog\/wp-content\/uploads\/2021\/04\/fabriquant-de-drapeaux-kakemonos-banderoles-beach-flags-oriflammes-macap.jpg\" class=\"attachment-large size-large wp-image-10133\" alt=\"Macap fabriquant de drapeaux kak\u00e9mono banderole beach flag oriflamme\" srcset=\"https:\/\/www.macapflag.com\/blog\/wp-content\/uploads\/2021\/04\/fabriquant-de-drapeaux-kakemonos-banderoles-beach-flags-oriflammes-macap.jpg 700w, https:\/\/www.macapflag.com\/blog\/wp-content\/uploads\/2021\/04\/fabriquant-de-drapeaux-kakemonos-banderoles-beach-flags-oriflammes-macap-300x137.jpg 300w\" sizes=\"(max-width: 700px) 100vw, 700px\" \/>\t\t\t\t\t\t\t\t<\/a>\n\t\t\t\t\t\t\t\t\t\t\t\t\t\t\t<\/div>\n\t\t\t\t<\/div>\n\t\t\t\t\t<\/div>\n\t\t<\/div>\n\t\t\t\t\t<\/div>\n\t\t<\/section>\n\t\t\t\t<\/div>\n\t\t","protected":false},"excerpt":{"rendered":"<div class=\"tmnf_excerpt\"><p>Le mois d\u2019ao\u00fbt est traditionnellement celui des vacances d\u2019\u00e9t\u00e9 pour beaucoup de fran\u00e7ais. Pour les \u00e9v\u00e8nements aussi !\u2026 Hormis les festivals qui battent leur plein pendant l\u2019\u00e9t\u00e9, peu de grands \u00e9v\u00e8nements sont organis\u00e9s \u00e0 cette p\u00e9riode. Nous avons profit\u00e9 de cette p\u00e9riode relativement calme pour mettre en valeur dans cet article, les journ\u00e9es du mois &hellip;<\/p>\n<\/div>","protected":false},"author":2,"featured_media":10689,"comment_status":"closed","ping_status":"open","sticky":false,"template":"template-fullwidth.php","format":"standard","meta":{"footnotes":""},"categories":[92],"tags":[],"class_list":["post-10688","post","type-post","status-publish","format-standard","has-post-thumbnail","hentry","category-news"],"yoast_head":"<!-- This site is optimized with the Yoast SEO plugin v26.4 - https:\/\/yoast.com\/wordpress\/plugins\/seo\/ -->\n<title>Les grands \u00e9v\u00e8nements et les dates cl\u00e9s du mois d&#039;ao\u00fbt<\/title>\n<meta name=\"description\" content=\"D\u00e9couvrez les grandes dates du mois d&#039;ao\u00fbt : comm\u00e9morations, \u00e9v\u00e8nements, on vous dit tout sur ce mois embl\u00e9matique des vacances de l&#039;\u00e9t\u00e9\" \/>\n<meta name=\"robots\" content=\"index, follow, max-snippet:-1, max-image-preview:large, max-video-preview:-1\" \/>\n<link rel=\"canonical\" href=\"https:\/\/www.macapflag.com\/blog\/aout\/\" \/>\n<meta property=\"og:locale\" content=\"fr_FR\" \/>\n<meta property=\"og:type\" content=\"article\" \/>\n<meta property=\"og:title\" content=\"Les grands \u00e9v\u00e8nements et les dates cl\u00e9s du mois d&#039;ao\u00fbt\" \/>\n<meta property=\"og:description\" content=\"D\u00e9couvrez les grandes dates du mois d&#039;ao\u00fbt : comm\u00e9morations, \u00e9v\u00e8nements, on vous dit tout sur ce mois embl\u00e9matique des vacances de l&#039;\u00e9t\u00e9\" \/>\n<meta property=\"og:url\" content=\"https:\/\/www.macapflag.com\/blog\/aout\/\" \/>\n<meta property=\"og:site_name\" content=\"Blog - Macap\" \/>\n<meta property=\"article:publisher\" content=\"https:\/\/www.facebook.com\/macap.pavoisement\/\" \/>\n<meta property=\"article:published_time\" content=\"2022-07-25T06:00:00+00:00\" \/>\n<meta property=\"og:image\" content=\"https:\/\/www.macapflag.com\/blog\/wp-content\/uploads\/2022\/07\/ca-se-passe-en-aout.jpg\" \/>\n\t<meta property=\"og:image:width\" content=\"870\" \/>\n\t<meta property=\"og:image:height\" content=\"600\" \/>\n\t<meta property=\"og:image:type\" content=\"image\/jpeg\" \/>\n<meta name=\"author\" content=\"Blog Macap\" \/>\n<meta name=\"twitter:card\" content=\"summary_large_image\" \/>\n<meta name=\"twitter:label1\" content=\"\u00c9crit par\" \/>\n\t<meta name=\"twitter:data1\" content=\"Blog Macap\" \/>\n\t<meta name=\"twitter:label2\" content=\"Dur\u00e9e de lecture estim\u00e9e\" \/>\n\t<meta name=\"twitter:data2\" content=\"4 minutes\" \/>\n<script type=\"application\/ld+json\" class=\"yoast-schema-graph\">{\"@context\":\"https:\/\/schema.org\",\"@graph\":[{\"@type\":\"Article\",\"@id\":\"https:\/\/www.macapflag.com\/blog\/aout\/#article\",\"isPartOf\":{\"@id\":\"https:\/\/www.macapflag.com\/blog\/aout\/\"},\"author\":{\"name\":\"Blog Macap\",\"@id\":\"https:\/\/www.macapflag.com\/blog\/#\/schema\/person\/3fea701f2603875e651e6b662578fc3c\"},\"headline\":\"\u00c7a se passe en ao\u00fbt !\",\"datePublished\":\"2022-07-25T06:00:00+00:00\",\"mainEntityOfPage\":{\"@id\":\"https:\/\/www.macapflag.com\/blog\/aout\/\"},\"wordCount\":784,\"publisher\":{\"@id\":\"https:\/\/www.macapflag.com\/blog\/#organization\"},\"image\":{\"@id\":\"https:\/\/www.macapflag.com\/blog\/aout\/#primaryimage\"},\"thumbnailUrl\":\"https:\/\/www.macapflag.com\/blog\/wp-content\/uploads\/2022\/07\/ca-se-passe-en-aout.jpg\",\"articleSection\":[\"News &amp; Actu\"],\"inLanguage\":\"fr-FR\"},{\"@type\":\"WebPage\",\"@id\":\"https:\/\/www.macapflag.com\/blog\/aout\/\",\"url\":\"https:\/\/www.macapflag.com\/blog\/aout\/\",\"name\":\"Les grands \u00e9v\u00e8nements et les dates cl\u00e9s du mois d'ao\u00fbt\",\"isPartOf\":{\"@id\":\"https:\/\/www.macapflag.com\/blog\/#website\"},\"primaryImageOfPage\":{\"@id\":\"https:\/\/www.macapflag.com\/blog\/aout\/#primaryimage\"},\"image\":{\"@id\":\"https:\/\/www.macapflag.com\/blog\/aout\/#primaryimage\"},\"thumbnailUrl\":\"https:\/\/www.macapflag.com\/blog\/wp-content\/uploads\/2022\/07\/ca-se-passe-en-aout.jpg\",\"datePublished\":\"2022-07-25T06:00:00+00:00\",\"description\":\"D\u00e9couvrez les grandes dates du mois d'ao\u00fbt : comm\u00e9morations, \u00e9v\u00e8nements, on vous dit tout sur ce mois embl\u00e9matique des vacances de l'\u00e9t\u00e9\",\"breadcrumb\":{\"@id\":\"https:\/\/www.macapflag.com\/blog\/aout\/#breadcrumb\"},\"inLanguage\":\"fr-FR\",\"potentialAction\":[{\"@type\":\"ReadAction\",\"target\":[\"https:\/\/www.macapflag.com\/blog\/aout\/\"]}]},{\"@type\":\"ImageObject\",\"inLanguage\":\"fr-FR\",\"@id\":\"https:\/\/www.macapflag.com\/blog\/aout\/#primaryimage\",\"url\":\"https:\/\/www.macapflag.com\/blog\/wp-content\/uploads\/2022\/07\/ca-se-passe-en-aout.jpg\",\"contentUrl\":\"https:\/\/www.macapflag.com\/blog\/wp-content\/uploads\/2022\/07\/ca-se-passe-en-aout.jpg\",\"width\":870,\"height\":600,\"caption\":\"Dates cl\u00e9s et \u00e9v\u00e8nements en ao\u00fbt\"},{\"@type\":\"BreadcrumbList\",\"@id\":\"https:\/\/www.macapflag.com\/blog\/aout\/#breadcrumb\",\"itemListElement\":[{\"@type\":\"ListItem\",\"position\":1,\"name\":\"Accueil\",\"item\":\"https:\/\/www.macapflag.com\/blog\/\"},{\"@type\":\"ListItem\",\"position\":2,\"name\":\"\u00c7a se passe en ao\u00fbt !\"}]},{\"@type\":\"WebSite\",\"@id\":\"https:\/\/www.macapflag.com\/blog\/#website\",\"url\":\"https:\/\/www.macapflag.com\/blog\/\",\"name\":\"Blog - Macap\",\"description\":\"Tous nos articles\",\"publisher\":{\"@id\":\"https:\/\/www.macapflag.com\/blog\/#organization\"},\"potentialAction\":[{\"@type\":\"SearchAction\",\"target\":{\"@type\":\"EntryPoint\",\"urlTemplate\":\"https:\/\/www.macapflag.com\/blog\/?s={search_term_string}\"},\"query-input\":{\"@type\":\"PropertyValueSpecification\",\"valueRequired\":true,\"valueName\":\"search_term_string\"}}],\"inLanguage\":\"fr-FR\"},{\"@type\":\"Organization\",\"@id\":\"https:\/\/www.macapflag.com\/blog\/#organization\",\"name\":\"macapflag\",\"url\":\"https:\/\/www.macapflag.com\/blog\/\",\"logo\":{\"@type\":\"ImageObject\",\"inLanguage\":\"fr-FR\",\"@id\":\"https:\/\/www.macapflag.com\/blog\/#\/schema\/logo\/image\/\",\"url\":\"https:\/\/www.macapflag.com\/blog\/wp-content\/uploads\/2020\/12\/cropped-M-512-1.png\",\"contentUrl\":\"https:\/\/www.macapflag.com\/blog\/wp-content\/uploads\/2020\/12\/cropped-M-512-1.png\",\"width\":512,\"height\":512,\"caption\":\"macapflag\"},\"image\":{\"@id\":\"https:\/\/www.macapflag.com\/blog\/#\/schema\/logo\/image\/\"},\"sameAs\":[\"https:\/\/www.facebook.com\/macap.pavoisement\/\",\"https:\/\/www.instagram.com\/macapflag\/?hl=fr\",\"https:\/\/www.linkedin.com\/company\/macap\/?originalSubdomain=fr\",\"https:\/\/www.youtube.com\/channel\/UCXNzTIdZh9poEBjSXEqDtNw\"]},{\"@type\":\"Person\",\"@id\":\"https:\/\/www.macapflag.com\/blog\/#\/schema\/person\/3fea701f2603875e651e6b662578fc3c\",\"name\":\"Blog Macap\",\"image\":{\"@type\":\"ImageObject\",\"inLanguage\":\"fr-FR\",\"@id\":\"https:\/\/www.macapflag.com\/blog\/#\/schema\/person\/image\/\",\"url\":\"https:\/\/secure.gravatar.com\/avatar\/c12551f2dc51f0db049633b03e7856985477a70da834cc8967dea4ce54bdd6a2?s=96&d=mm&r=g\",\"contentUrl\":\"https:\/\/secure.gravatar.com\/avatar\/c12551f2dc51f0db049633b03e7856985477a70da834cc8967dea4ce54bdd6a2?s=96&d=mm&r=g\",\"caption\":\"Blog Macap\"},\"url\":\"https:\/\/www.macapflag.com\/blog\/author\/macap\/\"}]}<\/script>\n<!-- \/ Yoast SEO plugin. -->","yoast_head_json":{"title":"Les grands \u00e9v\u00e8nements et les dates cl\u00e9s du mois d'ao\u00fbt","description":"D\u00e9couvrez les grandes dates du mois d'ao\u00fbt : comm\u00e9morations, \u00e9v\u00e8nements, on vous dit tout sur ce mois embl\u00e9matique des vacances de l'\u00e9t\u00e9","robots":{"index":"index","follow":"follow","max-snippet":"max-snippet:-1","max-image-preview":"max-image-preview:large","max-video-preview":"max-video-preview:-1"},"canonical":"https:\/\/www.macapflag.com\/blog\/aout\/","og_locale":"fr_FR","og_type":"article","og_title":"Les grands \u00e9v\u00e8nements et les dates cl\u00e9s du mois d'ao\u00fbt","og_description":"D\u00e9couvrez les grandes dates du mois d'ao\u00fbt : comm\u00e9morations, \u00e9v\u00e8nements, on vous dit tout sur ce mois embl\u00e9matique des vacances de l'\u00e9t\u00e9","og_url":"https:\/\/www.macapflag.com\/blog\/aout\/","og_site_name":"Blog - Macap","article_publisher":"https:\/\/www.facebook.com\/macap.pavoisement\/","article_published_time":"2022-07-25T06:00:00+00:00","og_image":[{"width":870,"height":600,"url":"https:\/\/www.macapflag.com\/blog\/wp-content\/uploads\/2022\/07\/ca-se-passe-en-aout.jpg","type":"image\/jpeg"}],"author":"Blog Macap","twitter_card":"summary_large_image","twitter_misc":{"\u00c9crit par":"Blog Macap","Dur\u00e9e de lecture estim\u00e9e":"4 minutes"},"schema":{"@context":"https:\/\/schema.org","@graph":[{"@type":"Article","@id":"https:\/\/www.macapflag.com\/blog\/aout\/#article","isPartOf":{"@id":"https:\/\/www.macapflag.com\/blog\/aout\/"},"author":{"name":"Blog Macap","@id":"https:\/\/www.macapflag.com\/blog\/#\/schema\/person\/3fea701f2603875e651e6b662578fc3c"},"headline":"\u00c7a se passe en ao\u00fbt !","datePublished":"2022-07-25T06:00:00+00:00","mainEntityOfPage":{"@id":"https:\/\/www.macapflag.com\/blog\/aout\/"},"wordCount":784,"publisher":{"@id":"https:\/\/www.macapflag.com\/blog\/#organization"},"image":{"@id":"https:\/\/www.macapflag.com\/blog\/aout\/#primaryimage"},"thumbnailUrl":"https:\/\/www.macapflag.com\/blog\/wp-content\/uploads\/2022\/07\/ca-se-passe-en-aout.jpg","articleSection":["News &amp; Actu"],"inLanguage":"fr-FR"},{"@type":"WebPage","@id":"https:\/\/www.macapflag.com\/blog\/aout\/","url":"https:\/\/www.macapflag.com\/blog\/aout\/","name":"Les grands \u00e9v\u00e8nements et les dates cl\u00e9s du mois d'ao\u00fbt","isPartOf":{"@id":"https:\/\/www.macapflag.com\/blog\/#website"},"primaryImageOfPage":{"@id":"https:\/\/www.macapflag.com\/blog\/aout\/#primaryimage"},"image":{"@id":"https:\/\/www.macapflag.com\/blog\/aout\/#primaryimage"},"thumbnailUrl":"https:\/\/www.macapflag.com\/blog\/wp-content\/uploads\/2022\/07\/ca-se-passe-en-aout.jpg","datePublished":"2022-07-25T06:00:00+00:00","description":"D\u00e9couvrez les grandes dates du mois d'ao\u00fbt : comm\u00e9morations, \u00e9v\u00e8nements, on vous dit tout sur ce mois embl\u00e9matique des vacances de l'\u00e9t\u00e9","breadcrumb":{"@id":"https:\/\/www.macapflag.com\/blog\/aout\/#breadcrumb"},"inLanguage":"fr-FR","potentialAction":[{"@type":"ReadAction","target":["https:\/\/www.macapflag.com\/blog\/aout\/"]}]},{"@type":"ImageObject","inLanguage":"fr-FR","@id":"https:\/\/www.macapflag.com\/blog\/aout\/#primaryimage","url":"https:\/\/www.macapflag.com\/blog\/wp-content\/uploads\/2022\/07\/ca-se-passe-en-aout.jpg","contentUrl":"https:\/\/www.macapflag.com\/blog\/wp-content\/uploads\/2022\/07\/ca-se-passe-en-aout.jpg","width":870,"height":600,"caption":"Dates cl\u00e9s et \u00e9v\u00e8nements en ao\u00fbt"},{"@type":"BreadcrumbList","@id":"https:\/\/www.macapflag.com\/blog\/aout\/#breadcrumb","itemListElement":[{"@type":"ListItem","position":1,"name":"Accueil","item":"https:\/\/www.macapflag.com\/blog\/"},{"@type":"ListItem","position":2,"name":"\u00c7a se passe en ao\u00fbt !"}]},{"@type":"WebSite","@id":"https:\/\/www.macapflag.com\/blog\/#website","url":"https:\/\/www.macapflag.com\/blog\/","name":"Blog - Macap","description":"Tous nos articles","publisher":{"@id":"https:\/\/www.macapflag.com\/blog\/#organization"},"potentialAction":[{"@type":"SearchAction","target":{"@type":"EntryPoint","urlTemplate":"https:\/\/www.macapflag.com\/blog\/?s={search_term_string}"},"query-input":{"@type":"PropertyValueSpecification","valueRequired":true,"valueName":"search_term_string"}}],"inLanguage":"fr-FR"},{"@type":"Organization","@id":"https:\/\/www.macapflag.com\/blog\/#organization","name":"macapflag","url":"https:\/\/www.macapflag.com\/blog\/","logo":{"@type":"ImageObject","inLanguage":"fr-FR","@id":"https:\/\/www.macapflag.com\/blog\/#\/schema\/logo\/image\/","url":"https:\/\/www.macapflag.com\/blog\/wp-content\/uploads\/2020\/12\/cropped-M-512-1.png","contentUrl":"https:\/\/www.macapflag.com\/blog\/wp-content\/uploads\/2020\/12\/cropped-M-512-1.png","width":512,"height":512,"caption":"macapflag"},"image":{"@id":"https:\/\/www.macapflag.com\/blog\/#\/schema\/logo\/image\/"},"sameAs":["https:\/\/www.facebook.com\/macap.pavoisement\/","https:\/\/www.instagram.com\/macapflag\/?hl=fr","https:\/\/www.linkedin.com\/company\/macap\/?originalSubdomain=fr","https:\/\/www.youtube.com\/channel\/UCXNzTIdZh9poEBjSXEqDtNw"]},{"@type":"Person","@id":"https:\/\/www.macapflag.com\/blog\/#\/schema\/person\/3fea701f2603875e651e6b662578fc3c","name":"Blog Macap","image":{"@type":"ImageObject","inLanguage":"fr-FR","@id":"https:\/\/www.macapflag.com\/blog\/#\/schema\/person\/image\/","url":"https:\/\/secure.gravatar.com\/avatar\/c12551f2dc51f0db049633b03e7856985477a70da834cc8967dea4ce54bdd6a2?s=96&d=mm&r=g","contentUrl":"https:\/\/secure.gravatar.com\/avatar\/c12551f2dc51f0db049633b03e7856985477a70da834cc8967dea4ce54bdd6a2?s=96&d=mm&r=g","caption":"Blog Macap"},"url":"https:\/\/www.macapflag.com\/blog\/author\/macap\/"}]}},"_links":{"self":[{"href":"https:\/\/www.macapflag.com\/blog\/wp-json\/wp\/v2\/posts\/10688","targetHints":{"allow":["GET"]}}],"collection":[{"href":"https:\/\/www.macapflag.com\/blog\/wp-json\/wp\/v2\/posts"}],"about":[{"href":"https:\/\/www.macapflag.com\/blog\/wp-json\/wp\/v2\/types\/post"}],"author":[{"embeddable":true,"href":"https:\/\/www.macapflag.com\/blog\/wp-json\/wp\/v2\/users\/2"}],"replies":[{"embeddable":true,"href":"https:\/\/www.macapflag.com\/blog\/wp-json\/wp\/v2\/comments?post=10688"}],"version-history":[{"count":14,"href":"https:\/\/www.macapflag.com\/blog\/wp-json\/wp\/v2\/posts\/10688\/revisions"}],"predecessor-version":[{"id":10810,"href":"https:\/\/www.macapflag.com\/blog\/wp-json\/wp\/v2\/posts\/10688\/revisions\/10810"}],"wp:featuredmedia":[{"embeddable":true,"href":"https:\/\/www.macapflag.com\/blog\/wp-json\/wp\/v2\/media\/10689"}],"wp:attachment":[{"href":"https:\/\/www.macapflag.com\/blog\/wp-json\/wp\/v2\/media?parent=10688"}],"wp:term":[{"taxonomy":"category","embeddable":true,"href":"https:\/\/www.macapflag.com\/blog\/wp-json\/wp\/v2\/categories?post=10688"},{"taxonomy":"post_tag","embeddable":true,"href":"https:\/\/www.macapflag.com\/blog\/wp-json\/wp\/v2\/tags?post=10688"}],"curies":[{"name":"wp","href":"https:\/\/api.w.org\/{rel}","templated":true}]}}