{"id":11438,"date":"2022-11-07T08:00:00","date_gmt":"2022-11-07T07:00:00","guid":{"rendered":"https:\/\/www.macapflag.com\/blog\/?p=11438"},"modified":"2022-10-07T10:35:22","modified_gmt":"2022-10-07T08:35:22","slug":"cadre-toile","status":"publish","type":"post","link":"https:\/\/www.macapflag.com\/blog\/cadre-toile\/","title":{"rendered":"Cadre classique \/ cadre r\u00e9tro \u00e9clair\u00e9"},"content":{"rendered":"\t\t<div data-elementor-type=\"wp-post\" data-elementor-id=\"11438\" class=\"elementor elementor-11438\">\n\t\t\t\t\t\t<section class=\"elementor-section elementor-top-section elementor-element elementor-element-f0ea2c9 elementor-section-boxed elementor-section-height-default elementor-section-height-default\" data-id=\"f0ea2c9\" data-element_type=\"section\">\n\t\t\t\t\t\t<div class=\"elementor-container elementor-column-gap-default\">\n\t\t\t\t\t<div class=\"elementor-column elementor-col-100 elementor-top-column elementor-element elementor-element-63e88da\" data-id=\"63e88da\" data-element_type=\"column\">\n\t\t\t<div class=\"elementor-widget-wrap elementor-element-populated\">\n\t\t\t\t\t\t<div class=\"elementor-element elementor-element-5c36121 elementor-widget elementor-widget-text-editor\" data-id=\"5c36121\" data-element_type=\"widget\" data-widget_type=\"text-editor.default\">\n\t\t\t\t<div class=\"elementor-widget-container\">\n\t\t\t\t\t\t\t\t\t<p>Dans le monde de la communication indoor, le cadre toile tendue est l\u2019un des produits phares.<br \/>Une structure en aluminium qui porte une toile tendue \u00e0 l\u2019impression impeccable\u2026 Un visuel totalement personnalis\u00e9 sur toute sa surface\u2026.<br \/>Voil\u00e0 de quoi s\u00e9duire des communicants toujours \u00e0 la recherche de bonnes id\u00e9es pour mettre en valeur marques et produits.<\/p><p>C\u2019est sans doute pour ses nombreux avantages que le cadre toile tendu rencontre tant de succ\u00e8s, au point d\u2019\u00eatre d\u00e9clin\u00e9 en plusieurs variantes : cadre toile tendue mural, suspendu ou autoportant, cadre toile tendue modulable pliant autoportant, cadre autoportant r\u00e9tro \u00e9clair\u00e9.<\/p><p>Aujourd\u2019hui on vous dit tout sur le cadre classique autoportant et le cadre r\u00e9tro \u00e9clair\u00e9 autoportant, ces 2 produits fr\u00e8res et pourtant diff\u00e9rents\u2026<\/p>\t\t\t\t\t\t\t\t<\/div>\n\t\t\t\t<\/div>\n\t\t\t\t\t<\/div>\n\t\t<\/div>\n\t\t\t\t\t<\/div>\n\t\t<\/section>\n\t\t\t\t<section class=\"elementor-section elementor-top-section elementor-element elementor-element-a18146d elementor-section-boxed elementor-section-height-default elementor-section-height-default\" data-id=\"a18146d\" data-element_type=\"section\">\n\t\t\t\t\t\t<div class=\"elementor-container elementor-column-gap-default\">\n\t\t\t\t\t<div class=\"elementor-column elementor-col-100 elementor-top-column elementor-element elementor-element-69f4e92\" data-id=\"69f4e92\" data-element_type=\"column\">\n\t\t\t<div class=\"elementor-widget-wrap elementor-element-populated\">\n\t\t\t\t\t\t<div class=\"elementor-element elementor-element-296c909 elementor-widget elementor-widget-text-editor\" data-id=\"296c909\" data-element_type=\"widget\" data-widget_type=\"text-editor.default\">\n\t\t\t\t<div class=\"elementor-widget-container\">\n\t\t\t\t\t\t\t\t\t<h2>Qu\u2019est ce que qu\u2019un cadre classique pour toile tendue ?<\/h2>\t\t\t\t\t\t\t\t<\/div>\n\t\t\t\t<\/div>\n\t\t\t\t\t<\/div>\n\t\t<\/div>\n\t\t\t\t\t<\/div>\n\t\t<\/section>\n\t\t\t\t<section class=\"elementor-section elementor-top-section elementor-element elementor-element-c6c24b9 elementor-section-boxed elementor-section-height-default elementor-section-height-default\" data-id=\"c6c24b9\" data-element_type=\"section\">\n\t\t\t\t\t\t<div class=\"elementor-container elementor-column-gap-default\">\n\t\t\t\t\t<div class=\"elementor-column elementor-col-100 elementor-top-column elementor-element elementor-element-7a5d4fa\" data-id=\"7a5d4fa\" data-element_type=\"column\">\n\t\t\t<div class=\"elementor-widget-wrap elementor-element-populated\">\n\t\t\t\t\t\t<div class=\"elementor-element elementor-element-9d89322 elementor-widget elementor-widget-text-editor\" data-id=\"9d89322\" data-element_type=\"widget\" data-widget_type=\"text-editor.default\">\n\t\t\t\t<div class=\"elementor-widget-container\">\n\t\t\t\t\t\t\t\t\t<p>On appelle cadre classique pour toile tendue une structure en profil\u00e9 aluminium dans laquelle vient s\u2019ins\u00e9rer un visuel imprim\u00e9 sur du textile. Le visuel est dot\u00e9 d\u2019un jonc sur son pourtour. C\u2019est ce dernier que l\u2019on ins\u00e8re dans la rainure du cadre en aluminium. <br \/>Ce cadre, ici pr\u00e9sent\u00e9 en version autoportante est \u00e9galement disponible en <a href=\"https:\/\/www.macapflag.com\/117-cadre-toile-tendue\"><span style=\"color: #3366ff;\"><strong>plusieurs mod\u00e8les<\/strong><\/span><\/a> \u00e0 suspendre au mur ou au plafond.<\/p>\t\t\t\t\t\t\t\t<\/div>\n\t\t\t\t<\/div>\n\t\t\t\t\t<\/div>\n\t\t<\/div>\n\t\t\t\t\t<\/div>\n\t\t<\/section>\n\t\t\t\t<section class=\"elementor-section elementor-top-section elementor-element elementor-element-fe506e4 elementor-section-boxed elementor-section-height-default elementor-section-height-default\" data-id=\"fe506e4\" data-element_type=\"section\">\n\t\t\t\t\t\t<div class=\"elementor-container elementor-column-gap-default\">\n\t\t\t\t\t<div class=\"elementor-column elementor-col-100 elementor-top-column elementor-element elementor-element-ff13ba5\" data-id=\"ff13ba5\" data-element_type=\"column\">\n\t\t\t<div class=\"elementor-widget-wrap elementor-element-populated\">\n\t\t\t\t\t\t<div class=\"elementor-element elementor-element-6cef558 elementor-widget elementor-widget-shortcode\" data-id=\"6cef558\" data-element_type=\"widget\" data-widget_type=\"shortcode.default\">\n\t\t\t\t<div class=\"elementor-widget-container\">\n\t\t\t\t\t\t\t<div class=\"elementor-shortcode\"><div class=\"container p-0 m-0\">\n    <div class=\"row m-0 border\">\n        <div class=\"col-12 col-lg-6\">\n            <img decoding=\"async\" src=\"https:\/\/www.macapflag.com\/1861214-home_default\/cadre-autoportant-toile-tendue-utilisation-interieure.jpg\" alt=\"Cadre toile tendue classique autoportant\" class=\"mx-auto\" \/>\n        <\/div>\n        <div class=\"col-12 col-lg-6 box-didpd-body\">\n            <div class=\"box-didpd-text\">\n                <a href=\"https:\/\/www.macapflag.com\/cadre-toile-tendue\/187-cadre-autoportant-toile-tendue-utilisation-interieure.html\" target=\"_blank\" class=\"stretched-link\">\n                    <h3>Cadre toile tendue classique autoportant<\/h3>\n                <\/a>\n                <p>Un magnifique visuel imprim\u00e9 sur une toile textile tendue dans un cadre en alu de la taille de votre choix.<\/p>\n            <\/div>\n                                    <div class=\"text-center\">\n                <button class=\"btn btn-primary\">Je demande un devis<\/button>\n            <\/div>\n        <\/div>\n    <\/div>\n<\/div>\n<\/div>\n\t\t\t\t\t\t<\/div>\n\t\t\t\t<\/div>\n\t\t\t\t\t<\/div>\n\t\t<\/div>\n\t\t\t\t\t<\/div>\n\t\t<\/section>\n\t\t\t\t<section class=\"elementor-section elementor-top-section elementor-element elementor-element-32cd07b elementor-section-boxed elementor-section-height-default elementor-section-height-default\" data-id=\"32cd07b\" data-element_type=\"section\">\n\t\t\t\t\t\t<div class=\"elementor-container elementor-column-gap-default\">\n\t\t\t\t\t<div class=\"elementor-column elementor-col-100 elementor-top-column elementor-element elementor-element-3257fcb\" data-id=\"3257fcb\" data-element_type=\"column\">\n\t\t\t<div class=\"elementor-widget-wrap elementor-element-populated\">\n\t\t\t\t\t\t<div class=\"elementor-element elementor-element-64816f3 elementor-widget elementor-widget-spacer\" data-id=\"64816f3\" data-element_type=\"widget\" data-widget_type=\"spacer.default\">\n\t\t\t\t<div class=\"elementor-widget-container\">\n\t\t\t\t\t\t\t<div class=\"elementor-spacer\">\n\t\t\t<div class=\"elementor-spacer-inner\"><\/div>\n\t\t<\/div>\n\t\t\t\t\t\t<\/div>\n\t\t\t\t<\/div>\n\t\t\t\t\t<\/div>\n\t\t<\/div>\n\t\t\t\t\t<\/div>\n\t\t<\/section>\n\t\t\t\t<section class=\"elementor-section elementor-top-section elementor-element elementor-element-7a62fbb elementor-section-boxed elementor-section-height-default elementor-section-height-default\" data-id=\"7a62fbb\" data-element_type=\"section\">\n\t\t\t\t\t\t<div class=\"elementor-container elementor-column-gap-default\">\n\t\t\t\t\t<div class=\"elementor-column elementor-col-100 elementor-top-column elementor-element elementor-element-aac473d\" data-id=\"aac473d\" data-element_type=\"column\">\n\t\t\t<div class=\"elementor-widget-wrap elementor-element-populated\">\n\t\t\t\t\t\t<div class=\"elementor-element elementor-element-daa17f1 elementor-widget elementor-widget-text-editor\" data-id=\"daa17f1\" data-element_type=\"widget\" data-widget_type=\"text-editor.default\">\n\t\t\t\t<div class=\"elementor-widget-container\">\n\t\t\t\t\t\t\t\t\t<h2>Qu\u2019est ce que qu\u2019un cadre r\u00e9tro \u00e9clair\u00e9 pour toile tendue ?<\/h2>\t\t\t\t\t\t\t\t<\/div>\n\t\t\t\t<\/div>\n\t\t\t\t\t<\/div>\n\t\t<\/div>\n\t\t\t\t\t<\/div>\n\t\t<\/section>\n\t\t\t\t<section class=\"elementor-section elementor-top-section elementor-element elementor-element-5b4d6da elementor-section-boxed elementor-section-height-default elementor-section-height-default\" data-id=\"5b4d6da\" data-element_type=\"section\">\n\t\t\t\t\t\t<div class=\"elementor-container elementor-column-gap-default\">\n\t\t\t\t\t<div class=\"elementor-column elementor-col-100 elementor-top-column elementor-element elementor-element-061bb30\" data-id=\"061bb30\" data-element_type=\"column\">\n\t\t\t<div class=\"elementor-widget-wrap elementor-element-populated\">\n\t\t\t\t\t\t<div class=\"elementor-element elementor-element-dc4abcb elementor-widget elementor-widget-text-editor\" data-id=\"dc4abcb\" data-element_type=\"widget\" data-widget_type=\"text-editor.default\">\n\t\t\t\t<div class=\"elementor-widget-container\">\n\t\t\t\t\t\t\t\t\t<p>Le cadre toile tendue r\u00e9tro \u00e9clair\u00e9, parfois appel\u00e9 cadre lumineux, est \u00e9galement un cadre en profil\u00e9 aluminium qui permet d\u2019afficher un textile imprim\u00e9 mais ici, de la lumi\u00e8re est diffus\u00e9e derri\u00e8re le visuel pour l\u2019\u00e9clairer davantage.<\/p>\t\t\t\t\t\t\t\t<\/div>\n\t\t\t\t<\/div>\n\t\t\t\t\t<\/div>\n\t\t<\/div>\n\t\t\t\t\t<\/div>\n\t\t<\/section>\n\t\t\t\t<section class=\"elementor-section elementor-top-section elementor-element elementor-element-ef28e37 elementor-section-boxed elementor-section-height-default elementor-section-height-default\" data-id=\"ef28e37\" data-element_type=\"section\">\n\t\t\t\t\t\t<div class=\"elementor-container elementor-column-gap-default\">\n\t\t\t\t\t<div class=\"elementor-column elementor-col-100 elementor-top-column elementor-element elementor-element-45484ee\" data-id=\"45484ee\" data-element_type=\"column\">\n\t\t\t<div class=\"elementor-widget-wrap elementor-element-populated\">\n\t\t\t\t\t\t<div class=\"elementor-element elementor-element-5cb22ac elementor-widget elementor-widget-shortcode\" data-id=\"5cb22ac\" data-element_type=\"widget\" data-widget_type=\"shortcode.default\">\n\t\t\t\t<div class=\"elementor-widget-container\">\n\t\t\t\t\t\t\t<div class=\"elementor-shortcode\"><div class=\"container p-0 m-0\">\n    <div class=\"row m-0 border\">\n        <div class=\"col-12 col-lg-6\">\n            <img decoding=\"async\" src=\"https:\/\/www.macapflag.com\/1853049-home_default\/cadre-toile-tendue-retroeclaire-autoportant-utilisation-interieure.jpg\" alt=\"Cadre toile tendue r&eacute;tro &eacute;clair&eacute; autoportant\" class=\"mx-auto\" \/>\n        <\/div>\n        <div class=\"col-12 col-lg-6 box-didpd-body\">\n            <div class=\"box-didpd-text\">\n                <a href=\"https:\/\/www.macapflag.com\/cadre-toile-tendue\/790449-cadre-toile-tendue-retroeclaire-autoportant-utilisation-interieure.html\" target=\"_blank\" class=\"stretched-link\">\n                    <h3>Cadre toile tendue r\u00e9tro \u00e9clair\u00e9 autoportant<\/h3>\n                <\/a>\n                <p>Un magnifique visuel imprim\u00e9 sur une toile textile tendue dans un cadre en alu \u00e9quip\u00e9 de leds.<\/p>\n            <\/div>\n                                    <div class=\"text-center\">\n                <button class=\"btn btn-primary\">Je demande un devis<\/button>\n            <\/div>\n        <\/div>\n    <\/div>\n<\/div>\n<\/div>\n\t\t\t\t\t\t<\/div>\n\t\t\t\t<\/div>\n\t\t\t\t\t<\/div>\n\t\t<\/div>\n\t\t\t\t\t<\/div>\n\t\t<\/section>\n\t\t\t\t<section class=\"elementor-section elementor-top-section elementor-element elementor-element-19b671a elementor-section-boxed elementor-section-height-default elementor-section-height-default\" data-id=\"19b671a\" data-element_type=\"section\">\n\t\t\t\t\t\t<div class=\"elementor-container elementor-column-gap-default\">\n\t\t\t\t\t<div class=\"elementor-column elementor-col-100 elementor-top-column elementor-element elementor-element-c034797\" data-id=\"c034797\" data-element_type=\"column\">\n\t\t\t<div class=\"elementor-widget-wrap elementor-element-populated\">\n\t\t\t\t\t\t<div class=\"elementor-element elementor-element-192a8f7 elementor-widget elementor-widget-spacer\" data-id=\"192a8f7\" data-element_type=\"widget\" data-widget_type=\"spacer.default\">\n\t\t\t\t<div class=\"elementor-widget-container\">\n\t\t\t\t\t\t\t<div class=\"elementor-spacer\">\n\t\t\t<div class=\"elementor-spacer-inner\"><\/div>\n\t\t<\/div>\n\t\t\t\t\t\t<\/div>\n\t\t\t\t<\/div>\n\t\t\t\t\t<\/div>\n\t\t<\/div>\n\t\t\t\t\t<\/div>\n\t\t<\/section>\n\t\t\t\t<section class=\"elementor-section elementor-top-section elementor-element elementor-element-5ec422a elementor-section-boxed elementor-section-height-default elementor-section-height-default\" data-id=\"5ec422a\" data-element_type=\"section\">\n\t\t\t\t\t\t<div class=\"elementor-container elementor-column-gap-default\">\n\t\t\t\t\t<div class=\"elementor-column elementor-col-100 elementor-top-column elementor-element elementor-element-c86e5f1\" data-id=\"c86e5f1\" data-element_type=\"column\">\n\t\t\t<div class=\"elementor-widget-wrap elementor-element-populated\">\n\t\t\t\t\t\t<div class=\"elementor-element elementor-element-324315b elementor-widget elementor-widget-text-editor\" data-id=\"324315b\" data-element_type=\"widget\" data-widget_type=\"text-editor.default\">\n\t\t\t\t<div class=\"elementor-widget-container\">\n\t\t\t\t\t\t\t\t\t<h2>Quelle est la taille de chaque mod\u00e8le de cadre pour tissu imprim\u00e9 ?<\/h2>\t\t\t\t\t\t\t\t<\/div>\n\t\t\t\t<\/div>\n\t\t\t\t\t<\/div>\n\t\t<\/div>\n\t\t\t\t\t<\/div>\n\t\t<\/section>\n\t\t\t\t<section class=\"elementor-section elementor-top-section elementor-element elementor-element-7a088fa elementor-section-boxed elementor-section-height-default elementor-section-height-default\" data-id=\"7a088fa\" data-element_type=\"section\">\n\t\t\t\t\t\t<div class=\"elementor-container elementor-column-gap-default\">\n\t\t\t\t\t<div class=\"elementor-column elementor-col-100 elementor-top-column elementor-element elementor-element-fa84d56\" data-id=\"fa84d56\" data-element_type=\"column\">\n\t\t\t<div class=\"elementor-widget-wrap elementor-element-populated\">\n\t\t\t\t\t\t<div class=\"elementor-element elementor-element-4711761 elementor-widget elementor-widget-text-editor\" data-id=\"4711761\" data-element_type=\"widget\" data-widget_type=\"text-editor.default\">\n\t\t\t\t<div class=\"elementor-widget-container\">\n\t\t\t\t\t\t\t\t\t<h3>Le cadre classique autoportant pour tissu personnnalis\u00e9<\/h3>\t\t\t\t\t\t\t\t<\/div>\n\t\t\t\t<\/div>\n\t\t\t\t\t<\/div>\n\t\t<\/div>\n\t\t\t\t\t<\/div>\n\t\t<\/section>\n\t\t\t\t<section class=\"elementor-section elementor-top-section elementor-element elementor-element-17b904b elementor-section-boxed elementor-section-height-default elementor-section-height-default\" data-id=\"17b904b\" data-element_type=\"section\">\n\t\t\t\t\t\t<div class=\"elementor-container elementor-column-gap-default\">\n\t\t\t\t\t<div class=\"elementor-column elementor-col-100 elementor-top-column elementor-element elementor-element-5a13ec1\" data-id=\"5a13ec1\" data-element_type=\"column\">\n\t\t\t<div class=\"elementor-widget-wrap elementor-element-populated\">\n\t\t\t\t\t\t<div class=\"elementor-element elementor-element-ddedde7 elementor-widget elementor-widget-text-editor\" data-id=\"ddedde7\" data-element_type=\"widget\" data-widget_type=\"text-editor.default\">\n\t\t\t\t<div class=\"elementor-widget-container\">\n\t\t\t\t\t\t\t\t\t<p>Ce cadre toile tendue est propos\u00e9 chez MACAP en plusieurs dimensions standard :<\/p><ul><li>60 x 80 cm<\/li><li>80 x 200 cm<\/li><li>200 x 225 cm<\/li><li>300 x 225 cm<\/li><\/ul><p>Si ces tailles offrent d\u00e9j\u00e0 une large palette de possibilit\u00e9s, ce cadre toile est aussi disponible \u00e0 la commande en taille sur-mesure. Cette solution peut vous permettre d\u2019acheter un cadre toile tendue aux dimensions pr\u00e9cises pour recouvrir un mur ou d\u00e9limiter un espace de mani\u00e8re pr\u00e9cise.<\/p><p>\u00c9paisseur du cadre : Le cadre en aluminium est en profil\u00e9 de 46 mm.<\/p>\t\t\t\t\t\t\t\t<\/div>\n\t\t\t\t<\/div>\n\t\t\t\t\t<\/div>\n\t\t<\/div>\n\t\t\t\t\t<\/div>\n\t\t<\/section>\n\t\t\t\t<section class=\"elementor-section elementor-top-section elementor-element elementor-element-1e5fbcb elementor-section-boxed elementor-section-height-default elementor-section-height-default\" data-id=\"1e5fbcb\" data-element_type=\"section\">\n\t\t\t\t\t\t<div class=\"elementor-container elementor-column-gap-default\">\n\t\t\t\t\t<div class=\"elementor-column elementor-col-100 elementor-top-column elementor-element elementor-element-56b8292\" data-id=\"56b8292\" data-element_type=\"column\">\n\t\t\t<div class=\"elementor-widget-wrap elementor-element-populated\">\n\t\t\t\t\t\t<div class=\"elementor-element elementor-element-efd6c63 elementor-widget elementor-widget-text-editor\" data-id=\"efd6c63\" data-element_type=\"widget\" data-widget_type=\"text-editor.default\">\n\t\t\t\t<div class=\"elementor-widget-container\">\n\t\t\t\t\t\t\t\t\t<h3>Le cadre r\u00e9tro \u00e9clair\u00e9 autoportant pour textile imprim\u00e9<\/h3>\t\t\t\t\t\t\t\t<\/div>\n\t\t\t\t<\/div>\n\t\t\t\t\t<\/div>\n\t\t<\/div>\n\t\t\t\t\t<\/div>\n\t\t<\/section>\n\t\t\t\t<section class=\"elementor-section elementor-top-section elementor-element elementor-element-39b484e elementor-section-boxed elementor-section-height-default elementor-section-height-default\" data-id=\"39b484e\" data-element_type=\"section\">\n\t\t\t\t\t\t<div class=\"elementor-container elementor-column-gap-default\">\n\t\t\t\t\t<div class=\"elementor-column elementor-col-100 elementor-top-column elementor-element elementor-element-d31326b\" data-id=\"d31326b\" data-element_type=\"column\">\n\t\t\t<div class=\"elementor-widget-wrap elementor-element-populated\">\n\t\t\t\t\t\t<div class=\"elementor-element elementor-element-897285e elementor-widget elementor-widget-image\" data-id=\"897285e\" data-element_type=\"widget\" data-widget_type=\"image.default\">\n\t\t\t\t<div class=\"elementor-widget-container\">\n\t\t\t\t\t\t\t\t\t\t\t\t<figure class=\"wp-caption\">\n\t\t\t\t\t\t\t\t\t\t<img fetchpriority=\"high\" decoding=\"async\" width=\"700\" height=\"534\" src=\"https:\/\/www.macapflag.com\/blog\/wp-content\/uploads\/2022\/10\/cadre-retro-eclaire.jpg\" class=\"attachment-large size-large wp-image-11470\" alt=\"Cadre r\u00e9tro \u00e9clair\u00e9 lumineux\" srcset=\"https:\/\/www.macapflag.com\/blog\/wp-content\/uploads\/2022\/10\/cadre-retro-eclaire.jpg 700w, https:\/\/www.macapflag.com\/blog\/wp-content\/uploads\/2022\/10\/cadre-retro-eclaire-300x229.jpg 300w\" sizes=\"(max-width: 700px) 100vw, 700px\" \/>\t\t\t\t\t\t\t\t\t\t\t<figcaption class=\"widget-image-caption wp-caption-text\">Cadre r\u00e9tro\u00e9clair\u00e9 en version \u00e9teinte  et allum\u00e9e<\/figcaption>\n\t\t\t\t\t\t\t\t\t\t<\/figure>\n\t\t\t\t\t\t\t\t\t<\/div>\n\t\t\t\t<\/div>\n\t\t\t\t\t<\/div>\n\t\t<\/div>\n\t\t\t\t\t<\/div>\n\t\t<\/section>\n\t\t\t\t<section class=\"elementor-section elementor-top-section elementor-element elementor-element-9001c71 elementor-section-boxed elementor-section-height-default elementor-section-height-default\" data-id=\"9001c71\" data-element_type=\"section\">\n\t\t\t\t\t\t<div class=\"elementor-container elementor-column-gap-default\">\n\t\t\t\t\t<div class=\"elementor-column elementor-col-100 elementor-top-column elementor-element elementor-element-842493f\" data-id=\"842493f\" data-element_type=\"column\">\n\t\t\t<div class=\"elementor-widget-wrap elementor-element-populated\">\n\t\t\t\t\t\t<div class=\"elementor-element elementor-element-b89e705 elementor-widget elementor-widget-text-editor\" data-id=\"b89e705\" data-element_type=\"widget\" data-widget_type=\"text-editor.default\">\n\t\t\t\t<div class=\"elementor-widget-container\">\n\t\t\t\t\t\t\t\t\t<p>Le <a href=\"https:\/\/www.macapflag.com\/cadre-toile-tendue\/790449-cadre-toile-tendue-retroeclaire-autoportant-utilisation-interieure.html\"><span style=\"color: #3366ff;\"><strong>mod\u00e8le de la gamme MACAP<\/strong><\/span><\/a> est propos\u00e9 en 2 dimensions :<\/p><ul><li>200 x 100 cm<\/li><li>230 x 200 cm<\/li><\/ul><p>Les bandes de leds qui composent ce produit ne permettent pas de s\u2019adapter \u00e0 toutes les dimensions. C\u2019est pour cette raison que ce cadre lumineux est disponible seulement en 2 tailles.<\/p><p>\u21d2 Si vous recherchez un cadre toile tendue aux dimensions sp\u00e9cifiques, optez plut\u00f4t pour le cadre classique sauf \u00e9videmment si ces derni\u00e8res correspondent id\u00e9alement aux dimensions du cadre r\u00e9tro \u00e9clair\u00e9.<\/p><p>\u00c9paisseur du cadre : Le cadre en aluminium est en profil\u00e9 de 80 mm.<\/p>\t\t\t\t\t\t\t\t<\/div>\n\t\t\t\t<\/div>\n\t\t\t\t\t<\/div>\n\t\t<\/div>\n\t\t\t\t\t<\/div>\n\t\t<\/section>\n\t\t\t\t<section class=\"elementor-section elementor-top-section elementor-element elementor-element-cc8975f elementor-section-boxed elementor-section-height-default elementor-section-height-default\" data-id=\"cc8975f\" data-element_type=\"section\">\n\t\t\t\t\t\t<div class=\"elementor-container elementor-column-gap-default\">\n\t\t\t\t\t<div class=\"elementor-column elementor-col-100 elementor-top-column elementor-element elementor-element-06b38ce\" data-id=\"06b38ce\" data-element_type=\"column\">\n\t\t\t<div class=\"elementor-widget-wrap elementor-element-populated\">\n\t\t\t\t\t\t<div class=\"elementor-element elementor-element-993b7e2 elementor-widget elementor-widget-spacer\" data-id=\"993b7e2\" data-element_type=\"widget\" data-widget_type=\"spacer.default\">\n\t\t\t\t<div class=\"elementor-widget-container\">\n\t\t\t\t\t\t\t<div class=\"elementor-spacer\">\n\t\t\t<div class=\"elementor-spacer-inner\"><\/div>\n\t\t<\/div>\n\t\t\t\t\t\t<\/div>\n\t\t\t\t<\/div>\n\t\t\t\t\t<\/div>\n\t\t<\/div>\n\t\t\t\t\t<\/div>\n\t\t<\/section>\n\t\t\t\t<section class=\"elementor-section elementor-top-section elementor-element elementor-element-087bc4c elementor-section-boxed elementor-section-height-default elementor-section-height-default\" data-id=\"087bc4c\" data-element_type=\"section\">\n\t\t\t\t\t\t<div class=\"elementor-container elementor-column-gap-default\">\n\t\t\t\t\t<div class=\"elementor-column elementor-col-100 elementor-top-column elementor-element elementor-element-3b39295\" data-id=\"3b39295\" data-element_type=\"column\">\n\t\t\t<div class=\"elementor-widget-wrap elementor-element-populated\">\n\t\t\t\t\t\t<div class=\"elementor-element elementor-element-712f642 elementor-widget elementor-widget-text-editor\" data-id=\"712f642\" data-element_type=\"widget\" data-widget_type=\"text-editor.default\">\n\t\t\t\t<div class=\"elementor-widget-container\">\n\t\t\t\t\t\t\t\t\t<h2>O\u00f9 utiliser chaque mod\u00e8le de cadre pour textile tendu ?<\/h2>\t\t\t\t\t\t\t\t<\/div>\n\t\t\t\t<\/div>\n\t\t\t\t\t<\/div>\n\t\t<\/div>\n\t\t\t\t\t<\/div>\n\t\t<\/section>\n\t\t\t\t<section class=\"elementor-section elementor-top-section elementor-element elementor-element-38d7725 elementor-section-boxed elementor-section-height-default elementor-section-height-default\" data-id=\"38d7725\" data-element_type=\"section\">\n\t\t\t\t\t\t<div class=\"elementor-container elementor-column-gap-default\">\n\t\t\t\t\t<div class=\"elementor-column elementor-col-100 elementor-top-column elementor-element elementor-element-a81c4f2\" data-id=\"a81c4f2\" data-element_type=\"column\">\n\t\t\t<div class=\"elementor-widget-wrap elementor-element-populated\">\n\t\t\t\t\t\t<div class=\"elementor-element elementor-element-4519c95 elementor-widget elementor-widget-image\" data-id=\"4519c95\" data-element_type=\"widget\" data-widget_type=\"image.default\">\n\t\t\t\t<div class=\"elementor-widget-container\">\n\t\t\t\t\t\t\t\t\t\t\t\t<figure class=\"wp-caption\">\n\t\t\t\t\t\t\t\t\t\t<img decoding=\"async\" width=\"700\" height=\"534\" src=\"https:\/\/www.macapflag.com\/blog\/wp-content\/uploads\/2022\/10\/cadre-retro-eclaire-magasin.jpg\" class=\"attachment-large size-large wp-image-11469\" alt=\"Cadre lumineux d\u00e9coration int\u00e9rieur magasin\" srcset=\"https:\/\/www.macapflag.com\/blog\/wp-content\/uploads\/2022\/10\/cadre-retro-eclaire-magasin.jpg 700w, https:\/\/www.macapflag.com\/blog\/wp-content\/uploads\/2022\/10\/cadre-retro-eclaire-magasin-300x229.jpg 300w\" sizes=\"(max-width: 700px) 100vw, 700px\" \/>\t\t\t\t\t\t\t\t\t\t\t<figcaption class=\"widget-image-caption wp-caption-text\">Un cadre r\u00e9tro \u00e9clair\u00e9 install\u00e9 dans une boutique<\/figcaption>\n\t\t\t\t\t\t\t\t\t\t<\/figure>\n\t\t\t\t\t\t\t\t\t<\/div>\n\t\t\t\t<\/div>\n\t\t\t\t\t<\/div>\n\t\t<\/div>\n\t\t\t\t\t<\/div>\n\t\t<\/section>\n\t\t\t\t<section class=\"elementor-section elementor-top-section elementor-element elementor-element-94b017f elementor-section-boxed elementor-section-height-default elementor-section-height-default\" data-id=\"94b017f\" data-element_type=\"section\">\n\t\t\t\t\t\t<div class=\"elementor-container elementor-column-gap-default\">\n\t\t\t\t\t<div class=\"elementor-column elementor-col-100 elementor-top-column elementor-element elementor-element-2ad7899\" data-id=\"2ad7899\" data-element_type=\"column\">\n\t\t\t<div class=\"elementor-widget-wrap elementor-element-populated\">\n\t\t\t\t\t\t<div class=\"elementor-element elementor-element-eeb8d66 elementor-widget elementor-widget-text-editor\" data-id=\"eeb8d66\" data-element_type=\"widget\" data-widget_type=\"text-editor.default\">\n\t\t\t\t<div class=\"elementor-widget-container\">\n\t\t\t\t\t\t\t\t\t<p>Le cadre classique et le cadre r\u00e9tro \u00e9clair\u00e9 sont 2 mod\u00e8les de structures autoportantes. Chaque kit est ainsi \u00e9quip\u00e9 d\u2019un ch\u00e2ssis et de pieds en aluminium pour permettre de l\u2019installer sans contraintes n\u2019importe o\u00f9.<br \/>Chacun de ces 2 mod\u00e8les est destin\u00e9 \u00e0 un usage en int\u00e9rieur uniquement. <br \/>On retrouve r\u00e9guli\u00e8rement ces mod\u00e8les de cadres dans les salons, pour l\u2019am\u00e9nagement d\u2019un stand, dans les commerces pour cr\u00e9er une ambiance d\u00e9corative personnalis\u00e9e ou dans les entreprises pour mettre en avant la marque ou le logo.<br \/>\u21d2 Les 2 mod\u00e8les remplissent la m\u00eame fonction. \u00c0 noter tout de m\u00eame que le cadre classique est \u00e9galement disponible en version cadre mural pour \u00eatre fix\u00e9 au mur ou cadre suspendu pour \u00eatre accroch\u00e9 au plafond.<\/p>\t\t\t\t\t\t\t\t<\/div>\n\t\t\t\t<\/div>\n\t\t\t\t\t<\/div>\n\t\t<\/div>\n\t\t\t\t\t<\/div>\n\t\t<\/section>\n\t\t\t\t<section class=\"elementor-section elementor-top-section elementor-element elementor-element-223eacb elementor-section-boxed elementor-section-height-default elementor-section-height-default\" data-id=\"223eacb\" data-element_type=\"section\">\n\t\t\t\t\t\t<div class=\"elementor-container elementor-column-gap-default\">\n\t\t\t\t\t<div class=\"elementor-column elementor-col-100 elementor-top-column elementor-element elementor-element-fe27cb0\" data-id=\"fe27cb0\" data-element_type=\"column\">\n\t\t\t<div class=\"elementor-widget-wrap elementor-element-populated\">\n\t\t\t\t\t\t<div class=\"elementor-element elementor-element-9fda791 elementor-widget elementor-widget-image\" data-id=\"9fda791\" data-element_type=\"widget\" data-widget_type=\"image.default\">\n\t\t\t\t<div class=\"elementor-widget-container\">\n\t\t\t\t\t\t\t\t\t\t\t\t<figure class=\"wp-caption\">\n\t\t\t\t\t\t\t\t\t\t<img decoding=\"async\" width=\"700\" height=\"534\" src=\"https:\/\/www.macapflag.com\/blog\/wp-content\/uploads\/2022\/10\/cadre-toile-tendue-classique.jpg\" class=\"attachment-large size-large wp-image-11471\" alt=\"Cadre toile version XXL\" srcset=\"https:\/\/www.macapflag.com\/blog\/wp-content\/uploads\/2022\/10\/cadre-toile-tendue-classique.jpg 700w, https:\/\/www.macapflag.com\/blog\/wp-content\/uploads\/2022\/10\/cadre-toile-tendue-classique-300x229.jpg 300w\" sizes=\"(max-width: 700px) 100vw, 700px\" \/>\t\t\t\t\t\t\t\t\t\t\t<figcaption class=\"widget-image-caption wp-caption-text\">Un cadre classique dispos\u00e9 \u00e0 l'accueil d'un h\u00f4tel<\/figcaption>\n\t\t\t\t\t\t\t\t\t\t<\/figure>\n\t\t\t\t\t\t\t\t\t<\/div>\n\t\t\t\t<\/div>\n\t\t\t\t\t<\/div>\n\t\t<\/div>\n\t\t\t\t\t<\/div>\n\t\t<\/section>\n\t\t\t\t<section class=\"elementor-section elementor-top-section elementor-element elementor-element-adceb49 elementor-section-boxed elementor-section-height-default elementor-section-height-default\" data-id=\"adceb49\" data-element_type=\"section\">\n\t\t\t\t\t\t<div class=\"elementor-container elementor-column-gap-default\">\n\t\t\t\t\t<div class=\"elementor-column elementor-col-100 elementor-top-column elementor-element elementor-element-e675c74\" data-id=\"e675c74\" data-element_type=\"column\">\n\t\t\t<div class=\"elementor-widget-wrap elementor-element-populated\">\n\t\t\t\t\t\t<div class=\"elementor-element elementor-element-019ee61 elementor-widget elementor-widget-spacer\" data-id=\"019ee61\" data-element_type=\"widget\" data-widget_type=\"spacer.default\">\n\t\t\t\t<div class=\"elementor-widget-container\">\n\t\t\t\t\t\t\t<div class=\"elementor-spacer\">\n\t\t\t<div class=\"elementor-spacer-inner\"><\/div>\n\t\t<\/div>\n\t\t\t\t\t\t<\/div>\n\t\t\t\t<\/div>\n\t\t\t\t\t<\/div>\n\t\t<\/div>\n\t\t\t\t\t<\/div>\n\t\t<\/section>\n\t\t\t\t<section class=\"elementor-section elementor-top-section elementor-element elementor-element-66904ce elementor-section-boxed elementor-section-height-default elementor-section-height-default\" data-id=\"66904ce\" data-element_type=\"section\">\n\t\t\t\t\t\t<div class=\"elementor-container elementor-column-gap-default\">\n\t\t\t\t\t<div class=\"elementor-column elementor-col-100 elementor-top-column elementor-element elementor-element-20d88e8\" data-id=\"20d88e8\" data-element_type=\"column\">\n\t\t\t<div class=\"elementor-widget-wrap elementor-element-populated\">\n\t\t\t\t\t\t<div class=\"elementor-element elementor-element-d3729d6 elementor-widget elementor-widget-text-editor\" data-id=\"d3729d6\" data-element_type=\"widget\" data-widget_type=\"text-editor.default\">\n\t\t\t\t<div class=\"elementor-widget-container\">\n\t\t\t\t\t\t\t\t\t<h2>Quelle toile est utilis\u00e9e pour l&#8217;impression du visuel ?<\/h2>\t\t\t\t\t\t\t\t<\/div>\n\t\t\t\t<\/div>\n\t\t\t\t\t<\/div>\n\t\t<\/div>\n\t\t\t\t\t<\/div>\n\t\t<\/section>\n\t\t\t\t<section class=\"elementor-section elementor-top-section elementor-element elementor-element-366e8b6 elementor-section-boxed elementor-section-height-default elementor-section-height-default\" data-id=\"366e8b6\" data-element_type=\"section\">\n\t\t\t\t\t\t<div class=\"elementor-container elementor-column-gap-default\">\n\t\t\t\t\t<div class=\"elementor-column elementor-col-100 elementor-top-column elementor-element elementor-element-20697b8\" data-id=\"20697b8\" data-element_type=\"column\">\n\t\t\t<div class=\"elementor-widget-wrap elementor-element-populated\">\n\t\t\t\t\t\t<div class=\"elementor-element elementor-element-d69326d elementor-widget elementor-widget-text-editor\" data-id=\"d69326d\" data-element_type=\"widget\" data-widget_type=\"text-editor.default\">\n\t\t\t\t<div class=\"elementor-widget-container\">\n\t\t\t\t\t\t\t\t\t<h3>Le cadre classique autoportant<\/h3>\t\t\t\t\t\t\t\t<\/div>\n\t\t\t\t<\/div>\n\t\t\t\t\t<\/div>\n\t\t<\/div>\n\t\t\t\t\t<\/div>\n\t\t<\/section>\n\t\t\t\t<section class=\"elementor-section elementor-top-section elementor-element elementor-element-4d30cd1 elementor-section-boxed elementor-section-height-default elementor-section-height-default\" data-id=\"4d30cd1\" data-element_type=\"section\">\n\t\t\t\t\t\t<div class=\"elementor-container elementor-column-gap-default\">\n\t\t\t\t\t<div class=\"elementor-column elementor-col-100 elementor-top-column elementor-element elementor-element-73b4da0\" data-id=\"73b4da0\" data-element_type=\"column\">\n\t\t\t<div class=\"elementor-widget-wrap elementor-element-populated\">\n\t\t\t\t\t\t<div class=\"elementor-element elementor-element-4a0eca5 elementor-widget elementor-widget-image\" data-id=\"4a0eca5\" data-element_type=\"widget\" data-widget_type=\"image.default\">\n\t\t\t\t<div class=\"elementor-widget-container\">\n\t\t\t\t\t\t\t\t\t\t\t\t\t\t\t<img loading=\"lazy\" decoding=\"async\" width=\"700\" height=\"534\" src=\"https:\/\/www.macapflag.com\/blog\/wp-content\/uploads\/2022\/10\/visuel-textile-pour-cadre-toile-tendue.jpg\" class=\"attachment-large size-large wp-image-11474\" alt=\"Textile imprim\u00e9 ins\u00e9r\u00e9 dans un cadre alu\" srcset=\"https:\/\/www.macapflag.com\/blog\/wp-content\/uploads\/2022\/10\/visuel-textile-pour-cadre-toile-tendue.jpg 700w, https:\/\/www.macapflag.com\/blog\/wp-content\/uploads\/2022\/10\/visuel-textile-pour-cadre-toile-tendue-300x229.jpg 300w\" sizes=\"(max-width: 700px) 100vw, 700px\" \/>\t\t\t\t\t\t\t\t\t\t\t\t\t\t\t<\/div>\n\t\t\t\t<\/div>\n\t\t\t\t\t<\/div>\n\t\t<\/div>\n\t\t\t\t\t<\/div>\n\t\t<\/section>\n\t\t\t\t<section class=\"elementor-section elementor-top-section elementor-element elementor-element-c89a1ca elementor-section-boxed elementor-section-height-default elementor-section-height-default\" data-id=\"c89a1ca\" data-element_type=\"section\">\n\t\t\t\t\t\t<div class=\"elementor-container elementor-column-gap-default\">\n\t\t\t\t\t<div class=\"elementor-column elementor-col-100 elementor-top-column elementor-element elementor-element-a8a4816\" data-id=\"a8a4816\" data-element_type=\"column\">\n\t\t\t<div class=\"elementor-widget-wrap elementor-element-populated\">\n\t\t\t\t\t\t<div class=\"elementor-element elementor-element-9b27f92 elementor-widget elementor-widget-text-editor\" data-id=\"9b27f92\" data-element_type=\"widget\" data-widget_type=\"text-editor.default\">\n\t\t\t\t<div class=\"elementor-widget-container\">\n\t\t\t\t\t\t\t\t\t<p>Plusieurs mati\u00e8res sont propos\u00e9es pour la toile effet tissu de ce mod\u00e8le :<\/p><ul><li>La maille polyester Polydeco ignifug\u00e9e 220 g\/m\u00b2<\/li><li>La maille polyester Polydeco ignifug\u00e9e 220 g\/m\u00b2 version PET, une mati\u00e8re recycl\u00e9e fabriqu\u00e9e gr\u00e2ce aux bouteilles en plastique qui sont retrait\u00e9es pour avoir une seconde vie.<\/li><li>Le dos noir occultant 260 g\/m\u00b2, une mati\u00e8re dense et \u00e9paisse 100% occultante pour ne pas laisser passer un seul rayon de lumi\u00e8re.<\/li><\/ul><p>Le polyd\u00e9co est une mati\u00e8re soyeuse et lumineuse parfaitement apte \u00e0 mettre en valeur les couleurs d\u2019impression du visuel.<br \/>S\u2019il est un peu moins lumineux, le dos noir est tout aussi qualitatif.<\/p>\t\t\t\t\t\t\t\t<\/div>\n\t\t\t\t<\/div>\n\t\t\t\t\t<\/div>\n\t\t<\/div>\n\t\t\t\t\t<\/div>\n\t\t<\/section>\n\t\t\t\t<section class=\"elementor-section elementor-top-section elementor-element elementor-element-e494d9e elementor-section-boxed elementor-section-height-default elementor-section-height-default\" data-id=\"e494d9e\" data-element_type=\"section\">\n\t\t\t\t\t\t<div class=\"elementor-container elementor-column-gap-default\">\n\t\t\t\t\t<div class=\"elementor-column elementor-col-100 elementor-top-column elementor-element elementor-element-e6fd573\" data-id=\"e6fd573\" data-element_type=\"column\">\n\t\t\t<div class=\"elementor-widget-wrap elementor-element-populated\">\n\t\t\t\t\t\t<div class=\"elementor-element elementor-element-683e1bd elementor-widget elementor-widget-text-editor\" data-id=\"683e1bd\" data-element_type=\"widget\" data-widget_type=\"text-editor.default\">\n\t\t\t\t<div class=\"elementor-widget-container\">\n\t\t\t\t\t\t\t\t\t<h3>Le cadre r\u00e9tro \u00e9clair\u00e9 autoportant<\/h3>\t\t\t\t\t\t\t\t<\/div>\n\t\t\t\t<\/div>\n\t\t\t\t\t<\/div>\n\t\t<\/div>\n\t\t\t\t\t<\/div>\n\t\t<\/section>\n\t\t\t\t<section class=\"elementor-section elementor-top-section elementor-element elementor-element-8828e97 elementor-section-boxed elementor-section-height-default elementor-section-height-default\" data-id=\"8828e97\" data-element_type=\"section\">\n\t\t\t\t\t\t<div class=\"elementor-container elementor-column-gap-default\">\n\t\t\t\t\t<div class=\"elementor-column elementor-col-100 elementor-top-column elementor-element elementor-element-f399ef0\" data-id=\"f399ef0\" data-element_type=\"column\">\n\t\t\t<div class=\"elementor-widget-wrap elementor-element-populated\">\n\t\t\t\t\t\t<div class=\"elementor-element elementor-element-cb30d4a elementor-widget elementor-widget-image\" data-id=\"cb30d4a\" data-element_type=\"widget\" data-widget_type=\"image.default\">\n\t\t\t\t<div class=\"elementor-widget-container\">\n\t\t\t\t\t\t\t\t\t\t\t\t\t\t\t<img loading=\"lazy\" decoding=\"async\" width=\"700\" height=\"534\" src=\"https:\/\/www.macapflag.com\/blog\/wp-content\/uploads\/2022\/10\/leds-cadre-retro-eclaire.jpg\" class=\"attachment-large size-large wp-image-11473\" alt=\"Jonc du textile ins\u00e9r\u00e9 sur un cadre lumineux\" srcset=\"https:\/\/www.macapflag.com\/blog\/wp-content\/uploads\/2022\/10\/leds-cadre-retro-eclaire.jpg 700w, https:\/\/www.macapflag.com\/blog\/wp-content\/uploads\/2022\/10\/leds-cadre-retro-eclaire-300x229.jpg 300w\" sizes=\"(max-width: 700px) 100vw, 700px\" \/>\t\t\t\t\t\t\t\t\t\t\t\t\t\t\t<\/div>\n\t\t\t\t<\/div>\n\t\t\t\t\t<\/div>\n\t\t<\/div>\n\t\t\t\t\t<\/div>\n\t\t<\/section>\n\t\t\t\t<section class=\"elementor-section elementor-top-section elementor-element elementor-element-e1c7e3c elementor-section-boxed elementor-section-height-default elementor-section-height-default\" data-id=\"e1c7e3c\" data-element_type=\"section\">\n\t\t\t\t\t\t<div class=\"elementor-container elementor-column-gap-default\">\n\t\t\t\t\t<div class=\"elementor-column elementor-col-100 elementor-top-column elementor-element elementor-element-6572f1d\" data-id=\"6572f1d\" data-element_type=\"column\">\n\t\t\t<div class=\"elementor-widget-wrap elementor-element-populated\">\n\t\t\t\t\t\t<div class=\"elementor-element elementor-element-7eeb739 elementor-widget elementor-widget-text-editor\" data-id=\"7eeb739\" data-element_type=\"widget\" data-widget_type=\"text-editor.default\">\n\t\t\t\t<div class=\"elementor-widget-container\">\n\t\t\t\t\t\t\t\t\t<p>La toile effet tissu du cadre est en polyester polyluxe 260 g\/m\u00b2.<br \/>Le polyluxe est une mati\u00e8re lumineuse au rendu l\u00e9g\u00e8rement satin\u00e9 particuli\u00e8rement adapt\u00e9e \u00e0 l\u2019effet r\u00e9tro \u00e9clairage. Elle permet de magnifier les couleurs en laissant id\u00e9alement passer la lumi\u00e8re sans qu\u2019elle ne devienne trop \u00e9crasante.<\/p><p>\u21d2 La toile tendue de chaque cadre est optimis\u00e9e pour sa structure. Elle est imprimable sur toute sa surface et il n\u2019existe aucune diff\u00e9rence qualitative, quel que soit le kit.<\/p>\t\t\t\t\t\t\t\t<\/div>\n\t\t\t\t<\/div>\n\t\t\t\t\t<\/div>\n\t\t<\/div>\n\t\t\t\t\t<\/div>\n\t\t<\/section>\n\t\t\t\t<section class=\"elementor-section elementor-top-section elementor-element elementor-element-eebd680 elementor-section-boxed elementor-section-height-default elementor-section-height-default\" data-id=\"eebd680\" data-element_type=\"section\">\n\t\t\t\t\t\t<div class=\"elementor-container elementor-column-gap-default\">\n\t\t\t\t\t<div class=\"elementor-column elementor-col-100 elementor-top-column elementor-element elementor-element-91cba60\" data-id=\"91cba60\" data-element_type=\"column\">\n\t\t\t<div class=\"elementor-widget-wrap elementor-element-populated\">\n\t\t\t\t\t\t<div class=\"elementor-element elementor-element-898a6d4 elementor-widget elementor-widget-spacer\" data-id=\"898a6d4\" data-element_type=\"widget\" data-widget_type=\"spacer.default\">\n\t\t\t\t<div class=\"elementor-widget-container\">\n\t\t\t\t\t\t\t<div class=\"elementor-spacer\">\n\t\t\t<div class=\"elementor-spacer-inner\"><\/div>\n\t\t<\/div>\n\t\t\t\t\t\t<\/div>\n\t\t\t\t<\/div>\n\t\t\t\t\t<\/div>\n\t\t<\/div>\n\t\t\t\t\t<\/div>\n\t\t<\/section>\n\t\t\t\t<section class=\"elementor-section elementor-top-section elementor-element elementor-element-4ace04b elementor-section-boxed elementor-section-height-default elementor-section-height-default\" data-id=\"4ace04b\" data-element_type=\"section\">\n\t\t\t\t\t\t<div class=\"elementor-container elementor-column-gap-default\">\n\t\t\t\t\t<div class=\"elementor-column elementor-col-100 elementor-top-column elementor-element elementor-element-44300d0\" data-id=\"44300d0\" data-element_type=\"column\">\n\t\t\t<div class=\"elementor-widget-wrap elementor-element-populated\">\n\t\t\t\t\t\t<div class=\"elementor-element elementor-element-8a45d55 elementor-widget elementor-widget-text-editor\" data-id=\"8a45d55\" data-element_type=\"widget\" data-widget_type=\"text-editor.default\">\n\t\t\t\t<div class=\"elementor-widget-container\">\n\t\t\t\t\t\t\t\t\t<h2>Est-il possible de demander une impression recto verso ?<\/h2>\t\t\t\t\t\t\t\t<\/div>\n\t\t\t\t<\/div>\n\t\t\t\t\t<\/div>\n\t\t<\/div>\n\t\t\t\t\t<\/div>\n\t\t<\/section>\n\t\t\t\t<section class=\"elementor-section elementor-top-section elementor-element elementor-element-e23306c elementor-section-boxed elementor-section-height-default elementor-section-height-default\" data-id=\"e23306c\" data-element_type=\"section\">\n\t\t\t\t\t\t<div class=\"elementor-container elementor-column-gap-default\">\n\t\t\t\t\t<div class=\"elementor-column elementor-col-100 elementor-top-column elementor-element elementor-element-fb2d532\" data-id=\"fb2d532\" data-element_type=\"column\">\n\t\t\t<div class=\"elementor-widget-wrap elementor-element-populated\">\n\t\t\t\t\t\t<div class=\"elementor-element elementor-element-e68aca1 elementor-widget elementor-widget-text-editor\" data-id=\"e68aca1\" data-element_type=\"widget\" data-widget_type=\"text-editor.default\">\n\t\t\t\t<div class=\"elementor-widget-container\">\n\t\t\t\t\t\t\t\t\t<p>Chacun des deux mod\u00e8les peut \u00eatre command\u00e9 en version de personnalisation recto verso. Attention, \u00e7a n\u2019est pas un m\u00eame visuel qui est imprim\u00e9 sur les 2 faces mais plut\u00f4t 2 visuels install\u00e9s de chaque c\u00f4t\u00e9 du cadre.<br \/>Pour faire votre choix sur le site internet Macap, s\u00e9lectionnez dans le menu d\u00e9roulant l\u2019option qui correspond \u00e0 votre demande : 1 visuel ou 2 visuels.<\/p><p>\u21d2 Les deux mod\u00e8les sont propos\u00e9s en version 1 visuel ou 2 visuels imprim\u00e9s.<\/p>\t\t\t\t\t\t\t\t<\/div>\n\t\t\t\t<\/div>\n\t\t\t\t\t<\/div>\n\t\t<\/div>\n\t\t\t\t\t<\/div>\n\t\t<\/section>\n\t\t\t\t<section class=\"elementor-section elementor-top-section elementor-element elementor-element-c73833e elementor-section-boxed elementor-section-height-default elementor-section-height-default\" data-id=\"c73833e\" data-element_type=\"section\">\n\t\t\t\t\t\t<div class=\"elementor-container elementor-column-gap-default\">\n\t\t\t\t\t<div class=\"elementor-column elementor-col-100 elementor-top-column elementor-element elementor-element-ddd3f7f\" data-id=\"ddd3f7f\" data-element_type=\"column\">\n\t\t\t<div class=\"elementor-widget-wrap elementor-element-populated\">\n\t\t\t\t\t\t<div class=\"elementor-element elementor-element-c64ab6b elementor-widget elementor-widget-spacer\" data-id=\"c64ab6b\" data-element_type=\"widget\" data-widget_type=\"spacer.default\">\n\t\t\t\t<div class=\"elementor-widget-container\">\n\t\t\t\t\t\t\t<div class=\"elementor-spacer\">\n\t\t\t<div class=\"elementor-spacer-inner\"><\/div>\n\t\t<\/div>\n\t\t\t\t\t\t<\/div>\n\t\t\t\t<\/div>\n\t\t\t\t\t<\/div>\n\t\t<\/div>\n\t\t\t\t\t<\/div>\n\t\t<\/section>\n\t\t\t\t<section class=\"elementor-section elementor-top-section elementor-element elementor-element-816397d elementor-section-boxed elementor-section-height-default elementor-section-height-default\" data-id=\"816397d\" data-element_type=\"section\">\n\t\t\t\t\t\t<div class=\"elementor-container elementor-column-gap-default\">\n\t\t\t\t\t<div class=\"elementor-column elementor-col-100 elementor-top-column elementor-element elementor-element-ca3b7f1\" data-id=\"ca3b7f1\" data-element_type=\"column\">\n\t\t\t<div class=\"elementor-widget-wrap elementor-element-populated\">\n\t\t\t\t\t\t<div class=\"elementor-element elementor-element-47728be elementor-widget elementor-widget-text-editor\" data-id=\"47728be\" data-element_type=\"widget\" data-widget_type=\"text-editor.default\">\n\t\t\t\t<div class=\"elementor-widget-container\">\n\t\t\t\t\t\t\t\t\t<h2>Le visuel des cadres est-il interchangeable ?<\/h2>\t\t\t\t\t\t\t\t<\/div>\n\t\t\t\t<\/div>\n\t\t\t\t\t<\/div>\n\t\t<\/div>\n\t\t\t\t\t<\/div>\n\t\t<\/section>\n\t\t\t\t<section class=\"elementor-section elementor-top-section elementor-element elementor-element-c12e2dd elementor-section-boxed elementor-section-height-default elementor-section-height-default\" data-id=\"c12e2dd\" data-element_type=\"section\">\n\t\t\t\t\t\t<div class=\"elementor-container elementor-column-gap-default\">\n\t\t\t\t\t<div class=\"elementor-column elementor-col-100 elementor-top-column elementor-element elementor-element-e0af74c\" data-id=\"e0af74c\" data-element_type=\"column\">\n\t\t\t<div class=\"elementor-widget-wrap elementor-element-populated\">\n\t\t\t\t\t\t<div class=\"elementor-element elementor-element-9ec5fd7 elementor-widget elementor-widget-text-editor\" data-id=\"9ec5fd7\" data-element_type=\"widget\" data-widget_type=\"text-editor.default\">\n\t\t\t\t<div class=\"elementor-widget-container\">\n\t\t\t\t\t\t\t\t\t<p>Absolument et ce param\u00e8tre fait partie des grands avantages de ces mod\u00e8les. Chaque toile tendue de cadre peut \u00eatre remplac\u00e9e par une toile identique mais personnalis\u00e9e aux couleurs d\u2019un visuel diff\u00e9rent.<\/p><p>Cette option rend ces produits particuli\u00e8rement \u00e9conomiques puisqu&#8217;elle permet d\u2019acheter une seule structure et d\u2019interchanger ensuite les visuels qui y figurent au gr\u00e9 de vos envies.<\/p><p>Sur le site internet de Macap, pour chacun de ces produits, vous pouvez choisir de commander seulement le visuel, uniquement la structure ou le kit complet cadre aluminium + pieds + toile(s) tendue(s) imprim\u00e9e(s)<\/p><p>\u21d2 Les visuels sont interchangeables sur les 2 mod\u00e8les de cadres.<\/p>\t\t\t\t\t\t\t\t<\/div>\n\t\t\t\t<\/div>\n\t\t\t\t\t<\/div>\n\t\t<\/div>\n\t\t\t\t\t<\/div>\n\t\t<\/section>\n\t\t\t\t<section class=\"elementor-section elementor-top-section elementor-element elementor-element-66ef3ce elementor-section-boxed elementor-section-height-default elementor-section-height-default\" data-id=\"66ef3ce\" data-element_type=\"section\">\n\t\t\t\t\t\t<div class=\"elementor-container elementor-column-gap-default\">\n\t\t\t\t\t<div class=\"elementor-column elementor-col-100 elementor-top-column elementor-element elementor-element-b499c89\" data-id=\"b499c89\" data-element_type=\"column\">\n\t\t\t<div class=\"elementor-widget-wrap elementor-element-populated\">\n\t\t\t\t\t\t<div class=\"elementor-element elementor-element-ec997b6 elementor-widget elementor-widget-text-editor\" data-id=\"ec997b6\" data-element_type=\"widget\" data-widget_type=\"text-editor.default\">\n\t\t\t\t<div class=\"elementor-widget-container\">\n\t\t\t\t\t\t\t\t\t<h2>Quel est le poids de chaque kit cadre + toile ?<\/h2>\t\t\t\t\t\t\t\t<\/div>\n\t\t\t\t<\/div>\n\t\t\t\t\t<\/div>\n\t\t<\/div>\n\t\t\t\t\t<\/div>\n\t\t<\/section>\n\t\t\t\t<section class=\"elementor-section elementor-top-section elementor-element elementor-element-cbb941e elementor-section-boxed elementor-section-height-default elementor-section-height-default\" data-id=\"cbb941e\" data-element_type=\"section\">\n\t\t\t\t\t\t<div class=\"elementor-container elementor-column-gap-default\">\n\t\t\t\t\t<div class=\"elementor-column elementor-col-100 elementor-top-column elementor-element elementor-element-45cf0d9\" data-id=\"45cf0d9\" data-element_type=\"column\">\n\t\t\t<div class=\"elementor-widget-wrap elementor-element-populated\">\n\t\t\t\t\t\t<div class=\"elementor-element elementor-element-0b871c6 elementor-widget elementor-widget-text-editor\" data-id=\"0b871c6\" data-element_type=\"widget\" data-widget_type=\"text-editor.default\">\n\t\t\t\t<div class=\"elementor-widget-container\">\n\t\t\t\t\t\t\t\t\t<h3>Le cadre classique autoportant<\/h3>\t\t\t\t\t\t\t\t<\/div>\n\t\t\t\t<\/div>\n\t\t\t\t\t<\/div>\n\t\t<\/div>\n\t\t\t\t\t<\/div>\n\t\t<\/section>\n\t\t\t\t<section class=\"elementor-section elementor-top-section elementor-element elementor-element-0368151 elementor-section-boxed elementor-section-height-default elementor-section-height-default\" data-id=\"0368151\" data-element_type=\"section\">\n\t\t\t\t\t\t<div class=\"elementor-container elementor-column-gap-default\">\n\t\t\t\t\t<div class=\"elementor-column elementor-col-100 elementor-top-column elementor-element elementor-element-ad90e79\" data-id=\"ad90e79\" data-element_type=\"column\">\n\t\t\t<div class=\"elementor-widget-wrap elementor-element-populated\">\n\t\t\t\t\t\t<div class=\"elementor-element elementor-element-7e702ab elementor-widget elementor-widget-text-editor\" data-id=\"7e702ab\" data-element_type=\"widget\" data-widget_type=\"text-editor.default\">\n\t\t\t\t<div class=\"elementor-widget-container\">\n\t\t\t\t\t\t\t\t\t<p>Il est difficile de donner un poids total du kit tant il d\u00e9pend des dimensions du cadre et du visuel ainsi que de la mati\u00e8re textile imprim\u00e9e.<\/p>\t\t\t\t\t\t\t\t<\/div>\n\t\t\t\t<\/div>\n\t\t\t\t\t<\/div>\n\t\t<\/div>\n\t\t\t\t\t<\/div>\n\t\t<\/section>\n\t\t\t\t<section class=\"elementor-section elementor-top-section elementor-element elementor-element-4861954 elementor-section-boxed elementor-section-height-default elementor-section-height-default\" data-id=\"4861954\" data-element_type=\"section\">\n\t\t\t\t\t\t<div class=\"elementor-container elementor-column-gap-default\">\n\t\t\t\t\t<div class=\"elementor-column elementor-col-100 elementor-top-column elementor-element elementor-element-6bb68cb\" data-id=\"6bb68cb\" data-element_type=\"column\">\n\t\t\t<div class=\"elementor-widget-wrap elementor-element-populated\">\n\t\t\t\t\t\t<div class=\"elementor-element elementor-element-f61e07d elementor-widget elementor-widget-text-editor\" data-id=\"f61e07d\" data-element_type=\"widget\" data-widget_type=\"text-editor.default\">\n\t\t\t\t<div class=\"elementor-widget-container\">\n\t\t\t\t\t\t\t\t\t<h3>Le cadre r\u00e9tro \u00e9clair\u00e9 autoportant<\/h3>\t\t\t\t\t\t\t\t<\/div>\n\t\t\t\t<\/div>\n\t\t\t\t\t<\/div>\n\t\t<\/div>\n\t\t\t\t\t<\/div>\n\t\t<\/section>\n\t\t\t\t<section class=\"elementor-section elementor-top-section elementor-element elementor-element-107a2a3 elementor-section-boxed elementor-section-height-default elementor-section-height-default\" data-id=\"107a2a3\" data-element_type=\"section\">\n\t\t\t\t\t\t<div class=\"elementor-container elementor-column-gap-default\">\n\t\t\t\t\t<div class=\"elementor-column elementor-col-100 elementor-top-column elementor-element elementor-element-ae3d449\" data-id=\"ae3d449\" data-element_type=\"column\">\n\t\t\t<div class=\"elementor-widget-wrap elementor-element-populated\">\n\t\t\t\t\t\t<div class=\"elementor-element elementor-element-c27f299 elementor-widget elementor-widget-text-editor\" data-id=\"c27f299\" data-element_type=\"widget\" data-widget_type=\"text-editor.default\">\n\t\t\t\t<div class=\"elementor-widget-container\">\n\t\t\t\t\t\t\t\t\t<p>Comme il est propos\u00e9 uniquement en deux tailles avec une seule mati\u00e8re, le poids du cadre r\u00e9tro \u00e9clair\u00e9 autoportant est plus facile \u00e0 d\u00e9finir :<\/p>\t\t\t\t\t\t\t\t<\/div>\n\t\t\t\t<\/div>\n\t\t\t\t\t<\/div>\n\t\t<\/div>\n\t\t\t\t\t<\/div>\n\t\t<\/section>\n\t\t\t\t<section class=\"elementor-section elementor-top-section elementor-element elementor-element-61a2f67 elementor-section-boxed elementor-section-height-default elementor-section-height-default\" data-id=\"61a2f67\" data-element_type=\"section\">\n\t\t\t\t\t\t<div class=\"elementor-container elementor-column-gap-default\">\n\t\t\t\t\t<div class=\"elementor-column elementor-col-100 elementor-top-column elementor-element elementor-element-f1bc96a\" data-id=\"f1bc96a\" data-element_type=\"column\">\n\t\t\t<div class=\"elementor-widget-wrap elementor-element-populated\">\n\t\t\t\t\t\t<div class=\"elementor-element elementor-element-983def5 elementor-widget elementor-widget-text-editor\" data-id=\"983def5\" data-element_type=\"widget\" data-widget_type=\"text-editor.default\">\n\t\t\t\t<div class=\"elementor-widget-container\">\n\t\t\t\t\t\t\t\t\t<h4>200 x 100 cm<\/h4>\t\t\t\t\t\t\t\t<\/div>\n\t\t\t\t<\/div>\n\t\t\t\t\t<\/div>\n\t\t<\/div>\n\t\t\t\t\t<\/div>\n\t\t<\/section>\n\t\t\t\t<section class=\"elementor-section elementor-top-section elementor-element elementor-element-f5e3377 elementor-section-boxed elementor-section-height-default elementor-section-height-default\" data-id=\"f5e3377\" data-element_type=\"section\">\n\t\t\t\t\t\t<div class=\"elementor-container elementor-column-gap-default\">\n\t\t\t\t\t<div class=\"elementor-column elementor-col-100 elementor-top-column elementor-element elementor-element-f0f7013\" data-id=\"f0f7013\" data-element_type=\"column\">\n\t\t\t<div class=\"elementor-widget-wrap elementor-element-populated\">\n\t\t\t\t\t\t<div class=\"elementor-element elementor-element-666b688 elementor-widget elementor-widget-text-editor\" data-id=\"666b688\" data-element_type=\"widget\" data-widget_type=\"text-editor.default\">\n\t\t\t\t<div class=\"elementor-widget-container\">\n\t\t\t\t\t\t\t\t\t<p>Poids de la structure + housse + emballage : 12 Kg <br \/>+ poids des 2 visuels 1.76 Kg <br \/>= Poids total 13.76 Kg<\/p>\t\t\t\t\t\t\t\t<\/div>\n\t\t\t\t<\/div>\n\t\t\t\t\t<\/div>\n\t\t<\/div>\n\t\t\t\t\t<\/div>\n\t\t<\/section>\n\t\t\t\t<section class=\"elementor-section elementor-top-section elementor-element elementor-element-b27846e elementor-section-boxed elementor-section-height-default elementor-section-height-default\" data-id=\"b27846e\" data-element_type=\"section\">\n\t\t\t\t\t\t<div class=\"elementor-container elementor-column-gap-default\">\n\t\t\t\t\t<div class=\"elementor-column elementor-col-100 elementor-top-column elementor-element elementor-element-6ebfdf7\" data-id=\"6ebfdf7\" data-element_type=\"column\">\n\t\t\t<div class=\"elementor-widget-wrap elementor-element-populated\">\n\t\t\t\t\t\t<div class=\"elementor-element elementor-element-593351c elementor-widget elementor-widget-text-editor\" data-id=\"593351c\" data-element_type=\"widget\" data-widget_type=\"text-editor.default\">\n\t\t\t\t<div class=\"elementor-widget-container\">\n\t\t\t\t\t\t\t\t\t<h4>230 x 200 cm<\/h4>\t\t\t\t\t\t\t\t<\/div>\n\t\t\t\t<\/div>\n\t\t\t\t\t<\/div>\n\t\t<\/div>\n\t\t\t\t\t<\/div>\n\t\t<\/section>\n\t\t\t\t<section class=\"elementor-section elementor-top-section elementor-element elementor-element-471dacb elementor-section-boxed elementor-section-height-default elementor-section-height-default\" data-id=\"471dacb\" data-element_type=\"section\">\n\t\t\t\t\t\t<div class=\"elementor-container elementor-column-gap-default\">\n\t\t\t\t\t<div class=\"elementor-column elementor-col-100 elementor-top-column elementor-element elementor-element-5587d29\" data-id=\"5587d29\" data-element_type=\"column\">\n\t\t\t<div class=\"elementor-widget-wrap elementor-element-populated\">\n\t\t\t\t\t\t<div class=\"elementor-element elementor-element-6e556fb elementor-widget elementor-widget-text-editor\" data-id=\"6e556fb\" data-element_type=\"widget\" data-widget_type=\"text-editor.default\">\n\t\t\t\t<div class=\"elementor-widget-container\">\n\t\t\t\t\t\t\t\t\t<p>Poids de la structure + housse + emballage 16 Kg <br \/>+ poids des 2 visuels 3.42 Kg<br \/>= Poids total 19.42 Kg<\/p>\t\t\t\t\t\t\t\t<\/div>\n\t\t\t\t<\/div>\n\t\t\t\t\t<\/div>\n\t\t<\/div>\n\t\t\t\t\t<\/div>\n\t\t<\/section>\n\t\t\t\t<section class=\"elementor-section elementor-top-section elementor-element elementor-element-d984aef elementor-section-boxed elementor-section-height-default elementor-section-height-default\" data-id=\"d984aef\" data-element_type=\"section\">\n\t\t\t\t\t\t<div class=\"elementor-container elementor-column-gap-default\">\n\t\t\t\t\t<div class=\"elementor-column elementor-col-100 elementor-top-column elementor-element elementor-element-db5baec\" data-id=\"db5baec\" data-element_type=\"column\">\n\t\t\t<div class=\"elementor-widget-wrap elementor-element-populated\">\n\t\t\t\t\t\t<div class=\"elementor-element elementor-element-5c60b48 elementor-widget elementor-widget-text-editor\" data-id=\"5c60b48\" data-element_type=\"widget\" data-widget_type=\"text-editor.default\">\n\t\t\t\t<div class=\"elementor-widget-container\">\n\t\t\t\t\t\t\t\t\t<p>Le cadre r\u00e9tro \u00e9clair\u00e9 autoportant est livr\u00e9 dans sa valise de transport compartiment\u00e9e \u00e0 roulettes.<\/p><p>\u21d2 Les poids ne sont pas comparables puisqu\u2019ils sont d\u00e9pendants de la taille de la structure et de la toile.<\/p>\t\t\t\t\t\t\t\t<\/div>\n\t\t\t\t<\/div>\n\t\t\t\t\t<\/div>\n\t\t<\/div>\n\t\t\t\t\t<\/div>\n\t\t<\/section>\n\t\t\t\t<section class=\"elementor-section elementor-top-section elementor-element elementor-element-b104924 elementor-section-boxed elementor-section-height-default elementor-section-height-default\" data-id=\"b104924\" data-element_type=\"section\">\n\t\t\t\t\t\t<div class=\"elementor-container elementor-column-gap-default\">\n\t\t\t\t\t<div class=\"elementor-column elementor-col-100 elementor-top-column elementor-element elementor-element-2d3a558\" data-id=\"2d3a558\" data-element_type=\"column\">\n\t\t\t<div class=\"elementor-widget-wrap elementor-element-populated\">\n\t\t\t\t\t\t<div class=\"elementor-element elementor-element-f6c90cb elementor-widget elementor-widget-spacer\" data-id=\"f6c90cb\" data-element_type=\"widget\" data-widget_type=\"spacer.default\">\n\t\t\t\t<div class=\"elementor-widget-container\">\n\t\t\t\t\t\t\t<div class=\"elementor-spacer\">\n\t\t\t<div class=\"elementor-spacer-inner\"><\/div>\n\t\t<\/div>\n\t\t\t\t\t\t<\/div>\n\t\t\t\t<\/div>\n\t\t\t\t\t<\/div>\n\t\t<\/div>\n\t\t\t\t\t<\/div>\n\t\t<\/section>\n\t\t\t\t<section class=\"elementor-section elementor-top-section elementor-element elementor-element-d710b1a elementor-section-boxed elementor-section-height-default elementor-section-height-default\" data-id=\"d710b1a\" data-element_type=\"section\">\n\t\t\t\t\t\t<div class=\"elementor-container elementor-column-gap-default\">\n\t\t\t\t\t<div class=\"elementor-column elementor-col-100 elementor-top-column elementor-element elementor-element-7dd308b\" data-id=\"7dd308b\" data-element_type=\"column\">\n\t\t\t<div class=\"elementor-widget-wrap elementor-element-populated\">\n\t\t\t\t\t\t<div class=\"elementor-element elementor-element-b839b17 elementor-widget elementor-widget-text-editor\" data-id=\"b839b17\" data-element_type=\"widget\" data-widget_type=\"text-editor.default\">\n\t\t\t\t<div class=\"elementor-widget-container\">\n\t\t\t\t\t\t\t\t\t<h2>Quelle diff\u00e9rence pour l\u2019installation et le montage des cadres ?<\/h2>\t\t\t\t\t\t\t\t<\/div>\n\t\t\t\t<\/div>\n\t\t\t\t\t<\/div>\n\t\t<\/div>\n\t\t\t\t\t<\/div>\n\t\t<\/section>\n\t\t\t\t<section class=\"elementor-section elementor-top-section elementor-element elementor-element-15aa51b elementor-section-boxed elementor-section-height-default elementor-section-height-default\" data-id=\"15aa51b\" data-element_type=\"section\">\n\t\t\t\t\t\t<div class=\"elementor-container elementor-column-gap-default\">\n\t\t\t\t\t<div class=\"elementor-column elementor-col-100 elementor-top-column elementor-element elementor-element-0cfb502\" data-id=\"0cfb502\" data-element_type=\"column\">\n\t\t\t<div class=\"elementor-widget-wrap elementor-element-populated\">\n\t\t\t\t\t\t<div class=\"elementor-element elementor-element-0ec2c99 elementor-widget elementor-widget-text-editor\" data-id=\"0ec2c99\" data-element_type=\"widget\" data-widget_type=\"text-editor.default\">\n\t\t\t\t<div class=\"elementor-widget-container\">\n\t\t\t\t\t\t\t\t\t<h3>Le cadre classique autoportant<\/h3>\t\t\t\t\t\t\t\t<\/div>\n\t\t\t\t<\/div>\n\t\t\t\t\t<\/div>\n\t\t<\/div>\n\t\t\t\t\t<\/div>\n\t\t<\/section>\n\t\t\t\t<section class=\"elementor-section elementor-top-section elementor-element elementor-element-4e1cf07 elementor-section-boxed elementor-section-height-default elementor-section-height-default\" data-id=\"4e1cf07\" data-element_type=\"section\">\n\t\t\t\t\t\t<div class=\"elementor-container elementor-column-gap-default\">\n\t\t\t\t\t<div class=\"elementor-column elementor-col-33 elementor-top-column elementor-element elementor-element-9df3b4a\" data-id=\"9df3b4a\" data-element_type=\"column\">\n\t\t\t<div class=\"elementor-widget-wrap elementor-element-populated\">\n\t\t\t\t\t\t<div class=\"elementor-element elementor-element-2445abb elementor-widget elementor-widget-text-editor\" data-id=\"2445abb\" data-element_type=\"widget\" data-widget_type=\"text-editor.default\">\n\t\t\t\t<div class=\"elementor-widget-container\">\n\t\t\t\t\t\t\t\t\t<p>Le temps de montage du cadre est estim\u00e9 \u00e0 5 mn par une seule personne mais l\u00e0 encore, cel\u00e0 d\u00e9pend de la taille du kit.<\/p><p><a href=\"https:\/\/www.macapflag.com\/cadre-toile-tendue\/187-cadre-autoportant-toile-tendue-utilisation-interieure.html\"><span style=\"color: #3366ff;\"><strong>Fiche de montage ici<\/strong><\/span><\/a><\/p>\t\t\t\t\t\t\t\t<\/div>\n\t\t\t\t<\/div>\n\t\t\t\t\t<\/div>\n\t\t<\/div>\n\t\t\t\t<div class=\"elementor-column elementor-col-66 elementor-top-column elementor-element elementor-element-b6f340d\" data-id=\"b6f340d\" data-element_type=\"column\">\n\t\t\t<div class=\"elementor-widget-wrap elementor-element-populated\">\n\t\t\t\t\t\t<div class=\"elementor-element elementor-element-576d7c8 elementor-widget elementor-widget-image\" data-id=\"576d7c8\" data-element_type=\"widget\" data-widget_type=\"image.default\">\n\t\t\t\t<div class=\"elementor-widget-container\">\n\t\t\t\t\t\t\t\t\t\t\t\t\t\t\t<img loading=\"lazy\" decoding=\"async\" width=\"700\" height=\"534\" src=\"https:\/\/www.macapflag.com\/blog\/wp-content\/uploads\/2022\/10\/cadre-lumineux-leds.jpg\" class=\"attachment-large size-large wp-image-11468\" alt=\"Cadre lumineux avec leds\" srcset=\"https:\/\/www.macapflag.com\/blog\/wp-content\/uploads\/2022\/10\/cadre-lumineux-leds.jpg 700w, https:\/\/www.macapflag.com\/blog\/wp-content\/uploads\/2022\/10\/cadre-lumineux-leds-300x229.jpg 300w\" sizes=\"(max-width: 700px) 100vw, 700px\" \/>\t\t\t\t\t\t\t\t\t\t\t\t\t\t\t<\/div>\n\t\t\t\t<\/div>\n\t\t\t\t\t<\/div>\n\t\t<\/div>\n\t\t\t\t\t<\/div>\n\t\t<\/section>\n\t\t\t\t<section class=\"elementor-section elementor-top-section elementor-element elementor-element-b37e44c elementor-section-boxed elementor-section-height-default elementor-section-height-default\" data-id=\"b37e44c\" data-element_type=\"section\">\n\t\t\t\t\t\t<div class=\"elementor-container elementor-column-gap-default\">\n\t\t\t\t\t<div class=\"elementor-column elementor-col-100 elementor-top-column elementor-element elementor-element-87f3efc\" data-id=\"87f3efc\" data-element_type=\"column\">\n\t\t\t<div class=\"elementor-widget-wrap elementor-element-populated\">\n\t\t\t\t\t\t<div class=\"elementor-element elementor-element-b61066c elementor-widget elementor-widget-text-editor\" data-id=\"b61066c\" data-element_type=\"widget\" data-widget_type=\"text-editor.default\">\n\t\t\t\t<div class=\"elementor-widget-container\">\n\t\t\t\t\t\t\t\t\t<h3>Le cadre r\u00e9tro \u00e9clair\u00e9 autoportant<\/h3>\t\t\t\t\t\t\t\t<\/div>\n\t\t\t\t<\/div>\n\t\t\t\t\t<\/div>\n\t\t<\/div>\n\t\t\t\t\t<\/div>\n\t\t<\/section>\n\t\t\t\t<section class=\"elementor-section elementor-top-section elementor-element elementor-element-0ea754c elementor-section-boxed elementor-section-height-default elementor-section-height-default\" data-id=\"0ea754c\" data-element_type=\"section\">\n\t\t\t\t\t\t<div class=\"elementor-container elementor-column-gap-default\">\n\t\t\t\t\t<div class=\"elementor-column elementor-col-66 elementor-top-column elementor-element elementor-element-26276f6\" data-id=\"26276f6\" data-element_type=\"column\">\n\t\t\t<div class=\"elementor-widget-wrap elementor-element-populated\">\n\t\t\t\t\t\t<div class=\"elementor-element elementor-element-6123423 elementor-widget elementor-widget-image\" data-id=\"6123423\" data-element_type=\"widget\" data-widget_type=\"image.default\">\n\t\t\t\t<div class=\"elementor-widget-container\">\n\t\t\t\t\t\t\t\t\t\t\t\t\t\t\t<img loading=\"lazy\" decoding=\"async\" width=\"700\" height=\"534\" src=\"https:\/\/www.macapflag.com\/blog\/wp-content\/uploads\/2022\/10\/cadre-alu-pour-toile-tendue.jpg\" class=\"attachment-large size-large wp-image-11467\" alt=\"Cadre aluminium avec pieds pour toile tendue\" srcset=\"https:\/\/www.macapflag.com\/blog\/wp-content\/uploads\/2022\/10\/cadre-alu-pour-toile-tendue.jpg 700w, https:\/\/www.macapflag.com\/blog\/wp-content\/uploads\/2022\/10\/cadre-alu-pour-toile-tendue-300x229.jpg 300w\" sizes=\"(max-width: 700px) 100vw, 700px\" \/>\t\t\t\t\t\t\t\t\t\t\t\t\t\t\t<\/div>\n\t\t\t\t<\/div>\n\t\t\t\t\t<\/div>\n\t\t<\/div>\n\t\t\t\t<div class=\"elementor-column elementor-col-33 elementor-top-column elementor-element elementor-element-442a24d\" data-id=\"442a24d\" data-element_type=\"column\">\n\t\t\t<div class=\"elementor-widget-wrap elementor-element-populated\">\n\t\t\t\t\t\t<div class=\"elementor-element elementor-element-dbf6910 elementor-widget elementor-widget-text-editor\" data-id=\"dbf6910\" data-element_type=\"widget\" data-widget_type=\"text-editor.default\">\n\t\t\t\t<div class=\"elementor-widget-container\">\n\t\t\t\t\t\t\t\t\t<p>Le temps de montage du cadre est estim\u00e9 \u00e0 10 mn. <br \/>1 personne suffit pour le cadre 200&#215;100 et 2 personnes sont conseill\u00e9es pour monter le cadre 230&#215;200.<\/p><p><a href=\"https:\/\/www.macapflag.com\/cadre-toile-tendue\/790449-cadre-toile-tendue-retroeclaire-autoportant-utilisation-interieure.html\"><span style=\"color: #3366ff;\"><strong>Fiche de montage ici<\/strong><\/span><\/a><\/p>\t\t\t\t\t\t\t\t<\/div>\n\t\t\t\t<\/div>\n\t\t\t\t\t<\/div>\n\t\t<\/div>\n\t\t\t\t\t<\/div>\n\t\t<\/section>\n\t\t\t\t<section class=\"elementor-section elementor-top-section elementor-element elementor-element-2f679eb elementor-section-boxed elementor-section-height-default elementor-section-height-default\" data-id=\"2f679eb\" data-element_type=\"section\">\n\t\t\t\t\t\t<div class=\"elementor-container elementor-column-gap-default\">\n\t\t\t\t\t<div class=\"elementor-column elementor-col-100 elementor-top-column elementor-element elementor-element-0309f53\" data-id=\"0309f53\" data-element_type=\"column\">\n\t\t\t<div class=\"elementor-widget-wrap elementor-element-populated\">\n\t\t\t\t\t\t\t<\/div>\n\t\t<\/div>\n\t\t\t\t\t<\/div>\n\t\t<\/section>\n\t\t\t\t<section class=\"elementor-section elementor-top-section elementor-element elementor-element-f3b3232 elementor-section-boxed elementor-section-height-default elementor-section-height-default\" data-id=\"f3b3232\" data-element_type=\"section\">\n\t\t\t\t\t\t<div class=\"elementor-container elementor-column-gap-default\">\n\t\t\t\t\t<div class=\"elementor-column elementor-col-100 elementor-top-column elementor-element elementor-element-798e549\" data-id=\"798e549\" data-element_type=\"column\">\n\t\t\t<div class=\"elementor-widget-wrap elementor-element-populated\">\n\t\t\t\t\t\t<div class=\"elementor-element elementor-element-dc04411 elementor-widget elementor-widget-text-editor\" data-id=\"dc04411\" data-element_type=\"widget\" data-widget_type=\"text-editor.default\">\n\t\t\t\t<div class=\"elementor-widget-container\">\n\t\t\t\t\t\t\t\t\t<p><span style=\"font-weight: 400;\">\u21d2 Selon ses dimensions, l\u2019installation du cadre classique est plus rapide que celle du cadre lumineux.<\/span><\/p>\t\t\t\t\t\t\t\t<\/div>\n\t\t\t\t<\/div>\n\t\t\t\t\t<\/div>\n\t\t<\/div>\n\t\t\t\t\t<\/div>\n\t\t<\/section>\n\t\t\t\t<section class=\"elementor-section elementor-top-section elementor-element elementor-element-e85b9be elementor-section-boxed elementor-section-height-default elementor-section-height-default\" data-id=\"e85b9be\" data-element_type=\"section\">\n\t\t\t\t\t\t<div class=\"elementor-container elementor-column-gap-default\">\n\t\t\t\t\t<div class=\"elementor-column elementor-col-100 elementor-top-column elementor-element elementor-element-61f082a\" data-id=\"61f082a\" data-element_type=\"column\">\n\t\t\t<div class=\"elementor-widget-wrap elementor-element-populated\">\n\t\t\t\t\t\t<div class=\"elementor-element elementor-element-0850236 elementor-widget elementor-widget-spacer\" data-id=\"0850236\" data-element_type=\"widget\" data-widget_type=\"spacer.default\">\n\t\t\t\t<div class=\"elementor-widget-container\">\n\t\t\t\t\t\t\t<div class=\"elementor-spacer\">\n\t\t\t<div class=\"elementor-spacer-inner\"><\/div>\n\t\t<\/div>\n\t\t\t\t\t\t<\/div>\n\t\t\t\t<\/div>\n\t\t\t\t\t<\/div>\n\t\t<\/div>\n\t\t\t\t\t<\/div>\n\t\t<\/section>\n\t\t\t\t<section class=\"elementor-section elementor-top-section elementor-element elementor-element-f2395b9 elementor-section-boxed elementor-section-height-default elementor-section-height-default\" data-id=\"f2395b9\" data-element_type=\"section\">\n\t\t\t\t\t\t<div class=\"elementor-container elementor-column-gap-default\">\n\t\t\t\t\t<div class=\"elementor-column elementor-col-100 elementor-top-column elementor-element elementor-element-20a1e1b\" data-id=\"20a1e1b\" data-element_type=\"column\">\n\t\t\t<div class=\"elementor-widget-wrap elementor-element-populated\">\n\t\t\t\t\t\t<div class=\"elementor-element elementor-element-78f9752 elementor-widget elementor-widget-text-editor\" data-id=\"78f9752\" data-element_type=\"widget\" data-widget_type=\"text-editor.default\">\n\t\t\t\t<div class=\"elementor-widget-container\">\n\t\t\t\t\t\t\t\t\t<h2>Quel est l\u2019\u00e9cart de prix entre les 2 mod\u00e8les de cadres ? <\/h2>\t\t\t\t\t\t\t\t<\/div>\n\t\t\t\t<\/div>\n\t\t\t\t\t<\/div>\n\t\t<\/div>\n\t\t\t\t\t<\/div>\n\t\t<\/section>\n\t\t\t\t<section class=\"elementor-section elementor-top-section elementor-element elementor-element-ad71aa6 elementor-section-boxed elementor-section-height-default elementor-section-height-default\" data-id=\"ad71aa6\" data-element_type=\"section\">\n\t\t\t\t\t\t<div class=\"elementor-container elementor-column-gap-default\">\n\t\t\t\t\t<div class=\"elementor-column elementor-col-100 elementor-top-column elementor-element elementor-element-adc078f\" data-id=\"adc078f\" data-element_type=\"column\">\n\t\t\t<div class=\"elementor-widget-wrap elementor-element-populated\">\n\t\t\t\t\t\t<div class=\"elementor-element elementor-element-2bc1b6b elementor-widget elementor-widget-text-editor\" data-id=\"2bc1b6b\" data-element_type=\"widget\" data-widget_type=\"text-editor.default\">\n\t\t\t\t<div class=\"elementor-widget-container\">\n\t\t\t\t\t\t\t\t\t<p>L\u00e0 aussi, l\u2019impact de la taille du cadre, de la mati\u00e8re de la toile et du nombre de visuels sont importants. N\u2019h\u00e9sitez pas \u00e0 demander un devis directement en ligne via les fiches produits. Une r\u00e9ponse rapide et ajust\u00e9e vous parviendra dans les plus brefs d\u00e9lais.<br \/>Pour toute autre demande d\u2019informations sur les solutions et produits propos\u00e9s. <br \/>Contactez l\u2019\u00e9quipe commerciale Macap, \u00e0 votre \u00e9coute du Lundi au Samedi. <\/p>\t\t\t\t\t\t\t\t<\/div>\n\t\t\t\t<\/div>\n\t\t\t\t\t<\/div>\n\t\t<\/div>\n\t\t\t\t\t<\/div>\n\t\t<\/section>\n\t\t\t\t<\/div>\n\t\t","protected":false},"excerpt":{"rendered":"<div class=\"tmnf_excerpt\"><p>Dans le monde de la communication indoor, le cadre toile tendue est l\u2019un des produits phares. Une structure en aluminium qui porte une toile tendue \u00e0 l\u2019impression impeccable\u2026 Un visuel totalement personnalis\u00e9 sur toute sa surface\u2026. Voil\u00e0 de quoi s\u00e9duire des communicants toujours \u00e0 la recherche de bonnes id\u00e9es pour mettre en valeur marques et &hellip;<\/p>\n<\/div>","protected":false},"author":2,"featured_media":11472,"comment_status":"closed","ping_status":"open","sticky":false,"template":"template-fullwidth.php","format":"standard","meta":{"footnotes":""},"categories":[90],"tags":[],"class_list":["post-11438","post","type-post","status-publish","format-standard","has-post-thumbnail","hentry","category-produits-et-sols"],"yoast_head":"<!-- This site is optimized with the Yoast SEO plugin v26.4 - https:\/\/yoast.com\/wordpress\/plugins\/seo\/ -->\n<title>Cadre toile tendue classique ou r\u00e9tro \u00e9clair\u00e9, comparatif produits<\/title>\n<meta name=\"description\" content=\"Tout savoir sur le cadre toile tendue classique et le cadre toile tendue r\u00e9tro \u00e9clair\u00e9, un comparatif d\u00e9taill\u00e9 pour vous aider \u00e0 bien choisir\" \/>\n<meta name=\"robots\" content=\"index, follow, max-snippet:-1, max-image-preview:large, max-video-preview:-1\" \/>\n<link rel=\"canonical\" href=\"https:\/\/www.macapflag.com\/blog\/cadre-toile\/\" \/>\n<meta property=\"og:locale\" content=\"fr_FR\" \/>\n<meta property=\"og:type\" content=\"article\" \/>\n<meta property=\"og:title\" content=\"Cadre toile tendue classique ou r\u00e9tro \u00e9clair\u00e9, comparatif produits\" \/>\n<meta property=\"og:description\" content=\"Tout savoir sur le cadre toile tendue classique et le cadre toile tendue r\u00e9tro \u00e9clair\u00e9, un comparatif d\u00e9taill\u00e9 pour vous aider \u00e0 bien choisir\" \/>\n<meta property=\"og:url\" content=\"https:\/\/www.macapflag.com\/blog\/cadre-toile\/\" \/>\n<meta property=\"og:site_name\" content=\"Blog - Macap\" \/>\n<meta property=\"article:publisher\" content=\"https:\/\/www.facebook.com\/macap.pavoisement\/\" \/>\n<meta property=\"article:published_time\" content=\"2022-11-07T07:00:00+00:00\" \/>\n<meta property=\"og:image\" content=\"https:\/\/www.macapflag.com\/blog\/wp-content\/uploads\/2022\/10\/cadre-toile-tendue-et-cadre-retro-eclaire.jpg\" \/>\n\t<meta property=\"og:image:width\" content=\"870\" \/>\n\t<meta property=\"og:image:height\" content=\"600\" \/>\n\t<meta property=\"og:image:type\" content=\"image\/jpeg\" \/>\n<meta name=\"author\" content=\"Blog Macap\" \/>\n<meta name=\"twitter:card\" content=\"summary_large_image\" \/>\n<meta name=\"twitter:label1\" content=\"\u00c9crit par\" \/>\n\t<meta name=\"twitter:data1\" content=\"Blog Macap\" \/>\n\t<meta name=\"twitter:label2\" content=\"Dur\u00e9e de lecture estim\u00e9e\" \/>\n\t<meta name=\"twitter:data2\" content=\"9 minutes\" \/>\n<script type=\"application\/ld+json\" class=\"yoast-schema-graph\">{\"@context\":\"https:\/\/schema.org\",\"@graph\":[{\"@type\":\"Article\",\"@id\":\"https:\/\/www.macapflag.com\/blog\/cadre-toile\/#article\",\"isPartOf\":{\"@id\":\"https:\/\/www.macapflag.com\/blog\/cadre-toile\/\"},\"author\":{\"name\":\"Blog Macap\",\"@id\":\"https:\/\/www.macapflag.com\/blog\/#\/schema\/person\/3fea701f2603875e651e6b662578fc3c\"},\"headline\":\"Cadre classique \/ cadre r\u00e9tro \u00e9clair\u00e9\",\"datePublished\":\"2022-11-07T07:00:00+00:00\",\"mainEntityOfPage\":{\"@id\":\"https:\/\/www.macapflag.com\/blog\/cadre-toile\/\"},\"wordCount\":1483,\"publisher\":{\"@id\":\"https:\/\/www.macapflag.com\/blog\/#organization\"},\"image\":{\"@id\":\"https:\/\/www.macapflag.com\/blog\/cadre-toile\/#primaryimage\"},\"thumbnailUrl\":\"https:\/\/www.macapflag.com\/blog\/wp-content\/uploads\/2022\/10\/cadre-toile-tendue-et-cadre-retro-eclaire.jpg\",\"articleSection\":[\"Produits &amp; Solutions\"],\"inLanguage\":\"fr-FR\"},{\"@type\":\"WebPage\",\"@id\":\"https:\/\/www.macapflag.com\/blog\/cadre-toile\/\",\"url\":\"https:\/\/www.macapflag.com\/blog\/cadre-toile\/\",\"name\":\"Cadre toile tendue classique ou r\u00e9tro \u00e9clair\u00e9, comparatif produits\",\"isPartOf\":{\"@id\":\"https:\/\/www.macapflag.com\/blog\/#website\"},\"primaryImageOfPage\":{\"@id\":\"https:\/\/www.macapflag.com\/blog\/cadre-toile\/#primaryimage\"},\"image\":{\"@id\":\"https:\/\/www.macapflag.com\/blog\/cadre-toile\/#primaryimage\"},\"thumbnailUrl\":\"https:\/\/www.macapflag.com\/blog\/wp-content\/uploads\/2022\/10\/cadre-toile-tendue-et-cadre-retro-eclaire.jpg\",\"datePublished\":\"2022-11-07T07:00:00+00:00\",\"description\":\"Tout savoir sur le cadre toile tendue classique et le cadre toile tendue r\u00e9tro \u00e9clair\u00e9, un comparatif d\u00e9taill\u00e9 pour vous aider \u00e0 bien choisir\",\"breadcrumb\":{\"@id\":\"https:\/\/www.macapflag.com\/blog\/cadre-toile\/#breadcrumb\"},\"inLanguage\":\"fr-FR\",\"potentialAction\":[{\"@type\":\"ReadAction\",\"target\":[\"https:\/\/www.macapflag.com\/blog\/cadre-toile\/\"]}]},{\"@type\":\"ImageObject\",\"inLanguage\":\"fr-FR\",\"@id\":\"https:\/\/www.macapflag.com\/blog\/cadre-toile\/#primaryimage\",\"url\":\"https:\/\/www.macapflag.com\/blog\/wp-content\/uploads\/2022\/10\/cadre-toile-tendue-et-cadre-retro-eclaire.jpg\",\"contentUrl\":\"https:\/\/www.macapflag.com\/blog\/wp-content\/uploads\/2022\/10\/cadre-toile-tendue-et-cadre-retro-eclaire.jpg\",\"width\":870,\"height\":600,\"caption\":\"Cadre toile tendue et cadre toile r\u00e9tro\u00e9clair\u00e9\"},{\"@type\":\"BreadcrumbList\",\"@id\":\"https:\/\/www.macapflag.com\/blog\/cadre-toile\/#breadcrumb\",\"itemListElement\":[{\"@type\":\"ListItem\",\"position\":1,\"name\":\"Accueil\",\"item\":\"https:\/\/www.macapflag.com\/blog\/\"},{\"@type\":\"ListItem\",\"position\":2,\"name\":\"Cadre classique \/ cadre r\u00e9tro \u00e9clair\u00e9\"}]},{\"@type\":\"WebSite\",\"@id\":\"https:\/\/www.macapflag.com\/blog\/#website\",\"url\":\"https:\/\/www.macapflag.com\/blog\/\",\"name\":\"Blog - Macap\",\"description\":\"Tous nos articles\",\"publisher\":{\"@id\":\"https:\/\/www.macapflag.com\/blog\/#organization\"},\"potentialAction\":[{\"@type\":\"SearchAction\",\"target\":{\"@type\":\"EntryPoint\",\"urlTemplate\":\"https:\/\/www.macapflag.com\/blog\/?s={search_term_string}\"},\"query-input\":{\"@type\":\"PropertyValueSpecification\",\"valueRequired\":true,\"valueName\":\"search_term_string\"}}],\"inLanguage\":\"fr-FR\"},{\"@type\":\"Organization\",\"@id\":\"https:\/\/www.macapflag.com\/blog\/#organization\",\"name\":\"macapflag\",\"url\":\"https:\/\/www.macapflag.com\/blog\/\",\"logo\":{\"@type\":\"ImageObject\",\"inLanguage\":\"fr-FR\",\"@id\":\"https:\/\/www.macapflag.com\/blog\/#\/schema\/logo\/image\/\",\"url\":\"https:\/\/www.macapflag.com\/blog\/wp-content\/uploads\/2020\/12\/cropped-M-512-1.png\",\"contentUrl\":\"https:\/\/www.macapflag.com\/blog\/wp-content\/uploads\/2020\/12\/cropped-M-512-1.png\",\"width\":512,\"height\":512,\"caption\":\"macapflag\"},\"image\":{\"@id\":\"https:\/\/www.macapflag.com\/blog\/#\/schema\/logo\/image\/\"},\"sameAs\":[\"https:\/\/www.facebook.com\/macap.pavoisement\/\",\"https:\/\/www.instagram.com\/macapflag\/?hl=fr\",\"https:\/\/www.linkedin.com\/company\/macap\/?originalSubdomain=fr\",\"https:\/\/www.youtube.com\/channel\/UCXNzTIdZh9poEBjSXEqDtNw\"]},{\"@type\":\"Person\",\"@id\":\"https:\/\/www.macapflag.com\/blog\/#\/schema\/person\/3fea701f2603875e651e6b662578fc3c\",\"name\":\"Blog Macap\",\"image\":{\"@type\":\"ImageObject\",\"inLanguage\":\"fr-FR\",\"@id\":\"https:\/\/www.macapflag.com\/blog\/#\/schema\/person\/image\/\",\"url\":\"https:\/\/secure.gravatar.com\/avatar\/c12551f2dc51f0db049633b03e7856985477a70da834cc8967dea4ce54bdd6a2?s=96&d=mm&r=g\",\"contentUrl\":\"https:\/\/secure.gravatar.com\/avatar\/c12551f2dc51f0db049633b03e7856985477a70da834cc8967dea4ce54bdd6a2?s=96&d=mm&r=g\",\"caption\":\"Blog Macap\"},\"url\":\"https:\/\/www.macapflag.com\/blog\/author\/macap\/\"}]}<\/script>\n<!-- \/ Yoast SEO plugin. -->","yoast_head_json":{"title":"Cadre toile tendue classique ou r\u00e9tro \u00e9clair\u00e9, comparatif produits","description":"Tout savoir sur le cadre toile tendue classique et le cadre toile tendue r\u00e9tro \u00e9clair\u00e9, un comparatif d\u00e9taill\u00e9 pour vous aider \u00e0 bien choisir","robots":{"index":"index","follow":"follow","max-snippet":"max-snippet:-1","max-image-preview":"max-image-preview:large","max-video-preview":"max-video-preview:-1"},"canonical":"https:\/\/www.macapflag.com\/blog\/cadre-toile\/","og_locale":"fr_FR","og_type":"article","og_title":"Cadre toile tendue classique ou r\u00e9tro \u00e9clair\u00e9, comparatif produits","og_description":"Tout savoir sur le cadre toile tendue classique et le cadre toile tendue r\u00e9tro \u00e9clair\u00e9, un comparatif d\u00e9taill\u00e9 pour vous aider \u00e0 bien choisir","og_url":"https:\/\/www.macapflag.com\/blog\/cadre-toile\/","og_site_name":"Blog - Macap","article_publisher":"https:\/\/www.facebook.com\/macap.pavoisement\/","article_published_time":"2022-11-07T07:00:00+00:00","og_image":[{"width":870,"height":600,"url":"https:\/\/www.macapflag.com\/blog\/wp-content\/uploads\/2022\/10\/cadre-toile-tendue-et-cadre-retro-eclaire.jpg","type":"image\/jpeg"}],"author":"Blog Macap","twitter_card":"summary_large_image","twitter_misc":{"\u00c9crit par":"Blog Macap","Dur\u00e9e de lecture estim\u00e9e":"9 minutes"},"schema":{"@context":"https:\/\/schema.org","@graph":[{"@type":"Article","@id":"https:\/\/www.macapflag.com\/blog\/cadre-toile\/#article","isPartOf":{"@id":"https:\/\/www.macapflag.com\/blog\/cadre-toile\/"},"author":{"name":"Blog Macap","@id":"https:\/\/www.macapflag.com\/blog\/#\/schema\/person\/3fea701f2603875e651e6b662578fc3c"},"headline":"Cadre classique \/ cadre r\u00e9tro \u00e9clair\u00e9","datePublished":"2022-11-07T07:00:00+00:00","mainEntityOfPage":{"@id":"https:\/\/www.macapflag.com\/blog\/cadre-toile\/"},"wordCount":1483,"publisher":{"@id":"https:\/\/www.macapflag.com\/blog\/#organization"},"image":{"@id":"https:\/\/www.macapflag.com\/blog\/cadre-toile\/#primaryimage"},"thumbnailUrl":"https:\/\/www.macapflag.com\/blog\/wp-content\/uploads\/2022\/10\/cadre-toile-tendue-et-cadre-retro-eclaire.jpg","articleSection":["Produits &amp; Solutions"],"inLanguage":"fr-FR"},{"@type":"WebPage","@id":"https:\/\/www.macapflag.com\/blog\/cadre-toile\/","url":"https:\/\/www.macapflag.com\/blog\/cadre-toile\/","name":"Cadre toile tendue classique ou r\u00e9tro \u00e9clair\u00e9, comparatif produits","isPartOf":{"@id":"https:\/\/www.macapflag.com\/blog\/#website"},"primaryImageOfPage":{"@id":"https:\/\/www.macapflag.com\/blog\/cadre-toile\/#primaryimage"},"image":{"@id":"https:\/\/www.macapflag.com\/blog\/cadre-toile\/#primaryimage"},"thumbnailUrl":"https:\/\/www.macapflag.com\/blog\/wp-content\/uploads\/2022\/10\/cadre-toile-tendue-et-cadre-retro-eclaire.jpg","datePublished":"2022-11-07T07:00:00+00:00","description":"Tout savoir sur le cadre toile tendue classique et le cadre toile tendue r\u00e9tro \u00e9clair\u00e9, un comparatif d\u00e9taill\u00e9 pour vous aider \u00e0 bien choisir","breadcrumb":{"@id":"https:\/\/www.macapflag.com\/blog\/cadre-toile\/#breadcrumb"},"inLanguage":"fr-FR","potentialAction":[{"@type":"ReadAction","target":["https:\/\/www.macapflag.com\/blog\/cadre-toile\/"]}]},{"@type":"ImageObject","inLanguage":"fr-FR","@id":"https:\/\/www.macapflag.com\/blog\/cadre-toile\/#primaryimage","url":"https:\/\/www.macapflag.com\/blog\/wp-content\/uploads\/2022\/10\/cadre-toile-tendue-et-cadre-retro-eclaire.jpg","contentUrl":"https:\/\/www.macapflag.com\/blog\/wp-content\/uploads\/2022\/10\/cadre-toile-tendue-et-cadre-retro-eclaire.jpg","width":870,"height":600,"caption":"Cadre toile tendue et cadre toile r\u00e9tro\u00e9clair\u00e9"},{"@type":"BreadcrumbList","@id":"https:\/\/www.macapflag.com\/blog\/cadre-toile\/#breadcrumb","itemListElement":[{"@type":"ListItem","position":1,"name":"Accueil","item":"https:\/\/www.macapflag.com\/blog\/"},{"@type":"ListItem","position":2,"name":"Cadre classique \/ cadre r\u00e9tro \u00e9clair\u00e9"}]},{"@type":"WebSite","@id":"https:\/\/www.macapflag.com\/blog\/#website","url":"https:\/\/www.macapflag.com\/blog\/","name":"Blog - Macap","description":"Tous nos articles","publisher":{"@id":"https:\/\/www.macapflag.com\/blog\/#organization"},"potentialAction":[{"@type":"SearchAction","target":{"@type":"EntryPoint","urlTemplate":"https:\/\/www.macapflag.com\/blog\/?s={search_term_string}"},"query-input":{"@type":"PropertyValueSpecification","valueRequired":true,"valueName":"search_term_string"}}],"inLanguage":"fr-FR"},{"@type":"Organization","@id":"https:\/\/www.macapflag.com\/blog\/#organization","name":"macapflag","url":"https:\/\/www.macapflag.com\/blog\/","logo":{"@type":"ImageObject","inLanguage":"fr-FR","@id":"https:\/\/www.macapflag.com\/blog\/#\/schema\/logo\/image\/","url":"https:\/\/www.macapflag.com\/blog\/wp-content\/uploads\/2020\/12\/cropped-M-512-1.png","contentUrl":"https:\/\/www.macapflag.com\/blog\/wp-content\/uploads\/2020\/12\/cropped-M-512-1.png","width":512,"height":512,"caption":"macapflag"},"image":{"@id":"https:\/\/www.macapflag.com\/blog\/#\/schema\/logo\/image\/"},"sameAs":["https:\/\/www.facebook.com\/macap.pavoisement\/","https:\/\/www.instagram.com\/macapflag\/?hl=fr","https:\/\/www.linkedin.com\/company\/macap\/?originalSubdomain=fr","https:\/\/www.youtube.com\/channel\/UCXNzTIdZh9poEBjSXEqDtNw"]},{"@type":"Person","@id":"https:\/\/www.macapflag.com\/blog\/#\/schema\/person\/3fea701f2603875e651e6b662578fc3c","name":"Blog Macap","image":{"@type":"ImageObject","inLanguage":"fr-FR","@id":"https:\/\/www.macapflag.com\/blog\/#\/schema\/person\/image\/","url":"https:\/\/secure.gravatar.com\/avatar\/c12551f2dc51f0db049633b03e7856985477a70da834cc8967dea4ce54bdd6a2?s=96&d=mm&r=g","contentUrl":"https:\/\/secure.gravatar.com\/avatar\/c12551f2dc51f0db049633b03e7856985477a70da834cc8967dea4ce54bdd6a2?s=96&d=mm&r=g","caption":"Blog Macap"},"url":"https:\/\/www.macapflag.com\/blog\/author\/macap\/"}]}},"_links":{"self":[{"href":"https:\/\/www.macapflag.com\/blog\/wp-json\/wp\/v2\/posts\/11438","targetHints":{"allow":["GET"]}}],"collection":[{"href":"https:\/\/www.macapflag.com\/blog\/wp-json\/wp\/v2\/posts"}],"about":[{"href":"https:\/\/www.macapflag.com\/blog\/wp-json\/wp\/v2\/types\/post"}],"author":[{"embeddable":true,"href":"https:\/\/www.macapflag.com\/blog\/wp-json\/wp\/v2\/users\/2"}],"replies":[{"embeddable":true,"href":"https:\/\/www.macapflag.com\/blog\/wp-json\/wp\/v2\/comments?post=11438"}],"version-history":[{"count":51,"href":"https:\/\/www.macapflag.com\/blog\/wp-json\/wp\/v2\/posts\/11438\/revisions"}],"predecessor-version":[{"id":11497,"href":"https:\/\/www.macapflag.com\/blog\/wp-json\/wp\/v2\/posts\/11438\/revisions\/11497"}],"wp:featuredmedia":[{"embeddable":true,"href":"https:\/\/www.macapflag.com\/blog\/wp-json\/wp\/v2\/media\/11472"}],"wp:attachment":[{"href":"https:\/\/www.macapflag.com\/blog\/wp-json\/wp\/v2\/media?parent=11438"}],"wp:term":[{"taxonomy":"category","embeddable":true,"href":"https:\/\/www.macapflag.com\/blog\/wp-json\/wp\/v2\/categories?post=11438"},{"taxonomy":"post_tag","embeddable":true,"href":"https:\/\/www.macapflag.com\/blog\/wp-json\/wp\/v2\/tags?post=11438"}],"curies":[{"name":"wp","href":"https:\/\/api.w.org\/{rel}","templated":true}]}}