{"id":11677,"date":"2025-12-03T08:00:59","date_gmt":"2025-12-03T07:00:59","guid":{"rendered":"https:\/\/www.macapflag.com\/blog\/?p=11677"},"modified":"2025-12-03T08:00:59","modified_gmt":"2025-12-03T07:00:59","slug":"noel","status":"publish","type":"post","link":"https:\/\/www.macapflag.com\/blog\/noel\/","title":{"rendered":"Depuis quand f\u00eate-t-on No\u00ebl ?"},"content":{"rendered":"\t\t<div data-elementor-type=\"wp-post\" data-elementor-id=\"11677\" class=\"elementor elementor-11677\">\n\t\t\t\t\t\t<section class=\"elementor-section elementor-top-section elementor-element elementor-element-5c6eb28 elementor-section-boxed elementor-section-height-default elementor-section-height-default\" data-id=\"5c6eb28\" data-element_type=\"section\">\n\t\t\t\t\t\t<div class=\"elementor-container elementor-column-gap-default\">\n\t\t\t\t\t<div class=\"elementor-column elementor-col-100 elementor-top-column elementor-element elementor-element-a5b3f38\" data-id=\"a5b3f38\" data-element_type=\"column\">\n\t\t\t<div class=\"elementor-widget-wrap elementor-element-populated\">\n\t\t\t\t\t\t<div class=\"elementor-element elementor-element-ec1a3f3 elementor-widget elementor-widget-text-editor\" data-id=\"ec1a3f3\" data-element_type=\"widget\" data-widget_type=\"text-editor.default\">\n\t\t\t\t<div class=\"elementor-widget-container\">\n\t\t\t\t\t\t\t\t\t<p>Les vacances de No\u00ebl, le p\u00e8re No\u00ebl, les courses de No\u00ebl, le repas de No\u00ebl et les r\u00e9unions familiales sont autant de rituels et de traditions qui marquent chacune de nos fins d\u2019ann\u00e9es. <br \/>Pour autant, conna\u00eet-on vraiment l\u2019origine de cette f\u00eate et de ses coutumes\u202f? Qui a invent\u00e9 No\u00ebl ? Pourquoi la date du 25 d\u00e9cembre a-t-elle \u00e9t\u00e9 choisie\u202f? O\u00f9 est n\u00e9 le p\u00e8re No\u00ebl ? Pourquoi installons-nous un sapin d\u00e9cor\u00e9 ? Quel est le lien r\u00e9el entre la f\u00eate de No\u00ebl et la religion ?&#8230;<br \/>\u00c0 quelques semaines des festivit\u00e9s, autant de questions auxquelles nous allons tenter de r\u00e9pondre, pour \u00e9clairer aussi vos connaissances ! <\/p>\t\t\t\t\t\t\t\t<\/div>\n\t\t\t\t<\/div>\n\t\t\t\t\t<\/div>\n\t\t<\/div>\n\t\t\t\t\t<\/div>\n\t\t<\/section>\n\t\t\t\t<section class=\"elementor-section elementor-top-section elementor-element elementor-element-b23a031 elementor-section-boxed elementor-section-height-default elementor-section-height-default\" data-id=\"b23a031\" data-element_type=\"section\">\n\t\t\t\t\t\t<div class=\"elementor-container elementor-column-gap-default\">\n\t\t\t\t\t<div class=\"elementor-column elementor-col-100 elementor-top-column elementor-element elementor-element-b7cdc3d\" data-id=\"b7cdc3d\" data-element_type=\"column\">\n\t\t\t<div class=\"elementor-widget-wrap elementor-element-populated\">\n\t\t\t\t\t\t<div class=\"elementor-element elementor-element-c4c2bb5 elementor-widget elementor-widget-text-editor\" data-id=\"c4c2bb5\" data-element_type=\"widget\" data-widget_type=\"text-editor.default\">\n\t\t\t\t<div class=\"elementor-widget-container\">\n\t\t\t\t\t\t\t\t\t<h2>Depuis quand f\u00eate-t-on No\u00ebl ?<\/h2>\t\t\t\t\t\t\t\t<\/div>\n\t\t\t\t<\/div>\n\t\t\t\t\t<\/div>\n\t\t<\/div>\n\t\t\t\t\t<\/div>\n\t\t<\/section>\n\t\t\t\t<section class=\"elementor-section elementor-top-section elementor-element elementor-element-7d5ab06 elementor-section-boxed elementor-section-height-default elementor-section-height-default\" data-id=\"7d5ab06\" data-element_type=\"section\">\n\t\t\t\t\t\t<div class=\"elementor-container elementor-column-gap-default\">\n\t\t\t\t\t<div class=\"elementor-column elementor-col-100 elementor-top-column elementor-element elementor-element-68a1eba\" data-id=\"68a1eba\" data-element_type=\"column\">\n\t\t\t<div class=\"elementor-widget-wrap elementor-element-populated\">\n\t\t\t\t\t\t<div class=\"elementor-element elementor-element-78f41bd elementor-widget elementor-widget-text-editor\" data-id=\"78f41bd\" data-element_type=\"widget\" data-widget_type=\"text-editor.default\">\n\t\t\t\t<div class=\"elementor-widget-container\">\n\t\t\t\t\t\t\t\t\t<h3>La c\u00e9l\u00e9bration du solstice d\u2019hiver<\/h3>\t\t\t\t\t\t\t\t<\/div>\n\t\t\t\t<\/div>\n\t\t\t\t\t<\/div>\n\t\t<\/div>\n\t\t\t\t\t<\/div>\n\t\t<\/section>\n\t\t\t\t<section class=\"elementor-section elementor-top-section elementor-element elementor-element-95218d9 elementor-section-boxed elementor-section-height-default elementor-section-height-default\" data-id=\"95218d9\" data-element_type=\"section\">\n\t\t\t\t\t\t<div class=\"elementor-container elementor-column-gap-default\">\n\t\t\t\t\t<div class=\"elementor-column elementor-col-100 elementor-top-column elementor-element elementor-element-b0ae2ab\" data-id=\"b0ae2ab\" data-element_type=\"column\">\n\t\t\t<div class=\"elementor-widget-wrap elementor-element-populated\">\n\t\t\t\t\t\t<div class=\"elementor-element elementor-element-67f0f1c elementor-widget elementor-widget-image\" data-id=\"67f0f1c\" data-element_type=\"widget\" data-widget_type=\"image.default\">\n\t\t\t\t<div class=\"elementor-widget-container\">\n\t\t\t\t\t\t\t\t\t\t\t\t\t\t\t<img fetchpriority=\"high\" decoding=\"async\" width=\"700\" height=\"534\" src=\"https:\/\/www.macapflag.com\/blog\/wp-content\/uploads\/2022\/12\/Le-solstice-d-hiver-a-l-origine-de-Noel.jpg\" class=\"attachment-large size-large wp-image-11666\" alt=\"Le solstice d&#039;hiver est \u00e0 l&#039;origine de No\u00ebl\" srcset=\"https:\/\/www.macapflag.com\/blog\/wp-content\/uploads\/2022\/12\/Le-solstice-d-hiver-a-l-origine-de-Noel.jpg 700w, https:\/\/www.macapflag.com\/blog\/wp-content\/uploads\/2022\/12\/Le-solstice-d-hiver-a-l-origine-de-Noel-300x229.jpg 300w\" sizes=\"(max-width: 700px) 100vw, 700px\" \/>\t\t\t\t\t\t\t\t\t\t\t\t\t\t\t<\/div>\n\t\t\t\t<\/div>\n\t\t\t\t\t<\/div>\n\t\t<\/div>\n\t\t\t\t\t<\/div>\n\t\t<\/section>\n\t\t\t\t<section class=\"elementor-section elementor-top-section elementor-element elementor-element-85bbc28 elementor-section-boxed elementor-section-height-default elementor-section-height-default\" data-id=\"85bbc28\" data-element_type=\"section\">\n\t\t\t\t\t\t<div class=\"elementor-container elementor-column-gap-default\">\n\t\t\t\t\t<div class=\"elementor-column elementor-col-100 elementor-top-column elementor-element elementor-element-efd5e59\" data-id=\"efd5e59\" data-element_type=\"column\">\n\t\t\t<div class=\"elementor-widget-wrap elementor-element-populated\">\n\t\t\t\t\t\t<div class=\"elementor-element elementor-element-dded7ca elementor-widget elementor-widget-text-editor\" data-id=\"dded7ca\" data-element_type=\"widget\" data-widget_type=\"text-editor.default\">\n\t\t\t\t<div class=\"elementor-widget-container\">\n\t\t\t\t\t\t\t\t\t<p>Avant d\u2019\u00eatre une f\u00eate religieuse, la p\u00e9riode de No\u00ebl c\u00e9l\u00e9brait le solstice d\u2019hiver, d\u00e9nomm\u00e9 Yule en langue viking. Dans la culture viking (qui s\u2019\u00e9tend sur presque 3 si\u00e8cles, de la fin du VIII\u1d49 \u00e0 la fin du XI\u1d49 si\u00e8cle), le cycle des saisons donnait lieu \u00e0 des c\u00e9l\u00e9brations qui rythmaient l\u2019ann\u00e9e. \u00c0 partir du mois de novembre, les jours deviennent de plus en plus courts jusqu\u2019\u00e0 la date du 21 d\u00e9cembre dans l\u2019h\u00e9misph\u00e8re nord, le jour le plus court de l\u2019ann\u00e9e.<\/p>\t\t\t\t\t\t\t\t<\/div>\n\t\t\t\t<\/div>\n\t\t\t\t\t<\/div>\n\t\t<\/div>\n\t\t\t\t\t<\/div>\n\t\t<\/section>\n\t\t\t\t<section class=\"elementor-section elementor-top-section elementor-element elementor-element-ba4ac87 elementor-section-boxed elementor-section-height-default elementor-section-height-default\" data-id=\"ba4ac87\" data-element_type=\"section\">\n\t\t\t\t\t\t<div class=\"elementor-container elementor-column-gap-default\">\n\t\t\t\t\t<div class=\"elementor-column elementor-col-100 elementor-top-column elementor-element elementor-element-a0c6ff8\" data-id=\"a0c6ff8\" data-element_type=\"column\">\n\t\t\t<div class=\"elementor-widget-wrap elementor-element-populated\">\n\t\t\t\t\t\t<div class=\"elementor-element elementor-element-118020f elementor-widget elementor-widget-text-editor\" data-id=\"118020f\" data-element_type=\"widget\" data-widget_type=\"text-editor.default\">\n\t\t\t\t<div class=\"elementor-widget-container\">\n\t\t\t\t\t\t\t\t\t<h3>La f\u00eate des lumi\u00e8res<\/h3>\t\t\t\t\t\t\t\t<\/div>\n\t\t\t\t<\/div>\n\t\t\t\t\t<\/div>\n\t\t<\/div>\n\t\t\t\t\t<\/div>\n\t\t<\/section>\n\t\t\t\t<section class=\"elementor-section elementor-top-section elementor-element elementor-element-3411788 elementor-section-boxed elementor-section-height-default elementor-section-height-default\" data-id=\"3411788\" data-element_type=\"section\">\n\t\t\t\t\t\t<div class=\"elementor-container elementor-column-gap-default\">\n\t\t\t\t\t<div class=\"elementor-column elementor-col-100 elementor-top-column elementor-element elementor-element-7ef55ab\" data-id=\"7ef55ab\" data-element_type=\"column\">\n\t\t\t<div class=\"elementor-widget-wrap elementor-element-populated\">\n\t\t\t\t\t\t<div class=\"elementor-element elementor-element-b55ec7f elementor-widget elementor-widget-image\" data-id=\"b55ec7f\" data-element_type=\"widget\" data-widget_type=\"image.default\">\n\t\t\t\t<div class=\"elementor-widget-container\">\n\t\t\t\t\t\t\t\t\t\t\t\t\t\t\t<img decoding=\"async\" width=\"700\" height=\"534\" src=\"https:\/\/www.macapflag.com\/blog\/wp-content\/uploads\/2022\/12\/Noel-fete-de-la-lumiere.jpg\" class=\"attachment-large size-large wp-image-11670\" alt=\"No\u00ebl est la f\u00eate des lumi\u00e8res\" srcset=\"https:\/\/www.macapflag.com\/blog\/wp-content\/uploads\/2022\/12\/Noel-fete-de-la-lumiere.jpg 700w, https:\/\/www.macapflag.com\/blog\/wp-content\/uploads\/2022\/12\/Noel-fete-de-la-lumiere-300x229.jpg 300w\" sizes=\"(max-width: 700px) 100vw, 700px\" \/>\t\t\t\t\t\t\t\t\t\t\t\t\t\t\t<\/div>\n\t\t\t\t<\/div>\n\t\t\t\t\t<\/div>\n\t\t<\/div>\n\t\t\t\t\t<\/div>\n\t\t<\/section>\n\t\t\t\t<section class=\"elementor-section elementor-top-section elementor-element elementor-element-fd2e8b1 elementor-section-boxed elementor-section-height-default elementor-section-height-default\" data-id=\"fd2e8b1\" data-element_type=\"section\">\n\t\t\t\t\t\t<div class=\"elementor-container elementor-column-gap-default\">\n\t\t\t\t\t<div class=\"elementor-column elementor-col-100 elementor-top-column elementor-element elementor-element-7b6cd7a\" data-id=\"7b6cd7a\" data-element_type=\"column\">\n\t\t\t<div class=\"elementor-widget-wrap elementor-element-populated\">\n\t\t\t\t\t\t<div class=\"elementor-element elementor-element-e62ef7d elementor-widget elementor-widget-text-editor\" data-id=\"e62ef7d\" data-element_type=\"widget\" data-widget_type=\"text-editor.default\">\n\t\t\t\t<div class=\"elementor-widget-container\">\n\t\t\t\t\t\t\t\t\t<p>Apr\u00e8s avoir \u00e9t\u00e9 de moins en moins l\u00e0, \u00e0 partir du 21 d\u00e9cembre, la pr\u00e9sence du soleil cro\u00eet pour \u00e9clairer plus longuement chaque journ\u00e9e. C\u2019est la victoire de la lumi\u00e8re sur l\u2019obscurit\u00e9, telle une renaissance du soleil. Au fil du temps, cette notion de lumi\u00e8re est d\u2019ailleurs rest\u00e9e tr\u00e8s pr\u00e9sente dans la c\u00e9l\u00e9bration de No\u00ebl (au travers des bougies, des guirlandes lumineuses, etc). <\/p>\t\t\t\t\t\t\t\t<\/div>\n\t\t\t\t<\/div>\n\t\t\t\t\t<\/div>\n\t\t<\/div>\n\t\t\t\t\t<\/div>\n\t\t<\/section>\n\t\t\t\t<section class=\"elementor-section elementor-top-section elementor-element elementor-element-b79f82c elementor-section-boxed elementor-section-height-default elementor-section-height-default\" data-id=\"b79f82c\" data-element_type=\"section\">\n\t\t\t\t\t\t<div class=\"elementor-container elementor-column-gap-default\">\n\t\t\t\t\t<div class=\"elementor-column elementor-col-100 elementor-top-column elementor-element elementor-element-c397312\" data-id=\"c397312\" data-element_type=\"column\">\n\t\t\t<div class=\"elementor-widget-wrap elementor-element-populated\">\n\t\t\t\t\t\t<div class=\"elementor-element elementor-element-7d69b66 elementor-widget elementor-widget-text-editor\" data-id=\"7d69b66\" data-element_type=\"widget\" data-widget_type=\"text-editor.default\">\n\t\t\t\t<div class=\"elementor-widget-container\">\n\t\t\t\t\t\t\t\t\t<h3>Les Saturnales de la Rome antique<\/h3>\t\t\t\t\t\t\t\t<\/div>\n\t\t\t\t<\/div>\n\t\t\t\t\t<\/div>\n\t\t<\/div>\n\t\t\t\t\t<\/div>\n\t\t<\/section>\n\t\t\t\t<section class=\"elementor-section elementor-top-section elementor-element elementor-element-deebcf6 elementor-section-boxed elementor-section-height-default elementor-section-height-default\" data-id=\"deebcf6\" data-element_type=\"section\">\n\t\t\t\t\t\t<div class=\"elementor-container elementor-column-gap-default\">\n\t\t\t\t\t<div class=\"elementor-column elementor-col-100 elementor-top-column elementor-element elementor-element-514d65e\" data-id=\"514d65e\" data-element_type=\"column\">\n\t\t\t<div class=\"elementor-widget-wrap elementor-element-populated\">\n\t\t\t\t\t\t<div class=\"elementor-element elementor-element-4bc657f elementor-widget elementor-widget-image\" data-id=\"4bc657f\" data-element_type=\"widget\" data-widget_type=\"image.default\">\n\t\t\t\t<div class=\"elementor-widget-container\">\n\t\t\t\t\t\t\t\t\t\t\t\t\t\t\t<img decoding=\"async\" width=\"700\" height=\"534\" src=\"https:\/\/www.macapflag.com\/blog\/wp-content\/uploads\/2022\/12\/histoire-de-Noel.jpg\" class=\"attachment-large size-large wp-image-11662\" alt=\"L&#039;histoire de No\u00ebl\" srcset=\"https:\/\/www.macapflag.com\/blog\/wp-content\/uploads\/2022\/12\/histoire-de-Noel.jpg 700w, https:\/\/www.macapflag.com\/blog\/wp-content\/uploads\/2022\/12\/histoire-de-Noel-300x229.jpg 300w\" sizes=\"(max-width: 700px) 100vw, 700px\" \/>\t\t\t\t\t\t\t\t\t\t\t\t\t\t\t<\/div>\n\t\t\t\t<\/div>\n\t\t\t\t\t<\/div>\n\t\t<\/div>\n\t\t\t\t\t<\/div>\n\t\t<\/section>\n\t\t\t\t<section class=\"elementor-section elementor-top-section elementor-element elementor-element-767710c elementor-section-boxed elementor-section-height-default elementor-section-height-default\" data-id=\"767710c\" data-element_type=\"section\">\n\t\t\t\t\t\t<div class=\"elementor-container elementor-column-gap-default\">\n\t\t\t\t\t<div class=\"elementor-column elementor-col-100 elementor-top-column elementor-element elementor-element-e18c425\" data-id=\"e18c425\" data-element_type=\"column\">\n\t\t\t<div class=\"elementor-widget-wrap elementor-element-populated\">\n\t\t\t\t\t\t<div class=\"elementor-element elementor-element-3f3ad8a elementor-widget elementor-widget-text-editor\" data-id=\"3f3ad8a\" data-element_type=\"widget\" data-widget_type=\"text-editor.default\">\n\t\t\t\t<div class=\"elementor-widget-container\">\n\t\t\t\t\t\t\t\t\t<p>Dans la Rome antique (de 753 avant JC \u00e0 476 apr\u00e8s JC) entre le 17 et le 25 d\u00e9cembre, la coutume \u00e9tait de c\u00e9l\u00e9brer le dieu Saturne avec les f\u00eates saturnales, \u00e9galement li\u00e9es au solstice d\u2019hiver. Pendant 7 jours, toutes les activit\u00e9s cessaient pour laisser place aux r\u00e9unions familiales. Les maisons \u00e9taient alors d\u00e9cor\u00e9es de plantes et de branches de sapin et l\u2019on s\u2019offrait des cadeaux.<\/p>\t\t\t\t\t\t\t\t<\/div>\n\t\t\t\t<\/div>\n\t\t\t\t\t<\/div>\n\t\t<\/div>\n\t\t\t\t\t<\/div>\n\t\t<\/section>\n\t\t\t\t<section class=\"elementor-section elementor-top-section elementor-element elementor-element-fb5f28b elementor-section-boxed elementor-section-height-default elementor-section-height-default\" data-id=\"fb5f28b\" data-element_type=\"section\">\n\t\t\t\t\t\t<div class=\"elementor-container elementor-column-gap-default\">\n\t\t\t\t\t<div class=\"elementor-column elementor-col-100 elementor-top-column elementor-element elementor-element-1da2c3b\" data-id=\"1da2c3b\" data-element_type=\"column\">\n\t\t\t<div class=\"elementor-widget-wrap elementor-element-populated\">\n\t\t\t\t\t\t<div class=\"elementor-element elementor-element-ee9a38b elementor-widget elementor-widget-text-editor\" data-id=\"ee9a38b\" data-element_type=\"widget\" data-widget_type=\"text-editor.default\">\n\t\t\t\t<div class=\"elementor-widget-container\">\n\t\t\t\t\t\t\t\t\t<h3>L\u2019appropriation chr\u00e9tienne<\/h3>\t\t\t\t\t\t\t\t<\/div>\n\t\t\t\t<\/div>\n\t\t\t\t\t<\/div>\n\t\t<\/div>\n\t\t\t\t\t<\/div>\n\t\t<\/section>\n\t\t\t\t<section class=\"elementor-section elementor-top-section elementor-element elementor-element-bdf7b69 elementor-section-boxed elementor-section-height-default elementor-section-height-default\" data-id=\"bdf7b69\" data-element_type=\"section\">\n\t\t\t\t\t\t<div class=\"elementor-container elementor-column-gap-default\">\n\t\t\t\t\t<div class=\"elementor-column elementor-col-100 elementor-top-column elementor-element elementor-element-b4f505c\" data-id=\"b4f505c\" data-element_type=\"column\">\n\t\t\t<div class=\"elementor-widget-wrap elementor-element-populated\">\n\t\t\t\t\t\t<div class=\"elementor-element elementor-element-d9f99ab elementor-widget elementor-widget-image\" data-id=\"d9f99ab\" data-element_type=\"widget\" data-widget_type=\"image.default\">\n\t\t\t\t<div class=\"elementor-widget-container\">\n\t\t\t\t\t\t\t\t\t\t\t\t\t\t\t<img loading=\"lazy\" decoding=\"async\" width=\"700\" height=\"534\" src=\"https:\/\/www.macapflag.com\/blog\/wp-content\/uploads\/2022\/12\/Pape-Libere-fixe-la-date-de-naissance-de-Jesus.jpg\" class=\"attachment-large size-large wp-image-11674\" alt=\"Le Pape Lib\u00e8re d\u00e9cide du jour de naissance de J\u00e9sus\" srcset=\"https:\/\/www.macapflag.com\/blog\/wp-content\/uploads\/2022\/12\/Pape-Libere-fixe-la-date-de-naissance-de-Jesus.jpg 700w, https:\/\/www.macapflag.com\/blog\/wp-content\/uploads\/2022\/12\/Pape-Libere-fixe-la-date-de-naissance-de-Jesus-300x229.jpg 300w\" sizes=\"(max-width: 700px) 100vw, 700px\" \/>\t\t\t\t\t\t\t\t\t\t\t\t\t\t\t<\/div>\n\t\t\t\t<\/div>\n\t\t\t\t\t<\/div>\n\t\t<\/div>\n\t\t\t\t\t<\/div>\n\t\t<\/section>\n\t\t\t\t<section class=\"elementor-section elementor-top-section elementor-element elementor-element-c843cc7 elementor-section-boxed elementor-section-height-default elementor-section-height-default\" data-id=\"c843cc7\" data-element_type=\"section\">\n\t\t\t\t\t\t<div class=\"elementor-container elementor-column-gap-default\">\n\t\t\t\t\t<div class=\"elementor-column elementor-col-100 elementor-top-column elementor-element elementor-element-c2547e4\" data-id=\"c2547e4\" data-element_type=\"column\">\n\t\t\t<div class=\"elementor-widget-wrap elementor-element-populated\">\n\t\t\t\t\t\t<div class=\"elementor-element elementor-element-a9b4132 elementor-widget elementor-widget-text-editor\" data-id=\"a9b4132\" data-element_type=\"widget\" data-widget_type=\"text-editor.default\">\n\t\t\t\t<div class=\"elementor-widget-container\">\n\t\t\t\t\t\t\t\t\t<p>En 354, le pape Lib\u00e8re d\u00e9cide que le jour du solstice d\u2019hiver est la date id\u00e9ale pour c\u00e9l\u00e9brer la naissance de J\u00e9sus, le fils de Dieu. <br \/>C\u2019est ainsi que la date de naissance de J\u00e9sus-Christ de Nazareth est fix\u00e9e au 25 d\u00e9cembre. Les chr\u00e9tiens associent ainsi le Christ au soleil, tel un sauveur d\u00e9sign\u00e9 comme le soleil levant. On retrouve cette notion dans l\u2019ancien testament (livre d\u2019Isa\u00efe) \u201cLe peuple qui marchait dans les t\u00e9n\u00e8bres a vu se lever une grande lumi\u00e8re\u201d.<br \/>La c\u00e9l\u00e9bration de No\u00ebl s\u2019imposera ensuite dans toute l\u2019Europe et le bassin m\u00e9diterran\u00e9en comme une f\u00eate chr\u00e9tienne en rempla\u00e7ant petit \u00e0 petit les f\u00eates pa\u00efennes li\u00e9es au solstice d\u2019hiver. <\/p>\t\t\t\t\t\t\t\t<\/div>\n\t\t\t\t<\/div>\n\t\t\t\t\t<\/div>\n\t\t<\/div>\n\t\t\t\t\t<\/div>\n\t\t<\/section>\n\t\t\t\t<section class=\"elementor-section elementor-top-section elementor-element elementor-element-25a4d09 elementor-section-boxed elementor-section-height-default elementor-section-height-default\" data-id=\"25a4d09\" data-element_type=\"section\">\n\t\t\t\t\t\t<div class=\"elementor-container elementor-column-gap-default\">\n\t\t\t\t\t<div class=\"elementor-column elementor-col-100 elementor-top-column elementor-element elementor-element-98e293e\" data-id=\"98e293e\" data-element_type=\"column\">\n\t\t\t<div class=\"elementor-widget-wrap elementor-element-populated\">\n\t\t\t\t\t\t<div class=\"elementor-element elementor-element-8f3c622 elementor-widget elementor-widget-text-editor\" data-id=\"8f3c622\" data-element_type=\"widget\" data-widget_type=\"text-editor.default\">\n\t\t\t\t<div class=\"elementor-widget-container\">\n\t\t\t\t\t\t\t\t\t<h3>Pourquoi le choix du 25 d\u00e9cembre plut\u00f4t que le 21 d\u00e9cembre ?<\/h3>\t\t\t\t\t\t\t\t<\/div>\n\t\t\t\t<\/div>\n\t\t\t\t\t<\/div>\n\t\t<\/div>\n\t\t\t\t\t<\/div>\n\t\t<\/section>\n\t\t\t\t<section class=\"elementor-section elementor-top-section elementor-element elementor-element-8dc285a elementor-section-boxed elementor-section-height-default elementor-section-height-default\" data-id=\"8dc285a\" data-element_type=\"section\">\n\t\t\t\t\t\t<div class=\"elementor-container elementor-column-gap-default\">\n\t\t\t\t\t<div class=\"elementor-column elementor-col-100 elementor-top-column elementor-element elementor-element-3a187c7\" data-id=\"3a187c7\" data-element_type=\"column\">\n\t\t\t<div class=\"elementor-widget-wrap elementor-element-populated\">\n\t\t\t\t\t\t<div class=\"elementor-element elementor-element-e476062 elementor-widget elementor-widget-image\" data-id=\"e476062\" data-element_type=\"widget\" data-widget_type=\"image.default\">\n\t\t\t\t<div class=\"elementor-widget-container\">\n\t\t\t\t\t\t\t\t\t\t\t\t\t\t\t<img loading=\"lazy\" decoding=\"async\" width=\"700\" height=\"534\" src=\"https:\/\/www.macapflag.com\/blog\/wp-content\/uploads\/2022\/12\/Jules-Cesar-modifie-la-date-du-solstice-dhiver.jpg\" class=\"attachment-large size-large wp-image-11663\" alt=\"Jules C\u00e9sar change la date du solstice d&#039;hiver\" srcset=\"https:\/\/www.macapflag.com\/blog\/wp-content\/uploads\/2022\/12\/Jules-Cesar-modifie-la-date-du-solstice-dhiver.jpg 700w, https:\/\/www.macapflag.com\/blog\/wp-content\/uploads\/2022\/12\/Jules-Cesar-modifie-la-date-du-solstice-dhiver-300x229.jpg 300w\" sizes=\"(max-width: 700px) 100vw, 700px\" \/>\t\t\t\t\t\t\t\t\t\t\t\t\t\t\t<\/div>\n\t\t\t\t<\/div>\n\t\t\t\t\t<\/div>\n\t\t<\/div>\n\t\t\t\t\t<\/div>\n\t\t<\/section>\n\t\t\t\t<section class=\"elementor-section elementor-top-section elementor-element elementor-element-17f6bce elementor-section-boxed elementor-section-height-default elementor-section-height-default\" data-id=\"17f6bce\" data-element_type=\"section\">\n\t\t\t\t\t\t<div class=\"elementor-container elementor-column-gap-default\">\n\t\t\t\t\t<div class=\"elementor-column elementor-col-100 elementor-top-column elementor-element elementor-element-66b94f4\" data-id=\"66b94f4\" data-element_type=\"column\">\n\t\t\t<div class=\"elementor-widget-wrap elementor-element-populated\">\n\t\t\t\t\t\t<div class=\"elementor-element elementor-element-6b6f01d elementor-widget elementor-widget-text-editor\" data-id=\"6b6f01d\" data-element_type=\"widget\" data-widget_type=\"text-editor.default\">\n\t\t\t\t<div class=\"elementor-widget-container\">\n\t\t\t\t\t\t\t\t\t<p>C\u2019est Jules C\u00e9sar, Empereur romain, qui a modifi\u00e9 la date du solstice d\u2019hiver au 25 d\u00e9cembre lorsqu\u2019il mit en place le nouveau calendrier solaire. C\u2019est pr\u00e9cis\u00e9ment ce changement qui incitera le pape Lib\u00e8re \u00e0 choisir le 25 d\u00e9cembre comme date de r\u00e9f\u00e9rence pour le solstice d\u2019hiver et donc pour date de naissance de J\u00e9sus.<\/p>\t\t\t\t\t\t\t\t<\/div>\n\t\t\t\t<\/div>\n\t\t\t\t\t<\/div>\n\t\t<\/div>\n\t\t\t\t\t<\/div>\n\t\t<\/section>\n\t\t\t\t<section class=\"elementor-section elementor-top-section elementor-element elementor-element-48e286e elementor-section-boxed elementor-section-height-default elementor-section-height-default\" data-id=\"48e286e\" data-element_type=\"section\">\n\t\t\t\t\t\t<div class=\"elementor-container elementor-column-gap-default\">\n\t\t\t\t\t<div class=\"elementor-column elementor-col-100 elementor-top-column elementor-element elementor-element-a1b9027\" data-id=\"a1b9027\" data-element_type=\"column\">\n\t\t\t<div class=\"elementor-widget-wrap elementor-element-populated\">\n\t\t\t\t\t\t<div class=\"elementor-element elementor-element-009ed57 elementor-widget-divider--view-line elementor-widget elementor-widget-divider\" data-id=\"009ed57\" data-element_type=\"widget\" data-widget_type=\"divider.default\">\n\t\t\t\t<div class=\"elementor-widget-container\">\n\t\t\t\t\t\t\t<div class=\"elementor-divider\">\n\t\t\t<span class=\"elementor-divider-separator\">\n\t\t\t\t\t\t<\/span>\n\t\t<\/div>\n\t\t\t\t\t\t<\/div>\n\t\t\t\t<\/div>\n\t\t\t\t\t<\/div>\n\t\t<\/div>\n\t\t\t\t\t<\/div>\n\t\t<\/section>\n\t\t\t\t<section class=\"elementor-section elementor-top-section elementor-element elementor-element-66c11c2 elementor-section-boxed elementor-section-height-default elementor-section-height-default\" data-id=\"66c11c2\" data-element_type=\"section\">\n\t\t\t\t\t\t<div class=\"elementor-container elementor-column-gap-default\">\n\t\t\t\t\t<div class=\"elementor-column elementor-col-100 elementor-top-column elementor-element elementor-element-d912af7\" data-id=\"d912af7\" data-element_type=\"column\">\n\t\t\t<div class=\"elementor-widget-wrap elementor-element-populated\">\n\t\t\t\t\t\t<div class=\"elementor-element elementor-element-a450ea3 elementor-widget elementor-widget-text-editor\" data-id=\"a450ea3\" data-element_type=\"widget\" data-widget_type=\"text-editor.default\">\n\t\t\t\t<div class=\"elementor-widget-container\">\n\t\t\t\t\t\t\t\t\t<h2>D\u2019o\u00f9 vient le mot No\u00ebl ?<\/h2>\t\t\t\t\t\t\t\t<\/div>\n\t\t\t\t<\/div>\n\t\t\t\t\t<\/div>\n\t\t<\/div>\n\t\t\t\t\t<\/div>\n\t\t<\/section>\n\t\t\t\t<section class=\"elementor-section elementor-top-section elementor-element elementor-element-b48e40a elementor-section-boxed elementor-section-height-default elementor-section-height-default\" data-id=\"b48e40a\" data-element_type=\"section\">\n\t\t\t\t\t\t<div class=\"elementor-container elementor-column-gap-default\">\n\t\t\t\t\t<div class=\"elementor-column elementor-col-100 elementor-top-column elementor-element elementor-element-03005e2\" data-id=\"03005e2\" data-element_type=\"column\">\n\t\t\t<div class=\"elementor-widget-wrap elementor-element-populated\">\n\t\t\t\t\t\t<div class=\"elementor-element elementor-element-2b2d606 elementor-widget elementor-widget-image\" data-id=\"2b2d606\" data-element_type=\"widget\" data-widget_type=\"image.default\">\n\t\t\t\t<div class=\"elementor-widget-container\">\n\t\t\t\t\t\t\t\t\t\t\t\t\t\t\t<img loading=\"lazy\" decoding=\"async\" width=\"700\" height=\"534\" src=\"https:\/\/www.macapflag.com\/blog\/wp-content\/uploads\/2022\/12\/Origine-du-mot-Noel.jpg\" class=\"attachment-large size-large wp-image-11673\" alt=\"L&#039;origine du mot No\u00ebl est Natalis\" srcset=\"https:\/\/www.macapflag.com\/blog\/wp-content\/uploads\/2022\/12\/Origine-du-mot-Noel.jpg 700w, https:\/\/www.macapflag.com\/blog\/wp-content\/uploads\/2022\/12\/Origine-du-mot-Noel-300x229.jpg 300w\" sizes=\"(max-width: 700px) 100vw, 700px\" \/>\t\t\t\t\t\t\t\t\t\t\t\t\t\t\t<\/div>\n\t\t\t\t<\/div>\n\t\t\t\t\t<\/div>\n\t\t<\/div>\n\t\t\t\t\t<\/div>\n\t\t<\/section>\n\t\t\t\t<section class=\"elementor-section elementor-top-section elementor-element elementor-element-54a0eec elementor-section-boxed elementor-section-height-default elementor-section-height-default\" data-id=\"54a0eec\" data-element_type=\"section\">\n\t\t\t\t\t\t<div class=\"elementor-container elementor-column-gap-default\">\n\t\t\t\t\t<div class=\"elementor-column elementor-col-100 elementor-top-column elementor-element elementor-element-50a8f8b\" data-id=\"50a8f8b\" data-element_type=\"column\">\n\t\t\t<div class=\"elementor-widget-wrap elementor-element-populated\">\n\t\t\t\t\t\t<div class=\"elementor-element elementor-element-d74e0f8 elementor-widget elementor-widget-text-editor\" data-id=\"d74e0f8\" data-element_type=\"widget\" data-widget_type=\"text-editor.default\">\n\t\t\t\t<div class=\"elementor-widget-container\">\n\t\t\t\t\t\t\t\t\t<p>Le mot No\u00ebl serait issu du latin \u201cnatalis\u201d qui signifie \u201cde naissance\u201d et plus exactement \u201cnatalis dies\u201d qui signifie \u201cjour de naissance\u201d. C\u2019est la formule qui a \u00e9t\u00e9 choisie en latin eccl\u00e9siastique pour d\u00e9signer la nativit\u00e9 du Christ. C\u2019est au XIV\u1d49 si\u00e8cle qu\u2019apparait le mot \u201cNo\u00ebl\u201d pour d\u00e9signer la nativit\u00e9, mais aussi \u201cun cri pouss\u00e9 par le peuple pour saluer un \u00e9v\u00e9nement heureux\u201d.<\/p>\t\t\t\t\t\t\t\t<\/div>\n\t\t\t\t<\/div>\n\t\t\t\t\t<\/div>\n\t\t<\/div>\n\t\t\t\t\t<\/div>\n\t\t<\/section>\n\t\t\t\t<section class=\"elementor-section elementor-top-section elementor-element elementor-element-1360433 elementor-section-boxed elementor-section-height-default elementor-section-height-default\" data-id=\"1360433\" data-element_type=\"section\">\n\t\t\t\t\t\t<div class=\"elementor-container elementor-column-gap-default\">\n\t\t\t\t\t<div class=\"elementor-column elementor-col-100 elementor-top-column elementor-element elementor-element-130b3fa\" data-id=\"130b3fa\" data-element_type=\"column\">\n\t\t\t<div class=\"elementor-widget-wrap elementor-element-populated\">\n\t\t\t\t\t\t<div class=\"elementor-element elementor-element-02a86a8 elementor-widget-divider--view-line elementor-widget elementor-widget-divider\" data-id=\"02a86a8\" data-element_type=\"widget\" data-widget_type=\"divider.default\">\n\t\t\t\t<div class=\"elementor-widget-container\">\n\t\t\t\t\t\t\t<div class=\"elementor-divider\">\n\t\t\t<span class=\"elementor-divider-separator\">\n\t\t\t\t\t\t<\/span>\n\t\t<\/div>\n\t\t\t\t\t\t<\/div>\n\t\t\t\t<\/div>\n\t\t\t\t\t<\/div>\n\t\t<\/div>\n\t\t\t\t\t<\/div>\n\t\t<\/section>\n\t\t\t\t<section class=\"elementor-section elementor-top-section elementor-element elementor-element-92937b5 elementor-section-boxed elementor-section-height-default elementor-section-height-default\" data-id=\"92937b5\" data-element_type=\"section\">\n\t\t\t\t\t\t<div class=\"elementor-container elementor-column-gap-default\">\n\t\t\t\t\t<div class=\"elementor-column elementor-col-100 elementor-top-column elementor-element elementor-element-2813437\" data-id=\"2813437\" data-element_type=\"column\">\n\t\t\t<div class=\"elementor-widget-wrap elementor-element-populated\">\n\t\t\t\t\t\t<div class=\"elementor-element elementor-element-ae98c76 elementor-widget elementor-widget-text-editor\" data-id=\"ae98c76\" data-element_type=\"widget\" data-widget_type=\"text-editor.default\">\n\t\t\t\t<div class=\"elementor-widget-container\">\n\t\t\t\t\t\t\t\t\t<h2>Pourquoi se fait-on des cadeaux \u00e0 No\u00ebl ?<\/h2>\t\t\t\t\t\t\t\t<\/div>\n\t\t\t\t<\/div>\n\t\t\t\t\t<\/div>\n\t\t<\/div>\n\t\t\t\t\t<\/div>\n\t\t<\/section>\n\t\t\t\t<section class=\"elementor-section elementor-top-section elementor-element elementor-element-e0fbdae elementor-section-boxed elementor-section-height-default elementor-section-height-default\" data-id=\"e0fbdae\" data-element_type=\"section\">\n\t\t\t\t\t\t<div class=\"elementor-container elementor-column-gap-default\">\n\t\t\t\t\t<div class=\"elementor-column elementor-col-100 elementor-top-column elementor-element elementor-element-f6027b7\" data-id=\"f6027b7\" data-element_type=\"column\">\n\t\t\t<div class=\"elementor-widget-wrap elementor-element-populated\">\n\t\t\t\t\t\t<div class=\"elementor-element elementor-element-c32c287 elementor-widget elementor-widget-image\" data-id=\"c32c287\" data-element_type=\"widget\" data-widget_type=\"image.default\">\n\t\t\t\t<div class=\"elementor-widget-container\">\n\t\t\t\t\t\t\t\t\t\t\t\t\t\t\t<img loading=\"lazy\" decoding=\"async\" width=\"700\" height=\"534\" src=\"https:\/\/www.macapflag.com\/blog\/wp-content\/uploads\/2022\/12\/Origine-des-cadeaux-de-Noel.jpg\" class=\"attachment-large size-large wp-image-11672\" alt=\"Quelle est l&#039;origine des cadeaux de No\u00ebl ?\" srcset=\"https:\/\/www.macapflag.com\/blog\/wp-content\/uploads\/2022\/12\/Origine-des-cadeaux-de-Noel.jpg 700w, https:\/\/www.macapflag.com\/blog\/wp-content\/uploads\/2022\/12\/Origine-des-cadeaux-de-Noel-300x229.jpg 300w\" sizes=\"(max-width: 700px) 100vw, 700px\" \/>\t\t\t\t\t\t\t\t\t\t\t\t\t\t\t<\/div>\n\t\t\t\t<\/div>\n\t\t\t\t\t<\/div>\n\t\t<\/div>\n\t\t\t\t\t<\/div>\n\t\t<\/section>\n\t\t\t\t<section class=\"elementor-section elementor-top-section elementor-element elementor-element-42037f0 elementor-section-boxed elementor-section-height-default elementor-section-height-default\" data-id=\"42037f0\" data-element_type=\"section\">\n\t\t\t\t\t\t<div class=\"elementor-container elementor-column-gap-default\">\n\t\t\t\t\t<div class=\"elementor-column elementor-col-100 elementor-top-column elementor-element elementor-element-0a9eb40\" data-id=\"0a9eb40\" data-element_type=\"column\">\n\t\t\t<div class=\"elementor-widget-wrap elementor-element-populated\">\n\t\t\t\t\t\t<div class=\"elementor-element elementor-element-d91791f elementor-widget elementor-widget-text-editor\" data-id=\"d91791f\" data-element_type=\"widget\" data-widget_type=\"text-editor.default\">\n\t\t\t\t<div class=\"elementor-widget-container\">\n\t\t\t\t\t\t\t\t\t<p>Vous l\u2019avez lu pr\u00e9c\u00e9demment, lors des Saturnales de la Rome antique, les membres de la famille s\u2019offraient d\u00e9j\u00e0 des cadeaux. Cependant, la tradition de s\u2019offrir des cadeaux \u00e0 No\u00ebl semble plut\u00f4t remonter \u00e0 la fin du XIX\u1d49 si\u00e8cle : \u00c0 cette \u00e9poque, la coutume veut que les cadeaux soient offerts aux enfants alors que les adultes s\u2019offrent des \u00e9trennes au nouvel an pour se souhaiter une nouvelle ann\u00e9e riche et prosp\u00e8re. Les \u00e9trennes trouvent leurs origines dans l\u2019Antiquit\u00e9, lorsque les Romains c\u00e9l\u00e9braient le solstice d\u2019hiver sous la protection de la d\u00e9esse de la sant\u00e9, Strenia. (D\u00e9cid\u00e9ment, ce solstice d\u2019hiver est \u00e0 l\u2019origine de beaucoup de traditions.)<br \/>C\u2019est \u00e9galement \u00e0 la fin du XIX\u1d49 si\u00e8cle que le cadeau est emball\u00e9 dans un papier-cadeau et enrubann\u00e9 pour cr\u00e9er un effet de surprise !<\/p><p>Une explication plus \u201cchr\u00e9tienne\u201d relie l\u2019origine des cadeaux de No\u00ebl aux cadeaux offerts par les rois mages \u00e0 J\u00e9sus. On peut le lire dans l\u2019\u00e9vangile de Saint Mathieu : \u00ab Ils entr\u00e8rent dans la maison, virent le petit enfant avec Marie, sa m\u00e8re, se prostern\u00e8rent et l\u2019ador\u00e8rent ; ils ouvrirent ensuite leurs tr\u00e9sors, et lui offrirent en pr\u00e9sent de l\u2019or, de l\u2019encens et de la myrrhe\u00bb (la myrrhe est une gomme r\u00e9sine issue du tronc du balsamier).<\/p><p>C\u2019est au fil du temps et du d\u00e9veloppement des grands magasins, toujours \u00e0 la fin du XIX\u00e8me si\u00e8cle, que les cadeaux de No\u00ebl se sont \u00e9tendus \u00e0 toutes les tranches d\u2019\u00e2ge et \u00e0 toutes les classes sociales.<\/p>\t\t\t\t\t\t\t\t<\/div>\n\t\t\t\t<\/div>\n\t\t\t\t\t<\/div>\n\t\t<\/div>\n\t\t\t\t\t<\/div>\n\t\t<\/section>\n\t\t\t\t<section class=\"elementor-section elementor-top-section elementor-element elementor-element-3bea3c2 elementor-section-boxed elementor-section-height-default elementor-section-height-default\" data-id=\"3bea3c2\" data-element_type=\"section\">\n\t\t\t\t\t\t<div class=\"elementor-container elementor-column-gap-default\">\n\t\t\t\t\t<div class=\"elementor-column elementor-col-100 elementor-top-column elementor-element elementor-element-48c29e4\" data-id=\"48c29e4\" data-element_type=\"column\">\n\t\t\t<div class=\"elementor-widget-wrap elementor-element-populated\">\n\t\t\t\t\t\t<div class=\"elementor-element elementor-element-9aa5573 elementor-widget elementor-widget-text-editor\" data-id=\"9aa5573\" data-element_type=\"widget\" data-widget_type=\"text-editor.default\">\n\t\t\t\t<div class=\"elementor-widget-container\">\n\t\t\t\t\t\t\t\t\t<h3>Trouver LE bon cadeau\u2026<\/h3>\t\t\t\t\t\t\t\t<\/div>\n\t\t\t\t<\/div>\n\t\t\t\t\t<\/div>\n\t\t<\/div>\n\t\t\t\t\t<\/div>\n\t\t<\/section>\n\t\t\t\t<section class=\"elementor-section elementor-top-section elementor-element elementor-element-9acf6e5 elementor-section-boxed elementor-section-height-default elementor-section-height-default\" data-id=\"9acf6e5\" data-element_type=\"section\">\n\t\t\t\t\t\t<div class=\"elementor-container elementor-column-gap-default\">\n\t\t\t\t\t<div class=\"elementor-column elementor-col-100 elementor-top-column elementor-element elementor-element-85bdd6e\" data-id=\"85bdd6e\" data-element_type=\"column\">\n\t\t\t<div class=\"elementor-widget-wrap elementor-element-populated\">\n\t\t\t\t\t\t<div class=\"elementor-element elementor-element-721ecfb elementor-widget elementor-widget-text-editor\" data-id=\"721ecfb\" data-element_type=\"widget\" data-widget_type=\"text-editor.default\">\n\t\t\t\t<div class=\"elementor-widget-container\">\n\t\t\t\t\t\t\t\t\t<p>Chaque ann\u00e9e, c&#8217;est le m\u00eame challenge\u2026 Comment trouver <strong>le cadeau qui fait plaisir sans pour autant se ruiner ?<\/strong><br \/>Si nous n&#8217;avons pas de recette secr\u00e8te et infaillible, nous pouvons vous proposer quelques pistes !<\/p><p><strong>Pensez \u00e0 bien \u00e9couter !<\/strong> Au fil des discussions avec vos proches, soyez attentif lorsqu&#8217;ils se livrent sur leurs envies et leurs besoins, captez les petites id\u00e9es qui se cachent derri\u00e8re des phrases comme &#8220;j&#8217;ai cass\u00e9 mon\u2026&#8221;, &#8220;j&#8217;ai trop envie d&#8217;avoir\u2026&#8221;, &#8220;\u00e7a me manque de ne pas avoir un\u2026&#8221;<\/p><p><strong>Osez l&#8217;originalit\u00e9.<\/strong> Offrez \u00e0 ceux que vous aimez des petits cadeaux originaux dont ils n&#8217;ont pas un besoin imp\u00e9rieux et qui s\u2019av\u00e8rent pourtant tr\u00e8s utiles. Pensez aux petits objets du quotidien qui facilitent la vie et profitez-en pour faire travailler des artisans locaux ou des cr\u00e9ateurs qui travaillent des mati\u00e8res recycl\u00e9es.<\/p>\t\t\t\t\t\t\t\t<\/div>\n\t\t\t\t<\/div>\n\t\t\t\t\t<\/div>\n\t\t<\/div>\n\t\t\t\t\t<\/div>\n\t\t<\/section>\n\t\t\t\t<section class=\"elementor-section elementor-top-section elementor-element elementor-element-47138e7 elementor-section-boxed elementor-section-height-default elementor-section-height-default\" data-id=\"47138e7\" data-element_type=\"section\">\n\t\t\t\t\t\t<div class=\"elementor-container elementor-column-gap-default\">\n\t\t\t\t\t<div class=\"elementor-column elementor-col-100 elementor-top-column elementor-element elementor-element-958dd21\" data-id=\"958dd21\" data-element_type=\"column\">\n\t\t\t<div class=\"elementor-widget-wrap elementor-element-populated\">\n\t\t\t\t\t\t<div class=\"elementor-element elementor-element-de049ae elementor-widget elementor-widget-text-editor\" data-id=\"de049ae\" data-element_type=\"widget\" data-widget_type=\"text-editor.default\">\n\t\t\t\t<div class=\"elementor-widget-container\">\n\t\t\t\t\t\t\t\t\t<h3>Quelle est l\u2019origine de l\u2019orange en cadeau de No\u00ebl ?<\/h3>\t\t\t\t\t\t\t\t<\/div>\n\t\t\t\t<\/div>\n\t\t\t\t\t<\/div>\n\t\t<\/div>\n\t\t\t\t\t<\/div>\n\t\t<\/section>\n\t\t\t\t<section class=\"elementor-section elementor-top-section elementor-element elementor-element-8a829fd elementor-section-boxed elementor-section-height-default elementor-section-height-default\" data-id=\"8a829fd\" data-element_type=\"section\">\n\t\t\t\t\t\t<div class=\"elementor-container elementor-column-gap-default\">\n\t\t\t\t\t<div class=\"elementor-column elementor-col-100 elementor-top-column elementor-element elementor-element-8b96e5a\" data-id=\"8b96e5a\" data-element_type=\"column\">\n\t\t\t<div class=\"elementor-widget-wrap elementor-element-populated\">\n\t\t\t\t\t\t<div class=\"elementor-element elementor-element-22b4cd4 elementor-widget elementor-widget-image\" data-id=\"22b4cd4\" data-element_type=\"widget\" data-widget_type=\"image.default\">\n\t\t\t\t<div class=\"elementor-widget-container\">\n\t\t\t\t\t\t\t\t\t\t\t\t\t\t\t<img loading=\"lazy\" decoding=\"async\" width=\"700\" height=\"534\" src=\"https:\/\/www.macapflag.com\/blog\/wp-content\/uploads\/2022\/12\/Origine-de-lorange-de-Noel.jpg\" class=\"attachment-large size-large wp-image-11671\" alt=\"L&#039;histoire de l&#039;orange de No\u00ebl\" srcset=\"https:\/\/www.macapflag.com\/blog\/wp-content\/uploads\/2022\/12\/Origine-de-lorange-de-Noel.jpg 700w, https:\/\/www.macapflag.com\/blog\/wp-content\/uploads\/2022\/12\/Origine-de-lorange-de-Noel-300x229.jpg 300w\" sizes=\"(max-width: 700px) 100vw, 700px\" \/>\t\t\t\t\t\t\t\t\t\t\t\t\t\t\t<\/div>\n\t\t\t\t<\/div>\n\t\t\t\t\t<\/div>\n\t\t<\/div>\n\t\t\t\t\t<\/div>\n\t\t<\/section>\n\t\t\t\t<section class=\"elementor-section elementor-top-section elementor-element elementor-element-1386c7e elementor-section-boxed elementor-section-height-default elementor-section-height-default\" data-id=\"1386c7e\" data-element_type=\"section\">\n\t\t\t\t\t\t<div class=\"elementor-container elementor-column-gap-default\">\n\t\t\t\t\t<div class=\"elementor-column elementor-col-100 elementor-top-column elementor-element elementor-element-ead75de\" data-id=\"ead75de\" data-element_type=\"column\">\n\t\t\t<div class=\"elementor-widget-wrap elementor-element-populated\">\n\t\t\t\t\t\t<div class=\"elementor-element elementor-element-8af437e elementor-widget elementor-widget-text-editor\" data-id=\"8af437e\" data-element_type=\"widget\" data-widget_type=\"text-editor.default\">\n\t\t\t\t<div class=\"elementor-widget-container\">\n\t\t\t\t\t\t\t\t\t<p>Toujours \u00e0 la fin du XIX\u1d49 si\u00e8cle, les enfants des milieux les moins favoris\u00e9s re\u00e7oivent en cadeau des confiseries, des biscuits, ou le fameux pain d\u2019\u00e9pice. Les enfants sages sont r\u00e9compens\u00e9s par une orange, ce fruit si rare et si cher \u00e0 l\u2019\u00e9poque. Les enfants d\u00e9sob\u00e9issants se voient gratifi\u00e9s d\u2019un morceau de charbon !<\/p>\t\t\t\t\t\t\t\t<\/div>\n\t\t\t\t<\/div>\n\t\t\t\t\t<\/div>\n\t\t<\/div>\n\t\t\t\t\t<\/div>\n\t\t<\/section>\n\t\t\t\t<section class=\"elementor-section elementor-top-section elementor-element elementor-element-a2d173d elementor-section-boxed elementor-section-height-default elementor-section-height-default\" data-id=\"a2d173d\" data-element_type=\"section\">\n\t\t\t\t\t\t<div class=\"elementor-container elementor-column-gap-default\">\n\t\t\t\t\t<div class=\"elementor-column elementor-col-100 elementor-top-column elementor-element elementor-element-8170335\" data-id=\"8170335\" data-element_type=\"column\">\n\t\t\t<div class=\"elementor-widget-wrap elementor-element-populated\">\n\t\t\t\t\t\t<div class=\"elementor-element elementor-element-2255446 elementor-widget elementor-widget-text-editor\" data-id=\"2255446\" data-element_type=\"widget\" data-widget_type=\"text-editor.default\">\n\t\t\t\t<div class=\"elementor-widget-container\">\n\t\t\t\t\t\t\t\t\t<h3>Quand s&#8217;offre-t-on les cadeaux de No\u00ebl ?<\/h3>\t\t\t\t\t\t\t\t<\/div>\n\t\t\t\t<\/div>\n\t\t\t\t\t<\/div>\n\t\t<\/div>\n\t\t\t\t\t<\/div>\n\t\t<\/section>\n\t\t\t\t<section class=\"elementor-section elementor-top-section elementor-element elementor-element-560a2e8 elementor-section-boxed elementor-section-height-default elementor-section-height-default\" data-id=\"560a2e8\" data-element_type=\"section\">\n\t\t\t\t\t\t<div class=\"elementor-container elementor-column-gap-default\">\n\t\t\t\t\t<div class=\"elementor-column elementor-col-100 elementor-top-column elementor-element elementor-element-e75e2b2\" data-id=\"e75e2b2\" data-element_type=\"column\">\n\t\t\t<div class=\"elementor-widget-wrap elementor-element-populated\">\n\t\t\t\t\t\t<div class=\"elementor-element elementor-element-836a928 elementor-widget elementor-widget-image\" data-id=\"836a928\" data-element_type=\"widget\" data-widget_type=\"image.default\">\n\t\t\t\t<div class=\"elementor-widget-container\">\n\t\t\t\t\t\t\t\t\t\t\t\t\t\t\t<img loading=\"lazy\" decoding=\"async\" width=\"700\" height=\"534\" src=\"https:\/\/www.macapflag.com\/blog\/wp-content\/uploads\/2022\/12\/quand-soffre-t-on-les-cadeaux-a-Noel.jpg\" class=\"attachment-large size-large wp-image-11675\" alt=\"Quand s&#039;offre-t-on des cadeaux \u00e0 No\u00ebl ?\" srcset=\"https:\/\/www.macapflag.com\/blog\/wp-content\/uploads\/2022\/12\/quand-soffre-t-on-les-cadeaux-a-Noel.jpg 700w, https:\/\/www.macapflag.com\/blog\/wp-content\/uploads\/2022\/12\/quand-soffre-t-on-les-cadeaux-a-Noel-300x229.jpg 300w\" sizes=\"(max-width: 700px) 100vw, 700px\" \/>\t\t\t\t\t\t\t\t\t\t\t\t\t\t\t<\/div>\n\t\t\t\t<\/div>\n\t\t\t\t\t<\/div>\n\t\t<\/div>\n\t\t\t\t\t<\/div>\n\t\t<\/section>\n\t\t\t\t<section class=\"elementor-section elementor-top-section elementor-element elementor-element-2defe5a elementor-section-boxed elementor-section-height-default elementor-section-height-default\" data-id=\"2defe5a\" data-element_type=\"section\">\n\t\t\t\t\t\t<div class=\"elementor-container elementor-column-gap-default\">\n\t\t\t\t\t<div class=\"elementor-column elementor-col-100 elementor-top-column elementor-element elementor-element-6e92f98\" data-id=\"6e92f98\" data-element_type=\"column\">\n\t\t\t<div class=\"elementor-widget-wrap elementor-element-populated\">\n\t\t\t\t\t\t<div class=\"elementor-element elementor-element-9edc242 elementor-widget elementor-widget-text-editor\" data-id=\"9edc242\" data-element_type=\"widget\" data-widget_type=\"text-editor.default\">\n\t\t\t\t<div class=\"elementor-widget-container\">\n\t\t\t\t\t\t\t\t\t<p>En France, chaque famille a ses habitudes bien ancr\u00e9es ! Parfois les cadeaux sont distribu\u00e9s <strong>le 24 au soir<\/strong>, parfois, c&#8217;est seulement le <strong>25 au matin<\/strong> que l\u2019on d\u00e9couvre les cadeaux d\u00e9pos\u00e9s au pied du sapin.<br \/>Il existe d\u2019autres choix de date pour les cadeaux. En Espagne et en Italie, les cadeaux sont remis <strong>lors de l\u2019\u00e9piphanie le 6 janvier<\/strong> alors que dans le nord et dans l\u2019est de l\u2019Europe, les cadeaux sont distribu\u00e9s \u00e0 l\u2019occasion de la <strong>Saint-Nicolas le 6 d\u00e9cembre.<\/strong><\/p>\t\t\t\t\t\t\t\t<\/div>\n\t\t\t\t<\/div>\n\t\t\t\t\t<\/div>\n\t\t<\/div>\n\t\t\t\t\t<\/div>\n\t\t<\/section>\n\t\t\t\t<section class=\"elementor-section elementor-top-section elementor-element elementor-element-7ef7577 elementor-section-boxed elementor-section-height-default elementor-section-height-default\" data-id=\"7ef7577\" data-element_type=\"section\">\n\t\t\t\t\t\t<div class=\"elementor-container elementor-column-gap-default\">\n\t\t\t\t\t<div class=\"elementor-column elementor-col-100 elementor-top-column elementor-element elementor-element-2d28419\" data-id=\"2d28419\" data-element_type=\"column\">\n\t\t\t<div class=\"elementor-widget-wrap elementor-element-populated\">\n\t\t\t\t\t\t<div class=\"elementor-element elementor-element-3f7ae47 elementor-widget-divider--view-line elementor-widget elementor-widget-divider\" data-id=\"3f7ae47\" data-element_type=\"widget\" data-widget_type=\"divider.default\">\n\t\t\t\t<div class=\"elementor-widget-container\">\n\t\t\t\t\t\t\t<div class=\"elementor-divider\">\n\t\t\t<span class=\"elementor-divider-separator\">\n\t\t\t\t\t\t<\/span>\n\t\t<\/div>\n\t\t\t\t\t\t<\/div>\n\t\t\t\t<\/div>\n\t\t\t\t\t<\/div>\n\t\t<\/div>\n\t\t\t\t\t<\/div>\n\t\t<\/section>\n\t\t\t\t<section class=\"elementor-section elementor-top-section elementor-element elementor-element-29d061c elementor-section-boxed elementor-section-height-default elementor-section-height-default\" data-id=\"29d061c\" data-element_type=\"section\">\n\t\t\t\t\t\t<div class=\"elementor-container elementor-column-gap-default\">\n\t\t\t\t\t<div class=\"elementor-column elementor-col-100 elementor-top-column elementor-element elementor-element-adaa857\" data-id=\"adaa857\" data-element_type=\"column\">\n\t\t\t<div class=\"elementor-widget-wrap elementor-element-populated\">\n\t\t\t\t\t\t<div class=\"elementor-element elementor-element-735352b elementor-widget elementor-widget-text-editor\" data-id=\"735352b\" data-element_type=\"widget\" data-widget_type=\"text-editor.default\">\n\t\t\t\t<div class=\"elementor-widget-container\">\n\t\t\t\t\t\t\t\t\t<h2>Quand est n\u00e9e l\u2019histoire du P\u00e8re No\u00ebl ?<\/h2>\t\t\t\t\t\t\t\t<\/div>\n\t\t\t\t<\/div>\n\t\t\t\t\t<\/div>\n\t\t<\/div>\n\t\t\t\t\t<\/div>\n\t\t<\/section>\n\t\t\t\t<section class=\"elementor-section elementor-top-section elementor-element elementor-element-9ea1693 elementor-section-boxed elementor-section-height-default elementor-section-height-default\" data-id=\"9ea1693\" data-element_type=\"section\">\n\t\t\t\t\t\t<div class=\"elementor-container elementor-column-gap-default\">\n\t\t\t\t\t<div class=\"elementor-column elementor-col-100 elementor-top-column elementor-element elementor-element-393a2fa\" data-id=\"393a2fa\" data-element_type=\"column\">\n\t\t\t<div class=\"elementor-widget-wrap elementor-element-populated\">\n\t\t\t\t\t\t<div class=\"elementor-element elementor-element-b6048d0 elementor-widget elementor-widget-text-editor\" data-id=\"b6048d0\" data-element_type=\"widget\" data-widget_type=\"text-editor.default\">\n\t\t\t\t<div class=\"elementor-widget-container\">\n\t\t\t\t\t\t\t\t\t<p>Plusieurs histoires expliquent l\u2019histoire, voici celle qui regroupe le plus d\u2019adeptes.<\/p>\t\t\t\t\t\t\t\t<\/div>\n\t\t\t\t<\/div>\n\t\t\t\t\t<\/div>\n\t\t<\/div>\n\t\t\t\t\t<\/div>\n\t\t<\/section>\n\t\t\t\t<section class=\"elementor-section elementor-top-section elementor-element elementor-element-95a3806 elementor-section-boxed elementor-section-height-default elementor-section-height-default\" data-id=\"95a3806\" data-element_type=\"section\">\n\t\t\t\t\t\t<div class=\"elementor-container elementor-column-gap-default\">\n\t\t\t\t\t<div class=\"elementor-column elementor-col-100 elementor-top-column elementor-element elementor-element-fa3433b\" data-id=\"fa3433b\" data-element_type=\"column\">\n\t\t\t<div class=\"elementor-widget-wrap elementor-element-populated\">\n\t\t\t\t\t\t<div class=\"elementor-element elementor-element-9cba68e elementor-widget elementor-widget-text-editor\" data-id=\"9cba68e\" data-element_type=\"widget\" data-widget_type=\"text-editor.default\">\n\t\t\t\t<div class=\"elementor-widget-container\">\n\t\t\t\t\t\t\t\t\t<h3>Il y a 1700 ans &#8230;<\/h3>\t\t\t\t\t\t\t\t<\/div>\n\t\t\t\t<\/div>\n\t\t\t\t\t<\/div>\n\t\t<\/div>\n\t\t\t\t\t<\/div>\n\t\t<\/section>\n\t\t\t\t<section class=\"elementor-section elementor-top-section elementor-element elementor-element-3f4bc92 elementor-section-boxed elementor-section-height-default elementor-section-height-default\" data-id=\"3f4bc92\" data-element_type=\"section\">\n\t\t\t\t\t\t<div class=\"elementor-container elementor-column-gap-default\">\n\t\t\t\t\t<div class=\"elementor-column elementor-col-100 elementor-top-column elementor-element elementor-element-4d3f37d\" data-id=\"4d3f37d\" data-element_type=\"column\">\n\t\t\t<div class=\"elementor-widget-wrap elementor-element-populated\">\n\t\t\t\t\t\t<div class=\"elementor-element elementor-element-7610546 elementor-widget elementor-widget-image\" data-id=\"7610546\" data-element_type=\"widget\" data-widget_type=\"image.default\">\n\t\t\t\t<div class=\"elementor-widget-container\">\n\t\t\t\t\t\t\t\t\t\t\t\t\t\t\t<img loading=\"lazy\" decoding=\"async\" width=\"700\" height=\"534\" src=\"https:\/\/www.macapflag.com\/blog\/wp-content\/uploads\/2022\/12\/Lhistoire-du-Pere-Noel.jpg\" class=\"attachment-large size-large wp-image-11668\" alt=\"L&#039;histoire du P\u00e8re No\u00ebl face \u00e0 l&#039;\u00e9glise\" srcset=\"https:\/\/www.macapflag.com\/blog\/wp-content\/uploads\/2022\/12\/Lhistoire-du-Pere-Noel.jpg 700w, https:\/\/www.macapflag.com\/blog\/wp-content\/uploads\/2022\/12\/Lhistoire-du-Pere-Noel-300x229.jpg 300w\" sizes=\"(max-width: 700px) 100vw, 700px\" \/>\t\t\t\t\t\t\t\t\t\t\t\t\t\t\t<\/div>\n\t\t\t\t<\/div>\n\t\t\t\t\t<\/div>\n\t\t<\/div>\n\t\t\t\t\t<\/div>\n\t\t<\/section>\n\t\t\t\t<section class=\"elementor-section elementor-top-section elementor-element elementor-element-0f5fe70 elementor-section-boxed elementor-section-height-default elementor-section-height-default\" data-id=\"0f5fe70\" data-element_type=\"section\">\n\t\t\t\t\t\t<div class=\"elementor-container elementor-column-gap-default\">\n\t\t\t\t\t<div class=\"elementor-column elementor-col-100 elementor-top-column elementor-element elementor-element-b34d23b\" data-id=\"b34d23b\" data-element_type=\"column\">\n\t\t\t<div class=\"elementor-widget-wrap elementor-element-populated\">\n\t\t\t\t\t\t<div class=\"elementor-element elementor-element-309307d elementor-widget elementor-widget-text-editor\" data-id=\"309307d\" data-element_type=\"widget\" data-widget_type=\"text-editor.default\">\n\t\t\t\t<div class=\"elementor-widget-container\">\n\t\t\t\t\t\t\t\t\t<p>Le p\u00e8re No\u00ebl serait originaire d\u2019un riche \u00e9v\u00eaque turc qui avait l\u2019habitude de distribuer des vivres et des pr\u00e9sents aux plus pauvres pendant la nuit. Il s\u2019appelait Nicolas de Myre. <br \/>Canonis\u00e9 par l\u2019\u00e9glise qui souhaitait alors remplacer les personnages des f\u00eates pa\u00efennes par des saints, la Saint-Nicolas du 6 d\u00e9cembre est devenue une f\u00eate religieuse. Au XVI\u1d49 si\u00e8cle, la r\u00e9forme protestante ordonna la suppression de cette f\u00eate. <br \/>Les Hollandais transform\u00e8rent alors Saint Nicolas en Sinter Klaas, un personnage non religieux, mais n\u00e9anmoins distributeur de cadeaux. Lorsque les premiers migrants arrivent aux Etats-Unis, Sinter Klaas devient Santa Claus (P\u00e8re No\u00ebl en fran\u00e7ais).<\/p>\t\t\t\t\t\t\t\t<\/div>\n\t\t\t\t<\/div>\n\t\t\t\t\t<\/div>\n\t\t<\/div>\n\t\t\t\t\t<\/div>\n\t\t<\/section>\n\t\t\t\t<section class=\"elementor-section elementor-top-section elementor-element elementor-element-5f736b4 elementor-section-boxed elementor-section-height-default elementor-section-height-default\" data-id=\"5f736b4\" data-element_type=\"section\">\n\t\t\t\t\t\t<div class=\"elementor-container elementor-column-gap-default\">\n\t\t\t\t\t<div class=\"elementor-column elementor-col-100 elementor-top-column elementor-element elementor-element-6181481\" data-id=\"6181481\" data-element_type=\"column\">\n\t\t\t<div class=\"elementor-widget-wrap elementor-element-populated\">\n\t\t\t\t\t\t<div class=\"elementor-element elementor-element-66dc85f elementor-widget elementor-widget-text-editor\" data-id=\"66dc85f\" data-element_type=\"widget\" data-widget_type=\"text-editor.default\">\n\t\t\t\t<div class=\"elementor-widget-container\">\n\t\t\t\t\t\t\t\t\t<h3>En 1821, \u201cthe night before Christmas\u201d<\/h3>\t\t\t\t\t\t\t\t<\/div>\n\t\t\t\t<\/div>\n\t\t\t\t\t<\/div>\n\t\t<\/div>\n\t\t\t\t\t<\/div>\n\t\t<\/section>\n\t\t\t\t<section class=\"elementor-section elementor-top-section elementor-element elementor-element-8694f14 elementor-section-boxed elementor-section-height-default elementor-section-height-default\" data-id=\"8694f14\" data-element_type=\"section\">\n\t\t\t\t\t\t<div class=\"elementor-container elementor-column-gap-default\">\n\t\t\t\t\t<div class=\"elementor-column elementor-col-100 elementor-top-column elementor-element elementor-element-2d4f919\" data-id=\"2d4f919\" data-element_type=\"column\">\n\t\t\t<div class=\"elementor-widget-wrap elementor-element-populated\">\n\t\t\t\t\t\t<div class=\"elementor-element elementor-element-27c6e5b elementor-widget elementor-widget-image\" data-id=\"27c6e5b\" data-element_type=\"widget\" data-widget_type=\"image.default\">\n\t\t\t\t<div class=\"elementor-widget-container\">\n\t\t\t\t\t\t\t\t\t\t\t\t\t\t\t<img loading=\"lazy\" decoding=\"async\" width=\"700\" height=\"534\" src=\"https:\/\/www.macapflag.com\/blog\/wp-content\/uploads\/2022\/12\/The-night-before-Christmas-Clement-Clarke-Moore.jpg\" class=\"attachment-large size-large wp-image-11676\" alt=\"The night before Christmas Clement Clarke Moore\" srcset=\"https:\/\/www.macapflag.com\/blog\/wp-content\/uploads\/2022\/12\/The-night-before-Christmas-Clement-Clarke-Moore.jpg 700w, https:\/\/www.macapflag.com\/blog\/wp-content\/uploads\/2022\/12\/The-night-before-Christmas-Clement-Clarke-Moore-300x229.jpg 300w\" sizes=\"(max-width: 700px) 100vw, 700px\" \/>\t\t\t\t\t\t\t\t\t\t\t\t\t\t\t<\/div>\n\t\t\t\t<\/div>\n\t\t\t\t\t<\/div>\n\t\t<\/div>\n\t\t\t\t\t<\/div>\n\t\t<\/section>\n\t\t\t\t<section class=\"elementor-section elementor-top-section elementor-element elementor-element-c58bfed elementor-section-boxed elementor-section-height-default elementor-section-height-default\" data-id=\"c58bfed\" data-element_type=\"section\">\n\t\t\t\t\t\t<div class=\"elementor-container elementor-column-gap-default\">\n\t\t\t\t\t<div class=\"elementor-column elementor-col-100 elementor-top-column elementor-element elementor-element-db7ed32\" data-id=\"db7ed32\" data-element_type=\"column\">\n\t\t\t<div class=\"elementor-widget-wrap elementor-element-populated\">\n\t\t\t\t\t\t<div class=\"elementor-element elementor-element-8caa082 elementor-widget elementor-widget-text-editor\" data-id=\"8caa082\" data-element_type=\"widget\" data-widget_type=\"text-editor.default\">\n\t\t\t\t<div class=\"elementor-widget-container\">\n\t\t\t\t\t\t\t\t\t<p>C\u2019est \u00e0 cette date que para\u00eet le conte de No\u00ebl pour enfants \u201cThe Night before Christmas\u201d \u00e9crit par le pasteur Cl\u00e9ment Clarke Moore et traduit dans le monde entier. C\u2019est dans cet ouvrage que Santa Claus appara\u00eet sur un traineau tra\u00een\u00e9 par des rennes. <\/p>\t\t\t\t\t\t\t\t<\/div>\n\t\t\t\t<\/div>\n\t\t\t\t\t<\/div>\n\t\t<\/div>\n\t\t\t\t\t<\/div>\n\t\t<\/section>\n\t\t\t\t<section class=\"elementor-section elementor-top-section elementor-element elementor-element-e526d5e elementor-section-boxed elementor-section-height-default elementor-section-height-default\" data-id=\"e526d5e\" data-element_type=\"section\">\n\t\t\t\t\t\t<div class=\"elementor-container elementor-column-gap-default\">\n\t\t\t\t\t<div class=\"elementor-column elementor-col-100 elementor-top-column elementor-element elementor-element-208b4a9\" data-id=\"208b4a9\" data-element_type=\"column\">\n\t\t\t<div class=\"elementor-widget-wrap elementor-element-populated\">\n\t\t\t\t\t\t<div class=\"elementor-element elementor-element-1d153f7 elementor-widget elementor-widget-text-editor\" data-id=\"1d153f7\" data-element_type=\"widget\" data-widget_type=\"text-editor.default\">\n\t\t\t\t<div class=\"elementor-widget-container\">\n\t\t\t\t\t\t\t\t\t<h3>En 1863, le p\u00e8re No\u00ebl est en tenue<\/h3>\t\t\t\t\t\t\t\t<\/div>\n\t\t\t\t<\/div>\n\t\t\t\t\t<\/div>\n\t\t<\/div>\n\t\t\t\t\t<\/div>\n\t\t<\/section>\n\t\t\t\t<section class=\"elementor-section elementor-top-section elementor-element elementor-element-03c5887 elementor-section-boxed elementor-section-height-default elementor-section-height-default\" data-id=\"03c5887\" data-element_type=\"section\">\n\t\t\t\t\t\t<div class=\"elementor-container elementor-column-gap-default\">\n\t\t\t\t\t<div class=\"elementor-column elementor-col-100 elementor-top-column elementor-element elementor-element-66751cf\" data-id=\"66751cf\" data-element_type=\"column\">\n\t\t\t<div class=\"elementor-widget-wrap elementor-element-populated\">\n\t\t\t\t\t\t<div class=\"elementor-element elementor-element-3c078f9 elementor-widget elementor-widget-image\" data-id=\"3c078f9\" data-element_type=\"widget\" data-widget_type=\"image.default\">\n\t\t\t\t<div class=\"elementor-widget-container\">\n\t\t\t\t\t\t\t\t\t\t\t\t\t\t\t<img loading=\"lazy\" decoding=\"async\" width=\"700\" height=\"534\" src=\"https:\/\/www.macapflag.com\/blog\/wp-content\/uploads\/2022\/12\/1863-le-Pere-Noel-apparait-en-tenue.jpg\" class=\"attachment-large size-large wp-image-11660\" alt=\"En 1863, pour la premi\u00e8re fois, le P\u00e8re No\u00ebl apparait dans sa tenue\" srcset=\"https:\/\/www.macapflag.com\/blog\/wp-content\/uploads\/2022\/12\/1863-le-Pere-Noel-apparait-en-tenue.jpg 700w, https:\/\/www.macapflag.com\/blog\/wp-content\/uploads\/2022\/12\/1863-le-Pere-Noel-apparait-en-tenue-300x229.jpg 300w\" sizes=\"(max-width: 700px) 100vw, 700px\" \/>\t\t\t\t\t\t\t\t\t\t\t\t\t\t\t<\/div>\n\t\t\t\t<\/div>\n\t\t\t\t\t<\/div>\n\t\t<\/div>\n\t\t\t\t\t<\/div>\n\t\t<\/section>\n\t\t\t\t<section class=\"elementor-section elementor-top-section elementor-element elementor-element-f8d37ec elementor-section-boxed elementor-section-height-default elementor-section-height-default\" data-id=\"f8d37ec\" data-element_type=\"section\">\n\t\t\t\t\t\t<div class=\"elementor-container elementor-column-gap-default\">\n\t\t\t\t\t<div class=\"elementor-column elementor-col-100 elementor-top-column elementor-element elementor-element-c16dfbf\" data-id=\"c16dfbf\" data-element_type=\"column\">\n\t\t\t<div class=\"elementor-widget-wrap elementor-element-populated\">\n\t\t\t\t\t\t<div class=\"elementor-element elementor-element-c7fc350 elementor-widget elementor-widget-text-editor\" data-id=\"c7fc350\" data-element_type=\"widget\" data-widget_type=\"text-editor.default\">\n\t\t\t\t<div class=\"elementor-widget-container\">\n\t\t\t\t\t\t\t\t\t<p>Le dessinateur Thomas Nast publie sa premi\u00e8re illustration du p\u00e8re No\u00ebl en tenue bord\u00e9e de fourrure blanche avec une grosse ceinture noire.<\/p>\t\t\t\t\t\t\t\t<\/div>\n\t\t\t\t<\/div>\n\t\t\t\t\t<\/div>\n\t\t<\/div>\n\t\t\t\t\t<\/div>\n\t\t<\/section>\n\t\t\t\t<section class=\"elementor-section elementor-top-section elementor-element elementor-element-4e080be elementor-section-boxed elementor-section-height-default elementor-section-height-default\" data-id=\"4e080be\" data-element_type=\"section\">\n\t\t\t\t\t\t<div class=\"elementor-container elementor-column-gap-default\">\n\t\t\t\t\t<div class=\"elementor-column elementor-col-100 elementor-top-column elementor-element elementor-element-2761293\" data-id=\"2761293\" data-element_type=\"column\">\n\t\t\t<div class=\"elementor-widget-wrap elementor-element-populated\">\n\t\t\t\t\t\t<div class=\"elementor-element elementor-element-592cff1 elementor-widget elementor-widget-text-editor\" data-id=\"592cff1\" data-element_type=\"widget\" data-widget_type=\"text-editor.default\">\n\t\t\t\t<div class=\"elementor-widget-container\">\n\t\t\t\t\t\t\t\t\t<h3>Le P\u00e8re No\u00ebl et Coca Cola\u00ae<\/h3>\t\t\t\t\t\t\t\t<\/div>\n\t\t\t\t<\/div>\n\t\t\t\t\t<\/div>\n\t\t<\/div>\n\t\t\t\t\t<\/div>\n\t\t<\/section>\n\t\t\t\t<section class=\"elementor-section elementor-top-section elementor-element elementor-element-c31d75e elementor-section-boxed elementor-section-height-default elementor-section-height-default\" data-id=\"c31d75e\" data-element_type=\"section\">\n\t\t\t\t\t\t<div class=\"elementor-container elementor-column-gap-default\">\n\t\t\t\t\t<div class=\"elementor-column elementor-col-100 elementor-top-column elementor-element elementor-element-8236fc3\" data-id=\"8236fc3\" data-element_type=\"column\">\n\t\t\t<div class=\"elementor-widget-wrap elementor-element-populated\">\n\t\t\t\t\t\t<div class=\"elementor-element elementor-element-fa2407f elementor-widget elementor-widget-image\" data-id=\"fa2407f\" data-element_type=\"widget\" data-widget_type=\"image.default\">\n\t\t\t\t<div class=\"elementor-widget-container\">\n\t\t\t\t\t\t\t\t\t\t\t\t\t\t\t<img loading=\"lazy\" decoding=\"async\" width=\"700\" height=\"534\" src=\"https:\/\/www.macapflag.com\/blog\/wp-content\/uploads\/2022\/12\/Le-Pere-Noel-et-Coca-Cola.jpg\" class=\"attachment-large size-large wp-image-11665\" alt=\"Le P\u00e8re No\u00ebl et Coca Cola\" srcset=\"https:\/\/www.macapflag.com\/blog\/wp-content\/uploads\/2022\/12\/Le-Pere-Noel-et-Coca-Cola.jpg 700w, https:\/\/www.macapflag.com\/blog\/wp-content\/uploads\/2022\/12\/Le-Pere-Noel-et-Coca-Cola-300x229.jpg 300w\" sizes=\"(max-width: 700px) 100vw, 700px\" \/>\t\t\t\t\t\t\t\t\t\t\t\t\t\t\t<\/div>\n\t\t\t\t<\/div>\n\t\t\t\t\t<\/div>\n\t\t<\/div>\n\t\t\t\t\t<\/div>\n\t\t<\/section>\n\t\t\t\t<section class=\"elementor-section elementor-top-section elementor-element elementor-element-d73b113 elementor-section-boxed elementor-section-height-default elementor-section-height-default\" data-id=\"d73b113\" data-element_type=\"section\">\n\t\t\t\t\t\t<div class=\"elementor-container elementor-column-gap-default\">\n\t\t\t\t\t<div class=\"elementor-column elementor-col-100 elementor-top-column elementor-element elementor-element-b374045\" data-id=\"b374045\" data-element_type=\"column\">\n\t\t\t<div class=\"elementor-widget-wrap elementor-element-populated\">\n\t\t\t\t\t\t<div class=\"elementor-element elementor-element-a3cdb57 elementor-widget elementor-widget-text-editor\" data-id=\"a3cdb57\" data-element_type=\"widget\" data-widget_type=\"text-editor.default\">\n\t\t\t\t<div class=\"elementor-widget-container\">\n\t\t\t\t\t\t\t\t\t<p>\u00c0 partir de 1931, la marque utilise le p\u00e8re No\u00ebl dans ses publicit\u00e9s et le p\u00e8re No\u00ebl se retrouve naturellement habill\u00e9 aux couleurs de la marque, en rouge et blanc.<br \/>C\u2019est \u00e0 partir de cette \u00e9poque que le P\u00e8re No\u00ebl devient une star mondiale au grand dam de l\u2019\u00c9glise Catholique qui regrette cet amalgame entre le P\u00e8re No\u00ebl et la naissance de J\u00e9sus. En 1952, des \u00e9v\u00eaques publient m\u00eame une mise en garde officielle pour lutter contre ce ph\u00e9nom\u00e8ne.<\/p>\t\t\t\t\t\t\t\t<\/div>\n\t\t\t\t<\/div>\n\t\t\t\t\t<\/div>\n\t\t<\/div>\n\t\t\t\t\t<\/div>\n\t\t<\/section>\n\t\t\t\t<section class=\"elementor-section elementor-top-section elementor-element elementor-element-f830cd0 elementor-section-boxed elementor-section-height-default elementor-section-height-default\" data-id=\"f830cd0\" data-element_type=\"section\">\n\t\t\t\t\t\t<div class=\"elementor-container elementor-column-gap-default\">\n\t\t\t\t\t<div class=\"elementor-column elementor-col-100 elementor-top-column elementor-element elementor-element-cd713f2\" data-id=\"cd713f2\" data-element_type=\"column\">\n\t\t\t<div class=\"elementor-widget-wrap elementor-element-populated\">\n\t\t\t\t\t\t<div class=\"elementor-element elementor-element-33265ae elementor-widget-divider--view-line elementor-widget elementor-widget-divider\" data-id=\"33265ae\" data-element_type=\"widget\" data-widget_type=\"divider.default\">\n\t\t\t\t<div class=\"elementor-widget-container\">\n\t\t\t\t\t\t\t<div class=\"elementor-divider\">\n\t\t\t<span class=\"elementor-divider-separator\">\n\t\t\t\t\t\t<\/span>\n\t\t<\/div>\n\t\t\t\t\t\t<\/div>\n\t\t\t\t<\/div>\n\t\t\t\t\t<\/div>\n\t\t<\/div>\n\t\t\t\t\t<\/div>\n\t\t<\/section>\n\t\t\t\t<section class=\"elementor-section elementor-top-section elementor-element elementor-element-2689676 elementor-section-boxed elementor-section-height-default elementor-section-height-default\" data-id=\"2689676\" data-element_type=\"section\">\n\t\t\t\t\t\t<div class=\"elementor-container elementor-column-gap-default\">\n\t\t\t\t\t<div class=\"elementor-column elementor-col-100 elementor-top-column elementor-element elementor-element-a771551\" data-id=\"a771551\" data-element_type=\"column\">\n\t\t\t<div class=\"elementor-widget-wrap elementor-element-populated\">\n\t\t\t\t\t\t<div class=\"elementor-element elementor-element-f04e1ac elementor-widget elementor-widget-text-editor\" data-id=\"f04e1ac\" data-element_type=\"widget\" data-widget_type=\"text-editor.default\">\n\t\t\t\t<div class=\"elementor-widget-container\">\n\t\t\t\t\t\t\t\t\t<h2>Pourquoi installe-t-on un sapin \u00e0 No\u00ebl ?<\/h2>\t\t\t\t\t\t\t\t<\/div>\n\t\t\t\t<\/div>\n\t\t\t\t\t<\/div>\n\t\t<\/div>\n\t\t\t\t\t<\/div>\n\t\t<\/section>\n\t\t\t\t<section class=\"elementor-section elementor-top-section elementor-element elementor-element-aab4c12 elementor-section-boxed elementor-section-height-default elementor-section-height-default\" data-id=\"aab4c12\" data-element_type=\"section\">\n\t\t\t\t\t\t<div class=\"elementor-container elementor-column-gap-default\">\n\t\t\t\t\t<div class=\"elementor-column elementor-col-100 elementor-top-column elementor-element elementor-element-1fe45e8\" data-id=\"1fe45e8\" data-element_type=\"column\">\n\t\t\t<div class=\"elementor-widget-wrap elementor-element-populated\">\n\t\t\t\t\t\t<div class=\"elementor-element elementor-element-03c5df5 elementor-widget elementor-widget-image\" data-id=\"03c5df5\" data-element_type=\"widget\" data-widget_type=\"image.default\">\n\t\t\t\t<div class=\"elementor-widget-container\">\n\t\t\t\t\t\t\t\t\t\t\t\t\t\t\t<img loading=\"lazy\" decoding=\"async\" width=\"700\" height=\"534\" src=\"https:\/\/www.macapflag.com\/blog\/wp-content\/uploads\/2022\/12\/Lorigine-du-sapin-de-Noel.jpg\" class=\"attachment-large size-large wp-image-11669\" alt=\"Pourquoi installe-t-on un sapin \u00e0 No\u00ebl ?\" srcset=\"https:\/\/www.macapflag.com\/blog\/wp-content\/uploads\/2022\/12\/Lorigine-du-sapin-de-Noel.jpg 700w, https:\/\/www.macapflag.com\/blog\/wp-content\/uploads\/2022\/12\/Lorigine-du-sapin-de-Noel-300x229.jpg 300w\" sizes=\"(max-width: 700px) 100vw, 700px\" \/>\t\t\t\t\t\t\t\t\t\t\t\t\t\t\t<\/div>\n\t\t\t\t<\/div>\n\t\t\t\t\t<\/div>\n\t\t<\/div>\n\t\t\t\t\t<\/div>\n\t\t<\/section>\n\t\t\t\t<section class=\"elementor-section elementor-top-section elementor-element elementor-element-698adc5 elementor-section-boxed elementor-section-height-default elementor-section-height-default\" data-id=\"698adc5\" data-element_type=\"section\">\n\t\t\t\t\t\t<div class=\"elementor-container elementor-column-gap-default\">\n\t\t\t\t\t<div class=\"elementor-column elementor-col-100 elementor-top-column elementor-element elementor-element-9abbf54\" data-id=\"9abbf54\" data-element_type=\"column\">\n\t\t\t<div class=\"elementor-widget-wrap elementor-element-populated\">\n\t\t\t\t\t\t<div class=\"elementor-element elementor-element-7e42717 elementor-widget elementor-widget-text-editor\" data-id=\"7e42717\" data-element_type=\"widget\" data-widget_type=\"text-editor.default\">\n\t\t\t\t<div class=\"elementor-widget-container\">\n\t\t\t\t\t\t\t\t\t<p>La pr\u00e9sence d\u2019un sapin pour No\u00ebl serait originaire des pays nordiques, de la Lettonie ou de l\u2019Estonie qui revendiquent chacun cette invention. Nous avons \u00e9galement vu pr\u00e9c\u00e9demment que depuis l\u2019antiquit\u00e9, on c\u00e9l\u00e9brait de mani\u00e8re pa\u00efenne le solstice d\u2019hiver en d\u00e9corant les maisons de branches de conif\u00e8res. D\u2019autres historiens placent l\u2019origine du sapin de No\u00ebl en Alsace alors qu\u2019elle faisait partie de l\u2019Allemagne.<br \/>Quelle que soit l\u2019origine, la question de l\u2019aspect religieux ou totalement pa\u00efen du sapin demeure.<br \/>Il semblerait que la d\u00e9coration du sapin avec des lumi\u00e8res serait une id\u00e9e de Luther, le c\u00e9l\u00e8bre r\u00e9formateur protestant qui aurait ainsi souhait\u00e9 reproduire l\u2019image d\u2019une for\u00eat sous un ciel \u00e9toil\u00e9.<br \/>Aujourd\u2019hui les guirlandes \u00e9lectriques ont remplac\u00e9 les bougies et les sapins illumin\u00e9s se retrouvent aussi bien dans les maisons que sur les places des centres-villes. <\/p>\t\t\t\t\t\t\t\t<\/div>\n\t\t\t\t<\/div>\n\t\t\t\t\t<\/div>\n\t\t<\/div>\n\t\t\t\t\t<\/div>\n\t\t<\/section>\n\t\t\t\t<section class=\"elementor-section elementor-top-section elementor-element elementor-element-a651293 elementor-section-boxed elementor-section-height-default elementor-section-height-default\" data-id=\"a651293\" data-element_type=\"section\">\n\t\t\t\t\t\t<div class=\"elementor-container elementor-column-gap-default\">\n\t\t\t\t\t<div class=\"elementor-column elementor-col-100 elementor-top-column elementor-element elementor-element-f69b3e5\" data-id=\"f69b3e5\" data-element_type=\"column\">\n\t\t\t<div class=\"elementor-widget-wrap elementor-element-populated\">\n\t\t\t\t\t\t<div class=\"elementor-element elementor-element-b07c639 elementor-widget-divider--view-line elementor-widget elementor-widget-divider\" data-id=\"b07c639\" data-element_type=\"widget\" data-widget_type=\"divider.default\">\n\t\t\t\t<div class=\"elementor-widget-container\">\n\t\t\t\t\t\t\t<div class=\"elementor-divider\">\n\t\t\t<span class=\"elementor-divider-separator\">\n\t\t\t\t\t\t<\/span>\n\t\t<\/div>\n\t\t\t\t\t\t<\/div>\n\t\t\t\t<\/div>\n\t\t\t\t\t<\/div>\n\t\t<\/div>\n\t\t\t\t\t<\/div>\n\t\t<\/section>\n\t\t\t\t<section class=\"elementor-section elementor-top-section elementor-element elementor-element-2c3d4b0 elementor-section-boxed elementor-section-height-default elementor-section-height-default\" data-id=\"2c3d4b0\" data-element_type=\"section\">\n\t\t\t\t\t\t<div class=\"elementor-container elementor-column-gap-default\">\n\t\t\t\t\t<div class=\"elementor-column elementor-col-100 elementor-top-column elementor-element elementor-element-da27068\" data-id=\"da27068\" data-element_type=\"column\">\n\t\t\t<div class=\"elementor-widget-wrap elementor-element-populated\">\n\t\t\t\t\t\t<div class=\"elementor-element elementor-element-015806c elementor-widget elementor-widget-text-editor\" data-id=\"015806c\" data-element_type=\"widget\" data-widget_type=\"text-editor.default\">\n\t\t\t\t<div class=\"elementor-widget-container\">\n\t\t\t\t\t\t\t\t\t<h2>Pourquoi installe-t-on une cr\u00e8che \u00e0 No\u00ebl ?<\/h2>\t\t\t\t\t\t\t\t<\/div>\n\t\t\t\t<\/div>\n\t\t\t\t\t<\/div>\n\t\t<\/div>\n\t\t\t\t\t<\/div>\n\t\t<\/section>\n\t\t\t\t<section class=\"elementor-section elementor-top-section elementor-element elementor-element-9c60bdf elementor-section-boxed elementor-section-height-default elementor-section-height-default\" data-id=\"9c60bdf\" data-element_type=\"section\">\n\t\t\t\t\t\t<div class=\"elementor-container elementor-column-gap-default\">\n\t\t\t\t\t<div class=\"elementor-column elementor-col-100 elementor-top-column elementor-element elementor-element-1cef3d0\" data-id=\"1cef3d0\" data-element_type=\"column\">\n\t\t\t<div class=\"elementor-widget-wrap elementor-element-populated\">\n\t\t\t\t\t\t<div class=\"elementor-element elementor-element-cbf8d8a elementor-widget elementor-widget-image\" data-id=\"cbf8d8a\" data-element_type=\"widget\" data-widget_type=\"image.default\">\n\t\t\t\t<div class=\"elementor-widget-container\">\n\t\t\t\t\t\t\t\t\t\t\t\t\t\t\t<img loading=\"lazy\" decoding=\"async\" width=\"700\" height=\"534\" src=\"https:\/\/www.macapflag.com\/blog\/wp-content\/uploads\/2022\/12\/La-creche-de-Noel-traditionnelle.jpg\" class=\"attachment-large size-large wp-image-11664\" alt=\"La cr\u00e8che de No\u00ebl\" srcset=\"https:\/\/www.macapflag.com\/blog\/wp-content\/uploads\/2022\/12\/La-creche-de-Noel-traditionnelle.jpg 700w, https:\/\/www.macapflag.com\/blog\/wp-content\/uploads\/2022\/12\/La-creche-de-Noel-traditionnelle-300x229.jpg 300w\" sizes=\"(max-width: 700px) 100vw, 700px\" \/>\t\t\t\t\t\t\t\t\t\t\t\t\t\t\t<\/div>\n\t\t\t\t<\/div>\n\t\t\t\t\t<\/div>\n\t\t<\/div>\n\t\t\t\t\t<\/div>\n\t\t<\/section>\n\t\t\t\t<section class=\"elementor-section elementor-top-section elementor-element elementor-element-dba70db elementor-section-boxed elementor-section-height-default elementor-section-height-default\" data-id=\"dba70db\" data-element_type=\"section\">\n\t\t\t\t\t\t<div class=\"elementor-container elementor-column-gap-default\">\n\t\t\t\t\t<div class=\"elementor-column elementor-col-100 elementor-top-column elementor-element elementor-element-f33e6bb\" data-id=\"f33e6bb\" data-element_type=\"column\">\n\t\t\t<div class=\"elementor-widget-wrap elementor-element-populated\">\n\t\t\t\t\t\t<div class=\"elementor-element elementor-element-4706020 elementor-widget elementor-widget-text-editor\" data-id=\"4706020\" data-element_type=\"widget\" data-widget_type=\"text-editor.default\">\n\t\t\t\t<div class=\"elementor-widget-container\">\n\t\t\t\t\t\t\t\t\t<p>Contrairement au sapin, la cr\u00e8che est clairement rattach\u00e9e au christianisme. La cr\u00e8che c\u00e9l\u00e8bre la f\u00eate de No\u00ebl et la naissance de J\u00e9sus. Quelle que soit la taille des personnages, la cr\u00e8che met en sc\u00e8ne la naissance de J\u00e9sus avec Marie sa m\u00e8re, Joseph son p\u00e8re, les anges, les bergers avec leurs moutons, les mages et les animaux. \u00c9ventuellement, d\u2019autres personnages de la vie quotidienne peuvent \u00e9galement \u00eatre pr\u00e9sents pour montrer que chaque homme est concern\u00e9 par No\u00ebl. Puis viennent les rois mages lors de l\u2019\u00c9piphanie.<\/p>\t\t\t\t\t\t\t\t<\/div>\n\t\t\t\t<\/div>\n\t\t\t\t\t<\/div>\n\t\t<\/div>\n\t\t\t\t\t<\/div>\n\t\t<\/section>\n\t\t\t\t<section class=\"elementor-section elementor-top-section elementor-element elementor-element-53c0c84 elementor-section-boxed elementor-section-height-default elementor-section-height-default\" data-id=\"53c0c84\" data-element_type=\"section\">\n\t\t\t\t\t\t<div class=\"elementor-container elementor-column-gap-default\">\n\t\t\t\t\t<div class=\"elementor-column elementor-col-100 elementor-top-column elementor-element elementor-element-500ede8\" data-id=\"500ede8\" data-element_type=\"column\">\n\t\t\t<div class=\"elementor-widget-wrap elementor-element-populated\">\n\t\t\t\t\t\t<div class=\"elementor-element elementor-element-4caf85c elementor-widget elementor-widget-text-editor\" data-id=\"4caf85c\" data-element_type=\"widget\" data-widget_type=\"text-editor.default\">\n\t\t\t\t<div class=\"elementor-widget-container\">\n\t\t\t\t\t\t\t\t\t<h3>Quand installe-t-on la cr\u00e8che et pour quelle dur\u00e9e ?<\/h3>\t\t\t\t\t\t\t\t<\/div>\n\t\t\t\t<\/div>\n\t\t\t\t\t<\/div>\n\t\t<\/div>\n\t\t\t\t\t<\/div>\n\t\t<\/section>\n\t\t\t\t<section class=\"elementor-section elementor-top-section elementor-element elementor-element-877ba88 elementor-section-boxed elementor-section-height-default elementor-section-height-default\" data-id=\"877ba88\" data-element_type=\"section\">\n\t\t\t\t\t\t<div class=\"elementor-container elementor-column-gap-default\">\n\t\t\t\t\t<div class=\"elementor-column elementor-col-100 elementor-top-column elementor-element elementor-element-dd56242\" data-id=\"dd56242\" data-element_type=\"column\">\n\t\t\t<div class=\"elementor-widget-wrap elementor-element-populated\">\n\t\t\t\t\t\t<div class=\"elementor-element elementor-element-6afdc55 elementor-widget elementor-widget-image\" data-id=\"6afdc55\" data-element_type=\"widget\" data-widget_type=\"image.default\">\n\t\t\t\t<div class=\"elementor-widget-container\">\n\t\t\t\t\t\t\t\t\t\t\t\t\t\t\t<img loading=\"lazy\" decoding=\"async\" width=\"700\" height=\"534\" src=\"https:\/\/www.macapflag.com\/blog\/wp-content\/uploads\/2022\/12\/Les-rois-mages-dans-la-creche-de-Noel.jpg\" class=\"attachment-large size-large wp-image-11667\" alt=\"Les rois mages dans la cr\u00e8che\" srcset=\"https:\/\/www.macapflag.com\/blog\/wp-content\/uploads\/2022\/12\/Les-rois-mages-dans-la-creche-de-Noel.jpg 700w, https:\/\/www.macapflag.com\/blog\/wp-content\/uploads\/2022\/12\/Les-rois-mages-dans-la-creche-de-Noel-300x229.jpg 300w\" sizes=\"(max-width: 700px) 100vw, 700px\" \/>\t\t\t\t\t\t\t\t\t\t\t\t\t\t\t<\/div>\n\t\t\t\t<\/div>\n\t\t\t\t\t<\/div>\n\t\t<\/div>\n\t\t\t\t\t<\/div>\n\t\t<\/section>\n\t\t\t\t<section class=\"elementor-section elementor-top-section elementor-element elementor-element-928f573 elementor-section-boxed elementor-section-height-default elementor-section-height-default\" data-id=\"928f573\" data-element_type=\"section\">\n\t\t\t\t\t\t<div class=\"elementor-container elementor-column-gap-default\">\n\t\t\t\t\t<div class=\"elementor-column elementor-col-100 elementor-top-column elementor-element elementor-element-deb961a\" data-id=\"deb961a\" data-element_type=\"column\">\n\t\t\t<div class=\"elementor-widget-wrap elementor-element-populated\">\n\t\t\t\t\t\t<div class=\"elementor-element elementor-element-ea2bafa elementor-widget elementor-widget-text-editor\" data-id=\"ea2bafa\" data-element_type=\"widget\" data-widget_type=\"text-editor.default\">\n\t\t\t\t<div class=\"elementor-widget-container\">\n\t\t\t\t\t\t\t\t\t<p>La coutume est d\u2019installer la cr\u00e8che le premier dimanche de l\u2019Avent et de la garder jusqu\u2019apr\u00e8s l\u2019\u00c9piphanie. Certains gardent la tradition ancienne de l\u2019exposer jusqu\u2019au 2 f\u00e9vrier, la f\u00eate de la chandeleur, la pr\u00e9sentation de J\u00e9sus au temple, 40 jours apr\u00e8s No\u00ebl.<br \/>Les rois mages sont install\u00e9s dans la cr\u00e8che le 6 janvier, jour de l\u2019\u00e9piphanie, lorsque J\u00e9sus a \u00e9t\u00e9 pr\u00e9sent\u00e9 aux rois mages venus l\u2019adorer. Lorsqu\u2019ils ont appris la naissance de l\u2019enfant J\u00e9sus, Gaspard, Melchior et Balthazar sont venus d\u2019Orient, guid\u00e9s par une \u00e9toile et charg\u00e9s de pr\u00e9sents symbolisant la richesse (l\u2019or, l\u2019encens et la myrrhe).<\/p>\t\t\t\t\t\t\t\t<\/div>\n\t\t\t\t<\/div>\n\t\t\t\t\t<\/div>\n\t\t<\/div>\n\t\t\t\t\t<\/div>\n\t\t<\/section>\n\t\t\t\t<section class=\"elementor-section elementor-top-section elementor-element elementor-element-214de14 elementor-section-boxed elementor-section-height-default elementor-section-height-default\" data-id=\"214de14\" data-element_type=\"section\">\n\t\t\t\t\t\t<div class=\"elementor-container elementor-column-gap-default\">\n\t\t\t\t\t<div class=\"elementor-column elementor-col-100 elementor-top-column elementor-element elementor-element-0bf2a98\" data-id=\"0bf2a98\" data-element_type=\"column\">\n\t\t\t<div class=\"elementor-widget-wrap elementor-element-populated\">\n\t\t\t\t\t\t<div class=\"elementor-element elementor-element-df5cbb9 elementor-widget-divider--view-line elementor-widget elementor-widget-divider\" data-id=\"df5cbb9\" data-element_type=\"widget\" data-widget_type=\"divider.default\">\n\t\t\t\t<div class=\"elementor-widget-container\">\n\t\t\t\t\t\t\t<div class=\"elementor-divider\">\n\t\t\t<span class=\"elementor-divider-separator\">\n\t\t\t\t\t\t<\/span>\n\t\t<\/div>\n\t\t\t\t\t\t<\/div>\n\t\t\t\t<\/div>\n\t\t\t\t\t<\/div>\n\t\t<\/div>\n\t\t\t\t\t<\/div>\n\t\t<\/section>\n\t\t\t\t<section class=\"elementor-section elementor-top-section elementor-element elementor-element-84ec5bc elementor-section-boxed elementor-section-height-default elementor-section-height-default\" data-id=\"84ec5bc\" data-element_type=\"section\">\n\t\t\t\t\t\t<div class=\"elementor-container elementor-column-gap-default\">\n\t\t\t\t\t<div class=\"elementor-column elementor-col-100 elementor-top-column elementor-element elementor-element-5c91ee7\" data-id=\"5c91ee7\" data-element_type=\"column\">\n\t\t\t<div class=\"elementor-widget-wrap elementor-element-populated\">\n\t\t\t\t\t\t<div class=\"elementor-element elementor-element-8756045 elementor-widget elementor-widget-text-editor\" data-id=\"8756045\" data-element_type=\"widget\" data-widget_type=\"text-editor.default\">\n\t\t\t\t<div class=\"elementor-widget-container\">\n\t\t\t\t\t\t\t\t\t<h2>C\u00e9l\u00e9brez No\u00ebl avec Macap<\/h2>\t\t\t\t\t\t\t\t<\/div>\n\t\t\t\t<\/div>\n\t\t\t\t\t<\/div>\n\t\t<\/div>\n\t\t\t\t\t<\/div>\n\t\t<\/section>\n\t\t\t\t<section class=\"elementor-section elementor-top-section elementor-element elementor-element-4d06eb8 elementor-section-boxed elementor-section-height-default elementor-section-height-default\" data-id=\"4d06eb8\" data-element_type=\"section\">\n\t\t\t\t\t\t<div class=\"elementor-container elementor-column-gap-default\">\n\t\t\t\t\t<div class=\"elementor-column elementor-col-100 elementor-top-column elementor-element elementor-element-5a1a2d2\" data-id=\"5a1a2d2\" data-element_type=\"column\">\n\t\t\t<div class=\"elementor-widget-wrap elementor-element-populated\">\n\t\t\t\t\t\t<div class=\"elementor-element elementor-element-8b36d56 elementor-widget elementor-widget-text-editor\" data-id=\"8b36d56\" data-element_type=\"widget\" data-widget_type=\"text-editor.default\">\n\t\t\t\t<div class=\"elementor-widget-container\">\n\t\t\t\t\t\t\t\t\t<p>Macap accompagne tous vos \u00e9v\u00e8nements. Retrouvez nos supports de communication de la th\u00e9matique No\u00ebl \u00e0 commander en un clic !<\/p><p>Quelques exemples ci-dessous :<\/p>\t\t\t\t\t\t\t\t<\/div>\n\t\t\t\t<\/div>\n\t\t\t\t\t<\/div>\n\t\t<\/div>\n\t\t\t\t\t<\/div>\n\t\t<\/section>\n\t\t\t\t<section class=\"elementor-section elementor-top-section elementor-element elementor-element-26a8287 elementor-section-boxed elementor-section-height-default elementor-section-height-default\" data-id=\"26a8287\" data-element_type=\"section\">\n\t\t\t\t\t\t<div class=\"elementor-container elementor-column-gap-default\">\n\t\t\t\t\t<div class=\"elementor-column elementor-col-33 elementor-top-column elementor-element elementor-element-f24f200\" data-id=\"f24f200\" data-element_type=\"column\">\n\t\t\t<div class=\"elementor-widget-wrap elementor-element-populated\">\n\t\t\t\t\t\t<div class=\"elementor-element elementor-element-e46d6c9 elementor-widget elementor-widget-shortcode\" data-id=\"e46d6c9\" data-element_type=\"widget\" data-widget_type=\"shortcode.default\">\n\t\t\t\t<div class=\"elementor-widget-container\">\n\t\t\t\t\t\t\t<div class=\"elementor-shortcode\"><div class=\"container p-0 m-0\">\n    <div class=\"row m-0 border\">\n        <div class=\"col-12 grid-didpd-body text-center\">\n            <img decoding=\"async\" src=\"https:\/\/www.macapflag.com\/1858253-home_default\/banderole-pvc-oeillets-100x400-cmplv-joyeux-noel-modele-5.jpg\" alt=\"Banderole b&acirc;che PVC Joyeux No&euml;l\" class=\"mx-auto\" \/>\n            <div class=\"grid-didpd-text\">\n                <a href=\"https:\/\/www.macapflag.com\/plv-fetes-annuelles\/791879-banderole-pvc-oeillets-100x400-cmplv-joyeux-noel-modele-5.html\" target=\"_blank\" class=\"stretched-link\">\n                    <h3>Banderole b\u00e2che PVC Joyeux No\u00ebl<\/h3>\n                <\/a>\n            <\/div>\n                        <p class=\"text-center font-weight-bold\">57,00 \u20ac HT<\/p>            <div class=\"text-center\">\n                <button class=\"btn btn-primary\">Je commande<\/button>\n            <\/div>\n        <\/div>\n    <\/div>\n<\/div>\n<\/div>\n\t\t\t\t\t\t<\/div>\n\t\t\t\t<\/div>\n\t\t\t\t\t<\/div>\n\t\t<\/div>\n\t\t\t\t<div class=\"elementor-column elementor-col-33 elementor-top-column elementor-element elementor-element-15b14f5\" data-id=\"15b14f5\" data-element_type=\"column\">\n\t\t\t<div class=\"elementor-widget-wrap elementor-element-populated\">\n\t\t\t\t\t\t<div class=\"elementor-element elementor-element-8ca4d4d elementor-widget elementor-widget-shortcode\" data-id=\"8ca4d4d\" data-element_type=\"widget\" data-widget_type=\"shortcode.default\">\n\t\t\t\t<div class=\"elementor-widget-container\">\n\t\t\t\t\t\t\t<div class=\"elementor-shortcode\"><div class=\"container p-0 m-0\">\n    <div class=\"row m-0 border\">\n        <div class=\"col-12 grid-didpd-body text-center\">\n            <img decoding=\"async\" src=\"https:\/\/www.macapflag.com\/1858248-home_default\/roll-up-80x200-cmvisuel-joyeux-noel-modele-5.jpg\" alt=\"Roll Up Display sp&eacute;cial Joyeux No&euml;l\" class=\"mx-auto\" \/>\n            <div class=\"grid-didpd-text\">\n                <a href=\"https:\/\/www.macapflag.com\/plv-fetes-annuelles\/791874-roll-up-80x200-cmvisuel-joyeux-noel-modele-5.html\" target=\"_blank\" class=\"stretched-link\">\n                    <h3>Roll Up Display sp\u00e9cial Joyeux No\u00ebl<\/h3>\n                <\/a>\n            <\/div>\n                        <p class=\"text-center font-weight-bold\">51,30 \u20ac HT<\/p>            <div class=\"text-center\">\n                <button class=\"btn btn-primary\">Je commande<\/button>\n            <\/div>\n        <\/div>\n    <\/div>\n<\/div>\n<\/div>\n\t\t\t\t\t\t<\/div>\n\t\t\t\t<\/div>\n\t\t\t\t\t<\/div>\n\t\t<\/div>\n\t\t\t\t<div class=\"elementor-column elementor-col-33 elementor-top-column elementor-element elementor-element-291541e\" data-id=\"291541e\" data-element_type=\"column\">\n\t\t\t<div class=\"elementor-widget-wrap elementor-element-populated\">\n\t\t\t\t\t\t<div class=\"elementor-element elementor-element-8540815 elementor-widget elementor-widget-shortcode\" data-id=\"8540815\" data-element_type=\"widget\" data-widget_type=\"shortcode.default\">\n\t\t\t\t<div class=\"elementor-widget-container\">\n\t\t\t\t\t\t\t<div class=\"elementor-shortcode\"><div class=\"container p-0 m-0\">\n    <div class=\"row m-0 border\">\n        <div class=\"col-12 grid-didpd-body text-center\">\n            <img decoding=\"async\" src=\"https:\/\/www.macapflag.com\/1858250-home_default\/beach-flag-oriflamme-classique-28-mvisuel-joyeux-noel-modele-5.jpg\" alt=\"Oriflamme Beach Flag Joyeux No&euml;l\" class=\"mx-auto\" \/>\n            <div class=\"grid-didpd-text\">\n                <a href=\"https:\/\/www.macapflag.com\/plv-fetes-annuelles\/791876-beach-flag-oriflamme-classique-28-mvisuel-joyeux-noel-modele-5.html\" target=\"_blank\" class=\"stretched-link\">\n                    <h3>Oriflamme Beach Flag Joyeux No\u00ebl<\/h3>\n                <\/a>\n            <\/div>\n                        <p class=\"text-center font-weight-bold\">112,10 \u20ac HT<\/p>            <div class=\"text-center\">\n                <button class=\"btn btn-primary\">Je commande<\/button>\n            <\/div>\n        <\/div>\n    <\/div>\n<\/div>\n<\/div>\n\t\t\t\t\t\t<\/div>\n\t\t\t\t<\/div>\n\t\t\t\t\t<\/div>\n\t\t<\/div>\n\t\t\t\t\t<\/div>\n\t\t<\/section>\n\t\t\t\t<section class=\"elementor-section elementor-top-section elementor-element elementor-element-dcc7a7d elementor-section-boxed elementor-section-height-default elementor-section-height-default\" data-id=\"dcc7a7d\" data-element_type=\"section\">\n\t\t\t\t\t\t<div class=\"elementor-container elementor-column-gap-default\">\n\t\t\t\t\t<div class=\"elementor-column elementor-col-33 elementor-top-column elementor-element elementor-element-3cea598\" data-id=\"3cea598\" data-element_type=\"column\">\n\t\t\t<div class=\"elementor-widget-wrap elementor-element-populated\">\n\t\t\t\t\t\t<div class=\"elementor-element elementor-element-98bd80f elementor-widget elementor-widget-shortcode\" data-id=\"98bd80f\" data-element_type=\"widget\" data-widget_type=\"shortcode.default\">\n\t\t\t\t<div class=\"elementor-widget-container\">\n\t\t\t\t\t\t\t<div class=\"elementor-shortcode\"><div class=\"container p-0 m-0\">\n    <div class=\"row m-0 border\">\n        <div class=\"col-12 grid-didpd-body text-center\">\n            <img decoding=\"async\" src=\"https:\/\/www.macapflag.com\/1858229-home_default\/beach-flag-oriflamme-potence-350-mvisuel-joyeux-noel-modele-4.jpg\" alt=\"Beach Flag Potence Joyeux No&euml;l\" class=\"mx-auto\" \/>\n            <div class=\"grid-didpd-text\">\n                <a href=\"https:\/\/www.macapflag.com\/plv-fetes-annuelles\/791869-beach-flag-oriflamme-potence-350-mvisuel-joyeux-noel-modele-4.html\" target=\"_blank\" class=\"stretched-link\">\n                    <h3>Beach Flag Potence Joyeux No\u00ebl<\/h3>\n                <\/a>\n            <\/div>\n                        <p class=\"text-center font-weight-bold\">142,50 \u20ac HT<\/p>            <div class=\"text-center\">\n                <button class=\"btn btn-primary\">Je commande<\/button>\n            <\/div>\n        <\/div>\n    <\/div>\n<\/div>\n<\/div>\n\t\t\t\t\t\t<\/div>\n\t\t\t\t<\/div>\n\t\t\t\t\t<\/div>\n\t\t<\/div>\n\t\t\t\t<div class=\"elementor-column elementor-col-33 elementor-top-column elementor-element elementor-element-7e363bb\" data-id=\"7e363bb\" data-element_type=\"column\">\n\t\t\t<div class=\"elementor-widget-wrap elementor-element-populated\">\n\t\t\t\t\t\t<div class=\"elementor-element elementor-element-9e5eb6f elementor-widget elementor-widget-shortcode\" data-id=\"9e5eb6f\" data-element_type=\"widget\" data-widget_type=\"shortcode.default\">\n\t\t\t\t<div class=\"elementor-widget-container\">\n\t\t\t\t\t\t\t<div class=\"elementor-shortcode\"><div class=\"container p-0 m-0\">\n    <div class=\"row m-0 border\">\n        <div class=\"col-12 grid-didpd-body text-center\">\n            <img decoding=\"async\" src=\"https:\/\/www.macapflag.com\/1858237-home_default\/banderole-pvc-oeillets-100x400-cmplv-joyeux-noel-modele-4.jpg\" alt=\"Banderole b&acirc;che PVC Joyeux No&euml;l\" class=\"mx-auto\" \/>\n            <div class=\"grid-didpd-text\">\n                <a href=\"https:\/\/www.macapflag.com\/plv-fetes-annuelles\/791873-banderole-pvc-oeillets-100x400-cmplv-joyeux-noel-modele-4.html\" target=\"_blank\" class=\"stretched-link\">\n                    <h3>Banderole b\u00e2che PVC Joyeux No\u00ebl<\/h3>\n                <\/a>\n            <\/div>\n                        <p class=\"text-center font-weight-bold\">57,00 \u20ac HT<\/p>            <div class=\"text-center\">\n                <button class=\"btn btn-primary\">Je commande<\/button>\n            <\/div>\n        <\/div>\n    <\/div>\n<\/div>\n<\/div>\n\t\t\t\t\t\t<\/div>\n\t\t\t\t<\/div>\n\t\t\t\t\t<\/div>\n\t\t<\/div>\n\t\t\t\t<div class=\"elementor-column elementor-col-33 elementor-top-column elementor-element elementor-element-e501f00\" data-id=\"e501f00\" data-element_type=\"column\">\n\t\t\t<div class=\"elementor-widget-wrap elementor-element-populated\">\n\t\t\t\t\t\t<div class=\"elementor-element elementor-element-a4ac2db elementor-widget elementor-widget-shortcode\" data-id=\"a4ac2db\" data-element_type=\"widget\" data-widget_type=\"shortcode.default\">\n\t\t\t\t<div class=\"elementor-widget-container\">\n\t\t\t\t\t\t\t<div class=\"elementor-shortcode\"><div class=\"container p-0 m-0\">\n    <div class=\"row m-0 border\">\n        <div class=\"col-12 grid-didpd-body text-center\">\n            <img decoding=\"async\" src=\"https:\/\/www.macapflag.com\/1858233-home_default\/beach-flag-oriflamme-classique-28-mvisuel-joyeux-noel-modele-4.jpg\" alt=\"Oriflamme Beach Flag Joyeux No&euml;l\" class=\"mx-auto\" \/>\n            <div class=\"grid-didpd-text\">\n                <a href=\"https:\/\/www.macapflag.com\/plv-fetes-annuelles\/791870-beach-flag-oriflamme-classique-28-mvisuel-joyeux-noel-modele-4.html\" target=\"_blank\" class=\"stretched-link\">\n                    <h3>Oriflamme Beach Flag Joyeux No\u00ebl<\/h3>\n                <\/a>\n            <\/div>\n                        <p class=\"text-center font-weight-bold\">112,10 \u20ac HT<\/p>            <div class=\"text-center\">\n                <button class=\"btn btn-primary\">Je commande<\/button>\n            <\/div>\n        <\/div>\n    <\/div>\n<\/div>\n<\/div>\n\t\t\t\t\t\t<\/div>\n\t\t\t\t<\/div>\n\t\t\t\t\t<\/div>\n\t\t<\/div>\n\t\t\t\t\t<\/div>\n\t\t<\/section>\n\t\t\t\t<section class=\"elementor-section elementor-top-section elementor-element elementor-element-7624609 elementor-section-boxed elementor-section-height-default elementor-section-height-default\" data-id=\"7624609\" data-element_type=\"section\">\n\t\t\t\t\t\t<div class=\"elementor-container elementor-column-gap-default\">\n\t\t\t\t\t<div class=\"elementor-column elementor-col-100 elementor-top-column elementor-element elementor-element-4536963\" data-id=\"4536963\" data-element_type=\"column\">\n\t\t\t<div class=\"elementor-widget-wrap elementor-element-populated\">\n\t\t\t\t\t\t<div class=\"elementor-element elementor-element-48601fc elementor-widget elementor-widget-text-editor\" data-id=\"48601fc\" data-element_type=\"widget\" data-widget_type=\"text-editor.default\">\n\t\t\t\t<div class=\"elementor-widget-container\">\n\t\t\t\t\t\t\t\t\t<h3>Conseils d\u2019optimisation du stock post-f\u00eates<\/h3><p>La plupart des produits vendus chez Macap disposent de visuels interchangeables. Apr\u00e8s No\u00ebl, les structures achet\u00e9es peuvent servir de support d&#8217;exposition pour d&#8217;autres visuels (ventes priv\u00e9es, soldes, promotions post\u2011f\u00eates, nouvelle collection). Ce principe de r\u00e9utilisation s&#8217;inscrit dans une offre de plus en plus durable et \u00e9conomique pour nos clients.<\/p>\t\t\t\t\t\t\t\t<\/div>\n\t\t\t\t<\/div>\n\t\t\t\t\t<\/div>\n\t\t<\/div>\n\t\t\t\t\t<\/div>\n\t\t<\/section>\n\t\t\t\t<\/div>\n\t\t","protected":false},"excerpt":{"rendered":"<div class=\"tmnf_excerpt\"><p>Les vacances de No\u00ebl, le p\u00e8re No\u00ebl, les courses de No\u00ebl, le repas de No\u00ebl et les r\u00e9unions familiales sont autant de rituels et de traditions qui marquent chacune de nos fins d\u2019ann\u00e9es. Pour autant, conna\u00eet-on vraiment l\u2019origine de cette f\u00eate et de ses coutumes\u202f? Qui a invent\u00e9 No\u00ebl ? Pourquoi la date du 25 &hellip;<\/p>\n<\/div>","protected":false},"author":2,"featured_media":11661,"comment_status":"closed","ping_status":"open","sticky":false,"template":"template-fullwidth.php","format":"standard","meta":{"footnotes":""},"categories":[93],"tags":[],"class_list":["post-11677","post","type-post","status-publish","format-standard","has-post-thumbnail","hentry","category-com"],"yoast_head":"<!-- This site is optimized with the Yoast SEO plugin v26.4 - https:\/\/yoast.com\/wordpress\/plugins\/seo\/ -->\n<title>Depuis quand f\u00eate-t-on No\u00ebl ? Quelle est l&#039;origine de cette f\u00eate ?<\/title>\n<meta name=\"description\" content=\"Quelle est l&#039;origine de No\u00ebl ? Pourquoi installe-t-on un sapin et des lumi\u00e8res ? Pourquoi se fait-on des cadeaux ? D&#039;o\u00f9 vient le P\u00e8re No\u00ebl?\" \/>\n<meta name=\"robots\" content=\"index, follow, max-snippet:-1, max-image-preview:large, max-video-preview:-1\" \/>\n<link rel=\"canonical\" href=\"https:\/\/www.macapflag.com\/blog\/noel\/\" \/>\n<meta property=\"og:locale\" content=\"fr_FR\" \/>\n<meta property=\"og:type\" content=\"article\" \/>\n<meta property=\"og:title\" content=\"Depuis quand f\u00eate-t-on No\u00ebl ? Quelle est l&#039;origine de cette f\u00eate ?\" \/>\n<meta property=\"og:description\" content=\"Quelle est l&#039;origine de No\u00ebl ? Pourquoi installe-t-on un sapin et des lumi\u00e8res ? Pourquoi se fait-on des cadeaux ? D&#039;o\u00f9 vient le P\u00e8re No\u00ebl?\" \/>\n<meta property=\"og:url\" content=\"https:\/\/www.macapflag.com\/blog\/noel\/\" \/>\n<meta property=\"og:site_name\" content=\"Blog - Macap\" \/>\n<meta property=\"article:publisher\" content=\"https:\/\/www.facebook.com\/macap.pavoisement\/\" \/>\n<meta property=\"article:published_time\" content=\"2025-12-03T07:00:59+00:00\" \/>\n<meta property=\"og:image\" content=\"https:\/\/www.macapflag.com\/blog\/wp-content\/uploads\/2022\/12\/Depuis-quand-fete-t-on-Noel.jpg\" \/>\n\t<meta property=\"og:image:width\" content=\"870\" \/>\n\t<meta property=\"og:image:height\" content=\"600\" \/>\n\t<meta property=\"og:image:type\" content=\"image\/jpeg\" \/>\n<meta name=\"author\" content=\"Blog Macap\" \/>\n<meta name=\"twitter:card\" content=\"summary_large_image\" \/>\n<meta name=\"twitter:label1\" content=\"\u00c9crit par\" \/>\n\t<meta name=\"twitter:data1\" content=\"Blog Macap\" \/>\n\t<meta name=\"twitter:label2\" content=\"Dur\u00e9e de lecture estim\u00e9e\" \/>\n\t<meta name=\"twitter:data2\" content=\"13 minutes\" \/>\n<script type=\"application\/ld+json\" class=\"yoast-schema-graph\">{\"@context\":\"https:\/\/schema.org\",\"@graph\":[{\"@type\":\"Article\",\"@id\":\"https:\/\/www.macapflag.com\/blog\/noel\/#article\",\"isPartOf\":{\"@id\":\"https:\/\/www.macapflag.com\/blog\/noel\/\"},\"author\":{\"name\":\"Blog Macap\",\"@id\":\"https:\/\/www.macapflag.com\/blog\/#\/schema\/person\/3fea701f2603875e651e6b662578fc3c\"},\"headline\":\"Depuis quand f\u00eate-t-on No\u00ebl ?\",\"datePublished\":\"2025-12-03T07:00:59+00:00\",\"mainEntityOfPage\":{\"@id\":\"https:\/\/www.macapflag.com\/blog\/noel\/\"},\"wordCount\":2280,\"publisher\":{\"@id\":\"https:\/\/www.macapflag.com\/blog\/#organization\"},\"image\":{\"@id\":\"https:\/\/www.macapflag.com\/blog\/noel\/#primaryimage\"},\"thumbnailUrl\":\"https:\/\/www.macapflag.com\/blog\/wp-content\/uploads\/2022\/12\/Depuis-quand-fete-t-on-Noel.jpg\",\"articleSection\":[\"Le monde de la Com'\"],\"inLanguage\":\"fr-FR\"},{\"@type\":\"WebPage\",\"@id\":\"https:\/\/www.macapflag.com\/blog\/noel\/\",\"url\":\"https:\/\/www.macapflag.com\/blog\/noel\/\",\"name\":\"Depuis quand f\u00eate-t-on No\u00ebl ? Quelle est l'origine de cette f\u00eate ?\",\"isPartOf\":{\"@id\":\"https:\/\/www.macapflag.com\/blog\/#website\"},\"primaryImageOfPage\":{\"@id\":\"https:\/\/www.macapflag.com\/blog\/noel\/#primaryimage\"},\"image\":{\"@id\":\"https:\/\/www.macapflag.com\/blog\/noel\/#primaryimage\"},\"thumbnailUrl\":\"https:\/\/www.macapflag.com\/blog\/wp-content\/uploads\/2022\/12\/Depuis-quand-fete-t-on-Noel.jpg\",\"datePublished\":\"2025-12-03T07:00:59+00:00\",\"description\":\"Quelle est l'origine de No\u00ebl ? Pourquoi installe-t-on un sapin et des lumi\u00e8res ? Pourquoi se fait-on des cadeaux ? D'o\u00f9 vient le P\u00e8re No\u00ebl?\",\"breadcrumb\":{\"@id\":\"https:\/\/www.macapflag.com\/blog\/noel\/#breadcrumb\"},\"inLanguage\":\"fr-FR\",\"potentialAction\":[{\"@type\":\"ReadAction\",\"target\":[\"https:\/\/www.macapflag.com\/blog\/noel\/\"]}]},{\"@type\":\"ImageObject\",\"inLanguage\":\"fr-FR\",\"@id\":\"https:\/\/www.macapflag.com\/blog\/noel\/#primaryimage\",\"url\":\"https:\/\/www.macapflag.com\/blog\/wp-content\/uploads\/2022\/12\/Depuis-quand-fete-t-on-Noel.jpg\",\"contentUrl\":\"https:\/\/www.macapflag.com\/blog\/wp-content\/uploads\/2022\/12\/Depuis-quand-fete-t-on-Noel.jpg\",\"width\":870,\"height\":600,\"caption\":\"Quelle est l'origine de la f\u00eate de No\u00ebl ?\"},{\"@type\":\"BreadcrumbList\",\"@id\":\"https:\/\/www.macapflag.com\/blog\/noel\/#breadcrumb\",\"itemListElement\":[{\"@type\":\"ListItem\",\"position\":1,\"name\":\"Accueil\",\"item\":\"https:\/\/www.macapflag.com\/blog\/\"},{\"@type\":\"ListItem\",\"position\":2,\"name\":\"Depuis quand f\u00eate-t-on No\u00ebl ?\"}]},{\"@type\":\"WebSite\",\"@id\":\"https:\/\/www.macapflag.com\/blog\/#website\",\"url\":\"https:\/\/www.macapflag.com\/blog\/\",\"name\":\"Blog - Macap\",\"description\":\"Tous nos articles\",\"publisher\":{\"@id\":\"https:\/\/www.macapflag.com\/blog\/#organization\"},\"potentialAction\":[{\"@type\":\"SearchAction\",\"target\":{\"@type\":\"EntryPoint\",\"urlTemplate\":\"https:\/\/www.macapflag.com\/blog\/?s={search_term_string}\"},\"query-input\":{\"@type\":\"PropertyValueSpecification\",\"valueRequired\":true,\"valueName\":\"search_term_string\"}}],\"inLanguage\":\"fr-FR\"},{\"@type\":\"Organization\",\"@id\":\"https:\/\/www.macapflag.com\/blog\/#organization\",\"name\":\"macapflag\",\"url\":\"https:\/\/www.macapflag.com\/blog\/\",\"logo\":{\"@type\":\"ImageObject\",\"inLanguage\":\"fr-FR\",\"@id\":\"https:\/\/www.macapflag.com\/blog\/#\/schema\/logo\/image\/\",\"url\":\"https:\/\/www.macapflag.com\/blog\/wp-content\/uploads\/2020\/12\/cropped-M-512-1.png\",\"contentUrl\":\"https:\/\/www.macapflag.com\/blog\/wp-content\/uploads\/2020\/12\/cropped-M-512-1.png\",\"width\":512,\"height\":512,\"caption\":\"macapflag\"},\"image\":{\"@id\":\"https:\/\/www.macapflag.com\/blog\/#\/schema\/logo\/image\/\"},\"sameAs\":[\"https:\/\/www.facebook.com\/macap.pavoisement\/\",\"https:\/\/www.instagram.com\/macapflag\/?hl=fr\",\"https:\/\/www.linkedin.com\/company\/macap\/?originalSubdomain=fr\",\"https:\/\/www.youtube.com\/channel\/UCXNzTIdZh9poEBjSXEqDtNw\"]},{\"@type\":\"Person\",\"@id\":\"https:\/\/www.macapflag.com\/blog\/#\/schema\/person\/3fea701f2603875e651e6b662578fc3c\",\"name\":\"Blog Macap\",\"image\":{\"@type\":\"ImageObject\",\"inLanguage\":\"fr-FR\",\"@id\":\"https:\/\/www.macapflag.com\/blog\/#\/schema\/person\/image\/\",\"url\":\"https:\/\/secure.gravatar.com\/avatar\/c12551f2dc51f0db049633b03e7856985477a70da834cc8967dea4ce54bdd6a2?s=96&d=mm&r=g\",\"contentUrl\":\"https:\/\/secure.gravatar.com\/avatar\/c12551f2dc51f0db049633b03e7856985477a70da834cc8967dea4ce54bdd6a2?s=96&d=mm&r=g\",\"caption\":\"Blog Macap\"},\"url\":\"https:\/\/www.macapflag.com\/blog\/author\/macap\/\"}]}<\/script>\n<!-- \/ Yoast SEO plugin. -->","yoast_head_json":{"title":"Depuis quand f\u00eate-t-on No\u00ebl ? Quelle est l'origine de cette f\u00eate ?","description":"Quelle est l'origine de No\u00ebl ? Pourquoi installe-t-on un sapin et des lumi\u00e8res ? Pourquoi se fait-on des cadeaux ? D'o\u00f9 vient le P\u00e8re No\u00ebl?","robots":{"index":"index","follow":"follow","max-snippet":"max-snippet:-1","max-image-preview":"max-image-preview:large","max-video-preview":"max-video-preview:-1"},"canonical":"https:\/\/www.macapflag.com\/blog\/noel\/","og_locale":"fr_FR","og_type":"article","og_title":"Depuis quand f\u00eate-t-on No\u00ebl ? Quelle est l'origine de cette f\u00eate ?","og_description":"Quelle est l'origine de No\u00ebl ? Pourquoi installe-t-on un sapin et des lumi\u00e8res ? Pourquoi se fait-on des cadeaux ? D'o\u00f9 vient le P\u00e8re No\u00ebl?","og_url":"https:\/\/www.macapflag.com\/blog\/noel\/","og_site_name":"Blog - Macap","article_publisher":"https:\/\/www.facebook.com\/macap.pavoisement\/","article_published_time":"2025-12-03T07:00:59+00:00","og_image":[{"width":870,"height":600,"url":"https:\/\/www.macapflag.com\/blog\/wp-content\/uploads\/2022\/12\/Depuis-quand-fete-t-on-Noel.jpg","type":"image\/jpeg"}],"author":"Blog Macap","twitter_card":"summary_large_image","twitter_misc":{"\u00c9crit par":"Blog Macap","Dur\u00e9e de lecture estim\u00e9e":"13 minutes"},"schema":{"@context":"https:\/\/schema.org","@graph":[{"@type":"Article","@id":"https:\/\/www.macapflag.com\/blog\/noel\/#article","isPartOf":{"@id":"https:\/\/www.macapflag.com\/blog\/noel\/"},"author":{"name":"Blog Macap","@id":"https:\/\/www.macapflag.com\/blog\/#\/schema\/person\/3fea701f2603875e651e6b662578fc3c"},"headline":"Depuis quand f\u00eate-t-on No\u00ebl ?","datePublished":"2025-12-03T07:00:59+00:00","mainEntityOfPage":{"@id":"https:\/\/www.macapflag.com\/blog\/noel\/"},"wordCount":2280,"publisher":{"@id":"https:\/\/www.macapflag.com\/blog\/#organization"},"image":{"@id":"https:\/\/www.macapflag.com\/blog\/noel\/#primaryimage"},"thumbnailUrl":"https:\/\/www.macapflag.com\/blog\/wp-content\/uploads\/2022\/12\/Depuis-quand-fete-t-on-Noel.jpg","articleSection":["Le monde de la Com'"],"inLanguage":"fr-FR"},{"@type":"WebPage","@id":"https:\/\/www.macapflag.com\/blog\/noel\/","url":"https:\/\/www.macapflag.com\/blog\/noel\/","name":"Depuis quand f\u00eate-t-on No\u00ebl ? Quelle est l'origine de cette f\u00eate ?","isPartOf":{"@id":"https:\/\/www.macapflag.com\/blog\/#website"},"primaryImageOfPage":{"@id":"https:\/\/www.macapflag.com\/blog\/noel\/#primaryimage"},"image":{"@id":"https:\/\/www.macapflag.com\/blog\/noel\/#primaryimage"},"thumbnailUrl":"https:\/\/www.macapflag.com\/blog\/wp-content\/uploads\/2022\/12\/Depuis-quand-fete-t-on-Noel.jpg","datePublished":"2025-12-03T07:00:59+00:00","description":"Quelle est l'origine de No\u00ebl ? Pourquoi installe-t-on un sapin et des lumi\u00e8res ? Pourquoi se fait-on des cadeaux ? D'o\u00f9 vient le P\u00e8re No\u00ebl?","breadcrumb":{"@id":"https:\/\/www.macapflag.com\/blog\/noel\/#breadcrumb"},"inLanguage":"fr-FR","potentialAction":[{"@type":"ReadAction","target":["https:\/\/www.macapflag.com\/blog\/noel\/"]}]},{"@type":"ImageObject","inLanguage":"fr-FR","@id":"https:\/\/www.macapflag.com\/blog\/noel\/#primaryimage","url":"https:\/\/www.macapflag.com\/blog\/wp-content\/uploads\/2022\/12\/Depuis-quand-fete-t-on-Noel.jpg","contentUrl":"https:\/\/www.macapflag.com\/blog\/wp-content\/uploads\/2022\/12\/Depuis-quand-fete-t-on-Noel.jpg","width":870,"height":600,"caption":"Quelle est l'origine de la f\u00eate de No\u00ebl ?"},{"@type":"BreadcrumbList","@id":"https:\/\/www.macapflag.com\/blog\/noel\/#breadcrumb","itemListElement":[{"@type":"ListItem","position":1,"name":"Accueil","item":"https:\/\/www.macapflag.com\/blog\/"},{"@type":"ListItem","position":2,"name":"Depuis quand f\u00eate-t-on No\u00ebl ?"}]},{"@type":"WebSite","@id":"https:\/\/www.macapflag.com\/blog\/#website","url":"https:\/\/www.macapflag.com\/blog\/","name":"Blog - Macap","description":"Tous nos articles","publisher":{"@id":"https:\/\/www.macapflag.com\/blog\/#organization"},"potentialAction":[{"@type":"SearchAction","target":{"@type":"EntryPoint","urlTemplate":"https:\/\/www.macapflag.com\/blog\/?s={search_term_string}"},"query-input":{"@type":"PropertyValueSpecification","valueRequired":true,"valueName":"search_term_string"}}],"inLanguage":"fr-FR"},{"@type":"Organization","@id":"https:\/\/www.macapflag.com\/blog\/#organization","name":"macapflag","url":"https:\/\/www.macapflag.com\/blog\/","logo":{"@type":"ImageObject","inLanguage":"fr-FR","@id":"https:\/\/www.macapflag.com\/blog\/#\/schema\/logo\/image\/","url":"https:\/\/www.macapflag.com\/blog\/wp-content\/uploads\/2020\/12\/cropped-M-512-1.png","contentUrl":"https:\/\/www.macapflag.com\/blog\/wp-content\/uploads\/2020\/12\/cropped-M-512-1.png","width":512,"height":512,"caption":"macapflag"},"image":{"@id":"https:\/\/www.macapflag.com\/blog\/#\/schema\/logo\/image\/"},"sameAs":["https:\/\/www.facebook.com\/macap.pavoisement\/","https:\/\/www.instagram.com\/macapflag\/?hl=fr","https:\/\/www.linkedin.com\/company\/macap\/?originalSubdomain=fr","https:\/\/www.youtube.com\/channel\/UCXNzTIdZh9poEBjSXEqDtNw"]},{"@type":"Person","@id":"https:\/\/www.macapflag.com\/blog\/#\/schema\/person\/3fea701f2603875e651e6b662578fc3c","name":"Blog Macap","image":{"@type":"ImageObject","inLanguage":"fr-FR","@id":"https:\/\/www.macapflag.com\/blog\/#\/schema\/person\/image\/","url":"https:\/\/secure.gravatar.com\/avatar\/c12551f2dc51f0db049633b03e7856985477a70da834cc8967dea4ce54bdd6a2?s=96&d=mm&r=g","contentUrl":"https:\/\/secure.gravatar.com\/avatar\/c12551f2dc51f0db049633b03e7856985477a70da834cc8967dea4ce54bdd6a2?s=96&d=mm&r=g","caption":"Blog Macap"},"url":"https:\/\/www.macapflag.com\/blog\/author\/macap\/"}]}},"_links":{"self":[{"href":"https:\/\/www.macapflag.com\/blog\/wp-json\/wp\/v2\/posts\/11677","targetHints":{"allow":["GET"]}}],"collection":[{"href":"https:\/\/www.macapflag.com\/blog\/wp-json\/wp\/v2\/posts"}],"about":[{"href":"https:\/\/www.macapflag.com\/blog\/wp-json\/wp\/v2\/types\/post"}],"author":[{"embeddable":true,"href":"https:\/\/www.macapflag.com\/blog\/wp-json\/wp\/v2\/users\/2"}],"replies":[{"embeddable":true,"href":"https:\/\/www.macapflag.com\/blog\/wp-json\/wp\/v2\/comments?post=11677"}],"version-history":[{"count":33,"href":"https:\/\/www.macapflag.com\/blog\/wp-json\/wp\/v2\/posts\/11677\/revisions"}],"predecessor-version":[{"id":21236,"href":"https:\/\/www.macapflag.com\/blog\/wp-json\/wp\/v2\/posts\/11677\/revisions\/21236"}],"wp:featuredmedia":[{"embeddable":true,"href":"https:\/\/www.macapflag.com\/blog\/wp-json\/wp\/v2\/media\/11661"}],"wp:attachment":[{"href":"https:\/\/www.macapflag.com\/blog\/wp-json\/wp\/v2\/media?parent=11677"}],"wp:term":[{"taxonomy":"category","embeddable":true,"href":"https:\/\/www.macapflag.com\/blog\/wp-json\/wp\/v2\/categories?post=11677"},{"taxonomy":"post_tag","embeddable":true,"href":"https:\/\/www.macapflag.com\/blog\/wp-json\/wp\/v2\/tags?post=11677"}],"curies":[{"name":"wp","href":"https:\/\/api.w.org\/{rel}","templated":true}]}}