{"id":11999,"date":"2025-08-13T08:03:41","date_gmt":"2025-08-13T06:03:41","guid":{"rendered":"https:\/\/www.macapflag.com\/blog\/?p=11999"},"modified":"2025-08-13T08:03:41","modified_gmt":"2025-08-13T06:03:41","slug":"langue","status":"publish","type":"post","link":"https:\/\/www.macapflag.com\/blog\/langue\/","title":{"rendered":"Combien de mots de la langue fran\u00e7aiseutilise-t-on dans le langage courant ?"},"content":{"rendered":"\t\t<div data-elementor-type=\"wp-post\" data-elementor-id=\"11999\" class=\"elementor elementor-11999\">\n\t\t\t\t\t\t<section class=\"elementor-section elementor-top-section elementor-element elementor-element-eeaae53 elementor-section-boxed elementor-section-height-default elementor-section-height-default\" data-id=\"eeaae53\" data-element_type=\"section\">\n\t\t\t\t\t\t<div class=\"elementor-container elementor-column-gap-default\">\n\t\t\t\t\t<div class=\"elementor-column elementor-col-100 elementor-top-column elementor-element elementor-element-784cdd4\" data-id=\"784cdd4\" data-element_type=\"column\">\n\t\t\t<div class=\"elementor-widget-wrap elementor-element-populated\">\n\t\t\t\t\t\t<div class=\"elementor-element elementor-element-711aee7 elementor-widget elementor-widget-text-editor\" data-id=\"711aee7\" data-element_type=\"widget\" data-widget_type=\"text-editor.default\">\n\t\t\t\t<div class=\"elementor-widget-container\">\n\t\t\t\t\t\t\t\t\t<p>Plusieurs sources indiquent que <strong>10\u2009% des Fran\u00e7ais vivraient avec moins de 500 mots<\/strong>. Ce chiffre repr\u00e9senterait, en quelque sorte, le &#8220;seuil de pauvret\u00e9&#8221;du langage.<br \/>S\u2019il est difficile pour chacun d\u2019\u00e9valuer le nombre de mots utilis\u00e9 dans son langage courant, il est tout aussi compliqu\u00e9 de mesurer ce chiffre de mani\u00e8re fiable \u00e0 l\u2019\u00e9chelle de la population.<br \/>Ce chiffre choc de 500 mots semble avoir \u00e9t\u00e9 utilis\u00e9 par les m\u00e9dias pour nous pousser \u00e0 prendre conscience d\u2019un enjeu soci\u00e9tal majeur. La pauvret\u00e9 du langage est un v\u00e9ritable ph\u00e9nom\u00e8ne de soci\u00e9t\u00e9 qui renforce l\u2019exclusion des plus d\u00e9munis.<\/p><p>Aujourd&#8217;hui, \u00e0 l&#8217;\u00e8re num\u00e9rique, l&#8217;usage des r\u00e9seaux sociaux a \u00e9galement un impact sur la richesse du vocabulaire. Les formats courts (tweets, messages instantan\u00e9s, vid\u00e9os) tendent \u00e0 favoriser un langage plus simple, souvent r\u00e9duit et imag\u00e9.<\/p><h2>Combien existe-t-il de mots dans la langue fran\u00e7aise ?<\/h2><p>La plupart des dictionnaires compte 60 000 mots et certains vont jusqu\u2019\u00e0 100 000. Chaque nouvelle \u00e9dition annuelle est enrichie de nouveaux mots.<\/p><h3>Quelles sont les sources des nouveaux mots du dictionnaire ?<\/h3><p>Les nouveaux mots introduits dans le dictionnaire ne sont pas forc\u00e9ment les plus utilis\u00e9s dans le langage courant.<br \/>Ils sont souvent issus :<\/p><ul><li>Soit de l\u2019univers de la technologie : ub\u00e9risation \/ youtubeur \/ vapoter \/ openspace \/ spoiler \/ replay \/ fablab etc.<\/li><li>Soit de l\u2019appropriation et de l\u2019adaptation de mots \u00e9trangers, principalement anglophones. Par exemple, on parle aujourd\u2019hui de storytelling, d\u2019alumni ou de globish.<\/li><li>En 2024, le Petit Robert a ajout\u00e9 150 nouveaux mots issus notamment du domaine de l&#8217;\u00e9cologie, de la gastronomie et de l&#8217;influence num\u00e9rique.<\/li><\/ul>\t\t\t\t\t\t\t\t<\/div>\n\t\t\t\t<\/div>\n\t\t\t\t\t<\/div>\n\t\t<\/div>\n\t\t\t\t\t<\/div>\n\t\t<\/section>\n\t\t\t\t<section class=\"elementor-section elementor-top-section elementor-element elementor-element-f4e9800 elementor-section-boxed elementor-section-height-default elementor-section-height-default\" data-id=\"f4e9800\" data-element_type=\"section\">\n\t\t\t\t\t\t<div class=\"elementor-container elementor-column-gap-default\">\n\t\t\t\t\t<div class=\"elementor-column elementor-col-100 elementor-top-column elementor-element elementor-element-1b93ee9\" data-id=\"1b93ee9\" data-element_type=\"column\">\n\t\t\t<div class=\"elementor-widget-wrap elementor-element-populated\">\n\t\t\t\t\t\t<div class=\"elementor-element elementor-element-ad690f1 elementor-widget elementor-widget-image\" data-id=\"ad690f1\" data-element_type=\"widget\" data-widget_type=\"image.default\">\n\t\t\t\t<div class=\"elementor-widget-container\">\n\t\t\t\t\t\t\t\t\t\t\t\t\t\t\t<img fetchpriority=\"high\" decoding=\"async\" width=\"700\" height=\"534\" src=\"https:\/\/www.macapflag.com\/blog\/wp-content\/uploads\/2023\/01\/nouveaux-mots-langue-francaise.jpg\" class=\"attachment-large size-large wp-image-12024\" alt=\"Les nouveaux mots du dictionnaire fran\u00e7ais\" srcset=\"https:\/\/www.macapflag.com\/blog\/wp-content\/uploads\/2023\/01\/nouveaux-mots-langue-francaise.jpg 700w, https:\/\/www.macapflag.com\/blog\/wp-content\/uploads\/2023\/01\/nouveaux-mots-langue-francaise-300x229.jpg 300w\" sizes=\"(max-width: 700px) 100vw, 700px\" \/>\t\t\t\t\t\t\t\t\t\t\t\t\t\t\t<\/div>\n\t\t\t\t<\/div>\n\t\t\t\t\t<\/div>\n\t\t<\/div>\n\t\t\t\t\t<\/div>\n\t\t<\/section>\n\t\t\t\t<section class=\"elementor-section elementor-top-section elementor-element elementor-element-c6edb79 elementor-section-boxed elementor-section-height-default elementor-section-height-default\" data-id=\"c6edb79\" data-element_type=\"section\">\n\t\t\t\t\t\t<div class=\"elementor-container elementor-column-gap-default\">\n\t\t\t\t\t<div class=\"elementor-column elementor-col-100 elementor-top-column elementor-element elementor-element-05b7fd6\" data-id=\"05b7fd6\" data-element_type=\"column\">\n\t\t\t<div class=\"elementor-widget-wrap elementor-element-populated\">\n\t\t\t\t\t\t<div class=\"elementor-element elementor-element-6a296ba elementor-widget elementor-widget-text-editor\" data-id=\"6a296ba\" data-element_type=\"widget\" data-widget_type=\"text-editor.default\">\n\t\t\t\t<div class=\"elementor-widget-container\">\n\t\t\t\t\t\t\t\t\t<h2>Combien de mots utilise-t-on r\u00e9ellement dans la langue fran\u00e7aise ?<\/h2>\t\t\t\t\t\t\t\t<\/div>\n\t\t\t\t<\/div>\n\t\t\t\t\t<\/div>\n\t\t<\/div>\n\t\t\t\t\t<\/div>\n\t\t<\/section>\n\t\t\t\t<section class=\"elementor-section elementor-top-section elementor-element elementor-element-d926bb6 elementor-section-boxed elementor-section-height-default elementor-section-height-default\" data-id=\"d926bb6\" data-element_type=\"section\">\n\t\t\t\t\t\t<div class=\"elementor-container elementor-column-gap-default\">\n\t\t\t\t\t<div class=\"elementor-column elementor-col-66 elementor-top-column elementor-element elementor-element-dd28399\" data-id=\"dd28399\" data-element_type=\"column\">\n\t\t\t<div class=\"elementor-widget-wrap elementor-element-populated\">\n\t\t\t\t\t\t<div class=\"elementor-element elementor-element-ccda00d elementor-widget elementor-widget-image\" data-id=\"ccda00d\" data-element_type=\"widget\" data-widget_type=\"image.default\">\n\t\t\t\t<div class=\"elementor-widget-container\">\n\t\t\t\t\t\t\t\t\t\t\t\t\t\t\t<img decoding=\"async\" width=\"700\" height=\"534\" src=\"https:\/\/www.macapflag.com\/blog\/wp-content\/uploads\/2023\/01\/origine-nouveaux-mots.jpg\" class=\"attachment-large size-large wp-image-12025\" alt=\"Quelle est l&#039;origine des nouveaux mots ?\" srcset=\"https:\/\/www.macapflag.com\/blog\/wp-content\/uploads\/2023\/01\/origine-nouveaux-mots.jpg 700w, https:\/\/www.macapflag.com\/blog\/wp-content\/uploads\/2023\/01\/origine-nouveaux-mots-300x229.jpg 300w\" sizes=\"(max-width: 700px) 100vw, 700px\" \/>\t\t\t\t\t\t\t\t\t\t\t\t\t\t\t<\/div>\n\t\t\t\t<\/div>\n\t\t\t\t\t<\/div>\n\t\t<\/div>\n\t\t\t\t<div class=\"elementor-column elementor-col-33 elementor-top-column elementor-element elementor-element-8975090\" data-id=\"8975090\" data-element_type=\"column\">\n\t\t\t<div class=\"elementor-widget-wrap elementor-element-populated\">\n\t\t\t\t\t\t<div class=\"elementor-element elementor-element-f4f004c elementor-widget elementor-widget-text-editor\" data-id=\"f4f004c\" data-element_type=\"widget\" data-widget_type=\"text-editor.default\">\n\t\t\t\t<div class=\"elementor-widget-container\">\n\t\t\t\t\t\t\t\t\t<p>Un enfant de 2 ans maitriserait environ 400 mots.<\/p>\t\t\t\t\t\t\t\t<\/div>\n\t\t\t\t<\/div>\n\t\t\t\t\t<\/div>\n\t\t<\/div>\n\t\t\t\t\t<\/div>\n\t\t<\/section>\n\t\t\t\t<section class=\"elementor-section elementor-top-section elementor-element elementor-element-56b925f elementor-section-boxed elementor-section-height-default elementor-section-height-default\" data-id=\"56b925f\" data-element_type=\"section\">\n\t\t\t\t\t\t<div class=\"elementor-container elementor-column-gap-default\">\n\t\t\t\t\t<div class=\"elementor-column elementor-col-66 elementor-top-column elementor-element elementor-element-9a837e7\" data-id=\"9a837e7\" data-element_type=\"column\">\n\t\t\t<div class=\"elementor-widget-wrap elementor-element-populated\">\n\t\t\t\t\t\t<div class=\"elementor-element elementor-element-3918564 elementor-widget elementor-widget-image\" data-id=\"3918564\" data-element_type=\"widget\" data-widget_type=\"image.default\">\n\t\t\t\t<div class=\"elementor-widget-container\">\n\t\t\t\t\t\t\t\t\t\t\t\t\t\t\t<img decoding=\"async\" width=\"700\" height=\"534\" src=\"https:\/\/www.macapflag.com\/blog\/wp-content\/uploads\/2023\/01\/mots-utilises-dans-la-langue-francaise.jpg\" class=\"attachment-large size-large wp-image-12023\" alt=\"Quel est le nombre de mots r\u00e9ellement utilis\u00e9s ?\" srcset=\"https:\/\/www.macapflag.com\/blog\/wp-content\/uploads\/2023\/01\/mots-utilises-dans-la-langue-francaise.jpg 700w, https:\/\/www.macapflag.com\/blog\/wp-content\/uploads\/2023\/01\/mots-utilises-dans-la-langue-francaise-300x229.jpg 300w\" sizes=\"(max-width: 700px) 100vw, 700px\" \/>\t\t\t\t\t\t\t\t\t\t\t\t\t\t\t<\/div>\n\t\t\t\t<\/div>\n\t\t\t\t\t<\/div>\n\t\t<\/div>\n\t\t\t\t<div class=\"elementor-column elementor-col-33 elementor-top-column elementor-element elementor-element-8740c4f\" data-id=\"8740c4f\" data-element_type=\"column\">\n\t\t\t<div class=\"elementor-widget-wrap elementor-element-populated\">\n\t\t\t\t\t\t<div class=\"elementor-element elementor-element-8c0fcd9 elementor-widget elementor-widget-text-editor\" data-id=\"8c0fcd9\" data-element_type=\"widget\" data-widget_type=\"text-editor.default\">\n\t\t\t\t<div class=\"elementor-widget-container\">\n\t\t\t\t\t\t\t\t\t<p>Un \u00e9tudiant lyc\u00e9en utiliserait 800 \u00e0 1600 mots pour s\u2019exprimer oralement.<\/p>\t\t\t\t\t\t\t\t<\/div>\n\t\t\t\t<\/div>\n\t\t\t\t\t<\/div>\n\t\t<\/div>\n\t\t\t\t\t<\/div>\n\t\t<\/section>\n\t\t\t\t<section class=\"elementor-section elementor-top-section elementor-element elementor-element-543cbaa elementor-section-boxed elementor-section-height-default elementor-section-height-default\" data-id=\"543cbaa\" data-element_type=\"section\">\n\t\t\t\t\t\t<div class=\"elementor-container elementor-column-gap-default\">\n\t\t\t\t\t<div class=\"elementor-column elementor-col-66 elementor-top-column elementor-element elementor-element-efc3fa6\" data-id=\"efc3fa6\" data-element_type=\"column\">\n\t\t\t<div class=\"elementor-widget-wrap elementor-element-populated\">\n\t\t\t\t\t\t<div class=\"elementor-element elementor-element-1c089f2 elementor-widget elementor-widget-image\" data-id=\"1c089f2\" data-element_type=\"widget\" data-widget_type=\"image.default\">\n\t\t\t\t<div class=\"elementor-widget-container\">\n\t\t\t\t\t\t\t\t\t\t\t\t\t\t\t<img loading=\"lazy\" decoding=\"async\" width=\"700\" height=\"534\" src=\"https:\/\/www.macapflag.com\/blog\/wp-content\/uploads\/2023\/01\/Differents-niveaux-de-la-langue-francaise.jpg\" class=\"attachment-large size-large wp-image-12016\" alt=\"Les diff\u00e9rents niveaux de langage de la langue fran\u00e7aise\" srcset=\"https:\/\/www.macapflag.com\/blog\/wp-content\/uploads\/2023\/01\/Differents-niveaux-de-la-langue-francaise.jpg 700w, https:\/\/www.macapflag.com\/blog\/wp-content\/uploads\/2023\/01\/Differents-niveaux-de-la-langue-francaise-300x229.jpg 300w\" sizes=\"(max-width: 700px) 100vw, 700px\" \/>\t\t\t\t\t\t\t\t\t\t\t\t\t\t\t<\/div>\n\t\t\t\t<\/div>\n\t\t\t\t\t<\/div>\n\t\t<\/div>\n\t\t\t\t<div class=\"elementor-column elementor-col-33 elementor-top-column elementor-element elementor-element-aeecc17\" data-id=\"aeecc17\" data-element_type=\"column\">\n\t\t\t<div class=\"elementor-widget-wrap elementor-element-populated\">\n\t\t\t\t\t\t<div class=\"elementor-element elementor-element-8119868 elementor-widget elementor-widget-text-editor\" data-id=\"8119868\" data-element_type=\"widget\" data-widget_type=\"text-editor.default\">\n\t\t\t\t<div class=\"elementor-widget-container\">\n\t\t\t\t\t\t\t\t\t<p>Un adulte devrait maitriser plus ou moins 3 000 mots pour \u00eatre en mesure de s\u2019exprimer en langage courant.<\/p>\t\t\t\t\t\t\t\t<\/div>\n\t\t\t\t<\/div>\n\t\t\t\t\t<\/div>\n\t\t<\/div>\n\t\t\t\t\t<\/div>\n\t\t<\/section>\n\t\t\t\t<section class=\"elementor-section elementor-top-section elementor-element elementor-element-551a284 elementor-section-boxed elementor-section-height-default elementor-section-height-default\" data-id=\"551a284\" data-element_type=\"section\">\n\t\t\t\t\t\t<div class=\"elementor-container elementor-column-gap-default\">\n\t\t\t\t\t<div class=\"elementor-column elementor-col-66 elementor-top-column elementor-element elementor-element-334fcbc\" data-id=\"334fcbc\" data-element_type=\"column\">\n\t\t\t<div class=\"elementor-widget-wrap elementor-element-populated\">\n\t\t\t\t\t\t<div class=\"elementor-element elementor-element-48f8a11 elementor-widget elementor-widget-image\" data-id=\"48f8a11\" data-element_type=\"widget\" data-widget_type=\"image.default\">\n\t\t\t\t<div class=\"elementor-widget-container\">\n\t\t\t\t\t\t\t\t\t\t\t\t\t\t\t<img loading=\"lazy\" decoding=\"async\" width=\"700\" height=\"534\" src=\"https:\/\/www.macapflag.com\/blog\/wp-content\/uploads\/2023\/01\/combien-de-mots-les-francais-utilisent.jpg\" class=\"attachment-large size-large wp-image-12014\" alt=\"Nombre de mots utilis\u00e9s par la plupart des fran\u00e7ais\" srcset=\"https:\/\/www.macapflag.com\/blog\/wp-content\/uploads\/2023\/01\/combien-de-mots-les-francais-utilisent.jpg 700w, https:\/\/www.macapflag.com\/blog\/wp-content\/uploads\/2023\/01\/combien-de-mots-les-francais-utilisent-300x229.jpg 300w\" sizes=\"(max-width: 700px) 100vw, 700px\" \/>\t\t\t\t\t\t\t\t\t\t\t\t\t\t\t<\/div>\n\t\t\t\t<\/div>\n\t\t\t\t\t<\/div>\n\t\t<\/div>\n\t\t\t\t<div class=\"elementor-column elementor-col-33 elementor-top-column elementor-element elementor-element-3905520\" data-id=\"3905520\" data-element_type=\"column\">\n\t\t\t<div class=\"elementor-widget-wrap elementor-element-populated\">\n\t\t\t\t\t\t<div class=\"elementor-element elementor-element-515cea8 elementor-widget elementor-widget-text-editor\" data-id=\"515cea8\" data-element_type=\"widget\" data-widget_type=\"text-editor.default\">\n\t\t\t\t<div class=\"elementor-widget-container\">\n\t\t\t\t\t\t\t\t\t<p><strong>La plupart des Fran\u00e7ais utiliseraient 5000 mots<\/strong>, mais 600 mots suffiraient \u00e0 comprendre n\u2019importe quel texte.<\/p>\t\t\t\t\t\t\t\t<\/div>\n\t\t\t\t<\/div>\n\t\t\t\t\t<\/div>\n\t\t<\/div>\n\t\t\t\t\t<\/div>\n\t\t<\/section>\n\t\t\t\t<section class=\"elementor-section elementor-top-section elementor-element elementor-element-a981699 elementor-section-boxed elementor-section-height-default elementor-section-height-default\" data-id=\"a981699\" data-element_type=\"section\">\n\t\t\t\t\t\t<div class=\"elementor-container elementor-column-gap-default\">\n\t\t\t\t\t<div class=\"elementor-column elementor-col-100 elementor-top-column elementor-element elementor-element-9fb76f9\" data-id=\"9fb76f9\" data-element_type=\"column\">\n\t\t\t<div class=\"elementor-widget-wrap elementor-element-populated\">\n\t\t\t\t\t\t<div class=\"elementor-element elementor-element-83a97a5 elementor-widget elementor-widget-text-editor\" data-id=\"83a97a5\" data-element_type=\"widget\" data-widget_type=\"text-editor.default\">\n\t\t\t\t<div class=\"elementor-widget-container\">\n\t\t\t\t\t\t\t\t\t<p>Une \u00e9tude r\u00e9cente men\u00e9e par l&#8217;Observatoire de la Langue Fran\u00e7aise (2024) souligne que le vocabulaire actif moyen d&#8217;un adulte reste stable, mais que le vocabulaire passif (les mots compris mais peu utilis\u00e9s) d\u00e9passe souvent 20 000 mots.<\/p>\t\t\t\t\t\t\t\t<\/div>\n\t\t\t\t<\/div>\n\t\t\t\t\t<\/div>\n\t\t<\/div>\n\t\t\t\t\t<\/div>\n\t\t<\/section>\n\t\t\t\t<section class=\"elementor-section elementor-top-section elementor-element elementor-element-3dbac35 elementor-section-boxed elementor-section-height-default elementor-section-height-default\" data-id=\"3dbac35\" data-element_type=\"section\">\n\t\t\t\t\t\t<div class=\"elementor-container elementor-column-gap-default\">\n\t\t\t\t\t<div class=\"elementor-column elementor-col-100 elementor-top-column elementor-element elementor-element-ccec6b8\" data-id=\"ccec6b8\" data-element_type=\"column\">\n\t\t\t<div class=\"elementor-widget-wrap elementor-element-populated\">\n\t\t\t\t\t\t<div class=\"elementor-element elementor-element-97397a6 elementor-widget elementor-widget-text-editor\" data-id=\"97397a6\" data-element_type=\"widget\" data-widget_type=\"text-editor.default\">\n\t\t\t\t<div class=\"elementor-widget-container\">\n\t\t\t\t\t\t\t\t\t<h2>Quels sont les diff\u00e9rents niveaux de langages de la langue fran\u00e7aise ?<\/h2>\t\t\t\t\t\t\t\t<\/div>\n\t\t\t\t<\/div>\n\t\t\t\t\t<\/div>\n\t\t<\/div>\n\t\t\t\t\t<\/div>\n\t\t<\/section>\n\t\t\t\t<section class=\"elementor-section elementor-top-section elementor-element elementor-element-b8873ff elementor-section-boxed elementor-section-height-default elementor-section-height-default\" data-id=\"b8873ff\" data-element_type=\"section\">\n\t\t\t\t\t\t<div class=\"elementor-container elementor-column-gap-default\">\n\t\t\t\t\t<div class=\"elementor-column elementor-col-100 elementor-top-column elementor-element elementor-element-90d93d7\" data-id=\"90d93d7\" data-element_type=\"column\">\n\t\t\t<div class=\"elementor-widget-wrap elementor-element-populated\">\n\t\t\t\t\t\t<div class=\"elementor-element elementor-element-48a7a09 elementor-widget elementor-widget-text-editor\" data-id=\"48a7a09\" data-element_type=\"widget\" data-widget_type=\"text-editor.default\">\n\t\t\t\t<div class=\"elementor-widget-container\">\n\t\t\t\t\t\t\t\t\t<h3>Le langage courant<\/h3>\t\t\t\t\t\t\t\t<\/div>\n\t\t\t\t<\/div>\n\t\t\t\t\t<\/div>\n\t\t<\/div>\n\t\t\t\t\t<\/div>\n\t\t<\/section>\n\t\t\t\t<section class=\"elementor-section elementor-top-section elementor-element elementor-element-45011b0 elementor-section-boxed elementor-section-height-default elementor-section-height-default\" data-id=\"45011b0\" data-element_type=\"section\">\n\t\t\t\t\t\t<div class=\"elementor-container elementor-column-gap-default\">\n\t\t\t\t\t<div class=\"elementor-column elementor-col-100 elementor-top-column elementor-element elementor-element-a7a9735\" data-id=\"a7a9735\" data-element_type=\"column\">\n\t\t\t<div class=\"elementor-widget-wrap elementor-element-populated\">\n\t\t\t\t\t\t<div class=\"elementor-element elementor-element-23fab73 elementor-widget elementor-widget-text-editor\" data-id=\"23fab73\" data-element_type=\"widget\" data-widget_type=\"text-editor.default\">\n\t\t\t\t<div class=\"elementor-widget-container\">\n\t\t\t\t\t\t\t\t\t<p>C\u2019est le langage que l\u2019on utilise pour s\u2019exprimer \u00e0 l\u2019oral comme \u00e0 l\u2019\u00e9crit dans la vie de tous les jours.<\/p>\t\t\t\t\t\t\t\t<\/div>\n\t\t\t\t<\/div>\n\t\t\t\t\t<\/div>\n\t\t<\/div>\n\t\t\t\t\t<\/div>\n\t\t<\/section>\n\t\t\t\t<section class=\"elementor-section elementor-top-section elementor-element elementor-element-a5ea8bb elementor-section-boxed elementor-section-height-default elementor-section-height-default\" data-id=\"a5ea8bb\" data-element_type=\"section\">\n\t\t\t\t\t\t<div class=\"elementor-container elementor-column-gap-default\">\n\t\t\t\t\t<div class=\"elementor-column elementor-col-100 elementor-top-column elementor-element elementor-element-97c74a2\" data-id=\"97c74a2\" data-element_type=\"column\">\n\t\t\t<div class=\"elementor-widget-wrap elementor-element-populated\">\n\t\t\t\t\t\t<div class=\"elementor-element elementor-element-0ce7704 elementor-widget elementor-widget-text-editor\" data-id=\"0ce7704\" data-element_type=\"widget\" data-widget_type=\"text-editor.default\">\n\t\t\t\t<div class=\"elementor-widget-container\">\n\t\t\t\t\t\t\t\t\t<h3>Le langage soutenu<\/h3>\t\t\t\t\t\t\t\t<\/div>\n\t\t\t\t<\/div>\n\t\t\t\t\t<\/div>\n\t\t<\/div>\n\t\t\t\t\t<\/div>\n\t\t<\/section>\n\t\t\t\t<section class=\"elementor-section elementor-top-section elementor-element elementor-element-2218630 elementor-section-boxed elementor-section-height-default elementor-section-height-default\" data-id=\"2218630\" data-element_type=\"section\">\n\t\t\t\t\t\t<div class=\"elementor-container elementor-column-gap-default\">\n\t\t\t\t\t<div class=\"elementor-column elementor-col-66 elementor-top-column elementor-element elementor-element-b9ff4b9\" data-id=\"b9ff4b9\" data-element_type=\"column\">\n\t\t\t<div class=\"elementor-widget-wrap elementor-element-populated\">\n\t\t\t\t\t\t<div class=\"elementor-element elementor-element-99af8dd elementor-widget elementor-widget-image\" data-id=\"99af8dd\" data-element_type=\"widget\" data-widget_type=\"image.default\">\n\t\t\t\t<div class=\"elementor-widget-container\">\n\t\t\t\t\t\t\t\t\t\t\t\t\t\t\t<img loading=\"lazy\" decoding=\"async\" width=\"700\" height=\"534\" src=\"https:\/\/www.macapflag.com\/blog\/wp-content\/uploads\/2023\/01\/langage-soutenu.jpg\" class=\"attachment-large size-large wp-image-12019\" alt=\"Le langage soutenu de la langue fran\u00e7aise\" srcset=\"https:\/\/www.macapflag.com\/blog\/wp-content\/uploads\/2023\/01\/langage-soutenu.jpg 700w, https:\/\/www.macapflag.com\/blog\/wp-content\/uploads\/2023\/01\/langage-soutenu-300x229.jpg 300w\" sizes=\"(max-width: 700px) 100vw, 700px\" \/>\t\t\t\t\t\t\t\t\t\t\t\t\t\t\t<\/div>\n\t\t\t\t<\/div>\n\t\t\t\t\t<\/div>\n\t\t<\/div>\n\t\t\t\t<div class=\"elementor-column elementor-col-33 elementor-top-column elementor-element elementor-element-6ee4342\" data-id=\"6ee4342\" data-element_type=\"column\">\n\t\t\t<div class=\"elementor-widget-wrap elementor-element-populated\">\n\t\t\t\t\t\t<div class=\"elementor-element elementor-element-c873ed8 elementor-widget elementor-widget-text-editor\" data-id=\"c873ed8\" data-element_type=\"widget\" data-widget_type=\"text-editor.default\">\n\t\t\t\t<div class=\"elementor-widget-container\">\n\t\t\t\t\t\t\t\t\t<p>Il s\u2019utilise \u00e0 l\u2019\u00e9crit dans les articles de presse, les courriers ou encore dans certains livres. Il est \u00e9galement employ\u00e9 lors d&#8217;\u00e9changes formels, en diplomatie, en justice ou encore dans certains contextes professionnels exigeants.<\/p>\t\t\t\t\t\t\t\t<\/div>\n\t\t\t\t<\/div>\n\t\t\t\t\t<\/div>\n\t\t<\/div>\n\t\t\t\t\t<\/div>\n\t\t<\/section>\n\t\t\t\t<section class=\"elementor-section elementor-top-section elementor-element elementor-element-a63ccca elementor-section-boxed elementor-section-height-default elementor-section-height-default\" data-id=\"a63ccca\" data-element_type=\"section\">\n\t\t\t\t\t\t<div class=\"elementor-container elementor-column-gap-default\">\n\t\t\t\t\t<div class=\"elementor-column elementor-col-100 elementor-top-column elementor-element elementor-element-494b555\" data-id=\"494b555\" data-element_type=\"column\">\n\t\t\t<div class=\"elementor-widget-wrap elementor-element-populated\">\n\t\t\t\t\t\t<div class=\"elementor-element elementor-element-89b2734 elementor-widget elementor-widget-text-editor\" data-id=\"89b2734\" data-element_type=\"widget\" data-widget_type=\"text-editor.default\">\n\t\t\t\t<div class=\"elementor-widget-container\">\n\t\t\t\t\t\t\t\t\t<h3>Le langage familier<\/h3>\t\t\t\t\t\t\t\t<\/div>\n\t\t\t\t<\/div>\n\t\t\t\t\t<\/div>\n\t\t<\/div>\n\t\t\t\t\t<\/div>\n\t\t<\/section>\n\t\t\t\t<section class=\"elementor-section elementor-top-section elementor-element elementor-element-a6c7be1 elementor-section-boxed elementor-section-height-default elementor-section-height-default\" data-id=\"a6c7be1\" data-element_type=\"section\">\n\t\t\t\t\t\t<div class=\"elementor-container elementor-column-gap-default\">\n\t\t\t\t\t<div class=\"elementor-column elementor-col-33 elementor-top-column elementor-element elementor-element-7ec07ed\" data-id=\"7ec07ed\" data-element_type=\"column\">\n\t\t\t<div class=\"elementor-widget-wrap elementor-element-populated\">\n\t\t\t\t\t\t<div class=\"elementor-element elementor-element-9f80e1d elementor-widget elementor-widget-text-editor\" data-id=\"9f80e1d\" data-element_type=\"widget\" data-widget_type=\"text-editor.default\">\n\t\t\t\t<div class=\"elementor-widget-container\">\n\t\t\t\t\t\t\t\t\t<p>Comme son nom l\u2019indique, ce langage est utilis\u00e9 pour s\u2019exprimer \u00e0 l\u2019oral en famille ou avec ses proches. De nombreuses expressions famili\u00e8res issues du langage des jeunes (&#8220;avoir le seum&#8221;, &#8220;crush&#8221;, &#8220;wesh&#8221;) s&#8217;infiltrent dans le langage courant, notamment \u00e0 travers les m\u00e9dias et la musique.<\/p>\t\t\t\t\t\t\t\t<\/div>\n\t\t\t\t<\/div>\n\t\t\t\t\t<\/div>\n\t\t<\/div>\n\t\t\t\t<div class=\"elementor-column elementor-col-66 elementor-top-column elementor-element elementor-element-9b5761f\" data-id=\"9b5761f\" data-element_type=\"column\">\n\t\t\t<div class=\"elementor-widget-wrap elementor-element-populated\">\n\t\t\t\t\t\t<div class=\"elementor-element elementor-element-ab379cd elementor-widget elementor-widget-image\" data-id=\"ab379cd\" data-element_type=\"widget\" data-widget_type=\"image.default\">\n\t\t\t\t<div class=\"elementor-widget-container\">\n\t\t\t\t\t\t\t\t\t\t\t\t\t\t\t<img loading=\"lazy\" decoding=\"async\" width=\"700\" height=\"534\" src=\"https:\/\/www.macapflag.com\/blog\/wp-content\/uploads\/2023\/01\/langage-familier.jpg\" class=\"attachment-large size-large wp-image-12018\" alt=\"Le langage familier de la langue fran\u00e7aise\" srcset=\"https:\/\/www.macapflag.com\/blog\/wp-content\/uploads\/2023\/01\/langage-familier.jpg 700w, https:\/\/www.macapflag.com\/blog\/wp-content\/uploads\/2023\/01\/langage-familier-300x229.jpg 300w\" sizes=\"(max-width: 700px) 100vw, 700px\" \/>\t\t\t\t\t\t\t\t\t\t\t\t\t\t\t<\/div>\n\t\t\t\t<\/div>\n\t\t\t\t\t<\/div>\n\t\t<\/div>\n\t\t\t\t\t<\/div>\n\t\t<\/section>\n\t\t\t\t<section class=\"elementor-section elementor-top-section elementor-element elementor-element-5503749 elementor-section-boxed elementor-section-height-default elementor-section-height-default\" data-id=\"5503749\" data-element_type=\"section\">\n\t\t\t\t\t\t<div class=\"elementor-container elementor-column-gap-default\">\n\t\t\t\t\t<div class=\"elementor-column elementor-col-100 elementor-top-column elementor-element elementor-element-33e2dd9\" data-id=\"33e2dd9\" data-element_type=\"column\">\n\t\t\t<div class=\"elementor-widget-wrap elementor-element-populated\">\n\t\t\t\t\t\t<div class=\"elementor-element elementor-element-fb6b4e5 elementor-widget elementor-widget-text-editor\" data-id=\"fb6b4e5\" data-element_type=\"widget\" data-widget_type=\"text-editor.default\">\n\t\t\t\t<div class=\"elementor-widget-container\">\n\t\t\t\t\t\t\t\t\t<h2>Questions r\u00e9ponses !<\/h2>\t\t\t\t\t\t\t\t<\/div>\n\t\t\t\t<\/div>\n\t\t\t\t\t<\/div>\n\t\t<\/div>\n\t\t\t\t\t<\/div>\n\t\t<\/section>\n\t\t\t\t<section class=\"elementor-section elementor-top-section elementor-element elementor-element-5e692a1 elementor-section-boxed elementor-section-height-default elementor-section-height-default\" data-id=\"5e692a1\" data-element_type=\"section\">\n\t\t\t\t\t\t<div class=\"elementor-container elementor-column-gap-default\">\n\t\t\t\t\t<div class=\"elementor-column elementor-col-100 elementor-top-column elementor-element elementor-element-89ede0b\" data-id=\"89ede0b\" data-element_type=\"column\">\n\t\t\t<div class=\"elementor-widget-wrap elementor-element-populated\">\n\t\t\t\t\t\t<div class=\"elementor-element elementor-element-16c0d34 elementor-widget elementor-widget-text-editor\" data-id=\"16c0d34\" data-element_type=\"widget\" data-widget_type=\"text-editor.default\">\n\t\t\t\t<div class=\"elementor-widget-container\">\n\t\t\t\t\t\t\t\t\t<h3>Qu\u2019est-ce que l\u2019\u00e9chelle Dubois-Buyse ?<\/h3>\t\t\t\t\t\t\t\t<\/div>\n\t\t\t\t<\/div>\n\t\t\t\t\t<\/div>\n\t\t<\/div>\n\t\t\t\t\t<\/div>\n\t\t<\/section>\n\t\t\t\t<section class=\"elementor-section elementor-top-section elementor-element elementor-element-9fbc64b elementor-section-boxed elementor-section-height-default elementor-section-height-default\" data-id=\"9fbc64b\" data-element_type=\"section\">\n\t\t\t\t\t\t<div class=\"elementor-container elementor-column-gap-default\">\n\t\t\t\t\t<div class=\"elementor-column elementor-col-50 elementor-top-column elementor-element elementor-element-7258afc\" data-id=\"7258afc\" data-element_type=\"column\">\n\t\t\t<div class=\"elementor-widget-wrap elementor-element-populated\">\n\t\t\t\t\t\t<div class=\"elementor-element elementor-element-2c2268f elementor-widget elementor-widget-image\" data-id=\"2c2268f\" data-element_type=\"widget\" data-widget_type=\"image.default\">\n\t\t\t\t<div class=\"elementor-widget-container\">\n\t\t\t\t\t\t\t\t\t\t\t\t\t\t\t<img loading=\"lazy\" decoding=\"async\" width=\"700\" height=\"534\" src=\"https:\/\/www.macapflag.com\/blog\/wp-content\/uploads\/2023\/01\/echelle-dubois-buyse.jpg\" class=\"attachment-large size-large wp-image-12017\" alt=\"Qu&#039;est-ce que l&#039;\u00e9chelle Dubois-Buyse ?\" srcset=\"https:\/\/www.macapflag.com\/blog\/wp-content\/uploads\/2023\/01\/echelle-dubois-buyse.jpg 700w, https:\/\/www.macapflag.com\/blog\/wp-content\/uploads\/2023\/01\/echelle-dubois-buyse-300x229.jpg 300w\" sizes=\"(max-width: 700px) 100vw, 700px\" \/>\t\t\t\t\t\t\t\t\t\t\t\t\t\t\t<\/div>\n\t\t\t\t<\/div>\n\t\t\t\t\t<\/div>\n\t\t<\/div>\n\t\t\t\t<div class=\"elementor-column elementor-col-50 elementor-top-column elementor-element elementor-element-f84ff21\" data-id=\"f84ff21\" data-element_type=\"column\">\n\t\t\t<div class=\"elementor-widget-wrap elementor-element-populated\">\n\t\t\t\t\t\t<div class=\"elementor-element elementor-element-f62794f elementor-widget elementor-widget-text-editor\" data-id=\"f62794f\" data-element_type=\"widget\" data-widget_type=\"text-editor.default\">\n\t\t\t\t<div class=\"elementor-widget-container\">\n\t\t\t\t\t\t\t\t\t<p>L\u2019\u00e9chelle de Dubois-Buyse est l\u2019\u00e9chelle de graduation qui r\u00e9pertorie environ 4000 mots et les classe par niveau de difficult\u00e9 orthographique de la classe de CP jusqu\u2019au lyc\u00e9e. Cette \u00e9chelle compte 42 \u00e9chelons. Elle est encore utilis\u00e9e aujourd&#8217;hui dans l&#8217;enseignement pour mesurer la progression lexicale des \u00e9l\u00e8ves.<\/p>\t\t\t\t\t\t\t\t<\/div>\n\t\t\t\t<\/div>\n\t\t\t\t\t<\/div>\n\t\t<\/div>\n\t\t\t\t\t<\/div>\n\t\t<\/section>\n\t\t\t\t<section class=\"elementor-section elementor-top-section elementor-element elementor-element-5d5c4af elementor-section-boxed elementor-section-height-default elementor-section-height-default\" data-id=\"5d5c4af\" data-element_type=\"section\">\n\t\t\t\t\t\t<div class=\"elementor-container elementor-column-gap-default\">\n\t\t\t\t\t<div class=\"elementor-column elementor-col-100 elementor-top-column elementor-element elementor-element-1f6acb0\" data-id=\"1f6acb0\" data-element_type=\"column\">\n\t\t\t<div class=\"elementor-widget-wrap elementor-element-populated\">\n\t\t\t\t\t\t<div class=\"elementor-element elementor-element-0e6cc08 elementor-widget elementor-widget-text-editor\" data-id=\"0e6cc08\" data-element_type=\"widget\" data-widget_type=\"text-editor.default\">\n\t\t\t\t<div class=\"elementor-widget-container\">\n\t\t\t\t\t\t\t\t\t<h3>Quel est le plus long mot de la langue fran\u00e7aise ?<\/h3>\t\t\t\t\t\t\t\t<\/div>\n\t\t\t\t<\/div>\n\t\t\t\t\t<\/div>\n\t\t<\/div>\n\t\t\t\t\t<\/div>\n\t\t<\/section>\n\t\t\t\t<section class=\"elementor-section elementor-top-section elementor-element elementor-element-d205928 elementor-section-boxed elementor-section-height-default elementor-section-height-default\" data-id=\"d205928\" data-element_type=\"section\">\n\t\t\t\t\t\t<div class=\"elementor-container elementor-column-gap-default\">\n\t\t\t\t\t<div class=\"elementor-column elementor-col-50 elementor-top-column elementor-element elementor-element-3216cc2\" data-id=\"3216cc2\" data-element_type=\"column\">\n\t\t\t<div class=\"elementor-widget-wrap elementor-element-populated\">\n\t\t\t\t\t\t<div class=\"elementor-element elementor-element-8ed01f6 elementor-widget elementor-widget-image\" data-id=\"8ed01f6\" data-element_type=\"widget\" data-widget_type=\"image.default\">\n\t\t\t\t<div class=\"elementor-widget-container\">\n\t\t\t\t\t\t\t\t\t\t\t\t\t\t\t<img loading=\"lazy\" decoding=\"async\" width=\"700\" height=\"534\" src=\"https:\/\/www.macapflag.com\/blog\/wp-content\/uploads\/2023\/01\/mot-le-plus-long-francais.jpg\" class=\"attachment-large size-large wp-image-12022\" alt=\"Le mot Fran\u00e7ais le plus long\" srcset=\"https:\/\/www.macapflag.com\/blog\/wp-content\/uploads\/2023\/01\/mot-le-plus-long-francais.jpg 700w, https:\/\/www.macapflag.com\/blog\/wp-content\/uploads\/2023\/01\/mot-le-plus-long-francais-300x229.jpg 300w\" sizes=\"(max-width: 700px) 100vw, 700px\" \/>\t\t\t\t\t\t\t\t\t\t\t\t\t\t\t<\/div>\n\t\t\t\t<\/div>\n\t\t\t\t\t<\/div>\n\t\t<\/div>\n\t\t\t\t<div class=\"elementor-column elementor-col-50 elementor-top-column elementor-element elementor-element-618df9d\" data-id=\"618df9d\" data-element_type=\"column\">\n\t\t\t<div class=\"elementor-widget-wrap elementor-element-populated\">\n\t\t\t\t\t\t<div class=\"elementor-element elementor-element-ccda042 elementor-widget elementor-widget-text-editor\" data-id=\"ccda042\" data-element_type=\"widget\" data-widget_type=\"text-editor.default\">\n\t\t\t\t<div class=\"elementor-widget-container\">\n\t\t\t\t\t\t\t\t\t<p>C\u2019est le mot \u201c<strong>anticonstitutionnellement<\/strong>\u201d avec ses 25 lettres qui est longtemps rest\u00e9 en t\u00eate des mots fran\u00e7ais les plus longs. Il a \u00e9t\u00e9 d\u00e9tr\u00f4n\u00e9 par un autre mot qui comporte 2 lettres de plus !\u00a0<strong>\u201cIntergouvernementalisations\u201d<\/strong>\u00a0au pluriel compte 27 lettres.<\/p>\t\t\t\t\t\t\t\t<\/div>\n\t\t\t\t<\/div>\n\t\t\t\t\t<\/div>\n\t\t<\/div>\n\t\t\t\t\t<\/div>\n\t\t<\/section>\n\t\t\t\t<section class=\"elementor-section elementor-top-section elementor-element elementor-element-6546361 elementor-section-boxed elementor-section-height-default elementor-section-height-default\" data-id=\"6546361\" data-element_type=\"section\">\n\t\t\t\t\t\t<div class=\"elementor-container elementor-column-gap-default\">\n\t\t\t\t\t<div class=\"elementor-column elementor-col-100 elementor-top-column elementor-element elementor-element-b8549a4\" data-id=\"b8549a4\" data-element_type=\"column\">\n\t\t\t<div class=\"elementor-widget-wrap elementor-element-populated\">\n\t\t\t\t\t\t<div class=\"elementor-element elementor-element-8db9a12 elementor-widget elementor-widget-text-editor\" data-id=\"8db9a12\" data-element_type=\"widget\" data-widget_type=\"text-editor.default\">\n\t\t\t\t<div class=\"elementor-widget-container\">\n\t\t\t\t\t\t\t\t\t<h2>Et pour les langues \u00e9trang\u00e8res, combien de mots ?<\/h2>\t\t\t\t\t\t\t\t<\/div>\n\t\t\t\t<\/div>\n\t\t\t\t\t<\/div>\n\t\t<\/div>\n\t\t\t\t\t<\/div>\n\t\t<\/section>\n\t\t\t\t<section class=\"elementor-section elementor-top-section elementor-element elementor-element-fd6dde3 elementor-section-boxed elementor-section-height-default elementor-section-height-default\" data-id=\"fd6dde3\" data-element_type=\"section\">\n\t\t\t\t\t\t<div class=\"elementor-container elementor-column-gap-default\">\n\t\t\t\t\t<div class=\"elementor-column elementor-col-100 elementor-top-column elementor-element elementor-element-8c780a3\" data-id=\"8c780a3\" data-element_type=\"column\">\n\t\t\t<div class=\"elementor-widget-wrap elementor-element-populated\">\n\t\t\t\t\t\t<div class=\"elementor-element elementor-element-f2d9fe4 elementor-widget elementor-widget-image\" data-id=\"f2d9fe4\" data-element_type=\"widget\" data-widget_type=\"image.default\">\n\t\t\t\t<div class=\"elementor-widget-container\">\n\t\t\t\t\t\t\t\t\t\t\t\t\t\t\t<img loading=\"lazy\" decoding=\"async\" width=\"700\" height=\"534\" src=\"https:\/\/www.macapflag.com\/blog\/wp-content\/uploads\/2023\/01\/combien-de-mots-dans-les-langues-etrangeres.jpg\" class=\"attachment-large size-large wp-image-12013\" alt=\"Le nombre de mots dans les langues \u00e9trang\u00e8res\" srcset=\"https:\/\/www.macapflag.com\/blog\/wp-content\/uploads\/2023\/01\/combien-de-mots-dans-les-langues-etrangeres.jpg 700w, https:\/\/www.macapflag.com\/blog\/wp-content\/uploads\/2023\/01\/combien-de-mots-dans-les-langues-etrangeres-300x229.jpg 300w\" sizes=\"(max-width: 700px) 100vw, 700px\" \/>\t\t\t\t\t\t\t\t\t\t\t\t\t\t\t<\/div>\n\t\t\t\t<\/div>\n\t\t\t\t\t<\/div>\n\t\t<\/div>\n\t\t\t\t\t<\/div>\n\t\t<\/section>\n\t\t\t\t<section class=\"elementor-section elementor-top-section elementor-element elementor-element-76ccfc9 elementor-section-boxed elementor-section-height-default elementor-section-height-default\" data-id=\"76ccfc9\" data-element_type=\"section\">\n\t\t\t\t\t\t<div class=\"elementor-container elementor-column-gap-default\">\n\t\t\t\t\t<div class=\"elementor-column elementor-col-100 elementor-top-column elementor-element elementor-element-48febad\" data-id=\"48febad\" data-element_type=\"column\">\n\t\t\t<div class=\"elementor-widget-wrap elementor-element-populated\">\n\t\t\t\t\t\t<div class=\"elementor-element elementor-element-0509600 elementor-widget elementor-widget-text-editor\" data-id=\"0509600\" data-element_type=\"widget\" data-widget_type=\"text-editor.default\">\n\t\t\t\t<div class=\"elementor-widget-container\">\n\t\t\t\t\t\t\t\t\t<p>Difficile de conna\u00eetre le nombre de mots \u00e0 conna\u00eetre pour s\u2019exprimer en langues \u00e9trang\u00e8res, chaque langue disposant d\u2019un nombre de mots diff\u00e9rent. <br \/>Dans un article de Ouest France, le professeur Stuart Webb de l\u2019Universit\u00e9 de Western Ontario (Canada) annonce que 800 mots suffisent pour comprendre une langue et se faire comprendre dans un pays. Par contre, pour regarder une s\u00e9rie TV, 3 000 mots sont n\u00e9cessaires et pour lire des textes sp\u00e9cialis\u00e9s, Il vaut mieux en maitriser entre 8 000 et 10 000.<br \/>En anglais, les applications d&#8217;apprentissage linguistique comme Duolingo ou Babbel estiment qu&#8217;un vocabulaire de base de 2 000 mots permet d\u00e9j\u00e0 de tenir une conversation fluide.<\/p>\t\t\t\t\t\t\t\t<\/div>\n\t\t\t\t<\/div>\n\t\t\t\t\t<\/div>\n\t\t<\/div>\n\t\t\t\t\t<\/div>\n\t\t<\/section>\n\t\t\t\t<section class=\"elementor-section elementor-top-section elementor-element elementor-element-4a2cc13 elementor-section-boxed elementor-section-height-default elementor-section-height-default\" data-id=\"4a2cc13\" data-element_type=\"section\">\n\t\t\t\t\t\t<div class=\"elementor-container elementor-column-gap-default\">\n\t\t\t\t\t<div class=\"elementor-column elementor-col-100 elementor-top-column elementor-element elementor-element-d8a47b2\" data-id=\"d8a47b2\" data-element_type=\"column\">\n\t\t\t<div class=\"elementor-widget-wrap elementor-element-populated\">\n\t\t\t\t\t\t<div class=\"elementor-element elementor-element-00ce4ae elementor-widget elementor-widget-text-editor\" data-id=\"00ce4ae\" data-element_type=\"widget\" data-widget_type=\"text-editor.default\">\n\t\t\t\t<div class=\"elementor-widget-container\">\n\t\t\t\t\t\t\t\t\t<h3>Quel est le mot le plus long du monde ?<\/h3>\t\t\t\t\t\t\t\t<\/div>\n\t\t\t\t<\/div>\n\t\t\t\t\t<\/div>\n\t\t<\/div>\n\t\t\t\t\t<\/div>\n\t\t<\/section>\n\t\t\t\t<section class=\"elementor-section elementor-top-section elementor-element elementor-element-5466d19 elementor-section-boxed elementor-section-height-default elementor-section-height-default\" data-id=\"5466d19\" data-element_type=\"section\">\n\t\t\t\t\t\t<div class=\"elementor-container elementor-column-gap-default\">\n\t\t\t\t\t<div class=\"elementor-column elementor-col-50 elementor-top-column elementor-element elementor-element-8a2a235\" data-id=\"8a2a235\" data-element_type=\"column\">\n\t\t\t<div class=\"elementor-widget-wrap elementor-element-populated\">\n\t\t\t\t\t\t<div class=\"elementor-element elementor-element-c7b9a90 elementor-widget elementor-widget-image\" data-id=\"c7b9a90\" data-element_type=\"widget\" data-widget_type=\"image.default\">\n\t\t\t\t<div class=\"elementor-widget-container\">\n\t\t\t\t\t\t\t\t\t\t\t\t\t\t\t<img loading=\"lazy\" decoding=\"async\" width=\"700\" height=\"534\" src=\"https:\/\/www.macapflag.com\/blog\/wp-content\/uploads\/2023\/01\/mot-le-plus-long-du-monde.jpg\" class=\"attachment-large size-large wp-image-12021\" alt=\"Le mot le plus long du monde\" srcset=\"https:\/\/www.macapflag.com\/blog\/wp-content\/uploads\/2023\/01\/mot-le-plus-long-du-monde.jpg 700w, https:\/\/www.macapflag.com\/blog\/wp-content\/uploads\/2023\/01\/mot-le-plus-long-du-monde-300x229.jpg 300w\" sizes=\"(max-width: 700px) 100vw, 700px\" \/>\t\t\t\t\t\t\t\t\t\t\t\t\t\t\t<\/div>\n\t\t\t\t<\/div>\n\t\t\t\t\t<\/div>\n\t\t<\/div>\n\t\t\t\t<div class=\"elementor-column elementor-col-50 elementor-top-column elementor-element elementor-element-769a5c5\" data-id=\"769a5c5\" data-element_type=\"column\">\n\t\t\t<div class=\"elementor-widget-wrap elementor-element-populated\">\n\t\t\t\t\t\t<div class=\"elementor-element elementor-element-1f537c7 text-break elementor-widget elementor-widget-text-editor\" data-id=\"1f537c7\" data-element_type=\"widget\" data-widget_type=\"text-editor.default\">\n\t\t\t\t<div class=\"elementor-widget-container\">\n\t\t\t\t\t\t\t\t\t<p>Le mot de plus long du monde enregistr\u00e9 dans le Guinness Book des records nous vient de Nouvelle-Z\u00e9lande. Il compte 85 lettres : \u201c<strong>Taumatawhakatangihangakoauauotamateaturipukakapikimaungahoronukupokaiwhenuakitanatahu<\/strong>\u201d.<\/p>\t\t\t\t\t\t\t\t<\/div>\n\t\t\t\t<\/div>\n\t\t\t\t\t<\/div>\n\t\t<\/div>\n\t\t\t\t\t<\/div>\n\t\t<\/section>\n\t\t\t\t<section class=\"elementor-section elementor-top-section elementor-element elementor-element-018b383 elementor-section-boxed elementor-section-height-default elementor-section-height-default\" data-id=\"018b383\" data-element_type=\"section\">\n\t\t\t\t\t\t<div class=\"elementor-container elementor-column-gap-default\">\n\t\t\t\t\t<div class=\"elementor-column elementor-col-100 elementor-top-column elementor-element elementor-element-2dd2ce5\" data-id=\"2dd2ce5\" data-element_type=\"column\">\n\t\t\t<div class=\"elementor-widget-wrap elementor-element-populated\">\n\t\t\t\t\t\t<div class=\"elementor-element elementor-element-41c4929 elementor-widget elementor-widget-text-editor\" data-id=\"41c4929\" data-element_type=\"widget\" data-widget_type=\"text-editor.default\">\n\t\t\t\t<div class=\"elementor-widget-container\">\n\t\t\t\t\t\t\t\t\t<p><br \/>Il d\u00e9signe une colline de Nouvelle-Z\u00e9lande. Si l&#8217;on devait le traduire en fran\u00e7ais, cela donnerait : &#8220;Le sommet o\u00f9 Tamatea, l\u2019homme aux gros genoux, l\u2019arpenteur, le grimpeur de montagnes, le marcheur qui voyagea jusqu\u2019ici, joua de sa fl\u00fbte nasale \u00e0 sa bien aim\u00e9e.&#8221;<\/p>\t\t\t\t\t\t\t\t<\/div>\n\t\t\t\t<\/div>\n\t\t\t\t\t<\/div>\n\t\t<\/div>\n\t\t\t\t\t<\/div>\n\t\t<\/section>\n\t\t\t\t<section class=\"elementor-section elementor-top-section elementor-element elementor-element-a12f9fd elementor-section-boxed elementor-section-height-default elementor-section-height-default\" data-id=\"a12f9fd\" data-element_type=\"section\">\n\t\t\t\t\t\t<div class=\"elementor-container elementor-column-gap-default\">\n\t\t\t\t\t<div class=\"elementor-column elementor-col-100 elementor-top-column elementor-element elementor-element-37fcc3a\" data-id=\"37fcc3a\" data-element_type=\"column\">\n\t\t\t<div class=\"elementor-widget-wrap elementor-element-populated\">\n\t\t\t\t\t\t<div class=\"elementor-element elementor-element-1ae5e71 elementor-widget elementor-widget-text-editor\" data-id=\"1ae5e71\" data-element_type=\"widget\" data-widget_type=\"text-editor.default\">\n\t\t\t\t<div class=\"elementor-widget-container\">\n\t\t\t\t\t\t\t\t\t<h3>Quelle est la langue qui a le plus de mots ?<\/h3>\t\t\t\t\t\t\t\t<\/div>\n\t\t\t\t<\/div>\n\t\t\t\t\t<\/div>\n\t\t<\/div>\n\t\t\t\t\t<\/div>\n\t\t<\/section>\n\t\t\t\t<section class=\"elementor-section elementor-top-section elementor-element elementor-element-698936e elementor-section-boxed elementor-section-height-default elementor-section-height-default\" data-id=\"698936e\" data-element_type=\"section\">\n\t\t\t\t\t\t<div class=\"elementor-container elementor-column-gap-default\">\n\t\t\t\t\t<div class=\"elementor-column elementor-col-50 elementor-top-column elementor-element elementor-element-7bbd148\" data-id=\"7bbd148\" data-element_type=\"column\">\n\t\t\t<div class=\"elementor-widget-wrap elementor-element-populated\">\n\t\t\t\t\t\t<div class=\"elementor-element elementor-element-87380da elementor-widget elementor-widget-image\" data-id=\"87380da\" data-element_type=\"widget\" data-widget_type=\"image.default\">\n\t\t\t\t<div class=\"elementor-widget-container\">\n\t\t\t\t\t\t\t\t\t\t\t\t\t\t\t<img loading=\"lazy\" decoding=\"async\" width=\"700\" height=\"534\" src=\"https:\/\/www.macapflag.com\/blog\/wp-content\/uploads\/2023\/01\/langue-avec-le-plus-de-mots.jpg\" class=\"attachment-large size-large wp-image-12020\" alt=\"Quelle langue \u00e9trang\u00e8re a le plus de mots ?\" srcset=\"https:\/\/www.macapflag.com\/blog\/wp-content\/uploads\/2023\/01\/langue-avec-le-plus-de-mots.jpg 700w, https:\/\/www.macapflag.com\/blog\/wp-content\/uploads\/2023\/01\/langue-avec-le-plus-de-mots-300x229.jpg 300w\" sizes=\"(max-width: 700px) 100vw, 700px\" \/>\t\t\t\t\t\t\t\t\t\t\t\t\t\t\t<\/div>\n\t\t\t\t<\/div>\n\t\t\t\t\t<\/div>\n\t\t<\/div>\n\t\t\t\t<div class=\"elementor-column elementor-col-50 elementor-top-column elementor-element elementor-element-0fdb302\" data-id=\"0fdb302\" data-element_type=\"column\">\n\t\t\t<div class=\"elementor-widget-wrap elementor-element-populated\">\n\t\t\t\t\t\t<div class=\"elementor-element elementor-element-f32a497 elementor-widget elementor-widget-text-editor\" data-id=\"f32a497\" data-element_type=\"widget\" data-widget_type=\"text-editor.default\">\n\t\t\t\t<div class=\"elementor-widget-container\">\n\t\t\t\t\t\t\t\t\t<p>S\u2019il est difficile de mesurer pr\u00e9cis\u00e9ment le nombre de mots r\u00e9pertori\u00e9s dans chaque langue du monde, <strong>la langue anglaise<\/strong> semble \u00eatre l\u2019une des plus riches. 200 000 mots sont recens\u00e9s dans l\u2019Oxford English Dictionary.<\/p>\t\t\t\t\t\t\t\t<\/div>\n\t\t\t\t<\/div>\n\t\t\t\t\t<\/div>\n\t\t<\/div>\n\t\t\t\t\t<\/div>\n\t\t<\/section>\n\t\t\t\t<section class=\"elementor-section elementor-top-section elementor-element elementor-element-416c517 elementor-section-boxed elementor-section-height-default elementor-section-height-default\" data-id=\"416c517\" data-element_type=\"section\">\n\t\t\t\t\t\t<div class=\"elementor-container elementor-column-gap-default\">\n\t\t\t\t\t<div class=\"elementor-column elementor-col-100 elementor-top-column elementor-element elementor-element-7bc8ce4\" data-id=\"7bc8ce4\" data-element_type=\"column\">\n\t\t\t<div class=\"elementor-widget-wrap elementor-element-populated\">\n\t\t\t\t\t\t<div class=\"elementor-element elementor-element-ea1548e elementor-widget elementor-widget-text-editor\" data-id=\"ea1548e\" data-element_type=\"widget\" data-widget_type=\"text-editor.default\">\n\t\t\t\t<div class=\"elementor-widget-container\">\n\t\t\t\t\t\t\t\t\t<p>La richesse du champ lexical anglais s\u2019explique par le grand nombre\u00a0d\u2019invasions du territoire par les vikings et les normands qui ont, au fil du temps, enrichi le vocabulaire. Ce sont ensuite les vagues successives de colonisation et d\u2019exploration qui, \u00e0 leur tour, ont permis d\u2019enrichir encore le vocabulaire anglais.<br \/>\u00c0 l\u2019heure de la mondialisation et de l\u2019acc\u00e9l\u00e9ration des \u00e9changes entre les r\u00e9gions du monde, les langues s\u2019enrichissent encore davantage les unes des autres.<\/p><p>\u00c0 noter : la langue allemande poss\u00e8de elle aussi un tr\u00e8s grand potentiel d&#8217;invention de mots compos\u00e9s, ce qui la rend \u00e9galement extr\u00eamement riche en termes de vocabulaire.<\/p>\t\t\t\t\t\t\t\t<\/div>\n\t\t\t\t<\/div>\n\t\t\t\t\t<\/div>\n\t\t<\/div>\n\t\t\t\t\t<\/div>\n\t\t<\/section>\n\t\t\t\t<section class=\"elementor-section elementor-top-section elementor-element elementor-element-44e4fc0 elementor-section-boxed elementor-section-height-default elementor-section-height-default\" data-id=\"44e4fc0\" data-element_type=\"section\">\n\t\t\t\t\t\t<div class=\"elementor-container elementor-column-gap-default\">\n\t\t\t\t\t<div class=\"elementor-column elementor-col-100 elementor-top-column elementor-element elementor-element-0aef0c1\" data-id=\"0aef0c1\" data-element_type=\"column\">\n\t\t\t<div class=\"elementor-widget-wrap elementor-element-populated\">\n\t\t\t\t\t\t<div class=\"elementor-element elementor-element-6b4afe8 elementor-widget elementor-widget-image\" data-id=\"6b4afe8\" data-element_type=\"widget\" data-widget_type=\"image.default\">\n\t\t\t\t<div class=\"elementor-widget-container\">\n\t\t\t\t\t\t\t\t\t\t\t\t\t\t\t\t<a href=\"https:\/\/www.macapflag.com\/\" target=\"_blank\">\n\t\t\t\t\t\t\t<img loading=\"lazy\" decoding=\"async\" width=\"700\" height=\"320\" src=\"https:\/\/www.macapflag.com\/blog\/wp-content\/uploads\/2021\/04\/fabriquant-de-drapeaux-kakemonos-banderoles-beach-flags-oriflammes-macap.jpg\" class=\"attachment-large size-large wp-image-10133\" alt=\"Macap fabriquant de drapeaux kak\u00e9mono banderole beach flag oriflamme\" srcset=\"https:\/\/www.macapflag.com\/blog\/wp-content\/uploads\/2021\/04\/fabriquant-de-drapeaux-kakemonos-banderoles-beach-flags-oriflammes-macap.jpg 700w, https:\/\/www.macapflag.com\/blog\/wp-content\/uploads\/2021\/04\/fabriquant-de-drapeaux-kakemonos-banderoles-beach-flags-oriflammes-macap-300x137.jpg 300w\" sizes=\"(max-width: 700px) 100vw, 700px\" \/>\t\t\t\t\t\t\t\t<\/a>\n\t\t\t\t\t\t\t\t\t\t\t\t\t\t\t<\/div>\n\t\t\t\t<\/div>\n\t\t\t\t\t<\/div>\n\t\t<\/div>\n\t\t\t\t\t<\/div>\n\t\t<\/section>\n\t\t\t\t<\/div>\n\t\t","protected":false},"excerpt":{"rendered":"<div class=\"tmnf_excerpt\"><p>Plusieurs sources indiquent que 10\u2009% des Fran\u00e7ais vivraient avec moins de 500 mots. Ce chiffre repr\u00e9senterait, en quelque sorte, le &#8220;seuil de pauvret\u00e9&#8221;du langage.S\u2019il est difficile pour chacun d\u2019\u00e9valuer le nombre de mots utilis\u00e9 dans son langage courant, il est tout aussi compliqu\u00e9 de mesurer ce chiffre de mani\u00e8re fiable \u00e0 l\u2019\u00e9chelle de la population.Ce &hellip;<\/p>\n<\/div>","protected":false},"author":2,"featured_media":12015,"comment_status":"closed","ping_status":"open","sticky":false,"template":"template-fullwidth.php","format":"standard","meta":{"footnotes":""},"categories":[93],"tags":[],"class_list":["post-11999","post","type-post","status-publish","format-standard","has-post-thumbnail","hentry","category-com"],"yoast_head":"<!-- This site is optimized with the Yoast SEO plugin v26.4 - https:\/\/yoast.com\/wordpress\/plugins\/seo\/ -->\n<title>Combien de mots utilise-t-on dans la langue fran\u00e7aise courante ?<\/title>\n<meta name=\"description\" content=\"Les mots utilis\u00e9s dans la langue fran\u00e7aise, les diff\u00e9rents niveaux de connaissance, le langage courant, soutenu ou familier, apprenez tout !\" \/>\n<meta name=\"robots\" content=\"index, follow, max-snippet:-1, max-image-preview:large, max-video-preview:-1\" \/>\n<link rel=\"canonical\" href=\"https:\/\/www.macapflag.com\/blog\/langue\/\" \/>\n<meta property=\"og:locale\" content=\"fr_FR\" \/>\n<meta property=\"og:type\" content=\"article\" \/>\n<meta property=\"og:title\" content=\"Combien de mots utilise-t-on dans la langue fran\u00e7aise courante ?\" \/>\n<meta property=\"og:description\" content=\"Les mots utilis\u00e9s dans la langue fran\u00e7aise, les diff\u00e9rents niveaux de connaissance, le langage courant, soutenu ou familier, apprenez tout !\" \/>\n<meta property=\"og:url\" content=\"https:\/\/www.macapflag.com\/blog\/langue\/\" \/>\n<meta property=\"og:site_name\" content=\"Blog - Macap\" \/>\n<meta property=\"article:publisher\" content=\"https:\/\/www.facebook.com\/macap.pavoisement\/\" \/>\n<meta property=\"article:published_time\" content=\"2025-08-13T06:03:41+00:00\" \/>\n<meta property=\"og:image\" content=\"https:\/\/www.macapflag.com\/blog\/wp-content\/uploads\/2023\/01\/combien-de-mots-utilise-t-on-dans-la-langue-francaise.jpg\" \/>\n\t<meta property=\"og:image:width\" content=\"870\" \/>\n\t<meta property=\"og:image:height\" content=\"600\" \/>\n\t<meta property=\"og:image:type\" content=\"image\/jpeg\" \/>\n<meta name=\"author\" content=\"Blog Macap\" \/>\n<meta name=\"twitter:card\" content=\"summary_large_image\" \/>\n<meta name=\"twitter:label1\" content=\"\u00c9crit par\" \/>\n\t<meta name=\"twitter:data1\" content=\"Blog Macap\" \/>\n\t<meta name=\"twitter:label2\" content=\"Dur\u00e9e de lecture estim\u00e9e\" \/>\n\t<meta name=\"twitter:data2\" content=\"8 minutes\" \/>\n<script type=\"application\/ld+json\" class=\"yoast-schema-graph\">{\"@context\":\"https:\/\/schema.org\",\"@graph\":[{\"@type\":\"Article\",\"@id\":\"https:\/\/www.macapflag.com\/blog\/langue\/#article\",\"isPartOf\":{\"@id\":\"https:\/\/www.macapflag.com\/blog\/langue\/\"},\"author\":{\"name\":\"Blog Macap\",\"@id\":\"https:\/\/www.macapflag.com\/blog\/#\/schema\/person\/3fea701f2603875e651e6b662578fc3c\"},\"headline\":\"Combien de mots de la langue fran\u00e7aiseutilise-t-on dans le langage courant ?\",\"datePublished\":\"2025-08-13T06:03:41+00:00\",\"mainEntityOfPage\":{\"@id\":\"https:\/\/www.macapflag.com\/blog\/langue\/\"},\"wordCount\":988,\"publisher\":{\"@id\":\"https:\/\/www.macapflag.com\/blog\/#organization\"},\"image\":{\"@id\":\"https:\/\/www.macapflag.com\/blog\/langue\/#primaryimage\"},\"thumbnailUrl\":\"https:\/\/www.macapflag.com\/blog\/wp-content\/uploads\/2023\/01\/combien-de-mots-utilise-t-on-dans-la-langue-francaise.jpg\",\"articleSection\":[\"Le monde de la Com'\"],\"inLanguage\":\"fr-FR\"},{\"@type\":\"WebPage\",\"@id\":\"https:\/\/www.macapflag.com\/blog\/langue\/\",\"url\":\"https:\/\/www.macapflag.com\/blog\/langue\/\",\"name\":\"Combien de mots utilise-t-on dans la langue fran\u00e7aise courante ?\",\"isPartOf\":{\"@id\":\"https:\/\/www.macapflag.com\/blog\/#website\"},\"primaryImageOfPage\":{\"@id\":\"https:\/\/www.macapflag.com\/blog\/langue\/#primaryimage\"},\"image\":{\"@id\":\"https:\/\/www.macapflag.com\/blog\/langue\/#primaryimage\"},\"thumbnailUrl\":\"https:\/\/www.macapflag.com\/blog\/wp-content\/uploads\/2023\/01\/combien-de-mots-utilise-t-on-dans-la-langue-francaise.jpg\",\"datePublished\":\"2025-08-13T06:03:41+00:00\",\"description\":\"Les mots utilis\u00e9s dans la langue fran\u00e7aise, les diff\u00e9rents niveaux de connaissance, le langage courant, soutenu ou familier, apprenez tout !\",\"breadcrumb\":{\"@id\":\"https:\/\/www.macapflag.com\/blog\/langue\/#breadcrumb\"},\"inLanguage\":\"fr-FR\",\"potentialAction\":[{\"@type\":\"ReadAction\",\"target\":[\"https:\/\/www.macapflag.com\/blog\/langue\/\"]}]},{\"@type\":\"ImageObject\",\"inLanguage\":\"fr-FR\",\"@id\":\"https:\/\/www.macapflag.com\/blog\/langue\/#primaryimage\",\"url\":\"https:\/\/www.macapflag.com\/blog\/wp-content\/uploads\/2023\/01\/combien-de-mots-utilise-t-on-dans-la-langue-francaise.jpg\",\"contentUrl\":\"https:\/\/www.macapflag.com\/blog\/wp-content\/uploads\/2023\/01\/combien-de-mots-utilise-t-on-dans-la-langue-francaise.jpg\",\"width\":870,\"height\":600,\"caption\":\"Combien de mots utilise-t-on dans la langue fran\u00e7aise ?\"},{\"@type\":\"BreadcrumbList\",\"@id\":\"https:\/\/www.macapflag.com\/blog\/langue\/#breadcrumb\",\"itemListElement\":[{\"@type\":\"ListItem\",\"position\":1,\"name\":\"Accueil\",\"item\":\"https:\/\/www.macapflag.com\/blog\/\"},{\"@type\":\"ListItem\",\"position\":2,\"name\":\"Combien de mots de la langue fran\u00e7aiseutilise-t-on dans le langage courant ?\"}]},{\"@type\":\"WebSite\",\"@id\":\"https:\/\/www.macapflag.com\/blog\/#website\",\"url\":\"https:\/\/www.macapflag.com\/blog\/\",\"name\":\"Blog - Macap\",\"description\":\"Tous nos articles\",\"publisher\":{\"@id\":\"https:\/\/www.macapflag.com\/blog\/#organization\"},\"potentialAction\":[{\"@type\":\"SearchAction\",\"target\":{\"@type\":\"EntryPoint\",\"urlTemplate\":\"https:\/\/www.macapflag.com\/blog\/?s={search_term_string}\"},\"query-input\":{\"@type\":\"PropertyValueSpecification\",\"valueRequired\":true,\"valueName\":\"search_term_string\"}}],\"inLanguage\":\"fr-FR\"},{\"@type\":\"Organization\",\"@id\":\"https:\/\/www.macapflag.com\/blog\/#organization\",\"name\":\"macapflag\",\"url\":\"https:\/\/www.macapflag.com\/blog\/\",\"logo\":{\"@type\":\"ImageObject\",\"inLanguage\":\"fr-FR\",\"@id\":\"https:\/\/www.macapflag.com\/blog\/#\/schema\/logo\/image\/\",\"url\":\"https:\/\/www.macapflag.com\/blog\/wp-content\/uploads\/2020\/12\/cropped-M-512-1.png\",\"contentUrl\":\"https:\/\/www.macapflag.com\/blog\/wp-content\/uploads\/2020\/12\/cropped-M-512-1.png\",\"width\":512,\"height\":512,\"caption\":\"macapflag\"},\"image\":{\"@id\":\"https:\/\/www.macapflag.com\/blog\/#\/schema\/logo\/image\/\"},\"sameAs\":[\"https:\/\/www.facebook.com\/macap.pavoisement\/\",\"https:\/\/www.instagram.com\/macapflag\/?hl=fr\",\"https:\/\/www.linkedin.com\/company\/macap\/?originalSubdomain=fr\",\"https:\/\/www.youtube.com\/channel\/UCXNzTIdZh9poEBjSXEqDtNw\"]},{\"@type\":\"Person\",\"@id\":\"https:\/\/www.macapflag.com\/blog\/#\/schema\/person\/3fea701f2603875e651e6b662578fc3c\",\"name\":\"Blog Macap\",\"image\":{\"@type\":\"ImageObject\",\"inLanguage\":\"fr-FR\",\"@id\":\"https:\/\/www.macapflag.com\/blog\/#\/schema\/person\/image\/\",\"url\":\"https:\/\/secure.gravatar.com\/avatar\/c12551f2dc51f0db049633b03e7856985477a70da834cc8967dea4ce54bdd6a2?s=96&d=mm&r=g\",\"contentUrl\":\"https:\/\/secure.gravatar.com\/avatar\/c12551f2dc51f0db049633b03e7856985477a70da834cc8967dea4ce54bdd6a2?s=96&d=mm&r=g\",\"caption\":\"Blog Macap\"},\"url\":\"https:\/\/www.macapflag.com\/blog\/author\/macap\/\"}]}<\/script>\n<!-- \/ Yoast SEO plugin. -->","yoast_head_json":{"title":"Combien de mots utilise-t-on dans la langue fran\u00e7aise courante ?","description":"Les mots utilis\u00e9s dans la langue fran\u00e7aise, les diff\u00e9rents niveaux de connaissance, le langage courant, soutenu ou familier, apprenez tout !","robots":{"index":"index","follow":"follow","max-snippet":"max-snippet:-1","max-image-preview":"max-image-preview:large","max-video-preview":"max-video-preview:-1"},"canonical":"https:\/\/www.macapflag.com\/blog\/langue\/","og_locale":"fr_FR","og_type":"article","og_title":"Combien de mots utilise-t-on dans la langue fran\u00e7aise courante ?","og_description":"Les mots utilis\u00e9s dans la langue fran\u00e7aise, les diff\u00e9rents niveaux de connaissance, le langage courant, soutenu ou familier, apprenez tout !","og_url":"https:\/\/www.macapflag.com\/blog\/langue\/","og_site_name":"Blog - Macap","article_publisher":"https:\/\/www.facebook.com\/macap.pavoisement\/","article_published_time":"2025-08-13T06:03:41+00:00","og_image":[{"width":870,"height":600,"url":"https:\/\/www.macapflag.com\/blog\/wp-content\/uploads\/2023\/01\/combien-de-mots-utilise-t-on-dans-la-langue-francaise.jpg","type":"image\/jpeg"}],"author":"Blog Macap","twitter_card":"summary_large_image","twitter_misc":{"\u00c9crit par":"Blog Macap","Dur\u00e9e de lecture estim\u00e9e":"8 minutes"},"schema":{"@context":"https:\/\/schema.org","@graph":[{"@type":"Article","@id":"https:\/\/www.macapflag.com\/blog\/langue\/#article","isPartOf":{"@id":"https:\/\/www.macapflag.com\/blog\/langue\/"},"author":{"name":"Blog Macap","@id":"https:\/\/www.macapflag.com\/blog\/#\/schema\/person\/3fea701f2603875e651e6b662578fc3c"},"headline":"Combien de mots de la langue fran\u00e7aiseutilise-t-on dans le langage courant ?","datePublished":"2025-08-13T06:03:41+00:00","mainEntityOfPage":{"@id":"https:\/\/www.macapflag.com\/blog\/langue\/"},"wordCount":988,"publisher":{"@id":"https:\/\/www.macapflag.com\/blog\/#organization"},"image":{"@id":"https:\/\/www.macapflag.com\/blog\/langue\/#primaryimage"},"thumbnailUrl":"https:\/\/www.macapflag.com\/blog\/wp-content\/uploads\/2023\/01\/combien-de-mots-utilise-t-on-dans-la-langue-francaise.jpg","articleSection":["Le monde de la Com'"],"inLanguage":"fr-FR"},{"@type":"WebPage","@id":"https:\/\/www.macapflag.com\/blog\/langue\/","url":"https:\/\/www.macapflag.com\/blog\/langue\/","name":"Combien de mots utilise-t-on dans la langue fran\u00e7aise courante ?","isPartOf":{"@id":"https:\/\/www.macapflag.com\/blog\/#website"},"primaryImageOfPage":{"@id":"https:\/\/www.macapflag.com\/blog\/langue\/#primaryimage"},"image":{"@id":"https:\/\/www.macapflag.com\/blog\/langue\/#primaryimage"},"thumbnailUrl":"https:\/\/www.macapflag.com\/blog\/wp-content\/uploads\/2023\/01\/combien-de-mots-utilise-t-on-dans-la-langue-francaise.jpg","datePublished":"2025-08-13T06:03:41+00:00","description":"Les mots utilis\u00e9s dans la langue fran\u00e7aise, les diff\u00e9rents niveaux de connaissance, le langage courant, soutenu ou familier, apprenez tout !","breadcrumb":{"@id":"https:\/\/www.macapflag.com\/blog\/langue\/#breadcrumb"},"inLanguage":"fr-FR","potentialAction":[{"@type":"ReadAction","target":["https:\/\/www.macapflag.com\/blog\/langue\/"]}]},{"@type":"ImageObject","inLanguage":"fr-FR","@id":"https:\/\/www.macapflag.com\/blog\/langue\/#primaryimage","url":"https:\/\/www.macapflag.com\/blog\/wp-content\/uploads\/2023\/01\/combien-de-mots-utilise-t-on-dans-la-langue-francaise.jpg","contentUrl":"https:\/\/www.macapflag.com\/blog\/wp-content\/uploads\/2023\/01\/combien-de-mots-utilise-t-on-dans-la-langue-francaise.jpg","width":870,"height":600,"caption":"Combien de mots utilise-t-on dans la langue fran\u00e7aise ?"},{"@type":"BreadcrumbList","@id":"https:\/\/www.macapflag.com\/blog\/langue\/#breadcrumb","itemListElement":[{"@type":"ListItem","position":1,"name":"Accueil","item":"https:\/\/www.macapflag.com\/blog\/"},{"@type":"ListItem","position":2,"name":"Combien de mots de la langue fran\u00e7aiseutilise-t-on dans le langage courant ?"}]},{"@type":"WebSite","@id":"https:\/\/www.macapflag.com\/blog\/#website","url":"https:\/\/www.macapflag.com\/blog\/","name":"Blog - Macap","description":"Tous nos articles","publisher":{"@id":"https:\/\/www.macapflag.com\/blog\/#organization"},"potentialAction":[{"@type":"SearchAction","target":{"@type":"EntryPoint","urlTemplate":"https:\/\/www.macapflag.com\/blog\/?s={search_term_string}"},"query-input":{"@type":"PropertyValueSpecification","valueRequired":true,"valueName":"search_term_string"}}],"inLanguage":"fr-FR"},{"@type":"Organization","@id":"https:\/\/www.macapflag.com\/blog\/#organization","name":"macapflag","url":"https:\/\/www.macapflag.com\/blog\/","logo":{"@type":"ImageObject","inLanguage":"fr-FR","@id":"https:\/\/www.macapflag.com\/blog\/#\/schema\/logo\/image\/","url":"https:\/\/www.macapflag.com\/blog\/wp-content\/uploads\/2020\/12\/cropped-M-512-1.png","contentUrl":"https:\/\/www.macapflag.com\/blog\/wp-content\/uploads\/2020\/12\/cropped-M-512-1.png","width":512,"height":512,"caption":"macapflag"},"image":{"@id":"https:\/\/www.macapflag.com\/blog\/#\/schema\/logo\/image\/"},"sameAs":["https:\/\/www.facebook.com\/macap.pavoisement\/","https:\/\/www.instagram.com\/macapflag\/?hl=fr","https:\/\/www.linkedin.com\/company\/macap\/?originalSubdomain=fr","https:\/\/www.youtube.com\/channel\/UCXNzTIdZh9poEBjSXEqDtNw"]},{"@type":"Person","@id":"https:\/\/www.macapflag.com\/blog\/#\/schema\/person\/3fea701f2603875e651e6b662578fc3c","name":"Blog Macap","image":{"@type":"ImageObject","inLanguage":"fr-FR","@id":"https:\/\/www.macapflag.com\/blog\/#\/schema\/person\/image\/","url":"https:\/\/secure.gravatar.com\/avatar\/c12551f2dc51f0db049633b03e7856985477a70da834cc8967dea4ce54bdd6a2?s=96&d=mm&r=g","contentUrl":"https:\/\/secure.gravatar.com\/avatar\/c12551f2dc51f0db049633b03e7856985477a70da834cc8967dea4ce54bdd6a2?s=96&d=mm&r=g","caption":"Blog Macap"},"url":"https:\/\/www.macapflag.com\/blog\/author\/macap\/"}]}},"_links":{"self":[{"href":"https:\/\/www.macapflag.com\/blog\/wp-json\/wp\/v2\/posts\/11999","targetHints":{"allow":["GET"]}}],"collection":[{"href":"https:\/\/www.macapflag.com\/blog\/wp-json\/wp\/v2\/posts"}],"about":[{"href":"https:\/\/www.macapflag.com\/blog\/wp-json\/wp\/v2\/types\/post"}],"author":[{"embeddable":true,"href":"https:\/\/www.macapflag.com\/blog\/wp-json\/wp\/v2\/users\/2"}],"replies":[{"embeddable":true,"href":"https:\/\/www.macapflag.com\/blog\/wp-json\/wp\/v2\/comments?post=11999"}],"version-history":[{"count":43,"href":"https:\/\/www.macapflag.com\/blog\/wp-json\/wp\/v2\/posts\/11999\/revisions"}],"predecessor-version":[{"id":20599,"href":"https:\/\/www.macapflag.com\/blog\/wp-json\/wp\/v2\/posts\/11999\/revisions\/20599"}],"wp:featuredmedia":[{"embeddable":true,"href":"https:\/\/www.macapflag.com\/blog\/wp-json\/wp\/v2\/media\/12015"}],"wp:attachment":[{"href":"https:\/\/www.macapflag.com\/blog\/wp-json\/wp\/v2\/media?parent=11999"}],"wp:term":[{"taxonomy":"category","embeddable":true,"href":"https:\/\/www.macapflag.com\/blog\/wp-json\/wp\/v2\/categories?post=11999"},{"taxonomy":"post_tag","embeddable":true,"href":"https:\/\/www.macapflag.com\/blog\/wp-json\/wp\/v2\/tags?post=11999"}],"curies":[{"name":"wp","href":"https:\/\/api.w.org\/{rel}","templated":true}]}}