{"id":12123,"date":"2026-02-17T08:01:58","date_gmt":"2026-02-17T07:01:58","guid":{"rendered":"https:\/\/www.macapflag.com\/blog\/?p=12123"},"modified":"2026-02-17T15:35:59","modified_gmt":"2026-02-17T14:35:59","slug":"offre-saint-patrick","status":"publish","type":"post","link":"https:\/\/www.macapflag.com\/blog\/offre-saint-patrick\/","title":{"rendered":"Offre promotionnelle Saint-Patrick"},"content":{"rendered":"\t\t<div data-elementor-type=\"wp-post\" data-elementor-id=\"12123\" class=\"elementor elementor-12123\">\n\t\t\t\t\t\t<section class=\"elementor-section elementor-top-section elementor-element elementor-element-e6d7a77 elementor-section-boxed elementor-section-height-default elementor-section-height-default\" data-id=\"e6d7a77\" data-element_type=\"section\">\n\t\t\t\t\t\t<div class=\"elementor-container elementor-column-gap-default\">\n\t\t\t\t\t<div class=\"elementor-column elementor-col-100 elementor-top-column elementor-element elementor-element-9a17286\" data-id=\"9a17286\" data-element_type=\"column\">\n\t\t\t<div class=\"elementor-widget-wrap elementor-element-populated\">\n\t\t\t\t\t\t<div class=\"elementor-element elementor-element-76626ef elementor-widget elementor-widget-text-editor\" data-id=\"76626ef\" data-element_type=\"widget\" data-widget_type=\"text-editor.default\">\n\t\t\t\t<div class=\"elementor-widget-container\">\n\t\t\t\t\t\t\t\t\t<p>Mardi 17 mars, nous f\u00eaterons la Saint Patrick, en hommage au saint patron de l\u2019Irlande d\u00e9c\u00e9d\u00e9 ce jour de l\u2019an 461. Dans le monde entier, les Irlandais se retrouvent pour faire la f\u00eate et c\u00e9l\u00e9brer le fameux Paddy\u2019s Day.<\/p>\t\t\t\t\t\t\t\t<\/div>\n\t\t\t\t<\/div>\n\t\t\t\t\t<\/div>\n\t\t<\/div>\n\t\t\t\t\t<\/div>\n\t\t<\/section>\n\t\t\t\t<section class=\"elementor-section elementor-top-section elementor-element elementor-element-6a5c1fb elementor-section-boxed elementor-section-height-default elementor-section-height-default\" data-id=\"6a5c1fb\" data-element_type=\"section\">\n\t\t\t\t\t\t<div class=\"elementor-container elementor-column-gap-default\">\n\t\t\t\t\t<div class=\"elementor-column elementor-col-100 elementor-top-column elementor-element elementor-element-862b2f3\" data-id=\"862b2f3\" data-element_type=\"column\">\n\t\t\t<div class=\"elementor-widget-wrap elementor-element-populated\">\n\t\t\t\t\t\t<div class=\"elementor-element elementor-element-a78665e elementor-widget elementor-widget-text-editor\" data-id=\"a78665e\" data-element_type=\"widget\" data-widget_type=\"text-editor.default\">\n\t\t\t\t<div class=\"elementor-widget-container\">\n\t\t\t\t\t\t\t\t\t<h2>Pourquoi f\u00eate-t-on la Saint Patrick ? <\/h2>\t\t\t\t\t\t\t\t<\/div>\n\t\t\t\t<\/div>\n\t\t\t\t\t<\/div>\n\t\t<\/div>\n\t\t\t\t\t<\/div>\n\t\t<\/section>\n\t\t\t\t<section class=\"elementor-section elementor-top-section elementor-element elementor-element-07e1836 elementor-section-boxed elementor-section-height-default elementor-section-height-default\" data-id=\"07e1836\" data-element_type=\"section\">\n\t\t\t\t\t\t<div class=\"elementor-container elementor-column-gap-default\">\n\t\t\t\t\t<div class=\"elementor-column elementor-col-100 elementor-top-column elementor-element elementor-element-f06a9ea\" data-id=\"f06a9ea\" data-element_type=\"column\">\n\t\t\t<div class=\"elementor-widget-wrap elementor-element-populated\">\n\t\t\t\t\t\t<div class=\"elementor-element elementor-element-a31c570 elementor-widget elementor-widget-text-editor\" data-id=\"a31c570\" data-element_type=\"widget\" data-widget_type=\"text-editor.default\">\n\t\t\t\t<div class=\"elementor-widget-container\">\n\t\t\t\t\t\t\t\t\t<p>Reconnu pour \u00eatre le fondateur du christianisme irlandais, la l\u00e9gende raconte que Saint Patrick aurait expliqu\u00e9 l\u2019id\u00e9e de la Sainte Trinit\u00e9 (le fait qu\u2019il n\u2019existe pas 3 dieux, mais un seul repr\u00e9sent\u00e9 par 3 personnes, le P\u00e8re, le Fils et le Saint-Esprit) \u00e0 l\u2019aide d\u2019un tr\u00e8fle. <br \/>Au cours du XVII\u1d49 si\u00e8cle, l\u2019\u00c9glise catholique officialise la Saint-Patrick en tant que f\u00eate religieuse. <br \/>Au tout d\u00e9but des ann\u00e9es 1900, cette f\u00eate devient une f\u00eate populaire, et, d\u00e8s 1903, le 17 mars est un jour f\u00e9ri\u00e9 en Irlande.<br \/><a href=\"https:\/\/www.macapflag.com\/blog\/saint-patrick\/\" target=\"_blank\" rel=\"noopener\"><span style=\"color: #3366ff;\">Cliquez ici pour en savoir plus<\/span><\/a><\/p>\t\t\t\t\t\t\t\t<\/div>\n\t\t\t\t<\/div>\n\t\t\t\t\t<\/div>\n\t\t<\/div>\n\t\t\t\t\t<\/div>\n\t\t<\/section>\n\t\t\t\t<section class=\"elementor-section elementor-top-section elementor-element elementor-element-3422a07 elementor-section-boxed elementor-section-height-default elementor-section-height-default\" data-id=\"3422a07\" data-element_type=\"section\">\n\t\t\t\t\t\t<div class=\"elementor-container elementor-column-gap-default\">\n\t\t\t\t\t<div class=\"elementor-column elementor-col-100 elementor-top-column elementor-element elementor-element-e673f6e\" data-id=\"e673f6e\" data-element_type=\"column\">\n\t\t\t<div class=\"elementor-widget-wrap elementor-element-populated\">\n\t\t\t\t\t\t<div class=\"elementor-element elementor-element-9021e80 elementor-widget elementor-widget-text-editor\" data-id=\"9021e80\" data-element_type=\"widget\" data-widget_type=\"text-editor.default\">\n\t\t\t\t<div class=\"elementor-widget-container\">\n\t\t\t\t\t\t\t\t\t<h2>Une offre promotionnelle valable <br \/>du 17 f\u00e9vrier au 4 mars 2025<\/h2>\t\t\t\t\t\t\t\t<\/div>\n\t\t\t\t<\/div>\n\t\t\t\t\t<\/div>\n\t\t<\/div>\n\t\t\t\t\t<\/div>\n\t\t<\/section>\n\t\t\t\t<section class=\"elementor-section elementor-top-section elementor-element elementor-element-6be2279 elementor-section-boxed elementor-section-height-default elementor-section-height-default\" data-id=\"6be2279\" data-element_type=\"section\">\n\t\t\t\t\t\t<div class=\"elementor-container elementor-column-gap-default\">\n\t\t\t\t\t<div class=\"elementor-column elementor-col-100 elementor-top-column elementor-element elementor-element-f2d2bc1\" data-id=\"f2d2bc1\" data-element_type=\"column\">\n\t\t\t<div class=\"elementor-widget-wrap elementor-element-populated\">\n\t\t\t\t\t\t<div class=\"elementor-element elementor-element-cd31166 elementor-widget elementor-widget-text-editor\" data-id=\"cd31166\" data-element_type=\"widget\" data-widget_type=\"text-editor.default\">\n\t\t\t\t<div class=\"elementor-widget-container\">\n\t\t\t\t\t\t\t\t\t<p>Du mardi 17 f\u00e9vrier au mercredi 4 mars 2026, b\u00e9n\u00e9ficiez de 10\u2009% de remise imm\u00e9diate sur tous les supports de communication Macap aux couleurs de la <br \/>Saint-Patrick : <a href=\"https:\/\/www.macapflag.com\/plv-fetes-annuelles\/790815-beach-flag-oriflamme-classique-28-mvisuel-fete-st-patrick-modele-2.html\" target=\"_blank\" rel=\"noopener\">beach flag<\/a>, <a href=\"https:\/\/www.macapflag.com\/plv-fetes-annuelles\/790807-banderole-pvc-oeillets-80x300-cmplv-fete-st-patrick-modele-1.html\" target=\"_blank\" rel=\"noopener\">banderole<\/a>, <a href=\"https:\/\/www.macapflag.com\/plv-fetes-annuelles\/791902-roll-up-80x200-cmvisuel-fete-st-patrick-modele-3.html\" target=\"_blank\" rel=\"noopener\">roll up<\/a> vous permettent de cr\u00e9er une ambiance Saint-Patrick dans votre \u00e9tablissement en un clin d\u2019\u0153il !<\/p>\t\t\t\t\t\t\t\t<\/div>\n\t\t\t\t<\/div>\n\t\t\t\t\t<\/div>\n\t\t<\/div>\n\t\t\t\t\t<\/div>\n\t\t<\/section>\n\t\t\t\t<section class=\"elementor-section elementor-top-section elementor-element elementor-element-5357bfa elementor-section-boxed elementor-section-height-default elementor-section-height-default\" data-id=\"5357bfa\" data-element_type=\"section\">\n\t\t\t\t\t\t<div class=\"elementor-container elementor-column-gap-default\">\n\t\t\t\t\t<div class=\"elementor-column elementor-col-100 elementor-top-column elementor-element elementor-element-8e454cb\" data-id=\"8e454cb\" data-element_type=\"column\">\n\t\t\t<div class=\"elementor-widget-wrap elementor-element-populated\">\n\t\t\t\t\t\t<div class=\"elementor-element elementor-element-053fa2b elementor-widget elementor-widget-text-editor\" data-id=\"053fa2b\" data-element_type=\"widget\" data-widget_type=\"text-editor.default\">\n\t\t\t\t<div class=\"elementor-widget-container\">\n\t\t\t\t\t\t\t\t\t<h3>Comment b\u00e9n\u00e9ficier de l&#8217;offre ?<\/h3>\t\t\t\t\t\t\t\t<\/div>\n\t\t\t\t<\/div>\n\t\t\t\t\t<\/div>\n\t\t<\/div>\n\t\t\t\t\t<\/div>\n\t\t<\/section>\n\t\t\t\t<section class=\"elementor-section elementor-top-section elementor-element elementor-element-ad99699 elementor-section-boxed elementor-section-height-default elementor-section-height-default\" data-id=\"ad99699\" data-element_type=\"section\">\n\t\t\t\t\t\t<div class=\"elementor-container elementor-column-gap-default\">\n\t\t\t\t\t<div class=\"elementor-column elementor-col-100 elementor-top-column elementor-element elementor-element-4b0dc21\" data-id=\"4b0dc21\" data-element_type=\"column\">\n\t\t\t<div class=\"elementor-widget-wrap elementor-element-populated\">\n\t\t\t\t\t\t<div class=\"elementor-element elementor-element-e9dd1db elementor-widget elementor-widget-text-editor\" data-id=\"e9dd1db\" data-element_type=\"widget\" data-widget_type=\"text-editor.default\">\n\t\t\t\t<div class=\"elementor-widget-container\">\n\t\t\t\t\t\t\t\t\t<p>Rendez-vous sur le site officiel Macap sur la page \u201cChoisir un design par th\u00e8me\u201d <a href=\"https:\/\/www.macapflag.com\/334-choisir-un-design\/s-31\/sous_categories-plv_fetes_annuelles\/thematiques-fete_st_patrick\"><span style=\"color: #3366ff;\">rubrique Saint-Patrick<\/span><\/a>.<br \/>La remise s\u2019affiche directement pour les produits b\u00e9n\u00e9ficiant de l\u2019offre. <br \/>Choisissez ceux qui vous int\u00e9ressent pour les ajouter \u00e0 votre panier. Commandez et recevez rapidement votre commande avec vos mod\u00e8les pr\u00eats \u00e0 \u00eatre install\u00e9s.<\/p>\t\t\t\t\t\t\t\t<\/div>\n\t\t\t\t<\/div>\n\t\t\t\t\t<\/div>\n\t\t<\/div>\n\t\t\t\t\t<\/div>\n\t\t<\/section>\n\t\t\t\t<section class=\"elementor-section elementor-top-section elementor-element elementor-element-a9e61b0 elementor-section-boxed elementor-section-height-default elementor-section-height-default\" data-id=\"a9e61b0\" data-element_type=\"section\">\n\t\t\t\t\t\t<div class=\"elementor-container elementor-column-gap-default\">\n\t\t\t\t\t<div class=\"elementor-column elementor-col-100 elementor-top-column elementor-element elementor-element-f6e88eb\" data-id=\"f6e88eb\" data-element_type=\"column\">\n\t\t\t<div class=\"elementor-widget-wrap elementor-element-populated\">\n\t\t\t\t\t\t<div class=\"elementor-element elementor-element-fa070cd elementor-widget elementor-widget-text-editor\" data-id=\"fa070cd\" data-element_type=\"widget\" data-widget_type=\"text-editor.default\">\n\t\t\t\t<div class=\"elementor-widget-container\">\n\t\t\t\t\t\t\t\t\t<h3>\u00c0 qui s\u2019adresse cette offre promotionnelle ?<\/h3>\t\t\t\t\t\t\t\t<\/div>\n\t\t\t\t<\/div>\n\t\t\t\t\t<\/div>\n\t\t<\/div>\n\t\t\t\t\t<\/div>\n\t\t<\/section>\n\t\t\t\t<section class=\"elementor-section elementor-top-section elementor-element elementor-element-307f519 elementor-section-boxed elementor-section-height-default elementor-section-height-default\" data-id=\"307f519\" data-element_type=\"section\">\n\t\t\t\t\t\t<div class=\"elementor-container elementor-column-gap-default\">\n\t\t\t\t\t<div class=\"elementor-column elementor-col-100 elementor-top-column elementor-element elementor-element-30b9ed1\" data-id=\"30b9ed1\" data-element_type=\"column\">\n\t\t\t<div class=\"elementor-widget-wrap elementor-element-populated\">\n\t\t\t\t\t\t<div class=\"elementor-element elementor-element-ad4440b elementor-widget elementor-widget-text-editor\" data-id=\"ad4440b\" data-element_type=\"widget\" data-widget_type=\"text-editor.default\">\n\t\t\t\t<div class=\"elementor-widget-container\">\n\t\t\t\t\t\t\t\t\t<p>\u00c0 tous ceux qui souhaitent d\u00e9corer, agencer, dynamiser leur lieu de vente \u00e0 la couleur verte de la Saint-Patrick.<br \/>Rendez-vous sur le site Macap pour commander directement les produits en ligne.<\/p>\t\t\t\t\t\t\t\t<\/div>\n\t\t\t\t<\/div>\n\t\t\t\t\t<\/div>\n\t\t<\/div>\n\t\t\t\t\t<\/div>\n\t\t<\/section>\n\t\t\t\t<section class=\"elementor-section elementor-top-section elementor-element elementor-element-645b7f9 elementor-section-boxed elementor-section-height-default elementor-section-height-default\" data-id=\"645b7f9\" data-element_type=\"section\">\n\t\t\t\t\t\t<div class=\"elementor-container elementor-column-gap-default\">\n\t\t\t\t\t<div class=\"elementor-column elementor-col-100 elementor-top-column elementor-element elementor-element-51aee13\" data-id=\"51aee13\" data-element_type=\"column\">\n\t\t\t<div class=\"elementor-widget-wrap elementor-element-populated\">\n\t\t\t\t\t\t<div class=\"elementor-element elementor-element-3cab26a elementor-widget elementor-widget-text-editor\" data-id=\"3cab26a\" data-element_type=\"widget\" data-widget_type=\"text-editor.default\">\n\t\t\t\t<div class=\"elementor-widget-container\">\n\t\t\t\t\t\t\t\t\t<h2>Quels sont les produits inclus dans l\u2019offre Saint-Patrick ?<\/h2>\t\t\t\t\t\t\t\t<\/div>\n\t\t\t\t<\/div>\n\t\t\t\t\t<\/div>\n\t\t<\/div>\n\t\t\t\t\t<\/div>\n\t\t<\/section>\n\t\t\t\t<section class=\"elementor-section elementor-top-section elementor-element elementor-element-ba1c612 elementor-section-boxed elementor-section-height-default elementor-section-height-default\" data-id=\"ba1c612\" data-element_type=\"section\">\n\t\t\t\t\t\t<div class=\"elementor-container elementor-column-gap-default\">\n\t\t\t\t\t<div class=\"elementor-column elementor-col-100 elementor-top-column elementor-element elementor-element-dbf2854\" data-id=\"dbf2854\" data-element_type=\"column\">\n\t\t\t<div class=\"elementor-widget-wrap elementor-element-populated\">\n\t\t\t\t\t\t<div class=\"elementor-element elementor-element-1b84a48 elementor-widget elementor-widget-text-editor\" data-id=\"1b84a48\" data-element_type=\"widget\" data-widget_type=\"text-editor.default\">\n\t\t\t\t<div class=\"elementor-widget-container\">\n\t\t\t\t\t\t\t\t\t<h3>Les oriflammes classique et potence Saint-Patrick<\/h3>\t\t\t\t\t\t\t\t<\/div>\n\t\t\t\t<\/div>\n\t\t\t\t\t<\/div>\n\t\t<\/div>\n\t\t\t\t\t<\/div>\n\t\t<\/section>\n\t\t\t\t<section class=\"elementor-section elementor-top-section elementor-element elementor-element-3845409 elementor-section-boxed elementor-section-height-default elementor-section-height-default\" data-id=\"3845409\" data-element_type=\"section\">\n\t\t\t\t\t\t<div class=\"elementor-container elementor-column-gap-default\">\n\t\t\t\t\t<div class=\"elementor-column elementor-col-50 elementor-top-column elementor-element elementor-element-966de2a\" data-id=\"966de2a\" data-element_type=\"column\">\n\t\t\t<div class=\"elementor-widget-wrap elementor-element-populated\">\n\t\t\t\t\t\t<div class=\"elementor-element elementor-element-b71ac96 elementor-widget elementor-widget-shortcode\" data-id=\"b71ac96\" data-element_type=\"widget\" data-widget_type=\"shortcode.default\">\n\t\t\t\t<div class=\"elementor-widget-container\">\n\t\t\t\t\t\t\t<div class=\"elementor-shortcode\"><div class=\"container p-0 m-0\">\n    <div class=\"row m-0 border\">\n        <div class=\"col-12 grid-didpd-body text-center\">\n            <img decoding=\"async\" src=\"https:\/\/www.macapflag.com\/1858372-home_default\/beach-flag-oriflamme-classique-28-mvisuel-fete-st-patrick-modele-3.jpg\" alt=\"Beach flag Oriflamme classique 2,8 m Visuel &quot;F&ecirc;te St Patrick&quot;- Mod&egrave;le 3\" class=\"mx-auto\" \/>\n            <div class=\"grid-didpd-text\">\n                <a href=\"https:\/\/www.macapflag.com\/plv-fetes-annuelles\/791903-beach-flag-oriflamme-classique-28-mvisuel-fete-st-patrick-modele-3.html\" target=\"_blank\" class=\"stretched-link\">\n                    <h3>Beach flag Oriflamme classique 2,8 m Visuel \"F\u00eate St Patrick\"- Mod\u00e8le 3<\/h3>\n                <\/a>\n            <\/div>\n                        <p class=\"text-center font-weight-bold\">112,10 \u20ac HT<\/p>            <div class=\"text-center\">\n                <button class=\"btn btn-primary\">Je commande en ligne<\/button>\n            <\/div>\n        <\/div>\n    <\/div>\n<\/div>\n<\/div>\n\t\t\t\t\t\t<\/div>\n\t\t\t\t<\/div>\n\t\t\t\t\t<\/div>\n\t\t<\/div>\n\t\t\t\t<div class=\"elementor-column elementor-col-50 elementor-top-column elementor-element elementor-element-d82f80c\" data-id=\"d82f80c\" data-element_type=\"column\">\n\t\t\t<div class=\"elementor-widget-wrap elementor-element-populated\">\n\t\t\t\t\t\t<div class=\"elementor-element elementor-element-1da4e58 elementor-widget elementor-widget-shortcode\" data-id=\"1da4e58\" data-element_type=\"widget\" data-widget_type=\"shortcode.default\">\n\t\t\t\t<div class=\"elementor-widget-container\">\n\t\t\t\t\t\t\t<div class=\"elementor-shortcode\"><div class=\"container p-0 m-0\">\n    <div class=\"row m-0 border\">\n        <div class=\"col-12 grid-didpd-body text-center\">\n            <img decoding=\"async\" src=\"https:\/\/www.macapflag.com\/1855513-home_default\/beach-flag-oriflamme-potence-350-mvisuel-fete-st-patrick-modele-1.jpg\" alt=\"Beach flag Oriflamme Potence 3,50 m Visuel &quot;F&ecirc;te St Patrick&quot;- Mod&egrave;le 1\" class=\"mx-auto\" \/>\n            <div class=\"grid-didpd-text\">\n                <a href=\"https:\/\/www.macapflag.com\/plv-fetes-annuelles\/791291-beach-flag-oriflamme-potence-350-mvisuel-fete-st-patrick-modele-1.html\" target=\"_blank\" class=\"stretched-link\">\n                    <h3>Beach flag Oriflamme Potence 3,50 m Visuel \"F\u00eate St Patrick\"- Mod\u00e8le 1<\/h3>\n                <\/a>\n            <\/div>\n                        <p class=\"text-center font-weight-bold\">142,50 \u20ac HT<\/p>            <div class=\"text-center\">\n                <button class=\"btn btn-primary\">Je commande en ligne<\/button>\n            <\/div>\n        <\/div>\n    <\/div>\n<\/div>\n<\/div>\n\t\t\t\t\t\t<\/div>\n\t\t\t\t<\/div>\n\t\t\t\t\t<\/div>\n\t\t<\/div>\n\t\t\t\t\t<\/div>\n\t\t<\/section>\n\t\t\t\t<section class=\"elementor-section elementor-top-section elementor-element elementor-element-25406f4 elementor-section-boxed elementor-section-height-default elementor-section-height-default\" data-id=\"25406f4\" data-element_type=\"section\">\n\t\t\t\t\t\t<div class=\"elementor-container elementor-column-gap-default\">\n\t\t\t\t\t<div class=\"elementor-column elementor-col-100 elementor-top-column elementor-element elementor-element-69fabd7\" data-id=\"69fabd7\" data-element_type=\"column\">\n\t\t\t<div class=\"elementor-widget-wrap elementor-element-populated\">\n\t\t\t\t\t\t<div class=\"elementor-element elementor-element-e3818e6 elementor-widget elementor-widget-text-editor\" data-id=\"e3818e6\" data-element_type=\"widget\" data-widget_type=\"text-editor.default\">\n\t\t\t\t<div class=\"elementor-widget-container\">\n\t\t\t\t\t\t\t\t\t<p>Plusieurs kits complets d\u2019oriflammes vous sont propos\u00e9s avec des visuels d\u00e9j\u00e0 illustr\u00e9s aux couleurs de la Saint-Patrick. Ces kits incluent diff\u00e9rentes formes de voile et de hauteur de m\u00e2t pour r\u00e9pondre \u00e0 tous vos besoins. <br \/>Plusieurs designs originaux Saint-Patrick ont \u00e9t\u00e9 cr\u00e9\u00e9s pour chaque mod\u00e8le.<\/p>\t\t\t\t\t\t\t\t<\/div>\n\t\t\t\t<\/div>\n\t\t\t\t\t<\/div>\n\t\t<\/div>\n\t\t\t\t\t<\/div>\n\t\t<\/section>\n\t\t\t\t<section class=\"elementor-section elementor-top-section elementor-element elementor-element-5e34b57 elementor-section-boxed elementor-section-height-default elementor-section-height-default\" data-id=\"5e34b57\" data-element_type=\"section\">\n\t\t\t\t\t\t<div class=\"elementor-container elementor-column-gap-default\">\n\t\t\t\t\t<div class=\"elementor-column elementor-col-100 elementor-top-column elementor-element elementor-element-73e0086\" data-id=\"73e0086\" data-element_type=\"column\">\n\t\t\t<div class=\"elementor-widget-wrap elementor-element-populated\">\n\t\t\t\t\t\t<div class=\"elementor-element elementor-element-7bdb5a2 elementor-widget elementor-widget-text-editor\" data-id=\"7bdb5a2\" data-element_type=\"widget\" data-widget_type=\"text-editor.default\">\n\t\t\t\t<div class=\"elementor-widget-container\">\n\t\t\t\t\t\t\t\t\t<h3>Les banderoles Saint-Patrick<\/h3>\t\t\t\t\t\t\t\t<\/div>\n\t\t\t\t<\/div>\n\t\t\t\t\t<\/div>\n\t\t<\/div>\n\t\t\t\t\t<\/div>\n\t\t<\/section>\n\t\t\t\t<section class=\"elementor-section elementor-top-section elementor-element elementor-element-bc0594e elementor-section-boxed elementor-section-height-default elementor-section-height-default\" data-id=\"bc0594e\" data-element_type=\"section\">\n\t\t\t\t\t\t<div class=\"elementor-container elementor-column-gap-default\">\n\t\t\t\t\t<div class=\"elementor-column elementor-col-50 elementor-top-column elementor-element elementor-element-59496ca\" data-id=\"59496ca\" data-element_type=\"column\">\n\t\t\t<div class=\"elementor-widget-wrap elementor-element-populated\">\n\t\t\t\t\t\t<div class=\"elementor-element elementor-element-4061cf4 elementor-widget elementor-widget-shortcode\" data-id=\"4061cf4\" data-element_type=\"widget\" data-widget_type=\"shortcode.default\">\n\t\t\t\t<div class=\"elementor-widget-container\">\n\t\t\t\t\t\t\t<div class=\"elementor-shortcode\"><div class=\"container p-0 m-0\">\n    <div class=\"row m-0 border\">\n        <div class=\"col-12 grid-didpd-body text-center\">\n            <img decoding=\"async\" src=\"https:\/\/www.macapflag.com\/1855303-home_default\/banderole-pvc-oeillets-80x300-cmplv-fete-st-patrick-modele-2.jpg\" alt=\"Banderole PVC Oeillets 80x300 cm PLV &quot;F&ecirc;te St Patrick&quot;- Mod&egrave;le 2\" class=\"mx-auto\" \/>\n            <div class=\"grid-didpd-text\">\n                <a href=\"https:\/\/www.macapflag.com\/plv-fetes-annuelles\/790812-banderole-pvc-oeillets-80x300-cmplv-fete-st-patrick-modele-2.html\" target=\"_blank\" class=\"stretched-link\">\n                    <h3>Banderole PVC Oeillets 80x300 cm PLV \"F\u00eate St Patrick\"- Mod\u00e8le 2<\/h3>\n                <\/a>\n            <\/div>\n                        <p class=\"text-center font-weight-bold\">42,75 \u20ac HT<\/p>            <div class=\"text-center\">\n                <button class=\"btn btn-primary\">Je commande en ligne<\/button>\n            <\/div>\n        <\/div>\n    <\/div>\n<\/div>\n<\/div>\n\t\t\t\t\t\t<\/div>\n\t\t\t\t<\/div>\n\t\t\t\t\t<\/div>\n\t\t<\/div>\n\t\t\t\t<div class=\"elementor-column elementor-col-50 elementor-top-column elementor-element elementor-element-281c306\" data-id=\"281c306\" data-element_type=\"column\">\n\t\t\t<div class=\"elementor-widget-wrap elementor-element-populated\">\n\t\t\t\t\t\t<div class=\"elementor-element elementor-element-26dbd09 elementor-widget elementor-widget-shortcode\" data-id=\"26dbd09\" data-element_type=\"widget\" data-widget_type=\"shortcode.default\">\n\t\t\t\t<div class=\"elementor-widget-container\">\n\t\t\t\t\t\t\t<div class=\"elementor-shortcode\"><div class=\"container p-0 m-0\">\n    <div class=\"row m-0 border\">\n        <div class=\"col-12 grid-didpd-body text-center\">\n            <img decoding=\"async\" src=\"https:\/\/www.macapflag.com\/1855298-home_default\/banderole-pvc-oeillets-80x300-cmplv-fete-st-patrick-modele-1.jpg\" alt=\"Banderole PVC Oeillets 80x300 cm PLV &quot;F&ecirc;te St Patrick&quot;- Mod&egrave;le 1\" class=\"mx-auto\" \/>\n            <div class=\"grid-didpd-text\">\n                <a href=\"https:\/\/www.macapflag.com\/plv-fetes-annuelles\/790807-banderole-pvc-oeillets-80x300-cmplv-fete-st-patrick-modele-1.html\" target=\"_blank\" class=\"stretched-link\">\n                    <h3>Banderole PVC Oeillets 80x300 cm PLV \"F\u00eate St Patrick\"- Mod\u00e8le 1<\/h3>\n                <\/a>\n            <\/div>\n                        <p class=\"text-center font-weight-bold\">42,75 \u20ac HT<\/p>            <div class=\"text-center\">\n                <button class=\"btn btn-primary\">Je commande en ligne<\/button>\n            <\/div>\n        <\/div>\n    <\/div>\n<\/div>\n<\/div>\n\t\t\t\t\t\t<\/div>\n\t\t\t\t<\/div>\n\t\t\t\t\t<\/div>\n\t\t<\/div>\n\t\t\t\t\t<\/div>\n\t\t<\/section>\n\t\t\t\t<section class=\"elementor-section elementor-top-section elementor-element elementor-element-9122632 elementor-section-boxed elementor-section-height-default elementor-section-height-default\" data-id=\"9122632\" data-element_type=\"section\">\n\t\t\t\t\t\t<div class=\"elementor-container elementor-column-gap-default\">\n\t\t\t\t\t<div class=\"elementor-column elementor-col-100 elementor-top-column elementor-element elementor-element-37b8ef0\" data-id=\"37b8ef0\" data-element_type=\"column\">\n\t\t\t<div class=\"elementor-widget-wrap elementor-element-populated\">\n\t\t\t\t\t\t<div class=\"elementor-element elementor-element-ca2ef11 elementor-widget elementor-widget-text-editor\" data-id=\"ca2ef11\" data-element_type=\"widget\" data-widget_type=\"text-editor.default\">\n\t\t\t\t<div class=\"elementor-widget-container\">\n\t\t\t\t\t\t\t\t\t<p>Pour d\u00e9limiter un espace, pour signaler un \u00e9v\u00e8nement, pour d\u00e9corer, pour s\u00e9parer, la banderole b\u00e2che pvc fait toujours l\u2019affaire. \u00c9conomique, robuste, r\u00e9utilisable, elle est ici d\u00e9clin\u00e9e en plusieurs dimensions avec diff\u00e9rents graphismes St Patrick.<\/p>\t\t\t\t\t\t\t\t<\/div>\n\t\t\t\t<\/div>\n\t\t\t\t\t<\/div>\n\t\t<\/div>\n\t\t\t\t\t<\/div>\n\t\t<\/section>\n\t\t\t\t<section class=\"elementor-section elementor-top-section elementor-element elementor-element-e65250a elementor-section-boxed elementor-section-height-default elementor-section-height-default\" data-id=\"e65250a\" data-element_type=\"section\">\n\t\t\t\t\t\t<div class=\"elementor-container elementor-column-gap-default\">\n\t\t\t\t\t<div class=\"elementor-column elementor-col-100 elementor-top-column elementor-element elementor-element-e2079d9\" data-id=\"e2079d9\" data-element_type=\"column\">\n\t\t\t<div class=\"elementor-widget-wrap elementor-element-populated\">\n\t\t\t\t\t\t<div class=\"elementor-element elementor-element-456544b elementor-widget elementor-widget-text-editor\" data-id=\"456544b\" data-element_type=\"widget\" data-widget_type=\"text-editor.default\">\n\t\t\t\t<div class=\"elementor-widget-container\">\n\t\t\t\t\t\t\t\t\t<h3>Les roll-up Saint-Patrick<\/h3>\t\t\t\t\t\t\t\t<\/div>\n\t\t\t\t<\/div>\n\t\t\t\t\t<\/div>\n\t\t<\/div>\n\t\t\t\t\t<\/div>\n\t\t<\/section>\n\t\t\t\t<section class=\"elementor-section elementor-top-section elementor-element elementor-element-88530ba elementor-section-boxed elementor-section-height-default elementor-section-height-default\" data-id=\"88530ba\" data-element_type=\"section\">\n\t\t\t\t\t\t<div class=\"elementor-container elementor-column-gap-default\">\n\t\t\t\t\t<div class=\"elementor-column elementor-col-50 elementor-top-column elementor-element elementor-element-fa5902d\" data-id=\"fa5902d\" data-element_type=\"column\">\n\t\t\t<div class=\"elementor-widget-wrap elementor-element-populated\">\n\t\t\t\t\t\t<div class=\"elementor-element elementor-element-3309ec8 elementor-widget elementor-widget-shortcode\" data-id=\"3309ec8\" data-element_type=\"widget\" data-widget_type=\"shortcode.default\">\n\t\t\t\t<div class=\"elementor-widget-container\">\n\t\t\t\t\t\t\t<div class=\"elementor-shortcode\"><div class=\"container p-0 m-0\">\n    <div class=\"row m-0 border\">\n        <div class=\"col-12 grid-didpd-body text-center\">\n            <img decoding=\"async\" src=\"https:\/\/www.macapflag.com\/1858371-home_default\/roll-up-80x200-cmvisuel-fete-st-patrick-modele-3.jpg\" alt=\"Roll'up 80x200 cm Visuel &quot;F&ecirc;te St Patrick&quot;- Mod&egrave;le 3\" class=\"mx-auto\" \/>\n            <div class=\"grid-didpd-text\">\n                <a href=\"https:\/\/www.macapflag.com\/plv-fetes-annuelles\/791902-roll-up-80x200-cmvisuel-fete-st-patrick-modele-3.html\" target=\"_blank\" class=\"stretched-link\">\n                    <h3>Roll'up 80x200 cm Visuel \"F\u00eate St Patrick\"- Mod\u00e8le 3<\/h3>\n                <\/a>\n            <\/div>\n                        <p class=\"text-center font-weight-bold\">51,30 \u20ac HT<\/p>            <div class=\"text-center\">\n                <button class=\"btn btn-primary\">Je commande en ligne<\/button>\n            <\/div>\n        <\/div>\n    <\/div>\n<\/div>\n<\/div>\n\t\t\t\t\t\t<\/div>\n\t\t\t\t<\/div>\n\t\t\t\t\t<\/div>\n\t\t<\/div>\n\t\t\t\t<div class=\"elementor-column elementor-col-50 elementor-top-column elementor-element elementor-element-6e54514\" data-id=\"6e54514\" data-element_type=\"column\">\n\t\t\t<div class=\"elementor-widget-wrap elementor-element-populated\">\n\t\t\t\t\t\t<div class=\"elementor-element elementor-element-7d24944 elementor-widget elementor-widget-shortcode\" data-id=\"7d24944\" data-element_type=\"widget\" data-widget_type=\"shortcode.default\">\n\t\t\t\t<div class=\"elementor-widget-container\">\n\t\t\t\t\t\t\t<div class=\"elementor-shortcode\"><div class=\"container p-0 m-0\">\n    <div class=\"row m-0 border\">\n        <div class=\"col-12 grid-didpd-body text-center\">\n            <img decoding=\"async\" src=\"https:\/\/www.macapflag.com\/1855302-home_default\/roll-up-80x200-cmvisuelfete-st-patrick-modele-1.jpg\" alt=\"Roll'up 80x200 cm Visuel &quot;F&ecirc;te St Patrick&quot;- Mod&egrave;le 1\" class=\"mx-auto\" \/>\n            <div class=\"grid-didpd-text\">\n                <a href=\"https:\/\/www.macapflag.com\/plv-fetes-annuelles\/790810-roll-up-80x200-cmvisuelfete-st-patrick-modele-1.html\" target=\"_blank\" class=\"stretched-link\">\n                    <h3>Roll'up 80x200 cm Visuel \"F\u00eate St Patrick\"- Mod\u00e8le 1<\/h3>\n                <\/a>\n            <\/div>\n                        <p class=\"text-center font-weight-bold\">51,30 \u20ac HT<\/p>            <div class=\"text-center\">\n                <button class=\"btn btn-primary\">Je commande en ligne<\/button>\n            <\/div>\n        <\/div>\n    <\/div>\n<\/div>\n<\/div>\n\t\t\t\t\t\t<\/div>\n\t\t\t\t<\/div>\n\t\t\t\t\t<\/div>\n\t\t<\/div>\n\t\t\t\t\t<\/div>\n\t\t<\/section>\n\t\t\t\t<section class=\"elementor-section elementor-top-section elementor-element elementor-element-c338d00 elementor-section-boxed elementor-section-height-default elementor-section-height-default\" data-id=\"c338d00\" data-element_type=\"section\">\n\t\t\t\t\t\t<div class=\"elementor-container elementor-column-gap-default\">\n\t\t\t\t\t<div class=\"elementor-column elementor-col-100 elementor-top-column elementor-element elementor-element-b4fe3b9\" data-id=\"b4fe3b9\" data-element_type=\"column\">\n\t\t\t<div class=\"elementor-widget-wrap elementor-element-populated\">\n\t\t\t\t\t\t<div class=\"elementor-element elementor-element-b65a2ad elementor-widget elementor-widget-text-editor\" data-id=\"b65a2ad\" data-element_type=\"widget\" data-widget_type=\"text-editor.default\">\n\t\t\t\t<div class=\"elementor-widget-container\">\n\t\t\t\t\t\t\t\t\t<p>Pour compl\u00e9ter la d\u00e9coration int\u00e9rieure Saint Patrick, le roll up se d\u00e9roule instantan\u00e9ment autour de son support en aluminium pour afficher les couleurs de la Saint-Patrick imprim\u00e9es sur une surface de 200&#215;80 cm.<\/p>\t\t\t\t\t\t\t\t<\/div>\n\t\t\t\t<\/div>\n\t\t\t\t\t<\/div>\n\t\t<\/div>\n\t\t\t\t\t<\/div>\n\t\t<\/section>\n\t\t\t\t<section class=\"elementor-section elementor-top-section elementor-element elementor-element-b5877ba elementor-section-boxed elementor-section-height-default elementor-section-height-default\" data-id=\"b5877ba\" data-element_type=\"section\">\n\t\t\t\t\t\t<div class=\"elementor-container elementor-column-gap-default\">\n\t\t\t\t\t<div class=\"elementor-column elementor-col-100 elementor-top-column elementor-element elementor-element-32d9246\" data-id=\"32d9246\" data-element_type=\"column\">\n\t\t\t<div class=\"elementor-widget-wrap elementor-element-populated\">\n\t\t\t\t\t\t<div class=\"elementor-element elementor-element-9456e73 elementor-widget elementor-widget-text-editor\" data-id=\"9456e73\" data-element_type=\"widget\" data-widget_type=\"text-editor.default\">\n\t\t\t\t<div class=\"elementor-widget-container\">\n\t\t\t\t\t\t\t\t\t<h3>Des designs originaux gratuitement mis \u00e0 votre disposition<\/h3>\t\t\t\t\t\t\t\t<\/div>\n\t\t\t\t<\/div>\n\t\t\t\t\t<\/div>\n\t\t<\/div>\n\t\t\t\t\t<\/div>\n\t\t<\/section>\n\t\t\t\t<section class=\"elementor-section elementor-top-section elementor-element elementor-element-831456b elementor-section-boxed elementor-section-height-default elementor-section-height-default\" data-id=\"831456b\" data-element_type=\"section\">\n\t\t\t\t\t\t<div class=\"elementor-container elementor-column-gap-default\">\n\t\t\t\t\t<div class=\"elementor-column elementor-col-100 elementor-top-column elementor-element elementor-element-2c1b827\" data-id=\"2c1b827\" data-element_type=\"column\">\n\t\t\t<div class=\"elementor-widget-wrap elementor-element-populated\">\n\t\t\t\t\t\t<div class=\"elementor-element elementor-element-1892cad elementor-widget elementor-widget-text-editor\" data-id=\"1892cad\" data-element_type=\"widget\" data-widget_type=\"text-editor.default\">\n\t\t\t\t<div class=\"elementor-widget-container\">\n\t\t\t\t\t\t\t\t\t<p>Pour chaque f\u00eate, pour chaque th\u00e9matique commerciale, les infographistes Macap ont imagin\u00e9 pour vous des designs et des illustrations aussi qualitatifs qu\u2019originaux et caract\u00e9ristiques de la charte graphique d\u2019origine.<br \/>C\u2019est le r\u00e9sultat de ce travail qui est imprim\u00e9 sur des supports que vous pouvez aujourd\u2019hui commander en quelques clics !<\/p>\t\t\t\t\t\t\t\t<\/div>\n\t\t\t\t<\/div>\n\t\t\t\t\t<\/div>\n\t\t<\/div>\n\t\t\t\t\t<\/div>\n\t\t<\/section>\n\t\t\t\t<section class=\"elementor-section elementor-top-section elementor-element elementor-element-968a637 elementor-section-boxed elementor-section-height-default elementor-section-height-default\" data-id=\"968a637\" data-element_type=\"section\">\n\t\t\t\t\t\t<div class=\"elementor-container elementor-column-gap-default\">\n\t\t\t\t\t<div class=\"elementor-column elementor-col-100 elementor-top-column elementor-element elementor-element-0862224\" data-id=\"0862224\" data-element_type=\"column\">\n\t\t\t<div class=\"elementor-widget-wrap elementor-element-populated\">\n\t\t\t\t\t\t<div class=\"elementor-element elementor-element-395325d elementor-widget elementor-widget-text-editor\" data-id=\"395325d\" data-element_type=\"widget\" data-widget_type=\"text-editor.default\">\n\t\t\t\t<div class=\"elementor-widget-container\">\n\t\t\t\t\t\t\t\t\t<h3>Vous recherchez des id\u00e9es pour les mettre en valeur ?<\/h3>\t\t\t\t\t\t\t\t<\/div>\n\t\t\t\t<\/div>\n\t\t\t\t\t<\/div>\n\t\t<\/div>\n\t\t\t\t\t<\/div>\n\t\t<\/section>\n\t\t\t\t<section class=\"elementor-section elementor-top-section elementor-element elementor-element-82b6d1c elementor-section-boxed elementor-section-height-default elementor-section-height-default\" data-id=\"82b6d1c\" data-element_type=\"section\">\n\t\t\t\t\t\t<div class=\"elementor-container elementor-column-gap-default\">\n\t\t\t\t\t<div class=\"elementor-column elementor-col-100 elementor-top-column elementor-element elementor-element-62f2eb0\" data-id=\"62f2eb0\" data-element_type=\"column\">\n\t\t\t<div class=\"elementor-widget-wrap elementor-element-populated\">\n\t\t\t\t\t\t<div class=\"elementor-element elementor-element-c4b48d6 elementor-widget elementor-widget-text-editor\" data-id=\"c4b48d6\" data-element_type=\"widget\" data-widget_type=\"text-editor.default\">\n\t\t\t\t<div class=\"elementor-widget-container\">\n\t\t\t\t\t\t\t\t\t<p>Les possibilit\u00e9s d&#8217;utilisation de ces supports de PLV sont infinies ! <br \/>Vous pouvez installer les <a href=\"https:\/\/www.macapflag.com\/plv-fetes-annuelles\/791903-beach-flag-oriflamme-classique-28-mvisuel-fete-st-patrick-modele-3.html\" target=\"_blank\" rel=\"noopener\">oriflammes Saint-Patrick<\/a> \u00e0 l&#8217;ext\u00e9rieur de votre \u00e9tablissement pour attirer l&#8217;attention des passants et cr\u00e9er une atmosph\u00e8re joyeuse. <br \/>Utilisez les <a href=\"https:\/\/www.macapflag.com\/plv-fetes-annuelles\/790811-banderole-pvc-oeillets-100x400-cmplv-fete-st-patrick-modele-1.html\" target=\"_blank\" rel=\"noopener\">banderoles Saint-Patrick<\/a> pour d\u00e9limiter des zones de f\u00eate ou pour d\u00e9corer l&#8217;int\u00e9rieur de votre espace. <br \/>Les <a href=\"https:\/\/www.macapflag.com\/plv-fetes-annuelles\/790816-roll-up-80x200-cmvisuelfete-st-patrick-modele-2.html\" target=\"_blank\" rel=\"noopener\">roll-ups Saint-Patrick<\/a> sont parfaits pour ajouter une touche festive \u00e0 votre stand ou \u00e0 votre boutique. <br \/>En combinant ces produits de mani\u00e8re cr\u00e9ative, vous pouvez transformer votre lieu de vente en un v\u00e9ritable sanctuaire de la Saint-Patrick, invitant vos clients \u00e0 se joindre \u00e0 la c\u00e9l\u00e9bration de cette journ\u00e9e sp\u00e9ciale au caract\u00e8re jovial.<\/p>\t\t\t\t\t\t\t\t<\/div>\n\t\t\t\t<\/div>\n\t\t\t\t\t<\/div>\n\t\t<\/div>\n\t\t\t\t\t<\/div>\n\t\t<\/section>\n\t\t\t\t<section class=\"elementor-section elementor-top-section elementor-element elementor-element-bf11ef6 elementor-section-boxed elementor-section-height-default elementor-section-height-default\" data-id=\"bf11ef6\" data-element_type=\"section\">\n\t\t\t\t\t\t<div class=\"elementor-container elementor-column-gap-default\">\n\t\t\t\t\t<div class=\"elementor-column elementor-col-100 elementor-top-column elementor-element elementor-element-0de51e6\" data-id=\"0de51e6\" data-element_type=\"column\">\n\t\t\t<div class=\"elementor-widget-wrap elementor-element-populated\">\n\t\t\t\t\t\t<div class=\"elementor-element elementor-element-34818ab elementor-widget elementor-widget-image\" data-id=\"34818ab\" data-element_type=\"widget\" data-widget_type=\"image.default\">\n\t\t\t\t<div class=\"elementor-widget-container\">\n\t\t\t\t\t\t\t\t\t\t\t\t\t\t\t\t<a href=\"https:\/\/www.macapflag.com\/\">\n\t\t\t\t\t\t\t<img fetchpriority=\"high\" decoding=\"async\" width=\"700\" height=\"320\" src=\"https:\/\/www.macapflag.com\/blog\/wp-content\/uploads\/2021\/04\/fabriquant-de-drapeaux-kakemonos-banderoles-beach-flags-oriflammes-macap.jpg\" class=\"attachment-large size-large wp-image-10133\" alt=\"Macap fabriquant de drapeaux kak\u00e9mono banderole beach flag oriflamme\" srcset=\"https:\/\/www.macapflag.com\/blog\/wp-content\/uploads\/2021\/04\/fabriquant-de-drapeaux-kakemonos-banderoles-beach-flags-oriflammes-macap.jpg 700w, https:\/\/www.macapflag.com\/blog\/wp-content\/uploads\/2021\/04\/fabriquant-de-drapeaux-kakemonos-banderoles-beach-flags-oriflammes-macap-300x137.jpg 300w\" sizes=\"(max-width: 700px) 100vw, 700px\" \/>\t\t\t\t\t\t\t\t<\/a>\n\t\t\t\t\t\t\t\t\t\t\t\t\t\t\t<\/div>\n\t\t\t\t<\/div>\n\t\t\t\t\t<\/div>\n\t\t<\/div>\n\t\t\t\t\t<\/div>\n\t\t<\/section>\n\t\t\t\t<\/div>\n\t\t","protected":false},"excerpt":{"rendered":"<div class=\"tmnf_excerpt\"><p>Mardi 17 mars, nous f\u00eaterons la Saint Patrick, en hommage au saint patron de l\u2019Irlande d\u00e9c\u00e9d\u00e9 ce jour de l\u2019an 461. Dans le monde entier, les Irlandais se retrouvent pour faire la f\u00eate et c\u00e9l\u00e9brer le fameux Paddy\u2019s Day. Pourquoi f\u00eate-t-on la Saint Patrick ? Reconnu pour \u00eatre le fondateur du christianisme irlandais, la l\u00e9gende &hellip;<\/p>\n<\/div>","protected":false},"author":2,"featured_media":22401,"comment_status":"closed","ping_status":"open","sticky":false,"template":"template-fullwidth.php","format":"standard","meta":{"footnotes":""},"categories":[92],"tags":[],"class_list":["post-12123","post","type-post","status-publish","format-standard","has-post-thumbnail","hentry","category-news"],"yoast_head":"<!-- This site is optimized with the Yoast SEO plugin v26.4 - https:\/\/yoast.com\/wordpress\/plugins\/seo\/ -->\n<title>Offre promotionnelle Saint-Patrick, tous les meilleurs supports<\/title>\n<meta name=\"description\" content=\"Macap vous propose une offre Saint Patrick avec des r\u00e9ductions sur des produits au design original pour la f\u00eate irlandaise du 17 mars\" \/>\n<meta name=\"robots\" content=\"index, follow, max-snippet:-1, max-image-preview:large, max-video-preview:-1\" \/>\n<link rel=\"canonical\" href=\"https:\/\/www.macapflag.com\/blog\/offre-saint-patrick\/\" \/>\n<meta property=\"og:locale\" content=\"fr_FR\" \/>\n<meta property=\"og:type\" content=\"article\" \/>\n<meta property=\"og:title\" content=\"Offre promotionnelle Saint-Patrick, tous les meilleurs supports\" \/>\n<meta property=\"og:description\" content=\"Macap vous propose une offre Saint Patrick avec des r\u00e9ductions sur des produits au design original pour la f\u00eate irlandaise du 17 mars\" \/>\n<meta property=\"og:url\" content=\"https:\/\/www.macapflag.com\/blog\/offre-saint-patrick\/\" \/>\n<meta property=\"og:site_name\" content=\"Blog - Macap\" \/>\n<meta property=\"article:publisher\" content=\"https:\/\/www.facebook.com\/macap.pavoisement\/\" \/>\n<meta property=\"article:published_time\" content=\"2026-02-17T07:01:58+00:00\" \/>\n<meta property=\"article:modified_time\" content=\"2026-02-17T14:35:59+00:00\" \/>\n<meta property=\"og:image\" content=\"https:\/\/www.macapflag.com\/blog\/wp-content\/uploads\/2026\/02\/offre-titre-st-patrick.jpg\" \/>\n\t<meta property=\"og:image:width\" content=\"870\" \/>\n\t<meta property=\"og:image:height\" content=\"600\" \/>\n\t<meta property=\"og:image:type\" content=\"image\/jpeg\" \/>\n<meta name=\"author\" content=\"Blog Macap\" \/>\n<meta name=\"twitter:card\" content=\"summary_large_image\" \/>\n<meta name=\"twitter:label1\" content=\"\u00c9crit par\" \/>\n\t<meta name=\"twitter:data1\" content=\"Blog Macap\" \/>\n\t<meta name=\"twitter:label2\" content=\"Dur\u00e9e de lecture estim\u00e9e\" \/>\n\t<meta name=\"twitter:data2\" content=\"4 minutes\" \/>\n<script type=\"application\/ld+json\" class=\"yoast-schema-graph\">{\"@context\":\"https:\/\/schema.org\",\"@graph\":[{\"@type\":\"Article\",\"@id\":\"https:\/\/www.macapflag.com\/blog\/offre-saint-patrick\/#article\",\"isPartOf\":{\"@id\":\"https:\/\/www.macapflag.com\/blog\/offre-saint-patrick\/\"},\"author\":{\"name\":\"Blog Macap\",\"@id\":\"https:\/\/www.macapflag.com\/blog\/#\/schema\/person\/3fea701f2603875e651e6b662578fc3c\"},\"headline\":\"Offre promotionnelle Saint-Patrick\",\"datePublished\":\"2026-02-17T07:01:58+00:00\",\"dateModified\":\"2026-02-17T14:35:59+00:00\",\"mainEntityOfPage\":{\"@id\":\"https:\/\/www.macapflag.com\/blog\/offre-saint-patrick\/\"},\"wordCount\":761,\"publisher\":{\"@id\":\"https:\/\/www.macapflag.com\/blog\/#organization\"},\"image\":{\"@id\":\"https:\/\/www.macapflag.com\/blog\/offre-saint-patrick\/#primaryimage\"},\"thumbnailUrl\":\"https:\/\/www.macapflag.com\/blog\/wp-content\/uploads\/2026\/02\/offre-titre-st-patrick.jpg\",\"articleSection\":[\"News &amp; Actu\"],\"inLanguage\":\"fr-FR\"},{\"@type\":\"WebPage\",\"@id\":\"https:\/\/www.macapflag.com\/blog\/offre-saint-patrick\/\",\"url\":\"https:\/\/www.macapflag.com\/blog\/offre-saint-patrick\/\",\"name\":\"Offre promotionnelle Saint-Patrick, tous les meilleurs supports\",\"isPartOf\":{\"@id\":\"https:\/\/www.macapflag.com\/blog\/#website\"},\"primaryImageOfPage\":{\"@id\":\"https:\/\/www.macapflag.com\/blog\/offre-saint-patrick\/#primaryimage\"},\"image\":{\"@id\":\"https:\/\/www.macapflag.com\/blog\/offre-saint-patrick\/#primaryimage\"},\"thumbnailUrl\":\"https:\/\/www.macapflag.com\/blog\/wp-content\/uploads\/2026\/02\/offre-titre-st-patrick.jpg\",\"datePublished\":\"2026-02-17T07:01:58+00:00\",\"dateModified\":\"2026-02-17T14:35:59+00:00\",\"description\":\"Macap vous propose une offre Saint Patrick avec des r\u00e9ductions sur des produits au design original pour la f\u00eate irlandaise du 17 mars\",\"breadcrumb\":{\"@id\":\"https:\/\/www.macapflag.com\/blog\/offre-saint-patrick\/#breadcrumb\"},\"inLanguage\":\"fr-FR\",\"potentialAction\":[{\"@type\":\"ReadAction\",\"target\":[\"https:\/\/www.macapflag.com\/blog\/offre-saint-patrick\/\"]}]},{\"@type\":\"ImageObject\",\"inLanguage\":\"fr-FR\",\"@id\":\"https:\/\/www.macapflag.com\/blog\/offre-saint-patrick\/#primaryimage\",\"url\":\"https:\/\/www.macapflag.com\/blog\/wp-content\/uploads\/2026\/02\/offre-titre-st-patrick.jpg\",\"contentUrl\":\"https:\/\/www.macapflag.com\/blog\/wp-content\/uploads\/2026\/02\/offre-titre-st-patrick.jpg\",\"width\":870,\"height\":600,\"caption\":\"Promo produits communication Saint Patrick\"},{\"@type\":\"BreadcrumbList\",\"@id\":\"https:\/\/www.macapflag.com\/blog\/offre-saint-patrick\/#breadcrumb\",\"itemListElement\":[{\"@type\":\"ListItem\",\"position\":1,\"name\":\"Accueil\",\"item\":\"https:\/\/www.macapflag.com\/blog\/\"},{\"@type\":\"ListItem\",\"position\":2,\"name\":\"Offre promotionnelle Saint-Patrick\"}]},{\"@type\":\"WebSite\",\"@id\":\"https:\/\/www.macapflag.com\/blog\/#website\",\"url\":\"https:\/\/www.macapflag.com\/blog\/\",\"name\":\"Blog - Macap\",\"description\":\"Tous nos articles\",\"publisher\":{\"@id\":\"https:\/\/www.macapflag.com\/blog\/#organization\"},\"potentialAction\":[{\"@type\":\"SearchAction\",\"target\":{\"@type\":\"EntryPoint\",\"urlTemplate\":\"https:\/\/www.macapflag.com\/blog\/?s={search_term_string}\"},\"query-input\":{\"@type\":\"PropertyValueSpecification\",\"valueRequired\":true,\"valueName\":\"search_term_string\"}}],\"inLanguage\":\"fr-FR\"},{\"@type\":\"Organization\",\"@id\":\"https:\/\/www.macapflag.com\/blog\/#organization\",\"name\":\"macapflag\",\"url\":\"https:\/\/www.macapflag.com\/blog\/\",\"logo\":{\"@type\":\"ImageObject\",\"inLanguage\":\"fr-FR\",\"@id\":\"https:\/\/www.macapflag.com\/blog\/#\/schema\/logo\/image\/\",\"url\":\"https:\/\/www.macapflag.com\/blog\/wp-content\/uploads\/2020\/12\/cropped-M-512-1.png\",\"contentUrl\":\"https:\/\/www.macapflag.com\/blog\/wp-content\/uploads\/2020\/12\/cropped-M-512-1.png\",\"width\":512,\"height\":512,\"caption\":\"macapflag\"},\"image\":{\"@id\":\"https:\/\/www.macapflag.com\/blog\/#\/schema\/logo\/image\/\"},\"sameAs\":[\"https:\/\/www.facebook.com\/macap.pavoisement\/\",\"https:\/\/www.instagram.com\/macapflag\/?hl=fr\",\"https:\/\/www.linkedin.com\/company\/macap\/?originalSubdomain=fr\",\"https:\/\/www.youtube.com\/channel\/UCXNzTIdZh9poEBjSXEqDtNw\"]},{\"@type\":\"Person\",\"@id\":\"https:\/\/www.macapflag.com\/blog\/#\/schema\/person\/3fea701f2603875e651e6b662578fc3c\",\"name\":\"Blog Macap\",\"image\":{\"@type\":\"ImageObject\",\"inLanguage\":\"fr-FR\",\"@id\":\"https:\/\/www.macapflag.com\/blog\/#\/schema\/person\/image\/\",\"url\":\"https:\/\/secure.gravatar.com\/avatar\/c12551f2dc51f0db049633b03e7856985477a70da834cc8967dea4ce54bdd6a2?s=96&d=mm&r=g\",\"contentUrl\":\"https:\/\/secure.gravatar.com\/avatar\/c12551f2dc51f0db049633b03e7856985477a70da834cc8967dea4ce54bdd6a2?s=96&d=mm&r=g\",\"caption\":\"Blog Macap\"},\"url\":\"https:\/\/www.macapflag.com\/blog\/author\/macap\/\"}]}<\/script>\n<!-- \/ Yoast SEO plugin. -->","yoast_head_json":{"title":"Offre promotionnelle Saint-Patrick, tous les meilleurs supports","description":"Macap vous propose une offre Saint Patrick avec des r\u00e9ductions sur des produits au design original pour la f\u00eate irlandaise du 17 mars","robots":{"index":"index","follow":"follow","max-snippet":"max-snippet:-1","max-image-preview":"max-image-preview:large","max-video-preview":"max-video-preview:-1"},"canonical":"https:\/\/www.macapflag.com\/blog\/offre-saint-patrick\/","og_locale":"fr_FR","og_type":"article","og_title":"Offre promotionnelle Saint-Patrick, tous les meilleurs supports","og_description":"Macap vous propose une offre Saint Patrick avec des r\u00e9ductions sur des produits au design original pour la f\u00eate irlandaise du 17 mars","og_url":"https:\/\/www.macapflag.com\/blog\/offre-saint-patrick\/","og_site_name":"Blog - Macap","article_publisher":"https:\/\/www.facebook.com\/macap.pavoisement\/","article_published_time":"2026-02-17T07:01:58+00:00","article_modified_time":"2026-02-17T14:35:59+00:00","og_image":[{"width":870,"height":600,"url":"https:\/\/www.macapflag.com\/blog\/wp-content\/uploads\/2026\/02\/offre-titre-st-patrick.jpg","type":"image\/jpeg"}],"author":"Blog Macap","twitter_card":"summary_large_image","twitter_misc":{"\u00c9crit par":"Blog Macap","Dur\u00e9e de lecture estim\u00e9e":"4 minutes"},"schema":{"@context":"https:\/\/schema.org","@graph":[{"@type":"Article","@id":"https:\/\/www.macapflag.com\/blog\/offre-saint-patrick\/#article","isPartOf":{"@id":"https:\/\/www.macapflag.com\/blog\/offre-saint-patrick\/"},"author":{"name":"Blog Macap","@id":"https:\/\/www.macapflag.com\/blog\/#\/schema\/person\/3fea701f2603875e651e6b662578fc3c"},"headline":"Offre promotionnelle Saint-Patrick","datePublished":"2026-02-17T07:01:58+00:00","dateModified":"2026-02-17T14:35:59+00:00","mainEntityOfPage":{"@id":"https:\/\/www.macapflag.com\/blog\/offre-saint-patrick\/"},"wordCount":761,"publisher":{"@id":"https:\/\/www.macapflag.com\/blog\/#organization"},"image":{"@id":"https:\/\/www.macapflag.com\/blog\/offre-saint-patrick\/#primaryimage"},"thumbnailUrl":"https:\/\/www.macapflag.com\/blog\/wp-content\/uploads\/2026\/02\/offre-titre-st-patrick.jpg","articleSection":["News &amp; Actu"],"inLanguage":"fr-FR"},{"@type":"WebPage","@id":"https:\/\/www.macapflag.com\/blog\/offre-saint-patrick\/","url":"https:\/\/www.macapflag.com\/blog\/offre-saint-patrick\/","name":"Offre promotionnelle Saint-Patrick, tous les meilleurs supports","isPartOf":{"@id":"https:\/\/www.macapflag.com\/blog\/#website"},"primaryImageOfPage":{"@id":"https:\/\/www.macapflag.com\/blog\/offre-saint-patrick\/#primaryimage"},"image":{"@id":"https:\/\/www.macapflag.com\/blog\/offre-saint-patrick\/#primaryimage"},"thumbnailUrl":"https:\/\/www.macapflag.com\/blog\/wp-content\/uploads\/2026\/02\/offre-titre-st-patrick.jpg","datePublished":"2026-02-17T07:01:58+00:00","dateModified":"2026-02-17T14:35:59+00:00","description":"Macap vous propose une offre Saint Patrick avec des r\u00e9ductions sur des produits au design original pour la f\u00eate irlandaise du 17 mars","breadcrumb":{"@id":"https:\/\/www.macapflag.com\/blog\/offre-saint-patrick\/#breadcrumb"},"inLanguage":"fr-FR","potentialAction":[{"@type":"ReadAction","target":["https:\/\/www.macapflag.com\/blog\/offre-saint-patrick\/"]}]},{"@type":"ImageObject","inLanguage":"fr-FR","@id":"https:\/\/www.macapflag.com\/blog\/offre-saint-patrick\/#primaryimage","url":"https:\/\/www.macapflag.com\/blog\/wp-content\/uploads\/2026\/02\/offre-titre-st-patrick.jpg","contentUrl":"https:\/\/www.macapflag.com\/blog\/wp-content\/uploads\/2026\/02\/offre-titre-st-patrick.jpg","width":870,"height":600,"caption":"Promo produits communication Saint Patrick"},{"@type":"BreadcrumbList","@id":"https:\/\/www.macapflag.com\/blog\/offre-saint-patrick\/#breadcrumb","itemListElement":[{"@type":"ListItem","position":1,"name":"Accueil","item":"https:\/\/www.macapflag.com\/blog\/"},{"@type":"ListItem","position":2,"name":"Offre promotionnelle Saint-Patrick"}]},{"@type":"WebSite","@id":"https:\/\/www.macapflag.com\/blog\/#website","url":"https:\/\/www.macapflag.com\/blog\/","name":"Blog - Macap","description":"Tous nos articles","publisher":{"@id":"https:\/\/www.macapflag.com\/blog\/#organization"},"potentialAction":[{"@type":"SearchAction","target":{"@type":"EntryPoint","urlTemplate":"https:\/\/www.macapflag.com\/blog\/?s={search_term_string}"},"query-input":{"@type":"PropertyValueSpecification","valueRequired":true,"valueName":"search_term_string"}}],"inLanguage":"fr-FR"},{"@type":"Organization","@id":"https:\/\/www.macapflag.com\/blog\/#organization","name":"macapflag","url":"https:\/\/www.macapflag.com\/blog\/","logo":{"@type":"ImageObject","inLanguage":"fr-FR","@id":"https:\/\/www.macapflag.com\/blog\/#\/schema\/logo\/image\/","url":"https:\/\/www.macapflag.com\/blog\/wp-content\/uploads\/2020\/12\/cropped-M-512-1.png","contentUrl":"https:\/\/www.macapflag.com\/blog\/wp-content\/uploads\/2020\/12\/cropped-M-512-1.png","width":512,"height":512,"caption":"macapflag"},"image":{"@id":"https:\/\/www.macapflag.com\/blog\/#\/schema\/logo\/image\/"},"sameAs":["https:\/\/www.facebook.com\/macap.pavoisement\/","https:\/\/www.instagram.com\/macapflag\/?hl=fr","https:\/\/www.linkedin.com\/company\/macap\/?originalSubdomain=fr","https:\/\/www.youtube.com\/channel\/UCXNzTIdZh9poEBjSXEqDtNw"]},{"@type":"Person","@id":"https:\/\/www.macapflag.com\/blog\/#\/schema\/person\/3fea701f2603875e651e6b662578fc3c","name":"Blog Macap","image":{"@type":"ImageObject","inLanguage":"fr-FR","@id":"https:\/\/www.macapflag.com\/blog\/#\/schema\/person\/image\/","url":"https:\/\/secure.gravatar.com\/avatar\/c12551f2dc51f0db049633b03e7856985477a70da834cc8967dea4ce54bdd6a2?s=96&d=mm&r=g","contentUrl":"https:\/\/secure.gravatar.com\/avatar\/c12551f2dc51f0db049633b03e7856985477a70da834cc8967dea4ce54bdd6a2?s=96&d=mm&r=g","caption":"Blog Macap"},"url":"https:\/\/www.macapflag.com\/blog\/author\/macap\/"}]}},"_links":{"self":[{"href":"https:\/\/www.macapflag.com\/blog\/wp-json\/wp\/v2\/posts\/12123","targetHints":{"allow":["GET"]}}],"collection":[{"href":"https:\/\/www.macapflag.com\/blog\/wp-json\/wp\/v2\/posts"}],"about":[{"href":"https:\/\/www.macapflag.com\/blog\/wp-json\/wp\/v2\/types\/post"}],"author":[{"embeddable":true,"href":"https:\/\/www.macapflag.com\/blog\/wp-json\/wp\/v2\/users\/2"}],"replies":[{"embeddable":true,"href":"https:\/\/www.macapflag.com\/blog\/wp-json\/wp\/v2\/comments?post=12123"}],"version-history":[{"count":32,"href":"https:\/\/www.macapflag.com\/blog\/wp-json\/wp\/v2\/posts\/12123\/revisions"}],"predecessor-version":[{"id":22402,"href":"https:\/\/www.macapflag.com\/blog\/wp-json\/wp\/v2\/posts\/12123\/revisions\/22402"}],"wp:featuredmedia":[{"embeddable":true,"href":"https:\/\/www.macapflag.com\/blog\/wp-json\/wp\/v2\/media\/22401"}],"wp:attachment":[{"href":"https:\/\/www.macapflag.com\/blog\/wp-json\/wp\/v2\/media?parent=12123"}],"wp:term":[{"taxonomy":"category","embeddable":true,"href":"https:\/\/www.macapflag.com\/blog\/wp-json\/wp\/v2\/categories?post=12123"},{"taxonomy":"post_tag","embeddable":true,"href":"https:\/\/www.macapflag.com\/blog\/wp-json\/wp\/v2\/tags?post=12123"}],"curies":[{"name":"wp","href":"https:\/\/api.w.org\/{rel}","templated":true}]}}