{"id":12132,"date":"2023-02-09T08:00:00","date_gmt":"2023-02-09T07:00:00","guid":{"rendered":"https:\/\/www.macapflag.com\/blog\/?p=12132"},"modified":"2023-02-09T08:25:43","modified_gmt":"2023-02-09T07:25:43","slug":"venise","status":"publish","type":"post","link":"https:\/\/www.macapflag.com\/blog\/venise\/","title":{"rendered":"Pleins feux sur le Carnaval de Venise"},"content":{"rendered":"\t\t<div data-elementor-type=\"wp-post\" data-elementor-id=\"12132\" class=\"elementor elementor-12132\">\n\t\t\t\t\t\t<section class=\"elementor-section elementor-top-section elementor-element elementor-element-eccdf79 elementor-section-boxed elementor-section-height-default elementor-section-height-default\" data-id=\"eccdf79\" data-element_type=\"section\">\n\t\t\t\t\t\t<div class=\"elementor-container elementor-column-gap-default\">\n\t\t\t\t\t<div class=\"elementor-column elementor-col-100 elementor-top-column elementor-element elementor-element-cd69fe4\" data-id=\"cd69fe4\" data-element_type=\"column\">\n\t\t\t<div class=\"elementor-widget-wrap elementor-element-populated\">\n\t\t\t\t\t\t<div class=\"elementor-element elementor-element-e1364c5 elementor-widget elementor-widget-text-editor\" data-id=\"e1364c5\" data-element_type=\"widget\" data-widget_type=\"text-editor.default\">\n\t\t\t\t<div class=\"elementor-widget-container\">\n\t\t\t\t\t\t\t\t\t<p>Du 11 au 21 f\u00e9vrier aura lieu le c\u00e9l\u00e8bre Carnaval de Venise. Masques, plumes et rubans seront au rendez-vous de cet \u00e9v\u00e8nement unique au monde.<\/p>\t\t\t\t\t\t\t\t<\/div>\n\t\t\t\t<\/div>\n\t\t\t\t\t<\/div>\n\t\t<\/div>\n\t\t\t\t\t<\/div>\n\t\t<\/section>\n\t\t\t\t<section class=\"elementor-section elementor-top-section elementor-element elementor-element-5ec41b0 elementor-section-boxed elementor-section-height-default elementor-section-height-default\" data-id=\"5ec41b0\" data-element_type=\"section\">\n\t\t\t\t\t\t<div class=\"elementor-container elementor-column-gap-default\">\n\t\t\t\t\t<div class=\"elementor-column elementor-col-100 elementor-top-column elementor-element elementor-element-30bc651\" data-id=\"30bc651\" data-element_type=\"column\">\n\t\t\t<div class=\"elementor-widget-wrap elementor-element-populated\">\n\t\t\t\t\t\t<div class=\"elementor-element elementor-element-e2bfedd elementor-widget elementor-widget-text-editor\" data-id=\"e2bfedd\" data-element_type=\"widget\" data-widget_type=\"text-editor.default\">\n\t\t\t\t<div class=\"elementor-widget-container\">\n\t\t\t\t\t\t\t\t\t<h2>Un peu d&#8217;histoire &#8230;<\/h2>\t\t\t\t\t\t\t\t<\/div>\n\t\t\t\t<\/div>\n\t\t\t\t\t<\/div>\n\t\t<\/div>\n\t\t\t\t\t<\/div>\n\t\t<\/section>\n\t\t\t\t<section class=\"elementor-section elementor-top-section elementor-element elementor-element-419c532 elementor-section-boxed elementor-section-height-default elementor-section-height-default\" data-id=\"419c532\" data-element_type=\"section\">\n\t\t\t\t\t\t<div class=\"elementor-container elementor-column-gap-default\">\n\t\t\t\t\t<div class=\"elementor-column elementor-col-100 elementor-top-column elementor-element elementor-element-a1a377c\" data-id=\"a1a377c\" data-element_type=\"column\">\n\t\t\t<div class=\"elementor-widget-wrap elementor-element-populated\">\n\t\t\t\t\t\t<div class=\"elementor-element elementor-element-5403764 elementor-widget elementor-widget-image\" data-id=\"5403764\" data-element_type=\"widget\" data-widget_type=\"image.default\">\n\t\t\t\t<div class=\"elementor-widget-container\">\n\t\t\t\t\t\t\t\t\t\t\t\t\t\t\t<img fetchpriority=\"high\" decoding=\"async\" width=\"700\" height=\"534\" src=\"https:\/\/www.macapflag.com\/blog\/wp-content\/uploads\/2023\/01\/carnaval-de-venise-1.jpg\" class=\"attachment-large size-large wp-image-12087\" alt=\"Histoire du carnaval du Venise\" srcset=\"https:\/\/www.macapflag.com\/blog\/wp-content\/uploads\/2023\/01\/carnaval-de-venise-1.jpg 700w, https:\/\/www.macapflag.com\/blog\/wp-content\/uploads\/2023\/01\/carnaval-de-venise-1-300x229.jpg 300w\" sizes=\"(max-width: 700px) 100vw, 700px\" \/>\t\t\t\t\t\t\t\t\t\t\t\t\t\t\t<\/div>\n\t\t\t\t<\/div>\n\t\t\t\t\t<\/div>\n\t\t<\/div>\n\t\t\t\t\t<\/div>\n\t\t<\/section>\n\t\t\t\t<section class=\"elementor-section elementor-top-section elementor-element elementor-element-d2f3947 elementor-section-boxed elementor-section-height-default elementor-section-height-default\" data-id=\"d2f3947\" data-element_type=\"section\">\n\t\t\t\t\t\t<div class=\"elementor-container elementor-column-gap-default\">\n\t\t\t\t\t<div class=\"elementor-column elementor-col-100 elementor-top-column elementor-element elementor-element-565182c\" data-id=\"565182c\" data-element_type=\"column\">\n\t\t\t<div class=\"elementor-widget-wrap elementor-element-populated\">\n\t\t\t\t\t\t<div class=\"elementor-element elementor-element-dbb1e5c elementor-widget elementor-widget-text-editor\" data-id=\"dbb1e5c\" data-element_type=\"widget\" data-widget_type=\"text-editor.default\">\n\t\t\t\t<div class=\"elementor-widget-container\">\n\t\t\t\t\t\t\t\t\t<p>S\u2019il existe depuis le XI\u1d49 si\u00e8cle, c\u2019est au cours du XVIII\u1d49 si\u00e8cle que cet \u00e9v\u00e8nement a pris son ampleur en r\u00e9unissant notamment princes et nobles dans la cit\u00e9 lacustre.<br \/>Tel un exutoire \u00e0 la fermet\u00e9 du gouvernement v\u00e9nitien, le carnaval a aussi \u00e9t\u00e9 pendant des si\u00e8cles une sorte de parenth\u00e8se pour les habitants habitu\u00e9s \u00e0 vivre sous contr\u00f4le permanent.<br \/>D\u00e9guis\u00e9s, masqu\u00e9s, gens de toute condition et de toute origine pouvaient ainsi s\u2019amuser \u00e0 devenir quelqu\u2019un d\u2019autre durant quelques jours.<br \/>Lorsque la r\u00e9publique v\u00e9nitienne est pass\u00e9e sous le contr\u00f4le de l\u2019Autriche en 1797, le carnaval fut interdit par peur de complotisme.<br \/>Plus tard, dans les ann\u00e9es 30, Mussolini et son gouvernement fasciste perp\u00e9tuent cette interdiction.<br \/>Ce n\u2019est ensuite qu\u2019en 1979 que le Carnaval reprend ses droits. Ces 200 ann\u00e9es d\u2019interdiction n\u2019ont pas entach\u00e9 le go\u00fbt des v\u00e9nitiens pour les d\u00e9guisements splendides et extravagants et Venise n\u2019a rien perdu de sa superbe.<\/p>\t\t\t\t\t\t\t\t<\/div>\n\t\t\t\t<\/div>\n\t\t\t\t\t<\/div>\n\t\t<\/div>\n\t\t\t\t\t<\/div>\n\t\t<\/section>\n\t\t\t\t<section class=\"elementor-section elementor-top-section elementor-element elementor-element-b5c5034 elementor-section-boxed elementor-section-height-default elementor-section-height-default\" data-id=\"b5c5034\" data-element_type=\"section\">\n\t\t\t\t\t\t<div class=\"elementor-container elementor-column-gap-default\">\n\t\t\t\t\t<div class=\"elementor-column elementor-col-100 elementor-top-column elementor-element elementor-element-4319045\" data-id=\"4319045\" data-element_type=\"column\">\n\t\t\t<div class=\"elementor-widget-wrap elementor-element-populated\">\n\t\t\t\t\t\t<div class=\"elementor-element elementor-element-3740c9d elementor-widget elementor-widget-text-editor\" data-id=\"3740c9d\" data-element_type=\"widget\" data-widget_type=\"text-editor.default\">\n\t\t\t\t<div class=\"elementor-widget-container\">\n\t\t\t\t\t\t\t\t\t<h2>\u00c0 quelle date est organis\u00e9 le carnaval de Venise ?<\/h2>\t\t\t\t\t\t\t\t<\/div>\n\t\t\t\t<\/div>\n\t\t\t\t\t<\/div>\n\t\t<\/div>\n\t\t\t\t\t<\/div>\n\t\t<\/section>\n\t\t\t\t<section class=\"elementor-section elementor-top-section elementor-element elementor-element-5f64c3a elementor-section-boxed elementor-section-height-default elementor-section-height-default\" data-id=\"5f64c3a\" data-element_type=\"section\">\n\t\t\t\t\t\t<div class=\"elementor-container elementor-column-gap-default\">\n\t\t\t\t\t<div class=\"elementor-column elementor-col-100 elementor-top-column elementor-element elementor-element-8f735bd\" data-id=\"8f735bd\" data-element_type=\"column\">\n\t\t\t<div class=\"elementor-widget-wrap elementor-element-populated\">\n\t\t\t\t\t\t<div class=\"elementor-element elementor-element-4dcb443 elementor-widget elementor-widget-image\" data-id=\"4dcb443\" data-element_type=\"widget\" data-widget_type=\"image.default\">\n\t\t\t\t<div class=\"elementor-widget-container\">\n\t\t\t\t\t\t\t\t\t\t\t\t\t\t\t<img decoding=\"async\" width=\"700\" height=\"534\" src=\"https:\/\/www.macapflag.com\/blog\/wp-content\/uploads\/2023\/01\/carnaval-de-venise-2.jpg\" class=\"attachment-large size-large wp-image-12088\" alt=\"Personnages masqu\u00e9s du carnaval de Venise\" srcset=\"https:\/\/www.macapflag.com\/blog\/wp-content\/uploads\/2023\/01\/carnaval-de-venise-2.jpg 700w, https:\/\/www.macapflag.com\/blog\/wp-content\/uploads\/2023\/01\/carnaval-de-venise-2-300x229.jpg 300w\" sizes=\"(max-width: 700px) 100vw, 700px\" \/>\t\t\t\t\t\t\t\t\t\t\t\t\t\t\t<\/div>\n\t\t\t\t<\/div>\n\t\t\t\t\t<\/div>\n\t\t<\/div>\n\t\t\t\t\t<\/div>\n\t\t<\/section>\n\t\t\t\t<section class=\"elementor-section elementor-top-section elementor-element elementor-element-4500771 elementor-section-boxed elementor-section-height-default elementor-section-height-default\" data-id=\"4500771\" data-element_type=\"section\">\n\t\t\t\t\t\t<div class=\"elementor-container elementor-column-gap-default\">\n\t\t\t\t\t<div class=\"elementor-column elementor-col-100 elementor-top-column elementor-element elementor-element-e52fb52\" data-id=\"e52fb52\" data-element_type=\"column\">\n\t\t\t<div class=\"elementor-widget-wrap elementor-element-populated\">\n\t\t\t\t\t\t<div class=\"elementor-element elementor-element-a1f4a3f elementor-widget elementor-widget-text-editor\" data-id=\"a1f4a3f\" data-element_type=\"widget\" data-widget_type=\"text-editor.default\">\n\t\t\t\t<div class=\"elementor-widget-container\">\n\t\t\t\t\t\t\t\t\t<p>La date de d\u00e9but du carnaval est fix\u00e9e 10 jours avant le mercredi des cendres pour se terminer le jour de Mardi gras. Pour l\u2019ann\u00e9e 2023, les dates du carnaval ont \u00e9t\u00e9 fix\u00e9es du <strong>11 au 21 f\u00e9vrier<\/strong>.<\/p>\t\t\t\t\t\t\t\t<\/div>\n\t\t\t\t<\/div>\n\t\t\t\t\t<\/div>\n\t\t<\/div>\n\t\t\t\t\t<\/div>\n\t\t<\/section>\n\t\t\t\t<section class=\"elementor-section elementor-top-section elementor-element elementor-element-3440f5b elementor-section-boxed elementor-section-height-default elementor-section-height-default\" data-id=\"3440f5b\" data-element_type=\"section\">\n\t\t\t\t\t\t<div class=\"elementor-container elementor-column-gap-default\">\n\t\t\t\t\t<div class=\"elementor-column elementor-col-100 elementor-top-column elementor-element elementor-element-6d05a25\" data-id=\"6d05a25\" data-element_type=\"column\">\n\t\t\t<div class=\"elementor-widget-wrap elementor-element-populated\">\n\t\t\t\t\t\t<div class=\"elementor-element elementor-element-93e50b8 elementor-widget elementor-widget-image\" data-id=\"93e50b8\" data-element_type=\"widget\" data-widget_type=\"image.default\">\n\t\t\t\t<div class=\"elementor-widget-container\">\n\t\t\t\t\t\t\t\t\t\t\t\t\t\t\t<img decoding=\"async\" width=\"700\" height=\"534\" src=\"https:\/\/www.macapflag.com\/blog\/wp-content\/uploads\/2023\/01\/carnaval-de-venise-7.jpg\" class=\"attachment-large size-large wp-image-12093\" alt=\"Les d\u00e9guisements du carnaval de Venise\" srcset=\"https:\/\/www.macapflag.com\/blog\/wp-content\/uploads\/2023\/01\/carnaval-de-venise-7.jpg 700w, https:\/\/www.macapflag.com\/blog\/wp-content\/uploads\/2023\/01\/carnaval-de-venise-7-300x229.jpg 300w\" sizes=\"(max-width: 700px) 100vw, 700px\" \/>\t\t\t\t\t\t\t\t\t\t\t\t\t\t\t<\/div>\n\t\t\t\t<\/div>\n\t\t\t\t\t<\/div>\n\t\t<\/div>\n\t\t\t\t\t<\/div>\n\t\t<\/section>\n\t\t\t\t<section class=\"elementor-section elementor-top-section elementor-element elementor-element-60959f2 elementor-section-boxed elementor-section-height-default elementor-section-height-default\" data-id=\"60959f2\" data-element_type=\"section\">\n\t\t\t\t\t\t<div class=\"elementor-container elementor-column-gap-default\">\n\t\t\t\t\t<div class=\"elementor-column elementor-col-100 elementor-top-column elementor-element elementor-element-1d0bc1b\" data-id=\"1d0bc1b\" data-element_type=\"column\">\n\t\t\t<div class=\"elementor-widget-wrap elementor-element-populated\">\n\t\t\t\t\t\t<div class=\"elementor-element elementor-element-3ee4869 elementor-widget elementor-widget-text-editor\" data-id=\"3ee4869\" data-element_type=\"widget\" data-widget_type=\"text-editor.default\">\n\t\t\t\t<div class=\"elementor-widget-container\">\n\t\t\t\t\t\t\t\t\t<h2>Quel est le programme du carnaval de Venise 2023 ?<\/h2>\t\t\t\t\t\t\t\t<\/div>\n\t\t\t\t<\/div>\n\t\t\t\t\t<\/div>\n\t\t<\/div>\n\t\t\t\t\t<\/div>\n\t\t<\/section>\n\t\t\t\t<section class=\"elementor-section elementor-top-section elementor-element elementor-element-4080c9f elementor-section-boxed elementor-section-height-default elementor-section-height-default\" data-id=\"4080c9f\" data-element_type=\"section\">\n\t\t\t\t\t\t<div class=\"elementor-container elementor-column-gap-default\">\n\t\t\t\t\t<div class=\"elementor-column elementor-col-100 elementor-top-column elementor-element elementor-element-8e40562\" data-id=\"8e40562\" data-element_type=\"column\">\n\t\t\t<div class=\"elementor-widget-wrap elementor-element-populated\">\n\t\t\t\t\t\t<div class=\"elementor-element elementor-element-40102f9 elementor-widget elementor-widget-image\" data-id=\"40102f9\" data-element_type=\"widget\" data-widget_type=\"image.default\">\n\t\t\t\t<div class=\"elementor-widget-container\">\n\t\t\t\t\t\t\t\t\t\t\t\t\t\t\t<img loading=\"lazy\" decoding=\"async\" width=\"700\" height=\"534\" src=\"https:\/\/www.macapflag.com\/blog\/wp-content\/uploads\/2023\/01\/carnaval-de-venise-6.jpg\" class=\"attachment-large size-large wp-image-12092\" alt=\"Venise, sa lagune et son carnaval\" srcset=\"https:\/\/www.macapflag.com\/blog\/wp-content\/uploads\/2023\/01\/carnaval-de-venise-6.jpg 700w, https:\/\/www.macapflag.com\/blog\/wp-content\/uploads\/2023\/01\/carnaval-de-venise-6-300x229.jpg 300w\" sizes=\"(max-width: 700px) 100vw, 700px\" \/>\t\t\t\t\t\t\t\t\t\t\t\t\t\t\t<\/div>\n\t\t\t\t<\/div>\n\t\t\t\t\t<\/div>\n\t\t<\/div>\n\t\t\t\t\t<\/div>\n\t\t<\/section>\n\t\t\t\t<section class=\"elementor-section elementor-top-section elementor-element elementor-element-3a17a37 elementor-section-boxed elementor-section-height-default elementor-section-height-default\" data-id=\"3a17a37\" data-element_type=\"section\">\n\t\t\t\t\t\t<div class=\"elementor-container elementor-column-gap-default\">\n\t\t\t\t\t<div class=\"elementor-column elementor-col-100 elementor-top-column elementor-element elementor-element-df5f4bb\" data-id=\"df5f4bb\" data-element_type=\"column\">\n\t\t\t<div class=\"elementor-widget-wrap elementor-element-populated\">\n\t\t\t\t\t\t<div class=\"elementor-element elementor-element-b62a051 elementor-widget elementor-widget-text-editor\" data-id=\"b62a051\" data-element_type=\"widget\" data-widget_type=\"text-editor.default\">\n\t\t\t\t<div class=\"elementor-widget-container\">\n\t\t\t\t\t\t\t\t\t<p>Du 4 au 10 f\u00e9vrier ont lieu des manifestations dites du pr\u00e9-Carnaval.<br \/>Le samedi 11 f\u00e9vrier marque le d\u00e9marrage du carnaval avec la f\u00eate des Maries, le d\u00e9fil\u00e9 des plus belles v\u00e9nitiennes. <br \/>\u00c0 partir du dimanche 12 f\u00e9vrier, chaque jour, la parade des costum\u00e9s quittera la place Saint-marc d\u00e8s 9 h.<br \/>Plusieurs chasses au tr\u00e9sor, ateliers de d\u00e9coration, bals, diners et spectacles sont organis\u00e9s dans diff\u00e9rents quartiers de la ville pendant la dur\u00e9e du carnaval.<br \/>Retrouvez le programme d\u00e9taill\u00e9 du carnaval de Venise en <a href=\"https:\/\/www.e-venise.com\/carnaval-venise-programme.htm#:~:text=Le%20Programme%20du%20Carnaval%20de%20Venise%202023,-Samedi%2011%20F%C3%A9vrier&amp;text=D%C3%A9part%20du%20d%C3%A9fil%C3%A9%20des%20plus,le%20Bassin%20de%20Saint%2DMarc.\"><span style=\"color: #3366ff;\"><strong>cliquant ici<\/strong><\/span><\/a> <\/p>\t\t\t\t\t\t\t\t<\/div>\n\t\t\t\t<\/div>\n\t\t\t\t\t<\/div>\n\t\t<\/div>\n\t\t\t\t\t<\/div>\n\t\t<\/section>\n\t\t\t\t<section class=\"elementor-section elementor-top-section elementor-element elementor-element-e22c495 elementor-section-boxed elementor-section-height-default elementor-section-height-default\" data-id=\"e22c495\" data-element_type=\"section\">\n\t\t\t\t\t\t<div class=\"elementor-container elementor-column-gap-default\">\n\t\t\t\t\t<div class=\"elementor-column elementor-col-100 elementor-top-column elementor-element elementor-element-ffef1c3\" data-id=\"ffef1c3\" data-element_type=\"column\">\n\t\t\t<div class=\"elementor-widget-wrap elementor-element-populated\">\n\t\t\t\t\t\t<div class=\"elementor-element elementor-element-5b1319c elementor-widget elementor-widget-image\" data-id=\"5b1319c\" data-element_type=\"widget\" data-widget_type=\"image.default\">\n\t\t\t\t<div class=\"elementor-widget-container\">\n\t\t\t\t\t\t\t\t\t\t\t\t\t\t\t<img loading=\"lazy\" decoding=\"async\" width=\"700\" height=\"534\" src=\"https:\/\/www.macapflag.com\/blog\/wp-content\/uploads\/2023\/01\/carnaval-de-venise-4.jpg\" class=\"attachment-large size-large wp-image-12090\" alt=\"La beaut\u00e9 des costumes du carnaval de Venise\" srcset=\"https:\/\/www.macapflag.com\/blog\/wp-content\/uploads\/2023\/01\/carnaval-de-venise-4.jpg 700w, https:\/\/www.macapflag.com\/blog\/wp-content\/uploads\/2023\/01\/carnaval-de-venise-4-300x229.jpg 300w\" sizes=\"(max-width: 700px) 100vw, 700px\" \/>\t\t\t\t\t\t\t\t\t\t\t\t\t\t\t<\/div>\n\t\t\t\t<\/div>\n\t\t\t\t\t<\/div>\n\t\t<\/div>\n\t\t\t\t\t<\/div>\n\t\t<\/section>\n\t\t\t\t<section class=\"elementor-section elementor-top-section elementor-element elementor-element-7544fa4 elementor-section-boxed elementor-section-height-default elementor-section-height-default\" data-id=\"7544fa4\" data-element_type=\"section\">\n\t\t\t\t\t\t<div class=\"elementor-container elementor-column-gap-default\">\n\t\t\t\t\t<div class=\"elementor-column elementor-col-100 elementor-top-column elementor-element elementor-element-63835d6\" data-id=\"63835d6\" data-element_type=\"column\">\n\t\t\t<div class=\"elementor-widget-wrap elementor-element-populated\">\n\t\t\t\t\t\t<div class=\"elementor-element elementor-element-5d87c28 elementor-widget elementor-widget-text-editor\" data-id=\"5d87c28\" data-element_type=\"widget\" data-widget_type=\"text-editor.default\">\n\t\t\t\t<div class=\"elementor-widget-container\">\n\t\t\t\t\t\t\t\t\t<h2>Quelles sont les retomb\u00e9es \u00e9conomiques du carnaval de Venise ?<\/h2>\t\t\t\t\t\t\t\t<\/div>\n\t\t\t\t<\/div>\n\t\t\t\t\t<\/div>\n\t\t<\/div>\n\t\t\t\t\t<\/div>\n\t\t<\/section>\n\t\t\t\t<section class=\"elementor-section elementor-top-section elementor-element elementor-element-1e6d026 elementor-section-boxed elementor-section-height-default elementor-section-height-default\" data-id=\"1e6d026\" data-element_type=\"section\">\n\t\t\t\t\t\t<div class=\"elementor-container elementor-column-gap-default\">\n\t\t\t\t\t<div class=\"elementor-column elementor-col-100 elementor-top-column elementor-element elementor-element-c5ad6b2\" data-id=\"c5ad6b2\" data-element_type=\"column\">\n\t\t\t<div class=\"elementor-widget-wrap elementor-element-populated\">\n\t\t\t\t\t\t<div class=\"elementor-element elementor-element-071d387 elementor-widget elementor-widget-image\" data-id=\"071d387\" data-element_type=\"widget\" data-widget_type=\"image.default\">\n\t\t\t\t<div class=\"elementor-widget-container\">\n\t\t\t\t\t\t\t\t\t\t\t\t\t\t\t<img loading=\"lazy\" decoding=\"async\" width=\"700\" height=\"534\" src=\"https:\/\/www.macapflag.com\/blog\/wp-content\/uploads\/2023\/01\/carnaval-de-venise-3.jpg\" class=\"attachment-large size-large wp-image-12089\" alt=\"Les masques du carnaval de Venise\" srcset=\"https:\/\/www.macapflag.com\/blog\/wp-content\/uploads\/2023\/01\/carnaval-de-venise-3.jpg 700w, https:\/\/www.macapflag.com\/blog\/wp-content\/uploads\/2023\/01\/carnaval-de-venise-3-300x229.jpg 300w\" sizes=\"(max-width: 700px) 100vw, 700px\" \/>\t\t\t\t\t\t\t\t\t\t\t\t\t\t\t<\/div>\n\t\t\t\t<\/div>\n\t\t\t\t\t<\/div>\n\t\t<\/div>\n\t\t\t\t\t<\/div>\n\t\t<\/section>\n\t\t\t\t<section class=\"elementor-section elementor-top-section elementor-element elementor-element-6ad699e elementor-section-boxed elementor-section-height-default elementor-section-height-default\" data-id=\"6ad699e\" data-element_type=\"section\">\n\t\t\t\t\t\t<div class=\"elementor-container elementor-column-gap-default\">\n\t\t\t\t\t<div class=\"elementor-column elementor-col-100 elementor-top-column elementor-element elementor-element-79e6f09\" data-id=\"79e6f09\" data-element_type=\"column\">\n\t\t\t<div class=\"elementor-widget-wrap elementor-element-populated\">\n\t\t\t\t\t\t<div class=\"elementor-element elementor-element-5d83361 elementor-widget elementor-widget-text-editor\" data-id=\"5d83361\" data-element_type=\"widget\" data-widget_type=\"text-editor.default\">\n\t\t\t\t<div class=\"elementor-widget-container\">\n\t\t\t\t\t\t\t\t\t<p>En Italie, le <strong>tourisme repr\u00e9sente 13\u2009% du PIB<\/strong> et 15\u2009% des emplois, mais l\u2019\u00e9conomie de la Cit\u00e9 lacustre est encore plus d\u00e9pendante de ce secteur.<br \/>Chaque \u00e9dition du carnaval attire plus de <strong>3 millions de visiteurs<\/strong> et ils sont plus de 30 millions \u00e0 venir visiter Venise tout au long de l\u2019ann\u00e9e. Regroup\u00e9s en associations, certains v\u00e9nitiens r\u00e9clament m\u00eame un num\u00e9rus clausus afin de limiter le nombre de visiteurs pour pouvoir continuer \u00e0 vivre sereinement dans leur ville.<br \/>Si la pand\u00e9mie de Covid-19 a eu un impact catastrophique sur l\u2019\u00e9conomie locale, les \u00e9trangers repr\u00e9sentant 85 % des touristes, l\u2019\u00e9dition 2023 du carnaval de Venise devrait r\u00e9unir de nombreux visiteurs.<\/p>\t\t\t\t\t\t\t\t<\/div>\n\t\t\t\t<\/div>\n\t\t\t\t\t<\/div>\n\t\t<\/div>\n\t\t\t\t\t<\/div>\n\t\t<\/section>\n\t\t\t\t<section class=\"elementor-section elementor-top-section elementor-element elementor-element-29f7772 elementor-section-boxed elementor-section-height-default elementor-section-height-default\" data-id=\"29f7772\" data-element_type=\"section\">\n\t\t\t\t\t\t<div class=\"elementor-container elementor-column-gap-default\">\n\t\t\t\t\t<div class=\"elementor-column elementor-col-100 elementor-top-column elementor-element elementor-element-16d47e6\" data-id=\"16d47e6\" data-element_type=\"column\">\n\t\t\t<div class=\"elementor-widget-wrap elementor-element-populated\">\n\t\t\t\t\t\t<div class=\"elementor-element elementor-element-1eb492e elementor-widget elementor-widget-image\" data-id=\"1eb492e\" data-element_type=\"widget\" data-widget_type=\"image.default\">\n\t\t\t\t<div class=\"elementor-widget-container\">\n\t\t\t\t\t\t\t\t\t\t\t\t\t\t\t<img loading=\"lazy\" decoding=\"async\" width=\"700\" height=\"534\" src=\"https:\/\/www.macapflag.com\/blog\/wp-content\/uploads\/2023\/01\/carnaval-de-venise-5.jpg\" class=\"attachment-large size-large wp-image-12091\" alt=\"Sc\u00e8ne de d\u00e9cor du carnaval de Venise\" srcset=\"https:\/\/www.macapflag.com\/blog\/wp-content\/uploads\/2023\/01\/carnaval-de-venise-5.jpg 700w, https:\/\/www.macapflag.com\/blog\/wp-content\/uploads\/2023\/01\/carnaval-de-venise-5-300x229.jpg 300w\" sizes=\"(max-width: 700px) 100vw, 700px\" \/>\t\t\t\t\t\t\t\t\t\t\t\t\t\t\t<\/div>\n\t\t\t\t<\/div>\n\t\t\t\t\t<\/div>\n\t\t<\/div>\n\t\t\t\t\t<\/div>\n\t\t<\/section>\n\t\t\t\t<section class=\"elementor-section elementor-top-section elementor-element elementor-element-cd99a37 elementor-section-boxed elementor-section-height-default elementor-section-height-default\" data-id=\"cd99a37\" data-element_type=\"section\">\n\t\t\t\t\t\t<div class=\"elementor-container elementor-column-gap-default\">\n\t\t\t\t\t<div class=\"elementor-column elementor-col-100 elementor-top-column elementor-element elementor-element-24a8865\" data-id=\"24a8865\" data-element_type=\"column\">\n\t\t\t<div class=\"elementor-widget-wrap elementor-element-populated\">\n\t\t\t\t\t\t<div class=\"elementor-element elementor-element-fad8ddc elementor-widget-divider--view-line elementor-widget elementor-widget-divider\" data-id=\"fad8ddc\" data-element_type=\"widget\" data-widget_type=\"divider.default\">\n\t\t\t\t<div class=\"elementor-widget-container\">\n\t\t\t\t\t\t\t<div class=\"elementor-divider\">\n\t\t\t<span class=\"elementor-divider-separator\">\n\t\t\t\t\t\t<\/span>\n\t\t<\/div>\n\t\t\t\t\t\t<\/div>\n\t\t\t\t<\/div>\n\t\t\t\t\t<\/div>\n\t\t<\/div>\n\t\t\t\t\t<\/div>\n\t\t<\/section>\n\t\t\t\t<section class=\"elementor-section elementor-top-section elementor-element elementor-element-cc7afe7 elementor-section-boxed elementor-section-height-default elementor-section-height-default\" data-id=\"cc7afe7\" data-element_type=\"section\">\n\t\t\t\t\t\t<div class=\"elementor-container elementor-column-gap-default\">\n\t\t\t\t\t<div class=\"elementor-column elementor-col-100 elementor-top-column elementor-element elementor-element-7a33e29\" data-id=\"7a33e29\" data-element_type=\"column\">\n\t\t\t<div class=\"elementor-widget-wrap elementor-element-populated\">\n\t\t\t\t\t\t<div class=\"elementor-element elementor-element-984040b elementor-widget elementor-widget-text-editor\" data-id=\"984040b\" data-element_type=\"widget\" data-widget_type=\"text-editor.default\">\n\t\t\t\t<div class=\"elementor-widget-container\">\n\t\t\t\t\t\t\t\t\t<p><strong>Le saviez-vous ?<\/strong> <br \/>En 2023, un autre Carnaval c\u00e9l\u00e8bre f\u00eate ses 150 ans. Il s\u2019agit du <strong>Carnaval de Nice<\/strong> qui se d\u00e9roule du 10 au 26 f\u00e9vrier 2023. Pour cette \u00e9dition sp\u00e9ciale, le <strong>Carnaval de Rio<\/strong> est l\u2019invit\u00e9 exceptionnel des festivit\u00e9s du premier week-end.<\/p>\t\t\t\t\t\t\t\t<\/div>\n\t\t\t\t<\/div>\n\t\t\t\t\t<\/div>\n\t\t<\/div>\n\t\t\t\t\t<\/div>\n\t\t<\/section>\n\t\t\t\t<section class=\"elementor-section elementor-top-section elementor-element elementor-element-180f0fe elementor-section-boxed elementor-section-height-default elementor-section-height-default\" data-id=\"180f0fe\" data-element_type=\"section\">\n\t\t\t\t\t\t<div class=\"elementor-container elementor-column-gap-default\">\n\t\t\t\t\t<div class=\"elementor-column elementor-col-100 elementor-top-column elementor-element elementor-element-8995393\" data-id=\"8995393\" data-element_type=\"column\">\n\t\t\t<div class=\"elementor-widget-wrap elementor-element-populated\">\n\t\t\t\t\t\t<div class=\"elementor-element elementor-element-29f81c6 elementor-widget elementor-widget-image\" data-id=\"29f81c6\" data-element_type=\"widget\" data-widget_type=\"image.default\">\n\t\t\t\t<div class=\"elementor-widget-container\">\n\t\t\t\t\t\t\t\t\t\t\t\t\t\t\t\t<a href=\"https:\/\/www.macapflag.com\/\">\n\t\t\t\t\t\t\t<img loading=\"lazy\" decoding=\"async\" width=\"700\" height=\"320\" src=\"https:\/\/www.macapflag.com\/blog\/wp-content\/uploads\/2021\/04\/fabriquant-de-drapeaux-kakemonos-banderoles-beach-flags-oriflammes-macap.jpg\" class=\"attachment-large size-large wp-image-10133\" alt=\"Macap fabriquant de drapeaux kak\u00e9mono banderole beach flag oriflamme\" srcset=\"https:\/\/www.macapflag.com\/blog\/wp-content\/uploads\/2021\/04\/fabriquant-de-drapeaux-kakemonos-banderoles-beach-flags-oriflammes-macap.jpg 700w, https:\/\/www.macapflag.com\/blog\/wp-content\/uploads\/2021\/04\/fabriquant-de-drapeaux-kakemonos-banderoles-beach-flags-oriflammes-macap-300x137.jpg 300w\" sizes=\"(max-width: 700px) 100vw, 700px\" \/>\t\t\t\t\t\t\t\t<\/a>\n\t\t\t\t\t\t\t\t\t\t\t\t\t\t\t<\/div>\n\t\t\t\t<\/div>\n\t\t\t\t\t<\/div>\n\t\t<\/div>\n\t\t\t\t\t<\/div>\n\t\t<\/section>\n\t\t\t\t<\/div>\n\t\t","protected":false},"excerpt":{"rendered":"<div class=\"tmnf_excerpt\"><p>Du 11 au 21 f\u00e9vrier aura lieu le c\u00e9l\u00e8bre Carnaval de Venise. Masques, plumes et rubans seront au rendez-vous de cet \u00e9v\u00e8nement unique au monde. Un peu d&#8217;histoire &#8230; S\u2019il existe depuis le XI\u1d49 si\u00e8cle, c\u2019est au cours du XVIII\u1d49 si\u00e8cle que cet \u00e9v\u00e8nement a pris son ampleur en r\u00e9unissant notamment princes et nobles dans &hellip;<\/p>\n<\/div>","protected":false},"author":2,"featured_media":12094,"comment_status":"closed","ping_status":"open","sticky":false,"template":"template-fullwidth.php","format":"standard","meta":{"footnotes":""},"categories":[92],"tags":[],"class_list":["post-12132","post","type-post","status-publish","format-standard","has-post-thumbnail","hentry","category-news"],"yoast_head":"<!-- This site is optimized with the Yoast SEO plugin v26.4 - https:\/\/yoast.com\/wordpress\/plugins\/seo\/ -->\n<title>Pleins feux sur le Carnaval de Venise - Blog - Macap<\/title>\n<meta name=\"description\" content=\"Tout savoir sur le Carnaval de Venise, son histoire, ses coutumes et les raisons de son succ\u00e8s \u00e0 travers les \u00e2ges\" \/>\n<meta name=\"robots\" content=\"index, follow, max-snippet:-1, max-image-preview:large, max-video-preview:-1\" \/>\n<link rel=\"canonical\" href=\"https:\/\/www.macapflag.com\/blog\/venise\/\" \/>\n<meta property=\"og:locale\" content=\"fr_FR\" \/>\n<meta property=\"og:type\" content=\"article\" \/>\n<meta property=\"og:title\" content=\"Pleins feux sur le Carnaval de Venise - Blog - Macap\" \/>\n<meta property=\"og:description\" content=\"Tout savoir sur le Carnaval de Venise, son histoire, ses coutumes et les raisons de son succ\u00e8s \u00e0 travers les \u00e2ges\" \/>\n<meta property=\"og:url\" content=\"https:\/\/www.macapflag.com\/blog\/venise\/\" \/>\n<meta property=\"og:site_name\" content=\"Blog - Macap\" \/>\n<meta property=\"article:publisher\" content=\"https:\/\/www.facebook.com\/macap.pavoisement\/\" \/>\n<meta property=\"article:published_time\" content=\"2023-02-09T07:00:00+00:00\" \/>\n<meta property=\"article:modified_time\" content=\"2023-02-09T07:25:43+00:00\" \/>\n<meta property=\"og:image\" content=\"https:\/\/www.macapflag.com\/blog\/wp-content\/uploads\/2023\/01\/carnaval-de-venise-TITRE.jpg\" \/>\n\t<meta property=\"og:image:width\" content=\"870\" \/>\n\t<meta property=\"og:image:height\" content=\"600\" \/>\n\t<meta property=\"og:image:type\" content=\"image\/jpeg\" \/>\n<meta name=\"author\" content=\"Blog Macap\" \/>\n<meta name=\"twitter:card\" content=\"summary_large_image\" \/>\n<meta name=\"twitter:label1\" content=\"\u00c9crit par\" \/>\n\t<meta name=\"twitter:data1\" content=\"Blog Macap\" \/>\n\t<meta name=\"twitter:label2\" content=\"Dur\u00e9e de lecture estim\u00e9e\" \/>\n\t<meta name=\"twitter:data2\" content=\"5 minutes\" \/>\n<script type=\"application\/ld+json\" class=\"yoast-schema-graph\">{\"@context\":\"https:\/\/schema.org\",\"@graph\":[{\"@type\":\"Article\",\"@id\":\"https:\/\/www.macapflag.com\/blog\/venise\/#article\",\"isPartOf\":{\"@id\":\"https:\/\/www.macapflag.com\/blog\/venise\/\"},\"author\":{\"name\":\"Blog Macap\",\"@id\":\"https:\/\/www.macapflag.com\/blog\/#\/schema\/person\/3fea701f2603875e651e6b662578fc3c\"},\"headline\":\"Pleins feux sur le Carnaval de Venise\",\"datePublished\":\"2023-02-09T07:00:00+00:00\",\"dateModified\":\"2023-02-09T07:25:43+00:00\",\"mainEntityOfPage\":{\"@id\":\"https:\/\/www.macapflag.com\/blog\/venise\/\"},\"wordCount\":537,\"publisher\":{\"@id\":\"https:\/\/www.macapflag.com\/blog\/#organization\"},\"image\":{\"@id\":\"https:\/\/www.macapflag.com\/blog\/venise\/#primaryimage\"},\"thumbnailUrl\":\"https:\/\/www.macapflag.com\/blog\/wp-content\/uploads\/2023\/01\/carnaval-de-venise-TITRE.jpg\",\"articleSection\":[\"News &amp; Actu\"],\"inLanguage\":\"fr-FR\"},{\"@type\":\"WebPage\",\"@id\":\"https:\/\/www.macapflag.com\/blog\/venise\/\",\"url\":\"https:\/\/www.macapflag.com\/blog\/venise\/\",\"name\":\"Pleins feux sur le Carnaval de Venise - Blog - Macap\",\"isPartOf\":{\"@id\":\"https:\/\/www.macapflag.com\/blog\/#website\"},\"primaryImageOfPage\":{\"@id\":\"https:\/\/www.macapflag.com\/blog\/venise\/#primaryimage\"},\"image\":{\"@id\":\"https:\/\/www.macapflag.com\/blog\/venise\/#primaryimage\"},\"thumbnailUrl\":\"https:\/\/www.macapflag.com\/blog\/wp-content\/uploads\/2023\/01\/carnaval-de-venise-TITRE.jpg\",\"datePublished\":\"2023-02-09T07:00:00+00:00\",\"dateModified\":\"2023-02-09T07:25:43+00:00\",\"description\":\"Tout savoir sur le Carnaval de Venise, son histoire, ses coutumes et les raisons de son succ\u00e8s \u00e0 travers les \u00e2ges\",\"breadcrumb\":{\"@id\":\"https:\/\/www.macapflag.com\/blog\/venise\/#breadcrumb\"},\"inLanguage\":\"fr-FR\",\"potentialAction\":[{\"@type\":\"ReadAction\",\"target\":[\"https:\/\/www.macapflag.com\/blog\/venise\/\"]}]},{\"@type\":\"ImageObject\",\"inLanguage\":\"fr-FR\",\"@id\":\"https:\/\/www.macapflag.com\/blog\/venise\/#primaryimage\",\"url\":\"https:\/\/www.macapflag.com\/blog\/wp-content\/uploads\/2023\/01\/carnaval-de-venise-TITRE.jpg\",\"contentUrl\":\"https:\/\/www.macapflag.com\/blog\/wp-content\/uploads\/2023\/01\/carnaval-de-venise-TITRE.jpg\",\"width\":870,\"height\":600,\"caption\":\"Chaque ann\u00e9e Venise organise son carnaval qui attire les touristes\"},{\"@type\":\"BreadcrumbList\",\"@id\":\"https:\/\/www.macapflag.com\/blog\/venise\/#breadcrumb\",\"itemListElement\":[{\"@type\":\"ListItem\",\"position\":1,\"name\":\"Accueil\",\"item\":\"https:\/\/www.macapflag.com\/blog\/\"},{\"@type\":\"ListItem\",\"position\":2,\"name\":\"Pleins feux sur le Carnaval de Venise\"}]},{\"@type\":\"WebSite\",\"@id\":\"https:\/\/www.macapflag.com\/blog\/#website\",\"url\":\"https:\/\/www.macapflag.com\/blog\/\",\"name\":\"Blog - Macap\",\"description\":\"Tous nos articles\",\"publisher\":{\"@id\":\"https:\/\/www.macapflag.com\/blog\/#organization\"},\"potentialAction\":[{\"@type\":\"SearchAction\",\"target\":{\"@type\":\"EntryPoint\",\"urlTemplate\":\"https:\/\/www.macapflag.com\/blog\/?s={search_term_string}\"},\"query-input\":{\"@type\":\"PropertyValueSpecification\",\"valueRequired\":true,\"valueName\":\"search_term_string\"}}],\"inLanguage\":\"fr-FR\"},{\"@type\":\"Organization\",\"@id\":\"https:\/\/www.macapflag.com\/blog\/#organization\",\"name\":\"macapflag\",\"url\":\"https:\/\/www.macapflag.com\/blog\/\",\"logo\":{\"@type\":\"ImageObject\",\"inLanguage\":\"fr-FR\",\"@id\":\"https:\/\/www.macapflag.com\/blog\/#\/schema\/logo\/image\/\",\"url\":\"https:\/\/www.macapflag.com\/blog\/wp-content\/uploads\/2020\/12\/cropped-M-512-1.png\",\"contentUrl\":\"https:\/\/www.macapflag.com\/blog\/wp-content\/uploads\/2020\/12\/cropped-M-512-1.png\",\"width\":512,\"height\":512,\"caption\":\"macapflag\"},\"image\":{\"@id\":\"https:\/\/www.macapflag.com\/blog\/#\/schema\/logo\/image\/\"},\"sameAs\":[\"https:\/\/www.facebook.com\/macap.pavoisement\/\",\"https:\/\/www.instagram.com\/macapflag\/?hl=fr\",\"https:\/\/www.linkedin.com\/company\/macap\/?originalSubdomain=fr\",\"https:\/\/www.youtube.com\/channel\/UCXNzTIdZh9poEBjSXEqDtNw\"]},{\"@type\":\"Person\",\"@id\":\"https:\/\/www.macapflag.com\/blog\/#\/schema\/person\/3fea701f2603875e651e6b662578fc3c\",\"name\":\"Blog Macap\",\"image\":{\"@type\":\"ImageObject\",\"inLanguage\":\"fr-FR\",\"@id\":\"https:\/\/www.macapflag.com\/blog\/#\/schema\/person\/image\/\",\"url\":\"https:\/\/secure.gravatar.com\/avatar\/c12551f2dc51f0db049633b03e7856985477a70da834cc8967dea4ce54bdd6a2?s=96&d=mm&r=g\",\"contentUrl\":\"https:\/\/secure.gravatar.com\/avatar\/c12551f2dc51f0db049633b03e7856985477a70da834cc8967dea4ce54bdd6a2?s=96&d=mm&r=g\",\"caption\":\"Blog Macap\"},\"url\":\"https:\/\/www.macapflag.com\/blog\/author\/macap\/\"}]}<\/script>\n<!-- \/ Yoast SEO plugin. -->","yoast_head_json":{"title":"Pleins feux sur le Carnaval de Venise - Blog - Macap","description":"Tout savoir sur le Carnaval de Venise, son histoire, ses coutumes et les raisons de son succ\u00e8s \u00e0 travers les \u00e2ges","robots":{"index":"index","follow":"follow","max-snippet":"max-snippet:-1","max-image-preview":"max-image-preview:large","max-video-preview":"max-video-preview:-1"},"canonical":"https:\/\/www.macapflag.com\/blog\/venise\/","og_locale":"fr_FR","og_type":"article","og_title":"Pleins feux sur le Carnaval de Venise - Blog - Macap","og_description":"Tout savoir sur le Carnaval de Venise, son histoire, ses coutumes et les raisons de son succ\u00e8s \u00e0 travers les \u00e2ges","og_url":"https:\/\/www.macapflag.com\/blog\/venise\/","og_site_name":"Blog - Macap","article_publisher":"https:\/\/www.facebook.com\/macap.pavoisement\/","article_published_time":"2023-02-09T07:00:00+00:00","article_modified_time":"2023-02-09T07:25:43+00:00","og_image":[{"width":870,"height":600,"url":"https:\/\/www.macapflag.com\/blog\/wp-content\/uploads\/2023\/01\/carnaval-de-venise-TITRE.jpg","type":"image\/jpeg"}],"author":"Blog Macap","twitter_card":"summary_large_image","twitter_misc":{"\u00c9crit par":"Blog Macap","Dur\u00e9e de lecture estim\u00e9e":"5 minutes"},"schema":{"@context":"https:\/\/schema.org","@graph":[{"@type":"Article","@id":"https:\/\/www.macapflag.com\/blog\/venise\/#article","isPartOf":{"@id":"https:\/\/www.macapflag.com\/blog\/venise\/"},"author":{"name":"Blog Macap","@id":"https:\/\/www.macapflag.com\/blog\/#\/schema\/person\/3fea701f2603875e651e6b662578fc3c"},"headline":"Pleins feux sur le Carnaval de Venise","datePublished":"2023-02-09T07:00:00+00:00","dateModified":"2023-02-09T07:25:43+00:00","mainEntityOfPage":{"@id":"https:\/\/www.macapflag.com\/blog\/venise\/"},"wordCount":537,"publisher":{"@id":"https:\/\/www.macapflag.com\/blog\/#organization"},"image":{"@id":"https:\/\/www.macapflag.com\/blog\/venise\/#primaryimage"},"thumbnailUrl":"https:\/\/www.macapflag.com\/blog\/wp-content\/uploads\/2023\/01\/carnaval-de-venise-TITRE.jpg","articleSection":["News &amp; Actu"],"inLanguage":"fr-FR"},{"@type":"WebPage","@id":"https:\/\/www.macapflag.com\/blog\/venise\/","url":"https:\/\/www.macapflag.com\/blog\/venise\/","name":"Pleins feux sur le Carnaval de Venise - Blog - Macap","isPartOf":{"@id":"https:\/\/www.macapflag.com\/blog\/#website"},"primaryImageOfPage":{"@id":"https:\/\/www.macapflag.com\/blog\/venise\/#primaryimage"},"image":{"@id":"https:\/\/www.macapflag.com\/blog\/venise\/#primaryimage"},"thumbnailUrl":"https:\/\/www.macapflag.com\/blog\/wp-content\/uploads\/2023\/01\/carnaval-de-venise-TITRE.jpg","datePublished":"2023-02-09T07:00:00+00:00","dateModified":"2023-02-09T07:25:43+00:00","description":"Tout savoir sur le Carnaval de Venise, son histoire, ses coutumes et les raisons de son succ\u00e8s \u00e0 travers les \u00e2ges","breadcrumb":{"@id":"https:\/\/www.macapflag.com\/blog\/venise\/#breadcrumb"},"inLanguage":"fr-FR","potentialAction":[{"@type":"ReadAction","target":["https:\/\/www.macapflag.com\/blog\/venise\/"]}]},{"@type":"ImageObject","inLanguage":"fr-FR","@id":"https:\/\/www.macapflag.com\/blog\/venise\/#primaryimage","url":"https:\/\/www.macapflag.com\/blog\/wp-content\/uploads\/2023\/01\/carnaval-de-venise-TITRE.jpg","contentUrl":"https:\/\/www.macapflag.com\/blog\/wp-content\/uploads\/2023\/01\/carnaval-de-venise-TITRE.jpg","width":870,"height":600,"caption":"Chaque ann\u00e9e Venise organise son carnaval qui attire les touristes"},{"@type":"BreadcrumbList","@id":"https:\/\/www.macapflag.com\/blog\/venise\/#breadcrumb","itemListElement":[{"@type":"ListItem","position":1,"name":"Accueil","item":"https:\/\/www.macapflag.com\/blog\/"},{"@type":"ListItem","position":2,"name":"Pleins feux sur le Carnaval de Venise"}]},{"@type":"WebSite","@id":"https:\/\/www.macapflag.com\/blog\/#website","url":"https:\/\/www.macapflag.com\/blog\/","name":"Blog - Macap","description":"Tous nos articles","publisher":{"@id":"https:\/\/www.macapflag.com\/blog\/#organization"},"potentialAction":[{"@type":"SearchAction","target":{"@type":"EntryPoint","urlTemplate":"https:\/\/www.macapflag.com\/blog\/?s={search_term_string}"},"query-input":{"@type":"PropertyValueSpecification","valueRequired":true,"valueName":"search_term_string"}}],"inLanguage":"fr-FR"},{"@type":"Organization","@id":"https:\/\/www.macapflag.com\/blog\/#organization","name":"macapflag","url":"https:\/\/www.macapflag.com\/blog\/","logo":{"@type":"ImageObject","inLanguage":"fr-FR","@id":"https:\/\/www.macapflag.com\/blog\/#\/schema\/logo\/image\/","url":"https:\/\/www.macapflag.com\/blog\/wp-content\/uploads\/2020\/12\/cropped-M-512-1.png","contentUrl":"https:\/\/www.macapflag.com\/blog\/wp-content\/uploads\/2020\/12\/cropped-M-512-1.png","width":512,"height":512,"caption":"macapflag"},"image":{"@id":"https:\/\/www.macapflag.com\/blog\/#\/schema\/logo\/image\/"},"sameAs":["https:\/\/www.facebook.com\/macap.pavoisement\/","https:\/\/www.instagram.com\/macapflag\/?hl=fr","https:\/\/www.linkedin.com\/company\/macap\/?originalSubdomain=fr","https:\/\/www.youtube.com\/channel\/UCXNzTIdZh9poEBjSXEqDtNw"]},{"@type":"Person","@id":"https:\/\/www.macapflag.com\/blog\/#\/schema\/person\/3fea701f2603875e651e6b662578fc3c","name":"Blog Macap","image":{"@type":"ImageObject","inLanguage":"fr-FR","@id":"https:\/\/www.macapflag.com\/blog\/#\/schema\/person\/image\/","url":"https:\/\/secure.gravatar.com\/avatar\/c12551f2dc51f0db049633b03e7856985477a70da834cc8967dea4ce54bdd6a2?s=96&d=mm&r=g","contentUrl":"https:\/\/secure.gravatar.com\/avatar\/c12551f2dc51f0db049633b03e7856985477a70da834cc8967dea4ce54bdd6a2?s=96&d=mm&r=g","caption":"Blog Macap"},"url":"https:\/\/www.macapflag.com\/blog\/author\/macap\/"}]}},"_links":{"self":[{"href":"https:\/\/www.macapflag.com\/blog\/wp-json\/wp\/v2\/posts\/12132","targetHints":{"allow":["GET"]}}],"collection":[{"href":"https:\/\/www.macapflag.com\/blog\/wp-json\/wp\/v2\/posts"}],"about":[{"href":"https:\/\/www.macapflag.com\/blog\/wp-json\/wp\/v2\/types\/post"}],"author":[{"embeddable":true,"href":"https:\/\/www.macapflag.com\/blog\/wp-json\/wp\/v2\/users\/2"}],"replies":[{"embeddable":true,"href":"https:\/\/www.macapflag.com\/blog\/wp-json\/wp\/v2\/comments?post=12132"}],"version-history":[{"count":17,"href":"https:\/\/www.macapflag.com\/blog\/wp-json\/wp\/v2\/posts\/12132\/revisions"}],"predecessor-version":[{"id":12308,"href":"https:\/\/www.macapflag.com\/blog\/wp-json\/wp\/v2\/posts\/12132\/revisions\/12308"}],"wp:featuredmedia":[{"embeddable":true,"href":"https:\/\/www.macapflag.com\/blog\/wp-json\/wp\/v2\/media\/12094"}],"wp:attachment":[{"href":"https:\/\/www.macapflag.com\/blog\/wp-json\/wp\/v2\/media?parent=12132"}],"wp:term":[{"taxonomy":"category","embeddable":true,"href":"https:\/\/www.macapflag.com\/blog\/wp-json\/wp\/v2\/categories?post=12132"},{"taxonomy":"post_tag","embeddable":true,"href":"https:\/\/www.macapflag.com\/blog\/wp-json\/wp\/v2\/tags?post=12132"}],"curies":[{"name":"wp","href":"https:\/\/api.w.org\/{rel}","templated":true}]}}