{"id":12447,"date":"2023-03-10T07:55:00","date_gmt":"2023-03-10T06:55:00","guid":{"rendered":"https:\/\/www.macapflag.com\/blog\/?p=12447"},"modified":"2023-03-13T08:26:45","modified_gmt":"2023-03-13T07:26:45","slug":"pavoisement-drapeaux-batiments","status":"publish","type":"post","link":"https:\/\/www.macapflag.com\/blog\/pavoisement-drapeaux-batiments\/","title":{"rendered":"La l\u00e9gislation des drapeaux sur les b\u00e2timents publics"},"content":{"rendered":"\t\t<div data-elementor-type=\"wp-post\" data-elementor-id=\"12447\" class=\"elementor elementor-12447\">\n\t\t\t\t\t\t<section class=\"elementor-section elementor-top-section elementor-element elementor-element-da6a912 elementor-section-boxed elementor-section-height-default elementor-section-height-default\" data-id=\"da6a912\" data-element_type=\"section\">\n\t\t\t\t\t\t<div class=\"elementor-container elementor-column-gap-default\">\n\t\t\t\t\t<div class=\"elementor-column elementor-col-100 elementor-top-column elementor-element elementor-element-cc8ad68\" data-id=\"cc8ad68\" data-element_type=\"column\">\n\t\t\t<div class=\"elementor-widget-wrap elementor-element-populated\">\n\t\t\t\t\t\t<div class=\"elementor-element elementor-element-661c035 elementor-widget elementor-widget-text-editor\" data-id=\"661c035\" data-element_type=\"widget\" data-widget_type=\"text-editor.default\">\n\t\t\t\t<div class=\"elementor-widget-container\">\n\t\t\t\t\t\t\t\t\t<p>Le titre de cet article est-il r\u00e9ellement bien choisi ? Existe-t-il r\u00e9ellement une l\u00e9gislation claire et pr\u00e9cise sur le sujet ? Seul l\u2019article 2 de la Constitution fran\u00e7aise indique que <strong>l\u2019embl\u00e8me national est le drapeau tricolore bleu blanc rouge.<\/strong> <br \/>Aucune autre information du cadre r\u00e9glementaire ou l\u00e9gislatif ne donne d\u2019informations sur les r\u00e8gles de pavoisement des b\u00e2timents publics. <br \/>Alors, comme souvent, lorsqu\u2019il n\u2019existe pas de loi, les traditions, us et coutumes deviennent r\u00e9f\u00e9rence. Certaines publications, comme la r\u00e9ponse du minist\u00e8re de l\u2019Int\u00e9rieur publi\u00e9e au journal officiel du S\u00e9nat le 11\/04\/2019, fournit des informations plus compl\u00e8tes.<\/p>\t\t\t\t\t\t\t\t<\/div>\n\t\t\t\t<\/div>\n\t\t\t\t\t<\/div>\n\t\t<\/div>\n\t\t\t\t\t<\/div>\n\t\t<\/section>\n\t\t\t\t<section class=\"elementor-section elementor-top-section elementor-element elementor-element-842c69f elementor-section-boxed elementor-section-height-default elementor-section-height-default\" data-id=\"842c69f\" data-element_type=\"section\">\n\t\t\t\t\t\t<div class=\"elementor-container elementor-column-gap-default\">\n\t\t\t\t\t<div class=\"elementor-column elementor-col-100 elementor-top-column elementor-element elementor-element-28dc1f9\" data-id=\"28dc1f9\" data-element_type=\"column\">\n\t\t\t<div class=\"elementor-widget-wrap elementor-element-populated\">\n\t\t\t\t\t\t<div class=\"elementor-element elementor-element-cc5064b elementor-widget elementor-widget-text-editor\" data-id=\"cc5064b\" data-element_type=\"widget\" data-widget_type=\"text-editor.default\">\n\t\t\t\t<div class=\"elementor-widget-container\">\n\t\t\t\t\t\t\t\t\t<h2>Les b\u00e2timents qui rel\u00e8vent de l&#8217;\u00c9tat :<\/h2>\t\t\t\t\t\t\t\t<\/div>\n\t\t\t\t<\/div>\n\t\t\t\t\t<\/div>\n\t\t<\/div>\n\t\t\t\t\t<\/div>\n\t\t<\/section>\n\t\t\t\t<section class=\"elementor-section elementor-top-section elementor-element elementor-element-0ed33ee elementor-section-boxed elementor-section-height-default elementor-section-height-default\" data-id=\"0ed33ee\" data-element_type=\"section\">\n\t\t\t\t\t\t<div class=\"elementor-container elementor-column-gap-default\">\n\t\t\t\t\t<div class=\"elementor-column elementor-col-100 elementor-top-column elementor-element elementor-element-c3835c0\" data-id=\"c3835c0\" data-element_type=\"column\">\n\t\t\t<div class=\"elementor-widget-wrap elementor-element-populated\">\n\t\t\t\t\t\t<div class=\"elementor-element elementor-element-67e7717 elementor-widget elementor-widget-text-editor\" data-id=\"67e7717\" data-element_type=\"widget\" data-widget_type=\"text-editor.default\">\n\t\t\t\t<div class=\"elementor-widget-container\">\n\t\t\t\t\t\t\t\t\t<p>Les b\u00e2timents et \u00e9difices publics de l\u2019Etat sont pavois\u00e9s aux couleurs du drapeau France en fonction des directives du gouvernement. <br>Les \u00e9v\u00e9nements concern\u00e9s sont :<\/p>\n<ul>\n<li>les 14 journ\u00e9es de c\u00e9r\u00e9monies nationales (liste ci-dessous),<\/li>\n<li>la mise en berne des drapeaux lors d\u2019un deuil national,<\/li>\n<li>la r\u00e9ception de chefs d\u2019\u00c9tats \u00e9trangers.<\/li>\n<\/ul>\n<p>Pour ces occasions, le Minist\u00e8re de l\u2019Int\u00e9rieur adresse un message aux pr\u00e9fets qui \u00e0 leur tour partagent l\u2019information et les instructions aux services de l\u2019\u00c9tat et aux mairies du territoire.<\/p>\n<p>Certains choisissent, pour la mise en berne d&#8217;un drapeau, de le maintenir avec une cr\u00eape de deuil. La cr\u00eape de deuil est un ruban noir retient le mouvement du drapeau.<\/p>\t\t\t\t\t\t\t\t<\/div>\n\t\t\t\t<\/div>\n\t\t\t\t\t<\/div>\n\t\t<\/div>\n\t\t\t\t\t<\/div>\n\t\t<\/section>\n\t\t\t\t<section class=\"elementor-section elementor-top-section elementor-element elementor-element-27a75f1 elementor-section-boxed elementor-section-height-default elementor-section-height-default\" data-id=\"27a75f1\" data-element_type=\"section\">\n\t\t\t\t\t\t<div class=\"elementor-container elementor-column-gap-default\">\n\t\t\t\t\t<div class=\"elementor-column elementor-col-33 elementor-top-column elementor-element elementor-element-2e04465\" data-id=\"2e04465\" data-element_type=\"column\">\n\t\t\t<div class=\"elementor-widget-wrap elementor-element-populated\">\n\t\t\t\t\t\t<div class=\"elementor-element elementor-element-3083da5 elementor-widget elementor-widget-image\" data-id=\"3083da5\" data-element_type=\"widget\" data-widget_type=\"image.default\">\n\t\t\t\t<div class=\"elementor-widget-container\">\n\t\t\t\t\t\t\t\t\t\t\t\t<figure class=\"wp-caption\">\n\t\t\t\t\t\t\t\t\t\t<img fetchpriority=\"high\" decoding=\"async\" width=\"534\" height=\"700\" src=\"https:\/\/www.macapflag.com\/blog\/wp-content\/uploads\/2023\/02\/pavoisement-batiments-publics-2.jpg\" class=\"attachment-large size-large wp-image-12478\" alt=\"Drapeau France pour le pavoisement obligatoire\" srcset=\"https:\/\/www.macapflag.com\/blog\/wp-content\/uploads\/2023\/02\/pavoisement-batiments-publics-2.jpg 534w, https:\/\/www.macapflag.com\/blog\/wp-content\/uploads\/2023\/02\/pavoisement-batiments-publics-2-229x300.jpg 229w\" sizes=\"(max-width: 534px) 100vw, 534px\" \/>\t\t\t\t\t\t\t\t\t\t\t<figcaption class=\"widget-image-caption wp-caption-text\">Drapeau fran\u00e7ais officiel<\/figcaption>\n\t\t\t\t\t\t\t\t\t\t<\/figure>\n\t\t\t\t\t\t\t\t\t<\/div>\n\t\t\t\t<\/div>\n\t\t\t\t\t<\/div>\n\t\t<\/div>\n\t\t\t\t<div class=\"elementor-column elementor-col-33 elementor-top-column elementor-element elementor-element-f570947\" data-id=\"f570947\" data-element_type=\"column\">\n\t\t\t<div class=\"elementor-widget-wrap elementor-element-populated\">\n\t\t\t\t\t\t<div class=\"elementor-element elementor-element-976a207 elementor-widget elementor-widget-image\" data-id=\"976a207\" data-element_type=\"widget\" data-widget_type=\"image.default\">\n\t\t\t\t<div class=\"elementor-widget-container\">\n\t\t\t\t\t\t\t\t\t\t\t\t<figure class=\"wp-caption\">\n\t\t\t\t\t\t\t\t\t\t<img decoding=\"async\" width=\"534\" height=\"700\" src=\"https:\/\/www.macapflag.com\/blog\/wp-content\/uploads\/2023\/02\/pavoisement-batiments-publics-1.jpg\" class=\"attachment-large size-large wp-image-12479\" alt=\"drapeau fran\u00e7ais mis en berne\" srcset=\"https:\/\/www.macapflag.com\/blog\/wp-content\/uploads\/2023\/02\/pavoisement-batiments-publics-1.jpg 534w, https:\/\/www.macapflag.com\/blog\/wp-content\/uploads\/2023\/02\/pavoisement-batiments-publics-1-229x300.jpg 229w\" sizes=\"(max-width: 534px) 100vw, 534px\" \/>\t\t\t\t\t\t\t\t\t\t\t<figcaption class=\"widget-image-caption wp-caption-text\">Drapeau fran\u00e7ais en berne<\/figcaption>\n\t\t\t\t\t\t\t\t\t\t<\/figure>\n\t\t\t\t\t\t\t\t\t<\/div>\n\t\t\t\t<\/div>\n\t\t\t\t\t<\/div>\n\t\t<\/div>\n\t\t\t\t<div class=\"elementor-column elementor-col-33 elementor-top-column elementor-element elementor-element-b198a88\" data-id=\"b198a88\" data-element_type=\"column\">\n\t\t\t<div class=\"elementor-widget-wrap elementor-element-populated\">\n\t\t\t\t\t\t<div class=\"elementor-element elementor-element-26c48a2 elementor-widget elementor-widget-image\" data-id=\"26c48a2\" data-element_type=\"widget\" data-widget_type=\"image.default\">\n\t\t\t\t<div class=\"elementor-widget-container\">\n\t\t\t\t\t\t\t\t\t\t\t\t<figure class=\"wp-caption\">\n\t\t\t\t\t\t\t\t\t\t<img decoding=\"async\" width=\"534\" height=\"700\" src=\"https:\/\/www.macapflag.com\/blog\/wp-content\/uploads\/2023\/02\/drapeaux-batiments-publics-3.jpg\" class=\"attachment-large size-large wp-image-12475\" alt=\"Drapeaux visite chefs d&#039;Etats\" srcset=\"https:\/\/www.macapflag.com\/blog\/wp-content\/uploads\/2023\/02\/drapeaux-batiments-publics-3.jpg 534w, https:\/\/www.macapflag.com\/blog\/wp-content\/uploads\/2023\/02\/drapeaux-batiments-publics-3-229x300.jpg 229w\" sizes=\"(max-width: 534px) 100vw, 534px\" \/>\t\t\t\t\t\t\t\t\t\t\t<figcaption class=\"widget-image-caption wp-caption-text\">R\u00e9ception de chefs d'Etats<\/figcaption>\n\t\t\t\t\t\t\t\t\t\t<\/figure>\n\t\t\t\t\t\t\t\t\t<\/div>\n\t\t\t\t<\/div>\n\t\t\t\t\t<\/div>\n\t\t<\/div>\n\t\t\t\t\t<\/div>\n\t\t<\/section>\n\t\t\t\t<section class=\"elementor-section elementor-top-section elementor-element elementor-element-9a67c83 elementor-section-boxed elementor-section-height-default elementor-section-height-default\" data-id=\"9a67c83\" data-element_type=\"section\">\n\t\t\t\t\t\t<div class=\"elementor-container elementor-column-gap-default\">\n\t\t\t\t\t<div class=\"elementor-column elementor-col-100 elementor-top-column elementor-element elementor-element-70d8e5c\" data-id=\"70d8e5c\" data-element_type=\"column\">\n\t\t\t<div class=\"elementor-widget-wrap elementor-element-populated\">\n\t\t\t\t\t\t<div class=\"elementor-element elementor-element-1194220 elementor-widget elementor-widget-spacer\" data-id=\"1194220\" data-element_type=\"widget\" data-widget_type=\"spacer.default\">\n\t\t\t\t<div class=\"elementor-widget-container\">\n\t\t\t\t\t\t\t<div class=\"elementor-spacer\">\n\t\t\t<div class=\"elementor-spacer-inner\"><\/div>\n\t\t<\/div>\n\t\t\t\t\t\t<\/div>\n\t\t\t\t<\/div>\n\t\t\t\t\t<\/div>\n\t\t<\/div>\n\t\t\t\t\t<\/div>\n\t\t<\/section>\n\t\t\t\t<section class=\"elementor-section elementor-top-section elementor-element elementor-element-ae13d22 elementor-section-boxed elementor-section-height-default elementor-section-height-default\" data-id=\"ae13d22\" data-element_type=\"section\">\n\t\t\t\t\t\t<div class=\"elementor-container elementor-column-gap-default\">\n\t\t\t\t\t<div class=\"elementor-column elementor-col-100 elementor-top-column elementor-element elementor-element-a708acd\" data-id=\"a708acd\" data-element_type=\"column\">\n\t\t\t<div class=\"elementor-widget-wrap elementor-element-populated\">\n\t\t\t\t\t\t<div class=\"elementor-element elementor-element-933bd0b elementor-widget elementor-widget-text-editor\" data-id=\"933bd0b\" data-element_type=\"widget\" data-widget_type=\"text-editor.default\">\n\t\t\t\t<div class=\"elementor-widget-container\">\n\t\t\t\t\t\t\t\t\t<h2>Quelles sont les 14 journ\u00e9es de c\u00e9r\u00e9monies nationales fran\u00e7aises pour l\u2019ann\u00e9e 2023 ?<\/h2>\t\t\t\t\t\t\t\t<\/div>\n\t\t\t\t<\/div>\n\t\t\t\t\t<\/div>\n\t\t<\/div>\n\t\t\t\t\t<\/div>\n\t\t<\/section>\n\t\t\t\t<section class=\"elementor-section elementor-top-section elementor-element elementor-element-732aae6 elementor-section-boxed elementor-section-height-default elementor-section-height-default\" data-id=\"732aae6\" data-element_type=\"section\">\n\t\t\t\t\t\t<div class=\"elementor-container elementor-column-gap-default\">\n\t\t\t\t\t<div class=\"elementor-column elementor-col-100 elementor-top-column elementor-element elementor-element-f7d0c22\" data-id=\"f7d0c22\" data-element_type=\"column\">\n\t\t\t<div class=\"elementor-widget-wrap elementor-element-populated\">\n\t\t\t\t\t\t<div class=\"elementor-element elementor-element-71c2f65 elementor-widget elementor-widget-text-editor\" data-id=\"71c2f65\" data-element_type=\"widget\" data-widget_type=\"text-editor.default\">\n\t\t\t\t<div class=\"elementor-widget-container\">\n\t\t\t\t\t\t\t\t\t<p>Voici la liste des 14 journ\u00e9es comm\u00e9moratives nationales pour lesquelles le pavoisement des b\u00e2timents et des \u00e9difices publics est obligatoire.<\/p>\t\t\t\t\t\t\t\t<\/div>\n\t\t\t\t<\/div>\n\t\t\t\t\t<\/div>\n\t\t<\/div>\n\t\t\t\t\t<\/div>\n\t\t<\/section>\n\t\t\t\t<section class=\"elementor-section elementor-top-section elementor-element elementor-element-acaba16 elementor-section-boxed elementor-section-height-default elementor-section-height-default\" data-id=\"acaba16\" data-element_type=\"section\">\n\t\t\t\t\t\t<div class=\"elementor-container elementor-column-gap-default\">\n\t\t\t\t\t<div class=\"elementor-column elementor-col-100 elementor-top-column elementor-element elementor-element-b631c4d\" data-id=\"b631c4d\" data-element_type=\"column\">\n\t\t\t<div class=\"elementor-widget-wrap elementor-element-populated\">\n\t\t\t\t\t\t<div class=\"elementor-element elementor-element-d0385b3 elementor-widget elementor-widget-text-editor\" data-id=\"d0385b3\" data-element_type=\"widget\" data-widget_type=\"text-editor.default\">\n\t\t\t\t<div class=\"elementor-widget-container\">\n\t\t\t\t\t\t\t\t\t<h3>Dimanche 19 mars 2023<\/h3>\t\t\t\t\t\t\t\t<\/div>\n\t\t\t\t<\/div>\n\t\t\t\t\t<\/div>\n\t\t<\/div>\n\t\t\t\t\t<\/div>\n\t\t<\/section>\n\t\t\t\t<section class=\"elementor-section elementor-top-section elementor-element elementor-element-cd15980 elementor-section-boxed elementor-section-height-default elementor-section-height-default\" data-id=\"cd15980\" data-element_type=\"section\">\n\t\t\t\t\t\t<div class=\"elementor-container elementor-column-gap-default\">\n\t\t\t\t\t<div class=\"elementor-column elementor-col-100 elementor-top-column elementor-element elementor-element-fb7ad5c\" data-id=\"fb7ad5c\" data-element_type=\"column\">\n\t\t\t<div class=\"elementor-widget-wrap elementor-element-populated\">\n\t\t\t\t\t\t<div class=\"elementor-element elementor-element-a2ee40b elementor-widget elementor-widget-text-editor\" data-id=\"a2ee40b\" data-element_type=\"widget\" data-widget_type=\"text-editor.default\">\n\t\t\t\t<div class=\"elementor-widget-container\">\n\t\t\t\t\t\t\t\t\t<p>Journ\u00e9e nationale du souvenir et de recueillement en m\u00e9moire des victimes civiles et militaires de la guerre d&#8217;Alg\u00e9rie et des combats en Tunisie et au Maroc.<br \/>Le pavoisement des \u00e9difices et des b\u00e2timents publics est obligatoire avec le drapeau France tricolore, bleu, blanc, rouge (loi datant de 2012).<\/p>\t\t\t\t\t\t\t\t<\/div>\n\t\t\t\t<\/div>\n\t\t\t\t\t<\/div>\n\t\t<\/div>\n\t\t\t\t\t<\/div>\n\t\t<\/section>\n\t\t\t\t<section class=\"elementor-section elementor-top-section elementor-element elementor-element-e1fca1d elementor-section-boxed elementor-section-height-default elementor-section-height-default\" data-id=\"e1fca1d\" data-element_type=\"section\">\n\t\t\t\t\t\t<div class=\"elementor-container elementor-column-gap-default\">\n\t\t\t\t\t<div class=\"elementor-column elementor-col-100 elementor-top-column elementor-element elementor-element-cc763b9\" data-id=\"cc763b9\" data-element_type=\"column\">\n\t\t\t<div class=\"elementor-widget-wrap elementor-element-populated\">\n\t\t\t\t\t\t<div class=\"elementor-element elementor-element-c65135a elementor-widget elementor-widget-text-editor\" data-id=\"c65135a\" data-element_type=\"widget\" data-widget_type=\"text-editor.default\">\n\t\t\t\t<div class=\"elementor-widget-container\">\n\t\t\t\t\t\t\t\t\t<h3>Dimanche 30 avril 2023<\/h3>\t\t\t\t\t\t\t\t<\/div>\n\t\t\t\t<\/div>\n\t\t\t\t\t<\/div>\n\t\t<\/div>\n\t\t\t\t\t<\/div>\n\t\t<\/section>\n\t\t\t\t<section class=\"elementor-section elementor-top-section elementor-element elementor-element-368fd59 elementor-section-boxed elementor-section-height-default elementor-section-height-default\" data-id=\"368fd59\" data-element_type=\"section\">\n\t\t\t\t\t\t<div class=\"elementor-container elementor-column-gap-default\">\n\t\t\t\t\t<div class=\"elementor-column elementor-col-100 elementor-top-column elementor-element elementor-element-3f5b779\" data-id=\"3f5b779\" data-element_type=\"column\">\n\t\t\t<div class=\"elementor-widget-wrap elementor-element-populated\">\n\t\t\t\t\t\t<div class=\"elementor-element elementor-element-30b1132 elementor-widget elementor-widget-text-editor\" data-id=\"30b1132\" data-element_type=\"widget\" data-widget_type=\"text-editor.default\">\n\t\t\t\t<div class=\"elementor-widget-container\">\n\t\t\t\t\t\t\t\t\t<p>C\u2019est le dernier dimanche du mois d\u2019avril qui a \u00e9t\u00e9 choisi comme journ\u00e9e nationale du souvenir des victimes et des h\u00e9ros de la D\u00e9portation. Le pavoisement des \u00e9difices et des b\u00e2timents publics est obligatoire avec le drapeau fran\u00e7ais (loi datant de 1954).<\/p>\t\t\t\t\t\t\t\t<\/div>\n\t\t\t\t<\/div>\n\t\t\t\t<div class=\"elementor-element elementor-element-e775a58 elementor-widget elementor-widget-text-editor\" data-id=\"e775a58\" data-element_type=\"widget\" data-widget_type=\"text-editor.default\">\n\t\t\t\t<div class=\"elementor-widget-container\">\n\t\t\t\t\t\t\t\t\t<p>Journ\u00e9e nationale du souvenir et de recueillement en m\u00e9moire des victimes civiles et militaires de la guerre d&#8217;Alg\u00e9rie et des combats en Tunisie et au Maroc.<br \/>Le pavoisement des \u00e9difices et des b\u00e2timents publics est obligatoire avec le <a href=\"https:\/\/www.macapflag.com\/drapeau-officiel-pour-mat\/33-drapeau-francais-officiel.html\"><span style=\"color: #3366ff;\"><strong>drapeau France tricolore<\/strong><\/span><\/a>, bleu, blanc, rouge (loi datant de 2012).<\/p>\t\t\t\t\t\t\t\t<\/div>\n\t\t\t\t<\/div>\n\t\t\t\t\t<\/div>\n\t\t<\/div>\n\t\t\t\t\t<\/div>\n\t\t<\/section>\n\t\t\t\t<section class=\"elementor-section elementor-top-section elementor-element elementor-element-0992eef elementor-section-boxed elementor-section-height-default elementor-section-height-default\" data-id=\"0992eef\" data-element_type=\"section\">\n\t\t\t\t\t\t<div class=\"elementor-container elementor-column-gap-default\">\n\t\t\t\t\t<div class=\"elementor-column elementor-col-100 elementor-top-column elementor-element elementor-element-2a8f962\" data-id=\"2a8f962\" data-element_type=\"column\">\n\t\t\t<div class=\"elementor-widget-wrap elementor-element-populated\">\n\t\t\t\t\t\t<div class=\"elementor-element elementor-element-4e1dea2 elementor-widget elementor-widget-text-editor\" data-id=\"4e1dea2\" data-element_type=\"widget\" data-widget_type=\"text-editor.default\">\n\t\t\t\t<div class=\"elementor-widget-container\">\n\t\t\t\t\t\t\t\t\t<h3>Lundi 8 mai 2023<\/h3>\t\t\t\t\t\t\t\t<\/div>\n\t\t\t\t<\/div>\n\t\t\t\t\t<\/div>\n\t\t<\/div>\n\t\t\t\t\t<\/div>\n\t\t<\/section>\n\t\t\t\t<section class=\"elementor-section elementor-top-section elementor-element elementor-element-5605bf2 elementor-section-boxed elementor-section-height-default elementor-section-height-default\" data-id=\"5605bf2\" data-element_type=\"section\">\n\t\t\t\t\t\t<div class=\"elementor-container elementor-column-gap-default\">\n\t\t\t\t\t<div class=\"elementor-column elementor-col-100 elementor-top-column elementor-element elementor-element-2bf85a6\" data-id=\"2bf85a6\" data-element_type=\"column\">\n\t\t\t<div class=\"elementor-widget-wrap elementor-element-populated\">\n\t\t\t\t\t\t<div class=\"elementor-element elementor-element-475576f elementor-widget elementor-widget-text-editor\" data-id=\"475576f\" data-element_type=\"widget\" data-widget_type=\"text-editor.default\">\n\t\t\t\t<div class=\"elementor-widget-container\">\n\t\t\t\t\t\t\t\t\t<p>C\u2019est le jour de la comm\u00e9moration de la victoire du 8 mai 1945. Le pavoisement des \u00e9difices et des b\u00e2timents publics est obligatoire avec le drapeau tricolore, bleu, blanc, rouge (loi \u00e9tablie en 1981).<\/p>\t\t\t\t\t\t\t\t<\/div>\n\t\t\t\t<\/div>\n\t\t\t\t\t<\/div>\n\t\t<\/div>\n\t\t\t\t\t<\/div>\n\t\t<\/section>\n\t\t\t\t<section class=\"elementor-section elementor-top-section elementor-element elementor-element-d6886c7 elementor-section-boxed elementor-section-height-default elementor-section-height-default\" data-id=\"d6886c7\" data-element_type=\"section\">\n\t\t\t\t\t\t<div class=\"elementor-container elementor-column-gap-default\">\n\t\t\t\t\t<div class=\"elementor-column elementor-col-100 elementor-top-column elementor-element elementor-element-b41b164\" data-id=\"b41b164\" data-element_type=\"column\">\n\t\t\t<div class=\"elementor-widget-wrap elementor-element-populated\">\n\t\t\t\t\t\t<div class=\"elementor-element elementor-element-770a607 elementor-widget elementor-widget-text-editor\" data-id=\"770a607\" data-element_type=\"widget\" data-widget_type=\"text-editor.default\">\n\t\t\t\t<div class=\"elementor-widget-container\">\n\t\t\t\t\t\t\t\t\t<h3>Mardi 9 mai 2023<\/h3>\t\t\t\t\t\t\t\t<\/div>\n\t\t\t\t<\/div>\n\t\t\t\t\t<\/div>\n\t\t<\/div>\n\t\t\t\t\t<\/div>\n\t\t<\/section>\n\t\t\t\t<section class=\"elementor-section elementor-top-section elementor-element elementor-element-9b6ae3e elementor-section-boxed elementor-section-height-default elementor-section-height-default\" data-id=\"9b6ae3e\" data-element_type=\"section\">\n\t\t\t\t\t\t<div class=\"elementor-container elementor-column-gap-default\">\n\t\t\t\t\t<div class=\"elementor-column elementor-col-100 elementor-top-column elementor-element elementor-element-aa61688\" data-id=\"aa61688\" data-element_type=\"column\">\n\t\t\t<div class=\"elementor-widget-wrap elementor-element-populated\">\n\t\t\t\t\t\t<div class=\"elementor-element elementor-element-a4f10ce elementor-widget elementor-widget-text-editor\" data-id=\"a4f10ce\" data-element_type=\"widget\" data-widget_type=\"text-editor.default\">\n\t\t\t\t<div class=\"elementor-widget-container\">\n\t\t\t\t\t\t\t\t\t<p>C&#8217;est la journ\u00e9e de l&#8217;Europe et la comm\u00e9moration de la D\u00e9claration du 09 mai 1950 aussi appel\u00e9e &#8220;D\u00e9claration Schuman&#8221;. La Journ\u00e9e de l&#8217;Europe est instaur\u00e9e par les dirigeants europ\u00e9ens \u00e0 l\u2019occasion du Conseil europ\u00e9en de Milan en juin 1985. F\u00eat\u00e9e la premi\u00e8re fois en 1986, elle est devenue l\u2019un des cinq symboles de l\u2019Europe. Le pavoisement des \u00e9difices et des b\u00e2timents publics est obligatoire avec le drapeau tricolore et le drapeau de l&#8217;Europe.<\/p>\t\t\t\t\t\t\t\t<\/div>\n\t\t\t\t<\/div>\n\t\t\t\t\t<\/div>\n\t\t<\/div>\n\t\t\t\t\t<\/div>\n\t\t<\/section>\n\t\t\t\t<section class=\"elementor-section elementor-top-section elementor-element elementor-element-4d2caa7 elementor-section-boxed elementor-section-height-default elementor-section-height-default\" data-id=\"4d2caa7\" data-element_type=\"section\">\n\t\t\t\t\t\t<div class=\"elementor-container elementor-column-gap-default\">\n\t\t\t\t\t<div class=\"elementor-column elementor-col-100 elementor-top-column elementor-element elementor-element-83c8e0d\" data-id=\"83c8e0d\" data-element_type=\"column\">\n\t\t\t<div class=\"elementor-widget-wrap elementor-element-populated\">\n\t\t\t\t\t\t<div class=\"elementor-element elementor-element-68a2eca elementor-widget elementor-widget-text-editor\" data-id=\"68a2eca\" data-element_type=\"widget\" data-widget_type=\"text-editor.default\">\n\t\t\t\t<div class=\"elementor-widget-container\">\n\t\t\t\t\t\t\t\t\t<h3>Mercredi 10 mai 2023<\/h3>\t\t\t\t\t\t\t\t<\/div>\n\t\t\t\t<\/div>\n\t\t\t\t\t<\/div>\n\t\t<\/div>\n\t\t\t\t\t<\/div>\n\t\t<\/section>\n\t\t\t\t<section class=\"elementor-section elementor-top-section elementor-element elementor-element-81fd757 elementor-section-boxed elementor-section-height-default elementor-section-height-default\" data-id=\"81fd757\" data-element_type=\"section\">\n\t\t\t\t\t\t<div class=\"elementor-container elementor-column-gap-default\">\n\t\t\t\t\t<div class=\"elementor-column elementor-col-100 elementor-top-column elementor-element elementor-element-c887e04\" data-id=\"c887e04\" data-element_type=\"column\">\n\t\t\t<div class=\"elementor-widget-wrap elementor-element-populated\">\n\t\t\t\t\t\t<div class=\"elementor-element elementor-element-452fbb8 elementor-widget elementor-widget-text-editor\" data-id=\"452fbb8\" data-element_type=\"widget\" data-widget_type=\"text-editor.default\">\n\t\t\t\t<div class=\"elementor-widget-container\">\n\t\t\t\t\t\t\t\t\t<p>C&#8217;est la journ\u00e9e souvenir de l\u2019esclavage et de son abolition. C\u2019est la loi du 21 mai 2001 dite \u201cloi Taubira\u201d ainsi qu\u2019un d\u00e9cret de 2006 qui fixent la date en France m\u00e9tropolitaine. Les \u00e9difices et b\u00e2timents publics doivent alors \u00eatre pavois\u00e9s aux couleurs du drapeau France, bleu, blanc, rouge.<\/p>\t\t\t\t\t\t\t\t<\/div>\n\t\t\t\t<\/div>\n\t\t\t\t\t<\/div>\n\t\t<\/div>\n\t\t\t\t\t<\/div>\n\t\t<\/section>\n\t\t\t\t<section class=\"elementor-section elementor-top-section elementor-element elementor-element-3432e86 elementor-section-boxed elementor-section-height-default elementor-section-height-default\" data-id=\"3432e86\" data-element_type=\"section\">\n\t\t\t\t\t\t<div class=\"elementor-container elementor-column-gap-default\">\n\t\t\t\t\t<div class=\"elementor-column elementor-col-100 elementor-top-column elementor-element elementor-element-3e2c429\" data-id=\"3e2c429\" data-element_type=\"column\">\n\t\t\t<div class=\"elementor-widget-wrap elementor-element-populated\">\n\t\t\t\t\t\t<div class=\"elementor-element elementor-element-8747edf elementor-widget elementor-widget-text-editor\" data-id=\"8747edf\" data-element_type=\"widget\" data-widget_type=\"text-editor.default\">\n\t\t\t\t<div class=\"elementor-widget-container\">\n\t\t\t\t\t\t\t\t\t<h3>Dimanche 14 mai 2023<\/h3>\t\t\t\t\t\t\t\t<\/div>\n\t\t\t\t<\/div>\n\t\t\t\t\t<\/div>\n\t\t<\/div>\n\t\t\t\t\t<\/div>\n\t\t<\/section>\n\t\t\t\t<section class=\"elementor-section elementor-top-section elementor-element elementor-element-607b655 elementor-section-boxed elementor-section-height-default elementor-section-height-default\" data-id=\"607b655\" data-element_type=\"section\">\n\t\t\t\t\t\t<div class=\"elementor-container elementor-column-gap-default\">\n\t\t\t\t\t<div class=\"elementor-column elementor-col-100 elementor-top-column elementor-element elementor-element-6d5a011\" data-id=\"6d5a011\" data-element_type=\"column\">\n\t\t\t<div class=\"elementor-widget-wrap elementor-element-populated\">\n\t\t\t\t\t\t<div class=\"elementor-element elementor-element-6a10b87 elementor-widget elementor-widget-text-editor\" data-id=\"6a10b87\" data-element_type=\"widget\" data-widget_type=\"text-editor.default\">\n\t\t\t\t<div class=\"elementor-widget-container\">\n\t\t\t\t\t\t\t\t\t<p>C&#8217;est le deuxi\u00e8me dimanche du mois de mai que l\u2019on f\u00eate Jeanne d\u2019Arc et le patriotisme depuis la loi du 10 juillet 1920. Les \u00e9difices et b\u00e2timents publics doivent ainsi \u00eatre pavois\u00e9s avec le drapeau fran\u00e7ais tricolore.<\/p>\t\t\t\t\t\t\t\t<\/div>\n\t\t\t\t<\/div>\n\t\t\t\t\t<\/div>\n\t\t<\/div>\n\t\t\t\t\t<\/div>\n\t\t<\/section>\n\t\t\t\t<section class=\"elementor-section elementor-top-section elementor-element elementor-element-ab3b844 elementor-section-boxed elementor-section-height-default elementor-section-height-default\" data-id=\"ab3b844\" data-element_type=\"section\">\n\t\t\t\t\t\t<div class=\"elementor-container elementor-column-gap-default\">\n\t\t\t\t\t<div class=\"elementor-column elementor-col-100 elementor-top-column elementor-element elementor-element-de18143\" data-id=\"de18143\" data-element_type=\"column\">\n\t\t\t<div class=\"elementor-widget-wrap elementor-element-populated\">\n\t\t\t\t\t\t<div class=\"elementor-element elementor-element-32775a3 elementor-widget elementor-widget-text-editor\" data-id=\"32775a3\" data-element_type=\"widget\" data-widget_type=\"text-editor.default\">\n\t\t\t\t<div class=\"elementor-widget-container\">\n\t\t\t\t\t\t\t\t\t<h3>Samedi 27 mai 2023<\/h3>\t\t\t\t\t\t\t\t<\/div>\n\t\t\t\t<\/div>\n\t\t\t\t\t<\/div>\n\t\t<\/div>\n\t\t\t\t\t<\/div>\n\t\t<\/section>\n\t\t\t\t<section class=\"elementor-section elementor-top-section elementor-element elementor-element-25ab5c9 elementor-section-boxed elementor-section-height-default elementor-section-height-default\" data-id=\"25ab5c9\" data-element_type=\"section\">\n\t\t\t\t\t\t<div class=\"elementor-container elementor-column-gap-default\">\n\t\t\t\t\t<div class=\"elementor-column elementor-col-100 elementor-top-column elementor-element elementor-element-53d7c08\" data-id=\"53d7c08\" data-element_type=\"column\">\n\t\t\t<div class=\"elementor-widget-wrap elementor-element-populated\">\n\t\t\t\t\t\t<div class=\"elementor-element elementor-element-2c32bae elementor-widget elementor-widget-text-editor\" data-id=\"2c32bae\" data-element_type=\"widget\" data-widget_type=\"text-editor.default\">\n\t\t\t\t<div class=\"elementor-widget-container\">\n\t\t\t\t\t\t\t\t\t<p>C\u2019est la date choisie pour la Journ\u00e9e nationale de la r\u00e9sistance, depuis le 19 juillet 2013. Le drapeau France doit, \u00e0 l\u2019occasion de cette journ\u00e9e, flotter sur les b\u00e2timents et \u00e9difices publics.<\/p>\t\t\t\t\t\t\t\t<\/div>\n\t\t\t\t<\/div>\n\t\t\t\t\t<\/div>\n\t\t<\/div>\n\t\t\t\t\t<\/div>\n\t\t<\/section>\n\t\t\t\t<section class=\"elementor-section elementor-top-section elementor-element elementor-element-b623fab elementor-section-boxed elementor-section-height-default elementor-section-height-default\" data-id=\"b623fab\" data-element_type=\"section\">\n\t\t\t\t\t\t<div class=\"elementor-container elementor-column-gap-default\">\n\t\t\t\t\t<div class=\"elementor-column elementor-col-100 elementor-top-column elementor-element elementor-element-007b973\" data-id=\"007b973\" data-element_type=\"column\">\n\t\t\t<div class=\"elementor-widget-wrap elementor-element-populated\">\n\t\t\t\t\t\t<div class=\"elementor-element elementor-element-ca16003 elementor-widget elementor-widget-text-editor\" data-id=\"ca16003\" data-element_type=\"widget\" data-widget_type=\"text-editor.default\">\n\t\t\t\t<div class=\"elementor-widget-container\">\n\t\t\t\t\t\t\t\t\t<h3>Jeudi 8 juin 2023<\/h3>\t\t\t\t\t\t\t\t<\/div>\n\t\t\t\t<\/div>\n\t\t\t\t\t<\/div>\n\t\t<\/div>\n\t\t\t\t\t<\/div>\n\t\t<\/section>\n\t\t\t\t<section class=\"elementor-section elementor-top-section elementor-element elementor-element-1c831af elementor-section-boxed elementor-section-height-default elementor-section-height-default\" data-id=\"1c831af\" data-element_type=\"section\">\n\t\t\t\t\t\t<div class=\"elementor-container elementor-column-gap-default\">\n\t\t\t\t\t<div class=\"elementor-column elementor-col-100 elementor-top-column elementor-element elementor-element-27e84fe\" data-id=\"27e84fe\" data-element_type=\"column\">\n\t\t\t<div class=\"elementor-widget-wrap elementor-element-populated\">\n\t\t\t\t\t\t<div class=\"elementor-element elementor-element-eb3a09c elementor-widget elementor-widget-text-editor\" data-id=\"eb3a09c\" data-element_type=\"widget\" data-widget_type=\"text-editor.default\">\n\t\t\t\t<div class=\"elementor-widget-container\">\n\t\t\t\t\t\t\t\t\t<p>Journ\u00e9e d\u2019hommage national aux \u00ab morts pour la France \u00bb en Indochine. Chaque b\u00e2timent et \u00e9difice public doit \u00eatre pavois\u00e9 aux couleurs du drapeau France depuis un d\u00e9cret datant du 26 mai 2005.<\/p>\t\t\t\t\t\t\t\t<\/div>\n\t\t\t\t<\/div>\n\t\t\t\t\t<\/div>\n\t\t<\/div>\n\t\t\t\t\t<\/div>\n\t\t<\/section>\n\t\t\t\t<section class=\"elementor-section elementor-top-section elementor-element elementor-element-a64d41d elementor-section-boxed elementor-section-height-default elementor-section-height-default\" data-id=\"a64d41d\" data-element_type=\"section\">\n\t\t\t\t\t\t<div class=\"elementor-container elementor-column-gap-default\">\n\t\t\t\t\t<div class=\"elementor-column elementor-col-100 elementor-top-column elementor-element elementor-element-b75935f\" data-id=\"b75935f\" data-element_type=\"column\">\n\t\t\t<div class=\"elementor-widget-wrap elementor-element-populated\">\n\t\t\t\t\t\t<div class=\"elementor-element elementor-element-4a611eb elementor-widget elementor-widget-text-editor\" data-id=\"4a611eb\" data-element_type=\"widget\" data-widget_type=\"text-editor.default\">\n\t\t\t\t<div class=\"elementor-widget-container\">\n\t\t\t\t\t\t\t\t\t<h3>Dimanche 18 juin 2023<\/h3>\t\t\t\t\t\t\t\t<\/div>\n\t\t\t\t<\/div>\n\t\t\t\t\t<\/div>\n\t\t<\/div>\n\t\t\t\t\t<\/div>\n\t\t<\/section>\n\t\t\t\t<section class=\"elementor-section elementor-top-section elementor-element elementor-element-b9c84d8 elementor-section-boxed elementor-section-height-default elementor-section-height-default\" data-id=\"b9c84d8\" data-element_type=\"section\">\n\t\t\t\t\t\t<div class=\"elementor-container elementor-column-gap-default\">\n\t\t\t\t\t<div class=\"elementor-column elementor-col-100 elementor-top-column elementor-element elementor-element-44b3456\" data-id=\"44b3456\" data-element_type=\"column\">\n\t\t\t<div class=\"elementor-widget-wrap elementor-element-populated\">\n\t\t\t\t\t\t<div class=\"elementor-element elementor-element-a2db14a elementor-widget elementor-widget-text-editor\" data-id=\"a2db14a\" data-element_type=\"widget\" data-widget_type=\"text-editor.default\">\n\t\t\t\t<div class=\"elementor-widget-container\">\n\t\t\t\t\t\t\t\t\t<p>C\u2019est la journ\u00e9e historique du c\u00e9l\u00e8bre appel du 18 juin, une journ\u00e9e nationale comm\u00e9morative de l\u2019appel du g\u00e9n\u00e9ral de Gaulle \u00e0 refuser la d\u00e9faite et \u00e0 poursuivre le combat contre l\u2019ennemi pendant la seconde guerre mondiale. C\u2019est un d\u00e9cret du 10 mars 2006 qui fixe le pavoisement obligatoire des \u00e9difices et des b\u00e2timents publics aux couleurs tricolores.<\/p>\t\t\t\t\t\t\t\t<\/div>\n\t\t\t\t<\/div>\n\t\t\t\t\t<\/div>\n\t\t<\/div>\n\t\t\t\t\t<\/div>\n\t\t<\/section>\n\t\t\t\t<section class=\"elementor-section elementor-top-section elementor-element elementor-element-3060039 elementor-section-boxed elementor-section-height-default elementor-section-height-default\" data-id=\"3060039\" data-element_type=\"section\">\n\t\t\t\t\t\t<div class=\"elementor-container elementor-column-gap-default\">\n\t\t\t\t\t<div class=\"elementor-column elementor-col-100 elementor-top-column elementor-element elementor-element-fc72fe6\" data-id=\"fc72fe6\" data-element_type=\"column\">\n\t\t\t<div class=\"elementor-widget-wrap elementor-element-populated\">\n\t\t\t\t\t\t<div class=\"elementor-element elementor-element-6cce32a elementor-widget elementor-widget-text-editor\" data-id=\"6cce32a\" data-element_type=\"widget\" data-widget_type=\"text-editor.default\">\n\t\t\t\t<div class=\"elementor-widget-container\">\n\t\t\t\t\t\t\t\t\t<h3>Vendredi 14 juillet 2023<\/h3>\t\t\t\t\t\t\t\t<\/div>\n\t\t\t\t<\/div>\n\t\t\t\t\t<\/div>\n\t\t<\/div>\n\t\t\t\t\t<\/div>\n\t\t<\/section>\n\t\t\t\t<section class=\"elementor-section elementor-top-section elementor-element elementor-element-934013f elementor-section-boxed elementor-section-height-default elementor-section-height-default\" data-id=\"934013f\" data-element_type=\"section\">\n\t\t\t\t\t\t<div class=\"elementor-container elementor-column-gap-default\">\n\t\t\t\t\t<div class=\"elementor-column elementor-col-100 elementor-top-column elementor-element elementor-element-037c55f\" data-id=\"037c55f\" data-element_type=\"column\">\n\t\t\t<div class=\"elementor-widget-wrap elementor-element-populated\">\n\t\t\t\t\t\t<div class=\"elementor-element elementor-element-9e38c25 elementor-widget elementor-widget-text-editor\" data-id=\"9e38c25\" data-element_type=\"widget\" data-widget_type=\"text-editor.default\">\n\t\t\t\t<div class=\"elementor-widget-container\">\n\t\t\t\t\t\t\t\t\t<p>Jour de f\u00eate nationale fran\u00e7aise depuis la loi du 6 juillet 1880, le pavoisement des b\u00e2timents publics aux couleurs du drapeau France est obligatoire \u00e0 cette date.<\/p>\t\t\t\t\t\t\t\t<\/div>\n\t\t\t\t<\/div>\n\t\t\t\t\t<\/div>\n\t\t<\/div>\n\t\t\t\t\t<\/div>\n\t\t<\/section>\n\t\t\t\t<section class=\"elementor-section elementor-top-section elementor-element elementor-element-c09e6df elementor-section-boxed elementor-section-height-default elementor-section-height-default\" data-id=\"c09e6df\" data-element_type=\"section\">\n\t\t\t\t\t\t<div class=\"elementor-container elementor-column-gap-default\">\n\t\t\t\t\t<div class=\"elementor-column elementor-col-100 elementor-top-column elementor-element elementor-element-ae7bcfe\" data-id=\"ae7bcfe\" data-element_type=\"column\">\n\t\t\t<div class=\"elementor-widget-wrap elementor-element-populated\">\n\t\t\t\t\t\t<div class=\"elementor-element elementor-element-d1ce1eb elementor-widget elementor-widget-text-editor\" data-id=\"d1ce1eb\" data-element_type=\"widget\" data-widget_type=\"text-editor.default\">\n\t\t\t\t<div class=\"elementor-widget-container\">\n\t\t\t\t\t\t\t\t\t<h3>Dimanche 16 juillet 2023<\/h3>\t\t\t\t\t\t\t\t<\/div>\n\t\t\t\t<\/div>\n\t\t\t\t\t<\/div>\n\t\t<\/div>\n\t\t\t\t\t<\/div>\n\t\t<\/section>\n\t\t\t\t<section class=\"elementor-section elementor-top-section elementor-element elementor-element-9705075 elementor-section-boxed elementor-section-height-default elementor-section-height-default\" data-id=\"9705075\" data-element_type=\"section\">\n\t\t\t\t\t\t<div class=\"elementor-container elementor-column-gap-default\">\n\t\t\t\t\t<div class=\"elementor-column elementor-col-100 elementor-top-column elementor-element elementor-element-cfe4391\" data-id=\"cfe4391\" data-element_type=\"column\">\n\t\t\t<div class=\"elementor-widget-wrap elementor-element-populated\">\n\t\t\t\t\t\t<div class=\"elementor-element elementor-element-3cccd23 elementor-widget elementor-widget-text-editor\" data-id=\"3cccd23\" data-element_type=\"widget\" data-widget_type=\"text-editor.default\">\n\t\t\t\t<div class=\"elementor-widget-container\">\n\t\t\t\t\t\t\t\t\t<p>Journ\u00e9e nationale \u00e0 la m\u00e9moire des victimes des crimes racistes et antis\u00e9mites de l\u2019\u00c9tat fran\u00e7ais et d\u2019hommage aux \u00ab Justes \u00bb de France depuis un d\u00e9cret datant de 1993. Les \u00e9difices et b\u00e2timents publics doivent ainsi \u00eatre pavois\u00e9s avec le drapeau fran\u00e7ais tricolore.<\/p>\t\t\t\t\t\t\t\t<\/div>\n\t\t\t\t<\/div>\n\t\t\t\t\t<\/div>\n\t\t<\/div>\n\t\t\t\t\t<\/div>\n\t\t<\/section>\n\t\t\t\t<section class=\"elementor-section elementor-top-section elementor-element elementor-element-a37ee0c elementor-section-boxed elementor-section-height-default elementor-section-height-default\" data-id=\"a37ee0c\" data-element_type=\"section\">\n\t\t\t\t\t\t<div class=\"elementor-container elementor-column-gap-default\">\n\t\t\t\t\t<div class=\"elementor-column elementor-col-100 elementor-top-column elementor-element elementor-element-496993a\" data-id=\"496993a\" data-element_type=\"column\">\n\t\t\t<div class=\"elementor-widget-wrap elementor-element-populated\">\n\t\t\t\t\t\t<div class=\"elementor-element elementor-element-0616d60 elementor-widget elementor-widget-text-editor\" data-id=\"0616d60\" data-element_type=\"widget\" data-widget_type=\"text-editor.default\">\n\t\t\t\t<div class=\"elementor-widget-container\">\n\t\t\t\t\t\t\t\t\t<h3>Lundi 25 septembre 2023<\/h3>\t\t\t\t\t\t\t\t<\/div>\n\t\t\t\t<\/div>\n\t\t\t\t\t<\/div>\n\t\t<\/div>\n\t\t\t\t\t<\/div>\n\t\t<\/section>\n\t\t\t\t<section class=\"elementor-section elementor-top-section elementor-element elementor-element-4f481a3 elementor-section-boxed elementor-section-height-default elementor-section-height-default\" data-id=\"4f481a3\" data-element_type=\"section\">\n\t\t\t\t\t\t<div class=\"elementor-container elementor-column-gap-default\">\n\t\t\t\t\t<div class=\"elementor-column elementor-col-100 elementor-top-column elementor-element elementor-element-c0f5d31\" data-id=\"c0f5d31\" data-element_type=\"column\">\n\t\t\t<div class=\"elementor-widget-wrap elementor-element-populated\">\n\t\t\t\t\t\t<div class=\"elementor-element elementor-element-48c5f6e elementor-widget elementor-widget-text-editor\" data-id=\"48c5f6e\" data-element_type=\"widget\" data-widget_type=\"text-editor.default\">\n\t\t\t\t<div class=\"elementor-widget-container\">\n\t\t\t\t\t\t\t\t\t<p>Journ\u00e9e nationale d\u2019hommage aux harkis et autres membres des formations suppl\u00e9tives depuis le d\u00e9cret du 31 mars 2003. Les \u00e9difices et b\u00e2timents publics doivent \u00eatre pavois\u00e9s avec le drapeau fran\u00e7ais tricolore.<\/p>\t\t\t\t\t\t\t\t<\/div>\n\t\t\t\t<\/div>\n\t\t\t\t\t<\/div>\n\t\t<\/div>\n\t\t\t\t\t<\/div>\n\t\t<\/section>\n\t\t\t\t<section class=\"elementor-section elementor-top-section elementor-element elementor-element-5267ee5 elementor-section-boxed elementor-section-height-default elementor-section-height-default\" data-id=\"5267ee5\" data-element_type=\"section\">\n\t\t\t\t\t\t<div class=\"elementor-container elementor-column-gap-default\">\n\t\t\t\t\t<div class=\"elementor-column elementor-col-100 elementor-top-column elementor-element elementor-element-ca9befa\" data-id=\"ca9befa\" data-element_type=\"column\">\n\t\t\t<div class=\"elementor-widget-wrap elementor-element-populated\">\n\t\t\t\t\t\t<div class=\"elementor-element elementor-element-a88bbb8 elementor-widget elementor-widget-text-editor\" data-id=\"a88bbb8\" data-element_type=\"widget\" data-widget_type=\"text-editor.default\">\n\t\t\t\t<div class=\"elementor-widget-container\">\n\t\t\t\t\t\t\t\t\t<h3>Samedi 11 novembre 2023<\/h3>\t\t\t\t\t\t\t\t<\/div>\n\t\t\t\t<\/div>\n\t\t\t\t\t<\/div>\n\t\t<\/div>\n\t\t\t\t\t<\/div>\n\t\t<\/section>\n\t\t\t\t<section class=\"elementor-section elementor-top-section elementor-element elementor-element-a2dae30 elementor-section-boxed elementor-section-height-default elementor-section-height-default\" data-id=\"a2dae30\" data-element_type=\"section\">\n\t\t\t\t\t\t<div class=\"elementor-container elementor-column-gap-default\">\n\t\t\t\t\t<div class=\"elementor-column elementor-col-100 elementor-top-column elementor-element elementor-element-e8555b8\" data-id=\"e8555b8\" data-element_type=\"column\">\n\t\t\t<div class=\"elementor-widget-wrap elementor-element-populated\">\n\t\t\t\t\t\t<div class=\"elementor-element elementor-element-e7270f9 elementor-widget elementor-widget-text-editor\" data-id=\"e7270f9\" data-element_type=\"widget\" data-widget_type=\"text-editor.default\">\n\t\t\t\t<div class=\"elementor-widget-container\">\n\t\t\t\t\t\t\t\t\t<p>C\u2019est la comm\u00e9moration de la victoire et de la paix, jour anniversaire de l&#8217;Armistice de la premi\u00e8re guerre mondiale et journ\u00e9e d\u2019hommage \u00e0 tous les morts pour la France, depuis la loi du 26 octobre 1922 compl\u00e9t\u00e9e par celle du 28 f\u00e9vrier 2012.<br \/>Les \u00e9difices et b\u00e2timents publics doivent alors \u00eatre pavois\u00e9s aux couleurs bleu-blanc-rouge.<\/p>\t\t\t\t\t\t\t\t<\/div>\n\t\t\t\t<\/div>\n\t\t\t\t\t<\/div>\n\t\t<\/div>\n\t\t\t\t\t<\/div>\n\t\t<\/section>\n\t\t\t\t<section class=\"elementor-section elementor-top-section elementor-element elementor-element-29eb5b2 elementor-section-boxed elementor-section-height-default elementor-section-height-default\" data-id=\"29eb5b2\" data-element_type=\"section\">\n\t\t\t\t\t\t<div class=\"elementor-container elementor-column-gap-default\">\n\t\t\t\t\t<div class=\"elementor-column elementor-col-100 elementor-top-column elementor-element elementor-element-1259f5b\" data-id=\"1259f5b\" data-element_type=\"column\">\n\t\t\t<div class=\"elementor-widget-wrap elementor-element-populated\">\n\t\t\t\t\t\t<div class=\"elementor-element elementor-element-c8988e5 elementor-widget elementor-widget-text-editor\" data-id=\"c8988e5\" data-element_type=\"widget\" data-widget_type=\"text-editor.default\">\n\t\t\t\t<div class=\"elementor-widget-container\">\n\t\t\t\t\t\t\t\t\t<h3>Mardi 5 d\u00e9cembre 2023<\/h3>\t\t\t\t\t\t\t\t<\/div>\n\t\t\t\t<\/div>\n\t\t\t\t\t<\/div>\n\t\t<\/div>\n\t\t\t\t\t<\/div>\n\t\t<\/section>\n\t\t\t\t<section class=\"elementor-section elementor-top-section elementor-element elementor-element-992db9c elementor-section-boxed elementor-section-height-default elementor-section-height-default\" data-id=\"992db9c\" data-element_type=\"section\">\n\t\t\t\t\t\t<div class=\"elementor-container elementor-column-gap-default\">\n\t\t\t\t\t<div class=\"elementor-column elementor-col-100 elementor-top-column elementor-element elementor-element-b6bbb5c\" data-id=\"b6bbb5c\" data-element_type=\"column\">\n\t\t\t<div class=\"elementor-widget-wrap elementor-element-populated\">\n\t\t\t\t\t\t<div class=\"elementor-element elementor-element-6cd35d7 elementor-widget elementor-widget-text-editor\" data-id=\"6cd35d7\" data-element_type=\"widget\" data-widget_type=\"text-editor.default\">\n\t\t\t\t<div class=\"elementor-widget-container\">\n\t\t\t\t\t\t\t\t\t<p>Depuis 2003, c\u2019est la journ\u00e9e d\u2019hommage aux \u00abMorts pour la France\u00bb pendant la guerre d&#8217;Alg\u00e9rie, les combats du Maroc et de la Tunisie. Les \u00e9difices et b\u00e2timents publics doivent donc \u00eatre pavois\u00e9s du drapeau fran\u00e7ais.<\/p>\t\t\t\t\t\t\t\t<\/div>\n\t\t\t\t<\/div>\n\t\t\t\t\t<\/div>\n\t\t<\/div>\n\t\t\t\t\t<\/div>\n\t\t<\/section>\n\t\t\t\t<section class=\"elementor-section elementor-top-section elementor-element elementor-element-932e147 elementor-section-boxed elementor-section-height-default elementor-section-height-default\" data-id=\"932e147\" data-element_type=\"section\">\n\t\t\t\t\t\t<div class=\"elementor-container elementor-column-gap-default\">\n\t\t\t\t\t<div class=\"elementor-column elementor-col-100 elementor-top-column elementor-element elementor-element-16e8e6e\" data-id=\"16e8e6e\" data-element_type=\"column\">\n\t\t\t<div class=\"elementor-widget-wrap elementor-element-populated\">\n\t\t\t\t\t\t<div class=\"elementor-element elementor-element-8480e13 elementor-widget elementor-widget-text-editor\" data-id=\"8480e13\" data-element_type=\"widget\" data-widget_type=\"text-editor.default\">\n\t\t\t\t<div class=\"elementor-widget-container\">\n\t\t\t\t\t\t\t\t\t<h2>Les b\u00e2timents qui rel\u00e8vent des collectivit\u00e9s territoriales :<\/h2>\t\t\t\t\t\t\t\t<\/div>\n\t\t\t\t<\/div>\n\t\t\t\t\t<\/div>\n\t\t<\/div>\n\t\t\t\t\t<\/div>\n\t\t<\/section>\n\t\t\t\t<section class=\"elementor-section elementor-top-section elementor-element elementor-element-d7dc62b elementor-section-boxed elementor-section-height-default elementor-section-height-default\" data-id=\"d7dc62b\" data-element_type=\"section\">\n\t\t\t\t\t\t<div class=\"elementor-container elementor-column-gap-default\">\n\t\t\t\t\t<div class=\"elementor-column elementor-col-100 elementor-top-column elementor-element elementor-element-0ba2aab\" data-id=\"0ba2aab\" data-element_type=\"column\">\n\t\t\t<div class=\"elementor-widget-wrap elementor-element-populated\">\n\t\t\t\t\t\t<div class=\"elementor-element elementor-element-761f8b4 elementor-widget elementor-widget-text-editor\" data-id=\"761f8b4\" data-element_type=\"widget\" data-widget_type=\"text-editor.default\">\n\t\t\t\t<div class=\"elementor-widget-container\">\n\t\t\t\t\t\t\t\t\t<p>Les b\u00e2timents et \u00e9difices qui rel\u00e8vent des collectivit\u00e9s sont libres de pavoiser leurs fa\u00e7ades comme ils l\u2019entendent, hors disposition sp\u00e9ciale de valeur l\u00e9gislative. Ils sont toutefois garants du respect de la valeur comm\u00e9morative et honorifique conf\u00e9r\u00e9e au pavoisement et plus g\u00e9n\u00e9ralement au drapeau France.<\/p>\t\t\t\t\t\t\t\t<\/div>\n\t\t\t\t<\/div>\n\t\t\t\t\t<\/div>\n\t\t<\/div>\n\t\t\t\t\t<\/div>\n\t\t<\/section>\n\t\t\t\t<section class=\"elementor-section elementor-top-section elementor-element elementor-element-689e11b elementor-section-boxed elementor-section-height-default elementor-section-height-default\" data-id=\"689e11b\" data-element_type=\"section\">\n\t\t\t\t\t\t<div class=\"elementor-container elementor-column-gap-default\">\n\t\t\t\t\t<div class=\"elementor-column elementor-col-100 elementor-top-column elementor-element elementor-element-651a80f\" data-id=\"651a80f\" data-element_type=\"column\">\n\t\t\t<div class=\"elementor-widget-wrap elementor-element-populated\">\n\t\t\t\t\t\t<div class=\"elementor-element elementor-element-4846a1d elementor-widget elementor-widget-text-editor\" data-id=\"4846a1d\" data-element_type=\"widget\" data-widget_type=\"text-editor.default\">\n\t\t\t\t<div class=\"elementor-widget-container\">\n\t\t\t\t\t\t\t\t\t<h3>Les mairies<\/h3>\t\t\t\t\t\t\t\t<\/div>\n\t\t\t\t<\/div>\n\t\t\t\t\t<\/div>\n\t\t<\/div>\n\t\t\t\t\t<\/div>\n\t\t<\/section>\n\t\t\t\t<section class=\"elementor-section elementor-top-section elementor-element elementor-element-7364ab2 elementor-section-boxed elementor-section-height-default elementor-section-height-default\" data-id=\"7364ab2\" data-element_type=\"section\">\n\t\t\t\t\t\t<div class=\"elementor-container elementor-column-gap-default\">\n\t\t\t\t\t<div class=\"elementor-column elementor-col-100 elementor-top-column elementor-element elementor-element-32a2aee\" data-id=\"32a2aee\" data-element_type=\"column\">\n\t\t\t<div class=\"elementor-widget-wrap elementor-element-populated\">\n\t\t\t\t\t\t<div class=\"elementor-element elementor-element-11ff812 elementor-widget elementor-widget-image\" data-id=\"11ff812\" data-element_type=\"widget\" data-widget_type=\"image.default\">\n\t\t\t\t<div class=\"elementor-widget-container\">\n\t\t\t\t\t\t\t\t\t\t\t\t\t\t\t<img loading=\"lazy\" decoding=\"async\" width=\"534\" height=\"700\" src=\"https:\/\/www.macapflag.com\/blog\/wp-content\/uploads\/2023\/02\/obligation-pavoisement-batiments-officiels-4.jpg\" class=\"attachment-large size-large wp-image-12477\" alt=\"Pavoisement obligatoire des mairies\" srcset=\"https:\/\/www.macapflag.com\/blog\/wp-content\/uploads\/2023\/02\/obligation-pavoisement-batiments-officiels-4.jpg 534w, https:\/\/www.macapflag.com\/blog\/wp-content\/uploads\/2023\/02\/obligation-pavoisement-batiments-officiels-4-229x300.jpg 229w\" sizes=\"(max-width: 534px) 100vw, 534px\" \/>\t\t\t\t\t\t\t\t\t\t\t\t\t\t\t<\/div>\n\t\t\t\t<\/div>\n\t\t\t\t\t<\/div>\n\t\t<\/div>\n\t\t\t\t\t<\/div>\n\t\t<\/section>\n\t\t\t\t<section class=\"elementor-section elementor-top-section elementor-element elementor-element-5042b48 elementor-section-boxed elementor-section-height-default elementor-section-height-default\" data-id=\"5042b48\" data-element_type=\"section\">\n\t\t\t\t\t\t<div class=\"elementor-container elementor-column-gap-default\">\n\t\t\t\t\t<div class=\"elementor-column elementor-col-100 elementor-top-column elementor-element elementor-element-8599bf3\" data-id=\"8599bf3\" data-element_type=\"column\">\n\t\t\t<div class=\"elementor-widget-wrap elementor-element-populated\">\n\t\t\t\t\t\t<div class=\"elementor-element elementor-element-ec0404b elementor-widget elementor-widget-text-editor\" data-id=\"ec0404b\" data-element_type=\"widget\" data-widget_type=\"text-editor.default\">\n\t\t\t\t<div class=\"elementor-widget-container\">\n\t\t\t\t\t\t\t\t\t<p>Les mairies repr\u00e9sentent la R\u00e9publique fran\u00e7aise. \u00c0 ce titre, les maires sont invit\u00e9s \u00e0 pavoiser leurs \u00e9tablissements du drapeau fran\u00e7ais tout au long de l\u2019ann\u00e9e et m\u00eame hors des journ\u00e9es comm\u00e9moratives. Plac\u00e9 \u00e0 la droite du drapeau France (alors visible \u00e0 gauche), on retrouve fr\u00e9quemment le <a href=\"https:\/\/www.macapflag.com\/drapeau-officiel-pour-mat\/35-drapeau-de-l-union-europeenne-officiel.html\"><span style=\"color: #3366ff;\"><strong>drapeau europ\u00e9en.<\/strong><\/span><\/a><\/p>\t\t\t\t\t\t\t\t<\/div>\n\t\t\t\t<\/div>\n\t\t\t\t\t<\/div>\n\t\t<\/div>\n\t\t\t\t\t<\/div>\n\t\t<\/section>\n\t\t\t\t<section class=\"elementor-section elementor-top-section elementor-element elementor-element-7497700 elementor-section-boxed elementor-section-height-default elementor-section-height-default\" data-id=\"7497700\" data-element_type=\"section\">\n\t\t\t\t\t\t<div class=\"elementor-container elementor-column-gap-default\">\n\t\t\t\t\t<div class=\"elementor-column elementor-col-100 elementor-top-column elementor-element elementor-element-a976d86\" data-id=\"a976d86\" data-element_type=\"column\">\n\t\t\t<div class=\"elementor-widget-wrap elementor-element-populated\">\n\t\t\t\t\t\t<div class=\"elementor-element elementor-element-6cb27dc elementor-widget elementor-widget-text-editor\" data-id=\"6cb27dc\" data-element_type=\"widget\" data-widget_type=\"text-editor.default\">\n\t\t\t\t<div class=\"elementor-widget-container\">\n\t\t\t\t\t\t\t\t\t<h3>Les \u00e9tablissements scolaires<\/h3>\t\t\t\t\t\t\t\t<\/div>\n\t\t\t\t<\/div>\n\t\t\t\t\t<\/div>\n\t\t<\/div>\n\t\t\t\t\t<\/div>\n\t\t<\/section>\n\t\t\t\t<section class=\"elementor-section elementor-top-section elementor-element elementor-element-fce2193 elementor-section-boxed elementor-section-height-default elementor-section-height-default\" data-id=\"fce2193\" data-element_type=\"section\">\n\t\t\t\t\t\t<div class=\"elementor-container elementor-column-gap-default\">\n\t\t\t\t\t<div class=\"elementor-column elementor-col-100 elementor-top-column elementor-element elementor-element-4722bbc\" data-id=\"4722bbc\" data-element_type=\"column\">\n\t\t\t<div class=\"elementor-widget-wrap elementor-element-populated\">\n\t\t\t\t\t\t<div class=\"elementor-element elementor-element-6e52b6f elementor-widget elementor-widget-image\" data-id=\"6e52b6f\" data-element_type=\"widget\" data-widget_type=\"image.default\">\n\t\t\t\t<div class=\"elementor-widget-container\">\n\t\t\t\t\t\t\t\t\t\t\t\t\t\t\t<img loading=\"lazy\" decoding=\"async\" width=\"534\" height=\"700\" src=\"https:\/\/www.macapflag.com\/blog\/wp-content\/uploads\/2023\/02\/drapeaux-pavoisement-obligatoire-5.jpg\" class=\"attachment-large size-large wp-image-12476\" alt=\"Pavoisement obligatoire des \u00e9coles\" srcset=\"https:\/\/www.macapflag.com\/blog\/wp-content\/uploads\/2023\/02\/drapeaux-pavoisement-obligatoire-5.jpg 534w, https:\/\/www.macapflag.com\/blog\/wp-content\/uploads\/2023\/02\/drapeaux-pavoisement-obligatoire-5-229x300.jpg 229w\" sizes=\"(max-width: 534px) 100vw, 534px\" \/>\t\t\t\t\t\t\t\t\t\t\t\t\t\t\t<\/div>\n\t\t\t\t<\/div>\n\t\t\t\t\t<\/div>\n\t\t<\/div>\n\t\t\t\t\t<\/div>\n\t\t<\/section>\n\t\t\t\t<section class=\"elementor-section elementor-top-section elementor-element elementor-element-edc3395 elementor-section-boxed elementor-section-height-default elementor-section-height-default\" data-id=\"edc3395\" data-element_type=\"section\">\n\t\t\t\t\t\t<div class=\"elementor-container elementor-column-gap-default\">\n\t\t\t\t\t<div class=\"elementor-column elementor-col-100 elementor-top-column elementor-element elementor-element-a888485\" data-id=\"a888485\" data-element_type=\"column\">\n\t\t\t<div class=\"elementor-widget-wrap elementor-element-populated\">\n\t\t\t\t\t\t<div class=\"elementor-element elementor-element-5638af2 elementor-widget elementor-widget-text-editor\" data-id=\"5638af2\" data-element_type=\"widget\" data-widget_type=\"text-editor.default\">\n\t\t\t\t<div class=\"elementor-widget-container\">\n\t\t\t\t\t\t\t\t\t<p>La loi n\u00b02013-595 du 8 juillet 1993, dite \u201cloi Peillon\u201d, du nom du ministre de l\u2019\u00c9ducation qui en est \u00e0 l\u2019origine, impose un affichage r\u00e8glementaire aux \u00e9tablissements scolaires fran\u00e7ais.<br \/>Sur les fa\u00e7ades des \u00e9coles, le drapeau fran\u00e7ais, le drapeau europ\u00e9en et la devise de la R\u00e9publique Fran\u00e7aise, libert\u00e9, \u00e9galit\u00e9, fraternit\u00e9 doivent clairement \u00eatre appos\u00e9s.<br \/>Pour en savoir plus sur ce sujet, d\u00e9couvrez notre article sur la <a href=\"https:\/\/www.macapflag.com\/blog\/loi-peillon-loi-blanquer\/\"><span style=\"color: #3366ff;\"><strong>loi Peillon et la loi Blanquer\u00a0<\/strong><\/span><\/a>ou d\u00e9couvrez nos <a href=\"https:\/\/www.macapflag.com\/306-kit-loi-peillon-loi-blanquer\"><span style=\"color: #3366ff;\"><strong>kits r\u00e9glementaires<\/strong><\/span><\/a> comme celui propos\u00e9 ci-dessous :<\/p>\t\t\t\t\t\t\t\t<\/div>\n\t\t\t\t<\/div>\n\t\t\t\t\t<\/div>\n\t\t<\/div>\n\t\t\t\t\t<\/div>\n\t\t<\/section>\n\t\t\t\t<section class=\"elementor-section elementor-top-section elementor-element elementor-element-401cf88 elementor-section-boxed elementor-section-height-default elementor-section-height-default\" data-id=\"401cf88\" data-element_type=\"section\">\n\t\t\t\t\t\t<div class=\"elementor-container elementor-column-gap-default\">\n\t\t\t\t\t<div class=\"elementor-column elementor-col-100 elementor-top-column elementor-element elementor-element-94035e9\" data-id=\"94035e9\" data-element_type=\"column\">\n\t\t\t<div class=\"elementor-widget-wrap elementor-element-populated\">\n\t\t\t\t\t\t<div class=\"elementor-element elementor-element-263f7dc elementor-widget elementor-widget-shortcode\" data-id=\"263f7dc\" data-element_type=\"widget\" data-widget_type=\"shortcode.default\">\n\t\t\t\t<div class=\"elementor-widget-container\">\n\t\t\t\t\t\t\t<div class=\"elementor-shortcode\"><div class=\"container p-0 m-0\">\n    <div class=\"row m-0 border\">\n        <div class=\"col-12 col-lg-6\">\n            <img decoding=\"async\" src=\"https:\/\/www.macapflag.com\/232032-home_default\/kit-complet-loi-peillon.jpg\" alt=\"Kit Loi Peillon (Affiches + Blason + Drapeaux)\" class=\"mx-auto\" \/>\n        <\/div>\n        <div class=\"col-12 col-lg-6 box-didpd-body\">\n            <div class=\"box-didpd-text\">\n                <a href=\"https:\/\/www.macapflag.com\/kit-loi-peillon-loi-blanquer\/199-kit-complet-loi-peillon.html\" target=\"_blank\" class=\"stretched-link\">\n                    <h3>Kit Loi Peillon (Affiches + Blason + Drapeaux)<\/h3>\n                <\/a>\n                <p>Le kit r\u00e9glementaire complet avec blason, drapeaux France et UE, D\u00e9claration des Droits de l'Homme et Charte de la la\u00efcit\u00e9. <\/p>\n            <\/div>\n                        <p class=\"text-center font-weight-bold\">118,00 \u20ac HT<\/p>            <div class=\"text-center\">\n                <button class=\"btn btn-primary\">J'ach\u00e8te en ligne<\/button>\n            <\/div>\n        <\/div>\n    <\/div>\n<\/div>\n<\/div>\n\t\t\t\t\t\t<\/div>\n\t\t\t\t<\/div>\n\t\t\t\t\t<\/div>\n\t\t<\/div>\n\t\t\t\t\t<\/div>\n\t\t<\/section>\n\t\t\t\t<section class=\"elementor-section elementor-top-section elementor-element elementor-element-497d8b4 elementor-section-boxed elementor-section-height-default elementor-section-height-default\" data-id=\"497d8b4\" data-element_type=\"section\">\n\t\t\t\t\t\t<div class=\"elementor-container elementor-column-gap-default\">\n\t\t\t\t\t<div class=\"elementor-column elementor-col-100 elementor-top-column elementor-element elementor-element-836b363\" data-id=\"836b363\" data-element_type=\"column\">\n\t\t\t<div class=\"elementor-widget-wrap elementor-element-populated\">\n\t\t\t\t\t\t<div class=\"elementor-element elementor-element-7df42c3 elementor-widget-divider--view-line elementor-widget elementor-widget-divider\" data-id=\"7df42c3\" data-element_type=\"widget\" data-widget_type=\"divider.default\">\n\t\t\t\t<div class=\"elementor-widget-container\">\n\t\t\t\t\t\t\t<div class=\"elementor-divider\">\n\t\t\t<span class=\"elementor-divider-separator\">\n\t\t\t\t\t\t<\/span>\n\t\t<\/div>\n\t\t\t\t\t\t<\/div>\n\t\t\t\t<\/div>\n\t\t\t\t\t<\/div>\n\t\t<\/div>\n\t\t\t\t\t<\/div>\n\t\t<\/section>\n\t\t\t\t<section class=\"elementor-section elementor-top-section elementor-element elementor-element-789f3ac elementor-section-boxed elementor-section-height-default elementor-section-height-default\" data-id=\"789f3ac\" data-element_type=\"section\">\n\t\t\t\t\t\t<div class=\"elementor-container elementor-column-gap-default\">\n\t\t\t\t\t<div class=\"elementor-column elementor-col-100 elementor-top-column elementor-element elementor-element-58d723b\" data-id=\"58d723b\" data-element_type=\"column\">\n\t\t\t<div class=\"elementor-widget-wrap elementor-element-populated\">\n\t\t\t\t\t\t<div class=\"elementor-element elementor-element-a154a06 elementor-widget elementor-widget-text-editor\" data-id=\"a154a06\" data-element_type=\"widget\" data-widget_type=\"text-editor.default\">\n\t\t\t\t<div class=\"elementor-widget-container\">\n\t\t\t\t\t\t\t\t\t<h2>Le respect du drapeau<\/h2>\t\t\t\t\t\t\t\t<\/div>\n\t\t\t\t<\/div>\n\t\t\t\t\t<\/div>\n\t\t<\/div>\n\t\t\t\t\t<\/div>\n\t\t<\/section>\n\t\t\t\t<section class=\"elementor-section elementor-top-section elementor-element elementor-element-affb3a2 elementor-section-boxed elementor-section-height-default elementor-section-height-default\" data-id=\"affb3a2\" data-element_type=\"section\">\n\t\t\t\t\t\t<div class=\"elementor-container elementor-column-gap-default\">\n\t\t\t\t\t<div class=\"elementor-column elementor-col-100 elementor-top-column elementor-element elementor-element-621e3cd\" data-id=\"621e3cd\" data-element_type=\"column\">\n\t\t\t<div class=\"elementor-widget-wrap elementor-element-populated\">\n\t\t\t\t\t\t<div class=\"elementor-element elementor-element-2c61b65 elementor-widget elementor-widget-text-editor\" data-id=\"2c61b65\" data-element_type=\"widget\" data-widget_type=\"text-editor.default\">\n\t\t\t\t<div class=\"elementor-widget-container\">\n\t\t\t\t\t\t\t\t\t<p>Le pavoisement d\u2019un \u00e9difice aux couleurs du drapeau fran\u00e7ais n\u2019est jamais laiss\u00e9 au hasard. <strong>Le drapeau est le premier embl\u00e8me national<\/strong> et sa charge symbolique est forte. \u00c0 ce titre, il doit \u00eatre manipul\u00e9 avec respect, ne jamais toucher le sol et \u00eatre dans un \u00e9tat conforme au respect qui lui est d\u00fb.<br \/>Le drapeau fran\u00e7ais est le seul embl\u00e8me officiel des f\u00eates nationales. Le drapeau europ\u00e9en officiel peut lui \u00eatre associ\u00e9. Dans certains cas, les drapeaux des pays du monde peuvent aussi \u00eatre associ\u00e9s au pavoisement national et europ\u00e9en. <br \/>Il n&#8217;existe aucune r\u00e8gle de pr\u00e9s\u00e9ance entre les drapeaux d&#8217;\u00c9tats \u00e9trangers mais<strong> le drapeau fran\u00e7ais doit toujours occuper une place d\u2019honneur<\/strong>.<br \/>Un article publi\u00e9 par le Minist\u00e8re des Arm\u00e9es fournit plus de d\u00e9tails sur cette mise \u00e0 l\u2019honneur du drapeau fran\u00e7ais selon le dispositif pr\u00e9sent : <br \/>. Lorsqu\u2019il y a 2 drapeaux, la place d\u2019honneur est celle de droite.<br \/>. Lorsqu\u2019il y a 3 drapeaux, la place d\u2019honneur est alors celle du centre.<br \/>. Lorsqu\u2019il y a plus de 3 drapeaux, la place d\u2019honneur est au bout \u00e0 droite (\u00e0 gauche pour l\u2019observateur).<\/p>\t\t\t\t\t\t\t\t<\/div>\n\t\t\t\t<\/div>\n\t\t\t\t\t<\/div>\n\t\t<\/div>\n\t\t\t\t\t<\/div>\n\t\t<\/section>\n\t\t\t\t<section class=\"elementor-section elementor-top-section elementor-element elementor-element-993af5d elementor-section-boxed elementor-section-height-default elementor-section-height-default\" data-id=\"993af5d\" data-element_type=\"section\">\n\t\t\t\t\t\t<div class=\"elementor-container elementor-column-gap-default\">\n\t\t\t\t\t<div class=\"elementor-column elementor-col-50 elementor-top-column elementor-element elementor-element-9c1e69d\" data-id=\"9c1e69d\" data-element_type=\"column\">\n\t\t\t<div class=\"elementor-widget-wrap elementor-element-populated\">\n\t\t\t\t\t\t<div class=\"elementor-element elementor-element-75ee3cb elementor-widget elementor-widget-shortcode\" data-id=\"75ee3cb\" data-element_type=\"widget\" data-widget_type=\"shortcode.default\">\n\t\t\t\t<div class=\"elementor-widget-container\">\n\t\t\t\t\t\t\t<div class=\"elementor-shortcode\"><div class=\"container p-0 m-0\">\n    <div class=\"row m-0 border\">\n        <div class=\"col-12 grid-didpd-body text-center\">\n            <img decoding=\"async\" src=\"https:\/\/www.macapflag.com\/1857560-home_default\/drapeau-francais-officiel.jpg\" alt=\"Drapeau Fran&ccedil;ais : pour m&acirc;t (Officiel)\" class=\"mx-auto\" \/>\n            <div class=\"grid-didpd-text\">\n                <a href=\"https:\/\/www.macapflag.com\/drapeau-pays-pour-mat\/33-drapeau-francais-officiel.html\" target=\"_blank\" class=\"stretched-link\">\n                    <h3>Drapeau Fran\u00e7ais : pour m\u00e2t (Officiel)<\/h3>\n                <\/a>\n            <\/div>\n                        <p class=\"text-center font-weight-bold\">6,00 \u20ac HT<\/p>            <div class=\"text-center\">\n                <button class=\"btn btn-primary\">J'ach\u00e8te en ligne<\/button>\n            <\/div>\n        <\/div>\n    <\/div>\n<\/div>\n<\/div>\n\t\t\t\t\t\t<\/div>\n\t\t\t\t<\/div>\n\t\t\t\t\t<\/div>\n\t\t<\/div>\n\t\t\t\t<div class=\"elementor-column elementor-col-50 elementor-top-column elementor-element elementor-element-954de55\" data-id=\"954de55\" data-element_type=\"column\">\n\t\t\t<div class=\"elementor-widget-wrap elementor-element-populated\">\n\t\t\t\t\t\t<div class=\"elementor-element elementor-element-84285ab elementor-widget elementor-widget-shortcode\" data-id=\"84285ab\" data-element_type=\"widget\" data-widget_type=\"shortcode.default\">\n\t\t\t\t<div class=\"elementor-widget-container\">\n\t\t\t\t\t\t\t<div class=\"elementor-shortcode\"><div class=\"container p-0 m-0\">\n    <div class=\"row m-0 border\">\n        <div class=\"col-12 grid-didpd-body text-center\">\n            <img decoding=\"async\" src=\"https:\/\/www.macapflag.com\/231648-home_default\/drapeau-de-l-union-europeenne-officiel.jpg\" alt=\"Drapeau de l'Union Europ&eacute;enne : pour m&acirc;t (Officiel)\" class=\"mx-auto\" \/>\n            <div class=\"grid-didpd-text\">\n                <a href=\"https:\/\/www.macapflag.com\/drapeau-pays-pour-mat\/35-drapeau-de-l-union-europeenne-officiel.html\" target=\"_blank\" class=\"stretched-link\">\n                    <h3>Drapeau de l'Union Europ\u00e9enne : pour m\u00e2t (Officiel)<\/h3>\n                <\/a>\n            <\/div>\n                        <p class=\"text-center font-weight-bold\">8,50 \u20ac HT<\/p>            <div class=\"text-center\">\n                <button class=\"btn btn-primary\">J'ach\u00e8te en ligne<\/button>\n            <\/div>\n        <\/div>\n    <\/div>\n<\/div>\n<\/div>\n\t\t\t\t\t\t<\/div>\n\t\t\t\t<\/div>\n\t\t\t\t\t<\/div>\n\t\t<\/div>\n\t\t\t\t\t<\/div>\n\t\t<\/section>\n\t\t\t\t<\/div>\n\t\t","protected":false},"excerpt":{"rendered":"<div class=\"tmnf_excerpt\"><p>Le titre de cet article est-il r\u00e9ellement bien choisi ? Existe-t-il r\u00e9ellement une l\u00e9gislation claire et pr\u00e9cise sur le sujet ? Seul l\u2019article 2 de la Constitution fran\u00e7aise indique que l\u2019embl\u00e8me national est le drapeau tricolore bleu blanc rouge. Aucune autre information du cadre r\u00e9glementaire ou l\u00e9gislatif ne donne d\u2019informations sur les r\u00e8gles de pavoisement &hellip;<\/p>\n<\/div>","protected":false},"author":2,"featured_media":12465,"comment_status":"closed","ping_status":"open","sticky":false,"template":"template-fullwidth.php","format":"standard","meta":{"footnotes":""},"categories":[93],"tags":[],"class_list":["post-12447","post","type-post","status-publish","format-standard","has-post-thumbnail","hentry","category-com"],"yoast_head":"<!-- This site is optimized with the Yoast SEO plugin v26.4 - https:\/\/yoast.com\/wordpress\/plugins\/seo\/ -->\n<title>La l\u00e9gislation des drapeaux sur les b\u00e2timents publics - Blog - Macap<\/title>\n<meta name=\"description\" content=\"Une l\u00e9gislation particuli\u00e8re encadre le pavoisement des b\u00e2timents publics en France certains jours de l&#039;ann\u00e9e.\" \/>\n<meta name=\"robots\" content=\"index, follow, max-snippet:-1, max-image-preview:large, max-video-preview:-1\" \/>\n<link rel=\"canonical\" href=\"https:\/\/www.macapflag.com\/blog\/pavoisement-drapeaux-batiments\/\" \/>\n<meta property=\"og:locale\" content=\"fr_FR\" \/>\n<meta property=\"og:type\" content=\"article\" \/>\n<meta property=\"og:title\" content=\"La l\u00e9gislation des drapeaux sur les b\u00e2timents publics - Blog - Macap\" \/>\n<meta property=\"og:description\" content=\"Une l\u00e9gislation particuli\u00e8re encadre le pavoisement des b\u00e2timents publics en France certains jours de l&#039;ann\u00e9e.\" \/>\n<meta property=\"og:url\" content=\"https:\/\/www.macapflag.com\/blog\/pavoisement-drapeaux-batiments\/\" \/>\n<meta property=\"og:site_name\" content=\"Blog - Macap\" \/>\n<meta property=\"article:publisher\" content=\"https:\/\/www.facebook.com\/macap.pavoisement\/\" \/>\n<meta property=\"article:published_time\" content=\"2023-03-10T06:55:00+00:00\" \/>\n<meta property=\"article:modified_time\" content=\"2023-03-13T07:26:45+00:00\" \/>\n<meta property=\"og:image\" content=\"https:\/\/www.macapflag.com\/blog\/wp-content\/uploads\/2023\/02\/legislation-des-drapeaux-sur-les-batiments-publics.jpg\" \/>\n\t<meta property=\"og:image:width\" content=\"870\" \/>\n\t<meta property=\"og:image:height\" content=\"600\" \/>\n\t<meta property=\"og:image:type\" content=\"image\/jpeg\" \/>\n<meta name=\"author\" content=\"Blog Macap\" \/>\n<meta name=\"twitter:card\" content=\"summary_large_image\" \/>\n<meta name=\"twitter:label1\" content=\"\u00c9crit par\" \/>\n\t<meta name=\"twitter:data1\" content=\"Blog Macap\" \/>\n\t<meta name=\"twitter:label2\" content=\"Dur\u00e9e de lecture estim\u00e9e\" \/>\n\t<meta name=\"twitter:data2\" content=\"9 minutes\" \/>\n<script type=\"application\/ld+json\" class=\"yoast-schema-graph\">{\"@context\":\"https:\/\/schema.org\",\"@graph\":[{\"@type\":\"Article\",\"@id\":\"https:\/\/www.macapflag.com\/blog\/pavoisement-drapeaux-batiments\/#article\",\"isPartOf\":{\"@id\":\"https:\/\/www.macapflag.com\/blog\/pavoisement-drapeaux-batiments\/\"},\"author\":{\"name\":\"Blog Macap\",\"@id\":\"https:\/\/www.macapflag.com\/blog\/#\/schema\/person\/3fea701f2603875e651e6b662578fc3c\"},\"headline\":\"La l\u00e9gislation des drapeaux sur les b\u00e2timents publics\",\"datePublished\":\"2023-03-10T06:55:00+00:00\",\"dateModified\":\"2023-03-13T07:26:45+00:00\",\"mainEntityOfPage\":{\"@id\":\"https:\/\/www.macapflag.com\/blog\/pavoisement-drapeaux-batiments\/\"},\"wordCount\":1546,\"publisher\":{\"@id\":\"https:\/\/www.macapflag.com\/blog\/#organization\"},\"image\":{\"@id\":\"https:\/\/www.macapflag.com\/blog\/pavoisement-drapeaux-batiments\/#primaryimage\"},\"thumbnailUrl\":\"https:\/\/www.macapflag.com\/blog\/wp-content\/uploads\/2023\/02\/legislation-des-drapeaux-sur-les-batiments-publics.jpg\",\"articleSection\":[\"Le monde de la Com'\"],\"inLanguage\":\"fr-FR\"},{\"@type\":\"WebPage\",\"@id\":\"https:\/\/www.macapflag.com\/blog\/pavoisement-drapeaux-batiments\/\",\"url\":\"https:\/\/www.macapflag.com\/blog\/pavoisement-drapeaux-batiments\/\",\"name\":\"La l\u00e9gislation des drapeaux sur les b\u00e2timents publics - Blog - Macap\",\"isPartOf\":{\"@id\":\"https:\/\/www.macapflag.com\/blog\/#website\"},\"primaryImageOfPage\":{\"@id\":\"https:\/\/www.macapflag.com\/blog\/pavoisement-drapeaux-batiments\/#primaryimage\"},\"image\":{\"@id\":\"https:\/\/www.macapflag.com\/blog\/pavoisement-drapeaux-batiments\/#primaryimage\"},\"thumbnailUrl\":\"https:\/\/www.macapflag.com\/blog\/wp-content\/uploads\/2023\/02\/legislation-des-drapeaux-sur-les-batiments-publics.jpg\",\"datePublished\":\"2023-03-10T06:55:00+00:00\",\"dateModified\":\"2023-03-13T07:26:45+00:00\",\"description\":\"Une l\u00e9gislation particuli\u00e8re encadre le pavoisement des b\u00e2timents publics en France certains jours de l'ann\u00e9e.\",\"breadcrumb\":{\"@id\":\"https:\/\/www.macapflag.com\/blog\/pavoisement-drapeaux-batiments\/#breadcrumb\"},\"inLanguage\":\"fr-FR\",\"potentialAction\":[{\"@type\":\"ReadAction\",\"target\":[\"https:\/\/www.macapflag.com\/blog\/pavoisement-drapeaux-batiments\/\"]}]},{\"@type\":\"ImageObject\",\"inLanguage\":\"fr-FR\",\"@id\":\"https:\/\/www.macapflag.com\/blog\/pavoisement-drapeaux-batiments\/#primaryimage\",\"url\":\"https:\/\/www.macapflag.com\/blog\/wp-content\/uploads\/2023\/02\/legislation-des-drapeaux-sur-les-batiments-publics.jpg\",\"contentUrl\":\"https:\/\/www.macapflag.com\/blog\/wp-content\/uploads\/2023\/02\/legislation-des-drapeaux-sur-les-batiments-publics.jpg\",\"width\":870,\"height\":600,\"caption\":\"loi sur le pavoisement obligatoire des b\u00e2timents publics\"},{\"@type\":\"BreadcrumbList\",\"@id\":\"https:\/\/www.macapflag.com\/blog\/pavoisement-drapeaux-batiments\/#breadcrumb\",\"itemListElement\":[{\"@type\":\"ListItem\",\"position\":1,\"name\":\"Accueil\",\"item\":\"https:\/\/www.macapflag.com\/blog\/\"},{\"@type\":\"ListItem\",\"position\":2,\"name\":\"La l\u00e9gislation des drapeaux sur les b\u00e2timents publics\"}]},{\"@type\":\"WebSite\",\"@id\":\"https:\/\/www.macapflag.com\/blog\/#website\",\"url\":\"https:\/\/www.macapflag.com\/blog\/\",\"name\":\"Blog - Macap\",\"description\":\"Tous nos articles\",\"publisher\":{\"@id\":\"https:\/\/www.macapflag.com\/blog\/#organization\"},\"potentialAction\":[{\"@type\":\"SearchAction\",\"target\":{\"@type\":\"EntryPoint\",\"urlTemplate\":\"https:\/\/www.macapflag.com\/blog\/?s={search_term_string}\"},\"query-input\":{\"@type\":\"PropertyValueSpecification\",\"valueRequired\":true,\"valueName\":\"search_term_string\"}}],\"inLanguage\":\"fr-FR\"},{\"@type\":\"Organization\",\"@id\":\"https:\/\/www.macapflag.com\/blog\/#organization\",\"name\":\"macapflag\",\"url\":\"https:\/\/www.macapflag.com\/blog\/\",\"logo\":{\"@type\":\"ImageObject\",\"inLanguage\":\"fr-FR\",\"@id\":\"https:\/\/www.macapflag.com\/blog\/#\/schema\/logo\/image\/\",\"url\":\"https:\/\/www.macapflag.com\/blog\/wp-content\/uploads\/2020\/12\/cropped-M-512-1.png\",\"contentUrl\":\"https:\/\/www.macapflag.com\/blog\/wp-content\/uploads\/2020\/12\/cropped-M-512-1.png\",\"width\":512,\"height\":512,\"caption\":\"macapflag\"},\"image\":{\"@id\":\"https:\/\/www.macapflag.com\/blog\/#\/schema\/logo\/image\/\"},\"sameAs\":[\"https:\/\/www.facebook.com\/macap.pavoisement\/\",\"https:\/\/www.instagram.com\/macapflag\/?hl=fr\",\"https:\/\/www.linkedin.com\/company\/macap\/?originalSubdomain=fr\",\"https:\/\/www.youtube.com\/channel\/UCXNzTIdZh9poEBjSXEqDtNw\"]},{\"@type\":\"Person\",\"@id\":\"https:\/\/www.macapflag.com\/blog\/#\/schema\/person\/3fea701f2603875e651e6b662578fc3c\",\"name\":\"Blog Macap\",\"image\":{\"@type\":\"ImageObject\",\"inLanguage\":\"fr-FR\",\"@id\":\"https:\/\/www.macapflag.com\/blog\/#\/schema\/person\/image\/\",\"url\":\"https:\/\/secure.gravatar.com\/avatar\/c12551f2dc51f0db049633b03e7856985477a70da834cc8967dea4ce54bdd6a2?s=96&d=mm&r=g\",\"contentUrl\":\"https:\/\/secure.gravatar.com\/avatar\/c12551f2dc51f0db049633b03e7856985477a70da834cc8967dea4ce54bdd6a2?s=96&d=mm&r=g\",\"caption\":\"Blog Macap\"},\"url\":\"https:\/\/www.macapflag.com\/blog\/author\/macap\/\"}]}<\/script>\n<!-- \/ Yoast SEO plugin. -->","yoast_head_json":{"title":"La l\u00e9gislation des drapeaux sur les b\u00e2timents publics - Blog - Macap","description":"Une l\u00e9gislation particuli\u00e8re encadre le pavoisement des b\u00e2timents publics en France certains jours de l'ann\u00e9e.","robots":{"index":"index","follow":"follow","max-snippet":"max-snippet:-1","max-image-preview":"max-image-preview:large","max-video-preview":"max-video-preview:-1"},"canonical":"https:\/\/www.macapflag.com\/blog\/pavoisement-drapeaux-batiments\/","og_locale":"fr_FR","og_type":"article","og_title":"La l\u00e9gislation des drapeaux sur les b\u00e2timents publics - Blog - Macap","og_description":"Une l\u00e9gislation particuli\u00e8re encadre le pavoisement des b\u00e2timents publics en France certains jours de l'ann\u00e9e.","og_url":"https:\/\/www.macapflag.com\/blog\/pavoisement-drapeaux-batiments\/","og_site_name":"Blog - Macap","article_publisher":"https:\/\/www.facebook.com\/macap.pavoisement\/","article_published_time":"2023-03-10T06:55:00+00:00","article_modified_time":"2023-03-13T07:26:45+00:00","og_image":[{"width":870,"height":600,"url":"https:\/\/www.macapflag.com\/blog\/wp-content\/uploads\/2023\/02\/legislation-des-drapeaux-sur-les-batiments-publics.jpg","type":"image\/jpeg"}],"author":"Blog Macap","twitter_card":"summary_large_image","twitter_misc":{"\u00c9crit par":"Blog Macap","Dur\u00e9e de lecture estim\u00e9e":"9 minutes"},"schema":{"@context":"https:\/\/schema.org","@graph":[{"@type":"Article","@id":"https:\/\/www.macapflag.com\/blog\/pavoisement-drapeaux-batiments\/#article","isPartOf":{"@id":"https:\/\/www.macapflag.com\/blog\/pavoisement-drapeaux-batiments\/"},"author":{"name":"Blog Macap","@id":"https:\/\/www.macapflag.com\/blog\/#\/schema\/person\/3fea701f2603875e651e6b662578fc3c"},"headline":"La l\u00e9gislation des drapeaux sur les b\u00e2timents publics","datePublished":"2023-03-10T06:55:00+00:00","dateModified":"2023-03-13T07:26:45+00:00","mainEntityOfPage":{"@id":"https:\/\/www.macapflag.com\/blog\/pavoisement-drapeaux-batiments\/"},"wordCount":1546,"publisher":{"@id":"https:\/\/www.macapflag.com\/blog\/#organization"},"image":{"@id":"https:\/\/www.macapflag.com\/blog\/pavoisement-drapeaux-batiments\/#primaryimage"},"thumbnailUrl":"https:\/\/www.macapflag.com\/blog\/wp-content\/uploads\/2023\/02\/legislation-des-drapeaux-sur-les-batiments-publics.jpg","articleSection":["Le monde de la Com'"],"inLanguage":"fr-FR"},{"@type":"WebPage","@id":"https:\/\/www.macapflag.com\/blog\/pavoisement-drapeaux-batiments\/","url":"https:\/\/www.macapflag.com\/blog\/pavoisement-drapeaux-batiments\/","name":"La l\u00e9gislation des drapeaux sur les b\u00e2timents publics - Blog - Macap","isPartOf":{"@id":"https:\/\/www.macapflag.com\/blog\/#website"},"primaryImageOfPage":{"@id":"https:\/\/www.macapflag.com\/blog\/pavoisement-drapeaux-batiments\/#primaryimage"},"image":{"@id":"https:\/\/www.macapflag.com\/blog\/pavoisement-drapeaux-batiments\/#primaryimage"},"thumbnailUrl":"https:\/\/www.macapflag.com\/blog\/wp-content\/uploads\/2023\/02\/legislation-des-drapeaux-sur-les-batiments-publics.jpg","datePublished":"2023-03-10T06:55:00+00:00","dateModified":"2023-03-13T07:26:45+00:00","description":"Une l\u00e9gislation particuli\u00e8re encadre le pavoisement des b\u00e2timents publics en France certains jours de l'ann\u00e9e.","breadcrumb":{"@id":"https:\/\/www.macapflag.com\/blog\/pavoisement-drapeaux-batiments\/#breadcrumb"},"inLanguage":"fr-FR","potentialAction":[{"@type":"ReadAction","target":["https:\/\/www.macapflag.com\/blog\/pavoisement-drapeaux-batiments\/"]}]},{"@type":"ImageObject","inLanguage":"fr-FR","@id":"https:\/\/www.macapflag.com\/blog\/pavoisement-drapeaux-batiments\/#primaryimage","url":"https:\/\/www.macapflag.com\/blog\/wp-content\/uploads\/2023\/02\/legislation-des-drapeaux-sur-les-batiments-publics.jpg","contentUrl":"https:\/\/www.macapflag.com\/blog\/wp-content\/uploads\/2023\/02\/legislation-des-drapeaux-sur-les-batiments-publics.jpg","width":870,"height":600,"caption":"loi sur le pavoisement obligatoire des b\u00e2timents publics"},{"@type":"BreadcrumbList","@id":"https:\/\/www.macapflag.com\/blog\/pavoisement-drapeaux-batiments\/#breadcrumb","itemListElement":[{"@type":"ListItem","position":1,"name":"Accueil","item":"https:\/\/www.macapflag.com\/blog\/"},{"@type":"ListItem","position":2,"name":"La l\u00e9gislation des drapeaux sur les b\u00e2timents publics"}]},{"@type":"WebSite","@id":"https:\/\/www.macapflag.com\/blog\/#website","url":"https:\/\/www.macapflag.com\/blog\/","name":"Blog - Macap","description":"Tous nos articles","publisher":{"@id":"https:\/\/www.macapflag.com\/blog\/#organization"},"potentialAction":[{"@type":"SearchAction","target":{"@type":"EntryPoint","urlTemplate":"https:\/\/www.macapflag.com\/blog\/?s={search_term_string}"},"query-input":{"@type":"PropertyValueSpecification","valueRequired":true,"valueName":"search_term_string"}}],"inLanguage":"fr-FR"},{"@type":"Organization","@id":"https:\/\/www.macapflag.com\/blog\/#organization","name":"macapflag","url":"https:\/\/www.macapflag.com\/blog\/","logo":{"@type":"ImageObject","inLanguage":"fr-FR","@id":"https:\/\/www.macapflag.com\/blog\/#\/schema\/logo\/image\/","url":"https:\/\/www.macapflag.com\/blog\/wp-content\/uploads\/2020\/12\/cropped-M-512-1.png","contentUrl":"https:\/\/www.macapflag.com\/blog\/wp-content\/uploads\/2020\/12\/cropped-M-512-1.png","width":512,"height":512,"caption":"macapflag"},"image":{"@id":"https:\/\/www.macapflag.com\/blog\/#\/schema\/logo\/image\/"},"sameAs":["https:\/\/www.facebook.com\/macap.pavoisement\/","https:\/\/www.instagram.com\/macapflag\/?hl=fr","https:\/\/www.linkedin.com\/company\/macap\/?originalSubdomain=fr","https:\/\/www.youtube.com\/channel\/UCXNzTIdZh9poEBjSXEqDtNw"]},{"@type":"Person","@id":"https:\/\/www.macapflag.com\/blog\/#\/schema\/person\/3fea701f2603875e651e6b662578fc3c","name":"Blog Macap","image":{"@type":"ImageObject","inLanguage":"fr-FR","@id":"https:\/\/www.macapflag.com\/blog\/#\/schema\/person\/image\/","url":"https:\/\/secure.gravatar.com\/avatar\/c12551f2dc51f0db049633b03e7856985477a70da834cc8967dea4ce54bdd6a2?s=96&d=mm&r=g","contentUrl":"https:\/\/secure.gravatar.com\/avatar\/c12551f2dc51f0db049633b03e7856985477a70da834cc8967dea4ce54bdd6a2?s=96&d=mm&r=g","caption":"Blog Macap"},"url":"https:\/\/www.macapflag.com\/blog\/author\/macap\/"}]}},"_links":{"self":[{"href":"https:\/\/www.macapflag.com\/blog\/wp-json\/wp\/v2\/posts\/12447","targetHints":{"allow":["GET"]}}],"collection":[{"href":"https:\/\/www.macapflag.com\/blog\/wp-json\/wp\/v2\/posts"}],"about":[{"href":"https:\/\/www.macapflag.com\/blog\/wp-json\/wp\/v2\/types\/post"}],"author":[{"embeddable":true,"href":"https:\/\/www.macapflag.com\/blog\/wp-json\/wp\/v2\/users\/2"}],"replies":[{"embeddable":true,"href":"https:\/\/www.macapflag.com\/blog\/wp-json\/wp\/v2\/comments?post=12447"}],"version-history":[{"count":32,"href":"https:\/\/www.macapflag.com\/blog\/wp-json\/wp\/v2\/posts\/12447\/revisions"}],"predecessor-version":[{"id":12816,"href":"https:\/\/www.macapflag.com\/blog\/wp-json\/wp\/v2\/posts\/12447\/revisions\/12816"}],"wp:featuredmedia":[{"embeddable":true,"href":"https:\/\/www.macapflag.com\/blog\/wp-json\/wp\/v2\/media\/12465"}],"wp:attachment":[{"href":"https:\/\/www.macapflag.com\/blog\/wp-json\/wp\/v2\/media?parent=12447"}],"wp:term":[{"taxonomy":"category","embeddable":true,"href":"https:\/\/www.macapflag.com\/blog\/wp-json\/wp\/v2\/categories?post=12447"},{"taxonomy":"post_tag","embeddable":true,"href":"https:\/\/www.macapflag.com\/blog\/wp-json\/wp\/v2\/tags?post=12447"}],"curies":[{"name":"wp","href":"https:\/\/api.w.org\/{rel}","templated":true}]}}