{"id":12545,"date":"2026-03-17T08:02:30","date_gmt":"2026-03-17T07:02:30","guid":{"rendered":"https:\/\/www.macapflag.com\/blog\/?p=12545"},"modified":"2026-03-17T08:02:30","modified_gmt":"2026-03-17T07:02:30","slug":"saint-patrick","status":"publish","type":"post","link":"https:\/\/www.macapflag.com\/blog\/saint-patrick\/","title":{"rendered":"Pourquoi f\u00eate-t-on la Saint-Patrick ?"},"content":{"rendered":"\t\t<div data-elementor-type=\"wp-post\" data-elementor-id=\"12545\" class=\"elementor elementor-12545\">\n\t\t\t\t\t\t<section class=\"elementor-section elementor-top-section elementor-element elementor-element-204e650 elementor-section-boxed elementor-section-height-default elementor-section-height-default\" data-id=\"204e650\" data-element_type=\"section\">\n\t\t\t\t\t\t<div class=\"elementor-container elementor-column-gap-default\">\n\t\t\t\t\t<div class=\"elementor-column elementor-col-100 elementor-top-column elementor-element elementor-element-cf1b46f\" data-id=\"cf1b46f\" data-element_type=\"column\">\n\t\t\t<div class=\"elementor-widget-wrap elementor-element-populated\">\n\t\t\t\t\t\t<div class=\"elementor-element elementor-element-dd108db elementor-widget elementor-widget-text-editor\" data-id=\"dd108db\" data-element_type=\"widget\" data-widget_type=\"text-editor.default\">\n\t\t\t\t<div class=\"elementor-widget-container\">\n\t\t\t\t\t\t\t\t\t<p>Pour les Irlandais du monde entier, le <strong>Paddy\u2019s Day<\/strong> est un jour de f\u00eate. En Irlande, cette journ\u00e9e du 17 mars est m\u00eame un jour f\u00e9ri\u00e9.<br \/>Quelle est l\u2019origine de cette f\u00eate, son histoire et ses coutumes ? <br \/>Pourquoi c\u00e9l\u00e8bre-t-on chaque ann\u00e9e ce fameux Saint-Patrick le 17 mars ?<\/p>\t\t\t\t\t\t\t\t<\/div>\n\t\t\t\t<\/div>\n\t\t\t\t\t<\/div>\n\t\t<\/div>\n\t\t\t\t\t<\/div>\n\t\t<\/section>\n\t\t\t\t<section class=\"elementor-section elementor-top-section elementor-element elementor-element-cb9100f elementor-section-boxed elementor-section-height-default elementor-section-height-default\" data-id=\"cb9100f\" data-element_type=\"section\">\n\t\t\t\t\t\t<div class=\"elementor-container elementor-column-gap-default\">\n\t\t\t\t\t<div class=\"elementor-column elementor-col-100 elementor-top-column elementor-element elementor-element-0bb3a63\" data-id=\"0bb3a63\" data-element_type=\"column\">\n\t\t\t<div class=\"elementor-widget-wrap elementor-element-populated\">\n\t\t\t\t\t\t<div class=\"elementor-element elementor-element-5bb566b elementor-widget elementor-widget-text-editor\" data-id=\"5bb566b\" data-element_type=\"widget\" data-widget_type=\"text-editor.default\">\n\t\t\t\t<div class=\"elementor-widget-container\">\n\t\t\t\t\t\t\t\t\t<h2>Pourquoi la Saint-Patrick se d\u00e9roule-t-elle le 17 mars ?<\/h2>\t\t\t\t\t\t\t\t<\/div>\n\t\t\t\t<\/div>\n\t\t\t\t\t<\/div>\n\t\t<\/div>\n\t\t\t\t\t<\/div>\n\t\t<\/section>\n\t\t\t\t<section class=\"elementor-section elementor-top-section elementor-element elementor-element-ec67048 elementor-section-boxed elementor-section-height-default elementor-section-height-default\" data-id=\"ec67048\" data-element_type=\"section\">\n\t\t\t\t\t\t<div class=\"elementor-container elementor-column-gap-default\">\n\t\t\t\t\t<div class=\"elementor-column elementor-col-100 elementor-top-column elementor-element elementor-element-621b65a\" data-id=\"621b65a\" data-element_type=\"column\">\n\t\t\t<div class=\"elementor-widget-wrap elementor-element-populated\">\n\t\t\t\t\t\t<div class=\"elementor-element elementor-element-0f17da9 elementor-widget elementor-widget-image\" data-id=\"0f17da9\" data-element_type=\"widget\" data-widget_type=\"image.default\">\n\t\t\t\t<div class=\"elementor-widget-container\">\n\t\t\t\t\t\t\t\t\t\t\t\t\t\t\t<img fetchpriority=\"high\" decoding=\"async\" width=\"700\" height=\"534\" src=\"https:\/\/www.macapflag.com\/blog\/wp-content\/uploads\/2023\/02\/saint-patrick-irlandais-17-mars-1.jpg\" class=\"attachment-large size-large wp-image-12547\" alt=\"Saint Patrick, saint patron des Irlandais\" srcset=\"https:\/\/www.macapflag.com\/blog\/wp-content\/uploads\/2023\/02\/saint-patrick-irlandais-17-mars-1.jpg 700w, https:\/\/www.macapflag.com\/blog\/wp-content\/uploads\/2023\/02\/saint-patrick-irlandais-17-mars-1-300x229.jpg 300w\" sizes=\"(max-width: 700px) 100vw, 700px\" \/>\t\t\t\t\t\t\t\t\t\t\t\t\t\t\t<\/div>\n\t\t\t\t<\/div>\n\t\t\t\t\t<\/div>\n\t\t<\/div>\n\t\t\t\t\t<\/div>\n\t\t<\/section>\n\t\t\t\t<section class=\"elementor-section elementor-top-section elementor-element elementor-element-fb4e519 elementor-section-boxed elementor-section-height-default elementor-section-height-default\" data-id=\"fb4e519\" data-element_type=\"section\">\n\t\t\t\t\t\t<div class=\"elementor-container elementor-column-gap-default\">\n\t\t\t\t\t<div class=\"elementor-column elementor-col-100 elementor-top-column elementor-element elementor-element-5665808\" data-id=\"5665808\" data-element_type=\"column\">\n\t\t\t<div class=\"elementor-widget-wrap elementor-element-populated\">\n\t\t\t\t\t\t<div class=\"elementor-element elementor-element-3299380 elementor-widget elementor-widget-text-editor\" data-id=\"3299380\" data-element_type=\"widget\" data-widget_type=\"text-editor.default\">\n\t\t\t\t<div class=\"elementor-widget-container\">\n\t\t\t\t\t\t\t\t\t<p>Le 17 mars comm\u00e9more le <strong>jour anniversaire de la mort de Saint Patrick<\/strong>, le Saint Patron de l\u2019Irlande, survenue en l\u2019an 461.<br \/>N\u00e9 en Grande-Bretagne en IV\u1d49 si\u00e8cle, la l\u00e9gende dit que Patrick aurait \u00e9t\u00e9 enlev\u00e9 \u00e0 l\u2019\u00e2ge de 16 ans pour devenir esclave d\u2019un druide irlandais. Apr\u00e8s avoir r\u00e9ussi \u00e0 s\u2019enfuir, Patrick aurait \u00e9tudi\u00e9 la th\u00e9ologie pour devenir pr\u00eatre catholique en se fixant l\u2019objectif d\u2019\u00e9vang\u00e9liser tout le pays. Il est encore aujourd\u2019hui consid\u00e9r\u00e9 comme le fondateur du christianisme irlandais.<\/p><h2>La f\u00eate de la Saint Patrick \u00e0 travers les \u00e2ges \u2026<\/h2><p>. Au XVII\u1d49 si\u00e8cle, l\u2019\u00c9glise Catholique officialise la Saint Patrick comme une f\u00eate religieuse.<br \/>. C\u2019est en 1631 que le Pape Urbain VIII choisit le 17 mars comme jour de f\u00eate de la Saint-Patrick.<\/p>\t\t\t\t\t\t\t\t<\/div>\n\t\t\t\t<\/div>\n\t\t\t\t\t<\/div>\n\t\t<\/div>\n\t\t\t\t\t<\/div>\n\t\t<\/section>\n\t\t\t\t<section class=\"elementor-section elementor-top-section elementor-element elementor-element-6d30673 elementor-section-boxed elementor-section-height-default elementor-section-height-default\" data-id=\"6d30673\" data-element_type=\"section\">\n\t\t\t\t\t\t<div class=\"elementor-container elementor-column-gap-default\">\n\t\t\t\t\t<div class=\"elementor-column elementor-col-100 elementor-top-column elementor-element elementor-element-46442f7\" data-id=\"46442f7\" data-element_type=\"column\">\n\t\t\t<div class=\"elementor-widget-wrap elementor-element-populated\">\n\t\t\t\t\t\t<div class=\"elementor-element elementor-element-95d90d6 elementor-widget elementor-widget-image\" data-id=\"95d90d6\" data-element_type=\"widget\" data-widget_type=\"image.default\">\n\t\t\t\t<div class=\"elementor-widget-container\">\n\t\t\t\t\t\t\t\t\t\t\t\t<figure class=\"wp-caption\">\n\t\t\t\t\t\t\t\t\t\t<img decoding=\"async\" width=\"700\" height=\"534\" src=\"https:\/\/www.macapflag.com\/blog\/wp-content\/uploads\/2023\/02\/saint-patrick-irlandais-17-mars-2.jpg\" class=\"attachment-large size-large wp-image-12548\" alt=\"Le Pape Urbain officialise la Saint-Patrick\" srcset=\"https:\/\/www.macapflag.com\/blog\/wp-content\/uploads\/2023\/02\/saint-patrick-irlandais-17-mars-2.jpg 700w, https:\/\/www.macapflag.com\/blog\/wp-content\/uploads\/2023\/02\/saint-patrick-irlandais-17-mars-2-300x229.jpg 300w\" sizes=\"(max-width: 700px) 100vw, 700px\" \/>\t\t\t\t\t\t\t\t\t\t\t<figcaption class=\"widget-image-caption wp-caption-text\">Portrait du Pape Urbain<\/figcaption>\n\t\t\t\t\t\t\t\t\t\t<\/figure>\n\t\t\t\t\t\t\t\t\t<\/div>\n\t\t\t\t<\/div>\n\t\t\t\t\t<\/div>\n\t\t<\/div>\n\t\t\t\t\t<\/div>\n\t\t<\/section>\n\t\t\t\t<section class=\"elementor-section elementor-top-section elementor-element elementor-element-d5786cf elementor-section-boxed elementor-section-height-default elementor-section-height-default\" data-id=\"d5786cf\" data-element_type=\"section\">\n\t\t\t\t\t\t<div class=\"elementor-container elementor-column-gap-default\">\n\t\t\t\t\t<div class=\"elementor-column elementor-col-100 elementor-top-column elementor-element elementor-element-d549e6c\" data-id=\"d549e6c\" data-element_type=\"column\">\n\t\t\t<div class=\"elementor-widget-wrap elementor-element-populated\">\n\t\t\t\t\t\t<div class=\"elementor-element elementor-element-7ef653a elementor-widget elementor-widget-text-editor\" data-id=\"7ef653a\" data-element_type=\"widget\" data-widget_type=\"text-editor.default\">\n\t\t\t\t<div class=\"elementor-widget-container\">\n\t\t\t\t\t\t\t\t\t<p>. \u00c0 partir de 1903, le 17 mars devient un jour f\u00e9ri\u00e9 en Irlande. Cette f\u00eate religieuse devient alors une f\u00eate populaire rassemblant tous les Irlandais. <br \/>. En 1931, la premi\u00e8re parade de la Saint Patrick d\u00e9file en Irlande.<\/p><h2>Pourquoi un tr\u00e8fle symbolise-t-il la <br \/>Saint Patrick ?<\/h2>\t\t\t\t\t\t\t\t<\/div>\n\t\t\t\t<\/div>\n\t\t\t\t\t<\/div>\n\t\t<\/div>\n\t\t\t\t\t<\/div>\n\t\t<\/section>\n\t\t\t\t<section class=\"elementor-section elementor-top-section elementor-element elementor-element-f6f1d08 elementor-section-boxed elementor-section-height-default elementor-section-height-default\" data-id=\"f6f1d08\" data-element_type=\"section\">\n\t\t\t\t\t\t<div class=\"elementor-container elementor-column-gap-default\">\n\t\t\t\t\t<div class=\"elementor-column elementor-col-100 elementor-top-column elementor-element elementor-element-252a1cc\" data-id=\"252a1cc\" data-element_type=\"column\">\n\t\t\t<div class=\"elementor-widget-wrap elementor-element-populated\">\n\t\t\t\t\t\t<div class=\"elementor-element elementor-element-254976d elementor-widget elementor-widget-image\" data-id=\"254976d\" data-element_type=\"widget\" data-widget_type=\"image.default\">\n\t\t\t\t<div class=\"elementor-widget-container\">\n\t\t\t\t\t\t\t\t\t\t\t\t\t\t\t<img decoding=\"async\" width=\"700\" height=\"534\" src=\"https:\/\/www.macapflag.com\/blog\/wp-content\/uploads\/2023\/02\/saint-patrick-irlandais-17-mars-3.jpg\" class=\"attachment-large size-large wp-image-12549\" alt=\"Le tr\u00e8fle vert, symbole de la Saint-Patrick\" srcset=\"https:\/\/www.macapflag.com\/blog\/wp-content\/uploads\/2023\/02\/saint-patrick-irlandais-17-mars-3.jpg 700w, https:\/\/www.macapflag.com\/blog\/wp-content\/uploads\/2023\/02\/saint-patrick-irlandais-17-mars-3-300x229.jpg 300w\" sizes=\"(max-width: 700px) 100vw, 700px\" \/>\t\t\t\t\t\t\t\t\t\t\t\t\t\t\t<\/div>\n\t\t\t\t<\/div>\n\t\t\t\t\t<\/div>\n\t\t<\/div>\n\t\t\t\t\t<\/div>\n\t\t<\/section>\n\t\t\t\t<section class=\"elementor-section elementor-top-section elementor-element elementor-element-d921b10 elementor-section-boxed elementor-section-height-default elementor-section-height-default\" data-id=\"d921b10\" data-element_type=\"section\">\n\t\t\t\t\t\t<div class=\"elementor-container elementor-column-gap-default\">\n\t\t\t\t\t<div class=\"elementor-column elementor-col-100 elementor-top-column elementor-element elementor-element-7926b8e\" data-id=\"7926b8e\" data-element_type=\"column\">\n\t\t\t<div class=\"elementor-widget-wrap elementor-element-populated\">\n\t\t\t\t\t\t<div class=\"elementor-element elementor-element-b578265 elementor-widget elementor-widget-text-editor\" data-id=\"b578265\" data-element_type=\"widget\" data-widget_type=\"text-editor.default\">\n\t\t\t\t<div class=\"elementor-widget-container\">\n\t\t\t\t\t\t\t\t\t<p>Aujourd\u2019hui, le vert irlandais est devenu une r\u00e9f\u00e9rence de couleur. Le vert est la <strong>couleur historique du nationalisme irlandais<\/strong>. <br \/>Ce choix fait \u00e9cho aux diff\u00e9rentes p\u00e9riodes pendant lesquelles l\u2019Irlande a d\u00fb se battre pour son ind\u00e9pendance face \u00e0 l\u2019Angleterre, en choisissant la couleur verte pour son drapeau. C\u2019est ainsi que la couleur verte est devenue la couleur symbolique de la nation irlandaise. Si ce choix a perdur\u00e9 durant de nombreuses ann\u00e9es, c\u2019est aussi parce que le vert symbolise parfaitement les paysages verdoyants de l\u2019Irlande.<\/p>\t\t\t\t\t\t\t\t<\/div>\n\t\t\t\t<\/div>\n\t\t\t\t\t<\/div>\n\t\t<\/div>\n\t\t\t\t\t<\/div>\n\t\t<\/section>\n\t\t\t\t<section class=\"elementor-section elementor-top-section elementor-element elementor-element-1b349d5 elementor-section-boxed elementor-section-height-default elementor-section-height-default\" data-id=\"1b349d5\" data-element_type=\"section\">\n\t\t\t\t\t\t<div class=\"elementor-container elementor-column-gap-default\">\n\t\t\t\t\t<div class=\"elementor-column elementor-col-100 elementor-top-column elementor-element elementor-element-4829e44\" data-id=\"4829e44\" data-element_type=\"column\">\n\t\t\t<div class=\"elementor-widget-wrap elementor-element-populated\">\n\t\t\t\t\t\t<div class=\"elementor-element elementor-element-6a91a4d elementor-widget elementor-widget-image\" data-id=\"6a91a4d\" data-element_type=\"widget\" data-widget_type=\"image.default\">\n\t\t\t\t<div class=\"elementor-widget-container\">\n\t\t\t\t\t\t\t\t\t\t\t\t\t\t\t<img loading=\"lazy\" decoding=\"async\" width=\"700\" height=\"534\" src=\"https:\/\/www.macapflag.com\/blog\/wp-content\/uploads\/2023\/02\/saint-patrick-irlandais-17-mars-4.jpg\" class=\"attachment-large size-large wp-image-12550\" alt=\"Le drapeau irlandais flotte pour la Saint-Patrick\" srcset=\"https:\/\/www.macapflag.com\/blog\/wp-content\/uploads\/2023\/02\/saint-patrick-irlandais-17-mars-4.jpg 700w, https:\/\/www.macapflag.com\/blog\/wp-content\/uploads\/2023\/02\/saint-patrick-irlandais-17-mars-4-300x229.jpg 300w\" sizes=\"(max-width: 700px) 100vw, 700px\" \/>\t\t\t\t\t\t\t\t\t\t\t\t\t\t\t<\/div>\n\t\t\t\t<\/div>\n\t\t\t\t\t<\/div>\n\t\t<\/div>\n\t\t\t\t\t<\/div>\n\t\t<\/section>\n\t\t\t\t<section class=\"elementor-section elementor-top-section elementor-element elementor-element-94e41d5 elementor-section-boxed elementor-section-height-default elementor-section-height-default\" data-id=\"94e41d5\" data-element_type=\"section\">\n\t\t\t\t\t\t<div class=\"elementor-container elementor-column-gap-default\">\n\t\t\t\t\t<div class=\"elementor-column elementor-col-100 elementor-top-column elementor-element elementor-element-87097d4\" data-id=\"87097d4\" data-element_type=\"column\">\n\t\t\t<div class=\"elementor-widget-wrap elementor-element-populated\">\n\t\t\t\t\t\t<div class=\"elementor-element elementor-element-dc88446 elementor-widget elementor-widget-text-editor\" data-id=\"dc88446\" data-element_type=\"widget\" data-widget_type=\"text-editor.default\">\n\t\t\t\t<div class=\"elementor-widget-container\">\n\t\t\t\t\t\t\t\t\t<h2>Que fait-on le jour de la Saint-Patrick ?<\/h2>\t\t\t\t\t\t\t\t<\/div>\n\t\t\t\t<\/div>\n\t\t\t\t\t<\/div>\n\t\t<\/div>\n\t\t\t\t\t<\/div>\n\t\t<\/section>\n\t\t\t\t<section class=\"elementor-section elementor-top-section elementor-element elementor-element-b8114d1 elementor-section-boxed elementor-section-height-default elementor-section-height-default\" data-id=\"b8114d1\" data-element_type=\"section\">\n\t\t\t\t\t\t<div class=\"elementor-container elementor-column-gap-default\">\n\t\t\t\t\t<div class=\"elementor-column elementor-col-100 elementor-top-column elementor-element elementor-element-ac754c3\" data-id=\"ac754c3\" data-element_type=\"column\">\n\t\t\t<div class=\"elementor-widget-wrap elementor-element-populated\">\n\t\t\t\t\t\t<div class=\"elementor-element elementor-element-bcd2224 elementor-widget elementor-widget-image\" data-id=\"bcd2224\" data-element_type=\"widget\" data-widget_type=\"image.default\">\n\t\t\t\t<div class=\"elementor-widget-container\">\n\t\t\t\t\t\t\t\t\t\t\t\t\t\t\t<img loading=\"lazy\" decoding=\"async\" width=\"700\" height=\"534\" src=\"https:\/\/www.macapflag.com\/blog\/wp-content\/uploads\/2023\/02\/saint-patrick-irlandais-17-mars-6.jpg\" class=\"attachment-large size-large wp-image-12552\" alt=\"La Saint-Patrick est la f\u00eate des Irlandais\" \/>\t\t\t\t\t\t\t\t\t\t\t\t\t\t\t<\/div>\n\t\t\t\t<\/div>\n\t\t\t\t\t<\/div>\n\t\t<\/div>\n\t\t\t\t\t<\/div>\n\t\t<\/section>\n\t\t\t\t<section class=\"elementor-section elementor-top-section elementor-element elementor-element-8717e1e elementor-section-boxed elementor-section-height-default elementor-section-height-default\" data-id=\"8717e1e\" data-element_type=\"section\">\n\t\t\t\t\t\t<div class=\"elementor-container elementor-column-gap-default\">\n\t\t\t\t\t<div class=\"elementor-column elementor-col-100 elementor-top-column elementor-element elementor-element-937ae10\" data-id=\"937ae10\" data-element_type=\"column\">\n\t\t\t<div class=\"elementor-widget-wrap elementor-element-populated\">\n\t\t\t\t\t\t<div class=\"elementor-element elementor-element-09d2d95 elementor-widget elementor-widget-text-editor\" data-id=\"09d2d95\" data-element_type=\"widget\" data-widget_type=\"text-editor.default\">\n\t\t\t\t<div class=\"elementor-widget-container\">\n\t\t\t\t\t\t\t\t\t<p>. Vous l\u2019aurez compris, on s\u2019habille en vert, si possible avec des symboles du tr\u00e8fle sur ses v\u00eatements.<br \/>. On se retrouve pour faire la f\u00eate, boire de la bi\u00e8re (avec mod\u00e9ration) et rendre hommage \u00e0 l\u2019Irlande, sur le territoire, mais aussi \u00e0 travers le monde. La Saint-Patrick permet aux Irlandais du monde entier de se r\u00e9unir o\u00f9 qu\u2019ils soient.<br \/>. On \u00e9coute de la musique irlandaise et les artistes irlandais ne manquent pas&#8230; U2, the Cranberries, the Coors sont autant de groupes mythiques dont la musique a largement travers\u00e9 les fronti\u00e8res.<br \/>. On participe \u00e0 une parade ou un d\u00e9fil\u00e9. Ils ont lieu dans toutes les grandes villes d\u2019Irlande, de Dublin \u00e0 Belfast en passant par Cork ou Galway.<br \/>. On d\u00e9guste des plats traditionnels irlandais associ\u00e9s \u00e0 la Saint-Patrick comme le rago\u00fbt d&#8217;agneau ou le colcannon (un plat typique \u00e0 base de pommes de terre et de chou).<\/p>\t\t\t\t\t\t\t\t<\/div>\n\t\t\t\t<\/div>\n\t\t\t\t\t<\/div>\n\t\t<\/div>\n\t\t\t\t\t<\/div>\n\t\t<\/section>\n\t\t\t\t<section class=\"elementor-section elementor-top-section elementor-element elementor-element-cfffc83 elementor-section-boxed elementor-section-height-default elementor-section-height-default\" data-id=\"cfffc83\" data-element_type=\"section\">\n\t\t\t\t\t\t<div class=\"elementor-container elementor-column-gap-default\">\n\t\t\t\t\t<div class=\"elementor-column elementor-col-100 elementor-top-column elementor-element elementor-element-8d444b8\" data-id=\"8d444b8\" data-element_type=\"column\">\n\t\t\t<div class=\"elementor-widget-wrap elementor-element-populated\">\n\t\t\t\t\t\t<div class=\"elementor-element elementor-element-d5e565f elementor-widget elementor-widget-image\" data-id=\"d5e565f\" data-element_type=\"widget\" data-widget_type=\"image.default\">\n\t\t\t\t<div class=\"elementor-widget-container\">\n\t\t\t\t\t\t\t\t\t\t\t\t\t\t\t<img loading=\"lazy\" decoding=\"async\" width=\"700\" height=\"534\" src=\"https:\/\/www.macapflag.com\/blog\/wp-content\/uploads\/2023\/02\/saint-patrick-irlandais-17-mars-5.jpg\" class=\"attachment-large size-large wp-image-12551\" alt=\"La couleur verte Saint-Patrick f\u00eate des Irlandais\" \/>\t\t\t\t\t\t\t\t\t\t\t\t\t\t\t<\/div>\n\t\t\t\t<\/div>\n\t\t\t\t\t<\/div>\n\t\t<\/div>\n\t\t\t\t\t<\/div>\n\t\t<\/section>\n\t\t\t\t<section class=\"elementor-section elementor-top-section elementor-element elementor-element-7d6a142 elementor-section-boxed elementor-section-height-default elementor-section-height-default\" data-id=\"7d6a142\" data-element_type=\"section\">\n\t\t\t\t\t\t<div class=\"elementor-container elementor-column-gap-default\">\n\t\t\t\t\t<div class=\"elementor-column elementor-col-100 elementor-top-column elementor-element elementor-element-bc7499e\" data-id=\"bc7499e\" data-element_type=\"column\">\n\t\t\t<div class=\"elementor-widget-wrap elementor-element-populated\">\n\t\t\t\t\t\t<div class=\"elementor-element elementor-element-2f88543 elementor-widget elementor-widget-text-editor\" data-id=\"2f88543\" data-element_type=\"widget\" data-widget_type=\"text-editor.default\">\n\t\t\t\t<div class=\"elementor-widget-container\">\n\t\t\t\t\t\t\t\t\t<h2>Les importantes retomb\u00e9es \u00e9conomiques de la Saint-Patrick<\/h2>\t\t\t\t\t\t\t\t<\/div>\n\t\t\t\t<\/div>\n\t\t\t\t\t<\/div>\n\t\t<\/div>\n\t\t\t\t\t<\/div>\n\t\t<\/section>\n\t\t\t\t<section class=\"elementor-section elementor-top-section elementor-element elementor-element-f823a1a elementor-section-boxed elementor-section-height-default elementor-section-height-default\" data-id=\"f823a1a\" data-element_type=\"section\">\n\t\t\t\t\t\t<div class=\"elementor-container elementor-column-gap-default\">\n\t\t\t\t\t<div class=\"elementor-column elementor-col-100 elementor-top-column elementor-element elementor-element-f836119\" data-id=\"f836119\" data-element_type=\"column\">\n\t\t\t<div class=\"elementor-widget-wrap elementor-element-populated\">\n\t\t\t\t\t\t<div class=\"elementor-element elementor-element-a81fd8c elementor-widget elementor-widget-text-editor\" data-id=\"a81fd8c\" data-element_type=\"widget\" data-widget_type=\"text-editor.default\">\n\t\t\t\t<div class=\"elementor-widget-container\">\n\t\t\t\t\t\t\t\t\t<ul><li><strong>Recettes des pubs et bars<\/strong> : la Saint Patrick est souvent associ\u00e9e \u00e0 une augmentation significative des ventes de bi\u00e8re, en particulier de bi\u00e8res irlandaises telles que la Guinness. Aux \u00c9tats-Unis, les ventes de bi\u00e8re augmentent consid\u00e9rablement pendant la p\u00e9riode de la Saint Patrick.<\/li><li><strong>Tourisme<\/strong> : Les c\u00e9l\u00e9brations de la Saint Patrick attirent des millions de touristes chaque ann\u00e9e en Irlande et dans d&#8217;autres pays o\u00f9 la f\u00eate est c\u00e9l\u00e9br\u00e9e. Cela se traduit par des d\u00e9penses importantes dans l&#8217;industrie du tourisme, y compris les h\u00f4tels, les restaurants, les visites guid\u00e9es et les activit\u00e9s touristiques.<\/li><li><strong>Vente de produits d\u00e9riv\u00e9s<\/strong> : Les entreprises vendent une vari\u00e9t\u00e9 de produits d\u00e9riv\u00e9s li\u00e9s \u00e0 la Saint Patrick, tels que des v\u00eatements, des accessoires, des d\u00e9corations et des articles de f\u00eate. Ces ventes contribuent \u00e9galement aux retomb\u00e9es \u00e9conomiques de la f\u00eate.<\/li><li><strong>Publicit\u00e9 et marketing<\/strong> : De nombreuses entreprises lancent des campagnes publicitaires sp\u00e9ciales pour la Saint Patrick, ce qui entra\u00eene des d\u00e9penses suppl\u00e9mentaires en mati\u00e8re de communication. Les entreprises et les marques cherchent \u00e0 capitaliser sur l&#8217;enthousiasme entourant la f\u00eate pour stimuler leurs ventes. <span style=\"color: #3366ff;\">Macap <\/span>les accompagne en proposant des supports brand\u00e9s sp\u00e9cial Saint Patrick gr\u00e2ce \u00e0 des designs originaux cr\u00e9es par une \u00e9quipe de graphistes avis\u00e9s.\u00a0<\/li><\/ul>\t\t\t\t\t\t\t\t<\/div>\n\t\t\t\t<\/div>\n\t\t\t\t\t<\/div>\n\t\t<\/div>\n\t\t\t\t\t<\/div>\n\t\t<\/section>\n\t\t\t\t<section class=\"elementor-section elementor-top-section elementor-element elementor-element-79df783 elementor-section-boxed elementor-section-height-default elementor-section-height-default\" data-id=\"79df783\" data-element_type=\"section\">\n\t\t\t\t\t\t<div class=\"elementor-container elementor-column-gap-default\">\n\t\t\t\t\t<div class=\"elementor-column elementor-col-100 elementor-top-column elementor-element elementor-element-bbe6141\" data-id=\"bbe6141\" data-element_type=\"column\">\n\t\t\t<div class=\"elementor-widget-wrap elementor-element-populated\">\n\t\t\t\t\t\t<div class=\"elementor-element elementor-element-71b9ac4 elementor-widget elementor-widget-text-editor\" data-id=\"71b9ac4\" data-element_type=\"widget\" data-widget_type=\"text-editor.default\">\n\t\t\t\t<div class=\"elementor-widget-container\">\n\t\t\t\t\t\t\t\t\t<h2>Le saviez-vous ? Anecdotes et infos amusantes sur la Saint-Patrick\u00a0<\/h2>\t\t\t\t\t\t\t\t<\/div>\n\t\t\t\t<\/div>\n\t\t\t\t\t<\/div>\n\t\t<\/div>\n\t\t\t\t\t<\/div>\n\t\t<\/section>\n\t\t\t\t<section class=\"elementor-section elementor-top-section elementor-element elementor-element-fc094a4 elementor-section-boxed elementor-section-height-default elementor-section-height-default\" data-id=\"fc094a4\" data-element_type=\"section\">\n\t\t\t\t\t\t<div class=\"elementor-container elementor-column-gap-default\">\n\t\t\t\t\t<div class=\"elementor-column elementor-col-100 elementor-top-column elementor-element elementor-element-6126a36\" data-id=\"6126a36\" data-element_type=\"column\">\n\t\t\t<div class=\"elementor-widget-wrap elementor-element-populated\">\n\t\t\t\t\t\t<div class=\"elementor-element elementor-element-019f650 elementor-widget elementor-widget-text-editor\" data-id=\"019f650\" data-element_type=\"widget\" data-widget_type=\"text-editor.default\">\n\t\t\t\t<div class=\"elementor-widget-container\">\n\t\t\t\t\t\t\t\t\t<ul><li><h3>La Saint-Patrick et la Sainte- Guinness !<\/h3><\/li><\/ul><p>La Saint-Patrick est l\u2019un des jours les plus lucratifs pour les brasseurs de bi\u00e8re. On estime qu\u2019environ <strong>13 millions de pintes de Guinness sont consomm\u00e9es \u00e0 travers le monde le 17 mars<\/strong> ! C\u2019est presque trois fois la consommation habituelle d\u2019un jour ordinaire. De quoi remplir des rivi\u00e8res enti\u00e8res de cette bi\u00e8re brune iconique.<\/p><ul><li><h3>La rivi\u00e8re verte de Chicago<\/h3><\/li><\/ul><p>Chaque ann\u00e9e depuis 1962,<strong> la ville de Chicago c\u00e9l\u00e8bre la Saint-Patrick de mani\u00e8re spectaculaire en colorant sa rivi\u00e8re en vert<\/strong>. Cette tradition a commenc\u00e9 par hasard lorsqu\u2019un produit utilis\u00e9 pour d\u00e9tecter les fuites dans les canalisations s\u2019est av\u00e9r\u00e9 \u00eatre une teinture verte parfaite. Aujourd\u2019hui, la coloration est totalement \u00e9cologique et dure environ 5 heures, offrant un spectacle impressionnant aux habitants et touristes.<\/p><ul><li><h3>New York a organis\u00e9 la premi\u00e8re parade\u2026 et pas Dublin !<\/h3><\/li><\/ul><p>Contrairement \u00e0 ce que l\u2019on pourrait penser, <strong>la premi\u00e8re parade de la Saint-Patrick n\u2019a pas eu lieu en Irlande, mais \u00e0 New York en 1762 !<\/strong> Des soldats irlandais servant dans l\u2019arm\u00e9e britannique ont d\u00e9fil\u00e9 dans les rues de la ville pour c\u00e9l\u00e9brer leur culture. Aujourd\u2019hui, cette parade est la plus grande du monde, attirant plus de 2 millions de spectateurs.<\/p><ul><li><h3>Tous les tr\u00e8fles ne portent pas bonheur<\/h3><\/li><\/ul><p>La l\u00e9gende raconte que Saint Patrick aurait utilis\u00e9 le tr\u00e8fle \u00e0 trois feuilles pour expliquer le concept de la Trinit\u00e9 (P\u00e8re, Fils et Saint-Esprit) aux Irlandais pa\u00efens. Pourtant, <strong>beaucoup de gens confondent ce symbole avec le tr\u00e8fle \u00e0 quatre feuilles<\/strong>, qui est lui, un porte-bonheur rare. Alors, attention \u00e0 ne pas m\u00e9langer les deux si vous voulez \u00e9viter un regard d\u00e9sapprobateur d\u2019un vrai Irlandais !<\/p><ul><li><h3>Un record du monde en vert<\/h3><\/li><\/ul><p>En 2013, l\u2019Irlande a d\u00e9cid\u00e9 de battre un record du monde insolite : celui du <strong>plus grand rassemblement de personnes habill\u00e9es en lutins<\/strong> (les fameux &#8220;leprechauns&#8221;). Plus de 250 personnes d\u00e9guis\u00e9es avec le chapeau et la barbe rousse se sont r\u00e9unies \u00e0 Dublin, donnant lieu \u00e0 un spectacle aussi dr\u00f4le qu\u2019inoubliable.<\/p><ul><li><h3>Un pub irlandais&#8230; en Antarctique !<\/h3><\/li><\/ul><p>M\u00eame au bout du monde, la Saint-Patrick est c\u00e9l\u00e9br\u00e9e ! Il existe <strong>un pub irlandais en Antarctique, situ\u00e9 \u00e0 la base scientifique McMurdo<\/strong>. Chaque ann\u00e9e, les chercheurs et scientifiques y organisent une f\u00eate sp\u00e9ciale pour honorer cette tradition, prouvant que l&#8217;esprit de la Saint-Patrick n\u2019a pas de fronti\u00e8res.<\/p>\t\t\t\t\t\t\t\t<\/div>\n\t\t\t\t<\/div>\n\t\t\t\t\t<\/div>\n\t\t<\/div>\n\t\t\t\t\t<\/div>\n\t\t<\/section>\n\t\t\t\t<section class=\"elementor-section elementor-top-section elementor-element elementor-element-a48705e elementor-section-boxed elementor-section-height-default elementor-section-height-default\" data-id=\"a48705e\" data-element_type=\"section\">\n\t\t\t\t\t\t<div class=\"elementor-container elementor-column-gap-default\">\n\t\t\t\t\t<div class=\"elementor-column elementor-col-100 elementor-top-column elementor-element elementor-element-bc07007\" data-id=\"bc07007\" data-element_type=\"column\">\n\t\t\t<div class=\"elementor-widget-wrap elementor-element-populated\">\n\t\t\t\t\t\t<div class=\"elementor-element elementor-element-3914fa5 elementor-widget-divider--view-line elementor-widget elementor-widget-divider\" data-id=\"3914fa5\" data-element_type=\"widget\" data-widget_type=\"divider.default\">\n\t\t\t\t<div class=\"elementor-widget-container\">\n\t\t\t\t\t\t\t<div class=\"elementor-divider\">\n\t\t\t<span class=\"elementor-divider-separator\">\n\t\t\t\t\t\t<\/span>\n\t\t<\/div>\n\t\t\t\t\t\t<\/div>\n\t\t\t\t<\/div>\n\t\t\t\t\t<\/div>\n\t\t<\/div>\n\t\t\t\t\t<\/div>\n\t\t<\/section>\n\t\t\t\t<section class=\"elementor-section elementor-top-section elementor-element elementor-element-4272d6b elementor-section-boxed elementor-section-height-default elementor-section-height-default\" data-id=\"4272d6b\" data-element_type=\"section\">\n\t\t\t\t\t\t<div class=\"elementor-container elementor-column-gap-default\">\n\t\t\t\t\t<div class=\"elementor-column elementor-col-100 elementor-top-column elementor-element elementor-element-bd2516c\" data-id=\"bd2516c\" data-element_type=\"column\">\n\t\t\t<div class=\"elementor-widget-wrap elementor-element-populated\">\n\t\t\t\t\t\t<div class=\"elementor-element elementor-element-464b9ea elementor-widget elementor-widget-text-editor\" data-id=\"464b9ea\" data-element_type=\"widget\" data-widget_type=\"text-editor.default\">\n\t\t\t\t<div class=\"elementor-widget-container\">\n\t\t\t\t\t\t\t\t\t<h2>Avec Macap, magnifiez vos espaces aux couleurs de la Saint Patrick<\/h2>\t\t\t\t\t\t\t\t<\/div>\n\t\t\t\t<\/div>\n\t\t\t\t\t<\/div>\n\t\t<\/div>\n\t\t\t\t\t<\/div>\n\t\t<\/section>\n\t\t\t\t<section class=\"elementor-section elementor-top-section elementor-element elementor-element-491fe67 elementor-section-boxed elementor-section-height-default elementor-section-height-default\" data-id=\"491fe67\" data-element_type=\"section\">\n\t\t\t\t\t\t<div class=\"elementor-container elementor-column-gap-default\">\n\t\t\t\t\t<div class=\"elementor-column elementor-col-100 elementor-top-column elementor-element elementor-element-305ab82\" data-id=\"305ab82\" data-element_type=\"column\">\n\t\t\t<div class=\"elementor-widget-wrap elementor-element-populated\">\n\t\t\t\t\t\t<div class=\"elementor-element elementor-element-7d607b0 elementor-widget elementor-widget-text-editor\" data-id=\"7d607b0\" data-element_type=\"widget\" data-widget_type=\"text-editor.default\">\n\t\t\t\t<div class=\"elementor-widget-container\">\n\t\t\t\t\t\t\t\t\t<h3>Des supports originaux logot\u00e9s Saint-Patrick<\/h3>\t\t\t\t\t\t\t\t<\/div>\n\t\t\t\t<\/div>\n\t\t\t\t\t<\/div>\n\t\t<\/div>\n\t\t\t\t\t<\/div>\n\t\t<\/section>\n\t\t\t\t<section class=\"elementor-section elementor-top-section elementor-element elementor-element-4ff10db elementor-section-boxed elementor-section-height-default elementor-section-height-default\" data-id=\"4ff10db\" data-element_type=\"section\">\n\t\t\t\t\t\t<div class=\"elementor-container elementor-column-gap-default\">\n\t\t\t\t\t<div class=\"elementor-column elementor-col-33 elementor-top-column elementor-element elementor-element-6334a51\" data-id=\"6334a51\" data-element_type=\"column\">\n\t\t\t<div class=\"elementor-widget-wrap elementor-element-populated\">\n\t\t\t\t\t\t<div class=\"elementor-element elementor-element-e3179d8 elementor-widget elementor-widget-shortcode\" data-id=\"e3179d8\" data-element_type=\"widget\" data-widget_type=\"shortcode.default\">\n\t\t\t\t<div class=\"elementor-widget-container\">\n\t\t\t\t\t\t\t<div class=\"elementor-shortcode\"><div class=\"container p-0 m-0\">\n    <div class=\"row m-0 border\">\n        <div class=\"col-12 grid-didpd-body text-center\">\n            <img decoding=\"async\" src=\"https:\/\/www.macapflag.com\/1855301-home_default\/beach-flag-oriflamme-classique-28-mvisuel-fete-st-patrick-modele-1.jpg\" alt=\"Oriflamme St Patrick\" class=\"mx-auto\" \/>\n            <div class=\"grid-didpd-text\">\n                <a href=\"https:\/\/www.macapflag.com\/plv-fetes-annuelles\/790809-beach-flag-oriflamme-classique-28-mvisuel-fete-st-patrick-modele-1.html\" target=\"_blank\" class=\"stretched-link\">\n                    <h3>Oriflamme St Patrick<\/h3>\n                <\/a>\n            <\/div>\n                        <p class=\"text-center font-weight-bold\">112,10 \u20ac HT<\/p>            <div class=\"text-center\">\n                <button class=\"btn btn-primary\">J'ach\u00e8te en un clic<\/button>\n            <\/div>\n        <\/div>\n    <\/div>\n<\/div>\n<\/div>\n\t\t\t\t\t\t<\/div>\n\t\t\t\t<\/div>\n\t\t\t\t\t<\/div>\n\t\t<\/div>\n\t\t\t\t<div class=\"elementor-column elementor-col-33 elementor-top-column elementor-element elementor-element-312f941\" data-id=\"312f941\" data-element_type=\"column\">\n\t\t\t<div class=\"elementor-widget-wrap elementor-element-populated\">\n\t\t\t\t\t\t<div class=\"elementor-element elementor-element-0ec23e0 elementor-widget elementor-widget-shortcode\" data-id=\"0ec23e0\" data-element_type=\"widget\" data-widget_type=\"shortcode.default\">\n\t\t\t\t<div class=\"elementor-widget-container\">\n\t\t\t\t\t\t\t<div class=\"elementor-shortcode\"><div class=\"container p-0 m-0\">\n    <div class=\"row m-0 border\">\n        <div class=\"col-12 grid-didpd-body text-center\">\n            <img decoding=\"async\" src=\"https:\/\/www.macapflag.com\/1858370-home_default\/beach-flag-oriflamme-potence-350-mvisuel-fete-st-patrick-modele-3.jpg\" alt=\"Oriflamme St Patrick\" class=\"mx-auto\" \/>\n            <div class=\"grid-didpd-text\">\n                <a href=\"https:\/\/www.macapflag.com\/plv-fetes-annuelles\/791901-beach-flag-oriflamme-potence-350-mvisuel-fete-st-patrick-modele-3.html\" target=\"_blank\" class=\"stretched-link\">\n                    <h3>Oriflamme St Patrick<\/h3>\n                <\/a>\n            <\/div>\n                        <p class=\"text-center font-weight-bold\">142,50 \u20ac HT<\/p>            <div class=\"text-center\">\n                <button class=\"btn btn-primary\">J'ach\u00e8te en un clic<\/button>\n            <\/div>\n        <\/div>\n    <\/div>\n<\/div>\n<\/div>\n\t\t\t\t\t\t<\/div>\n\t\t\t\t<\/div>\n\t\t\t\t\t<\/div>\n\t\t<\/div>\n\t\t\t\t<div class=\"elementor-column elementor-col-33 elementor-top-column elementor-element elementor-element-fdb9231\" data-id=\"fdb9231\" data-element_type=\"column\">\n\t\t\t<div class=\"elementor-widget-wrap elementor-element-populated\">\n\t\t\t\t\t\t<div class=\"elementor-element elementor-element-757b523 elementor-widget elementor-widget-shortcode\" data-id=\"757b523\" data-element_type=\"widget\" data-widget_type=\"shortcode.default\">\n\t\t\t\t<div class=\"elementor-widget-container\">\n\t\t\t\t\t\t\t<div class=\"elementor-shortcode\"><div class=\"container p-0 m-0\">\n    <div class=\"row m-0 border\">\n        <div class=\"col-12 grid-didpd-body text-center\">\n            <img decoding=\"async\" src=\"https:\/\/www.macapflag.com\/1855306-home_default\/beach-flag-oriflamme-classique-28-mvisuel-fete-st-patrick-modele-2.jpg\" alt=\"Oriflamme St Patrick\" class=\"mx-auto\" \/>\n            <div class=\"grid-didpd-text\">\n                <a href=\"https:\/\/www.macapflag.com\/plv-fetes-annuelles\/790815-beach-flag-oriflamme-classique-28-mvisuel-fete-st-patrick-modele-2.html\" target=\"_blank\" class=\"stretched-link\">\n                    <h3>Oriflamme St Patrick<\/h3>\n                <\/a>\n            <\/div>\n                        <p class=\"text-center font-weight-bold\">112,10 \u20ac HT<\/p>            <div class=\"text-center\">\n                <button class=\"btn btn-primary\">J'ach\u00e8te en un clic<\/button>\n            <\/div>\n        <\/div>\n    <\/div>\n<\/div>\n<\/div>\n\t\t\t\t\t\t<\/div>\n\t\t\t\t<\/div>\n\t\t\t\t\t<\/div>\n\t\t<\/div>\n\t\t\t\t\t<\/div>\n\t\t<\/section>\n\t\t\t\t<section class=\"elementor-section elementor-top-section elementor-element elementor-element-0add825 elementor-section-boxed elementor-section-height-default elementor-section-height-default\" data-id=\"0add825\" data-element_type=\"section\">\n\t\t\t\t\t\t<div class=\"elementor-container elementor-column-gap-default\">\n\t\t\t\t\t<div class=\"elementor-column elementor-col-33 elementor-top-column elementor-element elementor-element-878728b\" data-id=\"878728b\" data-element_type=\"column\">\n\t\t\t<div class=\"elementor-widget-wrap elementor-element-populated\">\n\t\t\t\t\t\t<div class=\"elementor-element elementor-element-673145d elementor-widget elementor-widget-shortcode\" data-id=\"673145d\" data-element_type=\"widget\" data-widget_type=\"shortcode.default\">\n\t\t\t\t<div class=\"elementor-widget-container\">\n\t\t\t\t\t\t\t<div class=\"elementor-shortcode\"><div class=\"container p-0 m-0\">\n    <div class=\"row m-0 border\">\n        <div class=\"col-12 grid-didpd-body text-center\">\n            <img decoding=\"async\" src=\"https:\/\/www.macapflag.com\/1855302-home_default\/roll-up-80x200-cmvisuelfete-st-patrick-modele-1.jpg\" alt=\"Roll-up St Patrick\" class=\"mx-auto\" \/>\n            <div class=\"grid-didpd-text\">\n                <a href=\"https:\/\/www.macapflag.com\/plv-fetes-annuelles\/790810-roll-up-80x200-cmvisuelfete-st-patrick-modele-1.html\" target=\"_blank\" class=\"stretched-link\">\n                    <h3>Roll-up St Patrick<\/h3>\n                <\/a>\n            <\/div>\n                        <p class=\"text-center font-weight-bold\">51,30 \u20ac HT<\/p>            <div class=\"text-center\">\n                <button class=\"btn btn-primary\">J'ach\u00e8te en un clic<\/button>\n            <\/div>\n        <\/div>\n    <\/div>\n<\/div>\n<\/div>\n\t\t\t\t\t\t<\/div>\n\t\t\t\t<\/div>\n\t\t\t\t\t<\/div>\n\t\t<\/div>\n\t\t\t\t<div class=\"elementor-column elementor-col-33 elementor-top-column elementor-element elementor-element-d75b266\" data-id=\"d75b266\" data-element_type=\"column\">\n\t\t\t<div class=\"elementor-widget-wrap elementor-element-populated\">\n\t\t\t\t\t\t<div class=\"elementor-element elementor-element-0c78e37 elementor-widget elementor-widget-shortcode\" data-id=\"0c78e37\" data-element_type=\"widget\" data-widget_type=\"shortcode.default\">\n\t\t\t\t<div class=\"elementor-widget-container\">\n\t\t\t\t\t\t\t<div class=\"elementor-shortcode\"><div class=\"container p-0 m-0\">\n    <div class=\"row m-0 border\">\n        <div class=\"col-12 grid-didpd-body text-center\">\n            <img decoding=\"async\" src=\"https:\/\/www.macapflag.com\/1858371-home_default\/roll-up-80x200-cmvisuel-fete-st-patrick-modele-3.jpg\" alt=\"Roll-up St Patrick\" class=\"mx-auto\" \/>\n            <div class=\"grid-didpd-text\">\n                <a href=\"https:\/\/www.macapflag.com\/plv-fetes-annuelles\/791902-roll-up-80x200-cmvisuel-fete-st-patrick-modele-3.html\" target=\"_blank\" class=\"stretched-link\">\n                    <h3>Roll-up St Patrick<\/h3>\n                <\/a>\n            <\/div>\n                        <p class=\"text-center font-weight-bold\">51,30 \u20ac HT<\/p>            <div class=\"text-center\">\n                <button class=\"btn btn-primary\">J'ach\u00e8te en un clic<\/button>\n            <\/div>\n        <\/div>\n    <\/div>\n<\/div>\n<\/div>\n\t\t\t\t\t\t<\/div>\n\t\t\t\t<\/div>\n\t\t\t\t\t<\/div>\n\t\t<\/div>\n\t\t\t\t<div class=\"elementor-column elementor-col-33 elementor-top-column elementor-element elementor-element-c871762\" data-id=\"c871762\" data-element_type=\"column\">\n\t\t\t<div class=\"elementor-widget-wrap elementor-element-populated\">\n\t\t\t\t\t\t<div class=\"elementor-element elementor-element-2e9505d elementor-widget elementor-widget-shortcode\" data-id=\"2e9505d\" data-element_type=\"widget\" data-widget_type=\"shortcode.default\">\n\t\t\t\t<div class=\"elementor-widget-container\">\n\t\t\t\t\t\t\t<div class=\"elementor-shortcode\"><div class=\"container p-0 m-0\">\n    <div class=\"row m-0 border\">\n        <div class=\"col-12 grid-didpd-body text-center\">\n            <img decoding=\"async\" src=\"https:\/\/www.macapflag.com\/1855307-home_default\/roll-up-80x200-cmvisuelfete-st-patrick-modele-2.jpg\" alt=\"Roll-up St Patrick\" class=\"mx-auto\" \/>\n            <div class=\"grid-didpd-text\">\n                <a href=\"https:\/\/www.macapflag.com\/plv-fetes-annuelles\/790816-roll-up-80x200-cmvisuelfete-st-patrick-modele-2.html\" target=\"_blank\" class=\"stretched-link\">\n                    <h3>Roll-up St Patrick<\/h3>\n                <\/a>\n            <\/div>\n                        <p class=\"text-center font-weight-bold\">51,30 \u20ac HT<\/p>            <div class=\"text-center\">\n                <button class=\"btn btn-primary\">J'ach\u00e8te en un clic<\/button>\n            <\/div>\n        <\/div>\n    <\/div>\n<\/div>\n<\/div>\n\t\t\t\t\t\t<\/div>\n\t\t\t\t<\/div>\n\t\t\t\t\t<\/div>\n\t\t<\/div>\n\t\t\t\t\t<\/div>\n\t\t<\/section>\n\t\t\t\t<section class=\"elementor-section elementor-top-section elementor-element elementor-element-b7a4965 elementor-section-boxed elementor-section-height-default elementor-section-height-default\" data-id=\"b7a4965\" data-element_type=\"section\">\n\t\t\t\t\t\t<div class=\"elementor-container elementor-column-gap-default\">\n\t\t\t\t\t<div class=\"elementor-column elementor-col-33 elementor-top-column elementor-element elementor-element-acb1e95\" data-id=\"acb1e95\" data-element_type=\"column\">\n\t\t\t<div class=\"elementor-widget-wrap elementor-element-populated\">\n\t\t\t\t\t\t<div class=\"elementor-element elementor-element-6cf986e elementor-widget elementor-widget-shortcode\" data-id=\"6cf986e\" data-element_type=\"widget\" data-widget_type=\"shortcode.default\">\n\t\t\t\t<div class=\"elementor-widget-container\">\n\t\t\t\t\t\t\t<div class=\"elementor-shortcode\"><div class=\"container p-0 m-0\">\n    <div class=\"row m-0 border\">\n        <div class=\"col-12 grid-didpd-body text-center\">\n            <img decoding=\"async\" src=\"https:\/\/www.macapflag.com\/1855298-home_default\/banderole-pvc-oeillets-80x300-cmplv-fete-st-patrick-modele-1.jpg\" alt=\"Banderole St Patrick\" class=\"mx-auto\" \/>\n            <div class=\"grid-didpd-text\">\n                <a href=\"https:\/\/www.macapflag.com\/plv-fetes-annuelles\/790807-banderole-pvc-oeillets-80x300-cmplv-fete-st-patrick-modele-1.html\" target=\"_blank\" class=\"stretched-link\">\n                    <h3>Banderole St Patrick<\/h3>\n                <\/a>\n            <\/div>\n                        <p class=\"text-center font-weight-bold\">42,75 \u20ac HT<\/p>            <div class=\"text-center\">\n                <button class=\"btn btn-primary\">J'ach\u00e8te en un clic<\/button>\n            <\/div>\n        <\/div>\n    <\/div>\n<\/div>\n<\/div>\n\t\t\t\t\t\t<\/div>\n\t\t\t\t<\/div>\n\t\t\t\t\t<\/div>\n\t\t<\/div>\n\t\t\t\t<div class=\"elementor-column elementor-col-33 elementor-top-column elementor-element elementor-element-ba95f8f\" data-id=\"ba95f8f\" data-element_type=\"column\">\n\t\t\t<div class=\"elementor-widget-wrap elementor-element-populated\">\n\t\t\t\t\t\t<div class=\"elementor-element elementor-element-1bb3a99 elementor-widget elementor-widget-shortcode\" data-id=\"1bb3a99\" data-element_type=\"widget\" data-widget_type=\"shortcode.default\">\n\t\t\t\t<div class=\"elementor-widget-container\">\n\t\t\t\t\t\t\t<div class=\"elementor-shortcode\"><div class=\"container p-0 m-0\">\n    <div class=\"row m-0 border\">\n        <div class=\"col-12 grid-didpd-body text-center\">\n            <img decoding=\"async\" src=\"https:\/\/www.macapflag.com\/1858375-home_default\/banderole-pvc-oeillets-80x300-cmplv-fete-st-patrick-modele-3.jpg\" alt=\"Banderole St Patrick\" class=\"mx-auto\" \/>\n            <div class=\"grid-didpd-text\">\n                <a href=\"https:\/\/www.macapflag.com\/plv-fetes-annuelles\/791906-banderole-pvc-oeillets-80x300-cmplv-fete-st-patrick-modele-3.html\" target=\"_blank\" class=\"stretched-link\">\n                    <h3>Banderole St Patrick<\/h3>\n                <\/a>\n            <\/div>\n                        <p class=\"text-center font-weight-bold\">42,75 \u20ac HT<\/p>            <div class=\"text-center\">\n                <button class=\"btn btn-primary\">J'ach\u00e8te en un clic<\/button>\n            <\/div>\n        <\/div>\n    <\/div>\n<\/div>\n<\/div>\n\t\t\t\t\t\t<\/div>\n\t\t\t\t<\/div>\n\t\t\t\t\t<\/div>\n\t\t<\/div>\n\t\t\t\t<div class=\"elementor-column elementor-col-33 elementor-top-column elementor-element elementor-element-4b9fc1d\" data-id=\"4b9fc1d\" data-element_type=\"column\">\n\t\t\t<div class=\"elementor-widget-wrap elementor-element-populated\">\n\t\t\t\t\t\t<div class=\"elementor-element elementor-element-72ef964 elementor-widget elementor-widget-shortcode\" data-id=\"72ef964\" data-element_type=\"widget\" data-widget_type=\"shortcode.default\">\n\t\t\t\t<div class=\"elementor-widget-container\">\n\t\t\t\t\t\t\t<div class=\"elementor-shortcode\"><div class=\"container p-0 m-0\">\n    <div class=\"row m-0 border\">\n        <div class=\"col-12 grid-didpd-body text-center\">\n            <img decoding=\"async\" src=\"https:\/\/www.macapflag.com\/1855303-home_default\/banderole-pvc-oeillets-80x300-cmplv-fete-st-patrick-modele-2.jpg\" alt=\"Banderole St Patrick\" class=\"mx-auto\" \/>\n            <div class=\"grid-didpd-text\">\n                <a href=\"https:\/\/www.macapflag.com\/plv-fetes-annuelles\/790812-banderole-pvc-oeillets-80x300-cmplv-fete-st-patrick-modele-2.html\" target=\"_blank\" class=\"stretched-link\">\n                    <h3>Banderole St Patrick<\/h3>\n                <\/a>\n            <\/div>\n                        <p class=\"text-center font-weight-bold\">42,75 \u20ac HT<\/p>            <div class=\"text-center\">\n                <button class=\"btn btn-primary\">J'ach\u00e8te en un clic<\/button>\n            <\/div>\n        <\/div>\n    <\/div>\n<\/div>\n<\/div>\n\t\t\t\t\t\t<\/div>\n\t\t\t\t<\/div>\n\t\t\t\t\t<\/div>\n\t\t<\/div>\n\t\t\t\t\t<\/div>\n\t\t<\/section>\n\t\t\t\t<section class=\"elementor-section elementor-top-section elementor-element elementor-element-0515886 elementor-section-boxed elementor-section-height-default elementor-section-height-default\" data-id=\"0515886\" data-element_type=\"section\">\n\t\t\t\t\t\t<div class=\"elementor-container elementor-column-gap-default\">\n\t\t\t\t\t<div class=\"elementor-column elementor-col-100 elementor-top-column elementor-element elementor-element-c7bc177\" data-id=\"c7bc177\" data-element_type=\"column\">\n\t\t\t<div class=\"elementor-widget-wrap elementor-element-populated\">\n\t\t\t\t\t\t<div class=\"elementor-element elementor-element-6137f9e elementor-widget elementor-widget-text-editor\" data-id=\"6137f9e\" data-element_type=\"widget\" data-widget_type=\"text-editor.default\">\n\t\t\t\t<div class=\"elementor-widget-container\">\n\t\t\t\t\t\t\t\t\t<h3>Et aussi, le drapeau officiel de l&#8217;Irlande !<\/h3>\t\t\t\t\t\t\t\t<\/div>\n\t\t\t\t<\/div>\n\t\t\t\t\t<\/div>\n\t\t<\/div>\n\t\t\t\t\t<\/div>\n\t\t<\/section>\n\t\t\t\t<section class=\"elementor-section elementor-top-section elementor-element elementor-element-facf5e5 elementor-section-boxed elementor-section-height-default elementor-section-height-default\" data-id=\"facf5e5\" data-element_type=\"section\">\n\t\t\t\t\t\t<div class=\"elementor-container elementor-column-gap-default\">\n\t\t\t\t\t<div class=\"elementor-column elementor-col-50 elementor-top-column elementor-element elementor-element-282dd12\" data-id=\"282dd12\" data-element_type=\"column\">\n\t\t\t<div class=\"elementor-widget-wrap elementor-element-populated\">\n\t\t\t\t\t\t<div class=\"elementor-element elementor-element-a957263 elementor-widget elementor-widget-shortcode\" data-id=\"a957263\" data-element_type=\"widget\" data-widget_type=\"shortcode.default\">\n\t\t\t\t<div class=\"elementor-widget-container\">\n\t\t\t\t\t\t\t<div class=\"elementor-shortcode\"><div class=\"container p-0 m-0\">\n    <div class=\"row m-0 border\">\n        <div class=\"col-12 grid-didpd-body text-center\">\n            <img decoding=\"async\" src=\"https:\/\/www.macapflag.com\/1857510-home_default\/drapeau-irlande-officiel.jpg\" alt=\"Drapeau officiel Irlande pour m&acirc;t\" class=\"mx-auto\" \/>\n            <div class=\"grid-didpd-text\">\n                <a href=\"https:\/\/www.macapflag.com\/drapeau-pays-pour-mat\/898-drapeau-irlande-officiel.html\" target=\"_blank\" class=\"stretched-link\">\n                    <h3>Drapeau officiel Irlande pour m\u00e2t<\/h3>\n                <\/a>\n            <\/div>\n                        <p class=\"text-center font-weight-bold\">13,50 \u20ac HT<\/p>            <div class=\"text-center\">\n                <button class=\"btn btn-primary\">J'ach\u00e8te en un clic<\/button>\n            <\/div>\n        <\/div>\n    <\/div>\n<\/div>\n<\/div>\n\t\t\t\t\t\t<\/div>\n\t\t\t\t<\/div>\n\t\t\t\t\t<\/div>\n\t\t<\/div>\n\t\t\t\t<div class=\"elementor-column elementor-col-50 elementor-top-column elementor-element elementor-element-75b4f52\" data-id=\"75b4f52\" data-element_type=\"column\">\n\t\t\t<div class=\"elementor-widget-wrap elementor-element-populated\">\n\t\t\t\t\t\t<div class=\"elementor-element elementor-element-69b9f0c elementor-widget elementor-widget-shortcode\" data-id=\"69b9f0c\" data-element_type=\"widget\" data-widget_type=\"shortcode.default\">\n\t\t\t\t<div class=\"elementor-widget-container\">\n\t\t\t\t\t\t\t<div class=\"elementor-shortcode\"><div class=\"container p-0 m-0\">\n    <div class=\"row m-0 border\">\n        <div class=\"col-12 grid-didpd-body text-center\">\n            <img decoding=\"async\" src=\"https:\/\/www.macapflag.com\/1857811-home_default\/drapeau-irlande-avec-hampe-officiel.jpg\" alt=\"Drapeau officiel Irlande sur hampe\" class=\"mx-auto\" \/>\n            <div class=\"grid-didpd-text\">\n                <a href=\"https:\/\/www.macapflag.com\/drapeau-pays-avec-hampe\/791794-drapeau-irlande-avec-hampe-officiel.html\" target=\"_blank\" class=\"stretched-link\">\n                    <h3>Drapeau officiel Irlande sur hampe<\/h3>\n                <\/a>\n            <\/div>\n                        <p class=\"text-center font-weight-bold\">18,50 \u20ac HT<\/p>            <div class=\"text-center\">\n                <button class=\"btn btn-primary\">J'ach\u00e8te en un clic<\/button>\n            <\/div>\n        <\/div>\n    <\/div>\n<\/div>\n<\/div>\n\t\t\t\t\t\t<\/div>\n\t\t\t\t<\/div>\n\t\t\t\t\t<\/div>\n\t\t<\/div>\n\t\t\t\t\t<\/div>\n\t\t<\/section>\n\t\t\t\t<\/div>\n\t\t","protected":false},"excerpt":{"rendered":"<div class=\"tmnf_excerpt\"><p>Pour les Irlandais du monde entier, le Paddy\u2019s Day est un jour de f\u00eate. En Irlande, cette journ\u00e9e du 17 mars est m\u00eame un jour f\u00e9ri\u00e9.Quelle est l\u2019origine de cette f\u00eate, son histoire et ses coutumes ? Pourquoi c\u00e9l\u00e8bre-t-on chaque ann\u00e9e ce fameux Saint-Patrick le 17 mars ? Pourquoi la Saint-Patrick se d\u00e9roule-t-elle le 17 &hellip;<\/p>\n<\/div>","protected":false},"author":2,"featured_media":12553,"comment_status":"closed","ping_status":"open","sticky":false,"template":"template-fullwidth.php","format":"standard","meta":{"footnotes":""},"categories":[93,92],"tags":[],"class_list":["post-12545","post","type-post","status-publish","format-standard","has-post-thumbnail","hentry","category-com","category-news"],"yoast_head":"<!-- This site is optimized with the Yoast SEO plugin v26.4 - https:\/\/yoast.com\/wordpress\/plugins\/seo\/ -->\n<title>La Saint-Patrick est la f\u00eate des Irlandais. Elle a lieu le 17 mars<\/title>\n<meta name=\"description\" content=\"La Saint-Patrick ou le Paddy&#039;s Day en version originale est la f\u00eate de tous les Irlandais \u00e0 travers le monde. Elle est c\u00e9l\u00e9br\u00e9e le 17 mars\" \/>\n<meta name=\"robots\" content=\"index, follow, max-snippet:-1, max-image-preview:large, max-video-preview:-1\" \/>\n<link rel=\"canonical\" href=\"https:\/\/www.macapflag.com\/blog\/saint-patrick\/\" \/>\n<meta property=\"og:locale\" content=\"fr_FR\" \/>\n<meta property=\"og:type\" content=\"article\" \/>\n<meta property=\"og:title\" content=\"La Saint-Patrick est la f\u00eate des Irlandais. Elle a lieu le 17 mars\" \/>\n<meta property=\"og:description\" content=\"La Saint-Patrick ou le Paddy&#039;s Day en version originale est la f\u00eate de tous les Irlandais \u00e0 travers le monde. Elle est c\u00e9l\u00e9br\u00e9e le 17 mars\" \/>\n<meta property=\"og:url\" content=\"https:\/\/www.macapflag.com\/blog\/saint-patrick\/\" \/>\n<meta property=\"og:site_name\" content=\"Blog - Macap\" \/>\n<meta property=\"article:publisher\" content=\"https:\/\/www.facebook.com\/macap.pavoisement\/\" \/>\n<meta property=\"article:published_time\" content=\"2026-03-17T07:02:30+00:00\" \/>\n<meta property=\"og:image\" content=\"https:\/\/www.macapflag.com\/blog\/wp-content\/uploads\/2023\/02\/Saint-patrick-17-mars.jpg\" \/>\n\t<meta property=\"og:image:width\" content=\"870\" \/>\n\t<meta property=\"og:image:height\" content=\"600\" \/>\n\t<meta property=\"og:image:type\" content=\"image\/jpeg\" \/>\n<meta name=\"author\" content=\"Blog Macap\" \/>\n<meta name=\"twitter:card\" content=\"summary_large_image\" \/>\n<meta name=\"twitter:label1\" content=\"\u00c9crit par\" \/>\n\t<meta name=\"twitter:data1\" content=\"Blog Macap\" \/>\n\t<meta name=\"twitter:label2\" content=\"Dur\u00e9e de lecture estim\u00e9e\" \/>\n\t<meta name=\"twitter:data2\" content=\"8 minutes\" \/>\n<script type=\"application\/ld+json\" class=\"yoast-schema-graph\">{\"@context\":\"https:\/\/schema.org\",\"@graph\":[{\"@type\":\"Article\",\"@id\":\"https:\/\/www.macapflag.com\/blog\/saint-patrick\/#article\",\"isPartOf\":{\"@id\":\"https:\/\/www.macapflag.com\/blog\/saint-patrick\/\"},\"author\":{\"name\":\"Blog Macap\",\"@id\":\"https:\/\/www.macapflag.com\/blog\/#\/schema\/person\/3fea701f2603875e651e6b662578fc3c\"},\"headline\":\"Pourquoi f\u00eate-t-on la Saint-Patrick ?\",\"datePublished\":\"2026-03-17T07:02:30+00:00\",\"mainEntityOfPage\":{\"@id\":\"https:\/\/www.macapflag.com\/blog\/saint-patrick\/\"},\"wordCount\":1455,\"publisher\":{\"@id\":\"https:\/\/www.macapflag.com\/blog\/#organization\"},\"image\":{\"@id\":\"https:\/\/www.macapflag.com\/blog\/saint-patrick\/#primaryimage\"},\"thumbnailUrl\":\"https:\/\/www.macapflag.com\/blog\/wp-content\/uploads\/2023\/02\/Saint-patrick-17-mars.jpg\",\"articleSection\":[\"Le monde de la Com'\",\"News &amp; Actu\"],\"inLanguage\":\"fr-FR\"},{\"@type\":\"WebPage\",\"@id\":\"https:\/\/www.macapflag.com\/blog\/saint-patrick\/\",\"url\":\"https:\/\/www.macapflag.com\/blog\/saint-patrick\/\",\"name\":\"La Saint-Patrick est la f\u00eate des Irlandais. Elle a lieu le 17 mars\",\"isPartOf\":{\"@id\":\"https:\/\/www.macapflag.com\/blog\/#website\"},\"primaryImageOfPage\":{\"@id\":\"https:\/\/www.macapflag.com\/blog\/saint-patrick\/#primaryimage\"},\"image\":{\"@id\":\"https:\/\/www.macapflag.com\/blog\/saint-patrick\/#primaryimage\"},\"thumbnailUrl\":\"https:\/\/www.macapflag.com\/blog\/wp-content\/uploads\/2023\/02\/Saint-patrick-17-mars.jpg\",\"datePublished\":\"2026-03-17T07:02:30+00:00\",\"description\":\"La Saint-Patrick ou le Paddy's Day en version originale est la f\u00eate de tous les Irlandais \u00e0 travers le monde. Elle est c\u00e9l\u00e9br\u00e9e le 17 mars\",\"breadcrumb\":{\"@id\":\"https:\/\/www.macapflag.com\/blog\/saint-patrick\/#breadcrumb\"},\"inLanguage\":\"fr-FR\",\"potentialAction\":[{\"@type\":\"ReadAction\",\"target\":[\"https:\/\/www.macapflag.com\/blog\/saint-patrick\/\"]}]},{\"@type\":\"ImageObject\",\"inLanguage\":\"fr-FR\",\"@id\":\"https:\/\/www.macapflag.com\/blog\/saint-patrick\/#primaryimage\",\"url\":\"https:\/\/www.macapflag.com\/blog\/wp-content\/uploads\/2023\/02\/Saint-patrick-17-mars.jpg\",\"contentUrl\":\"https:\/\/www.macapflag.com\/blog\/wp-content\/uploads\/2023\/02\/Saint-patrick-17-mars.jpg\",\"width\":870,\"height\":600,\"caption\":\"La Saint-Patrick f\u00eate des Irlandais le 17 mars\"},{\"@type\":\"BreadcrumbList\",\"@id\":\"https:\/\/www.macapflag.com\/blog\/saint-patrick\/#breadcrumb\",\"itemListElement\":[{\"@type\":\"ListItem\",\"position\":1,\"name\":\"Accueil\",\"item\":\"https:\/\/www.macapflag.com\/blog\/\"},{\"@type\":\"ListItem\",\"position\":2,\"name\":\"Pourquoi f\u00eate-t-on la Saint-Patrick ?\"}]},{\"@type\":\"WebSite\",\"@id\":\"https:\/\/www.macapflag.com\/blog\/#website\",\"url\":\"https:\/\/www.macapflag.com\/blog\/\",\"name\":\"Blog - Macap\",\"description\":\"Tous nos articles\",\"publisher\":{\"@id\":\"https:\/\/www.macapflag.com\/blog\/#organization\"},\"potentialAction\":[{\"@type\":\"SearchAction\",\"target\":{\"@type\":\"EntryPoint\",\"urlTemplate\":\"https:\/\/www.macapflag.com\/blog\/?s={search_term_string}\"},\"query-input\":{\"@type\":\"PropertyValueSpecification\",\"valueRequired\":true,\"valueName\":\"search_term_string\"}}],\"inLanguage\":\"fr-FR\"},{\"@type\":\"Organization\",\"@id\":\"https:\/\/www.macapflag.com\/blog\/#organization\",\"name\":\"macapflag\",\"url\":\"https:\/\/www.macapflag.com\/blog\/\",\"logo\":{\"@type\":\"ImageObject\",\"inLanguage\":\"fr-FR\",\"@id\":\"https:\/\/www.macapflag.com\/blog\/#\/schema\/logo\/image\/\",\"url\":\"https:\/\/www.macapflag.com\/blog\/wp-content\/uploads\/2020\/12\/cropped-M-512-1.png\",\"contentUrl\":\"https:\/\/www.macapflag.com\/blog\/wp-content\/uploads\/2020\/12\/cropped-M-512-1.png\",\"width\":512,\"height\":512,\"caption\":\"macapflag\"},\"image\":{\"@id\":\"https:\/\/www.macapflag.com\/blog\/#\/schema\/logo\/image\/\"},\"sameAs\":[\"https:\/\/www.facebook.com\/macap.pavoisement\/\",\"https:\/\/www.instagram.com\/macapflag\/?hl=fr\",\"https:\/\/www.linkedin.com\/company\/macap\/?originalSubdomain=fr\",\"https:\/\/www.youtube.com\/channel\/UCXNzTIdZh9poEBjSXEqDtNw\"]},{\"@type\":\"Person\",\"@id\":\"https:\/\/www.macapflag.com\/blog\/#\/schema\/person\/3fea701f2603875e651e6b662578fc3c\",\"name\":\"Blog Macap\",\"image\":{\"@type\":\"ImageObject\",\"inLanguage\":\"fr-FR\",\"@id\":\"https:\/\/www.macapflag.com\/blog\/#\/schema\/person\/image\/\",\"url\":\"https:\/\/secure.gravatar.com\/avatar\/c12551f2dc51f0db049633b03e7856985477a70da834cc8967dea4ce54bdd6a2?s=96&d=mm&r=g\",\"contentUrl\":\"https:\/\/secure.gravatar.com\/avatar\/c12551f2dc51f0db049633b03e7856985477a70da834cc8967dea4ce54bdd6a2?s=96&d=mm&r=g\",\"caption\":\"Blog Macap\"},\"url\":\"https:\/\/www.macapflag.com\/blog\/author\/macap\/\"}]}<\/script>\n<!-- \/ Yoast SEO plugin. -->","yoast_head_json":{"title":"La Saint-Patrick est la f\u00eate des Irlandais. Elle a lieu le 17 mars","description":"La Saint-Patrick ou le Paddy's Day en version originale est la f\u00eate de tous les Irlandais \u00e0 travers le monde. Elle est c\u00e9l\u00e9br\u00e9e le 17 mars","robots":{"index":"index","follow":"follow","max-snippet":"max-snippet:-1","max-image-preview":"max-image-preview:large","max-video-preview":"max-video-preview:-1"},"canonical":"https:\/\/www.macapflag.com\/blog\/saint-patrick\/","og_locale":"fr_FR","og_type":"article","og_title":"La Saint-Patrick est la f\u00eate des Irlandais. Elle a lieu le 17 mars","og_description":"La Saint-Patrick ou le Paddy's Day en version originale est la f\u00eate de tous les Irlandais \u00e0 travers le monde. Elle est c\u00e9l\u00e9br\u00e9e le 17 mars","og_url":"https:\/\/www.macapflag.com\/blog\/saint-patrick\/","og_site_name":"Blog - Macap","article_publisher":"https:\/\/www.facebook.com\/macap.pavoisement\/","article_published_time":"2026-03-17T07:02:30+00:00","og_image":[{"width":870,"height":600,"url":"https:\/\/www.macapflag.com\/blog\/wp-content\/uploads\/2023\/02\/Saint-patrick-17-mars.jpg","type":"image\/jpeg"}],"author":"Blog Macap","twitter_card":"summary_large_image","twitter_misc":{"\u00c9crit par":"Blog Macap","Dur\u00e9e de lecture estim\u00e9e":"8 minutes"},"schema":{"@context":"https:\/\/schema.org","@graph":[{"@type":"Article","@id":"https:\/\/www.macapflag.com\/blog\/saint-patrick\/#article","isPartOf":{"@id":"https:\/\/www.macapflag.com\/blog\/saint-patrick\/"},"author":{"name":"Blog Macap","@id":"https:\/\/www.macapflag.com\/blog\/#\/schema\/person\/3fea701f2603875e651e6b662578fc3c"},"headline":"Pourquoi f\u00eate-t-on la Saint-Patrick ?","datePublished":"2026-03-17T07:02:30+00:00","mainEntityOfPage":{"@id":"https:\/\/www.macapflag.com\/blog\/saint-patrick\/"},"wordCount":1455,"publisher":{"@id":"https:\/\/www.macapflag.com\/blog\/#organization"},"image":{"@id":"https:\/\/www.macapflag.com\/blog\/saint-patrick\/#primaryimage"},"thumbnailUrl":"https:\/\/www.macapflag.com\/blog\/wp-content\/uploads\/2023\/02\/Saint-patrick-17-mars.jpg","articleSection":["Le monde de la Com'","News &amp; Actu"],"inLanguage":"fr-FR"},{"@type":"WebPage","@id":"https:\/\/www.macapflag.com\/blog\/saint-patrick\/","url":"https:\/\/www.macapflag.com\/blog\/saint-patrick\/","name":"La Saint-Patrick est la f\u00eate des Irlandais. Elle a lieu le 17 mars","isPartOf":{"@id":"https:\/\/www.macapflag.com\/blog\/#website"},"primaryImageOfPage":{"@id":"https:\/\/www.macapflag.com\/blog\/saint-patrick\/#primaryimage"},"image":{"@id":"https:\/\/www.macapflag.com\/blog\/saint-patrick\/#primaryimage"},"thumbnailUrl":"https:\/\/www.macapflag.com\/blog\/wp-content\/uploads\/2023\/02\/Saint-patrick-17-mars.jpg","datePublished":"2026-03-17T07:02:30+00:00","description":"La Saint-Patrick ou le Paddy's Day en version originale est la f\u00eate de tous les Irlandais \u00e0 travers le monde. Elle est c\u00e9l\u00e9br\u00e9e le 17 mars","breadcrumb":{"@id":"https:\/\/www.macapflag.com\/blog\/saint-patrick\/#breadcrumb"},"inLanguage":"fr-FR","potentialAction":[{"@type":"ReadAction","target":["https:\/\/www.macapflag.com\/blog\/saint-patrick\/"]}]},{"@type":"ImageObject","inLanguage":"fr-FR","@id":"https:\/\/www.macapflag.com\/blog\/saint-patrick\/#primaryimage","url":"https:\/\/www.macapflag.com\/blog\/wp-content\/uploads\/2023\/02\/Saint-patrick-17-mars.jpg","contentUrl":"https:\/\/www.macapflag.com\/blog\/wp-content\/uploads\/2023\/02\/Saint-patrick-17-mars.jpg","width":870,"height":600,"caption":"La Saint-Patrick f\u00eate des Irlandais le 17 mars"},{"@type":"BreadcrumbList","@id":"https:\/\/www.macapflag.com\/blog\/saint-patrick\/#breadcrumb","itemListElement":[{"@type":"ListItem","position":1,"name":"Accueil","item":"https:\/\/www.macapflag.com\/blog\/"},{"@type":"ListItem","position":2,"name":"Pourquoi f\u00eate-t-on la Saint-Patrick ?"}]},{"@type":"WebSite","@id":"https:\/\/www.macapflag.com\/blog\/#website","url":"https:\/\/www.macapflag.com\/blog\/","name":"Blog - Macap","description":"Tous nos articles","publisher":{"@id":"https:\/\/www.macapflag.com\/blog\/#organization"},"potentialAction":[{"@type":"SearchAction","target":{"@type":"EntryPoint","urlTemplate":"https:\/\/www.macapflag.com\/blog\/?s={search_term_string}"},"query-input":{"@type":"PropertyValueSpecification","valueRequired":true,"valueName":"search_term_string"}}],"inLanguage":"fr-FR"},{"@type":"Organization","@id":"https:\/\/www.macapflag.com\/blog\/#organization","name":"macapflag","url":"https:\/\/www.macapflag.com\/blog\/","logo":{"@type":"ImageObject","inLanguage":"fr-FR","@id":"https:\/\/www.macapflag.com\/blog\/#\/schema\/logo\/image\/","url":"https:\/\/www.macapflag.com\/blog\/wp-content\/uploads\/2020\/12\/cropped-M-512-1.png","contentUrl":"https:\/\/www.macapflag.com\/blog\/wp-content\/uploads\/2020\/12\/cropped-M-512-1.png","width":512,"height":512,"caption":"macapflag"},"image":{"@id":"https:\/\/www.macapflag.com\/blog\/#\/schema\/logo\/image\/"},"sameAs":["https:\/\/www.facebook.com\/macap.pavoisement\/","https:\/\/www.instagram.com\/macapflag\/?hl=fr","https:\/\/www.linkedin.com\/company\/macap\/?originalSubdomain=fr","https:\/\/www.youtube.com\/channel\/UCXNzTIdZh9poEBjSXEqDtNw"]},{"@type":"Person","@id":"https:\/\/www.macapflag.com\/blog\/#\/schema\/person\/3fea701f2603875e651e6b662578fc3c","name":"Blog Macap","image":{"@type":"ImageObject","inLanguage":"fr-FR","@id":"https:\/\/www.macapflag.com\/blog\/#\/schema\/person\/image\/","url":"https:\/\/secure.gravatar.com\/avatar\/c12551f2dc51f0db049633b03e7856985477a70da834cc8967dea4ce54bdd6a2?s=96&d=mm&r=g","contentUrl":"https:\/\/secure.gravatar.com\/avatar\/c12551f2dc51f0db049633b03e7856985477a70da834cc8967dea4ce54bdd6a2?s=96&d=mm&r=g","caption":"Blog Macap"},"url":"https:\/\/www.macapflag.com\/blog\/author\/macap\/"}]}},"_links":{"self":[{"href":"https:\/\/www.macapflag.com\/blog\/wp-json\/wp\/v2\/posts\/12545","targetHints":{"allow":["GET"]}}],"collection":[{"href":"https:\/\/www.macapflag.com\/blog\/wp-json\/wp\/v2\/posts"}],"about":[{"href":"https:\/\/www.macapflag.com\/blog\/wp-json\/wp\/v2\/types\/post"}],"author":[{"embeddable":true,"href":"https:\/\/www.macapflag.com\/blog\/wp-json\/wp\/v2\/users\/2"}],"replies":[{"embeddable":true,"href":"https:\/\/www.macapflag.com\/blog\/wp-json\/wp\/v2\/comments?post=12545"}],"version-history":[{"count":32,"href":"https:\/\/www.macapflag.com\/blog\/wp-json\/wp\/v2\/posts\/12545\/revisions"}],"predecessor-version":[{"id":22245,"href":"https:\/\/www.macapflag.com\/blog\/wp-json\/wp\/v2\/posts\/12545\/revisions\/22245"}],"wp:featuredmedia":[{"embeddable":true,"href":"https:\/\/www.macapflag.com\/blog\/wp-json\/wp\/v2\/media\/12553"}],"wp:attachment":[{"href":"https:\/\/www.macapflag.com\/blog\/wp-json\/wp\/v2\/media?parent=12545"}],"wp:term":[{"taxonomy":"category","embeddable":true,"href":"https:\/\/www.macapflag.com\/blog\/wp-json\/wp\/v2\/categories?post=12545"},{"taxonomy":"post_tag","embeddable":true,"href":"https:\/\/www.macapflag.com\/blog\/wp-json\/wp\/v2\/tags?post=12545"}],"curies":[{"name":"wp","href":"https:\/\/api.w.org\/{rel}","templated":true}]}}