{"id":12634,"date":"2025-05-09T08:10:17","date_gmt":"2025-05-09T06:10:17","guid":{"rendered":"https:\/\/www.macapflag.com\/blog\/?p=12634"},"modified":"2025-05-09T08:10:17","modified_gmt":"2025-05-09T06:10:17","slug":"9-mai","status":"publish","type":"post","link":"https:\/\/www.macapflag.com\/blog\/9-mai\/","title":{"rendered":"Journ\u00e9e de pavoisement du 9 mai 2025"},"content":{"rendered":"\t\t<div data-elementor-type=\"wp-post\" data-elementor-id=\"12634\" class=\"elementor elementor-12634\">\n\t\t\t\t\t\t<section class=\"elementor-section elementor-top-section elementor-element elementor-element-21ec692 elementor-section-boxed elementor-section-height-default elementor-section-height-default\" data-id=\"21ec692\" data-element_type=\"section\">\n\t\t\t\t\t\t<div class=\"elementor-container elementor-column-gap-default\">\n\t\t\t\t\t<div class=\"elementor-column elementor-col-100 elementor-top-column elementor-element elementor-element-7021a9e\" data-id=\"7021a9e\" data-element_type=\"column\">\n\t\t\t<div class=\"elementor-widget-wrap elementor-element-populated\">\n\t\t\t\t\t\t<div class=\"elementor-element elementor-element-5d8f3e9 elementor-widget elementor-widget-text-editor\" data-id=\"5d8f3e9\" data-element_type=\"widget\" data-widget_type=\"text-editor.default\">\n\t\t\t\t<div class=\"elementor-widget-container\">\n\t\t\t\t\t\t\t\t\t<p>Un calendrier officiel de pavoisement des \u00e9difices et des b\u00e2timents publics est \u00e9dit\u00e9 chaque ann\u00e9e. Il r\u00e9pertorie les quatorze journ\u00e9es de pavoisement r\u00e9glementaire des b\u00e2timents et des \u00e9difices publics avec le drapeau fran\u00e7ais tricolore. <br \/>Ces journ\u00e9es comm\u00e9moratives entretiennent notre devoir de m\u00e9moire tout en permettant aussi de le partager avec les jeunes g\u00e9n\u00e9rations.<\/p>\t\t\t\t\t\t\t\t<\/div>\n\t\t\t\t<\/div>\n\t\t\t\t\t<\/div>\n\t\t<\/div>\n\t\t\t\t\t<\/div>\n\t\t<\/section>\n\t\t\t\t<section class=\"elementor-section elementor-top-section elementor-element elementor-element-8ab8bdd elementor-section-boxed elementor-section-height-default elementor-section-height-default\" data-id=\"8ab8bdd\" data-element_type=\"section\">\n\t\t\t\t\t\t<div class=\"elementor-container elementor-column-gap-default\">\n\t\t\t\t\t<div class=\"elementor-column elementor-col-100 elementor-top-column elementor-element elementor-element-c976882\" data-id=\"c976882\" data-element_type=\"column\">\n\t\t\t<div class=\"elementor-widget-wrap elementor-element-populated\">\n\t\t\t\t\t\t<div class=\"elementor-element elementor-element-57080ea elementor-widget elementor-widget-text-editor\" data-id=\"57080ea\" data-element_type=\"widget\" data-widget_type=\"text-editor.default\">\n\t\t\t\t<div class=\"elementor-widget-container\">\n\t\t\t\t\t\t\t\t\t<h2>5 infos cl\u00e9s sur cette date :<\/h2>\t\t\t\t\t\t\t\t<\/div>\n\t\t\t\t<\/div>\n\t\t\t\t\t<\/div>\n\t\t<\/div>\n\t\t\t\t\t<\/div>\n\t\t<\/section>\n\t\t\t\t<section class=\"elementor-section elementor-top-section elementor-element elementor-element-58b3cc3 elementor-section-boxed elementor-section-height-default elementor-section-height-default\" data-id=\"58b3cc3\" data-element_type=\"section\">\n\t\t\t\t\t\t<div class=\"elementor-container elementor-column-gap-default\">\n\t\t\t\t\t<div class=\"elementor-column elementor-col-100 elementor-top-column elementor-element elementor-element-b3763d7\" data-id=\"b3763d7\" data-element_type=\"column\">\n\t\t\t<div class=\"elementor-widget-wrap elementor-element-populated\">\n\t\t\t\t\t\t<div class=\"elementor-element elementor-element-674dbd5 elementor-widget elementor-widget-text-editor\" data-id=\"674dbd5\" data-element_type=\"widget\" data-widget_type=\"text-editor.default\">\n\t\t\t\t<div class=\"elementor-widget-container\">\n\t\t\t\t\t\t\t\t\t<h3>Que s\u2019est-il pass\u00e9 le 9 mai ?<\/h3>\t\t\t\t\t\t\t\t<\/div>\n\t\t\t\t<\/div>\n\t\t\t\t\t<\/div>\n\t\t<\/div>\n\t\t\t\t\t<\/div>\n\t\t<\/section>\n\t\t\t\t<section class=\"elementor-section elementor-top-section elementor-element elementor-element-a4b6763 elementor-section-boxed elementor-section-height-default elementor-section-height-default\" data-id=\"a4b6763\" data-element_type=\"section\">\n\t\t\t\t\t\t<div class=\"elementor-container elementor-column-gap-default\">\n\t\t\t\t\t<div class=\"elementor-column elementor-col-33 elementor-top-column elementor-element elementor-element-467069d\" data-id=\"467069d\" data-element_type=\"column\">\n\t\t\t<div class=\"elementor-widget-wrap elementor-element-populated\">\n\t\t\t\t\t\t<div class=\"elementor-element elementor-element-d20f257 elementor-widget elementor-widget-image\" data-id=\"d20f257\" data-element_type=\"widget\" data-widget_type=\"image.default\">\n\t\t\t\t<div class=\"elementor-widget-container\">\n\t\t\t\t\t\t\t\t\t\t\t\t\t\t\t<img decoding=\"async\" width=\"171\" height=\"142\" src=\"https:\/\/www.macapflag.com\/blog\/wp-content\/uploads\/2023\/02\/Que-sest-il-passe-a-cette-date.jpg\" class=\"attachment-large size-large wp-image-12578\" alt=\"date commemoration nationale\" \/>\t\t\t\t\t\t\t\t\t\t\t\t\t\t\t<\/div>\n\t\t\t\t<\/div>\n\t\t\t\t\t<\/div>\n\t\t<\/div>\n\t\t\t\t<div class=\"elementor-column elementor-col-66 elementor-top-column elementor-element elementor-element-8446a82\" data-id=\"8446a82\" data-element_type=\"column\">\n\t\t\t<div class=\"elementor-widget-wrap elementor-element-populated\">\n\t\t\t\t\t\t<div class=\"elementor-element elementor-element-de4cf5a elementor-widget elementor-widget-text-editor\" data-id=\"de4cf5a\" data-element_type=\"widget\" data-widget_type=\"text-editor.default\">\n\t\t\t\t<div class=\"elementor-widget-container\">\n\t\t\t\t\t\t\t\t\t<p>En France, le 9 mai 1950, <strong>Robert Schuman<\/strong> alors ministre des Affaires \u00e9trang\u00e8res, d\u00e9clare officiellement la mise en commun sous une autorit\u00e9 internationale des productions de charbon et d\u2019acier fran\u00e7aise et allemande. Cette date marque le d\u00e9but de la construction europ\u00e9enne qui sera suivie de la signature du trait\u00e9 de Paris en avril 1951 puis de la <strong>cr\u00e9ation de la CECA<\/strong> (Communaut\u00e9 europ\u00e9enne du charbon et de l\u2019acier).<br \/>C\u2019est cette CECA qui est la premi\u00e8re institution europ\u00e9enne qui pr\u00e9c\u00e8de ainsi la cr\u00e9ation de l\u2019Union Europ\u00e9enne.<\/p>\t\t\t\t\t\t\t\t<\/div>\n\t\t\t\t<\/div>\n\t\t\t\t\t<\/div>\n\t\t<\/div>\n\t\t\t\t\t<\/div>\n\t\t<\/section>\n\t\t\t\t<section class=\"elementor-section elementor-top-section elementor-element elementor-element-0b544b2 elementor-section-boxed elementor-section-height-default elementor-section-height-default\" data-id=\"0b544b2\" data-element_type=\"section\">\n\t\t\t\t\t\t<div class=\"elementor-container elementor-column-gap-default\">\n\t\t\t\t\t<div class=\"elementor-column elementor-col-100 elementor-top-column elementor-element elementor-element-5a24e31\" data-id=\"5a24e31\" data-element_type=\"column\">\n\t\t\t<div class=\"elementor-widget-wrap elementor-element-populated\">\n\t\t\t\t\t\t<div class=\"elementor-element elementor-element-400292c elementor-widget elementor-widget-text-editor\" data-id=\"400292c\" data-element_type=\"widget\" data-widget_type=\"text-editor.default\">\n\t\t\t\t<div class=\"elementor-widget-container\">\n\t\t\t\t\t\t\t\t\t<h3>Que comm\u00e9more-t-on en France le 9 mai ?<\/h3>\t\t\t\t\t\t\t\t<\/div>\n\t\t\t\t<\/div>\n\t\t\t\t\t<\/div>\n\t\t<\/div>\n\t\t\t\t\t<\/div>\n\t\t<\/section>\n\t\t\t\t<section class=\"elementor-section elementor-top-section elementor-element elementor-element-ac98d4c elementor-section-boxed elementor-section-height-default elementor-section-height-default\" data-id=\"ac98d4c\" data-element_type=\"section\">\n\t\t\t\t\t\t<div class=\"elementor-container elementor-column-gap-default\">\n\t\t\t\t\t<div class=\"elementor-column elementor-col-100 elementor-top-column elementor-element elementor-element-627e8d9\" data-id=\"627e8d9\" data-element_type=\"column\">\n\t\t\t<div class=\"elementor-widget-wrap elementor-element-populated\">\n\t\t\t\t\t\t<div class=\"elementor-element elementor-element-92b1ff0 elementor-widget elementor-widget-text-editor\" data-id=\"92b1ff0\" data-element_type=\"widget\" data-widget_type=\"text-editor.default\">\n\t\t\t\t<div class=\"elementor-widget-container\">\n\t\t\t\t\t\t\t\t\t<p><span style=\"font-weight: 400;\">Le 9 mai est la journ\u00e9e de l\u2019Europe et l\u2019un de ses symboles forts. <\/span><span style=\"font-weight: 400;\"><br \/><\/span><b>Elle n\u2019est pas c\u00e9l\u00e9br\u00e9e qu\u2019en France, mais dans tous les pays de l\u2019Union Europ\u00e9enne<\/b><span style=\"font-weight: 400;\">. Elle vise \u00e0 rapprocher les citoyens de leurs institutions et \u00e0 c\u00e9l\u00e9brer ce que les unit : Un drapeau, une monnaie unique, un hymne, mais aussi une devise \u201cUnie dans la diversit\u00e9\u201d.<\/span><\/p><p><span style=\"font-weight: 400;\">Cette c\u00e9l\u00e9bration est \u00e9galement l\u2019occasion de rappeler le principe fondateur de l\u2019\u00c9tat de droit, celui de la d\u00e9mocratie et du chemin parcouru depuis la fin de la seconde guerre mondiale.<\/span><\/p>\t\t\t\t\t\t\t\t<\/div>\n\t\t\t\t<\/div>\n\t\t\t\t\t<\/div>\n\t\t<\/div>\n\t\t\t\t\t<\/div>\n\t\t<\/section>\n\t\t\t\t<section class=\"elementor-section elementor-top-section elementor-element elementor-element-25af888 elementor-section-boxed elementor-section-height-default elementor-section-height-default\" data-id=\"25af888\" data-element_type=\"section\">\n\t\t\t\t\t\t<div class=\"elementor-container elementor-column-gap-default\">\n\t\t\t\t\t<div class=\"elementor-column elementor-col-100 elementor-top-column elementor-element elementor-element-07035ff\" data-id=\"07035ff\" data-element_type=\"column\">\n\t\t\t<div class=\"elementor-widget-wrap elementor-element-populated\">\n\t\t\t\t\t\t<div class=\"elementor-element elementor-element-dbafc48 elementor-widget elementor-widget-text-editor\" data-id=\"dbafc48\" data-element_type=\"widget\" data-widget_type=\"text-editor.default\">\n\t\t\t\t<div class=\"elementor-widget-container\">\n\t\t\t\t\t\t\t\t\t<h3>Comment comm\u00e9more-t-on le 9 mai dans les pays de l&#8217;Union Europ\u00e9enne ?<\/h3>\t\t\t\t\t\t\t\t<\/div>\n\t\t\t\t<\/div>\n\t\t\t\t\t<\/div>\n\t\t<\/div>\n\t\t\t\t\t<\/div>\n\t\t<\/section>\n\t\t\t\t<section class=\"elementor-section elementor-top-section elementor-element elementor-element-750000d elementor-section-boxed elementor-section-height-default elementor-section-height-default\" data-id=\"750000d\" data-element_type=\"section\">\n\t\t\t\t\t\t<div class=\"elementor-container elementor-column-gap-default\">\n\t\t\t\t\t<div class=\"elementor-column elementor-col-100 elementor-top-column elementor-element elementor-element-3068a53\" data-id=\"3068a53\" data-element_type=\"column\">\n\t\t\t<div class=\"elementor-widget-wrap elementor-element-populated\">\n\t\t\t\t\t\t<div class=\"elementor-element elementor-element-cad9000 elementor-widget elementor-widget-text-editor\" data-id=\"cad9000\" data-element_type=\"widget\" data-widget_type=\"text-editor.default\">\n\t\t\t\t<div class=\"elementor-widget-container\">\n\t\t\t\t\t\t\t\t\t<p>La Journ\u00e9e de l&#8217;Europe est c\u00e9l\u00e9br\u00e9e de diff\u00e9rentes mani\u00e8res dans les pays de l&#8217;Union europ\u00e9enne (UE), avec des \u00e9v\u00e9nements organis\u00e9s \u00e0 diff\u00e9rents niveaux, des activit\u00e9s \u00e9ducatives et culturelles, ainsi que des manifestations symboliques. <br \/>On retrouve souvent, des discours officiels, des \u00e9v\u00e8nements publics comme des concerts ou des expositions ou encore des activit\u00e9s \u00e9ducatives qui visent \u00e0 sensibiliser les jeunes \u00e0 l&#8217;Union europ\u00e9enne.<\/p><p>Les <a href=\"https:\/\/www.macapflag.com\/drapeau-pays-avec-hampe\/684-drapeau-d-ornement-et-de-defile-union-europeenne.html\"><strong><span style=\"color: #3366ff;\">drapeaux<\/span> <\/strong><\/a>et symboles europ\u00e9ens tel l&#8217;hymne (l&#8217;ode \u00e0 la joie de Beethoven) sont bien s\u00fbr mis en avant en ce jour particulier.<\/p>\t\t\t\t\t\t\t\t<\/div>\n\t\t\t\t<\/div>\n\t\t\t\t\t<\/div>\n\t\t<\/div>\n\t\t\t\t\t<\/div>\n\t\t<\/section>\n\t\t\t\t<section class=\"elementor-section elementor-top-section elementor-element elementor-element-a379bd6 elementor-section-boxed elementor-section-height-default elementor-section-height-default\" data-id=\"a379bd6\" data-element_type=\"section\">\n\t\t\t\t\t\t<div class=\"elementor-container elementor-column-gap-default\">\n\t\t\t\t\t<div class=\"elementor-column elementor-col-100 elementor-top-column elementor-element elementor-element-91d6aee\" data-id=\"91d6aee\" data-element_type=\"column\">\n\t\t\t<div class=\"elementor-widget-wrap elementor-element-populated\">\n\t\t\t\t\t\t<div class=\"elementor-element elementor-element-e3c9c73 elementor-widget elementor-widget-text-editor\" data-id=\"e3c9c73\" data-element_type=\"widget\" data-widget_type=\"text-editor.default\">\n\t\t\t\t<div class=\"elementor-widget-container\">\n\t\t\t\t\t\t\t\t\t<h3>Depuis quand comm\u00e9more-t-on le 9 mai en France ?<\/h3>\t\t\t\t\t\t\t\t<\/div>\n\t\t\t\t<\/div>\n\t\t\t\t\t<\/div>\n\t\t<\/div>\n\t\t\t\t\t<\/div>\n\t\t<\/section>\n\t\t\t\t<section class=\"elementor-section elementor-top-section elementor-element elementor-element-8edd48b elementor-section-boxed elementor-section-height-default elementor-section-height-default\" data-id=\"8edd48b\" data-element_type=\"section\">\n\t\t\t\t\t\t<div class=\"elementor-container elementor-column-gap-default\">\n\t\t\t\t\t<div class=\"elementor-column elementor-col-33 elementor-top-column elementor-element elementor-element-d71672d\" data-id=\"d71672d\" data-element_type=\"column\">\n\t\t\t<div class=\"elementor-widget-wrap elementor-element-populated\">\n\t\t\t\t\t\t<div class=\"elementor-element elementor-element-b320b5d elementor-widget elementor-widget-image\" data-id=\"b320b5d\" data-element_type=\"widget\" data-widget_type=\"image.default\">\n\t\t\t\t<div class=\"elementor-widget-container\">\n\t\t\t\t\t\t\t\t\t\t\t\t\t\t\t<img decoding=\"async\" width=\"171\" height=\"142\" src=\"https:\/\/www.macapflag.com\/blog\/wp-content\/uploads\/2023\/02\/Date-decision-commemoration.jpg\" class=\"attachment-large size-large wp-image-12576\" alt=\"Qui d\u00e9cide des journ\u00e9es nationales de comm\u00e9morations\" \/>\t\t\t\t\t\t\t\t\t\t\t\t\t\t\t<\/div>\n\t\t\t\t<\/div>\n\t\t\t\t\t<\/div>\n\t\t<\/div>\n\t\t\t\t<div class=\"elementor-column elementor-col-66 elementor-top-column elementor-element elementor-element-71c5e42\" data-id=\"71c5e42\" data-element_type=\"column\">\n\t\t\t<div class=\"elementor-widget-wrap elementor-element-populated\">\n\t\t\t\t\t\t<div class=\"elementor-element elementor-element-ecc2da5 elementor-widget elementor-widget-text-editor\" data-id=\"ecc2da5\" data-element_type=\"widget\" data-widget_type=\"text-editor.default\">\n\t\t\t\t<div class=\"elementor-widget-container\">\n\t\t\t\t\t\t\t\t\t<p>La journ\u00e9e de l\u2019Europe est c\u00e9l\u00e9br\u00e9e <strong>depuis 1986<\/strong>, apr\u00e8s avoir \u00e9t\u00e9 officiellement instaur\u00e9e par les dirigeants europ\u00e9ens au Conseil europ\u00e9en de Milan en juin 1985.<br \/>Au Luxembourg, depuis 2019, la journ\u00e9e du 9 mai est m\u00eame devenue un jour f\u00e9ri\u00e9 l\u00e9gal.<\/p>\t\t\t\t\t\t\t\t<\/div>\n\t\t\t\t<\/div>\n\t\t\t\t\t<\/div>\n\t\t<\/div>\n\t\t\t\t\t<\/div>\n\t\t<\/section>\n\t\t\t\t<section class=\"elementor-section elementor-top-section elementor-element elementor-element-e52218c elementor-section-boxed elementor-section-height-default elementor-section-height-default\" data-id=\"e52218c\" data-element_type=\"section\">\n\t\t\t\t\t\t<div class=\"elementor-container elementor-column-gap-default\">\n\t\t\t\t\t<div class=\"elementor-column elementor-col-100 elementor-top-column elementor-element elementor-element-6af55b0\" data-id=\"6af55b0\" data-element_type=\"column\">\n\t\t\t<div class=\"elementor-widget-wrap elementor-element-populated\">\n\t\t\t\t\t\t<div class=\"elementor-element elementor-element-fea30ee elementor-widget elementor-widget-text-editor\" data-id=\"fea30ee\" data-element_type=\"widget\" data-widget_type=\"text-editor.default\">\n\t\t\t\t<div class=\"elementor-widget-container\">\n\t\t\t\t\t\t\t\t\t<h3>Comment pavoise-t-on les \u00e9difices officiels le 9 mai ?<\/h3>\t\t\t\t\t\t\t\t<\/div>\n\t\t\t\t<\/div>\n\t\t\t\t\t<\/div>\n\t\t<\/div>\n\t\t\t\t\t<\/div>\n\t\t<\/section>\n\t\t\t\t<section class=\"elementor-section elementor-top-section elementor-element elementor-element-a6d79bb elementor-section-boxed elementor-section-height-default elementor-section-height-default\" data-id=\"a6d79bb\" data-element_type=\"section\">\n\t\t\t\t\t\t<div class=\"elementor-container elementor-column-gap-default\">\n\t\t\t\t\t<div class=\"elementor-column elementor-col-33 elementor-top-column elementor-element elementor-element-963f916\" data-id=\"963f916\" data-element_type=\"column\">\n\t\t\t<div class=\"elementor-widget-wrap elementor-element-populated\">\n\t\t\t\t\t\t<div class=\"elementor-element elementor-element-aba4f33 elementor-widget elementor-widget-image\" data-id=\"aba4f33\" data-element_type=\"widget\" data-widget_type=\"image.default\">\n\t\t\t\t<div class=\"elementor-widget-container\">\n\t\t\t\t\t\t\t\t\t\t\t\t\t\t\t<img decoding=\"async\" width=\"171\" height=\"142\" src=\"https:\/\/www.macapflag.com\/blog\/wp-content\/uploads\/2023\/02\/pavoisement-drapeau-France.jpg\" class=\"attachment-large size-large wp-image-12577\" alt=\"Pavoisement \u00e9difices publics\" \/>\t\t\t\t\t\t\t\t\t\t\t\t\t\t\t<\/div>\n\t\t\t\t<\/div>\n\t\t\t\t\t<\/div>\n\t\t<\/div>\n\t\t\t\t<div class=\"elementor-column elementor-col-66 elementor-top-column elementor-element elementor-element-501e22d\" data-id=\"501e22d\" data-element_type=\"column\">\n\t\t\t<div class=\"elementor-widget-wrap elementor-element-populated\">\n\t\t\t\t\t\t<div class=\"elementor-element elementor-element-b1141e9 elementor-widget elementor-widget-text-editor\" data-id=\"b1141e9\" data-element_type=\"widget\" data-widget_type=\"text-editor.default\">\n\t\t\t\t<div class=\"elementor-widget-container\">\n\t\t\t\t\t\t\t\t\t<p>Si le pavoisement des \u00e9difices publics n\u2019est pas obligatoire tous les jours de l\u2019ann\u00e9e, l\u2019usage r\u00e9publicain veut que le drapeau tricolore y flotte continuellement. <br \/>Lors des 14 journ\u00e9es officielles, le drapeau France aux couleurs bleu, blanc, rouge doit obligatoirement flotter sur les fa\u00e7ades des \u00e9difices et des b\u00e2timents publics. <br \/>Cette journ\u00e9e du 9 mai est la <strong>seule des 14 jours obligatoires de pavoisement o\u00f9 le double pavoisement europ\u00e9en et fran\u00e7ais est sp\u00e9cifi\u00e9<\/strong>.<br \/>Pour les autres jours, aucune information n&#8217;indique que le drapeau fran\u00e7ais doit \u00eatre pr\u00e9sent\u00e9 seul. Il peut donc \u00eatre accompagn\u00e9 du drapeau europ\u00e9en.<\/p>\t\t\t\t\t\t\t\t<\/div>\n\t\t\t\t<\/div>\n\t\t\t\t\t<\/div>\n\t\t<\/div>\n\t\t\t\t\t<\/div>\n\t\t<\/section>\n\t\t\t\t<section class=\"elementor-section elementor-top-section elementor-element elementor-element-54e53a35 elementor-section-boxed elementor-section-height-default elementor-section-height-default\" data-id=\"54e53a35\" data-element_type=\"section\">\n\t\t\t\t\t\t<div class=\"elementor-container elementor-column-gap-default\">\n\t\t\t\t\t<div class=\"elementor-column elementor-col-100 elementor-top-column elementor-element elementor-element-2dc5714e\" data-id=\"2dc5714e\" data-element_type=\"column\">\n\t\t\t<div class=\"elementor-widget-wrap elementor-element-populated\">\n\t\t\t\t\t\t<div class=\"elementor-element elementor-element-75e82df3 elementor-widget-divider--view-line elementor-widget elementor-widget-divider\" data-id=\"75e82df3\" data-element_type=\"widget\" data-widget_type=\"divider.default\">\n\t\t\t\t<div class=\"elementor-widget-container\">\n\t\t\t\t\t\t\t<div class=\"elementor-divider\">\n\t\t\t<span class=\"elementor-divider-separator\">\n\t\t\t\t\t\t<\/span>\n\t\t<\/div>\n\t\t\t\t\t\t<\/div>\n\t\t\t\t<\/div>\n\t\t\t\t\t<\/div>\n\t\t<\/div>\n\t\t\t\t\t<\/div>\n\t\t<\/section>\n\t\t\t\t<section class=\"elementor-section elementor-top-section elementor-element elementor-element-45208d7 elementor-section-boxed elementor-section-height-default elementor-section-height-default\" data-id=\"45208d7\" data-element_type=\"section\">\n\t\t\t\t\t\t<div class=\"elementor-container elementor-column-gap-default\">\n\t\t\t\t\t<div class=\"elementor-column elementor-col-100 elementor-top-column elementor-element elementor-element-43c3f8c\" data-id=\"43c3f8c\" data-element_type=\"column\">\n\t\t\t<div class=\"elementor-widget-wrap elementor-element-populated\">\n\t\t\t\t\t\t<div class=\"elementor-element elementor-element-91c1ec7 elementor-widget elementor-widget-text-editor\" data-id=\"91c1ec7\" data-element_type=\"widget\" data-widget_type=\"text-editor.default\">\n\t\t\t\t<div class=\"elementor-widget-container\">\n\t\t\t\t\t\t\t\t\t<h3>Commandez en ligne les drapeaux fran\u00e7ais et europ\u00e9ens\u00a0 officiels<\/h3>\t\t\t\t\t\t\t\t<\/div>\n\t\t\t\t<\/div>\n\t\t\t\t\t<\/div>\n\t\t<\/div>\n\t\t\t\t\t<\/div>\n\t\t<\/section>\n\t\t\t\t<section class=\"elementor-section elementor-top-section elementor-element elementor-element-5ca3d78 elementor-section-boxed elementor-section-height-default elementor-section-height-default\" data-id=\"5ca3d78\" data-element_type=\"section\">\n\t\t\t\t\t\t<div class=\"elementor-container elementor-column-gap-default\">\n\t\t\t\t\t<div class=\"elementor-column elementor-col-50 elementor-top-column elementor-element elementor-element-f972e6f\" data-id=\"f972e6f\" data-element_type=\"column\">\n\t\t\t<div class=\"elementor-widget-wrap elementor-element-populated\">\n\t\t\t\t\t\t<div class=\"elementor-element elementor-element-a0d178e elementor-widget elementor-widget-shortcode\" data-id=\"a0d178e\" data-element_type=\"widget\" data-widget_type=\"shortcode.default\">\n\t\t\t\t<div class=\"elementor-widget-container\">\n\t\t\t\t\t\t\t<div class=\"elementor-shortcode\"><div class=\"container p-0 m-0\">\n    <div class=\"row m-0 border\">\n        <div class=\"col-12 grid-didpd-body text-center\">\n            <img decoding=\"async\" src=\"https:\/\/www.macapflag.com\/1857560-home_default\/drapeau-francais-officiel.jpg\" alt=\"Drapeau fran&ccedil;ais officiel\" class=\"mx-auto\" \/>\n            <div class=\"grid-didpd-text\">\n                <a href=\"https:\/\/www.macapflag.com\/drapeau-pays-pour-mat\/33-drapeau-francais-officiel.html\" target=\"_blank\" class=\"stretched-link\">\n                    <h3>Drapeau fran\u00e7ais officiel<\/h3>\n                <\/a>\n            <\/div>\n                        <p class=\"text-center font-weight-bold\">6,00 \u20ac HT<\/p>            <div class=\"text-center\">\n                <button class=\"btn btn-primary\">J'ach\u00e8te en ligne<\/button>\n            <\/div>\n        <\/div>\n    <\/div>\n<\/div>\n<\/div>\n\t\t\t\t\t\t<\/div>\n\t\t\t\t<\/div>\n\t\t\t\t\t<\/div>\n\t\t<\/div>\n\t\t\t\t<div class=\"elementor-column elementor-col-50 elementor-top-column elementor-element elementor-element-846a674\" data-id=\"846a674\" data-element_type=\"column\">\n\t\t\t<div class=\"elementor-widget-wrap elementor-element-populated\">\n\t\t\t\t\t\t<div class=\"elementor-element elementor-element-2d02823 elementor-widget elementor-widget-shortcode\" data-id=\"2d02823\" data-element_type=\"widget\" data-widget_type=\"shortcode.default\">\n\t\t\t\t<div class=\"elementor-widget-container\">\n\t\t\t\t\t\t\t<div class=\"elementor-shortcode\"><div class=\"container p-0 m-0\">\n    <div class=\"row m-0 border\">\n        <div class=\"col-12 grid-didpd-body text-center\">\n            <img decoding=\"async\" src=\"https:\/\/www.macapflag.com\/231648-home_default\/drapeau-de-l-union-europeenne-officiel.jpg\" alt=\"Drapeau Union Europ&eacute;enne officiel\" class=\"mx-auto\" \/>\n            <div class=\"grid-didpd-text\">\n                <a href=\"https:\/\/www.macapflag.com\/drapeau-pays-pour-mat\/35-drapeau-de-l-union-europeenne-officiel.html\" target=\"_blank\" class=\"stretched-link\">\n                    <h3>Drapeau Union Europ\u00e9enne officiel<\/h3>\n                <\/a>\n            <\/div>\n                        <p class=\"text-center font-weight-bold\">8,50 \u20ac HT<\/p>            <div class=\"text-center\">\n                <button class=\"btn btn-primary\">J'ach\u00e8te en ligne<\/button>\n            <\/div>\n        <\/div>\n    <\/div>\n<\/div>\n<\/div>\n\t\t\t\t\t\t<\/div>\n\t\t\t\t<\/div>\n\t\t\t\t\t<\/div>\n\t\t<\/div>\n\t\t\t\t\t<\/div>\n\t\t<\/section>\n\t\t\t\t<section class=\"elementor-section elementor-top-section elementor-element elementor-element-e63e896 elementor-section-boxed elementor-section-height-default elementor-section-height-default\" data-id=\"e63e896\" data-element_type=\"section\">\n\t\t\t\t\t\t<div class=\"elementor-container elementor-column-gap-default\">\n\t\t\t\t\t<div class=\"elementor-column elementor-col-50 elementor-top-column elementor-element elementor-element-431449a\" data-id=\"431449a\" data-element_type=\"column\">\n\t\t\t<div class=\"elementor-widget-wrap elementor-element-populated\">\n\t\t\t\t\t\t<div class=\"elementor-element elementor-element-ef62e89 elementor-widget elementor-widget-shortcode\" data-id=\"ef62e89\" data-element_type=\"widget\" data-widget_type=\"shortcode.default\">\n\t\t\t\t<div class=\"elementor-widget-container\">\n\t\t\t\t\t\t\t<div class=\"elementor-shortcode\"><div class=\"container p-0 m-0\">\n    <div class=\"row m-0 border\">\n        <div class=\"col-12 grid-didpd-body text-center\">\n            <img decoding=\"async\" src=\"https:\/\/www.macapflag.com\/1857567-home_default\/drapeau-officiel-classique-union-europeenne.jpg\" alt=\"Drapeau UE officiel sur hampe\" class=\"mx-auto\" \/>\n            <div class=\"grid-didpd-text\">\n                <a href=\"https:\/\/www.macapflag.com\/drapeau-pays-avec-hampe\/304-drapeau-officiel-classique-union-europeenne.html\" target=\"_blank\" class=\"stretched-link\">\n                    <h3>Drapeau UE officiel sur hampe<\/h3>\n                <\/a>\n            <\/div>\n                        <p class=\"text-center font-weight-bold\">11,50 \u20ac HT<\/p>            <div class=\"text-center\">\n                <button class=\"btn btn-primary\">J'ach\u00e8te en ligne<\/button>\n            <\/div>\n        <\/div>\n    <\/div>\n<\/div>\n<\/div>\n\t\t\t\t\t\t<\/div>\n\t\t\t\t<\/div>\n\t\t\t\t\t<\/div>\n\t\t<\/div>\n\t\t\t\t<div class=\"elementor-column elementor-col-50 elementor-top-column elementor-element elementor-element-6244a99\" data-id=\"6244a99\" data-element_type=\"column\">\n\t\t\t<div class=\"elementor-widget-wrap elementor-element-populated\">\n\t\t\t\t\t\t<div class=\"elementor-element elementor-element-8528561 elementor-widget elementor-widget-shortcode\" data-id=\"8528561\" data-element_type=\"widget\" data-widget_type=\"shortcode.default\">\n\t\t\t\t<div class=\"elementor-widget-container\">\n\t\t\t\t\t\t\t<div class=\"elementor-shortcode\"><div class=\"container p-0 m-0\">\n    <div class=\"row m-0 border\">\n        <div class=\"col-12 grid-didpd-body text-center\">\n            <img decoding=\"async\" src=\"https:\/\/www.macapflag.com\/231771-home_default\/guirlande-officielle-union-europeenne.jpg\" alt=\"Fanions Union Europ&eacute;enne officiel\" class=\"mx-auto\" \/>\n            <div class=\"grid-didpd-text\">\n                <a href=\"https:\/\/www.macapflag.com\/guirlande-pays\/938-guirlande-officielle-union-europeenne.html\" target=\"_blank\" class=\"stretched-link\">\n                    <h3>Fanions Union Europ\u00e9enne officiel<\/h3>\n                <\/a>\n            <\/div>\n                        <p class=\"text-center font-weight-bold\">45,00 \u20ac HT<\/p>            <div class=\"text-center\">\n                <button class=\"btn btn-primary\">J'ach\u00e8te en ligne<\/button>\n            <\/div>\n        <\/div>\n    <\/div>\n<\/div>\n<\/div>\n\t\t\t\t\t\t<\/div>\n\t\t\t\t<\/div>\n\t\t\t\t\t<\/div>\n\t\t<\/div>\n\t\t\t\t\t<\/div>\n\t\t<\/section>\n\t\t\t\t<\/div>\n\t\t","protected":false},"excerpt":{"rendered":"<div class=\"tmnf_excerpt\"><p>Un calendrier officiel de pavoisement des \u00e9difices et des b\u00e2timents publics est \u00e9dit\u00e9 chaque ann\u00e9e. Il r\u00e9pertorie les quatorze journ\u00e9es de pavoisement r\u00e9glementaire des b\u00e2timents et des \u00e9difices publics avec le drapeau fran\u00e7ais tricolore. Ces journ\u00e9es comm\u00e9moratives entretiennent notre devoir de m\u00e9moire tout en permettant aussi de le partager avec les jeunes g\u00e9n\u00e9rations. 5 infos &hellip;<\/p>\n<\/div>","protected":false},"author":2,"featured_media":12605,"comment_status":"closed","ping_status":"open","sticky":false,"template":"template-fullwidth.php","format":"standard","meta":{"footnotes":""},"categories":[92],"tags":[],"class_list":["post-12634","post","type-post","status-publish","format-standard","has-post-thumbnail","hentry","category-news"],"yoast_head":"<!-- This site is optimized with the Yoast SEO plugin v26.4 - https:\/\/yoast.com\/wordpress\/plugins\/seo\/ -->\n<title>Le 9 mai, journ\u00e9e de l&#039;Europe en France et dans les pays de l&#039;Union<\/title>\n<meta name=\"description\" content=\"9 mai, journ\u00e9e de l&#039;Europe en France et dans tous les pays de l&#039;Union. La journ\u00e9e du 9 mai est un symbole fort de l&#039;Union Europ\u00e9enne\" \/>\n<meta name=\"robots\" content=\"index, follow, max-snippet:-1, max-image-preview:large, max-video-preview:-1\" \/>\n<link rel=\"canonical\" href=\"https:\/\/www.macapflag.com\/blog\/9-mai\/\" \/>\n<meta property=\"og:locale\" content=\"fr_FR\" \/>\n<meta property=\"og:type\" content=\"article\" \/>\n<meta property=\"og:title\" content=\"Le 9 mai, journ\u00e9e de l&#039;Europe en France et dans les pays de l&#039;Union\" \/>\n<meta property=\"og:description\" content=\"9 mai, journ\u00e9e de l&#039;Europe en France et dans tous les pays de l&#039;Union. La journ\u00e9e du 9 mai est un symbole fort de l&#039;Union Europ\u00e9enne\" \/>\n<meta property=\"og:url\" content=\"https:\/\/www.macapflag.com\/blog\/9-mai\/\" \/>\n<meta property=\"og:site_name\" content=\"Blog - Macap\" \/>\n<meta property=\"article:publisher\" content=\"https:\/\/www.facebook.com\/macap.pavoisement\/\" \/>\n<meta property=\"article:published_time\" content=\"2025-05-09T06:10:17+00:00\" \/>\n<meta property=\"og:image\" content=\"https:\/\/www.macapflag.com\/blog\/wp-content\/uploads\/2023\/02\/9-mai-journee-nationale-pavoisement.jpg\" \/>\n\t<meta property=\"og:image:width\" content=\"870\" \/>\n\t<meta property=\"og:image:height\" content=\"600\" \/>\n\t<meta property=\"og:image:type\" content=\"image\/jpeg\" \/>\n<meta name=\"author\" content=\"Blog Macap\" \/>\n<meta name=\"twitter:card\" content=\"summary_large_image\" \/>\n<meta name=\"twitter:label1\" content=\"\u00c9crit par\" \/>\n\t<meta name=\"twitter:data1\" content=\"Blog Macap\" \/>\n\t<meta name=\"twitter:label2\" content=\"Dur\u00e9e de lecture estim\u00e9e\" \/>\n\t<meta name=\"twitter:data2\" content=\"4 minutes\" \/>\n<script type=\"application\/ld+json\" class=\"yoast-schema-graph\">{\"@context\":\"https:\/\/schema.org\",\"@graph\":[{\"@type\":\"Article\",\"@id\":\"https:\/\/www.macapflag.com\/blog\/9-mai\/#article\",\"isPartOf\":{\"@id\":\"https:\/\/www.macapflag.com\/blog\/9-mai\/\"},\"author\":{\"name\":\"Blog Macap\",\"@id\":\"https:\/\/www.macapflag.com\/blog\/#\/schema\/person\/3fea701f2603875e651e6b662578fc3c\"},\"headline\":\"Journ\u00e9e de pavoisement du 9 mai 2025\",\"datePublished\":\"2025-05-09T06:10:17+00:00\",\"mainEntityOfPage\":{\"@id\":\"https:\/\/www.macapflag.com\/blog\/9-mai\/\"},\"wordCount\":719,\"publisher\":{\"@id\":\"https:\/\/www.macapflag.com\/blog\/#organization\"},\"image\":{\"@id\":\"https:\/\/www.macapflag.com\/blog\/9-mai\/#primaryimage\"},\"thumbnailUrl\":\"https:\/\/www.macapflag.com\/blog\/wp-content\/uploads\/2023\/02\/9-mai-journee-nationale-pavoisement.jpg\",\"articleSection\":[\"News &amp; Actu\"],\"inLanguage\":\"fr-FR\"},{\"@type\":\"WebPage\",\"@id\":\"https:\/\/www.macapflag.com\/blog\/9-mai\/\",\"url\":\"https:\/\/www.macapflag.com\/blog\/9-mai\/\",\"name\":\"Le 9 mai, journ\u00e9e de l'Europe en France et dans les pays de l'Union\",\"isPartOf\":{\"@id\":\"https:\/\/www.macapflag.com\/blog\/#website\"},\"primaryImageOfPage\":{\"@id\":\"https:\/\/www.macapflag.com\/blog\/9-mai\/#primaryimage\"},\"image\":{\"@id\":\"https:\/\/www.macapflag.com\/blog\/9-mai\/#primaryimage\"},\"thumbnailUrl\":\"https:\/\/www.macapflag.com\/blog\/wp-content\/uploads\/2023\/02\/9-mai-journee-nationale-pavoisement.jpg\",\"datePublished\":\"2025-05-09T06:10:17+00:00\",\"description\":\"9 mai, journ\u00e9e de l'Europe en France et dans tous les pays de l'Union. La journ\u00e9e du 9 mai est un symbole fort de l'Union Europ\u00e9enne\",\"breadcrumb\":{\"@id\":\"https:\/\/www.macapflag.com\/blog\/9-mai\/#breadcrumb\"},\"inLanguage\":\"fr-FR\",\"potentialAction\":[{\"@type\":\"ReadAction\",\"target\":[\"https:\/\/www.macapflag.com\/blog\/9-mai\/\"]}]},{\"@type\":\"ImageObject\",\"inLanguage\":\"fr-FR\",\"@id\":\"https:\/\/www.macapflag.com\/blog\/9-mai\/#primaryimage\",\"url\":\"https:\/\/www.macapflag.com\/blog\/wp-content\/uploads\/2023\/02\/9-mai-journee-nationale-pavoisement.jpg\",\"contentUrl\":\"https:\/\/www.macapflag.com\/blog\/wp-content\/uploads\/2023\/02\/9-mai-journee-nationale-pavoisement.jpg\",\"width\":870,\"height\":600,\"caption\":\"Pavoisement r\u00e9glementaire 9 mai, journ\u00e9e de l'Europe\"},{\"@type\":\"BreadcrumbList\",\"@id\":\"https:\/\/www.macapflag.com\/blog\/9-mai\/#breadcrumb\",\"itemListElement\":[{\"@type\":\"ListItem\",\"position\":1,\"name\":\"Accueil\",\"item\":\"https:\/\/www.macapflag.com\/blog\/\"},{\"@type\":\"ListItem\",\"position\":2,\"name\":\"Journ\u00e9e de pavoisement du 9 mai 2025\"}]},{\"@type\":\"WebSite\",\"@id\":\"https:\/\/www.macapflag.com\/blog\/#website\",\"url\":\"https:\/\/www.macapflag.com\/blog\/\",\"name\":\"Blog - Macap\",\"description\":\"Tous nos articles\",\"publisher\":{\"@id\":\"https:\/\/www.macapflag.com\/blog\/#organization\"},\"potentialAction\":[{\"@type\":\"SearchAction\",\"target\":{\"@type\":\"EntryPoint\",\"urlTemplate\":\"https:\/\/www.macapflag.com\/blog\/?s={search_term_string}\"},\"query-input\":{\"@type\":\"PropertyValueSpecification\",\"valueRequired\":true,\"valueName\":\"search_term_string\"}}],\"inLanguage\":\"fr-FR\"},{\"@type\":\"Organization\",\"@id\":\"https:\/\/www.macapflag.com\/blog\/#organization\",\"name\":\"macapflag\",\"url\":\"https:\/\/www.macapflag.com\/blog\/\",\"logo\":{\"@type\":\"ImageObject\",\"inLanguage\":\"fr-FR\",\"@id\":\"https:\/\/www.macapflag.com\/blog\/#\/schema\/logo\/image\/\",\"url\":\"https:\/\/www.macapflag.com\/blog\/wp-content\/uploads\/2020\/12\/cropped-M-512-1.png\",\"contentUrl\":\"https:\/\/www.macapflag.com\/blog\/wp-content\/uploads\/2020\/12\/cropped-M-512-1.png\",\"width\":512,\"height\":512,\"caption\":\"macapflag\"},\"image\":{\"@id\":\"https:\/\/www.macapflag.com\/blog\/#\/schema\/logo\/image\/\"},\"sameAs\":[\"https:\/\/www.facebook.com\/macap.pavoisement\/\",\"https:\/\/www.instagram.com\/macapflag\/?hl=fr\",\"https:\/\/www.linkedin.com\/company\/macap\/?originalSubdomain=fr\",\"https:\/\/www.youtube.com\/channel\/UCXNzTIdZh9poEBjSXEqDtNw\"]},{\"@type\":\"Person\",\"@id\":\"https:\/\/www.macapflag.com\/blog\/#\/schema\/person\/3fea701f2603875e651e6b662578fc3c\",\"name\":\"Blog Macap\",\"image\":{\"@type\":\"ImageObject\",\"inLanguage\":\"fr-FR\",\"@id\":\"https:\/\/www.macapflag.com\/blog\/#\/schema\/person\/image\/\",\"url\":\"https:\/\/secure.gravatar.com\/avatar\/c12551f2dc51f0db049633b03e7856985477a70da834cc8967dea4ce54bdd6a2?s=96&d=mm&r=g\",\"contentUrl\":\"https:\/\/secure.gravatar.com\/avatar\/c12551f2dc51f0db049633b03e7856985477a70da834cc8967dea4ce54bdd6a2?s=96&d=mm&r=g\",\"caption\":\"Blog Macap\"},\"url\":\"https:\/\/www.macapflag.com\/blog\/author\/macap\/\"}]}<\/script>\n<!-- \/ Yoast SEO plugin. -->","yoast_head_json":{"title":"Le 9 mai, journ\u00e9e de l'Europe en France et dans les pays de l'Union","description":"9 mai, journ\u00e9e de l'Europe en France et dans tous les pays de l'Union. La journ\u00e9e du 9 mai est un symbole fort de l'Union Europ\u00e9enne","robots":{"index":"index","follow":"follow","max-snippet":"max-snippet:-1","max-image-preview":"max-image-preview:large","max-video-preview":"max-video-preview:-1"},"canonical":"https:\/\/www.macapflag.com\/blog\/9-mai\/","og_locale":"fr_FR","og_type":"article","og_title":"Le 9 mai, journ\u00e9e de l'Europe en France et dans les pays de l'Union","og_description":"9 mai, journ\u00e9e de l'Europe en France et dans tous les pays de l'Union. La journ\u00e9e du 9 mai est un symbole fort de l'Union Europ\u00e9enne","og_url":"https:\/\/www.macapflag.com\/blog\/9-mai\/","og_site_name":"Blog - Macap","article_publisher":"https:\/\/www.facebook.com\/macap.pavoisement\/","article_published_time":"2025-05-09T06:10:17+00:00","og_image":[{"width":870,"height":600,"url":"https:\/\/www.macapflag.com\/blog\/wp-content\/uploads\/2023\/02\/9-mai-journee-nationale-pavoisement.jpg","type":"image\/jpeg"}],"author":"Blog Macap","twitter_card":"summary_large_image","twitter_misc":{"\u00c9crit par":"Blog Macap","Dur\u00e9e de lecture estim\u00e9e":"4 minutes"},"schema":{"@context":"https:\/\/schema.org","@graph":[{"@type":"Article","@id":"https:\/\/www.macapflag.com\/blog\/9-mai\/#article","isPartOf":{"@id":"https:\/\/www.macapflag.com\/blog\/9-mai\/"},"author":{"name":"Blog Macap","@id":"https:\/\/www.macapflag.com\/blog\/#\/schema\/person\/3fea701f2603875e651e6b662578fc3c"},"headline":"Journ\u00e9e de pavoisement du 9 mai 2025","datePublished":"2025-05-09T06:10:17+00:00","mainEntityOfPage":{"@id":"https:\/\/www.macapflag.com\/blog\/9-mai\/"},"wordCount":719,"publisher":{"@id":"https:\/\/www.macapflag.com\/blog\/#organization"},"image":{"@id":"https:\/\/www.macapflag.com\/blog\/9-mai\/#primaryimage"},"thumbnailUrl":"https:\/\/www.macapflag.com\/blog\/wp-content\/uploads\/2023\/02\/9-mai-journee-nationale-pavoisement.jpg","articleSection":["News &amp; Actu"],"inLanguage":"fr-FR"},{"@type":"WebPage","@id":"https:\/\/www.macapflag.com\/blog\/9-mai\/","url":"https:\/\/www.macapflag.com\/blog\/9-mai\/","name":"Le 9 mai, journ\u00e9e de l'Europe en France et dans les pays de l'Union","isPartOf":{"@id":"https:\/\/www.macapflag.com\/blog\/#website"},"primaryImageOfPage":{"@id":"https:\/\/www.macapflag.com\/blog\/9-mai\/#primaryimage"},"image":{"@id":"https:\/\/www.macapflag.com\/blog\/9-mai\/#primaryimage"},"thumbnailUrl":"https:\/\/www.macapflag.com\/blog\/wp-content\/uploads\/2023\/02\/9-mai-journee-nationale-pavoisement.jpg","datePublished":"2025-05-09T06:10:17+00:00","description":"9 mai, journ\u00e9e de l'Europe en France et dans tous les pays de l'Union. La journ\u00e9e du 9 mai est un symbole fort de l'Union Europ\u00e9enne","breadcrumb":{"@id":"https:\/\/www.macapflag.com\/blog\/9-mai\/#breadcrumb"},"inLanguage":"fr-FR","potentialAction":[{"@type":"ReadAction","target":["https:\/\/www.macapflag.com\/blog\/9-mai\/"]}]},{"@type":"ImageObject","inLanguage":"fr-FR","@id":"https:\/\/www.macapflag.com\/blog\/9-mai\/#primaryimage","url":"https:\/\/www.macapflag.com\/blog\/wp-content\/uploads\/2023\/02\/9-mai-journee-nationale-pavoisement.jpg","contentUrl":"https:\/\/www.macapflag.com\/blog\/wp-content\/uploads\/2023\/02\/9-mai-journee-nationale-pavoisement.jpg","width":870,"height":600,"caption":"Pavoisement r\u00e9glementaire 9 mai, journ\u00e9e de l'Europe"},{"@type":"BreadcrumbList","@id":"https:\/\/www.macapflag.com\/blog\/9-mai\/#breadcrumb","itemListElement":[{"@type":"ListItem","position":1,"name":"Accueil","item":"https:\/\/www.macapflag.com\/blog\/"},{"@type":"ListItem","position":2,"name":"Journ\u00e9e de pavoisement du 9 mai 2025"}]},{"@type":"WebSite","@id":"https:\/\/www.macapflag.com\/blog\/#website","url":"https:\/\/www.macapflag.com\/blog\/","name":"Blog - Macap","description":"Tous nos articles","publisher":{"@id":"https:\/\/www.macapflag.com\/blog\/#organization"},"potentialAction":[{"@type":"SearchAction","target":{"@type":"EntryPoint","urlTemplate":"https:\/\/www.macapflag.com\/blog\/?s={search_term_string}"},"query-input":{"@type":"PropertyValueSpecification","valueRequired":true,"valueName":"search_term_string"}}],"inLanguage":"fr-FR"},{"@type":"Organization","@id":"https:\/\/www.macapflag.com\/blog\/#organization","name":"macapflag","url":"https:\/\/www.macapflag.com\/blog\/","logo":{"@type":"ImageObject","inLanguage":"fr-FR","@id":"https:\/\/www.macapflag.com\/blog\/#\/schema\/logo\/image\/","url":"https:\/\/www.macapflag.com\/blog\/wp-content\/uploads\/2020\/12\/cropped-M-512-1.png","contentUrl":"https:\/\/www.macapflag.com\/blog\/wp-content\/uploads\/2020\/12\/cropped-M-512-1.png","width":512,"height":512,"caption":"macapflag"},"image":{"@id":"https:\/\/www.macapflag.com\/blog\/#\/schema\/logo\/image\/"},"sameAs":["https:\/\/www.facebook.com\/macap.pavoisement\/","https:\/\/www.instagram.com\/macapflag\/?hl=fr","https:\/\/www.linkedin.com\/company\/macap\/?originalSubdomain=fr","https:\/\/www.youtube.com\/channel\/UCXNzTIdZh9poEBjSXEqDtNw"]},{"@type":"Person","@id":"https:\/\/www.macapflag.com\/blog\/#\/schema\/person\/3fea701f2603875e651e6b662578fc3c","name":"Blog Macap","image":{"@type":"ImageObject","inLanguage":"fr-FR","@id":"https:\/\/www.macapflag.com\/blog\/#\/schema\/person\/image\/","url":"https:\/\/secure.gravatar.com\/avatar\/c12551f2dc51f0db049633b03e7856985477a70da834cc8967dea4ce54bdd6a2?s=96&d=mm&r=g","contentUrl":"https:\/\/secure.gravatar.com\/avatar\/c12551f2dc51f0db049633b03e7856985477a70da834cc8967dea4ce54bdd6a2?s=96&d=mm&r=g","caption":"Blog Macap"},"url":"https:\/\/www.macapflag.com\/blog\/author\/macap\/"}]}},"_links":{"self":[{"href":"https:\/\/www.macapflag.com\/blog\/wp-json\/wp\/v2\/posts\/12634","targetHints":{"allow":["GET"]}}],"collection":[{"href":"https:\/\/www.macapflag.com\/blog\/wp-json\/wp\/v2\/posts"}],"about":[{"href":"https:\/\/www.macapflag.com\/blog\/wp-json\/wp\/v2\/types\/post"}],"author":[{"embeddable":true,"href":"https:\/\/www.macapflag.com\/blog\/wp-json\/wp\/v2\/users\/2"}],"replies":[{"embeddable":true,"href":"https:\/\/www.macapflag.com\/blog\/wp-json\/wp\/v2\/comments?post=12634"}],"version-history":[{"count":14,"href":"https:\/\/www.macapflag.com\/blog\/wp-json\/wp\/v2\/posts\/12634\/revisions"}],"predecessor-version":[{"id":19897,"href":"https:\/\/www.macapflag.com\/blog\/wp-json\/wp\/v2\/posts\/12634\/revisions\/19897"}],"wp:featuredmedia":[{"embeddable":true,"href":"https:\/\/www.macapflag.com\/blog\/wp-json\/wp\/v2\/media\/12605"}],"wp:attachment":[{"href":"https:\/\/www.macapflag.com\/blog\/wp-json\/wp\/v2\/media?parent=12634"}],"wp:term":[{"taxonomy":"category","embeddable":true,"href":"https:\/\/www.macapflag.com\/blog\/wp-json\/wp\/v2\/categories?post=12634"},{"taxonomy":"post_tag","embeddable":true,"href":"https:\/\/www.macapflag.com\/blog\/wp-json\/wp\/v2\/tags?post=12634"}],"curies":[{"name":"wp","href":"https:\/\/api.w.org\/{rel}","templated":true}]}}