{"id":12671,"date":"2025-05-27T08:01:15","date_gmt":"2025-05-27T06:01:15","guid":{"rendered":"https:\/\/www.macapflag.com\/blog\/?p=12671"},"modified":"2025-05-27T08:01:15","modified_gmt":"2025-05-27T06:01:15","slug":"27-mai","status":"publish","type":"post","link":"https:\/\/www.macapflag.com\/blog\/27-mai\/","title":{"rendered":"Journ\u00e9e de pavoisement du 27 mai 2025"},"content":{"rendered":"\t\t<div data-elementor-type=\"wp-post\" data-elementor-id=\"12671\" class=\"elementor elementor-12671\">\n\t\t\t\t\t\t<section class=\"elementor-section elementor-top-section elementor-element elementor-element-21ec692 elementor-section-boxed elementor-section-height-default elementor-section-height-default\" data-id=\"21ec692\" data-element_type=\"section\">\n\t\t\t\t\t\t<div class=\"elementor-container elementor-column-gap-default\">\n\t\t\t\t\t<div class=\"elementor-column elementor-col-100 elementor-top-column elementor-element elementor-element-7021a9e\" data-id=\"7021a9e\" data-element_type=\"column\">\n\t\t\t<div class=\"elementor-widget-wrap elementor-element-populated\">\n\t\t\t\t\t\t<div class=\"elementor-element elementor-element-5d8f3e9 elementor-widget elementor-widget-text-editor\" data-id=\"5d8f3e9\" data-element_type=\"widget\" data-widget_type=\"text-editor.default\">\n\t\t\t\t<div class=\"elementor-widget-container\">\n\t\t\t\t\t\t\t\t\t<p>Un calendrier officiel de pavoisement des \u00e9difices et des b\u00e2timents publics est \u00e9dit\u00e9 chaque ann\u00e9e. Il r\u00e9pertorie les quatorze journ\u00e9es au cours desquelles le pavoisement des b\u00e2timents et des \u00e9difices publics avec le drapeau fran\u00e7ais est obligatoire. <br \/>Ces journ\u00e9es comm\u00e9moratives renforcent notre devoir de m\u00e9moire tout en permettant aussi de le transmettre aux jeunes g\u00e9n\u00e9rations.<br \/>Elles permettent une prise de conscience des cons\u00e9quences de l&#8217;indiff\u00e9rence face aux atrocit\u00e9s commises par le r\u00e9gime nazi.\u00a0<br \/>La r\u00e9sistance et le courage de ceux qui s&#8217;y sont engag\u00e9s rappelle que chacun a une responsabilit\u00e9 de d\u00e9fendre les droits fondamentaux de tous les \u00eatres humains.<br \/>C\u2019est aussi l\u2019occasion de mettre \u00e0 l\u2019honneur les valeurs r\u00e9publicaines de libert\u00e9, d\u2019\u00e9galit\u00e9 et de fraternit\u00e9, qui ont guid\u00e9 les r\u00e9sistants dans leur combat.<br \/>De nombreuses communes organisent des c\u00e9r\u00e9monies, lectures de textes, projections de films ou rencontres avec des anciens r\u00e9sistants pour sensibiliser le grand public.<\/p>\t\t\t\t\t\t\t\t<\/div>\n\t\t\t\t<\/div>\n\t\t\t\t\t<\/div>\n\t\t<\/div>\n\t\t\t\t\t<\/div>\n\t\t<\/section>\n\t\t\t\t<section class=\"elementor-section elementor-top-section elementor-element elementor-element-8ab8bdd elementor-section-boxed elementor-section-height-default elementor-section-height-default\" data-id=\"8ab8bdd\" data-element_type=\"section\">\n\t\t\t\t\t\t<div class=\"elementor-container elementor-column-gap-default\">\n\t\t\t\t\t<div class=\"elementor-column elementor-col-100 elementor-top-column elementor-element elementor-element-c976882\" data-id=\"c976882\" data-element_type=\"column\">\n\t\t\t<div class=\"elementor-widget-wrap elementor-element-populated\">\n\t\t\t\t\t\t<div class=\"elementor-element elementor-element-57080ea elementor-widget elementor-widget-text-editor\" data-id=\"57080ea\" data-element_type=\"widget\" data-widget_type=\"text-editor.default\">\n\t\t\t\t<div class=\"elementor-widget-container\">\n\t\t\t\t\t\t\t\t\t<h2>4 infos cl\u00e9s sur cette date :<\/h2>\t\t\t\t\t\t\t\t<\/div>\n\t\t\t\t<\/div>\n\t\t\t\t\t<\/div>\n\t\t<\/div>\n\t\t\t\t\t<\/div>\n\t\t<\/section>\n\t\t\t\t<section class=\"elementor-section elementor-top-section elementor-element elementor-element-58b3cc3 elementor-section-boxed elementor-section-height-default elementor-section-height-default\" data-id=\"58b3cc3\" data-element_type=\"section\">\n\t\t\t\t\t\t<div class=\"elementor-container elementor-column-gap-default\">\n\t\t\t\t\t<div class=\"elementor-column elementor-col-100 elementor-top-column elementor-element elementor-element-b3763d7\" data-id=\"b3763d7\" data-element_type=\"column\">\n\t\t\t<div class=\"elementor-widget-wrap elementor-element-populated\">\n\t\t\t\t\t\t<div class=\"elementor-element elementor-element-674dbd5 elementor-widget elementor-widget-text-editor\" data-id=\"674dbd5\" data-element_type=\"widget\" data-widget_type=\"text-editor.default\">\n\t\t\t\t<div class=\"elementor-widget-container\">\n\t\t\t\t\t\t\t\t\t<h3>Que s\u2019est-il pass\u00e9 le 27 mai ?<\/h3>\t\t\t\t\t\t\t\t<\/div>\n\t\t\t\t<\/div>\n\t\t\t\t\t<\/div>\n\t\t<\/div>\n\t\t\t\t\t<\/div>\n\t\t<\/section>\n\t\t\t\t<section class=\"elementor-section elementor-top-section elementor-element elementor-element-a4b6763 elementor-section-boxed elementor-section-height-default elementor-section-height-default\" data-id=\"a4b6763\" data-element_type=\"section\">\n\t\t\t\t\t\t<div class=\"elementor-container elementor-column-gap-default\">\n\t\t\t\t\t<div class=\"elementor-column elementor-col-33 elementor-top-column elementor-element elementor-element-467069d\" data-id=\"467069d\" data-element_type=\"column\">\n\t\t\t<div class=\"elementor-widget-wrap elementor-element-populated\">\n\t\t\t\t\t\t<div class=\"elementor-element elementor-element-d20f257 elementor-widget elementor-widget-image\" data-id=\"d20f257\" data-element_type=\"widget\" data-widget_type=\"image.default\">\n\t\t\t\t<div class=\"elementor-widget-container\">\n\t\t\t\t\t\t\t\t\t\t\t\t\t\t\t<img decoding=\"async\" width=\"171\" height=\"142\" src=\"https:\/\/www.macapflag.com\/blog\/wp-content\/uploads\/2023\/02\/Que-sest-il-passe-a-cette-date.jpg\" class=\"attachment-large size-large wp-image-12578\" alt=\"date commemoration nationale\" \/>\t\t\t\t\t\t\t\t\t\t\t\t\t\t\t<\/div>\n\t\t\t\t<\/div>\n\t\t\t\t\t<\/div>\n\t\t<\/div>\n\t\t\t\t<div class=\"elementor-column elementor-col-66 elementor-top-column elementor-element elementor-element-8446a82\" data-id=\"8446a82\" data-element_type=\"column\">\n\t\t\t<div class=\"elementor-widget-wrap elementor-element-populated\">\n\t\t\t\t\t\t<div class=\"elementor-element elementor-element-de4cf5a elementor-widget elementor-widget-text-editor\" data-id=\"de4cf5a\" data-element_type=\"widget\" data-widget_type=\"text-editor.default\">\n\t\t\t\t<div class=\"elementor-widget-container\">\n\t\t\t\t\t\t\t\t\t<p>Le 27 mai 1943 est la date de la <strong>premi\u00e8re r\u00e9union du Conseil National de la R\u00e9sistance<\/strong> qui a eu lieu \u00e0 Paris dans l\u2019appartement de Ren\u00e9 Corbin. Elle a \u00e9t\u00e9 impuls\u00e9e par<strong> Jean Moulin<\/strong> qui souhaitait ainsi unifier les diff\u00e9rents mouvements de la R\u00e9sistance fran\u00e7aise pour mieux coordonner leurs actions.<\/p>\t\t\t\t\t\t\t\t<\/div>\n\t\t\t\t<\/div>\n\t\t\t\t\t<\/div>\n\t\t<\/div>\n\t\t\t\t\t<\/div>\n\t\t<\/section>\n\t\t\t\t<section class=\"elementor-section elementor-top-section elementor-element elementor-element-0b544b2 elementor-section-boxed elementor-section-height-default elementor-section-height-default\" data-id=\"0b544b2\" data-element_type=\"section\">\n\t\t\t\t\t\t<div class=\"elementor-container elementor-column-gap-default\">\n\t\t\t\t\t<div class=\"elementor-column elementor-col-100 elementor-top-column elementor-element elementor-element-5a24e31\" data-id=\"5a24e31\" data-element_type=\"column\">\n\t\t\t<div class=\"elementor-widget-wrap elementor-element-populated\">\n\t\t\t\t\t\t<div class=\"elementor-element elementor-element-400292c elementor-widget elementor-widget-text-editor\" data-id=\"400292c\" data-element_type=\"widget\" data-widget_type=\"text-editor.default\">\n\t\t\t\t<div class=\"elementor-widget-container\">\n\t\t\t\t\t\t\t\t\t<h3>Que comm\u00e9more-t-on en France le 27 mai ?<\/h3>\t\t\t\t\t\t\t\t<\/div>\n\t\t\t\t<\/div>\n\t\t\t\t\t<\/div>\n\t\t<\/div>\n\t\t\t\t\t<\/div>\n\t\t<\/section>\n\t\t\t\t<section class=\"elementor-section elementor-top-section elementor-element elementor-element-ac98d4c elementor-section-boxed elementor-section-height-default elementor-section-height-default\" data-id=\"ac98d4c\" data-element_type=\"section\">\n\t\t\t\t\t\t<div class=\"elementor-container elementor-column-gap-default\">\n\t\t\t\t\t<div class=\"elementor-column elementor-col-100 elementor-top-column elementor-element elementor-element-627e8d9\" data-id=\"627e8d9\" data-element_type=\"column\">\n\t\t\t<div class=\"elementor-widget-wrap elementor-element-populated\">\n\t\t\t\t\t\t<div class=\"elementor-element elementor-element-92b1ff0 elementor-widget elementor-widget-text-editor\" data-id=\"92b1ff0\" data-element_type=\"widget\" data-widget_type=\"text-editor.default\">\n\t\t\t\t<div class=\"elementor-widget-container\">\n\t\t\t\t\t\t\t\t\t<p>Cette journ\u00e9e du 27 mai permet de rendre un <strong>hommage officiel \u00e0 ceux qui ont su r\u00e9sister \u00e0 l\u2019oppression allemande<\/strong>, souvent au p\u00e9ril de leur vie. Ce devoir de m\u00e9moire permet de rappeler aux plus jeunes les notions de courage, de solidarit\u00e9, de tol\u00e9rance et de respect qui doivent perdurer dans notre pays. Cette journ\u00e9e hommage permet d\u2019organiser des travaux de r\u00e9flexion, notamment dans les \u00e9coles.<\/p><p>Le 27 mai est \u00e9galement l\u2019occasion d\u2019insister sur l\u2019universalit\u00e9 du message de la R\u00e9sistance : se lever contre l\u2019injustice, quel que soit le contexte historique.<br \/>Des \u00e9tablissements scolaires organisent des ateliers p\u00e9dagogiques, des expositions et des rencontres interg\u00e9n\u00e9rationnelles pour sensibiliser les \u00e9l\u00e8ves \u00e0 cet h\u00e9ritage.<\/p><p>Parmi les r\u00e9sistants les plus c\u00e9l\u00e8bres, on peut citer Jean Moulin ou encore Lucie et Raymond Aubrac.<br \/><strong>J<\/strong><b>ean Moulin<\/b> a \u00e9t\u00e9 chef des r\u00e9sistants. Ancien pr\u00e9fet, il rencontre le G\u00e9n\u00e9ral de Gaulle en 1941 \u00e0 Londres. Charg\u00e9 d&#8217;unifier les mouvements de r\u00e9sistants, il cr\u00e9era le\u00a0Conseil national de la r\u00e9sistance (CNR), avant d&#8217;\u00eatre arr\u00eat\u00e9, \u00e0 Lyon, par la Gestapo le 21 juin 1943. Il d\u00e9c\u00e8de lors de son transport en Allemagne, le 8 juillet de cette m\u00eame ann\u00e9e.<br \/><strong>Lucie et Raymond Aubrac<\/strong> ont marqu\u00e9 la r\u00e9sistance par leurs actions courageuses. Lucie a notamment pris de risque de faire \u00e9vader son mari \u00e0 trois reprises.\u00a0<\/p>\t\t\t\t\t\t\t\t<\/div>\n\t\t\t\t<\/div>\n\t\t\t\t\t<\/div>\n\t\t<\/div>\n\t\t\t\t\t<\/div>\n\t\t<\/section>\n\t\t\t\t<section class=\"elementor-section elementor-top-section elementor-element elementor-element-a379bd6 elementor-section-boxed elementor-section-height-default elementor-section-height-default\" data-id=\"a379bd6\" data-element_type=\"section\">\n\t\t\t\t\t\t<div class=\"elementor-container elementor-column-gap-default\">\n\t\t\t\t\t<div class=\"elementor-column elementor-col-100 elementor-top-column elementor-element elementor-element-91d6aee\" data-id=\"91d6aee\" data-element_type=\"column\">\n\t\t\t<div class=\"elementor-widget-wrap elementor-element-populated\">\n\t\t\t\t\t\t<div class=\"elementor-element elementor-element-e3c9c73 elementor-widget elementor-widget-text-editor\" data-id=\"e3c9c73\" data-element_type=\"widget\" data-widget_type=\"text-editor.default\">\n\t\t\t\t<div class=\"elementor-widget-container\">\n\t\t\t\t\t\t\t\t\t<h3>Depuis quand comm\u00e9more-t-on le 27 mai en France ?<\/h3>\t\t\t\t\t\t\t\t<\/div>\n\t\t\t\t<\/div>\n\t\t\t\t\t<\/div>\n\t\t<\/div>\n\t\t\t\t\t<\/div>\n\t\t<\/section>\n\t\t\t\t<section class=\"elementor-section elementor-top-section elementor-element elementor-element-8edd48b elementor-section-boxed elementor-section-height-default elementor-section-height-default\" data-id=\"8edd48b\" data-element_type=\"section\">\n\t\t\t\t\t\t<div class=\"elementor-container elementor-column-gap-default\">\n\t\t\t\t\t<div class=\"elementor-column elementor-col-33 elementor-top-column elementor-element elementor-element-d71672d\" data-id=\"d71672d\" data-element_type=\"column\">\n\t\t\t<div class=\"elementor-widget-wrap elementor-element-populated\">\n\t\t\t\t\t\t<div class=\"elementor-element elementor-element-b320b5d elementor-widget elementor-widget-image\" data-id=\"b320b5d\" data-element_type=\"widget\" data-widget_type=\"image.default\">\n\t\t\t\t<div class=\"elementor-widget-container\">\n\t\t\t\t\t\t\t\t\t\t\t\t\t\t\t<img decoding=\"async\" width=\"171\" height=\"142\" src=\"https:\/\/www.macapflag.com\/blog\/wp-content\/uploads\/2023\/02\/Date-decision-commemoration.jpg\" class=\"attachment-large size-large wp-image-12576\" alt=\"Qui d\u00e9cide des journ\u00e9es nationales de comm\u00e9morations\" \/>\t\t\t\t\t\t\t\t\t\t\t\t\t\t\t<\/div>\n\t\t\t\t<\/div>\n\t\t\t\t\t<\/div>\n\t\t<\/div>\n\t\t\t\t<div class=\"elementor-column elementor-col-66 elementor-top-column elementor-element elementor-element-71c5e42\" data-id=\"71c5e42\" data-element_type=\"column\">\n\t\t\t<div class=\"elementor-widget-wrap elementor-element-populated\">\n\t\t\t\t\t\t<div class=\"elementor-element elementor-element-ecc2da5 elementor-widget elementor-widget-text-editor\" data-id=\"ecc2da5\" data-element_type=\"widget\" data-widget_type=\"text-editor.default\">\n\t\t\t\t<div class=\"elementor-widget-container\">\n\t\t\t\t\t\t\t\t\t<p>La Journ\u00e9e nationale de la R\u00e9sistance a \u00e9t\u00e9 <strong>instaur\u00e9e le 19 juillet 2013<\/strong> par l\u2019Assembl\u00e9e nationale qui a adopt\u00e9 \u00e0 l\u2019unanimit\u00e9 une proposition de loi \u00e9manant du S\u00e9nat.<br \/>Elle vise \u00e0 inscrire durablement dans la m\u00e9moire collective la port\u00e9e historique de l\u2019engagement r\u00e9sistant.<\/p>\t\t\t\t\t\t\t\t<\/div>\n\t\t\t\t<\/div>\n\t\t\t\t\t<\/div>\n\t\t<\/div>\n\t\t\t\t\t<\/div>\n\t\t<\/section>\n\t\t\t\t<section class=\"elementor-section elementor-top-section elementor-element elementor-element-e52218c elementor-section-boxed elementor-section-height-default elementor-section-height-default\" data-id=\"e52218c\" data-element_type=\"section\">\n\t\t\t\t\t\t<div class=\"elementor-container elementor-column-gap-default\">\n\t\t\t\t\t<div class=\"elementor-column elementor-col-100 elementor-top-column elementor-element elementor-element-6af55b0\" data-id=\"6af55b0\" data-element_type=\"column\">\n\t\t\t<div class=\"elementor-widget-wrap elementor-element-populated\">\n\t\t\t\t\t\t<div class=\"elementor-element elementor-element-fea30ee elementor-widget elementor-widget-text-editor\" data-id=\"fea30ee\" data-element_type=\"widget\" data-widget_type=\"text-editor.default\">\n\t\t\t\t<div class=\"elementor-widget-container\">\n\t\t\t\t\t\t\t\t\t<h3>Comment pavoise-t-on les \u00e9difices officiels le 27 mai ?<\/h3>\t\t\t\t\t\t\t\t<\/div>\n\t\t\t\t<\/div>\n\t\t\t\t\t<\/div>\n\t\t<\/div>\n\t\t\t\t\t<\/div>\n\t\t<\/section>\n\t\t\t\t<section class=\"elementor-section elementor-top-section elementor-element elementor-element-a6d79bb elementor-section-boxed elementor-section-height-default elementor-section-height-default\" data-id=\"a6d79bb\" data-element_type=\"section\">\n\t\t\t\t\t\t<div class=\"elementor-container elementor-column-gap-default\">\n\t\t\t\t\t<div class=\"elementor-column elementor-col-33 elementor-top-column elementor-element elementor-element-963f916\" data-id=\"963f916\" data-element_type=\"column\">\n\t\t\t<div class=\"elementor-widget-wrap elementor-element-populated\">\n\t\t\t\t\t\t<div class=\"elementor-element elementor-element-aba4f33 elementor-widget elementor-widget-image\" data-id=\"aba4f33\" data-element_type=\"widget\" data-widget_type=\"image.default\">\n\t\t\t\t<div class=\"elementor-widget-container\">\n\t\t\t\t\t\t\t\t\t\t\t\t\t\t\t<img decoding=\"async\" width=\"171\" height=\"142\" src=\"https:\/\/www.macapflag.com\/blog\/wp-content\/uploads\/2023\/02\/pavoisement-drapeau-France.jpg\" class=\"attachment-large size-large wp-image-12577\" alt=\"Pavoisement \u00e9difices publics\" \/>\t\t\t\t\t\t\t\t\t\t\t\t\t\t\t<\/div>\n\t\t\t\t<\/div>\n\t\t\t\t\t<\/div>\n\t\t<\/div>\n\t\t\t\t<div class=\"elementor-column elementor-col-66 elementor-top-column elementor-element elementor-element-501e22d\" data-id=\"501e22d\" data-element_type=\"column\">\n\t\t\t<div class=\"elementor-widget-wrap elementor-element-populated\">\n\t\t\t\t\t\t<div class=\"elementor-element elementor-element-b1141e9 elementor-widget elementor-widget-text-editor\" data-id=\"b1141e9\" data-element_type=\"widget\" data-widget_type=\"text-editor.default\">\n\t\t\t\t<div class=\"elementor-widget-container\">\n\t\t\t\t\t\t\t\t\t<p>L\u2019usage r\u00e9publicain veut que le drapeau tricolore flotte continuellement sur les b\u00e2timents publics alors que le pavoisement tricolore n\u2019est obligatoire que lors des journ\u00e9es nationales.<\/p>\t\t\t\t\t\t\t\t<\/div>\n\t\t\t\t<\/div>\n\t\t\t\t\t<\/div>\n\t\t<\/div>\n\t\t\t\t\t<\/div>\n\t\t<\/section>\n\t\t\t\t<section class=\"elementor-section elementor-top-section elementor-element elementor-element-55cc0a7 elementor-section-boxed elementor-section-height-default elementor-section-height-default\" data-id=\"55cc0a7\" data-element_type=\"section\">\n\t\t\t\t\t\t<div class=\"elementor-container elementor-column-gap-default\">\n\t\t\t\t\t<div class=\"elementor-column elementor-col-100 elementor-top-column elementor-element elementor-element-fc1eb21\" data-id=\"fc1eb21\" data-element_type=\"column\">\n\t\t\t<div class=\"elementor-widget-wrap elementor-element-populated\">\n\t\t\t\t\t\t<div class=\"elementor-element elementor-element-6db2697 elementor-widget elementor-widget-text-editor\" data-id=\"6db2697\" data-element_type=\"widget\" data-widget_type=\"text-editor.default\">\n\t\t\t\t<div class=\"elementor-widget-container\">\n\t\t\t\t\t\t\t\t\t<p>Lors des 14 journ\u00e9es officielles, le drapeau France tricolore doit obligatoirement flotter sur les fa\u00e7ades des \u00e9difices et des b\u00e2timents publics.<br \/>Aucune information n&#8217;indique que le drapeau fran\u00e7ais doit y \u00eatre install\u00e9 seul. Il peut donc \u00eatre accompagn\u00e9 du drapeau europ\u00e9en.<\/p><p>Le pavoisement peut \u00e9galement \u00eatre accompagn\u00e9 de messages comm\u00e9moratifs sur les panneaux d\u2019information des mairies.<\/p>\t\t\t\t\t\t\t\t<\/div>\n\t\t\t\t<\/div>\n\t\t\t\t\t<\/div>\n\t\t<\/div>\n\t\t\t\t\t<\/div>\n\t\t<\/section>\n\t\t\t\t<section class=\"elementor-section elementor-top-section elementor-element elementor-element-54e53a35 elementor-section-boxed elementor-section-height-default elementor-section-height-default\" data-id=\"54e53a35\" data-element_type=\"section\">\n\t\t\t\t\t\t<div class=\"elementor-container elementor-column-gap-default\">\n\t\t\t\t\t<div class=\"elementor-column elementor-col-100 elementor-top-column elementor-element elementor-element-2dc5714e\" data-id=\"2dc5714e\" data-element_type=\"column\">\n\t\t\t<div class=\"elementor-widget-wrap elementor-element-populated\">\n\t\t\t\t\t\t<div class=\"elementor-element elementor-element-75e82df3 elementor-widget-divider--view-line elementor-widget elementor-widget-divider\" data-id=\"75e82df3\" data-element_type=\"widget\" data-widget_type=\"divider.default\">\n\t\t\t\t<div class=\"elementor-widget-container\">\n\t\t\t\t\t\t\t<div class=\"elementor-divider\">\n\t\t\t<span class=\"elementor-divider-separator\">\n\t\t\t\t\t\t<\/span>\n\t\t<\/div>\n\t\t\t\t\t\t<\/div>\n\t\t\t\t<\/div>\n\t\t\t\t\t<\/div>\n\t\t<\/div>\n\t\t\t\t\t<\/div>\n\t\t<\/section>\n\t\t\t\t<section class=\"elementor-section elementor-top-section elementor-element elementor-element-45208d7 elementor-section-boxed elementor-section-height-default elementor-section-height-default\" data-id=\"45208d7\" data-element_type=\"section\">\n\t\t\t\t\t\t<div class=\"elementor-container elementor-column-gap-default\">\n\t\t\t\t\t<div class=\"elementor-column elementor-col-100 elementor-top-column elementor-element elementor-element-43c3f8c\" data-id=\"43c3f8c\" data-element_type=\"column\">\n\t\t\t<div class=\"elementor-widget-wrap elementor-element-populated\">\n\t\t\t\t\t\t<div class=\"elementor-element elementor-element-91c1ec7 elementor-widget elementor-widget-text-editor\" data-id=\"91c1ec7\" data-element_type=\"widget\" data-widget_type=\"text-editor.default\">\n\t\t\t\t<div class=\"elementor-widget-container\">\n\t\t\t\t\t\t\t\t\t<h3>Commandez en ligne le drapeau fran\u00e7ais officiel\u00a0<\/h3>\t\t\t\t\t\t\t\t<\/div>\n\t\t\t\t<\/div>\n\t\t\t\t\t<\/div>\n\t\t<\/div>\n\t\t\t\t\t<\/div>\n\t\t<\/section>\n\t\t\t\t<section class=\"elementor-section elementor-top-section elementor-element elementor-element-2f433c5 elementor-section-boxed elementor-section-height-default elementor-section-height-default\" data-id=\"2f433c5\" data-element_type=\"section\">\n\t\t\t\t\t\t<div class=\"elementor-container elementor-column-gap-default\">\n\t\t\t\t\t<div class=\"elementor-column elementor-col-100 elementor-top-column elementor-element elementor-element-77eea63\" data-id=\"77eea63\" data-element_type=\"column\">\n\t\t\t<div class=\"elementor-widget-wrap elementor-element-populated\">\n\t\t\t\t\t\t<div class=\"elementor-element elementor-element-86699a1 elementor-widget elementor-widget-shortcode\" data-id=\"86699a1\" data-element_type=\"widget\" data-widget_type=\"shortcode.default\">\n\t\t\t\t<div class=\"elementor-widget-container\">\n\t\t\t\t\t\t\t<div class=\"elementor-shortcode\"><div class=\"container p-0 m-0\">\n    <div class=\"row m-0 border\">\n        <div class=\"col-12 col-lg-6\">\n            <img decoding=\"async\" src=\"https:\/\/www.macapflag.com\/1857560-home_default\/drapeau-francais-officiel.jpg\" alt=\"Drapeau fran&ccedil;ais officiel\" class=\"mx-auto\" \/>\n        <\/div>\n        <div class=\"col-12 col-lg-6 box-didpd-body\">\n            <div class=\"box-didpd-text\">\n                <a href=\"https:\/\/www.macapflag.com\/drapeau-pays-pour-mat\/33-drapeau-francais-officiel.html\" target=\"_blank\" class=\"stretched-link\">\n                    <h3>Drapeau fran\u00e7ais officiel<\/h3>\n                <\/a>\n                <p>Drapeau pour m\u00e2t disponible en plusieurs tailles avec diff\u00e9rentes options de montage et finitions.<\/p>\n            <\/div>\n                        <p class=\"text-center font-weight-bold\">6,00 \u20ac HT<\/p>            <div class=\"text-center\">\n                <button class=\"btn btn-primary\">Achat drapeau France<\/button>\n            <\/div>\n        <\/div>\n    <\/div>\n<\/div>\n<\/div>\n\t\t\t\t\t\t<\/div>\n\t\t\t\t<\/div>\n\t\t\t\t\t<\/div>\n\t\t<\/div>\n\t\t\t\t\t<\/div>\n\t\t<\/section>\n\t\t\t\t<\/div>\n\t\t","protected":false},"excerpt":{"rendered":"<div class=\"tmnf_excerpt\"><p>Un calendrier officiel de pavoisement des \u00e9difices et des b\u00e2timents publics est \u00e9dit\u00e9 chaque ann\u00e9e. Il r\u00e9pertorie les quatorze journ\u00e9es au cours desquelles le pavoisement des b\u00e2timents et des \u00e9difices publics avec le drapeau fran\u00e7ais est obligatoire. Ces journ\u00e9es comm\u00e9moratives renforcent notre devoir de m\u00e9moire tout en permettant aussi de le transmettre aux jeunes g\u00e9n\u00e9rations.Elles &hellip;<\/p>\n<\/div>","protected":false},"author":2,"featured_media":12613,"comment_status":"closed","ping_status":"open","sticky":false,"template":"template-fullwidth.php","format":"standard","meta":{"footnotes":""},"categories":[92],"tags":[],"class_list":["post-12671","post","type-post","status-publish","format-standard","has-post-thumbnail","hentry","category-news"],"yoast_head":"<!-- This site is optimized with the Yoast SEO plugin v26.4 - https:\/\/yoast.com\/wordpress\/plugins\/seo\/ -->\n<title>Le 27 mai, journ\u00e9e nationale d&#039;hommage \u00e0 la r\u00e9sistance<\/title>\n<meta name=\"description\" content=\"Le 27 mai est la journ\u00e9e nationale d&#039;hommage aux r\u00e9sistants de la seconde guerre mondiale. Elle s&#039;inscrit dans notre devoir de m\u00e9moire.\" \/>\n<meta name=\"robots\" content=\"index, follow, max-snippet:-1, max-image-preview:large, max-video-preview:-1\" \/>\n<link rel=\"canonical\" href=\"https:\/\/www.macapflag.com\/blog\/27-mai\/\" \/>\n<meta property=\"og:locale\" content=\"fr_FR\" \/>\n<meta property=\"og:type\" content=\"article\" \/>\n<meta property=\"og:title\" content=\"Le 27 mai, journ\u00e9e nationale d&#039;hommage \u00e0 la r\u00e9sistance\" \/>\n<meta property=\"og:description\" content=\"Le 27 mai est la journ\u00e9e nationale d&#039;hommage aux r\u00e9sistants de la seconde guerre mondiale. Elle s&#039;inscrit dans notre devoir de m\u00e9moire.\" \/>\n<meta property=\"og:url\" content=\"https:\/\/www.macapflag.com\/blog\/27-mai\/\" \/>\n<meta property=\"og:site_name\" content=\"Blog - Macap\" \/>\n<meta property=\"article:publisher\" content=\"https:\/\/www.facebook.com\/macap.pavoisement\/\" \/>\n<meta property=\"article:published_time\" content=\"2025-05-27T06:01:15+00:00\" \/>\n<meta property=\"og:image\" content=\"https:\/\/www.macapflag.com\/blog\/wp-content\/uploads\/2023\/02\/27-mai-journee-nationale-pavoisement.jpg\" \/>\n\t<meta property=\"og:image:width\" content=\"870\" \/>\n\t<meta property=\"og:image:height\" content=\"600\" \/>\n\t<meta property=\"og:image:type\" content=\"image\/jpeg\" \/>\n<meta name=\"author\" content=\"Blog Macap\" \/>\n<meta name=\"twitter:card\" content=\"summary_large_image\" \/>\n<meta name=\"twitter:label1\" content=\"\u00c9crit par\" \/>\n\t<meta name=\"twitter:data1\" content=\"Blog Macap\" \/>\n\t<meta name=\"twitter:label2\" content=\"Dur\u00e9e de lecture estim\u00e9e\" \/>\n\t<meta name=\"twitter:data2\" content=\"4 minutes\" \/>\n<script type=\"application\/ld+json\" class=\"yoast-schema-graph\">{\"@context\":\"https:\/\/schema.org\",\"@graph\":[{\"@type\":\"Article\",\"@id\":\"https:\/\/www.macapflag.com\/blog\/27-mai\/#article\",\"isPartOf\":{\"@id\":\"https:\/\/www.macapflag.com\/blog\/27-mai\/\"},\"author\":{\"name\":\"Blog Macap\",\"@id\":\"https:\/\/www.macapflag.com\/blog\/#\/schema\/person\/3fea701f2603875e651e6b662578fc3c\"},\"headline\":\"Journ\u00e9e de pavoisement du 27 mai 2025\",\"datePublished\":\"2025-05-27T06:01:15+00:00\",\"mainEntityOfPage\":{\"@id\":\"https:\/\/www.macapflag.com\/blog\/27-mai\/\"},\"wordCount\":692,\"publisher\":{\"@id\":\"https:\/\/www.macapflag.com\/blog\/#organization\"},\"image\":{\"@id\":\"https:\/\/www.macapflag.com\/blog\/27-mai\/#primaryimage\"},\"thumbnailUrl\":\"https:\/\/www.macapflag.com\/blog\/wp-content\/uploads\/2023\/02\/27-mai-journee-nationale-pavoisement.jpg\",\"articleSection\":[\"News &amp; Actu\"],\"inLanguage\":\"fr-FR\"},{\"@type\":\"WebPage\",\"@id\":\"https:\/\/www.macapflag.com\/blog\/27-mai\/\",\"url\":\"https:\/\/www.macapflag.com\/blog\/27-mai\/\",\"name\":\"Le 27 mai, journ\u00e9e nationale d'hommage \u00e0 la r\u00e9sistance\",\"isPartOf\":{\"@id\":\"https:\/\/www.macapflag.com\/blog\/#website\"},\"primaryImageOfPage\":{\"@id\":\"https:\/\/www.macapflag.com\/blog\/27-mai\/#primaryimage\"},\"image\":{\"@id\":\"https:\/\/www.macapflag.com\/blog\/27-mai\/#primaryimage\"},\"thumbnailUrl\":\"https:\/\/www.macapflag.com\/blog\/wp-content\/uploads\/2023\/02\/27-mai-journee-nationale-pavoisement.jpg\",\"datePublished\":\"2025-05-27T06:01:15+00:00\",\"description\":\"Le 27 mai est la journ\u00e9e nationale d'hommage aux r\u00e9sistants de la seconde guerre mondiale. Elle s'inscrit dans notre devoir de m\u00e9moire.\",\"breadcrumb\":{\"@id\":\"https:\/\/www.macapflag.com\/blog\/27-mai\/#breadcrumb\"},\"inLanguage\":\"fr-FR\",\"potentialAction\":[{\"@type\":\"ReadAction\",\"target\":[\"https:\/\/www.macapflag.com\/blog\/27-mai\/\"]}]},{\"@type\":\"ImageObject\",\"inLanguage\":\"fr-FR\",\"@id\":\"https:\/\/www.macapflag.com\/blog\/27-mai\/#primaryimage\",\"url\":\"https:\/\/www.macapflag.com\/blog\/wp-content\/uploads\/2023\/02\/27-mai-journee-nationale-pavoisement.jpg\",\"contentUrl\":\"https:\/\/www.macapflag.com\/blog\/wp-content\/uploads\/2023\/02\/27-mai-journee-nationale-pavoisement.jpg\",\"width\":870,\"height\":600,\"caption\":\"27 mai journ\u00e9e nationale pavoisement drapeau France\"},{\"@type\":\"BreadcrumbList\",\"@id\":\"https:\/\/www.macapflag.com\/blog\/27-mai\/#breadcrumb\",\"itemListElement\":[{\"@type\":\"ListItem\",\"position\":1,\"name\":\"Accueil\",\"item\":\"https:\/\/www.macapflag.com\/blog\/\"},{\"@type\":\"ListItem\",\"position\":2,\"name\":\"Journ\u00e9e de pavoisement du 27 mai 2025\"}]},{\"@type\":\"WebSite\",\"@id\":\"https:\/\/www.macapflag.com\/blog\/#website\",\"url\":\"https:\/\/www.macapflag.com\/blog\/\",\"name\":\"Blog - Macap\",\"description\":\"Tous nos articles\",\"publisher\":{\"@id\":\"https:\/\/www.macapflag.com\/blog\/#organization\"},\"potentialAction\":[{\"@type\":\"SearchAction\",\"target\":{\"@type\":\"EntryPoint\",\"urlTemplate\":\"https:\/\/www.macapflag.com\/blog\/?s={search_term_string}\"},\"query-input\":{\"@type\":\"PropertyValueSpecification\",\"valueRequired\":true,\"valueName\":\"search_term_string\"}}],\"inLanguage\":\"fr-FR\"},{\"@type\":\"Organization\",\"@id\":\"https:\/\/www.macapflag.com\/blog\/#organization\",\"name\":\"macapflag\",\"url\":\"https:\/\/www.macapflag.com\/blog\/\",\"logo\":{\"@type\":\"ImageObject\",\"inLanguage\":\"fr-FR\",\"@id\":\"https:\/\/www.macapflag.com\/blog\/#\/schema\/logo\/image\/\",\"url\":\"https:\/\/www.macapflag.com\/blog\/wp-content\/uploads\/2020\/12\/cropped-M-512-1.png\",\"contentUrl\":\"https:\/\/www.macapflag.com\/blog\/wp-content\/uploads\/2020\/12\/cropped-M-512-1.png\",\"width\":512,\"height\":512,\"caption\":\"macapflag\"},\"image\":{\"@id\":\"https:\/\/www.macapflag.com\/blog\/#\/schema\/logo\/image\/\"},\"sameAs\":[\"https:\/\/www.facebook.com\/macap.pavoisement\/\",\"https:\/\/www.instagram.com\/macapflag\/?hl=fr\",\"https:\/\/www.linkedin.com\/company\/macap\/?originalSubdomain=fr\",\"https:\/\/www.youtube.com\/channel\/UCXNzTIdZh9poEBjSXEqDtNw\"]},{\"@type\":\"Person\",\"@id\":\"https:\/\/www.macapflag.com\/blog\/#\/schema\/person\/3fea701f2603875e651e6b662578fc3c\",\"name\":\"Blog Macap\",\"image\":{\"@type\":\"ImageObject\",\"inLanguage\":\"fr-FR\",\"@id\":\"https:\/\/www.macapflag.com\/blog\/#\/schema\/person\/image\/\",\"url\":\"https:\/\/secure.gravatar.com\/avatar\/c12551f2dc51f0db049633b03e7856985477a70da834cc8967dea4ce54bdd6a2?s=96&d=mm&r=g\",\"contentUrl\":\"https:\/\/secure.gravatar.com\/avatar\/c12551f2dc51f0db049633b03e7856985477a70da834cc8967dea4ce54bdd6a2?s=96&d=mm&r=g\",\"caption\":\"Blog Macap\"},\"url\":\"https:\/\/www.macapflag.com\/blog\/author\/macap\/\"}]}<\/script>\n<!-- \/ Yoast SEO plugin. -->","yoast_head_json":{"title":"Le 27 mai, journ\u00e9e nationale d'hommage \u00e0 la r\u00e9sistance","description":"Le 27 mai est la journ\u00e9e nationale d'hommage aux r\u00e9sistants de la seconde guerre mondiale. Elle s'inscrit dans notre devoir de m\u00e9moire.","robots":{"index":"index","follow":"follow","max-snippet":"max-snippet:-1","max-image-preview":"max-image-preview:large","max-video-preview":"max-video-preview:-1"},"canonical":"https:\/\/www.macapflag.com\/blog\/27-mai\/","og_locale":"fr_FR","og_type":"article","og_title":"Le 27 mai, journ\u00e9e nationale d'hommage \u00e0 la r\u00e9sistance","og_description":"Le 27 mai est la journ\u00e9e nationale d'hommage aux r\u00e9sistants de la seconde guerre mondiale. Elle s'inscrit dans notre devoir de m\u00e9moire.","og_url":"https:\/\/www.macapflag.com\/blog\/27-mai\/","og_site_name":"Blog - Macap","article_publisher":"https:\/\/www.facebook.com\/macap.pavoisement\/","article_published_time":"2025-05-27T06:01:15+00:00","og_image":[{"width":870,"height":600,"url":"https:\/\/www.macapflag.com\/blog\/wp-content\/uploads\/2023\/02\/27-mai-journee-nationale-pavoisement.jpg","type":"image\/jpeg"}],"author":"Blog Macap","twitter_card":"summary_large_image","twitter_misc":{"\u00c9crit par":"Blog Macap","Dur\u00e9e de lecture estim\u00e9e":"4 minutes"},"schema":{"@context":"https:\/\/schema.org","@graph":[{"@type":"Article","@id":"https:\/\/www.macapflag.com\/blog\/27-mai\/#article","isPartOf":{"@id":"https:\/\/www.macapflag.com\/blog\/27-mai\/"},"author":{"name":"Blog Macap","@id":"https:\/\/www.macapflag.com\/blog\/#\/schema\/person\/3fea701f2603875e651e6b662578fc3c"},"headline":"Journ\u00e9e de pavoisement du 27 mai 2025","datePublished":"2025-05-27T06:01:15+00:00","mainEntityOfPage":{"@id":"https:\/\/www.macapflag.com\/blog\/27-mai\/"},"wordCount":692,"publisher":{"@id":"https:\/\/www.macapflag.com\/blog\/#organization"},"image":{"@id":"https:\/\/www.macapflag.com\/blog\/27-mai\/#primaryimage"},"thumbnailUrl":"https:\/\/www.macapflag.com\/blog\/wp-content\/uploads\/2023\/02\/27-mai-journee-nationale-pavoisement.jpg","articleSection":["News &amp; Actu"],"inLanguage":"fr-FR"},{"@type":"WebPage","@id":"https:\/\/www.macapflag.com\/blog\/27-mai\/","url":"https:\/\/www.macapflag.com\/blog\/27-mai\/","name":"Le 27 mai, journ\u00e9e nationale d'hommage \u00e0 la r\u00e9sistance","isPartOf":{"@id":"https:\/\/www.macapflag.com\/blog\/#website"},"primaryImageOfPage":{"@id":"https:\/\/www.macapflag.com\/blog\/27-mai\/#primaryimage"},"image":{"@id":"https:\/\/www.macapflag.com\/blog\/27-mai\/#primaryimage"},"thumbnailUrl":"https:\/\/www.macapflag.com\/blog\/wp-content\/uploads\/2023\/02\/27-mai-journee-nationale-pavoisement.jpg","datePublished":"2025-05-27T06:01:15+00:00","description":"Le 27 mai est la journ\u00e9e nationale d'hommage aux r\u00e9sistants de la seconde guerre mondiale. Elle s'inscrit dans notre devoir de m\u00e9moire.","breadcrumb":{"@id":"https:\/\/www.macapflag.com\/blog\/27-mai\/#breadcrumb"},"inLanguage":"fr-FR","potentialAction":[{"@type":"ReadAction","target":["https:\/\/www.macapflag.com\/blog\/27-mai\/"]}]},{"@type":"ImageObject","inLanguage":"fr-FR","@id":"https:\/\/www.macapflag.com\/blog\/27-mai\/#primaryimage","url":"https:\/\/www.macapflag.com\/blog\/wp-content\/uploads\/2023\/02\/27-mai-journee-nationale-pavoisement.jpg","contentUrl":"https:\/\/www.macapflag.com\/blog\/wp-content\/uploads\/2023\/02\/27-mai-journee-nationale-pavoisement.jpg","width":870,"height":600,"caption":"27 mai journ\u00e9e nationale pavoisement drapeau France"},{"@type":"BreadcrumbList","@id":"https:\/\/www.macapflag.com\/blog\/27-mai\/#breadcrumb","itemListElement":[{"@type":"ListItem","position":1,"name":"Accueil","item":"https:\/\/www.macapflag.com\/blog\/"},{"@type":"ListItem","position":2,"name":"Journ\u00e9e de pavoisement du 27 mai 2025"}]},{"@type":"WebSite","@id":"https:\/\/www.macapflag.com\/blog\/#website","url":"https:\/\/www.macapflag.com\/blog\/","name":"Blog - Macap","description":"Tous nos articles","publisher":{"@id":"https:\/\/www.macapflag.com\/blog\/#organization"},"potentialAction":[{"@type":"SearchAction","target":{"@type":"EntryPoint","urlTemplate":"https:\/\/www.macapflag.com\/blog\/?s={search_term_string}"},"query-input":{"@type":"PropertyValueSpecification","valueRequired":true,"valueName":"search_term_string"}}],"inLanguage":"fr-FR"},{"@type":"Organization","@id":"https:\/\/www.macapflag.com\/blog\/#organization","name":"macapflag","url":"https:\/\/www.macapflag.com\/blog\/","logo":{"@type":"ImageObject","inLanguage":"fr-FR","@id":"https:\/\/www.macapflag.com\/blog\/#\/schema\/logo\/image\/","url":"https:\/\/www.macapflag.com\/blog\/wp-content\/uploads\/2020\/12\/cropped-M-512-1.png","contentUrl":"https:\/\/www.macapflag.com\/blog\/wp-content\/uploads\/2020\/12\/cropped-M-512-1.png","width":512,"height":512,"caption":"macapflag"},"image":{"@id":"https:\/\/www.macapflag.com\/blog\/#\/schema\/logo\/image\/"},"sameAs":["https:\/\/www.facebook.com\/macap.pavoisement\/","https:\/\/www.instagram.com\/macapflag\/?hl=fr","https:\/\/www.linkedin.com\/company\/macap\/?originalSubdomain=fr","https:\/\/www.youtube.com\/channel\/UCXNzTIdZh9poEBjSXEqDtNw"]},{"@type":"Person","@id":"https:\/\/www.macapflag.com\/blog\/#\/schema\/person\/3fea701f2603875e651e6b662578fc3c","name":"Blog Macap","image":{"@type":"ImageObject","inLanguage":"fr-FR","@id":"https:\/\/www.macapflag.com\/blog\/#\/schema\/person\/image\/","url":"https:\/\/secure.gravatar.com\/avatar\/c12551f2dc51f0db049633b03e7856985477a70da834cc8967dea4ce54bdd6a2?s=96&d=mm&r=g","contentUrl":"https:\/\/secure.gravatar.com\/avatar\/c12551f2dc51f0db049633b03e7856985477a70da834cc8967dea4ce54bdd6a2?s=96&d=mm&r=g","caption":"Blog Macap"},"url":"https:\/\/www.macapflag.com\/blog\/author\/macap\/"}]}},"_links":{"self":[{"href":"https:\/\/www.macapflag.com\/blog\/wp-json\/wp\/v2\/posts\/12671","targetHints":{"allow":["GET"]}}],"collection":[{"href":"https:\/\/www.macapflag.com\/blog\/wp-json\/wp\/v2\/posts"}],"about":[{"href":"https:\/\/www.macapflag.com\/blog\/wp-json\/wp\/v2\/types\/post"}],"author":[{"embeddable":true,"href":"https:\/\/www.macapflag.com\/blog\/wp-json\/wp\/v2\/users\/2"}],"replies":[{"embeddable":true,"href":"https:\/\/www.macapflag.com\/blog\/wp-json\/wp\/v2\/comments?post=12671"}],"version-history":[{"count":16,"href":"https:\/\/www.macapflag.com\/blog\/wp-json\/wp\/v2\/posts\/12671\/revisions"}],"predecessor-version":[{"id":20171,"href":"https:\/\/www.macapflag.com\/blog\/wp-json\/wp\/v2\/posts\/12671\/revisions\/20171"}],"wp:featuredmedia":[{"embeddable":true,"href":"https:\/\/www.macapflag.com\/blog\/wp-json\/wp\/v2\/media\/12613"}],"wp:attachment":[{"href":"https:\/\/www.macapflag.com\/blog\/wp-json\/wp\/v2\/media?parent=12671"}],"wp:term":[{"taxonomy":"category","embeddable":true,"href":"https:\/\/www.macapflag.com\/blog\/wp-json\/wp\/v2\/categories?post=12671"},{"taxonomy":"post_tag","embeddable":true,"href":"https:\/\/www.macapflag.com\/blog\/wp-json\/wp\/v2\/tags?post=12671"}],"curies":[{"name":"wp","href":"https:\/\/api.w.org\/{rel}","templated":true}]}}