{"id":12685,"date":"2025-06-08T08:00:46","date_gmt":"2025-06-08T06:00:46","guid":{"rendered":"https:\/\/www.macapflag.com\/blog\/?p=12685"},"modified":"2025-06-08T08:00:46","modified_gmt":"2025-06-08T06:00:46","slug":"8-juin","status":"publish","type":"post","link":"https:\/\/www.macapflag.com\/blog\/8-juin\/","title":{"rendered":"Journ\u00e9e de pavoisement du 8 juin 2025"},"content":{"rendered":"\t\t<div data-elementor-type=\"wp-post\" data-elementor-id=\"12685\" class=\"elementor elementor-12685\">\n\t\t\t\t\t\t<section class=\"elementor-section elementor-top-section elementor-element elementor-element-21ec692 elementor-section-boxed elementor-section-height-default elementor-section-height-default\" data-id=\"21ec692\" data-element_type=\"section\">\n\t\t\t\t\t\t<div class=\"elementor-container elementor-column-gap-default\">\n\t\t\t\t\t<div class=\"elementor-column elementor-col-100 elementor-top-column elementor-element elementor-element-7021a9e\" data-id=\"7021a9e\" data-element_type=\"column\">\n\t\t\t<div class=\"elementor-widget-wrap elementor-element-populated\">\n\t\t\t\t\t\t<div class=\"elementor-element elementor-element-5d8f3e9 elementor-widget elementor-widget-text-editor\" data-id=\"5d8f3e9\" data-element_type=\"widget\" data-widget_type=\"text-editor.default\">\n\t\t\t\t<div class=\"elementor-widget-container\">\n\t\t\t\t\t\t\t\t\t<p>Un calendrier officiel de pavoisement des \u00e9difices et des b\u00e2timents publics est \u00e9dit\u00e9 chaque ann\u00e9e. Il r\u00e9pertorie les quatorze journ\u00e9es au cours desquelles le pavoisement des b\u00e2timents et des \u00e9difices publics avec le drapeau fran\u00e7ais est obligatoire. <br \/>Ces journ\u00e9es comm\u00e9moratives entretiennent notre devoir de m\u00e9moire tout en permettant aussi de le transmettre aux jeunes g\u00e9n\u00e9rations.<\/p>\t\t\t\t\t\t\t\t<\/div>\n\t\t\t\t<\/div>\n\t\t\t\t\t<\/div>\n\t\t<\/div>\n\t\t\t\t\t<\/div>\n\t\t<\/section>\n\t\t\t\t<section class=\"elementor-section elementor-top-section elementor-element elementor-element-8ab8bdd elementor-section-boxed elementor-section-height-default elementor-section-height-default\" data-id=\"8ab8bdd\" data-element_type=\"section\">\n\t\t\t\t\t\t<div class=\"elementor-container elementor-column-gap-default\">\n\t\t\t\t\t<div class=\"elementor-column elementor-col-100 elementor-top-column elementor-element elementor-element-c976882\" data-id=\"c976882\" data-element_type=\"column\">\n\t\t\t<div class=\"elementor-widget-wrap elementor-element-populated\">\n\t\t\t\t\t\t<div class=\"elementor-element elementor-element-57080ea elementor-widget elementor-widget-text-editor\" data-id=\"57080ea\" data-element_type=\"widget\" data-widget_type=\"text-editor.default\">\n\t\t\t\t<div class=\"elementor-widget-container\">\n\t\t\t\t\t\t\t\t\t<h2>4 infos cl\u00e9s sur cette date :<\/h2>\t\t\t\t\t\t\t\t<\/div>\n\t\t\t\t<\/div>\n\t\t\t\t\t<\/div>\n\t\t<\/div>\n\t\t\t\t\t<\/div>\n\t\t<\/section>\n\t\t\t\t<section class=\"elementor-section elementor-top-section elementor-element elementor-element-58b3cc3 elementor-section-boxed elementor-section-height-default elementor-section-height-default\" data-id=\"58b3cc3\" data-element_type=\"section\">\n\t\t\t\t\t\t<div class=\"elementor-container elementor-column-gap-default\">\n\t\t\t\t\t<div class=\"elementor-column elementor-col-100 elementor-top-column elementor-element elementor-element-b3763d7\" data-id=\"b3763d7\" data-element_type=\"column\">\n\t\t\t<div class=\"elementor-widget-wrap elementor-element-populated\">\n\t\t\t\t\t\t<div class=\"elementor-element elementor-element-674dbd5 elementor-widget elementor-widget-text-editor\" data-id=\"674dbd5\" data-element_type=\"widget\" data-widget_type=\"text-editor.default\">\n\t\t\t\t<div class=\"elementor-widget-container\">\n\t\t\t\t\t\t\t\t\t<h3>Que s\u2019est-il pass\u00e9 le 8 juin ?<\/h3>\t\t\t\t\t\t\t\t<\/div>\n\t\t\t\t<\/div>\n\t\t\t\t\t<\/div>\n\t\t<\/div>\n\t\t\t\t\t<\/div>\n\t\t<\/section>\n\t\t\t\t<section class=\"elementor-section elementor-top-section elementor-element elementor-element-a4b6763 elementor-section-boxed elementor-section-height-default elementor-section-height-default\" data-id=\"a4b6763\" data-element_type=\"section\">\n\t\t\t\t\t\t<div class=\"elementor-container elementor-column-gap-default\">\n\t\t\t\t\t<div class=\"elementor-column elementor-col-33 elementor-top-column elementor-element elementor-element-467069d\" data-id=\"467069d\" data-element_type=\"column\">\n\t\t\t<div class=\"elementor-widget-wrap elementor-element-populated\">\n\t\t\t\t\t\t<div class=\"elementor-element elementor-element-d20f257 elementor-widget elementor-widget-image\" data-id=\"d20f257\" data-element_type=\"widget\" data-widget_type=\"image.default\">\n\t\t\t\t<div class=\"elementor-widget-container\">\n\t\t\t\t\t\t\t\t\t\t\t\t\t\t\t<img decoding=\"async\" width=\"171\" height=\"142\" src=\"https:\/\/www.macapflag.com\/blog\/wp-content\/uploads\/2023\/02\/Que-sest-il-passe-a-cette-date.jpg\" class=\"attachment-large size-large wp-image-12578\" alt=\"date commemoration nationale\" \/>\t\t\t\t\t\t\t\t\t\t\t\t\t\t\t<\/div>\n\t\t\t\t<\/div>\n\t\t\t\t\t<\/div>\n\t\t<\/div>\n\t\t\t\t<div class=\"elementor-column elementor-col-66 elementor-top-column elementor-element elementor-element-8446a82\" data-id=\"8446a82\" data-element_type=\"column\">\n\t\t\t<div class=\"elementor-widget-wrap elementor-element-populated\">\n\t\t\t\t\t\t<div class=\"elementor-element elementor-element-de4cf5a elementor-widget elementor-widget-text-editor\" data-id=\"de4cf5a\" data-element_type=\"widget\" data-widget_type=\"text-editor.default\">\n\t\t\t\t<div class=\"elementor-widget-container\">\n\t\t\t\t\t\t\t\t\t<p>Le 8 juin 1980 est la date du jour de transfert de la d\u00e9pouille du Soldat Inconnu d\u2019Indochine \u00e0 la n\u00e9cropole nationale de Notre-Dame de Lorette.<\/p>\t\t\t\t\t\t\t\t<\/div>\n\t\t\t\t<\/div>\n\t\t\t\t\t<\/div>\n\t\t<\/div>\n\t\t\t\t\t<\/div>\n\t\t<\/section>\n\t\t\t\t<section class=\"elementor-section elementor-top-section elementor-element elementor-element-0b544b2 elementor-section-boxed elementor-section-height-default elementor-section-height-default\" data-id=\"0b544b2\" data-element_type=\"section\">\n\t\t\t\t\t\t<div class=\"elementor-container elementor-column-gap-default\">\n\t\t\t\t\t<div class=\"elementor-column elementor-col-100 elementor-top-column elementor-element elementor-element-5a24e31\" data-id=\"5a24e31\" data-element_type=\"column\">\n\t\t\t<div class=\"elementor-widget-wrap elementor-element-populated\">\n\t\t\t\t\t\t<div class=\"elementor-element elementor-element-400292c elementor-widget elementor-widget-text-editor\" data-id=\"400292c\" data-element_type=\"widget\" data-widget_type=\"text-editor.default\">\n\t\t\t\t<div class=\"elementor-widget-container\">\n\t\t\t\t\t\t\t\t\t<h3>Que comm\u00e9more-t-on en France le 8 juin ?<\/h3>\t\t\t\t\t\t\t\t<\/div>\n\t\t\t\t<\/div>\n\t\t\t\t\t<\/div>\n\t\t<\/div>\n\t\t\t\t\t<\/div>\n\t\t<\/section>\n\t\t\t\t<section class=\"elementor-section elementor-top-section elementor-element elementor-element-ac98d4c elementor-section-boxed elementor-section-height-default elementor-section-height-default\" data-id=\"ac98d4c\" data-element_type=\"section\">\n\t\t\t\t\t\t<div class=\"elementor-container elementor-column-gap-default\">\n\t\t\t\t\t<div class=\"elementor-column elementor-col-100 elementor-top-column elementor-element elementor-element-627e8d9\" data-id=\"627e8d9\" data-element_type=\"column\">\n\t\t\t<div class=\"elementor-widget-wrap elementor-element-populated\">\n\t\t\t\t\t\t<div class=\"elementor-element elementor-element-92b1ff0 elementor-widget elementor-widget-text-editor\" data-id=\"92b1ff0\" data-element_type=\"widget\" data-widget_type=\"text-editor.default\">\n\t\t\t\t<div class=\"elementor-widget-container\">\n\t\t\t\t\t\t\t\t\t<p>La journ\u00e9e du 8 juin rend chaque ann\u00e9e <strong>hommage aux morts pour la France en Indochine<\/strong>. En 1945, \u00e0 l\u2019issue de la capitulation du Japon lors de la deuxi\u00e8me guerre mondiale, le Vi\u00eat-minh, mouvement ind\u00e9pendantiste dirig\u00e9 par le communiste H\u00f4 Chi Minh, proclame l&#8217;ind\u00e9pendance du Vietnam. La France refuse cette d\u00e9claration d\u2019ind\u00e9pendance et choisit de reconqu\u00e9rir militairement l&#8217;Indochine. Cette guerre durera huit ans, le Viet-Minh de H\u00f4 Chi Minh \u00e9tant largement soutenu par la Chine. Les accords de Gen\u00e8ve sign\u00e9s le 20 juillet 1954 marquent la fin de cette guerre et une \u00e9tape d\u00e9cisive dans la d\u00e9colonisation fran\u00e7aise en Asie. Les derni\u00e8res troupes de l\u2019arm\u00e9e fran\u00e7aise quitteront la r\u00e9gion en mai 1955.<\/p>\t\t\t\t\t\t\t\t<\/div>\n\t\t\t\t<\/div>\n\t\t\t\t\t<\/div>\n\t\t<\/div>\n\t\t\t\t\t<\/div>\n\t\t<\/section>\n\t\t\t\t<section class=\"elementor-section elementor-top-section elementor-element elementor-element-a379bd6 elementor-section-boxed elementor-section-height-default elementor-section-height-default\" data-id=\"a379bd6\" data-element_type=\"section\">\n\t\t\t\t\t\t<div class=\"elementor-container elementor-column-gap-default\">\n\t\t\t\t\t<div class=\"elementor-column elementor-col-100 elementor-top-column elementor-element elementor-element-91d6aee\" data-id=\"91d6aee\" data-element_type=\"column\">\n\t\t\t<div class=\"elementor-widget-wrap elementor-element-populated\">\n\t\t\t\t\t\t<div class=\"elementor-element elementor-element-e3c9c73 elementor-widget elementor-widget-text-editor\" data-id=\"e3c9c73\" data-element_type=\"widget\" data-widget_type=\"text-editor.default\">\n\t\t\t\t<div class=\"elementor-widget-container\">\n\t\t\t\t\t\t\t\t\t<h3>Depuis quand comm\u00e9more-t-on le 8 juin en France ?<\/h3>\t\t\t\t\t\t\t\t<\/div>\n\t\t\t\t<\/div>\n\t\t\t\t\t<\/div>\n\t\t<\/div>\n\t\t\t\t\t<\/div>\n\t\t<\/section>\n\t\t\t\t<section class=\"elementor-section elementor-top-section elementor-element elementor-element-8edd48b elementor-section-boxed elementor-section-height-default elementor-section-height-default\" data-id=\"8edd48b\" data-element_type=\"section\">\n\t\t\t\t\t\t<div class=\"elementor-container elementor-column-gap-default\">\n\t\t\t\t\t<div class=\"elementor-column elementor-col-33 elementor-top-column elementor-element elementor-element-d71672d\" data-id=\"d71672d\" data-element_type=\"column\">\n\t\t\t<div class=\"elementor-widget-wrap elementor-element-populated\">\n\t\t\t\t\t\t<div class=\"elementor-element elementor-element-b320b5d elementor-widget elementor-widget-image\" data-id=\"b320b5d\" data-element_type=\"widget\" data-widget_type=\"image.default\">\n\t\t\t\t<div class=\"elementor-widget-container\">\n\t\t\t\t\t\t\t\t\t\t\t\t\t\t\t<img decoding=\"async\" width=\"171\" height=\"142\" src=\"https:\/\/www.macapflag.com\/blog\/wp-content\/uploads\/2023\/02\/Date-decision-commemoration.jpg\" class=\"attachment-large size-large wp-image-12576\" alt=\"Qui d\u00e9cide des journ\u00e9es nationales de comm\u00e9morations\" \/>\t\t\t\t\t\t\t\t\t\t\t\t\t\t\t<\/div>\n\t\t\t\t<\/div>\n\t\t\t\t\t<\/div>\n\t\t<\/div>\n\t\t\t\t<div class=\"elementor-column elementor-col-66 elementor-top-column elementor-element elementor-element-71c5e42\" data-id=\"71c5e42\" data-element_type=\"column\">\n\t\t\t<div class=\"elementor-widget-wrap elementor-element-populated\">\n\t\t\t\t\t\t<div class=\"elementor-element elementor-element-ecc2da5 elementor-widget elementor-widget-text-editor\" data-id=\"ecc2da5\" data-element_type=\"widget\" data-widget_type=\"text-editor.default\">\n\t\t\t\t<div class=\"elementor-widget-container\">\n\t\t\t\t\t\t\t\t\t<p>Cette journ\u00e9e nationale d\u2019hommage aux morts pour la France en Indochine est institu\u00e9e par le <strong>d\u00e9cret n\u00b0 2005-547 du 26 mai 2005<\/strong>. Elle rejoint ainsi la liste des journ\u00e9es nationales d\u2019hommage qui alimentent notre devoir de m\u00e9moire et nous permettent de rappeler aux jeunes g\u00e9n\u00e9rations les faits historiques.<\/p>\t\t\t\t\t\t\t\t<\/div>\n\t\t\t\t<\/div>\n\t\t\t\t\t<\/div>\n\t\t<\/div>\n\t\t\t\t\t<\/div>\n\t\t<\/section>\n\t\t\t\t<section class=\"elementor-section elementor-top-section elementor-element elementor-element-e52218c elementor-section-boxed elementor-section-height-default elementor-section-height-default\" data-id=\"e52218c\" data-element_type=\"section\">\n\t\t\t\t\t\t<div class=\"elementor-container elementor-column-gap-default\">\n\t\t\t\t\t<div class=\"elementor-column elementor-col-100 elementor-top-column elementor-element elementor-element-6af55b0\" data-id=\"6af55b0\" data-element_type=\"column\">\n\t\t\t<div class=\"elementor-widget-wrap elementor-element-populated\">\n\t\t\t\t\t\t<div class=\"elementor-element elementor-element-fea30ee elementor-widget elementor-widget-text-editor\" data-id=\"fea30ee\" data-element_type=\"widget\" data-widget_type=\"text-editor.default\">\n\t\t\t\t<div class=\"elementor-widget-container\">\n\t\t\t\t\t\t\t\t\t<h3>Comment pavoise-t-on les \u00e9difices officiels le 8 juin ?<\/h3>\t\t\t\t\t\t\t\t<\/div>\n\t\t\t\t<\/div>\n\t\t\t\t\t<\/div>\n\t\t<\/div>\n\t\t\t\t\t<\/div>\n\t\t<\/section>\n\t\t\t\t<section class=\"elementor-section elementor-top-section elementor-element elementor-element-a6d79bb elementor-section-boxed elementor-section-height-default elementor-section-height-default\" data-id=\"a6d79bb\" data-element_type=\"section\">\n\t\t\t\t\t\t<div class=\"elementor-container elementor-column-gap-default\">\n\t\t\t\t\t<div class=\"elementor-column elementor-col-33 elementor-top-column elementor-element elementor-element-963f916\" data-id=\"963f916\" data-element_type=\"column\">\n\t\t\t<div class=\"elementor-widget-wrap elementor-element-populated\">\n\t\t\t\t\t\t<div class=\"elementor-element elementor-element-aba4f33 elementor-widget elementor-widget-image\" data-id=\"aba4f33\" data-element_type=\"widget\" data-widget_type=\"image.default\">\n\t\t\t\t<div class=\"elementor-widget-container\">\n\t\t\t\t\t\t\t\t\t\t\t\t\t\t\t<img decoding=\"async\" width=\"171\" height=\"142\" src=\"https:\/\/www.macapflag.com\/blog\/wp-content\/uploads\/2023\/02\/pavoisement-drapeau-France.jpg\" class=\"attachment-large size-large wp-image-12577\" alt=\"Pavoisement \u00e9difices publics\" \/>\t\t\t\t\t\t\t\t\t\t\t\t\t\t\t<\/div>\n\t\t\t\t<\/div>\n\t\t\t\t\t<\/div>\n\t\t<\/div>\n\t\t\t\t<div class=\"elementor-column elementor-col-66 elementor-top-column elementor-element elementor-element-501e22d\" data-id=\"501e22d\" data-element_type=\"column\">\n\t\t\t<div class=\"elementor-widget-wrap elementor-element-populated\">\n\t\t\t\t\t\t<div class=\"elementor-element elementor-element-b1141e9 elementor-widget elementor-widget-text-editor\" data-id=\"b1141e9\" data-element_type=\"widget\" data-widget_type=\"text-editor.default\">\n\t\t\t\t<div class=\"elementor-widget-container\">\n\t\t\t\t\t\t\t\t\t<p>L\u2019usage r\u00e9publicain veut que le drapeau tricolore flotte continuellement sur les b\u00e2timents publics alors que le pavoisement tricolore n\u2019est obligatoire que lors des journ\u00e9es nationales. <br \/>Lors des 14 journ\u00e9es officielles, le <strong>drapeau France tricolore<\/strong> doit obligatoirement flotter sur les fa\u00e7ades des \u00e9difices et des b\u00e2timents publics. <br \/>Aucune information n&#8217;indique que le drapeau fran\u00e7ais doit y \u00eatre install\u00e9 seul. Il peut donc \u00eatre accompagn\u00e9 du drapeau europ\u00e9en.<\/p>\t\t\t\t\t\t\t\t<\/div>\n\t\t\t\t<\/div>\n\t\t\t\t\t<\/div>\n\t\t<\/div>\n\t\t\t\t\t<\/div>\n\t\t<\/section>\n\t\t\t\t<section class=\"elementor-section elementor-top-section elementor-element elementor-element-54e53a35 elementor-section-boxed elementor-section-height-default elementor-section-height-default\" data-id=\"54e53a35\" data-element_type=\"section\">\n\t\t\t\t\t\t<div class=\"elementor-container elementor-column-gap-default\">\n\t\t\t\t\t<div class=\"elementor-column elementor-col-100 elementor-top-column elementor-element elementor-element-2dc5714e\" data-id=\"2dc5714e\" data-element_type=\"column\">\n\t\t\t<div class=\"elementor-widget-wrap elementor-element-populated\">\n\t\t\t\t\t\t<div class=\"elementor-element elementor-element-75e82df3 elementor-widget-divider--view-line elementor-widget elementor-widget-divider\" data-id=\"75e82df3\" data-element_type=\"widget\" data-widget_type=\"divider.default\">\n\t\t\t\t<div class=\"elementor-widget-container\">\n\t\t\t\t\t\t\t<div class=\"elementor-divider\">\n\t\t\t<span class=\"elementor-divider-separator\">\n\t\t\t\t\t\t<\/span>\n\t\t<\/div>\n\t\t\t\t\t\t<\/div>\n\t\t\t\t<\/div>\n\t\t\t\t\t<\/div>\n\t\t<\/div>\n\t\t\t\t\t<\/div>\n\t\t<\/section>\n\t\t\t\t<section class=\"elementor-section elementor-top-section elementor-element elementor-element-45208d7 elementor-section-boxed elementor-section-height-default elementor-section-height-default\" data-id=\"45208d7\" data-element_type=\"section\">\n\t\t\t\t\t\t<div class=\"elementor-container elementor-column-gap-default\">\n\t\t\t\t\t<div class=\"elementor-column elementor-col-100 elementor-top-column elementor-element elementor-element-43c3f8c\" data-id=\"43c3f8c\" data-element_type=\"column\">\n\t\t\t<div class=\"elementor-widget-wrap elementor-element-populated\">\n\t\t\t\t\t\t<div class=\"elementor-element elementor-element-91c1ec7 elementor-widget elementor-widget-text-editor\" data-id=\"91c1ec7\" data-element_type=\"widget\" data-widget_type=\"text-editor.default\">\n\t\t\t\t<div class=\"elementor-widget-container\">\n\t\t\t\t\t\t\t\t\t<h3>Pour toutes les comm\u00e9morations et journ\u00e9es nationales, commandez en ligne le drapeau fran\u00e7ais officiel\u00a0<\/h3>\t\t\t\t\t\t\t\t<\/div>\n\t\t\t\t<\/div>\n\t\t\t\t\t<\/div>\n\t\t<\/div>\n\t\t\t\t\t<\/div>\n\t\t<\/section>\n\t\t\t\t<section class=\"elementor-section elementor-top-section elementor-element elementor-element-2f433c5 elementor-section-boxed elementor-section-height-default elementor-section-height-default\" data-id=\"2f433c5\" data-element_type=\"section\">\n\t\t\t\t\t\t<div class=\"elementor-container elementor-column-gap-default\">\n\t\t\t\t\t<div class=\"elementor-column elementor-col-100 elementor-top-column elementor-element elementor-element-77eea63\" data-id=\"77eea63\" data-element_type=\"column\">\n\t\t\t<div class=\"elementor-widget-wrap elementor-element-populated\">\n\t\t\t\t\t\t<div class=\"elementor-element elementor-element-86699a1 elementor-widget elementor-widget-shortcode\" data-id=\"86699a1\" data-element_type=\"widget\" data-widget_type=\"shortcode.default\">\n\t\t\t\t<div class=\"elementor-widget-container\">\n\t\t\t\t\t\t\t<div class=\"elementor-shortcode\"><div class=\"container p-0 m-0\">\n    <div class=\"row m-0 border\">\n        <div class=\"col-12 col-lg-6\">\n            <img decoding=\"async\" src=\"https:\/\/www.macapflag.com\/1857560-home_default\/drapeau-francais-officiel.jpg\" alt=\"Drapeau fran&ccedil;ais officiel\" class=\"mx-auto\" \/>\n        <\/div>\n        <div class=\"col-12 col-lg-6 box-didpd-body\">\n            <div class=\"box-didpd-text\">\n                <a href=\"https:\/\/www.macapflag.com\/drapeau-pays-pour-mat\/33-drapeau-francais-officiel.html\" target=\"_blank\" class=\"stretched-link\">\n                    <h3>Drapeau fran\u00e7ais officiel<\/h3>\n                <\/a>\n                <p>Drapeau pour m\u00e2t disponible en plusieurs tailles avec diff\u00e9rentes options de montage et finitions.<\/p>\n            <\/div>\n                        <p class=\"text-center font-weight-bold\">6,00 \u20ac HT<\/p>            <div class=\"text-center\">\n                <button class=\"btn btn-primary\">Acheter en ligne<\/button>\n            <\/div>\n        <\/div>\n    <\/div>\n<\/div>\n<\/div>\n\t\t\t\t\t\t<\/div>\n\t\t\t\t<\/div>\n\t\t\t\t\t<\/div>\n\t\t<\/div>\n\t\t\t\t\t<\/div>\n\t\t<\/section>\n\t\t\t\t<\/div>\n\t\t","protected":false},"excerpt":{"rendered":"<div class=\"tmnf_excerpt\"><p>Un calendrier officiel de pavoisement des \u00e9difices et des b\u00e2timents publics est \u00e9dit\u00e9 chaque ann\u00e9e. Il r\u00e9pertorie les quatorze journ\u00e9es au cours desquelles le pavoisement des b\u00e2timents et des \u00e9difices publics avec le drapeau fran\u00e7ais est obligatoire. Ces journ\u00e9es comm\u00e9moratives entretiennent notre devoir de m\u00e9moire tout en permettant aussi de le transmettre aux jeunes g\u00e9n\u00e9rations. &hellip;<\/p>\n<\/div>","protected":false},"author":2,"featured_media":12603,"comment_status":"closed","ping_status":"open","sticky":false,"template":"template-fullwidth.php","format":"standard","meta":{"footnotes":""},"categories":[92],"tags":[],"class_list":["post-12685","post","type-post","status-publish","format-standard","has-post-thumbnail","hentry","category-news"],"yoast_head":"<!-- This site is optimized with the Yoast SEO plugin v26.4 - https:\/\/yoast.com\/wordpress\/plugins\/seo\/ -->\n<title>Le 8 juin, journ\u00e9e hommage aux morts pour la France en Indochine<\/title>\n<meta name=\"description\" content=\"Le 8 juin est la journ\u00e9e nationale d&#039;hommage aux morts pour la France en Indochine. Cette partie du monde est aujourd&#039;hui le Vietnam.\" \/>\n<meta name=\"robots\" content=\"index, follow, max-snippet:-1, max-image-preview:large, max-video-preview:-1\" \/>\n<link rel=\"canonical\" href=\"https:\/\/www.macapflag.com\/blog\/8-juin\/\" \/>\n<meta property=\"og:locale\" content=\"fr_FR\" \/>\n<meta property=\"og:type\" content=\"article\" \/>\n<meta property=\"og:title\" content=\"Le 8 juin, journ\u00e9e hommage aux morts pour la France en Indochine\" \/>\n<meta property=\"og:description\" content=\"Le 8 juin est la journ\u00e9e nationale d&#039;hommage aux morts pour la France en Indochine. Cette partie du monde est aujourd&#039;hui le Vietnam.\" \/>\n<meta property=\"og:url\" content=\"https:\/\/www.macapflag.com\/blog\/8-juin\/\" \/>\n<meta property=\"og:site_name\" content=\"Blog - Macap\" \/>\n<meta property=\"article:publisher\" content=\"https:\/\/www.facebook.com\/macap.pavoisement\/\" \/>\n<meta property=\"article:published_time\" content=\"2025-06-08T06:00:46+00:00\" \/>\n<meta property=\"og:image\" content=\"https:\/\/www.macapflag.com\/blog\/wp-content\/uploads\/2023\/02\/8-juin-journee-nationale-pavoisement.jpg\" \/>\n\t<meta property=\"og:image:width\" content=\"870\" \/>\n\t<meta property=\"og:image:height\" content=\"600\" \/>\n\t<meta property=\"og:image:type\" content=\"image\/jpeg\" \/>\n<meta name=\"author\" content=\"Blog Macap\" \/>\n<meta name=\"twitter:card\" content=\"summary_large_image\" \/>\n<meta name=\"twitter:label1\" content=\"\u00c9crit par\" \/>\n\t<meta name=\"twitter:data1\" content=\"Blog Macap\" \/>\n\t<meta name=\"twitter:label2\" content=\"Dur\u00e9e de lecture estim\u00e9e\" \/>\n\t<meta name=\"twitter:data2\" content=\"3 minutes\" \/>\n<script type=\"application\/ld+json\" class=\"yoast-schema-graph\">{\"@context\":\"https:\/\/schema.org\",\"@graph\":[{\"@type\":\"Article\",\"@id\":\"https:\/\/www.macapflag.com\/blog\/8-juin\/#article\",\"isPartOf\":{\"@id\":\"https:\/\/www.macapflag.com\/blog\/8-juin\/\"},\"author\":{\"name\":\"Blog Macap\",\"@id\":\"https:\/\/www.macapflag.com\/blog\/#\/schema\/person\/3fea701f2603875e651e6b662578fc3c\"},\"headline\":\"Journ\u00e9e de pavoisement du 8 juin 2025\",\"datePublished\":\"2025-06-08T06:00:46+00:00\",\"mainEntityOfPage\":{\"@id\":\"https:\/\/www.macapflag.com\/blog\/8-juin\/\"},\"wordCount\":440,\"publisher\":{\"@id\":\"https:\/\/www.macapflag.com\/blog\/#organization\"},\"image\":{\"@id\":\"https:\/\/www.macapflag.com\/blog\/8-juin\/#primaryimage\"},\"thumbnailUrl\":\"https:\/\/www.macapflag.com\/blog\/wp-content\/uploads\/2023\/02\/8-juin-journee-nationale-pavoisement.jpg\",\"articleSection\":[\"News &amp; Actu\"],\"inLanguage\":\"fr-FR\"},{\"@type\":\"WebPage\",\"@id\":\"https:\/\/www.macapflag.com\/blog\/8-juin\/\",\"url\":\"https:\/\/www.macapflag.com\/blog\/8-juin\/\",\"name\":\"Le 8 juin, journ\u00e9e hommage aux morts pour la France en Indochine\",\"isPartOf\":{\"@id\":\"https:\/\/www.macapflag.com\/blog\/#website\"},\"primaryImageOfPage\":{\"@id\":\"https:\/\/www.macapflag.com\/blog\/8-juin\/#primaryimage\"},\"image\":{\"@id\":\"https:\/\/www.macapflag.com\/blog\/8-juin\/#primaryimage\"},\"thumbnailUrl\":\"https:\/\/www.macapflag.com\/blog\/wp-content\/uploads\/2023\/02\/8-juin-journee-nationale-pavoisement.jpg\",\"datePublished\":\"2025-06-08T06:00:46+00:00\",\"description\":\"Le 8 juin est la journ\u00e9e nationale d'hommage aux morts pour la France en Indochine. Cette partie du monde est aujourd'hui le Vietnam.\",\"breadcrumb\":{\"@id\":\"https:\/\/www.macapflag.com\/blog\/8-juin\/#breadcrumb\"},\"inLanguage\":\"fr-FR\",\"potentialAction\":[{\"@type\":\"ReadAction\",\"target\":[\"https:\/\/www.macapflag.com\/blog\/8-juin\/\"]}]},{\"@type\":\"ImageObject\",\"inLanguage\":\"fr-FR\",\"@id\":\"https:\/\/www.macapflag.com\/blog\/8-juin\/#primaryimage\",\"url\":\"https:\/\/www.macapflag.com\/blog\/wp-content\/uploads\/2023\/02\/8-juin-journee-nationale-pavoisement.jpg\",\"contentUrl\":\"https:\/\/www.macapflag.com\/blog\/wp-content\/uploads\/2023\/02\/8-juin-journee-nationale-pavoisement.jpg\",\"width\":870,\"height\":600,\"caption\":\"8 juin, hommage aux morts en Indochine\"},{\"@type\":\"BreadcrumbList\",\"@id\":\"https:\/\/www.macapflag.com\/blog\/8-juin\/#breadcrumb\",\"itemListElement\":[{\"@type\":\"ListItem\",\"position\":1,\"name\":\"Accueil\",\"item\":\"https:\/\/www.macapflag.com\/blog\/\"},{\"@type\":\"ListItem\",\"position\":2,\"name\":\"Journ\u00e9e de pavoisement du 8 juin 2025\"}]},{\"@type\":\"WebSite\",\"@id\":\"https:\/\/www.macapflag.com\/blog\/#website\",\"url\":\"https:\/\/www.macapflag.com\/blog\/\",\"name\":\"Blog - Macap\",\"description\":\"Tous nos articles\",\"publisher\":{\"@id\":\"https:\/\/www.macapflag.com\/blog\/#organization\"},\"potentialAction\":[{\"@type\":\"SearchAction\",\"target\":{\"@type\":\"EntryPoint\",\"urlTemplate\":\"https:\/\/www.macapflag.com\/blog\/?s={search_term_string}\"},\"query-input\":{\"@type\":\"PropertyValueSpecification\",\"valueRequired\":true,\"valueName\":\"search_term_string\"}}],\"inLanguage\":\"fr-FR\"},{\"@type\":\"Organization\",\"@id\":\"https:\/\/www.macapflag.com\/blog\/#organization\",\"name\":\"macapflag\",\"url\":\"https:\/\/www.macapflag.com\/blog\/\",\"logo\":{\"@type\":\"ImageObject\",\"inLanguage\":\"fr-FR\",\"@id\":\"https:\/\/www.macapflag.com\/blog\/#\/schema\/logo\/image\/\",\"url\":\"https:\/\/www.macapflag.com\/blog\/wp-content\/uploads\/2020\/12\/cropped-M-512-1.png\",\"contentUrl\":\"https:\/\/www.macapflag.com\/blog\/wp-content\/uploads\/2020\/12\/cropped-M-512-1.png\",\"width\":512,\"height\":512,\"caption\":\"macapflag\"},\"image\":{\"@id\":\"https:\/\/www.macapflag.com\/blog\/#\/schema\/logo\/image\/\"},\"sameAs\":[\"https:\/\/www.facebook.com\/macap.pavoisement\/\",\"https:\/\/www.instagram.com\/macapflag\/?hl=fr\",\"https:\/\/www.linkedin.com\/company\/macap\/?originalSubdomain=fr\",\"https:\/\/www.youtube.com\/channel\/UCXNzTIdZh9poEBjSXEqDtNw\"]},{\"@type\":\"Person\",\"@id\":\"https:\/\/www.macapflag.com\/blog\/#\/schema\/person\/3fea701f2603875e651e6b662578fc3c\",\"name\":\"Blog Macap\",\"image\":{\"@type\":\"ImageObject\",\"inLanguage\":\"fr-FR\",\"@id\":\"https:\/\/www.macapflag.com\/blog\/#\/schema\/person\/image\/\",\"url\":\"https:\/\/secure.gravatar.com\/avatar\/c12551f2dc51f0db049633b03e7856985477a70da834cc8967dea4ce54bdd6a2?s=96&d=mm&r=g\",\"contentUrl\":\"https:\/\/secure.gravatar.com\/avatar\/c12551f2dc51f0db049633b03e7856985477a70da834cc8967dea4ce54bdd6a2?s=96&d=mm&r=g\",\"caption\":\"Blog Macap\"},\"url\":\"https:\/\/www.macapflag.com\/blog\/author\/macap\/\"}]}<\/script>\n<!-- \/ Yoast SEO plugin. -->","yoast_head_json":{"title":"Le 8 juin, journ\u00e9e hommage aux morts pour la France en Indochine","description":"Le 8 juin est la journ\u00e9e nationale d'hommage aux morts pour la France en Indochine. Cette partie du monde est aujourd'hui le Vietnam.","robots":{"index":"index","follow":"follow","max-snippet":"max-snippet:-1","max-image-preview":"max-image-preview:large","max-video-preview":"max-video-preview:-1"},"canonical":"https:\/\/www.macapflag.com\/blog\/8-juin\/","og_locale":"fr_FR","og_type":"article","og_title":"Le 8 juin, journ\u00e9e hommage aux morts pour la France en Indochine","og_description":"Le 8 juin est la journ\u00e9e nationale d'hommage aux morts pour la France en Indochine. Cette partie du monde est aujourd'hui le Vietnam.","og_url":"https:\/\/www.macapflag.com\/blog\/8-juin\/","og_site_name":"Blog - Macap","article_publisher":"https:\/\/www.facebook.com\/macap.pavoisement\/","article_published_time":"2025-06-08T06:00:46+00:00","og_image":[{"width":870,"height":600,"url":"https:\/\/www.macapflag.com\/blog\/wp-content\/uploads\/2023\/02\/8-juin-journee-nationale-pavoisement.jpg","type":"image\/jpeg"}],"author":"Blog Macap","twitter_card":"summary_large_image","twitter_misc":{"\u00c9crit par":"Blog Macap","Dur\u00e9e de lecture estim\u00e9e":"3 minutes"},"schema":{"@context":"https:\/\/schema.org","@graph":[{"@type":"Article","@id":"https:\/\/www.macapflag.com\/blog\/8-juin\/#article","isPartOf":{"@id":"https:\/\/www.macapflag.com\/blog\/8-juin\/"},"author":{"name":"Blog Macap","@id":"https:\/\/www.macapflag.com\/blog\/#\/schema\/person\/3fea701f2603875e651e6b662578fc3c"},"headline":"Journ\u00e9e de pavoisement du 8 juin 2025","datePublished":"2025-06-08T06:00:46+00:00","mainEntityOfPage":{"@id":"https:\/\/www.macapflag.com\/blog\/8-juin\/"},"wordCount":440,"publisher":{"@id":"https:\/\/www.macapflag.com\/blog\/#organization"},"image":{"@id":"https:\/\/www.macapflag.com\/blog\/8-juin\/#primaryimage"},"thumbnailUrl":"https:\/\/www.macapflag.com\/blog\/wp-content\/uploads\/2023\/02\/8-juin-journee-nationale-pavoisement.jpg","articleSection":["News &amp; Actu"],"inLanguage":"fr-FR"},{"@type":"WebPage","@id":"https:\/\/www.macapflag.com\/blog\/8-juin\/","url":"https:\/\/www.macapflag.com\/blog\/8-juin\/","name":"Le 8 juin, journ\u00e9e hommage aux morts pour la France en Indochine","isPartOf":{"@id":"https:\/\/www.macapflag.com\/blog\/#website"},"primaryImageOfPage":{"@id":"https:\/\/www.macapflag.com\/blog\/8-juin\/#primaryimage"},"image":{"@id":"https:\/\/www.macapflag.com\/blog\/8-juin\/#primaryimage"},"thumbnailUrl":"https:\/\/www.macapflag.com\/blog\/wp-content\/uploads\/2023\/02\/8-juin-journee-nationale-pavoisement.jpg","datePublished":"2025-06-08T06:00:46+00:00","description":"Le 8 juin est la journ\u00e9e nationale d'hommage aux morts pour la France en Indochine. Cette partie du monde est aujourd'hui le Vietnam.","breadcrumb":{"@id":"https:\/\/www.macapflag.com\/blog\/8-juin\/#breadcrumb"},"inLanguage":"fr-FR","potentialAction":[{"@type":"ReadAction","target":["https:\/\/www.macapflag.com\/blog\/8-juin\/"]}]},{"@type":"ImageObject","inLanguage":"fr-FR","@id":"https:\/\/www.macapflag.com\/blog\/8-juin\/#primaryimage","url":"https:\/\/www.macapflag.com\/blog\/wp-content\/uploads\/2023\/02\/8-juin-journee-nationale-pavoisement.jpg","contentUrl":"https:\/\/www.macapflag.com\/blog\/wp-content\/uploads\/2023\/02\/8-juin-journee-nationale-pavoisement.jpg","width":870,"height":600,"caption":"8 juin, hommage aux morts en Indochine"},{"@type":"BreadcrumbList","@id":"https:\/\/www.macapflag.com\/blog\/8-juin\/#breadcrumb","itemListElement":[{"@type":"ListItem","position":1,"name":"Accueil","item":"https:\/\/www.macapflag.com\/blog\/"},{"@type":"ListItem","position":2,"name":"Journ\u00e9e de pavoisement du 8 juin 2025"}]},{"@type":"WebSite","@id":"https:\/\/www.macapflag.com\/blog\/#website","url":"https:\/\/www.macapflag.com\/blog\/","name":"Blog - Macap","description":"Tous nos articles","publisher":{"@id":"https:\/\/www.macapflag.com\/blog\/#organization"},"potentialAction":[{"@type":"SearchAction","target":{"@type":"EntryPoint","urlTemplate":"https:\/\/www.macapflag.com\/blog\/?s={search_term_string}"},"query-input":{"@type":"PropertyValueSpecification","valueRequired":true,"valueName":"search_term_string"}}],"inLanguage":"fr-FR"},{"@type":"Organization","@id":"https:\/\/www.macapflag.com\/blog\/#organization","name":"macapflag","url":"https:\/\/www.macapflag.com\/blog\/","logo":{"@type":"ImageObject","inLanguage":"fr-FR","@id":"https:\/\/www.macapflag.com\/blog\/#\/schema\/logo\/image\/","url":"https:\/\/www.macapflag.com\/blog\/wp-content\/uploads\/2020\/12\/cropped-M-512-1.png","contentUrl":"https:\/\/www.macapflag.com\/blog\/wp-content\/uploads\/2020\/12\/cropped-M-512-1.png","width":512,"height":512,"caption":"macapflag"},"image":{"@id":"https:\/\/www.macapflag.com\/blog\/#\/schema\/logo\/image\/"},"sameAs":["https:\/\/www.facebook.com\/macap.pavoisement\/","https:\/\/www.instagram.com\/macapflag\/?hl=fr","https:\/\/www.linkedin.com\/company\/macap\/?originalSubdomain=fr","https:\/\/www.youtube.com\/channel\/UCXNzTIdZh9poEBjSXEqDtNw"]},{"@type":"Person","@id":"https:\/\/www.macapflag.com\/blog\/#\/schema\/person\/3fea701f2603875e651e6b662578fc3c","name":"Blog Macap","image":{"@type":"ImageObject","inLanguage":"fr-FR","@id":"https:\/\/www.macapflag.com\/blog\/#\/schema\/person\/image\/","url":"https:\/\/secure.gravatar.com\/avatar\/c12551f2dc51f0db049633b03e7856985477a70da834cc8967dea4ce54bdd6a2?s=96&d=mm&r=g","contentUrl":"https:\/\/secure.gravatar.com\/avatar\/c12551f2dc51f0db049633b03e7856985477a70da834cc8967dea4ce54bdd6a2?s=96&d=mm&r=g","caption":"Blog Macap"},"url":"https:\/\/www.macapflag.com\/blog\/author\/macap\/"}]}},"_links":{"self":[{"href":"https:\/\/www.macapflag.com\/blog\/wp-json\/wp\/v2\/posts\/12685","targetHints":{"allow":["GET"]}}],"collection":[{"href":"https:\/\/www.macapflag.com\/blog\/wp-json\/wp\/v2\/posts"}],"about":[{"href":"https:\/\/www.macapflag.com\/blog\/wp-json\/wp\/v2\/types\/post"}],"author":[{"embeddable":true,"href":"https:\/\/www.macapflag.com\/blog\/wp-json\/wp\/v2\/users\/2"}],"replies":[{"embeddable":true,"href":"https:\/\/www.macapflag.com\/blog\/wp-json\/wp\/v2\/comments?post=12685"}],"version-history":[{"count":10,"href":"https:\/\/www.macapflag.com\/blog\/wp-json\/wp\/v2\/posts\/12685\/revisions"}],"predecessor-version":[{"id":20203,"href":"https:\/\/www.macapflag.com\/blog\/wp-json\/wp\/v2\/posts\/12685\/revisions\/20203"}],"wp:featuredmedia":[{"embeddable":true,"href":"https:\/\/www.macapflag.com\/blog\/wp-json\/wp\/v2\/media\/12603"}],"wp:attachment":[{"href":"https:\/\/www.macapflag.com\/blog\/wp-json\/wp\/v2\/media?parent=12685"}],"wp:term":[{"taxonomy":"category","embeddable":true,"href":"https:\/\/www.macapflag.com\/blog\/wp-json\/wp\/v2\/categories?post=12685"},{"taxonomy":"post_tag","embeddable":true,"href":"https:\/\/www.macapflag.com\/blog\/wp-json\/wp\/v2\/tags?post=12685"}],"curies":[{"name":"wp","href":"https:\/\/api.w.org\/{rel}","templated":true}]}}