{"id":12934,"date":"2026-04-27T09:34:03","date_gmt":"2026-04-27T07:34:03","guid":{"rendered":"https:\/\/www.macapflag.com\/blog\/?p=12934"},"modified":"2026-04-27T09:34:03","modified_gmt":"2026-04-27T07:34:03","slug":"afrique-du-sud","status":"publish","type":"post","link":"https:\/\/www.macapflag.com\/blog\/afrique-du-sud\/","title":{"rendered":"Un jour, un pays. Le 27 avril en Afrique du Sud"},"content":{"rendered":"\t\t<div data-elementor-type=\"wp-post\" data-elementor-id=\"12934\" class=\"elementor elementor-12934\">\n\t\t\t\t\t\t<section class=\"elementor-section elementor-top-section elementor-element elementor-element-47b5fc0f elementor-section-boxed elementor-section-height-default elementor-section-height-default\" data-id=\"47b5fc0f\" data-element_type=\"section\">\n\t\t\t\t\t\t<div class=\"elementor-container elementor-column-gap-default\">\n\t\t\t\t\t<div class=\"elementor-column elementor-col-100 elementor-top-column elementor-element elementor-element-7d27fd3d\" data-id=\"7d27fd3d\" data-element_type=\"column\">\n\t\t\t<div class=\"elementor-widget-wrap elementor-element-populated\">\n\t\t\t\t\t\t<div class=\"elementor-element elementor-element-4aadca48 elementor-widget elementor-widget-heading\" data-id=\"4aadca48\" data-element_type=\"widget\" data-widget_type=\"heading.default\">\n\t\t\t\t<div class=\"elementor-widget-container\">\n\t\t\t\t\t<h2 class=\"elementor-heading-title elementor-size-default\">8 infos cl\u00e9s sur l'Afrique du Sud en 2026<\/h2>\t\t\t\t<\/div>\n\t\t\t\t<\/div>\n\t\t\t\t\t<\/div>\n\t\t<\/div>\n\t\t\t\t\t<\/div>\n\t\t<\/section>\n\t\t\t\t<section class=\"elementor-section elementor-top-section elementor-element elementor-element-56c22a5a elementor-section-boxed elementor-section-height-default elementor-section-height-default\" data-id=\"56c22a5a\" data-element_type=\"section\">\n\t\t\t\t\t\t<div class=\"elementor-container elementor-column-gap-default\">\n\t\t\t\t\t<div class=\"elementor-column elementor-col-33 elementor-top-column elementor-element elementor-element-61e67f46\" data-id=\"61e67f46\" data-element_type=\"column\">\n\t\t\t<div class=\"elementor-widget-wrap elementor-element-populated\">\n\t\t\t\t\t\t<div class=\"elementor-element elementor-element-60a9bcca elementor-widget elementor-widget-image\" data-id=\"60a9bcca\" data-element_type=\"widget\" data-widget_type=\"image.default\">\n\t\t\t\t<div class=\"elementor-widget-container\">\n\t\t\t\t\t\t\t\t\t\t\t\t\t\t\t<img decoding=\"async\" width=\"171\" height=\"142\" src=\"https:\/\/www.macapflag.com\/blog\/wp-content\/uploads\/2022\/09\/localisation.jpg\" class=\"attachment-large size-large wp-image-11202\" alt=\"Localisation du pays\" \/>\t\t\t\t\t\t\t\t\t\t\t\t\t\t\t<\/div>\n\t\t\t\t<\/div>\n\t\t\t\t\t<\/div>\n\t\t<\/div>\n\t\t\t\t<div class=\"elementor-column elementor-col-66 elementor-top-column elementor-element elementor-element-63081374\" data-id=\"63081374\" data-element_type=\"column\">\n\t\t\t<div class=\"elementor-widget-wrap elementor-element-populated\">\n\t\t\t\t\t\t<div class=\"elementor-element elementor-element-47c93685 elementor-widget elementor-widget-heading\" data-id=\"47c93685\" data-element_type=\"widget\" data-widget_type=\"heading.default\">\n\t\t\t\t<div class=\"elementor-widget-container\">\n\t\t\t\t\t<h3 class=\"elementor-heading-title elementor-size-default\">Localisation\u200b<\/h3>\t\t\t\t<\/div>\n\t\t\t\t<\/div>\n\t\t\t\t<div class=\"elementor-element elementor-element-1fbeb554 elementor-widget elementor-widget-text-editor\" data-id=\"1fbeb554\" data-element_type=\"widget\" data-widget_type=\"text-editor.default\">\n\t\t\t\t<div class=\"elementor-widget-container\">\n\t\t\t\t\t\t\t\t\t<p>L\u2019Afrique du Sud est un pays situ\u00e9 \u00e0 l\u2019extr\u00eame sud du continent africain. Le pays compte 3 capitales :<\/p>\t\t\t\t\t\t\t\t<\/div>\n\t\t\t\t<\/div>\n\t\t\t\t\t<\/div>\n\t\t<\/div>\n\t\t\t\t\t<\/div>\n\t\t<\/section>\n\t\t\t\t<section class=\"elementor-section elementor-top-section elementor-element elementor-element-c5aa078 elementor-section-boxed elementor-section-height-default elementor-section-height-default\" data-id=\"c5aa078\" data-element_type=\"section\">\n\t\t\t\t\t\t<div class=\"elementor-container elementor-column-gap-default\">\n\t\t\t\t\t<div class=\"elementor-column elementor-col-100 elementor-top-column elementor-element elementor-element-de3ec9f\" data-id=\"de3ec9f\" data-element_type=\"column\">\n\t\t\t<div class=\"elementor-widget-wrap elementor-element-populated\">\n\t\t\t\t\t\t<div class=\"elementor-element elementor-element-23aba73 elementor-widget elementor-widget-text-editor\" data-id=\"23aba73\" data-element_type=\"widget\" data-widget_type=\"text-editor.default\">\n\t\t\t\t<div class=\"elementor-widget-container\">\n\t\t\t\t\t\t\t\t\t<ul><li>Pretoria : Capitale administrative, si\u00e8ge du gouvernement, des minist\u00e8res et des ambassades.<\/li><li>Le Cap ou Cape Town : Capitale l\u00e9gislative, si\u00e8ge du Parlement<\/li><li>Bloemfontein : Capitale judiciaire, si\u00e8ge de la Cour Supr\u00eame<\/li><\/ul>\t\t\t\t\t\t\t\t<\/div>\n\t\t\t\t<\/div>\n\t\t\t\t\t<\/div>\n\t\t<\/div>\n\t\t\t\t\t<\/div>\n\t\t<\/section>\n\t\t\t\t<section class=\"elementor-section elementor-top-section elementor-element elementor-element-bf88adc elementor-section-boxed elementor-section-height-default elementor-section-height-default\" data-id=\"bf88adc\" data-element_type=\"section\">\n\t\t\t\t\t\t<div class=\"elementor-container elementor-column-gap-default\">\n\t\t\t\t\t<div class=\"elementor-column elementor-col-33 elementor-top-column elementor-element elementor-element-303d1190\" data-id=\"303d1190\" data-element_type=\"column\">\n\t\t\t<div class=\"elementor-widget-wrap elementor-element-populated\">\n\t\t\t\t\t\t<div class=\"elementor-element elementor-element-35b5cbdb elementor-widget elementor-widget-image\" data-id=\"35b5cbdb\" data-element_type=\"widget\" data-widget_type=\"image.default\">\n\t\t\t\t<div class=\"elementor-widget-container\">\n\t\t\t\t\t\t\t\t\t\t\t\t\t\t\t<img decoding=\"async\" width=\"171\" height=\"142\" src=\"https:\/\/www.macapflag.com\/blog\/wp-content\/uploads\/2022\/09\/population.jpg\" class=\"attachment-large size-large wp-image-11204\" alt=\"Population du pays\" \/>\t\t\t\t\t\t\t\t\t\t\t\t\t\t\t<\/div>\n\t\t\t\t<\/div>\n\t\t\t\t\t<\/div>\n\t\t<\/div>\n\t\t\t\t<div class=\"elementor-column elementor-col-66 elementor-top-column elementor-element elementor-element-3297033f\" data-id=\"3297033f\" data-element_type=\"column\">\n\t\t\t<div class=\"elementor-widget-wrap elementor-element-populated\">\n\t\t\t\t\t\t<div class=\"elementor-element elementor-element-2d730d43 elementor-widget elementor-widget-heading\" data-id=\"2d730d43\" data-element_type=\"widget\" data-widget_type=\"heading.default\">\n\t\t\t\t<div class=\"elementor-widget-container\">\n\t\t\t\t\t<h3 class=\"elementor-heading-title elementor-size-default\">Population\u200b<\/h3>\t\t\t\t<\/div>\n\t\t\t\t<\/div>\n\t\t\t\t<div class=\"elementor-element elementor-element-569b8fbb elementor-widget elementor-widget-text-editor\" data-id=\"569b8fbb\" data-element_type=\"widget\" data-widget_type=\"text-editor.default\">\n\t\t\t\t<div class=\"elementor-widget-container\">\n\t\t\t\t\t\t\t\t\t<p><strong>65.1 millions<\/strong> d\u2019habitants (source Wikip\u00e9dia projection population 2026), ce qui place le pays au <strong>24\u00e8me<\/strong> rang mondial.<\/p>\t\t\t\t\t\t\t\t<\/div>\n\t\t\t\t<\/div>\n\t\t\t\t\t<\/div>\n\t\t<\/div>\n\t\t\t\t\t<\/div>\n\t\t<\/section>\n\t\t\t\t<section class=\"elementor-section elementor-top-section elementor-element elementor-element-109c575a elementor-section-boxed elementor-section-height-default elementor-section-height-default\" data-id=\"109c575a\" data-element_type=\"section\">\n\t\t\t\t\t\t<div class=\"elementor-container elementor-column-gap-default\">\n\t\t\t\t\t<div class=\"elementor-column elementor-col-33 elementor-top-column elementor-element elementor-element-1db37d28\" data-id=\"1db37d28\" data-element_type=\"column\">\n\t\t\t<div class=\"elementor-widget-wrap elementor-element-populated\">\n\t\t\t\t\t\t<div class=\"elementor-element elementor-element-4a01ba91 elementor-widget elementor-widget-image\" data-id=\"4a01ba91\" data-element_type=\"widget\" data-widget_type=\"image.default\">\n\t\t\t\t<div class=\"elementor-widget-container\">\n\t\t\t\t\t\t\t\t\t\t\t\t\t\t\t<img decoding=\"async\" width=\"171\" height=\"142\" src=\"https:\/\/www.macapflag.com\/blog\/wp-content\/uploads\/2022\/09\/langue.jpg\" class=\"attachment-large size-large wp-image-11201\" alt=\"Langue officielle du pays\" \/>\t\t\t\t\t\t\t\t\t\t\t\t\t\t\t<\/div>\n\t\t\t\t<\/div>\n\t\t\t\t\t<\/div>\n\t\t<\/div>\n\t\t\t\t<div class=\"elementor-column elementor-col-66 elementor-top-column elementor-element elementor-element-1f548343\" data-id=\"1f548343\" data-element_type=\"column\">\n\t\t\t<div class=\"elementor-widget-wrap elementor-element-populated\">\n\t\t\t\t\t\t<div class=\"elementor-element elementor-element-35cd3ba0 elementor-widget elementor-widget-heading\" data-id=\"35cd3ba0\" data-element_type=\"widget\" data-widget_type=\"heading.default\">\n\t\t\t\t<div class=\"elementor-widget-container\">\n\t\t\t\t\t<h3 class=\"elementor-heading-title elementor-size-default\">Langue officielle\u200b<\/h3>\t\t\t\t<\/div>\n\t\t\t\t<\/div>\n\t\t\t\t<div class=\"elementor-element elementor-element-7cfcc473 elementor-widget elementor-widget-text-editor\" data-id=\"7cfcc473\" data-element_type=\"widget\" data-widget_type=\"text-editor.default\">\n\t\t\t\t<div class=\"elementor-widget-container\">\n\t\t\t\t\t\t\t\t\t<p>La constitution sud-africaine de 1996 r\u00e9pertorie<strong> 11 langues officielles<\/strong>. Deux d\u2019entre elles sont d\u2019origine europ\u00e9enne (l\u2019anglais et l\u2019afrikaans) et les neuf autres appartiennent \u00e0 la famille des langues batoues (langues africaines).<\/p>\t\t\t\t\t\t\t\t<\/div>\n\t\t\t\t<\/div>\n\t\t\t\t\t<\/div>\n\t\t<\/div>\n\t\t\t\t\t<\/div>\n\t\t<\/section>\n\t\t\t\t<section class=\"elementor-section elementor-top-section elementor-element elementor-element-255297e8 elementor-section-boxed elementor-section-height-default elementor-section-height-default\" data-id=\"255297e8\" data-element_type=\"section\">\n\t\t\t\t\t\t<div class=\"elementor-container elementor-column-gap-default\">\n\t\t\t\t\t<div class=\"elementor-column elementor-col-33 elementor-top-column elementor-element elementor-element-e8939d3\" data-id=\"e8939d3\" data-element_type=\"column\">\n\t\t\t<div class=\"elementor-widget-wrap elementor-element-populated\">\n\t\t\t\t\t\t<div class=\"elementor-element elementor-element-51d9bb43 elementor-widget elementor-widget-image\" data-id=\"51d9bb43\" data-element_type=\"widget\" data-widget_type=\"image.default\">\n\t\t\t\t<div class=\"elementor-widget-container\">\n\t\t\t\t\t\t\t\t\t\t\t\t\t\t\t<img loading=\"lazy\" decoding=\"async\" width=\"171\" height=\"142\" src=\"https:\/\/www.macapflag.com\/blog\/wp-content\/uploads\/2022\/09\/pib.jpg\" class=\"attachment-large size-large wp-image-11203\" alt=\"Le PIB est le produit interieur brut\" \/>\t\t\t\t\t\t\t\t\t\t\t\t\t\t\t<\/div>\n\t\t\t\t<\/div>\n\t\t\t\t\t<\/div>\n\t\t<\/div>\n\t\t\t\t<div class=\"elementor-column elementor-col-66 elementor-top-column elementor-element elementor-element-7b3eeb32\" data-id=\"7b3eeb32\" data-element_type=\"column\">\n\t\t\t<div class=\"elementor-widget-wrap elementor-element-populated\">\n\t\t\t\t\t\t<div class=\"elementor-element elementor-element-401c8198 elementor-widget elementor-widget-heading\" data-id=\"401c8198\" data-element_type=\"widget\" data-widget_type=\"heading.default\">\n\t\t\t\t<div class=\"elementor-widget-container\">\n\t\t\t\t\t<h3 class=\"elementor-heading-title elementor-size-default\">PIB\u200b<\/h3>\t\t\t\t<\/div>\n\t\t\t\t<\/div>\n\t\t\t\t<div class=\"elementor-element elementor-element-7a6be431 elementor-widget elementor-widget-text-editor\" data-id=\"7a6be431\" data-element_type=\"widget\" data-widget_type=\"text-editor.default\">\n\t\t\t\t<div class=\"elementor-widget-container\">\n\t\t\t\t\t\t\t\t\t<p>Le PIB (Produit int\u00e9rieur brut) est de <strong>15905 Dollars<\/strong> internationaux par habitant ce qui classe le pays au 97\u00e8me rang mondial.<br \/><em>Source : Banque mondiale 2022.<\/em> <em>Le dollar international est une unit\u00e9 de compte (une monnaie fictive), qui poss\u00e8de le m\u00eame pouvoir d&#8217;achat dans un pays donn\u00e9 que le dollar am\u00e9ricain aux \u00c9tats-Unis, \u00e0 un moment donn\u00e9.<\/em><\/p>\t\t\t\t\t\t\t\t<\/div>\n\t\t\t\t<\/div>\n\t\t\t\t\t<\/div>\n\t\t<\/div>\n\t\t\t\t\t<\/div>\n\t\t<\/section>\n\t\t\t\t<section class=\"elementor-section elementor-top-section elementor-element elementor-element-4e0fe097 elementor-section-boxed elementor-section-height-default elementor-section-height-default\" data-id=\"4e0fe097\" data-element_type=\"section\">\n\t\t\t\t\t\t<div class=\"elementor-container elementor-column-gap-default\">\n\t\t\t\t\t<div class=\"elementor-column elementor-col-33 elementor-top-column elementor-element elementor-element-7885b954\" data-id=\"7885b954\" data-element_type=\"column\">\n\t\t\t<div class=\"elementor-widget-wrap elementor-element-populated\">\n\t\t\t\t\t\t<div class=\"elementor-element elementor-element-166436c7 elementor-widget elementor-widget-image\" data-id=\"166436c7\" data-element_type=\"widget\" data-widget_type=\"image.default\">\n\t\t\t\t<div class=\"elementor-widget-container\">\n\t\t\t\t\t\t\t\t\t\t\t\t\t\t\t<img loading=\"lazy\" decoding=\"async\" width=\"171\" height=\"142\" src=\"https:\/\/www.macapflag.com\/blog\/wp-content\/uploads\/2022\/09\/idh.jpg\" class=\"attachment-large size-large wp-image-11200\" alt=\"IDH, indice de d\u00e9veloppement humain\" \/>\t\t\t\t\t\t\t\t\t\t\t\t\t\t\t<\/div>\n\t\t\t\t<\/div>\n\t\t\t\t\t<\/div>\n\t\t<\/div>\n\t\t\t\t<div class=\"elementor-column elementor-col-66 elementor-top-column elementor-element elementor-element-6fed29fb\" data-id=\"6fed29fb\" data-element_type=\"column\">\n\t\t\t<div class=\"elementor-widget-wrap elementor-element-populated\">\n\t\t\t\t\t\t<div class=\"elementor-element elementor-element-2b9d93a5 elementor-widget elementor-widget-heading\" data-id=\"2b9d93a5\" data-element_type=\"widget\" data-widget_type=\"heading.default\">\n\t\t\t\t<div class=\"elementor-widget-container\">\n\t\t\t\t\t<h3 class=\"elementor-heading-title elementor-size-default\">IDH\u200b<\/h3>\t\t\t\t<\/div>\n\t\t\t\t<\/div>\n\t\t\t\t<div class=\"elementor-element elementor-element-526a181c elementor-widget elementor-widget-text-editor\" data-id=\"526a181c\" data-element_type=\"widget\" data-widget_type=\"text-editor.default\">\n\t\t\t\t<div class=\"elementor-widget-container\">\n\t\t\t\t\t\t\t\t\t<p>L\u2019IDH (Indice de d\u00e9veloppement humain utilis\u00e9 par l\u2019ONU pour mesurer les progr\u00e8s d\u2019un pays) \u00e9tait de <strong>0.717<\/strong> pts en 2022 ce qui place le pays au <strong>110\u00e8me<\/strong> rang sur 191 pays r\u00e9pertori\u00e9s au tableau de l\u2019IDH.<br \/><span style=\"font-weight: 400;\"><em>Source : ONU, rapport sur le d\u00e9veloppement humain 2023-2024\u00a0<\/em><\/span><\/p>\t\t\t\t\t\t\t\t<\/div>\n\t\t\t\t<\/div>\n\t\t\t\t\t<\/div>\n\t\t<\/div>\n\t\t\t\t\t<\/div>\n\t\t<\/section>\n\t\t\t\t<section class=\"elementor-section elementor-top-section elementor-element elementor-element-2c3b3aac elementor-section-boxed elementor-section-height-default elementor-section-height-default\" data-id=\"2c3b3aac\" data-element_type=\"section\">\n\t\t\t\t\t\t<div class=\"elementor-container elementor-column-gap-default\">\n\t\t\t\t\t<div class=\"elementor-column elementor-col-33 elementor-top-column elementor-element elementor-element-7301d6a2\" data-id=\"7301d6a2\" data-element_type=\"column\">\n\t\t\t<div class=\"elementor-widget-wrap elementor-element-populated\">\n\t\t\t\t\t\t<div class=\"elementor-element elementor-element-1c4fcc5b elementor-widget elementor-widget-image\" data-id=\"1c4fcc5b\" data-element_type=\"widget\" data-widget_type=\"image.default\">\n\t\t\t\t<div class=\"elementor-widget-container\">\n\t\t\t\t\t\t\t\t\t\t\t\t\t\t\t<img loading=\"lazy\" decoding=\"async\" width=\"171\" height=\"142\" src=\"https:\/\/www.macapflag.com\/blog\/wp-content\/uploads\/2022\/09\/drapeau.jpg\" class=\"attachment-large size-large wp-image-11199\" alt=\"Jour de f\u00eate nationale du pays\" \/>\t\t\t\t\t\t\t\t\t\t\t\t\t\t\t<\/div>\n\t\t\t\t<\/div>\n\t\t\t\t\t<\/div>\n\t\t<\/div>\n\t\t\t\t<div class=\"elementor-column elementor-col-66 elementor-top-column elementor-element elementor-element-5f3c34e4\" data-id=\"5f3c34e4\" data-element_type=\"column\">\n\t\t\t<div class=\"elementor-widget-wrap elementor-element-populated\">\n\t\t\t\t\t\t<div class=\"elementor-element elementor-element-a327b3d elementor-widget elementor-widget-heading\" data-id=\"a327b3d\" data-element_type=\"widget\" data-widget_type=\"heading.default\">\n\t\t\t\t<div class=\"elementor-widget-container\">\n\t\t\t\t\t<h3 class=\"elementor-heading-title elementor-size-default\">F\u00eate nationale de l'ind\u00e9pendance<\/h3>\t\t\t\t<\/div>\n\t\t\t\t<\/div>\n\t\t\t\t<div class=\"elementor-element elementor-element-4ea6d238 elementor-widget elementor-widget-text-editor\" data-id=\"4ea6d238\" data-element_type=\"widget\" data-widget_type=\"text-editor.default\">\n\t\t\t\t<div class=\"elementor-widget-container\">\n\t\t\t\t\t\t\t\t\t<p>Le 27 avril s\u2019appelle en Afrique du Sud le Jour de la Libert\u00e9 (<strong>Freedom Day<\/strong>). Cette date correspond \u00e0 la f\u00eate nationale institu\u00e9e par Nelson Mandela en 1995. Elle comm\u00e9more les premi\u00e8res \u00e9lections multiraciales organis\u00e9es en 1994 apr\u00e8s l\u2019abolition de l\u2019apartheid.<\/p>\t\t\t\t\t\t\t\t<\/div>\n\t\t\t\t<\/div>\n\t\t\t\t\t<\/div>\n\t\t<\/div>\n\t\t\t\t\t<\/div>\n\t\t<\/section>\n\t\t\t\t<section class=\"elementor-section elementor-top-section elementor-element elementor-element-ec5e5ef elementor-section-boxed elementor-section-height-default elementor-section-height-default\" data-id=\"ec5e5ef\" data-element_type=\"section\">\n\t\t\t\t\t\t<div class=\"elementor-container elementor-column-gap-default\">\n\t\t\t\t\t<div class=\"elementor-column elementor-col-33 elementor-top-column elementor-element elementor-element-6a5d643\" data-id=\"6a5d643\" data-element_type=\"column\">\n\t\t\t<div class=\"elementor-widget-wrap elementor-element-populated\">\n\t\t\t\t\t\t<div class=\"elementor-element elementor-element-1063612 elementor-widget elementor-widget-image\" data-id=\"1063612\" data-element_type=\"widget\" data-widget_type=\"image.default\">\n\t\t\t\t<div class=\"elementor-widget-container\">\n\t\t\t\t\t\t\t\t\t\t\t\t\t\t\t<img loading=\"lazy\" decoding=\"async\" width=\"171\" height=\"142\" src=\"https:\/\/www.macapflag.com\/blog\/wp-content\/uploads\/2024\/01\/icone-specialite-culinaire.jpg\" class=\"attachment-large size-large wp-image-15519\" alt=\"Une sp\u00e9cialit\u00e9 culinaire par pays\" \/>\t\t\t\t\t\t\t\t\t\t\t\t\t\t\t<\/div>\n\t\t\t\t<\/div>\n\t\t\t\t\t<\/div>\n\t\t<\/div>\n\t\t\t\t<div class=\"elementor-column elementor-col-66 elementor-top-column elementor-element elementor-element-3d193c8\" data-id=\"3d193c8\" data-element_type=\"column\">\n\t\t\t<div class=\"elementor-widget-wrap elementor-element-populated\">\n\t\t\t\t\t\t<div class=\"elementor-element elementor-element-4c18f4c elementor-widget elementor-widget-heading\" data-id=\"4c18f4c\" data-element_type=\"widget\" data-widget_type=\"heading.default\">\n\t\t\t\t<div class=\"elementor-widget-container\">\n\t\t\t\t\t<h3 class=\"elementor-heading-title elementor-size-default\">Sp\u00e9cialit\u00e9 culinaire<\/h3>\t\t\t\t<\/div>\n\t\t\t\t<\/div>\n\t\t\t\t<div class=\"elementor-element elementor-element-13ace2c elementor-widget elementor-widget-text-editor\" data-id=\"13ace2c\" data-element_type=\"widget\" data-widget_type=\"text-editor.default\">\n\t\t\t\t<div class=\"elementor-widget-container\">\n\t\t\t\t\t\t\t\t\t<p>Le <strong>bobotie <\/strong>est un plat mijot\u00e9 \u00e0 base de viande hach\u00e9e, pain, oignons, \u00e9pices et fruits secs. Cette recette sucr\u00e9e-sal\u00e9e est traditionnellement servie avec du riz complet rond.<\/p>\t\t\t\t\t\t\t\t<\/div>\n\t\t\t\t<\/div>\n\t\t\t\t\t<\/div>\n\t\t<\/div>\n\t\t\t\t\t<\/div>\n\t\t<\/section>\n\t\t\t\t<section class=\"elementor-section elementor-top-section elementor-element elementor-element-471366b elementor-section-boxed elementor-section-height-default elementor-section-height-default\" data-id=\"471366b\" data-element_type=\"section\">\n\t\t\t\t\t\t<div class=\"elementor-container elementor-column-gap-default\">\n\t\t\t\t\t<div class=\"elementor-column elementor-col-33 elementor-top-column elementor-element elementor-element-54f6596\" data-id=\"54f6596\" data-element_type=\"column\">\n\t\t\t<div class=\"elementor-widget-wrap elementor-element-populated\">\n\t\t\t\t\t\t<div class=\"elementor-element elementor-element-26851a5 elementor-widget elementor-widget-image\" data-id=\"26851a5\" data-element_type=\"widget\" data-widget_type=\"image.default\">\n\t\t\t\t<div class=\"elementor-widget-container\">\n\t\t\t\t\t\t\t\t\t\t\t\t\t\t\t<img loading=\"lazy\" decoding=\"async\" width=\"171\" height=\"142\" src=\"https:\/\/www.macapflag.com\/blog\/wp-content\/uploads\/2024\/01\/icone-personnalite.jpg\" class=\"attachment-large size-large wp-image-15518\" alt=\"Une personnalit\u00e9 par pays\" \/>\t\t\t\t\t\t\t\t\t\t\t\t\t\t\t<\/div>\n\t\t\t\t<\/div>\n\t\t\t\t\t<\/div>\n\t\t<\/div>\n\t\t\t\t<div class=\"elementor-column elementor-col-66 elementor-top-column elementor-element elementor-element-45e5c3f\" data-id=\"45e5c3f\" data-element_type=\"column\">\n\t\t\t<div class=\"elementor-widget-wrap elementor-element-populated\">\n\t\t\t\t\t\t<div class=\"elementor-element elementor-element-beae5db elementor-widget elementor-widget-heading\" data-id=\"beae5db\" data-element_type=\"widget\" data-widget_type=\"heading.default\">\n\t\t\t\t<div class=\"elementor-widget-container\">\n\t\t\t\t\t<h3 class=\"elementor-heading-title elementor-size-default\">Personnalit\u00e9 c\u00e9l\u00e8bre<\/h3>\t\t\t\t<\/div>\n\t\t\t\t<\/div>\n\t\t\t\t<div class=\"elementor-element elementor-element-d2f8a85 elementor-widget elementor-widget-text-editor\" data-id=\"d2f8a85\" data-element_type=\"widget\" data-widget_type=\"text-editor.default\">\n\t\t\t\t<div class=\"elementor-widget-container\">\n\t\t\t\t\t\t\t\t\t<p>La personne la plus c\u00e9l\u00e8bre d&#8217;Afrique du Sud est aussi l&#8217;une des personnes les plus c\u00e9l\u00e8bres du monde. <strong>Nelson Mandela<\/strong> reste pour toujours LA personne qui a marqu\u00e9 son pays et le monde entier. Son parcours de vie marqu\u00e9 par la lutte contre la s\u00e9gr\u00e9gation raciale est in\u00e9dit. <br \/>Pour avoir pacifiquement mis fin \u00e0 la politique d&#8217;apartheid et entam\u00e9 des n\u00e9gociations politiques, Nelson Mandela et Frederik de Klerk, alors pr\u00e9sident du pays, re\u00e7oivent conjointement le Prix Nobel de la paix en 1993.<\/p>\t\t\t\t\t\t\t\t<\/div>\n\t\t\t\t<\/div>\n\t\t\t\t\t<\/div>\n\t\t<\/div>\n\t\t\t\t\t<\/div>\n\t\t<\/section>\n\t\t\t\t<section class=\"elementor-section elementor-top-section elementor-element elementor-element-54e53a35 elementor-section-boxed elementor-section-height-default elementor-section-height-default\" data-id=\"54e53a35\" data-element_type=\"section\">\n\t\t\t\t\t\t<div class=\"elementor-container elementor-column-gap-default\">\n\t\t\t\t\t<div class=\"elementor-column elementor-col-100 elementor-top-column elementor-element elementor-element-2dc5714e\" data-id=\"2dc5714e\" data-element_type=\"column\">\n\t\t\t<div class=\"elementor-widget-wrap elementor-element-populated\">\n\t\t\t\t\t\t<div class=\"elementor-element elementor-element-75e82df3 elementor-widget-divider--view-line elementor-widget elementor-widget-divider\" data-id=\"75e82df3\" data-element_type=\"widget\" data-widget_type=\"divider.default\">\n\t\t\t\t<div class=\"elementor-widget-container\">\n\t\t\t\t\t\t\t<div class=\"elementor-divider\">\n\t\t\t<span class=\"elementor-divider-separator\">\n\t\t\t\t\t\t<\/span>\n\t\t<\/div>\n\t\t\t\t\t\t<\/div>\n\t\t\t\t<\/div>\n\t\t\t\t\t<\/div>\n\t\t<\/div>\n\t\t\t\t\t<\/div>\n\t\t<\/section>\n\t\t\t\t<section class=\"elementor-section elementor-top-section elementor-element elementor-element-5c438d5f elementor-section-boxed elementor-section-height-default elementor-section-height-default\" data-id=\"5c438d5f\" data-element_type=\"section\">\n\t\t\t\t\t\t<div class=\"elementor-container elementor-column-gap-default\">\n\t\t\t\t\t<div class=\"elementor-column elementor-col-100 elementor-top-column elementor-element elementor-element-794de4d2\" data-id=\"794de4d2\" data-element_type=\"column\">\n\t\t\t<div class=\"elementor-widget-wrap elementor-element-populated\">\n\t\t\t\t\t\t<div class=\"elementor-element elementor-element-4fba7907 elementor-widget elementor-widget-text-editor\" data-id=\"4fba7907\" data-element_type=\"widget\" data-widget_type=\"text-editor.default\">\n\t\t\t\t<div class=\"elementor-widget-container\">\n\t\t\t\t\t\t\t\t\t<p>On ne peut pas d\u00e9tacher l\u2019Afrique du Sud de son histoire marqu\u00e9e par l\u2019apartheid et la sagesse de Nelson Mandela malgr\u00e9 ses 27 ann\u00e9es de d\u00e9tention. <br \/>L\u2019Afrique du Sud, c&#8217;est aussi le Parc Kruger, ce parc naturel qui permet d\u2019admirer tant d\u2019animaux, le cap de Bonne-Esp\u00e9rance, la ville du Cap et celle de Johannesburg. L\u2019Afrique du Sud, ce sont aussi des grands vins, produits sur ce terroir depuis le XVII\u1d49 si\u00e8cle.<\/p>\t\t\t\t\t\t\t\t<\/div>\n\t\t\t\t<\/div>\n\t\t\t\t\t<\/div>\n\t\t<\/div>\n\t\t\t\t\t<\/div>\n\t\t<\/section>\n\t\t\t\t<section class=\"elementor-section elementor-top-section elementor-element elementor-element-1d5d3e31 elementor-section-boxed elementor-section-height-default elementor-section-height-default\" data-id=\"1d5d3e31\" data-element_type=\"section\">\n\t\t\t\t\t\t<div class=\"elementor-container elementor-column-gap-default\">\n\t\t\t\t\t<div class=\"elementor-column elementor-col-100 elementor-top-column elementor-element elementor-element-53d22f2b\" data-id=\"53d22f2b\" data-element_type=\"column\">\n\t\t\t<div class=\"elementor-widget-wrap elementor-element-populated\">\n\t\t\t\t\t\t<div class=\"elementor-element elementor-element-6c657894 elementor-widget-divider--view-line elementor-widget elementor-widget-divider\" data-id=\"6c657894\" data-element_type=\"widget\" data-widget_type=\"divider.default\">\n\t\t\t\t<div class=\"elementor-widget-container\">\n\t\t\t\t\t\t\t<div class=\"elementor-divider\">\n\t\t\t<span class=\"elementor-divider-separator\">\n\t\t\t\t\t\t<\/span>\n\t\t<\/div>\n\t\t\t\t\t\t<\/div>\n\t\t\t\t<\/div>\n\t\t\t\t\t<\/div>\n\t\t<\/div>\n\t\t\t\t\t<\/div>\n\t\t<\/section>\n\t\t\t\t<section class=\"elementor-section elementor-top-section elementor-element elementor-element-45208d7 elementor-section-boxed elementor-section-height-default elementor-section-height-default\" data-id=\"45208d7\" data-element_type=\"section\">\n\t\t\t\t\t\t<div class=\"elementor-container elementor-column-gap-default\">\n\t\t\t\t\t<div class=\"elementor-column elementor-col-100 elementor-top-column elementor-element elementor-element-43c3f8c\" data-id=\"43c3f8c\" data-element_type=\"column\">\n\t\t\t<div class=\"elementor-widget-wrap elementor-element-populated\">\n\t\t\t\t\t\t<div class=\"elementor-element elementor-element-91c1ec7 elementor-widget elementor-widget-text-editor\" data-id=\"91c1ec7\" data-element_type=\"widget\" data-widget_type=\"text-editor.default\">\n\t\t\t\t<div class=\"elementor-widget-container\">\n\t\t\t\t\t\t\t\t\t<h3>Commandez en ligne le drapeau officiel <br \/>de l&#8217;Afrique du Sud<\/h3>\t\t\t\t\t\t\t\t<\/div>\n\t\t\t\t<\/div>\n\t\t\t\t\t<\/div>\n\t\t<\/div>\n\t\t\t\t\t<\/div>\n\t\t<\/section>\n\t\t\t\t<section class=\"elementor-section elementor-top-section elementor-element elementor-element-345d511 elementor-section-boxed elementor-section-height-default elementor-section-height-default\" data-id=\"345d511\" data-element_type=\"section\">\n\t\t\t\t\t\t<div class=\"elementor-container elementor-column-gap-default\">\n\t\t\t\t\t<div class=\"elementor-column elementor-col-50 elementor-top-column elementor-element elementor-element-a41bc18\" data-id=\"a41bc18\" data-element_type=\"column\">\n\t\t\t<div class=\"elementor-widget-wrap elementor-element-populated\">\n\t\t\t\t\t\t<div class=\"elementor-element elementor-element-251944c elementor-widget elementor-widget-shortcode\" data-id=\"251944c\" data-element_type=\"widget\" data-widget_type=\"shortcode.default\">\n\t\t\t\t<div class=\"elementor-widget-container\">\n\t\t\t\t\t\t\t<div class=\"elementor-shortcode\"><div class=\"container p-0 m-0\">\n    <div class=\"row m-0 border\">\n        <div class=\"col-12 grid-didpd-body text-center\">\n            <img decoding=\"async\" src=\"https:\/\/www.macapflag.com\/1857469-home_default\/drapeau-afrique-du-sud-officiel.jpg\" alt=\"Drapeau officiel Afrique du Sud\" class=\"mx-auto\" \/>\n            <div class=\"grid-didpd-text\">\n                <a href=\"https:\/\/www.macapflag.com\/drapeau-pays-pour-mat\/924-drapeau-afrique-du-sud-officiel.html\" target=\"_blank\" class=\"stretched-link\">\n                    <h3>Drapeau officiel Afrique du Sud<\/h3>\n                <\/a>\n            <\/div>\n                                    <div class=\"text-center\">\n                <button class=\"btn btn-primary\">je demande un devis<\/button>\n            <\/div>\n        <\/div>\n    <\/div>\n<\/div>\n<\/div>\n\t\t\t\t\t\t<\/div>\n\t\t\t\t<\/div>\n\t\t\t\t\t<\/div>\n\t\t<\/div>\n\t\t\t\t<div class=\"elementor-column elementor-col-50 elementor-top-column elementor-element elementor-element-21977af\" data-id=\"21977af\" data-element_type=\"column\">\n\t\t\t<div class=\"elementor-widget-wrap elementor-element-populated\">\n\t\t\t\t\t\t<div class=\"elementor-element elementor-element-af887ed elementor-widget elementor-widget-shortcode\" data-id=\"af887ed\" data-element_type=\"widget\" data-widget_type=\"shortcode.default\">\n\t\t\t\t<div class=\"elementor-widget-container\">\n\t\t\t\t\t\t\t<div class=\"elementor-shortcode\"><div class=\"container p-0 m-0\">\n    <div class=\"row m-0 border\">\n        <div class=\"col-12 grid-didpd-body text-center\">\n            <img decoding=\"async\" src=\"https:\/\/www.macapflag.com\/1857926-home_default\/drapeau-afrique-du-sud-avec-hampe-officiel.jpg\" alt=\"Drapeau officiel Afrique du Sud\" class=\"mx-auto\" \/>\n            <div class=\"grid-didpd-text\">\n                <a href=\"https:\/\/www.macapflag.com\/drapeau-pays-avec-hampe\/791811-drapeau-afrique-du-sud-avec-hampe-officiel.html\" target=\"_blank\" class=\"stretched-link\">\n                    <h3>Drapeau officiel Afrique du Sud<\/h3>\n                <\/a>\n            <\/div>\n                                    <div class=\"text-center\">\n                <button class=\"btn btn-primary\">je demande un devis<\/button>\n            <\/div>\n        <\/div>\n    <\/div>\n<\/div>\n<\/div>\n\t\t\t\t\t\t<\/div>\n\t\t\t\t<\/div>\n\t\t\t\t\t<\/div>\n\t\t<\/div>\n\t\t\t\t\t<\/div>\n\t\t<\/section>\n\t\t\t\t<\/div>\n\t\t","protected":false},"excerpt":{"rendered":"<div class=\"tmnf_excerpt\"><p>8 infos cl\u00e9s sur l&#8217;Afrique du Sud en 2026 Localisation\u200b L\u2019Afrique du Sud est un pays situ\u00e9 \u00e0 l\u2019extr\u00eame sud du continent africain. Le pays compte 3 capitales : Pretoria : Capitale administrative, si\u00e8ge du gouvernement, des minist\u00e8res et des ambassades. Le Cap ou Cape Town : Capitale l\u00e9gislative, si\u00e8ge du Parlement Bloemfontein : Capitale &hellip;<\/p>\n<\/div>","protected":false},"author":2,"featured_media":12935,"comment_status":"closed","ping_status":"open","sticky":false,"template":"template-fullwidth.php","format":"standard","meta":{"footnotes":""},"categories":[92],"tags":[],"class_list":["post-12934","post","type-post","status-publish","format-standard","has-post-thumbnail","hentry","category-news"],"yoast_head":"<!-- This site is optimized with the Yoast SEO plugin v26.4 - https:\/\/yoast.com\/wordpress\/plugins\/seo\/ -->\n<title>Un jour, un pays. Le 27 avril en Afrique du Sud le Freedom Day<\/title>\n<meta name=\"description\" content=\"8 infos cl\u00e9s sur l&#039;Afrique du Sud, le jour de la libert\u00e9, freedom day est jour de f\u00eate nationale instaur\u00e9 par Nelson Mandela en 1995\" \/>\n<meta name=\"robots\" content=\"index, follow, max-snippet:-1, max-image-preview:large, max-video-preview:-1\" \/>\n<link rel=\"canonical\" href=\"https:\/\/www.macapflag.com\/blog\/afrique-du-sud\/\" \/>\n<meta property=\"og:locale\" content=\"fr_FR\" \/>\n<meta property=\"og:type\" content=\"article\" \/>\n<meta property=\"og:title\" content=\"Un jour, un pays. Le 27 avril en Afrique du Sud le Freedom Day\" \/>\n<meta property=\"og:description\" content=\"8 infos cl\u00e9s sur l&#039;Afrique du Sud, le jour de la libert\u00e9, freedom day est jour de f\u00eate nationale instaur\u00e9 par Nelson Mandela en 1995\" \/>\n<meta property=\"og:url\" content=\"https:\/\/www.macapflag.com\/blog\/afrique-du-sud\/\" \/>\n<meta property=\"og:site_name\" content=\"Blog - Macap\" \/>\n<meta property=\"article:publisher\" content=\"https:\/\/www.facebook.com\/macap.pavoisement\/\" \/>\n<meta property=\"article:published_time\" content=\"2026-04-27T07:34:03+00:00\" \/>\n<meta property=\"og:image\" content=\"https:\/\/www.macapflag.com\/blog\/wp-content\/uploads\/2023\/03\/un-jour-un-pays-afrique-du-sud.jpg\" \/>\n\t<meta property=\"og:image:width\" content=\"870\" \/>\n\t<meta property=\"og:image:height\" content=\"600\" \/>\n\t<meta property=\"og:image:type\" content=\"image\/jpeg\" \/>\n<meta name=\"author\" content=\"Blog Macap\" \/>\n<meta name=\"twitter:card\" content=\"summary_large_image\" \/>\n<meta name=\"twitter:label1\" content=\"\u00c9crit par\" \/>\n\t<meta name=\"twitter:data1\" content=\"Blog Macap\" \/>\n\t<meta name=\"twitter:label2\" content=\"Dur\u00e9e de lecture estim\u00e9e\" \/>\n\t<meta name=\"twitter:data2\" content=\"4 minutes\" \/>\n<script type=\"application\/ld+json\" class=\"yoast-schema-graph\">{\"@context\":\"https:\/\/schema.org\",\"@graph\":[{\"@type\":\"Article\",\"@id\":\"https:\/\/www.macapflag.com\/blog\/afrique-du-sud\/#article\",\"isPartOf\":{\"@id\":\"https:\/\/www.macapflag.com\/blog\/afrique-du-sud\/\"},\"author\":{\"name\":\"Blog Macap\",\"@id\":\"https:\/\/www.macapflag.com\/blog\/#\/schema\/person\/3fea701f2603875e651e6b662578fc3c\"},\"headline\":\"Un jour, un pays. Le 27 avril en Afrique du Sud\",\"datePublished\":\"2026-04-27T07:34:03+00:00\",\"mainEntityOfPage\":{\"@id\":\"https:\/\/www.macapflag.com\/blog\/afrique-du-sud\/\"},\"wordCount\":557,\"publisher\":{\"@id\":\"https:\/\/www.macapflag.com\/blog\/#organization\"},\"image\":{\"@id\":\"https:\/\/www.macapflag.com\/blog\/afrique-du-sud\/#primaryimage\"},\"thumbnailUrl\":\"https:\/\/www.macapflag.com\/blog\/wp-content\/uploads\/2023\/03\/un-jour-un-pays-afrique-du-sud.jpg\",\"articleSection\":[\"News &amp; Actu\"],\"inLanguage\":\"fr-FR\"},{\"@type\":\"WebPage\",\"@id\":\"https:\/\/www.macapflag.com\/blog\/afrique-du-sud\/\",\"url\":\"https:\/\/www.macapflag.com\/blog\/afrique-du-sud\/\",\"name\":\"Un jour, un pays. Le 27 avril en Afrique du Sud le Freedom Day\",\"isPartOf\":{\"@id\":\"https:\/\/www.macapflag.com\/blog\/#website\"},\"primaryImageOfPage\":{\"@id\":\"https:\/\/www.macapflag.com\/blog\/afrique-du-sud\/#primaryimage\"},\"image\":{\"@id\":\"https:\/\/www.macapflag.com\/blog\/afrique-du-sud\/#primaryimage\"},\"thumbnailUrl\":\"https:\/\/www.macapflag.com\/blog\/wp-content\/uploads\/2023\/03\/un-jour-un-pays-afrique-du-sud.jpg\",\"datePublished\":\"2026-04-27T07:34:03+00:00\",\"description\":\"8 infos cl\u00e9s sur l'Afrique du Sud, le jour de la libert\u00e9, freedom day est jour de f\u00eate nationale instaur\u00e9 par Nelson Mandela en 1995\",\"breadcrumb\":{\"@id\":\"https:\/\/www.macapflag.com\/blog\/afrique-du-sud\/#breadcrumb\"},\"inLanguage\":\"fr-FR\",\"potentialAction\":[{\"@type\":\"ReadAction\",\"target\":[\"https:\/\/www.macapflag.com\/blog\/afrique-du-sud\/\"]}]},{\"@type\":\"ImageObject\",\"inLanguage\":\"fr-FR\",\"@id\":\"https:\/\/www.macapflag.com\/blog\/afrique-du-sud\/#primaryimage\",\"url\":\"https:\/\/www.macapflag.com\/blog\/wp-content\/uploads\/2023\/03\/un-jour-un-pays-afrique-du-sud.jpg\",\"contentUrl\":\"https:\/\/www.macapflag.com\/blog\/wp-content\/uploads\/2023\/03\/un-jour-un-pays-afrique-du-sud.jpg\",\"width\":870,\"height\":600,\"caption\":\"Freedom Day Afrique du Sud\"},{\"@type\":\"BreadcrumbList\",\"@id\":\"https:\/\/www.macapflag.com\/blog\/afrique-du-sud\/#breadcrumb\",\"itemListElement\":[{\"@type\":\"ListItem\",\"position\":1,\"name\":\"Accueil\",\"item\":\"https:\/\/www.macapflag.com\/blog\/\"},{\"@type\":\"ListItem\",\"position\":2,\"name\":\"Un jour, un pays. Le 27 avril en Afrique du Sud\"}]},{\"@type\":\"WebSite\",\"@id\":\"https:\/\/www.macapflag.com\/blog\/#website\",\"url\":\"https:\/\/www.macapflag.com\/blog\/\",\"name\":\"Blog - Macap\",\"description\":\"Tous nos articles\",\"publisher\":{\"@id\":\"https:\/\/www.macapflag.com\/blog\/#organization\"},\"potentialAction\":[{\"@type\":\"SearchAction\",\"target\":{\"@type\":\"EntryPoint\",\"urlTemplate\":\"https:\/\/www.macapflag.com\/blog\/?s={search_term_string}\"},\"query-input\":{\"@type\":\"PropertyValueSpecification\",\"valueRequired\":true,\"valueName\":\"search_term_string\"}}],\"inLanguage\":\"fr-FR\"},{\"@type\":\"Organization\",\"@id\":\"https:\/\/www.macapflag.com\/blog\/#organization\",\"name\":\"macapflag\",\"url\":\"https:\/\/www.macapflag.com\/blog\/\",\"logo\":{\"@type\":\"ImageObject\",\"inLanguage\":\"fr-FR\",\"@id\":\"https:\/\/www.macapflag.com\/blog\/#\/schema\/logo\/image\/\",\"url\":\"https:\/\/www.macapflag.com\/blog\/wp-content\/uploads\/2020\/12\/cropped-M-512-1.png\",\"contentUrl\":\"https:\/\/www.macapflag.com\/blog\/wp-content\/uploads\/2020\/12\/cropped-M-512-1.png\",\"width\":512,\"height\":512,\"caption\":\"macapflag\"},\"image\":{\"@id\":\"https:\/\/www.macapflag.com\/blog\/#\/schema\/logo\/image\/\"},\"sameAs\":[\"https:\/\/www.facebook.com\/macap.pavoisement\/\",\"https:\/\/www.instagram.com\/macapflag\/?hl=fr\",\"https:\/\/www.linkedin.com\/company\/macap\/?originalSubdomain=fr\",\"https:\/\/www.youtube.com\/channel\/UCXNzTIdZh9poEBjSXEqDtNw\"]},{\"@type\":\"Person\",\"@id\":\"https:\/\/www.macapflag.com\/blog\/#\/schema\/person\/3fea701f2603875e651e6b662578fc3c\",\"name\":\"Blog Macap\",\"image\":{\"@type\":\"ImageObject\",\"inLanguage\":\"fr-FR\",\"@id\":\"https:\/\/www.macapflag.com\/blog\/#\/schema\/person\/image\/\",\"url\":\"https:\/\/secure.gravatar.com\/avatar\/c12551f2dc51f0db049633b03e7856985477a70da834cc8967dea4ce54bdd6a2?s=96&d=mm&r=g\",\"contentUrl\":\"https:\/\/secure.gravatar.com\/avatar\/c12551f2dc51f0db049633b03e7856985477a70da834cc8967dea4ce54bdd6a2?s=96&d=mm&r=g\",\"caption\":\"Blog Macap\"},\"url\":\"https:\/\/www.macapflag.com\/blog\/author\/macap\/\"}]}<\/script>\n<!-- \/ Yoast SEO plugin. -->","yoast_head_json":{"title":"Un jour, un pays. Le 27 avril en Afrique du Sud le Freedom Day","description":"8 infos cl\u00e9s sur l'Afrique du Sud, le jour de la libert\u00e9, freedom day est jour de f\u00eate nationale instaur\u00e9 par Nelson Mandela en 1995","robots":{"index":"index","follow":"follow","max-snippet":"max-snippet:-1","max-image-preview":"max-image-preview:large","max-video-preview":"max-video-preview:-1"},"canonical":"https:\/\/www.macapflag.com\/blog\/afrique-du-sud\/","og_locale":"fr_FR","og_type":"article","og_title":"Un jour, un pays. Le 27 avril en Afrique du Sud le Freedom Day","og_description":"8 infos cl\u00e9s sur l'Afrique du Sud, le jour de la libert\u00e9, freedom day est jour de f\u00eate nationale instaur\u00e9 par Nelson Mandela en 1995","og_url":"https:\/\/www.macapflag.com\/blog\/afrique-du-sud\/","og_site_name":"Blog - Macap","article_publisher":"https:\/\/www.facebook.com\/macap.pavoisement\/","article_published_time":"2026-04-27T07:34:03+00:00","og_image":[{"width":870,"height":600,"url":"https:\/\/www.macapflag.com\/blog\/wp-content\/uploads\/2023\/03\/un-jour-un-pays-afrique-du-sud.jpg","type":"image\/jpeg"}],"author":"Blog Macap","twitter_card":"summary_large_image","twitter_misc":{"\u00c9crit par":"Blog Macap","Dur\u00e9e de lecture estim\u00e9e":"4 minutes"},"schema":{"@context":"https:\/\/schema.org","@graph":[{"@type":"Article","@id":"https:\/\/www.macapflag.com\/blog\/afrique-du-sud\/#article","isPartOf":{"@id":"https:\/\/www.macapflag.com\/blog\/afrique-du-sud\/"},"author":{"name":"Blog Macap","@id":"https:\/\/www.macapflag.com\/blog\/#\/schema\/person\/3fea701f2603875e651e6b662578fc3c"},"headline":"Un jour, un pays. Le 27 avril en Afrique du Sud","datePublished":"2026-04-27T07:34:03+00:00","mainEntityOfPage":{"@id":"https:\/\/www.macapflag.com\/blog\/afrique-du-sud\/"},"wordCount":557,"publisher":{"@id":"https:\/\/www.macapflag.com\/blog\/#organization"},"image":{"@id":"https:\/\/www.macapflag.com\/blog\/afrique-du-sud\/#primaryimage"},"thumbnailUrl":"https:\/\/www.macapflag.com\/blog\/wp-content\/uploads\/2023\/03\/un-jour-un-pays-afrique-du-sud.jpg","articleSection":["News &amp; Actu"],"inLanguage":"fr-FR"},{"@type":"WebPage","@id":"https:\/\/www.macapflag.com\/blog\/afrique-du-sud\/","url":"https:\/\/www.macapflag.com\/blog\/afrique-du-sud\/","name":"Un jour, un pays. Le 27 avril en Afrique du Sud le Freedom Day","isPartOf":{"@id":"https:\/\/www.macapflag.com\/blog\/#website"},"primaryImageOfPage":{"@id":"https:\/\/www.macapflag.com\/blog\/afrique-du-sud\/#primaryimage"},"image":{"@id":"https:\/\/www.macapflag.com\/blog\/afrique-du-sud\/#primaryimage"},"thumbnailUrl":"https:\/\/www.macapflag.com\/blog\/wp-content\/uploads\/2023\/03\/un-jour-un-pays-afrique-du-sud.jpg","datePublished":"2026-04-27T07:34:03+00:00","description":"8 infos cl\u00e9s sur l'Afrique du Sud, le jour de la libert\u00e9, freedom day est jour de f\u00eate nationale instaur\u00e9 par Nelson Mandela en 1995","breadcrumb":{"@id":"https:\/\/www.macapflag.com\/blog\/afrique-du-sud\/#breadcrumb"},"inLanguage":"fr-FR","potentialAction":[{"@type":"ReadAction","target":["https:\/\/www.macapflag.com\/blog\/afrique-du-sud\/"]}]},{"@type":"ImageObject","inLanguage":"fr-FR","@id":"https:\/\/www.macapflag.com\/blog\/afrique-du-sud\/#primaryimage","url":"https:\/\/www.macapflag.com\/blog\/wp-content\/uploads\/2023\/03\/un-jour-un-pays-afrique-du-sud.jpg","contentUrl":"https:\/\/www.macapflag.com\/blog\/wp-content\/uploads\/2023\/03\/un-jour-un-pays-afrique-du-sud.jpg","width":870,"height":600,"caption":"Freedom Day Afrique du Sud"},{"@type":"BreadcrumbList","@id":"https:\/\/www.macapflag.com\/blog\/afrique-du-sud\/#breadcrumb","itemListElement":[{"@type":"ListItem","position":1,"name":"Accueil","item":"https:\/\/www.macapflag.com\/blog\/"},{"@type":"ListItem","position":2,"name":"Un jour, un pays. Le 27 avril en Afrique du Sud"}]},{"@type":"WebSite","@id":"https:\/\/www.macapflag.com\/blog\/#website","url":"https:\/\/www.macapflag.com\/blog\/","name":"Blog - Macap","description":"Tous nos articles","publisher":{"@id":"https:\/\/www.macapflag.com\/blog\/#organization"},"potentialAction":[{"@type":"SearchAction","target":{"@type":"EntryPoint","urlTemplate":"https:\/\/www.macapflag.com\/blog\/?s={search_term_string}"},"query-input":{"@type":"PropertyValueSpecification","valueRequired":true,"valueName":"search_term_string"}}],"inLanguage":"fr-FR"},{"@type":"Organization","@id":"https:\/\/www.macapflag.com\/blog\/#organization","name":"macapflag","url":"https:\/\/www.macapflag.com\/blog\/","logo":{"@type":"ImageObject","inLanguage":"fr-FR","@id":"https:\/\/www.macapflag.com\/blog\/#\/schema\/logo\/image\/","url":"https:\/\/www.macapflag.com\/blog\/wp-content\/uploads\/2020\/12\/cropped-M-512-1.png","contentUrl":"https:\/\/www.macapflag.com\/blog\/wp-content\/uploads\/2020\/12\/cropped-M-512-1.png","width":512,"height":512,"caption":"macapflag"},"image":{"@id":"https:\/\/www.macapflag.com\/blog\/#\/schema\/logo\/image\/"},"sameAs":["https:\/\/www.facebook.com\/macap.pavoisement\/","https:\/\/www.instagram.com\/macapflag\/?hl=fr","https:\/\/www.linkedin.com\/company\/macap\/?originalSubdomain=fr","https:\/\/www.youtube.com\/channel\/UCXNzTIdZh9poEBjSXEqDtNw"]},{"@type":"Person","@id":"https:\/\/www.macapflag.com\/blog\/#\/schema\/person\/3fea701f2603875e651e6b662578fc3c","name":"Blog Macap","image":{"@type":"ImageObject","inLanguage":"fr-FR","@id":"https:\/\/www.macapflag.com\/blog\/#\/schema\/person\/image\/","url":"https:\/\/secure.gravatar.com\/avatar\/c12551f2dc51f0db049633b03e7856985477a70da834cc8967dea4ce54bdd6a2?s=96&d=mm&r=g","contentUrl":"https:\/\/secure.gravatar.com\/avatar\/c12551f2dc51f0db049633b03e7856985477a70da834cc8967dea4ce54bdd6a2?s=96&d=mm&r=g","caption":"Blog Macap"},"url":"https:\/\/www.macapflag.com\/blog\/author\/macap\/"}]}},"_links":{"self":[{"href":"https:\/\/www.macapflag.com\/blog\/wp-json\/wp\/v2\/posts\/12934","targetHints":{"allow":["GET"]}}],"collection":[{"href":"https:\/\/www.macapflag.com\/blog\/wp-json\/wp\/v2\/posts"}],"about":[{"href":"https:\/\/www.macapflag.com\/blog\/wp-json\/wp\/v2\/types\/post"}],"author":[{"embeddable":true,"href":"https:\/\/www.macapflag.com\/blog\/wp-json\/wp\/v2\/users\/2"}],"replies":[{"embeddable":true,"href":"https:\/\/www.macapflag.com\/blog\/wp-json\/wp\/v2\/comments?post=12934"}],"version-history":[{"count":17,"href":"https:\/\/www.macapflag.com\/blog\/wp-json\/wp\/v2\/posts\/12934\/revisions"}],"predecessor-version":[{"id":21747,"href":"https:\/\/www.macapflag.com\/blog\/wp-json\/wp\/v2\/posts\/12934\/revisions\/21747"}],"wp:featuredmedia":[{"embeddable":true,"href":"https:\/\/www.macapflag.com\/blog\/wp-json\/wp\/v2\/media\/12935"}],"wp:attachment":[{"href":"https:\/\/www.macapflag.com\/blog\/wp-json\/wp\/v2\/media?parent=12934"}],"wp:term":[{"taxonomy":"category","embeddable":true,"href":"https:\/\/www.macapflag.com\/blog\/wp-json\/wp\/v2\/categories?post=12934"},{"taxonomy":"post_tag","embeddable":true,"href":"https:\/\/www.macapflag.com\/blog\/wp-json\/wp\/v2\/tags?post=12934"}],"curies":[{"name":"wp","href":"https:\/\/api.w.org\/{rel}","templated":true}]}}