{"id":13245,"date":"2025-05-29T08:04:22","date_gmt":"2025-05-29T06:04:22","guid":{"rendered":"https:\/\/www.macapflag.com\/blog\/?p=13245"},"modified":"2025-06-02T08:55:30","modified_gmt":"2025-06-02T06:55:30","slug":"musique","status":"publish","type":"post","link":"https:\/\/www.macapflag.com\/blog\/musique\/","title":{"rendered":"Offre promotionnelle F\u00eate de la musique"},"content":{"rendered":"\t\t<div data-elementor-type=\"wp-post\" data-elementor-id=\"13245\" class=\"elementor elementor-13245\">\n\t\t\t\t\t\t<section class=\"elementor-section elementor-top-section elementor-element elementor-element-e6d7a77 elementor-section-boxed elementor-section-height-default elementor-section-height-default\" data-id=\"e6d7a77\" data-element_type=\"section\">\n\t\t\t\t\t\t<div class=\"elementor-container elementor-column-gap-default\">\n\t\t\t\t\t<div class=\"elementor-column elementor-col-100 elementor-top-column elementor-element elementor-element-9a17286\" data-id=\"9a17286\" data-element_type=\"column\">\n\t\t\t<div class=\"elementor-widget-wrap elementor-element-populated\">\n\t\t\t\t\t\t<div class=\"elementor-element elementor-element-76626ef elementor-widget elementor-widget-text-editor\" data-id=\"76626ef\" data-element_type=\"widget\" data-widget_type=\"text-editor.default\">\n\t\t\t\t<div class=\"elementor-widget-container\">\n\t\t\t\t\t\t\t\t\t<p>Actuellement c\u00e9l\u00e9br\u00e9e dans plus de 100 pays, la f\u00eate de la musique est un \u00e9v\u00e8nement qui a toujours lieu le <strong>21 juin<\/strong>. En 2025, le 21 juin est un samedi soir, l&#8217;occasion r\u00eav\u00e9e un weekend tout en musique. Pour cette soir\u00e9e festive aux quatre coins de l\u2019hexagone, <a href=\"https:\/\/www.macapflag.com\/\" target=\"_blank\" rel=\"noopener\"><strong><span style=\"color: #3366ff;\">Macap<\/span><\/strong><\/a> vous propose des supports de communication sp\u00e9cialement con\u00e7us pour l\u2019\u00e9v\u00e8nement, \u00e0 d\u00e9ployer sans compter !<\/p>\t\t\t\t\t\t\t\t<\/div>\n\t\t\t\t<\/div>\n\t\t\t\t\t<\/div>\n\t\t<\/div>\n\t\t\t\t\t<\/div>\n\t\t<\/section>\n\t\t\t\t<section class=\"elementor-section elementor-top-section elementor-element elementor-element-6a5c1fb elementor-section-boxed elementor-section-height-default elementor-section-height-default\" data-id=\"6a5c1fb\" data-element_type=\"section\">\n\t\t\t\t\t\t<div class=\"elementor-container elementor-column-gap-default\">\n\t\t\t\t\t<div class=\"elementor-column elementor-col-100 elementor-top-column elementor-element elementor-element-862b2f3\" data-id=\"862b2f3\" data-element_type=\"column\">\n\t\t\t<div class=\"elementor-widget-wrap elementor-element-populated\">\n\t\t\t\t\t\t<div class=\"elementor-element elementor-element-a78665e elementor-widget elementor-widget-text-editor\" data-id=\"a78665e\" data-element_type=\"widget\" data-widget_type=\"text-editor.default\">\n\t\t\t\t<div class=\"elementor-widget-container\">\n\t\t\t\t\t\t\t\t\t<h2>Que contient cette offre promotionnelle f\u00eate de la musique\u202f?<\/h2>\t\t\t\t\t\t\t\t<\/div>\n\t\t\t\t<\/div>\n\t\t\t\t\t<\/div>\n\t\t<\/div>\n\t\t\t\t\t<\/div>\n\t\t<\/section>\n\t\t\t\t<section class=\"elementor-section elementor-top-section elementor-element elementor-element-07e1836 elementor-section-boxed elementor-section-height-default elementor-section-height-default\" data-id=\"07e1836\" data-element_type=\"section\">\n\t\t\t\t\t\t<div class=\"elementor-container elementor-column-gap-default\">\n\t\t\t\t\t<div class=\"elementor-column elementor-col-100 elementor-top-column elementor-element elementor-element-f06a9ea\" data-id=\"f06a9ea\" data-element_type=\"column\">\n\t\t\t<div class=\"elementor-widget-wrap elementor-element-populated\">\n\t\t\t\t\t\t<div class=\"elementor-element elementor-element-a31c570 elementor-widget elementor-widget-text-editor\" data-id=\"a31c570\" data-element_type=\"widget\" data-widget_type=\"text-editor.default\">\n\t\t\t\t<div class=\"elementor-widget-container\">\n\t\t\t\t\t\t\t\t\t<p>L\u2019offre promotionnelle sp\u00e9ciale \u201cF\u00eate de la musique\u201d vous permet de <strong>b\u00e9n\u00e9ficier de 10\u2009% de remise sur l\u2019ensemble des supports de communication imprim\u00e9s \u201cf\u00eate de la musique\u201d.<\/strong><\/p><p>Cette op\u00e9ration de promotion est <strong>valable du 29 mai au 18 juin 2025<\/strong> sur le site <a href=\"https:\/\/www.macapflag.com\/\" target=\"_blank\" rel=\"noopener\"><span style=\"color: #3366ff;\"><strong>Macap<\/strong><\/span><\/a>.<\/p><p>La remise figure d\u00e9j\u00e0 sur les produits concern\u00e9s par l\u2019offre. Ils sont pr\u00e9sent\u00e9s ci-dessous :<\/p>\t\t\t\t\t\t\t\t<\/div>\n\t\t\t\t<\/div>\n\t\t\t\t\t<\/div>\n\t\t<\/div>\n\t\t\t\t\t<\/div>\n\t\t<\/section>\n\t\t\t\t<section class=\"elementor-section elementor-top-section elementor-element elementor-element-5357bfa elementor-section-boxed elementor-section-height-default elementor-section-height-default\" data-id=\"5357bfa\" data-element_type=\"section\">\n\t\t\t\t\t\t<div class=\"elementor-container elementor-column-gap-default\">\n\t\t\t\t\t<div class=\"elementor-column elementor-col-100 elementor-top-column elementor-element elementor-element-8e454cb\" data-id=\"8e454cb\" data-element_type=\"column\">\n\t\t\t<div class=\"elementor-widget-wrap elementor-element-populated\">\n\t\t\t\t\t\t<div class=\"elementor-element elementor-element-053fa2b elementor-widget elementor-widget-text-editor\" data-id=\"053fa2b\" data-element_type=\"widget\" data-widget_type=\"text-editor.default\">\n\t\t\t\t<div class=\"elementor-widget-container\">\n\t\t\t\t\t\t\t\t\t<h3>La banderole f\u00eate de la musique<\/h3>\t\t\t\t\t\t\t\t<\/div>\n\t\t\t\t<\/div>\n\t\t\t\t\t<\/div>\n\t\t<\/div>\n\t\t\t\t\t<\/div>\n\t\t<\/section>\n\t\t\t\t<section class=\"elementor-section elementor-top-section elementor-element elementor-element-fb10935 elementor-section-boxed elementor-section-height-default elementor-section-height-default\" data-id=\"fb10935\" data-element_type=\"section\">\n\t\t\t\t\t\t<div class=\"elementor-container elementor-column-gap-default\">\n\t\t\t\t\t<div class=\"elementor-column elementor-col-25 elementor-top-column elementor-element elementor-element-49d263a\" data-id=\"49d263a\" data-element_type=\"column\">\n\t\t\t<div class=\"elementor-widget-wrap elementor-element-populated\">\n\t\t\t\t\t\t<div class=\"elementor-element elementor-element-37793aa elementor-widget elementor-widget-shortcode\" data-id=\"37793aa\" data-element_type=\"widget\" data-widget_type=\"shortcode.default\">\n\t\t\t\t<div class=\"elementor-widget-container\">\n\t\t\t\t\t\t\t<div class=\"elementor-shortcode\"><div class=\"container p-0 m-0\">\n    <div class=\"row m-0 border\">\n        <div class=\"col-12 grid-didpd-body text-center\">\n            <img decoding=\"async\" src=\"https:\/\/www.macapflag.com\/1858655-home_default\/banderole-pvc-oeillets-80x300-cmplv-fete-de-la-musique-modele-4.jpg\" alt=\"Banderole F&ecirc;te de la Musique\" class=\"mx-auto\" \/>\n            <div class=\"grid-didpd-text\">\n                <a href=\"https:\/\/www.macapflag.com\/plv-fetes-annuelles\/791983-banderole-pvc-oeillets-80x300-cmplv-fete-de-la-musique-modele-4.html\" target=\"_blank\" class=\"stretched-link\">\n                    <h3>Banderole F\u00eate de la Musique<\/h3>\n                <\/a>\n            <\/div>\n                        <p class=\"text-center font-weight-bold\">42,75 \u20ac HT<\/p>            <div class=\"text-center\">\n                <button class=\"btn btn-primary\">J'ach\u00e8te<\/button>\n            <\/div>\n        <\/div>\n    <\/div>\n<\/div>\n<\/div>\n\t\t\t\t\t\t<\/div>\n\t\t\t\t<\/div>\n\t\t\t\t\t<\/div>\n\t\t<\/div>\n\t\t\t\t<div class=\"elementor-column elementor-col-25 elementor-top-column elementor-element elementor-element-d884b72\" data-id=\"d884b72\" data-element_type=\"column\">\n\t\t\t<div class=\"elementor-widget-wrap elementor-element-populated\">\n\t\t\t\t\t\t<div class=\"elementor-element elementor-element-2f821f3 elementor-widget elementor-widget-shortcode\" data-id=\"2f821f3\" data-element_type=\"widget\" data-widget_type=\"shortcode.default\">\n\t\t\t\t<div class=\"elementor-widget-container\">\n\t\t\t\t\t\t\t<div class=\"elementor-shortcode\"><div class=\"container p-0 m-0\">\n    <div class=\"row m-0 border\">\n        <div class=\"col-12 grid-didpd-body text-center\">\n            <img decoding=\"async\" src=\"https:\/\/www.macapflag.com\/1858639-home_default\/banderole-pvc-oeillets-80x300-cmplv-fete-de-la-musique-modele-3.jpg\" alt=\"Banderole F&ecirc;te de la Musique\" class=\"mx-auto\" \/>\n            <div class=\"grid-didpd-text\">\n                <a href=\"https:\/\/www.macapflag.com\/plv-fetes-annuelles\/791982-banderole-pvc-oeillets-80x300-cmplv-fete-de-la-musique-modele-3.html\" target=\"_blank\" class=\"stretched-link\">\n                    <h3>Banderole F\u00eate de la Musique<\/h3>\n                <\/a>\n            <\/div>\n                        <p class=\"text-center font-weight-bold\">42,75 \u20ac HT<\/p>            <div class=\"text-center\">\n                <button class=\"btn btn-primary\">J'ach\u00e8te<\/button>\n            <\/div>\n        <\/div>\n    <\/div>\n<\/div>\n<\/div>\n\t\t\t\t\t\t<\/div>\n\t\t\t\t<\/div>\n\t\t\t\t\t<\/div>\n\t\t<\/div>\n\t\t\t\t<div class=\"elementor-column elementor-col-25 elementor-top-column elementor-element elementor-element-c50fd25\" data-id=\"c50fd25\" data-element_type=\"column\">\n\t\t\t<div class=\"elementor-widget-wrap elementor-element-populated\">\n\t\t\t\t\t\t<div class=\"elementor-element elementor-element-921892d elementor-widget elementor-widget-shortcode\" data-id=\"921892d\" data-element_type=\"widget\" data-widget_type=\"shortcode.default\">\n\t\t\t\t<div class=\"elementor-widget-container\">\n\t\t\t\t\t\t\t<div class=\"elementor-shortcode\"><div class=\"container p-0 m-0\">\n    <div class=\"row m-0 border\">\n        <div class=\"col-12 grid-didpd-body text-center\">\n            <img decoding=\"async\" src=\"https:\/\/www.macapflag.com\/1854105-home_default\/banderole-pvc-oeillets-80x300-cmplv-fete-de-la-musique-modele-2.jpg\" alt=\"Banderole F&ecirc;te de la Musique\" class=\"mx-auto\" \/>\n            <div class=\"grid-didpd-text\">\n                <a href=\"https:\/\/www.macapflag.com\/plv-fetes-annuelles\/790761-banderole-pvc-oeillets-80x300-cmplv-fete-de-la-musique-modele-2.html\" target=\"_blank\" class=\"stretched-link\">\n                    <h3>Banderole F\u00eate de la Musique<\/h3>\n                <\/a>\n            <\/div>\n                        <p class=\"text-center font-weight-bold\">42,75 \u20ac HT<\/p>            <div class=\"text-center\">\n                <button class=\"btn btn-primary\">J'ach\u00e8te<\/button>\n            <\/div>\n        <\/div>\n    <\/div>\n<\/div>\n<\/div>\n\t\t\t\t\t\t<\/div>\n\t\t\t\t<\/div>\n\t\t\t\t\t<\/div>\n\t\t<\/div>\n\t\t\t\t<div class=\"elementor-column elementor-col-25 elementor-top-column elementor-element elementor-element-a53e4f3\" data-id=\"a53e4f3\" data-element_type=\"column\">\n\t\t\t<div class=\"elementor-widget-wrap elementor-element-populated\">\n\t\t\t\t\t\t<div class=\"elementor-element elementor-element-4da4dc1 elementor-widget elementor-widget-shortcode\" data-id=\"4da4dc1\" data-element_type=\"widget\" data-widget_type=\"shortcode.default\">\n\t\t\t\t<div class=\"elementor-widget-container\">\n\t\t\t\t\t\t\t<div class=\"elementor-shortcode\"><div class=\"container p-0 m-0\">\n    <div class=\"row m-0 border\">\n        <div class=\"col-12 grid-didpd-body text-center\">\n            <img decoding=\"async\" src=\"https:\/\/www.macapflag.com\/1854092-home_default\/banderole-pvc-oeillets-80x300-cmplv-fete-de-la-musique-modele-1.jpg\" alt=\"Banderole F&ecirc;te de la Musique\" class=\"mx-auto\" \/>\n            <div class=\"grid-didpd-text\">\n                <a href=\"https:\/\/www.macapflag.com\/plv-fetes-annuelles\/790756-banderole-pvc-oeillets-80x300-cmplv-fete-de-la-musique-modele-1.html\" target=\"_blank\" class=\"stretched-link\">\n                    <h3>Banderole F\u00eate de la Musique<\/h3>\n                <\/a>\n            <\/div>\n                        <p class=\"text-center font-weight-bold\">42,75 \u20ac HT<\/p>            <div class=\"text-center\">\n                <button class=\"btn btn-primary\">J'ach\u00e8te<\/button>\n            <\/div>\n        <\/div>\n    <\/div>\n<\/div>\n<\/div>\n\t\t\t\t\t\t<\/div>\n\t\t\t\t<\/div>\n\t\t\t\t\t<\/div>\n\t\t<\/div>\n\t\t\t\t\t<\/div>\n\t\t<\/section>\n\t\t\t\t<section class=\"elementor-section elementor-top-section elementor-element elementor-element-ad99699 elementor-section-boxed elementor-section-height-default elementor-section-height-default\" data-id=\"ad99699\" data-element_type=\"section\">\n\t\t\t\t\t\t<div class=\"elementor-container elementor-column-gap-default\">\n\t\t\t\t\t<div class=\"elementor-column elementor-col-100 elementor-top-column elementor-element elementor-element-4b0dc21\" data-id=\"4b0dc21\" data-element_type=\"column\">\n\t\t\t<div class=\"elementor-widget-wrap elementor-element-populated\">\n\t\t\t\t\t\t<div class=\"elementor-element elementor-element-e9dd1db elementor-widget elementor-widget-text-editor\" data-id=\"e9dd1db\" data-element_type=\"widget\" data-widget_type=\"text-editor.default\">\n\t\t\t\t<div class=\"elementor-widget-container\">\n\t\t\t\t\t\t\t\t\t<p>Une banderole imprim\u00e9e sur une solide b\u00e2che PVC agr\u00e9ment\u00e9e d\u2019\u0153illets et propos\u00e9e en 2 tailles :<\/p><ul><li>100 \u00d7 400 cm<\/li><li>80 \u00d7 300 cm<\/li><\/ul><p>Usage indoor et outdoor.<\/p>\t\t\t\t\t\t\t\t<\/div>\n\t\t\t\t<\/div>\n\t\t\t\t\t<\/div>\n\t\t<\/div>\n\t\t\t\t\t<\/div>\n\t\t<\/section>\n\t\t\t\t<section class=\"elementor-section elementor-top-section elementor-element elementor-element-a9e61b0 elementor-section-boxed elementor-section-height-default elementor-section-height-default\" data-id=\"a9e61b0\" data-element_type=\"section\">\n\t\t\t\t\t\t<div class=\"elementor-container elementor-column-gap-default\">\n\t\t\t\t\t<div class=\"elementor-column elementor-col-100 elementor-top-column elementor-element elementor-element-f6e88eb\" data-id=\"f6e88eb\" data-element_type=\"column\">\n\t\t\t<div class=\"elementor-widget-wrap elementor-element-populated\">\n\t\t\t\t\t\t<div class=\"elementor-element elementor-element-fa070cd elementor-widget elementor-widget-text-editor\" data-id=\"fa070cd\" data-element_type=\"widget\" data-widget_type=\"text-editor.default\">\n\t\t\t\t<div class=\"elementor-widget-container\">\n\t\t\t\t\t\t\t\t\t<h3>L&#8217;oriflamme classique f\u00eate de la musique<\/h3>\t\t\t\t\t\t\t\t<\/div>\n\t\t\t\t<\/div>\n\t\t\t\t\t<\/div>\n\t\t<\/div>\n\t\t\t\t\t<\/div>\n\t\t<\/section>\n\t\t\t\t<section class=\"elementor-section elementor-top-section elementor-element elementor-element-05b3d80 elementor-section-boxed elementor-section-height-default elementor-section-height-default\" data-id=\"05b3d80\" data-element_type=\"section\">\n\t\t\t\t\t\t<div class=\"elementor-container elementor-column-gap-default\">\n\t\t\t\t\t<div class=\"elementor-column elementor-col-25 elementor-top-column elementor-element elementor-element-a1463dd\" data-id=\"a1463dd\" data-element_type=\"column\">\n\t\t\t<div class=\"elementor-widget-wrap elementor-element-populated\">\n\t\t\t\t\t\t<div class=\"elementor-element elementor-element-3d59173 elementor-widget elementor-widget-shortcode\" data-id=\"3d59173\" data-element_type=\"widget\" data-widget_type=\"shortcode.default\">\n\t\t\t\t<div class=\"elementor-widget-container\">\n\t\t\t\t\t\t\t<div class=\"elementor-shortcode\"><div class=\"container p-0 m-0\">\n    <div class=\"row m-0 border\">\n        <div class=\"col-12 grid-didpd-body text-center\">\n            <img decoding=\"async\" src=\"https:\/\/www.macapflag.com\/1854097-home_default\/beach-flag-oriflamme-classique-23-mvisuel-fete-de-la-musique-modele-1.jpg\" alt=\"Oriflamme F&ecirc;te de la Musique\" class=\"mx-auto\" \/>\n            <div class=\"grid-didpd-text\">\n                <a href=\"https:\/\/www.macapflag.com\/plv-fetes-annuelles\/790758-beach-flag-oriflamme-classique-23-mvisuel-fete-de-la-musique-modele-1.html\" target=\"_blank\" class=\"stretched-link\">\n                    <h3>Oriflamme F\u00eate de la Musique<\/h3>\n                <\/a>\n            <\/div>\n                        <p class=\"text-center font-weight-bold\">106,40 \u20ac HT<\/p>            <div class=\"text-center\">\n                <button class=\"btn btn-primary\">J'ach\u00e8te<\/button>\n            <\/div>\n        <\/div>\n    <\/div>\n<\/div>\n<\/div>\n\t\t\t\t\t\t<\/div>\n\t\t\t\t<\/div>\n\t\t\t\t\t<\/div>\n\t\t<\/div>\n\t\t\t\t<div class=\"elementor-column elementor-col-25 elementor-top-column elementor-element elementor-element-0a32812\" data-id=\"0a32812\" data-element_type=\"column\">\n\t\t\t<div class=\"elementor-widget-wrap elementor-element-populated\">\n\t\t\t\t\t\t<div class=\"elementor-element elementor-element-414572e elementor-widget elementor-widget-shortcode\" data-id=\"414572e\" data-element_type=\"widget\" data-widget_type=\"shortcode.default\">\n\t\t\t\t<div class=\"elementor-widget-container\">\n\t\t\t\t\t\t\t<div class=\"elementor-shortcode\"><div class=\"container p-0 m-0\">\n    <div class=\"row m-0 border\">\n        <div class=\"col-12 grid-didpd-body text-center\">\n            <img decoding=\"async\" src=\"https:\/\/www.macapflag.com\/1854110-home_default\/beach-flag-oriflamme-classique-23-mvisuel-fete-de-la-musique-modele-2.jpg\" alt=\"Oriflamme F&ecirc;te de la Musique\" class=\"mx-auto\" \/>\n            <div class=\"grid-didpd-text\">\n                <a href=\"https:\/\/www.macapflag.com\/plv-fetes-annuelles\/790763-beach-flag-oriflamme-classique-23-mvisuel-fete-de-la-musique-modele-2.html\" target=\"_blank\" class=\"stretched-link\">\n                    <h3>Oriflamme F\u00eate de la Musique<\/h3>\n                <\/a>\n            <\/div>\n                        <p class=\"text-center font-weight-bold\">106,40 \u20ac HT<\/p>            <div class=\"text-center\">\n                <button class=\"btn btn-primary\">J'ach\u00e8te<\/button>\n            <\/div>\n        <\/div>\n    <\/div>\n<\/div>\n<\/div>\n\t\t\t\t\t\t<\/div>\n\t\t\t\t<\/div>\n\t\t\t\t\t<\/div>\n\t\t<\/div>\n\t\t\t\t<div class=\"elementor-column elementor-col-25 elementor-top-column elementor-element elementor-element-6036b85\" data-id=\"6036b85\" data-element_type=\"column\">\n\t\t\t<div class=\"elementor-widget-wrap elementor-element-populated\">\n\t\t\t\t\t\t<div class=\"elementor-element elementor-element-72e1daa elementor-widget elementor-widget-shortcode\" data-id=\"72e1daa\" data-element_type=\"widget\" data-widget_type=\"shortcode.default\">\n\t\t\t\t<div class=\"elementor-widget-container\">\n\t\t\t\t\t\t\t<div class=\"elementor-shortcode\"><div class=\"container p-0 m-0\">\n    <div class=\"row m-0 border\">\n        <div class=\"col-12 grid-didpd-body text-center\">\n            <img decoding=\"async\" src=\"https:\/\/www.macapflag.com\/1858641-home_default\/beach-flag-oriflamme-classique-23-mvisuel-fete-de-la-musique-modele-3.jpg\" alt=\"Oriflamme F&ecirc;te de la Musique\" class=\"mx-auto\" \/>\n            <div class=\"grid-didpd-text\">\n                <a href=\"https:\/\/www.macapflag.com\/plv-fetes-annuelles\/791980-beach-flag-oriflamme-classique-23-mvisuel-fete-de-la-musique-modele-3.html\" target=\"_blank\" class=\"stretched-link\">\n                    <h3>Oriflamme F\u00eate de la Musique<\/h3>\n                <\/a>\n            <\/div>\n                        <p class=\"text-center font-weight-bold\">106,40 \u20ac HT<\/p>            <div class=\"text-center\">\n                <button class=\"btn btn-primary\">J'ach\u00e8te<\/button>\n            <\/div>\n        <\/div>\n    <\/div>\n<\/div>\n<\/div>\n\t\t\t\t\t\t<\/div>\n\t\t\t\t<\/div>\n\t\t\t\t\t<\/div>\n\t\t<\/div>\n\t\t\t\t<div class=\"elementor-column elementor-col-25 elementor-top-column elementor-element elementor-element-ee0f1ff\" data-id=\"ee0f1ff\" data-element_type=\"column\">\n\t\t\t<div class=\"elementor-widget-wrap elementor-element-populated\">\n\t\t\t\t\t\t<div class=\"elementor-element elementor-element-c18818b elementor-widget elementor-widget-shortcode\" data-id=\"c18818b\" data-element_type=\"widget\" data-widget_type=\"shortcode.default\">\n\t\t\t\t<div class=\"elementor-widget-container\">\n\t\t\t\t\t\t\t<div class=\"elementor-shortcode\"><div class=\"container p-0 m-0\">\n    <div class=\"row m-0 border\">\n        <div class=\"col-12 grid-didpd-body text-center\">\n            <img decoding=\"async\" src=\"https:\/\/www.macapflag.com\/1854110-home_default\/beach-flag-oriflamme-classique-23-mvisuel-fete-de-la-musique-modele-2.jpg\" alt=\"Oriflamme F&ecirc;te de la Musique\" class=\"mx-auto\" \/>\n            <div class=\"grid-didpd-text\">\n                <a href=\"https:\/\/www.macapflag.com\/plv-fetes-annuelles\/790763-beach-flag-oriflamme-classique-23-mvisuel-fete-de-la-musique-modele-2.html\" target=\"_blank\" class=\"stretched-link\">\n                    <h3>Oriflamme F\u00eate de la Musique<\/h3>\n                <\/a>\n            <\/div>\n                        <p class=\"text-center font-weight-bold\">106,40 \u20ac HT<\/p>            <div class=\"text-center\">\n                <button class=\"btn btn-primary\">J'ach\u00e8te<\/button>\n            <\/div>\n        <\/div>\n    <\/div>\n<\/div>\n<\/div>\n\t\t\t\t\t\t<\/div>\n\t\t\t\t<\/div>\n\t\t\t\t\t<\/div>\n\t\t<\/div>\n\t\t\t\t\t<\/div>\n\t\t<\/section>\n\t\t\t\t<section class=\"elementor-section elementor-top-section elementor-element elementor-element-e6cd14a elementor-section-boxed elementor-section-height-default elementor-section-height-default\" data-id=\"e6cd14a\" data-element_type=\"section\">\n\t\t\t\t\t\t<div class=\"elementor-container elementor-column-gap-default\">\n\t\t\t\t\t<div class=\"elementor-column elementor-col-100 elementor-top-column elementor-element elementor-element-1e7f348\" data-id=\"1e7f348\" data-element_type=\"column\">\n\t\t\t<div class=\"elementor-widget-wrap elementor-element-populated\">\n\t\t\t\t\t\t<div class=\"elementor-element elementor-element-8bc3b6a elementor-widget elementor-widget-text-editor\" data-id=\"8bc3b6a\" data-element_type=\"widget\" data-widget_type=\"text-editor.default\">\n\t\t\t\t<div class=\"elementor-widget-container\">\n\t\t\t\t\t\t\t\t\t<p>Un kit complet comprenant voile d\u00e9coupe arrondie imprim\u00e9e F\u00eate de la musique + m\u00e2t + pied, pr\u00eat \u00e0 installer. <br \/>Ce kit est disponible en 2 dimensions :<\/p><ul><li>Hauteur de m\u00e2t 2.30 m\u00e8tres, taille de la voile imprim\u00e9e : 160\u00d750 cm<\/li><li>Hauteur de m\u00e2t 2.80 m\u00e8tres, taille de la voile imprim\u00e9e : 220\u00d750 cm<\/li><\/ul><p>Le pied plat carr\u00e9 est en acier noir, il mesure 40\u00d740 cm et p\u00e8se 6.5 kg.<br \/>Usage indoor et outdoor.<\/p>\t\t\t\t\t\t\t\t<\/div>\n\t\t\t\t<\/div>\n\t\t\t\t\t<\/div>\n\t\t<\/div>\n\t\t\t\t\t<\/div>\n\t\t<\/section>\n\t\t\t\t<section class=\"elementor-section elementor-top-section elementor-element elementor-element-97aaf89 elementor-section-boxed elementor-section-height-default elementor-section-height-default\" data-id=\"97aaf89\" data-element_type=\"section\">\n\t\t\t\t\t\t<div class=\"elementor-container elementor-column-gap-default\">\n\t\t\t\t\t<div class=\"elementor-column elementor-col-100 elementor-top-column elementor-element elementor-element-ada749b\" data-id=\"ada749b\" data-element_type=\"column\">\n\t\t\t<div class=\"elementor-widget-wrap elementor-element-populated\">\n\t\t\t\t\t\t<div class=\"elementor-element elementor-element-b77ff06 elementor-widget elementor-widget-text-editor\" data-id=\"b77ff06\" data-element_type=\"widget\" data-widget_type=\"text-editor.default\">\n\t\t\t\t<div class=\"elementor-widget-container\">\n\t\t\t\t\t\t\t\t\t<h3>L&#8217;oriflamme potence f\u00eate de la musique<\/h3>\t\t\t\t\t\t\t\t<\/div>\n\t\t\t\t<\/div>\n\t\t\t\t\t<\/div>\n\t\t<\/div>\n\t\t\t\t\t<\/div>\n\t\t<\/section>\n\t\t\t\t<section class=\"elementor-section elementor-top-section elementor-element elementor-element-6e07e31 elementor-section-boxed elementor-section-height-default elementor-section-height-default\" data-id=\"6e07e31\" data-element_type=\"section\">\n\t\t\t\t\t\t<div class=\"elementor-container elementor-column-gap-default\">\n\t\t\t\t\t<div class=\"elementor-column elementor-col-25 elementor-top-column elementor-element elementor-element-1447eb3\" data-id=\"1447eb3\" data-element_type=\"column\">\n\t\t\t<div class=\"elementor-widget-wrap elementor-element-populated\">\n\t\t\t\t\t\t<div class=\"elementor-element elementor-element-dc3c4f4 elementor-widget elementor-widget-shortcode\" data-id=\"dc3c4f4\" data-element_type=\"widget\" data-widget_type=\"shortcode.default\">\n\t\t\t\t<div class=\"elementor-widget-container\">\n\t\t\t\t\t\t\t<div class=\"elementor-shortcode\"><div class=\"container p-0 m-0\">\n    <div class=\"row m-0 border\">\n        <div class=\"col-12 grid-didpd-body text-center\">\n            <img decoding=\"async\" src=\"https:\/\/www.macapflag.com\/1858660-home_default\/beach-flag-oriflamme-potence-350-mvisuel-fete-de-la-musique-modele-4.jpg\" alt=\"Oriflamme F&ecirc;te de la Musique\" class=\"mx-auto\" \/>\n            <div class=\"grid-didpd-text\">\n                <a href=\"https:\/\/www.macapflag.com\/plv-fetes-annuelles\/791988-beach-flag-oriflamme-potence-350-mvisuel-fete-de-la-musique-modele-4.html\" target=\"_blank\" class=\"stretched-link\">\n                    <h3>Oriflamme F\u00eate de la Musique<\/h3>\n                <\/a>\n            <\/div>\n                        <p class=\"text-center font-weight-bold\">142,50 \u20ac HT<\/p>            <div class=\"text-center\">\n                <button class=\"btn btn-primary\">J'ach\u00e8te<\/button>\n            <\/div>\n        <\/div>\n    <\/div>\n<\/div>\n<\/div>\n\t\t\t\t\t\t<\/div>\n\t\t\t\t<\/div>\n\t\t\t\t\t<\/div>\n\t\t<\/div>\n\t\t\t\t<div class=\"elementor-column elementor-col-25 elementor-top-column elementor-element elementor-element-cb1f7a0\" data-id=\"cb1f7a0\" data-element_type=\"column\">\n\t\t\t<div class=\"elementor-widget-wrap elementor-element-populated\">\n\t\t\t\t\t\t<div class=\"elementor-element elementor-element-f783ebc elementor-widget elementor-widget-shortcode\" data-id=\"f783ebc\" data-element_type=\"widget\" data-widget_type=\"shortcode.default\">\n\t\t\t\t<div class=\"elementor-widget-container\">\n\t\t\t\t\t\t\t<div class=\"elementor-shortcode\"><div class=\"container p-0 m-0\">\n    <div class=\"row m-0 border\">\n        <div class=\"col-12 grid-didpd-body text-center\">\n            <img decoding=\"async\" src=\"https:\/\/www.macapflag.com\/1858644-home_default\/beach-flag-oriflamme-potence-350-mvisuel-fete-de-la-musique-modele-3.jpg\" alt=\"Oriflamme F&ecirc;te de la Musique\" class=\"mx-auto\" \/>\n            <div class=\"grid-didpd-text\">\n                <a href=\"https:\/\/www.macapflag.com\/plv-fetes-annuelles\/791977-beach-flag-oriflamme-potence-350-mvisuel-fete-de-la-musique-modele-3.html\" target=\"_blank\" class=\"stretched-link\">\n                    <h3>Oriflamme F\u00eate de la Musique<\/h3>\n                <\/a>\n            <\/div>\n                        <p class=\"text-center font-weight-bold\">142,50 \u20ac HT<\/p>            <div class=\"text-center\">\n                <button class=\"btn btn-primary\">J'ach\u00e8te<\/button>\n            <\/div>\n        <\/div>\n    <\/div>\n<\/div>\n<\/div>\n\t\t\t\t\t\t<\/div>\n\t\t\t\t<\/div>\n\t\t\t\t\t<\/div>\n\t\t<\/div>\n\t\t\t\t<div class=\"elementor-column elementor-col-25 elementor-top-column elementor-element elementor-element-77c7709\" data-id=\"77c7709\" data-element_type=\"column\">\n\t\t\t<div class=\"elementor-widget-wrap elementor-element-populated\">\n\t\t\t\t\t\t<div class=\"elementor-element elementor-element-3505456 elementor-widget elementor-widget-shortcode\" data-id=\"3505456\" data-element_type=\"widget\" data-widget_type=\"shortcode.default\">\n\t\t\t\t<div class=\"elementor-widget-container\">\n\t\t\t\t\t\t\t<div class=\"elementor-shortcode\"><div class=\"container p-0 m-0\">\n    <div class=\"row m-0 border\">\n        <div class=\"col-12 grid-didpd-body text-center\">\n            <img decoding=\"async\" src=\"https:\/\/www.macapflag.com\/1855486-home_default\/beach-flag-oriflamme-potence-350-mvisuel-fete-de-la-musique-modele-2.jpg\" alt=\"Oriflamme F&ecirc;te de la Musique\" class=\"mx-auto\" \/>\n            <div class=\"grid-didpd-text\">\n                <a href=\"https:\/\/www.macapflag.com\/plv-fetes-annuelles\/791282-beach-flag-oriflamme-potence-350-mvisuel-fete-de-la-musique-modele-2.html\" target=\"_blank\" class=\"stretched-link\">\n                    <h3>Oriflamme F\u00eate de la Musique<\/h3>\n                <\/a>\n            <\/div>\n                        <p class=\"text-center font-weight-bold\">142,50 \u20ac HT<\/p>            <div class=\"text-center\">\n                <button class=\"btn btn-primary\">J'ach\u00e8te<\/button>\n            <\/div>\n        <\/div>\n    <\/div>\n<\/div>\n<\/div>\n\t\t\t\t\t\t<\/div>\n\t\t\t\t<\/div>\n\t\t\t\t\t<\/div>\n\t\t<\/div>\n\t\t\t\t<div class=\"elementor-column elementor-col-25 elementor-top-column elementor-element elementor-element-c396390\" data-id=\"c396390\" data-element_type=\"column\">\n\t\t\t<div class=\"elementor-widget-wrap elementor-element-populated\">\n\t\t\t\t\t\t<div class=\"elementor-element elementor-element-0fac77f elementor-widget elementor-widget-shortcode\" data-id=\"0fac77f\" data-element_type=\"widget\" data-widget_type=\"shortcode.default\">\n\t\t\t\t<div class=\"elementor-widget-container\">\n\t\t\t\t\t\t\t<div class=\"elementor-shortcode\"><div class=\"container p-0 m-0\">\n    <div class=\"row m-0 border\">\n        <div class=\"col-12 grid-didpd-body text-center\">\n            <img decoding=\"async\" src=\"https:\/\/www.macapflag.com\/1855483-home_default\/beach-flag-oriflamme-potence-350-mvisuel-fete-de-la-musique-modele-1.jpg\" alt=\"Oriflamme F&ecirc;te de la Musique\" class=\"mx-auto\" \/>\n            <div class=\"grid-didpd-text\">\n                <a href=\"https:\/\/www.macapflag.com\/plv-fetes-annuelles\/791281-beach-flag-oriflamme-potence-350-mvisuel-fete-de-la-musique-modele-1.html\" target=\"_blank\" class=\"stretched-link\">\n                    <h3>Oriflamme F\u00eate de la Musique<\/h3>\n                <\/a>\n            <\/div>\n                        <p class=\"text-center font-weight-bold\">142,50 \u20ac HT<\/p>            <div class=\"text-center\">\n                <button class=\"btn btn-primary\">J'ach\u00e8te<\/button>\n            <\/div>\n        <\/div>\n    <\/div>\n<\/div>\n<\/div>\n\t\t\t\t\t\t<\/div>\n\t\t\t\t<\/div>\n\t\t\t\t\t<\/div>\n\t\t<\/div>\n\t\t\t\t\t<\/div>\n\t\t<\/section>\n\t\t\t\t<section class=\"elementor-section elementor-top-section elementor-element elementor-element-0a6e510 elementor-section-boxed elementor-section-height-default elementor-section-height-default\" data-id=\"0a6e510\" data-element_type=\"section\">\n\t\t\t\t\t\t<div class=\"elementor-container elementor-column-gap-default\">\n\t\t\t\t\t<div class=\"elementor-column elementor-col-100 elementor-top-column elementor-element elementor-element-44fbe5f\" data-id=\"44fbe5f\" data-element_type=\"column\">\n\t\t\t<div class=\"elementor-widget-wrap elementor-element-populated\">\n\t\t\t\t\t\t<div class=\"elementor-element elementor-element-b6e4d75 elementor-widget elementor-widget-text-editor\" data-id=\"b6e4d75\" data-element_type=\"widget\" data-widget_type=\"text-editor.default\">\n\t\t\t\t<div class=\"elementor-widget-container\">\n\t\t\t\t\t\t\t\t\t<p>Un kit complet comprenant voile rectangulaire imprim\u00e9e F\u00eate de la musique + m\u00e2t + pied pr\u00eat \u00e0 installer. La hauteur du m\u00e2t est de 3.50 m\u00e8tres et la voile mesure 380\u00d785 cm.<br \/>Le pied plat carr\u00e9 est en acier noir, il mesure 40\u00d740 cm et p\u00e8se 6.5 kg.<br \/>Usage indoor et outdoor.<\/p>\t\t\t\t\t\t\t\t<\/div>\n\t\t\t\t<\/div>\n\t\t\t\t\t<\/div>\n\t\t<\/div>\n\t\t\t\t\t<\/div>\n\t\t<\/section>\n\t\t\t\t<section class=\"elementor-section elementor-top-section elementor-element elementor-element-ef960e1 elementor-section-boxed elementor-section-height-default elementor-section-height-default\" data-id=\"ef960e1\" data-element_type=\"section\">\n\t\t\t\t\t\t<div class=\"elementor-container elementor-column-gap-default\">\n\t\t\t\t\t<div class=\"elementor-column elementor-col-100 elementor-top-column elementor-element elementor-element-925b919\" data-id=\"925b919\" data-element_type=\"column\">\n\t\t\t<div class=\"elementor-widget-wrap elementor-element-populated\">\n\t\t\t\t\t\t<div class=\"elementor-element elementor-element-07e6a98 elementor-widget elementor-widget-text-editor\" data-id=\"07e6a98\" data-element_type=\"widget\" data-widget_type=\"text-editor.default\">\n\t\t\t\t<div class=\"elementor-widget-container\">\n\t\t\t\t\t\t\t\t\t<h3>Le roll-up f\u00eate de la musique<\/h3>\t\t\t\t\t\t\t\t<\/div>\n\t\t\t\t<\/div>\n\t\t\t\t\t<\/div>\n\t\t<\/div>\n\t\t\t\t\t<\/div>\n\t\t<\/section>\n\t\t\t\t<section class=\"elementor-section elementor-top-section elementor-element elementor-element-78cf113 elementor-section-boxed elementor-section-height-default elementor-section-height-default\" data-id=\"78cf113\" data-element_type=\"section\">\n\t\t\t\t\t\t<div class=\"elementor-container elementor-column-gap-default\">\n\t\t\t\t\t<div class=\"elementor-column elementor-col-25 elementor-top-column elementor-element elementor-element-f93d3f4\" data-id=\"f93d3f4\" data-element_type=\"column\">\n\t\t\t<div class=\"elementor-widget-wrap elementor-element-populated\">\n\t\t\t\t\t\t<div class=\"elementor-element elementor-element-d2cffe3 elementor-widget elementor-widget-shortcode\" data-id=\"d2cffe3\" data-element_type=\"widget\" data-widget_type=\"shortcode.default\">\n\t\t\t\t<div class=\"elementor-widget-container\">\n\t\t\t\t\t\t\t<div class=\"elementor-shortcode\"><div class=\"container p-0 m-0\">\n    <div class=\"row m-0 border\">\n        <div class=\"col-12 grid-didpd-body text-center\">\n            <img decoding=\"async\" src=\"https:\/\/www.macapflag.com\/1858659-home_default\/roll-up-80x200-cmvisuel-fete-de-la-musique-modele-4.jpg\" alt=\"Oriflamme F&ecirc;te de la Musique\" class=\"mx-auto\" \/>\n            <div class=\"grid-didpd-text\">\n                <a href=\"https:\/\/www.macapflag.com\/plv-fetes-annuelles\/791987-roll-up-80x200-cmvisuel-fete-de-la-musique-modele-4.html\" target=\"_blank\" class=\"stretched-link\">\n                    <h3>Oriflamme F\u00eate de la Musique<\/h3>\n                <\/a>\n            <\/div>\n                        <p class=\"text-center font-weight-bold\">51,30 \u20ac HT<\/p>            <div class=\"text-center\">\n                <button class=\"btn btn-primary\">J'ach\u00e8te<\/button>\n            <\/div>\n        <\/div>\n    <\/div>\n<\/div>\n<\/div>\n\t\t\t\t\t\t<\/div>\n\t\t\t\t<\/div>\n\t\t\t\t\t<\/div>\n\t\t<\/div>\n\t\t\t\t<div class=\"elementor-column elementor-col-25 elementor-top-column elementor-element elementor-element-7fda3cd\" data-id=\"7fda3cd\" data-element_type=\"column\">\n\t\t\t<div class=\"elementor-widget-wrap elementor-element-populated\">\n\t\t\t\t\t\t<div class=\"elementor-element elementor-element-ec06068 elementor-widget elementor-widget-shortcode\" data-id=\"ec06068\" data-element_type=\"widget\" data-widget_type=\"shortcode.default\">\n\t\t\t\t<div class=\"elementor-widget-container\">\n\t\t\t\t\t\t\t<div class=\"elementor-shortcode\"><div class=\"container p-0 m-0\">\n    <div class=\"row m-0 border\">\n        <div class=\"col-12 grid-didpd-body text-center\">\n            <img decoding=\"async\" src=\"https:\/\/www.macapflag.com\/1858643-home_default\/roll-up-80x200-cmvisuel-fete-de-la-musique-modele-3.jpg\" alt=\"Oriflamme F&ecirc;te de la Musique\" class=\"mx-auto\" \/>\n            <div class=\"grid-didpd-text\">\n                <a href=\"https:\/\/www.macapflag.com\/plv-fetes-annuelles\/791978-roll-up-80x200-cmvisuel-fete-de-la-musique-modele-3.html\" target=\"_blank\" class=\"stretched-link\">\n                    <h3>Oriflamme F\u00eate de la Musique<\/h3>\n                <\/a>\n            <\/div>\n                        <p class=\"text-center font-weight-bold\">51,30 \u20ac HT<\/p>            <div class=\"text-center\">\n                <button class=\"btn btn-primary\">J'ach\u00e8te<\/button>\n            <\/div>\n        <\/div>\n    <\/div>\n<\/div>\n<\/div>\n\t\t\t\t\t\t<\/div>\n\t\t\t\t<\/div>\n\t\t\t\t\t<\/div>\n\t\t<\/div>\n\t\t\t\t<div class=\"elementor-column elementor-col-25 elementor-top-column elementor-element elementor-element-e07b1ce\" data-id=\"e07b1ce\" data-element_type=\"column\">\n\t\t\t<div class=\"elementor-widget-wrap elementor-element-populated\">\n\t\t\t\t\t\t<div class=\"elementor-element elementor-element-41439a9 elementor-widget elementor-widget-shortcode\" data-id=\"41439a9\" data-element_type=\"widget\" data-widget_type=\"shortcode.default\">\n\t\t\t\t<div class=\"elementor-widget-container\">\n\t\t\t\t\t\t\t<div class=\"elementor-shortcode\"><div class=\"container p-0 m-0\">\n    <div class=\"row m-0 border\">\n        <div class=\"col-12 grid-didpd-body text-center\">\n            <img decoding=\"async\" src=\"https:\/\/www.macapflag.com\/1854116-home_default\/roll-up-80x200-cmvisuelfete-de-la-musique-modele-2.jpg\" alt=\"Oriflamme F&ecirc;te de la Musique\" class=\"mx-auto\" \/>\n            <div class=\"grid-didpd-text\">\n                <a href=\"https:\/\/www.macapflag.com\/plv-fetes-annuelles\/790765-roll-up-80x200-cmvisuelfete-de-la-musique-modele-2.html\" target=\"_blank\" class=\"stretched-link\">\n                    <h3>Oriflamme F\u00eate de la Musique<\/h3>\n                <\/a>\n            <\/div>\n                        <p class=\"text-center font-weight-bold\">51,30 \u20ac HT<\/p>            <div class=\"text-center\">\n                <button class=\"btn btn-primary\">J'ach\u00e8te<\/button>\n            <\/div>\n        <\/div>\n    <\/div>\n<\/div>\n<\/div>\n\t\t\t\t\t\t<\/div>\n\t\t\t\t<\/div>\n\t\t\t\t\t<\/div>\n\t\t<\/div>\n\t\t\t\t<div class=\"elementor-column elementor-col-25 elementor-top-column elementor-element elementor-element-9d07b07\" data-id=\"9d07b07\" data-element_type=\"column\">\n\t\t\t<div class=\"elementor-widget-wrap elementor-element-populated\">\n\t\t\t\t\t\t<div class=\"elementor-element elementor-element-7c012b4 elementor-widget elementor-widget-shortcode\" data-id=\"7c012b4\" data-element_type=\"widget\" data-widget_type=\"shortcode.default\">\n\t\t\t\t<div class=\"elementor-widget-container\">\n\t\t\t\t\t\t\t<div class=\"elementor-shortcode\"><div class=\"container p-0 m-0\">\n    <div class=\"row m-0 border\">\n        <div class=\"col-12 grid-didpd-body text-center\">\n            <img decoding=\"async\" src=\"https:\/\/www.macapflag.com\/1854103-home_default\/roll-up-80x200-cmvisuelfete-de-la-musique-modele-1.jpg\" alt=\"Oriflamme F&ecirc;te de la Musique\" class=\"mx-auto\" \/>\n            <div class=\"grid-didpd-text\">\n                <a href=\"https:\/\/www.macapflag.com\/plv-fetes-annuelles\/790760-roll-up-80x200-cmvisuelfete-de-la-musique-modele-1.html\" target=\"_blank\" class=\"stretched-link\">\n                    <h3>Oriflamme F\u00eate de la Musique<\/h3>\n                <\/a>\n            <\/div>\n                        <p class=\"text-center font-weight-bold\">51,30 \u20ac HT<\/p>            <div class=\"text-center\">\n                <button class=\"btn btn-primary\">J'ach\u00e8te<\/button>\n            <\/div>\n        <\/div>\n    <\/div>\n<\/div>\n<\/div>\n\t\t\t\t\t\t<\/div>\n\t\t\t\t<\/div>\n\t\t\t\t\t<\/div>\n\t\t<\/div>\n\t\t\t\t\t<\/div>\n\t\t<\/section>\n\t\t\t\t<section class=\"elementor-section elementor-top-section elementor-element elementor-element-e9a3f62 elementor-section-boxed elementor-section-height-default elementor-section-height-default\" data-id=\"e9a3f62\" data-element_type=\"section\">\n\t\t\t\t\t\t<div class=\"elementor-container elementor-column-gap-default\">\n\t\t\t\t\t<div class=\"elementor-column elementor-col-100 elementor-top-column elementor-element elementor-element-048367d\" data-id=\"048367d\" data-element_type=\"column\">\n\t\t\t<div class=\"elementor-widget-wrap elementor-element-populated\">\n\t\t\t\t\t\t<div class=\"elementor-element elementor-element-fc4de50 elementor-widget elementor-widget-text-editor\" data-id=\"fc4de50\" data-element_type=\"widget\" data-widget_type=\"text-editor.default\">\n\t\t\t\t<div class=\"elementor-widget-container\">\n\t\t\t\t\t\t\t\t\t<p>Un visuel imprim\u00e9 d\u2019un design original \u201cF\u00eate de la musique\u201d fix\u00e9 sur un support en alu, qui se d\u00e9roule en un clin d\u2019\u0153il. Le format d\u00e9pli\u00e9 est de 80 cm x 200 cm.<br \/>Usage indoor recommand\u00e9.<\/p>\t\t\t\t\t\t\t\t<\/div>\n\t\t\t\t<\/div>\n\t\t\t\t\t<\/div>\n\t\t<\/div>\n\t\t\t\t\t<\/div>\n\t\t<\/section>\n\t\t\t\t<section class=\"elementor-section elementor-top-section elementor-element elementor-element-b5c53ad elementor-section-boxed elementor-section-height-default elementor-section-height-default\" data-id=\"b5c53ad\" data-element_type=\"section\">\n\t\t\t\t\t\t<div class=\"elementor-container elementor-column-gap-default\">\n\t\t\t\t\t<div class=\"elementor-column elementor-col-100 elementor-top-column elementor-element elementor-element-fccf58d\" data-id=\"fccf58d\" data-element_type=\"column\">\n\t\t\t<div class=\"elementor-widget-wrap elementor-element-populated\">\n\t\t\t\t\t\t<div class=\"elementor-element elementor-element-31b2b55 elementor-widget elementor-widget-text-editor\" data-id=\"31b2b55\" data-element_type=\"widget\" data-widget_type=\"text-editor.default\">\n\t\t\t\t<div class=\"elementor-widget-container\">\n\t\t\t\t\t\t\t\t\t<h2>Depuis quand existe la f\u00eate de la musique ?<\/h2>\t\t\t\t\t\t\t\t<\/div>\n\t\t\t\t<\/div>\n\t\t\t\t\t<\/div>\n\t\t<\/div>\n\t\t\t\t\t<\/div>\n\t\t<\/section>\n\t\t\t\t<section class=\"elementor-section elementor-top-section elementor-element elementor-element-4afb89c elementor-section-boxed elementor-section-height-default elementor-section-height-default\" data-id=\"4afb89c\" data-element_type=\"section\">\n\t\t\t\t\t\t<div class=\"elementor-container elementor-column-gap-default\">\n\t\t\t\t\t<div class=\"elementor-column elementor-col-100 elementor-top-column elementor-element elementor-element-7f919f0\" data-id=\"7f919f0\" data-element_type=\"column\">\n\t\t\t<div class=\"elementor-widget-wrap elementor-element-populated\">\n\t\t\t\t\t\t<div class=\"elementor-element elementor-element-dfe37a4 elementor-widget elementor-widget-text-editor\" data-id=\"dfe37a4\" data-element_type=\"widget\" data-widget_type=\"text-editor.default\">\n\t\t\t\t<div class=\"elementor-widget-container\">\n\t\t\t\t\t\t\t\t\t<p>C\u2019est en 1982, \u00e0 l\u2019initiative de Jack Lang, alors ministre de la Culture, que nait la premi\u00e8re f\u00eate de la musique. Le 21 juin est un jour symbolique, celui du solstice d\u2019\u00e9t\u00e9 et le jour le plus long de l\u2019ann\u00e9e dans l\u2019h\u00e9misph\u00e8re nord.<\/p>\t\t\t\t\t\t\t\t<\/div>\n\t\t\t\t<\/div>\n\t\t\t\t\t<\/div>\n\t\t<\/div>\n\t\t\t\t\t<\/div>\n\t\t<\/section>\n\t\t\t\t<section class=\"elementor-section elementor-top-section elementor-element elementor-element-31c600b elementor-section-boxed elementor-section-height-default elementor-section-height-default\" data-id=\"31c600b\" data-element_type=\"section\">\n\t\t\t\t\t\t<div class=\"elementor-container elementor-column-gap-default\">\n\t\t\t\t\t<div class=\"elementor-column elementor-col-100 elementor-top-column elementor-element elementor-element-1c57f3a\" data-id=\"1c57f3a\" data-element_type=\"column\">\n\t\t\t<div class=\"elementor-widget-wrap elementor-element-populated\">\n\t\t\t\t\t\t<div class=\"elementor-element elementor-element-25e84b1 elementor-widget elementor-widget-text-editor\" data-id=\"25e84b1\" data-element_type=\"widget\" data-widget_type=\"text-editor.default\">\n\t\t\t\t<div class=\"elementor-widget-container\">\n\t\t\t\t\t\t\t\t\t<h2>Comment a \u00e9t\u00e9 cr\u00e9\u00e9e la f\u00eate de la musique ?<\/h2>\t\t\t\t\t\t\t\t<\/div>\n\t\t\t\t<\/div>\n\t\t\t\t\t<\/div>\n\t\t<\/div>\n\t\t\t\t\t<\/div>\n\t\t<\/section>\n\t\t\t\t<section class=\"elementor-section elementor-top-section elementor-element elementor-element-d4ff060 elementor-section-boxed elementor-section-height-default elementor-section-height-default\" data-id=\"d4ff060\" data-element_type=\"section\">\n\t\t\t\t\t\t<div class=\"elementor-container elementor-column-gap-default\">\n\t\t\t\t\t<div class=\"elementor-column elementor-col-100 elementor-top-column elementor-element elementor-element-bcc4869\" data-id=\"bcc4869\" data-element_type=\"column\">\n\t\t\t<div class=\"elementor-widget-wrap elementor-element-populated\">\n\t\t\t\t\t\t<div class=\"elementor-element elementor-element-3931234 elementor-widget elementor-widget-text-editor\" data-id=\"3931234\" data-element_type=\"widget\" data-widget_type=\"text-editor.default\">\n\t\t\t\t<div class=\"elementor-widget-container\">\n\t\t\t\t\t\t\t\t\t<p>Maurice Fleuret a \u00e9t\u00e9 nomm\u00e9 par Jack Lang directeur de la musique et de la danse. C\u2019est lui qui proposera ce rendez-vous annuel o\u00f9 \u201cLa musique sera partout et le concert nulle part !\u201d. Cette magnifique id\u00e9e perdurera dans le temps, chaque 21 juin, la musique est c\u00e9l\u00e9br\u00e9e partout et sous toutes ses formes.<\/p>\t\t\t\t\t\t\t\t<\/div>\n\t\t\t\t<\/div>\n\t\t\t\t\t<\/div>\n\t\t<\/div>\n\t\t\t\t\t<\/div>\n\t\t<\/section>\n\t\t\t\t<section class=\"elementor-section elementor-top-section elementor-element elementor-element-1358eb0 elementor-section-boxed elementor-section-height-default elementor-section-height-default\" data-id=\"1358eb0\" data-element_type=\"section\">\n\t\t\t\t\t\t<div class=\"elementor-container elementor-column-gap-default\">\n\t\t\t\t\t<div class=\"elementor-column elementor-col-100 elementor-top-column elementor-element elementor-element-b8d4ab5\" data-id=\"b8d4ab5\" data-element_type=\"column\">\n\t\t\t<div class=\"elementor-widget-wrap elementor-element-populated\">\n\t\t\t\t\t\t<div class=\"elementor-element elementor-element-fbd458d elementor-widget elementor-widget-text-editor\" data-id=\"fbd458d\" data-element_type=\"widget\" data-widget_type=\"text-editor.default\">\n\t\t\t\t<div class=\"elementor-widget-container\">\n\t\t\t\t\t\t\t\t\t<p>Pour en savoir plus sur la f\u00eate de la musique, retrouvez notre article <a href=\"https:\/\/www.macapflag.com\/blog\/fete-de-la-musique\/\" target=\"_blank\" rel=\"noopener\"><span style=\"color: #3366ff;\"><strong>Tout savoir sur la f\u00eate de la musique<\/strong><\/span><\/a>.<\/p><p>Sur le <a href=\"https:\/\/www.macapflag.com\/blog\/\"><strong><span style=\"color: #3366ff;\">blog Macap<\/span><\/strong><\/a>, de nombreux articles vous permettent de d\u00e9couvrir des trucs et astuces sur l&#8217;univers et les actualit\u00e9s de la communication \u00e9v\u00e9nementielle et institutionnelle.<\/p>\t\t\t\t\t\t\t\t<\/div>\n\t\t\t\t<\/div>\n\t\t\t\t\t<\/div>\n\t\t<\/div>\n\t\t\t\t\t<\/div>\n\t\t<\/section>\n\t\t\t\t<section class=\"elementor-section elementor-top-section elementor-element elementor-element-bf11ef6 elementor-section-boxed elementor-section-height-default elementor-section-height-default\" data-id=\"bf11ef6\" data-element_type=\"section\">\n\t\t\t\t\t\t<div class=\"elementor-container elementor-column-gap-default\">\n\t\t\t\t\t<div class=\"elementor-column elementor-col-100 elementor-top-column elementor-element elementor-element-0de51e6\" data-id=\"0de51e6\" data-element_type=\"column\">\n\t\t\t<div class=\"elementor-widget-wrap elementor-element-populated\">\n\t\t\t\t\t\t<div class=\"elementor-element elementor-element-34818ab elementor-widget elementor-widget-image\" data-id=\"34818ab\" data-element_type=\"widget\" data-widget_type=\"image.default\">\n\t\t\t\t<div class=\"elementor-widget-container\">\n\t\t\t\t\t\t\t\t\t\t\t\t\t\t\t\t<a href=\"https:\/\/www.macapflag.com\/\">\n\t\t\t\t\t\t\t<img fetchpriority=\"high\" decoding=\"async\" width=\"700\" height=\"320\" src=\"https:\/\/www.macapflag.com\/blog\/wp-content\/uploads\/2021\/04\/fabriquant-de-drapeaux-kakemonos-banderoles-beach-flags-oriflammes-macap.jpg\" class=\"attachment-large size-large wp-image-10133\" alt=\"Macap fabriquant de drapeaux kak\u00e9mono banderole beach flag oriflamme\" srcset=\"https:\/\/www.macapflag.com\/blog\/wp-content\/uploads\/2021\/04\/fabriquant-de-drapeaux-kakemonos-banderoles-beach-flags-oriflammes-macap.jpg 700w, https:\/\/www.macapflag.com\/blog\/wp-content\/uploads\/2021\/04\/fabriquant-de-drapeaux-kakemonos-banderoles-beach-flags-oriflammes-macap-300x137.jpg 300w\" sizes=\"(max-width: 700px) 100vw, 700px\" \/>\t\t\t\t\t\t\t\t<\/a>\n\t\t\t\t\t\t\t\t\t\t\t\t\t\t\t<\/div>\n\t\t\t\t<\/div>\n\t\t\t\t\t<\/div>\n\t\t<\/div>\n\t\t\t\t\t<\/div>\n\t\t<\/section>\n\t\t\t\t<\/div>\n\t\t","protected":false},"excerpt":{"rendered":"<div class=\"tmnf_excerpt\"><p>Actuellement c\u00e9l\u00e9br\u00e9e dans plus de 100 pays, la f\u00eate de la musique est un \u00e9v\u00e8nement qui a toujours lieu le 21 juin. En 2025, le 21 juin est un samedi soir, l&#8217;occasion r\u00eav\u00e9e un weekend tout en musique. Pour cette soir\u00e9e festive aux quatre coins de l\u2019hexagone, Macap vous propose des supports de communication sp\u00e9cialement &hellip;<\/p>\n<\/div>","protected":false},"author":2,"featured_media":20659,"comment_status":"closed","ping_status":"open","sticky":false,"template":"template-fullwidth.php","format":"standard","meta":{"footnotes":""},"categories":[92],"tags":[],"class_list":["post-13245","post","type-post","status-publish","format-standard","has-post-thumbnail","hentry","category-news"],"yoast_head":"<!-- This site is optimized with the Yoast SEO plugin v26.4 - https:\/\/yoast.com\/wordpress\/plugins\/seo\/ -->\n<title>C\u00e9l\u00e9brons la f\u00eate de la musique tous ensemble le 21 juin !<\/title>\n<meta name=\"description\" content=\"Offre sp\u00e9ciale sur des supports de communication \u00e0 l&#039;effigie de la f\u00eate de la musique pour c\u00e9l\u00e9brer ensemble toutes les musiques le 21 juin\" \/>\n<meta name=\"robots\" content=\"index, follow, max-snippet:-1, max-image-preview:large, max-video-preview:-1\" \/>\n<link rel=\"canonical\" href=\"https:\/\/www.macapflag.com\/blog\/musique\/\" \/>\n<meta property=\"og:locale\" content=\"fr_FR\" \/>\n<meta property=\"og:type\" content=\"article\" \/>\n<meta property=\"og:title\" content=\"C\u00e9l\u00e9brons la f\u00eate de la musique tous ensemble le 21 juin !\" \/>\n<meta property=\"og:description\" content=\"Offre sp\u00e9ciale sur des supports de communication \u00e0 l&#039;effigie de la f\u00eate de la musique pour c\u00e9l\u00e9brer ensemble toutes les musiques le 21 juin\" \/>\n<meta property=\"og:url\" content=\"https:\/\/www.macapflag.com\/blog\/musique\/\" \/>\n<meta property=\"og:site_name\" content=\"Blog - Macap\" \/>\n<meta property=\"article:publisher\" content=\"https:\/\/www.facebook.com\/macap.pavoisement\/\" \/>\n<meta property=\"article:published_time\" content=\"2025-05-29T06:04:22+00:00\" \/>\n<meta property=\"article:modified_time\" content=\"2025-06-02T06:55:30+00:00\" \/>\n<meta property=\"og:image\" content=\"https:\/\/www.macapflag.com\/blog\/wp-content\/uploads\/2025\/05\/offre-titre-fete-de-la-musique-2025.jpg\" \/>\n\t<meta property=\"og:image:width\" content=\"870\" \/>\n\t<meta property=\"og:image:height\" content=\"600\" \/>\n\t<meta property=\"og:image:type\" content=\"image\/jpeg\" \/>\n<meta name=\"author\" content=\"Blog Macap\" \/>\n<meta name=\"twitter:card\" content=\"summary_large_image\" \/>\n<meta name=\"twitter:label1\" content=\"\u00c9crit par\" \/>\n\t<meta name=\"twitter:data1\" content=\"Blog Macap\" \/>\n\t<meta name=\"twitter:label2\" content=\"Dur\u00e9e de lecture estim\u00e9e\" \/>\n\t<meta name=\"twitter:data2\" content=\"5 minutes\" \/>\n<script type=\"application\/ld+json\" class=\"yoast-schema-graph\">{\"@context\":\"https:\/\/schema.org\",\"@graph\":[{\"@type\":\"Article\",\"@id\":\"https:\/\/www.macapflag.com\/blog\/musique\/#article\",\"isPartOf\":{\"@id\":\"https:\/\/www.macapflag.com\/blog\/musique\/\"},\"author\":{\"name\":\"Blog Macap\",\"@id\":\"https:\/\/www.macapflag.com\/blog\/#\/schema\/person\/3fea701f2603875e651e6b662578fc3c\"},\"headline\":\"Offre promotionnelle F\u00eate de la musique\",\"datePublished\":\"2025-05-29T06:04:22+00:00\",\"dateModified\":\"2025-06-02T06:55:30+00:00\",\"mainEntityOfPage\":{\"@id\":\"https:\/\/www.macapflag.com\/blog\/musique\/\"},\"wordCount\":919,\"publisher\":{\"@id\":\"https:\/\/www.macapflag.com\/blog\/#organization\"},\"image\":{\"@id\":\"https:\/\/www.macapflag.com\/blog\/musique\/#primaryimage\"},\"thumbnailUrl\":\"https:\/\/www.macapflag.com\/blog\/wp-content\/uploads\/2025\/05\/offre-titre-fete-de-la-musique-2025.jpg\",\"articleSection\":[\"News &amp; Actu\"],\"inLanguage\":\"fr-FR\"},{\"@type\":\"WebPage\",\"@id\":\"https:\/\/www.macapflag.com\/blog\/musique\/\",\"url\":\"https:\/\/www.macapflag.com\/blog\/musique\/\",\"name\":\"C\u00e9l\u00e9brons la f\u00eate de la musique tous ensemble le 21 juin !\",\"isPartOf\":{\"@id\":\"https:\/\/www.macapflag.com\/blog\/#website\"},\"primaryImageOfPage\":{\"@id\":\"https:\/\/www.macapflag.com\/blog\/musique\/#primaryimage\"},\"image\":{\"@id\":\"https:\/\/www.macapflag.com\/blog\/musique\/#primaryimage\"},\"thumbnailUrl\":\"https:\/\/www.macapflag.com\/blog\/wp-content\/uploads\/2025\/05\/offre-titre-fete-de-la-musique-2025.jpg\",\"datePublished\":\"2025-05-29T06:04:22+00:00\",\"dateModified\":\"2025-06-02T06:55:30+00:00\",\"description\":\"Offre sp\u00e9ciale sur des supports de communication \u00e0 l'effigie de la f\u00eate de la musique pour c\u00e9l\u00e9brer ensemble toutes les musiques le 21 juin\",\"breadcrumb\":{\"@id\":\"https:\/\/www.macapflag.com\/blog\/musique\/#breadcrumb\"},\"inLanguage\":\"fr-FR\",\"potentialAction\":[{\"@type\":\"ReadAction\",\"target\":[\"https:\/\/www.macapflag.com\/blog\/musique\/\"]}]},{\"@type\":\"ImageObject\",\"inLanguage\":\"fr-FR\",\"@id\":\"https:\/\/www.macapflag.com\/blog\/musique\/#primaryimage\",\"url\":\"https:\/\/www.macapflag.com\/blog\/wp-content\/uploads\/2025\/05\/offre-titre-fete-de-la-musique-2025.jpg\",\"contentUrl\":\"https:\/\/www.macapflag.com\/blog\/wp-content\/uploads\/2025\/05\/offre-titre-fete-de-la-musique-2025.jpg\",\"width\":870,\"height\":600,\"caption\":\"Promo supports F\u00eate de la musique\"},{\"@type\":\"BreadcrumbList\",\"@id\":\"https:\/\/www.macapflag.com\/blog\/musique\/#breadcrumb\",\"itemListElement\":[{\"@type\":\"ListItem\",\"position\":1,\"name\":\"Accueil\",\"item\":\"https:\/\/www.macapflag.com\/blog\/\"},{\"@type\":\"ListItem\",\"position\":2,\"name\":\"Offre promotionnelle F\u00eate de la musique\"}]},{\"@type\":\"WebSite\",\"@id\":\"https:\/\/www.macapflag.com\/blog\/#website\",\"url\":\"https:\/\/www.macapflag.com\/blog\/\",\"name\":\"Blog - Macap\",\"description\":\"Tous nos articles\",\"publisher\":{\"@id\":\"https:\/\/www.macapflag.com\/blog\/#organization\"},\"potentialAction\":[{\"@type\":\"SearchAction\",\"target\":{\"@type\":\"EntryPoint\",\"urlTemplate\":\"https:\/\/www.macapflag.com\/blog\/?s={search_term_string}\"},\"query-input\":{\"@type\":\"PropertyValueSpecification\",\"valueRequired\":true,\"valueName\":\"search_term_string\"}}],\"inLanguage\":\"fr-FR\"},{\"@type\":\"Organization\",\"@id\":\"https:\/\/www.macapflag.com\/blog\/#organization\",\"name\":\"macapflag\",\"url\":\"https:\/\/www.macapflag.com\/blog\/\",\"logo\":{\"@type\":\"ImageObject\",\"inLanguage\":\"fr-FR\",\"@id\":\"https:\/\/www.macapflag.com\/blog\/#\/schema\/logo\/image\/\",\"url\":\"https:\/\/www.macapflag.com\/blog\/wp-content\/uploads\/2020\/12\/cropped-M-512-1.png\",\"contentUrl\":\"https:\/\/www.macapflag.com\/blog\/wp-content\/uploads\/2020\/12\/cropped-M-512-1.png\",\"width\":512,\"height\":512,\"caption\":\"macapflag\"},\"image\":{\"@id\":\"https:\/\/www.macapflag.com\/blog\/#\/schema\/logo\/image\/\"},\"sameAs\":[\"https:\/\/www.facebook.com\/macap.pavoisement\/\",\"https:\/\/www.instagram.com\/macapflag\/?hl=fr\",\"https:\/\/www.linkedin.com\/company\/macap\/?originalSubdomain=fr\",\"https:\/\/www.youtube.com\/channel\/UCXNzTIdZh9poEBjSXEqDtNw\"]},{\"@type\":\"Person\",\"@id\":\"https:\/\/www.macapflag.com\/blog\/#\/schema\/person\/3fea701f2603875e651e6b662578fc3c\",\"name\":\"Blog Macap\",\"image\":{\"@type\":\"ImageObject\",\"inLanguage\":\"fr-FR\",\"@id\":\"https:\/\/www.macapflag.com\/blog\/#\/schema\/person\/image\/\",\"url\":\"https:\/\/secure.gravatar.com\/avatar\/c12551f2dc51f0db049633b03e7856985477a70da834cc8967dea4ce54bdd6a2?s=96&d=mm&r=g\",\"contentUrl\":\"https:\/\/secure.gravatar.com\/avatar\/c12551f2dc51f0db049633b03e7856985477a70da834cc8967dea4ce54bdd6a2?s=96&d=mm&r=g\",\"caption\":\"Blog Macap\"},\"url\":\"https:\/\/www.macapflag.com\/blog\/author\/macap\/\"}]}<\/script>\n<!-- \/ Yoast SEO plugin. -->","yoast_head_json":{"title":"C\u00e9l\u00e9brons la f\u00eate de la musique tous ensemble le 21 juin !","description":"Offre sp\u00e9ciale sur des supports de communication \u00e0 l'effigie de la f\u00eate de la musique pour c\u00e9l\u00e9brer ensemble toutes les musiques le 21 juin","robots":{"index":"index","follow":"follow","max-snippet":"max-snippet:-1","max-image-preview":"max-image-preview:large","max-video-preview":"max-video-preview:-1"},"canonical":"https:\/\/www.macapflag.com\/blog\/musique\/","og_locale":"fr_FR","og_type":"article","og_title":"C\u00e9l\u00e9brons la f\u00eate de la musique tous ensemble le 21 juin !","og_description":"Offre sp\u00e9ciale sur des supports de communication \u00e0 l'effigie de la f\u00eate de la musique pour c\u00e9l\u00e9brer ensemble toutes les musiques le 21 juin","og_url":"https:\/\/www.macapflag.com\/blog\/musique\/","og_site_name":"Blog - Macap","article_publisher":"https:\/\/www.facebook.com\/macap.pavoisement\/","article_published_time":"2025-05-29T06:04:22+00:00","article_modified_time":"2025-06-02T06:55:30+00:00","og_image":[{"width":870,"height":600,"url":"https:\/\/www.macapflag.com\/blog\/wp-content\/uploads\/2025\/05\/offre-titre-fete-de-la-musique-2025.jpg","type":"image\/jpeg"}],"author":"Blog Macap","twitter_card":"summary_large_image","twitter_misc":{"\u00c9crit par":"Blog Macap","Dur\u00e9e de lecture estim\u00e9e":"5 minutes"},"schema":{"@context":"https:\/\/schema.org","@graph":[{"@type":"Article","@id":"https:\/\/www.macapflag.com\/blog\/musique\/#article","isPartOf":{"@id":"https:\/\/www.macapflag.com\/blog\/musique\/"},"author":{"name":"Blog Macap","@id":"https:\/\/www.macapflag.com\/blog\/#\/schema\/person\/3fea701f2603875e651e6b662578fc3c"},"headline":"Offre promotionnelle F\u00eate de la musique","datePublished":"2025-05-29T06:04:22+00:00","dateModified":"2025-06-02T06:55:30+00:00","mainEntityOfPage":{"@id":"https:\/\/www.macapflag.com\/blog\/musique\/"},"wordCount":919,"publisher":{"@id":"https:\/\/www.macapflag.com\/blog\/#organization"},"image":{"@id":"https:\/\/www.macapflag.com\/blog\/musique\/#primaryimage"},"thumbnailUrl":"https:\/\/www.macapflag.com\/blog\/wp-content\/uploads\/2025\/05\/offre-titre-fete-de-la-musique-2025.jpg","articleSection":["News &amp; Actu"],"inLanguage":"fr-FR"},{"@type":"WebPage","@id":"https:\/\/www.macapflag.com\/blog\/musique\/","url":"https:\/\/www.macapflag.com\/blog\/musique\/","name":"C\u00e9l\u00e9brons la f\u00eate de la musique tous ensemble le 21 juin !","isPartOf":{"@id":"https:\/\/www.macapflag.com\/blog\/#website"},"primaryImageOfPage":{"@id":"https:\/\/www.macapflag.com\/blog\/musique\/#primaryimage"},"image":{"@id":"https:\/\/www.macapflag.com\/blog\/musique\/#primaryimage"},"thumbnailUrl":"https:\/\/www.macapflag.com\/blog\/wp-content\/uploads\/2025\/05\/offre-titre-fete-de-la-musique-2025.jpg","datePublished":"2025-05-29T06:04:22+00:00","dateModified":"2025-06-02T06:55:30+00:00","description":"Offre sp\u00e9ciale sur des supports de communication \u00e0 l'effigie de la f\u00eate de la musique pour c\u00e9l\u00e9brer ensemble toutes les musiques le 21 juin","breadcrumb":{"@id":"https:\/\/www.macapflag.com\/blog\/musique\/#breadcrumb"},"inLanguage":"fr-FR","potentialAction":[{"@type":"ReadAction","target":["https:\/\/www.macapflag.com\/blog\/musique\/"]}]},{"@type":"ImageObject","inLanguage":"fr-FR","@id":"https:\/\/www.macapflag.com\/blog\/musique\/#primaryimage","url":"https:\/\/www.macapflag.com\/blog\/wp-content\/uploads\/2025\/05\/offre-titre-fete-de-la-musique-2025.jpg","contentUrl":"https:\/\/www.macapflag.com\/blog\/wp-content\/uploads\/2025\/05\/offre-titre-fete-de-la-musique-2025.jpg","width":870,"height":600,"caption":"Promo supports F\u00eate de la musique"},{"@type":"BreadcrumbList","@id":"https:\/\/www.macapflag.com\/blog\/musique\/#breadcrumb","itemListElement":[{"@type":"ListItem","position":1,"name":"Accueil","item":"https:\/\/www.macapflag.com\/blog\/"},{"@type":"ListItem","position":2,"name":"Offre promotionnelle F\u00eate de la musique"}]},{"@type":"WebSite","@id":"https:\/\/www.macapflag.com\/blog\/#website","url":"https:\/\/www.macapflag.com\/blog\/","name":"Blog - Macap","description":"Tous nos articles","publisher":{"@id":"https:\/\/www.macapflag.com\/blog\/#organization"},"potentialAction":[{"@type":"SearchAction","target":{"@type":"EntryPoint","urlTemplate":"https:\/\/www.macapflag.com\/blog\/?s={search_term_string}"},"query-input":{"@type":"PropertyValueSpecification","valueRequired":true,"valueName":"search_term_string"}}],"inLanguage":"fr-FR"},{"@type":"Organization","@id":"https:\/\/www.macapflag.com\/blog\/#organization","name":"macapflag","url":"https:\/\/www.macapflag.com\/blog\/","logo":{"@type":"ImageObject","inLanguage":"fr-FR","@id":"https:\/\/www.macapflag.com\/blog\/#\/schema\/logo\/image\/","url":"https:\/\/www.macapflag.com\/blog\/wp-content\/uploads\/2020\/12\/cropped-M-512-1.png","contentUrl":"https:\/\/www.macapflag.com\/blog\/wp-content\/uploads\/2020\/12\/cropped-M-512-1.png","width":512,"height":512,"caption":"macapflag"},"image":{"@id":"https:\/\/www.macapflag.com\/blog\/#\/schema\/logo\/image\/"},"sameAs":["https:\/\/www.facebook.com\/macap.pavoisement\/","https:\/\/www.instagram.com\/macapflag\/?hl=fr","https:\/\/www.linkedin.com\/company\/macap\/?originalSubdomain=fr","https:\/\/www.youtube.com\/channel\/UCXNzTIdZh9poEBjSXEqDtNw"]},{"@type":"Person","@id":"https:\/\/www.macapflag.com\/blog\/#\/schema\/person\/3fea701f2603875e651e6b662578fc3c","name":"Blog Macap","image":{"@type":"ImageObject","inLanguage":"fr-FR","@id":"https:\/\/www.macapflag.com\/blog\/#\/schema\/person\/image\/","url":"https:\/\/secure.gravatar.com\/avatar\/c12551f2dc51f0db049633b03e7856985477a70da834cc8967dea4ce54bdd6a2?s=96&d=mm&r=g","contentUrl":"https:\/\/secure.gravatar.com\/avatar\/c12551f2dc51f0db049633b03e7856985477a70da834cc8967dea4ce54bdd6a2?s=96&d=mm&r=g","caption":"Blog Macap"},"url":"https:\/\/www.macapflag.com\/blog\/author\/macap\/"}]}},"_links":{"self":[{"href":"https:\/\/www.macapflag.com\/blog\/wp-json\/wp\/v2\/posts\/13245","targetHints":{"allow":["GET"]}}],"collection":[{"href":"https:\/\/www.macapflag.com\/blog\/wp-json\/wp\/v2\/posts"}],"about":[{"href":"https:\/\/www.macapflag.com\/blog\/wp-json\/wp\/v2\/types\/post"}],"author":[{"embeddable":true,"href":"https:\/\/www.macapflag.com\/blog\/wp-json\/wp\/v2\/users\/2"}],"replies":[{"embeddable":true,"href":"https:\/\/www.macapflag.com\/blog\/wp-json\/wp\/v2\/comments?post=13245"}],"version-history":[{"count":48,"href":"https:\/\/www.macapflag.com\/blog\/wp-json\/wp\/v2\/posts\/13245\/revisions"}],"predecessor-version":[{"id":20923,"href":"https:\/\/www.macapflag.com\/blog\/wp-json\/wp\/v2\/posts\/13245\/revisions\/20923"}],"wp:featuredmedia":[{"embeddable":true,"href":"https:\/\/www.macapflag.com\/blog\/wp-json\/wp\/v2\/media\/20659"}],"wp:attachment":[{"href":"https:\/\/www.macapflag.com\/blog\/wp-json\/wp\/v2\/media?parent=13245"}],"wp:term":[{"taxonomy":"category","embeddable":true,"href":"https:\/\/www.macapflag.com\/blog\/wp-json\/wp\/v2\/categories?post=13245"},{"taxonomy":"post_tag","embeddable":true,"href":"https:\/\/www.macapflag.com\/blog\/wp-json\/wp\/v2\/tags?post=13245"}],"curies":[{"name":"wp","href":"https:\/\/api.w.org\/{rel}","templated":true}]}}