{"id":13313,"date":"2023-05-17T08:03:47","date_gmt":"2023-05-17T06:03:47","guid":{"rendered":"https:\/\/www.macapflag.com\/blog\/?p=13313"},"modified":"2023-05-17T08:03:55","modified_gmt":"2023-05-17T06:03:55","slug":"ceremonie","status":"publish","type":"post","link":"https:\/\/www.macapflag.com\/blog\/ceremonie\/","title":{"rendered":"Pourquoi et comment organiser une c\u00e9r\u00e9monie comm\u00e9morative dans une commune ?"},"content":{"rendered":"\t\t<div data-elementor-type=\"wp-post\" data-elementor-id=\"13313\" class=\"elementor elementor-13313\">\n\t\t\t\t\t\t<section class=\"elementor-section elementor-top-section elementor-element elementor-element-902b908 elementor-section-boxed elementor-section-height-default elementor-section-height-default\" data-id=\"902b908\" data-element_type=\"section\">\n\t\t\t\t\t\t<div class=\"elementor-container elementor-column-gap-default\">\n\t\t\t\t\t<div class=\"elementor-column elementor-col-100 elementor-top-column elementor-element elementor-element-38eee04\" data-id=\"38eee04\" data-element_type=\"column\">\n\t\t\t<div class=\"elementor-widget-wrap elementor-element-populated\">\n\t\t\t\t\t\t<div class=\"elementor-element elementor-element-0f79fa1 elementor-widget elementor-widget-text-editor\" data-id=\"0f79fa1\" data-element_type=\"widget\" data-widget_type=\"text-editor.default\">\n\t\t\t\t<div class=\"elementor-widget-container\">\n\t\t\t\t\t\t\t\t\t<p>Les raisons d\u2019organiser une c\u00e9r\u00e9monie comm\u00e9morative dans une commune peuvent \u00eatre tr\u00e8s diverses. S\u2019il existe 14 journ\u00e9es de c\u00e9r\u00e9monies nationales par an, d\u2019autres dates et d\u2019autres occasions peuvent \u00e9galement \u00eatre c\u00e9l\u00e9br\u00e9es dans certaines communes \u00e0 l\u2019\u00e9chelle locale.<br \/>Il n\u2019existe aucune r\u00e8gle ni aucun texte officiel qui permettrait de d\u00e9finir la forme exacte de ces manifestations, ce sont davantage des r\u00e8gles et des usages qui sont perp\u00e9tu\u00e9s. Lors de la plupart des \u00e9v\u00e8nements comm\u00e9moratifs, les \u00e9lus locaux, les associations d\u2019anciens combattants et une d\u00e9l\u00e9gation des jeunes de la commune sont repr\u00e9sent\u00e9s.<br \/>Les maires des communes sont responsables du bon d\u00e9roulement des c\u00e9r\u00e9monies publiques qui s\u2019y d\u00e9roulent. Les services d\u00e9partementaux de l\u2019Office national des combattants et des victimes de guerre (ONaCVG) peuvent aussi apporter leur expertise.<\/p>\t\t\t\t\t\t\t\t<\/div>\n\t\t\t\t<\/div>\n\t\t\t\t\t<\/div>\n\t\t<\/div>\n\t\t\t\t\t<\/div>\n\t\t<\/section>\n\t\t\t\t<section class=\"elementor-section elementor-top-section elementor-element elementor-element-c383de2 elementor-section-boxed elementor-section-height-default elementor-section-height-default\" data-id=\"c383de2\" data-element_type=\"section\">\n\t\t\t\t\t\t<div class=\"elementor-container elementor-column-gap-default\">\n\t\t\t\t\t<div class=\"elementor-column elementor-col-100 elementor-top-column elementor-element elementor-element-734ef17\" data-id=\"734ef17\" data-element_type=\"column\">\n\t\t\t<div class=\"elementor-widget-wrap elementor-element-populated\">\n\t\t\t\t\t\t<div class=\"elementor-element elementor-element-f4b802e elementor-widget elementor-widget-text-editor\" data-id=\"f4b802e\" data-element_type=\"widget\" data-widget_type=\"text-editor.default\">\n\t\t\t\t<div class=\"elementor-widget-container\">\n\t\t\t\t\t\t\t\t\t<h2>Quelles sont les r\u00e8gles de pr\u00e9s\u00e9ance \u00e0 respecter lors d\u2019une c\u00e9r\u00e9monie comm\u00e9morative ?<\/h2>\t\t\t\t\t\t\t\t<\/div>\n\t\t\t\t<\/div>\n\t\t\t\t\t<\/div>\n\t\t<\/div>\n\t\t\t\t\t<\/div>\n\t\t<\/section>\n\t\t\t\t<section class=\"elementor-section elementor-top-section elementor-element elementor-element-d05b648 elementor-section-boxed elementor-section-height-default elementor-section-height-default\" data-id=\"d05b648\" data-element_type=\"section\">\n\t\t\t\t\t\t<div class=\"elementor-container elementor-column-gap-default\">\n\t\t\t\t\t<div class=\"elementor-column elementor-col-100 elementor-top-column elementor-element elementor-element-f05bb1a\" data-id=\"f05bb1a\" data-element_type=\"column\">\n\t\t\t<div class=\"elementor-widget-wrap elementor-element-populated\">\n\t\t\t\t\t\t<div class=\"elementor-element elementor-element-11b3110 elementor-widget elementor-widget-text-editor\" data-id=\"11b3110\" data-element_type=\"widget\" data-widget_type=\"text-editor.default\">\n\t\t\t\t<div class=\"elementor-widget-container\">\n\t\t\t\t\t\t\t\t\t<p>Sur le lieu de la c\u00e9r\u00e9monie, les autorit\u00e9s forment plusieurs lignes. L\u2019autorit\u00e9 \u00e0 laquelle la pr\u00e9s\u00e9ance est due se tient au centre, les autres sont plac\u00e9es alternativement \u00e0 sa droite puis \u00e0 sa gauche, du centre vers l&#8217;ext\u00e9rieur, dans l&#8217;ordre d\u00e9croissant des pr\u00e9s\u00e9ances. Selon les situations et en fonction du nombre de participants, une s\u00e9paration peut \u00eatre faite entre les autorit\u00e9s civiles et militaires.<br \/>Si une c\u00e9r\u00e9monie est pr\u00e9sid\u00e9e par un repr\u00e9sentant de l\u2019\u00c9tat, le maire de la ville se place au second rang. Les repr\u00e9sentants de l\u2019\u00c9tat peuvent \u00eatre des membres du gouvernement ou des membres du corps pr\u00e9fectoral.<\/p>\t\t\t\t\t\t\t\t<\/div>\n\t\t\t\t<\/div>\n\t\t\t\t\t<\/div>\n\t\t<\/div>\n\t\t\t\t\t<\/div>\n\t\t<\/section>\n\t\t\t\t<section class=\"elementor-section elementor-top-section elementor-element elementor-element-350b495 elementor-section-boxed elementor-section-height-default elementor-section-height-default\" data-id=\"350b495\" data-element_type=\"section\">\n\t\t\t\t\t\t<div class=\"elementor-container elementor-column-gap-default\">\n\t\t\t\t\t<div class=\"elementor-column elementor-col-100 elementor-top-column elementor-element elementor-element-379f162\" data-id=\"379f162\" data-element_type=\"column\">\n\t\t\t<div class=\"elementor-widget-wrap elementor-element-populated\">\n\t\t\t\t\t\t<div class=\"elementor-element elementor-element-0823553 elementor-widget elementor-widget-text-editor\" data-id=\"0823553\" data-element_type=\"widget\" data-widget_type=\"text-editor.default\">\n\t\t\t\t<div class=\"elementor-widget-container\">\n\t\t\t\t\t\t\t\t\t<h3>Que dit le d\u00e9cret n\u00b0 89-655 du 13 septembre 1989 relatif aux c\u00e9r\u00e9monies publiques, pr\u00e9s\u00e9ances, honneurs<br \/>civils et militaire ? <\/h3>\t\t\t\t\t\t\t\t<\/div>\n\t\t\t\t<\/div>\n\t\t\t\t\t<\/div>\n\t\t<\/div>\n\t\t\t\t\t<\/div>\n\t\t<\/section>\n\t\t\t\t<section class=\"elementor-section elementor-top-section elementor-element elementor-element-cfc8980 elementor-section-boxed elementor-section-height-default elementor-section-height-default\" data-id=\"cfc8980\" data-element_type=\"section\">\n\t\t\t\t\t\t<div class=\"elementor-container elementor-column-gap-default\">\n\t\t\t\t\t<div class=\"elementor-column elementor-col-100 elementor-top-column elementor-element elementor-element-48e76d1\" data-id=\"48e76d1\" data-element_type=\"column\">\n\t\t\t<div class=\"elementor-widget-wrap elementor-element-populated\">\n\t\t\t\t\t\t<div class=\"elementor-element elementor-element-2b8b221 elementor-widget elementor-widget-image\" data-id=\"2b8b221\" data-element_type=\"widget\" data-widget_type=\"image.default\">\n\t\t\t\t<div class=\"elementor-widget-container\">\n\t\t\t\t\t\t\t\t\t\t\t\t\t\t\t<img fetchpriority=\"high\" decoding=\"async\" width=\"700\" height=\"534\" src=\"https:\/\/www.macapflag.com\/blog\/wp-content\/uploads\/2023\/05\/comment-organiser-ceremonie-commune-1.jpg\" class=\"attachment-large size-large wp-image-13316\" alt=\"r\u00e8gles de pr\u00e9s\u00e9ance pour une c\u00e9r\u00e9monie comm\u00e9morative\" srcset=\"https:\/\/www.macapflag.com\/blog\/wp-content\/uploads\/2023\/05\/comment-organiser-ceremonie-commune-1.jpg 700w, https:\/\/www.macapflag.com\/blog\/wp-content\/uploads\/2023\/05\/comment-organiser-ceremonie-commune-1-300x229.jpg 300w\" sizes=\"(max-width: 700px) 100vw, 700px\" \/>\t\t\t\t\t\t\t\t\t\t\t\t\t\t\t<\/div>\n\t\t\t\t<\/div>\n\t\t\t\t\t<\/div>\n\t\t<\/div>\n\t\t\t\t\t<\/div>\n\t\t<\/section>\n\t\t\t\t<section class=\"elementor-section elementor-top-section elementor-element elementor-element-e11cb54 elementor-section-boxed elementor-section-height-default elementor-section-height-default\" data-id=\"e11cb54\" data-element_type=\"section\">\n\t\t\t\t\t\t<div class=\"elementor-container elementor-column-gap-default\">\n\t\t\t\t\t<div class=\"elementor-column elementor-col-100 elementor-top-column elementor-element elementor-element-d0ef29d\" data-id=\"d0ef29d\" data-element_type=\"column\">\n\t\t\t<div class=\"elementor-widget-wrap elementor-element-populated\">\n\t\t\t\t\t\t<div class=\"elementor-element elementor-element-22daecb elementor-widget elementor-widget-text-editor\" data-id=\"22daecb\" data-element_type=\"widget\" data-widget_type=\"text-editor.default\">\n\t\t\t\t<div class=\"elementor-widget-container\">\n\t\t\t\t\t\t\t\t\t<p>Dans les d\u00e9partements (Paris \u00e9tant un cas particulier) ainsi que dans les collectivit\u00e9s territoriales de Saint-Pierre-et-Miquelon et de Mayotte, lorsque les membres des corps et les autorit\u00e9s assistent aux<br \/>c\u00e9r\u00e9monies publiques, ils y prennent rang dans l&#8217;ordre de pr\u00e9s\u00e9ance suivant :<br \/>1. Le pr\u00e9fet, repr\u00e9sentant de l&#8217;\u00c9tat dans le d\u00e9partement ou la collectivit\u00e9 ;<br \/>2. Les d\u00e9put\u00e9s ;<br \/>3. Les s\u00e9nateurs ;<br \/>4. Les repr\u00e9sentants au Parlement europ\u00e9en ;<br \/>5. Le pr\u00e9sident du conseil r\u00e9gional ou, dans les d\u00e9partements de Corse-du-Sud et de Haute-Corse, le pr\u00e9sident du conseil ex\u00e9cutif de Corse, le pr\u00e9sident de l&#8217;assembl\u00e9e de Corse ;<br \/>6. Le pr\u00e9sident du conseil g\u00e9n\u00e9ral ;<br \/>7. Le maire de la commune dans laquelle se d\u00e9roule la c\u00e9r\u00e9monie ;<br \/>8. Le g\u00e9n\u00e9ral commandant la r\u00e9gion terre, l&#8217;amiral commandant la r\u00e9gion maritime, le g\u00e9n\u00e9ral commandant la r\u00e9gion a\u00e9rienne, le g\u00e9n\u00e9ral commandant la r\u00e9gion de gendarmerie ;<br \/>9. Le pr\u00e9sident de la cour administrative d&#8217;appel, le premier pr\u00e9sident de la cour d&#8217;appel et le procureur g\u00e9n\u00e9ral pr\u00e8s cette cour ou, \u00e0 Saint-Pierre-et-Miquelon et \u00e0 Mayotte, le pr\u00e9sident du tribunal sup\u00e9rieur d&#8217;appel et le procureur de la R\u00e9publique pr\u00e8s ce tribunal ;<br \/>10. L&#8217;amiral commandant l&#8217;arrondissement maritime, le g\u00e9n\u00e9ral commandant la r\u00e9gion de gendarmerie. Dans les d\u00e9partements et les collectivit\u00e9s territoriales d&#8217;outre-mer, l&#8217;autorit\u00e9 militaire exer\u00e7ant le commandement sup\u00e9rieur des forces arm\u00e9es ;<br \/>11. Les dignitaires de la L\u00e9gion d&#8217;honneur, les Compagnons de la Lib\u00e9ration et les dignitaires de l&#8217;ordre national du M\u00e9rite ;<br \/>12. Dans les d\u00e9partements d&#8217;outre-mer, le pr\u00e9sident du conseil de la culture, de l&#8217;\u00e9ducation et de l&#8217;environnement ;<br \/>13. Le pr\u00e9sident du tribunal administratif, le pr\u00e9sident du tribunal de grande instance et le procureur de la R\u00e9publique pr\u00e8s ce tribunal ou, \u00e0 Saint-Pierre-et-Miquelon et \u00e0 Mayotte, le pr\u00e9sident du tribunal de premi\u00e8re instance et le procureur de la R\u00e9publique pr\u00e8s ce tribunal, le<br \/>pr\u00e9sident de la chambre r\u00e9gionale des comptes ;<br \/>14. Les membres du conseil r\u00e9gional ou, dans les d\u00e9partements de Corse-du-Sud et de HauteCorse, les membres de l&#8217;assembl\u00e9e de Corse ;<br \/>15. Les membres du conseil g\u00e9n\u00e9ral ;<br \/>16. Les membres du Conseil \u00e9conomique, social et environnemental ;<br \/>17. Le recteur d&#8217;acad\u00e9mie, chancelier des universit\u00e9s ;<br \/>18. Dans les d\u00e9partements du Bas-Rhin, du Haut-Rhin et de la Moselle, l&#8217;\u00e9v\u00eaque, le pr\u00e9sident du directoire de l&#8217;\u00c9glise de la confession d&#8217;Augsbourg d&#8217;Alsace et de Lorraine, le pr\u00e9sident du<br \/>synode de l&#8217;\u00c9glise r\u00e9form\u00e9e d&#8217;Alsace-Lorraine, le grand rabbin, le pr\u00e9sident de consistoire isra\u00e9lite ;<br \/>19. Le pr\u00e9fet adjoint pour la s\u00e9curit\u00e9, le pr\u00e9fet d\u00e9l\u00e9gu\u00e9 pour la s\u00e9curit\u00e9 et la d\u00e9fense ;<br \/>20. Le sous-pr\u00e9fet dans son arrondissement, le secr\u00e9taire g\u00e9n\u00e9ral de la pr\u00e9fecture et, le cas \u00e9ch\u00e9ant, le secr\u00e9taire g\u00e9n\u00e9ral pour les affaires r\u00e9gionales et le secr\u00e9taire g\u00e9n\u00e9ral pour l&#8217;administration de la police, le directeur du cabinet du pr\u00e9fet du d\u00e9partement ;<br \/>21. Les officiers g\u00e9n\u00e9raux exer\u00e7ant un commandement ;<br \/>22. Les chefs des services d\u00e9concentr\u00e9s des administrations civiles de l&#8217;\u00c9tat dans la r\u00e9gion et dans le d\u00e9partement, dans l&#8217;ordre de pr\u00e9s\u00e9ance attribu\u00e9 aux d\u00e9partements minist\u00e9riels dont ils<br \/>rel\u00e8vent, le d\u00e9l\u00e9gu\u00e9 militaire d\u00e9partemental, le commandant de groupement de gendarmerie d\u00e9partementale ;<br \/>23. Les pr\u00e9sidents des universit\u00e9s, les directeurs des grandes \u00e9coles nationales ayant leur si\u00e8ge dans le d\u00e9partement, les directeurs des grands \u00e9tablissements de recherche ayant leur si\u00e8ge<br \/>dans le d\u00e9partement ;<br \/>24. Le directeur g\u00e9n\u00e9ral des services de la r\u00e9gion, ou, dans les d\u00e9partements de Corse-du-Sud et de Haute-Corse, le directeur g\u00e9n\u00e9ral des services de la collectivit\u00e9 territoriale de Corse ;<br \/>25. Le directeur g\u00e9n\u00e9ral des services du d\u00e9partement ;<br \/>26. Les conseillers municipaux de la commune dans laquelle se d\u00e9roule la c\u00e9r\u00e9monie ;<br \/>27. Le secr\u00e9taire g\u00e9n\u00e9ral de la commune dans laquelle se d\u00e9roule la c\u00e9r\u00e9monie ;<br \/>28. Le pr\u00e9sident du tribunal de commerce ;<br \/>29. Le pr\u00e9sident du conseil de prud&#8217;hommes ;<br \/>30. Le pr\u00e9sident du tribunal paritaire des baux ruraux ;<br \/>31. Le pr\u00e9sident de la chambre r\u00e9gionale de commerce et d&#8217;industrie, le pr\u00e9sident de la chambre r\u00e9gionale d&#8217;agriculture, le pr\u00e9sident de la chambre ou de la conf\u00e9rence r\u00e9gionale de m\u00e9tiers,<br \/>le pr\u00e9sident de la chambre d\u00e9partementale de commerce et d&#8217;industrie, le pr\u00e9sident de la chambre d\u00e9partementale d&#8217;agriculture, le pr\u00e9sident de la chambre d\u00e9partementale de m\u00e9tiers ;<br \/>32. Le b\u00e2tonnier de l&#8217;ordre des avocats, les pr\u00e9sidents des conseils r\u00e9gionaux et d\u00e9partementaux des ordres professionnels ;<br \/>33. Le secr\u00e9taire de mairie.<\/p><p><em>Source : Secr\u00e9tariat G\u00e9n\u00e9ral pour l\u2019administration du minist\u00e8re des Arm\u00e9es.<\/em><\/p>\t\t\t\t\t\t\t\t<\/div>\n\t\t\t\t<\/div>\n\t\t\t\t\t<\/div>\n\t\t<\/div>\n\t\t\t\t\t<\/div>\n\t\t<\/section>\n\t\t\t\t<section class=\"elementor-section elementor-top-section elementor-element elementor-element-c5647c0 elementor-section-boxed elementor-section-height-default elementor-section-height-default\" data-id=\"c5647c0\" data-element_type=\"section\">\n\t\t\t\t\t\t<div class=\"elementor-container elementor-column-gap-default\">\n\t\t\t\t\t<div class=\"elementor-column elementor-col-100 elementor-top-column elementor-element elementor-element-3194c7a\" data-id=\"3194c7a\" data-element_type=\"column\">\n\t\t\t<div class=\"elementor-widget-wrap elementor-element-populated\">\n\t\t\t\t\t\t<div class=\"elementor-element elementor-element-dcc97c5 elementor-widget elementor-widget-spacer\" data-id=\"dcc97c5\" data-element_type=\"widget\" data-widget_type=\"spacer.default\">\n\t\t\t\t<div class=\"elementor-widget-container\">\n\t\t\t\t\t\t\t<div class=\"elementor-spacer\">\n\t\t\t<div class=\"elementor-spacer-inner\"><\/div>\n\t\t<\/div>\n\t\t\t\t\t\t<\/div>\n\t\t\t\t<\/div>\n\t\t\t\t\t<\/div>\n\t\t<\/div>\n\t\t\t\t\t<\/div>\n\t\t<\/section>\n\t\t\t\t<section class=\"elementor-section elementor-top-section elementor-element elementor-element-314a956 elementor-section-boxed elementor-section-height-default elementor-section-height-default\" data-id=\"314a956\" data-element_type=\"section\">\n\t\t\t\t\t\t<div class=\"elementor-container elementor-column-gap-default\">\n\t\t\t\t\t<div class=\"elementor-column elementor-col-100 elementor-top-column elementor-element elementor-element-693dbf0\" data-id=\"693dbf0\" data-element_type=\"column\">\n\t\t\t<div class=\"elementor-widget-wrap elementor-element-populated\">\n\t\t\t\t\t\t<div class=\"elementor-element elementor-element-9983fe5 elementor-widget elementor-widget-text-editor\" data-id=\"9983fe5\" data-element_type=\"widget\" data-widget_type=\"text-editor.default\">\n\t\t\t\t<div class=\"elementor-widget-container\">\n\t\t\t\t\t\t\t\t\t<h2>Quelles sont les r\u00e8gles en mati\u00e8re d\u2019utilisation des drapeaux lors d\u2019une c\u00e9r\u00e9monie comm\u00e9morative ?<\/h2>\t\t\t\t\t\t\t\t<\/div>\n\t\t\t\t<\/div>\n\t\t\t\t\t<\/div>\n\t\t<\/div>\n\t\t\t\t\t<\/div>\n\t\t<\/section>\n\t\t\t\t<section class=\"elementor-section elementor-top-section elementor-element elementor-element-a0f133d elementor-section-boxed elementor-section-height-default elementor-section-height-default\" data-id=\"a0f133d\" data-element_type=\"section\">\n\t\t\t\t\t\t<div class=\"elementor-container elementor-column-gap-default\">\n\t\t\t\t\t<div class=\"elementor-column elementor-col-100 elementor-top-column elementor-element elementor-element-9308f0d\" data-id=\"9308f0d\" data-element_type=\"column\">\n\t\t\t<div class=\"elementor-widget-wrap elementor-element-populated\">\n\t\t\t\t\t\t<div class=\"elementor-element elementor-element-d7f8007 elementor-widget elementor-widget-text-editor\" data-id=\"d7f8007\" data-element_type=\"widget\" data-widget_type=\"text-editor.default\">\n\t\t\t\t<div class=\"elementor-widget-container\">\n\t\t\t\t\t\t\t\t\t<h3>Lors des 14 c\u00e9r\u00e9monies nationales fran\u00e7aises<\/h3>\t\t\t\t\t\t\t\t<\/div>\n\t\t\t\t<\/div>\n\t\t\t\t\t<\/div>\n\t\t<\/div>\n\t\t\t\t\t<\/div>\n\t\t<\/section>\n\t\t\t\t<section class=\"elementor-section elementor-top-section elementor-element elementor-element-4fc8973 elementor-section-boxed elementor-section-height-default elementor-section-height-default\" data-id=\"4fc8973\" data-element_type=\"section\">\n\t\t\t\t\t\t<div class=\"elementor-container elementor-column-gap-default\">\n\t\t\t\t\t<div class=\"elementor-column elementor-col-100 elementor-top-column elementor-element elementor-element-59fa10c\" data-id=\"59fa10c\" data-element_type=\"column\">\n\t\t\t<div class=\"elementor-widget-wrap elementor-element-populated\">\n\t\t\t\t\t\t<div class=\"elementor-element elementor-element-15e89b0 elementor-widget elementor-widget-image\" data-id=\"15e89b0\" data-element_type=\"widget\" data-widget_type=\"image.default\">\n\t\t\t\t<div class=\"elementor-widget-container\">\n\t\t\t\t\t\t\t\t\t\t\t\t\t\t\t<img decoding=\"async\" width=\"700\" height=\"534\" src=\"https:\/\/www.macapflag.com\/blog\/wp-content\/uploads\/2023\/05\/comment-organiser-ceremonie-commune-2.jpg\" class=\"attachment-large size-large wp-image-13317\" alt=\"utilisation des drapeaux pour une c\u00e9r\u00e9monie comm\u00e9morative\" srcset=\"https:\/\/www.macapflag.com\/blog\/wp-content\/uploads\/2023\/05\/comment-organiser-ceremonie-commune-2.jpg 700w, https:\/\/www.macapflag.com\/blog\/wp-content\/uploads\/2023\/05\/comment-organiser-ceremonie-commune-2-300x229.jpg 300w\" sizes=\"(max-width: 700px) 100vw, 700px\" \/>\t\t\t\t\t\t\t\t\t\t\t\t\t\t\t<\/div>\n\t\t\t\t<\/div>\n\t\t\t\t\t<\/div>\n\t\t<\/div>\n\t\t\t\t\t<\/div>\n\t\t<\/section>\n\t\t\t\t<section class=\"elementor-section elementor-top-section elementor-element elementor-element-cd0666d elementor-section-boxed elementor-section-height-default elementor-section-height-default\" data-id=\"cd0666d\" data-element_type=\"section\">\n\t\t\t\t\t\t<div class=\"elementor-container elementor-column-gap-default\">\n\t\t\t\t\t<div class=\"elementor-column elementor-col-100 elementor-top-column elementor-element elementor-element-6435a0f\" data-id=\"6435a0f\" data-element_type=\"column\">\n\t\t\t<div class=\"elementor-widget-wrap elementor-element-populated\">\n\t\t\t\t\t\t<div class=\"elementor-element elementor-element-14eda83 elementor-widget elementor-widget-text-editor\" data-id=\"14eda83\" data-element_type=\"widget\" data-widget_type=\"text-editor.default\">\n\t\t\t\t<div class=\"elementor-widget-container\">\n\t\t\t\t\t\t\t\t\t<p>Les b\u00e2timents qui rel\u00e8vent de l\u2019\u00c9tat sont pavois\u00e9s avec le <a href=\"https:\/\/www.macapflag.com\/drapeau-officiel-pour-mat\/33-drapeau-francais-officiel.html\"><span style=\"color: #3366ff;\"><strong>drapeau France<\/strong><\/span><\/a> en fonction des directives du gouvernement. Les mairies qui, elles, rel\u00e8vent des collectivit\u00e9s territoriales ne sont pas oblig\u00e9es de pavoiser leurs b\u00e2timents. Elles sont toutefois invit\u00e9es \u00e0 y faire flotter le drapeau fran\u00e7ais tout au long de l\u2019ann\u00e9e en signe de repr\u00e9sentation des valeurs de la R\u00e9publique fran\u00e7aise.<br \/>Retrouvez la liste des 14 journ\u00e9es de c\u00e9r\u00e9monies nationales sur notre article \u201c <a href=\"https:\/\/www.macapflag.com\/blog\/pavoisement-drapeaux-batiments\/\"><span style=\"color: #3366ff;\"><strong>La l\u00e9gislation des drapeaux sur les b\u00e2timents publics<\/strong><\/span><\/a>\u201d.<\/p>\t\t\t\t\t\t\t\t<\/div>\n\t\t\t\t<\/div>\n\t\t\t\t\t<\/div>\n\t\t<\/div>\n\t\t\t\t\t<\/div>\n\t\t<\/section>\n\t\t\t\t<section class=\"elementor-section elementor-top-section elementor-element elementor-element-679d371 elementor-section-boxed elementor-section-height-default elementor-section-height-default\" data-id=\"679d371\" data-element_type=\"section\">\n\t\t\t\t\t\t<div class=\"elementor-container elementor-column-gap-default\">\n\t\t\t\t\t<div class=\"elementor-column elementor-col-100 elementor-top-column elementor-element elementor-element-e6908e7\" data-id=\"e6908e7\" data-element_type=\"column\">\n\t\t\t<div class=\"elementor-widget-wrap elementor-element-populated\">\n\t\t\t\t\t\t<div class=\"elementor-element elementor-element-7674327 elementor-widget elementor-widget-text-editor\" data-id=\"7674327\" data-element_type=\"widget\" data-widget_type=\"text-editor.default\">\n\t\t\t\t<div class=\"elementor-widget-container\">\n\t\t\t\t\t\t\t\t\t<h3>Lors d&#8217;un deuil national<\/h3>\t\t\t\t\t\t\t\t<\/div>\n\t\t\t\t<\/div>\n\t\t\t\t\t<\/div>\n\t\t<\/div>\n\t\t\t\t\t<\/div>\n\t\t<\/section>\n\t\t\t\t<section class=\"elementor-section elementor-top-section elementor-element elementor-element-cae2ee0 elementor-section-boxed elementor-section-height-default elementor-section-height-default\" data-id=\"cae2ee0\" data-element_type=\"section\">\n\t\t\t\t\t\t<div class=\"elementor-container elementor-column-gap-default\">\n\t\t\t\t\t<div class=\"elementor-column elementor-col-100 elementor-top-column elementor-element elementor-element-1cf6ef7\" data-id=\"1cf6ef7\" data-element_type=\"column\">\n\t\t\t<div class=\"elementor-widget-wrap elementor-element-populated\">\n\t\t\t\t\t\t<div class=\"elementor-element elementor-element-5904da2 elementor-widget elementor-widget-image\" data-id=\"5904da2\" data-element_type=\"widget\" data-widget_type=\"image.default\">\n\t\t\t\t<div class=\"elementor-widget-container\">\n\t\t\t\t\t\t\t\t\t\t\t\t\t\t\t<img decoding=\"async\" width=\"700\" height=\"534\" src=\"https:\/\/www.macapflag.com\/blog\/wp-content\/uploads\/2023\/05\/comment-organiser-ceremonie-commune-3.jpg\" class=\"attachment-large size-large wp-image-13318\" alt=\"Mise en berne du drapeau fran\u00e7ais deuil national\" srcset=\"https:\/\/www.macapflag.com\/blog\/wp-content\/uploads\/2023\/05\/comment-organiser-ceremonie-commune-3.jpg 700w, https:\/\/www.macapflag.com\/blog\/wp-content\/uploads\/2023\/05\/comment-organiser-ceremonie-commune-3-300x229.jpg 300w\" sizes=\"(max-width: 700px) 100vw, 700px\" \/>\t\t\t\t\t\t\t\t\t\t\t\t\t\t\t<\/div>\n\t\t\t\t<\/div>\n\t\t\t\t\t<\/div>\n\t\t<\/div>\n\t\t\t\t\t<\/div>\n\t\t<\/section>\n\t\t\t\t<section class=\"elementor-section elementor-top-section elementor-element elementor-element-e4054de elementor-section-boxed elementor-section-height-default elementor-section-height-default\" data-id=\"e4054de\" data-element_type=\"section\">\n\t\t\t\t\t\t<div class=\"elementor-container elementor-column-gap-default\">\n\t\t\t\t\t<div class=\"elementor-column elementor-col-100 elementor-top-column elementor-element elementor-element-6c55074\" data-id=\"6c55074\" data-element_type=\"column\">\n\t\t\t<div class=\"elementor-widget-wrap elementor-element-populated\">\n\t\t\t\t\t\t<div class=\"elementor-element elementor-element-eea955e elementor-widget elementor-widget-text-editor\" data-id=\"eea955e\" data-element_type=\"widget\" data-widget_type=\"text-editor.default\">\n\t\t\t\t<div class=\"elementor-widget-container\">\n\t\t\t\t\t\t\t\t\t<p>\u00c0 l&#8217;occasion des deuils nationaux, les drapeaux doivent \u00eatre mis en berne.<\/p><p>Pour ces occasions, le Minist\u00e8re de l\u2019Int\u00e9rieur adresse un message aux pr\u00e9fets qui \u00e0 leur tour partagent l\u2019information et les instructions aux services de l\u2019\u00c9tat et aux mairies du territoire. <\/p>\t\t\t\t\t\t\t\t<\/div>\n\t\t\t\t<\/div>\n\t\t\t\t\t<\/div>\n\t\t<\/div>\n\t\t\t\t\t<\/div>\n\t\t<\/section>\n\t\t\t\t<section class=\"elementor-section elementor-top-section elementor-element elementor-element-ea863e2 elementor-section-boxed elementor-section-height-default elementor-section-height-default\" data-id=\"ea863e2\" data-element_type=\"section\">\n\t\t\t\t\t\t<div class=\"elementor-container elementor-column-gap-default\">\n\t\t\t\t\t<div class=\"elementor-column elementor-col-100 elementor-top-column elementor-element elementor-element-30efec6\" data-id=\"30efec6\" data-element_type=\"column\">\n\t\t\t<div class=\"elementor-widget-wrap elementor-element-populated\">\n\t\t\t\t\t\t<div class=\"elementor-element elementor-element-4876a59 elementor-widget elementor-widget-text-editor\" data-id=\"4876a59\" data-element_type=\"widget\" data-widget_type=\"text-editor.default\">\n\t\t\t\t<div class=\"elementor-widget-container\">\n\t\t\t\t\t\t\t\t\t<h3>Lors des autres journ\u00e9es comm\u00e9moratives<\/h3>\t\t\t\t\t\t\t\t<\/div>\n\t\t\t\t<\/div>\n\t\t\t\t\t<\/div>\n\t\t<\/div>\n\t\t\t\t\t<\/div>\n\t\t<\/section>\n\t\t\t\t<section class=\"elementor-section elementor-top-section elementor-element elementor-element-fa8b91a elementor-section-boxed elementor-section-height-default elementor-section-height-default\" data-id=\"fa8b91a\" data-element_type=\"section\">\n\t\t\t\t\t\t<div class=\"elementor-container elementor-column-gap-default\">\n\t\t\t\t\t<div class=\"elementor-column elementor-col-100 elementor-top-column elementor-element elementor-element-c96b4af\" data-id=\"c96b4af\" data-element_type=\"column\">\n\t\t\t<div class=\"elementor-widget-wrap elementor-element-populated\">\n\t\t\t\t\t\t<div class=\"elementor-element elementor-element-f5b483a elementor-widget elementor-widget-text-editor\" data-id=\"f5b483a\" data-element_type=\"widget\" data-widget_type=\"text-editor.default\">\n\t\t\t\t<div class=\"elementor-widget-container\">\n\t\t\t\t\t\t\t\t\t<p>Le pavoisement et l\u2019utilisation des drapeaux est libre. Cependant, on retrouve les grandes familles de drapeaux ci-dessous lors des comm\u00e9morations :<\/p>\t\t\t\t\t\t\t\t<\/div>\n\t\t\t\t<\/div>\n\t\t\t\t\t<\/div>\n\t\t<\/div>\n\t\t\t\t\t<\/div>\n\t\t<\/section>\n\t\t\t\t<section class=\"elementor-section elementor-top-section elementor-element elementor-element-6b6001c elementor-section-boxed elementor-section-height-default elementor-section-height-default\" data-id=\"6b6001c\" data-element_type=\"section\">\n\t\t\t\t\t\t<div class=\"elementor-container elementor-column-gap-default\">\n\t\t\t\t\t<div class=\"elementor-column elementor-col-100 elementor-top-column elementor-element elementor-element-2f883f6\" data-id=\"2f883f6\" data-element_type=\"column\">\n\t\t\t<div class=\"elementor-widget-wrap elementor-element-populated\">\n\t\t\t\t\t\t<div class=\"elementor-element elementor-element-2c977e0 elementor-widget elementor-widget-text-editor\" data-id=\"2c977e0\" data-element_type=\"widget\" data-widget_type=\"text-editor.default\">\n\t\t\t\t<div class=\"elementor-widget-container\">\n\t\t\t\t\t\t\t\t\t<h4>. Les drapeaux de prestige brod\u00e9s ou imprim\u00e9s<\/h4>\t\t\t\t\t\t\t\t<\/div>\n\t\t\t\t<\/div>\n\t\t\t\t\t<\/div>\n\t\t<\/div>\n\t\t\t\t\t<\/div>\n\t\t<\/section>\n\t\t\t\t<section class=\"elementor-section elementor-top-section elementor-element elementor-element-45865e7 elementor-section-boxed elementor-section-height-default elementor-section-height-default\" data-id=\"45865e7\" data-element_type=\"section\">\n\t\t\t\t\t\t<div class=\"elementor-container elementor-column-gap-default\">\n\t\t\t\t\t<div class=\"elementor-column elementor-col-100 elementor-top-column elementor-element elementor-element-89a859c\" data-id=\"89a859c\" data-element_type=\"column\">\n\t\t\t<div class=\"elementor-widget-wrap elementor-element-populated\">\n\t\t\t\t\t\t<div class=\"elementor-element elementor-element-9478dcf elementor-widget elementor-widget-text-editor\" data-id=\"9478dcf\" data-element_type=\"widget\" data-widget_type=\"text-editor.default\">\n\t\t\t\t<div class=\"elementor-widget-container\">\n\t\t\t\t\t\t\t\t\t<p>Ce sont les drapeaux confectionn\u00e9s dans des tissus de luxe imprim\u00e9s ou brod\u00e9s avec des lettres dor\u00e9es ou argent\u00e9es, mais aussi avec des embl\u00e8mes et des logos. Anciens combattants, pompiers, gendarmes, parachutistes, corps d\u2019arm\u00e9e sont autant de regroupements associatifs qui aiment \u00e0 avoir un drapeau de d\u00e9fil\u00e9 personnalis\u00e9 \u00e0 leur effigie.<br \/>Ces drapeaux peuvent \u00eatre de couleur unie ou aux couleurs du drapeau fran\u00e7ais. Ils peuvent \u00eatre orn\u00e9s de franges ou de galons dor\u00e9s et argent\u00e9s ainsi que d\u00e9cor\u00e9s de cravates pour drapeaux.<\/p>\t\t\t\t\t\t\t\t<\/div>\n\t\t\t\t<\/div>\n\t\t\t\t\t<\/div>\n\t\t<\/div>\n\t\t\t\t\t<\/div>\n\t\t<\/section>\n\t\t\t\t<section class=\"elementor-section elementor-top-section elementor-element elementor-element-3f908f3 elementor-section-boxed elementor-section-height-default elementor-section-height-default\" data-id=\"3f908f3\" data-element_type=\"section\">\n\t\t\t\t\t\t<div class=\"elementor-container elementor-column-gap-default\">\n\t\t\t\t\t<div class=\"elementor-column elementor-col-100 elementor-top-column elementor-element elementor-element-5bf383e\" data-id=\"5bf383e\" data-element_type=\"column\">\n\t\t\t<div class=\"elementor-widget-wrap elementor-element-populated\">\n\t\t\t\t\t\t<div class=\"elementor-element elementor-element-a4468cb elementor-widget elementor-widget-image\" data-id=\"a4468cb\" data-element_type=\"widget\" data-widget_type=\"image.default\">\n\t\t\t\t<div class=\"elementor-widget-container\">\n\t\t\t\t\t\t\t\t\t\t\t\t\t\t\t<img loading=\"lazy\" decoding=\"async\" width=\"700\" height=\"534\" src=\"https:\/\/www.macapflag.com\/blog\/wp-content\/uploads\/2023\/05\/comment-organiser-ceremonie-commune-4.jpg\" class=\"attachment-large size-large wp-image-13319\" alt=\"drapeaux de prestige brod\u00e9s et imprim\u00e9s\" srcset=\"https:\/\/www.macapflag.com\/blog\/wp-content\/uploads\/2023\/05\/comment-organiser-ceremonie-commune-4.jpg 700w, https:\/\/www.macapflag.com\/blog\/wp-content\/uploads\/2023\/05\/comment-organiser-ceremonie-commune-4-300x229.jpg 300w\" sizes=\"(max-width: 700px) 100vw, 700px\" \/>\t\t\t\t\t\t\t\t\t\t\t\t\t\t\t<\/div>\n\t\t\t\t<\/div>\n\t\t\t\t\t<\/div>\n\t\t<\/div>\n\t\t\t\t\t<\/div>\n\t\t<\/section>\n\t\t\t\t<section class=\"elementor-section elementor-top-section elementor-element elementor-element-8fa899c elementor-section-boxed elementor-section-height-default elementor-section-height-default\" data-id=\"8fa899c\" data-element_type=\"section\">\n\t\t\t\t\t\t<div class=\"elementor-container elementor-column-gap-default\">\n\t\t\t\t\t<div class=\"elementor-column elementor-col-100 elementor-top-column elementor-element elementor-element-405c550\" data-id=\"405c550\" data-element_type=\"column\">\n\t\t\t<div class=\"elementor-widget-wrap elementor-element-populated\">\n\t\t\t\t\t\t<div class=\"elementor-element elementor-element-f6c1ff8 elementor-widget elementor-widget-text-editor\" data-id=\"f6c1ff8\" data-element_type=\"widget\" data-widget_type=\"text-editor.default\">\n\t\t\t\t<div class=\"elementor-widget-container\">\n\t\t\t\t\t\t\t\t\t<h4>. Le drapeau fran\u00e7ais sous toutes ses formes<\/h4>\t\t\t\t\t\t\t\t<\/div>\n\t\t\t\t<\/div>\n\t\t\t\t\t<\/div>\n\t\t<\/div>\n\t\t\t\t\t<\/div>\n\t\t<\/section>\n\t\t\t\t<section class=\"elementor-section elementor-top-section elementor-element elementor-element-27d3b59 elementor-section-boxed elementor-section-height-default elementor-section-height-default\" data-id=\"27d3b59\" data-element_type=\"section\">\n\t\t\t\t\t\t<div class=\"elementor-container elementor-column-gap-default\">\n\t\t\t\t\t<div class=\"elementor-column elementor-col-100 elementor-top-column elementor-element elementor-element-faa3ce5\" data-id=\"faa3ce5\" data-element_type=\"column\">\n\t\t\t<div class=\"elementor-widget-wrap elementor-element-populated\">\n\t\t\t\t\t\t<div class=\"elementor-element elementor-element-ed0695a elementor-widget elementor-widget-text-editor\" data-id=\"ed0695a\" data-element_type=\"widget\" data-widget_type=\"text-editor.default\">\n\t\t\t\t<div class=\"elementor-widget-container\">\n\t\t\t\t\t\t\t\t\t<p>Lors des c\u00e9r\u00e9monies et d\u00e9fil\u00e9s comm\u00e9moratifs, le drapeau fran\u00e7ais se retrouve aussi sur les fa\u00e7ades des b\u00e2timents avec des drapeaux pour m\u00e2ts de fa\u00e7ade.<br \/>Les couleurs de la r\u00e9publique fran\u00e7aise s\u2019affichent \u00e9galement sur d\u2019autres supports : Le tissu d\u2019inauguration, le <a href=\"https:\/\/www.macapflag.com\/drapeau-officiel\/324-drapeau-officiel-xxl.html\"><span style=\"color: #3366ff;\"><strong>drapeau XXL<\/strong><\/span><\/a> qui recouvre une statue ou une st\u00e8le, la guirlande de fanions, le coussin de c\u00e9r\u00e9monie et sur les <a href=\"https:\/\/www.macapflag.com\/305-ceremonie\"><strong><span style=\"color: #3366ff;\">\u00e9charpes officielles<\/span><\/strong><\/a> port\u00e9es par les \u00e9lus.<\/p>\t\t\t\t\t\t\t\t<\/div>\n\t\t\t\t<\/div>\n\t\t\t\t\t<\/div>\n\t\t<\/div>\n\t\t\t\t\t<\/div>\n\t\t<\/section>\n\t\t\t\t<section class=\"elementor-section elementor-top-section elementor-element elementor-element-50f2ac1 elementor-section-boxed elementor-section-height-default elementor-section-height-default\" data-id=\"50f2ac1\" data-element_type=\"section\">\n\t\t\t\t\t\t<div class=\"elementor-container elementor-column-gap-default\">\n\t\t\t\t\t<div class=\"elementor-column elementor-col-100 elementor-top-column elementor-element elementor-element-e314c0b\" data-id=\"e314c0b\" data-element_type=\"column\">\n\t\t\t<div class=\"elementor-widget-wrap elementor-element-populated\">\n\t\t\t\t\t\t<div class=\"elementor-element elementor-element-72abc10 elementor-widget elementor-widget-image\" data-id=\"72abc10\" data-element_type=\"widget\" data-widget_type=\"image.default\">\n\t\t\t\t<div class=\"elementor-widget-container\">\n\t\t\t\t\t\t\t\t\t\t\t\t\t\t\t<img loading=\"lazy\" decoding=\"async\" width=\"700\" height=\"534\" src=\"https:\/\/www.macapflag.com\/blog\/wp-content\/uploads\/2023\/05\/comment-organiser-ceremonie-commune-5.jpg\" class=\"attachment-large size-large wp-image-13320\" alt=\"\u00e9charpe officielle tricolore\" srcset=\"https:\/\/www.macapflag.com\/blog\/wp-content\/uploads\/2023\/05\/comment-organiser-ceremonie-commune-5.jpg 700w, https:\/\/www.macapflag.com\/blog\/wp-content\/uploads\/2023\/05\/comment-organiser-ceremonie-commune-5-300x229.jpg 300w\" sizes=\"(max-width: 700px) 100vw, 700px\" \/>\t\t\t\t\t\t\t\t\t\t\t\t\t\t\t<\/div>\n\t\t\t\t<\/div>\n\t\t\t\t\t<\/div>\n\t\t<\/div>\n\t\t\t\t\t<\/div>\n\t\t<\/section>\n\t\t\t\t<section class=\"elementor-section elementor-top-section elementor-element elementor-element-00face9 elementor-section-boxed elementor-section-height-default elementor-section-height-default\" data-id=\"00face9\" data-element_type=\"section\">\n\t\t\t\t\t\t<div class=\"elementor-container elementor-column-gap-default\">\n\t\t\t\t\t<div class=\"elementor-column elementor-col-100 elementor-top-column elementor-element elementor-element-9120926\" data-id=\"9120926\" data-element_type=\"column\">\n\t\t\t<div class=\"elementor-widget-wrap elementor-element-populated\">\n\t\t\t\t\t\t<div class=\"elementor-element elementor-element-ce35141 elementor-widget-divider--view-line elementor-widget elementor-widget-divider\" data-id=\"ce35141\" data-element_type=\"widget\" data-widget_type=\"divider.default\">\n\t\t\t\t<div class=\"elementor-widget-container\">\n\t\t\t\t\t\t\t<div class=\"elementor-divider\">\n\t\t\t<span class=\"elementor-divider-separator\">\n\t\t\t\t\t\t<\/span>\n\t\t<\/div>\n\t\t\t\t\t\t<\/div>\n\t\t\t\t<\/div>\n\t\t\t\t\t<\/div>\n\t\t<\/div>\n\t\t\t\t\t<\/div>\n\t\t<\/section>\n\t\t\t\t<section class=\"elementor-section elementor-top-section elementor-element elementor-element-4594169 elementor-section-boxed elementor-section-height-default elementor-section-height-default\" data-id=\"4594169\" data-element_type=\"section\">\n\t\t\t\t\t\t<div class=\"elementor-container elementor-column-gap-default\">\n\t\t\t\t\t<div class=\"elementor-column elementor-col-100 elementor-top-column elementor-element elementor-element-7829a7e\" data-id=\"7829a7e\" data-element_type=\"column\">\n\t\t\t<div class=\"elementor-widget-wrap elementor-element-populated\">\n\t\t\t\t\t\t<div class=\"elementor-element elementor-element-608deec elementor-widget elementor-widget-text-editor\" data-id=\"608deec\" data-element_type=\"widget\" data-widget_type=\"text-editor.default\">\n\t\t\t\t<div class=\"elementor-widget-container\">\n\t\t\t\t\t\t\t\t\t<h2>Commandez directement vos produits sur le site Macap, fabricant fran\u00e7ais<\/h2>\t\t\t\t\t\t\t\t<\/div>\n\t\t\t\t<\/div>\n\t\t\t\t\t<\/div>\n\t\t<\/div>\n\t\t\t\t\t<\/div>\n\t\t<\/section>\n\t\t\t\t<section class=\"elementor-section elementor-top-section elementor-element elementor-element-4f00db9 elementor-section-boxed elementor-section-height-default elementor-section-height-default\" data-id=\"4f00db9\" data-element_type=\"section\">\n\t\t\t\t\t\t<div class=\"elementor-container elementor-column-gap-default\">\n\t\t\t\t\t<div class=\"elementor-column elementor-col-33 elementor-top-column elementor-element elementor-element-26f0be1\" data-id=\"26f0be1\" data-element_type=\"column\">\n\t\t\t<div class=\"elementor-widget-wrap elementor-element-populated\">\n\t\t\t\t\t\t<div class=\"elementor-element elementor-element-0413ba3 elementor-widget elementor-widget-shortcode\" data-id=\"0413ba3\" data-element_type=\"widget\" data-widget_type=\"shortcode.default\">\n\t\t\t\t<div class=\"elementor-widget-container\">\n\t\t\t\t\t\t\t<div class=\"elementor-shortcode\"><div class=\"container p-0 m-0\">\n    <div class=\"row m-0 border\">\n        <div class=\"col-12 grid-didpd-body text-center\">\n            <img decoding=\"async\" src=\"https:\/\/www.macapflag.com\/1857560-home_default\/drapeau-francais-officiel.jpg\" alt=\"Drapeau Fran&ccedil;ais : pour m&acirc;t (Officiel)\" class=\"mx-auto\" \/>\n            <div class=\"grid-didpd-text\">\n                <a href=\"https:\/\/www.macapflag.com\/drapeau-pays-pour-mat\/33-drapeau-francais-officiel.html\" target=\"_blank\" class=\"stretched-link\">\n                    <h3>Drapeau Fran\u00e7ais : pour m\u00e2t (Officiel)<\/h3>\n                <\/a>\n            <\/div>\n                        <p class=\"text-center font-weight-bold\">6,00 \u20ac HT<\/p>            <div class=\"text-center\">\n                <button class=\"btn btn-primary\">Je commande<\/button>\n            <\/div>\n        <\/div>\n    <\/div>\n<\/div>\n<\/div>\n\t\t\t\t\t\t<\/div>\n\t\t\t\t<\/div>\n\t\t\t\t\t<\/div>\n\t\t<\/div>\n\t\t\t\t<div class=\"elementor-column elementor-col-33 elementor-top-column elementor-element elementor-element-703893b\" data-id=\"703893b\" data-element_type=\"column\">\n\t\t\t<div class=\"elementor-widget-wrap elementor-element-populated\">\n\t\t\t\t\t\t<div class=\"elementor-element elementor-element-237ce87 elementor-widget elementor-widget-shortcode\" data-id=\"237ce87\" data-element_type=\"widget\" data-widget_type=\"shortcode.default\">\n\t\t\t\t<div class=\"elementor-widget-container\">\n\t\t\t\t\t\t\t<div class=\"elementor-shortcode\"><div class=\"container p-0 m-0\">\n    <div class=\"row m-0 border\">\n        <div class=\"col-12 grid-didpd-body text-center\">\n            <img decoding=\"async\" src=\"https:\/\/www.macapflag.com\/1861392-home_default\/echarpe-de-maire-et-de-parlementaire.jpg\" alt=\"Echarpe Tricolore : Maire (Ottoman)\" class=\"mx-auto\" \/>\n            <div class=\"grid-didpd-text\">\n                <a href=\"https:\/\/www.macapflag.com\/accessoires-ceremonie\/202-echarpe-de-maire-et-de-parlementaire.html\" target=\"_blank\" class=\"stretched-link\">\n                    <h3>Echarpe Tricolore : Maire (Ottoman)<\/h3>\n                <\/a>\n            <\/div>\n                        <p class=\"text-center font-weight-bold\">70,00 \u20ac HT<\/p>            <div class=\"text-center\">\n                <button class=\"btn btn-primary\">Je commande<\/button>\n            <\/div>\n        <\/div>\n    <\/div>\n<\/div>\n<\/div>\n\t\t\t\t\t\t<\/div>\n\t\t\t\t<\/div>\n\t\t\t\t\t<\/div>\n\t\t<\/div>\n\t\t\t\t<div class=\"elementor-column elementor-col-33 elementor-top-column elementor-element elementor-element-8774db0\" data-id=\"8774db0\" data-element_type=\"column\">\n\t\t\t<div class=\"elementor-widget-wrap elementor-element-populated\">\n\t\t\t\t\t\t<div class=\"elementor-element elementor-element-fb93aae elementor-widget elementor-widget-shortcode\" data-id=\"fb93aae\" data-element_type=\"widget\" data-widget_type=\"shortcode.default\">\n\t\t\t\t<div class=\"elementor-widget-container\">\n\t\t\t\t\t\t\t<div class=\"elementor-shortcode\"><div class=\"container p-0 m-0\">\n    <div class=\"row m-0 border\">\n        <div class=\"col-12 grid-didpd-body text-center\">\n            <img decoding=\"async\" src=\"https:\/\/www.macapflag.com\/1861399-home_default\/echarpe-d-adjoint-au-maire-et-officiers-de-police.jpg\" alt=\"Echarpe Tricolore : Adjoint au Maire (Ottoman)\" class=\"mx-auto\" \/>\n            <div class=\"grid-didpd-text\">\n                <a href=\"https:\/\/www.macapflag.com\/accessoires-ceremonie\/1131-echarpe-d-adjoint-au-maire-et-officiers-de-police.html\" target=\"_blank\" class=\"stretched-link\">\n                    <h3>Echarpe Tricolore : Adjoint au Maire (Ottoman)<\/h3>\n                <\/a>\n            <\/div>\n                        <p class=\"text-center font-weight-bold\">70,00 \u20ac HT<\/p>            <div class=\"text-center\">\n                <button class=\"btn btn-primary\">Je commande<\/button>\n            <\/div>\n        <\/div>\n    <\/div>\n<\/div>\n<\/div>\n\t\t\t\t\t\t<\/div>\n\t\t\t\t<\/div>\n\t\t\t\t\t<\/div>\n\t\t<\/div>\n\t\t\t\t\t<\/div>\n\t\t<\/section>\n\t\t\t\t<section class=\"elementor-section elementor-top-section elementor-element elementor-element-2c14f23 elementor-section-boxed elementor-section-height-default elementor-section-height-default\" data-id=\"2c14f23\" data-element_type=\"section\">\n\t\t\t\t\t\t<div class=\"elementor-container elementor-column-gap-default\">\n\t\t\t\t\t<div class=\"elementor-column elementor-col-33 elementor-top-column elementor-element elementor-element-710b5b0\" data-id=\"710b5b0\" data-element_type=\"column\">\n\t\t\t<div class=\"elementor-widget-wrap elementor-element-populated\">\n\t\t\t\t\t\t<div class=\"elementor-element elementor-element-54856e1 elementor-widget elementor-widget-shortcode\" data-id=\"54856e1\" data-element_type=\"widget\" data-widget_type=\"shortcode.default\">\n\t\t\t\t<div class=\"elementor-widget-container\">\n\t\t\t\t\t\t\t<div class=\"elementor-shortcode\"><div class=\"container p-0 m-0\">\n    <div class=\"row m-0 border\">\n        <div class=\"col-12 grid-didpd-body text-center\">\n            <img decoding=\"async\" src=\"https:\/\/www.macapflag.com\/231875-home_default\/drapeau-d-ornement-francais-personnalise.jpg\" alt=\"Drapeau Fran&ccedil;ais Personnalis&eacute; : d'Ornement (Officiel)\" class=\"mx-auto\" \/>\n            <div class=\"grid-didpd-text\">\n                <a href=\"https:\/\/www.macapflag.com\/drapeau-mairie\/97207-drapeau-d-ornement-francais-personnalise.html\" target=\"_blank\" class=\"stretched-link\">\n                    <h3>Drapeau Fran\u00e7ais Personnalis\u00e9 : d'Ornement (Officiel)<\/h3>\n                <\/a>\n            <\/div>\n                        <p class=\"text-center font-weight-bold\">0,00 \u20ac HT<\/p>            <div class=\"text-center\">\n                <button class=\"btn btn-primary\">Devis en ligne<\/button>\n            <\/div>\n        <\/div>\n    <\/div>\n<\/div>\n<\/div>\n\t\t\t\t\t\t<\/div>\n\t\t\t\t<\/div>\n\t\t\t\t\t<\/div>\n\t\t<\/div>\n\t\t\t\t<div class=\"elementor-column elementor-col-33 elementor-top-column elementor-element elementor-element-e0c9498\" data-id=\"e0c9498\" data-element_type=\"column\">\n\t\t\t<div class=\"elementor-widget-wrap elementor-element-populated\">\n\t\t\t\t\t\t<div class=\"elementor-element elementor-element-e07bf2a elementor-widget elementor-widget-shortcode\" data-id=\"e07bf2a\" data-element_type=\"widget\" data-widget_type=\"shortcode.default\">\n\t\t\t\t<div class=\"elementor-widget-container\">\n\t\t\t\t\t\t\t<div class=\"elementor-shortcode\"><div class=\"container p-0 m-0\">\n    <div class=\"row m-0 border\">\n        <div class=\"col-12 grid-didpd-body text-center\">\n            <img decoding=\"async\" src=\"https:\/\/www.macapflag.com\/1859520-home_default\/drapeau-de-defile-francais-personnalise.jpg\" alt=\"Drapeau de D&eacute;fil&eacute; (Fran&ccedil;ais personnalis&eacute;)\" class=\"mx-auto\" \/>\n            <div class=\"grid-didpd-text\">\n                <a href=\"https:\/\/www.macapflag.com\/drapeau-de-defile\/43177-drapeau-de-defile-francais-personnalise.html\" target=\"_blank\" class=\"stretched-link\">\n                    <h3>Drapeau de D\u00e9fil\u00e9 (Fran\u00e7ais personnalis\u00e9)<\/h3>\n                <\/a>\n            <\/div>\n                        <p class=\"text-center font-weight-bold\">0,00 \u20ac HT<\/p>            <div class=\"text-center\">\n                <button class=\"btn btn-primary\">Devis en ligne<\/button>\n            <\/div>\n        <\/div>\n    <\/div>\n<\/div>\n<\/div>\n\t\t\t\t\t\t<\/div>\n\t\t\t\t<\/div>\n\t\t\t\t\t<\/div>\n\t\t<\/div>\n\t\t\t\t<div class=\"elementor-column elementor-col-33 elementor-top-column elementor-element elementor-element-4b77b49\" data-id=\"4b77b49\" data-element_type=\"column\">\n\t\t\t<div class=\"elementor-widget-wrap elementor-element-populated\">\n\t\t\t\t\t\t<div class=\"elementor-element elementor-element-2c330f0 elementor-widget elementor-widget-shortcode\" data-id=\"2c330f0\" data-element_type=\"widget\" data-widget_type=\"shortcode.default\">\n\t\t\t\t<div class=\"elementor-widget-container\">\n\t\t\t\t\t\t\t<div class=\"elementor-shortcode\"><div class=\"container p-0 m-0\">\n    <div class=\"row m-0 border\">\n        <div class=\"col-12 grid-didpd-body text-center\">\n            <img decoding=\"async\" src=\"https:\/\/www.macapflag.com\/231695-home_default\/drapeau-d-ornement-et-defile-personnalise.jpg\" alt=\"Drapeau Personnalis&eacute; : d'Ornement et de D&eacute;fil&eacute; (Officiel)\" class=\"mx-auto\" \/>\n            <div class=\"grid-didpd-text\">\n                <a href=\"https:\/\/www.macapflag.com\/drapeau-ceremonie\/316-drapeau-d-ornement-et-defile-personnalise.html\" target=\"_blank\" class=\"stretched-link\">\n                    <h3>Drapeau Personnalis\u00e9 : d'Ornement et de D\u00e9fil\u00e9 (Officiel)<\/h3>\n                <\/a>\n            <\/div>\n                        <p class=\"text-center font-weight-bold\">0,00 \u20ac HT<\/p>            <div class=\"text-center\">\n                <button class=\"btn btn-primary\">Devis en ligne<\/button>\n            <\/div>\n        <\/div>\n    <\/div>\n<\/div>\n<\/div>\n\t\t\t\t\t\t<\/div>\n\t\t\t\t<\/div>\n\t\t\t\t\t<\/div>\n\t\t<\/div>\n\t\t\t\t\t<\/div>\n\t\t<\/section>\n\t\t\t\t<\/div>\n\t\t","protected":false},"excerpt":{"rendered":"<div class=\"tmnf_excerpt\"><p>Les raisons d\u2019organiser une c\u00e9r\u00e9monie comm\u00e9morative dans une commune peuvent \u00eatre tr\u00e8s diverses. S\u2019il existe 14 journ\u00e9es de c\u00e9r\u00e9monies nationales par an, d\u2019autres dates et d\u2019autres occasions peuvent \u00e9galement \u00eatre c\u00e9l\u00e9br\u00e9es dans certaines communes \u00e0 l\u2019\u00e9chelle locale.Il n\u2019existe aucune r\u00e8gle ni aucun texte officiel qui permettrait de d\u00e9finir la forme exacte de ces manifestations, ce &hellip;<\/p>\n<\/div>","protected":false},"author":2,"featured_media":13315,"comment_status":"closed","ping_status":"open","sticky":false,"template":"template-fullwidth.php","format":"standard","meta":{"footnotes":""},"categories":[93,90],"tags":[],"class_list":["post-13313","post","type-post","status-publish","format-standard","has-post-thumbnail","hentry","category-com","category-produits-et-sols"],"yoast_head":"<!-- This site is optimized with the Yoast SEO plugin v26.4 - https:\/\/yoast.com\/wordpress\/plugins\/seo\/ -->\n<title>Bien organiser une c\u00e9r\u00e9monie comm\u00e9morative dans une commune<\/title>\n<meta name=\"description\" content=\"Comment bien organiser une c\u00e9r\u00e9monie de comm\u00e9moration dans une commune ? Quels sont les r\u00e8gles, protocoles et usages \u00e0 respecter ?\" \/>\n<meta name=\"robots\" content=\"index, follow, max-snippet:-1, max-image-preview:large, max-video-preview:-1\" \/>\n<link rel=\"canonical\" href=\"https:\/\/www.macapflag.com\/blog\/ceremonie\/\" \/>\n<meta property=\"og:locale\" content=\"fr_FR\" \/>\n<meta property=\"og:type\" content=\"article\" \/>\n<meta property=\"og:title\" content=\"Bien organiser une c\u00e9r\u00e9monie comm\u00e9morative dans une commune\" \/>\n<meta property=\"og:description\" content=\"Comment bien organiser une c\u00e9r\u00e9monie de comm\u00e9moration dans une commune ? Quels sont les r\u00e8gles, protocoles et usages \u00e0 respecter ?\" \/>\n<meta property=\"og:url\" content=\"https:\/\/www.macapflag.com\/blog\/ceremonie\/\" \/>\n<meta property=\"og:site_name\" content=\"Blog - Macap\" \/>\n<meta property=\"article:publisher\" content=\"https:\/\/www.facebook.com\/macap.pavoisement\/\" \/>\n<meta property=\"article:published_time\" content=\"2023-05-17T06:03:47+00:00\" \/>\n<meta property=\"article:modified_time\" content=\"2023-05-17T06:03:55+00:00\" \/>\n<meta property=\"og:image\" content=\"https:\/\/www.macapflag.com\/blog\/wp-content\/uploads\/2023\/05\/comment-organiser-ceremonie-commune-TITRE.jpg\" \/>\n\t<meta property=\"og:image:width\" content=\"870\" \/>\n\t<meta property=\"og:image:height\" content=\"600\" \/>\n\t<meta property=\"og:image:type\" content=\"image\/jpeg\" \/>\n<meta name=\"author\" content=\"Blog Macap\" \/>\n<meta name=\"twitter:card\" content=\"summary_large_image\" \/>\n<meta name=\"twitter:label1\" content=\"\u00c9crit par\" \/>\n\t<meta name=\"twitter:data1\" content=\"Blog Macap\" \/>\n\t<meta name=\"twitter:label2\" content=\"Dur\u00e9e de lecture estim\u00e9e\" \/>\n\t<meta name=\"twitter:data2\" content=\"10 minutes\" \/>\n<script type=\"application\/ld+json\" class=\"yoast-schema-graph\">{\"@context\":\"https:\/\/schema.org\",\"@graph\":[{\"@type\":\"Article\",\"@id\":\"https:\/\/www.macapflag.com\/blog\/ceremonie\/#article\",\"isPartOf\":{\"@id\":\"https:\/\/www.macapflag.com\/blog\/ceremonie\/\"},\"author\":{\"name\":\"Blog Macap\",\"@id\":\"https:\/\/www.macapflag.com\/blog\/#\/schema\/person\/3fea701f2603875e651e6b662578fc3c\"},\"headline\":\"Pourquoi et comment organiser une c\u00e9r\u00e9monie comm\u00e9morative dans une commune ?\",\"datePublished\":\"2023-05-17T06:03:47+00:00\",\"dateModified\":\"2023-05-17T06:03:55+00:00\",\"mainEntityOfPage\":{\"@id\":\"https:\/\/www.macapflag.com\/blog\/ceremonie\/\"},\"wordCount\":1656,\"publisher\":{\"@id\":\"https:\/\/www.macapflag.com\/blog\/#organization\"},\"image\":{\"@id\":\"https:\/\/www.macapflag.com\/blog\/ceremonie\/#primaryimage\"},\"thumbnailUrl\":\"https:\/\/www.macapflag.com\/blog\/wp-content\/uploads\/2023\/05\/comment-organiser-ceremonie-commune-TITRE.jpg\",\"articleSection\":[\"Le monde de la Com'\",\"Produits &amp; Solutions\"],\"inLanguage\":\"fr-FR\"},{\"@type\":\"WebPage\",\"@id\":\"https:\/\/www.macapflag.com\/blog\/ceremonie\/\",\"url\":\"https:\/\/www.macapflag.com\/blog\/ceremonie\/\",\"name\":\"Bien organiser une c\u00e9r\u00e9monie comm\u00e9morative dans une commune\",\"isPartOf\":{\"@id\":\"https:\/\/www.macapflag.com\/blog\/#website\"},\"primaryImageOfPage\":{\"@id\":\"https:\/\/www.macapflag.com\/blog\/ceremonie\/#primaryimage\"},\"image\":{\"@id\":\"https:\/\/www.macapflag.com\/blog\/ceremonie\/#primaryimage\"},\"thumbnailUrl\":\"https:\/\/www.macapflag.com\/blog\/wp-content\/uploads\/2023\/05\/comment-organiser-ceremonie-commune-TITRE.jpg\",\"datePublished\":\"2023-05-17T06:03:47+00:00\",\"dateModified\":\"2023-05-17T06:03:55+00:00\",\"description\":\"Comment bien organiser une c\u00e9r\u00e9monie de comm\u00e9moration dans une commune ? Quels sont les r\u00e8gles, protocoles et usages \u00e0 respecter ?\",\"breadcrumb\":{\"@id\":\"https:\/\/www.macapflag.com\/blog\/ceremonie\/#breadcrumb\"},\"inLanguage\":\"fr-FR\",\"potentialAction\":[{\"@type\":\"ReadAction\",\"target\":[\"https:\/\/www.macapflag.com\/blog\/ceremonie\/\"]}]},{\"@type\":\"ImageObject\",\"inLanguage\":\"fr-FR\",\"@id\":\"https:\/\/www.macapflag.com\/blog\/ceremonie\/#primaryimage\",\"url\":\"https:\/\/www.macapflag.com\/blog\/wp-content\/uploads\/2023\/05\/comment-organiser-ceremonie-commune-TITRE.jpg\",\"contentUrl\":\"https:\/\/www.macapflag.com\/blog\/wp-content\/uploads\/2023\/05\/comment-organiser-ceremonie-commune-TITRE.jpg\",\"width\":870,\"height\":600,\"caption\":\"Organiser une c\u00e9r\u00e9monie comm\u00e9morative dans votre commune\"},{\"@type\":\"BreadcrumbList\",\"@id\":\"https:\/\/www.macapflag.com\/blog\/ceremonie\/#breadcrumb\",\"itemListElement\":[{\"@type\":\"ListItem\",\"position\":1,\"name\":\"Accueil\",\"item\":\"https:\/\/www.macapflag.com\/blog\/\"},{\"@type\":\"ListItem\",\"position\":2,\"name\":\"Pourquoi et comment organiser une c\u00e9r\u00e9monie comm\u00e9morative dans une commune ?\"}]},{\"@type\":\"WebSite\",\"@id\":\"https:\/\/www.macapflag.com\/blog\/#website\",\"url\":\"https:\/\/www.macapflag.com\/blog\/\",\"name\":\"Blog - Macap\",\"description\":\"Tous nos articles\",\"publisher\":{\"@id\":\"https:\/\/www.macapflag.com\/blog\/#organization\"},\"potentialAction\":[{\"@type\":\"SearchAction\",\"target\":{\"@type\":\"EntryPoint\",\"urlTemplate\":\"https:\/\/www.macapflag.com\/blog\/?s={search_term_string}\"},\"query-input\":{\"@type\":\"PropertyValueSpecification\",\"valueRequired\":true,\"valueName\":\"search_term_string\"}}],\"inLanguage\":\"fr-FR\"},{\"@type\":\"Organization\",\"@id\":\"https:\/\/www.macapflag.com\/blog\/#organization\",\"name\":\"macapflag\",\"url\":\"https:\/\/www.macapflag.com\/blog\/\",\"logo\":{\"@type\":\"ImageObject\",\"inLanguage\":\"fr-FR\",\"@id\":\"https:\/\/www.macapflag.com\/blog\/#\/schema\/logo\/image\/\",\"url\":\"https:\/\/www.macapflag.com\/blog\/wp-content\/uploads\/2020\/12\/cropped-M-512-1.png\",\"contentUrl\":\"https:\/\/www.macapflag.com\/blog\/wp-content\/uploads\/2020\/12\/cropped-M-512-1.png\",\"width\":512,\"height\":512,\"caption\":\"macapflag\"},\"image\":{\"@id\":\"https:\/\/www.macapflag.com\/blog\/#\/schema\/logo\/image\/\"},\"sameAs\":[\"https:\/\/www.facebook.com\/macap.pavoisement\/\",\"https:\/\/www.instagram.com\/macapflag\/?hl=fr\",\"https:\/\/www.linkedin.com\/company\/macap\/?originalSubdomain=fr\",\"https:\/\/www.youtube.com\/channel\/UCXNzTIdZh9poEBjSXEqDtNw\"]},{\"@type\":\"Person\",\"@id\":\"https:\/\/www.macapflag.com\/blog\/#\/schema\/person\/3fea701f2603875e651e6b662578fc3c\",\"name\":\"Blog Macap\",\"image\":{\"@type\":\"ImageObject\",\"inLanguage\":\"fr-FR\",\"@id\":\"https:\/\/www.macapflag.com\/blog\/#\/schema\/person\/image\/\",\"url\":\"https:\/\/secure.gravatar.com\/avatar\/c12551f2dc51f0db049633b03e7856985477a70da834cc8967dea4ce54bdd6a2?s=96&d=mm&r=g\",\"contentUrl\":\"https:\/\/secure.gravatar.com\/avatar\/c12551f2dc51f0db049633b03e7856985477a70da834cc8967dea4ce54bdd6a2?s=96&d=mm&r=g\",\"caption\":\"Blog Macap\"},\"url\":\"https:\/\/www.macapflag.com\/blog\/author\/macap\/\"}]}<\/script>\n<!-- \/ Yoast SEO plugin. -->","yoast_head_json":{"title":"Bien organiser une c\u00e9r\u00e9monie comm\u00e9morative dans une commune","description":"Comment bien organiser une c\u00e9r\u00e9monie de comm\u00e9moration dans une commune ? Quels sont les r\u00e8gles, protocoles et usages \u00e0 respecter ?","robots":{"index":"index","follow":"follow","max-snippet":"max-snippet:-1","max-image-preview":"max-image-preview:large","max-video-preview":"max-video-preview:-1"},"canonical":"https:\/\/www.macapflag.com\/blog\/ceremonie\/","og_locale":"fr_FR","og_type":"article","og_title":"Bien organiser une c\u00e9r\u00e9monie comm\u00e9morative dans une commune","og_description":"Comment bien organiser une c\u00e9r\u00e9monie de comm\u00e9moration dans une commune ? Quels sont les r\u00e8gles, protocoles et usages \u00e0 respecter ?","og_url":"https:\/\/www.macapflag.com\/blog\/ceremonie\/","og_site_name":"Blog - Macap","article_publisher":"https:\/\/www.facebook.com\/macap.pavoisement\/","article_published_time":"2023-05-17T06:03:47+00:00","article_modified_time":"2023-05-17T06:03:55+00:00","og_image":[{"width":870,"height":600,"url":"https:\/\/www.macapflag.com\/blog\/wp-content\/uploads\/2023\/05\/comment-organiser-ceremonie-commune-TITRE.jpg","type":"image\/jpeg"}],"author":"Blog Macap","twitter_card":"summary_large_image","twitter_misc":{"\u00c9crit par":"Blog Macap","Dur\u00e9e de lecture estim\u00e9e":"10 minutes"},"schema":{"@context":"https:\/\/schema.org","@graph":[{"@type":"Article","@id":"https:\/\/www.macapflag.com\/blog\/ceremonie\/#article","isPartOf":{"@id":"https:\/\/www.macapflag.com\/blog\/ceremonie\/"},"author":{"name":"Blog Macap","@id":"https:\/\/www.macapflag.com\/blog\/#\/schema\/person\/3fea701f2603875e651e6b662578fc3c"},"headline":"Pourquoi et comment organiser une c\u00e9r\u00e9monie comm\u00e9morative dans une commune ?","datePublished":"2023-05-17T06:03:47+00:00","dateModified":"2023-05-17T06:03:55+00:00","mainEntityOfPage":{"@id":"https:\/\/www.macapflag.com\/blog\/ceremonie\/"},"wordCount":1656,"publisher":{"@id":"https:\/\/www.macapflag.com\/blog\/#organization"},"image":{"@id":"https:\/\/www.macapflag.com\/blog\/ceremonie\/#primaryimage"},"thumbnailUrl":"https:\/\/www.macapflag.com\/blog\/wp-content\/uploads\/2023\/05\/comment-organiser-ceremonie-commune-TITRE.jpg","articleSection":["Le monde de la Com'","Produits &amp; Solutions"],"inLanguage":"fr-FR"},{"@type":"WebPage","@id":"https:\/\/www.macapflag.com\/blog\/ceremonie\/","url":"https:\/\/www.macapflag.com\/blog\/ceremonie\/","name":"Bien organiser une c\u00e9r\u00e9monie comm\u00e9morative dans une commune","isPartOf":{"@id":"https:\/\/www.macapflag.com\/blog\/#website"},"primaryImageOfPage":{"@id":"https:\/\/www.macapflag.com\/blog\/ceremonie\/#primaryimage"},"image":{"@id":"https:\/\/www.macapflag.com\/blog\/ceremonie\/#primaryimage"},"thumbnailUrl":"https:\/\/www.macapflag.com\/blog\/wp-content\/uploads\/2023\/05\/comment-organiser-ceremonie-commune-TITRE.jpg","datePublished":"2023-05-17T06:03:47+00:00","dateModified":"2023-05-17T06:03:55+00:00","description":"Comment bien organiser une c\u00e9r\u00e9monie de comm\u00e9moration dans une commune ? Quels sont les r\u00e8gles, protocoles et usages \u00e0 respecter ?","breadcrumb":{"@id":"https:\/\/www.macapflag.com\/blog\/ceremonie\/#breadcrumb"},"inLanguage":"fr-FR","potentialAction":[{"@type":"ReadAction","target":["https:\/\/www.macapflag.com\/blog\/ceremonie\/"]}]},{"@type":"ImageObject","inLanguage":"fr-FR","@id":"https:\/\/www.macapflag.com\/blog\/ceremonie\/#primaryimage","url":"https:\/\/www.macapflag.com\/blog\/wp-content\/uploads\/2023\/05\/comment-organiser-ceremonie-commune-TITRE.jpg","contentUrl":"https:\/\/www.macapflag.com\/blog\/wp-content\/uploads\/2023\/05\/comment-organiser-ceremonie-commune-TITRE.jpg","width":870,"height":600,"caption":"Organiser une c\u00e9r\u00e9monie comm\u00e9morative dans votre commune"},{"@type":"BreadcrumbList","@id":"https:\/\/www.macapflag.com\/blog\/ceremonie\/#breadcrumb","itemListElement":[{"@type":"ListItem","position":1,"name":"Accueil","item":"https:\/\/www.macapflag.com\/blog\/"},{"@type":"ListItem","position":2,"name":"Pourquoi et comment organiser une c\u00e9r\u00e9monie comm\u00e9morative dans une commune ?"}]},{"@type":"WebSite","@id":"https:\/\/www.macapflag.com\/blog\/#website","url":"https:\/\/www.macapflag.com\/blog\/","name":"Blog - Macap","description":"Tous nos articles","publisher":{"@id":"https:\/\/www.macapflag.com\/blog\/#organization"},"potentialAction":[{"@type":"SearchAction","target":{"@type":"EntryPoint","urlTemplate":"https:\/\/www.macapflag.com\/blog\/?s={search_term_string}"},"query-input":{"@type":"PropertyValueSpecification","valueRequired":true,"valueName":"search_term_string"}}],"inLanguage":"fr-FR"},{"@type":"Organization","@id":"https:\/\/www.macapflag.com\/blog\/#organization","name":"macapflag","url":"https:\/\/www.macapflag.com\/blog\/","logo":{"@type":"ImageObject","inLanguage":"fr-FR","@id":"https:\/\/www.macapflag.com\/blog\/#\/schema\/logo\/image\/","url":"https:\/\/www.macapflag.com\/blog\/wp-content\/uploads\/2020\/12\/cropped-M-512-1.png","contentUrl":"https:\/\/www.macapflag.com\/blog\/wp-content\/uploads\/2020\/12\/cropped-M-512-1.png","width":512,"height":512,"caption":"macapflag"},"image":{"@id":"https:\/\/www.macapflag.com\/blog\/#\/schema\/logo\/image\/"},"sameAs":["https:\/\/www.facebook.com\/macap.pavoisement\/","https:\/\/www.instagram.com\/macapflag\/?hl=fr","https:\/\/www.linkedin.com\/company\/macap\/?originalSubdomain=fr","https:\/\/www.youtube.com\/channel\/UCXNzTIdZh9poEBjSXEqDtNw"]},{"@type":"Person","@id":"https:\/\/www.macapflag.com\/blog\/#\/schema\/person\/3fea701f2603875e651e6b662578fc3c","name":"Blog Macap","image":{"@type":"ImageObject","inLanguage":"fr-FR","@id":"https:\/\/www.macapflag.com\/blog\/#\/schema\/person\/image\/","url":"https:\/\/secure.gravatar.com\/avatar\/c12551f2dc51f0db049633b03e7856985477a70da834cc8967dea4ce54bdd6a2?s=96&d=mm&r=g","contentUrl":"https:\/\/secure.gravatar.com\/avatar\/c12551f2dc51f0db049633b03e7856985477a70da834cc8967dea4ce54bdd6a2?s=96&d=mm&r=g","caption":"Blog Macap"},"url":"https:\/\/www.macapflag.com\/blog\/author\/macap\/"}]}},"_links":{"self":[{"href":"https:\/\/www.macapflag.com\/blog\/wp-json\/wp\/v2\/posts\/13313","targetHints":{"allow":["GET"]}}],"collection":[{"href":"https:\/\/www.macapflag.com\/blog\/wp-json\/wp\/v2\/posts"}],"about":[{"href":"https:\/\/www.macapflag.com\/blog\/wp-json\/wp\/v2\/types\/post"}],"author":[{"embeddable":true,"href":"https:\/\/www.macapflag.com\/blog\/wp-json\/wp\/v2\/users\/2"}],"replies":[{"embeddable":true,"href":"https:\/\/www.macapflag.com\/blog\/wp-json\/wp\/v2\/comments?post=13313"}],"version-history":[{"count":22,"href":"https:\/\/www.macapflag.com\/blog\/wp-json\/wp\/v2\/posts\/13313\/revisions"}],"predecessor-version":[{"id":13362,"href":"https:\/\/www.macapflag.com\/blog\/wp-json\/wp\/v2\/posts\/13313\/revisions\/13362"}],"wp:featuredmedia":[{"embeddable":true,"href":"https:\/\/www.macapflag.com\/blog\/wp-json\/wp\/v2\/media\/13315"}],"wp:attachment":[{"href":"https:\/\/www.macapflag.com\/blog\/wp-json\/wp\/v2\/media?parent=13313"}],"wp:term":[{"taxonomy":"category","embeddable":true,"href":"https:\/\/www.macapflag.com\/blog\/wp-json\/wp\/v2\/categories?post=13313"},{"taxonomy":"post_tag","embeddable":true,"href":"https:\/\/www.macapflag.com\/blog\/wp-json\/wp\/v2\/tags?post=13313"}],"curies":[{"name":"wp","href":"https:\/\/api.w.org\/{rel}","templated":true}]}}