{"id":13574,"date":"2023-07-11T08:00:00","date_gmt":"2023-07-11T06:00:00","guid":{"rendered":"https:\/\/www.macapflag.com\/blog\/?p=13574"},"modified":"2023-07-07T08:43:52","modified_gmt":"2023-07-07T06:43:52","slug":"lille","status":"publish","type":"post","link":"https:\/\/www.macapflag.com\/blog\/lille\/","title":{"rendered":"Un stade, une histoire, le stade Pierre Mauroy \u00e0 Lille"},"content":{"rendered":"\t\t<div data-elementor-type=\"wp-post\" data-elementor-id=\"13574\" class=\"elementor elementor-13574\">\n\t\t\t\t\t\t<section class=\"elementor-section elementor-top-section elementor-element elementor-element-eb6fb3e elementor-section-boxed elementor-section-height-default elementor-section-height-default\" data-id=\"eb6fb3e\" data-element_type=\"section\">\n\t\t\t\t\t\t<div class=\"elementor-container elementor-column-gap-default\">\n\t\t\t\t\t<div class=\"elementor-column elementor-col-100 elementor-top-column elementor-element elementor-element-7d5ba46\" data-id=\"7d5ba46\" data-element_type=\"column\">\n\t\t\t<div class=\"elementor-widget-wrap elementor-element-populated\">\n\t\t\t\t\t\t<div class=\"elementor-element elementor-element-6599bba elementor-widget elementor-widget-text-editor\" data-id=\"6599bba\" data-element_type=\"widget\" data-widget_type=\"text-editor.default\">\n\t\t\t\t<div class=\"elementor-widget-container\">\n\t\t\t\t\t\t\t\t\t<p>Du 8 septembre au 28 octobre 2023, l\u2019\u00e9dition 2023 de la Coupe du monde de rugby a lieu en France. C\u2019est tout le territoire fran\u00e7ais qui est concern\u00e9 par cet \u00e9v\u00e9nement international. Si les matchs de demi-finales et la finale ont lieu au Stade France \u00e0 Paris, de nombreux matchs sont jou\u00e9s en province, \u00e0 Marseille, \u00e0 Nice, \u00e0 Nantes, Lille, Toulouse, Lyon, Saint-Etienne et Bordeaux.<\/p><p>\u00c0 l\u2019occasion de cette Coupe du monde, nous avons choisi de faire un focus sur ces stades embl\u00e9matiques, sur l\u2019histoire de ces lieux, presque sacr\u00e9s, de rassemblement et de ferveur sportive. C\u2019est aujourd\u2019hui le stade Pierre Mauroy de Lille que nous vous pr\u00e9sentons.<\/p>\t\t\t\t\t\t\t\t<\/div>\n\t\t\t\t<\/div>\n\t\t\t\t\t<\/div>\n\t\t<\/div>\n\t\t\t\t\t<\/div>\n\t\t<\/section>\n\t\t\t\t<section class=\"elementor-section elementor-top-section elementor-element elementor-element-1642b4c elementor-section-boxed elementor-section-height-default elementor-section-height-default\" data-id=\"1642b4c\" data-element_type=\"section\">\n\t\t\t\t\t\t<div class=\"elementor-container elementor-column-gap-default\">\n\t\t\t\t\t<div class=\"elementor-column elementor-col-100 elementor-top-column elementor-element elementor-element-5831945\" data-id=\"5831945\" data-element_type=\"column\">\n\t\t\t<div class=\"elementor-widget-wrap elementor-element-populated\">\n\t\t\t\t\t\t<div class=\"elementor-element elementor-element-6ff14d4 elementor-widget elementor-widget-text-editor\" data-id=\"6ff14d4\" data-element_type=\"widget\" data-widget_type=\"text-editor.default\">\n\t\t\t\t<div class=\"elementor-widget-container\">\n\t\t\t\t\t\t\t\t\t<h2>O\u00f9 est situ\u00e9 le stade ?<\/h2>\t\t\t\t\t\t\t\t<\/div>\n\t\t\t\t<\/div>\n\t\t\t\t\t<\/div>\n\t\t<\/div>\n\t\t\t\t\t<\/div>\n\t\t<\/section>\n\t\t\t\t<section class=\"elementor-section elementor-top-section elementor-element elementor-element-93fc9a5 elementor-section-boxed elementor-section-height-default elementor-section-height-default\" data-id=\"93fc9a5\" data-element_type=\"section\">\n\t\t\t\t\t\t<div class=\"elementor-container elementor-column-gap-default\">\n\t\t\t\t\t<div class=\"elementor-column elementor-col-100 elementor-top-column elementor-element elementor-element-e9d4a42\" data-id=\"e9d4a42\" data-element_type=\"column\">\n\t\t\t<div class=\"elementor-widget-wrap elementor-element-populated\">\n\t\t\t\t\t\t<div class=\"elementor-element elementor-element-2d0c7f2 elementor-widget elementor-widget-text-editor\" data-id=\"2d0c7f2\" data-element_type=\"widget\" data-widget_type=\"text-editor.default\">\n\t\t\t\t<div class=\"elementor-widget-container\">\n\t\t\t\t\t\t\t\t\t<p>Le stade est situ\u00e9 \u00e0 Villeneuve-d\u2019Ascq, commune de la M\u00e9tropole europ\u00e9enne de Lille (Hauts-de-France).<\/p>\t\t\t\t\t\t\t\t<\/div>\n\t\t\t\t<\/div>\n\t\t\t\t\t<\/div>\n\t\t<\/div>\n\t\t\t\t\t<\/div>\n\t\t<\/section>\n\t\t\t\t<section class=\"elementor-section elementor-top-section elementor-element elementor-element-ac7302e elementor-section-boxed elementor-section-height-default elementor-section-height-default\" data-id=\"ac7302e\" data-element_type=\"section\">\n\t\t\t\t\t\t<div class=\"elementor-container elementor-column-gap-default\">\n\t\t\t\t\t<div class=\"elementor-column elementor-col-100 elementor-top-column elementor-element elementor-element-9761862\" data-id=\"9761862\" data-element_type=\"column\">\n\t\t\t<div class=\"elementor-widget-wrap elementor-element-populated\">\n\t\t\t\t\t\t<div class=\"elementor-element elementor-element-1d6848b elementor-widget elementor-widget-text-editor\" data-id=\"1d6848b\" data-element_type=\"widget\" data-widget_type=\"text-editor.default\">\n\t\t\t\t<div class=\"elementor-widget-container\">\n\t\t\t\t\t\t\t\t\t<h3>Comment acc\u00e9der au stade ?<\/h3>\t\t\t\t\t\t\t\t<\/div>\n\t\t\t\t<\/div>\n\t\t\t\t\t<\/div>\n\t\t<\/div>\n\t\t\t\t\t<\/div>\n\t\t<\/section>\n\t\t\t\t<section class=\"elementor-section elementor-top-section elementor-element elementor-element-ff1973e elementor-section-boxed elementor-section-height-default elementor-section-height-default\" data-id=\"ff1973e\" data-element_type=\"section\">\n\t\t\t\t\t\t<div class=\"elementor-container elementor-column-gap-default\">\n\t\t\t\t\t<div class=\"elementor-column elementor-col-100 elementor-top-column elementor-element elementor-element-dd836fd\" data-id=\"dd836fd\" data-element_type=\"column\">\n\t\t\t<div class=\"elementor-widget-wrap elementor-element-populated\">\n\t\t\t\t\t\t<div class=\"elementor-element elementor-element-335a812 elementor-widget elementor-widget-text-editor\" data-id=\"335a812\" data-element_type=\"widget\" data-widget_type=\"text-editor.default\">\n\t\t\t\t<div class=\"elementor-widget-container\">\n\t\t\t\t\t\t\t\t\t<h4>En voiture<\/h4>\t\t\t\t\t\t\t\t<\/div>\n\t\t\t\t<\/div>\n\t\t\t\t\t<\/div>\n\t\t<\/div>\n\t\t\t\t\t<\/div>\n\t\t<\/section>\n\t\t\t\t<section class=\"elementor-section elementor-top-section elementor-element elementor-element-9ff6506 elementor-section-boxed elementor-section-height-default elementor-section-height-default\" data-id=\"9ff6506\" data-element_type=\"section\">\n\t\t\t\t\t\t<div class=\"elementor-container elementor-column-gap-default\">\n\t\t\t\t\t<div class=\"elementor-column elementor-col-100 elementor-top-column elementor-element elementor-element-c1e642d\" data-id=\"c1e642d\" data-element_type=\"column\">\n\t\t\t<div class=\"elementor-widget-wrap elementor-element-populated\">\n\t\t\t\t\t\t<div class=\"elementor-element elementor-element-f4bd4e9 elementor-widget elementor-widget-text-editor\" data-id=\"f4bd4e9\" data-element_type=\"widget\" data-widget_type=\"text-editor.default\">\n\t\t\t\t<div class=\"elementor-widget-container\">\n\t\t\t\t\t\t\t\t\t<p>Le Stade est situ\u00e9 \u00e0 l\u2019intersection de plusieurs autoroutes, vous permettant ainsi de vous y rendre facilement, quelle que soit votre provenance, suivez les indications \u00ab Grand Stade \u00bb ou \u00ab Stade Pierre-Mauroy \u00bb.<\/p><ul><li>Dunkerque \/ Lille &gt; A25<\/li><li>Paris &gt; A1<\/li><li>Valenciennes &gt; A23<\/li><li>Bruxelles &gt; A27<\/li><li>Tourcoing \/ Gand &gt; A22 \/ RN227<\/li><\/ul><p>Plusieurs parkings sont disponibles \u00e0 proximit\u00e9 du stade, y compris pour les motos.<\/p>\t\t\t\t\t\t\t\t<\/div>\n\t\t\t\t<\/div>\n\t\t\t\t\t<\/div>\n\t\t<\/div>\n\t\t\t\t\t<\/div>\n\t\t<\/section>\n\t\t\t\t<section class=\"elementor-section elementor-top-section elementor-element elementor-element-6d95d3d elementor-section-boxed elementor-section-height-default elementor-section-height-default\" data-id=\"6d95d3d\" data-element_type=\"section\">\n\t\t\t\t\t\t<div class=\"elementor-container elementor-column-gap-default\">\n\t\t\t\t\t<div class=\"elementor-column elementor-col-100 elementor-top-column elementor-element elementor-element-87a29e3\" data-id=\"87a29e3\" data-element_type=\"column\">\n\t\t\t<div class=\"elementor-widget-wrap elementor-element-populated\">\n\t\t\t\t\t\t<div class=\"elementor-element elementor-element-9b5defb elementor-widget elementor-widget-text-editor\" data-id=\"9b5defb\" data-element_type=\"widget\" data-widget_type=\"text-editor.default\">\n\t\t\t\t<div class=\"elementor-widget-container\">\n\t\t\t\t\t\t\t\t\t<h4>En m\u00e9tro<\/h4>\t\t\t\t\t\t\t\t<\/div>\n\t\t\t\t<\/div>\n\t\t\t\t\t<\/div>\n\t\t<\/div>\n\t\t\t\t\t<\/div>\n\t\t<\/section>\n\t\t\t\t<section class=\"elementor-section elementor-top-section elementor-element elementor-element-80038f1 elementor-section-boxed elementor-section-height-default elementor-section-height-default\" data-id=\"80038f1\" data-element_type=\"section\">\n\t\t\t\t\t\t<div class=\"elementor-container elementor-column-gap-default\">\n\t\t\t\t\t<div class=\"elementor-column elementor-col-100 elementor-top-column elementor-element elementor-element-f972e3c\" data-id=\"f972e3c\" data-element_type=\"column\">\n\t\t\t<div class=\"elementor-widget-wrap elementor-element-populated\">\n\t\t\t\t\t\t<div class=\"elementor-element elementor-element-52a88eb elementor-widget elementor-widget-text-editor\" data-id=\"52a88eb\" data-element_type=\"widget\" data-widget_type=\"text-editor.default\">\n\t\t\t\t<div class=\"elementor-widget-container\">\n\t\t\t\t\t\t\t\t\t<ul><li>Avec la LIGNE JAUNE (METRO 1)\u202f25 min depuis le centre-ville\u202f: <br \/>Prendre le m\u00e9tro direction \u00ab\u202f4 Cantons Stade Pierre Mauroy\u202f\u00bb et descendre \u00e0 l\u2019arr\u00eat \u00ab\u202fCit\u00e9 Scientifique\u202f\u00bb ou \u00e0 la station \u00ab\u202f4 Cantons\u202f\u00bb.<\/li><li>Avec la LIGNE ROUGE (METRO 2)\u202f30 min depuis le centre-ville\u202f: <br \/>Prendre le m\u00e9tro direction \u00ab\u202fC.H Dron \u00bb et descendre \u00e0 l\u2019arr\u00eat \u00ab\u202fLes Pr\u00e9s Edgard Pisani \u00bb. Des Navettes BUS gratuites achemineront les spectateurs vers le stade. <\/li><\/ul>\t\t\t\t\t\t\t\t<\/div>\n\t\t\t\t<\/div>\n\t\t\t\t\t<\/div>\n\t\t<\/div>\n\t\t\t\t\t<\/div>\n\t\t<\/section>\n\t\t\t\t<section class=\"elementor-section elementor-top-section elementor-element elementor-element-e74a33b elementor-section-boxed elementor-section-height-default elementor-section-height-default\" data-id=\"e74a33b\" data-element_type=\"section\">\n\t\t\t\t\t\t<div class=\"elementor-container elementor-column-gap-default\">\n\t\t\t\t\t<div class=\"elementor-column elementor-col-100 elementor-top-column elementor-element elementor-element-88796a7\" data-id=\"88796a7\" data-element_type=\"column\">\n\t\t\t<div class=\"elementor-widget-wrap elementor-element-populated\">\n\t\t\t\t\t\t<div class=\"elementor-element elementor-element-9eab638 elementor-widget elementor-widget-text-editor\" data-id=\"9eab638\" data-element_type=\"widget\" data-widget_type=\"text-editor.default\">\n\t\t\t\t<div class=\"elementor-widget-container\">\n\t\t\t\t\t\t\t\t\t<h4>En bus<\/h4>\t\t\t\t\t\t\t\t<\/div>\n\t\t\t\t<\/div>\n\t\t\t\t\t<\/div>\n\t\t<\/div>\n\t\t\t\t\t<\/div>\n\t\t<\/section>\n\t\t\t\t<section class=\"elementor-section elementor-top-section elementor-element elementor-element-521e415 elementor-section-boxed elementor-section-height-default elementor-section-height-default\" data-id=\"521e415\" data-element_type=\"section\">\n\t\t\t\t\t\t<div class=\"elementor-container elementor-column-gap-default\">\n\t\t\t\t\t<div class=\"elementor-column elementor-col-100 elementor-top-column elementor-element elementor-element-ccd0840\" data-id=\"ccd0840\" data-element_type=\"column\">\n\t\t\t<div class=\"elementor-widget-wrap elementor-element-populated\">\n\t\t\t\t\t\t<div class=\"elementor-element elementor-element-11cf5ad elementor-widget elementor-widget-text-editor\" data-id=\"11cf5ad\" data-element_type=\"widget\" data-widget_type=\"text-editor.default\">\n\t\t\t\t<div class=\"elementor-widget-container\">\n\t\t\t\t\t\t\t\t\t<ul><li>Ligne \u00ab\u202fLigne 18\u202f\u00bb, Arr\u00eat \u00ab Versailles \u00bb<\/li><li>Ligne \u00ab\u202fLa Corolle\u202f\u00bb, Arr\u00eat \u00ab Versailles \u00bb<\/li><\/ul>\t\t\t\t\t\t\t\t<\/div>\n\t\t\t\t<\/div>\n\t\t\t\t\t<\/div>\n\t\t<\/div>\n\t\t\t\t\t<\/div>\n\t\t<\/section>\n\t\t\t\t<section class=\"elementor-section elementor-top-section elementor-element elementor-element-5845306 elementor-section-boxed elementor-section-height-default elementor-section-height-default\" data-id=\"5845306\" data-element_type=\"section\">\n\t\t\t\t\t\t<div class=\"elementor-container elementor-column-gap-default\">\n\t\t\t\t\t<div class=\"elementor-column elementor-col-100 elementor-top-column elementor-element elementor-element-0545293\" data-id=\"0545293\" data-element_type=\"column\">\n\t\t\t<div class=\"elementor-widget-wrap elementor-element-populated\">\n\t\t\t\t\t\t<div class=\"elementor-element elementor-element-c53d48b elementor-widget-divider--view-line elementor-widget elementor-widget-divider\" data-id=\"c53d48b\" data-element_type=\"widget\" data-widget_type=\"divider.default\">\n\t\t\t\t<div class=\"elementor-widget-container\">\n\t\t\t\t\t\t\t<div class=\"elementor-divider\">\n\t\t\t<span class=\"elementor-divider-separator\">\n\t\t\t\t\t\t<\/span>\n\t\t<\/div>\n\t\t\t\t\t\t<\/div>\n\t\t\t\t<\/div>\n\t\t\t\t\t<\/div>\n\t\t<\/div>\n\t\t\t\t\t<\/div>\n\t\t<\/section>\n\t\t\t\t<section class=\"elementor-section elementor-top-section elementor-element elementor-element-0873b41 elementor-section-boxed elementor-section-height-default elementor-section-height-default\" data-id=\"0873b41\" data-element_type=\"section\">\n\t\t\t\t\t\t<div class=\"elementor-container elementor-column-gap-default\">\n\t\t\t\t\t<div class=\"elementor-column elementor-col-100 elementor-top-column elementor-element elementor-element-4fe4faa\" data-id=\"4fe4faa\" data-element_type=\"column\">\n\t\t\t<div class=\"elementor-widget-wrap elementor-element-populated\">\n\t\t\t\t\t\t<div class=\"elementor-element elementor-element-9a31b61 elementor-widget elementor-widget-text-editor\" data-id=\"9a31b61\" data-element_type=\"widget\" data-widget_type=\"text-editor.default\">\n\t\t\t\t<div class=\"elementor-widget-container\">\n\t\t\t\t\t\t\t\t\t<h2>Quand a \u00e9t\u00e9 construit le stade Pierre Mauroy ?<\/h2>\t\t\t\t\t\t\t\t<\/div>\n\t\t\t\t<\/div>\n\t\t\t\t\t<\/div>\n\t\t<\/div>\n\t\t\t\t\t<\/div>\n\t\t<\/section>\n\t\t\t\t<section class=\"elementor-section elementor-top-section elementor-element elementor-element-877777b elementor-section-boxed elementor-section-height-default elementor-section-height-default\" data-id=\"877777b\" data-element_type=\"section\">\n\t\t\t\t\t\t<div class=\"elementor-container elementor-column-gap-default\">\n\t\t\t\t\t<div class=\"elementor-column elementor-col-100 elementor-top-column elementor-element elementor-element-3565da5\" data-id=\"3565da5\" data-element_type=\"column\">\n\t\t\t<div class=\"elementor-widget-wrap elementor-element-populated\">\n\t\t\t\t\t\t<div class=\"elementor-element elementor-element-783284f elementor-widget elementor-widget-text-editor\" data-id=\"783284f\" data-element_type=\"widget\" data-widget_type=\"text-editor.default\">\n\t\t\t\t<div class=\"elementor-widget-container\">\n\t\t\t\t\t\t\t\t\t<p>La premi\u00e8re pierre du Stade Pierre-Mauroy est pos\u00e9e symboliquement le 27 septembre 2010 par le pr\u00e9sident d&#8217;Eiffage et les travaux sont achev\u00e9s 2 ans plus tard, dans le d\u00e9lai pr\u00e9vu, avant l&#8217;<strong>inauguration du stade le 17 ao\u00fbt 2012<\/strong>.<\/p>\t\t\t\t\t\t\t\t<\/div>\n\t\t\t\t<\/div>\n\t\t\t\t\t<\/div>\n\t\t<\/div>\n\t\t\t\t\t<\/div>\n\t\t<\/section>\n\t\t\t\t<section class=\"elementor-section elementor-top-section elementor-element elementor-element-da18169 elementor-section-boxed elementor-section-height-default elementor-section-height-default\" data-id=\"da18169\" data-element_type=\"section\">\n\t\t\t\t\t\t<div class=\"elementor-container elementor-column-gap-default\">\n\t\t\t\t\t<div class=\"elementor-column elementor-col-100 elementor-top-column elementor-element elementor-element-35209a5\" data-id=\"35209a5\" data-element_type=\"column\">\n\t\t\t<div class=\"elementor-widget-wrap elementor-element-populated\">\n\t\t\t\t\t\t<div class=\"elementor-element elementor-element-5c8c139 elementor-widget-divider--view-line elementor-widget elementor-widget-divider\" data-id=\"5c8c139\" data-element_type=\"widget\" data-widget_type=\"divider.default\">\n\t\t\t\t<div class=\"elementor-widget-container\">\n\t\t\t\t\t\t\t<div class=\"elementor-divider\">\n\t\t\t<span class=\"elementor-divider-separator\">\n\t\t\t\t\t\t<\/span>\n\t\t<\/div>\n\t\t\t\t\t\t<\/div>\n\t\t\t\t<\/div>\n\t\t\t\t\t<\/div>\n\t\t<\/div>\n\t\t\t\t\t<\/div>\n\t\t<\/section>\n\t\t\t\t<section class=\"elementor-section elementor-top-section elementor-element elementor-element-b5c3d47 elementor-section-boxed elementor-section-height-default elementor-section-height-default\" data-id=\"b5c3d47\" data-element_type=\"section\">\n\t\t\t\t\t\t<div class=\"elementor-container elementor-column-gap-default\">\n\t\t\t\t\t<div class=\"elementor-column elementor-col-100 elementor-top-column elementor-element elementor-element-4ce4405\" data-id=\"4ce4405\" data-element_type=\"column\">\n\t\t\t<div class=\"elementor-widget-wrap elementor-element-populated\">\n\t\t\t\t\t\t<div class=\"elementor-element elementor-element-8f19dce elementor-widget elementor-widget-text-editor\" data-id=\"8f19dce\" data-element_type=\"widget\" data-widget_type=\"text-editor.default\">\n\t\t\t\t<div class=\"elementor-widget-container\">\n\t\t\t\t\t\t\t\t\t<h2>Pourquoi la construction de ce stade ?<\/h2>\t\t\t\t\t\t\t\t<\/div>\n\t\t\t\t<\/div>\n\t\t\t\t\t<\/div>\n\t\t<\/div>\n\t\t\t\t\t<\/div>\n\t\t<\/section>\n\t\t\t\t<section class=\"elementor-section elementor-top-section elementor-element elementor-element-aceb0e4 elementor-section-boxed elementor-section-height-default elementor-section-height-default\" data-id=\"aceb0e4\" data-element_type=\"section\">\n\t\t\t\t\t\t<div class=\"elementor-container elementor-column-gap-default\">\n\t\t\t\t\t<div class=\"elementor-column elementor-col-100 elementor-top-column elementor-element elementor-element-7ac4599\" data-id=\"7ac4599\" data-element_type=\"column\">\n\t\t\t<div class=\"elementor-widget-wrap elementor-element-populated\">\n\t\t\t\t\t\t<div class=\"elementor-element elementor-element-4b47a86 elementor-widget elementor-widget-image\" data-id=\"4b47a86\" data-element_type=\"widget\" data-widget_type=\"image.default\">\n\t\t\t\t<div class=\"elementor-widget-container\">\n\t\t\t\t\t\t\t\t\t\t\t\t\t\t\t<img fetchpriority=\"high\" decoding=\"async\" width=\"700\" height=\"534\" src=\"https:\/\/www.macapflag.com\/blog\/wp-content\/uploads\/2023\/06\/Stade-Pierre-Mauroy-Lille-2.jpg\" class=\"attachment-large size-large wp-image-13541\" alt=\"Infos cl\u00e9s sur le stade Pierre Mauroy \u00e0 Lille\" srcset=\"https:\/\/www.macapflag.com\/blog\/wp-content\/uploads\/2023\/06\/Stade-Pierre-Mauroy-Lille-2.jpg 700w, https:\/\/www.macapflag.com\/blog\/wp-content\/uploads\/2023\/06\/Stade-Pierre-Mauroy-Lille-2-300x229.jpg 300w\" sizes=\"(max-width: 700px) 100vw, 700px\" \/>\t\t\t\t\t\t\t\t\t\t\t\t\t\t\t<\/div>\n\t\t\t\t<\/div>\n\t\t\t\t\t<\/div>\n\t\t<\/div>\n\t\t\t\t\t<\/div>\n\t\t<\/section>\n\t\t\t\t<section class=\"elementor-section elementor-top-section elementor-element elementor-element-a978f97 elementor-section-boxed elementor-section-height-default elementor-section-height-default\" data-id=\"a978f97\" data-element_type=\"section\">\n\t\t\t\t\t\t<div class=\"elementor-container elementor-column-gap-default\">\n\t\t\t\t\t<div class=\"elementor-column elementor-col-100 elementor-top-column elementor-element elementor-element-17b46e6\" data-id=\"17b46e6\" data-element_type=\"column\">\n\t\t\t<div class=\"elementor-widget-wrap elementor-element-populated\">\n\t\t\t\t\t\t<div class=\"elementor-element elementor-element-1d5f589 elementor-widget elementor-widget-text-editor\" data-id=\"1d5f589\" data-element_type=\"widget\" data-widget_type=\"text-editor.default\">\n\t\t\t\t<div class=\"elementor-widget-container\">\n\t\t\t\t\t\t\t\t\t<p>La construction d&#8217;un nouveau stade \u00e0 Lille a \u00e9t\u00e9 d\u00e9cid\u00e9e apr\u00e8s l&#8217;\u00e9chec de la reconstruction de l&#8217;ancien stade Grimonprez-Jooris, l\u2019ancien stade principal de la ville de Lille. Initialement, le nom du stade \u00e9tait \u201cGrand stade Lille M\u00e9tropole\u201d.<\/p><p>Comme souvent pour la construction de stades, le projet est un partenariat priv\u00e9 et public, ici entre Eiffage et la M\u00e9tropole lilloise. <br \/>Le montant total de la construction est estim\u00e9 \u00e0 324 millions d\u2019euros dont 282 millions pour le stade et les parkings et 42 millions pour les \u00e9quipements annexes tels que les commerces, la restauration et les services associ\u00e9s.<br \/>Le stade appartient au groupe Eiffage, via la soci\u00e9t\u00e9 de projet Elisa (Eiffage Lille Stadium Arena SAS) gr\u00e2ce \u00e0 une concession d\u2019une dur\u00e9e de 31 ans, jusqu&#8217;en 2043. La M\u00e9tropole Europ\u00e9enne de Lille deviendra ensuite l\u2019unique propri\u00e9taire du stade.<\/p>\t\t\t\t\t\t\t\t<\/div>\n\t\t\t\t<\/div>\n\t\t\t\t\t<\/div>\n\t\t<\/div>\n\t\t\t\t\t<\/div>\n\t\t<\/section>\n\t\t\t\t<section class=\"elementor-section elementor-top-section elementor-element elementor-element-8d2629c elementor-section-boxed elementor-section-height-default elementor-section-height-default\" data-id=\"8d2629c\" data-element_type=\"section\">\n\t\t\t\t\t\t<div class=\"elementor-container elementor-column-gap-default\">\n\t\t\t\t\t<div class=\"elementor-column elementor-col-100 elementor-top-column elementor-element elementor-element-38dd375\" data-id=\"38dd375\" data-element_type=\"column\">\n\t\t\t<div class=\"elementor-widget-wrap elementor-element-populated\">\n\t\t\t\t\t\t<div class=\"elementor-element elementor-element-8f1ebec elementor-widget elementor-widget-text-editor\" data-id=\"8f1ebec\" data-element_type=\"widget\" data-widget_type=\"text-editor.default\">\n\t\t\t\t<div class=\"elementor-widget-container\">\n\t\t\t\t\t\t\t\t\t<h3>Quelles sont les sp\u00e9cificit\u00e9s architecturales du stade Pierre Mauroy de Lille ?<\/h3>\t\t\t\t\t\t\t\t<\/div>\n\t\t\t\t<\/div>\n\t\t\t\t\t<\/div>\n\t\t<\/div>\n\t\t\t\t\t<\/div>\n\t\t<\/section>\n\t\t\t\t<section class=\"elementor-section elementor-top-section elementor-element elementor-element-b1e9cfd elementor-section-boxed elementor-section-height-default elementor-section-height-default\" data-id=\"b1e9cfd\" data-element_type=\"section\">\n\t\t\t\t\t\t<div class=\"elementor-container elementor-column-gap-default\">\n\t\t\t\t\t<div class=\"elementor-column elementor-col-100 elementor-top-column elementor-element elementor-element-4552eaf\" data-id=\"4552eaf\" data-element_type=\"column\">\n\t\t\t<div class=\"elementor-widget-wrap elementor-element-populated\">\n\t\t\t\t\t\t<div class=\"elementor-element elementor-element-4008ae0 elementor-widget elementor-widget-text-editor\" data-id=\"4008ae0\" data-element_type=\"widget\" data-widget_type=\"text-editor.default\">\n\t\t\t\t<div class=\"elementor-widget-container\">\n\t\t\t\t\t\t\t\t\t<p>Le stade fait partie des plus grandes arenas du monde. C&#8217;est \u00e9galement le seul stade en France avec un toit pouvant se fermer et s&#8217;ouvrir : il a donc accueilli les premiers matchs officiels de football et de rugby jou\u00e9s dans un stade ferm\u00e9 sur sol fran\u00e7ais.<\/p><p>C\u2019est un stade qui a la forme d\u2019un vaisseau translucide qui culmine \u00e0 31 m\u00e8tres de hauteur. 12 000 tubes de polycarbonate translucides composent l&#8217;enveloppe lumineuse de couverture du stade, ajout\u00e9e \u00e0 une fa\u00e7ade anim\u00e9e de 1 800 m\u00b2 compos\u00e9e de 70 000 LED.<\/p><p>La toiture p\u00e8se 7400 tonnes, soit 100 tonnes de plus que la Tour Eiffel.<\/p><p>Le stade poss\u00e8de la particularit\u00e9 unique au monde d&#8217;avoir cinq configurations possibles (couvertes ou non, gr\u00e2ce \u00e0 un toit mobile qui peut \u00eatre referm\u00e9 en trente minutes).<br \/>Sa pelouse se soul\u00e8ve sur sa moiti\u00e9 et se d\u00e9place pour venir se superposer \u00e0 la moiti\u00e9 restante et lib\u00e9rer ainsi des gradins r\u00e9tractables suppl\u00e9mentaires situ\u00e9s en dessous du niveau de la pelouse ainsi qu&#8217;un nouveau sol.<\/p><p>Gr\u00e2ce \u00e0 sa possibilit\u00e9 de couverture et sa modularit\u00e9, le stade a accueilli de nombreuses manifestations sportives et culturelles : les matchs du LOSC bien s\u00fbr, mais aussi des matchs de l\u2019\u00e9quipe de France de football, la finale de la Coupe Davis, des matchs du XV de France ou encore les concerts de Patrick Bruel, Johnny Hallyday, C\u00e9line Dion ou Indochine pour ne citer qu\u2019eux. <\/p>\t\t\t\t\t\t\t\t<\/div>\n\t\t\t\t<\/div>\n\t\t\t\t\t<\/div>\n\t\t<\/div>\n\t\t\t\t\t<\/div>\n\t\t<\/section>\n\t\t\t\t<section class=\"elementor-section elementor-top-section elementor-element elementor-element-95ecb4d elementor-section-boxed elementor-section-height-default elementor-section-height-default\" data-id=\"95ecb4d\" data-element_type=\"section\">\n\t\t\t\t\t\t<div class=\"elementor-container elementor-column-gap-default\">\n\t\t\t\t\t<div class=\"elementor-column elementor-col-100 elementor-top-column elementor-element elementor-element-5cef472\" data-id=\"5cef472\" data-element_type=\"column\">\n\t\t\t<div class=\"elementor-widget-wrap elementor-element-populated\">\n\t\t\t\t\t\t<div class=\"elementor-element elementor-element-80e07a4 elementor-widget-divider--view-line elementor-widget elementor-widget-divider\" data-id=\"80e07a4\" data-element_type=\"widget\" data-widget_type=\"divider.default\">\n\t\t\t\t<div class=\"elementor-widget-container\">\n\t\t\t\t\t\t\t<div class=\"elementor-divider\">\n\t\t\t<span class=\"elementor-divider-separator\">\n\t\t\t\t\t\t<\/span>\n\t\t<\/div>\n\t\t\t\t\t\t<\/div>\n\t\t\t\t<\/div>\n\t\t\t\t\t<\/div>\n\t\t<\/div>\n\t\t\t\t\t<\/div>\n\t\t<\/section>\n\t\t\t\t<section class=\"elementor-section elementor-top-section elementor-element elementor-element-4274d8e elementor-section-boxed elementor-section-height-default elementor-section-height-default\" data-id=\"4274d8e\" data-element_type=\"section\">\n\t\t\t\t\t\t<div class=\"elementor-container elementor-column-gap-default\">\n\t\t\t\t\t<div class=\"elementor-column elementor-col-100 elementor-top-column elementor-element elementor-element-ed2a27d\" data-id=\"ed2a27d\" data-element_type=\"column\">\n\t\t\t<div class=\"elementor-widget-wrap elementor-element-populated\">\n\t\t\t\t\t\t<div class=\"elementor-element elementor-element-e62cdef elementor-widget elementor-widget-text-editor\" data-id=\"e62cdef\" data-element_type=\"widget\" data-widget_type=\"text-editor.default\">\n\t\t\t\t<div class=\"elementor-widget-container\">\n\t\t\t\t\t\t\t\t\t<h2>Pourquoi ce nom pour le stade ?<\/h2>\t\t\t\t\t\t\t\t<\/div>\n\t\t\t\t<\/div>\n\t\t\t\t\t<\/div>\n\t\t<\/div>\n\t\t\t\t\t<\/div>\n\t\t<\/section>\n\t\t\t\t<section class=\"elementor-section elementor-top-section elementor-element elementor-element-7f3eed9 elementor-section-boxed elementor-section-height-default elementor-section-height-default\" data-id=\"7f3eed9\" data-element_type=\"section\">\n\t\t\t\t\t\t<div class=\"elementor-container elementor-column-gap-default\">\n\t\t\t\t\t<div class=\"elementor-column elementor-col-100 elementor-top-column elementor-element elementor-element-5883c78\" data-id=\"5883c78\" data-element_type=\"column\">\n\t\t\t<div class=\"elementor-widget-wrap elementor-element-populated\">\n\t\t\t\t\t\t<div class=\"elementor-element elementor-element-ef3216a elementor-widget elementor-widget-text-editor\" data-id=\"ef3216a\" data-element_type=\"widget\" data-widget_type=\"text-editor.default\">\n\t\t\t\t<div class=\"elementor-widget-container\">\n\t\t\t\t\t\t\t\t\t<p>En 2013, un projet de \u201cnaming\u201d du grand stade est abandonn\u00e9 au profit du choix du nom de <strong>Pierre Mauroy<\/strong>, ancien Premier ministre et ancien maire de Lille, mort le 7 juin 2013. Plusieurs r\u00e9actions surgissent alors. Certaines personnes s\u2019indignant de ce choix pour diff\u00e9rentes raisons : <br \/>Pierre Mauroy n\u2019\u00e9tait pas un amoureux de football.<br \/>L\u2019abandon du projet de \u201cnaming\u201d est lourd de cons\u00e9quences \u00e9conomiques. Le fait qu\u2019aucune entreprise ne puisse acheter le droit de revendiquer le nom du stade engendre un manque \u00e0 gagner financier important.<\/p><p>Pourtant, presque 10 ans plus tard, en 2022, un nouveau contrat de naming renomme alors le stade en \u201c<strong>Decathlon Arena &#8211; Stade Pierre Mauro<\/strong>y\u201d.<\/p>\t\t\t\t\t\t\t\t<\/div>\n\t\t\t\t<\/div>\n\t\t\t\t\t<\/div>\n\t\t<\/div>\n\t\t\t\t\t<\/div>\n\t\t<\/section>\n\t\t\t\t<section class=\"elementor-section elementor-top-section elementor-element elementor-element-383eb3a elementor-section-boxed elementor-section-height-default elementor-section-height-default\" data-id=\"383eb3a\" data-element_type=\"section\">\n\t\t\t\t\t\t<div class=\"elementor-container elementor-column-gap-default\">\n\t\t\t\t\t<div class=\"elementor-column elementor-col-100 elementor-top-column elementor-element elementor-element-2e137bf\" data-id=\"2e137bf\" data-element_type=\"column\">\n\t\t\t<div class=\"elementor-widget-wrap elementor-element-populated\">\n\t\t\t\t\t\t<div class=\"elementor-element elementor-element-8596a7e elementor-widget elementor-widget-text-editor\" data-id=\"8596a7e\" data-element_type=\"widget\" data-widget_type=\"text-editor.default\">\n\t\t\t\t<div class=\"elementor-widget-container\">\n\t\t\t\t\t\t\t\t\t<h3>Quel est son nom pour les comp\u00e9titions internationales?<\/h3>\t\t\t\t\t\t\t\t<\/div>\n\t\t\t\t<\/div>\n\t\t\t\t\t<\/div>\n\t\t<\/div>\n\t\t\t\t\t<\/div>\n\t\t<\/section>\n\t\t\t\t<section class=\"elementor-section elementor-top-section elementor-element elementor-element-def8d73 elementor-section-boxed elementor-section-height-default elementor-section-height-default\" data-id=\"def8d73\" data-element_type=\"section\">\n\t\t\t\t\t\t<div class=\"elementor-container elementor-column-gap-default\">\n\t\t\t\t\t<div class=\"elementor-column elementor-col-100 elementor-top-column elementor-element elementor-element-7c1c8a4\" data-id=\"7c1c8a4\" data-element_type=\"column\">\n\t\t\t<div class=\"elementor-widget-wrap elementor-element-populated\">\n\t\t\t\t\t\t<div class=\"elementor-element elementor-element-c1a204e elementor-widget elementor-widget-text-editor\" data-id=\"c1a204e\" data-element_type=\"widget\" data-widget_type=\"text-editor.default\">\n\t\t\t\t<div class=\"elementor-widget-container\">\n\t\t\t\t\t\t\t\t\t<p>Les instances europ\u00e9ennes et internationales comme l\u2019UEFA et World Rugby n\u2019autorisent pas le \u201cnaming\u201d des stades. Ainsi, pour la coupe du monde de rugby 2023, le stade s\u2019appellera simplement le <strong>stade Pierre Mauroy<\/strong>.<\/p>\t\t\t\t\t\t\t\t<\/div>\n\t\t\t\t<\/div>\n\t\t\t\t\t<\/div>\n\t\t<\/div>\n\t\t\t\t\t<\/div>\n\t\t<\/section>\n\t\t\t\t<section class=\"elementor-section elementor-top-section elementor-element elementor-element-4899e33 elementor-section-boxed elementor-section-height-default elementor-section-height-default\" data-id=\"4899e33\" data-element_type=\"section\">\n\t\t\t\t\t\t<div class=\"elementor-container elementor-column-gap-default\">\n\t\t\t\t\t<div class=\"elementor-column elementor-col-100 elementor-top-column elementor-element elementor-element-8b29968\" data-id=\"8b29968\" data-element_type=\"column\">\n\t\t\t<div class=\"elementor-widget-wrap elementor-element-populated\">\n\t\t\t\t\t\t<div class=\"elementor-element elementor-element-3b3db51 elementor-widget-divider--view-line elementor-widget elementor-widget-divider\" data-id=\"3b3db51\" data-element_type=\"widget\" data-widget_type=\"divider.default\">\n\t\t\t\t<div class=\"elementor-widget-container\">\n\t\t\t\t\t\t\t<div class=\"elementor-divider\">\n\t\t\t<span class=\"elementor-divider-separator\">\n\t\t\t\t\t\t<\/span>\n\t\t<\/div>\n\t\t\t\t\t\t<\/div>\n\t\t\t\t<\/div>\n\t\t\t\t\t<\/div>\n\t\t<\/div>\n\t\t\t\t\t<\/div>\n\t\t<\/section>\n\t\t\t\t<section class=\"elementor-section elementor-top-section elementor-element elementor-element-63a23f0 elementor-section-boxed elementor-section-height-default elementor-section-height-default\" data-id=\"63a23f0\" data-element_type=\"section\">\n\t\t\t\t\t\t<div class=\"elementor-container elementor-column-gap-default\">\n\t\t\t\t\t<div class=\"elementor-column elementor-col-100 elementor-top-column elementor-element elementor-element-0204ec8\" data-id=\"0204ec8\" data-element_type=\"column\">\n\t\t\t<div class=\"elementor-widget-wrap elementor-element-populated\">\n\t\t\t\t\t\t<div class=\"elementor-element elementor-element-2bdd929 elementor-widget elementor-widget-text-editor\" data-id=\"2bdd929\" data-element_type=\"widget\" data-widget_type=\"text-editor.default\">\n\t\t\t\t<div class=\"elementor-widget-container\">\n\t\t\t\t\t\t\t\t\t<h2>Quelle est la capacit\u00e9 d\u2019accueil du stade Pierre Mauroy ?<\/h2>\t\t\t\t\t\t\t\t<\/div>\n\t\t\t\t<\/div>\n\t\t\t\t\t<\/div>\n\t\t<\/div>\n\t\t\t\t\t<\/div>\n\t\t<\/section>\n\t\t\t\t<section class=\"elementor-section elementor-top-section elementor-element elementor-element-1d80c90 elementor-section-boxed elementor-section-height-default elementor-section-height-default\" data-id=\"1d80c90\" data-element_type=\"section\">\n\t\t\t\t\t\t<div class=\"elementor-container elementor-column-gap-default\">\n\t\t\t\t\t<div class=\"elementor-column elementor-col-100 elementor-top-column elementor-element elementor-element-1632597\" data-id=\"1632597\" data-element_type=\"column\">\n\t\t\t<div class=\"elementor-widget-wrap elementor-element-populated\">\n\t\t\t\t\t\t<div class=\"elementor-element elementor-element-5b92a29 elementor-widget elementor-widget-text-editor\" data-id=\"5b92a29\" data-element_type=\"widget\" data-widget_type=\"text-editor.default\">\n\t\t\t\t<div class=\"elementor-widget-container\">\n\t\t\t\t\t\t\t\t\t<p>Le stade Pierre Mauroy peut accueillir <strong>environ 50 000 personnes<\/strong>. Il se classe, en termes de capacit\u00e9, \u00e0 la <strong>4\u1d49 place des stades fran\u00e7ais<\/strong>.<\/p>\t\t\t\t\t\t\t\t<\/div>\n\t\t\t\t<\/div>\n\t\t\t\t\t<\/div>\n\t\t<\/div>\n\t\t\t\t\t<\/div>\n\t\t<\/section>\n\t\t\t\t<section class=\"elementor-section elementor-top-section elementor-element elementor-element-273f8bf elementor-section-boxed elementor-section-height-default elementor-section-height-default\" data-id=\"273f8bf\" data-element_type=\"section\">\n\t\t\t\t\t\t<div class=\"elementor-container elementor-column-gap-default\">\n\t\t\t\t\t<div class=\"elementor-column elementor-col-100 elementor-top-column elementor-element elementor-element-27234cb\" data-id=\"27234cb\" data-element_type=\"column\">\n\t\t\t<div class=\"elementor-widget-wrap elementor-element-populated\">\n\t\t\t\t\t\t<div class=\"elementor-element elementor-element-2c65910 elementor-widget elementor-widget-text-editor\" data-id=\"2c65910\" data-element_type=\"widget\" data-widget_type=\"text-editor.default\">\n\t\t\t\t<div class=\"elementor-widget-container\">\n\t\t\t\t\t\t\t\t\t<h3>Le stade en quelques chiffres<\/h3>\t\t\t\t\t\t\t\t<\/div>\n\t\t\t\t<\/div>\n\t\t\t\t\t<\/div>\n\t\t<\/div>\n\t\t\t\t\t<\/div>\n\t\t<\/section>\n\t\t\t\t<section class=\"elementor-section elementor-top-section elementor-element elementor-element-0c2a6b1 elementor-section-boxed elementor-section-height-default elementor-section-height-default\" data-id=\"0c2a6b1\" data-element_type=\"section\">\n\t\t\t\t\t\t<div class=\"elementor-container elementor-column-gap-default\">\n\t\t\t\t\t<div class=\"elementor-column elementor-col-100 elementor-top-column elementor-element elementor-element-98849b7\" data-id=\"98849b7\" data-element_type=\"column\">\n\t\t\t<div class=\"elementor-widget-wrap elementor-element-populated\">\n\t\t\t\t\t\t<div class=\"elementor-element elementor-element-89a1ee1 elementor-widget elementor-widget-text-editor\" data-id=\"89a1ee1\" data-element_type=\"widget\" data-widget_type=\"text-editor.default\">\n\t\t\t\t<div class=\"elementor-widget-container\">\n\t\t\t\t\t\t\t\t\t<p>Environ 50 000 places assises dont :<\/p><ul><li>7 300 places VIP<\/li><li>4 965 ou 23340 places business seats modulables,<\/li><li>1 842 places dans 76 loges<\/li><li>448 places protocoles<\/li><li>326 places presse.<br \/><br \/><\/li><li>10 000 m\u00b2 d&#8217;espaces d\u00e9di\u00e9s \u00e0 la r\u00e9ception.<\/li><li>Une toiture mobile couvrant l\u2019aire de jeu en seulement 30 minutes.<\/li><li>24 heures pour transformer le stade en ar\u00e9na.<\/li><\/ul>\t\t\t\t\t\t\t\t<\/div>\n\t\t\t\t<\/div>\n\t\t\t\t\t<\/div>\n\t\t<\/div>\n\t\t\t\t\t<\/div>\n\t\t<\/section>\n\t\t\t\t<section class=\"elementor-section elementor-top-section elementor-element elementor-element-e0d78e8 elementor-section-boxed elementor-section-height-default elementor-section-height-default\" data-id=\"e0d78e8\" data-element_type=\"section\">\n\t\t\t\t\t\t<div class=\"elementor-container elementor-column-gap-default\">\n\t\t\t\t\t<div class=\"elementor-column elementor-col-100 elementor-top-column elementor-element elementor-element-43e0673\" data-id=\"43e0673\" data-element_type=\"column\">\n\t\t\t<div class=\"elementor-widget-wrap elementor-element-populated\">\n\t\t\t\t\t\t<div class=\"elementor-element elementor-element-1625ca6 elementor-widget-divider--view-line elementor-widget elementor-widget-divider\" data-id=\"1625ca6\" data-element_type=\"widget\" data-widget_type=\"divider.default\">\n\t\t\t\t<div class=\"elementor-widget-container\">\n\t\t\t\t\t\t\t<div class=\"elementor-divider\">\n\t\t\t<span class=\"elementor-divider-separator\">\n\t\t\t\t\t\t<\/span>\n\t\t<\/div>\n\t\t\t\t\t\t<\/div>\n\t\t\t\t<\/div>\n\t\t\t\t\t<\/div>\n\t\t<\/div>\n\t\t\t\t\t<\/div>\n\t\t<\/section>\n\t\t\t\t<section class=\"elementor-section elementor-top-section elementor-element elementor-element-51e1933 elementor-section-boxed elementor-section-height-default elementor-section-height-default\" data-id=\"51e1933\" data-element_type=\"section\">\n\t\t\t\t\t\t<div class=\"elementor-container elementor-column-gap-default\">\n\t\t\t\t\t<div class=\"elementor-column elementor-col-100 elementor-top-column elementor-element elementor-element-cf0b862\" data-id=\"cf0b862\" data-element_type=\"column\">\n\t\t\t<div class=\"elementor-widget-wrap elementor-element-populated\">\n\t\t\t\t\t\t<div class=\"elementor-element elementor-element-d558db9 elementor-widget elementor-widget-text-editor\" data-id=\"d558db9\" data-element_type=\"widget\" data-widget_type=\"text-editor.default\">\n\t\t\t\t<div class=\"elementor-widget-container\">\n\t\t\t\t\t\t\t\t\t<h2>Quels matchs de la coupe du monde de rugby sont jou\u00e9s \u00e0 Lille ?<\/h2>\t\t\t\t\t\t\t\t<\/div>\n\t\t\t\t<\/div>\n\t\t\t\t\t<\/div>\n\t\t<\/div>\n\t\t\t\t\t<\/div>\n\t\t<\/section>\n\t\t\t\t<section class=\"elementor-section elementor-top-section elementor-element elementor-element-f04ec4a elementor-section-boxed elementor-section-height-default elementor-section-height-default\" data-id=\"f04ec4a\" data-element_type=\"section\">\n\t\t\t\t\t\t<div class=\"elementor-container elementor-column-gap-default\">\n\t\t\t\t\t<div class=\"elementor-column elementor-col-100 elementor-top-column elementor-element elementor-element-bd55293\" data-id=\"bd55293\" data-element_type=\"column\">\n\t\t\t<div class=\"elementor-widget-wrap elementor-element-populated\">\n\t\t\t\t\t\t<div class=\"elementor-element elementor-element-bb6d943 elementor-widget elementor-widget-text-editor\" data-id=\"bb6d943\" data-element_type=\"widget\" data-widget_type=\"text-editor.default\">\n\t\t\t\t<div class=\"elementor-widget-container\">\n\t\t\t\t\t\t\t\t\t<p>5 matchs de poule de la Coupe du Monde se jouent \u00e0 Lille entre le 14 septembre et le 8 octobre 2023.<\/p><ul><li>FRANCE\/URUGUAY &#8211; jeudi 14 septembre 2023 \u00e0 21 h<\/li><li>ANGLETERRE\/CHILI &#8211; samedi 23 septembre 2023 \u00e0 17 h 45<\/li><li>\u00c9COSSE\/ROUMANIE &#8211; samedi 30 septembre 2023 \u00e0 21 h<\/li><li>ANGLETERRE\/SAMOA &#8211; samedi 7 octobre 2023 \u00e0 17 h 45<\/li><li>TONGA\/ROUMANIE &#8211; dimanche 8 octobre 2023 \u00e0 17 h 45<\/li><\/ul>\t\t\t\t\t\t\t\t<\/div>\n\t\t\t\t<\/div>\n\t\t\t\t\t<\/div>\n\t\t<\/div>\n\t\t\t\t\t<\/div>\n\t\t<\/section>\n\t\t\t\t<section class=\"elementor-section elementor-top-section elementor-element elementor-element-1086edb elementor-section-boxed elementor-section-height-default elementor-section-height-default\" data-id=\"1086edb\" data-element_type=\"section\">\n\t\t\t\t\t\t<div class=\"elementor-container elementor-column-gap-default\">\n\t\t\t\t\t<div class=\"elementor-column elementor-col-100 elementor-top-column elementor-element elementor-element-5fa8cab\" data-id=\"5fa8cab\" data-element_type=\"column\">\n\t\t\t<div class=\"elementor-widget-wrap elementor-element-populated\">\n\t\t\t\t\t\t<div class=\"elementor-element elementor-element-c771a1d elementor-widget-divider--view-line elementor-widget elementor-widget-divider\" data-id=\"c771a1d\" data-element_type=\"widget\" data-widget_type=\"divider.default\">\n\t\t\t\t<div class=\"elementor-widget-container\">\n\t\t\t\t\t\t\t<div class=\"elementor-divider\">\n\t\t\t<span class=\"elementor-divider-separator\">\n\t\t\t\t\t\t<\/span>\n\t\t<\/div>\n\t\t\t\t\t\t<\/div>\n\t\t\t\t<\/div>\n\t\t\t\t\t<\/div>\n\t\t<\/div>\n\t\t\t\t\t<\/div>\n\t\t<\/section>\n\t\t\t\t<section class=\"elementor-section elementor-top-section elementor-element elementor-element-18f141f elementor-section-boxed elementor-section-height-default elementor-section-height-default\" data-id=\"18f141f\" data-element_type=\"section\">\n\t\t\t\t\t\t<div class=\"elementor-container elementor-column-gap-default\">\n\t\t\t\t\t<div class=\"elementor-column elementor-col-100 elementor-top-column elementor-element elementor-element-a88f845\" data-id=\"a88f845\" data-element_type=\"column\">\n\t\t\t<div class=\"elementor-widget-wrap elementor-element-populated\">\n\t\t\t\t\t\t<div class=\"elementor-element elementor-element-ed65240 elementor-widget elementor-widget-text-editor\" data-id=\"ed65240\" data-element_type=\"widget\" data-widget_type=\"text-editor.default\">\n\t\t\t\t<div class=\"elementor-widget-container\">\n\t\t\t\t\t\t\t\t\t<h2>Pour supporter l&#8217;\u00e9quipe de France pendant la Coupe du Monde !<\/h2>\t\t\t\t\t\t\t\t<\/div>\n\t\t\t\t<\/div>\n\t\t\t\t\t<\/div>\n\t\t<\/div>\n\t\t\t\t\t<\/div>\n\t\t<\/section>\n\t\t\t\t<section class=\"elementor-section elementor-top-section elementor-element elementor-element-df148d3 elementor-section-boxed elementor-section-height-default elementor-section-height-default\" data-id=\"df148d3\" data-element_type=\"section\">\n\t\t\t\t\t\t<div class=\"elementor-container elementor-column-gap-default\">\n\t\t\t\t\t<div class=\"elementor-column elementor-col-33 elementor-top-column elementor-element elementor-element-f794b38\" data-id=\"f794b38\" data-element_type=\"column\">\n\t\t\t<div class=\"elementor-widget-wrap elementor-element-populated\">\n\t\t\t\t\t\t<div class=\"elementor-element elementor-element-76d33b1 elementor-widget elementor-widget-shortcode\" data-id=\"76d33b1\" data-element_type=\"widget\" data-widget_type=\"shortcode.default\">\n\t\t\t\t<div class=\"elementor-widget-container\">\n\t\t\t\t\t\t\t<div class=\"elementor-shortcode\"><div class=\"container p-0 m-0\">\n    <div class=\"row m-0 border\">\n        <div class=\"col-12 grid-didpd-body text-center\">\n            <img decoding=\"async\" src=\"https:\/\/www.macapflag.com\/1858604-home_default\/beach-flag-oriflamme-potence-350-mvisuel-rugby-modele-5.jpg\" alt=\"Beachflag sp&eacute;cial rugby\" class=\"mx-auto\" \/>\n            <div class=\"grid-didpd-text\">\n                <a href=\"https:\/\/www.macapflag.com\/plv-evenements-sportifs\/791965-beach-flag-oriflamme-potence-350-mvisuel-rugby-modele-5.html\" target=\"_blank\" class=\"stretched-link\">\n                    <h3>Beachflag sp\u00e9cial rugby<\/h3>\n                <\/a>\n            <\/div>\n                        <p class=\"text-center font-weight-bold\">142,50 \u20ac HT<\/p>            <div class=\"text-center\">\n                <button class=\"btn btn-primary\">Achat en ligne <\/button>\n            <\/div>\n        <\/div>\n    <\/div>\n<\/div>\n<\/div>\n\t\t\t\t\t\t<\/div>\n\t\t\t\t<\/div>\n\t\t\t\t\t<\/div>\n\t\t<\/div>\n\t\t\t\t<div class=\"elementor-column elementor-col-33 elementor-top-column elementor-element elementor-element-8d82709\" data-id=\"8d82709\" data-element_type=\"column\">\n\t\t\t<div class=\"elementor-widget-wrap elementor-element-populated\">\n\t\t\t\t\t\t<div class=\"elementor-element elementor-element-dcb2fcd elementor-widget elementor-widget-shortcode\" data-id=\"dcb2fcd\" data-element_type=\"widget\" data-widget_type=\"shortcode.default\">\n\t\t\t\t<div class=\"elementor-widget-container\">\n\t\t\t\t\t\t\t<div class=\"elementor-shortcode\"><div class=\"container p-0 m-0\">\n    <div class=\"row m-0 border\">\n        <div class=\"col-12 grid-didpd-body text-center\">\n            <img decoding=\"async\" src=\"https:\/\/www.macapflag.com\/1858593-home_default\/banderole-pvc-oeillets-80x300-cmplv-rugby-modele-4.jpg\" alt=\"Banderole sp&eacute;cial rugby\" class=\"mx-auto\" \/>\n            <div class=\"grid-didpd-text\">\n                <a href=\"https:\/\/www.macapflag.com\/plv-evenements-sportifs\/791954-banderole-pvc-oeillets-80x300-cmplv-rugby-modele-4.html\" target=\"_blank\" class=\"stretched-link\">\n                    <h3>Banderole sp\u00e9cial rugby<\/h3>\n                <\/a>\n            <\/div>\n                        <p class=\"text-center font-weight-bold\">42,75 \u20ac HT<\/p>            <div class=\"text-center\">\n                <button class=\"btn btn-primary\">Achat en ligne <\/button>\n            <\/div>\n        <\/div>\n    <\/div>\n<\/div>\n<\/div>\n\t\t\t\t\t\t<\/div>\n\t\t\t\t<\/div>\n\t\t\t\t\t<\/div>\n\t\t<\/div>\n\t\t\t\t<div class=\"elementor-column elementor-col-33 elementor-top-column elementor-element elementor-element-4e506c4\" data-id=\"4e506c4\" data-element_type=\"column\">\n\t\t\t<div class=\"elementor-widget-wrap elementor-element-populated\">\n\t\t\t\t\t\t<div class=\"elementor-element elementor-element-4eeb76e elementor-widget elementor-widget-shortcode\" data-id=\"4eeb76e\" data-element_type=\"widget\" data-widget_type=\"shortcode.default\">\n\t\t\t\t<div class=\"elementor-widget-container\">\n\t\t\t\t\t\t\t<div class=\"elementor-shortcode\"><div class=\"container p-0 m-0\">\n    <div class=\"row m-0 border\">\n        <div class=\"col-12 grid-didpd-body text-center\">\n            <img decoding=\"async\" src=\"https:\/\/www.macapflag.com\/1858596-home_default\/beach-flag-oriflamme-classique-28-mvisuel-rugby-modele-4.jpg\" alt=\"Beachflag sp&eacute;cial rugby\" class=\"mx-auto\" \/>\n            <div class=\"grid-didpd-text\">\n                <a href=\"https:\/\/www.macapflag.com\/plv-evenements-sportifs\/791957-beach-flag-oriflamme-classique-28-mvisuel-rugby-modele-4.html\" target=\"_blank\" class=\"stretched-link\">\n                    <h3>Beachflag sp\u00e9cial rugby<\/h3>\n                <\/a>\n            <\/div>\n                        <p class=\"text-center font-weight-bold\">112,10 \u20ac HT<\/p>            <div class=\"text-center\">\n                <button class=\"btn btn-primary\">Achat en ligne <\/button>\n            <\/div>\n        <\/div>\n    <\/div>\n<\/div>\n<\/div>\n\t\t\t\t\t\t<\/div>\n\t\t\t\t<\/div>\n\t\t\t\t\t<\/div>\n\t\t<\/div>\n\t\t\t\t\t<\/div>\n\t\t<\/section>\n\t\t\t\t<section class=\"elementor-section elementor-top-section elementor-element elementor-element-efea0d5 elementor-section-boxed elementor-section-height-default elementor-section-height-default\" data-id=\"efea0d5\" data-element_type=\"section\">\n\t\t\t\t\t\t<div class=\"elementor-container elementor-column-gap-default\">\n\t\t\t\t\t<div class=\"elementor-column elementor-col-33 elementor-top-column elementor-element elementor-element-36ce145\" data-id=\"36ce145\" data-element_type=\"column\">\n\t\t\t<div class=\"elementor-widget-wrap elementor-element-populated\">\n\t\t\t\t\t\t<div class=\"elementor-element elementor-element-a94290e elementor-widget elementor-widget-shortcode\" data-id=\"a94290e\" data-element_type=\"widget\" data-widget_type=\"shortcode.default\">\n\t\t\t\t<div class=\"elementor-widget-container\">\n\t\t\t\t\t\t\t<div class=\"elementor-shortcode\"><div class=\"container p-0 m-0\">\n    <div class=\"row m-0 border\">\n        <div class=\"col-12 grid-didpd-body text-center\">\n            <img decoding=\"async\" src=\"https:\/\/www.macapflag.com\/1859846-home_default\/drapeau-france-a-agiter-pvc-10-x-15-cm-lot-de-100-ex.jpg\" alt=\"Lot de 100 Drapeaux France &agrave; agiter en PVC\" class=\"mx-auto\" \/>\n            <div class=\"grid-didpd-text\">\n                <a href=\"https:\/\/www.macapflag.com\/drapeau-france\/792073-drapeau-france-a-agiter-pvc-10-x-15-cm-lot-de-100-ex.html\" target=\"_blank\" class=\"stretched-link\">\n                    <h3>Lot de 100 Drapeaux France \u00e0 agiter en PVC<\/h3>\n                <\/a>\n            <\/div>\n                        <p class=\"text-center font-weight-bold\">34,00 \u20ac HT<\/p>            <div class=\"text-center\">\n                <button class=\"btn btn-primary\">Achat en ligne <\/button>\n            <\/div>\n        <\/div>\n    <\/div>\n<\/div>\n<\/div>\n\t\t\t\t\t\t<\/div>\n\t\t\t\t<\/div>\n\t\t\t\t\t<\/div>\n\t\t<\/div>\n\t\t\t\t<div class=\"elementor-column elementor-col-33 elementor-top-column elementor-element elementor-element-603dd1f\" data-id=\"603dd1f\" data-element_type=\"column\">\n\t\t\t<div class=\"elementor-widget-wrap elementor-element-populated\">\n\t\t\t\t\t\t<div class=\"elementor-element elementor-element-e004ce5 elementor-widget elementor-widget-shortcode\" data-id=\"e004ce5\" data-element_type=\"widget\" data-widget_type=\"shortcode.default\">\n\t\t\t\t<div class=\"elementor-widget-container\">\n\t\t\t\t\t\t\t<div class=\"elementor-shortcode\"><div class=\"container p-0 m-0\">\n    <div class=\"row m-0 border\">\n        <div class=\"col-12 grid-didpd-body text-center\">\n            <img decoding=\"async\" src=\"https:\/\/www.macapflag.com\/1858603-home_default\/roll-up-80x200-cmvisuel-rugby-modele-5.jpg\" alt=\"Roll up Allez la France bleu blanc rouge\" class=\"mx-auto\" \/>\n            <div class=\"grid-didpd-text\">\n                <a href=\"https:\/\/www.macapflag.com\/plv-evenements-sportifs\/791964-roll-up-80x200-cmvisuel-rugby-modele-5.html\" target=\"_blank\" class=\"stretched-link\">\n                    <h3>Roll up Allez la France bleu blanc rouge<\/h3>\n                <\/a>\n            <\/div>\n                        <p class=\"text-center font-weight-bold\">51,30 \u20ac HT<\/p>            <div class=\"text-center\">\n                <button class=\"btn btn-primary\">Achat en ligne <\/button>\n            <\/div>\n        <\/div>\n    <\/div>\n<\/div>\n<\/div>\n\t\t\t\t\t\t<\/div>\n\t\t\t\t<\/div>\n\t\t\t\t\t<\/div>\n\t\t<\/div>\n\t\t\t\t<div class=\"elementor-column elementor-col-33 elementor-top-column elementor-element elementor-element-23a7d54\" data-id=\"23a7d54\" data-element_type=\"column\">\n\t\t\t<div class=\"elementor-widget-wrap elementor-element-populated\">\n\t\t\t\t\t\t<div class=\"elementor-element elementor-element-f034526 elementor-widget elementor-widget-shortcode\" data-id=\"f034526\" data-element_type=\"widget\" data-widget_type=\"shortcode.default\">\n\t\t\t\t<div class=\"elementor-widget-container\">\n\t\t\t\t\t\t\t<div class=\"elementor-shortcode\"><div class=\"container p-0 m-0\">\n    <div class=\"row m-0\">\n        <div class=\"col-12 grid-didpd-body text-center\">\n                        <div class=\"text-center\">\n                <a href=\"https:\/\/www.macapflag.com\" target=\"_blank\" class=\"stretched-link\">\n                    <button class=\"btn btn-primary\">Visitez notre site Internet<\/button>\n                <\/a>\n            <\/div>\n        <\/div>\n    <\/div>\n<\/div>\n<\/div>\n\t\t\t\t\t\t<\/div>\n\t\t\t\t<\/div>\n\t\t\t\t\t<\/div>\n\t\t<\/div>\n\t\t\t\t\t<\/div>\n\t\t<\/section>\n\t\t\t\t<\/div>\n\t\t","protected":false},"excerpt":{"rendered":"<div class=\"tmnf_excerpt\"><p>Du 8 septembre au 28 octobre 2023, l\u2019\u00e9dition 2023 de la Coupe du monde de rugby a lieu en France. C\u2019est tout le territoire fran\u00e7ais qui est concern\u00e9 par cet \u00e9v\u00e9nement international. Si les matchs de demi-finales et la finale ont lieu au Stade France \u00e0 Paris, de nombreux matchs sont jou\u00e9s en province, \u00e0 &hellip;<\/p>\n<\/div>","protected":false},"author":2,"featured_media":13540,"comment_status":"closed","ping_status":"open","sticky":false,"template":"template-fullwidth.php","format":"standard","meta":{"footnotes":""},"categories":[92],"tags":[],"class_list":["post-13574","post","type-post","status-publish","format-standard","has-post-thumbnail","hentry","category-news"],"yoast_head":"<!-- This site is optimized with the Yoast SEO plugin v26.4 - https:\/\/yoast.com\/wordpress\/plugins\/seo\/ -->\n<title>Un stade une histoire. Tout savoir sur le stade Pierre Mauroy \u00e0 Lille<\/title>\n<meta name=\"description\" content=\"Tout savoir sur le stade Pierre Mauroy de Lille : astuces d&#039;acc\u00e8s, architecture, capacit\u00e9 d&#039;accueil et matchs de la coupe du monde de rugby\" \/>\n<meta name=\"robots\" content=\"index, follow, max-snippet:-1, max-image-preview:large, max-video-preview:-1\" \/>\n<link rel=\"canonical\" href=\"https:\/\/www.macapflag.com\/blog\/lille\/\" \/>\n<meta property=\"og:locale\" content=\"fr_FR\" \/>\n<meta property=\"og:type\" content=\"article\" \/>\n<meta property=\"og:title\" content=\"Un stade une histoire. Tout savoir sur le stade Pierre Mauroy \u00e0 Lille\" \/>\n<meta property=\"og:description\" content=\"Tout savoir sur le stade Pierre Mauroy de Lille : astuces d&#039;acc\u00e8s, architecture, capacit\u00e9 d&#039;accueil et matchs de la coupe du monde de rugby\" \/>\n<meta property=\"og:url\" content=\"https:\/\/www.macapflag.com\/blog\/lille\/\" \/>\n<meta property=\"og:site_name\" content=\"Blog - Macap\" \/>\n<meta property=\"article:publisher\" content=\"https:\/\/www.facebook.com\/macap.pavoisement\/\" \/>\n<meta property=\"article:published_time\" content=\"2023-07-11T06:00:00+00:00\" \/>\n<meta property=\"og:image\" content=\"https:\/\/www.macapflag.com\/blog\/wp-content\/uploads\/2023\/06\/Stade-Pierre-Mauroy-Lille-1.jpg\" \/>\n\t<meta property=\"og:image:width\" content=\"870\" \/>\n\t<meta property=\"og:image:height\" content=\"600\" \/>\n\t<meta property=\"og:image:type\" content=\"image\/jpeg\" \/>\n<meta name=\"author\" content=\"Blog Macap\" \/>\n<meta name=\"twitter:card\" content=\"summary_large_image\" \/>\n<meta name=\"twitter:label1\" content=\"\u00c9crit par\" \/>\n\t<meta name=\"twitter:data1\" content=\"Blog Macap\" \/>\n\t<meta name=\"twitter:label2\" content=\"Dur\u00e9e de lecture estim\u00e9e\" \/>\n\t<meta name=\"twitter:data2\" content=\"6 minutes\" \/>\n<script type=\"application\/ld+json\" class=\"yoast-schema-graph\">{\"@context\":\"https:\/\/schema.org\",\"@graph\":[{\"@type\":\"Article\",\"@id\":\"https:\/\/www.macapflag.com\/blog\/lille\/#article\",\"isPartOf\":{\"@id\":\"https:\/\/www.macapflag.com\/blog\/lille\/\"},\"author\":{\"name\":\"Blog Macap\",\"@id\":\"https:\/\/www.macapflag.com\/blog\/#\/schema\/person\/3fea701f2603875e651e6b662578fc3c\"},\"headline\":\"Un stade, une histoire, le stade Pierre Mauroy \u00e0 Lille\",\"datePublished\":\"2023-07-11T06:00:00+00:00\",\"mainEntityOfPage\":{\"@id\":\"https:\/\/www.macapflag.com\/blog\/lille\/\"},\"wordCount\":1197,\"publisher\":{\"@id\":\"https:\/\/www.macapflag.com\/blog\/#organization\"},\"image\":{\"@id\":\"https:\/\/www.macapflag.com\/blog\/lille\/#primaryimage\"},\"thumbnailUrl\":\"https:\/\/www.macapflag.com\/blog\/wp-content\/uploads\/2023\/06\/Stade-Pierre-Mauroy-Lille-1.jpg\",\"articleSection\":[\"News &amp; Actu\"],\"inLanguage\":\"fr-FR\"},{\"@type\":\"WebPage\",\"@id\":\"https:\/\/www.macapflag.com\/blog\/lille\/\",\"url\":\"https:\/\/www.macapflag.com\/blog\/lille\/\",\"name\":\"Un stade une histoire. Tout savoir sur le stade Pierre Mauroy \u00e0 Lille\",\"isPartOf\":{\"@id\":\"https:\/\/www.macapflag.com\/blog\/#website\"},\"primaryImageOfPage\":{\"@id\":\"https:\/\/www.macapflag.com\/blog\/lille\/#primaryimage\"},\"image\":{\"@id\":\"https:\/\/www.macapflag.com\/blog\/lille\/#primaryimage\"},\"thumbnailUrl\":\"https:\/\/www.macapflag.com\/blog\/wp-content\/uploads\/2023\/06\/Stade-Pierre-Mauroy-Lille-1.jpg\",\"datePublished\":\"2023-07-11T06:00:00+00:00\",\"description\":\"Tout savoir sur le stade Pierre Mauroy de Lille : astuces d'acc\u00e8s, architecture, capacit\u00e9 d'accueil et matchs de la coupe du monde de rugby\",\"breadcrumb\":{\"@id\":\"https:\/\/www.macapflag.com\/blog\/lille\/#breadcrumb\"},\"inLanguage\":\"fr-FR\",\"potentialAction\":[{\"@type\":\"ReadAction\",\"target\":[\"https:\/\/www.macapflag.com\/blog\/lille\/\"]}]},{\"@type\":\"ImageObject\",\"inLanguage\":\"fr-FR\",\"@id\":\"https:\/\/www.macapflag.com\/blog\/lille\/#primaryimage\",\"url\":\"https:\/\/www.macapflag.com\/blog\/wp-content\/uploads\/2023\/06\/Stade-Pierre-Mauroy-Lille-1.jpg\",\"contentUrl\":\"https:\/\/www.macapflag.com\/blog\/wp-content\/uploads\/2023\/06\/Stade-Pierre-Mauroy-Lille-1.jpg\",\"width\":870,\"height\":600,\"caption\":\"Infos et histoire du stade Pierre Mauroy \u00e0 Lille\"},{\"@type\":\"BreadcrumbList\",\"@id\":\"https:\/\/www.macapflag.com\/blog\/lille\/#breadcrumb\",\"itemListElement\":[{\"@type\":\"ListItem\",\"position\":1,\"name\":\"Accueil\",\"item\":\"https:\/\/www.macapflag.com\/blog\/\"},{\"@type\":\"ListItem\",\"position\":2,\"name\":\"Un stade, une histoire, le stade Pierre Mauroy \u00e0 Lille\"}]},{\"@type\":\"WebSite\",\"@id\":\"https:\/\/www.macapflag.com\/blog\/#website\",\"url\":\"https:\/\/www.macapflag.com\/blog\/\",\"name\":\"Blog - Macap\",\"description\":\"Tous nos articles\",\"publisher\":{\"@id\":\"https:\/\/www.macapflag.com\/blog\/#organization\"},\"potentialAction\":[{\"@type\":\"SearchAction\",\"target\":{\"@type\":\"EntryPoint\",\"urlTemplate\":\"https:\/\/www.macapflag.com\/blog\/?s={search_term_string}\"},\"query-input\":{\"@type\":\"PropertyValueSpecification\",\"valueRequired\":true,\"valueName\":\"search_term_string\"}}],\"inLanguage\":\"fr-FR\"},{\"@type\":\"Organization\",\"@id\":\"https:\/\/www.macapflag.com\/blog\/#organization\",\"name\":\"macapflag\",\"url\":\"https:\/\/www.macapflag.com\/blog\/\",\"logo\":{\"@type\":\"ImageObject\",\"inLanguage\":\"fr-FR\",\"@id\":\"https:\/\/www.macapflag.com\/blog\/#\/schema\/logo\/image\/\",\"url\":\"https:\/\/www.macapflag.com\/blog\/wp-content\/uploads\/2020\/12\/cropped-M-512-1.png\",\"contentUrl\":\"https:\/\/www.macapflag.com\/blog\/wp-content\/uploads\/2020\/12\/cropped-M-512-1.png\",\"width\":512,\"height\":512,\"caption\":\"macapflag\"},\"image\":{\"@id\":\"https:\/\/www.macapflag.com\/blog\/#\/schema\/logo\/image\/\"},\"sameAs\":[\"https:\/\/www.facebook.com\/macap.pavoisement\/\",\"https:\/\/www.instagram.com\/macapflag\/?hl=fr\",\"https:\/\/www.linkedin.com\/company\/macap\/?originalSubdomain=fr\",\"https:\/\/www.youtube.com\/channel\/UCXNzTIdZh9poEBjSXEqDtNw\"]},{\"@type\":\"Person\",\"@id\":\"https:\/\/www.macapflag.com\/blog\/#\/schema\/person\/3fea701f2603875e651e6b662578fc3c\",\"name\":\"Blog Macap\",\"image\":{\"@type\":\"ImageObject\",\"inLanguage\":\"fr-FR\",\"@id\":\"https:\/\/www.macapflag.com\/blog\/#\/schema\/person\/image\/\",\"url\":\"https:\/\/secure.gravatar.com\/avatar\/c12551f2dc51f0db049633b03e7856985477a70da834cc8967dea4ce54bdd6a2?s=96&d=mm&r=g\",\"contentUrl\":\"https:\/\/secure.gravatar.com\/avatar\/c12551f2dc51f0db049633b03e7856985477a70da834cc8967dea4ce54bdd6a2?s=96&d=mm&r=g\",\"caption\":\"Blog Macap\"},\"url\":\"https:\/\/www.macapflag.com\/blog\/author\/macap\/\"}]}<\/script>\n<!-- \/ Yoast SEO plugin. -->","yoast_head_json":{"title":"Un stade une histoire. Tout savoir sur le stade Pierre Mauroy \u00e0 Lille","description":"Tout savoir sur le stade Pierre Mauroy de Lille : astuces d'acc\u00e8s, architecture, capacit\u00e9 d'accueil et matchs de la coupe du monde de rugby","robots":{"index":"index","follow":"follow","max-snippet":"max-snippet:-1","max-image-preview":"max-image-preview:large","max-video-preview":"max-video-preview:-1"},"canonical":"https:\/\/www.macapflag.com\/blog\/lille\/","og_locale":"fr_FR","og_type":"article","og_title":"Un stade une histoire. Tout savoir sur le stade Pierre Mauroy \u00e0 Lille","og_description":"Tout savoir sur le stade Pierre Mauroy de Lille : astuces d'acc\u00e8s, architecture, capacit\u00e9 d'accueil et matchs de la coupe du monde de rugby","og_url":"https:\/\/www.macapflag.com\/blog\/lille\/","og_site_name":"Blog - Macap","article_publisher":"https:\/\/www.facebook.com\/macap.pavoisement\/","article_published_time":"2023-07-11T06:00:00+00:00","og_image":[{"width":870,"height":600,"url":"https:\/\/www.macapflag.com\/blog\/wp-content\/uploads\/2023\/06\/Stade-Pierre-Mauroy-Lille-1.jpg","type":"image\/jpeg"}],"author":"Blog Macap","twitter_card":"summary_large_image","twitter_misc":{"\u00c9crit par":"Blog Macap","Dur\u00e9e de lecture estim\u00e9e":"6 minutes"},"schema":{"@context":"https:\/\/schema.org","@graph":[{"@type":"Article","@id":"https:\/\/www.macapflag.com\/blog\/lille\/#article","isPartOf":{"@id":"https:\/\/www.macapflag.com\/blog\/lille\/"},"author":{"name":"Blog Macap","@id":"https:\/\/www.macapflag.com\/blog\/#\/schema\/person\/3fea701f2603875e651e6b662578fc3c"},"headline":"Un stade, une histoire, le stade Pierre Mauroy \u00e0 Lille","datePublished":"2023-07-11T06:00:00+00:00","mainEntityOfPage":{"@id":"https:\/\/www.macapflag.com\/blog\/lille\/"},"wordCount":1197,"publisher":{"@id":"https:\/\/www.macapflag.com\/blog\/#organization"},"image":{"@id":"https:\/\/www.macapflag.com\/blog\/lille\/#primaryimage"},"thumbnailUrl":"https:\/\/www.macapflag.com\/blog\/wp-content\/uploads\/2023\/06\/Stade-Pierre-Mauroy-Lille-1.jpg","articleSection":["News &amp; Actu"],"inLanguage":"fr-FR"},{"@type":"WebPage","@id":"https:\/\/www.macapflag.com\/blog\/lille\/","url":"https:\/\/www.macapflag.com\/blog\/lille\/","name":"Un stade une histoire. Tout savoir sur le stade Pierre Mauroy \u00e0 Lille","isPartOf":{"@id":"https:\/\/www.macapflag.com\/blog\/#website"},"primaryImageOfPage":{"@id":"https:\/\/www.macapflag.com\/blog\/lille\/#primaryimage"},"image":{"@id":"https:\/\/www.macapflag.com\/blog\/lille\/#primaryimage"},"thumbnailUrl":"https:\/\/www.macapflag.com\/blog\/wp-content\/uploads\/2023\/06\/Stade-Pierre-Mauroy-Lille-1.jpg","datePublished":"2023-07-11T06:00:00+00:00","description":"Tout savoir sur le stade Pierre Mauroy de Lille : astuces d'acc\u00e8s, architecture, capacit\u00e9 d'accueil et matchs de la coupe du monde de rugby","breadcrumb":{"@id":"https:\/\/www.macapflag.com\/blog\/lille\/#breadcrumb"},"inLanguage":"fr-FR","potentialAction":[{"@type":"ReadAction","target":["https:\/\/www.macapflag.com\/blog\/lille\/"]}]},{"@type":"ImageObject","inLanguage":"fr-FR","@id":"https:\/\/www.macapflag.com\/blog\/lille\/#primaryimage","url":"https:\/\/www.macapflag.com\/blog\/wp-content\/uploads\/2023\/06\/Stade-Pierre-Mauroy-Lille-1.jpg","contentUrl":"https:\/\/www.macapflag.com\/blog\/wp-content\/uploads\/2023\/06\/Stade-Pierre-Mauroy-Lille-1.jpg","width":870,"height":600,"caption":"Infos et histoire du stade Pierre Mauroy \u00e0 Lille"},{"@type":"BreadcrumbList","@id":"https:\/\/www.macapflag.com\/blog\/lille\/#breadcrumb","itemListElement":[{"@type":"ListItem","position":1,"name":"Accueil","item":"https:\/\/www.macapflag.com\/blog\/"},{"@type":"ListItem","position":2,"name":"Un stade, une histoire, le stade Pierre Mauroy \u00e0 Lille"}]},{"@type":"WebSite","@id":"https:\/\/www.macapflag.com\/blog\/#website","url":"https:\/\/www.macapflag.com\/blog\/","name":"Blog - Macap","description":"Tous nos articles","publisher":{"@id":"https:\/\/www.macapflag.com\/blog\/#organization"},"potentialAction":[{"@type":"SearchAction","target":{"@type":"EntryPoint","urlTemplate":"https:\/\/www.macapflag.com\/blog\/?s={search_term_string}"},"query-input":{"@type":"PropertyValueSpecification","valueRequired":true,"valueName":"search_term_string"}}],"inLanguage":"fr-FR"},{"@type":"Organization","@id":"https:\/\/www.macapflag.com\/blog\/#organization","name":"macapflag","url":"https:\/\/www.macapflag.com\/blog\/","logo":{"@type":"ImageObject","inLanguage":"fr-FR","@id":"https:\/\/www.macapflag.com\/blog\/#\/schema\/logo\/image\/","url":"https:\/\/www.macapflag.com\/blog\/wp-content\/uploads\/2020\/12\/cropped-M-512-1.png","contentUrl":"https:\/\/www.macapflag.com\/blog\/wp-content\/uploads\/2020\/12\/cropped-M-512-1.png","width":512,"height":512,"caption":"macapflag"},"image":{"@id":"https:\/\/www.macapflag.com\/blog\/#\/schema\/logo\/image\/"},"sameAs":["https:\/\/www.facebook.com\/macap.pavoisement\/","https:\/\/www.instagram.com\/macapflag\/?hl=fr","https:\/\/www.linkedin.com\/company\/macap\/?originalSubdomain=fr","https:\/\/www.youtube.com\/channel\/UCXNzTIdZh9poEBjSXEqDtNw"]},{"@type":"Person","@id":"https:\/\/www.macapflag.com\/blog\/#\/schema\/person\/3fea701f2603875e651e6b662578fc3c","name":"Blog Macap","image":{"@type":"ImageObject","inLanguage":"fr-FR","@id":"https:\/\/www.macapflag.com\/blog\/#\/schema\/person\/image\/","url":"https:\/\/secure.gravatar.com\/avatar\/c12551f2dc51f0db049633b03e7856985477a70da834cc8967dea4ce54bdd6a2?s=96&d=mm&r=g","contentUrl":"https:\/\/secure.gravatar.com\/avatar\/c12551f2dc51f0db049633b03e7856985477a70da834cc8967dea4ce54bdd6a2?s=96&d=mm&r=g","caption":"Blog Macap"},"url":"https:\/\/www.macapflag.com\/blog\/author\/macap\/"}]}},"_links":{"self":[{"href":"https:\/\/www.macapflag.com\/blog\/wp-json\/wp\/v2\/posts\/13574","targetHints":{"allow":["GET"]}}],"collection":[{"href":"https:\/\/www.macapflag.com\/blog\/wp-json\/wp\/v2\/posts"}],"about":[{"href":"https:\/\/www.macapflag.com\/blog\/wp-json\/wp\/v2\/types\/post"}],"author":[{"embeddable":true,"href":"https:\/\/www.macapflag.com\/blog\/wp-json\/wp\/v2\/users\/2"}],"replies":[{"embeddable":true,"href":"https:\/\/www.macapflag.com\/blog\/wp-json\/wp\/v2\/comments?post=13574"}],"version-history":[{"count":23,"href":"https:\/\/www.macapflag.com\/blog\/wp-json\/wp\/v2\/posts\/13574\/revisions"}],"predecessor-version":[{"id":13944,"href":"https:\/\/www.macapflag.com\/blog\/wp-json\/wp\/v2\/posts\/13574\/revisions\/13944"}],"wp:featuredmedia":[{"embeddable":true,"href":"https:\/\/www.macapflag.com\/blog\/wp-json\/wp\/v2\/media\/13540"}],"wp:attachment":[{"href":"https:\/\/www.macapflag.com\/blog\/wp-json\/wp\/v2\/media?parent=13574"}],"wp:term":[{"taxonomy":"category","embeddable":true,"href":"https:\/\/www.macapflag.com\/blog\/wp-json\/wp\/v2\/categories?post=13574"},{"taxonomy":"post_tag","embeddable":true,"href":"https:\/\/www.macapflag.com\/blog\/wp-json\/wp\/v2\/tags?post=13574"}],"curies":[{"name":"wp","href":"https:\/\/api.w.org\/{rel}","templated":true}]}}