{"id":13814,"date":"2023-08-07T08:00:00","date_gmt":"2023-08-07T06:00:00","guid":{"rendered":"https:\/\/www.macapflag.com\/blog\/?p=13814"},"modified":"2023-07-17T10:00:17","modified_gmt":"2023-07-17T08:00:17","slug":"un-stade-une-histoire-le-stade-de-nice","status":"publish","type":"post","link":"https:\/\/www.macapflag.com\/blog\/un-stade-une-histoire-le-stade-de-nice\/","title":{"rendered":"Un stade, une histoire, le stade de Nice"},"content":{"rendered":"\t\t<div data-elementor-type=\"wp-post\" data-elementor-id=\"13814\" class=\"elementor elementor-13814\">\n\t\t\t\t\t\t<section class=\"elementor-section elementor-top-section elementor-element elementor-element-9f10d29 elementor-section-boxed elementor-section-height-default elementor-section-height-default\" data-id=\"9f10d29\" data-element_type=\"section\">\n\t\t\t\t\t\t<div class=\"elementor-container elementor-column-gap-default\">\n\t\t\t\t\t<div class=\"elementor-column elementor-col-100 elementor-top-column elementor-element elementor-element-816f8cb\" data-id=\"816f8cb\" data-element_type=\"column\">\n\t\t\t<div class=\"elementor-widget-wrap elementor-element-populated\">\n\t\t\t\t\t\t<div class=\"elementor-element elementor-element-97b8876 elementor-widget elementor-widget-text-editor\" data-id=\"97b8876\" data-element_type=\"widget\" data-widget_type=\"text-editor.default\">\n\t\t\t\t<div class=\"elementor-widget-container\">\n\t\t\t\t\t\t\t\t\t<p>Du 8 septembre au 28 octobre 2023, l\u2019\u00e9dition 2023 de la Coupe du monde de rugby a lieu en France. C\u2019est tout le territoire fran\u00e7ais qui est concern\u00e9 par cet \u00e9v\u00e9nement international. Si les matchs de demi-finales et la finale ont lieu au Stade France \u00e0 Paris, de nombreux matchs sont jou\u00e9s en province, \u00e0 Marseille, \u00e0 Nice, \u00e0 Nantes, Lille, Toulouse, Lyon, Saint-Etienne et Bordeaux.<\/p><p>\u00c0 l\u2019occasion de cette Coupe du monde, nous avons choisi de faire un gros plan sur ces stades embl\u00e9matiques, sur l\u2019histoire de ces lieux, presque sacr\u00e9s, de rassemblement et de ferveur sportive. C\u2019est aujourd\u2019hui le stade de Nice que nous mettons \u00e0 l\u2019honneur.<\/p>\t\t\t\t\t\t\t\t<\/div>\n\t\t\t\t<\/div>\n\t\t\t\t\t<\/div>\n\t\t<\/div>\n\t\t\t\t\t<\/div>\n\t\t<\/section>\n\t\t\t\t<section class=\"elementor-section elementor-top-section elementor-element elementor-element-5ef818d elementor-section-boxed elementor-section-height-default elementor-section-height-default\" data-id=\"5ef818d\" data-element_type=\"section\">\n\t\t\t\t\t\t<div class=\"elementor-container elementor-column-gap-default\">\n\t\t\t\t\t<div class=\"elementor-column elementor-col-100 elementor-top-column elementor-element elementor-element-5aab652\" data-id=\"5aab652\" data-element_type=\"column\">\n\t\t\t<div class=\"elementor-widget-wrap elementor-element-populated\">\n\t\t\t\t\t\t<div class=\"elementor-element elementor-element-b1e1d05 elementor-widget elementor-widget-text-editor\" data-id=\"b1e1d05\" data-element_type=\"widget\" data-widget_type=\"text-editor.default\">\n\t\t\t\t<div class=\"elementor-widget-container\">\n\t\t\t\t\t\t\t\t\t<h2>O\u00f9 est situ\u00e9 le stade ?<\/h2>\t\t\t\t\t\t\t\t<\/div>\n\t\t\t\t<\/div>\n\t\t\t\t\t<\/div>\n\t\t<\/div>\n\t\t\t\t\t<\/div>\n\t\t<\/section>\n\t\t\t\t<section class=\"elementor-section elementor-top-section elementor-element elementor-element-b8d3de6 elementor-section-boxed elementor-section-height-default elementor-section-height-default\" data-id=\"b8d3de6\" data-element_type=\"section\">\n\t\t\t\t\t\t<div class=\"elementor-container elementor-column-gap-default\">\n\t\t\t\t\t<div class=\"elementor-column elementor-col-100 elementor-top-column elementor-element elementor-element-a9a7e94\" data-id=\"a9a7e94\" data-element_type=\"column\">\n\t\t\t<div class=\"elementor-widget-wrap elementor-element-populated\">\n\t\t\t\t\t\t<div class=\"elementor-element elementor-element-75db845 elementor-widget elementor-widget-text-editor\" data-id=\"75db845\" data-element_type=\"widget\" data-widget_type=\"text-editor.default\">\n\t\t\t\t<div class=\"elementor-widget-container\">\n\t\t\t\t\t\t\t\t\t<p>Appel\u00e9 aussi L\u2019Allianz Riviera ou stade Riviera, le stade de Nice est un stade multifonction situ\u00e9 dans le quartier Saint-Isidore \u00e0 Nice, dans la plaine du fleuve le Var dans les Alpes-Maritimes.<\/p>\t\t\t\t\t\t\t\t<\/div>\n\t\t\t\t<\/div>\n\t\t\t\t\t<\/div>\n\t\t<\/div>\n\t\t\t\t\t<\/div>\n\t\t<\/section>\n\t\t\t\t<section class=\"elementor-section elementor-top-section elementor-element elementor-element-956e4df elementor-section-boxed elementor-section-height-default elementor-section-height-default\" data-id=\"956e4df\" data-element_type=\"section\">\n\t\t\t\t\t\t<div class=\"elementor-container elementor-column-gap-default\">\n\t\t\t\t\t<div class=\"elementor-column elementor-col-100 elementor-top-column elementor-element elementor-element-a886709\" data-id=\"a886709\" data-element_type=\"column\">\n\t\t\t<div class=\"elementor-widget-wrap elementor-element-populated\">\n\t\t\t\t\t\t<div class=\"elementor-element elementor-element-cdd8132 elementor-widget elementor-widget-text-editor\" data-id=\"cdd8132\" data-element_type=\"widget\" data-widget_type=\"text-editor.default\">\n\t\t\t\t<div class=\"elementor-widget-container\">\n\t\t\t\t\t\t\t\t\t<h3>Comment acc\u00e9der au stade ?<\/h3>\t\t\t\t\t\t\t\t<\/div>\n\t\t\t\t<\/div>\n\t\t\t\t\t<\/div>\n\t\t<\/div>\n\t\t\t\t\t<\/div>\n\t\t<\/section>\n\t\t\t\t<section class=\"elementor-section elementor-top-section elementor-element elementor-element-4430ccd elementor-section-boxed elementor-section-height-default elementor-section-height-default\" data-id=\"4430ccd\" data-element_type=\"section\">\n\t\t\t\t\t\t<div class=\"elementor-container elementor-column-gap-default\">\n\t\t\t\t\t<div class=\"elementor-column elementor-col-100 elementor-top-column elementor-element elementor-element-9038cc3\" data-id=\"9038cc3\" data-element_type=\"column\">\n\t\t\t<div class=\"elementor-widget-wrap elementor-element-populated\">\n\t\t\t\t\t\t<div class=\"elementor-element elementor-element-402ac07 elementor-widget elementor-widget-text-editor\" data-id=\"402ac07\" data-element_type=\"widget\" data-widget_type=\"text-editor.default\">\n\t\t\t\t<div class=\"elementor-widget-container\">\n\t\t\t\t\t\t\t\t\t<p>En transport en commun, les jours de match, les tramways T2 et T3 direction Saint-Isidore (depuis le centre-ville) se rendront directement au Stade 4 heures avant le coup d\u2019envoi. <br \/>Toutes les informations concernant les transports de l\u2019agglom\u00e9ration ni\u00e7oise sur : <span style=\"color: #3366ff;\"><a style=\"color: #3366ff;\" href=\"https:\/\/www.lignesdazur.com\">https:\/\/www.lignesdazur.com<\/a><\/span>.<\/p>\t\t\t\t\t\t\t\t<\/div>\n\t\t\t\t<\/div>\n\t\t\t\t\t<\/div>\n\t\t<\/div>\n\t\t\t\t\t<\/div>\n\t\t<\/section>\n\t\t\t\t<section class=\"elementor-section elementor-top-section elementor-element elementor-element-5f17b54 elementor-section-boxed elementor-section-height-default elementor-section-height-default\" data-id=\"5f17b54\" data-element_type=\"section\">\n\t\t\t\t\t\t<div class=\"elementor-container elementor-column-gap-default\">\n\t\t\t\t\t<div class=\"elementor-column elementor-col-100 elementor-top-column elementor-element elementor-element-1de40b1\" data-id=\"1de40b1\" data-element_type=\"column\">\n\t\t\t<div class=\"elementor-widget-wrap elementor-element-populated\">\n\t\t\t\t\t\t<div class=\"elementor-element elementor-element-41a1fcb elementor-widget elementor-widget-text-editor\" data-id=\"41a1fcb\" data-element_type=\"widget\" data-widget_type=\"text-editor.default\">\n\t\t\t\t<div class=\"elementor-widget-container\">\n\t\t\t\t\t\t\t\t\t<h4>En tramway<\/h4>\t\t\t\t\t\t\t\t<\/div>\n\t\t\t\t<\/div>\n\t\t\t\t\t<\/div>\n\t\t<\/div>\n\t\t\t\t\t<\/div>\n\t\t<\/section>\n\t\t\t\t<section class=\"elementor-section elementor-top-section elementor-element elementor-element-9a55453 elementor-section-boxed elementor-section-height-default elementor-section-height-default\" data-id=\"9a55453\" data-element_type=\"section\">\n\t\t\t\t\t\t<div class=\"elementor-container elementor-column-gap-default\">\n\t\t\t\t\t<div class=\"elementor-column elementor-col-100 elementor-top-column elementor-element elementor-element-57045b1\" data-id=\"57045b1\" data-element_type=\"column\">\n\t\t\t<div class=\"elementor-widget-wrap elementor-element-populated\">\n\t\t\t\t\t\t<div class=\"elementor-element elementor-element-3215464 elementor-widget elementor-widget-text-editor\" data-id=\"3215464\" data-element_type=\"widget\" data-widget_type=\"text-editor.default\">\n\t\t\t\t<div class=\"elementor-widget-container\">\n\t\t\t\t\t\t\t\t\t<ul><li>Depuis la gare de Thiers \u2013 Ligne T1 : Direction H\u00f4pital Pasteur, arr\u00eat Jean M\u00e9decin \/ Ligne T2<\/li><li>Depuis le centre-ville \u2013 Ligne T2 : Direction CADAM, arr\u00eat Grand Arenas \/ Ligne T3 : Direction Saint-Isidore, arr\u00eat Stade<\/li><li>Depuis l\u2019a\u00e9roport \u2013 Ligne T3 : Direction Saint-Isidore, arr\u00eat Stade<\/li><\/ul>\t\t\t\t\t\t\t\t<\/div>\n\t\t\t\t<\/div>\n\t\t\t\t\t<\/div>\n\t\t<\/div>\n\t\t\t\t\t<\/div>\n\t\t<\/section>\n\t\t\t\t<section class=\"elementor-section elementor-top-section elementor-element elementor-element-a0e8b71 elementor-section-boxed elementor-section-height-default elementor-section-height-default\" data-id=\"a0e8b71\" data-element_type=\"section\">\n\t\t\t\t\t\t<div class=\"elementor-container elementor-column-gap-default\">\n\t\t\t\t\t<div class=\"elementor-column elementor-col-100 elementor-top-column elementor-element elementor-element-cd9070b\" data-id=\"cd9070b\" data-element_type=\"column\">\n\t\t\t<div class=\"elementor-widget-wrap elementor-element-populated\">\n\t\t\t\t\t\t<div class=\"elementor-element elementor-element-31c4d52 elementor-widget elementor-widget-text-editor\" data-id=\"31c4d52\" data-element_type=\"widget\" data-widget_type=\"text-editor.default\">\n\t\t\t\t<div class=\"elementor-widget-container\">\n\t\t\t\t\t\t\t\t\t<h4>En TER<\/h4>\t\t\t\t\t\t\t\t<\/div>\n\t\t\t\t<\/div>\n\t\t\t\t\t<\/div>\n\t\t<\/div>\n\t\t\t\t\t<\/div>\n\t\t<\/section>\n\t\t\t\t<section class=\"elementor-section elementor-top-section elementor-element elementor-element-d457940 elementor-section-boxed elementor-section-height-default elementor-section-height-default\" data-id=\"d457940\" data-element_type=\"section\">\n\t\t\t\t\t\t<div class=\"elementor-container elementor-column-gap-default\">\n\t\t\t\t\t<div class=\"elementor-column elementor-col-100 elementor-top-column elementor-element elementor-element-88d958d\" data-id=\"88d958d\" data-element_type=\"column\">\n\t\t\t<div class=\"elementor-widget-wrap elementor-element-populated\">\n\t\t\t\t\t\t<div class=\"elementor-element elementor-element-9c98362 elementor-widget elementor-widget-text-editor\" data-id=\"9c98362\" data-element_type=\"widget\" data-widget_type=\"text-editor.default\">\n\t\t\t\t<div class=\"elementor-widget-container\">\n\t\t\t\t\t\t\t\t\t<ul><li>Ligne Chemin de fer de Provence \u2013 Arr\u00eat Saint-Isidore (10 min \u00e0 pied du stade)<\/li><\/ul>\t\t\t\t\t\t\t\t<\/div>\n\t\t\t\t<\/div>\n\t\t\t\t\t<\/div>\n\t\t<\/div>\n\t\t\t\t\t<\/div>\n\t\t<\/section>\n\t\t\t\t<section class=\"elementor-section elementor-top-section elementor-element elementor-element-2e4dfe4 elementor-section-boxed elementor-section-height-default elementor-section-height-default\" data-id=\"2e4dfe4\" data-element_type=\"section\">\n\t\t\t\t\t\t<div class=\"elementor-container elementor-column-gap-default\">\n\t\t\t\t\t<div class=\"elementor-column elementor-col-100 elementor-top-column elementor-element elementor-element-290e7f3\" data-id=\"290e7f3\" data-element_type=\"column\">\n\t\t\t<div class=\"elementor-widget-wrap elementor-element-populated\">\n\t\t\t\t\t\t<div class=\"elementor-element elementor-element-80f234f elementor-widget elementor-widget-text-editor\" data-id=\"80f234f\" data-element_type=\"widget\" data-widget_type=\"text-editor.default\">\n\t\t\t\t<div class=\"elementor-widget-container\">\n\t\t\t\t\t\t\t\t\t<h4>En navettes<\/h4>\t\t\t\t\t\t\t\t<\/div>\n\t\t\t\t<\/div>\n\t\t\t\t\t<\/div>\n\t\t<\/div>\n\t\t\t\t\t<\/div>\n\t\t<\/section>\n\t\t\t\t<section class=\"elementor-section elementor-top-section elementor-element elementor-element-2bc829c elementor-section-boxed elementor-section-height-default elementor-section-height-default\" data-id=\"2bc829c\" data-element_type=\"section\">\n\t\t\t\t\t\t<div class=\"elementor-container elementor-column-gap-default\">\n\t\t\t\t\t<div class=\"elementor-column elementor-col-100 elementor-top-column elementor-element elementor-element-1a79616\" data-id=\"1a79616\" data-element_type=\"column\">\n\t\t\t<div class=\"elementor-widget-wrap elementor-element-populated\">\n\t\t\t\t\t\t<div class=\"elementor-element elementor-element-a046240 elementor-widget elementor-widget-text-editor\" data-id=\"a046240\" data-element_type=\"widget\" data-widget_type=\"text-editor.default\">\n\t\t\t\t<div class=\"elementor-widget-container\">\n\t\t\t\t\t\t\t\t\t<ul><li>Mise en place de navettes depuis le Village Rugby du Jardin Albert I\u1d49\u02b3<\/li><\/ul>\t\t\t\t\t\t\t\t<\/div>\n\t\t\t\t<\/div>\n\t\t\t\t\t<\/div>\n\t\t<\/div>\n\t\t\t\t\t<\/div>\n\t\t<\/section>\n\t\t\t\t<section class=\"elementor-section elementor-top-section elementor-element elementor-element-4f80e86 elementor-section-boxed elementor-section-height-default elementor-section-height-default\" data-id=\"4f80e86\" data-element_type=\"section\">\n\t\t\t\t\t\t<div class=\"elementor-container elementor-column-gap-default\">\n\t\t\t\t\t<div class=\"elementor-column elementor-col-100 elementor-top-column elementor-element elementor-element-72f1532\" data-id=\"72f1532\" data-element_type=\"column\">\n\t\t\t<div class=\"elementor-widget-wrap elementor-element-populated\">\n\t\t\t\t\t\t<div class=\"elementor-element elementor-element-d88e5a7 elementor-widget elementor-widget-text-editor\" data-id=\"d88e5a7\" data-element_type=\"widget\" data-widget_type=\"text-editor.default\">\n\t\t\t\t<div class=\"elementor-widget-container\">\n\t\t\t\t\t\t\t\t\t<h4>En voiture<\/h4>\t\t\t\t\t\t\t\t<\/div>\n\t\t\t\t<\/div>\n\t\t\t\t\t<\/div>\n\t\t<\/div>\n\t\t\t\t\t<\/div>\n\t\t<\/section>\n\t\t\t\t<section class=\"elementor-section elementor-top-section elementor-element elementor-element-16086fd elementor-section-boxed elementor-section-height-default elementor-section-height-default\" data-id=\"16086fd\" data-element_type=\"section\">\n\t\t\t\t\t\t<div class=\"elementor-container elementor-column-gap-default\">\n\t\t\t\t\t<div class=\"elementor-column elementor-col-100 elementor-top-column elementor-element elementor-element-3cdb19e\" data-id=\"3cdb19e\" data-element_type=\"column\">\n\t\t\t<div class=\"elementor-widget-wrap elementor-element-populated\">\n\t\t\t\t\t\t<div class=\"elementor-element elementor-element-c807057 elementor-widget elementor-widget-text-editor\" data-id=\"c807057\" data-element_type=\"widget\" data-widget_type=\"text-editor.default\">\n\t\t\t\t<div class=\"elementor-widget-container\">\n\t\t\t\t\t\t\t\t\t<ul><li>Parkings voitures \u2013 P4, P5 et Parking du M.I.N<\/li><li>Parking PMR\/PSH \u2013 P0<br \/>Une place de parking est incluse pour toute r\u00e9servation d&#8217;un billet PMR\/PSH dans la limite des places disponibles.<\/li><\/ul>\t\t\t\t\t\t\t\t<\/div>\n\t\t\t\t<\/div>\n\t\t\t\t\t<\/div>\n\t\t<\/div>\n\t\t\t\t\t<\/div>\n\t\t<\/section>\n\t\t\t\t<section class=\"elementor-section elementor-top-section elementor-element elementor-element-22c69d3 elementor-section-boxed elementor-section-height-default elementor-section-height-default\" data-id=\"22c69d3\" data-element_type=\"section\">\n\t\t\t\t\t\t<div class=\"elementor-container elementor-column-gap-default\">\n\t\t\t\t\t<div class=\"elementor-column elementor-col-100 elementor-top-column elementor-element elementor-element-b0db68b\" data-id=\"b0db68b\" data-element_type=\"column\">\n\t\t\t<div class=\"elementor-widget-wrap elementor-element-populated\">\n\t\t\t\t\t\t<div class=\"elementor-element elementor-element-2ebbb6a elementor-widget-divider--view-line elementor-widget elementor-widget-divider\" data-id=\"2ebbb6a\" data-element_type=\"widget\" data-widget_type=\"divider.default\">\n\t\t\t\t<div class=\"elementor-widget-container\">\n\t\t\t\t\t\t\t<div class=\"elementor-divider\">\n\t\t\t<span class=\"elementor-divider-separator\">\n\t\t\t\t\t\t<\/span>\n\t\t<\/div>\n\t\t\t\t\t\t<\/div>\n\t\t\t\t<\/div>\n\t\t\t\t\t<\/div>\n\t\t<\/div>\n\t\t\t\t\t<\/div>\n\t\t<\/section>\n\t\t\t\t<section class=\"elementor-section elementor-top-section elementor-element elementor-element-12bc6d1 elementor-section-boxed elementor-section-height-default elementor-section-height-default\" data-id=\"12bc6d1\" data-element_type=\"section\">\n\t\t\t\t\t\t<div class=\"elementor-container elementor-column-gap-default\">\n\t\t\t\t\t<div class=\"elementor-column elementor-col-100 elementor-top-column elementor-element elementor-element-9e5227c\" data-id=\"9e5227c\" data-element_type=\"column\">\n\t\t\t<div class=\"elementor-widget-wrap elementor-element-populated\">\n\t\t\t\t\t\t<div class=\"elementor-element elementor-element-95b2442 elementor-widget elementor-widget-image\" data-id=\"95b2442\" data-element_type=\"widget\" data-widget_type=\"image.default\">\n\t\t\t\t<div class=\"elementor-widget-container\">\n\t\t\t\t\t\t\t\t\t\t\t\t\t\t\t<img fetchpriority=\"high\" decoding=\"async\" width=\"700\" height=\"534\" src=\"https:\/\/www.macapflag.com\/blog\/wp-content\/uploads\/2023\/06\/Stade-Nice-riviera-2.jpg\" class=\"attachment-large size-large wp-image-13549\" alt=\"Stade Allianz Riviera \u00e0 Nice coupe du monde de rugby\" srcset=\"https:\/\/www.macapflag.com\/blog\/wp-content\/uploads\/2023\/06\/Stade-Nice-riviera-2.jpg 700w, https:\/\/www.macapflag.com\/blog\/wp-content\/uploads\/2023\/06\/Stade-Nice-riviera-2-300x229.jpg 300w\" sizes=\"(max-width: 700px) 100vw, 700px\" \/>\t\t\t\t\t\t\t\t\t\t\t\t\t\t\t<\/div>\n\t\t\t\t<\/div>\n\t\t\t\t\t<\/div>\n\t\t<\/div>\n\t\t\t\t\t<\/div>\n\t\t<\/section>\n\t\t\t\t<section class=\"elementor-section elementor-top-section elementor-element elementor-element-54c7513 elementor-section-boxed elementor-section-height-default elementor-section-height-default\" data-id=\"54c7513\" data-element_type=\"section\">\n\t\t\t\t\t\t<div class=\"elementor-container elementor-column-gap-default\">\n\t\t\t\t\t<div class=\"elementor-column elementor-col-100 elementor-top-column elementor-element elementor-element-4cae806\" data-id=\"4cae806\" data-element_type=\"column\">\n\t\t\t<div class=\"elementor-widget-wrap elementor-element-populated\">\n\t\t\t\t\t\t<div class=\"elementor-element elementor-element-5143206 elementor-widget elementor-widget-text-editor\" data-id=\"5143206\" data-element_type=\"widget\" data-widget_type=\"text-editor.default\">\n\t\t\t\t<div class=\"elementor-widget-container\">\n\t\t\t\t\t\t\t\t\t<h2>Quand a \u00e9t\u00e9 construit le stade de Nice ?<\/h2>\t\t\t\t\t\t\t\t<\/div>\n\t\t\t\t<\/div>\n\t\t\t\t\t<\/div>\n\t\t<\/div>\n\t\t\t\t\t<\/div>\n\t\t<\/section>\n\t\t\t\t<section class=\"elementor-section elementor-top-section elementor-element elementor-element-0e889dd elementor-section-boxed elementor-section-height-default elementor-section-height-default\" data-id=\"0e889dd\" data-element_type=\"section\">\n\t\t\t\t\t\t<div class=\"elementor-container elementor-column-gap-default\">\n\t\t\t\t\t<div class=\"elementor-column elementor-col-100 elementor-top-column elementor-element elementor-element-4a70682\" data-id=\"4a70682\" data-element_type=\"column\">\n\t\t\t<div class=\"elementor-widget-wrap elementor-element-populated\">\n\t\t\t\t\t\t<div class=\"elementor-element elementor-element-53bfb12 elementor-widget elementor-widget-text-editor\" data-id=\"53bfb12\" data-element_type=\"widget\" data-widget_type=\"text-editor.default\">\n\t\t\t\t<div class=\"elementor-widget-container\">\n\t\t\t\t\t\t\t\t\t<p>Le stade a \u00e9t\u00e9 inaugur\u00e9 le 22 septembre 2013 apr\u00e8s deux ann\u00e9es de travaux.<\/p>\t\t\t\t\t\t\t\t<\/div>\n\t\t\t\t<\/div>\n\t\t\t\t\t<\/div>\n\t\t<\/div>\n\t\t\t\t\t<\/div>\n\t\t<\/section>\n\t\t\t\t<section class=\"elementor-section elementor-top-section elementor-element elementor-element-e5d0abc elementor-section-boxed elementor-section-height-default elementor-section-height-default\" data-id=\"e5d0abc\" data-element_type=\"section\">\n\t\t\t\t\t\t<div class=\"elementor-container elementor-column-gap-default\">\n\t\t\t\t\t<div class=\"elementor-column elementor-col-100 elementor-top-column elementor-element elementor-element-a708942\" data-id=\"a708942\" data-element_type=\"column\">\n\t\t\t<div class=\"elementor-widget-wrap elementor-element-populated\">\n\t\t\t\t\t\t<div class=\"elementor-element elementor-element-b60eeaf elementor-widget elementor-widget-text-editor\" data-id=\"b60eeaf\" data-element_type=\"widget\" data-widget_type=\"text-editor.default\">\n\t\t\t\t<div class=\"elementor-widget-container\">\n\t\t\t\t\t\t\t\t\t<h2>Pourquoi la construction de ce stade ?<\/h2>\t\t\t\t\t\t\t\t<\/div>\n\t\t\t\t<\/div>\n\t\t\t\t\t<\/div>\n\t\t<\/div>\n\t\t\t\t\t<\/div>\n\t\t<\/section>\n\t\t\t\t<section class=\"elementor-section elementor-top-section elementor-element elementor-element-0fb3656 elementor-section-boxed elementor-section-height-default elementor-section-height-default\" data-id=\"0fb3656\" data-element_type=\"section\">\n\t\t\t\t\t\t<div class=\"elementor-container elementor-column-gap-default\">\n\t\t\t\t\t<div class=\"elementor-column elementor-col-100 elementor-top-column elementor-element elementor-element-fad3ba8\" data-id=\"fad3ba8\" data-element_type=\"column\">\n\t\t\t<div class=\"elementor-widget-wrap elementor-element-populated\">\n\t\t\t\t\t\t<div class=\"elementor-element elementor-element-c594ce0 elementor-widget elementor-widget-text-editor\" data-id=\"c594ce0\" data-element_type=\"widget\" data-widget_type=\"text-editor.default\">\n\t\t\t\t<div class=\"elementor-widget-container\">\n\t\t\t\t\t\t\t\t\t<p>Plusieurs projets de stade ayant pour vocation de remplacer le stade du Ray, stade historique de football \u00e0 Nice, n\u2019ont jamais vu le jour.<br \/>En 2008, Christian Estrosi d\u00e9put\u00e9 maitre de Nice, relance le projet d\u2019un grand et nouveau stade pour accueillir l\u2019OGC Nice et des comp\u00e9titions d\u2019envergure internationale.<br \/>Le stade est le premier \u00e9quipement structurant de l\u2019\u00c9co Vall\u00e9e Plaine du Var, class\u00e9e Op\u00e9ration d\u2019Int\u00e9r\u00eat National. Le quartier souhaite se d\u00e9velopper sur des bases d\u2019\u00e9co-exemplarit\u00e9.<\/p>\t\t\t\t\t\t\t\t<\/div>\n\t\t\t\t<\/div>\n\t\t\t\t\t<\/div>\n\t\t<\/div>\n\t\t\t\t\t<\/div>\n\t\t<\/section>\n\t\t\t\t<section class=\"elementor-section elementor-top-section elementor-element elementor-element-c321711 elementor-section-boxed elementor-section-height-default elementor-section-height-default\" data-id=\"c321711\" data-element_type=\"section\">\n\t\t\t\t\t\t<div class=\"elementor-container elementor-column-gap-default\">\n\t\t\t\t\t<div class=\"elementor-column elementor-col-100 elementor-top-column elementor-element elementor-element-fddabbf\" data-id=\"fddabbf\" data-element_type=\"column\">\n\t\t\t<div class=\"elementor-widget-wrap elementor-element-populated\">\n\t\t\t\t\t\t<div class=\"elementor-element elementor-element-eb0ce94 elementor-widget elementor-widget-text-editor\" data-id=\"eb0ce94\" data-element_type=\"widget\" data-widget_type=\"text-editor.default\">\n\t\t\t\t<div class=\"elementor-widget-container\">\n\t\t\t\t\t\t\t\t\t<h3>Quelles sont les sp\u00e9cificit\u00e9s architecturales du stade de Nice ?<\/h3>\t\t\t\t\t\t\t\t<\/div>\n\t\t\t\t<\/div>\n\t\t\t\t\t<\/div>\n\t\t<\/div>\n\t\t\t\t\t<\/div>\n\t\t<\/section>\n\t\t\t\t<section class=\"elementor-section elementor-top-section elementor-element elementor-element-05a6a5b elementor-section-boxed elementor-section-height-default elementor-section-height-default\" data-id=\"05a6a5b\" data-element_type=\"section\">\n\t\t\t\t\t\t<div class=\"elementor-container elementor-column-gap-default\">\n\t\t\t\t\t<div class=\"elementor-column elementor-col-100 elementor-top-column elementor-element elementor-element-c087d85\" data-id=\"c087d85\" data-element_type=\"column\">\n\t\t\t<div class=\"elementor-widget-wrap elementor-element-populated\">\n\t\t\t\t\t\t<div class=\"elementor-element elementor-element-bd2c98c elementor-widget elementor-widget-text-editor\" data-id=\"bd2c98c\" data-element_type=\"widget\" data-widget_type=\"text-editor.default\">\n\t\t\t\t<div class=\"elementor-widget-container\">\n\t\t\t\t\t\t\t\t\t<p>C\u2019est le tr\u00e8s c\u00e9l\u00e8bre architecte Jean-Michel Wilmotte du cabinet Wilmotte et Associ\u00e9s qui a imagin\u00e9 ce stade d\u2019une surface de 54 000 m\u00b2. C\u2019est l\u2019un des premiers stades \u00e0 \u00e9nergie positive, ce qui signifie qu\u2019il produit plus d\u2019\u00e9nergie que ce qu\u2019il n&#8217;en consomme pour son fonctionnement.<br \/>Le stade a \u00e9t\u00e9 construit avec des courbes ondulantes qui \u00e9voquent l\u2019envol d\u2019un oiseau. La charpente est la plus grande charpente bois et m\u00e9tal \u00e0 g\u00e9om\u00e9trie rayonnante jamais construite. Le choix du bois comme mat\u00e9riau structurel repose sur deux crit\u00e8res fondamentaux : son empreinte carbone tr\u00e8s faible et la relation optimale poids\/r\u00e9sistance.<br \/>L\u2019enveloppe de la structure est une membrane transparente qui permet de laisser passer la lumi\u00e8re. <br \/>L\u2019ensemble ressemble \u00e0 un cocon pos\u00e9 dans son environnement naturel de la plaine du Var.<\/p>\t\t\t\t\t\t\t\t<\/div>\n\t\t\t\t<\/div>\n\t\t\t\t\t<\/div>\n\t\t<\/div>\n\t\t\t\t\t<\/div>\n\t\t<\/section>\n\t\t\t\t<section class=\"elementor-section elementor-top-section elementor-element elementor-element-799b4e4 elementor-section-boxed elementor-section-height-default elementor-section-height-default\" data-id=\"799b4e4\" data-element_type=\"section\">\n\t\t\t\t\t\t<div class=\"elementor-container elementor-column-gap-default\">\n\t\t\t\t\t<div class=\"elementor-column elementor-col-100 elementor-top-column elementor-element elementor-element-0f9f539\" data-id=\"0f9f539\" data-element_type=\"column\">\n\t\t\t<div class=\"elementor-widget-wrap elementor-element-populated\">\n\t\t\t\t\t\t<div class=\"elementor-element elementor-element-04f6041 elementor-widget elementor-widget-text-editor\" data-id=\"04f6041\" data-element_type=\"widget\" data-widget_type=\"text-editor.default\">\n\t\t\t\t<div class=\"elementor-widget-container\">\n\t\t\t\t\t\t\t\t\t<h2>Pourquoi ce nom pour le stade ?<\/h2>\t\t\t\t\t\t\t\t<\/div>\n\t\t\t\t<\/div>\n\t\t\t\t\t<\/div>\n\t\t<\/div>\n\t\t\t\t\t<\/div>\n\t\t<\/section>\n\t\t\t\t<section class=\"elementor-section elementor-top-section elementor-element elementor-element-c3fe922 elementor-section-boxed elementor-section-height-default elementor-section-height-default\" data-id=\"c3fe922\" data-element_type=\"section\">\n\t\t\t\t\t\t<div class=\"elementor-container elementor-column-gap-default\">\n\t\t\t\t\t<div class=\"elementor-column elementor-col-100 elementor-top-column elementor-element elementor-element-f92d227\" data-id=\"f92d227\" data-element_type=\"column\">\n\t\t\t<div class=\"elementor-widget-wrap elementor-element-populated\">\n\t\t\t\t\t\t<div class=\"elementor-element elementor-element-e2083aa elementor-widget elementor-widget-text-editor\" data-id=\"e2083aa\" data-element_type=\"widget\" data-widget_type=\"text-editor.default\">\n\t\t\t\t<div class=\"elementor-widget-container\">\n\t\t\t\t\t\t\t\t\t<p>Le stade est d\u00e9nomm\u00e9 \u201cAllianz Riviera\u201d sur le principe du \u201cnaming\u201d. Le naming se concr\u00e9tise par un contrat qui permet, avec un engagement financier, de baptiser un lieu au nom d\u2019une entreprise ou d\u2019une marque pendant une certaine dur\u00e9e. La marque devient ainsi une sorte de sponsor permanent pour assurer ainsi sa publicit\u00e9.<\/p>\t\t\t\t\t\t\t\t<\/div>\n\t\t\t\t<\/div>\n\t\t\t\t\t<\/div>\n\t\t<\/div>\n\t\t\t\t\t<\/div>\n\t\t<\/section>\n\t\t\t\t<section class=\"elementor-section elementor-top-section elementor-element elementor-element-4228d1b elementor-section-boxed elementor-section-height-default elementor-section-height-default\" data-id=\"4228d1b\" data-element_type=\"section\">\n\t\t\t\t\t\t<div class=\"elementor-container elementor-column-gap-default\">\n\t\t\t\t\t<div class=\"elementor-column elementor-col-100 elementor-top-column elementor-element elementor-element-84b0a04\" data-id=\"84b0a04\" data-element_type=\"column\">\n\t\t\t<div class=\"elementor-widget-wrap elementor-element-populated\">\n\t\t\t\t\t\t<div class=\"elementor-element elementor-element-fc9b303 elementor-widget elementor-widget-text-editor\" data-id=\"fc9b303\" data-element_type=\"widget\" data-widget_type=\"text-editor.default\">\n\t\t\t\t<div class=\"elementor-widget-container\">\n\t\t\t\t\t\t\t\t\t<h3>Le nom pour les comp\u00e9titions internationales<\/h3>\t\t\t\t\t\t\t\t<\/div>\n\t\t\t\t<\/div>\n\t\t\t\t\t<\/div>\n\t\t<\/div>\n\t\t\t\t\t<\/div>\n\t\t<\/section>\n\t\t\t\t<section class=\"elementor-section elementor-top-section elementor-element elementor-element-d5b80b0 elementor-section-boxed elementor-section-height-default elementor-section-height-default\" data-id=\"d5b80b0\" data-element_type=\"section\">\n\t\t\t\t\t\t<div class=\"elementor-container elementor-column-gap-default\">\n\t\t\t\t\t<div class=\"elementor-column elementor-col-100 elementor-top-column elementor-element elementor-element-8745cf5\" data-id=\"8745cf5\" data-element_type=\"column\">\n\t\t\t<div class=\"elementor-widget-wrap elementor-element-populated\">\n\t\t\t\t\t\t<div class=\"elementor-element elementor-element-1b09672 elementor-widget elementor-widget-text-editor\" data-id=\"1b09672\" data-element_type=\"widget\" data-widget_type=\"text-editor.default\">\n\t\t\t\t<div class=\"elementor-widget-container\">\n\t\t\t\t\t\t\t\t\t<p>Les instances europ\u00e9ennes et internationales comme l\u2019UEFA et World Rugby n\u2019autorisent pas le \u201cnaming\u201d des stades. Ainsi, pour la coupe du monde de rugby 2023, le stade s\u2019appellera simplement le <strong>stade de Nice<\/strong>.<\/p>\t\t\t\t\t\t\t\t<\/div>\n\t\t\t\t<\/div>\n\t\t\t\t\t<\/div>\n\t\t<\/div>\n\t\t\t\t\t<\/div>\n\t\t<\/section>\n\t\t\t\t<section class=\"elementor-section elementor-top-section elementor-element elementor-element-400eb6c elementor-section-boxed elementor-section-height-default elementor-section-height-default\" data-id=\"400eb6c\" data-element_type=\"section\">\n\t\t\t\t\t\t<div class=\"elementor-container elementor-column-gap-default\">\n\t\t\t\t\t<div class=\"elementor-column elementor-col-100 elementor-top-column elementor-element elementor-element-36440ad\" data-id=\"36440ad\" data-element_type=\"column\">\n\t\t\t<div class=\"elementor-widget-wrap elementor-element-populated\">\n\t\t\t\t\t\t<div class=\"elementor-element elementor-element-6670057 elementor-widget elementor-widget-text-editor\" data-id=\"6670057\" data-element_type=\"widget\" data-widget_type=\"text-editor.default\">\n\t\t\t\t<div class=\"elementor-widget-container\">\n\t\t\t\t\t\t\t\t\t<h2>Quelle est la capacit\u00e9 d\u2019accueil du stade Allianz Riviera de Nice ?<\/h2>\t\t\t\t\t\t\t\t<\/div>\n\t\t\t\t<\/div>\n\t\t\t\t\t<\/div>\n\t\t<\/div>\n\t\t\t\t\t<\/div>\n\t\t<\/section>\n\t\t\t\t<section class=\"elementor-section elementor-top-section elementor-element elementor-element-7accbcc elementor-section-boxed elementor-section-height-default elementor-section-height-default\" data-id=\"7accbcc\" data-element_type=\"section\">\n\t\t\t\t\t\t<div class=\"elementor-container elementor-column-gap-default\">\n\t\t\t\t\t<div class=\"elementor-column elementor-col-100 elementor-top-column elementor-element elementor-element-ac362b6\" data-id=\"ac362b6\" data-element_type=\"column\">\n\t\t\t<div class=\"elementor-widget-wrap elementor-element-populated\">\n\t\t\t\t\t\t<div class=\"elementor-element elementor-element-9589f83 elementor-widget elementor-widget-text-editor\" data-id=\"9589f83\" data-element_type=\"widget\" data-widget_type=\"text-editor.default\">\n\t\t\t\t<div class=\"elementor-widget-container\">\n\t\t\t\t\t\t\t\t\t<p>Le stade de Nice peut accueillir 36 178 personnes. Il se classe \u00e0 la 10\u1d49 place des stades fran\u00e7ais en termes de capacit\u00e9.<\/p>\t\t\t\t\t\t\t\t<\/div>\n\t\t\t\t<\/div>\n\t\t\t\t\t<\/div>\n\t\t<\/div>\n\t\t\t\t\t<\/div>\n\t\t<\/section>\n\t\t\t\t<section class=\"elementor-section elementor-top-section elementor-element elementor-element-7c6ef8a elementor-section-boxed elementor-section-height-default elementor-section-height-default\" data-id=\"7c6ef8a\" data-element_type=\"section\">\n\t\t\t\t\t\t<div class=\"elementor-container elementor-column-gap-default\">\n\t\t\t\t\t<div class=\"elementor-column elementor-col-100 elementor-top-column elementor-element elementor-element-00cebbd\" data-id=\"00cebbd\" data-element_type=\"column\">\n\t\t\t<div class=\"elementor-widget-wrap elementor-element-populated\">\n\t\t\t\t\t\t<div class=\"elementor-element elementor-element-e70bbcf elementor-widget elementor-widget-text-editor\" data-id=\"e70bbcf\" data-element_type=\"widget\" data-widget_type=\"text-editor.default\">\n\t\t\t\t<div class=\"elementor-widget-container\">\n\t\t\t\t\t\t\t\t\t<h3>Le stade en quelques chiffres<\/h3>\t\t\t\t\t\t\t\t<\/div>\n\t\t\t\t<\/div>\n\t\t\t\t\t<\/div>\n\t\t<\/div>\n\t\t\t\t\t<\/div>\n\t\t<\/section>\n\t\t\t\t<section class=\"elementor-section elementor-top-section elementor-element elementor-element-480547e elementor-section-boxed elementor-section-height-default elementor-section-height-default\" data-id=\"480547e\" data-element_type=\"section\">\n\t\t\t\t\t\t<div class=\"elementor-container elementor-column-gap-default\">\n\t\t\t\t\t<div class=\"elementor-column elementor-col-100 elementor-top-column elementor-element elementor-element-745bbbb\" data-id=\"745bbbb\" data-element_type=\"column\">\n\t\t\t<div class=\"elementor-widget-wrap elementor-element-populated\">\n\t\t\t\t\t\t<div class=\"elementor-element elementor-element-3f5a65c elementor-widget elementor-widget-text-editor\" data-id=\"3f5a65c\" data-element_type=\"widget\" data-widget_type=\"text-editor.default\">\n\t\t\t\t<div class=\"elementor-widget-container\">\n\t\t\t\t\t\t\t\t\t<p>Le stade compte donc 36 178 places avec :<\/p><ul><li>54 000 m\u00b2 de surface totale<\/li><li>10 000 m\u00b2 d\u2019espaces de r\u00e9ception<br \/>44 loges<\/li><li>9 salons priv\u00e9s pour l\u2019organisation d\u2019\u00e9v\u00e9nements d\u2019entreprise.<\/li><\/ul>\t\t\t\t\t\t\t\t<\/div>\n\t\t\t\t<\/div>\n\t\t\t\t\t<\/div>\n\t\t<\/div>\n\t\t\t\t\t<\/div>\n\t\t<\/section>\n\t\t\t\t<section class=\"elementor-section elementor-top-section elementor-element elementor-element-a4ee3d8 elementor-section-boxed elementor-section-height-default elementor-section-height-default\" data-id=\"a4ee3d8\" data-element_type=\"section\">\n\t\t\t\t\t\t<div class=\"elementor-container elementor-column-gap-default\">\n\t\t\t\t\t<div class=\"elementor-column elementor-col-100 elementor-top-column elementor-element elementor-element-3ac1dd4\" data-id=\"3ac1dd4\" data-element_type=\"column\">\n\t\t\t<div class=\"elementor-widget-wrap elementor-element-populated\">\n\t\t\t\t\t\t<div class=\"elementor-element elementor-element-7f027b0 elementor-widget-divider--view-line elementor-widget elementor-widget-divider\" data-id=\"7f027b0\" data-element_type=\"widget\" data-widget_type=\"divider.default\">\n\t\t\t\t<div class=\"elementor-widget-container\">\n\t\t\t\t\t\t\t<div class=\"elementor-divider\">\n\t\t\t<span class=\"elementor-divider-separator\">\n\t\t\t\t\t\t<\/span>\n\t\t<\/div>\n\t\t\t\t\t\t<\/div>\n\t\t\t\t<\/div>\n\t\t\t\t\t<\/div>\n\t\t<\/div>\n\t\t\t\t\t<\/div>\n\t\t<\/section>\n\t\t\t\t<section class=\"elementor-section elementor-top-section elementor-element elementor-element-a1657b5 elementor-section-boxed elementor-section-height-default elementor-section-height-default\" data-id=\"a1657b5\" data-element_type=\"section\">\n\t\t\t\t\t\t<div class=\"elementor-container elementor-column-gap-default\">\n\t\t\t\t\t<div class=\"elementor-column elementor-col-100 elementor-top-column elementor-element elementor-element-4be3bb2\" data-id=\"4be3bb2\" data-element_type=\"column\">\n\t\t\t<div class=\"elementor-widget-wrap elementor-element-populated\">\n\t\t\t\t\t\t<div class=\"elementor-element elementor-element-516bbee elementor-widget elementor-widget-text-editor\" data-id=\"516bbee\" data-element_type=\"widget\" data-widget_type=\"text-editor.default\">\n\t\t\t\t<div class=\"elementor-widget-container\">\n\t\t\t\t\t\t\t\t\t<h2>Quels matchs de la coupe du monde de rugby sont jou\u00e9s \u00e0 Nice ?<\/h2>\t\t\t\t\t\t\t\t<\/div>\n\t\t\t\t<\/div>\n\t\t\t\t\t<\/div>\n\t\t<\/div>\n\t\t\t\t\t<\/div>\n\t\t<\/section>\n\t\t\t\t<section class=\"elementor-section elementor-top-section elementor-element elementor-element-874b8b5 elementor-section-boxed elementor-section-height-default elementor-section-height-default\" data-id=\"874b8b5\" data-element_type=\"section\">\n\t\t\t\t\t\t<div class=\"elementor-container elementor-column-gap-default\">\n\t\t\t\t\t<div class=\"elementor-column elementor-col-100 elementor-top-column elementor-element elementor-element-7fdacf5\" data-id=\"7fdacf5\" data-element_type=\"column\">\n\t\t\t<div class=\"elementor-widget-wrap elementor-element-populated\">\n\t\t\t\t\t\t<div class=\"elementor-element elementor-element-37a9b49 elementor-widget elementor-widget-text-editor\" data-id=\"37a9b49\" data-element_type=\"widget\" data-widget_type=\"text-editor.default\">\n\t\t\t\t<div class=\"elementor-widget-container\">\n\t\t\t\t\t\t\t\t\t<p>5 matchs de poule de la Coupe du Monde se jouent \u00e0 Nice entre le 16 et le 24 septembre 2023.<\/p><ul><li>Pays de Galle &#8211; Portugal : samedi 16 septembre 2023 \u00e0 17 h 45<\/li><li>Angleterre &#8211; Japon : dimanche 17 septembre 2023 \u00e0 21 h 00<\/li><li>Italie &#8211; Uruguay : mercredi 20 septembre \u00e0 17 h 45<\/li><li>\u00c9cosse &#8211; Tonga : dimanche 24 septembre \u00e0 17 h 45<\/li><\/ul>\t\t\t\t\t\t\t\t<\/div>\n\t\t\t\t<\/div>\n\t\t\t\t\t<\/div>\n\t\t<\/div>\n\t\t\t\t\t<\/div>\n\t\t<\/section>\n\t\t\t\t<section class=\"elementor-section elementor-top-section elementor-element elementor-element-8c550ee elementor-section-boxed elementor-section-height-default elementor-section-height-default\" data-id=\"8c550ee\" data-element_type=\"section\">\n\t\t\t\t\t\t<div class=\"elementor-container elementor-column-gap-default\">\n\t\t\t\t\t<div class=\"elementor-column elementor-col-100 elementor-top-column elementor-element elementor-element-019d70d\" data-id=\"019d70d\" data-element_type=\"column\">\n\t\t\t<div class=\"elementor-widget-wrap elementor-element-populated\">\n\t\t\t\t\t\t<div class=\"elementor-element elementor-element-e585c51 elementor-widget-divider--view-line elementor-widget elementor-widget-divider\" data-id=\"e585c51\" data-element_type=\"widget\" data-widget_type=\"divider.default\">\n\t\t\t\t<div class=\"elementor-widget-container\">\n\t\t\t\t\t\t\t<div class=\"elementor-divider\">\n\t\t\t<span class=\"elementor-divider-separator\">\n\t\t\t\t\t\t<\/span>\n\t\t<\/div>\n\t\t\t\t\t\t<\/div>\n\t\t\t\t<\/div>\n\t\t\t\t\t<\/div>\n\t\t<\/div>\n\t\t\t\t\t<\/div>\n\t\t<\/section>\n\t\t\t\t<section class=\"elementor-section elementor-top-section elementor-element elementor-element-7a901b0 elementor-section-boxed elementor-section-height-default elementor-section-height-default\" data-id=\"7a901b0\" data-element_type=\"section\">\n\t\t\t\t\t\t<div class=\"elementor-container elementor-column-gap-default\">\n\t\t\t\t\t<div class=\"elementor-column elementor-col-100 elementor-top-column elementor-element elementor-element-6aac39e\" data-id=\"6aac39e\" data-element_type=\"column\">\n\t\t\t<div class=\"elementor-widget-wrap elementor-element-populated\">\n\t\t\t\t\t\t<div class=\"elementor-element elementor-element-54efc53 elementor-widget elementor-widget-text-editor\" data-id=\"54efc53\" data-element_type=\"widget\" data-widget_type=\"text-editor.default\">\n\t\t\t\t<div class=\"elementor-widget-container\">\n\t\t\t\t\t\t\t\t\t<h2>Supportez l&#8217;\u00e9quipe de France avec Macap !<\/h2>\t\t\t\t\t\t\t\t<\/div>\n\t\t\t\t<\/div>\n\t\t\t\t\t<\/div>\n\t\t<\/div>\n\t\t\t\t\t<\/div>\n\t\t<\/section>\n\t\t\t\t<section class=\"elementor-section elementor-top-section elementor-element elementor-element-2c256d1 elementor-section-boxed elementor-section-height-default elementor-section-height-default\" data-id=\"2c256d1\" data-element_type=\"section\">\n\t\t\t\t\t\t<div class=\"elementor-container elementor-column-gap-default\">\n\t\t\t\t\t<div class=\"elementor-column elementor-col-33 elementor-top-column elementor-element elementor-element-8164154\" data-id=\"8164154\" data-element_type=\"column\">\n\t\t\t<div class=\"elementor-widget-wrap elementor-element-populated\">\n\t\t\t\t\t\t<div class=\"elementor-element elementor-element-11cbc46 elementor-widget elementor-widget-shortcode\" data-id=\"11cbc46\" data-element_type=\"widget\" data-widget_type=\"shortcode.default\">\n\t\t\t\t<div class=\"elementor-widget-container\">\n\t\t\t\t\t\t\t<div class=\"elementor-shortcode\"><div class=\"container p-0 m-0\">\n    <div class=\"row m-0 border\">\n        <div class=\"col-12 grid-didpd-body text-center\">\n            <img decoding=\"async\" src=\"https:\/\/www.macapflag.com\/1857560-home_default\/drapeau-francais-officiel.jpg\" alt=\"Drapeau France officiel pour m&acirc;t\" class=\"mx-auto\" \/>\n            <div class=\"grid-didpd-text\">\n                <a href=\"https:\/\/www.macapflag.com\/drapeau-pays-pour-mat\/33-drapeau-francais-officiel.html\" target=\"_blank\" class=\"stretched-link\">\n                    <h3>Drapeau France officiel pour m\u00e2t<\/h3>\n                <\/a>\n            <\/div>\n                        <p class=\"text-center font-weight-bold\">6,00 \u20ac HT<\/p>            <div class=\"text-center\">\n                <button class=\"btn btn-primary\">Achat en ligne <\/button>\n            <\/div>\n        <\/div>\n    <\/div>\n<\/div>\n<\/div>\n\t\t\t\t\t\t<\/div>\n\t\t\t\t<\/div>\n\t\t\t\t\t<\/div>\n\t\t<\/div>\n\t\t\t\t<div class=\"elementor-column elementor-col-33 elementor-top-column elementor-element elementor-element-e05cd7c\" data-id=\"e05cd7c\" data-element_type=\"column\">\n\t\t\t<div class=\"elementor-widget-wrap elementor-element-populated\">\n\t\t\t\t\t\t<div class=\"elementor-element elementor-element-2c79f79 elementor-widget elementor-widget-shortcode\" data-id=\"2c79f79\" data-element_type=\"widget\" data-widget_type=\"shortcode.default\">\n\t\t\t\t<div class=\"elementor-widget-container\">\n\t\t\t\t\t\t\t<div class=\"elementor-shortcode\"><div class=\"container p-0 m-0\">\n    <div class=\"row m-0 border\">\n        <div class=\"col-12 grid-didpd-body text-center\">\n            <img decoding=\"async\" src=\"https:\/\/www.macapflag.com\/231768-home_default\/guirlande-officielle-francaise.jpg\" alt=\"Guirlande de fanions drapeau France\" class=\"mx-auto\" \/>\n            <div class=\"grid-didpd-text\">\n                <a href=\"https:\/\/www.macapflag.com\/guirlande-pays\/929-guirlande-officielle-francaise.html\" target=\"_blank\" class=\"stretched-link\">\n                    <h3>Guirlande de fanions drapeau France<\/h3>\n                <\/a>\n            <\/div>\n                        <p class=\"text-center font-weight-bold\">30,00 \u20ac HT<\/p>            <div class=\"text-center\">\n                <button class=\"btn btn-primary\">Achat en ligne <\/button>\n            <\/div>\n        <\/div>\n    <\/div>\n<\/div>\n<\/div>\n\t\t\t\t\t\t<\/div>\n\t\t\t\t<\/div>\n\t\t\t\t\t<\/div>\n\t\t<\/div>\n\t\t\t\t<div class=\"elementor-column elementor-col-33 elementor-top-column elementor-element elementor-element-6030d75\" data-id=\"6030d75\" data-element_type=\"column\">\n\t\t\t<div class=\"elementor-widget-wrap elementor-element-populated\">\n\t\t\t\t\t\t<div class=\"elementor-element elementor-element-8dadb90 elementor-widget elementor-widget-shortcode\" data-id=\"8dadb90\" data-element_type=\"widget\" data-widget_type=\"shortcode.default\">\n\t\t\t\t<div class=\"elementor-widget-container\">\n\t\t\t\t\t\t\t<div class=\"elementor-shortcode\"><div class=\"container p-0 m-0\">\n    <div class=\"row m-0 border\">\n        <div class=\"col-12 grid-didpd-body text-center\">\n            <img decoding=\"async\" src=\"https:\/\/www.macapflag.com\/1857561-home_default\/drapeau-officiel-classique-francais.jpg\" alt=\"Drapeau France officiel sur hampe\" class=\"mx-auto\" \/>\n            <div class=\"grid-didpd-text\">\n                <a href=\"https:\/\/www.macapflag.com\/drapeau-pays-avec-hampe\/303-drapeau-officiel-classique-francais.html\" target=\"_blank\" class=\"stretched-link\">\n                    <h3>Drapeau France officiel sur hampe<\/h3>\n                <\/a>\n            <\/div>\n                        <p class=\"text-center font-weight-bold\">9,50 \u20ac HT<\/p>            <div class=\"text-center\">\n                <button class=\"btn btn-primary\">Achat en ligne <\/button>\n            <\/div>\n        <\/div>\n    <\/div>\n<\/div>\n<\/div>\n\t\t\t\t\t\t<\/div>\n\t\t\t\t<\/div>\n\t\t\t\t\t<\/div>\n\t\t<\/div>\n\t\t\t\t\t<\/div>\n\t\t<\/section>\n\t\t\t\t<section class=\"elementor-section elementor-top-section elementor-element elementor-element-084c965 elementor-section-boxed elementor-section-height-default elementor-section-height-default\" data-id=\"084c965\" data-element_type=\"section\">\n\t\t\t\t\t\t<div class=\"elementor-container elementor-column-gap-default\">\n\t\t\t\t\t<div class=\"elementor-column elementor-col-33 elementor-top-column elementor-element elementor-element-bcf3613\" data-id=\"bcf3613\" data-element_type=\"column\">\n\t\t\t<div class=\"elementor-widget-wrap elementor-element-populated\">\n\t\t\t\t\t\t<div class=\"elementor-element elementor-element-923c510 elementor-widget elementor-widget-shortcode\" data-id=\"923c510\" data-element_type=\"widget\" data-widget_type=\"shortcode.default\">\n\t\t\t\t<div class=\"elementor-widget-container\">\n\t\t\t\t\t\t\t<div class=\"elementor-shortcode\"><div class=\"container p-0 m-0\">\n    <div class=\"row m-0 border\">\n        <div class=\"col-12 grid-didpd-body text-center\">\n            <img decoding=\"async\" src=\"https:\/\/www.macapflag.com\/1858596-home_default\/beach-flag-oriflamme-classique-28-mvisuel-rugby-modele-4.jpg\" alt=\"Beachflag sp&eacute;cial rugby\" class=\"mx-auto\" \/>\n            <div class=\"grid-didpd-text\">\n                <a href=\"https:\/\/www.macapflag.com\/plv-evenements-sportifs\/791957-beach-flag-oriflamme-classique-28-mvisuel-rugby-modele-4.html\" target=\"_blank\" class=\"stretched-link\">\n                    <h3>Beachflag sp\u00e9cial rugby<\/h3>\n                <\/a>\n            <\/div>\n                        <p class=\"text-center font-weight-bold\">112,10 \u20ac HT<\/p>            <div class=\"text-center\">\n                <button class=\"btn btn-primary\">Achat en ligne <\/button>\n            <\/div>\n        <\/div>\n    <\/div>\n<\/div>\n<\/div>\n\t\t\t\t\t\t<\/div>\n\t\t\t\t<\/div>\n\t\t\t\t\t<\/div>\n\t\t<\/div>\n\t\t\t\t<div class=\"elementor-column elementor-col-33 elementor-top-column elementor-element elementor-element-12d9f28\" data-id=\"12d9f28\" data-element_type=\"column\">\n\t\t\t<div class=\"elementor-widget-wrap elementor-element-populated\">\n\t\t\t\t\t\t<div class=\"elementor-element elementor-element-4d29aec elementor-widget elementor-widget-shortcode\" data-id=\"4d29aec\" data-element_type=\"widget\" data-widget_type=\"shortcode.default\">\n\t\t\t\t<div class=\"elementor-widget-container\">\n\t\t\t\t\t\t\t<div class=\"elementor-shortcode\"><div class=\"container p-0 m-0\">\n    <div class=\"row m-0 border\">\n        <div class=\"col-12 grid-didpd-body text-center\">\n            <img decoding=\"async\" src=\"https:\/\/www.macapflag.com\/1858593-home_default\/banderole-pvc-oeillets-80x300-cmplv-rugby-modele-4.jpg\" alt=\"Banderole sp&eacute;cial rugby\" class=\"mx-auto\" \/>\n            <div class=\"grid-didpd-text\">\n                <a href=\"https:\/\/www.macapflag.com\/plv-evenements-sportifs\/791954-banderole-pvc-oeillets-80x300-cmplv-rugby-modele-4.html\" target=\"_blank\" class=\"stretched-link\">\n                    <h3>Banderole sp\u00e9cial rugby<\/h3>\n                <\/a>\n            <\/div>\n                        <p class=\"text-center font-weight-bold\">42,75 \u20ac HT<\/p>            <div class=\"text-center\">\n                <button class=\"btn btn-primary\">Achat en ligne <\/button>\n            <\/div>\n        <\/div>\n    <\/div>\n<\/div>\n<\/div>\n\t\t\t\t\t\t<\/div>\n\t\t\t\t<\/div>\n\t\t\t\t\t<\/div>\n\t\t<\/div>\n\t\t\t\t<div class=\"elementor-column elementor-col-33 elementor-top-column elementor-element elementor-element-251be4b\" data-id=\"251be4b\" data-element_type=\"column\">\n\t\t\t<div class=\"elementor-widget-wrap elementor-element-populated\">\n\t\t\t\t\t\t<div class=\"elementor-element elementor-element-42a4028 elementor-widget elementor-widget-shortcode\" data-id=\"42a4028\" data-element_type=\"widget\" data-widget_type=\"shortcode.default\">\n\t\t\t\t<div class=\"elementor-widget-container\">\n\t\t\t\t\t\t\t<div class=\"elementor-shortcode\"><div class=\"container p-0 m-0\">\n    <div class=\"row m-0 border\">\n        <div class=\"col-12 grid-didpd-body text-center\">\n            <img decoding=\"async\" src=\"https:\/\/www.macapflag.com\/1858604-home_default\/beach-flag-oriflamme-potence-350-mvisuel-rugby-modele-5.jpg\" alt=\"Beachflag sp&eacute;cial rugby\" class=\"mx-auto\" \/>\n            <div class=\"grid-didpd-text\">\n                <a href=\"https:\/\/www.macapflag.com\/plv-evenements-sportifs\/791965-beach-flag-oriflamme-potence-350-mvisuel-rugby-modele-5.html\" target=\"_blank\" class=\"stretched-link\">\n                    <h3>Beachflag sp\u00e9cial rugby<\/h3>\n                <\/a>\n            <\/div>\n                        <p class=\"text-center font-weight-bold\">142,50 \u20ac HT<\/p>            <div class=\"text-center\">\n                <button class=\"btn btn-primary\">Achat en ligne <\/button>\n            <\/div>\n        <\/div>\n    <\/div>\n<\/div>\n<\/div>\n\t\t\t\t\t\t<\/div>\n\t\t\t\t<\/div>\n\t\t\t\t\t<\/div>\n\t\t<\/div>\n\t\t\t\t\t<\/div>\n\t\t<\/section>\n\t\t\t\t<\/div>\n\t\t","protected":false},"excerpt":{"rendered":"<div class=\"tmnf_excerpt\"><p>Du 8 septembre au 28 octobre 2023, l\u2019\u00e9dition 2023 de la Coupe du monde de rugby a lieu en France. C\u2019est tout le territoire fran\u00e7ais qui est concern\u00e9 par cet \u00e9v\u00e9nement international. Si les matchs de demi-finales et la finale ont lieu au Stade France \u00e0 Paris, de nombreux matchs sont jou\u00e9s en province, \u00e0 &hellip;<\/p>\n<\/div>","protected":false},"author":2,"featured_media":13548,"comment_status":"closed","ping_status":"open","sticky":false,"template":"template-fullwidth.php","format":"standard","meta":{"footnotes":""},"categories":[92],"tags":[],"class_list":["post-13814","post","type-post","status-publish","format-standard","has-post-thumbnail","hentry","category-news"],"yoast_head":"<!-- This site is optimized with the Yoast SEO plugin v26.4 - https:\/\/yoast.com\/wordpress\/plugins\/seo\/ -->\n<title>Un stade, une histoire, le stade de Nice - Blog - Macap<\/title>\n<meta name=\"description\" content=\"Tout savoir sur le Stade de Nice et la Coupe du monde de rugby 2023 : Acc\u00e8s, dates et infos utiles\" \/>\n<meta name=\"robots\" content=\"index, follow, max-snippet:-1, max-image-preview:large, max-video-preview:-1\" \/>\n<link rel=\"canonical\" href=\"https:\/\/www.macapflag.com\/blog\/un-stade-une-histoire-le-stade-de-nice\/\" \/>\n<meta property=\"og:locale\" content=\"fr_FR\" \/>\n<meta property=\"og:type\" content=\"article\" \/>\n<meta property=\"og:title\" content=\"Un stade, une histoire, le stade de Nice - Blog - Macap\" \/>\n<meta property=\"og:description\" content=\"Tout savoir sur le Stade de Nice et la Coupe du monde de rugby 2023 : Acc\u00e8s, dates et infos utiles\" \/>\n<meta property=\"og:url\" content=\"https:\/\/www.macapflag.com\/blog\/un-stade-une-histoire-le-stade-de-nice\/\" \/>\n<meta property=\"og:site_name\" content=\"Blog - Macap\" \/>\n<meta property=\"article:publisher\" content=\"https:\/\/www.facebook.com\/macap.pavoisement\/\" \/>\n<meta property=\"article:published_time\" content=\"2023-08-07T06:00:00+00:00\" \/>\n<meta property=\"og:image\" content=\"https:\/\/www.macapflag.com\/blog\/wp-content\/uploads\/2023\/06\/Stade-Nice-riviera-1.jpg\" \/>\n\t<meta property=\"og:image:width\" content=\"870\" \/>\n\t<meta property=\"og:image:height\" content=\"600\" \/>\n\t<meta property=\"og:image:type\" content=\"image\/jpeg\" \/>\n<meta name=\"author\" content=\"Blog Macap\" \/>\n<meta name=\"twitter:card\" content=\"summary_large_image\" \/>\n<meta name=\"twitter:label1\" content=\"\u00c9crit par\" \/>\n\t<meta name=\"twitter:data1\" content=\"Blog Macap\" \/>\n\t<meta name=\"twitter:label2\" content=\"Dur\u00e9e de lecture estim\u00e9e\" \/>\n\t<meta name=\"twitter:data2\" content=\"5 minutes\" \/>\n<script type=\"application\/ld+json\" class=\"yoast-schema-graph\">{\"@context\":\"https:\/\/schema.org\",\"@graph\":[{\"@type\":\"Article\",\"@id\":\"https:\/\/www.macapflag.com\/blog\/un-stade-une-histoire-le-stade-de-nice\/#article\",\"isPartOf\":{\"@id\":\"https:\/\/www.macapflag.com\/blog\/un-stade-une-histoire-le-stade-de-nice\/\"},\"author\":{\"name\":\"Blog Macap\",\"@id\":\"https:\/\/www.macapflag.com\/blog\/#\/schema\/person\/3fea701f2603875e651e6b662578fc3c\"},\"headline\":\"Un stade, une histoire, le stade de Nice\",\"datePublished\":\"2023-08-07T06:00:00+00:00\",\"mainEntityOfPage\":{\"@id\":\"https:\/\/www.macapflag.com\/blog\/un-stade-une-histoire-le-stade-de-nice\/\"},\"wordCount\":959,\"publisher\":{\"@id\":\"https:\/\/www.macapflag.com\/blog\/#organization\"},\"image\":{\"@id\":\"https:\/\/www.macapflag.com\/blog\/un-stade-une-histoire-le-stade-de-nice\/#primaryimage\"},\"thumbnailUrl\":\"https:\/\/www.macapflag.com\/blog\/wp-content\/uploads\/2023\/06\/Stade-Nice-riviera-1.jpg\",\"articleSection\":[\"News &amp; Actu\"],\"inLanguage\":\"fr-FR\"},{\"@type\":\"WebPage\",\"@id\":\"https:\/\/www.macapflag.com\/blog\/un-stade-une-histoire-le-stade-de-nice\/\",\"url\":\"https:\/\/www.macapflag.com\/blog\/un-stade-une-histoire-le-stade-de-nice\/\",\"name\":\"Un stade, une histoire, le stade de Nice - Blog - Macap\",\"isPartOf\":{\"@id\":\"https:\/\/www.macapflag.com\/blog\/#website\"},\"primaryImageOfPage\":{\"@id\":\"https:\/\/www.macapflag.com\/blog\/un-stade-une-histoire-le-stade-de-nice\/#primaryimage\"},\"image\":{\"@id\":\"https:\/\/www.macapflag.com\/blog\/un-stade-une-histoire-le-stade-de-nice\/#primaryimage\"},\"thumbnailUrl\":\"https:\/\/www.macapflag.com\/blog\/wp-content\/uploads\/2023\/06\/Stade-Nice-riviera-1.jpg\",\"datePublished\":\"2023-08-07T06:00:00+00:00\",\"description\":\"Tout savoir sur le Stade de Nice et la Coupe du monde de rugby 2023 : Acc\u00e8s, dates et infos utiles\",\"breadcrumb\":{\"@id\":\"https:\/\/www.macapflag.com\/blog\/un-stade-une-histoire-le-stade-de-nice\/#breadcrumb\"},\"inLanguage\":\"fr-FR\",\"potentialAction\":[{\"@type\":\"ReadAction\",\"target\":[\"https:\/\/www.macapflag.com\/blog\/un-stade-une-histoire-le-stade-de-nice\/\"]}]},{\"@type\":\"ImageObject\",\"inLanguage\":\"fr-FR\",\"@id\":\"https:\/\/www.macapflag.com\/blog\/un-stade-une-histoire-le-stade-de-nice\/#primaryimage\",\"url\":\"https:\/\/www.macapflag.com\/blog\/wp-content\/uploads\/2023\/06\/Stade-Nice-riviera-1.jpg\",\"contentUrl\":\"https:\/\/www.macapflag.com\/blog\/wp-content\/uploads\/2023\/06\/Stade-Nice-riviera-1.jpg\",\"width\":870,\"height\":600,\"caption\":\"Stade Allianz Riviera \u00e0 Nice\"},{\"@type\":\"BreadcrumbList\",\"@id\":\"https:\/\/www.macapflag.com\/blog\/un-stade-une-histoire-le-stade-de-nice\/#breadcrumb\",\"itemListElement\":[{\"@type\":\"ListItem\",\"position\":1,\"name\":\"Accueil\",\"item\":\"https:\/\/www.macapflag.com\/blog\/\"},{\"@type\":\"ListItem\",\"position\":2,\"name\":\"Un stade, une histoire, le stade de Nice\"}]},{\"@type\":\"WebSite\",\"@id\":\"https:\/\/www.macapflag.com\/blog\/#website\",\"url\":\"https:\/\/www.macapflag.com\/blog\/\",\"name\":\"Blog - Macap\",\"description\":\"Tous nos articles\",\"publisher\":{\"@id\":\"https:\/\/www.macapflag.com\/blog\/#organization\"},\"potentialAction\":[{\"@type\":\"SearchAction\",\"target\":{\"@type\":\"EntryPoint\",\"urlTemplate\":\"https:\/\/www.macapflag.com\/blog\/?s={search_term_string}\"},\"query-input\":{\"@type\":\"PropertyValueSpecification\",\"valueRequired\":true,\"valueName\":\"search_term_string\"}}],\"inLanguage\":\"fr-FR\"},{\"@type\":\"Organization\",\"@id\":\"https:\/\/www.macapflag.com\/blog\/#organization\",\"name\":\"macapflag\",\"url\":\"https:\/\/www.macapflag.com\/blog\/\",\"logo\":{\"@type\":\"ImageObject\",\"inLanguage\":\"fr-FR\",\"@id\":\"https:\/\/www.macapflag.com\/blog\/#\/schema\/logo\/image\/\",\"url\":\"https:\/\/www.macapflag.com\/blog\/wp-content\/uploads\/2020\/12\/cropped-M-512-1.png\",\"contentUrl\":\"https:\/\/www.macapflag.com\/blog\/wp-content\/uploads\/2020\/12\/cropped-M-512-1.png\",\"width\":512,\"height\":512,\"caption\":\"macapflag\"},\"image\":{\"@id\":\"https:\/\/www.macapflag.com\/blog\/#\/schema\/logo\/image\/\"},\"sameAs\":[\"https:\/\/www.facebook.com\/macap.pavoisement\/\",\"https:\/\/www.instagram.com\/macapflag\/?hl=fr\",\"https:\/\/www.linkedin.com\/company\/macap\/?originalSubdomain=fr\",\"https:\/\/www.youtube.com\/channel\/UCXNzTIdZh9poEBjSXEqDtNw\"]},{\"@type\":\"Person\",\"@id\":\"https:\/\/www.macapflag.com\/blog\/#\/schema\/person\/3fea701f2603875e651e6b662578fc3c\",\"name\":\"Blog Macap\",\"image\":{\"@type\":\"ImageObject\",\"inLanguage\":\"fr-FR\",\"@id\":\"https:\/\/www.macapflag.com\/blog\/#\/schema\/person\/image\/\",\"url\":\"https:\/\/secure.gravatar.com\/avatar\/c12551f2dc51f0db049633b03e7856985477a70da834cc8967dea4ce54bdd6a2?s=96&d=mm&r=g\",\"contentUrl\":\"https:\/\/secure.gravatar.com\/avatar\/c12551f2dc51f0db049633b03e7856985477a70da834cc8967dea4ce54bdd6a2?s=96&d=mm&r=g\",\"caption\":\"Blog Macap\"},\"url\":\"https:\/\/www.macapflag.com\/blog\/author\/macap\/\"}]}<\/script>\n<!-- \/ Yoast SEO plugin. -->","yoast_head_json":{"title":"Un stade, une histoire, le stade de Nice - Blog - Macap","description":"Tout savoir sur le Stade de Nice et la Coupe du monde de rugby 2023 : Acc\u00e8s, dates et infos utiles","robots":{"index":"index","follow":"follow","max-snippet":"max-snippet:-1","max-image-preview":"max-image-preview:large","max-video-preview":"max-video-preview:-1"},"canonical":"https:\/\/www.macapflag.com\/blog\/un-stade-une-histoire-le-stade-de-nice\/","og_locale":"fr_FR","og_type":"article","og_title":"Un stade, une histoire, le stade de Nice - Blog - Macap","og_description":"Tout savoir sur le Stade de Nice et la Coupe du monde de rugby 2023 : Acc\u00e8s, dates et infos utiles","og_url":"https:\/\/www.macapflag.com\/blog\/un-stade-une-histoire-le-stade-de-nice\/","og_site_name":"Blog - Macap","article_publisher":"https:\/\/www.facebook.com\/macap.pavoisement\/","article_published_time":"2023-08-07T06:00:00+00:00","og_image":[{"width":870,"height":600,"url":"https:\/\/www.macapflag.com\/blog\/wp-content\/uploads\/2023\/06\/Stade-Nice-riviera-1.jpg","type":"image\/jpeg"}],"author":"Blog Macap","twitter_card":"summary_large_image","twitter_misc":{"\u00c9crit par":"Blog Macap","Dur\u00e9e de lecture estim\u00e9e":"5 minutes"},"schema":{"@context":"https:\/\/schema.org","@graph":[{"@type":"Article","@id":"https:\/\/www.macapflag.com\/blog\/un-stade-une-histoire-le-stade-de-nice\/#article","isPartOf":{"@id":"https:\/\/www.macapflag.com\/blog\/un-stade-une-histoire-le-stade-de-nice\/"},"author":{"name":"Blog Macap","@id":"https:\/\/www.macapflag.com\/blog\/#\/schema\/person\/3fea701f2603875e651e6b662578fc3c"},"headline":"Un stade, une histoire, le stade de Nice","datePublished":"2023-08-07T06:00:00+00:00","mainEntityOfPage":{"@id":"https:\/\/www.macapflag.com\/blog\/un-stade-une-histoire-le-stade-de-nice\/"},"wordCount":959,"publisher":{"@id":"https:\/\/www.macapflag.com\/blog\/#organization"},"image":{"@id":"https:\/\/www.macapflag.com\/blog\/un-stade-une-histoire-le-stade-de-nice\/#primaryimage"},"thumbnailUrl":"https:\/\/www.macapflag.com\/blog\/wp-content\/uploads\/2023\/06\/Stade-Nice-riviera-1.jpg","articleSection":["News &amp; Actu"],"inLanguage":"fr-FR"},{"@type":"WebPage","@id":"https:\/\/www.macapflag.com\/blog\/un-stade-une-histoire-le-stade-de-nice\/","url":"https:\/\/www.macapflag.com\/blog\/un-stade-une-histoire-le-stade-de-nice\/","name":"Un stade, une histoire, le stade de Nice - Blog - Macap","isPartOf":{"@id":"https:\/\/www.macapflag.com\/blog\/#website"},"primaryImageOfPage":{"@id":"https:\/\/www.macapflag.com\/blog\/un-stade-une-histoire-le-stade-de-nice\/#primaryimage"},"image":{"@id":"https:\/\/www.macapflag.com\/blog\/un-stade-une-histoire-le-stade-de-nice\/#primaryimage"},"thumbnailUrl":"https:\/\/www.macapflag.com\/blog\/wp-content\/uploads\/2023\/06\/Stade-Nice-riviera-1.jpg","datePublished":"2023-08-07T06:00:00+00:00","description":"Tout savoir sur le Stade de Nice et la Coupe du monde de rugby 2023 : Acc\u00e8s, dates et infos utiles","breadcrumb":{"@id":"https:\/\/www.macapflag.com\/blog\/un-stade-une-histoire-le-stade-de-nice\/#breadcrumb"},"inLanguage":"fr-FR","potentialAction":[{"@type":"ReadAction","target":["https:\/\/www.macapflag.com\/blog\/un-stade-une-histoire-le-stade-de-nice\/"]}]},{"@type":"ImageObject","inLanguage":"fr-FR","@id":"https:\/\/www.macapflag.com\/blog\/un-stade-une-histoire-le-stade-de-nice\/#primaryimage","url":"https:\/\/www.macapflag.com\/blog\/wp-content\/uploads\/2023\/06\/Stade-Nice-riviera-1.jpg","contentUrl":"https:\/\/www.macapflag.com\/blog\/wp-content\/uploads\/2023\/06\/Stade-Nice-riviera-1.jpg","width":870,"height":600,"caption":"Stade Allianz Riviera \u00e0 Nice"},{"@type":"BreadcrumbList","@id":"https:\/\/www.macapflag.com\/blog\/un-stade-une-histoire-le-stade-de-nice\/#breadcrumb","itemListElement":[{"@type":"ListItem","position":1,"name":"Accueil","item":"https:\/\/www.macapflag.com\/blog\/"},{"@type":"ListItem","position":2,"name":"Un stade, une histoire, le stade de Nice"}]},{"@type":"WebSite","@id":"https:\/\/www.macapflag.com\/blog\/#website","url":"https:\/\/www.macapflag.com\/blog\/","name":"Blog - Macap","description":"Tous nos articles","publisher":{"@id":"https:\/\/www.macapflag.com\/blog\/#organization"},"potentialAction":[{"@type":"SearchAction","target":{"@type":"EntryPoint","urlTemplate":"https:\/\/www.macapflag.com\/blog\/?s={search_term_string}"},"query-input":{"@type":"PropertyValueSpecification","valueRequired":true,"valueName":"search_term_string"}}],"inLanguage":"fr-FR"},{"@type":"Organization","@id":"https:\/\/www.macapflag.com\/blog\/#organization","name":"macapflag","url":"https:\/\/www.macapflag.com\/blog\/","logo":{"@type":"ImageObject","inLanguage":"fr-FR","@id":"https:\/\/www.macapflag.com\/blog\/#\/schema\/logo\/image\/","url":"https:\/\/www.macapflag.com\/blog\/wp-content\/uploads\/2020\/12\/cropped-M-512-1.png","contentUrl":"https:\/\/www.macapflag.com\/blog\/wp-content\/uploads\/2020\/12\/cropped-M-512-1.png","width":512,"height":512,"caption":"macapflag"},"image":{"@id":"https:\/\/www.macapflag.com\/blog\/#\/schema\/logo\/image\/"},"sameAs":["https:\/\/www.facebook.com\/macap.pavoisement\/","https:\/\/www.instagram.com\/macapflag\/?hl=fr","https:\/\/www.linkedin.com\/company\/macap\/?originalSubdomain=fr","https:\/\/www.youtube.com\/channel\/UCXNzTIdZh9poEBjSXEqDtNw"]},{"@type":"Person","@id":"https:\/\/www.macapflag.com\/blog\/#\/schema\/person\/3fea701f2603875e651e6b662578fc3c","name":"Blog Macap","image":{"@type":"ImageObject","inLanguage":"fr-FR","@id":"https:\/\/www.macapflag.com\/blog\/#\/schema\/person\/image\/","url":"https:\/\/secure.gravatar.com\/avatar\/c12551f2dc51f0db049633b03e7856985477a70da834cc8967dea4ce54bdd6a2?s=96&d=mm&r=g","contentUrl":"https:\/\/secure.gravatar.com\/avatar\/c12551f2dc51f0db049633b03e7856985477a70da834cc8967dea4ce54bdd6a2?s=96&d=mm&r=g","caption":"Blog Macap"},"url":"https:\/\/www.macapflag.com\/blog\/author\/macap\/"}]}},"_links":{"self":[{"href":"https:\/\/www.macapflag.com\/blog\/wp-json\/wp\/v2\/posts\/13814","targetHints":{"allow":["GET"]}}],"collection":[{"href":"https:\/\/www.macapflag.com\/blog\/wp-json\/wp\/v2\/posts"}],"about":[{"href":"https:\/\/www.macapflag.com\/blog\/wp-json\/wp\/v2\/types\/post"}],"author":[{"embeddable":true,"href":"https:\/\/www.macapflag.com\/blog\/wp-json\/wp\/v2\/users\/2"}],"replies":[{"embeddable":true,"href":"https:\/\/www.macapflag.com\/blog\/wp-json\/wp\/v2\/comments?post=13814"}],"version-history":[{"count":33,"href":"https:\/\/www.macapflag.com\/blog\/wp-json\/wp\/v2\/posts\/13814\/revisions"}],"predecessor-version":[{"id":13999,"href":"https:\/\/www.macapflag.com\/blog\/wp-json\/wp\/v2\/posts\/13814\/revisions\/13999"}],"wp:featuredmedia":[{"embeddable":true,"href":"https:\/\/www.macapflag.com\/blog\/wp-json\/wp\/v2\/media\/13548"}],"wp:attachment":[{"href":"https:\/\/www.macapflag.com\/blog\/wp-json\/wp\/v2\/media?parent=13814"}],"wp:term":[{"taxonomy":"category","embeddable":true,"href":"https:\/\/www.macapflag.com\/blog\/wp-json\/wp\/v2\/categories?post=13814"},{"taxonomy":"post_tag","embeddable":true,"href":"https:\/\/www.macapflag.com\/blog\/wp-json\/wp\/v2\/tags?post=13814"}],"curies":[{"name":"wp","href":"https:\/\/api.w.org\/{rel}","templated":true}]}}