{"id":13956,"date":"2023-07-28T08:00:00","date_gmt":"2023-07-28T06:00:00","guid":{"rendered":"https:\/\/www.macapflag.com\/blog\/?p=13956"},"modified":"2023-08-25T11:59:05","modified_gmt":"2023-08-25T09:59:05","slug":"harmoniser-sa-communication","status":"publish","type":"post","link":"https:\/\/www.macapflag.com\/blog\/harmoniser-sa-communication\/","title":{"rendered":"Entreprise : Pourquoi et comment harmoniser sa communication ?"},"content":{"rendered":"\t\t<div data-elementor-type=\"wp-post\" data-elementor-id=\"13956\" class=\"elementor elementor-13956\">\n\t\t\t\t\t\t<section class=\"elementor-section elementor-top-section elementor-element elementor-element-3efc763 elementor-section-boxed elementor-section-height-default elementor-section-height-default\" data-id=\"3efc763\" data-element_type=\"section\">\n\t\t\t\t\t\t<div class=\"elementor-container elementor-column-gap-default\">\n\t\t\t\t\t<div class=\"elementor-column elementor-col-100 elementor-top-column elementor-element elementor-element-0e68794\" data-id=\"0e68794\" data-element_type=\"column\">\n\t\t\t<div class=\"elementor-widget-wrap elementor-element-populated\">\n\t\t\t\t\t\t<div class=\"elementor-element elementor-element-91b0d03 elementor-widget elementor-widget-text-editor\" data-id=\"91b0d03\" data-element_type=\"widget\" data-widget_type=\"text-editor.default\">\n\t\t\t\t<div class=\"elementor-widget-container\">\n\t\t\t\t\t\t\t\t\t<p>Tous les bons communicants vous le diront, harmoniser sa communication, c\u2019est essentiel !<br \/>Pour avoir un impact plus fort aupr\u00e8s de son audience, pour faire grandir son image de marque, pour asseoir son identit\u00e9 de mani\u00e8re s\u00e9rieuse et de coh\u00e9rente\u2026 Toutes les raisons d\u00e9montrent que ce chemin est bien celui qu\u2019il faut suivre.<br \/>Si chacun s\u2019accorde sur l\u2019importance de cette id\u00e9e, alors comment la mettre en \u0153uvre de mani\u00e8re efficace ?<\/p>\t\t\t\t\t\t\t\t<\/div>\n\t\t\t\t<\/div>\n\t\t\t\t\t<\/div>\n\t\t<\/div>\n\t\t\t\t\t<\/div>\n\t\t<\/section>\n\t\t\t\t<section class=\"elementor-section elementor-top-section elementor-element elementor-element-c51faa5 elementor-section-boxed elementor-section-height-default elementor-section-height-default\" data-id=\"c51faa5\" data-element_type=\"section\">\n\t\t\t\t\t\t<div class=\"elementor-container elementor-column-gap-default\">\n\t\t\t\t\t<div class=\"elementor-column elementor-col-100 elementor-top-column elementor-element elementor-element-f7e4554\" data-id=\"f7e4554\" data-element_type=\"column\">\n\t\t\t<div class=\"elementor-widget-wrap elementor-element-populated\">\n\t\t\t\t\t\t<div class=\"elementor-element elementor-element-21ca611 elementor-widget elementor-widget-text-editor\" data-id=\"21ca611\" data-element_type=\"widget\" data-widget_type=\"text-editor.default\">\n\t\t\t\t<div class=\"elementor-widget-container\">\n\t\t\t\t\t\t\t\t\t<h2>Harmoniser la communication en entreprise en 3 points<\/h2>\t\t\t\t\t\t\t\t<\/div>\n\t\t\t\t<\/div>\n\t\t\t\t\t<\/div>\n\t\t<\/div>\n\t\t\t\t\t<\/div>\n\t\t<\/section>\n\t\t\t\t<section class=\"elementor-section elementor-top-section elementor-element elementor-element-a0c667e elementor-section-boxed elementor-section-height-default elementor-section-height-default\" data-id=\"a0c667e\" data-element_type=\"section\">\n\t\t\t\t\t\t<div class=\"elementor-container elementor-column-gap-default\">\n\t\t\t\t\t<div class=\"elementor-column elementor-col-100 elementor-top-column elementor-element elementor-element-45e1338\" data-id=\"45e1338\" data-element_type=\"column\">\n\t\t\t<div class=\"elementor-widget-wrap elementor-element-populated\">\n\t\t\t\t\t\t<div class=\"elementor-element elementor-element-ac05dc0 elementor-widget elementor-widget-text-editor\" data-id=\"ac05dc0\" data-element_type=\"widget\" data-widget_type=\"text-editor.default\">\n\t\t\t\t<div class=\"elementor-widget-container\">\n\t\t\t\t\t\t\t\t\t<h3>1 &#8211; D\u00e9finir sa strat\u00e9gie de communication<\/h3>\t\t\t\t\t\t\t\t<\/div>\n\t\t\t\t<\/div>\n\t\t\t\t\t<\/div>\n\t\t<\/div>\n\t\t\t\t\t<\/div>\n\t\t<\/section>\n\t\t\t\t<section class=\"elementor-section elementor-top-section elementor-element elementor-element-349c260 elementor-section-boxed elementor-section-height-default elementor-section-height-default\" data-id=\"349c260\" data-element_type=\"section\">\n\t\t\t\t\t\t<div class=\"elementor-container elementor-column-gap-default\">\n\t\t\t\t\t<div class=\"elementor-column elementor-col-100 elementor-top-column elementor-element elementor-element-14a05f1\" data-id=\"14a05f1\" data-element_type=\"column\">\n\t\t\t<div class=\"elementor-widget-wrap elementor-element-populated\">\n\t\t\t\t\t\t<div class=\"elementor-element elementor-element-5d3c176 elementor-widget elementor-widget-image\" data-id=\"5d3c176\" data-element_type=\"widget\" data-widget_type=\"image.default\">\n\t\t\t\t<div class=\"elementor-widget-container\">\n\t\t\t\t\t\t\t\t\t\t\t\t\t\t\t<img fetchpriority=\"high\" decoding=\"async\" width=\"700\" height=\"534\" src=\"https:\/\/www.macapflag.com\/blog\/wp-content\/uploads\/2023\/07\/entreprise-harmoniser-sa-com-1.jpg\" class=\"attachment-large size-large wp-image-13952\" alt=\"Bien d\u00e9finir sa strat\u00e9gie de communication\" srcset=\"https:\/\/www.macapflag.com\/blog\/wp-content\/uploads\/2023\/07\/entreprise-harmoniser-sa-com-1.jpg 700w, https:\/\/www.macapflag.com\/blog\/wp-content\/uploads\/2023\/07\/entreprise-harmoniser-sa-com-1-300x229.jpg 300w\" sizes=\"(max-width: 700px) 100vw, 700px\" \/>\t\t\t\t\t\t\t\t\t\t\t\t\t\t\t<\/div>\n\t\t\t\t<\/div>\n\t\t\t\t\t<\/div>\n\t\t<\/div>\n\t\t\t\t\t<\/div>\n\t\t<\/section>\n\t\t\t\t<section class=\"elementor-section elementor-top-section elementor-element elementor-element-ab63e87 elementor-section-boxed elementor-section-height-default elementor-section-height-default\" data-id=\"ab63e87\" data-element_type=\"section\">\n\t\t\t\t\t\t<div class=\"elementor-container elementor-column-gap-default\">\n\t\t\t\t\t<div class=\"elementor-column elementor-col-100 elementor-top-column elementor-element elementor-element-e2e6dfb\" data-id=\"e2e6dfb\" data-element_type=\"column\">\n\t\t\t<div class=\"elementor-widget-wrap elementor-element-populated\">\n\t\t\t\t\t\t<div class=\"elementor-element elementor-element-e486d64 elementor-widget elementor-widget-text-editor\" data-id=\"e486d64\" data-element_type=\"widget\" data-widget_type=\"text-editor.default\">\n\t\t\t\t<div class=\"elementor-widget-container\">\n\t\t\t\t\t\t\t\t\t<p>Cela reviendrait \u00e0 dire que pour communiquer efficacement, il faut savoir ce que l\u2019on veut dire, \u00e0 qui, comment et quand. Voici une proposition de m\u00e9thode pour y parvenir efficacement.<\/p>\t\t\t\t\t\t\t\t<\/div>\n\t\t\t\t<\/div>\n\t\t\t\t\t<\/div>\n\t\t<\/div>\n\t\t\t\t\t<\/div>\n\t\t<\/section>\n\t\t\t\t<section class=\"elementor-section elementor-top-section elementor-element elementor-element-e4b2805 elementor-section-boxed elementor-section-height-default elementor-section-height-default\" data-id=\"e4b2805\" data-element_type=\"section\">\n\t\t\t\t\t\t<div class=\"elementor-container elementor-column-gap-default\">\n\t\t\t\t\t<div class=\"elementor-column elementor-col-100 elementor-top-column elementor-element elementor-element-edefe7d\" data-id=\"edefe7d\" data-element_type=\"column\">\n\t\t\t<div class=\"elementor-widget-wrap elementor-element-populated\">\n\t\t\t\t\t\t<div class=\"elementor-element elementor-element-e0c3138 elementor-widget elementor-widget-text-editor\" data-id=\"e0c3138\" data-element_type=\"widget\" data-widget_type=\"text-editor.default\">\n\t\t\t\t<div class=\"elementor-widget-container\">\n\t\t\t\t\t\t\t\t\t<h4>&#8211; D\u00e9finir les objectifs de sa strat\u00e9gie de communication<\/h4>\t\t\t\t\t\t\t\t<\/div>\n\t\t\t\t<\/div>\n\t\t\t\t\t<\/div>\n\t\t<\/div>\n\t\t\t\t\t<\/div>\n\t\t<\/section>\n\t\t\t\t<section class=\"elementor-section elementor-top-section elementor-element elementor-element-0391741 elementor-section-boxed elementor-section-height-default elementor-section-height-default\" data-id=\"0391741\" data-element_type=\"section\">\n\t\t\t\t\t\t<div class=\"elementor-container elementor-column-gap-default\">\n\t\t\t\t\t<div class=\"elementor-column elementor-col-100 elementor-top-column elementor-element elementor-element-9dcb12f\" data-id=\"9dcb12f\" data-element_type=\"column\">\n\t\t\t<div class=\"elementor-widget-wrap elementor-element-populated\">\n\t\t\t\t\t\t<div class=\"elementor-element elementor-element-46d4d2c elementor-widget elementor-widget-text-editor\" data-id=\"46d4d2c\" data-element_type=\"widget\" data-widget_type=\"text-editor.default\">\n\t\t\t\t<div class=\"elementor-widget-container\">\n\t\t\t\t\t\t\t\t\t<p>Pourquoi communiquez-vous ? Est-ce que vous communiquez pour vous faire conna\u00eetre, vous faire aimer ou pour d\u00e9clencher une action comme l\u2019achat d\u2019un nouveau produit par exemple ?<\/p>\t\t\t\t\t\t\t\t<\/div>\n\t\t\t\t<\/div>\n\t\t\t\t\t<\/div>\n\t\t<\/div>\n\t\t\t\t\t<\/div>\n\t\t<\/section>\n\t\t\t\t<section class=\"elementor-section elementor-top-section elementor-element elementor-element-7209404 elementor-section-boxed elementor-section-height-default elementor-section-height-default\" data-id=\"7209404\" data-element_type=\"section\">\n\t\t\t\t\t\t<div class=\"elementor-container elementor-column-gap-default\">\n\t\t\t\t\t<div class=\"elementor-column elementor-col-100 elementor-top-column elementor-element elementor-element-b6ab0b0\" data-id=\"b6ab0b0\" data-element_type=\"column\">\n\t\t\t<div class=\"elementor-widget-wrap elementor-element-populated\">\n\t\t\t\t\t\t<div class=\"elementor-element elementor-element-42e9bee elementor-widget elementor-widget-text-editor\" data-id=\"42e9bee\" data-element_type=\"widget\" data-widget_type=\"text-editor.default\">\n\t\t\t\t<div class=\"elementor-widget-container\">\n\t\t\t\t\t\t\t\t\t<h4>&#8211; Choisir sa cible et comprendre ses attentes<\/h4>\t\t\t\t\t\t\t\t<\/div>\n\t\t\t\t<\/div>\n\t\t\t\t\t<\/div>\n\t\t<\/div>\n\t\t\t\t\t<\/div>\n\t\t<\/section>\n\t\t\t\t<section class=\"elementor-section elementor-top-section elementor-element elementor-element-508d373 elementor-section-boxed elementor-section-height-default elementor-section-height-default\" data-id=\"508d373\" data-element_type=\"section\">\n\t\t\t\t\t\t<div class=\"elementor-container elementor-column-gap-default\">\n\t\t\t\t\t<div class=\"elementor-column elementor-col-100 elementor-top-column elementor-element elementor-element-a82b157\" data-id=\"a82b157\" data-element_type=\"column\">\n\t\t\t<div class=\"elementor-widget-wrap elementor-element-populated\">\n\t\t\t\t\t\t<div class=\"elementor-element elementor-element-166e3d4 elementor-widget elementor-widget-text-editor\" data-id=\"166e3d4\" data-element_type=\"widget\" data-widget_type=\"text-editor.default\">\n\t\t\t\t<div class=\"elementor-widget-container\">\n\t\t\t\t\t\t\t\t\t<p>\u00c0 qui vous adressez-vous et pourquoi ? Quelles sont les habitudes de votre public cible ? Quelles sont ses frustrations et ses envies ? Apprenez \u00e0 conna\u00eetre votre cible et id\u00e9alement, d\u00e9finissez un ou des persona. (Le persona est une personne fictive qui repr\u00e9sente un groupe cible. Les attributs qui lui sont affect\u00e9s permettent de caract\u00e9riser son profil).<\/p>\t\t\t\t\t\t\t\t<\/div>\n\t\t\t\t<\/div>\n\t\t\t\t\t<\/div>\n\t\t<\/div>\n\t\t\t\t\t<\/div>\n\t\t<\/section>\n\t\t\t\t<section class=\"elementor-section elementor-top-section elementor-element elementor-element-1ef527c elementor-section-boxed elementor-section-height-default elementor-section-height-default\" data-id=\"1ef527c\" data-element_type=\"section\">\n\t\t\t\t\t\t<div class=\"elementor-container elementor-column-gap-default\">\n\t\t\t\t\t<div class=\"elementor-column elementor-col-100 elementor-top-column elementor-element elementor-element-2aca804\" data-id=\"2aca804\" data-element_type=\"column\">\n\t\t\t<div class=\"elementor-widget-wrap elementor-element-populated\">\n\t\t\t\t\t\t<div class=\"elementor-element elementor-element-6a71b9b elementor-widget elementor-widget-text-editor\" data-id=\"6a71b9b\" data-element_type=\"widget\" data-widget_type=\"text-editor.default\">\n\t\t\t\t<div class=\"elementor-widget-container\">\n\t\t\t\t\t\t\t\t\t<h4>&#8211; D\u00e9finir son positionnement, ses axes de communication et son style<\/h4>\t\t\t\t\t\t\t\t<\/div>\n\t\t\t\t<\/div>\n\t\t\t\t\t<\/div>\n\t\t<\/div>\n\t\t\t\t\t<\/div>\n\t\t<\/section>\n\t\t\t\t<section class=\"elementor-section elementor-top-section elementor-element elementor-element-889c84f elementor-section-boxed elementor-section-height-default elementor-section-height-default\" data-id=\"889c84f\" data-element_type=\"section\">\n\t\t\t\t\t\t<div class=\"elementor-container elementor-column-gap-default\">\n\t\t\t\t\t<div class=\"elementor-column elementor-col-100 elementor-top-column elementor-element elementor-element-8c2bfcd\" data-id=\"8c2bfcd\" data-element_type=\"column\">\n\t\t\t<div class=\"elementor-widget-wrap elementor-element-populated\">\n\t\t\t\t\t\t<div class=\"elementor-element elementor-element-855574f elementor-widget elementor-widget-text-editor\" data-id=\"855574f\" data-element_type=\"widget\" data-widget_type=\"text-editor.default\">\n\t\t\t\t<div class=\"elementor-widget-container\">\n\t\t\t\t\t\t\t\t\t<p>Quel est votre univers ? Quelles sont vos r\u00e8gles et vos valeurs ? Quel est le bon message \u00e0 communiquer \u00e0 vos clients ? Quel est votre storytelling ? Qu\u2019avez-vous envie qu\u2019ils comprennent et retiennent de votre marque ? Comment avez-vous envie qu\u2019ils vous voient ? Tout ce que vous mettez en place doit \u00eatre \u00e0 la fois coh\u00e9rent et clair pour \u00eatre parfaitement accessible.<\/p>\t\t\t\t\t\t\t\t<\/div>\n\t\t\t\t<\/div>\n\t\t\t\t\t<\/div>\n\t\t<\/div>\n\t\t\t\t\t<\/div>\n\t\t<\/section>\n\t\t\t\t<section class=\"elementor-section elementor-top-section elementor-element elementor-element-edb8edf elementor-section-boxed elementor-section-height-default elementor-section-height-default\" data-id=\"edb8edf\" data-element_type=\"section\">\n\t\t\t\t\t\t<div class=\"elementor-container elementor-column-gap-default\">\n\t\t\t\t\t<div class=\"elementor-column elementor-col-100 elementor-top-column elementor-element elementor-element-3a6750a\" data-id=\"3a6750a\" data-element_type=\"column\">\n\t\t\t<div class=\"elementor-widget-wrap elementor-element-populated\">\n\t\t\t\t\t\t<div class=\"elementor-element elementor-element-dd1e351 elementor-widget elementor-widget-text-editor\" data-id=\"dd1e351\" data-element_type=\"widget\" data-widget_type=\"text-editor.default\">\n\t\t\t\t<div class=\"elementor-widget-container\">\n\t\t\t\t\t\t\t\t\t<h4>&#8211; Choisir ses moyens et ses canaux de communication<\/h4>\t\t\t\t\t\t\t\t<\/div>\n\t\t\t\t<\/div>\n\t\t\t\t\t<\/div>\n\t\t<\/div>\n\t\t\t\t\t<\/div>\n\t\t<\/section>\n\t\t\t\t<section class=\"elementor-section elementor-top-section elementor-element elementor-element-f517b59 elementor-section-boxed elementor-section-height-default elementor-section-height-default\" data-id=\"f517b59\" data-element_type=\"section\">\n\t\t\t\t\t\t<div class=\"elementor-container elementor-column-gap-default\">\n\t\t\t\t\t<div class=\"elementor-column elementor-col-100 elementor-top-column elementor-element elementor-element-b790d53\" data-id=\"b790d53\" data-element_type=\"column\">\n\t\t\t<div class=\"elementor-widget-wrap elementor-element-populated\">\n\t\t\t\t\t\t<div class=\"elementor-element elementor-element-9d79ba7 elementor-widget elementor-widget-text-editor\" data-id=\"9d79ba7\" data-element_type=\"widget\" data-widget_type=\"text-editor.default\">\n\t\t\t\t<div class=\"elementor-widget-container\">\n\t\t\t\t\t\t\t\t\t<p>Selon les objectifs de votre campagne de communication et sa cible, les canaux de communication ne sont pas les m\u00eames. Si vous souhaitez d\u00e9velopper votre image de marque aupr\u00e8s d\u2019une client\u00e8le professionnelle, vous ne communiquerez pas de la m\u00eame mani\u00e8re et sur les m\u00eames supports que si vous souhaitez promouvoir un produit pour enfants.<\/p>\t\t\t\t\t\t\t\t<\/div>\n\t\t\t\t<\/div>\n\t\t\t\t\t<\/div>\n\t\t<\/div>\n\t\t\t\t\t<\/div>\n\t\t<\/section>\n\t\t\t\t<section class=\"elementor-section elementor-top-section elementor-element elementor-element-7d9af85 elementor-section-boxed elementor-section-height-default elementor-section-height-default\" data-id=\"7d9af85\" data-element_type=\"section\">\n\t\t\t\t\t\t<div class=\"elementor-container elementor-column-gap-default\">\n\t\t\t\t\t<div class=\"elementor-column elementor-col-100 elementor-top-column elementor-element elementor-element-afa5929\" data-id=\"afa5929\" data-element_type=\"column\">\n\t\t\t<div class=\"elementor-widget-wrap elementor-element-populated\">\n\t\t\t\t\t\t<div class=\"elementor-element elementor-element-99537b8 elementor-widget elementor-widget-text-editor\" data-id=\"99537b8\" data-element_type=\"widget\" data-widget_type=\"text-editor.default\">\n\t\t\t\t<div class=\"elementor-widget-container\">\n\t\t\t\t\t\t\t\t\t<h4>&#8211; Mettre en \u0153uvre et suivre sa strat\u00e9gie de communication<\/h4>\t\t\t\t\t\t\t\t<\/div>\n\t\t\t\t<\/div>\n\t\t\t\t\t<\/div>\n\t\t<\/div>\n\t\t\t\t\t<\/div>\n\t\t<\/section>\n\t\t\t\t<section class=\"elementor-section elementor-top-section elementor-element elementor-element-dc4be0b elementor-section-boxed elementor-section-height-default elementor-section-height-default\" data-id=\"dc4be0b\" data-element_type=\"section\">\n\t\t\t\t\t\t<div class=\"elementor-container elementor-column-gap-default\">\n\t\t\t\t\t<div class=\"elementor-column elementor-col-100 elementor-top-column elementor-element elementor-element-1a22c95\" data-id=\"1a22c95\" data-element_type=\"column\">\n\t\t\t<div class=\"elementor-widget-wrap elementor-element-populated\">\n\t\t\t\t\t\t<div class=\"elementor-element elementor-element-53e9c8d elementor-widget elementor-widget-text-editor\" data-id=\"53e9c8d\" data-element_type=\"widget\" data-widget_type=\"text-editor.default\">\n\t\t\t\t<div class=\"elementor-widget-container\">\n\t\t\t\t\t\t\t\t\t<p>Que la mise en application de votre strat\u00e9gie soit faite en interne ou avec un prestataire ext\u00e9rieur, ce qui prime alors, c&#8217;est la facult\u00e9 d\u2019organisation et de suivi. L\u2019efficacit\u00e9 de vos actions doit pouvoir \u00eatre mesur\u00e9e, on parle pour cela de KPI (Indicateurs cl\u00e9s de performance) qui permettent d\u2019en \u00e9valuer l\u2019impact sur votre cible. Les KPI s\u2019av\u00e8rent \u00eatre tr\u00e8s utiles, d\u2019autant que la communication n\u2019est pas une science exacte, ils peuvent ainsi permettre de r\u00e9orienter votre strat\u00e9gie si besoin. <\/p>\t\t\t\t\t\t\t\t<\/div>\n\t\t\t\t<\/div>\n\t\t\t\t\t<\/div>\n\t\t<\/div>\n\t\t\t\t\t<\/div>\n\t\t<\/section>\n\t\t\t\t<section class=\"elementor-section elementor-top-section elementor-element elementor-element-d80f54b elementor-section-boxed elementor-section-height-default elementor-section-height-default\" data-id=\"d80f54b\" data-element_type=\"section\">\n\t\t\t\t\t\t<div class=\"elementor-container elementor-column-gap-default\">\n\t\t\t\t\t<div class=\"elementor-column elementor-col-100 elementor-top-column elementor-element elementor-element-519f9db\" data-id=\"519f9db\" data-element_type=\"column\">\n\t\t\t<div class=\"elementor-widget-wrap elementor-element-populated\">\n\t\t\t\t\t\t<div class=\"elementor-element elementor-element-788bb00 elementor-widget elementor-widget-text-editor\" data-id=\"788bb00\" data-element_type=\"widget\" data-widget_type=\"text-editor.default\">\n\t\t\t\t<div class=\"elementor-widget-container\">\n\t\t\t\t\t\t\t\t\t<h4>&#8211; Calculer le budget n\u00e9cessaire<\/h4>\t\t\t\t\t\t\t\t<\/div>\n\t\t\t\t<\/div>\n\t\t\t\t\t<\/div>\n\t\t<\/div>\n\t\t\t\t\t<\/div>\n\t\t<\/section>\n\t\t\t\t<section class=\"elementor-section elementor-top-section elementor-element elementor-element-808ec70 elementor-section-boxed elementor-section-height-default elementor-section-height-default\" data-id=\"808ec70\" data-element_type=\"section\">\n\t\t\t\t\t\t<div class=\"elementor-container elementor-column-gap-default\">\n\t\t\t\t\t<div class=\"elementor-column elementor-col-100 elementor-top-column elementor-element elementor-element-45e57b7\" data-id=\"45e57b7\" data-element_type=\"column\">\n\t\t\t<div class=\"elementor-widget-wrap elementor-element-populated\">\n\t\t\t\t\t\t<div class=\"elementor-element elementor-element-d7a26ca elementor-widget elementor-widget-text-editor\" data-id=\"d7a26ca\" data-element_type=\"widget\" data-widget_type=\"text-editor.default\">\n\t\t\t\t<div class=\"elementor-widget-container\">\n\t\t\t\t\t\t\t\t\t<p>C\u2019est \u00e9videmment une question cruciale qui se pose au moment de l\u2019\u00e9laboration de la strat\u00e9gie puis lors de sa mise en \u0153uvre : Combien \u00e7a va co\u00fbter ? Les actions de communication peuvent couter cher, autant dans leur phase de pr\u00e9paration que dans le d\u00e9roul\u00e9. Pour \u00e9viter les arr\u00eats parfois un peu brusques, il vaut mieux anticiper.<br \/>Plusieurs options d\u2019\u00e9laboration de budget sont possibles :<br \/>. L\u2019entreprise choisit d\u2019allouer un pourcentage de son chiffre d\u2019affaires \u00e0 la communication, r\u00e9partie ensuite en plusieurs initiatives.<br \/>. Le plan de communication est chiffr\u00e9, poste par poste, pour repr\u00e9senter ensuite un budget global de fonctionnement.<\/p>\t\t\t\t\t\t\t\t<\/div>\n\t\t\t\t<\/div>\n\t\t\t\t\t<\/div>\n\t\t<\/div>\n\t\t\t\t\t<\/div>\n\t\t<\/section>\n\t\t\t\t<section class=\"elementor-section elementor-top-section elementor-element elementor-element-fdd5442 elementor-section-boxed elementor-section-height-default elementor-section-height-default\" data-id=\"fdd5442\" data-element_type=\"section\">\n\t\t\t\t\t\t<div class=\"elementor-container elementor-column-gap-default\">\n\t\t\t\t\t<div class=\"elementor-column elementor-col-100 elementor-top-column elementor-element elementor-element-979bcec\" data-id=\"979bcec\" data-element_type=\"column\">\n\t\t\t<div class=\"elementor-widget-wrap elementor-element-populated\">\n\t\t\t\t\t\t<div class=\"elementor-element elementor-element-9f06df6 elementor-widget elementor-widget-spacer\" data-id=\"9f06df6\" data-element_type=\"widget\" data-widget_type=\"spacer.default\">\n\t\t\t\t<div class=\"elementor-widget-container\">\n\t\t\t\t\t\t\t<div class=\"elementor-spacer\">\n\t\t\t<div class=\"elementor-spacer-inner\"><\/div>\n\t\t<\/div>\n\t\t\t\t\t\t<\/div>\n\t\t\t\t<\/div>\n\t\t\t\t\t<\/div>\n\t\t<\/div>\n\t\t\t\t\t<\/div>\n\t\t<\/section>\n\t\t\t\t<section class=\"elementor-section elementor-top-section elementor-element elementor-element-2aaa7b3 elementor-section-boxed elementor-section-height-default elementor-section-height-default\" data-id=\"2aaa7b3\" data-element_type=\"section\">\n\t\t\t\t\t\t<div class=\"elementor-container elementor-column-gap-default\">\n\t\t\t\t\t<div class=\"elementor-column elementor-col-100 elementor-top-column elementor-element elementor-element-9411b64\" data-id=\"9411b64\" data-element_type=\"column\">\n\t\t\t<div class=\"elementor-widget-wrap elementor-element-populated\">\n\t\t\t\t\t\t<div class=\"elementor-element elementor-element-82f2140 elementor-widget elementor-widget-text-editor\" data-id=\"82f2140\" data-element_type=\"widget\" data-widget_type=\"text-editor.default\">\n\t\t\t\t<div class=\"elementor-widget-container\">\n\t\t\t\t\t\t\t\t\t<h3>2 &#8211; Veiller \u00e0 accorder communication interne et externe : <br \/>La communication est l\u2019affaire de tous<\/h3>\t\t\t\t\t\t\t\t<\/div>\n\t\t\t\t<\/div>\n\t\t\t\t\t<\/div>\n\t\t<\/div>\n\t\t\t\t\t<\/div>\n\t\t<\/section>\n\t\t\t\t<section class=\"elementor-section elementor-top-section elementor-element elementor-element-86e3830 elementor-section-boxed elementor-section-height-default elementor-section-height-default\" data-id=\"86e3830\" data-element_type=\"section\">\n\t\t\t\t\t\t<div class=\"elementor-container elementor-column-gap-default\">\n\t\t\t\t\t<div class=\"elementor-column elementor-col-100 elementor-top-column elementor-element elementor-element-d788eda\" data-id=\"d788eda\" data-element_type=\"column\">\n\t\t\t<div class=\"elementor-widget-wrap elementor-element-populated\">\n\t\t\t\t\t\t<div class=\"elementor-element elementor-element-99f2496 elementor-widget elementor-widget-image\" data-id=\"99f2496\" data-element_type=\"widget\" data-widget_type=\"image.default\">\n\t\t\t\t<div class=\"elementor-widget-container\">\n\t\t\t\t\t\t\t\t\t\t\t\t\t\t\t<img decoding=\"async\" width=\"700\" height=\"534\" src=\"https:\/\/www.macapflag.com\/blog\/wp-content\/uploads\/2023\/07\/entreprise-harmoniser-sa-com-2.jpg\" class=\"attachment-large size-large wp-image-13953\" alt=\"La coh\u00e9rence en mati\u00e8re de communication\" srcset=\"https:\/\/www.macapflag.com\/blog\/wp-content\/uploads\/2023\/07\/entreprise-harmoniser-sa-com-2.jpg 700w, https:\/\/www.macapflag.com\/blog\/wp-content\/uploads\/2023\/07\/entreprise-harmoniser-sa-com-2-300x229.jpg 300w\" sizes=\"(max-width: 700px) 100vw, 700px\" \/>\t\t\t\t\t\t\t\t\t\t\t\t\t\t\t<\/div>\n\t\t\t\t<\/div>\n\t\t\t\t\t<\/div>\n\t\t<\/div>\n\t\t\t\t\t<\/div>\n\t\t<\/section>\n\t\t\t\t<section class=\"elementor-section elementor-top-section elementor-element elementor-element-9ab2148 elementor-section-boxed elementor-section-height-default elementor-section-height-default\" data-id=\"9ab2148\" data-element_type=\"section\">\n\t\t\t\t\t\t<div class=\"elementor-container elementor-column-gap-default\">\n\t\t\t\t\t<div class=\"elementor-column elementor-col-100 elementor-top-column elementor-element elementor-element-a04dae4\" data-id=\"a04dae4\" data-element_type=\"column\">\n\t\t\t<div class=\"elementor-widget-wrap elementor-element-populated\">\n\t\t\t\t\t\t<div class=\"elementor-element elementor-element-8319b12 elementor-widget elementor-widget-text-editor\" data-id=\"8319b12\" data-element_type=\"widget\" data-widget_type=\"text-editor.default\">\n\t\t\t\t<div class=\"elementor-widget-container\">\n\t\t\t\t\t\t\t\t\t<p>Lorsqu\u2019une entreprise ou une marque souhaite communiquer, elle pense souvent \u00e0 la communication externe tourn\u00e9e vers la cible, en n\u00e9gligeant la communication interne \u00e0 la soci\u00e9t\u00e9. Pourtant, la coh\u00e9rence de ces deux \u201cc\u00f4t\u00e9s de la barri\u00e8re\u201d est toujours judicieuse.<\/p><p>Une analogie avec la musique est ici int\u00e9ressante. Lorsque plusieurs personnes jouent ensemble, elles ont besoin de s\u2019accorder pour que le rendu musical soit harmonieux. Si chacun joue sa propre musique sur son instrument sans tenir compte de la partition commune, on arrive rapidement \u00e0 une cacophonie. En termes de communication, c&#8217;est la m\u00eame chose, chaque action de communication est d\u00e9finie en r\u00e9sonance avec toutes les autres. <br \/>Si chacun communique sans fil rouge, sans \u201cpartition\u201d, le rendu devient inaudible, inefficace, voire parfois n\u00e9gatif. <br \/>Si tout le monde s\u2019accorde sur la communication, vous \u00eates assur\u00e9 de vous faire entendre et de vous faire voir aussi !<\/p><p>. En interne, on communique pour partager des informations, impliquer les \u00e9quipes et renforcer le sentiment d\u2019appartenance et la culture d\u2019entreprise.<\/p><p>. Lorsque la communication est tourn\u00e9e vers l\u2019ext\u00e9rieur, elle vise \u00e0 construire et \u00e0 renforcer la notori\u00e9t\u00e9 et l\u2019image de la marque et \u00e0 stimuler la vente des produits aupr\u00e8s de clients actuels et de prospects.<\/p><p>Si les objectifs et les cibles sont bien diff\u00e9rentes, il est important de ne pas les opposer et de comprendre leur compl\u00e9mentarit\u00e9.<\/p><p>Plus les valeurs de l\u2019entreprise sont comprises et accept\u00e9es par les salari\u00e9s, plus ils les partagent et les font rayonner partout, m\u00eame \u00e0 l\u2019ext\u00e9rieur de l\u2019entreprise.<br \/>Plus les process et les termes techniques sont int\u00e9gr\u00e9s par les \u00e9quipes, plus ces derni\u00e8res ma\u00eetrisent les \u00e9changes avec un client ou un fournisseur. Leurs comp\u00e9tences sont ainsi visibles et accessibles, tel un gage de cr\u00e9dibilit\u00e9 et de fiabilit\u00e9 de l\u2019entreprise.<br \/>Une charte graphique et une identit\u00e9 visuelle de la marque bien pr\u00e9sentes en interne assurent un impact en externe. La signal\u00e9tique ext\u00e9rieure est aussi un vecteur de communication. Un <a href=\"https:\/\/www.macapflag.com\/12-drapeau-pour-mat-personnalise\"><span style=\"color: #3366ff;\"><strong>drapeau publicitaire<\/strong><\/span><\/a> pour m\u00e2t ou un <a href=\"https:\/\/www.macapflag.com\/41-beach-flag-oriflamme\"><span style=\"color: #3366ff;\"><strong>beachflag<\/strong><\/span><\/a> imprim\u00e9 \u00e0 vos couleurs devant l\u2019entr\u00e9e sont utiles pour indiquer le lieu. Ils servent \u00e9galement la notori\u00e9t\u00e9 de la marque. Un cadre toile imprim\u00e9 dans l\u2019entr\u00e9e des locaux d\u2019accueil ou un <span style=\"color: #3366ff;\"><a style=\"color: #3366ff;\" href=\"https:\/\/www.macapflag.com\/59-display-roll-up\"><strong>roll up<\/strong><\/a><\/span> personnalis\u00e9 dans la salle de r\u00e9union renforcent l\u2019identit\u00e9 de la marque si la personnalisation est imprim\u00e9e en coh\u00e9rence avec la strat\u00e9gie de communication globale.<\/p>\t\t\t\t\t\t\t\t<\/div>\n\t\t\t\t<\/div>\n\t\t\t\t\t<\/div>\n\t\t<\/div>\n\t\t\t\t\t<\/div>\n\t\t<\/section>\n\t\t\t\t<section class=\"elementor-section elementor-top-section elementor-element elementor-element-0341e14 elementor-section-boxed elementor-section-height-default elementor-section-height-default\" data-id=\"0341e14\" data-element_type=\"section\">\n\t\t\t\t\t\t<div class=\"elementor-container elementor-column-gap-default\">\n\t\t\t\t\t<div class=\"elementor-column elementor-col-100 elementor-top-column elementor-element elementor-element-7a56cba\" data-id=\"7a56cba\" data-element_type=\"column\">\n\t\t\t<div class=\"elementor-widget-wrap elementor-element-populated\">\n\t\t\t\t\t\t<div class=\"elementor-element elementor-element-f745844 elementor-widget elementor-widget-spacer\" data-id=\"f745844\" data-element_type=\"widget\" data-widget_type=\"spacer.default\">\n\t\t\t\t<div class=\"elementor-widget-container\">\n\t\t\t\t\t\t\t<div class=\"elementor-spacer\">\n\t\t\t<div class=\"elementor-spacer-inner\"><\/div>\n\t\t<\/div>\n\t\t\t\t\t\t<\/div>\n\t\t\t\t<\/div>\n\t\t\t\t\t<\/div>\n\t\t<\/div>\n\t\t\t\t\t<\/div>\n\t\t<\/section>\n\t\t\t\t<section class=\"elementor-section elementor-top-section elementor-element elementor-element-2e1f03c elementor-section-boxed elementor-section-height-default elementor-section-height-default\" data-id=\"2e1f03c\" data-element_type=\"section\">\n\t\t\t\t\t\t<div class=\"elementor-container elementor-column-gap-default\">\n\t\t\t\t\t<div class=\"elementor-column elementor-col-100 elementor-top-column elementor-element elementor-element-97baea9\" data-id=\"97baea9\" data-element_type=\"column\">\n\t\t\t<div class=\"elementor-widget-wrap elementor-element-populated\">\n\t\t\t\t\t\t<div class=\"elementor-element elementor-element-6792c2f elementor-widget elementor-widget-text-editor\" data-id=\"6792c2f\" data-element_type=\"widget\" data-widget_type=\"text-editor.default\">\n\t\t\t\t<div class=\"elementor-widget-container\">\n\t\t\t\t\t\t\t\t\t<h3>3 &#8211; D\u00e9ployer efficacement sa strat\u00e9gie<\/h3>\t\t\t\t\t\t\t\t<\/div>\n\t\t\t\t<\/div>\n\t\t\t\t\t<\/div>\n\t\t<\/div>\n\t\t\t\t\t<\/div>\n\t\t<\/section>\n\t\t\t\t<section class=\"elementor-section elementor-top-section elementor-element elementor-element-6655055 elementor-section-boxed elementor-section-height-default elementor-section-height-default\" data-id=\"6655055\" data-element_type=\"section\">\n\t\t\t\t\t\t<div class=\"elementor-container elementor-column-gap-default\">\n\t\t\t\t\t<div class=\"elementor-column elementor-col-100 elementor-top-column elementor-element elementor-element-78983cf\" data-id=\"78983cf\" data-element_type=\"column\">\n\t\t\t<div class=\"elementor-widget-wrap elementor-element-populated\">\n\t\t\t\t\t\t<div class=\"elementor-element elementor-element-31c5d00 elementor-widget elementor-widget-image\" data-id=\"31c5d00\" data-element_type=\"widget\" data-widget_type=\"image.default\">\n\t\t\t\t<div class=\"elementor-widget-container\">\n\t\t\t\t\t\t\t\t\t\t\t\t\t\t\t<img decoding=\"async\" width=\"700\" height=\"534\" src=\"https:\/\/www.macapflag.com\/blog\/wp-content\/uploads\/2023\/07\/entreprise-harmoniser-sa-com-3.jpg\" class=\"attachment-large size-large wp-image-13954\" alt=\"La m\u00e9thode des 7 C de la communication\" srcset=\"https:\/\/www.macapflag.com\/blog\/wp-content\/uploads\/2023\/07\/entreprise-harmoniser-sa-com-3.jpg 700w, https:\/\/www.macapflag.com\/blog\/wp-content\/uploads\/2023\/07\/entreprise-harmoniser-sa-com-3-300x229.jpg 300w\" sizes=\"(max-width: 700px) 100vw, 700px\" \/>\t\t\t\t\t\t\t\t\t\t\t\t\t\t\t<\/div>\n\t\t\t\t<\/div>\n\t\t\t\t\t<\/div>\n\t\t<\/div>\n\t\t\t\t\t<\/div>\n\t\t<\/section>\n\t\t\t\t<section class=\"elementor-section elementor-top-section elementor-element elementor-element-3ed47f4 elementor-section-boxed elementor-section-height-default elementor-section-height-default\" data-id=\"3ed47f4\" data-element_type=\"section\">\n\t\t\t\t\t\t<div class=\"elementor-container elementor-column-gap-default\">\n\t\t\t\t\t<div class=\"elementor-column elementor-col-100 elementor-top-column elementor-element elementor-element-96b3a5c\" data-id=\"96b3a5c\" data-element_type=\"column\">\n\t\t\t<div class=\"elementor-widget-wrap elementor-element-populated\">\n\t\t\t\t\t\t<div class=\"elementor-element elementor-element-29bd0b7 elementor-widget elementor-widget-text-editor\" data-id=\"29bd0b7\" data-element_type=\"widget\" data-widget_type=\"text-editor.default\">\n\t\t\t\t<div class=\"elementor-widget-container\">\n\t\t\t\t\t\t\t\t\t<h4>&#8211; En appliquant la m\u00e9thode des 7C<\/h4>\t\t\t\t\t\t\t\t<\/div>\n\t\t\t\t<\/div>\n\t\t\t\t\t<\/div>\n\t\t<\/div>\n\t\t\t\t\t<\/div>\n\t\t<\/section>\n\t\t\t\t<section class=\"elementor-section elementor-top-section elementor-element elementor-element-9408970 elementor-section-boxed elementor-section-height-default elementor-section-height-default\" data-id=\"9408970\" data-element_type=\"section\">\n\t\t\t\t\t\t<div class=\"elementor-container elementor-column-gap-default\">\n\t\t\t\t\t<div class=\"elementor-column elementor-col-100 elementor-top-column elementor-element elementor-element-9c614a4\" data-id=\"9c614a4\" data-element_type=\"column\">\n\t\t\t<div class=\"elementor-widget-wrap elementor-element-populated\">\n\t\t\t\t\t\t<div class=\"elementor-element elementor-element-f6e20cd elementor-widget elementor-widget-text-editor\" data-id=\"f6e20cd\" data-element_type=\"widget\" data-widget_type=\"text-editor.default\">\n\t\t\t\t<div class=\"elementor-widget-container\">\n\t\t\t\t\t\t\t\t\t<p>En mati\u00e8re de communication, la m\u00e9thode des 7C pourrait aussi s\u2019intituler la m\u00e9thode des sept cl\u00e9s. C\u2019est une sorte de check-list \u00e0 utiliser avant chaque action de communication, qu\u2019elle soit orale, \u00e9crite ou visuelle. <br \/>Pour \u00eatre entendu, compris et efficace, votre message doit toujours \u00eatre :<\/p><ul style=\"list-style-type: square;\"><li>Clair<\/li><li>Concis<\/li><li>Concret<\/li><li>Correct<\/li><li>Coh\u00e9rent<\/li><li>Complet<\/li><li>Courtois<\/li><\/ul>\t\t\t\t\t\t\t\t<\/div>\n\t\t\t\t<\/div>\n\t\t\t\t\t<\/div>\n\t\t<\/div>\n\t\t\t\t\t<\/div>\n\t\t<\/section>\n\t\t\t\t<section class=\"elementor-section elementor-top-section elementor-element elementor-element-5915cac elementor-section-boxed elementor-section-height-default elementor-section-height-default\" data-id=\"5915cac\" data-element_type=\"section\">\n\t\t\t\t\t\t<div class=\"elementor-container elementor-column-gap-default\">\n\t\t\t\t\t<div class=\"elementor-column elementor-col-100 elementor-top-column elementor-element elementor-element-8b295c4\" data-id=\"8b295c4\" data-element_type=\"column\">\n\t\t\t<div class=\"elementor-widget-wrap elementor-element-populated\">\n\t\t\t\t\t\t<div class=\"elementor-element elementor-element-170a63d elementor-widget elementor-widget-text-editor\" data-id=\"170a63d\" data-element_type=\"widget\" data-widget_type=\"text-editor.default\">\n\t\t\t\t<div class=\"elementor-widget-container\">\n\t\t\t\t\t\t\t\t\t<h4>&#8211; En optant pour des supports de communication visuelle adapt\u00e9s et coh\u00e9rents<\/h4>\t\t\t\t\t\t\t\t<\/div>\n\t\t\t\t<\/div>\n\t\t\t\t\t<\/div>\n\t\t<\/div>\n\t\t\t\t\t<\/div>\n\t\t<\/section>\n\t\t\t\t<section class=\"elementor-section elementor-top-section elementor-element elementor-element-06ed8ef elementor-section-boxed elementor-section-height-default elementor-section-height-default\" data-id=\"06ed8ef\" data-element_type=\"section\">\n\t\t\t\t\t\t<div class=\"elementor-container elementor-column-gap-default\">\n\t\t\t\t\t<div class=\"elementor-column elementor-col-100 elementor-top-column elementor-element elementor-element-ac037b7\" data-id=\"ac037b7\" data-element_type=\"column\">\n\t\t\t<div class=\"elementor-widget-wrap elementor-element-populated\">\n\t\t\t\t\t\t<div class=\"elementor-element elementor-element-95470b6 elementor-widget elementor-widget-text-editor\" data-id=\"95470b6\" data-element_type=\"widget\" data-widget_type=\"text-editor.default\">\n\t\t\t\t<div class=\"elementor-widget-container\">\n\t\t\t\t\t\t\t\t\t<p>Une analogie avec la musique pourrait \u00eatre r\u00e9utilis\u00e9e ici avec le choix des instruments, adapt\u00e9 \u00e0 la composition de la musique : Lorsque la strat\u00e9gie de communication est d\u00e9finie et pr\u00eate \u00e0 \u00eatre d\u00e9ploy\u00e9e, c\u2019est le choix des bons supports, harmonis\u00e9s entre eux, qui participera \u00e0 son efficacit\u00e9.<\/p>\t\t\t\t\t\t\t\t<\/div>\n\t\t\t\t<\/div>\n\t\t\t\t\t<\/div>\n\t\t<\/div>\n\t\t\t\t\t<\/div>\n\t\t<\/section>\n\t\t\t\t<section class=\"elementor-section elementor-top-section elementor-element elementor-element-bcd229d elementor-section-boxed elementor-section-height-default elementor-section-height-default\" data-id=\"bcd229d\" data-element_type=\"section\">\n\t\t\t\t\t\t<div class=\"elementor-container elementor-column-gap-default\">\n\t\t\t\t\t<div class=\"elementor-column elementor-col-100 elementor-top-column elementor-element elementor-element-e447899\" data-id=\"e447899\" data-element_type=\"column\">\n\t\t\t<div class=\"elementor-widget-wrap elementor-element-populated\">\n\t\t\t\t\t\t<div class=\"elementor-element elementor-element-01f3659 elementor-widget elementor-widget-text-editor\" data-id=\"01f3659\" data-element_type=\"widget\" data-widget_type=\"text-editor.default\">\n\t\t\t\t<div class=\"elementor-widget-container\">\n\t\t\t\t\t\t\t\t\t<h5>Communication outdoor<\/h5>\t\t\t\t\t\t\t\t<\/div>\n\t\t\t\t<\/div>\n\t\t\t\t\t<\/div>\n\t\t<\/div>\n\t\t\t\t\t<\/div>\n\t\t<\/section>\n\t\t\t\t<section class=\"elementor-section elementor-top-section elementor-element elementor-element-5b3964a elementor-section-boxed elementor-section-height-default elementor-section-height-default\" data-id=\"5b3964a\" data-element_type=\"section\">\n\t\t\t\t\t\t<div class=\"elementor-container elementor-column-gap-default\">\n\t\t\t\t\t<div class=\"elementor-column elementor-col-100 elementor-top-column elementor-element elementor-element-32e432d\" data-id=\"32e432d\" data-element_type=\"column\">\n\t\t\t<div class=\"elementor-widget-wrap elementor-element-populated\">\n\t\t\t\t\t\t<div class=\"elementor-element elementor-element-37f9c51 elementor-widget elementor-widget-text-editor\" data-id=\"37f9c51\" data-element_type=\"widget\" data-widget_type=\"text-editor.default\">\n\t\t\t\t<div class=\"elementor-widget-container\">\n\t\t\t\t\t\t\t\t\t<p>De nombreuses solutions permettent d\u2019harmoniser la communication outdoor et la signal\u00e9tique pour offrir une visibilit\u00e9 maximale \u00e0 votre marque. <br \/>Si l\u2019enseigne (lumineuse ou classique) reste un \u00e9l\u00e9ment de communication basique, d\u2019autres supports personnalis\u00e9s peuvent venir la compl\u00e9ter. <br \/>Les <a href=\"https:\/\/www.macapflag.com\/12-drapeau-pour-mat-personnalise\"><span style=\"color: #3366ff;\"><strong>drapeaux publicitaires pour m\u00e2ts<\/strong><\/span><\/a>, les <a href=\"https:\/\/www.macapflag.com\/24-kakemono-exterieur-lampadaire\"><span style=\"color: #3366ff;\"><strong>kak\u00e9monos pour lampadaires<\/strong><\/span><\/a> ou les <a href=\"https:\/\/www.macapflag.com\/41-beach-flag-oriflamme\"><span style=\"color: #3366ff;\"><strong>beachflags et oriflammes<\/strong><\/span><\/a> remplissent parfaitement cette fonction. <br \/>Disponibles en plusieurs tailles, mati\u00e8res et formes, ces supports textiles sont imprim\u00e9s sur toute leur surface. Ils repr\u00e9sentent une opportunit\u00e9 unique de communiquer harmonieusement et efficacement \u00e0 moindre co\u00fbt. <br \/>Gr\u00e2ce \u00e0 une impression textile haute d\u00e9finition qui pr\u00e9sente peu de limites en termes de couleurs et de type d\u2019impression (photo, texte, illustration), vous pouvez choisir d\u2019imprimer diff\u00e9rents supports, identiques ou assortis. <br \/>Dispos\u00e9s dans un m\u00eame champ visuel, ces supports visuels dynamiques permettent non seulement d\u2019assurer la signal\u00e9tique de votre \u00e9tablissement, mais aussi de cr\u00e9er et de valoriser un univers en coh\u00e9rence avec les valeurs de la marque.<br \/>S\u2019ils sont peu on\u00e9reux, ils pr\u00e9sentent aussi l\u2019avantage d\u2019\u00eatre interchangeables. <br \/>Qu\u2019il s\u2019agisse d\u2019un drapeau publicitaire, d\u2019un kak\u00e9mono ou d\u2019une voile de beachflag, chacun d\u2019entre eux dispose d\u2019un visuel qui peut \u00eatre renouvel\u00e9 n\u2019importe quand. <br \/>Un nouveau message \u00e0 diffuser ? Un nouveau produit \u00e0 promouvoir ? Un \u00e9v\u00e8nement \u00e0 c\u00e9l\u00e9brer ? L\u2019univers de votre communication outdoor joue une nouvelle partition !<\/p>\t\t\t\t\t\t\t\t<\/div>\n\t\t\t\t<\/div>\n\t\t\t\t\t<\/div>\n\t\t<\/div>\n\t\t\t\t\t<\/div>\n\t\t<\/section>\n\t\t\t\t<section class=\"elementor-section elementor-top-section elementor-element elementor-element-00a4fb2 elementor-section-boxed elementor-section-height-default elementor-section-height-default\" data-id=\"00a4fb2\" data-element_type=\"section\">\n\t\t\t\t\t\t<div class=\"elementor-container elementor-column-gap-default\">\n\t\t\t\t\t<div class=\"elementor-column elementor-col-100 elementor-top-column elementor-element elementor-element-dc42b2a\" data-id=\"dc42b2a\" data-element_type=\"column\">\n\t\t\t<div class=\"elementor-widget-wrap elementor-element-populated\">\n\t\t\t\t\t\t<div class=\"elementor-element elementor-element-b956d48 elementor-widget elementor-widget-text-editor\" data-id=\"b956d48\" data-element_type=\"widget\" data-widget_type=\"text-editor.default\">\n\t\t\t\t<div class=\"elementor-widget-container\">\n\t\t\t\t\t\t\t\t\t<h5>Communication indoor<\/h5>\t\t\t\t\t\t\t\t<\/div>\n\t\t\t\t<\/div>\n\t\t\t\t\t<\/div>\n\t\t<\/div>\n\t\t\t\t\t<\/div>\n\t\t<\/section>\n\t\t\t\t<section class=\"elementor-section elementor-top-section elementor-element elementor-element-f1b7629 elementor-section-boxed elementor-section-height-default elementor-section-height-default\" data-id=\"f1b7629\" data-element_type=\"section\">\n\t\t\t\t\t\t<div class=\"elementor-container elementor-column-gap-default\">\n\t\t\t\t\t<div class=\"elementor-column elementor-col-100 elementor-top-column elementor-element elementor-element-31203af\" data-id=\"31203af\" data-element_type=\"column\">\n\t\t\t<div class=\"elementor-widget-wrap elementor-element-populated\">\n\t\t\t\t\t\t<div class=\"elementor-element elementor-element-749f354 elementor-widget elementor-widget-text-editor\" data-id=\"749f354\" data-element_type=\"widget\" data-widget_type=\"text-editor.default\">\n\t\t\t\t<div class=\"elementor-widget-container\">\n\t\t\t\t\t\t\t\t\t<p>Le principe est le m\u00eame en int\u00e9rieur qu\u2019en ext\u00e9rieur. Diff\u00e9rents supports vous permettent de cr\u00e9er un ou des espaces qui v\u00e9hiculent l\u2019image de votre marque et assurent votre visibilit\u00e9. En entreprise, mais aussi lors d\u2019un salon ou d\u2019une manifestation hors de vos locaux, personnalisez des supports \u00e0 votre image pour mieux la promouvoir.<br \/><a href=\"https:\/\/www.macapflag.com\/117-cadre-toile-tendue\"><span style=\"color: #3366ff;\"><strong>Cadre toile imprim\u00e9<\/strong><\/span><\/a>, <span style=\"color: #3366ff;\"><a style=\"color: #3366ff;\" href=\"https:\/\/www.macapflag.com\/76-nappe-personnalisee\"><strong>nappe<\/strong><\/a><\/span>, <a href=\"https:\/\/www.macapflag.com\/41-beach-flag-oriflamme\"><span style=\"color: #3366ff;\"><strong>oriflamme<\/strong><\/span><\/a>, <a href=\"https:\/\/www.macapflag.com\/display-roll-up\/791892-comptoir-pliable-avec-tablette-pliable.html\"><span style=\"color: #3366ff;\"><strong>comptoir textile personnalis\u00e9<\/strong><\/span><\/a> et <a href=\"https:\/\/www.macapflag.com\/chaise-publicitaire-cube-pouf\/102-cube-pouf.html\"><span style=\"color: #3366ff;\"><strong>cube pouf imprim\u00e9<\/strong><\/span><\/a> sur toutes ses faces sont autant de possibilit\u00e9s de personnaliser \u00e0 votre image des objets aussi utiles que beaux. Pour la majorit\u00e9 des supports, la structure fixe est habill\u00e9e d\u2019un visuel textile imprim\u00e9 interchangeable. Vous pouvez, \u00e0 tout moment, remplacer les visuels par de nouveaux textiles imprim\u00e9s.<\/p>\t\t\t\t\t\t\t\t<\/div>\n\t\t\t\t<\/div>\n\t\t\t\t\t<\/div>\n\t\t<\/div>\n\t\t\t\t\t<\/div>\n\t\t<\/section>\n\t\t\t\t<section class=\"elementor-section elementor-top-section elementor-element elementor-element-a969296 elementor-section-boxed elementor-section-height-default elementor-section-height-default\" data-id=\"a969296\" data-element_type=\"section\">\n\t\t\t\t\t\t<div class=\"elementor-container elementor-column-gap-default\">\n\t\t\t\t\t<div class=\"elementor-column elementor-col-100 elementor-top-column elementor-element elementor-element-bf3272f\" data-id=\"bf3272f\" data-element_type=\"column\">\n\t\t\t<div class=\"elementor-widget-wrap elementor-element-populated\">\n\t\t\t\t\t\t<div class=\"elementor-element elementor-element-5432bb2 elementor-widget elementor-widget-text-editor\" data-id=\"5432bb2\" data-element_type=\"widget\" data-widget_type=\"text-editor.default\">\n\t\t\t\t<div class=\"elementor-widget-container\">\n\t\t\t\t\t\t\t\t\t<h5>Une communication globale en phase :<br \/>Indoor, outdoor, interne, externe, digitale et traditionnelle<\/h5>\t\t\t\t\t\t\t\t<\/div>\n\t\t\t\t<\/div>\n\t\t\t\t\t<\/div>\n\t\t<\/div>\n\t\t\t\t\t<\/div>\n\t\t<\/section>\n\t\t\t\t<section class=\"elementor-section elementor-top-section elementor-element elementor-element-8655f33 elementor-section-boxed elementor-section-height-default elementor-section-height-default\" data-id=\"8655f33\" data-element_type=\"section\">\n\t\t\t\t\t\t<div class=\"elementor-container elementor-column-gap-default\">\n\t\t\t\t\t<div class=\"elementor-column elementor-col-100 elementor-top-column elementor-element elementor-element-bf509ad\" data-id=\"bf509ad\" data-element_type=\"column\">\n\t\t\t<div class=\"elementor-widget-wrap elementor-element-populated\">\n\t\t\t\t\t\t<div class=\"elementor-element elementor-element-234ba48 elementor-widget elementor-widget-text-editor\" data-id=\"234ba48\" data-element_type=\"widget\" data-widget_type=\"text-editor.default\">\n\t\t\t\t<div class=\"elementor-widget-container\">\n\t\t\t\t\t\t\t\t\t<p>Sur des documents imprim\u00e9s, sur le site internet et les pages des r\u00e9seaux sociaux de la marque, sur les supports de signal\u00e9tique et de communication \u00e9v\u00e8nementielle, sur tous les objets personnalis\u00e9s, votre message et votre communication visuelle doivent \u00eatre clairs et coh\u00e9rents.<\/p><p><em><strong>Exemples :<\/strong><\/em><\/p><p><em>Vous souhaitez mettre en avant la caution et l\u2019expertise technique de votre entreprise aupr\u00e8s d\u2019une client\u00e8le professionnelle, votre vocabulaire et votre champ lexical seront fournis et orient\u00e9s vers vos \u00e9quipements en mat\u00e9riel et la comp\u00e9tence de vos \u00e9quipes. <\/em><br \/><em>Vos visuels, aussi bien au format digital qu\u2019imprim\u00e9s, seront ceux de vos machines en fonction, de vos salari\u00e9s concentr\u00e9s, en train d\u2019effectuer des t\u00e2ches pr\u00e9cises. <\/em><br \/><em>Les visuels et la charte graphique pourront \u00eatre majoritairement dans des tons de gris et de bleu pour renforcer la notion de technique ma\u00eetris\u00e9e et d\u2019expertise.<\/em><\/p><p><br \/><em>Vous avez envie de d\u00e9velopper l\u2019image naturelle de vos produits et leur impact positif sur votre sant\u00e9. Vous choisirez des mots issus de ces univers, \u201c nature, bien-\u00eatre, s\u00e9r\u00e9nit\u00e9\u2026 \u201d. Votre charte graphique pourrait \u00eatre \u00e9pur\u00e9e et orient\u00e9e vers des tons pastel dans les nuanciers de vert ou de brun de la terre ou de rose clair. En termes de vocabulaire, vous pourrez rester sobre et simple. Les visuels de vos supports pourraient \u00eatre des paysages naturels et\/ou des personnes souriantes et \u00e9panouies, qui respirent la s\u00e9r\u00e9nit\u00e9.<\/em><\/p>\t\t\t\t\t\t\t\t<\/div>\n\t\t\t\t<\/div>\n\t\t\t\t\t<\/div>\n\t\t<\/div>\n\t\t\t\t\t<\/div>\n\t\t<\/section>\n\t\t\t\t<section class=\"elementor-section elementor-top-section elementor-element elementor-element-9ad9461 elementor-section-boxed elementor-section-height-default elementor-section-height-default\" data-id=\"9ad9461\" data-element_type=\"section\">\n\t\t\t\t\t\t<div class=\"elementor-container elementor-column-gap-default\">\n\t\t\t\t\t<div class=\"elementor-column elementor-col-100 elementor-top-column elementor-element elementor-element-8fd3166\" data-id=\"8fd3166\" data-element_type=\"column\">\n\t\t\t<div class=\"elementor-widget-wrap elementor-element-populated\">\n\t\t\t\t\t\t<div class=\"elementor-element elementor-element-e7c8ea7 elementor-widget elementor-widget-spacer\" data-id=\"e7c8ea7\" data-element_type=\"widget\" data-widget_type=\"spacer.default\">\n\t\t\t\t<div class=\"elementor-widget-container\">\n\t\t\t\t\t\t\t<div class=\"elementor-spacer\">\n\t\t\t<div class=\"elementor-spacer-inner\"><\/div>\n\t\t<\/div>\n\t\t\t\t\t\t<\/div>\n\t\t\t\t<\/div>\n\t\t\t\t\t<\/div>\n\t\t<\/div>\n\t\t\t\t\t<\/div>\n\t\t<\/section>\n\t\t\t\t<section class=\"elementor-section elementor-top-section elementor-element elementor-element-b9cbd9f elementor-section-boxed elementor-section-height-default elementor-section-height-default\" data-id=\"b9cbd9f\" data-element_type=\"section\">\n\t\t\t\t\t\t<div class=\"elementor-container elementor-column-gap-default\">\n\t\t\t\t\t<div class=\"elementor-column elementor-col-100 elementor-top-column elementor-element elementor-element-7626f25\" data-id=\"7626f25\" data-element_type=\"column\">\n\t\t\t<div class=\"elementor-widget-wrap elementor-element-populated\">\n\t\t\t\t\t\t<div class=\"elementor-element elementor-element-701b65d elementor-widget elementor-widget-text-editor\" data-id=\"701b65d\" data-element_type=\"widget\" data-widget_type=\"text-editor.default\">\n\t\t\t\t<div class=\"elementor-widget-container\">\n\t\t\t\t\t\t\t\t\t<h2>Pour aller plus loin sur ce sujet\u2026<\/h2>\t\t\t\t\t\t\t\t<\/div>\n\t\t\t\t<\/div>\n\t\t\t\t\t<\/div>\n\t\t<\/div>\n\t\t\t\t\t<\/div>\n\t\t<\/section>\n\t\t\t\t<section class=\"elementor-section elementor-top-section elementor-element elementor-element-14f8bd0 elementor-section-boxed elementor-section-height-default elementor-section-height-default\" data-id=\"14f8bd0\" data-element_type=\"section\">\n\t\t\t\t\t\t<div class=\"elementor-container elementor-column-gap-default\">\n\t\t\t\t\t<div class=\"elementor-column elementor-col-100 elementor-top-column elementor-element elementor-element-f8b53d3\" data-id=\"f8b53d3\" data-element_type=\"column\">\n\t\t\t<div class=\"elementor-widget-wrap elementor-element-populated\">\n\t\t\t\t\t\t<div class=\"elementor-element elementor-element-5f66ece elementor-widget elementor-widget-text-editor\" data-id=\"5f66ece\" data-element_type=\"widget\" data-widget_type=\"text-editor.default\">\n\t\t\t\t<div class=\"elementor-widget-container\">\n\t\t\t\t\t\t\t\t\t<p>Ce sujet vous int\u00e9resse ? La communication et la mise en valeur de votre image sont au c\u0153ur de notre m\u00e9tier. Consultez les diff\u00e9rents articles de notre blog. Efficaces, ludiques et pertinents, ils vont permettront d\u2019approfondir cette notion de communication harmonieuse tout en vous proposant des mises en application faciles et au juste prix.<\/p><p>En voici quelques exemples :<\/p><p><a href=\"https:\/\/www.macapflag.com\/blog\/signaletique\/\"><span style=\"color: #3366ff;\"><strong>Les 5 meilleurs supports de communication pour votre signal\u00e9tique externe\u00a0<\/strong><\/span><\/a><\/p><p><a href=\"https:\/\/www.macapflag.com\/blog\/plv-la-selection-des-meilleurs-supports-indoor\/\"><span style=\"color: #3366ff;\"><strong>PLV, la s\u00e9lection des meilleurs supports indoor<\/strong><\/span><\/a><\/p><p><a href=\"https:\/\/www.macapflag.com\/blog\/com\/\"><strong><span style=\"color: #3366ff;\">D\u00e9multiplier ses supports de com : un exemple grandeur nature r\u00e9ussi !<\/span><\/strong><\/a><\/p><p><a href=\"https:\/\/www.macapflag.com\/blog\/couleurs-signification\/\"><span style=\"color: #3366ff;\"><strong>La signification des couleurs\u00a0<\/strong><\/span><\/a><\/p>\t\t\t\t\t\t\t\t<\/div>\n\t\t\t\t<\/div>\n\t\t\t\t\t<\/div>\n\t\t<\/div>\n\t\t\t\t\t<\/div>\n\t\t<\/section>\n\t\t\t\t<section class=\"elementor-section elementor-top-section elementor-element elementor-element-14d758c elementor-section-boxed elementor-section-height-default elementor-section-height-default\" data-id=\"14d758c\" data-element_type=\"section\">\n\t\t\t\t\t\t<div class=\"elementor-container elementor-column-gap-default\">\n\t\t\t\t\t<div class=\"elementor-column elementor-col-100 elementor-top-column elementor-element elementor-element-4a57dfa\" data-id=\"4a57dfa\" data-element_type=\"column\">\n\t\t\t<div class=\"elementor-widget-wrap elementor-element-populated\">\n\t\t\t\t\t\t<div class=\"elementor-element elementor-element-dd10329 elementor-widget elementor-widget-image\" data-id=\"dd10329\" data-element_type=\"widget\" data-widget_type=\"image.default\">\n\t\t\t\t<div class=\"elementor-widget-container\">\n\t\t\t\t\t\t\t\t\t\t\t\t\t\t\t<img loading=\"lazy\" decoding=\"async\" width=\"700\" height=\"320\" src=\"https:\/\/www.macapflag.com\/blog\/wp-content\/uploads\/2021\/04\/fabriquant-de-drapeaux-kakemonos-banderoles-beach-flags-oriflammes-macap.jpg\" class=\"attachment-large size-large wp-image-10133\" alt=\"Macap fabriquant de drapeaux kak\u00e9mono banderole beach flag oriflamme\" srcset=\"https:\/\/www.macapflag.com\/blog\/wp-content\/uploads\/2021\/04\/fabriquant-de-drapeaux-kakemonos-banderoles-beach-flags-oriflammes-macap.jpg 700w, https:\/\/www.macapflag.com\/blog\/wp-content\/uploads\/2021\/04\/fabriquant-de-drapeaux-kakemonos-banderoles-beach-flags-oriflammes-macap-300x137.jpg 300w\" sizes=\"(max-width: 700px) 100vw, 700px\" \/>\t\t\t\t\t\t\t\t\t\t\t\t\t\t\t<\/div>\n\t\t\t\t<\/div>\n\t\t\t\t\t<\/div>\n\t\t<\/div>\n\t\t\t\t\t<\/div>\n\t\t<\/section>\n\t\t\t\t<\/div>\n\t\t","protected":false},"excerpt":{"rendered":"<div class=\"tmnf_excerpt\"><p>Tous les bons communicants vous le diront, harmoniser sa communication, c\u2019est essentiel !Pour avoir un impact plus fort aupr\u00e8s de son audience, pour faire grandir son image de marque, pour asseoir son identit\u00e9 de mani\u00e8re s\u00e9rieuse et de coh\u00e9rente\u2026 Toutes les raisons d\u00e9montrent que ce chemin est bien celui qu\u2019il faut suivre.Si chacun s\u2019accorde sur &hellip;<\/p>\n<\/div>","protected":false},"author":2,"featured_media":13955,"comment_status":"closed","ping_status":"open","sticky":false,"template":"template-fullwidth.php","format":"standard","meta":{"footnotes":""},"categories":[93],"tags":[],"class_list":["post-13956","post","type-post","status-publish","format-standard","has-post-thumbnail","hentry","category-com"],"yoast_head":"<!-- This site is optimized with the Yoast SEO plugin v26.4 - https:\/\/yoast.com\/wordpress\/plugins\/seo\/ -->\n<title>Entreprise : Pourquoi et comment harmoniser sa communication ?<\/title>\n<meta name=\"description\" content=\"En entreprise, pourquoi est-il n\u00e9cessaire d&#039;harmoniser sa communication\u202f? Pour la rendre efficace, percutante et plus pertinente.\" \/>\n<meta name=\"robots\" content=\"index, follow, max-snippet:-1, max-image-preview:large, max-video-preview:-1\" \/>\n<link rel=\"canonical\" href=\"https:\/\/www.macapflag.com\/blog\/harmoniser-sa-communication\/\" \/>\n<meta property=\"og:locale\" content=\"fr_FR\" \/>\n<meta property=\"og:type\" content=\"article\" \/>\n<meta property=\"og:title\" content=\"Entreprise : Pourquoi et comment harmoniser sa communication ?\" \/>\n<meta property=\"og:description\" content=\"En entreprise, pourquoi est-il n\u00e9cessaire d&#039;harmoniser sa communication\u202f? Pour la rendre efficace, percutante et plus pertinente.\" \/>\n<meta property=\"og:url\" content=\"https:\/\/www.macapflag.com\/blog\/harmoniser-sa-communication\/\" \/>\n<meta property=\"og:site_name\" content=\"Blog - Macap\" \/>\n<meta property=\"article:publisher\" content=\"https:\/\/www.facebook.com\/macap.pavoisement\/\" \/>\n<meta property=\"article:published_time\" content=\"2023-07-28T06:00:00+00:00\" \/>\n<meta property=\"article:modified_time\" content=\"2023-08-25T09:59:05+00:00\" \/>\n<meta property=\"og:image\" content=\"https:\/\/www.macapflag.com\/blog\/wp-content\/uploads\/2023\/07\/harmoniser-sa-communication-en-entreprise.jpg\" \/>\n\t<meta property=\"og:image:width\" content=\"870\" \/>\n\t<meta property=\"og:image:height\" content=\"600\" \/>\n\t<meta property=\"og:image:type\" content=\"image\/jpeg\" \/>\n<meta name=\"author\" content=\"Blog Macap\" \/>\n<meta name=\"twitter:card\" content=\"summary_large_image\" \/>\n<meta name=\"twitter:label1\" content=\"\u00c9crit par\" \/>\n\t<meta name=\"twitter:data1\" content=\"Blog Macap\" \/>\n\t<meta name=\"twitter:label2\" content=\"Dur\u00e9e de lecture estim\u00e9e\" \/>\n\t<meta name=\"twitter:data2\" content=\"9 minutes\" \/>\n<script type=\"application\/ld+json\" class=\"yoast-schema-graph\">{\"@context\":\"https:\/\/schema.org\",\"@graph\":[{\"@type\":\"Article\",\"@id\":\"https:\/\/www.macapflag.com\/blog\/harmoniser-sa-communication\/#article\",\"isPartOf\":{\"@id\":\"https:\/\/www.macapflag.com\/blog\/harmoniser-sa-communication\/\"},\"author\":{\"name\":\"Blog Macap\",\"@id\":\"https:\/\/www.macapflag.com\/blog\/#\/schema\/person\/3fea701f2603875e651e6b662578fc3c\"},\"headline\":\"Entreprise : Pourquoi et comment harmoniser sa communication ?\",\"datePublished\":\"2023-07-28T06:00:00+00:00\",\"dateModified\":\"2023-08-25T09:59:05+00:00\",\"mainEntityOfPage\":{\"@id\":\"https:\/\/www.macapflag.com\/blog\/harmoniser-sa-communication\/\"},\"wordCount\":1921,\"publisher\":{\"@id\":\"https:\/\/www.macapflag.com\/blog\/#organization\"},\"image\":{\"@id\":\"https:\/\/www.macapflag.com\/blog\/harmoniser-sa-communication\/#primaryimage\"},\"thumbnailUrl\":\"https:\/\/www.macapflag.com\/blog\/wp-content\/uploads\/2023\/07\/harmoniser-sa-communication-en-entreprise.jpg\",\"articleSection\":[\"Le monde de la Com'\"],\"inLanguage\":\"fr-FR\"},{\"@type\":\"WebPage\",\"@id\":\"https:\/\/www.macapflag.com\/blog\/harmoniser-sa-communication\/\",\"url\":\"https:\/\/www.macapflag.com\/blog\/harmoniser-sa-communication\/\",\"name\":\"Entreprise : Pourquoi et comment harmoniser sa communication ?\",\"isPartOf\":{\"@id\":\"https:\/\/www.macapflag.com\/blog\/#website\"},\"primaryImageOfPage\":{\"@id\":\"https:\/\/www.macapflag.com\/blog\/harmoniser-sa-communication\/#primaryimage\"},\"image\":{\"@id\":\"https:\/\/www.macapflag.com\/blog\/harmoniser-sa-communication\/#primaryimage\"},\"thumbnailUrl\":\"https:\/\/www.macapflag.com\/blog\/wp-content\/uploads\/2023\/07\/harmoniser-sa-communication-en-entreprise.jpg\",\"datePublished\":\"2023-07-28T06:00:00+00:00\",\"dateModified\":\"2023-08-25T09:59:05+00:00\",\"description\":\"En entreprise, pourquoi est-il n\u00e9cessaire d'harmoniser sa communication\u202f? Pour la rendre efficace, percutante et plus pertinente.\",\"breadcrumb\":{\"@id\":\"https:\/\/www.macapflag.com\/blog\/harmoniser-sa-communication\/#breadcrumb\"},\"inLanguage\":\"fr-FR\",\"potentialAction\":[{\"@type\":\"ReadAction\",\"target\":[\"https:\/\/www.macapflag.com\/blog\/harmoniser-sa-communication\/\"]}]},{\"@type\":\"ImageObject\",\"inLanguage\":\"fr-FR\",\"@id\":\"https:\/\/www.macapflag.com\/blog\/harmoniser-sa-communication\/#primaryimage\",\"url\":\"https:\/\/www.macapflag.com\/blog\/wp-content\/uploads\/2023\/07\/harmoniser-sa-communication-en-entreprise.jpg\",\"contentUrl\":\"https:\/\/www.macapflag.com\/blog\/wp-content\/uploads\/2023\/07\/harmoniser-sa-communication-en-entreprise.jpg\",\"width\":870,\"height\":600,\"caption\":\"Harmoniser sa communication d'entreprise\"},{\"@type\":\"BreadcrumbList\",\"@id\":\"https:\/\/www.macapflag.com\/blog\/harmoniser-sa-communication\/#breadcrumb\",\"itemListElement\":[{\"@type\":\"ListItem\",\"position\":1,\"name\":\"Accueil\",\"item\":\"https:\/\/www.macapflag.com\/blog\/\"},{\"@type\":\"ListItem\",\"position\":2,\"name\":\"Entreprise : Pourquoi et comment harmoniser sa communication ?\"}]},{\"@type\":\"WebSite\",\"@id\":\"https:\/\/www.macapflag.com\/blog\/#website\",\"url\":\"https:\/\/www.macapflag.com\/blog\/\",\"name\":\"Blog - Macap\",\"description\":\"Tous nos articles\",\"publisher\":{\"@id\":\"https:\/\/www.macapflag.com\/blog\/#organization\"},\"potentialAction\":[{\"@type\":\"SearchAction\",\"target\":{\"@type\":\"EntryPoint\",\"urlTemplate\":\"https:\/\/www.macapflag.com\/blog\/?s={search_term_string}\"},\"query-input\":{\"@type\":\"PropertyValueSpecification\",\"valueRequired\":true,\"valueName\":\"search_term_string\"}}],\"inLanguage\":\"fr-FR\"},{\"@type\":\"Organization\",\"@id\":\"https:\/\/www.macapflag.com\/blog\/#organization\",\"name\":\"macapflag\",\"url\":\"https:\/\/www.macapflag.com\/blog\/\",\"logo\":{\"@type\":\"ImageObject\",\"inLanguage\":\"fr-FR\",\"@id\":\"https:\/\/www.macapflag.com\/blog\/#\/schema\/logo\/image\/\",\"url\":\"https:\/\/www.macapflag.com\/blog\/wp-content\/uploads\/2020\/12\/cropped-M-512-1.png\",\"contentUrl\":\"https:\/\/www.macapflag.com\/blog\/wp-content\/uploads\/2020\/12\/cropped-M-512-1.png\",\"width\":512,\"height\":512,\"caption\":\"macapflag\"},\"image\":{\"@id\":\"https:\/\/www.macapflag.com\/blog\/#\/schema\/logo\/image\/\"},\"sameAs\":[\"https:\/\/www.facebook.com\/macap.pavoisement\/\",\"https:\/\/www.instagram.com\/macapflag\/?hl=fr\",\"https:\/\/www.linkedin.com\/company\/macap\/?originalSubdomain=fr\",\"https:\/\/www.youtube.com\/channel\/UCXNzTIdZh9poEBjSXEqDtNw\"]},{\"@type\":\"Person\",\"@id\":\"https:\/\/www.macapflag.com\/blog\/#\/schema\/person\/3fea701f2603875e651e6b662578fc3c\",\"name\":\"Blog Macap\",\"image\":{\"@type\":\"ImageObject\",\"inLanguage\":\"fr-FR\",\"@id\":\"https:\/\/www.macapflag.com\/blog\/#\/schema\/person\/image\/\",\"url\":\"https:\/\/secure.gravatar.com\/avatar\/c12551f2dc51f0db049633b03e7856985477a70da834cc8967dea4ce54bdd6a2?s=96&d=mm&r=g\",\"contentUrl\":\"https:\/\/secure.gravatar.com\/avatar\/c12551f2dc51f0db049633b03e7856985477a70da834cc8967dea4ce54bdd6a2?s=96&d=mm&r=g\",\"caption\":\"Blog Macap\"},\"url\":\"https:\/\/www.macapflag.com\/blog\/author\/macap\/\"}]}<\/script>\n<!-- \/ Yoast SEO plugin. -->","yoast_head_json":{"title":"Entreprise : Pourquoi et comment harmoniser sa communication ?","description":"En entreprise, pourquoi est-il n\u00e9cessaire d'harmoniser sa communication\u202f? Pour la rendre efficace, percutante et plus pertinente.","robots":{"index":"index","follow":"follow","max-snippet":"max-snippet:-1","max-image-preview":"max-image-preview:large","max-video-preview":"max-video-preview:-1"},"canonical":"https:\/\/www.macapflag.com\/blog\/harmoniser-sa-communication\/","og_locale":"fr_FR","og_type":"article","og_title":"Entreprise : Pourquoi et comment harmoniser sa communication ?","og_description":"En entreprise, pourquoi est-il n\u00e9cessaire d'harmoniser sa communication\u202f? Pour la rendre efficace, percutante et plus pertinente.","og_url":"https:\/\/www.macapflag.com\/blog\/harmoniser-sa-communication\/","og_site_name":"Blog - Macap","article_publisher":"https:\/\/www.facebook.com\/macap.pavoisement\/","article_published_time":"2023-07-28T06:00:00+00:00","article_modified_time":"2023-08-25T09:59:05+00:00","og_image":[{"width":870,"height":600,"url":"https:\/\/www.macapflag.com\/blog\/wp-content\/uploads\/2023\/07\/harmoniser-sa-communication-en-entreprise.jpg","type":"image\/jpeg"}],"author":"Blog Macap","twitter_card":"summary_large_image","twitter_misc":{"\u00c9crit par":"Blog Macap","Dur\u00e9e de lecture estim\u00e9e":"9 minutes"},"schema":{"@context":"https:\/\/schema.org","@graph":[{"@type":"Article","@id":"https:\/\/www.macapflag.com\/blog\/harmoniser-sa-communication\/#article","isPartOf":{"@id":"https:\/\/www.macapflag.com\/blog\/harmoniser-sa-communication\/"},"author":{"name":"Blog Macap","@id":"https:\/\/www.macapflag.com\/blog\/#\/schema\/person\/3fea701f2603875e651e6b662578fc3c"},"headline":"Entreprise : Pourquoi et comment harmoniser sa communication ?","datePublished":"2023-07-28T06:00:00+00:00","dateModified":"2023-08-25T09:59:05+00:00","mainEntityOfPage":{"@id":"https:\/\/www.macapflag.com\/blog\/harmoniser-sa-communication\/"},"wordCount":1921,"publisher":{"@id":"https:\/\/www.macapflag.com\/blog\/#organization"},"image":{"@id":"https:\/\/www.macapflag.com\/blog\/harmoniser-sa-communication\/#primaryimage"},"thumbnailUrl":"https:\/\/www.macapflag.com\/blog\/wp-content\/uploads\/2023\/07\/harmoniser-sa-communication-en-entreprise.jpg","articleSection":["Le monde de la Com'"],"inLanguage":"fr-FR"},{"@type":"WebPage","@id":"https:\/\/www.macapflag.com\/blog\/harmoniser-sa-communication\/","url":"https:\/\/www.macapflag.com\/blog\/harmoniser-sa-communication\/","name":"Entreprise : Pourquoi et comment harmoniser sa communication ?","isPartOf":{"@id":"https:\/\/www.macapflag.com\/blog\/#website"},"primaryImageOfPage":{"@id":"https:\/\/www.macapflag.com\/blog\/harmoniser-sa-communication\/#primaryimage"},"image":{"@id":"https:\/\/www.macapflag.com\/blog\/harmoniser-sa-communication\/#primaryimage"},"thumbnailUrl":"https:\/\/www.macapflag.com\/blog\/wp-content\/uploads\/2023\/07\/harmoniser-sa-communication-en-entreprise.jpg","datePublished":"2023-07-28T06:00:00+00:00","dateModified":"2023-08-25T09:59:05+00:00","description":"En entreprise, pourquoi est-il n\u00e9cessaire d'harmoniser sa communication\u202f? Pour la rendre efficace, percutante et plus pertinente.","breadcrumb":{"@id":"https:\/\/www.macapflag.com\/blog\/harmoniser-sa-communication\/#breadcrumb"},"inLanguage":"fr-FR","potentialAction":[{"@type":"ReadAction","target":["https:\/\/www.macapflag.com\/blog\/harmoniser-sa-communication\/"]}]},{"@type":"ImageObject","inLanguage":"fr-FR","@id":"https:\/\/www.macapflag.com\/blog\/harmoniser-sa-communication\/#primaryimage","url":"https:\/\/www.macapflag.com\/blog\/wp-content\/uploads\/2023\/07\/harmoniser-sa-communication-en-entreprise.jpg","contentUrl":"https:\/\/www.macapflag.com\/blog\/wp-content\/uploads\/2023\/07\/harmoniser-sa-communication-en-entreprise.jpg","width":870,"height":600,"caption":"Harmoniser sa communication d'entreprise"},{"@type":"BreadcrumbList","@id":"https:\/\/www.macapflag.com\/blog\/harmoniser-sa-communication\/#breadcrumb","itemListElement":[{"@type":"ListItem","position":1,"name":"Accueil","item":"https:\/\/www.macapflag.com\/blog\/"},{"@type":"ListItem","position":2,"name":"Entreprise : Pourquoi et comment harmoniser sa communication ?"}]},{"@type":"WebSite","@id":"https:\/\/www.macapflag.com\/blog\/#website","url":"https:\/\/www.macapflag.com\/blog\/","name":"Blog - Macap","description":"Tous nos articles","publisher":{"@id":"https:\/\/www.macapflag.com\/blog\/#organization"},"potentialAction":[{"@type":"SearchAction","target":{"@type":"EntryPoint","urlTemplate":"https:\/\/www.macapflag.com\/blog\/?s={search_term_string}"},"query-input":{"@type":"PropertyValueSpecification","valueRequired":true,"valueName":"search_term_string"}}],"inLanguage":"fr-FR"},{"@type":"Organization","@id":"https:\/\/www.macapflag.com\/blog\/#organization","name":"macapflag","url":"https:\/\/www.macapflag.com\/blog\/","logo":{"@type":"ImageObject","inLanguage":"fr-FR","@id":"https:\/\/www.macapflag.com\/blog\/#\/schema\/logo\/image\/","url":"https:\/\/www.macapflag.com\/blog\/wp-content\/uploads\/2020\/12\/cropped-M-512-1.png","contentUrl":"https:\/\/www.macapflag.com\/blog\/wp-content\/uploads\/2020\/12\/cropped-M-512-1.png","width":512,"height":512,"caption":"macapflag"},"image":{"@id":"https:\/\/www.macapflag.com\/blog\/#\/schema\/logo\/image\/"},"sameAs":["https:\/\/www.facebook.com\/macap.pavoisement\/","https:\/\/www.instagram.com\/macapflag\/?hl=fr","https:\/\/www.linkedin.com\/company\/macap\/?originalSubdomain=fr","https:\/\/www.youtube.com\/channel\/UCXNzTIdZh9poEBjSXEqDtNw"]},{"@type":"Person","@id":"https:\/\/www.macapflag.com\/blog\/#\/schema\/person\/3fea701f2603875e651e6b662578fc3c","name":"Blog Macap","image":{"@type":"ImageObject","inLanguage":"fr-FR","@id":"https:\/\/www.macapflag.com\/blog\/#\/schema\/person\/image\/","url":"https:\/\/secure.gravatar.com\/avatar\/c12551f2dc51f0db049633b03e7856985477a70da834cc8967dea4ce54bdd6a2?s=96&d=mm&r=g","contentUrl":"https:\/\/secure.gravatar.com\/avatar\/c12551f2dc51f0db049633b03e7856985477a70da834cc8967dea4ce54bdd6a2?s=96&d=mm&r=g","caption":"Blog Macap"},"url":"https:\/\/www.macapflag.com\/blog\/author\/macap\/"}]}},"_links":{"self":[{"href":"https:\/\/www.macapflag.com\/blog\/wp-json\/wp\/v2\/posts\/13956","targetHints":{"allow":["GET"]}}],"collection":[{"href":"https:\/\/www.macapflag.com\/blog\/wp-json\/wp\/v2\/posts"}],"about":[{"href":"https:\/\/www.macapflag.com\/blog\/wp-json\/wp\/v2\/types\/post"}],"author":[{"embeddable":true,"href":"https:\/\/www.macapflag.com\/blog\/wp-json\/wp\/v2\/users\/2"}],"replies":[{"embeddable":true,"href":"https:\/\/www.macapflag.com\/blog\/wp-json\/wp\/v2\/comments?post=13956"}],"version-history":[{"count":20,"href":"https:\/\/www.macapflag.com\/blog\/wp-json\/wp\/v2\/posts\/13956\/revisions"}],"predecessor-version":[{"id":14189,"href":"https:\/\/www.macapflag.com\/blog\/wp-json\/wp\/v2\/posts\/13956\/revisions\/14189"}],"wp:featuredmedia":[{"embeddable":true,"href":"https:\/\/www.macapflag.com\/blog\/wp-json\/wp\/v2\/media\/13955"}],"wp:attachment":[{"href":"https:\/\/www.macapflag.com\/blog\/wp-json\/wp\/v2\/media?parent=13956"}],"wp:term":[{"taxonomy":"category","embeddable":true,"href":"https:\/\/www.macapflag.com\/blog\/wp-json\/wp\/v2\/categories?post=13956"},{"taxonomy":"post_tag","embeddable":true,"href":"https:\/\/www.macapflag.com\/blog\/wp-json\/wp\/v2\/tags?post=13956"}],"curies":[{"name":"wp","href":"https:\/\/api.w.org\/{rel}","templated":true}]}}