{"id":13973,"date":"2023-08-21T08:00:00","date_gmt":"2023-08-21T06:00:00","guid":{"rendered":"https:\/\/www.macapflag.com\/blog\/?p=13973"},"modified":"2023-07-17T10:01:55","modified_gmt":"2023-07-17T08:01:55","slug":"stade-geoffroy-guichard-saint-etienne","status":"publish","type":"post","link":"https:\/\/www.macapflag.com\/blog\/stade-geoffroy-guichard-saint-etienne\/","title":{"rendered":"Un stade, une histoire, le stade Geoffroy Guichard \u00e0 Saint-Etienne"},"content":{"rendered":"\t\t<div data-elementor-type=\"wp-post\" data-elementor-id=\"13973\" class=\"elementor elementor-13973\">\n\t\t\t\t\t\t<section class=\"elementor-section elementor-top-section elementor-element elementor-element-eb6fb3e elementor-section-boxed elementor-section-height-default elementor-section-height-default\" data-id=\"eb6fb3e\" data-element_type=\"section\">\n\t\t\t\t\t\t<div class=\"elementor-container elementor-column-gap-default\">\n\t\t\t\t\t<div class=\"elementor-column elementor-col-100 elementor-top-column elementor-element elementor-element-7d5ba46\" data-id=\"7d5ba46\" data-element_type=\"column\">\n\t\t\t<div class=\"elementor-widget-wrap elementor-element-populated\">\n\t\t\t\t\t\t<div class=\"elementor-element elementor-element-6599bba elementor-widget elementor-widget-text-editor\" data-id=\"6599bba\" data-element_type=\"widget\" data-widget_type=\"text-editor.default\">\n\t\t\t\t<div class=\"elementor-widget-container\">\n\t\t\t\t\t\t\t\t\t<p>Du 8 septembre au 28 octobre 2023, l\u2019\u00e9dition 2023 de la Coupe du monde de rugby a lieu en France. C\u2019est tout le territoire fran\u00e7ais qui est concern\u00e9 par cet \u00e9v\u00e9nement international. Si les matchs de demi-finales et la finale ont lieu au Stade France \u00e0 Paris, de nombreux matchs sont jou\u00e9s en province, \u00e0 Marseille, \u00e0 Nice, \u00e0 Nantes, Lille, Toulouse, Lyon, Saint-Etienne et Bordeaux.<\/p><p>\u00c0 l\u2019occasion de cette Coupe du monde, nous avons choisi de faire un gros plan sur ces stades embl\u00e9matiques, sur l\u2019histoire de ces lieux, presque sacr\u00e9s, de rassemblement et de ferveur sportive. C\u2019est aujourd\u2019hui le stade Geoffroy Guichard de Saint-Etienne que nous mettons \u00e0 l\u2019honneur.<\/p>\t\t\t\t\t\t\t\t<\/div>\n\t\t\t\t<\/div>\n\t\t\t\t\t<\/div>\n\t\t<\/div>\n\t\t\t\t\t<\/div>\n\t\t<\/section>\n\t\t\t\t<section class=\"elementor-section elementor-top-section elementor-element elementor-element-1642b4c elementor-section-boxed elementor-section-height-default elementor-section-height-default\" data-id=\"1642b4c\" data-element_type=\"section\">\n\t\t\t\t\t\t<div class=\"elementor-container elementor-column-gap-default\">\n\t\t\t\t\t<div class=\"elementor-column elementor-col-100 elementor-top-column elementor-element elementor-element-5831945\" data-id=\"5831945\" data-element_type=\"column\">\n\t\t\t<div class=\"elementor-widget-wrap elementor-element-populated\">\n\t\t\t\t\t\t<div class=\"elementor-element elementor-element-6ff14d4 elementor-widget elementor-widget-text-editor\" data-id=\"6ff14d4\" data-element_type=\"widget\" data-widget_type=\"text-editor.default\">\n\t\t\t\t<div class=\"elementor-widget-container\">\n\t\t\t\t\t\t\t\t\t<h2>O\u00f9 est situ\u00e9 le stade ?<\/h2>\t\t\t\t\t\t\t\t<\/div>\n\t\t\t\t<\/div>\n\t\t\t\t\t<\/div>\n\t\t<\/div>\n\t\t\t\t\t<\/div>\n\t\t<\/section>\n\t\t\t\t<section class=\"elementor-section elementor-top-section elementor-element elementor-element-93fc9a5 elementor-section-boxed elementor-section-height-default elementor-section-height-default\" data-id=\"93fc9a5\" data-element_type=\"section\">\n\t\t\t\t\t\t<div class=\"elementor-container elementor-column-gap-default\">\n\t\t\t\t\t<div class=\"elementor-column elementor-col-100 elementor-top-column elementor-element elementor-element-e9d4a42\" data-id=\"e9d4a42\" data-element_type=\"column\">\n\t\t\t<div class=\"elementor-widget-wrap elementor-element-populated\">\n\t\t\t\t\t\t<div class=\"elementor-element elementor-element-2d0c7f2 elementor-widget elementor-widget-text-editor\" data-id=\"2d0c7f2\" data-element_type=\"widget\" data-widget_type=\"text-editor.default\">\n\t\t\t\t<div class=\"elementor-widget-container\">\n\t\t\t\t\t\t\t\t\t<p>Le stade Geoffroy Guichard est situ\u00e9 au nord de la ville de Saint-Etienne dans le quartier de Carnot Le Marais.<\/p>\t\t\t\t\t\t\t\t<\/div>\n\t\t\t\t<\/div>\n\t\t\t\t\t<\/div>\n\t\t<\/div>\n\t\t\t\t\t<\/div>\n\t\t<\/section>\n\t\t\t\t<section class=\"elementor-section elementor-top-section elementor-element elementor-element-ac7302e elementor-section-boxed elementor-section-height-default elementor-section-height-default\" data-id=\"ac7302e\" data-element_type=\"section\">\n\t\t\t\t\t\t<div class=\"elementor-container elementor-column-gap-default\">\n\t\t\t\t\t<div class=\"elementor-column elementor-col-100 elementor-top-column elementor-element elementor-element-9761862\" data-id=\"9761862\" data-element_type=\"column\">\n\t\t\t<div class=\"elementor-widget-wrap elementor-element-populated\">\n\t\t\t\t\t\t<div class=\"elementor-element elementor-element-1d6848b elementor-widget elementor-widget-text-editor\" data-id=\"1d6848b\" data-element_type=\"widget\" data-widget_type=\"text-editor.default\">\n\t\t\t\t<div class=\"elementor-widget-container\">\n\t\t\t\t\t\t\t\t\t<h3>Comment acc\u00e9der au stade ?<\/h3>\t\t\t\t\t\t\t\t<\/div>\n\t\t\t\t<\/div>\n\t\t\t\t\t<\/div>\n\t\t<\/div>\n\t\t\t\t\t<\/div>\n\t\t<\/section>\n\t\t\t\t<section class=\"elementor-section elementor-top-section elementor-element elementor-element-ff1973e elementor-section-boxed elementor-section-height-default elementor-section-height-default\" data-id=\"ff1973e\" data-element_type=\"section\">\n\t\t\t\t\t\t<div class=\"elementor-container elementor-column-gap-default\">\n\t\t\t\t\t<div class=\"elementor-column elementor-col-100 elementor-top-column elementor-element elementor-element-dd836fd\" data-id=\"dd836fd\" data-element_type=\"column\">\n\t\t\t<div class=\"elementor-widget-wrap elementor-element-populated\">\n\t\t\t\t\t\t<div class=\"elementor-element elementor-element-335a812 elementor-widget elementor-widget-text-editor\" data-id=\"335a812\" data-element_type=\"widget\" data-widget_type=\"text-editor.default\">\n\t\t\t\t<div class=\"elementor-widget-container\">\n\t\t\t\t\t\t\t\t\t<h4>En voiture<\/h4>\t\t\t\t\t\t\t\t<\/div>\n\t\t\t\t<\/div>\n\t\t\t\t\t<\/div>\n\t\t<\/div>\n\t\t\t\t\t<\/div>\n\t\t<\/section>\n\t\t\t\t<section class=\"elementor-section elementor-top-section elementor-element elementor-element-9ff6506 elementor-section-boxed elementor-section-height-default elementor-section-height-default\" data-id=\"9ff6506\" data-element_type=\"section\">\n\t\t\t\t\t\t<div class=\"elementor-container elementor-column-gap-default\">\n\t\t\t\t\t<div class=\"elementor-column elementor-col-100 elementor-top-column elementor-element elementor-element-c1e642d\" data-id=\"c1e642d\" data-element_type=\"column\">\n\t\t\t<div class=\"elementor-widget-wrap elementor-element-populated\">\n\t\t\t\t\t\t<div class=\"elementor-element elementor-element-f4bd4e9 elementor-widget elementor-widget-text-editor\" data-id=\"f4bd4e9\" data-element_type=\"widget\" data-widget_type=\"text-editor.default\">\n\t\t\t\t<div class=\"elementor-widget-container\">\n\t\t\t\t\t\t\t\t\t<ul><li>Depuis l\u2019A72, prendre la sortie n\u00b0 14 Stade Geoffroy-Guichard.<\/li><li>Le Stade Geoffroy Guichard comprend plusieurs parkings ouverts au public, dont le principal fait 9 000 m\u00e8tres carr\u00e9s.<\/li><\/ul>\t\t\t\t\t\t\t\t<\/div>\n\t\t\t\t<\/div>\n\t\t\t\t\t<\/div>\n\t\t<\/div>\n\t\t\t\t\t<\/div>\n\t\t<\/section>\n\t\t\t\t<section class=\"elementor-section elementor-top-section elementor-element elementor-element-6d95d3d elementor-section-boxed elementor-section-height-default elementor-section-height-default\" data-id=\"6d95d3d\" data-element_type=\"section\">\n\t\t\t\t\t\t<div class=\"elementor-container elementor-column-gap-default\">\n\t\t\t\t\t<div class=\"elementor-column elementor-col-100 elementor-top-column elementor-element elementor-element-87a29e3\" data-id=\"87a29e3\" data-element_type=\"column\">\n\t\t\t<div class=\"elementor-widget-wrap elementor-element-populated\">\n\t\t\t\t\t\t<div class=\"elementor-element elementor-element-9b5defb elementor-widget elementor-widget-text-editor\" data-id=\"9b5defb\" data-element_type=\"widget\" data-widget_type=\"text-editor.default\">\n\t\t\t\t<div class=\"elementor-widget-container\">\n\t\t\t\t\t\t\t\t\t<h4>En transport en commun<\/h4>\t\t\t\t\t\t\t\t<\/div>\n\t\t\t\t<\/div>\n\t\t\t\t\t<\/div>\n\t\t<\/div>\n\t\t\t\t\t<\/div>\n\t\t<\/section>\n\t\t\t\t<section class=\"elementor-section elementor-top-section elementor-element elementor-element-80038f1 elementor-section-boxed elementor-section-height-default elementor-section-height-default\" data-id=\"80038f1\" data-element_type=\"section\">\n\t\t\t\t\t\t<div class=\"elementor-container elementor-column-gap-default\">\n\t\t\t\t\t<div class=\"elementor-column elementor-col-100 elementor-top-column elementor-element elementor-element-f972e3c\" data-id=\"f972e3c\" data-element_type=\"column\">\n\t\t\t<div class=\"elementor-widget-wrap elementor-element-populated\">\n\t\t\t\t\t\t<div class=\"elementor-element elementor-element-52a88eb elementor-widget elementor-widget-text-editor\" data-id=\"52a88eb\" data-element_type=\"widget\" data-widget_type=\"text-editor.default\">\n\t\t\t\t<div class=\"elementor-widget-container\">\n\t\t\t\t\t\t\t\t\t<ul><li><p><strong>En Train<\/strong> : Gare TGV Saint-Etienne Ch\u00e2teaucreux (2 km du stade).<\/p><\/li><li><p><strong>En Tram<\/strong> : Depuis la Gare Saint-Etienne Ch\u00e2teaucreux, les lignes de tram T1 et T2 desservent l\u2019arr\u00eat \u201cGeoffroy-Guichard\u201d, situ\u00e9 \u00e0 quelques minutes de marche du stade.<\/p><\/li><li><p><strong>En Bus<\/strong> : Le stade est desservi par les bus de la Soci\u00e9t\u00e9 de transports de l\u2019agglom\u00e9ration st\u00e9phanoise (STAS) par les lignes 8, 9 et S9 (arr\u00eat Le Marais).<\/p><\/li><\/ul>\t\t\t\t\t\t\t\t<\/div>\n\t\t\t\t<\/div>\n\t\t\t\t\t<\/div>\n\t\t<\/div>\n\t\t\t\t\t<\/div>\n\t\t<\/section>\n\t\t\t\t<section class=\"elementor-section elementor-top-section elementor-element elementor-element-5845306 elementor-section-boxed elementor-section-height-default elementor-section-height-default\" data-id=\"5845306\" data-element_type=\"section\">\n\t\t\t\t\t\t<div class=\"elementor-container elementor-column-gap-default\">\n\t\t\t\t\t<div class=\"elementor-column elementor-col-100 elementor-top-column elementor-element elementor-element-0545293\" data-id=\"0545293\" data-element_type=\"column\">\n\t\t\t<div class=\"elementor-widget-wrap elementor-element-populated\">\n\t\t\t\t\t\t<div class=\"elementor-element elementor-element-c53d48b elementor-widget-divider--view-line elementor-widget elementor-widget-divider\" data-id=\"c53d48b\" data-element_type=\"widget\" data-widget_type=\"divider.default\">\n\t\t\t\t<div class=\"elementor-widget-container\">\n\t\t\t\t\t\t\t<div class=\"elementor-divider\">\n\t\t\t<span class=\"elementor-divider-separator\">\n\t\t\t\t\t\t<\/span>\n\t\t<\/div>\n\t\t\t\t\t\t<\/div>\n\t\t\t\t<\/div>\n\t\t\t\t\t<\/div>\n\t\t<\/div>\n\t\t\t\t\t<\/div>\n\t\t<\/section>\n\t\t\t\t<section class=\"elementor-section elementor-top-section elementor-element elementor-element-0873b41 elementor-section-boxed elementor-section-height-default elementor-section-height-default\" data-id=\"0873b41\" data-element_type=\"section\">\n\t\t\t\t\t\t<div class=\"elementor-container elementor-column-gap-default\">\n\t\t\t\t\t<div class=\"elementor-column elementor-col-100 elementor-top-column elementor-element elementor-element-4fe4faa\" data-id=\"4fe4faa\" data-element_type=\"column\">\n\t\t\t<div class=\"elementor-widget-wrap elementor-element-populated\">\n\t\t\t\t\t\t<div class=\"elementor-element elementor-element-9a31b61 elementor-widget elementor-widget-text-editor\" data-id=\"9a31b61\" data-element_type=\"widget\" data-widget_type=\"text-editor.default\">\n\t\t\t\t<div class=\"elementor-widget-container\">\n\t\t\t\t\t\t\t\t\t<h2>Quand a \u00e9t\u00e9 construit le stade Geoffroy-Guichard ?<\/h2>\t\t\t\t\t\t\t\t<\/div>\n\t\t\t\t<\/div>\n\t\t\t\t\t<\/div>\n\t\t<\/div>\n\t\t\t\t\t<\/div>\n\t\t<\/section>\n\t\t\t\t<section class=\"elementor-section elementor-top-section elementor-element elementor-element-877777b elementor-section-boxed elementor-section-height-default elementor-section-height-default\" data-id=\"877777b\" data-element_type=\"section\">\n\t\t\t\t\t\t<div class=\"elementor-container elementor-column-gap-default\">\n\t\t\t\t\t<div class=\"elementor-column elementor-col-100 elementor-top-column elementor-element elementor-element-3565da5\" data-id=\"3565da5\" data-element_type=\"column\">\n\t\t\t<div class=\"elementor-widget-wrap elementor-element-populated\">\n\t\t\t\t\t\t<div class=\"elementor-element elementor-element-783284f elementor-widget elementor-widget-text-editor\" data-id=\"783284f\" data-element_type=\"widget\" data-widget_type=\"text-editor.default\">\n\t\t\t\t<div class=\"elementor-widget-container\">\n\t\t\t\t\t\t\t\t\t<p>Inaugur\u00e9 le 13 septembre 1931, le Stade Geoffroy-Guichard porte le nom du <strong>fondateur historique de l\u2019entreprise Casino<\/strong>. Le 26 juin 1933, l\u2019Association Sportive St\u00e9phanoise amateure laisse place \u00e0 l\u2019Association Sportive de Saint-\u00c9tienne. La structure devient professionnelle, avec, comme premier pr\u00e9sident Pierre Guichard, le fils de Geoffroy Guichard. Le club dispute alors toutes ses rencontres dans ce stade.<\/p><p>Enti\u00e8rement r\u00e9nov\u00e9 entre 2011 et 2015 pour l\u2019Euro 2016, le stade Geoffroy Guichard reste l\u2019un des stades embl\u00e9matiques fran\u00e7ais.<\/p>\t\t\t\t\t\t\t\t<\/div>\n\t\t\t\t<\/div>\n\t\t\t\t\t<\/div>\n\t\t<\/div>\n\t\t\t\t\t<\/div>\n\t\t<\/section>\n\t\t\t\t<section class=\"elementor-section elementor-top-section elementor-element elementor-element-68d7f4c elementor-section-boxed elementor-section-height-default elementor-section-height-default\" data-id=\"68d7f4c\" data-element_type=\"section\">\n\t\t\t\t\t\t<div class=\"elementor-container elementor-column-gap-default\">\n\t\t\t\t\t<div class=\"elementor-column elementor-col-100 elementor-top-column elementor-element elementor-element-2c35b51\" data-id=\"2c35b51\" data-element_type=\"column\">\n\t\t\t<div class=\"elementor-widget-wrap elementor-element-populated\">\n\t\t\t\t\t\t<div class=\"elementor-element elementor-element-664272e elementor-widget elementor-widget-text-editor\" data-id=\"664272e\" data-element_type=\"widget\" data-widget_type=\"text-editor.default\">\n\t\t\t\t<div class=\"elementor-widget-container\">\n\t\t\t\t\t\t\t\t\t<h3>Quelles sont les sp\u00e9cificit\u00e9s architecturales du stade Geoffroy-Guichard ?<\/h3>\t\t\t\t\t\t\t\t<\/div>\n\t\t\t\t<\/div>\n\t\t\t\t\t<\/div>\n\t\t<\/div>\n\t\t\t\t\t<\/div>\n\t\t<\/section>\n\t\t\t\t<section class=\"elementor-section elementor-top-section elementor-element elementor-element-be3f7b5 elementor-section-boxed elementor-section-height-default elementor-section-height-default\" data-id=\"be3f7b5\" data-element_type=\"section\">\n\t\t\t\t\t\t<div class=\"elementor-container elementor-column-gap-default\">\n\t\t\t\t\t<div class=\"elementor-column elementor-col-100 elementor-top-column elementor-element elementor-element-1457659\" data-id=\"1457659\" data-element_type=\"column\">\n\t\t\t<div class=\"elementor-widget-wrap elementor-element-populated\">\n\t\t\t\t\t\t<div class=\"elementor-element elementor-element-8fa9912 elementor-widget elementor-widget-text-editor\" data-id=\"8fa9912\" data-element_type=\"widget\" data-widget_type=\"text-editor.default\">\n\t\t\t\t<div class=\"elementor-widget-container\">\n\t\t\t\t\t\t\t\t\t<p>On l\u2019appelle le Chaudron depuis 1974 lorsque lors d\u2019une rencontre entre l\u2019AS Saint-Etienne et l\u2019Hajduk Split, un journaliste yougoslave compare le stade \u00e0 un chaudron bouillonnant : Le brouillard de l\u2019hiver et les fum\u00e9es des chemin\u00e9es des usines autour du stade lui ont probablement inspir\u00e9 cette id\u00e9e.<\/p><p>La construction du stade d\u00e9bute en 1930 avec la vocation d\u2019en faire un stade omnisports. Les premi\u00e8res tribunes derri\u00e8re les buts \u00e9taient construites sur des buttes en terre. En 1979, elles sont reconstruites en partie avec des gradins en b\u00e9ton et une accentuation de la pente permettant de gagner 3 000 places. Pour l\u2019Euro 1984, 15 000 places suppl\u00e9mentaires sont install\u00e9es.<\/p>\t\t\t\t\t\t\t\t<\/div>\n\t\t\t\t<\/div>\n\t\t\t\t\t<\/div>\n\t\t<\/div>\n\t\t\t\t\t<\/div>\n\t\t<\/section>\n\t\t\t\t<section class=\"elementor-section elementor-top-section elementor-element elementor-element-da18169 elementor-section-boxed elementor-section-height-default elementor-section-height-default\" data-id=\"da18169\" data-element_type=\"section\">\n\t\t\t\t\t\t<div class=\"elementor-container elementor-column-gap-default\">\n\t\t\t\t\t<div class=\"elementor-column elementor-col-100 elementor-top-column elementor-element elementor-element-35209a5\" data-id=\"35209a5\" data-element_type=\"column\">\n\t\t\t<div class=\"elementor-widget-wrap elementor-element-populated\">\n\t\t\t\t\t\t<div class=\"elementor-element elementor-element-5c8c139 elementor-widget-divider--view-line elementor-widget elementor-widget-divider\" data-id=\"5c8c139\" data-element_type=\"widget\" data-widget_type=\"divider.default\">\n\t\t\t\t<div class=\"elementor-widget-container\">\n\t\t\t\t\t\t\t<div class=\"elementor-divider\">\n\t\t\t<span class=\"elementor-divider-separator\">\n\t\t\t\t\t\t<\/span>\n\t\t<\/div>\n\t\t\t\t\t\t<\/div>\n\t\t\t\t<\/div>\n\t\t\t\t\t<\/div>\n\t\t<\/div>\n\t\t\t\t\t<\/div>\n\t\t<\/section>\n\t\t\t\t<section class=\"elementor-section elementor-top-section elementor-element elementor-element-b5c3d47 elementor-section-boxed elementor-section-height-default elementor-section-height-default\" data-id=\"b5c3d47\" data-element_type=\"section\">\n\t\t\t\t\t\t<div class=\"elementor-container elementor-column-gap-default\">\n\t\t\t\t\t<div class=\"elementor-column elementor-col-100 elementor-top-column elementor-element elementor-element-4ce4405\" data-id=\"4ce4405\" data-element_type=\"column\">\n\t\t\t<div class=\"elementor-widget-wrap elementor-element-populated\">\n\t\t\t\t\t\t<div class=\"elementor-element elementor-element-8f19dce elementor-widget elementor-widget-text-editor\" data-id=\"8f19dce\" data-element_type=\"widget\" data-widget_type=\"text-editor.default\">\n\t\t\t\t<div class=\"elementor-widget-container\">\n\t\t\t\t\t\t\t\t\t<h2>Pourquoi ce nom pour le stade st\u00e9phanois ?<\/h2>\t\t\t\t\t\t\t\t<\/div>\n\t\t\t\t<\/div>\n\t\t\t\t\t<\/div>\n\t\t<\/div>\n\t\t\t\t\t<\/div>\n\t\t<\/section>\n\t\t\t\t<section class=\"elementor-section elementor-top-section elementor-element elementor-element-aceb0e4 elementor-section-boxed elementor-section-height-default elementor-section-height-default\" data-id=\"aceb0e4\" data-element_type=\"section\">\n\t\t\t\t\t\t<div class=\"elementor-container elementor-column-gap-default\">\n\t\t\t\t\t<div class=\"elementor-column elementor-col-100 elementor-top-column elementor-element elementor-element-7ac4599\" data-id=\"7ac4599\" data-element_type=\"column\">\n\t\t\t<div class=\"elementor-widget-wrap elementor-element-populated\">\n\t\t\t\t\t\t<div class=\"elementor-element elementor-element-4b47a86 elementor-widget elementor-widget-image\" data-id=\"4b47a86\" data-element_type=\"widget\" data-widget_type=\"image.default\">\n\t\t\t\t<div class=\"elementor-widget-container\">\n\t\t\t\t\t\t\t\t\t\t\t\t\t\t\t<img fetchpriority=\"high\" decoding=\"async\" width=\"700\" height=\"534\" src=\"https:\/\/www.macapflag.com\/blog\/wp-content\/uploads\/2023\/06\/rugby-stade-8.jpg\" class=\"attachment-large size-large wp-image-13695\" alt=\"Infos et acc\u00e8s Stade Geoffroy Guichard Saint Etienne\" srcset=\"https:\/\/www.macapflag.com\/blog\/wp-content\/uploads\/2023\/06\/rugby-stade-8.jpg 700w, https:\/\/www.macapflag.com\/blog\/wp-content\/uploads\/2023\/06\/rugby-stade-8-300x229.jpg 300w\" sizes=\"(max-width: 700px) 100vw, 700px\" \/>\t\t\t\t\t\t\t\t\t\t\t\t\t\t\t<\/div>\n\t\t\t\t<\/div>\n\t\t\t\t\t<\/div>\n\t\t<\/div>\n\t\t\t\t\t<\/div>\n\t\t<\/section>\n\t\t\t\t<section class=\"elementor-section elementor-top-section elementor-element elementor-element-a978f97 elementor-section-boxed elementor-section-height-default elementor-section-height-default\" data-id=\"a978f97\" data-element_type=\"section\">\n\t\t\t\t\t\t<div class=\"elementor-container elementor-column-gap-default\">\n\t\t\t\t\t<div class=\"elementor-column elementor-col-100 elementor-top-column elementor-element elementor-element-17b46e6\" data-id=\"17b46e6\" data-element_type=\"column\">\n\t\t\t<div class=\"elementor-widget-wrap elementor-element-populated\">\n\t\t\t\t\t\t<div class=\"elementor-element elementor-element-1d5f589 elementor-widget elementor-widget-text-editor\" data-id=\"1d5f589\" data-element_type=\"widget\" data-widget_type=\"text-editor.default\">\n\t\t\t\t<div class=\"elementor-widget-container\">\n\t\t\t\t\t\t\t\t\t<p>C\u2019est Pierre Guichard, fils du fondateur de la marque Casino et pr\u00e9sident de l\u2019AS Saint-Etienne qui inaugure le stade en 1931 en lui donnant le nom de son p\u00e8re. Le stade est d\u2019ailleurs construit sur un terrain qui lui appartient.<\/p>\t\t\t\t\t\t\t\t<\/div>\n\t\t\t\t<\/div>\n\t\t\t\t\t<\/div>\n\t\t<\/div>\n\t\t\t\t\t<\/div>\n\t\t<\/section>\n\t\t\t\t<section class=\"elementor-section elementor-top-section elementor-element elementor-element-8d2629c elementor-section-boxed elementor-section-height-default elementor-section-height-default\" data-id=\"8d2629c\" data-element_type=\"section\">\n\t\t\t\t\t\t<div class=\"elementor-container elementor-column-gap-default\">\n\t\t\t\t\t<div class=\"elementor-column elementor-col-100 elementor-top-column elementor-element elementor-element-38dd375\" data-id=\"38dd375\" data-element_type=\"column\">\n\t\t\t<div class=\"elementor-widget-wrap elementor-element-populated\">\n\t\t\t\t\t\t<div class=\"elementor-element elementor-element-8f1ebec elementor-widget elementor-widget-text-editor\" data-id=\"8f1ebec\" data-element_type=\"widget\" data-widget_type=\"text-editor.default\">\n\t\t\t\t<div class=\"elementor-widget-container\">\n\t\t\t\t\t\t\t\t\t<h3>Une ferveur populaire exceptionnelle<\/h3>\t\t\t\t\t\t\t\t<\/div>\n\t\t\t\t<\/div>\n\t\t\t\t\t<\/div>\n\t\t<\/div>\n\t\t\t\t\t<\/div>\n\t\t<\/section>\n\t\t\t\t<section class=\"elementor-section elementor-top-section elementor-element elementor-element-b1e9cfd elementor-section-boxed elementor-section-height-default elementor-section-height-default\" data-id=\"b1e9cfd\" data-element_type=\"section\">\n\t\t\t\t\t\t<div class=\"elementor-container elementor-column-gap-default\">\n\t\t\t\t\t<div class=\"elementor-column elementor-col-100 elementor-top-column elementor-element elementor-element-4552eaf\" data-id=\"4552eaf\" data-element_type=\"column\">\n\t\t\t<div class=\"elementor-widget-wrap elementor-element-populated\">\n\t\t\t\t\t\t<div class=\"elementor-element elementor-element-4008ae0 elementor-widget elementor-widget-text-editor\" data-id=\"4008ae0\" data-element_type=\"widget\" data-widget_type=\"text-editor.default\">\n\t\t\t\t<div class=\"elementor-widget-container\">\n\t\t\t\t\t\t\t\t\t<p>Si la ferveur des supporters est fr\u00e9quemment pr\u00e9sente dans les enceintes des stades, il est des lieux o\u00f9 elle est plus exceptionnelle et c\u2019est le cas de Saint-Etienne. L\u2019histoire des verts et leur envol\u00e9e pass\u00e9e dans les comp\u00e9titions de football europ\u00e9ennes y est pour beaucoup.<\/p>\t\t\t\t\t\t\t\t<\/div>\n\t\t\t\t<\/div>\n\t\t\t\t\t<\/div>\n\t\t<\/div>\n\t\t\t\t\t<\/div>\n\t\t<\/section>\n\t\t\t\t<section class=\"elementor-section elementor-top-section elementor-element elementor-element-95ecb4d elementor-section-boxed elementor-section-height-default elementor-section-height-default\" data-id=\"95ecb4d\" data-element_type=\"section\">\n\t\t\t\t\t\t<div class=\"elementor-container elementor-column-gap-default\">\n\t\t\t\t\t<div class=\"elementor-column elementor-col-100 elementor-top-column elementor-element elementor-element-5cef472\" data-id=\"5cef472\" data-element_type=\"column\">\n\t\t\t<div class=\"elementor-widget-wrap elementor-element-populated\">\n\t\t\t\t\t\t<div class=\"elementor-element elementor-element-80e07a4 elementor-widget-divider--view-line elementor-widget elementor-widget-divider\" data-id=\"80e07a4\" data-element_type=\"widget\" data-widget_type=\"divider.default\">\n\t\t\t\t<div class=\"elementor-widget-container\">\n\t\t\t\t\t\t\t<div class=\"elementor-divider\">\n\t\t\t<span class=\"elementor-divider-separator\">\n\t\t\t\t\t\t<\/span>\n\t\t<\/div>\n\t\t\t\t\t\t<\/div>\n\t\t\t\t<\/div>\n\t\t\t\t\t<\/div>\n\t\t<\/div>\n\t\t\t\t\t<\/div>\n\t\t<\/section>\n\t\t\t\t<section class=\"elementor-section elementor-top-section elementor-element elementor-element-4274d8e elementor-section-boxed elementor-section-height-default elementor-section-height-default\" data-id=\"4274d8e\" data-element_type=\"section\">\n\t\t\t\t\t\t<div class=\"elementor-container elementor-column-gap-default\">\n\t\t\t\t\t<div class=\"elementor-column elementor-col-100 elementor-top-column elementor-element elementor-element-ed2a27d\" data-id=\"ed2a27d\" data-element_type=\"column\">\n\t\t\t<div class=\"elementor-widget-wrap elementor-element-populated\">\n\t\t\t\t\t\t<div class=\"elementor-element elementor-element-e62cdef elementor-widget elementor-widget-text-editor\" data-id=\"e62cdef\" data-element_type=\"widget\" data-widget_type=\"text-editor.default\">\n\t\t\t\t<div class=\"elementor-widget-container\">\n\t\t\t\t\t\t\t\t\t<h2>Quelle est la capacit\u00e9 d\u2019accueil du stade Geoffroy-Guichard de Saint-Etienne ?<\/h2>\t\t\t\t\t\t\t\t<\/div>\n\t\t\t\t<\/div>\n\t\t\t\t\t<\/div>\n\t\t<\/div>\n\t\t\t\t\t<\/div>\n\t\t<\/section>\n\t\t\t\t<section class=\"elementor-section elementor-top-section elementor-element elementor-element-7f3eed9 elementor-section-boxed elementor-section-height-default elementor-section-height-default\" data-id=\"7f3eed9\" data-element_type=\"section\">\n\t\t\t\t\t\t<div class=\"elementor-container elementor-column-gap-default\">\n\t\t\t\t\t<div class=\"elementor-column elementor-col-100 elementor-top-column elementor-element elementor-element-5883c78\" data-id=\"5883c78\" data-element_type=\"column\">\n\t\t\t<div class=\"elementor-widget-wrap elementor-element-populated\">\n\t\t\t\t\t\t<div class=\"elementor-element elementor-element-ef3216a elementor-widget elementor-widget-text-editor\" data-id=\"ef3216a\" data-element_type=\"widget\" data-widget_type=\"text-editor.default\">\n\t\t\t\t<div class=\"elementor-widget-container\">\n\t\t\t\t\t\t\t\t\t<p>Le stade Geoffroy Guichard peut accueillir presque 42 000 spectateurs. C\u2019est la 7\u1d49 stade de France en termes de capacit\u00e9 d\u2019accueil.<\/p>\t\t\t\t\t\t\t\t<\/div>\n\t\t\t\t<\/div>\n\t\t\t\t\t<\/div>\n\t\t<\/div>\n\t\t\t\t\t<\/div>\n\t\t<\/section>\n\t\t\t\t<section class=\"elementor-section elementor-top-section elementor-element elementor-element-383eb3a elementor-section-boxed elementor-section-height-default elementor-section-height-default\" data-id=\"383eb3a\" data-element_type=\"section\">\n\t\t\t\t\t\t<div class=\"elementor-container elementor-column-gap-default\">\n\t\t\t\t\t<div class=\"elementor-column elementor-col-100 elementor-top-column elementor-element elementor-element-2e137bf\" data-id=\"2e137bf\" data-element_type=\"column\">\n\t\t\t<div class=\"elementor-widget-wrap elementor-element-populated\">\n\t\t\t\t\t\t<div class=\"elementor-element elementor-element-8596a7e elementor-widget elementor-widget-text-editor\" data-id=\"8596a7e\" data-element_type=\"widget\" data-widget_type=\"text-editor.default\">\n\t\t\t\t<div class=\"elementor-widget-container\">\n\t\t\t\t\t\t\t\t\t<h3>Le stade en quelques chiffres<\/h3>\t\t\t\t\t\t\t\t<\/div>\n\t\t\t\t<\/div>\n\t\t\t\t\t<\/div>\n\t\t<\/div>\n\t\t\t\t\t<\/div>\n\t\t<\/section>\n\t\t\t\t<section class=\"elementor-section elementor-top-section elementor-element elementor-element-def8d73 elementor-section-boxed elementor-section-height-default elementor-section-height-default\" data-id=\"def8d73\" data-element_type=\"section\">\n\t\t\t\t\t\t<div class=\"elementor-container elementor-column-gap-default\">\n\t\t\t\t\t<div class=\"elementor-column elementor-col-100 elementor-top-column elementor-element elementor-element-7c1c8a4\" data-id=\"7c1c8a4\" data-element_type=\"column\">\n\t\t\t<div class=\"elementor-widget-wrap elementor-element-populated\">\n\t\t\t\t\t\t<div class=\"elementor-element elementor-element-c1a204e elementor-widget elementor-widget-text-editor\" data-id=\"c1a204e\" data-element_type=\"widget\" data-widget_type=\"text-editor.default\">\n\t\t\t\t<div class=\"elementor-widget-container\">\n\t\t\t\t\t\t\t\t\t<ul><li>Le stade compte 41 965 places, 166 places sont r\u00e9serv\u00e9es aux personnes en situation de handicap et autant pour leurs accompagnants.<\/li><li>2 \u00e9crans g\u00e9ants.<\/li><li>Des loges panoramiques<\/li><li>Une boutique des verts<\/li><\/ul>\t\t\t\t\t\t\t\t<\/div>\n\t\t\t\t<\/div>\n\t\t\t\t\t<\/div>\n\t\t<\/div>\n\t\t\t\t\t<\/div>\n\t\t<\/section>\n\t\t\t\t<section class=\"elementor-section elementor-top-section elementor-element elementor-element-e0d78e8 elementor-section-boxed elementor-section-height-default elementor-section-height-default\" data-id=\"e0d78e8\" data-element_type=\"section\">\n\t\t\t\t\t\t<div class=\"elementor-container elementor-column-gap-default\">\n\t\t\t\t\t<div class=\"elementor-column elementor-col-100 elementor-top-column elementor-element elementor-element-43e0673\" data-id=\"43e0673\" data-element_type=\"column\">\n\t\t\t<div class=\"elementor-widget-wrap elementor-element-populated\">\n\t\t\t\t\t\t<div class=\"elementor-element elementor-element-1625ca6 elementor-widget-divider--view-line elementor-widget elementor-widget-divider\" data-id=\"1625ca6\" data-element_type=\"widget\" data-widget_type=\"divider.default\">\n\t\t\t\t<div class=\"elementor-widget-container\">\n\t\t\t\t\t\t\t<div class=\"elementor-divider\">\n\t\t\t<span class=\"elementor-divider-separator\">\n\t\t\t\t\t\t<\/span>\n\t\t<\/div>\n\t\t\t\t\t\t<\/div>\n\t\t\t\t<\/div>\n\t\t\t\t\t<\/div>\n\t\t<\/div>\n\t\t\t\t\t<\/div>\n\t\t<\/section>\n\t\t\t\t<section class=\"elementor-section elementor-top-section elementor-element elementor-element-51e1933 elementor-section-boxed elementor-section-height-default elementor-section-height-default\" data-id=\"51e1933\" data-element_type=\"section\">\n\t\t\t\t\t\t<div class=\"elementor-container elementor-column-gap-default\">\n\t\t\t\t\t<div class=\"elementor-column elementor-col-100 elementor-top-column elementor-element elementor-element-cf0b862\" data-id=\"cf0b862\" data-element_type=\"column\">\n\t\t\t<div class=\"elementor-widget-wrap elementor-element-populated\">\n\t\t\t\t\t\t<div class=\"elementor-element elementor-element-d558db9 elementor-widget elementor-widget-text-editor\" data-id=\"d558db9\" data-element_type=\"widget\" data-widget_type=\"text-editor.default\">\n\t\t\t\t<div class=\"elementor-widget-container\">\n\t\t\t\t\t\t\t\t\t<h2>Quels matchs de la coupe du monde de rugby 2023 sont jou\u00e9s \u00e0 Saint-Etienne ?<\/h2>\t\t\t\t\t\t\t\t<\/div>\n\t\t\t\t<\/div>\n\t\t\t\t\t<\/div>\n\t\t<\/div>\n\t\t\t\t\t<\/div>\n\t\t<\/section>\n\t\t\t\t<section class=\"elementor-section elementor-top-section elementor-element elementor-element-f04ec4a elementor-section-boxed elementor-section-height-default elementor-section-height-default\" data-id=\"f04ec4a\" data-element_type=\"section\">\n\t\t\t\t\t\t<div class=\"elementor-container elementor-column-gap-default\">\n\t\t\t\t\t<div class=\"elementor-column elementor-col-100 elementor-top-column elementor-element elementor-element-bd55293\" data-id=\"bd55293\" data-element_type=\"column\">\n\t\t\t<div class=\"elementor-widget-wrap elementor-element-populated\">\n\t\t\t\t\t\t<div class=\"elementor-element elementor-element-bb6d943 elementor-widget elementor-widget-text-editor\" data-id=\"bb6d943\" data-element_type=\"widget\" data-widget_type=\"text-editor.default\">\n\t\t\t\t<div class=\"elementor-widget-container\">\n\t\t\t\t\t\t\t\t\t<p>4 matchs de poule de la Coupe du Monde se jouent \u00e0 Saint-Etienne entre le 9 septembre et le 1er octobre 2023.<\/p><ul><li>Italie &#8211; Namibie : samedi 9 septembre \u00e0 13 h 00<\/li><li>Australie &#8211; Fidji : dimanche 17 septembre 2023 \u00e0 17 h 45<\/li><li>Argentine &#8211; Samoa : vendredi 22 septembre \u00e0 17 h 45<\/li><li>Australie &#8211; Portugal : dimanche 1\u1d49\u02b3 octobre \u00e0 17 h 45<\/li><\/ul>\t\t\t\t\t\t\t\t<\/div>\n\t\t\t\t<\/div>\n\t\t\t\t\t<\/div>\n\t\t<\/div>\n\t\t\t\t\t<\/div>\n\t\t<\/section>\n\t\t\t\t<section class=\"elementor-section elementor-top-section elementor-element elementor-element-1086edb elementor-section-boxed elementor-section-height-default elementor-section-height-default\" data-id=\"1086edb\" data-element_type=\"section\">\n\t\t\t\t\t\t<div class=\"elementor-container elementor-column-gap-default\">\n\t\t\t\t\t<div class=\"elementor-column elementor-col-100 elementor-top-column elementor-element elementor-element-5fa8cab\" data-id=\"5fa8cab\" data-element_type=\"column\">\n\t\t\t<div class=\"elementor-widget-wrap elementor-element-populated\">\n\t\t\t\t\t\t<div class=\"elementor-element elementor-element-c771a1d elementor-widget-divider--view-line elementor-widget elementor-widget-divider\" data-id=\"c771a1d\" data-element_type=\"widget\" data-widget_type=\"divider.default\">\n\t\t\t\t<div class=\"elementor-widget-container\">\n\t\t\t\t\t\t\t<div class=\"elementor-divider\">\n\t\t\t<span class=\"elementor-divider-separator\">\n\t\t\t\t\t\t<\/span>\n\t\t<\/div>\n\t\t\t\t\t\t<\/div>\n\t\t\t\t<\/div>\n\t\t\t\t\t<\/div>\n\t\t<\/div>\n\t\t\t\t\t<\/div>\n\t\t<\/section>\n\t\t\t\t<section class=\"elementor-section elementor-top-section elementor-element elementor-element-18f141f elementor-section-boxed elementor-section-height-default elementor-section-height-default\" data-id=\"18f141f\" data-element_type=\"section\">\n\t\t\t\t\t\t<div class=\"elementor-container elementor-column-gap-default\">\n\t\t\t\t\t<div class=\"elementor-column elementor-col-100 elementor-top-column elementor-element elementor-element-a88f845\" data-id=\"a88f845\" data-element_type=\"column\">\n\t\t\t<div class=\"elementor-widget-wrap elementor-element-populated\">\n\t\t\t\t\t\t<div class=\"elementor-element elementor-element-ed65240 elementor-widget elementor-widget-text-editor\" data-id=\"ed65240\" data-element_type=\"widget\" data-widget_type=\"text-editor.default\">\n\t\t\t\t<div class=\"elementor-widget-container\">\n\t\t\t\t\t\t\t\t\t<h2>Pour supporter l&#8217;\u00e9quipe de France pendant la Coupe du Monde !<\/h2>\t\t\t\t\t\t\t\t<\/div>\n\t\t\t\t<\/div>\n\t\t\t\t\t<\/div>\n\t\t<\/div>\n\t\t\t\t\t<\/div>\n\t\t<\/section>\n\t\t\t\t<section class=\"elementor-section elementor-top-section elementor-element elementor-element-df148d3 elementor-section-boxed elementor-section-height-default elementor-section-height-default\" data-id=\"df148d3\" data-element_type=\"section\">\n\t\t\t\t\t\t<div class=\"elementor-container elementor-column-gap-default\">\n\t\t\t\t\t<div class=\"elementor-column elementor-col-33 elementor-top-column elementor-element elementor-element-f794b38\" data-id=\"f794b38\" data-element_type=\"column\">\n\t\t\t<div class=\"elementor-widget-wrap elementor-element-populated\">\n\t\t\t\t\t\t<div class=\"elementor-element elementor-element-76d33b1 elementor-widget elementor-widget-shortcode\" data-id=\"76d33b1\" data-element_type=\"widget\" data-widget_type=\"shortcode.default\">\n\t\t\t\t<div class=\"elementor-widget-container\">\n\t\t\t\t\t\t\t<div class=\"elementor-shortcode\"><div class=\"container p-0 m-0\">\n    <div class=\"row m-0 border\">\n        <div class=\"col-12 grid-didpd-body text-center\">\n            <img decoding=\"async\" src=\"https:\/\/www.macapflag.com\/1859846-home_default\/drapeau-france-a-agiter-pvc-10-x-15-cm-lot-de-100-ex.jpg\" alt=\"Lot de 100 drapeaux France &agrave; agiter\" class=\"mx-auto\" \/>\n            <div class=\"grid-didpd-text\">\n                <a href=\"https:\/\/www.macapflag.com\/drapeau-france\/792073-drapeau-france-a-agiter-pvc-10-x-15-cm-lot-de-100-ex.html\" target=\"_blank\" class=\"stretched-link\">\n                    <h3>Lot de 100 drapeaux France \u00e0 agiter<\/h3>\n                <\/a>\n            <\/div>\n                        <p class=\"text-center font-weight-bold\">34,00 \u20ac HT<\/p>            <div class=\"text-center\">\n                <button class=\"btn btn-primary\">Achat en ligne <\/button>\n            <\/div>\n        <\/div>\n    <\/div>\n<\/div>\n<\/div>\n\t\t\t\t\t\t<\/div>\n\t\t\t\t<\/div>\n\t\t\t\t\t<\/div>\n\t\t<\/div>\n\t\t\t\t<div class=\"elementor-column elementor-col-33 elementor-top-column elementor-element elementor-element-8d82709\" data-id=\"8d82709\" data-element_type=\"column\">\n\t\t\t<div class=\"elementor-widget-wrap elementor-element-populated\">\n\t\t\t\t\t\t<div class=\"elementor-element elementor-element-dcb2fcd elementor-widget elementor-widget-shortcode\" data-id=\"dcb2fcd\" data-element_type=\"widget\" data-widget_type=\"shortcode.default\">\n\t\t\t\t<div class=\"elementor-widget-container\">\n\t\t\t\t\t\t\t<div class=\"elementor-shortcode\"><div class=\"container p-0 m-0\">\n    <div class=\"row m-0\">\n        <div class=\"col-12 grid-didpd-body text-center\">\n                        <div class=\"text-center\">\n                <a href=\"https:\/\/www.macapflag.com\" target=\"_blank\" class=\"stretched-link\">\n                    <button class=\"btn btn-primary\">Visitez notre site Internet<\/button>\n                <\/a>\n            <\/div>\n        <\/div>\n    <\/div>\n<\/div>\n<\/div>\n\t\t\t\t\t\t<\/div>\n\t\t\t\t<\/div>\n\t\t\t\t\t<\/div>\n\t\t<\/div>\n\t\t\t\t<div class=\"elementor-column elementor-col-33 elementor-top-column elementor-element elementor-element-4e506c4\" data-id=\"4e506c4\" data-element_type=\"column\">\n\t\t\t<div class=\"elementor-widget-wrap elementor-element-populated\">\n\t\t\t\t\t\t<div class=\"elementor-element elementor-element-4eeb76e elementor-widget elementor-widget-shortcode\" data-id=\"4eeb76e\" data-element_type=\"widget\" data-widget_type=\"shortcode.default\">\n\t\t\t\t<div class=\"elementor-widget-container\">\n\t\t\t\t\t\t\t<div class=\"elementor-shortcode\"><div class=\"container p-0 m-0\">\n    <div class=\"row m-0\">\n        <div class=\"col-12 grid-didpd-body text-center\">\n                        <div class=\"text-center\">\n                <a href=\"https:\/\/www.macapflag.com\" target=\"_blank\" class=\"stretched-link\">\n                    <button class=\"btn btn-primary\">Visitez notre site Internet<\/button>\n                <\/a>\n            <\/div>\n        <\/div>\n    <\/div>\n<\/div>\n<\/div>\n\t\t\t\t\t\t<\/div>\n\t\t\t\t<\/div>\n\t\t\t\t\t<\/div>\n\t\t<\/div>\n\t\t\t\t\t<\/div>\n\t\t<\/section>\n\t\t\t\t<section class=\"elementor-section elementor-top-section elementor-element elementor-element-440de95 elementor-section-boxed elementor-section-height-default elementor-section-height-default\" data-id=\"440de95\" data-element_type=\"section\">\n\t\t\t\t\t\t<div class=\"elementor-container elementor-column-gap-default\">\n\t\t\t\t\t<div class=\"elementor-column elementor-col-33 elementor-top-column elementor-element elementor-element-1fa98b1\" data-id=\"1fa98b1\" data-element_type=\"column\">\n\t\t\t<div class=\"elementor-widget-wrap elementor-element-populated\">\n\t\t\t\t\t\t<div class=\"elementor-element elementor-element-4d506c2 elementor-widget elementor-widget-shortcode\" data-id=\"4d506c2\" data-element_type=\"widget\" data-widget_type=\"shortcode.default\">\n\t\t\t\t<div class=\"elementor-widget-container\">\n\t\t\t\t\t\t\t<div class=\"elementor-shortcode\"><div class=\"container p-0 m-0\">\n    <div class=\"row m-0 border\">\n        <div class=\"col-12 grid-didpd-body text-center\">\n            <img decoding=\"async\" src=\"https:\/\/www.macapflag.com\/1858604-home_default\/beach-flag-oriflamme-potence-350-mvisuel-rugby-modele-5.jpg\" alt=\"Beachflag sp&eacute;cial rugby\" class=\"mx-auto\" \/>\n            <div class=\"grid-didpd-text\">\n                <a href=\"https:\/\/www.macapflag.com\/plv-evenements-sportifs\/791965-beach-flag-oriflamme-potence-350-mvisuel-rugby-modele-5.html\" target=\"_blank\" class=\"stretched-link\">\n                    <h3>Beachflag sp\u00e9cial rugby<\/h3>\n                <\/a>\n            <\/div>\n                        <p class=\"text-center font-weight-bold\">142,50 \u20ac HT<\/p>            <div class=\"text-center\">\n                <button class=\"btn btn-primary\">Achat en ligne <\/button>\n            <\/div>\n        <\/div>\n    <\/div>\n<\/div>\n<\/div>\n\t\t\t\t\t\t<\/div>\n\t\t\t\t<\/div>\n\t\t\t\t\t<\/div>\n\t\t<\/div>\n\t\t\t\t<div class=\"elementor-column elementor-col-33 elementor-top-column elementor-element elementor-element-d5f2a10\" data-id=\"d5f2a10\" data-element_type=\"column\">\n\t\t\t<div class=\"elementor-widget-wrap elementor-element-populated\">\n\t\t\t\t\t\t<div class=\"elementor-element elementor-element-a698c87 elementor-widget elementor-widget-shortcode\" data-id=\"a698c87\" data-element_type=\"widget\" data-widget_type=\"shortcode.default\">\n\t\t\t\t<div class=\"elementor-widget-container\">\n\t\t\t\t\t\t\t<div class=\"elementor-shortcode\"><div class=\"container p-0 m-0\">\n    <div class=\"row m-0 border\">\n        <div class=\"col-12 grid-didpd-body text-center\">\n            <img decoding=\"async\" src=\"https:\/\/www.macapflag.com\/1858599-home_default\/banderole-pvc-oeillets-80x300-cmplv-rugby-modele-5.jpg\" alt=\"Banderole sp&eacute;cial rugby\" class=\"mx-auto\" \/>\n            <div class=\"grid-didpd-text\">\n                <a href=\"https:\/\/www.macapflag.com\/plv-evenements-sportifs\/791960-banderole-pvc-oeillets-80x300-cmplv-rugby-modele-5.html\" target=\"_blank\" class=\"stretched-link\">\n                    <h3>Banderole sp\u00e9cial rugby<\/h3>\n                <\/a>\n            <\/div>\n                        <p class=\"text-center font-weight-bold\">42,75 \u20ac HT<\/p>            <div class=\"text-center\">\n                <button class=\"btn btn-primary\">Achat en ligne <\/button>\n            <\/div>\n        <\/div>\n    <\/div>\n<\/div>\n<\/div>\n\t\t\t\t\t\t<\/div>\n\t\t\t\t<\/div>\n\t\t\t\t\t<\/div>\n\t\t<\/div>\n\t\t\t\t<div class=\"elementor-column elementor-col-33 elementor-top-column elementor-element elementor-element-6bc5543\" data-id=\"6bc5543\" data-element_type=\"column\">\n\t\t\t<div class=\"elementor-widget-wrap elementor-element-populated\">\n\t\t\t\t\t\t<div class=\"elementor-element elementor-element-240f23d elementor-widget elementor-widget-shortcode\" data-id=\"240f23d\" data-element_type=\"widget\" data-widget_type=\"shortcode.default\">\n\t\t\t\t<div class=\"elementor-widget-container\">\n\t\t\t\t\t\t\t<div class=\"elementor-shortcode\"><div class=\"container p-0 m-0\">\n    <div class=\"row m-0 border\">\n        <div class=\"col-12 grid-didpd-body text-center\">\n            <img decoding=\"async\" src=\"https:\/\/www.macapflag.com\/1858596-home_default\/beach-flag-oriflamme-classique-28-mvisuel-rugby-modele-4.jpg\" alt=\"Beachflag sp&eacute;cial rugby\" class=\"mx-auto\" \/>\n            <div class=\"grid-didpd-text\">\n                <a href=\"https:\/\/www.macapflag.com\/plv-evenements-sportifs\/791957-beach-flag-oriflamme-classique-28-mvisuel-rugby-modele-4.html\" target=\"_blank\" class=\"stretched-link\">\n                    <h3>Beachflag sp\u00e9cial rugby<\/h3>\n                <\/a>\n            <\/div>\n                        <p class=\"text-center font-weight-bold\">112,10 \u20ac HT<\/p>            <div class=\"text-center\">\n                <button class=\"btn btn-primary\">Achat en ligne <\/button>\n            <\/div>\n        <\/div>\n    <\/div>\n<\/div>\n<\/div>\n\t\t\t\t\t\t<\/div>\n\t\t\t\t<\/div>\n\t\t\t\t\t<\/div>\n\t\t<\/div>\n\t\t\t\t\t<\/div>\n\t\t<\/section>\n\t\t\t\t<\/div>\n\t\t","protected":false},"excerpt":{"rendered":"<div class=\"tmnf_excerpt\"><p>Du 8 septembre au 28 octobre 2023, l\u2019\u00e9dition 2023 de la Coupe du monde de rugby a lieu en France. C\u2019est tout le territoire fran\u00e7ais qui est concern\u00e9 par cet \u00e9v\u00e9nement international. Si les matchs de demi-finales et la finale ont lieu au Stade France \u00e0 Paris, de nombreux matchs sont jou\u00e9s en province, \u00e0 &hellip;<\/p>\n<\/div>","protected":false},"author":2,"featured_media":13697,"comment_status":"closed","ping_status":"open","sticky":false,"template":"template-fullwidth.php","format":"standard","meta":{"footnotes":""},"categories":[92],"tags":[],"class_list":["post-13973","post","type-post","status-publish","format-standard","has-post-thumbnail","hentry","category-news"],"yoast_head":"<!-- This site is optimized with the Yoast SEO plugin v26.4 - https:\/\/yoast.com\/wordpress\/plugins\/seo\/ -->\n<title>Un stade une histoire. Le stade Geoffroy Guichard \u00e0 Saint-Etienne<\/title>\n<meta name=\"description\" content=\"Tout savoir sur le stade Geoffroy Guichard \u00e0 Saint-Etienne : acc\u00e8s, architecture, capacit\u00e9 d&#039;accueil et matchs de la coupe du monde de rugby\" \/>\n<meta name=\"robots\" content=\"index, follow, max-snippet:-1, max-image-preview:large, max-video-preview:-1\" \/>\n<link rel=\"canonical\" href=\"https:\/\/www.macapflag.com\/blog\/stade-geoffroy-guichard-saint-etienne\/\" \/>\n<meta property=\"og:locale\" content=\"fr_FR\" \/>\n<meta property=\"og:type\" content=\"article\" \/>\n<meta property=\"og:title\" content=\"Un stade une histoire. Le stade Geoffroy Guichard \u00e0 Saint-Etienne\" \/>\n<meta property=\"og:description\" content=\"Tout savoir sur le stade Geoffroy Guichard \u00e0 Saint-Etienne : acc\u00e8s, architecture, capacit\u00e9 d&#039;accueil et matchs de la coupe du monde de rugby\" \/>\n<meta property=\"og:url\" content=\"https:\/\/www.macapflag.com\/blog\/stade-geoffroy-guichard-saint-etienne\/\" \/>\n<meta property=\"og:site_name\" content=\"Blog - Macap\" \/>\n<meta property=\"article:publisher\" content=\"https:\/\/www.facebook.com\/macap.pavoisement\/\" \/>\n<meta property=\"article:published_time\" content=\"2023-08-21T06:00:00+00:00\" \/>\n<meta property=\"og:image\" content=\"https:\/\/www.macapflag.com\/blog\/wp-content\/uploads\/2023\/06\/rugby-stade-TITRE-8-1.jpg\" \/>\n\t<meta property=\"og:image:width\" content=\"870\" \/>\n\t<meta property=\"og:image:height\" content=\"600\" \/>\n\t<meta property=\"og:image:type\" content=\"image\/jpeg\" \/>\n<meta name=\"author\" content=\"Blog Macap\" \/>\n<meta name=\"twitter:card\" content=\"summary_large_image\" \/>\n<meta name=\"twitter:label1\" content=\"\u00c9crit par\" \/>\n\t<meta name=\"twitter:data1\" content=\"Blog Macap\" \/>\n\t<meta name=\"twitter:label2\" content=\"Dur\u00e9e de lecture estim\u00e9e\" \/>\n\t<meta name=\"twitter:data2\" content=\"4 minutes\" \/>\n<script type=\"application\/ld+json\" class=\"yoast-schema-graph\">{\"@context\":\"https:\/\/schema.org\",\"@graph\":[{\"@type\":\"Article\",\"@id\":\"https:\/\/www.macapflag.com\/blog\/stade-geoffroy-guichard-saint-etienne\/#article\",\"isPartOf\":{\"@id\":\"https:\/\/www.macapflag.com\/blog\/stade-geoffroy-guichard-saint-etienne\/\"},\"author\":{\"name\":\"Blog Macap\",\"@id\":\"https:\/\/www.macapflag.com\/blog\/#\/schema\/person\/3fea701f2603875e651e6b662578fc3c\"},\"headline\":\"Un stade, une histoire, le stade Geoffroy Guichard \u00e0 Saint-Etienne\",\"datePublished\":\"2023-08-21T06:00:00+00:00\",\"mainEntityOfPage\":{\"@id\":\"https:\/\/www.macapflag.com\/blog\/stade-geoffroy-guichard-saint-etienne\/\"},\"wordCount\":838,\"publisher\":{\"@id\":\"https:\/\/www.macapflag.com\/blog\/#organization\"},\"image\":{\"@id\":\"https:\/\/www.macapflag.com\/blog\/stade-geoffroy-guichard-saint-etienne\/#primaryimage\"},\"thumbnailUrl\":\"https:\/\/www.macapflag.com\/blog\/wp-content\/uploads\/2023\/06\/rugby-stade-TITRE-8-1.jpg\",\"articleSection\":[\"News &amp; Actu\"],\"inLanguage\":\"fr-FR\"},{\"@type\":\"WebPage\",\"@id\":\"https:\/\/www.macapflag.com\/blog\/stade-geoffroy-guichard-saint-etienne\/\",\"url\":\"https:\/\/www.macapflag.com\/blog\/stade-geoffroy-guichard-saint-etienne\/\",\"name\":\"Un stade une histoire. Le stade Geoffroy Guichard \u00e0 Saint-Etienne\",\"isPartOf\":{\"@id\":\"https:\/\/www.macapflag.com\/blog\/#website\"},\"primaryImageOfPage\":{\"@id\":\"https:\/\/www.macapflag.com\/blog\/stade-geoffroy-guichard-saint-etienne\/#primaryimage\"},\"image\":{\"@id\":\"https:\/\/www.macapflag.com\/blog\/stade-geoffroy-guichard-saint-etienne\/#primaryimage\"},\"thumbnailUrl\":\"https:\/\/www.macapflag.com\/blog\/wp-content\/uploads\/2023\/06\/rugby-stade-TITRE-8-1.jpg\",\"datePublished\":\"2023-08-21T06:00:00+00:00\",\"description\":\"Tout savoir sur le stade Geoffroy Guichard \u00e0 Saint-Etienne : acc\u00e8s, architecture, capacit\u00e9 d'accueil et matchs de la coupe du monde de rugby\",\"breadcrumb\":{\"@id\":\"https:\/\/www.macapflag.com\/blog\/stade-geoffroy-guichard-saint-etienne\/#breadcrumb\"},\"inLanguage\":\"fr-FR\",\"potentialAction\":[{\"@type\":\"ReadAction\",\"target\":[\"https:\/\/www.macapflag.com\/blog\/stade-geoffroy-guichard-saint-etienne\/\"]}]},{\"@type\":\"ImageObject\",\"inLanguage\":\"fr-FR\",\"@id\":\"https:\/\/www.macapflag.com\/blog\/stade-geoffroy-guichard-saint-etienne\/#primaryimage\",\"url\":\"https:\/\/www.macapflag.com\/blog\/wp-content\/uploads\/2023\/06\/rugby-stade-TITRE-8-1.jpg\",\"contentUrl\":\"https:\/\/www.macapflag.com\/blog\/wp-content\/uploads\/2023\/06\/rugby-stade-TITRE-8-1.jpg\",\"width\":870,\"height\":600,\"caption\":\"Stade Geoffroy Guichard Saint Etienne\"},{\"@type\":\"BreadcrumbList\",\"@id\":\"https:\/\/www.macapflag.com\/blog\/stade-geoffroy-guichard-saint-etienne\/#breadcrumb\",\"itemListElement\":[{\"@type\":\"ListItem\",\"position\":1,\"name\":\"Accueil\",\"item\":\"https:\/\/www.macapflag.com\/blog\/\"},{\"@type\":\"ListItem\",\"position\":2,\"name\":\"Un stade, une histoire, le stade Geoffroy Guichard \u00e0 Saint-Etienne\"}]},{\"@type\":\"WebSite\",\"@id\":\"https:\/\/www.macapflag.com\/blog\/#website\",\"url\":\"https:\/\/www.macapflag.com\/blog\/\",\"name\":\"Blog - Macap\",\"description\":\"Tous nos articles\",\"publisher\":{\"@id\":\"https:\/\/www.macapflag.com\/blog\/#organization\"},\"potentialAction\":[{\"@type\":\"SearchAction\",\"target\":{\"@type\":\"EntryPoint\",\"urlTemplate\":\"https:\/\/www.macapflag.com\/blog\/?s={search_term_string}\"},\"query-input\":{\"@type\":\"PropertyValueSpecification\",\"valueRequired\":true,\"valueName\":\"search_term_string\"}}],\"inLanguage\":\"fr-FR\"},{\"@type\":\"Organization\",\"@id\":\"https:\/\/www.macapflag.com\/blog\/#organization\",\"name\":\"macapflag\",\"url\":\"https:\/\/www.macapflag.com\/blog\/\",\"logo\":{\"@type\":\"ImageObject\",\"inLanguage\":\"fr-FR\",\"@id\":\"https:\/\/www.macapflag.com\/blog\/#\/schema\/logo\/image\/\",\"url\":\"https:\/\/www.macapflag.com\/blog\/wp-content\/uploads\/2020\/12\/cropped-M-512-1.png\",\"contentUrl\":\"https:\/\/www.macapflag.com\/blog\/wp-content\/uploads\/2020\/12\/cropped-M-512-1.png\",\"width\":512,\"height\":512,\"caption\":\"macapflag\"},\"image\":{\"@id\":\"https:\/\/www.macapflag.com\/blog\/#\/schema\/logo\/image\/\"},\"sameAs\":[\"https:\/\/www.facebook.com\/macap.pavoisement\/\",\"https:\/\/www.instagram.com\/macapflag\/?hl=fr\",\"https:\/\/www.linkedin.com\/company\/macap\/?originalSubdomain=fr\",\"https:\/\/www.youtube.com\/channel\/UCXNzTIdZh9poEBjSXEqDtNw\"]},{\"@type\":\"Person\",\"@id\":\"https:\/\/www.macapflag.com\/blog\/#\/schema\/person\/3fea701f2603875e651e6b662578fc3c\",\"name\":\"Blog Macap\",\"image\":{\"@type\":\"ImageObject\",\"inLanguage\":\"fr-FR\",\"@id\":\"https:\/\/www.macapflag.com\/blog\/#\/schema\/person\/image\/\",\"url\":\"https:\/\/secure.gravatar.com\/avatar\/c12551f2dc51f0db049633b03e7856985477a70da834cc8967dea4ce54bdd6a2?s=96&d=mm&r=g\",\"contentUrl\":\"https:\/\/secure.gravatar.com\/avatar\/c12551f2dc51f0db049633b03e7856985477a70da834cc8967dea4ce54bdd6a2?s=96&d=mm&r=g\",\"caption\":\"Blog Macap\"},\"url\":\"https:\/\/www.macapflag.com\/blog\/author\/macap\/\"}]}<\/script>\n<!-- \/ Yoast SEO plugin. -->","yoast_head_json":{"title":"Un stade une histoire. Le stade Geoffroy Guichard \u00e0 Saint-Etienne","description":"Tout savoir sur le stade Geoffroy Guichard \u00e0 Saint-Etienne : acc\u00e8s, architecture, capacit\u00e9 d'accueil et matchs de la coupe du monde de rugby","robots":{"index":"index","follow":"follow","max-snippet":"max-snippet:-1","max-image-preview":"max-image-preview:large","max-video-preview":"max-video-preview:-1"},"canonical":"https:\/\/www.macapflag.com\/blog\/stade-geoffroy-guichard-saint-etienne\/","og_locale":"fr_FR","og_type":"article","og_title":"Un stade une histoire. Le stade Geoffroy Guichard \u00e0 Saint-Etienne","og_description":"Tout savoir sur le stade Geoffroy Guichard \u00e0 Saint-Etienne : acc\u00e8s, architecture, capacit\u00e9 d'accueil et matchs de la coupe du monde de rugby","og_url":"https:\/\/www.macapflag.com\/blog\/stade-geoffroy-guichard-saint-etienne\/","og_site_name":"Blog - Macap","article_publisher":"https:\/\/www.facebook.com\/macap.pavoisement\/","article_published_time":"2023-08-21T06:00:00+00:00","og_image":[{"width":870,"height":600,"url":"https:\/\/www.macapflag.com\/blog\/wp-content\/uploads\/2023\/06\/rugby-stade-TITRE-8-1.jpg","type":"image\/jpeg"}],"author":"Blog Macap","twitter_card":"summary_large_image","twitter_misc":{"\u00c9crit par":"Blog Macap","Dur\u00e9e de lecture estim\u00e9e":"4 minutes"},"schema":{"@context":"https:\/\/schema.org","@graph":[{"@type":"Article","@id":"https:\/\/www.macapflag.com\/blog\/stade-geoffroy-guichard-saint-etienne\/#article","isPartOf":{"@id":"https:\/\/www.macapflag.com\/blog\/stade-geoffroy-guichard-saint-etienne\/"},"author":{"name":"Blog Macap","@id":"https:\/\/www.macapflag.com\/blog\/#\/schema\/person\/3fea701f2603875e651e6b662578fc3c"},"headline":"Un stade, une histoire, le stade Geoffroy Guichard \u00e0 Saint-Etienne","datePublished":"2023-08-21T06:00:00+00:00","mainEntityOfPage":{"@id":"https:\/\/www.macapflag.com\/blog\/stade-geoffroy-guichard-saint-etienne\/"},"wordCount":838,"publisher":{"@id":"https:\/\/www.macapflag.com\/blog\/#organization"},"image":{"@id":"https:\/\/www.macapflag.com\/blog\/stade-geoffroy-guichard-saint-etienne\/#primaryimage"},"thumbnailUrl":"https:\/\/www.macapflag.com\/blog\/wp-content\/uploads\/2023\/06\/rugby-stade-TITRE-8-1.jpg","articleSection":["News &amp; Actu"],"inLanguage":"fr-FR"},{"@type":"WebPage","@id":"https:\/\/www.macapflag.com\/blog\/stade-geoffroy-guichard-saint-etienne\/","url":"https:\/\/www.macapflag.com\/blog\/stade-geoffroy-guichard-saint-etienne\/","name":"Un stade une histoire. Le stade Geoffroy Guichard \u00e0 Saint-Etienne","isPartOf":{"@id":"https:\/\/www.macapflag.com\/blog\/#website"},"primaryImageOfPage":{"@id":"https:\/\/www.macapflag.com\/blog\/stade-geoffroy-guichard-saint-etienne\/#primaryimage"},"image":{"@id":"https:\/\/www.macapflag.com\/blog\/stade-geoffroy-guichard-saint-etienne\/#primaryimage"},"thumbnailUrl":"https:\/\/www.macapflag.com\/blog\/wp-content\/uploads\/2023\/06\/rugby-stade-TITRE-8-1.jpg","datePublished":"2023-08-21T06:00:00+00:00","description":"Tout savoir sur le stade Geoffroy Guichard \u00e0 Saint-Etienne : acc\u00e8s, architecture, capacit\u00e9 d'accueil et matchs de la coupe du monde de rugby","breadcrumb":{"@id":"https:\/\/www.macapflag.com\/blog\/stade-geoffroy-guichard-saint-etienne\/#breadcrumb"},"inLanguage":"fr-FR","potentialAction":[{"@type":"ReadAction","target":["https:\/\/www.macapflag.com\/blog\/stade-geoffroy-guichard-saint-etienne\/"]}]},{"@type":"ImageObject","inLanguage":"fr-FR","@id":"https:\/\/www.macapflag.com\/blog\/stade-geoffroy-guichard-saint-etienne\/#primaryimage","url":"https:\/\/www.macapflag.com\/blog\/wp-content\/uploads\/2023\/06\/rugby-stade-TITRE-8-1.jpg","contentUrl":"https:\/\/www.macapflag.com\/blog\/wp-content\/uploads\/2023\/06\/rugby-stade-TITRE-8-1.jpg","width":870,"height":600,"caption":"Stade Geoffroy Guichard Saint Etienne"},{"@type":"BreadcrumbList","@id":"https:\/\/www.macapflag.com\/blog\/stade-geoffroy-guichard-saint-etienne\/#breadcrumb","itemListElement":[{"@type":"ListItem","position":1,"name":"Accueil","item":"https:\/\/www.macapflag.com\/blog\/"},{"@type":"ListItem","position":2,"name":"Un stade, une histoire, le stade Geoffroy Guichard \u00e0 Saint-Etienne"}]},{"@type":"WebSite","@id":"https:\/\/www.macapflag.com\/blog\/#website","url":"https:\/\/www.macapflag.com\/blog\/","name":"Blog - Macap","description":"Tous nos articles","publisher":{"@id":"https:\/\/www.macapflag.com\/blog\/#organization"},"potentialAction":[{"@type":"SearchAction","target":{"@type":"EntryPoint","urlTemplate":"https:\/\/www.macapflag.com\/blog\/?s={search_term_string}"},"query-input":{"@type":"PropertyValueSpecification","valueRequired":true,"valueName":"search_term_string"}}],"inLanguage":"fr-FR"},{"@type":"Organization","@id":"https:\/\/www.macapflag.com\/blog\/#organization","name":"macapflag","url":"https:\/\/www.macapflag.com\/blog\/","logo":{"@type":"ImageObject","inLanguage":"fr-FR","@id":"https:\/\/www.macapflag.com\/blog\/#\/schema\/logo\/image\/","url":"https:\/\/www.macapflag.com\/blog\/wp-content\/uploads\/2020\/12\/cropped-M-512-1.png","contentUrl":"https:\/\/www.macapflag.com\/blog\/wp-content\/uploads\/2020\/12\/cropped-M-512-1.png","width":512,"height":512,"caption":"macapflag"},"image":{"@id":"https:\/\/www.macapflag.com\/blog\/#\/schema\/logo\/image\/"},"sameAs":["https:\/\/www.facebook.com\/macap.pavoisement\/","https:\/\/www.instagram.com\/macapflag\/?hl=fr","https:\/\/www.linkedin.com\/company\/macap\/?originalSubdomain=fr","https:\/\/www.youtube.com\/channel\/UCXNzTIdZh9poEBjSXEqDtNw"]},{"@type":"Person","@id":"https:\/\/www.macapflag.com\/blog\/#\/schema\/person\/3fea701f2603875e651e6b662578fc3c","name":"Blog Macap","image":{"@type":"ImageObject","inLanguage":"fr-FR","@id":"https:\/\/www.macapflag.com\/blog\/#\/schema\/person\/image\/","url":"https:\/\/secure.gravatar.com\/avatar\/c12551f2dc51f0db049633b03e7856985477a70da834cc8967dea4ce54bdd6a2?s=96&d=mm&r=g","contentUrl":"https:\/\/secure.gravatar.com\/avatar\/c12551f2dc51f0db049633b03e7856985477a70da834cc8967dea4ce54bdd6a2?s=96&d=mm&r=g","caption":"Blog Macap"},"url":"https:\/\/www.macapflag.com\/blog\/author\/macap\/"}]}},"_links":{"self":[{"href":"https:\/\/www.macapflag.com\/blog\/wp-json\/wp\/v2\/posts\/13973","targetHints":{"allow":["GET"]}}],"collection":[{"href":"https:\/\/www.macapflag.com\/blog\/wp-json\/wp\/v2\/posts"}],"about":[{"href":"https:\/\/www.macapflag.com\/blog\/wp-json\/wp\/v2\/types\/post"}],"author":[{"embeddable":true,"href":"https:\/\/www.macapflag.com\/blog\/wp-json\/wp\/v2\/users\/2"}],"replies":[{"embeddable":true,"href":"https:\/\/www.macapflag.com\/blog\/wp-json\/wp\/v2\/comments?post=13973"}],"version-history":[{"count":8,"href":"https:\/\/www.macapflag.com\/blog\/wp-json\/wp\/v2\/posts\/13973\/revisions"}],"predecessor-version":[{"id":14000,"href":"https:\/\/www.macapflag.com\/blog\/wp-json\/wp\/v2\/posts\/13973\/revisions\/14000"}],"wp:featuredmedia":[{"embeddable":true,"href":"https:\/\/www.macapflag.com\/blog\/wp-json\/wp\/v2\/media\/13697"}],"wp:attachment":[{"href":"https:\/\/www.macapflag.com\/blog\/wp-json\/wp\/v2\/media?parent=13973"}],"wp:term":[{"taxonomy":"category","embeddable":true,"href":"https:\/\/www.macapflag.com\/blog\/wp-json\/wp\/v2\/categories?post=13973"},{"taxonomy":"post_tag","embeddable":true,"href":"https:\/\/www.macapflag.com\/blog\/wp-json\/wp\/v2\/tags?post=13973"}],"curies":[{"name":"wp","href":"https:\/\/api.w.org\/{rel}","templated":true}]}}