{"id":14274,"date":"2025-02-03T09:14:25","date_gmt":"2025-02-03T08:14:25","guid":{"rendered":"https:\/\/www.macapflag.com\/blog\/?p=14274"},"modified":"2025-02-03T09:30:09","modified_gmt":"2025-02-03T08:30:09","slug":"cadre-toile-2","status":"publish","type":"post","link":"https:\/\/www.macapflag.com\/blog\/cadre-toile-2\/","title":{"rendered":"Offre promotionnelle sp\u00e9ciale Cadres"},"content":{"rendered":"\t\t<div data-elementor-type=\"wp-post\" data-elementor-id=\"14274\" class=\"elementor elementor-14274\">\n\t\t\t\t\t\t<section class=\"elementor-section elementor-top-section elementor-element elementor-element-e6d7a77 elementor-section-boxed elementor-section-height-default elementor-section-height-default\" data-id=\"e6d7a77\" data-element_type=\"section\">\n\t\t\t\t\t\t<div class=\"elementor-container elementor-column-gap-default\">\n\t\t\t\t\t<div class=\"elementor-column elementor-col-100 elementor-top-column elementor-element elementor-element-9a17286\" data-id=\"9a17286\" data-element_type=\"column\">\n\t\t\t<div class=\"elementor-widget-wrap elementor-element-populated\">\n\t\t\t\t\t\t<div class=\"elementor-element elementor-element-76626ef elementor-widget elementor-widget-text-editor\" data-id=\"76626ef\" data-element_type=\"widget\" data-widget_type=\"text-editor.default\">\n\t\t\t\t<div class=\"elementor-widget-container\">\n\t\t\t\t\t\t\t\t\t<p>Suspendu, mural, autoportant, modulable ou m\u00eame r\u00e9tro-\u00e9clair\u00e9, le cadre toile tendue est un produit <strong>incontournable de la communication indoor<\/strong>. Gr\u00e2ce \u00e0 une impression en tr\u00e8s haute d\u00e9finition et un choix illimit\u00e9 de couleurs, le cadre toile tendue magnifie vos messages et leur conf\u00e8re une visibilit\u00e9 \u00e9tonnante.<br \/>Outre son <strong>aspect tr\u00e8s esth\u00e9tique<\/strong>, le cadre a l\u2019immense avantage de disposer de visuels interchangeables. Il devient ainsi un <strong>support de communication tr\u00e8s \u00e9conomique<\/strong> puisque vous pouvez \u00e0 tout moment commander un nouveau visuel personnalis\u00e9 \u00e0 clipser tr\u00e8s facilement sur votre structure existante. <\/p>\t\t\t\t\t\t\t\t<\/div>\n\t\t\t\t<\/div>\n\t\t\t\t\t<\/div>\n\t\t<\/div>\n\t\t\t\t\t<\/div>\n\t\t<\/section>\n\t\t\t\t<section class=\"elementor-section elementor-top-section elementor-element elementor-element-6a5c1fb elementor-section-boxed elementor-section-height-default elementor-section-height-default\" data-id=\"6a5c1fb\" data-element_type=\"section\">\n\t\t\t\t\t\t<div class=\"elementor-container elementor-column-gap-default\">\n\t\t\t\t\t<div class=\"elementor-column elementor-col-100 elementor-top-column elementor-element elementor-element-862b2f3\" data-id=\"862b2f3\" data-element_type=\"column\">\n\t\t\t<div class=\"elementor-widget-wrap elementor-element-populated\">\n\t\t\t\t\t\t<div class=\"elementor-element elementor-element-a78665e elementor-widget elementor-widget-text-editor\" data-id=\"a78665e\" data-element_type=\"widget\" data-widget_type=\"text-editor.default\">\n\t\t\t\t<div class=\"elementor-widget-container\">\n\t\t\t\t\t\t\t\t\t<h2>Une offre valable du 1er au 28 f\u00e9vrier 2025<\/h2>\t\t\t\t\t\t\t\t<\/div>\n\t\t\t\t<\/div>\n\t\t\t\t\t<\/div>\n\t\t<\/div>\n\t\t\t\t\t<\/div>\n\t\t<\/section>\n\t\t\t\t<section class=\"elementor-section elementor-top-section elementor-element elementor-element-07e1836 elementor-section-boxed elementor-section-height-default elementor-section-height-default\" data-id=\"07e1836\" data-element_type=\"section\">\n\t\t\t\t\t\t<div class=\"elementor-container elementor-column-gap-default\">\n\t\t\t\t\t<div class=\"elementor-column elementor-col-100 elementor-top-column elementor-element elementor-element-f06a9ea\" data-id=\"f06a9ea\" data-element_type=\"column\">\n\t\t\t<div class=\"elementor-widget-wrap elementor-element-populated\">\n\t\t\t\t\t\t<div class=\"elementor-element elementor-element-a31c570 elementor-widget elementor-widget-text-editor\" data-id=\"a31c570\" data-element_type=\"widget\" data-widget_type=\"text-editor.default\">\n\t\t\t\t<div class=\"elementor-widget-container\">\n\t\t\t\t\t\t\t\t\t<p>Du samedi 1\u1d49\u02b3 au vendredi 28 f\u00e9vrier 2025, b\u00e9n\u00e9ficiez de<b>\u00a0&#8211;<\/b><strong> 10\u2009% de remise imm\u00e9diate<\/strong> sur l\u2019ensemble de la collection des cadres Macap.<br \/>Tous les mod\u00e8les de la gamme Macap sont inclus dans cette offre. Elle concerne aussi bien les kits cadres complets que les visuels seuls. Profitez-en !<\/p>\t\t\t\t\t\t\t\t<\/div>\n\t\t\t\t<\/div>\n\t\t\t\t\t<\/div>\n\t\t<\/div>\n\t\t\t\t\t<\/div>\n\t\t<\/section>\n\t\t\t\t<section class=\"elementor-section elementor-top-section elementor-element elementor-element-0d384b2 elementor-section-boxed elementor-section-height-default elementor-section-height-default\" data-id=\"0d384b2\" data-element_type=\"section\">\n\t\t\t\t\t\t<div class=\"elementor-container elementor-column-gap-default\">\n\t\t\t\t\t<div class=\"elementor-column elementor-col-100 elementor-top-column elementor-element elementor-element-913ae76\" data-id=\"913ae76\" data-element_type=\"column\">\n\t\t\t<div class=\"elementor-widget-wrap elementor-element-populated\">\n\t\t\t\t\t\t<div class=\"elementor-element elementor-element-f4ceb9b elementor-widget elementor-widget-text-editor\" data-id=\"f4ceb9b\" data-element_type=\"widget\" data-widget_type=\"text-editor.default\">\n\t\t\t\t<div class=\"elementor-widget-container\">\n\t\t\t\t\t\t\t\t\t<h3>Cadre toile autoportant<\/h3>\t\t\t\t\t\t\t\t<\/div>\n\t\t\t\t<\/div>\n\t\t\t\t\t<\/div>\n\t\t<\/div>\n\t\t\t\t\t<\/div>\n\t\t<\/section>\n\t\t\t\t<section class=\"elementor-section elementor-top-section elementor-element elementor-element-329ad44 elementor-section-boxed elementor-section-height-default elementor-section-height-default\" data-id=\"329ad44\" data-element_type=\"section\">\n\t\t\t\t\t\t<div class=\"elementor-container elementor-column-gap-default\">\n\t\t\t\t\t<div class=\"elementor-column elementor-col-100 elementor-top-column elementor-element elementor-element-4a3f0d1\" data-id=\"4a3f0d1\" data-element_type=\"column\">\n\t\t\t<div class=\"elementor-widget-wrap elementor-element-populated\">\n\t\t\t\t\t\t<div class=\"elementor-element elementor-element-43f0fae elementor-widget elementor-widget-shortcode\" data-id=\"43f0fae\" data-element_type=\"widget\" data-widget_type=\"shortcode.default\">\n\t\t\t\t<div class=\"elementor-widget-container\">\n\t\t\t\t\t\t\t<div class=\"elementor-shortcode\"><div class=\"container p-0 m-0\">\n    <div class=\"row m-0 border\">\n        <div class=\"col-12 col-lg-6\">\n            <img decoding=\"async\" src=\"https:\/\/www.macapflag.com\/1861214-home_default\/cadre-autoportant-toile-tendue-utilisation-interieure.jpg\" alt=\"Cadre toile tendue autoportant\" class=\"mx-auto\" \/>\n        <\/div>\n        <div class=\"col-12 col-lg-6 box-didpd-body\">\n            <div class=\"box-didpd-text\">\n                <a href=\"https:\/\/www.macapflag.com\/cadre-toile-tendue\/187-cadre-autoportant-toile-tendue-utilisation-interieure.html\" target=\"_blank\" class=\"stretched-link\">\n                    <h3>Cadre toile tendue autoportant<\/h3>\n                <\/a>\n                <p>XXL, autoportant, impactant. Prix \u00e0 partir de\/ Variable en fonction des dimensions<\/p>\n            <\/div>\n                        <p class=\"text-center font-weight-bold\">370,00 \u20ac HT<\/p>            <div class=\"text-center\">\n                <button class=\"btn btn-primary\">Achat cadre en ligne<\/button>\n            <\/div>\n        <\/div>\n    <\/div>\n<\/div>\n<\/div>\n\t\t\t\t\t\t<\/div>\n\t\t\t\t<\/div>\n\t\t\t\t\t<\/div>\n\t\t<\/div>\n\t\t\t\t\t<\/div>\n\t\t<\/section>\n\t\t\t\t<section class=\"elementor-section elementor-top-section elementor-element elementor-element-ad99699 elementor-section-boxed elementor-section-height-default elementor-section-height-default\" data-id=\"ad99699\" data-element_type=\"section\">\n\t\t\t\t\t\t<div class=\"elementor-container elementor-column-gap-default\">\n\t\t\t\t\t<div class=\"elementor-column elementor-col-100 elementor-top-column elementor-element elementor-element-4b0dc21\" data-id=\"4b0dc21\" data-element_type=\"column\">\n\t\t\t<div class=\"elementor-widget-wrap elementor-element-populated\">\n\t\t\t\t\t\t<div class=\"elementor-element elementor-element-e9dd1db elementor-widget elementor-widget-text-editor\" data-id=\"e9dd1db\" data-element_type=\"widget\" data-widget_type=\"text-editor.default\">\n\t\t\t\t<div class=\"elementor-widget-container\">\n\t\t\t\t\t\t\t\t\t<p>Disponible en diff\u00e9rentes dimensions, et m\u00eame les plus grandes, ce mod\u00e8le de la collection est compos\u00e9 d\u2019un visuel imprim\u00e9 personnalis\u00e9, d\u2019une structure en aluminium et de pieds porteurs. Le visuel de votre choix peut-\u00eatre imprim\u00e9 sur diff\u00e9rentes mati\u00e8res \u00e0 choisir selon vos envies.<br \/>Gr\u00e2ce \u00e0 son format autoportant, ce cadre peut aussi bien \u00eatre install\u00e9 contre un mur qu\u2019ex nihilo. Il peut aussi servir de s\u00e9paration ou de fond de stand, et m\u00eame de photocall. Les dimensions pr\u00e9sent\u00e9es sont celles qui sont les plus fr\u00e9quemment demand\u00e9es, mais nous pouvons aussi fabriquer ce cadre sur-mesure.<\/p>\t\t\t\t\t\t\t\t<\/div>\n\t\t\t\t<\/div>\n\t\t\t\t\t<\/div>\n\t\t<\/div>\n\t\t\t\t\t<\/div>\n\t\t<\/section>\n\t\t\t\t<section class=\"elementor-section elementor-top-section elementor-element elementor-element-97aaf89 elementor-section-boxed elementor-section-height-default elementor-section-height-default\" data-id=\"97aaf89\" data-element_type=\"section\">\n\t\t\t\t\t\t<div class=\"elementor-container elementor-column-gap-default\">\n\t\t\t\t\t<div class=\"elementor-column elementor-col-100 elementor-top-column elementor-element elementor-element-ada749b\" data-id=\"ada749b\" data-element_type=\"column\">\n\t\t\t<div class=\"elementor-widget-wrap elementor-element-populated\">\n\t\t\t\t\t\t<div class=\"elementor-element elementor-element-b77ff06 elementor-widget elementor-widget-text-editor\" data-id=\"b77ff06\" data-element_type=\"widget\" data-widget_type=\"text-editor.default\">\n\t\t\t\t<div class=\"elementor-widget-container\">\n\t\t\t\t\t\t\t\t\t<h3>Cadre toile mural<\/h3>\t\t\t\t\t\t\t\t<\/div>\n\t\t\t\t<\/div>\n\t\t\t\t\t<\/div>\n\t\t<\/div>\n\t\t\t\t\t<\/div>\n\t\t<\/section>\n\t\t\t\t<section class=\"elementor-section elementor-top-section elementor-element elementor-element-1ac8642 elementor-section-boxed elementor-section-height-default elementor-section-height-default\" data-id=\"1ac8642\" data-element_type=\"section\">\n\t\t\t\t\t\t<div class=\"elementor-container elementor-column-gap-default\">\n\t\t\t\t\t<div class=\"elementor-column elementor-col-100 elementor-top-column elementor-element elementor-element-d98220d\" data-id=\"d98220d\" data-element_type=\"column\">\n\t\t\t<div class=\"elementor-widget-wrap elementor-element-populated\">\n\t\t\t\t\t\t<div class=\"elementor-element elementor-element-2d6c77d elementor-widget elementor-widget-shortcode\" data-id=\"2d6c77d\" data-element_type=\"widget\" data-widget_type=\"shortcode.default\">\n\t\t\t\t<div class=\"elementor-widget-container\">\n\t\t\t\t\t\t\t<div class=\"elementor-shortcode\"><div class=\"container p-0 m-0\">\n    <div class=\"row m-0 border\">\n        <div class=\"col-12 col-lg-6\">\n            <img decoding=\"async\" src=\"https:\/\/www.macapflag.com\/1861218-home_default\/cadre-mural-toile-tendue-utilisation-interieure.jpg\" alt=\"Cadre toile tendue mural\" class=\"mx-auto\" \/>\n        <\/div>\n        <div class=\"col-12 col-lg-6 box-didpd-body\">\n            <div class=\"box-didpd-text\">\n                <a href=\"https:\/\/www.macapflag.com\/cadre-toile-tendue\/110-cadre-mural-toile-tendue-utilisation-interieure.html\" target=\"_blank\" class=\"stretched-link\">\n                    <h3>Cadre toile tendue mural<\/h3>\n                <\/a>\n                <p>Facile \u00e0 poser et 100% personnalis\u00e9. Prix \u00e0 partir de\/ Variable en fonction des dimensions<\/p>\n            <\/div>\n                        <p class=\"text-center font-weight-bold\">104,00 \u20ac HT<\/p>            <div class=\"text-center\">\n                <button class=\"btn btn-primary\">Achat cadre en ligne<\/button>\n            <\/div>\n        <\/div>\n    <\/div>\n<\/div>\n<\/div>\n\t\t\t\t\t\t<\/div>\n\t\t\t\t<\/div>\n\t\t\t\t\t<\/div>\n\t\t<\/div>\n\t\t\t\t\t<\/div>\n\t\t<\/section>\n\t\t\t\t<section class=\"elementor-section elementor-top-section elementor-element elementor-element-0a6e510 elementor-section-boxed elementor-section-height-default elementor-section-height-default\" data-id=\"0a6e510\" data-element_type=\"section\">\n\t\t\t\t\t\t<div class=\"elementor-container elementor-column-gap-default\">\n\t\t\t\t\t<div class=\"elementor-column elementor-col-100 elementor-top-column elementor-element elementor-element-44fbe5f\" data-id=\"44fbe5f\" data-element_type=\"column\">\n\t\t\t<div class=\"elementor-widget-wrap elementor-element-populated\">\n\t\t\t\t\t\t<div class=\"elementor-element elementor-element-b6e4d75 elementor-widget elementor-widget-text-editor\" data-id=\"b6e4d75\" data-element_type=\"widget\" data-widget_type=\"text-editor.default\">\n\t\t\t\t<div class=\"elementor-widget-container\">\n\t\t\t\t\t\t\t\t\t<p>Ce mod\u00e8le est celui qui correspond le plus \u00e9videmment \u00e0 la d\u00e9finition du cadre que nous connaissons puisqu\u2019il se fixe contre un mur. Compos\u00e9 d\u2019un visuel imprim\u00e9 personnalis\u00e9 et d\u2019une structure en aluminium, il s\u2019installe tr\u00e8s facilement sur tout type de surface verticale gr\u00e2ce \u00e0 sa l\u00e9g\u00e8ret\u00e9. Plusieurs mati\u00e8res sont propos\u00e9es pour la personnalisation du visuel. Chaque mod\u00e8le est fabriqu\u00e9 sur-demande dans les dimensions standards pr\u00e9sent\u00e9es ou au format sur-mesure. <br \/>On retrouve fr\u00e9quemment ce type de cadre toile tendue dans des boutiques, des salons professionnels ou au sein des locaux d\u2019entreprises.<br \/>Il est disponible en diff\u00e9rentes dimensions, mais \u00e9galement vendu au format sur-mesure.<\/p>\t\t\t\t\t\t\t\t<\/div>\n\t\t\t\t<\/div>\n\t\t\t\t\t<\/div>\n\t\t<\/div>\n\t\t\t\t\t<\/div>\n\t\t<\/section>\n\t\t\t\t<section class=\"elementor-section elementor-top-section elementor-element elementor-element-1c482a1 elementor-section-boxed elementor-section-height-default elementor-section-height-default\" data-id=\"1c482a1\" data-element_type=\"section\">\n\t\t\t\t\t\t<div class=\"elementor-container elementor-column-gap-default\">\n\t\t\t\t\t<div class=\"elementor-column elementor-col-100 elementor-top-column elementor-element elementor-element-cd6b6de\" data-id=\"cd6b6de\" data-element_type=\"column\">\n\t\t\t<div class=\"elementor-widget-wrap elementor-element-populated\">\n\t\t\t\t\t\t<div class=\"elementor-element elementor-element-53c1235 elementor-widget elementor-widget-text-editor\" data-id=\"53c1235\" data-element_type=\"widget\" data-widget_type=\"text-editor.default\">\n\t\t\t\t<div class=\"elementor-widget-container\">\n\t\t\t\t\t\t\t\t\t<h3>Cadre toile tendue suspendu<\/h3>\t\t\t\t\t\t\t\t<\/div>\n\t\t\t\t<\/div>\n\t\t\t\t\t<\/div>\n\t\t<\/div>\n\t\t\t\t\t<\/div>\n\t\t<\/section>\n\t\t\t\t<section class=\"elementor-section elementor-top-section elementor-element elementor-element-669ac39 elementor-section-boxed elementor-section-height-default elementor-section-height-default\" data-id=\"669ac39\" data-element_type=\"section\">\n\t\t\t\t\t\t<div class=\"elementor-container elementor-column-gap-default\">\n\t\t\t\t\t<div class=\"elementor-column elementor-col-100 elementor-top-column elementor-element elementor-element-1a55b1a\" data-id=\"1a55b1a\" data-element_type=\"column\">\n\t\t\t<div class=\"elementor-widget-wrap elementor-element-populated\">\n\t\t\t\t\t\t<div class=\"elementor-element elementor-element-635c2e3 elementor-widget elementor-widget-shortcode\" data-id=\"635c2e3\" data-element_type=\"widget\" data-widget_type=\"shortcode.default\">\n\t\t\t\t<div class=\"elementor-widget-container\">\n\t\t\t\t\t\t\t<div class=\"elementor-shortcode\"><div class=\"container p-0 m-0\">\n    <div class=\"row m-0 border\">\n        <div class=\"col-12 col-lg-6\">\n            <img decoding=\"async\" src=\"https:\/\/www.macapflag.com\/1861228-home_default\/cadre-toile-tendue-suspendu-utilisation-interieure.jpg\" alt=\"Cadre toile tendue suspendu\" class=\"mx-auto\" \/>\n        <\/div>\n        <div class=\"col-12 col-lg-6 box-didpd-body\">\n            <div class=\"box-didpd-text\">\n                <a href=\"https:\/\/www.macapflag.com\/cadre-toile-tendue\/109-cadre-toile-tendue-suspendu-utilisation-interieure.html\" target=\"_blank\" class=\"stretched-link\">\n                    <h3>Cadre toile tendue suspendu<\/h3>\n                <\/a>\n                <p>Facile \u00e0 suspendre et interchangeable. Prix \u00e0 partir de\/ Variable en fonction des dimensions<\/p>\n            <\/div>\n                        <p class=\"text-center font-weight-bold\">210,00 \u20ac HT<\/p>            <div class=\"text-center\">\n                <button class=\"btn btn-primary\">Achat cadre en ligne<\/button>\n            <\/div>\n        <\/div>\n    <\/div>\n<\/div>\n<\/div>\n\t\t\t\t\t\t<\/div>\n\t\t\t\t<\/div>\n\t\t\t\t\t<\/div>\n\t\t<\/div>\n\t\t\t\t\t<\/div>\n\t\t<\/section>\n\t\t\t\t<section class=\"elementor-section elementor-top-section elementor-element elementor-element-be6ca12 elementor-section-boxed elementor-section-height-default elementor-section-height-default\" data-id=\"be6ca12\" data-element_type=\"section\">\n\t\t\t\t\t\t<div class=\"elementor-container elementor-column-gap-default\">\n\t\t\t\t\t<div class=\"elementor-column elementor-col-100 elementor-top-column elementor-element elementor-element-961ac18\" data-id=\"961ac18\" data-element_type=\"column\">\n\t\t\t<div class=\"elementor-widget-wrap elementor-element-populated\">\n\t\t\t\t\t\t<div class=\"elementor-element elementor-element-92d999b elementor-widget elementor-widget-text-editor\" data-id=\"92d999b\" data-element_type=\"widget\" data-widget_type=\"text-editor.default\">\n\t\t\t\t<div class=\"elementor-widget-container\">\n\t\t\t\t\t\t\t\t\t<p>Ce mod\u00e8le est sp\u00e9cialement con\u00e7u pour \u00eatre suspendu au plafond gr\u00e2ce \u00e0 de discrets c\u00e2bles de fixation. Le visuel personnalis\u00e9 est install\u00e9 et tendu dans un cadre structure en aluminium vendu avec ses c\u00e2bles de fixation.<br \/>Il est propos\u00e9 dans diff\u00e9rentes dimensions, les plus demand\u00e9es par nos clients, mais nous pouvons aussi assurer sa fabrication en dimensions sur-mesure.<br \/>C\u2019est ce type de cadre que vous voyez lorsque vous levez la t\u00eate dans les all\u00e9es des salons, mais aussi dans les galeries marchandes, les mus\u00e9es et les espaces de r\u00e9ception.<\/p>\t\t\t\t\t\t\t\t<\/div>\n\t\t\t\t<\/div>\n\t\t\t\t\t<\/div>\n\t\t<\/div>\n\t\t\t\t\t<\/div>\n\t\t<\/section>\n\t\t\t\t<section class=\"elementor-section elementor-top-section elementor-element elementor-element-92e1582 elementor-section-boxed elementor-section-height-default elementor-section-height-default\" data-id=\"92e1582\" data-element_type=\"section\">\n\t\t\t\t\t\t<div class=\"elementor-container elementor-column-gap-default\">\n\t\t\t\t\t<div class=\"elementor-column elementor-col-100 elementor-top-column elementor-element elementor-element-6bd4595\" data-id=\"6bd4595\" data-element_type=\"column\">\n\t\t\t<div class=\"elementor-widget-wrap elementor-element-populated\">\n\t\t\t\t\t\t<div class=\"elementor-element elementor-element-0b3453b elementor-widget elementor-widget-text-editor\" data-id=\"0b3453b\" data-element_type=\"widget\" data-widget_type=\"text-editor.default\">\n\t\t\t\t<div class=\"elementor-widget-container\">\n\t\t\t\t\t\t\t\t\t<h3>Cadre toile modulable pliant<\/h3>\t\t\t\t\t\t\t\t<\/div>\n\t\t\t\t<\/div>\n\t\t\t\t\t<\/div>\n\t\t<\/div>\n\t\t\t\t\t<\/div>\n\t\t<\/section>\n\t\t\t\t<section class=\"elementor-section elementor-top-section elementor-element elementor-element-01c6f94 elementor-section-boxed elementor-section-height-default elementor-section-height-default\" data-id=\"01c6f94\" data-element_type=\"section\">\n\t\t\t\t\t\t<div class=\"elementor-container elementor-column-gap-default\">\n\t\t\t\t\t<div class=\"elementor-column elementor-col-100 elementor-top-column elementor-element elementor-element-018f090\" data-id=\"018f090\" data-element_type=\"column\">\n\t\t\t<div class=\"elementor-widget-wrap elementor-element-populated\">\n\t\t\t\t\t\t<div class=\"elementor-element elementor-element-bc18157 elementor-widget elementor-widget-shortcode\" data-id=\"bc18157\" data-element_type=\"widget\" data-widget_type=\"shortcode.default\">\n\t\t\t\t<div class=\"elementor-widget-container\">\n\t\t\t\t\t\t\t<div class=\"elementor-shortcode\">\n<div class=\"row mb-5 border row-didpd\">\n  \n\n  <div class=\"col-lg-12 col-sm-12\">\n\n      <div class=\"row mb-1 \">\n\n        <div class=\"col-lg-12 col-sm-12 mt-5\">\n\n              <a href=\"https:\/\/www.macapflag.com\"\n              target=\"_blank\"\n              class=\"btn btn-success  btn-didpd col-lg-12 col-sm-12 text-light mb-3 \">\n              Visitez notre site Internet              <\/a>\n        <\/div>\n\n      <\/div>\n  <\/div>\n<\/div>\n<\/div>\n\t\t\t\t\t\t<\/div>\n\t\t\t\t<\/div>\n\t\t\t\t\t<\/div>\n\t\t<\/div>\n\t\t\t\t\t<\/div>\n\t\t<\/section>\n\t\t\t\t<section class=\"elementor-section elementor-top-section elementor-element elementor-element-01d7043 elementor-section-boxed elementor-section-height-default elementor-section-height-default\" data-id=\"01d7043\" data-element_type=\"section\">\n\t\t\t\t\t\t<div class=\"elementor-container elementor-column-gap-default\">\n\t\t\t\t\t<div class=\"elementor-column elementor-col-100 elementor-top-column elementor-element elementor-element-0ae7080\" data-id=\"0ae7080\" data-element_type=\"column\">\n\t\t\t<div class=\"elementor-widget-wrap elementor-element-populated\">\n\t\t\t\t\t\t<div class=\"elementor-element elementor-element-f6fd0b7 elementor-widget elementor-widget-text-editor\" data-id=\"f6fd0b7\" data-element_type=\"widget\" data-widget_type=\"text-editor.default\">\n\t\t\t\t<div class=\"elementor-widget-container\">\n\t\t\t\t\t\t\t\t\t<p>C\u2019est le produit cadre le plus nomade de la collection. Il est vendu par modules de deux cadres modulables de 100 cm x 100 cm avec valise de transport. Les deux visuels peuvent \u00eatre identiques ou diff\u00e9rents, ils peuvent \u00eatre imprim\u00e9s au recto ou au recto et au verso sur diff\u00e9rentes mati\u00e8res.<br \/>C\u2019est le mod\u00e8le favori des commerciaux et VRP qui accompagne leurs pr\u00e9sentations et visites clients.<br \/>Le prix de ce produit est disponible sur devis en un clic sur la page produit.<\/p>\t\t\t\t\t\t\t\t<\/div>\n\t\t\t\t<\/div>\n\t\t\t\t\t<\/div>\n\t\t<\/div>\n\t\t\t\t\t<\/div>\n\t\t<\/section>\n\t\t\t\t<section class=\"elementor-section elementor-top-section elementor-element elementor-element-c87ddad elementor-section-boxed elementor-section-height-default elementor-section-height-default\" data-id=\"c87ddad\" data-element_type=\"section\">\n\t\t\t\t\t\t<div class=\"elementor-container elementor-column-gap-default\">\n\t\t\t\t\t<div class=\"elementor-column elementor-col-100 elementor-top-column elementor-element elementor-element-6134b6b\" data-id=\"6134b6b\" data-element_type=\"column\">\n\t\t\t<div class=\"elementor-widget-wrap elementor-element-populated\">\n\t\t\t\t\t\t<div class=\"elementor-element elementor-element-b10d25f elementor-widget elementor-widget-text-editor\" data-id=\"b10d25f\" data-element_type=\"widget\" data-widget_type=\"text-editor.default\">\n\t\t\t\t<div class=\"elementor-widget-container\">\n\t\t\t\t\t\t\t\t\t<h3>Cadre toile r\u00e9tro\u00e9clair\u00e9<\/h3>\t\t\t\t\t\t\t\t<\/div>\n\t\t\t\t<\/div>\n\t\t\t\t\t<\/div>\n\t\t<\/div>\n\t\t\t\t\t<\/div>\n\t\t<\/section>\n\t\t\t\t<section class=\"elementor-section elementor-top-section elementor-element elementor-element-c9d4515 elementor-section-boxed elementor-section-height-default elementor-section-height-default\" data-id=\"c9d4515\" data-element_type=\"section\">\n\t\t\t\t\t\t<div class=\"elementor-container elementor-column-gap-default\">\n\t\t\t\t\t<div class=\"elementor-column elementor-col-100 elementor-top-column elementor-element elementor-element-50f438a\" data-id=\"50f438a\" data-element_type=\"column\">\n\t\t\t<div class=\"elementor-widget-wrap elementor-element-populated\">\n\t\t\t\t\t\t<div class=\"elementor-element elementor-element-5000719 elementor-widget elementor-widget-shortcode\" data-id=\"5000719\" data-element_type=\"widget\" data-widget_type=\"shortcode.default\">\n\t\t\t\t<div class=\"elementor-widget-container\">\n\t\t\t\t\t\t\t<div class=\"elementor-shortcode\"><div class=\"container p-0 m-0\">\n    <div class=\"row m-0 border\">\n        <div class=\"col-12 col-lg-6\">\n            <img decoding=\"async\" src=\"https:\/\/www.macapflag.com\/1853049-home_default\/cadre-toile-tendue-retroeclaire-autoportant-utilisation-interieure.jpg\" alt=\"Cadre toile tendue suspendu\" class=\"mx-auto\" \/>\n        <\/div>\n        <div class=\"col-12 col-lg-6 box-didpd-body\">\n            <div class=\"box-didpd-text\">\n                <a href=\"https:\/\/www.macapflag.com\/cadre-toile-tendue\/790449-cadre-toile-tendue-retroeclaire-autoportant-utilisation-interieure.html\" target=\"_blank\" class=\"stretched-link\">\n                    <h3>Cadre toile tendue suspendu<\/h3>\n                <\/a>\n                <p>Esth\u00e9tique, personnalisable recto-verso, lumineux. Prix \u00e0 partir de\/ Variable en fonction des dimensions.<\/p>\n            <\/div>\n                        <p class=\"text-center font-weight-bold\">365,00 \u20ac HT<\/p>            <div class=\"text-center\">\n                <button class=\"btn btn-primary\">Achat cadre en ligne<\/button>\n            <\/div>\n        <\/div>\n    <\/div>\n<\/div>\n<\/div>\n\t\t\t\t\t\t<\/div>\n\t\t\t\t<\/div>\n\t\t\t\t\t<\/div>\n\t\t<\/div>\n\t\t\t\t\t<\/div>\n\t\t<\/section>\n\t\t\t\t<section class=\"elementor-section elementor-top-section elementor-element elementor-element-0e92df4 elementor-section-boxed elementor-section-height-default elementor-section-height-default\" data-id=\"0e92df4\" data-element_type=\"section\">\n\t\t\t\t\t\t<div class=\"elementor-container elementor-column-gap-default\">\n\t\t\t\t\t<div class=\"elementor-column elementor-col-100 elementor-top-column elementor-element elementor-element-8527964\" data-id=\"8527964\" data-element_type=\"column\">\n\t\t\t<div class=\"elementor-widget-wrap elementor-element-populated\">\n\t\t\t\t\t\t<div class=\"elementor-element elementor-element-b0f7e25 elementor-widget elementor-widget-text-editor\" data-id=\"b0f7e25\" data-element_type=\"widget\" data-widget_type=\"text-editor.default\">\n\t\t\t\t<div class=\"elementor-widget-container\">\n\t\t\t\t\t\t\t\t\t<p>En plus de la qualit\u00e9 d\u2019impression et de la structure en aluminium autoportante, ce mod\u00e8le de cadre est lumineux. Des ampoules LED sont dispos\u00e9es sur tout le pourtour de la structure. Cet effet d\u2019\u00e9clairage int\u00e9rieur magnifie ainsi le contenu du visuel imprim\u00e9.<br \/>La cadre de diffusion lumineux est disponible en deux tailles et la personnalisation des visuels peut \u00eatre effectu\u00e9e sur une face ou en mode recto verso avec deux visuels distincts.<\/p>\t\t\t\t\t\t\t\t<\/div>\n\t\t\t\t<\/div>\n\t\t\t\t\t<\/div>\n\t\t<\/div>\n\t\t\t\t\t<\/div>\n\t\t<\/section>\n\t\t\t\t<section class=\"elementor-section elementor-top-section elementor-element elementor-element-aa231c9 elementor-section-boxed elementor-section-height-default elementor-section-height-default\" data-id=\"aa231c9\" data-element_type=\"section\">\n\t\t\t\t\t\t<div class=\"elementor-container elementor-column-gap-default\">\n\t\t\t\t\t<div class=\"elementor-column elementor-col-100 elementor-top-column elementor-element elementor-element-aebf316\" data-id=\"aebf316\" data-element_type=\"column\">\n\t\t\t<div class=\"elementor-widget-wrap elementor-element-populated\">\n\t\t\t\t\t\t<div class=\"elementor-element elementor-element-b912786 elementor-widget-divider--view-line elementor-widget elementor-widget-divider\" data-id=\"b912786\" data-element_type=\"widget\" data-widget_type=\"divider.default\">\n\t\t\t\t<div class=\"elementor-widget-container\">\n\t\t\t\t\t\t\t<div class=\"elementor-divider\">\n\t\t\t<span class=\"elementor-divider-separator\">\n\t\t\t\t\t\t<\/span>\n\t\t<\/div>\n\t\t\t\t\t\t<\/div>\n\t\t\t\t<\/div>\n\t\t\t\t\t<\/div>\n\t\t<\/div>\n\t\t\t\t\t<\/div>\n\t\t<\/section>\n\t\t\t\t<section class=\"elementor-section elementor-top-section elementor-element elementor-element-b3e8957 elementor-section-boxed elementor-section-height-default elementor-section-height-default\" data-id=\"b3e8957\" data-element_type=\"section\">\n\t\t\t\t\t\t<div class=\"elementor-container elementor-column-gap-default\">\n\t\t\t\t\t<div class=\"elementor-column elementor-col-100 elementor-top-column elementor-element elementor-element-3b30bc6\" data-id=\"3b30bc6\" data-element_type=\"column\">\n\t\t\t<div class=\"elementor-widget-wrap elementor-element-populated\">\n\t\t\t\t\t\t<div class=\"elementor-element elementor-element-cdb1381 elementor-widget elementor-widget-text-editor\" data-id=\"cdb1381\" data-element_type=\"widget\" data-widget_type=\"text-editor.default\">\n\t\t\t\t<div class=\"elementor-widget-container\">\n\t\t\t\t\t\t\t\t\t<h3>En savoir plus sur l\u2019utilisation des cadres toiles tendues<\/h3>\t\t\t\t\t\t\t\t<\/div>\n\t\t\t\t<\/div>\n\t\t\t\t\t<\/div>\n\t\t<\/div>\n\t\t\t\t\t<\/div>\n\t\t<\/section>\n\t\t\t\t<section class=\"elementor-section elementor-top-section elementor-element elementor-element-1527c22 elementor-section-boxed elementor-section-height-default elementor-section-height-default\" data-id=\"1527c22\" data-element_type=\"section\">\n\t\t\t\t\t\t<div class=\"elementor-container elementor-column-gap-default\">\n\t\t\t\t\t<div class=\"elementor-column elementor-col-100 elementor-top-column elementor-element elementor-element-bb184ac\" data-id=\"bb184ac\" data-element_type=\"column\">\n\t\t\t<div class=\"elementor-widget-wrap elementor-element-populated\">\n\t\t\t\t\t\t<div class=\"elementor-element elementor-element-af1ab5b elementor-widget elementor-widget-text-editor\" data-id=\"af1ab5b\" data-element_type=\"widget\" data-widget_type=\"text-editor.default\">\n\t\t\t\t<div class=\"elementor-widget-container\">\n\t\t\t\t\t\t\t\t\t<p>Consultez les articles concern\u00e9s en cliquant sur les liens ci-dessous :<br \/><a href=\"https:\/\/www.macapflag.com\/blog\/cadre-toile\/\"><strong><span style=\"color: #3366ff;\">Cadre classique VS cadre r\u00e9tro\u00e9clair\u00e9<\/span><\/strong><\/a><br \/><a href=\"https:\/\/www.macapflag.com\/blog\/cadre\/\"><span style=\"color: #3366ff;\"><strong>Le cadre dans tous ses \u00e9tats<\/strong><\/span><\/a><br \/><a href=\"https:\/\/www.macapflag.com\/blog\/plv-la-selection-des-meilleurs-supports-indoor\/\"><strong><span style=\"color: #3366ff;\">PLV, la s\u00e9lection des meilleurs supports indoor<\/span><\/strong><\/a><br \/><a href=\"https:\/\/www.macapflag.com\/blog\/barbier\/\"><strong><span style=\"color: #3366ff;\">La PLV id\u00e9ale pour un barbier<\/span><\/strong><\/a><\/p>\t\t\t\t\t\t\t\t<\/div>\n\t\t\t\t<\/div>\n\t\t\t\t\t<\/div>\n\t\t<\/div>\n\t\t\t\t\t<\/div>\n\t\t<\/section>\n\t\t\t\t<section class=\"elementor-section elementor-top-section elementor-element elementor-element-bf11ef6 elementor-section-boxed elementor-section-height-default elementor-section-height-default\" data-id=\"bf11ef6\" data-element_type=\"section\">\n\t\t\t\t\t\t<div class=\"elementor-container elementor-column-gap-default\">\n\t\t\t\t\t<div class=\"elementor-column elementor-col-100 elementor-top-column elementor-element elementor-element-0de51e6\" data-id=\"0de51e6\" data-element_type=\"column\">\n\t\t\t<div class=\"elementor-widget-wrap elementor-element-populated\">\n\t\t\t\t\t\t<div class=\"elementor-element elementor-element-34818ab elementor-widget elementor-widget-image\" data-id=\"34818ab\" data-element_type=\"widget\" data-widget_type=\"image.default\">\n\t\t\t\t<div class=\"elementor-widget-container\">\n\t\t\t\t\t\t\t\t\t\t\t\t\t\t\t\t<a href=\"https:\/\/www.macapflag.com\/\">\n\t\t\t\t\t\t\t<img fetchpriority=\"high\" decoding=\"async\" width=\"700\" height=\"320\" src=\"https:\/\/www.macapflag.com\/blog\/wp-content\/uploads\/2021\/04\/fabriquant-de-drapeaux-kakemonos-banderoles-beach-flags-oriflammes-macap.jpg\" class=\"attachment-large size-large wp-image-10133\" alt=\"Macap fabriquant de drapeaux kak\u00e9mono banderole beach flag oriflamme\" srcset=\"https:\/\/www.macapflag.com\/blog\/wp-content\/uploads\/2021\/04\/fabriquant-de-drapeaux-kakemonos-banderoles-beach-flags-oriflammes-macap.jpg 700w, https:\/\/www.macapflag.com\/blog\/wp-content\/uploads\/2021\/04\/fabriquant-de-drapeaux-kakemonos-banderoles-beach-flags-oriflammes-macap-300x137.jpg 300w\" sizes=\"(max-width: 700px) 100vw, 700px\" \/>\t\t\t\t\t\t\t\t<\/a>\n\t\t\t\t\t\t\t\t\t\t\t\t\t\t\t<\/div>\n\t\t\t\t<\/div>\n\t\t\t\t\t<\/div>\n\t\t<\/div>\n\t\t\t\t\t<\/div>\n\t\t<\/section>\n\t\t\t\t<\/div>\n\t\t","protected":false},"excerpt":{"rendered":"<div class=\"tmnf_excerpt\"><p>Suspendu, mural, autoportant, modulable ou m\u00eame r\u00e9tro-\u00e9clair\u00e9, le cadre toile tendue est un produit incontournable de la communication indoor. Gr\u00e2ce \u00e0 une impression en tr\u00e8s haute d\u00e9finition et un choix illimit\u00e9 de couleurs, le cadre toile tendue magnifie vos messages et leur conf\u00e8re une visibilit\u00e9 \u00e9tonnante.Outre son aspect tr\u00e8s esth\u00e9tique, le cadre a l\u2019immense avantage &hellip;<\/p>\n<\/div>","protected":false},"author":2,"featured_media":19358,"comment_status":"closed","ping_status":"open","sticky":false,"template":"template-fullwidth.php","format":"standard","meta":{"footnotes":""},"categories":[92,90],"tags":[],"class_list":["post-14274","post","type-post","status-publish","format-standard","has-post-thumbnail","hentry","category-news","category-produits-et-sols"],"yoast_head":"<!-- This site is optimized with the Yoast SEO plugin v26.4 - https:\/\/yoast.com\/wordpress\/plugins\/seo\/ -->\n<title>Offre sp\u00e9ciale sur la gamme des cadres toiles tendues<\/title>\n<meta name=\"description\" content=\"B\u00e9n\u00e9ficiez d&#039;une offre sp\u00e9ciale sur tous les produits de la gamme Cadre toile tendue modulable, sur-mesure, r\u00e9tro\u00e9clair\u00e9, 100\u2009% personnalis\u00e9\" \/>\n<meta name=\"robots\" content=\"index, follow, max-snippet:-1, max-image-preview:large, max-video-preview:-1\" \/>\n<link rel=\"canonical\" href=\"https:\/\/www.macapflag.com\/blog\/cadre-toile-2\/\" \/>\n<meta property=\"og:locale\" content=\"fr_FR\" \/>\n<meta property=\"og:type\" content=\"article\" \/>\n<meta property=\"og:title\" content=\"Offre sp\u00e9ciale sur la gamme des cadres toiles tendues\" \/>\n<meta property=\"og:description\" content=\"B\u00e9n\u00e9ficiez d&#039;une offre sp\u00e9ciale sur tous les produits de la gamme Cadre toile tendue modulable, sur-mesure, r\u00e9tro\u00e9clair\u00e9, 100\u2009% personnalis\u00e9\" \/>\n<meta property=\"og:url\" content=\"https:\/\/www.macapflag.com\/blog\/cadre-toile-2\/\" \/>\n<meta property=\"og:site_name\" content=\"Blog - Macap\" \/>\n<meta property=\"article:publisher\" content=\"https:\/\/www.facebook.com\/macap.pavoisement\/\" \/>\n<meta property=\"article:published_time\" content=\"2025-02-03T08:14:25+00:00\" \/>\n<meta property=\"article:modified_time\" content=\"2025-02-03T08:30:09+00:00\" \/>\n<meta property=\"og:image\" content=\"https:\/\/www.macapflag.com\/blog\/wp-content\/uploads\/2025\/02\/offre-titre-cadre-perso-2025.jpg\" \/>\n\t<meta property=\"og:image:width\" content=\"870\" \/>\n\t<meta property=\"og:image:height\" content=\"600\" \/>\n\t<meta property=\"og:image:type\" content=\"image\/jpeg\" \/>\n<meta name=\"author\" content=\"Blog Macap\" \/>\n<meta name=\"twitter:card\" content=\"summary_large_image\" \/>\n<meta name=\"twitter:label1\" content=\"\u00c9crit par\" \/>\n\t<meta name=\"twitter:data1\" content=\"Blog Macap\" \/>\n\t<meta name=\"twitter:label2\" content=\"Dur\u00e9e de lecture estim\u00e9e\" \/>\n\t<meta name=\"twitter:data2\" content=\"5 minutes\" \/>\n<script type=\"application\/ld+json\" class=\"yoast-schema-graph\">{\"@context\":\"https:\/\/schema.org\",\"@graph\":[{\"@type\":\"Article\",\"@id\":\"https:\/\/www.macapflag.com\/blog\/cadre-toile-2\/#article\",\"isPartOf\":{\"@id\":\"https:\/\/www.macapflag.com\/blog\/cadre-toile-2\/\"},\"author\":{\"name\":\"Blog Macap\",\"@id\":\"https:\/\/www.macapflag.com\/blog\/#\/schema\/person\/3fea701f2603875e651e6b662578fc3c\"},\"headline\":\"Offre promotionnelle sp\u00e9ciale Cadres\",\"datePublished\":\"2025-02-03T08:14:25+00:00\",\"dateModified\":\"2025-02-03T08:30:09+00:00\",\"mainEntityOfPage\":{\"@id\":\"https:\/\/www.macapflag.com\/blog\/cadre-toile-2\/\"},\"wordCount\":889,\"publisher\":{\"@id\":\"https:\/\/www.macapflag.com\/blog\/#organization\"},\"image\":{\"@id\":\"https:\/\/www.macapflag.com\/blog\/cadre-toile-2\/#primaryimage\"},\"thumbnailUrl\":\"https:\/\/www.macapflag.com\/blog\/wp-content\/uploads\/2025\/02\/offre-titre-cadre-perso-2025.jpg\",\"articleSection\":[\"News &amp; Actu\",\"Produits &amp; Solutions\"],\"inLanguage\":\"fr-FR\"},{\"@type\":\"WebPage\",\"@id\":\"https:\/\/www.macapflag.com\/blog\/cadre-toile-2\/\",\"url\":\"https:\/\/www.macapflag.com\/blog\/cadre-toile-2\/\",\"name\":\"Offre sp\u00e9ciale sur la gamme des cadres toiles tendues\",\"isPartOf\":{\"@id\":\"https:\/\/www.macapflag.com\/blog\/#website\"},\"primaryImageOfPage\":{\"@id\":\"https:\/\/www.macapflag.com\/blog\/cadre-toile-2\/#primaryimage\"},\"image\":{\"@id\":\"https:\/\/www.macapflag.com\/blog\/cadre-toile-2\/#primaryimage\"},\"thumbnailUrl\":\"https:\/\/www.macapflag.com\/blog\/wp-content\/uploads\/2025\/02\/offre-titre-cadre-perso-2025.jpg\",\"datePublished\":\"2025-02-03T08:14:25+00:00\",\"dateModified\":\"2025-02-03T08:30:09+00:00\",\"description\":\"B\u00e9n\u00e9ficiez d'une offre sp\u00e9ciale sur tous les produits de la gamme Cadre toile tendue modulable, sur-mesure, r\u00e9tro\u00e9clair\u00e9, 100\u2009% personnalis\u00e9\",\"breadcrumb\":{\"@id\":\"https:\/\/www.macapflag.com\/blog\/cadre-toile-2\/#breadcrumb\"},\"inLanguage\":\"fr-FR\",\"potentialAction\":[{\"@type\":\"ReadAction\",\"target\":[\"https:\/\/www.macapflag.com\/blog\/cadre-toile-2\/\"]}]},{\"@type\":\"ImageObject\",\"inLanguage\":\"fr-FR\",\"@id\":\"https:\/\/www.macapflag.com\/blog\/cadre-toile-2\/#primaryimage\",\"url\":\"https:\/\/www.macapflag.com\/blog\/wp-content\/uploads\/2025\/02\/offre-titre-cadre-perso-2025.jpg\",\"contentUrl\":\"https:\/\/www.macapflag.com\/blog\/wp-content\/uploads\/2025\/02\/offre-titre-cadre-perso-2025.jpg\",\"width\":870,\"height\":600,\"caption\":\"Cadre personnalis\u00e9 toile tendue imprim\u00e9e\"},{\"@type\":\"BreadcrumbList\",\"@id\":\"https:\/\/www.macapflag.com\/blog\/cadre-toile-2\/#breadcrumb\",\"itemListElement\":[{\"@type\":\"ListItem\",\"position\":1,\"name\":\"Accueil\",\"item\":\"https:\/\/www.macapflag.com\/blog\/\"},{\"@type\":\"ListItem\",\"position\":2,\"name\":\"Offre promotionnelle sp\u00e9ciale Cadres\"}]},{\"@type\":\"WebSite\",\"@id\":\"https:\/\/www.macapflag.com\/blog\/#website\",\"url\":\"https:\/\/www.macapflag.com\/blog\/\",\"name\":\"Blog - Macap\",\"description\":\"Tous nos articles\",\"publisher\":{\"@id\":\"https:\/\/www.macapflag.com\/blog\/#organization\"},\"potentialAction\":[{\"@type\":\"SearchAction\",\"target\":{\"@type\":\"EntryPoint\",\"urlTemplate\":\"https:\/\/www.macapflag.com\/blog\/?s={search_term_string}\"},\"query-input\":{\"@type\":\"PropertyValueSpecification\",\"valueRequired\":true,\"valueName\":\"search_term_string\"}}],\"inLanguage\":\"fr-FR\"},{\"@type\":\"Organization\",\"@id\":\"https:\/\/www.macapflag.com\/blog\/#organization\",\"name\":\"macapflag\",\"url\":\"https:\/\/www.macapflag.com\/blog\/\",\"logo\":{\"@type\":\"ImageObject\",\"inLanguage\":\"fr-FR\",\"@id\":\"https:\/\/www.macapflag.com\/blog\/#\/schema\/logo\/image\/\",\"url\":\"https:\/\/www.macapflag.com\/blog\/wp-content\/uploads\/2020\/12\/cropped-M-512-1.png\",\"contentUrl\":\"https:\/\/www.macapflag.com\/blog\/wp-content\/uploads\/2020\/12\/cropped-M-512-1.png\",\"width\":512,\"height\":512,\"caption\":\"macapflag\"},\"image\":{\"@id\":\"https:\/\/www.macapflag.com\/blog\/#\/schema\/logo\/image\/\"},\"sameAs\":[\"https:\/\/www.facebook.com\/macap.pavoisement\/\",\"https:\/\/www.instagram.com\/macapflag\/?hl=fr\",\"https:\/\/www.linkedin.com\/company\/macap\/?originalSubdomain=fr\",\"https:\/\/www.youtube.com\/channel\/UCXNzTIdZh9poEBjSXEqDtNw\"]},{\"@type\":\"Person\",\"@id\":\"https:\/\/www.macapflag.com\/blog\/#\/schema\/person\/3fea701f2603875e651e6b662578fc3c\",\"name\":\"Blog Macap\",\"image\":{\"@type\":\"ImageObject\",\"inLanguage\":\"fr-FR\",\"@id\":\"https:\/\/www.macapflag.com\/blog\/#\/schema\/person\/image\/\",\"url\":\"https:\/\/secure.gravatar.com\/avatar\/c12551f2dc51f0db049633b03e7856985477a70da834cc8967dea4ce54bdd6a2?s=96&d=mm&r=g\",\"contentUrl\":\"https:\/\/secure.gravatar.com\/avatar\/c12551f2dc51f0db049633b03e7856985477a70da834cc8967dea4ce54bdd6a2?s=96&d=mm&r=g\",\"caption\":\"Blog Macap\"},\"url\":\"https:\/\/www.macapflag.com\/blog\/author\/macap\/\"}]}<\/script>\n<!-- \/ Yoast SEO plugin. -->","yoast_head_json":{"title":"Offre sp\u00e9ciale sur la gamme des cadres toiles tendues","description":"B\u00e9n\u00e9ficiez d'une offre sp\u00e9ciale sur tous les produits de la gamme Cadre toile tendue modulable, sur-mesure, r\u00e9tro\u00e9clair\u00e9, 100\u2009% personnalis\u00e9","robots":{"index":"index","follow":"follow","max-snippet":"max-snippet:-1","max-image-preview":"max-image-preview:large","max-video-preview":"max-video-preview:-1"},"canonical":"https:\/\/www.macapflag.com\/blog\/cadre-toile-2\/","og_locale":"fr_FR","og_type":"article","og_title":"Offre sp\u00e9ciale sur la gamme des cadres toiles tendues","og_description":"B\u00e9n\u00e9ficiez d'une offre sp\u00e9ciale sur tous les produits de la gamme Cadre toile tendue modulable, sur-mesure, r\u00e9tro\u00e9clair\u00e9, 100\u2009% personnalis\u00e9","og_url":"https:\/\/www.macapflag.com\/blog\/cadre-toile-2\/","og_site_name":"Blog - Macap","article_publisher":"https:\/\/www.facebook.com\/macap.pavoisement\/","article_published_time":"2025-02-03T08:14:25+00:00","article_modified_time":"2025-02-03T08:30:09+00:00","og_image":[{"width":870,"height":600,"url":"https:\/\/www.macapflag.com\/blog\/wp-content\/uploads\/2025\/02\/offre-titre-cadre-perso-2025.jpg","type":"image\/jpeg"}],"author":"Blog Macap","twitter_card":"summary_large_image","twitter_misc":{"\u00c9crit par":"Blog Macap","Dur\u00e9e de lecture estim\u00e9e":"5 minutes"},"schema":{"@context":"https:\/\/schema.org","@graph":[{"@type":"Article","@id":"https:\/\/www.macapflag.com\/blog\/cadre-toile-2\/#article","isPartOf":{"@id":"https:\/\/www.macapflag.com\/blog\/cadre-toile-2\/"},"author":{"name":"Blog Macap","@id":"https:\/\/www.macapflag.com\/blog\/#\/schema\/person\/3fea701f2603875e651e6b662578fc3c"},"headline":"Offre promotionnelle sp\u00e9ciale Cadres","datePublished":"2025-02-03T08:14:25+00:00","dateModified":"2025-02-03T08:30:09+00:00","mainEntityOfPage":{"@id":"https:\/\/www.macapflag.com\/blog\/cadre-toile-2\/"},"wordCount":889,"publisher":{"@id":"https:\/\/www.macapflag.com\/blog\/#organization"},"image":{"@id":"https:\/\/www.macapflag.com\/blog\/cadre-toile-2\/#primaryimage"},"thumbnailUrl":"https:\/\/www.macapflag.com\/blog\/wp-content\/uploads\/2025\/02\/offre-titre-cadre-perso-2025.jpg","articleSection":["News &amp; Actu","Produits &amp; Solutions"],"inLanguage":"fr-FR"},{"@type":"WebPage","@id":"https:\/\/www.macapflag.com\/blog\/cadre-toile-2\/","url":"https:\/\/www.macapflag.com\/blog\/cadre-toile-2\/","name":"Offre sp\u00e9ciale sur la gamme des cadres toiles tendues","isPartOf":{"@id":"https:\/\/www.macapflag.com\/blog\/#website"},"primaryImageOfPage":{"@id":"https:\/\/www.macapflag.com\/blog\/cadre-toile-2\/#primaryimage"},"image":{"@id":"https:\/\/www.macapflag.com\/blog\/cadre-toile-2\/#primaryimage"},"thumbnailUrl":"https:\/\/www.macapflag.com\/blog\/wp-content\/uploads\/2025\/02\/offre-titre-cadre-perso-2025.jpg","datePublished":"2025-02-03T08:14:25+00:00","dateModified":"2025-02-03T08:30:09+00:00","description":"B\u00e9n\u00e9ficiez d'une offre sp\u00e9ciale sur tous les produits de la gamme Cadre toile tendue modulable, sur-mesure, r\u00e9tro\u00e9clair\u00e9, 100\u2009% personnalis\u00e9","breadcrumb":{"@id":"https:\/\/www.macapflag.com\/blog\/cadre-toile-2\/#breadcrumb"},"inLanguage":"fr-FR","potentialAction":[{"@type":"ReadAction","target":["https:\/\/www.macapflag.com\/blog\/cadre-toile-2\/"]}]},{"@type":"ImageObject","inLanguage":"fr-FR","@id":"https:\/\/www.macapflag.com\/blog\/cadre-toile-2\/#primaryimage","url":"https:\/\/www.macapflag.com\/blog\/wp-content\/uploads\/2025\/02\/offre-titre-cadre-perso-2025.jpg","contentUrl":"https:\/\/www.macapflag.com\/blog\/wp-content\/uploads\/2025\/02\/offre-titre-cadre-perso-2025.jpg","width":870,"height":600,"caption":"Cadre personnalis\u00e9 toile tendue imprim\u00e9e"},{"@type":"BreadcrumbList","@id":"https:\/\/www.macapflag.com\/blog\/cadre-toile-2\/#breadcrumb","itemListElement":[{"@type":"ListItem","position":1,"name":"Accueil","item":"https:\/\/www.macapflag.com\/blog\/"},{"@type":"ListItem","position":2,"name":"Offre promotionnelle sp\u00e9ciale Cadres"}]},{"@type":"WebSite","@id":"https:\/\/www.macapflag.com\/blog\/#website","url":"https:\/\/www.macapflag.com\/blog\/","name":"Blog - Macap","description":"Tous nos articles","publisher":{"@id":"https:\/\/www.macapflag.com\/blog\/#organization"},"potentialAction":[{"@type":"SearchAction","target":{"@type":"EntryPoint","urlTemplate":"https:\/\/www.macapflag.com\/blog\/?s={search_term_string}"},"query-input":{"@type":"PropertyValueSpecification","valueRequired":true,"valueName":"search_term_string"}}],"inLanguage":"fr-FR"},{"@type":"Organization","@id":"https:\/\/www.macapflag.com\/blog\/#organization","name":"macapflag","url":"https:\/\/www.macapflag.com\/blog\/","logo":{"@type":"ImageObject","inLanguage":"fr-FR","@id":"https:\/\/www.macapflag.com\/blog\/#\/schema\/logo\/image\/","url":"https:\/\/www.macapflag.com\/blog\/wp-content\/uploads\/2020\/12\/cropped-M-512-1.png","contentUrl":"https:\/\/www.macapflag.com\/blog\/wp-content\/uploads\/2020\/12\/cropped-M-512-1.png","width":512,"height":512,"caption":"macapflag"},"image":{"@id":"https:\/\/www.macapflag.com\/blog\/#\/schema\/logo\/image\/"},"sameAs":["https:\/\/www.facebook.com\/macap.pavoisement\/","https:\/\/www.instagram.com\/macapflag\/?hl=fr","https:\/\/www.linkedin.com\/company\/macap\/?originalSubdomain=fr","https:\/\/www.youtube.com\/channel\/UCXNzTIdZh9poEBjSXEqDtNw"]},{"@type":"Person","@id":"https:\/\/www.macapflag.com\/blog\/#\/schema\/person\/3fea701f2603875e651e6b662578fc3c","name":"Blog Macap","image":{"@type":"ImageObject","inLanguage":"fr-FR","@id":"https:\/\/www.macapflag.com\/blog\/#\/schema\/person\/image\/","url":"https:\/\/secure.gravatar.com\/avatar\/c12551f2dc51f0db049633b03e7856985477a70da834cc8967dea4ce54bdd6a2?s=96&d=mm&r=g","contentUrl":"https:\/\/secure.gravatar.com\/avatar\/c12551f2dc51f0db049633b03e7856985477a70da834cc8967dea4ce54bdd6a2?s=96&d=mm&r=g","caption":"Blog Macap"},"url":"https:\/\/www.macapflag.com\/blog\/author\/macap\/"}]}},"_links":{"self":[{"href":"https:\/\/www.macapflag.com\/blog\/wp-json\/wp\/v2\/posts\/14274","targetHints":{"allow":["GET"]}}],"collection":[{"href":"https:\/\/www.macapflag.com\/blog\/wp-json\/wp\/v2\/posts"}],"about":[{"href":"https:\/\/www.macapflag.com\/blog\/wp-json\/wp\/v2\/types\/post"}],"author":[{"embeddable":true,"href":"https:\/\/www.macapflag.com\/blog\/wp-json\/wp\/v2\/users\/2"}],"replies":[{"embeddable":true,"href":"https:\/\/www.macapflag.com\/blog\/wp-json\/wp\/v2\/comments?post=14274"}],"version-history":[{"count":37,"href":"https:\/\/www.macapflag.com\/blog\/wp-json\/wp\/v2\/posts\/14274\/revisions"}],"predecessor-version":[{"id":19359,"href":"https:\/\/www.macapflag.com\/blog\/wp-json\/wp\/v2\/posts\/14274\/revisions\/19359"}],"wp:featuredmedia":[{"embeddable":true,"href":"https:\/\/www.macapflag.com\/blog\/wp-json\/wp\/v2\/media\/19358"}],"wp:attachment":[{"href":"https:\/\/www.macapflag.com\/blog\/wp-json\/wp\/v2\/media?parent=14274"}],"wp:term":[{"taxonomy":"category","embeddable":true,"href":"https:\/\/www.macapflag.com\/blog\/wp-json\/wp\/v2\/categories?post=14274"},{"taxonomy":"post_tag","embeddable":true,"href":"https:\/\/www.macapflag.com\/blog\/wp-json\/wp\/v2\/tags?post=14274"}],"curies":[{"name":"wp","href":"https:\/\/api.w.org\/{rel}","templated":true}]}}