{"id":14412,"date":"2025-09-25T08:03:09","date_gmt":"2025-09-25T06:03:09","guid":{"rendered":"https:\/\/www.macapflag.com\/blog\/?p=14412"},"modified":"2025-09-25T08:03:09","modified_gmt":"2025-09-25T06:03:09","slug":"25-septembre-2","status":"publish","type":"post","link":"https:\/\/www.macapflag.com\/blog\/25-septembre-2\/","title":{"rendered":"Journ\u00e9e de pavoisement du 25 septembre 2025"},"content":{"rendered":"\t\t<div data-elementor-type=\"wp-post\" data-elementor-id=\"14412\" class=\"elementor elementor-14412\">\n\t\t\t\t\t\t<section class=\"elementor-section elementor-top-section elementor-element elementor-element-21ec692 elementor-section-boxed elementor-section-height-default elementor-section-height-default\" data-id=\"21ec692\" data-element_type=\"section\">\n\t\t\t\t\t\t<div class=\"elementor-container elementor-column-gap-default\">\n\t\t\t\t\t<div class=\"elementor-column elementor-col-100 elementor-top-column elementor-element elementor-element-7021a9e\" data-id=\"7021a9e\" data-element_type=\"column\">\n\t\t\t<div class=\"elementor-widget-wrap elementor-element-populated\">\n\t\t\t\t\t\t<div class=\"elementor-element elementor-element-5d8f3e9 elementor-widget elementor-widget-text-editor\" data-id=\"5d8f3e9\" data-element_type=\"widget\" data-widget_type=\"text-editor.default\">\n\t\t\t\t<div class=\"elementor-widget-container\">\n\t\t\t\t\t\t\t\t\t<p>Un calendrier officiel de pavoisement des \u00e9difices et des b\u00e2timents publics est \u00e9dit\u00e9 chaque ann\u00e9e. Il r\u00e9pertorie les quatorze journ\u00e9es au cours desquelles le pavoisement des b\u00e2timents et des \u00e9difices publics avec le drapeau fran\u00e7ais est obligatoire. <br \/>Ces journ\u00e9es comm\u00e9moratives entretiennent notre devoir de m\u00e9moire tout en permettant aussi de le transmettre aux jeunes g\u00e9n\u00e9rations.<\/p>\t\t\t\t\t\t\t\t<\/div>\n\t\t\t\t<\/div>\n\t\t\t\t\t<\/div>\n\t\t<\/div>\n\t\t\t\t\t<\/div>\n\t\t<\/section>\n\t\t\t\t<section class=\"elementor-section elementor-top-section elementor-element elementor-element-8ab8bdd elementor-section-boxed elementor-section-height-default elementor-section-height-default\" data-id=\"8ab8bdd\" data-element_type=\"section\">\n\t\t\t\t\t\t<div class=\"elementor-container elementor-column-gap-default\">\n\t\t\t\t\t<div class=\"elementor-column elementor-col-100 elementor-top-column elementor-element elementor-element-c976882\" data-id=\"c976882\" data-element_type=\"column\">\n\t\t\t<div class=\"elementor-widget-wrap elementor-element-populated\">\n\t\t\t\t\t\t<div class=\"elementor-element elementor-element-57080ea elementor-widget elementor-widget-text-editor\" data-id=\"57080ea\" data-element_type=\"widget\" data-widget_type=\"text-editor.default\">\n\t\t\t\t<div class=\"elementor-widget-container\">\n\t\t\t\t\t\t\t\t\t<h2>4 infos cl\u00e9s sur cette date :<\/h2>\t\t\t\t\t\t\t\t<\/div>\n\t\t\t\t<\/div>\n\t\t\t\t\t<\/div>\n\t\t<\/div>\n\t\t\t\t\t<\/div>\n\t\t<\/section>\n\t\t\t\t<section class=\"elementor-section elementor-top-section elementor-element elementor-element-58b3cc3 elementor-section-boxed elementor-section-height-default elementor-section-height-default\" data-id=\"58b3cc3\" data-element_type=\"section\">\n\t\t\t\t\t\t<div class=\"elementor-container elementor-column-gap-default\">\n\t\t\t\t\t<div class=\"elementor-column elementor-col-100 elementor-top-column elementor-element elementor-element-b3763d7\" data-id=\"b3763d7\" data-element_type=\"column\">\n\t\t\t<div class=\"elementor-widget-wrap elementor-element-populated\">\n\t\t\t\t\t\t<div class=\"elementor-element elementor-element-674dbd5 elementor-widget elementor-widget-text-editor\" data-id=\"674dbd5\" data-element_type=\"widget\" data-widget_type=\"text-editor.default\">\n\t\t\t\t<div class=\"elementor-widget-container\">\n\t\t\t\t\t\t\t\t\t<h3>Que s\u2019est-il pass\u00e9 le 25 septembre ?<\/h3>\t\t\t\t\t\t\t\t<\/div>\n\t\t\t\t<\/div>\n\t\t\t\t\t<\/div>\n\t\t<\/div>\n\t\t\t\t\t<\/div>\n\t\t<\/section>\n\t\t\t\t<section class=\"elementor-section elementor-top-section elementor-element elementor-element-a4b6763 elementor-section-boxed elementor-section-height-default elementor-section-height-default\" data-id=\"a4b6763\" data-element_type=\"section\">\n\t\t\t\t\t\t<div class=\"elementor-container elementor-column-gap-default\">\n\t\t\t\t\t<div class=\"elementor-column elementor-col-33 elementor-top-column elementor-element elementor-element-467069d\" data-id=\"467069d\" data-element_type=\"column\">\n\t\t\t<div class=\"elementor-widget-wrap elementor-element-populated\">\n\t\t\t\t\t\t<div class=\"elementor-element elementor-element-d20f257 elementor-widget elementor-widget-image\" data-id=\"d20f257\" data-element_type=\"widget\" data-widget_type=\"image.default\">\n\t\t\t\t<div class=\"elementor-widget-container\">\n\t\t\t\t\t\t\t\t\t\t\t\t\t\t\t<img decoding=\"async\" width=\"171\" height=\"142\" src=\"https:\/\/www.macapflag.com\/blog\/wp-content\/uploads\/2023\/02\/Que-sest-il-passe-a-cette-date.jpg\" class=\"attachment-large size-large wp-image-12578\" alt=\"date commemoration nationale\" \/>\t\t\t\t\t\t\t\t\t\t\t\t\t\t\t<\/div>\n\t\t\t\t<\/div>\n\t\t\t\t\t<\/div>\n\t\t<\/div>\n\t\t\t\t<div class=\"elementor-column elementor-col-66 elementor-top-column elementor-element elementor-element-8446a82\" data-id=\"8446a82\" data-element_type=\"column\">\n\t\t\t<div class=\"elementor-widget-wrap elementor-element-populated\">\n\t\t\t\t\t\t<div class=\"elementor-element elementor-element-de4cf5a elementor-widget elementor-widget-text-editor\" data-id=\"de4cf5a\" data-element_type=\"widget\" data-widget_type=\"text-editor.default\">\n\t\t\t\t<div class=\"elementor-widget-container\">\n\t\t\t\t\t\t\t\t\t<p>Il semblerait que le choix du 25 septembre qui rend hommage aux Harkis n\u2019ait pas \u00e9t\u00e9 s\u00e9lectionn\u00e9 en r\u00e9f\u00e9rence \u00e0 un \u00e9v\u00e8nement historique ayant eu lieu ce jour-l\u00e0. <\/p>\t\t\t\t\t\t\t\t<\/div>\n\t\t\t\t<\/div>\n\t\t\t\t\t<\/div>\n\t\t<\/div>\n\t\t\t\t\t<\/div>\n\t\t<\/section>\n\t\t\t\t<section class=\"elementor-section elementor-top-section elementor-element elementor-element-0b544b2 elementor-section-boxed elementor-section-height-default elementor-section-height-default\" data-id=\"0b544b2\" data-element_type=\"section\">\n\t\t\t\t\t\t<div class=\"elementor-container elementor-column-gap-default\">\n\t\t\t\t\t<div class=\"elementor-column elementor-col-100 elementor-top-column elementor-element elementor-element-5a24e31\" data-id=\"5a24e31\" data-element_type=\"column\">\n\t\t\t<div class=\"elementor-widget-wrap elementor-element-populated\">\n\t\t\t\t\t\t<div class=\"elementor-element elementor-element-400292c elementor-widget elementor-widget-text-editor\" data-id=\"400292c\" data-element_type=\"widget\" data-widget_type=\"text-editor.default\">\n\t\t\t\t<div class=\"elementor-widget-container\">\n\t\t\t\t\t\t\t\t\t<h3>Que comm\u00e9more-t-on en France le 25 septembre ?<\/h3>\t\t\t\t\t\t\t\t<\/div>\n\t\t\t\t<\/div>\n\t\t\t\t\t<\/div>\n\t\t<\/div>\n\t\t\t\t\t<\/div>\n\t\t<\/section>\n\t\t\t\t<section class=\"elementor-section elementor-top-section elementor-element elementor-element-ac98d4c elementor-section-boxed elementor-section-height-default elementor-section-height-default\" data-id=\"ac98d4c\" data-element_type=\"section\">\n\t\t\t\t\t\t<div class=\"elementor-container elementor-column-gap-default\">\n\t\t\t\t\t<div class=\"elementor-column elementor-col-100 elementor-top-column elementor-element elementor-element-627e8d9\" data-id=\"627e8d9\" data-element_type=\"column\">\n\t\t\t<div class=\"elementor-widget-wrap elementor-element-populated\">\n\t\t\t\t\t\t<div class=\"elementor-element elementor-element-92b1ff0 elementor-widget elementor-widget-text-editor\" data-id=\"92b1ff0\" data-element_type=\"widget\" data-widget_type=\"text-editor.default\">\n\t\t\t\t<div class=\"elementor-widget-container\">\n\t\t\t\t\t\t\t\t\t<p>Le 25 septembre de chaque ann\u00e9e est <strong>une journ\u00e9e d\u2019hommage aux anciens Harkis et autres formations suppl\u00e9tives qui ont combattu aux c\u00f4t\u00e9s de l&#8217;arm\u00e9e fran\u00e7aise pendant la guerre d&#8217;Alg\u00e9rie, de 1954 \u00e0 1962.<\/strong><\/p><p>En 1954, alors que de nombreux Alg\u00e9riens souhaitent l\u2019ind\u00e9pendance de leur pays vis-\u00e0-vis de la France, d\u2019autres choisissent de rejoindre l\u2019arm\u00e9e fran\u00e7aise. Ce sont la plupart du temps des civils, arm\u00e9s par la France, qui apportent leur soutien aux soldats fran\u00e7ais. La fin de la guerre d\u2019Alg\u00e9rie en 1962 se traduit pour ceux que l\u2019on d\u00e9nomme les Harkis par un exil forc\u00e9. Ceux rest\u00e9s en Alg\u00e9rie vivent l\u2019horreur des jugements pour trahison.<\/p>\t\t\t\t\t\t\t\t<\/div>\n\t\t\t\t<\/div>\n\t\t\t\t\t<\/div>\n\t\t<\/div>\n\t\t\t\t\t<\/div>\n\t\t<\/section>\n\t\t\t\t<section class=\"elementor-section elementor-top-section elementor-element elementor-element-1a4ad4f elementor-section-boxed elementor-section-height-default elementor-section-height-default\" data-id=\"1a4ad4f\" data-element_type=\"section\">\n\t\t\t\t\t\t<div class=\"elementor-container elementor-column-gap-default\">\n\t\t\t\t\t<div class=\"elementor-column elementor-col-100 elementor-top-column elementor-element elementor-element-5009660\" data-id=\"5009660\" data-element_type=\"column\">\n\t\t\t<div class=\"elementor-widget-wrap elementor-element-populated\">\n\t\t\t\t\t\t<div class=\"elementor-element elementor-element-f821594 elementor-widget elementor-widget-text-editor\" data-id=\"f821594\" data-element_type=\"widget\" data-widget_type=\"text-editor.default\">\n\t\t\t\t<div class=\"elementor-widget-container\">\n\t\t\t\t\t\t\t\t\t<h4>Qui \u00e9taient les harkis ?<\/h4>\t\t\t\t\t\t\t\t<\/div>\n\t\t\t\t<\/div>\n\t\t\t\t\t<\/div>\n\t\t<\/div>\n\t\t\t\t\t<\/div>\n\t\t<\/section>\n\t\t\t\t<section class=\"elementor-section elementor-top-section elementor-element elementor-element-f3e39fb elementor-section-boxed elementor-section-height-default elementor-section-height-default\" data-id=\"f3e39fb\" data-element_type=\"section\">\n\t\t\t\t\t\t<div class=\"elementor-container elementor-column-gap-default\">\n\t\t\t\t\t<div class=\"elementor-column elementor-col-100 elementor-top-column elementor-element elementor-element-64c2c77\" data-id=\"64c2c77\" data-element_type=\"column\">\n\t\t\t<div class=\"elementor-widget-wrap elementor-element-populated\">\n\t\t\t\t\t\t<div class=\"elementor-element elementor-element-ca5eb4f elementor-widget elementor-widget-text-editor\" data-id=\"ca5eb4f\" data-element_type=\"widget\" data-widget_type=\"text-editor.default\">\n\t\t\t\t<div class=\"elementor-widget-container\">\n\t\t\t\t\t\t\t\t\t<p>Les Harkis, dont le nom provient de l&#8217;arabe \u00ab haraka \u00bb (mouvement), \u00e9taient des Alg\u00e9riens musulmans engag\u00e9s aux c\u00f4t\u00e9s de l&#8217;arm\u00e9e fran\u00e7aise durant la guerre d&#8217;Alg\u00e9rie (1954-1962). Ils repr\u00e9sentaient une force importante, estim\u00e9e \u00e0 environ 200 000 hommes, qui particip\u00e8rent aux op\u00e9rations militaires et de maintien de l&#8217;ordre contre le Front de Lib\u00e9ration Nationale (FLN).<\/p><p>Cependant, \u00e0 la fin de la guerre et suite aux Accords d&#8217;\u00c9vian en 1962, marquant l&#8217;ind\u00e9pendance de l&#8217;Alg\u00e9rie, la situation des Harkis devint dramatique. Beaucoup furent abandonn\u00e9s par la France et laiss\u00e9s \u00e0 la vengeance du FLN. Des milliers furent massacr\u00e9s en Alg\u00e9rie, tandis que ceux qui purent fuir en France furent souvent accueillis dans des conditions pr\u00e9caires, dans des camps de transit et des hameaux de forestage.<\/p>\t\t\t\t\t\t\t\t<\/div>\n\t\t\t\t<\/div>\n\t\t\t\t\t<\/div>\n\t\t<\/div>\n\t\t\t\t\t<\/div>\n\t\t<\/section>\n\t\t\t\t<section class=\"elementor-section elementor-top-section elementor-element elementor-element-f64a14d elementor-section-boxed elementor-section-height-default elementor-section-height-default\" data-id=\"f64a14d\" data-element_type=\"section\">\n\t\t\t\t\t\t<div class=\"elementor-container elementor-column-gap-default\">\n\t\t\t\t\t<div class=\"elementor-column elementor-col-100 elementor-top-column elementor-element elementor-element-dcac031\" data-id=\"dcac031\" data-element_type=\"column\">\n\t\t\t<div class=\"elementor-widget-wrap elementor-element-populated\">\n\t\t\t\t\t\t<div class=\"elementor-element elementor-element-083a0e4 elementor-widget elementor-widget-text-editor\" data-id=\"083a0e4\" data-element_type=\"widget\" data-widget_type=\"text-editor.default\">\n\t\t\t\t<div class=\"elementor-widget-container\">\n\t\t\t\t\t\t\t\t\t<h4>Quelles \u00e9taient les formations suppl\u00e9tives ?<\/h4>\t\t\t\t\t\t\t\t<\/div>\n\t\t\t\t<\/div>\n\t\t\t\t\t<\/div>\n\t\t<\/div>\n\t\t\t\t\t<\/div>\n\t\t<\/section>\n\t\t\t\t<section class=\"elementor-section elementor-top-section elementor-element elementor-element-62d4056 elementor-section-boxed elementor-section-height-default elementor-section-height-default\" data-id=\"62d4056\" data-element_type=\"section\">\n\t\t\t\t\t\t<div class=\"elementor-container elementor-column-gap-default\">\n\t\t\t\t\t<div class=\"elementor-column elementor-col-100 elementor-top-column elementor-element elementor-element-22d7fc9\" data-id=\"22d7fc9\" data-element_type=\"column\">\n\t\t\t<div class=\"elementor-widget-wrap elementor-element-populated\">\n\t\t\t\t\t\t<div class=\"elementor-element elementor-element-8f039d3 elementor-widget elementor-widget-text-editor\" data-id=\"8f039d3\" data-element_type=\"widget\" data-widget_type=\"text-editor.default\">\n\t\t\t\t<div class=\"elementor-widget-container\">\n\t\t\t\t\t\t\t\t\t<p>En plus des Harkis, d&#8217;autres formations suppl\u00e9tives ont combattu aux c\u00f4t\u00e9s de l&#8217;arm\u00e9e fran\u00e7aise pendant la guerre d&#8217;Alg\u00e9rie. Ces formations incluaient :<\/p><p><strong>Les Moghaznis<\/strong> : Membres des groupes mobiles de s\u00e9curit\u00e9 (GMS), ils \u00e9taient des forces de protection et d&#8217;intervention locale, souvent stationn\u00e9es dans les villages pour assurer la s\u00e9curit\u00e9 et combattre les insurg\u00e9s du FLN.<\/p><p><strong>Les Groupes d&#8217;Auto-d\u00e9fense<\/strong> : Compos\u00e9s principalement de civils arm\u00e9s et organis\u00e9s par l&#8217;arm\u00e9e fran\u00e7aise, ces groupes avaient pour mission de prot\u00e9ger les villages contre les attaques du FLN.<\/p><p><strong>Les Sections Administratives Sp\u00e9cialis\u00e9es (SAS)<\/strong> : Les SAS \u00e9taient des unit\u00e9s mixtes militaires et civiles qui travaillaient \u00e0 la pacification et au d\u00e9veloppement des zones rurales. Elles comprenaient des officiers fran\u00e7ais et des suppl\u00e9tifs alg\u00e9riens charg\u00e9s de missions civiles telles que l&#8217;\u00e9ducation et la sant\u00e9, en plus de la s\u00e9curit\u00e9.<\/p><p><strong>Les Harkettes<\/strong> : Terme utilis\u00e9 pour d\u00e9signer les femmes ayant servi comme infirmi\u00e8res, agents de renseignement ou aides \u00e0 domicile pour les troupes fran\u00e7aises.<\/p>\t\t\t\t\t\t\t\t<\/div>\n\t\t\t\t<\/div>\n\t\t\t\t\t<\/div>\n\t\t<\/div>\n\t\t\t\t\t<\/div>\n\t\t<\/section>\n\t\t\t\t<section class=\"elementor-section elementor-top-section elementor-element elementor-element-a379bd6 elementor-section-boxed elementor-section-height-default elementor-section-height-default\" data-id=\"a379bd6\" data-element_type=\"section\">\n\t\t\t\t\t\t<div class=\"elementor-container elementor-column-gap-default\">\n\t\t\t\t\t<div class=\"elementor-column elementor-col-100 elementor-top-column elementor-element elementor-element-91d6aee\" data-id=\"91d6aee\" data-element_type=\"column\">\n\t\t\t<div class=\"elementor-widget-wrap elementor-element-populated\">\n\t\t\t\t\t\t<div class=\"elementor-element elementor-element-e3c9c73 elementor-widget elementor-widget-text-editor\" data-id=\"e3c9c73\" data-element_type=\"widget\" data-widget_type=\"text-editor.default\">\n\t\t\t\t<div class=\"elementor-widget-container\">\n\t\t\t\t\t\t\t\t\t<h3>Depuis quand comm\u00e9more-t-on le 25 septembre en France ?<\/h3>\t\t\t\t\t\t\t\t<\/div>\n\t\t\t\t<\/div>\n\t\t\t\t\t<\/div>\n\t\t<\/div>\n\t\t\t\t\t<\/div>\n\t\t<\/section>\n\t\t\t\t<section class=\"elementor-section elementor-top-section elementor-element elementor-element-8edd48b elementor-section-boxed elementor-section-height-default elementor-section-height-default\" data-id=\"8edd48b\" data-element_type=\"section\">\n\t\t\t\t\t\t<div class=\"elementor-container elementor-column-gap-default\">\n\t\t\t\t\t<div class=\"elementor-column elementor-col-33 elementor-top-column elementor-element elementor-element-d71672d\" data-id=\"d71672d\" data-element_type=\"column\">\n\t\t\t<div class=\"elementor-widget-wrap elementor-element-populated\">\n\t\t\t\t\t\t<div class=\"elementor-element elementor-element-b320b5d elementor-widget elementor-widget-image\" data-id=\"b320b5d\" data-element_type=\"widget\" data-widget_type=\"image.default\">\n\t\t\t\t<div class=\"elementor-widget-container\">\n\t\t\t\t\t\t\t\t\t\t\t\t\t\t\t<img decoding=\"async\" width=\"171\" height=\"142\" src=\"https:\/\/www.macapflag.com\/blog\/wp-content\/uploads\/2023\/02\/Date-decision-commemoration.jpg\" class=\"attachment-large size-large wp-image-12576\" alt=\"Qui d\u00e9cide des journ\u00e9es nationales de comm\u00e9morations\" \/>\t\t\t\t\t\t\t\t\t\t\t\t\t\t\t<\/div>\n\t\t\t\t<\/div>\n\t\t\t\t\t<\/div>\n\t\t<\/div>\n\t\t\t\t<div class=\"elementor-column elementor-col-66 elementor-top-column elementor-element elementor-element-71c5e42\" data-id=\"71c5e42\" data-element_type=\"column\">\n\t\t\t<div class=\"elementor-widget-wrap elementor-element-populated\">\n\t\t\t\t\t\t<div class=\"elementor-element elementor-element-ecc2da5 elementor-widget elementor-widget-text-editor\" data-id=\"ecc2da5\" data-element_type=\"widget\" data-widget_type=\"text-editor.default\">\n\t\t\t\t<div class=\"elementor-widget-container\">\n\t\t\t\t\t\t\t\t\t<p>C\u2019est un d\u00e9cret du 31 mars 2003 qui institut la journ\u00e9e nationale d\u2019hommage aux harkis et autres membres des formations suppl\u00e9tives.<\/p>\t\t\t\t\t\t\t\t<\/div>\n\t\t\t\t<\/div>\n\t\t\t\t\t<\/div>\n\t\t<\/div>\n\t\t\t\t\t<\/div>\n\t\t<\/section>\n\t\t\t\t<section class=\"elementor-section elementor-top-section elementor-element elementor-element-e52218c elementor-section-boxed elementor-section-height-default elementor-section-height-default\" data-id=\"e52218c\" data-element_type=\"section\">\n\t\t\t\t\t\t<div class=\"elementor-container elementor-column-gap-default\">\n\t\t\t\t\t<div class=\"elementor-column elementor-col-100 elementor-top-column elementor-element elementor-element-6af55b0\" data-id=\"6af55b0\" data-element_type=\"column\">\n\t\t\t<div class=\"elementor-widget-wrap elementor-element-populated\">\n\t\t\t\t\t\t<div class=\"elementor-element elementor-element-fea30ee elementor-widget elementor-widget-text-editor\" data-id=\"fea30ee\" data-element_type=\"widget\" data-widget_type=\"text-editor.default\">\n\t\t\t\t<div class=\"elementor-widget-container\">\n\t\t\t\t\t\t\t\t\t<h3>Comment pavoise-t-on les \u00e9difices officiels le 25 septembre ?<\/h3>\t\t\t\t\t\t\t\t<\/div>\n\t\t\t\t<\/div>\n\t\t\t\t\t<\/div>\n\t\t<\/div>\n\t\t\t\t\t<\/div>\n\t\t<\/section>\n\t\t\t\t<section class=\"elementor-section elementor-top-section elementor-element elementor-element-a6d79bb elementor-section-boxed elementor-section-height-default elementor-section-height-default\" data-id=\"a6d79bb\" data-element_type=\"section\">\n\t\t\t\t\t\t<div class=\"elementor-container elementor-column-gap-default\">\n\t\t\t\t\t<div class=\"elementor-column elementor-col-33 elementor-top-column elementor-element elementor-element-963f916\" data-id=\"963f916\" data-element_type=\"column\">\n\t\t\t<div class=\"elementor-widget-wrap elementor-element-populated\">\n\t\t\t\t\t\t<div class=\"elementor-element elementor-element-aba4f33 elementor-widget elementor-widget-image\" data-id=\"aba4f33\" data-element_type=\"widget\" data-widget_type=\"image.default\">\n\t\t\t\t<div class=\"elementor-widget-container\">\n\t\t\t\t\t\t\t\t\t\t\t\t\t\t\t<img decoding=\"async\" width=\"171\" height=\"142\" src=\"https:\/\/www.macapflag.com\/blog\/wp-content\/uploads\/2023\/02\/pavoisement-drapeau-France.jpg\" class=\"attachment-large size-large wp-image-12577\" alt=\"Pavoisement \u00e9difices publics\" \/>\t\t\t\t\t\t\t\t\t\t\t\t\t\t\t<\/div>\n\t\t\t\t<\/div>\n\t\t\t\t\t<\/div>\n\t\t<\/div>\n\t\t\t\t<div class=\"elementor-column elementor-col-66 elementor-top-column elementor-element elementor-element-501e22d\" data-id=\"501e22d\" data-element_type=\"column\">\n\t\t\t<div class=\"elementor-widget-wrap elementor-element-populated\">\n\t\t\t\t\t\t<div class=\"elementor-element elementor-element-b1141e9 elementor-widget elementor-widget-text-editor\" data-id=\"b1141e9\" data-element_type=\"widget\" data-widget_type=\"text-editor.default\">\n\t\t\t\t<div class=\"elementor-widget-container\">\n\t\t\t\t\t\t\t\t\t<p>L\u2019usage r\u00e9publicain veut que le drapeau tricolore flotte continuellement sur les b\u00e2timents publics alors que le pavoisement tricolore n\u2019est obligatoire que lors des journ\u00e9es nationales. <br \/>Lors des 14 journ\u00e9es officielles, le drapeau France tricolore doit obligatoirement flotter sur les fa\u00e7ades des \u00e9difices et des b\u00e2timents publics. Le drapeau europ\u00e9en peut aussi figurer \u00e0 ses c\u00f4t\u00e9s.<\/p>\t\t\t\t\t\t\t\t<\/div>\n\t\t\t\t<\/div>\n\t\t\t\t\t<\/div>\n\t\t<\/div>\n\t\t\t\t\t<\/div>\n\t\t<\/section>\n\t\t\t\t<section class=\"elementor-section elementor-top-section elementor-element elementor-element-54e53a35 elementor-section-boxed elementor-section-height-default elementor-section-height-default\" data-id=\"54e53a35\" data-element_type=\"section\">\n\t\t\t\t\t\t<div class=\"elementor-container elementor-column-gap-default\">\n\t\t\t\t\t<div class=\"elementor-column elementor-col-100 elementor-top-column elementor-element elementor-element-2dc5714e\" data-id=\"2dc5714e\" data-element_type=\"column\">\n\t\t\t<div class=\"elementor-widget-wrap elementor-element-populated\">\n\t\t\t\t\t\t<div class=\"elementor-element elementor-element-75e82df3 elementor-widget-divider--view-line elementor-widget elementor-widget-divider\" data-id=\"75e82df3\" data-element_type=\"widget\" data-widget_type=\"divider.default\">\n\t\t\t\t<div class=\"elementor-widget-container\">\n\t\t\t\t\t\t\t<div class=\"elementor-divider\">\n\t\t\t<span class=\"elementor-divider-separator\">\n\t\t\t\t\t\t<\/span>\n\t\t<\/div>\n\t\t\t\t\t\t<\/div>\n\t\t\t\t<\/div>\n\t\t\t\t\t<\/div>\n\t\t<\/div>\n\t\t\t\t\t<\/div>\n\t\t<\/section>\n\t\t\t\t<section class=\"elementor-section elementor-top-section elementor-element elementor-element-45208d7 elementor-section-boxed elementor-section-height-default elementor-section-height-default\" data-id=\"45208d7\" data-element_type=\"section\">\n\t\t\t\t\t\t<div class=\"elementor-container elementor-column-gap-default\">\n\t\t\t\t\t<div class=\"elementor-column elementor-col-100 elementor-top-column elementor-element elementor-element-43c3f8c\" data-id=\"43c3f8c\" data-element_type=\"column\">\n\t\t\t<div class=\"elementor-widget-wrap elementor-element-populated\">\n\t\t\t\t\t\t<div class=\"elementor-element elementor-element-91c1ec7 elementor-widget elementor-widget-text-editor\" data-id=\"91c1ec7\" data-element_type=\"widget\" data-widget_type=\"text-editor.default\">\n\t\t\t\t<div class=\"elementor-widget-container\">\n\t\t\t\t\t\t\t\t\t<h3>Commandez en ligne le drapeau fran\u00e7ais officiel\u00a0<\/h3>\t\t\t\t\t\t\t\t<\/div>\n\t\t\t\t<\/div>\n\t\t\t\t\t<\/div>\n\t\t<\/div>\n\t\t\t\t\t<\/div>\n\t\t<\/section>\n\t\t\t\t<section class=\"elementor-section elementor-top-section elementor-element elementor-element-2f433c5 elementor-section-boxed elementor-section-height-default elementor-section-height-default\" data-id=\"2f433c5\" data-element_type=\"section\">\n\t\t\t\t\t\t<div class=\"elementor-container elementor-column-gap-default\">\n\t\t\t\t\t<div class=\"elementor-column elementor-col-100 elementor-top-column elementor-element elementor-element-77eea63\" data-id=\"77eea63\" data-element_type=\"column\">\n\t\t\t<div class=\"elementor-widget-wrap elementor-element-populated\">\n\t\t\t\t\t\t<div class=\"elementor-element elementor-element-86699a1 elementor-widget elementor-widget-shortcode\" data-id=\"86699a1\" data-element_type=\"widget\" data-widget_type=\"shortcode.default\">\n\t\t\t\t<div class=\"elementor-widget-container\">\n\t\t\t\t\t\t\t<div class=\"elementor-shortcode\"><div class=\"container p-0 m-0\">\n    <div class=\"row m-0 border\">\n        <div class=\"col-12 col-lg-6\">\n            <img decoding=\"async\" src=\"https:\/\/www.macapflag.com\/1857560-home_default\/drapeau-francais-officiel.jpg\" alt=\"Drapeau fran&ccedil;ais officiel\" class=\"mx-auto\" \/>\n        <\/div>\n        <div class=\"col-12 col-lg-6 box-didpd-body\">\n            <div class=\"box-didpd-text\">\n                <a href=\"https:\/\/www.macapflag.com\/drapeau-pays-pour-mat\/33-drapeau-francais-officiel.html\" target=\"_blank\" class=\"stretched-link\">\n                    <h3>Drapeau fran\u00e7ais officiel<\/h3>\n                <\/a>\n                <p>Drapeau pour m\u00e2t disponible en plusieurs tailles avec diff\u00e9rentes options de montage et finitions.<\/p>\n            <\/div>\n                        <p class=\"text-center font-weight-bold\">6,00 \u20ac HT<\/p>            <div class=\"text-center\">\n                <button class=\"btn btn-primary\">Acheter en ligne<\/button>\n            <\/div>\n        <\/div>\n    <\/div>\n<\/div>\n<\/div>\n\t\t\t\t\t\t<\/div>\n\t\t\t\t<\/div>\n\t\t\t\t\t<\/div>\n\t\t<\/div>\n\t\t\t\t\t<\/div>\n\t\t<\/section>\n\t\t\t\t<section class=\"elementor-section elementor-top-section elementor-element elementor-element-c2e288b elementor-section-boxed elementor-section-height-default elementor-section-height-default\" data-id=\"c2e288b\" data-element_type=\"section\">\n\t\t\t\t\t\t<div class=\"elementor-container elementor-column-gap-default\">\n\t\t\t\t\t<div class=\"elementor-column elementor-col-100 elementor-top-column elementor-element elementor-element-70384d5\" data-id=\"70384d5\" data-element_type=\"column\">\n\t\t\t<div class=\"elementor-widget-wrap elementor-element-populated\">\n\t\t\t\t\t\t<div class=\"elementor-element elementor-element-78e1859 elementor-widget elementor-widget-shortcode\" data-id=\"78e1859\" data-element_type=\"widget\" data-widget_type=\"shortcode.default\">\n\t\t\t\t<div class=\"elementor-widget-container\">\n\t\t\t\t\t\t\t<div class=\"elementor-shortcode\"><div class=\"container p-0 m-0\">\n    <div class=\"row m-0 border\">\n        <div class=\"col-12 col-lg-6\">\n            <img decoding=\"async\" src=\"https:\/\/www.macapflag.com\/1857561-home_default\/drapeau-officiel-classique-francais.jpg\" alt=\"Drapeau fran&ccedil;ais officiel\" class=\"mx-auto\" \/>\n        <\/div>\n        <div class=\"col-12 col-lg-6 box-didpd-body\">\n            <div class=\"box-didpd-text\">\n                <a href=\"https:\/\/www.macapflag.com\/drapeau-pays-avec-hampe\/303-drapeau-officiel-classique-francais.html\" target=\"_blank\" class=\"stretched-link\">\n                    <h3>Drapeau fran\u00e7ais officiel<\/h3>\n                <\/a>\n                <p>Drapeau France sur hampe disponible en plusieurs tailles et diff\u00e9rentes longueurs de hampes.<\/p>\n            <\/div>\n                        <p class=\"text-center font-weight-bold\">9,50 \u20ac HT<\/p>            <div class=\"text-center\">\n                <button class=\"btn btn-primary\">Acheter en ligne<\/button>\n            <\/div>\n        <\/div>\n    <\/div>\n<\/div>\n<\/div>\n\t\t\t\t\t\t<\/div>\n\t\t\t\t<\/div>\n\t\t\t\t\t<\/div>\n\t\t<\/div>\n\t\t\t\t\t<\/div>\n\t\t<\/section>\n\t\t\t\t<\/div>\n\t\t","protected":false},"excerpt":{"rendered":"<div class=\"tmnf_excerpt\"><p>Un calendrier officiel de pavoisement des \u00e9difices et des b\u00e2timents publics est \u00e9dit\u00e9 chaque ann\u00e9e. Il r\u00e9pertorie les quatorze journ\u00e9es au cours desquelles le pavoisement des b\u00e2timents et des \u00e9difices publics avec le drapeau fran\u00e7ais est obligatoire. Ces journ\u00e9es comm\u00e9moratives entretiennent notre devoir de m\u00e9moire tout en permettant aussi de le transmettre aux jeunes g\u00e9n\u00e9rations. &hellip;<\/p>\n<\/div>","protected":false},"author":2,"featured_media":12612,"comment_status":"closed","ping_status":"open","sticky":false,"template":"template-fullwidth.php","format":"standard","meta":{"footnotes":""},"categories":[92],"tags":[],"class_list":["post-14412","post","type-post","status-publish","format-standard","has-post-thumbnail","hentry","category-news"],"yoast_head":"<!-- This site is optimized with the Yoast SEO plugin v26.4 - https:\/\/yoast.com\/wordpress\/plugins\/seo\/ -->\n<title>Le 25 septembre, journ\u00e9e nationale d&#039;hommage aux harkis<\/title>\n<meta name=\"description\" content=\"Le 25 septembre est l&#039;une des 14 journ\u00e9es nationales de pavoisement des mairies qui c\u00e9l\u00e8bre un hommage aux harkis\" \/>\n<meta name=\"robots\" content=\"index, follow, max-snippet:-1, max-image-preview:large, max-video-preview:-1\" \/>\n<link rel=\"canonical\" href=\"https:\/\/www.macapflag.com\/blog\/25-septembre-2\/\" \/>\n<meta property=\"og:locale\" content=\"fr_FR\" \/>\n<meta property=\"og:type\" content=\"article\" \/>\n<meta property=\"og:title\" content=\"Le 25 septembre, journ\u00e9e nationale d&#039;hommage aux harkis\" \/>\n<meta property=\"og:description\" content=\"Le 25 septembre est l&#039;une des 14 journ\u00e9es nationales de pavoisement des mairies qui c\u00e9l\u00e8bre un hommage aux harkis\" \/>\n<meta property=\"og:url\" content=\"https:\/\/www.macapflag.com\/blog\/25-septembre-2\/\" \/>\n<meta property=\"og:site_name\" content=\"Blog - Macap\" \/>\n<meta property=\"article:publisher\" content=\"https:\/\/www.facebook.com\/macap.pavoisement\/\" \/>\n<meta property=\"article:published_time\" content=\"2025-09-25T06:03:09+00:00\" \/>\n<meta property=\"og:image\" content=\"https:\/\/www.macapflag.com\/blog\/wp-content\/uploads\/2023\/02\/25-septembre-journee-nationale-pavoisement.jpg\" \/>\n\t<meta property=\"og:image:width\" content=\"870\" \/>\n\t<meta property=\"og:image:height\" content=\"600\" \/>\n\t<meta property=\"og:image:type\" content=\"image\/jpeg\" \/>\n<meta name=\"author\" content=\"Blog Macap\" \/>\n<meta name=\"twitter:card\" content=\"summary_large_image\" \/>\n<meta name=\"twitter:label1\" content=\"\u00c9crit par\" \/>\n\t<meta name=\"twitter:data1\" content=\"Blog Macap\" \/>\n\t<meta name=\"twitter:label2\" content=\"Dur\u00e9e de lecture estim\u00e9e\" \/>\n\t<meta name=\"twitter:data2\" content=\"4 minutes\" \/>\n<script type=\"application\/ld+json\" class=\"yoast-schema-graph\">{\"@context\":\"https:\/\/schema.org\",\"@graph\":[{\"@type\":\"Article\",\"@id\":\"https:\/\/www.macapflag.com\/blog\/25-septembre-2\/#article\",\"isPartOf\":{\"@id\":\"https:\/\/www.macapflag.com\/blog\/25-septembre-2\/\"},\"author\":{\"name\":\"Blog Macap\",\"@id\":\"https:\/\/www.macapflag.com\/blog\/#\/schema\/person\/3fea701f2603875e651e6b662578fc3c\"},\"headline\":\"Journ\u00e9e de pavoisement du 25 septembre 2025\",\"datePublished\":\"2025-09-25T06:03:09+00:00\",\"mainEntityOfPage\":{\"@id\":\"https:\/\/www.macapflag.com\/blog\/25-septembre-2\/\"},\"wordCount\":750,\"publisher\":{\"@id\":\"https:\/\/www.macapflag.com\/blog\/#organization\"},\"image\":{\"@id\":\"https:\/\/www.macapflag.com\/blog\/25-septembre-2\/#primaryimage\"},\"thumbnailUrl\":\"https:\/\/www.macapflag.com\/blog\/wp-content\/uploads\/2023\/02\/25-septembre-journee-nationale-pavoisement.jpg\",\"articleSection\":[\"News &amp; Actu\"],\"inLanguage\":\"fr-FR\"},{\"@type\":\"WebPage\",\"@id\":\"https:\/\/www.macapflag.com\/blog\/25-septembre-2\/\",\"url\":\"https:\/\/www.macapflag.com\/blog\/25-septembre-2\/\",\"name\":\"Le 25 septembre, journ\u00e9e nationale d'hommage aux harkis\",\"isPartOf\":{\"@id\":\"https:\/\/www.macapflag.com\/blog\/#website\"},\"primaryImageOfPage\":{\"@id\":\"https:\/\/www.macapflag.com\/blog\/25-septembre-2\/#primaryimage\"},\"image\":{\"@id\":\"https:\/\/www.macapflag.com\/blog\/25-septembre-2\/#primaryimage\"},\"thumbnailUrl\":\"https:\/\/www.macapflag.com\/blog\/wp-content\/uploads\/2023\/02\/25-septembre-journee-nationale-pavoisement.jpg\",\"datePublished\":\"2025-09-25T06:03:09+00:00\",\"description\":\"Le 25 septembre est l'une des 14 journ\u00e9es nationales de pavoisement des mairies qui c\u00e9l\u00e8bre un hommage aux harkis\",\"breadcrumb\":{\"@id\":\"https:\/\/www.macapflag.com\/blog\/25-septembre-2\/#breadcrumb\"},\"inLanguage\":\"fr-FR\",\"potentialAction\":[{\"@type\":\"ReadAction\",\"target\":[\"https:\/\/www.macapflag.com\/blog\/25-septembre-2\/\"]}]},{\"@type\":\"ImageObject\",\"inLanguage\":\"fr-FR\",\"@id\":\"https:\/\/www.macapflag.com\/blog\/25-septembre-2\/#primaryimage\",\"url\":\"https:\/\/www.macapflag.com\/blog\/wp-content\/uploads\/2023\/02\/25-septembre-journee-nationale-pavoisement.jpg\",\"contentUrl\":\"https:\/\/www.macapflag.com\/blog\/wp-content\/uploads\/2023\/02\/25-septembre-journee-nationale-pavoisement.jpg\",\"width\":870,\"height\":600,\"caption\":\"25 septembre journ\u00e9e nationale d'hommage\"},{\"@type\":\"BreadcrumbList\",\"@id\":\"https:\/\/www.macapflag.com\/blog\/25-septembre-2\/#breadcrumb\",\"itemListElement\":[{\"@type\":\"ListItem\",\"position\":1,\"name\":\"Accueil\",\"item\":\"https:\/\/www.macapflag.com\/blog\/\"},{\"@type\":\"ListItem\",\"position\":2,\"name\":\"Journ\u00e9e de pavoisement du 25 septembre 2025\"}]},{\"@type\":\"WebSite\",\"@id\":\"https:\/\/www.macapflag.com\/blog\/#website\",\"url\":\"https:\/\/www.macapflag.com\/blog\/\",\"name\":\"Blog - Macap\",\"description\":\"Tous nos articles\",\"publisher\":{\"@id\":\"https:\/\/www.macapflag.com\/blog\/#organization\"},\"potentialAction\":[{\"@type\":\"SearchAction\",\"target\":{\"@type\":\"EntryPoint\",\"urlTemplate\":\"https:\/\/www.macapflag.com\/blog\/?s={search_term_string}\"},\"query-input\":{\"@type\":\"PropertyValueSpecification\",\"valueRequired\":true,\"valueName\":\"search_term_string\"}}],\"inLanguage\":\"fr-FR\"},{\"@type\":\"Organization\",\"@id\":\"https:\/\/www.macapflag.com\/blog\/#organization\",\"name\":\"macapflag\",\"url\":\"https:\/\/www.macapflag.com\/blog\/\",\"logo\":{\"@type\":\"ImageObject\",\"inLanguage\":\"fr-FR\",\"@id\":\"https:\/\/www.macapflag.com\/blog\/#\/schema\/logo\/image\/\",\"url\":\"https:\/\/www.macapflag.com\/blog\/wp-content\/uploads\/2020\/12\/cropped-M-512-1.png\",\"contentUrl\":\"https:\/\/www.macapflag.com\/blog\/wp-content\/uploads\/2020\/12\/cropped-M-512-1.png\",\"width\":512,\"height\":512,\"caption\":\"macapflag\"},\"image\":{\"@id\":\"https:\/\/www.macapflag.com\/blog\/#\/schema\/logo\/image\/\"},\"sameAs\":[\"https:\/\/www.facebook.com\/macap.pavoisement\/\",\"https:\/\/www.instagram.com\/macapflag\/?hl=fr\",\"https:\/\/www.linkedin.com\/company\/macap\/?originalSubdomain=fr\",\"https:\/\/www.youtube.com\/channel\/UCXNzTIdZh9poEBjSXEqDtNw\"]},{\"@type\":\"Person\",\"@id\":\"https:\/\/www.macapflag.com\/blog\/#\/schema\/person\/3fea701f2603875e651e6b662578fc3c\",\"name\":\"Blog Macap\",\"image\":{\"@type\":\"ImageObject\",\"inLanguage\":\"fr-FR\",\"@id\":\"https:\/\/www.macapflag.com\/blog\/#\/schema\/person\/image\/\",\"url\":\"https:\/\/secure.gravatar.com\/avatar\/c12551f2dc51f0db049633b03e7856985477a70da834cc8967dea4ce54bdd6a2?s=96&d=mm&r=g\",\"contentUrl\":\"https:\/\/secure.gravatar.com\/avatar\/c12551f2dc51f0db049633b03e7856985477a70da834cc8967dea4ce54bdd6a2?s=96&d=mm&r=g\",\"caption\":\"Blog Macap\"},\"url\":\"https:\/\/www.macapflag.com\/blog\/author\/macap\/\"}]}<\/script>\n<!-- \/ Yoast SEO plugin. -->","yoast_head_json":{"title":"Le 25 septembre, journ\u00e9e nationale d'hommage aux harkis","description":"Le 25 septembre est l'une des 14 journ\u00e9es nationales de pavoisement des mairies qui c\u00e9l\u00e8bre un hommage aux harkis","robots":{"index":"index","follow":"follow","max-snippet":"max-snippet:-1","max-image-preview":"max-image-preview:large","max-video-preview":"max-video-preview:-1"},"canonical":"https:\/\/www.macapflag.com\/blog\/25-septembre-2\/","og_locale":"fr_FR","og_type":"article","og_title":"Le 25 septembre, journ\u00e9e nationale d'hommage aux harkis","og_description":"Le 25 septembre est l'une des 14 journ\u00e9es nationales de pavoisement des mairies qui c\u00e9l\u00e8bre un hommage aux harkis","og_url":"https:\/\/www.macapflag.com\/blog\/25-septembre-2\/","og_site_name":"Blog - Macap","article_publisher":"https:\/\/www.facebook.com\/macap.pavoisement\/","article_published_time":"2025-09-25T06:03:09+00:00","og_image":[{"width":870,"height":600,"url":"https:\/\/www.macapflag.com\/blog\/wp-content\/uploads\/2023\/02\/25-septembre-journee-nationale-pavoisement.jpg","type":"image\/jpeg"}],"author":"Blog Macap","twitter_card":"summary_large_image","twitter_misc":{"\u00c9crit par":"Blog Macap","Dur\u00e9e de lecture estim\u00e9e":"4 minutes"},"schema":{"@context":"https:\/\/schema.org","@graph":[{"@type":"Article","@id":"https:\/\/www.macapflag.com\/blog\/25-septembre-2\/#article","isPartOf":{"@id":"https:\/\/www.macapflag.com\/blog\/25-septembre-2\/"},"author":{"name":"Blog Macap","@id":"https:\/\/www.macapflag.com\/blog\/#\/schema\/person\/3fea701f2603875e651e6b662578fc3c"},"headline":"Journ\u00e9e de pavoisement du 25 septembre 2025","datePublished":"2025-09-25T06:03:09+00:00","mainEntityOfPage":{"@id":"https:\/\/www.macapflag.com\/blog\/25-septembre-2\/"},"wordCount":750,"publisher":{"@id":"https:\/\/www.macapflag.com\/blog\/#organization"},"image":{"@id":"https:\/\/www.macapflag.com\/blog\/25-septembre-2\/#primaryimage"},"thumbnailUrl":"https:\/\/www.macapflag.com\/blog\/wp-content\/uploads\/2023\/02\/25-septembre-journee-nationale-pavoisement.jpg","articleSection":["News &amp; Actu"],"inLanguage":"fr-FR"},{"@type":"WebPage","@id":"https:\/\/www.macapflag.com\/blog\/25-septembre-2\/","url":"https:\/\/www.macapflag.com\/blog\/25-septembre-2\/","name":"Le 25 septembre, journ\u00e9e nationale d'hommage aux harkis","isPartOf":{"@id":"https:\/\/www.macapflag.com\/blog\/#website"},"primaryImageOfPage":{"@id":"https:\/\/www.macapflag.com\/blog\/25-septembre-2\/#primaryimage"},"image":{"@id":"https:\/\/www.macapflag.com\/blog\/25-septembre-2\/#primaryimage"},"thumbnailUrl":"https:\/\/www.macapflag.com\/blog\/wp-content\/uploads\/2023\/02\/25-septembre-journee-nationale-pavoisement.jpg","datePublished":"2025-09-25T06:03:09+00:00","description":"Le 25 septembre est l'une des 14 journ\u00e9es nationales de pavoisement des mairies qui c\u00e9l\u00e8bre un hommage aux harkis","breadcrumb":{"@id":"https:\/\/www.macapflag.com\/blog\/25-septembre-2\/#breadcrumb"},"inLanguage":"fr-FR","potentialAction":[{"@type":"ReadAction","target":["https:\/\/www.macapflag.com\/blog\/25-septembre-2\/"]}]},{"@type":"ImageObject","inLanguage":"fr-FR","@id":"https:\/\/www.macapflag.com\/blog\/25-septembre-2\/#primaryimage","url":"https:\/\/www.macapflag.com\/blog\/wp-content\/uploads\/2023\/02\/25-septembre-journee-nationale-pavoisement.jpg","contentUrl":"https:\/\/www.macapflag.com\/blog\/wp-content\/uploads\/2023\/02\/25-septembre-journee-nationale-pavoisement.jpg","width":870,"height":600,"caption":"25 septembre journ\u00e9e nationale d'hommage"},{"@type":"BreadcrumbList","@id":"https:\/\/www.macapflag.com\/blog\/25-septembre-2\/#breadcrumb","itemListElement":[{"@type":"ListItem","position":1,"name":"Accueil","item":"https:\/\/www.macapflag.com\/blog\/"},{"@type":"ListItem","position":2,"name":"Journ\u00e9e de pavoisement du 25 septembre 2025"}]},{"@type":"WebSite","@id":"https:\/\/www.macapflag.com\/blog\/#website","url":"https:\/\/www.macapflag.com\/blog\/","name":"Blog - Macap","description":"Tous nos articles","publisher":{"@id":"https:\/\/www.macapflag.com\/blog\/#organization"},"potentialAction":[{"@type":"SearchAction","target":{"@type":"EntryPoint","urlTemplate":"https:\/\/www.macapflag.com\/blog\/?s={search_term_string}"},"query-input":{"@type":"PropertyValueSpecification","valueRequired":true,"valueName":"search_term_string"}}],"inLanguage":"fr-FR"},{"@type":"Organization","@id":"https:\/\/www.macapflag.com\/blog\/#organization","name":"macapflag","url":"https:\/\/www.macapflag.com\/blog\/","logo":{"@type":"ImageObject","inLanguage":"fr-FR","@id":"https:\/\/www.macapflag.com\/blog\/#\/schema\/logo\/image\/","url":"https:\/\/www.macapflag.com\/blog\/wp-content\/uploads\/2020\/12\/cropped-M-512-1.png","contentUrl":"https:\/\/www.macapflag.com\/blog\/wp-content\/uploads\/2020\/12\/cropped-M-512-1.png","width":512,"height":512,"caption":"macapflag"},"image":{"@id":"https:\/\/www.macapflag.com\/blog\/#\/schema\/logo\/image\/"},"sameAs":["https:\/\/www.facebook.com\/macap.pavoisement\/","https:\/\/www.instagram.com\/macapflag\/?hl=fr","https:\/\/www.linkedin.com\/company\/macap\/?originalSubdomain=fr","https:\/\/www.youtube.com\/channel\/UCXNzTIdZh9poEBjSXEqDtNw"]},{"@type":"Person","@id":"https:\/\/www.macapflag.com\/blog\/#\/schema\/person\/3fea701f2603875e651e6b662578fc3c","name":"Blog Macap","image":{"@type":"ImageObject","inLanguage":"fr-FR","@id":"https:\/\/www.macapflag.com\/blog\/#\/schema\/person\/image\/","url":"https:\/\/secure.gravatar.com\/avatar\/c12551f2dc51f0db049633b03e7856985477a70da834cc8967dea4ce54bdd6a2?s=96&d=mm&r=g","contentUrl":"https:\/\/secure.gravatar.com\/avatar\/c12551f2dc51f0db049633b03e7856985477a70da834cc8967dea4ce54bdd6a2?s=96&d=mm&r=g","caption":"Blog Macap"},"url":"https:\/\/www.macapflag.com\/blog\/author\/macap\/"}]}},"_links":{"self":[{"href":"https:\/\/www.macapflag.com\/blog\/wp-json\/wp\/v2\/posts\/14412","targetHints":{"allow":["GET"]}}],"collection":[{"href":"https:\/\/www.macapflag.com\/blog\/wp-json\/wp\/v2\/posts"}],"about":[{"href":"https:\/\/www.macapflag.com\/blog\/wp-json\/wp\/v2\/types\/post"}],"author":[{"embeddable":true,"href":"https:\/\/www.macapflag.com\/blog\/wp-json\/wp\/v2\/users\/2"}],"replies":[{"embeddable":true,"href":"https:\/\/www.macapflag.com\/blog\/wp-json\/wp\/v2\/comments?post=14412"}],"version-history":[{"count":10,"href":"https:\/\/www.macapflag.com\/blog\/wp-json\/wp\/v2\/posts\/14412\/revisions"}],"predecessor-version":[{"id":20885,"href":"https:\/\/www.macapflag.com\/blog\/wp-json\/wp\/v2\/posts\/14412\/revisions\/20885"}],"wp:featuredmedia":[{"embeddable":true,"href":"https:\/\/www.macapflag.com\/blog\/wp-json\/wp\/v2\/media\/12612"}],"wp:attachment":[{"href":"https:\/\/www.macapflag.com\/blog\/wp-json\/wp\/v2\/media?parent=14412"}],"wp:term":[{"taxonomy":"category","embeddable":true,"href":"https:\/\/www.macapflag.com\/blog\/wp-json\/wp\/v2\/categories?post=14412"},{"taxonomy":"post_tag","embeddable":true,"href":"https:\/\/www.macapflag.com\/blog\/wp-json\/wp\/v2\/tags?post=14412"}],"curies":[{"name":"wp","href":"https:\/\/api.w.org\/{rel}","templated":true}]}}