{"id":15041,"date":"2023-11-24T08:02:00","date_gmt":"2023-11-24T07:02:00","guid":{"rendered":"https:\/\/www.macapflag.com\/blog\/?p=15041"},"modified":"2023-11-29T11:07:12","modified_gmt":"2023-11-29T10:07:12","slug":"black-friday-2023","status":"publish","type":"post","link":"https:\/\/www.macapflag.com\/blog\/black-friday-2023\/","title":{"rendered":"C&#8217;est l&#8217;\u00e9dition 2023 du Black Friday"},"content":{"rendered":"\t\t<div data-elementor-type=\"wp-post\" data-elementor-id=\"15041\" class=\"elementor elementor-15041\">\n\t\t\t\t\t\t<section class=\"elementor-section elementor-top-section elementor-element elementor-element-55803eb elementor-section-boxed elementor-section-height-default elementor-section-height-default\" data-id=\"55803eb\" data-element_type=\"section\">\n\t\t\t\t\t\t<div class=\"elementor-container elementor-column-gap-default\">\n\t\t\t\t\t<div class=\"elementor-column elementor-col-100 elementor-top-column elementor-element elementor-element-3736cd6\" data-id=\"3736cd6\" data-element_type=\"column\">\n\t\t\t<div class=\"elementor-widget-wrap elementor-element-populated\">\n\t\t\t\t\t\t<div class=\"elementor-element elementor-element-b743f00 elementor-widget elementor-widget-text-editor\" data-id=\"b743f00\" data-element_type=\"widget\" data-widget_type=\"text-editor.default\">\n\t\t\t\t<div class=\"elementor-widget-container\">\n\t\t\t\t\t\t\t\t\t<p>Originaire des \u00c9tats-Unis, le Black Friday a lieu le lendemain de la f\u00eate de Thanksgiving, c\u00e9l\u00e9br\u00e9e le quatri\u00e8me jeudi du mois de novembre.<br \/>C\u2019est donc le vendredi 24 novembre 2023 qu\u2019aura lieu cette op\u00e9ration commerciale de grande envergure.<\/p>\t\t\t\t\t\t\t\t<\/div>\n\t\t\t\t<\/div>\n\t\t\t\t\t<\/div>\n\t\t<\/div>\n\t\t\t\t\t<\/div>\n\t\t<\/section>\n\t\t\t\t<section class=\"elementor-section elementor-top-section elementor-element elementor-element-a8ae6f9 elementor-section-boxed elementor-section-height-default elementor-section-height-default\" data-id=\"a8ae6f9\" data-element_type=\"section\">\n\t\t\t\t\t\t<div class=\"elementor-container elementor-column-gap-default\">\n\t\t\t\t\t<div class=\"elementor-column elementor-col-100 elementor-top-column elementor-element elementor-element-bbda494\" data-id=\"bbda494\" data-element_type=\"column\">\n\t\t\t<div class=\"elementor-widget-wrap elementor-element-populated\">\n\t\t\t\t\t\t<div class=\"elementor-element elementor-element-c312f1e elementor-widget elementor-widget-text-editor\" data-id=\"c312f1e\" data-element_type=\"widget\" data-widget_type=\"text-editor.default\">\n\t\t\t\t<div class=\"elementor-widget-container\">\n\t\t\t\t\t\t\t\t\t<h2>Quelles promos sur quelle p\u00e9riode pour le Black Friday ?<\/h2>\t\t\t\t\t\t\t\t<\/div>\n\t\t\t\t<\/div>\n\t\t\t\t\t<\/div>\n\t\t<\/div>\n\t\t\t\t\t<\/div>\n\t\t<\/section>\n\t\t\t\t<section class=\"elementor-section elementor-top-section elementor-element elementor-element-a7954d5 elementor-section-boxed elementor-section-height-default elementor-section-height-default\" data-id=\"a7954d5\" data-element_type=\"section\">\n\t\t\t\t\t\t<div class=\"elementor-container elementor-column-gap-default\">\n\t\t\t\t\t<div class=\"elementor-column elementor-col-100 elementor-top-column elementor-element elementor-element-f931933\" data-id=\"f931933\" data-element_type=\"column\">\n\t\t\t<div class=\"elementor-widget-wrap elementor-element-populated\">\n\t\t\t\t\t\t<div class=\"elementor-element elementor-element-9f9036d elementor-widget elementor-widget-text-editor\" data-id=\"9f9036d\" data-element_type=\"widget\" data-widget_type=\"text-editor.default\">\n\t\t\t\t<div class=\"elementor-widget-container\">\n\t\t\t\t\t\t\t\t\t<p>La journ\u00e9e du Black Friday d\u00e9clenche chaque ann\u00e9e une fr\u00e9n\u00e9sie d\u2019achat. En ce Black vendredi, les centres commerciaux sont pris d\u2019assaut par des acheteurs pr\u00eats \u00e0 tout pour b\u00e9n\u00e9ficier de promotions all\u00e9chantes.<br \/>Cette op\u00e9ration commerciale a rencontr\u00e9 tellement de succ\u00e8s au fil des ann\u00e9es qu\u2019elle s\u2019est \u00e9tendue. On peut voir aujourd\u2019hui dans des enseignes des affichages de \u201cBlack weeks\u201d ou m\u00eame de \u201cBlacks months\u201d!<br \/>L\u2019univers du web n\u2019est pas en reste non plus puisque les e.commer\u00e7ants ont cr\u00e9\u00e9 le Cyber Monday le lundi suivant le vendredi noir. Initialement d\u00e9di\u00e9e aux produits high-tech, l\u2019op\u00e9ration s\u2019est l\u00e0 aussi \u00e9tendue \u00e0 une gamme plus large de produits en promotion\u2026<\/p><p>Bref, vous l\u2019aurez compris, tout au long du mois de novembre, sur internet comme dans les enseignes, la consommation est boost\u00e9e par des op\u00e9rations commerciales poussant les consommateurs \u00e0 acheter toujours plus.<\/p><p>Contrairement aux p\u00e9riodes de soldes qui proposent des rabais sur les invendus de la collection qui se termine, le Black Friday pr\u00f4ne des prix bas sur des mod\u00e8les et des produits actuellement commercialis\u00e9s.<\/p><p>La crise de l\u2019\u00e9nergie et l\u2019inflation stimulent les achats fr\u00e9n\u00e9tiques du Black Friday alors que l\u2019on ne peut plus nier l\u2019impact de la surconsommation sur l\u2019\u00e9puisement des ressources de la terre et le d\u00e9r\u00e8glement climatique.<\/p>\t\t\t\t\t\t\t\t<\/div>\n\t\t\t\t<\/div>\n\t\t\t\t\t<\/div>\n\t\t<\/div>\n\t\t\t\t\t<\/div>\n\t\t<\/section>\n\t\t\t\t<section class=\"elementor-section elementor-top-section elementor-element elementor-element-a948563 elementor-section-boxed elementor-section-height-default elementor-section-height-default\" data-id=\"a948563\" data-element_type=\"section\">\n\t\t\t\t\t\t<div class=\"elementor-container elementor-column-gap-default\">\n\t\t\t\t\t<div class=\"elementor-column elementor-col-100 elementor-top-column elementor-element elementor-element-74134e8\" data-id=\"74134e8\" data-element_type=\"column\">\n\t\t\t<div class=\"elementor-widget-wrap elementor-element-populated\">\n\t\t\t\t\t\t<div class=\"elementor-element elementor-element-fa5da23 elementor-widget elementor-widget-text-editor\" data-id=\"fa5da23\" data-element_type=\"widget\" data-widget_type=\"text-editor.default\">\n\t\t\t\t<div class=\"elementor-widget-container\">\n\t\t\t\t\t\t\t\t\t<h3>Mettez en avant votre enseigne aux couleurs du Black Friday avec Macap :<\/h3>\t\t\t\t\t\t\t\t<\/div>\n\t\t\t\t<\/div>\n\t\t\t\t\t<\/div>\n\t\t<\/div>\n\t\t\t\t\t<\/div>\n\t\t<\/section>\n\t\t\t\t<section class=\"elementor-section elementor-top-section elementor-element elementor-element-845cabf elementor-section-boxed elementor-section-height-default elementor-section-height-default\" data-id=\"845cabf\" data-element_type=\"section\">\n\t\t\t\t\t\t<div class=\"elementor-container elementor-column-gap-default\">\n\t\t\t\t\t<div class=\"elementor-column elementor-col-100 elementor-top-column elementor-element elementor-element-4e7a597\" data-id=\"4e7a597\" data-element_type=\"column\">\n\t\t\t<div class=\"elementor-widget-wrap elementor-element-populated\">\n\t\t\t\t\t\t<div class=\"elementor-element elementor-element-f8712da elementor-widget elementor-widget-image\" data-id=\"f8712da\" data-element_type=\"widget\" data-widget_type=\"image.default\">\n\t\t\t\t<div class=\"elementor-widget-container\">\n\t\t\t\t\t\t\t\t\t\t\t\t\t\t\t<img fetchpriority=\"high\" decoding=\"async\" width=\"700\" height=\"534\" src=\"https:\/\/www.macapflag.com\/blog\/wp-content\/uploads\/2023\/11\/black-friday-2023.jpg\" class=\"attachment-large size-large wp-image-15186\" alt=\"Black Friday 2023 dans les magasins\" srcset=\"https:\/\/www.macapflag.com\/blog\/wp-content\/uploads\/2023\/11\/black-friday-2023.jpg 700w, https:\/\/www.macapflag.com\/blog\/wp-content\/uploads\/2023\/11\/black-friday-2023-300x229.jpg 300w\" sizes=\"(max-width: 700px) 100vw, 700px\" \/>\t\t\t\t\t\t\t\t\t\t\t\t\t\t\t<\/div>\n\t\t\t\t<\/div>\n\t\t\t\t\t<\/div>\n\t\t<\/div>\n\t\t\t\t\t<\/div>\n\t\t<\/section>\n\t\t\t\t<section class=\"elementor-section elementor-top-section elementor-element elementor-element-037ae22 elementor-section-boxed elementor-section-height-default elementor-section-height-default\" data-id=\"037ae22\" data-element_type=\"section\">\n\t\t\t\t\t\t<div class=\"elementor-container elementor-column-gap-default\">\n\t\t\t\t\t<div class=\"elementor-column elementor-col-50 elementor-top-column elementor-element elementor-element-cc5e82c\" data-id=\"cc5e82c\" data-element_type=\"column\">\n\t\t\t<div class=\"elementor-widget-wrap elementor-element-populated\">\n\t\t\t\t\t\t<div class=\"elementor-element elementor-element-231b21d elementor-widget elementor-widget-shortcode\" data-id=\"231b21d\" data-element_type=\"widget\" data-widget_type=\"shortcode.default\">\n\t\t\t\t<div class=\"elementor-widget-container\">\n\t\t\t\t\t\t\t<div class=\"elementor-shortcode\"><div class=\"container p-0 m-0\">\n    <div class=\"row m-0 border\">\n        <div class=\"col-12 grid-didpd-body text-center\">\n            <img decoding=\"async\" src=\"https:\/\/www.macapflag.com\/1853803-home_default\/banderole-pvc-oeillets-80x300-cmplv-black-friday-modele-1.jpg\" alt=\"Banderole Black Friday\" class=\"mx-auto\" \/>\n            <div class=\"grid-didpd-text\">\n                <a href=\"https:\/\/www.macapflag.com\/plv-operations-commerciales\/790644-banderole-pvc-oeillets-80x300-cmplv-black-friday-modele-1.html\" target=\"_blank\" class=\"stretched-link\">\n                    <h3>Banderole Black Friday<\/h3>\n                <\/a>\n            <\/div>\n                        <p class=\"text-center font-weight-bold\">42,75 \u20ac HT<\/p>            <div class=\"text-center\">\n                <button class=\"btn btn-primary\">Achat en ligne<\/button>\n            <\/div>\n        <\/div>\n    <\/div>\n<\/div>\n<\/div>\n\t\t\t\t\t\t<\/div>\n\t\t\t\t<\/div>\n\t\t\t\t\t<\/div>\n\t\t<\/div>\n\t\t\t\t<div class=\"elementor-column elementor-col-50 elementor-top-column elementor-element elementor-element-960bccf\" data-id=\"960bccf\" data-element_type=\"column\">\n\t\t\t<div class=\"elementor-widget-wrap elementor-element-populated\">\n\t\t\t\t\t\t<div class=\"elementor-element elementor-element-32ce510 elementor-widget elementor-widget-shortcode\" data-id=\"32ce510\" data-element_type=\"widget\" data-widget_type=\"shortcode.default\">\n\t\t\t\t<div class=\"elementor-widget-container\">\n\t\t\t\t\t\t\t<div class=\"elementor-shortcode\"><div class=\"container p-0 m-0\">\n    <div class=\"row m-0 border\">\n        <div class=\"col-12 grid-didpd-body text-center\">\n            <img decoding=\"async\" src=\"https:\/\/www.macapflag.com\/1853824-home_default\/banderole-pvc-oeillets-100x400-cmplv-black-friday-modele-2.jpg\" alt=\"Banderole Black Friday\" class=\"mx-auto\" \/>\n            <div class=\"grid-didpd-text\">\n                <a href=\"https:\/\/www.macapflag.com\/plv-operations-commerciales\/790652-banderole-pvc-oeillets-100x400-cmplv-black-friday-modele-2.html\" target=\"_blank\" class=\"stretched-link\">\n                    <h3>Banderole Black Friday<\/h3>\n                <\/a>\n            <\/div>\n                        <p class=\"text-center font-weight-bold\">57,00 \u20ac HT<\/p>            <div class=\"text-center\">\n                <button class=\"btn btn-primary\">Achat en ligne<\/button>\n            <\/div>\n        <\/div>\n    <\/div>\n<\/div>\n<\/div>\n\t\t\t\t\t\t<\/div>\n\t\t\t\t<\/div>\n\t\t\t\t\t<\/div>\n\t\t<\/div>\n\t\t\t\t\t<\/div>\n\t\t<\/section>\n\t\t\t\t<section class=\"elementor-section elementor-top-section elementor-element elementor-element-b657667 elementor-section-boxed elementor-section-height-default elementor-section-height-default\" data-id=\"b657667\" data-element_type=\"section\">\n\t\t\t\t\t\t<div class=\"elementor-container elementor-column-gap-default\">\n\t\t\t\t\t<div class=\"elementor-column elementor-col-50 elementor-top-column elementor-element elementor-element-d251e0f\" data-id=\"d251e0f\" data-element_type=\"column\">\n\t\t\t<div class=\"elementor-widget-wrap elementor-element-populated\">\n\t\t\t\t\t\t<div class=\"elementor-element elementor-element-4306f64 elementor-widget elementor-widget-shortcode\" data-id=\"4306f64\" data-element_type=\"widget\" data-widget_type=\"shortcode.default\">\n\t\t\t\t<div class=\"elementor-widget-container\">\n\t\t\t\t\t\t\t<div class=\"elementor-shortcode\"><div class=\"container p-0 m-0\">\n    <div class=\"row m-0 border\">\n        <div class=\"col-12 grid-didpd-body text-center\">\n            <img decoding=\"async\" src=\"https:\/\/www.macapflag.com\/1853811-home_default\/beach-flag-oriflamme-classique-28-mvisuel-black-friday-modele-1.jpg\" alt=\"Oriflamme Black Friday\" class=\"mx-auto\" \/>\n            <div class=\"grid-didpd-text\">\n                <a href=\"https:\/\/www.macapflag.com\/plv-operations-commerciales\/790647-beach-flag-oriflamme-classique-28-mvisuel-black-friday-modele-1.html\" target=\"_blank\" class=\"stretched-link\">\n                    <h3>Oriflamme Black Friday<\/h3>\n                <\/a>\n            <\/div>\n                        <p class=\"text-center font-weight-bold\">112,10 \u20ac HT<\/p>            <div class=\"text-center\">\n                <button class=\"btn btn-primary\">Achat en ligne<\/button>\n            <\/div>\n        <\/div>\n    <\/div>\n<\/div>\n<\/div>\n\t\t\t\t\t\t<\/div>\n\t\t\t\t<\/div>\n\t\t\t\t\t<\/div>\n\t\t<\/div>\n\t\t\t\t<div class=\"elementor-column elementor-col-50 elementor-top-column elementor-element elementor-element-caa846b\" data-id=\"caa846b\" data-element_type=\"column\">\n\t\t\t<div class=\"elementor-widget-wrap elementor-element-populated\">\n\t\t\t\t\t\t<div class=\"elementor-element elementor-element-4a7be18 elementor-widget elementor-widget-shortcode\" data-id=\"4a7be18\" data-element_type=\"widget\" data-widget_type=\"shortcode.default\">\n\t\t\t\t<div class=\"elementor-widget-container\">\n\t\t\t\t\t\t\t<div class=\"elementor-shortcode\"><div class=\"container p-0 m-0\">\n    <div class=\"row m-0 border\">\n        <div class=\"col-12 grid-didpd-body text-center\">\n            <img decoding=\"async\" src=\"https:\/\/www.macapflag.com\/1855414-home_default\/beach-flag-oriflamme-potence-350-mvisuel-black-friday-modele-2.jpg\" alt=\"Oriflamme Potence Black Friday\" class=\"mx-auto\" \/>\n            <div class=\"grid-didpd-text\">\n                <a href=\"https:\/\/www.macapflag.com\/plv-operations-commerciales\/791258-beach-flag-oriflamme-potence-350-mvisuel-black-friday-modele-2.html\" target=\"_blank\" class=\"stretched-link\">\n                    <h3>Oriflamme Potence Black Friday<\/h3>\n                <\/a>\n            <\/div>\n                        <p class=\"text-center font-weight-bold\">142,50 \u20ac HT<\/p>            <div class=\"text-center\">\n                <button class=\"btn btn-primary\">Achat en ligne<\/button>\n            <\/div>\n        <\/div>\n    <\/div>\n<\/div>\n<\/div>\n\t\t\t\t\t\t<\/div>\n\t\t\t\t<\/div>\n\t\t\t\t\t<\/div>\n\t\t<\/div>\n\t\t\t\t\t<\/div>\n\t\t<\/section>\n\t\t\t\t<section class=\"elementor-section elementor-top-section elementor-element elementor-element-23a7e59 elementor-section-boxed elementor-section-height-default elementor-section-height-default\" data-id=\"23a7e59\" data-element_type=\"section\">\n\t\t\t\t\t\t<div class=\"elementor-container elementor-column-gap-default\">\n\t\t\t\t\t<div class=\"elementor-column elementor-col-50 elementor-top-column elementor-element elementor-element-b8bc2ff\" data-id=\"b8bc2ff\" data-element_type=\"column\">\n\t\t\t<div class=\"elementor-widget-wrap elementor-element-populated\">\n\t\t\t\t\t\t<div class=\"elementor-element elementor-element-c6f57ab elementor-widget elementor-widget-shortcode\" data-id=\"c6f57ab\" data-element_type=\"widget\" data-widget_type=\"shortcode.default\">\n\t\t\t\t<div class=\"elementor-widget-container\">\n\t\t\t\t\t\t\t<div class=\"elementor-shortcode\"><div class=\"container p-0 m-0\">\n    <div class=\"row m-0 border\">\n        <div class=\"col-12 grid-didpd-body text-center\">\n            <img decoding=\"async\" src=\"https:\/\/www.macapflag.com\/1853814-home_default\/roll-up-80x200-cmvisuelblack-friday-modele-1.jpg\" alt=\"Roll Up Black Friday\" class=\"mx-auto\" \/>\n            <div class=\"grid-didpd-text\">\n                <a href=\"https:\/\/www.macapflag.com\/plv-operations-commerciales\/790648-roll-up-80x200-cmvisuelblack-friday-modele-1.html\" target=\"_blank\" class=\"stretched-link\">\n                    <h3>Roll Up Black Friday<\/h3>\n                <\/a>\n            <\/div>\n                        <p class=\"text-center font-weight-bold\">51,30 \u20ac HT<\/p>            <div class=\"text-center\">\n                <button class=\"btn btn-primary\">Achat en ligne<\/button>\n            <\/div>\n        <\/div>\n    <\/div>\n<\/div>\n<\/div>\n\t\t\t\t\t\t<\/div>\n\t\t\t\t<\/div>\n\t\t\t\t\t<\/div>\n\t\t<\/div>\n\t\t\t\t<div class=\"elementor-column elementor-col-50 elementor-top-column elementor-element elementor-element-a7351db\" data-id=\"a7351db\" data-element_type=\"column\">\n\t\t\t<div class=\"elementor-widget-wrap elementor-element-populated\">\n\t\t\t\t\t\t<div class=\"elementor-element elementor-element-098b4ed elementor-widget elementor-widget-shortcode\" data-id=\"098b4ed\" data-element_type=\"widget\" data-widget_type=\"shortcode.default\">\n\t\t\t\t<div class=\"elementor-widget-container\">\n\t\t\t\t\t\t\t<div class=\"elementor-shortcode\"><div class=\"container p-0 m-0\">\n    <div class=\"row m-0 border\">\n        <div class=\"col-12 grid-didpd-body text-center\">\n            <img decoding=\"async\" src=\"https:\/\/www.macapflag.com\/1853827-home_default\/roll-up-80x200-cmvisuelblack-friday-modele-2.jpg\" alt=\"Roll Up Black Friday\" class=\"mx-auto\" \/>\n            <div class=\"grid-didpd-text\">\n                <a href=\"https:\/\/www.macapflag.com\/plv-operations-commerciales\/790653-roll-up-80x200-cmvisuelblack-friday-modele-2.html\" target=\"_blank\" class=\"stretched-link\">\n                    <h3>Roll Up Black Friday<\/h3>\n                <\/a>\n            <\/div>\n                        <p class=\"text-center font-weight-bold\">51,30 \u20ac HT<\/p>            <div class=\"text-center\">\n                <button class=\"btn btn-primary\">Achat en ligne<\/button>\n            <\/div>\n        <\/div>\n    <\/div>\n<\/div>\n<\/div>\n\t\t\t\t\t\t<\/div>\n\t\t\t\t<\/div>\n\t\t\t\t\t<\/div>\n\t\t<\/div>\n\t\t\t\t\t<\/div>\n\t\t<\/section>\n\t\t\t\t<section class=\"elementor-section elementor-top-section elementor-element elementor-element-6d22c58 elementor-section-boxed elementor-section-height-default elementor-section-height-default\" data-id=\"6d22c58\" data-element_type=\"section\">\n\t\t\t\t\t\t<div class=\"elementor-container elementor-column-gap-default\">\n\t\t\t\t\t<div class=\"elementor-column elementor-col-100 elementor-top-column elementor-element elementor-element-adc0587\" data-id=\"adc0587\" data-element_type=\"column\">\n\t\t\t<div class=\"elementor-widget-wrap elementor-element-populated\">\n\t\t\t\t\t\t<div class=\"elementor-element elementor-element-fd66ab5 elementor-widget elementor-widget-text-editor\" data-id=\"fd66ab5\" data-element_type=\"widget\" data-widget_type=\"text-editor.default\">\n\t\t\t\t<div class=\"elementor-widget-container\">\n\t\t\t\t\t\t\t\t\t<p>Vous souhaitez en savoir plus sur le Black Friday et conna\u00eetre les origines de cette op\u00e9ration commerciale mondiale, consultez notre article : <span style=\"color: #3366ff;\"><a style=\"color: #3366ff;\" href=\"https:\/\/www.macapflag.com\/blog\/black-friday\/\"><strong>Le ph\u00e9nom\u00e8ne \u00ab Black Friday \u00bb.\u00a0<\/strong><\/a><\/span><\/p>\t\t\t\t\t\t\t\t<\/div>\n\t\t\t\t<\/div>\n\t\t\t\t\t<\/div>\n\t\t<\/div>\n\t\t\t\t\t<\/div>\n\t\t<\/section>\n\t\t\t\t<section class=\"elementor-section elementor-top-section elementor-element elementor-element-f0661b7 elementor-section-boxed elementor-section-height-default elementor-section-height-default\" data-id=\"f0661b7\" data-element_type=\"section\">\n\t\t\t\t\t\t<div class=\"elementor-container elementor-column-gap-default\">\n\t\t\t\t\t<div class=\"elementor-column elementor-col-100 elementor-top-column elementor-element elementor-element-2402906\" data-id=\"2402906\" data-element_type=\"column\">\n\t\t\t<div class=\"elementor-widget-wrap elementor-element-populated\">\n\t\t\t\t\t\t<div class=\"elementor-element elementor-element-f4d13a1 elementor-widget elementor-widget-spacer\" data-id=\"f4d13a1\" data-element_type=\"widget\" data-widget_type=\"spacer.default\">\n\t\t\t\t<div class=\"elementor-widget-container\">\n\t\t\t\t\t\t\t<div class=\"elementor-spacer\">\n\t\t\t<div class=\"elementor-spacer-inner\"><\/div>\n\t\t<\/div>\n\t\t\t\t\t\t<\/div>\n\t\t\t\t<\/div>\n\t\t\t\t\t<\/div>\n\t\t<\/div>\n\t\t\t\t\t<\/div>\n\t\t<\/section>\n\t\t\t\t<section class=\"elementor-section elementor-top-section elementor-element elementor-element-72cdd7f elementor-section-boxed elementor-section-height-default elementor-section-height-default\" data-id=\"72cdd7f\" data-element_type=\"section\">\n\t\t\t\t\t\t<div class=\"elementor-container elementor-column-gap-default\">\n\t\t\t\t\t<div class=\"elementor-column elementor-col-100 elementor-top-column elementor-element elementor-element-e68822c\" data-id=\"e68822c\" data-element_type=\"column\">\n\t\t\t<div class=\"elementor-widget-wrap elementor-element-populated\">\n\t\t\t\t\t\t<div class=\"elementor-element elementor-element-bb26e30 elementor-widget elementor-widget-text-editor\" data-id=\"bb26e30\" data-element_type=\"widget\" data-widget_type=\"text-editor.default\">\n\t\t\t\t<div class=\"elementor-widget-container\">\n\t\t\t\t\t\t\t\t\t<h2>Le Green Friday\u00ae, une alternative au Black Friday ?<\/h2>\t\t\t\t\t\t\t\t<\/div>\n\t\t\t\t<\/div>\n\t\t\t\t\t<\/div>\n\t\t<\/div>\n\t\t\t\t\t<\/div>\n\t\t<\/section>\n\t\t\t\t<section class=\"elementor-section elementor-top-section elementor-element elementor-element-b1a1499 elementor-section-boxed elementor-section-height-default elementor-section-height-default\" data-id=\"b1a1499\" data-element_type=\"section\">\n\t\t\t\t\t\t<div class=\"elementor-container elementor-column-gap-default\">\n\t\t\t\t\t<div class=\"elementor-column elementor-col-100 elementor-top-column elementor-element elementor-element-957e673\" data-id=\"957e673\" data-element_type=\"column\">\n\t\t\t<div class=\"elementor-widget-wrap elementor-element-populated\">\n\t\t\t\t\t\t<div class=\"elementor-element elementor-element-17536d7 elementor-widget elementor-widget-text-editor\" data-id=\"17536d7\" data-element_type=\"widget\" data-widget_type=\"text-editor.default\">\n\t\t\t\t<div class=\"elementor-widget-container\">\n\t\t\t\t\t\t\t\t\t<p>Le Green Friday\u00ae est une journ\u00e9e initi\u00e9e en 2017 par les membres du r\u00e9seau Envie. <br \/>Le principe du Green Friday\u00ae est de sensibiliser \u00e0 la consommation responsable et d\u00e9noncer la logique du Black Friday, sans culpabilisation, mais en remettant les choix citoyens au c\u0153ur des enjeux environnementaux et sociaux li\u00e9s \u00e0 la consommation.<\/p><p><strong>Comment ?\u00a0<\/strong><br \/>En proposant de limiter le gaspillage, d\u2019encourager le recyclage et la r\u00e9paration.<br \/>En rappelant que l\u2019acte d\u2019achat est un choix fort avec des cons\u00e9quences concr\u00e8tes sur l\u2019environnement. Chaque euro d\u00e9pens\u00e9 est un vote pour le monde dans lequel nous voulons vivre.<br \/>En rappelant \u00e9galement que collectivement, nos actions et nos habitudes ont un impact important sur l\u2019environnement.<br \/>En proposant d\u2019acheter labellis\u00e9, d\u2019occasion, local, en privil\u00e9giant la robustesse.<\/p><p>Et finalement de passer de consommateur \u00e0 consom\u2019acteur.<\/p><p>Green Friday(r) est aujourd\u2019hui une marque d\u00e9pos\u00e9e. <br \/>Pour en savoir plus, rendez-vous sur le site : <a href=\"https:\/\/greenfriday.fr\/\"><span style=\"color: #3366ff;\">https:\/\/greenfriday.fr\/<\/span><\/a><\/p>\t\t\t\t\t\t\t\t<\/div>\n\t\t\t\t<\/div>\n\t\t\t\t\t<\/div>\n\t\t<\/div>\n\t\t\t\t\t<\/div>\n\t\t<\/section>\n\t\t\t\t<\/div>\n\t\t","protected":false},"excerpt":{"rendered":"<div class=\"tmnf_excerpt\"><p>Originaire des \u00c9tats-Unis, le Black Friday a lieu le lendemain de la f\u00eate de Thanksgiving, c\u00e9l\u00e9br\u00e9e le quatri\u00e8me jeudi du mois de novembre.C\u2019est donc le vendredi 24 novembre 2023 qu\u2019aura lieu cette op\u00e9ration commerciale de grande envergure. Quelles promos sur quelle p\u00e9riode pour le Black Friday ? La journ\u00e9e du Black Friday d\u00e9clenche chaque ann\u00e9e &hellip;<\/p>\n<\/div>","protected":false},"author":2,"featured_media":15184,"comment_status":"closed","ping_status":"open","sticky":false,"template":"template-fullwidth.php","format":"standard","meta":{"footnotes":""},"categories":[92],"tags":[],"class_list":["post-15041","post","type-post","status-publish","format-standard","has-post-thumbnail","hentry","category-news"],"yoast_head":"<!-- This site is optimized with the Yoast SEO plugin v26.4 - https:\/\/yoast.com\/wordpress\/plugins\/seo\/ -->\n<title>C&#039;est l&#039;\u00e9dition 2023 du Black Friday - Blog - Macap<\/title>\n<meta name=\"description\" content=\"C&#039;est le vendredi 24 novembre qu&#039;a lieu l&#039;\u00e9dition 2023 du Black Friday, une op\u00e9ration commerciale gigantesque \u00e0 l&#039;\u00e9chelle mondiale.\" \/>\n<meta name=\"robots\" content=\"index, follow, max-snippet:-1, max-image-preview:large, max-video-preview:-1\" \/>\n<link rel=\"canonical\" href=\"https:\/\/www.macapflag.com\/blog\/black-friday-2023\/\" \/>\n<meta property=\"og:locale\" content=\"fr_FR\" \/>\n<meta property=\"og:type\" content=\"article\" \/>\n<meta property=\"og:title\" content=\"C&#039;est l&#039;\u00e9dition 2023 du Black Friday - Blog - Macap\" \/>\n<meta property=\"og:description\" content=\"C&#039;est le vendredi 24 novembre qu&#039;a lieu l&#039;\u00e9dition 2023 du Black Friday, une op\u00e9ration commerciale gigantesque \u00e0 l&#039;\u00e9chelle mondiale.\" \/>\n<meta property=\"og:url\" content=\"https:\/\/www.macapflag.com\/blog\/black-friday-2023\/\" \/>\n<meta property=\"og:site_name\" content=\"Blog - Macap\" \/>\n<meta property=\"article:publisher\" content=\"https:\/\/www.facebook.com\/macap.pavoisement\/\" \/>\n<meta property=\"article:published_time\" content=\"2023-11-24T07:02:00+00:00\" \/>\n<meta property=\"article:modified_time\" content=\"2023-11-29T10:07:12+00:00\" \/>\n<meta property=\"og:image\" content=\"https:\/\/www.macapflag.com\/blog\/wp-content\/uploads\/2023\/11\/black-friday-2023-TITRE.jpg\" \/>\n\t<meta property=\"og:image:width\" content=\"870\" \/>\n\t<meta property=\"og:image:height\" content=\"600\" \/>\n\t<meta property=\"og:image:type\" content=\"image\/jpeg\" \/>\n<meta name=\"author\" content=\"Blog Macap\" \/>\n<meta name=\"twitter:card\" content=\"summary_large_image\" \/>\n<meta name=\"twitter:label1\" content=\"\u00c9crit par\" \/>\n\t<meta name=\"twitter:data1\" content=\"Blog Macap\" \/>\n\t<meta name=\"twitter:label2\" content=\"Dur\u00e9e de lecture estim\u00e9e\" \/>\n\t<meta name=\"twitter:data2\" content=\"3 minutes\" \/>\n<script type=\"application\/ld+json\" class=\"yoast-schema-graph\">{\"@context\":\"https:\/\/schema.org\",\"@graph\":[{\"@type\":\"Article\",\"@id\":\"https:\/\/www.macapflag.com\/blog\/black-friday-2023\/#article\",\"isPartOf\":{\"@id\":\"https:\/\/www.macapflag.com\/blog\/black-friday-2023\/\"},\"author\":{\"name\":\"Blog Macap\",\"@id\":\"https:\/\/www.macapflag.com\/blog\/#\/schema\/person\/3fea701f2603875e651e6b662578fc3c\"},\"headline\":\"C&#8217;est l&#8217;\u00e9dition 2023 du Black Friday\",\"datePublished\":\"2023-11-24T07:02:00+00:00\",\"dateModified\":\"2023-11-29T10:07:12+00:00\",\"mainEntityOfPage\":{\"@id\":\"https:\/\/www.macapflag.com\/blog\/black-friday-2023\/\"},\"wordCount\":650,\"publisher\":{\"@id\":\"https:\/\/www.macapflag.com\/blog\/#organization\"},\"image\":{\"@id\":\"https:\/\/www.macapflag.com\/blog\/black-friday-2023\/#primaryimage\"},\"thumbnailUrl\":\"https:\/\/www.macapflag.com\/blog\/wp-content\/uploads\/2023\/11\/black-friday-2023-TITRE.jpg\",\"articleSection\":[\"News &amp; Actu\"],\"inLanguage\":\"fr-FR\"},{\"@type\":\"WebPage\",\"@id\":\"https:\/\/www.macapflag.com\/blog\/black-friday-2023\/\",\"url\":\"https:\/\/www.macapflag.com\/blog\/black-friday-2023\/\",\"name\":\"C'est l'\u00e9dition 2023 du Black Friday - Blog - Macap\",\"isPartOf\":{\"@id\":\"https:\/\/www.macapflag.com\/blog\/#website\"},\"primaryImageOfPage\":{\"@id\":\"https:\/\/www.macapflag.com\/blog\/black-friday-2023\/#primaryimage\"},\"image\":{\"@id\":\"https:\/\/www.macapflag.com\/blog\/black-friday-2023\/#primaryimage\"},\"thumbnailUrl\":\"https:\/\/www.macapflag.com\/blog\/wp-content\/uploads\/2023\/11\/black-friday-2023-TITRE.jpg\",\"datePublished\":\"2023-11-24T07:02:00+00:00\",\"dateModified\":\"2023-11-29T10:07:12+00:00\",\"description\":\"C'est le vendredi 24 novembre qu'a lieu l'\u00e9dition 2023 du Black Friday, une op\u00e9ration commerciale gigantesque \u00e0 l'\u00e9chelle mondiale.\",\"breadcrumb\":{\"@id\":\"https:\/\/www.macapflag.com\/blog\/black-friday-2023\/#breadcrumb\"},\"inLanguage\":\"fr-FR\",\"potentialAction\":[{\"@type\":\"ReadAction\",\"target\":[\"https:\/\/www.macapflag.com\/blog\/black-friday-2023\/\"]}]},{\"@type\":\"ImageObject\",\"inLanguage\":\"fr-FR\",\"@id\":\"https:\/\/www.macapflag.com\/blog\/black-friday-2023\/#primaryimage\",\"url\":\"https:\/\/www.macapflag.com\/blog\/wp-content\/uploads\/2023\/11\/black-friday-2023-TITRE.jpg\",\"contentUrl\":\"https:\/\/www.macapflag.com\/blog\/wp-content\/uploads\/2023\/11\/black-friday-2023-TITRE.jpg\",\"width\":870,\"height\":600,\"caption\":\"Black Friday 2023\"},{\"@type\":\"BreadcrumbList\",\"@id\":\"https:\/\/www.macapflag.com\/blog\/black-friday-2023\/#breadcrumb\",\"itemListElement\":[{\"@type\":\"ListItem\",\"position\":1,\"name\":\"Accueil\",\"item\":\"https:\/\/www.macapflag.com\/blog\/\"},{\"@type\":\"ListItem\",\"position\":2,\"name\":\"C&rsquo;est l&rsquo;\u00e9dition 2023 du Black Friday\"}]},{\"@type\":\"WebSite\",\"@id\":\"https:\/\/www.macapflag.com\/blog\/#website\",\"url\":\"https:\/\/www.macapflag.com\/blog\/\",\"name\":\"Blog - Macap\",\"description\":\"Tous nos articles\",\"publisher\":{\"@id\":\"https:\/\/www.macapflag.com\/blog\/#organization\"},\"potentialAction\":[{\"@type\":\"SearchAction\",\"target\":{\"@type\":\"EntryPoint\",\"urlTemplate\":\"https:\/\/www.macapflag.com\/blog\/?s={search_term_string}\"},\"query-input\":{\"@type\":\"PropertyValueSpecification\",\"valueRequired\":true,\"valueName\":\"search_term_string\"}}],\"inLanguage\":\"fr-FR\"},{\"@type\":\"Organization\",\"@id\":\"https:\/\/www.macapflag.com\/blog\/#organization\",\"name\":\"macapflag\",\"url\":\"https:\/\/www.macapflag.com\/blog\/\",\"logo\":{\"@type\":\"ImageObject\",\"inLanguage\":\"fr-FR\",\"@id\":\"https:\/\/www.macapflag.com\/blog\/#\/schema\/logo\/image\/\",\"url\":\"https:\/\/www.macapflag.com\/blog\/wp-content\/uploads\/2020\/12\/cropped-M-512-1.png\",\"contentUrl\":\"https:\/\/www.macapflag.com\/blog\/wp-content\/uploads\/2020\/12\/cropped-M-512-1.png\",\"width\":512,\"height\":512,\"caption\":\"macapflag\"},\"image\":{\"@id\":\"https:\/\/www.macapflag.com\/blog\/#\/schema\/logo\/image\/\"},\"sameAs\":[\"https:\/\/www.facebook.com\/macap.pavoisement\/\",\"https:\/\/www.instagram.com\/macapflag\/?hl=fr\",\"https:\/\/www.linkedin.com\/company\/macap\/?originalSubdomain=fr\",\"https:\/\/www.youtube.com\/channel\/UCXNzTIdZh9poEBjSXEqDtNw\"]},{\"@type\":\"Person\",\"@id\":\"https:\/\/www.macapflag.com\/blog\/#\/schema\/person\/3fea701f2603875e651e6b662578fc3c\",\"name\":\"Blog Macap\",\"image\":{\"@type\":\"ImageObject\",\"inLanguage\":\"fr-FR\",\"@id\":\"https:\/\/www.macapflag.com\/blog\/#\/schema\/person\/image\/\",\"url\":\"https:\/\/secure.gravatar.com\/avatar\/c12551f2dc51f0db049633b03e7856985477a70da834cc8967dea4ce54bdd6a2?s=96&d=mm&r=g\",\"contentUrl\":\"https:\/\/secure.gravatar.com\/avatar\/c12551f2dc51f0db049633b03e7856985477a70da834cc8967dea4ce54bdd6a2?s=96&d=mm&r=g\",\"caption\":\"Blog Macap\"},\"url\":\"https:\/\/www.macapflag.com\/blog\/author\/macap\/\"}]}<\/script>\n<!-- \/ Yoast SEO plugin. -->","yoast_head_json":{"title":"C'est l'\u00e9dition 2023 du Black Friday - Blog - Macap","description":"C'est le vendredi 24 novembre qu'a lieu l'\u00e9dition 2023 du Black Friday, une op\u00e9ration commerciale gigantesque \u00e0 l'\u00e9chelle mondiale.","robots":{"index":"index","follow":"follow","max-snippet":"max-snippet:-1","max-image-preview":"max-image-preview:large","max-video-preview":"max-video-preview:-1"},"canonical":"https:\/\/www.macapflag.com\/blog\/black-friday-2023\/","og_locale":"fr_FR","og_type":"article","og_title":"C'est l'\u00e9dition 2023 du Black Friday - Blog - Macap","og_description":"C'est le vendredi 24 novembre qu'a lieu l'\u00e9dition 2023 du Black Friday, une op\u00e9ration commerciale gigantesque \u00e0 l'\u00e9chelle mondiale.","og_url":"https:\/\/www.macapflag.com\/blog\/black-friday-2023\/","og_site_name":"Blog - Macap","article_publisher":"https:\/\/www.facebook.com\/macap.pavoisement\/","article_published_time":"2023-11-24T07:02:00+00:00","article_modified_time":"2023-11-29T10:07:12+00:00","og_image":[{"width":870,"height":600,"url":"https:\/\/www.macapflag.com\/blog\/wp-content\/uploads\/2023\/11\/black-friday-2023-TITRE.jpg","type":"image\/jpeg"}],"author":"Blog Macap","twitter_card":"summary_large_image","twitter_misc":{"\u00c9crit par":"Blog Macap","Dur\u00e9e de lecture estim\u00e9e":"3 minutes"},"schema":{"@context":"https:\/\/schema.org","@graph":[{"@type":"Article","@id":"https:\/\/www.macapflag.com\/blog\/black-friday-2023\/#article","isPartOf":{"@id":"https:\/\/www.macapflag.com\/blog\/black-friday-2023\/"},"author":{"name":"Blog Macap","@id":"https:\/\/www.macapflag.com\/blog\/#\/schema\/person\/3fea701f2603875e651e6b662578fc3c"},"headline":"C&#8217;est l&#8217;\u00e9dition 2023 du Black Friday","datePublished":"2023-11-24T07:02:00+00:00","dateModified":"2023-11-29T10:07:12+00:00","mainEntityOfPage":{"@id":"https:\/\/www.macapflag.com\/blog\/black-friday-2023\/"},"wordCount":650,"publisher":{"@id":"https:\/\/www.macapflag.com\/blog\/#organization"},"image":{"@id":"https:\/\/www.macapflag.com\/blog\/black-friday-2023\/#primaryimage"},"thumbnailUrl":"https:\/\/www.macapflag.com\/blog\/wp-content\/uploads\/2023\/11\/black-friday-2023-TITRE.jpg","articleSection":["News &amp; Actu"],"inLanguage":"fr-FR"},{"@type":"WebPage","@id":"https:\/\/www.macapflag.com\/blog\/black-friday-2023\/","url":"https:\/\/www.macapflag.com\/blog\/black-friday-2023\/","name":"C'est l'\u00e9dition 2023 du Black Friday - Blog - Macap","isPartOf":{"@id":"https:\/\/www.macapflag.com\/blog\/#website"},"primaryImageOfPage":{"@id":"https:\/\/www.macapflag.com\/blog\/black-friday-2023\/#primaryimage"},"image":{"@id":"https:\/\/www.macapflag.com\/blog\/black-friday-2023\/#primaryimage"},"thumbnailUrl":"https:\/\/www.macapflag.com\/blog\/wp-content\/uploads\/2023\/11\/black-friday-2023-TITRE.jpg","datePublished":"2023-11-24T07:02:00+00:00","dateModified":"2023-11-29T10:07:12+00:00","description":"C'est le vendredi 24 novembre qu'a lieu l'\u00e9dition 2023 du Black Friday, une op\u00e9ration commerciale gigantesque \u00e0 l'\u00e9chelle mondiale.","breadcrumb":{"@id":"https:\/\/www.macapflag.com\/blog\/black-friday-2023\/#breadcrumb"},"inLanguage":"fr-FR","potentialAction":[{"@type":"ReadAction","target":["https:\/\/www.macapflag.com\/blog\/black-friday-2023\/"]}]},{"@type":"ImageObject","inLanguage":"fr-FR","@id":"https:\/\/www.macapflag.com\/blog\/black-friday-2023\/#primaryimage","url":"https:\/\/www.macapflag.com\/blog\/wp-content\/uploads\/2023\/11\/black-friday-2023-TITRE.jpg","contentUrl":"https:\/\/www.macapflag.com\/blog\/wp-content\/uploads\/2023\/11\/black-friday-2023-TITRE.jpg","width":870,"height":600,"caption":"Black Friday 2023"},{"@type":"BreadcrumbList","@id":"https:\/\/www.macapflag.com\/blog\/black-friday-2023\/#breadcrumb","itemListElement":[{"@type":"ListItem","position":1,"name":"Accueil","item":"https:\/\/www.macapflag.com\/blog\/"},{"@type":"ListItem","position":2,"name":"C&rsquo;est l&rsquo;\u00e9dition 2023 du Black Friday"}]},{"@type":"WebSite","@id":"https:\/\/www.macapflag.com\/blog\/#website","url":"https:\/\/www.macapflag.com\/blog\/","name":"Blog - Macap","description":"Tous nos articles","publisher":{"@id":"https:\/\/www.macapflag.com\/blog\/#organization"},"potentialAction":[{"@type":"SearchAction","target":{"@type":"EntryPoint","urlTemplate":"https:\/\/www.macapflag.com\/blog\/?s={search_term_string}"},"query-input":{"@type":"PropertyValueSpecification","valueRequired":true,"valueName":"search_term_string"}}],"inLanguage":"fr-FR"},{"@type":"Organization","@id":"https:\/\/www.macapflag.com\/blog\/#organization","name":"macapflag","url":"https:\/\/www.macapflag.com\/blog\/","logo":{"@type":"ImageObject","inLanguage":"fr-FR","@id":"https:\/\/www.macapflag.com\/blog\/#\/schema\/logo\/image\/","url":"https:\/\/www.macapflag.com\/blog\/wp-content\/uploads\/2020\/12\/cropped-M-512-1.png","contentUrl":"https:\/\/www.macapflag.com\/blog\/wp-content\/uploads\/2020\/12\/cropped-M-512-1.png","width":512,"height":512,"caption":"macapflag"},"image":{"@id":"https:\/\/www.macapflag.com\/blog\/#\/schema\/logo\/image\/"},"sameAs":["https:\/\/www.facebook.com\/macap.pavoisement\/","https:\/\/www.instagram.com\/macapflag\/?hl=fr","https:\/\/www.linkedin.com\/company\/macap\/?originalSubdomain=fr","https:\/\/www.youtube.com\/channel\/UCXNzTIdZh9poEBjSXEqDtNw"]},{"@type":"Person","@id":"https:\/\/www.macapflag.com\/blog\/#\/schema\/person\/3fea701f2603875e651e6b662578fc3c","name":"Blog Macap","image":{"@type":"ImageObject","inLanguage":"fr-FR","@id":"https:\/\/www.macapflag.com\/blog\/#\/schema\/person\/image\/","url":"https:\/\/secure.gravatar.com\/avatar\/c12551f2dc51f0db049633b03e7856985477a70da834cc8967dea4ce54bdd6a2?s=96&d=mm&r=g","contentUrl":"https:\/\/secure.gravatar.com\/avatar\/c12551f2dc51f0db049633b03e7856985477a70da834cc8967dea4ce54bdd6a2?s=96&d=mm&r=g","caption":"Blog Macap"},"url":"https:\/\/www.macapflag.com\/blog\/author\/macap\/"}]}},"_links":{"self":[{"href":"https:\/\/www.macapflag.com\/blog\/wp-json\/wp\/v2\/posts\/15041","targetHints":{"allow":["GET"]}}],"collection":[{"href":"https:\/\/www.macapflag.com\/blog\/wp-json\/wp\/v2\/posts"}],"about":[{"href":"https:\/\/www.macapflag.com\/blog\/wp-json\/wp\/v2\/types\/post"}],"author":[{"embeddable":true,"href":"https:\/\/www.macapflag.com\/blog\/wp-json\/wp\/v2\/users\/2"}],"replies":[{"embeddable":true,"href":"https:\/\/www.macapflag.com\/blog\/wp-json\/wp\/v2\/comments?post=15041"}],"version-history":[{"count":45,"href":"https:\/\/www.macapflag.com\/blog\/wp-json\/wp\/v2\/posts\/15041\/revisions"}],"predecessor-version":[{"id":15260,"href":"https:\/\/www.macapflag.com\/blog\/wp-json\/wp\/v2\/posts\/15041\/revisions\/15260"}],"wp:featuredmedia":[{"embeddable":true,"href":"https:\/\/www.macapflag.com\/blog\/wp-json\/wp\/v2\/media\/15184"}],"wp:attachment":[{"href":"https:\/\/www.macapflag.com\/blog\/wp-json\/wp\/v2\/media?parent=15041"}],"wp:term":[{"taxonomy":"category","embeddable":true,"href":"https:\/\/www.macapflag.com\/blog\/wp-json\/wp\/v2\/categories?post=15041"},{"taxonomy":"post_tag","embeddable":true,"href":"https:\/\/www.macapflag.com\/blog\/wp-json\/wp\/v2\/tags?post=15041"}],"curies":[{"name":"wp","href":"https:\/\/api.w.org\/{rel}","templated":true}]}}