{"id":15936,"date":"2026-03-17T08:02:30","date_gmt":"2026-03-17T07:02:30","guid":{"rendered":"https:\/\/www.macapflag.com\/blog\/?p=15936"},"modified":"2026-03-17T08:02:30","modified_gmt":"2026-03-17T07:02:30","slug":"irlande","status":"publish","type":"post","link":"https:\/\/www.macapflag.com\/blog\/irlande\/","title":{"rendered":"Un jour, un pays. Le 17 mars en Irlande"},"content":{"rendered":"\t\t<div data-elementor-type=\"wp-post\" data-elementor-id=\"15936\" class=\"elementor elementor-15936\">\n\t\t\t\t\t\t<section class=\"elementor-section elementor-top-section elementor-element elementor-element-47b5fc0f elementor-section-boxed elementor-section-height-default elementor-section-height-default\" data-id=\"47b5fc0f\" data-element_type=\"section\">\n\t\t\t\t\t\t<div class=\"elementor-container elementor-column-gap-default\">\n\t\t\t\t\t<div class=\"elementor-column elementor-col-100 elementor-top-column elementor-element elementor-element-7d27fd3d\" data-id=\"7d27fd3d\" data-element_type=\"column\">\n\t\t\t<div class=\"elementor-widget-wrap elementor-element-populated\">\n\t\t\t\t\t\t<div class=\"elementor-element elementor-element-4aadca48 elementor-widget elementor-widget-heading\" data-id=\"4aadca48\" data-element_type=\"widget\" data-widget_type=\"heading.default\">\n\t\t\t\t<div class=\"elementor-widget-container\">\n\t\t\t\t\t<h2 class=\"elementor-heading-title elementor-size-default\">8 infos cl\u00e9s sur l'Irlande en 2026<\/h2>\t\t\t\t<\/div>\n\t\t\t\t<\/div>\n\t\t\t\t\t<\/div>\n\t\t<\/div>\n\t\t\t\t\t<\/div>\n\t\t<\/section>\n\t\t\t\t<section class=\"elementor-section elementor-top-section elementor-element elementor-element-56c22a5a elementor-section-boxed elementor-section-height-default elementor-section-height-default\" data-id=\"56c22a5a\" data-element_type=\"section\">\n\t\t\t\t\t\t<div class=\"elementor-container elementor-column-gap-default\">\n\t\t\t\t\t<div class=\"elementor-column elementor-col-33 elementor-top-column elementor-element elementor-element-61e67f46\" data-id=\"61e67f46\" data-element_type=\"column\">\n\t\t\t<div class=\"elementor-widget-wrap elementor-element-populated\">\n\t\t\t\t\t\t<div class=\"elementor-element elementor-element-60a9bcca elementor-widget elementor-widget-image\" data-id=\"60a9bcca\" data-element_type=\"widget\" data-widget_type=\"image.default\">\n\t\t\t\t<div class=\"elementor-widget-container\">\n\t\t\t\t\t\t\t\t\t\t\t\t\t\t\t<img decoding=\"async\" width=\"171\" height=\"142\" src=\"https:\/\/www.macapflag.com\/blog\/wp-content\/uploads\/2022\/09\/localisation.jpg\" class=\"attachment-large size-large wp-image-11202\" alt=\"Localisation du pays\" \/>\t\t\t\t\t\t\t\t\t\t\t\t\t\t\t<\/div>\n\t\t\t\t<\/div>\n\t\t\t\t\t<\/div>\n\t\t<\/div>\n\t\t\t\t<div class=\"elementor-column elementor-col-66 elementor-top-column elementor-element elementor-element-63081374\" data-id=\"63081374\" data-element_type=\"column\">\n\t\t\t<div class=\"elementor-widget-wrap elementor-element-populated\">\n\t\t\t\t\t\t<div class=\"elementor-element elementor-element-47c93685 elementor-widget elementor-widget-heading\" data-id=\"47c93685\" data-element_type=\"widget\" data-widget_type=\"heading.default\">\n\t\t\t\t<div class=\"elementor-widget-container\">\n\t\t\t\t\t<h3 class=\"elementor-heading-title elementor-size-default\">Localisation\u200b<\/h3>\t\t\t\t<\/div>\n\t\t\t\t<\/div>\n\t\t\t\t<div class=\"elementor-element elementor-element-1fbeb554 elementor-widget__width-initial elementor-widget elementor-widget-text-editor\" data-id=\"1fbeb554\" data-element_type=\"widget\" data-widget_type=\"text-editor.default\">\n\t\t\t\t<div class=\"elementor-widget-container\">\n\t\t\t\t\t\t\t\t\t<p>L\u2019Irlande est un pays d\u2019Europe. La R\u00e9publique d&#8217;Irlande occupe la majeure partie de l&#8217;\u00eele au large des c\u00f4tes de l&#8217;Angleterre et du Pays de Galles. <br \/>Sa capitale est Dublin.<\/p>\t\t\t\t\t\t\t\t<\/div>\n\t\t\t\t<\/div>\n\t\t\t\t\t<\/div>\n\t\t<\/div>\n\t\t\t\t\t<\/div>\n\t\t<\/section>\n\t\t\t\t<section class=\"elementor-section elementor-top-section elementor-element elementor-element-bf88adc elementor-section-boxed elementor-section-height-default elementor-section-height-default\" data-id=\"bf88adc\" data-element_type=\"section\">\n\t\t\t\t\t\t<div class=\"elementor-container elementor-column-gap-default\">\n\t\t\t\t\t<div class=\"elementor-column elementor-col-33 elementor-top-column elementor-element elementor-element-303d1190\" data-id=\"303d1190\" data-element_type=\"column\">\n\t\t\t<div class=\"elementor-widget-wrap elementor-element-populated\">\n\t\t\t\t\t\t<div class=\"elementor-element elementor-element-35b5cbdb elementor-widget elementor-widget-image\" data-id=\"35b5cbdb\" data-element_type=\"widget\" data-widget_type=\"image.default\">\n\t\t\t\t<div class=\"elementor-widget-container\">\n\t\t\t\t\t\t\t\t\t\t\t\t\t\t\t<img decoding=\"async\" width=\"171\" height=\"142\" src=\"https:\/\/www.macapflag.com\/blog\/wp-content\/uploads\/2022\/09\/population.jpg\" class=\"attachment-large size-large wp-image-11204\" alt=\"Population du pays\" \/>\t\t\t\t\t\t\t\t\t\t\t\t\t\t\t<\/div>\n\t\t\t\t<\/div>\n\t\t\t\t\t<\/div>\n\t\t<\/div>\n\t\t\t\t<div class=\"elementor-column elementor-col-66 elementor-top-column elementor-element elementor-element-3297033f\" data-id=\"3297033f\" data-element_type=\"column\">\n\t\t\t<div class=\"elementor-widget-wrap elementor-element-populated\">\n\t\t\t\t\t\t<div class=\"elementor-element elementor-element-2d730d43 elementor-widget elementor-widget-heading\" data-id=\"2d730d43\" data-element_type=\"widget\" data-widget_type=\"heading.default\">\n\t\t\t\t<div class=\"elementor-widget-container\">\n\t\t\t\t\t<h3 class=\"elementor-heading-title elementor-size-default\">Population\u200b<\/h3>\t\t\t\t<\/div>\n\t\t\t\t<\/div>\n\t\t\t\t<div class=\"elementor-element elementor-element-569b8fbb elementor-widget elementor-widget-text-editor\" data-id=\"569b8fbb\" data-element_type=\"widget\" data-widget_type=\"text-editor.default\">\n\t\t\t\t<div class=\"elementor-widget-container\">\n\t\t\t\t\t\t\t\t\t<p><strong>5.3 millions<\/strong> d\u2019habitants (source banque mondiale), ce qui place le pays au <strong>121\u1d49<\/strong> rang mondial.<br \/><em>Source : Banque mondiale<\/em><\/p>\t\t\t\t\t\t\t\t<\/div>\n\t\t\t\t<\/div>\n\t\t\t\t\t<\/div>\n\t\t<\/div>\n\t\t\t\t\t<\/div>\n\t\t<\/section>\n\t\t\t\t<section class=\"elementor-section elementor-top-section elementor-element elementor-element-109c575a elementor-section-boxed elementor-section-height-default elementor-section-height-default\" data-id=\"109c575a\" data-element_type=\"section\">\n\t\t\t\t\t\t<div class=\"elementor-container elementor-column-gap-default\">\n\t\t\t\t\t<div class=\"elementor-column elementor-col-33 elementor-top-column elementor-element elementor-element-1db37d28\" data-id=\"1db37d28\" data-element_type=\"column\">\n\t\t\t<div class=\"elementor-widget-wrap elementor-element-populated\">\n\t\t\t\t\t\t<div class=\"elementor-element elementor-element-4a01ba91 elementor-widget elementor-widget-image\" data-id=\"4a01ba91\" data-element_type=\"widget\" data-widget_type=\"image.default\">\n\t\t\t\t<div class=\"elementor-widget-container\">\n\t\t\t\t\t\t\t\t\t\t\t\t\t\t\t<img decoding=\"async\" width=\"171\" height=\"142\" src=\"https:\/\/www.macapflag.com\/blog\/wp-content\/uploads\/2022\/09\/langue.jpg\" class=\"attachment-large size-large wp-image-11201\" alt=\"Langue officielle du pays\" \/>\t\t\t\t\t\t\t\t\t\t\t\t\t\t\t<\/div>\n\t\t\t\t<\/div>\n\t\t\t\t\t<\/div>\n\t\t<\/div>\n\t\t\t\t<div class=\"elementor-column elementor-col-66 elementor-top-column elementor-element elementor-element-1f548343\" data-id=\"1f548343\" data-element_type=\"column\">\n\t\t\t<div class=\"elementor-widget-wrap elementor-element-populated\">\n\t\t\t\t\t\t<div class=\"elementor-element elementor-element-35cd3ba0 elementor-widget elementor-widget-heading\" data-id=\"35cd3ba0\" data-element_type=\"widget\" data-widget_type=\"heading.default\">\n\t\t\t\t<div class=\"elementor-widget-container\">\n\t\t\t\t\t<h3 class=\"elementor-heading-title elementor-size-default\">Langue officielle\u200b<\/h3>\t\t\t\t<\/div>\n\t\t\t\t<\/div>\n\t\t\t\t<div class=\"elementor-element elementor-element-7cfcc473 elementor-widget elementor-widget-text-editor\" data-id=\"7cfcc473\" data-element_type=\"widget\" data-widget_type=\"text-editor.default\">\n\t\t\t\t<div class=\"elementor-widget-container\">\n\t\t\t\t\t\t\t\t\t<p>La langue officielle du pays est l\u2019irlandais mais aussi l\u2019anglais.<\/p>\t\t\t\t\t\t\t\t<\/div>\n\t\t\t\t<\/div>\n\t\t\t\t\t<\/div>\n\t\t<\/div>\n\t\t\t\t\t<\/div>\n\t\t<\/section>\n\t\t\t\t<section class=\"elementor-section elementor-top-section elementor-element elementor-element-255297e8 elementor-section-boxed elementor-section-height-default elementor-section-height-default\" data-id=\"255297e8\" data-element_type=\"section\">\n\t\t\t\t\t\t<div class=\"elementor-container elementor-column-gap-default\">\n\t\t\t\t\t<div class=\"elementor-column elementor-col-33 elementor-top-column elementor-element elementor-element-e8939d3\" data-id=\"e8939d3\" data-element_type=\"column\">\n\t\t\t<div class=\"elementor-widget-wrap elementor-element-populated\">\n\t\t\t\t\t\t<div class=\"elementor-element elementor-element-51d9bb43 elementor-widget elementor-widget-image\" data-id=\"51d9bb43\" data-element_type=\"widget\" data-widget_type=\"image.default\">\n\t\t\t\t<div class=\"elementor-widget-container\">\n\t\t\t\t\t\t\t\t\t\t\t\t\t\t\t<img loading=\"lazy\" decoding=\"async\" width=\"171\" height=\"142\" src=\"https:\/\/www.macapflag.com\/blog\/wp-content\/uploads\/2022\/09\/pib.jpg\" class=\"attachment-large size-large wp-image-11203\" alt=\"Le PIB est le produit interieur brut\" \/>\t\t\t\t\t\t\t\t\t\t\t\t\t\t\t<\/div>\n\t\t\t\t<\/div>\n\t\t\t\t\t<\/div>\n\t\t<\/div>\n\t\t\t\t<div class=\"elementor-column elementor-col-66 elementor-top-column elementor-element elementor-element-7b3eeb32\" data-id=\"7b3eeb32\" data-element_type=\"column\">\n\t\t\t<div class=\"elementor-widget-wrap elementor-element-populated\">\n\t\t\t\t\t\t<div class=\"elementor-element elementor-element-401c8198 elementor-widget elementor-widget-heading\" data-id=\"401c8198\" data-element_type=\"widget\" data-widget_type=\"heading.default\">\n\t\t\t\t<div class=\"elementor-widget-container\">\n\t\t\t\t\t<h3 class=\"elementor-heading-title elementor-size-default\">PIB\u200b<\/h3>\t\t\t\t<\/div>\n\t\t\t\t<\/div>\n\t\t\t\t<div class=\"elementor-element elementor-element-7a6be431 elementor-widget elementor-widget-text-editor\" data-id=\"7a6be431\" data-element_type=\"widget\" data-widget_type=\"text-editor.default\">\n\t\t\t\t<div class=\"elementor-widget-container\">\n\t\t\t\t\t\t\t\t\t<p>Le PIB (Produit int\u00e9rieur brut) est de <strong>126905 Dollars<\/strong> internationaux par habitant ce qui classe le pays au <strong>3\u1d49<\/strong> rang mondial.<br \/><em>Source : Banque mondiale 2022.<\/em> <em>Le dollar international est une unit\u00e9 de compte (une monnaie fictive), qui poss\u00e8de le m\u00eame pouvoir d&#8217;achat dans un pays donn\u00e9 que le dollar am\u00e9ricain aux \u00c9tats-Unis, \u00e0 un moment donn\u00e9.<\/em><\/p>\t\t\t\t\t\t\t\t<\/div>\n\t\t\t\t<\/div>\n\t\t\t\t\t<\/div>\n\t\t<\/div>\n\t\t\t\t\t<\/div>\n\t\t<\/section>\n\t\t\t\t<section class=\"elementor-section elementor-top-section elementor-element elementor-element-4e0fe097 elementor-section-boxed elementor-section-height-default elementor-section-height-default\" data-id=\"4e0fe097\" data-element_type=\"section\">\n\t\t\t\t\t\t<div class=\"elementor-container elementor-column-gap-default\">\n\t\t\t\t\t<div class=\"elementor-column elementor-col-33 elementor-top-column elementor-element elementor-element-7885b954\" data-id=\"7885b954\" data-element_type=\"column\">\n\t\t\t<div class=\"elementor-widget-wrap elementor-element-populated\">\n\t\t\t\t\t\t<div class=\"elementor-element elementor-element-166436c7 elementor-widget elementor-widget-image\" data-id=\"166436c7\" data-element_type=\"widget\" data-widget_type=\"image.default\">\n\t\t\t\t<div class=\"elementor-widget-container\">\n\t\t\t\t\t\t\t\t\t\t\t\t\t\t\t<img loading=\"lazy\" decoding=\"async\" width=\"171\" height=\"142\" src=\"https:\/\/www.macapflag.com\/blog\/wp-content\/uploads\/2022\/09\/idh.jpg\" class=\"attachment-large size-large wp-image-11200\" alt=\"IDH, indice de d\u00e9veloppement humain\" \/>\t\t\t\t\t\t\t\t\t\t\t\t\t\t\t<\/div>\n\t\t\t\t<\/div>\n\t\t\t\t\t<\/div>\n\t\t<\/div>\n\t\t\t\t<div class=\"elementor-column elementor-col-66 elementor-top-column elementor-element elementor-element-6fed29fb\" data-id=\"6fed29fb\" data-element_type=\"column\">\n\t\t\t<div class=\"elementor-widget-wrap elementor-element-populated\">\n\t\t\t\t\t\t<div class=\"elementor-element elementor-element-2b9d93a5 elementor-widget elementor-widget-heading\" data-id=\"2b9d93a5\" data-element_type=\"widget\" data-widget_type=\"heading.default\">\n\t\t\t\t<div class=\"elementor-widget-container\">\n\t\t\t\t\t<h3 class=\"elementor-heading-title elementor-size-default\">IDH\u200b<\/h3>\t\t\t\t<\/div>\n\t\t\t\t<\/div>\n\t\t\t\t<div class=\"elementor-element elementor-element-526a181c elementor-widget elementor-widget-text-editor\" data-id=\"526a181c\" data-element_type=\"widget\" data-widget_type=\"text-editor.default\">\n\t\t\t\t<div class=\"elementor-widget-container\">\n\t\t\t\t\t\t\t\t\t<p>L\u2019IDH (Indice de d\u00e9veloppement humain utilis\u00e9 par l\u2019ONU pour mesurer les progr\u00e8s d\u2019un pays) \u00e9tait de <strong>0.950 pts<\/strong> en 2022 ce qui place le pays au <strong>7\u1d49<\/strong> rang sur 191 pays r\u00e9pertori\u00e9s au tableau de l\u2019IDH.<br \/><span style=\"font-weight: 400;\"><em>Source : ONU, rapport sur le d\u00e9veloppement humain 2023-2024\u00a0<\/em><\/span><\/p>\t\t\t\t\t\t\t\t<\/div>\n\t\t\t\t<\/div>\n\t\t\t\t\t<\/div>\n\t\t<\/div>\n\t\t\t\t\t<\/div>\n\t\t<\/section>\n\t\t\t\t<section class=\"elementor-section elementor-top-section elementor-element elementor-element-2c3b3aac elementor-section-boxed elementor-section-height-default elementor-section-height-default\" data-id=\"2c3b3aac\" data-element_type=\"section\">\n\t\t\t\t\t\t<div class=\"elementor-container elementor-column-gap-default\">\n\t\t\t\t\t<div class=\"elementor-column elementor-col-33 elementor-top-column elementor-element elementor-element-7301d6a2\" data-id=\"7301d6a2\" data-element_type=\"column\">\n\t\t\t<div class=\"elementor-widget-wrap elementor-element-populated\">\n\t\t\t\t\t\t<div class=\"elementor-element elementor-element-1c4fcc5b elementor-widget elementor-widget-image\" data-id=\"1c4fcc5b\" data-element_type=\"widget\" data-widget_type=\"image.default\">\n\t\t\t\t<div class=\"elementor-widget-container\">\n\t\t\t\t\t\t\t\t\t\t\t\t\t\t\t<img loading=\"lazy\" decoding=\"async\" width=\"171\" height=\"142\" src=\"https:\/\/www.macapflag.com\/blog\/wp-content\/uploads\/2022\/09\/drapeau.jpg\" class=\"attachment-large size-large wp-image-11199\" alt=\"Jour de f\u00eate nationale du pays\" \/>\t\t\t\t\t\t\t\t\t\t\t\t\t\t\t<\/div>\n\t\t\t\t<\/div>\n\t\t\t\t\t<\/div>\n\t\t<\/div>\n\t\t\t\t<div class=\"elementor-column elementor-col-66 elementor-top-column elementor-element elementor-element-5f3c34e4\" data-id=\"5f3c34e4\" data-element_type=\"column\">\n\t\t\t<div class=\"elementor-widget-wrap elementor-element-populated\">\n\t\t\t\t\t\t<div class=\"elementor-element elementor-element-a327b3d elementor-widget elementor-widget-heading\" data-id=\"a327b3d\" data-element_type=\"widget\" data-widget_type=\"heading.default\">\n\t\t\t\t<div class=\"elementor-widget-container\">\n\t\t\t\t\t<h3 class=\"elementor-heading-title elementor-size-default\">F\u00eate nationale<\/h3>\t\t\t\t<\/div>\n\t\t\t\t<\/div>\n\t\t\t\t<div class=\"elementor-element elementor-element-4ea6d238 elementor-widget elementor-widget-text-editor\" data-id=\"4ea6d238\" data-element_type=\"widget\" data-widget_type=\"text-editor.default\">\n\t\t\t\t<div class=\"elementor-widget-container\">\n\t\t\t\t\t\t\t\t\t<p><strong>Le 17 mars est en Irlande le jour de la <a href=\"https:\/\/www.macapflag.com\/blog\/saint-patrick\/\" target=\"_blank\" rel=\"noopener\"><span style=\"color: #3366ff;\">Saint-Patrick<\/span><\/a>, la f\u00eate nationale de la r\u00e9publique d&#8217;Irlande <\/strong>aux origines religieuses. <br \/>C&#8217;est une f\u00eate en l&#8217;honneur de Saint-Patrick, le missionnaire qui convertit l&#8217;Irlande au christianisme. La tradition veut que l&#8217;on soit v\u00eatu de vert (couleur du tr\u00e8fle, symbole de l&#8217;Irlande). Pour en savoir plus, consultez notre article sur la Saint-Patrick.<\/p>\t\t\t\t\t\t\t\t<\/div>\n\t\t\t\t<\/div>\n\t\t\t\t\t<\/div>\n\t\t<\/div>\n\t\t\t\t\t<\/div>\n\t\t<\/section>\n\t\t\t\t<section class=\"elementor-section elementor-top-section elementor-element elementor-element-320b14d elementor-section-boxed elementor-section-height-default elementor-section-height-default\" data-id=\"320b14d\" data-element_type=\"section\">\n\t\t\t\t\t\t<div class=\"elementor-container elementor-column-gap-default\">\n\t\t\t\t\t<div class=\"elementor-column elementor-col-33 elementor-top-column elementor-element elementor-element-9228841\" data-id=\"9228841\" data-element_type=\"column\">\n\t\t\t<div class=\"elementor-widget-wrap elementor-element-populated\">\n\t\t\t\t\t\t<div class=\"elementor-element elementor-element-08cab35 elementor-widget elementor-widget-image\" data-id=\"08cab35\" data-element_type=\"widget\" data-widget_type=\"image.default\">\n\t\t\t\t<div class=\"elementor-widget-container\">\n\t\t\t\t\t\t\t\t\t\t\t\t\t\t\t<img loading=\"lazy\" decoding=\"async\" width=\"171\" height=\"142\" src=\"https:\/\/www.macapflag.com\/blog\/wp-content\/uploads\/2024\/01\/icone-specialite-culinaire.jpg\" class=\"attachment-large size-large wp-image-15519\" alt=\"Une sp\u00e9cialit\u00e9 culinaire par pays\" \/>\t\t\t\t\t\t\t\t\t\t\t\t\t\t\t<\/div>\n\t\t\t\t<\/div>\n\t\t\t\t\t<\/div>\n\t\t<\/div>\n\t\t\t\t<div class=\"elementor-column elementor-col-66 elementor-top-column elementor-element elementor-element-a63fbe7\" data-id=\"a63fbe7\" data-element_type=\"column\">\n\t\t\t<div class=\"elementor-widget-wrap elementor-element-populated\">\n\t\t\t\t\t\t<div class=\"elementor-element elementor-element-ef41848 elementor-widget elementor-widget-heading\" data-id=\"ef41848\" data-element_type=\"widget\" data-widget_type=\"heading.default\">\n\t\t\t\t<div class=\"elementor-widget-container\">\n\t\t\t\t\t<h3 class=\"elementor-heading-title elementor-size-default\">Sp\u00e9cialit\u00e9 culinaire<\/h3>\t\t\t\t<\/div>\n\t\t\t\t<\/div>\n\t\t\t\t<div class=\"elementor-element elementor-element-a1e3abd elementor-widget elementor-widget-text-editor\" data-id=\"a1e3abd\" data-element_type=\"widget\" data-widget_type=\"text-editor.default\">\n\t\t\t\t<div class=\"elementor-widget-container\">\n\t\t\t\t\t\t\t\t\t<p>L&#8217;<strong>Irish stew<\/strong> est le plat incontournable irlandais. Ce rago\u00fbt d&#8217;agneau mijot\u00e9 est l&#8217;une des recettes les plus populaires d&#8217;Irlande.<\/p><p>Lorsque l&#8217;on pense \u00e0 l&#8217;Irlande, on pense aussi \u00e0 l&#8217;<strong>Irish coffee<\/strong> qui est une vraie sp\u00e9cialit\u00e9 irlandaise. Un cocktail pr\u00e9par\u00e9 \u00e0 base caf\u00e9 chaud, de whisky, de cr\u00e8me et de sucre roux.<\/p>\t\t\t\t\t\t\t\t<\/div>\n\t\t\t\t<\/div>\n\t\t\t\t\t<\/div>\n\t\t<\/div>\n\t\t\t\t\t<\/div>\n\t\t<\/section>\n\t\t\t\t<section class=\"elementor-section elementor-top-section elementor-element elementor-element-3ea84eb elementor-section-boxed elementor-section-height-default elementor-section-height-default\" data-id=\"3ea84eb\" data-element_type=\"section\">\n\t\t\t\t\t\t<div class=\"elementor-container elementor-column-gap-default\">\n\t\t\t\t\t<div class=\"elementor-column elementor-col-33 elementor-top-column elementor-element elementor-element-d315021\" data-id=\"d315021\" data-element_type=\"column\">\n\t\t\t<div class=\"elementor-widget-wrap elementor-element-populated\">\n\t\t\t\t\t\t<div class=\"elementor-element elementor-element-74b80f3 elementor-widget elementor-widget-image\" data-id=\"74b80f3\" data-element_type=\"widget\" data-widget_type=\"image.default\">\n\t\t\t\t<div class=\"elementor-widget-container\">\n\t\t\t\t\t\t\t\t\t\t\t\t\t\t\t<img loading=\"lazy\" decoding=\"async\" width=\"171\" height=\"142\" src=\"https:\/\/www.macapflag.com\/blog\/wp-content\/uploads\/2024\/01\/icone-personnalite.jpg\" class=\"attachment-large size-large wp-image-15518\" alt=\"Une personnalit\u00e9 par pays\" \/>\t\t\t\t\t\t\t\t\t\t\t\t\t\t\t<\/div>\n\t\t\t\t<\/div>\n\t\t\t\t\t<\/div>\n\t\t<\/div>\n\t\t\t\t<div class=\"elementor-column elementor-col-66 elementor-top-column elementor-element elementor-element-8442be4\" data-id=\"8442be4\" data-element_type=\"column\">\n\t\t\t<div class=\"elementor-widget-wrap elementor-element-populated\">\n\t\t\t\t\t\t<div class=\"elementor-element elementor-element-5c46015 elementor-widget elementor-widget-heading\" data-id=\"5c46015\" data-element_type=\"widget\" data-widget_type=\"heading.default\">\n\t\t\t\t<div class=\"elementor-widget-container\">\n\t\t\t\t\t<h3 class=\"elementor-heading-title elementor-size-default\">Personnalit\u00e9 c\u00e9l\u00e8bre<\/h3>\t\t\t\t<\/div>\n\t\t\t\t<\/div>\n\t\t\t\t<div class=\"elementor-element elementor-element-5d34390 elementor-widget elementor-widget-text-editor\" data-id=\"5d34390\" data-element_type=\"widget\" data-widget_type=\"text-editor.default\">\n\t\t\t\t<div class=\"elementor-widget-container\">\n\t\t\t\t\t\t\t\t\t<p>Les artistes cr\u00e9atifs irlandais ne manquent pas&#8230; De <strong>Sinead O\u2019Connor<\/strong> \u00e0 <strong>Bono<\/strong> avec le groupe <strong>U2<\/strong>,\u00a0 des <strong>Cranberries<\/strong> aux <strong>Corrs<\/strong>, la musique irlandaise plait au monde entier.<br \/>Dans l&#8217;univers du cin\u00e9ma, <strong>Colin Farrell, Pierce Brosnan, Liam Neeson<\/strong> ne sont que quelques exemples d&#8217;acteurs irlandais.\u00a0<\/p>\t\t\t\t\t\t\t\t<\/div>\n\t\t\t\t<\/div>\n\t\t\t\t\t<\/div>\n\t\t<\/div>\n\t\t\t\t\t<\/div>\n\t\t<\/section>\n\t\t\t\t<section class=\"elementor-section elementor-top-section elementor-element elementor-element-54e53a35 elementor-section-boxed elementor-section-height-default elementor-section-height-default\" data-id=\"54e53a35\" data-element_type=\"section\">\n\t\t\t\t\t\t<div class=\"elementor-container elementor-column-gap-default\">\n\t\t\t\t\t<div class=\"elementor-column elementor-col-100 elementor-top-column elementor-element elementor-element-2dc5714e\" data-id=\"2dc5714e\" data-element_type=\"column\">\n\t\t\t<div class=\"elementor-widget-wrap elementor-element-populated\">\n\t\t\t\t\t\t<div class=\"elementor-element elementor-element-75e82df3 elementor-widget-divider--view-line elementor-widget elementor-widget-divider\" data-id=\"75e82df3\" data-element_type=\"widget\" data-widget_type=\"divider.default\">\n\t\t\t\t<div class=\"elementor-widget-container\">\n\t\t\t\t\t\t\t<div class=\"elementor-divider\">\n\t\t\t<span class=\"elementor-divider-separator\">\n\t\t\t\t\t\t<\/span>\n\t\t<\/div>\n\t\t\t\t\t\t<\/div>\n\t\t\t\t<\/div>\n\t\t\t\t\t<\/div>\n\t\t<\/div>\n\t\t\t\t\t<\/div>\n\t\t<\/section>\n\t\t\t\t<section class=\"elementor-section elementor-top-section elementor-element elementor-element-5c438d5f elementor-section-boxed elementor-section-height-default elementor-section-height-default\" data-id=\"5c438d5f\" data-element_type=\"section\">\n\t\t\t\t\t\t<div class=\"elementor-container elementor-column-gap-default\">\n\t\t\t\t\t<div class=\"elementor-column elementor-col-100 elementor-top-column elementor-element elementor-element-794de4d2\" data-id=\"794de4d2\" data-element_type=\"column\">\n\t\t\t<div class=\"elementor-widget-wrap elementor-element-populated\">\n\t\t\t\t\t\t<div class=\"elementor-element elementor-element-4fba7907 elementor-widget elementor-widget-text-editor\" data-id=\"4fba7907\" data-element_type=\"widget\" data-widget_type=\"text-editor.default\">\n\t\t\t\t<div class=\"elementor-widget-container\">\n\t\t\t\t\t\t\t\t\t<p>On connait l\u2019Irlande pour la Saint-Patrick et la culture rugbystique du pays, pour ses habitants dr\u00f4les, accueillants et chaleureux, pour le son de la cornemuse et pour ses artistes cr\u00e9atifs. <br \/>L\u2019Irlande ce sont aussi des paysages \u00e0 couper le souffle avec une nature sauvage et pr\u00e9serv\u00e9e, des fleuves, des \u00eeles et des lacs (Dont les fameux lacs du Connemara !).<\/p>\t\t\t\t\t\t\t\t<\/div>\n\t\t\t\t<\/div>\n\t\t\t\t\t<\/div>\n\t\t<\/div>\n\t\t\t\t\t<\/div>\n\t\t<\/section>\n\t\t\t\t<section class=\"elementor-section elementor-top-section elementor-element elementor-element-1d5d3e31 elementor-section-boxed elementor-section-height-default elementor-section-height-default\" data-id=\"1d5d3e31\" data-element_type=\"section\">\n\t\t\t\t\t\t<div class=\"elementor-container elementor-column-gap-default\">\n\t\t\t\t\t<div class=\"elementor-column elementor-col-100 elementor-top-column elementor-element elementor-element-53d22f2b\" data-id=\"53d22f2b\" data-element_type=\"column\">\n\t\t\t<div class=\"elementor-widget-wrap elementor-element-populated\">\n\t\t\t\t\t\t<div class=\"elementor-element elementor-element-6c657894 elementor-widget-divider--view-line elementor-widget elementor-widget-divider\" data-id=\"6c657894\" data-element_type=\"widget\" data-widget_type=\"divider.default\">\n\t\t\t\t<div class=\"elementor-widget-container\">\n\t\t\t\t\t\t\t<div class=\"elementor-divider\">\n\t\t\t<span class=\"elementor-divider-separator\">\n\t\t\t\t\t\t<\/span>\n\t\t<\/div>\n\t\t\t\t\t\t<\/div>\n\t\t\t\t<\/div>\n\t\t\t\t\t<\/div>\n\t\t<\/div>\n\t\t\t\t\t<\/div>\n\t\t<\/section>\n\t\t\t\t<section class=\"elementor-section elementor-top-section elementor-element elementor-element-45208d7 elementor-section-boxed elementor-section-height-default elementor-section-height-default\" data-id=\"45208d7\" data-element_type=\"section\">\n\t\t\t\t\t\t<div class=\"elementor-container elementor-column-gap-default\">\n\t\t\t\t\t<div class=\"elementor-column elementor-col-100 elementor-top-column elementor-element elementor-element-43c3f8c\" data-id=\"43c3f8c\" data-element_type=\"column\">\n\t\t\t<div class=\"elementor-widget-wrap elementor-element-populated\">\n\t\t\t\t\t\t<div class=\"elementor-element elementor-element-91c1ec7 elementor-widget elementor-widget-text-editor\" data-id=\"91c1ec7\" data-element_type=\"widget\" data-widget_type=\"text-editor.default\">\n\t\t\t\t<div class=\"elementor-widget-container\">\n\t\t\t\t\t\t\t\t\t<h3>Commandez en ligne le drapeau officiel <br \/>de l&#8217;Irlande<\/h3>\t\t\t\t\t\t\t\t<\/div>\n\t\t\t\t<\/div>\n\t\t\t\t\t<\/div>\n\t\t<\/div>\n\t\t\t\t\t<\/div>\n\t\t<\/section>\n\t\t\t\t<section class=\"elementor-section elementor-top-section elementor-element elementor-element-345d511 elementor-section-boxed elementor-section-height-default elementor-section-height-default\" data-id=\"345d511\" data-element_type=\"section\">\n\t\t\t\t\t\t<div class=\"elementor-container elementor-column-gap-default\">\n\t\t\t\t\t<div class=\"elementor-column elementor-col-50 elementor-top-column elementor-element elementor-element-a41bc18\" data-id=\"a41bc18\" data-element_type=\"column\">\n\t\t\t<div class=\"elementor-widget-wrap elementor-element-populated\">\n\t\t\t\t\t\t<div class=\"elementor-element elementor-element-251944c elementor-widget elementor-widget-shortcode\" data-id=\"251944c\" data-element_type=\"widget\" data-widget_type=\"shortcode.default\">\n\t\t\t\t<div class=\"elementor-widget-container\">\n\t\t\t\t\t\t\t<div class=\"elementor-shortcode\"><div class=\"container p-0 m-0\">\n    <div class=\"row m-0 border\">\n        <div class=\"col-12 grid-didpd-body text-center\">\n            <img decoding=\"async\" src=\"https:\/\/www.macapflag.com\/1857811-home_default\/drapeau-irlande-avec-hampe-officiel.jpg\" alt=\"Drapeau officiel Irlande sur hampe\" class=\"mx-auto\" \/>\n            <div class=\"grid-didpd-text\">\n                <a href=\"https:\/\/www.macapflag.com\/drapeau-pays-avec-hampe\/791794-drapeau-irlande-avec-hampe-officiel.html\" target=\"_blank\" class=\"stretched-link\">\n                    <h3>Drapeau officiel Irlande sur hampe<\/h3>\n                <\/a>\n            <\/div>\n                        <p class=\"text-center font-weight-bold\">18,50 \u20ac HT<\/p>            <div class=\"text-center\">\n                <button class=\"btn btn-primary\">J'ach\u00e8te en ligne<\/button>\n            <\/div>\n        <\/div>\n    <\/div>\n<\/div>\n<\/div>\n\t\t\t\t\t\t<\/div>\n\t\t\t\t<\/div>\n\t\t\t\t\t<\/div>\n\t\t<\/div>\n\t\t\t\t<div class=\"elementor-column elementor-col-50 elementor-top-column elementor-element elementor-element-21977af\" data-id=\"21977af\" data-element_type=\"column\">\n\t\t\t<div class=\"elementor-widget-wrap elementor-element-populated\">\n\t\t\t\t\t\t<div class=\"elementor-element elementor-element-af887ed elementor-widget elementor-widget-shortcode\" data-id=\"af887ed\" data-element_type=\"widget\" data-widget_type=\"shortcode.default\">\n\t\t\t\t<div class=\"elementor-widget-container\">\n\t\t\t\t\t\t\t<div class=\"elementor-shortcode\"><div class=\"container p-0 m-0\">\n    <div class=\"row m-0 border\">\n        <div class=\"col-12 grid-didpd-body text-center\">\n            <img decoding=\"async\" src=\"https:\/\/www.macapflag.com\/1857510-home_default\/drapeau-irlande-officiel.jpg\" alt=\"Drapeau officiel Irlande pour m&acirc;t\" class=\"mx-auto\" \/>\n            <div class=\"grid-didpd-text\">\n                <a href=\"https:\/\/www.macapflag.com\/drapeau-pays-pour-mat\/898-drapeau-irlande-officiel.html\" target=\"_blank\" class=\"stretched-link\">\n                    <h3>Drapeau officiel Irlande pour m\u00e2t<\/h3>\n                <\/a>\n            <\/div>\n                        <p class=\"text-center font-weight-bold\">13,50 \u20ac HT<\/p>            <div class=\"text-center\">\n                <button class=\"btn btn-primary\">J'ach\u00e8te en ligne<\/button>\n            <\/div>\n        <\/div>\n    <\/div>\n<\/div>\n<\/div>\n\t\t\t\t\t\t<\/div>\n\t\t\t\t<\/div>\n\t\t\t\t\t<\/div>\n\t\t<\/div>\n\t\t\t\t\t<\/div>\n\t\t<\/section>\n\t\t\t\t<\/div>\n\t\t","protected":false},"excerpt":{"rendered":"<div class=\"tmnf_excerpt\"><p>8 infos cl\u00e9s sur l&#8217;Irlande en 2026 Localisation\u200b L\u2019Irlande est un pays d\u2019Europe. La R\u00e9publique d&#8217;Irlande occupe la majeure partie de l&#8217;\u00eele au large des c\u00f4tes de l&#8217;Angleterre et du Pays de Galles. Sa capitale est Dublin. Population\u200b 5.3 millions d\u2019habitants (source banque mondiale), ce qui place le pays au 121\u1d49 rang mondial.Source : Banque &hellip;<\/p>\n<\/div>","protected":false},"author":2,"featured_media":15922,"comment_status":"closed","ping_status":"open","sticky":false,"template":"template-fullwidth.php","format":"standard","meta":{"footnotes":""},"categories":[92],"tags":[],"class_list":["post-15936","post","type-post","status-publish","format-standard","has-post-thumbnail","hentry","category-news"],"yoast_head":"<!-- This site is optimized with the Yoast SEO plugin v26.4 - https:\/\/yoast.com\/wordpress\/plugins\/seo\/ -->\n<title>Le 17 mars en Irlande, on f\u00eate la Saint-Patrick, f\u00eate nationale<\/title>\n<meta name=\"description\" content=\"8 infos cl\u00e9s sur l&#039;Irlande qui c\u00e9l\u00e8bre sa f\u00eate nationale le 17 mars. La Saint-Patrick des Irlandais est c\u00e9l\u00e9br\u00e9e partout dans le monde\" \/>\n<meta name=\"robots\" content=\"index, follow, max-snippet:-1, max-image-preview:large, max-video-preview:-1\" \/>\n<link rel=\"canonical\" href=\"https:\/\/www.macapflag.com\/blog\/irlande\/\" \/>\n<meta property=\"og:locale\" content=\"fr_FR\" \/>\n<meta property=\"og:type\" content=\"article\" \/>\n<meta property=\"og:title\" content=\"Le 17 mars en Irlande, on f\u00eate la Saint-Patrick, f\u00eate nationale\" \/>\n<meta property=\"og:description\" content=\"8 infos cl\u00e9s sur l&#039;Irlande qui c\u00e9l\u00e8bre sa f\u00eate nationale le 17 mars. La Saint-Patrick des Irlandais est c\u00e9l\u00e9br\u00e9e partout dans le monde\" \/>\n<meta property=\"og:url\" content=\"https:\/\/www.macapflag.com\/blog\/irlande\/\" \/>\n<meta property=\"og:site_name\" content=\"Blog - Macap\" \/>\n<meta property=\"article:publisher\" content=\"https:\/\/www.facebook.com\/macap.pavoisement\/\" \/>\n<meta property=\"article:published_time\" content=\"2026-03-17T07:02:30+00:00\" \/>\n<meta property=\"og:image\" content=\"https:\/\/www.macapflag.com\/blog\/wp-content\/uploads\/2024\/02\/TITRE-irlande.jpg\" \/>\n\t<meta property=\"og:image:width\" content=\"870\" \/>\n\t<meta property=\"og:image:height\" content=\"600\" \/>\n\t<meta property=\"og:image:type\" content=\"image\/jpeg\" \/>\n<meta name=\"author\" content=\"Blog Macap\" \/>\n<meta name=\"twitter:card\" content=\"summary_large_image\" \/>\n<meta name=\"twitter:label1\" content=\"\u00c9crit par\" \/>\n\t<meta name=\"twitter:data1\" content=\"Blog Macap\" \/>\n\t<meta name=\"twitter:label2\" content=\"Dur\u00e9e de lecture estim\u00e9e\" \/>\n\t<meta name=\"twitter:data2\" content=\"4 minutes\" \/>\n<script type=\"application\/ld+json\" class=\"yoast-schema-graph\">{\"@context\":\"https:\/\/schema.org\",\"@graph\":[{\"@type\":\"Article\",\"@id\":\"https:\/\/www.macapflag.com\/blog\/irlande\/#article\",\"isPartOf\":{\"@id\":\"https:\/\/www.macapflag.com\/blog\/irlande\/\"},\"author\":{\"name\":\"Blog Macap\",\"@id\":\"https:\/\/www.macapflag.com\/blog\/#\/schema\/person\/3fea701f2603875e651e6b662578fc3c\"},\"headline\":\"Un jour, un pays. Le 17 mars en Irlande\",\"datePublished\":\"2026-03-17T07:02:30+00:00\",\"mainEntityOfPage\":{\"@id\":\"https:\/\/www.macapflag.com\/blog\/irlande\/\"},\"wordCount\":479,\"publisher\":{\"@id\":\"https:\/\/www.macapflag.com\/blog\/#organization\"},\"image\":{\"@id\":\"https:\/\/www.macapflag.com\/blog\/irlande\/#primaryimage\"},\"thumbnailUrl\":\"https:\/\/www.macapflag.com\/blog\/wp-content\/uploads\/2024\/02\/TITRE-irlande.jpg\",\"articleSection\":[\"News &amp; Actu\"],\"inLanguage\":\"fr-FR\"},{\"@type\":\"WebPage\",\"@id\":\"https:\/\/www.macapflag.com\/blog\/irlande\/\",\"url\":\"https:\/\/www.macapflag.com\/blog\/irlande\/\",\"name\":\"Le 17 mars en Irlande, on f\u00eate la Saint-Patrick, f\u00eate nationale\",\"isPartOf\":{\"@id\":\"https:\/\/www.macapflag.com\/blog\/#website\"},\"primaryImageOfPage\":{\"@id\":\"https:\/\/www.macapflag.com\/blog\/irlande\/#primaryimage\"},\"image\":{\"@id\":\"https:\/\/www.macapflag.com\/blog\/irlande\/#primaryimage\"},\"thumbnailUrl\":\"https:\/\/www.macapflag.com\/blog\/wp-content\/uploads\/2024\/02\/TITRE-irlande.jpg\",\"datePublished\":\"2026-03-17T07:02:30+00:00\",\"description\":\"8 infos cl\u00e9s sur l'Irlande qui c\u00e9l\u00e8bre sa f\u00eate nationale le 17 mars. La Saint-Patrick des Irlandais est c\u00e9l\u00e9br\u00e9e partout dans le monde\",\"breadcrumb\":{\"@id\":\"https:\/\/www.macapflag.com\/blog\/irlande\/#breadcrumb\"},\"inLanguage\":\"fr-FR\",\"potentialAction\":[{\"@type\":\"ReadAction\",\"target\":[\"https:\/\/www.macapflag.com\/blog\/irlande\/\"]}]},{\"@type\":\"ImageObject\",\"inLanguage\":\"fr-FR\",\"@id\":\"https:\/\/www.macapflag.com\/blog\/irlande\/#primaryimage\",\"url\":\"https:\/\/www.macapflag.com\/blog\/wp-content\/uploads\/2024\/02\/TITRE-irlande.jpg\",\"contentUrl\":\"https:\/\/www.macapflag.com\/blog\/wp-content\/uploads\/2024\/02\/TITRE-irlande.jpg\",\"width\":870,\"height\":600,\"caption\":\"8 infos cl\u00e9s sur l'Irlande en 2024\"},{\"@type\":\"BreadcrumbList\",\"@id\":\"https:\/\/www.macapflag.com\/blog\/irlande\/#breadcrumb\",\"itemListElement\":[{\"@type\":\"ListItem\",\"position\":1,\"name\":\"Accueil\",\"item\":\"https:\/\/www.macapflag.com\/blog\/\"},{\"@type\":\"ListItem\",\"position\":2,\"name\":\"Un jour, un pays. Le 17 mars en Irlande\"}]},{\"@type\":\"WebSite\",\"@id\":\"https:\/\/www.macapflag.com\/blog\/#website\",\"url\":\"https:\/\/www.macapflag.com\/blog\/\",\"name\":\"Blog - Macap\",\"description\":\"Tous nos articles\",\"publisher\":{\"@id\":\"https:\/\/www.macapflag.com\/blog\/#organization\"},\"potentialAction\":[{\"@type\":\"SearchAction\",\"target\":{\"@type\":\"EntryPoint\",\"urlTemplate\":\"https:\/\/www.macapflag.com\/blog\/?s={search_term_string}\"},\"query-input\":{\"@type\":\"PropertyValueSpecification\",\"valueRequired\":true,\"valueName\":\"search_term_string\"}}],\"inLanguage\":\"fr-FR\"},{\"@type\":\"Organization\",\"@id\":\"https:\/\/www.macapflag.com\/blog\/#organization\",\"name\":\"macapflag\",\"url\":\"https:\/\/www.macapflag.com\/blog\/\",\"logo\":{\"@type\":\"ImageObject\",\"inLanguage\":\"fr-FR\",\"@id\":\"https:\/\/www.macapflag.com\/blog\/#\/schema\/logo\/image\/\",\"url\":\"https:\/\/www.macapflag.com\/blog\/wp-content\/uploads\/2020\/12\/cropped-M-512-1.png\",\"contentUrl\":\"https:\/\/www.macapflag.com\/blog\/wp-content\/uploads\/2020\/12\/cropped-M-512-1.png\",\"width\":512,\"height\":512,\"caption\":\"macapflag\"},\"image\":{\"@id\":\"https:\/\/www.macapflag.com\/blog\/#\/schema\/logo\/image\/\"},\"sameAs\":[\"https:\/\/www.facebook.com\/macap.pavoisement\/\",\"https:\/\/www.instagram.com\/macapflag\/?hl=fr\",\"https:\/\/www.linkedin.com\/company\/macap\/?originalSubdomain=fr\",\"https:\/\/www.youtube.com\/channel\/UCXNzTIdZh9poEBjSXEqDtNw\"]},{\"@type\":\"Person\",\"@id\":\"https:\/\/www.macapflag.com\/blog\/#\/schema\/person\/3fea701f2603875e651e6b662578fc3c\",\"name\":\"Blog Macap\",\"image\":{\"@type\":\"ImageObject\",\"inLanguage\":\"fr-FR\",\"@id\":\"https:\/\/www.macapflag.com\/blog\/#\/schema\/person\/image\/\",\"url\":\"https:\/\/secure.gravatar.com\/avatar\/c12551f2dc51f0db049633b03e7856985477a70da834cc8967dea4ce54bdd6a2?s=96&d=mm&r=g\",\"contentUrl\":\"https:\/\/secure.gravatar.com\/avatar\/c12551f2dc51f0db049633b03e7856985477a70da834cc8967dea4ce54bdd6a2?s=96&d=mm&r=g\",\"caption\":\"Blog Macap\"},\"url\":\"https:\/\/www.macapflag.com\/blog\/author\/macap\/\"}]}<\/script>\n<!-- \/ Yoast SEO plugin. -->","yoast_head_json":{"title":"Le 17 mars en Irlande, on f\u00eate la Saint-Patrick, f\u00eate nationale","description":"8 infos cl\u00e9s sur l'Irlande qui c\u00e9l\u00e8bre sa f\u00eate nationale le 17 mars. La Saint-Patrick des Irlandais est c\u00e9l\u00e9br\u00e9e partout dans le monde","robots":{"index":"index","follow":"follow","max-snippet":"max-snippet:-1","max-image-preview":"max-image-preview:large","max-video-preview":"max-video-preview:-1"},"canonical":"https:\/\/www.macapflag.com\/blog\/irlande\/","og_locale":"fr_FR","og_type":"article","og_title":"Le 17 mars en Irlande, on f\u00eate la Saint-Patrick, f\u00eate nationale","og_description":"8 infos cl\u00e9s sur l'Irlande qui c\u00e9l\u00e8bre sa f\u00eate nationale le 17 mars. La Saint-Patrick des Irlandais est c\u00e9l\u00e9br\u00e9e partout dans le monde","og_url":"https:\/\/www.macapflag.com\/blog\/irlande\/","og_site_name":"Blog - Macap","article_publisher":"https:\/\/www.facebook.com\/macap.pavoisement\/","article_published_time":"2026-03-17T07:02:30+00:00","og_image":[{"width":870,"height":600,"url":"https:\/\/www.macapflag.com\/blog\/wp-content\/uploads\/2024\/02\/TITRE-irlande.jpg","type":"image\/jpeg"}],"author":"Blog Macap","twitter_card":"summary_large_image","twitter_misc":{"\u00c9crit par":"Blog Macap","Dur\u00e9e de lecture estim\u00e9e":"4 minutes"},"schema":{"@context":"https:\/\/schema.org","@graph":[{"@type":"Article","@id":"https:\/\/www.macapflag.com\/blog\/irlande\/#article","isPartOf":{"@id":"https:\/\/www.macapflag.com\/blog\/irlande\/"},"author":{"name":"Blog Macap","@id":"https:\/\/www.macapflag.com\/blog\/#\/schema\/person\/3fea701f2603875e651e6b662578fc3c"},"headline":"Un jour, un pays. Le 17 mars en Irlande","datePublished":"2026-03-17T07:02:30+00:00","mainEntityOfPage":{"@id":"https:\/\/www.macapflag.com\/blog\/irlande\/"},"wordCount":479,"publisher":{"@id":"https:\/\/www.macapflag.com\/blog\/#organization"},"image":{"@id":"https:\/\/www.macapflag.com\/blog\/irlande\/#primaryimage"},"thumbnailUrl":"https:\/\/www.macapflag.com\/blog\/wp-content\/uploads\/2024\/02\/TITRE-irlande.jpg","articleSection":["News &amp; Actu"],"inLanguage":"fr-FR"},{"@type":"WebPage","@id":"https:\/\/www.macapflag.com\/blog\/irlande\/","url":"https:\/\/www.macapflag.com\/blog\/irlande\/","name":"Le 17 mars en Irlande, on f\u00eate la Saint-Patrick, f\u00eate nationale","isPartOf":{"@id":"https:\/\/www.macapflag.com\/blog\/#website"},"primaryImageOfPage":{"@id":"https:\/\/www.macapflag.com\/blog\/irlande\/#primaryimage"},"image":{"@id":"https:\/\/www.macapflag.com\/blog\/irlande\/#primaryimage"},"thumbnailUrl":"https:\/\/www.macapflag.com\/blog\/wp-content\/uploads\/2024\/02\/TITRE-irlande.jpg","datePublished":"2026-03-17T07:02:30+00:00","description":"8 infos cl\u00e9s sur l'Irlande qui c\u00e9l\u00e8bre sa f\u00eate nationale le 17 mars. La Saint-Patrick des Irlandais est c\u00e9l\u00e9br\u00e9e partout dans le monde","breadcrumb":{"@id":"https:\/\/www.macapflag.com\/blog\/irlande\/#breadcrumb"},"inLanguage":"fr-FR","potentialAction":[{"@type":"ReadAction","target":["https:\/\/www.macapflag.com\/blog\/irlande\/"]}]},{"@type":"ImageObject","inLanguage":"fr-FR","@id":"https:\/\/www.macapflag.com\/blog\/irlande\/#primaryimage","url":"https:\/\/www.macapflag.com\/blog\/wp-content\/uploads\/2024\/02\/TITRE-irlande.jpg","contentUrl":"https:\/\/www.macapflag.com\/blog\/wp-content\/uploads\/2024\/02\/TITRE-irlande.jpg","width":870,"height":600,"caption":"8 infos cl\u00e9s sur l'Irlande en 2024"},{"@type":"BreadcrumbList","@id":"https:\/\/www.macapflag.com\/blog\/irlande\/#breadcrumb","itemListElement":[{"@type":"ListItem","position":1,"name":"Accueil","item":"https:\/\/www.macapflag.com\/blog\/"},{"@type":"ListItem","position":2,"name":"Un jour, un pays. Le 17 mars en Irlande"}]},{"@type":"WebSite","@id":"https:\/\/www.macapflag.com\/blog\/#website","url":"https:\/\/www.macapflag.com\/blog\/","name":"Blog - Macap","description":"Tous nos articles","publisher":{"@id":"https:\/\/www.macapflag.com\/blog\/#organization"},"potentialAction":[{"@type":"SearchAction","target":{"@type":"EntryPoint","urlTemplate":"https:\/\/www.macapflag.com\/blog\/?s={search_term_string}"},"query-input":{"@type":"PropertyValueSpecification","valueRequired":true,"valueName":"search_term_string"}}],"inLanguage":"fr-FR"},{"@type":"Organization","@id":"https:\/\/www.macapflag.com\/blog\/#organization","name":"macapflag","url":"https:\/\/www.macapflag.com\/blog\/","logo":{"@type":"ImageObject","inLanguage":"fr-FR","@id":"https:\/\/www.macapflag.com\/blog\/#\/schema\/logo\/image\/","url":"https:\/\/www.macapflag.com\/blog\/wp-content\/uploads\/2020\/12\/cropped-M-512-1.png","contentUrl":"https:\/\/www.macapflag.com\/blog\/wp-content\/uploads\/2020\/12\/cropped-M-512-1.png","width":512,"height":512,"caption":"macapflag"},"image":{"@id":"https:\/\/www.macapflag.com\/blog\/#\/schema\/logo\/image\/"},"sameAs":["https:\/\/www.facebook.com\/macap.pavoisement\/","https:\/\/www.instagram.com\/macapflag\/?hl=fr","https:\/\/www.linkedin.com\/company\/macap\/?originalSubdomain=fr","https:\/\/www.youtube.com\/channel\/UCXNzTIdZh9poEBjSXEqDtNw"]},{"@type":"Person","@id":"https:\/\/www.macapflag.com\/blog\/#\/schema\/person\/3fea701f2603875e651e6b662578fc3c","name":"Blog Macap","image":{"@type":"ImageObject","inLanguage":"fr-FR","@id":"https:\/\/www.macapflag.com\/blog\/#\/schema\/person\/image\/","url":"https:\/\/secure.gravatar.com\/avatar\/c12551f2dc51f0db049633b03e7856985477a70da834cc8967dea4ce54bdd6a2?s=96&d=mm&r=g","contentUrl":"https:\/\/secure.gravatar.com\/avatar\/c12551f2dc51f0db049633b03e7856985477a70da834cc8967dea4ce54bdd6a2?s=96&d=mm&r=g","caption":"Blog Macap"},"url":"https:\/\/www.macapflag.com\/blog\/author\/macap\/"}]}},"_links":{"self":[{"href":"https:\/\/www.macapflag.com\/blog\/wp-json\/wp\/v2\/posts\/15936","targetHints":{"allow":["GET"]}}],"collection":[{"href":"https:\/\/www.macapflag.com\/blog\/wp-json\/wp\/v2\/posts"}],"about":[{"href":"https:\/\/www.macapflag.com\/blog\/wp-json\/wp\/v2\/types\/post"}],"author":[{"embeddable":true,"href":"https:\/\/www.macapflag.com\/blog\/wp-json\/wp\/v2\/users\/2"}],"replies":[{"embeddable":true,"href":"https:\/\/www.macapflag.com\/blog\/wp-json\/wp\/v2\/comments?post=15936"}],"version-history":[{"count":8,"href":"https:\/\/www.macapflag.com\/blog\/wp-json\/wp\/v2\/posts\/15936\/revisions"}],"predecessor-version":[{"id":21726,"href":"https:\/\/www.macapflag.com\/blog\/wp-json\/wp\/v2\/posts\/15936\/revisions\/21726"}],"wp:featuredmedia":[{"embeddable":true,"href":"https:\/\/www.macapflag.com\/blog\/wp-json\/wp\/v2\/media\/15922"}],"wp:attachment":[{"href":"https:\/\/www.macapflag.com\/blog\/wp-json\/wp\/v2\/media?parent=15936"}],"wp:term":[{"taxonomy":"category","embeddable":true,"href":"https:\/\/www.macapflag.com\/blog\/wp-json\/wp\/v2\/categories?post=15936"},{"taxonomy":"post_tag","embeddable":true,"href":"https:\/\/www.macapflag.com\/blog\/wp-json\/wp\/v2\/tags?post=15936"}],"curies":[{"name":"wp","href":"https:\/\/api.w.org\/{rel}","templated":true}]}}