{"id":16036,"date":"2025-02-13T08:18:19","date_gmt":"2025-02-13T07:18:19","guid":{"rendered":"https:\/\/www.macapflag.com\/blog\/?p=16036"},"modified":"2025-02-13T08:18:19","modified_gmt":"2025-02-13T07:18:19","slug":"radio","status":"publish","type":"post","link":"https:\/\/www.macapflag.com\/blog\/radio\/","title":{"rendered":"Le 13 f\u00e9vrier, c&#8217;est la journ\u00e9e mondiale de la radio"},"content":{"rendered":"\t\t<div data-elementor-type=\"wp-post\" data-elementor-id=\"16036\" class=\"elementor elementor-16036\">\n\t\t\t\t\t\t<section class=\"elementor-section elementor-top-section elementor-element elementor-element-701326f elementor-section-boxed elementor-section-height-default elementor-section-height-default\" data-id=\"701326f\" data-element_type=\"section\">\n\t\t\t\t\t\t<div class=\"elementor-container elementor-column-gap-default\">\n\t\t\t\t\t<div class=\"elementor-column elementor-col-100 elementor-top-column elementor-element elementor-element-7914e15\" data-id=\"7914e15\" data-element_type=\"column\">\n\t\t\t<div class=\"elementor-widget-wrap elementor-element-populated\">\n\t\t\t\t\t\t<div class=\"elementor-element elementor-element-cbc2082 elementor-widget elementor-widget-text-editor\" data-id=\"cbc2082\" data-element_type=\"widget\" data-widget_type=\"text-editor.default\">\n\t\t\t\t<div class=\"elementor-widget-container\">\n\t\t\t\t\t\t\t\t\t<p>Le saviez-vous ? L\u2019Organisation des Nations Unies pour l\u2019\u00e9ducation, la science et la culture, plus connue sous l\u2019acronyme UNESCO, c\u00e9l\u00e8bre plus de 200 journ\u00e9es et semaines internationales chaque ann\u00e9e. <br \/>Ces journ\u00e9es visent \u00e0 comm\u00e9morer des \u00e9v\u00e8nements ou \u00e0 promouvoir certains th\u00e8mes et actions. Cette liste des journ\u00e9es et semaines internationales est r\u00e9guli\u00e8rement actualis\u00e9e.<br \/>En 2011, la Conf\u00e9rence g\u00e9n\u00e9rale de l&#8217;UNESCO a proclam\u00e9 la <strong>Journ\u00e9e mondiale de la radio le 13 f\u00e9vrier.<\/strong><\/p>\t\t\t\t\t\t\t\t<\/div>\n\t\t\t\t<\/div>\n\t\t\t\t\t<\/div>\n\t\t<\/div>\n\t\t\t\t\t<\/div>\n\t\t<\/section>\n\t\t\t\t<section class=\"elementor-section elementor-top-section elementor-element elementor-element-0bafa9e elementor-section-boxed elementor-section-height-default elementor-section-height-default\" data-id=\"0bafa9e\" data-element_type=\"section\">\n\t\t\t\t\t\t<div class=\"elementor-container elementor-column-gap-default\">\n\t\t\t\t\t<div class=\"elementor-column elementor-col-100 elementor-top-column elementor-element elementor-element-02e2463\" data-id=\"02e2463\" data-element_type=\"column\">\n\t\t\t<div class=\"elementor-widget-wrap elementor-element-populated\">\n\t\t\t\t\t\t<div class=\"elementor-element elementor-element-543e3ab elementor-widget elementor-widget-text-editor\" data-id=\"543e3ab\" data-element_type=\"widget\" data-widget_type=\"text-editor.default\">\n\t\t\t\t<div class=\"elementor-widget-container\">\n\t\t\t\t\t\t\t\t\t<h2>Pourquoi existe-t-il une journ\u00e9e mondiale de la radio ?<\/h2>\t\t\t\t\t\t\t\t<\/div>\n\t\t\t\t<\/div>\n\t\t\t\t\t<\/div>\n\t\t<\/div>\n\t\t\t\t\t<\/div>\n\t\t<\/section>\n\t\t\t\t<section class=\"elementor-section elementor-top-section elementor-element elementor-element-0319254 elementor-section-boxed elementor-section-height-default elementor-section-height-default\" data-id=\"0319254\" data-element_type=\"section\">\n\t\t\t\t\t\t<div class=\"elementor-container elementor-column-gap-default\">\n\t\t\t\t\t<div class=\"elementor-column elementor-col-100 elementor-top-column elementor-element elementor-element-a65ec74\" data-id=\"a65ec74\" data-element_type=\"column\">\n\t\t\t<div class=\"elementor-widget-wrap elementor-element-populated\">\n\t\t\t\t\t\t<div class=\"elementor-element elementor-element-9ffec08 elementor-widget elementor-widget-text-editor\" data-id=\"9ffec08\" data-element_type=\"widget\" data-widget_type=\"text-editor.default\">\n\t\t\t\t<div class=\"elementor-widget-container\">\n\t\t\t\t\t\t\t\t\t<p><em>\u201cEn cette Journ\u00e9e mondiale, c\u2019est le pouvoir de la radio pour nourrir et construire la paix que nous c\u00e9l\u00e9brons.\u201d<\/em> Cette citation d\u2019Audrey Azoulay, Directrice G\u00e9n\u00e9rale de l\u2019Unesco, illustre parfaitement le r\u00f4le que peuvent jouer les radios ind\u00e9pendantes dans la pr\u00e9vention des conflits et dans le maintien et la consolidation de la paix au sein des \u00c9tats.<br \/>En informant gratuitement et librement ses auditeurs, les radios ind\u00e9pendantes \u00e9clairent et influencent l\u2019opinion publique sur la situation et sur l\u2019actualit\u00e9 nationale et internationale.<br \/>En cr\u00e9ant cette journ\u00e9e mondiale d\u00e9di\u00e9e \u00e0 la radio, l\u2019UNESCO souhaite sensibiliser le monde \u00e0 l\u2019importance de la radio et \u00e0 la puissance de ce m\u00e9dia pour participer au d\u00e9veloppement et \u00e0 la stabilit\u00e9 des d\u00e9mocraties.<\/p><p>En cette journ\u00e9e de mise en lumi\u00e8re de la radio, d\u00e9cryptons l\u2019histoire et le r\u00f4le de ce m\u00e9dia.<\/p>\t\t\t\t\t\t\t\t<\/div>\n\t\t\t\t<\/div>\n\t\t\t\t\t<\/div>\n\t\t<\/div>\n\t\t\t\t\t<\/div>\n\t\t<\/section>\n\t\t\t\t<section class=\"elementor-section elementor-top-section elementor-element elementor-element-44de769 elementor-section-boxed elementor-section-height-default elementor-section-height-default\" data-id=\"44de769\" data-element_type=\"section\">\n\t\t\t\t\t\t<div class=\"elementor-container elementor-column-gap-default\">\n\t\t\t\t\t<div class=\"elementor-column elementor-col-100 elementor-top-column elementor-element elementor-element-ac0e223\" data-id=\"ac0e223\" data-element_type=\"column\">\n\t\t\t<div class=\"elementor-widget-wrap elementor-element-populated\">\n\t\t\t\t\t\t<div class=\"elementor-element elementor-element-fea01c6 elementor-widget elementor-widget-text-editor\" data-id=\"fea01c6\" data-element_type=\"widget\" data-widget_type=\"text-editor.default\">\n\t\t\t\t<div class=\"elementor-widget-container\">\n\t\t\t\t\t\t\t\t\t<h2>Quelles sont les origines de l\u2019invention de la radio ?<\/h2>\t\t\t\t\t\t\t\t<\/div>\n\t\t\t\t<\/div>\n\t\t\t\t\t<\/div>\n\t\t<\/div>\n\t\t\t\t\t<\/div>\n\t\t<\/section>\n\t\t\t\t<section class=\"elementor-section elementor-top-section elementor-element elementor-element-693d844 elementor-section-boxed elementor-section-height-default elementor-section-height-default\" data-id=\"693d844\" data-element_type=\"section\">\n\t\t\t\t\t\t<div class=\"elementor-container elementor-column-gap-default\">\n\t\t\t\t\t<div class=\"elementor-column elementor-col-100 elementor-top-column elementor-element elementor-element-ea306e6\" data-id=\"ea306e6\" data-element_type=\"column\">\n\t\t\t<div class=\"elementor-widget-wrap elementor-element-populated\">\n\t\t\t\t\t\t<div class=\"elementor-element elementor-element-1dec430 elementor-widget elementor-widget-text-editor\" data-id=\"1dec430\" data-element_type=\"widget\" data-widget_type=\"text-editor.default\">\n\t\t\t\t<div class=\"elementor-widget-container\">\n\t\t\t\t\t\t\t\t\t<p>D\u2019un point de vue technique, l&#8217;invention de la radio remonte \u00e0 la fin du XIX\u1d49 et le d\u00e9but du XX\u1d49 si\u00e8cle. Elle r\u00e9sulte d\u2019un travail collectif qui part de la d\u00e9couverte des ondes \u00e9lectromagn\u00e9tiques et de l&#8217;invention du t\u00e9l\u00e9graphe pour aboutir aux premiers mat\u00e9riels utilisables pour communiquer sans fil.<br \/>Jusqu\u2019au d\u00e9but du XX\u1d49 si\u00e8cle, l\u2019usage de la radio \u00e9tait r\u00e9serv\u00e9 au monde militaire et maritime. Les PTT utilisent \u00e9galement la TSF pour des liaisons de t\u00e9l\u00e9graphie. <br \/>En mai 1914, l\u2019histoire de la TSF (T\u00e9l\u00e9graphie Sans Fil) d\u00e9bute en Belgique, une premi\u00e8re radio diffuse des \u00e9missions de mani\u00e8re r\u00e9guli\u00e8re, telles que des concerts. <br \/>Petit \u00e0 petit, les \u00e9missions radio se d\u00e9veloppent dans diff\u00e9rents pays et les premiers autoradios apparaissent dans les ann\u00e9es 30.<br \/>La seconde guerre mondiale donne lieu \u00e0 de nombreuses innovations technologiques qui seront ensuite r\u00e9cup\u00e9r\u00e9es pour des usages publics.<br \/>Les premiers transistors apparaissent dans les ann\u00e9es 50, transformant ainsi l\u2019\u00e9coute collective et familiale de la radio en \u00e9coute individuelle et nomade. On peut d\u00e9sormais \u00e9couter la radio o\u00f9 on veut et quand on veut. <\/p>\t\t\t\t\t\t\t\t<\/div>\n\t\t\t\t<\/div>\n\t\t\t\t\t<\/div>\n\t\t<\/div>\n\t\t\t\t\t<\/div>\n\t\t<\/section>\n\t\t\t\t<section class=\"elementor-section elementor-top-section elementor-element elementor-element-9335a56 elementor-section-boxed elementor-section-height-default elementor-section-height-default\" data-id=\"9335a56\" data-element_type=\"section\">\n\t\t\t\t\t\t<div class=\"elementor-container elementor-column-gap-default\">\n\t\t\t\t\t<div class=\"elementor-column elementor-col-100 elementor-top-column elementor-element elementor-element-145d793\" data-id=\"145d793\" data-element_type=\"column\">\n\t\t\t<div class=\"elementor-widget-wrap elementor-element-populated\">\n\t\t\t\t\t\t<div class=\"elementor-element elementor-element-817111a elementor-widget-divider--view-line elementor-widget elementor-widget-divider\" data-id=\"817111a\" data-element_type=\"widget\" data-widget_type=\"divider.default\">\n\t\t\t\t<div class=\"elementor-widget-container\">\n\t\t\t\t\t\t\t<div class=\"elementor-divider\">\n\t\t\t<span class=\"elementor-divider-separator\">\n\t\t\t\t\t\t<\/span>\n\t\t<\/div>\n\t\t\t\t\t\t<\/div>\n\t\t\t\t<\/div>\n\t\t\t\t\t<\/div>\n\t\t<\/div>\n\t\t\t\t\t<\/div>\n\t\t<\/section>\n\t\t\t\t<section class=\"elementor-section elementor-top-section elementor-element elementor-element-d3fec4c elementor-section-boxed elementor-section-height-default elementor-section-height-default\" data-id=\"d3fec4c\" data-element_type=\"section\">\n\t\t\t\t\t\t<div class=\"elementor-container elementor-column-gap-default\">\n\t\t\t\t\t<div class=\"elementor-column elementor-col-100 elementor-top-column elementor-element elementor-element-8d05c91\" data-id=\"8d05c91\" data-element_type=\"column\">\n\t\t\t<div class=\"elementor-widget-wrap elementor-element-populated\">\n\t\t\t\t\t\t<div class=\"elementor-element elementor-element-d2842b4 elementor-widget elementor-widget-text-editor\" data-id=\"d2842b4\" data-element_type=\"widget\" data-widget_type=\"text-editor.default\">\n\t\t\t\t<div class=\"elementor-widget-container\">\n\t\t\t\t\t\t\t\t\t<h2>Quelle est l\u2019histoire de la radio en France ?<\/h2>\t\t\t\t\t\t\t\t<\/div>\n\t\t\t\t<\/div>\n\t\t\t\t\t<\/div>\n\t\t<\/div>\n\t\t\t\t\t<\/div>\n\t\t<\/section>\n\t\t\t\t<section class=\"elementor-section elementor-top-section elementor-element elementor-element-cb0945e elementor-section-boxed elementor-section-height-default elementor-section-height-default\" data-id=\"cb0945e\" data-element_type=\"section\">\n\t\t\t\t\t\t<div class=\"elementor-container elementor-column-gap-default\">\n\t\t\t\t\t<div class=\"elementor-column elementor-col-100 elementor-top-column elementor-element elementor-element-8fd5557\" data-id=\"8fd5557\" data-element_type=\"column\">\n\t\t\t<div class=\"elementor-widget-wrap elementor-element-populated\">\n\t\t\t\t\t\t<div class=\"elementor-element elementor-element-84dfde1 elementor-widget elementor-widget-text-editor\" data-id=\"84dfde1\" data-element_type=\"widget\" data-widget_type=\"text-editor.default\">\n\t\t\t\t<div class=\"elementor-widget-container\">\n\t\t\t\t\t\t\t\t\t<p>C\u2019est pendant la p\u00e9riode de l\u2019entre-deux guerres que la radio s\u2019est d\u00e9velopp\u00e9e en France, m\u00eame si certains essais avaient \u00e9t\u00e9 r\u00e9alis\u00e9s \u00e0 titre public pr\u00e9c\u00e9demment. <br \/>. La premi\u00e8re \u00e9mission de radio en France destin\u00e9e au public a lieu le 24 d\u00e9cembre 1921 sur Radio Tour Eiffel. <br \/>. En 1922, la Soci\u00e9t\u00e9 fran\u00e7aise radio-\u00e9lectrique (SFR) obtient une autorisation d&#8217;\u00e9mettre et cr\u00e9e ainsi la premi\u00e8re radio priv\u00e9e Radiola.<br \/>Jusqu\u2019\u00e0 la deuxi\u00e8me guerre mondiale, plusieurs radios d\u2019\u00c9tat comme Radio Tour Eiffel ou Radiola cohabitent avec des radios priv\u00e9es telle Poste Parisien ou Radio Cit\u00e9.<br \/>. Pendant la guerre, plusieurs radios cessent d&#8217;\u00e9mettre au fur et \u00e0 mesure de l&#8217;invasion allemande et celles qui subsistent sont fortement contr\u00f4l\u00e9es.<br \/>. Au sortir de la guerre, l&#8217;ordonnance du 23 mars 1945 \u00e9tablit le monopole d&#8217;\u00c9tat sur les stations de radio. Le r\u00e9seau de transmission fran\u00e7ais est en piteux \u00e9tat et c\u2019est sur un poste \u00e9metteur laiss\u00e9 par l&#8217;arm\u00e9e am\u00e9ricaine qu&#8217;est cr\u00e9\u00e9e une radio publique d&#8217;un nouveau style, \u00ab Paris Inter \u00bb. Elle commence \u00e0 \u00e9mettre sur la r\u00e9gion parisienne le 16 f\u00e9vrier 1947 et sera rebaptis\u00e9e plus tard France 1 puis RTF Inter.<br \/>. \u00c0 partir des ann\u00e9es 1970, de nombreuses radios pirates se d\u00e9veloppent, attirant principalement une cible plus jeune. Pour r\u00e9pondre \u00e0 ce ph\u00e9nom\u00e8ne, Radio France se diversifie en cr\u00e9ant de nouvelles stations.<br \/>. Le 9 novembre 1981, seulement quelques mois apr\u00e8s son \u00e9lection, Fran\u00e7ois Mitterrand honore l\u2019un de ses engagements de campagne en autorisant les radios libres. <br \/>Cette date marque un tournant dans l\u2019histoire de la radio en France qui permet \u00e0 de nombreuses radios libres de donner la parole \u00e0 des minorit\u00e9s. C\u2019est \u00e0 cette \u00e9poque que naissent NRJ (la Nouvelle Radio des Jeunes), Radio Nova, RFM et Cit\u00e9 Future qui deviendra Skyrock.<br \/>Pour r\u00e9guler, non pas la cr\u00e9ation des radios libres, mais l\u2019aspect plus technique d\u2019occupation des ondes et de r\u00e9partition des fr\u00e9quences, l\u2019\u00c9tat promulgue la loi du 29 juillet 1982 qui cr\u00e9e la Haute Autorit\u00e9 de la communication audiovisuelle.<br \/>Les autorisations d&#8217;\u00e9mettre sont soumises \u00e0 des conditions et chaque demande d&#8217;autorisation doit \u00eatre accompagn\u00e9e d&#8217;un cahier des charges qui d\u00e9crit le type de programmes qui seront \u00e9mis.<br \/>De nombreuses radios sont ainsi cr\u00e9\u00e9es, souvent sous forme associative, mais leur mod\u00e8le \u00e9conomique est fragile, reposant sur des subventions priv\u00e9es et\/ou publiques.<br \/>. En 1984, la publicit\u00e9 est officiellement autoris\u00e9e \u00e0 la radio et le paysage radiophonique change tant au niveau des radios priv\u00e9es que publiques. En 1987, France Info est cr\u00e9\u00e9e et Radio France donne le jour \u00e0 des radios locales.<br \/>. Petit \u00e0 petit, ces nombreuses radios sont r\u00e9unies dans quelques grands groupes.<br \/>. Le d\u00e9veloppement d\u2019internet permet la cr\u00e9ation de nouvelles formes de radios et l\u2019acc\u00e8s \u00e0 de nouveaux modes de diffusion. La cr\u00e9ation de webradios (stations de radio en ligne) permet de diffuser du contenu en direct aussi bien que des \u00e9l\u00e9ments pr\u00e9enregistr\u00e9s. De nombreuses organisations et entreprises s\u2019approprient ce m\u00e9dia devenu facilement accessible pour l\u2019int\u00e9grer dans leur strat\u00e9gie de communication interne et externe. <\/p>\t\t\t\t\t\t\t\t<\/div>\n\t\t\t\t<\/div>\n\t\t\t\t\t<\/div>\n\t\t<\/div>\n\t\t\t\t\t<\/div>\n\t\t<\/section>\n\t\t\t\t<section class=\"elementor-section elementor-top-section elementor-element elementor-element-e386898 elementor-section-boxed elementor-section-height-default elementor-section-height-default\" data-id=\"e386898\" data-element_type=\"section\">\n\t\t\t\t\t\t<div class=\"elementor-container elementor-column-gap-default\">\n\t\t\t\t\t<div class=\"elementor-column elementor-col-100 elementor-top-column elementor-element elementor-element-0956ccd\" data-id=\"0956ccd\" data-element_type=\"column\">\n\t\t\t<div class=\"elementor-widget-wrap elementor-element-populated\">\n\t\t\t\t\t\t<div class=\"elementor-element elementor-element-03123c6 elementor-widget elementor-widget-text-editor\" data-id=\"03123c6\" data-element_type=\"widget\" data-widget_type=\"text-editor.default\">\n\t\t\t\t<div class=\"elementor-widget-container\">\n\t\t\t\t\t\t\t\t\t<h2>Quelles sont les donn\u00e9es d\u2019\u00e9coute de la radio en France ?<\/h2>\t\t\t\t\t\t\t\t<\/div>\n\t\t\t\t<\/div>\n\t\t\t\t\t<\/div>\n\t\t<\/div>\n\t\t\t\t\t<\/div>\n\t\t<\/section>\n\t\t\t\t<section class=\"elementor-section elementor-top-section elementor-element elementor-element-529a0cd elementor-section-boxed elementor-section-height-default elementor-section-height-default\" data-id=\"529a0cd\" data-element_type=\"section\">\n\t\t\t\t\t\t<div class=\"elementor-container elementor-column-gap-default\">\n\t\t\t\t\t<div class=\"elementor-column elementor-col-100 elementor-top-column elementor-element elementor-element-408df46\" data-id=\"408df46\" data-element_type=\"column\">\n\t\t\t<div class=\"elementor-widget-wrap elementor-element-populated\">\n\t\t\t\t\t\t<div class=\"elementor-element elementor-element-d9e5c3e elementor-widget elementor-widget-text-editor\" data-id=\"d9e5c3e\" data-element_type=\"widget\" data-widget_type=\"text-editor.default\">\n\t\t\t\t<div class=\"elementor-widget-container\">\n\t\t\t\t\t\t\t\t\t<p>Le site officiel du Minist\u00e8re de la Culture fran\u00e7aise communique les donn\u00e9es officielles du paysage radiophonique fran\u00e7ais.<br \/>Voici quelques chiffres cl\u00e9s en 2022 :<\/p><ul><li>Plus de 1000 radios publiques et priv\u00e9es existent en France.<\/li><li>Trois soci\u00e9t\u00e9s d\u00e9pendent du service public et remplissent des missions d\u00e9finies par l\u2019\u00c9tat :<br \/>Radio France, <br \/>France T\u00e9l\u00e9vision avec les services de radio d\u2019Outre-mer 1\u02b3\u1d49,<br \/>France M\u00e9dias Monde avec Radio France Internationale.\u00a0<\/li><li>Chaque fran\u00e7ais de plus de 13 ans dispose d\u2019un moyen d\u2019\u00e9couter la radio (autoradio, ordinateur, t\u00e9l\u00e9phone, tablette, t\u00e9l\u00e9vision, etc.).<\/li><li>Les fran\u00e7ais \u00e9coutent en moyenne la radio 2 h 42 min\/jour en semaine.<\/li><li>L\u2019\u00e9coute de la radio est en baisse, sp\u00e9cifiquement chez les jeunes. En 2021, elle avait baiss\u00e9 de 16\u2009% sur les cinq derni\u00e8res ann\u00e9es.<\/li><li>L\u2019\u00e9coute de la radio sur des supports num\u00e9riques, et notamment le t\u00e9l\u00e9phone portable, se d\u00e9veloppe. Si l\u2019\u00e9coute sur supports num\u00e9riques rassemble 17 % du volume d\u2019\u00e9coute de la radio, elle s\u00e9duit principalement la tranche des 24-49 ans, les cadres et professions intellectuelles sup\u00e9rieurs et les Franciliens.<\/li><\/ul>\t\t\t\t\t\t\t\t<\/div>\n\t\t\t\t<\/div>\n\t\t\t\t\t<\/div>\n\t\t<\/div>\n\t\t\t\t\t<\/div>\n\t\t<\/section>\n\t\t\t\t<section class=\"elementor-section elementor-top-section elementor-element elementor-element-56d152e elementor-section-boxed elementor-section-height-default elementor-section-height-default\" data-id=\"56d152e\" data-element_type=\"section\">\n\t\t\t\t\t\t<div class=\"elementor-container elementor-column-gap-default\">\n\t\t\t\t\t<div class=\"elementor-column elementor-col-100 elementor-top-column elementor-element elementor-element-b0b8e6a\" data-id=\"b0b8e6a\" data-element_type=\"column\">\n\t\t\t<div class=\"elementor-widget-wrap elementor-element-populated\">\n\t\t\t\t\t\t<div class=\"elementor-element elementor-element-8be468e elementor-widget elementor-widget-text-editor\" data-id=\"8be468e\" data-element_type=\"widget\" data-widget_type=\"text-editor.default\">\n\t\t\t\t<div class=\"elementor-widget-container\">\n\t\t\t\t\t\t\t\t\t<h3>Quelles sont les radios les plus \u00e9cout\u00e9es en France en 2024 ?<\/h3>\t\t\t\t\t\t\t\t<\/div>\n\t\t\t\t<\/div>\n\t\t\t\t\t<\/div>\n\t\t<\/div>\n\t\t\t\t\t<\/div>\n\t\t<\/section>\n\t\t\t\t<section class=\"elementor-section elementor-top-section elementor-element elementor-element-2489a36 elementor-section-boxed elementor-section-height-default elementor-section-height-default\" data-id=\"2489a36\" data-element_type=\"section\">\n\t\t\t\t\t\t<div class=\"elementor-container elementor-column-gap-default\">\n\t\t\t\t\t<div class=\"elementor-column elementor-col-100 elementor-top-column elementor-element elementor-element-917fcc0\" data-id=\"917fcc0\" data-element_type=\"column\">\n\t\t\t<div class=\"elementor-widget-wrap elementor-element-populated\">\n\t\t\t\t\t\t<div class=\"elementor-element elementor-element-bed5e94 elementor-widget elementor-widget-text-editor\" data-id=\"bed5e94\" data-element_type=\"widget\" data-widget_type=\"text-editor.default\">\n\t\t\t\t<div class=\"elementor-widget-container\">\n\t\t\t\t\t\t\t\t\t<p>Le classement de d\u00e9cembre 2024 de l\u2019ACPM place :<\/p><ul style=\"list-style-type: square;\"><li>1 &#8211; France Inter en premi\u00e8re position : 34 090 103 \u00e9coutes actives<\/li><li>2 &#8211; RMC : 21 675 235 \u00e9coutes actives<\/li><li>3 &#8211; France Info : 20 847 867 \u00e9coutes actives<\/li><li>4 &#8211; RTL : 15 331 931 \u00e9coutes actives<\/li><li>5 &#8211; Europe 1 : 10 449 815 \u00e9coutes actives<\/li><li>6 &#8211; NRJ : 9 536 418 \u00e9coutes actives<\/li><li>7 &#8211; Nostalgie : 7 733 277 \u00e9coutes actives<\/li><li>8 &#8211; France Culture : 6 022 081 \u00e9coutes actives<\/li><li>9 &#8211;\u00a0FIP : 5 750 506 \u00e9coutes actives<\/li><li>10 &#8211; Skyrock : 4 732 829 \u00e9coutes actives.<\/li><\/ul><p>Ce sont les donn\u00e9es d\u2019\u00e9coutes actives qui d\u00e9finissent ce classement. En radio, l\u2019\u00e9coute active est un indicateur d&#8217;audience, d\u00e9finie comme une session d&#8217;\u00e9coute d\u2019une radio ouverte depuis 30 secondes ou plus, quel que soit le terminal utilis\u00e9.<\/p><p><span style=\"color: #3366ff;\"><em>Source : <a style=\"color: #3366ff;\" href=\"https:\/\/www.acpm.fr\/Les-chiffres\/Frequentation-Radios\/Classement-des-Radios-Digitales\/Par-radio\/Classement-France\">Classement mensuel des audiences Radio en France certifi\u00e9es par l ACPM<\/a><\/em><\/span><\/p>\t\t\t\t\t\t\t\t<\/div>\n\t\t\t\t<\/div>\n\t\t\t\t\t<\/div>\n\t\t<\/div>\n\t\t\t\t\t<\/div>\n\t\t<\/section>\n\t\t\t\t<section class=\"elementor-section elementor-top-section elementor-element elementor-element-4c00e00 elementor-section-boxed elementor-section-height-default elementor-section-height-default\" data-id=\"4c00e00\" data-element_type=\"section\">\n\t\t\t\t\t\t<div class=\"elementor-container elementor-column-gap-default\">\n\t\t\t\t\t<div class=\"elementor-column elementor-col-100 elementor-top-column elementor-element elementor-element-fd3cfed\" data-id=\"fd3cfed\" data-element_type=\"column\">\n\t\t\t<div class=\"elementor-widget-wrap elementor-element-populated\">\n\t\t\t\t\t\t<div class=\"elementor-element elementor-element-88fa2b2 elementor-widget elementor-widget-text-editor\" data-id=\"88fa2b2\" data-element_type=\"widget\" data-widget_type=\"text-editor.default\">\n\t\t\t\t<div class=\"elementor-widget-container\">\n\t\t\t\t\t\t\t\t\t<h2>Une audience importante \u00e0 capter pour les annonceurs ?<\/h2>\t\t\t\t\t\t\t\t<\/div>\n\t\t\t\t<\/div>\n\t\t\t\t\t<\/div>\n\t\t<\/div>\n\t\t\t\t\t<\/div>\n\t\t<\/section>\n\t\t\t\t<section class=\"elementor-section elementor-top-section elementor-element elementor-element-f2ab570 elementor-section-boxed elementor-section-height-default elementor-section-height-default\" data-id=\"f2ab570\" data-element_type=\"section\">\n\t\t\t\t\t\t<div class=\"elementor-container elementor-column-gap-default\">\n\t\t\t\t\t<div class=\"elementor-column elementor-col-100 elementor-top-column elementor-element elementor-element-c1afad9\" data-id=\"c1afad9\" data-element_type=\"column\">\n\t\t\t<div class=\"elementor-widget-wrap elementor-element-populated\">\n\t\t\t\t\t\t<div class=\"elementor-element elementor-element-379d6f9 elementor-widget elementor-widget-text-editor\" data-id=\"379d6f9\" data-element_type=\"widget\" data-widget_type=\"text-editor.default\">\n\t\t\t\t<div class=\"elementor-widget-container\">\n\t\t\t\t\t\t\t\t\t<p>Toujours selon les chiffres officiels du minist\u00e8re de la culture, en 2021, selon M\u00e9diam\u00e9trie, pr\u00e8s des trois quarts de la population fran\u00e7aise (73 %) \u00e2g\u00e9e de 13 ans ou plus, soit plus de <strong>40 millions d\u2019auditeurs, \u00e9coutent quotidiennement la radio<\/strong>, quel que soit le support utilis\u00e9. Comme vu pr\u00e9c\u00e9demment, les auditeurs \u00e9coutent la radio en moyenne 2 heures 42 minutes par jour en semaine. <br \/>La force de la radio r\u00e9side dans sa capacit\u00e9 \u00e0 captiver l&#8217;auditeur avec des messages puissants, des histoires convaincantes et de la musique entra\u00eenante, tout en permettant \u00e0 l&#8217;auditeur d&#8217;imaginer sa propre version visuelle de l&#8217;histoire. Les \u00e9missions de radio sont souvent le moyen id\u00e9al pour transmettre des informations, \u00e9voquer des \u00e9motions et cr\u00e9er une connexion personnelle avec le public.<br \/>Si les investissements publicitaires radio ont connu une forte baisse au profit des publicit\u00e9s en ligne li\u00e9e \u00e0 la pand\u00e9mie et au d\u00e9veloppement de l\u2019usage d\u2019internet, le potentiel des auditeurs radio reste important. En 2021, les investissements publicitaires progressent \u00e0 nouveau de 8\u2009% par an.<\/p>\t\t\t\t\t\t\t\t<\/div>\n\t\t\t\t<\/div>\n\t\t\t\t\t<\/div>\n\t\t<\/div>\n\t\t\t\t\t<\/div>\n\t\t<\/section>\n\t\t\t\t<section class=\"elementor-section elementor-top-section elementor-element elementor-element-4e10d4c elementor-section-boxed elementor-section-height-default elementor-section-height-default\" data-id=\"4e10d4c\" data-element_type=\"section\">\n\t\t\t\t\t\t<div class=\"elementor-container elementor-column-gap-default\">\n\t\t\t\t\t<div class=\"elementor-column elementor-col-100 elementor-top-column elementor-element elementor-element-3726e89\" data-id=\"3726e89\" data-element_type=\"column\">\n\t\t\t<div class=\"elementor-widget-wrap elementor-element-populated\">\n\t\t\t\t\t\t<div class=\"elementor-element elementor-element-322586c elementor-widget elementor-widget-text-editor\" data-id=\"322586c\" data-element_type=\"widget\" data-widget_type=\"text-editor.default\">\n\t\t\t\t<div class=\"elementor-widget-container\">\n\t\t\t\t\t\t\t\t\t<h2>Avec quel support de communication peut-on associer une campagne radio ?\u00a0<\/h2>\t\t\t\t\t\t\t\t<\/div>\n\t\t\t\t<\/div>\n\t\t\t\t\t<\/div>\n\t\t<\/div>\n\t\t\t\t\t<\/div>\n\t\t<\/section>\n\t\t\t\t<section class=\"elementor-section elementor-top-section elementor-element elementor-element-504d4b1 elementor-section-boxed elementor-section-height-default elementor-section-height-default\" data-id=\"504d4b1\" data-element_type=\"section\">\n\t\t\t\t\t\t<div class=\"elementor-container elementor-column-gap-default\">\n\t\t\t\t\t<div class=\"elementor-column elementor-col-100 elementor-top-column elementor-element elementor-element-7ccc344\" data-id=\"7ccc344\" data-element_type=\"column\">\n\t\t\t<div class=\"elementor-widget-wrap elementor-element-populated\">\n\t\t\t\t\t\t<div class=\"elementor-element elementor-element-e04c928 elementor-widget elementor-widget-text-editor\" data-id=\"e04c928\" data-element_type=\"widget\" data-widget_type=\"text-editor.default\">\n\t\t\t\t<div class=\"elementor-widget-container\">\n\t\t\t\t\t\t\t\t\t<p>Dans un monde de plus en plus connect\u00e9, les supports de communication sont devenus plus diversifi\u00e9s que jamais, allant de la radio aux supports publicitaires visuels, num\u00e9riques ou imprim\u00e9s (drapeaux, enseignes, oriflammes, PLV, etc.).<br \/><strong>L&#8217;art d\u2019une communication moderne, efficace et engageante est de savoir m\u00e9langer les ondes et les images.<\/strong><\/p><p>Si la radio d\u00e9tient cette puissance de captiver l\u2019auditeur, les supports de communication visuelle permettent de produire un impact qui reste en m\u00e9moire.<br \/>En tirant parti de la force de la narration audio et de l&#8217;impact visuel, vous pouvez atteindre un public plus large, renforcer l&#8217;engagement et cr\u00e9er des messages m\u00e9morables.<br \/>La communication visuelle num\u00e9rique s\u2019est \u00e9norm\u00e9ment d\u00e9velopp\u00e9e gr\u00e2ce \u00e0 internet et aux r\u00e9seaux sociaux, mais les supports de communication plus traditionnels restent primordiaux.<\/p><p><strong>Votre marque lance un nouveau produit ?<\/strong> <br \/>Mixez :<\/p><ul><li>Une campagne publicitaire radio,<\/li><li>Des actions publicitaires sur les r\u00e9seaux et le site de la marque,<\/li><li>L\u2019impression de supports de communication destin\u00e9s aux points de vente.<\/li><\/ul><p><strong>3 top produits pour une communication indoor efficace<\/strong> :<\/p><ul><li>Rollup,<\/li><li>cadre toile tendue et<\/li><li>kak\u00e9monos suspendus.<\/li><\/ul><p><strong>3 top produits pour une communication outdoor efficace :<\/strong><\/p><ul><li>Oriflamme imprim\u00e9,<\/li><li>banderole,<\/li><li>drapeau publicitaire.<\/li><\/ul>\t\t\t\t\t\t\t\t<\/div>\n\t\t\t\t<\/div>\n\t\t\t\t\t<\/div>\n\t\t<\/div>\n\t\t\t\t\t<\/div>\n\t\t<\/section>\n\t\t\t\t<section class=\"elementor-section elementor-top-section elementor-element elementor-element-dc3097c elementor-section-boxed elementor-section-height-default elementor-section-height-default\" data-id=\"dc3097c\" data-element_type=\"section\">\n\t\t\t\t\t\t<div class=\"elementor-container elementor-column-gap-default\">\n\t\t\t\t\t<div class=\"elementor-column elementor-col-100 elementor-top-column elementor-element elementor-element-2b8c335\" data-id=\"2b8c335\" data-element_type=\"column\">\n\t\t\t<div class=\"elementor-widget-wrap elementor-element-populated\">\n\t\t\t\t\t\t<div class=\"elementor-element elementor-element-33c217c elementor-widget elementor-widget-text-editor\" data-id=\"33c217c\" data-element_type=\"widget\" data-widget_type=\"text-editor.default\">\n\t\t\t\t<div class=\"elementor-widget-container\">\n\t\t\t\t\t\t\t\t\t<h3>3 top produits pour une communication indoor efficace<\/h3>\t\t\t\t\t\t\t\t<\/div>\n\t\t\t\t<\/div>\n\t\t\t\t\t<\/div>\n\t\t<\/div>\n\t\t\t\t\t<\/div>\n\t\t<\/section>\n\t\t\t\t<section class=\"elementor-section elementor-top-section elementor-element elementor-element-27c65c7 elementor-section-boxed elementor-section-height-default elementor-section-height-default\" data-id=\"27c65c7\" data-element_type=\"section\">\n\t\t\t\t\t\t<div class=\"elementor-container elementor-column-gap-default\">\n\t\t\t\t\t<div class=\"elementor-column elementor-col-33 elementor-top-column elementor-element elementor-element-49da902\" data-id=\"49da902\" data-element_type=\"column\">\n\t\t\t<div class=\"elementor-widget-wrap elementor-element-populated\">\n\t\t\t\t\t\t<div class=\"elementor-element elementor-element-a817495 elementor-widget elementor-widget-shortcode\" data-id=\"a817495\" data-element_type=\"widget\" data-widget_type=\"shortcode.default\">\n\t\t\t\t<div class=\"elementor-widget-container\">\n\t\t\t\t\t\t\t<div class=\"elementor-shortcode\"><div class=\"container p-0 m-0\">\n    <div class=\"row m-0 border\">\n        <div class=\"col-12 grid-didpd-body text-center\">\n            <img decoding=\"async\" src=\"https:\/\/www.macapflag.com\/1860447-home_default\/roll-up-standard-.jpg\" alt=\"Roll'up personnalis&eacute; 200x80 cm\" class=\"mx-auto\" \/>\n            <div class=\"grid-didpd-text\">\n                <a href=\"https:\/\/www.macapflag.com\/roll-up-plv-expo\/81-roll-up-standard-.html\" target=\"_blank\" class=\"stretched-link\">\n                    <h3>Roll'up personnalis\u00e9 200x80 cm<\/h3>\n                <\/a>\n            <\/div>\n                        <p class=\"text-center font-weight-bold\">54,00 \u20ac HT<\/p>            <div class=\"text-center\">\n                <button class=\"btn btn-primary\">Achat rollup en ligne<\/button>\n            <\/div>\n        <\/div>\n    <\/div>\n<\/div>\n<\/div>\n\t\t\t\t\t\t<\/div>\n\t\t\t\t<\/div>\n\t\t\t\t\t<\/div>\n\t\t<\/div>\n\t\t\t\t<div class=\"elementor-column elementor-col-33 elementor-top-column elementor-element elementor-element-61969d8\" data-id=\"61969d8\" data-element_type=\"column\">\n\t\t\t<div class=\"elementor-widget-wrap elementor-element-populated\">\n\t\t\t\t\t\t<div class=\"elementor-element elementor-element-4ea28dc elementor-widget elementor-widget-shortcode\" data-id=\"4ea28dc\" data-element_type=\"widget\" data-widget_type=\"shortcode.default\">\n\t\t\t\t<div class=\"elementor-widget-container\">\n\t\t\t\t\t\t\t<div class=\"elementor-shortcode\"><div class=\"container p-0 m-0\">\n    <div class=\"row m-0 border\">\n        <div class=\"col-12 grid-didpd-body text-center\">\n            <img decoding=\"async\" src=\"https:\/\/www.macapflag.com\/1861218-home_default\/cadre-mural-toile-tendue-utilisation-interieure.jpg\" alt=\"Cadre toile mural imprim&eacute; 60x80 cm\" class=\"mx-auto\" \/>\n            <div class=\"grid-didpd-text\">\n                <a href=\"https:\/\/www.macapflag.com\/cadre-toile-tendue\/110-cadre-mural-toile-tendue-utilisation-interieure.html\" target=\"_blank\" class=\"stretched-link\">\n                    <h3>Cadre toile mural imprim\u00e9 60x80 cm<\/h3>\n                <\/a>\n            <\/div>\n                        <p class=\"text-center font-weight-bold\">104,00 \u20ac HT<\/p>            <div class=\"text-center\">\n                <button class=\"btn btn-primary\">Achat cadre en ligne<\/button>\n            <\/div>\n        <\/div>\n    <\/div>\n<\/div>\n<\/div>\n\t\t\t\t\t\t<\/div>\n\t\t\t\t<\/div>\n\t\t\t\t\t<\/div>\n\t\t<\/div>\n\t\t\t\t<div class=\"elementor-column elementor-col-33 elementor-top-column elementor-element elementor-element-af4fb7d\" data-id=\"af4fb7d\" data-element_type=\"column\">\n\t\t\t<div class=\"elementor-widget-wrap elementor-element-populated\">\n\t\t\t\t\t\t<div class=\"elementor-element elementor-element-3096ecf elementor-widget elementor-widget-shortcode\" data-id=\"3096ecf\" data-element_type=\"widget\" data-widget_type=\"shortcode.default\">\n\t\t\t\t<div class=\"elementor-widget-container\">\n\t\t\t\t\t\t\t<div class=\"elementor-shortcode\"><div class=\"container p-0 m-0\">\n    <div class=\"row m-0 border\">\n        <div class=\"col-12 grid-didpd-body text-center\">\n            <img decoding=\"async\" src=\"https:\/\/www.macapflag.com\/1861239-home_default\/cube-pouf.jpg\" alt=\"Pouf cube 4 faces imprim&eacute;es 40x40 cm\" class=\"mx-auto\" \/>\n            <div class=\"grid-didpd-text\">\n                <a href=\"https:\/\/www.macapflag.com\/chaise-publicitaire-cube-pouf\/102-cube-pouf.html\" target=\"_blank\" class=\"stretched-link\">\n                    <h3>Pouf cube 4 faces imprim\u00e9es 40x40 cm<\/h3>\n                <\/a>\n            <\/div>\n                        <p class=\"text-center font-weight-bold\">75,00 \u20ac HT<\/p>            <div class=\"text-center\">\n                <button class=\"btn btn-primary\">Achat pouf en ligne<\/button>\n            <\/div>\n        <\/div>\n    <\/div>\n<\/div>\n<\/div>\n\t\t\t\t\t\t<\/div>\n\t\t\t\t<\/div>\n\t\t\t\t\t<\/div>\n\t\t<\/div>\n\t\t\t\t\t<\/div>\n\t\t<\/section>\n\t\t\t\t<section class=\"elementor-section elementor-top-section elementor-element elementor-element-201280a elementor-section-boxed elementor-section-height-default elementor-section-height-default\" data-id=\"201280a\" data-element_type=\"section\">\n\t\t\t\t\t\t<div class=\"elementor-container elementor-column-gap-default\">\n\t\t\t\t\t<div class=\"elementor-column elementor-col-100 elementor-top-column elementor-element elementor-element-239cd69\" data-id=\"239cd69\" data-element_type=\"column\">\n\t\t\t<div class=\"elementor-widget-wrap elementor-element-populated\">\n\t\t\t\t\t\t<div class=\"elementor-element elementor-element-b382785 elementor-widget elementor-widget-text-editor\" data-id=\"b382785\" data-element_type=\"widget\" data-widget_type=\"text-editor.default\">\n\t\t\t\t<div class=\"elementor-widget-container\">\n\t\t\t\t\t\t\t\t\t<h3>3 top produits pour une communication outdoor efficace<\/h3>\t\t\t\t\t\t\t\t<\/div>\n\t\t\t\t<\/div>\n\t\t\t\t\t<\/div>\n\t\t<\/div>\n\t\t\t\t\t<\/div>\n\t\t<\/section>\n\t\t\t\t<section class=\"elementor-section elementor-top-section elementor-element elementor-element-a187894 elementor-section-boxed elementor-section-height-default elementor-section-height-default\" data-id=\"a187894\" data-element_type=\"section\">\n\t\t\t\t\t\t<div class=\"elementor-container elementor-column-gap-default\">\n\t\t\t\t\t<div class=\"elementor-column elementor-col-33 elementor-top-column elementor-element elementor-element-640362e\" data-id=\"640362e\" data-element_type=\"column\">\n\t\t\t<div class=\"elementor-widget-wrap elementor-element-populated\">\n\t\t\t\t\t\t<div class=\"elementor-element elementor-element-02316b8 elementor-widget elementor-widget-shortcode\" data-id=\"02316b8\" data-element_type=\"widget\" data-widget_type=\"shortcode.default\">\n\t\t\t\t<div class=\"elementor-widget-container\">\n\t\t\t\t\t\t\t<div class=\"elementor-shortcode\"><div class=\"container p-0 m-0\">\n    <div class=\"row m-0 border\">\n        <div class=\"col-12 grid-didpd-body text-center\">\n            <img decoding=\"async\" src=\"https:\/\/www.macapflag.com\/1858192-home_default\/beach-flag-oriflamme-classique-kit-complet-fourreau-elastique-noir.jpg\" alt=\"Kit complet Oriflamme imprim&eacute; Hauteur 2.30 m\" class=\"mx-auto\" \/>\n            <div class=\"grid-didpd-text\">\n                <a href=\"https:\/\/www.macapflag.com\/beach-flag-oriflamme\/245-beach-flag-oriflamme-classique-kit-complet-fourreau-elastique-noir.html\" target=\"_blank\" class=\"stretched-link\">\n                    <h3>Kit complet Oriflamme imprim\u00e9 Hauteur 2.30 m<\/h3>\n                <\/a>\n            <\/div>\n                        <p class=\"text-center font-weight-bold\"><span class=\"text-danger\">95,20 \u20ac HT <\/span>&nbsp;<small><strike class=\"text-secondary\">112,00 \u20ac HT<\/strike><\/small>&nbsp;<small class=\"text-secondary text-danger\"> -15 % <\/small><\/p>            <div class=\"text-center\">\n                <button class=\"btn btn-primary\">Achat oriflamme imprim\u00e9  en ligne<\/button>\n            <\/div>\n        <\/div>\n    <\/div>\n<\/div>\n<\/div>\n\t\t\t\t\t\t<\/div>\n\t\t\t\t<\/div>\n\t\t\t\t\t<\/div>\n\t\t<\/div>\n\t\t\t\t<div class=\"elementor-column elementor-col-33 elementor-top-column elementor-element elementor-element-ce31e15\" data-id=\"ce31e15\" data-element_type=\"column\">\n\t\t\t<div class=\"elementor-widget-wrap elementor-element-populated\">\n\t\t\t\t\t\t<div class=\"elementor-element elementor-element-d2e2d23 elementor-widget elementor-widget-shortcode\" data-id=\"d2e2d23\" data-element_type=\"widget\" data-widget_type=\"shortcode.default\">\n\t\t\t\t<div class=\"elementor-widget-container\">\n\t\t\t\t\t\t\t<div class=\"elementor-shortcode\"><div class=\"container p-0 m-0\">\n    <div class=\"row m-0 border\">\n        <div class=\"col-12 grid-didpd-body text-center\">\n            <img decoding=\"async\" src=\"https:\/\/www.macapflag.com\/1859886-home_default\/bache-pvc-fixation-oeillets.jpg\" alt=\"B&acirc;che PVC imprim&eacute;e oeillets 80x200 cm\" class=\"mx-auto\" \/>\n            <div class=\"grid-didpd-text\">\n                <a href=\"https:\/\/www.macapflag.com\/banderole-personnalisee\/329-bache-pvc-fixation-oeillets.html\" target=\"_blank\" class=\"stretched-link\">\n                    <h3>B\u00e2che PVC imprim\u00e9e oeillets 80x200 cm<\/h3>\n                <\/a>\n            <\/div>\n                        <p class=\"text-center font-weight-bold\">37,00 \u20ac HT<\/p>            <div class=\"text-center\">\n                <button class=\"btn btn-primary\">Achat b\u00e2che PVC imprim\u00e9e en ligne<\/button>\n            <\/div>\n        <\/div>\n    <\/div>\n<\/div>\n<\/div>\n\t\t\t\t\t\t<\/div>\n\t\t\t\t<\/div>\n\t\t\t\t\t<\/div>\n\t\t<\/div>\n\t\t\t\t<div class=\"elementor-column elementor-col-33 elementor-top-column elementor-element elementor-element-41984eb\" data-id=\"41984eb\" data-element_type=\"column\">\n\t\t\t<div class=\"elementor-widget-wrap elementor-element-populated\">\n\t\t\t\t\t\t<div class=\"elementor-element elementor-element-5bf1481 elementor-widget elementor-widget-shortcode\" data-id=\"5bf1481\" data-element_type=\"widget\" data-widget_type=\"shortcode.default\">\n\t\t\t\t<div class=\"elementor-widget-container\">\n\t\t\t\t\t\t\t<div class=\"elementor-shortcode\"><div class=\"container p-0 m-0\">\n    <div class=\"row m-0 border\">\n        <div class=\"col-12 grid-didpd-body text-center\">\n            <img decoding=\"async\" src=\"https:\/\/www.macapflag.com\/229986-home_default\/drapeau-pour-mat-classique-forme-horizontale-.jpg\" alt=\"Drapeau pour m&acirc;t imprim&eacute; 60x90 cm\" class=\"mx-auto\" \/>\n            <div class=\"grid-didpd-text\">\n                <a href=\"https:\/\/www.macapflag.com\/drapeau-pour-mat-personnalise\/131-drapeau-pour-mat-classique-forme-horizontale-.html\" target=\"_blank\" class=\"stretched-link\">\n                    <h3>Drapeau pour m\u00e2t imprim\u00e9 60x90 cm<\/h3>\n                <\/a>\n            <\/div>\n                        <p class=\"text-center font-weight-bold\">34,00 \u20ac HT<\/p>            <div class=\"text-center\">\n                <button class=\"btn btn-primary\">Achat drapeau imprim\u00e9 en ligne<\/button>\n            <\/div>\n        <\/div>\n    <\/div>\n<\/div>\n<\/div>\n\t\t\t\t\t\t<\/div>\n\t\t\t\t<\/div>\n\t\t\t\t\t<\/div>\n\t\t<\/div>\n\t\t\t\t\t<\/div>\n\t\t<\/section>\n\t\t\t\t<\/div>\n\t\t","protected":false},"excerpt":{"rendered":"<div class=\"tmnf_excerpt\"><p>Le saviez-vous ? L\u2019Organisation des Nations Unies pour l\u2019\u00e9ducation, la science et la culture, plus connue sous l\u2019acronyme UNESCO, c\u00e9l\u00e8bre plus de 200 journ\u00e9es et semaines internationales chaque ann\u00e9e. Ces journ\u00e9es visent \u00e0 comm\u00e9morer des \u00e9v\u00e8nements ou \u00e0 promouvoir certains th\u00e8mes et actions. Cette liste des journ\u00e9es et semaines internationales est r\u00e9guli\u00e8rement actualis\u00e9e.En 2011, la &hellip;<\/p>\n<\/div>","protected":false},"author":2,"featured_media":16037,"comment_status":"closed","ping_status":"open","sticky":false,"template":"template-fullwidth.php","format":"standard","meta":{"footnotes":""},"categories":[93,92],"tags":[],"class_list":["post-16036","post","type-post","status-publish","format-standard","has-post-thumbnail","hentry","category-com","category-news"],"yoast_head":"<!-- This site is optimized with the Yoast SEO plugin v26.4 - https:\/\/yoast.com\/wordpress\/plugins\/seo\/ -->\n<title>Le 13 f\u00e9vrier, c&#039;est la journ\u00e9e mondiale de la radio - Blog - Macap<\/title>\n<meta name=\"description\" content=\"Le 13 f\u00e9vrier, journ\u00e9e mondiale de la radio fix\u00e9e par l&#039;UNESCO en 2011 pour c\u00e9l\u00e9brer son utilit\u00e9 au service de la construction de la paix.\" \/>\n<meta name=\"robots\" content=\"index, follow, max-snippet:-1, max-image-preview:large, max-video-preview:-1\" \/>\n<link rel=\"canonical\" href=\"https:\/\/www.macapflag.com\/blog\/radio\/\" \/>\n<meta property=\"og:locale\" content=\"fr_FR\" \/>\n<meta property=\"og:type\" content=\"article\" \/>\n<meta property=\"og:title\" content=\"Le 13 f\u00e9vrier, c&#039;est la journ\u00e9e mondiale de la radio - Blog - Macap\" \/>\n<meta property=\"og:description\" content=\"Le 13 f\u00e9vrier, journ\u00e9e mondiale de la radio fix\u00e9e par l&#039;UNESCO en 2011 pour c\u00e9l\u00e9brer son utilit\u00e9 au service de la construction de la paix.\" \/>\n<meta property=\"og:url\" content=\"https:\/\/www.macapflag.com\/blog\/radio\/\" \/>\n<meta property=\"og:site_name\" content=\"Blog - Macap\" \/>\n<meta property=\"article:publisher\" content=\"https:\/\/www.facebook.com\/macap.pavoisement\/\" \/>\n<meta property=\"article:published_time\" content=\"2025-02-13T07:18:19+00:00\" \/>\n<meta property=\"og:image\" content=\"https:\/\/www.macapflag.com\/blog\/wp-content\/uploads\/2024\/02\/journee-radio-TITRE.jpg\" \/>\n\t<meta property=\"og:image:width\" content=\"870\" \/>\n\t<meta property=\"og:image:height\" content=\"600\" \/>\n\t<meta property=\"og:image:type\" content=\"image\/jpeg\" \/>\n<meta name=\"author\" content=\"Blog Macap\" \/>\n<meta name=\"twitter:card\" content=\"summary_large_image\" \/>\n<meta name=\"twitter:label1\" content=\"\u00c9crit par\" \/>\n\t<meta name=\"twitter:data1\" content=\"Blog Macap\" \/>\n\t<meta name=\"twitter:label2\" content=\"Dur\u00e9e de lecture estim\u00e9e\" \/>\n\t<meta name=\"twitter:data2\" content=\"9 minutes\" \/>\n<script type=\"application\/ld+json\" class=\"yoast-schema-graph\">{\"@context\":\"https:\/\/schema.org\",\"@graph\":[{\"@type\":\"Article\",\"@id\":\"https:\/\/www.macapflag.com\/blog\/radio\/#article\",\"isPartOf\":{\"@id\":\"https:\/\/www.macapflag.com\/blog\/radio\/\"},\"author\":{\"name\":\"Blog Macap\",\"@id\":\"https:\/\/www.macapflag.com\/blog\/#\/schema\/person\/3fea701f2603875e651e6b662578fc3c\"},\"headline\":\"Le 13 f\u00e9vrier, c&#8217;est la journ\u00e9e mondiale de la radio\",\"datePublished\":\"2025-02-13T07:18:19+00:00\",\"mainEntityOfPage\":{\"@id\":\"https:\/\/www.macapflag.com\/blog\/radio\/\"},\"wordCount\":1909,\"publisher\":{\"@id\":\"https:\/\/www.macapflag.com\/blog\/#organization\"},\"image\":{\"@id\":\"https:\/\/www.macapflag.com\/blog\/radio\/#primaryimage\"},\"thumbnailUrl\":\"https:\/\/www.macapflag.com\/blog\/wp-content\/uploads\/2024\/02\/journee-radio-TITRE.jpg\",\"articleSection\":[\"Le monde de la Com'\",\"News &amp; Actu\"],\"inLanguage\":\"fr-FR\"},{\"@type\":\"WebPage\",\"@id\":\"https:\/\/www.macapflag.com\/blog\/radio\/\",\"url\":\"https:\/\/www.macapflag.com\/blog\/radio\/\",\"name\":\"Le 13 f\u00e9vrier, c'est la journ\u00e9e mondiale de la radio - Blog - Macap\",\"isPartOf\":{\"@id\":\"https:\/\/www.macapflag.com\/blog\/#website\"},\"primaryImageOfPage\":{\"@id\":\"https:\/\/www.macapflag.com\/blog\/radio\/#primaryimage\"},\"image\":{\"@id\":\"https:\/\/www.macapflag.com\/blog\/radio\/#primaryimage\"},\"thumbnailUrl\":\"https:\/\/www.macapflag.com\/blog\/wp-content\/uploads\/2024\/02\/journee-radio-TITRE.jpg\",\"datePublished\":\"2025-02-13T07:18:19+00:00\",\"description\":\"Le 13 f\u00e9vrier, journ\u00e9e mondiale de la radio fix\u00e9e par l'UNESCO en 2011 pour c\u00e9l\u00e9brer son utilit\u00e9 au service de la construction de la paix.\",\"breadcrumb\":{\"@id\":\"https:\/\/www.macapflag.com\/blog\/radio\/#breadcrumb\"},\"inLanguage\":\"fr-FR\",\"potentialAction\":[{\"@type\":\"ReadAction\",\"target\":[\"https:\/\/www.macapflag.com\/blog\/radio\/\"]}]},{\"@type\":\"ImageObject\",\"inLanguage\":\"fr-FR\",\"@id\":\"https:\/\/www.macapflag.com\/blog\/radio\/#primaryimage\",\"url\":\"https:\/\/www.macapflag.com\/blog\/wp-content\/uploads\/2024\/02\/journee-radio-TITRE.jpg\",\"contentUrl\":\"https:\/\/www.macapflag.com\/blog\/wp-content\/uploads\/2024\/02\/journee-radio-TITRE.jpg\",\"width\":870,\"height\":600,\"caption\":\"Journ\u00e9e mondiale de la radio le 13 f\u00e9vrier\"},{\"@type\":\"BreadcrumbList\",\"@id\":\"https:\/\/www.macapflag.com\/blog\/radio\/#breadcrumb\",\"itemListElement\":[{\"@type\":\"ListItem\",\"position\":1,\"name\":\"Accueil\",\"item\":\"https:\/\/www.macapflag.com\/blog\/\"},{\"@type\":\"ListItem\",\"position\":2,\"name\":\"Le 13 f\u00e9vrier, c&rsquo;est la journ\u00e9e mondiale de la radio\"}]},{\"@type\":\"WebSite\",\"@id\":\"https:\/\/www.macapflag.com\/blog\/#website\",\"url\":\"https:\/\/www.macapflag.com\/blog\/\",\"name\":\"Blog - Macap\",\"description\":\"Tous nos articles\",\"publisher\":{\"@id\":\"https:\/\/www.macapflag.com\/blog\/#organization\"},\"potentialAction\":[{\"@type\":\"SearchAction\",\"target\":{\"@type\":\"EntryPoint\",\"urlTemplate\":\"https:\/\/www.macapflag.com\/blog\/?s={search_term_string}\"},\"query-input\":{\"@type\":\"PropertyValueSpecification\",\"valueRequired\":true,\"valueName\":\"search_term_string\"}}],\"inLanguage\":\"fr-FR\"},{\"@type\":\"Organization\",\"@id\":\"https:\/\/www.macapflag.com\/blog\/#organization\",\"name\":\"macapflag\",\"url\":\"https:\/\/www.macapflag.com\/blog\/\",\"logo\":{\"@type\":\"ImageObject\",\"inLanguage\":\"fr-FR\",\"@id\":\"https:\/\/www.macapflag.com\/blog\/#\/schema\/logo\/image\/\",\"url\":\"https:\/\/www.macapflag.com\/blog\/wp-content\/uploads\/2020\/12\/cropped-M-512-1.png\",\"contentUrl\":\"https:\/\/www.macapflag.com\/blog\/wp-content\/uploads\/2020\/12\/cropped-M-512-1.png\",\"width\":512,\"height\":512,\"caption\":\"macapflag\"},\"image\":{\"@id\":\"https:\/\/www.macapflag.com\/blog\/#\/schema\/logo\/image\/\"},\"sameAs\":[\"https:\/\/www.facebook.com\/macap.pavoisement\/\",\"https:\/\/www.instagram.com\/macapflag\/?hl=fr\",\"https:\/\/www.linkedin.com\/company\/macap\/?originalSubdomain=fr\",\"https:\/\/www.youtube.com\/channel\/UCXNzTIdZh9poEBjSXEqDtNw\"]},{\"@type\":\"Person\",\"@id\":\"https:\/\/www.macapflag.com\/blog\/#\/schema\/person\/3fea701f2603875e651e6b662578fc3c\",\"name\":\"Blog Macap\",\"image\":{\"@type\":\"ImageObject\",\"inLanguage\":\"fr-FR\",\"@id\":\"https:\/\/www.macapflag.com\/blog\/#\/schema\/person\/image\/\",\"url\":\"https:\/\/secure.gravatar.com\/avatar\/c12551f2dc51f0db049633b03e7856985477a70da834cc8967dea4ce54bdd6a2?s=96&d=mm&r=g\",\"contentUrl\":\"https:\/\/secure.gravatar.com\/avatar\/c12551f2dc51f0db049633b03e7856985477a70da834cc8967dea4ce54bdd6a2?s=96&d=mm&r=g\",\"caption\":\"Blog Macap\"},\"url\":\"https:\/\/www.macapflag.com\/blog\/author\/macap\/\"}]}<\/script>\n<!-- \/ Yoast SEO plugin. -->","yoast_head_json":{"title":"Le 13 f\u00e9vrier, c'est la journ\u00e9e mondiale de la radio - Blog - Macap","description":"Le 13 f\u00e9vrier, journ\u00e9e mondiale de la radio fix\u00e9e par l'UNESCO en 2011 pour c\u00e9l\u00e9brer son utilit\u00e9 au service de la construction de la paix.","robots":{"index":"index","follow":"follow","max-snippet":"max-snippet:-1","max-image-preview":"max-image-preview:large","max-video-preview":"max-video-preview:-1"},"canonical":"https:\/\/www.macapflag.com\/blog\/radio\/","og_locale":"fr_FR","og_type":"article","og_title":"Le 13 f\u00e9vrier, c'est la journ\u00e9e mondiale de la radio - Blog - Macap","og_description":"Le 13 f\u00e9vrier, journ\u00e9e mondiale de la radio fix\u00e9e par l'UNESCO en 2011 pour c\u00e9l\u00e9brer son utilit\u00e9 au service de la construction de la paix.","og_url":"https:\/\/www.macapflag.com\/blog\/radio\/","og_site_name":"Blog - Macap","article_publisher":"https:\/\/www.facebook.com\/macap.pavoisement\/","article_published_time":"2025-02-13T07:18:19+00:00","og_image":[{"width":870,"height":600,"url":"https:\/\/www.macapflag.com\/blog\/wp-content\/uploads\/2024\/02\/journee-radio-TITRE.jpg","type":"image\/jpeg"}],"author":"Blog Macap","twitter_card":"summary_large_image","twitter_misc":{"\u00c9crit par":"Blog Macap","Dur\u00e9e de lecture estim\u00e9e":"9 minutes"},"schema":{"@context":"https:\/\/schema.org","@graph":[{"@type":"Article","@id":"https:\/\/www.macapflag.com\/blog\/radio\/#article","isPartOf":{"@id":"https:\/\/www.macapflag.com\/blog\/radio\/"},"author":{"name":"Blog Macap","@id":"https:\/\/www.macapflag.com\/blog\/#\/schema\/person\/3fea701f2603875e651e6b662578fc3c"},"headline":"Le 13 f\u00e9vrier, c&#8217;est la journ\u00e9e mondiale de la radio","datePublished":"2025-02-13T07:18:19+00:00","mainEntityOfPage":{"@id":"https:\/\/www.macapflag.com\/blog\/radio\/"},"wordCount":1909,"publisher":{"@id":"https:\/\/www.macapflag.com\/blog\/#organization"},"image":{"@id":"https:\/\/www.macapflag.com\/blog\/radio\/#primaryimage"},"thumbnailUrl":"https:\/\/www.macapflag.com\/blog\/wp-content\/uploads\/2024\/02\/journee-radio-TITRE.jpg","articleSection":["Le monde de la Com'","News &amp; Actu"],"inLanguage":"fr-FR"},{"@type":"WebPage","@id":"https:\/\/www.macapflag.com\/blog\/radio\/","url":"https:\/\/www.macapflag.com\/blog\/radio\/","name":"Le 13 f\u00e9vrier, c'est la journ\u00e9e mondiale de la radio - Blog - Macap","isPartOf":{"@id":"https:\/\/www.macapflag.com\/blog\/#website"},"primaryImageOfPage":{"@id":"https:\/\/www.macapflag.com\/blog\/radio\/#primaryimage"},"image":{"@id":"https:\/\/www.macapflag.com\/blog\/radio\/#primaryimage"},"thumbnailUrl":"https:\/\/www.macapflag.com\/blog\/wp-content\/uploads\/2024\/02\/journee-radio-TITRE.jpg","datePublished":"2025-02-13T07:18:19+00:00","description":"Le 13 f\u00e9vrier, journ\u00e9e mondiale de la radio fix\u00e9e par l'UNESCO en 2011 pour c\u00e9l\u00e9brer son utilit\u00e9 au service de la construction de la paix.","breadcrumb":{"@id":"https:\/\/www.macapflag.com\/blog\/radio\/#breadcrumb"},"inLanguage":"fr-FR","potentialAction":[{"@type":"ReadAction","target":["https:\/\/www.macapflag.com\/blog\/radio\/"]}]},{"@type":"ImageObject","inLanguage":"fr-FR","@id":"https:\/\/www.macapflag.com\/blog\/radio\/#primaryimage","url":"https:\/\/www.macapflag.com\/blog\/wp-content\/uploads\/2024\/02\/journee-radio-TITRE.jpg","contentUrl":"https:\/\/www.macapflag.com\/blog\/wp-content\/uploads\/2024\/02\/journee-radio-TITRE.jpg","width":870,"height":600,"caption":"Journ\u00e9e mondiale de la radio le 13 f\u00e9vrier"},{"@type":"BreadcrumbList","@id":"https:\/\/www.macapflag.com\/blog\/radio\/#breadcrumb","itemListElement":[{"@type":"ListItem","position":1,"name":"Accueil","item":"https:\/\/www.macapflag.com\/blog\/"},{"@type":"ListItem","position":2,"name":"Le 13 f\u00e9vrier, c&rsquo;est la journ\u00e9e mondiale de la radio"}]},{"@type":"WebSite","@id":"https:\/\/www.macapflag.com\/blog\/#website","url":"https:\/\/www.macapflag.com\/blog\/","name":"Blog - Macap","description":"Tous nos articles","publisher":{"@id":"https:\/\/www.macapflag.com\/blog\/#organization"},"potentialAction":[{"@type":"SearchAction","target":{"@type":"EntryPoint","urlTemplate":"https:\/\/www.macapflag.com\/blog\/?s={search_term_string}"},"query-input":{"@type":"PropertyValueSpecification","valueRequired":true,"valueName":"search_term_string"}}],"inLanguage":"fr-FR"},{"@type":"Organization","@id":"https:\/\/www.macapflag.com\/blog\/#organization","name":"macapflag","url":"https:\/\/www.macapflag.com\/blog\/","logo":{"@type":"ImageObject","inLanguage":"fr-FR","@id":"https:\/\/www.macapflag.com\/blog\/#\/schema\/logo\/image\/","url":"https:\/\/www.macapflag.com\/blog\/wp-content\/uploads\/2020\/12\/cropped-M-512-1.png","contentUrl":"https:\/\/www.macapflag.com\/blog\/wp-content\/uploads\/2020\/12\/cropped-M-512-1.png","width":512,"height":512,"caption":"macapflag"},"image":{"@id":"https:\/\/www.macapflag.com\/blog\/#\/schema\/logo\/image\/"},"sameAs":["https:\/\/www.facebook.com\/macap.pavoisement\/","https:\/\/www.instagram.com\/macapflag\/?hl=fr","https:\/\/www.linkedin.com\/company\/macap\/?originalSubdomain=fr","https:\/\/www.youtube.com\/channel\/UCXNzTIdZh9poEBjSXEqDtNw"]},{"@type":"Person","@id":"https:\/\/www.macapflag.com\/blog\/#\/schema\/person\/3fea701f2603875e651e6b662578fc3c","name":"Blog Macap","image":{"@type":"ImageObject","inLanguage":"fr-FR","@id":"https:\/\/www.macapflag.com\/blog\/#\/schema\/person\/image\/","url":"https:\/\/secure.gravatar.com\/avatar\/c12551f2dc51f0db049633b03e7856985477a70da834cc8967dea4ce54bdd6a2?s=96&d=mm&r=g","contentUrl":"https:\/\/secure.gravatar.com\/avatar\/c12551f2dc51f0db049633b03e7856985477a70da834cc8967dea4ce54bdd6a2?s=96&d=mm&r=g","caption":"Blog Macap"},"url":"https:\/\/www.macapflag.com\/blog\/author\/macap\/"}]}},"_links":{"self":[{"href":"https:\/\/www.macapflag.com\/blog\/wp-json\/wp\/v2\/posts\/16036","targetHints":{"allow":["GET"]}}],"collection":[{"href":"https:\/\/www.macapflag.com\/blog\/wp-json\/wp\/v2\/posts"}],"about":[{"href":"https:\/\/www.macapflag.com\/blog\/wp-json\/wp\/v2\/types\/post"}],"author":[{"embeddable":true,"href":"https:\/\/www.macapflag.com\/blog\/wp-json\/wp\/v2\/users\/2"}],"replies":[{"embeddable":true,"href":"https:\/\/www.macapflag.com\/blog\/wp-json\/wp\/v2\/comments?post=16036"}],"version-history":[{"count":29,"href":"https:\/\/www.macapflag.com\/blog\/wp-json\/wp\/v2\/posts\/16036\/revisions"}],"predecessor-version":[{"id":19372,"href":"https:\/\/www.macapflag.com\/blog\/wp-json\/wp\/v2\/posts\/16036\/revisions\/19372"}],"wp:featuredmedia":[{"embeddable":true,"href":"https:\/\/www.macapflag.com\/blog\/wp-json\/wp\/v2\/media\/16037"}],"wp:attachment":[{"href":"https:\/\/www.macapflag.com\/blog\/wp-json\/wp\/v2\/media?parent=16036"}],"wp:term":[{"taxonomy":"category","embeddable":true,"href":"https:\/\/www.macapflag.com\/blog\/wp-json\/wp\/v2\/categories?post=16036"},{"taxonomy":"post_tag","embeddable":true,"href":"https:\/\/www.macapflag.com\/blog\/wp-json\/wp\/v2\/tags?post=16036"}],"curies":[{"name":"wp","href":"https:\/\/api.w.org\/{rel}","templated":true}]}}