{"id":16125,"date":"2025-02-21T08:06:59","date_gmt":"2025-02-21T07:06:59","guid":{"rendered":"https:\/\/www.macapflag.com\/blog\/?p=16125"},"modified":"2025-02-21T08:06:59","modified_gmt":"2025-02-21T07:06:59","slug":"chanson","status":"publish","type":"post","link":"https:\/\/www.macapflag.com\/blog\/chanson\/","title":{"rendered":"Le drapeau dans la chanson fran\u00e7aise : Un symbole fort en paroles et en musique"},"content":{"rendered":"\t\t<div data-elementor-type=\"wp-post\" data-elementor-id=\"16125\" class=\"elementor elementor-16125\">\n\t\t\t\t\t\t<section class=\"elementor-section elementor-top-section elementor-element elementor-element-2a401c2 elementor-section-boxed elementor-section-height-default elementor-section-height-default\" data-id=\"2a401c2\" data-element_type=\"section\">\n\t\t\t\t\t\t<div class=\"elementor-container elementor-column-gap-default\">\n\t\t\t\t\t<div class=\"elementor-column elementor-col-100 elementor-top-column elementor-element elementor-element-dacba25\" data-id=\"dacba25\" data-element_type=\"column\">\n\t\t\t<div class=\"elementor-widget-wrap elementor-element-populated\">\n\t\t\t\t\t\t<div class=\"elementor-element elementor-element-4148ea3 elementor-widget elementor-widget-text-editor\" data-id=\"4148ea3\" data-element_type=\"widget\" data-widget_type=\"text-editor.default\">\n\t\t\t\t<div class=\"elementor-widget-container\">\n\t\t\t\t\t\t\t\t\t<h2>Le drapeau en paroles &#8230;.<\/h2>\t\t\t\t\t\t\t\t<\/div>\n\t\t\t\t<\/div>\n\t\t\t\t\t<\/div>\n\t\t<\/div>\n\t\t\t\t\t<\/div>\n\t\t<\/section>\n\t\t\t\t<section class=\"elementor-section elementor-top-section elementor-element elementor-element-1588a32 elementor-section-boxed elementor-section-height-default elementor-section-height-default\" data-id=\"1588a32\" data-element_type=\"section\">\n\t\t\t\t\t\t<div class=\"elementor-container elementor-column-gap-default\">\n\t\t\t\t\t<div class=\"elementor-column elementor-col-100 elementor-top-column elementor-element elementor-element-14835a3\" data-id=\"14835a3\" data-element_type=\"column\">\n\t\t\t<div class=\"elementor-widget-wrap elementor-element-populated\">\n\t\t\t\t\t\t<div class=\"elementor-element elementor-element-7d8004c elementor-widget elementor-widget-text-editor\" data-id=\"7d8004c\" data-element_type=\"widget\" data-widget_type=\"text-editor.default\">\n\t\t\t\t<div class=\"elementor-widget-container\">\n\t\t\t\t\t\t\t\t\t<p>La chanson fran\u00e7aise, riche en po\u00e9sie et en \u00e9motion, a souvent utilis\u00e9 le drapeau comme m\u00e9taphore ou sujet principal pour exprimer des sentiments nationaux, des revendications sociales ou des messages politiques. Ainsi, certains artistes fran\u00e7ais ont int\u00e9gr\u00e9 le th\u00e8me du drapeau dans leurs \u0153uvres musicales. Voici une liste, non exhaustive, de chansons fran\u00e7aises qui abordent le th\u00e8me du drapeau.<\/p>\t\t\t\t\t\t\t\t<\/div>\n\t\t\t\t<\/div>\n\t\t\t\t\t<\/div>\n\t\t<\/div>\n\t\t\t\t\t<\/div>\n\t\t<\/section>\n\t\t\t\t<section class=\"elementor-section elementor-top-section elementor-element elementor-element-a9288cc elementor-section-boxed elementor-section-height-default elementor-section-height-default\" data-id=\"a9288cc\" data-element_type=\"section\">\n\t\t\t\t\t\t<div class=\"elementor-container elementor-column-gap-default\">\n\t\t\t\t\t<div class=\"elementor-column elementor-col-100 elementor-top-column elementor-element elementor-element-1917cb9\" data-id=\"1917cb9\" data-element_type=\"column\">\n\t\t\t<div class=\"elementor-widget-wrap elementor-element-populated\">\n\t\t\t\t\t\t<div class=\"elementor-element elementor-element-9f2d5fa elementor-widget elementor-widget-text-editor\" data-id=\"9f2d5fa\" data-element_type=\"widget\" data-widget_type=\"text-editor.default\">\n\t\t\t\t<div class=\"elementor-widget-container\">\n\t\t\t\t\t\t\t\t\t<h3>&#8220;Le Drapeau de la col\u00e8re&#8221; par Jacques Higelin (1988)<\/h3>\t\t\t\t\t\t\t\t<\/div>\n\t\t\t\t<\/div>\n\t\t\t\t\t<\/div>\n\t\t<\/div>\n\t\t\t\t\t<\/div>\n\t\t<\/section>\n\t\t\t\t<section class=\"elementor-section elementor-top-section elementor-element elementor-element-2b2e5aa elementor-section-boxed elementor-section-height-default elementor-section-height-default\" data-id=\"2b2e5aa\" data-element_type=\"section\">\n\t\t\t\t\t\t<div class=\"elementor-container elementor-column-gap-default\">\n\t\t\t\t\t<div class=\"elementor-column elementor-col-100 elementor-top-column elementor-element elementor-element-39041ef\" data-id=\"39041ef\" data-element_type=\"column\">\n\t\t\t<div class=\"elementor-widget-wrap elementor-element-populated\">\n\t\t\t\t\t\t<div class=\"elementor-element elementor-element-bea3cc6 elementor-widget elementor-widget-text-editor\" data-id=\"bea3cc6\" data-element_type=\"widget\" data-widget_type=\"text-editor.default\">\n\t\t\t\t<div class=\"elementor-widget-container\">\n\t\t\t\t\t\t\t\t\t<p>Jacques Higelin, dans &#8220;Le Drapeau de la col\u00e8re&#8221;, aborde le drapeau non pas comme un simple symbole national, mais comme une banni\u00e8re de r\u00e9volte et d&#8217;expression de la col\u00e8re sociale. Cette chanson illustre comment le drapeau peut \u00eatre un puissant vecteur d&#8217;\u00e9motions et de messages contestataires, refl\u00e9tant les luttes et les aspirations d&#8217;une soci\u00e9t\u00e9 en qu\u00eate de changement.<br \/><em>\u201cDevant le drapeau de la col\u00e8re<\/em><br \/><em>dans le poing du guerrier<\/em><br \/><em>Je te vois\u201c<\/em><\/p>\t\t\t\t\t\t\t\t<\/div>\n\t\t\t\t<\/div>\n\t\t\t\t\t<\/div>\n\t\t<\/div>\n\t\t\t\t\t<\/div>\n\t\t<\/section>\n\t\t\t\t<section class=\"elementor-section elementor-top-section elementor-element elementor-element-2d22623 elementor-section-boxed elementor-section-height-default elementor-section-height-default\" data-id=\"2d22623\" data-element_type=\"section\">\n\t\t\t\t\t\t<div class=\"elementor-container elementor-column-gap-default\">\n\t\t\t\t\t<div class=\"elementor-column elementor-col-100 elementor-top-column elementor-element elementor-element-c2c2cc4\" data-id=\"c2c2cc4\" data-element_type=\"column\">\n\t\t\t<div class=\"elementor-widget-wrap elementor-element-populated\">\n\t\t\t\t\t\t<div class=\"elementor-element elementor-element-b4327c3 elementor-widget elementor-widget-text-editor\" data-id=\"b4327c3\" data-element_type=\"widget\" data-widget_type=\"text-editor.default\">\n\t\t\t\t<div class=\"elementor-widget-container\">\n\t\t\t\t\t\t\t\t\t<h3>&#8220;Une couleur de plus au drapeau&#8221; par KDD (2000)<\/h3>\t\t\t\t\t\t\t\t<\/div>\n\t\t\t\t<\/div>\n\t\t\t\t\t<\/div>\n\t\t<\/div>\n\t\t\t\t\t<\/div>\n\t\t<\/section>\n\t\t\t\t<section class=\"elementor-section elementor-top-section elementor-element elementor-element-eb37737 elementor-section-boxed elementor-section-height-default elementor-section-height-default\" data-id=\"eb37737\" data-element_type=\"section\">\n\t\t\t\t\t\t<div class=\"elementor-container elementor-column-gap-default\">\n\t\t\t\t\t<div class=\"elementor-column elementor-col-100 elementor-top-column elementor-element elementor-element-181cbb9\" data-id=\"181cbb9\" data-element_type=\"column\">\n\t\t\t<div class=\"elementor-widget-wrap elementor-element-populated\">\n\t\t\t\t\t\t<div class=\"elementor-element elementor-element-0861230 elementor-widget elementor-widget-text-editor\" data-id=\"0861230\" data-element_type=\"widget\" data-widget_type=\"text-editor.default\">\n\t\t\t\t<div class=\"elementor-widget-container\">\n\t\t\t\t\t\t\t\t\t<p>Ce morceau du groupe KDD explore l&#8217;id\u00e9e d&#8217;ajouter une nouvelle couleur au drapeau fran\u00e7ais, symbolisant l&#8217;int\u00e9gration et la diversit\u00e9 culturelle. C&#8217;est un appel \u00e0 la reconnaissance et \u00e0 l&#8217;inclusion dans la soci\u00e9t\u00e9 fran\u00e7aise.<br \/><em>\u201cAllons enfants d\u2019la patrie et de rapatri\u00e9s<\/em><br \/><em>Le jour de gloire est arriv\u00e9 pour ceux qui s\u2019mettent \u00e0 crier<\/em><br \/><em>Une couleur de plus au drapeau<\/em><br \/><em>Une couleur de plus au drapeau<\/em><br \/><em>Contre nous de la tyrannie faut qu\u2019on s\u2019en tire mon gadjot<\/em><br \/><em>L\u2019\u00e9tendard sanglant se l\u00e8ve pour stopper nos sanglots<\/em><br \/><em>Une couleur de plus au drapeau<\/em><br \/><em>Une couleur de plus au drapeau\u201d<\/em><\/p>\t\t\t\t\t\t\t\t<\/div>\n\t\t\t\t<\/div>\n\t\t\t\t\t<\/div>\n\t\t<\/div>\n\t\t\t\t\t<\/div>\n\t\t<\/section>\n\t\t\t\t<section class=\"elementor-section elementor-top-section elementor-element elementor-element-f14204e elementor-section-boxed elementor-section-height-default elementor-section-height-default\" data-id=\"f14204e\" data-element_type=\"section\">\n\t\t\t\t\t\t<div class=\"elementor-container elementor-column-gap-default\">\n\t\t\t\t\t<div class=\"elementor-column elementor-col-100 elementor-top-column elementor-element elementor-element-ddbad52\" data-id=\"ddbad52\" data-element_type=\"column\">\n\t\t\t<div class=\"elementor-widget-wrap elementor-element-populated\">\n\t\t\t\t\t\t<div class=\"elementor-element elementor-element-bba4bf4 elementor-widget elementor-widget-text-editor\" data-id=\"bba4bf4\" data-element_type=\"widget\" data-widget_type=\"text-editor.default\">\n\t\t\t\t<div class=\"elementor-widget-container\">\n\t\t\t\t\t\t\t\t\t<h3>&#8220;Le Drapeau&#8221; par Pascal Obispo (2009)<\/h3>\t\t\t\t\t\t\t\t<\/div>\n\t\t\t\t<\/div>\n\t\t\t\t\t<\/div>\n\t\t<\/div>\n\t\t\t\t\t<\/div>\n\t\t<\/section>\n\t\t\t\t<section class=\"elementor-section elementor-top-section elementor-element elementor-element-0cdfa75 elementor-section-boxed elementor-section-height-default elementor-section-height-default\" data-id=\"0cdfa75\" data-element_type=\"section\">\n\t\t\t\t\t\t<div class=\"elementor-container elementor-column-gap-default\">\n\t\t\t\t\t<div class=\"elementor-column elementor-col-100 elementor-top-column elementor-element elementor-element-4673069\" data-id=\"4673069\" data-element_type=\"column\">\n\t\t\t<div class=\"elementor-widget-wrap elementor-element-populated\">\n\t\t\t\t\t\t<div class=\"elementor-element elementor-element-7311ea7 elementor-widget elementor-widget-text-editor\" data-id=\"7311ea7\" data-element_type=\"widget\" data-widget_type=\"text-editor.default\">\n\t\t\t\t<div class=\"elementor-widget-container\">\n\t\t\t\t\t\t\t\t\t<p>Les paroles de cette chanson de Pascal Obispo explorent le th\u00e8me du drapeau d&#8217;une mani\u00e8re po\u00e9tique et symbolique, offrant une r\u00e9flexion sur l&#8217;identit\u00e9 et l&#8217;unit\u00e9 nationale.<br \/><em>\u201cSans \u00e9toile ni couronne ni fleur<\/em><br \/><em>Que dans l&#8217;air flotte une m\u00eame couleur<\/em><br \/><em>Couleur<\/em><br \/><em>Chants d&#8217;amour, chants de bataille<\/em><br \/><em>Il n&#8217;y a qu&#8217;une guerre \u00e0 faire aujourd&#8217;hui<\/em><br \/><em>Aujourd&#8217;hui<\/em><br \/><em>Tous le m\u00eame drapeau<\/em><br \/><em>Tous le m\u00eame drapeau\u201d<\/em><\/p>\t\t\t\t\t\t\t\t<\/div>\n\t\t\t\t<\/div>\n\t\t\t\t\t<\/div>\n\t\t<\/div>\n\t\t\t\t\t<\/div>\n\t\t<\/section>\n\t\t\t\t<section class=\"elementor-section elementor-top-section elementor-element elementor-element-ca62a4b elementor-section-boxed elementor-section-height-default elementor-section-height-default\" data-id=\"ca62a4b\" data-element_type=\"section\">\n\t\t\t\t\t\t<div class=\"elementor-container elementor-column-gap-default\">\n\t\t\t\t\t<div class=\"elementor-column elementor-col-100 elementor-top-column elementor-element elementor-element-bd34fa5\" data-id=\"bd34fa5\" data-element_type=\"column\">\n\t\t\t<div class=\"elementor-widget-wrap elementor-element-populated\">\n\t\t\t\t\t\t<div class=\"elementor-element elementor-element-a19d9a0 elementor-widget elementor-widget-text-editor\" data-id=\"a19d9a0\" data-element_type=\"widget\" data-widget_type=\"text-editor.default\">\n\t\t\t\t<div class=\"elementor-widget-container\">\n\t\t\t\t\t\t\t\t\t<h3>93 Empire &#8211; &#8220;Sur le Drapeau&#8221; Supr\u00eame NTM x Sofiane (2018)<\/h3>\t\t\t\t\t\t\t\t<\/div>\n\t\t\t\t<\/div>\n\t\t\t\t\t<\/div>\n\t\t<\/div>\n\t\t\t\t\t<\/div>\n\t\t<\/section>\n\t\t\t\t<section class=\"elementor-section elementor-top-section elementor-element elementor-element-905abeb elementor-section-boxed elementor-section-height-default elementor-section-height-default\" data-id=\"905abeb\" data-element_type=\"section\">\n\t\t\t\t\t\t<div class=\"elementor-container elementor-column-gap-default\">\n\t\t\t\t\t<div class=\"elementor-column elementor-col-100 elementor-top-column elementor-element elementor-element-9262fde\" data-id=\"9262fde\" data-element_type=\"column\">\n\t\t\t<div class=\"elementor-widget-wrap elementor-element-populated\">\n\t\t\t\t\t\t<div class=\"elementor-element elementor-element-28409c8 elementor-widget elementor-widget-text-editor\" data-id=\"28409c8\" data-element_type=\"widget\" data-widget_type=\"text-editor.default\">\n\t\t\t\t<div class=\"elementor-widget-container\">\n\t\t\t\t\t\t\t\t\t<p>Ce morceau de l&#8217;album 93 Empire offre une perspective contemporaine sur le th\u00e8me du drapeau dans la musique moderne, m\u00ealant fiert\u00e9 locale et identit\u00e9 nationale.<br \/><em>\u201cH\u00e9 h\u00e9, Fianso, le 9 et le 3 sur le drapeau<\/em><br \/><em>H\u00e9 h\u00e9, 9.3 Empire<\/em><br \/><em>Et si tu savais pas, maintenant, maintenant tu sais.\u201d<\/em><\/p>\t\t\t\t\t\t\t\t<\/div>\n\t\t\t\t<\/div>\n\t\t\t\t\t<\/div>\n\t\t<\/div>\n\t\t\t\t\t<\/div>\n\t\t<\/section>\n\t\t\t\t<section class=\"elementor-section elementor-top-section elementor-element elementor-element-b1962df elementor-section-boxed elementor-section-height-default elementor-section-height-default\" data-id=\"b1962df\" data-element_type=\"section\">\n\t\t\t\t\t\t<div class=\"elementor-container elementor-column-gap-default\">\n\t\t\t\t\t<div class=\"elementor-column elementor-col-100 elementor-top-column elementor-element elementor-element-00c02da\" data-id=\"00c02da\" data-element_type=\"column\">\n\t\t\t<div class=\"elementor-widget-wrap elementor-element-populated\">\n\t\t\t\t\t\t<div class=\"elementor-element elementor-element-62b9603 elementor-widget elementor-widget-text-editor\" data-id=\"62b9603\" data-element_type=\"widget\" data-widget_type=\"text-editor.default\">\n\t\t\t\t<div class=\"elementor-widget-container\">\n\t\t\t\t\t\t\t\t\t<h3>&#8220;Drapeau blanc&#8221; par Lord Esperanza et Majeur Mineur (2019)<\/h3>\t\t\t\t\t\t\t\t<\/div>\n\t\t\t\t<\/div>\n\t\t\t\t\t<\/div>\n\t\t<\/div>\n\t\t\t\t\t<\/div>\n\t\t<\/section>\n\t\t\t\t<section class=\"elementor-section elementor-top-section elementor-element elementor-element-7365b4b elementor-section-boxed elementor-section-height-default elementor-section-height-default\" data-id=\"7365b4b\" data-element_type=\"section\">\n\t\t\t\t\t\t<div class=\"elementor-container elementor-column-gap-default\">\n\t\t\t\t\t<div class=\"elementor-column elementor-col-100 elementor-top-column elementor-element elementor-element-3997812\" data-id=\"3997812\" data-element_type=\"column\">\n\t\t\t<div class=\"elementor-widget-wrap elementor-element-populated\">\n\t\t\t\t\t\t<div class=\"elementor-element elementor-element-d64e461 elementor-widget elementor-widget-text-editor\" data-id=\"d64e461\" data-element_type=\"widget\" data-widget_type=\"text-editor.default\">\n\t\t\t\t<div class=\"elementor-widget-container\">\n\t\t\t\t\t\t\t\t\t<p>Cette chanson moderne aborde le th\u00e8me du drapeau blanc, souvent associ\u00e9 \u00e0 la paix et \u00e0 la reddition. Elle refl\u00e8te une qu\u00eate de paix dans un contexte de conflits sociaux et personnels.<br \/><em>\u201cJ&#8217;peux pas faire semblant<\/em><br \/><em>Un par un les regards semblent m\u00e9fiants<\/em><br \/><em>Maintenant qu&#8217;j&#8217;y pense, c&#8217;est pas r\u00e9cent les yeux rouge sang<\/em><br \/><em>J&#8217;en laisse une goutte sur le drapeau blanc\u201d<\/em><\/p>\t\t\t\t\t\t\t\t<\/div>\n\t\t\t\t<\/div>\n\t\t\t\t\t<\/div>\n\t\t<\/div>\n\t\t\t\t\t<\/div>\n\t\t<\/section>\n\t\t\t\t<section class=\"elementor-section elementor-top-section elementor-element elementor-element-c8a19a1 elementor-section-boxed elementor-section-height-default elementor-section-height-default\" data-id=\"c8a19a1\" data-element_type=\"section\">\n\t\t\t\t\t\t<div class=\"elementor-container elementor-column-gap-default\">\n\t\t\t\t\t<div class=\"elementor-column elementor-col-100 elementor-top-column elementor-element elementor-element-ee715ef\" data-id=\"ee715ef\" data-element_type=\"column\">\n\t\t\t<div class=\"elementor-widget-wrap elementor-element-populated\">\n\t\t\t\t\t\t<div class=\"elementor-element elementor-element-8896286 elementor-widget elementor-widget-text-editor\" data-id=\"8896286\" data-element_type=\"widget\" data-widget_type=\"text-editor.default\">\n\t\t\t\t<div class=\"elementor-widget-container\">\n\t\t\t\t\t\t\t\t\t<h3>\u201cSacr\u00e9 bordel\u201d par Bigflo et Oli (2022)<\/h3>\t\t\t\t\t\t\t\t<\/div>\n\t\t\t\t<\/div>\n\t\t\t\t\t<\/div>\n\t\t<\/div>\n\t\t\t\t\t<\/div>\n\t\t<\/section>\n\t\t\t\t<section class=\"elementor-section elementor-top-section elementor-element elementor-element-b87f016 elementor-section-boxed elementor-section-height-default elementor-section-height-default\" data-id=\"b87f016\" data-element_type=\"section\">\n\t\t\t\t\t\t<div class=\"elementor-container elementor-column-gap-default\">\n\t\t\t\t\t<div class=\"elementor-column elementor-col-100 elementor-top-column elementor-element elementor-element-dbafe3c\" data-id=\"dbafe3c\" data-element_type=\"column\">\n\t\t\t<div class=\"elementor-widget-wrap elementor-element-populated\">\n\t\t\t\t\t\t<div class=\"elementor-element elementor-element-363f240 elementor-widget elementor-widget-text-editor\" data-id=\"363f240\" data-element_type=\"widget\" data-widget_type=\"text-editor.default\">\n\t\t\t\t<div class=\"elementor-widget-container\">\n\t\t\t\t\t\t\t\t\t<p>Dans ce texte, les deux fr\u00e8res toulousains interpr\u00e8tent, avec la justesse qu\u2019on leur conna\u00eet, la mentalit\u00e9 fran\u00e7aise qui consiste souvent \u00e0 se concentrer sur ce qui nous oppose plut\u00f4t que sur tout ce qui nous rassemble. Bigflo et Oli s\u2019interrogent notamment sur les questions d\u2019appropriation du drapeau fran\u00e7ais par une partie de la population.<br \/><em>\u201cPourquoi je suis mal \u00e0 l&#8217;aise devant mon propre drapeau?<\/em><br \/><em>Pourquoi j&#8217;le vois brandit uniquement \u00e0 l&#8217;\u00e9tranger ou chez les fachos?<\/em><br \/><em>Longtemps qu&#8217;il a pris la poussi\u00e8re<\/em><br \/><em>Le mien ne m&#8217;a pas trop servi<\/em><br \/><em>Pourquoi \u00e7a me g\u00eane moins<\/em><br \/><em>Quand c&#8217;est celui de l&#8217;<a href=\"https:\/\/www.macapflag.com\/drapeau-pays-avec-hampe\/792004-drapeau-argentine-avec-hampe-officiel.html\"><span style=\"color: #3366ff;\"><strong>Argentine<\/strong><\/span><\/a> ou bien d&#8217;l&#8217;<a href=\"https:\/\/www.macapflag.com\/drapeau-pays-avec-hampe\/791819-drapeau-algerie-avec-hampe-officiel.html\"><span style=\"color: #3366ff;\"><strong>Alg\u00e9rie<\/strong><\/span><\/a>?\u201d<\/em><\/p>\t\t\t\t\t\t\t\t<\/div>\n\t\t\t\t<\/div>\n\t\t\t\t\t<\/div>\n\t\t<\/div>\n\t\t\t\t\t<\/div>\n\t\t<\/section>\n\t\t\t\t<section class=\"elementor-section elementor-top-section elementor-element elementor-element-6c4a296 elementor-section-boxed elementor-section-height-default elementor-section-height-default\" data-id=\"6c4a296\" data-element_type=\"section\">\n\t\t\t\t\t\t<div class=\"elementor-container elementor-column-gap-default\">\n\t\t\t\t\t<div class=\"elementor-column elementor-col-100 elementor-top-column elementor-element elementor-element-41644c1\" data-id=\"41644c1\" data-element_type=\"column\">\n\t\t\t<div class=\"elementor-widget-wrap elementor-element-populated\">\n\t\t\t\t\t\t<div class=\"elementor-element elementor-element-e24c98d elementor-widget elementor-widget-text-editor\" data-id=\"e24c98d\" data-element_type=\"widget\" data-widget_type=\"text-editor.default\">\n\t\t\t\t<div class=\"elementor-widget-container\">\n\t\t\t\t\t\t\t\t\t<p>Ces chansons montrent comment le drapeau, au-del\u00e0 de son r\u00f4le de symbole national, sert de toile de fond pour explorer des th\u00e8mes vari\u00e9s tels que l&#8217;identit\u00e9, la r\u00e9bellion, la diversit\u00e9 et la paix. <br \/>Elles refl\u00e8tent la richesse et la complexit\u00e9 de la soci\u00e9t\u00e9 fran\u00e7aise \u00e0 travers le prisme de la musique. <\/p>\t\t\t\t\t\t\t\t<\/div>\n\t\t\t\t<\/div>\n\t\t\t\t\t<\/div>\n\t\t<\/div>\n\t\t\t\t\t<\/div>\n\t\t<\/section>\n\t\t\t\t<section class=\"elementor-section elementor-top-section elementor-element elementor-element-c0a572b elementor-section-boxed elementor-section-height-default elementor-section-height-default\" data-id=\"c0a572b\" data-element_type=\"section\">\n\t\t\t\t\t\t<div class=\"elementor-container elementor-column-gap-default\">\n\t\t\t\t\t<div class=\"elementor-column elementor-col-100 elementor-top-column elementor-element elementor-element-e7968dc\" data-id=\"e7968dc\" data-element_type=\"column\">\n\t\t\t<div class=\"elementor-widget-wrap elementor-element-populated\">\n\t\t\t\t\t\t<div class=\"elementor-element elementor-element-5b75023 elementor-widget elementor-widget-image\" data-id=\"5b75023\" data-element_type=\"widget\" data-widget_type=\"image.default\">\n\t\t\t\t<div class=\"elementor-widget-container\">\n\t\t\t\t\t\t\t\t\t\t\t\t\t\t\t<img fetchpriority=\"high\" decoding=\"async\" width=\"700\" height=\"534\" src=\"https:\/\/www.macapflag.com\/blog\/wp-content\/uploads\/2024\/02\/drapeau-dans-chanson-francaise.jpg\" class=\"attachment-large size-large wp-image-16137\" alt=\"Drapeau fran\u00e7ais dans la chanson\" srcset=\"https:\/\/www.macapflag.com\/blog\/wp-content\/uploads\/2024\/02\/drapeau-dans-chanson-francaise.jpg 700w, https:\/\/www.macapflag.com\/blog\/wp-content\/uploads\/2024\/02\/drapeau-dans-chanson-francaise-300x229.jpg 300w\" sizes=\"(max-width: 700px) 100vw, 700px\" \/>\t\t\t\t\t\t\t\t\t\t\t\t\t\t\t<\/div>\n\t\t\t\t<\/div>\n\t\t\t\t\t<\/div>\n\t\t<\/div>\n\t\t\t\t\t<\/div>\n\t\t<\/section>\n\t\t\t\t<section class=\"elementor-section elementor-top-section elementor-element elementor-element-36e3709 elementor-section-boxed elementor-section-height-default elementor-section-height-default\" data-id=\"36e3709\" data-element_type=\"section\">\n\t\t\t\t\t\t<div class=\"elementor-container elementor-column-gap-default\">\n\t\t\t\t\t<div class=\"elementor-column elementor-col-100 elementor-top-column elementor-element elementor-element-4eb360c\" data-id=\"4eb360c\" data-element_type=\"column\">\n\t\t\t<div class=\"elementor-widget-wrap elementor-element-populated\">\n\t\t\t\t\t\t<div class=\"elementor-element elementor-element-152ea97 elementor-widget elementor-widget-spacer\" data-id=\"152ea97\" data-element_type=\"widget\" data-widget_type=\"spacer.default\">\n\t\t\t\t<div class=\"elementor-widget-container\">\n\t\t\t\t\t\t\t<div class=\"elementor-spacer\">\n\t\t\t<div class=\"elementor-spacer-inner\"><\/div>\n\t\t<\/div>\n\t\t\t\t\t\t<\/div>\n\t\t\t\t<\/div>\n\t\t\t\t\t<\/div>\n\t\t<\/div>\n\t\t\t\t\t<\/div>\n\t\t<\/section>\n\t\t\t\t<section class=\"elementor-section elementor-top-section elementor-element elementor-element-543cab6 elementor-section-boxed elementor-section-height-default elementor-section-height-default\" data-id=\"543cab6\" data-element_type=\"section\">\n\t\t\t\t\t\t<div class=\"elementor-container elementor-column-gap-default\">\n\t\t\t\t\t<div class=\"elementor-column elementor-col-100 elementor-top-column elementor-element elementor-element-0ad52a6\" data-id=\"0ad52a6\" data-element_type=\"column\">\n\t\t\t<div class=\"elementor-widget-wrap elementor-element-populated\">\n\t\t\t\t\t\t<div class=\"elementor-element elementor-element-73ba81e elementor-widget elementor-widget-text-editor\" data-id=\"73ba81e\" data-element_type=\"widget\" data-widget_type=\"text-editor.default\">\n\t\t\t\t<div class=\"elementor-widget-container\">\n\t\t\t\t\t\t\t\t\t<h2>Le drapeau en images\u2026<\/h2>\t\t\t\t\t\t\t\t<\/div>\n\t\t\t\t<\/div>\n\t\t\t\t\t<\/div>\n\t\t<\/div>\n\t\t\t\t\t<\/div>\n\t\t<\/section>\n\t\t\t\t<section class=\"elementor-section elementor-top-section elementor-element elementor-element-397a684 elementor-section-boxed elementor-section-height-default elementor-section-height-default\" data-id=\"397a684\" data-element_type=\"section\">\n\t\t\t\t\t\t<div class=\"elementor-container elementor-column-gap-default\">\n\t\t\t\t\t<div class=\"elementor-column elementor-col-100 elementor-top-column elementor-element elementor-element-53bb0f8\" data-id=\"53bb0f8\" data-element_type=\"column\">\n\t\t\t<div class=\"elementor-widget-wrap elementor-element-populated\">\n\t\t\t\t\t\t<div class=\"elementor-element elementor-element-85c7e15 elementor-widget elementor-widget-text-editor\" data-id=\"85c7e15\" data-element_type=\"widget\" data-widget_type=\"text-editor.default\">\n\t\t\t\t<div class=\"elementor-widget-container\">\n\t\t\t\t\t\t\t\t\t<h3>Le drapeau sur les pochettes d\u2019albums<\/h3>\t\t\t\t\t\t\t\t<\/div>\n\t\t\t\t<\/div>\n\t\t\t\t\t<\/div>\n\t\t<\/div>\n\t\t\t\t\t<\/div>\n\t\t<\/section>\n\t\t\t\t<section class=\"elementor-section elementor-top-section elementor-element elementor-element-4b15be1 elementor-section-boxed elementor-section-height-default elementor-section-height-default\" data-id=\"4b15be1\" data-element_type=\"section\">\n\t\t\t\t\t\t<div class=\"elementor-container elementor-column-gap-default\">\n\t\t\t\t\t<div class=\"elementor-column elementor-col-100 elementor-top-column elementor-element elementor-element-5219658\" data-id=\"5219658\" data-element_type=\"column\">\n\t\t\t<div class=\"elementor-widget-wrap elementor-element-populated\">\n\t\t\t\t\t\t<div class=\"elementor-element elementor-element-1b09195 elementor-widget elementor-widget-text-editor\" data-id=\"1b09195\" data-element_type=\"widget\" data-widget_type=\"text-editor.default\">\n\t\t\t\t<div class=\"elementor-widget-container\">\n\t\t\t\t\t\t\t\t\t<p>Si le drapeau est fr\u00e9quemment cit\u00e9 dans les paroles des chansons, il est \u00e9galement pr\u00e9sent de mani\u00e8re plus visuelle dans le monde de la musique.<br \/>Voici quelques exemples :<br \/>Pour leur morceau \u201cThe Trooper\u201d extrait de l\u2019album \u201cPiece of mind\u201d paru en 1983, le groupe Iron Maiden a repr\u00e9sent\u00e9 l\u2019Union Jack en lambeau sur la pochette. <br \/>Le drapeau am\u00e9ricain, le \u201c<a href=\"https:\/\/www.macapflag.com\/drapeau-pays-pour-mat\/910-drapeau-etats-unis-officiel-.html\"><span style=\"color: #3366ff;\"><strong>stars and stripes<\/strong><\/span><\/a>\u201d, figure en toile de fond de la pochette du disque \u201cBorn in the USA\u201d de Bruce Sprinsteen sorti en 1984.<br \/>Pour son album \u201cCivilisation\u201d sorti en 2021, Orelsan a cr\u00e9\u00e9 un drapeau personnalis\u00e9 garant de son identit\u00e9 visuelle. L\u2019artiste a expliqu\u00e9 que ce drapeau avait un vrai sens et que chaque forme et chaque couleur avaient \u00e9t\u00e9 choisies pour une bonne raison.<\/p>\t\t\t\t\t\t\t\t<\/div>\n\t\t\t\t<\/div>\n\t\t\t\t\t<\/div>\n\t\t<\/div>\n\t\t\t\t\t<\/div>\n\t\t<\/section>\n\t\t\t\t<section class=\"elementor-section elementor-top-section elementor-element elementor-element-f31cab3 elementor-section-boxed elementor-section-height-default elementor-section-height-default\" data-id=\"f31cab3\" data-element_type=\"section\">\n\t\t\t\t\t\t<div class=\"elementor-container elementor-column-gap-default\">\n\t\t\t\t\t<div class=\"elementor-column elementor-col-100 elementor-top-column elementor-element elementor-element-e5d22a1\" data-id=\"e5d22a1\" data-element_type=\"column\">\n\t\t\t<div class=\"elementor-widget-wrap elementor-element-populated\">\n\t\t\t\t\t\t<div class=\"elementor-element elementor-element-f0aefcc elementor-widget elementor-widget-text-editor\" data-id=\"f0aefcc\" data-element_type=\"widget\" data-widget_type=\"text-editor.default\">\n\t\t\t\t<div class=\"elementor-widget-container\">\n\t\t\t\t\t\t\t\t\t<h3>Le drapeau comme support de promotion<\/h3>\t\t\t\t\t\t\t\t<\/div>\n\t\t\t\t<\/div>\n\t\t\t\t\t<\/div>\n\t\t<\/div>\n\t\t\t\t\t<\/div>\n\t\t<\/section>\n\t\t\t\t<section class=\"elementor-section elementor-top-section elementor-element elementor-element-a2dc11f elementor-section-boxed elementor-section-height-default elementor-section-height-default\" data-id=\"a2dc11f\" data-element_type=\"section\">\n\t\t\t\t\t\t<div class=\"elementor-container elementor-column-gap-default\">\n\t\t\t\t\t<div class=\"elementor-column elementor-col-100 elementor-top-column elementor-element elementor-element-5b22c3d\" data-id=\"5b22c3d\" data-element_type=\"column\">\n\t\t\t<div class=\"elementor-widget-wrap elementor-element-populated\">\n\t\t\t\t\t\t<div class=\"elementor-element elementor-element-f278b77 elementor-widget elementor-widget-text-editor\" data-id=\"f278b77\" data-element_type=\"widget\" data-widget_type=\"text-editor.default\">\n\t\t\t\t<div class=\"elementor-widget-container\">\n\t\t\t\t\t\t\t\t\t<p>Citons ici encore le m\u00eame Orelsan qui a fait fabriquer \u201cen vrai\u201d le drapeau repr\u00e9sent\u00e9 sur la pochette de l\u2019album Civilisation. Pour c\u00e9l\u00e9brer la sortie de l\u2019album, disque d\u2019or avant sa sortie, Orlesan a enflamm\u00e9 le stade de Caen le 20 novembre 2021 en apparaissant rev\u00eatu de son <a href=\"https:\/\/www.macapflag.com\/12-drapeau-pour-mat-personnalise\"><span style=\"color: #3366ff;\"><strong>drapeau personnalis\u00e9<\/strong><\/span><\/a> nou\u00e9 autour de son cou comme une cape. La star a donn\u00e9 le coup d\u2019envoi du match de foot qui opposait le SM Caen au Paris FC avec son drapeau mis \u00e0 l\u2019envers !<br \/>Dans le clip de la chanson \u201cJour meilleur\u201d, l\u2019artiste se met d\u2019ailleurs en sc\u00e8ne en train de dessiner puis de coudre son drapeau. Il appara\u00eet ensuite dans le clip avec son beau drapeau d\u00e9ploy\u00e9.<\/p><p>D\u2019autres artistes, notamment les groupes de hard rock ou de m\u00e9tal, utilisent des drapeaux personnalis\u00e9s sur sc\u00e8ne ou sur les photos des affiches annon\u00e7ant leurs concerts.<\/p><p>Les drapeaux personnalis\u00e9s dans les festivals : Lors des grands festivals de musique (comme Rock en Seine ou les Vieilles Charrues), les drapeaux sont omnipr\u00e9sents.<br \/>L&#8217;organisation installe des <a href=\"https:\/\/www.macapflag.com\/12-drapeau-pour-mat-personnalise\" target=\"_blank\" rel=\"noopener\"><span style=\"color: #3366ff;\"><strong>drapeaux personnalis\u00e9s pour m\u00e2t<\/strong><\/span><\/a> aux couleurs de l&#8217;\u00e9v\u00e8nement. On assiste lors de ces grands concerts \u00e0 des spectacles de cr\u00e9ativit\u00e9 au niveau du design du drapeau. Tant sur le fond que sur la forme, les graphistes aiment jouer la carte de l&#8217;originalit\u00e9.<\/p><p>Les festivaliers eux-m\u00eames apportent \u00e9galement leurs propres drapeaux. Ils permettent de revendiquer leur appartenance \u00e0 une r\u00e9gion, un pays ou m\u00eame un groupe de fans.<\/p>\t\t\t\t\t\t\t\t<\/div>\n\t\t\t\t<\/div>\n\t\t\t\t\t<\/div>\n\t\t<\/div>\n\t\t\t\t\t<\/div>\n\t\t<\/section>\n\t\t\t\t<section class=\"elementor-section elementor-top-section elementor-element elementor-element-3d77346 elementor-section-boxed elementor-section-height-default elementor-section-height-default\" data-id=\"3d77346\" data-element_type=\"section\">\n\t\t\t\t\t\t<div class=\"elementor-container elementor-column-gap-default\">\n\t\t\t\t\t<div class=\"elementor-column elementor-col-100 elementor-top-column elementor-element elementor-element-14c881b\" data-id=\"14c881b\" data-element_type=\"column\">\n\t\t\t<div class=\"elementor-widget-wrap elementor-element-populated\">\n\t\t\t\t\t\t<div class=\"elementor-element elementor-element-c052529 elementor-widget elementor-widget-text-editor\" data-id=\"c052529\" data-element_type=\"widget\" data-widget_type=\"text-editor.default\">\n\t\t\t\t<div class=\"elementor-widget-container\">\n\t\t\t\t\t\t\t\t\t<p>On parle souvent du langage universel de la musique, et l\u2019on entend la m\u00eame chose \u00e0 propos des drapeaux.<br \/>Utiliser un drapeau comme support de promotion d\u2019une chanson ou d\u2019une musique, c\u2019est profiter d\u2019une synergie existante pour une communication efficace. <\/p>\t\t\t\t\t\t\t\t<\/div>\n\t\t\t\t<\/div>\n\t\t\t\t\t<\/div>\n\t\t<\/div>\n\t\t\t\t\t<\/div>\n\t\t<\/section>\n\t\t\t\t<section class=\"elementor-section elementor-top-section elementor-element elementor-element-9615cdc elementor-section-boxed elementor-section-height-default elementor-section-height-default\" data-id=\"9615cdc\" data-element_type=\"section\">\n\t\t\t\t\t\t<div class=\"elementor-container elementor-column-gap-default\">\n\t\t\t\t\t<div class=\"elementor-column elementor-col-100 elementor-top-column elementor-element elementor-element-319f340\" data-id=\"319f340\" data-element_type=\"column\">\n\t\t\t<div class=\"elementor-widget-wrap elementor-element-populated\">\n\t\t\t\t\t\t<div class=\"elementor-element elementor-element-98da256 elementor-widget elementor-widget-text-editor\" data-id=\"98da256\" data-element_type=\"widget\" data-widget_type=\"text-editor.default\">\n\t\t\t\t<div class=\"elementor-widget-container\">\n\t\t\t\t\t\t\t\t\t<h3>Les formes de drapeaux pour m\u00e2t les plus pris\u00e9es dans les festivals de musique<\/h3>\t\t\t\t\t\t\t\t<\/div>\n\t\t\t\t<\/div>\n\t\t\t\t\t<\/div>\n\t\t<\/div>\n\t\t\t\t\t<\/div>\n\t\t<\/section>\n\t\t\t\t<section class=\"elementor-section elementor-top-section elementor-element elementor-element-4e5ee21 elementor-section-boxed elementor-section-height-default elementor-section-height-default\" data-id=\"4e5ee21\" data-element_type=\"section\">\n\t\t\t\t\t\t<div class=\"elementor-container elementor-column-gap-default\">\n\t\t\t\t\t<div class=\"elementor-column elementor-col-33 elementor-top-column elementor-element elementor-element-97662a7\" data-id=\"97662a7\" data-element_type=\"column\">\n\t\t\t<div class=\"elementor-widget-wrap elementor-element-populated\">\n\t\t\t\t\t\t<div class=\"elementor-element elementor-element-0da2c5a elementor-widget elementor-widget-shortcode\" data-id=\"0da2c5a\" data-element_type=\"widget\" data-widget_type=\"shortcode.default\">\n\t\t\t\t<div class=\"elementor-widget-container\">\n\t\t\t\t\t\t\t<div class=\"elementor-shortcode\"><div class=\"container p-0 m-0\">\n    <div class=\"row m-0 border\">\n        <div class=\"col-12 grid-didpd-body text-center\">\n            <img decoding=\"async\" src=\"https:\/\/www.macapflag.com\/1858391-home_default\/drapeau-pour-mat-classique-forme-double-pointe.jpg\" alt=\"Drapeau double pointe\" class=\"mx-auto\" \/>\n            <div class=\"grid-didpd-text\">\n                <a href=\"https:\/\/www.macapflag.com\/drapeau-pour-mat-personnalise\/791899-drapeau-pour-mat-classique-forme-double-pointe.html\" target=\"_blank\" class=\"stretched-link\">\n                    <h3>Drapeau double pointe<\/h3>\n                <\/a>\n            <\/div>\n                        <p class=\"text-center font-weight-bold\">34,00 \u20ac HT<\/p>            <div class=\"text-center\">\n                <button class=\"btn btn-primary\">Achat drapeau<\/button>\n            <\/div>\n        <\/div>\n    <\/div>\n<\/div>\n<\/div>\n\t\t\t\t\t\t<\/div>\n\t\t\t\t<\/div>\n\t\t\t\t\t<\/div>\n\t\t<\/div>\n\t\t\t\t<div class=\"elementor-column elementor-col-33 elementor-top-column elementor-element elementor-element-529dc0e\" data-id=\"529dc0e\" data-element_type=\"column\">\n\t\t\t<div class=\"elementor-widget-wrap elementor-element-populated\">\n\t\t\t\t\t\t<div class=\"elementor-element elementor-element-9de9a5a elementor-widget elementor-widget-shortcode\" data-id=\"9de9a5a\" data-element_type=\"widget\" data-widget_type=\"shortcode.default\">\n\t\t\t\t<div class=\"elementor-widget-container\">\n\t\t\t\t\t\t\t<div class=\"elementor-shortcode\"><div class=\"container p-0 m-0\">\n    <div class=\"row m-0 border\">\n        <div class=\"col-12 grid-didpd-body text-center\">\n            <img decoding=\"async\" src=\"https:\/\/www.macapflag.com\/1858388-home_default\/drapeau-pour-mat-classique-forme-fendue-en-triangle.jpg\" alt=\"Drapeau fendu tring\" class=\"mx-auto\" \/>\n            <div class=\"grid-didpd-text\">\n                <a href=\"https:\/\/www.macapflag.com\/drapeau-pour-mat-personnalise\/791898-drapeau-pour-mat-classique-forme-fendue-en-triangle.html\" target=\"_blank\" class=\"stretched-link\">\n                    <h3>Drapeau fendu tring<\/h3>\n                <\/a>\n            <\/div>\n                        <p class=\"text-center font-weight-bold\">34,00 \u20ac HT<\/p>            <div class=\"text-center\">\n                <button class=\"btn btn-primary\">Achat drapeau<\/button>\n            <\/div>\n        <\/div>\n    <\/div>\n<\/div>\n<\/div>\n\t\t\t\t\t\t<\/div>\n\t\t\t\t<\/div>\n\t\t\t\t\t<\/div>\n\t\t<\/div>\n\t\t\t\t<div class=\"elementor-column elementor-col-33 elementor-top-column elementor-element elementor-element-6434b35\" data-id=\"6434b35\" data-element_type=\"column\">\n\t\t\t<div class=\"elementor-widget-wrap elementor-element-populated\">\n\t\t\t\t\t\t<div class=\"elementor-element elementor-element-5bc93c9 elementor-widget elementor-widget-shortcode\" data-id=\"5bc93c9\" data-element_type=\"widget\" data-widget_type=\"shortcode.default\">\n\t\t\t\t<div class=\"elementor-widget-container\">\n\t\t\t\t\t\t\t<div class=\"elementor-shortcode\"><div class=\"container p-0 m-0\">\n    <div class=\"row m-0 border\">\n        <div class=\"col-12 grid-didpd-body text-center\">\n            <img decoding=\"async\" src=\"https:\/\/www.macapflag.com\/1858383-home_default\/drapeau-pour-mat-classique-forme-trident.jpg\" alt=\"Drapeau forme trident\" class=\"mx-auto\" \/>\n            <div class=\"grid-didpd-text\">\n                <a href=\"https:\/\/www.macapflag.com\/drapeau-pour-mat-personnalise\/791896-drapeau-pour-mat-classique-forme-trident.html\" target=\"_blank\" class=\"stretched-link\">\n                    <h3>Drapeau forme trident<\/h3>\n                <\/a>\n            <\/div>\n                        <p class=\"text-center font-weight-bold\">34,00 \u20ac HT<\/p>            <div class=\"text-center\">\n                <button class=\"btn btn-primary\">Achat drapeau<\/button>\n            <\/div>\n        <\/div>\n    <\/div>\n<\/div>\n<\/div>\n\t\t\t\t\t\t<\/div>\n\t\t\t\t<\/div>\n\t\t\t\t\t<\/div>\n\t\t<\/div>\n\t\t\t\t\t<\/div>\n\t\t<\/section>\n\t\t\t\t<section class=\"elementor-section elementor-top-section elementor-element elementor-element-61a717a elementor-section-boxed elementor-section-height-default elementor-section-height-default\" data-id=\"61a717a\" data-element_type=\"section\">\n\t\t\t\t\t\t<div class=\"elementor-container elementor-column-gap-default\">\n\t\t\t\t\t<div class=\"elementor-column elementor-col-33 elementor-top-column elementor-element elementor-element-4f41046\" data-id=\"4f41046\" data-element_type=\"column\">\n\t\t\t<div class=\"elementor-widget-wrap elementor-element-populated\">\n\t\t\t\t\t\t<div class=\"elementor-element elementor-element-593876e elementor-widget elementor-widget-shortcode\" data-id=\"593876e\" data-element_type=\"widget\" data-widget_type=\"shortcode.default\">\n\t\t\t\t<div class=\"elementor-widget-container\">\n\t\t\t\t\t\t\t<div class=\"elementor-shortcode\"><div class=\"container p-0 m-0\">\n    <div class=\"row m-0 border\">\n        <div class=\"col-12 grid-didpd-body text-center\">\n            <img decoding=\"async\" src=\"https:\/\/www.macapflag.com\/229986-home_default\/drapeau-pour-mat-classique-forme-horizontale-.jpg\" alt=\"Drapeau horizontal\" class=\"mx-auto\" \/>\n            <div class=\"grid-didpd-text\">\n                <a href=\"https:\/\/www.macapflag.com\/drapeau-pour-mat-personnalise\/131-drapeau-pour-mat-classique-forme-horizontale-.html\" target=\"_blank\" class=\"stretched-link\">\n                    <h3>Drapeau horizontal<\/h3>\n                <\/a>\n            <\/div>\n                        <p class=\"text-center font-weight-bold\">34,00 \u20ac HT<\/p>            <div class=\"text-center\">\n                <button class=\"btn btn-primary\">Achat drapeau<\/button>\n            <\/div>\n        <\/div>\n    <\/div>\n<\/div>\n<\/div>\n\t\t\t\t\t\t<\/div>\n\t\t\t\t<\/div>\n\t\t\t\t\t<\/div>\n\t\t<\/div>\n\t\t\t\t<div class=\"elementor-column elementor-col-33 elementor-top-column elementor-element elementor-element-f97345d\" data-id=\"f97345d\" data-element_type=\"column\">\n\t\t\t<div class=\"elementor-widget-wrap elementor-element-populated\">\n\t\t\t\t\t\t<div class=\"elementor-element elementor-element-3c584f3 elementor-widget elementor-widget-shortcode\" data-id=\"3c584f3\" data-element_type=\"widget\" data-widget_type=\"shortcode.default\">\n\t\t\t\t<div class=\"elementor-widget-container\">\n\t\t\t\t\t\t\t<div class=\"elementor-shortcode\"><div class=\"container p-0 m-0\">\n    <div class=\"row m-0 border\">\n        <div class=\"col-12 grid-didpd-body text-center\">\n            <img decoding=\"async\" src=\"https:\/\/www.macapflag.com\/1858381-home_default\/drapeau-pour-mat-classique-forme-carree.jpg\" alt=\"Drapeau carr&eacute;\" class=\"mx-auto\" \/>\n            <div class=\"grid-didpd-text\">\n                <a href=\"https:\/\/www.macapflag.com\/drapeau-pour-mat-personnalise\/791895-drapeau-pour-mat-classique-forme-carree.html\" target=\"_blank\" class=\"stretched-link\">\n                    <h3>Drapeau carr\u00e9<\/h3>\n                <\/a>\n            <\/div>\n                        <p class=\"text-center font-weight-bold\">32,00 \u20ac HT<\/p>            <div class=\"text-center\">\n                <button class=\"btn btn-primary\">Achat drapeau<\/button>\n            <\/div>\n        <\/div>\n    <\/div>\n<\/div>\n\n<\/div>\n\t\t\t\t\t\t<\/div>\n\t\t\t\t<\/div>\n\t\t\t\t\t<\/div>\n\t\t<\/div>\n\t\t\t\t<div class=\"elementor-column elementor-col-33 elementor-top-column elementor-element elementor-element-ade66ed\" data-id=\"ade66ed\" data-element_type=\"column\">\n\t\t\t<div class=\"elementor-widget-wrap elementor-element-populated\">\n\t\t\t\t\t\t<div class=\"elementor-element elementor-element-13c3890 elementor-widget elementor-widget-shortcode\" data-id=\"13c3890\" data-element_type=\"widget\" data-widget_type=\"shortcode.default\">\n\t\t\t\t<div class=\"elementor-widget-container\">\n\t\t\t\t\t\t\t<div class=\"elementor-shortcode\"><div class=\"container p-0 m-0\">\n    <div class=\"row m-0 border\">\n        <div class=\"col-12 grid-didpd-body text-center\">\n            <img decoding=\"async\" src=\"https:\/\/www.macapflag.com\/230000-home_default\/drapeau-pour-mat-potence-a-fourreau-forme-verticale.jpg\" alt=\"Drapeau vertical\" class=\"mx-auto\" \/>\n            <div class=\"grid-didpd-text\">\n                <a href=\"https:\/\/www.macapflag.com\/drapeau-pour-mat-personnalise\/278-drapeau-pour-mat-potence-a-fourreau-forme-verticale.html\" target=\"_blank\" class=\"stretched-link\">\n                    <h3>Drapeau vertical<\/h3>\n                <\/a>\n            <\/div>\n                        <p class=\"text-center font-weight-bold\">69,00 \u20ac HT<\/p>            <div class=\"text-center\">\n                <button class=\"btn btn-primary\">Achat drapeau<\/button>\n            <\/div>\n        <\/div>\n    <\/div>\n<\/div>\n<\/div>\n\t\t\t\t\t\t<\/div>\n\t\t\t\t<\/div>\n\t\t\t\t\t<\/div>\n\t\t<\/div>\n\t\t\t\t\t<\/div>\n\t\t<\/section>\n\t\t\t\t<\/div>\n\t\t","protected":false},"excerpt":{"rendered":"<div class=\"tmnf_excerpt\"><p>Le drapeau en paroles &#8230;. La chanson fran\u00e7aise, riche en po\u00e9sie et en \u00e9motion, a souvent utilis\u00e9 le drapeau comme m\u00e9taphore ou sujet principal pour exprimer des sentiments nationaux, des revendications sociales ou des messages politiques. Ainsi, certains artistes fran\u00e7ais ont int\u00e9gr\u00e9 le th\u00e8me du drapeau dans leurs \u0153uvres musicales. Voici une liste, non exhaustive, &hellip;<\/p>\n<\/div>","protected":false},"author":2,"featured_media":16127,"comment_status":"closed","ping_status":"closed","sticky":false,"template":"template-fullwidth.php","format":"standard","meta":{"footnotes":""},"categories":[93],"tags":[],"class_list":["post-16125","post","type-post","status-publish","format-standard","has-post-thumbnail","hentry","category-com"],"yoast_head":"<!-- This site is optimized with the Yoast SEO plugin v26.4 - https:\/\/yoast.com\/wordpress\/plugins\/seo\/ -->\n<title>Le drapeau, un symbole fort dans l&#039;univers de la chanson<\/title>\n<meta name=\"description\" content=\"Le drapeau est pr\u00e9sent dans l&#039;univers de la chanson de toutes les \u00e9poques, aussi bien dans la chanson fran\u00e7aise qu&#039;internationale.\" \/>\n<meta name=\"robots\" content=\"index, follow, max-snippet:-1, max-image-preview:large, max-video-preview:-1\" \/>\n<link rel=\"canonical\" href=\"https:\/\/www.macapflag.com\/blog\/chanson\/\" \/>\n<meta property=\"og:locale\" content=\"fr_FR\" \/>\n<meta property=\"og:type\" content=\"article\" \/>\n<meta property=\"og:title\" content=\"Le drapeau, un symbole fort dans l&#039;univers de la chanson\" \/>\n<meta property=\"og:description\" content=\"Le drapeau est pr\u00e9sent dans l&#039;univers de la chanson de toutes les \u00e9poques, aussi bien dans la chanson fran\u00e7aise qu&#039;internationale.\" \/>\n<meta property=\"og:url\" content=\"https:\/\/www.macapflag.com\/blog\/chanson\/\" \/>\n<meta property=\"og:site_name\" content=\"Blog - Macap\" \/>\n<meta property=\"article:publisher\" content=\"https:\/\/www.facebook.com\/macap.pavoisement\/\" \/>\n<meta property=\"article:published_time\" content=\"2025-02-21T07:06:59+00:00\" \/>\n<meta property=\"og:image\" content=\"https:\/\/www.macapflag.com\/blog\/wp-content\/uploads\/2024\/02\/drapeau-dans-chanson-francaise-TITRE.jpg\" \/>\n\t<meta property=\"og:image:width\" content=\"870\" \/>\n\t<meta property=\"og:image:height\" content=\"600\" \/>\n\t<meta property=\"og:image:type\" content=\"image\/jpeg\" \/>\n<meta name=\"author\" content=\"Blog Macap\" \/>\n<meta name=\"twitter:card\" content=\"summary_large_image\" \/>\n<meta name=\"twitter:label1\" content=\"\u00c9crit par\" \/>\n\t<meta name=\"twitter:data1\" content=\"Blog Macap\" \/>\n\t<meta name=\"twitter:label2\" content=\"Dur\u00e9e de lecture estim\u00e9e\" \/>\n\t<meta name=\"twitter:data2\" content=\"7 minutes\" \/>\n<script type=\"application\/ld+json\" class=\"yoast-schema-graph\">{\"@context\":\"https:\/\/schema.org\",\"@graph\":[{\"@type\":\"Article\",\"@id\":\"https:\/\/www.macapflag.com\/blog\/chanson\/#article\",\"isPartOf\":{\"@id\":\"https:\/\/www.macapflag.com\/blog\/chanson\/\"},\"author\":{\"name\":\"Blog Macap\",\"@id\":\"https:\/\/www.macapflag.com\/blog\/#\/schema\/person\/3fea701f2603875e651e6b662578fc3c\"},\"headline\":\"Le drapeau dans la chanson fran\u00e7aise : Un symbole fort en paroles et en musique\",\"datePublished\":\"2025-02-21T07:06:59+00:00\",\"mainEntityOfPage\":{\"@id\":\"https:\/\/www.macapflag.com\/blog\/chanson\/\"},\"wordCount\":1240,\"publisher\":{\"@id\":\"https:\/\/www.macapflag.com\/blog\/#organization\"},\"image\":{\"@id\":\"https:\/\/www.macapflag.com\/blog\/chanson\/#primaryimage\"},\"thumbnailUrl\":\"https:\/\/www.macapflag.com\/blog\/wp-content\/uploads\/2024\/02\/drapeau-dans-chanson-francaise-TITRE.jpg\",\"articleSection\":[\"Le monde de la Com'\"],\"inLanguage\":\"fr-FR\"},{\"@type\":\"WebPage\",\"@id\":\"https:\/\/www.macapflag.com\/blog\/chanson\/\",\"url\":\"https:\/\/www.macapflag.com\/blog\/chanson\/\",\"name\":\"Le drapeau, un symbole fort dans l'univers de la chanson\",\"isPartOf\":{\"@id\":\"https:\/\/www.macapflag.com\/blog\/#website\"},\"primaryImageOfPage\":{\"@id\":\"https:\/\/www.macapflag.com\/blog\/chanson\/#primaryimage\"},\"image\":{\"@id\":\"https:\/\/www.macapflag.com\/blog\/chanson\/#primaryimage\"},\"thumbnailUrl\":\"https:\/\/www.macapflag.com\/blog\/wp-content\/uploads\/2024\/02\/drapeau-dans-chanson-francaise-TITRE.jpg\",\"datePublished\":\"2025-02-21T07:06:59+00:00\",\"description\":\"Le drapeau est pr\u00e9sent dans l'univers de la chanson de toutes les \u00e9poques, aussi bien dans la chanson fran\u00e7aise qu'internationale.\",\"breadcrumb\":{\"@id\":\"https:\/\/www.macapflag.com\/blog\/chanson\/#breadcrumb\"},\"inLanguage\":\"fr-FR\",\"potentialAction\":[{\"@type\":\"ReadAction\",\"target\":[\"https:\/\/www.macapflag.com\/blog\/chanson\/\"]}]},{\"@type\":\"ImageObject\",\"inLanguage\":\"fr-FR\",\"@id\":\"https:\/\/www.macapflag.com\/blog\/chanson\/#primaryimage\",\"url\":\"https:\/\/www.macapflag.com\/blog\/wp-content\/uploads\/2024\/02\/drapeau-dans-chanson-francaise-TITRE.jpg\",\"contentUrl\":\"https:\/\/www.macapflag.com\/blog\/wp-content\/uploads\/2024\/02\/drapeau-dans-chanson-francaise-TITRE.jpg\",\"width\":870,\"height\":600,\"caption\":\"Drapeau dans la chanson fran\u00e7aise\"},{\"@type\":\"BreadcrumbList\",\"@id\":\"https:\/\/www.macapflag.com\/blog\/chanson\/#breadcrumb\",\"itemListElement\":[{\"@type\":\"ListItem\",\"position\":1,\"name\":\"Accueil\",\"item\":\"https:\/\/www.macapflag.com\/blog\/\"},{\"@type\":\"ListItem\",\"position\":2,\"name\":\"Le drapeau dans la chanson fran\u00e7aise : Un symbole fort en paroles et en musique\"}]},{\"@type\":\"WebSite\",\"@id\":\"https:\/\/www.macapflag.com\/blog\/#website\",\"url\":\"https:\/\/www.macapflag.com\/blog\/\",\"name\":\"Blog - Macap\",\"description\":\"Tous nos articles\",\"publisher\":{\"@id\":\"https:\/\/www.macapflag.com\/blog\/#organization\"},\"potentialAction\":[{\"@type\":\"SearchAction\",\"target\":{\"@type\":\"EntryPoint\",\"urlTemplate\":\"https:\/\/www.macapflag.com\/blog\/?s={search_term_string}\"},\"query-input\":{\"@type\":\"PropertyValueSpecification\",\"valueRequired\":true,\"valueName\":\"search_term_string\"}}],\"inLanguage\":\"fr-FR\"},{\"@type\":\"Organization\",\"@id\":\"https:\/\/www.macapflag.com\/blog\/#organization\",\"name\":\"macapflag\",\"url\":\"https:\/\/www.macapflag.com\/blog\/\",\"logo\":{\"@type\":\"ImageObject\",\"inLanguage\":\"fr-FR\",\"@id\":\"https:\/\/www.macapflag.com\/blog\/#\/schema\/logo\/image\/\",\"url\":\"https:\/\/www.macapflag.com\/blog\/wp-content\/uploads\/2020\/12\/cropped-M-512-1.png\",\"contentUrl\":\"https:\/\/www.macapflag.com\/blog\/wp-content\/uploads\/2020\/12\/cropped-M-512-1.png\",\"width\":512,\"height\":512,\"caption\":\"macapflag\"},\"image\":{\"@id\":\"https:\/\/www.macapflag.com\/blog\/#\/schema\/logo\/image\/\"},\"sameAs\":[\"https:\/\/www.facebook.com\/macap.pavoisement\/\",\"https:\/\/www.instagram.com\/macapflag\/?hl=fr\",\"https:\/\/www.linkedin.com\/company\/macap\/?originalSubdomain=fr\",\"https:\/\/www.youtube.com\/channel\/UCXNzTIdZh9poEBjSXEqDtNw\"]},{\"@type\":\"Person\",\"@id\":\"https:\/\/www.macapflag.com\/blog\/#\/schema\/person\/3fea701f2603875e651e6b662578fc3c\",\"name\":\"Blog Macap\",\"image\":{\"@type\":\"ImageObject\",\"inLanguage\":\"fr-FR\",\"@id\":\"https:\/\/www.macapflag.com\/blog\/#\/schema\/person\/image\/\",\"url\":\"https:\/\/secure.gravatar.com\/avatar\/c12551f2dc51f0db049633b03e7856985477a70da834cc8967dea4ce54bdd6a2?s=96&d=mm&r=g\",\"contentUrl\":\"https:\/\/secure.gravatar.com\/avatar\/c12551f2dc51f0db049633b03e7856985477a70da834cc8967dea4ce54bdd6a2?s=96&d=mm&r=g\",\"caption\":\"Blog Macap\"},\"url\":\"https:\/\/www.macapflag.com\/blog\/author\/macap\/\"}]}<\/script>\n<!-- \/ Yoast SEO plugin. -->","yoast_head_json":{"title":"Le drapeau, un symbole fort dans l'univers de la chanson","description":"Le drapeau est pr\u00e9sent dans l'univers de la chanson de toutes les \u00e9poques, aussi bien dans la chanson fran\u00e7aise qu'internationale.","robots":{"index":"index","follow":"follow","max-snippet":"max-snippet:-1","max-image-preview":"max-image-preview:large","max-video-preview":"max-video-preview:-1"},"canonical":"https:\/\/www.macapflag.com\/blog\/chanson\/","og_locale":"fr_FR","og_type":"article","og_title":"Le drapeau, un symbole fort dans l'univers de la chanson","og_description":"Le drapeau est pr\u00e9sent dans l'univers de la chanson de toutes les \u00e9poques, aussi bien dans la chanson fran\u00e7aise qu'internationale.","og_url":"https:\/\/www.macapflag.com\/blog\/chanson\/","og_site_name":"Blog - Macap","article_publisher":"https:\/\/www.facebook.com\/macap.pavoisement\/","article_published_time":"2025-02-21T07:06:59+00:00","og_image":[{"width":870,"height":600,"url":"https:\/\/www.macapflag.com\/blog\/wp-content\/uploads\/2024\/02\/drapeau-dans-chanson-francaise-TITRE.jpg","type":"image\/jpeg"}],"author":"Blog Macap","twitter_card":"summary_large_image","twitter_misc":{"\u00c9crit par":"Blog Macap","Dur\u00e9e de lecture estim\u00e9e":"7 minutes"},"schema":{"@context":"https:\/\/schema.org","@graph":[{"@type":"Article","@id":"https:\/\/www.macapflag.com\/blog\/chanson\/#article","isPartOf":{"@id":"https:\/\/www.macapflag.com\/blog\/chanson\/"},"author":{"name":"Blog Macap","@id":"https:\/\/www.macapflag.com\/blog\/#\/schema\/person\/3fea701f2603875e651e6b662578fc3c"},"headline":"Le drapeau dans la chanson fran\u00e7aise : Un symbole fort en paroles et en musique","datePublished":"2025-02-21T07:06:59+00:00","mainEntityOfPage":{"@id":"https:\/\/www.macapflag.com\/blog\/chanson\/"},"wordCount":1240,"publisher":{"@id":"https:\/\/www.macapflag.com\/blog\/#organization"},"image":{"@id":"https:\/\/www.macapflag.com\/blog\/chanson\/#primaryimage"},"thumbnailUrl":"https:\/\/www.macapflag.com\/blog\/wp-content\/uploads\/2024\/02\/drapeau-dans-chanson-francaise-TITRE.jpg","articleSection":["Le monde de la Com'"],"inLanguage":"fr-FR"},{"@type":"WebPage","@id":"https:\/\/www.macapflag.com\/blog\/chanson\/","url":"https:\/\/www.macapflag.com\/blog\/chanson\/","name":"Le drapeau, un symbole fort dans l'univers de la chanson","isPartOf":{"@id":"https:\/\/www.macapflag.com\/blog\/#website"},"primaryImageOfPage":{"@id":"https:\/\/www.macapflag.com\/blog\/chanson\/#primaryimage"},"image":{"@id":"https:\/\/www.macapflag.com\/blog\/chanson\/#primaryimage"},"thumbnailUrl":"https:\/\/www.macapflag.com\/blog\/wp-content\/uploads\/2024\/02\/drapeau-dans-chanson-francaise-TITRE.jpg","datePublished":"2025-02-21T07:06:59+00:00","description":"Le drapeau est pr\u00e9sent dans l'univers de la chanson de toutes les \u00e9poques, aussi bien dans la chanson fran\u00e7aise qu'internationale.","breadcrumb":{"@id":"https:\/\/www.macapflag.com\/blog\/chanson\/#breadcrumb"},"inLanguage":"fr-FR","potentialAction":[{"@type":"ReadAction","target":["https:\/\/www.macapflag.com\/blog\/chanson\/"]}]},{"@type":"ImageObject","inLanguage":"fr-FR","@id":"https:\/\/www.macapflag.com\/blog\/chanson\/#primaryimage","url":"https:\/\/www.macapflag.com\/blog\/wp-content\/uploads\/2024\/02\/drapeau-dans-chanson-francaise-TITRE.jpg","contentUrl":"https:\/\/www.macapflag.com\/blog\/wp-content\/uploads\/2024\/02\/drapeau-dans-chanson-francaise-TITRE.jpg","width":870,"height":600,"caption":"Drapeau dans la chanson fran\u00e7aise"},{"@type":"BreadcrumbList","@id":"https:\/\/www.macapflag.com\/blog\/chanson\/#breadcrumb","itemListElement":[{"@type":"ListItem","position":1,"name":"Accueil","item":"https:\/\/www.macapflag.com\/blog\/"},{"@type":"ListItem","position":2,"name":"Le drapeau dans la chanson fran\u00e7aise : Un symbole fort en paroles et en musique"}]},{"@type":"WebSite","@id":"https:\/\/www.macapflag.com\/blog\/#website","url":"https:\/\/www.macapflag.com\/blog\/","name":"Blog - Macap","description":"Tous nos articles","publisher":{"@id":"https:\/\/www.macapflag.com\/blog\/#organization"},"potentialAction":[{"@type":"SearchAction","target":{"@type":"EntryPoint","urlTemplate":"https:\/\/www.macapflag.com\/blog\/?s={search_term_string}"},"query-input":{"@type":"PropertyValueSpecification","valueRequired":true,"valueName":"search_term_string"}}],"inLanguage":"fr-FR"},{"@type":"Organization","@id":"https:\/\/www.macapflag.com\/blog\/#organization","name":"macapflag","url":"https:\/\/www.macapflag.com\/blog\/","logo":{"@type":"ImageObject","inLanguage":"fr-FR","@id":"https:\/\/www.macapflag.com\/blog\/#\/schema\/logo\/image\/","url":"https:\/\/www.macapflag.com\/blog\/wp-content\/uploads\/2020\/12\/cropped-M-512-1.png","contentUrl":"https:\/\/www.macapflag.com\/blog\/wp-content\/uploads\/2020\/12\/cropped-M-512-1.png","width":512,"height":512,"caption":"macapflag"},"image":{"@id":"https:\/\/www.macapflag.com\/blog\/#\/schema\/logo\/image\/"},"sameAs":["https:\/\/www.facebook.com\/macap.pavoisement\/","https:\/\/www.instagram.com\/macapflag\/?hl=fr","https:\/\/www.linkedin.com\/company\/macap\/?originalSubdomain=fr","https:\/\/www.youtube.com\/channel\/UCXNzTIdZh9poEBjSXEqDtNw"]},{"@type":"Person","@id":"https:\/\/www.macapflag.com\/blog\/#\/schema\/person\/3fea701f2603875e651e6b662578fc3c","name":"Blog Macap","image":{"@type":"ImageObject","inLanguage":"fr-FR","@id":"https:\/\/www.macapflag.com\/blog\/#\/schema\/person\/image\/","url":"https:\/\/secure.gravatar.com\/avatar\/c12551f2dc51f0db049633b03e7856985477a70da834cc8967dea4ce54bdd6a2?s=96&d=mm&r=g","contentUrl":"https:\/\/secure.gravatar.com\/avatar\/c12551f2dc51f0db049633b03e7856985477a70da834cc8967dea4ce54bdd6a2?s=96&d=mm&r=g","caption":"Blog Macap"},"url":"https:\/\/www.macapflag.com\/blog\/author\/macap\/"}]}},"_links":{"self":[{"href":"https:\/\/www.macapflag.com\/blog\/wp-json\/wp\/v2\/posts\/16125","targetHints":{"allow":["GET"]}}],"collection":[{"href":"https:\/\/www.macapflag.com\/blog\/wp-json\/wp\/v2\/posts"}],"about":[{"href":"https:\/\/www.macapflag.com\/blog\/wp-json\/wp\/v2\/types\/post"}],"author":[{"embeddable":true,"href":"https:\/\/www.macapflag.com\/blog\/wp-json\/wp\/v2\/users\/2"}],"replies":[{"embeddable":true,"href":"https:\/\/www.macapflag.com\/blog\/wp-json\/wp\/v2\/comments?post=16125"}],"version-history":[{"count":18,"href":"https:\/\/www.macapflag.com\/blog\/wp-json\/wp\/v2\/posts\/16125\/revisions"}],"predecessor-version":[{"id":19395,"href":"https:\/\/www.macapflag.com\/blog\/wp-json\/wp\/v2\/posts\/16125\/revisions\/19395"}],"wp:featuredmedia":[{"embeddable":true,"href":"https:\/\/www.macapflag.com\/blog\/wp-json\/wp\/v2\/media\/16127"}],"wp:attachment":[{"href":"https:\/\/www.macapflag.com\/blog\/wp-json\/wp\/v2\/media?parent=16125"}],"wp:term":[{"taxonomy":"category","embeddable":true,"href":"https:\/\/www.macapflag.com\/blog\/wp-json\/wp\/v2\/categories?post=16125"},{"taxonomy":"post_tag","embeddable":true,"href":"https:\/\/www.macapflag.com\/blog\/wp-json\/wp\/v2\/tags?post=16125"}],"curies":[{"name":"wp","href":"https:\/\/api.w.org\/{rel}","templated":true}]}}