{"id":16178,"date":"2025-03-08T08:01:26","date_gmt":"2025-03-08T07:01:26","guid":{"rendered":"https:\/\/www.macapflag.com\/blog\/?p=16178"},"modified":"2025-03-08T08:01:26","modified_gmt":"2025-03-08T07:01:26","slug":"droits-de-la-femme","status":"publish","type":"post","link":"https:\/\/www.macapflag.com\/blog\/droits-de-la-femme\/","title":{"rendered":"Journ\u00e9e internationale des droits de la femme"},"content":{"rendered":"\t\t<div data-elementor-type=\"wp-post\" data-elementor-id=\"16178\" class=\"elementor elementor-16178\">\n\t\t\t\t\t\t<section class=\"elementor-section elementor-top-section elementor-element elementor-element-ee14a41 elementor-section-boxed elementor-section-height-default elementor-section-height-default\" data-id=\"ee14a41\" data-element_type=\"section\">\n\t\t\t\t\t\t<div class=\"elementor-container elementor-column-gap-default\">\n\t\t\t\t\t<div class=\"elementor-column elementor-col-100 elementor-top-column elementor-element elementor-element-d758fd7\" data-id=\"d758fd7\" data-element_type=\"column\">\n\t\t\t<div class=\"elementor-widget-wrap elementor-element-populated\">\n\t\t\t\t\t\t<div class=\"elementor-element elementor-element-06b86df elementor-widget elementor-widget-text-editor\" data-id=\"06b86df\" data-element_type=\"widget\" data-widget_type=\"text-editor.default\">\n\t\t\t\t<div class=\"elementor-widget-container\">\n\t\t\t\t\t\t\t\t\t<p>Chaque ann\u00e9e, le 8 mars est la journ\u00e9e internationale des femmes, de la femme ou encore des droits des femmes. Peu importe sa d\u00e9nomination, cette journ\u00e9e internationale met en avant la lutte pour les droits des femmes et la fin des in\u00e9galit\u00e9s hommes-femmes.<\/p>\t\t\t\t\t\t\t\t<\/div>\n\t\t\t\t<\/div>\n\t\t\t\t\t<\/div>\n\t\t<\/div>\n\t\t\t\t\t<\/div>\n\t\t<\/section>\n\t\t\t\t<section class=\"elementor-section elementor-top-section elementor-element elementor-element-fd93d96 elementor-section-boxed elementor-section-height-default elementor-section-height-default\" data-id=\"fd93d96\" data-element_type=\"section\">\n\t\t\t\t\t\t<div class=\"elementor-container elementor-column-gap-default\">\n\t\t\t\t\t<div class=\"elementor-column elementor-col-100 elementor-top-column elementor-element elementor-element-1e58bea\" data-id=\"1e58bea\" data-element_type=\"column\">\n\t\t\t<div class=\"elementor-widget-wrap elementor-element-populated\">\n\t\t\t\t\t\t<div class=\"elementor-element elementor-element-c7d7095 elementor-widget elementor-widget-text-editor\" data-id=\"c7d7095\" data-element_type=\"widget\" data-widget_type=\"text-editor.default\">\n\t\t\t\t<div class=\"elementor-widget-container\">\n\t\t\t\t\t\t\t\t\t<h2>Quand, comment et pourquoi a \u00e9t\u00e9 cr\u00e9\u00e9e la journ\u00e9e des droits des femmes ?<\/h2>\t\t\t\t\t\t\t\t<\/div>\n\t\t\t\t<\/div>\n\t\t\t\t\t<\/div>\n\t\t<\/div>\n\t\t\t\t\t<\/div>\n\t\t<\/section>\n\t\t\t\t<section class=\"elementor-section elementor-top-section elementor-element elementor-element-ed399c7 elementor-section-boxed elementor-section-height-default elementor-section-height-default\" data-id=\"ed399c7\" data-element_type=\"section\">\n\t\t\t\t\t\t<div class=\"elementor-container elementor-column-gap-default\">\n\t\t\t\t\t<div class=\"elementor-column elementor-col-100 elementor-top-column elementor-element elementor-element-ccfbeea\" data-id=\"ccfbeea\" data-element_type=\"column\">\n\t\t\t<div class=\"elementor-widget-wrap elementor-element-populated\">\n\t\t\t\t\t\t<div class=\"elementor-element elementor-element-ea516df elementor-widget elementor-widget-text-editor\" data-id=\"ea516df\" data-element_type=\"widget\" data-widget_type=\"text-editor.default\">\n\t\t\t\t<div class=\"elementor-widget-container\">\n\t\t\t\t\t\t\t\t\t<p>La Journ\u00e9e Internationale des Droits de la Femme trouve ses racines dans les mouvements ouvriers et f\u00e9ministes du d\u00e9but du XXe si\u00e8cle aux \u00c9tats-Unis et en Europe. <br \/><strong>Elle est n\u00e9e des luttes des femmes pour l&#8217;\u00e9galit\u00e9, la justice sociale et les droits du travail.<\/strong><\/p><ul><li>Au Royaume-Uni, d\u00e8s 1903 na\u00eet la mobilisation des suffragettes (militantes de la Women&#8217;s Social and Political Union, une organisation cr\u00e9\u00e9e pour revendiquer le droit de vote des femmes au Royaume-Uni).<\/li><li>En 1908, des milliers de femmes ont manifest\u00e9 \u00e0 New York pour r\u00e9clamer de meilleures conditions de travail, de meilleures r\u00e9mun\u00e9rations et le droit de vote.<\/li><li>En 1909, une \u00ab Journ\u00e9e nationale de la femme \u00bb, le National Woman&#8217;s Day est c\u00e9l\u00e9br\u00e9e aux \u00c9tats-Unis \u00e0 l&#8217;appel du Parti socialiste d&#8217;Am\u00e9rique.<\/li><li>L&#8217;ann\u00e9e suivante, en 1910, lors de la conf\u00e9rence internationale des femmes socialistes \u00e0 Copenhague, le 8 mars a \u00e9t\u00e9 propos\u00e9 comme journ\u00e9e de c\u00e9l\u00e9bration annuelle des droits des femmes.<\/li><li>La premi\u00e8re Journ\u00e9e internationale des femmes a \u00e9t\u00e9 c\u00e9l\u00e9br\u00e9e le 19 mars 1911 dans plusieurs pays d&#8217;Europe, notamment en Allemagne, en Autriche, au Danemark et en Suisse.<\/li><li>Le 8 mars 1917, lors d&#8217;une manifestation \u00e0 Saint-P\u00e9tersbourg, des femmes ont exig\u00e9 la fin de la guerre et le droit de vote. Cette manifestation aurait marqu\u00e9 le d\u00e9but de la r\u00e9volution russe.<\/li><\/ul><p>La Journ\u00e9e internationale des femmes est ainsi devenue le symbole mondial de la lutte pour les droits des femmes.<\/p><ul><li>En 1977, les Nations Unies ont officiellement reconnu le 8 mars comme la Journ\u00e9e Internationale des Droits de la Femme, dans la foul\u00e9e de l\u2019ann\u00e9e internationale de la femme en 1975. Cette reconnaissance invite les pays \u00e0 organiser des activit\u00e9s et des \u00e9v\u00e9nements pour c\u00e9l\u00e9brer les r\u00e9alisations des femmes et promouvoir l&#8217;\u00e9galit\u00e9 des sexes.<\/li><\/ul>\t\t\t\t\t\t\t\t<\/div>\n\t\t\t\t<\/div>\n\t\t\t\t\t<\/div>\n\t\t<\/div>\n\t\t\t\t\t<\/div>\n\t\t<\/section>\n\t\t\t\t<section class=\"elementor-section elementor-top-section elementor-element elementor-element-ddbef65 elementor-section-boxed elementor-section-height-default elementor-section-height-default\" data-id=\"ddbef65\" data-element_type=\"section\">\n\t\t\t\t\t\t<div class=\"elementor-container elementor-column-gap-default\">\n\t\t\t\t\t<div class=\"elementor-column elementor-col-100 elementor-top-column elementor-element elementor-element-9a061b5\" data-id=\"9a061b5\" data-element_type=\"column\">\n\t\t\t<div class=\"elementor-widget-wrap elementor-element-populated\">\n\t\t\t\t\t\t<div class=\"elementor-element elementor-element-c7567f9 elementor-widget elementor-widget-image\" data-id=\"c7567f9\" data-element_type=\"widget\" data-widget_type=\"image.default\">\n\t\t\t\t<div class=\"elementor-widget-container\">\n\t\t\t\t\t\t\t\t\t\t\t\t\t\t\t<img fetchpriority=\"high\" decoding=\"async\" width=\"700\" height=\"534\" src=\"https:\/\/www.macapflag.com\/blog\/wp-content\/uploads\/2024\/02\/droits-de-la-femme-1.jpg\" class=\"attachment-large size-large wp-image-16181\" alt=\"Droits de la femme, origine du 8 mars\" srcset=\"https:\/\/www.macapflag.com\/blog\/wp-content\/uploads\/2024\/02\/droits-de-la-femme-1.jpg 700w, https:\/\/www.macapflag.com\/blog\/wp-content\/uploads\/2024\/02\/droits-de-la-femme-1-300x229.jpg 300w\" sizes=\"(max-width: 700px) 100vw, 700px\" \/>\t\t\t\t\t\t\t\t\t\t\t\t\t\t\t<\/div>\n\t\t\t\t<\/div>\n\t\t\t\t\t<\/div>\n\t\t<\/div>\n\t\t\t\t\t<\/div>\n\t\t<\/section>\n\t\t\t\t<section class=\"elementor-section elementor-top-section elementor-element elementor-element-15a6074 elementor-section-boxed elementor-section-height-default elementor-section-height-default\" data-id=\"15a6074\" data-element_type=\"section\">\n\t\t\t\t\t\t<div class=\"elementor-container elementor-column-gap-default\">\n\t\t\t\t\t<div class=\"elementor-column elementor-col-100 elementor-top-column elementor-element elementor-element-dc2613d\" data-id=\"dc2613d\" data-element_type=\"column\">\n\t\t\t<div class=\"elementor-widget-wrap elementor-element-populated\">\n\t\t\t\t\t\t<div class=\"elementor-element elementor-element-343bc16 elementor-widget elementor-widget-spacer\" data-id=\"343bc16\" data-element_type=\"widget\" data-widget_type=\"spacer.default\">\n\t\t\t\t<div class=\"elementor-widget-container\">\n\t\t\t\t\t\t\t<div class=\"elementor-spacer\">\n\t\t\t<div class=\"elementor-spacer-inner\"><\/div>\n\t\t<\/div>\n\t\t\t\t\t\t<\/div>\n\t\t\t\t<\/div>\n\t\t\t\t\t<\/div>\n\t\t<\/div>\n\t\t\t\t\t<\/div>\n\t\t<\/section>\n\t\t\t\t<section class=\"elementor-section elementor-top-section elementor-element elementor-element-1222247 elementor-section-boxed elementor-section-height-default elementor-section-height-default\" data-id=\"1222247\" data-element_type=\"section\">\n\t\t\t\t\t\t<div class=\"elementor-container elementor-column-gap-default\">\n\t\t\t\t\t<div class=\"elementor-column elementor-col-100 elementor-top-column elementor-element elementor-element-d01c0a3\" data-id=\"d01c0a3\" data-element_type=\"column\">\n\t\t\t<div class=\"elementor-widget-wrap elementor-element-populated\">\n\t\t\t\t\t\t<div class=\"elementor-element elementor-element-69408c6 elementor-widget elementor-widget-text-editor\" data-id=\"69408c6\" data-element_type=\"widget\" data-widget_type=\"text-editor.default\">\n\t\t\t\t<div class=\"elementor-widget-container\">\n\t\t\t\t\t\t\t\t\t<h2>Une journ\u00e9e internationale pour reconna\u00eetre, r\u00e9fl\u00e9chir et agir pour les droits des femmes<\/h2>\t\t\t\t\t\t\t\t<\/div>\n\t\t\t\t<\/div>\n\t\t\t\t\t<\/div>\n\t\t<\/div>\n\t\t\t\t\t<\/div>\n\t\t<\/section>\n\t\t\t\t<section class=\"elementor-section elementor-top-section elementor-element elementor-element-8013a00 elementor-section-boxed elementor-section-height-default elementor-section-height-default\" data-id=\"8013a00\" data-element_type=\"section\">\n\t\t\t\t\t\t<div class=\"elementor-container elementor-column-gap-default\">\n\t\t\t\t\t<div class=\"elementor-column elementor-col-100 elementor-top-column elementor-element elementor-element-9bf9b98\" data-id=\"9bf9b98\" data-element_type=\"column\">\n\t\t\t<div class=\"elementor-widget-wrap elementor-element-populated\">\n\t\t\t\t\t\t<div class=\"elementor-element elementor-element-596c6d3 elementor-widget elementor-widget-text-editor\" data-id=\"596c6d3\" data-element_type=\"widget\" data-widget_type=\"text-editor.default\">\n\t\t\t\t<div class=\"elementor-widget-container\">\n\t\t\t\t\t\t\t\t\t<h3>Reconna\u00eetre les progr\u00e8s et les avanc\u00e9es <\/h3>\t\t\t\t\t\t\t\t<\/div>\n\t\t\t\t<\/div>\n\t\t\t\t\t<\/div>\n\t\t<\/div>\n\t\t\t\t\t<\/div>\n\t\t<\/section>\n\t\t\t\t<section class=\"elementor-section elementor-top-section elementor-element elementor-element-fa6087a elementor-section-boxed elementor-section-height-default elementor-section-height-default\" data-id=\"fa6087a\" data-element_type=\"section\">\n\t\t\t\t\t\t<div class=\"elementor-container elementor-column-gap-default\">\n\t\t\t\t\t<div class=\"elementor-column elementor-col-100 elementor-top-column elementor-element elementor-element-bf60574\" data-id=\"bf60574\" data-element_type=\"column\">\n\t\t\t<div class=\"elementor-widget-wrap elementor-element-populated\">\n\t\t\t\t\t\t<div class=\"elementor-element elementor-element-9cf4a4b elementor-widget elementor-widget-text-editor\" data-id=\"9cf4a4b\" data-element_type=\"widget\" data-widget_type=\"text-editor.default\">\n\t\t\t\t<div class=\"elementor-widget-container\">\n\t\t\t\t\t\t\t\t\t<p>De l&#8217;obtention du droit de vote \u00e0 la repr\u00e9sentation croissante dans les sph\u00e8res politiques, \u00e9conomiques et sociales, les femmes ont fait des pas de g\u00e9ant. Pourtant, il reste encore beaucoup \u00e0 faire. Les disparit\u00e9s persistent dans de nombreux domaines, elles sont encore \u00e9normes dans certains pays. De l&#8217;acc\u00e8s \u00e0 l&#8217;\u00e9ducation et \u00e0 la sant\u00e9 \u00e0 l&#8217;\u00e9galit\u00e9 des salaires et \u00e0 la repr\u00e9sentation dans les instances de d\u00e9cision, des combats restent \u00e0 mener.<\/p>\t\t\t\t\t\t\t\t<\/div>\n\t\t\t\t<\/div>\n\t\t\t\t\t<\/div>\n\t\t<\/div>\n\t\t\t\t\t<\/div>\n\t\t<\/section>\n\t\t\t\t<section class=\"elementor-section elementor-top-section elementor-element elementor-element-b7036c9 elementor-section-boxed elementor-section-height-default elementor-section-height-default\" data-id=\"b7036c9\" data-element_type=\"section\">\n\t\t\t\t\t\t<div class=\"elementor-container elementor-column-gap-default\">\n\t\t\t\t\t<div class=\"elementor-column elementor-col-100 elementor-top-column elementor-element elementor-element-97456b7\" data-id=\"97456b7\" data-element_type=\"column\">\n\t\t\t<div class=\"elementor-widget-wrap elementor-element-populated\">\n\t\t\t\t\t\t<div class=\"elementor-element elementor-element-07db2a4 elementor-widget elementor-widget-text-editor\" data-id=\"07db2a4\" data-element_type=\"widget\" data-widget_type=\"text-editor.default\">\n\t\t\t\t<div class=\"elementor-widget-container\">\n\t\t\t\t\t\t\t\t\t<h3>R\u00e9fl\u00e9chir sur les d\u00e9fis actuels<\/h3>\t\t\t\t\t\t\t\t<\/div>\n\t\t\t\t<\/div>\n\t\t\t\t\t<\/div>\n\t\t<\/div>\n\t\t\t\t\t<\/div>\n\t\t<\/section>\n\t\t\t\t<section class=\"elementor-section elementor-top-section elementor-element elementor-element-010faf0 elementor-section-boxed elementor-section-height-default elementor-section-height-default\" data-id=\"010faf0\" data-element_type=\"section\">\n\t\t\t\t\t\t<div class=\"elementor-container elementor-column-gap-default\">\n\t\t\t\t\t<div class=\"elementor-column elementor-col-100 elementor-top-column elementor-element elementor-element-685a81f\" data-id=\"685a81f\" data-element_type=\"column\">\n\t\t\t<div class=\"elementor-widget-wrap elementor-element-populated\">\n\t\t\t\t\t\t<div class=\"elementor-element elementor-element-02d1624 elementor-widget elementor-widget-text-editor\" data-id=\"02d1624\" data-element_type=\"widget\" data-widget_type=\"text-editor.default\">\n\t\t\t\t<div class=\"elementor-widget-container\">\n\t\t\t\t\t\t\t\t\t<p>La Journ\u00e9e Internationale des Droits de la Femme est \u00e9galement un moment de r\u00e9flexion. C&#8217;est l&#8217;occasion d&#8217;examiner attentivement les d\u00e9fis auxquels les femmes sont confront\u00e9es dans le monde entier. De la violence domestique \u00e0 la discrimination au travail, les femmes font face \u00e0 une myriade d&#8217;obstacles qui entravent leur progression et leur bien-\u00eatre. En prenant conscience de ces d\u00e9fis, nous pouvons mieux les aborder et travailler ensemble \u00e0 les surmonter.<\/p>\t\t\t\t\t\t\t\t<\/div>\n\t\t\t\t<\/div>\n\t\t\t\t\t<\/div>\n\t\t<\/div>\n\t\t\t\t\t<\/div>\n\t\t<\/section>\n\t\t\t\t<section class=\"elementor-section elementor-top-section elementor-element elementor-element-e028180 elementor-section-boxed elementor-section-height-default elementor-section-height-default\" data-id=\"e028180\" data-element_type=\"section\">\n\t\t\t\t\t\t<div class=\"elementor-container elementor-column-gap-default\">\n\t\t\t\t\t<div class=\"elementor-column elementor-col-100 elementor-top-column elementor-element elementor-element-9d5584f\" data-id=\"9d5584f\" data-element_type=\"column\">\n\t\t\t<div class=\"elementor-widget-wrap elementor-element-populated\">\n\t\t\t\t\t\t<div class=\"elementor-element elementor-element-5f98653 elementor-widget elementor-widget-text-editor\" data-id=\"5f98653\" data-element_type=\"widget\" data-widget_type=\"text-editor.default\">\n\t\t\t\t<div class=\"elementor-widget-container\">\n\t\t\t\t\t\t\t\t\t<h3>Agir pour l&#8217;\u00e9galit\u00e9<\/h3>\t\t\t\t\t\t\t\t<\/div>\n\t\t\t\t<\/div>\n\t\t\t\t\t<\/div>\n\t\t<\/div>\n\t\t\t\t\t<\/div>\n\t\t<\/section>\n\t\t\t\t<section class=\"elementor-section elementor-top-section elementor-element elementor-element-dbd4f24 elementor-section-boxed elementor-section-height-default elementor-section-height-default\" data-id=\"dbd4f24\" data-element_type=\"section\">\n\t\t\t\t\t\t<div class=\"elementor-container elementor-column-gap-default\">\n\t\t\t\t\t<div class=\"elementor-column elementor-col-100 elementor-top-column elementor-element elementor-element-8f57093\" data-id=\"8f57093\" data-element_type=\"column\">\n\t\t\t<div class=\"elementor-widget-wrap elementor-element-populated\">\n\t\t\t\t\t\t<div class=\"elementor-element elementor-element-0eadd86 elementor-widget elementor-widget-text-editor\" data-id=\"0eadd86\" data-element_type=\"widget\" data-widget_type=\"text-editor.default\">\n\t\t\t\t<div class=\"elementor-widget-container\">\n\t\t\t\t\t\t\t\t\t<p>La Journ\u00e9e Internationale des Droits de la Femme se veut \u00eatre avant tout une journ\u00e9e d&#8217;action. C&#8217;est le moment de s&#8217;engager \u00e0 promouvoir l&#8217;\u00e9galit\u00e9 des sexes dans tous les aspects de la vie. En soutenant des organisations qui luttent pour les droits des femmes, en plaidant pour des politiques plus inclusives ou en \u00e9levant nos voix pour mettre fin \u00e0 l&#8217;injustice, chacun de nous a un r\u00f4le \u00e0 jouer dans la r\u00e9alisation de l&#8217;\u00e9galit\u00e9.<br \/>Ce sont souvent les petits pas et les petites actions de chacun qui initient des changements.<br \/>Le Mahatma Gandhi disait \u201cSoyez le changement que vous voulez voir dans le monde\u202f!\u201d, suivons cette id\u00e9e.<\/p><p><strong>La Journ\u00e9e Internationale des Droits de la Femme est un rappel puissant de la force, de la r\u00e9silience et de la d\u00e9termination des femmes du monde entier.<\/strong> C&#8217;est une journ\u00e9e pour c\u00e9l\u00e9brer leurs succ\u00e8s, honorer leurs luttes et redoubler d&#8217;efforts pour cr\u00e9er un avenir plus \u00e9galitaire et inclusif pour tous. Alors, aujourd&#8217;hui et tous les jours, engageons-nous \u00e0 faire avancer la cause des femmes, car leur libert\u00e9 et leur \u00e9mancipation sont essentielles pour le progr\u00e8s de l&#8217;humanit\u00e9 toute enti\u00e8re.<\/p>\t\t\t\t\t\t\t\t<\/div>\n\t\t\t\t<\/div>\n\t\t\t\t\t<\/div>\n\t\t<\/div>\n\t\t\t\t\t<\/div>\n\t\t<\/section>\n\t\t\t\t<section class=\"elementor-section elementor-top-section elementor-element elementor-element-5b63431 elementor-section-boxed elementor-section-height-default elementor-section-height-default\" data-id=\"5b63431\" data-element_type=\"section\">\n\t\t\t\t\t\t<div class=\"elementor-container elementor-column-gap-default\">\n\t\t\t\t\t<div class=\"elementor-column elementor-col-100 elementor-top-column elementor-element elementor-element-2c6dacf\" data-id=\"2c6dacf\" data-element_type=\"column\">\n\t\t\t<div class=\"elementor-widget-wrap elementor-element-populated\">\n\t\t\t\t\t\t<div class=\"elementor-element elementor-element-f90ff45 elementor-widget elementor-widget-image\" data-id=\"f90ff45\" data-element_type=\"widget\" data-widget_type=\"image.default\">\n\t\t\t\t<div class=\"elementor-widget-container\">\n\t\t\t\t\t\t\t\t\t\t\t\t\t\t\t<img decoding=\"async\" width=\"700\" height=\"534\" src=\"https:\/\/www.macapflag.com\/blog\/wp-content\/uploads\/2024\/02\/droits-de-la-femme-2.jpg\" class=\"attachment-large size-large wp-image-16185\" alt=\"Droits de la femme Simone Veil\" srcset=\"https:\/\/www.macapflag.com\/blog\/wp-content\/uploads\/2024\/02\/droits-de-la-femme-2.jpg 700w, https:\/\/www.macapflag.com\/blog\/wp-content\/uploads\/2024\/02\/droits-de-la-femme-2-300x229.jpg 300w\" sizes=\"(max-width: 700px) 100vw, 700px\" \/>\t\t\t\t\t\t\t\t\t\t\t\t\t\t\t<\/div>\n\t\t\t\t<\/div>\n\t\t\t\t\t<\/div>\n\t\t<\/div>\n\t\t\t\t\t<\/div>\n\t\t<\/section>\n\t\t\t\t<section class=\"elementor-section elementor-top-section elementor-element elementor-element-89eafc9 elementor-section-boxed elementor-section-height-default elementor-section-height-default\" data-id=\"89eafc9\" data-element_type=\"section\">\n\t\t\t\t\t\t<div class=\"elementor-container elementor-column-gap-default\">\n\t\t\t\t\t<div class=\"elementor-column elementor-col-100 elementor-top-column elementor-element elementor-element-36bbb0a\" data-id=\"36bbb0a\" data-element_type=\"column\">\n\t\t\t<div class=\"elementor-widget-wrap elementor-element-populated\">\n\t\t\t\t\t\t<div class=\"elementor-element elementor-element-e684b85 elementor-widget elementor-widget-text-editor\" data-id=\"e684b85\" data-element_type=\"widget\" data-widget_type=\"text-editor.default\">\n\t\t\t\t<div class=\"elementor-widget-container\">\n\t\t\t\t\t\t\t\t\t<h3>Un enjeu mondial aux multiples visages<\/h3>\t\t\t\t\t\t\t\t<\/div>\n\t\t\t\t<\/div>\n\t\t\t\t\t<\/div>\n\t\t<\/div>\n\t\t\t\t\t<\/div>\n\t\t<\/section>\n\t\t\t\t<section class=\"elementor-section elementor-top-section elementor-element elementor-element-ecd25b2 elementor-section-boxed elementor-section-height-default elementor-section-height-default\" data-id=\"ecd25b2\" data-element_type=\"section\">\n\t\t\t\t\t\t<div class=\"elementor-container elementor-column-gap-default\">\n\t\t\t\t\t<div class=\"elementor-column elementor-col-100 elementor-top-column elementor-element elementor-element-20d00dd\" data-id=\"20d00dd\" data-element_type=\"column\">\n\t\t\t<div class=\"elementor-widget-wrap elementor-element-populated\">\n\t\t\t\t\t\t<div class=\"elementor-element elementor-element-5048825 elementor-widget elementor-widget-text-editor\" data-id=\"5048825\" data-element_type=\"widget\" data-widget_type=\"text-editor.default\">\n\t\t\t\t<div class=\"elementor-widget-container\">\n\t\t\t\t\t\t\t\t\t<p>Si la Journ\u00e9e Internationale des Droits de la Femme est c\u00e9l\u00e9br\u00e9e partout dans le monde, les r\u00e9alit\u00e9s et les d\u00e9fis auxquels les femmes font face varient consid\u00e9rablement d\u2019un pays \u00e0 l\u2019autre. Dans certaines r\u00e9gions, les combats portent encore sur des droits fondamentaux comme l\u2019acc\u00e8s \u00e0 l\u2019\u00e9ducation, la libert\u00e9 de disposer de son corps ou encore la lutte contre les violences sexistes. Dans certains pays, on assiste \u00e0 un retour en arri\u00e8re majeur sur les droits des femmes.<\/p><p>Ailleurs, les discussions s\u2019orientent davantage vers l\u2019\u00e9galit\u00e9 salariale, la parit\u00e9 en politique ou la place des femmes dans l\u2019innovation et les sciences.<\/p><p>Cette diversit\u00e9 de luttes montre que l\u2019\u00e9galit\u00e9 des sexes ne se limite pas \u00e0 une seule revendication, mais qu\u2019elle est un processus global et continu, n\u00e9cessitant l\u2019implication de tous.<\/p><p><strong>N&#8217;oublions jamais que rien n&#8217;est acquis.<\/strong><\/p>\t\t\t\t\t\t\t\t<\/div>\n\t\t\t\t<\/div>\n\t\t\t\t\t<\/div>\n\t\t<\/div>\n\t\t\t\t\t<\/div>\n\t\t<\/section>\n\t\t\t\t<section class=\"elementor-section elementor-top-section elementor-element elementor-element-2409575 elementor-section-boxed elementor-section-height-default elementor-section-height-default\" data-id=\"2409575\" data-element_type=\"section\">\n\t\t\t\t\t\t<div class=\"elementor-container elementor-column-gap-default\">\n\t\t\t\t\t<div class=\"elementor-column elementor-col-100 elementor-top-column elementor-element elementor-element-f4e1bd7\" data-id=\"f4e1bd7\" data-element_type=\"column\">\n\t\t\t<div class=\"elementor-widget-wrap elementor-element-populated\">\n\t\t\t\t\t\t<div class=\"elementor-element elementor-element-916244c elementor-widget elementor-widget-spacer\" data-id=\"916244c\" data-element_type=\"widget\" data-widget_type=\"spacer.default\">\n\t\t\t\t<div class=\"elementor-widget-container\">\n\t\t\t\t\t\t\t<div class=\"elementor-spacer\">\n\t\t\t<div class=\"elementor-spacer-inner\"><\/div>\n\t\t<\/div>\n\t\t\t\t\t\t<\/div>\n\t\t\t\t<\/div>\n\t\t\t\t\t<\/div>\n\t\t<\/div>\n\t\t\t\t\t<\/div>\n\t\t<\/section>\n\t\t\t\t<section class=\"elementor-section elementor-top-section elementor-element elementor-element-293e989 elementor-section-boxed elementor-section-height-default elementor-section-height-default\" data-id=\"293e989\" data-element_type=\"section\">\n\t\t\t\t\t\t<div class=\"elementor-container elementor-column-gap-default\">\n\t\t\t\t\t<div class=\"elementor-column elementor-col-100 elementor-top-column elementor-element elementor-element-97a8185\" data-id=\"97a8185\" data-element_type=\"column\">\n\t\t\t<div class=\"elementor-widget-wrap elementor-element-populated\">\n\t\t\t\t\t\t<div class=\"elementor-element elementor-element-f7c7d9b elementor-widget elementor-widget-text-editor\" data-id=\"f7c7d9b\" data-element_type=\"widget\" data-widget_type=\"text-editor.default\">\n\t\t\t\t<div class=\"elementor-widget-container\">\n\t\t\t\t\t\t\t\t\t<h2>Quelques exemples d\u2019actions de communication pour la journ\u00e9e de la femme<\/h2>\t\t\t\t\t\t\t\t<\/div>\n\t\t\t\t<\/div>\n\t\t\t\t\t<\/div>\n\t\t<\/div>\n\t\t\t\t\t<\/div>\n\t\t<\/section>\n\t\t\t\t<section class=\"elementor-section elementor-top-section elementor-element elementor-element-50cee08 elementor-section-boxed elementor-section-height-default elementor-section-height-default\" data-id=\"50cee08\" data-element_type=\"section\">\n\t\t\t\t\t\t<div class=\"elementor-container elementor-column-gap-default\">\n\t\t\t\t\t<div class=\"elementor-column elementor-col-100 elementor-top-column elementor-element elementor-element-d327c8b\" data-id=\"d327c8b\" data-element_type=\"column\">\n\t\t\t<div class=\"elementor-widget-wrap elementor-element-populated\">\n\t\t\t\t\t\t<div class=\"elementor-element elementor-element-8a66334 elementor-widget elementor-widget-text-editor\" data-id=\"8a66334\" data-element_type=\"widget\" data-widget_type=\"text-editor.default\">\n\t\t\t\t<div class=\"elementor-widget-container\">\n\t\t\t\t\t\t\t\t\t<ul><li>Dans de nombreuses <strong>entreprises<\/strong>, le 8 mars, les femmes sont mises \u00e0 l\u2019honneur en interne ou sur les pages des r\u00e9seaux sociaux avec le #IWD (International Women Day). <br \/>Discussions et \u00e9changes autour de questions comme \u00ab Comment parvenir \u00e0 l&#8217;\u00e9galit\u00e9 des sexes dans notre entreprise ? \u00bb ou encore \u00ab Quels changements pouvons-nous imaginer au bureau pour plus d\u2019\u00e9galit\u00e9 ?\u201d. <br \/>Pr\u00e9sentation d\u2019une entreprise innovante cr\u00e9\u00e9e et dirig\u00e9e par des femmes.<br \/>Partage de citations qui \u00e9voquent la Journ\u00e9e internationale des droits des femmes.<br \/>Cr\u00e9ation d\u2019une cagnotte commune pour soutenir une organisation caritative qui soutient la cause des femmes.<\/li><li>Dans <strong>la presse<\/strong>, on peut lire des interviews et des portraits de femmes ayant des postes \u00e0 responsabilit\u00e9. Elles expliquent comment elles ont r\u00e9ussi \u00e0 concilier parcours professionnel, vie de famille et \u00e9panouissement personnel.<\/li><li>En 2023, le <strong>minist\u00e8re de l\u2019\u00c9conomie<\/strong> et des finances a organis\u00e9 des actions de sensibilisation propos\u00e9es aux agents du minist\u00e8re. Des expos, des conf\u00e9rences et des rencontres autour de la th\u00e9matique \u201cBrisons le plafond de verre !\u201d.<\/li><\/ul>\t\t\t\t\t\t\t\t<\/div>\n\t\t\t\t<\/div>\n\t\t\t\t\t<\/div>\n\t\t<\/div>\n\t\t\t\t\t<\/div>\n\t\t<\/section>\n\t\t\t\t<section class=\"elementor-section elementor-top-section elementor-element elementor-element-85477c1 elementor-section-boxed elementor-section-height-default elementor-section-height-default\" data-id=\"85477c1\" data-element_type=\"section\">\n\t\t\t\t\t\t<div class=\"elementor-container elementor-column-gap-default\">\n\t\t\t\t\t<div class=\"elementor-column elementor-col-100 elementor-top-column elementor-element elementor-element-ffa1d1e\" data-id=\"ffa1d1e\" data-element_type=\"column\">\n\t\t\t<div class=\"elementor-widget-wrap elementor-element-populated\">\n\t\t\t\t\t\t<div class=\"elementor-element elementor-element-44ebd46 elementor-widget elementor-widget-text-editor\" data-id=\"44ebd46\" data-element_type=\"widget\" data-widget_type=\"text-editor.default\">\n\t\t\t\t<div class=\"elementor-widget-container\">\n\t\t\t\t\t\t\t\t\t<h3>L&#8217;importance des supports de communication dans la promotion des droits des femmes<\/h3>\t\t\t\t\t\t\t\t<\/div>\n\t\t\t\t<\/div>\n\t\t\t\t\t<\/div>\n\t\t<\/div>\n\t\t\t\t\t<\/div>\n\t\t<\/section>\n\t\t\t\t<section class=\"elementor-section elementor-top-section elementor-element elementor-element-5ffc58d elementor-section-boxed elementor-section-height-default elementor-section-height-default\" data-id=\"5ffc58d\" data-element_type=\"section\">\n\t\t\t\t\t\t<div class=\"elementor-container elementor-column-gap-default\">\n\t\t\t\t\t<div class=\"elementor-column elementor-col-100 elementor-top-column elementor-element elementor-element-22783bf\" data-id=\"22783bf\" data-element_type=\"column\">\n\t\t\t<div class=\"elementor-widget-wrap elementor-element-populated\">\n\t\t\t\t\t\t<div class=\"elementor-element elementor-element-3aebc35 elementor-widget elementor-widget-image\" data-id=\"3aebc35\" data-element_type=\"widget\" data-widget_type=\"image.default\">\n\t\t\t\t<div class=\"elementor-widget-container\">\n\t\t\t\t\t\t\t\t\t\t\t\t\t\t\t<img decoding=\"async\" width=\"700\" height=\"534\" src=\"https:\/\/www.macapflag.com\/blog\/wp-content\/uploads\/2024\/02\/droits-de-la-femme-3.jpg\" class=\"attachment-large size-large wp-image-16186\" alt=\"Banderole imprim\u00e9e droit des femmes\" srcset=\"https:\/\/www.macapflag.com\/blog\/wp-content\/uploads\/2024\/02\/droits-de-la-femme-3.jpg 700w, https:\/\/www.macapflag.com\/blog\/wp-content\/uploads\/2024\/02\/droits-de-la-femme-3-300x229.jpg 300w\" sizes=\"(max-width: 700px) 100vw, 700px\" \/>\t\t\t\t\t\t\t\t\t\t\t\t\t\t\t<\/div>\n\t\t\t\t<\/div>\n\t\t\t\t\t<\/div>\n\t\t<\/div>\n\t\t\t\t\t<\/div>\n\t\t<\/section>\n\t\t\t\t<section class=\"elementor-section elementor-top-section elementor-element elementor-element-620c579 elementor-section-boxed elementor-section-height-default elementor-section-height-default\" data-id=\"620c579\" data-element_type=\"section\">\n\t\t\t\t\t\t<div class=\"elementor-container elementor-column-gap-default\">\n\t\t\t\t\t<div class=\"elementor-column elementor-col-100 elementor-top-column elementor-element elementor-element-fe3d85a\" data-id=\"fe3d85a\" data-element_type=\"column\">\n\t\t\t<div class=\"elementor-widget-wrap elementor-element-populated\">\n\t\t\t\t\t\t<div class=\"elementor-element elementor-element-9c7a54e elementor-widget elementor-widget-text-editor\" data-id=\"9c7a54e\" data-element_type=\"widget\" data-widget_type=\"text-editor.default\">\n\t\t\t\t<div class=\"elementor-widget-container\">\n\t\t\t\t\t\t\t\t\t<p>Dans le cadre de la Journ\u00e9e Internationale des Droits de la Femme, le r\u00f4le des supports de communication visuelle dans la sensibilisation et la mobilisation pour les droits des femmes est essentiel. Chez <a href=\"https:\/\/www.macapflag.com\/\"><span style=\"color: #3366ff;\"><strong>MACAP<\/strong><\/span><\/a>, sp\u00e9cialiste de l&#8217;impression de drapeaux et de supports de communication textile personnalis\u00e9s depuis plus de 55 ans, nous sommes fiers de contribuer \u00e0 cette cause importante.<br \/>Nos <a href=\"https:\/\/www.macapflag.com\/53-drapeau-personnalise\"><span style=\"color: #3366ff;\"><strong>drapeaux personnalis\u00e9s<\/strong><\/span><\/a>, <a href=\"https:\/\/www.macapflag.com\/362-banderole-habillage\"><span style=\"color: #3366ff;\"><strong>banderoles<\/strong><\/span><\/a>, <a href=\"https:\/\/www.macapflag.com\/360-kakemono-publicitaire\"><span style=\"color: #3366ff;\"><strong>kak\u00e9monos<\/strong><\/span><\/a> et autres supports visuels offrent une plateforme puissante pour v\u00e9hiculer des messages d&#8217;\u00e9galit\u00e9, de justice et d&#8217;empowerment. Que ce soit lors de marches pour les droits des femmes, de conf\u00e9rences, d&#8217;expositions ou de campagnes de sensibilisation en ligne, nos produits sont con\u00e7us pour donner de la visibilit\u00e9 aux luttes et aux succ\u00e8s des femmes \u00e0 travers le monde.<\/p>\t\t\t\t\t\t\t\t<\/div>\n\t\t\t\t<\/div>\n\t\t\t\t\t<\/div>\n\t\t<\/div>\n\t\t\t\t\t<\/div>\n\t\t<\/section>\n\t\t\t\t<section class=\"elementor-section elementor-top-section elementor-element elementor-element-4b0132b elementor-section-boxed elementor-section-height-default elementor-section-height-default\" data-id=\"4b0132b\" data-element_type=\"section\">\n\t\t\t\t\t\t<div class=\"elementor-container elementor-column-gap-default\">\n\t\t\t\t\t<div class=\"elementor-column elementor-col-100 elementor-top-column elementor-element elementor-element-9455e28\" data-id=\"9455e28\" data-element_type=\"column\">\n\t\t\t<div class=\"elementor-widget-wrap elementor-element-populated\">\n\t\t\t\t\t\t<div class=\"elementor-element elementor-element-7334ede elementor-widget elementor-widget-text-editor\" data-id=\"7334ede\" data-element_type=\"widget\" data-widget_type=\"text-editor.default\">\n\t\t\t\t<div class=\"elementor-widget-container\">\n\t\t\t\t\t\t\t\t\t<h4>Quelques exemples de produits de communication efficaces :<\/h4>\t\t\t\t\t\t\t\t<\/div>\n\t\t\t\t<\/div>\n\t\t\t\t\t<\/div>\n\t\t<\/div>\n\t\t\t\t\t<\/div>\n\t\t<\/section>\n\t\t\t\t<section class=\"elementor-section elementor-top-section elementor-element elementor-element-7704820 elementor-section-boxed elementor-section-height-default elementor-section-height-default\" data-id=\"7704820\" data-element_type=\"section\">\n\t\t\t\t\t\t<div class=\"elementor-container elementor-column-gap-default\">\n\t\t\t\t\t<div class=\"elementor-column elementor-col-100 elementor-top-column elementor-element elementor-element-7a94fe8\" data-id=\"7a94fe8\" data-element_type=\"column\">\n\t\t\t<div class=\"elementor-widget-wrap elementor-element-populated\">\n\t\t\t\t\t\t<div class=\"elementor-element elementor-element-96428f1 elementor-widget elementor-widget-text-editor\" data-id=\"96428f1\" data-element_type=\"widget\" data-widget_type=\"text-editor.default\">\n\t\t\t\t<div class=\"elementor-widget-container\">\n\t\t\t\t\t\t\t\t\t<h5>Drapeaux et banderoles personnalis\u00e9s :<\/h5>\t\t\t\t\t\t\t\t<\/div>\n\t\t\t\t<\/div>\n\t\t\t\t\t<\/div>\n\t\t<\/div>\n\t\t\t\t\t<\/div>\n\t\t<\/section>\n\t\t\t\t<section class=\"elementor-section elementor-top-section elementor-element elementor-element-c4e716b elementor-section-boxed elementor-section-height-default elementor-section-height-default\" data-id=\"c4e716b\" data-element_type=\"section\">\n\t\t\t\t\t\t<div class=\"elementor-container elementor-column-gap-default\">\n\t\t\t\t\t<div class=\"elementor-column elementor-col-100 elementor-top-column elementor-element elementor-element-40f1716\" data-id=\"40f1716\" data-element_type=\"column\">\n\t\t\t<div class=\"elementor-widget-wrap elementor-element-populated\">\n\t\t\t\t\t\t<div class=\"elementor-element elementor-element-b92fdb6 elementor-widget elementor-widget-text-editor\" data-id=\"b92fdb6\" data-element_type=\"widget\" data-widget_type=\"text-editor.default\">\n\t\t\t\t<div class=\"elementor-widget-container\">\n\t\t\t\t\t\t\t\t\t<p>Pour les \u00e9v\u00e9nements marquant la Journ\u00e9e Internationale des Droits de la Femme, des drapeaux et banderoles portant des messages inspirants peuvent \u00eatre cr\u00e9\u00e9s. Ces supports visuels servent non seulement \u00e0 d\u00e9corer les espaces, mais aussi \u00e0 unifier les participants autour d&#8217;une cause commune.<\/p>\t\t\t\t\t\t\t\t<\/div>\n\t\t\t\t<\/div>\n\t\t\t\t\t<\/div>\n\t\t<\/div>\n\t\t\t\t\t<\/div>\n\t\t<\/section>\n\t\t\t\t<section class=\"elementor-section elementor-top-section elementor-element elementor-element-3df8d60 elementor-section-boxed elementor-section-height-default elementor-section-height-default\" data-id=\"3df8d60\" data-element_type=\"section\">\n\t\t\t\t\t\t<div class=\"elementor-container elementor-column-gap-default\">\n\t\t\t\t\t<div class=\"elementor-column elementor-col-33 elementor-top-column elementor-element elementor-element-97a7e7b\" data-id=\"97a7e7b\" data-element_type=\"column\">\n\t\t\t<div class=\"elementor-widget-wrap elementor-element-populated\">\n\t\t\t\t\t\t<div class=\"elementor-element elementor-element-9c68a31 elementor-widget elementor-widget-shortcode\" data-id=\"9c68a31\" data-element_type=\"widget\" data-widget_type=\"shortcode.default\">\n\t\t\t\t<div class=\"elementor-widget-container\">\n\t\t\t\t\t\t\t<div class=\"elementor-shortcode\"><div class=\"container p-0 m-0\">\n    <div class=\"row m-0 border\">\n        <div class=\"col-12 grid-didpd-body text-center\">\n            <img decoding=\"async\" src=\"https:\/\/www.macapflag.com\/230188-home_default\/drapeau-textile-personnalise-hampe-en-bois.jpg\" alt=\"Drapeau sur hampe imprim&eacute;\" class=\"mx-auto\" \/>\n            <div class=\"grid-didpd-text\">\n                <a href=\"https:\/\/www.macapflag.com\/drapeau-personnalise\/292-drapeau-textile-personnalise-hampe-en-bois.html\" target=\"_blank\" class=\"stretched-link\">\n                    <h3>Drapeau sur hampe imprim\u00e9<\/h3>\n                <\/a>\n            <\/div>\n                        <p class=\"text-center font-weight-bold\">28,05 \u20ac HT<\/p>            <div class=\"text-center\">\n                <button class=\"btn btn-primary\">Vente en ligne<\/button>\n            <\/div>\n        <\/div>\n    <\/div>\n<\/div>\n<\/div>\n\t\t\t\t\t\t<\/div>\n\t\t\t\t<\/div>\n\t\t\t\t\t<\/div>\n\t\t<\/div>\n\t\t\t\t<div class=\"elementor-column elementor-col-33 elementor-top-column elementor-element elementor-element-610e1bd\" data-id=\"610e1bd\" data-element_type=\"column\">\n\t\t\t<div class=\"elementor-widget-wrap elementor-element-populated\">\n\t\t\t\t\t\t<div class=\"elementor-element elementor-element-93c6e93 elementor-widget elementor-widget-shortcode\" data-id=\"93c6e93\" data-element_type=\"widget\" data-widget_type=\"shortcode.default\">\n\t\t\t\t<div class=\"elementor-widget-container\">\n\t\t\t\t\t\t\t<div class=\"elementor-shortcode\"><div class=\"container p-0 m-0\">\n    <div class=\"row m-0 border\">\n        <div class=\"col-12 grid-didpd-body text-center\">\n            <img decoding=\"async\" src=\"https:\/\/www.macapflag.com\/1859886-home_default\/bache-pvc-fixation-oeillets.jpg\" alt=\"Banderole b&acirc;che imprim&eacute;e\" class=\"mx-auto\" \/>\n            <div class=\"grid-didpd-text\">\n                <a href=\"https:\/\/www.macapflag.com\/banderole-personnalisee\/329-bache-pvc-fixation-oeillets.html\" target=\"_blank\" class=\"stretched-link\">\n                    <h3>Banderole b\u00e2che imprim\u00e9e<\/h3>\n                <\/a>\n            <\/div>\n                        <p class=\"text-center font-weight-bold\">37,00 \u20ac HT<\/p>            <div class=\"text-center\">\n                <button class=\"btn btn-primary\">Vente en ligne<\/button>\n            <\/div>\n        <\/div>\n    <\/div>\n<\/div>\n<\/div>\n\t\t\t\t\t\t<\/div>\n\t\t\t\t<\/div>\n\t\t\t\t\t<\/div>\n\t\t<\/div>\n\t\t\t\t<div class=\"elementor-column elementor-col-33 elementor-top-column elementor-element elementor-element-81d9747\" data-id=\"81d9747\" data-element_type=\"column\">\n\t\t\t<div class=\"elementor-widget-wrap elementor-element-populated\">\n\t\t\t\t\t\t<div class=\"elementor-element elementor-element-f9c189c elementor-widget elementor-widget-shortcode\" data-id=\"f9c189c\" data-element_type=\"widget\" data-widget_type=\"shortcode.default\">\n\t\t\t\t<div class=\"elementor-widget-container\">\n\t\t\t\t\t\t\t<div class=\"elementor-shortcode\"><div class=\"container p-0 m-0\">\n    <div class=\"row m-0 border\">\n        <div class=\"col-12 grid-didpd-body text-center\">\n            <img decoding=\"async\" src=\"https:\/\/www.macapflag.com\/1859928-home_default\/banderole-intisse-textile-coupe-au-format-sans-fixation.jpg\" alt=\"Banderole en tissu imprim&eacute;e\" class=\"mx-auto\" \/>\n            <div class=\"grid-didpd-text\">\n                <a href=\"https:\/\/www.macapflag.com\/banderole-personnalisee\/179-banderole-intisse-textile-coupe-au-format-sans-fixation.html\" target=\"_blank\" class=\"stretched-link\">\n                    <h3>Banderole en tissu imprim\u00e9e<\/h3>\n                <\/a>\n            <\/div>\n                        <p class=\"text-center font-weight-bold\">30,00 \u20ac HT<\/p>            <div class=\"text-center\">\n                <button class=\"btn btn-primary\">Vente en ligne<\/button>\n            <\/div>\n        <\/div>\n    <\/div>\n<\/div>\n<\/div>\n\t\t\t\t\t\t<\/div>\n\t\t\t\t<\/div>\n\t\t\t\t\t<\/div>\n\t\t<\/div>\n\t\t\t\t\t<\/div>\n\t\t<\/section>\n\t\t\t\t<section class=\"elementor-section elementor-top-section elementor-element elementor-element-2ff1889 elementor-section-boxed elementor-section-height-default elementor-section-height-default\" data-id=\"2ff1889\" data-element_type=\"section\">\n\t\t\t\t\t\t<div class=\"elementor-container elementor-column-gap-default\">\n\t\t\t\t\t<div class=\"elementor-column elementor-col-100 elementor-top-column elementor-element elementor-element-7de4723\" data-id=\"7de4723\" data-element_type=\"column\">\n\t\t\t<div class=\"elementor-widget-wrap elementor-element-populated\">\n\t\t\t\t\t\t<div class=\"elementor-element elementor-element-330b2f2 elementor-widget elementor-widget-text-editor\" data-id=\"330b2f2\" data-element_type=\"widget\" data-widget_type=\"text-editor.default\">\n\t\t\t\t<div class=\"elementor-widget-container\">\n\t\t\t\t\t\t\t\t\t<h5>Beach flags et oriflammes publicitaires :<\/h5>\t\t\t\t\t\t\t\t<\/div>\n\t\t\t\t<\/div>\n\t\t\t\t\t<\/div>\n\t\t<\/div>\n\t\t\t\t\t<\/div>\n\t\t<\/section>\n\t\t\t\t<section class=\"elementor-section elementor-top-section elementor-element elementor-element-0dcc0f8 elementor-section-boxed elementor-section-height-default elementor-section-height-default\" data-id=\"0dcc0f8\" data-element_type=\"section\">\n\t\t\t\t\t\t<div class=\"elementor-container elementor-column-gap-default\">\n\t\t\t\t\t<div class=\"elementor-column elementor-col-100 elementor-top-column elementor-element elementor-element-7a7fb21\" data-id=\"7a7fb21\" data-element_type=\"column\">\n\t\t\t<div class=\"elementor-widget-wrap elementor-element-populated\">\n\t\t\t\t\t\t<div class=\"elementor-element elementor-element-48f018b elementor-widget elementor-widget-text-editor\" data-id=\"48f018b\" data-element_type=\"widget\" data-widget_type=\"text-editor.default\">\n\t\t\t\t<div class=\"elementor-widget-container\">\n\t\t\t\t\t\t\t\t\t<p>\u00a0Id\u00e9aux pour les campagnes de rue ou les stands d&#8217;information, ces supports attirent l&#8217;attention et diffusent efficacement les messages cl\u00e9s de la campagne.<\/p>\t\t\t\t\t\t\t\t<\/div>\n\t\t\t\t<\/div>\n\t\t\t\t\t<\/div>\n\t\t<\/div>\n\t\t\t\t\t<\/div>\n\t\t<\/section>\n\t\t\t\t<section class=\"elementor-section elementor-top-section elementor-element elementor-element-2b68419 elementor-section-boxed elementor-section-height-default elementor-section-height-default\" data-id=\"2b68419\" data-element_type=\"section\">\n\t\t\t\t\t\t<div class=\"elementor-container elementor-column-gap-default\">\n\t\t\t\t\t<div class=\"elementor-column elementor-col-33 elementor-top-column elementor-element elementor-element-89b47c8\" data-id=\"89b47c8\" data-element_type=\"column\">\n\t\t\t<div class=\"elementor-widget-wrap elementor-element-populated\">\n\t\t\t\t\t\t<div class=\"elementor-element elementor-element-87e3304 elementor-widget elementor-widget-shortcode\" data-id=\"87e3304\" data-element_type=\"widget\" data-widget_type=\"shortcode.default\">\n\t\t\t\t<div class=\"elementor-widget-container\">\n\t\t\t\t\t\t\t<div class=\"elementor-shortcode\"><div class=\"container p-0 m-0\">\n    <div class=\"row m-0 border\">\n        <div class=\"col-12 grid-didpd-body text-center\">\n            <img decoding=\"async\" src=\"https:\/\/www.macapflag.com\/1858192-home_default\/beach-flag-oriflamme-classique-kit-complet-fourreau-elastique-noir.jpg\" alt=\"Kit oriflamme imprim&eacute; Hauteur 2.30 m\" class=\"mx-auto\" \/>\n            <div class=\"grid-didpd-text\">\n                <a href=\"https:\/\/www.macapflag.com\/beach-flag-oriflamme\/245-beach-flag-oriflamme-classique-kit-complet-fourreau-elastique-noir.html\" target=\"_blank\" class=\"stretched-link\">\n                    <h3>Kit oriflamme imprim\u00e9 Hauteur 2.30 m<\/h3>\n                <\/a>\n            <\/div>\n                        <p class=\"text-center font-weight-bold\"><span class=\"text-danger\">95,20 \u20ac HT <\/span>&nbsp;<small><strike class=\"text-secondary\">112,00 \u20ac HT<\/strike><\/small>&nbsp;<small class=\"text-secondary text-danger\"> -15 % <\/small><\/p>            <div class=\"text-center\">\n                <button class=\"btn btn-primary\">Vente en ligne<\/button>\n            <\/div>\n        <\/div>\n    <\/div>\n<\/div>\n<\/div>\n\t\t\t\t\t\t<\/div>\n\t\t\t\t<\/div>\n\t\t\t\t\t<\/div>\n\t\t<\/div>\n\t\t\t\t<div class=\"elementor-column elementor-col-33 elementor-top-column elementor-element elementor-element-d945eba\" data-id=\"d945eba\" data-element_type=\"column\">\n\t\t\t<div class=\"elementor-widget-wrap elementor-element-populated\">\n\t\t\t\t\t\t<div class=\"elementor-element elementor-element-b67015d elementor-widget elementor-widget-shortcode\" data-id=\"b67015d\" data-element_type=\"widget\" data-widget_type=\"shortcode.default\">\n\t\t\t\t<div class=\"elementor-widget-container\">\n\t\t\t\t\t\t\t<div class=\"elementor-shortcode\"><div class=\"container p-0 m-0\">\n    <div class=\"row m-0 border\">\n        <div class=\"col-12 grid-didpd-body text-center\">\n            <img decoding=\"async\" src=\"https:\/\/www.macapflag.com\/326655-home_default\/street-flag-kit-complet.jpg\" alt=\"Street flag hauteur 1.80 m imprim&eacute; et sac &agrave; dos\" class=\"mx-auto\" \/>\n            <div class=\"grid-didpd-text\">\n                <a href=\"https:\/\/www.macapflag.com\/beach-flag-oriflamme\/139366-street-flag-kit-complet.html\" target=\"_blank\" class=\"stretched-link\">\n                    <h3>Street flag hauteur 1.80 m imprim\u00e9 et sac \u00e0 dos<\/h3>\n                <\/a>\n            <\/div>\n                        <p class=\"text-center font-weight-bold\"><span class=\"text-danger\">51,00 \u20ac HT <\/span>&nbsp;<small><strike class=\"text-secondary\">60,00 \u20ac HT<\/strike><\/small>&nbsp;<small class=\"text-secondary text-danger\"> -15 % <\/small><\/p>            <div class=\"text-center\">\n                <button class=\"btn btn-primary\">Vente en ligne<\/button>\n            <\/div>\n        <\/div>\n    <\/div>\n<\/div>\n<\/div>\n\t\t\t\t\t\t<\/div>\n\t\t\t\t<\/div>\n\t\t\t\t\t<\/div>\n\t\t<\/div>\n\t\t\t\t<div class=\"elementor-column elementor-col-33 elementor-top-column elementor-element elementor-element-52c3b87\" data-id=\"52c3b87\" data-element_type=\"column\">\n\t\t\t<div class=\"elementor-widget-wrap elementor-element-populated\">\n\t\t\t\t\t\t<div class=\"elementor-element elementor-element-02a541c elementor-widget elementor-widget-shortcode\" data-id=\"02a541c\" data-element_type=\"widget\" data-widget_type=\"shortcode.default\">\n\t\t\t\t<div class=\"elementor-widget-container\">\n\t\t\t\t\t\t\t<div class=\"elementor-shortcode\"><div class=\"container p-0 m-0\">\n    <div class=\"row m-0 border\">\n        <div class=\"col-12 grid-didpd-body text-center\">\n            <img decoding=\"async\" src=\"https:\/\/www.macapflag.com\/276583-home_default\/beach-flag-oriflamme-potence-kit-complet.jpg\" alt=\"Kit oriflamme potence imprim&eacute; Hauteur 2.40 m\" class=\"mx-auto\" \/>\n            <div class=\"grid-didpd-text\">\n                <a href=\"https:\/\/www.macapflag.com\/beach-flag-oriflamme\/233-beach-flag-oriflamme-potence-kit-complet.html\" target=\"_blank\" class=\"stretched-link\">\n                    <h3>Kit oriflamme potence imprim\u00e9 Hauteur 2.40 m<\/h3>\n                <\/a>\n            <\/div>\n                        <p class=\"text-center font-weight-bold\"><span class=\"text-danger\">110,50 \u20ac HT <\/span>&nbsp;<small><strike class=\"text-secondary\">130,00 \u20ac HT<\/strike><\/small>&nbsp;<small class=\"text-secondary text-danger\"> -15 % <\/small><\/p>            <div class=\"text-center\">\n                <button class=\"btn btn-primary\">Vente en ligne<\/button>\n            <\/div>\n        <\/div>\n    <\/div>\n<\/div>\n<\/div>\n\t\t\t\t\t\t<\/div>\n\t\t\t\t<\/div>\n\t\t\t\t\t<\/div>\n\t\t<\/div>\n\t\t\t\t\t<\/div>\n\t\t<\/section>\n\t\t\t\t<section class=\"elementor-section elementor-top-section elementor-element elementor-element-2d6f500 elementor-section-boxed elementor-section-height-default elementor-section-height-default\" data-id=\"2d6f500\" data-element_type=\"section\">\n\t\t\t\t\t\t<div class=\"elementor-container elementor-column-gap-default\">\n\t\t\t\t\t<div class=\"elementor-column elementor-col-100 elementor-top-column elementor-element elementor-element-ec36545\" data-id=\"ec36545\" data-element_type=\"column\">\n\t\t\t<div class=\"elementor-widget-wrap elementor-element-populated\">\n\t\t\t\t\t\t<div class=\"elementor-element elementor-element-1608d4b elementor-widget elementor-widget-text-editor\" data-id=\"1608d4b\" data-element_type=\"widget\" data-widget_type=\"text-editor.default\">\n\t\t\t\t<div class=\"elementor-widget-container\">\n\t\t\t\t\t\t\t\t\t<h5>Cadres, roll-ups et X-banner :<\/h5>\t\t\t\t\t\t\t\t<\/div>\n\t\t\t\t<\/div>\n\t\t\t\t\t<\/div>\n\t\t<\/div>\n\t\t\t\t\t<\/div>\n\t\t<\/section>\n\t\t\t\t<section class=\"elementor-section elementor-top-section elementor-element elementor-element-8f9fe20 elementor-section-boxed elementor-section-height-default elementor-section-height-default\" data-id=\"8f9fe20\" data-element_type=\"section\">\n\t\t\t\t\t\t<div class=\"elementor-container elementor-column-gap-default\">\n\t\t\t\t\t<div class=\"elementor-column elementor-col-100 elementor-top-column elementor-element elementor-element-ec7156c\" data-id=\"ec7156c\" data-element_type=\"column\">\n\t\t\t<div class=\"elementor-widget-wrap elementor-element-populated\">\n\t\t\t\t\t\t<div class=\"elementor-element elementor-element-b3ac23b elementor-widget elementor-widget-text-editor\" data-id=\"b3ac23b\" data-element_type=\"widget\" data-widget_type=\"text-editor.default\">\n\t\t\t\t<div class=\"elementor-widget-container\">\n\t\t\t\t\t\t\t\t\t<p>Parfaits pour les conf\u00e9rences ou les ateliers, ils peuvent pr\u00e9senter des informations importantes sur les droits des femmes, des statistiques cl\u00e9s et des histoires inspirantes de r\u00e9ussite f\u00e9minine.<\/p>\t\t\t\t\t\t\t\t<\/div>\n\t\t\t\t<\/div>\n\t\t\t\t\t<\/div>\n\t\t<\/div>\n\t\t\t\t\t<\/div>\n\t\t<\/section>\n\t\t\t\t<section class=\"elementor-section elementor-top-section elementor-element elementor-element-600b628 elementor-section-boxed elementor-section-height-default elementor-section-height-default\" data-id=\"600b628\" data-element_type=\"section\">\n\t\t\t\t\t\t<div class=\"elementor-container elementor-column-gap-default\">\n\t\t\t\t\t<div class=\"elementor-column elementor-col-33 elementor-top-column elementor-element elementor-element-ea86954\" data-id=\"ea86954\" data-element_type=\"column\">\n\t\t\t<div class=\"elementor-widget-wrap elementor-element-populated\">\n\t\t\t\t\t\t<div class=\"elementor-element elementor-element-5f6d21a elementor-widget elementor-widget-shortcode\" data-id=\"5f6d21a\" data-element_type=\"widget\" data-widget_type=\"shortcode.default\">\n\t\t\t\t<div class=\"elementor-widget-container\">\n\t\t\t\t\t\t\t<div class=\"elementor-shortcode\"><div class=\"container p-0 m-0\">\n    <div class=\"row m-0 border\">\n        <div class=\"col-12 grid-didpd-body text-center\">\n            <img decoding=\"async\" src=\"https:\/\/www.macapflag.com\/1853049-home_default\/cadre-toile-tendue-retroeclaire-autoportant-utilisation-interieure.jpg\" alt=\"Cadre toile r&eacute;tro&eacute;clair&eacute; imprim&eacute; 200x100 cm\" class=\"mx-auto\" \/>\n            <div class=\"grid-didpd-text\">\n                <a href=\"https:\/\/www.macapflag.com\/cadre-toile-tendue\/790449-cadre-toile-tendue-retroeclaire-autoportant-utilisation-interieure.html\" target=\"_blank\" class=\"stretched-link\">\n                    <h3>Cadre toile r\u00e9tro\u00e9clair\u00e9 imprim\u00e9 200x100 cm<\/h3>\n                <\/a>\n            <\/div>\n                        <p class=\"text-center font-weight-bold\">365,00 \u20ac HT<\/p>            <div class=\"text-center\">\n                <button class=\"btn btn-primary\">Vente en ligne<\/button>\n            <\/div>\n        <\/div>\n    <\/div>\n<\/div>\n<\/div>\n\t\t\t\t\t\t<\/div>\n\t\t\t\t<\/div>\n\t\t\t\t\t<\/div>\n\t\t<\/div>\n\t\t\t\t<div class=\"elementor-column elementor-col-33 elementor-top-column elementor-element elementor-element-13405b4\" data-id=\"13405b4\" data-element_type=\"column\">\n\t\t\t<div class=\"elementor-widget-wrap elementor-element-populated\">\n\t\t\t\t\t\t<div class=\"elementor-element elementor-element-3081ccf elementor-widget elementor-widget-shortcode\" data-id=\"3081ccf\" data-element_type=\"widget\" data-widget_type=\"shortcode.default\">\n\t\t\t\t<div class=\"elementor-widget-container\">\n\t\t\t\t\t\t\t<div class=\"elementor-shortcode\"><div class=\"container p-0 m-0\">\n    <div class=\"row m-0 border\">\n        <div class=\"col-12 grid-didpd-body text-center\">\n            <img decoding=\"async\" src=\"https:\/\/www.macapflag.com\/1860447-home_default\/roll-up-standard-.jpg\" alt=\"Roll up imprim&eacute; pliable 200x80 cm\" class=\"mx-auto\" \/>\n            <div class=\"grid-didpd-text\">\n                <a href=\"https:\/\/www.macapflag.com\/roll-up-plv-expo\/81-roll-up-standard-.html\" target=\"_blank\" class=\"stretched-link\">\n                    <h3>Roll up imprim\u00e9 pliable 200x80 cm<\/h3>\n                <\/a>\n            <\/div>\n                        <p class=\"text-center font-weight-bold\">54,00 \u20ac HT<\/p>            <div class=\"text-center\">\n                <button class=\"btn btn-primary\">Vente en ligne<\/button>\n            <\/div>\n        <\/div>\n    <\/div>\n<\/div>\n<\/div>\n\t\t\t\t\t\t<\/div>\n\t\t\t\t<\/div>\n\t\t\t\t\t<\/div>\n\t\t<\/div>\n\t\t\t\t<div class=\"elementor-column elementor-col-33 elementor-top-column elementor-element elementor-element-7c870cb\" data-id=\"7c870cb\" data-element_type=\"column\">\n\t\t\t<div class=\"elementor-widget-wrap elementor-element-populated\">\n\t\t\t\t\t\t<div class=\"elementor-element elementor-element-af1e8bc elementor-widget elementor-widget-shortcode\" data-id=\"af1e8bc\" data-element_type=\"widget\" data-widget_type=\"shortcode.default\">\n\t\t\t\t<div class=\"elementor-widget-container\">\n\t\t\t\t\t\t\t<div class=\"elementor-shortcode\"><div class=\"container p-0 m-0\">\n    <div class=\"row m-0 border\">\n        <div class=\"col-12 grid-didpd-body text-center\">\n            <img decoding=\"async\" src=\"https:\/\/www.macapflag.com\/1861262-home_default\/x-banner.jpg\" alt=\"X Banner imprim&eacute; support en X  160x60 cm\" class=\"mx-auto\" \/>\n            <div class=\"grid-didpd-text\">\n                <a href=\"https:\/\/www.macapflag.com\/roll-up-plv-expo\/83-x-banner.html\" target=\"_blank\" class=\"stretched-link\">\n                    <h3>X Banner imprim\u00e9 support en X  160x60 cm<\/h3>\n                <\/a>\n            <\/div>\n                        <p class=\"text-center font-weight-bold\">36,00 \u20ac HT<\/p>            <div class=\"text-center\">\n                <button class=\"btn btn-primary\">Vente en ligne<\/button>\n            <\/div>\n        <\/div>\n    <\/div>\n<\/div>\n<\/div>\n\t\t\t\t\t\t<\/div>\n\t\t\t\t<\/div>\n\t\t\t\t\t<\/div>\n\t\t<\/div>\n\t\t\t\t\t<\/div>\n\t\t<\/section>\n\t\t\t\t<section class=\"elementor-section elementor-top-section elementor-element elementor-element-7245ce4 elementor-section-boxed elementor-section-height-default elementor-section-height-default\" data-id=\"7245ce4\" data-element_type=\"section\">\n\t\t\t\t\t\t<div class=\"elementor-container elementor-column-gap-default\">\n\t\t\t\t\t<div class=\"elementor-column elementor-col-100 elementor-top-column elementor-element elementor-element-96ee50a\" data-id=\"96ee50a\" data-element_type=\"column\">\n\t\t\t<div class=\"elementor-widget-wrap elementor-element-populated\">\n\t\t\t\t\t\t<div class=\"elementor-element elementor-element-7709081 elementor-widget elementor-widget-text-editor\" data-id=\"7709081\" data-element_type=\"widget\" data-widget_type=\"text-editor.default\">\n\t\t\t\t<div class=\"elementor-widget-container\">\n\t\t\t\t\t\t\t\t\t<p>Chez MACAP, nous pensons que la communication participe \u00e0 chaque pas vers l&#8217;\u00e9galit\u00e9. <br \/>Notre engagement envers la qualit\u00e9 et la personnalisation de chaque produit refl\u00e8te notre soutien aux valeurs de la Journ\u00e9e Internationale des Droits de la Femme. En fournissant des moyens de communication visuelle impactants, nous esp\u00e9rons contribuer \u00e0 la sensibilisation et \u00e0 l&#8217;action pour l&#8217;\u00e9galit\u00e9 des sexes.<\/p>\t\t\t\t\t\t\t\t<\/div>\n\t\t\t\t<\/div>\n\t\t\t\t\t<\/div>\n\t\t<\/div>\n\t\t\t\t\t<\/div>\n\t\t<\/section>\n\t\t\t\t<section class=\"elementor-section elementor-top-section elementor-element elementor-element-c62c2b2 elementor-section-boxed elementor-section-height-default elementor-section-height-default\" data-id=\"c62c2b2\" data-element_type=\"section\">\n\t\t\t\t\t\t<div class=\"elementor-container elementor-column-gap-default\">\n\t\t\t\t\t<div class=\"elementor-column elementor-col-100 elementor-top-column elementor-element elementor-element-ebd591e\" data-id=\"ebd591e\" data-element_type=\"column\">\n\t\t\t<div class=\"elementor-widget-wrap elementor-element-populated\">\n\t\t\t\t\t\t<div class=\"elementor-element elementor-element-c057d85 elementor-widget elementor-widget-image\" data-id=\"c057d85\" data-element_type=\"widget\" data-widget_type=\"image.default\">\n\t\t\t\t<div class=\"elementor-widget-container\">\n\t\t\t\t\t\t\t\t\t\t\t\t\t\t\t<img loading=\"lazy\" decoding=\"async\" width=\"700\" height=\"320\" src=\"https:\/\/www.macapflag.com\/blog\/wp-content\/uploads\/2021\/04\/fabriquant-de-drapeaux-kakemonos-banderoles-beach-flags-oriflammes-macap.jpg\" class=\"attachment-large size-large wp-image-10133\" alt=\"Macap fabriquant de drapeaux kak\u00e9mono banderole beach flag oriflamme\" srcset=\"https:\/\/www.macapflag.com\/blog\/wp-content\/uploads\/2021\/04\/fabriquant-de-drapeaux-kakemonos-banderoles-beach-flags-oriflammes-macap.jpg 700w, https:\/\/www.macapflag.com\/blog\/wp-content\/uploads\/2021\/04\/fabriquant-de-drapeaux-kakemonos-banderoles-beach-flags-oriflammes-macap-300x137.jpg 300w\" sizes=\"(max-width: 700px) 100vw, 700px\" \/>\t\t\t\t\t\t\t\t\t\t\t\t\t\t\t<\/div>\n\t\t\t\t<\/div>\n\t\t\t\t\t<\/div>\n\t\t<\/div>\n\t\t\t\t\t<\/div>\n\t\t<\/section>\n\t\t\t\t<\/div>\n\t\t","protected":false},"excerpt":{"rendered":"<div class=\"tmnf_excerpt\"><p>Chaque ann\u00e9e, le 8 mars est la journ\u00e9e internationale des femmes, de la femme ou encore des droits des femmes. Peu importe sa d\u00e9nomination, cette journ\u00e9e internationale met en avant la lutte pour les droits des femmes et la fin des in\u00e9galit\u00e9s hommes-femmes. Quand, comment et pourquoi a \u00e9t\u00e9 cr\u00e9\u00e9e la journ\u00e9e des droits des &hellip;<\/p>\n<\/div>","protected":false},"author":2,"featured_media":16179,"comment_status":"closed","ping_status":"open","sticky":false,"template":"template-fullwidth.php","format":"standard","meta":{"footnotes":""},"categories":[92],"tags":[],"class_list":["post-16178","post","type-post","status-publish","format-standard","has-post-thumbnail","hentry","category-news"],"yoast_head":"<!-- This site is optimized with the Yoast SEO plugin v26.4 - https:\/\/yoast.com\/wordpress\/plugins\/seo\/ -->\n<title>Le 8 mars, c&#039;est la journ\u00e9e internationale des droits de la femme<\/title>\n<meta name=\"description\" content=\"Chaque ann\u00e9e, le 8 mars c\u00e9l\u00e8bre la journ\u00e9e internationale des droits de la femme pour r\u00e9fl\u00e9chir, agir et am\u00e9liorer ces droits dans le monde\" \/>\n<meta name=\"robots\" content=\"index, follow, max-snippet:-1, max-image-preview:large, max-video-preview:-1\" \/>\n<link rel=\"canonical\" href=\"https:\/\/www.macapflag.com\/blog\/droits-de-la-femme\/\" \/>\n<meta property=\"og:locale\" content=\"fr_FR\" \/>\n<meta property=\"og:type\" content=\"article\" \/>\n<meta property=\"og:title\" content=\"Le 8 mars, c&#039;est la journ\u00e9e internationale des droits de la femme\" \/>\n<meta property=\"og:description\" content=\"Chaque ann\u00e9e, le 8 mars c\u00e9l\u00e8bre la journ\u00e9e internationale des droits de la femme pour r\u00e9fl\u00e9chir, agir et am\u00e9liorer ces droits dans le monde\" \/>\n<meta property=\"og:url\" content=\"https:\/\/www.macapflag.com\/blog\/droits-de-la-femme\/\" \/>\n<meta property=\"og:site_name\" content=\"Blog - Macap\" \/>\n<meta property=\"article:publisher\" content=\"https:\/\/www.facebook.com\/macap.pavoisement\/\" \/>\n<meta property=\"article:published_time\" content=\"2025-03-08T07:01:26+00:00\" \/>\n<meta property=\"og:image\" content=\"https:\/\/www.macapflag.com\/blog\/wp-content\/uploads\/2024\/02\/droits-de-la-femme-TITRE.jpg\" \/>\n\t<meta property=\"og:image:width\" content=\"870\" \/>\n\t<meta property=\"og:image:height\" content=\"600\" \/>\n\t<meta property=\"og:image:type\" content=\"image\/jpeg\" \/>\n<meta name=\"author\" content=\"Blog Macap\" \/>\n<meta name=\"twitter:card\" content=\"summary_large_image\" \/>\n<meta name=\"twitter:label1\" content=\"\u00c9crit par\" \/>\n\t<meta name=\"twitter:data1\" content=\"Blog Macap\" \/>\n\t<meta name=\"twitter:label2\" content=\"Dur\u00e9e de lecture estim\u00e9e\" \/>\n\t<meta name=\"twitter:data2\" content=\"8 minutes\" \/>\n<script type=\"application\/ld+json\" class=\"yoast-schema-graph\">{\"@context\":\"https:\/\/schema.org\",\"@graph\":[{\"@type\":\"Article\",\"@id\":\"https:\/\/www.macapflag.com\/blog\/droits-de-la-femme\/#article\",\"isPartOf\":{\"@id\":\"https:\/\/www.macapflag.com\/blog\/droits-de-la-femme\/\"},\"author\":{\"name\":\"Blog Macap\",\"@id\":\"https:\/\/www.macapflag.com\/blog\/#\/schema\/person\/3fea701f2603875e651e6b662578fc3c\"},\"headline\":\"Journ\u00e9e internationale des droits de la femme\",\"datePublished\":\"2025-03-08T07:01:26+00:00\",\"mainEntityOfPage\":{\"@id\":\"https:\/\/www.macapflag.com\/blog\/droits-de-la-femme\/\"},\"wordCount\":1644,\"publisher\":{\"@id\":\"https:\/\/www.macapflag.com\/blog\/#organization\"},\"image\":{\"@id\":\"https:\/\/www.macapflag.com\/blog\/droits-de-la-femme\/#primaryimage\"},\"thumbnailUrl\":\"https:\/\/www.macapflag.com\/blog\/wp-content\/uploads\/2024\/02\/droits-de-la-femme-TITRE.jpg\",\"articleSection\":[\"News &amp; Actu\"],\"inLanguage\":\"fr-FR\"},{\"@type\":\"WebPage\",\"@id\":\"https:\/\/www.macapflag.com\/blog\/droits-de-la-femme\/\",\"url\":\"https:\/\/www.macapflag.com\/blog\/droits-de-la-femme\/\",\"name\":\"Le 8 mars, c'est la journ\u00e9e internationale des droits de la femme\",\"isPartOf\":{\"@id\":\"https:\/\/www.macapflag.com\/blog\/#website\"},\"primaryImageOfPage\":{\"@id\":\"https:\/\/www.macapflag.com\/blog\/droits-de-la-femme\/#primaryimage\"},\"image\":{\"@id\":\"https:\/\/www.macapflag.com\/blog\/droits-de-la-femme\/#primaryimage\"},\"thumbnailUrl\":\"https:\/\/www.macapflag.com\/blog\/wp-content\/uploads\/2024\/02\/droits-de-la-femme-TITRE.jpg\",\"datePublished\":\"2025-03-08T07:01:26+00:00\",\"description\":\"Chaque ann\u00e9e, le 8 mars c\u00e9l\u00e8bre la journ\u00e9e internationale des droits de la femme pour r\u00e9fl\u00e9chir, agir et am\u00e9liorer ces droits dans le monde\",\"breadcrumb\":{\"@id\":\"https:\/\/www.macapflag.com\/blog\/droits-de-la-femme\/#breadcrumb\"},\"inLanguage\":\"fr-FR\",\"potentialAction\":[{\"@type\":\"ReadAction\",\"target\":[\"https:\/\/www.macapflag.com\/blog\/droits-de-la-femme\/\"]}]},{\"@type\":\"ImageObject\",\"inLanguage\":\"fr-FR\",\"@id\":\"https:\/\/www.macapflag.com\/blog\/droits-de-la-femme\/#primaryimage\",\"url\":\"https:\/\/www.macapflag.com\/blog\/wp-content\/uploads\/2024\/02\/droits-de-la-femme-TITRE.jpg\",\"contentUrl\":\"https:\/\/www.macapflag.com\/blog\/wp-content\/uploads\/2024\/02\/droits-de-la-femme-TITRE.jpg\",\"width\":870,\"height\":600,\"caption\":\"Journ\u00e9e internationale de la femme et ses droits le 8 mars\"},{\"@type\":\"BreadcrumbList\",\"@id\":\"https:\/\/www.macapflag.com\/blog\/droits-de-la-femme\/#breadcrumb\",\"itemListElement\":[{\"@type\":\"ListItem\",\"position\":1,\"name\":\"Accueil\",\"item\":\"https:\/\/www.macapflag.com\/blog\/\"},{\"@type\":\"ListItem\",\"position\":2,\"name\":\"Journ\u00e9e internationale des droits de la femme\"}]},{\"@type\":\"WebSite\",\"@id\":\"https:\/\/www.macapflag.com\/blog\/#website\",\"url\":\"https:\/\/www.macapflag.com\/blog\/\",\"name\":\"Blog - Macap\",\"description\":\"Tous nos articles\",\"publisher\":{\"@id\":\"https:\/\/www.macapflag.com\/blog\/#organization\"},\"potentialAction\":[{\"@type\":\"SearchAction\",\"target\":{\"@type\":\"EntryPoint\",\"urlTemplate\":\"https:\/\/www.macapflag.com\/blog\/?s={search_term_string}\"},\"query-input\":{\"@type\":\"PropertyValueSpecification\",\"valueRequired\":true,\"valueName\":\"search_term_string\"}}],\"inLanguage\":\"fr-FR\"},{\"@type\":\"Organization\",\"@id\":\"https:\/\/www.macapflag.com\/blog\/#organization\",\"name\":\"macapflag\",\"url\":\"https:\/\/www.macapflag.com\/blog\/\",\"logo\":{\"@type\":\"ImageObject\",\"inLanguage\":\"fr-FR\",\"@id\":\"https:\/\/www.macapflag.com\/blog\/#\/schema\/logo\/image\/\",\"url\":\"https:\/\/www.macapflag.com\/blog\/wp-content\/uploads\/2020\/12\/cropped-M-512-1.png\",\"contentUrl\":\"https:\/\/www.macapflag.com\/blog\/wp-content\/uploads\/2020\/12\/cropped-M-512-1.png\",\"width\":512,\"height\":512,\"caption\":\"macapflag\"},\"image\":{\"@id\":\"https:\/\/www.macapflag.com\/blog\/#\/schema\/logo\/image\/\"},\"sameAs\":[\"https:\/\/www.facebook.com\/macap.pavoisement\/\",\"https:\/\/www.instagram.com\/macapflag\/?hl=fr\",\"https:\/\/www.linkedin.com\/company\/macap\/?originalSubdomain=fr\",\"https:\/\/www.youtube.com\/channel\/UCXNzTIdZh9poEBjSXEqDtNw\"]},{\"@type\":\"Person\",\"@id\":\"https:\/\/www.macapflag.com\/blog\/#\/schema\/person\/3fea701f2603875e651e6b662578fc3c\",\"name\":\"Blog Macap\",\"image\":{\"@type\":\"ImageObject\",\"inLanguage\":\"fr-FR\",\"@id\":\"https:\/\/www.macapflag.com\/blog\/#\/schema\/person\/image\/\",\"url\":\"https:\/\/secure.gravatar.com\/avatar\/c12551f2dc51f0db049633b03e7856985477a70da834cc8967dea4ce54bdd6a2?s=96&d=mm&r=g\",\"contentUrl\":\"https:\/\/secure.gravatar.com\/avatar\/c12551f2dc51f0db049633b03e7856985477a70da834cc8967dea4ce54bdd6a2?s=96&d=mm&r=g\",\"caption\":\"Blog Macap\"},\"url\":\"https:\/\/www.macapflag.com\/blog\/author\/macap\/\"}]}<\/script>\n<!-- \/ Yoast SEO plugin. -->","yoast_head_json":{"title":"Le 8 mars, c'est la journ\u00e9e internationale des droits de la femme","description":"Chaque ann\u00e9e, le 8 mars c\u00e9l\u00e8bre la journ\u00e9e internationale des droits de la femme pour r\u00e9fl\u00e9chir, agir et am\u00e9liorer ces droits dans le monde","robots":{"index":"index","follow":"follow","max-snippet":"max-snippet:-1","max-image-preview":"max-image-preview:large","max-video-preview":"max-video-preview:-1"},"canonical":"https:\/\/www.macapflag.com\/blog\/droits-de-la-femme\/","og_locale":"fr_FR","og_type":"article","og_title":"Le 8 mars, c'est la journ\u00e9e internationale des droits de la femme","og_description":"Chaque ann\u00e9e, le 8 mars c\u00e9l\u00e8bre la journ\u00e9e internationale des droits de la femme pour r\u00e9fl\u00e9chir, agir et am\u00e9liorer ces droits dans le monde","og_url":"https:\/\/www.macapflag.com\/blog\/droits-de-la-femme\/","og_site_name":"Blog - Macap","article_publisher":"https:\/\/www.facebook.com\/macap.pavoisement\/","article_published_time":"2025-03-08T07:01:26+00:00","og_image":[{"width":870,"height":600,"url":"https:\/\/www.macapflag.com\/blog\/wp-content\/uploads\/2024\/02\/droits-de-la-femme-TITRE.jpg","type":"image\/jpeg"}],"author":"Blog Macap","twitter_card":"summary_large_image","twitter_misc":{"\u00c9crit par":"Blog Macap","Dur\u00e9e de lecture estim\u00e9e":"8 minutes"},"schema":{"@context":"https:\/\/schema.org","@graph":[{"@type":"Article","@id":"https:\/\/www.macapflag.com\/blog\/droits-de-la-femme\/#article","isPartOf":{"@id":"https:\/\/www.macapflag.com\/blog\/droits-de-la-femme\/"},"author":{"name":"Blog Macap","@id":"https:\/\/www.macapflag.com\/blog\/#\/schema\/person\/3fea701f2603875e651e6b662578fc3c"},"headline":"Journ\u00e9e internationale des droits de la femme","datePublished":"2025-03-08T07:01:26+00:00","mainEntityOfPage":{"@id":"https:\/\/www.macapflag.com\/blog\/droits-de-la-femme\/"},"wordCount":1644,"publisher":{"@id":"https:\/\/www.macapflag.com\/blog\/#organization"},"image":{"@id":"https:\/\/www.macapflag.com\/blog\/droits-de-la-femme\/#primaryimage"},"thumbnailUrl":"https:\/\/www.macapflag.com\/blog\/wp-content\/uploads\/2024\/02\/droits-de-la-femme-TITRE.jpg","articleSection":["News &amp; Actu"],"inLanguage":"fr-FR"},{"@type":"WebPage","@id":"https:\/\/www.macapflag.com\/blog\/droits-de-la-femme\/","url":"https:\/\/www.macapflag.com\/blog\/droits-de-la-femme\/","name":"Le 8 mars, c'est la journ\u00e9e internationale des droits de la femme","isPartOf":{"@id":"https:\/\/www.macapflag.com\/blog\/#website"},"primaryImageOfPage":{"@id":"https:\/\/www.macapflag.com\/blog\/droits-de-la-femme\/#primaryimage"},"image":{"@id":"https:\/\/www.macapflag.com\/blog\/droits-de-la-femme\/#primaryimage"},"thumbnailUrl":"https:\/\/www.macapflag.com\/blog\/wp-content\/uploads\/2024\/02\/droits-de-la-femme-TITRE.jpg","datePublished":"2025-03-08T07:01:26+00:00","description":"Chaque ann\u00e9e, le 8 mars c\u00e9l\u00e8bre la journ\u00e9e internationale des droits de la femme pour r\u00e9fl\u00e9chir, agir et am\u00e9liorer ces droits dans le monde","breadcrumb":{"@id":"https:\/\/www.macapflag.com\/blog\/droits-de-la-femme\/#breadcrumb"},"inLanguage":"fr-FR","potentialAction":[{"@type":"ReadAction","target":["https:\/\/www.macapflag.com\/blog\/droits-de-la-femme\/"]}]},{"@type":"ImageObject","inLanguage":"fr-FR","@id":"https:\/\/www.macapflag.com\/blog\/droits-de-la-femme\/#primaryimage","url":"https:\/\/www.macapflag.com\/blog\/wp-content\/uploads\/2024\/02\/droits-de-la-femme-TITRE.jpg","contentUrl":"https:\/\/www.macapflag.com\/blog\/wp-content\/uploads\/2024\/02\/droits-de-la-femme-TITRE.jpg","width":870,"height":600,"caption":"Journ\u00e9e internationale de la femme et ses droits le 8 mars"},{"@type":"BreadcrumbList","@id":"https:\/\/www.macapflag.com\/blog\/droits-de-la-femme\/#breadcrumb","itemListElement":[{"@type":"ListItem","position":1,"name":"Accueil","item":"https:\/\/www.macapflag.com\/blog\/"},{"@type":"ListItem","position":2,"name":"Journ\u00e9e internationale des droits de la femme"}]},{"@type":"WebSite","@id":"https:\/\/www.macapflag.com\/blog\/#website","url":"https:\/\/www.macapflag.com\/blog\/","name":"Blog - Macap","description":"Tous nos articles","publisher":{"@id":"https:\/\/www.macapflag.com\/blog\/#organization"},"potentialAction":[{"@type":"SearchAction","target":{"@type":"EntryPoint","urlTemplate":"https:\/\/www.macapflag.com\/blog\/?s={search_term_string}"},"query-input":{"@type":"PropertyValueSpecification","valueRequired":true,"valueName":"search_term_string"}}],"inLanguage":"fr-FR"},{"@type":"Organization","@id":"https:\/\/www.macapflag.com\/blog\/#organization","name":"macapflag","url":"https:\/\/www.macapflag.com\/blog\/","logo":{"@type":"ImageObject","inLanguage":"fr-FR","@id":"https:\/\/www.macapflag.com\/blog\/#\/schema\/logo\/image\/","url":"https:\/\/www.macapflag.com\/blog\/wp-content\/uploads\/2020\/12\/cropped-M-512-1.png","contentUrl":"https:\/\/www.macapflag.com\/blog\/wp-content\/uploads\/2020\/12\/cropped-M-512-1.png","width":512,"height":512,"caption":"macapflag"},"image":{"@id":"https:\/\/www.macapflag.com\/blog\/#\/schema\/logo\/image\/"},"sameAs":["https:\/\/www.facebook.com\/macap.pavoisement\/","https:\/\/www.instagram.com\/macapflag\/?hl=fr","https:\/\/www.linkedin.com\/company\/macap\/?originalSubdomain=fr","https:\/\/www.youtube.com\/channel\/UCXNzTIdZh9poEBjSXEqDtNw"]},{"@type":"Person","@id":"https:\/\/www.macapflag.com\/blog\/#\/schema\/person\/3fea701f2603875e651e6b662578fc3c","name":"Blog Macap","image":{"@type":"ImageObject","inLanguage":"fr-FR","@id":"https:\/\/www.macapflag.com\/blog\/#\/schema\/person\/image\/","url":"https:\/\/secure.gravatar.com\/avatar\/c12551f2dc51f0db049633b03e7856985477a70da834cc8967dea4ce54bdd6a2?s=96&d=mm&r=g","contentUrl":"https:\/\/secure.gravatar.com\/avatar\/c12551f2dc51f0db049633b03e7856985477a70da834cc8967dea4ce54bdd6a2?s=96&d=mm&r=g","caption":"Blog Macap"},"url":"https:\/\/www.macapflag.com\/blog\/author\/macap\/"}]}},"_links":{"self":[{"href":"https:\/\/www.macapflag.com\/blog\/wp-json\/wp\/v2\/posts\/16178","targetHints":{"allow":["GET"]}}],"collection":[{"href":"https:\/\/www.macapflag.com\/blog\/wp-json\/wp\/v2\/posts"}],"about":[{"href":"https:\/\/www.macapflag.com\/blog\/wp-json\/wp\/v2\/types\/post"}],"author":[{"embeddable":true,"href":"https:\/\/www.macapflag.com\/blog\/wp-json\/wp\/v2\/users\/2"}],"replies":[{"embeddable":true,"href":"https:\/\/www.macapflag.com\/blog\/wp-json\/wp\/v2\/comments?post=16178"}],"version-history":[{"count":29,"href":"https:\/\/www.macapflag.com\/blog\/wp-json\/wp\/v2\/posts\/16178\/revisions"}],"predecessor-version":[{"id":19400,"href":"https:\/\/www.macapflag.com\/blog\/wp-json\/wp\/v2\/posts\/16178\/revisions\/19400"}],"wp:featuredmedia":[{"embeddable":true,"href":"https:\/\/www.macapflag.com\/blog\/wp-json\/wp\/v2\/media\/16179"}],"wp:attachment":[{"href":"https:\/\/www.macapflag.com\/blog\/wp-json\/wp\/v2\/media?parent=16178"}],"wp:term":[{"taxonomy":"category","embeddable":true,"href":"https:\/\/www.macapflag.com\/blog\/wp-json\/wp\/v2\/categories?post=16178"},{"taxonomy":"post_tag","embeddable":true,"href":"https:\/\/www.macapflag.com\/blog\/wp-json\/wp\/v2\/tags?post=16178"}],"curies":[{"name":"wp","href":"https:\/\/api.w.org\/{rel}","templated":true}]}}