{"id":16332,"date":"2025-03-09T08:30:12","date_gmt":"2025-03-09T07:30:12","guid":{"rendered":"https:\/\/www.macapflag.com\/blog\/?p=16332"},"modified":"2025-03-09T08:30:12","modified_gmt":"2025-03-09T07:30:12","slug":"drapeau-peinture","status":"publish","type":"post","link":"https:\/\/www.macapflag.com\/blog\/drapeau-peinture\/","title":{"rendered":"Le drapeau dans la peinture : un voyage \u00e0 travers le temps"},"content":{"rendered":"\t\t<div data-elementor-type=\"wp-post\" data-elementor-id=\"16332\" class=\"elementor elementor-16332\">\n\t\t\t\t\t\t<section class=\"elementor-section elementor-top-section elementor-element elementor-element-0f816c4 elementor-section-boxed elementor-section-height-default elementor-section-height-default\" data-id=\"0f816c4\" data-element_type=\"section\">\n\t\t\t\t\t\t<div class=\"elementor-container elementor-column-gap-default\">\n\t\t\t\t\t<div class=\"elementor-column elementor-col-100 elementor-top-column elementor-element elementor-element-41e14f8\" data-id=\"41e14f8\" data-element_type=\"column\">\n\t\t\t<div class=\"elementor-widget-wrap elementor-element-populated\">\n\t\t\t\t\t\t<div class=\"elementor-element elementor-element-33fbb99 elementor-widget elementor-widget-text-editor\" data-id=\"33fbb99\" data-element_type=\"widget\" data-widget_type=\"text-editor.default\">\n\t\t\t\t<div class=\"elementor-widget-container\">\n\t\t\t\t\t\t\t\t\t<p>Imaginez un symbole si puissant qu&#8217;il traverse les \u00e2ges, changeant de forme tout en conservant son essence et sa communication universelle. C&#8217;est l&#8217;histoire du drapeau, un embl\u00e8me de fiert\u00e9, d\u2019appartenance, d&#8217;identit\u00e9 et de lutte. \u00c0 travers un voyage dans le temps, d\u00e9couvrons comment les artistes ont captur\u00e9 l&#8217;esprit des drapeaux dans leurs \u0153uvres, refl\u00e9tant les \u00e9poques et les id\u00e9aux qu&#8217;ils repr\u00e9sentent.<\/p>\t\t\t\t\t\t\t\t<\/div>\n\t\t\t\t<\/div>\n\t\t\t\t\t<\/div>\n\t\t<\/div>\n\t\t\t\t\t<\/div>\n\t\t<\/section>\n\t\t\t\t<section class=\"elementor-section elementor-top-section elementor-element elementor-element-e5c2ec0 elementor-section-boxed elementor-section-height-default elementor-section-height-default\" data-id=\"e5c2ec0\" data-element_type=\"section\">\n\t\t\t\t\t\t<div class=\"elementor-container elementor-column-gap-default\">\n\t\t\t\t\t<div class=\"elementor-column elementor-col-100 elementor-top-column elementor-element elementor-element-b0a6034\" data-id=\"b0a6034\" data-element_type=\"column\">\n\t\t\t<div class=\"elementor-widget-wrap elementor-element-populated\">\n\t\t\t\t\t\t<div class=\"elementor-element elementor-element-8eef4c8 elementor-widget elementor-widget-text-editor\" data-id=\"8eef4c8\" data-element_type=\"widget\" data-widget_type=\"text-editor.default\">\n\t\t\t\t<div class=\"elementor-widget-container\">\n\t\t\t\t\t\t\t\t\t<h2>Le XXI\u1d49 si\u00e8cle : Banksy soutient le mouvement de col\u00e8re apr\u00e8s le d\u00e9c\u00e8s de George Floyd. 2020<\/h2>\t\t\t\t\t\t\t\t<\/div>\n\t\t\t\t<\/div>\n\t\t\t\t\t<\/div>\n\t\t<\/div>\n\t\t\t\t\t<\/div>\n\t\t<\/section>\n\t\t\t\t<section class=\"elementor-section elementor-top-section elementor-element elementor-element-72f550d elementor-section-boxed elementor-section-height-default elementor-section-height-default\" data-id=\"72f550d\" data-element_type=\"section\">\n\t\t\t\t\t\t<div class=\"elementor-container elementor-column-gap-default\">\n\t\t\t\t\t<div class=\"elementor-column elementor-col-100 elementor-top-column elementor-element elementor-element-afd5a98\" data-id=\"afd5a98\" data-element_type=\"column\">\n\t\t\t<div class=\"elementor-widget-wrap elementor-element-populated\">\n\t\t\t\t\t\t<div class=\"elementor-element elementor-element-9b3abfc elementor-widget elementor-widget-image\" data-id=\"9b3abfc\" data-element_type=\"widget\" data-widget_type=\"image.default\">\n\t\t\t\t<div class=\"elementor-widget-container\">\n\t\t\t\t\t\t\t\t\t\t\t\t\t\t\t<img fetchpriority=\"high\" decoding=\"async\" width=\"700\" height=\"534\" src=\"https:\/\/www.macapflag.com\/blog\/wp-content\/uploads\/2024\/03\/drapeau-peinture-1.jpg\" class=\"attachment-large size-large wp-image-16335\" alt=\"Banksy dessine suite au d\u00e9c\u00e8s de George Floyd\" srcset=\"https:\/\/www.macapflag.com\/blog\/wp-content\/uploads\/2024\/03\/drapeau-peinture-1.jpg 700w, https:\/\/www.macapflag.com\/blog\/wp-content\/uploads\/2024\/03\/drapeau-peinture-1-300x229.jpg 300w\" sizes=\"(max-width: 700px) 100vw, 700px\" \/>\t\t\t\t\t\t\t\t\t\t\t\t\t\t\t<\/div>\n\t\t\t\t<\/div>\n\t\t\t\t\t<\/div>\n\t\t<\/div>\n\t\t\t\t\t<\/div>\n\t\t<\/section>\n\t\t\t\t<section class=\"elementor-section elementor-top-section elementor-element elementor-element-81c2f55 elementor-section-boxed elementor-section-height-default elementor-section-height-default\" data-id=\"81c2f55\" data-element_type=\"section\">\n\t\t\t\t\t\t<div class=\"elementor-container elementor-column-gap-default\">\n\t\t\t\t\t<div class=\"elementor-column elementor-col-100 elementor-top-column elementor-element elementor-element-e452926\" data-id=\"e452926\" data-element_type=\"column\">\n\t\t\t<div class=\"elementor-widget-wrap elementor-element-populated\">\n\t\t\t\t\t\t<div class=\"elementor-element elementor-element-fd2f77c elementor-widget elementor-widget-text-editor\" data-id=\"fd2f77c\" data-element_type=\"widget\" data-widget_type=\"text-editor.default\">\n\t\t\t\t<div class=\"elementor-widget-container\">\n\t\t\t\t\t\t\t\t\t<p><em>\u00ab Le syst\u00e8me laisse tomber les gens de couleur. Le syst\u00e8me blanc \u00bb<\/em> par Banksy.<br \/>L&#8217;artiste britannique a publi\u00e9 sur Instagram un dessin inspir\u00e9 par le mouvement de col\u00e8re contre les violences polici\u00e8res aux \u00c9tats-Unis. \u00ab Ce n&#8217;est pas leur probl\u00e8me, c&#8217;est le mien \u00bb, a-t-il \u00e9crit. L\u2019\u0153uvre repr\u00e9sente un portrait d&#8217;une silhouette noire entour\u00e9 d&#8217;une bougie qui commence \u00e0 incendier le <a href=\"https:\/\/www.macapflag.com\/drapeau-pays-pour-mat\/910-drapeau-etats-unis-officiel-.html\"><span style=\"color: #3366ff;\"><strong>drapeau des \u00c9tats-Unis<\/strong><\/span><\/a>.<br \/>George Floyd, noir am\u00e9ricain de 46 ans, est mort le 25 mai 2020 \u00e0 Minneapolis apr\u00e8s avoir \u00e9t\u00e9 maintenu au sol pendant pr\u00e8s de neuf minutes par un policier pressant un genou sur son cou.<\/p>\t\t\t\t\t\t\t\t<\/div>\n\t\t\t\t<\/div>\n\t\t\t\t\t<\/div>\n\t\t<\/div>\n\t\t\t\t\t<\/div>\n\t\t<\/section>\n\t\t\t\t<section class=\"elementor-section elementor-top-section elementor-element elementor-element-293df35 elementor-section-boxed elementor-section-height-default elementor-section-height-default\" data-id=\"293df35\" data-element_type=\"section\">\n\t\t\t\t\t\t<div class=\"elementor-container elementor-column-gap-default\">\n\t\t\t\t\t<div class=\"elementor-column elementor-col-100 elementor-top-column elementor-element elementor-element-45af72f\" data-id=\"45af72f\" data-element_type=\"column\">\n\t\t\t<div class=\"elementor-widget-wrap elementor-element-populated\">\n\t\t\t\t\t\t<div class=\"elementor-element elementor-element-014031d elementor-widget elementor-widget-spacer\" data-id=\"014031d\" data-element_type=\"widget\" data-widget_type=\"spacer.default\">\n\t\t\t\t<div class=\"elementor-widget-container\">\n\t\t\t\t\t\t\t<div class=\"elementor-spacer\">\n\t\t\t<div class=\"elementor-spacer-inner\"><\/div>\n\t\t<\/div>\n\t\t\t\t\t\t<\/div>\n\t\t\t\t<\/div>\n\t\t\t\t\t<\/div>\n\t\t<\/div>\n\t\t\t\t\t<\/div>\n\t\t<\/section>\n\t\t\t\t<section class=\"elementor-section elementor-top-section elementor-element elementor-element-e3847d4 elementor-section-boxed elementor-section-height-default elementor-section-height-default\" data-id=\"e3847d4\" data-element_type=\"section\">\n\t\t\t\t\t\t<div class=\"elementor-container elementor-column-gap-default\">\n\t\t\t\t\t<div class=\"elementor-column elementor-col-100 elementor-top-column elementor-element elementor-element-c307fca\" data-id=\"c307fca\" data-element_type=\"column\">\n\t\t\t<div class=\"elementor-widget-wrap elementor-element-populated\">\n\t\t\t\t\t\t<div class=\"elementor-element elementor-element-030641d elementor-widget elementor-widget-text-editor\" data-id=\"030641d\" data-element_type=\"widget\" data-widget_type=\"text-editor.default\">\n\t\t\t\t<div class=\"elementor-widget-container\">\n\t\t\t\t\t\t\t\t\t<h2>Le XX\u1d49 si\u00e8cle : &#8220;Flag&#8221; de Jasper Johns 1954-55<\/h2>\t\t\t\t\t\t\t\t<\/div>\n\t\t\t\t<\/div>\n\t\t\t\t\t<\/div>\n\t\t<\/div>\n\t\t\t\t\t<\/div>\n\t\t<\/section>\n\t\t\t\t<section class=\"elementor-section elementor-top-section elementor-element elementor-element-f278a48 elementor-section-boxed elementor-section-height-default elementor-section-height-default\" data-id=\"f278a48\" data-element_type=\"section\">\n\t\t\t\t\t\t<div class=\"elementor-container elementor-column-gap-default\">\n\t\t\t\t\t<div class=\"elementor-column elementor-col-100 elementor-top-column elementor-element elementor-element-a55fd74\" data-id=\"a55fd74\" data-element_type=\"column\">\n\t\t\t<div class=\"elementor-widget-wrap elementor-element-populated\">\n\t\t\t\t\t\t<div class=\"elementor-element elementor-element-2fc5288 elementor-widget elementor-widget-image\" data-id=\"2fc5288\" data-element_type=\"widget\" data-widget_type=\"image.default\">\n\t\t\t\t<div class=\"elementor-widget-container\">\n\t\t\t\t\t\t\t\t\t\t\t\t\t\t\t<img decoding=\"async\" width=\"700\" height=\"534\" src=\"https:\/\/www.macapflag.com\/blog\/wp-content\/uploads\/2024\/03\/drapeau-peinture-2.jpg\" class=\"attachment-large size-large wp-image-16336\" alt=\"Peinture Flag de Jasper Johns en 1954 1955\" srcset=\"https:\/\/www.macapflag.com\/blog\/wp-content\/uploads\/2024\/03\/drapeau-peinture-2.jpg 700w, https:\/\/www.macapflag.com\/blog\/wp-content\/uploads\/2024\/03\/drapeau-peinture-2-300x229.jpg 300w\" sizes=\"(max-width: 700px) 100vw, 700px\" \/>\t\t\t\t\t\t\t\t\t\t\t\t\t\t\t<\/div>\n\t\t\t\t<\/div>\n\t\t\t\t\t<\/div>\n\t\t<\/div>\n\t\t\t\t\t<\/div>\n\t\t<\/section>\n\t\t\t\t<section class=\"elementor-section elementor-top-section elementor-element elementor-element-93b2fb0 elementor-section-boxed elementor-section-height-default elementor-section-height-default\" data-id=\"93b2fb0\" data-element_type=\"section\">\n\t\t\t\t\t\t<div class=\"elementor-container elementor-column-gap-default\">\n\t\t\t\t\t<div class=\"elementor-column elementor-col-100 elementor-top-column elementor-element elementor-element-50a31a6\" data-id=\"50a31a6\" data-element_type=\"column\">\n\t\t\t<div class=\"elementor-widget-wrap elementor-element-populated\">\n\t\t\t\t\t\t<div class=\"elementor-element elementor-element-27a3bff elementor-widget elementor-widget-text-editor\" data-id=\"27a3bff\" data-element_type=\"widget\" data-widget_type=\"text-editor.default\">\n\t\t\t\t<div class=\"elementor-widget-container\">\n\t\t\t\t\t\t\t\t\t<p>En 1954, alors que le monde sort de la Seconde Guerre mondiale, Johns nous invite \u00e0 reconsid\u00e9rer le <span style=\"color: #3366ff;\"><a style=\"color: #3366ff;\" href=\"https:\/\/www.macapflag.com\/drapeau-pays-pour-mat\/910-drapeau-etats-unis-officiel-.html\"><strong>drapeau am\u00e9ricain<\/strong><\/a><\/span>. Est-ce juste un symbole, ou quelque chose de plus profond ? Cette question r\u00e9sonne encore aujourd&#8217;hui.<br \/>Cette \u0153uvre est une peinture \u00e0 l\u2019encaustique (peinture \u00e0 la cire utilis\u00e9e depuis l&#8217;Antiquit\u00e9) expos\u00e9e au MOMA (Museum Of Modern Art \u00e0 New-York).<br \/>La peinture est un m\u00e9lange expressionniste inspir\u00e9 du pop art.<br \/>Le drapeau am\u00e9ricain deviendra l\u2019un des embl\u00e8mes de l\u2019artiste qui le reproduira sous de multiples facettes.<\/p>\t\t\t\t\t\t\t\t<\/div>\n\t\t\t\t<\/div>\n\t\t\t\t\t<\/div>\n\t\t<\/div>\n\t\t\t\t\t<\/div>\n\t\t<\/section>\n\t\t\t\t<section class=\"elementor-section elementor-top-section elementor-element elementor-element-30e243d elementor-section-boxed elementor-section-height-default elementor-section-height-default\" data-id=\"30e243d\" data-element_type=\"section\">\n\t\t\t\t\t\t<div class=\"elementor-container elementor-column-gap-default\">\n\t\t\t\t\t<div class=\"elementor-column elementor-col-100 elementor-top-column elementor-element elementor-element-b060d14\" data-id=\"b060d14\" data-element_type=\"column\">\n\t\t\t<div class=\"elementor-widget-wrap elementor-element-populated\">\n\t\t\t\t\t\t<div class=\"elementor-element elementor-element-c77e7a5 elementor-widget elementor-widget-spacer\" data-id=\"c77e7a5\" data-element_type=\"widget\" data-widget_type=\"spacer.default\">\n\t\t\t\t<div class=\"elementor-widget-container\">\n\t\t\t\t\t\t\t<div class=\"elementor-spacer\">\n\t\t\t<div class=\"elementor-spacer-inner\"><\/div>\n\t\t<\/div>\n\t\t\t\t\t\t<\/div>\n\t\t\t\t<\/div>\n\t\t\t\t\t<\/div>\n\t\t<\/div>\n\t\t\t\t\t<\/div>\n\t\t<\/section>\n\t\t\t\t<section class=\"elementor-section elementor-top-section elementor-element elementor-element-0f0317b elementor-section-boxed elementor-section-height-default elementor-section-height-default\" data-id=\"0f0317b\" data-element_type=\"section\">\n\t\t\t\t\t\t<div class=\"elementor-container elementor-column-gap-default\">\n\t\t\t\t\t<div class=\"elementor-column elementor-col-100 elementor-top-column elementor-element elementor-element-688991a\" data-id=\"688991a\" data-element_type=\"column\">\n\t\t\t<div class=\"elementor-widget-wrap elementor-element-populated\">\n\t\t\t\t\t\t<div class=\"elementor-element elementor-element-565fe95 elementor-widget elementor-widget-text-editor\" data-id=\"565fe95\" data-element_type=\"widget\" data-widget_type=\"text-editor.default\">\n\t\t\t\t<div class=\"elementor-widget-container\">\n\t\t\t\t\t\t\t\t\t<h3>Le XIX\u1d49 si\u00e8cle : &#8220;La Libert\u00e9 guidant le peuple&#8221; par Eug\u00e8ne Delacroix 1830<\/h3>\t\t\t\t\t\t\t\t<\/div>\n\t\t\t\t<\/div>\n\t\t\t\t\t<\/div>\n\t\t<\/div>\n\t\t\t\t\t<\/div>\n\t\t<\/section>\n\t\t\t\t<section class=\"elementor-section elementor-top-section elementor-element elementor-element-80e3ad9 elementor-section-boxed elementor-section-height-default elementor-section-height-default\" data-id=\"80e3ad9\" data-element_type=\"section\">\n\t\t\t\t\t\t<div class=\"elementor-container elementor-column-gap-default\">\n\t\t\t\t\t<div class=\"elementor-column elementor-col-100 elementor-top-column elementor-element elementor-element-ce57c67\" data-id=\"ce57c67\" data-element_type=\"column\">\n\t\t\t<div class=\"elementor-widget-wrap elementor-element-populated\">\n\t\t\t\t\t\t<div class=\"elementor-element elementor-element-9c0c3cb elementor-widget elementor-widget-image\" data-id=\"9c0c3cb\" data-element_type=\"widget\" data-widget_type=\"image.default\">\n\t\t\t\t<div class=\"elementor-widget-container\">\n\t\t\t\t\t\t\t\t\t\t\t\t\t\t\t<img decoding=\"async\" width=\"700\" height=\"534\" src=\"https:\/\/www.macapflag.com\/blog\/wp-content\/uploads\/2024\/03\/drapeau-peinture-3.jpg\" class=\"attachment-large size-large wp-image-16337\" alt=\"La Libert\u00e9 guidant le peuple Eug\u00e8ne Delacroix 1830\" srcset=\"https:\/\/www.macapflag.com\/blog\/wp-content\/uploads\/2024\/03\/drapeau-peinture-3.jpg 700w, https:\/\/www.macapflag.com\/blog\/wp-content\/uploads\/2024\/03\/drapeau-peinture-3-300x229.jpg 300w\" sizes=\"(max-width: 700px) 100vw, 700px\" \/>\t\t\t\t\t\t\t\t\t\t\t\t\t\t\t<\/div>\n\t\t\t\t<\/div>\n\t\t\t\t\t<\/div>\n\t\t<\/div>\n\t\t\t\t\t<\/div>\n\t\t<\/section>\n\t\t\t\t<section class=\"elementor-section elementor-top-section elementor-element elementor-element-92bc343 elementor-section-boxed elementor-section-height-default elementor-section-height-default\" data-id=\"92bc343\" data-element_type=\"section\">\n\t\t\t\t\t\t<div class=\"elementor-container elementor-column-gap-default\">\n\t\t\t\t\t<div class=\"elementor-column elementor-col-100 elementor-top-column elementor-element elementor-element-fa07a40\" data-id=\"fa07a40\" data-element_type=\"column\">\n\t\t\t<div class=\"elementor-widget-wrap elementor-element-populated\">\n\t\t\t\t\t\t<div class=\"elementor-element elementor-element-c71f6e2 elementor-widget elementor-widget-text-editor\" data-id=\"c71f6e2\" data-element_type=\"widget\" data-widget_type=\"text-editor.default\">\n\t\t\t\t<div class=\"elementor-widget-container\">\n\t\t\t\t\t\t\t\t\t<p>En 1830, Delacroix capture l&#8217;esprit r\u00e9volutionnaire de son \u00e9poque. Le <a href=\"https:\/\/www.macapflag.com\/drapeau-pays-avec-hampe\/303-drapeau-officiel-classique-francais.html\"><span style=\"color: #3366ff;\"><strong>drapeau tricolore<\/strong><\/span><\/a> n&#8217;est pas qu&#8217;un simple tissu ; il incarne les id\u00e9aux de libert\u00e9, d&#8217;\u00e9galit\u00e9 et de fraternit\u00e9.<br \/>L\u2019action s\u2019\u00e9l\u00e8ve en pyramide, selon deux plans : figures horizontales \u00e0 la base et verticales, gros plan mis en \u00e9vidence sur un fond flou. L\u2019image s\u2019\u00e9rige en monument.<\/p>\t\t\t\t\t\t\t\t<\/div>\n\t\t\t\t<\/div>\n\t\t\t\t\t<\/div>\n\t\t<\/div>\n\t\t\t\t\t<\/div>\n\t\t<\/section>\n\t\t\t\t<section class=\"elementor-section elementor-top-section elementor-element elementor-element-fd90f48 elementor-section-boxed elementor-section-height-default elementor-section-height-default\" data-id=\"fd90f48\" data-element_type=\"section\">\n\t\t\t\t\t\t<div class=\"elementor-container elementor-column-gap-default\">\n\t\t\t\t\t<div class=\"elementor-column elementor-col-100 elementor-top-column elementor-element elementor-element-d19f03d\" data-id=\"d19f03d\" data-element_type=\"column\">\n\t\t\t<div class=\"elementor-widget-wrap elementor-element-populated\">\n\t\t\t\t\t\t<div class=\"elementor-element elementor-element-edfcff1 elementor-widget elementor-widget-spacer\" data-id=\"edfcff1\" data-element_type=\"widget\" data-widget_type=\"spacer.default\">\n\t\t\t\t<div class=\"elementor-widget-container\">\n\t\t\t\t\t\t\t<div class=\"elementor-spacer\">\n\t\t\t<div class=\"elementor-spacer-inner\"><\/div>\n\t\t<\/div>\n\t\t\t\t\t\t<\/div>\n\t\t\t\t<\/div>\n\t\t\t\t\t<\/div>\n\t\t<\/div>\n\t\t\t\t\t<\/div>\n\t\t<\/section>\n\t\t\t\t<section class=\"elementor-section elementor-top-section elementor-element elementor-element-1cc84fe elementor-section-boxed elementor-section-height-default elementor-section-height-default\" data-id=\"1cc84fe\" data-element_type=\"section\">\n\t\t\t\t\t\t<div class=\"elementor-container elementor-column-gap-default\">\n\t\t\t\t\t<div class=\"elementor-column elementor-col-100 elementor-top-column elementor-element elementor-element-356e70c\" data-id=\"356e70c\" data-element_type=\"column\">\n\t\t\t<div class=\"elementor-widget-wrap elementor-element-populated\">\n\t\t\t\t\t\t<div class=\"elementor-element elementor-element-4516bbb elementor-widget elementor-widget-text-editor\" data-id=\"4516bbb\" data-element_type=\"widget\" data-widget_type=\"text-editor.default\">\n\t\t\t\t<div class=\"elementor-widget-container\">\n\t\t\t\t\t\t\t\t\t<h2>Le XVIII\u1d49 si\u00e8cle : \u201cBonaparte au pont d&#8217;Arcole\u201d par Antoine-Jean Gros<\/h2>\t\t\t\t\t\t\t\t<\/div>\n\t\t\t\t<\/div>\n\t\t\t\t\t<\/div>\n\t\t<\/div>\n\t\t\t\t\t<\/div>\n\t\t<\/section>\n\t\t\t\t<section class=\"elementor-section elementor-top-section elementor-element elementor-element-d03d372 elementor-section-boxed elementor-section-height-default elementor-section-height-default\" data-id=\"d03d372\" data-element_type=\"section\">\n\t\t\t\t\t\t<div class=\"elementor-container elementor-column-gap-default\">\n\t\t\t\t\t<div class=\"elementor-column elementor-col-100 elementor-top-column elementor-element elementor-element-e5930ae\" data-id=\"e5930ae\" data-element_type=\"column\">\n\t\t\t<div class=\"elementor-widget-wrap elementor-element-populated\">\n\t\t\t\t\t\t<div class=\"elementor-element elementor-element-4038a6b elementor-widget elementor-widget-image\" data-id=\"4038a6b\" data-element_type=\"widget\" data-widget_type=\"image.default\">\n\t\t\t\t<div class=\"elementor-widget-container\">\n\t\t\t\t\t\t\t\t\t\t\t\t\t\t\t<img loading=\"lazy\" decoding=\"async\" width=\"700\" height=\"534\" src=\"https:\/\/www.macapflag.com\/blog\/wp-content\/uploads\/2024\/03\/drapeau-peinture-4.jpg\" class=\"attachment-large size-large wp-image-16338\" alt=\"Bonaparte au pont d&#039;Arcole\" srcset=\"https:\/\/www.macapflag.com\/blog\/wp-content\/uploads\/2024\/03\/drapeau-peinture-4.jpg 700w, https:\/\/www.macapflag.com\/blog\/wp-content\/uploads\/2024\/03\/drapeau-peinture-4-300x229.jpg 300w\" sizes=\"(max-width: 700px) 100vw, 700px\" \/>\t\t\t\t\t\t\t\t\t\t\t\t\t\t\t<\/div>\n\t\t\t\t<\/div>\n\t\t\t\t\t<\/div>\n\t\t<\/div>\n\t\t\t\t\t<\/div>\n\t\t<\/section>\n\t\t\t\t<section class=\"elementor-section elementor-top-section elementor-element elementor-element-2434618 elementor-section-boxed elementor-section-height-default elementor-section-height-default\" data-id=\"2434618\" data-element_type=\"section\">\n\t\t\t\t\t\t<div class=\"elementor-container elementor-column-gap-default\">\n\t\t\t\t\t<div class=\"elementor-column elementor-col-100 elementor-top-column elementor-element elementor-element-cdece86\" data-id=\"cdece86\" data-element_type=\"column\">\n\t\t\t<div class=\"elementor-widget-wrap elementor-element-populated\">\n\t\t\t\t\t\t<div class=\"elementor-element elementor-element-351fc57 elementor-widget elementor-widget-text-editor\" data-id=\"351fc57\" data-element_type=\"widget\" data-widget_type=\"text-editor.default\">\n\t\t\t\t<div class=\"elementor-widget-container\">\n\t\t\t\t\t\t\t\t\t<p>&#8220;Bonaparte au pont d\u2019Arcole&#8221; est une peinture embl\u00e9matique de Gros, immortalisant Bonaparte menant h\u00e9ro\u00efquement l&#8217;assaut durant la bataille du pont d&#8217;Arcole. V\u00eatu de l&#8217;uniforme des g\u00e9n\u00e9raux r\u00e9publicains, il brandit le drapeau de l&#8217;arm\u00e9e d&#8217;Italie, symbolisant son leadership et courage. Le fond, marqu\u00e9 par un ciel nuageux et des maisons lointaines, ajoute \u00e0 la dramatisation de la sc\u00e8ne. Peint \u00e0 Naples en 1796 et ayant voyag\u00e9 \u00e0 travers des collections prestigieuses, ce tableau est devenu un puissant outil de propagande bonapartiste, vantant le g\u00e9nie militaire et le courage de Bonaparte. <\/p>\t\t\t\t\t\t\t\t<\/div>\n\t\t\t\t<\/div>\n\t\t\t\t\t<\/div>\n\t\t<\/div>\n\t\t\t\t\t<\/div>\n\t\t<\/section>\n\t\t\t\t<section class=\"elementor-section elementor-top-section elementor-element elementor-element-ed3af2e elementor-section-boxed elementor-section-height-default elementor-section-height-default\" data-id=\"ed3af2e\" data-element_type=\"section\">\n\t\t\t\t\t\t<div class=\"elementor-container elementor-column-gap-default\">\n\t\t\t\t\t<div class=\"elementor-column elementor-col-100 elementor-top-column elementor-element elementor-element-be3da4c\" data-id=\"be3da4c\" data-element_type=\"column\">\n\t\t\t<div class=\"elementor-widget-wrap elementor-element-populated\">\n\t\t\t\t\t\t<div class=\"elementor-element elementor-element-a570a18 elementor-widget elementor-widget-spacer\" data-id=\"a570a18\" data-element_type=\"widget\" data-widget_type=\"spacer.default\">\n\t\t\t\t<div class=\"elementor-widget-container\">\n\t\t\t\t\t\t\t<div class=\"elementor-spacer\">\n\t\t\t<div class=\"elementor-spacer-inner\"><\/div>\n\t\t<\/div>\n\t\t\t\t\t\t<\/div>\n\t\t\t\t<\/div>\n\t\t\t\t\t<\/div>\n\t\t<\/div>\n\t\t\t\t\t<\/div>\n\t\t<\/section>\n\t\t\t\t<section class=\"elementor-section elementor-top-section elementor-element elementor-element-d9dec2a elementor-section-boxed elementor-section-height-default elementor-section-height-default\" data-id=\"d9dec2a\" data-element_type=\"section\">\n\t\t\t\t\t\t<div class=\"elementor-container elementor-column-gap-default\">\n\t\t\t\t\t<div class=\"elementor-column elementor-col-100 elementor-top-column elementor-element elementor-element-72da9eb\" data-id=\"72da9eb\" data-element_type=\"column\">\n\t\t\t<div class=\"elementor-widget-wrap elementor-element-populated\">\n\t\t\t\t\t\t<div class=\"elementor-element elementor-element-3437cf8 elementor-widget elementor-widget-text-editor\" data-id=\"3437cf8\" data-element_type=\"widget\" data-widget_type=\"text-editor.default\">\n\t\t\t\t<div class=\"elementor-widget-container\">\n\t\t\t\t\t\t\t\t\t<h2>Le XVII\u1d49 si\u00e8cle : &#8220;La reddition de Breda&#8221; par Diego V\u00e9lasquez. (Vers 1634)<\/h2>\t\t\t\t\t\t\t\t<\/div>\n\t\t\t\t<\/div>\n\t\t\t\t\t<\/div>\n\t\t<\/div>\n\t\t\t\t\t<\/div>\n\t\t<\/section>\n\t\t\t\t<section class=\"elementor-section elementor-top-section elementor-element elementor-element-858b185 elementor-section-boxed elementor-section-height-default elementor-section-height-default\" data-id=\"858b185\" data-element_type=\"section\">\n\t\t\t\t\t\t<div class=\"elementor-container elementor-column-gap-default\">\n\t\t\t\t\t<div class=\"elementor-column elementor-col-100 elementor-top-column elementor-element elementor-element-f233eed\" data-id=\"f233eed\" data-element_type=\"column\">\n\t\t\t<div class=\"elementor-widget-wrap elementor-element-populated\">\n\t\t\t\t\t\t<div class=\"elementor-element elementor-element-057efb2 elementor-widget elementor-widget-image\" data-id=\"057efb2\" data-element_type=\"widget\" data-widget_type=\"image.default\">\n\t\t\t\t<div class=\"elementor-widget-container\">\n\t\t\t\t\t\t\t\t\t\t\t\t\t\t\t<img loading=\"lazy\" decoding=\"async\" width=\"700\" height=\"534\" src=\"https:\/\/www.macapflag.com\/blog\/wp-content\/uploads\/2024\/03\/drapeau-peinture-5.jpg\" class=\"attachment-large size-large wp-image-16339\" alt=\"La reddition de Breda V\u00e9lasquez\" srcset=\"https:\/\/www.macapflag.com\/blog\/wp-content\/uploads\/2024\/03\/drapeau-peinture-5.jpg 700w, https:\/\/www.macapflag.com\/blog\/wp-content\/uploads\/2024\/03\/drapeau-peinture-5-300x229.jpg 300w\" sizes=\"(max-width: 700px) 100vw, 700px\" \/>\t\t\t\t\t\t\t\t\t\t\t\t\t\t\t<\/div>\n\t\t\t\t<\/div>\n\t\t\t\t\t<\/div>\n\t\t<\/div>\n\t\t\t\t\t<\/div>\n\t\t<\/section>\n\t\t\t\t<section class=\"elementor-section elementor-top-section elementor-element elementor-element-82ef24e elementor-section-boxed elementor-section-height-default elementor-section-height-default\" data-id=\"82ef24e\" data-element_type=\"section\">\n\t\t\t\t\t\t<div class=\"elementor-container elementor-column-gap-default\">\n\t\t\t\t\t<div class=\"elementor-column elementor-col-100 elementor-top-column elementor-element elementor-element-eb07628\" data-id=\"eb07628\" data-element_type=\"column\">\n\t\t\t<div class=\"elementor-widget-wrap elementor-element-populated\">\n\t\t\t\t\t\t<div class=\"elementor-element elementor-element-63f6283 elementor-widget elementor-widget-text-editor\" data-id=\"63f6283\" data-element_type=\"widget\" data-widget_type=\"text-editor.default\">\n\t\t\t\t<div class=\"elementor-widget-container\">\n\t\t\t\t\t\t\t\t\t<p>Durant la guerre de 80 ans men\u00e9e par les Pays-Bas sous la direction de Guillaume d\u2019Orange pour se lib\u00e9rer de l\u2019Espagne, la cit\u00e9 de Br\u00e9da \u00e9tait d\u00e9fendue par Justin de Nassau de la maison d\u2019Orange. <br \/>Philippe IV, roi d\u2019Espagne, nomma Ambrogio Spinola g\u00e9n\u00e9ral de l&#8217;exp\u00e9dition de Br\u00e9da. Cet aristocrate g\u00e9nois \u00e9tait le meilleur strat\u00e8ge militaire de l&#8217;\u00e9poque. Il prit le commandement de 40 000 hommes.<br \/>V\u00e9lasquez nous montre que m\u00eame dans la reddition, il y a de la dignit\u00e9. Les deux protagonistes semblent dialoguer dans le calme. Justin de Nassau, les cl\u00e9s de Br\u00e9da \u00e0 la main, s&#8217;appr\u00eate \u00e0 s&#8217;agenouiller aux pieds d&#8217;Ambrogio Spinola au moment o\u00f9 celui-ci pose une main sur son \u00e9paule et l&#8217;emp\u00eache de s&#8217;humilier. Le drapeau espagnol flottant au-dessus de Breda est un symbole de respect mutuel entre les adversaires.<\/p>\t\t\t\t\t\t\t\t<\/div>\n\t\t\t\t<\/div>\n\t\t\t\t\t<\/div>\n\t\t<\/div>\n\t\t\t\t\t<\/div>\n\t\t<\/section>\n\t\t\t\t<section class=\"elementor-section elementor-top-section elementor-element elementor-element-f4596b6 elementor-section-boxed elementor-section-height-default elementor-section-height-default\" data-id=\"f4596b6\" data-element_type=\"section\">\n\t\t\t\t\t\t<div class=\"elementor-container elementor-column-gap-default\">\n\t\t\t\t\t<div class=\"elementor-column elementor-col-100 elementor-top-column elementor-element elementor-element-4d0aa7b\" data-id=\"4d0aa7b\" data-element_type=\"column\">\n\t\t\t<div class=\"elementor-widget-wrap elementor-element-populated\">\n\t\t\t\t\t\t<div class=\"elementor-element elementor-element-72d01e4 elementor-widget elementor-widget-spacer\" data-id=\"72d01e4\" data-element_type=\"widget\" data-widget_type=\"spacer.default\">\n\t\t\t\t<div class=\"elementor-widget-container\">\n\t\t\t\t\t\t\t<div class=\"elementor-spacer\">\n\t\t\t<div class=\"elementor-spacer-inner\"><\/div>\n\t\t<\/div>\n\t\t\t\t\t\t<\/div>\n\t\t\t\t<\/div>\n\t\t\t\t\t<\/div>\n\t\t<\/div>\n\t\t\t\t\t<\/div>\n\t\t<\/section>\n\t\t\t\t<section class=\"elementor-section elementor-top-section elementor-element elementor-element-22ad01e elementor-section-boxed elementor-section-height-default elementor-section-height-default\" data-id=\"22ad01e\" data-element_type=\"section\">\n\t\t\t\t\t\t<div class=\"elementor-container elementor-column-gap-default\">\n\t\t\t\t\t<div class=\"elementor-column elementor-col-100 elementor-top-column elementor-element elementor-element-9ebd2e3\" data-id=\"9ebd2e3\" data-element_type=\"column\">\n\t\t\t<div class=\"elementor-widget-wrap elementor-element-populated\">\n\t\t\t\t\t\t<div class=\"elementor-element elementor-element-ae80e1f elementor-widget elementor-widget-text-editor\" data-id=\"ae80e1f\" data-element_type=\"widget\" data-widget_type=\"text-editor.default\">\n\t\t\t\t<div class=\"elementor-widget-container\">\n\t\t\t\t\t\t\t\t\t<h2>Le XVI\u1d49 si\u00e8cle : \u201cAll\u00e9gorie de la bataille de L\u00e9pante&#8221; par Paolo Veronese &#8211; Vers 1571<\/h2>\t\t\t\t\t\t\t\t<\/div>\n\t\t\t\t<\/div>\n\t\t\t\t\t<\/div>\n\t\t<\/div>\n\t\t\t\t\t<\/div>\n\t\t<\/section>\n\t\t\t\t<section class=\"elementor-section elementor-top-section elementor-element elementor-element-779f86b elementor-section-boxed elementor-section-height-default elementor-section-height-default\" data-id=\"779f86b\" data-element_type=\"section\">\n\t\t\t\t\t\t<div class=\"elementor-container elementor-column-gap-default\">\n\t\t\t\t\t<div class=\"elementor-column elementor-col-100 elementor-top-column elementor-element elementor-element-95dc6ba\" data-id=\"95dc6ba\" data-element_type=\"column\">\n\t\t\t<div class=\"elementor-widget-wrap elementor-element-populated\">\n\t\t\t\t\t\t<div class=\"elementor-element elementor-element-b0df743 elementor-widget elementor-widget-image\" data-id=\"b0df743\" data-element_type=\"widget\" data-widget_type=\"image.default\">\n\t\t\t\t<div class=\"elementor-widget-container\">\n\t\t\t\t\t\t\t\t\t\t\t\t\t\t\t<img loading=\"lazy\" decoding=\"async\" width=\"700\" height=\"534\" src=\"https:\/\/www.macapflag.com\/blog\/wp-content\/uploads\/2024\/03\/drapeau-peinture-6.jpg\" class=\"attachment-large size-large wp-image-16343\" alt=\"All\u00e9gorie de la bataille de L\u00e9pante Veronese\" srcset=\"https:\/\/www.macapflag.com\/blog\/wp-content\/uploads\/2024\/03\/drapeau-peinture-6.jpg 700w, https:\/\/www.macapflag.com\/blog\/wp-content\/uploads\/2024\/03\/drapeau-peinture-6-300x229.jpg 300w\" sizes=\"(max-width: 700px) 100vw, 700px\" \/>\t\t\t\t\t\t\t\t\t\t\t\t\t\t\t<\/div>\n\t\t\t\t<\/div>\n\t\t\t\t\t<\/div>\n\t\t<\/div>\n\t\t\t\t\t<\/div>\n\t\t<\/section>\n\t\t\t\t<section class=\"elementor-section elementor-top-section elementor-element elementor-element-eb69349 elementor-section-boxed elementor-section-height-default elementor-section-height-default\" data-id=\"eb69349\" data-element_type=\"section\">\n\t\t\t\t\t\t<div class=\"elementor-container elementor-column-gap-default\">\n\t\t\t\t\t<div class=\"elementor-column elementor-col-100 elementor-top-column elementor-element elementor-element-f8de404\" data-id=\"f8de404\" data-element_type=\"column\">\n\t\t\t<div class=\"elementor-widget-wrap elementor-element-populated\">\n\t\t\t\t\t\t<div class=\"elementor-element elementor-element-92e4b87 elementor-widget elementor-widget-text-editor\" data-id=\"92e4b87\" data-element_type=\"widget\" data-widget_type=\"text-editor.default\">\n\t\t\t\t<div class=\"elementor-widget-container\">\n\t\t\t\t\t\t\t\t\t<p>Ici, les drapeaux ne sont pas de simples ornements. Ils repr\u00e9sentent les id\u00e9aux pour lesquels les hommes se battent et meurent. La bataille de L\u00e9pante est un moment charni\u00e8re dans l&#8217;histoire m\u00e9diterran\u00e9enne, captur\u00e9 \u00e0 jamais par Veronese.<br \/>Cette peinture \u00e0 l\u2019huile de la Renaissance est expos\u00e9e \u00e0 Venise.<\/p>\t\t\t\t\t\t\t\t<\/div>\n\t\t\t\t<\/div>\n\t\t\t\t\t<\/div>\n\t\t<\/div>\n\t\t\t\t\t<\/div>\n\t\t<\/section>\n\t\t\t\t<section class=\"elementor-section elementor-top-section elementor-element elementor-element-acbe37a elementor-section-boxed elementor-section-height-default elementor-section-height-default\" data-id=\"acbe37a\" data-element_type=\"section\">\n\t\t\t\t\t\t<div class=\"elementor-container elementor-column-gap-default\">\n\t\t\t\t\t<div class=\"elementor-column elementor-col-100 elementor-top-column elementor-element elementor-element-0e48438\" data-id=\"0e48438\" data-element_type=\"column\">\n\t\t\t<div class=\"elementor-widget-wrap elementor-element-populated\">\n\t\t\t\t\t\t<div class=\"elementor-element elementor-element-746979f elementor-widget elementor-widget-spacer\" data-id=\"746979f\" data-element_type=\"widget\" data-widget_type=\"spacer.default\">\n\t\t\t\t<div class=\"elementor-widget-container\">\n\t\t\t\t\t\t\t<div class=\"elementor-spacer\">\n\t\t\t<div class=\"elementor-spacer-inner\"><\/div>\n\t\t<\/div>\n\t\t\t\t\t\t<\/div>\n\t\t\t\t<\/div>\n\t\t\t\t\t<\/div>\n\t\t<\/div>\n\t\t\t\t\t<\/div>\n\t\t<\/section>\n\t\t\t\t<section class=\"elementor-section elementor-top-section elementor-element elementor-element-e7cc576 elementor-section-boxed elementor-section-height-default elementor-section-height-default\" data-id=\"e7cc576\" data-element_type=\"section\">\n\t\t\t\t\t\t<div class=\"elementor-container elementor-column-gap-default\">\n\t\t\t\t\t<div class=\"elementor-column elementor-col-100 elementor-top-column elementor-element elementor-element-a6edd2c\" data-id=\"a6edd2c\" data-element_type=\"column\">\n\t\t\t<div class=\"elementor-widget-wrap elementor-element-populated\">\n\t\t\t\t\t\t<div class=\"elementor-element elementor-element-5f4ca02 elementor-widget elementor-widget-text-editor\" data-id=\"5f4ca02\" data-element_type=\"widget\" data-widget_type=\"text-editor.default\">\n\t\t\t\t<div class=\"elementor-widget-container\">\n\t\t\t\t\t\t\t\t\t<h2>Le XV\u1d49 si\u00e8cle : \u201cLa bataille de San Romano\u201d par Paolo Uccello (vers 1435-1460)<\/h2>\t\t\t\t\t\t\t\t<\/div>\n\t\t\t\t<\/div>\n\t\t\t\t\t<\/div>\n\t\t<\/div>\n\t\t\t\t\t<\/div>\n\t\t<\/section>\n\t\t\t\t<section class=\"elementor-section elementor-top-section elementor-element elementor-element-dd11ab9 elementor-section-boxed elementor-section-height-default elementor-section-height-default\" data-id=\"dd11ab9\" data-element_type=\"section\">\n\t\t\t\t\t\t<div class=\"elementor-container elementor-column-gap-default\">\n\t\t\t\t\t<div class=\"elementor-column elementor-col-100 elementor-top-column elementor-element elementor-element-19f4598\" data-id=\"19f4598\" data-element_type=\"column\">\n\t\t\t<div class=\"elementor-widget-wrap elementor-element-populated\">\n\t\t\t\t\t\t<div class=\"elementor-element elementor-element-5a8591d elementor-widget elementor-widget-image\" data-id=\"5a8591d\" data-element_type=\"widget\" data-widget_type=\"image.default\">\n\t\t\t\t<div class=\"elementor-widget-container\">\n\t\t\t\t\t\t\t\t\t\t\t\t\t\t\t<img loading=\"lazy\" decoding=\"async\" width=\"700\" height=\"534\" src=\"https:\/\/www.macapflag.com\/blog\/wp-content\/uploads\/2024\/03\/drapeau-peinture-7.jpg\" class=\"attachment-large size-large wp-image-16347\" alt=\"La bataille de San Romano Paolo Uccell\" srcset=\"https:\/\/www.macapflag.com\/blog\/wp-content\/uploads\/2024\/03\/drapeau-peinture-7.jpg 700w, https:\/\/www.macapflag.com\/blog\/wp-content\/uploads\/2024\/03\/drapeau-peinture-7-300x229.jpg 300w\" sizes=\"(max-width: 700px) 100vw, 700px\" \/>\t\t\t\t\t\t\t\t\t\t\t\t\t\t\t<\/div>\n\t\t\t\t<\/div>\n\t\t\t\t\t<\/div>\n\t\t<\/div>\n\t\t\t\t\t<\/div>\n\t\t<\/section>\n\t\t\t\t<section class=\"elementor-section elementor-top-section elementor-element elementor-element-0f84586 elementor-section-boxed elementor-section-height-default elementor-section-height-default\" data-id=\"0f84586\" data-element_type=\"section\">\n\t\t\t\t\t\t<div class=\"elementor-container elementor-column-gap-default\">\n\t\t\t\t\t<div class=\"elementor-column elementor-col-100 elementor-top-column elementor-element elementor-element-6ca29cd\" data-id=\"6ca29cd\" data-element_type=\"column\">\n\t\t\t<div class=\"elementor-widget-wrap elementor-element-populated\">\n\t\t\t\t\t\t<div class=\"elementor-element elementor-element-36b3ca0 elementor-widget elementor-widget-text-editor\" data-id=\"36b3ca0\" data-element_type=\"widget\" data-widget_type=\"text-editor.default\">\n\t\t\t\t<div class=\"elementor-widget-container\">\n\t\t\t\t\t\t\t\t\t<p>Uccello utilise les drapeaux pour raconter l&#8217;histoire d&#8217;une bataille, mais aussi pour montrer l&#8217;\u00e9volution de l&#8217;art de la Renaissance. <br \/>L\u2019\u0153uvre est compos\u00e9e de trois panneaux d\u2019environ 3\u00d72 m\u00e8tres. L\u2019artiste exprime ici sa passion pour la perspective et les formes g\u00e9om\u00e9triques.<\/p>\t\t\t\t\t\t\t\t<\/div>\n\t\t\t\t<\/div>\n\t\t\t\t\t<\/div>\n\t\t<\/div>\n\t\t\t\t\t<\/div>\n\t\t<\/section>\n\t\t\t\t<section class=\"elementor-section elementor-top-section elementor-element elementor-element-70fdec9 elementor-section-boxed elementor-section-height-default elementor-section-height-default\" data-id=\"70fdec9\" data-element_type=\"section\">\n\t\t\t\t\t\t<div class=\"elementor-container elementor-column-gap-default\">\n\t\t\t\t\t<div class=\"elementor-column elementor-col-100 elementor-top-column elementor-element elementor-element-bb8335f\" data-id=\"bb8335f\" data-element_type=\"column\">\n\t\t\t<div class=\"elementor-widget-wrap elementor-element-populated\">\n\t\t\t\t\t\t<div class=\"elementor-element elementor-element-64fce02 elementor-widget elementor-widget-spacer\" data-id=\"64fce02\" data-element_type=\"widget\" data-widget_type=\"spacer.default\">\n\t\t\t\t<div class=\"elementor-widget-container\">\n\t\t\t\t\t\t\t<div class=\"elementor-spacer\">\n\t\t\t<div class=\"elementor-spacer-inner\"><\/div>\n\t\t<\/div>\n\t\t\t\t\t\t<\/div>\n\t\t\t\t<\/div>\n\t\t\t\t\t<\/div>\n\t\t<\/div>\n\t\t\t\t\t<\/div>\n\t\t<\/section>\n\t\t\t\t<section class=\"elementor-section elementor-top-section elementor-element elementor-element-3dd7707 elementor-section-boxed elementor-section-height-default elementor-section-height-default\" data-id=\"3dd7707\" data-element_type=\"section\">\n\t\t\t\t\t\t<div class=\"elementor-container elementor-column-gap-default\">\n\t\t\t\t\t<div class=\"elementor-column elementor-col-100 elementor-top-column elementor-element elementor-element-0a10d8e\" data-id=\"0a10d8e\" data-element_type=\"column\">\n\t\t\t<div class=\"elementor-widget-wrap elementor-element-populated\">\n\t\t\t\t\t\t<div class=\"elementor-element elementor-element-55867a3 elementor-widget elementor-widget-text-editor\" data-id=\"55867a3\" data-element_type=\"widget\" data-widget_type=\"text-editor.default\">\n\t\t\t\t<div class=\"elementor-widget-container\">\n\t\t\t\t\t\t\t\t\t<h2>Du XII\u1d49 au XIV\u1d49 si\u00e8cle : Fresques de la Basilique Saint-Fran\u00e7ois d&#8217;Assise et Enluminures de la Premi\u00e8re Croisade<\/h2>\t\t\t\t\t\t\t\t<\/div>\n\t\t\t\t<\/div>\n\t\t\t\t\t<\/div>\n\t\t<\/div>\n\t\t\t\t\t<\/div>\n\t\t<\/section>\n\t\t\t\t<section class=\"elementor-section elementor-top-section elementor-element elementor-element-4e1c0fc elementor-section-boxed elementor-section-height-default elementor-section-height-default\" data-id=\"4e1c0fc\" data-element_type=\"section\">\n\t\t\t\t\t\t<div class=\"elementor-container elementor-column-gap-default\">\n\t\t\t\t\t<div class=\"elementor-column elementor-col-100 elementor-top-column elementor-element elementor-element-e5ed775\" data-id=\"e5ed775\" data-element_type=\"column\">\n\t\t\t<div class=\"elementor-widget-wrap elementor-element-populated\">\n\t\t\t\t\t\t<div class=\"elementor-element elementor-element-9cbf391 elementor-widget elementor-widget-image\" data-id=\"9cbf391\" data-element_type=\"widget\" data-widget_type=\"image.default\">\n\t\t\t\t<div class=\"elementor-widget-container\">\n\t\t\t\t\t\t\t\t\t\t\t\t\t\t\t<img loading=\"lazy\" decoding=\"async\" width=\"700\" height=\"534\" src=\"https:\/\/www.macapflag.com\/blog\/wp-content\/uploads\/2024\/03\/drapeau-peinture-8.jpg\" class=\"attachment-large size-large wp-image-16348\" alt=\"Fresques de la Basilique Saint-Fran\u00e7ois d&#039;Assise\" srcset=\"https:\/\/www.macapflag.com\/blog\/wp-content\/uploads\/2024\/03\/drapeau-peinture-8.jpg 700w, https:\/\/www.macapflag.com\/blog\/wp-content\/uploads\/2024\/03\/drapeau-peinture-8-300x229.jpg 300w\" sizes=\"(max-width: 700px) 100vw, 700px\" \/>\t\t\t\t\t\t\t\t\t\t\t\t\t\t\t<\/div>\n\t\t\t\t<\/div>\n\t\t\t\t\t<\/div>\n\t\t<\/div>\n\t\t\t\t\t<\/div>\n\t\t<\/section>\n\t\t\t\t<section class=\"elementor-section elementor-top-section elementor-element elementor-element-e579e5f elementor-section-boxed elementor-section-height-default elementor-section-height-default\" data-id=\"e579e5f\" data-element_type=\"section\">\n\t\t\t\t\t\t<div class=\"elementor-container elementor-column-gap-default\">\n\t\t\t\t\t<div class=\"elementor-column elementor-col-100 elementor-top-column elementor-element elementor-element-e75dae7\" data-id=\"e75dae7\" data-element_type=\"column\">\n\t\t\t<div class=\"elementor-widget-wrap elementor-element-populated\">\n\t\t\t\t\t\t<div class=\"elementor-element elementor-element-90c9428 elementor-widget elementor-widget-text-editor\" data-id=\"90c9428\" data-element_type=\"widget\" data-widget_type=\"text-editor.default\">\n\t\t\t\t<div class=\"elementor-widget-container\">\n\t\t\t\t\t\t\t\t\t<p>Dans ces \u0153uvres expos\u00e9es dans l\u2019\u00e9glise sup\u00e9rieure de la basilique Saint-Fran\u00e7ois d\u2019Assise en Ombrie (Italie), les drapeaux sont des symboles de foi et de d\u00e9votion. Ils nous rappellent que, pendant des si\u00e8cles, la religion et la politique \u00e9taient inextricablement li\u00e9es.<\/p>\t\t\t\t\t\t\t\t<\/div>\n\t\t\t\t<\/div>\n\t\t\t\t\t<\/div>\n\t\t<\/div>\n\t\t\t\t\t<\/div>\n\t\t<\/section>\n\t\t\t\t<section class=\"elementor-section elementor-top-section elementor-element elementor-element-ca99f66 elementor-section-boxed elementor-section-height-default elementor-section-height-default\" data-id=\"ca99f66\" data-element_type=\"section\">\n\t\t\t\t\t\t<div class=\"elementor-container elementor-column-gap-default\">\n\t\t\t\t\t<div class=\"elementor-column elementor-col-100 elementor-top-column elementor-element elementor-element-07d42ab\" data-id=\"07d42ab\" data-element_type=\"column\">\n\t\t\t<div class=\"elementor-widget-wrap elementor-element-populated\">\n\t\t\t\t\t\t<div class=\"elementor-element elementor-element-6a6e356 elementor-widget elementor-widget-spacer\" data-id=\"6a6e356\" data-element_type=\"widget\" data-widget_type=\"spacer.default\">\n\t\t\t\t<div class=\"elementor-widget-container\">\n\t\t\t\t\t\t\t<div class=\"elementor-spacer\">\n\t\t\t<div class=\"elementor-spacer-inner\"><\/div>\n\t\t<\/div>\n\t\t\t\t\t\t<\/div>\n\t\t\t\t<\/div>\n\t\t\t\t\t<\/div>\n\t\t<\/div>\n\t\t\t\t\t<\/div>\n\t\t<\/section>\n\t\t\t\t<section class=\"elementor-section elementor-top-section elementor-element elementor-element-06f3bd1 elementor-section-boxed elementor-section-height-default elementor-section-height-default\" data-id=\"06f3bd1\" data-element_type=\"section\">\n\t\t\t\t\t\t<div class=\"elementor-container elementor-column-gap-default\">\n\t\t\t\t\t<div class=\"elementor-column elementor-col-100 elementor-top-column elementor-element elementor-element-8926ff3\" data-id=\"8926ff3\" data-element_type=\"column\">\n\t\t\t<div class=\"elementor-widget-wrap elementor-element-populated\">\n\t\t\t\t\t\t<div class=\"elementor-element elementor-element-30a5372 elementor-widget elementor-widget-text-editor\" data-id=\"30a5372\" data-element_type=\"widget\" data-widget_type=\"text-editor.default\">\n\t\t\t\t<div class=\"elementor-widget-container\">\n\t\t\t\t\t\t\t\t\t<h2>Du VIe au XIe si\u00e8cle : Art Byzantin, Carolingien et Ottonien<\/h2>\t\t\t\t\t\t\t\t<\/div>\n\t\t\t\t<\/div>\n\t\t\t\t\t<\/div>\n\t\t<\/div>\n\t\t\t\t\t<\/div>\n\t\t<\/section>\n\t\t\t\t<section class=\"elementor-section elementor-top-section elementor-element elementor-element-af52fd1 elementor-section-boxed elementor-section-height-default elementor-section-height-default\" data-id=\"af52fd1\" data-element_type=\"section\">\n\t\t\t\t\t\t<div class=\"elementor-container elementor-column-gap-default\">\n\t\t\t\t\t<div class=\"elementor-column elementor-col-100 elementor-top-column elementor-element elementor-element-59fbf89\" data-id=\"59fbf89\" data-element_type=\"column\">\n\t\t\t<div class=\"elementor-widget-wrap elementor-element-populated\">\n\t\t\t\t\t\t<div class=\"elementor-element elementor-element-58a8f6e elementor-widget elementor-widget-image\" data-id=\"58a8f6e\" data-element_type=\"widget\" data-widget_type=\"image.default\">\n\t\t\t\t<div class=\"elementor-widget-container\">\n\t\t\t\t\t\t\t\t\t\t\t\t\t\t\t<img loading=\"lazy\" decoding=\"async\" width=\"700\" height=\"534\" src=\"https:\/\/www.macapflag.com\/blog\/wp-content\/uploads\/2024\/03\/drapeau-peinture-9.jpg\" class=\"attachment-large size-large wp-image-16349\" alt=\"Art Byzantin, Carolingien et Ottonien\" srcset=\"https:\/\/www.macapflag.com\/blog\/wp-content\/uploads\/2024\/03\/drapeau-peinture-9.jpg 700w, https:\/\/www.macapflag.com\/blog\/wp-content\/uploads\/2024\/03\/drapeau-peinture-9-300x229.jpg 300w\" sizes=\"(max-width: 700px) 100vw, 700px\" \/>\t\t\t\t\t\t\t\t\t\t\t\t\t\t\t<\/div>\n\t\t\t\t<\/div>\n\t\t\t\t\t<\/div>\n\t\t<\/div>\n\t\t\t\t\t<\/div>\n\t\t<\/section>\n\t\t\t\t<section class=\"elementor-section elementor-top-section elementor-element elementor-element-87635b8 elementor-section-boxed elementor-section-height-default elementor-section-height-default\" data-id=\"87635b8\" data-element_type=\"section\">\n\t\t\t\t\t\t<div class=\"elementor-container elementor-column-gap-default\">\n\t\t\t\t\t<div class=\"elementor-column elementor-col-100 elementor-top-column elementor-element elementor-element-703a713\" data-id=\"703a713\" data-element_type=\"column\">\n\t\t\t<div class=\"elementor-widget-wrap elementor-element-populated\">\n\t\t\t\t\t\t<div class=\"elementor-element elementor-element-430b7c8 elementor-widget elementor-widget-text-editor\" data-id=\"430b7c8\" data-element_type=\"widget\" data-widget_type=\"text-editor.default\">\n\t\t\t\t<div class=\"elementor-widget-container\">\n\t\t\t\t\t\t\t\t\t<p>Dans l&#8217;art byzantin, carolingien et ottonien, les banni\u00e8res ne sont pas de simples d\u00e9corations. Elles repr\u00e9sentent le pouvoir divin et terrestre, un rappel que les dirigeants de ces \u00e9poques \u00e9taient vus comme des interm\u00e9diaires entre le ciel et la terre.<\/p>\t\t\t\t\t\t\t\t<\/div>\n\t\t\t\t<\/div>\n\t\t\t\t\t<\/div>\n\t\t<\/div>\n\t\t\t\t\t<\/div>\n\t\t<\/section>\n\t\t\t\t<section class=\"elementor-section elementor-top-section elementor-element elementor-element-6409d08 elementor-section-boxed elementor-section-height-default elementor-section-height-default\" data-id=\"6409d08\" data-element_type=\"section\">\n\t\t\t\t\t\t<div class=\"elementor-container elementor-column-gap-default\">\n\t\t\t\t\t<div class=\"elementor-column elementor-col-100 elementor-top-column elementor-element elementor-element-08992b6\" data-id=\"08992b6\" data-element_type=\"column\">\n\t\t\t<div class=\"elementor-widget-wrap elementor-element-populated\">\n\t\t\t\t\t\t<div class=\"elementor-element elementor-element-68ca4b5 elementor-widget elementor-widget-text-editor\" data-id=\"68ca4b5\" data-element_type=\"widget\" data-widget_type=\"text-editor.default\">\n\t\t\t\t<div class=\"elementor-widget-container\">\n\t\t\t\t\t\t\t\t\t<p>Des mosa\u00efques de Ravenne aux rues anim\u00e9es o\u00f9 Banksy laisse sa marque, le drapeau a \u00e9t\u00e9 un t\u00e9moin silencieux mais toujours puissant de l&#8217;histoire humaine. Chaque \u0153uvre d&#8217;art explor\u00e9e est une fen\u00eatre sur le pass\u00e9, r\u00e9v\u00e9lant comment les valeurs et les conflits de chaque \u00e9poque ont \u00e9t\u00e9 tiss\u00e9s dans ces embl\u00e8mes color\u00e9s. Le drapeau, bien plus qu&#8217;un symbole, est \u00e0 la fois un rassembleur et un narrateur de notre histoire collective.<\/p>\t\t\t\t\t\t\t\t<\/div>\n\t\t\t\t<\/div>\n\t\t\t\t\t<\/div>\n\t\t<\/div>\n\t\t\t\t\t<\/div>\n\t\t<\/section>\n\t\t\t\t<section class=\"elementor-section elementor-top-section elementor-element elementor-element-2b776ce elementor-section-boxed elementor-section-height-default elementor-section-height-default\" data-id=\"2b776ce\" data-element_type=\"section\">\n\t\t\t\t\t\t<div class=\"elementor-container elementor-column-gap-default\">\n\t\t\t\t\t<div class=\"elementor-column elementor-col-100 elementor-top-column elementor-element elementor-element-115e350\" data-id=\"115e350\" data-element_type=\"column\">\n\t\t\t<div class=\"elementor-widget-wrap elementor-element-populated\">\n\t\t\t\t\t\t<div class=\"elementor-element elementor-element-69dde38 elementor-widget elementor-widget-text-editor\" data-id=\"69dde38\" data-element_type=\"widget\" data-widget_type=\"text-editor.default\">\n\t\t\t\t<div class=\"elementor-widget-container\">\n\t\t\t\t\t\t\t\t\t<p>Retrouvez d&#8217;autres articles sur le <strong>th\u00e8me du drapeau dans l&#8217;art<\/strong> sur notre blog avec notamment :<\/p><ul><li><strong><span style=\"color: #3366ff;\">L<\/span><\/strong><a href=\"https:\/\/www.macapflag.com\/blog\/chanson\/\"><span style=\"color: #3366ff;\"><strong>e Drapeau dans la chanson fran\u00e7aise<\/strong> <\/span><\/a>: Un symbole fort en paroles et en musique.<\/li><li><strong><a href=\"https:\/\/www.macapflag.com\/blog\/le-drapeau-dans-la-chanson-anglophone-et-americaine\/\" target=\"_blank\" rel=\"noopener\"><span style=\"color: #3366ff;\">Le drapeau dans la chanson anglophone et am\u00e9ricaine<\/span><\/a><\/strong>.<\/li><li><a href=\"https:\/\/www.macapflag.com\/blog\/drapeaux-danse\/\"><strong><span style=\"color: #3366ff;\">Les drapeaux et la danse<\/span><\/strong><\/a>, une fusion color\u00e9e de mouvement et de symbole.<\/li><li><a href=\"https:\/\/www.macapflag.com\/blog\/le-drapeau-dans-lart-urbain\/\" target=\"_blank\" rel=\"noopener\"><span style=\"color: #3366ff;\"><strong>Le drapeau dans l&#8217;art urbain<\/strong><\/span><\/a>, ou comment le drapeau se retrouve dessin\u00e9 dans la rue.<\/li><li><a href=\"https:\/\/www.macapflag.com\/blog\/le-drapeau-dans-lart-numerique\/\" target=\"_blank\" rel=\"noopener\"><strong><span style=\"color: #3366ff;\">Le drapeau dans l&#8217;art num\u00e9rique<\/span><\/strong><\/a>, dans les jeux vid\u00e9o ou les \u0153uvres num\u00e9riques.<\/li><li><a href=\"https:\/\/www.macapflag.com\/blog\/le-drapeau-dans-lunivers-de-la-bd\/\" target=\"_blank\" rel=\"noopener\"><strong><span style=\"color: #3366ff;\">Le drapeau dans l&#8217;univers de la BD<\/span><\/strong><\/a><\/li><li><a href=\"https:\/\/www.macapflag.com\/blog\/le-drapeau-dans-la-photographie-un-symbole-qui-sinscrit-dans-le-temps\/\" target=\"_blank\" rel=\"noopener\"><strong><span style=\"color: #3366ff;\">Le drapeau dans la photographie<\/span><\/strong><\/a><\/li><li><a href=\"https:\/\/www.macapflag.com\/blog\/le-drapeau-dans-la-sculpture\/\" target=\"_blank\" rel=\"noopener\"><strong><span style=\"color: #3366ff;\">Le Drapeau dans la sculpture<\/span><\/strong><\/a>, un symbole qui s\u2019inscrit dans le temps<\/li><li><a href=\"https:\/\/www.macapflag.com\/blog\/litterature\/\" target=\"_blank\" rel=\"noopener\"><strong><span style=\"color: #3366ff;\">Les drapeaux dans la litt\u00e9rature fran\u00e7aise<\/span><\/strong><\/a>, de puissants symboles d\u2019identit\u00e9<\/li><\/ul>\t\t\t\t\t\t\t\t<\/div>\n\t\t\t\t<\/div>\n\t\t\t\t\t<\/div>\n\t\t<\/div>\n\t\t\t\t\t<\/div>\n\t\t<\/section>\n\t\t\t\t<section class=\"elementor-section elementor-top-section elementor-element elementor-element-e3d63f4 elementor-section-boxed elementor-section-height-default elementor-section-height-default\" data-id=\"e3d63f4\" data-element_type=\"section\">\n\t\t\t\t\t\t<div class=\"elementor-container elementor-column-gap-default\">\n\t\t\t\t\t<div class=\"elementor-column elementor-col-100 elementor-top-column elementor-element elementor-element-a46d15b\" data-id=\"a46d15b\" data-element_type=\"column\">\n\t\t\t<div class=\"elementor-widget-wrap elementor-element-populated\">\n\t\t\t\t\t\t\t<\/div>\n\t\t<\/div>\n\t\t\t\t\t<\/div>\n\t\t<\/section>\n\t\t\t\t<section class=\"elementor-section elementor-top-section elementor-element elementor-element-87db6ec elementor-section-boxed elementor-section-height-default elementor-section-height-default\" data-id=\"87db6ec\" data-element_type=\"section\">\n\t\t\t\t\t\t<div class=\"elementor-container elementor-column-gap-default\">\n\t\t\t\t\t<div class=\"elementor-column elementor-col-100 elementor-top-column elementor-element elementor-element-4f29915\" data-id=\"4f29915\" data-element_type=\"column\">\n\t\t\t<div class=\"elementor-widget-wrap elementor-element-populated\">\n\t\t\t\t\t\t<div class=\"elementor-element elementor-element-827f5db elementor-widget elementor-widget-image\" data-id=\"827f5db\" data-element_type=\"widget\" data-widget_type=\"image.default\">\n\t\t\t\t<div class=\"elementor-widget-container\">\n\t\t\t\t\t\t\t\t\t\t\t\t\t\t\t\t<a href=\"https:\/\/www.macapflag.com\/\" target=\"_blank\">\n\t\t\t\t\t\t\t<img loading=\"lazy\" decoding=\"async\" width=\"700\" height=\"320\" src=\"https:\/\/www.macapflag.com\/blog\/wp-content\/uploads\/2021\/04\/fabriquant-de-drapeaux-kakemonos-banderoles-beach-flags-oriflammes-macap.jpg\" class=\"attachment-large size-large wp-image-10133\" alt=\"Macap fabriquant de drapeaux kak\u00e9mono banderole beach flag oriflamme\" srcset=\"https:\/\/www.macapflag.com\/blog\/wp-content\/uploads\/2021\/04\/fabriquant-de-drapeaux-kakemonos-banderoles-beach-flags-oriflammes-macap.jpg 700w, https:\/\/www.macapflag.com\/blog\/wp-content\/uploads\/2021\/04\/fabriquant-de-drapeaux-kakemonos-banderoles-beach-flags-oriflammes-macap-300x137.jpg 300w\" sizes=\"(max-width: 700px) 100vw, 700px\" \/>\t\t\t\t\t\t\t\t<\/a>\n\t\t\t\t\t\t\t\t\t\t\t\t\t\t\t<\/div>\n\t\t\t\t<\/div>\n\t\t\t\t\t<\/div>\n\t\t<\/div>\n\t\t\t\t\t<\/div>\n\t\t<\/section>\n\t\t\t\t<\/div>\n\t\t","protected":false},"excerpt":{"rendered":"<div class=\"tmnf_excerpt\"><p>Imaginez un symbole si puissant qu&#8217;il traverse les \u00e2ges, changeant de forme tout en conservant son essence et sa communication universelle. C&#8217;est l&#8217;histoire du drapeau, un embl\u00e8me de fiert\u00e9, d\u2019appartenance, d&#8217;identit\u00e9 et de lutte. \u00c0 travers un voyage dans le temps, d\u00e9couvrons comment les artistes ont captur\u00e9 l&#8217;esprit des drapeaux dans leurs \u0153uvres, refl\u00e9tant les &hellip;<\/p>\n<\/div>","protected":false},"author":2,"featured_media":16334,"comment_status":"closed","ping_status":"open","sticky":false,"template":"template-fullwidth.php","format":"standard","meta":{"footnotes":""},"categories":[93],"tags":[],"class_list":["post-16332","post","type-post","status-publish","format-standard","has-post-thumbnail","hentry","category-com"],"yoast_head":"<!-- This site is optimized with the Yoast SEO plugin v26.4 - https:\/\/yoast.com\/wordpress\/plugins\/seo\/ -->\n<title>Le drapeau dans la peinture : un voyage \u00e0 travers le temps - Blog - Macap<\/title>\n<meta name=\"description\" content=\"Le drapeau fran\u00e7ais, les drapeaux des pays, les drapeaux personnalis\u00e9s figurent dans les peintures de toutes les \u00e9poques. Voyage en images\" \/>\n<meta name=\"robots\" content=\"index, follow, max-snippet:-1, max-image-preview:large, max-video-preview:-1\" \/>\n<link rel=\"canonical\" href=\"https:\/\/www.macapflag.com\/blog\/drapeau-peinture\/\" \/>\n<meta property=\"og:locale\" content=\"fr_FR\" \/>\n<meta property=\"og:type\" content=\"article\" \/>\n<meta property=\"og:title\" content=\"Le drapeau dans la peinture : un voyage \u00e0 travers le temps - Blog - Macap\" \/>\n<meta property=\"og:description\" content=\"Le drapeau fran\u00e7ais, les drapeaux des pays, les drapeaux personnalis\u00e9s figurent dans les peintures de toutes les \u00e9poques. Voyage en images\" \/>\n<meta property=\"og:url\" content=\"https:\/\/www.macapflag.com\/blog\/drapeau-peinture\/\" \/>\n<meta property=\"og:site_name\" content=\"Blog - Macap\" \/>\n<meta property=\"article:publisher\" content=\"https:\/\/www.facebook.com\/macap.pavoisement\/\" \/>\n<meta property=\"article:published_time\" content=\"2025-03-09T07:30:12+00:00\" \/>\n<meta property=\"og:image\" content=\"https:\/\/www.macapflag.com\/blog\/wp-content\/uploads\/2024\/03\/drapeau-peinture-TITRE.jpg\" \/>\n\t<meta property=\"og:image:width\" content=\"870\" \/>\n\t<meta property=\"og:image:height\" content=\"600\" \/>\n\t<meta property=\"og:image:type\" content=\"image\/jpeg\" \/>\n<meta name=\"author\" content=\"Blog Macap\" \/>\n<meta name=\"twitter:card\" content=\"summary_large_image\" \/>\n<meta name=\"twitter:label1\" content=\"\u00c9crit par\" \/>\n\t<meta name=\"twitter:data1\" content=\"Blog Macap\" \/>\n\t<meta name=\"twitter:label2\" content=\"Dur\u00e9e de lecture estim\u00e9e\" \/>\n\t<meta name=\"twitter:data2\" content=\"8 minutes\" \/>\n<script type=\"application\/ld+json\" class=\"yoast-schema-graph\">{\"@context\":\"https:\/\/schema.org\",\"@graph\":[{\"@type\":\"Article\",\"@id\":\"https:\/\/www.macapflag.com\/blog\/drapeau-peinture\/#article\",\"isPartOf\":{\"@id\":\"https:\/\/www.macapflag.com\/blog\/drapeau-peinture\/\"},\"author\":{\"name\":\"Blog Macap\",\"@id\":\"https:\/\/www.macapflag.com\/blog\/#\/schema\/person\/3fea701f2603875e651e6b662578fc3c\"},\"headline\":\"Le drapeau dans la peinture : un voyage \u00e0 travers le temps\",\"datePublished\":\"2025-03-09T07:30:12+00:00\",\"mainEntityOfPage\":{\"@id\":\"https:\/\/www.macapflag.com\/blog\/drapeau-peinture\/\"},\"wordCount\":1097,\"publisher\":{\"@id\":\"https:\/\/www.macapflag.com\/blog\/#organization\"},\"image\":{\"@id\":\"https:\/\/www.macapflag.com\/blog\/drapeau-peinture\/#primaryimage\"},\"thumbnailUrl\":\"https:\/\/www.macapflag.com\/blog\/wp-content\/uploads\/2024\/03\/drapeau-peinture-TITRE.jpg\",\"articleSection\":[\"Le monde de la Com'\"],\"inLanguage\":\"fr-FR\"},{\"@type\":\"WebPage\",\"@id\":\"https:\/\/www.macapflag.com\/blog\/drapeau-peinture\/\",\"url\":\"https:\/\/www.macapflag.com\/blog\/drapeau-peinture\/\",\"name\":\"Le drapeau dans la peinture : un voyage \u00e0 travers le temps - Blog - Macap\",\"isPartOf\":{\"@id\":\"https:\/\/www.macapflag.com\/blog\/#website\"},\"primaryImageOfPage\":{\"@id\":\"https:\/\/www.macapflag.com\/blog\/drapeau-peinture\/#primaryimage\"},\"image\":{\"@id\":\"https:\/\/www.macapflag.com\/blog\/drapeau-peinture\/#primaryimage\"},\"thumbnailUrl\":\"https:\/\/www.macapflag.com\/blog\/wp-content\/uploads\/2024\/03\/drapeau-peinture-TITRE.jpg\",\"datePublished\":\"2025-03-09T07:30:12+00:00\",\"description\":\"Le drapeau fran\u00e7ais, les drapeaux des pays, les drapeaux personnalis\u00e9s figurent dans les peintures de toutes les \u00e9poques. Voyage en images\",\"breadcrumb\":{\"@id\":\"https:\/\/www.macapflag.com\/blog\/drapeau-peinture\/#breadcrumb\"},\"inLanguage\":\"fr-FR\",\"potentialAction\":[{\"@type\":\"ReadAction\",\"target\":[\"https:\/\/www.macapflag.com\/blog\/drapeau-peinture\/\"]}]},{\"@type\":\"ImageObject\",\"inLanguage\":\"fr-FR\",\"@id\":\"https:\/\/www.macapflag.com\/blog\/drapeau-peinture\/#primaryimage\",\"url\":\"https:\/\/www.macapflag.com\/blog\/wp-content\/uploads\/2024\/03\/drapeau-peinture-TITRE.jpg\",\"contentUrl\":\"https:\/\/www.macapflag.com\/blog\/wp-content\/uploads\/2024\/03\/drapeau-peinture-TITRE.jpg\",\"width\":870,\"height\":600,\"caption\":\"Le drapeau dans la peinture\"},{\"@type\":\"BreadcrumbList\",\"@id\":\"https:\/\/www.macapflag.com\/blog\/drapeau-peinture\/#breadcrumb\",\"itemListElement\":[{\"@type\":\"ListItem\",\"position\":1,\"name\":\"Accueil\",\"item\":\"https:\/\/www.macapflag.com\/blog\/\"},{\"@type\":\"ListItem\",\"position\":2,\"name\":\"Le drapeau dans la peinture : un voyage \u00e0 travers le temps\"}]},{\"@type\":\"WebSite\",\"@id\":\"https:\/\/www.macapflag.com\/blog\/#website\",\"url\":\"https:\/\/www.macapflag.com\/blog\/\",\"name\":\"Blog - Macap\",\"description\":\"Tous nos articles\",\"publisher\":{\"@id\":\"https:\/\/www.macapflag.com\/blog\/#organization\"},\"potentialAction\":[{\"@type\":\"SearchAction\",\"target\":{\"@type\":\"EntryPoint\",\"urlTemplate\":\"https:\/\/www.macapflag.com\/blog\/?s={search_term_string}\"},\"query-input\":{\"@type\":\"PropertyValueSpecification\",\"valueRequired\":true,\"valueName\":\"search_term_string\"}}],\"inLanguage\":\"fr-FR\"},{\"@type\":\"Organization\",\"@id\":\"https:\/\/www.macapflag.com\/blog\/#organization\",\"name\":\"macapflag\",\"url\":\"https:\/\/www.macapflag.com\/blog\/\",\"logo\":{\"@type\":\"ImageObject\",\"inLanguage\":\"fr-FR\",\"@id\":\"https:\/\/www.macapflag.com\/blog\/#\/schema\/logo\/image\/\",\"url\":\"https:\/\/www.macapflag.com\/blog\/wp-content\/uploads\/2020\/12\/cropped-M-512-1.png\",\"contentUrl\":\"https:\/\/www.macapflag.com\/blog\/wp-content\/uploads\/2020\/12\/cropped-M-512-1.png\",\"width\":512,\"height\":512,\"caption\":\"macapflag\"},\"image\":{\"@id\":\"https:\/\/www.macapflag.com\/blog\/#\/schema\/logo\/image\/\"},\"sameAs\":[\"https:\/\/www.facebook.com\/macap.pavoisement\/\",\"https:\/\/www.instagram.com\/macapflag\/?hl=fr\",\"https:\/\/www.linkedin.com\/company\/macap\/?originalSubdomain=fr\",\"https:\/\/www.youtube.com\/channel\/UCXNzTIdZh9poEBjSXEqDtNw\"]},{\"@type\":\"Person\",\"@id\":\"https:\/\/www.macapflag.com\/blog\/#\/schema\/person\/3fea701f2603875e651e6b662578fc3c\",\"name\":\"Blog Macap\",\"image\":{\"@type\":\"ImageObject\",\"inLanguage\":\"fr-FR\",\"@id\":\"https:\/\/www.macapflag.com\/blog\/#\/schema\/person\/image\/\",\"url\":\"https:\/\/secure.gravatar.com\/avatar\/c12551f2dc51f0db049633b03e7856985477a70da834cc8967dea4ce54bdd6a2?s=96&d=mm&r=g\",\"contentUrl\":\"https:\/\/secure.gravatar.com\/avatar\/c12551f2dc51f0db049633b03e7856985477a70da834cc8967dea4ce54bdd6a2?s=96&d=mm&r=g\",\"caption\":\"Blog Macap\"},\"url\":\"https:\/\/www.macapflag.com\/blog\/author\/macap\/\"}]}<\/script>\n<!-- \/ Yoast SEO plugin. -->","yoast_head_json":{"title":"Le drapeau dans la peinture : un voyage \u00e0 travers le temps - Blog - Macap","description":"Le drapeau fran\u00e7ais, les drapeaux des pays, les drapeaux personnalis\u00e9s figurent dans les peintures de toutes les \u00e9poques. Voyage en images","robots":{"index":"index","follow":"follow","max-snippet":"max-snippet:-1","max-image-preview":"max-image-preview:large","max-video-preview":"max-video-preview:-1"},"canonical":"https:\/\/www.macapflag.com\/blog\/drapeau-peinture\/","og_locale":"fr_FR","og_type":"article","og_title":"Le drapeau dans la peinture : un voyage \u00e0 travers le temps - Blog - Macap","og_description":"Le drapeau fran\u00e7ais, les drapeaux des pays, les drapeaux personnalis\u00e9s figurent dans les peintures de toutes les \u00e9poques. Voyage en images","og_url":"https:\/\/www.macapflag.com\/blog\/drapeau-peinture\/","og_site_name":"Blog - Macap","article_publisher":"https:\/\/www.facebook.com\/macap.pavoisement\/","article_published_time":"2025-03-09T07:30:12+00:00","og_image":[{"width":870,"height":600,"url":"https:\/\/www.macapflag.com\/blog\/wp-content\/uploads\/2024\/03\/drapeau-peinture-TITRE.jpg","type":"image\/jpeg"}],"author":"Blog Macap","twitter_card":"summary_large_image","twitter_misc":{"\u00c9crit par":"Blog Macap","Dur\u00e9e de lecture estim\u00e9e":"8 minutes"},"schema":{"@context":"https:\/\/schema.org","@graph":[{"@type":"Article","@id":"https:\/\/www.macapflag.com\/blog\/drapeau-peinture\/#article","isPartOf":{"@id":"https:\/\/www.macapflag.com\/blog\/drapeau-peinture\/"},"author":{"name":"Blog Macap","@id":"https:\/\/www.macapflag.com\/blog\/#\/schema\/person\/3fea701f2603875e651e6b662578fc3c"},"headline":"Le drapeau dans la peinture : un voyage \u00e0 travers le temps","datePublished":"2025-03-09T07:30:12+00:00","mainEntityOfPage":{"@id":"https:\/\/www.macapflag.com\/blog\/drapeau-peinture\/"},"wordCount":1097,"publisher":{"@id":"https:\/\/www.macapflag.com\/blog\/#organization"},"image":{"@id":"https:\/\/www.macapflag.com\/blog\/drapeau-peinture\/#primaryimage"},"thumbnailUrl":"https:\/\/www.macapflag.com\/blog\/wp-content\/uploads\/2024\/03\/drapeau-peinture-TITRE.jpg","articleSection":["Le monde de la Com'"],"inLanguage":"fr-FR"},{"@type":"WebPage","@id":"https:\/\/www.macapflag.com\/blog\/drapeau-peinture\/","url":"https:\/\/www.macapflag.com\/blog\/drapeau-peinture\/","name":"Le drapeau dans la peinture : un voyage \u00e0 travers le temps - Blog - Macap","isPartOf":{"@id":"https:\/\/www.macapflag.com\/blog\/#website"},"primaryImageOfPage":{"@id":"https:\/\/www.macapflag.com\/blog\/drapeau-peinture\/#primaryimage"},"image":{"@id":"https:\/\/www.macapflag.com\/blog\/drapeau-peinture\/#primaryimage"},"thumbnailUrl":"https:\/\/www.macapflag.com\/blog\/wp-content\/uploads\/2024\/03\/drapeau-peinture-TITRE.jpg","datePublished":"2025-03-09T07:30:12+00:00","description":"Le drapeau fran\u00e7ais, les drapeaux des pays, les drapeaux personnalis\u00e9s figurent dans les peintures de toutes les \u00e9poques. Voyage en images","breadcrumb":{"@id":"https:\/\/www.macapflag.com\/blog\/drapeau-peinture\/#breadcrumb"},"inLanguage":"fr-FR","potentialAction":[{"@type":"ReadAction","target":["https:\/\/www.macapflag.com\/blog\/drapeau-peinture\/"]}]},{"@type":"ImageObject","inLanguage":"fr-FR","@id":"https:\/\/www.macapflag.com\/blog\/drapeau-peinture\/#primaryimage","url":"https:\/\/www.macapflag.com\/blog\/wp-content\/uploads\/2024\/03\/drapeau-peinture-TITRE.jpg","contentUrl":"https:\/\/www.macapflag.com\/blog\/wp-content\/uploads\/2024\/03\/drapeau-peinture-TITRE.jpg","width":870,"height":600,"caption":"Le drapeau dans la peinture"},{"@type":"BreadcrumbList","@id":"https:\/\/www.macapflag.com\/blog\/drapeau-peinture\/#breadcrumb","itemListElement":[{"@type":"ListItem","position":1,"name":"Accueil","item":"https:\/\/www.macapflag.com\/blog\/"},{"@type":"ListItem","position":2,"name":"Le drapeau dans la peinture : un voyage \u00e0 travers le temps"}]},{"@type":"WebSite","@id":"https:\/\/www.macapflag.com\/blog\/#website","url":"https:\/\/www.macapflag.com\/blog\/","name":"Blog - Macap","description":"Tous nos articles","publisher":{"@id":"https:\/\/www.macapflag.com\/blog\/#organization"},"potentialAction":[{"@type":"SearchAction","target":{"@type":"EntryPoint","urlTemplate":"https:\/\/www.macapflag.com\/blog\/?s={search_term_string}"},"query-input":{"@type":"PropertyValueSpecification","valueRequired":true,"valueName":"search_term_string"}}],"inLanguage":"fr-FR"},{"@type":"Organization","@id":"https:\/\/www.macapflag.com\/blog\/#organization","name":"macapflag","url":"https:\/\/www.macapflag.com\/blog\/","logo":{"@type":"ImageObject","inLanguage":"fr-FR","@id":"https:\/\/www.macapflag.com\/blog\/#\/schema\/logo\/image\/","url":"https:\/\/www.macapflag.com\/blog\/wp-content\/uploads\/2020\/12\/cropped-M-512-1.png","contentUrl":"https:\/\/www.macapflag.com\/blog\/wp-content\/uploads\/2020\/12\/cropped-M-512-1.png","width":512,"height":512,"caption":"macapflag"},"image":{"@id":"https:\/\/www.macapflag.com\/blog\/#\/schema\/logo\/image\/"},"sameAs":["https:\/\/www.facebook.com\/macap.pavoisement\/","https:\/\/www.instagram.com\/macapflag\/?hl=fr","https:\/\/www.linkedin.com\/company\/macap\/?originalSubdomain=fr","https:\/\/www.youtube.com\/channel\/UCXNzTIdZh9poEBjSXEqDtNw"]},{"@type":"Person","@id":"https:\/\/www.macapflag.com\/blog\/#\/schema\/person\/3fea701f2603875e651e6b662578fc3c","name":"Blog Macap","image":{"@type":"ImageObject","inLanguage":"fr-FR","@id":"https:\/\/www.macapflag.com\/blog\/#\/schema\/person\/image\/","url":"https:\/\/secure.gravatar.com\/avatar\/c12551f2dc51f0db049633b03e7856985477a70da834cc8967dea4ce54bdd6a2?s=96&d=mm&r=g","contentUrl":"https:\/\/secure.gravatar.com\/avatar\/c12551f2dc51f0db049633b03e7856985477a70da834cc8967dea4ce54bdd6a2?s=96&d=mm&r=g","caption":"Blog Macap"},"url":"https:\/\/www.macapflag.com\/blog\/author\/macap\/"}]}},"_links":{"self":[{"href":"https:\/\/www.macapflag.com\/blog\/wp-json\/wp\/v2\/posts\/16332","targetHints":{"allow":["GET"]}}],"collection":[{"href":"https:\/\/www.macapflag.com\/blog\/wp-json\/wp\/v2\/posts"}],"about":[{"href":"https:\/\/www.macapflag.com\/blog\/wp-json\/wp\/v2\/types\/post"}],"author":[{"embeddable":true,"href":"https:\/\/www.macapflag.com\/blog\/wp-json\/wp\/v2\/users\/2"}],"replies":[{"embeddable":true,"href":"https:\/\/www.macapflag.com\/blog\/wp-json\/wp\/v2\/comments?post=16332"}],"version-history":[{"count":35,"href":"https:\/\/www.macapflag.com\/blog\/wp-json\/wp\/v2\/posts\/16332\/revisions"}],"predecessor-version":[{"id":19408,"href":"https:\/\/www.macapflag.com\/blog\/wp-json\/wp\/v2\/posts\/16332\/revisions\/19408"}],"wp:featuredmedia":[{"embeddable":true,"href":"https:\/\/www.macapflag.com\/blog\/wp-json\/wp\/v2\/media\/16334"}],"wp:attachment":[{"href":"https:\/\/www.macapflag.com\/blog\/wp-json\/wp\/v2\/media?parent=16332"}],"wp:term":[{"taxonomy":"category","embeddable":true,"href":"https:\/\/www.macapflag.com\/blog\/wp-json\/wp\/v2\/categories?post=16332"},{"taxonomy":"post_tag","embeddable":true,"href":"https:\/\/www.macapflag.com\/blog\/wp-json\/wp\/v2\/tags?post=16332"}],"curies":[{"name":"wp","href":"https:\/\/api.w.org\/{rel}","templated":true}]}}