{"id":16969,"date":"2025-04-26T08:04:57","date_gmt":"2025-04-26T06:04:57","guid":{"rendered":"https:\/\/www.macapflag.com\/blog\/?p=16969"},"modified":"2025-04-26T08:04:57","modified_gmt":"2025-04-26T06:04:57","slug":"propriete-intellectuelle","status":"publish","type":"post","link":"https:\/\/www.macapflag.com\/blog\/propriete-intellectuelle\/","title":{"rendered":"C\u2019est la journ\u00e9e mondiale de la protection intellectuelle"},"content":{"rendered":"\t\t<div data-elementor-type=\"wp-post\" data-elementor-id=\"16969\" class=\"elementor elementor-16969\">\n\t\t\t\t\t\t<section class=\"elementor-section elementor-top-section elementor-element elementor-element-6f2abfe elementor-section-boxed elementor-section-height-default elementor-section-height-default\" data-id=\"6f2abfe\" data-element_type=\"section\">\n\t\t\t\t\t\t<div class=\"elementor-container elementor-column-gap-default\">\n\t\t\t\t\t<div class=\"elementor-column elementor-col-100 elementor-top-column elementor-element elementor-element-8341922\" data-id=\"8341922\" data-element_type=\"column\">\n\t\t\t<div class=\"elementor-widget-wrap elementor-element-populated\">\n\t\t\t\t\t\t<div class=\"elementor-element elementor-element-9497eba elementor-widget elementor-widget-text-editor\" data-id=\"9497eba\" data-element_type=\"widget\" data-widget_type=\"text-editor.default\">\n\t\t\t\t<div class=\"elementor-widget-container\">\n\t\t\t\t\t\t\t\t\t<p>Chaque ann\u00e9e, <strong>le 26 avril, le monde entier c\u00e9l\u00e8bre la Journ\u00e9e Mondiale de la Protection Intellectuelle<\/strong>. C&#8217;est une occasion unique de reconna\u00eetre l&#8217;importance de la cr\u00e9ativit\u00e9, de l&#8217;innovation et de la propri\u00e9t\u00e9 intellectuelle dans notre monde moderne. <br \/>Cette journ\u00e9e met en lumi\u00e8re les droits des innovateurs, des cr\u00e9ateurs et des penseurs, ainsi que les efforts pour les prot\u00e9ger et les valoriser.<\/p>\t\t\t\t\t\t\t\t<\/div>\n\t\t\t\t<\/div>\n\t\t\t\t\t<\/div>\n\t\t<\/div>\n\t\t\t\t\t<\/div>\n\t\t<\/section>\n\t\t\t\t<section class=\"elementor-section elementor-top-section elementor-element elementor-element-f8c7aba elementor-section-boxed elementor-section-height-default elementor-section-height-default\" data-id=\"f8c7aba\" data-element_type=\"section\">\n\t\t\t\t\t\t<div class=\"elementor-container elementor-column-gap-default\">\n\t\t\t\t\t<div class=\"elementor-column elementor-col-100 elementor-top-column elementor-element elementor-element-6cba820\" data-id=\"6cba820\" data-element_type=\"column\">\n\t\t\t<div class=\"elementor-widget-wrap elementor-element-populated\">\n\t\t\t\t\t\t<div class=\"elementor-element elementor-element-7cb8af9 elementor-widget elementor-widget-text-editor\" data-id=\"7cb8af9\" data-element_type=\"widget\" data-widget_type=\"text-editor.default\">\n\t\t\t\t<div class=\"elementor-widget-container\">\n\t\t\t\t\t\t\t\t\t<h2>Qu&#8217;est-ce que la protection intellectuelle ?<\/h2>\t\t\t\t\t\t\t\t<\/div>\n\t\t\t\t<\/div>\n\t\t\t\t\t<\/div>\n\t\t<\/div>\n\t\t\t\t\t<\/div>\n\t\t<\/section>\n\t\t\t\t<section class=\"elementor-section elementor-top-section elementor-element elementor-element-c1dac14 elementor-section-boxed elementor-section-height-default elementor-section-height-default\" data-id=\"c1dac14\" data-element_type=\"section\">\n\t\t\t\t\t\t<div class=\"elementor-container elementor-column-gap-default\">\n\t\t\t\t\t<div class=\"elementor-column elementor-col-100 elementor-top-column elementor-element elementor-element-afb59ea\" data-id=\"afb59ea\" data-element_type=\"column\">\n\t\t\t<div class=\"elementor-widget-wrap elementor-element-populated\">\n\t\t\t\t\t\t<div class=\"elementor-element elementor-element-8259ed5 elementor-widget elementor-widget-text-editor\" data-id=\"8259ed5\" data-element_type=\"widget\" data-widget_type=\"text-editor.default\">\n\t\t\t\t<div class=\"elementor-widget-container\">\n\t\t\t\t\t\t\t\t\t<p>L\u2019INSEE d\u00e9finit la protection intellectuelle comme un outil de lutte contre la contrefa\u00e7on ou le plagiat. La propri\u00e9t\u00e9 intellectuelle permet \u00e0 l\u2019auteur d\u2019une cr\u00e9ation de prot\u00e9ger son \u0153uvre et de lui octroyer les avantages issus de son \u0153uvre. <strong>Elle regroupe la propri\u00e9t\u00e9 industrielle et le droit d&#8217;auteur<\/strong> et droits voisins (li\u00e9e aux logiciels et aux \u0153uvres litt\u00e9raires, artistiques et de divertissement).<br \/><br \/>La protection intellectuelle englobe un large \u00e9ventail de domaines, notamment les brevets, les droits d&#8217;auteur, les marques commerciales, les dessins et mod\u00e8les industriels, et m\u00eame les indications g\u00e9ographiques. Ces droits jouent un r\u00f4le crucial dans le maintien de l&#8217;incitation \u00e0 innover et \u00e0 cr\u00e9er. Ils garantissent aux innovateurs et aux cr\u00e9ateurs le droit d&#8217;exploiter leurs id\u00e9es et leurs travaux de mani\u00e8re exclusive, tout en prot\u00e9geant ces derniers contre la copie non autoris\u00e9e et l&#8217;exploitation abusive.<br \/>En offrant aux innovateurs et aux cr\u00e9ateurs une protection juridique de leurs investissements intellectuels, la propri\u00e9t\u00e9 intellectuelle encourage les entreprises \u00e0 investir dans la recherche et le d\u00e9veloppement. Les avantages de la protection intellectuelle ne se limitent pas aux entreprises et aux industries. Ils touchent \u00e9galement tous les aspects de la soci\u00e9t\u00e9. Par exemple, les droits d&#8217;auteur prot\u00e8gent les \u0153uvres artistiques et litt\u00e9raires, garantissant ainsi aux artistes et aux \u00e9crivains une juste r\u00e9mun\u00e9ration pour leur travail et incitent ainsi \u00e0 la production culturelle. De m\u00eame, les brevets dans le domaine de la sant\u00e9 permettent de prot\u00e9ger les d\u00e9couvertes m\u00e9dicales et pharmaceutiques, favorisant ainsi l&#8217;innovation dans le domaine des soins de sant\u00e9 et contribuant \u00e0 l&#8217;am\u00e9lioration de la qualit\u00e9 de vie.<\/p>\t\t\t\t\t\t\t\t<\/div>\n\t\t\t\t<\/div>\n\t\t\t\t\t<\/div>\n\t\t<\/div>\n\t\t\t\t\t<\/div>\n\t\t<\/section>\n\t\t\t\t<section class=\"elementor-section elementor-top-section elementor-element elementor-element-4fa5562 elementor-section-boxed elementor-section-height-default elementor-section-height-default\" data-id=\"4fa5562\" data-element_type=\"section\">\n\t\t\t\t\t\t<div class=\"elementor-container elementor-column-gap-default\">\n\t\t\t\t\t<div class=\"elementor-column elementor-col-100 elementor-top-column elementor-element elementor-element-080f973\" data-id=\"080f973\" data-element_type=\"column\">\n\t\t\t<div class=\"elementor-widget-wrap elementor-element-populated\">\n\t\t\t\t\t\t<div class=\"elementor-element elementor-element-7c9cfdb elementor-widget elementor-widget-text-editor\" data-id=\"7c9cfdb\" data-element_type=\"widget\" data-widget_type=\"text-editor.default\">\n\t\t\t\t<div class=\"elementor-widget-container\">\n\t\t\t\t\t\t\t\t\t<h2>Un enjeu majeur \u00e0 l\u2019heure de l\u2019explosion du num\u00e9rique avec l\u2019IA<\/h2>\t\t\t\t\t\t\t\t<\/div>\n\t\t\t\t<\/div>\n\t\t\t\t\t<\/div>\n\t\t<\/div>\n\t\t\t\t\t<\/div>\n\t\t<\/section>\n\t\t\t\t<section class=\"elementor-section elementor-top-section elementor-element elementor-element-d7a2337 elementor-section-boxed elementor-section-height-default elementor-section-height-default\" data-id=\"d7a2337\" data-element_type=\"section\">\n\t\t\t\t\t\t<div class=\"elementor-container elementor-column-gap-default\">\n\t\t\t\t\t<div class=\"elementor-column elementor-col-100 elementor-top-column elementor-element elementor-element-d808808\" data-id=\"d808808\" data-element_type=\"column\">\n\t\t\t<div class=\"elementor-widget-wrap elementor-element-populated\">\n\t\t\t\t\t\t<div class=\"elementor-element elementor-element-2c83d29 elementor-widget elementor-widget-text-editor\" data-id=\"2c83d29\" data-element_type=\"widget\" data-widget_type=\"text-editor.default\">\n\t\t\t\t<div class=\"elementor-widget-container\">\n\t\t\t\t\t\t\t\t\t<p>L\u2019\u00e8re num\u00e9rique, avec l\u2019utilisation massive de l\u2019IA dans nos quotidiens, complexifie le monde de la protection intellectuelle en lui ajoutant de nouveaux d\u00e9fis. \u00c0 l\u2019heure o\u00f9 tout va de plus en plus vite, o\u00f9 toute cr\u00e9ation peut \u00eatre rapidement copi\u00e9e, dupliqu\u00e9e, transform\u00e9e, la protection devient plus compliqu\u00e9e. <br \/>De nombreux processus de consultation \u00e0 l\u2019\u00e9chelon mondial sont en cours pour \u00e9tudier comment r\u00e9pondre \u00e0 cette probl\u00e9matique en perp\u00e9tuelle \u00e9volution.<br \/>Le d\u00e9p\u00f4t des brevets, marques, dessins et mod\u00e8les en devient d\u2019autant plus essentiel.<br \/>Que vous soyez un inventeur, un artiste, un \u00e9crivain ou un simple consommateur, la protection intellectuelle nous concerne tous. Alors, prenons un moment pour c\u00e9l\u00e9brer la cr\u00e9ativit\u00e9 et l&#8217;innovation, et remercions ceux qui travaillent sans rel\u00e2che pour prot\u00e9ger et promouvoir les droits de propri\u00e9t\u00e9 intellectuelle dans le monde entier.<\/p>\t\t\t\t\t\t\t\t<\/div>\n\t\t\t\t<\/div>\n\t\t\t\t\t<\/div>\n\t\t<\/div>\n\t\t\t\t\t<\/div>\n\t\t<\/section>\n\t\t\t\t<section class=\"elementor-section elementor-top-section elementor-element elementor-element-02e719f elementor-section-boxed elementor-section-height-default elementor-section-height-default\" data-id=\"02e719f\" data-element_type=\"section\">\n\t\t\t\t\t\t<div class=\"elementor-container elementor-column-gap-default\">\n\t\t\t\t\t<div class=\"elementor-column elementor-col-100 elementor-top-column elementor-element elementor-element-04c2465\" data-id=\"04c2465\" data-element_type=\"column\">\n\t\t\t<div class=\"elementor-widget-wrap elementor-element-populated\">\n\t\t\t\t\t\t<div class=\"elementor-element elementor-element-eabe799 elementor-widget elementor-widget-text-editor\" data-id=\"eabe799\" data-element_type=\"widget\" data-widget_type=\"text-editor.default\">\n\t\t\t\t<div class=\"elementor-widget-container\">\n\t\t\t\t\t\t\t\t\t<h2>Comment bien se documenter ?<\/h2>\t\t\t\t\t\t\t\t<\/div>\n\t\t\t\t<\/div>\n\t\t\t\t\t<\/div>\n\t\t<\/div>\n\t\t\t\t\t<\/div>\n\t\t<\/section>\n\t\t\t\t<section class=\"elementor-section elementor-top-section elementor-element elementor-element-56c3fbe elementor-section-boxed elementor-section-height-default elementor-section-height-default\" data-id=\"56c3fbe\" data-element_type=\"section\">\n\t\t\t\t\t\t<div class=\"elementor-container elementor-column-gap-default\">\n\t\t\t\t\t<div class=\"elementor-column elementor-col-100 elementor-top-column elementor-element elementor-element-879fc5d\" data-id=\"879fc5d\" data-element_type=\"column\">\n\t\t\t<div class=\"elementor-widget-wrap elementor-element-populated\">\n\t\t\t\t\t\t<div class=\"elementor-element elementor-element-16c9b17 elementor-widget elementor-widget-text-editor\" data-id=\"16c9b17\" data-element_type=\"widget\" data-widget_type=\"text-editor.default\">\n\t\t\t\t<div class=\"elementor-widget-container\">\n\t\t\t\t\t\t\t\t\t<p>Plus d\u2019infos sur les campagnes de la journ\u00e9e mondiale de la protection intellectuelle sur le site de l\u2019<a href=\"https:\/\/www.wipo.int\/fr\/web\/ipday\" target=\"_blank\" rel=\"noopener\"><span style=\"color: #3366ff;\">OMPI<\/span><\/a> (Organisation Mondiale de la Protection intellectuelle).<\/p><p>En France, citons les deux principaux organismes en charge de la protection de la propri\u00e9t\u00e9 intellectuelle :<\/p><ul><li>L\u2019<a href=\"https:\/\/www.inpi.fr\/\" target=\"_blank\" rel=\"noopener\"><span style=\"color: #3366ff;\">INPI<\/span><\/a> ou Institut national de la propri\u00e9t\u00e9 intellectuelle qui g\u00e8re la partie protection des marques et des donn\u00e9es.\u00a0<\/li><li>La <a href=\"https:\/\/www.sacem.fr\/\" target=\"_blank\" rel=\"noopener\"><span style=\"color: #3366ff;\">SACEM<\/span> <\/a>ou soci\u00e9t\u00e9 des auteurs compositeurs et \u00e9diteurs de musique qui s\u2019occupe de prot\u00e9ger, comme son nom l\u2019indique, la propri\u00e9t\u00e9 des auteurs.\u00a0<\/li><\/ul><p>Vous souhaitez prot\u00e9ger une \u0153uvre, v\u00e9rifier si elle l\u2019est d\u00e9j\u00e0 ou plus simplement vous informer sur la protection de la propri\u00e9t\u00e9 intellectuelle ? Retrouvez toutes les informations importantes sur les sites internet de ces deux organismes.<\/p>\t\t\t\t\t\t\t\t<\/div>\n\t\t\t\t<\/div>\n\t\t\t\t\t<\/div>\n\t\t<\/div>\n\t\t\t\t\t<\/div>\n\t\t<\/section>\n\t\t\t\t<section class=\"elementor-section elementor-top-section elementor-element elementor-element-593cee5 elementor-section-boxed elementor-section-height-default elementor-section-height-default\" data-id=\"593cee5\" data-element_type=\"section\">\n\t\t\t\t\t\t<div class=\"elementor-container elementor-column-gap-default\">\n\t\t\t\t\t<div class=\"elementor-column elementor-col-100 elementor-top-column elementor-element elementor-element-0dda294\" data-id=\"0dda294\" data-element_type=\"column\">\n\t\t\t<div class=\"elementor-widget-wrap elementor-element-populated\">\n\t\t\t\t\t\t<div class=\"elementor-element elementor-element-009d66d elementor-widget elementor-widget-text-editor\" data-id=\"009d66d\" data-element_type=\"widget\" data-widget_type=\"text-editor.default\">\n\t\t\t\t<div class=\"elementor-widget-container\">\n\t\t\t\t\t\t\t\t\t<h2>La sensibilisation, un levier cl\u00e9 pour une meilleure protection<\/h2>\t\t\t\t\t\t\t\t<\/div>\n\t\t\t\t<\/div>\n\t\t\t\t\t<\/div>\n\t\t<\/div>\n\t\t\t\t\t<\/div>\n\t\t<\/section>\n\t\t\t\t<section class=\"elementor-section elementor-top-section elementor-element elementor-element-150acfc elementor-section-boxed elementor-section-height-default elementor-section-height-default\" data-id=\"150acfc\" data-element_type=\"section\">\n\t\t\t\t\t\t<div class=\"elementor-container elementor-column-gap-default\">\n\t\t\t\t\t<div class=\"elementor-column elementor-col-100 elementor-top-column elementor-element elementor-element-1360e74\" data-id=\"1360e74\" data-element_type=\"column\">\n\t\t\t<div class=\"elementor-widget-wrap elementor-element-populated\">\n\t\t\t\t\t\t<div class=\"elementor-element elementor-element-fea7d50 elementor-widget elementor-widget-text-editor\" data-id=\"fea7d50\" data-element_type=\"widget\" data-widget_type=\"text-editor.default\">\n\t\t\t\t<div class=\"elementor-widget-container\">\n\t\t\t\t\t\t\t\t\t<p>Si les outils juridiques existent pour prot\u00e9ger les cr\u00e9ations et les innovations, encore faut-il que les acteurs concern\u00e9s aient pleinement conscience de leur vocation. Trop souvent,<strong> les cr\u00e9ateurs et entrepreneurs sous-estiment l&#8217;importance de prot\u00e9ger leurs \u0153uvres<\/strong> d\u00e8s leur conception, s&#8217;exposant ainsi \u00e0 des risques de contrefa\u00e7on ou de copie. Sensibiliser aux enjeux de la propri\u00e9t\u00e9 intellectuelle d\u00e8s la formation des \u00e9tudiants, notamment dans les \u00e9coles de commerce, d&#8217;art, d&#8217;ing\u00e9nierie et de communication, est un enjeu majeur. De plus, les entreprises doivent int\u00e9grer cette dimension dans leur strat\u00e9gie de d\u00e9veloppement pour garantir la p\u00e9rennit\u00e9 de leurs innovations. Enfin, <strong>les consommateurs eux-m\u00eames ont un r\u00f4le \u00e0 jouer en valorisant les produits et services respectueux des droits de propri\u00e9t\u00e9 intellectuelle<\/strong> et en \u00e9vitant les contenus pirat\u00e9s ou contrefaits. La protection intellectuelle est l\u2019affaire de tous, et une meilleure sensibilisation permettra de renforcer son efficacit\u00e9.<\/p>\t\t\t\t\t\t\t\t<\/div>\n\t\t\t\t<\/div>\n\t\t\t\t\t<\/div>\n\t\t<\/div>\n\t\t\t\t\t<\/div>\n\t\t<\/section>\n\t\t\t\t<section class=\"elementor-section elementor-top-section elementor-element elementor-element-10b9afd elementor-section-boxed elementor-section-height-default elementor-section-height-default\" data-id=\"10b9afd\" data-element_type=\"section\">\n\t\t\t\t\t\t<div class=\"elementor-container elementor-column-gap-default\">\n\t\t\t\t\t<div class=\"elementor-column elementor-col-100 elementor-top-column elementor-element elementor-element-962e3f8\" data-id=\"962e3f8\" data-element_type=\"column\">\n\t\t\t<div class=\"elementor-widget-wrap elementor-element-populated\">\n\t\t\t\t\t\t<div class=\"elementor-element elementor-element-35ae015 elementor-widget elementor-widget-image\" data-id=\"35ae015\" data-element_type=\"widget\" data-widget_type=\"image.default\">\n\t\t\t\t<div class=\"elementor-widget-container\">\n\t\t\t\t\t\t\t\t\t\t\t\t\t\t\t\t<a href=\"https:\/\/www.macapflag.com\/\" target=\"_blank\">\n\t\t\t\t\t\t\t<img fetchpriority=\"high\" decoding=\"async\" width=\"700\" height=\"320\" src=\"https:\/\/www.macapflag.com\/blog\/wp-content\/uploads\/2021\/04\/fabriquant-de-drapeaux-kakemonos-banderoles-beach-flags-oriflammes-macap.jpg\" class=\"attachment-large size-large wp-image-10133\" alt=\"Macap fabriquant de drapeaux kak\u00e9mono banderole beach flag oriflamme\" srcset=\"https:\/\/www.macapflag.com\/blog\/wp-content\/uploads\/2021\/04\/fabriquant-de-drapeaux-kakemonos-banderoles-beach-flags-oriflammes-macap.jpg 700w, https:\/\/www.macapflag.com\/blog\/wp-content\/uploads\/2021\/04\/fabriquant-de-drapeaux-kakemonos-banderoles-beach-flags-oriflammes-macap-300x137.jpg 300w\" sizes=\"(max-width: 700px) 100vw, 700px\" \/>\t\t\t\t\t\t\t\t<\/a>\n\t\t\t\t\t\t\t\t\t\t\t\t\t\t\t<\/div>\n\t\t\t\t<\/div>\n\t\t\t\t\t<\/div>\n\t\t<\/div>\n\t\t\t\t\t<\/div>\n\t\t<\/section>\n\t\t\t\t<\/div>\n\t\t","protected":false},"excerpt":{"rendered":"<div class=\"tmnf_excerpt\"><p>Chaque ann\u00e9e, le 26 avril, le monde entier c\u00e9l\u00e8bre la Journ\u00e9e Mondiale de la Protection Intellectuelle. C&#8217;est une occasion unique de reconna\u00eetre l&#8217;importance de la cr\u00e9ativit\u00e9, de l&#8217;innovation et de la propri\u00e9t\u00e9 intellectuelle dans notre monde moderne. Cette journ\u00e9e met en lumi\u00e8re les droits des innovateurs, des cr\u00e9ateurs et des penseurs, ainsi que les efforts &hellip;<\/p>\n<\/div>","protected":false},"author":2,"featured_media":16970,"comment_status":"closed","ping_status":"open","sticky":false,"template":"template-fullwidth.php","format":"standard","meta":{"footnotes":""},"categories":[93,92],"tags":[],"class_list":["post-16969","post","type-post","status-publish","format-standard","has-post-thumbnail","hentry","category-com","category-news"],"yoast_head":"<!-- This site is optimized with the Yoast SEO plugin v26.4 - https:\/\/yoast.com\/wordpress\/plugins\/seo\/ -->\n<title>C\u2019est la journ\u00e9e mondiale de la protection intellectuelle - Blog - Macap<\/title>\n<meta name=\"description\" content=\"Chaque ann\u00e9e, le 26 avril, le monde entier c\u00e9l\u00e8bre la Journ\u00e9e Mondiale de la Protection Intellectuelle pour lutter contre la contrefa\u00e7on.\" \/>\n<meta name=\"robots\" content=\"index, follow, max-snippet:-1, max-image-preview:large, max-video-preview:-1\" \/>\n<link rel=\"canonical\" href=\"https:\/\/www.macapflag.com\/blog\/propriete-intellectuelle\/\" \/>\n<meta property=\"og:locale\" content=\"fr_FR\" \/>\n<meta property=\"og:type\" content=\"article\" \/>\n<meta property=\"og:title\" content=\"C\u2019est la journ\u00e9e mondiale de la protection intellectuelle - Blog - Macap\" \/>\n<meta property=\"og:description\" content=\"Chaque ann\u00e9e, le 26 avril, le monde entier c\u00e9l\u00e8bre la Journ\u00e9e Mondiale de la Protection Intellectuelle pour lutter contre la contrefa\u00e7on.\" \/>\n<meta property=\"og:url\" content=\"https:\/\/www.macapflag.com\/blog\/propriete-intellectuelle\/\" \/>\n<meta property=\"og:site_name\" content=\"Blog - Macap\" \/>\n<meta property=\"article:publisher\" content=\"https:\/\/www.facebook.com\/macap.pavoisement\/\" \/>\n<meta property=\"article:published_time\" content=\"2025-04-26T06:04:57+00:00\" \/>\n<meta property=\"og:image\" content=\"https:\/\/www.macapflag.com\/blog\/wp-content\/uploads\/2024\/04\/journee-mondiale-PI-TITRE.jpg\" \/>\n\t<meta property=\"og:image:width\" content=\"870\" \/>\n\t<meta property=\"og:image:height\" content=\"600\" \/>\n\t<meta property=\"og:image:type\" content=\"image\/jpeg\" \/>\n<meta name=\"author\" content=\"Blog Macap\" \/>\n<meta name=\"twitter:card\" content=\"summary_large_image\" \/>\n<meta name=\"twitter:label1\" content=\"\u00c9crit par\" \/>\n\t<meta name=\"twitter:data1\" content=\"Blog Macap\" \/>\n\t<meta name=\"twitter:label2\" content=\"Dur\u00e9e de lecture estim\u00e9e\" \/>\n\t<meta name=\"twitter:data2\" content=\"4 minutes\" \/>\n<script type=\"application\/ld+json\" class=\"yoast-schema-graph\">{\"@context\":\"https:\/\/schema.org\",\"@graph\":[{\"@type\":\"Article\",\"@id\":\"https:\/\/www.macapflag.com\/blog\/propriete-intellectuelle\/#article\",\"isPartOf\":{\"@id\":\"https:\/\/www.macapflag.com\/blog\/propriete-intellectuelle\/\"},\"author\":{\"name\":\"Blog Macap\",\"@id\":\"https:\/\/www.macapflag.com\/blog\/#\/schema\/person\/3fea701f2603875e651e6b662578fc3c\"},\"headline\":\"C\u2019est la journ\u00e9e mondiale de la protection intellectuelle\",\"datePublished\":\"2025-04-26T06:04:57+00:00\",\"mainEntityOfPage\":{\"@id\":\"https:\/\/www.macapflag.com\/blog\/propriete-intellectuelle\/\"},\"wordCount\":841,\"publisher\":{\"@id\":\"https:\/\/www.macapflag.com\/blog\/#organization\"},\"image\":{\"@id\":\"https:\/\/www.macapflag.com\/blog\/propriete-intellectuelle\/#primaryimage\"},\"thumbnailUrl\":\"https:\/\/www.macapflag.com\/blog\/wp-content\/uploads\/2024\/04\/journee-mondiale-PI-TITRE.jpg\",\"articleSection\":[\"Le monde de la Com'\",\"News &amp; Actu\"],\"inLanguage\":\"fr-FR\"},{\"@type\":\"WebPage\",\"@id\":\"https:\/\/www.macapflag.com\/blog\/propriete-intellectuelle\/\",\"url\":\"https:\/\/www.macapflag.com\/blog\/propriete-intellectuelle\/\",\"name\":\"C\u2019est la journ\u00e9e mondiale de la protection intellectuelle - Blog - Macap\",\"isPartOf\":{\"@id\":\"https:\/\/www.macapflag.com\/blog\/#website\"},\"primaryImageOfPage\":{\"@id\":\"https:\/\/www.macapflag.com\/blog\/propriete-intellectuelle\/#primaryimage\"},\"image\":{\"@id\":\"https:\/\/www.macapflag.com\/blog\/propriete-intellectuelle\/#primaryimage\"},\"thumbnailUrl\":\"https:\/\/www.macapflag.com\/blog\/wp-content\/uploads\/2024\/04\/journee-mondiale-PI-TITRE.jpg\",\"datePublished\":\"2025-04-26T06:04:57+00:00\",\"description\":\"Chaque ann\u00e9e, le 26 avril, le monde entier c\u00e9l\u00e8bre la Journ\u00e9e Mondiale de la Protection Intellectuelle pour lutter contre la contrefa\u00e7on.\",\"breadcrumb\":{\"@id\":\"https:\/\/www.macapflag.com\/blog\/propriete-intellectuelle\/#breadcrumb\"},\"inLanguage\":\"fr-FR\",\"potentialAction\":[{\"@type\":\"ReadAction\",\"target\":[\"https:\/\/www.macapflag.com\/blog\/propriete-intellectuelle\/\"]}]},{\"@type\":\"ImageObject\",\"inLanguage\":\"fr-FR\",\"@id\":\"https:\/\/www.macapflag.com\/blog\/propriete-intellectuelle\/#primaryimage\",\"url\":\"https:\/\/www.macapflag.com\/blog\/wp-content\/uploads\/2024\/04\/journee-mondiale-PI-TITRE.jpg\",\"contentUrl\":\"https:\/\/www.macapflag.com\/blog\/wp-content\/uploads\/2024\/04\/journee-mondiale-PI-TITRE.jpg\",\"width\":870,\"height\":600,\"caption\":\"26 avril, journ\u00e9e mondiale de la protection intellectuelle\"},{\"@type\":\"BreadcrumbList\",\"@id\":\"https:\/\/www.macapflag.com\/blog\/propriete-intellectuelle\/#breadcrumb\",\"itemListElement\":[{\"@type\":\"ListItem\",\"position\":1,\"name\":\"Accueil\",\"item\":\"https:\/\/www.macapflag.com\/blog\/\"},{\"@type\":\"ListItem\",\"position\":2,\"name\":\"C\u2019est la journ\u00e9e mondiale de la protection intellectuelle\"}]},{\"@type\":\"WebSite\",\"@id\":\"https:\/\/www.macapflag.com\/blog\/#website\",\"url\":\"https:\/\/www.macapflag.com\/blog\/\",\"name\":\"Blog - Macap\",\"description\":\"Tous nos articles\",\"publisher\":{\"@id\":\"https:\/\/www.macapflag.com\/blog\/#organization\"},\"potentialAction\":[{\"@type\":\"SearchAction\",\"target\":{\"@type\":\"EntryPoint\",\"urlTemplate\":\"https:\/\/www.macapflag.com\/blog\/?s={search_term_string}\"},\"query-input\":{\"@type\":\"PropertyValueSpecification\",\"valueRequired\":true,\"valueName\":\"search_term_string\"}}],\"inLanguage\":\"fr-FR\"},{\"@type\":\"Organization\",\"@id\":\"https:\/\/www.macapflag.com\/blog\/#organization\",\"name\":\"macapflag\",\"url\":\"https:\/\/www.macapflag.com\/blog\/\",\"logo\":{\"@type\":\"ImageObject\",\"inLanguage\":\"fr-FR\",\"@id\":\"https:\/\/www.macapflag.com\/blog\/#\/schema\/logo\/image\/\",\"url\":\"https:\/\/www.macapflag.com\/blog\/wp-content\/uploads\/2020\/12\/cropped-M-512-1.png\",\"contentUrl\":\"https:\/\/www.macapflag.com\/blog\/wp-content\/uploads\/2020\/12\/cropped-M-512-1.png\",\"width\":512,\"height\":512,\"caption\":\"macapflag\"},\"image\":{\"@id\":\"https:\/\/www.macapflag.com\/blog\/#\/schema\/logo\/image\/\"},\"sameAs\":[\"https:\/\/www.facebook.com\/macap.pavoisement\/\",\"https:\/\/www.instagram.com\/macapflag\/?hl=fr\",\"https:\/\/www.linkedin.com\/company\/macap\/?originalSubdomain=fr\",\"https:\/\/www.youtube.com\/channel\/UCXNzTIdZh9poEBjSXEqDtNw\"]},{\"@type\":\"Person\",\"@id\":\"https:\/\/www.macapflag.com\/blog\/#\/schema\/person\/3fea701f2603875e651e6b662578fc3c\",\"name\":\"Blog Macap\",\"image\":{\"@type\":\"ImageObject\",\"inLanguage\":\"fr-FR\",\"@id\":\"https:\/\/www.macapflag.com\/blog\/#\/schema\/person\/image\/\",\"url\":\"https:\/\/secure.gravatar.com\/avatar\/c12551f2dc51f0db049633b03e7856985477a70da834cc8967dea4ce54bdd6a2?s=96&d=mm&r=g\",\"contentUrl\":\"https:\/\/secure.gravatar.com\/avatar\/c12551f2dc51f0db049633b03e7856985477a70da834cc8967dea4ce54bdd6a2?s=96&d=mm&r=g\",\"caption\":\"Blog Macap\"},\"url\":\"https:\/\/www.macapflag.com\/blog\/author\/macap\/\"}]}<\/script>\n<!-- \/ Yoast SEO plugin. -->","yoast_head_json":{"title":"C\u2019est la journ\u00e9e mondiale de la protection intellectuelle - Blog - Macap","description":"Chaque ann\u00e9e, le 26 avril, le monde entier c\u00e9l\u00e8bre la Journ\u00e9e Mondiale de la Protection Intellectuelle pour lutter contre la contrefa\u00e7on.","robots":{"index":"index","follow":"follow","max-snippet":"max-snippet:-1","max-image-preview":"max-image-preview:large","max-video-preview":"max-video-preview:-1"},"canonical":"https:\/\/www.macapflag.com\/blog\/propriete-intellectuelle\/","og_locale":"fr_FR","og_type":"article","og_title":"C\u2019est la journ\u00e9e mondiale de la protection intellectuelle - Blog - Macap","og_description":"Chaque ann\u00e9e, le 26 avril, le monde entier c\u00e9l\u00e8bre la Journ\u00e9e Mondiale de la Protection Intellectuelle pour lutter contre la contrefa\u00e7on.","og_url":"https:\/\/www.macapflag.com\/blog\/propriete-intellectuelle\/","og_site_name":"Blog - Macap","article_publisher":"https:\/\/www.facebook.com\/macap.pavoisement\/","article_published_time":"2025-04-26T06:04:57+00:00","og_image":[{"width":870,"height":600,"url":"https:\/\/www.macapflag.com\/blog\/wp-content\/uploads\/2024\/04\/journee-mondiale-PI-TITRE.jpg","type":"image\/jpeg"}],"author":"Blog Macap","twitter_card":"summary_large_image","twitter_misc":{"\u00c9crit par":"Blog Macap","Dur\u00e9e de lecture estim\u00e9e":"4 minutes"},"schema":{"@context":"https:\/\/schema.org","@graph":[{"@type":"Article","@id":"https:\/\/www.macapflag.com\/blog\/propriete-intellectuelle\/#article","isPartOf":{"@id":"https:\/\/www.macapflag.com\/blog\/propriete-intellectuelle\/"},"author":{"name":"Blog Macap","@id":"https:\/\/www.macapflag.com\/blog\/#\/schema\/person\/3fea701f2603875e651e6b662578fc3c"},"headline":"C\u2019est la journ\u00e9e mondiale de la protection intellectuelle","datePublished":"2025-04-26T06:04:57+00:00","mainEntityOfPage":{"@id":"https:\/\/www.macapflag.com\/blog\/propriete-intellectuelle\/"},"wordCount":841,"publisher":{"@id":"https:\/\/www.macapflag.com\/blog\/#organization"},"image":{"@id":"https:\/\/www.macapflag.com\/blog\/propriete-intellectuelle\/#primaryimage"},"thumbnailUrl":"https:\/\/www.macapflag.com\/blog\/wp-content\/uploads\/2024\/04\/journee-mondiale-PI-TITRE.jpg","articleSection":["Le monde de la Com'","News &amp; Actu"],"inLanguage":"fr-FR"},{"@type":"WebPage","@id":"https:\/\/www.macapflag.com\/blog\/propriete-intellectuelle\/","url":"https:\/\/www.macapflag.com\/blog\/propriete-intellectuelle\/","name":"C\u2019est la journ\u00e9e mondiale de la protection intellectuelle - Blog - Macap","isPartOf":{"@id":"https:\/\/www.macapflag.com\/blog\/#website"},"primaryImageOfPage":{"@id":"https:\/\/www.macapflag.com\/blog\/propriete-intellectuelle\/#primaryimage"},"image":{"@id":"https:\/\/www.macapflag.com\/blog\/propriete-intellectuelle\/#primaryimage"},"thumbnailUrl":"https:\/\/www.macapflag.com\/blog\/wp-content\/uploads\/2024\/04\/journee-mondiale-PI-TITRE.jpg","datePublished":"2025-04-26T06:04:57+00:00","description":"Chaque ann\u00e9e, le 26 avril, le monde entier c\u00e9l\u00e8bre la Journ\u00e9e Mondiale de la Protection Intellectuelle pour lutter contre la contrefa\u00e7on.","breadcrumb":{"@id":"https:\/\/www.macapflag.com\/blog\/propriete-intellectuelle\/#breadcrumb"},"inLanguage":"fr-FR","potentialAction":[{"@type":"ReadAction","target":["https:\/\/www.macapflag.com\/blog\/propriete-intellectuelle\/"]}]},{"@type":"ImageObject","inLanguage":"fr-FR","@id":"https:\/\/www.macapflag.com\/blog\/propriete-intellectuelle\/#primaryimage","url":"https:\/\/www.macapflag.com\/blog\/wp-content\/uploads\/2024\/04\/journee-mondiale-PI-TITRE.jpg","contentUrl":"https:\/\/www.macapflag.com\/blog\/wp-content\/uploads\/2024\/04\/journee-mondiale-PI-TITRE.jpg","width":870,"height":600,"caption":"26 avril, journ\u00e9e mondiale de la protection intellectuelle"},{"@type":"BreadcrumbList","@id":"https:\/\/www.macapflag.com\/blog\/propriete-intellectuelle\/#breadcrumb","itemListElement":[{"@type":"ListItem","position":1,"name":"Accueil","item":"https:\/\/www.macapflag.com\/blog\/"},{"@type":"ListItem","position":2,"name":"C\u2019est la journ\u00e9e mondiale de la protection intellectuelle"}]},{"@type":"WebSite","@id":"https:\/\/www.macapflag.com\/blog\/#website","url":"https:\/\/www.macapflag.com\/blog\/","name":"Blog - Macap","description":"Tous nos articles","publisher":{"@id":"https:\/\/www.macapflag.com\/blog\/#organization"},"potentialAction":[{"@type":"SearchAction","target":{"@type":"EntryPoint","urlTemplate":"https:\/\/www.macapflag.com\/blog\/?s={search_term_string}"},"query-input":{"@type":"PropertyValueSpecification","valueRequired":true,"valueName":"search_term_string"}}],"inLanguage":"fr-FR"},{"@type":"Organization","@id":"https:\/\/www.macapflag.com\/blog\/#organization","name":"macapflag","url":"https:\/\/www.macapflag.com\/blog\/","logo":{"@type":"ImageObject","inLanguage":"fr-FR","@id":"https:\/\/www.macapflag.com\/blog\/#\/schema\/logo\/image\/","url":"https:\/\/www.macapflag.com\/blog\/wp-content\/uploads\/2020\/12\/cropped-M-512-1.png","contentUrl":"https:\/\/www.macapflag.com\/blog\/wp-content\/uploads\/2020\/12\/cropped-M-512-1.png","width":512,"height":512,"caption":"macapflag"},"image":{"@id":"https:\/\/www.macapflag.com\/blog\/#\/schema\/logo\/image\/"},"sameAs":["https:\/\/www.facebook.com\/macap.pavoisement\/","https:\/\/www.instagram.com\/macapflag\/?hl=fr","https:\/\/www.linkedin.com\/company\/macap\/?originalSubdomain=fr","https:\/\/www.youtube.com\/channel\/UCXNzTIdZh9poEBjSXEqDtNw"]},{"@type":"Person","@id":"https:\/\/www.macapflag.com\/blog\/#\/schema\/person\/3fea701f2603875e651e6b662578fc3c","name":"Blog Macap","image":{"@type":"ImageObject","inLanguage":"fr-FR","@id":"https:\/\/www.macapflag.com\/blog\/#\/schema\/person\/image\/","url":"https:\/\/secure.gravatar.com\/avatar\/c12551f2dc51f0db049633b03e7856985477a70da834cc8967dea4ce54bdd6a2?s=96&d=mm&r=g","contentUrl":"https:\/\/secure.gravatar.com\/avatar\/c12551f2dc51f0db049633b03e7856985477a70da834cc8967dea4ce54bdd6a2?s=96&d=mm&r=g","caption":"Blog Macap"},"url":"https:\/\/www.macapflag.com\/blog\/author\/macap\/"}]}},"_links":{"self":[{"href":"https:\/\/www.macapflag.com\/blog\/wp-json\/wp\/v2\/posts\/16969","targetHints":{"allow":["GET"]}}],"collection":[{"href":"https:\/\/www.macapflag.com\/blog\/wp-json\/wp\/v2\/posts"}],"about":[{"href":"https:\/\/www.macapflag.com\/blog\/wp-json\/wp\/v2\/types\/post"}],"author":[{"embeddable":true,"href":"https:\/\/www.macapflag.com\/blog\/wp-json\/wp\/v2\/users\/2"}],"replies":[{"embeddable":true,"href":"https:\/\/www.macapflag.com\/blog\/wp-json\/wp\/v2\/comments?post=16969"}],"version-history":[{"count":14,"href":"https:\/\/www.macapflag.com\/blog\/wp-json\/wp\/v2\/posts\/16969\/revisions"}],"predecessor-version":[{"id":19601,"href":"https:\/\/www.macapflag.com\/blog\/wp-json\/wp\/v2\/posts\/16969\/revisions\/19601"}],"wp:featuredmedia":[{"embeddable":true,"href":"https:\/\/www.macapflag.com\/blog\/wp-json\/wp\/v2\/media\/16970"}],"wp:attachment":[{"href":"https:\/\/www.macapflag.com\/blog\/wp-json\/wp\/v2\/media?parent=16969"}],"wp:term":[{"taxonomy":"category","embeddable":true,"href":"https:\/\/www.macapflag.com\/blog\/wp-json\/wp\/v2\/categories?post=16969"},{"taxonomy":"post_tag","embeddable":true,"href":"https:\/\/www.macapflag.com\/blog\/wp-json\/wp\/v2\/tags?post=16969"}],"curies":[{"name":"wp","href":"https:\/\/api.w.org\/{rel}","templated":true}]}}