{"id":17093,"date":"2024-06-27T08:00:00","date_gmt":"2024-06-27T06:00:00","guid":{"rendered":"https:\/\/www.macapflag.com\/blog\/?p=17093"},"modified":"2024-04-29T10:05:48","modified_gmt":"2024-04-29T08:05:48","slug":"les-evenements-a-ne-pas-manquer-en-juillet-2024","status":"publish","type":"post","link":"https:\/\/www.macapflag.com\/blog\/les-evenements-a-ne-pas-manquer-en-juillet-2024\/","title":{"rendered":"Les \u00e9v\u00e8nements \u00e0 ne pas manquer en juillet 2024"},"content":{"rendered":"\t\t<div data-elementor-type=\"wp-post\" data-elementor-id=\"17093\" class=\"elementor elementor-17093\">\n\t\t\t\t\t\t<section class=\"elementor-section elementor-top-section elementor-element elementor-element-49c7c25 elementor-section-boxed elementor-section-height-default elementor-section-height-default\" data-id=\"49c7c25\" data-element_type=\"section\">\n\t\t\t\t\t\t<div class=\"elementor-container elementor-column-gap-default\">\n\t\t\t\t\t<div class=\"elementor-column elementor-col-100 elementor-top-column elementor-element elementor-element-0fbbf7e\" data-id=\"0fbbf7e\" data-element_type=\"column\">\n\t\t\t<div class=\"elementor-widget-wrap elementor-element-populated\">\n\t\t\t\t\t\t<div class=\"elementor-element elementor-element-b97dafd elementor-widget elementor-widget-text-editor\" data-id=\"b97dafd\" data-element_type=\"widget\" data-widget_type=\"text-editor.default\">\n\t\t\t\t<div class=\"elementor-widget-container\">\n\t\t\t\t\t\t\t\t\t<p>Ce mois de juillet 2024 s&#8217;annonce comme un mois exceptionnel, riche en c\u00e9l\u00e9brations nationales, \u00e9v\u00e9nements culturels et comp\u00e9titions sportives de renomm\u00e9e mondiale. De la F\u00eate nationale fran\u00e7aise du 14 juillet aux Jeux Olympiques de Paris, en passant par une multitude de festivals de musique et de th\u00e9\u00e2tre, chaque \u00e9v\u00e9nement offre une occasion unique de promouvoir votre marque. <a href=\"https:\/\/www.macapflag.com\/\" target=\"_blank\" rel=\"noopener\"><span style=\"color: #3366ff;\"><strong>Macap<\/strong> <\/span><\/a>a s\u00e9lectionn\u00e9 pour vous quelques \u00e9v\u00e8nements majeurs qui se d\u00e9rouleront en juillet en France.<\/p><p>Vive l&#8217;\u00e9t\u00e9 !<\/p>\t\t\t\t\t\t\t\t<\/div>\n\t\t\t\t<\/div>\n\t\t\t\t\t<\/div>\n\t\t<\/div>\n\t\t\t\t\t<\/div>\n\t\t<\/section>\n\t\t\t\t<section class=\"elementor-section elementor-top-section elementor-element elementor-element-a2b6d3b elementor-section-boxed elementor-section-height-default elementor-section-height-default\" data-id=\"a2b6d3b\" data-element_type=\"section\">\n\t\t\t\t\t\t<div class=\"elementor-container elementor-column-gap-default\">\n\t\t\t\t\t<div class=\"elementor-column elementor-col-100 elementor-top-column elementor-element elementor-element-ef3a65c\" data-id=\"ef3a65c\" data-element_type=\"column\">\n\t\t\t<div class=\"elementor-widget-wrap elementor-element-populated\">\n\t\t\t\t\t\t<div class=\"elementor-element elementor-element-e6a7403 elementor-widget elementor-widget-spacer\" data-id=\"e6a7403\" data-element_type=\"widget\" data-widget_type=\"spacer.default\">\n\t\t\t\t<div class=\"elementor-widget-container\">\n\t\t\t\t\t\t\t<div class=\"elementor-spacer\">\n\t\t\t<div class=\"elementor-spacer-inner\"><\/div>\n\t\t<\/div>\n\t\t\t\t\t\t<\/div>\n\t\t\t\t<\/div>\n\t\t\t\t\t<\/div>\n\t\t<\/div>\n\t\t\t\t\t<\/div>\n\t\t<\/section>\n\t\t\t\t<section class=\"elementor-section elementor-top-section elementor-element elementor-element-effb571 elementor-section-boxed elementor-section-height-default elementor-section-height-default\" data-id=\"effb571\" data-element_type=\"section\">\n\t\t\t\t\t\t<div class=\"elementor-container elementor-column-gap-default\">\n\t\t\t\t\t<div class=\"elementor-column elementor-col-33 elementor-top-column elementor-element elementor-element-0241bea\" data-id=\"0241bea\" data-element_type=\"column\">\n\t\t\t<div class=\"elementor-widget-wrap elementor-element-populated\">\n\t\t\t\t\t\t<div class=\"elementor-element elementor-element-cbc88d5 elementor-widget elementor-widget-image\" data-id=\"cbc88d5\" data-element_type=\"widget\" data-widget_type=\"image.default\">\n\t\t\t\t<div class=\"elementor-widget-container\">\n\t\t\t\t\t\t\t\t\t\t\t\t\t\t\t<img decoding=\"async\" width=\"227\" height=\"189\" src=\"https:\/\/www.macapflag.com\/blog\/wp-content\/uploads\/2024\/01\/picto-fete.jpg\" class=\"attachment-large size-large wp-image-15541\" alt=\"Journ\u00e9es th\u00e9matiques et f\u00eates du mois\" \/>\t\t\t\t\t\t\t\t\t\t\t\t\t\t\t<\/div>\n\t\t\t\t<\/div>\n\t\t\t\t\t<\/div>\n\t\t<\/div>\n\t\t\t\t<div class=\"elementor-column elementor-col-66 elementor-top-column elementor-element elementor-element-aad8319\" data-id=\"aad8319\" data-element_type=\"column\">\n\t\t\t<div class=\"elementor-widget-wrap elementor-element-populated\">\n\t\t\t\t\t\t<div class=\"elementor-element elementor-element-6106fa0 elementor-widget elementor-widget-text-editor\" data-id=\"6106fa0\" data-element_type=\"widget\" data-widget_type=\"text-editor.default\">\n\t\t\t\t<div class=\"elementor-widget-container\">\n\t\t\t\t\t\t\t\t\t<h2>Les journ\u00e9es th\u00e9matiques et les f\u00eates en juillet 2024<\/h2>\t\t\t\t\t\t\t\t<\/div>\n\t\t\t\t<\/div>\n\t\t\t\t\t<\/div>\n\t\t<\/div>\n\t\t\t\t\t<\/div>\n\t\t<\/section>\n\t\t\t\t<section class=\"elementor-section elementor-top-section elementor-element elementor-element-8e6b783 elementor-section-boxed elementor-section-height-default elementor-section-height-default\" data-id=\"8e6b783\" data-element_type=\"section\">\n\t\t\t\t\t\t<div class=\"elementor-container elementor-column-gap-default\">\n\t\t\t\t\t<div class=\"elementor-column elementor-col-100 elementor-top-column elementor-element elementor-element-fab452d\" data-id=\"fab452d\" data-element_type=\"column\">\n\t\t\t<div class=\"elementor-widget-wrap elementor-element-populated\">\n\t\t\t\t\t\t<div class=\"elementor-element elementor-element-d1d89d1 elementor-widget elementor-widget-text-editor\" data-id=\"d1d89d1\" data-element_type=\"widget\" data-widget_type=\"text-editor.default\">\n\t\t\t\t<div class=\"elementor-widget-container\">\n\t\t\t\t\t\t\t\t\t<ul><li><strong>6 juillet : Journ\u00e9e mondiale du baiser<\/strong><br \/>Une journ\u00e9e de c\u00e9l\u00e9bration de l&#8217;acte du baiser dans diff\u00e9rentes cultures.<br \/><a href=\"https:\/\/www.journee-mondiale.com\/330\/journee-internationale-du-baiser.htm\" target=\"_blank\" rel=\"noopener\"><span style=\"color: #3366ff;\">Source: Journ\u00e9e mondiale<\/span><\/a><\/li><\/ul><ul><li><strong>11 juillet : Journ\u00e9e mondiale de la population<\/strong><br \/>Une journ\u00e9e de sensibilisation aux enjeux d\u00e9mographiques mondiaux<br \/><a href=\"https:\/\/www.un.org\/fr\/observances\/world-population-day\" target=\"_blank\" rel=\"noopener\"><span style=\"color: #3366ff;\">Source: Nations Unies<\/span><\/a><br \/><br \/><\/li><li><strong>14 juillet : F\u00eate nationale fran\u00e7aise<\/strong><br \/>Comm\u00e9moration de la prise de la Bastille en 1789<\/li><\/ul><ul><li><strong>17 juillet : Journ\u00e9e mondiale des \u00e9mojis<\/strong><br \/>Un clin d&#8217;\u0153il pour c\u00e9l\u00e9brer les \u00e9mojis dans la communication num\u00e9rique<br \/><br \/><\/li><li><strong>18 juillet : Journ\u00e9e internationale Nelson Mandela<\/strong><br \/>Hommage \u00e0 Nelson Mandela et \u00e0 son \u0153uvre.<br \/><a href=\"https:\/\/www.nelsonmandela.org\/\" target=\"_blank\" rel=\"noopener\"><span style=\"color: #3366ff;\">Source: Nelson Mendela Foundation<\/span><\/a><br \/><br \/><\/li><li><strong>28 juillet : Journ\u00e9e mondiale contre l&#8217;h\u00e9patite<\/strong><br \/>Sensibilisation aux maladies h\u00e9patiques.<br \/><a href=\"https:\/\/www.who.int\/fr\/campaigns\/world-hepatitis-day\" target=\"_blank\" rel=\"noopener\"><span style=\"color: #3366ff;\">Source: WHO World Health Organization<\/span><\/a><br \/><br \/><\/li><li><strong>30 juillet : Journ\u00e9e mondiale de l&#8217;amiti\u00e9<\/strong><br \/>C\u00e9l\u00e9bration de l&#8217;amiti\u00e9 entre les peuples, les pays et les cultures.<br \/><a href=\"https:\/\/www.un.org\/fr\/observances\/friendship-day\" target=\"_blank\" rel=\"noopener\"><span style=\"color: #3366ff;\">Source\u00a0: Nations Unies<\/span><\/a><\/li><\/ul>\t\t\t\t\t\t\t\t<\/div>\n\t\t\t\t<\/div>\n\t\t\t\t\t<\/div>\n\t\t<\/div>\n\t\t\t\t\t<\/div>\n\t\t<\/section>\n\t\t\t\t<section class=\"elementor-section elementor-top-section elementor-element elementor-element-a9dcf7a elementor-section-boxed elementor-section-height-default elementor-section-height-default\" data-id=\"a9dcf7a\" data-element_type=\"section\">\n\t\t\t\t\t\t<div class=\"elementor-container elementor-column-gap-default\">\n\t\t\t\t\t<div class=\"elementor-column elementor-col-100 elementor-top-column elementor-element elementor-element-1156dc1\" data-id=\"1156dc1\" data-element_type=\"column\">\n\t\t\t<div class=\"elementor-widget-wrap elementor-element-populated\">\n\t\t\t\t\t\t<div class=\"elementor-element elementor-element-e353557 elementor-widget elementor-widget-spacer\" data-id=\"e353557\" data-element_type=\"widget\" data-widget_type=\"spacer.default\">\n\t\t\t\t<div class=\"elementor-widget-container\">\n\t\t\t\t\t\t\t<div class=\"elementor-spacer\">\n\t\t\t<div class=\"elementor-spacer-inner\"><\/div>\n\t\t<\/div>\n\t\t\t\t\t\t<\/div>\n\t\t\t\t<\/div>\n\t\t\t\t\t<\/div>\n\t\t<\/div>\n\t\t\t\t\t<\/div>\n\t\t<\/section>\n\t\t\t\t<section class=\"elementor-section elementor-top-section elementor-element elementor-element-01efb4e elementor-section-boxed elementor-section-height-default elementor-section-height-default\" data-id=\"01efb4e\" data-element_type=\"section\">\n\t\t\t\t\t\t<div class=\"elementor-container elementor-column-gap-default\">\n\t\t\t\t\t<div class=\"elementor-column elementor-col-33 elementor-top-column elementor-element elementor-element-2289470\" data-id=\"2289470\" data-element_type=\"column\">\n\t\t\t<div class=\"elementor-widget-wrap elementor-element-populated\">\n\t\t\t\t\t\t<div class=\"elementor-element elementor-element-d064508 elementor-widget elementor-widget-image\" data-id=\"d064508\" data-element_type=\"widget\" data-widget_type=\"image.default\">\n\t\t\t\t<div class=\"elementor-widget-container\">\n\t\t\t\t\t\t\t\t\t\t\t\t\t\t\t<img decoding=\"async\" width=\"227\" height=\"189\" src=\"https:\/\/www.macapflag.com\/blog\/wp-content\/uploads\/2024\/01\/picto-sport.jpg\" class=\"attachment-large size-large wp-image-15559\" alt=\"Les \u00e9v\u00e9nements sportifs et comp\u00e9titions du mois\" \/>\t\t\t\t\t\t\t\t\t\t\t\t\t\t\t<\/div>\n\t\t\t\t<\/div>\n\t\t\t\t\t<\/div>\n\t\t<\/div>\n\t\t\t\t<div class=\"elementor-column elementor-col-66 elementor-top-column elementor-element elementor-element-c7d587a\" data-id=\"c7d587a\" data-element_type=\"column\">\n\t\t\t<div class=\"elementor-widget-wrap elementor-element-populated\">\n\t\t\t\t\t\t<div class=\"elementor-element elementor-element-8836aa3 elementor-widget elementor-widget-text-editor\" data-id=\"8836aa3\" data-element_type=\"widget\" data-widget_type=\"text-editor.default\">\n\t\t\t\t<div class=\"elementor-widget-container\">\n\t\t\t\t\t\t\t\t\t<h2>Les grands \u00e9v\u00e8nements sportifs et les comp\u00e9titions en juillet 2024<\/h2>\t\t\t\t\t\t\t\t<\/div>\n\t\t\t\t<\/div>\n\t\t\t\t\t<\/div>\n\t\t<\/div>\n\t\t\t\t\t<\/div>\n\t\t<\/section>\n\t\t\t\t<section class=\"elementor-section elementor-top-section elementor-element elementor-element-7fa6ea0 elementor-section-boxed elementor-section-height-default elementor-section-height-default\" data-id=\"7fa6ea0\" data-element_type=\"section\">\n\t\t\t\t\t\t<div class=\"elementor-container elementor-column-gap-default\">\n\t\t\t\t\t<div class=\"elementor-column elementor-col-100 elementor-top-column elementor-element elementor-element-7b3b5ff\" data-id=\"7b3b5ff\" data-element_type=\"column\">\n\t\t\t<div class=\"elementor-widget-wrap elementor-element-populated\">\n\t\t\t\t\t\t<div class=\"elementor-element elementor-element-ba38d6d elementor-widget elementor-widget-text-editor\" data-id=\"ba38d6d\" data-element_type=\"widget\" data-widget_type=\"text-editor.default\">\n\t\t\t\t<div class=\"elementor-widget-container\">\n\t\t\t\t\t\t\t\t\t<ul><li><strong>21 juillet : Derni\u00e8re \u00e9tape du Tour de France<\/strong><br \/>Finale de la c\u00e9l\u00e8bre course cycliste qui d\u00e9bute le 29 juin.<br \/><a href=\"https:\/\/www.letour.fr\/fr\/parcours-general\" target=\"_blank\" rel=\"noopener\"><span style=\"color: #3366ff;\">Source: Tour de France<\/span><\/a><br \/><br \/><\/li><li><strong>26 juillet &#8211; 11 ao\u00fbt : Jeux Olympiques Paris 2024<\/strong><br \/>Comp\u00e9tition sportive internationale.<br \/><a href=\"https:\/\/www.paris2024.org\/\" target=\"_blank\" rel=\"noopener\"><span style=\"color: #3366ff;\">Source: JO Paris 2024<\/span><\/a><br \/>Retrouvez tous nos articles sur l&#8217;\u00e9v\u00e8nement :<br \/><a href=\"https:\/\/www.macapflag.com\/blog\/jo-paris\/\" target=\"_blank\" rel=\"noopener\"><span style=\"color: #3366ff;\">. Histoire d\u2019une identit\u00e9 visuelle\u2026 Le logo des JO de Paris 2024<\/span><\/a><br \/><a href=\"https:\/\/www.macapflag.com\/blog\/jo-publicite-exterieure\/\"><span style=\"color: #3366ff;\">. Jeux Olympiques et Paralympiques de Paris 2024, des mesures sp\u00e9cifiques pr\u00e9vues en mati\u00e8re de publicit\u00e9 ext\u00e9rieure<\/span><\/a><\/li><\/ul>\t\t\t\t\t\t\t\t<\/div>\n\t\t\t\t<\/div>\n\t\t\t\t\t<\/div>\n\t\t<\/div>\n\t\t\t\t\t<\/div>\n\t\t<\/section>\n\t\t\t\t<section class=\"elementor-section elementor-top-section elementor-element elementor-element-d1a60e8 elementor-section-boxed elementor-section-height-default elementor-section-height-default\" data-id=\"d1a60e8\" data-element_type=\"section\">\n\t\t\t\t\t\t<div class=\"elementor-container elementor-column-gap-default\">\n\t\t\t\t\t<div class=\"elementor-column elementor-col-100 elementor-top-column elementor-element elementor-element-4116f16\" data-id=\"4116f16\" data-element_type=\"column\">\n\t\t\t<div class=\"elementor-widget-wrap elementor-element-populated\">\n\t\t\t\t\t\t<div class=\"elementor-element elementor-element-51e102a elementor-widget elementor-widget-spacer\" data-id=\"51e102a\" data-element_type=\"widget\" data-widget_type=\"spacer.default\">\n\t\t\t\t<div class=\"elementor-widget-container\">\n\t\t\t\t\t\t\t<div class=\"elementor-spacer\">\n\t\t\t<div class=\"elementor-spacer-inner\"><\/div>\n\t\t<\/div>\n\t\t\t\t\t\t<\/div>\n\t\t\t\t<\/div>\n\t\t\t\t\t<\/div>\n\t\t<\/div>\n\t\t\t\t\t<\/div>\n\t\t<\/section>\n\t\t\t\t<section class=\"elementor-section elementor-top-section elementor-element elementor-element-99c6a4b elementor-section-boxed elementor-section-height-default elementor-section-height-default\" data-id=\"99c6a4b\" data-element_type=\"section\">\n\t\t\t\t\t\t<div class=\"elementor-container elementor-column-gap-default\">\n\t\t\t\t\t<div class=\"elementor-column elementor-col-33 elementor-top-column elementor-element elementor-element-f96e6af\" data-id=\"f96e6af\" data-element_type=\"column\">\n\t\t\t<div class=\"elementor-widget-wrap elementor-element-populated\">\n\t\t\t\t\t\t<div class=\"elementor-element elementor-element-32a6aa0 elementor-widget elementor-widget-image\" data-id=\"32a6aa0\" data-element_type=\"widget\" data-widget_type=\"image.default\">\n\t\t\t\t<div class=\"elementor-widget-container\">\n\t\t\t\t\t\t\t\t\t\t\t\t\t\t\t<img decoding=\"async\" width=\"227\" height=\"189\" src=\"https:\/\/www.macapflag.com\/blog\/wp-content\/uploads\/2024\/01\/picto-musique.jpg\" class=\"attachment-large size-large wp-image-15577\" alt=\"Concerts et \u00e9v\u00e8nements musicaux du mois\" \/>\t\t\t\t\t\t\t\t\t\t\t\t\t\t\t<\/div>\n\t\t\t\t<\/div>\n\t\t\t\t\t<\/div>\n\t\t<\/div>\n\t\t\t\t<div class=\"elementor-column elementor-col-66 elementor-top-column elementor-element elementor-element-881b1f7\" data-id=\"881b1f7\" data-element_type=\"column\">\n\t\t\t<div class=\"elementor-widget-wrap elementor-element-populated\">\n\t\t\t\t\t\t<div class=\"elementor-element elementor-element-4edc706 elementor-widget elementor-widget-text-editor\" data-id=\"4edc706\" data-element_type=\"widget\" data-widget_type=\"text-editor.default\">\n\t\t\t\t<div class=\"elementor-widget-container\">\n\t\t\t\t\t\t\t\t\t<h2>Les \u00e9v\u00e9nements culturels et festivals du mois de juillet 2024<\/h2>\t\t\t\t\t\t\t\t<\/div>\n\t\t\t\t<\/div>\n\t\t\t\t\t<\/div>\n\t\t<\/div>\n\t\t\t\t\t<\/div>\n\t\t<\/section>\n\t\t\t\t<section class=\"elementor-section elementor-top-section elementor-element elementor-element-a697156 elementor-section-boxed elementor-section-height-default elementor-section-height-default\" data-id=\"a697156\" data-element_type=\"section\">\n\t\t\t\t\t\t<div class=\"elementor-container elementor-column-gap-default\">\n\t\t\t\t\t<div class=\"elementor-column elementor-col-100 elementor-top-column elementor-element elementor-element-c96fe8f\" data-id=\"c96fe8f\" data-element_type=\"column\">\n\t\t\t<div class=\"elementor-widget-wrap elementor-element-populated\">\n\t\t\t\t\t\t<div class=\"elementor-element elementor-element-3a33a8a elementor-widget elementor-widget-text-editor\" data-id=\"3a33a8a\" data-element_type=\"widget\" data-widget_type=\"text-editor.default\">\n\t\t\t\t<div class=\"elementor-widget-container\">\n\t\t\t\t\t\t\t\t\t<ul><li><strong>3 &#8211; 21 juillet : Festival d&#8217;Avignon<\/strong><br \/>Festival de th\u00e9\u00e2tre et de spectacle vivant. <br \/><a href=\"https:\/\/www.festival-avignon.com\/\" target=\"_blank\" rel=\"noopener\"><span style=\"color: #3366ff;\">Source : Festival d&#8217;Avignon<\/span><\/a><br \/><br \/><\/li><li><strong>4 &#8211; 7 juillet : Eurock\u00e9ennes<\/strong>\u00a0<br \/>Festival de musique \u00e0 Belfort, France. <br \/><a href=\"https:\/\/www.eurockeennes.fr\/\" target=\"_blank\" rel=\"noopener\"><span style=\"color: #3366ff;\">Source : Les Eurock\u00e9ennes<\/span><\/a><br \/><br \/><\/li><li><strong>4 &#8211; 7 juillet : Main Square<\/strong><br \/><strong> Festival<\/strong> <br \/>Festival de musique \u00e0 Arras, France. <br \/>Source : <a href=\"https:\/\/www.mainsquarefestival.fr\/\" target=\"_blank\" rel=\"noopener\"><span style=\"color: #3366ff;\">Main Square Festival<\/span><\/a><br \/><br \/><\/li><li><strong>10 &#8211; 13 juillet : Le Barcar\u00e8s (Les D\u00e9ferlantes)<\/strong><br \/>Festival de musique.<br \/><a href=\"https:\/\/www.festival-lesdeferlantes.com\/\" target=\"_blank\" rel=\"noopener\"><span style=\"color: #3366ff;\">Source : Les D\u00e9ferlantes<\/span><\/a><br \/><br \/><\/li><li><strong>10 &#8211; 14 juillet :<\/strong> <strong>Francofolies<\/strong> <br \/>Festival de musique francophone \u00e0 La Rochelle. <br \/><a href=\"https:\/\/www.francofolies.fr\/\" target=\"_blank\" rel=\"noopener\"><span style=\"color: #3366ff;\">Source : Francofolies<\/span><\/a><br \/><br \/><\/li><li><strong>10 &#8211; 31 juillet : Festival de Carcassonne<\/strong><br \/>Festival de musique et de th\u00e9\u00e2tre. <br \/><a href=\"https:\/\/www.festivaldecarcassonne.fr\/\" target=\"_blank\" rel=\"noopener\"><span style=\"color: #3366ff;\">Source : Festival de Carcassonne<\/span><\/a><br \/><br \/><\/li><li><strong>11 &#8211; 14 juillet : Japan Expo<\/strong><br \/>Salon sur la culture japonaise et les mangas. <br \/><a href=\"https:\/\/www.japan-expo-paris.com\/fr\/\" target=\"_blank\" rel=\"noopener\"><span style=\"color: #3366ff;\">Source : Japan Expo<\/span><\/a><\/li><\/ul><ul><li><strong>25 &#8211; 28 juillet : Comic Con de San Diego<\/strong><br \/>Convention sur les comics et la culture pop<br \/><span style=\"color: #3366ff;\"><a style=\"color: #3366ff;\" href=\"https:\/\/www.comic-con.org\/\" target=\"_blank\" rel=\"noopener\">Source :<\/a><a style=\"color: #3366ff;\" href=\"https:\/\/www.comic-con.org\/\"> Comic Con<\/a><\/span><\/li><\/ul>\t\t\t\t\t\t\t\t<\/div>\n\t\t\t\t<\/div>\n\t\t\t\t\t<\/div>\n\t\t<\/div>\n\t\t\t\t\t<\/div>\n\t\t<\/section>\n\t\t\t\t<section class=\"elementor-section elementor-top-section elementor-element elementor-element-847c527 elementor-section-boxed elementor-section-height-default elementor-section-height-default\" data-id=\"847c527\" data-element_type=\"section\">\n\t\t\t\t\t\t<div class=\"elementor-container elementor-column-gap-default\">\n\t\t\t\t\t<div class=\"elementor-column elementor-col-100 elementor-top-column elementor-element elementor-element-4ebf9d3\" data-id=\"4ebf9d3\" data-element_type=\"column\">\n\t\t\t<div class=\"elementor-widget-wrap elementor-element-populated\">\n\t\t\t\t\t\t<div class=\"elementor-element elementor-element-6226111 elementor-widget elementor-widget-spacer\" data-id=\"6226111\" data-element_type=\"widget\" data-widget_type=\"spacer.default\">\n\t\t\t\t<div class=\"elementor-widget-container\">\n\t\t\t\t\t\t\t<div class=\"elementor-spacer\">\n\t\t\t<div class=\"elementor-spacer-inner\"><\/div>\n\t\t<\/div>\n\t\t\t\t\t\t<\/div>\n\t\t\t\t<\/div>\n\t\t\t\t\t<\/div>\n\t\t<\/div>\n\t\t\t\t\t<\/div>\n\t\t<\/section>\n\t\t\t\t<section class=\"elementor-section elementor-top-section elementor-element elementor-element-1b68eee elementor-section-boxed elementor-section-height-default elementor-section-height-default\" data-id=\"1b68eee\" data-element_type=\"section\">\n\t\t\t\t\t\t<div class=\"elementor-container elementor-column-gap-default\">\n\t\t\t\t\t<div class=\"elementor-column elementor-col-33 elementor-top-column elementor-element elementor-element-450ae34\" data-id=\"450ae34\" data-element_type=\"column\">\n\t\t\t<div class=\"elementor-widget-wrap elementor-element-populated\">\n\t\t\t\t\t\t<div class=\"elementor-element elementor-element-444f67e elementor-widget elementor-widget-image\" data-id=\"444f67e\" data-element_type=\"widget\" data-widget_type=\"image.default\">\n\t\t\t\t<div class=\"elementor-widget-container\">\n\t\t\t\t\t\t\t\t\t\t\t\t\t\t\t<img loading=\"lazy\" decoding=\"async\" width=\"227\" height=\"189\" src=\"https:\/\/www.macapflag.com\/blog\/wp-content\/uploads\/2024\/01\/picto-cinema-1.jpg\" class=\"attachment-large size-large wp-image-15581\" alt=\"A l&#039;affiche au cin\u00e9ma ce mois\" \/>\t\t\t\t\t\t\t\t\t\t\t\t\t\t\t<\/div>\n\t\t\t\t<\/div>\n\t\t\t\t\t<\/div>\n\t\t<\/div>\n\t\t\t\t<div class=\"elementor-column elementor-col-66 elementor-top-column elementor-element elementor-element-5bde67a\" data-id=\"5bde67a\" data-element_type=\"column\">\n\t\t\t<div class=\"elementor-widget-wrap elementor-element-populated\">\n\t\t\t\t\t\t<div class=\"elementor-element elementor-element-0ac1f78 elementor-widget elementor-widget-text-editor\" data-id=\"0ac1f78\" data-element_type=\"widget\" data-widget_type=\"text-editor.default\">\n\t\t\t\t<div class=\"elementor-widget-container\">\n\t\t\t\t\t\t\t\t\t<h2>\u00c0 l\u2019affiche au cin\u00e9ma en juillet 2024<\/h2>\t\t\t\t\t\t\t\t<\/div>\n\t\t\t\t<\/div>\n\t\t\t\t\t<\/div>\n\t\t<\/div>\n\t\t\t\t\t<\/div>\n\t\t<\/section>\n\t\t\t\t<section class=\"elementor-section elementor-top-section elementor-element elementor-element-2c5d553 elementor-section-boxed elementor-section-height-default elementor-section-height-default\" data-id=\"2c5d553\" data-element_type=\"section\">\n\t\t\t\t\t\t<div class=\"elementor-container elementor-column-gap-default\">\n\t\t\t\t\t<div class=\"elementor-column elementor-col-100 elementor-top-column elementor-element elementor-element-5efb6ab\" data-id=\"5efb6ab\" data-element_type=\"column\">\n\t\t\t<div class=\"elementor-widget-wrap elementor-element-populated\">\n\t\t\t\t\t\t<div class=\"elementor-element elementor-element-9c2875d elementor-widget elementor-widget-text-editor\" data-id=\"9c2875d\" data-element_type=\"widget\" data-widget_type=\"text-editor.default\">\n\t\t\t\t<div class=\"elementor-widget-container\">\n\t\t\t\t\t\t\t\t\t<ul><li><strong>3 juillet : Moi, moche et m\u00e9chant<\/strong><br \/>Sortie du film d&#8217;animation<br \/><br \/><\/li><li><strong>17 juillet : Twisters<\/strong><br \/>Sortie du film<\/li><\/ul>\t\t\t\t\t\t\t\t<\/div>\n\t\t\t\t<\/div>\n\t\t\t\t\t<\/div>\n\t\t<\/div>\n\t\t\t\t\t<\/div>\n\t\t<\/section>\n\t\t\t\t<section class=\"elementor-section elementor-top-section elementor-element elementor-element-246c319 elementor-section-boxed elementor-section-height-default elementor-section-height-default\" data-id=\"246c319\" data-element_type=\"section\">\n\t\t\t\t\t\t<div class=\"elementor-container elementor-column-gap-default\">\n\t\t\t\t\t<div class=\"elementor-column elementor-col-100 elementor-top-column elementor-element elementor-element-567bd51\" data-id=\"567bd51\" data-element_type=\"column\">\n\t\t\t<div class=\"elementor-widget-wrap elementor-element-populated\">\n\t\t\t\t\t\t<div class=\"elementor-element elementor-element-28b9e4e elementor-widget elementor-widget-spacer\" data-id=\"28b9e4e\" data-element_type=\"widget\" data-widget_type=\"spacer.default\">\n\t\t\t\t<div class=\"elementor-widget-container\">\n\t\t\t\t\t\t\t<div class=\"elementor-spacer\">\n\t\t\t<div class=\"elementor-spacer-inner\"><\/div>\n\t\t<\/div>\n\t\t\t\t\t\t<\/div>\n\t\t\t\t<\/div>\n\t\t\t\t\t<\/div>\n\t\t<\/div>\n\t\t\t\t\t<\/div>\n\t\t<\/section>\n\t\t\t\t<section class=\"elementor-section elementor-top-section elementor-element elementor-element-e49d887 elementor-section-boxed elementor-section-height-default elementor-section-height-default\" data-id=\"e49d887\" data-element_type=\"section\">\n\t\t\t\t\t\t<div class=\"elementor-container elementor-column-gap-default\">\n\t\t\t\t\t<div class=\"elementor-column elementor-col-33 elementor-top-column elementor-element elementor-element-7c5890f\" data-id=\"7c5890f\" data-element_type=\"column\">\n\t\t\t<div class=\"elementor-widget-wrap elementor-element-populated\">\n\t\t\t\t\t\t<div class=\"elementor-element elementor-element-310c51b elementor-widget elementor-widget-image\" data-id=\"310c51b\" data-element_type=\"widget\" data-widget_type=\"image.default\">\n\t\t\t\t<div class=\"elementor-widget-container\">\n\t\t\t\t\t\t\t\t\t\t\t\t\t\t\t<img loading=\"lazy\" decoding=\"async\" width=\"227\" height=\"189\" src=\"https:\/\/www.macapflag.com\/blog\/wp-content\/uploads\/2024\/01\/picto-dicton.jpg\" class=\"attachment-large size-large wp-image-15585\" alt=\"Un dicton pour le mois de f\u00e9vrier\" \/>\t\t\t\t\t\t\t\t\t\t\t\t\t\t\t<\/div>\n\t\t\t\t<\/div>\n\t\t\t\t\t<\/div>\n\t\t<\/div>\n\t\t\t\t<div class=\"elementor-column elementor-col-66 elementor-top-column elementor-element elementor-element-1023944\" data-id=\"1023944\" data-element_type=\"column\">\n\t\t\t<div class=\"elementor-widget-wrap elementor-element-populated\">\n\t\t\t\t\t\t<div class=\"elementor-element elementor-element-4637ac0 elementor-widget elementor-widget-text-editor\" data-id=\"4637ac0\" data-element_type=\"widget\" data-widget_type=\"text-editor.default\">\n\t\t\t\t<div class=\"elementor-widget-container\">\n\t\t\t\t\t\t\t\t\t<h2>Un dicton c\u00e9l\u00e8bre pour le mois de juillet ?<\/h2>\t\t\t\t\t\t\t\t<\/div>\n\t\t\t\t<\/div>\n\t\t\t\t\t<\/div>\n\t\t<\/div>\n\t\t\t\t\t<\/div>\n\t\t<\/section>\n\t\t\t\t<section class=\"elementor-section elementor-top-section elementor-element elementor-element-bc429ab elementor-section-boxed elementor-section-height-default elementor-section-height-default\" data-id=\"bc429ab\" data-element_type=\"section\">\n\t\t\t\t\t\t<div class=\"elementor-container elementor-column-gap-default\">\n\t\t\t\t\t<div class=\"elementor-column elementor-col-100 elementor-top-column elementor-element elementor-element-ec748a8\" data-id=\"ec748a8\" data-element_type=\"column\">\n\t\t\t<div class=\"elementor-widget-wrap elementor-element-populated\">\n\t\t\t\t\t\t<div class=\"elementor-element elementor-element-8e51a77 elementor-widget elementor-widget-text-editor\" data-id=\"8e51a77\" data-element_type=\"widget\" data-widget_type=\"text-editor.default\">\n\t\t\t\t<div class=\"elementor-widget-container\">\n\t\t\t\t\t\t\t\t\t<p>&#8220;Juillet sans orage, famine au village.&#8221;<\/p>\t\t\t\t\t\t\t\t<\/div>\n\t\t\t\t<\/div>\n\t\t\t\t\t<\/div>\n\t\t<\/div>\n\t\t\t\t\t<\/div>\n\t\t<\/section>\n\t\t\t\t<section class=\"elementor-section elementor-top-section elementor-element elementor-element-3d1bf8b elementor-section-boxed elementor-section-height-default elementor-section-height-default\" data-id=\"3d1bf8b\" data-element_type=\"section\">\n\t\t\t\t\t\t<div class=\"elementor-container elementor-column-gap-default\">\n\t\t\t\t\t<div class=\"elementor-column elementor-col-100 elementor-top-column elementor-element elementor-element-75698c2\" data-id=\"75698c2\" data-element_type=\"column\">\n\t\t\t<div class=\"elementor-widget-wrap elementor-element-populated\">\n\t\t\t\t\t\t<div class=\"elementor-element elementor-element-82598a2 elementor-widget elementor-widget-spacer\" data-id=\"82598a2\" data-element_type=\"widget\" data-widget_type=\"spacer.default\">\n\t\t\t\t<div class=\"elementor-widget-container\">\n\t\t\t\t\t\t\t<div class=\"elementor-spacer\">\n\t\t\t<div class=\"elementor-spacer-inner\"><\/div>\n\t\t<\/div>\n\t\t\t\t\t\t<\/div>\n\t\t\t\t<\/div>\n\t\t\t\t\t<\/div>\n\t\t<\/div>\n\t\t\t\t\t<\/div>\n\t\t<\/section>\n\t\t\t\t<section class=\"elementor-section elementor-top-section elementor-element elementor-element-aeb9876 elementor-section-boxed elementor-section-height-default elementor-section-height-default\" data-id=\"aeb9876\" data-element_type=\"section\">\n\t\t\t\t\t\t<div class=\"elementor-container elementor-column-gap-default\">\n\t\t\t\t\t<div class=\"elementor-column elementor-col-100 elementor-top-column elementor-element elementor-element-dbee642\" data-id=\"dbee642\" data-element_type=\"column\">\n\t\t\t<div class=\"elementor-widget-wrap elementor-element-populated\">\n\t\t\t\t\t\t<div class=\"elementor-element elementor-element-59eacb1 elementor-widget elementor-widget-text-editor\" data-id=\"59eacb1\" data-element_type=\"widget\" data-widget_type=\"text-editor.default\">\n\t\t\t\t<div class=\"elementor-widget-container\">\n\t\t\t\t\t\t\t\t\t<p>Pour booster la communication et la visibilit\u00e9 de vos \u00e9v\u00e8nements, Macap, fabricant fran\u00e7ais, vous accompagne gr\u00e2ce \u00e0 une large gamme de <a href=\"https:\/\/www.macapflag.com\/53-drapeau-personnalise\"><span style=\"color: #3366ff;\"><strong>drapeaux<\/strong><\/span><\/a>, <a href=\"https:\/\/www.macapflag.com\/41-beach-flag-oriflamme\"><strong><span style=\"color: #3366ff;\">oriflammes<\/span><\/strong><\/a> et <a href=\"https:\/\/www.macapflag.com\/366-mobilier-exterieur-personnalise\"><strong><span style=\"color: #3366ff;\">mobilier ext\u00e9rieur personnalis\u00e9<\/span><\/strong><\/a>\u00a0et autres supports 100\u2009% personnalisables.<\/p>\t\t\t\t\t\t\t\t<\/div>\n\t\t\t\t<\/div>\n\t\t\t\t\t<\/div>\n\t\t<\/div>\n\t\t\t\t\t<\/div>\n\t\t<\/section>\n\t\t\t\t<section class=\"elementor-section elementor-top-section elementor-element elementor-element-7493b0c elementor-section-boxed elementor-section-height-default elementor-section-height-default\" data-id=\"7493b0c\" data-element_type=\"section\">\n\t\t\t\t\t\t<div class=\"elementor-container elementor-column-gap-default\">\n\t\t\t\t\t<div class=\"elementor-column elementor-col-100 elementor-top-column elementor-element elementor-element-05a1f3c\" data-id=\"05a1f3c\" data-element_type=\"column\">\n\t\t\t<div class=\"elementor-widget-wrap elementor-element-populated\">\n\t\t\t\t\t\t<div class=\"elementor-element elementor-element-533f049 elementor-widget elementor-widget-image\" data-id=\"533f049\" data-element_type=\"widget\" data-widget_type=\"image.default\">\n\t\t\t\t<div class=\"elementor-widget-container\">\n\t\t\t\t\t\t\t\t\t\t\t\t\t\t\t\t<a href=\"https:\/\/www.macapflag.com\/\">\n\t\t\t\t\t\t\t<img loading=\"lazy\" decoding=\"async\" width=\"700\" height=\"320\" src=\"https:\/\/www.macapflag.com\/blog\/wp-content\/uploads\/2021\/04\/fabriquant-de-drapeaux-kakemonos-banderoles-beach-flags-oriflammes-macap.jpg\" class=\"attachment-large size-large wp-image-10133\" alt=\"Macap fabriquant de drapeaux kak\u00e9mono banderole beach flag oriflamme\" srcset=\"https:\/\/www.macapflag.com\/blog\/wp-content\/uploads\/2021\/04\/fabriquant-de-drapeaux-kakemonos-banderoles-beach-flags-oriflammes-macap.jpg 700w, https:\/\/www.macapflag.com\/blog\/wp-content\/uploads\/2021\/04\/fabriquant-de-drapeaux-kakemonos-banderoles-beach-flags-oriflammes-macap-300x137.jpg 300w\" sizes=\"(max-width: 700px) 100vw, 700px\" \/>\t\t\t\t\t\t\t\t<\/a>\n\t\t\t\t\t\t\t\t\t\t\t\t\t\t\t<\/div>\n\t\t\t\t<\/div>\n\t\t\t\t\t<\/div>\n\t\t<\/div>\n\t\t\t\t\t<\/div>\n\t\t<\/section>\n\t\t\t\t<\/div>\n\t\t","protected":false},"excerpt":{"rendered":"<div class=\"tmnf_excerpt\"><p>Ce mois de juillet 2024 s&#8217;annonce comme un mois exceptionnel, riche en c\u00e9l\u00e9brations nationales, \u00e9v\u00e9nements culturels et comp\u00e9titions sportives de renomm\u00e9e mondiale. De la F\u00eate nationale fran\u00e7aise du 14 juillet aux Jeux Olympiques de Paris, en passant par une multitude de festivals de musique et de th\u00e9\u00e2tre, chaque \u00e9v\u00e9nement offre une occasion unique de promouvoir &hellip;<\/p>\n<\/div>","protected":false},"author":2,"featured_media":17094,"comment_status":"closed","ping_status":"open","sticky":false,"template":"template-fullwidth.php","format":"standard","meta":{"footnotes":""},"categories":[93,92],"tags":[],"class_list":["post-17093","post","type-post","status-publish","format-standard","has-post-thumbnail","hentry","category-com","category-news"],"yoast_head":"<!-- This site is optimized with the Yoast SEO plugin v26.4 - https:\/\/yoast.com\/wordpress\/plugins\/seo\/ -->\n<title>Les \u00e9v\u00e8nements \u00e0 ne pas manquer en juillet 2024 - Blog - Macap<\/title>\n<meta name=\"description\" content=\"F\u00eates, journ\u00e9es \u00e0 th\u00e8mes, \u00e9v\u00e8nements sportifs et culturels, cin\u00e9ma, concert, salons professionnels. Les grands \u00e9v\u00e8nements du mois de juillet\" \/>\n<meta name=\"robots\" content=\"index, follow, max-snippet:-1, max-image-preview:large, max-video-preview:-1\" \/>\n<link rel=\"canonical\" href=\"https:\/\/www.macapflag.com\/blog\/les-evenements-a-ne-pas-manquer-en-juillet-2024\/\" \/>\n<meta property=\"og:locale\" content=\"fr_FR\" \/>\n<meta property=\"og:type\" content=\"article\" \/>\n<meta property=\"og:title\" content=\"Les \u00e9v\u00e8nements \u00e0 ne pas manquer en juillet 2024 - Blog - Macap\" \/>\n<meta property=\"og:description\" content=\"F\u00eates, journ\u00e9es \u00e0 th\u00e8mes, \u00e9v\u00e8nements sportifs et culturels, cin\u00e9ma, concert, salons professionnels. Les grands \u00e9v\u00e8nements du mois de juillet\" \/>\n<meta property=\"og:url\" content=\"https:\/\/www.macapflag.com\/blog\/les-evenements-a-ne-pas-manquer-en-juillet-2024\/\" \/>\n<meta property=\"og:site_name\" content=\"Blog - Macap\" \/>\n<meta property=\"article:publisher\" content=\"https:\/\/www.facebook.com\/macap.pavoisement\/\" \/>\n<meta property=\"article:published_time\" content=\"2024-06-27T06:00:00+00:00\" \/>\n<meta property=\"og:image\" content=\"https:\/\/www.macapflag.com\/blog\/wp-content\/uploads\/2024\/04\/mois-juillet-TITRE.jpg\" \/>\n\t<meta property=\"og:image:width\" content=\"870\" \/>\n\t<meta property=\"og:image:height\" content=\"600\" \/>\n\t<meta property=\"og:image:type\" content=\"image\/jpeg\" \/>\n<meta name=\"author\" content=\"Blog Macap\" \/>\n<meta name=\"twitter:card\" content=\"summary_large_image\" \/>\n<meta name=\"twitter:label1\" content=\"\u00c9crit par\" \/>\n\t<meta name=\"twitter:data1\" content=\"Blog Macap\" \/>\n\t<meta name=\"twitter:label2\" content=\"Dur\u00e9e de lecture estim\u00e9e\" \/>\n\t<meta name=\"twitter:data2\" content=\"4 minutes\" \/>\n<script type=\"application\/ld+json\" class=\"yoast-schema-graph\">{\"@context\":\"https:\/\/schema.org\",\"@graph\":[{\"@type\":\"Article\",\"@id\":\"https:\/\/www.macapflag.com\/blog\/les-evenements-a-ne-pas-manquer-en-juillet-2024\/#article\",\"isPartOf\":{\"@id\":\"https:\/\/www.macapflag.com\/blog\/les-evenements-a-ne-pas-manquer-en-juillet-2024\/\"},\"author\":{\"name\":\"Blog Macap\",\"@id\":\"https:\/\/www.macapflag.com\/blog\/#\/schema\/person\/3fea701f2603875e651e6b662578fc3c\"},\"headline\":\"Les \u00e9v\u00e8nements \u00e0 ne pas manquer en juillet 2024\",\"datePublished\":\"2024-06-27T06:00:00+00:00\",\"mainEntityOfPage\":{\"@id\":\"https:\/\/www.macapflag.com\/blog\/les-evenements-a-ne-pas-manquer-en-juillet-2024\/\"},\"wordCount\":527,\"publisher\":{\"@id\":\"https:\/\/www.macapflag.com\/blog\/#organization\"},\"image\":{\"@id\":\"https:\/\/www.macapflag.com\/blog\/les-evenements-a-ne-pas-manquer-en-juillet-2024\/#primaryimage\"},\"thumbnailUrl\":\"https:\/\/www.macapflag.com\/blog\/wp-content\/uploads\/2024\/04\/mois-juillet-TITRE.jpg\",\"articleSection\":[\"Le monde de la Com'\",\"News &amp; Actu\"],\"inLanguage\":\"fr-FR\"},{\"@type\":\"WebPage\",\"@id\":\"https:\/\/www.macapflag.com\/blog\/les-evenements-a-ne-pas-manquer-en-juillet-2024\/\",\"url\":\"https:\/\/www.macapflag.com\/blog\/les-evenements-a-ne-pas-manquer-en-juillet-2024\/\",\"name\":\"Les \u00e9v\u00e8nements \u00e0 ne pas manquer en juillet 2024 - Blog - Macap\",\"isPartOf\":{\"@id\":\"https:\/\/www.macapflag.com\/blog\/#website\"},\"primaryImageOfPage\":{\"@id\":\"https:\/\/www.macapflag.com\/blog\/les-evenements-a-ne-pas-manquer-en-juillet-2024\/#primaryimage\"},\"image\":{\"@id\":\"https:\/\/www.macapflag.com\/blog\/les-evenements-a-ne-pas-manquer-en-juillet-2024\/#primaryimage\"},\"thumbnailUrl\":\"https:\/\/www.macapflag.com\/blog\/wp-content\/uploads\/2024\/04\/mois-juillet-TITRE.jpg\",\"datePublished\":\"2024-06-27T06:00:00+00:00\",\"description\":\"F\u00eates, journ\u00e9es \u00e0 th\u00e8mes, \u00e9v\u00e8nements sportifs et culturels, cin\u00e9ma, concert, salons professionnels. Les grands \u00e9v\u00e8nements du mois de juillet\",\"breadcrumb\":{\"@id\":\"https:\/\/www.macapflag.com\/blog\/les-evenements-a-ne-pas-manquer-en-juillet-2024\/#breadcrumb\"},\"inLanguage\":\"fr-FR\",\"potentialAction\":[{\"@type\":\"ReadAction\",\"target\":[\"https:\/\/www.macapflag.com\/blog\/les-evenements-a-ne-pas-manquer-en-juillet-2024\/\"]}]},{\"@type\":\"ImageObject\",\"inLanguage\":\"fr-FR\",\"@id\":\"https:\/\/www.macapflag.com\/blog\/les-evenements-a-ne-pas-manquer-en-juillet-2024\/#primaryimage\",\"url\":\"https:\/\/www.macapflag.com\/blog\/wp-content\/uploads\/2024\/04\/mois-juillet-TITRE.jpg\",\"contentUrl\":\"https:\/\/www.macapflag.com\/blog\/wp-content\/uploads\/2024\/04\/mois-juillet-TITRE.jpg\",\"width\":870,\"height\":600,\"caption\":\"Grans \u00e9v\u00e8nements en France en juillet 2024\"},{\"@type\":\"BreadcrumbList\",\"@id\":\"https:\/\/www.macapflag.com\/blog\/les-evenements-a-ne-pas-manquer-en-juillet-2024\/#breadcrumb\",\"itemListElement\":[{\"@type\":\"ListItem\",\"position\":1,\"name\":\"Accueil\",\"item\":\"https:\/\/www.macapflag.com\/blog\/\"},{\"@type\":\"ListItem\",\"position\":2,\"name\":\"Les \u00e9v\u00e8nements \u00e0 ne pas manquer en juillet 2024\"}]},{\"@type\":\"WebSite\",\"@id\":\"https:\/\/www.macapflag.com\/blog\/#website\",\"url\":\"https:\/\/www.macapflag.com\/blog\/\",\"name\":\"Blog - Macap\",\"description\":\"Tous nos articles\",\"publisher\":{\"@id\":\"https:\/\/www.macapflag.com\/blog\/#organization\"},\"potentialAction\":[{\"@type\":\"SearchAction\",\"target\":{\"@type\":\"EntryPoint\",\"urlTemplate\":\"https:\/\/www.macapflag.com\/blog\/?s={search_term_string}\"},\"query-input\":{\"@type\":\"PropertyValueSpecification\",\"valueRequired\":true,\"valueName\":\"search_term_string\"}}],\"inLanguage\":\"fr-FR\"},{\"@type\":\"Organization\",\"@id\":\"https:\/\/www.macapflag.com\/blog\/#organization\",\"name\":\"macapflag\",\"url\":\"https:\/\/www.macapflag.com\/blog\/\",\"logo\":{\"@type\":\"ImageObject\",\"inLanguage\":\"fr-FR\",\"@id\":\"https:\/\/www.macapflag.com\/blog\/#\/schema\/logo\/image\/\",\"url\":\"https:\/\/www.macapflag.com\/blog\/wp-content\/uploads\/2020\/12\/cropped-M-512-1.png\",\"contentUrl\":\"https:\/\/www.macapflag.com\/blog\/wp-content\/uploads\/2020\/12\/cropped-M-512-1.png\",\"width\":512,\"height\":512,\"caption\":\"macapflag\"},\"image\":{\"@id\":\"https:\/\/www.macapflag.com\/blog\/#\/schema\/logo\/image\/\"},\"sameAs\":[\"https:\/\/www.facebook.com\/macap.pavoisement\/\",\"https:\/\/www.instagram.com\/macapflag\/?hl=fr\",\"https:\/\/www.linkedin.com\/company\/macap\/?originalSubdomain=fr\",\"https:\/\/www.youtube.com\/channel\/UCXNzTIdZh9poEBjSXEqDtNw\"]},{\"@type\":\"Person\",\"@id\":\"https:\/\/www.macapflag.com\/blog\/#\/schema\/person\/3fea701f2603875e651e6b662578fc3c\",\"name\":\"Blog Macap\",\"image\":{\"@type\":\"ImageObject\",\"inLanguage\":\"fr-FR\",\"@id\":\"https:\/\/www.macapflag.com\/blog\/#\/schema\/person\/image\/\",\"url\":\"https:\/\/secure.gravatar.com\/avatar\/c12551f2dc51f0db049633b03e7856985477a70da834cc8967dea4ce54bdd6a2?s=96&d=mm&r=g\",\"contentUrl\":\"https:\/\/secure.gravatar.com\/avatar\/c12551f2dc51f0db049633b03e7856985477a70da834cc8967dea4ce54bdd6a2?s=96&d=mm&r=g\",\"caption\":\"Blog Macap\"},\"url\":\"https:\/\/www.macapflag.com\/blog\/author\/macap\/\"}]}<\/script>\n<!-- \/ Yoast SEO plugin. -->","yoast_head_json":{"title":"Les \u00e9v\u00e8nements \u00e0 ne pas manquer en juillet 2024 - Blog - Macap","description":"F\u00eates, journ\u00e9es \u00e0 th\u00e8mes, \u00e9v\u00e8nements sportifs et culturels, cin\u00e9ma, concert, salons professionnels. Les grands \u00e9v\u00e8nements du mois de juillet","robots":{"index":"index","follow":"follow","max-snippet":"max-snippet:-1","max-image-preview":"max-image-preview:large","max-video-preview":"max-video-preview:-1"},"canonical":"https:\/\/www.macapflag.com\/blog\/les-evenements-a-ne-pas-manquer-en-juillet-2024\/","og_locale":"fr_FR","og_type":"article","og_title":"Les \u00e9v\u00e8nements \u00e0 ne pas manquer en juillet 2024 - Blog - Macap","og_description":"F\u00eates, journ\u00e9es \u00e0 th\u00e8mes, \u00e9v\u00e8nements sportifs et culturels, cin\u00e9ma, concert, salons professionnels. Les grands \u00e9v\u00e8nements du mois de juillet","og_url":"https:\/\/www.macapflag.com\/blog\/les-evenements-a-ne-pas-manquer-en-juillet-2024\/","og_site_name":"Blog - Macap","article_publisher":"https:\/\/www.facebook.com\/macap.pavoisement\/","article_published_time":"2024-06-27T06:00:00+00:00","og_image":[{"width":870,"height":600,"url":"https:\/\/www.macapflag.com\/blog\/wp-content\/uploads\/2024\/04\/mois-juillet-TITRE.jpg","type":"image\/jpeg"}],"author":"Blog Macap","twitter_card":"summary_large_image","twitter_misc":{"\u00c9crit par":"Blog Macap","Dur\u00e9e de lecture estim\u00e9e":"4 minutes"},"schema":{"@context":"https:\/\/schema.org","@graph":[{"@type":"Article","@id":"https:\/\/www.macapflag.com\/blog\/les-evenements-a-ne-pas-manquer-en-juillet-2024\/#article","isPartOf":{"@id":"https:\/\/www.macapflag.com\/blog\/les-evenements-a-ne-pas-manquer-en-juillet-2024\/"},"author":{"name":"Blog Macap","@id":"https:\/\/www.macapflag.com\/blog\/#\/schema\/person\/3fea701f2603875e651e6b662578fc3c"},"headline":"Les \u00e9v\u00e8nements \u00e0 ne pas manquer en juillet 2024","datePublished":"2024-06-27T06:00:00+00:00","mainEntityOfPage":{"@id":"https:\/\/www.macapflag.com\/blog\/les-evenements-a-ne-pas-manquer-en-juillet-2024\/"},"wordCount":527,"publisher":{"@id":"https:\/\/www.macapflag.com\/blog\/#organization"},"image":{"@id":"https:\/\/www.macapflag.com\/blog\/les-evenements-a-ne-pas-manquer-en-juillet-2024\/#primaryimage"},"thumbnailUrl":"https:\/\/www.macapflag.com\/blog\/wp-content\/uploads\/2024\/04\/mois-juillet-TITRE.jpg","articleSection":["Le monde de la Com'","News &amp; Actu"],"inLanguage":"fr-FR"},{"@type":"WebPage","@id":"https:\/\/www.macapflag.com\/blog\/les-evenements-a-ne-pas-manquer-en-juillet-2024\/","url":"https:\/\/www.macapflag.com\/blog\/les-evenements-a-ne-pas-manquer-en-juillet-2024\/","name":"Les \u00e9v\u00e8nements \u00e0 ne pas manquer en juillet 2024 - Blog - Macap","isPartOf":{"@id":"https:\/\/www.macapflag.com\/blog\/#website"},"primaryImageOfPage":{"@id":"https:\/\/www.macapflag.com\/blog\/les-evenements-a-ne-pas-manquer-en-juillet-2024\/#primaryimage"},"image":{"@id":"https:\/\/www.macapflag.com\/blog\/les-evenements-a-ne-pas-manquer-en-juillet-2024\/#primaryimage"},"thumbnailUrl":"https:\/\/www.macapflag.com\/blog\/wp-content\/uploads\/2024\/04\/mois-juillet-TITRE.jpg","datePublished":"2024-06-27T06:00:00+00:00","description":"F\u00eates, journ\u00e9es \u00e0 th\u00e8mes, \u00e9v\u00e8nements sportifs et culturels, cin\u00e9ma, concert, salons professionnels. Les grands \u00e9v\u00e8nements du mois de juillet","breadcrumb":{"@id":"https:\/\/www.macapflag.com\/blog\/les-evenements-a-ne-pas-manquer-en-juillet-2024\/#breadcrumb"},"inLanguage":"fr-FR","potentialAction":[{"@type":"ReadAction","target":["https:\/\/www.macapflag.com\/blog\/les-evenements-a-ne-pas-manquer-en-juillet-2024\/"]}]},{"@type":"ImageObject","inLanguage":"fr-FR","@id":"https:\/\/www.macapflag.com\/blog\/les-evenements-a-ne-pas-manquer-en-juillet-2024\/#primaryimage","url":"https:\/\/www.macapflag.com\/blog\/wp-content\/uploads\/2024\/04\/mois-juillet-TITRE.jpg","contentUrl":"https:\/\/www.macapflag.com\/blog\/wp-content\/uploads\/2024\/04\/mois-juillet-TITRE.jpg","width":870,"height":600,"caption":"Grans \u00e9v\u00e8nements en France en juillet 2024"},{"@type":"BreadcrumbList","@id":"https:\/\/www.macapflag.com\/blog\/les-evenements-a-ne-pas-manquer-en-juillet-2024\/#breadcrumb","itemListElement":[{"@type":"ListItem","position":1,"name":"Accueil","item":"https:\/\/www.macapflag.com\/blog\/"},{"@type":"ListItem","position":2,"name":"Les \u00e9v\u00e8nements \u00e0 ne pas manquer en juillet 2024"}]},{"@type":"WebSite","@id":"https:\/\/www.macapflag.com\/blog\/#website","url":"https:\/\/www.macapflag.com\/blog\/","name":"Blog - Macap","description":"Tous nos articles","publisher":{"@id":"https:\/\/www.macapflag.com\/blog\/#organization"},"potentialAction":[{"@type":"SearchAction","target":{"@type":"EntryPoint","urlTemplate":"https:\/\/www.macapflag.com\/blog\/?s={search_term_string}"},"query-input":{"@type":"PropertyValueSpecification","valueRequired":true,"valueName":"search_term_string"}}],"inLanguage":"fr-FR"},{"@type":"Organization","@id":"https:\/\/www.macapflag.com\/blog\/#organization","name":"macapflag","url":"https:\/\/www.macapflag.com\/blog\/","logo":{"@type":"ImageObject","inLanguage":"fr-FR","@id":"https:\/\/www.macapflag.com\/blog\/#\/schema\/logo\/image\/","url":"https:\/\/www.macapflag.com\/blog\/wp-content\/uploads\/2020\/12\/cropped-M-512-1.png","contentUrl":"https:\/\/www.macapflag.com\/blog\/wp-content\/uploads\/2020\/12\/cropped-M-512-1.png","width":512,"height":512,"caption":"macapflag"},"image":{"@id":"https:\/\/www.macapflag.com\/blog\/#\/schema\/logo\/image\/"},"sameAs":["https:\/\/www.facebook.com\/macap.pavoisement\/","https:\/\/www.instagram.com\/macapflag\/?hl=fr","https:\/\/www.linkedin.com\/company\/macap\/?originalSubdomain=fr","https:\/\/www.youtube.com\/channel\/UCXNzTIdZh9poEBjSXEqDtNw"]},{"@type":"Person","@id":"https:\/\/www.macapflag.com\/blog\/#\/schema\/person\/3fea701f2603875e651e6b662578fc3c","name":"Blog Macap","image":{"@type":"ImageObject","inLanguage":"fr-FR","@id":"https:\/\/www.macapflag.com\/blog\/#\/schema\/person\/image\/","url":"https:\/\/secure.gravatar.com\/avatar\/c12551f2dc51f0db049633b03e7856985477a70da834cc8967dea4ce54bdd6a2?s=96&d=mm&r=g","contentUrl":"https:\/\/secure.gravatar.com\/avatar\/c12551f2dc51f0db049633b03e7856985477a70da834cc8967dea4ce54bdd6a2?s=96&d=mm&r=g","caption":"Blog Macap"},"url":"https:\/\/www.macapflag.com\/blog\/author\/macap\/"}]}},"_links":{"self":[{"href":"https:\/\/www.macapflag.com\/blog\/wp-json\/wp\/v2\/posts\/17093","targetHints":{"allow":["GET"]}}],"collection":[{"href":"https:\/\/www.macapflag.com\/blog\/wp-json\/wp\/v2\/posts"}],"about":[{"href":"https:\/\/www.macapflag.com\/blog\/wp-json\/wp\/v2\/types\/post"}],"author":[{"embeddable":true,"href":"https:\/\/www.macapflag.com\/blog\/wp-json\/wp\/v2\/users\/2"}],"replies":[{"embeddable":true,"href":"https:\/\/www.macapflag.com\/blog\/wp-json\/wp\/v2\/comments?post=17093"}],"version-history":[{"count":31,"href":"https:\/\/www.macapflag.com\/blog\/wp-json\/wp\/v2\/posts\/17093\/revisions"}],"predecessor-version":[{"id":17151,"href":"https:\/\/www.macapflag.com\/blog\/wp-json\/wp\/v2\/posts\/17093\/revisions\/17151"}],"wp:featuredmedia":[{"embeddable":true,"href":"https:\/\/www.macapflag.com\/blog\/wp-json\/wp\/v2\/media\/17094"}],"wp:attachment":[{"href":"https:\/\/www.macapflag.com\/blog\/wp-json\/wp\/v2\/media?parent=17093"}],"wp:term":[{"taxonomy":"category","embeddable":true,"href":"https:\/\/www.macapflag.com\/blog\/wp-json\/wp\/v2\/categories?post=17093"},{"taxonomy":"post_tag","embeddable":true,"href":"https:\/\/www.macapflag.com\/blog\/wp-json\/wp\/v2\/tags?post=17093"}],"curies":[{"name":"wp","href":"https:\/\/api.w.org\/{rel}","templated":true}]}}