{"id":17479,"date":"2025-07-08T08:16:02","date_gmt":"2025-07-08T06:16:02","guid":{"rendered":"https:\/\/www.macapflag.com\/blog\/?p=17479"},"modified":"2025-07-08T08:16:02","modified_gmt":"2025-07-08T06:16:02","slug":"le-drapeau-dans-la-sculpture","status":"publish","type":"post","link":"https:\/\/www.macapflag.com\/blog\/le-drapeau-dans-la-sculpture\/","title":{"rendered":"Le drapeau dans la sculpture, un symbole qui s\u2019inscrit dans le temps"},"content":{"rendered":"\t\t<div data-elementor-type=\"wp-post\" data-elementor-id=\"17479\" class=\"elementor elementor-17479\">\n\t\t\t\t\t\t<section class=\"elementor-section elementor-top-section elementor-element elementor-element-da51039 elementor-section-boxed elementor-section-height-default elementor-section-height-default\" data-id=\"da51039\" data-element_type=\"section\">\n\t\t\t\t\t\t<div class=\"elementor-container elementor-column-gap-default\">\n\t\t\t\t\t<div class=\"elementor-column elementor-col-100 elementor-top-column elementor-element elementor-element-06f4e26\" data-id=\"06f4e26\" data-element_type=\"column\">\n\t\t\t<div class=\"elementor-widget-wrap elementor-element-populated\">\n\t\t\t\t\t\t<div class=\"elementor-element elementor-element-26b04da elementor-widget elementor-widget-text-editor\" data-id=\"26b04da\" data-element_type=\"widget\" data-widget_type=\"text-editor.default\">\n\t\t\t\t<div class=\"elementor-widget-container\">\n\t\t\t\t\t\t\t\t\t<p>Sur notre parcours du drapeau dans l&#8217;art, apr\u00e8s <a href=\"https:\/\/www.macapflag.com\/blog\/haute-couture-cinq-createurs-celebres-qui-ont-transforme-le-drapeau-en-piece-de-mode\/\" target=\"_blank\" rel=\"noopener\"><span style=\"color: #3366ff;\"><strong>le drapeau et la haute couture<\/strong><\/span><\/a>, <a href=\"https:\/\/www.macapflag.com\/blog\/drapeau-peinture\/\" target=\"_blank\" rel=\"noopener\"><strong><span style=\"color: #3366ff;\">le drapeau et la peinture<\/span><\/strong><\/a>, <a href=\"https:\/\/www.macapflag.com\/blog\/chanson\/\" target=\"_blank\" rel=\"noopener\"><strong><span style=\"color: #3366ff;\">le drapeau dans la chanson<\/span><\/strong><\/a>, aujourd&#8217;hui, nous parlons sculpture.<\/p>\n<p>Cet art a le pouvoir de capturer et de cristalliser des moments, des id\u00e9es et des symboles. Parmi ces symboles, le drapeau occupe une place particuli\u00e8re. Souvent sculpt\u00e9 dans la mati\u00e8re, le drapeau peut \u00e9galement \u00eatre pens\u00e9 par l\u2019artiste comme un \u00e9l\u00e9ment compl\u00e9mentaire de l\u2019\u0153uvre. Certaines sculptures sont ainsi con\u00e7ues pour porter un drapeau dans sa version la plus traditionnelle, c&#8217;est-\u00e0-dire en tissu.<br \/>Le drapeau repr\u00e9sente parfois des id\u00e9aux, des nations ou des histoires. Tout comme nous l\u2019avons fait dans le monde de la litt\u00e9rature, de la peinture ou de la chanson, explorons comment diff\u00e9rents sculpteurs ont choisi le drapeau pour donner forme \u00e0 des id\u00e9es et des sentiments.<br \/>En route pour une balade non exhaustive autour du monde des sculptures \u00e0 drapeaux.<\/p>\t\t\t\t\t\t\t\t<\/div>\n\t\t\t\t<\/div>\n\t\t\t\t\t<\/div>\n\t\t<\/div>\n\t\t\t\t\t<\/div>\n\t\t<\/section>\n\t\t\t\t<section class=\"elementor-section elementor-top-section elementor-element elementor-element-a0881b7 elementor-section-boxed elementor-section-height-default elementor-section-height-default\" data-id=\"a0881b7\" data-element_type=\"section\">\n\t\t\t\t\t\t<div class=\"elementor-container elementor-column-gap-default\">\n\t\t\t\t\t<div class=\"elementor-column elementor-col-100 elementor-top-column elementor-element elementor-element-a2adc49\" data-id=\"a2adc49\" data-element_type=\"column\">\n\t\t\t<div class=\"elementor-widget-wrap elementor-element-populated\">\n\t\t\t\t\t\t<div class=\"elementor-element elementor-element-bbb9d10 elementor-widget elementor-widget-text-editor\" data-id=\"bbb9d10\" data-element_type=\"widget\" data-widget_type=\"text-editor.default\">\n\t\t\t\t<div class=\"elementor-widget-container\">\n\t\t\t\t\t\t\t\t\t<h2>\u00c0 Paris en France, &#8220;La Marseillaise&#8221; par Fran\u00e7ois Rude (1833-1836).<\/h2>\t\t\t\t\t\t\t\t<\/div>\n\t\t\t\t<\/div>\n\t\t\t\t\t<\/div>\n\t\t<\/div>\n\t\t\t\t\t<\/div>\n\t\t<\/section>\n\t\t\t\t<section class=\"elementor-section elementor-top-section elementor-element elementor-element-26c5539 elementor-section-boxed elementor-section-height-default elementor-section-height-default\" data-id=\"26c5539\" data-element_type=\"section\">\n\t\t\t\t\t\t<div class=\"elementor-container elementor-column-gap-default\">\n\t\t\t\t\t<div class=\"elementor-column elementor-col-100 elementor-top-column elementor-element elementor-element-cbe2da5\" data-id=\"cbe2da5\" data-element_type=\"column\">\n\t\t\t<div class=\"elementor-widget-wrap elementor-element-populated\">\n\t\t\t\t\t\t<div class=\"elementor-element elementor-element-2664618 elementor-widget elementor-widget-image\" data-id=\"2664618\" data-element_type=\"widget\" data-widget_type=\"image.default\">\n\t\t\t\t<div class=\"elementor-widget-container\">\n\t\t\t\t\t\t\t\t\t\t\t\t\t\t\t<img fetchpriority=\"high\" decoding=\"async\" width=\"534\" height=\"700\" src=\"https:\/\/www.macapflag.com\/blog\/wp-content\/uploads\/2024\/05\/drapeau-sculpture-1.jpg\" class=\"attachment-large size-large wp-image-17483\" alt=\"La Marseillaise Fran\u00e7ois Rude\" srcset=\"https:\/\/www.macapflag.com\/blog\/wp-content\/uploads\/2024\/05\/drapeau-sculpture-1.jpg 534w, https:\/\/www.macapflag.com\/blog\/wp-content\/uploads\/2024\/05\/drapeau-sculpture-1-229x300.jpg 229w\" sizes=\"(max-width: 534px) 100vw, 534px\" \/>\t\t\t\t\t\t\t\t\t\t\t\t\t\t\t<\/div>\n\t\t\t\t<\/div>\n\t\t\t\t\t<\/div>\n\t\t<\/div>\n\t\t\t\t\t<\/div>\n\t\t<\/section>\n\t\t\t\t<section class=\"elementor-section elementor-top-section elementor-element elementor-element-4d7eaba elementor-section-boxed elementor-section-height-default elementor-section-height-default\" data-id=\"4d7eaba\" data-element_type=\"section\">\n\t\t\t\t\t\t<div class=\"elementor-container elementor-column-gap-default\">\n\t\t\t\t\t<div class=\"elementor-column elementor-col-100 elementor-top-column elementor-element elementor-element-4ecc5a9\" data-id=\"4ecc5a9\" data-element_type=\"column\">\n\t\t\t<div class=\"elementor-widget-wrap elementor-element-populated\">\n\t\t\t\t\t\t<div class=\"elementor-element elementor-element-44d6925 elementor-widget elementor-widget-text-editor\" data-id=\"44d6925\" data-element_type=\"widget\" data-widget_type=\"text-editor.default\">\n\t\t\t\t<div class=\"elementor-widget-container\">\n\t\t\t\t\t\t\t\t\t<p>Cette \u0153uvre appartient au haut-relief du \u201cD\u00e9part des volontaires de 1792\u201d. Sculpt\u00e9e par Fran\u00e7ois Rude entre 1833 et 1836 sur la fa\u00e7ade est du pied-droit nord de l&#8217;arc de triomphe de l&#8217;\u00c9toile, elle s\u2019est impos\u00e9e comme un symbole fort de la France r\u00e9publicaine. Cette sculpture dynamique repr\u00e9sente la figure de la Libert\u00e9 menant le peuple fran\u00e7ais, avec des drapeaux en mouvement qui incarnent l&#8217;esprit r\u00e9volutionnaire de l&#8217;\u00e9poque.<\/p>\t\t\t\t\t\t\t\t<\/div>\n\t\t\t\t<\/div>\n\t\t\t\t\t<\/div>\n\t\t<\/div>\n\t\t\t\t\t<\/div>\n\t\t<\/section>\n\t\t\t\t<section class=\"elementor-section elementor-top-section elementor-element elementor-element-aee0698 elementor-section-boxed elementor-section-height-default elementor-section-height-default\" data-id=\"aee0698\" data-element_type=\"section\">\n\t\t\t\t\t\t<div class=\"elementor-container elementor-column-gap-default\">\n\t\t\t\t\t<div class=\"elementor-column elementor-col-100 elementor-top-column elementor-element elementor-element-f823ea4\" data-id=\"f823ea4\" data-element_type=\"column\">\n\t\t\t<div class=\"elementor-widget-wrap elementor-element-populated\">\n\t\t\t\t\t\t<div class=\"elementor-element elementor-element-2ddd847 elementor-widget elementor-widget-text-editor\" data-id=\"2ddd847\" data-element_type=\"widget\" data-widget_type=\"text-editor.default\">\n\t\t\t\t<div class=\"elementor-widget-container\">\n\t\t\t\t\t\t\t\t\t<h2>\u00c0 Arlington en Virginie (USA), &#8220;Iwo Jima Memorial&#8221; par Felix de Weldon (1954).<\/h2>\t\t\t\t\t\t\t\t<\/div>\n\t\t\t\t<\/div>\n\t\t\t\t\t<\/div>\n\t\t<\/div>\n\t\t\t\t\t<\/div>\n\t\t<\/section>\n\t\t\t\t<section class=\"elementor-section elementor-top-section elementor-element elementor-element-21985a2 elementor-section-boxed elementor-section-height-default elementor-section-height-default\" data-id=\"21985a2\" data-element_type=\"section\">\n\t\t\t\t\t\t<div class=\"elementor-container elementor-column-gap-default\">\n\t\t\t\t\t<div class=\"elementor-column elementor-col-100 elementor-top-column elementor-element elementor-element-630ed7f\" data-id=\"630ed7f\" data-element_type=\"column\">\n\t\t\t<div class=\"elementor-widget-wrap elementor-element-populated\">\n\t\t\t\t\t\t<div class=\"elementor-element elementor-element-907304a elementor-widget elementor-widget-image\" data-id=\"907304a\" data-element_type=\"widget\" data-widget_type=\"image.default\">\n\t\t\t\t<div class=\"elementor-widget-container\">\n\t\t\t\t\t\t\t\t\t\t\t\t\t\t\t<img decoding=\"async\" width=\"534\" height=\"700\" src=\"https:\/\/www.macapflag.com\/blog\/wp-content\/uploads\/2024\/05\/drapeau-sculpture-2.jpg\" class=\"attachment-large size-large wp-image-17484\" alt=\"Iwo Jima Memorial\" srcset=\"https:\/\/www.macapflag.com\/blog\/wp-content\/uploads\/2024\/05\/drapeau-sculpture-2.jpg 534w, https:\/\/www.macapflag.com\/blog\/wp-content\/uploads\/2024\/05\/drapeau-sculpture-2-229x300.jpg 229w\" sizes=\"(max-width: 534px) 100vw, 534px\" \/>\t\t\t\t\t\t\t\t\t\t\t\t\t\t\t<\/div>\n\t\t\t\t<\/div>\n\t\t\t\t\t<\/div>\n\t\t<\/div>\n\t\t\t\t\t<\/div>\n\t\t<\/section>\n\t\t\t\t<section class=\"elementor-section elementor-top-section elementor-element elementor-element-7a89bf0 elementor-section-boxed elementor-section-height-default elementor-section-height-default\" data-id=\"7a89bf0\" data-element_type=\"section\">\n\t\t\t\t\t\t<div class=\"elementor-container elementor-column-gap-default\">\n\t\t\t\t\t<div class=\"elementor-column elementor-col-100 elementor-top-column elementor-element elementor-element-bea0f81\" data-id=\"bea0f81\" data-element_type=\"column\">\n\t\t\t<div class=\"elementor-widget-wrap elementor-element-populated\">\n\t\t\t\t\t\t<div class=\"elementor-element elementor-element-b57d332 elementor-widget elementor-widget-text-editor\" data-id=\"b57d332\" data-element_type=\"widget\" data-widget_type=\"text-editor.default\">\n\t\t\t\t<div class=\"elementor-widget-container\">\n\t\t\t\t\t\t\t\t\t<p>Le United States Marine Corps War Memorial \u00e9galement d\u00e9nomm\u00e9 \u201cIwo Jima Memorial\u201d est une sculpture embl\u00e9matique, bas\u00e9e sur la photographie de Joe Rosenthal. Elle repr\u00e9sente six soldats am\u00e9ricains hissant le <span style=\"color: #3366ff;\"><strong>drapeau am\u00e9ricain<\/strong><\/span> sur l&#8217;\u00eele d&#8217;Iwo Jima pendant la Seconde Guerre mondiale. C&#8217;est un symbole puissant de courage, de sacrifice et de victoire. Il est d\u00e9di\u00e9 \u00e0 tous les Marines qui ont donn\u00e9 leur vie pour la d\u00e9fense des \u00c9tats-Unis depuis 1775.<\/p>\t\t\t\t\t\t\t\t<\/div>\n\t\t\t\t<\/div>\n\t\t\t\t\t<\/div>\n\t\t<\/div>\n\t\t\t\t\t<\/div>\n\t\t<\/section>\n\t\t\t\t<section class=\"elementor-section elementor-top-section elementor-element elementor-element-7f3e223 elementor-section-boxed elementor-section-height-default elementor-section-height-default\" data-id=\"7f3e223\" data-element_type=\"section\">\n\t\t\t\t\t\t<div class=\"elementor-container elementor-column-gap-default\">\n\t\t\t\t\t<div class=\"elementor-column elementor-col-100 elementor-top-column elementor-element elementor-element-4f81f29\" data-id=\"4f81f29\" data-element_type=\"column\">\n\t\t\t<div class=\"elementor-widget-wrap elementor-element-populated\">\n\t\t\t\t\t\t<div class=\"elementor-element elementor-element-f8bbfeb elementor-widget elementor-widget-text-editor\" data-id=\"f8bbfeb\" data-element_type=\"widget\" data-widget_type=\"text-editor.default\">\n\t\t\t\t<div class=\"elementor-widget-container\">\n\t\t\t\t\t\t\t\t\t<h2>\u00c0 Bruges en Belgique, les statues de Pieter de Coninck et Jan Breydel par Paul De Vigne et fondues par la Compagnie des Bronzes (1887).<\/h2>\t\t\t\t\t\t\t\t<\/div>\n\t\t\t\t<\/div>\n\t\t\t\t\t<\/div>\n\t\t<\/div>\n\t\t\t\t\t<\/div>\n\t\t<\/section>\n\t\t\t\t<section class=\"elementor-section elementor-top-section elementor-element elementor-element-2bb9f4c elementor-section-boxed elementor-section-height-default elementor-section-height-default\" data-id=\"2bb9f4c\" data-element_type=\"section\">\n\t\t\t\t\t\t<div class=\"elementor-container elementor-column-gap-default\">\n\t\t\t\t\t<div class=\"elementor-column elementor-col-100 elementor-top-column elementor-element elementor-element-8d55b6e\" data-id=\"8d55b6e\" data-element_type=\"column\">\n\t\t\t<div class=\"elementor-widget-wrap elementor-element-populated\">\n\t\t\t\t\t\t<div class=\"elementor-element elementor-element-509f763 elementor-widget elementor-widget-image\" data-id=\"509f763\" data-element_type=\"widget\" data-widget_type=\"image.default\">\n\t\t\t\t<div class=\"elementor-widget-container\">\n\t\t\t\t\t\t\t\t\t\t\t\t\t\t\t<img decoding=\"async\" width=\"534\" height=\"700\" src=\"https:\/\/www.macapflag.com\/blog\/wp-content\/uploads\/2024\/05\/drapeau-sculpture-3.jpg\" class=\"attachment-large size-large wp-image-17485\" alt=\"Pieter de Coninck et Jan Breydel par Paul De Vigne\" srcset=\"https:\/\/www.macapflag.com\/blog\/wp-content\/uploads\/2024\/05\/drapeau-sculpture-3.jpg 534w, https:\/\/www.macapflag.com\/blog\/wp-content\/uploads\/2024\/05\/drapeau-sculpture-3-229x300.jpg 229w\" sizes=\"(max-width: 534px) 100vw, 534px\" \/>\t\t\t\t\t\t\t\t\t\t\t\t\t\t\t<\/div>\n\t\t\t\t<\/div>\n\t\t\t\t\t<\/div>\n\t\t<\/div>\n\t\t\t\t\t<\/div>\n\t\t<\/section>\n\t\t\t\t<section class=\"elementor-section elementor-top-section elementor-element elementor-element-6c94cc5 elementor-section-boxed elementor-section-height-default elementor-section-height-default\" data-id=\"6c94cc5\" data-element_type=\"section\">\n\t\t\t\t\t\t<div class=\"elementor-container elementor-column-gap-default\">\n\t\t\t\t\t<div class=\"elementor-column elementor-col-100 elementor-top-column elementor-element elementor-element-1acc39e\" data-id=\"1acc39e\" data-element_type=\"column\">\n\t\t\t<div class=\"elementor-widget-wrap elementor-element-populated\">\n\t\t\t\t\t\t<div class=\"elementor-element elementor-element-cccf818 elementor-widget elementor-widget-text-editor\" data-id=\"cccf818\" data-element_type=\"widget\" data-widget_type=\"text-editor.default\">\n\t\t\t\t<div class=\"elementor-widget-container\">\n\t\t\t\t\t\t\t\t\t<p>Jan Breydel et Pieter de Coninck sont souvent pr\u00e9sent\u00e9s comme des h\u00e9ros patriotiques en Belgique en raison de leur passion pour l&#8217;identit\u00e9 flamande. Ils ont dirig\u00e9 les Matines de Bruges en 1302, un massacre \u00e9liminant plus de 1000 partisans du Roi de France. Ils \u00e9taient tous deux pr\u00e9sents \u00e0 la bataille des \u00c9perons d&#8217;or, lorsqu\u2019une arm\u00e9e flamande de fortune alli\u00e9e \u00e0 de petits nobles flamands et namurois ont vaincu l&#8217;arm\u00e9e fran\u00e7aise sous le commandement de Robert II d&#8217;Artois.<\/p>\t\t\t\t\t\t\t\t<\/div>\n\t\t\t\t<\/div>\n\t\t\t\t\t<\/div>\n\t\t<\/div>\n\t\t\t\t\t<\/div>\n\t\t<\/section>\n\t\t\t\t<section class=\"elementor-section elementor-top-section elementor-element elementor-element-28cf234 elementor-section-boxed elementor-section-height-default elementor-section-height-default\" data-id=\"28cf234\" data-element_type=\"section\">\n\t\t\t\t\t\t<div class=\"elementor-container elementor-column-gap-default\">\n\t\t\t\t\t<div class=\"elementor-column elementor-col-100 elementor-top-column elementor-element elementor-element-ce5ef10\" data-id=\"ce5ef10\" data-element_type=\"column\">\n\t\t\t<div class=\"elementor-widget-wrap elementor-element-populated\">\n\t\t\t\t\t\t<div class=\"elementor-element elementor-element-0b534d9 elementor-widget elementor-widget-text-editor\" data-id=\"0b534d9\" data-element_type=\"widget\" data-widget_type=\"text-editor.default\">\n\t\t\t\t<div class=\"elementor-widget-container\">\n\t\t\t\t\t\t\t\t\t<h2>\u00c0 Saint-Etienne-\u00e0-Arnes en France dans les Ardennes, le soldat au drapeau, sculpteur inconnu (1923).<\/h2>\t\t\t\t\t\t\t\t<\/div>\n\t\t\t\t<\/div>\n\t\t\t\t\t<\/div>\n\t\t<\/div>\n\t\t\t\t\t<\/div>\n\t\t<\/section>\n\t\t\t\t<section class=\"elementor-section elementor-top-section elementor-element elementor-element-a252064 elementor-section-boxed elementor-section-height-default elementor-section-height-default\" data-id=\"a252064\" data-element_type=\"section\">\n\t\t\t\t\t\t<div class=\"elementor-container elementor-column-gap-default\">\n\t\t\t\t\t<div class=\"elementor-column elementor-col-100 elementor-top-column elementor-element elementor-element-765d8dd\" data-id=\"765d8dd\" data-element_type=\"column\">\n\t\t\t<div class=\"elementor-widget-wrap elementor-element-populated\">\n\t\t\t\t\t\t<div class=\"elementor-element elementor-element-de1a29c elementor-widget elementor-widget-image\" data-id=\"de1a29c\" data-element_type=\"widget\" data-widget_type=\"image.default\">\n\t\t\t\t<div class=\"elementor-widget-container\">\n\t\t\t\t\t\t\t\t\t\t\t\t\t\t\t<img loading=\"lazy\" decoding=\"async\" width=\"534\" height=\"700\" src=\"https:\/\/www.macapflag.com\/blog\/wp-content\/uploads\/2024\/05\/drapeau-sculpture-4.jpg\" class=\"attachment-large size-large wp-image-17489\" alt=\"Soldat au drapeau\" srcset=\"https:\/\/www.macapflag.com\/blog\/wp-content\/uploads\/2024\/05\/drapeau-sculpture-4.jpg 534w, https:\/\/www.macapflag.com\/blog\/wp-content\/uploads\/2024\/05\/drapeau-sculpture-4-229x300.jpg 229w\" sizes=\"(max-width: 534px) 100vw, 534px\" \/>\t\t\t\t\t\t\t\t\t\t\t\t\t\t\t<\/div>\n\t\t\t\t<\/div>\n\t\t\t\t\t<\/div>\n\t\t<\/div>\n\t\t\t\t\t<\/div>\n\t\t<\/section>\n\t\t\t\t<section class=\"elementor-section elementor-top-section elementor-element elementor-element-2c8df47 elementor-section-boxed elementor-section-height-default elementor-section-height-default\" data-id=\"2c8df47\" data-element_type=\"section\">\n\t\t\t\t\t\t<div class=\"elementor-container elementor-column-gap-default\">\n\t\t\t\t\t<div class=\"elementor-column elementor-col-100 elementor-top-column elementor-element elementor-element-58cf6a8\" data-id=\"58cf6a8\" data-element_type=\"column\">\n\t\t\t<div class=\"elementor-widget-wrap elementor-element-populated\">\n\t\t\t\t\t\t<div class=\"elementor-element elementor-element-d101fdc elementor-widget elementor-widget-text-editor\" data-id=\"d101fdc\" data-element_type=\"widget\" data-widget_type=\"text-editor.default\">\n\t\t\t\t<div class=\"elementor-widget-container\">\n\t\t\t\t\t\t\t\t\t<p>Occup\u00e9 comme la totalit\u00e9 du d\u00e9partement des Ardennes pendant la Grande Guerre, le village de Saint-Etienne-\u00e0-Arnes sera lib\u00e9r\u00e9 en octobre 1918. La particularit\u00e9 de ce monument est sa plaque \u00e9maill\u00e9e situ\u00e9e sous la croix de guerre sculpt\u00e9e et comportant les noms des enfants du pays morts pour la France.<br \/>Cette sculpture de s\u00e9rie, faite ici de pierre reconstitu\u00e9e, se trouvait sur le catalogue des &#8220;Marbreries G\u00e9n\u00e9rales de Paris&#8221;.<\/p>\t\t\t\t\t\t\t\t<\/div>\n\t\t\t\t<\/div>\n\t\t\t\t\t<\/div>\n\t\t<\/div>\n\t\t\t\t\t<\/div>\n\t\t<\/section>\n\t\t\t\t<section class=\"elementor-section elementor-top-section elementor-element elementor-element-02c0c8c elementor-section-boxed elementor-section-height-default elementor-section-height-default\" data-id=\"02c0c8c\" data-element_type=\"section\">\n\t\t\t\t\t\t<div class=\"elementor-container elementor-column-gap-default\">\n\t\t\t\t\t<div class=\"elementor-column elementor-col-100 elementor-top-column elementor-element elementor-element-54016cd\" data-id=\"54016cd\" data-element_type=\"column\">\n\t\t\t<div class=\"elementor-widget-wrap elementor-element-populated\">\n\t\t\t\t\t\t<div class=\"elementor-element elementor-element-69633f2 elementor-widget elementor-widget-text-editor\" data-id=\"69633f2\" data-element_type=\"widget\" data-widget_type=\"text-editor.default\">\n\t\t\t\t<div class=\"elementor-widget-container\">\n\t\t\t\t\t\t\t\t\t<h2>\u00c0 Edimbourg en Ecosse, la Mercat Cross (1882).<\/h2>\t\t\t\t\t\t\t\t<\/div>\n\t\t\t\t<\/div>\n\t\t\t\t\t<\/div>\n\t\t<\/div>\n\t\t\t\t\t<\/div>\n\t\t<\/section>\n\t\t\t\t<section class=\"elementor-section elementor-top-section elementor-element elementor-element-5073c5e elementor-section-boxed elementor-section-height-default elementor-section-height-default\" data-id=\"5073c5e\" data-element_type=\"section\">\n\t\t\t\t\t\t<div class=\"elementor-container elementor-column-gap-default\">\n\t\t\t\t\t<div class=\"elementor-column elementor-col-100 elementor-top-column elementor-element elementor-element-370c37b\" data-id=\"370c37b\" data-element_type=\"column\">\n\t\t\t<div class=\"elementor-widget-wrap elementor-element-populated\">\n\t\t\t\t\t\t<div class=\"elementor-element elementor-element-f219ebd elementor-widget elementor-widget-image\" data-id=\"f219ebd\" data-element_type=\"widget\" data-widget_type=\"image.default\">\n\t\t\t\t<div class=\"elementor-widget-container\">\n\t\t\t\t\t\t\t\t\t\t\t\t\t\t\t<img loading=\"lazy\" decoding=\"async\" width=\"534\" height=\"700\" src=\"https:\/\/www.macapflag.com\/blog\/wp-content\/uploads\/2024\/05\/drapeau-sculpture-5.jpg\" class=\"attachment-large size-large wp-image-17490\" alt=\"Mercat Cross Edimbourg\" srcset=\"https:\/\/www.macapflag.com\/blog\/wp-content\/uploads\/2024\/05\/drapeau-sculpture-5.jpg 534w, https:\/\/www.macapflag.com\/blog\/wp-content\/uploads\/2024\/05\/drapeau-sculpture-5-229x300.jpg 229w\" sizes=\"(max-width: 534px) 100vw, 534px\" \/>\t\t\t\t\t\t\t\t\t\t\t\t\t\t\t<\/div>\n\t\t\t\t<\/div>\n\t\t\t\t\t<\/div>\n\t\t<\/div>\n\t\t\t\t\t<\/div>\n\t\t<\/section>\n\t\t\t\t<section class=\"elementor-section elementor-top-section elementor-element elementor-element-ffd1fb3 elementor-section-boxed elementor-section-height-default elementor-section-height-default\" data-id=\"ffd1fb3\" data-element_type=\"section\">\n\t\t\t\t\t\t<div class=\"elementor-container elementor-column-gap-default\">\n\t\t\t\t\t<div class=\"elementor-column elementor-col-100 elementor-top-column elementor-element elementor-element-7788dbc\" data-id=\"7788dbc\" data-element_type=\"column\">\n\t\t\t<div class=\"elementor-widget-wrap elementor-element-populated\">\n\t\t\t\t\t\t<div class=\"elementor-element elementor-element-9a19703 elementor-widget elementor-widget-text-editor\" data-id=\"9a19703\" data-element_type=\"widget\" data-widget_type=\"text-editor.default\">\n\t\t\t\t<div class=\"elementor-widget-container\">\n\t\t\t\t\t\t\t\t\t<p>Dans la plupart des villes d\u2019Ecosse se trouve une croix du march\u00e9 (Mercat Cross) qui, \u00e0 sa cr\u00e9ation, signalait le lieu du march\u00e9 principal.<br \/>\u00c0 Edimbourg, cette structure octogonale surmont\u00e9e d\u2019une licorne, l\u2019animal mythologique par excellence de l\u2019Ecosse, \u00e9tait aussi un lieu duquel on faisait les annonces publiques et o\u00f9 avaient lieu dans certains cas les ex\u00e9cutions publiques.<br \/>L&#8217;histoire de la Mercat Cross d&#8217;\u00c9dimbourg est complexe. Elle est mentionn\u00e9e pour la premi\u00e8re fois dans une charte de 1365, elle a \u00e9t\u00e9 reconstruite en 1617, d\u00e9molie en 1756, certaines parties ont \u00e9t\u00e9 r\u00e9cup\u00e9r\u00e9es en 1866. En 2018, d\u2019importants travaux de conservation ont \u00e9t\u00e9 effectu\u00e9s.<\/p>\t\t\t\t\t\t\t\t<\/div>\n\t\t\t\t<\/div>\n\t\t\t\t\t<\/div>\n\t\t<\/div>\n\t\t\t\t\t<\/div>\n\t\t<\/section>\n\t\t\t\t<section class=\"elementor-section elementor-top-section elementor-element elementor-element-06f760f elementor-section-boxed elementor-section-height-default elementor-section-height-default\" data-id=\"06f760f\" data-element_type=\"section\">\n\t\t\t\t\t\t<div class=\"elementor-container elementor-column-gap-default\">\n\t\t\t\t\t<div class=\"elementor-column elementor-col-100 elementor-top-column elementor-element elementor-element-1dda8b9\" data-id=\"1dda8b9\" data-element_type=\"column\">\n\t\t\t<div class=\"elementor-widget-wrap elementor-element-populated\">\n\t\t\t\t\t\t<div class=\"elementor-element elementor-element-a393fdf elementor-widget elementor-widget-text-editor\" data-id=\"a393fdf\" data-element_type=\"widget\" data-widget_type=\"text-editor.default\">\n\t\t\t\t<div class=\"elementor-widget-container\">\n\t\t\t\t\t\t\t\t\t<h2>En France \u00e0 Paris, sur place des Pyramides et ailleurs dans le monde, la statue de Jeanne d\u2019Arc par Emmanuel Fr\u00e9miet (1874).<\/h2>\t\t\t\t\t\t\t\t<\/div>\n\t\t\t\t<\/div>\n\t\t\t\t\t<\/div>\n\t\t<\/div>\n\t\t\t\t\t<\/div>\n\t\t<\/section>\n\t\t\t\t<section class=\"elementor-section elementor-top-section elementor-element elementor-element-ccda7ac elementor-section-boxed elementor-section-height-default elementor-section-height-default\" data-id=\"ccda7ac\" data-element_type=\"section\">\n\t\t\t\t\t\t<div class=\"elementor-container elementor-column-gap-default\">\n\t\t\t\t\t<div class=\"elementor-column elementor-col-100 elementor-top-column elementor-element elementor-element-521b7c5\" data-id=\"521b7c5\" data-element_type=\"column\">\n\t\t\t<div class=\"elementor-widget-wrap elementor-element-populated\">\n\t\t\t\t\t\t<div class=\"elementor-element elementor-element-e85dbfd elementor-widget elementor-widget-image\" data-id=\"e85dbfd\" data-element_type=\"widget\" data-widget_type=\"image.default\">\n\t\t\t\t<div class=\"elementor-widget-container\">\n\t\t\t\t\t\t\t\t\t\t\t\t\t\t\t<img loading=\"lazy\" decoding=\"async\" width=\"534\" height=\"700\" src=\"https:\/\/www.macapflag.com\/blog\/wp-content\/uploads\/2024\/05\/drapeau-sculpture-6.jpg\" class=\"attachment-large size-large wp-image-17491\" alt=\"statue de Jeanne d\u2019Arc par Emmanuel Fr\u00e9miet\" srcset=\"https:\/\/www.macapflag.com\/blog\/wp-content\/uploads\/2024\/05\/drapeau-sculpture-6.jpg 534w, https:\/\/www.macapflag.com\/blog\/wp-content\/uploads\/2024\/05\/drapeau-sculpture-6-229x300.jpg 229w\" sizes=\"(max-width: 534px) 100vw, 534px\" \/>\t\t\t\t\t\t\t\t\t\t\t\t\t\t\t<\/div>\n\t\t\t\t<\/div>\n\t\t\t\t\t<\/div>\n\t\t<\/div>\n\t\t\t\t\t<\/div>\n\t\t<\/section>\n\t\t\t\t<section class=\"elementor-section elementor-top-section elementor-element elementor-element-107d763 elementor-section-boxed elementor-section-height-default elementor-section-height-default\" data-id=\"107d763\" data-element_type=\"section\">\n\t\t\t\t\t\t<div class=\"elementor-container elementor-column-gap-default\">\n\t\t\t\t\t<div class=\"elementor-column elementor-col-100 elementor-top-column elementor-element elementor-element-e78043c\" data-id=\"e78043c\" data-element_type=\"column\">\n\t\t\t<div class=\"elementor-widget-wrap elementor-element-populated\">\n\t\t\t\t\t\t<div class=\"elementor-element elementor-element-b3cab00 elementor-widget elementor-widget-text-editor\" data-id=\"b3cab00\" data-element_type=\"widget\" data-widget_type=\"text-editor.default\">\n\t\t\t\t<div class=\"elementor-widget-container\">\n\t\t\t\t\t\t\t\t\t<p>Cette statue \u00e9questre repr\u00e9sente Jeanne d\u2019Arc t\u00eate nue en armure chevauchant un puissant cheval. Elle tient les r\u00eanes de sa main gauche et brandit un \u00e9tendard avec sa main droite. Emmanuel Fr\u00e9miet re\u00e7oit la commande de la sculpture en 1872, la premi\u00e8re version parisienne install\u00e9e Place des Pyramides date de 1874, elle est en bronze dor\u00e9.<br \/>Aujourd\u2019hui des exemplaires de cette statue existent aussi \u00e0 Melbourne en Australie, \u00e0 la Nouvelle-Orl\u00e9ans, Portland et Philadelphie aux \u00c9tats-Unis, mais aussi \u00e0 Castres, Compi\u00e8gne, Lille, Nancy et Saint Etienne.<\/p>\n<h2>D&#8217;autres articles sur le drapeau dans le monde de l&#8217;art :<\/h2>\n<p><blockquote class=\"wp-embedded-content\" data-secret=\"PZLSo9vKno\"><a href=\"https:\/\/www.macapflag.com\/blog\/drapeau-peinture\/\">Le drapeau dans la peinture : un voyage \u00e0 travers le temps<\/a><\/blockquote><iframe class=\"wp-embedded-content\" sandbox=\"allow-scripts\" security=\"restricted\" style=\"position: absolute; visibility: hidden;\" title=\"\u00ab\u00a0Le drapeau dans la peinture : un voyage \u00e0 travers le temps\u00a0\u00bb &#8212; Blog - Macap\" src=\"https:\/\/www.macapflag.com\/blog\/drapeau-peinture\/embed\/#?secret=FTfdoLNJ1B#?secret=PZLSo9vKno\" data-secret=\"PZLSo9vKno\" width=\"600\" height=\"338\" frameborder=\"0\" marginwidth=\"0\" marginheight=\"0\" scrolling=\"no\"><\/iframe><\/p>\n<p><blockquote class=\"wp-embedded-content\" data-secret=\"VaqItod5V7\"><a href=\"https:\/\/www.macapflag.com\/blog\/litterature\/\">Les drapeaux dans la litt\u00e9rature fran\u00e7aise, de puissants symboles d&rsquo;identit\u00e9<\/a><\/blockquote><iframe class=\"wp-embedded-content\" sandbox=\"allow-scripts\" security=\"restricted\" style=\"position: absolute; visibility: hidden;\" title=\"\u00ab\u00a0Les drapeaux dans la litt\u00e9rature fran\u00e7aise, de puissants symboles d&rsquo;identit\u00e9\u00a0\u00bb &#8212; Blog - Macap\" src=\"https:\/\/www.macapflag.com\/blog\/litterature\/embed\/#?secret=H8B6PloHox#?secret=VaqItod5V7\" data-secret=\"VaqItod5V7\" width=\"600\" height=\"338\" frameborder=\"0\" marginwidth=\"0\" marginheight=\"0\" scrolling=\"no\"><\/iframe><\/p>\n<p><blockquote class=\"wp-embedded-content\" data-secret=\"8p82WOPU5E\"><a href=\"https:\/\/www.macapflag.com\/blog\/le-drapeau-dans-la-chanson-anglophone-et-americaine\/\">Le drapeau dans la chanson anglophone et am\u00e9ricaine<\/a><\/blockquote><iframe class=\"wp-embedded-content\" sandbox=\"allow-scripts\" security=\"restricted\" style=\"position: absolute; visibility: hidden;\" title=\"\u00ab\u00a0Le drapeau dans la chanson anglophone et am\u00e9ricaine\u00a0\u00bb &#8212; Blog - Macap\" src=\"https:\/\/www.macapflag.com\/blog\/le-drapeau-dans-la-chanson-anglophone-et-americaine\/embed\/#?secret=fTeCU9Iq3a#?secret=8p82WOPU5E\" data-secret=\"8p82WOPU5E\" width=\"600\" height=\"338\" frameborder=\"0\" marginwidth=\"0\" marginheight=\"0\" scrolling=\"no\"><\/iframe><\/p>\n<p>\u00a0<\/p>\t\t\t\t\t\t\t\t<\/div>\n\t\t\t\t<\/div>\n\t\t\t\t\t<\/div>\n\t\t<\/div>\n\t\t\t\t\t<\/div>\n\t\t<\/section>\n\t\t\t\t<section class=\"elementor-section elementor-top-section elementor-element elementor-element-e5bed44 elementor-section-boxed elementor-section-height-default elementor-section-height-default\" data-id=\"e5bed44\" data-element_type=\"section\">\n\t\t\t\t\t\t<div class=\"elementor-container elementor-column-gap-default\">\n\t\t\t\t\t<div class=\"elementor-column elementor-col-100 elementor-top-column elementor-element elementor-element-bf39c8e\" data-id=\"bf39c8e\" data-element_type=\"column\">\n\t\t\t<div class=\"elementor-widget-wrap elementor-element-populated\">\n\t\t\t\t\t\t<div class=\"elementor-element elementor-element-4cf2101 elementor-widget elementor-widget-spacer\" data-id=\"4cf2101\" data-element_type=\"widget\" data-widget_type=\"spacer.default\">\n\t\t\t\t<div class=\"elementor-widget-container\">\n\t\t\t\t\t\t\t<div class=\"elementor-spacer\">\n\t\t\t<div class=\"elementor-spacer-inner\"><\/div>\n\t\t<\/div>\n\t\t\t\t\t\t<\/div>\n\t\t\t\t<\/div>\n\t\t\t\t\t<\/div>\n\t\t<\/div>\n\t\t\t\t\t<\/div>\n\t\t<\/section>\n\t\t\t\t<section class=\"elementor-section elementor-top-section elementor-element elementor-element-4ca43ec elementor-section-boxed elementor-section-height-default elementor-section-height-default\" data-id=\"4ca43ec\" data-element_type=\"section\">\n\t\t\t\t\t\t<div class=\"elementor-container elementor-column-gap-default\">\n\t\t\t\t\t<div class=\"elementor-column elementor-col-100 elementor-top-column elementor-element elementor-element-3803d1d\" data-id=\"3803d1d\" data-element_type=\"column\">\n\t\t\t<div class=\"elementor-widget-wrap elementor-element-populated\">\n\t\t\t\t\t\t<div class=\"elementor-element elementor-element-99d2a7a elementor-widget elementor-widget-image\" data-id=\"99d2a7a\" data-element_type=\"widget\" data-widget_type=\"image.default\">\n\t\t\t\t<div class=\"elementor-widget-container\">\n\t\t\t\t\t\t\t\t\t\t\t\t\t\t\t\t<a href=\"https:\/\/www.macapflag.com\/\" target=\"_blank\">\n\t\t\t\t\t\t\t<img loading=\"lazy\" decoding=\"async\" width=\"700\" height=\"320\" src=\"https:\/\/www.macapflag.com\/blog\/wp-content\/uploads\/2021\/04\/fabriquant-de-drapeaux-kakemonos-banderoles-beach-flags-oriflammes-macap.jpg\" class=\"attachment-large size-large wp-image-10133\" alt=\"Macap fabriquant de drapeaux kak\u00e9mono banderole beach flag oriflamme\" srcset=\"https:\/\/www.macapflag.com\/blog\/wp-content\/uploads\/2021\/04\/fabriquant-de-drapeaux-kakemonos-banderoles-beach-flags-oriflammes-macap.jpg 700w, https:\/\/www.macapflag.com\/blog\/wp-content\/uploads\/2021\/04\/fabriquant-de-drapeaux-kakemonos-banderoles-beach-flags-oriflammes-macap-300x137.jpg 300w\" sizes=\"(max-width: 700px) 100vw, 700px\" \/>\t\t\t\t\t\t\t\t<\/a>\n\t\t\t\t\t\t\t\t\t\t\t\t\t\t\t<\/div>\n\t\t\t\t<\/div>\n\t\t\t\t\t<\/div>\n\t\t<\/div>\n\t\t\t\t\t<\/div>\n\t\t<\/section>\n\t\t\t\t<\/div>\n\t\t","protected":false},"excerpt":{"rendered":"<div class=\"tmnf_excerpt\"><p>Sur notre parcours du drapeau dans l&#8217;art, apr\u00e8s le drapeau et la haute couture, le drapeau et la peinture, le drapeau dans la chanson, aujourd&#8217;hui, nous parlons sculpture. Cet art a le pouvoir de capturer et de cristalliser des moments, des id\u00e9es et des symboles. Parmi ces symboles, le drapeau occupe une place particuli\u00e8re. Souvent &hellip;<\/p>\n<\/div>","protected":false},"author":2,"featured_media":17480,"comment_status":"closed","ping_status":"open","sticky":false,"template":"template-fullwidth.php","format":"standard","meta":{"footnotes":""},"categories":[93],"tags":[],"class_list":["post-17479","post","type-post","status-publish","format-standard","has-post-thumbnail","hentry","category-com"],"yoast_head":"<!-- This site is optimized with the Yoast SEO plugin v26.4 - https:\/\/yoast.com\/wordpress\/plugins\/seo\/ -->\n<title>Le drapeau dans la sculpture, symbole qui s&#039;inscrit dans le temps<\/title>\n<meta name=\"description\" content=\"Le Drapeau dans la sculpture : Un symbole qui s\u2019inscrit dans le temps. Les diff\u00e9rentes \u0153uvres qui utilisent un drapeau.\" \/>\n<meta name=\"robots\" content=\"index, follow, max-snippet:-1, max-image-preview:large, max-video-preview:-1\" \/>\n<link rel=\"canonical\" href=\"https:\/\/www.macapflag.com\/blog\/le-drapeau-dans-la-sculpture\/\" \/>\n<meta property=\"og:locale\" content=\"fr_FR\" \/>\n<meta property=\"og:type\" content=\"article\" \/>\n<meta property=\"og:title\" content=\"Le drapeau dans la sculpture, symbole qui s&#039;inscrit dans le temps\" \/>\n<meta property=\"og:description\" content=\"Le Drapeau dans la sculpture : Un symbole qui s\u2019inscrit dans le temps. Les diff\u00e9rentes \u0153uvres qui utilisent un drapeau.\" \/>\n<meta property=\"og:url\" content=\"https:\/\/www.macapflag.com\/blog\/le-drapeau-dans-la-sculpture\/\" \/>\n<meta property=\"og:site_name\" content=\"Blog - Macap\" \/>\n<meta property=\"article:publisher\" content=\"https:\/\/www.facebook.com\/macap.pavoisement\/\" \/>\n<meta property=\"article:published_time\" content=\"2025-07-08T06:16:02+00:00\" \/>\n<meta property=\"og:image\" content=\"https:\/\/www.macapflag.com\/blog\/wp-content\/uploads\/2024\/05\/drapeau-sculpture-TITRE.jpg\" \/>\n\t<meta property=\"og:image:width\" content=\"870\" \/>\n\t<meta property=\"og:image:height\" content=\"600\" \/>\n\t<meta property=\"og:image:type\" content=\"image\/jpeg\" \/>\n<meta name=\"author\" content=\"Blog Macap\" \/>\n<meta name=\"twitter:card\" content=\"summary_large_image\" \/>\n<meta name=\"twitter:label1\" content=\"\u00c9crit par\" \/>\n\t<meta name=\"twitter:data1\" content=\"Blog Macap\" \/>\n\t<meta name=\"twitter:label2\" content=\"Dur\u00e9e de lecture estim\u00e9e\" \/>\n\t<meta name=\"twitter:data2\" content=\"6 minutes\" \/>\n<script type=\"application\/ld+json\" class=\"yoast-schema-graph\">{\"@context\":\"https:\/\/schema.org\",\"@graph\":[{\"@type\":\"Article\",\"@id\":\"https:\/\/www.macapflag.com\/blog\/le-drapeau-dans-la-sculpture\/#article\",\"isPartOf\":{\"@id\":\"https:\/\/www.macapflag.com\/blog\/le-drapeau-dans-la-sculpture\/\"},\"author\":{\"name\":\"Blog Macap\",\"@id\":\"https:\/\/www.macapflag.com\/blog\/#\/schema\/person\/3fea701f2603875e651e6b662578fc3c\"},\"headline\":\"Le drapeau dans la sculpture, un symbole qui s\u2019inscrit dans le temps\",\"datePublished\":\"2025-07-08T06:16:02+00:00\",\"mainEntityOfPage\":{\"@id\":\"https:\/\/www.macapflag.com\/blog\/le-drapeau-dans-la-sculpture\/\"},\"wordCount\":809,\"publisher\":{\"@id\":\"https:\/\/www.macapflag.com\/blog\/#organization\"},\"image\":{\"@id\":\"https:\/\/www.macapflag.com\/blog\/le-drapeau-dans-la-sculpture\/#primaryimage\"},\"thumbnailUrl\":\"https:\/\/www.macapflag.com\/blog\/wp-content\/uploads\/2024\/05\/drapeau-sculpture-TITRE.jpg\",\"articleSection\":[\"Le monde de la Com'\"],\"inLanguage\":\"fr-FR\"},{\"@type\":\"WebPage\",\"@id\":\"https:\/\/www.macapflag.com\/blog\/le-drapeau-dans-la-sculpture\/\",\"url\":\"https:\/\/www.macapflag.com\/blog\/le-drapeau-dans-la-sculpture\/\",\"name\":\"Le drapeau dans la sculpture, symbole qui s'inscrit dans le temps\",\"isPartOf\":{\"@id\":\"https:\/\/www.macapflag.com\/blog\/#website\"},\"primaryImageOfPage\":{\"@id\":\"https:\/\/www.macapflag.com\/blog\/le-drapeau-dans-la-sculpture\/#primaryimage\"},\"image\":{\"@id\":\"https:\/\/www.macapflag.com\/blog\/le-drapeau-dans-la-sculpture\/#primaryimage\"},\"thumbnailUrl\":\"https:\/\/www.macapflag.com\/blog\/wp-content\/uploads\/2024\/05\/drapeau-sculpture-TITRE.jpg\",\"datePublished\":\"2025-07-08T06:16:02+00:00\",\"description\":\"Le Drapeau dans la sculpture : Un symbole qui s\u2019inscrit dans le temps. Les diff\u00e9rentes \u0153uvres qui utilisent un drapeau.\",\"breadcrumb\":{\"@id\":\"https:\/\/www.macapflag.com\/blog\/le-drapeau-dans-la-sculpture\/#breadcrumb\"},\"inLanguage\":\"fr-FR\",\"potentialAction\":[{\"@type\":\"ReadAction\",\"target\":[\"https:\/\/www.macapflag.com\/blog\/le-drapeau-dans-la-sculpture\/\"]}]},{\"@type\":\"ImageObject\",\"inLanguage\":\"fr-FR\",\"@id\":\"https:\/\/www.macapflag.com\/blog\/le-drapeau-dans-la-sculpture\/#primaryimage\",\"url\":\"https:\/\/www.macapflag.com\/blog\/wp-content\/uploads\/2024\/05\/drapeau-sculpture-TITRE.jpg\",\"contentUrl\":\"https:\/\/www.macapflag.com\/blog\/wp-content\/uploads\/2024\/05\/drapeau-sculpture-TITRE.jpg\",\"width\":870,\"height\":600,\"caption\":\"Le drapeau dans la sculpture\"},{\"@type\":\"BreadcrumbList\",\"@id\":\"https:\/\/www.macapflag.com\/blog\/le-drapeau-dans-la-sculpture\/#breadcrumb\",\"itemListElement\":[{\"@type\":\"ListItem\",\"position\":1,\"name\":\"Accueil\",\"item\":\"https:\/\/www.macapflag.com\/blog\/\"},{\"@type\":\"ListItem\",\"position\":2,\"name\":\"Le drapeau dans la sculpture, un symbole qui s\u2019inscrit dans le temps\"}]},{\"@type\":\"WebSite\",\"@id\":\"https:\/\/www.macapflag.com\/blog\/#website\",\"url\":\"https:\/\/www.macapflag.com\/blog\/\",\"name\":\"Blog - Macap\",\"description\":\"Tous nos articles\",\"publisher\":{\"@id\":\"https:\/\/www.macapflag.com\/blog\/#organization\"},\"potentialAction\":[{\"@type\":\"SearchAction\",\"target\":{\"@type\":\"EntryPoint\",\"urlTemplate\":\"https:\/\/www.macapflag.com\/blog\/?s={search_term_string}\"},\"query-input\":{\"@type\":\"PropertyValueSpecification\",\"valueRequired\":true,\"valueName\":\"search_term_string\"}}],\"inLanguage\":\"fr-FR\"},{\"@type\":\"Organization\",\"@id\":\"https:\/\/www.macapflag.com\/blog\/#organization\",\"name\":\"macapflag\",\"url\":\"https:\/\/www.macapflag.com\/blog\/\",\"logo\":{\"@type\":\"ImageObject\",\"inLanguage\":\"fr-FR\",\"@id\":\"https:\/\/www.macapflag.com\/blog\/#\/schema\/logo\/image\/\",\"url\":\"https:\/\/www.macapflag.com\/blog\/wp-content\/uploads\/2020\/12\/cropped-M-512-1.png\",\"contentUrl\":\"https:\/\/www.macapflag.com\/blog\/wp-content\/uploads\/2020\/12\/cropped-M-512-1.png\",\"width\":512,\"height\":512,\"caption\":\"macapflag\"},\"image\":{\"@id\":\"https:\/\/www.macapflag.com\/blog\/#\/schema\/logo\/image\/\"},\"sameAs\":[\"https:\/\/www.facebook.com\/macap.pavoisement\/\",\"https:\/\/www.instagram.com\/macapflag\/?hl=fr\",\"https:\/\/www.linkedin.com\/company\/macap\/?originalSubdomain=fr\",\"https:\/\/www.youtube.com\/channel\/UCXNzTIdZh9poEBjSXEqDtNw\"]},{\"@type\":\"Person\",\"@id\":\"https:\/\/www.macapflag.com\/blog\/#\/schema\/person\/3fea701f2603875e651e6b662578fc3c\",\"name\":\"Blog Macap\",\"image\":{\"@type\":\"ImageObject\",\"inLanguage\":\"fr-FR\",\"@id\":\"https:\/\/www.macapflag.com\/blog\/#\/schema\/person\/image\/\",\"url\":\"https:\/\/secure.gravatar.com\/avatar\/c12551f2dc51f0db049633b03e7856985477a70da834cc8967dea4ce54bdd6a2?s=96&d=mm&r=g\",\"contentUrl\":\"https:\/\/secure.gravatar.com\/avatar\/c12551f2dc51f0db049633b03e7856985477a70da834cc8967dea4ce54bdd6a2?s=96&d=mm&r=g\",\"caption\":\"Blog Macap\"},\"url\":\"https:\/\/www.macapflag.com\/blog\/author\/macap\/\"}]}<\/script>\n<!-- \/ Yoast SEO plugin. -->","yoast_head_json":{"title":"Le drapeau dans la sculpture, symbole qui s'inscrit dans le temps","description":"Le Drapeau dans la sculpture : Un symbole qui s\u2019inscrit dans le temps. Les diff\u00e9rentes \u0153uvres qui utilisent un drapeau.","robots":{"index":"index","follow":"follow","max-snippet":"max-snippet:-1","max-image-preview":"max-image-preview:large","max-video-preview":"max-video-preview:-1"},"canonical":"https:\/\/www.macapflag.com\/blog\/le-drapeau-dans-la-sculpture\/","og_locale":"fr_FR","og_type":"article","og_title":"Le drapeau dans la sculpture, symbole qui s'inscrit dans le temps","og_description":"Le Drapeau dans la sculpture : Un symbole qui s\u2019inscrit dans le temps. Les diff\u00e9rentes \u0153uvres qui utilisent un drapeau.","og_url":"https:\/\/www.macapflag.com\/blog\/le-drapeau-dans-la-sculpture\/","og_site_name":"Blog - Macap","article_publisher":"https:\/\/www.facebook.com\/macap.pavoisement\/","article_published_time":"2025-07-08T06:16:02+00:00","og_image":[{"width":870,"height":600,"url":"https:\/\/www.macapflag.com\/blog\/wp-content\/uploads\/2024\/05\/drapeau-sculpture-TITRE.jpg","type":"image\/jpeg"}],"author":"Blog Macap","twitter_card":"summary_large_image","twitter_misc":{"\u00c9crit par":"Blog Macap","Dur\u00e9e de lecture estim\u00e9e":"6 minutes"},"schema":{"@context":"https:\/\/schema.org","@graph":[{"@type":"Article","@id":"https:\/\/www.macapflag.com\/blog\/le-drapeau-dans-la-sculpture\/#article","isPartOf":{"@id":"https:\/\/www.macapflag.com\/blog\/le-drapeau-dans-la-sculpture\/"},"author":{"name":"Blog Macap","@id":"https:\/\/www.macapflag.com\/blog\/#\/schema\/person\/3fea701f2603875e651e6b662578fc3c"},"headline":"Le drapeau dans la sculpture, un symbole qui s\u2019inscrit dans le temps","datePublished":"2025-07-08T06:16:02+00:00","mainEntityOfPage":{"@id":"https:\/\/www.macapflag.com\/blog\/le-drapeau-dans-la-sculpture\/"},"wordCount":809,"publisher":{"@id":"https:\/\/www.macapflag.com\/blog\/#organization"},"image":{"@id":"https:\/\/www.macapflag.com\/blog\/le-drapeau-dans-la-sculpture\/#primaryimage"},"thumbnailUrl":"https:\/\/www.macapflag.com\/blog\/wp-content\/uploads\/2024\/05\/drapeau-sculpture-TITRE.jpg","articleSection":["Le monde de la Com'"],"inLanguage":"fr-FR"},{"@type":"WebPage","@id":"https:\/\/www.macapflag.com\/blog\/le-drapeau-dans-la-sculpture\/","url":"https:\/\/www.macapflag.com\/blog\/le-drapeau-dans-la-sculpture\/","name":"Le drapeau dans la sculpture, symbole qui s'inscrit dans le temps","isPartOf":{"@id":"https:\/\/www.macapflag.com\/blog\/#website"},"primaryImageOfPage":{"@id":"https:\/\/www.macapflag.com\/blog\/le-drapeau-dans-la-sculpture\/#primaryimage"},"image":{"@id":"https:\/\/www.macapflag.com\/blog\/le-drapeau-dans-la-sculpture\/#primaryimage"},"thumbnailUrl":"https:\/\/www.macapflag.com\/blog\/wp-content\/uploads\/2024\/05\/drapeau-sculpture-TITRE.jpg","datePublished":"2025-07-08T06:16:02+00:00","description":"Le Drapeau dans la sculpture : Un symbole qui s\u2019inscrit dans le temps. Les diff\u00e9rentes \u0153uvres qui utilisent un drapeau.","breadcrumb":{"@id":"https:\/\/www.macapflag.com\/blog\/le-drapeau-dans-la-sculpture\/#breadcrumb"},"inLanguage":"fr-FR","potentialAction":[{"@type":"ReadAction","target":["https:\/\/www.macapflag.com\/blog\/le-drapeau-dans-la-sculpture\/"]}]},{"@type":"ImageObject","inLanguage":"fr-FR","@id":"https:\/\/www.macapflag.com\/blog\/le-drapeau-dans-la-sculpture\/#primaryimage","url":"https:\/\/www.macapflag.com\/blog\/wp-content\/uploads\/2024\/05\/drapeau-sculpture-TITRE.jpg","contentUrl":"https:\/\/www.macapflag.com\/blog\/wp-content\/uploads\/2024\/05\/drapeau-sculpture-TITRE.jpg","width":870,"height":600,"caption":"Le drapeau dans la sculpture"},{"@type":"BreadcrumbList","@id":"https:\/\/www.macapflag.com\/blog\/le-drapeau-dans-la-sculpture\/#breadcrumb","itemListElement":[{"@type":"ListItem","position":1,"name":"Accueil","item":"https:\/\/www.macapflag.com\/blog\/"},{"@type":"ListItem","position":2,"name":"Le drapeau dans la sculpture, un symbole qui s\u2019inscrit dans le temps"}]},{"@type":"WebSite","@id":"https:\/\/www.macapflag.com\/blog\/#website","url":"https:\/\/www.macapflag.com\/blog\/","name":"Blog - Macap","description":"Tous nos articles","publisher":{"@id":"https:\/\/www.macapflag.com\/blog\/#organization"},"potentialAction":[{"@type":"SearchAction","target":{"@type":"EntryPoint","urlTemplate":"https:\/\/www.macapflag.com\/blog\/?s={search_term_string}"},"query-input":{"@type":"PropertyValueSpecification","valueRequired":true,"valueName":"search_term_string"}}],"inLanguage":"fr-FR"},{"@type":"Organization","@id":"https:\/\/www.macapflag.com\/blog\/#organization","name":"macapflag","url":"https:\/\/www.macapflag.com\/blog\/","logo":{"@type":"ImageObject","inLanguage":"fr-FR","@id":"https:\/\/www.macapflag.com\/blog\/#\/schema\/logo\/image\/","url":"https:\/\/www.macapflag.com\/blog\/wp-content\/uploads\/2020\/12\/cropped-M-512-1.png","contentUrl":"https:\/\/www.macapflag.com\/blog\/wp-content\/uploads\/2020\/12\/cropped-M-512-1.png","width":512,"height":512,"caption":"macapflag"},"image":{"@id":"https:\/\/www.macapflag.com\/blog\/#\/schema\/logo\/image\/"},"sameAs":["https:\/\/www.facebook.com\/macap.pavoisement\/","https:\/\/www.instagram.com\/macapflag\/?hl=fr","https:\/\/www.linkedin.com\/company\/macap\/?originalSubdomain=fr","https:\/\/www.youtube.com\/channel\/UCXNzTIdZh9poEBjSXEqDtNw"]},{"@type":"Person","@id":"https:\/\/www.macapflag.com\/blog\/#\/schema\/person\/3fea701f2603875e651e6b662578fc3c","name":"Blog Macap","image":{"@type":"ImageObject","inLanguage":"fr-FR","@id":"https:\/\/www.macapflag.com\/blog\/#\/schema\/person\/image\/","url":"https:\/\/secure.gravatar.com\/avatar\/c12551f2dc51f0db049633b03e7856985477a70da834cc8967dea4ce54bdd6a2?s=96&d=mm&r=g","contentUrl":"https:\/\/secure.gravatar.com\/avatar\/c12551f2dc51f0db049633b03e7856985477a70da834cc8967dea4ce54bdd6a2?s=96&d=mm&r=g","caption":"Blog Macap"},"url":"https:\/\/www.macapflag.com\/blog\/author\/macap\/"}]}},"_links":{"self":[{"href":"https:\/\/www.macapflag.com\/blog\/wp-json\/wp\/v2\/posts\/17479","targetHints":{"allow":["GET"]}}],"collection":[{"href":"https:\/\/www.macapflag.com\/blog\/wp-json\/wp\/v2\/posts"}],"about":[{"href":"https:\/\/www.macapflag.com\/blog\/wp-json\/wp\/v2\/types\/post"}],"author":[{"embeddable":true,"href":"https:\/\/www.macapflag.com\/blog\/wp-json\/wp\/v2\/users\/2"}],"replies":[{"embeddable":true,"href":"https:\/\/www.macapflag.com\/blog\/wp-json\/wp\/v2\/comments?post=17479"}],"version-history":[{"count":27,"href":"https:\/\/www.macapflag.com\/blog\/wp-json\/wp\/v2\/posts\/17479\/revisions"}],"predecessor-version":[{"id":20423,"href":"https:\/\/www.macapflag.com\/blog\/wp-json\/wp\/v2\/posts\/17479\/revisions\/20423"}],"wp:featuredmedia":[{"embeddable":true,"href":"https:\/\/www.macapflag.com\/blog\/wp-json\/wp\/v2\/media\/17480"}],"wp:attachment":[{"href":"https:\/\/www.macapflag.com\/blog\/wp-json\/wp\/v2\/media?parent=17479"}],"wp:term":[{"taxonomy":"category","embeddable":true,"href":"https:\/\/www.macapflag.com\/blog\/wp-json\/wp\/v2\/categories?post=17479"},{"taxonomy":"post_tag","embeddable":true,"href":"https:\/\/www.macapflag.com\/blog\/wp-json\/wp\/v2\/tags?post=17479"}],"curies":[{"name":"wp","href":"https:\/\/api.w.org\/{rel}","templated":true}]}}