{"id":17513,"date":"2025-06-25T08:19:00","date_gmt":"2025-06-25T06:19:00","guid":{"rendered":"https:\/\/www.macapflag.com\/blog\/?p=17513"},"modified":"2025-07-04T08:21:47","modified_gmt":"2025-07-04T06:21:47","slug":"le-drapeau-lgbt-arc-en-ciel","status":"publish","type":"post","link":"https:\/\/www.macapflag.com\/blog\/le-drapeau-lgbt-arc-en-ciel\/","title":{"rendered":"Le drapeau LGBT arc-en-ciel"},"content":{"rendered":"\t\t<div data-elementor-type=\"wp-post\" data-elementor-id=\"17513\" class=\"elementor elementor-17513\">\n\t\t\t\t\t\t<section class=\"elementor-section elementor-top-section elementor-element elementor-element-51780fa elementor-section-boxed elementor-section-height-default elementor-section-height-default\" data-id=\"51780fa\" data-element_type=\"section\">\n\t\t\t\t\t\t<div class=\"elementor-container elementor-column-gap-default\">\n\t\t\t\t\t<div class=\"elementor-column elementor-col-100 elementor-top-column elementor-element elementor-element-0248cae\" data-id=\"0248cae\" data-element_type=\"column\">\n\t\t\t<div class=\"elementor-widget-wrap elementor-element-populated\">\n\t\t\t\t\t\t<div class=\"elementor-element elementor-element-2ca6eed elementor-widget elementor-widget-text-editor\" data-id=\"2ca6eed\" data-element_type=\"widget\" data-widget_type=\"text-editor.default\">\n\t\t\t\t<div class=\"elementor-widget-container\">\n\t\t\t\t\t\t\t\t\t<p>C\u2019est le <strong>25 juin 1978<\/strong> que Gilbert Baker, graphiste militant, cr\u00e9a le drapeau arc-en-ciel pour la \u201cGay and Lesbian Freedom Day Parade\u201d de San Francisco. \ud83d\udd34 Depuis, ce drapeau a connu plusieurs \u00e9volutions pour inclure de mani\u00e8re plus repr\u00e9sentative l\u2019ensemble des identit\u00e9s et minorit\u00e9s sexuelles et de genre. Des couleurs suppl\u00e9mentaires ont \u00e9t\u00e9 ajout\u00e9es pour repr\u00e9senter aussi les personnes noires, transgenres et intersexes.*<\/p>\t\t\t\t\t\t\t\t<\/div>\n\t\t\t\t<\/div>\n\t\t\t\t\t<\/div>\n\t\t<\/div>\n\t\t\t\t\t<\/div>\n\t\t<\/section>\n\t\t\t\t<section class=\"elementor-section elementor-top-section elementor-element elementor-element-2b8e3a8 elementor-section-boxed elementor-section-height-default elementor-section-height-default\" data-id=\"2b8e3a8\" data-element_type=\"section\">\n\t\t\t\t\t\t<div class=\"elementor-container elementor-column-gap-default\">\n\t\t\t\t\t<div class=\"elementor-column elementor-col-100 elementor-top-column elementor-element elementor-element-6a6644d\" data-id=\"6a6644d\" data-element_type=\"column\">\n\t\t\t<div class=\"elementor-widget-wrap elementor-element-populated\">\n\t\t\t\t\t\t<div class=\"elementor-element elementor-element-30f15f2 elementor-widget elementor-widget-text-editor\" data-id=\"30f15f2\" data-element_type=\"widget\" data-widget_type=\"text-editor.default\">\n\t\t\t\t<div class=\"elementor-widget-container\">\n\t\t\t\t\t\t\t\t\t<h2>Que symbolise le drapeau arc-en-ciel ?<\/h2>\t\t\t\t\t\t\t\t<\/div>\n\t\t\t\t<\/div>\n\t\t\t\t\t<\/div>\n\t\t<\/div>\n\t\t\t\t\t<\/div>\n\t\t<\/section>\n\t\t\t\t<section class=\"elementor-section elementor-top-section elementor-element elementor-element-d1d6ad5 elementor-section-boxed elementor-section-height-default elementor-section-height-default\" data-id=\"d1d6ad5\" data-element_type=\"section\">\n\t\t\t\t\t\t<div class=\"elementor-container elementor-column-gap-default\">\n\t\t\t\t\t<div class=\"elementor-column elementor-col-100 elementor-top-column elementor-element elementor-element-c46968c\" data-id=\"c46968c\" data-element_type=\"column\">\n\t\t\t<div class=\"elementor-widget-wrap elementor-element-populated\">\n\t\t\t\t\t\t<div class=\"elementor-element elementor-element-2e57ba0 elementor-widget elementor-widget-text-editor\" data-id=\"2e57ba0\" data-element_type=\"widget\" data-widget_type=\"text-editor.default\">\n\t\t\t\t<div class=\"elementor-widget-container\">\n\t\t\t\t\t\t\t\t\t<p>Le drapeau arc-en-ciel est devenu un symbole puissant de la communaut\u00e9 LGBTQ+ (lesbiennes, gays, bisexuels, transgenres et queers) \u00e0 travers le monde. Il repr\u00e9sente la diversit\u00e9, l&#8217;inclusion et la fiert\u00e9 de cette communaut\u00e9.<br \/>Il est arbor\u00e9 fi\u00e8rement lors des marches des fiert\u00e9s, des rassemblements et des \u00e9v\u00e9nements c\u00e9l\u00e9brant la diversit\u00e9 et l&#8217;\u00e9galit\u00e9. On l\u2019appelle d\u2019ailleurs aussi parfois le drapeau des fiert\u00e9s.<\/p><p>Au-del\u00e0 des \u00e9v\u00e9nements militants, le drapeau est \u00e9galement utilis\u00e9 dans les institutions, entreprises et collectivit\u00e9s locales engag\u00e9es pour l\u2019inclusion, comme signal de soutien et de visibilit\u00e9.<br \/>Sa pr\u00e9sence dans l\u2019espace public contribue \u00e0 cr\u00e9er un climat de tol\u00e9rance et de respect des droits humains fondamentaux.<\/p>\t\t\t\t\t\t\t\t<\/div>\n\t\t\t\t<\/div>\n\t\t\t\t\t<\/div>\n\t\t<\/div>\n\t\t\t\t\t<\/div>\n\t\t<\/section>\n\t\t\t\t<section class=\"elementor-section elementor-top-section elementor-element elementor-element-0dc7a0e elementor-section-boxed elementor-section-height-default elementor-section-height-default\" data-id=\"0dc7a0e\" data-element_type=\"section\">\n\t\t\t\t\t\t<div class=\"elementor-container elementor-column-gap-default\">\n\t\t\t\t\t<div class=\"elementor-column elementor-col-100 elementor-top-column elementor-element elementor-element-c6d624e\" data-id=\"c6d624e\" data-element_type=\"column\">\n\t\t\t<div class=\"elementor-widget-wrap elementor-element-populated\">\n\t\t\t\t\t\t<div class=\"elementor-element elementor-element-7f5ad11 elementor-widget elementor-widget-spacer\" data-id=\"7f5ad11\" data-element_type=\"widget\" data-widget_type=\"spacer.default\">\n\t\t\t\t<div class=\"elementor-widget-container\">\n\t\t\t\t\t\t\t<div class=\"elementor-spacer\">\n\t\t\t<div class=\"elementor-spacer-inner\"><\/div>\n\t\t<\/div>\n\t\t\t\t\t\t<\/div>\n\t\t\t\t<\/div>\n\t\t\t\t\t<\/div>\n\t\t<\/div>\n\t\t\t\t\t<\/div>\n\t\t<\/section>\n\t\t\t\t<section class=\"elementor-section elementor-top-section elementor-element elementor-element-3efd6b2 elementor-section-boxed elementor-section-height-default elementor-section-height-default\" data-id=\"3efd6b2\" data-element_type=\"section\">\n\t\t\t\t\t\t<div class=\"elementor-container elementor-column-gap-default\">\n\t\t\t\t\t<div class=\"elementor-column elementor-col-100 elementor-top-column elementor-element elementor-element-3fbbda4\" data-id=\"3fbbda4\" data-element_type=\"column\">\n\t\t\t<div class=\"elementor-widget-wrap elementor-element-populated\">\n\t\t\t\t\t\t<div class=\"elementor-element elementor-element-579f03d elementor-widget elementor-widget-text-editor\" data-id=\"579f03d\" data-element_type=\"widget\" data-widget_type=\"text-editor.default\">\n\t\t\t\t<div class=\"elementor-widget-container\">\n\t\t\t\t\t\t\t\t\t<h2>Quelle est la signification des couleurs du drapeau arc-en-ciel ?<\/h2>\t\t\t\t\t\t\t\t<\/div>\n\t\t\t\t<\/div>\n\t\t\t\t\t<\/div>\n\t\t<\/div>\n\t\t\t\t\t<\/div>\n\t\t<\/section>\n\t\t\t\t<section class=\"elementor-section elementor-top-section elementor-element elementor-element-366ac05 elementor-section-boxed elementor-section-height-default elementor-section-height-default\" data-id=\"366ac05\" data-element_type=\"section\">\n\t\t\t\t\t\t<div class=\"elementor-container elementor-column-gap-default\">\n\t\t\t\t\t<div class=\"elementor-column elementor-col-100 elementor-top-column elementor-element elementor-element-5035c5c\" data-id=\"5035c5c\" data-element_type=\"column\">\n\t\t\t<div class=\"elementor-widget-wrap elementor-element-populated\">\n\t\t\t\t\t\t<div class=\"elementor-element elementor-element-debea70 elementor-widget elementor-widget-text-editor\" data-id=\"debea70\" data-element_type=\"widget\" data-widget_type=\"text-editor.default\">\n\t\t\t\t<div class=\"elementor-widget-container\">\n\t\t\t\t\t\t\t\t\t<p>Chaque couleur du drapeau arc-en-ciel porte une signification importante. Le rouge symbolise la vie, l&#8217;orange repr\u00e9sente la gu\u00e9rison, le jaune incarne la lumi\u00e8re du soleil, le vert symbolise la nature, le bleu repr\u00e9sente l&#8217;harmonie et le violet incarne l&#8217;esprit.<\/p><p>Au-del\u00e0 de ces significations individuelles, le drapeau arc-en-ciel est un <strong>symbole global de diversit\u00e9 et d&#8217;inclusion<\/strong>. Il montre que la communaut\u00e9 LGBTQ+ est compos\u00e9e de personnes de toutes les races, religions, origines ethniques et identit\u00e9s de genre, et qu&#8217;elle c\u00e9l\u00e8bre cette diversit\u00e9. Il est un rappel constant de l&#8217;importance de <strong>respecter et d&#8217;accepter les diff\u00e9rences de chacun.<\/strong><\/p>\t\t\t\t\t\t\t\t<\/div>\n\t\t\t\t<\/div>\n\t\t\t\t\t<\/div>\n\t\t<\/div>\n\t\t\t\t\t<\/div>\n\t\t<\/section>\n\t\t\t\t<section class=\"elementor-section elementor-top-section elementor-element elementor-element-6824348 elementor-section-boxed elementor-section-height-default elementor-section-height-default\" data-id=\"6824348\" data-element_type=\"section\">\n\t\t\t\t\t\t<div class=\"elementor-container elementor-column-gap-default\">\n\t\t\t\t\t<div class=\"elementor-column elementor-col-100 elementor-top-column elementor-element elementor-element-334e2ac\" data-id=\"334e2ac\" data-element_type=\"column\">\n\t\t\t<div class=\"elementor-widget-wrap elementor-element-populated\">\n\t\t\t\t\t\t<div class=\"elementor-element elementor-element-d199c1a elementor-widget elementor-widget-shortcode\" data-id=\"d199c1a\" data-element_type=\"widget\" data-widget_type=\"shortcode.default\">\n\t\t\t\t<div class=\"elementor-widget-container\">\n\t\t\t\t\t\t\t<div class=\"elementor-shortcode\"><div class=\"container p-0 m-0\">\n    <div class=\"row m-0 border\">\n        <div class=\"col-12 col-lg-6\">\n            <img decoding=\"async\" src=\"https:\/\/www.macapflag.com\/1859139-home_default\/drapeau-lgbt.jpg\" alt=\"Drapeau LGBT arc-en-ciel\" class=\"mx-auto\" \/>\n        <\/div>\n        <div class=\"col-12 col-lg-6 box-didpd-body\">\n            <div class=\"box-didpd-text\">\n                <a href=\"https:\/\/www.macapflag.com\/drapeau-symbolique\/792127-drapeau-lgbt.html\" target=\"_blank\" class=\"stretched-link\">\n                    <h3>Drapeau LGBT arc-en-ciel<\/h3>\n                <\/a>\n                <p>Pavillon 60\u00d790 cm en maille polyester. \nFinitions ourlets et sangle de renfort lat\u00e9rale gauche. <\/p>\n            <\/div>\n                        <p class=\"text-center font-weight-bold\">17,50 \u20ac HT<\/p>            <div class=\"text-center\">\n                <button class=\"btn btn-primary\">Achat drapeau LGBT en ligne<\/button>\n            <\/div>\n        <\/div>\n    <\/div>\n<\/div>\n<\/div>\n\t\t\t\t\t\t<\/div>\n\t\t\t\t<\/div>\n\t\t\t\t\t<\/div>\n\t\t<\/div>\n\t\t\t\t\t<\/div>\n\t\t<\/section>\n\t\t\t\t<section class=\"elementor-section elementor-top-section elementor-element elementor-element-0f937c8 elementor-section-boxed elementor-section-height-default elementor-section-height-default\" data-id=\"0f937c8\" data-element_type=\"section\">\n\t\t\t\t\t\t<div class=\"elementor-container elementor-column-gap-default\">\n\t\t\t\t\t<div class=\"elementor-column elementor-col-100 elementor-top-column elementor-element elementor-element-9add0da\" data-id=\"9add0da\" data-element_type=\"column\">\n\t\t\t<div class=\"elementor-widget-wrap elementor-element-populated\">\n\t\t\t\t\t\t<div class=\"elementor-element elementor-element-95aa5e8 elementor-widget elementor-widget-spacer\" data-id=\"95aa5e8\" data-element_type=\"widget\" data-widget_type=\"spacer.default\">\n\t\t\t\t<div class=\"elementor-widget-container\">\n\t\t\t\t\t\t\t<div class=\"elementor-spacer\">\n\t\t\t<div class=\"elementor-spacer-inner\"><\/div>\n\t\t<\/div>\n\t\t\t\t\t\t<\/div>\n\t\t\t\t<\/div>\n\t\t\t\t\t<\/div>\n\t\t<\/div>\n\t\t\t\t\t<\/div>\n\t\t<\/section>\n\t\t\t\t<section class=\"elementor-section elementor-top-section elementor-element elementor-element-6180b0c elementor-section-boxed elementor-section-height-default elementor-section-height-default\" data-id=\"6180b0c\" data-element_type=\"section\">\n\t\t\t\t\t\t<div class=\"elementor-container elementor-column-gap-default\">\n\t\t\t\t\t<div class=\"elementor-column elementor-col-100 elementor-top-column elementor-element elementor-element-70b4b48\" data-id=\"70b4b48\" data-element_type=\"column\">\n\t\t\t<div class=\"elementor-widget-wrap elementor-element-populated\">\n\t\t\t\t\t\t<div class=\"elementor-element elementor-element-faa05c8 elementor-widget elementor-widget-text-editor\" data-id=\"faa05c8\" data-element_type=\"widget\" data-widget_type=\"text-editor.default\">\n\t\t\t\t<div class=\"elementor-widget-container\">\n\t\t\t\t\t\t\t\t\t<h2>Quelle est l\u2019origine du drapeau arc-en-ciel ?<\/h2>\t\t\t\t\t\t\t\t<\/div>\n\t\t\t\t<\/div>\n\t\t\t\t\t<\/div>\n\t\t<\/div>\n\t\t\t\t\t<\/div>\n\t\t<\/section>\n\t\t\t\t<section class=\"elementor-section elementor-top-section elementor-element elementor-element-868b4e7 elementor-section-boxed elementor-section-height-default elementor-section-height-default\" data-id=\"868b4e7\" data-element_type=\"section\">\n\t\t\t\t\t\t<div class=\"elementor-container elementor-column-gap-default\">\n\t\t\t\t\t<div class=\"elementor-column elementor-col-100 elementor-top-column elementor-element elementor-element-c811598\" data-id=\"c811598\" data-element_type=\"column\">\n\t\t\t<div class=\"elementor-widget-wrap elementor-element-populated\">\n\t\t\t\t\t\t<div class=\"elementor-element elementor-element-86038cc elementor-widget elementor-widget-text-editor\" data-id=\"86038cc\" data-element_type=\"widget\" data-widget_type=\"text-editor.default\">\n\t\t\t\t<div class=\"elementor-widget-container\">\n\t\t\t\t\t\t\t\t\t<p>Le drapeau arc-en-ciel a \u00e9t\u00e9 cr\u00e9\u00e9 en 1978 par Gilbert Baker, un artiste et activiste am\u00e9ricain. Il \u00e9tait \u00e9troitement li\u00e9 au mouvement des droits des LGBTQ+ et \u00e0 la lutte pour l&#8217;\u00e9galit\u00e9. Baker a \u00e9t\u00e9 inspir\u00e9 par le symbole de la diversit\u00e9 et de la paix, l&#8217;arc-en-ciel, qu&#8217;il consid\u00e9rait comme une repr\u00e9sentation parfaite de la communaut\u00e9 LGBTQ+.<\/p><p>Le premier drapeau arc-en-ciel cr\u00e9\u00e9 par Baker \u00e9tait compos\u00e9 de huit bandes de couleurs diff\u00e9rentes. Chaque couleur avait une signification sp\u00e9cifique : le rose pour la sexualit\u00e9, le rouge pour la vie, l&#8217;orange pour la sant\u00e9, le jaune pour le soleil, le vert pour la nature, le turquoise pour l&#8217;art, l&#8217;indigo pour l&#8217;harmonie et le violet pour l&#8217;esprit.<\/p>\t\t\t\t\t\t\t\t<\/div>\n\t\t\t\t<\/div>\n\t\t\t\t\t<\/div>\n\t\t<\/div>\n\t\t\t\t\t<\/div>\n\t\t<\/section>\n\t\t\t\t<section class=\"elementor-section elementor-top-section elementor-element elementor-element-1502cdb elementor-section-boxed elementor-section-height-default elementor-section-height-default\" data-id=\"1502cdb\" data-element_type=\"section\">\n\t\t\t\t\t\t<div class=\"elementor-container elementor-column-gap-default\">\n\t\t\t\t\t<div class=\"elementor-column elementor-col-100 elementor-top-column elementor-element elementor-element-6aacfbf\" data-id=\"6aacfbf\" data-element_type=\"column\">\n\t\t\t<div class=\"elementor-widget-wrap elementor-element-populated\">\n\t\t\t\t\t\t<div class=\"elementor-element elementor-element-bd7d415 elementor-widget elementor-widget-spacer\" data-id=\"bd7d415\" data-element_type=\"widget\" data-widget_type=\"spacer.default\">\n\t\t\t\t<div class=\"elementor-widget-container\">\n\t\t\t\t\t\t\t<div class=\"elementor-spacer\">\n\t\t\t<div class=\"elementor-spacer-inner\"><\/div>\n\t\t<\/div>\n\t\t\t\t\t\t<\/div>\n\t\t\t\t<\/div>\n\t\t\t\t\t<\/div>\n\t\t<\/div>\n\t\t\t\t\t<\/div>\n\t\t<\/section>\n\t\t\t\t<section class=\"elementor-section elementor-top-section elementor-element elementor-element-1df1ff1 elementor-section-boxed elementor-section-height-default elementor-section-height-default\" data-id=\"1df1ff1\" data-element_type=\"section\">\n\t\t\t\t\t\t<div class=\"elementor-container elementor-column-gap-default\">\n\t\t\t\t\t<div class=\"elementor-column elementor-col-100 elementor-top-column elementor-element elementor-element-f25a72e\" data-id=\"f25a72e\" data-element_type=\"column\">\n\t\t\t<div class=\"elementor-widget-wrap elementor-element-populated\">\n\t\t\t\t\t\t<div class=\"elementor-element elementor-element-4e93879 elementor-widget elementor-widget-text-editor\" data-id=\"4e93879\" data-element_type=\"widget\" data-widget_type=\"text-editor.default\">\n\t\t\t\t<div class=\"elementor-widget-container\">\n\t\t\t\t\t\t\t\t\t<h2>Comment le drapeau arc-en-ciel a-t-il \u00e9volu\u00e9 dans le temps ?<\/h2>\t\t\t\t\t\t\t\t<\/div>\n\t\t\t\t<\/div>\n\t\t\t\t\t<\/div>\n\t\t<\/div>\n\t\t\t\t\t<\/div>\n\t\t<\/section>\n\t\t\t\t<section class=\"elementor-section elementor-top-section elementor-element elementor-element-4cbf677 elementor-section-boxed elementor-section-height-default elementor-section-height-default\" data-id=\"4cbf677\" data-element_type=\"section\">\n\t\t\t\t\t\t<div class=\"elementor-container elementor-column-gap-default\">\n\t\t\t\t\t<div class=\"elementor-column elementor-col-100 elementor-top-column elementor-element elementor-element-636d90b\" data-id=\"636d90b\" data-element_type=\"column\">\n\t\t\t<div class=\"elementor-widget-wrap elementor-element-populated\">\n\t\t\t\t\t\t<div class=\"elementor-element elementor-element-42aaac6 elementor-widget elementor-widget-text-editor\" data-id=\"42aaac6\" data-element_type=\"widget\" data-widget_type=\"text-editor.default\">\n\t\t\t\t<div class=\"elementor-widget-container\">\n\t\t\t\t\t\t\t\t\t<p>Au fil du temps, le drapeau arc-en-ciel a subi quelques modifications. La bande rose a \u00e9t\u00e9 retir\u00e9e en raison de contraintes de production, et la bande turquoise a \u00e9t\u00e9 remplac\u00e9e par la couleur bleue, ce qui a donn\u00e9 naissance au drapeau \u00e0 six bandes que nous connaissons aujourd&#8217;hui.<\/p><p>Depuis 2018, le \u201c<a href=\"https:\/\/www.macapflag.com\/drapeau-symbolique\/792162-drapeau-lgbtq.html\" target=\"_blank\" rel=\"noopener\"><strong><span style=\"color: #3366ff;\">Progress Pride Flag<\/span><\/strong><\/a>\u201d con\u00e7u par Daniel Quasar a \u00e9largi la symbolique du drapeau, en y ajoutant un chevron lat\u00e9ral avec les couleurs des personnes transgenres (bleu clair, rose et blanc) ainsi que le noir et le brun pour inclure les personnes LGBTQ+ racis\u00e9es et celles vivant avec le VIH ou ayant \u00e9t\u00e9 victimes du sida.<br \/>Ce design est aujourd\u2019hui largement adopt\u00e9 lors des \u00e9v\u00e9nements Pride dans le monde entier.<\/p>\t\t\t\t\t\t\t\t<\/div>\n\t\t\t\t<\/div>\n\t\t\t\t\t<\/div>\n\t\t<\/div>\n\t\t\t\t\t<\/div>\n\t\t<\/section>\n\t\t\t\t<section class=\"elementor-section elementor-top-section elementor-element elementor-element-d29c0f8 elementor-section-boxed elementor-section-height-default elementor-section-height-default\" data-id=\"d29c0f8\" data-element_type=\"section\">\n\t\t\t\t\t\t<div class=\"elementor-container elementor-column-gap-default\">\n\t\t\t\t\t<div class=\"elementor-column elementor-col-100 elementor-top-column elementor-element elementor-element-be34ef3\" data-id=\"be34ef3\" data-element_type=\"column\">\n\t\t\t<div class=\"elementor-widget-wrap elementor-element-populated\">\n\t\t\t\t\t\t<div class=\"elementor-element elementor-element-b663d3d elementor-widget elementor-widget-spacer\" data-id=\"b663d3d\" data-element_type=\"widget\" data-widget_type=\"spacer.default\">\n\t\t\t\t<div class=\"elementor-widget-container\">\n\t\t\t\t\t\t\t<div class=\"elementor-spacer\">\n\t\t\t<div class=\"elementor-spacer-inner\"><\/div>\n\t\t<\/div>\n\t\t\t\t\t\t<\/div>\n\t\t\t\t<\/div>\n\t\t\t\t\t<\/div>\n\t\t<\/div>\n\t\t\t\t\t<\/div>\n\t\t<\/section>\n\t\t\t\t<section class=\"elementor-section elementor-top-section elementor-element elementor-element-8992d8a elementor-section-boxed elementor-section-height-default elementor-section-height-default\" data-id=\"8992d8a\" data-element_type=\"section\">\n\t\t\t\t\t\t<div class=\"elementor-container elementor-column-gap-default\">\n\t\t\t\t\t<div class=\"elementor-column elementor-col-100 elementor-top-column elementor-element elementor-element-7f38b56\" data-id=\"7f38b56\" data-element_type=\"column\">\n\t\t\t<div class=\"elementor-widget-wrap elementor-element-populated\">\n\t\t\t\t\t\t<div class=\"elementor-element elementor-element-a37d55a elementor-widget elementor-widget-text-editor\" data-id=\"a37d55a\" data-element_type=\"widget\" data-widget_type=\"text-editor.default\">\n\t\t\t\t<div class=\"elementor-widget-container\">\n\t\t\t\t\t\t\t\t\t<p><span style=\"font-size: 12pt;\"><em>* Les personnes intersexu\u00e9es naissent avec une ambigu\u00eft\u00e9 sexuelle visible, c&#8217;est-\u00e0-dire avec des organes g\u00e9nitaux difficiles ou impossibles \u00e0 d\u00e9finir comme m\u00e2les ou femelles (leurs organes sexuels sont souvent atrophi\u00e9s.)<\/em><\/span><\/p>\t\t\t\t\t\t\t\t<\/div>\n\t\t\t\t<\/div>\n\t\t\t\t\t<\/div>\n\t\t<\/div>\n\t\t\t\t\t<\/div>\n\t\t<\/section>\n\t\t\t\t<section class=\"elementor-section elementor-top-section elementor-element elementor-element-a9ffa50 elementor-section-boxed elementor-section-height-default elementor-section-height-default\" data-id=\"a9ffa50\" data-element_type=\"section\">\n\t\t\t\t\t\t<div class=\"elementor-container elementor-column-gap-default\">\n\t\t\t\t\t<div class=\"elementor-column elementor-col-100 elementor-top-column elementor-element elementor-element-7ea50ad\" data-id=\"7ea50ad\" data-element_type=\"column\">\n\t\t\t<div class=\"elementor-widget-wrap elementor-element-populated\">\n\t\t\t\t\t\t<div class=\"elementor-element elementor-element-8e2be37 elementor-widget-divider--view-line elementor-widget elementor-widget-divider\" data-id=\"8e2be37\" data-element_type=\"widget\" data-widget_type=\"divider.default\">\n\t\t\t\t<div class=\"elementor-widget-container\">\n\t\t\t\t\t\t\t<div class=\"elementor-divider\">\n\t\t\t<span class=\"elementor-divider-separator\">\n\t\t\t\t\t\t<\/span>\n\t\t<\/div>\n\t\t\t\t\t\t<\/div>\n\t\t\t\t<\/div>\n\t\t\t\t\t<\/div>\n\t\t<\/div>\n\t\t\t\t\t<\/div>\n\t\t<\/section>\n\t\t\t\t<section class=\"elementor-section elementor-top-section elementor-element elementor-element-d46ff79 elementor-section-boxed elementor-section-height-default elementor-section-height-default\" data-id=\"d46ff79\" data-element_type=\"section\">\n\t\t\t\t\t\t<div class=\"elementor-container elementor-column-gap-default\">\n\t\t\t\t\t<div class=\"elementor-column elementor-col-100 elementor-top-column elementor-element elementor-element-b19bf37\" data-id=\"b19bf37\" data-element_type=\"column\">\n\t\t\t<div class=\"elementor-widget-wrap elementor-element-populated\">\n\t\t\t\t\t\t<div class=\"elementor-element elementor-element-92097b1 elementor-widget elementor-widget-text-editor\" data-id=\"92097b1\" data-element_type=\"widget\" data-widget_type=\"text-editor.default\">\n\t\t\t\t<div class=\"elementor-widget-container\">\n\t\t\t\t\t\t\t\t\t<h2>Vente en ligne du drapeau LGBT et ses d\u00e9clinaisons<\/h2>\t\t\t\t\t\t\t\t<\/div>\n\t\t\t\t<\/div>\n\t\t\t\t\t<\/div>\n\t\t<\/div>\n\t\t\t\t\t<\/div>\n\t\t<\/section>\n\t\t\t\t<section class=\"elementor-section elementor-top-section elementor-element elementor-element-d77febd elementor-section-boxed elementor-section-height-default elementor-section-height-default\" data-id=\"d77febd\" data-element_type=\"section\">\n\t\t\t\t\t\t<div class=\"elementor-container elementor-column-gap-default\">\n\t\t\t\t\t<div class=\"elementor-column elementor-col-100 elementor-top-column elementor-element elementor-element-dff5759\" data-id=\"dff5759\" data-element_type=\"column\">\n\t\t\t<div class=\"elementor-widget-wrap elementor-element-populated\">\n\t\t\t\t\t\t<div class=\"elementor-element elementor-element-50adf2c elementor-widget elementor-widget-text-editor\" data-id=\"50adf2c\" data-element_type=\"widget\" data-widget_type=\"text-editor.default\">\n\t\t\t\t<div class=\"elementor-widget-container\">\n\t\t\t\t\t\t\t\t\t<p>Au sein de la rubrique &#8220;<a href=\"https:\/\/www.macapflag.com\/372-drapeau-symbolique\" target=\"_blank\" rel=\"noopener\"><span style=\"color: #3366ff;\"><strong>drapeau symbolique<\/strong><\/span><\/a>&#8221; du site Macap, retrouvez notamment la vente des drapeaux suivants :<\/p>\n<p>\u2705 Fabrication fran\u00e7aise<br>\u2705 R\u00e9sistants aux conditions ext\u00e9rieures<br>\u2705 D\u00e9lais de production et de livraison rapides<\/p>\t\t\t\t\t\t\t\t<\/div>\n\t\t\t\t<\/div>\n\t\t\t\t\t<\/div>\n\t\t<\/div>\n\t\t\t\t\t<\/div>\n\t\t<\/section>\n\t\t\t\t<section class=\"elementor-section elementor-top-section elementor-element elementor-element-17893ed elementor-section-boxed elementor-section-height-default elementor-section-height-default\" data-id=\"17893ed\" data-element_type=\"section\">\n\t\t\t\t\t\t<div class=\"elementor-container elementor-column-gap-default\">\n\t\t\t\t\t<div class=\"elementor-column elementor-col-33 elementor-top-column elementor-element elementor-element-eb6ea35\" data-id=\"eb6ea35\" data-element_type=\"column\">\n\t\t\t<div class=\"elementor-widget-wrap elementor-element-populated\">\n\t\t\t\t\t\t<div class=\"elementor-element elementor-element-b914bef elementor-widget elementor-widget-shortcode\" data-id=\"b914bef\" data-element_type=\"widget\" data-widget_type=\"shortcode.default\">\n\t\t\t\t<div class=\"elementor-widget-container\">\n\t\t\t\t\t\t\t<div class=\"elementor-shortcode\"><div class=\"container p-0 m-0\">\n    <div class=\"row m-0 border\">\n        <div class=\"col-12 grid-didpd-body text-center\">\n            <img decoding=\"async\" src=\"https:\/\/www.macapflag.com\/1859510-home_default\/drapeau-lgbt-personnalise-60x90cm-creation-en-ligne.jpg\" alt=\"Drapeau LGBT Personnalisable 60x90cm\" class=\"mx-auto\" \/>\n            <div class=\"grid-didpd-text\">\n                <a href=\"https:\/\/www.macapflag.com\/drapeau-symbolique\/792216-drapeau-lgbt-personnalise-60x90cm-creation-en-ligne.html\" target=\"_blank\" class=\"stretched-link\">\n                    <h3>Drapeau LGBT Personnalisable 60x90cm<\/h3>\n                <\/a>\n            <\/div>\n                        <p class=\"text-center font-weight-bold\">35,00 \u20ac HT<\/p>            <div class=\"text-center\">\n                <button class=\"btn btn-primary\">Achat drapeau LGBT<\/button>\n            <\/div>\n        <\/div>\n    <\/div>\n<\/div>\n<\/div>\n\t\t\t\t\t\t<\/div>\n\t\t\t\t<\/div>\n\t\t\t\t\t<\/div>\n\t\t<\/div>\n\t\t\t\t<div class=\"elementor-column elementor-col-33 elementor-top-column elementor-element elementor-element-065e21d\" data-id=\"065e21d\" data-element_type=\"column\">\n\t\t\t<div class=\"elementor-widget-wrap elementor-element-populated\">\n\t\t\t\t\t\t<div class=\"elementor-element elementor-element-dac4d9f elementor-widget elementor-widget-shortcode\" data-id=\"dac4d9f\" data-element_type=\"widget\" data-widget_type=\"shortcode.default\">\n\t\t\t\t<div class=\"elementor-widget-container\">\n\t\t\t\t\t\t\t<div class=\"elementor-shortcode\"><div class=\"container p-0 m-0\">\n    <div class=\"row m-0 border\">\n        <div class=\"col-12 grid-didpd-body text-center\">\n            <img decoding=\"async\" src=\"https:\/\/www.macapflag.com\/1859217-home_default\/drapeau-lgbt-pride-modele-2.jpg\" alt=\"Drapeau LGBT d&eacute;clinaison Pride  60x90cm\" class=\"mx-auto\" \/>\n            <div class=\"grid-didpd-text\">\n                <a href=\"https:\/\/www.macapflag.com\/drapeau-symbolique\/792160-drapeau-lgbt-pride-modele-2.html\" target=\"_blank\" class=\"stretched-link\">\n                    <h3>Drapeau LGBT d\u00e9clinaison Pride  60x90cm<\/h3>\n                <\/a>\n            <\/div>\n                        <p class=\"text-center font-weight-bold\">17,50 \u20ac HT<\/p>            <div class=\"text-center\">\n                <button class=\"btn btn-primary\">Achat drapeau LGBT<\/button>\n            <\/div>\n        <\/div>\n    <\/div>\n<\/div>\n<\/div>\n\t\t\t\t\t\t<\/div>\n\t\t\t\t<\/div>\n\t\t\t\t\t<\/div>\n\t\t<\/div>\n\t\t\t\t<div class=\"elementor-column elementor-col-33 elementor-top-column elementor-element elementor-element-dbfdc6d\" data-id=\"dbfdc6d\" data-element_type=\"column\">\n\t\t\t<div class=\"elementor-widget-wrap elementor-element-populated\">\n\t\t\t\t\t\t<div class=\"elementor-element elementor-element-cff2e72 elementor-widget elementor-widget-shortcode\" data-id=\"cff2e72\" data-element_type=\"widget\" data-widget_type=\"shortcode.default\">\n\t\t\t\t<div class=\"elementor-widget-container\">\n\t\t\t\t\t\t\t<div class=\"elementor-shortcode\"><div class=\"container p-0 m-0\">\n    <div class=\"row m-0 border\">\n        <div class=\"col-12 grid-didpd-body text-center\">\n            <img decoding=\"async\" src=\"https:\/\/www.macapflag.com\/1859207-home_default\/drapeau-peace-and-love-modele-2.jpg\" alt=\"Drapeau LGBT Peace and Love 60x90cm\" class=\"mx-auto\" \/>\n            <div class=\"grid-didpd-text\">\n                <a href=\"https:\/\/www.macapflag.com\/drapeau-symbolique\/792155-drapeau-peace-and-love-modele-2.html\" target=\"_blank\" class=\"stretched-link\">\n                    <h3>Drapeau LGBT Peace and Love 60x90cm<\/h3>\n                <\/a>\n            <\/div>\n                        <p class=\"text-center font-weight-bold\">17,50 \u20ac HT<\/p>            <div class=\"text-center\">\n                <button class=\"btn btn-primary\">Achat drapeau LGBT<\/button>\n            <\/div>\n        <\/div>\n    <\/div>\n<\/div>\n<\/div>\n\t\t\t\t\t\t<\/div>\n\t\t\t\t<\/div>\n\t\t\t\t\t<\/div>\n\t\t<\/div>\n\t\t\t\t\t<\/div>\n\t\t<\/section>\n\t\t\t\t<section class=\"elementor-section elementor-top-section elementor-element elementor-element-3e50771 elementor-section-boxed elementor-section-height-default elementor-section-height-default\" data-id=\"3e50771\" data-element_type=\"section\">\n\t\t\t\t\t\t<div class=\"elementor-container elementor-column-gap-default\">\n\t\t\t\t\t<div class=\"elementor-column elementor-col-33 elementor-top-column elementor-element elementor-element-0246cbd\" data-id=\"0246cbd\" data-element_type=\"column\">\n\t\t\t<div class=\"elementor-widget-wrap elementor-element-populated\">\n\t\t\t\t\t\t<div class=\"elementor-element elementor-element-8503037 elementor-widget elementor-widget-shortcode\" data-id=\"8503037\" data-element_type=\"widget\" data-widget_type=\"shortcode.default\">\n\t\t\t\t<div class=\"elementor-widget-container\">\n\t\t\t\t\t\t\t<div class=\"elementor-shortcode\"><div class=\"container p-0 m-0\">\n    <div class=\"row m-0 border\">\n        <div class=\"col-12 grid-didpd-body text-center\">\n            <img decoding=\"async\" src=\"https:\/\/www.macapflag.com\/1859183-home_default\/drapeau-lgbt-alliance-gay-hetero.jpg\" alt=\"Drapeau LGBT alliance Gay-H&eacute;t&eacute;ro 60x90cm\" class=\"mx-auto\" \/>\n            <div class=\"grid-didpd-text\">\n                <a href=\"https:\/\/www.macapflag.com\/drapeau-symbolique\/792143-drapeau-lgbt-alliance-gay-hetero.html\" target=\"_blank\" class=\"stretched-link\">\n                    <h3>Drapeau LGBT alliance Gay-H\u00e9t\u00e9ro 60x90cm<\/h3>\n                <\/a>\n            <\/div>\n                        <p class=\"text-center font-weight-bold\">17,50 \u20ac HT<\/p>            <div class=\"text-center\">\n                <button class=\"btn btn-primary\">Achat drapeau LGBT<\/button>\n            <\/div>\n        <\/div>\n    <\/div>\n<\/div>\n<\/div>\n\t\t\t\t\t\t<\/div>\n\t\t\t\t<\/div>\n\t\t\t\t\t<\/div>\n\t\t<\/div>\n\t\t\t\t<div class=\"elementor-column elementor-col-33 elementor-top-column elementor-element elementor-element-9e28be3\" data-id=\"9e28be3\" data-element_type=\"column\">\n\t\t\t<div class=\"elementor-widget-wrap elementor-element-populated\">\n\t\t\t\t\t\t<div class=\"elementor-element elementor-element-8697cf3 elementor-widget elementor-widget-shortcode\" data-id=\"8697cf3\" data-element_type=\"widget\" data-widget_type=\"shortcode.default\">\n\t\t\t\t<div class=\"elementor-widget-container\">\n\t\t\t\t\t\t\t<div class=\"elementor-shortcode\"><div class=\"container p-0 m-0\">\n    <div class=\"row m-0 border\">\n        <div class=\"col-12 grid-didpd-body text-center\">\n            <img decoding=\"async\" src=\"https:\/\/www.macapflag.com\/1860030-home_default\/drapeau-lgbtq.jpg\" alt=\"Drapeau LGBTQ+ Progress Pride 60x90cm\" class=\"mx-auto\" \/>\n            <div class=\"grid-didpd-text\">\n                <a href=\"https:\/\/www.macapflag.com\/drapeau-symbolique\/792162-drapeau-lgbtq.html\" target=\"_blank\" class=\"stretched-link\">\n                    <h3>Drapeau LGBTQ+ Progress Pride 60x90cm<\/h3>\n                <\/a>\n            <\/div>\n                        <p class=\"text-center font-weight-bold\">17,50 \u20ac HT<\/p>            <div class=\"text-center\">\n                <button class=\"btn btn-primary\">Achat drapeau LGBT<\/button>\n            <\/div>\n        <\/div>\n    <\/div>\n<\/div>\n<\/div>\n\t\t\t\t\t\t<\/div>\n\t\t\t\t<\/div>\n\t\t\t\t\t<\/div>\n\t\t<\/div>\n\t\t\t\t<div class=\"elementor-column elementor-col-33 elementor-top-column elementor-element elementor-element-cc1593a\" data-id=\"cc1593a\" data-element_type=\"column\">\n\t\t\t<div class=\"elementor-widget-wrap elementor-element-populated\">\n\t\t\t\t\t\t<div class=\"elementor-element elementor-element-0910628 elementor-widget elementor-widget-shortcode\" data-id=\"0910628\" data-element_type=\"widget\" data-widget_type=\"shortcode.default\">\n\t\t\t\t<div class=\"elementor-widget-container\">\n\t\t\t\t\t\t\t<div class=\"elementor-shortcode\"><div class=\"container p-0 m-0\">\n    <div class=\"row m-0 border\">\n        <div class=\"col-12 grid-didpd-body text-center\">\n            <img decoding=\"async\" src=\"https:\/\/www.macapflag.com\/1859197-home_default\/drapeau-lgbt-lesbien-5-bandes.jpg\" alt=\"Drapeau LGBT lesbien (5 bandes) 60x90cm\" class=\"mx-auto\" \/>\n            <div class=\"grid-didpd-text\">\n                <a href=\"https:\/\/www.macapflag.com\/drapeau-symbolique\/792150-drapeau-lgbt-lesbien-5-bandes.html\" target=\"_blank\" class=\"stretched-link\">\n                    <h3>Drapeau LGBT lesbien (5 bandes) 60x90cm<\/h3>\n                <\/a>\n            <\/div>\n                        <p class=\"text-center font-weight-bold\">17,50 \u20ac HT<\/p>            <div class=\"text-center\">\n                <button class=\"btn btn-primary\">Achat drapeau LGBT<\/button>\n            <\/div>\n        <\/div>\n    <\/div>\n<\/div>\n<\/div>\n\t\t\t\t\t\t<\/div>\n\t\t\t\t<\/div>\n\t\t\t\t\t<\/div>\n\t\t<\/div>\n\t\t\t\t\t<\/div>\n\t\t<\/section>\n\t\t\t\t<\/div>\n\t\t","protected":false},"excerpt":{"rendered":"<div class=\"tmnf_excerpt\"><p>C\u2019est le 25 juin 1978 que Gilbert Baker, graphiste militant, cr\u00e9a le drapeau arc-en-ciel pour la \u201cGay and Lesbian Freedom Day Parade\u201d de San Francisco. \ud83d\udd34 Depuis, ce drapeau a connu plusieurs \u00e9volutions pour inclure de mani\u00e8re plus repr\u00e9sentative l\u2019ensemble des identit\u00e9s et minorit\u00e9s sexuelles et de genre. Des couleurs suppl\u00e9mentaires ont \u00e9t\u00e9 ajout\u00e9es pour &hellip;<\/p>\n<\/div>","protected":false},"author":2,"featured_media":17514,"comment_status":"closed","ping_status":"open","sticky":false,"template":"template-fullwidth.php","format":"standard","meta":{"footnotes":""},"categories":[93,92,90],"tags":[],"class_list":["post-17513","post","type-post","status-publish","format-standard","has-post-thumbnail","hentry","category-com","category-news","category-produits-et-sols"],"yoast_head":"<!-- This site is optimized with the Yoast SEO plugin v26.4 - https:\/\/yoast.com\/wordpress\/plugins\/seo\/ -->\n<title>Le drapeau LGBT arc-en-ciel , un jour un drapeau<\/title>\n<meta name=\"description\" content=\"Toutes les infos cl\u00e9s sur le drapeau LGBT cr\u00e9e le 25 juin 1978. Signification, origines et \u00e9volution, on vous dit tout !\" \/>\n<meta name=\"robots\" content=\"index, follow, max-snippet:-1, max-image-preview:large, max-video-preview:-1\" \/>\n<link rel=\"canonical\" href=\"https:\/\/www.macapflag.com\/blog\/le-drapeau-lgbt-arc-en-ciel\/\" \/>\n<meta property=\"og:locale\" content=\"fr_FR\" \/>\n<meta property=\"og:type\" content=\"article\" \/>\n<meta property=\"og:title\" content=\"Le drapeau LGBT arc-en-ciel , un jour un drapeau\" \/>\n<meta property=\"og:description\" content=\"Toutes les infos cl\u00e9s sur le drapeau LGBT cr\u00e9e le 25 juin 1978. Signification, origines et \u00e9volution, on vous dit tout !\" \/>\n<meta property=\"og:url\" content=\"https:\/\/www.macapflag.com\/blog\/le-drapeau-lgbt-arc-en-ciel\/\" \/>\n<meta property=\"og:site_name\" content=\"Blog - Macap\" \/>\n<meta property=\"article:publisher\" content=\"https:\/\/www.facebook.com\/macap.pavoisement\/\" \/>\n<meta property=\"article:published_time\" content=\"2025-06-25T06:19:00+00:00\" \/>\n<meta property=\"article:modified_time\" content=\"2025-07-04T06:21:47+00:00\" \/>\n<meta property=\"og:image\" content=\"https:\/\/www.macapflag.com\/blog\/wp-content\/uploads\/2024\/05\/Le-drapeau-LGBT.jpg\" \/>\n\t<meta property=\"og:image:width\" content=\"870\" \/>\n\t<meta property=\"og:image:height\" content=\"600\" \/>\n\t<meta property=\"og:image:type\" content=\"image\/jpeg\" \/>\n<meta name=\"author\" content=\"Blog Macap\" \/>\n<meta name=\"twitter:card\" content=\"summary_large_image\" \/>\n<meta name=\"twitter:label1\" content=\"\u00c9crit par\" \/>\n\t<meta name=\"twitter:data1\" content=\"Blog Macap\" \/>\n\t<meta name=\"twitter:label2\" content=\"Dur\u00e9e de lecture estim\u00e9e\" \/>\n\t<meta name=\"twitter:data2\" content=\"4 minutes\" \/>\n<script type=\"application\/ld+json\" class=\"yoast-schema-graph\">{\"@context\":\"https:\/\/schema.org\",\"@graph\":[{\"@type\":\"Article\",\"@id\":\"https:\/\/www.macapflag.com\/blog\/le-drapeau-lgbt-arc-en-ciel\/#article\",\"isPartOf\":{\"@id\":\"https:\/\/www.macapflag.com\/blog\/le-drapeau-lgbt-arc-en-ciel\/\"},\"author\":{\"name\":\"Blog Macap\",\"@id\":\"https:\/\/www.macapflag.com\/blog\/#\/schema\/person\/3fea701f2603875e651e6b662578fc3c\"},\"headline\":\"Le drapeau LGBT arc-en-ciel\",\"datePublished\":\"2025-06-25T06:19:00+00:00\",\"dateModified\":\"2025-07-04T06:21:47+00:00\",\"mainEntityOfPage\":{\"@id\":\"https:\/\/www.macapflag.com\/blog\/le-drapeau-lgbt-arc-en-ciel\/\"},\"wordCount\":821,\"publisher\":{\"@id\":\"https:\/\/www.macapflag.com\/blog\/#organization\"},\"image\":{\"@id\":\"https:\/\/www.macapflag.com\/blog\/le-drapeau-lgbt-arc-en-ciel\/#primaryimage\"},\"thumbnailUrl\":\"https:\/\/www.macapflag.com\/blog\/wp-content\/uploads\/2024\/05\/Le-drapeau-LGBT.jpg\",\"articleSection\":[\"Le monde de la Com'\",\"News &amp; Actu\",\"Produits &amp; Solutions\"],\"inLanguage\":\"fr-FR\"},{\"@type\":\"WebPage\",\"@id\":\"https:\/\/www.macapflag.com\/blog\/le-drapeau-lgbt-arc-en-ciel\/\",\"url\":\"https:\/\/www.macapflag.com\/blog\/le-drapeau-lgbt-arc-en-ciel\/\",\"name\":\"Le drapeau LGBT arc-en-ciel , un jour un drapeau\",\"isPartOf\":{\"@id\":\"https:\/\/www.macapflag.com\/blog\/#website\"},\"primaryImageOfPage\":{\"@id\":\"https:\/\/www.macapflag.com\/blog\/le-drapeau-lgbt-arc-en-ciel\/#primaryimage\"},\"image\":{\"@id\":\"https:\/\/www.macapflag.com\/blog\/le-drapeau-lgbt-arc-en-ciel\/#primaryimage\"},\"thumbnailUrl\":\"https:\/\/www.macapflag.com\/blog\/wp-content\/uploads\/2024\/05\/Le-drapeau-LGBT.jpg\",\"datePublished\":\"2025-06-25T06:19:00+00:00\",\"dateModified\":\"2025-07-04T06:21:47+00:00\",\"description\":\"Toutes les infos cl\u00e9s sur le drapeau LGBT cr\u00e9e le 25 juin 1978. Signification, origines et \u00e9volution, on vous dit tout !\",\"breadcrumb\":{\"@id\":\"https:\/\/www.macapflag.com\/blog\/le-drapeau-lgbt-arc-en-ciel\/#breadcrumb\"},\"inLanguage\":\"fr-FR\",\"potentialAction\":[{\"@type\":\"ReadAction\",\"target\":[\"https:\/\/www.macapflag.com\/blog\/le-drapeau-lgbt-arc-en-ciel\/\"]}]},{\"@type\":\"ImageObject\",\"inLanguage\":\"fr-FR\",\"@id\":\"https:\/\/www.macapflag.com\/blog\/le-drapeau-lgbt-arc-en-ciel\/#primaryimage\",\"url\":\"https:\/\/www.macapflag.com\/blog\/wp-content\/uploads\/2024\/05\/Le-drapeau-LGBT.jpg\",\"contentUrl\":\"https:\/\/www.macapflag.com\/blog\/wp-content\/uploads\/2024\/05\/Le-drapeau-LGBT.jpg\",\"width\":870,\"height\":600,\"caption\":\"Le drapeau arc-en-ciel LGBT\"},{\"@type\":\"BreadcrumbList\",\"@id\":\"https:\/\/www.macapflag.com\/blog\/le-drapeau-lgbt-arc-en-ciel\/#breadcrumb\",\"itemListElement\":[{\"@type\":\"ListItem\",\"position\":1,\"name\":\"Accueil\",\"item\":\"https:\/\/www.macapflag.com\/blog\/\"},{\"@type\":\"ListItem\",\"position\":2,\"name\":\"Le drapeau LGBT arc-en-ciel\"}]},{\"@type\":\"WebSite\",\"@id\":\"https:\/\/www.macapflag.com\/blog\/#website\",\"url\":\"https:\/\/www.macapflag.com\/blog\/\",\"name\":\"Blog - Macap\",\"description\":\"Tous nos articles\",\"publisher\":{\"@id\":\"https:\/\/www.macapflag.com\/blog\/#organization\"},\"potentialAction\":[{\"@type\":\"SearchAction\",\"target\":{\"@type\":\"EntryPoint\",\"urlTemplate\":\"https:\/\/www.macapflag.com\/blog\/?s={search_term_string}\"},\"query-input\":{\"@type\":\"PropertyValueSpecification\",\"valueRequired\":true,\"valueName\":\"search_term_string\"}}],\"inLanguage\":\"fr-FR\"},{\"@type\":\"Organization\",\"@id\":\"https:\/\/www.macapflag.com\/blog\/#organization\",\"name\":\"macapflag\",\"url\":\"https:\/\/www.macapflag.com\/blog\/\",\"logo\":{\"@type\":\"ImageObject\",\"inLanguage\":\"fr-FR\",\"@id\":\"https:\/\/www.macapflag.com\/blog\/#\/schema\/logo\/image\/\",\"url\":\"https:\/\/www.macapflag.com\/blog\/wp-content\/uploads\/2020\/12\/cropped-M-512-1.png\",\"contentUrl\":\"https:\/\/www.macapflag.com\/blog\/wp-content\/uploads\/2020\/12\/cropped-M-512-1.png\",\"width\":512,\"height\":512,\"caption\":\"macapflag\"},\"image\":{\"@id\":\"https:\/\/www.macapflag.com\/blog\/#\/schema\/logo\/image\/\"},\"sameAs\":[\"https:\/\/www.facebook.com\/macap.pavoisement\/\",\"https:\/\/www.instagram.com\/macapflag\/?hl=fr\",\"https:\/\/www.linkedin.com\/company\/macap\/?originalSubdomain=fr\",\"https:\/\/www.youtube.com\/channel\/UCXNzTIdZh9poEBjSXEqDtNw\"]},{\"@type\":\"Person\",\"@id\":\"https:\/\/www.macapflag.com\/blog\/#\/schema\/person\/3fea701f2603875e651e6b662578fc3c\",\"name\":\"Blog Macap\",\"image\":{\"@type\":\"ImageObject\",\"inLanguage\":\"fr-FR\",\"@id\":\"https:\/\/www.macapflag.com\/blog\/#\/schema\/person\/image\/\",\"url\":\"https:\/\/secure.gravatar.com\/avatar\/c12551f2dc51f0db049633b03e7856985477a70da834cc8967dea4ce54bdd6a2?s=96&d=mm&r=g\",\"contentUrl\":\"https:\/\/secure.gravatar.com\/avatar\/c12551f2dc51f0db049633b03e7856985477a70da834cc8967dea4ce54bdd6a2?s=96&d=mm&r=g\",\"caption\":\"Blog Macap\"},\"url\":\"https:\/\/www.macapflag.com\/blog\/author\/macap\/\"}]}<\/script>\n<!-- \/ Yoast SEO plugin. -->","yoast_head_json":{"title":"Le drapeau LGBT arc-en-ciel , un jour un drapeau","description":"Toutes les infos cl\u00e9s sur le drapeau LGBT cr\u00e9e le 25 juin 1978. Signification, origines et \u00e9volution, on vous dit tout !","robots":{"index":"index","follow":"follow","max-snippet":"max-snippet:-1","max-image-preview":"max-image-preview:large","max-video-preview":"max-video-preview:-1"},"canonical":"https:\/\/www.macapflag.com\/blog\/le-drapeau-lgbt-arc-en-ciel\/","og_locale":"fr_FR","og_type":"article","og_title":"Le drapeau LGBT arc-en-ciel , un jour un drapeau","og_description":"Toutes les infos cl\u00e9s sur le drapeau LGBT cr\u00e9e le 25 juin 1978. Signification, origines et \u00e9volution, on vous dit tout !","og_url":"https:\/\/www.macapflag.com\/blog\/le-drapeau-lgbt-arc-en-ciel\/","og_site_name":"Blog - Macap","article_publisher":"https:\/\/www.facebook.com\/macap.pavoisement\/","article_published_time":"2025-06-25T06:19:00+00:00","article_modified_time":"2025-07-04T06:21:47+00:00","og_image":[{"width":870,"height":600,"url":"https:\/\/www.macapflag.com\/blog\/wp-content\/uploads\/2024\/05\/Le-drapeau-LGBT.jpg","type":"image\/jpeg"}],"author":"Blog Macap","twitter_card":"summary_large_image","twitter_misc":{"\u00c9crit par":"Blog Macap","Dur\u00e9e de lecture estim\u00e9e":"4 minutes"},"schema":{"@context":"https:\/\/schema.org","@graph":[{"@type":"Article","@id":"https:\/\/www.macapflag.com\/blog\/le-drapeau-lgbt-arc-en-ciel\/#article","isPartOf":{"@id":"https:\/\/www.macapflag.com\/blog\/le-drapeau-lgbt-arc-en-ciel\/"},"author":{"name":"Blog Macap","@id":"https:\/\/www.macapflag.com\/blog\/#\/schema\/person\/3fea701f2603875e651e6b662578fc3c"},"headline":"Le drapeau LGBT arc-en-ciel","datePublished":"2025-06-25T06:19:00+00:00","dateModified":"2025-07-04T06:21:47+00:00","mainEntityOfPage":{"@id":"https:\/\/www.macapflag.com\/blog\/le-drapeau-lgbt-arc-en-ciel\/"},"wordCount":821,"publisher":{"@id":"https:\/\/www.macapflag.com\/blog\/#organization"},"image":{"@id":"https:\/\/www.macapflag.com\/blog\/le-drapeau-lgbt-arc-en-ciel\/#primaryimage"},"thumbnailUrl":"https:\/\/www.macapflag.com\/blog\/wp-content\/uploads\/2024\/05\/Le-drapeau-LGBT.jpg","articleSection":["Le monde de la Com'","News &amp; Actu","Produits &amp; Solutions"],"inLanguage":"fr-FR"},{"@type":"WebPage","@id":"https:\/\/www.macapflag.com\/blog\/le-drapeau-lgbt-arc-en-ciel\/","url":"https:\/\/www.macapflag.com\/blog\/le-drapeau-lgbt-arc-en-ciel\/","name":"Le drapeau LGBT arc-en-ciel , un jour un drapeau","isPartOf":{"@id":"https:\/\/www.macapflag.com\/blog\/#website"},"primaryImageOfPage":{"@id":"https:\/\/www.macapflag.com\/blog\/le-drapeau-lgbt-arc-en-ciel\/#primaryimage"},"image":{"@id":"https:\/\/www.macapflag.com\/blog\/le-drapeau-lgbt-arc-en-ciel\/#primaryimage"},"thumbnailUrl":"https:\/\/www.macapflag.com\/blog\/wp-content\/uploads\/2024\/05\/Le-drapeau-LGBT.jpg","datePublished":"2025-06-25T06:19:00+00:00","dateModified":"2025-07-04T06:21:47+00:00","description":"Toutes les infos cl\u00e9s sur le drapeau LGBT cr\u00e9e le 25 juin 1978. Signification, origines et \u00e9volution, on vous dit tout !","breadcrumb":{"@id":"https:\/\/www.macapflag.com\/blog\/le-drapeau-lgbt-arc-en-ciel\/#breadcrumb"},"inLanguage":"fr-FR","potentialAction":[{"@type":"ReadAction","target":["https:\/\/www.macapflag.com\/blog\/le-drapeau-lgbt-arc-en-ciel\/"]}]},{"@type":"ImageObject","inLanguage":"fr-FR","@id":"https:\/\/www.macapflag.com\/blog\/le-drapeau-lgbt-arc-en-ciel\/#primaryimage","url":"https:\/\/www.macapflag.com\/blog\/wp-content\/uploads\/2024\/05\/Le-drapeau-LGBT.jpg","contentUrl":"https:\/\/www.macapflag.com\/blog\/wp-content\/uploads\/2024\/05\/Le-drapeau-LGBT.jpg","width":870,"height":600,"caption":"Le drapeau arc-en-ciel LGBT"},{"@type":"BreadcrumbList","@id":"https:\/\/www.macapflag.com\/blog\/le-drapeau-lgbt-arc-en-ciel\/#breadcrumb","itemListElement":[{"@type":"ListItem","position":1,"name":"Accueil","item":"https:\/\/www.macapflag.com\/blog\/"},{"@type":"ListItem","position":2,"name":"Le drapeau LGBT arc-en-ciel"}]},{"@type":"WebSite","@id":"https:\/\/www.macapflag.com\/blog\/#website","url":"https:\/\/www.macapflag.com\/blog\/","name":"Blog - Macap","description":"Tous nos articles","publisher":{"@id":"https:\/\/www.macapflag.com\/blog\/#organization"},"potentialAction":[{"@type":"SearchAction","target":{"@type":"EntryPoint","urlTemplate":"https:\/\/www.macapflag.com\/blog\/?s={search_term_string}"},"query-input":{"@type":"PropertyValueSpecification","valueRequired":true,"valueName":"search_term_string"}}],"inLanguage":"fr-FR"},{"@type":"Organization","@id":"https:\/\/www.macapflag.com\/blog\/#organization","name":"macapflag","url":"https:\/\/www.macapflag.com\/blog\/","logo":{"@type":"ImageObject","inLanguage":"fr-FR","@id":"https:\/\/www.macapflag.com\/blog\/#\/schema\/logo\/image\/","url":"https:\/\/www.macapflag.com\/blog\/wp-content\/uploads\/2020\/12\/cropped-M-512-1.png","contentUrl":"https:\/\/www.macapflag.com\/blog\/wp-content\/uploads\/2020\/12\/cropped-M-512-1.png","width":512,"height":512,"caption":"macapflag"},"image":{"@id":"https:\/\/www.macapflag.com\/blog\/#\/schema\/logo\/image\/"},"sameAs":["https:\/\/www.facebook.com\/macap.pavoisement\/","https:\/\/www.instagram.com\/macapflag\/?hl=fr","https:\/\/www.linkedin.com\/company\/macap\/?originalSubdomain=fr","https:\/\/www.youtube.com\/channel\/UCXNzTIdZh9poEBjSXEqDtNw"]},{"@type":"Person","@id":"https:\/\/www.macapflag.com\/blog\/#\/schema\/person\/3fea701f2603875e651e6b662578fc3c","name":"Blog Macap","image":{"@type":"ImageObject","inLanguage":"fr-FR","@id":"https:\/\/www.macapflag.com\/blog\/#\/schema\/person\/image\/","url":"https:\/\/secure.gravatar.com\/avatar\/c12551f2dc51f0db049633b03e7856985477a70da834cc8967dea4ce54bdd6a2?s=96&d=mm&r=g","contentUrl":"https:\/\/secure.gravatar.com\/avatar\/c12551f2dc51f0db049633b03e7856985477a70da834cc8967dea4ce54bdd6a2?s=96&d=mm&r=g","caption":"Blog Macap"},"url":"https:\/\/www.macapflag.com\/blog\/author\/macap\/"}]}},"_links":{"self":[{"href":"https:\/\/www.macapflag.com\/blog\/wp-json\/wp\/v2\/posts\/17513","targetHints":{"allow":["GET"]}}],"collection":[{"href":"https:\/\/www.macapflag.com\/blog\/wp-json\/wp\/v2\/posts"}],"about":[{"href":"https:\/\/www.macapflag.com\/blog\/wp-json\/wp\/v2\/types\/post"}],"author":[{"embeddable":true,"href":"https:\/\/www.macapflag.com\/blog\/wp-json\/wp\/v2\/users\/2"}],"replies":[{"embeddable":true,"href":"https:\/\/www.macapflag.com\/blog\/wp-json\/wp\/v2\/comments?post=17513"}],"version-history":[{"count":21,"href":"https:\/\/www.macapflag.com\/blog\/wp-json\/wp\/v2\/posts\/17513\/revisions"}],"predecessor-version":[{"id":21114,"href":"https:\/\/www.macapflag.com\/blog\/wp-json\/wp\/v2\/posts\/17513\/revisions\/21114"}],"wp:featuredmedia":[{"embeddable":true,"href":"https:\/\/www.macapflag.com\/blog\/wp-json\/wp\/v2\/media\/17514"}],"wp:attachment":[{"href":"https:\/\/www.macapflag.com\/blog\/wp-json\/wp\/v2\/media?parent=17513"}],"wp:term":[{"taxonomy":"category","embeddable":true,"href":"https:\/\/www.macapflag.com\/blog\/wp-json\/wp\/v2\/categories?post=17513"},{"taxonomy":"post_tag","embeddable":true,"href":"https:\/\/www.macapflag.com\/blog\/wp-json\/wp\/v2\/tags?post=17513"}],"curies":[{"name":"wp","href":"https:\/\/api.w.org\/{rel}","templated":true}]}}