{"id":17675,"date":"2024-07-26T08:00:00","date_gmt":"2024-07-26T06:00:00","guid":{"rendered":"https:\/\/www.macapflag.com\/blog\/?p=17675"},"modified":"2024-07-05T09:33:18","modified_gmt":"2024-07-05T07:33:18","slug":"ouverture-jo-paris-2024","status":"publish","type":"post","link":"https:\/\/www.macapflag.com\/blog\/ouverture-jo-paris-2024\/","title":{"rendered":"L\u2019ouverture des JO de Paris 2024, un \u00e9v\u00e8nement historique"},"content":{"rendered":"\t\t<div data-elementor-type=\"wp-post\" data-elementor-id=\"17675\" class=\"elementor elementor-17675\">\n\t\t\t\t\t\t<section class=\"elementor-section elementor-top-section elementor-element elementor-element-758629b elementor-section-boxed elementor-section-height-default elementor-section-height-default\" data-id=\"758629b\" data-element_type=\"section\">\n\t\t\t\t\t\t<div class=\"elementor-container elementor-column-gap-default\">\n\t\t\t\t\t<div class=\"elementor-column elementor-col-100 elementor-top-column elementor-element elementor-element-c041c86\" data-id=\"c041c86\" data-element_type=\"column\">\n\t\t\t<div class=\"elementor-widget-wrap elementor-element-populated\">\n\t\t\t\t\t\t<div class=\"elementor-element elementor-element-e171002 elementor-widget elementor-widget-text-editor\" data-id=\"e171002\" data-element_type=\"widget\" data-widget_type=\"text-editor.default\">\n\t\t\t\t<div class=\"elementor-widget-container\">\n\t\t\t\t\t\t\t\t\t<p>Ce 26 juillet 2024, Paris accueille la c\u00e9r\u00e9monie d&#8217;ouverture des Jeux Olympiques d&#8217;\u00e9t\u00e9 qui marquent un moment historique pour la ville lumi\u00e8re. C&#8217;est la troisi\u00e8me fois que Paris a l&#8217;honneur de recevoir les Jeux Olympiques, apr\u00e8s les \u00e9ditions de 1900 et 1924. Cet \u00e9v\u00e9nement tant attendu promet d&#8217;\u00eatre une c\u00e9l\u00e9bration \u00e9clatante de l&#8217;esprit sportif, de la culture fran\u00e7aise dans un contexte de relations internationales troubl\u00e9.<\/p>\t\t\t\t\t\t\t\t<\/div>\n\t\t\t\t<\/div>\n\t\t\t\t\t<\/div>\n\t\t<\/div>\n\t\t\t\t\t<\/div>\n\t\t<\/section>\n\t\t\t\t<section class=\"elementor-section elementor-top-section elementor-element elementor-element-8bc4416 elementor-section-boxed elementor-section-height-default elementor-section-height-default\" data-id=\"8bc4416\" data-element_type=\"section\">\n\t\t\t\t\t\t<div class=\"elementor-container elementor-column-gap-default\">\n\t\t\t\t\t<div class=\"elementor-column elementor-col-100 elementor-top-column elementor-element elementor-element-5889466\" data-id=\"5889466\" data-element_type=\"column\">\n\t\t\t<div class=\"elementor-widget-wrap elementor-element-populated\">\n\t\t\t\t\t\t<div class=\"elementor-element elementor-element-bd01a8f elementor-widget elementor-widget-text-editor\" data-id=\"bd01a8f\" data-element_type=\"widget\" data-widget_type=\"text-editor.default\">\n\t\t\t\t<div class=\"elementor-widget-container\">\n\t\t\t\t\t\t\t\t\t<h2>Une c\u00e9r\u00e9monie spectaculaire<\/h2>\t\t\t\t\t\t\t\t<\/div>\n\t\t\t\t<\/div>\n\t\t\t\t\t<\/div>\n\t\t<\/div>\n\t\t\t\t\t<\/div>\n\t\t<\/section>\n\t\t\t\t<section class=\"elementor-section elementor-top-section elementor-element elementor-element-eec7a56 elementor-section-boxed elementor-section-height-default elementor-section-height-default\" data-id=\"eec7a56\" data-element_type=\"section\">\n\t\t\t\t\t\t<div class=\"elementor-container elementor-column-gap-default\">\n\t\t\t\t\t<div class=\"elementor-column elementor-col-100 elementor-top-column elementor-element elementor-element-8cf8ac3\" data-id=\"8cf8ac3\" data-element_type=\"column\">\n\t\t\t<div class=\"elementor-widget-wrap elementor-element-populated\">\n\t\t\t\t\t\t<div class=\"elementor-element elementor-element-d0ed2b3 elementor-widget elementor-widget-text-editor\" data-id=\"d0ed2b3\" data-element_type=\"widget\" data-widget_type=\"text-editor.default\">\n\t\t\t\t<div class=\"elementor-widget-container\">\n\t\t\t\t\t\t\t\t\t<p>La c\u00e9r\u00e9monie d&#8217;ouverture se d\u00e9roule sur les berges de la Seine et non pas dans l\u2019enceinte d\u2019un stade. Des milliers d&#8217;athl\u00e8tes, repr\u00e9sentant plus de 200 nations, d\u00e9fileront sur des bateaux sp\u00e9cialement d\u00e9cor\u00e9s, cr\u00e9ant une parade nautique spectaculaire. Les monuments embl\u00e9matiques de Paris, comme la tour Eiffel, Notre-Dame et le Louvre, serviront de toile de fond \u00e0 cet \u00e9v\u00e9nement grandiose.<br \/>Le comit\u00e9 d&#8217;organisation a promis une c\u00e9r\u00e9monie qui marie tradition et innovation. Des artistes de renomm\u00e9e mondiale se produiront aux c\u00f4t\u00e9s de talents locaux, dans des performances m\u00ealant musique, danse et arts visuels. Les spectateurs, tant sur place qu&#8217;\u00e0 travers le monde, pourront s&#8217;attendre \u00e0 des moments m\u00e9morables, c\u00e9l\u00e9brant la diversit\u00e9 et la richesse de la culture fran\u00e7aise.<br \/>On sait d\u00e9j\u00e0 qu\u2019Aya Nakamura fait partie des artistes pressentis.<\/p>\t\t\t\t\t\t\t\t<\/div>\n\t\t\t\t<\/div>\n\t\t\t\t\t<\/div>\n\t\t<\/div>\n\t\t\t\t\t<\/div>\n\t\t<\/section>\n\t\t\t\t<section class=\"elementor-section elementor-top-section elementor-element elementor-element-9af1993 elementor-section-boxed elementor-section-height-default elementor-section-height-default\" data-id=\"9af1993\" data-element_type=\"section\">\n\t\t\t\t\t\t<div class=\"elementor-container elementor-column-gap-default\">\n\t\t\t\t\t<div class=\"elementor-column elementor-col-100 elementor-top-column elementor-element elementor-element-c210651\" data-id=\"c210651\" data-element_type=\"column\">\n\t\t\t<div class=\"elementor-widget-wrap elementor-element-populated\">\n\t\t\t\t\t\t<div class=\"elementor-element elementor-element-2e39fba elementor-widget elementor-widget-spacer\" data-id=\"2e39fba\" data-element_type=\"widget\" data-widget_type=\"spacer.default\">\n\t\t\t\t<div class=\"elementor-widget-container\">\n\t\t\t\t\t\t\t<div class=\"elementor-spacer\">\n\t\t\t<div class=\"elementor-spacer-inner\"><\/div>\n\t\t<\/div>\n\t\t\t\t\t\t<\/div>\n\t\t\t\t<\/div>\n\t\t\t\t\t<\/div>\n\t\t<\/div>\n\t\t\t\t\t<\/div>\n\t\t<\/section>\n\t\t\t\t<section class=\"elementor-section elementor-top-section elementor-element elementor-element-ba81b9a elementor-section-boxed elementor-section-height-default elementor-section-height-default\" data-id=\"ba81b9a\" data-element_type=\"section\">\n\t\t\t\t\t\t<div class=\"elementor-container elementor-column-gap-default\">\n\t\t\t\t\t<div class=\"elementor-column elementor-col-100 elementor-top-column elementor-element elementor-element-c902e45\" data-id=\"c902e45\" data-element_type=\"column\">\n\t\t\t<div class=\"elementor-widget-wrap elementor-element-populated\">\n\t\t\t\t\t\t<div class=\"elementor-element elementor-element-ee50a2e elementor-widget elementor-widget-text-editor\" data-id=\"ee50a2e\" data-element_type=\"widget\" data-widget_type=\"text-editor.default\">\n\t\t\t\t<div class=\"elementor-widget-container\">\n\t\t\t\t\t\t\t\t\t<h2>Un hommage \u00e0 l&#8217;histoire et \u00e0 la modernit\u00e9<\/h2>\t\t\t\t\t\t\t\t<\/div>\n\t\t\t\t<\/div>\n\t\t\t\t\t<\/div>\n\t\t<\/div>\n\t\t\t\t\t<\/div>\n\t\t<\/section>\n\t\t\t\t<section class=\"elementor-section elementor-top-section elementor-element elementor-element-ed8fac9 elementor-section-boxed elementor-section-height-default elementor-section-height-default\" data-id=\"ed8fac9\" data-element_type=\"section\">\n\t\t\t\t\t\t<div class=\"elementor-container elementor-column-gap-default\">\n\t\t\t\t\t<div class=\"elementor-column elementor-col-100 elementor-top-column elementor-element elementor-element-6023f4e\" data-id=\"6023f4e\" data-element_type=\"column\">\n\t\t\t<div class=\"elementor-widget-wrap elementor-element-populated\">\n\t\t\t\t\t\t<div class=\"elementor-element elementor-element-08c1bbb elementor-widget elementor-widget-text-editor\" data-id=\"08c1bbb\" data-element_type=\"widget\" data-widget_type=\"text-editor.default\">\n\t\t\t\t<div class=\"elementor-widget-container\">\n\t\t\t\t\t\t\t\t\t<p>Paris 2024 mettra un point d&#8217;honneur \u00e0 rendre hommage \u00e0 l&#8217;histoire des Jeux Olympiques tout en regardant vers l&#8217;avenir. La ville est profond\u00e9ment enracin\u00e9e dans l&#8217;histoire olympique, et cet \u00e9v\u00e9nement marquera le centenaire des Jeux de 1924, \u00e9galement organis\u00e9s \u00e0 Paris. <\/p>\t\t\t\t\t\t\t\t<\/div>\n\t\t\t\t<\/div>\n\t\t\t\t\t<\/div>\n\t\t<\/div>\n\t\t\t\t\t<\/div>\n\t\t<\/section>\n\t\t\t\t<section class=\"elementor-section elementor-top-section elementor-element elementor-element-03b43dc elementor-section-boxed elementor-section-height-default elementor-section-height-default\" data-id=\"03b43dc\" data-element_type=\"section\">\n\t\t\t\t\t\t<div class=\"elementor-container elementor-column-gap-default\">\n\t\t\t\t\t<div class=\"elementor-column elementor-col-100 elementor-top-column elementor-element elementor-element-e11935d\" data-id=\"e11935d\" data-element_type=\"column\">\n\t\t\t<div class=\"elementor-widget-wrap elementor-element-populated\">\n\t\t\t\t\t\t<div class=\"elementor-element elementor-element-bf37710 elementor-widget elementor-widget-spacer\" data-id=\"bf37710\" data-element_type=\"widget\" data-widget_type=\"spacer.default\">\n\t\t\t\t<div class=\"elementor-widget-container\">\n\t\t\t\t\t\t\t<div class=\"elementor-spacer\">\n\t\t\t<div class=\"elementor-spacer-inner\"><\/div>\n\t\t<\/div>\n\t\t\t\t\t\t<\/div>\n\t\t\t\t<\/div>\n\t\t\t\t\t<\/div>\n\t\t<\/div>\n\t\t\t\t\t<\/div>\n\t\t<\/section>\n\t\t\t\t<section class=\"elementor-section elementor-top-section elementor-element elementor-element-e41a0d3 elementor-section-boxed elementor-section-height-default elementor-section-height-default\" data-id=\"e41a0d3\" data-element_type=\"section\">\n\t\t\t\t\t\t<div class=\"elementor-container elementor-column-gap-default\">\n\t\t\t\t\t<div class=\"elementor-column elementor-col-100 elementor-top-column elementor-element elementor-element-20ce16a\" data-id=\"20ce16a\" data-element_type=\"column\">\n\t\t\t<div class=\"elementor-widget-wrap elementor-element-populated\">\n\t\t\t\t\t\t<div class=\"elementor-element elementor-element-e7bed59 elementor-widget elementor-widget-text-editor\" data-id=\"e7bed59\" data-element_type=\"widget\" data-widget_type=\"text-editor.default\">\n\t\t\t\t<div class=\"elementor-widget-container\">\n\t\t\t\t\t\t\t\t\t<h2>L&#8217;environnement annonc\u00e9 comme \u00e9tant au c\u0153ur de l&#8217;\u00e9v\u00e9nement<\/h2>\t\t\t\t\t\t\t\t<\/div>\n\t\t\t\t<\/div>\n\t\t\t\t\t<\/div>\n\t\t<\/div>\n\t\t\t\t\t<\/div>\n\t\t<\/section>\n\t\t\t\t<section class=\"elementor-section elementor-top-section elementor-element elementor-element-0007d74 elementor-section-boxed elementor-section-height-default elementor-section-height-default\" data-id=\"0007d74\" data-element_type=\"section\">\n\t\t\t\t\t\t<div class=\"elementor-container elementor-column-gap-default\">\n\t\t\t\t\t<div class=\"elementor-column elementor-col-100 elementor-top-column elementor-element elementor-element-e6c8e9f\" data-id=\"e6c8e9f\" data-element_type=\"column\">\n\t\t\t<div class=\"elementor-widget-wrap elementor-element-populated\">\n\t\t\t\t\t\t<div class=\"elementor-element elementor-element-785c36b elementor-widget elementor-widget-text-editor\" data-id=\"785c36b\" data-element_type=\"widget\" data-widget_type=\"text-editor.default\">\n\t\t\t\t<div class=\"elementor-widget-container\">\n\t\t\t\t\t\t\t\t\t<p>Un des points forts de ces Jeux sera l&#8217;accent mis sur la durabilit\u00e9 et l&#8217;\u00e9cologie. Paris 2024 s&#8217;est engag\u00e9 \u00e0 organiser des Jeux respectueux de l&#8217;environnement, avec une r\u00e9duction significative de l&#8217;empreinte carbone. La c\u00e9r\u00e9monie d&#8217;ouverture elle-m\u00eame devrait mettre en lumi\u00e8re des initiatives \u00e9cologiques et des messages de pr\u00e9servation de la plan\u00e8te. Cette c\u00e9r\u00e9monie se veut inspirante pour des millions de spectateurs \u00e0 travers le monde afin de les inciter \u00e0 adopter des pratiques plus durables.<\/p>\t\t\t\t\t\t\t\t<\/div>\n\t\t\t\t<\/div>\n\t\t\t\t\t<\/div>\n\t\t<\/div>\n\t\t\t\t\t<\/div>\n\t\t<\/section>\n\t\t\t\t<section class=\"elementor-section elementor-top-section elementor-element elementor-element-6e5bb4b elementor-section-boxed elementor-section-height-default elementor-section-height-default\" data-id=\"6e5bb4b\" data-element_type=\"section\">\n\t\t\t\t\t\t<div class=\"elementor-container elementor-column-gap-default\">\n\t\t\t\t\t<div class=\"elementor-column elementor-col-100 elementor-top-column elementor-element elementor-element-bdae815\" data-id=\"bdae815\" data-element_type=\"column\">\n\t\t\t<div class=\"elementor-widget-wrap elementor-element-populated\">\n\t\t\t\t\t\t<div class=\"elementor-element elementor-element-81c840a elementor-widget elementor-widget-spacer\" data-id=\"81c840a\" data-element_type=\"widget\" data-widget_type=\"spacer.default\">\n\t\t\t\t<div class=\"elementor-widget-container\">\n\t\t\t\t\t\t\t<div class=\"elementor-spacer\">\n\t\t\t<div class=\"elementor-spacer-inner\"><\/div>\n\t\t<\/div>\n\t\t\t\t\t\t<\/div>\n\t\t\t\t<\/div>\n\t\t\t\t\t<\/div>\n\t\t<\/div>\n\t\t\t\t\t<\/div>\n\t\t<\/section>\n\t\t\t\t<section class=\"elementor-section elementor-top-section elementor-element elementor-element-11b8a28 elementor-section-boxed elementor-section-height-default elementor-section-height-default\" data-id=\"11b8a28\" data-element_type=\"section\">\n\t\t\t\t\t\t<div class=\"elementor-container elementor-column-gap-default\">\n\t\t\t\t\t<div class=\"elementor-column elementor-col-100 elementor-top-column elementor-element elementor-element-9a3a2f3\" data-id=\"9a3a2f3\" data-element_type=\"column\">\n\t\t\t<div class=\"elementor-widget-wrap elementor-element-populated\">\n\t\t\t\t\t\t<div class=\"elementor-element elementor-element-9dbe982 elementor-widget elementor-widget-text-editor\" data-id=\"9dbe982\" data-element_type=\"widget\" data-widget_type=\"text-editor.default\">\n\t\t\t\t<div class=\"elementor-widget-container\">\n\t\t\t\t\t\t\t\t\t<h2>Une ville en effervescence<\/h2>\t\t\t\t\t\t\t\t<\/div>\n\t\t\t\t<\/div>\n\t\t\t\t\t<\/div>\n\t\t<\/div>\n\t\t\t\t\t<\/div>\n\t\t<\/section>\n\t\t\t\t<section class=\"elementor-section elementor-top-section elementor-element elementor-element-2f81bd5 elementor-section-boxed elementor-section-height-default elementor-section-height-default\" data-id=\"2f81bd5\" data-element_type=\"section\">\n\t\t\t\t\t\t<div class=\"elementor-container elementor-column-gap-default\">\n\t\t\t\t\t<div class=\"elementor-column elementor-col-100 elementor-top-column elementor-element elementor-element-8cb516f\" data-id=\"8cb516f\" data-element_type=\"column\">\n\t\t\t<div class=\"elementor-widget-wrap elementor-element-populated\">\n\t\t\t\t\t\t<div class=\"elementor-element elementor-element-657efd7 elementor-widget elementor-widget-text-editor\" data-id=\"657efd7\" data-element_type=\"widget\" data-widget_type=\"text-editor.default\">\n\t\t\t\t<div class=\"elementor-widget-container\">\n\t\t\t\t\t\t\t\t\t<p>Les Jeux Olympiques transformeront Paris en une v\u00e9ritable f\u00eate mondiale du sport. Des millions de visiteurs sont attendus pour assister aux comp\u00e9titions, d\u00e9couvrir la ville et participer aux nombreux \u00e9v\u00e9nements culturels et festifs organis\u00e9s tout au long des Jeux. Les quartiers de Paris, habituellement anim\u00e9s, devraient l\u2019\u00eatre encore plus.<br \/>Les Parisiens doivent ainsi se pr\u00e9parer \u00e0 accueillir les visiteurs du monde entier. Les Jeux sont mis en avant comme une opportunit\u00e9 de montrer le meilleur de la France : son patrimoine culturel, sa gastronomie, son art de vivre, et bien s\u00fbr, sa passion pour le sport.<\/p>\t\t\t\t\t\t\t\t<\/div>\n\t\t\t\t<\/div>\n\t\t\t\t\t<\/div>\n\t\t<\/div>\n\t\t\t\t\t<\/div>\n\t\t<\/section>\n\t\t\t\t<section class=\"elementor-section elementor-top-section elementor-element elementor-element-f6ecf93 elementor-section-boxed elementor-section-height-default elementor-section-height-default\" data-id=\"f6ecf93\" data-element_type=\"section\">\n\t\t\t\t\t\t<div class=\"elementor-container elementor-column-gap-default\">\n\t\t\t\t\t<div class=\"elementor-column elementor-col-100 elementor-top-column elementor-element elementor-element-0763bb2\" data-id=\"0763bb2\" data-element_type=\"column\">\n\t\t\t<div class=\"elementor-widget-wrap elementor-element-populated\">\n\t\t\t\t\t\t<div class=\"elementor-element elementor-element-373b1c7 elementor-widget-divider--view-line elementor-widget elementor-widget-divider\" data-id=\"373b1c7\" data-element_type=\"widget\" data-widget_type=\"divider.default\">\n\t\t\t\t<div class=\"elementor-widget-container\">\n\t\t\t\t\t\t\t<div class=\"elementor-divider\">\n\t\t\t<span class=\"elementor-divider-separator\">\n\t\t\t\t\t\t<\/span>\n\t\t<\/div>\n\t\t\t\t\t\t<\/div>\n\t\t\t\t<\/div>\n\t\t\t\t\t<\/div>\n\t\t<\/div>\n\t\t\t\t\t<\/div>\n\t\t<\/section>\n\t\t\t\t<section class=\"elementor-section elementor-top-section elementor-element elementor-element-86af6b1 elementor-section-boxed elementor-section-height-default elementor-section-height-default\" data-id=\"86af6b1\" data-element_type=\"section\">\n\t\t\t\t\t\t<div class=\"elementor-container elementor-column-gap-default\">\n\t\t\t\t\t<div class=\"elementor-column elementor-col-100 elementor-top-column elementor-element elementor-element-c7adf5b\" data-id=\"c7adf5b\" data-element_type=\"column\">\n\t\t\t<div class=\"elementor-widget-wrap elementor-element-populated\">\n\t\t\t\t\t\t<div class=\"elementor-element elementor-element-5fc4ea1 elementor-widget elementor-widget-text-editor\" data-id=\"5fc4ea1\" data-element_type=\"widget\" data-widget_type=\"text-editor.default\">\n\t\t\t\t<div class=\"elementor-widget-container\">\n\t\t\t\t\t\t\t\t\t<p><em>Sources et infos officielles \u00e0 propos des Jeux Olympiques sur le site officiel :<\/em> <a href=\"https:\/\/olympics.com\/fr\/paris-2024\"><span style=\"color: #3366ff;\"><strong>https:\/\/olympics.com\/fr\/paris-2024<\/strong><\/span><\/a><\/p><p><em>Retrouvez aussi d&#8217;autres articles sur ce sujet :<br \/><\/em><a href=\"https:\/\/www.macapflag.com\/blog\/lagenda-olympique-des-jeux-de-paris-2024-par-discipline\/\" target=\"_blank\" rel=\"noopener\"><span style=\"color: #3366ff;\"><strong>L\u2019agenda olympique des jeux de Paris 2024 par discipline<\/strong><\/span><\/a><br \/><a href=\"https:\/\/www.macapflag.com\/blog\/jo-publicite-exterieure\/\" target=\"_blank\" rel=\"noopener\"><strong><span style=\"color: #3366ff;\">Jeux Olympiques et Paralympiques de Paris 2024, des mesures sp\u00e9cifiques pr\u00e9vues en mati\u00e8re de publicit\u00e9 ext\u00e9rieure<\/span><\/strong><\/a><br \/><a href=\"https:\/\/www.macapflag.com\/blog\/pictos\/\" target=\"_blank\" rel=\"noopener\"><strong><span style=\"color: #3366ff;\">Les pictos des \u00e9preuves olympiques libres de droit<\/span><\/strong><\/a><\/p>\t\t\t\t\t\t\t\t<\/div>\n\t\t\t\t<\/div>\n\t\t\t\t\t<\/div>\n\t\t<\/div>\n\t\t\t\t\t<\/div>\n\t\t<\/section>\n\t\t\t\t<section class=\"elementor-section elementor-top-section elementor-element elementor-element-767fabf elementor-section-boxed elementor-section-height-default elementor-section-height-default\" data-id=\"767fabf\" data-element_type=\"section\">\n\t\t\t\t\t\t<div class=\"elementor-container elementor-column-gap-default\">\n\t\t\t\t\t<div class=\"elementor-column elementor-col-100 elementor-top-column elementor-element elementor-element-22f0461\" data-id=\"22f0461\" data-element_type=\"column\">\n\t\t\t<div class=\"elementor-widget-wrap elementor-element-populated\">\n\t\t\t\t\t\t<div class=\"elementor-element elementor-element-747a1a5 elementor-widget elementor-widget-image\" data-id=\"747a1a5\" data-element_type=\"widget\" data-widget_type=\"image.default\">\n\t\t\t\t<div class=\"elementor-widget-container\">\n\t\t\t\t\t\t\t\t\t\t\t\t\t\t\t\t<a href=\"https:\/\/www.macapflag.com\/\" target=\"_blank\">\n\t\t\t\t\t\t\t<img fetchpriority=\"high\" decoding=\"async\" width=\"700\" height=\"320\" src=\"https:\/\/www.macapflag.com\/blog\/wp-content\/uploads\/2021\/04\/fabriquant-de-drapeaux-kakemonos-banderoles-beach-flags-oriflammes-macap.jpg\" class=\"attachment-large size-large wp-image-10133\" alt=\"Macap fabriquant de drapeaux kak\u00e9mono banderole beach flag oriflamme\" srcset=\"https:\/\/www.macapflag.com\/blog\/wp-content\/uploads\/2021\/04\/fabriquant-de-drapeaux-kakemonos-banderoles-beach-flags-oriflammes-macap.jpg 700w, https:\/\/www.macapflag.com\/blog\/wp-content\/uploads\/2021\/04\/fabriquant-de-drapeaux-kakemonos-banderoles-beach-flags-oriflammes-macap-300x137.jpg 300w\" sizes=\"(max-width: 700px) 100vw, 700px\" \/>\t\t\t\t\t\t\t\t<\/a>\n\t\t\t\t\t\t\t\t\t\t\t\t\t\t\t<\/div>\n\t\t\t\t<\/div>\n\t\t\t\t\t<\/div>\n\t\t<\/div>\n\t\t\t\t\t<\/div>\n\t\t<\/section>\n\t\t\t\t<\/div>\n\t\t","protected":false},"excerpt":{"rendered":"<div class=\"tmnf_excerpt\"><p>Ce 26 juillet 2024, Paris accueille la c\u00e9r\u00e9monie d&#8217;ouverture des Jeux Olympiques d&#8217;\u00e9t\u00e9 qui marquent un moment historique pour la ville lumi\u00e8re. C&#8217;est la troisi\u00e8me fois que Paris a l&#8217;honneur de recevoir les Jeux Olympiques, apr\u00e8s les \u00e9ditions de 1900 et 1924. Cet \u00e9v\u00e9nement tant attendu promet d&#8217;\u00eatre une c\u00e9l\u00e9bration \u00e9clatante de l&#8217;esprit sportif, de &hellip;<\/p>\n<\/div>","protected":false},"author":2,"featured_media":17676,"comment_status":"closed","ping_status":"open","sticky":false,"template":"","format":"standard","meta":{"footnotes":""},"categories":[92],"tags":[],"class_list":["post-17675","post","type-post","status-publish","format-standard","has-post-thumbnail","hentry","category-news"],"yoast_head":"<!-- This site is optimized with the Yoast SEO plugin v26.4 - https:\/\/yoast.com\/wordpress\/plugins\/seo\/ -->\n<title>L\u2019ouverture des JO de Paris 2024, un \u00e9v\u00e8nement historique - Blog - Macap<\/title>\n<meta name=\"description\" content=\"L&#039;ouverture des JO de Paris a lieu le 26 juillet. La c\u00e9r\u00e9monie spectaculaire est inspir\u00e9e par un hommage \u00e0 l&#039;histoire et la modernit\u00e9.\" \/>\n<meta name=\"robots\" content=\"index, follow, max-snippet:-1, max-image-preview:large, max-video-preview:-1\" \/>\n<link rel=\"canonical\" href=\"https:\/\/www.macapflag.com\/blog\/ouverture-jo-paris-2024\/\" \/>\n<meta property=\"og:locale\" content=\"fr_FR\" \/>\n<meta property=\"og:type\" content=\"article\" \/>\n<meta property=\"og:title\" content=\"L\u2019ouverture des JO de Paris 2024, un \u00e9v\u00e8nement historique - Blog - Macap\" \/>\n<meta property=\"og:description\" content=\"L&#039;ouverture des JO de Paris a lieu le 26 juillet. La c\u00e9r\u00e9monie spectaculaire est inspir\u00e9e par un hommage \u00e0 l&#039;histoire et la modernit\u00e9.\" \/>\n<meta property=\"og:url\" content=\"https:\/\/www.macapflag.com\/blog\/ouverture-jo-paris-2024\/\" \/>\n<meta property=\"og:site_name\" content=\"Blog - Macap\" \/>\n<meta property=\"article:publisher\" content=\"https:\/\/www.facebook.com\/macap.pavoisement\/\" \/>\n<meta property=\"article:published_time\" content=\"2024-07-26T06:00:00+00:00\" \/>\n<meta property=\"og:image\" content=\"https:\/\/www.macapflag.com\/blog\/wp-content\/uploads\/2024\/06\/ouverture-des-JO-de-Paris-2024-TITRE.jpg\" \/>\n\t<meta property=\"og:image:width\" content=\"870\" \/>\n\t<meta property=\"og:image:height\" content=\"600\" \/>\n\t<meta property=\"og:image:type\" content=\"image\/jpeg\" \/>\n<meta name=\"author\" content=\"Blog Macap\" \/>\n<meta name=\"twitter:card\" content=\"summary_large_image\" \/>\n<meta name=\"twitter:label1\" content=\"\u00c9crit par\" \/>\n\t<meta name=\"twitter:data1\" content=\"Blog Macap\" \/>\n\t<meta name=\"twitter:label2\" content=\"Dur\u00e9e de lecture estim\u00e9e\" \/>\n\t<meta name=\"twitter:data2\" content=\"3 minutes\" \/>\n<script type=\"application\/ld+json\" class=\"yoast-schema-graph\">{\"@context\":\"https:\/\/schema.org\",\"@graph\":[{\"@type\":\"Article\",\"@id\":\"https:\/\/www.macapflag.com\/blog\/ouverture-jo-paris-2024\/#article\",\"isPartOf\":{\"@id\":\"https:\/\/www.macapflag.com\/blog\/ouverture-jo-paris-2024\/\"},\"author\":{\"name\":\"Blog Macap\",\"@id\":\"https:\/\/www.macapflag.com\/blog\/#\/schema\/person\/3fea701f2603875e651e6b662578fc3c\"},\"headline\":\"L\u2019ouverture des JO de Paris 2024, un \u00e9v\u00e8nement historique\",\"datePublished\":\"2024-07-26T06:00:00+00:00\",\"mainEntityOfPage\":{\"@id\":\"https:\/\/www.macapflag.com\/blog\/ouverture-jo-paris-2024\/\"},\"wordCount\":544,\"publisher\":{\"@id\":\"https:\/\/www.macapflag.com\/blog\/#organization\"},\"image\":{\"@id\":\"https:\/\/www.macapflag.com\/blog\/ouverture-jo-paris-2024\/#primaryimage\"},\"thumbnailUrl\":\"https:\/\/www.macapflag.com\/blog\/wp-content\/uploads\/2024\/06\/ouverture-des-JO-de-Paris-2024-TITRE.jpg\",\"articleSection\":[\"News &amp; Actu\"],\"inLanguage\":\"fr-FR\"},{\"@type\":\"WebPage\",\"@id\":\"https:\/\/www.macapflag.com\/blog\/ouverture-jo-paris-2024\/\",\"url\":\"https:\/\/www.macapflag.com\/blog\/ouverture-jo-paris-2024\/\",\"name\":\"L\u2019ouverture des JO de Paris 2024, un \u00e9v\u00e8nement historique - Blog - Macap\",\"isPartOf\":{\"@id\":\"https:\/\/www.macapflag.com\/blog\/#website\"},\"primaryImageOfPage\":{\"@id\":\"https:\/\/www.macapflag.com\/blog\/ouverture-jo-paris-2024\/#primaryimage\"},\"image\":{\"@id\":\"https:\/\/www.macapflag.com\/blog\/ouverture-jo-paris-2024\/#primaryimage\"},\"thumbnailUrl\":\"https:\/\/www.macapflag.com\/blog\/wp-content\/uploads\/2024\/06\/ouverture-des-JO-de-Paris-2024-TITRE.jpg\",\"datePublished\":\"2024-07-26T06:00:00+00:00\",\"description\":\"L'ouverture des JO de Paris a lieu le 26 juillet. La c\u00e9r\u00e9monie spectaculaire est inspir\u00e9e par un hommage \u00e0 l'histoire et la modernit\u00e9.\",\"breadcrumb\":{\"@id\":\"https:\/\/www.macapflag.com\/blog\/ouverture-jo-paris-2024\/#breadcrumb\"},\"inLanguage\":\"fr-FR\",\"potentialAction\":[{\"@type\":\"ReadAction\",\"target\":[\"https:\/\/www.macapflag.com\/blog\/ouverture-jo-paris-2024\/\"]}]},{\"@type\":\"ImageObject\",\"inLanguage\":\"fr-FR\",\"@id\":\"https:\/\/www.macapflag.com\/blog\/ouverture-jo-paris-2024\/#primaryimage\",\"url\":\"https:\/\/www.macapflag.com\/blog\/wp-content\/uploads\/2024\/06\/ouverture-des-JO-de-Paris-2024-TITRE.jpg\",\"contentUrl\":\"https:\/\/www.macapflag.com\/blog\/wp-content\/uploads\/2024\/06\/ouverture-des-JO-de-Paris-2024-TITRE.jpg\",\"width\":870,\"height\":600,\"caption\":\"C\u00e9r\u00e9monie ouverture JO Paris 2024\"},{\"@type\":\"BreadcrumbList\",\"@id\":\"https:\/\/www.macapflag.com\/blog\/ouverture-jo-paris-2024\/#breadcrumb\",\"itemListElement\":[{\"@type\":\"ListItem\",\"position\":1,\"name\":\"Accueil\",\"item\":\"https:\/\/www.macapflag.com\/blog\/\"},{\"@type\":\"ListItem\",\"position\":2,\"name\":\"L\u2019ouverture des JO de Paris 2024, un \u00e9v\u00e8nement historique\"}]},{\"@type\":\"WebSite\",\"@id\":\"https:\/\/www.macapflag.com\/blog\/#website\",\"url\":\"https:\/\/www.macapflag.com\/blog\/\",\"name\":\"Blog - Macap\",\"description\":\"Tous nos articles\",\"publisher\":{\"@id\":\"https:\/\/www.macapflag.com\/blog\/#organization\"},\"potentialAction\":[{\"@type\":\"SearchAction\",\"target\":{\"@type\":\"EntryPoint\",\"urlTemplate\":\"https:\/\/www.macapflag.com\/blog\/?s={search_term_string}\"},\"query-input\":{\"@type\":\"PropertyValueSpecification\",\"valueRequired\":true,\"valueName\":\"search_term_string\"}}],\"inLanguage\":\"fr-FR\"},{\"@type\":\"Organization\",\"@id\":\"https:\/\/www.macapflag.com\/blog\/#organization\",\"name\":\"macapflag\",\"url\":\"https:\/\/www.macapflag.com\/blog\/\",\"logo\":{\"@type\":\"ImageObject\",\"inLanguage\":\"fr-FR\",\"@id\":\"https:\/\/www.macapflag.com\/blog\/#\/schema\/logo\/image\/\",\"url\":\"https:\/\/www.macapflag.com\/blog\/wp-content\/uploads\/2020\/12\/cropped-M-512-1.png\",\"contentUrl\":\"https:\/\/www.macapflag.com\/blog\/wp-content\/uploads\/2020\/12\/cropped-M-512-1.png\",\"width\":512,\"height\":512,\"caption\":\"macapflag\"},\"image\":{\"@id\":\"https:\/\/www.macapflag.com\/blog\/#\/schema\/logo\/image\/\"},\"sameAs\":[\"https:\/\/www.facebook.com\/macap.pavoisement\/\",\"https:\/\/www.instagram.com\/macapflag\/?hl=fr\",\"https:\/\/www.linkedin.com\/company\/macap\/?originalSubdomain=fr\",\"https:\/\/www.youtube.com\/channel\/UCXNzTIdZh9poEBjSXEqDtNw\"]},{\"@type\":\"Person\",\"@id\":\"https:\/\/www.macapflag.com\/blog\/#\/schema\/person\/3fea701f2603875e651e6b662578fc3c\",\"name\":\"Blog Macap\",\"image\":{\"@type\":\"ImageObject\",\"inLanguage\":\"fr-FR\",\"@id\":\"https:\/\/www.macapflag.com\/blog\/#\/schema\/person\/image\/\",\"url\":\"https:\/\/secure.gravatar.com\/avatar\/c12551f2dc51f0db049633b03e7856985477a70da834cc8967dea4ce54bdd6a2?s=96&d=mm&r=g\",\"contentUrl\":\"https:\/\/secure.gravatar.com\/avatar\/c12551f2dc51f0db049633b03e7856985477a70da834cc8967dea4ce54bdd6a2?s=96&d=mm&r=g\",\"caption\":\"Blog Macap\"},\"url\":\"https:\/\/www.macapflag.com\/blog\/author\/macap\/\"}]}<\/script>\n<!-- \/ Yoast SEO plugin. -->","yoast_head_json":{"title":"L\u2019ouverture des JO de Paris 2024, un \u00e9v\u00e8nement historique - Blog - Macap","description":"L'ouverture des JO de Paris a lieu le 26 juillet. La c\u00e9r\u00e9monie spectaculaire est inspir\u00e9e par un hommage \u00e0 l'histoire et la modernit\u00e9.","robots":{"index":"index","follow":"follow","max-snippet":"max-snippet:-1","max-image-preview":"max-image-preview:large","max-video-preview":"max-video-preview:-1"},"canonical":"https:\/\/www.macapflag.com\/blog\/ouverture-jo-paris-2024\/","og_locale":"fr_FR","og_type":"article","og_title":"L\u2019ouverture des JO de Paris 2024, un \u00e9v\u00e8nement historique - Blog - Macap","og_description":"L'ouverture des JO de Paris a lieu le 26 juillet. La c\u00e9r\u00e9monie spectaculaire est inspir\u00e9e par un hommage \u00e0 l'histoire et la modernit\u00e9.","og_url":"https:\/\/www.macapflag.com\/blog\/ouverture-jo-paris-2024\/","og_site_name":"Blog - Macap","article_publisher":"https:\/\/www.facebook.com\/macap.pavoisement\/","article_published_time":"2024-07-26T06:00:00+00:00","og_image":[{"width":870,"height":600,"url":"https:\/\/www.macapflag.com\/blog\/wp-content\/uploads\/2024\/06\/ouverture-des-JO-de-Paris-2024-TITRE.jpg","type":"image\/jpeg"}],"author":"Blog Macap","twitter_card":"summary_large_image","twitter_misc":{"\u00c9crit par":"Blog Macap","Dur\u00e9e de lecture estim\u00e9e":"3 minutes"},"schema":{"@context":"https:\/\/schema.org","@graph":[{"@type":"Article","@id":"https:\/\/www.macapflag.com\/blog\/ouverture-jo-paris-2024\/#article","isPartOf":{"@id":"https:\/\/www.macapflag.com\/blog\/ouverture-jo-paris-2024\/"},"author":{"name":"Blog Macap","@id":"https:\/\/www.macapflag.com\/blog\/#\/schema\/person\/3fea701f2603875e651e6b662578fc3c"},"headline":"L\u2019ouverture des JO de Paris 2024, un \u00e9v\u00e8nement historique","datePublished":"2024-07-26T06:00:00+00:00","mainEntityOfPage":{"@id":"https:\/\/www.macapflag.com\/blog\/ouverture-jo-paris-2024\/"},"wordCount":544,"publisher":{"@id":"https:\/\/www.macapflag.com\/blog\/#organization"},"image":{"@id":"https:\/\/www.macapflag.com\/blog\/ouverture-jo-paris-2024\/#primaryimage"},"thumbnailUrl":"https:\/\/www.macapflag.com\/blog\/wp-content\/uploads\/2024\/06\/ouverture-des-JO-de-Paris-2024-TITRE.jpg","articleSection":["News &amp; Actu"],"inLanguage":"fr-FR"},{"@type":"WebPage","@id":"https:\/\/www.macapflag.com\/blog\/ouverture-jo-paris-2024\/","url":"https:\/\/www.macapflag.com\/blog\/ouverture-jo-paris-2024\/","name":"L\u2019ouverture des JO de Paris 2024, un \u00e9v\u00e8nement historique - Blog - Macap","isPartOf":{"@id":"https:\/\/www.macapflag.com\/blog\/#website"},"primaryImageOfPage":{"@id":"https:\/\/www.macapflag.com\/blog\/ouverture-jo-paris-2024\/#primaryimage"},"image":{"@id":"https:\/\/www.macapflag.com\/blog\/ouverture-jo-paris-2024\/#primaryimage"},"thumbnailUrl":"https:\/\/www.macapflag.com\/blog\/wp-content\/uploads\/2024\/06\/ouverture-des-JO-de-Paris-2024-TITRE.jpg","datePublished":"2024-07-26T06:00:00+00:00","description":"L'ouverture des JO de Paris a lieu le 26 juillet. La c\u00e9r\u00e9monie spectaculaire est inspir\u00e9e par un hommage \u00e0 l'histoire et la modernit\u00e9.","breadcrumb":{"@id":"https:\/\/www.macapflag.com\/blog\/ouverture-jo-paris-2024\/#breadcrumb"},"inLanguage":"fr-FR","potentialAction":[{"@type":"ReadAction","target":["https:\/\/www.macapflag.com\/blog\/ouverture-jo-paris-2024\/"]}]},{"@type":"ImageObject","inLanguage":"fr-FR","@id":"https:\/\/www.macapflag.com\/blog\/ouverture-jo-paris-2024\/#primaryimage","url":"https:\/\/www.macapflag.com\/blog\/wp-content\/uploads\/2024\/06\/ouverture-des-JO-de-Paris-2024-TITRE.jpg","contentUrl":"https:\/\/www.macapflag.com\/blog\/wp-content\/uploads\/2024\/06\/ouverture-des-JO-de-Paris-2024-TITRE.jpg","width":870,"height":600,"caption":"C\u00e9r\u00e9monie ouverture JO Paris 2024"},{"@type":"BreadcrumbList","@id":"https:\/\/www.macapflag.com\/blog\/ouverture-jo-paris-2024\/#breadcrumb","itemListElement":[{"@type":"ListItem","position":1,"name":"Accueil","item":"https:\/\/www.macapflag.com\/blog\/"},{"@type":"ListItem","position":2,"name":"L\u2019ouverture des JO de Paris 2024, un \u00e9v\u00e8nement historique"}]},{"@type":"WebSite","@id":"https:\/\/www.macapflag.com\/blog\/#website","url":"https:\/\/www.macapflag.com\/blog\/","name":"Blog - Macap","description":"Tous nos articles","publisher":{"@id":"https:\/\/www.macapflag.com\/blog\/#organization"},"potentialAction":[{"@type":"SearchAction","target":{"@type":"EntryPoint","urlTemplate":"https:\/\/www.macapflag.com\/blog\/?s={search_term_string}"},"query-input":{"@type":"PropertyValueSpecification","valueRequired":true,"valueName":"search_term_string"}}],"inLanguage":"fr-FR"},{"@type":"Organization","@id":"https:\/\/www.macapflag.com\/blog\/#organization","name":"macapflag","url":"https:\/\/www.macapflag.com\/blog\/","logo":{"@type":"ImageObject","inLanguage":"fr-FR","@id":"https:\/\/www.macapflag.com\/blog\/#\/schema\/logo\/image\/","url":"https:\/\/www.macapflag.com\/blog\/wp-content\/uploads\/2020\/12\/cropped-M-512-1.png","contentUrl":"https:\/\/www.macapflag.com\/blog\/wp-content\/uploads\/2020\/12\/cropped-M-512-1.png","width":512,"height":512,"caption":"macapflag"},"image":{"@id":"https:\/\/www.macapflag.com\/blog\/#\/schema\/logo\/image\/"},"sameAs":["https:\/\/www.facebook.com\/macap.pavoisement\/","https:\/\/www.instagram.com\/macapflag\/?hl=fr","https:\/\/www.linkedin.com\/company\/macap\/?originalSubdomain=fr","https:\/\/www.youtube.com\/channel\/UCXNzTIdZh9poEBjSXEqDtNw"]},{"@type":"Person","@id":"https:\/\/www.macapflag.com\/blog\/#\/schema\/person\/3fea701f2603875e651e6b662578fc3c","name":"Blog Macap","image":{"@type":"ImageObject","inLanguage":"fr-FR","@id":"https:\/\/www.macapflag.com\/blog\/#\/schema\/person\/image\/","url":"https:\/\/secure.gravatar.com\/avatar\/c12551f2dc51f0db049633b03e7856985477a70da834cc8967dea4ce54bdd6a2?s=96&d=mm&r=g","contentUrl":"https:\/\/secure.gravatar.com\/avatar\/c12551f2dc51f0db049633b03e7856985477a70da834cc8967dea4ce54bdd6a2?s=96&d=mm&r=g","caption":"Blog Macap"},"url":"https:\/\/www.macapflag.com\/blog\/author\/macap\/"}]}},"_links":{"self":[{"href":"https:\/\/www.macapflag.com\/blog\/wp-json\/wp\/v2\/posts\/17675","targetHints":{"allow":["GET"]}}],"collection":[{"href":"https:\/\/www.macapflag.com\/blog\/wp-json\/wp\/v2\/posts"}],"about":[{"href":"https:\/\/www.macapflag.com\/blog\/wp-json\/wp\/v2\/types\/post"}],"author":[{"embeddable":true,"href":"https:\/\/www.macapflag.com\/blog\/wp-json\/wp\/v2\/users\/2"}],"replies":[{"embeddable":true,"href":"https:\/\/www.macapflag.com\/blog\/wp-json\/wp\/v2\/comments?post=17675"}],"version-history":[{"count":14,"href":"https:\/\/www.macapflag.com\/blog\/wp-json\/wp\/v2\/posts\/17675\/revisions"}],"predecessor-version":[{"id":17690,"href":"https:\/\/www.macapflag.com\/blog\/wp-json\/wp\/v2\/posts\/17675\/revisions\/17690"}],"wp:featuredmedia":[{"embeddable":true,"href":"https:\/\/www.macapflag.com\/blog\/wp-json\/wp\/v2\/media\/17676"}],"wp:attachment":[{"href":"https:\/\/www.macapflag.com\/blog\/wp-json\/wp\/v2\/media?parent=17675"}],"wp:term":[{"taxonomy":"category","embeddable":true,"href":"https:\/\/www.macapflag.com\/blog\/wp-json\/wp\/v2\/categories?post=17675"},{"taxonomy":"post_tag","embeddable":true,"href":"https:\/\/www.macapflag.com\/blog\/wp-json\/wp\/v2\/tags?post=17675"}],"curies":[{"name":"wp","href":"https:\/\/api.w.org\/{rel}","templated":true}]}}