{"id":17691,"date":"2024-08-28T08:00:00","date_gmt":"2024-08-28T06:00:00","guid":{"rendered":"https:\/\/www.macapflag.com\/blog\/?p=17691"},"modified":"2024-07-05T09:25:58","modified_gmt":"2024-07-05T07:25:58","slug":"jeux-paralympiques-paris-2024","status":"publish","type":"post","link":"https:\/\/www.macapflag.com\/blog\/jeux-paralympiques-paris-2024\/","title":{"rendered":"C&#8217;est l&#8217;ouverture des Jeux Paralympiques de Paris 2024"},"content":{"rendered":"\t\t<div data-elementor-type=\"wp-post\" data-elementor-id=\"17691\" class=\"elementor elementor-17691\">\n\t\t\t\t\t\t<section class=\"elementor-section elementor-top-section elementor-element elementor-element-758629b elementor-section-boxed elementor-section-height-default elementor-section-height-default\" data-id=\"758629b\" data-element_type=\"section\">\n\t\t\t\t\t\t<div class=\"elementor-container elementor-column-gap-default\">\n\t\t\t\t\t<div class=\"elementor-column elementor-col-100 elementor-top-column elementor-element elementor-element-c041c86\" data-id=\"c041c86\" data-element_type=\"column\">\n\t\t\t<div class=\"elementor-widget-wrap elementor-element-populated\">\n\t\t\t\t\t\t<div class=\"elementor-element elementor-element-e171002 elementor-widget elementor-widget-text-editor\" data-id=\"e171002\" data-element_type=\"widget\" data-widget_type=\"text-editor.default\">\n\t\t\t\t<div class=\"elementor-widget-container\">\n\t\t\t\t\t\t\t\t\t<p>En ce 28 ao\u00fbt 2024, Paris se pr\u00e9pare \u00e0 accueillir la c\u00e9r\u00e9monie d&#8217;ouverture des Jeux Paralympiques, un \u00e9v\u00e9nement majeur qui promet de c\u00e9l\u00e9brer non seulement le sport, mais aussi la r\u00e9silience, la diversit\u00e9 et l&#8217;inclusion. C&#8217;est la premi\u00e8re fois que Paris organise les Jeux Paralympiques, et la ville est d\u00e9termin\u00e9e \u00e0 offrir une exp\u00e9rience inoubliable pour les athl\u00e8tes, les spectateurs et le monde entier.<\/p>\t\t\t\t\t\t\t\t<\/div>\n\t\t\t\t<\/div>\n\t\t\t\t\t<\/div>\n\t\t<\/div>\n\t\t\t\t\t<\/div>\n\t\t<\/section>\n\t\t\t\t<section class=\"elementor-section elementor-top-section elementor-element elementor-element-8bc4416 elementor-section-boxed elementor-section-height-default elementor-section-height-default\" data-id=\"8bc4416\" data-element_type=\"section\">\n\t\t\t\t\t\t<div class=\"elementor-container elementor-column-gap-default\">\n\t\t\t\t\t<div class=\"elementor-column elementor-col-100 elementor-top-column elementor-element elementor-element-5889466\" data-id=\"5889466\" data-element_type=\"column\">\n\t\t\t<div class=\"elementor-widget-wrap elementor-element-populated\">\n\t\t\t\t\t\t<div class=\"elementor-element elementor-element-bd01a8f elementor-widget elementor-widget-text-editor\" data-id=\"bd01a8f\" data-element_type=\"widget\" data-widget_type=\"text-editor.default\">\n\t\t\t\t<div class=\"elementor-widget-container\">\n\t\t\t\t\t\t\t\t\t<h2>Une c\u00e9r\u00e9monie d&#8217;ouverture \u00e9blouissante<\/h2>\t\t\t\t\t\t\t\t<\/div>\n\t\t\t\t<\/div>\n\t\t\t\t\t<\/div>\n\t\t<\/div>\n\t\t\t\t\t<\/div>\n\t\t<\/section>\n\t\t\t\t<section class=\"elementor-section elementor-top-section elementor-element elementor-element-eec7a56 elementor-section-boxed elementor-section-height-default elementor-section-height-default\" data-id=\"eec7a56\" data-element_type=\"section\">\n\t\t\t\t\t\t<div class=\"elementor-container elementor-column-gap-default\">\n\t\t\t\t\t<div class=\"elementor-column elementor-col-100 elementor-top-column elementor-element elementor-element-8cf8ac3\" data-id=\"8cf8ac3\" data-element_type=\"column\">\n\t\t\t<div class=\"elementor-widget-wrap elementor-element-populated\">\n\t\t\t\t\t\t<div class=\"elementor-element elementor-element-d0ed2b3 elementor-widget elementor-widget-text-editor\" data-id=\"d0ed2b3\" data-element_type=\"widget\" data-widget_type=\"text-editor.default\">\n\t\t\t\t<div class=\"elementor-widget-container\">\n\t\t\t\t\t\t\t\t\t<p>La c\u00e9r\u00e9monie d&#8217;ouverture se d\u00e9roulera dans le cadre embl\u00e9matique du Stade de France. Les organisateurs ont pr\u00e9vu un spectacle qui combinera technologie de pointe, cr\u00e9ativit\u00e9 artistique et performances en direct. Des artistes renomm\u00e9s se joindront \u00e0 des talents \u00e9mergents pour offrir une soir\u00e9e remplie d&#8217;\u00e9motion et d&#8217;inspiration. Les th\u00e8mes de la r\u00e9silience, de la diversit\u00e9 et de l&#8217;inclusion seront au c\u0153ur de cette c\u00e9r\u00e9monie, mettant en lumi\u00e8re les histoires extraordinaires des athl\u00e8tes paralympiques.<\/p>\t\t\t\t\t\t\t\t<\/div>\n\t\t\t\t<\/div>\n\t\t\t\t\t<\/div>\n\t\t<\/div>\n\t\t\t\t\t<\/div>\n\t\t<\/section>\n\t\t\t\t<section class=\"elementor-section elementor-top-section elementor-element elementor-element-9af1993 elementor-section-boxed elementor-section-height-default elementor-section-height-default\" data-id=\"9af1993\" data-element_type=\"section\">\n\t\t\t\t\t\t<div class=\"elementor-container elementor-column-gap-default\">\n\t\t\t\t\t<div class=\"elementor-column elementor-col-100 elementor-top-column elementor-element elementor-element-c210651\" data-id=\"c210651\" data-element_type=\"column\">\n\t\t\t<div class=\"elementor-widget-wrap elementor-element-populated\">\n\t\t\t\t\t\t<div class=\"elementor-element elementor-element-2e39fba elementor-widget elementor-widget-spacer\" data-id=\"2e39fba\" data-element_type=\"widget\" data-widget_type=\"spacer.default\">\n\t\t\t\t<div class=\"elementor-widget-container\">\n\t\t\t\t\t\t\t<div class=\"elementor-spacer\">\n\t\t\t<div class=\"elementor-spacer-inner\"><\/div>\n\t\t<\/div>\n\t\t\t\t\t\t<\/div>\n\t\t\t\t<\/div>\n\t\t\t\t\t<\/div>\n\t\t<\/div>\n\t\t\t\t\t<\/div>\n\t\t<\/section>\n\t\t\t\t<section class=\"elementor-section elementor-top-section elementor-element elementor-element-ba81b9a elementor-section-boxed elementor-section-height-default elementor-section-height-default\" data-id=\"ba81b9a\" data-element_type=\"section\">\n\t\t\t\t\t\t<div class=\"elementor-container elementor-column-gap-default\">\n\t\t\t\t\t<div class=\"elementor-column elementor-col-100 elementor-top-column elementor-element elementor-element-c902e45\" data-id=\"c902e45\" data-element_type=\"column\">\n\t\t\t<div class=\"elementor-widget-wrap elementor-element-populated\">\n\t\t\t\t\t\t<div class=\"elementor-element elementor-element-ee50a2e elementor-widget elementor-widget-text-editor\" data-id=\"ee50a2e\" data-element_type=\"widget\" data-widget_type=\"text-editor.default\">\n\t\t\t\t<div class=\"elementor-widget-container\">\n\t\t\t\t\t\t\t\t\t<h2>Un hommage \u00e0 l&#8217;esprit paralympique<\/h2>\t\t\t\t\t\t\t\t<\/div>\n\t\t\t\t<\/div>\n\t\t\t\t\t<\/div>\n\t\t<\/div>\n\t\t\t\t\t<\/div>\n\t\t<\/section>\n\t\t\t\t<section class=\"elementor-section elementor-top-section elementor-element elementor-element-ed8fac9 elementor-section-boxed elementor-section-height-default elementor-section-height-default\" data-id=\"ed8fac9\" data-element_type=\"section\">\n\t\t\t\t\t\t<div class=\"elementor-container elementor-column-gap-default\">\n\t\t\t\t\t<div class=\"elementor-column elementor-col-100 elementor-top-column elementor-element elementor-element-6023f4e\" data-id=\"6023f4e\" data-element_type=\"column\">\n\t\t\t<div class=\"elementor-widget-wrap elementor-element-populated\">\n\t\t\t\t\t\t<div class=\"elementor-element elementor-element-08c1bbb elementor-widget elementor-widget-text-editor\" data-id=\"08c1bbb\" data-element_type=\"widget\" data-widget_type=\"text-editor.default\">\n\t\t\t\t<div class=\"elementor-widget-container\">\n\t\t\t\t\t\t\t\t\t<p>Les Jeux Paralympiques de Paris 2024 rendront hommage \u00e0 l&#8217;esprit indomptable des athl\u00e8tes qui repoussent sans cesse les limites de ce qui est possible. La c\u00e9r\u00e9monie d&#8217;ouverture mettra en avant des histoires de courage et de d\u00e9termination, illustrant comment le sport peut transformer des vies et inspirer des millions de personnes \u00e0 travers le monde. Les spectateurs seront t\u00e9moins de d\u00e9fil\u00e9s d&#8217;athl\u00e8tes, de performances artistiques et de moments solennels d\u00e9di\u00e9s \u00e0 l&#8217;unit\u00e9 et \u00e0 l&#8217;\u00e9galit\u00e9.<\/p>\t\t\t\t\t\t\t\t<\/div>\n\t\t\t\t<\/div>\n\t\t\t\t\t<\/div>\n\t\t<\/div>\n\t\t\t\t\t<\/div>\n\t\t<\/section>\n\t\t\t\t<section class=\"elementor-section elementor-top-section elementor-element elementor-element-03b43dc elementor-section-boxed elementor-section-height-default elementor-section-height-default\" data-id=\"03b43dc\" data-element_type=\"section\">\n\t\t\t\t\t\t<div class=\"elementor-container elementor-column-gap-default\">\n\t\t\t\t\t<div class=\"elementor-column elementor-col-100 elementor-top-column elementor-element elementor-element-e11935d\" data-id=\"e11935d\" data-element_type=\"column\">\n\t\t\t<div class=\"elementor-widget-wrap elementor-element-populated\">\n\t\t\t\t\t\t<div class=\"elementor-element elementor-element-bf37710 elementor-widget elementor-widget-spacer\" data-id=\"bf37710\" data-element_type=\"widget\" data-widget_type=\"spacer.default\">\n\t\t\t\t<div class=\"elementor-widget-container\">\n\t\t\t\t\t\t\t<div class=\"elementor-spacer\">\n\t\t\t<div class=\"elementor-spacer-inner\"><\/div>\n\t\t<\/div>\n\t\t\t\t\t\t<\/div>\n\t\t\t\t<\/div>\n\t\t\t\t\t<\/div>\n\t\t<\/div>\n\t\t\t\t\t<\/div>\n\t\t<\/section>\n\t\t\t\t<section class=\"elementor-section elementor-top-section elementor-element elementor-element-e41a0d3 elementor-section-boxed elementor-section-height-default elementor-section-height-default\" data-id=\"e41a0d3\" data-element_type=\"section\">\n\t\t\t\t\t\t<div class=\"elementor-container elementor-column-gap-default\">\n\t\t\t\t\t<div class=\"elementor-column elementor-col-100 elementor-top-column elementor-element elementor-element-20ce16a\" data-id=\"20ce16a\" data-element_type=\"column\">\n\t\t\t<div class=\"elementor-widget-wrap elementor-element-populated\">\n\t\t\t\t\t\t<div class=\"elementor-element elementor-element-e7bed59 elementor-widget elementor-widget-text-editor\" data-id=\"e7bed59\" data-element_type=\"widget\" data-widget_type=\"text-editor.default\">\n\t\t\t\t<div class=\"elementor-widget-container\">\n\t\t\t\t\t\t\t\t\t<h2>Innovations et accessibilit\u00e9<\/h2>\t\t\t\t\t\t\t\t<\/div>\n\t\t\t\t<\/div>\n\t\t\t\t\t<\/div>\n\t\t<\/div>\n\t\t\t\t\t<\/div>\n\t\t<\/section>\n\t\t\t\t<section class=\"elementor-section elementor-top-section elementor-element elementor-element-0007d74 elementor-section-boxed elementor-section-height-default elementor-section-height-default\" data-id=\"0007d74\" data-element_type=\"section\">\n\t\t\t\t\t\t<div class=\"elementor-container elementor-column-gap-default\">\n\t\t\t\t\t<div class=\"elementor-column elementor-col-100 elementor-top-column elementor-element elementor-element-e6c8e9f\" data-id=\"e6c8e9f\" data-element_type=\"column\">\n\t\t\t<div class=\"elementor-widget-wrap elementor-element-populated\">\n\t\t\t\t\t\t<div class=\"elementor-element elementor-element-785c36b elementor-widget elementor-widget-text-editor\" data-id=\"785c36b\" data-element_type=\"widget\" data-widget_type=\"text-editor.default\">\n\t\t\t\t<div class=\"elementor-widget-container\">\n\t\t\t\t\t\t\t\t\t<p>Paris 2024 s&#8217;engage \u00e0 offrir des Jeux Paralympiques innovants et accessibles \u00e0 tous. La ville a mis en avant la garantie que toutes les installations sportives et les infrastructures soient enti\u00e8rement accessibles aux PMR (personnes \u00e0 mobilit\u00e9 r\u00e9duite). Des technologies avanc\u00e9es sont annonc\u00e9es pour am\u00e9liorer l&#8217;exp\u00e9rience des athl\u00e8tes et des spectateurs, qu&#8217;ils soient sur place ou en train de suivre les \u00e9v\u00e9nements \u00e0 distance. La c\u00e9r\u00e9monie d&#8217;ouverture elle-m\u00eame sera con\u00e7ue pour \u00eatre accessible \u00e0 tous, avec des descriptions audio, des sous-titres en temps r\u00e9el et des dispositifs d&#8217;assistance pour les personnes ayant des besoins particuliers.<\/p>\t\t\t\t\t\t\t\t<\/div>\n\t\t\t\t<\/div>\n\t\t\t\t\t<\/div>\n\t\t<\/div>\n\t\t\t\t\t<\/div>\n\t\t<\/section>\n\t\t\t\t<section class=\"elementor-section elementor-top-section elementor-element elementor-element-6e5bb4b elementor-section-boxed elementor-section-height-default elementor-section-height-default\" data-id=\"6e5bb4b\" data-element_type=\"section\">\n\t\t\t\t\t\t<div class=\"elementor-container elementor-column-gap-default\">\n\t\t\t\t\t<div class=\"elementor-column elementor-col-100 elementor-top-column elementor-element elementor-element-bdae815\" data-id=\"bdae815\" data-element_type=\"column\">\n\t\t\t<div class=\"elementor-widget-wrap elementor-element-populated\">\n\t\t\t\t\t\t<div class=\"elementor-element elementor-element-81c840a elementor-widget elementor-widget-spacer\" data-id=\"81c840a\" data-element_type=\"widget\" data-widget_type=\"spacer.default\">\n\t\t\t\t<div class=\"elementor-widget-container\">\n\t\t\t\t\t\t\t<div class=\"elementor-spacer\">\n\t\t\t<div class=\"elementor-spacer-inner\"><\/div>\n\t\t<\/div>\n\t\t\t\t\t\t<\/div>\n\t\t\t\t<\/div>\n\t\t\t\t\t<\/div>\n\t\t<\/div>\n\t\t\t\t\t<\/div>\n\t\t<\/section>\n\t\t\t\t<section class=\"elementor-section elementor-top-section elementor-element elementor-element-11b8a28 elementor-section-boxed elementor-section-height-default elementor-section-height-default\" data-id=\"11b8a28\" data-element_type=\"section\">\n\t\t\t\t\t\t<div class=\"elementor-container elementor-column-gap-default\">\n\t\t\t\t\t<div class=\"elementor-column elementor-col-100 elementor-top-column elementor-element elementor-element-9a3a2f3\" data-id=\"9a3a2f3\" data-element_type=\"column\">\n\t\t\t<div class=\"elementor-widget-wrap elementor-element-populated\">\n\t\t\t\t\t\t<div class=\"elementor-element elementor-element-9dbe982 elementor-widget elementor-widget-text-editor\" data-id=\"9dbe982\" data-element_type=\"widget\" data-widget_type=\"text-editor.default\">\n\t\t\t\t<div class=\"elementor-widget-container\">\n\t\t\t\t\t\t\t\t\t<h2>Un h\u00e9ritage durable<\/h2>\t\t\t\t\t\t\t\t<\/div>\n\t\t\t\t<\/div>\n\t\t\t\t\t<\/div>\n\t\t<\/div>\n\t\t\t\t\t<\/div>\n\t\t<\/section>\n\t\t\t\t<section class=\"elementor-section elementor-top-section elementor-element elementor-element-2f81bd5 elementor-section-boxed elementor-section-height-default elementor-section-height-default\" data-id=\"2f81bd5\" data-element_type=\"section\">\n\t\t\t\t\t\t<div class=\"elementor-container elementor-column-gap-default\">\n\t\t\t\t\t<div class=\"elementor-column elementor-col-100 elementor-top-column elementor-element elementor-element-8cb516f\" data-id=\"8cb516f\" data-element_type=\"column\">\n\t\t\t<div class=\"elementor-widget-wrap elementor-element-populated\">\n\t\t\t\t\t\t<div class=\"elementor-element elementor-element-657efd7 elementor-widget elementor-widget-text-editor\" data-id=\"657efd7\" data-element_type=\"widget\" data-widget_type=\"text-editor.default\">\n\t\t\t\t<div class=\"elementor-widget-container\">\n\t\t\t\t\t\t\t\t\t<p>Les Jeux Paralympiques de Paris 2024 ne seront pas seulement un moment de c\u00e9l\u00e9bration, mais aussi une opportunit\u00e9 de cr\u00e9er un h\u00e9ritage durable. La ville s&#8217;est engag\u00e9e \u00e0 promouvoir l&#8217;inclusion et l&#8217;accessibilit\u00e9 bien au-del\u00e0 des Jeux, en am\u00e9liorant les infrastructures et en sensibilisant le public aux enjeux des personnes en situation de handicap. Cet h\u00e9ritage durable sera l&#8217;un des principaux objectifs de Paris 2024, laissant une empreinte positive pour les g\u00e9n\u00e9rations futures.<\/p>\t\t\t\t\t\t\t\t<\/div>\n\t\t\t\t<\/div>\n\t\t\t\t\t<\/div>\n\t\t<\/div>\n\t\t\t\t\t<\/div>\n\t\t<\/section>\n\t\t\t\t<section class=\"elementor-section elementor-top-section elementor-element elementor-element-f6ecf93 elementor-section-boxed elementor-section-height-default elementor-section-height-default\" data-id=\"f6ecf93\" data-element_type=\"section\">\n\t\t\t\t\t\t<div class=\"elementor-container elementor-column-gap-default\">\n\t\t\t\t\t<div class=\"elementor-column elementor-col-100 elementor-top-column elementor-element elementor-element-0763bb2\" data-id=\"0763bb2\" data-element_type=\"column\">\n\t\t\t<div class=\"elementor-widget-wrap elementor-element-populated\">\n\t\t\t\t\t\t<div class=\"elementor-element elementor-element-373b1c7 elementor-widget-divider--view-line elementor-widget elementor-widget-divider\" data-id=\"373b1c7\" data-element_type=\"widget\" data-widget_type=\"divider.default\">\n\t\t\t\t<div class=\"elementor-widget-container\">\n\t\t\t\t\t\t\t<div class=\"elementor-divider\">\n\t\t\t<span class=\"elementor-divider-separator\">\n\t\t\t\t\t\t<\/span>\n\t\t<\/div>\n\t\t\t\t\t\t<\/div>\n\t\t\t\t<\/div>\n\t\t\t\t\t<\/div>\n\t\t<\/div>\n\t\t\t\t\t<\/div>\n\t\t<\/section>\n\t\t\t\t<section class=\"elementor-section elementor-top-section elementor-element elementor-element-86af6b1 elementor-section-boxed elementor-section-height-default elementor-section-height-default\" data-id=\"86af6b1\" data-element_type=\"section\">\n\t\t\t\t\t\t<div class=\"elementor-container elementor-column-gap-default\">\n\t\t\t\t\t<div class=\"elementor-column elementor-col-100 elementor-top-column elementor-element elementor-element-c7adf5b\" data-id=\"c7adf5b\" data-element_type=\"column\">\n\t\t\t<div class=\"elementor-widget-wrap elementor-element-populated\">\n\t\t\t\t\t\t<div class=\"elementor-element elementor-element-5fc4ea1 elementor-widget elementor-widget-text-editor\" data-id=\"5fc4ea1\" data-element_type=\"widget\" data-widget_type=\"text-editor.default\">\n\t\t\t\t<div class=\"elementor-widget-container\">\n\t\t\t\t\t\t\t\t\t<p><em>Sources et infos officielles \u00e0 propos des Jeux Olympiques sur le site officiel :<\/em> <a href=\"https:\/\/olympics.com\/fr\/paris-2024\"><span style=\"color: #3366ff;\"><strong>https:\/\/olympics.com\/fr\/paris-2024<\/strong><\/span><\/a><\/p><p><em>Retrouvez aussi d&#8217;autres articles sur ce sujet :<br \/><\/em><a href=\"https:\/\/www.macapflag.com\/blog\/lagenda-olympique-des-jeux-de-paris-2024-par-discipline\/\" target=\"_blank\" rel=\"noopener\"><span style=\"color: #3366ff;\"><strong>L\u2019agenda olympique des jeux de Paris 2024 par discipline<\/strong><\/span><\/a><br \/><a href=\"https:\/\/www.macapflag.com\/blog\/jo-publicite-exterieure\/\" target=\"_blank\" rel=\"noopener\"><strong><span style=\"color: #3366ff;\">Jeux Olympiques et Paralympiques de Paris 2024, des mesures sp\u00e9cifiques pr\u00e9vues en mati\u00e8re de publicit\u00e9 ext\u00e9rieure<\/span><\/strong><\/a><br \/><a href=\"https:\/\/www.macapflag.com\/blog\/pictos\/\" target=\"_blank\" rel=\"noopener\"><strong><span style=\"color: #3366ff;\">Les pictos des \u00e9preuves olympiques libres de droit<\/span><\/strong><\/a><\/p>\t\t\t\t\t\t\t\t<\/div>\n\t\t\t\t<\/div>\n\t\t\t\t\t<\/div>\n\t\t<\/div>\n\t\t\t\t\t<\/div>\n\t\t<\/section>\n\t\t\t\t<section class=\"elementor-section elementor-top-section elementor-element elementor-element-767fabf elementor-section-boxed elementor-section-height-default elementor-section-height-default\" data-id=\"767fabf\" data-element_type=\"section\">\n\t\t\t\t\t\t<div class=\"elementor-container elementor-column-gap-default\">\n\t\t\t\t\t<div class=\"elementor-column elementor-col-100 elementor-top-column elementor-element elementor-element-22f0461\" data-id=\"22f0461\" data-element_type=\"column\">\n\t\t\t<div class=\"elementor-widget-wrap elementor-element-populated\">\n\t\t\t\t\t\t<div class=\"elementor-element elementor-element-747a1a5 elementor-widget elementor-widget-image\" data-id=\"747a1a5\" data-element_type=\"widget\" data-widget_type=\"image.default\">\n\t\t\t\t<div class=\"elementor-widget-container\">\n\t\t\t\t\t\t\t\t\t\t\t\t\t\t\t\t<a href=\"https:\/\/www.macapflag.com\/\" target=\"_blank\">\n\t\t\t\t\t\t\t<img fetchpriority=\"high\" decoding=\"async\" width=\"700\" height=\"320\" src=\"https:\/\/www.macapflag.com\/blog\/wp-content\/uploads\/2021\/04\/fabriquant-de-drapeaux-kakemonos-banderoles-beach-flags-oriflammes-macap.jpg\" class=\"attachment-large size-large wp-image-10133\" alt=\"Macap fabriquant de drapeaux kak\u00e9mono banderole beach flag oriflamme\" srcset=\"https:\/\/www.macapflag.com\/blog\/wp-content\/uploads\/2021\/04\/fabriquant-de-drapeaux-kakemonos-banderoles-beach-flags-oriflammes-macap.jpg 700w, https:\/\/www.macapflag.com\/blog\/wp-content\/uploads\/2021\/04\/fabriquant-de-drapeaux-kakemonos-banderoles-beach-flags-oriflammes-macap-300x137.jpg 300w\" sizes=\"(max-width: 700px) 100vw, 700px\" \/>\t\t\t\t\t\t\t\t<\/a>\n\t\t\t\t\t\t\t\t\t\t\t\t\t\t\t<\/div>\n\t\t\t\t<\/div>\n\t\t\t\t\t<\/div>\n\t\t<\/div>\n\t\t\t\t\t<\/div>\n\t\t<\/section>\n\t\t\t\t<\/div>\n\t\t","protected":false},"excerpt":{"rendered":"<div class=\"tmnf_excerpt\"><p>En ce 28 ao\u00fbt 2024, Paris se pr\u00e9pare \u00e0 accueillir la c\u00e9r\u00e9monie d&#8217;ouverture des Jeux Paralympiques, un \u00e9v\u00e9nement majeur qui promet de c\u00e9l\u00e9brer non seulement le sport, mais aussi la r\u00e9silience, la diversit\u00e9 et l&#8217;inclusion. C&#8217;est la premi\u00e8re fois que Paris organise les Jeux Paralympiques, et la ville est d\u00e9termin\u00e9e \u00e0 offrir une exp\u00e9rience inoubliable &hellip;<\/p>\n<\/div>","protected":false},"author":2,"featured_media":17692,"comment_status":"closed","ping_status":"open","sticky":false,"template":"","format":"standard","meta":{"footnotes":""},"categories":[92],"tags":[],"class_list":["post-17691","post","type-post","status-publish","format-standard","has-post-thumbnail","hentry","category-news"],"yoast_head":"<!-- This site is optimized with the Yoast SEO plugin v26.4 - https:\/\/yoast.com\/wordpress\/plugins\/seo\/ -->\n<title>C&#039;est l&#039;ouverture des Jeux Paralympiques de Paris 2024 - Blog - Macap<\/title>\n<meta name=\"description\" content=\"L&#039;ouverture des jeux paralympiques de Paris a lieu ce 28 ao\u00fbt. La c\u00e9r\u00e9monie d&#039;ouverture rend hommage \u00e0 l&#039;esprit paralympique des athl\u00e8tes\" \/>\n<meta name=\"robots\" content=\"index, follow, max-snippet:-1, max-image-preview:large, max-video-preview:-1\" \/>\n<link rel=\"canonical\" href=\"https:\/\/www.macapflag.com\/blog\/jeux-paralympiques-paris-2024\/\" \/>\n<meta property=\"og:locale\" content=\"fr_FR\" \/>\n<meta property=\"og:type\" content=\"article\" \/>\n<meta property=\"og:title\" content=\"C&#039;est l&#039;ouverture des Jeux Paralympiques de Paris 2024 - Blog - Macap\" \/>\n<meta property=\"og:description\" content=\"L&#039;ouverture des jeux paralympiques de Paris a lieu ce 28 ao\u00fbt. La c\u00e9r\u00e9monie d&#039;ouverture rend hommage \u00e0 l&#039;esprit paralympique des athl\u00e8tes\" \/>\n<meta property=\"og:url\" content=\"https:\/\/www.macapflag.com\/blog\/jeux-paralympiques-paris-2024\/\" \/>\n<meta property=\"og:site_name\" content=\"Blog - Macap\" \/>\n<meta property=\"article:publisher\" content=\"https:\/\/www.facebook.com\/macap.pavoisement\/\" \/>\n<meta property=\"article:published_time\" content=\"2024-08-28T06:00:00+00:00\" \/>\n<meta property=\"og:image\" content=\"https:\/\/www.macapflag.com\/blog\/wp-content\/uploads\/2024\/06\/ouverture-des-JO-paralympique-2024-TITRE.jpg\" \/>\n\t<meta property=\"og:image:width\" content=\"870\" \/>\n\t<meta property=\"og:image:height\" content=\"600\" \/>\n\t<meta property=\"og:image:type\" content=\"image\/jpeg\" \/>\n<meta name=\"author\" content=\"Blog Macap\" \/>\n<meta name=\"twitter:card\" content=\"summary_large_image\" \/>\n<meta name=\"twitter:label1\" content=\"\u00c9crit par\" \/>\n\t<meta name=\"twitter:data1\" content=\"Blog Macap\" \/>\n\t<meta name=\"twitter:label2\" content=\"Dur\u00e9e de lecture estim\u00e9e\" \/>\n\t<meta name=\"twitter:data2\" content=\"3 minutes\" \/>\n<script type=\"application\/ld+json\" class=\"yoast-schema-graph\">{\"@context\":\"https:\/\/schema.org\",\"@graph\":[{\"@type\":\"Article\",\"@id\":\"https:\/\/www.macapflag.com\/blog\/jeux-paralympiques-paris-2024\/#article\",\"isPartOf\":{\"@id\":\"https:\/\/www.macapflag.com\/blog\/jeux-paralympiques-paris-2024\/\"},\"author\":{\"name\":\"Blog Macap\",\"@id\":\"https:\/\/www.macapflag.com\/blog\/#\/schema\/person\/3fea701f2603875e651e6b662578fc3c\"},\"headline\":\"C&#8217;est l&#8217;ouverture des Jeux Paralympiques de Paris 2024\",\"datePublished\":\"2024-08-28T06:00:00+00:00\",\"mainEntityOfPage\":{\"@id\":\"https:\/\/www.macapflag.com\/blog\/jeux-paralympiques-paris-2024\/\"},\"wordCount\":506,\"publisher\":{\"@id\":\"https:\/\/www.macapflag.com\/blog\/#organization\"},\"image\":{\"@id\":\"https:\/\/www.macapflag.com\/blog\/jeux-paralympiques-paris-2024\/#primaryimage\"},\"thumbnailUrl\":\"https:\/\/www.macapflag.com\/blog\/wp-content\/uploads\/2024\/06\/ouverture-des-JO-paralympique-2024-TITRE.jpg\",\"articleSection\":[\"News &amp; Actu\"],\"inLanguage\":\"fr-FR\"},{\"@type\":\"WebPage\",\"@id\":\"https:\/\/www.macapflag.com\/blog\/jeux-paralympiques-paris-2024\/\",\"url\":\"https:\/\/www.macapflag.com\/blog\/jeux-paralympiques-paris-2024\/\",\"name\":\"C'est l'ouverture des Jeux Paralympiques de Paris 2024 - Blog - Macap\",\"isPartOf\":{\"@id\":\"https:\/\/www.macapflag.com\/blog\/#website\"},\"primaryImageOfPage\":{\"@id\":\"https:\/\/www.macapflag.com\/blog\/jeux-paralympiques-paris-2024\/#primaryimage\"},\"image\":{\"@id\":\"https:\/\/www.macapflag.com\/blog\/jeux-paralympiques-paris-2024\/#primaryimage\"},\"thumbnailUrl\":\"https:\/\/www.macapflag.com\/blog\/wp-content\/uploads\/2024\/06\/ouverture-des-JO-paralympique-2024-TITRE.jpg\",\"datePublished\":\"2024-08-28T06:00:00+00:00\",\"description\":\"L'ouverture des jeux paralympiques de Paris a lieu ce 28 ao\u00fbt. La c\u00e9r\u00e9monie d'ouverture rend hommage \u00e0 l'esprit paralympique des athl\u00e8tes\",\"breadcrumb\":{\"@id\":\"https:\/\/www.macapflag.com\/blog\/jeux-paralympiques-paris-2024\/#breadcrumb\"},\"inLanguage\":\"fr-FR\",\"potentialAction\":[{\"@type\":\"ReadAction\",\"target\":[\"https:\/\/www.macapflag.com\/blog\/jeux-paralympiques-paris-2024\/\"]}]},{\"@type\":\"ImageObject\",\"inLanguage\":\"fr-FR\",\"@id\":\"https:\/\/www.macapflag.com\/blog\/jeux-paralympiques-paris-2024\/#primaryimage\",\"url\":\"https:\/\/www.macapflag.com\/blog\/wp-content\/uploads\/2024\/06\/ouverture-des-JO-paralympique-2024-TITRE.jpg\",\"contentUrl\":\"https:\/\/www.macapflag.com\/blog\/wp-content\/uploads\/2024\/06\/ouverture-des-JO-paralympique-2024-TITRE.jpg\",\"width\":870,\"height\":600,\"caption\":\"Ouverture Jeux paralympiques de Paris 2024\"},{\"@type\":\"BreadcrumbList\",\"@id\":\"https:\/\/www.macapflag.com\/blog\/jeux-paralympiques-paris-2024\/#breadcrumb\",\"itemListElement\":[{\"@type\":\"ListItem\",\"position\":1,\"name\":\"Accueil\",\"item\":\"https:\/\/www.macapflag.com\/blog\/\"},{\"@type\":\"ListItem\",\"position\":2,\"name\":\"C&rsquo;est l&rsquo;ouverture des Jeux Paralympiques de Paris 2024\"}]},{\"@type\":\"WebSite\",\"@id\":\"https:\/\/www.macapflag.com\/blog\/#website\",\"url\":\"https:\/\/www.macapflag.com\/blog\/\",\"name\":\"Blog - Macap\",\"description\":\"Tous nos articles\",\"publisher\":{\"@id\":\"https:\/\/www.macapflag.com\/blog\/#organization\"},\"potentialAction\":[{\"@type\":\"SearchAction\",\"target\":{\"@type\":\"EntryPoint\",\"urlTemplate\":\"https:\/\/www.macapflag.com\/blog\/?s={search_term_string}\"},\"query-input\":{\"@type\":\"PropertyValueSpecification\",\"valueRequired\":true,\"valueName\":\"search_term_string\"}}],\"inLanguage\":\"fr-FR\"},{\"@type\":\"Organization\",\"@id\":\"https:\/\/www.macapflag.com\/blog\/#organization\",\"name\":\"macapflag\",\"url\":\"https:\/\/www.macapflag.com\/blog\/\",\"logo\":{\"@type\":\"ImageObject\",\"inLanguage\":\"fr-FR\",\"@id\":\"https:\/\/www.macapflag.com\/blog\/#\/schema\/logo\/image\/\",\"url\":\"https:\/\/www.macapflag.com\/blog\/wp-content\/uploads\/2020\/12\/cropped-M-512-1.png\",\"contentUrl\":\"https:\/\/www.macapflag.com\/blog\/wp-content\/uploads\/2020\/12\/cropped-M-512-1.png\",\"width\":512,\"height\":512,\"caption\":\"macapflag\"},\"image\":{\"@id\":\"https:\/\/www.macapflag.com\/blog\/#\/schema\/logo\/image\/\"},\"sameAs\":[\"https:\/\/www.facebook.com\/macap.pavoisement\/\",\"https:\/\/www.instagram.com\/macapflag\/?hl=fr\",\"https:\/\/www.linkedin.com\/company\/macap\/?originalSubdomain=fr\",\"https:\/\/www.youtube.com\/channel\/UCXNzTIdZh9poEBjSXEqDtNw\"]},{\"@type\":\"Person\",\"@id\":\"https:\/\/www.macapflag.com\/blog\/#\/schema\/person\/3fea701f2603875e651e6b662578fc3c\",\"name\":\"Blog Macap\",\"image\":{\"@type\":\"ImageObject\",\"inLanguage\":\"fr-FR\",\"@id\":\"https:\/\/www.macapflag.com\/blog\/#\/schema\/person\/image\/\",\"url\":\"https:\/\/secure.gravatar.com\/avatar\/c12551f2dc51f0db049633b03e7856985477a70da834cc8967dea4ce54bdd6a2?s=96&d=mm&r=g\",\"contentUrl\":\"https:\/\/secure.gravatar.com\/avatar\/c12551f2dc51f0db049633b03e7856985477a70da834cc8967dea4ce54bdd6a2?s=96&d=mm&r=g\",\"caption\":\"Blog Macap\"},\"url\":\"https:\/\/www.macapflag.com\/blog\/author\/macap\/\"}]}<\/script>\n<!-- \/ Yoast SEO plugin. -->","yoast_head_json":{"title":"C'est l'ouverture des Jeux Paralympiques de Paris 2024 - Blog - Macap","description":"L'ouverture des jeux paralympiques de Paris a lieu ce 28 ao\u00fbt. La c\u00e9r\u00e9monie d'ouverture rend hommage \u00e0 l'esprit paralympique des athl\u00e8tes","robots":{"index":"index","follow":"follow","max-snippet":"max-snippet:-1","max-image-preview":"max-image-preview:large","max-video-preview":"max-video-preview:-1"},"canonical":"https:\/\/www.macapflag.com\/blog\/jeux-paralympiques-paris-2024\/","og_locale":"fr_FR","og_type":"article","og_title":"C'est l'ouverture des Jeux Paralympiques de Paris 2024 - Blog - Macap","og_description":"L'ouverture des jeux paralympiques de Paris a lieu ce 28 ao\u00fbt. La c\u00e9r\u00e9monie d'ouverture rend hommage \u00e0 l'esprit paralympique des athl\u00e8tes","og_url":"https:\/\/www.macapflag.com\/blog\/jeux-paralympiques-paris-2024\/","og_site_name":"Blog - Macap","article_publisher":"https:\/\/www.facebook.com\/macap.pavoisement\/","article_published_time":"2024-08-28T06:00:00+00:00","og_image":[{"width":870,"height":600,"url":"https:\/\/www.macapflag.com\/blog\/wp-content\/uploads\/2024\/06\/ouverture-des-JO-paralympique-2024-TITRE.jpg","type":"image\/jpeg"}],"author":"Blog Macap","twitter_card":"summary_large_image","twitter_misc":{"\u00c9crit par":"Blog Macap","Dur\u00e9e de lecture estim\u00e9e":"3 minutes"},"schema":{"@context":"https:\/\/schema.org","@graph":[{"@type":"Article","@id":"https:\/\/www.macapflag.com\/blog\/jeux-paralympiques-paris-2024\/#article","isPartOf":{"@id":"https:\/\/www.macapflag.com\/blog\/jeux-paralympiques-paris-2024\/"},"author":{"name":"Blog Macap","@id":"https:\/\/www.macapflag.com\/blog\/#\/schema\/person\/3fea701f2603875e651e6b662578fc3c"},"headline":"C&#8217;est l&#8217;ouverture des Jeux Paralympiques de Paris 2024","datePublished":"2024-08-28T06:00:00+00:00","mainEntityOfPage":{"@id":"https:\/\/www.macapflag.com\/blog\/jeux-paralympiques-paris-2024\/"},"wordCount":506,"publisher":{"@id":"https:\/\/www.macapflag.com\/blog\/#organization"},"image":{"@id":"https:\/\/www.macapflag.com\/blog\/jeux-paralympiques-paris-2024\/#primaryimage"},"thumbnailUrl":"https:\/\/www.macapflag.com\/blog\/wp-content\/uploads\/2024\/06\/ouverture-des-JO-paralympique-2024-TITRE.jpg","articleSection":["News &amp; Actu"],"inLanguage":"fr-FR"},{"@type":"WebPage","@id":"https:\/\/www.macapflag.com\/blog\/jeux-paralympiques-paris-2024\/","url":"https:\/\/www.macapflag.com\/blog\/jeux-paralympiques-paris-2024\/","name":"C'est l'ouverture des Jeux Paralympiques de Paris 2024 - Blog - Macap","isPartOf":{"@id":"https:\/\/www.macapflag.com\/blog\/#website"},"primaryImageOfPage":{"@id":"https:\/\/www.macapflag.com\/blog\/jeux-paralympiques-paris-2024\/#primaryimage"},"image":{"@id":"https:\/\/www.macapflag.com\/blog\/jeux-paralympiques-paris-2024\/#primaryimage"},"thumbnailUrl":"https:\/\/www.macapflag.com\/blog\/wp-content\/uploads\/2024\/06\/ouverture-des-JO-paralympique-2024-TITRE.jpg","datePublished":"2024-08-28T06:00:00+00:00","description":"L'ouverture des jeux paralympiques de Paris a lieu ce 28 ao\u00fbt. La c\u00e9r\u00e9monie d'ouverture rend hommage \u00e0 l'esprit paralympique des athl\u00e8tes","breadcrumb":{"@id":"https:\/\/www.macapflag.com\/blog\/jeux-paralympiques-paris-2024\/#breadcrumb"},"inLanguage":"fr-FR","potentialAction":[{"@type":"ReadAction","target":["https:\/\/www.macapflag.com\/blog\/jeux-paralympiques-paris-2024\/"]}]},{"@type":"ImageObject","inLanguage":"fr-FR","@id":"https:\/\/www.macapflag.com\/blog\/jeux-paralympiques-paris-2024\/#primaryimage","url":"https:\/\/www.macapflag.com\/blog\/wp-content\/uploads\/2024\/06\/ouverture-des-JO-paralympique-2024-TITRE.jpg","contentUrl":"https:\/\/www.macapflag.com\/blog\/wp-content\/uploads\/2024\/06\/ouverture-des-JO-paralympique-2024-TITRE.jpg","width":870,"height":600,"caption":"Ouverture Jeux paralympiques de Paris 2024"},{"@type":"BreadcrumbList","@id":"https:\/\/www.macapflag.com\/blog\/jeux-paralympiques-paris-2024\/#breadcrumb","itemListElement":[{"@type":"ListItem","position":1,"name":"Accueil","item":"https:\/\/www.macapflag.com\/blog\/"},{"@type":"ListItem","position":2,"name":"C&rsquo;est l&rsquo;ouverture des Jeux Paralympiques de Paris 2024"}]},{"@type":"WebSite","@id":"https:\/\/www.macapflag.com\/blog\/#website","url":"https:\/\/www.macapflag.com\/blog\/","name":"Blog - Macap","description":"Tous nos articles","publisher":{"@id":"https:\/\/www.macapflag.com\/blog\/#organization"},"potentialAction":[{"@type":"SearchAction","target":{"@type":"EntryPoint","urlTemplate":"https:\/\/www.macapflag.com\/blog\/?s={search_term_string}"},"query-input":{"@type":"PropertyValueSpecification","valueRequired":true,"valueName":"search_term_string"}}],"inLanguage":"fr-FR"},{"@type":"Organization","@id":"https:\/\/www.macapflag.com\/blog\/#organization","name":"macapflag","url":"https:\/\/www.macapflag.com\/blog\/","logo":{"@type":"ImageObject","inLanguage":"fr-FR","@id":"https:\/\/www.macapflag.com\/blog\/#\/schema\/logo\/image\/","url":"https:\/\/www.macapflag.com\/blog\/wp-content\/uploads\/2020\/12\/cropped-M-512-1.png","contentUrl":"https:\/\/www.macapflag.com\/blog\/wp-content\/uploads\/2020\/12\/cropped-M-512-1.png","width":512,"height":512,"caption":"macapflag"},"image":{"@id":"https:\/\/www.macapflag.com\/blog\/#\/schema\/logo\/image\/"},"sameAs":["https:\/\/www.facebook.com\/macap.pavoisement\/","https:\/\/www.instagram.com\/macapflag\/?hl=fr","https:\/\/www.linkedin.com\/company\/macap\/?originalSubdomain=fr","https:\/\/www.youtube.com\/channel\/UCXNzTIdZh9poEBjSXEqDtNw"]},{"@type":"Person","@id":"https:\/\/www.macapflag.com\/blog\/#\/schema\/person\/3fea701f2603875e651e6b662578fc3c","name":"Blog Macap","image":{"@type":"ImageObject","inLanguage":"fr-FR","@id":"https:\/\/www.macapflag.com\/blog\/#\/schema\/person\/image\/","url":"https:\/\/secure.gravatar.com\/avatar\/c12551f2dc51f0db049633b03e7856985477a70da834cc8967dea4ce54bdd6a2?s=96&d=mm&r=g","contentUrl":"https:\/\/secure.gravatar.com\/avatar\/c12551f2dc51f0db049633b03e7856985477a70da834cc8967dea4ce54bdd6a2?s=96&d=mm&r=g","caption":"Blog Macap"},"url":"https:\/\/www.macapflag.com\/blog\/author\/macap\/"}]}},"_links":{"self":[{"href":"https:\/\/www.macapflag.com\/blog\/wp-json\/wp\/v2\/posts\/17691","targetHints":{"allow":["GET"]}}],"collection":[{"href":"https:\/\/www.macapflag.com\/blog\/wp-json\/wp\/v2\/posts"}],"about":[{"href":"https:\/\/www.macapflag.com\/blog\/wp-json\/wp\/v2\/types\/post"}],"author":[{"embeddable":true,"href":"https:\/\/www.macapflag.com\/blog\/wp-json\/wp\/v2\/users\/2"}],"replies":[{"embeddable":true,"href":"https:\/\/www.macapflag.com\/blog\/wp-json\/wp\/v2\/comments?post=17691"}],"version-history":[{"count":7,"href":"https:\/\/www.macapflag.com\/blog\/wp-json\/wp\/v2\/posts\/17691\/revisions"}],"predecessor-version":[{"id":17699,"href":"https:\/\/www.macapflag.com\/blog\/wp-json\/wp\/v2\/posts\/17691\/revisions\/17699"}],"wp:featuredmedia":[{"embeddable":true,"href":"https:\/\/www.macapflag.com\/blog\/wp-json\/wp\/v2\/media\/17692"}],"wp:attachment":[{"href":"https:\/\/www.macapflag.com\/blog\/wp-json\/wp\/v2\/media?parent=17691"}],"wp:term":[{"taxonomy":"category","embeddable":true,"href":"https:\/\/www.macapflag.com\/blog\/wp-json\/wp\/v2\/categories?post=17691"},{"taxonomy":"post_tag","embeddable":true,"href":"https:\/\/www.macapflag.com\/blog\/wp-json\/wp\/v2\/tags?post=17691"}],"curies":[{"name":"wp","href":"https:\/\/api.w.org\/{rel}","templated":true}]}}