{"id":17803,"date":"2024-08-29T08:00:00","date_gmt":"2024-08-29T06:00:00","guid":{"rendered":"https:\/\/www.macapflag.com\/blog\/?p=17803"},"modified":"2024-07-05T09:25:24","modified_gmt":"2024-07-05T07:25:24","slug":"evenements-septembre-2024","status":"publish","type":"post","link":"https:\/\/www.macapflag.com\/blog\/evenements-septembre-2024\/","title":{"rendered":"Les \u00e9v\u00e8nements \u00e0 ne pas manquer en septembre 2024"},"content":{"rendered":"\t\t<div data-elementor-type=\"wp-post\" data-elementor-id=\"17803\" class=\"elementor elementor-17803\">\n\t\t\t\t\t\t<section class=\"elementor-section elementor-top-section elementor-element elementor-element-49c7c25 elementor-section-boxed elementor-section-height-default elementor-section-height-default\" data-id=\"49c7c25\" data-element_type=\"section\">\n\t\t\t\t\t\t<div class=\"elementor-container elementor-column-gap-default\">\n\t\t\t\t\t<div class=\"elementor-column elementor-col-100 elementor-top-column elementor-element elementor-element-0fbbf7e\" data-id=\"0fbbf7e\" data-element_type=\"column\">\n\t\t\t<div class=\"elementor-widget-wrap elementor-element-populated\">\n\t\t\t\t\t\t<div class=\"elementor-element elementor-element-b97dafd elementor-widget elementor-widget-text-editor\" data-id=\"b97dafd\" data-element_type=\"widget\" data-widget_type=\"text-editor.default\">\n\t\t\t\t<div class=\"elementor-widget-container\">\n\t\t\t\t\t\t\t\t\t<p>Chaque mois de l\u2019ann\u00e9e est marqu\u00e9 par des c\u00e9l\u00e9brations traditionnelles, des journ\u00e9es de sensibilisation \u00e0 certaines causes. <br \/>Chaque mois de l\u2019ann\u00e9e ont \u00e9galement lieu des \u00e9v\u00e8nements commerciaux, musicaux, sportifs et culturels. <br \/>Le mois de septembre marque la fin des vacances avec la fameuse rentr\u00e9e, rentr\u00e9e des classes et retour au travail aussi pour les plus grands.\u00a0<\/p><p>Macap a r\u00e9pertori\u00e9 pour vous les grands \u00e9v\u00e8nements de septembre qui vous permettront de booster votre rentr\u00e9e !\u00a0<\/p>\t\t\t\t\t\t\t\t<\/div>\n\t\t\t\t<\/div>\n\t\t\t\t\t<\/div>\n\t\t<\/div>\n\t\t\t\t\t<\/div>\n\t\t<\/section>\n\t\t\t\t<section class=\"elementor-section elementor-top-section elementor-element elementor-element-a2b6d3b elementor-section-boxed elementor-section-height-default elementor-section-height-default\" data-id=\"a2b6d3b\" data-element_type=\"section\">\n\t\t\t\t\t\t<div class=\"elementor-container elementor-column-gap-default\">\n\t\t\t\t\t<div class=\"elementor-column elementor-col-100 elementor-top-column elementor-element elementor-element-ef3a65c\" data-id=\"ef3a65c\" data-element_type=\"column\">\n\t\t\t<div class=\"elementor-widget-wrap elementor-element-populated\">\n\t\t\t\t\t\t<div class=\"elementor-element elementor-element-e6a7403 elementor-widget elementor-widget-spacer\" data-id=\"e6a7403\" data-element_type=\"widget\" data-widget_type=\"spacer.default\">\n\t\t\t\t<div class=\"elementor-widget-container\">\n\t\t\t\t\t\t\t<div class=\"elementor-spacer\">\n\t\t\t<div class=\"elementor-spacer-inner\"><\/div>\n\t\t<\/div>\n\t\t\t\t\t\t<\/div>\n\t\t\t\t<\/div>\n\t\t\t\t\t<\/div>\n\t\t<\/div>\n\t\t\t\t\t<\/div>\n\t\t<\/section>\n\t\t\t\t<section class=\"elementor-section elementor-top-section elementor-element elementor-element-effb571 elementor-section-boxed elementor-section-height-default elementor-section-height-default\" data-id=\"effb571\" data-element_type=\"section\">\n\t\t\t\t\t\t<div class=\"elementor-container elementor-column-gap-default\">\n\t\t\t\t\t<div class=\"elementor-column elementor-col-33 elementor-top-column elementor-element elementor-element-0241bea\" data-id=\"0241bea\" data-element_type=\"column\">\n\t\t\t<div class=\"elementor-widget-wrap elementor-element-populated\">\n\t\t\t\t\t\t<div class=\"elementor-element elementor-element-cbc88d5 elementor-widget elementor-widget-image\" data-id=\"cbc88d5\" data-element_type=\"widget\" data-widget_type=\"image.default\">\n\t\t\t\t<div class=\"elementor-widget-container\">\n\t\t\t\t\t\t\t\t\t\t\t\t\t\t\t<img decoding=\"async\" width=\"227\" height=\"189\" src=\"https:\/\/www.macapflag.com\/blog\/wp-content\/uploads\/2024\/01\/picto-fete.jpg\" class=\"attachment-large size-large wp-image-15541\" alt=\"Journ\u00e9es th\u00e9matiques et f\u00eates du mois\" \/>\t\t\t\t\t\t\t\t\t\t\t\t\t\t\t<\/div>\n\t\t\t\t<\/div>\n\t\t\t\t\t<\/div>\n\t\t<\/div>\n\t\t\t\t<div class=\"elementor-column elementor-col-66 elementor-top-column elementor-element elementor-element-aad8319\" data-id=\"aad8319\" data-element_type=\"column\">\n\t\t\t<div class=\"elementor-widget-wrap elementor-element-populated\">\n\t\t\t\t\t\t<div class=\"elementor-element elementor-element-6106fa0 elementor-widget elementor-widget-text-editor\" data-id=\"6106fa0\" data-element_type=\"widget\" data-widget_type=\"text-editor.default\">\n\t\t\t\t<div class=\"elementor-widget-container\">\n\t\t\t\t\t\t\t\t\t<h2>Les journ\u00e9es th\u00e9matiques et les f\u00eates en septembre 2024<\/h2>\t\t\t\t\t\t\t\t<\/div>\n\t\t\t\t<\/div>\n\t\t\t\t\t<\/div>\n\t\t<\/div>\n\t\t\t\t\t<\/div>\n\t\t<\/section>\n\t\t\t\t<section class=\"elementor-section elementor-top-section elementor-element elementor-element-8e6b783 elementor-section-boxed elementor-section-height-default elementor-section-height-default\" data-id=\"8e6b783\" data-element_type=\"section\">\n\t\t\t\t\t\t<div class=\"elementor-container elementor-column-gap-default\">\n\t\t\t\t\t<div class=\"elementor-column elementor-col-100 elementor-top-column elementor-element elementor-element-fab452d\" data-id=\"fab452d\" data-element_type=\"column\">\n\t\t\t<div class=\"elementor-widget-wrap elementor-element-populated\">\n\t\t\t\t\t\t<div class=\"elementor-element elementor-element-d1d89d1 elementor-widget elementor-widget-text-editor\" data-id=\"d1d89d1\" data-element_type=\"widget\" data-widget_type=\"text-editor.default\">\n\t\t\t\t<div class=\"elementor-widget-container\">\n\t\t\t\t\t\t\t\t\t<ul><li><strong>1\u1d49\u02b3 septembre : Rentr\u00e9e des classes<\/strong><br \/>D\u00e9but de l&#8217;ann\u00e9e scolaire dans de nombreux pays.\u00a0<\/li><\/ul><ul><li><strong>5 septembre : Journ\u00e9e internationale de la charit\u00e9<\/strong><br \/>Une journ\u00e9e pour encourager et promouvoir la charit\u00e9 et l&#8217;entraide.<br \/><a href=\"https:\/\/www.un.org\/fr\/observances\/charity-day\" target=\"_blank\" rel=\"noopener\"><span style=\"color: #3366ff;\">Source: ONU<\/span><\/a><\/li><\/ul><ul><li><strong>8 septembre : Journ\u00e9e internationale de l&#8217;alphab\u00e9tisation<\/strong><br \/>Une journ\u00e9e pour sensibiliser le monde \u00e0 l&#8217;importance de l&#8217;alphab\u00e9tisation.<br \/><a href=\"https:\/\/www.unesco.org\/fr\/days\/literacy\" target=\"_blank\" rel=\"noopener\"><span style=\"color: #3366ff;\">Source: Unesco<\/span><\/a><\/li><\/ul><ul><li><strong>10 septembre : Journ\u00e9e mondiale de pr\u00e9vention du suicide<\/strong><br \/>Une journ\u00e9e de sensibilisation \u00e0 la pr\u00e9vention du suicide.<br \/>Source: <span style=\"color: #3366ff;\"><span style=\"color: #3366ff;\"><span style=\"color: #3366ff;\"><a style=\"color: #3366ff;\" href=\"https:\/\/www.who.int\/fr\/campaigns\/world-suicide-prevention-day\/2023\" target=\"_blank\" rel=\"noopener\">OMS<\/a><\/span><\/span><\/span><\/li><\/ul><ul><li><strong>15 septembre : Journ\u00e9e internationale de la d\u00e9mocratie<\/strong><br \/>Une journ\u00e9e de promotion des principes d\u00e9moncratiques.<br \/><a href=\"https:\/\/www.unesco.org\/fr\/days\/democracy#:~:text=15%20septembre%202022%3A%20Un%20panel,la%20d%C3%A9mocratie%20%C3%A0%20l'ONU\" target=\"_blank\" rel=\"noopener\"><span style=\"color: #3366ff;\">Source: UNESCO<\/span><\/a><br \/><br \/><\/li><li><strong>16 septembre : Journ\u00e9e internationale pour la protection de la couche d\u2019ozone<\/strong><br \/>Une journ\u00e9e de sensibilisation \u00e0 la protection de la couche d&#8217;ozone.<br \/><a href=\"https:\/\/www.un.org\/fr\/observances\/ozone-day\" target=\"_blank\" rel=\"noopener\"><span style=\"color: #3366ff;\">Source: ONU<\/span><\/a><br \/><br \/><\/li><li><strong>21 septembre : Journ\u00e9e internationale de la paix<\/strong> <br \/>Pour la promotion de la paix dans le monde. <a href=\"https:\/\/www.un.org\/fr\/observances\/international-day-peace\" target=\"_blank\" rel=\"noopener\"><span style=\"color: #3366ff;\">Source : ONU<\/span><\/a><br \/><br \/><\/li><li><strong>27 septembre : Journ\u00e9e mondiale du tourisme<\/strong><br \/>Sensibilisation \u00e0 l&#8217;importance du tourisme. <br \/><a href=\"https:\/\/www.un.org\/fr\/observances\/tourism-day\" target=\"_blank\" rel=\"noopener\"><span style=\"color: #3366ff;\">Source : Nations Unies<\/span><\/a><br \/><br \/><\/li><li><strong>29 septembre : Journ\u00e9e mondiale du c\u0153ur<\/strong><br \/>Sensibilisation aux maladies cardiovasculaires. <br \/><a href=\"https:\/\/www.coeur-recherche.fr\/29-septembre-journee-mondiale-du-coeur-nfr0f37380\" target=\"_blank\" rel=\"noopener\"><span style=\"color: #3366ff;\">Source : Fondation C\u0153ur et Recherche<\/span><\/a><br \/><br \/><\/li><li><strong>30 septembre : Journ\u00e9e internationale des podcasts<\/strong><br \/>C\u00e9l\u00e9bration de la popularit\u00e9 croissante des podcasts. <br \/><br \/><\/li><\/ul>\t\t\t\t\t\t\t\t<\/div>\n\t\t\t\t<\/div>\n\t\t\t\t\t<\/div>\n\t\t<\/div>\n\t\t\t\t\t<\/div>\n\t\t<\/section>\n\t\t\t\t<section class=\"elementor-section elementor-top-section elementor-element elementor-element-5ca60b9 elementor-section-boxed elementor-section-height-default elementor-section-height-default\" data-id=\"5ca60b9\" data-element_type=\"section\">\n\t\t\t\t\t\t<div class=\"elementor-container elementor-column-gap-default\">\n\t\t\t\t\t<div class=\"elementor-column elementor-col-100 elementor-top-column elementor-element elementor-element-f000a65\" data-id=\"f000a65\" data-element_type=\"column\">\n\t\t\t<div class=\"elementor-widget-wrap elementor-element-populated\">\n\t\t\t\t\t\t<div class=\"elementor-element elementor-element-945898a elementor-widget elementor-widget-spacer\" data-id=\"945898a\" data-element_type=\"widget\" data-widget_type=\"spacer.default\">\n\t\t\t\t<div class=\"elementor-widget-container\">\n\t\t\t\t\t\t\t<div class=\"elementor-spacer\">\n\t\t\t<div class=\"elementor-spacer-inner\"><\/div>\n\t\t<\/div>\n\t\t\t\t\t\t<\/div>\n\t\t\t\t<\/div>\n\t\t\t\t\t<\/div>\n\t\t<\/div>\n\t\t\t\t\t<\/div>\n\t\t<\/section>\n\t\t\t\t<section class=\"elementor-section elementor-top-section elementor-element elementor-element-f3c50dc elementor-section-boxed elementor-section-height-default elementor-section-height-default\" data-id=\"f3c50dc\" data-element_type=\"section\">\n\t\t\t\t\t\t<div class=\"elementor-container elementor-column-gap-default\">\n\t\t\t\t\t<div class=\"elementor-column elementor-col-100 elementor-top-column elementor-element elementor-element-af5b436\" data-id=\"af5b436\" data-element_type=\"column\">\n\t\t\t<div class=\"elementor-widget-wrap elementor-element-populated\">\n\t\t\t\t\t\t<div class=\"elementor-element elementor-element-bd5074f elementor-widget elementor-widget-spacer\" data-id=\"bd5074f\" data-element_type=\"widget\" data-widget_type=\"spacer.default\">\n\t\t\t\t<div class=\"elementor-widget-container\">\n\t\t\t\t\t\t\t<div class=\"elementor-spacer\">\n\t\t\t<div class=\"elementor-spacer-inner\"><\/div>\n\t\t<\/div>\n\t\t\t\t\t\t<\/div>\n\t\t\t\t<\/div>\n\t\t\t\t\t<\/div>\n\t\t<\/div>\n\t\t\t\t\t<\/div>\n\t\t<\/section>\n\t\t\t\t<section class=\"elementor-section elementor-top-section elementor-element elementor-element-aa8aa1c elementor-section-boxed elementor-section-height-default elementor-section-height-default\" data-id=\"aa8aa1c\" data-element_type=\"section\">\n\t\t\t\t\t\t<div class=\"elementor-container elementor-column-gap-default\">\n\t\t\t\t\t<div class=\"elementor-column elementor-col-33 elementor-top-column elementor-element elementor-element-2807dd3\" data-id=\"2807dd3\" data-element_type=\"column\">\n\t\t\t<div class=\"elementor-widget-wrap elementor-element-populated\">\n\t\t\t\t\t\t<div class=\"elementor-element elementor-element-3556411 elementor-widget elementor-widget-image\" data-id=\"3556411\" data-element_type=\"widget\" data-widget_type=\"image.default\">\n\t\t\t\t<div class=\"elementor-widget-container\">\n\t\t\t\t\t\t\t\t\t\t\t\t\t\t\t<img decoding=\"async\" width=\"227\" height=\"189\" src=\"https:\/\/www.macapflag.com\/blog\/wp-content\/uploads\/2024\/01\/picto-salon.jpg\" class=\"attachment-large size-large wp-image-15573\" alt=\"Les salons professionnels du mois\" \/>\t\t\t\t\t\t\t\t\t\t\t\t\t\t\t<\/div>\n\t\t\t\t<\/div>\n\t\t\t\t\t<\/div>\n\t\t<\/div>\n\t\t\t\t<div class=\"elementor-column elementor-col-66 elementor-top-column elementor-element elementor-element-21e7c24\" data-id=\"21e7c24\" data-element_type=\"column\">\n\t\t\t<div class=\"elementor-widget-wrap elementor-element-populated\">\n\t\t\t\t\t\t<div class=\"elementor-element elementor-element-100bfdc elementor-widget elementor-widget-text-editor\" data-id=\"100bfdc\" data-element_type=\"widget\" data-widget_type=\"text-editor.default\">\n\t\t\t\t<div class=\"elementor-widget-container\">\n\t\t\t\t\t\t\t\t\t<h2>Les \u00e9v\u00e9nements d&#8217;affaires et salons professionnels du mois de septembre 2024<\/h2>\t\t\t\t\t\t\t\t<\/div>\n\t\t\t\t<\/div>\n\t\t\t\t\t<\/div>\n\t\t<\/div>\n\t\t\t\t\t<\/div>\n\t\t<\/section>\n\t\t\t\t<section class=\"elementor-section elementor-top-section elementor-element elementor-element-928281c elementor-section-boxed elementor-section-height-default elementor-section-height-default\" data-id=\"928281c\" data-element_type=\"section\">\n\t\t\t\t\t\t<div class=\"elementor-container elementor-column-gap-default\">\n\t\t\t\t\t<div class=\"elementor-column elementor-col-100 elementor-top-column elementor-element elementor-element-82d5778\" data-id=\"82d5778\" data-element_type=\"column\">\n\t\t\t<div class=\"elementor-widget-wrap elementor-element-populated\">\n\t\t\t\t\t\t<div class=\"elementor-element elementor-element-82d6ed2 elementor-widget elementor-widget-text-editor\" data-id=\"82d6ed2\" data-element_type=\"widget\" data-widget_type=\"text-editor.default\">\n\t\t\t\t<div class=\"elementor-widget-container\">\n\t\t\t\t\t\t\t\t\t<ul><li><strong>17 &#8211; 19 septembre : Salon international du tourisme (Paris)<\/strong><br \/>Salon professionnel pour l&#8217;industrie du tourisme. <a href=\"https:\/\/www.iftm.fr\/fr-fr\/le-salon\/salon-iftm-generaliste-google1.html?utm_source=google&amp;utm_medium=cpc&amp;utm_campaign=ad_generaliste_froide&amp;gad_source=1&amp;gclid=CjwKCAjw1emzBhB8EiwAHwZZxfOoNkAOjs2Eh4sFmg1GOSfQyOOmp4ooHuEgBN_VMEaWia7b0nMvjRoCfb8QAvD_BwE\" target=\"_blank\" rel=\"noopener\"><span style=\"color: #3366ff;\">Source: IFTM\u00a0<\/span><\/a><br \/><br \/><\/li><li><strong>17 &#8211; 19 septembre : Paris Retail Week (Paris)\u00a0<\/strong><br \/>Salon d\u00e9di\u00e9 au commerce de d\u00e9tail et au e-commerce. <br \/><a href=\"https:\/\/www.parisretailweek.com\/fr-FR\/infos-pratiques\/date-horaires-lieu#:~:text=Rendez%2Dvous%20du%2017%20au,des%20acteurs%20professionnels%20du%20retail%20!\" target=\"_blank\" rel=\"noopener\"><span style=\"color: #3366ff;\">Source: Paris Retail Week<\/span><\/a><br \/><br \/><\/li><li><strong>17 &#8211; 19 septembre : Customer relationship &amp; marketing meeting (Cannes)<\/strong> <br \/>Conf\u00e9rence sur la relation client et le marketing.<br \/><br \/><\/li><li><strong>23 &#8211; 24 septembre : Salon des micro-entreprises<\/strong><br \/>Salon d\u00e9di\u00e9 aux microentreprises et entrepreneurs.\u00a0<br \/><br \/><\/li><li><strong>26 &#8211; 27 septembre : Le Printemps des \u00e9tudes (Paris)<\/strong> <br \/>Salon professionnel pour les professionnels des \u00e9tudes de march\u00e9. <br \/><a href=\"https:\/\/www.printemps-etudes.com\/fr\/accueil\" target=\"_blank\" rel=\"noopener\"><span style=\"color: #3366ff;\">Source : Le Printemps des \u00c9tudes<\/span><\/a><br \/><br \/><\/li><\/ul>\t\t\t\t\t\t\t\t<\/div>\n\t\t\t\t<\/div>\n\t\t\t\t\t<\/div>\n\t\t<\/div>\n\t\t\t\t\t<\/div>\n\t\t<\/section>\n\t\t\t\t<section class=\"elementor-section elementor-top-section elementor-element elementor-element-d1a60e8 elementor-section-boxed elementor-section-height-default elementor-section-height-default\" data-id=\"d1a60e8\" data-element_type=\"section\">\n\t\t\t\t\t\t<div class=\"elementor-container elementor-column-gap-default\">\n\t\t\t\t\t<div class=\"elementor-column elementor-col-100 elementor-top-column elementor-element elementor-element-4116f16\" data-id=\"4116f16\" data-element_type=\"column\">\n\t\t\t<div class=\"elementor-widget-wrap elementor-element-populated\">\n\t\t\t\t\t\t<div class=\"elementor-element elementor-element-51e102a elementor-widget elementor-widget-spacer\" data-id=\"51e102a\" data-element_type=\"widget\" data-widget_type=\"spacer.default\">\n\t\t\t\t<div class=\"elementor-widget-container\">\n\t\t\t\t\t\t\t<div class=\"elementor-spacer\">\n\t\t\t<div class=\"elementor-spacer-inner\"><\/div>\n\t\t<\/div>\n\t\t\t\t\t\t<\/div>\n\t\t\t\t<\/div>\n\t\t\t\t\t<\/div>\n\t\t<\/div>\n\t\t\t\t\t<\/div>\n\t\t<\/section>\n\t\t\t\t<section class=\"elementor-section elementor-top-section elementor-element elementor-element-99c6a4b elementor-section-boxed elementor-section-height-default elementor-section-height-default\" data-id=\"99c6a4b\" data-element_type=\"section\">\n\t\t\t\t\t\t<div class=\"elementor-container elementor-column-gap-default\">\n\t\t\t\t\t<div class=\"elementor-column elementor-col-33 elementor-top-column elementor-element elementor-element-f96e6af\" data-id=\"f96e6af\" data-element_type=\"column\">\n\t\t\t<div class=\"elementor-widget-wrap elementor-element-populated\">\n\t\t\t\t\t\t<div class=\"elementor-element elementor-element-32a6aa0 elementor-widget elementor-widget-image\" data-id=\"32a6aa0\" data-element_type=\"widget\" data-widget_type=\"image.default\">\n\t\t\t\t<div class=\"elementor-widget-container\">\n\t\t\t\t\t\t\t\t\t\t\t\t\t\t\t<img decoding=\"async\" width=\"227\" height=\"189\" src=\"https:\/\/www.macapflag.com\/blog\/wp-content\/uploads\/2024\/01\/picto-musique.jpg\" class=\"attachment-large size-large wp-image-15577\" alt=\"Concerts et \u00e9v\u00e8nements musicaux du mois\" \/>\t\t\t\t\t\t\t\t\t\t\t\t\t\t\t<\/div>\n\t\t\t\t<\/div>\n\t\t\t\t\t<\/div>\n\t\t<\/div>\n\t\t\t\t<div class=\"elementor-column elementor-col-66 elementor-top-column elementor-element elementor-element-881b1f7\" data-id=\"881b1f7\" data-element_type=\"column\">\n\t\t\t<div class=\"elementor-widget-wrap elementor-element-populated\">\n\t\t\t\t\t\t<div class=\"elementor-element elementor-element-4edc706 elementor-widget elementor-widget-text-editor\" data-id=\"4edc706\" data-element_type=\"widget\" data-widget_type=\"text-editor.default\">\n\t\t\t\t<div class=\"elementor-widget-container\">\n\t\t\t\t\t\t\t\t\t<h2>Les \u00e9v\u00e9nements musicaux et concerts \u00e9v\u00e8nements du mois de septembre 2024<\/h2>\t\t\t\t\t\t\t\t<\/div>\n\t\t\t\t<\/div>\n\t\t\t\t\t<\/div>\n\t\t<\/div>\n\t\t\t\t\t<\/div>\n\t\t<\/section>\n\t\t\t\t<section class=\"elementor-section elementor-top-section elementor-element elementor-element-a697156 elementor-section-boxed elementor-section-height-default elementor-section-height-default\" data-id=\"a697156\" data-element_type=\"section\">\n\t\t\t\t\t\t<div class=\"elementor-container elementor-column-gap-default\">\n\t\t\t\t\t<div class=\"elementor-column elementor-col-100 elementor-top-column elementor-element elementor-element-c96fe8f\" data-id=\"c96fe8f\" data-element_type=\"column\">\n\t\t\t<div class=\"elementor-widget-wrap elementor-element-populated\">\n\t\t\t\t\t\t<div class=\"elementor-element elementor-element-3a33a8a elementor-widget elementor-widget-text-editor\" data-id=\"3a33a8a\" data-element_type=\"widget\" data-widget_type=\"text-editor.default\">\n\t\t\t\t<div class=\"elementor-widget-container\">\n\t\t\t\t\t\t\t\t\t<ul><li><strong>4 &#8211; 8 septembre : Delta festival \u00e0 Marseille<\/strong><br \/>Festival de musique et de culture. <br \/><a href=\"https:\/\/www.delta-festival.com\/\" target=\"_blank\" rel=\"noopener\"><span style=\"color: #3366ff;\">Source : Delta Festival<\/span><\/a><br \/><br \/><\/li><li><strong>13 &#8211; 15 septembre : La f\u00eate de l\u2019humanit\u00e9<\/strong><br \/>Festival de musique et \u00e9v\u00e9nement politique organis\u00e9 par le journal L&#8217;Humanit\u00e9. <br \/><a href=\"https:\/\/fete.humanite.fr\/\" target=\"_blank\" rel=\"noopener\"><span style=\"color: #3366ff;\">Source : F\u00eate de l&#8217;Humanit\u00e9<\/span><\/a><br \/><br \/><\/li><li><strong>21 &#8211; 22 septembre : Burning womxn<\/strong><br \/>Festival ax\u00e9 sur l&#8217;art f\u00e9ministe et la culture.<br \/><a href=\"https:\/\/shotgun.live\/fr\/festivals\/burning-womxn\" target=\"_blank\" rel=\"noopener\"><span style=\"color: #3366ff;\">Source : Shotgun Burning Womxn<\/span><\/a><br \/><br \/><\/li><li><strong>27 septembre &#8211; 1 octobre : Myl\u00e8ne Farmer<\/strong><br \/>Concerts de la chanteuse fran\u00e7aise Myl\u00e8ne Farmer.<br \/><a href=\"https:\/\/www.mylenefarmer-nevermore2023.com\/#tournee\" target=\"_blank\" rel=\"noopener\"><span style=\"color: #3366ff;\">Source : Myl\u00e8ne Farmer Official<\/span><\/a><\/li><\/ul>\t\t\t\t\t\t\t\t<\/div>\n\t\t\t\t<\/div>\n\t\t\t\t\t<\/div>\n\t\t<\/div>\n\t\t\t\t\t<\/div>\n\t\t<\/section>\n\t\t\t\t<section class=\"elementor-section elementor-top-section elementor-element elementor-element-847c527 elementor-section-boxed elementor-section-height-default elementor-section-height-default\" data-id=\"847c527\" data-element_type=\"section\">\n\t\t\t\t\t\t<div class=\"elementor-container elementor-column-gap-default\">\n\t\t\t\t\t<div class=\"elementor-column elementor-col-100 elementor-top-column elementor-element elementor-element-4ebf9d3\" data-id=\"4ebf9d3\" data-element_type=\"column\">\n\t\t\t<div class=\"elementor-widget-wrap elementor-element-populated\">\n\t\t\t\t\t\t<div class=\"elementor-element elementor-element-6226111 elementor-widget elementor-widget-spacer\" data-id=\"6226111\" data-element_type=\"widget\" data-widget_type=\"spacer.default\">\n\t\t\t\t<div class=\"elementor-widget-container\">\n\t\t\t\t\t\t\t<div class=\"elementor-spacer\">\n\t\t\t<div class=\"elementor-spacer-inner\"><\/div>\n\t\t<\/div>\n\t\t\t\t\t\t<\/div>\n\t\t\t\t<\/div>\n\t\t\t\t\t<\/div>\n\t\t<\/div>\n\t\t\t\t\t<\/div>\n\t\t<\/section>\n\t\t\t\t<section class=\"elementor-section elementor-top-section elementor-element elementor-element-1b68eee elementor-section-boxed elementor-section-height-default elementor-section-height-default\" data-id=\"1b68eee\" data-element_type=\"section\">\n\t\t\t\t\t\t<div class=\"elementor-container elementor-column-gap-default\">\n\t\t\t\t\t<div class=\"elementor-column elementor-col-33 elementor-top-column elementor-element elementor-element-450ae34\" data-id=\"450ae34\" data-element_type=\"column\">\n\t\t\t<div class=\"elementor-widget-wrap elementor-element-populated\">\n\t\t\t\t\t\t<div class=\"elementor-element elementor-element-444f67e elementor-widget elementor-widget-image\" data-id=\"444f67e\" data-element_type=\"widget\" data-widget_type=\"image.default\">\n\t\t\t\t<div class=\"elementor-widget-container\">\n\t\t\t\t\t\t\t\t\t\t\t\t\t\t\t<img loading=\"lazy\" decoding=\"async\" width=\"227\" height=\"189\" src=\"https:\/\/www.macapflag.com\/blog\/wp-content\/uploads\/2024\/01\/picto-cinema-1.jpg\" class=\"attachment-large size-large wp-image-15581\" alt=\"A l&#039;affiche au cin\u00e9ma ce mois\" \/>\t\t\t\t\t\t\t\t\t\t\t\t\t\t\t<\/div>\n\t\t\t\t<\/div>\n\t\t\t\t\t<\/div>\n\t\t<\/div>\n\t\t\t\t<div class=\"elementor-column elementor-col-66 elementor-top-column elementor-element elementor-element-5bde67a\" data-id=\"5bde67a\" data-element_type=\"column\">\n\t\t\t<div class=\"elementor-widget-wrap elementor-element-populated\">\n\t\t\t\t\t\t<div class=\"elementor-element elementor-element-0ac1f78 elementor-widget elementor-widget-text-editor\" data-id=\"0ac1f78\" data-element_type=\"widget\" data-widget_type=\"text-editor.default\">\n\t\t\t\t<div class=\"elementor-widget-container\">\n\t\t\t\t\t\t\t\t\t<h2>\u00c0 l\u2019affiche au cin\u00e9ma en septembre 2024<\/h2>\t\t\t\t\t\t\t\t<\/div>\n\t\t\t\t<\/div>\n\t\t\t\t\t<\/div>\n\t\t<\/div>\n\t\t\t\t\t<\/div>\n\t\t<\/section>\n\t\t\t\t<section class=\"elementor-section elementor-top-section elementor-element elementor-element-2c5d553 elementor-section-boxed elementor-section-height-default elementor-section-height-default\" data-id=\"2c5d553\" data-element_type=\"section\">\n\t\t\t\t\t\t<div class=\"elementor-container elementor-column-gap-default\">\n\t\t\t\t\t<div class=\"elementor-column elementor-col-100 elementor-top-column elementor-element elementor-element-5efb6ab\" data-id=\"5efb6ab\" data-element_type=\"column\">\n\t\t\t<div class=\"elementor-widget-wrap elementor-element-populated\">\n\t\t\t\t\t\t<div class=\"elementor-element elementor-element-9c2875d elementor-widget elementor-widget-text-editor\" data-id=\"9c2875d\" data-element_type=\"widget\" data-widget_type=\"text-editor.default\">\n\t\t\t\t<div class=\"elementor-widget-container\">\n\t\t\t\t\t\t\t\t\t<ul><li><strong>6 &#8211; 15 septembre : Festival du cin\u00e9ma am\u00e9ricain de Deauville<\/strong><br \/>Festival c\u00e9l\u00e9brant le cin\u00e9ma am\u00e9ricain. <a href=\"https:\/\/www.festival-deauville.com\/\" target=\"_blank\" rel=\"noopener\"><span style=\"color: #3366ff;\">Source : Festival de Deauville<\/span><\/a><br \/><br \/><\/li><li><strong>11 septembre : Beetlejuice 2<\/strong><br \/>Sortie du film d&#8217;\u00e9pouvante de Tim Burton<br \/><a href=\"https:\/\/www.allocine.fr\/film\/fichefilm_gen_cfilm=197214.html\" target=\"_blank\" rel=\"noopener\"><span style=\"color: #3366ff;\">Source : Allocin\u00e9<\/span><\/a><\/li><\/ul>\t\t\t\t\t\t\t\t<\/div>\n\t\t\t\t<\/div>\n\t\t\t\t\t<\/div>\n\t\t<\/div>\n\t\t\t\t\t<\/div>\n\t\t<\/section>\n\t\t\t\t<section class=\"elementor-section elementor-top-section elementor-element elementor-element-246c319 elementor-section-boxed elementor-section-height-default elementor-section-height-default\" data-id=\"246c319\" data-element_type=\"section\">\n\t\t\t\t\t\t<div class=\"elementor-container elementor-column-gap-default\">\n\t\t\t\t\t<div class=\"elementor-column elementor-col-100 elementor-top-column elementor-element elementor-element-567bd51\" data-id=\"567bd51\" data-element_type=\"column\">\n\t\t\t<div class=\"elementor-widget-wrap elementor-element-populated\">\n\t\t\t\t\t\t<div class=\"elementor-element elementor-element-28b9e4e elementor-widget elementor-widget-spacer\" data-id=\"28b9e4e\" data-element_type=\"widget\" data-widget_type=\"spacer.default\">\n\t\t\t\t<div class=\"elementor-widget-container\">\n\t\t\t\t\t\t\t<div class=\"elementor-spacer\">\n\t\t\t<div class=\"elementor-spacer-inner\"><\/div>\n\t\t<\/div>\n\t\t\t\t\t\t<\/div>\n\t\t\t\t<\/div>\n\t\t\t\t\t<\/div>\n\t\t<\/div>\n\t\t\t\t\t<\/div>\n\t\t<\/section>\n\t\t\t\t<section class=\"elementor-section elementor-top-section elementor-element elementor-element-e49d887 elementor-section-boxed elementor-section-height-default elementor-section-height-default\" data-id=\"e49d887\" data-element_type=\"section\">\n\t\t\t\t\t\t<div class=\"elementor-container elementor-column-gap-default\">\n\t\t\t\t\t<div class=\"elementor-column elementor-col-33 elementor-top-column elementor-element elementor-element-7c5890f\" data-id=\"7c5890f\" data-element_type=\"column\">\n\t\t\t<div class=\"elementor-widget-wrap elementor-element-populated\">\n\t\t\t\t\t\t<div class=\"elementor-element elementor-element-310c51b elementor-widget elementor-widget-image\" data-id=\"310c51b\" data-element_type=\"widget\" data-widget_type=\"image.default\">\n\t\t\t\t<div class=\"elementor-widget-container\">\n\t\t\t\t\t\t\t\t\t\t\t\t\t\t\t<img loading=\"lazy\" decoding=\"async\" width=\"227\" height=\"189\" src=\"https:\/\/www.macapflag.com\/blog\/wp-content\/uploads\/2024\/01\/picto-dicton.jpg\" class=\"attachment-large size-large wp-image-15585\" alt=\"Un dicton pour le mois de f\u00e9vrier\" \/>\t\t\t\t\t\t\t\t\t\t\t\t\t\t\t<\/div>\n\t\t\t\t<\/div>\n\t\t\t\t\t<\/div>\n\t\t<\/div>\n\t\t\t\t<div class=\"elementor-column elementor-col-66 elementor-top-column elementor-element elementor-element-1023944\" data-id=\"1023944\" data-element_type=\"column\">\n\t\t\t<div class=\"elementor-widget-wrap elementor-element-populated\">\n\t\t\t\t\t\t<div class=\"elementor-element elementor-element-4637ac0 elementor-widget elementor-widget-text-editor\" data-id=\"4637ac0\" data-element_type=\"widget\" data-widget_type=\"text-editor.default\">\n\t\t\t\t<div class=\"elementor-widget-container\">\n\t\t\t\t\t\t\t\t\t<h2>Un dicton c\u00e9l\u00e8bre pour le mois de septembre ?<\/h2>\t\t\t\t\t\t\t\t<\/div>\n\t\t\t\t<\/div>\n\t\t\t\t\t<\/div>\n\t\t<\/div>\n\t\t\t\t\t<\/div>\n\t\t<\/section>\n\t\t\t\t<section class=\"elementor-section elementor-top-section elementor-element elementor-element-bc429ab elementor-section-boxed elementor-section-height-default elementor-section-height-default\" data-id=\"bc429ab\" data-element_type=\"section\">\n\t\t\t\t\t\t<div class=\"elementor-container elementor-column-gap-default\">\n\t\t\t\t\t<div class=\"elementor-column elementor-col-100 elementor-top-column elementor-element elementor-element-ec748a8\" data-id=\"ec748a8\" data-element_type=\"column\">\n\t\t\t<div class=\"elementor-widget-wrap elementor-element-populated\">\n\t\t\t\t\t\t<div class=\"elementor-element elementor-element-8e51a77 elementor-widget elementor-widget-text-editor\" data-id=\"8e51a77\" data-element_type=\"widget\" data-widget_type=\"text-editor.default\">\n\t\t\t\t<div class=\"elementor-widget-container\">\n\t\t\t\t\t\t\t\t\t<p>&#8220;septembre se nomme, le mai de l&#8217;automne.&#8221;<\/p>\t\t\t\t\t\t\t\t<\/div>\n\t\t\t\t<\/div>\n\t\t\t\t\t<\/div>\n\t\t<\/div>\n\t\t\t\t\t<\/div>\n\t\t<\/section>\n\t\t\t\t<section class=\"elementor-section elementor-top-section elementor-element elementor-element-3d1bf8b elementor-section-boxed elementor-section-height-default elementor-section-height-default\" data-id=\"3d1bf8b\" data-element_type=\"section\">\n\t\t\t\t\t\t<div class=\"elementor-container elementor-column-gap-default\">\n\t\t\t\t\t<div class=\"elementor-column elementor-col-100 elementor-top-column elementor-element elementor-element-75698c2\" data-id=\"75698c2\" data-element_type=\"column\">\n\t\t\t<div class=\"elementor-widget-wrap elementor-element-populated\">\n\t\t\t\t\t\t<div class=\"elementor-element elementor-element-82598a2 elementor-widget elementor-widget-spacer\" data-id=\"82598a2\" data-element_type=\"widget\" data-widget_type=\"spacer.default\">\n\t\t\t\t<div class=\"elementor-widget-container\">\n\t\t\t\t\t\t\t<div class=\"elementor-spacer\">\n\t\t\t<div class=\"elementor-spacer-inner\"><\/div>\n\t\t<\/div>\n\t\t\t\t\t\t<\/div>\n\t\t\t\t<\/div>\n\t\t\t\t\t<\/div>\n\t\t<\/div>\n\t\t\t\t\t<\/div>\n\t\t<\/section>\n\t\t\t\t<section class=\"elementor-section elementor-top-section elementor-element elementor-element-aeb9876 elementor-section-boxed elementor-section-height-default elementor-section-height-default\" data-id=\"aeb9876\" data-element_type=\"section\">\n\t\t\t\t\t\t<div class=\"elementor-container elementor-column-gap-default\">\n\t\t\t\t\t<div class=\"elementor-column elementor-col-100 elementor-top-column elementor-element elementor-element-dbee642\" data-id=\"dbee642\" data-element_type=\"column\">\n\t\t\t<div class=\"elementor-widget-wrap elementor-element-populated\">\n\t\t\t\t\t\t<div class=\"elementor-element elementor-element-59eacb1 elementor-widget elementor-widget-text-editor\" data-id=\"59eacb1\" data-element_type=\"widget\" data-widget_type=\"text-editor.default\">\n\t\t\t\t<div class=\"elementor-widget-container\">\n\t\t\t\t\t\t\t\t\t<p>Pour booster la communication et la visibilit\u00e9 de vos \u00e9v\u00e8nements, Macap, fabricant fran\u00e7ais, vous accompagne gr\u00e2ce \u00e0 une large gamme de <a href=\"https:\/\/www.macapflag.com\/53-drapeau-personnalise\"><span style=\"color: #3366ff;\"><strong>drapeaux<\/strong><\/span><\/a>, <a href=\"https:\/\/www.macapflag.com\/41-beach-flag-oriflamme\"><strong><span style=\"color: #3366ff;\">oriflammes<\/span><\/strong><\/a> et <a href=\"https:\/\/www.macapflag.com\/366-mobilier-exterieur-personnalise\"><strong><span style=\"color: #3366ff;\">mobilier ext\u00e9rieur personnalis\u00e9<\/span><\/strong><\/a>\u00a0et autres supports 100\u2009% personnalisables.<\/p>\t\t\t\t\t\t\t\t<\/div>\n\t\t\t\t<\/div>\n\t\t\t\t\t<\/div>\n\t\t<\/div>\n\t\t\t\t\t<\/div>\n\t\t<\/section>\n\t\t\t\t<section class=\"elementor-section elementor-top-section elementor-element elementor-element-7493b0c elementor-section-boxed elementor-section-height-default elementor-section-height-default\" data-id=\"7493b0c\" data-element_type=\"section\">\n\t\t\t\t\t\t<div class=\"elementor-container elementor-column-gap-default\">\n\t\t\t\t\t<div class=\"elementor-column elementor-col-100 elementor-top-column elementor-element elementor-element-05a1f3c\" data-id=\"05a1f3c\" data-element_type=\"column\">\n\t\t\t<div class=\"elementor-widget-wrap elementor-element-populated\">\n\t\t\t\t\t\t<div class=\"elementor-element elementor-element-533f049 elementor-widget elementor-widget-image\" data-id=\"533f049\" data-element_type=\"widget\" data-widget_type=\"image.default\">\n\t\t\t\t<div class=\"elementor-widget-container\">\n\t\t\t\t\t\t\t\t\t\t\t\t\t\t\t\t<a href=\"https:\/\/www.macapflag.com\/\">\n\t\t\t\t\t\t\t<img loading=\"lazy\" decoding=\"async\" width=\"700\" height=\"320\" src=\"https:\/\/www.macapflag.com\/blog\/wp-content\/uploads\/2021\/04\/fabriquant-de-drapeaux-kakemonos-banderoles-beach-flags-oriflammes-macap.jpg\" class=\"attachment-large size-large wp-image-10133\" alt=\"Macap fabriquant de drapeaux kak\u00e9mono banderole beach flag oriflamme\" srcset=\"https:\/\/www.macapflag.com\/blog\/wp-content\/uploads\/2021\/04\/fabriquant-de-drapeaux-kakemonos-banderoles-beach-flags-oriflammes-macap.jpg 700w, https:\/\/www.macapflag.com\/blog\/wp-content\/uploads\/2021\/04\/fabriquant-de-drapeaux-kakemonos-banderoles-beach-flags-oriflammes-macap-300x137.jpg 300w\" sizes=\"(max-width: 700px) 100vw, 700px\" \/>\t\t\t\t\t\t\t\t<\/a>\n\t\t\t\t\t\t\t\t\t\t\t\t\t\t\t<\/div>\n\t\t\t\t<\/div>\n\t\t\t\t\t<\/div>\n\t\t<\/div>\n\t\t\t\t\t<\/div>\n\t\t<\/section>\n\t\t\t\t<\/div>\n\t\t","protected":false},"excerpt":{"rendered":"<div class=\"tmnf_excerpt\"><p>Chaque mois de l\u2019ann\u00e9e est marqu\u00e9 par des c\u00e9l\u00e9brations traditionnelles, des journ\u00e9es de sensibilisation \u00e0 certaines causes. Chaque mois de l\u2019ann\u00e9e ont \u00e9galement lieu des \u00e9v\u00e8nements commerciaux, musicaux, sportifs et culturels. Le mois de septembre marque la fin des vacances avec la fameuse rentr\u00e9e, rentr\u00e9e des classes et retour au travail aussi pour les plus &hellip;<\/p>\n<\/div>","protected":false},"author":2,"featured_media":17804,"comment_status":"closed","ping_status":"open","sticky":false,"template":"template-fullwidth.php","format":"standard","meta":{"footnotes":""},"categories":[93,92],"tags":[],"class_list":["post-17803","post","type-post","status-publish","format-standard","has-post-thumbnail","hentry","category-com","category-news"],"yoast_head":"<!-- This site is optimized with the Yoast SEO plugin v26.4 - https:\/\/yoast.com\/wordpress\/plugins\/seo\/ -->\n<title>Les \u00e9v\u00e8nements \u00e0 ne pas manquer en septembre 2024 - Blog - Macap<\/title>\n<meta name=\"description\" content=\"F\u00eates, journ\u00e9es th\u00e9matiques, \u00e9v\u00e8nements sportifs et culturels, cin\u00e9ma, concert, salons. Les grands \u00e9v\u00e8nements de septembre 2024\" \/>\n<meta name=\"robots\" content=\"index, follow, max-snippet:-1, max-image-preview:large, max-video-preview:-1\" \/>\n<link rel=\"canonical\" href=\"https:\/\/www.macapflag.com\/blog\/evenements-septembre-2024\/\" \/>\n<meta property=\"og:locale\" content=\"fr_FR\" \/>\n<meta property=\"og:type\" content=\"article\" \/>\n<meta property=\"og:title\" content=\"Les \u00e9v\u00e8nements \u00e0 ne pas manquer en septembre 2024 - Blog - Macap\" \/>\n<meta property=\"og:description\" content=\"F\u00eates, journ\u00e9es th\u00e9matiques, \u00e9v\u00e8nements sportifs et culturels, cin\u00e9ma, concert, salons. Les grands \u00e9v\u00e8nements de septembre 2024\" \/>\n<meta property=\"og:url\" content=\"https:\/\/www.macapflag.com\/blog\/evenements-septembre-2024\/\" \/>\n<meta property=\"og:site_name\" content=\"Blog - Macap\" \/>\n<meta property=\"article:publisher\" content=\"https:\/\/www.facebook.com\/macap.pavoisement\/\" \/>\n<meta property=\"article:published_time\" content=\"2024-08-29T06:00:00+00:00\" \/>\n<meta property=\"og:image\" content=\"https:\/\/www.macapflag.com\/blog\/wp-content\/uploads\/2024\/06\/mois-septembre-TITRE.jpg\" \/>\n\t<meta property=\"og:image:width\" content=\"870\" \/>\n\t<meta property=\"og:image:height\" content=\"600\" \/>\n\t<meta property=\"og:image:type\" content=\"image\/jpeg\" \/>\n<meta name=\"author\" content=\"Blog Macap\" \/>\n<meta name=\"twitter:card\" content=\"summary_large_image\" \/>\n<meta name=\"twitter:label1\" content=\"\u00c9crit par\" \/>\n\t<meta name=\"twitter:data1\" content=\"Blog Macap\" \/>\n\t<meta name=\"twitter:label2\" content=\"Dur\u00e9e de lecture estim\u00e9e\" \/>\n\t<meta name=\"twitter:data2\" content=\"5 minutes\" \/>\n<script type=\"application\/ld+json\" class=\"yoast-schema-graph\">{\"@context\":\"https:\/\/schema.org\",\"@graph\":[{\"@type\":\"Article\",\"@id\":\"https:\/\/www.macapflag.com\/blog\/evenements-septembre-2024\/#article\",\"isPartOf\":{\"@id\":\"https:\/\/www.macapflag.com\/blog\/evenements-septembre-2024\/\"},\"author\":{\"name\":\"Blog Macap\",\"@id\":\"https:\/\/www.macapflag.com\/blog\/#\/schema\/person\/3fea701f2603875e651e6b662578fc3c\"},\"headline\":\"Les \u00e9v\u00e8nements \u00e0 ne pas manquer en septembre 2024\",\"datePublished\":\"2024-08-29T06:00:00+00:00\",\"mainEntityOfPage\":{\"@id\":\"https:\/\/www.macapflag.com\/blog\/evenements-septembre-2024\/\"},\"wordCount\":565,\"publisher\":{\"@id\":\"https:\/\/www.macapflag.com\/blog\/#organization\"},\"image\":{\"@id\":\"https:\/\/www.macapflag.com\/blog\/evenements-septembre-2024\/#primaryimage\"},\"thumbnailUrl\":\"https:\/\/www.macapflag.com\/blog\/wp-content\/uploads\/2024\/06\/mois-septembre-TITRE.jpg\",\"articleSection\":[\"Le monde de la Com'\",\"News &amp; Actu\"],\"inLanguage\":\"fr-FR\"},{\"@type\":\"WebPage\",\"@id\":\"https:\/\/www.macapflag.com\/blog\/evenements-septembre-2024\/\",\"url\":\"https:\/\/www.macapflag.com\/blog\/evenements-septembre-2024\/\",\"name\":\"Les \u00e9v\u00e8nements \u00e0 ne pas manquer en septembre 2024 - Blog - Macap\",\"isPartOf\":{\"@id\":\"https:\/\/www.macapflag.com\/blog\/#website\"},\"primaryImageOfPage\":{\"@id\":\"https:\/\/www.macapflag.com\/blog\/evenements-septembre-2024\/#primaryimage\"},\"image\":{\"@id\":\"https:\/\/www.macapflag.com\/blog\/evenements-septembre-2024\/#primaryimage\"},\"thumbnailUrl\":\"https:\/\/www.macapflag.com\/blog\/wp-content\/uploads\/2024\/06\/mois-septembre-TITRE.jpg\",\"datePublished\":\"2024-08-29T06:00:00+00:00\",\"description\":\"F\u00eates, journ\u00e9es th\u00e9matiques, \u00e9v\u00e8nements sportifs et culturels, cin\u00e9ma, concert, salons. Les grands \u00e9v\u00e8nements de septembre 2024\",\"breadcrumb\":{\"@id\":\"https:\/\/www.macapflag.com\/blog\/evenements-septembre-2024\/#breadcrumb\"},\"inLanguage\":\"fr-FR\",\"potentialAction\":[{\"@type\":\"ReadAction\",\"target\":[\"https:\/\/www.macapflag.com\/blog\/evenements-septembre-2024\/\"]}]},{\"@type\":\"ImageObject\",\"inLanguage\":\"fr-FR\",\"@id\":\"https:\/\/www.macapflag.com\/blog\/evenements-septembre-2024\/#primaryimage\",\"url\":\"https:\/\/www.macapflag.com\/blog\/wp-content\/uploads\/2024\/06\/mois-septembre-TITRE.jpg\",\"contentUrl\":\"https:\/\/www.macapflag.com\/blog\/wp-content\/uploads\/2024\/06\/mois-septembre-TITRE.jpg\",\"width\":870,\"height\":600,\"caption\":\"Evenements septembre 2024\"},{\"@type\":\"BreadcrumbList\",\"@id\":\"https:\/\/www.macapflag.com\/blog\/evenements-septembre-2024\/#breadcrumb\",\"itemListElement\":[{\"@type\":\"ListItem\",\"position\":1,\"name\":\"Accueil\",\"item\":\"https:\/\/www.macapflag.com\/blog\/\"},{\"@type\":\"ListItem\",\"position\":2,\"name\":\"Les \u00e9v\u00e8nements \u00e0 ne pas manquer en septembre 2024\"}]},{\"@type\":\"WebSite\",\"@id\":\"https:\/\/www.macapflag.com\/blog\/#website\",\"url\":\"https:\/\/www.macapflag.com\/blog\/\",\"name\":\"Blog - Macap\",\"description\":\"Tous nos articles\",\"publisher\":{\"@id\":\"https:\/\/www.macapflag.com\/blog\/#organization\"},\"potentialAction\":[{\"@type\":\"SearchAction\",\"target\":{\"@type\":\"EntryPoint\",\"urlTemplate\":\"https:\/\/www.macapflag.com\/blog\/?s={search_term_string}\"},\"query-input\":{\"@type\":\"PropertyValueSpecification\",\"valueRequired\":true,\"valueName\":\"search_term_string\"}}],\"inLanguage\":\"fr-FR\"},{\"@type\":\"Organization\",\"@id\":\"https:\/\/www.macapflag.com\/blog\/#organization\",\"name\":\"macapflag\",\"url\":\"https:\/\/www.macapflag.com\/blog\/\",\"logo\":{\"@type\":\"ImageObject\",\"inLanguage\":\"fr-FR\",\"@id\":\"https:\/\/www.macapflag.com\/blog\/#\/schema\/logo\/image\/\",\"url\":\"https:\/\/www.macapflag.com\/blog\/wp-content\/uploads\/2020\/12\/cropped-M-512-1.png\",\"contentUrl\":\"https:\/\/www.macapflag.com\/blog\/wp-content\/uploads\/2020\/12\/cropped-M-512-1.png\",\"width\":512,\"height\":512,\"caption\":\"macapflag\"},\"image\":{\"@id\":\"https:\/\/www.macapflag.com\/blog\/#\/schema\/logo\/image\/\"},\"sameAs\":[\"https:\/\/www.facebook.com\/macap.pavoisement\/\",\"https:\/\/www.instagram.com\/macapflag\/?hl=fr\",\"https:\/\/www.linkedin.com\/company\/macap\/?originalSubdomain=fr\",\"https:\/\/www.youtube.com\/channel\/UCXNzTIdZh9poEBjSXEqDtNw\"]},{\"@type\":\"Person\",\"@id\":\"https:\/\/www.macapflag.com\/blog\/#\/schema\/person\/3fea701f2603875e651e6b662578fc3c\",\"name\":\"Blog Macap\",\"image\":{\"@type\":\"ImageObject\",\"inLanguage\":\"fr-FR\",\"@id\":\"https:\/\/www.macapflag.com\/blog\/#\/schema\/person\/image\/\",\"url\":\"https:\/\/secure.gravatar.com\/avatar\/c12551f2dc51f0db049633b03e7856985477a70da834cc8967dea4ce54bdd6a2?s=96&d=mm&r=g\",\"contentUrl\":\"https:\/\/secure.gravatar.com\/avatar\/c12551f2dc51f0db049633b03e7856985477a70da834cc8967dea4ce54bdd6a2?s=96&d=mm&r=g\",\"caption\":\"Blog Macap\"},\"url\":\"https:\/\/www.macapflag.com\/blog\/author\/macap\/\"}]}<\/script>\n<!-- \/ Yoast SEO plugin. -->","yoast_head_json":{"title":"Les \u00e9v\u00e8nements \u00e0 ne pas manquer en septembre 2024 - Blog - Macap","description":"F\u00eates, journ\u00e9es th\u00e9matiques, \u00e9v\u00e8nements sportifs et culturels, cin\u00e9ma, concert, salons. Les grands \u00e9v\u00e8nements de septembre 2024","robots":{"index":"index","follow":"follow","max-snippet":"max-snippet:-1","max-image-preview":"max-image-preview:large","max-video-preview":"max-video-preview:-1"},"canonical":"https:\/\/www.macapflag.com\/blog\/evenements-septembre-2024\/","og_locale":"fr_FR","og_type":"article","og_title":"Les \u00e9v\u00e8nements \u00e0 ne pas manquer en septembre 2024 - Blog - Macap","og_description":"F\u00eates, journ\u00e9es th\u00e9matiques, \u00e9v\u00e8nements sportifs et culturels, cin\u00e9ma, concert, salons. Les grands \u00e9v\u00e8nements de septembre 2024","og_url":"https:\/\/www.macapflag.com\/blog\/evenements-septembre-2024\/","og_site_name":"Blog - Macap","article_publisher":"https:\/\/www.facebook.com\/macap.pavoisement\/","article_published_time":"2024-08-29T06:00:00+00:00","og_image":[{"width":870,"height":600,"url":"https:\/\/www.macapflag.com\/blog\/wp-content\/uploads\/2024\/06\/mois-septembre-TITRE.jpg","type":"image\/jpeg"}],"author":"Blog Macap","twitter_card":"summary_large_image","twitter_misc":{"\u00c9crit par":"Blog Macap","Dur\u00e9e de lecture estim\u00e9e":"5 minutes"},"schema":{"@context":"https:\/\/schema.org","@graph":[{"@type":"Article","@id":"https:\/\/www.macapflag.com\/blog\/evenements-septembre-2024\/#article","isPartOf":{"@id":"https:\/\/www.macapflag.com\/blog\/evenements-septembre-2024\/"},"author":{"name":"Blog Macap","@id":"https:\/\/www.macapflag.com\/blog\/#\/schema\/person\/3fea701f2603875e651e6b662578fc3c"},"headline":"Les \u00e9v\u00e8nements \u00e0 ne pas manquer en septembre 2024","datePublished":"2024-08-29T06:00:00+00:00","mainEntityOfPage":{"@id":"https:\/\/www.macapflag.com\/blog\/evenements-septembre-2024\/"},"wordCount":565,"publisher":{"@id":"https:\/\/www.macapflag.com\/blog\/#organization"},"image":{"@id":"https:\/\/www.macapflag.com\/blog\/evenements-septembre-2024\/#primaryimage"},"thumbnailUrl":"https:\/\/www.macapflag.com\/blog\/wp-content\/uploads\/2024\/06\/mois-septembre-TITRE.jpg","articleSection":["Le monde de la Com'","News &amp; Actu"],"inLanguage":"fr-FR"},{"@type":"WebPage","@id":"https:\/\/www.macapflag.com\/blog\/evenements-septembre-2024\/","url":"https:\/\/www.macapflag.com\/blog\/evenements-septembre-2024\/","name":"Les \u00e9v\u00e8nements \u00e0 ne pas manquer en septembre 2024 - Blog - Macap","isPartOf":{"@id":"https:\/\/www.macapflag.com\/blog\/#website"},"primaryImageOfPage":{"@id":"https:\/\/www.macapflag.com\/blog\/evenements-septembre-2024\/#primaryimage"},"image":{"@id":"https:\/\/www.macapflag.com\/blog\/evenements-septembre-2024\/#primaryimage"},"thumbnailUrl":"https:\/\/www.macapflag.com\/blog\/wp-content\/uploads\/2024\/06\/mois-septembre-TITRE.jpg","datePublished":"2024-08-29T06:00:00+00:00","description":"F\u00eates, journ\u00e9es th\u00e9matiques, \u00e9v\u00e8nements sportifs et culturels, cin\u00e9ma, concert, salons. Les grands \u00e9v\u00e8nements de septembre 2024","breadcrumb":{"@id":"https:\/\/www.macapflag.com\/blog\/evenements-septembre-2024\/#breadcrumb"},"inLanguage":"fr-FR","potentialAction":[{"@type":"ReadAction","target":["https:\/\/www.macapflag.com\/blog\/evenements-septembre-2024\/"]}]},{"@type":"ImageObject","inLanguage":"fr-FR","@id":"https:\/\/www.macapflag.com\/blog\/evenements-septembre-2024\/#primaryimage","url":"https:\/\/www.macapflag.com\/blog\/wp-content\/uploads\/2024\/06\/mois-septembre-TITRE.jpg","contentUrl":"https:\/\/www.macapflag.com\/blog\/wp-content\/uploads\/2024\/06\/mois-septembre-TITRE.jpg","width":870,"height":600,"caption":"Evenements septembre 2024"},{"@type":"BreadcrumbList","@id":"https:\/\/www.macapflag.com\/blog\/evenements-septembre-2024\/#breadcrumb","itemListElement":[{"@type":"ListItem","position":1,"name":"Accueil","item":"https:\/\/www.macapflag.com\/blog\/"},{"@type":"ListItem","position":2,"name":"Les \u00e9v\u00e8nements \u00e0 ne pas manquer en septembre 2024"}]},{"@type":"WebSite","@id":"https:\/\/www.macapflag.com\/blog\/#website","url":"https:\/\/www.macapflag.com\/blog\/","name":"Blog - Macap","description":"Tous nos articles","publisher":{"@id":"https:\/\/www.macapflag.com\/blog\/#organization"},"potentialAction":[{"@type":"SearchAction","target":{"@type":"EntryPoint","urlTemplate":"https:\/\/www.macapflag.com\/blog\/?s={search_term_string}"},"query-input":{"@type":"PropertyValueSpecification","valueRequired":true,"valueName":"search_term_string"}}],"inLanguage":"fr-FR"},{"@type":"Organization","@id":"https:\/\/www.macapflag.com\/blog\/#organization","name":"macapflag","url":"https:\/\/www.macapflag.com\/blog\/","logo":{"@type":"ImageObject","inLanguage":"fr-FR","@id":"https:\/\/www.macapflag.com\/blog\/#\/schema\/logo\/image\/","url":"https:\/\/www.macapflag.com\/blog\/wp-content\/uploads\/2020\/12\/cropped-M-512-1.png","contentUrl":"https:\/\/www.macapflag.com\/blog\/wp-content\/uploads\/2020\/12\/cropped-M-512-1.png","width":512,"height":512,"caption":"macapflag"},"image":{"@id":"https:\/\/www.macapflag.com\/blog\/#\/schema\/logo\/image\/"},"sameAs":["https:\/\/www.facebook.com\/macap.pavoisement\/","https:\/\/www.instagram.com\/macapflag\/?hl=fr","https:\/\/www.linkedin.com\/company\/macap\/?originalSubdomain=fr","https:\/\/www.youtube.com\/channel\/UCXNzTIdZh9poEBjSXEqDtNw"]},{"@type":"Person","@id":"https:\/\/www.macapflag.com\/blog\/#\/schema\/person\/3fea701f2603875e651e6b662578fc3c","name":"Blog Macap","image":{"@type":"ImageObject","inLanguage":"fr-FR","@id":"https:\/\/www.macapflag.com\/blog\/#\/schema\/person\/image\/","url":"https:\/\/secure.gravatar.com\/avatar\/c12551f2dc51f0db049633b03e7856985477a70da834cc8967dea4ce54bdd6a2?s=96&d=mm&r=g","contentUrl":"https:\/\/secure.gravatar.com\/avatar\/c12551f2dc51f0db049633b03e7856985477a70da834cc8967dea4ce54bdd6a2?s=96&d=mm&r=g","caption":"Blog Macap"},"url":"https:\/\/www.macapflag.com\/blog\/author\/macap\/"}]}},"_links":{"self":[{"href":"https:\/\/www.macapflag.com\/blog\/wp-json\/wp\/v2\/posts\/17803","targetHints":{"allow":["GET"]}}],"collection":[{"href":"https:\/\/www.macapflag.com\/blog\/wp-json\/wp\/v2\/posts"}],"about":[{"href":"https:\/\/www.macapflag.com\/blog\/wp-json\/wp\/v2\/types\/post"}],"author":[{"embeddable":true,"href":"https:\/\/www.macapflag.com\/blog\/wp-json\/wp\/v2\/users\/2"}],"replies":[{"embeddable":true,"href":"https:\/\/www.macapflag.com\/blog\/wp-json\/wp\/v2\/comments?post=17803"}],"version-history":[{"count":31,"href":"https:\/\/www.macapflag.com\/blog\/wp-json\/wp\/v2\/posts\/17803\/revisions"}],"predecessor-version":[{"id":17835,"href":"https:\/\/www.macapflag.com\/blog\/wp-json\/wp\/v2\/posts\/17803\/revisions\/17835"}],"wp:featuredmedia":[{"embeddable":true,"href":"https:\/\/www.macapflag.com\/blog\/wp-json\/wp\/v2\/media\/17804"}],"wp:attachment":[{"href":"https:\/\/www.macapflag.com\/blog\/wp-json\/wp\/v2\/media?parent=17803"}],"wp:term":[{"taxonomy":"category","embeddable":true,"href":"https:\/\/www.macapflag.com\/blog\/wp-json\/wp\/v2\/categories?post=17803"},{"taxonomy":"post_tag","embeddable":true,"href":"https:\/\/www.macapflag.com\/blog\/wp-json\/wp\/v2\/tags?post=17803"}],"curies":[{"name":"wp","href":"https:\/\/api.w.org\/{rel}","templated":true}]}}