{"id":18127,"date":"2025-09-09T08:05:48","date_gmt":"2025-09-09T06:05:48","guid":{"rendered":"https:\/\/www.macapflag.com\/blog\/?p=18127"},"modified":"2025-09-09T08:05:48","modified_gmt":"2025-09-09T06:05:48","slug":"le-drapeau-dans-la-photographie-un-symbole-qui-sinscrit-dans-le-temps","status":"publish","type":"post","link":"https:\/\/www.macapflag.com\/blog\/le-drapeau-dans-la-photographie-un-symbole-qui-sinscrit-dans-le-temps\/","title":{"rendered":"Le drapeau dans la photographie : Un symbole qui s\u2019inscrit dans le temps"},"content":{"rendered":"\t\t<div data-elementor-type=\"wp-post\" data-elementor-id=\"18127\" class=\"elementor elementor-18127\">\n\t\t\t\t\t\t<section class=\"elementor-section elementor-top-section elementor-element elementor-element-3df5fe3 elementor-section-boxed elementor-section-height-default elementor-section-height-default\" data-id=\"3df5fe3\" data-element_type=\"section\">\n\t\t\t\t\t\t<div class=\"elementor-container elementor-column-gap-default\">\n\t\t\t\t\t<div class=\"elementor-column elementor-col-100 elementor-top-column elementor-element elementor-element-6107a71\" data-id=\"6107a71\" data-element_type=\"column\">\n\t\t\t<div class=\"elementor-widget-wrap elementor-element-populated\">\n\t\t\t\t\t\t<div class=\"elementor-element elementor-element-11d56fb elementor-widget elementor-widget-text-editor\" data-id=\"11d56fb\" data-element_type=\"widget\" data-widget_type=\"text-editor.default\">\n\t\t\t\t<div class=\"elementor-widget-container\">\n\t\t\t\t\t\t\t\t\t<p>Les drapeaux, symboles de nationalit\u00e9, de fiert\u00e9, de r\u00e9volte ou d&#8217;appartenance, sont des \u00e9l\u00e9ments visuels puissants. Ils sont notamment pr\u00e9sents dans l\u2019univers de la <a href=\"https:\/\/www.macapflag.com\/blog\/drapeau-peinture\/\" target=\"_blank\" rel=\"noopener\"><span style=\"color: #3366ff;\">peinture<\/span><\/a>, de la <a href=\"https:\/\/www.macapflag.com\/blog\/litterature\/\" target=\"_blank\" rel=\"noopener\"><span style=\"color: #3366ff;\">litt\u00e9rature<\/span><\/a> et de la <a href=\"https:\/\/www.macapflag.com\/blog\/le-drapeau-dans-la-sculpture\/\" target=\"_blank\" rel=\"noopener\"><span style=\"color: #3366ff;\">sculpture<\/span><\/a>. Dans le monde de la photographie, le drapeau transcende souvent son r\u00f4le initial pour devenir un vecteur de messages profonds, porteurs d&#8217;histoire et de culture. Les drapeaux sont utilis\u00e9s dans la photographie artistique, \u00e0 travers plusieurs \u0153uvres marquantes.<\/p>\t\t\t\t\t\t\t\t<\/div>\n\t\t\t\t<\/div>\n\t\t\t\t\t<\/div>\n\t\t<\/div>\n\t\t\t\t\t<\/div>\n\t\t<\/section>\n\t\t\t\t<section class=\"elementor-section elementor-top-section elementor-element elementor-element-0d80481 elementor-section-boxed elementor-section-height-default elementor-section-height-default\" data-id=\"0d80481\" data-element_type=\"section\">\n\t\t\t\t\t\t<div class=\"elementor-container elementor-column-gap-default\">\n\t\t\t\t\t<div class=\"elementor-column elementor-col-100 elementor-top-column elementor-element elementor-element-fc7a5dc\" data-id=\"fc7a5dc\" data-element_type=\"column\">\n\t\t\t<div class=\"elementor-widget-wrap elementor-element-populated\">\n\t\t\t\t\t\t<div class=\"elementor-element elementor-element-c780a34 elementor-widget elementor-widget-text-editor\" data-id=\"c780a34\" data-element_type=\"widget\" data-widget_type=\"text-editor.default\">\n\t\t\t\t<div class=\"elementor-widget-container\">\n\t\t\t\t\t\t\t\t\t<h2>&#8220;Raising the Flag on Iwo Jima&#8221; par Joe Rosenthal en 1945<\/h2>\t\t\t\t\t\t\t\t<\/div>\n\t\t\t\t<\/div>\n\t\t\t\t\t<\/div>\n\t\t<\/div>\n\t\t\t\t\t<\/div>\n\t\t<\/section>\n\t\t\t\t<section class=\"elementor-section elementor-top-section elementor-element elementor-element-ae45bcc elementor-section-boxed elementor-section-height-default elementor-section-height-default\" data-id=\"ae45bcc\" data-element_type=\"section\">\n\t\t\t\t\t\t<div class=\"elementor-container elementor-column-gap-default\">\n\t\t\t\t\t<div class=\"elementor-column elementor-col-100 elementor-top-column elementor-element elementor-element-b3b0efb\" data-id=\"b3b0efb\" data-element_type=\"column\">\n\t\t\t<div class=\"elementor-widget-wrap elementor-element-populated\">\n\t\t\t\t\t\t<div class=\"elementor-element elementor-element-52a8d59 elementor-widget elementor-widget-image\" data-id=\"52a8d59\" data-element_type=\"widget\" data-widget_type=\"image.default\">\n\t\t\t\t<div class=\"elementor-widget-container\">\n\t\t\t\t\t\t\t\t\t\t\t\t\t\t\t<img fetchpriority=\"high\" decoding=\"async\" width=\"700\" height=\"534\" src=\"https:\/\/www.macapflag.com\/blog\/wp-content\/uploads\/2024\/07\/drapeau-et-la-photo-1.jpg\" class=\"attachment-large size-large wp-image-18130\" alt=\"Raising the Flag on Iwo Jima par Joe Rosenthal\" srcset=\"https:\/\/www.macapflag.com\/blog\/wp-content\/uploads\/2024\/07\/drapeau-et-la-photo-1.jpg 700w, https:\/\/www.macapflag.com\/blog\/wp-content\/uploads\/2024\/07\/drapeau-et-la-photo-1-300x229.jpg 300w\" sizes=\"(max-width: 700px) 100vw, 700px\" \/>\t\t\t\t\t\t\t\t\t\t\t\t\t\t\t<\/div>\n\t\t\t\t<\/div>\n\t\t\t\t\t<\/div>\n\t\t<\/div>\n\t\t\t\t\t<\/div>\n\t\t<\/section>\n\t\t\t\t<section class=\"elementor-section elementor-top-section elementor-element elementor-element-65fa39f elementor-section-boxed elementor-section-height-default elementor-section-height-default\" data-id=\"65fa39f\" data-element_type=\"section\">\n\t\t\t\t\t\t<div class=\"elementor-container elementor-column-gap-default\">\n\t\t\t\t\t<div class=\"elementor-column elementor-col-100 elementor-top-column elementor-element elementor-element-ada4d59\" data-id=\"ada4d59\" data-element_type=\"column\">\n\t\t\t<div class=\"elementor-widget-wrap elementor-element-populated\">\n\t\t\t\t\t\t<div class=\"elementor-element elementor-element-c363467 elementor-widget elementor-widget-text-editor\" data-id=\"c363467\" data-element_type=\"widget\" data-widget_type=\"text-editor.default\">\n\t\t\t\t<div class=\"elementor-widget-container\">\n\t\t\t\t\t\t\t\t\t<p>Cette photo datant de 1945 est peut-\u00eatre l&#8217;une des images les plus iconiques de tous les temps. On y voit cinq Marines am\u00e9ricains et un infirmier de la Navy hissant le <a href=\"https:\/\/www.macapflag.com\/drapeau-pays-pour-mat\/910-drapeau-etats-unis-officiel-.html\" target=\"_blank\" rel=\"noopener\"><span style=\"color: #3366ff;\">drapeau am\u00e9ricain<\/span><\/a> sur le mont Suribachi, pendant la bataille d&#8217;Iwo Jima. L&#8217;image, qui a remport\u00e9 le prix Pulitzer, est devenue un symbole de victoire et d&#8217;effort de guerre aux \u00c9tats-Unis. Elle illustre la capacit\u00e9 du drapeau \u00e0 incarner la r\u00e9silience et le courage en temps de guerre.<\/p>\t\t\t\t\t\t\t\t<\/div>\n\t\t\t\t<\/div>\n\t\t\t\t\t<\/div>\n\t\t<\/div>\n\t\t\t\t\t<\/div>\n\t\t<\/section>\n\t\t\t\t<section class=\"elementor-section elementor-top-section elementor-element elementor-element-5970bd8 elementor-section-boxed elementor-section-height-default elementor-section-height-default\" data-id=\"5970bd8\" data-element_type=\"section\">\n\t\t\t\t\t\t<div class=\"elementor-container elementor-column-gap-default\">\n\t\t\t\t\t<div class=\"elementor-column elementor-col-100 elementor-top-column elementor-element elementor-element-3ce9598\" data-id=\"3ce9598\" data-element_type=\"column\">\n\t\t\t<div class=\"elementor-widget-wrap elementor-element-populated\">\n\t\t\t\t\t\t<div class=\"elementor-element elementor-element-e58dc86 elementor-widget elementor-widget-spacer\" data-id=\"e58dc86\" data-element_type=\"widget\" data-widget_type=\"spacer.default\">\n\t\t\t\t<div class=\"elementor-widget-container\">\n\t\t\t\t\t\t\t<div class=\"elementor-spacer\">\n\t\t\t<div class=\"elementor-spacer-inner\"><\/div>\n\t\t<\/div>\n\t\t\t\t\t\t<\/div>\n\t\t\t\t<\/div>\n\t\t\t\t\t<\/div>\n\t\t<\/div>\n\t\t\t\t\t<\/div>\n\t\t<\/section>\n\t\t\t\t<section class=\"elementor-section elementor-top-section elementor-element elementor-element-0ca784a elementor-section-boxed elementor-section-height-default elementor-section-height-default\" data-id=\"0ca784a\" data-element_type=\"section\">\n\t\t\t\t\t\t<div class=\"elementor-container elementor-column-gap-default\">\n\t\t\t\t\t<div class=\"elementor-column elementor-col-100 elementor-top-column elementor-element elementor-element-e8b6edf\" data-id=\"e8b6edf\" data-element_type=\"column\">\n\t\t\t<div class=\"elementor-widget-wrap elementor-element-populated\">\n\t\t\t\t\t\t<div class=\"elementor-element elementor-element-711ef6f elementor-widget elementor-widget-text-editor\" data-id=\"711ef6f\" data-element_type=\"widget\" data-widget_type=\"text-editor.default\">\n\t\t\t\t<div class=\"elementor-widget-container\">\n\t\t\t\t\t\t\t\t\t<h2>Le drapeau sovi\u00e9tique qui flotte sur le Reichstag en 1945<\/h2>\t\t\t\t\t\t\t\t<\/div>\n\t\t\t\t<\/div>\n\t\t\t\t\t<\/div>\n\t\t<\/div>\n\t\t\t\t\t<\/div>\n\t\t<\/section>\n\t\t\t\t<section class=\"elementor-section elementor-top-section elementor-element elementor-element-2c21755 elementor-section-boxed elementor-section-height-default elementor-section-height-default\" data-id=\"2c21755\" data-element_type=\"section\">\n\t\t\t\t\t\t<div class=\"elementor-container elementor-column-gap-default\">\n\t\t\t\t\t<div class=\"elementor-column elementor-col-100 elementor-top-column elementor-element elementor-element-6de51a0\" data-id=\"6de51a0\" data-element_type=\"column\">\n\t\t\t<div class=\"elementor-widget-wrap elementor-element-populated\">\n\t\t\t\t\t\t<div class=\"elementor-element elementor-element-8d85198 elementor-widget elementor-widget-image\" data-id=\"8d85198\" data-element_type=\"widget\" data-widget_type=\"image.default\">\n\t\t\t\t<div class=\"elementor-widget-container\">\n\t\t\t\t\t\t\t\t\t\t\t\t\t\t\t<img decoding=\"async\" width=\"700\" height=\"534\" src=\"https:\/\/www.macapflag.com\/blog\/wp-content\/uploads\/2024\/07\/drapeau-et-la-photo-2.jpg\" class=\"attachment-large size-large wp-image-18131\" alt=\"Drapeau sovi\u00e9tique qui flotte sur le Reichstag en 1945\" srcset=\"https:\/\/www.macapflag.com\/blog\/wp-content\/uploads\/2024\/07\/drapeau-et-la-photo-2.jpg 700w, https:\/\/www.macapflag.com\/blog\/wp-content\/uploads\/2024\/07\/drapeau-et-la-photo-2-300x229.jpg 300w\" sizes=\"(max-width: 700px) 100vw, 700px\" \/>\t\t\t\t\t\t\t\t\t\t\t\t\t\t\t<\/div>\n\t\t\t\t<\/div>\n\t\t\t\t\t<\/div>\n\t\t<\/div>\n\t\t\t\t\t<\/div>\n\t\t<\/section>\n\t\t\t\t<section class=\"elementor-section elementor-top-section elementor-element elementor-element-0cbfb31 elementor-section-boxed elementor-section-height-default elementor-section-height-default\" data-id=\"0cbfb31\" data-element_type=\"section\">\n\t\t\t\t\t\t<div class=\"elementor-container elementor-column-gap-default\">\n\t\t\t\t\t<div class=\"elementor-column elementor-col-100 elementor-top-column elementor-element elementor-element-ee74db0\" data-id=\"ee74db0\" data-element_type=\"column\">\n\t\t\t<div class=\"elementor-widget-wrap elementor-element-populated\">\n\t\t\t\t\t\t<div class=\"elementor-element elementor-element-b06fd60 elementor-widget elementor-widget-text-editor\" data-id=\"b06fd60\" data-element_type=\"widget\" data-widget_type=\"text-editor.default\">\n\t\t\t\t<div class=\"elementor-widget-container\">\n\t\t\t\t\t\t\t\t\t<p>Evgueni Khaldei \u00e9tait un photographe de l&#8217;arm\u00e9e rouge charg\u00e9 par Staline de prendre des clich\u00e9s historiques montrant sa puissance et la d\u00e9faite de l\u2019Allemagne. D\u00e9j\u00e0 \u00e0 cette \u00e9poque, les hommes politiques avaient compris le pouvoir des images. La mise en sc\u00e8ne est soign\u00e9e. Le photographe s\u2019est d\u2019ailleurs inspir\u00e9 de la puissance de la c\u00e9l\u00e8bre image &#8220;Raising the Flag on Iwo Jima&#8221; de Joe Rosenthal pour r\u00e9aliser ce clich\u00e9.<\/p>\t\t\t\t\t\t\t\t<\/div>\n\t\t\t\t<\/div>\n\t\t\t\t\t<\/div>\n\t\t<\/div>\n\t\t\t\t\t<\/div>\n\t\t<\/section>\n\t\t\t\t<section class=\"elementor-section elementor-top-section elementor-element elementor-element-273186f elementor-section-boxed elementor-section-height-default elementor-section-height-default\" data-id=\"273186f\" data-element_type=\"section\">\n\t\t\t\t\t\t<div class=\"elementor-container elementor-column-gap-default\">\n\t\t\t\t\t<div class=\"elementor-column elementor-col-100 elementor-top-column elementor-element elementor-element-91ea5e0\" data-id=\"91ea5e0\" data-element_type=\"column\">\n\t\t\t<div class=\"elementor-widget-wrap elementor-element-populated\">\n\t\t\t\t\t\t<div class=\"elementor-element elementor-element-4abcb10 elementor-widget elementor-widget-spacer\" data-id=\"4abcb10\" data-element_type=\"widget\" data-widget_type=\"spacer.default\">\n\t\t\t\t<div class=\"elementor-widget-container\">\n\t\t\t\t\t\t\t<div class=\"elementor-spacer\">\n\t\t\t<div class=\"elementor-spacer-inner\"><\/div>\n\t\t<\/div>\n\t\t\t\t\t\t<\/div>\n\t\t\t\t<\/div>\n\t\t\t\t\t<\/div>\n\t\t<\/div>\n\t\t\t\t\t<\/div>\n\t\t<\/section>\n\t\t\t\t<section class=\"elementor-section elementor-top-section elementor-element elementor-element-480eb7b elementor-section-boxed elementor-section-height-default elementor-section-height-default\" data-id=\"480eb7b\" data-element_type=\"section\">\n\t\t\t\t\t\t<div class=\"elementor-container elementor-column-gap-default\">\n\t\t\t\t\t<div class=\"elementor-column elementor-col-100 elementor-top-column elementor-element elementor-element-d2c9d06\" data-id=\"d2c9d06\" data-element_type=\"column\">\n\t\t\t<div class=\"elementor-widget-wrap elementor-element-populated\">\n\t\t\t\t\t\t<div class=\"elementor-element elementor-element-9822964 elementor-widget elementor-widget-text-editor\" data-id=\"9822964\" data-element_type=\"widget\" data-widget_type=\"text-editor.default\">\n\t\t\t\t<div class=\"elementor-widget-container\">\n\t\t\t\t\t\t\t\t\t<h2>Un drapeau sur le toit du monde en 1953<\/h2>\t\t\t\t\t\t\t\t<\/div>\n\t\t\t\t<\/div>\n\t\t\t\t\t<\/div>\n\t\t<\/div>\n\t\t\t\t\t<\/div>\n\t\t<\/section>\n\t\t\t\t<section class=\"elementor-section elementor-top-section elementor-element elementor-element-4203eb2 elementor-section-boxed elementor-section-height-default elementor-section-height-default\" data-id=\"4203eb2\" data-element_type=\"section\">\n\t\t\t\t\t\t<div class=\"elementor-container elementor-column-gap-default\">\n\t\t\t\t\t<div class=\"elementor-column elementor-col-100 elementor-top-column elementor-element elementor-element-0dd0943\" data-id=\"0dd0943\" data-element_type=\"column\">\n\t\t\t<div class=\"elementor-widget-wrap elementor-element-populated\">\n\t\t\t\t\t\t<div class=\"elementor-element elementor-element-901c622 elementor-widget elementor-widget-image\" data-id=\"901c622\" data-element_type=\"widget\" data-widget_type=\"image.default\">\n\t\t\t\t<div class=\"elementor-widget-container\">\n\t\t\t\t\t\t\t\t\t\t\t\t\t\t\t<img decoding=\"async\" width=\"700\" height=\"534\" src=\"https:\/\/www.macapflag.com\/blog\/wp-content\/uploads\/2024\/07\/drapeau-et-la-photo-3.jpg\" class=\"attachment-large size-large wp-image-18132\" alt=\"Un drapeau sur le toit du monde en 1953\" srcset=\"https:\/\/www.macapflag.com\/blog\/wp-content\/uploads\/2024\/07\/drapeau-et-la-photo-3.jpg 700w, https:\/\/www.macapflag.com\/blog\/wp-content\/uploads\/2024\/07\/drapeau-et-la-photo-3-300x229.jpg 300w\" sizes=\"(max-width: 700px) 100vw, 700px\" \/>\t\t\t\t\t\t\t\t\t\t\t\t\t\t\t<\/div>\n\t\t\t\t<\/div>\n\t\t\t\t\t<\/div>\n\t\t<\/div>\n\t\t\t\t\t<\/div>\n\t\t<\/section>\n\t\t\t\t<section class=\"elementor-section elementor-top-section elementor-element elementor-element-e69d664 elementor-section-boxed elementor-section-height-default elementor-section-height-default\" data-id=\"e69d664\" data-element_type=\"section\">\n\t\t\t\t\t\t<div class=\"elementor-container elementor-column-gap-default\">\n\t\t\t\t\t<div class=\"elementor-column elementor-col-100 elementor-top-column elementor-element elementor-element-0abd147\" data-id=\"0abd147\" data-element_type=\"column\">\n\t\t\t<div class=\"elementor-widget-wrap elementor-element-populated\">\n\t\t\t\t\t\t<div class=\"elementor-element elementor-element-179965e elementor-widget elementor-widget-text-editor\" data-id=\"179965e\" data-element_type=\"widget\" data-widget_type=\"text-editor.default\">\n\t\t\t\t<div class=\"elementor-widget-container\">\n\t\t\t\t\t\t\t\t\t<p>Le N\u00e9o-Z\u00e9landais Edmund Hillary, 33 ans, et son sherpa n\u00e9palais Tensing Norgay, 29 ans, sont les premiers \u00e0 atteindre le sommet du Mont Everest qui culmine \u00e0 8 848 m\u00e8tres. La photo historique de cet exploit repr\u00e9sente Edmund Hillary brandissant un petit <a href=\"https:\/\/www.macapflag.com\/drapeau-pays-avec-hampe\/792007-drapeau-nouvelle-zelande-avec-hampe-officiel.html\" target=\"_blank\" rel=\"noopener\"><span style=\"color: #3366ff;\">drapeau de la Nouvelle-Z\u00e9lande<\/span><\/a>. Elle a fait le tour du monde.<br \/>Voir <a href=\"https:\/\/www.macapflag.com\/blog\/29-mai-1953\/\" target=\"_blank\" rel=\"noopener\"><span style=\"color: #3366ff;\">notre article sur ce sujet\u00a0<\/span><\/a><\/p>\t\t\t\t\t\t\t\t<\/div>\n\t\t\t\t<\/div>\n\t\t\t\t\t<\/div>\n\t\t<\/div>\n\t\t\t\t\t<\/div>\n\t\t<\/section>\n\t\t\t\t<section class=\"elementor-section elementor-top-section elementor-element elementor-element-fb3fa27 elementor-section-boxed elementor-section-height-default elementor-section-height-default\" data-id=\"fb3fa27\" data-element_type=\"section\">\n\t\t\t\t\t\t<div class=\"elementor-container elementor-column-gap-default\">\n\t\t\t\t\t<div class=\"elementor-column elementor-col-100 elementor-top-column elementor-element elementor-element-4cd1a76\" data-id=\"4cd1a76\" data-element_type=\"column\">\n\t\t\t<div class=\"elementor-widget-wrap elementor-element-populated\">\n\t\t\t\t\t\t<div class=\"elementor-element elementor-element-6d1611c elementor-widget elementor-widget-spacer\" data-id=\"6d1611c\" data-element_type=\"widget\" data-widget_type=\"spacer.default\">\n\t\t\t\t<div class=\"elementor-widget-container\">\n\t\t\t\t\t\t\t<div class=\"elementor-spacer\">\n\t\t\t<div class=\"elementor-spacer-inner\"><\/div>\n\t\t<\/div>\n\t\t\t\t\t\t<\/div>\n\t\t\t\t<\/div>\n\t\t\t\t\t<\/div>\n\t\t<\/div>\n\t\t\t\t\t<\/div>\n\t\t<\/section>\n\t\t\t\t<section class=\"elementor-section elementor-top-section elementor-element elementor-element-f2f9e18 elementor-section-boxed elementor-section-height-default elementor-section-height-default\" data-id=\"f2f9e18\" data-element_type=\"section\">\n\t\t\t\t\t\t<div class=\"elementor-container elementor-column-gap-default\">\n\t\t\t\t\t<div class=\"elementor-column elementor-col-100 elementor-top-column elementor-element elementor-element-f9ba219\" data-id=\"f9ba219\" data-element_type=\"column\">\n\t\t\t<div class=\"elementor-widget-wrap elementor-element-populated\">\n\t\t\t\t\t\t<div class=\"elementor-element elementor-element-ad42666 elementor-widget elementor-widget-text-editor\" data-id=\"ad42666\" data-element_type=\"widget\" data-widget_type=\"text-editor.default\">\n\t\t\t\t<div class=\"elementor-widget-container\">\n\t\t\t\t\t\t\t\t\t<h2>&#8220;Flag&#8221; par Jasper Johns (photographie de son \u0153uvre peinte en 1954)<\/h2>\t\t\t\t\t\t\t\t<\/div>\n\t\t\t\t<\/div>\n\t\t\t\t\t<\/div>\n\t\t<\/div>\n\t\t\t\t\t<\/div>\n\t\t<\/section>\n\t\t\t\t<section class=\"elementor-section elementor-top-section elementor-element elementor-element-386ae85 elementor-section-boxed elementor-section-height-default elementor-section-height-default\" data-id=\"386ae85\" data-element_type=\"section\">\n\t\t\t\t\t\t<div class=\"elementor-container elementor-column-gap-default\">\n\t\t\t\t\t<div class=\"elementor-column elementor-col-100 elementor-top-column elementor-element elementor-element-7ad9783\" data-id=\"7ad9783\" data-element_type=\"column\">\n\t\t\t<div class=\"elementor-widget-wrap elementor-element-populated\">\n\t\t\t\t\t\t<div class=\"elementor-element elementor-element-6ad69d7 elementor-widget elementor-widget-image\" data-id=\"6ad69d7\" data-element_type=\"widget\" data-widget_type=\"image.default\">\n\t\t\t\t<div class=\"elementor-widget-container\">\n\t\t\t\t\t\t\t\t\t\t\t\t\t\t\t<img loading=\"lazy\" decoding=\"async\" width=\"700\" height=\"534\" src=\"https:\/\/www.macapflag.com\/blog\/wp-content\/uploads\/2024\/07\/drapeau-et-la-photo-4.jpg\" class=\"attachment-large size-large wp-image-18133\" alt=\"Flag par Jasper Johns\" srcset=\"https:\/\/www.macapflag.com\/blog\/wp-content\/uploads\/2024\/07\/drapeau-et-la-photo-4.jpg 700w, https:\/\/www.macapflag.com\/blog\/wp-content\/uploads\/2024\/07\/drapeau-et-la-photo-4-300x229.jpg 300w\" sizes=\"(max-width: 700px) 100vw, 700px\" \/>\t\t\t\t\t\t\t\t\t\t\t\t\t\t\t<\/div>\n\t\t\t\t<\/div>\n\t\t\t\t\t<\/div>\n\t\t<\/div>\n\t\t\t\t\t<\/div>\n\t\t<\/section>\n\t\t\t\t<section class=\"elementor-section elementor-top-section elementor-element elementor-element-9f35f35 elementor-section-boxed elementor-section-height-default elementor-section-height-default\" data-id=\"9f35f35\" data-element_type=\"section\">\n\t\t\t\t\t\t<div class=\"elementor-container elementor-column-gap-default\">\n\t\t\t\t\t<div class=\"elementor-column elementor-col-100 elementor-top-column elementor-element elementor-element-50b8657\" data-id=\"50b8657\" data-element_type=\"column\">\n\t\t\t<div class=\"elementor-widget-wrap elementor-element-populated\">\n\t\t\t\t\t\t<div class=\"elementor-element elementor-element-19c1c49 elementor-widget elementor-widget-text-editor\" data-id=\"19c1c49\" data-element_type=\"widget\" data-widget_type=\"text-editor.default\">\n\t\t\t\t<div class=\"elementor-widget-container\">\n\t\t\t\t\t\t\t\t\t<p>Bien que principalement connu comme peintre, les \u0153uvres de Jasper Johns avec des drapeaux ont \u00e9t\u00e9 largement photographi\u00e9es et discut\u00e9es dans le contexte de l&#8217;art moderne. Ses tableaux de drapeaux am\u00e9ricains, repr\u00e9sent\u00e9s dans un style qui flirte avec l&#8217;abstraction et la figuration, questionnent le symbole m\u00eame du drapeau et sa signification dans un contexte contemporain.<\/p>\t\t\t\t\t\t\t\t<\/div>\n\t\t\t\t<\/div>\n\t\t\t\t\t<\/div>\n\t\t<\/div>\n\t\t\t\t\t<\/div>\n\t\t<\/section>\n\t\t\t\t<section class=\"elementor-section elementor-top-section elementor-element elementor-element-de27b2e elementor-section-boxed elementor-section-height-default elementor-section-height-default\" data-id=\"de27b2e\" data-element_type=\"section\">\n\t\t\t\t\t\t<div class=\"elementor-container elementor-column-gap-default\">\n\t\t\t\t\t<div class=\"elementor-column elementor-col-100 elementor-top-column elementor-element elementor-element-10e1a1a\" data-id=\"10e1a1a\" data-element_type=\"column\">\n\t\t\t<div class=\"elementor-widget-wrap elementor-element-populated\">\n\t\t\t\t\t\t<div class=\"elementor-element elementor-element-d581f17 elementor-widget elementor-widget-spacer\" data-id=\"d581f17\" data-element_type=\"widget\" data-widget_type=\"spacer.default\">\n\t\t\t\t<div class=\"elementor-widget-container\">\n\t\t\t\t\t\t\t<div class=\"elementor-spacer\">\n\t\t\t<div class=\"elementor-spacer-inner\"><\/div>\n\t\t<\/div>\n\t\t\t\t\t\t<\/div>\n\t\t\t\t<\/div>\n\t\t\t\t\t<\/div>\n\t\t<\/div>\n\t\t\t\t\t<\/div>\n\t\t<\/section>\n\t\t\t\t<section class=\"elementor-section elementor-top-section elementor-element elementor-element-c18ba5e elementor-section-boxed elementor-section-height-default elementor-section-height-default\" data-id=\"c18ba5e\" data-element_type=\"section\">\n\t\t\t\t\t\t<div class=\"elementor-container elementor-column-gap-default\">\n\t\t\t\t\t<div class=\"elementor-column elementor-col-100 elementor-top-column elementor-element elementor-element-a48a3cf\" data-id=\"a48a3cf\" data-element_type=\"column\">\n\t\t\t<div class=\"elementor-widget-wrap elementor-element-populated\">\n\t\t\t\t\t\t<div class=\"elementor-element elementor-element-eee6674 elementor-widget elementor-widget-text-editor\" data-id=\"eee6674\" data-element_type=\"widget\" data-widget_type=\"text-editor.default\">\n\t\t\t\t<div class=\"elementor-widget-container\">\n\t\t\t\t\t\t\t\t\t<h2>L\u2019homme sur la lune avec le drapeau am\u00e9ricain 1969<\/h2>\t\t\t\t\t\t\t\t<\/div>\n\t\t\t\t<\/div>\n\t\t\t\t\t<\/div>\n\t\t<\/div>\n\t\t\t\t\t<\/div>\n\t\t<\/section>\n\t\t\t\t<section class=\"elementor-section elementor-top-section elementor-element elementor-element-d819b39 elementor-section-boxed elementor-section-height-default elementor-section-height-default\" data-id=\"d819b39\" data-element_type=\"section\">\n\t\t\t\t\t\t<div class=\"elementor-container elementor-column-gap-default\">\n\t\t\t\t\t<div class=\"elementor-column elementor-col-100 elementor-top-column elementor-element elementor-element-75bd23e\" data-id=\"75bd23e\" data-element_type=\"column\">\n\t\t\t<div class=\"elementor-widget-wrap elementor-element-populated\">\n\t\t\t\t\t\t<div class=\"elementor-element elementor-element-8f4cd6c elementor-widget elementor-widget-image\" data-id=\"8f4cd6c\" data-element_type=\"widget\" data-widget_type=\"image.default\">\n\t\t\t\t<div class=\"elementor-widget-container\">\n\t\t\t\t\t\t\t\t\t\t\t\t\t\t\t<img loading=\"lazy\" decoding=\"async\" width=\"700\" height=\"534\" src=\"https:\/\/www.macapflag.com\/blog\/wp-content\/uploads\/2024\/07\/drapeau-et-la-photo-5-1.jpg\" class=\"attachment-large size-large wp-image-18137\" alt=\"L&#039;homme a march\u00e9 sur ma lune en 1969\" srcset=\"https:\/\/www.macapflag.com\/blog\/wp-content\/uploads\/2024\/07\/drapeau-et-la-photo-5-1.jpg 700w, https:\/\/www.macapflag.com\/blog\/wp-content\/uploads\/2024\/07\/drapeau-et-la-photo-5-1-300x229.jpg 300w\" sizes=\"(max-width: 700px) 100vw, 700px\" \/>\t\t\t\t\t\t\t\t\t\t\t\t\t\t\t<\/div>\n\t\t\t\t<\/div>\n\t\t\t\t\t<\/div>\n\t\t<\/div>\n\t\t\t\t\t<\/div>\n\t\t<\/section>\n\t\t\t\t<section class=\"elementor-section elementor-top-section elementor-element elementor-element-7f7085a elementor-section-boxed elementor-section-height-default elementor-section-height-default\" data-id=\"7f7085a\" data-element_type=\"section\">\n\t\t\t\t\t\t<div class=\"elementor-container elementor-column-gap-default\">\n\t\t\t\t\t<div class=\"elementor-column elementor-col-100 elementor-top-column elementor-element elementor-element-f82949a\" data-id=\"f82949a\" data-element_type=\"column\">\n\t\t\t<div class=\"elementor-widget-wrap elementor-element-populated\">\n\t\t\t\t\t\t<div class=\"elementor-element elementor-element-a659399 elementor-widget elementor-widget-text-editor\" data-id=\"a659399\" data-element_type=\"widget\" data-widget_type=\"text-editor.default\">\n\t\t\t\t<div class=\"elementor-widget-container\">\n\t\t\t\t\t\t\t\t\t<p>Dans la galerie des photographies de l\u2019Histoire, cette photo marque la pr\u00e9sence de l\u2019Homme sur la Lune. Buzz Aldrin fait face \u00e0 son coll\u00e8gue et photographe, Neil Armstrong, pour une photographie immortalis\u00e9e sur pellicule Kodak. Si tout le monde se souvient de la phrase d&#8217;Armstrong ce 21 juillet 1969 : \u00ab Un petit pas pour l&#8217;Homme, mais un pas de g\u00e9ant pour l&#8217;Humanit\u00e9 \u00bb, tout le monde garde en t\u00eate ce portrait en pied de Buzz Aldrin sur la Lune.<\/p>\t\t\t\t\t\t\t\t<\/div>\n\t\t\t\t<\/div>\n\t\t\t\t\t<\/div>\n\t\t<\/div>\n\t\t\t\t\t<\/div>\n\t\t<\/section>\n\t\t\t\t<section class=\"elementor-section elementor-top-section elementor-element elementor-element-ed98f37 elementor-section-boxed elementor-section-height-default elementor-section-height-default\" data-id=\"ed98f37\" data-element_type=\"section\">\n\t\t\t\t\t\t<div class=\"elementor-container elementor-column-gap-default\">\n\t\t\t\t\t<div class=\"elementor-column elementor-col-100 elementor-top-column elementor-element elementor-element-c8c1430\" data-id=\"c8c1430\" data-element_type=\"column\">\n\t\t\t<div class=\"elementor-widget-wrap elementor-element-populated\">\n\t\t\t\t\t\t<div class=\"elementor-element elementor-element-3ce3234 elementor-widget elementor-widget-spacer\" data-id=\"3ce3234\" data-element_type=\"widget\" data-widget_type=\"spacer.default\">\n\t\t\t\t<div class=\"elementor-widget-container\">\n\t\t\t\t\t\t\t<div class=\"elementor-spacer\">\n\t\t\t<div class=\"elementor-spacer-inner\"><\/div>\n\t\t<\/div>\n\t\t\t\t\t\t<\/div>\n\t\t\t\t<\/div>\n\t\t\t\t\t<\/div>\n\t\t<\/div>\n\t\t\t\t\t<\/div>\n\t\t<\/section>\n\t\t\t\t<section class=\"elementor-section elementor-top-section elementor-element elementor-element-cd7cd1c elementor-section-boxed elementor-section-height-default elementor-section-height-default\" data-id=\"cd7cd1c\" data-element_type=\"section\">\n\t\t\t\t\t\t<div class=\"elementor-container elementor-column-gap-default\">\n\t\t\t\t\t<div class=\"elementor-column elementor-col-100 elementor-top-column elementor-element elementor-element-f531bb6\" data-id=\"f531bb6\" data-element_type=\"column\">\n\t\t\t<div class=\"elementor-widget-wrap elementor-element-populated\">\n\t\t\t\t\t\t<div class=\"elementor-element elementor-element-a99cb00 elementor-widget elementor-widget-text-editor\" data-id=\"a99cb00\" data-element_type=\"widget\" data-widget_type=\"text-editor.default\">\n\t\t\t\t<div class=\"elementor-widget-container\">\n\t\t\t\t\t\t\t\t\t<h2>La s\u00e9rie American Flags par Robert Mapplethorpe ann\u00e9es 70<\/h2>\t\t\t\t\t\t\t\t<\/div>\n\t\t\t\t<\/div>\n\t\t\t\t\t<\/div>\n\t\t<\/div>\n\t\t\t\t\t<\/div>\n\t\t<\/section>\n\t\t\t\t<section class=\"elementor-section elementor-top-section elementor-element elementor-element-f811e31 elementor-section-boxed elementor-section-height-default elementor-section-height-default\" data-id=\"f811e31\" data-element_type=\"section\">\n\t\t\t\t\t\t<div class=\"elementor-container elementor-column-gap-default\">\n\t\t\t\t\t<div class=\"elementor-column elementor-col-100 elementor-top-column elementor-element elementor-element-c6c9b79\" data-id=\"c6c9b79\" data-element_type=\"column\">\n\t\t\t<div class=\"elementor-widget-wrap elementor-element-populated\">\n\t\t\t\t\t\t<div class=\"elementor-element elementor-element-3d32662 elementor-widget elementor-widget-image\" data-id=\"3d32662\" data-element_type=\"widget\" data-widget_type=\"image.default\">\n\t\t\t\t<div class=\"elementor-widget-container\">\n\t\t\t\t\t\t\t\t\t\t\t\t\t\t\t<img loading=\"lazy\" decoding=\"async\" width=\"700\" height=\"534\" src=\"https:\/\/www.macapflag.com\/blog\/wp-content\/uploads\/2024\/07\/drapeau-et-la-photo-6.jpg\" class=\"attachment-large size-large wp-image-18135\" alt=\"S\u00e9rie American Flags par Robert Mapplethorpe\" srcset=\"https:\/\/www.macapflag.com\/blog\/wp-content\/uploads\/2024\/07\/drapeau-et-la-photo-6.jpg 700w, https:\/\/www.macapflag.com\/blog\/wp-content\/uploads\/2024\/07\/drapeau-et-la-photo-6-300x229.jpg 300w\" sizes=\"(max-width: 700px) 100vw, 700px\" \/>\t\t\t\t\t\t\t\t\t\t\t\t\t\t\t<\/div>\n\t\t\t\t<\/div>\n\t\t\t\t\t<\/div>\n\t\t<\/div>\n\t\t\t\t\t<\/div>\n\t\t<\/section>\n\t\t\t\t<section class=\"elementor-section elementor-top-section elementor-element elementor-element-fb79b2a elementor-section-boxed elementor-section-height-default elementor-section-height-default\" data-id=\"fb79b2a\" data-element_type=\"section\">\n\t\t\t\t\t\t<div class=\"elementor-container elementor-column-gap-default\">\n\t\t\t\t\t<div class=\"elementor-column elementor-col-100 elementor-top-column elementor-element elementor-element-e49d274\" data-id=\"e49d274\" data-element_type=\"column\">\n\t\t\t<div class=\"elementor-widget-wrap elementor-element-populated\">\n\t\t\t\t\t\t<div class=\"elementor-element elementor-element-456fd1b elementor-widget elementor-widget-text-editor\" data-id=\"456fd1b\" data-element_type=\"widget\" data-widget_type=\"text-editor.default\">\n\t\t\t\t<div class=\"elementor-widget-container\">\n\t\t\t\t\t\t\t\t\t<p>L\u2019artiste Mapplethorpe a explor\u00e9 le <a href=\"https:\/\/www.macapflag.com\/drapeau-pays-avec-hampe\/791810-drapeau-etats-unis-avec-hampe-officiel.html\" target=\"_blank\" rel=\"noopener\"><span style=\"color: #3366ff;\">drapeau am\u00e9ricain<\/span><\/a> \u00e0 travers une s\u00e9rie de photographies qui jouent sur les textures, les formes et les contextes. Ces images, souvent en noir et blanc, offrent une perspective introspective sur ce symbole omnipr\u00e9sent, le d\u00e9tachant de son contexte habituel pour inviter \u00e0 une r\u00e9flexion sur son impact visuel et culturel.<\/p><p>Et dans l&#8217;actualit\u00e9 plus r\u00e9cente, on pense \u00e9videmment \u00e0 cette <a href=\"https:\/\/www.lesechos.fr\/finance-marches\/marches-financiers\/tentative-dassassinat-de-trump-le-dollar-resiste-a-londe-de-choc-2107872\" target=\"_blank\" rel=\"noopener\"><span style=\"color: #3366ff;\">photo iconique de Donald Trump<\/span><\/a> qui se rel\u00e8ve en sang d&#8217;une tentative d&#8217;assassinat le 13 juillet 2024 en Pennsylvanie, quelques mois avant sa r\u00e9\u00e9lection. Il l\u00e8ve le poing, entour\u00e9 par ses gardes du corps alors que flotte le drapeau am\u00e9ricain sous un ciel tr\u00e8s bleu.<\/p>\t\t\t\t\t\t\t\t<\/div>\n\t\t\t\t<\/div>\n\t\t\t\t\t<\/div>\n\t\t<\/div>\n\t\t\t\t\t<\/div>\n\t\t<\/section>\n\t\t\t\t<section class=\"elementor-section elementor-top-section elementor-element elementor-element-c96aa7c elementor-section-boxed elementor-section-height-default elementor-section-height-default\" data-id=\"c96aa7c\" data-element_type=\"section\">\n\t\t\t\t\t\t<div class=\"elementor-container elementor-column-gap-default\">\n\t\t\t\t\t<div class=\"elementor-column elementor-col-100 elementor-top-column elementor-element elementor-element-ce957b6\" data-id=\"ce957b6\" data-element_type=\"column\">\n\t\t\t<div class=\"elementor-widget-wrap elementor-element-populated\">\n\t\t\t\t\t\t<div class=\"elementor-element elementor-element-0960979 elementor-widget elementor-widget-image\" data-id=\"0960979\" data-element_type=\"widget\" data-widget_type=\"image.default\">\n\t\t\t\t<div class=\"elementor-widget-container\">\n\t\t\t\t\t\t\t\t\t\t\t\t\t\t\t\t<a href=\"https:\/\/www.macapflag.com\/\" target=\"_blank\">\n\t\t\t\t\t\t\t<img loading=\"lazy\" decoding=\"async\" width=\"700\" height=\"320\" src=\"https:\/\/www.macapflag.com\/blog\/wp-content\/uploads\/2021\/04\/fabriquant-de-drapeaux-kakemonos-banderoles-beach-flags-oriflammes-macap.jpg\" class=\"attachment-large size-large wp-image-10133\" alt=\"Macap fabriquant de drapeaux kak\u00e9mono banderole beach flag oriflamme\" srcset=\"https:\/\/www.macapflag.com\/blog\/wp-content\/uploads\/2021\/04\/fabriquant-de-drapeaux-kakemonos-banderoles-beach-flags-oriflammes-macap.jpg 700w, https:\/\/www.macapflag.com\/blog\/wp-content\/uploads\/2021\/04\/fabriquant-de-drapeaux-kakemonos-banderoles-beach-flags-oriflammes-macap-300x137.jpg 300w\" sizes=\"(max-width: 700px) 100vw, 700px\" \/>\t\t\t\t\t\t\t\t<\/a>\n\t\t\t\t\t\t\t\t\t\t\t\t\t\t\t<\/div>\n\t\t\t\t<\/div>\n\t\t\t\t\t<\/div>\n\t\t<\/div>\n\t\t\t\t\t<\/div>\n\t\t<\/section>\n\t\t\t\t<\/div>\n\t\t","protected":false},"excerpt":{"rendered":"<div class=\"tmnf_excerpt\"><p>Les drapeaux, symboles de nationalit\u00e9, de fiert\u00e9, de r\u00e9volte ou d&#8217;appartenance, sont des \u00e9l\u00e9ments visuels puissants. Ils sont notamment pr\u00e9sents dans l\u2019univers de la peinture, de la litt\u00e9rature et de la sculpture. Dans le monde de la photographie, le drapeau transcende souvent son r\u00f4le initial pour devenir un vecteur de messages profonds, porteurs d&#8217;histoire et &hellip;<\/p>\n<\/div>","protected":false},"author":2,"featured_media":18128,"comment_status":"closed","ping_status":"open","sticky":false,"template":"template-fullwidth.php","format":"standard","meta":{"footnotes":""},"categories":[93],"tags":[],"class_list":["post-18127","post","type-post","status-publish","format-standard","has-post-thumbnail","hentry","category-com"],"yoast_head":"<!-- This site is optimized with the Yoast SEO plugin v26.4 - https:\/\/yoast.com\/wordpress\/plugins\/seo\/ -->\n<title>Le drapeau dans l&#039;art de la photographie \u00e0 travers le temps<\/title>\n<meta name=\"description\" content=\"Le drapeau est pr\u00e9sent dans la photographie. \u00c0 travers le temps, plusieurs photos iconiques contiennent un drapeau, vecteur de symbole.\" \/>\n<meta name=\"robots\" content=\"index, follow, max-snippet:-1, max-image-preview:large, max-video-preview:-1\" \/>\n<link rel=\"canonical\" href=\"https:\/\/www.macapflag.com\/blog\/le-drapeau-dans-la-photographie-un-symbole-qui-sinscrit-dans-le-temps\/\" \/>\n<meta property=\"og:locale\" content=\"fr_FR\" \/>\n<meta property=\"og:type\" content=\"article\" \/>\n<meta property=\"og:title\" content=\"Le drapeau dans l&#039;art de la photographie \u00e0 travers le temps\" \/>\n<meta property=\"og:description\" content=\"Le drapeau est pr\u00e9sent dans la photographie. \u00c0 travers le temps, plusieurs photos iconiques contiennent un drapeau, vecteur de symbole.\" \/>\n<meta property=\"og:url\" content=\"https:\/\/www.macapflag.com\/blog\/le-drapeau-dans-la-photographie-un-symbole-qui-sinscrit-dans-le-temps\/\" \/>\n<meta property=\"og:site_name\" content=\"Blog - Macap\" \/>\n<meta property=\"article:publisher\" content=\"https:\/\/www.facebook.com\/macap.pavoisement\/\" \/>\n<meta property=\"article:published_time\" content=\"2025-09-09T06:05:48+00:00\" \/>\n<meta property=\"og:image\" content=\"https:\/\/www.macapflag.com\/blog\/wp-content\/uploads\/2024\/07\/drapeau-et-la-photo-TITRE.jpg\" \/>\n\t<meta property=\"og:image:width\" content=\"870\" \/>\n\t<meta property=\"og:image:height\" content=\"600\" \/>\n\t<meta property=\"og:image:type\" content=\"image\/jpeg\" \/>\n<meta name=\"author\" content=\"Blog Macap\" \/>\n<meta name=\"twitter:card\" content=\"summary_large_image\" \/>\n<meta name=\"twitter:label1\" content=\"\u00c9crit par\" \/>\n\t<meta name=\"twitter:data1\" content=\"Blog Macap\" \/>\n\t<meta name=\"twitter:label2\" content=\"Dur\u00e9e de lecture estim\u00e9e\" \/>\n\t<meta name=\"twitter:data2\" content=\"5 minutes\" \/>\n<script type=\"application\/ld+json\" class=\"yoast-schema-graph\">{\"@context\":\"https:\/\/schema.org\",\"@graph\":[{\"@type\":\"Article\",\"@id\":\"https:\/\/www.macapflag.com\/blog\/le-drapeau-dans-la-photographie-un-symbole-qui-sinscrit-dans-le-temps\/#article\",\"isPartOf\":{\"@id\":\"https:\/\/www.macapflag.com\/blog\/le-drapeau-dans-la-photographie-un-symbole-qui-sinscrit-dans-le-temps\/\"},\"author\":{\"name\":\"Blog Macap\",\"@id\":\"https:\/\/www.macapflag.com\/blog\/#\/schema\/person\/3fea701f2603875e651e6b662578fc3c\"},\"headline\":\"Le drapeau dans la photographie : Un symbole qui s\u2019inscrit dans le temps\",\"datePublished\":\"2025-09-09T06:05:48+00:00\",\"mainEntityOfPage\":{\"@id\":\"https:\/\/www.macapflag.com\/blog\/le-drapeau-dans-la-photographie-un-symbole-qui-sinscrit-dans-le-temps\/\"},\"wordCount\":624,\"publisher\":{\"@id\":\"https:\/\/www.macapflag.com\/blog\/#organization\"},\"image\":{\"@id\":\"https:\/\/www.macapflag.com\/blog\/le-drapeau-dans-la-photographie-un-symbole-qui-sinscrit-dans-le-temps\/#primaryimage\"},\"thumbnailUrl\":\"https:\/\/www.macapflag.com\/blog\/wp-content\/uploads\/2024\/07\/drapeau-et-la-photo-TITRE.jpg\",\"articleSection\":[\"Le monde de la Com'\"],\"inLanguage\":\"fr-FR\"},{\"@type\":\"WebPage\",\"@id\":\"https:\/\/www.macapflag.com\/blog\/le-drapeau-dans-la-photographie-un-symbole-qui-sinscrit-dans-le-temps\/\",\"url\":\"https:\/\/www.macapflag.com\/blog\/le-drapeau-dans-la-photographie-un-symbole-qui-sinscrit-dans-le-temps\/\",\"name\":\"Le drapeau dans l'art de la photographie \u00e0 travers le temps\",\"isPartOf\":{\"@id\":\"https:\/\/www.macapflag.com\/blog\/#website\"},\"primaryImageOfPage\":{\"@id\":\"https:\/\/www.macapflag.com\/blog\/le-drapeau-dans-la-photographie-un-symbole-qui-sinscrit-dans-le-temps\/#primaryimage\"},\"image\":{\"@id\":\"https:\/\/www.macapflag.com\/blog\/le-drapeau-dans-la-photographie-un-symbole-qui-sinscrit-dans-le-temps\/#primaryimage\"},\"thumbnailUrl\":\"https:\/\/www.macapflag.com\/blog\/wp-content\/uploads\/2024\/07\/drapeau-et-la-photo-TITRE.jpg\",\"datePublished\":\"2025-09-09T06:05:48+00:00\",\"description\":\"Le drapeau est pr\u00e9sent dans la photographie. \u00c0 travers le temps, plusieurs photos iconiques contiennent un drapeau, vecteur de symbole.\",\"breadcrumb\":{\"@id\":\"https:\/\/www.macapflag.com\/blog\/le-drapeau-dans-la-photographie-un-symbole-qui-sinscrit-dans-le-temps\/#breadcrumb\"},\"inLanguage\":\"fr-FR\",\"potentialAction\":[{\"@type\":\"ReadAction\",\"target\":[\"https:\/\/www.macapflag.com\/blog\/le-drapeau-dans-la-photographie-un-symbole-qui-sinscrit-dans-le-temps\/\"]}]},{\"@type\":\"ImageObject\",\"inLanguage\":\"fr-FR\",\"@id\":\"https:\/\/www.macapflag.com\/blog\/le-drapeau-dans-la-photographie-un-symbole-qui-sinscrit-dans-le-temps\/#primaryimage\",\"url\":\"https:\/\/www.macapflag.com\/blog\/wp-content\/uploads\/2024\/07\/drapeau-et-la-photo-TITRE.jpg\",\"contentUrl\":\"https:\/\/www.macapflag.com\/blog\/wp-content\/uploads\/2024\/07\/drapeau-et-la-photo-TITRE.jpg\",\"width\":870,\"height\":600,\"caption\":\"Le drapeau dans le monde de la photographie\"},{\"@type\":\"BreadcrumbList\",\"@id\":\"https:\/\/www.macapflag.com\/blog\/le-drapeau-dans-la-photographie-un-symbole-qui-sinscrit-dans-le-temps\/#breadcrumb\",\"itemListElement\":[{\"@type\":\"ListItem\",\"position\":1,\"name\":\"Accueil\",\"item\":\"https:\/\/www.macapflag.com\/blog\/\"},{\"@type\":\"ListItem\",\"position\":2,\"name\":\"Le drapeau dans la photographie : Un symbole qui s\u2019inscrit dans le temps\"}]},{\"@type\":\"WebSite\",\"@id\":\"https:\/\/www.macapflag.com\/blog\/#website\",\"url\":\"https:\/\/www.macapflag.com\/blog\/\",\"name\":\"Blog - Macap\",\"description\":\"Tous nos articles\",\"publisher\":{\"@id\":\"https:\/\/www.macapflag.com\/blog\/#organization\"},\"potentialAction\":[{\"@type\":\"SearchAction\",\"target\":{\"@type\":\"EntryPoint\",\"urlTemplate\":\"https:\/\/www.macapflag.com\/blog\/?s={search_term_string}\"},\"query-input\":{\"@type\":\"PropertyValueSpecification\",\"valueRequired\":true,\"valueName\":\"search_term_string\"}}],\"inLanguage\":\"fr-FR\"},{\"@type\":\"Organization\",\"@id\":\"https:\/\/www.macapflag.com\/blog\/#organization\",\"name\":\"macapflag\",\"url\":\"https:\/\/www.macapflag.com\/blog\/\",\"logo\":{\"@type\":\"ImageObject\",\"inLanguage\":\"fr-FR\",\"@id\":\"https:\/\/www.macapflag.com\/blog\/#\/schema\/logo\/image\/\",\"url\":\"https:\/\/www.macapflag.com\/blog\/wp-content\/uploads\/2020\/12\/cropped-M-512-1.png\",\"contentUrl\":\"https:\/\/www.macapflag.com\/blog\/wp-content\/uploads\/2020\/12\/cropped-M-512-1.png\",\"width\":512,\"height\":512,\"caption\":\"macapflag\"},\"image\":{\"@id\":\"https:\/\/www.macapflag.com\/blog\/#\/schema\/logo\/image\/\"},\"sameAs\":[\"https:\/\/www.facebook.com\/macap.pavoisement\/\",\"https:\/\/www.instagram.com\/macapflag\/?hl=fr\",\"https:\/\/www.linkedin.com\/company\/macap\/?originalSubdomain=fr\",\"https:\/\/www.youtube.com\/channel\/UCXNzTIdZh9poEBjSXEqDtNw\"]},{\"@type\":\"Person\",\"@id\":\"https:\/\/www.macapflag.com\/blog\/#\/schema\/person\/3fea701f2603875e651e6b662578fc3c\",\"name\":\"Blog Macap\",\"image\":{\"@type\":\"ImageObject\",\"inLanguage\":\"fr-FR\",\"@id\":\"https:\/\/www.macapflag.com\/blog\/#\/schema\/person\/image\/\",\"url\":\"https:\/\/secure.gravatar.com\/avatar\/c12551f2dc51f0db049633b03e7856985477a70da834cc8967dea4ce54bdd6a2?s=96&d=mm&r=g\",\"contentUrl\":\"https:\/\/secure.gravatar.com\/avatar\/c12551f2dc51f0db049633b03e7856985477a70da834cc8967dea4ce54bdd6a2?s=96&d=mm&r=g\",\"caption\":\"Blog Macap\"},\"url\":\"https:\/\/www.macapflag.com\/blog\/author\/macap\/\"}]}<\/script>\n<!-- \/ Yoast SEO plugin. -->","yoast_head_json":{"title":"Le drapeau dans l'art de la photographie \u00e0 travers le temps","description":"Le drapeau est pr\u00e9sent dans la photographie. \u00c0 travers le temps, plusieurs photos iconiques contiennent un drapeau, vecteur de symbole.","robots":{"index":"index","follow":"follow","max-snippet":"max-snippet:-1","max-image-preview":"max-image-preview:large","max-video-preview":"max-video-preview:-1"},"canonical":"https:\/\/www.macapflag.com\/blog\/le-drapeau-dans-la-photographie-un-symbole-qui-sinscrit-dans-le-temps\/","og_locale":"fr_FR","og_type":"article","og_title":"Le drapeau dans l'art de la photographie \u00e0 travers le temps","og_description":"Le drapeau est pr\u00e9sent dans la photographie. \u00c0 travers le temps, plusieurs photos iconiques contiennent un drapeau, vecteur de symbole.","og_url":"https:\/\/www.macapflag.com\/blog\/le-drapeau-dans-la-photographie-un-symbole-qui-sinscrit-dans-le-temps\/","og_site_name":"Blog - Macap","article_publisher":"https:\/\/www.facebook.com\/macap.pavoisement\/","article_published_time":"2025-09-09T06:05:48+00:00","og_image":[{"width":870,"height":600,"url":"https:\/\/www.macapflag.com\/blog\/wp-content\/uploads\/2024\/07\/drapeau-et-la-photo-TITRE.jpg","type":"image\/jpeg"}],"author":"Blog Macap","twitter_card":"summary_large_image","twitter_misc":{"\u00c9crit par":"Blog Macap","Dur\u00e9e de lecture estim\u00e9e":"5 minutes"},"schema":{"@context":"https:\/\/schema.org","@graph":[{"@type":"Article","@id":"https:\/\/www.macapflag.com\/blog\/le-drapeau-dans-la-photographie-un-symbole-qui-sinscrit-dans-le-temps\/#article","isPartOf":{"@id":"https:\/\/www.macapflag.com\/blog\/le-drapeau-dans-la-photographie-un-symbole-qui-sinscrit-dans-le-temps\/"},"author":{"name":"Blog Macap","@id":"https:\/\/www.macapflag.com\/blog\/#\/schema\/person\/3fea701f2603875e651e6b662578fc3c"},"headline":"Le drapeau dans la photographie : Un symbole qui s\u2019inscrit dans le temps","datePublished":"2025-09-09T06:05:48+00:00","mainEntityOfPage":{"@id":"https:\/\/www.macapflag.com\/blog\/le-drapeau-dans-la-photographie-un-symbole-qui-sinscrit-dans-le-temps\/"},"wordCount":624,"publisher":{"@id":"https:\/\/www.macapflag.com\/blog\/#organization"},"image":{"@id":"https:\/\/www.macapflag.com\/blog\/le-drapeau-dans-la-photographie-un-symbole-qui-sinscrit-dans-le-temps\/#primaryimage"},"thumbnailUrl":"https:\/\/www.macapflag.com\/blog\/wp-content\/uploads\/2024\/07\/drapeau-et-la-photo-TITRE.jpg","articleSection":["Le monde de la Com'"],"inLanguage":"fr-FR"},{"@type":"WebPage","@id":"https:\/\/www.macapflag.com\/blog\/le-drapeau-dans-la-photographie-un-symbole-qui-sinscrit-dans-le-temps\/","url":"https:\/\/www.macapflag.com\/blog\/le-drapeau-dans-la-photographie-un-symbole-qui-sinscrit-dans-le-temps\/","name":"Le drapeau dans l'art de la photographie \u00e0 travers le temps","isPartOf":{"@id":"https:\/\/www.macapflag.com\/blog\/#website"},"primaryImageOfPage":{"@id":"https:\/\/www.macapflag.com\/blog\/le-drapeau-dans-la-photographie-un-symbole-qui-sinscrit-dans-le-temps\/#primaryimage"},"image":{"@id":"https:\/\/www.macapflag.com\/blog\/le-drapeau-dans-la-photographie-un-symbole-qui-sinscrit-dans-le-temps\/#primaryimage"},"thumbnailUrl":"https:\/\/www.macapflag.com\/blog\/wp-content\/uploads\/2024\/07\/drapeau-et-la-photo-TITRE.jpg","datePublished":"2025-09-09T06:05:48+00:00","description":"Le drapeau est pr\u00e9sent dans la photographie. \u00c0 travers le temps, plusieurs photos iconiques contiennent un drapeau, vecteur de symbole.","breadcrumb":{"@id":"https:\/\/www.macapflag.com\/blog\/le-drapeau-dans-la-photographie-un-symbole-qui-sinscrit-dans-le-temps\/#breadcrumb"},"inLanguage":"fr-FR","potentialAction":[{"@type":"ReadAction","target":["https:\/\/www.macapflag.com\/blog\/le-drapeau-dans-la-photographie-un-symbole-qui-sinscrit-dans-le-temps\/"]}]},{"@type":"ImageObject","inLanguage":"fr-FR","@id":"https:\/\/www.macapflag.com\/blog\/le-drapeau-dans-la-photographie-un-symbole-qui-sinscrit-dans-le-temps\/#primaryimage","url":"https:\/\/www.macapflag.com\/blog\/wp-content\/uploads\/2024\/07\/drapeau-et-la-photo-TITRE.jpg","contentUrl":"https:\/\/www.macapflag.com\/blog\/wp-content\/uploads\/2024\/07\/drapeau-et-la-photo-TITRE.jpg","width":870,"height":600,"caption":"Le drapeau dans le monde de la photographie"},{"@type":"BreadcrumbList","@id":"https:\/\/www.macapflag.com\/blog\/le-drapeau-dans-la-photographie-un-symbole-qui-sinscrit-dans-le-temps\/#breadcrumb","itemListElement":[{"@type":"ListItem","position":1,"name":"Accueil","item":"https:\/\/www.macapflag.com\/blog\/"},{"@type":"ListItem","position":2,"name":"Le drapeau dans la photographie : Un symbole qui s\u2019inscrit dans le temps"}]},{"@type":"WebSite","@id":"https:\/\/www.macapflag.com\/blog\/#website","url":"https:\/\/www.macapflag.com\/blog\/","name":"Blog - Macap","description":"Tous nos articles","publisher":{"@id":"https:\/\/www.macapflag.com\/blog\/#organization"},"potentialAction":[{"@type":"SearchAction","target":{"@type":"EntryPoint","urlTemplate":"https:\/\/www.macapflag.com\/blog\/?s={search_term_string}"},"query-input":{"@type":"PropertyValueSpecification","valueRequired":true,"valueName":"search_term_string"}}],"inLanguage":"fr-FR"},{"@type":"Organization","@id":"https:\/\/www.macapflag.com\/blog\/#organization","name":"macapflag","url":"https:\/\/www.macapflag.com\/blog\/","logo":{"@type":"ImageObject","inLanguage":"fr-FR","@id":"https:\/\/www.macapflag.com\/blog\/#\/schema\/logo\/image\/","url":"https:\/\/www.macapflag.com\/blog\/wp-content\/uploads\/2020\/12\/cropped-M-512-1.png","contentUrl":"https:\/\/www.macapflag.com\/blog\/wp-content\/uploads\/2020\/12\/cropped-M-512-1.png","width":512,"height":512,"caption":"macapflag"},"image":{"@id":"https:\/\/www.macapflag.com\/blog\/#\/schema\/logo\/image\/"},"sameAs":["https:\/\/www.facebook.com\/macap.pavoisement\/","https:\/\/www.instagram.com\/macapflag\/?hl=fr","https:\/\/www.linkedin.com\/company\/macap\/?originalSubdomain=fr","https:\/\/www.youtube.com\/channel\/UCXNzTIdZh9poEBjSXEqDtNw"]},{"@type":"Person","@id":"https:\/\/www.macapflag.com\/blog\/#\/schema\/person\/3fea701f2603875e651e6b662578fc3c","name":"Blog Macap","image":{"@type":"ImageObject","inLanguage":"fr-FR","@id":"https:\/\/www.macapflag.com\/blog\/#\/schema\/person\/image\/","url":"https:\/\/secure.gravatar.com\/avatar\/c12551f2dc51f0db049633b03e7856985477a70da834cc8967dea4ce54bdd6a2?s=96&d=mm&r=g","contentUrl":"https:\/\/secure.gravatar.com\/avatar\/c12551f2dc51f0db049633b03e7856985477a70da834cc8967dea4ce54bdd6a2?s=96&d=mm&r=g","caption":"Blog Macap"},"url":"https:\/\/www.macapflag.com\/blog\/author\/macap\/"}]}},"_links":{"self":[{"href":"https:\/\/www.macapflag.com\/blog\/wp-json\/wp\/v2\/posts\/18127","targetHints":{"allow":["GET"]}}],"collection":[{"href":"https:\/\/www.macapflag.com\/blog\/wp-json\/wp\/v2\/posts"}],"about":[{"href":"https:\/\/www.macapflag.com\/blog\/wp-json\/wp\/v2\/types\/post"}],"author":[{"embeddable":true,"href":"https:\/\/www.macapflag.com\/blog\/wp-json\/wp\/v2\/users\/2"}],"replies":[{"embeddable":true,"href":"https:\/\/www.macapflag.com\/blog\/wp-json\/wp\/v2\/comments?post=18127"}],"version-history":[{"count":15,"href":"https:\/\/www.macapflag.com\/blog\/wp-json\/wp\/v2\/posts\/18127\/revisions"}],"predecessor-version":[{"id":20859,"href":"https:\/\/www.macapflag.com\/blog\/wp-json\/wp\/v2\/posts\/18127\/revisions\/20859"}],"wp:featuredmedia":[{"embeddable":true,"href":"https:\/\/www.macapflag.com\/blog\/wp-json\/wp\/v2\/media\/18128"}],"wp:attachment":[{"href":"https:\/\/www.macapflag.com\/blog\/wp-json\/wp\/v2\/media?parent=18127"}],"wp:term":[{"taxonomy":"category","embeddable":true,"href":"https:\/\/www.macapflag.com\/blog\/wp-json\/wp\/v2\/categories?post=18127"},{"taxonomy":"post_tag","embeddable":true,"href":"https:\/\/www.macapflag.com\/blog\/wp-json\/wp\/v2\/tags?post=18127"}],"curies":[{"name":"wp","href":"https:\/\/api.w.org\/{rel}","templated":true}]}}