{"id":18157,"date":"2025-05-16T08:00:08","date_gmt":"2025-05-16T06:00:08","guid":{"rendered":"https:\/\/www.macapflag.com\/blog\/?p=18157"},"modified":"2025-05-16T08:00:08","modified_gmt":"2025-05-16T06:00:08","slug":"a-quelles-occasions-utilise-t-on-un-drapeau-francais","status":"publish","type":"post","link":"https:\/\/www.macapflag.com\/blog\/a-quelles-occasions-utilise-t-on-un-drapeau-francais\/","title":{"rendered":"\u00c0 quelles occasions utilise-t-on un drapeau fran\u00e7ais ?"},"content":{"rendered":"\t\t<div data-elementor-type=\"wp-post\" data-elementor-id=\"18157\" class=\"elementor elementor-18157\">\n\t\t\t\t\t\t<section class=\"elementor-section elementor-top-section elementor-element elementor-element-8e1dfb3 elementor-section-boxed elementor-section-height-default elementor-section-height-default\" data-id=\"8e1dfb3\" data-element_type=\"section\">\n\t\t\t\t\t\t<div class=\"elementor-container elementor-column-gap-default\">\n\t\t\t\t\t<div class=\"elementor-column elementor-col-100 elementor-top-column elementor-element elementor-element-c12e798\" data-id=\"c12e798\" data-element_type=\"column\">\n\t\t\t<div class=\"elementor-widget-wrap elementor-element-populated\">\n\t\t\t\t\t\t<div class=\"elementor-element elementor-element-0309424 elementor-widget elementor-widget-text-editor\" data-id=\"0309424\" data-element_type=\"widget\" data-widget_type=\"text-editor.default\">\n\t\t\t\t<div class=\"elementor-widget-container\">\n\t\t\t\t\t\t\t\t\t<p>Le drapeau tricolore bleu, blanc, rouge est bien plus qu\u2019un simple symbole national. Il incarne l\u2019identit\u00e9 et les valeurs de la R\u00e9publique fran\u00e7aise. Il se d\u00e9ploie dans de nombreuses occasions, qu\u2019elles soient officielles, comm\u00e9moratives, sportives ou festives. Pour honorer la m\u00e9moire des h\u00e9ros de la nation, c\u00e9l\u00e9brer une victoire ou marquer l\u2019appartenance \u00e0 une manifestation, le drapeau fran\u00e7ais est omnipr\u00e9sent dans nos vies. Il se d\u00e9cline sous de multiples formes et dans diff\u00e9rentes dimensions.<\/p>\t\t\t\t\t\t\t\t<\/div>\n\t\t\t\t<\/div>\n\t\t\t\t\t<\/div>\n\t\t<\/div>\n\t\t\t\t\t<\/div>\n\t\t<\/section>\n\t\t\t\t<section class=\"elementor-section elementor-top-section elementor-element elementor-element-0203adf elementor-section-boxed elementor-section-height-default elementor-section-height-default\" data-id=\"0203adf\" data-element_type=\"section\">\n\t\t\t\t\t\t<div class=\"elementor-container elementor-column-gap-default\">\n\t\t\t\t\t<div class=\"elementor-column elementor-col-100 elementor-top-column elementor-element elementor-element-f43115e\" data-id=\"f43115e\" data-element_type=\"column\">\n\t\t\t<div class=\"elementor-widget-wrap elementor-element-populated\">\n\t\t\t\t\t\t<div class=\"elementor-element elementor-element-92a2547 elementor-widget elementor-widget-text-editor\" data-id=\"92a2547\" data-element_type=\"widget\" data-widget_type=\"text-editor.default\">\n\t\t\t\t<div class=\"elementor-widget-container\">\n\t\t\t\t\t\t\t\t\t<ul><li><h2>Le drapeau fran\u00e7ais dans les c\u00e9r\u00e9monies officielles<\/h2><\/li><\/ul>\t\t\t\t\t\t\t\t<\/div>\n\t\t\t\t<\/div>\n\t\t\t\t\t<\/div>\n\t\t<\/div>\n\t\t\t\t\t<\/div>\n\t\t<\/section>\n\t\t\t\t<section class=\"elementor-section elementor-top-section elementor-element elementor-element-659c379 elementor-section-boxed elementor-section-height-default elementor-section-height-default\" data-id=\"659c379\" data-element_type=\"section\">\n\t\t\t\t\t\t<div class=\"elementor-container elementor-column-gap-default\">\n\t\t\t\t\t<div class=\"elementor-column elementor-col-100 elementor-top-column elementor-element elementor-element-d49a175\" data-id=\"d49a175\" data-element_type=\"column\">\n\t\t\t<div class=\"elementor-widget-wrap elementor-element-populated\">\n\t\t\t\t\t\t<div class=\"elementor-element elementor-element-1117dce elementor-widget elementor-widget-image\" data-id=\"1117dce\" data-element_type=\"widget\" data-widget_type=\"image.default\">\n\t\t\t\t<div class=\"elementor-widget-container\">\n\t\t\t\t\t\t\t\t\t\t\t\t\t\t\t<img fetchpriority=\"high\" decoding=\"async\" width=\"700\" height=\"534\" src=\"https:\/\/www.macapflag.com\/blog\/wp-content\/uploads\/2024\/07\/a-quelles-occasion-drap-francais-1.jpg\" class=\"attachment-large size-large wp-image-18161\" alt=\"Drapeau fran\u00e7ais pour un d\u00e9fil\u00e9 comm\u00e9moratif\" srcset=\"https:\/\/www.macapflag.com\/blog\/wp-content\/uploads\/2024\/07\/a-quelles-occasion-drap-francais-1.jpg 700w, https:\/\/www.macapflag.com\/blog\/wp-content\/uploads\/2024\/07\/a-quelles-occasion-drap-francais-1-300x229.jpg 300w\" sizes=\"(max-width: 700px) 100vw, 700px\" \/>\t\t\t\t\t\t\t\t\t\t\t\t\t\t\t<\/div>\n\t\t\t\t<\/div>\n\t\t\t\t\t<\/div>\n\t\t<\/div>\n\t\t\t\t\t<\/div>\n\t\t<\/section>\n\t\t\t\t<section class=\"elementor-section elementor-top-section elementor-element elementor-element-87eac71 elementor-section-boxed elementor-section-height-default elementor-section-height-default\" data-id=\"87eac71\" data-element_type=\"section\">\n\t\t\t\t\t\t<div class=\"elementor-container elementor-column-gap-default\">\n\t\t\t\t\t<div class=\"elementor-column elementor-col-100 elementor-top-column elementor-element elementor-element-ed73e70\" data-id=\"ed73e70\" data-element_type=\"column\">\n\t\t\t<div class=\"elementor-widget-wrap elementor-element-populated\">\n\t\t\t\t\t\t<div class=\"elementor-element elementor-element-d2070d0 elementor-widget elementor-widget-text-editor\" data-id=\"d2070d0\" data-element_type=\"widget\" data-widget_type=\"text-editor.default\">\n\t\t\t\t<div class=\"elementor-widget-container\">\n\t\t\t\t\t\t\t\t\t<p>Le drapeau tricolore est avant tout un symbole r\u00e9publicain utilis\u00e9 dans les c\u00e9r\u00e9monies officielles et institutionnelles. Il est arbor\u00e9 dans de nombreuses situations pour marquer le respect des valeurs de la R\u00e9publique.<\/p><h3>Les comm\u00e9morations nationales<\/h3><p>La France rend hommage \u00e0 son histoire et \u00e0 ses figures marquantes \u00e0 travers plusieurs journ\u00e9es de comm\u00e9moration, o\u00f9 le drapeau joue un r\u00f4le central. Voici les principales dates :<\/p><ul><li><strong>Le 14 juillet<\/strong>, f\u00eate nationale : lors des d\u00e9fil\u00e9s militaires et des feux d\u2019artifice, le drapeau est partout, des b\u00e2timents publics aux balcons des particuliers.<\/li><li><strong>Le 11 novembre<\/strong>, comm\u00e9moration de l\u2019Armistice de 1918 : le drapeau fran\u00e7ais est hiss\u00e9 sur les monuments aux morts pour honorer les soldats tomb\u00e9s pour la France.<\/li><li><strong>Le 8 mai<\/strong>, jour de la Victoire de 1945 : il est utilis\u00e9 lors des c\u00e9r\u00e9monies officielles pour rappeler la fin de la Seconde Guerre mondiale en Europe.<\/li><\/ul><p>Chaque ann\u00e9e, l\u2019Etat publie la liste des jours de pavoisement. Lors de ces journ\u00e9es officielles d\u2019hommage ou de comm\u00e9moration, les mairies sont invit\u00e9es \u00e0 pavoiser leur b\u00e2timent d\u2019un drapeau fran\u00e7ais officiel.<\/p><h3>Les honneurs militaires et officiels<\/h3><p>Le drapeau fran\u00e7ais est incontournable lors des c\u00e9r\u00e9monies militaires et des hommages nationaux. Il est notamment utilis\u00e9 :<\/p><ul><li>Lors des obs\u00e8ques nationales de figures historiques et militaires.<\/li><li>Lors des passations de commandement et des prises d\u2019armes dans l\u2019arm\u00e9e.<\/li><li>Lors des remises de d\u00e9corations, comme la L\u00e9gion d\u2019honneur.<\/li><li>En berne sur les b\u00e2timents publics lors des jours de deuil national.<\/li><\/ul><p>Pour ces utilisations solennelles et officielles, le drapeau fran\u00e7ais prend la forme d\u2019un drapeau de prestige. Il peut \u00eatre brod\u00e9 ou imprim\u00e9 avec des lettres d\u2019or, un logo ou un motif de votre choix. Chaque drapeau de c\u00e9r\u00e9monie et de d\u00e9fil\u00e9 est fabriqu\u00e9 sur-mesure, \u00e0 la demande du client.<\/p>\t\t\t\t\t\t\t\t<\/div>\n\t\t\t\t<\/div>\n\t\t\t\t\t<\/div>\n\t\t<\/div>\n\t\t\t\t\t<\/div>\n\t\t<\/section>\n\t\t\t\t<section class=\"elementor-section elementor-top-section elementor-element elementor-element-a9f7124 elementor-section-boxed elementor-section-height-default elementor-section-height-default\" data-id=\"a9f7124\" data-element_type=\"section\">\n\t\t\t\t\t\t<div class=\"elementor-container elementor-column-gap-default\">\n\t\t\t\t\t<div class=\"elementor-column elementor-col-33 elementor-top-column elementor-element elementor-element-b20c477\" data-id=\"b20c477\" data-element_type=\"column\">\n\t\t\t<div class=\"elementor-widget-wrap elementor-element-populated\">\n\t\t\t\t\t\t<div class=\"elementor-element elementor-element-84d4aa0 elementor-widget elementor-widget-shortcode\" data-id=\"84d4aa0\" data-element_type=\"widget\" data-widget_type=\"shortcode.default\">\n\t\t\t\t<div class=\"elementor-widget-container\">\n\t\t\t\t\t\t\t<div class=\"elementor-shortcode\"><div class=\"container p-0 m-0\">\n    <div class=\"row m-0 border\">\n        <div class=\"col-12 grid-didpd-body text-center\">\n            <img decoding=\"async\" src=\"https:\/\/www.macapflag.com\/1859520-home_default\/drapeau-de-defile-francais-personnalise.jpg\" alt=\"Drapeau de d&eacute;fil&eacute;\" class=\"mx-auto\" \/>\n            <div class=\"grid-didpd-text\">\n                <a href=\"https:\/\/www.macapflag.com\/drapeau-de-defile\/43177-drapeau-de-defile-francais-personnalise.html\" target=\"_blank\" class=\"stretched-link\">\n                    <h3>Drapeau de d\u00e9fil\u00e9<\/h3>\n                <\/a>\n            <\/div>\n                                    <div class=\"text-center\">\n                <button class=\"btn btn-primary\">Devis en ligne<\/button>\n            <\/div>\n        <\/div>\n    <\/div>\n<\/div>\n<\/div>\n\t\t\t\t\t\t<\/div>\n\t\t\t\t<\/div>\n\t\t\t\t\t<\/div>\n\t\t<\/div>\n\t\t\t\t<div class=\"elementor-column elementor-col-33 elementor-top-column elementor-element elementor-element-a2d4d92\" data-id=\"a2d4d92\" data-element_type=\"column\">\n\t\t\t<div class=\"elementor-widget-wrap elementor-element-populated\">\n\t\t\t\t\t\t<div class=\"elementor-element elementor-element-d99c249 elementor-widget elementor-widget-shortcode\" data-id=\"d99c249\" data-element_type=\"widget\" data-widget_type=\"shortcode.default\">\n\t\t\t\t<div class=\"elementor-widget-container\">\n\t\t\t\t\t\t\t<div class=\"elementor-shortcode\"><div class=\"container p-0 m-0\">\n    <div class=\"row m-0 border\">\n        <div class=\"col-12 grid-didpd-body text-center\">\n            <img decoding=\"async\" src=\"https:\/\/www.macapflag.com\/1859575-home_default\/kakemono-officiel-suspendu-france.jpg\" alt=\"Kak&eacute;mono France\" class=\"mx-auto\" \/>\n            <div class=\"grid-didpd-text\">\n                <a href=\"https:\/\/www.macapflag.com\/oriflamme-pays\/325-kakemono-officiel-suspendu-france.html\" target=\"_blank\" class=\"stretched-link\">\n                    <h3>Kak\u00e9mono France<\/h3>\n                <\/a>\n            <\/div>\n                                    <div class=\"text-center\">\n                <button class=\"btn btn-primary\">Devis en ligne<\/button>\n            <\/div>\n        <\/div>\n    <\/div>\n<\/div>\n<\/div>\n\t\t\t\t\t\t<\/div>\n\t\t\t\t<\/div>\n\t\t\t\t\t<\/div>\n\t\t<\/div>\n\t\t\t\t<div class=\"elementor-column elementor-col-33 elementor-top-column elementor-element elementor-element-d6c79ee\" data-id=\"d6c79ee\" data-element_type=\"column\">\n\t\t\t<div class=\"elementor-widget-wrap elementor-element-populated\">\n\t\t\t\t\t\t<div class=\"elementor-element elementor-element-f72daaf elementor-widget elementor-widget-shortcode\" data-id=\"f72daaf\" data-element_type=\"widget\" data-widget_type=\"shortcode.default\">\n\t\t\t\t<div class=\"elementor-widget-container\">\n\t\t\t\t\t\t\t<div class=\"elementor-shortcode\"><div class=\"container p-0 m-0\">\n    <div class=\"row m-0 border\">\n        <div class=\"col-12 grid-didpd-body text-center\">\n            <img decoding=\"async\" src=\"https:\/\/www.macapflag.com\/1858357-home_default\/drapeau-de-defile-pompiers-francais-brode.jpg\" alt=\"Drapeau pompier\" class=\"mx-auto\" \/>\n            <div class=\"grid-didpd-text\">\n                <a href=\"https:\/\/www.macapflag.com\/drapeau-de-defile\/791900-drapeau-de-defile-pompiers-francais-brode.html\" target=\"_blank\" class=\"stretched-link\">\n                    <h3>Drapeau pompier<\/h3>\n                <\/a>\n            <\/div>\n                                    <div class=\"text-center\">\n                <button class=\"btn btn-primary\">Devis en ligne<\/button>\n            <\/div>\n        <\/div>\n    <\/div>\n<\/div>\n<\/div>\n\t\t\t\t\t\t<\/div>\n\t\t\t\t<\/div>\n\t\t\t\t\t<\/div>\n\t\t<\/div>\n\t\t\t\t\t<\/div>\n\t\t<\/section>\n\t\t\t\t<section class=\"elementor-section elementor-top-section elementor-element elementor-element-56fc3aa elementor-section-boxed elementor-section-height-default elementor-section-height-default\" data-id=\"56fc3aa\" data-element_type=\"section\">\n\t\t\t\t\t\t<div class=\"elementor-container elementor-column-gap-default\">\n\t\t\t\t\t<div class=\"elementor-column elementor-col-33 elementor-top-column elementor-element elementor-element-575a6db\" data-id=\"575a6db\" data-element_type=\"column\">\n\t\t\t<div class=\"elementor-widget-wrap elementor-element-populated\">\n\t\t\t\t\t\t<div class=\"elementor-element elementor-element-0040620 elementor-widget elementor-widget-shortcode\" data-id=\"0040620\" data-element_type=\"widget\" data-widget_type=\"shortcode.default\">\n\t\t\t\t<div class=\"elementor-widget-container\">\n\t\t\t\t\t\t\t<div class=\"elementor-shortcode\"><div class=\"container p-0 m-0\">\n    <div class=\"row m-0 border\">\n        <div class=\"col-12 grid-didpd-body text-center\">\n            <img decoding=\"async\" src=\"https:\/\/www.macapflag.com\/1857560-home_default\/drapeau-francais-officiel.jpg\" alt=\"Drapeau France pour m&acirc;t\" class=\"mx-auto\" \/>\n            <div class=\"grid-didpd-text\">\n                <a href=\"https:\/\/www.macapflag.com\/drapeau-pays-pour-mat\/33-drapeau-francais-officiel.html\" target=\"_blank\" class=\"stretched-link\">\n                    <h3>Drapeau France pour m\u00e2t<\/h3>\n                <\/a>\n            <\/div>\n                        <p class=\"text-center font-weight-bold\">6,00 \u20ac HT<\/p>            <div class=\"text-center\">\n                <button class=\"btn btn-primary\">Achat en ligne<\/button>\n            <\/div>\n        <\/div>\n    <\/div>\n<\/div>\n<\/div>\n\t\t\t\t\t\t<\/div>\n\t\t\t\t<\/div>\n\t\t\t\t\t<\/div>\n\t\t<\/div>\n\t\t\t\t<div class=\"elementor-column elementor-col-33 elementor-top-column elementor-element elementor-element-c842753\" data-id=\"c842753\" data-element_type=\"column\">\n\t\t\t<div class=\"elementor-widget-wrap elementor-element-populated\">\n\t\t\t\t\t\t<div class=\"elementor-element elementor-element-ba925ae elementor-widget elementor-widget-shortcode\" data-id=\"ba925ae\" data-element_type=\"widget\" data-widget_type=\"shortcode.default\">\n\t\t\t\t<div class=\"elementor-widget-container\">\n\t\t\t\t\t\t\t<div class=\"elementor-shortcode\"><div class=\"container p-0 m-0\">\n    <div class=\"row m-0 border\">\n        <div class=\"col-12 grid-didpd-body text-center\">\n            <img decoding=\"async\" src=\"https:\/\/www.macapflag.com\/231768-home_default\/guirlande-officielle-francaise.jpg\" alt=\"Guirlande fanions France\" class=\"mx-auto\" \/>\n            <div class=\"grid-didpd-text\">\n                <a href=\"https:\/\/www.macapflag.com\/guirlande-pays\/929-guirlande-officielle-francaise.html\" target=\"_blank\" class=\"stretched-link\">\n                    <h3>Guirlande fanions France<\/h3>\n                <\/a>\n            <\/div>\n                        <p class=\"text-center font-weight-bold\">30,00 \u20ac HT<\/p>            <div class=\"text-center\">\n                <button class=\"btn btn-primary\">Achat en ligne<\/button>\n            <\/div>\n        <\/div>\n    <\/div>\n<\/div>\n<\/div>\n\t\t\t\t\t\t<\/div>\n\t\t\t\t<\/div>\n\t\t\t\t\t<\/div>\n\t\t<\/div>\n\t\t\t\t<div class=\"elementor-column elementor-col-33 elementor-top-column elementor-element elementor-element-40f7426\" data-id=\"40f7426\" data-element_type=\"column\">\n\t\t\t<div class=\"elementor-widget-wrap elementor-element-populated\">\n\t\t\t\t\t\t<div class=\"elementor-element elementor-element-f8ec180 elementor-widget elementor-widget-shortcode\" data-id=\"f8ec180\" data-element_type=\"widget\" data-widget_type=\"shortcode.default\">\n\t\t\t\t<div class=\"elementor-widget-container\">\n\t\t\t\t\t\t\t<div class=\"elementor-shortcode\"><div class=\"container p-0 m-0\">\n    <div class=\"row m-0 border\">\n        <div class=\"col-12 grid-didpd-body text-center\">\n            <img decoding=\"async\" src=\"https:\/\/www.macapflag.com\/1860024-home_default\/drapeau-officiel-a-agiter-francais-.jpg\" alt=\"Drapeau &agrave; agiter x 100 ex\" class=\"mx-auto\" \/>\n            <div class=\"grid-didpd-text\">\n                <a href=\"https:\/\/www.macapflag.com\/drapeau-pays-avec-hampe\/321-drapeau-officiel-a-agiter-francais-.html\" target=\"_blank\" class=\"stretched-link\">\n                    <h3>Drapeau \u00e0 agiter x 100 ex<\/h3>\n                <\/a>\n            <\/div>\n                        <p class=\"text-center font-weight-bold\">34,00 \u20ac HT<\/p>            <div class=\"text-center\">\n                <button class=\"btn btn-primary\">Achat en ligne<\/button>\n            <\/div>\n        <\/div>\n    <\/div>\n<\/div>\n<\/div>\n\t\t\t\t\t\t<\/div>\n\t\t\t\t<\/div>\n\t\t\t\t\t<\/div>\n\t\t<\/div>\n\t\t\t\t\t<\/div>\n\t\t<\/section>\n\t\t\t\t<section class=\"elementor-section elementor-top-section elementor-element elementor-element-7dfd5a9 elementor-section-boxed elementor-section-height-default elementor-section-height-default\" data-id=\"7dfd5a9\" data-element_type=\"section\">\n\t\t\t\t\t\t<div class=\"elementor-container elementor-column-gap-default\">\n\t\t\t\t\t<div class=\"elementor-column elementor-col-100 elementor-top-column elementor-element elementor-element-0a6e14a\" data-id=\"0a6e14a\" data-element_type=\"column\">\n\t\t\t<div class=\"elementor-widget-wrap elementor-element-populated\">\n\t\t\t\t\t\t<div class=\"elementor-element elementor-element-aa62435 elementor-widget elementor-widget-text-editor\" data-id=\"aa62435\" data-element_type=\"widget\" data-widget_type=\"text-editor.default\">\n\t\t\t\t<div class=\"elementor-widget-container\">\n\t\t\t\t\t\t\t\t\t<ul><li><h2>Le drapeau dans les institutions et la vie politique<\/h2><\/li><\/ul>\t\t\t\t\t\t\t\t<\/div>\n\t\t\t\t<\/div>\n\t\t\t\t\t<\/div>\n\t\t<\/div>\n\t\t\t\t\t<\/div>\n\t\t<\/section>\n\t\t\t\t<section class=\"elementor-section elementor-top-section elementor-element elementor-element-5209c6f elementor-section-boxed elementor-section-height-default elementor-section-height-default\" data-id=\"5209c6f\" data-element_type=\"section\">\n\t\t\t\t\t\t<div class=\"elementor-container elementor-column-gap-default\">\n\t\t\t\t\t<div class=\"elementor-column elementor-col-100 elementor-top-column elementor-element elementor-element-5633301\" data-id=\"5633301\" data-element_type=\"column\">\n\t\t\t<div class=\"elementor-widget-wrap elementor-element-populated\">\n\t\t\t\t\t\t<div class=\"elementor-element elementor-element-d757c51 elementor-widget elementor-widget-image\" data-id=\"d757c51\" data-element_type=\"widget\" data-widget_type=\"image.default\">\n\t\t\t\t<div class=\"elementor-widget-container\">\n\t\t\t\t\t\t\t\t\t\t\t\t\t\t\t<img decoding=\"async\" width=\"700\" height=\"534\" src=\"https:\/\/www.macapflag.com\/blog\/wp-content\/uploads\/2024\/07\/a-quelles-occasion-drap-francais-7.jpg\" class=\"attachment-large size-large wp-image-18167\" alt=\"Drapeau France pour m\u00e2t\" srcset=\"https:\/\/www.macapflag.com\/blog\/wp-content\/uploads\/2024\/07\/a-quelles-occasion-drap-francais-7.jpg 700w, https:\/\/www.macapflag.com\/blog\/wp-content\/uploads\/2024\/07\/a-quelles-occasion-drap-francais-7-300x229.jpg 300w\" sizes=\"(max-width: 700px) 100vw, 700px\" \/>\t\t\t\t\t\t\t\t\t\t\t\t\t\t\t<\/div>\n\t\t\t\t<\/div>\n\t\t\t\t\t<\/div>\n\t\t<\/div>\n\t\t\t\t\t<\/div>\n\t\t<\/section>\n\t\t\t\t<section class=\"elementor-section elementor-top-section elementor-element elementor-element-e275336 elementor-section-boxed elementor-section-height-default elementor-section-height-default\" data-id=\"e275336\" data-element_type=\"section\">\n\t\t\t\t\t\t<div class=\"elementor-container elementor-column-gap-default\">\n\t\t\t\t\t<div class=\"elementor-column elementor-col-100 elementor-top-column elementor-element elementor-element-d016e5f\" data-id=\"d016e5f\" data-element_type=\"column\">\n\t\t\t<div class=\"elementor-widget-wrap elementor-element-populated\">\n\t\t\t\t\t\t<div class=\"elementor-element elementor-element-bb7da65 elementor-widget elementor-widget-text-editor\" data-id=\"bb7da65\" data-element_type=\"widget\" data-widget_type=\"text-editor.default\">\n\t\t\t\t<div class=\"elementor-widget-container\">\n\t\t\t\t\t\t\t\t\t<p>Le drapeau tricolore est pr\u00e9sent sur tous les b\u00e2timents officiels de la R\u00e9publique. Il flotte aux c\u00f4t\u00e9s du drapeau europ\u00e9en sur :<\/p><ul><li><b>Les mairies.<\/b><\/li><li><b>Les pr\u00e9fectures.<\/b><\/li><li><b>Les minist\u00e8res.<\/b><\/li><li><b>L\u2019Assembl\u00e9e nationale et le S\u00e9nat.<\/b><\/li><li><b>Le Palais de l\u2019\u00c9lys\u00e9e.<\/b><\/li><\/ul><p>Il est aussi utilis\u00e9 dans les discours officiels, les campagnes \u00e9lectorales et les c\u00e9r\u00e9monies de prestation de serment.<br \/>Les mod\u00e8les de drapeau fran\u00e7ais les plus utilis\u00e9s par les institutions sont le drapeau fran\u00e7ais d\u2019ornement et le drapeau fran\u00e7ais pour m\u00e2t.<\/p>\t\t\t\t\t\t\t\t<\/div>\n\t\t\t\t<\/div>\n\t\t\t\t\t<\/div>\n\t\t<\/div>\n\t\t\t\t\t<\/div>\n\t\t<\/section>\n\t\t\t\t<section class=\"elementor-section elementor-top-section elementor-element elementor-element-42892c2 elementor-section-boxed elementor-section-height-default elementor-section-height-default\" data-id=\"42892c2\" data-element_type=\"section\">\n\t\t\t\t\t\t<div class=\"elementor-container elementor-column-gap-default\">\n\t\t\t\t\t<div class=\"elementor-column elementor-col-33 elementor-top-column elementor-element elementor-element-1713469\" data-id=\"1713469\" data-element_type=\"column\">\n\t\t\t<div class=\"elementor-widget-wrap elementor-element-populated\">\n\t\t\t\t\t\t<div class=\"elementor-element elementor-element-9993939 elementor-widget elementor-widget-shortcode\" data-id=\"9993939\" data-element_type=\"widget\" data-widget_type=\"shortcode.default\">\n\t\t\t\t<div class=\"elementor-widget-container\">\n\t\t\t\t\t\t\t<div class=\"elementor-shortcode\"><div class=\"container p-0 m-0\">\n    <div class=\"row m-0 border\">\n        <div class=\"col-12 grid-didpd-body text-center\">\n            <img decoding=\"async\" src=\"https:\/\/www.macapflag.com\/1857560-home_default\/drapeau-francais-officiel.jpg\" alt=\"Drapeau France pour m&acirc;t\" class=\"mx-auto\" \/>\n            <div class=\"grid-didpd-text\">\n                <a href=\"https:\/\/www.macapflag.com\/drapeau-pays-pour-mat\/33-drapeau-francais-officiel.html\" target=\"_blank\" class=\"stretched-link\">\n                    <h3>Drapeau France pour m\u00e2t<\/h3>\n                <\/a>\n            <\/div>\n                        <p class=\"text-center font-weight-bold\">6,00 \u20ac HT<\/p>            <div class=\"text-center\">\n                <button class=\"btn btn-primary\">Achat en ligne<\/button>\n            <\/div>\n        <\/div>\n    <\/div>\n<\/div>\n<\/div>\n\t\t\t\t\t\t<\/div>\n\t\t\t\t<\/div>\n\t\t\t\t\t<\/div>\n\t\t<\/div>\n\t\t\t\t<div class=\"elementor-column elementor-col-33 elementor-top-column elementor-element elementor-element-ea22a4c\" data-id=\"ea22a4c\" data-element_type=\"column\">\n\t\t\t<div class=\"elementor-widget-wrap elementor-element-populated\">\n\t\t\t\t\t\t<div class=\"elementor-element elementor-element-ac9593b elementor-widget elementor-widget-shortcode\" data-id=\"ac9593b\" data-element_type=\"widget\" data-widget_type=\"shortcode.default\">\n\t\t\t\t<div class=\"elementor-widget-container\">\n\t\t\t\t\t\t\t<div class=\"elementor-shortcode\"><div class=\"container p-0 m-0\">\n    <div class=\"row m-0 border\">\n        <div class=\"col-12 grid-didpd-body text-center\">\n            <img decoding=\"async\" src=\"https:\/\/www.macapflag.com\/232075-home_default\/kit-loi-peillon-blason-drapeaux.jpg\" alt=\"Kit loi Peillon\" class=\"mx-auto\" \/>\n            <div class=\"grid-didpd-text\">\n                <a href=\"https:\/\/www.macapflag.com\/kit-loi-peillon-loi-blanquer\/56909-kit-loi-peillon-blason-drapeaux.html\" target=\"_blank\" class=\"stretched-link\">\n                    <h3>Kit loi Peillon<\/h3>\n                <\/a>\n            <\/div>\n                        <p class=\"text-center font-weight-bold\">76,00 \u20ac HT<\/p>            <div class=\"text-center\">\n                <button class=\"btn btn-primary\">Achat en ligne<\/button>\n            <\/div>\n        <\/div>\n    <\/div>\n<\/div>\n<\/div>\n\t\t\t\t\t\t<\/div>\n\t\t\t\t<\/div>\n\t\t\t\t\t<\/div>\n\t\t<\/div>\n\t\t\t\t<div class=\"elementor-column elementor-col-33 elementor-top-column elementor-element elementor-element-5bb50c3\" data-id=\"5bb50c3\" data-element_type=\"column\">\n\t\t\t<div class=\"elementor-widget-wrap elementor-element-populated\">\n\t\t\t\t\t\t<div class=\"elementor-element elementor-element-f7fb000 elementor-widget elementor-widget-shortcode\" data-id=\"f7fb000\" data-element_type=\"widget\" data-widget_type=\"shortcode.default\">\n\t\t\t\t<div class=\"elementor-widget-container\">\n\t\t\t\t\t\t\t<div class=\"elementor-shortcode\"><div class=\"container p-0 m-0\">\n    <div class=\"row m-0 border\">\n        <div class=\"col-12 grid-didpd-body text-center\">\n            <img decoding=\"async\" src=\"https:\/\/www.macapflag.com\/1857561-home_default\/drapeau-officiel-classique-francais.jpg\" alt=\"Drapeau sur hampe\" class=\"mx-auto\" \/>\n            <div class=\"grid-didpd-text\">\n                <a href=\"https:\/\/www.macapflag.com\/drapeau-pays-avec-hampe\/303-drapeau-officiel-classique-francais.html\" target=\"_blank\" class=\"stretched-link\">\n                    <h3>Drapeau sur hampe<\/h3>\n                <\/a>\n            <\/div>\n                        <p class=\"text-center font-weight-bold\">9,50 \u20ac HT<\/p>            <div class=\"text-center\">\n                <button class=\"btn btn-primary\">Achat en ligne<\/button>\n            <\/div>\n        <\/div>\n    <\/div>\n<\/div>\n<\/div>\n\t\t\t\t\t\t<\/div>\n\t\t\t\t<\/div>\n\t\t\t\t\t<\/div>\n\t\t<\/div>\n\t\t\t\t\t<\/div>\n\t\t<\/section>\n\t\t\t\t<section class=\"elementor-section elementor-top-section elementor-element elementor-element-891ac4d elementor-section-boxed elementor-section-height-default elementor-section-height-default\" data-id=\"891ac4d\" data-element_type=\"section\">\n\t\t\t\t\t\t<div class=\"elementor-container elementor-column-gap-default\">\n\t\t\t\t\t<div class=\"elementor-column elementor-col-100 elementor-top-column elementor-element elementor-element-7714652\" data-id=\"7714652\" data-element_type=\"column\">\n\t\t\t<div class=\"elementor-widget-wrap\">\n\t\t\t\t\t\t\t<\/div>\n\t\t<\/div>\n\t\t\t\t\t<\/div>\n\t\t<\/section>\n\t\t\t\t<section class=\"elementor-section elementor-top-section elementor-element elementor-element-a0b8fbf elementor-section-boxed elementor-section-height-default elementor-section-height-default\" data-id=\"a0b8fbf\" data-element_type=\"section\">\n\t\t\t\t\t\t<div class=\"elementor-container elementor-column-gap-default\">\n\t\t\t\t\t<div class=\"elementor-column elementor-col-100 elementor-top-column elementor-element elementor-element-c197b90\" data-id=\"c197b90\" data-element_type=\"column\">\n\t\t\t<div class=\"elementor-widget-wrap elementor-element-populated\">\n\t\t\t\t\t\t<div class=\"elementor-element elementor-element-504c28e elementor-widget elementor-widget-text-editor\" data-id=\"504c28e\" data-element_type=\"widget\" data-widget_type=\"text-editor.default\">\n\t\t\t\t<div class=\"elementor-widget-container\">\n\t\t\t\t\t\t\t\t\t<ul><li><h2>Le drapeau fran\u00e7ais dans les \u00e9v\u00e9nements sportifs<\/h2><\/li><\/ul><p>Le sport est un domaine o\u00f9 le drapeau fran\u00e7ais est largement utilis\u00e9 par les supporters pour mettre en valeur le soutien aux athl\u00e8tes et aux \u00e9quipes nationales.<\/p><h3>Les comp\u00e9titions internationales<\/h3>\t\t\t\t\t\t\t\t<\/div>\n\t\t\t\t<\/div>\n\t\t\t\t<div class=\"elementor-element elementor-element-1240a69 elementor-widget elementor-widget-image\" data-id=\"1240a69\" data-element_type=\"widget\" data-widget_type=\"image.default\">\n\t\t\t\t<div class=\"elementor-widget-container\">\n\t\t\t\t\t\t\t\t\t\t\t\t\t\t\t<img decoding=\"async\" width=\"700\" height=\"534\" src=\"https:\/\/www.macapflag.com\/blog\/wp-content\/uploads\/2024\/07\/a-quelles-occasion-drap-francais-4.jpg\" class=\"attachment-large size-large wp-image-18164\" alt=\"drapeau France pour \u00e9v\u00e8nement sportif\" srcset=\"https:\/\/www.macapflag.com\/blog\/wp-content\/uploads\/2024\/07\/a-quelles-occasion-drap-francais-4.jpg 700w, https:\/\/www.macapflag.com\/blog\/wp-content\/uploads\/2024\/07\/a-quelles-occasion-drap-francais-4-300x229.jpg 300w\" sizes=\"(max-width: 700px) 100vw, 700px\" \/>\t\t\t\t\t\t\t\t\t\t\t\t\t\t\t<\/div>\n\t\t\t\t<\/div>\n\t\t\t\t<div class=\"elementor-element elementor-element-861921d elementor-widget elementor-widget-text-editor\" data-id=\"861921d\" data-element_type=\"widget\" data-widget_type=\"text-editor.default\">\n\t\t\t\t<div class=\"elementor-widget-container\">\n\t\t\t\t\t\t\t\t\t<div>\u00a0Le drapeau bleu blanc rouge est incontournable lors des grands \u00e9v\u00e9nements sportifs o\u00f9 la France est repr\u00e9sent\u00e9e :<\/div><ul><li><strong>Les Jeux Olympiques<\/strong> : il accompagne les d\u00e9l\u00e9gations fran\u00e7aises et est hiss\u00e9 lors des victoires.<\/li><li><strong>La Coupe du Monde de football, de rugby ou d\u2019autres sports collectifs<\/strong> : les supporters brandissent le drapeau dans les stades et les villes.<\/li><li><strong>Le Tour de France<\/strong> : il est souvent visible le long des routes et sur les Champs-\u00c9lys\u00e9es lors de l\u2019arriv\u00e9e.<\/li><li><strong>Les championnats d\u2019Europe et du monde dans diff\u00e9rentes disciplines<\/strong> : athl\u00e9tisme, natation, judo, etc.<\/li><\/ul><h3>Dans les stades et les lieux publics<\/h3><p>Que ce soit dans un stade ou sur la place d\u2019une ville, les supporters agitent fi\u00e8rement le drapeau pour montrer leur soutien aux \u00e9quipes nationales. On voit fr\u00e9quemment des personnes agiter de petits drapeaux fran\u00e7ais \u00e0 la main ou au contraire, des supporters se recouvrir du fameux \u201c<a href=\"https:\/\/www.macapflag.com\/drapeau-personnalise\/298-drapeau-textile-xxl-avec-sangle-de-portage.html\" target=\"_blank\" rel=\"noopener\"><strong><span style=\"color: #3366ff;\">tifo<\/span><\/strong><\/a>\u201d, ce drapeau XXL personnalis\u00e9 aux couleurs tricolores.<br \/>Hors des lieux de rencontres et de comp\u00e9titions, le drapeau fran\u00e7ais se retrouve aussi dans le jardin ou aux fen\u00eatres des maisons, tout sp\u00e9cialement lors des soirs de match \u00e0 fort enjeu !<\/p>\t\t\t\t\t\t\t\t<\/div>\n\t\t\t\t<\/div>\n\t\t\t\t\t<\/div>\n\t\t<\/div>\n\t\t\t\t\t<\/div>\n\t\t<\/section>\n\t\t\t\t<section class=\"elementor-section elementor-top-section elementor-element elementor-element-f139078 elementor-section-boxed elementor-section-height-default elementor-section-height-default\" data-id=\"f139078\" data-element_type=\"section\">\n\t\t\t\t\t\t<div class=\"elementor-container elementor-column-gap-default\">\n\t\t\t\t\t<div class=\"elementor-column elementor-col-100 elementor-top-column elementor-element elementor-element-cbc51df\" data-id=\"cbc51df\" data-element_type=\"column\">\n\t\t\t<div class=\"elementor-widget-wrap elementor-element-populated\">\n\t\t\t\t\t\t<div class=\"elementor-element elementor-element-486580e elementor-widget elementor-widget-image\" data-id=\"486580e\" data-element_type=\"widget\" data-widget_type=\"image.default\">\n\t\t\t\t<div class=\"elementor-widget-container\">\n\t\t\t\t\t\t\t\t\t\t\t\t\t\t\t<img loading=\"lazy\" decoding=\"async\" width=\"700\" height=\"534\" src=\"https:\/\/www.macapflag.com\/blog\/wp-content\/uploads\/2024\/07\/a-quelles-occasion-drap-francais-5.jpg\" class=\"attachment-large size-large wp-image-18165\" alt=\"Drapeau France supporter sport\" srcset=\"https:\/\/www.macapflag.com\/blog\/wp-content\/uploads\/2024\/07\/a-quelles-occasion-drap-francais-5.jpg 700w, https:\/\/www.macapflag.com\/blog\/wp-content\/uploads\/2024\/07\/a-quelles-occasion-drap-francais-5-300x229.jpg 300w\" sizes=\"(max-width: 700px) 100vw, 700px\" \/>\t\t\t\t\t\t\t\t\t\t\t\t\t\t\t<\/div>\n\t\t\t\t<\/div>\n\t\t\t\t\t<\/div>\n\t\t<\/div>\n\t\t\t\t\t<\/div>\n\t\t<\/section>\n\t\t\t\t<section class=\"elementor-section elementor-top-section elementor-element elementor-element-aecf4f3 elementor-section-boxed elementor-section-height-default elementor-section-height-default\" data-id=\"aecf4f3\" data-element_type=\"section\">\n\t\t\t\t\t\t<div class=\"elementor-container elementor-column-gap-default\">\n\t\t\t\t\t<div class=\"elementor-column elementor-col-33 elementor-top-column elementor-element elementor-element-cc4af73\" data-id=\"cc4af73\" data-element_type=\"column\">\n\t\t\t<div class=\"elementor-widget-wrap elementor-element-populated\">\n\t\t\t\t\t\t<div class=\"elementor-element elementor-element-d280929 elementor-widget elementor-widget-shortcode\" data-id=\"d280929\" data-element_type=\"widget\" data-widget_type=\"shortcode.default\">\n\t\t\t\t<div class=\"elementor-widget-container\">\n\t\t\t\t\t\t\t<div class=\"elementor-shortcode\"><div class=\"container p-0 m-0\">\n    <div class=\"row m-0 border\">\n        <div class=\"col-12 grid-didpd-body text-center\">\n            <img decoding=\"async\" src=\"https:\/\/www.macapflag.com\/1858920-home_default\/drapeau-bleu-blanc-rouge-special-supporters-lot-de-50-ex.jpg\" alt=\"Drapeau France supporter 60x90 cm lot de 10 ex.\" class=\"mx-auto\" \/>\n            <div class=\"grid-didpd-text\">\n                <a href=\"https:\/\/www.macapflag.com\/drapeau-france\/792068-drapeau-bleu-blanc-rouge-special-supporters-lot-de-50-ex.html\" target=\"_blank\" class=\"stretched-link\">\n                    <h3>Drapeau France supporter 60x90 cm lot de 10 ex.<\/h3>\n                <\/a>\n            <\/div>\n                                    <div class=\"text-center\">\n                <button class=\"btn btn-primary\">Devis en ligne<\/button>\n            <\/div>\n        <\/div>\n    <\/div>\n<\/div>\n<\/div>\n\t\t\t\t\t\t<\/div>\n\t\t\t\t<\/div>\n\t\t\t\t\t<\/div>\n\t\t<\/div>\n\t\t\t\t<div class=\"elementor-column elementor-col-33 elementor-top-column elementor-element elementor-element-528576b\" data-id=\"528576b\" data-element_type=\"column\">\n\t\t\t<div class=\"elementor-widget-wrap elementor-element-populated\">\n\t\t\t\t\t\t<div class=\"elementor-element elementor-element-a9beda1 elementor-widget elementor-widget-shortcode\" data-id=\"a9beda1\" data-element_type=\"widget\" data-widget_type=\"shortcode.default\">\n\t\t\t\t<div class=\"elementor-widget-container\">\n\t\t\t\t\t\t\t<div class=\"elementor-shortcode\"><div class=\"container p-0 m-0\">\n    <div class=\"row m-0 border\">\n        <div class=\"col-12 grid-didpd-body text-center\">\n            <img decoding=\"async\" src=\"https:\/\/www.macapflag.com\/230204-home_default\/drapeau-textile-xxl-pour-hampe-telescopique.jpg\" alt=\"Drapeau imprim&eacute; XXL pour hampe t&eacute;l&eacute;scopique\" class=\"mx-auto\" \/>\n            <div class=\"grid-didpd-text\">\n                <a href=\"https:\/\/www.macapflag.com\/drapeau-personnalise\/297-drapeau-textile-xxl-pour-hampe-telescopique.html\" target=\"_blank\" class=\"stretched-link\">\n                    <h3>Drapeau imprim\u00e9 XXL pour hampe t\u00e9l\u00e9scopique<\/h3>\n                <\/a>\n            <\/div>\n                                    <div class=\"text-center\">\n                <button class=\"btn btn-primary\">Devis en ligne<\/button>\n            <\/div>\n        <\/div>\n    <\/div>\n<\/div>\n<\/div>\n\t\t\t\t\t\t<\/div>\n\t\t\t\t<\/div>\n\t\t\t\t\t<\/div>\n\t\t<\/div>\n\t\t\t\t<div class=\"elementor-column elementor-col-33 elementor-top-column elementor-element elementor-element-07c3b66\" data-id=\"07c3b66\" data-element_type=\"column\">\n\t\t\t<div class=\"elementor-widget-wrap elementor-element-populated\">\n\t\t\t\t\t\t<div class=\"elementor-element elementor-element-b526b06 elementor-widget elementor-widget-shortcode\" data-id=\"b526b06\" data-element_type=\"widget\" data-widget_type=\"shortcode.default\">\n\t\t\t\t<div class=\"elementor-widget-container\">\n\t\t\t\t\t\t\t<div class=\"elementor-shortcode\"><div class=\"container p-0 m-0\">\n    <div class=\"row m-0 border\">\n        <div class=\"col-12 grid-didpd-body text-center\">\n            <img decoding=\"async\" src=\"https:\/\/www.macapflag.com\/230203-home_default\/drapeau-textile-xxl-avec-sangle-de-portage.jpg\" alt=\"Drapeau imprim&eacute; XXL avec sangle de portage\" class=\"mx-auto\" \/>\n            <div class=\"grid-didpd-text\">\n                <a href=\"https:\/\/www.macapflag.com\/drapeau-personnalise\/298-drapeau-textile-xxl-avec-sangle-de-portage.html\" target=\"_blank\" class=\"stretched-link\">\n                    <h3>Drapeau imprim\u00e9 XXL avec sangle de portage<\/h3>\n                <\/a>\n            <\/div>\n                                    <div class=\"text-center\">\n                <button class=\"btn btn-primary\">Devis en ligne<\/button>\n            <\/div>\n        <\/div>\n    <\/div>\n<\/div>\n<\/div>\n\t\t\t\t\t\t<\/div>\n\t\t\t\t<\/div>\n\t\t\t\t\t<\/div>\n\t\t<\/div>\n\t\t\t\t\t<\/div>\n\t\t<\/section>\n\t\t\t\t<section class=\"elementor-section elementor-top-section elementor-element elementor-element-f5b9d9a elementor-section-boxed elementor-section-height-default elementor-section-height-default\" data-id=\"f5b9d9a\" data-element_type=\"section\">\n\t\t\t\t\t\t<div class=\"elementor-container elementor-column-gap-default\">\n\t\t\t\t\t<div class=\"elementor-column elementor-col-100 elementor-top-column elementor-element elementor-element-10caa4c\" data-id=\"10caa4c\" data-element_type=\"column\">\n\t\t\t<div class=\"elementor-widget-wrap elementor-element-populated\">\n\t\t\t\t\t\t<div class=\"elementor-element elementor-element-9c3a6a9 elementor-widget elementor-widget-text-editor\" data-id=\"9c3a6a9\" data-element_type=\"widget\" data-widget_type=\"text-editor.default\">\n\t\t\t\t<div class=\"elementor-widget-container\">\n\t\t\t\t\t\t\t\t\t<ul><li><h2>Le drapeau France dans les manifestations et rassemblements citoyens<\/h2><\/li><\/ul>\t\t\t\t\t\t\t\t<\/div>\n\t\t\t\t<\/div>\n\t\t\t\t\t<\/div>\n\t\t<\/div>\n\t\t\t\t\t<\/div>\n\t\t<\/section>\n\t\t\t\t<section class=\"elementor-section elementor-top-section elementor-element elementor-element-26fbc9f elementor-section-boxed elementor-section-height-default elementor-section-height-default\" data-id=\"26fbc9f\" data-element_type=\"section\">\n\t\t\t\t\t\t<div class=\"elementor-container elementor-column-gap-default\">\n\t\t\t\t\t<div class=\"elementor-column elementor-col-100 elementor-top-column elementor-element elementor-element-92f367a\" data-id=\"92f367a\" data-element_type=\"column\">\n\t\t\t<div class=\"elementor-widget-wrap elementor-element-populated\">\n\t\t\t\t\t\t<div class=\"elementor-element elementor-element-211032b elementor-widget elementor-widget-image\" data-id=\"211032b\" data-element_type=\"widget\" data-widget_type=\"image.default\">\n\t\t\t\t<div class=\"elementor-widget-container\">\n\t\t\t\t\t\t\t\t\t\t\t\t\t\t\t<img loading=\"lazy\" decoding=\"async\" width=\"700\" height=\"534\" src=\"https:\/\/www.macapflag.com\/blog\/wp-content\/uploads\/2024\/07\/a-quelles-occasion-drap-francais-3.jpg\" class=\"attachment-large size-large wp-image-18163\" alt=\"Drapeau France 14 juillet\" srcset=\"https:\/\/www.macapflag.com\/blog\/wp-content\/uploads\/2024\/07\/a-quelles-occasion-drap-francais-3.jpg 700w, https:\/\/www.macapflag.com\/blog\/wp-content\/uploads\/2024\/07\/a-quelles-occasion-drap-francais-3-300x229.jpg 300w\" sizes=\"(max-width: 700px) 100vw, 700px\" \/>\t\t\t\t\t\t\t\t\t\t\t\t\t\t\t<\/div>\n\t\t\t\t<\/div>\n\t\t\t\t\t<\/div>\n\t\t<\/div>\n\t\t\t\t\t<\/div>\n\t\t<\/section>\n\t\t\t\t<section class=\"elementor-section elementor-top-section elementor-element elementor-element-e1272f8 elementor-section-boxed elementor-section-height-default elementor-section-height-default\" data-id=\"e1272f8\" data-element_type=\"section\">\n\t\t\t\t\t\t<div class=\"elementor-container elementor-column-gap-default\">\n\t\t\t\t\t<div class=\"elementor-column elementor-col-100 elementor-top-column elementor-element elementor-element-92090dd\" data-id=\"92090dd\" data-element_type=\"column\">\n\t\t\t<div class=\"elementor-widget-wrap elementor-element-populated\">\n\t\t\t\t\t\t<div class=\"elementor-element elementor-element-80bd1cc elementor-widget elementor-widget-text-editor\" data-id=\"80bd1cc\" data-element_type=\"widget\" data-widget_type=\"text-editor.default\">\n\t\t\t\t<div class=\"elementor-widget-container\">\n\t\t\t\t\t\t\t\t\t<p>Le drapeau fran\u00e7ais est un symbole de mobilisation et d\u2019unit\u00e9 lors de rassemblements de diff\u00e9rentes natures.<\/p><h3>Les manifestations patriotiques et politiques<\/h3><p>Le drapeau est notamment pr\u00e9sent dans :<\/p><ul><li>Les manifestations en faveur des valeurs r\u00e9publicaines.<\/li><li>Les rassemblements pour des causes nationales ou soci\u00e9tales.<\/li><li>Les meetings politiques o\u00f9 les partis l\u2019affichent fi\u00e8rement.<\/li><\/ul><h3>Les mobilisations citoyennes<\/h3><p>Lors de marches citoyennes, comme les marches silencieuses en hommage aux victimes d\u2019attentats, le drapeau est un signe de solidarit\u00e9 et d\u2019unit\u00e9 nationale.<\/p><ul><li><h2>Le drapeau fran\u00e7ais dans les c\u00e9l\u00e9brations populaires<\/h2><\/li><\/ul><p>Le drapeau est \u00e9galement pr\u00e9sent lors de nombreuses festivit\u00e9s populaires et culturelles et \u00e0 l\u2019occasion de c\u00e9l\u00e9brations locales.<\/p><ul><li><h2>Le drapeau fran\u00e7ais sur les sites web et supports de communication corporate<\/h2><\/li><\/ul><p>Le drapeau s\u2019int\u00e8gre aussi dans les supports de communication de l\u2019entreprise, tels que les sites web, les brochures et les documents de marketing. Cela aide \u00e0 promouvoir une image de marque associ\u00e9e \u00e0 la qualit\u00e9 et \u00e0 la fiabilit\u00e9 fran\u00e7aises. Exemple parlant, sur le <a href=\"https:\/\/www.macapflag.com\/content\/21-qui-sommes-nous\" target=\"_blank\" rel=\"noopener\"><strong><span style=\"color: #3366ff;\">site Macap<\/span><\/strong><\/a>, nous avons choisi de mettre en avant notre statut de fabricant fran\u00e7ais.<\/p><ul><li><h2>Le drapeau fran\u00e7ais \u00e0 l\u2019international<\/h2><\/li><\/ul>\t\t\t\t\t\t\t\t<\/div>\n\t\t\t\t<\/div>\n\t\t\t\t\t<\/div>\n\t\t<\/div>\n\t\t\t\t\t<\/div>\n\t\t<\/section>\n\t\t\t\t<section class=\"elementor-section elementor-top-section elementor-element elementor-element-0f5c278 elementor-section-boxed elementor-section-height-default elementor-section-height-default\" data-id=\"0f5c278\" data-element_type=\"section\">\n\t\t\t\t\t\t<div class=\"elementor-container elementor-column-gap-default\">\n\t\t\t\t\t<div class=\"elementor-column elementor-col-100 elementor-top-column elementor-element elementor-element-97a45fa\" data-id=\"97a45fa\" data-element_type=\"column\">\n\t\t\t<div class=\"elementor-widget-wrap elementor-element-populated\">\n\t\t\t\t\t\t<div class=\"elementor-element elementor-element-8416260 elementor-widget elementor-widget-image\" data-id=\"8416260\" data-element_type=\"widget\" data-widget_type=\"image.default\">\n\t\t\t\t<div class=\"elementor-widget-container\">\n\t\t\t\t\t\t\t\t\t\t\t\t\t\t\t<img loading=\"lazy\" decoding=\"async\" width=\"700\" height=\"534\" src=\"https:\/\/www.macapflag.com\/blog\/wp-content\/uploads\/2024\/07\/a-quelles-occasion-drap-francais.jpg\" class=\"attachment-large size-large wp-image-18160\" alt=\"Drapeau fran\u00e7ais pour m\u00e2t\" srcset=\"https:\/\/www.macapflag.com\/blog\/wp-content\/uploads\/2024\/07\/a-quelles-occasion-drap-francais.jpg 700w, https:\/\/www.macapflag.com\/blog\/wp-content\/uploads\/2024\/07\/a-quelles-occasion-drap-francais-300x229.jpg 300w\" sizes=\"(max-width: 700px) 100vw, 700px\" \/>\t\t\t\t\t\t\t\t\t\t\t\t\t\t\t<\/div>\n\t\t\t\t<\/div>\n\t\t\t\t\t<\/div>\n\t\t<\/div>\n\t\t\t\t\t<\/div>\n\t\t<\/section>\n\t\t\t\t<section class=\"elementor-section elementor-top-section elementor-element elementor-element-720be97 elementor-section-boxed elementor-section-height-default elementor-section-height-default\" data-id=\"720be97\" data-element_type=\"section\">\n\t\t\t\t\t\t<div class=\"elementor-container elementor-column-gap-default\">\n\t\t\t\t\t<div class=\"elementor-column elementor-col-100 elementor-top-column elementor-element elementor-element-20deb70\" data-id=\"20deb70\" data-element_type=\"column\">\n\t\t\t<div class=\"elementor-widget-wrap elementor-element-populated\">\n\t\t\t\t\t\t<div class=\"elementor-element elementor-element-9b449b8 elementor-widget elementor-widget-text-editor\" data-id=\"9b449b8\" data-element_type=\"widget\" data-widget_type=\"text-editor.default\">\n\t\t\t\t<div class=\"elementor-widget-container\">\n\t\t\t\t\t\t\t\t\t<p>Le drapeau fran\u00e7ais est bien s\u00fbr aussi utilis\u00e9 dans un cadre diplomatique et international.<\/p><h3>Les ambassades et consulats<\/h3><p>Le drapeau flotte sur les ambassades et consulats fran\u00e7ais \u00e0 l\u2019\u00e9tranger, marquant ainsi la pr\u00e9sence officielle de la R\u00e9publique dans le monde.<\/p><h3>Les visites officielles<\/h3><p>Lors des voyages du Pr\u00e9sident de la R\u00e9publique ou des ministres \u00e0 l\u2019\u00e9tranger, le drapeau accompagne les d\u00e9l\u00e9gations fran\u00e7aises.<\/p><h3>Les expatri\u00e9s et les \u00e9v\u00e9nements culturels<\/h3><p>De nombreuses associations de Fran\u00e7ais \u00e0 l\u2019\u00e9tranger arborent le drapeau lors de leurs \u00e9v\u00e9nements, notamment le 14 juillet, pour c\u00e9l\u00e9brer leur attachement \u00e0 la patrie.<\/p>\t\t\t\t\t\t\t\t<\/div>\n\t\t\t\t<\/div>\n\t\t\t\t\t<\/div>\n\t\t<\/div>\n\t\t\t\t\t<\/div>\n\t\t<\/section>\n\t\t\t\t<section class=\"elementor-section elementor-top-section elementor-element elementor-element-0577993 elementor-section-boxed elementor-section-height-default elementor-section-height-default\" data-id=\"0577993\" data-element_type=\"section\">\n\t\t\t\t\t\t<div class=\"elementor-container elementor-column-gap-default\">\n\t\t\t\t\t<div class=\"elementor-column elementor-col-100 elementor-top-column elementor-element elementor-element-cf8cd3a\" data-id=\"cf8cd3a\" data-element_type=\"column\">\n\t\t\t<div class=\"elementor-widget-wrap elementor-element-populated\">\n\t\t\t\t\t\t<div class=\"elementor-element elementor-element-f004473 elementor-widget-divider--view-line elementor-widget elementor-widget-divider\" data-id=\"f004473\" data-element_type=\"widget\" data-widget_type=\"divider.default\">\n\t\t\t\t<div class=\"elementor-widget-container\">\n\t\t\t\t\t\t\t<div class=\"elementor-divider\">\n\t\t\t<span class=\"elementor-divider-separator\">\n\t\t\t\t\t\t<\/span>\n\t\t<\/div>\n\t\t\t\t\t\t<\/div>\n\t\t\t\t<\/div>\n\t\t\t\t\t<\/div>\n\t\t<\/div>\n\t\t\t\t\t<\/div>\n\t\t<\/section>\n\t\t\t\t<section class=\"elementor-section elementor-top-section elementor-element elementor-element-25790aa elementor-section-boxed elementor-section-height-default elementor-section-height-default\" data-id=\"25790aa\" data-element_type=\"section\">\n\t\t\t\t\t\t<div class=\"elementor-container elementor-column-gap-default\">\n\t\t\t\t\t<div class=\"elementor-column elementor-col-100 elementor-top-column elementor-element elementor-element-510d820\" data-id=\"510d820\" data-element_type=\"column\">\n\t\t\t<div class=\"elementor-widget-wrap elementor-element-populated\">\n\t\t\t\t\t\t<div class=\"elementor-element elementor-element-f5a0998 elementor-widget elementor-widget-text-editor\" data-id=\"f5a0998\" data-element_type=\"widget\" data-widget_type=\"text-editor.default\">\n\t\t\t\t<div class=\"elementor-widget-container\">\n\t\t\t\t\t\t\t\t\t<h3>Vous souhaitez lire d&#8217;autres articles sur le drapeau fran\u00e7ais ?<\/h3>\t\t\t\t\t\t\t\t<\/div>\n\t\t\t\t<\/div>\n\t\t\t\t\t<\/div>\n\t\t<\/div>\n\t\t\t\t\t<\/div>\n\t\t<\/section>\n\t\t\t\t<section class=\"elementor-section elementor-top-section elementor-element elementor-element-9af50bf elementor-section-boxed elementor-section-height-default elementor-section-height-default\" data-id=\"9af50bf\" data-element_type=\"section\">\n\t\t\t\t\t\t<div class=\"elementor-container elementor-column-gap-default\">\n\t\t\t\t\t<div class=\"elementor-column elementor-col-100 elementor-top-column elementor-element elementor-element-ca8fcb5\" data-id=\"ca8fcb5\" data-element_type=\"column\">\n\t\t\t<div class=\"elementor-widget-wrap elementor-element-populated\">\n\t\t\t\t\t\t<div class=\"elementor-element elementor-element-e036cbc elementor-widget elementor-widget-text-editor\" data-id=\"e036cbc\" data-element_type=\"widget\" data-widget_type=\"text-editor.default\">\n\t\t\t\t<div class=\"elementor-widget-container\">\n\t\t\t\t\t\t\t\t\t<p><blockquote class=\"wp-embedded-content\" data-secret=\"IkNygnkzsn\"><a href=\"https:\/\/www.macapflag.com\/blog\/drapeau-france\/\">Les univers du drapeau France<\/a><\/blockquote><iframe class=\"wp-embedded-content\" sandbox=\"allow-scripts\" security=\"restricted\" style=\"position: absolute; visibility: hidden;\" title=\"\u00ab\u00a0Les univers du drapeau France\u00a0\u00bb &#8212; Blog - Macap\" src=\"https:\/\/www.macapflag.com\/blog\/drapeau-france\/embed\/#?secret=ZEWAoNpFZf#?secret=IkNygnkzsn\" data-secret=\"IkNygnkzsn\" width=\"600\" height=\"338\" frameborder=\"0\" marginwidth=\"0\" marginheight=\"0\" scrolling=\"no\"><\/iframe><\/p><p><blockquote class=\"wp-embedded-content\" data-secret=\"Ut39fYZYAE\"><a href=\"https:\/\/www.macapflag.com\/blog\/drapeau-francais\/\">Comment fabrique-t-on un drapeau fran\u00e7ais, impression ou confection ?<\/a><\/blockquote><iframe class=\"wp-embedded-content\" sandbox=\"allow-scripts\" security=\"restricted\" style=\"position: absolute; visibility: hidden;\" title=\"\u00ab\u00a0Comment fabrique-t-on un drapeau fran\u00e7ais, impression ou confection ?\u00a0\u00bb &#8212; Blog - Macap\" src=\"https:\/\/www.macapflag.com\/blog\/drapeau-francais\/embed\/#?secret=zU8RnE2eVy#?secret=Ut39fYZYAE\" data-secret=\"Ut39fYZYAE\" width=\"600\" height=\"338\" frameborder=\"0\" marginwidth=\"0\" marginheight=\"0\" scrolling=\"no\"><\/iframe><\/p><p><blockquote class=\"wp-embedded-content\" data-secret=\"iqVPiB7fnm\"><a href=\"https:\/\/www.macapflag.com\/blog\/chanson\/\">Le drapeau dans la chanson fran\u00e7aise : Un symbole fort en paroles et en musique<\/a><\/blockquote><iframe class=\"wp-embedded-content\" sandbox=\"allow-scripts\" security=\"restricted\" style=\"position: absolute; visibility: hidden;\" title=\"\u00ab\u00a0Le drapeau dans la chanson fran\u00e7aise : Un symbole fort en paroles et en musique\u00a0\u00bb &#8212; Blog - Macap\" src=\"https:\/\/www.macapflag.com\/blog\/chanson\/embed\/#?secret=Vuz6Kq15LS#?secret=iqVPiB7fnm\" data-secret=\"iqVPiB7fnm\" width=\"600\" height=\"338\" frameborder=\"0\" marginwidth=\"0\" marginheight=\"0\" scrolling=\"no\"><\/iframe><\/p><p><blockquote class=\"wp-embedded-content\" data-secret=\"gTuFx03tsd\"><a href=\"https:\/\/www.macapflag.com\/blog\/litterature\/\">Les drapeaux dans la litt\u00e9rature fran\u00e7aise, de puissants symboles d&rsquo;identit\u00e9<\/a><\/blockquote><iframe class=\"wp-embedded-content\" sandbox=\"allow-scripts\" security=\"restricted\" style=\"position: absolute; visibility: hidden;\" title=\"\u00ab\u00a0Les drapeaux dans la litt\u00e9rature fran\u00e7aise, de puissants symboles d&rsquo;identit\u00e9\u00a0\u00bb &#8212; Blog - Macap\" src=\"https:\/\/www.macapflag.com\/blog\/litterature\/embed\/#?secret=E81ekIernC#?secret=gTuFx03tsd\" data-secret=\"gTuFx03tsd\" width=\"600\" height=\"338\" frameborder=\"0\" marginwidth=\"0\" marginheight=\"0\" scrolling=\"no\"><\/iframe><\/p><p><blockquote class=\"wp-embedded-content\" data-secret=\"1cmGC8zhF0\"><a href=\"https:\/\/www.macapflag.com\/blog\/10-choses-a-savoir-sur-les-protocoles-et-usages-des-drapeaux-des-pays\/\">10 choses \u00e0 savoir sur les protocoles et usages des drapeaux des pays<\/a><\/blockquote><iframe class=\"wp-embedded-content\" sandbox=\"allow-scripts\" security=\"restricted\" style=\"position: absolute; visibility: hidden;\" title=\"\u00ab\u00a010 choses \u00e0 savoir sur les protocoles et usages des drapeaux des pays\u00a0\u00bb &#8212; Blog - Macap\" src=\"https:\/\/www.macapflag.com\/blog\/10-choses-a-savoir-sur-les-protocoles-et-usages-des-drapeaux-des-pays\/embed\/#?secret=eJoKtFZUmt#?secret=1cmGC8zhF0\" data-secret=\"1cmGC8zhF0\" width=\"600\" height=\"338\" frameborder=\"0\" marginwidth=\"0\" marginheight=\"0\" scrolling=\"no\"><\/iframe><\/p><p><blockquote class=\"wp-embedded-content\" data-secret=\"xzCvJ15qH6\"><a href=\"https:\/\/www.macapflag.com\/blog\/tout-savoir-sur-la-mise-en-berne-dun-drapeau\/\">Tout savoir sur la mise en berne d&rsquo;un drapeau<\/a><\/blockquote><iframe class=\"wp-embedded-content\" sandbox=\"allow-scripts\" security=\"restricted\" style=\"position: absolute; visibility: hidden;\" title=\"\u00ab\u00a0Tout savoir sur la mise en berne d&rsquo;un drapeau\u00a0\u00bb &#8212; Blog - Macap\" src=\"https:\/\/www.macapflag.com\/blog\/tout-savoir-sur-la-mise-en-berne-dun-drapeau\/embed\/#?secret=UqiQudK7t6#?secret=xzCvJ15qH6\" data-secret=\"xzCvJ15qH6\" width=\"600\" height=\"338\" frameborder=\"0\" marginwidth=\"0\" marginheight=\"0\" scrolling=\"no\"><\/iframe><\/p><p><blockquote class=\"wp-embedded-content\" data-secret=\"88JnKSPqm6\"><a href=\"https:\/\/www.macapflag.com\/blog\/5-choses-a-savoir-sur-le-drapeau-francais\/\">5 choses \u00e0 savoir sur le drapeau fran\u00e7ais<\/a><\/blockquote><iframe class=\"wp-embedded-content\" sandbox=\"allow-scripts\" security=\"restricted\" style=\"position: absolute; visibility: hidden;\" title=\"\u00ab\u00a05 choses \u00e0 savoir sur le drapeau fran\u00e7ais\u00a0\u00bb &#8212; Blog - Macap\" src=\"https:\/\/www.macapflag.com\/blog\/5-choses-a-savoir-sur-le-drapeau-francais\/embed\/#?secret=ChuF6Bt6zG#?secret=88JnKSPqm6\" data-secret=\"88JnKSPqm6\" width=\"600\" height=\"338\" frameborder=\"0\" marginwidth=\"0\" marginheight=\"0\" scrolling=\"no\"><\/iframe><\/p><p><blockquote class=\"wp-embedded-content\" data-secret=\"7XtuYOrqvi\"><a href=\"https:\/\/www.macapflag.com\/blog\/symbole-drapeau\/\">La charge symbolique du drapeau<\/a><\/blockquote><iframe class=\"wp-embedded-content\" sandbox=\"allow-scripts\" security=\"restricted\" style=\"position: absolute; visibility: hidden;\" title=\"\u00ab\u00a0La charge symbolique du drapeau\u00a0\u00bb &#8212; Blog - Macap\" src=\"https:\/\/www.macapflag.com\/blog\/symbole-drapeau\/embed\/#?secret=RKWhJKwHhz#?secret=7XtuYOrqvi\" data-secret=\"7XtuYOrqvi\" width=\"600\" height=\"338\" frameborder=\"0\" marginwidth=\"0\" marginheight=\"0\" scrolling=\"no\"><\/iframe><\/p>\t\t\t\t\t\t\t\t<\/div>\n\t\t\t\t<\/div>\n\t\t\t\t\t<\/div>\n\t\t<\/div>\n\t\t\t\t\t<\/div>\n\t\t<\/section>\n\t\t\t\t<section class=\"elementor-section elementor-top-section elementor-element elementor-element-16fb41b elementor-section-boxed elementor-section-height-default elementor-section-height-default\" data-id=\"16fb41b\" data-element_type=\"section\">\n\t\t\t\t\t\t<div class=\"elementor-container elementor-column-gap-default\">\n\t\t\t\t\t<div class=\"elementor-column elementor-col-100 elementor-top-column elementor-element elementor-element-982675c\" data-id=\"982675c\" data-element_type=\"column\">\n\t\t\t<div class=\"elementor-widget-wrap elementor-element-populated\">\n\t\t\t\t\t\t<div class=\"elementor-element elementor-element-7cdf272 elementor-widget elementor-widget-text-editor\" data-id=\"7cdf272\" data-element_type=\"widget\" data-widget_type=\"text-editor.default\">\n\t\t\t\t<div class=\"elementor-widget-container\">\n\t\t\t\t\t\t\t\t\t<h4>Pour acheter votre drapeau, faites confiance \u00e0 Macap, imprimeur fran\u00e7ais sp\u00e9cialiste du drapeau fran\u00e7ais sous toutes ses formes.<\/h4>\t\t\t\t\t\t\t\t<\/div>\n\t\t\t\t<\/div>\n\t\t\t\t\t<\/div>\n\t\t<\/div>\n\t\t\t\t\t<\/div>\n\t\t<\/section>\n\t\t\t\t<section class=\"elementor-section elementor-top-section elementor-element elementor-element-797183d elementor-section-boxed elementor-section-height-default elementor-section-height-default\" data-id=\"797183d\" data-element_type=\"section\">\n\t\t\t\t\t\t<div class=\"elementor-container elementor-column-gap-default\">\n\t\t\t\t\t<div class=\"elementor-column elementor-col-33 elementor-top-column elementor-element elementor-element-5ed4aaf\" data-id=\"5ed4aaf\" data-element_type=\"column\">\n\t\t\t<div class=\"elementor-widget-wrap elementor-element-populated\">\n\t\t\t\t\t\t<div class=\"elementor-element elementor-element-b081120 elementor-widget elementor-widget-shortcode\" data-id=\"b081120\" data-element_type=\"widget\" data-widget_type=\"shortcode.default\">\n\t\t\t\t<div class=\"elementor-widget-container\">\n\t\t\t\t\t\t\t<div class=\"elementor-shortcode\"><div class=\"container p-0 m-0\">\n    <div class=\"row m-0 border\">\n        <div class=\"col-12 grid-didpd-body text-center\">\n            <img decoding=\"async\" src=\"https:\/\/www.macapflag.com\/1857560-home_default\/drapeau-francais-officiel.jpg\" alt=\"Drapeau France pour m&acirc;t &agrave; drapeaux\" class=\"mx-auto\" \/>\n            <div class=\"grid-didpd-text\">\n                <a href=\"https:\/\/www.macapflag.com\/drapeau-pays-pour-mat\/33-drapeau-francais-officiel.html\" target=\"_blank\" class=\"stretched-link\">\n                    <h3>Drapeau France pour m\u00e2t \u00e0 drapeaux<\/h3>\n                <\/a>\n            <\/div>\n                        <p class=\"text-center font-weight-bold\">6,00 \u20ac HT<\/p>            <div class=\"text-center\">\n                <button class=\"btn btn-primary\">Achat drapeau France<\/button>\n            <\/div>\n        <\/div>\n    <\/div>\n<\/div>\n<\/div>\n\t\t\t\t\t\t<\/div>\n\t\t\t\t<\/div>\n\t\t\t\t\t<\/div>\n\t\t<\/div>\n\t\t\t\t<div class=\"elementor-column elementor-col-33 elementor-top-column elementor-element elementor-element-2b2e892\" data-id=\"2b2e892\" data-element_type=\"column\">\n\t\t\t<div class=\"elementor-widget-wrap elementor-element-populated\">\n\t\t\t\t\t\t<div class=\"elementor-element elementor-element-e6c90be elementor-widget elementor-widget-shortcode\" data-id=\"e6c90be\" data-element_type=\"widget\" data-widget_type=\"shortcode.default\">\n\t\t\t\t<div class=\"elementor-widget-container\">\n\t\t\t\t\t\t\t<div class=\"elementor-shortcode\"><div class=\"container p-0 m-0\">\n    <div class=\"row m-0 border\">\n        <div class=\"col-12 grid-didpd-body text-center\">\n            <img decoding=\"async\" src=\"https:\/\/www.macapflag.com\/1857561-home_default\/drapeau-officiel-classique-francais.jpg\" alt=\"Drapeau France sur hampe\" class=\"mx-auto\" \/>\n            <div class=\"grid-didpd-text\">\n                <a href=\"https:\/\/www.macapflag.com\/drapeau-pays-avec-hampe\/303-drapeau-officiel-classique-francais.html\" target=\"_blank\" class=\"stretched-link\">\n                    <h3>Drapeau France sur hampe<\/h3>\n                <\/a>\n            <\/div>\n                        <p class=\"text-center font-weight-bold\">9,50 \u20ac HT<\/p>            <div class=\"text-center\">\n                <button class=\"btn btn-primary\">Achat drapeau France<\/button>\n            <\/div>\n        <\/div>\n    <\/div>\n<\/div>\n<\/div>\n\t\t\t\t\t\t<\/div>\n\t\t\t\t<\/div>\n\t\t\t\t\t<\/div>\n\t\t<\/div>\n\t\t\t\t<div class=\"elementor-column elementor-col-33 elementor-top-column elementor-element elementor-element-a809091\" data-id=\"a809091\" data-element_type=\"column\">\n\t\t\t<div class=\"elementor-widget-wrap elementor-element-populated\">\n\t\t\t\t\t\t<div class=\"elementor-element elementor-element-4adc73b elementor-widget elementor-widget-shortcode\" data-id=\"4adc73b\" data-element_type=\"widget\" data-widget_type=\"shortcode.default\">\n\t\t\t\t<div class=\"elementor-widget-container\">\n\t\t\t\t\t\t\t<div class=\"elementor-shortcode\"><div class=\"container p-0 m-0\">\n    <div class=\"row m-0 border\">\n        <div class=\"col-12 grid-didpd-body text-center\">\n            <img decoding=\"async\" src=\"https:\/\/www.macapflag.com\/1860024-home_default\/drapeau-officiel-a-agiter-francais-.jpg\" alt=\"Drapeau France &agrave; agiter (le lot de 100 ex.)\" class=\"mx-auto\" \/>\n            <div class=\"grid-didpd-text\">\n                <a href=\"https:\/\/www.macapflag.com\/drapeau-pays-avec-hampe\/321-drapeau-officiel-a-agiter-francais-.html\" target=\"_blank\" class=\"stretched-link\">\n                    <h3>Drapeau France \u00e0 agiter (le lot de 100 ex.)<\/h3>\n                <\/a>\n            <\/div>\n                        <p class=\"text-center font-weight-bold\">34,00 \u20ac HT<\/p>            <div class=\"text-center\">\n                <button class=\"btn btn-primary\">Achat drapeau France<\/button>\n            <\/div>\n        <\/div>\n    <\/div>\n<\/div>\n<\/div>\n\t\t\t\t\t\t<\/div>\n\t\t\t\t<\/div>\n\t\t\t\t\t<\/div>\n\t\t<\/div>\n\t\t\t\t\t<\/div>\n\t\t<\/section>\n\t\t\t\t<\/div>\n\t\t","protected":false},"excerpt":{"rendered":"<div class=\"tmnf_excerpt\"><p>Le drapeau tricolore bleu, blanc, rouge est bien plus qu\u2019un simple symbole national. Il incarne l\u2019identit\u00e9 et les valeurs de la R\u00e9publique fran\u00e7aise. Il se d\u00e9ploie dans de nombreuses occasions, qu\u2019elles soient officielles, comm\u00e9moratives, sportives ou festives. Pour honorer la m\u00e9moire des h\u00e9ros de la nation, c\u00e9l\u00e9brer une victoire ou marquer l\u2019appartenance \u00e0 une manifestation, &hellip;<\/p>\n<\/div>","protected":false},"author":2,"featured_media":18159,"comment_status":"closed","ping_status":"open","sticky":false,"template":"template-fullwidth.php","format":"standard","meta":{"footnotes":""},"categories":[93,90],"tags":[],"class_list":["post-18157","post","type-post","status-publish","format-standard","has-post-thumbnail","hentry","category-com","category-produits-et-sols"],"yoast_head":"<!-- This site is optimized with the Yoast SEO plugin v26.4 - https:\/\/yoast.com\/wordpress\/plugins\/seo\/ -->\n<title>\u00c0 quelles occasions utilise-t-on un drapeau fran\u00e7ais ? Blog - Macap<\/title>\n<meta name=\"description\" content=\"Toutes les opportunit\u00e9s de d\u00e9ployer le drapeau fran\u00e7ais, \u00e9v\u00e8nements officiels, sportifs, manifestations solidaires et autres occasions\" \/>\n<meta name=\"robots\" content=\"index, follow, max-snippet:-1, max-image-preview:large, max-video-preview:-1\" \/>\n<link rel=\"canonical\" href=\"https:\/\/www.macapflag.com\/blog\/a-quelles-occasions-utilise-t-on-un-drapeau-francais\/\" \/>\n<meta property=\"og:locale\" content=\"fr_FR\" \/>\n<meta property=\"og:type\" content=\"article\" \/>\n<meta property=\"og:title\" content=\"\u00c0 quelles occasions utilise-t-on un drapeau fran\u00e7ais ? Blog - Macap\" \/>\n<meta property=\"og:description\" content=\"Toutes les opportunit\u00e9s de d\u00e9ployer le drapeau fran\u00e7ais, \u00e9v\u00e8nements officiels, sportifs, manifestations solidaires et autres occasions\" \/>\n<meta property=\"og:url\" content=\"https:\/\/www.macapflag.com\/blog\/a-quelles-occasions-utilise-t-on-un-drapeau-francais\/\" \/>\n<meta property=\"og:site_name\" content=\"Blog - Macap\" \/>\n<meta property=\"article:publisher\" content=\"https:\/\/www.facebook.com\/macap.pavoisement\/\" \/>\n<meta property=\"article:published_time\" content=\"2025-05-16T06:00:08+00:00\" \/>\n<meta property=\"og:image\" content=\"https:\/\/www.macapflag.com\/blog\/wp-content\/uploads\/2024\/07\/a-quelles-occasion-drap-francais-TITRE-b.jpg\" \/>\n\t<meta property=\"og:image:width\" content=\"870\" \/>\n\t<meta property=\"og:image:height\" content=\"600\" \/>\n\t<meta property=\"og:image:type\" content=\"image\/jpeg\" \/>\n<meta name=\"author\" content=\"Blog Macap\" \/>\n<meta name=\"twitter:card\" content=\"summary_large_image\" \/>\n<meta name=\"twitter:label1\" content=\"\u00c9crit par\" \/>\n\t<meta name=\"twitter:data1\" content=\"Blog Macap\" \/>\n\t<meta name=\"twitter:label2\" content=\"Dur\u00e9e de lecture estim\u00e9e\" \/>\n\t<meta name=\"twitter:data2\" content=\"7 minutes\" \/>\n<script type=\"application\/ld+json\" class=\"yoast-schema-graph\">{\"@context\":\"https:\/\/schema.org\",\"@graph\":[{\"@type\":\"Article\",\"@id\":\"https:\/\/www.macapflag.com\/blog\/a-quelles-occasions-utilise-t-on-un-drapeau-francais\/#article\",\"isPartOf\":{\"@id\":\"https:\/\/www.macapflag.com\/blog\/a-quelles-occasions-utilise-t-on-un-drapeau-francais\/\"},\"author\":{\"name\":\"Blog Macap\",\"@id\":\"https:\/\/www.macapflag.com\/blog\/#\/schema\/person\/3fea701f2603875e651e6b662578fc3c\"},\"headline\":\"\u00c0 quelles occasions utilise-t-on un drapeau fran\u00e7ais ?\",\"datePublished\":\"2025-05-16T06:00:08+00:00\",\"mainEntityOfPage\":{\"@id\":\"https:\/\/www.macapflag.com\/blog\/a-quelles-occasions-utilise-t-on-un-drapeau-francais\/\"},\"wordCount\":1505,\"publisher\":{\"@id\":\"https:\/\/www.macapflag.com\/blog\/#organization\"},\"image\":{\"@id\":\"https:\/\/www.macapflag.com\/blog\/a-quelles-occasions-utilise-t-on-un-drapeau-francais\/#primaryimage\"},\"thumbnailUrl\":\"https:\/\/www.macapflag.com\/blog\/wp-content\/uploads\/2024\/07\/a-quelles-occasion-drap-francais-TITRE-b.jpg\",\"articleSection\":[\"Le monde de la Com'\",\"Produits &amp; Solutions\"],\"inLanguage\":\"fr-FR\"},{\"@type\":\"WebPage\",\"@id\":\"https:\/\/www.macapflag.com\/blog\/a-quelles-occasions-utilise-t-on-un-drapeau-francais\/\",\"url\":\"https:\/\/www.macapflag.com\/blog\/a-quelles-occasions-utilise-t-on-un-drapeau-francais\/\",\"name\":\"\u00c0 quelles occasions utilise-t-on un drapeau fran\u00e7ais ? Blog - Macap\",\"isPartOf\":{\"@id\":\"https:\/\/www.macapflag.com\/blog\/#website\"},\"primaryImageOfPage\":{\"@id\":\"https:\/\/www.macapflag.com\/blog\/a-quelles-occasions-utilise-t-on-un-drapeau-francais\/#primaryimage\"},\"image\":{\"@id\":\"https:\/\/www.macapflag.com\/blog\/a-quelles-occasions-utilise-t-on-un-drapeau-francais\/#primaryimage\"},\"thumbnailUrl\":\"https:\/\/www.macapflag.com\/blog\/wp-content\/uploads\/2024\/07\/a-quelles-occasion-drap-francais-TITRE-b.jpg\",\"datePublished\":\"2025-05-16T06:00:08+00:00\",\"description\":\"Toutes les opportunit\u00e9s de d\u00e9ployer le drapeau fran\u00e7ais, \u00e9v\u00e8nements officiels, sportifs, manifestations solidaires et autres occasions\",\"breadcrumb\":{\"@id\":\"https:\/\/www.macapflag.com\/blog\/a-quelles-occasions-utilise-t-on-un-drapeau-francais\/#breadcrumb\"},\"inLanguage\":\"fr-FR\",\"potentialAction\":[{\"@type\":\"ReadAction\",\"target\":[\"https:\/\/www.macapflag.com\/blog\/a-quelles-occasions-utilise-t-on-un-drapeau-francais\/\"]}]},{\"@type\":\"ImageObject\",\"inLanguage\":\"fr-FR\",\"@id\":\"https:\/\/www.macapflag.com\/blog\/a-quelles-occasions-utilise-t-on-un-drapeau-francais\/#primaryimage\",\"url\":\"https:\/\/www.macapflag.com\/blog\/wp-content\/uploads\/2024\/07\/a-quelles-occasion-drap-francais-TITRE-b.jpg\",\"contentUrl\":\"https:\/\/www.macapflag.com\/blog\/wp-content\/uploads\/2024\/07\/a-quelles-occasion-drap-francais-TITRE-b.jpg\",\"width\":870,\"height\":600,\"caption\":\"Usage drapeau fran\u00e7ais pour \u00e9v\u00e8nement\"},{\"@type\":\"BreadcrumbList\",\"@id\":\"https:\/\/www.macapflag.com\/blog\/a-quelles-occasions-utilise-t-on-un-drapeau-francais\/#breadcrumb\",\"itemListElement\":[{\"@type\":\"ListItem\",\"position\":1,\"name\":\"Accueil\",\"item\":\"https:\/\/www.macapflag.com\/blog\/\"},{\"@type\":\"ListItem\",\"position\":2,\"name\":\"\u00c0 quelles occasions utilise-t-on un drapeau fran\u00e7ais ?\"}]},{\"@type\":\"WebSite\",\"@id\":\"https:\/\/www.macapflag.com\/blog\/#website\",\"url\":\"https:\/\/www.macapflag.com\/blog\/\",\"name\":\"Blog - Macap\",\"description\":\"Tous nos articles\",\"publisher\":{\"@id\":\"https:\/\/www.macapflag.com\/blog\/#organization\"},\"potentialAction\":[{\"@type\":\"SearchAction\",\"target\":{\"@type\":\"EntryPoint\",\"urlTemplate\":\"https:\/\/www.macapflag.com\/blog\/?s={search_term_string}\"},\"query-input\":{\"@type\":\"PropertyValueSpecification\",\"valueRequired\":true,\"valueName\":\"search_term_string\"}}],\"inLanguage\":\"fr-FR\"},{\"@type\":\"Organization\",\"@id\":\"https:\/\/www.macapflag.com\/blog\/#organization\",\"name\":\"macapflag\",\"url\":\"https:\/\/www.macapflag.com\/blog\/\",\"logo\":{\"@type\":\"ImageObject\",\"inLanguage\":\"fr-FR\",\"@id\":\"https:\/\/www.macapflag.com\/blog\/#\/schema\/logo\/image\/\",\"url\":\"https:\/\/www.macapflag.com\/blog\/wp-content\/uploads\/2020\/12\/cropped-M-512-1.png\",\"contentUrl\":\"https:\/\/www.macapflag.com\/blog\/wp-content\/uploads\/2020\/12\/cropped-M-512-1.png\",\"width\":512,\"height\":512,\"caption\":\"macapflag\"},\"image\":{\"@id\":\"https:\/\/www.macapflag.com\/blog\/#\/schema\/logo\/image\/\"},\"sameAs\":[\"https:\/\/www.facebook.com\/macap.pavoisement\/\",\"https:\/\/www.instagram.com\/macapflag\/?hl=fr\",\"https:\/\/www.linkedin.com\/company\/macap\/?originalSubdomain=fr\",\"https:\/\/www.youtube.com\/channel\/UCXNzTIdZh9poEBjSXEqDtNw\"]},{\"@type\":\"Person\",\"@id\":\"https:\/\/www.macapflag.com\/blog\/#\/schema\/person\/3fea701f2603875e651e6b662578fc3c\",\"name\":\"Blog Macap\",\"image\":{\"@type\":\"ImageObject\",\"inLanguage\":\"fr-FR\",\"@id\":\"https:\/\/www.macapflag.com\/blog\/#\/schema\/person\/image\/\",\"url\":\"https:\/\/secure.gravatar.com\/avatar\/c12551f2dc51f0db049633b03e7856985477a70da834cc8967dea4ce54bdd6a2?s=96&d=mm&r=g\",\"contentUrl\":\"https:\/\/secure.gravatar.com\/avatar\/c12551f2dc51f0db049633b03e7856985477a70da834cc8967dea4ce54bdd6a2?s=96&d=mm&r=g\",\"caption\":\"Blog Macap\"},\"url\":\"https:\/\/www.macapflag.com\/blog\/author\/macap\/\"}]}<\/script>\n<!-- \/ Yoast SEO plugin. -->","yoast_head_json":{"title":"\u00c0 quelles occasions utilise-t-on un drapeau fran\u00e7ais ? Blog - Macap","description":"Toutes les opportunit\u00e9s de d\u00e9ployer le drapeau fran\u00e7ais, \u00e9v\u00e8nements officiels, sportifs, manifestations solidaires et autres occasions","robots":{"index":"index","follow":"follow","max-snippet":"max-snippet:-1","max-image-preview":"max-image-preview:large","max-video-preview":"max-video-preview:-1"},"canonical":"https:\/\/www.macapflag.com\/blog\/a-quelles-occasions-utilise-t-on-un-drapeau-francais\/","og_locale":"fr_FR","og_type":"article","og_title":"\u00c0 quelles occasions utilise-t-on un drapeau fran\u00e7ais ? Blog - Macap","og_description":"Toutes les opportunit\u00e9s de d\u00e9ployer le drapeau fran\u00e7ais, \u00e9v\u00e8nements officiels, sportifs, manifestations solidaires et autres occasions","og_url":"https:\/\/www.macapflag.com\/blog\/a-quelles-occasions-utilise-t-on-un-drapeau-francais\/","og_site_name":"Blog - Macap","article_publisher":"https:\/\/www.facebook.com\/macap.pavoisement\/","article_published_time":"2025-05-16T06:00:08+00:00","og_image":[{"width":870,"height":600,"url":"https:\/\/www.macapflag.com\/blog\/wp-content\/uploads\/2024\/07\/a-quelles-occasion-drap-francais-TITRE-b.jpg","type":"image\/jpeg"}],"author":"Blog Macap","twitter_card":"summary_large_image","twitter_misc":{"\u00c9crit par":"Blog Macap","Dur\u00e9e de lecture estim\u00e9e":"7 minutes"},"schema":{"@context":"https:\/\/schema.org","@graph":[{"@type":"Article","@id":"https:\/\/www.macapflag.com\/blog\/a-quelles-occasions-utilise-t-on-un-drapeau-francais\/#article","isPartOf":{"@id":"https:\/\/www.macapflag.com\/blog\/a-quelles-occasions-utilise-t-on-un-drapeau-francais\/"},"author":{"name":"Blog Macap","@id":"https:\/\/www.macapflag.com\/blog\/#\/schema\/person\/3fea701f2603875e651e6b662578fc3c"},"headline":"\u00c0 quelles occasions utilise-t-on un drapeau fran\u00e7ais ?","datePublished":"2025-05-16T06:00:08+00:00","mainEntityOfPage":{"@id":"https:\/\/www.macapflag.com\/blog\/a-quelles-occasions-utilise-t-on-un-drapeau-francais\/"},"wordCount":1505,"publisher":{"@id":"https:\/\/www.macapflag.com\/blog\/#organization"},"image":{"@id":"https:\/\/www.macapflag.com\/blog\/a-quelles-occasions-utilise-t-on-un-drapeau-francais\/#primaryimage"},"thumbnailUrl":"https:\/\/www.macapflag.com\/blog\/wp-content\/uploads\/2024\/07\/a-quelles-occasion-drap-francais-TITRE-b.jpg","articleSection":["Le monde de la Com'","Produits &amp; Solutions"],"inLanguage":"fr-FR"},{"@type":"WebPage","@id":"https:\/\/www.macapflag.com\/blog\/a-quelles-occasions-utilise-t-on-un-drapeau-francais\/","url":"https:\/\/www.macapflag.com\/blog\/a-quelles-occasions-utilise-t-on-un-drapeau-francais\/","name":"\u00c0 quelles occasions utilise-t-on un drapeau fran\u00e7ais ? Blog - Macap","isPartOf":{"@id":"https:\/\/www.macapflag.com\/blog\/#website"},"primaryImageOfPage":{"@id":"https:\/\/www.macapflag.com\/blog\/a-quelles-occasions-utilise-t-on-un-drapeau-francais\/#primaryimage"},"image":{"@id":"https:\/\/www.macapflag.com\/blog\/a-quelles-occasions-utilise-t-on-un-drapeau-francais\/#primaryimage"},"thumbnailUrl":"https:\/\/www.macapflag.com\/blog\/wp-content\/uploads\/2024\/07\/a-quelles-occasion-drap-francais-TITRE-b.jpg","datePublished":"2025-05-16T06:00:08+00:00","description":"Toutes les opportunit\u00e9s de d\u00e9ployer le drapeau fran\u00e7ais, \u00e9v\u00e8nements officiels, sportifs, manifestations solidaires et autres occasions","breadcrumb":{"@id":"https:\/\/www.macapflag.com\/blog\/a-quelles-occasions-utilise-t-on-un-drapeau-francais\/#breadcrumb"},"inLanguage":"fr-FR","potentialAction":[{"@type":"ReadAction","target":["https:\/\/www.macapflag.com\/blog\/a-quelles-occasions-utilise-t-on-un-drapeau-francais\/"]}]},{"@type":"ImageObject","inLanguage":"fr-FR","@id":"https:\/\/www.macapflag.com\/blog\/a-quelles-occasions-utilise-t-on-un-drapeau-francais\/#primaryimage","url":"https:\/\/www.macapflag.com\/blog\/wp-content\/uploads\/2024\/07\/a-quelles-occasion-drap-francais-TITRE-b.jpg","contentUrl":"https:\/\/www.macapflag.com\/blog\/wp-content\/uploads\/2024\/07\/a-quelles-occasion-drap-francais-TITRE-b.jpg","width":870,"height":600,"caption":"Usage drapeau fran\u00e7ais pour \u00e9v\u00e8nement"},{"@type":"BreadcrumbList","@id":"https:\/\/www.macapflag.com\/blog\/a-quelles-occasions-utilise-t-on-un-drapeau-francais\/#breadcrumb","itemListElement":[{"@type":"ListItem","position":1,"name":"Accueil","item":"https:\/\/www.macapflag.com\/blog\/"},{"@type":"ListItem","position":2,"name":"\u00c0 quelles occasions utilise-t-on un drapeau fran\u00e7ais ?"}]},{"@type":"WebSite","@id":"https:\/\/www.macapflag.com\/blog\/#website","url":"https:\/\/www.macapflag.com\/blog\/","name":"Blog - Macap","description":"Tous nos articles","publisher":{"@id":"https:\/\/www.macapflag.com\/blog\/#organization"},"potentialAction":[{"@type":"SearchAction","target":{"@type":"EntryPoint","urlTemplate":"https:\/\/www.macapflag.com\/blog\/?s={search_term_string}"},"query-input":{"@type":"PropertyValueSpecification","valueRequired":true,"valueName":"search_term_string"}}],"inLanguage":"fr-FR"},{"@type":"Organization","@id":"https:\/\/www.macapflag.com\/blog\/#organization","name":"macapflag","url":"https:\/\/www.macapflag.com\/blog\/","logo":{"@type":"ImageObject","inLanguage":"fr-FR","@id":"https:\/\/www.macapflag.com\/blog\/#\/schema\/logo\/image\/","url":"https:\/\/www.macapflag.com\/blog\/wp-content\/uploads\/2020\/12\/cropped-M-512-1.png","contentUrl":"https:\/\/www.macapflag.com\/blog\/wp-content\/uploads\/2020\/12\/cropped-M-512-1.png","width":512,"height":512,"caption":"macapflag"},"image":{"@id":"https:\/\/www.macapflag.com\/blog\/#\/schema\/logo\/image\/"},"sameAs":["https:\/\/www.facebook.com\/macap.pavoisement\/","https:\/\/www.instagram.com\/macapflag\/?hl=fr","https:\/\/www.linkedin.com\/company\/macap\/?originalSubdomain=fr","https:\/\/www.youtube.com\/channel\/UCXNzTIdZh9poEBjSXEqDtNw"]},{"@type":"Person","@id":"https:\/\/www.macapflag.com\/blog\/#\/schema\/person\/3fea701f2603875e651e6b662578fc3c","name":"Blog Macap","image":{"@type":"ImageObject","inLanguage":"fr-FR","@id":"https:\/\/www.macapflag.com\/blog\/#\/schema\/person\/image\/","url":"https:\/\/secure.gravatar.com\/avatar\/c12551f2dc51f0db049633b03e7856985477a70da834cc8967dea4ce54bdd6a2?s=96&d=mm&r=g","contentUrl":"https:\/\/secure.gravatar.com\/avatar\/c12551f2dc51f0db049633b03e7856985477a70da834cc8967dea4ce54bdd6a2?s=96&d=mm&r=g","caption":"Blog Macap"},"url":"https:\/\/www.macapflag.com\/blog\/author\/macap\/"}]}},"_links":{"self":[{"href":"https:\/\/www.macapflag.com\/blog\/wp-json\/wp\/v2\/posts\/18157","targetHints":{"allow":["GET"]}}],"collection":[{"href":"https:\/\/www.macapflag.com\/blog\/wp-json\/wp\/v2\/posts"}],"about":[{"href":"https:\/\/www.macapflag.com\/blog\/wp-json\/wp\/v2\/types\/post"}],"author":[{"embeddable":true,"href":"https:\/\/www.macapflag.com\/blog\/wp-json\/wp\/v2\/users\/2"}],"replies":[{"embeddable":true,"href":"https:\/\/www.macapflag.com\/blog\/wp-json\/wp\/v2\/comments?post=18157"}],"version-history":[{"count":32,"href":"https:\/\/www.macapflag.com\/blog\/wp-json\/wp\/v2\/posts\/18157\/revisions"}],"predecessor-version":[{"id":19991,"href":"https:\/\/www.macapflag.com\/blog\/wp-json\/wp\/v2\/posts\/18157\/revisions\/19991"}],"wp:featuredmedia":[{"embeddable":true,"href":"https:\/\/www.macapflag.com\/blog\/wp-json\/wp\/v2\/media\/18159"}],"wp:attachment":[{"href":"https:\/\/www.macapflag.com\/blog\/wp-json\/wp\/v2\/media?parent=18157"}],"wp:term":[{"taxonomy":"category","embeddable":true,"href":"https:\/\/www.macapflag.com\/blog\/wp-json\/wp\/v2\/categories?post=18157"},{"taxonomy":"post_tag","embeddable":true,"href":"https:\/\/www.macapflag.com\/blog\/wp-json\/wp\/v2\/tags?post=18157"}],"curies":[{"name":"wp","href":"https:\/\/api.w.org\/{rel}","templated":true}]}}