{"id":18390,"date":"2024-11-28T08:00:00","date_gmt":"2024-11-28T07:00:00","guid":{"rendered":"https:\/\/www.macapflag.com\/blog\/?p=18390"},"modified":"2024-09-16T10:19:34","modified_gmt":"2024-09-16T08:19:34","slug":"les-evenements-a-ne-pas-manquer-en-decembre-2024","status":"publish","type":"post","link":"https:\/\/www.macapflag.com\/blog\/les-evenements-a-ne-pas-manquer-en-decembre-2024\/","title":{"rendered":"Les \u00e9v\u00e8nements \u00e0 ne pas manquer en d\u00e9cembre 2024"},"content":{"rendered":"\t\t<div data-elementor-type=\"wp-post\" data-elementor-id=\"18390\" class=\"elementor elementor-18390\">\n\t\t\t\t\t\t<section class=\"elementor-section elementor-top-section elementor-element elementor-element-49c7c25 elementor-section-boxed elementor-section-height-default elementor-section-height-default\" data-id=\"49c7c25\" data-element_type=\"section\">\n\t\t\t\t\t\t<div class=\"elementor-container elementor-column-gap-default\">\n\t\t\t\t\t<div class=\"elementor-column elementor-col-100 elementor-top-column elementor-element elementor-element-0fbbf7e\" data-id=\"0fbbf7e\" data-element_type=\"column\">\n\t\t\t<div class=\"elementor-widget-wrap elementor-element-populated\">\n\t\t\t\t\t\t<div class=\"elementor-element elementor-element-b97dafd elementor-widget elementor-widget-text-editor\" data-id=\"b97dafd\" data-element_type=\"widget\" data-widget_type=\"text-editor.default\">\n\t\t\t\t<div class=\"elementor-widget-container\">\n\t\t\t\t\t\t\t\t\t<p>En ce mois de d\u00e9cembre, nous cl\u00f4turons cette ann\u00e9e d&#8217;\u00e9v\u00e8nements. Si le dernier mois de l&#8217;ann\u00e9e est \u00e9videmment marqu\u00e9 par les f\u00eates de No\u00ebl, il se passe aussi d&#8217;autres choses sympas en d\u00e9cembre !<\/p>\t\t\t\t\t\t\t\t<\/div>\n\t\t\t\t<\/div>\n\t\t\t\t\t<\/div>\n\t\t<\/div>\n\t\t\t\t\t<\/div>\n\t\t<\/section>\n\t\t\t\t<section class=\"elementor-section elementor-top-section elementor-element elementor-element-a2b6d3b elementor-section-boxed elementor-section-height-default elementor-section-height-default\" data-id=\"a2b6d3b\" data-element_type=\"section\">\n\t\t\t\t\t\t<div class=\"elementor-container elementor-column-gap-default\">\n\t\t\t\t\t<div class=\"elementor-column elementor-col-100 elementor-top-column elementor-element elementor-element-ef3a65c\" data-id=\"ef3a65c\" data-element_type=\"column\">\n\t\t\t<div class=\"elementor-widget-wrap elementor-element-populated\">\n\t\t\t\t\t\t<div class=\"elementor-element elementor-element-e6a7403 elementor-widget elementor-widget-spacer\" data-id=\"e6a7403\" data-element_type=\"widget\" data-widget_type=\"spacer.default\">\n\t\t\t\t<div class=\"elementor-widget-container\">\n\t\t\t\t\t\t\t<div class=\"elementor-spacer\">\n\t\t\t<div class=\"elementor-spacer-inner\"><\/div>\n\t\t<\/div>\n\t\t\t\t\t\t<\/div>\n\t\t\t\t<\/div>\n\t\t\t\t\t<\/div>\n\t\t<\/div>\n\t\t\t\t\t<\/div>\n\t\t<\/section>\n\t\t\t\t<section class=\"elementor-section elementor-top-section elementor-element elementor-element-effb571 elementor-section-boxed elementor-section-height-default elementor-section-height-default\" data-id=\"effb571\" data-element_type=\"section\">\n\t\t\t\t\t\t<div class=\"elementor-container elementor-column-gap-default\">\n\t\t\t\t\t<div class=\"elementor-column elementor-col-33 elementor-top-column elementor-element elementor-element-0241bea\" data-id=\"0241bea\" data-element_type=\"column\">\n\t\t\t<div class=\"elementor-widget-wrap elementor-element-populated\">\n\t\t\t\t\t\t<div class=\"elementor-element elementor-element-cbc88d5 elementor-widget elementor-widget-image\" data-id=\"cbc88d5\" data-element_type=\"widget\" data-widget_type=\"image.default\">\n\t\t\t\t<div class=\"elementor-widget-container\">\n\t\t\t\t\t\t\t\t\t\t\t\t\t\t\t<img decoding=\"async\" width=\"227\" height=\"189\" src=\"https:\/\/www.macapflag.com\/blog\/wp-content\/uploads\/2024\/01\/picto-fete.jpg\" class=\"attachment-large size-large wp-image-15541\" alt=\"Journ\u00e9es th\u00e9matiques et f\u00eates du mois\" \/>\t\t\t\t\t\t\t\t\t\t\t\t\t\t\t<\/div>\n\t\t\t\t<\/div>\n\t\t\t\t\t<\/div>\n\t\t<\/div>\n\t\t\t\t<div class=\"elementor-column elementor-col-66 elementor-top-column elementor-element elementor-element-aad8319\" data-id=\"aad8319\" data-element_type=\"column\">\n\t\t\t<div class=\"elementor-widget-wrap elementor-element-populated\">\n\t\t\t\t\t\t<div class=\"elementor-element elementor-element-6106fa0 elementor-widget elementor-widget-text-editor\" data-id=\"6106fa0\" data-element_type=\"widget\" data-widget_type=\"text-editor.default\">\n\t\t\t\t<div class=\"elementor-widget-container\">\n\t\t\t\t\t\t\t\t\t<h2>Les journ\u00e9es th\u00e9matiques et les f\u00eates en d\u00e9cembre 2024<\/h2>\t\t\t\t\t\t\t\t<\/div>\n\t\t\t\t<\/div>\n\t\t\t\t\t<\/div>\n\t\t<\/div>\n\t\t\t\t\t<\/div>\n\t\t<\/section>\n\t\t\t\t<section class=\"elementor-section elementor-top-section elementor-element elementor-element-8e6b783 elementor-section-boxed elementor-section-height-default elementor-section-height-default\" data-id=\"8e6b783\" data-element_type=\"section\">\n\t\t\t\t\t\t<div class=\"elementor-container elementor-column-gap-default\">\n\t\t\t\t\t<div class=\"elementor-column elementor-col-100 elementor-top-column elementor-element elementor-element-fab452d\" data-id=\"fab452d\" data-element_type=\"column\">\n\t\t\t<div class=\"elementor-widget-wrap elementor-element-populated\">\n\t\t\t\t\t\t<div class=\"elementor-element elementor-element-d1d89d1 elementor-widget elementor-widget-text-editor\" data-id=\"d1d89d1\" data-element_type=\"widget\" data-widget_type=\"text-editor.default\">\n\t\t\t\t<div class=\"elementor-widget-container\">\n\t\t\t\t\t\t\t\t\t<ul><li><strong>1\u1d49\u02b3 d\u00e9cembre : Journ\u00e9e mondiale de lutte contre le SIDA<\/strong><br \/>Une journ\u00e9e de sensibilisation et de lutte contre le VIH.<br \/>Source: <span style=\"color: #3366ff;\"><span style=\"color: #3366ff;\"><span style=\"color: #3366ff;\"><a style=\"color: #3366ff;\" href=\"https:\/\/www.aides.org\/\" target=\"_blank\" rel=\"noopener\">aides.org<\/a><\/span><\/span><\/span><\/li><\/ul><ul><li><strong>2 d\u00e9cembre : Cyber Monday<\/strong><br \/>Une journ\u00e9e de promotions en ligne qui suit le Black Friday.<\/li><\/ul><ul><li><strong>3 d\u00e9cembre : Journ\u00e9e internationale des personnes handicap\u00e9es<\/strong><br \/>Une journ\u00e9e de mise en lumi\u00e8re des droits et du bien-\u00eatre des personnes handicap\u00e9es.<br \/><a href=\"https:\/\/www.un.org\/fr\/observances\/day-of-persons-with-disabilities#:~:text=Contexte,d%C3%A9cembre%20%C3%A0%20travers%20le%20monde.\" target=\"_blank\" rel=\"noopener\"><span style=\"color: #3366ff;\">Source: Nations Unies<\/span><\/a><\/li><\/ul><ul><li><strong>6 d\u00e9cembre : Saint Nicolas<\/strong><br \/>Une f\u00eate traditionnelle particuli\u00e8rement populaire dans les pays germanophones.<\/li><\/ul><ul><li><strong>8 d\u00e9cembre : Journ\u00e9e mondiale du climat<\/strong><br \/>Une journ\u00e9e de sensibilisation aux enjeux climatiques.<br \/><a href=\"https:\/\/www.journee-mondiale.com\/187\/journee-mondiale-du-climat.htm\" target=\"_blank\" rel=\"noopener\"><span style=\"color: #3366ff;\">Source: journee-mondiale.com<\/span><\/a><br \/><br \/><\/li><li><strong>8 d\u00e9cembre : F\u00eate des lumi\u00e8res \u00e0 Lyon<\/strong><br \/>Festival annuel de lumi\u00e8res \u00e0 Lyon<br \/><a href=\"https:\/\/www.fetedeslumieres.lyon.fr\/fr\" target=\"_blank\" rel=\"noopener\"><span style=\"color: #3366ff;\">Source: fetedeslumieres.lyon.fr<\/span><\/a><br \/><br \/><\/li><li><strong>10 d\u00e9cembre : Journ\u00e9e internationale des droits de l&#8217;homme<\/strong><br \/>Une journ\u00e9e de c\u00e9l\u00e9bration de la D\u00e9claration universelle des droits de l&#8217;homme. <a href=\"https:\/\/www.education.gouv.fr\/journee-internationale-des-droits-de-l-homme-9971#:~:text=Le%2010%20d%C3%A9cembre%20constitue%20une,les%20droits%20de%20l'Homme.\" target=\"_blank\" rel=\"noopener\"><span style=\"color: #3366ff;\">Source : education.gouv.fr<\/span><\/a><br \/><br \/><\/li><li><strong>18 d\u00e9cembre : Journ\u00e9e internationale des migrants<\/strong><br \/>Une action de sensibilisation aux droits des migrants.<br \/><a href=\"https:\/\/www.un.org\/fr\/observances\/tourism-day\" target=\"_blank\" rel=\"noopener\"><span style=\"color: #3366ff;\">Source : Nations Unies<\/span><\/a><br \/><br \/><\/li><li><strong>20 d\u00e9cembre : Journ\u00e9e mondiale du pull de No\u00ebl<\/strong><br \/>Une c\u00e9l\u00e9bration ludique avant No\u00ebl le troisi\u00e8me vendredi de d\u00e9cembre.<br \/><br \/><\/li><li><strong>21 d\u00e9cembre : D\u00e9but de l&#8217;hiver<\/strong><br \/>Solstice d&#8217;hiver dans l&#8217;h\u00e9misph\u00e8re nord.<br \/><br \/><\/li><li><strong>24 d\u00e9cembre : R\u00e9veillon de No\u00ebl<\/strong><br \/><br \/><\/li><li><strong>25 d\u00e9cembre : F\u00eate de No\u00ebl<\/strong><br \/>F\u00eate chr\u00e9tienne c\u00e9l\u00e9brant la naissance de J\u00e9sus-Christ.<br \/><br \/><\/li><li><strong>31 d\u00e9cembre : R\u00e9veillon du Nouvel an<\/strong><\/li><\/ul>\t\t\t\t\t\t\t\t<\/div>\n\t\t\t\t<\/div>\n\t\t\t\t\t<\/div>\n\t\t<\/div>\n\t\t\t\t\t<\/div>\n\t\t<\/section>\n\t\t\t\t<section class=\"elementor-section elementor-top-section elementor-element elementor-element-5ca60b9 elementor-section-boxed elementor-section-height-default elementor-section-height-default\" data-id=\"5ca60b9\" data-element_type=\"section\">\n\t\t\t\t\t\t<div class=\"elementor-container elementor-column-gap-default\">\n\t\t\t\t\t<div class=\"elementor-column elementor-col-100 elementor-top-column elementor-element elementor-element-f000a65\" data-id=\"f000a65\" data-element_type=\"column\">\n\t\t\t<div class=\"elementor-widget-wrap elementor-element-populated\">\n\t\t\t\t\t\t<div class=\"elementor-element elementor-element-945898a elementor-widget elementor-widget-spacer\" data-id=\"945898a\" data-element_type=\"widget\" data-widget_type=\"spacer.default\">\n\t\t\t\t<div class=\"elementor-widget-container\">\n\t\t\t\t\t\t\t<div class=\"elementor-spacer\">\n\t\t\t<div class=\"elementor-spacer-inner\"><\/div>\n\t\t<\/div>\n\t\t\t\t\t\t<\/div>\n\t\t\t\t<\/div>\n\t\t\t\t\t<\/div>\n\t\t<\/div>\n\t\t\t\t\t<\/div>\n\t\t<\/section>\n\t\t\t\t<section class=\"elementor-section elementor-top-section elementor-element elementor-element-f3c50dc elementor-section-boxed elementor-section-height-default elementor-section-height-default\" data-id=\"f3c50dc\" data-element_type=\"section\">\n\t\t\t\t\t\t<div class=\"elementor-container elementor-column-gap-default\">\n\t\t\t\t\t<div class=\"elementor-column elementor-col-100 elementor-top-column elementor-element elementor-element-af5b436\" data-id=\"af5b436\" data-element_type=\"column\">\n\t\t\t<div class=\"elementor-widget-wrap elementor-element-populated\">\n\t\t\t\t\t\t<div class=\"elementor-element elementor-element-bd5074f elementor-widget elementor-widget-spacer\" data-id=\"bd5074f\" data-element_type=\"widget\" data-widget_type=\"spacer.default\">\n\t\t\t\t<div class=\"elementor-widget-container\">\n\t\t\t\t\t\t\t<div class=\"elementor-spacer\">\n\t\t\t<div class=\"elementor-spacer-inner\"><\/div>\n\t\t<\/div>\n\t\t\t\t\t\t<\/div>\n\t\t\t\t<\/div>\n\t\t\t\t\t<\/div>\n\t\t<\/div>\n\t\t\t\t\t<\/div>\n\t\t<\/section>\n\t\t\t\t<section class=\"elementor-section elementor-top-section elementor-element elementor-element-aa8aa1c elementor-section-boxed elementor-section-height-default elementor-section-height-default\" data-id=\"aa8aa1c\" data-element_type=\"section\">\n\t\t\t\t\t\t<div class=\"elementor-container elementor-column-gap-default\">\n\t\t\t\t\t<div class=\"elementor-column elementor-col-33 elementor-top-column elementor-element elementor-element-2807dd3\" data-id=\"2807dd3\" data-element_type=\"column\">\n\t\t\t<div class=\"elementor-widget-wrap elementor-element-populated\">\n\t\t\t\t\t\t<div class=\"elementor-element elementor-element-3556411 elementor-widget elementor-widget-image\" data-id=\"3556411\" data-element_type=\"widget\" data-widget_type=\"image.default\">\n\t\t\t\t<div class=\"elementor-widget-container\">\n\t\t\t\t\t\t\t\t\t\t\t\t\t\t\t<img decoding=\"async\" width=\"227\" height=\"189\" src=\"https:\/\/www.macapflag.com\/blog\/wp-content\/uploads\/2024\/01\/picto-salon.jpg\" class=\"attachment-large size-large wp-image-15573\" alt=\"Les salons professionnels du mois\" \/>\t\t\t\t\t\t\t\t\t\t\t\t\t\t\t<\/div>\n\t\t\t\t<\/div>\n\t\t\t\t\t<\/div>\n\t\t<\/div>\n\t\t\t\t<div class=\"elementor-column elementor-col-66 elementor-top-column elementor-element elementor-element-21e7c24\" data-id=\"21e7c24\" data-element_type=\"column\">\n\t\t\t<div class=\"elementor-widget-wrap elementor-element-populated\">\n\t\t\t\t\t\t<div class=\"elementor-element elementor-element-100bfdc elementor-widget elementor-widget-text-editor\" data-id=\"100bfdc\" data-element_type=\"widget\" data-widget_type=\"text-editor.default\">\n\t\t\t\t<div class=\"elementor-widget-container\">\n\t\t\t\t\t\t\t\t\t<h2>Les \u00e9v\u00e9nements d&#8217;affaires et salons professionnels du mois de d\u00e9cembre 2024<\/h2>\t\t\t\t\t\t\t\t<\/div>\n\t\t\t\t<\/div>\n\t\t\t\t\t<\/div>\n\t\t<\/div>\n\t\t\t\t\t<\/div>\n\t\t<\/section>\n\t\t\t\t<section class=\"elementor-section elementor-top-section elementor-element elementor-element-928281c elementor-section-boxed elementor-section-height-default elementor-section-height-default\" data-id=\"928281c\" data-element_type=\"section\">\n\t\t\t\t\t\t<div class=\"elementor-container elementor-column-gap-default\">\n\t\t\t\t\t<div class=\"elementor-column elementor-col-100 elementor-top-column elementor-element elementor-element-82d5778\" data-id=\"82d5778\" data-element_type=\"column\">\n\t\t\t<div class=\"elementor-widget-wrap elementor-element-populated\">\n\t\t\t\t\t\t<div class=\"elementor-element elementor-element-82d6ed2 elementor-widget elementor-widget-text-editor\" data-id=\"82d6ed2\" data-element_type=\"widget\" data-widget_type=\"text-editor.default\">\n\t\t\t\t<div class=\"elementor-widget-container\">\n\t\t\t\t\t\t\t\t\t<ul><li><strong>6 &#8211; 8 d\u00e9cembre : Salon du cheval (Paris)<\/strong><br \/>Salon du cheval, du poney et de l&#8217;\u00e2ne. Depuis 40 ans, le Salon du Cheval de Paris s\u2019impose comme le premier \u00e9v\u00e9nement \u00e9questre de France. <br \/><a href=\"https:\/\/www.salon-cheval.fr\/\" target=\"_blank\" rel=\"noopener\"><span style=\"color: #3366ff;\">https:\/\/www.salon-cheval.fr\/<\/span><\/a><br \/><br \/><\/li><li><span style=\"color: #000000;\"><strong><a style=\"color: #000000;\" href=\"https:\/\/www.salon-cheval.fr\/\">14 d\u00e9cembre<\/a> : Salon de l&#8217;\u00e9tudiant Jeux vid\u00e9o et cin\u00e9ma d&#8217;animation (Paris)\u00a0<\/strong><\/span><br \/>Un salon pour les \u00e9tudiants qui envisagent cette orientation.<br \/><a href=\"https:\/\/salon-jeux-video-et-cinema-d-animation-paris.salon.letudiant.fr\/\" target=\"_blank\" rel=\"noopener\"><span style=\"color: #3366ff;\">Source: L&#8217;Etudiant<\/span><\/a><\/li><\/ul>\t\t\t\t\t\t\t\t<\/div>\n\t\t\t\t<\/div>\n\t\t\t\t\t<\/div>\n\t\t<\/div>\n\t\t\t\t\t<\/div>\n\t\t<\/section>\n\t\t\t\t<section class=\"elementor-section elementor-top-section elementor-element elementor-element-d1a60e8 elementor-section-boxed elementor-section-height-default elementor-section-height-default\" data-id=\"d1a60e8\" data-element_type=\"section\">\n\t\t\t\t\t\t<div class=\"elementor-container elementor-column-gap-default\">\n\t\t\t\t\t<div class=\"elementor-column elementor-col-100 elementor-top-column elementor-element elementor-element-4116f16\" data-id=\"4116f16\" data-element_type=\"column\">\n\t\t\t<div class=\"elementor-widget-wrap elementor-element-populated\">\n\t\t\t\t\t\t<div class=\"elementor-element elementor-element-51e102a elementor-widget elementor-widget-spacer\" data-id=\"51e102a\" data-element_type=\"widget\" data-widget_type=\"spacer.default\">\n\t\t\t\t<div class=\"elementor-widget-container\">\n\t\t\t\t\t\t\t<div class=\"elementor-spacer\">\n\t\t\t<div class=\"elementor-spacer-inner\"><\/div>\n\t\t<\/div>\n\t\t\t\t\t\t<\/div>\n\t\t\t\t<\/div>\n\t\t\t\t\t<\/div>\n\t\t<\/div>\n\t\t\t\t\t<\/div>\n\t\t<\/section>\n\t\t\t\t<section class=\"elementor-section elementor-top-section elementor-element elementor-element-99c6a4b elementor-section-boxed elementor-section-height-default elementor-section-height-default\" data-id=\"99c6a4b\" data-element_type=\"section\">\n\t\t\t\t\t\t<div class=\"elementor-container elementor-column-gap-default\">\n\t\t\t\t\t<div class=\"elementor-column elementor-col-33 elementor-top-column elementor-element elementor-element-f96e6af\" data-id=\"f96e6af\" data-element_type=\"column\">\n\t\t\t<div class=\"elementor-widget-wrap elementor-element-populated\">\n\t\t\t\t\t\t<div class=\"elementor-element elementor-element-32a6aa0 elementor-widget elementor-widget-image\" data-id=\"32a6aa0\" data-element_type=\"widget\" data-widget_type=\"image.default\">\n\t\t\t\t<div class=\"elementor-widget-container\">\n\t\t\t\t\t\t\t\t\t\t\t\t\t\t\t<img decoding=\"async\" width=\"227\" height=\"189\" src=\"https:\/\/www.macapflag.com\/blog\/wp-content\/uploads\/2024\/01\/picto-musique.jpg\" class=\"attachment-large size-large wp-image-15577\" alt=\"Concerts et \u00e9v\u00e8nements musicaux du mois\" \/>\t\t\t\t\t\t\t\t\t\t\t\t\t\t\t<\/div>\n\t\t\t\t<\/div>\n\t\t\t\t\t<\/div>\n\t\t<\/div>\n\t\t\t\t<div class=\"elementor-column elementor-col-66 elementor-top-column elementor-element elementor-element-881b1f7\" data-id=\"881b1f7\" data-element_type=\"column\">\n\t\t\t<div class=\"elementor-widget-wrap elementor-element-populated\">\n\t\t\t\t\t\t<div class=\"elementor-element elementor-element-4edc706 elementor-widget elementor-widget-text-editor\" data-id=\"4edc706\" data-element_type=\"widget\" data-widget_type=\"text-editor.default\">\n\t\t\t\t<div class=\"elementor-widget-container\">\n\t\t\t\t\t\t\t\t\t<h2>Les \u00e9v\u00e9nements musicaux et concerts \u00e9v\u00e8nements du mois de d\u00e9cembre 2024<\/h2>\t\t\t\t\t\t\t\t<\/div>\n\t\t\t\t<\/div>\n\t\t\t\t\t<\/div>\n\t\t<\/div>\n\t\t\t\t\t<\/div>\n\t\t<\/section>\n\t\t\t\t<section class=\"elementor-section elementor-top-section elementor-element elementor-element-a697156 elementor-section-boxed elementor-section-height-default elementor-section-height-default\" data-id=\"a697156\" data-element_type=\"section\">\n\t\t\t\t\t\t<div class=\"elementor-container elementor-column-gap-default\">\n\t\t\t\t\t<div class=\"elementor-column elementor-col-100 elementor-top-column elementor-element elementor-element-c96fe8f\" data-id=\"c96fe8f\" data-element_type=\"column\">\n\t\t\t<div class=\"elementor-widget-wrap elementor-element-populated\">\n\t\t\t\t\t\t<div class=\"elementor-element elementor-element-3a33a8a elementor-widget elementor-widget-text-editor\" data-id=\"3a33a8a\" data-element_type=\"widget\" data-widget_type=\"text-editor.default\">\n\t\t\t\t<div class=\"elementor-widget-container\">\n\t\t\t\t\t\t\t\t\t<ul><li><strong>20 d\u00e9cembre : Xmas Vybe<\/strong><br \/>C\u00e9l\u00e9brez la saison des f\u00eates avec cet \u00e9v\u00e9nement musical, une occasion parfaite pour des partenariats ou des promotions li\u00e9es \u00e0 la musique et aux festivit\u00e9s de fin d&#8217;ann\u00e9e.<br \/><a href=\"https:\/\/www.delta-festival.com\/\" target=\"_blank\" rel=\"noopener\"><span style=\"color: #3366ff;\">Source : accorarena.com<\/span><\/a><\/li><\/ul>\t\t\t\t\t\t\t\t<\/div>\n\t\t\t\t<\/div>\n\t\t\t\t\t<\/div>\n\t\t<\/div>\n\t\t\t\t\t<\/div>\n\t\t<\/section>\n\t\t\t\t<section class=\"elementor-section elementor-top-section elementor-element elementor-element-847c527 elementor-section-boxed elementor-section-height-default elementor-section-height-default\" data-id=\"847c527\" data-element_type=\"section\">\n\t\t\t\t\t\t<div class=\"elementor-container elementor-column-gap-default\">\n\t\t\t\t\t<div class=\"elementor-column elementor-col-100 elementor-top-column elementor-element elementor-element-4ebf9d3\" data-id=\"4ebf9d3\" data-element_type=\"column\">\n\t\t\t<div class=\"elementor-widget-wrap elementor-element-populated\">\n\t\t\t\t\t\t<div class=\"elementor-element elementor-element-6226111 elementor-widget elementor-widget-spacer\" data-id=\"6226111\" data-element_type=\"widget\" data-widget_type=\"spacer.default\">\n\t\t\t\t<div class=\"elementor-widget-container\">\n\t\t\t\t\t\t\t<div class=\"elementor-spacer\">\n\t\t\t<div class=\"elementor-spacer-inner\"><\/div>\n\t\t<\/div>\n\t\t\t\t\t\t<\/div>\n\t\t\t\t<\/div>\n\t\t\t\t\t<\/div>\n\t\t<\/div>\n\t\t\t\t\t<\/div>\n\t\t<\/section>\n\t\t\t\t<section class=\"elementor-section elementor-top-section elementor-element elementor-element-1b68eee elementor-section-boxed elementor-section-height-default elementor-section-height-default\" data-id=\"1b68eee\" data-element_type=\"section\">\n\t\t\t\t\t\t<div class=\"elementor-container elementor-column-gap-default\">\n\t\t\t\t\t<div class=\"elementor-column elementor-col-33 elementor-top-column elementor-element elementor-element-450ae34\" data-id=\"450ae34\" data-element_type=\"column\">\n\t\t\t<div class=\"elementor-widget-wrap elementor-element-populated\">\n\t\t\t\t\t\t<div class=\"elementor-element elementor-element-444f67e elementor-widget elementor-widget-image\" data-id=\"444f67e\" data-element_type=\"widget\" data-widget_type=\"image.default\">\n\t\t\t\t<div class=\"elementor-widget-container\">\n\t\t\t\t\t\t\t\t\t\t\t\t\t\t\t<img loading=\"lazy\" decoding=\"async\" width=\"227\" height=\"189\" src=\"https:\/\/www.macapflag.com\/blog\/wp-content\/uploads\/2024\/01\/picto-cinema-1.jpg\" class=\"attachment-large size-large wp-image-15581\" alt=\"A l&#039;affiche au cin\u00e9ma ce mois\" \/>\t\t\t\t\t\t\t\t\t\t\t\t\t\t\t<\/div>\n\t\t\t\t<\/div>\n\t\t\t\t\t<\/div>\n\t\t<\/div>\n\t\t\t\t<div class=\"elementor-column elementor-col-66 elementor-top-column elementor-element elementor-element-5bde67a\" data-id=\"5bde67a\" data-element_type=\"column\">\n\t\t\t<div class=\"elementor-widget-wrap elementor-element-populated\">\n\t\t\t\t\t\t<div class=\"elementor-element elementor-element-0ac1f78 elementor-widget elementor-widget-text-editor\" data-id=\"0ac1f78\" data-element_type=\"widget\" data-widget_type=\"text-editor.default\">\n\t\t\t\t<div class=\"elementor-widget-container\">\n\t\t\t\t\t\t\t\t\t<h2>\u00c0 l\u2019affiche au cin\u00e9ma en d\u00e9cembre 2024<\/h2>\t\t\t\t\t\t\t\t<\/div>\n\t\t\t\t<\/div>\n\t\t\t\t\t<\/div>\n\t\t<\/div>\n\t\t\t\t\t<\/div>\n\t\t<\/section>\n\t\t\t\t<section class=\"elementor-section elementor-top-section elementor-element elementor-element-2c5d553 elementor-section-boxed elementor-section-height-default elementor-section-height-default\" data-id=\"2c5d553\" data-element_type=\"section\">\n\t\t\t\t\t\t<div class=\"elementor-container elementor-column-gap-default\">\n\t\t\t\t\t<div class=\"elementor-column elementor-col-100 elementor-top-column elementor-element elementor-element-5efb6ab\" data-id=\"5efb6ab\" data-element_type=\"column\">\n\t\t\t<div class=\"elementor-widget-wrap elementor-element-populated\">\n\t\t\t\t\t\t<div class=\"elementor-element elementor-element-9c2875d elementor-widget elementor-widget-text-editor\" data-id=\"9c2875d\" data-element_type=\"widget\" data-widget_type=\"text-editor.default\">\n\t\t\t\t<div class=\"elementor-widget-container\">\n\t\t\t\t\t\t\t\t\t<ul><li><strong>11 d\u00e9cembre : Sortie du film &#8220;Le Seigneur des Anneaux : La Guerre des Rohirrim&#8221;<\/strong><br \/><a href=\"https:\/\/www.allocine.fr\/film\/fichefilm_gen_cfilm=293578.html\" target=\"_blank\" rel=\"noopener\"><span style=\"color: #3366ff;\">Source : Allocine<\/span><\/a><br \/><br \/><\/li><li><strong>18 d\u00e9cembre : Mufasa<\/strong><br \/>Apr\u00e8s le c\u00e9l\u00e8bre Roi Lion, un retour sur la l\u00e9gende de Mufasa et son enfance avec Scar.<br \/><a href=\"https:\/\/www.youtube.com\/watch?v=2rWXguw0S-k\" target=\"_blank\" rel=\"noopener\"><span style=\"color: #3366ff;\">Source : Allocin\u00e9<\/span><\/a><\/li><\/ul>\t\t\t\t\t\t\t\t<\/div>\n\t\t\t\t<\/div>\n\t\t\t\t\t<\/div>\n\t\t<\/div>\n\t\t\t\t\t<\/div>\n\t\t<\/section>\n\t\t\t\t<section class=\"elementor-section elementor-top-section elementor-element elementor-element-246c319 elementor-section-boxed elementor-section-height-default elementor-section-height-default\" data-id=\"246c319\" data-element_type=\"section\">\n\t\t\t\t\t\t<div class=\"elementor-container elementor-column-gap-default\">\n\t\t\t\t\t<div class=\"elementor-column elementor-col-100 elementor-top-column elementor-element elementor-element-567bd51\" data-id=\"567bd51\" data-element_type=\"column\">\n\t\t\t<div class=\"elementor-widget-wrap elementor-element-populated\">\n\t\t\t\t\t\t<div class=\"elementor-element elementor-element-28b9e4e elementor-widget elementor-widget-spacer\" data-id=\"28b9e4e\" data-element_type=\"widget\" data-widget_type=\"spacer.default\">\n\t\t\t\t<div class=\"elementor-widget-container\">\n\t\t\t\t\t\t\t<div class=\"elementor-spacer\">\n\t\t\t<div class=\"elementor-spacer-inner\"><\/div>\n\t\t<\/div>\n\t\t\t\t\t\t<\/div>\n\t\t\t\t<\/div>\n\t\t\t\t\t<\/div>\n\t\t<\/div>\n\t\t\t\t\t<\/div>\n\t\t<\/section>\n\t\t\t\t<section class=\"elementor-section elementor-top-section elementor-element elementor-element-e49d887 elementor-section-boxed elementor-section-height-default elementor-section-height-default\" data-id=\"e49d887\" data-element_type=\"section\">\n\t\t\t\t\t\t<div class=\"elementor-container elementor-column-gap-default\">\n\t\t\t\t\t<div class=\"elementor-column elementor-col-33 elementor-top-column elementor-element elementor-element-7c5890f\" data-id=\"7c5890f\" data-element_type=\"column\">\n\t\t\t<div class=\"elementor-widget-wrap elementor-element-populated\">\n\t\t\t\t\t\t<div class=\"elementor-element elementor-element-310c51b elementor-widget elementor-widget-image\" data-id=\"310c51b\" data-element_type=\"widget\" data-widget_type=\"image.default\">\n\t\t\t\t<div class=\"elementor-widget-container\">\n\t\t\t\t\t\t\t\t\t\t\t\t\t\t\t<img loading=\"lazy\" decoding=\"async\" width=\"227\" height=\"189\" src=\"https:\/\/www.macapflag.com\/blog\/wp-content\/uploads\/2024\/01\/picto-dicton.jpg\" class=\"attachment-large size-large wp-image-15585\" alt=\"Un dicton pour le mois de f\u00e9vrier\" \/>\t\t\t\t\t\t\t\t\t\t\t\t\t\t\t<\/div>\n\t\t\t\t<\/div>\n\t\t\t\t\t<\/div>\n\t\t<\/div>\n\t\t\t\t<div class=\"elementor-column elementor-col-66 elementor-top-column elementor-element elementor-element-1023944\" data-id=\"1023944\" data-element_type=\"column\">\n\t\t\t<div class=\"elementor-widget-wrap elementor-element-populated\">\n\t\t\t\t\t\t<div class=\"elementor-element elementor-element-4637ac0 elementor-widget elementor-widget-text-editor\" data-id=\"4637ac0\" data-element_type=\"widget\" data-widget_type=\"text-editor.default\">\n\t\t\t\t<div class=\"elementor-widget-container\">\n\t\t\t\t\t\t\t\t\t<h2>Un dicton c\u00e9l\u00e8bre pour le mois de d\u00e9cembre ?<\/h2>\t\t\t\t\t\t\t\t<\/div>\n\t\t\t\t<\/div>\n\t\t\t\t\t<\/div>\n\t\t<\/div>\n\t\t\t\t\t<\/div>\n\t\t<\/section>\n\t\t\t\t<section class=\"elementor-section elementor-top-section elementor-element elementor-element-bc429ab elementor-section-boxed elementor-section-height-default elementor-section-height-default\" data-id=\"bc429ab\" data-element_type=\"section\">\n\t\t\t\t\t\t<div class=\"elementor-container elementor-column-gap-default\">\n\t\t\t\t\t<div class=\"elementor-column elementor-col-100 elementor-top-column elementor-element elementor-element-ec748a8\" data-id=\"ec748a8\" data-element_type=\"column\">\n\t\t\t<div class=\"elementor-widget-wrap elementor-element-populated\">\n\t\t\t\t\t\t<div class=\"elementor-element elementor-element-8e51a77 elementor-widget elementor-widget-text-editor\" data-id=\"8e51a77\" data-element_type=\"widget\" data-widget_type=\"text-editor.default\">\n\t\t\t\t<div class=\"elementor-widget-container\">\n\t\t\t\t\t\t\t\t\t<p>&#8220;A la Sainte-Luce, les jours croissent du saut d\u2019une puce.&#8221; La sainte-Luce a lieu le 13 d\u00e9cembre.<\/p>\t\t\t\t\t\t\t\t<\/div>\n\t\t\t\t<\/div>\n\t\t\t\t\t<\/div>\n\t\t<\/div>\n\t\t\t\t\t<\/div>\n\t\t<\/section>\n\t\t\t\t<section class=\"elementor-section elementor-top-section elementor-element elementor-element-3d1bf8b elementor-section-boxed elementor-section-height-default elementor-section-height-default\" data-id=\"3d1bf8b\" data-element_type=\"section\">\n\t\t\t\t\t\t<div class=\"elementor-container elementor-column-gap-default\">\n\t\t\t\t\t<div class=\"elementor-column elementor-col-100 elementor-top-column elementor-element elementor-element-75698c2\" data-id=\"75698c2\" data-element_type=\"column\">\n\t\t\t<div class=\"elementor-widget-wrap elementor-element-populated\">\n\t\t\t\t\t\t<div class=\"elementor-element elementor-element-82598a2 elementor-widget elementor-widget-spacer\" data-id=\"82598a2\" data-element_type=\"widget\" data-widget_type=\"spacer.default\">\n\t\t\t\t<div class=\"elementor-widget-container\">\n\t\t\t\t\t\t\t<div class=\"elementor-spacer\">\n\t\t\t<div class=\"elementor-spacer-inner\"><\/div>\n\t\t<\/div>\n\t\t\t\t\t\t<\/div>\n\t\t\t\t<\/div>\n\t\t\t\t\t<\/div>\n\t\t<\/div>\n\t\t\t\t\t<\/div>\n\t\t<\/section>\n\t\t\t\t<section class=\"elementor-section elementor-top-section elementor-element elementor-element-aeb9876 elementor-section-boxed elementor-section-height-default elementor-section-height-default\" data-id=\"aeb9876\" data-element_type=\"section\">\n\t\t\t\t\t\t<div class=\"elementor-container elementor-column-gap-default\">\n\t\t\t\t\t<div class=\"elementor-column elementor-col-100 elementor-top-column elementor-element elementor-element-dbee642\" data-id=\"dbee642\" data-element_type=\"column\">\n\t\t\t<div class=\"elementor-widget-wrap elementor-element-populated\">\n\t\t\t\t\t\t<div class=\"elementor-element elementor-element-59eacb1 elementor-widget elementor-widget-text-editor\" data-id=\"59eacb1\" data-element_type=\"widget\" data-widget_type=\"text-editor.default\">\n\t\t\t\t<div class=\"elementor-widget-container\">\n\t\t\t\t\t\t\t\t\t<p>Pour booster la communication et la visibilit\u00e9 de vos \u00e9v\u00e8nements, Macap, fabricant fran\u00e7ais, vous accompagne gr\u00e2ce \u00e0 une large gamme de <a href=\"https:\/\/www.macapflag.com\/53-drapeau-personnalise\"><span style=\"color: #3366ff;\"><strong>drapeaux<\/strong><\/span><\/a>, <a href=\"https:\/\/www.macapflag.com\/41-beach-flag-oriflamme\"><strong><span style=\"color: #3366ff;\">oriflammes<\/span><\/strong><\/a> et <a href=\"https:\/\/www.macapflag.com\/366-mobilier-exterieur-personnalise\"><strong><span style=\"color: #3366ff;\">mobilier ext\u00e9rieur personnalis\u00e9<\/span><\/strong><\/a>\u00a0et autres supports 100\u2009% personnalisables.<\/p>\t\t\t\t\t\t\t\t<\/div>\n\t\t\t\t<\/div>\n\t\t\t\t\t<\/div>\n\t\t<\/div>\n\t\t\t\t\t<\/div>\n\t\t<\/section>\n\t\t\t\t<section class=\"elementor-section elementor-top-section elementor-element elementor-element-7493b0c elementor-section-boxed elementor-section-height-default elementor-section-height-default\" data-id=\"7493b0c\" data-element_type=\"section\">\n\t\t\t\t\t\t<div class=\"elementor-container elementor-column-gap-default\">\n\t\t\t\t\t<div class=\"elementor-column elementor-col-100 elementor-top-column elementor-element elementor-element-05a1f3c\" data-id=\"05a1f3c\" data-element_type=\"column\">\n\t\t\t<div class=\"elementor-widget-wrap elementor-element-populated\">\n\t\t\t\t\t\t<div class=\"elementor-element elementor-element-533f049 elementor-widget elementor-widget-image\" data-id=\"533f049\" data-element_type=\"widget\" data-widget_type=\"image.default\">\n\t\t\t\t<div class=\"elementor-widget-container\">\n\t\t\t\t\t\t\t\t\t\t\t\t\t\t\t\t<a href=\"https:\/\/www.macapflag.com\/\">\n\t\t\t\t\t\t\t<img loading=\"lazy\" decoding=\"async\" width=\"700\" height=\"320\" src=\"https:\/\/www.macapflag.com\/blog\/wp-content\/uploads\/2021\/04\/fabriquant-de-drapeaux-kakemonos-banderoles-beach-flags-oriflammes-macap.jpg\" class=\"attachment-large size-large wp-image-10133\" alt=\"Macap fabriquant de drapeaux kak\u00e9mono banderole beach flag oriflamme\" srcset=\"https:\/\/www.macapflag.com\/blog\/wp-content\/uploads\/2021\/04\/fabriquant-de-drapeaux-kakemonos-banderoles-beach-flags-oriflammes-macap.jpg 700w, https:\/\/www.macapflag.com\/blog\/wp-content\/uploads\/2021\/04\/fabriquant-de-drapeaux-kakemonos-banderoles-beach-flags-oriflammes-macap-300x137.jpg 300w\" sizes=\"(max-width: 700px) 100vw, 700px\" \/>\t\t\t\t\t\t\t\t<\/a>\n\t\t\t\t\t\t\t\t\t\t\t\t\t\t\t<\/div>\n\t\t\t\t<\/div>\n\t\t\t\t\t<\/div>\n\t\t<\/div>\n\t\t\t\t\t<\/div>\n\t\t<\/section>\n\t\t\t\t<\/div>\n\t\t","protected":false},"excerpt":{"rendered":"<div class=\"tmnf_excerpt\"><p>En ce mois de d\u00e9cembre, nous cl\u00f4turons cette ann\u00e9e d&#8217;\u00e9v\u00e8nements. Si le dernier mois de l&#8217;ann\u00e9e est \u00e9videmment marqu\u00e9 par les f\u00eates de No\u00ebl, il se passe aussi d&#8217;autres choses sympas en d\u00e9cembre ! Les journ\u00e9es th\u00e9matiques et les f\u00eates en d\u00e9cembre 2024 1\u1d49\u02b3 d\u00e9cembre : Journ\u00e9e mondiale de lutte contre le SIDAUne journ\u00e9e de &hellip;<\/p>\n<\/div>","protected":false},"author":2,"featured_media":18391,"comment_status":"closed","ping_status":"open","sticky":false,"template":"template-fullwidth.php","format":"standard","meta":{"footnotes":""},"categories":[93,92],"tags":[],"class_list":["post-18390","post","type-post","status-publish","format-standard","has-post-thumbnail","hentry","category-com","category-news"],"yoast_head":"<!-- This site is optimized with the Yoast SEO plugin v26.4 - https:\/\/yoast.com\/wordpress\/plugins\/seo\/ -->\n<title>Les \u00e9v\u00e8nements \u00e0 ne pas manquer en d\u00e9cembre 2024 - Blog - Macap<\/title>\n<meta name=\"description\" content=\"F\u00eates, journ\u00e9es th\u00e9matiques, \u00e9v\u00e8nements sportifs et culturels, cin\u00e9ma, concert, salons. Les grands \u00e9v\u00e8nements de d\u00e9cembre 2024\" \/>\n<meta name=\"robots\" content=\"index, follow, max-snippet:-1, max-image-preview:large, max-video-preview:-1\" \/>\n<link rel=\"canonical\" href=\"https:\/\/www.macapflag.com\/blog\/les-evenements-a-ne-pas-manquer-en-decembre-2024\/\" \/>\n<meta property=\"og:locale\" content=\"fr_FR\" \/>\n<meta property=\"og:type\" content=\"article\" \/>\n<meta property=\"og:title\" content=\"Les \u00e9v\u00e8nements \u00e0 ne pas manquer en d\u00e9cembre 2024 - Blog - Macap\" \/>\n<meta property=\"og:description\" content=\"F\u00eates, journ\u00e9es th\u00e9matiques, \u00e9v\u00e8nements sportifs et culturels, cin\u00e9ma, concert, salons. Les grands \u00e9v\u00e8nements de d\u00e9cembre 2024\" \/>\n<meta property=\"og:url\" content=\"https:\/\/www.macapflag.com\/blog\/les-evenements-a-ne-pas-manquer-en-decembre-2024\/\" \/>\n<meta property=\"og:site_name\" content=\"Blog - Macap\" \/>\n<meta property=\"article:publisher\" content=\"https:\/\/www.facebook.com\/macap.pavoisement\/\" \/>\n<meta property=\"article:published_time\" content=\"2024-11-28T07:00:00+00:00\" \/>\n<meta property=\"og:image\" content=\"https:\/\/www.macapflag.com\/blog\/wp-content\/uploads\/2024\/09\/mois-decembre-TITRE.jpg\" \/>\n\t<meta property=\"og:image:width\" content=\"870\" \/>\n\t<meta property=\"og:image:height\" content=\"600\" \/>\n\t<meta property=\"og:image:type\" content=\"image\/jpeg\" \/>\n<meta name=\"author\" content=\"Blog Macap\" \/>\n<meta name=\"twitter:card\" content=\"summary_large_image\" \/>\n<meta name=\"twitter:label1\" content=\"\u00c9crit par\" \/>\n\t<meta name=\"twitter:data1\" content=\"Blog Macap\" \/>\n\t<meta name=\"twitter:label2\" content=\"Dur\u00e9e de lecture estim\u00e9e\" \/>\n\t<meta name=\"twitter:data2\" content=\"4 minutes\" \/>\n<script type=\"application\/ld+json\" class=\"yoast-schema-graph\">{\"@context\":\"https:\/\/schema.org\",\"@graph\":[{\"@type\":\"Article\",\"@id\":\"https:\/\/www.macapflag.com\/blog\/les-evenements-a-ne-pas-manquer-en-decembre-2024\/#article\",\"isPartOf\":{\"@id\":\"https:\/\/www.macapflag.com\/blog\/les-evenements-a-ne-pas-manquer-en-decembre-2024\/\"},\"author\":{\"name\":\"Blog Macap\",\"@id\":\"https:\/\/www.macapflag.com\/blog\/#\/schema\/person\/3fea701f2603875e651e6b662578fc3c\"},\"headline\":\"Les \u00e9v\u00e8nements \u00e0 ne pas manquer en d\u00e9cembre 2024\",\"datePublished\":\"2024-11-28T07:00:00+00:00\",\"mainEntityOfPage\":{\"@id\":\"https:\/\/www.macapflag.com\/blog\/les-evenements-a-ne-pas-manquer-en-decembre-2024\/\"},\"wordCount\":543,\"publisher\":{\"@id\":\"https:\/\/www.macapflag.com\/blog\/#organization\"},\"image\":{\"@id\":\"https:\/\/www.macapflag.com\/blog\/les-evenements-a-ne-pas-manquer-en-decembre-2024\/#primaryimage\"},\"thumbnailUrl\":\"https:\/\/www.macapflag.com\/blog\/wp-content\/uploads\/2024\/09\/mois-decembre-TITRE.jpg\",\"articleSection\":[\"Le monde de la Com'\",\"News &amp; Actu\"],\"inLanguage\":\"fr-FR\"},{\"@type\":\"WebPage\",\"@id\":\"https:\/\/www.macapflag.com\/blog\/les-evenements-a-ne-pas-manquer-en-decembre-2024\/\",\"url\":\"https:\/\/www.macapflag.com\/blog\/les-evenements-a-ne-pas-manquer-en-decembre-2024\/\",\"name\":\"Les \u00e9v\u00e8nements \u00e0 ne pas manquer en d\u00e9cembre 2024 - Blog - Macap\",\"isPartOf\":{\"@id\":\"https:\/\/www.macapflag.com\/blog\/#website\"},\"primaryImageOfPage\":{\"@id\":\"https:\/\/www.macapflag.com\/blog\/les-evenements-a-ne-pas-manquer-en-decembre-2024\/#primaryimage\"},\"image\":{\"@id\":\"https:\/\/www.macapflag.com\/blog\/les-evenements-a-ne-pas-manquer-en-decembre-2024\/#primaryimage\"},\"thumbnailUrl\":\"https:\/\/www.macapflag.com\/blog\/wp-content\/uploads\/2024\/09\/mois-decembre-TITRE.jpg\",\"datePublished\":\"2024-11-28T07:00:00+00:00\",\"description\":\"F\u00eates, journ\u00e9es th\u00e9matiques, \u00e9v\u00e8nements sportifs et culturels, cin\u00e9ma, concert, salons. Les grands \u00e9v\u00e8nements de d\u00e9cembre 2024\",\"breadcrumb\":{\"@id\":\"https:\/\/www.macapflag.com\/blog\/les-evenements-a-ne-pas-manquer-en-decembre-2024\/#breadcrumb\"},\"inLanguage\":\"fr-FR\",\"potentialAction\":[{\"@type\":\"ReadAction\",\"target\":[\"https:\/\/www.macapflag.com\/blog\/les-evenements-a-ne-pas-manquer-en-decembre-2024\/\"]}]},{\"@type\":\"ImageObject\",\"inLanguage\":\"fr-FR\",\"@id\":\"https:\/\/www.macapflag.com\/blog\/les-evenements-a-ne-pas-manquer-en-decembre-2024\/#primaryimage\",\"url\":\"https:\/\/www.macapflag.com\/blog\/wp-content\/uploads\/2024\/09\/mois-decembre-TITRE.jpg\",\"contentUrl\":\"https:\/\/www.macapflag.com\/blog\/wp-content\/uploads\/2024\/09\/mois-decembre-TITRE.jpg\",\"width\":870,\"height\":600,\"caption\":\"Les \u00e9v\u00e8nements du mois de d\u00e9cembre\"},{\"@type\":\"BreadcrumbList\",\"@id\":\"https:\/\/www.macapflag.com\/blog\/les-evenements-a-ne-pas-manquer-en-decembre-2024\/#breadcrumb\",\"itemListElement\":[{\"@type\":\"ListItem\",\"position\":1,\"name\":\"Accueil\",\"item\":\"https:\/\/www.macapflag.com\/blog\/\"},{\"@type\":\"ListItem\",\"position\":2,\"name\":\"Les \u00e9v\u00e8nements \u00e0 ne pas manquer en d\u00e9cembre 2024\"}]},{\"@type\":\"WebSite\",\"@id\":\"https:\/\/www.macapflag.com\/blog\/#website\",\"url\":\"https:\/\/www.macapflag.com\/blog\/\",\"name\":\"Blog - Macap\",\"description\":\"Tous nos articles\",\"publisher\":{\"@id\":\"https:\/\/www.macapflag.com\/blog\/#organization\"},\"potentialAction\":[{\"@type\":\"SearchAction\",\"target\":{\"@type\":\"EntryPoint\",\"urlTemplate\":\"https:\/\/www.macapflag.com\/blog\/?s={search_term_string}\"},\"query-input\":{\"@type\":\"PropertyValueSpecification\",\"valueRequired\":true,\"valueName\":\"search_term_string\"}}],\"inLanguage\":\"fr-FR\"},{\"@type\":\"Organization\",\"@id\":\"https:\/\/www.macapflag.com\/blog\/#organization\",\"name\":\"macapflag\",\"url\":\"https:\/\/www.macapflag.com\/blog\/\",\"logo\":{\"@type\":\"ImageObject\",\"inLanguage\":\"fr-FR\",\"@id\":\"https:\/\/www.macapflag.com\/blog\/#\/schema\/logo\/image\/\",\"url\":\"https:\/\/www.macapflag.com\/blog\/wp-content\/uploads\/2020\/12\/cropped-M-512-1.png\",\"contentUrl\":\"https:\/\/www.macapflag.com\/blog\/wp-content\/uploads\/2020\/12\/cropped-M-512-1.png\",\"width\":512,\"height\":512,\"caption\":\"macapflag\"},\"image\":{\"@id\":\"https:\/\/www.macapflag.com\/blog\/#\/schema\/logo\/image\/\"},\"sameAs\":[\"https:\/\/www.facebook.com\/macap.pavoisement\/\",\"https:\/\/www.instagram.com\/macapflag\/?hl=fr\",\"https:\/\/www.linkedin.com\/company\/macap\/?originalSubdomain=fr\",\"https:\/\/www.youtube.com\/channel\/UCXNzTIdZh9poEBjSXEqDtNw\"]},{\"@type\":\"Person\",\"@id\":\"https:\/\/www.macapflag.com\/blog\/#\/schema\/person\/3fea701f2603875e651e6b662578fc3c\",\"name\":\"Blog Macap\",\"image\":{\"@type\":\"ImageObject\",\"inLanguage\":\"fr-FR\",\"@id\":\"https:\/\/www.macapflag.com\/blog\/#\/schema\/person\/image\/\",\"url\":\"https:\/\/secure.gravatar.com\/avatar\/c12551f2dc51f0db049633b03e7856985477a70da834cc8967dea4ce54bdd6a2?s=96&d=mm&r=g\",\"contentUrl\":\"https:\/\/secure.gravatar.com\/avatar\/c12551f2dc51f0db049633b03e7856985477a70da834cc8967dea4ce54bdd6a2?s=96&d=mm&r=g\",\"caption\":\"Blog Macap\"},\"url\":\"https:\/\/www.macapflag.com\/blog\/author\/macap\/\"}]}<\/script>\n<!-- \/ Yoast SEO plugin. -->","yoast_head_json":{"title":"Les \u00e9v\u00e8nements \u00e0 ne pas manquer en d\u00e9cembre 2024 - Blog - Macap","description":"F\u00eates, journ\u00e9es th\u00e9matiques, \u00e9v\u00e8nements sportifs et culturels, cin\u00e9ma, concert, salons. Les grands \u00e9v\u00e8nements de d\u00e9cembre 2024","robots":{"index":"index","follow":"follow","max-snippet":"max-snippet:-1","max-image-preview":"max-image-preview:large","max-video-preview":"max-video-preview:-1"},"canonical":"https:\/\/www.macapflag.com\/blog\/les-evenements-a-ne-pas-manquer-en-decembre-2024\/","og_locale":"fr_FR","og_type":"article","og_title":"Les \u00e9v\u00e8nements \u00e0 ne pas manquer en d\u00e9cembre 2024 - Blog - Macap","og_description":"F\u00eates, journ\u00e9es th\u00e9matiques, \u00e9v\u00e8nements sportifs et culturels, cin\u00e9ma, concert, salons. Les grands \u00e9v\u00e8nements de d\u00e9cembre 2024","og_url":"https:\/\/www.macapflag.com\/blog\/les-evenements-a-ne-pas-manquer-en-decembre-2024\/","og_site_name":"Blog - Macap","article_publisher":"https:\/\/www.facebook.com\/macap.pavoisement\/","article_published_time":"2024-11-28T07:00:00+00:00","og_image":[{"width":870,"height":600,"url":"https:\/\/www.macapflag.com\/blog\/wp-content\/uploads\/2024\/09\/mois-decembre-TITRE.jpg","type":"image\/jpeg"}],"author":"Blog Macap","twitter_card":"summary_large_image","twitter_misc":{"\u00c9crit par":"Blog Macap","Dur\u00e9e de lecture estim\u00e9e":"4 minutes"},"schema":{"@context":"https:\/\/schema.org","@graph":[{"@type":"Article","@id":"https:\/\/www.macapflag.com\/blog\/les-evenements-a-ne-pas-manquer-en-decembre-2024\/#article","isPartOf":{"@id":"https:\/\/www.macapflag.com\/blog\/les-evenements-a-ne-pas-manquer-en-decembre-2024\/"},"author":{"name":"Blog Macap","@id":"https:\/\/www.macapflag.com\/blog\/#\/schema\/person\/3fea701f2603875e651e6b662578fc3c"},"headline":"Les \u00e9v\u00e8nements \u00e0 ne pas manquer en d\u00e9cembre 2024","datePublished":"2024-11-28T07:00:00+00:00","mainEntityOfPage":{"@id":"https:\/\/www.macapflag.com\/blog\/les-evenements-a-ne-pas-manquer-en-decembre-2024\/"},"wordCount":543,"publisher":{"@id":"https:\/\/www.macapflag.com\/blog\/#organization"},"image":{"@id":"https:\/\/www.macapflag.com\/blog\/les-evenements-a-ne-pas-manquer-en-decembre-2024\/#primaryimage"},"thumbnailUrl":"https:\/\/www.macapflag.com\/blog\/wp-content\/uploads\/2024\/09\/mois-decembre-TITRE.jpg","articleSection":["Le monde de la Com'","News &amp; Actu"],"inLanguage":"fr-FR"},{"@type":"WebPage","@id":"https:\/\/www.macapflag.com\/blog\/les-evenements-a-ne-pas-manquer-en-decembre-2024\/","url":"https:\/\/www.macapflag.com\/blog\/les-evenements-a-ne-pas-manquer-en-decembre-2024\/","name":"Les \u00e9v\u00e8nements \u00e0 ne pas manquer en d\u00e9cembre 2024 - Blog - Macap","isPartOf":{"@id":"https:\/\/www.macapflag.com\/blog\/#website"},"primaryImageOfPage":{"@id":"https:\/\/www.macapflag.com\/blog\/les-evenements-a-ne-pas-manquer-en-decembre-2024\/#primaryimage"},"image":{"@id":"https:\/\/www.macapflag.com\/blog\/les-evenements-a-ne-pas-manquer-en-decembre-2024\/#primaryimage"},"thumbnailUrl":"https:\/\/www.macapflag.com\/blog\/wp-content\/uploads\/2024\/09\/mois-decembre-TITRE.jpg","datePublished":"2024-11-28T07:00:00+00:00","description":"F\u00eates, journ\u00e9es th\u00e9matiques, \u00e9v\u00e8nements sportifs et culturels, cin\u00e9ma, concert, salons. Les grands \u00e9v\u00e8nements de d\u00e9cembre 2024","breadcrumb":{"@id":"https:\/\/www.macapflag.com\/blog\/les-evenements-a-ne-pas-manquer-en-decembre-2024\/#breadcrumb"},"inLanguage":"fr-FR","potentialAction":[{"@type":"ReadAction","target":["https:\/\/www.macapflag.com\/blog\/les-evenements-a-ne-pas-manquer-en-decembre-2024\/"]}]},{"@type":"ImageObject","inLanguage":"fr-FR","@id":"https:\/\/www.macapflag.com\/blog\/les-evenements-a-ne-pas-manquer-en-decembre-2024\/#primaryimage","url":"https:\/\/www.macapflag.com\/blog\/wp-content\/uploads\/2024\/09\/mois-decembre-TITRE.jpg","contentUrl":"https:\/\/www.macapflag.com\/blog\/wp-content\/uploads\/2024\/09\/mois-decembre-TITRE.jpg","width":870,"height":600,"caption":"Les \u00e9v\u00e8nements du mois de d\u00e9cembre"},{"@type":"BreadcrumbList","@id":"https:\/\/www.macapflag.com\/blog\/les-evenements-a-ne-pas-manquer-en-decembre-2024\/#breadcrumb","itemListElement":[{"@type":"ListItem","position":1,"name":"Accueil","item":"https:\/\/www.macapflag.com\/blog\/"},{"@type":"ListItem","position":2,"name":"Les \u00e9v\u00e8nements \u00e0 ne pas manquer en d\u00e9cembre 2024"}]},{"@type":"WebSite","@id":"https:\/\/www.macapflag.com\/blog\/#website","url":"https:\/\/www.macapflag.com\/blog\/","name":"Blog - Macap","description":"Tous nos articles","publisher":{"@id":"https:\/\/www.macapflag.com\/blog\/#organization"},"potentialAction":[{"@type":"SearchAction","target":{"@type":"EntryPoint","urlTemplate":"https:\/\/www.macapflag.com\/blog\/?s={search_term_string}"},"query-input":{"@type":"PropertyValueSpecification","valueRequired":true,"valueName":"search_term_string"}}],"inLanguage":"fr-FR"},{"@type":"Organization","@id":"https:\/\/www.macapflag.com\/blog\/#organization","name":"macapflag","url":"https:\/\/www.macapflag.com\/blog\/","logo":{"@type":"ImageObject","inLanguage":"fr-FR","@id":"https:\/\/www.macapflag.com\/blog\/#\/schema\/logo\/image\/","url":"https:\/\/www.macapflag.com\/blog\/wp-content\/uploads\/2020\/12\/cropped-M-512-1.png","contentUrl":"https:\/\/www.macapflag.com\/blog\/wp-content\/uploads\/2020\/12\/cropped-M-512-1.png","width":512,"height":512,"caption":"macapflag"},"image":{"@id":"https:\/\/www.macapflag.com\/blog\/#\/schema\/logo\/image\/"},"sameAs":["https:\/\/www.facebook.com\/macap.pavoisement\/","https:\/\/www.instagram.com\/macapflag\/?hl=fr","https:\/\/www.linkedin.com\/company\/macap\/?originalSubdomain=fr","https:\/\/www.youtube.com\/channel\/UCXNzTIdZh9poEBjSXEqDtNw"]},{"@type":"Person","@id":"https:\/\/www.macapflag.com\/blog\/#\/schema\/person\/3fea701f2603875e651e6b662578fc3c","name":"Blog Macap","image":{"@type":"ImageObject","inLanguage":"fr-FR","@id":"https:\/\/www.macapflag.com\/blog\/#\/schema\/person\/image\/","url":"https:\/\/secure.gravatar.com\/avatar\/c12551f2dc51f0db049633b03e7856985477a70da834cc8967dea4ce54bdd6a2?s=96&d=mm&r=g","contentUrl":"https:\/\/secure.gravatar.com\/avatar\/c12551f2dc51f0db049633b03e7856985477a70da834cc8967dea4ce54bdd6a2?s=96&d=mm&r=g","caption":"Blog Macap"},"url":"https:\/\/www.macapflag.com\/blog\/author\/macap\/"}]}},"_links":{"self":[{"href":"https:\/\/www.macapflag.com\/blog\/wp-json\/wp\/v2\/posts\/18390","targetHints":{"allow":["GET"]}}],"collection":[{"href":"https:\/\/www.macapflag.com\/blog\/wp-json\/wp\/v2\/posts"}],"about":[{"href":"https:\/\/www.macapflag.com\/blog\/wp-json\/wp\/v2\/types\/post"}],"author":[{"embeddable":true,"href":"https:\/\/www.macapflag.com\/blog\/wp-json\/wp\/v2\/users\/2"}],"replies":[{"embeddable":true,"href":"https:\/\/www.macapflag.com\/blog\/wp-json\/wp\/v2\/comments?post=18390"}],"version-history":[{"count":26,"href":"https:\/\/www.macapflag.com\/blog\/wp-json\/wp\/v2\/posts\/18390\/revisions"}],"predecessor-version":[{"id":18417,"href":"https:\/\/www.macapflag.com\/blog\/wp-json\/wp\/v2\/posts\/18390\/revisions\/18417"}],"wp:featuredmedia":[{"embeddable":true,"href":"https:\/\/www.macapflag.com\/blog\/wp-json\/wp\/v2\/media\/18391"}],"wp:attachment":[{"href":"https:\/\/www.macapflag.com\/blog\/wp-json\/wp\/v2\/media?parent=18390"}],"wp:term":[{"taxonomy":"category","embeddable":true,"href":"https:\/\/www.macapflag.com\/blog\/wp-json\/wp\/v2\/categories?post=18390"},{"taxonomy":"post_tag","embeddable":true,"href":"https:\/\/www.macapflag.com\/blog\/wp-json\/wp\/v2\/tags?post=18390"}],"curies":[{"name":"wp","href":"https:\/\/api.w.org\/{rel}","templated":true}]}}