{"id":18694,"date":"2025-11-27T08:18:15","date_gmt":"2025-11-27T07:18:15","guid":{"rendered":"https:\/\/www.macapflag.com\/blog\/?p=18694"},"modified":"2025-11-27T08:18:15","modified_gmt":"2025-11-27T07:18:15","slug":"5-idees-pour-profiter-vertueusement-du-black-friday","status":"publish","type":"post","link":"https:\/\/www.macapflag.com\/blog\/5-idees-pour-profiter-vertueusement-du-black-friday\/","title":{"rendered":"5 id\u00e9es pour profiter vertueusement du Black Friday"},"content":{"rendered":"\t\t<div data-elementor-type=\"wp-post\" data-elementor-id=\"18694\" class=\"elementor elementor-18694\">\n\t\t\t\t\t\t<section class=\"elementor-section elementor-top-section elementor-element elementor-element-0764f0a elementor-section-boxed elementor-section-height-default elementor-section-height-default\" data-id=\"0764f0a\" data-element_type=\"section\">\n\t\t\t\t\t\t<div class=\"elementor-container elementor-column-gap-default\">\n\t\t\t\t\t<div class=\"elementor-column elementor-col-100 elementor-top-column elementor-element elementor-element-702ae83\" data-id=\"702ae83\" data-element_type=\"column\">\n\t\t\t<div class=\"elementor-widget-wrap elementor-element-populated\">\n\t\t\t\t\t\t<div class=\"elementor-element elementor-element-c9a5afb elementor-widget elementor-widget-text-editor\" data-id=\"c9a5afb\" data-element_type=\"widget\" data-widget_type=\"text-editor.default\">\n\t\t\t\t<div class=\"elementor-widget-container\">\n\t\t\t\t\t\t\t\t\t<p>Originaire des \u00c9tats-Unis, le Black Friday a lieu le lendemain de la f\u00eate de Thanksgiving, c\u00e9l\u00e9br\u00e9e le quatri\u00e8me jeudi du mois de novembre.<br \/>C\u2019est donc demain, le <strong>vendredi 28 novembre 2025<\/strong> qu\u2019aura lieu cette op\u00e9ration commerciale de grande envergure. Si l&#8217;occasion semble parfaite pour faire de bonnes affaires, elle est aussi synonyme de surconsommation et d&#8217;impact environnemental. Et si l\u2019on tirait parti des promotions tout en adoptant une approche plus responsable ? Si nous devenions des consommateurs conscients et inspirants qui inciteraient le march\u00e9 \u00e0 \u00e9voluer ?<br \/>Voici quelques <strong>id\u00e9es pour un Black Friday plus \u00e9cologique et raisonn\u00e9.<\/strong><\/p>\t\t\t\t\t\t\t\t<\/div>\n\t\t\t\t<\/div>\n\t\t\t\t\t<\/div>\n\t\t<\/div>\n\t\t\t\t\t<\/div>\n\t\t<\/section>\n\t\t\t\t<section class=\"elementor-section elementor-top-section elementor-element elementor-element-716225d elementor-section-boxed elementor-section-height-default elementor-section-height-default\" data-id=\"716225d\" data-element_type=\"section\">\n\t\t\t\t\t\t<div class=\"elementor-container elementor-column-gap-default\">\n\t\t\t\t\t<div class=\"elementor-column elementor-col-100 elementor-top-column elementor-element elementor-element-fbd9aee\" data-id=\"fbd9aee\" data-element_type=\"column\">\n\t\t\t<div class=\"elementor-widget-wrap elementor-element-populated\">\n\t\t\t\t\t\t<div class=\"elementor-element elementor-element-a6d3511 elementor-widget elementor-widget-text-editor\" data-id=\"a6d3511\" data-element_type=\"widget\" data-widget_type=\"text-editor.default\">\n\t\t\t\t<div class=\"elementor-widget-container\">\n\t\t\t\t\t\t\t\t\t<h2>1 &#8211; Acheter d\u2019occasion ou reconditionn\u00e9<\/h2>\t\t\t\t\t\t\t\t<\/div>\n\t\t\t\t<\/div>\n\t\t\t\t\t<\/div>\n\t\t<\/div>\n\t\t\t\t\t<\/div>\n\t\t<\/section>\n\t\t\t\t<section class=\"elementor-section elementor-top-section elementor-element elementor-element-eb66948 elementor-section-boxed elementor-section-height-default elementor-section-height-default\" data-id=\"eb66948\" data-element_type=\"section\">\n\t\t\t\t\t\t<div class=\"elementor-container elementor-column-gap-default\">\n\t\t\t\t\t<div class=\"elementor-column elementor-col-100 elementor-top-column elementor-element elementor-element-4996942\" data-id=\"4996942\" data-element_type=\"column\">\n\t\t\t<div class=\"elementor-widget-wrap elementor-element-populated\">\n\t\t\t\t\t\t<div class=\"elementor-element elementor-element-0461a1a elementor-widget elementor-widget-text-editor\" data-id=\"0461a1a\" data-element_type=\"widget\" data-widget_type=\"text-editor.default\">\n\t\t\t\t<div class=\"elementor-widget-container\">\n\t\t\t\t\t\t\t\t\t<p>Avant de vous jeter sur des produits neufs, pourquoi ne pas consid\u00e9rer les produits d&#8217;occasion ou reconditionn\u00e9s\u202f? De nombreuses enseignes proposent des appareils \u00e9lectroniques, v\u00eatements, meubles ou jouets ayant d\u00e9j\u00e0 eu une premi\u00e8re vie, mais en excellent \u00e9tat. En optant pour cette solution, vous prolongez la dur\u00e9e de vie des objets et r\u00e9duisez la demande de nouvelles ressources naturelles.<\/p>\t\t\t\t\t\t\t\t<\/div>\n\t\t\t\t<\/div>\n\t\t\t\t\t<\/div>\n\t\t<\/div>\n\t\t\t\t\t<\/div>\n\t\t<\/section>\n\t\t\t\t<section class=\"elementor-section elementor-top-section elementor-element elementor-element-f4ca383 elementor-section-boxed elementor-section-height-default elementor-section-height-default\" data-id=\"f4ca383\" data-element_type=\"section\">\n\t\t\t\t\t\t<div class=\"elementor-container elementor-column-gap-default\">\n\t\t\t\t\t<div class=\"elementor-column elementor-col-50 elementor-top-column elementor-element elementor-element-a4a0317\" data-id=\"a4a0317\" data-element_type=\"column\">\n\t\t\t<div class=\"elementor-widget-wrap elementor-element-populated\">\n\t\t\t\t\t\t<div class=\"elementor-element elementor-element-672e8c1 elementor-widget elementor-widget-text-editor\" data-id=\"672e8c1\" data-element_type=\"widget\" data-widget_type=\"text-editor.default\">\n\t\t\t\t<div class=\"elementor-widget-container\">\n\t\t\t\t\t\t\t\t\t<p>Dans une dynamique de recyclage, de nouvelles marques se sont fait une place en cr\u00e9ant des objets \u00e0 partir d\u2019autres objets devenus obsol\u00e8tes. On pense notamment \u00e0 la <a href=\"https:\/\/lavieestbelt.fr\/\" target=\"_blank\" rel=\"noopener\"><span style=\"color: #3366ff;\">Vie est Belt\u00ae<\/span><\/a> qui cr\u00e9e des ceintures fabriqu\u00e9es \u00e0 partir de pneus de v\u00e9los.<\/p>\t\t\t\t\t\t\t\t<\/div>\n\t\t\t\t<\/div>\n\t\t\t\t\t<\/div>\n\t\t<\/div>\n\t\t\t\t<div class=\"elementor-column elementor-col-50 elementor-top-column elementor-element elementor-element-926e20b\" data-id=\"926e20b\" data-element_type=\"column\">\n\t\t\t<div class=\"elementor-widget-wrap elementor-element-populated\">\n\t\t\t\t\t\t<div class=\"elementor-element elementor-element-fd507ca elementor-widget elementor-widget-image\" data-id=\"fd507ca\" data-element_type=\"widget\" data-widget_type=\"image.default\">\n\t\t\t\t<div class=\"elementor-widget-container\">\n\t\t\t\t\t\t\t\t\t\t\t\t\t\t\t<img fetchpriority=\"high\" decoding=\"async\" width=\"700\" height=\"534\" src=\"https:\/\/www.macapflag.com\/blog\/wp-content\/uploads\/2024\/11\/5-ID-black-friday-1.jpg\" class=\"attachment-large size-large wp-image-18688\" alt=\"Cr\u00e9ateur \u00e9coresponsable accessoires mode\" srcset=\"https:\/\/www.macapflag.com\/blog\/wp-content\/uploads\/2024\/11\/5-ID-black-friday-1.jpg 700w, https:\/\/www.macapflag.com\/blog\/wp-content\/uploads\/2024\/11\/5-ID-black-friday-1-300x229.jpg 300w\" sizes=\"(max-width: 700px) 100vw, 700px\" \/>\t\t\t\t\t\t\t\t\t\t\t\t\t\t\t<\/div>\n\t\t\t\t<\/div>\n\t\t\t\t\t<\/div>\n\t\t<\/div>\n\t\t\t\t\t<\/div>\n\t\t<\/section>\n\t\t\t\t<section class=\"elementor-section elementor-top-section elementor-element elementor-element-fb0de1a elementor-section-boxed elementor-section-height-default elementor-section-height-default\" data-id=\"fb0de1a\" data-element_type=\"section\">\n\t\t\t\t\t\t<div class=\"elementor-container elementor-column-gap-default\">\n\t\t\t\t\t<div class=\"elementor-column elementor-col-100 elementor-top-column elementor-element elementor-element-19ac3b0\" data-id=\"19ac3b0\" data-element_type=\"column\">\n\t\t\t<div class=\"elementor-widget-wrap elementor-element-populated\">\n\t\t\t\t\t\t<div class=\"elementor-element elementor-element-0e30c18 elementor-widget elementor-widget-spacer\" data-id=\"0e30c18\" data-element_type=\"widget\" data-widget_type=\"spacer.default\">\n\t\t\t\t<div class=\"elementor-widget-container\">\n\t\t\t\t\t\t\t<div class=\"elementor-spacer\">\n\t\t\t<div class=\"elementor-spacer-inner\"><\/div>\n\t\t<\/div>\n\t\t\t\t\t\t<\/div>\n\t\t\t\t<\/div>\n\t\t\t\t\t<\/div>\n\t\t<\/div>\n\t\t\t\t\t<\/div>\n\t\t<\/section>\n\t\t\t\t<section class=\"elementor-section elementor-top-section elementor-element elementor-element-b47a150 elementor-section-boxed elementor-section-height-default elementor-section-height-default\" data-id=\"b47a150\" data-element_type=\"section\">\n\t\t\t\t\t\t<div class=\"elementor-container elementor-column-gap-default\">\n\t\t\t\t\t<div class=\"elementor-column elementor-col-100 elementor-top-column elementor-element elementor-element-914f9f9\" data-id=\"914f9f9\" data-element_type=\"column\">\n\t\t\t<div class=\"elementor-widget-wrap elementor-element-populated\">\n\t\t\t\t\t\t<div class=\"elementor-element elementor-element-9c83eaf elementor-widget elementor-widget-text-editor\" data-id=\"9c83eaf\" data-element_type=\"widget\" data-widget_type=\"text-editor.default\">\n\t\t\t\t<div class=\"elementor-widget-container\">\n\t\t\t\t\t\t\t\t\t<h2>2 &#8211; Prioriser les produits durables<\/h2>\t\t\t\t\t\t\t\t<\/div>\n\t\t\t\t<\/div>\n\t\t\t\t\t<\/div>\n\t\t<\/div>\n\t\t\t\t\t<\/div>\n\t\t<\/section>\n\t\t\t\t<section class=\"elementor-section elementor-top-section elementor-element elementor-element-4b4f49a elementor-section-boxed elementor-section-height-default elementor-section-height-default\" data-id=\"4b4f49a\" data-element_type=\"section\">\n\t\t\t\t\t\t<div class=\"elementor-container elementor-column-gap-default\">\n\t\t\t\t\t<div class=\"elementor-column elementor-col-100 elementor-top-column elementor-element elementor-element-0ceb822\" data-id=\"0ceb822\" data-element_type=\"column\">\n\t\t\t<div class=\"elementor-widget-wrap elementor-element-populated\">\n\t\t\t\t\t\t<div class=\"elementor-element elementor-element-bafc685 elementor-widget elementor-widget-text-editor\" data-id=\"bafc685\" data-element_type=\"widget\" data-widget_type=\"text-editor.default\">\n\t\t\t\t<div class=\"elementor-widget-container\">\n\t\t\t\t\t\t\t\t\t<p>Si vous devez acheter du neuf, privil\u00e9giez les produits \u00e9coresponsables, issus de marques engag\u00e9es dans une d\u00e9marche durable. <br \/>Que ce soit des v\u00eatements en fibres biologiques, des appareils \u00e9lectrom\u00e9nagers \u00e9conomes en \u00e9nergie ou des gadgets technologiques \u00e0 longue dur\u00e9e de vie, l\u2019id\u00e9e est de choisir des produits de qualit\u00e9 qui vous accompagneront longtemps, plut\u00f4t que des produits bon march\u00e9 \u00e0 dur\u00e9e de vie limit\u00e9e.<br \/>Si leur prix de vente est parfois sup\u00e9rieur, l\u2019\u00e9conomie se fait dans la dur\u00e9e. Un produit robuste et durable est un produit qui vous accompagne longtemps et peut m\u00eame parfois \u00eatre transmis \u00e0 ses enfants. <\/p>\t\t\t\t\t\t\t\t<\/div>\n\t\t\t\t<\/div>\n\t\t\t\t\t<\/div>\n\t\t<\/div>\n\t\t\t\t\t<\/div>\n\t\t<\/section>\n\t\t\t\t<section class=\"elementor-section elementor-top-section elementor-element elementor-element-cdb57df elementor-section-boxed elementor-section-height-default elementor-section-height-default\" data-id=\"cdb57df\" data-element_type=\"section\">\n\t\t\t\t\t\t<div class=\"elementor-container elementor-column-gap-default\">\n\t\t\t\t\t<div class=\"elementor-column elementor-col-100 elementor-top-column elementor-element elementor-element-4d14d47\" data-id=\"4d14d47\" data-element_type=\"column\">\n\t\t\t<div class=\"elementor-widget-wrap elementor-element-populated\">\n\t\t\t\t\t\t<div class=\"elementor-element elementor-element-2d79d62 elementor-widget elementor-widget-spacer\" data-id=\"2d79d62\" data-element_type=\"widget\" data-widget_type=\"spacer.default\">\n\t\t\t\t<div class=\"elementor-widget-container\">\n\t\t\t\t\t\t\t<div class=\"elementor-spacer\">\n\t\t\t<div class=\"elementor-spacer-inner\"><\/div>\n\t\t<\/div>\n\t\t\t\t\t\t<\/div>\n\t\t\t\t<\/div>\n\t\t\t\t\t<\/div>\n\t\t<\/div>\n\t\t\t\t\t<\/div>\n\t\t<\/section>\n\t\t\t\t<section class=\"elementor-section elementor-top-section elementor-element elementor-element-4012f07 elementor-section-boxed elementor-section-height-default elementor-section-height-default\" data-id=\"4012f07\" data-element_type=\"section\">\n\t\t\t\t\t\t<div class=\"elementor-container elementor-column-gap-default\">\n\t\t\t\t\t<div class=\"elementor-column elementor-col-100 elementor-top-column elementor-element elementor-element-4171b50\" data-id=\"4171b50\" data-element_type=\"column\">\n\t\t\t<div class=\"elementor-widget-wrap elementor-element-populated\">\n\t\t\t\t\t\t<div class=\"elementor-element elementor-element-2caf691 elementor-widget elementor-widget-text-editor\" data-id=\"2caf691\" data-element_type=\"widget\" data-widget_type=\"text-editor.default\">\n\t\t\t\t<div class=\"elementor-widget-container\">\n\t\t\t\t\t\t\t\t\t<h2>3 &#8211; Privil\u00e9gier les entreprises locales<\/h2>\t\t\t\t\t\t\t\t<\/div>\n\t\t\t\t<\/div>\n\t\t\t\t\t<\/div>\n\t\t<\/div>\n\t\t\t\t\t<\/div>\n\t\t<\/section>\n\t\t\t\t<section class=\"elementor-section elementor-top-section elementor-element elementor-element-7d23a01 elementor-section-boxed elementor-section-height-default elementor-section-height-default\" data-id=\"7d23a01\" data-element_type=\"section\">\n\t\t\t\t\t\t<div class=\"elementor-container elementor-column-gap-default\">\n\t\t\t\t\t<div class=\"elementor-column elementor-col-100 elementor-top-column elementor-element elementor-element-4b88c34\" data-id=\"4b88c34\" data-element_type=\"column\">\n\t\t\t<div class=\"elementor-widget-wrap elementor-element-populated\">\n\t\t\t\t\t\t<div class=\"elementor-element elementor-element-3899676 elementor-widget elementor-widget-text-editor\" data-id=\"3899676\" data-element_type=\"widget\" data-widget_type=\"text-editor.default\">\n\t\t\t\t<div class=\"elementor-widget-container\">\n\t\t\t\t\t\t\t\t\t<p>Le Black Friday peut aussi \u00eatre l\u2019occasion de soutenir les entreprises locales et d\u2019autant plus celles qui adoptent des pratiques respectueuses de l\u2019environnement. Acheter des produits fabriqu\u00e9s, en tout ou partie localement permet de r\u00e9duire l&#8217;empreinte carbone li\u00e9e au transport et favorise une \u00e9conomie plus circulaire. Si tous vos fournisseurs ne sont pas forc\u00e9ment vos voisins, il existe parfois pr\u00e8s de chez vous des entreprises ou des marques qui proposent des solutions qui peuvent\u00a0 correspondre \u00e0 vos besoins et envies, ouvrez l\u2019\u0153il !<\/p>\t\t\t\t\t\t\t\t<\/div>\n\t\t\t\t<\/div>\n\t\t\t\t\t<\/div>\n\t\t<\/div>\n\t\t\t\t\t<\/div>\n\t\t<\/section>\n\t\t\t\t<section class=\"elementor-section elementor-top-section elementor-element elementor-element-4da19a9 elementor-section-boxed elementor-section-height-default elementor-section-height-default\" data-id=\"4da19a9\" data-element_type=\"section\">\n\t\t\t\t\t\t<div class=\"elementor-container elementor-column-gap-default\">\n\t\t\t\t\t<div class=\"elementor-column elementor-col-50 elementor-top-column elementor-element elementor-element-5fd4990\" data-id=\"5fd4990\" data-element_type=\"column\">\n\t\t\t<div class=\"elementor-widget-wrap elementor-element-populated\">\n\t\t\t\t\t\t<div class=\"elementor-element elementor-element-c967578 elementor-widget elementor-widget-image\" data-id=\"c967578\" data-element_type=\"widget\" data-widget_type=\"image.default\">\n\t\t\t\t<div class=\"elementor-widget-container\">\n\t\t\t\t\t\t\t\t\t\t\t\t<figure class=\"wp-caption\">\n\t\t\t\t\t\t\t\t\t\t\t<a href=\"https:\/\/natif-shop.com\/\" target=\"_blank\">\n\t\t\t\t\t\t\t<img decoding=\"async\" width=\"700\" height=\"534\" src=\"https:\/\/www.macapflag.com\/blog\/wp-content\/uploads\/2024\/11\/5-ID-black-friday-3.jpg\" class=\"attachment-large size-large wp-image-18690\" alt=\"Achat local Black Friday avec la marque Natif\" srcset=\"https:\/\/www.macapflag.com\/blog\/wp-content\/uploads\/2024\/11\/5-ID-black-friday-3.jpg 700w, https:\/\/www.macapflag.com\/blog\/wp-content\/uploads\/2024\/11\/5-ID-black-friday-3-300x229.jpg 300w\" sizes=\"(max-width: 700px) 100vw, 700px\" \/>\t\t\t\t\t\t\t\t<\/a>\n\t\t\t\t\t\t\t\t\t\t\t<figcaption class=\"widget-image-caption wp-caption-text\">Natif\u00ae, la marque varoise qui monte<\/figcaption>\n\t\t\t\t\t\t\t\t\t\t<\/figure>\n\t\t\t\t\t\t\t\t\t<\/div>\n\t\t\t\t<\/div>\n\t\t\t\t\t<\/div>\n\t\t<\/div>\n\t\t\t\t<div class=\"elementor-column elementor-col-50 elementor-top-column elementor-element elementor-element-3b1869a\" data-id=\"3b1869a\" data-element_type=\"column\">\n\t\t\t<div class=\"elementor-widget-wrap elementor-element-populated\">\n\t\t\t\t\t\t<div class=\"elementor-element elementor-element-df84425 elementor-widget elementor-widget-image\" data-id=\"df84425\" data-element_type=\"widget\" data-widget_type=\"image.default\">\n\t\t\t\t<div class=\"elementor-widget-container\">\n\t\t\t\t\t\t\t\t\t\t\t\t<figure class=\"wp-caption\">\n\t\t\t\t\t\t\t\t\t\t\t<a href=\"https:\/\/www.louisemarcaud.com\/\" target=\"_blank\">\n\t\t\t\t\t\t\t<img decoding=\"async\" width=\"700\" height=\"534\" src=\"https:\/\/www.macapflag.com\/blog\/wp-content\/uploads\/2024\/11\/5-ID-black-friday-2.jpg\" class=\"attachment-large size-large wp-image-18689\" alt=\"Cr\u00e9ateur \u00e9coresponsable v\u00eatements mode\" srcset=\"https:\/\/www.macapflag.com\/blog\/wp-content\/uploads\/2024\/11\/5-ID-black-friday-2.jpg 700w, https:\/\/www.macapflag.com\/blog\/wp-content\/uploads\/2024\/11\/5-ID-black-friday-2-300x229.jpg 300w\" sizes=\"(max-width: 700px) 100vw, 700px\" \/>\t\t\t\t\t\t\t\t<\/a>\n\t\t\t\t\t\t\t\t\t\t\t<figcaption class=\"widget-image-caption wp-caption-text\">Louise Marcaud\u00ae, une marque 100% parisienne<\/figcaption>\n\t\t\t\t\t\t\t\t\t\t<\/figure>\n\t\t\t\t\t\t\t\t\t<\/div>\n\t\t\t\t<\/div>\n\t\t\t\t\t<\/div>\n\t\t<\/div>\n\t\t\t\t\t<\/div>\n\t\t<\/section>\n\t\t\t\t<section class=\"elementor-section elementor-top-section elementor-element elementor-element-ccac8a0 elementor-section-boxed elementor-section-height-default elementor-section-height-default\" data-id=\"ccac8a0\" data-element_type=\"section\">\n\t\t\t\t\t\t<div class=\"elementor-container elementor-column-gap-default\">\n\t\t\t\t\t<div class=\"elementor-column elementor-col-100 elementor-top-column elementor-element elementor-element-91cf147\" data-id=\"91cf147\" data-element_type=\"column\">\n\t\t\t<div class=\"elementor-widget-wrap elementor-element-populated\">\n\t\t\t\t\t\t<div class=\"elementor-element elementor-element-0824c1a elementor-widget elementor-widget-spacer\" data-id=\"0824c1a\" data-element_type=\"widget\" data-widget_type=\"spacer.default\">\n\t\t\t\t<div class=\"elementor-widget-container\">\n\t\t\t\t\t\t\t<div class=\"elementor-spacer\">\n\t\t\t<div class=\"elementor-spacer-inner\"><\/div>\n\t\t<\/div>\n\t\t\t\t\t\t<\/div>\n\t\t\t\t<\/div>\n\t\t\t\t\t<\/div>\n\t\t<\/div>\n\t\t\t\t\t<\/div>\n\t\t<\/section>\n\t\t\t\t<section class=\"elementor-section elementor-top-section elementor-element elementor-element-82936a1 elementor-section-boxed elementor-section-height-default elementor-section-height-default\" data-id=\"82936a1\" data-element_type=\"section\">\n\t\t\t\t\t\t<div class=\"elementor-container elementor-column-gap-default\">\n\t\t\t\t\t<div class=\"elementor-column elementor-col-100 elementor-top-column elementor-element elementor-element-1a616a5\" data-id=\"1a616a5\" data-element_type=\"column\">\n\t\t\t<div class=\"elementor-widget-wrap elementor-element-populated\">\n\t\t\t\t\t\t<div class=\"elementor-element elementor-element-ab7a604 elementor-widget elementor-widget-text-editor\" data-id=\"ab7a604\" data-element_type=\"widget\" data-widget_type=\"text-editor.default\">\n\t\t\t\t<div class=\"elementor-widget-container\">\n\t\t\t\t\t\t\t\t\t<h2>4 &#8211; Se questionner sur ses besoins r\u00e9els<\/h2>\t\t\t\t\t\t\t\t<\/div>\n\t\t\t\t<\/div>\n\t\t\t\t\t<\/div>\n\t\t<\/div>\n\t\t\t\t\t<\/div>\n\t\t<\/section>\n\t\t\t\t<section class=\"elementor-section elementor-top-section elementor-element elementor-element-762419a elementor-section-boxed elementor-section-height-default elementor-section-height-default\" data-id=\"762419a\" data-element_type=\"section\">\n\t\t\t\t\t\t<div class=\"elementor-container elementor-column-gap-default\">\n\t\t\t\t\t<div class=\"elementor-column elementor-col-100 elementor-top-column elementor-element elementor-element-fcf6666\" data-id=\"fcf6666\" data-element_type=\"column\">\n\t\t\t<div class=\"elementor-widget-wrap elementor-element-populated\">\n\t\t\t\t\t\t<div class=\"elementor-element elementor-element-3e03fae elementor-widget elementor-widget-text-editor\" data-id=\"3e03fae\" data-element_type=\"widget\" data-widget_type=\"text-editor.default\">\n\t\t\t\t<div class=\"elementor-widget-container\">\n\t\t\t\t\t\t\t\t\t<p>Avant de c\u00e9der \u00e0 l&#8217;appel des r\u00e9ductions, posez-vous la question : avez-vous vraiment besoin de ce produit\u202f? <br \/>Souvent, les promotions cr\u00e9ent une urgence artificielle, nous incitant \u00e0 acheter des objets dont nous n\u2019avons pas vraiment besoin ou que nous utilisons rarement. Faire une liste de ce dont vous avez besoin avant le Black Friday peut vous aider \u00e0 rester concentr\u00e9 et \u00e0 ne pas succomber \u00e0 des achats inutiles.<\/p>\t\t\t\t\t\t\t\t<\/div>\n\t\t\t\t<\/div>\n\t\t\t\t\t<\/div>\n\t\t<\/div>\n\t\t\t\t\t<\/div>\n\t\t<\/section>\n\t\t\t\t<section class=\"elementor-section elementor-top-section elementor-element elementor-element-f094a64 elementor-section-boxed elementor-section-height-default elementor-section-height-default\" data-id=\"f094a64\" data-element_type=\"section\">\n\t\t\t\t\t\t<div class=\"elementor-container elementor-column-gap-default\">\n\t\t\t\t\t<div class=\"elementor-column elementor-col-100 elementor-top-column elementor-element elementor-element-0de9ed8\" data-id=\"0de9ed8\" data-element_type=\"column\">\n\t\t\t<div class=\"elementor-widget-wrap elementor-element-populated\">\n\t\t\t\t\t\t<div class=\"elementor-element elementor-element-3cf4217 elementor-widget elementor-widget-image\" data-id=\"3cf4217\" data-element_type=\"widget\" data-widget_type=\"image.default\">\n\t\t\t\t<div class=\"elementor-widget-container\">\n\t\t\t\t\t\t\t\t\t\t\t\t\t\t\t<img loading=\"lazy\" decoding=\"async\" width=\"700\" height=\"534\" src=\"https:\/\/www.macapflag.com\/blog\/wp-content\/uploads\/2024\/11\/5-ID-black-friday-4.jpg\" class=\"attachment-large size-large wp-image-18691\" alt=\"Achats intelligents Black Friday\" srcset=\"https:\/\/www.macapflag.com\/blog\/wp-content\/uploads\/2024\/11\/5-ID-black-friday-4.jpg 700w, https:\/\/www.macapflag.com\/blog\/wp-content\/uploads\/2024\/11\/5-ID-black-friday-4-300x229.jpg 300w\" sizes=\"(max-width: 700px) 100vw, 700px\" \/>\t\t\t\t\t\t\t\t\t\t\t\t\t\t\t<\/div>\n\t\t\t\t<\/div>\n\t\t\t\t\t<\/div>\n\t\t<\/div>\n\t\t\t\t\t<\/div>\n\t\t<\/section>\n\t\t\t\t<section class=\"elementor-section elementor-top-section elementor-element elementor-element-9cbc415 elementor-section-boxed elementor-section-height-default elementor-section-height-default\" data-id=\"9cbc415\" data-element_type=\"section\">\n\t\t\t\t\t\t<div class=\"elementor-container elementor-column-gap-default\">\n\t\t\t\t\t<div class=\"elementor-column elementor-col-100 elementor-top-column elementor-element elementor-element-873673f\" data-id=\"873673f\" data-element_type=\"column\">\n\t\t\t<div class=\"elementor-widget-wrap elementor-element-populated\">\n\t\t\t\t\t\t<div class=\"elementor-element elementor-element-22e401f elementor-widget elementor-widget-spacer\" data-id=\"22e401f\" data-element_type=\"widget\" data-widget_type=\"spacer.default\">\n\t\t\t\t<div class=\"elementor-widget-container\">\n\t\t\t\t\t\t\t<div class=\"elementor-spacer\">\n\t\t\t<div class=\"elementor-spacer-inner\"><\/div>\n\t\t<\/div>\n\t\t\t\t\t\t<\/div>\n\t\t\t\t<\/div>\n\t\t\t\t\t<\/div>\n\t\t<\/div>\n\t\t\t\t\t<\/div>\n\t\t<\/section>\n\t\t\t\t<section class=\"elementor-section elementor-top-section elementor-element elementor-element-576b187 elementor-section-boxed elementor-section-height-default elementor-section-height-default\" data-id=\"576b187\" data-element_type=\"section\">\n\t\t\t\t\t\t<div class=\"elementor-container elementor-column-gap-default\">\n\t\t\t\t\t<div class=\"elementor-column elementor-col-100 elementor-top-column elementor-element elementor-element-a9693e2\" data-id=\"a9693e2\" data-element_type=\"column\">\n\t\t\t<div class=\"elementor-widget-wrap elementor-element-populated\">\n\t\t\t\t\t\t<div class=\"elementor-element elementor-element-4bb6057 elementor-widget elementor-widget-text-editor\" data-id=\"4bb6057\" data-element_type=\"widget\" data-widget_type=\"text-editor.default\">\n\t\t\t\t<div class=\"elementor-widget-container\">\n\t\t\t\t\t\t\t\t\t<h2>5 &#8211; Participez au Green Friday, le consommateur devient consom\u2019acteur<\/h2>\t\t\t\t\t\t\t\t<\/div>\n\t\t\t\t<\/div>\n\t\t\t\t\t<\/div>\n\t\t<\/div>\n\t\t\t\t\t<\/div>\n\t\t<\/section>\n\t\t\t\t<section class=\"elementor-section elementor-top-section elementor-element elementor-element-2af2e54 elementor-section-boxed elementor-section-height-default elementor-section-height-default\" data-id=\"2af2e54\" data-element_type=\"section\">\n\t\t\t\t\t\t<div class=\"elementor-container elementor-column-gap-default\">\n\t\t\t\t\t<div class=\"elementor-column elementor-col-100 elementor-top-column elementor-element elementor-element-3e87068\" data-id=\"3e87068\" data-element_type=\"column\">\n\t\t\t<div class=\"elementor-widget-wrap elementor-element-populated\">\n\t\t\t\t\t\t<div class=\"elementor-element elementor-element-df0f999 elementor-widget elementor-widget-text-editor\" data-id=\"df0f999\" data-element_type=\"widget\" data-widget_type=\"text-editor.default\">\n\t\t\t\t<div class=\"elementor-widget-container\">\n\t\t\t\t\t\t\t\t\t<p>Le Green Friday\u00ae est une journ\u00e9e initi\u00e9e en 2017 par les membres du r\u00e9seau Envie. <br \/>Le principe du Green Friday\u00ae est de sensibiliser \u00e0 la consommation responsable et d\u00e9noncer la logique du Black Friday, sans culpabilisation, mais en remettant les choix citoyens au c\u0153ur des enjeux environnementaux et sociaux li\u00e9s \u00e0 la consommation.<\/p><p>Comment ? : <br \/>En proposant de limiter le gaspillage, d\u2019encourager le recyclage et la r\u00e9paration.<br \/>En rappelant que l\u2019acte d\u2019achat est un choix fort avec des cons\u00e9quences concr\u00e8tes sur l\u2019environnement. Chaque euro d\u00e9pens\u00e9 est un vote pour le monde dans lequel nous voulons vivre.<br \/>En rappelant \u00e9galement que collectivement, nos actions et nos habitudes ont un impact important sur l\u2019environnement.<br \/>En proposant d\u2019acheter labellis\u00e9, d\u2019occasion, local, en privil\u00e9giant la robustesse.<\/p><p>\u00a0<\/p>\t\t\t\t\t\t\t\t<\/div>\n\t\t\t\t<\/div>\n\t\t\t\t\t<\/div>\n\t\t<\/div>\n\t\t\t\t\t<\/div>\n\t\t<\/section>\n\t\t\t\t<section class=\"elementor-section elementor-top-section elementor-element elementor-element-6b453db elementor-section-boxed elementor-section-height-default elementor-section-height-default\" data-id=\"6b453db\" data-element_type=\"section\">\n\t\t\t\t\t\t<div class=\"elementor-container elementor-column-gap-default\">\n\t\t\t\t\t<div class=\"elementor-column elementor-col-50 elementor-top-column elementor-element elementor-element-0359391\" data-id=\"0359391\" data-element_type=\"column\">\n\t\t\t<div class=\"elementor-widget-wrap elementor-element-populated\">\n\t\t\t\t\t\t<div class=\"elementor-element elementor-element-9b44394 elementor-widget elementor-widget-image\" data-id=\"9b44394\" data-element_type=\"widget\" data-widget_type=\"image.default\">\n\t\t\t\t<div class=\"elementor-widget-container\">\n\t\t\t\t\t\t\t\t\t\t\t\t\t\t\t<img loading=\"lazy\" decoding=\"async\" width=\"700\" height=\"534\" src=\"https:\/\/www.macapflag.com\/blog\/wp-content\/uploads\/2024\/11\/5-ID-black-friday-5.jpg\" class=\"attachment-large size-large wp-image-18692\" alt=\"Green Friday plut\u00f4t que Black Friday\" srcset=\"https:\/\/www.macapflag.com\/blog\/wp-content\/uploads\/2024\/11\/5-ID-black-friday-5.jpg 700w, https:\/\/www.macapflag.com\/blog\/wp-content\/uploads\/2024\/11\/5-ID-black-friday-5-300x229.jpg 300w\" sizes=\"(max-width: 700px) 100vw, 700px\" \/>\t\t\t\t\t\t\t\t\t\t\t\t\t\t\t<\/div>\n\t\t\t\t<\/div>\n\t\t\t\t\t<\/div>\n\t\t<\/div>\n\t\t\t\t<div class=\"elementor-column elementor-col-50 elementor-top-column elementor-element elementor-element-e61e893\" data-id=\"e61e893\" data-element_type=\"column\">\n\t\t\t<div class=\"elementor-widget-wrap elementor-element-populated\">\n\t\t\t\t\t\t<div class=\"elementor-element elementor-element-b463275 elementor-widget elementor-widget-text-editor\" data-id=\"b463275\" data-element_type=\"widget\" data-widget_type=\"text-editor.default\">\n\t\t\t\t<div class=\"elementor-widget-container\">\n\t\t\t\t\t\t\t\t\t<p>Green Friday\u00ae est aujourd\u2019hui une marque d\u00e9pos\u00e9e. <br \/>Pour en savoir plus, rendez-vous sur le site : <a href=\"https:\/\/greenfriday.fr\/\" target=\"_blank\" rel=\"noopener\"><span style=\"color: #3366ff;\">https:\/\/greenfriday.fr\/<\/span><\/a><\/p>\t\t\t\t\t\t\t\t<\/div>\n\t\t\t\t<\/div>\n\t\t\t\t\t<\/div>\n\t\t<\/div>\n\t\t\t\t\t<\/div>\n\t\t<\/section>\n\t\t\t\t<section class=\"elementor-section elementor-top-section elementor-element elementor-element-26fe83d elementor-section-boxed elementor-section-height-default elementor-section-height-default\" data-id=\"26fe83d\" data-element_type=\"section\">\n\t\t\t\t\t\t<div class=\"elementor-container elementor-column-gap-default\">\n\t\t\t\t\t<div class=\"elementor-column elementor-col-100 elementor-top-column elementor-element elementor-element-4ff8f6a\" data-id=\"4ff8f6a\" data-element_type=\"column\">\n\t\t\t<div class=\"elementor-widget-wrap elementor-element-populated\">\n\t\t\t\t\t\t<div class=\"elementor-element elementor-element-5e3a6e5 elementor-widget-divider--view-line elementor-widget elementor-widget-divider\" data-id=\"5e3a6e5\" data-element_type=\"widget\" data-widget_type=\"divider.default\">\n\t\t\t\t<div class=\"elementor-widget-container\">\n\t\t\t\t\t\t\t<div class=\"elementor-divider\">\n\t\t\t<span class=\"elementor-divider-separator\">\n\t\t\t\t\t\t<\/span>\n\t\t<\/div>\n\t\t\t\t\t\t<\/div>\n\t\t\t\t<\/div>\n\t\t\t\t\t<\/div>\n\t\t<\/div>\n\t\t\t\t\t<\/div>\n\t\t<\/section>\n\t\t\t\t<section class=\"elementor-section elementor-top-section elementor-element elementor-element-fc9707a elementor-section-boxed elementor-section-height-default elementor-section-height-default\" data-id=\"fc9707a\" data-element_type=\"section\">\n\t\t\t\t\t\t<div class=\"elementor-container elementor-column-gap-default\">\n\t\t\t\t\t<div class=\"elementor-column elementor-col-100 elementor-top-column elementor-element elementor-element-3a3ae60\" data-id=\"3a3ae60\" data-element_type=\"column\">\n\t\t\t<div class=\"elementor-widget-wrap elementor-element-populated\">\n\t\t\t\t\t\t<div class=\"elementor-element elementor-element-4bae4f5 elementor-widget elementor-widget-text-editor\" data-id=\"4bae4f5\" data-element_type=\"widget\" data-widget_type=\"text-editor.default\">\n\t\t\t\t<div class=\"elementor-widget-container\">\n\t\t\t\t\t\t\t\t\t<h2>Et chez Macap, \u00e7a se passe comment ?<\/h2>\t\t\t\t\t\t\t\t<\/div>\n\t\t\t\t<\/div>\n\t\t\t\t\t<\/div>\n\t\t<\/div>\n\t\t\t\t\t<\/div>\n\t\t<\/section>\n\t\t\t\t<section class=\"elementor-section elementor-top-section elementor-element elementor-element-5913818 elementor-section-boxed elementor-section-height-default elementor-section-height-default\" data-id=\"5913818\" data-element_type=\"section\">\n\t\t\t\t\t\t<div class=\"elementor-container elementor-column-gap-default\">\n\t\t\t\t\t<div class=\"elementor-column elementor-col-100 elementor-top-column elementor-element elementor-element-3db4e06\" data-id=\"3db4e06\" data-element_type=\"column\">\n\t\t\t<div class=\"elementor-widget-wrap elementor-element-populated\">\n\t\t\t\t\t\t<div class=\"elementor-element elementor-element-9a099e7 elementor-widget elementor-widget-text-editor\" data-id=\"9a099e7\" data-element_type=\"widget\" data-widget_type=\"text-editor.default\">\n\t\t\t\t<div class=\"elementor-widget-container\">\n\t\t\t\t\t\t\t\t\t<p>Pour cette entreprise familiale cinquantenaire, la d\u00e9marche RSE n\u2019est pas un ph\u00e9nom\u00e8ne de mode mais plut\u00f4t un fil conducteur qui s\u2019inscrit dans la dur\u00e9e et aupr\u00e8s de tous les services de l\u2019entreprise.<br \/>Plusieurs initiatives illustrent notre engagement :<\/p>\t\t\t\t\t\t\t\t<\/div>\n\t\t\t\t<\/div>\n\t\t\t\t\t<\/div>\n\t\t<\/div>\n\t\t\t\t\t<\/div>\n\t\t<\/section>\n\t\t\t\t<section class=\"elementor-section elementor-top-section elementor-element elementor-element-8276b25 elementor-section-boxed elementor-section-height-default elementor-section-height-default\" data-id=\"8276b25\" data-element_type=\"section\">\n\t\t\t\t\t\t<div class=\"elementor-container elementor-column-gap-default\">\n\t\t\t\t\t<div class=\"elementor-column elementor-col-100 elementor-top-column elementor-element elementor-element-6c587e8\" data-id=\"6c587e8\" data-element_type=\"column\">\n\t\t\t<div class=\"elementor-widget-wrap elementor-element-populated\">\n\t\t\t\t\t\t<div class=\"elementor-element elementor-element-80842be elementor-widget elementor-widget-text-editor\" data-id=\"80842be\" data-element_type=\"widget\" data-widget_type=\"text-editor.default\">\n\t\t\t\t<div class=\"elementor-widget-container\">\n\t\t\t\t\t\t\t\t\t<h3>L\u2019utilisation de mati\u00e8res imprimables \u00e9coresponsables<\/h3>\t\t\t\t\t\t\t\t<\/div>\n\t\t\t\t<\/div>\n\t\t\t\t\t<\/div>\n\t\t<\/div>\n\t\t\t\t\t<\/div>\n\t\t<\/section>\n\t\t\t\t<section class=\"elementor-section elementor-top-section elementor-element elementor-element-005501a elementor-section-boxed elementor-section-height-default elementor-section-height-default\" data-id=\"005501a\" data-element_type=\"section\">\n\t\t\t\t\t\t<div class=\"elementor-container elementor-column-gap-default\">\n\t\t\t\t\t<div class=\"elementor-column elementor-col-100 elementor-top-column elementor-element elementor-element-f6a74b7\" data-id=\"f6a74b7\" data-element_type=\"column\">\n\t\t\t<div class=\"elementor-widget-wrap elementor-element-populated\">\n\t\t\t\t\t\t<div class=\"elementor-element elementor-element-62e4949 elementor-widget elementor-widget-text-editor\" data-id=\"62e4949\" data-element_type=\"widget\" data-widget_type=\"text-editor.default\">\n\t\t\t\t<div class=\"elementor-widget-container\">\n\t\t\t\t\t\t\t\t\t<p>Depuis plusieurs ann\u00e9es, Macap propose dans son catalogue, le choix de mati\u00e8res recycl\u00e9es. Pour la voile d\u2019un beachflag comme pour une banderole ou un drapeau imprim\u00e9, vous avez la possibilit\u00e9 de choisir la mati\u00e8re Maille PET. <br \/>Fabriqu\u00e9e gr\u00e2ce \u00e0 des bouteilles en plastique qui sont recycl\u00e9es et transform\u00e9es pour devenir du textile, cette mati\u00e8re innovante contribue \u00e0 r\u00e9duire les d\u00e9chets issus de la consommation astronomique de ces bouteilles. <a href=\"https:\/\/www.macapflag.com\/content\/40-matiere-pet\" target=\"_blank\" rel=\"noopener\"><span style=\"color: #3366ff;\">Cliquez ici pour en savoir plus.<\/span><\/a><\/p>\t\t\t\t\t\t\t\t<\/div>\n\t\t\t\t<\/div>\n\t\t\t\t\t<\/div>\n\t\t<\/div>\n\t\t\t\t\t<\/div>\n\t\t<\/section>\n\t\t\t\t<section class=\"elementor-section elementor-top-section elementor-element elementor-element-1a05e1e elementor-section-boxed elementor-section-height-default elementor-section-height-default\" data-id=\"1a05e1e\" data-element_type=\"section\">\n\t\t\t\t\t\t<div class=\"elementor-container elementor-column-gap-default\">\n\t\t\t\t\t<div class=\"elementor-column elementor-col-100 elementor-top-column elementor-element elementor-element-9a0a975\" data-id=\"9a0a975\" data-element_type=\"column\">\n\t\t\t<div class=\"elementor-widget-wrap elementor-element-populated\">\n\t\t\t\t\t\t<div class=\"elementor-element elementor-element-a6816e3 elementor-widget elementor-widget-text-editor\" data-id=\"a6816e3\" data-element_type=\"widget\" data-widget_type=\"text-editor.default\">\n\t\t\t\t<div class=\"elementor-widget-container\">\n\t\t\t\t\t\t\t\t\t<h3>Une production fran\u00e7aise<\/h3>\t\t\t\t\t\t\t\t<\/div>\n\t\t\t\t<\/div>\n\t\t\t\t\t<\/div>\n\t\t<\/div>\n\t\t\t\t\t<\/div>\n\t\t<\/section>\n\t\t\t\t<section class=\"elementor-section elementor-top-section elementor-element elementor-element-fe6de11 elementor-section-boxed elementor-section-height-default elementor-section-height-default\" data-id=\"fe6de11\" data-element_type=\"section\">\n\t\t\t\t\t\t<div class=\"elementor-container elementor-column-gap-default\">\n\t\t\t\t\t<div class=\"elementor-column elementor-col-100 elementor-top-column elementor-element elementor-element-3e934c6\" data-id=\"3e934c6\" data-element_type=\"column\">\n\t\t\t<div class=\"elementor-widget-wrap elementor-element-populated\">\n\t\t\t\t\t\t<div class=\"elementor-element elementor-element-7b0bd68 elementor-widget elementor-widget-text-editor\" data-id=\"7b0bd68\" data-element_type=\"widget\" data-widget_type=\"text-editor.default\">\n\t\t\t\t<div class=\"elementor-widget-container\">\n\t\t\t\t\t\t\t\t\t<p>L\u2019ensemble de la production <a href=\"https:\/\/www.macapflag.com\/\" target=\"_blank\" rel=\"noopener\"><span style=\"color: #3366ff;\">Macap<\/span><\/a> est localis\u00e9e en France au sein des ateliers de l\u2019entreprise situ\u00e9e \u00e0 Cuers dans le Var. Services g\u00e9n\u00e9raux, impression, confection, montage, exp\u00e9dition, c\u2019est ici que tout se passe !<\/p>\t\t\t\t\t\t\t\t<\/div>\n\t\t\t\t<\/div>\n\t\t\t\t\t<\/div>\n\t\t<\/div>\n\t\t\t\t\t<\/div>\n\t\t<\/section>\n\t\t\t\t<section class=\"elementor-section elementor-top-section elementor-element elementor-element-92c9c57 elementor-section-boxed elementor-section-height-default elementor-section-height-default\" data-id=\"92c9c57\" data-element_type=\"section\">\n\t\t\t\t\t\t<div class=\"elementor-container elementor-column-gap-default\">\n\t\t\t\t\t<div class=\"elementor-column elementor-col-100 elementor-top-column elementor-element elementor-element-089b37f\" data-id=\"089b37f\" data-element_type=\"column\">\n\t\t\t<div class=\"elementor-widget-wrap elementor-element-populated\">\n\t\t\t\t\t\t<div class=\"elementor-element elementor-element-318cf8e elementor-widget elementor-widget-text-editor\" data-id=\"318cf8e\" data-element_type=\"widget\" data-widget_type=\"text-editor.default\">\n\t\t\t\t<div class=\"elementor-widget-container\">\n\t\t\t\t\t\t\t\t\t<h3>Un service client de proximit\u00e9<\/h3>\t\t\t\t\t\t\t\t<\/div>\n\t\t\t\t<\/div>\n\t\t\t\t\t<\/div>\n\t\t<\/div>\n\t\t\t\t\t<\/div>\n\t\t<\/section>\n\t\t\t\t<section class=\"elementor-section elementor-top-section elementor-element elementor-element-7c684c8 elementor-section-boxed elementor-section-height-default elementor-section-height-default\" data-id=\"7c684c8\" data-element_type=\"section\">\n\t\t\t\t\t\t<div class=\"elementor-container elementor-column-gap-default\">\n\t\t\t\t\t<div class=\"elementor-column elementor-col-100 elementor-top-column elementor-element elementor-element-3f23eff\" data-id=\"3f23eff\" data-element_type=\"column\">\n\t\t\t<div class=\"elementor-widget-wrap elementor-element-populated\">\n\t\t\t\t\t\t<div class=\"elementor-element elementor-element-05eabff elementor-widget elementor-widget-text-editor\" data-id=\"05eabff\" data-element_type=\"widget\" data-widget_type=\"text-editor.default\">\n\t\t\t\t<div class=\"elementor-widget-container\">\n\t\t\t\t\t\t\t\t\t<p>Le choix de la fabrication fran\u00e7aise implique la production ainsi que tout son accompagnement. Notre \u00e9quipe commerciale de huit personnes est au service des clients, d\u2019une simple demande d\u2019information jusqu\u2019au suivi d\u2019une commande. Les infographistes de la soci\u00e9t\u00e9 ont \u00e9galement leur bureau situ\u00e9 entre le service commercial et les ateliers de production, pour rester facilement et continuellement en lien.<\/p>\t\t\t\t\t\t\t\t<\/div>\n\t\t\t\t<\/div>\n\t\t\t\t\t<\/div>\n\t\t<\/div>\n\t\t\t\t\t<\/div>\n\t\t<\/section>\n\t\t\t\t<section class=\"elementor-section elementor-top-section elementor-element elementor-element-1125fac elementor-section-boxed elementor-section-height-default elementor-section-height-default\" data-id=\"1125fac\" data-element_type=\"section\">\n\t\t\t\t\t\t<div class=\"elementor-container elementor-column-gap-default\">\n\t\t\t\t\t<div class=\"elementor-column elementor-col-100 elementor-top-column elementor-element elementor-element-e6b413e\" data-id=\"e6b413e\" data-element_type=\"column\">\n\t\t\t<div class=\"elementor-widget-wrap elementor-element-populated\">\n\t\t\t\t\t\t<div class=\"elementor-element elementor-element-f091c0d elementor-widget elementor-widget-text-editor\" data-id=\"f091c0d\" data-element_type=\"widget\" data-widget_type=\"text-editor.default\">\n\t\t\t\t<div class=\"elementor-widget-container\">\n\t\t\t\t\t\t\t\t\t<h3>Le label Imprim\u2019vert\u00ae<\/h3>\t\t\t\t\t\t\t\t<\/div>\n\t\t\t\t<\/div>\n\t\t\t\t\t<\/div>\n\t\t<\/div>\n\t\t\t\t\t<\/div>\n\t\t<\/section>\n\t\t\t\t<section class=\"elementor-section elementor-top-section elementor-element elementor-element-6791203 elementor-section-boxed elementor-section-height-default elementor-section-height-default\" data-id=\"6791203\" data-element_type=\"section\">\n\t\t\t\t\t\t<div class=\"elementor-container elementor-column-gap-default\">\n\t\t\t\t\t<div class=\"elementor-column elementor-col-100 elementor-top-column elementor-element elementor-element-3b79fdf\" data-id=\"3b79fdf\" data-element_type=\"column\">\n\t\t\t<div class=\"elementor-widget-wrap elementor-element-populated\">\n\t\t\t\t\t\t<div class=\"elementor-element elementor-element-9bda584 elementor-widget elementor-widget-text-editor\" data-id=\"9bda584\" data-element_type=\"widget\" data-widget_type=\"text-editor.default\">\n\t\t\t\t<div class=\"elementor-widget-container\">\n\t\t\t\t\t\t\t\t\t<p>Depuis 2010, Macap est labellis\u00e9e \u00ab Imprim\u2019Vert\u00ae \u00bb. Ceci nous engage notamment \u00e0 \u00e9liminer les d\u00e9chets dangereux, \u00e0 s\u00e9curiser les r\u00e9sidus d\u2019encres et \u00e0 sensibiliser nos salari\u00e9s et de nos clients \u00e0 la cause environnementale.<\/p>\t\t\t\t\t\t\t\t<\/div>\n\t\t\t\t<\/div>\n\t\t\t\t\t<\/div>\n\t\t<\/div>\n\t\t\t\t\t<\/div>\n\t\t<\/section>\n\t\t\t\t<section class=\"elementor-section elementor-top-section elementor-element elementor-element-8848f5c elementor-section-boxed elementor-section-height-default elementor-section-height-default\" data-id=\"8848f5c\" data-element_type=\"section\">\n\t\t\t\t\t\t<div class=\"elementor-container elementor-column-gap-default\">\n\t\t\t\t\t<div class=\"elementor-column elementor-col-100 elementor-top-column elementor-element elementor-element-82d28f2\" data-id=\"82d28f2\" data-element_type=\"column\">\n\t\t\t<div class=\"elementor-widget-wrap elementor-element-populated\">\n\t\t\t\t\t\t<div class=\"elementor-element elementor-element-34e6fc2 elementor-widget elementor-widget-text-editor\" data-id=\"34e6fc2\" data-element_type=\"widget\" data-widget_type=\"text-editor.default\">\n\t\t\t\t<div class=\"elementor-widget-container\">\n\t\t\t\t\t\t\t\t\t<h3>Une triple certification unique en France dans notre secteur d\u2019activit\u00e9<\/h3>\t\t\t\t\t\t\t\t<\/div>\n\t\t\t\t<\/div>\n\t\t\t\t\t<\/div>\n\t\t<\/div>\n\t\t\t\t\t<\/div>\n\t\t<\/section>\n\t\t\t\t<section class=\"elementor-section elementor-top-section elementor-element elementor-element-18940b1 elementor-section-boxed elementor-section-height-default elementor-section-height-default\" data-id=\"18940b1\" data-element_type=\"section\">\n\t\t\t\t\t\t<div class=\"elementor-container elementor-column-gap-default\">\n\t\t\t\t\t<div class=\"elementor-column elementor-col-100 elementor-top-column elementor-element elementor-element-c7c7cf6\" data-id=\"c7c7cf6\" data-element_type=\"column\">\n\t\t\t<div class=\"elementor-widget-wrap elementor-element-populated\">\n\t\t\t\t\t\t<div class=\"elementor-element elementor-element-d37fb81 elementor-widget elementor-widget-text-editor\" data-id=\"d37fb81\" data-element_type=\"widget\" data-widget_type=\"text-editor.default\">\n\t\t\t\t<div class=\"elementor-widget-container\">\n\t\t\t\t\t\t\t\t\t<p>Nous sommes fiers d&#8217;\u00eatre les premiers et les seuls dans le secteur de l&#8217;impression de drapeaux et de supports textiles personnalis\u00e9s en France \u00e0 avoir obtenu les <strong>certifications ISO 9001, ISO 14001, et ISO 45001.<\/strong><br \/>Ces certifications repr\u00e9sentent un gage de notre engagement in\u00e9gal\u00e9 envers nos clients, nos collaborateurs et notre plan\u00e8te.<\/p>\t\t\t\t\t\t\t\t<\/div>\n\t\t\t\t<\/div>\n\t\t\t\t\t<\/div>\n\t\t<\/div>\n\t\t\t\t\t<\/div>\n\t\t<\/section>\n\t\t\t\t<section class=\"elementor-section elementor-top-section elementor-element elementor-element-9665e6f elementor-section-boxed elementor-section-height-default elementor-section-height-default\" data-id=\"9665e6f\" data-element_type=\"section\">\n\t\t\t\t\t\t<div class=\"elementor-container elementor-column-gap-default\">\n\t\t\t\t\t<div class=\"elementor-column elementor-col-100 elementor-top-column elementor-element elementor-element-5ea9f0e\" data-id=\"5ea9f0e\" data-element_type=\"column\">\n\t\t\t<div class=\"elementor-widget-wrap elementor-element-populated\">\n\t\t\t\t\t\t<div class=\"elementor-element elementor-element-ac9e054 elementor-widget elementor-widget-text-editor\" data-id=\"ac9e054\" data-element_type=\"widget\" data-widget_type=\"text-editor.default\">\n\t\t\t\t<div class=\"elementor-widget-container\">\n\t\t\t\t\t\t\t\t\t<h4>\u2022 ISO 14001 : Syst\u00e8me de management environnemental<\/h4>\t\t\t\t\t\t\t\t<\/div>\n\t\t\t\t<\/div>\n\t\t\t\t\t<\/div>\n\t\t<\/div>\n\t\t\t\t\t<\/div>\n\t\t<\/section>\n\t\t\t\t<section class=\"elementor-section elementor-top-section elementor-element elementor-element-c954a95 elementor-section-boxed elementor-section-height-default elementor-section-height-default\" data-id=\"c954a95\" data-element_type=\"section\">\n\t\t\t\t\t\t<div class=\"elementor-container elementor-column-gap-default\">\n\t\t\t\t\t<div class=\"elementor-column elementor-col-100 elementor-top-column elementor-element elementor-element-68f9faf\" data-id=\"68f9faf\" data-element_type=\"column\">\n\t\t\t<div class=\"elementor-widget-wrap elementor-element-populated\">\n\t\t\t\t\t\t<div class=\"elementor-element elementor-element-662a393 elementor-widget elementor-widget-text-editor\" data-id=\"662a393\" data-element_type=\"widget\" data-widget_type=\"text-editor.default\">\n\t\t\t\t<div class=\"elementor-widget-container\">\n\t\t\t\t\t\t\t\t\t<p>En tant qu&#8217;acteurs responsables, nous pla\u00e7ons l&#8217;environnement au c\u0153ur de notre strat\u00e9gie. L&#8217;obtention de la certification ISO 14001 prouve que nous avons mis en place des mesures rigoureuses pour r\u00e9duire notre empreinte \u00e9cologique, en minimisant les d\u00e9chets et en utilisant des ressources de mani\u00e8re durable dans tous nos proc\u00e9d\u00e9s de fabrication.<\/p>\t\t\t\t\t\t\t\t<\/div>\n\t\t\t\t<\/div>\n\t\t\t\t\t<\/div>\n\t\t<\/div>\n\t\t\t\t\t<\/div>\n\t\t<\/section>\n\t\t\t\t<section class=\"elementor-section elementor-top-section elementor-element elementor-element-fc1082d elementor-section-boxed elementor-section-height-default elementor-section-height-default\" data-id=\"fc1082d\" data-element_type=\"section\">\n\t\t\t\t\t\t<div class=\"elementor-container elementor-column-gap-default\">\n\t\t\t\t\t<div class=\"elementor-column elementor-col-100 elementor-top-column elementor-element elementor-element-c3ef44b\" data-id=\"c3ef44b\" data-element_type=\"column\">\n\t\t\t<div class=\"elementor-widget-wrap elementor-element-populated\">\n\t\t\t\t\t\t<div class=\"elementor-element elementor-element-14727f3 elementor-widget elementor-widget-text-editor\" data-id=\"14727f3\" data-element_type=\"widget\" data-widget_type=\"text-editor.default\">\n\t\t\t\t<div class=\"elementor-widget-container\">\n\t\t\t\t\t\t\t\t\t<h4>\u2022 ISO 45001 : Syst\u00e8me de management de la sant\u00e9 et de la s\u00e9curit\u00e9 au travail<\/h4>\t\t\t\t\t\t\t\t<\/div>\n\t\t\t\t<\/div>\n\t\t\t\t\t<\/div>\n\t\t<\/div>\n\t\t\t\t\t<\/div>\n\t\t<\/section>\n\t\t\t\t<section class=\"elementor-section elementor-top-section elementor-element elementor-element-b10c816 elementor-section-boxed elementor-section-height-default elementor-section-height-default\" data-id=\"b10c816\" data-element_type=\"section\">\n\t\t\t\t\t\t<div class=\"elementor-container elementor-column-gap-default\">\n\t\t\t\t\t<div class=\"elementor-column elementor-col-100 elementor-top-column elementor-element elementor-element-5a50581\" data-id=\"5a50581\" data-element_type=\"column\">\n\t\t\t<div class=\"elementor-widget-wrap elementor-element-populated\">\n\t\t\t\t\t\t<div class=\"elementor-element elementor-element-42500a1 elementor-widget elementor-widget-text-editor\" data-id=\"42500a1\" data-element_type=\"widget\" data-widget_type=\"text-editor.default\">\n\t\t\t\t<div class=\"elementor-widget-container\">\n\t\t\t\t\t\t\t\t\t<p>La sant\u00e9 et la s\u00e9curit\u00e9 de nos \u00e9quipes sont essentielles. Avec la certification ISO 45001, nous garantissons des conditions de travail s\u00e9curis\u00e9es et un environnement dans lequel le bien-\u00eatre de chaque collaborateur est une priorit\u00e9. Nous mettons en place des pratiques qui limitent les risques et assurent une s\u00e9curit\u00e9 optimale dans chaque \u00e9tape de notre production.<\/p>\t\t\t\t\t\t\t\t<\/div>\n\t\t\t\t<\/div>\n\t\t\t\t\t<\/div>\n\t\t<\/div>\n\t\t\t\t\t<\/div>\n\t\t<\/section>\n\t\t\t\t<section class=\"elementor-section elementor-top-section elementor-element elementor-element-67aa89e elementor-section-boxed elementor-section-height-default elementor-section-height-default\" data-id=\"67aa89e\" data-element_type=\"section\">\n\t\t\t\t\t\t<div class=\"elementor-container elementor-column-gap-default\">\n\t\t\t\t\t<div class=\"elementor-column elementor-col-100 elementor-top-column elementor-element elementor-element-4876cad\" data-id=\"4876cad\" data-element_type=\"column\">\n\t\t\t<div class=\"elementor-widget-wrap elementor-element-populated\">\n\t\t\t\t\t\t<div class=\"elementor-element elementor-element-766354e elementor-widget elementor-widget-text-editor\" data-id=\"766354e\" data-element_type=\"widget\" data-widget_type=\"text-editor.default\">\n\t\t\t\t<div class=\"elementor-widget-container\">\n\t\t\t\t\t\t\t\t\t<p><strong>\u00catre les premiers et les seuls dans notre secteur \u00e0 d\u00e9tenir ces trois certifications est un engagement unique envers l&#8217;excellence.<\/strong> Cela signifie pour vous, nos clients et partenaires, que nous vous offrons des produits con\u00e7us dans des conditions de qualit\u00e9 exceptionnelle, avec une gestion environnementale et s\u00e9curitaire irr\u00e9prochable.<\/p>\t\t\t\t\t\t\t\t<\/div>\n\t\t\t\t<\/div>\n\t\t\t\t\t<\/div>\n\t\t<\/div>\n\t\t\t\t\t<\/div>\n\t\t<\/section>\n\t\t\t\t<section class=\"elementor-section elementor-top-section elementor-element elementor-element-c73b931 elementor-section-boxed elementor-section-height-default elementor-section-height-default\" data-id=\"c73b931\" data-element_type=\"section\">\n\t\t\t\t\t\t<div class=\"elementor-container elementor-column-gap-default\">\n\t\t\t\t\t<div class=\"elementor-column elementor-col-100 elementor-top-column elementor-element elementor-element-59be80c\" data-id=\"59be80c\" data-element_type=\"column\">\n\t\t\t<div class=\"elementor-widget-wrap elementor-element-populated\">\n\t\t\t\t\t\t<div class=\"elementor-element elementor-element-fea4350 elementor-widget elementor-widget-image\" data-id=\"fea4350\" data-element_type=\"widget\" data-widget_type=\"image.default\">\n\t\t\t\t<div class=\"elementor-widget-container\">\n\t\t\t\t\t\t\t\t\t\t\t\t\t\t\t\t<a href=\"https:\/\/www.macapflag.com\/\" target=\"_blank\">\n\t\t\t\t\t\t\t<img loading=\"lazy\" decoding=\"async\" width=\"700\" height=\"320\" src=\"https:\/\/www.macapflag.com\/blog\/wp-content\/uploads\/2021\/04\/fabriquant-de-drapeaux-kakemonos-banderoles-beach-flags-oriflammes-macap.jpg\" class=\"attachment-large size-large wp-image-10133\" alt=\"Macap fabriquant de drapeaux kak\u00e9mono banderole beach flag oriflamme\" srcset=\"https:\/\/www.macapflag.com\/blog\/wp-content\/uploads\/2021\/04\/fabriquant-de-drapeaux-kakemonos-banderoles-beach-flags-oriflammes-macap.jpg 700w, https:\/\/www.macapflag.com\/blog\/wp-content\/uploads\/2021\/04\/fabriquant-de-drapeaux-kakemonos-banderoles-beach-flags-oriflammes-macap-300x137.jpg 300w\" sizes=\"(max-width: 700px) 100vw, 700px\" \/>\t\t\t\t\t\t\t\t<\/a>\n\t\t\t\t\t\t\t\t\t\t\t\t\t\t\t<\/div>\n\t\t\t\t<\/div>\n\t\t\t\t\t<\/div>\n\t\t<\/div>\n\t\t\t\t\t<\/div>\n\t\t<\/section>\n\t\t\t\t<\/div>\n\t\t","protected":false},"excerpt":{"rendered":"<div class=\"tmnf_excerpt\"><p>Originaire des \u00c9tats-Unis, le Black Friday a lieu le lendemain de la f\u00eate de Thanksgiving, c\u00e9l\u00e9br\u00e9e le quatri\u00e8me jeudi du mois de novembre.C\u2019est donc demain, le vendredi 28 novembre 2025 qu\u2019aura lieu cette op\u00e9ration commerciale de grande envergure. Si l&#8217;occasion semble parfaite pour faire de bonnes affaires, elle est aussi synonyme de surconsommation et d&#8217;impact &hellip;<\/p>\n<\/div>","protected":false},"author":2,"featured_media":18693,"comment_status":"closed","ping_status":"open","sticky":false,"template":"template-fullwidth.php","format":"standard","meta":{"footnotes":""},"categories":[93,92,90],"tags":[],"class_list":["post-18694","post","type-post","status-publish","format-standard","has-post-thumbnail","hentry","category-com","category-news","category-produits-et-sols"],"yoast_head":"<!-- This site is optimized with the Yoast SEO plugin v26.4 - https:\/\/yoast.com\/wordpress\/plugins\/seo\/ -->\n<title>5 id\u00e9es pour profiter vertueusement du Black Friday - Blog - Macap<\/title>\n<meta name=\"description\" content=\"Des id\u00e9es pour profiter de bonnes affaires lors du Black Friday tout en gardant un comportement responsable et respectueux\" \/>\n<meta name=\"robots\" content=\"index, follow, max-snippet:-1, max-image-preview:large, max-video-preview:-1\" \/>\n<link rel=\"canonical\" href=\"https:\/\/www.macapflag.com\/blog\/5-idees-pour-profiter-vertueusement-du-black-friday\/\" \/>\n<meta property=\"og:locale\" content=\"fr_FR\" \/>\n<meta property=\"og:type\" content=\"article\" \/>\n<meta property=\"og:title\" content=\"5 id\u00e9es pour profiter vertueusement du Black Friday - Blog - Macap\" \/>\n<meta property=\"og:description\" content=\"Des id\u00e9es pour profiter de bonnes affaires lors du Black Friday tout en gardant un comportement responsable et respectueux\" \/>\n<meta property=\"og:url\" content=\"https:\/\/www.macapflag.com\/blog\/5-idees-pour-profiter-vertueusement-du-black-friday\/\" \/>\n<meta property=\"og:site_name\" content=\"Blog - Macap\" \/>\n<meta property=\"article:publisher\" content=\"https:\/\/www.facebook.com\/macap.pavoisement\/\" \/>\n<meta property=\"article:published_time\" content=\"2025-11-27T07:18:15+00:00\" \/>\n<meta property=\"og:image\" content=\"https:\/\/www.macapflag.com\/blog\/wp-content\/uploads\/2024\/11\/5-ID-black-friday-TITRE.jpg\" \/>\n\t<meta property=\"og:image:width\" content=\"870\" \/>\n\t<meta property=\"og:image:height\" content=\"600\" \/>\n\t<meta property=\"og:image:type\" content=\"image\/jpeg\" \/>\n<meta name=\"author\" content=\"Blog Macap\" \/>\n<meta name=\"twitter:card\" content=\"summary_large_image\" \/>\n<meta name=\"twitter:label1\" content=\"\u00c9crit par\" \/>\n\t<meta name=\"twitter:data1\" content=\"Blog Macap\" \/>\n\t<meta name=\"twitter:label2\" content=\"Dur\u00e9e de lecture estim\u00e9e\" \/>\n\t<meta name=\"twitter:data2\" content=\"7 minutes\" \/>\n<script type=\"application\/ld+json\" class=\"yoast-schema-graph\">{\"@context\":\"https:\/\/schema.org\",\"@graph\":[{\"@type\":\"Article\",\"@id\":\"https:\/\/www.macapflag.com\/blog\/5-idees-pour-profiter-vertueusement-du-black-friday\/#article\",\"isPartOf\":{\"@id\":\"https:\/\/www.macapflag.com\/blog\/5-idees-pour-profiter-vertueusement-du-black-friday\/\"},\"author\":{\"name\":\"Blog Macap\",\"@id\":\"https:\/\/www.macapflag.com\/blog\/#\/schema\/person\/3fea701f2603875e651e6b662578fc3c\"},\"headline\":\"5 id\u00e9es pour profiter vertueusement du Black Friday\",\"datePublished\":\"2025-11-27T07:18:15+00:00\",\"mainEntityOfPage\":{\"@id\":\"https:\/\/www.macapflag.com\/blog\/5-idees-pour-profiter-vertueusement-du-black-friday\/\"},\"wordCount\":1244,\"publisher\":{\"@id\":\"https:\/\/www.macapflag.com\/blog\/#organization\"},\"image\":{\"@id\":\"https:\/\/www.macapflag.com\/blog\/5-idees-pour-profiter-vertueusement-du-black-friday\/#primaryimage\"},\"thumbnailUrl\":\"https:\/\/www.macapflag.com\/blog\/wp-content\/uploads\/2024\/11\/5-ID-black-friday-TITRE.jpg\",\"articleSection\":[\"Le monde de la Com'\",\"News &amp; Actu\",\"Produits &amp; Solutions\"],\"inLanguage\":\"fr-FR\"},{\"@type\":\"WebPage\",\"@id\":\"https:\/\/www.macapflag.com\/blog\/5-idees-pour-profiter-vertueusement-du-black-friday\/\",\"url\":\"https:\/\/www.macapflag.com\/blog\/5-idees-pour-profiter-vertueusement-du-black-friday\/\",\"name\":\"5 id\u00e9es pour profiter vertueusement du Black Friday - Blog - Macap\",\"isPartOf\":{\"@id\":\"https:\/\/www.macapflag.com\/blog\/#website\"},\"primaryImageOfPage\":{\"@id\":\"https:\/\/www.macapflag.com\/blog\/5-idees-pour-profiter-vertueusement-du-black-friday\/#primaryimage\"},\"image\":{\"@id\":\"https:\/\/www.macapflag.com\/blog\/5-idees-pour-profiter-vertueusement-du-black-friday\/#primaryimage\"},\"thumbnailUrl\":\"https:\/\/www.macapflag.com\/blog\/wp-content\/uploads\/2024\/11\/5-ID-black-friday-TITRE.jpg\",\"datePublished\":\"2025-11-27T07:18:15+00:00\",\"description\":\"Des id\u00e9es pour profiter de bonnes affaires lors du Black Friday tout en gardant un comportement responsable et respectueux\",\"breadcrumb\":{\"@id\":\"https:\/\/www.macapflag.com\/blog\/5-idees-pour-profiter-vertueusement-du-black-friday\/#breadcrumb\"},\"inLanguage\":\"fr-FR\",\"potentialAction\":[{\"@type\":\"ReadAction\",\"target\":[\"https:\/\/www.macapflag.com\/blog\/5-idees-pour-profiter-vertueusement-du-black-friday\/\"]}]},{\"@type\":\"ImageObject\",\"inLanguage\":\"fr-FR\",\"@id\":\"https:\/\/www.macapflag.com\/blog\/5-idees-pour-profiter-vertueusement-du-black-friday\/#primaryimage\",\"url\":\"https:\/\/www.macapflag.com\/blog\/wp-content\/uploads\/2024\/11\/5-ID-black-friday-TITRE.jpg\",\"contentUrl\":\"https:\/\/www.macapflag.com\/blog\/wp-content\/uploads\/2024\/11\/5-ID-black-friday-TITRE.jpg\",\"width\":870,\"height\":600,\"caption\":\"Id\u00e9es pour profiter du Black Friday de fa\u00e7on vertueuse\"},{\"@type\":\"BreadcrumbList\",\"@id\":\"https:\/\/www.macapflag.com\/blog\/5-idees-pour-profiter-vertueusement-du-black-friday\/#breadcrumb\",\"itemListElement\":[{\"@type\":\"ListItem\",\"position\":1,\"name\":\"Accueil\",\"item\":\"https:\/\/www.macapflag.com\/blog\/\"},{\"@type\":\"ListItem\",\"position\":2,\"name\":\"5 id\u00e9es pour profiter vertueusement du Black Friday\"}]},{\"@type\":\"WebSite\",\"@id\":\"https:\/\/www.macapflag.com\/blog\/#website\",\"url\":\"https:\/\/www.macapflag.com\/blog\/\",\"name\":\"Blog - Macap\",\"description\":\"Tous nos articles\",\"publisher\":{\"@id\":\"https:\/\/www.macapflag.com\/blog\/#organization\"},\"potentialAction\":[{\"@type\":\"SearchAction\",\"target\":{\"@type\":\"EntryPoint\",\"urlTemplate\":\"https:\/\/www.macapflag.com\/blog\/?s={search_term_string}\"},\"query-input\":{\"@type\":\"PropertyValueSpecification\",\"valueRequired\":true,\"valueName\":\"search_term_string\"}}],\"inLanguage\":\"fr-FR\"},{\"@type\":\"Organization\",\"@id\":\"https:\/\/www.macapflag.com\/blog\/#organization\",\"name\":\"macapflag\",\"url\":\"https:\/\/www.macapflag.com\/blog\/\",\"logo\":{\"@type\":\"ImageObject\",\"inLanguage\":\"fr-FR\",\"@id\":\"https:\/\/www.macapflag.com\/blog\/#\/schema\/logo\/image\/\",\"url\":\"https:\/\/www.macapflag.com\/blog\/wp-content\/uploads\/2020\/12\/cropped-M-512-1.png\",\"contentUrl\":\"https:\/\/www.macapflag.com\/blog\/wp-content\/uploads\/2020\/12\/cropped-M-512-1.png\",\"width\":512,\"height\":512,\"caption\":\"macapflag\"},\"image\":{\"@id\":\"https:\/\/www.macapflag.com\/blog\/#\/schema\/logo\/image\/\"},\"sameAs\":[\"https:\/\/www.facebook.com\/macap.pavoisement\/\",\"https:\/\/www.instagram.com\/macapflag\/?hl=fr\",\"https:\/\/www.linkedin.com\/company\/macap\/?originalSubdomain=fr\",\"https:\/\/www.youtube.com\/channel\/UCXNzTIdZh9poEBjSXEqDtNw\"]},{\"@type\":\"Person\",\"@id\":\"https:\/\/www.macapflag.com\/blog\/#\/schema\/person\/3fea701f2603875e651e6b662578fc3c\",\"name\":\"Blog Macap\",\"image\":{\"@type\":\"ImageObject\",\"inLanguage\":\"fr-FR\",\"@id\":\"https:\/\/www.macapflag.com\/blog\/#\/schema\/person\/image\/\",\"url\":\"https:\/\/secure.gravatar.com\/avatar\/c12551f2dc51f0db049633b03e7856985477a70da834cc8967dea4ce54bdd6a2?s=96&d=mm&r=g\",\"contentUrl\":\"https:\/\/secure.gravatar.com\/avatar\/c12551f2dc51f0db049633b03e7856985477a70da834cc8967dea4ce54bdd6a2?s=96&d=mm&r=g\",\"caption\":\"Blog Macap\"},\"url\":\"https:\/\/www.macapflag.com\/blog\/author\/macap\/\"}]}<\/script>\n<!-- \/ Yoast SEO plugin. -->","yoast_head_json":{"title":"5 id\u00e9es pour profiter vertueusement du Black Friday - Blog - Macap","description":"Des id\u00e9es pour profiter de bonnes affaires lors du Black Friday tout en gardant un comportement responsable et respectueux","robots":{"index":"index","follow":"follow","max-snippet":"max-snippet:-1","max-image-preview":"max-image-preview:large","max-video-preview":"max-video-preview:-1"},"canonical":"https:\/\/www.macapflag.com\/blog\/5-idees-pour-profiter-vertueusement-du-black-friday\/","og_locale":"fr_FR","og_type":"article","og_title":"5 id\u00e9es pour profiter vertueusement du Black Friday - Blog - Macap","og_description":"Des id\u00e9es pour profiter de bonnes affaires lors du Black Friday tout en gardant un comportement responsable et respectueux","og_url":"https:\/\/www.macapflag.com\/blog\/5-idees-pour-profiter-vertueusement-du-black-friday\/","og_site_name":"Blog - Macap","article_publisher":"https:\/\/www.facebook.com\/macap.pavoisement\/","article_published_time":"2025-11-27T07:18:15+00:00","og_image":[{"width":870,"height":600,"url":"https:\/\/www.macapflag.com\/blog\/wp-content\/uploads\/2024\/11\/5-ID-black-friday-TITRE.jpg","type":"image\/jpeg"}],"author":"Blog Macap","twitter_card":"summary_large_image","twitter_misc":{"\u00c9crit par":"Blog Macap","Dur\u00e9e de lecture estim\u00e9e":"7 minutes"},"schema":{"@context":"https:\/\/schema.org","@graph":[{"@type":"Article","@id":"https:\/\/www.macapflag.com\/blog\/5-idees-pour-profiter-vertueusement-du-black-friday\/#article","isPartOf":{"@id":"https:\/\/www.macapflag.com\/blog\/5-idees-pour-profiter-vertueusement-du-black-friday\/"},"author":{"name":"Blog Macap","@id":"https:\/\/www.macapflag.com\/blog\/#\/schema\/person\/3fea701f2603875e651e6b662578fc3c"},"headline":"5 id\u00e9es pour profiter vertueusement du Black Friday","datePublished":"2025-11-27T07:18:15+00:00","mainEntityOfPage":{"@id":"https:\/\/www.macapflag.com\/blog\/5-idees-pour-profiter-vertueusement-du-black-friday\/"},"wordCount":1244,"publisher":{"@id":"https:\/\/www.macapflag.com\/blog\/#organization"},"image":{"@id":"https:\/\/www.macapflag.com\/blog\/5-idees-pour-profiter-vertueusement-du-black-friday\/#primaryimage"},"thumbnailUrl":"https:\/\/www.macapflag.com\/blog\/wp-content\/uploads\/2024\/11\/5-ID-black-friday-TITRE.jpg","articleSection":["Le monde de la Com'","News &amp; Actu","Produits &amp; Solutions"],"inLanguage":"fr-FR"},{"@type":"WebPage","@id":"https:\/\/www.macapflag.com\/blog\/5-idees-pour-profiter-vertueusement-du-black-friday\/","url":"https:\/\/www.macapflag.com\/blog\/5-idees-pour-profiter-vertueusement-du-black-friday\/","name":"5 id\u00e9es pour profiter vertueusement du Black Friday - Blog - Macap","isPartOf":{"@id":"https:\/\/www.macapflag.com\/blog\/#website"},"primaryImageOfPage":{"@id":"https:\/\/www.macapflag.com\/blog\/5-idees-pour-profiter-vertueusement-du-black-friday\/#primaryimage"},"image":{"@id":"https:\/\/www.macapflag.com\/blog\/5-idees-pour-profiter-vertueusement-du-black-friday\/#primaryimage"},"thumbnailUrl":"https:\/\/www.macapflag.com\/blog\/wp-content\/uploads\/2024\/11\/5-ID-black-friday-TITRE.jpg","datePublished":"2025-11-27T07:18:15+00:00","description":"Des id\u00e9es pour profiter de bonnes affaires lors du Black Friday tout en gardant un comportement responsable et respectueux","breadcrumb":{"@id":"https:\/\/www.macapflag.com\/blog\/5-idees-pour-profiter-vertueusement-du-black-friday\/#breadcrumb"},"inLanguage":"fr-FR","potentialAction":[{"@type":"ReadAction","target":["https:\/\/www.macapflag.com\/blog\/5-idees-pour-profiter-vertueusement-du-black-friday\/"]}]},{"@type":"ImageObject","inLanguage":"fr-FR","@id":"https:\/\/www.macapflag.com\/blog\/5-idees-pour-profiter-vertueusement-du-black-friday\/#primaryimage","url":"https:\/\/www.macapflag.com\/blog\/wp-content\/uploads\/2024\/11\/5-ID-black-friday-TITRE.jpg","contentUrl":"https:\/\/www.macapflag.com\/blog\/wp-content\/uploads\/2024\/11\/5-ID-black-friday-TITRE.jpg","width":870,"height":600,"caption":"Id\u00e9es pour profiter du Black Friday de fa\u00e7on vertueuse"},{"@type":"BreadcrumbList","@id":"https:\/\/www.macapflag.com\/blog\/5-idees-pour-profiter-vertueusement-du-black-friday\/#breadcrumb","itemListElement":[{"@type":"ListItem","position":1,"name":"Accueil","item":"https:\/\/www.macapflag.com\/blog\/"},{"@type":"ListItem","position":2,"name":"5 id\u00e9es pour profiter vertueusement du Black Friday"}]},{"@type":"WebSite","@id":"https:\/\/www.macapflag.com\/blog\/#website","url":"https:\/\/www.macapflag.com\/blog\/","name":"Blog - Macap","description":"Tous nos articles","publisher":{"@id":"https:\/\/www.macapflag.com\/blog\/#organization"},"potentialAction":[{"@type":"SearchAction","target":{"@type":"EntryPoint","urlTemplate":"https:\/\/www.macapflag.com\/blog\/?s={search_term_string}"},"query-input":{"@type":"PropertyValueSpecification","valueRequired":true,"valueName":"search_term_string"}}],"inLanguage":"fr-FR"},{"@type":"Organization","@id":"https:\/\/www.macapflag.com\/blog\/#organization","name":"macapflag","url":"https:\/\/www.macapflag.com\/blog\/","logo":{"@type":"ImageObject","inLanguage":"fr-FR","@id":"https:\/\/www.macapflag.com\/blog\/#\/schema\/logo\/image\/","url":"https:\/\/www.macapflag.com\/blog\/wp-content\/uploads\/2020\/12\/cropped-M-512-1.png","contentUrl":"https:\/\/www.macapflag.com\/blog\/wp-content\/uploads\/2020\/12\/cropped-M-512-1.png","width":512,"height":512,"caption":"macapflag"},"image":{"@id":"https:\/\/www.macapflag.com\/blog\/#\/schema\/logo\/image\/"},"sameAs":["https:\/\/www.facebook.com\/macap.pavoisement\/","https:\/\/www.instagram.com\/macapflag\/?hl=fr","https:\/\/www.linkedin.com\/company\/macap\/?originalSubdomain=fr","https:\/\/www.youtube.com\/channel\/UCXNzTIdZh9poEBjSXEqDtNw"]},{"@type":"Person","@id":"https:\/\/www.macapflag.com\/blog\/#\/schema\/person\/3fea701f2603875e651e6b662578fc3c","name":"Blog Macap","image":{"@type":"ImageObject","inLanguage":"fr-FR","@id":"https:\/\/www.macapflag.com\/blog\/#\/schema\/person\/image\/","url":"https:\/\/secure.gravatar.com\/avatar\/c12551f2dc51f0db049633b03e7856985477a70da834cc8967dea4ce54bdd6a2?s=96&d=mm&r=g","contentUrl":"https:\/\/secure.gravatar.com\/avatar\/c12551f2dc51f0db049633b03e7856985477a70da834cc8967dea4ce54bdd6a2?s=96&d=mm&r=g","caption":"Blog Macap"},"url":"https:\/\/www.macapflag.com\/blog\/author\/macap\/"}]}},"_links":{"self":[{"href":"https:\/\/www.macapflag.com\/blog\/wp-json\/wp\/v2\/posts\/18694","targetHints":{"allow":["GET"]}}],"collection":[{"href":"https:\/\/www.macapflag.com\/blog\/wp-json\/wp\/v2\/posts"}],"about":[{"href":"https:\/\/www.macapflag.com\/blog\/wp-json\/wp\/v2\/types\/post"}],"author":[{"embeddable":true,"href":"https:\/\/www.macapflag.com\/blog\/wp-json\/wp\/v2\/users\/2"}],"replies":[{"embeddable":true,"href":"https:\/\/www.macapflag.com\/blog\/wp-json\/wp\/v2\/comments?post=18694"}],"version-history":[{"count":18,"href":"https:\/\/www.macapflag.com\/blog\/wp-json\/wp\/v2\/posts\/18694\/revisions"}],"predecessor-version":[{"id":21219,"href":"https:\/\/www.macapflag.com\/blog\/wp-json\/wp\/v2\/posts\/18694\/revisions\/21219"}],"wp:featuredmedia":[{"embeddable":true,"href":"https:\/\/www.macapflag.com\/blog\/wp-json\/wp\/v2\/media\/18693"}],"wp:attachment":[{"href":"https:\/\/www.macapflag.com\/blog\/wp-json\/wp\/v2\/media?parent=18694"}],"wp:term":[{"taxonomy":"category","embeddable":true,"href":"https:\/\/www.macapflag.com\/blog\/wp-json\/wp\/v2\/categories?post=18694"},{"taxonomy":"post_tag","embeddable":true,"href":"https:\/\/www.macapflag.com\/blog\/wp-json\/wp\/v2\/tags?post=18694"}],"curies":[{"name":"wp","href":"https:\/\/api.w.org\/{rel}","templated":true}]}}