{"id":18735,"date":"2025-12-12T08:06:22","date_gmt":"2025-12-12T07:06:22","guid":{"rendered":"https:\/\/www.macapflag.com\/blog\/?p=18735"},"modified":"2025-12-12T08:06:22","modified_gmt":"2025-12-12T07:06:22","slug":"le-drapeau-dans-lart-urbain","status":"publish","type":"post","link":"https:\/\/www.macapflag.com\/blog\/le-drapeau-dans-lart-urbain\/","title":{"rendered":"Le drapeau dans l&#8217;art urbain"},"content":{"rendered":"\t\t<div data-elementor-type=\"wp-post\" data-elementor-id=\"18735\" class=\"elementor elementor-18735\">\n\t\t\t\t\t\t<section class=\"elementor-section elementor-top-section elementor-element elementor-element-413f0df elementor-section-boxed elementor-section-height-default elementor-section-height-default\" data-id=\"413f0df\" data-element_type=\"section\">\n\t\t\t\t\t\t<div class=\"elementor-container elementor-column-gap-default\">\n\t\t\t\t\t<div class=\"elementor-column elementor-col-100 elementor-top-column elementor-element elementor-element-c468d6a\" data-id=\"c468d6a\" data-element_type=\"column\">\n\t\t\t<div class=\"elementor-widget-wrap elementor-element-populated\">\n\t\t\t\t\t\t<div class=\"elementor-element elementor-element-c799749 elementor-widget elementor-widget-text-editor\" data-id=\"c799749\" data-element_type=\"widget\" data-widget_type=\"text-editor.default\">\n\t\t\t\t<div class=\"elementor-widget-container\">\n\t\t\t\t\t\t\t\t\t<p>Chez Macap, on fabrique des drapeaux et on aime la vie des drapeaux ! <br \/>Nous vous proposons r\u00e9guli\u00e8rement des articles expliquant comment nous fabriquons vos drapeaux, quelles sont les origines des drapeaux, comment bien les utiliser. Nous aimons aussi constater que les drapeaux sont pr\u00e9sents dans de nombreux univers, y compris artistiques. Apr\u00e8s <a href=\"https:\/\/www.macapflag.com\/blog\/le-drapeau-dans-la-photographie-un-symbole-qui-sinscrit-dans-le-temps\/\" target=\"_blank\" rel=\"noopener\"><span style=\"color: #3366ff;\">le drapeau dans la photographie<\/span><\/a>, <a href=\"https:\/\/www.macapflag.com\/blog\/drapeau-americain-au-cinema\/\" target=\"_blank\" rel=\"noopener\"><span style=\"color: #3366ff;\">le drapeau au cin\u00e9ma<\/span><\/a>, <a href=\"https:\/\/www.macapflag.com\/blog\/le-drapeau-dans-la-sculpture\/\" target=\"_blank\" rel=\"noopener\"><span style=\"color: #3366ff;\">le drapeau dans la sculpture<\/span><\/a>, <a href=\"https:\/\/www.macapflag.com\/blog\/le-drapeau-dans-la-chanson-anglophone-et-americaine\/\" target=\"_blank\" rel=\"noopener\"><span style=\"color: #3366ff;\">le drapeau dans la chanson<\/span><\/a>,<a href=\"https:\/\/www.macapflag.com\/blog\/litterature\/\" target=\"_blank\" rel=\"noopener\"><span style=\"color: #3366ff;\"> dans la litt\u00e9rature<\/span><\/a>, <a href=\"https:\/\/www.macapflag.com\/blog\/drapeau-peinture\/\" target=\"_blank\" rel=\"noopener\"><span style=\"color: #3366ff;\">la peinture<\/span><\/a>, aujourd\u2019hui, nous choisissons de mettre le focus sur le drapeau dans l\u2019art urbain.<\/p>\t\t\t\t\t\t\t\t<\/div>\n\t\t\t\t<\/div>\n\t\t\t\t\t<\/div>\n\t\t<\/div>\n\t\t\t\t\t<\/div>\n\t\t<\/section>\n\t\t\t\t<section class=\"elementor-section elementor-top-section elementor-element elementor-element-44f9672 elementor-section-boxed elementor-section-height-default elementor-section-height-default\" data-id=\"44f9672\" data-element_type=\"section\">\n\t\t\t\t\t\t<div class=\"elementor-container elementor-column-gap-default\">\n\t\t\t\t\t<div class=\"elementor-column elementor-col-100 elementor-top-column elementor-element elementor-element-33ca372\" data-id=\"33ca372\" data-element_type=\"column\">\n\t\t\t<div class=\"elementor-widget-wrap elementor-element-populated\">\n\t\t\t\t\t\t<div class=\"elementor-element elementor-element-2288267 elementor-widget elementor-widget-text-editor\" data-id=\"2288267\" data-element_type=\"widget\" data-widget_type=\"text-editor.default\">\n\t\t\t\t<div class=\"elementor-widget-container\">\n\t\t\t\t\t\t\t\t\t<h2>Qu\u2019est-ce que l\u2019art urbain ?<\/h2>\t\t\t\t\t\t\t\t<\/div>\n\t\t\t\t<\/div>\n\t\t\t\t\t<\/div>\n\t\t<\/div>\n\t\t\t\t\t<\/div>\n\t\t<\/section>\n\t\t\t\t<section class=\"elementor-section elementor-top-section elementor-element elementor-element-976fd24 elementor-section-boxed elementor-section-height-default elementor-section-height-default\" data-id=\"976fd24\" data-element_type=\"section\">\n\t\t\t\t\t\t<div class=\"elementor-container elementor-column-gap-default\">\n\t\t\t\t\t<div class=\"elementor-column elementor-col-100 elementor-top-column elementor-element elementor-element-c8acee0\" data-id=\"c8acee0\" data-element_type=\"column\">\n\t\t\t<div class=\"elementor-widget-wrap elementor-element-populated\">\n\t\t\t\t\t\t<div class=\"elementor-element elementor-element-8531912 elementor-widget elementor-widget-text-editor\" data-id=\"8531912\" data-element_type=\"widget\" data-widget_type=\"text-editor.default\">\n\t\t\t\t<div class=\"elementor-widget-container\">\n\t\t\t\t\t\t\t\t\t<p><strong>L\u2019art urbain, souvent appel\u00e9 street art ou art de rue<\/strong>, d\u00e9signe l\u2019ensemble des cr\u00e9ations artistiques r\u00e9alis\u00e9es dans l\u2019espace public. Plus qu\u2019un simple mouvement esth\u00e9tique, il constitue un v\u00e9ritable mode d\u2019expression qui s\u2019est affirm\u00e9 \u00e0 la fin du XX\u1d49 si\u00e8cle. Sa force r\u00e9side dans son caract\u00e8re libre, accessible \u00e0 tous, et le plus souvent \u00e9ph\u00e9m\u00e8re.<\/p><p>En 2020, la F\u00e9d\u00e9ration de l\u2019art urbain le d\u00e9crivait comme une pratique aux \u00ab origines ill\u00e9gales, subversives et \u00e9ph\u00e9m\u00e8res \u00bb, o\u00f9 chaque \u0153uvre prend en compte son environnement direct pour l\u2019interroger, le d\u00e9tourner ou le magnifier. Qu\u2019il s\u2019agisse de marquer un mur, de transformer une fa\u00e7ade ou d\u2019habiller un mobilier urbain, l\u2019art urbain s\u2019impose comme une mani\u00e8re de dialoguer avec la ville et ceux qui l\u2019habitent.<\/p><p>Ses techniques sont multiples : graffiti, tag, fresque monumentale, pochoir, mosa\u00efque ou encore trompe-l\u2019\u0153il. Souvent, ces pratiques s\u2019entrem\u00ealent et se compl\u00e8tent pour donner naissance \u00e0 des cr\u00e9ations uniques et marquantes. On y retrouve \u00e9galement des symboles forts comme les drapeaux, porteurs de messages d\u2019identit\u00e9, de revendication ou de solidarit\u00e9, qui deviennent de v\u00e9ritables embl\u00e8mes visuels.<\/p><p>L\u2019art urbain, par son audace et sa cr\u00e9ativit\u00e9, invite chacun \u00e0 poser un autre regard sur son environnement quotidien et \u00e0 r\u00e9fl\u00e9chir sur les messages que la ville a \u00e0 transmettre.<\/p>\t\t\t\t\t\t\t\t<\/div>\n\t\t\t\t<\/div>\n\t\t\t\t\t<\/div>\n\t\t<\/div>\n\t\t\t\t\t<\/div>\n\t\t<\/section>\n\t\t\t\t<section class=\"elementor-section elementor-top-section elementor-element elementor-element-847ff37 elementor-section-boxed elementor-section-height-default elementor-section-height-default\" data-id=\"847ff37\" data-element_type=\"section\">\n\t\t\t\t\t\t<div class=\"elementor-container elementor-column-gap-default\">\n\t\t\t\t\t<div class=\"elementor-column elementor-col-100 elementor-top-column elementor-element elementor-element-827b8b0\" data-id=\"827b8b0\" data-element_type=\"column\">\n\t\t\t<div class=\"elementor-widget-wrap elementor-element-populated\">\n\t\t\t\t\t\t<div class=\"elementor-element elementor-element-6c278cf elementor-widget elementor-widget-text-editor\" data-id=\"6c278cf\" data-element_type=\"widget\" data-widget_type=\"text-editor.default\">\n\t\t\t\t<div class=\"elementor-widget-container\">\n\t\t\t\t\t\t\t\t\t<h2>Seth et la fillette de la fresque \u201cl\u2019Ukraine en marche\u201d. Paris, f\u00e9vrier 2023<\/h2>\t\t\t\t\t\t\t\t<\/div>\n\t\t\t\t<\/div>\n\t\t\t\t\t<\/div>\n\t\t<\/div>\n\t\t\t\t\t<\/div>\n\t\t<\/section>\n\t\t\t\t<section class=\"elementor-section elementor-top-section elementor-element elementor-element-c0dddb8 elementor-section-boxed elementor-section-height-default elementor-section-height-default\" data-id=\"c0dddb8\" data-element_type=\"section\">\n\t\t\t\t\t\t<div class=\"elementor-container elementor-column-gap-default\">\n\t\t\t\t\t<div class=\"elementor-column elementor-col-100 elementor-top-column elementor-element elementor-element-424088f\" data-id=\"424088f\" data-element_type=\"column\">\n\t\t\t<div class=\"elementor-widget-wrap elementor-element-populated\">\n\t\t\t\t\t\t<div class=\"elementor-element elementor-element-6cd3b8f elementor-widget elementor-widget-image\" data-id=\"6cd3b8f\" data-element_type=\"widget\" data-widget_type=\"image.default\">\n\t\t\t\t<div class=\"elementor-widget-container\">\n\t\t\t\t\t\t\t\t\t\t\t\t\t\t\t<img fetchpriority=\"high\" decoding=\"async\" width=\"700\" height=\"534\" src=\"https:\/\/www.macapflag.com\/blog\/wp-content\/uploads\/2024\/11\/drapeau-dans-lart-urbain-1.jpg\" class=\"attachment-large size-large wp-image-18728\" alt=\"Seth fillette de la fresque l&#039;Ukraine en marche \u00e0 Paris en 2023\" srcset=\"https:\/\/www.macapflag.com\/blog\/wp-content\/uploads\/2024\/11\/drapeau-dans-lart-urbain-1.jpg 700w, https:\/\/www.macapflag.com\/blog\/wp-content\/uploads\/2024\/11\/drapeau-dans-lart-urbain-1-300x229.jpg 300w\" sizes=\"(max-width: 700px) 100vw, 700px\" \/>\t\t\t\t\t\t\t\t\t\t\t\t\t\t\t<\/div>\n\t\t\t\t<\/div>\n\t\t\t\t\t<\/div>\n\t\t<\/div>\n\t\t\t\t\t<\/div>\n\t\t<\/section>\n\t\t\t\t<section class=\"elementor-section elementor-top-section elementor-element elementor-element-7187330 elementor-section-boxed elementor-section-height-default elementor-section-height-default\" data-id=\"7187330\" data-element_type=\"section\">\n\t\t\t\t\t\t<div class=\"elementor-container elementor-column-gap-default\">\n\t\t\t\t\t<div class=\"elementor-column elementor-col-100 elementor-top-column elementor-element elementor-element-41b69c7\" data-id=\"41b69c7\" data-element_type=\"column\">\n\t\t\t<div class=\"elementor-widget-wrap elementor-element-populated\">\n\t\t\t\t\t\t<div class=\"elementor-element elementor-element-4133ff4 elementor-widget elementor-widget-text-editor\" data-id=\"4133ff4\" data-element_type=\"widget\" data-widget_type=\"text-editor.default\">\n\t\t\t\t<div class=\"elementor-widget-container\">\n\t\t\t\t\t\t\t\t\t<p>Une petite fille porte fi\u00e8rement le <a href=\"https:\/\/www.macapflag.com\/drapeau-pays-avec-hampe\/791776-drapeau-ukraine-avec-hampe-officiel.html\" target=\"_blank\" rel=\"noopener\"><span style=\"color: #3366ff;\">drapeau jaune et bleu de l\u2019Ukraine<\/span> <\/a>fix\u00e9 sur une hampe. Le dessin montre un r\u00e9el dynamisme dans la d\u00e9marche. \u00c0 chacun de ses pas, la fillette \u00e9crase un char de l\u2019arm\u00e9e russe. <br \/>L&#8217;\u0153uvre est r\u00e9alis\u00e9e \u00e0 la bombe sur un mur de la rue Buot dans le XIIIe arrondissement de Paris. C\u2019est une deuxi\u00e8me \u00e9dition de l\u2019artiste Seth qui avait d\u00e9j\u00e0 dessin\u00e9 cette fillette le 27 f\u00e9vrier 2022, jour de l\u2019offensive russe en Ukraine, mais la premi\u00e8re fresque avait \u00e9t\u00e9 tagu\u00e9e. Seth est le pseudonyme de Julien Malland, peintre, illustrateur et \u00e9crivain fran\u00e7ais connu pour ses nombreuses fresques murales repr\u00e9sentant souvent des enfants.<\/p>\t\t\t\t\t\t\t\t<\/div>\n\t\t\t\t<\/div>\n\t\t\t\t\t<\/div>\n\t\t<\/div>\n\t\t\t\t\t<\/div>\n\t\t<\/section>\n\t\t\t\t<section class=\"elementor-section elementor-top-section elementor-element elementor-element-cdc0fcd elementor-section-boxed elementor-section-height-default elementor-section-height-default\" data-id=\"cdc0fcd\" data-element_type=\"section\">\n\t\t\t\t\t\t<div class=\"elementor-container elementor-column-gap-default\">\n\t\t\t\t\t<div class=\"elementor-column elementor-col-100 elementor-top-column elementor-element elementor-element-95de978\" data-id=\"95de978\" data-element_type=\"column\">\n\t\t\t<div class=\"elementor-widget-wrap elementor-element-populated\">\n\t\t\t\t\t\t<div class=\"elementor-element elementor-element-90f9c1b elementor-widget elementor-widget-text-editor\" data-id=\"90f9c1b\" data-element_type=\"widget\" data-widget_type=\"text-editor.default\">\n\t\t\t\t<div class=\"elementor-widget-container\">\n\t\t\t\t\t\t\t\t\t<h2>Banksy \u201cSlave Labor (Bunting Boy)\u201d. Londres, \u00e9t\u00e9 2012<\/h2>\t\t\t\t\t\t\t\t<\/div>\n\t\t\t\t<\/div>\n\t\t\t\t\t<\/div>\n\t\t<\/div>\n\t\t\t\t\t<\/div>\n\t\t<\/section>\n\t\t\t\t<section class=\"elementor-section elementor-top-section elementor-element elementor-element-b469a25 elementor-section-boxed elementor-section-height-default elementor-section-height-default\" data-id=\"b469a25\" data-element_type=\"section\">\n\t\t\t\t\t\t<div class=\"elementor-container elementor-column-gap-default\">\n\t\t\t\t\t<div class=\"elementor-column elementor-col-100 elementor-top-column elementor-element elementor-element-3011818\" data-id=\"3011818\" data-element_type=\"column\">\n\t\t\t<div class=\"elementor-widget-wrap elementor-element-populated\">\n\t\t\t\t\t\t<div class=\"elementor-element elementor-element-0309a76 elementor-widget elementor-widget-image\" data-id=\"0309a76\" data-element_type=\"widget\" data-widget_type=\"image.default\">\n\t\t\t\t<div class=\"elementor-widget-container\">\n\t\t\t\t\t\t\t\t\t\t\t\t\t\t\t<img decoding=\"async\" width=\"700\" height=\"534\" src=\"https:\/\/www.macapflag.com\/blog\/wp-content\/uploads\/2024\/11\/drapeau-dans-lart-urbain-2.jpg\" class=\"attachment-large size-large wp-image-18729\" alt=\"Slave Labor de Banksy \u00e0 Londres\" srcset=\"https:\/\/www.macapflag.com\/blog\/wp-content\/uploads\/2024\/11\/drapeau-dans-lart-urbain-2.jpg 700w, https:\/\/www.macapflag.com\/blog\/wp-content\/uploads\/2024\/11\/drapeau-dans-lart-urbain-2-300x229.jpg 300w\" sizes=\"(max-width: 700px) 100vw, 700px\" \/>\t\t\t\t\t\t\t\t\t\t\t\t\t\t\t<\/div>\n\t\t\t\t<\/div>\n\t\t\t\t\t<\/div>\n\t\t<\/div>\n\t\t\t\t\t<\/div>\n\t\t<\/section>\n\t\t\t\t<section class=\"elementor-section elementor-top-section elementor-element elementor-element-49ec783 elementor-section-boxed elementor-section-height-default elementor-section-height-default\" data-id=\"49ec783\" data-element_type=\"section\">\n\t\t\t\t\t\t<div class=\"elementor-container elementor-column-gap-default\">\n\t\t\t\t\t<div class=\"elementor-column elementor-col-100 elementor-top-column elementor-element elementor-element-3d62f7f\" data-id=\"3d62f7f\" data-element_type=\"column\">\n\t\t\t<div class=\"elementor-widget-wrap elementor-element-populated\">\n\t\t\t\t\t\t<div class=\"elementor-element elementor-element-5f96fba elementor-widget elementor-widget-text-editor\" data-id=\"5f96fba\" data-element_type=\"widget\" data-widget_type=\"text-editor.default\">\n\t\t\t\t<div class=\"elementor-widget-container\">\n\t\t\t\t\t\t\t\t\t<p>L\u2019artiste repr\u00e9sente ici un petit gar\u00e7on au travail. \u201cBunting boy\u201d est habituellement traduit par \u201cgar\u00e7on r\u00e9alisant des banderoles\u201d. L&#8217;\u0153uvre est interpr\u00e9t\u00e9e comme une critique des Jeux olympiques d&#8217;\u00e9t\u00e9 de 2012, qui doivent alors se tenir quelques mois plus tard \u00e0 Londres, ou sur le Jubil\u00e9 de diamant d&#8217;\u00c9lisabeth II, reine du Royaume-Uni. <br \/>D\u2019autres ont vu dans cette cr\u00e9ation, la mise en lumi\u00e8re de la d\u00e9couverte en 2010 d&#8217;un enfant de sept ans travaillant dans un atelier clandestin en Inde pour fabriquer des produits vendus par les magasins Poundland au Royaume-Uni. Poundland est une cha\u00eene de magasins qui vend la plupart de ses produits au prix d\u2019une livre sterling.<br \/>En f\u00e9vrier 2013, \u201cSlave Labor\u201d et sa guirlande de fanions du <a href=\"https:\/\/www.macapflag.com\/drapeau-pays-avec-hampe\/791805-drapeau-royaume-uni-avec-hampe-officiel.html\" target=\"_blank\" rel=\"noopener\"><span style=\"color: #3366ff;\">drapeau britannique<\/span><\/a> occupe \u00e0 nouveau le devant de la sc\u00e8ne pour une tout autre raison. Elle a \u00e9t\u00e9 d\u00e9coup\u00e9e du mur pour se retrouver mise en vente dans une galerie de Miami.\u00a0<\/p>\t\t\t\t\t\t\t\t<\/div>\n\t\t\t\t<\/div>\n\t\t\t\t\t<\/div>\n\t\t<\/div>\n\t\t\t\t\t<\/div>\n\t\t<\/section>\n\t\t\t\t<section class=\"elementor-section elementor-top-section elementor-element elementor-element-f0cbab0 elementor-section-boxed elementor-section-height-default elementor-section-height-default\" data-id=\"f0cbab0\" data-element_type=\"section\">\n\t\t\t\t\t\t<div class=\"elementor-container elementor-column-gap-default\">\n\t\t\t\t\t<div class=\"elementor-column elementor-col-100 elementor-top-column elementor-element elementor-element-f1e9ceb\" data-id=\"f1e9ceb\" data-element_type=\"column\">\n\t\t\t<div class=\"elementor-widget-wrap elementor-element-populated\">\n\t\t\t\t\t\t<div class=\"elementor-element elementor-element-d098e00 elementor-widget elementor-widget-text-editor\" data-id=\"d098e00\" data-element_type=\"widget\" data-widget_type=\"text-editor.default\">\n\t\t\t\t<div class=\"elementor-widget-container\">\n\t\t\t\t\t\t\t\t\t<h2>Shepard Fairey alias Obey \u201cMarianne\u201d. Paris 13\u1d49, novembre 2015<\/h2>\t\t\t\t\t\t\t\t<\/div>\n\t\t\t\t<\/div>\n\t\t\t\t\t<\/div>\n\t\t<\/div>\n\t\t\t\t\t<\/div>\n\t\t<\/section>\n\t\t\t\t<section class=\"elementor-section elementor-top-section elementor-element elementor-element-a6600f0 elementor-section-boxed elementor-section-height-default elementor-section-height-default\" data-id=\"a6600f0\" data-element_type=\"section\">\n\t\t\t\t\t\t<div class=\"elementor-container elementor-column-gap-default\">\n\t\t\t\t\t<div class=\"elementor-column elementor-col-100 elementor-top-column elementor-element elementor-element-06d2a3d\" data-id=\"06d2a3d\" data-element_type=\"column\">\n\t\t\t<div class=\"elementor-widget-wrap elementor-element-populated\">\n\t\t\t\t\t\t<div class=\"elementor-element elementor-element-370190e elementor-widget elementor-widget-image\" data-id=\"370190e\" data-element_type=\"widget\" data-widget_type=\"image.default\">\n\t\t\t\t<div class=\"elementor-widget-container\">\n\t\t\t\t\t\t\t\t\t\t\t\t\t\t\t<img decoding=\"async\" width=\"700\" height=\"534\" src=\"https:\/\/www.macapflag.com\/blog\/wp-content\/uploads\/2024\/11\/drapeau-dans-lart-urbain-3.jpg\" class=\"attachment-large size-large wp-image-18730\" alt=\"La Marianne d&#039;Obey suite aux attentats de Paris novembre 2015\" srcset=\"https:\/\/www.macapflag.com\/blog\/wp-content\/uploads\/2024\/11\/drapeau-dans-lart-urbain-3.jpg 700w, https:\/\/www.macapflag.com\/blog\/wp-content\/uploads\/2024\/11\/drapeau-dans-lart-urbain-3-300x229.jpg 300w\" sizes=\"(max-width: 700px) 100vw, 700px\" \/>\t\t\t\t\t\t\t\t\t\t\t\t\t\t\t<\/div>\n\t\t\t\t<\/div>\n\t\t\t\t\t<\/div>\n\t\t<\/div>\n\t\t\t\t\t<\/div>\n\t\t<\/section>\n\t\t\t\t<section class=\"elementor-section elementor-top-section elementor-element elementor-element-4dc4a03 elementor-section-boxed elementor-section-height-default elementor-section-height-default\" data-id=\"4dc4a03\" data-element_type=\"section\">\n\t\t\t\t\t\t<div class=\"elementor-container elementor-column-gap-default\">\n\t\t\t\t\t<div class=\"elementor-column elementor-col-100 elementor-top-column elementor-element elementor-element-33f08cc\" data-id=\"33f08cc\" data-element_type=\"column\">\n\t\t\t<div class=\"elementor-widget-wrap elementor-element-populated\">\n\t\t\t\t\t\t<div class=\"elementor-element elementor-element-8c64aa3 elementor-widget elementor-widget-text-editor\" data-id=\"8c64aa3\" data-element_type=\"widget\" data-widget_type=\"text-editor.default\">\n\t\t\t\t<div class=\"elementor-widget-container\">\n\t\t\t\t\t\t\t\t\t<p>En novembre 2015, Obey est de passage \u00e0 Paris. Choqu\u00e9 par les attaques terroristes du Bataclan, il cr\u00e9e une image en r\u00e9ponse. Celle-ci repr\u00e9sente la Marianne avec les mots de la devise de la France : Libert\u00e9, \u00c9galit\u00e9, Fraternit\u00e9 devant le <a href=\"https:\/\/www.macapflag.com\/drapeau-pays-pour-mat\/33-drapeau-francais-officiel.html\" target=\"_blank\" rel=\"noopener\"><span style=\"color: #3366ff;\">drapeau tricolore fran\u00e7ais<\/span><\/a>.<br \/>Cette \u0153uvre gigantesque a \u00e9galement une histoire particuli\u00e8re. <br \/>Vandalis\u00e9e par un groupe d\u2019anonymes contestataires en d\u00e9cembre 2019, la Marianne pleure alors des lames de sang. Lors de la restauration de l\u2019\u0153uvre, Obey choisit de s\u2019inspirer de cet \u00e9v\u00e8nement. Il peindra une larme bleue pour symboliser son engagement dans le combat qui perdure et l\u2019espoir qui demeure.<br \/>Autre anecdote amusante, un exemplaire de la Marianne d\u2019Obey a \u00e9t\u00e9 accroch\u00e9e aux murs du bureau pr\u00e9sidentiel \u00e0 l\u2019\u00c9lys\u00e9e.<\/p>\t\t\t\t\t\t\t\t<\/div>\n\t\t\t\t<\/div>\n\t\t\t\t\t<\/div>\n\t\t<\/div>\n\t\t\t\t\t<\/div>\n\t\t<\/section>\n\t\t\t\t<section class=\"elementor-section elementor-top-section elementor-element elementor-element-64c1028 elementor-section-boxed elementor-section-height-default elementor-section-height-default\" data-id=\"64c1028\" data-element_type=\"section\">\n\t\t\t\t\t\t<div class=\"elementor-container elementor-column-gap-default\">\n\t\t\t\t\t<div class=\"elementor-column elementor-col-100 elementor-top-column elementor-element elementor-element-ed1f7c0\" data-id=\"ed1f7c0\" data-element_type=\"column\">\n\t\t\t<div class=\"elementor-widget-wrap elementor-element-populated\">\n\t\t\t\t\t\t<div class=\"elementor-element elementor-element-3e7c33f elementor-widget elementor-widget-text-editor\" data-id=\"3e7c33f\" data-element_type=\"widget\" data-widget_type=\"text-editor.default\">\n\t\t\t\t<div class=\"elementor-widget-container\">\n\t\t\t\t\t\t\t\t\t<h2>Et tant d\u2019autres \u0153uvres \u00e0 travers le monde\u2026<\/h2>\t\t\t\t\t\t\t\t<\/div>\n\t\t\t\t<\/div>\n\t\t\t\t\t<\/div>\n\t\t<\/div>\n\t\t\t\t\t<\/div>\n\t\t<\/section>\n\t\t\t\t<section class=\"elementor-section elementor-top-section elementor-element elementor-element-57eae3a elementor-section-boxed elementor-section-height-default elementor-section-height-default\" data-id=\"57eae3a\" data-element_type=\"section\">\n\t\t\t\t\t\t<div class=\"elementor-container elementor-column-gap-default\">\n\t\t\t\t\t<div class=\"elementor-column elementor-col-100 elementor-top-column elementor-element elementor-element-b419843\" data-id=\"b419843\" data-element_type=\"column\">\n\t\t\t<div class=\"elementor-widget-wrap elementor-element-populated\">\n\t\t\t\t\t\t<div class=\"elementor-element elementor-element-2ba7fb2 elementor-widget elementor-widget-text-editor\" data-id=\"2ba7fb2\" data-element_type=\"widget\" data-widget_type=\"text-editor.default\">\n\t\t\t\t<div class=\"elementor-widget-container\">\n\t\t\t\t\t\t\t\t\t<p>Le drapeau est un symbole si puissant qu\u2019il figure dans de nombreuses \u0153uvres de street art contestataires ou porteuses de messages d\u2019appartenance. Voici ci-dessous quelques exemples de drapeaux figurant dans des \u0153uvres d\u2019art urbain. <\/p>\t\t\t\t\t\t\t\t<\/div>\n\t\t\t\t<\/div>\n\t\t\t\t\t<\/div>\n\t\t<\/div>\n\t\t\t\t\t<\/div>\n\t\t<\/section>\n\t\t\t\t<section class=\"elementor-section elementor-top-section elementor-element elementor-element-31c2d9c elementor-section-boxed elementor-section-height-default elementor-section-height-default\" data-id=\"31c2d9c\" data-element_type=\"section\">\n\t\t\t\t\t\t<div class=\"elementor-container elementor-column-gap-default\">\n\t\t\t\t\t<div class=\"elementor-column elementor-col-100 elementor-top-column elementor-element elementor-element-33083a5\" data-id=\"33083a5\" data-element_type=\"column\">\n\t\t\t<div class=\"elementor-widget-wrap elementor-element-populated\">\n\t\t\t\t\t\t<div class=\"elementor-element elementor-element-a6263c0 elementor-widget elementor-widget-image\" data-id=\"a6263c0\" data-element_type=\"widget\" data-widget_type=\"image.default\">\n\t\t\t\t<div class=\"elementor-widget-container\">\n\t\t\t\t\t\t\t\t\t\t\t\t<figure class=\"wp-caption\">\n\t\t\t\t\t\t\t\t\t\t<img loading=\"lazy\" decoding=\"async\" width=\"700\" height=\"534\" src=\"https:\/\/www.macapflag.com\/blog\/wp-content\/uploads\/2024\/11\/drapeau-dans-lart-urbain-4.jpg\" class=\"attachment-large size-large wp-image-18731\" alt=\"Street art Paris 2016 drapeau fran\u00e7ais 2016\" srcset=\"https:\/\/www.macapflag.com\/blog\/wp-content\/uploads\/2024\/11\/drapeau-dans-lart-urbain-4.jpg 700w, https:\/\/www.macapflag.com\/blog\/wp-content\/uploads\/2024\/11\/drapeau-dans-lart-urbain-4-300x229.jpg 300w\" sizes=\"(max-width: 700px) 100vw, 700px\" \/>\t\t\t\t\t\t\t\t\t\t\t<figcaption class=\"widget-image-caption wp-caption-text\">\"Libert\u00e9, \u00e9galit\u00e9, humanit\u00e9. Passage Saint-S\u00e9bastien \u00e0 Paris, mai 2016. Auteur inconnu<\/figcaption>\n\t\t\t\t\t\t\t\t\t\t<\/figure>\n\t\t\t\t\t\t\t\t\t<\/div>\n\t\t\t\t<\/div>\n\t\t\t\t\t<\/div>\n\t\t<\/div>\n\t\t\t\t\t<\/div>\n\t\t<\/section>\n\t\t\t\t<section class=\"elementor-section elementor-top-section elementor-element elementor-element-1951ca1 elementor-section-boxed elementor-section-height-default elementor-section-height-default\" data-id=\"1951ca1\" data-element_type=\"section\">\n\t\t\t\t\t\t<div class=\"elementor-container elementor-column-gap-default\">\n\t\t\t\t\t<div class=\"elementor-column elementor-col-100 elementor-top-column elementor-element elementor-element-94ec90c\" data-id=\"94ec90c\" data-element_type=\"column\">\n\t\t\t<div class=\"elementor-widget-wrap elementor-element-populated\">\n\t\t\t\t\t\t<div class=\"elementor-element elementor-element-b30a4a7 elementor-widget elementor-widget-image\" data-id=\"b30a4a7\" data-element_type=\"widget\" data-widget_type=\"image.default\">\n\t\t\t\t<div class=\"elementor-widget-container\">\n\t\t\t\t\t\t\t\t\t\t\t\t<figure class=\"wp-caption\">\n\t\t\t\t\t\t\t\t\t\t<img loading=\"lazy\" decoding=\"async\" width=\"700\" height=\"534\" src=\"https:\/\/www.macapflag.com\/blog\/wp-content\/uploads\/2024\/11\/drapeau-dans-lart-urbain-5.jpg\" class=\"attachment-large size-large wp-image-18732\" alt=\"Street art Paris 2016 \u00e9lections am\u00e9ricaines\" srcset=\"https:\/\/www.macapflag.com\/blog\/wp-content\/uploads\/2024\/11\/drapeau-dans-lart-urbain-5.jpg 700w, https:\/\/www.macapflag.com\/blog\/wp-content\/uploads\/2024\/11\/drapeau-dans-lart-urbain-5-300x229.jpg 300w\" sizes=\"(max-width: 700px) 100vw, 700px\" \/>\t\t\t\t\t\t\t\t\t\t\t<figcaption class=\"widget-image-caption wp-caption-text\">\"Ils vont vraiment se trumper \u00e0 ce point ?\" Paris, le 20 octobre 2016, auteur inconnu<\/figcaption>\n\t\t\t\t\t\t\t\t\t\t<\/figure>\n\t\t\t\t\t\t\t\t\t<\/div>\n\t\t\t\t<\/div>\n\t\t\t\t\t<\/div>\n\t\t<\/div>\n\t\t\t\t\t<\/div>\n\t\t<\/section>\n\t\t\t\t<section class=\"elementor-section elementor-top-section elementor-element elementor-element-41c17c8 elementor-section-boxed elementor-section-height-default elementor-section-height-default\" data-id=\"41c17c8\" data-element_type=\"section\">\n\t\t\t\t\t\t<div class=\"elementor-container elementor-column-gap-default\">\n\t\t\t\t\t<div class=\"elementor-column elementor-col-100 elementor-top-column elementor-element elementor-element-d404a88\" data-id=\"d404a88\" data-element_type=\"column\">\n\t\t\t<div class=\"elementor-widget-wrap elementor-element-populated\">\n\t\t\t\t\t\t<div class=\"elementor-element elementor-element-bf15909 elementor-widget elementor-widget-image\" data-id=\"bf15909\" data-element_type=\"widget\" data-widget_type=\"image.default\">\n\t\t\t\t<div class=\"elementor-widget-container\">\n\t\t\t\t\t\t\t\t\t\t\t\t<figure class=\"wp-caption\">\n\t\t\t\t\t\t\t\t\t\t<img loading=\"lazy\" decoding=\"async\" width=\"700\" height=\"534\" src=\"https:\/\/www.macapflag.com\/blog\/wp-content\/uploads\/2024\/11\/drapeau-dans-lart-urbain-6.jpg\" class=\"attachment-large size-large wp-image-18733\" alt=\"Art urbain Nashville drapeau am\u00e9ricain\" srcset=\"https:\/\/www.macapflag.com\/blog\/wp-content\/uploads\/2024\/11\/drapeau-dans-lart-urbain-6.jpg 700w, https:\/\/www.macapflag.com\/blog\/wp-content\/uploads\/2024\/11\/drapeau-dans-lart-urbain-6-300x229.jpg 300w\" sizes=\"(max-width: 700px) 100vw, 700px\" \/>\t\t\t\t\t\t\t\t\t\t\t<figcaption class=\"widget-image-caption wp-caption-text\">Low Key Art, 4 juillet 2020 \u00e0 Nashville par JamersonSGC.<\/figcaption>\n\t\t\t\t\t\t\t\t\t\t<\/figure>\n\t\t\t\t\t\t\t\t\t<\/div>\n\t\t\t\t<\/div>\n\t\t\t\t\t<\/div>\n\t\t<\/div>\n\t\t\t\t\t<\/div>\n\t\t<\/section>\n\t\t\t\t<section class=\"elementor-section elementor-top-section elementor-element elementor-element-242da47 elementor-section-boxed elementor-section-height-default elementor-section-height-default\" data-id=\"242da47\" data-element_type=\"section\">\n\t\t\t\t\t\t<div class=\"elementor-container elementor-column-gap-default\">\n\t\t\t\t\t<div class=\"elementor-column elementor-col-100 elementor-top-column elementor-element elementor-element-36b2c81\" data-id=\"36b2c81\" data-element_type=\"column\">\n\t\t\t<div class=\"elementor-widget-wrap elementor-element-populated\">\n\t\t\t\t\t\t<div class=\"elementor-element elementor-element-93dd19e elementor-widget elementor-widget-text-editor\" data-id=\"93dd19e\" data-element_type=\"widget\" data-widget_type=\"text-editor.default\">\n\t\t\t\t<div class=\"elementor-widget-container\">\n\t\t\t\t\t\t\t\t\t<p><em>Droits d\u2019auteur et cr\u00e9dits d\u2019image : Les illustrations pr\u00e9sentes dans cet article sont utilis\u00e9es dans un but informatif et d\u2019illustration. Elles demeurent la propri\u00e9t\u00e9 de leurs auteurs ou d\u00e9tenteurs respectifs et sont prot\u00e9g\u00e9es par des droits d\u2019auteur. Si vous \u00eates le titulaire des droits et souhaitez que l\u2019image soit modifi\u00e9e ou retir\u00e9e, merci de nous contacter.<\/em><\/p>\t\t\t\t\t\t\t\t<\/div>\n\t\t\t\t<\/div>\n\t\t\t\t\t<\/div>\n\t\t<\/div>\n\t\t\t\t\t<\/div>\n\t\t<\/section>\n\t\t\t\t<section class=\"elementor-section elementor-top-section elementor-element elementor-element-6103801 elementor-section-boxed elementor-section-height-default elementor-section-height-default\" data-id=\"6103801\" data-element_type=\"section\">\n\t\t\t\t\t\t<div class=\"elementor-container elementor-column-gap-default\">\n\t\t\t\t\t<div class=\"elementor-column elementor-col-100 elementor-top-column elementor-element elementor-element-747a123\" data-id=\"747a123\" data-element_type=\"column\">\n\t\t\t<div class=\"elementor-widget-wrap elementor-element-populated\">\n\t\t\t\t\t\t<div class=\"elementor-element elementor-element-0ecc3ac elementor-widget elementor-widget-image\" data-id=\"0ecc3ac\" data-element_type=\"widget\" data-widget_type=\"image.default\">\n\t\t\t\t<div class=\"elementor-widget-container\">\n\t\t\t\t\t\t\t\t\t\t\t\t\t\t\t\t<a href=\"https:\/\/www.macapflag.com\/\" target=\"_blank\">\n\t\t\t\t\t\t\t<img loading=\"lazy\" decoding=\"async\" width=\"700\" height=\"320\" src=\"https:\/\/www.macapflag.com\/blog\/wp-content\/uploads\/2021\/04\/fabriquant-de-drapeaux-kakemonos-banderoles-beach-flags-oriflammes-macap.jpg\" class=\"attachment-large size-large wp-image-10133\" alt=\"Macap fabriquant de drapeaux kak\u00e9mono banderole beach flag oriflamme\" srcset=\"https:\/\/www.macapflag.com\/blog\/wp-content\/uploads\/2021\/04\/fabriquant-de-drapeaux-kakemonos-banderoles-beach-flags-oriflammes-macap.jpg 700w, https:\/\/www.macapflag.com\/blog\/wp-content\/uploads\/2021\/04\/fabriquant-de-drapeaux-kakemonos-banderoles-beach-flags-oriflammes-macap-300x137.jpg 300w\" sizes=\"(max-width: 700px) 100vw, 700px\" \/>\t\t\t\t\t\t\t\t<\/a>\n\t\t\t\t\t\t\t\t\t\t\t\t\t\t\t<\/div>\n\t\t\t\t<\/div>\n\t\t\t\t\t<\/div>\n\t\t<\/div>\n\t\t\t\t\t<\/div>\n\t\t<\/section>\n\t\t\t\t<\/div>\n\t\t","protected":false},"excerpt":{"rendered":"<div class=\"tmnf_excerpt\"><p>Chez Macap, on fabrique des drapeaux et on aime la vie des drapeaux ! Nous vous proposons r\u00e9guli\u00e8rement des articles expliquant comment nous fabriquons vos drapeaux, quelles sont les origines des drapeaux, comment bien les utiliser. Nous aimons aussi constater que les drapeaux sont pr\u00e9sents dans de nombreux univers, y compris artistiques. Apr\u00e8s le drapeau &hellip;<\/p>\n<\/div>","protected":false},"author":2,"featured_media":18734,"comment_status":"closed","ping_status":"open","sticky":false,"template":"template-fullwidth.php","format":"standard","meta":{"footnotes":""},"categories":[93],"tags":[],"class_list":["post-18735","post","type-post","status-publish","format-standard","has-post-thumbnail","hentry","category-com"],"yoast_head":"<!-- This site is optimized with the Yoast SEO plugin v26.4 - https:\/\/yoast.com\/wordpress\/plugins\/seo\/ -->\n<title>La place du drapeau dans l&#039;art urbain, street art aujourd&#039;hui<\/title>\n<meta name=\"description\" content=\"Quelle est la place du drapeau dans l&#039;art urbain, le street art ? Un tour du monde de quelques \u0153uvres sur lesquelles figure un drapeau\" \/>\n<meta name=\"robots\" content=\"index, follow, max-snippet:-1, max-image-preview:large, max-video-preview:-1\" \/>\n<link rel=\"canonical\" href=\"https:\/\/www.macapflag.com\/blog\/le-drapeau-dans-lart-urbain\/\" \/>\n<meta property=\"og:locale\" content=\"fr_FR\" \/>\n<meta property=\"og:type\" content=\"article\" \/>\n<meta property=\"og:title\" content=\"La place du drapeau dans l&#039;art urbain, street art aujourd&#039;hui\" \/>\n<meta property=\"og:description\" content=\"Quelle est la place du drapeau dans l&#039;art urbain, le street art ? Un tour du monde de quelques \u0153uvres sur lesquelles figure un drapeau\" \/>\n<meta property=\"og:url\" content=\"https:\/\/www.macapflag.com\/blog\/le-drapeau-dans-lart-urbain\/\" \/>\n<meta property=\"og:site_name\" content=\"Blog - Macap\" \/>\n<meta property=\"article:publisher\" content=\"https:\/\/www.facebook.com\/macap.pavoisement\/\" \/>\n<meta property=\"article:published_time\" content=\"2025-12-12T07:06:22+00:00\" \/>\n<meta property=\"og:image\" content=\"https:\/\/www.macapflag.com\/blog\/wp-content\/uploads\/2024\/11\/drapeau-dans-lart-urbain-TITRE.jpg\" \/>\n\t<meta property=\"og:image:width\" content=\"870\" \/>\n\t<meta property=\"og:image:height\" content=\"600\" \/>\n\t<meta property=\"og:image:type\" content=\"image\/jpeg\" \/>\n<meta name=\"author\" content=\"Blog Macap\" \/>\n<meta name=\"twitter:card\" content=\"summary_large_image\" \/>\n<meta name=\"twitter:label1\" content=\"\u00c9crit par\" \/>\n\t<meta name=\"twitter:data1\" content=\"Blog Macap\" \/>\n\t<meta name=\"twitter:label2\" content=\"Dur\u00e9e de lecture estim\u00e9e\" \/>\n\t<meta name=\"twitter:data2\" content=\"6 minutes\" \/>\n<script type=\"application\/ld+json\" class=\"yoast-schema-graph\">{\"@context\":\"https:\/\/schema.org\",\"@graph\":[{\"@type\":\"Article\",\"@id\":\"https:\/\/www.macapflag.com\/blog\/le-drapeau-dans-lart-urbain\/#article\",\"isPartOf\":{\"@id\":\"https:\/\/www.macapflag.com\/blog\/le-drapeau-dans-lart-urbain\/\"},\"author\":{\"name\":\"Blog Macap\",\"@id\":\"https:\/\/www.macapflag.com\/blog\/#\/schema\/person\/3fea701f2603875e651e6b662578fc3c\"},\"headline\":\"Le drapeau dans l&#8217;art urbain\",\"datePublished\":\"2025-12-12T07:06:22+00:00\",\"mainEntityOfPage\":{\"@id\":\"https:\/\/www.macapflag.com\/blog\/le-drapeau-dans-lart-urbain\/\"},\"wordCount\":943,\"publisher\":{\"@id\":\"https:\/\/www.macapflag.com\/blog\/#organization\"},\"image\":{\"@id\":\"https:\/\/www.macapflag.com\/blog\/le-drapeau-dans-lart-urbain\/#primaryimage\"},\"thumbnailUrl\":\"https:\/\/www.macapflag.com\/blog\/wp-content\/uploads\/2024\/11\/drapeau-dans-lart-urbain-TITRE.jpg\",\"articleSection\":[\"Le monde de la Com'\"],\"inLanguage\":\"fr-FR\"},{\"@type\":\"WebPage\",\"@id\":\"https:\/\/www.macapflag.com\/blog\/le-drapeau-dans-lart-urbain\/\",\"url\":\"https:\/\/www.macapflag.com\/blog\/le-drapeau-dans-lart-urbain\/\",\"name\":\"La place du drapeau dans l'art urbain, street art aujourd'hui\",\"isPartOf\":{\"@id\":\"https:\/\/www.macapflag.com\/blog\/#website\"},\"primaryImageOfPage\":{\"@id\":\"https:\/\/www.macapflag.com\/blog\/le-drapeau-dans-lart-urbain\/#primaryimage\"},\"image\":{\"@id\":\"https:\/\/www.macapflag.com\/blog\/le-drapeau-dans-lart-urbain\/#primaryimage\"},\"thumbnailUrl\":\"https:\/\/www.macapflag.com\/blog\/wp-content\/uploads\/2024\/11\/drapeau-dans-lart-urbain-TITRE.jpg\",\"datePublished\":\"2025-12-12T07:06:22+00:00\",\"description\":\"Quelle est la place du drapeau dans l'art urbain, le street art ? Un tour du monde de quelques \u0153uvres sur lesquelles figure un drapeau\",\"breadcrumb\":{\"@id\":\"https:\/\/www.macapflag.com\/blog\/le-drapeau-dans-lart-urbain\/#breadcrumb\"},\"inLanguage\":\"fr-FR\",\"potentialAction\":[{\"@type\":\"ReadAction\",\"target\":[\"https:\/\/www.macapflag.com\/blog\/le-drapeau-dans-lart-urbain\/\"]}]},{\"@type\":\"ImageObject\",\"inLanguage\":\"fr-FR\",\"@id\":\"https:\/\/www.macapflag.com\/blog\/le-drapeau-dans-lart-urbain\/#primaryimage\",\"url\":\"https:\/\/www.macapflag.com\/blog\/wp-content\/uploads\/2024\/11\/drapeau-dans-lart-urbain-TITRE.jpg\",\"contentUrl\":\"https:\/\/www.macapflag.com\/blog\/wp-content\/uploads\/2024\/11\/drapeau-dans-lart-urbain-TITRE.jpg\",\"width\":870,\"height\":600,\"caption\":\"La place du drapeau dans l'art urbain\"},{\"@type\":\"BreadcrumbList\",\"@id\":\"https:\/\/www.macapflag.com\/blog\/le-drapeau-dans-lart-urbain\/#breadcrumb\",\"itemListElement\":[{\"@type\":\"ListItem\",\"position\":1,\"name\":\"Accueil\",\"item\":\"https:\/\/www.macapflag.com\/blog\/\"},{\"@type\":\"ListItem\",\"position\":2,\"name\":\"Le drapeau dans l&#8217;art urbain\"}]},{\"@type\":\"WebSite\",\"@id\":\"https:\/\/www.macapflag.com\/blog\/#website\",\"url\":\"https:\/\/www.macapflag.com\/blog\/\",\"name\":\"Blog - Macap\",\"description\":\"Tous nos articles\",\"publisher\":{\"@id\":\"https:\/\/www.macapflag.com\/blog\/#organization\"},\"potentialAction\":[{\"@type\":\"SearchAction\",\"target\":{\"@type\":\"EntryPoint\",\"urlTemplate\":\"https:\/\/www.macapflag.com\/blog\/?s={search_term_string}\"},\"query-input\":{\"@type\":\"PropertyValueSpecification\",\"valueRequired\":true,\"valueName\":\"search_term_string\"}}],\"inLanguage\":\"fr-FR\"},{\"@type\":\"Organization\",\"@id\":\"https:\/\/www.macapflag.com\/blog\/#organization\",\"name\":\"macapflag\",\"url\":\"https:\/\/www.macapflag.com\/blog\/\",\"logo\":{\"@type\":\"ImageObject\",\"inLanguage\":\"fr-FR\",\"@id\":\"https:\/\/www.macapflag.com\/blog\/#\/schema\/logo\/image\/\",\"url\":\"https:\/\/www.macapflag.com\/blog\/wp-content\/uploads\/2020\/12\/cropped-M-512-1.png\",\"contentUrl\":\"https:\/\/www.macapflag.com\/blog\/wp-content\/uploads\/2020\/12\/cropped-M-512-1.png\",\"width\":512,\"height\":512,\"caption\":\"macapflag\"},\"image\":{\"@id\":\"https:\/\/www.macapflag.com\/blog\/#\/schema\/logo\/image\/\"},\"sameAs\":[\"https:\/\/www.facebook.com\/macap.pavoisement\/\",\"https:\/\/www.instagram.com\/macapflag\/?hl=fr\",\"https:\/\/www.linkedin.com\/company\/macap\/?originalSubdomain=fr\",\"https:\/\/www.youtube.com\/channel\/UCXNzTIdZh9poEBjSXEqDtNw\"]},{\"@type\":\"Person\",\"@id\":\"https:\/\/www.macapflag.com\/blog\/#\/schema\/person\/3fea701f2603875e651e6b662578fc3c\",\"name\":\"Blog Macap\",\"image\":{\"@type\":\"ImageObject\",\"inLanguage\":\"fr-FR\",\"@id\":\"https:\/\/www.macapflag.com\/blog\/#\/schema\/person\/image\/\",\"url\":\"https:\/\/secure.gravatar.com\/avatar\/c12551f2dc51f0db049633b03e7856985477a70da834cc8967dea4ce54bdd6a2?s=96&d=mm&r=g\",\"contentUrl\":\"https:\/\/secure.gravatar.com\/avatar\/c12551f2dc51f0db049633b03e7856985477a70da834cc8967dea4ce54bdd6a2?s=96&d=mm&r=g\",\"caption\":\"Blog Macap\"},\"url\":\"https:\/\/www.macapflag.com\/blog\/author\/macap\/\"}]}<\/script>\n<!-- \/ Yoast SEO plugin. -->","yoast_head_json":{"title":"La place du drapeau dans l'art urbain, street art aujourd'hui","description":"Quelle est la place du drapeau dans l'art urbain, le street art ? Un tour du monde de quelques \u0153uvres sur lesquelles figure un drapeau","robots":{"index":"index","follow":"follow","max-snippet":"max-snippet:-1","max-image-preview":"max-image-preview:large","max-video-preview":"max-video-preview:-1"},"canonical":"https:\/\/www.macapflag.com\/blog\/le-drapeau-dans-lart-urbain\/","og_locale":"fr_FR","og_type":"article","og_title":"La place du drapeau dans l'art urbain, street art aujourd'hui","og_description":"Quelle est la place du drapeau dans l'art urbain, le street art ? Un tour du monde de quelques \u0153uvres sur lesquelles figure un drapeau","og_url":"https:\/\/www.macapflag.com\/blog\/le-drapeau-dans-lart-urbain\/","og_site_name":"Blog - Macap","article_publisher":"https:\/\/www.facebook.com\/macap.pavoisement\/","article_published_time":"2025-12-12T07:06:22+00:00","og_image":[{"width":870,"height":600,"url":"https:\/\/www.macapflag.com\/blog\/wp-content\/uploads\/2024\/11\/drapeau-dans-lart-urbain-TITRE.jpg","type":"image\/jpeg"}],"author":"Blog Macap","twitter_card":"summary_large_image","twitter_misc":{"\u00c9crit par":"Blog Macap","Dur\u00e9e de lecture estim\u00e9e":"6 minutes"},"schema":{"@context":"https:\/\/schema.org","@graph":[{"@type":"Article","@id":"https:\/\/www.macapflag.com\/blog\/le-drapeau-dans-lart-urbain\/#article","isPartOf":{"@id":"https:\/\/www.macapflag.com\/blog\/le-drapeau-dans-lart-urbain\/"},"author":{"name":"Blog Macap","@id":"https:\/\/www.macapflag.com\/blog\/#\/schema\/person\/3fea701f2603875e651e6b662578fc3c"},"headline":"Le drapeau dans l&#8217;art urbain","datePublished":"2025-12-12T07:06:22+00:00","mainEntityOfPage":{"@id":"https:\/\/www.macapflag.com\/blog\/le-drapeau-dans-lart-urbain\/"},"wordCount":943,"publisher":{"@id":"https:\/\/www.macapflag.com\/blog\/#organization"},"image":{"@id":"https:\/\/www.macapflag.com\/blog\/le-drapeau-dans-lart-urbain\/#primaryimage"},"thumbnailUrl":"https:\/\/www.macapflag.com\/blog\/wp-content\/uploads\/2024\/11\/drapeau-dans-lart-urbain-TITRE.jpg","articleSection":["Le monde de la Com'"],"inLanguage":"fr-FR"},{"@type":"WebPage","@id":"https:\/\/www.macapflag.com\/blog\/le-drapeau-dans-lart-urbain\/","url":"https:\/\/www.macapflag.com\/blog\/le-drapeau-dans-lart-urbain\/","name":"La place du drapeau dans l'art urbain, street art aujourd'hui","isPartOf":{"@id":"https:\/\/www.macapflag.com\/blog\/#website"},"primaryImageOfPage":{"@id":"https:\/\/www.macapflag.com\/blog\/le-drapeau-dans-lart-urbain\/#primaryimage"},"image":{"@id":"https:\/\/www.macapflag.com\/blog\/le-drapeau-dans-lart-urbain\/#primaryimage"},"thumbnailUrl":"https:\/\/www.macapflag.com\/blog\/wp-content\/uploads\/2024\/11\/drapeau-dans-lart-urbain-TITRE.jpg","datePublished":"2025-12-12T07:06:22+00:00","description":"Quelle est la place du drapeau dans l'art urbain, le street art ? Un tour du monde de quelques \u0153uvres sur lesquelles figure un drapeau","breadcrumb":{"@id":"https:\/\/www.macapflag.com\/blog\/le-drapeau-dans-lart-urbain\/#breadcrumb"},"inLanguage":"fr-FR","potentialAction":[{"@type":"ReadAction","target":["https:\/\/www.macapflag.com\/blog\/le-drapeau-dans-lart-urbain\/"]}]},{"@type":"ImageObject","inLanguage":"fr-FR","@id":"https:\/\/www.macapflag.com\/blog\/le-drapeau-dans-lart-urbain\/#primaryimage","url":"https:\/\/www.macapflag.com\/blog\/wp-content\/uploads\/2024\/11\/drapeau-dans-lart-urbain-TITRE.jpg","contentUrl":"https:\/\/www.macapflag.com\/blog\/wp-content\/uploads\/2024\/11\/drapeau-dans-lart-urbain-TITRE.jpg","width":870,"height":600,"caption":"La place du drapeau dans l'art urbain"},{"@type":"BreadcrumbList","@id":"https:\/\/www.macapflag.com\/blog\/le-drapeau-dans-lart-urbain\/#breadcrumb","itemListElement":[{"@type":"ListItem","position":1,"name":"Accueil","item":"https:\/\/www.macapflag.com\/blog\/"},{"@type":"ListItem","position":2,"name":"Le drapeau dans l&#8217;art urbain"}]},{"@type":"WebSite","@id":"https:\/\/www.macapflag.com\/blog\/#website","url":"https:\/\/www.macapflag.com\/blog\/","name":"Blog - Macap","description":"Tous nos articles","publisher":{"@id":"https:\/\/www.macapflag.com\/blog\/#organization"},"potentialAction":[{"@type":"SearchAction","target":{"@type":"EntryPoint","urlTemplate":"https:\/\/www.macapflag.com\/blog\/?s={search_term_string}"},"query-input":{"@type":"PropertyValueSpecification","valueRequired":true,"valueName":"search_term_string"}}],"inLanguage":"fr-FR"},{"@type":"Organization","@id":"https:\/\/www.macapflag.com\/blog\/#organization","name":"macapflag","url":"https:\/\/www.macapflag.com\/blog\/","logo":{"@type":"ImageObject","inLanguage":"fr-FR","@id":"https:\/\/www.macapflag.com\/blog\/#\/schema\/logo\/image\/","url":"https:\/\/www.macapflag.com\/blog\/wp-content\/uploads\/2020\/12\/cropped-M-512-1.png","contentUrl":"https:\/\/www.macapflag.com\/blog\/wp-content\/uploads\/2020\/12\/cropped-M-512-1.png","width":512,"height":512,"caption":"macapflag"},"image":{"@id":"https:\/\/www.macapflag.com\/blog\/#\/schema\/logo\/image\/"},"sameAs":["https:\/\/www.facebook.com\/macap.pavoisement\/","https:\/\/www.instagram.com\/macapflag\/?hl=fr","https:\/\/www.linkedin.com\/company\/macap\/?originalSubdomain=fr","https:\/\/www.youtube.com\/channel\/UCXNzTIdZh9poEBjSXEqDtNw"]},{"@type":"Person","@id":"https:\/\/www.macapflag.com\/blog\/#\/schema\/person\/3fea701f2603875e651e6b662578fc3c","name":"Blog Macap","image":{"@type":"ImageObject","inLanguage":"fr-FR","@id":"https:\/\/www.macapflag.com\/blog\/#\/schema\/person\/image\/","url":"https:\/\/secure.gravatar.com\/avatar\/c12551f2dc51f0db049633b03e7856985477a70da834cc8967dea4ce54bdd6a2?s=96&d=mm&r=g","contentUrl":"https:\/\/secure.gravatar.com\/avatar\/c12551f2dc51f0db049633b03e7856985477a70da834cc8967dea4ce54bdd6a2?s=96&d=mm&r=g","caption":"Blog Macap"},"url":"https:\/\/www.macapflag.com\/blog\/author\/macap\/"}]}},"_links":{"self":[{"href":"https:\/\/www.macapflag.com\/blog\/wp-json\/wp\/v2\/posts\/18735","targetHints":{"allow":["GET"]}}],"collection":[{"href":"https:\/\/www.macapflag.com\/blog\/wp-json\/wp\/v2\/posts"}],"about":[{"href":"https:\/\/www.macapflag.com\/blog\/wp-json\/wp\/v2\/types\/post"}],"author":[{"embeddable":true,"href":"https:\/\/www.macapflag.com\/blog\/wp-json\/wp\/v2\/users\/2"}],"replies":[{"embeddable":true,"href":"https:\/\/www.macapflag.com\/blog\/wp-json\/wp\/v2\/comments?post=18735"}],"version-history":[{"count":29,"href":"https:\/\/www.macapflag.com\/blog\/wp-json\/wp\/v2\/posts\/18735\/revisions"}],"predecessor-version":[{"id":21353,"href":"https:\/\/www.macapflag.com\/blog\/wp-json\/wp\/v2\/posts\/18735\/revisions\/21353"}],"wp:featuredmedia":[{"embeddable":true,"href":"https:\/\/www.macapflag.com\/blog\/wp-json\/wp\/v2\/media\/18734"}],"wp:attachment":[{"href":"https:\/\/www.macapflag.com\/blog\/wp-json\/wp\/v2\/media?parent=18735"}],"wp:term":[{"taxonomy":"category","embeddable":true,"href":"https:\/\/www.macapflag.com\/blog\/wp-json\/wp\/v2\/categories?post=18735"},{"taxonomy":"post_tag","embeddable":true,"href":"https:\/\/www.macapflag.com\/blog\/wp-json\/wp\/v2\/tags?post=18735"}],"curies":[{"name":"wp","href":"https:\/\/api.w.org\/{rel}","templated":true}]}}