{"id":19043,"date":"2025-01-20T08:15:04","date_gmt":"2025-01-20T07:15:04","guid":{"rendered":"https:\/\/www.macapflag.com\/blog\/?p=19043"},"modified":"2025-01-20T08:19:17","modified_gmt":"2025-01-20T07:19:17","slug":"dou-vient-marianne-et-que-represente-t-elle","status":"publish","type":"post","link":"https:\/\/www.macapflag.com\/blog\/dou-vient-marianne-et-que-represente-t-elle\/","title":{"rendered":"D\u2019o\u00f9 vient Marianne et que repr\u00e9sente-t-elle ?"},"content":{"rendered":"\t\t<div data-elementor-type=\"wp-post\" data-elementor-id=\"19043\" class=\"elementor elementor-19043\">\n\t\t\t\t\t\t<section class=\"elementor-section elementor-top-section elementor-element elementor-element-49f8330 elementor-section-boxed elementor-section-height-default elementor-section-height-default\" data-id=\"49f8330\" data-element_type=\"section\">\n\t\t\t\t\t\t<div class=\"elementor-container elementor-column-gap-default\">\n\t\t\t\t\t<div class=\"elementor-column elementor-col-100 elementor-top-column elementor-element elementor-element-ad2c18f\" data-id=\"ad2c18f\" data-element_type=\"column\">\n\t\t\t<div class=\"elementor-widget-wrap elementor-element-populated\">\n\t\t\t\t\t\t<div class=\"elementor-element elementor-element-26b7df5 elementor-widget elementor-widget-text-editor\" data-id=\"26b7df5\" data-element_type=\"widget\" data-widget_type=\"text-editor.default\">\n\t\t\t\t<div class=\"elementor-widget-container\">\n\t\t\t\t\t\t\t\t\t<p>En France, tout le monde connait Marianne, la Marianne qui tr\u00f4ne dans chaque mairie. Pourtant, l\u2019exposition du buste de Marianne accompagn\u00e9e de la photo de l\u2019actuel pr\u00e9sident de la R\u00e9publique ne rel\u00e8ve d\u2019aucune obligation l\u00e9gale. Cette pratique, profond\u00e9ment ancr\u00e9e dans notre d\u00e9mocratie, rel\u00e8ve simplement d\u2019un usage courant et traditionnel auquel les fran\u00e7ais sont tr\u00e8s attach\u00e9s.<\/p>\t\t\t\t\t\t\t\t<\/div>\n\t\t\t\t<\/div>\n\t\t\t\t\t<\/div>\n\t\t<\/div>\n\t\t\t\t\t<\/div>\n\t\t<\/section>\n\t\t\t\t<section class=\"elementor-section elementor-top-section elementor-element elementor-element-b54f5e3 elementor-section-boxed elementor-section-height-default elementor-section-height-default\" data-id=\"b54f5e3\" data-element_type=\"section\">\n\t\t\t\t\t\t<div class=\"elementor-container elementor-column-gap-default\">\n\t\t\t\t\t<div class=\"elementor-column elementor-col-100 elementor-top-column elementor-element elementor-element-1e46171\" data-id=\"1e46171\" data-element_type=\"column\">\n\t\t\t<div class=\"elementor-widget-wrap elementor-element-populated\">\n\t\t\t\t\t\t<div class=\"elementor-element elementor-element-d0442a0 elementor-widget elementor-widget-text-editor\" data-id=\"d0442a0\" data-element_type=\"widget\" data-widget_type=\"text-editor.default\">\n\t\t\t\t<div class=\"elementor-widget-container\">\n\t\t\t\t\t\t\t\t\t<h2>Quelles sont les origines de Marianne en France ?<\/h2>\t\t\t\t\t\t\t\t<\/div>\n\t\t\t\t<\/div>\n\t\t\t\t\t<\/div>\n\t\t<\/div>\n\t\t\t\t\t<\/div>\n\t\t<\/section>\n\t\t\t\t<section class=\"elementor-section elementor-top-section elementor-element elementor-element-20fe7af elementor-section-boxed elementor-section-height-default elementor-section-height-default\" data-id=\"20fe7af\" data-element_type=\"section\">\n\t\t\t\t\t\t<div class=\"elementor-container elementor-column-gap-default\">\n\t\t\t\t\t<div class=\"elementor-column elementor-col-100 elementor-top-column elementor-element elementor-element-937be6c\" data-id=\"937be6c\" data-element_type=\"column\">\n\t\t\t<div class=\"elementor-widget-wrap elementor-element-populated\">\n\t\t\t\t\t\t<div class=\"elementor-element elementor-element-f7e6ff2 elementor-widget elementor-widget-text-editor\" data-id=\"f7e6ff2\" data-element_type=\"widget\" data-widget_type=\"text-editor.default\">\n\t\t\t\t<div class=\"elementor-widget-container\">\n\t\t\t\t\t\t\t\t\t<h3>Pourquoi le choix du pr\u00e9nom Marianne ?<\/h3>\t\t\t\t\t\t\t\t<\/div>\n\t\t\t\t<\/div>\n\t\t\t\t\t<\/div>\n\t\t<\/div>\n\t\t\t\t\t<\/div>\n\t\t<\/section>\n\t\t\t\t<section class=\"elementor-section elementor-top-section elementor-element elementor-element-7eba291 elementor-section-boxed elementor-section-height-default elementor-section-height-default\" data-id=\"7eba291\" data-element_type=\"section\">\n\t\t\t\t\t\t<div class=\"elementor-container elementor-column-gap-default\">\n\t\t\t\t\t<div class=\"elementor-column elementor-col-100 elementor-top-column elementor-element elementor-element-a33b5c6\" data-id=\"a33b5c6\" data-element_type=\"column\">\n\t\t\t<div class=\"elementor-widget-wrap elementor-element-populated\">\n\t\t\t\t\t\t<div class=\"elementor-element elementor-element-3a73e8c elementor-widget elementor-widget-text-editor\" data-id=\"3a73e8c\" data-element_type=\"widget\" data-widget_type=\"text-editor.default\">\n\t\t\t\t<div class=\"elementor-widget-container\">\n\t\t\t\t\t\t\t\t\t<p><strong>L\u2019origine de Marianne remonte \u00e0 la R\u00e9volution fran\u00e7aise.<\/strong> Ce pr\u00e9nom est l&#8217;assemblage des deux pr\u00e9noms les plus r\u00e9pandus dans l&#8217;ancienne France : Marie et Anne. C&#8217;est donc une r\u00e9f\u00e9rence religieuse, Marie \u00e9tant la m\u00e8re du Christ et Anne celle de Marie. Ces pr\u00e9noms \u00e9taient ainsi populaires dans les campagnes fran\u00e7aises. Ce choix de nom \u00e9voque une femme du peuple, ancr\u00e9e dans le quotidien.<br \/>Le d\u00e9cret de la Convention du 22 septembre 1792 avait adopt\u00e9 la proposition de l\u2019abb\u00e9 Gr\u00e9goire, charg\u00e9 d\u2019un rapport sur les sceaux de la R\u00e9publique et qui proposa pour celle-ci l\u2019image de la libert\u00e9 \u00ab sous les traits d\u2019une femme v\u00eatue \u00e0 l\u2019antique, debout, tenant de la main droite une pique surmont\u00e9e du bonnet phrygien ou bonnet de la libert\u00e9 \u00bb.<br \/>Le bonnet phrygien est un symbole de libert\u00e9 emprunt\u00e9 \u00e0 l&#8217;Antiquit\u00e9 romaine.<\/p>\t\t\t\t\t\t\t\t<\/div>\n\t\t\t\t<\/div>\n\t\t\t\t\t<\/div>\n\t\t<\/div>\n\t\t\t\t\t<\/div>\n\t\t<\/section>\n\t\t\t\t<section class=\"elementor-section elementor-top-section elementor-element elementor-element-4b89d4b elementor-section-boxed elementor-section-height-default elementor-section-height-default\" data-id=\"4b89d4b\" data-element_type=\"section\">\n\t\t\t\t\t\t<div class=\"elementor-container elementor-column-gap-default\">\n\t\t\t\t\t<div class=\"elementor-column elementor-col-100 elementor-top-column elementor-element elementor-element-c3b1a08\" data-id=\"c3b1a08\" data-element_type=\"column\">\n\t\t\t<div class=\"elementor-widget-wrap elementor-element-populated\">\n\t\t\t\t\t\t<div class=\"elementor-element elementor-element-65fbe13 elementor-widget elementor-widget-spacer\" data-id=\"65fbe13\" data-element_type=\"widget\" data-widget_type=\"spacer.default\">\n\t\t\t\t<div class=\"elementor-widget-container\">\n\t\t\t\t\t\t\t<div class=\"elementor-spacer\">\n\t\t\t<div class=\"elementor-spacer-inner\"><\/div>\n\t\t<\/div>\n\t\t\t\t\t\t<\/div>\n\t\t\t\t<\/div>\n\t\t\t\t\t<\/div>\n\t\t<\/div>\n\t\t\t\t\t<\/div>\n\t\t<\/section>\n\t\t\t\t<section class=\"elementor-section elementor-top-section elementor-element elementor-element-b0028d0 elementor-section-boxed elementor-section-height-default elementor-section-height-default\" data-id=\"b0028d0\" data-element_type=\"section\">\n\t\t\t\t\t\t<div class=\"elementor-container elementor-column-gap-default\">\n\t\t\t\t\t<div class=\"elementor-column elementor-col-100 elementor-top-column elementor-element elementor-element-95a0783\" data-id=\"95a0783\" data-element_type=\"column\">\n\t\t\t<div class=\"elementor-widget-wrap elementor-element-populated\">\n\t\t\t\t\t\t<div class=\"elementor-element elementor-element-3849c30 elementor-widget elementor-widget-text-editor\" data-id=\"3849c30\" data-element_type=\"widget\" data-widget_type=\"text-editor.default\">\n\t\t\t\t<div class=\"elementor-widget-container\">\n\t\t\t\t\t\t\t\t\t<h3>Quel est le mod\u00e8le officiel de Marianne ?<\/h3>\t\t\t\t\t\t\t\t<\/div>\n\t\t\t\t<\/div>\n\t\t\t\t\t<\/div>\n\t\t<\/div>\n\t\t\t\t\t<\/div>\n\t\t<\/section>\n\t\t\t\t<section class=\"elementor-section elementor-top-section elementor-element elementor-element-e47b34f elementor-section-boxed elementor-section-height-default elementor-section-height-default\" data-id=\"e47b34f\" data-element_type=\"section\">\n\t\t\t\t\t\t<div class=\"elementor-container elementor-column-gap-default\">\n\t\t\t\t\t<div class=\"elementor-column elementor-col-100 elementor-top-column elementor-element elementor-element-cf0f999\" data-id=\"cf0f999\" data-element_type=\"column\">\n\t\t\t<div class=\"elementor-widget-wrap elementor-element-populated\">\n\t\t\t\t\t\t<div class=\"elementor-element elementor-element-4f71a93 elementor-widget elementor-widget-image\" data-id=\"4f71a93\" data-element_type=\"widget\" data-widget_type=\"image.default\">\n\t\t\t\t<div class=\"elementor-widget-container\">\n\t\t\t\t\t\t\t\t\t\t\t\t\t\t\t<img fetchpriority=\"high\" decoding=\"async\" width=\"700\" height=\"534\" src=\"https:\/\/www.macapflag.com\/blog\/wp-content\/uploads\/2025\/01\/d-ou-vient-marianne-1-1.jpg\" class=\"attachment-large size-large wp-image-19038\" alt=\"Buste Marianne mod\u00e8le Bardot\" srcset=\"https:\/\/www.macapflag.com\/blog\/wp-content\/uploads\/2025\/01\/d-ou-vient-marianne-1-1.jpg 700w, https:\/\/www.macapflag.com\/blog\/wp-content\/uploads\/2025\/01\/d-ou-vient-marianne-1-1-300x229.jpg 300w\" sizes=\"(max-width: 700px) 100vw, 700px\" \/>\t\t\t\t\t\t\t\t\t\t\t\t\t\t\t<\/div>\n\t\t\t\t<\/div>\n\t\t\t\t\t<\/div>\n\t\t<\/div>\n\t\t\t\t\t<\/div>\n\t\t<\/section>\n\t\t\t\t<section class=\"elementor-section elementor-top-section elementor-element elementor-element-8f58347 elementor-section-boxed elementor-section-height-default elementor-section-height-default\" data-id=\"8f58347\" data-element_type=\"section\">\n\t\t\t\t\t\t<div class=\"elementor-container elementor-column-gap-default\">\n\t\t\t\t\t<div class=\"elementor-column elementor-col-100 elementor-top-column elementor-element elementor-element-7ba8ee4\" data-id=\"7ba8ee4\" data-element_type=\"column\">\n\t\t\t<div class=\"elementor-widget-wrap elementor-element-populated\">\n\t\t\t\t\t\t<div class=\"elementor-element elementor-element-bd7a41f elementor-widget elementor-widget-text-editor\" data-id=\"bd7a41f\" data-element_type=\"widget\" data-widget_type=\"text-editor.default\">\n\t\t\t\t<div class=\"elementor-widget-container\">\n\t\t\t\t\t\t\t\t\t<p>Par respect, justement, des libert\u00e9s, les pouvoirs publics ont pr\u00e9f\u00e9r\u00e9 ne pas imposer de mod\u00e8le sp\u00e9cifique en laissant <strong>libre choix du mod\u00e8le<\/strong>.<br \/>\u00c0 partir des ann\u00e9es 60, les stars pr\u00eatent leurs traits \u00e0 l\u2019embl\u00e9matique Marianne : Brigitte Bardot, Catherine Deneuve, Mireille Mathieu, Laetitia Casta et Sophie Marceau incarnent la femme symbole de la R\u00e9publique fran\u00e7aise. <br \/>Si Marianne est souvent repr\u00e9sent\u00e9e en buste, elle a parfois d\u00e9cor\u00e9 les mairies et les \u00e9difices publics sous forme de statue en pied.<br \/>Dans des \u0153uvres modernes, Marianne \u00e9volue de mani\u00e8re plus artistique et libre, pour refl\u00e9ter les \u00e9volutions de la soci\u00e9t\u00e9 et l\u2019\u00e9volution de l\u2019id\u00e9al r\u00e9publicain. Des artistes contemporains comme Shepard Fairey (OBEY) ont r\u00e9alis\u00e9 des \u0153uvres inspir\u00e9es de Marianne, la transformant en une ic\u00f4ne de lutte pour la libert\u00e9.<\/p>\t\t\t\t\t\t\t\t<\/div>\n\t\t\t\t<\/div>\n\t\t\t\t\t<\/div>\n\t\t<\/div>\n\t\t\t\t\t<\/div>\n\t\t<\/section>\n\t\t\t\t<section class=\"elementor-section elementor-top-section elementor-element elementor-element-f0a5c0e elementor-section-boxed elementor-section-height-default elementor-section-height-default\" data-id=\"f0a5c0e\" data-element_type=\"section\">\n\t\t\t\t\t\t<div class=\"elementor-container elementor-column-gap-default\">\n\t\t\t\t\t<div class=\"elementor-column elementor-col-100 elementor-top-column elementor-element elementor-element-8ec9382\" data-id=\"8ec9382\" data-element_type=\"column\">\n\t\t\t<div class=\"elementor-widget-wrap elementor-element-populated\">\n\t\t\t\t\t\t<div class=\"elementor-element elementor-element-7591079 elementor-widget elementor-widget-spacer\" data-id=\"7591079\" data-element_type=\"widget\" data-widget_type=\"spacer.default\">\n\t\t\t\t<div class=\"elementor-widget-container\">\n\t\t\t\t\t\t\t<div class=\"elementor-spacer\">\n\t\t\t<div class=\"elementor-spacer-inner\"><\/div>\n\t\t<\/div>\n\t\t\t\t\t\t<\/div>\n\t\t\t\t<\/div>\n\t\t\t\t\t<\/div>\n\t\t<\/div>\n\t\t\t\t\t<\/div>\n\t\t<\/section>\n\t\t\t\t<section class=\"elementor-section elementor-top-section elementor-element elementor-element-47b7300 elementor-section-boxed elementor-section-height-default elementor-section-height-default\" data-id=\"47b7300\" data-element_type=\"section\">\n\t\t\t\t\t\t<div class=\"elementor-container elementor-column-gap-default\">\n\t\t\t\t\t<div class=\"elementor-column elementor-col-100 elementor-top-column elementor-element elementor-element-8a756ee\" data-id=\"8a756ee\" data-element_type=\"column\">\n\t\t\t<div class=\"elementor-widget-wrap elementor-element-populated\">\n\t\t\t\t\t\t<div class=\"elementor-element elementor-element-9dc79c2 elementor-widget elementor-widget-text-editor\" data-id=\"9dc79c2\" data-element_type=\"widget\" data-widget_type=\"text-editor.default\">\n\t\t\t\t<div class=\"elementor-widget-container\">\n\t\t\t\t\t\t\t\t\t<h2>Que symbolise Marianne en France ?<\/h2>\t\t\t\t\t\t\t\t<\/div>\n\t\t\t\t<\/div>\n\t\t\t\t\t<\/div>\n\t\t<\/div>\n\t\t\t\t\t<\/div>\n\t\t<\/section>\n\t\t\t\t<section class=\"elementor-section elementor-top-section elementor-element elementor-element-4477e76 elementor-section-boxed elementor-section-height-default elementor-section-height-default\" data-id=\"4477e76\" data-element_type=\"section\">\n\t\t\t\t\t\t<div class=\"elementor-container elementor-column-gap-default\">\n\t\t\t\t\t<div class=\"elementor-column elementor-col-100 elementor-top-column elementor-element elementor-element-663bad3\" data-id=\"663bad3\" data-element_type=\"column\">\n\t\t\t<div class=\"elementor-widget-wrap elementor-element-populated\">\n\t\t\t\t\t\t<div class=\"elementor-element elementor-element-4d02793 elementor-widget elementor-widget-text-editor\" data-id=\"4d02793\" data-element_type=\"widget\" data-widget_type=\"text-editor.default\">\n\t\t\t\t<div class=\"elementor-widget-container\">\n\t\t\t\t\t\t\t\t\t<p><strong>Marianne est l&#8217;incarnation de la R\u00e9publique fran\u00e7aise<\/strong> et de ses valeurs fondamentales, la libert\u00e9, l&#8217;\u00e9galit\u00e9 et la fraternit\u00e9. <br \/>D\u00e8s sa cr\u00e9ation, Marianne incarne une vision d\u00e9mocratique et populaire du pouvoir, en rupture avec les symboles monarchiques. <br \/>Le choix d&#8217;une femme n&#8217;est pas anodin non plus : il s\u2019agit d\u2019une figure maternelle et protectrice, qui renvoie \u00e0 l\u2019all\u00e9gorie de la libert\u00e9.<br \/><strong>Son incarnation la plus c\u00e9l\u00e8bre est celle du tout autant c\u00e9l\u00e8bre tableau d\u2019Eug\u00e8ne Delacroix<\/strong> \u201cLa libert\u00e9 guidant le peuple\u201d. Elle y conduit le peuple vers la libert\u00e9 en brandissant le drapeau fran\u00e7ais sur une hampe.<br \/>Marianne est aussi vectrice de la la\u00efcit\u00e9 et de la neutralit\u00e9 de l&#8217;\u00c9tat. Elle se veut universelle et rassembleuse, au-del\u00e0 des divisions religieuses, politiques ou sociales. <br \/>Elle incarne <strong>une forme d\u2019id\u00e9al r\u00e9publicain<\/strong> et, dans son expression la plus \u00e9lev\u00e9e, les aspirations du peuple fran\u00e7ais.<\/p>\t\t\t\t\t\t\t\t<\/div>\n\t\t\t\t<\/div>\n\t\t\t\t\t<\/div>\n\t\t<\/div>\n\t\t\t\t\t<\/div>\n\t\t<\/section>\n\t\t\t\t<section class=\"elementor-section elementor-top-section elementor-element elementor-element-d28eb91 elementor-section-boxed elementor-section-height-default elementor-section-height-default\" data-id=\"d28eb91\" data-element_type=\"section\">\n\t\t\t\t\t\t<div class=\"elementor-container elementor-column-gap-default\">\n\t\t\t\t\t<div class=\"elementor-column elementor-col-100 elementor-top-column elementor-element elementor-element-cd6e5f5\" data-id=\"cd6e5f5\" data-element_type=\"column\">\n\t\t\t<div class=\"elementor-widget-wrap elementor-element-populated\">\n\t\t\t\t\t\t<div class=\"elementor-element elementor-element-bf70937 elementor-widget elementor-widget-image\" data-id=\"bf70937\" data-element_type=\"widget\" data-widget_type=\"image.default\">\n\t\t\t\t<div class=\"elementor-widget-container\">\n\t\t\t\t\t\t\t\t\t\t\t\t\t\t\t<img decoding=\"async\" width=\"700\" height=\"534\" src=\"https:\/\/www.macapflag.com\/blog\/wp-content\/uploads\/2025\/01\/d-ou-vient-marianne-2-1.jpg\" class=\"attachment-large size-large wp-image-19039\" alt=\"Marianne dans la libert\u00e9 guidant de peuple de Delacroix\" srcset=\"https:\/\/www.macapflag.com\/blog\/wp-content\/uploads\/2025\/01\/d-ou-vient-marianne-2-1.jpg 700w, https:\/\/www.macapflag.com\/blog\/wp-content\/uploads\/2025\/01\/d-ou-vient-marianne-2-1-300x229.jpg 300w\" sizes=\"(max-width: 700px) 100vw, 700px\" \/>\t\t\t\t\t\t\t\t\t\t\t\t\t\t\t<\/div>\n\t\t\t\t<\/div>\n\t\t\t\t\t<\/div>\n\t\t<\/div>\n\t\t\t\t\t<\/div>\n\t\t<\/section>\n\t\t\t\t<section class=\"elementor-section elementor-top-section elementor-element elementor-element-ee64abc elementor-section-boxed elementor-section-height-default elementor-section-height-default\" data-id=\"ee64abc\" data-element_type=\"section\">\n\t\t\t\t\t\t<div class=\"elementor-container elementor-column-gap-default\">\n\t\t\t\t\t<div class=\"elementor-column elementor-col-100 elementor-top-column elementor-element elementor-element-8678e15\" data-id=\"8678e15\" data-element_type=\"column\">\n\t\t\t<div class=\"elementor-widget-wrap elementor-element-populated\">\n\t\t\t\t\t\t<div class=\"elementor-element elementor-element-499cdf7 elementor-widget elementor-widget-spacer\" data-id=\"499cdf7\" data-element_type=\"widget\" data-widget_type=\"spacer.default\">\n\t\t\t\t<div class=\"elementor-widget-container\">\n\t\t\t\t\t\t\t<div class=\"elementor-spacer\">\n\t\t\t<div class=\"elementor-spacer-inner\"><\/div>\n\t\t<\/div>\n\t\t\t\t\t\t<\/div>\n\t\t\t\t<\/div>\n\t\t\t\t\t<\/div>\n\t\t<\/div>\n\t\t\t\t\t<\/div>\n\t\t<\/section>\n\t\t\t\t<section class=\"elementor-section elementor-top-section elementor-element elementor-element-e6b2734 elementor-section-boxed elementor-section-height-default elementor-section-height-default\" data-id=\"e6b2734\" data-element_type=\"section\">\n\t\t\t\t\t\t<div class=\"elementor-container elementor-column-gap-default\">\n\t\t\t\t\t<div class=\"elementor-column elementor-col-100 elementor-top-column elementor-element elementor-element-dd9596e\" data-id=\"dd9596e\" data-element_type=\"column\">\n\t\t\t<div class=\"elementor-widget-wrap elementor-element-populated\">\n\t\t\t\t\t\t<div class=\"elementor-element elementor-element-0f51e13 elementor-widget elementor-widget-text-editor\" data-id=\"0f51e13\" data-element_type=\"widget\" data-widget_type=\"text-editor.default\">\n\t\t\t\t<div class=\"elementor-widget-container\">\n\t\t\t\t\t\t\t\t\t<h2>Qui est Marianne aujourd\u2019hui ?<\/h2>\t\t\t\t\t\t\t\t<\/div>\n\t\t\t\t<\/div>\n\t\t\t\t\t<\/div>\n\t\t<\/div>\n\t\t\t\t\t<\/div>\n\t\t<\/section>\n\t\t\t\t<section class=\"elementor-section elementor-top-section elementor-element elementor-element-b2d4443 elementor-section-boxed elementor-section-height-default elementor-section-height-default\" data-id=\"b2d4443\" data-element_type=\"section\">\n\t\t\t\t\t\t<div class=\"elementor-container elementor-column-gap-default\">\n\t\t\t\t\t<div class=\"elementor-column elementor-col-100 elementor-top-column elementor-element elementor-element-5234efa\" data-id=\"5234efa\" data-element_type=\"column\">\n\t\t\t<div class=\"elementor-widget-wrap elementor-element-populated\">\n\t\t\t\t\t\t<div class=\"elementor-element elementor-element-18b5532 elementor-widget elementor-widget-text-editor\" data-id=\"18b5532\" data-element_type=\"widget\" data-widget_type=\"text-editor.default\">\n\t\t\t\t<div class=\"elementor-widget-container\">\n\t\t\t\t\t\t\t\t\t<p>Il n&#8217;y a jamais eu de buste officiel de la R\u00e9publique. Chaque sculpteur est libre de repr\u00e9senter Marianne \u00e0 sa fa\u00e7on et chaque maire est libre de choisir son mod\u00e8le. Ainsi s&#8217;explique l&#8217;extraordinaire diversit\u00e9 des bustes de mairie. R\u00e9cemment, la mode a voulu qu&#8217;on donne \u00e0 Marianne les traits d&#8217;artistes c\u00e9l\u00e8bres, mais elle a eu bien d&#8217;autres visages, aimables ou s\u00e9v\u00e8res, souvent anonymes, comme en t\u00e9moignent les images des diff\u00e9rentes versions au fil du temps.<\/p>\t\t\t\t\t\t\t\t<\/div>\n\t\t\t\t<\/div>\n\t\t\t\t\t<\/div>\n\t\t<\/div>\n\t\t\t\t\t<\/div>\n\t\t<\/section>\n\t\t\t\t<section class=\"elementor-section elementor-top-section elementor-element elementor-element-e74a368 elementor-section-boxed elementor-section-height-default elementor-section-height-default\" data-id=\"e74a368\" data-element_type=\"section\">\n\t\t\t\t\t\t<div class=\"elementor-container elementor-column-gap-default\">\n\t\t\t\t\t<div class=\"elementor-column elementor-col-100 elementor-top-column elementor-element elementor-element-befd8c4\" data-id=\"befd8c4\" data-element_type=\"column\">\n\t\t\t<div class=\"elementor-widget-wrap elementor-element-populated\">\n\t\t\t\t\t\t<div class=\"elementor-element elementor-element-5ad669b elementor-widget elementor-widget-image\" data-id=\"5ad669b\" data-element_type=\"widget\" data-widget_type=\"image.default\">\n\t\t\t\t<div class=\"elementor-widget-container\">\n\t\t\t\t\t\t\t\t\t\t\t\t\t\t\t<img decoding=\"async\" width=\"700\" height=\"534\" src=\"https:\/\/www.macapflag.com\/blog\/wp-content\/uploads\/2025\/01\/d-ou-vient-marianne-3-1.jpg\" class=\"attachment-large size-large wp-image-19040\" alt=\"Marianne effigie timbre-poste cr\u00e9\u00e9e par Yz\" srcset=\"https:\/\/www.macapflag.com\/blog\/wp-content\/uploads\/2025\/01\/d-ou-vient-marianne-3-1.jpg 700w, https:\/\/www.macapflag.com\/blog\/wp-content\/uploads\/2025\/01\/d-ou-vient-marianne-3-1-300x229.jpg 300w\" sizes=\"(max-width: 700px) 100vw, 700px\" \/>\t\t\t\t\t\t\t\t\t\t\t\t\t\t\t<\/div>\n\t\t\t\t<\/div>\n\t\t\t\t\t<\/div>\n\t\t<\/div>\n\t\t\t\t\t<\/div>\n\t\t<\/section>\n\t\t\t\t<section class=\"elementor-section elementor-top-section elementor-element elementor-element-94af9ec elementor-section-boxed elementor-section-height-default elementor-section-height-default\" data-id=\"94af9ec\" data-element_type=\"section\">\n\t\t\t\t\t\t<div class=\"elementor-container elementor-column-gap-default\">\n\t\t\t\t\t<div class=\"elementor-column elementor-col-100 elementor-top-column elementor-element elementor-element-8bf4c9d\" data-id=\"8bf4c9d\" data-element_type=\"column\">\n\t\t\t<div class=\"elementor-widget-wrap elementor-element-populated\">\n\t\t\t\t\t\t<div class=\"elementor-element elementor-element-78faeec elementor-widget elementor-widget-text-editor\" data-id=\"78faeec\" data-element_type=\"widget\" data-widget_type=\"text-editor.default\">\n\t\t\t\t<div class=\"elementor-widget-container\">\n\t\t\t\t\t\t\t\t\t<p>La derni\u00e8re version de Marianne a \u00e9t\u00e9 d\u00e9voil\u00e9e par le Pr\u00e9sident Macron en juillet 2018 pour habiller les timbres postaux fran\u00e7ais. Elle a \u00e9t\u00e9 dessin\u00e9e par l\u2019artiste Yseult Digan, qui signe Yz. L&#8217;\u0153uvre se veut \u00ab une Marianne d\u00e9termin\u00e9e, \u00e9nergique, qui est ancr\u00e9e dans le XXIe si\u00e8cle et qui se projette dans l&#8217;action \u00bb.<\/p>\t\t\t\t\t\t\t\t<\/div>\n\t\t\t\t<\/div>\n\t\t\t\t\t<\/div>\n\t\t<\/div>\n\t\t\t\t\t<\/div>\n\t\t<\/section>\n\t\t\t\t<section class=\"elementor-section elementor-top-section elementor-element elementor-element-41db33f elementor-section-boxed elementor-section-height-default elementor-section-height-default\" data-id=\"41db33f\" data-element_type=\"section\">\n\t\t\t\t\t\t<div class=\"elementor-container elementor-column-gap-default\">\n\t\t\t\t\t<div class=\"elementor-column elementor-col-100 elementor-top-column elementor-element elementor-element-a551765\" data-id=\"a551765\" data-element_type=\"column\">\n\t\t\t<div class=\"elementor-widget-wrap elementor-element-populated\">\n\t\t\t\t\t\t<div class=\"elementor-element elementor-element-615020e elementor-widget elementor-widget-spacer\" data-id=\"615020e\" data-element_type=\"widget\" data-widget_type=\"spacer.default\">\n\t\t\t\t<div class=\"elementor-widget-container\">\n\t\t\t\t\t\t\t<div class=\"elementor-spacer\">\n\t\t\t<div class=\"elementor-spacer-inner\"><\/div>\n\t\t<\/div>\n\t\t\t\t\t\t<\/div>\n\t\t\t\t<\/div>\n\t\t\t\t\t<\/div>\n\t\t<\/div>\n\t\t\t\t\t<\/div>\n\t\t<\/section>\n\t\t\t\t<section class=\"elementor-section elementor-top-section elementor-element elementor-element-443a7ef elementor-section-boxed elementor-section-height-default elementor-section-height-default\" data-id=\"443a7ef\" data-element_type=\"section\">\n\t\t\t\t\t\t<div class=\"elementor-container elementor-column-gap-default\">\n\t\t\t\t\t<div class=\"elementor-column elementor-col-100 elementor-top-column elementor-element elementor-element-969cdf4\" data-id=\"969cdf4\" data-element_type=\"column\">\n\t\t\t<div class=\"elementor-widget-wrap elementor-element-populated\">\n\t\t\t\t\t\t<div class=\"elementor-element elementor-element-a3b5de7 elementor-widget elementor-widget-text-editor\" data-id=\"a3b5de7\" data-element_type=\"widget\" data-widget_type=\"text-editor.default\">\n\t\t\t\t<div class=\"elementor-widget-container\">\n\t\t\t\t\t\t\t\t\t<h2>Quelles sont les utilisations de Marianne aujourd\u2019hui ?<\/h2>\t\t\t\t\t\t\t\t<\/div>\n\t\t\t\t<\/div>\n\t\t\t\t\t<\/div>\n\t\t<\/div>\n\t\t\t\t\t<\/div>\n\t\t<\/section>\n\t\t\t\t<section class=\"elementor-section elementor-top-section elementor-element elementor-element-1fd1024 elementor-section-boxed elementor-section-height-default elementor-section-height-default\" data-id=\"1fd1024\" data-element_type=\"section\">\n\t\t\t\t\t\t<div class=\"elementor-container elementor-column-gap-default\">\n\t\t\t\t\t<div class=\"elementor-column elementor-col-100 elementor-top-column elementor-element elementor-element-ea3f1fd\" data-id=\"ea3f1fd\" data-element_type=\"column\">\n\t\t\t<div class=\"elementor-widget-wrap elementor-element-populated\">\n\t\t\t\t\t\t<div class=\"elementor-element elementor-element-fa2885e elementor-widget elementor-widget-image\" data-id=\"fa2885e\" data-element_type=\"widget\" data-widget_type=\"image.default\">\n\t\t\t\t<div class=\"elementor-widget-container\">\n\t\t\t\t\t\t\t\t\t\t\t\t\t\t\t<img loading=\"lazy\" decoding=\"async\" width=\"700\" height=\"534\" src=\"https:\/\/www.macapflag.com\/blog\/wp-content\/uploads\/2025\/01\/d-ou-vient-marianne-4-1.jpg\" class=\"attachment-large size-large wp-image-19041\" alt=\"Marianne sur les pi\u00e8ces de monnaie fran\u00e7aises\" srcset=\"https:\/\/www.macapflag.com\/blog\/wp-content\/uploads\/2025\/01\/d-ou-vient-marianne-4-1.jpg 700w, https:\/\/www.macapflag.com\/blog\/wp-content\/uploads\/2025\/01\/d-ou-vient-marianne-4-1-300x229.jpg 300w\" sizes=\"(max-width: 700px) 100vw, 700px\" \/>\t\t\t\t\t\t\t\t\t\t\t\t\t\t\t<\/div>\n\t\t\t\t<\/div>\n\t\t\t\t\t<\/div>\n\t\t<\/div>\n\t\t\t\t\t<\/div>\n\t\t<\/section>\n\t\t\t\t<section class=\"elementor-section elementor-top-section elementor-element elementor-element-6e9f328 elementor-section-boxed elementor-section-height-default elementor-section-height-default\" data-id=\"6e9f328\" data-element_type=\"section\">\n\t\t\t\t\t\t<div class=\"elementor-container elementor-column-gap-default\">\n\t\t\t\t\t<div class=\"elementor-column elementor-col-100 elementor-top-column elementor-element elementor-element-331caef\" data-id=\"331caef\" data-element_type=\"column\">\n\t\t\t<div class=\"elementor-widget-wrap elementor-element-populated\">\n\t\t\t\t\t\t<div class=\"elementor-element elementor-element-ecd52cd elementor-widget elementor-widget-text-editor\" data-id=\"ecd52cd\" data-element_type=\"widget\" data-widget_type=\"text-editor.default\">\n\t\t\t\t<div class=\"elementor-widget-container\">\n\t\t\t\t\t\t\t\t\t<p><strong>Marianne reste une figure omnipr\u00e9sente dans les institutions fran\u00e7aises.<\/strong> En plus d&#8217;\u00eatre pr\u00e9sente dans les mairies, sous forme de buste Marianne, elle figure aussi sur les timbres et pi\u00e8ces de monnaie, symboles de l&#8217;autorit\u00e9 de l&#8217;\u00c9tat et de son action quotidienne. Son image est ainsi tr\u00e8s pr\u00e9sente dans la vie des Fran\u00e7ais.<br \/>Elle constitue un mod\u00e8le de choix pour les dessinateurs, publicitaires et illustrateurs, qui voient en elle la repr\u00e9sentation de la population fran\u00e7aise.<br \/>Elle est fr\u00e9quemment associ\u00e9e aux campagnes r\u00e9publicaines pour promouvoir les valeurs de citoyennet\u00e9 et d&#8217;engagement civique. Elle figure dans les discours officiels et les documents administratifs, symbolisant l&#8217;\u00c9tat lui-m\u00eame.<br \/><strong>Le r\u00f4le de Marianne va au-del\u00e0 des fronti\u00e8res fran\u00e7aises<\/strong> : elle est un symbole de la France \u00e0 l\u2019international et repr\u00e9sente cet esprit de la R\u00e9volution fran\u00e7aise qui a inspir\u00e9 des id\u00e9aux d\u00e9mocratiques et de libert\u00e9 dans de nombreux pays. Elle est souvent utilis\u00e9e dans des contextes officiels comme les ambassades ou les \u00e9v\u00e9nements internationaux.<br \/>Enfin, Marianne est aussi parfois invoqu\u00e9e par les citoyens lors de mouvements de protestation, pour rappeler au gouvernement et aux institutions les valeurs r\u00e9publicaines. Elle est ainsi devenue une figure de contestation et d\u2019espoir, qui continue de f\u00e9d\u00e9rer et de rappeler les fondements de la R\u00e9publique fran\u00e7aise.<\/p>\t\t\t\t\t\t\t\t<\/div>\n\t\t\t\t<\/div>\n\t\t\t\t\t<\/div>\n\t\t<\/div>\n\t\t\t\t\t<\/div>\n\t\t<\/section>\n\t\t\t\t<section class=\"elementor-section elementor-top-section elementor-element elementor-element-754211e elementor-section-boxed elementor-section-height-default elementor-section-height-default\" data-id=\"754211e\" data-element_type=\"section\">\n\t\t\t\t\t\t<div class=\"elementor-container elementor-column-gap-default\">\n\t\t\t\t\t<div class=\"elementor-column elementor-col-100 elementor-top-column elementor-element elementor-element-ea602c7\" data-id=\"ea602c7\" data-element_type=\"column\">\n\t\t\t<div class=\"elementor-widget-wrap elementor-element-populated\">\n\t\t\t\t\t\t<div class=\"elementor-element elementor-element-d33b76a elementor-widget elementor-widget-spacer\" data-id=\"d33b76a\" data-element_type=\"widget\" data-widget_type=\"spacer.default\">\n\t\t\t\t<div class=\"elementor-widget-container\">\n\t\t\t\t\t\t\t<div class=\"elementor-spacer\">\n\t\t\t<div class=\"elementor-spacer-inner\"><\/div>\n\t\t<\/div>\n\t\t\t\t\t\t<\/div>\n\t\t\t\t<\/div>\n\t\t\t\t\t<\/div>\n\t\t<\/div>\n\t\t\t\t\t<\/div>\n\t\t<\/section>\n\t\t\t\t<section class=\"elementor-section elementor-top-section elementor-element elementor-element-f76a5a2 elementor-section-boxed elementor-section-height-default elementor-section-height-default\" data-id=\"f76a5a2\" data-element_type=\"section\">\n\t\t\t\t\t\t<div class=\"elementor-container elementor-column-gap-default\">\n\t\t\t\t\t<div class=\"elementor-column elementor-col-100 elementor-top-column elementor-element elementor-element-4bdb02a\" data-id=\"4bdb02a\" data-element_type=\"column\">\n\t\t\t<div class=\"elementor-widget-wrap elementor-element-populated\">\n\t\t\t\t\t\t<div class=\"elementor-element elementor-element-2e7f25e elementor-widget elementor-widget-text-editor\" data-id=\"2e7f25e\" data-element_type=\"widget\" data-widget_type=\"text-editor.default\">\n\t\t\t\t<div class=\"elementor-widget-container\">\n\t\t\t\t\t\t\t\t\t<h2>O\u00f9 acheter son buste de Marianne ?<\/h2>\t\t\t\t\t\t\t\t<\/div>\n\t\t\t\t<\/div>\n\t\t\t\t\t<\/div>\n\t\t<\/div>\n\t\t\t\t\t<\/div>\n\t\t<\/section>\n\t\t\t\t<section class=\"elementor-section elementor-top-section elementor-element elementor-element-b3369ad elementor-section-boxed elementor-section-height-default elementor-section-height-default\" data-id=\"b3369ad\" data-element_type=\"section\">\n\t\t\t\t\t\t<div class=\"elementor-container elementor-column-gap-default\">\n\t\t\t\t\t<div class=\"elementor-column elementor-col-100 elementor-top-column elementor-element elementor-element-324a777\" data-id=\"324a777\" data-element_type=\"column\">\n\t\t\t<div class=\"elementor-widget-wrap elementor-element-populated\">\n\t\t\t\t\t\t<div class=\"elementor-element elementor-element-b1d2c5b elementor-widget elementor-widget-shortcode\" data-id=\"b1d2c5b\" data-element_type=\"widget\" data-widget_type=\"shortcode.default\">\n\t\t\t\t<div class=\"elementor-widget-container\">\n\t\t\t\t\t\t\t<div class=\"elementor-shortcode\"><div class=\"container p-0 m-0\">\n    <div class=\"row m-0 border\">\n        <div class=\"col-12 col-lg-6\">\n            <img decoding=\"async\" src=\"https:\/\/www.macapflag.com\/1857579-home_default\/buste-de-marianne.jpg\" alt=\"Buste de Marianne\" class=\"mx-auto\" \/>\n        <\/div>\n        <div class=\"col-12 col-lg-6 box-didpd-body\">\n            <div class=\"box-didpd-text\">\n                <a href=\"https:\/\/www.macapflag.com\/drapeau-mairie\/1253-buste-de-marianne.html\" target=\"_blank\" class=\"stretched-link\">\n                    <h3>Buste de Marianne<\/h3>\n                <\/a>\n                <p>Disponible en plusieurs mod\u00e8les et dimensions, \u00e0 partir de 12 cm de hauteur<\/p>\n            <\/div>\n                        <p class=\"text-center font-weight-bold\">18,00 \u20ac HT<\/p>            <div class=\"text-center\">\n                <button class=\"btn btn-primary\">Achat buste Marianne<\/button>\n            <\/div>\n        <\/div>\n    <\/div>\n<\/div>\n<\/div>\n\t\t\t\t\t\t<\/div>\n\t\t\t\t<\/div>\n\t\t\t\t\t<\/div>\n\t\t<\/div>\n\t\t\t\t\t<\/div>\n\t\t<\/section>\n\t\t\t\t<section class=\"elementor-section elementor-top-section elementor-element elementor-element-88a666d elementor-section-boxed elementor-section-height-default elementor-section-height-default\" data-id=\"88a666d\" data-element_type=\"section\">\n\t\t\t\t\t\t<div class=\"elementor-container elementor-column-gap-default\">\n\t\t\t\t\t<div class=\"elementor-column elementor-col-100 elementor-top-column elementor-element elementor-element-dc3697e\" data-id=\"dc3697e\" data-element_type=\"column\">\n\t\t\t<div class=\"elementor-widget-wrap elementor-element-populated\">\n\t\t\t\t\t\t<div class=\"elementor-element elementor-element-10a38c7 elementor-widget elementor-widget-text-editor\" data-id=\"10a38c7\" data-element_type=\"widget\" data-widget_type=\"text-editor.default\">\n\t\t\t\t<div class=\"elementor-widget-container\">\n\t\t\t\t\t\t\t\t\t<p>Sur le site <strong><a href=\"https:\/\/www.macapflag.com\/drapeau-mairie\/1253-buste-de-marianne.html\" target=\"_blank\" rel=\"noopener\"><span style=\"color: #3366ff;\">Macap<\/span><\/a><\/strong>, commandez en ligne votre buste de Marianne en 2 versions, inspiration \u201cBardot\u201d ou inspiration \u201csculpture\u201d. Imprim\u00e9 en 3D \u00e0 base de filament blanc biod\u00e9gradable, chaque buste de Marianne est propos\u00e9 en plusieurs tailles allant de 12 \u00e0 35 cm de hauteur. <br \/>Suivi de commande, fabrication fran\u00e7aise rapide et soign\u00e9e, exp\u00e9dition dans les meilleurs d\u00e9lais, achetez une Marianne 100\u2009% fran\u00e7aise fabriqu\u00e9e avec des mat\u00e9riaux actuels !<\/p>\t\t\t\t\t\t\t\t<\/div>\n\t\t\t\t<\/div>\n\t\t\t\t\t<\/div>\n\t\t<\/div>\n\t\t\t\t\t<\/div>\n\t\t<\/section>\n\t\t\t\t<section class=\"elementor-section elementor-top-section elementor-element elementor-element-687ed06 elementor-section-boxed elementor-section-height-default elementor-section-height-default\" data-id=\"687ed06\" data-element_type=\"section\">\n\t\t\t\t\t\t<div class=\"elementor-container elementor-column-gap-default\">\n\t\t\t\t\t<div class=\"elementor-column elementor-col-100 elementor-top-column elementor-element elementor-element-fdf6b15\" data-id=\"fdf6b15\" data-element_type=\"column\">\n\t\t\t<div class=\"elementor-widget-wrap elementor-element-populated\">\n\t\t\t\t\t\t<div class=\"elementor-element elementor-element-6a98889 elementor-widget elementor-widget-text-editor\" data-id=\"6a98889\" data-element_type=\"widget\" data-widget_type=\"text-editor.default\">\n\t\t\t\t<div class=\"elementor-widget-container\">\n\t\t\t\t\t\t\t\t\t<p><strong>Sources &amp; autres infos utiles sur Marianne :<\/strong><br \/><a href=\"https:\/\/www.elysee.fr\/la-presidence\/marianne\" target=\"_blank\" rel=\"noopener\"><span style=\"color: #3366ff;\">https:\/\/www.elysee.fr\/la-presidence\/marianne<\/span><\/a><br \/><a href=\"https:\/\/www.info.gouv.fr\/actualite\/la-petite-histoire-de-marianne\" target=\"_blank\" rel=\"noopener\"><span style=\"color: #3366ff;\">https:\/\/www.info.gouv.fr\/actualite\/la-petite-histoire-de-marianne<\/span><\/a><br \/><a href=\"https:\/\/www.nord.gouv.fr\/contenu\/telechargement\/51199\/336697\/file\/Livret_+Marianne_205X205_BD.pdf\" target=\"_blank\" rel=\"noopener\"><span style=\"color: #3366ff;\">https:\/\/www.nord.gouv.fr\/contenu\/telechargement\/51199\/336697\/file\/Livret_+Marianne_205X205_BD.pdf<\/span><\/a><br \/><span style=\"color: #3366ff;\"><a style=\"color: #3366ff;\" href=\"https:\/\/www2.assemblee-nationale.fr\/decouvrir-l-assemblee\/patrimoine\/la-bibliotheque\/les-bustes-de-marianne\" target=\"_blank\" rel=\"noopener\">https:\/\/www2.assemblee-nationale.fr\/decouvrir-l-assemblee\/patrimoine\/la-bibliotheque\/les-bustes-de-marianne<\/a><\/span><\/p>\t\t\t\t\t\t\t\t<\/div>\n\t\t\t\t<\/div>\n\t\t\t\t\t<\/div>\n\t\t<\/div>\n\t\t\t\t\t<\/div>\n\t\t<\/section>\n\t\t\t\t<\/div>\n\t\t","protected":false},"excerpt":{"rendered":"<div class=\"tmnf_excerpt\"><p>En France, tout le monde connait Marianne, la Marianne qui tr\u00f4ne dans chaque mairie. Pourtant, l\u2019exposition du buste de Marianne accompagn\u00e9e de la photo de l\u2019actuel pr\u00e9sident de la R\u00e9publique ne rel\u00e8ve d\u2019aucune obligation l\u00e9gale. Cette pratique, profond\u00e9ment ancr\u00e9e dans notre d\u00e9mocratie, rel\u00e8ve simplement d\u2019un usage courant et traditionnel auquel les fran\u00e7ais sont tr\u00e8s attach\u00e9s. &hellip;<\/p>\n<\/div>","protected":false},"author":2,"featured_media":19042,"comment_status":"closed","ping_status":"open","sticky":false,"template":"template-fullwidth.php","format":"standard","meta":{"footnotes":""},"categories":[93,90],"tags":[],"class_list":["post-19043","post","type-post","status-publish","format-standard","has-post-thumbnail","hentry","category-com","category-produits-et-sols"],"yoast_head":"<!-- This site is optimized with the Yoast SEO plugin v26.4 - https:\/\/yoast.com\/wordpress\/plugins\/seo\/ -->\n<title>Tout savoir sur Marianne et son buste dans les mairies francaises<\/title>\n<meta name=\"description\" content=\"Marianne fait partie des symboles forts de la R\u00e9publique fran\u00e7aise. Tout savoir sur ce qu&#039;elle repr\u00e9sente et ses usages traditionnels\" \/>\n<meta name=\"robots\" content=\"index, follow, max-snippet:-1, max-image-preview:large, max-video-preview:-1\" \/>\n<link rel=\"canonical\" href=\"https:\/\/www.macapflag.com\/blog\/dou-vient-marianne-et-que-represente-t-elle\/\" \/>\n<meta property=\"og:locale\" content=\"fr_FR\" \/>\n<meta property=\"og:type\" content=\"article\" \/>\n<meta property=\"og:title\" content=\"Tout savoir sur Marianne et son buste dans les mairies francaises\" \/>\n<meta property=\"og:description\" content=\"Marianne fait partie des symboles forts de la R\u00e9publique fran\u00e7aise. Tout savoir sur ce qu&#039;elle repr\u00e9sente et ses usages traditionnels\" \/>\n<meta property=\"og:url\" content=\"https:\/\/www.macapflag.com\/blog\/dou-vient-marianne-et-que-represente-t-elle\/\" \/>\n<meta property=\"og:site_name\" content=\"Blog - Macap\" \/>\n<meta property=\"article:publisher\" content=\"https:\/\/www.facebook.com\/macap.pavoisement\/\" \/>\n<meta property=\"article:published_time\" content=\"2025-01-20T07:15:04+00:00\" \/>\n<meta property=\"article:modified_time\" content=\"2025-01-20T07:19:17+00:00\" \/>\n<meta property=\"og:image\" content=\"https:\/\/www.macapflag.com\/blog\/wp-content\/uploads\/2025\/01\/d-ou-vient-marianne-TITRE-1.jpg\" \/>\n\t<meta property=\"og:image:width\" content=\"870\" \/>\n\t<meta property=\"og:image:height\" content=\"600\" \/>\n\t<meta property=\"og:image:type\" content=\"image\/jpeg\" \/>\n<meta name=\"author\" content=\"Blog Macap\" \/>\n<meta name=\"twitter:card\" content=\"summary_large_image\" \/>\n<meta name=\"twitter:label1\" content=\"\u00c9crit par\" \/>\n\t<meta name=\"twitter:data1\" content=\"Blog Macap\" \/>\n\t<meta name=\"twitter:label2\" content=\"Dur\u00e9e de lecture estim\u00e9e\" \/>\n\t<meta name=\"twitter:data2\" content=\"6 minutes\" \/>\n<script type=\"application\/ld+json\" class=\"yoast-schema-graph\">{\"@context\":\"https:\/\/schema.org\",\"@graph\":[{\"@type\":\"Article\",\"@id\":\"https:\/\/www.macapflag.com\/blog\/dou-vient-marianne-et-que-represente-t-elle\/#article\",\"isPartOf\":{\"@id\":\"https:\/\/www.macapflag.com\/blog\/dou-vient-marianne-et-que-represente-t-elle\/\"},\"author\":{\"name\":\"Blog Macap\",\"@id\":\"https:\/\/www.macapflag.com\/blog\/#\/schema\/person\/3fea701f2603875e651e6b662578fc3c\"},\"headline\":\"D\u2019o\u00f9 vient Marianne et que repr\u00e9sente-t-elle ?\",\"datePublished\":\"2025-01-20T07:15:04+00:00\",\"dateModified\":\"2025-01-20T07:19:17+00:00\",\"mainEntityOfPage\":{\"@id\":\"https:\/\/www.macapflag.com\/blog\/dou-vient-marianne-et-que-represente-t-elle\/\"},\"wordCount\":1106,\"publisher\":{\"@id\":\"https:\/\/www.macapflag.com\/blog\/#organization\"},\"image\":{\"@id\":\"https:\/\/www.macapflag.com\/blog\/dou-vient-marianne-et-que-represente-t-elle\/#primaryimage\"},\"thumbnailUrl\":\"https:\/\/www.macapflag.com\/blog\/wp-content\/uploads\/2025\/01\/d-ou-vient-marianne-TITRE-1.jpg\",\"articleSection\":[\"Le monde de la Com'\",\"Produits &amp; Solutions\"],\"inLanguage\":\"fr-FR\"},{\"@type\":\"WebPage\",\"@id\":\"https:\/\/www.macapflag.com\/blog\/dou-vient-marianne-et-que-represente-t-elle\/\",\"url\":\"https:\/\/www.macapflag.com\/blog\/dou-vient-marianne-et-que-represente-t-elle\/\",\"name\":\"Tout savoir sur Marianne et son buste dans les mairies francaises\",\"isPartOf\":{\"@id\":\"https:\/\/www.macapflag.com\/blog\/#website\"},\"primaryImageOfPage\":{\"@id\":\"https:\/\/www.macapflag.com\/blog\/dou-vient-marianne-et-que-represente-t-elle\/#primaryimage\"},\"image\":{\"@id\":\"https:\/\/www.macapflag.com\/blog\/dou-vient-marianne-et-que-represente-t-elle\/#primaryimage\"},\"thumbnailUrl\":\"https:\/\/www.macapflag.com\/blog\/wp-content\/uploads\/2025\/01\/d-ou-vient-marianne-TITRE-1.jpg\",\"datePublished\":\"2025-01-20T07:15:04+00:00\",\"dateModified\":\"2025-01-20T07:19:17+00:00\",\"description\":\"Marianne fait partie des symboles forts de la R\u00e9publique fran\u00e7aise. Tout savoir sur ce qu'elle repr\u00e9sente et ses usages traditionnels\",\"breadcrumb\":{\"@id\":\"https:\/\/www.macapflag.com\/blog\/dou-vient-marianne-et-que-represente-t-elle\/#breadcrumb\"},\"inLanguage\":\"fr-FR\",\"potentialAction\":[{\"@type\":\"ReadAction\",\"target\":[\"https:\/\/www.macapflag.com\/blog\/dou-vient-marianne-et-que-represente-t-elle\/\"]}]},{\"@type\":\"ImageObject\",\"inLanguage\":\"fr-FR\",\"@id\":\"https:\/\/www.macapflag.com\/blog\/dou-vient-marianne-et-que-represente-t-elle\/#primaryimage\",\"url\":\"https:\/\/www.macapflag.com\/blog\/wp-content\/uploads\/2025\/01\/d-ou-vient-marianne-TITRE-1.jpg\",\"contentUrl\":\"https:\/\/www.macapflag.com\/blog\/wp-content\/uploads\/2025\/01\/d-ou-vient-marianne-TITRE-1.jpg\",\"width\":870,\"height\":600,\"caption\":\"Marianne, origines, signification, usages et traditions fran\u00e7aises\"},{\"@type\":\"BreadcrumbList\",\"@id\":\"https:\/\/www.macapflag.com\/blog\/dou-vient-marianne-et-que-represente-t-elle\/#breadcrumb\",\"itemListElement\":[{\"@type\":\"ListItem\",\"position\":1,\"name\":\"Accueil\",\"item\":\"https:\/\/www.macapflag.com\/blog\/\"},{\"@type\":\"ListItem\",\"position\":2,\"name\":\"D\u2019o\u00f9 vient Marianne et que repr\u00e9sente-t-elle ?\"}]},{\"@type\":\"WebSite\",\"@id\":\"https:\/\/www.macapflag.com\/blog\/#website\",\"url\":\"https:\/\/www.macapflag.com\/blog\/\",\"name\":\"Blog - Macap\",\"description\":\"Tous nos articles\",\"publisher\":{\"@id\":\"https:\/\/www.macapflag.com\/blog\/#organization\"},\"potentialAction\":[{\"@type\":\"SearchAction\",\"target\":{\"@type\":\"EntryPoint\",\"urlTemplate\":\"https:\/\/www.macapflag.com\/blog\/?s={search_term_string}\"},\"query-input\":{\"@type\":\"PropertyValueSpecification\",\"valueRequired\":true,\"valueName\":\"search_term_string\"}}],\"inLanguage\":\"fr-FR\"},{\"@type\":\"Organization\",\"@id\":\"https:\/\/www.macapflag.com\/blog\/#organization\",\"name\":\"macapflag\",\"url\":\"https:\/\/www.macapflag.com\/blog\/\",\"logo\":{\"@type\":\"ImageObject\",\"inLanguage\":\"fr-FR\",\"@id\":\"https:\/\/www.macapflag.com\/blog\/#\/schema\/logo\/image\/\",\"url\":\"https:\/\/www.macapflag.com\/blog\/wp-content\/uploads\/2020\/12\/cropped-M-512-1.png\",\"contentUrl\":\"https:\/\/www.macapflag.com\/blog\/wp-content\/uploads\/2020\/12\/cropped-M-512-1.png\",\"width\":512,\"height\":512,\"caption\":\"macapflag\"},\"image\":{\"@id\":\"https:\/\/www.macapflag.com\/blog\/#\/schema\/logo\/image\/\"},\"sameAs\":[\"https:\/\/www.facebook.com\/macap.pavoisement\/\",\"https:\/\/www.instagram.com\/macapflag\/?hl=fr\",\"https:\/\/www.linkedin.com\/company\/macap\/?originalSubdomain=fr\",\"https:\/\/www.youtube.com\/channel\/UCXNzTIdZh9poEBjSXEqDtNw\"]},{\"@type\":\"Person\",\"@id\":\"https:\/\/www.macapflag.com\/blog\/#\/schema\/person\/3fea701f2603875e651e6b662578fc3c\",\"name\":\"Blog Macap\",\"image\":{\"@type\":\"ImageObject\",\"inLanguage\":\"fr-FR\",\"@id\":\"https:\/\/www.macapflag.com\/blog\/#\/schema\/person\/image\/\",\"url\":\"https:\/\/secure.gravatar.com\/avatar\/c12551f2dc51f0db049633b03e7856985477a70da834cc8967dea4ce54bdd6a2?s=96&d=mm&r=g\",\"contentUrl\":\"https:\/\/secure.gravatar.com\/avatar\/c12551f2dc51f0db049633b03e7856985477a70da834cc8967dea4ce54bdd6a2?s=96&d=mm&r=g\",\"caption\":\"Blog Macap\"},\"url\":\"https:\/\/www.macapflag.com\/blog\/author\/macap\/\"}]}<\/script>\n<!-- \/ Yoast SEO plugin. -->","yoast_head_json":{"title":"Tout savoir sur Marianne et son buste dans les mairies francaises","description":"Marianne fait partie des symboles forts de la R\u00e9publique fran\u00e7aise. Tout savoir sur ce qu'elle repr\u00e9sente et ses usages traditionnels","robots":{"index":"index","follow":"follow","max-snippet":"max-snippet:-1","max-image-preview":"max-image-preview:large","max-video-preview":"max-video-preview:-1"},"canonical":"https:\/\/www.macapflag.com\/blog\/dou-vient-marianne-et-que-represente-t-elle\/","og_locale":"fr_FR","og_type":"article","og_title":"Tout savoir sur Marianne et son buste dans les mairies francaises","og_description":"Marianne fait partie des symboles forts de la R\u00e9publique fran\u00e7aise. Tout savoir sur ce qu'elle repr\u00e9sente et ses usages traditionnels","og_url":"https:\/\/www.macapflag.com\/blog\/dou-vient-marianne-et-que-represente-t-elle\/","og_site_name":"Blog - Macap","article_publisher":"https:\/\/www.facebook.com\/macap.pavoisement\/","article_published_time":"2025-01-20T07:15:04+00:00","article_modified_time":"2025-01-20T07:19:17+00:00","og_image":[{"width":870,"height":600,"url":"https:\/\/www.macapflag.com\/blog\/wp-content\/uploads\/2025\/01\/d-ou-vient-marianne-TITRE-1.jpg","type":"image\/jpeg"}],"author":"Blog Macap","twitter_card":"summary_large_image","twitter_misc":{"\u00c9crit par":"Blog Macap","Dur\u00e9e de lecture estim\u00e9e":"6 minutes"},"schema":{"@context":"https:\/\/schema.org","@graph":[{"@type":"Article","@id":"https:\/\/www.macapflag.com\/blog\/dou-vient-marianne-et-que-represente-t-elle\/#article","isPartOf":{"@id":"https:\/\/www.macapflag.com\/blog\/dou-vient-marianne-et-que-represente-t-elle\/"},"author":{"name":"Blog Macap","@id":"https:\/\/www.macapflag.com\/blog\/#\/schema\/person\/3fea701f2603875e651e6b662578fc3c"},"headline":"D\u2019o\u00f9 vient Marianne et que repr\u00e9sente-t-elle ?","datePublished":"2025-01-20T07:15:04+00:00","dateModified":"2025-01-20T07:19:17+00:00","mainEntityOfPage":{"@id":"https:\/\/www.macapflag.com\/blog\/dou-vient-marianne-et-que-represente-t-elle\/"},"wordCount":1106,"publisher":{"@id":"https:\/\/www.macapflag.com\/blog\/#organization"},"image":{"@id":"https:\/\/www.macapflag.com\/blog\/dou-vient-marianne-et-que-represente-t-elle\/#primaryimage"},"thumbnailUrl":"https:\/\/www.macapflag.com\/blog\/wp-content\/uploads\/2025\/01\/d-ou-vient-marianne-TITRE-1.jpg","articleSection":["Le monde de la Com'","Produits &amp; Solutions"],"inLanguage":"fr-FR"},{"@type":"WebPage","@id":"https:\/\/www.macapflag.com\/blog\/dou-vient-marianne-et-que-represente-t-elle\/","url":"https:\/\/www.macapflag.com\/blog\/dou-vient-marianne-et-que-represente-t-elle\/","name":"Tout savoir sur Marianne et son buste dans les mairies francaises","isPartOf":{"@id":"https:\/\/www.macapflag.com\/blog\/#website"},"primaryImageOfPage":{"@id":"https:\/\/www.macapflag.com\/blog\/dou-vient-marianne-et-que-represente-t-elle\/#primaryimage"},"image":{"@id":"https:\/\/www.macapflag.com\/blog\/dou-vient-marianne-et-que-represente-t-elle\/#primaryimage"},"thumbnailUrl":"https:\/\/www.macapflag.com\/blog\/wp-content\/uploads\/2025\/01\/d-ou-vient-marianne-TITRE-1.jpg","datePublished":"2025-01-20T07:15:04+00:00","dateModified":"2025-01-20T07:19:17+00:00","description":"Marianne fait partie des symboles forts de la R\u00e9publique fran\u00e7aise. Tout savoir sur ce qu'elle repr\u00e9sente et ses usages traditionnels","breadcrumb":{"@id":"https:\/\/www.macapflag.com\/blog\/dou-vient-marianne-et-que-represente-t-elle\/#breadcrumb"},"inLanguage":"fr-FR","potentialAction":[{"@type":"ReadAction","target":["https:\/\/www.macapflag.com\/blog\/dou-vient-marianne-et-que-represente-t-elle\/"]}]},{"@type":"ImageObject","inLanguage":"fr-FR","@id":"https:\/\/www.macapflag.com\/blog\/dou-vient-marianne-et-que-represente-t-elle\/#primaryimage","url":"https:\/\/www.macapflag.com\/blog\/wp-content\/uploads\/2025\/01\/d-ou-vient-marianne-TITRE-1.jpg","contentUrl":"https:\/\/www.macapflag.com\/blog\/wp-content\/uploads\/2025\/01\/d-ou-vient-marianne-TITRE-1.jpg","width":870,"height":600,"caption":"Marianne, origines, signification, usages et traditions fran\u00e7aises"},{"@type":"BreadcrumbList","@id":"https:\/\/www.macapflag.com\/blog\/dou-vient-marianne-et-que-represente-t-elle\/#breadcrumb","itemListElement":[{"@type":"ListItem","position":1,"name":"Accueil","item":"https:\/\/www.macapflag.com\/blog\/"},{"@type":"ListItem","position":2,"name":"D\u2019o\u00f9 vient Marianne et que repr\u00e9sente-t-elle ?"}]},{"@type":"WebSite","@id":"https:\/\/www.macapflag.com\/blog\/#website","url":"https:\/\/www.macapflag.com\/blog\/","name":"Blog - Macap","description":"Tous nos articles","publisher":{"@id":"https:\/\/www.macapflag.com\/blog\/#organization"},"potentialAction":[{"@type":"SearchAction","target":{"@type":"EntryPoint","urlTemplate":"https:\/\/www.macapflag.com\/blog\/?s={search_term_string}"},"query-input":{"@type":"PropertyValueSpecification","valueRequired":true,"valueName":"search_term_string"}}],"inLanguage":"fr-FR"},{"@type":"Organization","@id":"https:\/\/www.macapflag.com\/blog\/#organization","name":"macapflag","url":"https:\/\/www.macapflag.com\/blog\/","logo":{"@type":"ImageObject","inLanguage":"fr-FR","@id":"https:\/\/www.macapflag.com\/blog\/#\/schema\/logo\/image\/","url":"https:\/\/www.macapflag.com\/blog\/wp-content\/uploads\/2020\/12\/cropped-M-512-1.png","contentUrl":"https:\/\/www.macapflag.com\/blog\/wp-content\/uploads\/2020\/12\/cropped-M-512-1.png","width":512,"height":512,"caption":"macapflag"},"image":{"@id":"https:\/\/www.macapflag.com\/blog\/#\/schema\/logo\/image\/"},"sameAs":["https:\/\/www.facebook.com\/macap.pavoisement\/","https:\/\/www.instagram.com\/macapflag\/?hl=fr","https:\/\/www.linkedin.com\/company\/macap\/?originalSubdomain=fr","https:\/\/www.youtube.com\/channel\/UCXNzTIdZh9poEBjSXEqDtNw"]},{"@type":"Person","@id":"https:\/\/www.macapflag.com\/blog\/#\/schema\/person\/3fea701f2603875e651e6b662578fc3c","name":"Blog Macap","image":{"@type":"ImageObject","inLanguage":"fr-FR","@id":"https:\/\/www.macapflag.com\/blog\/#\/schema\/person\/image\/","url":"https:\/\/secure.gravatar.com\/avatar\/c12551f2dc51f0db049633b03e7856985477a70da834cc8967dea4ce54bdd6a2?s=96&d=mm&r=g","contentUrl":"https:\/\/secure.gravatar.com\/avatar\/c12551f2dc51f0db049633b03e7856985477a70da834cc8967dea4ce54bdd6a2?s=96&d=mm&r=g","caption":"Blog Macap"},"url":"https:\/\/www.macapflag.com\/blog\/author\/macap\/"}]}},"_links":{"self":[{"href":"https:\/\/www.macapflag.com\/blog\/wp-json\/wp\/v2\/posts\/19043","targetHints":{"allow":["GET"]}}],"collection":[{"href":"https:\/\/www.macapflag.com\/blog\/wp-json\/wp\/v2\/posts"}],"about":[{"href":"https:\/\/www.macapflag.com\/blog\/wp-json\/wp\/v2\/types\/post"}],"author":[{"embeddable":true,"href":"https:\/\/www.macapflag.com\/blog\/wp-json\/wp\/v2\/users\/2"}],"replies":[{"embeddable":true,"href":"https:\/\/www.macapflag.com\/blog\/wp-json\/wp\/v2\/comments?post=19043"}],"version-history":[{"count":25,"href":"https:\/\/www.macapflag.com\/blog\/wp-json\/wp\/v2\/posts\/19043\/revisions"}],"predecessor-version":[{"id":19077,"href":"https:\/\/www.macapflag.com\/blog\/wp-json\/wp\/v2\/posts\/19043\/revisions\/19077"}],"wp:featuredmedia":[{"embeddable":true,"href":"https:\/\/www.macapflag.com\/blog\/wp-json\/wp\/v2\/media\/19042"}],"wp:attachment":[{"href":"https:\/\/www.macapflag.com\/blog\/wp-json\/wp\/v2\/media?parent=19043"}],"wp:term":[{"taxonomy":"category","embeddable":true,"href":"https:\/\/www.macapflag.com\/blog\/wp-json\/wp\/v2\/categories?post=19043"},{"taxonomy":"post_tag","embeddable":true,"href":"https:\/\/www.macapflag.com\/blog\/wp-json\/wp\/v2\/tags?post=19043"}],"curies":[{"name":"wp","href":"https:\/\/api.w.org\/{rel}","templated":true}]}}