{"id":19078,"date":"2025-02-28T08:00:00","date_gmt":"2025-02-28T07:00:00","guid":{"rendered":"https:\/\/www.macapflag.com\/blog\/?p=19078"},"modified":"2025-02-03T11:17:39","modified_gmt":"2025-02-03T10:17:39","slug":"tout-savoir-sur-le-made-in-france","status":"publish","type":"post","link":"https:\/\/www.macapflag.com\/blog\/tout-savoir-sur-le-made-in-france\/","title":{"rendered":"Tout savoir sur le Made in France"},"content":{"rendered":"\t\t<div data-elementor-type=\"wp-post\" data-elementor-id=\"19078\" class=\"elementor elementor-19078\">\n\t\t\t\t\t\t<section class=\"elementor-section elementor-top-section elementor-element elementor-element-b3f7883 elementor-section-boxed elementor-section-height-default elementor-section-height-default\" data-id=\"b3f7883\" data-element_type=\"section\">\n\t\t\t\t\t\t<div class=\"elementor-container elementor-column-gap-default\">\n\t\t\t\t\t<div class=\"elementor-column elementor-col-100 elementor-top-column elementor-element elementor-element-08967d8\" data-id=\"08967d8\" data-element_type=\"column\">\n\t\t\t<div class=\"elementor-widget-wrap elementor-element-populated\">\n\t\t\t\t\t\t<div class=\"elementor-element elementor-element-d33514a elementor-widget elementor-widget-text-editor\" data-id=\"d33514a\" data-element_type=\"widget\" data-widget_type=\"text-editor.default\">\n\t\t\t\t<div class=\"elementor-widget-container\">\n\t\t\t\t\t\t\t\t\t<p>Pour assoir la pr\u00e9sence de votre marque sur le territoire fran\u00e7ais ou \u00e0 l\u2019export, pour vous d\u00e9marquer de vos concurrents, pour mettre en avant la proximit\u00e9, la r\u00e9activit\u00e9 ou un certain savoir-faire, de nombreuses entreprises mettent en avant la notion de \u201cfabricant fran\u00e7ais\u201d, \u201cmade in France\u201d, \u201cfabriqu\u00e9 en France\u201d. Pourtant, peu de gens savent que ces mentions sont (heureusement\u202f!) soumises \u00e0 une certaine r\u00e9glementation. <\/p>\t\t\t\t\t\t\t\t<\/div>\n\t\t\t\t<\/div>\n\t\t\t\t\t<\/div>\n\t\t<\/div>\n\t\t\t\t\t<\/div>\n\t\t<\/section>\n\t\t\t\t<section class=\"elementor-section elementor-top-section elementor-element elementor-element-68b326f elementor-section-boxed elementor-section-height-default elementor-section-height-default\" data-id=\"68b326f\" data-element_type=\"section\">\n\t\t\t\t\t\t<div class=\"elementor-container elementor-column-gap-default\">\n\t\t\t\t\t<div class=\"elementor-column elementor-col-100 elementor-top-column elementor-element elementor-element-be2a2a7\" data-id=\"be2a2a7\" data-element_type=\"column\">\n\t\t\t<div class=\"elementor-widget-wrap elementor-element-populated\">\n\t\t\t\t\t\t<div class=\"elementor-element elementor-element-6a3fe53 elementor-widget elementor-widget-spacer\" data-id=\"6a3fe53\" data-element_type=\"widget\" data-widget_type=\"spacer.default\">\n\t\t\t\t<div class=\"elementor-widget-container\">\n\t\t\t\t\t\t\t<div class=\"elementor-spacer\">\n\t\t\t<div class=\"elementor-spacer-inner\"><\/div>\n\t\t<\/div>\n\t\t\t\t\t\t<\/div>\n\t\t\t\t<\/div>\n\t\t\t\t\t<\/div>\n\t\t<\/div>\n\t\t\t\t\t<\/div>\n\t\t<\/section>\n\t\t\t\t<section class=\"elementor-section elementor-top-section elementor-element elementor-element-4487f2a elementor-section-boxed elementor-section-height-default elementor-section-height-default\" data-id=\"4487f2a\" data-element_type=\"section\">\n\t\t\t\t\t\t<div class=\"elementor-container elementor-column-gap-default\">\n\t\t\t\t\t<div class=\"elementor-column elementor-col-100 elementor-top-column elementor-element elementor-element-15ce850\" data-id=\"15ce850\" data-element_type=\"column\">\n\t\t\t<div class=\"elementor-widget-wrap elementor-element-populated\">\n\t\t\t\t\t\t<div class=\"elementor-element elementor-element-6aca436 elementor-widget elementor-widget-text-editor\" data-id=\"6aca436\" data-element_type=\"widget\" data-widget_type=\"text-editor.default\">\n\t\t\t\t<div class=\"elementor-widget-container\">\n\t\t\t\t\t\t\t\t\t<h2>Existe-t-il un attrait croissant pour les produits fabriqu\u00e9s en France ?<\/h2>\t\t\t\t\t\t\t\t<\/div>\n\t\t\t\t<\/div>\n\t\t\t\t\t<\/div>\n\t\t<\/div>\n\t\t\t\t\t<\/div>\n\t\t<\/section>\n\t\t\t\t<section class=\"elementor-section elementor-top-section elementor-element elementor-element-68f593f elementor-section-boxed elementor-section-height-default elementor-section-height-default\" data-id=\"68f593f\" data-element_type=\"section\">\n\t\t\t\t\t\t<div class=\"elementor-container elementor-column-gap-default\">\n\t\t\t\t\t<div class=\"elementor-column elementor-col-100 elementor-top-column elementor-element elementor-element-d319e08\" data-id=\"d319e08\" data-element_type=\"column\">\n\t\t\t<div class=\"elementor-widget-wrap elementor-element-populated\">\n\t\t\t\t\t\t<div class=\"elementor-element elementor-element-9da7483 elementor-widget elementor-widget-text-editor\" data-id=\"9da7483\" data-element_type=\"widget\" data-widget_type=\"text-editor.default\">\n\t\t\t\t<div class=\"elementor-widget-container\">\n\t\t\t\t\t\t\t\t\t<p>Selon le site du gouvernement, entreprises.gouv.fr, au moment d\u2019acheter un produit ou un service, <strong>59 % des Fran\u00e7ais \u00ab regardent le pays de fabrication \u00bb (\u00ab souvent ou syst\u00e9matiquement \u00bb), selon un sondage Ifop de 2018. Et ce, alors que 56 % des Fran\u00e7ais estiment \u00ab qu\u2019il est difficile de trouver des produits fabriqu\u00e9s par des PME engag\u00e9es dans la production Made in France \u00bb<\/strong> (Ifop, janvier 2020).<\/p><p>Les marques fran\u00e7aises ont bien compris l\u2019int\u00e9r\u00eat de promouvoir la fabrication fran\u00e7aise de leurs produits pour satisfaire des clients de plus en plus soucieux d\u2019une consommation responsable. <\/p>\t\t\t\t\t\t\t\t<\/div>\n\t\t\t\t<\/div>\n\t\t\t\t\t<\/div>\n\t\t<\/div>\n\t\t\t\t\t<\/div>\n\t\t<\/section>\n\t\t\t\t<section class=\"elementor-section elementor-top-section elementor-element elementor-element-2261eef elementor-section-boxed elementor-section-height-default elementor-section-height-default\" data-id=\"2261eef\" data-element_type=\"section\">\n\t\t\t\t\t\t<div class=\"elementor-container elementor-column-gap-default\">\n\t\t\t\t\t<div class=\"elementor-column elementor-col-100 elementor-top-column elementor-element elementor-element-c2f577c\" data-id=\"c2f577c\" data-element_type=\"column\">\n\t\t\t<div class=\"elementor-widget-wrap elementor-element-populated\">\n\t\t\t\t\t\t<div class=\"elementor-element elementor-element-34f7102 elementor-widget elementor-widget-spacer\" data-id=\"34f7102\" data-element_type=\"widget\" data-widget_type=\"spacer.default\">\n\t\t\t\t<div class=\"elementor-widget-container\">\n\t\t\t\t\t\t\t<div class=\"elementor-spacer\">\n\t\t\t<div class=\"elementor-spacer-inner\"><\/div>\n\t\t<\/div>\n\t\t\t\t\t\t<\/div>\n\t\t\t\t<\/div>\n\t\t\t\t\t<\/div>\n\t\t<\/div>\n\t\t\t\t\t<\/div>\n\t\t<\/section>\n\t\t\t\t<section class=\"elementor-section elementor-top-section elementor-element elementor-element-1adae47 elementor-section-boxed elementor-section-height-default elementor-section-height-default\" data-id=\"1adae47\" data-element_type=\"section\">\n\t\t\t\t\t\t<div class=\"elementor-container elementor-column-gap-default\">\n\t\t\t\t\t<div class=\"elementor-column elementor-col-100 elementor-top-column elementor-element elementor-element-bbd5e3a\" data-id=\"bbd5e3a\" data-element_type=\"column\">\n\t\t\t<div class=\"elementor-widget-wrap elementor-element-populated\">\n\t\t\t\t\t\t<div class=\"elementor-element elementor-element-c89e6c9 elementor-widget elementor-widget-text-editor\" data-id=\"c89e6c9\" data-element_type=\"widget\" data-widget_type=\"text-editor.default\">\n\t\t\t\t<div class=\"elementor-widget-container\">\n\t\t\t\t\t\t\t\t\t<h2>Quand peut-on afficher \u201cfabriqu\u00e9 en France\u201d ou \u201cmade in France\u201d sur un produit ?<\/h2>\t\t\t\t\t\t\t\t<\/div>\n\t\t\t\t<\/div>\n\t\t\t\t\t<\/div>\n\t\t<\/div>\n\t\t\t\t\t<\/div>\n\t\t<\/section>\n\t\t\t\t<section class=\"elementor-section elementor-top-section elementor-element elementor-element-8a1c0aa elementor-section-boxed elementor-section-height-default elementor-section-height-default\" data-id=\"8a1c0aa\" data-element_type=\"section\">\n\t\t\t\t\t\t<div class=\"elementor-container elementor-column-gap-default\">\n\t\t\t\t\t<div class=\"elementor-column elementor-col-100 elementor-top-column elementor-element elementor-element-8e34580\" data-id=\"8e34580\" data-element_type=\"column\">\n\t\t\t<div class=\"elementor-widget-wrap elementor-element-populated\">\n\t\t\t\t\t\t<div class=\"elementor-element elementor-element-b85fa7f elementor-widget elementor-widget-text-editor\" data-id=\"b85fa7f\" data-element_type=\"widget\" data-widget_type=\"text-editor.default\">\n\t\t\t\t<div class=\"elementor-widget-container\">\n\t\t\t\t\t\t\t\t\t<p>Au sein des pays de l\u2019Union europ\u00e9enne, l\u2019apposition d\u2019un marquage obligatoire concerne seulement certains produits alimentaires. Pour les autres produits, l\u2019indication de l&#8217;origine de fabrication d\u2019un produit sur celui-ci ou sur son emballage est g\u00e9n\u00e9ralement facultative. <br \/>Facultative ne signifie pas exempte de r\u00e8gles et l\u2019apposition d\u2019une mention non justifi\u00e9e d\u2019une fabrication fran\u00e7aise peut \u00eatre passible de sanctions.<\/p><p><strong>Pour \u00eatre en droit d\u2019afficher \u00ab fabriqu\u00e9 en France \u00bb (ou \u00ab Made in France \u00bb) sur l\u2019un de ses produits ou son emballage, le fabricant a la responsabilit\u00e9 de s\u2019assurer que celui-ci r\u00e9pond aux crit\u00e8res d\u2019origine<\/strong> non pr\u00e9f\u00e9rentielle \u00e9tablis par le Code des douanes de l\u2019Union europ\u00e9enne. Les douanes fran\u00e7aises (DGDDI) pr\u00e9cisent ces crit\u00e8res et contr\u00f4lent leur respect \u00e0 l\u2019importation. Pour qu&#8217;un produit puisse \u00eatre \u00ab Made in France \u00bb au sens de la r\u00e9glementation :<\/p><ul><li>il faut qu&#8217;il soit enti\u00e8rement obtenu en France (tous les composants sont issus de France et toutes les \u00e9tapes de fabrication ont lieu en France) ;<\/li><li>ou bien, s&#8217;il n&#8217;est pas enti\u00e8rement obtenu en France, il faut qu&#8217;il ait subi en France sa derni\u00e8re \u00ab transformation substantielle \u00bb, ce qui correspond le plus souvent, selon les produits :<br \/>&#8211; \u00e0 un changement de codification douani\u00e8re (le code douanier du produit fini doit \u00eatre diff\u00e9rent de celui des mati\u00e8res premi\u00e8res et composants, cette r\u00e8gle s&#8217;applique par exemple aux produits de beaut\u00e9, poup\u00e9es, jeux de soci\u00e9t\u00e9, couteaux, sommiers) ;<br \/>&#8211;\u00a0\u00e0 une ouvraison sp\u00e9cifique (cas des produits textiles, notamment avec des r\u00e8gles, par exemple, de confection compl\u00e8te ou de tissage\u2026) ;<br \/>&#8211;\u00a0\u00e0 l&#8217;utilisation d&#8217;un pourcentage maximal de mati\u00e8res ou composants non originaires de France dans la fabrication du produit fini (par exemple, un gilet de sauvetage d\u00e9tient une origine France s\u2019il n\u2019y a pas plus de 40\u2009% en valeur de mati\u00e8res non originaires de France qui sont mises en \u0153uvre dans sa fabrication) ;<br \/>&#8211; ou, pour une majorit\u00e9 de produits industriels, la fabrication doit respecter un seuil minimal de valeur ajout\u00e9e produite en France en fonction du prix \u00ab sortie d\u2019usine \u00bb (45\u2009% pour les voitures ou les v\u00e9los).<\/li><\/ul>\t\t\t\t\t\t\t\t<\/div>\n\t\t\t\t<\/div>\n\t\t\t\t\t<\/div>\n\t\t<\/div>\n\t\t\t\t\t<\/div>\n\t\t<\/section>\n\t\t\t\t<section class=\"elementor-section elementor-top-section elementor-element elementor-element-0eae44d elementor-section-boxed elementor-section-height-default elementor-section-height-default\" data-id=\"0eae44d\" data-element_type=\"section\">\n\t\t\t\t\t\t<div class=\"elementor-container elementor-column-gap-default\">\n\t\t\t\t\t<div class=\"elementor-column elementor-col-100 elementor-top-column elementor-element elementor-element-0329fd7\" data-id=\"0329fd7\" data-element_type=\"column\">\n\t\t\t<div class=\"elementor-widget-wrap elementor-element-populated\">\n\t\t\t\t\t\t<div class=\"elementor-element elementor-element-8cdcdbc elementor-widget elementor-widget-spacer\" data-id=\"8cdcdbc\" data-element_type=\"widget\" data-widget_type=\"spacer.default\">\n\t\t\t\t<div class=\"elementor-widget-container\">\n\t\t\t\t\t\t\t<div class=\"elementor-spacer\">\n\t\t\t<div class=\"elementor-spacer-inner\"><\/div>\n\t\t<\/div>\n\t\t\t\t\t\t<\/div>\n\t\t\t\t<\/div>\n\t\t\t\t\t<\/div>\n\t\t<\/div>\n\t\t\t\t\t<\/div>\n\t\t<\/section>\n\t\t\t\t<section class=\"elementor-section elementor-top-section elementor-element elementor-element-53da6be elementor-section-boxed elementor-section-height-default elementor-section-height-default\" data-id=\"53da6be\" data-element_type=\"section\">\n\t\t\t\t\t\t<div class=\"elementor-container elementor-column-gap-default\">\n\t\t\t\t\t<div class=\"elementor-column elementor-col-100 elementor-top-column elementor-element elementor-element-4006d7a\" data-id=\"4006d7a\" data-element_type=\"column\">\n\t\t\t<div class=\"elementor-widget-wrap elementor-element-populated\">\n\t\t\t\t\t\t<div class=\"elementor-element elementor-element-080f1f2 elementor-widget elementor-widget-text-editor\" data-id=\"080f1f2\" data-element_type=\"widget\" data-widget_type=\"text-editor.default\">\n\t\t\t\t<div class=\"elementor-widget-container\">\n\t\t\t\t\t\t\t\t\t<h2>Comment savoir si on peut mettre la mention \u201cfabriqu\u00e9 en France\u201d ou \u201cmade in France\u201d sur un produit ?<\/h2>\t\t\t\t\t\t\t\t<\/div>\n\t\t\t\t<\/div>\n\t\t\t\t\t<\/div>\n\t\t<\/div>\n\t\t\t\t\t<\/div>\n\t\t<\/section>\n\t\t\t\t<section class=\"elementor-section elementor-top-section elementor-element elementor-element-edf2c52 elementor-section-boxed elementor-section-height-default elementor-section-height-default\" data-id=\"edf2c52\" data-element_type=\"section\">\n\t\t\t\t\t\t<div class=\"elementor-container elementor-column-gap-default\">\n\t\t\t\t\t<div class=\"elementor-column elementor-col-100 elementor-top-column elementor-element elementor-element-71649c8\" data-id=\"71649c8\" data-element_type=\"column\">\n\t\t\t<div class=\"elementor-widget-wrap elementor-element-populated\">\n\t\t\t\t\t\t<div class=\"elementor-element elementor-element-d12af4e elementor-widget elementor-widget-text-editor\" data-id=\"d12af4e\" data-element_type=\"widget\" data-widget_type=\"text-editor.default\">\n\t\t\t\t<div class=\"elementor-widget-container\">\n\t\t\t\t\t\t\t\t\t<p>C\u2019est aupr\u00e8s de la Direction g\u00e9n\u00e9rale des douanes et droits indirects (DGDDI) qu\u2019une entreprise doit adresser sa demande d\u2019information sur le marquage de son produit \u201cMade in France\u201d ou \u201cfabriqu\u00e9 en France\u201d. Cette demande peut \u00eatre adress\u00e9e par mail ou par courrier. <br \/><a href=\"https:\/\/www.douane.gouv.fr\/demarche\/obtenir-une-information-sur-le-made-france-imf\" target=\"_blank\" rel=\"noopener\"><span style=\"color: #3366ff;\"><em>Lien vers la page du site pour obtenir une Information sur le Made in France (IMF)<\/em><\/span><\/a><\/p>\t\t\t\t\t\t\t\t<\/div>\n\t\t\t\t<\/div>\n\t\t\t\t\t<\/div>\n\t\t<\/div>\n\t\t\t\t\t<\/div>\n\t\t<\/section>\n\t\t\t\t<section class=\"elementor-section elementor-top-section elementor-element elementor-element-37a9f36 elementor-section-boxed elementor-section-height-default elementor-section-height-default\" data-id=\"37a9f36\" data-element_type=\"section\">\n\t\t\t\t\t\t<div class=\"elementor-container elementor-column-gap-default\">\n\t\t\t\t\t<div class=\"elementor-column elementor-col-100 elementor-top-column elementor-element elementor-element-e69e9a4\" data-id=\"e69e9a4\" data-element_type=\"column\">\n\t\t\t<div class=\"elementor-widget-wrap elementor-element-populated\">\n\t\t\t\t\t\t<div class=\"elementor-element elementor-element-d9279b7 elementor-widget elementor-widget-spacer\" data-id=\"d9279b7\" data-element_type=\"widget\" data-widget_type=\"spacer.default\">\n\t\t\t\t<div class=\"elementor-widget-container\">\n\t\t\t\t\t\t\t<div class=\"elementor-spacer\">\n\t\t\t<div class=\"elementor-spacer-inner\"><\/div>\n\t\t<\/div>\n\t\t\t\t\t\t<\/div>\n\t\t\t\t<\/div>\n\t\t\t\t\t<\/div>\n\t\t<\/div>\n\t\t\t\t\t<\/div>\n\t\t<\/section>\n\t\t\t\t<section class=\"elementor-section elementor-top-section elementor-element elementor-element-3dc06fa elementor-section-boxed elementor-section-height-default elementor-section-height-default\" data-id=\"3dc06fa\" data-element_type=\"section\">\n\t\t\t\t\t\t<div class=\"elementor-container elementor-column-gap-default\">\n\t\t\t\t\t<div class=\"elementor-column elementor-col-100 elementor-top-column elementor-element elementor-element-f951ae0\" data-id=\"f951ae0\" data-element_type=\"column\">\n\t\t\t<div class=\"elementor-widget-wrap elementor-element-populated\">\n\t\t\t\t\t\t<div class=\"elementor-element elementor-element-5e0eb3e elementor-widget elementor-widget-text-editor\" data-id=\"5e0eb3e\" data-element_type=\"widget\" data-widget_type=\"text-editor.default\">\n\t\t\t\t<div class=\"elementor-widget-container\">\n\t\t\t\t\t\t\t\t\t<h2>Quels sont les risques d\u2019apposer la mention \u201cfabriqu\u00e9 en France\u201d sans v\u00e9rification pr\u00e9alable ?<\/h2>\t\t\t\t\t\t\t\t<\/div>\n\t\t\t\t<\/div>\n\t\t\t\t\t<\/div>\n\t\t<\/div>\n\t\t\t\t\t<\/div>\n\t\t<\/section>\n\t\t\t\t<section class=\"elementor-section elementor-top-section elementor-element elementor-element-85decfc elementor-section-boxed elementor-section-height-default elementor-section-height-default\" data-id=\"85decfc\" data-element_type=\"section\">\n\t\t\t\t\t\t<div class=\"elementor-container elementor-column-gap-default\">\n\t\t\t\t\t<div class=\"elementor-column elementor-col-100 elementor-top-column elementor-element elementor-element-22d9ec0\" data-id=\"22d9ec0\" data-element_type=\"column\">\n\t\t\t<div class=\"elementor-widget-wrap elementor-element-populated\">\n\t\t\t\t\t\t<div class=\"elementor-element elementor-element-54514db elementor-widget elementor-widget-text-editor\" data-id=\"54514db\" data-element_type=\"widget\" data-widget_type=\"text-editor.default\">\n\t\t\t\t<div class=\"elementor-widget-container\">\n\t\t\t\t\t\t\t\t\t<p>Une entreprise qui apposerait un texte, une illustration ou un logo repr\u00e9sentant le \u201cmade in France\u201d sans respecter la r\u00e8glementation pr\u00e9sent\u00e9e ci-dessus s\u2019expose \u00e0 des sanctions relevant de pratiques commerciales trompeuses. Ces sanctions peuvent aller d\u2019une injonction \u00e0 supprimer les mentions fallacieuses jusqu\u2019\u00e0 une proc\u00e9dure p\u00e9nale assortie d\u2019une peine de deux ann\u00e9es d\u2019emprisonnement, et d\u2019une amende pouvant s\u2019\u00e9lever \u00e0 10 % du chiffre d\u2019affaires de la soci\u00e9t\u00e9, proportionnellement aux profits retir\u00e9s de l\u2019infraction.<br \/><br \/><em>Entre 2019 et 2020, la DGCCRF (Direction g\u00e9n\u00e9rale de la Concurrence, de la Consommation et de la R\u00e9pression des fraudes) a effectu\u00e9 une grande enqu\u00eate sur l\u2019ensemble des all\u00e9gations sur l\u2019origine des produits non alimentaires.<\/em><br \/><em>Sur les 1316 contr\u00f4les effectu\u00e9s dans 700 \u00e9tablissements, seulement 15\u2009% d\u2019entre eux ont r\u00e9v\u00e9l\u00e9 des irr\u00e9gularit\u00e9s. Dans l\u2019ensemble, les contr\u00f4les ont montr\u00e9 que, lorsque les entreprises avaient b\u00e9n\u00e9fici\u00e9 de la <a href=\"https:\/\/www.douane.gouv.fr\/demarche\/obtenir-une-information-sur-le-made-france-imf\" target=\"_blank\" rel=\"noopener\"><span style=\"color: #3366ff;\">proc\u00e9dure IMF<\/span><\/a>, tr\u00e8s peu d\u2019anomalies relatives \u00e0 l\u2019indication de l\u2019origine \u00e9taient relev\u00e9es. C\u2019est principalement lorsque les professionnels m\u00e9connaissaient les r\u00e8gles douani\u00e8res relatives \u00e0 l\u2019origine que des all\u00e9gations trompeuses ou de nature \u00e0 induire en erreur le consommateur ont \u00e9t\u00e9 soulign\u00e9es.<\/em><\/p>\t\t\t\t\t\t\t\t<\/div>\n\t\t\t\t<\/div>\n\t\t\t\t\t<\/div>\n\t\t<\/div>\n\t\t\t\t\t<\/div>\n\t\t<\/section>\n\t\t\t\t<section class=\"elementor-section elementor-top-section elementor-element elementor-element-e036005 elementor-section-boxed elementor-section-height-default elementor-section-height-default\" data-id=\"e036005\" data-element_type=\"section\">\n\t\t\t\t\t\t<div class=\"elementor-container elementor-column-gap-default\">\n\t\t\t\t\t<div class=\"elementor-column elementor-col-100 elementor-top-column elementor-element elementor-element-2148e1c\" data-id=\"2148e1c\" data-element_type=\"column\">\n\t\t\t<div class=\"elementor-widget-wrap elementor-element-populated\">\n\t\t\t\t\t\t<div class=\"elementor-element elementor-element-ee798da elementor-widget elementor-widget-spacer\" data-id=\"ee798da\" data-element_type=\"widget\" data-widget_type=\"spacer.default\">\n\t\t\t\t<div class=\"elementor-widget-container\">\n\t\t\t\t\t\t\t<div class=\"elementor-spacer\">\n\t\t\t<div class=\"elementor-spacer-inner\"><\/div>\n\t\t<\/div>\n\t\t\t\t\t\t<\/div>\n\t\t\t\t<\/div>\n\t\t\t\t\t<\/div>\n\t\t<\/div>\n\t\t\t\t\t<\/div>\n\t\t<\/section>\n\t\t\t\t<section class=\"elementor-section elementor-top-section elementor-element elementor-element-48b612a elementor-section-boxed elementor-section-height-default elementor-section-height-default\" data-id=\"48b612a\" data-element_type=\"section\">\n\t\t\t\t\t\t<div class=\"elementor-container elementor-column-gap-default\">\n\t\t\t\t\t<div class=\"elementor-column elementor-col-100 elementor-top-column elementor-element elementor-element-c35b783\" data-id=\"c35b783\" data-element_type=\"column\">\n\t\t\t<div class=\"elementor-widget-wrap elementor-element-populated\">\n\t\t\t\t\t\t<div class=\"elementor-element elementor-element-05bbb16 elementor-widget elementor-widget-text-editor\" data-id=\"05bbb16\" data-element_type=\"widget\" data-widget_type=\"text-editor.default\">\n\t\t\t\t<div class=\"elementor-widget-container\">\n\t\t\t\t\t\t\t\t\t<h2>Quels sont les trucs et astuces pour les PME qui veulent valoriser la fabrication fran\u00e7aise de leurs produits ?<\/h2>\t\t\t\t\t\t\t\t<\/div>\n\t\t\t\t<\/div>\n\t\t\t\t\t<\/div>\n\t\t<\/div>\n\t\t\t\t\t<\/div>\n\t\t<\/section>\n\t\t\t\t<section class=\"elementor-section elementor-top-section elementor-element elementor-element-e69d235 elementor-section-boxed elementor-section-height-default elementor-section-height-default\" data-id=\"e69d235\" data-element_type=\"section\">\n\t\t\t\t\t\t<div class=\"elementor-container elementor-column-gap-default\">\n\t\t\t\t\t<div class=\"elementor-column elementor-col-100 elementor-top-column elementor-element elementor-element-1dd054a\" data-id=\"1dd054a\" data-element_type=\"column\">\n\t\t\t<div class=\"elementor-widget-wrap elementor-element-populated\">\n\t\t\t\t\t\t<div class=\"elementor-element elementor-element-c96a1a0 elementor-widget elementor-widget-text-editor\" data-id=\"c96a1a0\" data-element_type=\"widget\" data-widget_type=\"text-editor.default\">\n\t\t\t\t<div class=\"elementor-widget-container\">\n\t\t\t\t\t\t\t\t\t<ul><li><strong>Ma\u00eetriser la r\u00e9glementation li\u00e9e au \u00ab Made in France \u00bb<\/strong> en effectuant une <em><a href=\"https:\/\/www.douane.gouv.fr\/demarche\/obtenir-une-information-sur-le-made-france-imf\" target=\"_blank\" rel=\"noopener\"><span style=\"color: #3366ff;\">demande d\u2019information<\/span><\/a><\/em> directement aupr\u00e8s des services des douanes.<\/li><li><strong>Opter pour une communication transparente et sinc\u00e8re<\/strong><br \/>Pour ne pas induire ses clients en erreur, l\u2019entreprise doit fournir des informations claires et d\u00e9taill\u00e9es sur l\u2019origine des produits et de leurs composants.<br \/>. En expliquant en d\u00e9tail le processus de fabrication du produit<br \/>. En indiquant clairement l\u2019origine des mati\u00e8res premi\u00e8res <br \/>. En utilisant des termes et des indications claires qui ne pr\u00eatent pas \u00e0 confusion.<\/li><li><strong>Faire le choix de labels reconnus<\/strong><br \/>Liste \u00e0 retrouver ici sur <em><a href=\"https:\/\/www.entreprises.gouv.fr\/fr\/industrie\/politique-industrielle\/made-france\" target=\"_blank\" rel=\"noopener\"><span style=\"color: #3366ff;\">le site\u00a0<\/span><\/a><\/em><\/li><li><strong>Valoriser l\u2019ensemble des atouts d\u2019une fabrication fran\u00e7aise<\/strong> tels que la qualit\u00e9, l\u2019engagement durable, la proximit\u00e9 ou l\u2019impact local.<\/li><li><strong>Former et informer toutes les \u00e9quipes de l\u2019entreprise sur ce sujet.<\/strong><br \/>Une communication efficace repose aussi sur une bonne formation des collaborateurs. Les diff\u00e9rentes \u00e9quipes doivent \u00eatre capables de r\u00e9pondre aux questions des consommateurs et de justifier les mentions utilis\u00e9es, notamment en cas de contr\u00f4le par la DGCCRF.<\/li><li><strong>Assurer une tra\u00e7abilit\u00e9 facilement accessible.<\/strong> Les factures d\u2019achat, documents douaniers et certificats d\u2019origine des mati\u00e8res premi\u00e8res doivent \u00eatre consultables sur simple demande.<\/li><\/ul>\t\t\t\t\t\t\t\t<\/div>\n\t\t\t\t<\/div>\n\t\t\t\t\t<\/div>\n\t\t<\/div>\n\t\t\t\t\t<\/div>\n\t\t<\/section>\n\t\t\t\t<section class=\"elementor-section elementor-top-section elementor-element elementor-element-ab84b3e elementor-section-boxed elementor-section-height-default elementor-section-height-default\" data-id=\"ab84b3e\" data-element_type=\"section\">\n\t\t\t\t\t\t<div class=\"elementor-container elementor-column-gap-default\">\n\t\t\t\t\t<div class=\"elementor-column elementor-col-100 elementor-top-column elementor-element elementor-element-134e376\" data-id=\"134e376\" data-element_type=\"column\">\n\t\t\t<div class=\"elementor-widget-wrap elementor-element-populated\">\n\t\t\t\t\t\t<div class=\"elementor-element elementor-element-9b1a945 elementor-widget elementor-widget-text-editor\" data-id=\"9b1a945\" data-element_type=\"widget\" data-widget_type=\"text-editor.default\">\n\t\t\t\t<div class=\"elementor-widget-container\">\n\t\t\t\t\t\t\t\t\t<p><strong>Sources et liens utiles :<\/strong> <br \/><a href=\"https:\/\/www.entreprises.gouv.fr\/fr\/industrie\/politique-industrielle\/made-france\" target=\"_blank\" rel=\"noopener\"><span style=\"color: #3366ff;\">https:\/\/www.entreprises.gouv.fr\/fr\/industrie\/politique-industrielle\/made-france<\/span><\/a><br \/><a href=\"https:\/\/www.entreprises.gouv.fr\/fr\/industrie\/politique-industrielle\/made-france\" target=\"_blank\" rel=\"noopener\"><span style=\"color: #3366ff;\">https:\/\/www.entreprises.gouv.fr\/fr\/industrie\/politique-industrielle\/made-france<\/span><\/a><br \/><a href=\"https:\/\/www.economie.gouv.fr\/dgccrf\/laction-de-la-dgccrf\/les-enquetes\/allegation-made-france\" target=\"_blank\" rel=\"noopener\"><span style=\"color: #3366ff;\">https:\/\/www.economie.gouv.fr\/dgccrf\/laction-de-la-dgccrf\/les-enquetes\/allegation-made-france<\/span><\/a><br \/><a href=\"https:\/\/www.economie.gouv.fr\/dgccrf\/laction-de-la-dgccrf\/les-enquetes\/allegation-made-france\" target=\"_blank\" rel=\"noopener\"><span style=\"color: #3366ff;\">https:\/\/www.entreprises.gouv.fr\/files\/files\/directions_services\/politique-et-enjeux\/guide-fabrique-en-france.pdf<\/span><\/a><\/p>\t\t\t\t\t\t\t\t<\/div>\n\t\t\t\t<\/div>\n\t\t\t\t\t<\/div>\n\t\t<\/div>\n\t\t\t\t\t<\/div>\n\t\t<\/section>\n\t\t\t\t<section class=\"elementor-section elementor-top-section elementor-element elementor-element-c71c64b elementor-section-boxed elementor-section-height-default elementor-section-height-default\" data-id=\"c71c64b\" data-element_type=\"section\">\n\t\t\t\t\t\t<div class=\"elementor-container elementor-column-gap-default\">\n\t\t\t\t\t<div class=\"elementor-column elementor-col-100 elementor-top-column elementor-element elementor-element-1e21e11\" data-id=\"1e21e11\" data-element_type=\"column\">\n\t\t\t<div class=\"elementor-widget-wrap elementor-element-populated\">\n\t\t\t\t\t\t<div class=\"elementor-element elementor-element-f2e4ef4 elementor-widget elementor-widget-image\" data-id=\"f2e4ef4\" data-element_type=\"widget\" data-widget_type=\"image.default\">\n\t\t\t\t<div class=\"elementor-widget-container\">\n\t\t\t\t\t\t\t\t\t\t\t\t\t\t\t\t<a href=\"https:\/\/www.macapflag.com\/\" target=\"_blank\">\n\t\t\t\t\t\t\t<img fetchpriority=\"high\" decoding=\"async\" width=\"700\" height=\"320\" src=\"https:\/\/www.macapflag.com\/blog\/wp-content\/uploads\/2021\/04\/fabriquant-de-drapeaux-kakemonos-banderoles-beach-flags-oriflammes-macap.jpg\" class=\"attachment-large size-large wp-image-10133\" alt=\"Macap fabriquant de drapeaux kak\u00e9mono banderole beach flag oriflamme\" srcset=\"https:\/\/www.macapflag.com\/blog\/wp-content\/uploads\/2021\/04\/fabriquant-de-drapeaux-kakemonos-banderoles-beach-flags-oriflammes-macap.jpg 700w, https:\/\/www.macapflag.com\/blog\/wp-content\/uploads\/2021\/04\/fabriquant-de-drapeaux-kakemonos-banderoles-beach-flags-oriflammes-macap-300x137.jpg 300w\" sizes=\"(max-width: 700px) 100vw, 700px\" \/>\t\t\t\t\t\t\t\t<\/a>\n\t\t\t\t\t\t\t\t\t\t\t\t\t\t\t<\/div>\n\t\t\t\t<\/div>\n\t\t\t\t\t<\/div>\n\t\t<\/div>\n\t\t\t\t\t<\/div>\n\t\t<\/section>\n\t\t\t\t<\/div>\n\t\t","protected":false},"excerpt":{"rendered":"<div class=\"tmnf_excerpt\"><p>Pour assoir la pr\u00e9sence de votre marque sur le territoire fran\u00e7ais ou \u00e0 l\u2019export, pour vous d\u00e9marquer de vos concurrents, pour mettre en avant la proximit\u00e9, la r\u00e9activit\u00e9 ou un certain savoir-faire, de nombreuses entreprises mettent en avant la notion de \u201cfabricant fran\u00e7ais\u201d, \u201cmade in France\u201d, \u201cfabriqu\u00e9 en France\u201d. Pourtant, peu de gens savent que &hellip;<\/p>\n<\/div>","protected":false},"author":2,"featured_media":19112,"comment_status":"closed","ping_status":"open","sticky":false,"template":"template-fullwidth.php","format":"standard","meta":{"footnotes":""},"categories":[93],"tags":[],"class_list":["post-19078","post","type-post","status-publish","format-standard","has-post-thumbnail","hentry","category-com"],"yoast_head":"<!-- This site is optimized with the Yoast SEO plugin v26.4 - https:\/\/yoast.com\/wordpress\/plugins\/seo\/ -->\n<title>Tout savoir sur le Made in France<\/title>\n<meta name=\"description\" content=\"Que signifie le terme Made in France, quelles sont les r\u00e8gles d&#039;utilisation et les modes de valorisation de la fabrication fran\u00e7aise ?\" \/>\n<meta name=\"robots\" content=\"index, follow, max-snippet:-1, max-image-preview:large, max-video-preview:-1\" \/>\n<link rel=\"canonical\" href=\"https:\/\/www.macapflag.com\/blog\/tout-savoir-sur-le-made-in-france\/\" \/>\n<meta property=\"og:locale\" content=\"fr_FR\" \/>\n<meta property=\"og:type\" content=\"article\" \/>\n<meta property=\"og:title\" content=\"Tout savoir sur le Made in France\" \/>\n<meta property=\"og:description\" content=\"Que signifie le terme Made in France, quelles sont les r\u00e8gles d&#039;utilisation et les modes de valorisation de la fabrication fran\u00e7aise ?\" \/>\n<meta property=\"og:url\" content=\"https:\/\/www.macapflag.com\/blog\/tout-savoir-sur-le-made-in-france\/\" \/>\n<meta property=\"og:site_name\" content=\"Blog - Macap\" \/>\n<meta property=\"article:publisher\" content=\"https:\/\/www.facebook.com\/macap.pavoisement\/\" \/>\n<meta property=\"article:published_time\" content=\"2025-02-28T07:00:00+00:00\" \/>\n<meta property=\"og:image\" content=\"https:\/\/www.macapflag.com\/blog\/wp-content\/uploads\/2025\/01\/tous-savoir-made-in-fr-TITRE-2.jpg\" \/>\n\t<meta property=\"og:image:width\" content=\"870\" \/>\n\t<meta property=\"og:image:height\" content=\"600\" \/>\n\t<meta property=\"og:image:type\" content=\"image\/jpeg\" \/>\n<meta name=\"author\" content=\"Blog Macap\" \/>\n<meta name=\"twitter:card\" content=\"summary_large_image\" \/>\n<meta name=\"twitter:label1\" content=\"\u00c9crit par\" \/>\n\t<meta name=\"twitter:data1\" content=\"Blog Macap\" \/>\n\t<meta name=\"twitter:label2\" content=\"Dur\u00e9e de lecture estim\u00e9e\" \/>\n\t<meta name=\"twitter:data2\" content=\"6 minutes\" \/>\n<script type=\"application\/ld+json\" class=\"yoast-schema-graph\">{\"@context\":\"https:\/\/schema.org\",\"@graph\":[{\"@type\":\"Article\",\"@id\":\"https:\/\/www.macapflag.com\/blog\/tout-savoir-sur-le-made-in-france\/#article\",\"isPartOf\":{\"@id\":\"https:\/\/www.macapflag.com\/blog\/tout-savoir-sur-le-made-in-france\/\"},\"author\":{\"name\":\"Blog Macap\",\"@id\":\"https:\/\/www.macapflag.com\/blog\/#\/schema\/person\/3fea701f2603875e651e6b662578fc3c\"},\"headline\":\"Tout savoir sur le Made in France\",\"datePublished\":\"2025-02-28T07:00:00+00:00\",\"mainEntityOfPage\":{\"@id\":\"https:\/\/www.macapflag.com\/blog\/tout-savoir-sur-le-made-in-france\/\"},\"wordCount\":1154,\"publisher\":{\"@id\":\"https:\/\/www.macapflag.com\/blog\/#organization\"},\"image\":{\"@id\":\"https:\/\/www.macapflag.com\/blog\/tout-savoir-sur-le-made-in-france\/#primaryimage\"},\"thumbnailUrl\":\"https:\/\/www.macapflag.com\/blog\/wp-content\/uploads\/2025\/01\/tous-savoir-made-in-fr-TITRE-2.jpg\",\"articleSection\":[\"Le monde de la Com'\"],\"inLanguage\":\"fr-FR\"},{\"@type\":\"WebPage\",\"@id\":\"https:\/\/www.macapflag.com\/blog\/tout-savoir-sur-le-made-in-france\/\",\"url\":\"https:\/\/www.macapflag.com\/blog\/tout-savoir-sur-le-made-in-france\/\",\"name\":\"Tout savoir sur le Made in France\",\"isPartOf\":{\"@id\":\"https:\/\/www.macapflag.com\/blog\/#website\"},\"primaryImageOfPage\":{\"@id\":\"https:\/\/www.macapflag.com\/blog\/tout-savoir-sur-le-made-in-france\/#primaryimage\"},\"image\":{\"@id\":\"https:\/\/www.macapflag.com\/blog\/tout-savoir-sur-le-made-in-france\/#primaryimage\"},\"thumbnailUrl\":\"https:\/\/www.macapflag.com\/blog\/wp-content\/uploads\/2025\/01\/tous-savoir-made-in-fr-TITRE-2.jpg\",\"datePublished\":\"2025-02-28T07:00:00+00:00\",\"description\":\"Que signifie le terme Made in France, quelles sont les r\u00e8gles d'utilisation et les modes de valorisation de la fabrication fran\u00e7aise ?\",\"breadcrumb\":{\"@id\":\"https:\/\/www.macapflag.com\/blog\/tout-savoir-sur-le-made-in-france\/#breadcrumb\"},\"inLanguage\":\"fr-FR\",\"potentialAction\":[{\"@type\":\"ReadAction\",\"target\":[\"https:\/\/www.macapflag.com\/blog\/tout-savoir-sur-le-made-in-france\/\"]}]},{\"@type\":\"ImageObject\",\"inLanguage\":\"fr-FR\",\"@id\":\"https:\/\/www.macapflag.com\/blog\/tout-savoir-sur-le-made-in-france\/#primaryimage\",\"url\":\"https:\/\/www.macapflag.com\/blog\/wp-content\/uploads\/2025\/01\/tous-savoir-made-in-fr-TITRE-2.jpg\",\"contentUrl\":\"https:\/\/www.macapflag.com\/blog\/wp-content\/uploads\/2025\/01\/tous-savoir-made-in-fr-TITRE-2.jpg\",\"width\":870,\"height\":600,\"caption\":\"Tout savoir sur l'utilisation du terme Made in France\"},{\"@type\":\"BreadcrumbList\",\"@id\":\"https:\/\/www.macapflag.com\/blog\/tout-savoir-sur-le-made-in-france\/#breadcrumb\",\"itemListElement\":[{\"@type\":\"ListItem\",\"position\":1,\"name\":\"Accueil\",\"item\":\"https:\/\/www.macapflag.com\/blog\/\"},{\"@type\":\"ListItem\",\"position\":2,\"name\":\"Tout savoir sur le Made in France\"}]},{\"@type\":\"WebSite\",\"@id\":\"https:\/\/www.macapflag.com\/blog\/#website\",\"url\":\"https:\/\/www.macapflag.com\/blog\/\",\"name\":\"Blog - Macap\",\"description\":\"Tous nos articles\",\"publisher\":{\"@id\":\"https:\/\/www.macapflag.com\/blog\/#organization\"},\"potentialAction\":[{\"@type\":\"SearchAction\",\"target\":{\"@type\":\"EntryPoint\",\"urlTemplate\":\"https:\/\/www.macapflag.com\/blog\/?s={search_term_string}\"},\"query-input\":{\"@type\":\"PropertyValueSpecification\",\"valueRequired\":true,\"valueName\":\"search_term_string\"}}],\"inLanguage\":\"fr-FR\"},{\"@type\":\"Organization\",\"@id\":\"https:\/\/www.macapflag.com\/blog\/#organization\",\"name\":\"macapflag\",\"url\":\"https:\/\/www.macapflag.com\/blog\/\",\"logo\":{\"@type\":\"ImageObject\",\"inLanguage\":\"fr-FR\",\"@id\":\"https:\/\/www.macapflag.com\/blog\/#\/schema\/logo\/image\/\",\"url\":\"https:\/\/www.macapflag.com\/blog\/wp-content\/uploads\/2020\/12\/cropped-M-512-1.png\",\"contentUrl\":\"https:\/\/www.macapflag.com\/blog\/wp-content\/uploads\/2020\/12\/cropped-M-512-1.png\",\"width\":512,\"height\":512,\"caption\":\"macapflag\"},\"image\":{\"@id\":\"https:\/\/www.macapflag.com\/blog\/#\/schema\/logo\/image\/\"},\"sameAs\":[\"https:\/\/www.facebook.com\/macap.pavoisement\/\",\"https:\/\/www.instagram.com\/macapflag\/?hl=fr\",\"https:\/\/www.linkedin.com\/company\/macap\/?originalSubdomain=fr\",\"https:\/\/www.youtube.com\/channel\/UCXNzTIdZh9poEBjSXEqDtNw\"]},{\"@type\":\"Person\",\"@id\":\"https:\/\/www.macapflag.com\/blog\/#\/schema\/person\/3fea701f2603875e651e6b662578fc3c\",\"name\":\"Blog Macap\",\"image\":{\"@type\":\"ImageObject\",\"inLanguage\":\"fr-FR\",\"@id\":\"https:\/\/www.macapflag.com\/blog\/#\/schema\/person\/image\/\",\"url\":\"https:\/\/secure.gravatar.com\/avatar\/c12551f2dc51f0db049633b03e7856985477a70da834cc8967dea4ce54bdd6a2?s=96&d=mm&r=g\",\"contentUrl\":\"https:\/\/secure.gravatar.com\/avatar\/c12551f2dc51f0db049633b03e7856985477a70da834cc8967dea4ce54bdd6a2?s=96&d=mm&r=g\",\"caption\":\"Blog Macap\"},\"url\":\"https:\/\/www.macapflag.com\/blog\/author\/macap\/\"}]}<\/script>\n<!-- \/ Yoast SEO plugin. -->","yoast_head_json":{"title":"Tout savoir sur le Made in France","description":"Que signifie le terme Made in France, quelles sont les r\u00e8gles d'utilisation et les modes de valorisation de la fabrication fran\u00e7aise ?","robots":{"index":"index","follow":"follow","max-snippet":"max-snippet:-1","max-image-preview":"max-image-preview:large","max-video-preview":"max-video-preview:-1"},"canonical":"https:\/\/www.macapflag.com\/blog\/tout-savoir-sur-le-made-in-france\/","og_locale":"fr_FR","og_type":"article","og_title":"Tout savoir sur le Made in France","og_description":"Que signifie le terme Made in France, quelles sont les r\u00e8gles d'utilisation et les modes de valorisation de la fabrication fran\u00e7aise ?","og_url":"https:\/\/www.macapflag.com\/blog\/tout-savoir-sur-le-made-in-france\/","og_site_name":"Blog - Macap","article_publisher":"https:\/\/www.facebook.com\/macap.pavoisement\/","article_published_time":"2025-02-28T07:00:00+00:00","og_image":[{"width":870,"height":600,"url":"https:\/\/www.macapflag.com\/blog\/wp-content\/uploads\/2025\/01\/tous-savoir-made-in-fr-TITRE-2.jpg","type":"image\/jpeg"}],"author":"Blog Macap","twitter_card":"summary_large_image","twitter_misc":{"\u00c9crit par":"Blog Macap","Dur\u00e9e de lecture estim\u00e9e":"6 minutes"},"schema":{"@context":"https:\/\/schema.org","@graph":[{"@type":"Article","@id":"https:\/\/www.macapflag.com\/blog\/tout-savoir-sur-le-made-in-france\/#article","isPartOf":{"@id":"https:\/\/www.macapflag.com\/blog\/tout-savoir-sur-le-made-in-france\/"},"author":{"name":"Blog Macap","@id":"https:\/\/www.macapflag.com\/blog\/#\/schema\/person\/3fea701f2603875e651e6b662578fc3c"},"headline":"Tout savoir sur le Made in France","datePublished":"2025-02-28T07:00:00+00:00","mainEntityOfPage":{"@id":"https:\/\/www.macapflag.com\/blog\/tout-savoir-sur-le-made-in-france\/"},"wordCount":1154,"publisher":{"@id":"https:\/\/www.macapflag.com\/blog\/#organization"},"image":{"@id":"https:\/\/www.macapflag.com\/blog\/tout-savoir-sur-le-made-in-france\/#primaryimage"},"thumbnailUrl":"https:\/\/www.macapflag.com\/blog\/wp-content\/uploads\/2025\/01\/tous-savoir-made-in-fr-TITRE-2.jpg","articleSection":["Le monde de la Com'"],"inLanguage":"fr-FR"},{"@type":"WebPage","@id":"https:\/\/www.macapflag.com\/blog\/tout-savoir-sur-le-made-in-france\/","url":"https:\/\/www.macapflag.com\/blog\/tout-savoir-sur-le-made-in-france\/","name":"Tout savoir sur le Made in France","isPartOf":{"@id":"https:\/\/www.macapflag.com\/blog\/#website"},"primaryImageOfPage":{"@id":"https:\/\/www.macapflag.com\/blog\/tout-savoir-sur-le-made-in-france\/#primaryimage"},"image":{"@id":"https:\/\/www.macapflag.com\/blog\/tout-savoir-sur-le-made-in-france\/#primaryimage"},"thumbnailUrl":"https:\/\/www.macapflag.com\/blog\/wp-content\/uploads\/2025\/01\/tous-savoir-made-in-fr-TITRE-2.jpg","datePublished":"2025-02-28T07:00:00+00:00","description":"Que signifie le terme Made in France, quelles sont les r\u00e8gles d'utilisation et les modes de valorisation de la fabrication fran\u00e7aise ?","breadcrumb":{"@id":"https:\/\/www.macapflag.com\/blog\/tout-savoir-sur-le-made-in-france\/#breadcrumb"},"inLanguage":"fr-FR","potentialAction":[{"@type":"ReadAction","target":["https:\/\/www.macapflag.com\/blog\/tout-savoir-sur-le-made-in-france\/"]}]},{"@type":"ImageObject","inLanguage":"fr-FR","@id":"https:\/\/www.macapflag.com\/blog\/tout-savoir-sur-le-made-in-france\/#primaryimage","url":"https:\/\/www.macapflag.com\/blog\/wp-content\/uploads\/2025\/01\/tous-savoir-made-in-fr-TITRE-2.jpg","contentUrl":"https:\/\/www.macapflag.com\/blog\/wp-content\/uploads\/2025\/01\/tous-savoir-made-in-fr-TITRE-2.jpg","width":870,"height":600,"caption":"Tout savoir sur l'utilisation du terme Made in France"},{"@type":"BreadcrumbList","@id":"https:\/\/www.macapflag.com\/blog\/tout-savoir-sur-le-made-in-france\/#breadcrumb","itemListElement":[{"@type":"ListItem","position":1,"name":"Accueil","item":"https:\/\/www.macapflag.com\/blog\/"},{"@type":"ListItem","position":2,"name":"Tout savoir sur le Made in France"}]},{"@type":"WebSite","@id":"https:\/\/www.macapflag.com\/blog\/#website","url":"https:\/\/www.macapflag.com\/blog\/","name":"Blog - Macap","description":"Tous nos articles","publisher":{"@id":"https:\/\/www.macapflag.com\/blog\/#organization"},"potentialAction":[{"@type":"SearchAction","target":{"@type":"EntryPoint","urlTemplate":"https:\/\/www.macapflag.com\/blog\/?s={search_term_string}"},"query-input":{"@type":"PropertyValueSpecification","valueRequired":true,"valueName":"search_term_string"}}],"inLanguage":"fr-FR"},{"@type":"Organization","@id":"https:\/\/www.macapflag.com\/blog\/#organization","name":"macapflag","url":"https:\/\/www.macapflag.com\/blog\/","logo":{"@type":"ImageObject","inLanguage":"fr-FR","@id":"https:\/\/www.macapflag.com\/blog\/#\/schema\/logo\/image\/","url":"https:\/\/www.macapflag.com\/blog\/wp-content\/uploads\/2020\/12\/cropped-M-512-1.png","contentUrl":"https:\/\/www.macapflag.com\/blog\/wp-content\/uploads\/2020\/12\/cropped-M-512-1.png","width":512,"height":512,"caption":"macapflag"},"image":{"@id":"https:\/\/www.macapflag.com\/blog\/#\/schema\/logo\/image\/"},"sameAs":["https:\/\/www.facebook.com\/macap.pavoisement\/","https:\/\/www.instagram.com\/macapflag\/?hl=fr","https:\/\/www.linkedin.com\/company\/macap\/?originalSubdomain=fr","https:\/\/www.youtube.com\/channel\/UCXNzTIdZh9poEBjSXEqDtNw"]},{"@type":"Person","@id":"https:\/\/www.macapflag.com\/blog\/#\/schema\/person\/3fea701f2603875e651e6b662578fc3c","name":"Blog Macap","image":{"@type":"ImageObject","inLanguage":"fr-FR","@id":"https:\/\/www.macapflag.com\/blog\/#\/schema\/person\/image\/","url":"https:\/\/secure.gravatar.com\/avatar\/c12551f2dc51f0db049633b03e7856985477a70da834cc8967dea4ce54bdd6a2?s=96&d=mm&r=g","contentUrl":"https:\/\/secure.gravatar.com\/avatar\/c12551f2dc51f0db049633b03e7856985477a70da834cc8967dea4ce54bdd6a2?s=96&d=mm&r=g","caption":"Blog Macap"},"url":"https:\/\/www.macapflag.com\/blog\/author\/macap\/"}]}},"_links":{"self":[{"href":"https:\/\/www.macapflag.com\/blog\/wp-json\/wp\/v2\/posts\/19078","targetHints":{"allow":["GET"]}}],"collection":[{"href":"https:\/\/www.macapflag.com\/blog\/wp-json\/wp\/v2\/posts"}],"about":[{"href":"https:\/\/www.macapflag.com\/blog\/wp-json\/wp\/v2\/types\/post"}],"author":[{"embeddable":true,"href":"https:\/\/www.macapflag.com\/blog\/wp-json\/wp\/v2\/users\/2"}],"replies":[{"embeddable":true,"href":"https:\/\/www.macapflag.com\/blog\/wp-json\/wp\/v2\/comments?post=19078"}],"version-history":[{"count":35,"href":"https:\/\/www.macapflag.com\/blog\/wp-json\/wp\/v2\/posts\/19078\/revisions"}],"predecessor-version":[{"id":19121,"href":"https:\/\/www.macapflag.com\/blog\/wp-json\/wp\/v2\/posts\/19078\/revisions\/19121"}],"wp:featuredmedia":[{"embeddable":true,"href":"https:\/\/www.macapflag.com\/blog\/wp-json\/wp\/v2\/media\/19112"}],"wp:attachment":[{"href":"https:\/\/www.macapflag.com\/blog\/wp-json\/wp\/v2\/media?parent=19078"}],"wp:term":[{"taxonomy":"category","embeddable":true,"href":"https:\/\/www.macapflag.com\/blog\/wp-json\/wp\/v2\/categories?post=19078"},{"taxonomy":"post_tag","embeddable":true,"href":"https:\/\/www.macapflag.com\/blog\/wp-json\/wp\/v2\/tags?post=19078"}],"curies":[{"name":"wp","href":"https:\/\/api.w.org\/{rel}","templated":true}]}}