{"id":19144,"date":"2025-02-26T08:00:00","date_gmt":"2025-02-26T07:00:00","guid":{"rendered":"https:\/\/www.macapflag.com\/blog\/?p=19144"},"modified":"2025-02-07T10:15:11","modified_gmt":"2025-02-07T09:15:11","slug":"tout-savoir-sur-la-mise-en-berne-dun-drapeau","status":"publish","type":"post","link":"https:\/\/www.macapflag.com\/blog\/tout-savoir-sur-la-mise-en-berne-dun-drapeau\/","title":{"rendered":"Tout savoir sur la mise en berne d&#8217;un drapeau"},"content":{"rendered":"\t\t<div data-elementor-type=\"wp-post\" data-elementor-id=\"19144\" class=\"elementor elementor-19144\">\n\t\t\t\t\t\t<section class=\"elementor-section elementor-top-section elementor-element elementor-element-ea9c01e elementor-section-boxed elementor-section-height-default elementor-section-height-default\" data-id=\"ea9c01e\" data-element_type=\"section\">\n\t\t\t\t\t\t<div class=\"elementor-container elementor-column-gap-default\">\n\t\t\t\t\t<div class=\"elementor-column elementor-col-100 elementor-top-column elementor-element elementor-element-0f1cd47\" data-id=\"0f1cd47\" data-element_type=\"column\">\n\t\t\t<div class=\"elementor-widget-wrap elementor-element-populated\">\n\t\t\t\t\t\t<div class=\"elementor-element elementor-element-ea511aa elementor-widget elementor-widget-text-editor\" data-id=\"ea511aa\" data-element_type=\"widget\" data-widget_type=\"text-editor.default\">\n\t\t\t\t<div class=\"elementor-widget-container\">\n\t\t\t\t\t\t\t\t\t<p>La mise en berne d&#8217;un drapeau est une pratique qui consiste \u00e0 abaisser le drapeau \u00e0 mi-m\u00e2t pour marquer un deuil, une trag\u00e9die ou rendre hommage \u00e0 une personne importante. Cette coutume, qui existe dans de nombreux pays, est utilis\u00e9e pour symboliser le respect et la solidarit\u00e9 nationale en r\u00e9ponse \u00e0 un \u00e9v\u00e9nement grave ou \u00e0 la disparition d&#8217;une personnalit\u00e9 marquante.<\/p>\t\t\t\t\t\t\t\t<\/div>\n\t\t\t\t<\/div>\n\t\t\t\t\t<\/div>\n\t\t<\/div>\n\t\t\t\t\t<\/div>\n\t\t<\/section>\n\t\t\t\t<section class=\"elementor-section elementor-top-section elementor-element elementor-element-bcf563e elementor-section-boxed elementor-section-height-default elementor-section-height-default\" data-id=\"bcf563e\" data-element_type=\"section\">\n\t\t\t\t\t\t<div class=\"elementor-container elementor-column-gap-default\">\n\t\t\t\t\t<div class=\"elementor-column elementor-col-100 elementor-top-column elementor-element elementor-element-849033a\" data-id=\"849033a\" data-element_type=\"column\">\n\t\t\t<div class=\"elementor-widget-wrap elementor-element-populated\">\n\t\t\t\t\t\t<div class=\"elementor-element elementor-element-89f05b6 elementor-widget elementor-widget-text-editor\" data-id=\"89f05b6\" data-element_type=\"widget\" data-widget_type=\"text-editor.default\">\n\t\t\t\t<div class=\"elementor-widget-container\">\n\t\t\t\t\t\t\t\t\t<h2>Quelle est l\u2019origine du terme &#8220;mise en berne&#8221;?<\/h2>\t\t\t\t\t\t\t\t<\/div>\n\t\t\t\t<\/div>\n\t\t\t\t\t<\/div>\n\t\t<\/div>\n\t\t\t\t\t<\/div>\n\t\t<\/section>\n\t\t\t\t<section class=\"elementor-section elementor-top-section elementor-element elementor-element-c8cd5d1 elementor-section-boxed elementor-section-height-default elementor-section-height-default\" data-id=\"c8cd5d1\" data-element_type=\"section\">\n\t\t\t\t\t\t<div class=\"elementor-container elementor-column-gap-default\">\n\t\t\t\t\t<div class=\"elementor-column elementor-col-50 elementor-top-column elementor-element elementor-element-c7ef1d8\" data-id=\"c7ef1d8\" data-element_type=\"column\">\n\t\t\t<div class=\"elementor-widget-wrap elementor-element-populated\">\n\t\t\t\t\t\t<div class=\"elementor-element elementor-element-195b4b4 elementor-widget elementor-widget-image\" data-id=\"195b4b4\" data-element_type=\"widget\" data-widget_type=\"image.default\">\n\t\t\t\t<div class=\"elementor-widget-container\">\n\t\t\t\t\t\t\t\t\t\t\t\t\t\t\t<img fetchpriority=\"high\" decoding=\"async\" width=\"700\" height=\"534\" src=\"https:\/\/www.macapflag.com\/blog\/wp-content\/uploads\/2025\/01\/mise-en-berne-d_un-drapeau-1.jpg\" class=\"attachment-large size-large wp-image-19137\" alt=\"Origine du terme mise en berne du drapeau\" srcset=\"https:\/\/www.macapflag.com\/blog\/wp-content\/uploads\/2025\/01\/mise-en-berne-d_un-drapeau-1.jpg 700w, https:\/\/www.macapflag.com\/blog\/wp-content\/uploads\/2025\/01\/mise-en-berne-d_un-drapeau-1-300x229.jpg 300w\" sizes=\"(max-width: 700px) 100vw, 700px\" \/>\t\t\t\t\t\t\t\t\t\t\t\t\t\t\t<\/div>\n\t\t\t\t<\/div>\n\t\t\t\t\t<\/div>\n\t\t<\/div>\n\t\t\t\t<div class=\"elementor-column elementor-col-50 elementor-top-column elementor-element elementor-element-289e1f5\" data-id=\"289e1f5\" data-element_type=\"column\">\n\t\t\t<div class=\"elementor-widget-wrap elementor-element-populated\">\n\t\t\t\t\t\t<div class=\"elementor-element elementor-element-a703d65 elementor-widget elementor-widget-text-editor\" data-id=\"a703d65\" data-element_type=\"widget\" data-widget_type=\"text-editor.default\">\n\t\t\t\t<div class=\"elementor-widget-container\">\n\t\t\t\t\t\t\t\t\t<p>L\u2019expression &#8220;mise en berne&#8221; trouve son origine dans le vocabulaire maritime. <strong>Au XVIIe si\u00e8cle, dans la marine fran\u00e7aise<\/strong>, &#8220;mettre en berne&#8221; signifiait abaisser partiellement un pavillon ou un drapeau en signe de deuil ou de d\u00e9tresse.\u00a0<\/p>\t\t\t\t\t\t\t\t<\/div>\n\t\t\t\t<\/div>\n\t\t\t\t\t<\/div>\n\t\t<\/div>\n\t\t\t\t\t<\/div>\n\t\t<\/section>\n\t\t\t\t<section class=\"elementor-section elementor-top-section elementor-element elementor-element-e73679f elementor-section-boxed elementor-section-height-default elementor-section-height-default\" data-id=\"e73679f\" data-element_type=\"section\">\n\t\t\t\t\t\t<div class=\"elementor-container elementor-column-gap-default\">\n\t\t\t\t\t<div class=\"elementor-column elementor-col-100 elementor-top-column elementor-element elementor-element-192750b\" data-id=\"192750b\" data-element_type=\"column\">\n\t\t\t<div class=\"elementor-widget-wrap elementor-element-populated\">\n\t\t\t\t\t\t<div class=\"elementor-element elementor-element-e6d4873 elementor-widget elementor-widget-text-editor\" data-id=\"e6d4873\" data-element_type=\"widget\" data-widget_type=\"text-editor.default\">\n\t\t\t\t<div class=\"elementor-widget-container\">\n\t\t\t\t\t\t\t\t\t<p>Le terme &#8220;berne&#8221; d\u00e9signait \u00e0 l&#8217;origine une position interm\u00e9diaire du m\u00e2t d&#8217;un bateau, et placer le drapeau &#8220;en berne&#8221; signifiait l\u2019abaisser sans le retirer compl\u00e8tement, un signe visible de respect ou de solidarit\u00e9.<\/p>\t\t\t\t\t\t\t\t<\/div>\n\t\t\t\t<\/div>\n\t\t\t\t\t<\/div>\n\t\t<\/div>\n\t\t\t\t\t<\/div>\n\t\t<\/section>\n\t\t\t\t<section class=\"elementor-section elementor-top-section elementor-element elementor-element-08c2f85 elementor-section-boxed elementor-section-height-default elementor-section-height-default\" data-id=\"08c2f85\" data-element_type=\"section\">\n\t\t\t\t\t\t<div class=\"elementor-container elementor-column-gap-default\">\n\t\t\t\t\t<div class=\"elementor-column elementor-col-100 elementor-top-column elementor-element elementor-element-bd3ca0a\" data-id=\"bd3ca0a\" data-element_type=\"column\">\n\t\t\t<div class=\"elementor-widget-wrap elementor-element-populated\">\n\t\t\t\t\t\t<div class=\"elementor-element elementor-element-7de13a0 elementor-widget elementor-widget-spacer\" data-id=\"7de13a0\" data-element_type=\"widget\" data-widget_type=\"spacer.default\">\n\t\t\t\t<div class=\"elementor-widget-container\">\n\t\t\t\t\t\t\t<div class=\"elementor-spacer\">\n\t\t\t<div class=\"elementor-spacer-inner\"><\/div>\n\t\t<\/div>\n\t\t\t\t\t\t<\/div>\n\t\t\t\t<\/div>\n\t\t\t\t\t<\/div>\n\t\t<\/div>\n\t\t\t\t\t<\/div>\n\t\t<\/section>\n\t\t\t\t<section class=\"elementor-section elementor-top-section elementor-element elementor-element-ad4ae9d elementor-section-boxed elementor-section-height-default elementor-section-height-default\" data-id=\"ad4ae9d\" data-element_type=\"section\">\n\t\t\t\t\t\t<div class=\"elementor-container elementor-column-gap-default\">\n\t\t\t\t\t<div class=\"elementor-column elementor-col-100 elementor-top-column elementor-element elementor-element-16d51fb\" data-id=\"16d51fb\" data-element_type=\"column\">\n\t\t\t<div class=\"elementor-widget-wrap elementor-element-populated\">\n\t\t\t\t\t\t<div class=\"elementor-element elementor-element-a0f6a2a elementor-widget elementor-widget-text-editor\" data-id=\"a0f6a2a\" data-element_type=\"widget\" data-widget_type=\"text-editor.default\">\n\t\t\t\t<div class=\"elementor-widget-container\">\n\t\t\t\t\t\t\t\t\t<h2>Qui d\u00e9cide de la mise en berne d&#8217;un drapeau ?<\/h2>\t\t\t\t\t\t\t\t<\/div>\n\t\t\t\t<\/div>\n\t\t\t\t\t<\/div>\n\t\t<\/div>\n\t\t\t\t\t<\/div>\n\t\t<\/section>\n\t\t\t\t<section class=\"elementor-section elementor-top-section elementor-element elementor-element-3d5822c elementor-section-boxed elementor-section-height-default elementor-section-height-default\" data-id=\"3d5822c\" data-element_type=\"section\">\n\t\t\t\t\t\t<div class=\"elementor-container elementor-column-gap-default\">\n\t\t\t\t\t<div class=\"elementor-column elementor-col-100 elementor-top-column elementor-element elementor-element-b7faea6\" data-id=\"b7faea6\" data-element_type=\"column\">\n\t\t\t<div class=\"elementor-widget-wrap elementor-element-populated\">\n\t\t\t\t\t\t<div class=\"elementor-element elementor-element-382b642 elementor-widget elementor-widget-text-editor\" data-id=\"382b642\" data-element_type=\"widget\" data-widget_type=\"text-editor.default\">\n\t\t\t\t<div class=\"elementor-widget-container\">\n\t\t\t\t\t\t\t\t\t<p>En France, la mise en berne des drapeaux est <strong>une d\u00e9cision du pr\u00e9sident de la R\u00e9publique<\/strong>, qui peut \u00e9galement d\u00e9l\u00e9guer ce pouvoir au Premier ministre ou \u00e0 d&#8217;autres autorit\u00e9s locales, selon les circonstances. La d\u00e9cision de mise en berne est g\u00e9n\u00e9ralement prise pour un jour ou pour une p\u00e9riode limit\u00e9e, souvent en lien avec un \u00e9v\u00e9nement de grande envergure comme un attentat, une catastrophe naturelle ou le d\u00e9c\u00e8s d&#8217;une figure publique. Par exemple, lors de la mort d&#8217;une personnalit\u00e9 embl\u00e9matique ou d&#8217;une trag\u00e9die nationale, le pr\u00e9sident peut ordonner la mise en berne des drapeaux pour manifester le deuil national.<br \/>Dans d&#8217;autres pays, les d\u00e9cisions peuvent \u00eatre prises par d\u2019autres figures d&#8217;autorit\u00e9, comme le roi, le premier ministre ou des gouverneurs locaux, en fonction de la gravit\u00e9 de l&#8217;\u00e9v\u00e9nement et de sa port\u00e9e.<\/p>\t\t\t\t\t\t\t\t<\/div>\n\t\t\t\t<\/div>\n\t\t\t\t\t<\/div>\n\t\t<\/div>\n\t\t\t\t\t<\/div>\n\t\t<\/section>\n\t\t\t\t<section class=\"elementor-section elementor-top-section elementor-element elementor-element-e411ce6 elementor-section-boxed elementor-section-height-default elementor-section-height-default\" data-id=\"e411ce6\" data-element_type=\"section\">\n\t\t\t\t\t\t<div class=\"elementor-container elementor-column-gap-default\">\n\t\t\t\t\t<div class=\"elementor-column elementor-col-100 elementor-top-column elementor-element elementor-element-a28c65e\" data-id=\"a28c65e\" data-element_type=\"column\">\n\t\t\t<div class=\"elementor-widget-wrap elementor-element-populated\">\n\t\t\t\t\t\t<div class=\"elementor-element elementor-element-e07eb14 elementor-widget elementor-widget-spacer\" data-id=\"e07eb14\" data-element_type=\"widget\" data-widget_type=\"spacer.default\">\n\t\t\t\t<div class=\"elementor-widget-container\">\n\t\t\t\t\t\t\t<div class=\"elementor-spacer\">\n\t\t\t<div class=\"elementor-spacer-inner\"><\/div>\n\t\t<\/div>\n\t\t\t\t\t\t<\/div>\n\t\t\t\t<\/div>\n\t\t\t\t\t<\/div>\n\t\t<\/div>\n\t\t\t\t\t<\/div>\n\t\t<\/section>\n\t\t\t\t<section class=\"elementor-section elementor-top-section elementor-element elementor-element-8fc055f elementor-section-boxed elementor-section-height-default elementor-section-height-default\" data-id=\"8fc055f\" data-element_type=\"section\">\n\t\t\t\t\t\t<div class=\"elementor-container elementor-column-gap-default\">\n\t\t\t\t\t<div class=\"elementor-column elementor-col-100 elementor-top-column elementor-element elementor-element-9cd9a0b\" data-id=\"9cd9a0b\" data-element_type=\"column\">\n\t\t\t<div class=\"elementor-widget-wrap elementor-element-populated\">\n\t\t\t\t\t\t<div class=\"elementor-element elementor-element-352e5c8 elementor-widget elementor-widget-text-editor\" data-id=\"352e5c8\" data-element_type=\"widget\" data-widget_type=\"text-editor.default\">\n\t\t\t\t<div class=\"elementor-widget-container\">\n\t\t\t\t\t\t\t\t\t<h2>Quelle est la r\u00e9glementation officielle en France ?<\/h2>\t\t\t\t\t\t\t\t<\/div>\n\t\t\t\t<\/div>\n\t\t\t\t\t<\/div>\n\t\t<\/div>\n\t\t\t\t\t<\/div>\n\t\t<\/section>\n\t\t\t\t<section class=\"elementor-section elementor-top-section elementor-element elementor-element-fa32929 elementor-section-boxed elementor-section-height-default elementor-section-height-default\" data-id=\"fa32929\" data-element_type=\"section\">\n\t\t\t\t\t\t<div class=\"elementor-container elementor-column-gap-default\">\n\t\t\t\t\t<div class=\"elementor-column elementor-col-50 elementor-top-column elementor-element elementor-element-15ae72d\" data-id=\"15ae72d\" data-element_type=\"column\">\n\t\t\t<div class=\"elementor-widget-wrap elementor-element-populated\">\n\t\t\t\t\t\t<div class=\"elementor-element elementor-element-03f7ce8 elementor-widget elementor-widget-text-editor\" data-id=\"03f7ce8\" data-element_type=\"widget\" data-widget_type=\"text-editor.default\">\n\t\t\t\t<div class=\"elementor-widget-container\">\n\t\t\t\t\t\t\t\t\t<p>En France, la mise en berne des drapeaux est r\u00e9gie par des r\u00e8gles protocolaires pr\u00e9cises, bien qu&#8217;il n&#8217;existe pas de loi sp\u00e9cifique qui encadre cette pratique de mani\u00e8re d\u00e9taill\u00e9e. La d\u00e9cision est prise au plus haut niveau de l&#8217;\u00c9tat, principalement par d\u00e9cret pr\u00e9sidentiel.\u00a0<\/p>\t\t\t\t\t\t\t\t<\/div>\n\t\t\t\t<\/div>\n\t\t\t\t\t<\/div>\n\t\t<\/div>\n\t\t\t\t<div class=\"elementor-column elementor-col-50 elementor-top-column elementor-element elementor-element-8eec669\" data-id=\"8eec669\" data-element_type=\"column\">\n\t\t\t<div class=\"elementor-widget-wrap elementor-element-populated\">\n\t\t\t\t\t\t<div class=\"elementor-element elementor-element-371bb56 elementor-widget elementor-widget-image\" data-id=\"371bb56\" data-element_type=\"widget\" data-widget_type=\"image.default\">\n\t\t\t\t<div class=\"elementor-widget-container\">\n\t\t\t\t\t\t\t\t\t\t\t\t\t\t\t\t<a href=\"https:\/\/www.macapflag.com\/drapeau-pays-pour-mat\/33-drapeau-francais-officiel.html\" target=\"_blank\">\n\t\t\t\t\t\t\t<img decoding=\"async\" width=\"700\" height=\"534\" src=\"https:\/\/www.macapflag.com\/blog\/wp-content\/uploads\/2025\/01\/mise-en-berne-d_un-drapeau-2.jpg\" class=\"attachment-large size-large wp-image-19138\" alt=\"R\u00e8glementation officielle fran\u00e7aise de mise en berne du drapeau\" srcset=\"https:\/\/www.macapflag.com\/blog\/wp-content\/uploads\/2025\/01\/mise-en-berne-d_un-drapeau-2.jpg 700w, https:\/\/www.macapflag.com\/blog\/wp-content\/uploads\/2025\/01\/mise-en-berne-d_un-drapeau-2-300x229.jpg 300w\" sizes=\"(max-width: 700px) 100vw, 700px\" \/>\t\t\t\t\t\t\t\t<\/a>\n\t\t\t\t\t\t\t\t\t\t\t\t\t\t\t<\/div>\n\t\t\t\t<\/div>\n\t\t\t\t\t<\/div>\n\t\t<\/div>\n\t\t\t\t\t<\/div>\n\t\t<\/section>\n\t\t\t\t<section class=\"elementor-section elementor-top-section elementor-element elementor-element-06f4ead elementor-section-boxed elementor-section-height-default elementor-section-height-default\" data-id=\"06f4ead\" data-element_type=\"section\">\n\t\t\t\t\t\t<div class=\"elementor-container elementor-column-gap-default\">\n\t\t\t\t\t<div class=\"elementor-column elementor-col-100 elementor-top-column elementor-element elementor-element-3c6b067\" data-id=\"3c6b067\" data-element_type=\"column\">\n\t\t\t<div class=\"elementor-widget-wrap elementor-element-populated\">\n\t\t\t\t\t\t<div class=\"elementor-element elementor-element-da611c1 elementor-widget elementor-widget-text-editor\" data-id=\"da611c1\" data-element_type=\"widget\" data-widget_type=\"text-editor.default\">\n\t\t\t\t<div class=\"elementor-widget-container\">\n\t\t\t\t\t\t\t\t\t<p>Elle peut \u00e9galement \u00eatre instaur\u00e9e par une circulaire ou une communication officielle du gouvernement.<br \/>Lorsqu&#8217;une d\u00e9cision est prise, elle s&#8217;applique g\u00e9n\u00e9ralement aux b\u00e2timents publics, tels que les mairies, les pr\u00e9fectures, les ambassades et les \u00e9tablissements scolaires, mais elle peut aussi concerner d&#8217;autres lieux symboliques.<\/p><p>En France, les modalit\u00e9s pr\u00e9cises de la mise en berne ne sont pas l\u00e9gif\u00e9r\u00e9es, mais l<strong>e drapeau doit \u00eatre abaiss\u00e9 jusqu&#8217;\u00e0 la moiti\u00e9 de son m\u00e2t ou suspendu de mani\u00e8re visible<\/strong> en signe de respect et de deuil. La mise en berne des drapeaux n\u2019est pas impos\u00e9e aux particuliers ni aux entreprises, bien que certains choisissent de le faire volontairement en signe de solidarit\u00e9.<\/p>\t\t\t\t\t\t\t\t<\/div>\n\t\t\t\t<\/div>\n\t\t\t\t\t<\/div>\n\t\t<\/div>\n\t\t\t\t\t<\/div>\n\t\t<\/section>\n\t\t\t\t<section class=\"elementor-section elementor-top-section elementor-element elementor-element-c6de93d elementor-section-boxed elementor-section-height-default elementor-section-height-default\" data-id=\"c6de93d\" data-element_type=\"section\">\n\t\t\t\t\t\t<div class=\"elementor-container elementor-column-gap-default\">\n\t\t\t\t\t<div class=\"elementor-column elementor-col-100 elementor-top-column elementor-element elementor-element-1ec6e5c\" data-id=\"1ec6e5c\" data-element_type=\"column\">\n\t\t\t<div class=\"elementor-widget-wrap elementor-element-populated\">\n\t\t\t\t\t\t<div class=\"elementor-element elementor-element-26661d8 elementor-widget elementor-widget-spacer\" data-id=\"26661d8\" data-element_type=\"widget\" data-widget_type=\"spacer.default\">\n\t\t\t\t<div class=\"elementor-widget-container\">\n\t\t\t\t\t\t\t<div class=\"elementor-spacer\">\n\t\t\t<div class=\"elementor-spacer-inner\"><\/div>\n\t\t<\/div>\n\t\t\t\t\t\t<\/div>\n\t\t\t\t<\/div>\n\t\t\t\t\t<\/div>\n\t\t<\/div>\n\t\t\t\t\t<\/div>\n\t\t<\/section>\n\t\t\t\t<section class=\"elementor-section elementor-top-section elementor-element elementor-element-18780bf elementor-section-boxed elementor-section-height-default elementor-section-height-default\" data-id=\"18780bf\" data-element_type=\"section\">\n\t\t\t\t\t\t<div class=\"elementor-container elementor-column-gap-default\">\n\t\t\t\t\t<div class=\"elementor-column elementor-col-100 elementor-top-column elementor-element elementor-element-bd3eb36\" data-id=\"bd3eb36\" data-element_type=\"column\">\n\t\t\t<div class=\"elementor-widget-wrap elementor-element-populated\">\n\t\t\t\t\t\t<div class=\"elementor-element elementor-element-75d9eaf elementor-widget elementor-widget-text-editor\" data-id=\"75d9eaf\" data-element_type=\"widget\" data-widget_type=\"text-editor.default\">\n\t\t\t\t<div class=\"elementor-widget-container\">\n\t\t\t\t\t\t\t\t\t<h2>Comment mettre en berne un drapeau qui n\u2019est pas sur un m\u00e2t ?<\/h2>\t\t\t\t\t\t\t\t<\/div>\n\t\t\t\t<\/div>\n\t\t\t\t\t<\/div>\n\t\t<\/div>\n\t\t\t\t\t<\/div>\n\t\t<\/section>\n\t\t\t\t<section class=\"elementor-section elementor-top-section elementor-element elementor-element-948f645 elementor-section-boxed elementor-section-height-default elementor-section-height-default\" data-id=\"948f645\" data-element_type=\"section\">\n\t\t\t\t\t\t<div class=\"elementor-container elementor-column-gap-default\">\n\t\t\t\t\t<div class=\"elementor-column elementor-col-50 elementor-top-column elementor-element elementor-element-8f15d82\" data-id=\"8f15d82\" data-element_type=\"column\">\n\t\t\t<div class=\"elementor-widget-wrap elementor-element-populated\">\n\t\t\t\t\t\t<div class=\"elementor-element elementor-element-cb31488 elementor-widget elementor-widget-image\" data-id=\"cb31488\" data-element_type=\"widget\" data-widget_type=\"image.default\">\n\t\t\t\t<div class=\"elementor-widget-container\">\n\t\t\t\t\t\t\t\t\t\t\t\t\t\t\t\t<a href=\"https:\/\/www.macapflag.com\/drapeau-pays-avec-hampe\/303-drapeau-officiel-classique-francais.html\" target=\"_blank\">\n\t\t\t\t\t\t\t<img decoding=\"async\" width=\"700\" height=\"534\" src=\"https:\/\/www.macapflag.com\/blog\/wp-content\/uploads\/2025\/01\/mise-en-berne-d_un-drapeau-3.jpg\" class=\"attachment-large size-large wp-image-19139\" alt=\"Mettre en berne un drapeau qui n&#039;est pas sur un m\u00e2t\" srcset=\"https:\/\/www.macapflag.com\/blog\/wp-content\/uploads\/2025\/01\/mise-en-berne-d_un-drapeau-3.jpg 700w, https:\/\/www.macapflag.com\/blog\/wp-content\/uploads\/2025\/01\/mise-en-berne-d_un-drapeau-3-300x229.jpg 300w\" sizes=\"(max-width: 700px) 100vw, 700px\" \/>\t\t\t\t\t\t\t\t<\/a>\n\t\t\t\t\t\t\t\t\t\t\t\t\t\t\t<\/div>\n\t\t\t\t<\/div>\n\t\t\t\t\t<\/div>\n\t\t<\/div>\n\t\t\t\t<div class=\"elementor-column elementor-col-50 elementor-top-column elementor-element elementor-element-3fe6fb4\" data-id=\"3fe6fb4\" data-element_type=\"column\">\n\t\t\t<div class=\"elementor-widget-wrap elementor-element-populated\">\n\t\t\t\t\t\t<div class=\"elementor-element elementor-element-62e157d elementor-widget elementor-widget-text-editor\" data-id=\"62e157d\" data-element_type=\"widget\" data-widget_type=\"text-editor.default\">\n\t\t\t\t<div class=\"elementor-widget-container\">\n\t\t\t\t\t\t\t\t\t<p>Dans certains cas, il est impossible de descendre le drapeau \u00e0 mi-hauteur de son m\u00e2t :<br \/>&#8211; Soit parce que justement le drapeau n\u2019est pas hiss\u00e9 sur un m\u00e2t,<br \/>&#8211; Soit car le drapeau mis en berne toucherait alors le sol, ce qui est interdit.<\/p>\t\t\t\t\t\t\t\t<\/div>\n\t\t\t\t<\/div>\n\t\t\t\t\t<\/div>\n\t\t<\/div>\n\t\t\t\t\t<\/div>\n\t\t<\/section>\n\t\t\t\t<section class=\"elementor-section elementor-top-section elementor-element elementor-element-9878175 elementor-section-boxed elementor-section-height-default elementor-section-height-default\" data-id=\"9878175\" data-element_type=\"section\">\n\t\t\t\t\t\t<div class=\"elementor-container elementor-column-gap-default\">\n\t\t\t\t\t<div class=\"elementor-column elementor-col-100 elementor-top-column elementor-element elementor-element-28e5a5a\" data-id=\"28e5a5a\" data-element_type=\"column\">\n\t\t\t<div class=\"elementor-widget-wrap elementor-element-populated\">\n\t\t\t\t\t\t<div class=\"elementor-element elementor-element-46f8c28 elementor-widget elementor-widget-text-editor\" data-id=\"46f8c28\" data-element_type=\"widget\" data-widget_type=\"text-editor.default\">\n\t\t\t\t<div class=\"elementor-widget-container\">\n\t\t\t\t\t\t\t\t\t<p>Si la mise en berne habituelle n\u2019est pas possible, nous vous recommandons de :<br \/>&#8211; Apposer un ruban noir ou une <a href=\"https:\/\/www.macapflag.com\/drapeau-de-defile\/43190-cravate-de-deuil-pour-drapeaux.html\" target=\"_blank\" rel=\"noopener\"><strong><span style=\"color: #3366ff;\">cravate noire<\/span><\/strong><\/a> au sommet ou \u00e0 l\u2019extr\u00e9mit\u00e9 du drapeau afin d\u2019\u00eatre bien visible.<br \/>&#8211; Replier partiellement le drapeau d\u2019un tiers ou de la moiti\u00e9 vers le bas pour symboliser la mise en berne et imiter l\u2019effet de mi-hauteur du m\u00e2t.<br \/>&#8211; Poser le drapeau sur un support inclin\u00e9, entour\u00e9 de symboles de deuil (ruban noir, cravate noir).<\/p>\t\t\t\t\t\t\t\t<\/div>\n\t\t\t\t<\/div>\n\t\t\t\t\t<\/div>\n\t\t<\/div>\n\t\t\t\t\t<\/div>\n\t\t<\/section>\n\t\t\t\t<section class=\"elementor-section elementor-top-section elementor-element elementor-element-6e72347 elementor-section-boxed elementor-section-height-default elementor-section-height-default\" data-id=\"6e72347\" data-element_type=\"section\">\n\t\t\t\t\t\t<div class=\"elementor-container elementor-column-gap-default\">\n\t\t\t\t\t<div class=\"elementor-column elementor-col-100 elementor-top-column elementor-element elementor-element-d73f7bf\" data-id=\"d73f7bf\" data-element_type=\"column\">\n\t\t\t<div class=\"elementor-widget-wrap elementor-element-populated\">\n\t\t\t\t\t\t<div class=\"elementor-element elementor-element-6641aca elementor-widget elementor-widget-spacer\" data-id=\"6641aca\" data-element_type=\"widget\" data-widget_type=\"spacer.default\">\n\t\t\t\t<div class=\"elementor-widget-container\">\n\t\t\t\t\t\t\t<div class=\"elementor-spacer\">\n\t\t\t<div class=\"elementor-spacer-inner\"><\/div>\n\t\t<\/div>\n\t\t\t\t\t\t<\/div>\n\t\t\t\t<\/div>\n\t\t\t\t\t<\/div>\n\t\t<\/div>\n\t\t\t\t\t<\/div>\n\t\t<\/section>\n\t\t\t\t<section class=\"elementor-section elementor-top-section elementor-element elementor-element-0839378 elementor-section-boxed elementor-section-height-default elementor-section-height-default\" data-id=\"0839378\" data-element_type=\"section\">\n\t\t\t\t\t\t<div class=\"elementor-container elementor-column-gap-default\">\n\t\t\t\t\t<div class=\"elementor-column elementor-col-100 elementor-top-column elementor-element elementor-element-71e2f2f\" data-id=\"71e2f2f\" data-element_type=\"column\">\n\t\t\t<div class=\"elementor-widget-wrap elementor-element-populated\">\n\t\t\t\t\t\t<div class=\"elementor-element elementor-element-fe0a6b3 elementor-widget elementor-widget-text-editor\" data-id=\"fe0a6b3\" data-element_type=\"widget\" data-widget_type=\"text-editor.default\">\n\t\t\t\t<div class=\"elementor-widget-container\">\n\t\t\t\t\t\t\t\t\t<h2>Existe-t-il une dur\u00e9e sp\u00e9cifique pour la mise en berne des drapeaux\u202f?<\/h2>\t\t\t\t\t\t\t\t<\/div>\n\t\t\t\t<\/div>\n\t\t\t\t\t<\/div>\n\t\t<\/div>\n\t\t\t\t\t<\/div>\n\t\t<\/section>\n\t\t\t\t<section class=\"elementor-section elementor-top-section elementor-element elementor-element-016970b elementor-section-boxed elementor-section-height-default elementor-section-height-default\" data-id=\"016970b\" data-element_type=\"section\">\n\t\t\t\t\t\t<div class=\"elementor-container elementor-column-gap-default\">\n\t\t\t\t\t<div class=\"elementor-column elementor-col-100 elementor-top-column elementor-element elementor-element-b91be6e\" data-id=\"b91be6e\" data-element_type=\"column\">\n\t\t\t<div class=\"elementor-widget-wrap elementor-element-populated\">\n\t\t\t\t\t\t<div class=\"elementor-element elementor-element-3e9a8f2 elementor-widget elementor-widget-text-editor\" data-id=\"3e9a8f2\" data-element_type=\"widget\" data-widget_type=\"text-editor.default\">\n\t\t\t\t<div class=\"elementor-widget-container\">\n\t\t\t\t\t\t\t\t\t<p>La dur\u00e9e de la mise en berne des drapeaux peut varier selon le contexte et les directives officielles, mais il n\u2019existe pas de dur\u00e9e universelle fixe. La d\u00e9cision de la dur\u00e9e est g\u00e9n\u00e9ralement prise par l\u2019autorit\u00e9 qui ordonne la mise en berne (comme le chef d\u2019\u00c9tat ou le gouvernement) et d\u00e9pend de l&#8217;importance de l&#8217;\u00e9v\u00e9nement ou de la personnalit\u00e9 honor\u00e9e.<\/p><p><strong>En pratique :<\/strong><\/p><ol style=\"list-style-type: upper-roman;\"><li><strong>D\u00e9c\u00e8s d&#8217;une personnalit\u00e9 nationale ou chef d\u2019\u00c9tat :<\/strong> La mise en berne peut durer plusieurs jours, souvent trois jours, mais parfois jusqu&#8217;\u00e0 une semaine.<\/li><li><strong>Attentats ou catastrophes :<\/strong> La dur\u00e9e peut varier entre un \u00e0 trois jours, parfois plus, en fonction de l\u2019ampleur de la trag\u00e9die.<\/li><li><strong>Deuil national :<\/strong> Si une p\u00e9riode de deuil national est d\u00e9clar\u00e9e, les drapeaux peuvent rester en berne pour toute la dur\u00e9e de ce deuil, qui peut aller de 1 \u00e0 7 jours selon la gravit\u00e9 de l\u2019\u00e9v\u00e9nement.<\/li><\/ol><p>Dans certains pays, il existe des recommandations non obligatoires pour les jours sp\u00e9cifiques de comm\u00e9moration ou de deuil national, mais la dur\u00e9e est ajust\u00e9e selon les circonstances.<\/p>\t\t\t\t\t\t\t\t<\/div>\n\t\t\t\t<\/div>\n\t\t\t\t\t<\/div>\n\t\t<\/div>\n\t\t\t\t\t<\/div>\n\t\t<\/section>\n\t\t\t\t<section class=\"elementor-section elementor-top-section elementor-element elementor-element-622d658 elementor-section-boxed elementor-section-height-default elementor-section-height-default\" data-id=\"622d658\" data-element_type=\"section\">\n\t\t\t\t\t\t<div class=\"elementor-container elementor-column-gap-default\">\n\t\t\t\t\t<div class=\"elementor-column elementor-col-100 elementor-top-column elementor-element elementor-element-81c13c5\" data-id=\"81c13c5\" data-element_type=\"column\">\n\t\t\t<div class=\"elementor-widget-wrap elementor-element-populated\">\n\t\t\t\t\t\t<div class=\"elementor-element elementor-element-e5a16dd elementor-widget elementor-widget-spacer\" data-id=\"e5a16dd\" data-element_type=\"widget\" data-widget_type=\"spacer.default\">\n\t\t\t\t<div class=\"elementor-widget-container\">\n\t\t\t\t\t\t\t<div class=\"elementor-spacer\">\n\t\t\t<div class=\"elementor-spacer-inner\"><\/div>\n\t\t<\/div>\n\t\t\t\t\t\t<\/div>\n\t\t\t\t<\/div>\n\t\t\t\t\t<\/div>\n\t\t<\/div>\n\t\t\t\t\t<\/div>\n\t\t<\/section>\n\t\t\t\t<section class=\"elementor-section elementor-top-section elementor-element elementor-element-361a8b7 elementor-section-boxed elementor-section-height-default elementor-section-height-default\" data-id=\"361a8b7\" data-element_type=\"section\">\n\t\t\t\t\t\t<div class=\"elementor-container elementor-column-gap-default\">\n\t\t\t\t\t<div class=\"elementor-column elementor-col-100 elementor-top-column elementor-element elementor-element-aa0198d\" data-id=\"aa0198d\" data-element_type=\"column\">\n\t\t\t<div class=\"elementor-widget-wrap elementor-element-populated\">\n\t\t\t\t\t\t<div class=\"elementor-element elementor-element-1bd42d6 elementor-widget elementor-widget-text-editor\" data-id=\"1bd42d6\" data-element_type=\"widget\" data-widget_type=\"text-editor.default\">\n\t\t\t\t<div class=\"elementor-widget-container\">\n\t\t\t\t\t\t\t\t\t<h2>Est-ce que les particuliers ou les entreprises peuvent mettre leur drapeau en berne ?<\/h2>\t\t\t\t\t\t\t\t<\/div>\n\t\t\t\t<\/div>\n\t\t\t\t\t<\/div>\n\t\t<\/div>\n\t\t\t\t\t<\/div>\n\t\t<\/section>\n\t\t\t\t<section class=\"elementor-section elementor-top-section elementor-element elementor-element-33f6da8 elementor-section-boxed elementor-section-height-default elementor-section-height-default\" data-id=\"33f6da8\" data-element_type=\"section\">\n\t\t\t\t\t\t<div class=\"elementor-container elementor-column-gap-default\">\n\t\t\t\t\t<div class=\"elementor-column elementor-col-50 elementor-top-column elementor-element elementor-element-5ef11d3\" data-id=\"5ef11d3\" data-element_type=\"column\">\n\t\t\t<div class=\"elementor-widget-wrap elementor-element-populated\">\n\t\t\t\t\t\t<div class=\"elementor-element elementor-element-777b509 elementor-widget elementor-widget-text-editor\" data-id=\"777b509\" data-element_type=\"widget\" data-widget_type=\"text-editor.default\">\n\t\t\t\t<div class=\"elementor-widget-container\">\n\t\t\t\t\t\t\t\t\t<p>Absolument, les particuliers et les entreprises peuvent aussi mettre leurs drapeaux en berne en signe de solidarit\u00e9 ou de deuil, m\u00eame si cela n&#8217;est pas obligatoire. <br \/>En France, la mise en berne des drapeaux concerne les b\u00e2timents publics et les institutions officielles, mais il n\u2019existe aucune interdiction emp\u00eachant les entreprises priv\u00e9es ou les citoyens de le faire.<\/p>\t\t\t\t\t\t\t\t<\/div>\n\t\t\t\t<\/div>\n\t\t\t\t\t<\/div>\n\t\t<\/div>\n\t\t\t\t<div class=\"elementor-column elementor-col-50 elementor-top-column elementor-element elementor-element-84aba8f\" data-id=\"84aba8f\" data-element_type=\"column\">\n\t\t\t<div class=\"elementor-widget-wrap elementor-element-populated\">\n\t\t\t\t\t\t<div class=\"elementor-element elementor-element-91ef3e6 elementor-widget elementor-widget-image\" data-id=\"91ef3e6\" data-element_type=\"widget\" data-widget_type=\"image.default\">\n\t\t\t\t<div class=\"elementor-widget-container\">\n\t\t\t\t\t\t\t\t\t\t\t\t\t\t\t\t<a href=\"https:\/\/www.macapflag.com\/drapeau-pays-pour-mat\/33-drapeau-francais-officiel.html\" target=\"_blank\">\n\t\t\t\t\t\t\t<img loading=\"lazy\" decoding=\"async\" width=\"700\" height=\"534\" src=\"https:\/\/www.macapflag.com\/blog\/wp-content\/uploads\/2025\/01\/mise-en-berne-d_un-drapeau-4.jpg\" class=\"attachment-large size-large wp-image-19140\" alt=\"Drapeau France en berne particuliers et entreprises\" srcset=\"https:\/\/www.macapflag.com\/blog\/wp-content\/uploads\/2025\/01\/mise-en-berne-d_un-drapeau-4.jpg 700w, https:\/\/www.macapflag.com\/blog\/wp-content\/uploads\/2025\/01\/mise-en-berne-d_un-drapeau-4-300x229.jpg 300w\" sizes=\"(max-width: 700px) 100vw, 700px\" \/>\t\t\t\t\t\t\t\t<\/a>\n\t\t\t\t\t\t\t\t\t\t\t\t\t\t\t<\/div>\n\t\t\t\t<\/div>\n\t\t\t\t\t<\/div>\n\t\t<\/div>\n\t\t\t\t\t<\/div>\n\t\t<\/section>\n\t\t\t\t<section class=\"elementor-section elementor-top-section elementor-element elementor-element-3317fc8 elementor-section-boxed elementor-section-height-default elementor-section-height-default\" data-id=\"3317fc8\" data-element_type=\"section\">\n\t\t\t\t\t\t<div class=\"elementor-container elementor-column-gap-default\">\n\t\t\t\t\t<div class=\"elementor-column elementor-col-100 elementor-top-column elementor-element elementor-element-fe286c0\" data-id=\"fe286c0\" data-element_type=\"column\">\n\t\t\t<div class=\"elementor-widget-wrap elementor-element-populated\">\n\t\t\t\t\t\t<div class=\"elementor-element elementor-element-3aa9a78 elementor-widget elementor-widget-text-editor\" data-id=\"3aa9a78\" data-element_type=\"widget\" data-widget_type=\"text-editor.default\">\n\t\t\t\t<div class=\"elementor-widget-container\">\n\t\t\t\t\t\t\t\t\t<h2>Comment les ambassadeurs et consulats \u00e0 l\u2019\u00e9tranger g\u00e8rent-ils la mise en berne ?<\/h2>\t\t\t\t\t\t\t\t<\/div>\n\t\t\t\t<\/div>\n\t\t\t\t\t<\/div>\n\t\t<\/div>\n\t\t\t\t\t<\/div>\n\t\t<\/section>\n\t\t\t\t<section class=\"elementor-section elementor-top-section elementor-element elementor-element-5806d3a elementor-section-boxed elementor-section-height-default elementor-section-height-default\" data-id=\"5806d3a\" data-element_type=\"section\">\n\t\t\t\t\t\t<div class=\"elementor-container elementor-column-gap-default\">\n\t\t\t\t\t<div class=\"elementor-column elementor-col-100 elementor-top-column elementor-element elementor-element-ec756c0\" data-id=\"ec756c0\" data-element_type=\"column\">\n\t\t\t<div class=\"elementor-widget-wrap elementor-element-populated\">\n\t\t\t\t\t\t<div class=\"elementor-element elementor-element-6da8654 elementor-widget elementor-widget-text-editor\" data-id=\"6da8654\" data-element_type=\"widget\" data-widget_type=\"text-editor.default\">\n\t\t\t\t<div class=\"elementor-widget-container\">\n\t\t\t\t\t\t\t\t\t<p>Les ambassadeurs et consulats \u00e0 l\u2019\u00e9tranger suivent des <strong>protocoles sp\u00e9cifiques<\/strong> pour la mise en berne des drapeaux, en r\u00e9ponse aux d\u00e9cisions prises par leur gouvernement d&#8217;origine. Lorsqu\u2019un pays ordonne la mise en berne de ses drapeaux en raison d\u2019un deuil national, d\u2019un hommage ou d\u2019un \u00e9v\u00e9nement tragique, les ambassades et les consulats appliquent g\u00e9n\u00e9ralement cette directive de mani\u00e8re coordonn\u00e9e :<br \/>Ils re\u00e7oivent une <strong>directive officielle du minist\u00e8re des Affaires \u00e9trang\u00e8res<\/strong> leur demandant de mettre en berne leurs drapeaux pendant une p\u00e9riode d\u00e9termin\u00e9e.<br \/>Les ambassades et consulats ajustent parfois la mani\u00e8re dont ils mettent en berne les drapeaux en fonction des r\u00e8gles locales ou des sensibilit\u00e9s du pays h\u00f4te. Certains pays imposent en effet des restrictions sur l\u2019abaissement des drapeaux nationaux \u00e9trangers.<\/p>\t\t\t\t\t\t\t\t<\/div>\n\t\t\t\t<\/div>\n\t\t\t\t\t<\/div>\n\t\t<\/div>\n\t\t\t\t\t<\/div>\n\t\t<\/section>\n\t\t\t\t<section class=\"elementor-section elementor-top-section elementor-element elementor-element-f4c4c64 elementor-section-boxed elementor-section-height-default elementor-section-height-default\" data-id=\"f4c4c64\" data-element_type=\"section\">\n\t\t\t\t\t\t<div class=\"elementor-container elementor-column-gap-default\">\n\t\t\t\t\t<div class=\"elementor-column elementor-col-50 elementor-top-column elementor-element elementor-element-f440e8d\" data-id=\"f440e8d\" data-element_type=\"column\">\n\t\t\t<div class=\"elementor-widget-wrap elementor-element-populated\">\n\t\t\t\t\t\t<div class=\"elementor-element elementor-element-fe30c69 elementor-widget elementor-widget-image\" data-id=\"fe30c69\" data-element_type=\"widget\" data-widget_type=\"image.default\">\n\t\t\t\t<div class=\"elementor-widget-container\">\n\t\t\t\t\t\t\t\t\t\t\t\t\t\t\t\t<a href=\"https:\/\/www.macapflag.com\/drapeau-pays-pour-mat\/889-drapeau-royaume-uni-officiel.html\" target=\"_blank\">\n\t\t\t\t\t\t\t<img loading=\"lazy\" decoding=\"async\" width=\"700\" height=\"534\" src=\"https:\/\/www.macapflag.com\/blog\/wp-content\/uploads\/2025\/01\/mise-en-berne-d_un-drapeau-5.jpg\" class=\"attachment-large size-large wp-image-19141\" alt=\"La mise en berne du drapeau \u00e0 l&#039;\u00e9tranger dans les consulats et ambassades\" srcset=\"https:\/\/www.macapflag.com\/blog\/wp-content\/uploads\/2025\/01\/mise-en-berne-d_un-drapeau-5.jpg 700w, https:\/\/www.macapflag.com\/blog\/wp-content\/uploads\/2025\/01\/mise-en-berne-d_un-drapeau-5-300x229.jpg 300w\" sizes=\"(max-width: 700px) 100vw, 700px\" \/>\t\t\t\t\t\t\t\t<\/a>\n\t\t\t\t\t\t\t\t\t\t\t\t\t\t\t<\/div>\n\t\t\t\t<\/div>\n\t\t\t\t\t<\/div>\n\t\t<\/div>\n\t\t\t\t<div class=\"elementor-column elementor-col-50 elementor-top-column elementor-element elementor-element-80b8482\" data-id=\"80b8482\" data-element_type=\"column\">\n\t\t\t<div class=\"elementor-widget-wrap elementor-element-populated\">\n\t\t\t\t\t\t<div class=\"elementor-element elementor-element-6d3728f elementor-widget elementor-widget-text-editor\" data-id=\"6d3728f\" data-element_type=\"widget\" data-widget_type=\"text-editor.default\">\n\t\t\t\t<div class=\"elementor-widget-container\">\n\t\t\t\t\t\t\t\t\t<p>Dans certains cas, les ambassades peuvent coordonner cette d\u00e9marche avec celles d\u2019autres pays, en particulier lors d\u2019\u00e9v\u00e9nements internationaux majeurs ou de deuils partag\u00e9s (par exemple, la mort d\u2019une figure internationale ou une catastrophe ayant touch\u00e9 plusieurs nations).<\/p>\t\t\t\t\t\t\t\t<\/div>\n\t\t\t\t<\/div>\n\t\t\t\t\t<\/div>\n\t\t<\/div>\n\t\t\t\t\t<\/div>\n\t\t<\/section>\n\t\t\t\t<section class=\"elementor-section elementor-top-section elementor-element elementor-element-01eb3d0 elementor-section-boxed elementor-section-height-default elementor-section-height-default\" data-id=\"01eb3d0\" data-element_type=\"section\">\n\t\t\t\t\t\t<div class=\"elementor-container elementor-column-gap-default\">\n\t\t\t\t\t<div class=\"elementor-column elementor-col-100 elementor-top-column elementor-element elementor-element-7ab4282\" data-id=\"7ab4282\" data-element_type=\"column\">\n\t\t\t<div class=\"elementor-widget-wrap elementor-element-populated\">\n\t\t\t\t\t\t<div class=\"elementor-element elementor-element-03166e9 elementor-widget elementor-widget-text-editor\" data-id=\"03166e9\" data-element_type=\"widget\" data-widget_type=\"text-editor.default\">\n\t\t\t\t<div class=\"elementor-widget-container\">\n\t\t\t\t\t\t\t\t\t<p>Les drapeaux sont mis en berne dans les lieux publics et visibles de l\u2019ambassade ou du consulat, tels que l\u2019entr\u00e9e principale ou le toit de l\u2019\u00e9difice. Cela peut inclure le drapeau sur le b\u00e2timent principal et tout autre drapeau install\u00e9 \u00e0 l\u2019ext\u00e9rieur pour symboliser le deuil.<br \/>Les ambassades et consulats peuvent \u00e9galement publier des communiqu\u00e9s de presse ou des messages sur leurs sites internet ou r\u00e9seaux sociaux pour expliquer aux citoyens locaux et expatri\u00e9s la raison de la mise en berne. <br \/>Dans certains cas, les ambassades organisent ou participent \u00e0 des c\u00e9r\u00e9monies de comm\u00e9moration, en parall\u00e8le de la mise en berne, pour honorer les victimes ou les personnes d\u00e9c\u00e9d\u00e9es. Ces \u00e9v\u00e9nements peuvent se d\u00e9rouler en pr\u00e9sence de repr\u00e9sentants du pays h\u00f4te et des expatri\u00e9s.<\/p>\t\t\t\t\t\t\t\t<\/div>\n\t\t\t\t<\/div>\n\t\t\t\t\t<\/div>\n\t\t<\/div>\n\t\t\t\t\t<\/div>\n\t\t<\/section>\n\t\t\t\t<section class=\"elementor-section elementor-top-section elementor-element elementor-element-d61c81e elementor-section-boxed elementor-section-height-default elementor-section-height-default\" data-id=\"d61c81e\" data-element_type=\"section\">\n\t\t\t\t\t\t<div class=\"elementor-container elementor-column-gap-default\">\n\t\t\t\t\t<div class=\"elementor-column elementor-col-100 elementor-top-column elementor-element elementor-element-605eb59\" data-id=\"605eb59\" data-element_type=\"column\">\n\t\t\t<div class=\"elementor-widget-wrap elementor-element-populated\">\n\t\t\t\t\t\t<div class=\"elementor-element elementor-element-aaae8ec elementor-widget elementor-widget-spacer\" data-id=\"aaae8ec\" data-element_type=\"widget\" data-widget_type=\"spacer.default\">\n\t\t\t\t<div class=\"elementor-widget-container\">\n\t\t\t\t\t\t\t<div class=\"elementor-spacer\">\n\t\t\t<div class=\"elementor-spacer-inner\"><\/div>\n\t\t<\/div>\n\t\t\t\t\t\t<\/div>\n\t\t\t\t<\/div>\n\t\t\t\t\t<\/div>\n\t\t<\/div>\n\t\t\t\t\t<\/div>\n\t\t<\/section>\n\t\t\t\t<section class=\"elementor-section elementor-top-section elementor-element elementor-element-e6f4a7e elementor-section-boxed elementor-section-height-default elementor-section-height-default\" data-id=\"e6f4a7e\" data-element_type=\"section\">\n\t\t\t\t\t\t<div class=\"elementor-container elementor-column-gap-default\">\n\t\t\t\t\t<div class=\"elementor-column elementor-col-100 elementor-top-column elementor-element elementor-element-a5ddd2b\" data-id=\"a5ddd2b\" data-element_type=\"column\">\n\t\t\t<div class=\"elementor-widget-wrap elementor-element-populated\">\n\t\t\t\t\t\t<div class=\"elementor-element elementor-element-3957e4b elementor-widget elementor-widget-text-editor\" data-id=\"3957e4b\" data-element_type=\"widget\" data-widget_type=\"text-editor.default\">\n\t\t\t\t<div class=\"elementor-widget-container\">\n\t\t\t\t\t\t\t\t\t<h2>La mise en berne est-elle pratiqu\u00e9e de la m\u00eame mani\u00e8re dans tous les pays ?<\/h2>\t\t\t\t\t\t\t\t<\/div>\n\t\t\t\t<\/div>\n\t\t\t\t\t<\/div>\n\t\t<\/div>\n\t\t\t\t\t<\/div>\n\t\t<\/section>\n\t\t\t\t<section class=\"elementor-section elementor-top-section elementor-element elementor-element-3be9027 elementor-section-boxed elementor-section-height-default elementor-section-height-default\" data-id=\"3be9027\" data-element_type=\"section\">\n\t\t\t\t\t\t<div class=\"elementor-container elementor-column-gap-default\">\n\t\t\t\t\t<div class=\"elementor-column elementor-col-50 elementor-top-column elementor-element elementor-element-fe2397f\" data-id=\"fe2397f\" data-element_type=\"column\">\n\t\t\t<div class=\"elementor-widget-wrap elementor-element-populated\">\n\t\t\t\t\t\t<div class=\"elementor-element elementor-element-808de35 elementor-widget elementor-widget-text-editor\" data-id=\"808de35\" data-element_type=\"widget\" data-widget_type=\"text-editor.default\">\n\t\t\t\t<div class=\"elementor-widget-container\">\n\t\t\t\t\t\t\t\t\t<p>La mise en berne n\u2019est pas pratiqu\u00e9e de la m\u00eame mani\u00e8re dans tous les pays. Chaque pays a ses propres r\u00e8gles et traditions pour la mise en berne des drapeaux, bien que le principe de base, abaisser le drapeau en signe de deuil ou de respect, soit universel.<\/p>\t\t\t\t\t\t\t\t<\/div>\n\t\t\t\t<\/div>\n\t\t\t\t\t<\/div>\n\t\t<\/div>\n\t\t\t\t<div class=\"elementor-column elementor-col-50 elementor-top-column elementor-element elementor-element-7a8bf15\" data-id=\"7a8bf15\" data-element_type=\"column\">\n\t\t\t<div class=\"elementor-widget-wrap elementor-element-populated\">\n\t\t\t\t\t\t<div class=\"elementor-element elementor-element-6424492 elementor-widget elementor-widget-image\" data-id=\"6424492\" data-element_type=\"widget\" data-widget_type=\"image.default\">\n\t\t\t\t<div class=\"elementor-widget-container\">\n\t\t\t\t\t\t\t\t\t\t\t\t\t\t\t\t<a href=\"https:\/\/www.macapflag.com\/drapeau-pays-pour-mat\/911-drapeau-canada-officiel.html\" target=\"_blank\">\n\t\t\t\t\t\t\t<img loading=\"lazy\" decoding=\"async\" width=\"700\" height=\"534\" src=\"https:\/\/www.macapflag.com\/blog\/wp-content\/uploads\/2025\/01\/mise-en-berne-d_un-drapeau-6.jpg\" class=\"attachment-large size-large wp-image-19142\" alt=\"La mise en berne des drapeaux des pays\" srcset=\"https:\/\/www.macapflag.com\/blog\/wp-content\/uploads\/2025\/01\/mise-en-berne-d_un-drapeau-6.jpg 700w, https:\/\/www.macapflag.com\/blog\/wp-content\/uploads\/2025\/01\/mise-en-berne-d_un-drapeau-6-300x229.jpg 300w\" sizes=\"(max-width: 700px) 100vw, 700px\" \/>\t\t\t\t\t\t\t\t<\/a>\n\t\t\t\t\t\t\t\t\t\t\t\t\t\t\t<\/div>\n\t\t\t\t<\/div>\n\t\t\t\t\t<\/div>\n\t\t<\/div>\n\t\t\t\t\t<\/div>\n\t\t<\/section>\n\t\t\t\t<section class=\"elementor-section elementor-top-section elementor-element elementor-element-6ac7ca1 elementor-section-boxed elementor-section-height-default elementor-section-height-default\" data-id=\"6ac7ca1\" data-element_type=\"section\">\n\t\t\t\t\t\t<div class=\"elementor-container elementor-column-gap-default\">\n\t\t\t\t\t<div class=\"elementor-column elementor-col-100 elementor-top-column elementor-element elementor-element-3d99c9a\" data-id=\"3d99c9a\" data-element_type=\"column\">\n\t\t\t<div class=\"elementor-widget-wrap elementor-element-populated\">\n\t\t\t\t\t\t<div class=\"elementor-element elementor-element-1f912a8 elementor-widget elementor-widget-text-editor\" data-id=\"1f912a8\" data-element_type=\"widget\" data-widget_type=\"text-editor.default\">\n\t\t\t\t<div class=\"elementor-widget-container\">\n\t\t\t\t\t\t\t\t\t<p>Dans certains pays, comme l&#8217;<a href=\"https:\/\/www.macapflag.com\/drapeau-pays-pour-mat\/792233-drapeau-inde-officiel.html\" target=\"_blank\" rel=\"noopener\"><span style=\"color: #3366ff;\"><strong>Inde<\/strong><\/span><\/a> ou l&#8217;Arabie Saoudite, les drapeaux ne sont jamais mis en berne pour des raisons culturelles ou religieuses. Par exemple, le drapeau saoudien, qui porte une inscription sacr\u00e9e, n&#8217;est jamais abaiss\u00e9 en signe de respect pour le texte religieux qu\u2019il affiche.<\/p>\t\t\t\t\t\t\t\t<\/div>\n\t\t\t\t<\/div>\n\t\t\t\t\t<\/div>\n\t\t<\/div>\n\t\t\t\t\t<\/div>\n\t\t<\/section>\n\t\t\t\t<section class=\"elementor-section elementor-top-section elementor-element elementor-element-3558ee0 elementor-section-boxed elementor-section-height-default elementor-section-height-default\" data-id=\"3558ee0\" data-element_type=\"section\">\n\t\t\t\t\t\t<div class=\"elementor-container elementor-column-gap-default\">\n\t\t\t\t\t<div class=\"elementor-column elementor-col-100 elementor-top-column elementor-element elementor-element-a985ab3\" data-id=\"a985ab3\" data-element_type=\"column\">\n\t\t\t<div class=\"elementor-widget-wrap elementor-element-populated\">\n\t\t\t\t\t\t<div class=\"elementor-element elementor-element-e95bac3 elementor-widget elementor-widget-spacer\" data-id=\"e95bac3\" data-element_type=\"widget\" data-widget_type=\"spacer.default\">\n\t\t\t\t<div class=\"elementor-widget-container\">\n\t\t\t\t\t\t\t<div class=\"elementor-spacer\">\n\t\t\t<div class=\"elementor-spacer-inner\"><\/div>\n\t\t<\/div>\n\t\t\t\t\t\t<\/div>\n\t\t\t\t<\/div>\n\t\t\t\t\t<\/div>\n\t\t<\/div>\n\t\t\t\t\t<\/div>\n\t\t<\/section>\n\t\t\t\t<section class=\"elementor-section elementor-top-section elementor-element elementor-element-646b56b elementor-section-boxed elementor-section-height-default elementor-section-height-default\" data-id=\"646b56b\" data-element_type=\"section\">\n\t\t\t\t\t\t<div class=\"elementor-container elementor-column-gap-default\">\n\t\t\t\t\t<div class=\"elementor-column elementor-col-100 elementor-top-column elementor-element elementor-element-9b44df3\" data-id=\"9b44df3\" data-element_type=\"column\">\n\t\t\t<div class=\"elementor-widget-wrap elementor-element-populated\">\n\t\t\t\t\t\t<div class=\"elementor-element elementor-element-16022b8 elementor-widget elementor-widget-text-editor\" data-id=\"16022b8\" data-element_type=\"widget\" data-widget_type=\"text-editor.default\">\n\t\t\t\t<div class=\"elementor-widget-container\">\n\t\t\t\t\t\t\t\t\t<h2>Macap, le sp\u00e9cialiste fran\u00e7ais imprimeur de drapeaux<\/h2>\t\t\t\t\t\t\t\t<\/div>\n\t\t\t\t<\/div>\n\t\t\t\t\t<\/div>\n\t\t<\/div>\n\t\t\t\t\t<\/div>\n\t\t<\/section>\n\t\t\t\t<section class=\"elementor-section elementor-top-section elementor-element elementor-element-9b51608 elementor-section-boxed elementor-section-height-default elementor-section-height-default\" data-id=\"9b51608\" data-element_type=\"section\">\n\t\t\t\t\t\t<div class=\"elementor-container elementor-column-gap-default\">\n\t\t\t\t\t<div class=\"elementor-column elementor-col-100 elementor-top-column elementor-element elementor-element-a253b41\" data-id=\"a253b41\" data-element_type=\"column\">\n\t\t\t<div class=\"elementor-widget-wrap elementor-element-populated\">\n\t\t\t\t\t\t<div class=\"elementor-element elementor-element-cf8803c elementor-widget elementor-widget-text-editor\" data-id=\"cf8803c\" data-element_type=\"widget\" data-widget_type=\"text-editor.default\">\n\t\t\t\t<div class=\"elementor-widget-container\">\n\t\t\t\t\t\t\t\t\t<p>Si <a href=\"https:\/\/www.macapflag.com\/\" target=\"_blank\" rel=\"noopener\"><span style=\"color: #3366ff;\"><strong>Macap<\/strong> <\/span><\/a>connait si bien l\u2019univers des drapeaux, c&#8217;est justement parce que la fabrication et l\u2019impression de drapeaux sont son c\u0153ur de m\u00e9tier. <br \/>Depuis presque 60 ans, cette PME varoise a su d\u00e9velopper une offre compl\u00e8te autour du drapeau, aussi bien pour la communication institutionnelle qu\u2019\u00e9v\u00e9nementielle. Des <a href=\"https:\/\/www.macapflag.com\/353-drapeau-ue-pays-du-monde\" target=\"_blank\" rel=\"noopener\"><strong><span style=\"color: #3366ff;\">drapeaux officiels des pays du monde<\/span><\/strong><\/a> aux <a href=\"https:\/\/www.macapflag.com\/384-drapeau-ceremonie\" target=\"_blank\" rel=\"noopener\"><strong><span style=\"color: #3366ff;\">drapeaux de prestige<\/span><\/strong><\/a> en passant par les <a href=\"https:\/\/www.macapflag.com\/305-accessoires-ceremonie\" target=\"_blank\" rel=\"noopener\"><span style=\"color: #3366ff;\"><strong>\u00e9charpes de maires<\/strong><\/span><\/a> et les accessoires de c\u00e9r\u00e9monies, les mairies, les ambassades, consulats et autres organisations officielles font confiance \u00e0 Macap pour leur communication.<\/p>\t\t\t\t\t\t\t\t<\/div>\n\t\t\t\t<\/div>\n\t\t\t\t\t<\/div>\n\t\t<\/div>\n\t\t\t\t\t<\/div>\n\t\t<\/section>\n\t\t\t\t<section class=\"elementor-section elementor-top-section elementor-element elementor-element-a97d814 elementor-section-boxed elementor-section-height-default elementor-section-height-default\" data-id=\"a97d814\" data-element_type=\"section\">\n\t\t\t\t\t\t<div class=\"elementor-container elementor-column-gap-default\">\n\t\t\t\t\t<div class=\"elementor-column elementor-col-100 elementor-top-column elementor-element elementor-element-d496cb4\" data-id=\"d496cb4\" data-element_type=\"column\">\n\t\t\t<div class=\"elementor-widget-wrap elementor-element-populated\">\n\t\t\t\t\t\t<div class=\"elementor-element elementor-element-be4d70b elementor-widget elementor-widget-image\" data-id=\"be4d70b\" data-element_type=\"widget\" data-widget_type=\"image.default\">\n\t\t\t\t<div class=\"elementor-widget-container\">\n\t\t\t\t\t\t\t\t\t\t\t\t\t\t\t\t<a href=\"https:\/\/www.macapflag.com\/\" target=\"_blank\">\n\t\t\t\t\t\t\t<img loading=\"lazy\" decoding=\"async\" width=\"700\" height=\"320\" src=\"https:\/\/www.macapflag.com\/blog\/wp-content\/uploads\/2021\/04\/fabriquant-de-drapeaux-kakemonos-banderoles-beach-flags-oriflammes-macap.jpg\" class=\"attachment-large size-large wp-image-10133\" alt=\"Macap fabriquant de drapeaux kak\u00e9mono banderole beach flag oriflamme\" srcset=\"https:\/\/www.macapflag.com\/blog\/wp-content\/uploads\/2021\/04\/fabriquant-de-drapeaux-kakemonos-banderoles-beach-flags-oriflammes-macap.jpg 700w, https:\/\/www.macapflag.com\/blog\/wp-content\/uploads\/2021\/04\/fabriquant-de-drapeaux-kakemonos-banderoles-beach-flags-oriflammes-macap-300x137.jpg 300w\" sizes=\"(max-width: 700px) 100vw, 700px\" \/>\t\t\t\t\t\t\t\t<\/a>\n\t\t\t\t\t\t\t\t\t\t\t\t\t\t\t<\/div>\n\t\t\t\t<\/div>\n\t\t\t\t\t<\/div>\n\t\t<\/div>\n\t\t\t\t\t<\/div>\n\t\t<\/section>\n\t\t\t\t<\/div>\n\t\t","protected":false},"excerpt":{"rendered":"<div class=\"tmnf_excerpt\"><p>La mise en berne d&#8217;un drapeau est une pratique qui consiste \u00e0 abaisser le drapeau \u00e0 mi-m\u00e2t pour marquer un deuil, une trag\u00e9die ou rendre hommage \u00e0 une personne importante. Cette coutume, qui existe dans de nombreux pays, est utilis\u00e9e pour symboliser le respect et la solidarit\u00e9 nationale en r\u00e9ponse \u00e0 un \u00e9v\u00e9nement grave ou &hellip;<\/p>\n<\/div>","protected":false},"author":2,"featured_media":19143,"comment_status":"closed","ping_status":"open","sticky":false,"template":"template-fullwidth.php","format":"standard","meta":{"footnotes":""},"categories":[93],"tags":[],"class_list":["post-19144","post","type-post","status-publish","format-standard","has-post-thumbnail","hentry","category-com"],"yoast_head":"<!-- This site is optimized with the Yoast SEO plugin v26.4 - https:\/\/yoast.com\/wordpress\/plugins\/seo\/ -->\n<title>Tout savoir sur la mise en berne d&#039;un drapeau Origines signification<\/title>\n<meta name=\"description\" content=\"Pourquoi met-on un drapeau en berne ? Qui d\u00e9cide de la mise en berne d&#039;un drapeau officiel en France et \u00e0 l&#039;\u00e9tranger ?\" \/>\n<meta name=\"robots\" content=\"index, follow, max-snippet:-1, max-image-preview:large, max-video-preview:-1\" \/>\n<link rel=\"canonical\" href=\"https:\/\/www.macapflag.com\/blog\/tout-savoir-sur-la-mise-en-berne-dun-drapeau\/\" \/>\n<meta property=\"og:locale\" content=\"fr_FR\" \/>\n<meta property=\"og:type\" content=\"article\" \/>\n<meta property=\"og:title\" content=\"Tout savoir sur la mise en berne d&#039;un drapeau Origines signification\" \/>\n<meta property=\"og:description\" content=\"Pourquoi met-on un drapeau en berne ? Qui d\u00e9cide de la mise en berne d&#039;un drapeau officiel en France et \u00e0 l&#039;\u00e9tranger ?\" \/>\n<meta property=\"og:url\" content=\"https:\/\/www.macapflag.com\/blog\/tout-savoir-sur-la-mise-en-berne-dun-drapeau\/\" \/>\n<meta property=\"og:site_name\" content=\"Blog - Macap\" \/>\n<meta property=\"article:publisher\" content=\"https:\/\/www.facebook.com\/macap.pavoisement\/\" \/>\n<meta property=\"article:published_time\" content=\"2025-02-26T07:00:00+00:00\" \/>\n<meta property=\"og:image\" content=\"https:\/\/www.macapflag.com\/blog\/wp-content\/uploads\/2025\/01\/mise-en-berne-d_un-drapeau-TITRE.jpg\" \/>\n\t<meta property=\"og:image:width\" content=\"870\" \/>\n\t<meta property=\"og:image:height\" content=\"600\" \/>\n\t<meta property=\"og:image:type\" content=\"image\/jpeg\" \/>\n<meta name=\"author\" content=\"Blog Macap\" \/>\n<meta name=\"twitter:card\" content=\"summary_large_image\" \/>\n<meta name=\"twitter:label1\" content=\"\u00c9crit par\" \/>\n\t<meta name=\"twitter:data1\" content=\"Blog Macap\" \/>\n\t<meta name=\"twitter:label2\" content=\"Dur\u00e9e de lecture estim\u00e9e\" \/>\n\t<meta name=\"twitter:data2\" content=\"9 minutes\" \/>\n<script type=\"application\/ld+json\" class=\"yoast-schema-graph\">{\"@context\":\"https:\/\/schema.org\",\"@graph\":[{\"@type\":\"Article\",\"@id\":\"https:\/\/www.macapflag.com\/blog\/tout-savoir-sur-la-mise-en-berne-dun-drapeau\/#article\",\"isPartOf\":{\"@id\":\"https:\/\/www.macapflag.com\/blog\/tout-savoir-sur-la-mise-en-berne-dun-drapeau\/\"},\"author\":{\"name\":\"Blog Macap\",\"@id\":\"https:\/\/www.macapflag.com\/blog\/#\/schema\/person\/3fea701f2603875e651e6b662578fc3c\"},\"headline\":\"Tout savoir sur la mise en berne d&#8217;un drapeau\",\"datePublished\":\"2025-02-26T07:00:00+00:00\",\"mainEntityOfPage\":{\"@id\":\"https:\/\/www.macapflag.com\/blog\/tout-savoir-sur-la-mise-en-berne-dun-drapeau\/\"},\"wordCount\":1493,\"publisher\":{\"@id\":\"https:\/\/www.macapflag.com\/blog\/#organization\"},\"image\":{\"@id\":\"https:\/\/www.macapflag.com\/blog\/tout-savoir-sur-la-mise-en-berne-dun-drapeau\/#primaryimage\"},\"thumbnailUrl\":\"https:\/\/www.macapflag.com\/blog\/wp-content\/uploads\/2025\/01\/mise-en-berne-d_un-drapeau-TITRE.jpg\",\"articleSection\":[\"Le monde de la Com'\"],\"inLanguage\":\"fr-FR\"},{\"@type\":\"WebPage\",\"@id\":\"https:\/\/www.macapflag.com\/blog\/tout-savoir-sur-la-mise-en-berne-dun-drapeau\/\",\"url\":\"https:\/\/www.macapflag.com\/blog\/tout-savoir-sur-la-mise-en-berne-dun-drapeau\/\",\"name\":\"Tout savoir sur la mise en berne d'un drapeau Origines signification\",\"isPartOf\":{\"@id\":\"https:\/\/www.macapflag.com\/blog\/#website\"},\"primaryImageOfPage\":{\"@id\":\"https:\/\/www.macapflag.com\/blog\/tout-savoir-sur-la-mise-en-berne-dun-drapeau\/#primaryimage\"},\"image\":{\"@id\":\"https:\/\/www.macapflag.com\/blog\/tout-savoir-sur-la-mise-en-berne-dun-drapeau\/#primaryimage\"},\"thumbnailUrl\":\"https:\/\/www.macapflag.com\/blog\/wp-content\/uploads\/2025\/01\/mise-en-berne-d_un-drapeau-TITRE.jpg\",\"datePublished\":\"2025-02-26T07:00:00+00:00\",\"description\":\"Pourquoi met-on un drapeau en berne ? Qui d\u00e9cide de la mise en berne d'un drapeau officiel en France et \u00e0 l'\u00e9tranger ?\",\"breadcrumb\":{\"@id\":\"https:\/\/www.macapflag.com\/blog\/tout-savoir-sur-la-mise-en-berne-dun-drapeau\/#breadcrumb\"},\"inLanguage\":\"fr-FR\",\"potentialAction\":[{\"@type\":\"ReadAction\",\"target\":[\"https:\/\/www.macapflag.com\/blog\/tout-savoir-sur-la-mise-en-berne-dun-drapeau\/\"]}]},{\"@type\":\"ImageObject\",\"inLanguage\":\"fr-FR\",\"@id\":\"https:\/\/www.macapflag.com\/blog\/tout-savoir-sur-la-mise-en-berne-dun-drapeau\/#primaryimage\",\"url\":\"https:\/\/www.macapflag.com\/blog\/wp-content\/uploads\/2025\/01\/mise-en-berne-d_un-drapeau-TITRE.jpg\",\"contentUrl\":\"https:\/\/www.macapflag.com\/blog\/wp-content\/uploads\/2025\/01\/mise-en-berne-d_un-drapeau-TITRE.jpg\",\"width\":870,\"height\":600,\"caption\":\"Tout savoir sur le drapeau mis en berne\"},{\"@type\":\"BreadcrumbList\",\"@id\":\"https:\/\/www.macapflag.com\/blog\/tout-savoir-sur-la-mise-en-berne-dun-drapeau\/#breadcrumb\",\"itemListElement\":[{\"@type\":\"ListItem\",\"position\":1,\"name\":\"Accueil\",\"item\":\"https:\/\/www.macapflag.com\/blog\/\"},{\"@type\":\"ListItem\",\"position\":2,\"name\":\"Tout savoir sur la mise en berne d&rsquo;un drapeau\"}]},{\"@type\":\"WebSite\",\"@id\":\"https:\/\/www.macapflag.com\/blog\/#website\",\"url\":\"https:\/\/www.macapflag.com\/blog\/\",\"name\":\"Blog - Macap\",\"description\":\"Tous nos articles\",\"publisher\":{\"@id\":\"https:\/\/www.macapflag.com\/blog\/#organization\"},\"potentialAction\":[{\"@type\":\"SearchAction\",\"target\":{\"@type\":\"EntryPoint\",\"urlTemplate\":\"https:\/\/www.macapflag.com\/blog\/?s={search_term_string}\"},\"query-input\":{\"@type\":\"PropertyValueSpecification\",\"valueRequired\":true,\"valueName\":\"search_term_string\"}}],\"inLanguage\":\"fr-FR\"},{\"@type\":\"Organization\",\"@id\":\"https:\/\/www.macapflag.com\/blog\/#organization\",\"name\":\"macapflag\",\"url\":\"https:\/\/www.macapflag.com\/blog\/\",\"logo\":{\"@type\":\"ImageObject\",\"inLanguage\":\"fr-FR\",\"@id\":\"https:\/\/www.macapflag.com\/blog\/#\/schema\/logo\/image\/\",\"url\":\"https:\/\/www.macapflag.com\/blog\/wp-content\/uploads\/2020\/12\/cropped-M-512-1.png\",\"contentUrl\":\"https:\/\/www.macapflag.com\/blog\/wp-content\/uploads\/2020\/12\/cropped-M-512-1.png\",\"width\":512,\"height\":512,\"caption\":\"macapflag\"},\"image\":{\"@id\":\"https:\/\/www.macapflag.com\/blog\/#\/schema\/logo\/image\/\"},\"sameAs\":[\"https:\/\/www.facebook.com\/macap.pavoisement\/\",\"https:\/\/www.instagram.com\/macapflag\/?hl=fr\",\"https:\/\/www.linkedin.com\/company\/macap\/?originalSubdomain=fr\",\"https:\/\/www.youtube.com\/channel\/UCXNzTIdZh9poEBjSXEqDtNw\"]},{\"@type\":\"Person\",\"@id\":\"https:\/\/www.macapflag.com\/blog\/#\/schema\/person\/3fea701f2603875e651e6b662578fc3c\",\"name\":\"Blog Macap\",\"image\":{\"@type\":\"ImageObject\",\"inLanguage\":\"fr-FR\",\"@id\":\"https:\/\/www.macapflag.com\/blog\/#\/schema\/person\/image\/\",\"url\":\"https:\/\/secure.gravatar.com\/avatar\/c12551f2dc51f0db049633b03e7856985477a70da834cc8967dea4ce54bdd6a2?s=96&d=mm&r=g\",\"contentUrl\":\"https:\/\/secure.gravatar.com\/avatar\/c12551f2dc51f0db049633b03e7856985477a70da834cc8967dea4ce54bdd6a2?s=96&d=mm&r=g\",\"caption\":\"Blog Macap\"},\"url\":\"https:\/\/www.macapflag.com\/blog\/author\/macap\/\"}]}<\/script>\n<!-- \/ Yoast SEO plugin. -->","yoast_head_json":{"title":"Tout savoir sur la mise en berne d'un drapeau Origines signification","description":"Pourquoi met-on un drapeau en berne ? Qui d\u00e9cide de la mise en berne d'un drapeau officiel en France et \u00e0 l'\u00e9tranger ?","robots":{"index":"index","follow":"follow","max-snippet":"max-snippet:-1","max-image-preview":"max-image-preview:large","max-video-preview":"max-video-preview:-1"},"canonical":"https:\/\/www.macapflag.com\/blog\/tout-savoir-sur-la-mise-en-berne-dun-drapeau\/","og_locale":"fr_FR","og_type":"article","og_title":"Tout savoir sur la mise en berne d'un drapeau Origines signification","og_description":"Pourquoi met-on un drapeau en berne ? Qui d\u00e9cide de la mise en berne d'un drapeau officiel en France et \u00e0 l'\u00e9tranger ?","og_url":"https:\/\/www.macapflag.com\/blog\/tout-savoir-sur-la-mise-en-berne-dun-drapeau\/","og_site_name":"Blog - Macap","article_publisher":"https:\/\/www.facebook.com\/macap.pavoisement\/","article_published_time":"2025-02-26T07:00:00+00:00","og_image":[{"width":870,"height":600,"url":"https:\/\/www.macapflag.com\/blog\/wp-content\/uploads\/2025\/01\/mise-en-berne-d_un-drapeau-TITRE.jpg","type":"image\/jpeg"}],"author":"Blog Macap","twitter_card":"summary_large_image","twitter_misc":{"\u00c9crit par":"Blog Macap","Dur\u00e9e de lecture estim\u00e9e":"9 minutes"},"schema":{"@context":"https:\/\/schema.org","@graph":[{"@type":"Article","@id":"https:\/\/www.macapflag.com\/blog\/tout-savoir-sur-la-mise-en-berne-dun-drapeau\/#article","isPartOf":{"@id":"https:\/\/www.macapflag.com\/blog\/tout-savoir-sur-la-mise-en-berne-dun-drapeau\/"},"author":{"name":"Blog Macap","@id":"https:\/\/www.macapflag.com\/blog\/#\/schema\/person\/3fea701f2603875e651e6b662578fc3c"},"headline":"Tout savoir sur la mise en berne d&#8217;un drapeau","datePublished":"2025-02-26T07:00:00+00:00","mainEntityOfPage":{"@id":"https:\/\/www.macapflag.com\/blog\/tout-savoir-sur-la-mise-en-berne-dun-drapeau\/"},"wordCount":1493,"publisher":{"@id":"https:\/\/www.macapflag.com\/blog\/#organization"},"image":{"@id":"https:\/\/www.macapflag.com\/blog\/tout-savoir-sur-la-mise-en-berne-dun-drapeau\/#primaryimage"},"thumbnailUrl":"https:\/\/www.macapflag.com\/blog\/wp-content\/uploads\/2025\/01\/mise-en-berne-d_un-drapeau-TITRE.jpg","articleSection":["Le monde de la Com'"],"inLanguage":"fr-FR"},{"@type":"WebPage","@id":"https:\/\/www.macapflag.com\/blog\/tout-savoir-sur-la-mise-en-berne-dun-drapeau\/","url":"https:\/\/www.macapflag.com\/blog\/tout-savoir-sur-la-mise-en-berne-dun-drapeau\/","name":"Tout savoir sur la mise en berne d'un drapeau Origines signification","isPartOf":{"@id":"https:\/\/www.macapflag.com\/blog\/#website"},"primaryImageOfPage":{"@id":"https:\/\/www.macapflag.com\/blog\/tout-savoir-sur-la-mise-en-berne-dun-drapeau\/#primaryimage"},"image":{"@id":"https:\/\/www.macapflag.com\/blog\/tout-savoir-sur-la-mise-en-berne-dun-drapeau\/#primaryimage"},"thumbnailUrl":"https:\/\/www.macapflag.com\/blog\/wp-content\/uploads\/2025\/01\/mise-en-berne-d_un-drapeau-TITRE.jpg","datePublished":"2025-02-26T07:00:00+00:00","description":"Pourquoi met-on un drapeau en berne ? Qui d\u00e9cide de la mise en berne d'un drapeau officiel en France et \u00e0 l'\u00e9tranger ?","breadcrumb":{"@id":"https:\/\/www.macapflag.com\/blog\/tout-savoir-sur-la-mise-en-berne-dun-drapeau\/#breadcrumb"},"inLanguage":"fr-FR","potentialAction":[{"@type":"ReadAction","target":["https:\/\/www.macapflag.com\/blog\/tout-savoir-sur-la-mise-en-berne-dun-drapeau\/"]}]},{"@type":"ImageObject","inLanguage":"fr-FR","@id":"https:\/\/www.macapflag.com\/blog\/tout-savoir-sur-la-mise-en-berne-dun-drapeau\/#primaryimage","url":"https:\/\/www.macapflag.com\/blog\/wp-content\/uploads\/2025\/01\/mise-en-berne-d_un-drapeau-TITRE.jpg","contentUrl":"https:\/\/www.macapflag.com\/blog\/wp-content\/uploads\/2025\/01\/mise-en-berne-d_un-drapeau-TITRE.jpg","width":870,"height":600,"caption":"Tout savoir sur le drapeau mis en berne"},{"@type":"BreadcrumbList","@id":"https:\/\/www.macapflag.com\/blog\/tout-savoir-sur-la-mise-en-berne-dun-drapeau\/#breadcrumb","itemListElement":[{"@type":"ListItem","position":1,"name":"Accueil","item":"https:\/\/www.macapflag.com\/blog\/"},{"@type":"ListItem","position":2,"name":"Tout savoir sur la mise en berne d&rsquo;un drapeau"}]},{"@type":"WebSite","@id":"https:\/\/www.macapflag.com\/blog\/#website","url":"https:\/\/www.macapflag.com\/blog\/","name":"Blog - Macap","description":"Tous nos articles","publisher":{"@id":"https:\/\/www.macapflag.com\/blog\/#organization"},"potentialAction":[{"@type":"SearchAction","target":{"@type":"EntryPoint","urlTemplate":"https:\/\/www.macapflag.com\/blog\/?s={search_term_string}"},"query-input":{"@type":"PropertyValueSpecification","valueRequired":true,"valueName":"search_term_string"}}],"inLanguage":"fr-FR"},{"@type":"Organization","@id":"https:\/\/www.macapflag.com\/blog\/#organization","name":"macapflag","url":"https:\/\/www.macapflag.com\/blog\/","logo":{"@type":"ImageObject","inLanguage":"fr-FR","@id":"https:\/\/www.macapflag.com\/blog\/#\/schema\/logo\/image\/","url":"https:\/\/www.macapflag.com\/blog\/wp-content\/uploads\/2020\/12\/cropped-M-512-1.png","contentUrl":"https:\/\/www.macapflag.com\/blog\/wp-content\/uploads\/2020\/12\/cropped-M-512-1.png","width":512,"height":512,"caption":"macapflag"},"image":{"@id":"https:\/\/www.macapflag.com\/blog\/#\/schema\/logo\/image\/"},"sameAs":["https:\/\/www.facebook.com\/macap.pavoisement\/","https:\/\/www.instagram.com\/macapflag\/?hl=fr","https:\/\/www.linkedin.com\/company\/macap\/?originalSubdomain=fr","https:\/\/www.youtube.com\/channel\/UCXNzTIdZh9poEBjSXEqDtNw"]},{"@type":"Person","@id":"https:\/\/www.macapflag.com\/blog\/#\/schema\/person\/3fea701f2603875e651e6b662578fc3c","name":"Blog Macap","image":{"@type":"ImageObject","inLanguage":"fr-FR","@id":"https:\/\/www.macapflag.com\/blog\/#\/schema\/person\/image\/","url":"https:\/\/secure.gravatar.com\/avatar\/c12551f2dc51f0db049633b03e7856985477a70da834cc8967dea4ce54bdd6a2?s=96&d=mm&r=g","contentUrl":"https:\/\/secure.gravatar.com\/avatar\/c12551f2dc51f0db049633b03e7856985477a70da834cc8967dea4ce54bdd6a2?s=96&d=mm&r=g","caption":"Blog Macap"},"url":"https:\/\/www.macapflag.com\/blog\/author\/macap\/"}]}},"_links":{"self":[{"href":"https:\/\/www.macapflag.com\/blog\/wp-json\/wp\/v2\/posts\/19144","targetHints":{"allow":["GET"]}}],"collection":[{"href":"https:\/\/www.macapflag.com\/blog\/wp-json\/wp\/v2\/posts"}],"about":[{"href":"https:\/\/www.macapflag.com\/blog\/wp-json\/wp\/v2\/types\/post"}],"author":[{"embeddable":true,"href":"https:\/\/www.macapflag.com\/blog\/wp-json\/wp\/v2\/users\/2"}],"replies":[{"embeddable":true,"href":"https:\/\/www.macapflag.com\/blog\/wp-json\/wp\/v2\/comments?post=19144"}],"version-history":[{"count":25,"href":"https:\/\/www.macapflag.com\/blog\/wp-json\/wp\/v2\/posts\/19144\/revisions"}],"predecessor-version":[{"id":19169,"href":"https:\/\/www.macapflag.com\/blog\/wp-json\/wp\/v2\/posts\/19144\/revisions\/19169"}],"wp:featuredmedia":[{"embeddable":true,"href":"https:\/\/www.macapflag.com\/blog\/wp-json\/wp\/v2\/media\/19143"}],"wp:attachment":[{"href":"https:\/\/www.macapflag.com\/blog\/wp-json\/wp\/v2\/media?parent=19144"}],"wp:term":[{"taxonomy":"category","embeddable":true,"href":"https:\/\/www.macapflag.com\/blog\/wp-json\/wp\/v2\/categories?post=19144"},{"taxonomy":"post_tag","embeddable":true,"href":"https:\/\/www.macapflag.com\/blog\/wp-json\/wp\/v2\/tags?post=19144"}],"curies":[{"name":"wp","href":"https:\/\/api.w.org\/{rel}","templated":true}]}}