{"id":19289,"date":"2025-07-30T08:00:00","date_gmt":"2025-07-30T06:00:00","guid":{"rendered":"https:\/\/www.macapflag.com\/blog\/?p=19289"},"modified":"2025-03-06T11:35:28","modified_gmt":"2025-03-06T10:35:28","slug":"comment-personnaliser-efficacement-votre-stand-pour-un-salon-professionnel","status":"publish","type":"post","link":"https:\/\/www.macapflag.com\/blog\/comment-personnaliser-efficacement-votre-stand-pour-un-salon-professionnel\/","title":{"rendered":"Comment personnaliser efficacement son stand pour un salon professionnel ?"},"content":{"rendered":"\t\t<div data-elementor-type=\"wp-post\" data-elementor-id=\"19289\" class=\"elementor elementor-19289\">\n\t\t\t\t\t\t<section class=\"elementor-section elementor-top-section elementor-element elementor-element-a600fc8 elementor-section-boxed elementor-section-height-default elementor-section-height-default\" data-id=\"a600fc8\" data-element_type=\"section\">\n\t\t\t\t\t\t<div class=\"elementor-container elementor-column-gap-default\">\n\t\t\t\t\t<div class=\"elementor-column elementor-col-100 elementor-top-column elementor-element elementor-element-aa8db11\" data-id=\"aa8db11\" data-element_type=\"column\">\n\t\t\t<div class=\"elementor-widget-wrap elementor-element-populated\">\n\t\t\t\t\t\t<div class=\"elementor-element elementor-element-299a84d elementor-widget elementor-widget-text-editor\" data-id=\"299a84d\" data-element_type=\"widget\" data-widget_type=\"text-editor.default\">\n\t\t\t\t<div class=\"elementor-widget-container\">\n\t\t\t\t\t\t\t\t\t<p>Participer \u00e0 un salon professionnel est une opportunit\u00e9 unique pour <strong>mettre en valeur votre entreprise, attirer de nouveaux clients et renforcer votre image de marque<\/strong>. La personnalisation de votre stand est une solution incontournable pour capter l\u2019int\u00e9r\u00eat et laisser une impression durable. Mais comment le faire efficacement, tout en mettant en avant vos valeurs et votre expertise et sans que cette r\u00e9alisation ne devienne une usine \u00e0 gaz ?<br \/><br \/>Chez <a href=\"https:\/\/www.macapflag.com\/\" target=\"_blank\" rel=\"noopener\"><span style=\"color: #3366ff;\"><strong>Macap<\/strong><\/span><\/a>, nous fabriquons une large gamme de supports et objets publicitaires personnalisables. Nos solutions sont pens\u00e9es pour les entreprises, afin de les accompagner pour une communication corporate personnalis\u00e9e, simple, pratique et efficace. Au fil des ann\u00e9es, notre offre produit s\u2019adapte en permanence aux besoins et aux attentes de nos clients. Nous accompagnons fr\u00e9quemment des clients qui veulent acheter un stand personnalis\u00e9 pas cher, facile \u00e0 monter et pratique \u00e0 transporter.<\/p>\t\t\t\t\t\t\t\t<\/div>\n\t\t\t\t<\/div>\n\t\t\t\t\t<\/div>\n\t\t<\/div>\n\t\t\t\t\t<\/div>\n\t\t<\/section>\n\t\t\t\t<section class=\"elementor-section elementor-top-section elementor-element elementor-element-793dc63 elementor-section-boxed elementor-section-height-default elementor-section-height-default\" data-id=\"793dc63\" data-element_type=\"section\">\n\t\t\t\t\t\t<div class=\"elementor-container elementor-column-gap-default\">\n\t\t\t\t\t<div class=\"elementor-column elementor-col-100 elementor-top-column elementor-element elementor-element-e713876\" data-id=\"e713876\" data-element_type=\"column\">\n\t\t\t<div class=\"elementor-widget-wrap elementor-element-populated\">\n\t\t\t\t\t\t<div class=\"elementor-element elementor-element-c6a64de elementor-widget elementor-widget-text-editor\" data-id=\"c6a64de\" data-element_type=\"widget\" data-widget_type=\"text-editor.default\">\n\t\t\t\t<div class=\"elementor-widget-container\">\n\t\t\t\t\t\t\t\t\t<h2>Pensez votre stand personnalis\u00e9 en fonction de son importance<\/h2>\t\t\t\t\t\t\t\t<\/div>\n\t\t\t\t<\/div>\n\t\t\t\t\t<\/div>\n\t\t<\/div>\n\t\t\t\t\t<\/div>\n\t\t<\/section>\n\t\t\t\t<section class=\"elementor-section elementor-top-section elementor-element elementor-element-857d1e8 elementor-section-boxed elementor-section-height-default elementor-section-height-default\" data-id=\"857d1e8\" data-element_type=\"section\">\n\t\t\t\t\t\t<div class=\"elementor-container elementor-column-gap-default\">\n\t\t\t\t\t<div class=\"elementor-column elementor-col-100 elementor-top-column elementor-element elementor-element-4e9a4e7\" data-id=\"4e9a4e7\" data-element_type=\"column\">\n\t\t\t<div class=\"elementor-widget-wrap elementor-element-populated\">\n\t\t\t\t\t\t<div class=\"elementor-element elementor-element-dc323f8 elementor-widget elementor-widget-text-editor\" data-id=\"dc323f8\" data-element_type=\"widget\" data-widget_type=\"text-editor.default\">\n\t\t\t\t<div class=\"elementor-widget-container\">\n\t\t\t\t\t\t\t\t\t<p>Un stand professionnel bien con\u00e7u et personnalis\u00e9 n\u2019est pas seulement un espace d\u2019exposition, c\u2019est un outil strat\u00e9gique qui raconte votre marque et v\u00e9hicule votre image hors de l\u2019entreprise.<\/p><p>Un stand personnalis\u00e9 permet de :<\/p><ul><li><strong>Attirer l\u2019attention :<\/strong> Un design unique et attrayant attire naturellement les visiteurs, vous distinguant de vos concurrents.<\/li><li><strong>Renforcer votre image de marque :<\/strong> Chaque \u00e9l\u00e9ment de votre stand (couleurs, mat\u00e9riaux, graphismes, disposition) doit refl\u00e9ter votre identit\u00e9.<\/li><li><strong>Faciliter les interactions :<\/strong> Une bonne personnalisation tient aussi compte de l\u2019am\u00e9nagement pour favoriser les \u00e9changes avec les visiteurs.<\/li><\/ul><p><strong>Conseil +<\/strong> : Utilisez les teintes de votre charte graphique pour assurer une coh\u00e9rence visuelle avec vos autres supports de communication d\u00e9j\u00e0 connus. Privil\u00e9giez des visuels \u00e9pur\u00e9s mais percutants, accompagn\u00e9s de messages clairs et concis.<br \/>Rappelez-vous que vous pouvez opter pour un stand r\u00e9utilisable au niveau de sa structure et de ses diff\u00e9rents \u00e9l\u00e9ments :<\/p>\t\t\t\t\t\t\t\t<\/div>\n\t\t\t\t<\/div>\n\t\t\t\t\t<\/div>\n\t\t<\/div>\n\t\t\t\t\t<\/div>\n\t\t<\/section>\n\t\t\t\t<section class=\"elementor-section elementor-top-section elementor-element elementor-element-ca5729d elementor-section-boxed elementor-section-height-default elementor-section-height-default\" data-id=\"ca5729d\" data-element_type=\"section\">\n\t\t\t\t\t\t<div class=\"elementor-container elementor-column-gap-default\">\n\t\t\t\t\t<div class=\"elementor-column elementor-col-100 elementor-top-column elementor-element elementor-element-690a5ca\" data-id=\"690a5ca\" data-element_type=\"column\">\n\t\t\t<div class=\"elementor-widget-wrap elementor-element-populated\">\n\t\t\t\t\t\t<div class=\"elementor-element elementor-element-2423d67 elementor-widget elementor-widget-text-editor\" data-id=\"2423d67\" data-element_type=\"widget\" data-widget_type=\"text-editor.default\">\n\t\t\t\t<div class=\"elementor-widget-container\">\n\t\t\t\t\t\t\t\t\t<h3>Choisissez des produits aux visuels interchangeables :<\/h3>\t\t\t\t\t\t\t\t<\/div>\n\t\t\t\t<\/div>\n\t\t\t\t\t<\/div>\n\t\t<\/div>\n\t\t\t\t\t<\/div>\n\t\t<\/section>\n\t\t\t\t<section class=\"elementor-section elementor-top-section elementor-element elementor-element-14edefa elementor-section-boxed elementor-section-height-default elementor-section-height-default\" data-id=\"14edefa\" data-element_type=\"section\">\n\t\t\t\t\t\t<div class=\"elementor-container elementor-column-gap-default\">\n\t\t\t\t\t<div class=\"elementor-column elementor-col-33 elementor-top-column elementor-element elementor-element-ea07ff9\" data-id=\"ea07ff9\" data-element_type=\"column\">\n\t\t\t<div class=\"elementor-widget-wrap elementor-element-populated\">\n\t\t\t\t\t\t<div class=\"elementor-element elementor-element-c99eb22 elementor-widget elementor-widget-text-editor\" data-id=\"c99eb22\" data-element_type=\"widget\" data-widget_type=\"text-editor.default\">\n\t\t\t\t<div class=\"elementor-widget-container\">\n\t\t\t\t\t\t\t\t\t<ul><li>Le stand parapluie<\/li><li>Le mur d\u2019image photocall<\/li><li>Le comptoir pliant<\/li><li>La chilienne<\/li><li>Le cube pouf<\/li><li>Le cadre toile tendue autoportant, suspendu ou mural<\/li><li>Le kit oriflamme m\u00e2t+voile+pied<\/li><\/ul>\t\t\t\t\t\t\t\t<\/div>\n\t\t\t\t<\/div>\n\t\t\t\t\t<\/div>\n\t\t<\/div>\n\t\t\t\t<div class=\"elementor-column elementor-col-66 elementor-top-column elementor-element elementor-element-6f36fc1\" data-id=\"6f36fc1\" data-element_type=\"column\">\n\t\t\t<div class=\"elementor-widget-wrap elementor-element-populated\">\n\t\t\t\t\t\t<div class=\"elementor-element elementor-element-5a3f79e elementor-widget elementor-widget-image\" data-id=\"5a3f79e\" data-element_type=\"widget\" data-widget_type=\"image.default\">\n\t\t\t\t<div class=\"elementor-widget-container\">\n\t\t\t\t\t\t\t\t\t\t\t\t<figure class=\"wp-caption\">\n\t\t\t\t\t\t\t\t\t\t\t<a href=\"https:\/\/www.macapflag.com\/roll-up-plv-expo\/85-stand-parapluie-droit-.html\" target=\"_blank\">\n\t\t\t\t\t\t\t<img fetchpriority=\"high\" decoding=\"async\" width=\"700\" height=\"534\" src=\"https:\/\/www.macapflag.com\/blog\/wp-content\/uploads\/2025\/01\/personnaliser-stand-salon-pro-1.jpg\" class=\"attachment-large size-large wp-image-19278\" alt=\"fond de stand imprim\u00e9 totalement personnalisable stand parapluie\" srcset=\"https:\/\/www.macapflag.com\/blog\/wp-content\/uploads\/2025\/01\/personnaliser-stand-salon-pro-1.jpg 700w, https:\/\/www.macapflag.com\/blog\/wp-content\/uploads\/2025\/01\/personnaliser-stand-salon-pro-1-300x229.jpg 300w\" sizes=\"(max-width: 700px) 100vw, 700px\" \/>\t\t\t\t\t\t\t\t<\/a>\n\t\t\t\t\t\t\t\t\t\t\t<figcaption class=\"widget-image-caption wp-caption-text\">Stand parapluie<\/figcaption>\n\t\t\t\t\t\t\t\t\t\t<\/figure>\n\t\t\t\t\t\t\t\t\t<\/div>\n\t\t\t\t<\/div>\n\t\t\t\t\t<\/div>\n\t\t<\/div>\n\t\t\t\t\t<\/div>\n\t\t<\/section>\n\t\t\t\t<section class=\"elementor-section elementor-top-section elementor-element elementor-element-4a7d6c9 elementor-section-boxed elementor-section-height-default elementor-section-height-default\" data-id=\"4a7d6c9\" data-element_type=\"section\">\n\t\t\t\t\t\t<div class=\"elementor-container elementor-column-gap-default\">\n\t\t\t\t\t<div class=\"elementor-column elementor-col-100 elementor-top-column elementor-element elementor-element-33cebc2\" data-id=\"33cebc2\" data-element_type=\"column\">\n\t\t\t<div class=\"elementor-widget-wrap elementor-element-populated\">\n\t\t\t\t\t\t<div class=\"elementor-element elementor-element-ec0d5ac elementor-widget elementor-widget-text-editor\" data-id=\"ec0d5ac\" data-element_type=\"widget\" data-widget_type=\"text-editor.default\">\n\t\t\t\t<div class=\"elementor-widget-container\">\n\t\t\t\t\t\t\t\t\t<h3>Choisissez des produits r\u00e9utilisables dans d\u2019autres contextes ou pour d\u2019autres \u00e9v\u00e8nements :\u00a0<\/h3>\t\t\t\t\t\t\t\t<\/div>\n\t\t\t\t<\/div>\n\t\t\t\t\t<\/div>\n\t\t<\/div>\n\t\t\t\t\t<\/div>\n\t\t<\/section>\n\t\t\t\t<section class=\"elementor-section elementor-top-section elementor-element elementor-element-eab07dd elementor-section-boxed elementor-section-height-default elementor-section-height-default\" data-id=\"eab07dd\" data-element_type=\"section\">\n\t\t\t\t\t\t<div class=\"elementor-container elementor-column-gap-default\">\n\t\t\t\t\t<div class=\"elementor-column elementor-col-66 elementor-top-column elementor-element elementor-element-d2ef004\" data-id=\"d2ef004\" data-element_type=\"column\">\n\t\t\t<div class=\"elementor-widget-wrap elementor-element-populated\">\n\t\t\t\t\t\t<div class=\"elementor-element elementor-element-2ec72c1 elementor-widget elementor-widget-image\" data-id=\"2ec72c1\" data-element_type=\"widget\" data-widget_type=\"image.default\">\n\t\t\t\t<div class=\"elementor-widget-container\">\n\t\t\t\t\t\t\t\t\t\t\t\t<figure class=\"wp-caption\">\n\t\t\t\t\t\t\t\t\t\t\t<a href=\"https:\/\/www.macapflag.com\/beach-flag-oriflamme\/239-beach-flag-oriflamme-light-kit-complet.html\" target=\"_blank\">\n\t\t\t\t\t\t\t<img decoding=\"async\" width=\"700\" height=\"534\" src=\"https:\/\/www.macapflag.com\/blog\/wp-content\/uploads\/2025\/01\/personnaliser-stand-salon-pro-6.jpg\" class=\"attachment-large size-large wp-image-19283\" alt=\"Beachflag oriflamme imprim\u00e9 pour salon\" srcset=\"https:\/\/www.macapflag.com\/blog\/wp-content\/uploads\/2025\/01\/personnaliser-stand-salon-pro-6.jpg 700w, https:\/\/www.macapflag.com\/blog\/wp-content\/uploads\/2025\/01\/personnaliser-stand-salon-pro-6-300x229.jpg 300w\" sizes=\"(max-width: 700px) 100vw, 700px\" \/>\t\t\t\t\t\t\t\t<\/a>\n\t\t\t\t\t\t\t\t\t\t\t<figcaption class=\"widget-image-caption wp-caption-text\">Beach flag Oriflamme light<\/figcaption>\n\t\t\t\t\t\t\t\t\t\t<\/figure>\n\t\t\t\t\t\t\t\t\t<\/div>\n\t\t\t\t<\/div>\n\t\t\t\t\t<\/div>\n\t\t<\/div>\n\t\t\t\t<div class=\"elementor-column elementor-col-33 elementor-top-column elementor-element elementor-element-949a7ac\" data-id=\"949a7ac\" data-element_type=\"column\">\n\t\t\t<div class=\"elementor-widget-wrap elementor-element-populated\">\n\t\t\t\t\t\t<div class=\"elementor-element elementor-element-3217639 elementor-widget elementor-widget-text-editor\" data-id=\"3217639\" data-element_type=\"widget\" data-widget_type=\"text-editor.default\">\n\t\t\t\t<div class=\"elementor-widget-container\">\n\t\t\t\t\t\t\t\t\t<ul><li>Le kit oriflamme imprim\u00e9 qui peut \u00eatre pos\u00e9 devant l\u2019entr\u00e9e de votre entreprise ou de votre magasin pour accentuer sa visibilit\u00e9.<\/li><li>Le roll up personnalis\u00e9 qui accompagne vos commerciaux dans leurs d\u00e9placements ou tr\u00f4ne dans le hall d\u2019accueil de vos locaux.<\/li><\/ul>\t\t\t\t\t\t\t\t<\/div>\n\t\t\t\t<\/div>\n\t\t\t\t\t<\/div>\n\t\t<\/div>\n\t\t\t\t\t<\/div>\n\t\t<\/section>\n\t\t\t\t<section class=\"elementor-section elementor-top-section elementor-element elementor-element-1098150 elementor-section-boxed elementor-section-height-default elementor-section-height-default\" data-id=\"1098150\" data-element_type=\"section\">\n\t\t\t\t\t\t<div class=\"elementor-container elementor-column-gap-default\">\n\t\t\t\t\t<div class=\"elementor-column elementor-col-33 elementor-top-column elementor-element elementor-element-8342274\" data-id=\"8342274\" data-element_type=\"column\">\n\t\t\t<div class=\"elementor-widget-wrap elementor-element-populated\">\n\t\t\t\t\t\t<div class=\"elementor-element elementor-element-06553d8 elementor-widget elementor-widget-text-editor\" data-id=\"06553d8\" data-element_type=\"widget\" data-widget_type=\"text-editor.default\">\n\t\t\t\t<div class=\"elementor-widget-container\">\n\t\t\t\t\t\t\t\t\t<ul><li>La nappe imprim\u00e9e qui peut recouvrir la table de la salle de r\u00e9union.<\/li><li>La chilienne personnalis\u00e9e qui peut \u00eatre install\u00e9e dans la salle de pause de l\u2019entreprise, en int\u00e9rieur comme en ext\u00e9rieur aux beaux jours.<\/li><\/ul>\t\t\t\t\t\t\t\t<\/div>\n\t\t\t\t<\/div>\n\t\t\t\t\t<\/div>\n\t\t<\/div>\n\t\t\t\t<div class=\"elementor-column elementor-col-66 elementor-top-column elementor-element elementor-element-1f5d4ed\" data-id=\"1f5d4ed\" data-element_type=\"column\">\n\t\t\t<div class=\"elementor-widget-wrap elementor-element-populated\">\n\t\t\t\t\t\t<div class=\"elementor-element elementor-element-580c538 elementor-widget elementor-widget-image\" data-id=\"580c538\" data-element_type=\"widget\" data-widget_type=\"image.default\">\n\t\t\t\t<div class=\"elementor-widget-container\">\n\t\t\t\t\t\t\t\t\t\t\t\t<figure class=\"wp-caption\">\n\t\t\t\t\t\t\t\t\t\t<img decoding=\"async\" width=\"700\" height=\"534\" src=\"https:\/\/www.macapflag.com\/blog\/wp-content\/uploads\/2025\/01\/personnaliser-stand-salon-pro-4.jpg\" class=\"attachment-large size-large wp-image-19281\" alt=\"Mobilier personnalisable corporate\" srcset=\"https:\/\/www.macapflag.com\/blog\/wp-content\/uploads\/2025\/01\/personnaliser-stand-salon-pro-4.jpg 700w, https:\/\/www.macapflag.com\/blog\/wp-content\/uploads\/2025\/01\/personnaliser-stand-salon-pro-4-300x229.jpg 300w\" sizes=\"(max-width: 700px) 100vw, 700px\" \/>\t\t\t\t\t\t\t\t\t\t\t<figcaption class=\"widget-image-caption wp-caption-text\">Pouf cube, Nappe et Chilienne <\/figcaption>\n\t\t\t\t\t\t\t\t\t\t<\/figure>\n\t\t\t\t\t\t\t\t\t<\/div>\n\t\t\t\t<\/div>\n\t\t\t\t\t<\/div>\n\t\t<\/div>\n\t\t\t\t\t<\/div>\n\t\t<\/section>\n\t\t\t\t<section class=\"elementor-section elementor-top-section elementor-element elementor-element-1bc7cd8 elementor-section-boxed elementor-section-height-default elementor-section-height-default\" data-id=\"1bc7cd8\" data-element_type=\"section\">\n\t\t\t\t\t\t<div class=\"elementor-container elementor-column-gap-default\">\n\t\t\t\t\t<div class=\"elementor-column elementor-col-66 elementor-top-column elementor-element elementor-element-0f6bc22\" data-id=\"0f6bc22\" data-element_type=\"column\">\n\t\t\t<div class=\"elementor-widget-wrap elementor-element-populated\">\n\t\t\t\t\t\t<div class=\"elementor-element elementor-element-b38bf0a elementor-widget elementor-widget-image\" data-id=\"b38bf0a\" data-element_type=\"widget\" data-widget_type=\"image.default\">\n\t\t\t\t<div class=\"elementor-widget-container\">\n\t\t\t\t\t\t\t\t\t\t\t\t<figure class=\"wp-caption\">\n\t\t\t\t\t\t\t\t\t\t\t<a href=\"https:\/\/www.macapflag.com\/roll-up-plv-expo\/184-mur-d-image-photocall-telescopique-1-face.html\" target=\"_blank\">\n\t\t\t\t\t\t\t<img loading=\"lazy\" decoding=\"async\" width=\"700\" height=\"534\" src=\"https:\/\/www.macapflag.com\/blog\/wp-content\/uploads\/2025\/01\/personnaliser-stand-salon-pro-2.jpg\" class=\"attachment-large size-large wp-image-19279\" alt=\"Mur d&#039;image photocall imprim\u00e9 totalement personnalisable\" srcset=\"https:\/\/www.macapflag.com\/blog\/wp-content\/uploads\/2025\/01\/personnaliser-stand-salon-pro-2.jpg 700w, https:\/\/www.macapflag.com\/blog\/wp-content\/uploads\/2025\/01\/personnaliser-stand-salon-pro-2-300x229.jpg 300w\" sizes=\"(max-width: 700px) 100vw, 700px\" \/>\t\t\t\t\t\t\t\t<\/a>\n\t\t\t\t\t\t\t\t\t\t\t<figcaption class=\"widget-image-caption wp-caption-text\">Mur d'image Photocall<\/figcaption>\n\t\t\t\t\t\t\t\t\t\t<\/figure>\n\t\t\t\t\t\t\t\t\t<\/div>\n\t\t\t\t<\/div>\n\t\t\t\t\t<\/div>\n\t\t<\/div>\n\t\t\t\t<div class=\"elementor-column elementor-col-33 elementor-top-column elementor-element elementor-element-025f463\" data-id=\"025f463\" data-element_type=\"column\">\n\t\t\t<div class=\"elementor-widget-wrap elementor-element-populated\">\n\t\t\t\t\t\t<div class=\"elementor-element elementor-element-0647c70 elementor-widget elementor-widget-text-editor\" data-id=\"0647c70\" data-element_type=\"widget\" data-widget_type=\"text-editor.default\">\n\t\t\t\t<div class=\"elementor-widget-container\">\n\t\t\t\t\t\t\t\t\t<ul><li>Les poufs cube et banc qui permettent aux visiteurs de s\u2019assoir en arrivant dans le hall de r\u00e9ception.<\/li><li>Le mur d\u2019image photocall qui permet de prendre en photo les clients ou les \u00e9quipes lors d\u2019\u00e9v\u00e8nements et r\u00e9ceptions au sein des locaux.<\/li><\/ul>\t\t\t\t\t\t\t\t<\/div>\n\t\t\t\t<\/div>\n\t\t\t\t\t<\/div>\n\t\t<\/div>\n\t\t\t\t\t<\/div>\n\t\t<\/section>\n\t\t\t\t<section class=\"elementor-section elementor-top-section elementor-element elementor-element-a87e2ad elementor-section-boxed elementor-section-height-default elementor-section-height-default\" data-id=\"a87e2ad\" data-element_type=\"section\">\n\t\t\t\t\t\t<div class=\"elementor-container elementor-column-gap-default\">\n\t\t\t\t\t<div class=\"elementor-column elementor-col-33 elementor-top-column elementor-element elementor-element-ee05cc6\" data-id=\"ee05cc6\" data-element_type=\"column\">\n\t\t\t<div class=\"elementor-widget-wrap elementor-element-populated\">\n\t\t\t\t\t\t<div class=\"elementor-element elementor-element-c4a893d elementor-widget elementor-widget-text-editor\" data-id=\"c4a893d\" data-element_type=\"widget\" data-widget_type=\"text-editor.default\">\n\t\t\t\t<div class=\"elementor-widget-container\">\n\t\t\t\t\t\t\t\t\t<p><strong>Un stand durable et modulable est un investissement intelligent !<\/strong><\/p>\t\t\t\t\t\t\t\t<\/div>\n\t\t\t\t<\/div>\n\t\t\t\t\t<\/div>\n\t\t<\/div>\n\t\t\t\t<div class=\"elementor-column elementor-col-66 elementor-top-column elementor-element elementor-element-0f9a301\" data-id=\"0f9a301\" data-element_type=\"column\">\n\t\t\t<div class=\"elementor-widget-wrap elementor-element-populated\">\n\t\t\t\t\t\t<div class=\"elementor-element elementor-element-fce5c27 elementor-widget elementor-widget-image\" data-id=\"fce5c27\" data-element_type=\"widget\" data-widget_type=\"image.default\">\n\t\t\t\t<div class=\"elementor-widget-container\">\n\t\t\t\t\t\t\t\t\t\t\t\t<figure class=\"wp-caption\">\n\t\t\t\t\t\t\t\t\t\t\t<a href=\"https:\/\/www.macapflag.com\/roll-up-plv-expo\/791892-comptoir-pliable-avec-tablette-pliable.html\" target=\"_blank\">\n\t\t\t\t\t\t\t<img loading=\"lazy\" decoding=\"async\" width=\"700\" height=\"534\" src=\"https:\/\/www.macapflag.com\/blog\/wp-content\/uploads\/2025\/01\/personnaliser-stand-salon-pro-3.jpg\" class=\"attachment-large size-large wp-image-19280\" alt=\"Comptoir pliant imprim\u00e9 totalement personnalisable\" srcset=\"https:\/\/www.macapflag.com\/blog\/wp-content\/uploads\/2025\/01\/personnaliser-stand-salon-pro-3.jpg 700w, https:\/\/www.macapflag.com\/blog\/wp-content\/uploads\/2025\/01\/personnaliser-stand-salon-pro-3-300x229.jpg 300w\" sizes=\"(max-width: 700px) 100vw, 700px\" \/>\t\t\t\t\t\t\t\t<\/a>\n\t\t\t\t\t\t\t\t\t\t\t<figcaption class=\"widget-image-caption wp-caption-text\">Comptoir pliant avec tablette<\/figcaption>\n\t\t\t\t\t\t\t\t\t\t<\/figure>\n\t\t\t\t\t\t\t\t\t<\/div>\n\t\t\t\t<\/div>\n\t\t\t\t\t<\/div>\n\t\t<\/div>\n\t\t\t\t\t<\/div>\n\t\t<\/section>\n\t\t\t\t<section class=\"elementor-section elementor-top-section elementor-element elementor-element-84f9768 elementor-section-boxed elementor-section-height-default elementor-section-height-default\" data-id=\"84f9768\" data-element_type=\"section\">\n\t\t\t\t\t\t<div class=\"elementor-container elementor-column-gap-default\">\n\t\t\t\t\t<div class=\"elementor-column elementor-col-100 elementor-top-column elementor-element elementor-element-ed025ec\" data-id=\"ed025ec\" data-element_type=\"column\">\n\t\t\t<div class=\"elementor-widget-wrap elementor-element-populated\">\n\t\t\t\t\t\t<div class=\"elementor-element elementor-element-3ae5eeb elementor-widget elementor-widget-spacer\" data-id=\"3ae5eeb\" data-element_type=\"widget\" data-widget_type=\"spacer.default\">\n\t\t\t\t<div class=\"elementor-widget-container\">\n\t\t\t\t\t\t\t<div class=\"elementor-spacer\">\n\t\t\t<div class=\"elementor-spacer-inner\"><\/div>\n\t\t<\/div>\n\t\t\t\t\t\t<\/div>\n\t\t\t\t<\/div>\n\t\t\t\t\t<\/div>\n\t\t<\/div>\n\t\t\t\t\t<\/div>\n\t\t<\/section>\n\t\t\t\t<section class=\"elementor-section elementor-top-section elementor-element elementor-element-7be1258 elementor-section-boxed elementor-section-height-default elementor-section-height-default\" data-id=\"7be1258\" data-element_type=\"section\">\n\t\t\t\t\t\t<div class=\"elementor-container elementor-column-gap-default\">\n\t\t\t\t\t<div class=\"elementor-column elementor-col-100 elementor-top-column elementor-element elementor-element-bbee84f\" data-id=\"bbee84f\" data-element_type=\"column\">\n\t\t\t<div class=\"elementor-widget-wrap elementor-element-populated\">\n\t\t\t\t\t\t<div class=\"elementor-element elementor-element-58cda94 elementor-widget elementor-widget-text-editor\" data-id=\"58cda94\" data-element_type=\"widget\" data-widget_type=\"text-editor.default\">\n\t\t\t\t<div class=\"elementor-widget-container\">\n\t\t\t\t\t\t\t\t\t<h2>Choisir Macap, fabricant fran\u00e7ais pour votre stand personnalis\u00e9 <\/h2>\t\t\t\t\t\t\t\t<\/div>\n\t\t\t\t<\/div>\n\t\t\t\t\t<\/div>\n\t\t<\/div>\n\t\t\t\t\t<\/div>\n\t\t<\/section>\n\t\t\t\t<section class=\"elementor-section elementor-top-section elementor-element elementor-element-2e0724e elementor-section-boxed elementor-section-height-default elementor-section-height-default\" data-id=\"2e0724e\" data-element_type=\"section\">\n\t\t\t\t\t\t<div class=\"elementor-container elementor-column-gap-default\">\n\t\t\t\t\t<div class=\"elementor-column elementor-col-100 elementor-top-column elementor-element elementor-element-0138bc9\" data-id=\"0138bc9\" data-element_type=\"column\">\n\t\t\t<div class=\"elementor-widget-wrap elementor-element-populated\">\n\t\t\t\t\t\t<div class=\"elementor-element elementor-element-55d564e elementor-widget elementor-widget-text-editor\" data-id=\"55d564e\" data-element_type=\"widget\" data-widget_type=\"text-editor.default\">\n\t\t\t\t<div class=\"elementor-widget-container\">\n\t\t\t\t\t\t\t\t\t<p>Collaborer avec un fabricant fran\u00e7ais pr\u00e9sente plusieurs avantages. Ils vous permettent de mettre tous les atouts de votre c\u00f4t\u00e9, tant au niveau de la qualit\u00e9, que de la durabilit\u00e9 et de l\u2019impact de votre stand :<\/p><ul><li><strong>Une expertise locale :<\/strong> Un fabricant fran\u00e7ais comme Macap est habitu\u00e9 \u00e0 travailler avec le monde de l\u2019\u00e9v\u00e8nementiel. Nos \u00e9quipes ma\u00eetrisent les tendances et les attentes du march\u00e9, elles vous accompagnent pour cr\u00e9er un stand parfaitement adapt\u00e9 au public et au salon cibl\u00e9. <br \/>Les bureaux de nos huit technico-commerciaux jouxtent les ateliers de production bas\u00e9s \u00e0 Cuers dans le Var. Cette configuration leur permet de gagner en efficacit\u00e9 et en circulation de l\u2019information pour traduire vos id\u00e9es en un stand optimis\u00e9, esth\u00e9tique et robuste.<br \/><br \/><\/li><li><strong>Une qualit\u00e9 sup\u00e9rieure reconnue :<\/strong> En choisissant un fabricant fran\u00e7ais certifi\u00e9, vous profitez d\u2019un savoir-faire reconnu, du choix sans appel des mat\u00e9riaux, d\u2019une personnalisation impeccable effectu\u00e9e en France et d\u2019un respect strict des normes. Macap est la premi\u00e8re entreprise de son secteur \u00e0 b\u00e9n\u00e9ficier de la triple certification ISO 9001, 14001 et 45001.<br \/><br \/><\/li><li><strong>Des d\u00e9lais ma\u00eetris\u00e9s :<\/strong> Gr\u00e2ce \u00e0 une proximit\u00e9 g\u00e9ographique, les d\u00e9lais de production et de livraison sont r\u00e9duits, vous garantissant une tranquillit\u00e9 d\u2019esprit. Nous disposons d\u2019un stock de structures et de mati\u00e8res premi\u00e8res cons\u00e9quent et d\u2019un parc d\u2019imprimantes textile num\u00e9riques grand format performantes. Notre organisation nous permet d\u2019honorer les d\u00e9lais les plus serr\u00e9s !<br \/><br \/><\/li><li><strong>Un engagement \u00e9coresponsable :<\/strong> Travailler avec un fabricant fran\u00e7ais limite l\u2019empreinte carbone li\u00e9e au transport et favorise le circuit court. Cet aspect qui allie respect de l\u2019environnement et r\u00e9activit\u00e9 est de plus en plus appr\u00e9ci\u00e9 par vos partenaires et clients.<br \/><br \/><\/li><li><strong>Un large choix de supports totalement personnalisables et assortis entre eux :<\/strong> Du <a href=\"https:\/\/www.macapflag.com\/91-chaise-publicitaire-cube-pouf\" target=\"_blank\" rel=\"noopener\"><span style=\"color: #3366ff;\"><strong>mobilier personnalis\u00e9<\/strong><\/span><\/a> \u00e0 la <a href=\"https:\/\/www.macapflag.com\/76-nappe-personnalisee\" target=\"_blank\" rel=\"noopener\"><span style=\"color: #3366ff;\"><strong>nappe<\/strong><\/span><\/a>, en passant par le <a href=\"https:\/\/www.macapflag.com\/roll-up-plv-expo\/791892-comptoir-pliable-avec-tablette-pliable.html\" target=\"_blank\" rel=\"noopener\"><strong><span style=\"color: #3366ff;\">comptoir<\/span><\/strong><\/a> et le <a href=\"https:\/\/www.macapflag.com\/roll-up-plv-expo\/85-stand-parapluie-droit-.html\" target=\"_blank\" rel=\"noopener\"><span style=\"color: #3366ff;\"><strong>stand parapluie<\/strong><\/span><\/a>, tous ces \u00e9l\u00e9ments sont vendus directement par Macap. Cette offre globale vous permet d\u2019effectuer tous vos achats au m\u00eame endroit et gagner ainsi un temps pr\u00e9cieux. Tous les \u00e9l\u00e9ments de votre stand sont \u00e9galement personnalis\u00e9s par impression num\u00e9rique haute d\u00e9finition dans nos ateliers varois. Cette unit\u00e9 de lieu et de personnalisation vous permet d\u2019assortir les supports entre eux pour cr\u00e9er un v\u00e9ritable univers autour de votre marque.<\/li><\/ul><p>Nous vous donnons <strong>rendez-vous \u00e0 la rubrique <a href=\"https:\/\/www.macapflag.com\/364-stand-plv-expo\" target=\"_blank\" rel=\"noopener\"><span style=\"color: #3366ff;\">Stand PLV Expo<\/span><\/a><\/strong> du site internet Macap ou par t\u00e9l\u00e9phone au 04 94 48 50 57.Un interlocuteur d\u00e9di\u00e9 se fera un plaisir de r\u00e9pondre \u00e0 vos questions et de vous accompagner dans une cr\u00e9ation de stand 100\u2009% personnalis\u00e9e \u00e0 votre image.<\/p>\t\t\t\t\t\t\t\t<\/div>\n\t\t\t\t<\/div>\n\t\t\t\t\t<\/div>\n\t\t<\/div>\n\t\t\t\t\t<\/div>\n\t\t<\/section>\n\t\t\t\t<section class=\"elementor-section elementor-top-section elementor-element elementor-element-cb6493c elementor-section-boxed elementor-section-height-default elementor-section-height-default\" data-id=\"cb6493c\" data-element_type=\"section\">\n\t\t\t\t\t\t<div class=\"elementor-container elementor-column-gap-default\">\n\t\t\t\t\t<div class=\"elementor-column elementor-col-100 elementor-top-column elementor-element elementor-element-a435f7d\" data-id=\"a435f7d\" data-element_type=\"column\">\n\t\t\t<div class=\"elementor-widget-wrap elementor-element-populated\">\n\t\t\t\t\t\t<div class=\"elementor-element elementor-element-26368d9 elementor-widget-divider--view-line elementor-widget elementor-widget-divider\" data-id=\"26368d9\" data-element_type=\"widget\" data-widget_type=\"divider.default\">\n\t\t\t\t<div class=\"elementor-widget-container\">\n\t\t\t\t\t\t\t<div class=\"elementor-divider\">\n\t\t\t<span class=\"elementor-divider-separator\">\n\t\t\t\t\t\t<\/span>\n\t\t<\/div>\n\t\t\t\t\t\t<\/div>\n\t\t\t\t<\/div>\n\t\t\t\t\t<\/div>\n\t\t<\/div>\n\t\t\t\t\t<\/div>\n\t\t<\/section>\n\t\t\t\t<section class=\"elementor-section elementor-top-section elementor-element elementor-element-ad472c1 elementor-section-boxed elementor-section-height-default elementor-section-height-default\" data-id=\"ad472c1\" data-element_type=\"section\">\n\t\t\t\t\t\t<div class=\"elementor-container elementor-column-gap-default\">\n\t\t\t\t\t<div class=\"elementor-column elementor-col-100 elementor-top-column elementor-element elementor-element-cc9e805\" data-id=\"cc9e805\" data-element_type=\"column\">\n\t\t\t<div class=\"elementor-widget-wrap elementor-element-populated\">\n\t\t\t\t\t\t<div class=\"elementor-element elementor-element-8c7413b elementor-widget elementor-widget-text-editor\" data-id=\"8c7413b\" data-element_type=\"widget\" data-widget_type=\"text-editor.default\">\n\t\t\t\t<div class=\"elementor-widget-container\">\n\t\t\t\t\t\t\t\t\t<h2>Plus d\u2019astuces et d\u2019infos utiles sur les stands personnalis\u00e9s ?<\/h2>\t\t\t\t\t\t\t\t<\/div>\n\t\t\t\t<\/div>\n\t\t\t\t\t<\/div>\n\t\t<\/div>\n\t\t\t\t\t<\/div>\n\t\t<\/section>\n\t\t\t\t<section class=\"elementor-section elementor-top-section elementor-element elementor-element-0962318 elementor-section-boxed elementor-section-height-default elementor-section-height-default\" data-id=\"0962318\" data-element_type=\"section\">\n\t\t\t\t\t\t<div class=\"elementor-container elementor-column-gap-default\">\n\t\t\t\t\t<div class=\"elementor-column elementor-col-100 elementor-top-column elementor-element elementor-element-d7b6991\" data-id=\"d7b6991\" data-element_type=\"column\">\n\t\t\t<div class=\"elementor-widget-wrap elementor-element-populated\">\n\t\t\t\t\t\t<div class=\"elementor-element elementor-element-3d1ecd3 elementor-widget elementor-widget-text-editor\" data-id=\"3d1ecd3\" data-element_type=\"widget\" data-widget_type=\"text-editor.default\">\n\t\t\t\t<div class=\"elementor-widget-container\">\n\t\t\t\t\t\t\t\t\t<p><strong>Retrouvez nos articles sur ce sujet :<\/strong><\/p><ul><li><a href=\"https:\/\/www.macapflag.com\/blog\/stand-pas-cher\/\" target=\"_blank\" rel=\"noopener\"><span style=\"color: #3366ff;\"><strong>La communication de votre stand \u00e0 moins de 160 \u20ac !<\/strong><\/span>\u00a0<\/a><\/li><li><a href=\"https:\/\/www.macapflag.com\/blog\/stands-et-salons\/\" target=\"_blank\" rel=\"noopener\"><strong><span style=\"color: #3366ff;\">Stands &amp; Salons, une solution en 15 mn chrono, \u00e7a vous tente ?<\/span><\/strong>\u00a0<\/a><\/li><li><a href=\"https:\/\/www.macapflag.com\/blog\/stand-personnalise-pas-cher\/\" target=\"_blank\" rel=\"noopener\"><strong><span style=\"color: #3366ff;\">Comment cr\u00e9er un stand personnalis\u00e9 professionnel qualitatif et pas cher\u00a0<\/span><\/strong><\/a><\/li><li><a href=\"https:\/\/www.macapflag.com\/blog\/stand-parapluie\/\" target=\"_blank\" rel=\"noopener\"><strong><span style=\"color: #3366ff;\">Focus sur le stand parapluie\u00a0<\/span><\/strong><\/a><\/li><li><a href=\"https:\/\/www.macapflag.com\/blog\/stand-parapluie-mur-d-image\/\" target=\"_blank\" rel=\"noopener\"><strong><span style=\"color: #3366ff;\">Mur d\u2019image ou stand parapluie ?\u00a0<\/span><\/strong><\/a><\/li><\/ul>\t\t\t\t\t\t\t\t<\/div>\n\t\t\t\t<\/div>\n\t\t\t\t\t<\/div>\n\t\t<\/div>\n\t\t\t\t\t<\/div>\n\t\t<\/section>\n\t\t\t\t<section class=\"elementor-section elementor-top-section elementor-element elementor-element-a09badc elementor-section-boxed elementor-section-height-default elementor-section-height-default\" data-id=\"a09badc\" data-element_type=\"section\">\n\t\t\t\t\t\t<div class=\"elementor-container elementor-column-gap-default\">\n\t\t\t\t\t<div class=\"elementor-column elementor-col-100 elementor-top-column elementor-element elementor-element-639e3c2\" data-id=\"639e3c2\" data-element_type=\"column\">\n\t\t\t<div class=\"elementor-widget-wrap elementor-element-populated\">\n\t\t\t\t\t\t<div class=\"elementor-element elementor-element-8a0bb66 elementor-widget elementor-widget-text-editor\" data-id=\"8a0bb66\" data-element_type=\"widget\" data-widget_type=\"text-editor.default\">\n\t\t\t\t<div class=\"elementor-widget-container\">\n\t\t\t\t\t\t\t\t\t<h2>Achetez en ligne les \u00e9l\u00e9ments personnalis\u00e9s de votre stand assortis entre eux :<\/h2>\t\t\t\t\t\t\t\t<\/div>\n\t\t\t\t<\/div>\n\t\t\t\t\t<\/div>\n\t\t<\/div>\n\t\t\t\t\t<\/div>\n\t\t<\/section>\n\t\t\t\t<section class=\"elementor-section elementor-top-section elementor-element elementor-element-0489a1e elementor-section-boxed elementor-section-height-default elementor-section-height-default\" data-id=\"0489a1e\" data-element_type=\"section\">\n\t\t\t\t\t\t<div class=\"elementor-container elementor-column-gap-default\">\n\t\t\t\t\t<div class=\"elementor-column elementor-col-33 elementor-top-column elementor-element elementor-element-feddc4c\" data-id=\"feddc4c\" data-element_type=\"column\">\n\t\t\t<div class=\"elementor-widget-wrap elementor-element-populated\">\n\t\t\t\t\t\t<div class=\"elementor-element elementor-element-fc0b4cd elementor-widget elementor-widget-shortcode\" data-id=\"fc0b4cd\" data-element_type=\"widget\" data-widget_type=\"shortcode.default\">\n\t\t\t\t<div class=\"elementor-widget-container\">\n\t\t\t\t\t\t\t<div class=\"elementor-shortcode\"><div class=\"container p-0 m-0\">\n    <div class=\"row m-0 border\">\n        <div class=\"col-12 grid-didpd-body text-center\">\n            <img decoding=\"async\" src=\"https:\/\/www.macapflag.com\/1861258-home_default\/stand-parapluie-droit-.jpg\" alt=\"Stand parapluie autoportant\" class=\"mx-auto\" \/>\n            <div class=\"grid-didpd-text\">\n                <a href=\"https:\/\/www.macapflag.com\/roll-up-plv-expo\/85-stand-parapluie-droit-.html\" target=\"_blank\" class=\"stretched-link\">\n                    <h3>Stand parapluie autoportant<\/h3>\n                <\/a>\n            <\/div>\n                        <p class=\"text-center font-weight-bold\">410,00 \u20ac HT<\/p>            <div class=\"text-center\">\n                <button class=\"btn btn-primary\">Vente en ligne<\/button>\n            <\/div>\n        <\/div>\n    <\/div>\n<\/div>\n<\/div>\n\t\t\t\t\t\t<\/div>\n\t\t\t\t<\/div>\n\t\t\t\t\t<\/div>\n\t\t<\/div>\n\t\t\t\t<div class=\"elementor-column elementor-col-33 elementor-top-column elementor-element elementor-element-2c448e0\" data-id=\"2c448e0\" data-element_type=\"column\">\n\t\t\t<div class=\"elementor-widget-wrap elementor-element-populated\">\n\t\t\t\t\t\t<div class=\"elementor-element elementor-element-08d5916 elementor-widget elementor-widget-shortcode\" data-id=\"08d5916\" data-element_type=\"widget\" data-widget_type=\"shortcode.default\">\n\t\t\t\t<div class=\"elementor-widget-container\">\n\t\t\t\t\t\t\t<div class=\"elementor-shortcode\"><div class=\"container p-0 m-0\">\n    <div class=\"row m-0 border\">\n        <div class=\"col-12 grid-didpd-body text-center\">\n            <img decoding=\"async\" src=\"https:\/\/www.macapflag.com\/1853049-home_default\/cadre-toile-tendue-retroeclaire-autoportant-utilisation-interieure.jpg\" alt=\"Cadre r&eacute;tro&eacute;clair&eacute; autoportant\" class=\"mx-auto\" \/>\n            <div class=\"grid-didpd-text\">\n                <a href=\"https:\/\/www.macapflag.com\/cadre-toile-tendue\/790449-cadre-toile-tendue-retroeclaire-autoportant-utilisation-interieure.html\" target=\"_blank\" class=\"stretched-link\">\n                    <h3>Cadre r\u00e9tro\u00e9clair\u00e9 autoportant<\/h3>\n                <\/a>\n            <\/div>\n                        <p class=\"text-center font-weight-bold\">365,00 \u20ac HT<\/p>            <div class=\"text-center\">\n                <button class=\"btn btn-primary\">Vente en ligne<\/button>\n            <\/div>\n        <\/div>\n    <\/div>\n<\/div>\n<\/div>\n\t\t\t\t\t\t<\/div>\n\t\t\t\t<\/div>\n\t\t\t\t\t<\/div>\n\t\t<\/div>\n\t\t\t\t<div class=\"elementor-column elementor-col-33 elementor-top-column elementor-element elementor-element-baf6c4e\" data-id=\"baf6c4e\" data-element_type=\"column\">\n\t\t\t<div class=\"elementor-widget-wrap elementor-element-populated\">\n\t\t\t\t\t\t<div class=\"elementor-element elementor-element-e69c4d4 elementor-widget elementor-widget-shortcode\" data-id=\"e69c4d4\" data-element_type=\"widget\" data-widget_type=\"shortcode.default\">\n\t\t\t\t<div class=\"elementor-widget-container\">\n\t\t\t\t\t\t\t<div class=\"elementor-shortcode\"><div class=\"container p-0 m-0\">\n    <div class=\"row m-0 border\">\n        <div class=\"col-12 grid-didpd-body text-center\">\n            <img decoding=\"async\" src=\"https:\/\/www.macapflag.com\/1861262-home_default\/x-banner.jpg\" alt=\"X banner transportable autoportant\" class=\"mx-auto\" \/>\n            <div class=\"grid-didpd-text\">\n                <a href=\"https:\/\/www.macapflag.com\/roll-up-plv-expo\/83-x-banner.html\" target=\"_blank\" class=\"stretched-link\">\n                    <h3>X banner transportable autoportant<\/h3>\n                <\/a>\n            <\/div>\n                        <p class=\"text-center font-weight-bold\">36,00 \u20ac HT<\/p>            <div class=\"text-center\">\n                <button class=\"btn btn-primary\">Vente en ligne<\/button>\n            <\/div>\n        <\/div>\n    <\/div>\n<\/div>\n<\/div>\n\t\t\t\t\t\t<\/div>\n\t\t\t\t<\/div>\n\t\t\t\t\t<\/div>\n\t\t<\/div>\n\t\t\t\t\t<\/div>\n\t\t<\/section>\n\t\t\t\t<section class=\"elementor-section elementor-top-section elementor-element elementor-element-4a693d3 elementor-section-boxed elementor-section-height-default elementor-section-height-default\" data-id=\"4a693d3\" data-element_type=\"section\">\n\t\t\t\t\t\t<div class=\"elementor-container elementor-column-gap-default\">\n\t\t\t\t\t<div class=\"elementor-column elementor-col-33 elementor-top-column elementor-element elementor-element-e8cd960\" data-id=\"e8cd960\" data-element_type=\"column\">\n\t\t\t<div class=\"elementor-widget-wrap elementor-element-populated\">\n\t\t\t\t\t\t<div class=\"elementor-element elementor-element-fe4f2cb elementor-widget elementor-widget-shortcode\" data-id=\"fe4f2cb\" data-element_type=\"widget\" data-widget_type=\"shortcode.default\">\n\t\t\t\t<div class=\"elementor-widget-container\">\n\t\t\t\t\t\t\t<div class=\"elementor-shortcode\"><div class=\"container p-0 m-0\">\n    <div class=\"row m-0 border\">\n        <div class=\"col-12 grid-didpd-body text-center\">\n            <img decoding=\"async\" src=\"https:\/\/www.macapflag.com\/1861362-home_default\/comptoir-pliable-avec-tablette-pliable.jpg\" alt=\"Comptoir pliable avec tablette\" class=\"mx-auto\" \/>\n            <div class=\"grid-didpd-text\">\n                <a href=\"https:\/\/www.macapflag.com\/roll-up-plv-expo\/791892-comptoir-pliable-avec-tablette-pliable.html\" target=\"_blank\" class=\"stretched-link\">\n                    <h3>Comptoir pliable avec tablette<\/h3>\n                <\/a>\n            <\/div>\n                        <p class=\"text-center font-weight-bold\">275,00 \u20ac HT<\/p>            <div class=\"text-center\">\n                <button class=\"btn btn-primary\">Vente en ligne<\/button>\n            <\/div>\n        <\/div>\n    <\/div>\n<\/div>\n<\/div>\n\t\t\t\t\t\t<\/div>\n\t\t\t\t<\/div>\n\t\t\t\t\t<\/div>\n\t\t<\/div>\n\t\t\t\t<div class=\"elementor-column elementor-col-33 elementor-top-column elementor-element elementor-element-b06da94\" data-id=\"b06da94\" data-element_type=\"column\">\n\t\t\t<div class=\"elementor-widget-wrap elementor-element-populated\">\n\t\t\t\t\t\t<div class=\"elementor-element elementor-element-a1f52bd elementor-widget elementor-widget-shortcode\" data-id=\"a1f52bd\" data-element_type=\"widget\" data-widget_type=\"shortcode.default\">\n\t\t\t\t<div class=\"elementor-widget-container\">\n\t\t\t\t\t\t\t<div class=\"elementor-shortcode\"><div class=\"container p-0 m-0\">\n    <div class=\"row m-0 border\">\n        <div class=\"col-12 grid-didpd-body text-center\">\n            <img decoding=\"async\" src=\"https:\/\/www.macapflag.com\/1860447-home_default\/roll-up-standard-.jpg\" alt=\"Rollup transportable autoportant\" class=\"mx-auto\" \/>\n            <div class=\"grid-didpd-text\">\n                <a href=\"https:\/\/www.macapflag.com\/roll-up-plv-expo\/81-roll-up-standard-.html\" target=\"_blank\" class=\"stretched-link\">\n                    <h3>Rollup transportable autoportant<\/h3>\n                <\/a>\n            <\/div>\n                        <p class=\"text-center font-weight-bold\">54,00 \u20ac HT<\/p>            <div class=\"text-center\">\n                <button class=\"btn btn-primary\">Vente en ligne<\/button>\n            <\/div>\n        <\/div>\n    <\/div>\n<\/div>\n<\/div>\n\t\t\t\t\t\t<\/div>\n\t\t\t\t<\/div>\n\t\t\t\t\t<\/div>\n\t\t<\/div>\n\t\t\t\t<div class=\"elementor-column elementor-col-33 elementor-top-column elementor-element elementor-element-90bca30\" data-id=\"90bca30\" data-element_type=\"column\">\n\t\t\t<div class=\"elementor-widget-wrap elementor-element-populated\">\n\t\t\t\t\t\t<div class=\"elementor-element elementor-element-be93331 elementor-widget elementor-widget-shortcode\" data-id=\"be93331\" data-element_type=\"widget\" data-widget_type=\"shortcode.default\">\n\t\t\t\t<div class=\"elementor-widget-container\">\n\t\t\t\t\t\t\t<div class=\"elementor-shortcode\"><div class=\"container p-0 m-0\">\n    <div class=\"row m-0 border\">\n        <div class=\"col-12 grid-didpd-body text-center\">\n            <img decoding=\"async\" src=\"https:\/\/www.macapflag.com\/1859564-home_default\/mur-d-image-photocall-autoportant-1-ou-2-faces.jpg\" alt=\"Cadre r&eacute;tro&eacute;clair&eacute; autoportant\" class=\"mx-auto\" \/>\n            <div class=\"grid-didpd-text\">\n                <a href=\"https:\/\/www.macapflag.com\/roll-up-plv-expo\/792227-mur-d-image-photocall-autoportant-1-ou-2-faces.html\" target=\"_blank\" class=\"stretched-link\">\n                    <h3>Cadre r\u00e9tro\u00e9clair\u00e9 autoportant<\/h3>\n                <\/a>\n            <\/div>\n                        <p class=\"text-center font-weight-bold\">445,00 \u20ac HT<\/p>            <div class=\"text-center\">\n                <button class=\"btn btn-primary\">Vente en ligne<\/button>\n            <\/div>\n        <\/div>\n    <\/div>\n<\/div>\n<\/div>\n\t\t\t\t\t\t<\/div>\n\t\t\t\t<\/div>\n\t\t\t\t\t<\/div>\n\t\t<\/div>\n\t\t\t\t\t<\/div>\n\t\t<\/section>\n\t\t\t\t<section class=\"elementor-section elementor-top-section elementor-element elementor-element-fe29bd9 elementor-section-boxed elementor-section-height-default elementor-section-height-default\" data-id=\"fe29bd9\" data-element_type=\"section\">\n\t\t\t\t\t\t<div class=\"elementor-container elementor-column-gap-default\">\n\t\t\t\t\t<div class=\"elementor-column elementor-col-33 elementor-top-column elementor-element elementor-element-a7ff098\" data-id=\"a7ff098\" data-element_type=\"column\">\n\t\t\t<div class=\"elementor-widget-wrap elementor-element-populated\">\n\t\t\t\t\t\t<div class=\"elementor-element elementor-element-a9cb69e elementor-widget elementor-widget-shortcode\" data-id=\"a9cb69e\" data-element_type=\"widget\" data-widget_type=\"shortcode.default\">\n\t\t\t\t<div class=\"elementor-widget-container\">\n\t\t\t\t\t\t\t<div class=\"elementor-shortcode\"><div class=\"container p-0 m-0\">\n    <div class=\"row m-0 border\">\n        <div class=\"col-12 grid-didpd-body text-center\">\n            <img decoding=\"async\" src=\"https:\/\/www.macapflag.com\/1861284-home_default\/chaise-chilienne.jpg\" alt=\"Chilienne transat pliante personnalis&eacute;e\" class=\"mx-auto\" \/>\n            <div class=\"grid-didpd-text\">\n                <a href=\"https:\/\/www.macapflag.com\/chaise-publicitaire-cube-pouf\/103-chaise-chilienne.html\" target=\"_blank\" class=\"stretched-link\">\n                    <h3>Chilienne transat pliante personnalis\u00e9e<\/h3>\n                <\/a>\n            <\/div>\n                        <p class=\"text-center font-weight-bold\">72,00 \u20ac HT<\/p>            <div class=\"text-center\">\n                <button class=\"btn btn-primary\">Vente en ligne<\/button>\n            <\/div>\n        <\/div>\n    <\/div>\n<\/div>\n<\/div>\n\t\t\t\t\t\t<\/div>\n\t\t\t\t<\/div>\n\t\t\t\t\t<\/div>\n\t\t<\/div>\n\t\t\t\t<div class=\"elementor-column elementor-col-33 elementor-top-column elementor-element elementor-element-84157d1\" data-id=\"84157d1\" data-element_type=\"column\">\n\t\t\t<div class=\"elementor-widget-wrap elementor-element-populated\">\n\t\t\t\t\t\t<div class=\"elementor-element elementor-element-17f3487 elementor-widget elementor-widget-shortcode\" data-id=\"17f3487\" data-element_type=\"widget\" data-widget_type=\"shortcode.default\">\n\t\t\t\t<div class=\"elementor-widget-container\">\n\t\t\t\t\t\t\t<div class=\"elementor-shortcode\"><div class=\"container p-0 m-0\">\n    <div class=\"row m-0 border\">\n        <div class=\"col-12 grid-didpd-body text-center\">\n            <img decoding=\"async\" src=\"https:\/\/www.macapflag.com\/1861239-home_default\/cube-pouf.jpg\" alt=\"Pouf cube textile personnalis&eacute;e\" class=\"mx-auto\" \/>\n            <div class=\"grid-didpd-text\">\n                <a href=\"https:\/\/www.macapflag.com\/chaise-publicitaire-cube-pouf\/102-cube-pouf.html\" target=\"_blank\" class=\"stretched-link\">\n                    <h3>Pouf cube textile personnalis\u00e9e<\/h3>\n                <\/a>\n            <\/div>\n                        <p class=\"text-center font-weight-bold\">75,00 \u20ac HT<\/p>            <div class=\"text-center\">\n                <button class=\"btn btn-primary\">Vente en ligne<\/button>\n            <\/div>\n        <\/div>\n    <\/div>\n<\/div>\n<\/div>\n\t\t\t\t\t\t<\/div>\n\t\t\t\t<\/div>\n\t\t\t\t\t<\/div>\n\t\t<\/div>\n\t\t\t\t<div class=\"elementor-column elementor-col-33 elementor-top-column elementor-element elementor-element-85d4a02\" data-id=\"85d4a02\" data-element_type=\"column\">\n\t\t\t<div class=\"elementor-widget-wrap elementor-element-populated\">\n\t\t\t\t\t\t<div class=\"elementor-element elementor-element-0cb6f93 elementor-widget elementor-widget-shortcode\" data-id=\"0cb6f93\" data-element_type=\"widget\" data-widget_type=\"shortcode.default\">\n\t\t\t\t<div class=\"elementor-widget-container\">\n\t\t\t\t\t\t\t<div class=\"elementor-shortcode\"><div class=\"container p-0 m-0\">\n    <div class=\"row m-0 border\">\n        <div class=\"col-12 grid-didpd-body text-center\">\n            <img decoding=\"async\" src=\"https:\/\/www.macapflag.com\/1859558-home_default\/nappe-personnalisee-carree-.jpg\" alt=\"Nape imprim&eacute;e format carr&eacute; 100x100 cm\" class=\"mx-auto\" \/>\n            <div class=\"grid-didpd-text\">\n                <a href=\"https:\/\/www.macapflag.com\/nappe-personnalisee\/792223-nappe-personnalisee-carree-.html\" target=\"_blank\" class=\"stretched-link\">\n                    <h3>Nape imprim\u00e9e format carr\u00e9 100x100 cm<\/h3>\n                <\/a>\n            <\/div>\n                        <p class=\"text-center font-weight-bold\">32,00 \u20ac HT<\/p>            <div class=\"text-center\">\n                <button class=\"btn btn-primary\">Vente en ligne<\/button>\n            <\/div>\n        <\/div>\n    <\/div>\n<\/div>\n<\/div>\n\t\t\t\t\t\t<\/div>\n\t\t\t\t<\/div>\n\t\t\t\t\t<\/div>\n\t\t<\/div>\n\t\t\t\t\t<\/div>\n\t\t<\/section>\n\t\t\t\t<\/div>\n\t\t","protected":false},"excerpt":{"rendered":"<div class=\"tmnf_excerpt\"><p>Participer \u00e0 un salon professionnel est une opportunit\u00e9 unique pour mettre en valeur votre entreprise, attirer de nouveaux clients et renforcer votre image de marque. La personnalisation de votre stand est une solution incontournable pour capter l\u2019int\u00e9r\u00eat et laisser une impression durable. Mais comment le faire efficacement, tout en mettant en avant vos valeurs et &hellip;<\/p>\n<\/div>","protected":false},"author":2,"featured_media":19284,"comment_status":"closed","ping_status":"open","sticky":false,"template":"template-fullwidth.php","format":"standard","meta":{"footnotes":""},"categories":[93],"tags":[],"class_list":["post-19289","post","type-post","status-publish","format-standard","has-post-thumbnail","hentry","category-com"],"yoast_head":"<!-- This site is optimized with the Yoast SEO plugin v26.4 - https:\/\/yoast.com\/wordpress\/plugins\/seo\/ -->\n<title>un stand de salon professionnel personnalis\u00e9 efficace et pratique<\/title>\n<meta name=\"description\" content=\"Comment cr\u00e9er un stand personnalis\u00e9, efficace et pratique pour un salon professionnel ? Toutes nos bonnes id\u00e9es et astuces\" \/>\n<meta name=\"robots\" content=\"index, follow, max-snippet:-1, max-image-preview:large, max-video-preview:-1\" \/>\n<link rel=\"canonical\" href=\"https:\/\/www.macapflag.com\/blog\/comment-personnaliser-efficacement-votre-stand-pour-un-salon-professionnel\/\" \/>\n<meta property=\"og:locale\" content=\"fr_FR\" \/>\n<meta property=\"og:type\" content=\"article\" \/>\n<meta property=\"og:title\" content=\"un stand de salon professionnel personnalis\u00e9 efficace et pratique\" \/>\n<meta property=\"og:description\" content=\"Comment cr\u00e9er un stand personnalis\u00e9, efficace et pratique pour un salon professionnel ? Toutes nos bonnes id\u00e9es et astuces\" \/>\n<meta property=\"og:url\" content=\"https:\/\/www.macapflag.com\/blog\/comment-personnaliser-efficacement-votre-stand-pour-un-salon-professionnel\/\" \/>\n<meta property=\"og:site_name\" content=\"Blog - Macap\" \/>\n<meta property=\"article:publisher\" content=\"https:\/\/www.facebook.com\/macap.pavoisement\/\" \/>\n<meta property=\"article:published_time\" content=\"2025-07-30T06:00:00+00:00\" \/>\n<meta property=\"og:image\" content=\"https:\/\/www.macapflag.com\/blog\/wp-content\/uploads\/2025\/01\/personnaliser-stand-salon-pro-TITRE.jpg\" \/>\n\t<meta property=\"og:image:width\" content=\"870\" \/>\n\t<meta property=\"og:image:height\" content=\"600\" \/>\n\t<meta property=\"og:image:type\" content=\"image\/jpeg\" \/>\n<meta name=\"author\" content=\"Blog Macap\" \/>\n<meta name=\"twitter:card\" content=\"summary_large_image\" \/>\n<meta name=\"twitter:label1\" content=\"\u00c9crit par\" \/>\n\t<meta name=\"twitter:data1\" content=\"Blog Macap\" \/>\n\t<meta name=\"twitter:label2\" content=\"Dur\u00e9e de lecture estim\u00e9e\" \/>\n\t<meta name=\"twitter:data2\" content=\"7 minutes\" \/>\n<script type=\"application\/ld+json\" class=\"yoast-schema-graph\">{\"@context\":\"https:\/\/schema.org\",\"@graph\":[{\"@type\":\"Article\",\"@id\":\"https:\/\/www.macapflag.com\/blog\/comment-personnaliser-efficacement-votre-stand-pour-un-salon-professionnel\/#article\",\"isPartOf\":{\"@id\":\"https:\/\/www.macapflag.com\/blog\/comment-personnaliser-efficacement-votre-stand-pour-un-salon-professionnel\/\"},\"author\":{\"name\":\"Blog Macap\",\"@id\":\"https:\/\/www.macapflag.com\/blog\/#\/schema\/person\/3fea701f2603875e651e6b662578fc3c\"},\"headline\":\"Comment personnaliser efficacement son stand pour un salon professionnel ?\",\"datePublished\":\"2025-07-30T06:00:00+00:00\",\"mainEntityOfPage\":{\"@id\":\"https:\/\/www.macapflag.com\/blog\/comment-personnaliser-efficacement-votre-stand-pour-un-salon-professionnel\/\"},\"wordCount\":1259,\"publisher\":{\"@id\":\"https:\/\/www.macapflag.com\/blog\/#organization\"},\"image\":{\"@id\":\"https:\/\/www.macapflag.com\/blog\/comment-personnaliser-efficacement-votre-stand-pour-un-salon-professionnel\/#primaryimage\"},\"thumbnailUrl\":\"https:\/\/www.macapflag.com\/blog\/wp-content\/uploads\/2025\/01\/personnaliser-stand-salon-pro-TITRE.jpg\",\"articleSection\":[\"Le monde de la Com'\"],\"inLanguage\":\"fr-FR\"},{\"@type\":\"WebPage\",\"@id\":\"https:\/\/www.macapflag.com\/blog\/comment-personnaliser-efficacement-votre-stand-pour-un-salon-professionnel\/\",\"url\":\"https:\/\/www.macapflag.com\/blog\/comment-personnaliser-efficacement-votre-stand-pour-un-salon-professionnel\/\",\"name\":\"un stand de salon professionnel personnalis\u00e9 efficace et pratique\",\"isPartOf\":{\"@id\":\"https:\/\/www.macapflag.com\/blog\/#website\"},\"primaryImageOfPage\":{\"@id\":\"https:\/\/www.macapflag.com\/blog\/comment-personnaliser-efficacement-votre-stand-pour-un-salon-professionnel\/#primaryimage\"},\"image\":{\"@id\":\"https:\/\/www.macapflag.com\/blog\/comment-personnaliser-efficacement-votre-stand-pour-un-salon-professionnel\/#primaryimage\"},\"thumbnailUrl\":\"https:\/\/www.macapflag.com\/blog\/wp-content\/uploads\/2025\/01\/personnaliser-stand-salon-pro-TITRE.jpg\",\"datePublished\":\"2025-07-30T06:00:00+00:00\",\"description\":\"Comment cr\u00e9er un stand personnalis\u00e9, efficace et pratique pour un salon professionnel ? Toutes nos bonnes id\u00e9es et astuces\",\"breadcrumb\":{\"@id\":\"https:\/\/www.macapflag.com\/blog\/comment-personnaliser-efficacement-votre-stand-pour-un-salon-professionnel\/#breadcrumb\"},\"inLanguage\":\"fr-FR\",\"potentialAction\":[{\"@type\":\"ReadAction\",\"target\":[\"https:\/\/www.macapflag.com\/blog\/comment-personnaliser-efficacement-votre-stand-pour-un-salon-professionnel\/\"]}]},{\"@type\":\"ImageObject\",\"inLanguage\":\"fr-FR\",\"@id\":\"https:\/\/www.macapflag.com\/blog\/comment-personnaliser-efficacement-votre-stand-pour-un-salon-professionnel\/#primaryimage\",\"url\":\"https:\/\/www.macapflag.com\/blog\/wp-content\/uploads\/2025\/01\/personnaliser-stand-salon-pro-TITRE.jpg\",\"contentUrl\":\"https:\/\/www.macapflag.com\/blog\/wp-content\/uploads\/2025\/01\/personnaliser-stand-salon-pro-TITRE.jpg\",\"width\":870,\"height\":600,\"caption\":\"Comment personnaliser efficacement votre stand pour un salon professionnel\"},{\"@type\":\"BreadcrumbList\",\"@id\":\"https:\/\/www.macapflag.com\/blog\/comment-personnaliser-efficacement-votre-stand-pour-un-salon-professionnel\/#breadcrumb\",\"itemListElement\":[{\"@type\":\"ListItem\",\"position\":1,\"name\":\"Accueil\",\"item\":\"https:\/\/www.macapflag.com\/blog\/\"},{\"@type\":\"ListItem\",\"position\":2,\"name\":\"Comment personnaliser efficacement son stand pour un salon professionnel ?\"}]},{\"@type\":\"WebSite\",\"@id\":\"https:\/\/www.macapflag.com\/blog\/#website\",\"url\":\"https:\/\/www.macapflag.com\/blog\/\",\"name\":\"Blog - Macap\",\"description\":\"Tous nos articles\",\"publisher\":{\"@id\":\"https:\/\/www.macapflag.com\/blog\/#organization\"},\"potentialAction\":[{\"@type\":\"SearchAction\",\"target\":{\"@type\":\"EntryPoint\",\"urlTemplate\":\"https:\/\/www.macapflag.com\/blog\/?s={search_term_string}\"},\"query-input\":{\"@type\":\"PropertyValueSpecification\",\"valueRequired\":true,\"valueName\":\"search_term_string\"}}],\"inLanguage\":\"fr-FR\"},{\"@type\":\"Organization\",\"@id\":\"https:\/\/www.macapflag.com\/blog\/#organization\",\"name\":\"macapflag\",\"url\":\"https:\/\/www.macapflag.com\/blog\/\",\"logo\":{\"@type\":\"ImageObject\",\"inLanguage\":\"fr-FR\",\"@id\":\"https:\/\/www.macapflag.com\/blog\/#\/schema\/logo\/image\/\",\"url\":\"https:\/\/www.macapflag.com\/blog\/wp-content\/uploads\/2020\/12\/cropped-M-512-1.png\",\"contentUrl\":\"https:\/\/www.macapflag.com\/blog\/wp-content\/uploads\/2020\/12\/cropped-M-512-1.png\",\"width\":512,\"height\":512,\"caption\":\"macapflag\"},\"image\":{\"@id\":\"https:\/\/www.macapflag.com\/blog\/#\/schema\/logo\/image\/\"},\"sameAs\":[\"https:\/\/www.facebook.com\/macap.pavoisement\/\",\"https:\/\/www.instagram.com\/macapflag\/?hl=fr\",\"https:\/\/www.linkedin.com\/company\/macap\/?originalSubdomain=fr\",\"https:\/\/www.youtube.com\/channel\/UCXNzTIdZh9poEBjSXEqDtNw\"]},{\"@type\":\"Person\",\"@id\":\"https:\/\/www.macapflag.com\/blog\/#\/schema\/person\/3fea701f2603875e651e6b662578fc3c\",\"name\":\"Blog Macap\",\"image\":{\"@type\":\"ImageObject\",\"inLanguage\":\"fr-FR\",\"@id\":\"https:\/\/www.macapflag.com\/blog\/#\/schema\/person\/image\/\",\"url\":\"https:\/\/secure.gravatar.com\/avatar\/c12551f2dc51f0db049633b03e7856985477a70da834cc8967dea4ce54bdd6a2?s=96&d=mm&r=g\",\"contentUrl\":\"https:\/\/secure.gravatar.com\/avatar\/c12551f2dc51f0db049633b03e7856985477a70da834cc8967dea4ce54bdd6a2?s=96&d=mm&r=g\",\"caption\":\"Blog Macap\"},\"url\":\"https:\/\/www.macapflag.com\/blog\/author\/macap\/\"}]}<\/script>\n<!-- \/ Yoast SEO plugin. -->","yoast_head_json":{"title":"un stand de salon professionnel personnalis\u00e9 efficace et pratique","description":"Comment cr\u00e9er un stand personnalis\u00e9, efficace et pratique pour un salon professionnel ? Toutes nos bonnes id\u00e9es et astuces","robots":{"index":"index","follow":"follow","max-snippet":"max-snippet:-1","max-image-preview":"max-image-preview:large","max-video-preview":"max-video-preview:-1"},"canonical":"https:\/\/www.macapflag.com\/blog\/comment-personnaliser-efficacement-votre-stand-pour-un-salon-professionnel\/","og_locale":"fr_FR","og_type":"article","og_title":"un stand de salon professionnel personnalis\u00e9 efficace et pratique","og_description":"Comment cr\u00e9er un stand personnalis\u00e9, efficace et pratique pour un salon professionnel ? Toutes nos bonnes id\u00e9es et astuces","og_url":"https:\/\/www.macapflag.com\/blog\/comment-personnaliser-efficacement-votre-stand-pour-un-salon-professionnel\/","og_site_name":"Blog - Macap","article_publisher":"https:\/\/www.facebook.com\/macap.pavoisement\/","article_published_time":"2025-07-30T06:00:00+00:00","og_image":[{"width":870,"height":600,"url":"https:\/\/www.macapflag.com\/blog\/wp-content\/uploads\/2025\/01\/personnaliser-stand-salon-pro-TITRE.jpg","type":"image\/jpeg"}],"author":"Blog Macap","twitter_card":"summary_large_image","twitter_misc":{"\u00c9crit par":"Blog Macap","Dur\u00e9e de lecture estim\u00e9e":"7 minutes"},"schema":{"@context":"https:\/\/schema.org","@graph":[{"@type":"Article","@id":"https:\/\/www.macapflag.com\/blog\/comment-personnaliser-efficacement-votre-stand-pour-un-salon-professionnel\/#article","isPartOf":{"@id":"https:\/\/www.macapflag.com\/blog\/comment-personnaliser-efficacement-votre-stand-pour-un-salon-professionnel\/"},"author":{"name":"Blog Macap","@id":"https:\/\/www.macapflag.com\/blog\/#\/schema\/person\/3fea701f2603875e651e6b662578fc3c"},"headline":"Comment personnaliser efficacement son stand pour un salon professionnel ?","datePublished":"2025-07-30T06:00:00+00:00","mainEntityOfPage":{"@id":"https:\/\/www.macapflag.com\/blog\/comment-personnaliser-efficacement-votre-stand-pour-un-salon-professionnel\/"},"wordCount":1259,"publisher":{"@id":"https:\/\/www.macapflag.com\/blog\/#organization"},"image":{"@id":"https:\/\/www.macapflag.com\/blog\/comment-personnaliser-efficacement-votre-stand-pour-un-salon-professionnel\/#primaryimage"},"thumbnailUrl":"https:\/\/www.macapflag.com\/blog\/wp-content\/uploads\/2025\/01\/personnaliser-stand-salon-pro-TITRE.jpg","articleSection":["Le monde de la Com'"],"inLanguage":"fr-FR"},{"@type":"WebPage","@id":"https:\/\/www.macapflag.com\/blog\/comment-personnaliser-efficacement-votre-stand-pour-un-salon-professionnel\/","url":"https:\/\/www.macapflag.com\/blog\/comment-personnaliser-efficacement-votre-stand-pour-un-salon-professionnel\/","name":"un stand de salon professionnel personnalis\u00e9 efficace et pratique","isPartOf":{"@id":"https:\/\/www.macapflag.com\/blog\/#website"},"primaryImageOfPage":{"@id":"https:\/\/www.macapflag.com\/blog\/comment-personnaliser-efficacement-votre-stand-pour-un-salon-professionnel\/#primaryimage"},"image":{"@id":"https:\/\/www.macapflag.com\/blog\/comment-personnaliser-efficacement-votre-stand-pour-un-salon-professionnel\/#primaryimage"},"thumbnailUrl":"https:\/\/www.macapflag.com\/blog\/wp-content\/uploads\/2025\/01\/personnaliser-stand-salon-pro-TITRE.jpg","datePublished":"2025-07-30T06:00:00+00:00","description":"Comment cr\u00e9er un stand personnalis\u00e9, efficace et pratique pour un salon professionnel ? Toutes nos bonnes id\u00e9es et astuces","breadcrumb":{"@id":"https:\/\/www.macapflag.com\/blog\/comment-personnaliser-efficacement-votre-stand-pour-un-salon-professionnel\/#breadcrumb"},"inLanguage":"fr-FR","potentialAction":[{"@type":"ReadAction","target":["https:\/\/www.macapflag.com\/blog\/comment-personnaliser-efficacement-votre-stand-pour-un-salon-professionnel\/"]}]},{"@type":"ImageObject","inLanguage":"fr-FR","@id":"https:\/\/www.macapflag.com\/blog\/comment-personnaliser-efficacement-votre-stand-pour-un-salon-professionnel\/#primaryimage","url":"https:\/\/www.macapflag.com\/blog\/wp-content\/uploads\/2025\/01\/personnaliser-stand-salon-pro-TITRE.jpg","contentUrl":"https:\/\/www.macapflag.com\/blog\/wp-content\/uploads\/2025\/01\/personnaliser-stand-salon-pro-TITRE.jpg","width":870,"height":600,"caption":"Comment personnaliser efficacement votre stand pour un salon professionnel"},{"@type":"BreadcrumbList","@id":"https:\/\/www.macapflag.com\/blog\/comment-personnaliser-efficacement-votre-stand-pour-un-salon-professionnel\/#breadcrumb","itemListElement":[{"@type":"ListItem","position":1,"name":"Accueil","item":"https:\/\/www.macapflag.com\/blog\/"},{"@type":"ListItem","position":2,"name":"Comment personnaliser efficacement son stand pour un salon professionnel ?"}]},{"@type":"WebSite","@id":"https:\/\/www.macapflag.com\/blog\/#website","url":"https:\/\/www.macapflag.com\/blog\/","name":"Blog - Macap","description":"Tous nos articles","publisher":{"@id":"https:\/\/www.macapflag.com\/blog\/#organization"},"potentialAction":[{"@type":"SearchAction","target":{"@type":"EntryPoint","urlTemplate":"https:\/\/www.macapflag.com\/blog\/?s={search_term_string}"},"query-input":{"@type":"PropertyValueSpecification","valueRequired":true,"valueName":"search_term_string"}}],"inLanguage":"fr-FR"},{"@type":"Organization","@id":"https:\/\/www.macapflag.com\/blog\/#organization","name":"macapflag","url":"https:\/\/www.macapflag.com\/blog\/","logo":{"@type":"ImageObject","inLanguage":"fr-FR","@id":"https:\/\/www.macapflag.com\/blog\/#\/schema\/logo\/image\/","url":"https:\/\/www.macapflag.com\/blog\/wp-content\/uploads\/2020\/12\/cropped-M-512-1.png","contentUrl":"https:\/\/www.macapflag.com\/blog\/wp-content\/uploads\/2020\/12\/cropped-M-512-1.png","width":512,"height":512,"caption":"macapflag"},"image":{"@id":"https:\/\/www.macapflag.com\/blog\/#\/schema\/logo\/image\/"},"sameAs":["https:\/\/www.facebook.com\/macap.pavoisement\/","https:\/\/www.instagram.com\/macapflag\/?hl=fr","https:\/\/www.linkedin.com\/company\/macap\/?originalSubdomain=fr","https:\/\/www.youtube.com\/channel\/UCXNzTIdZh9poEBjSXEqDtNw"]},{"@type":"Person","@id":"https:\/\/www.macapflag.com\/blog\/#\/schema\/person\/3fea701f2603875e651e6b662578fc3c","name":"Blog Macap","image":{"@type":"ImageObject","inLanguage":"fr-FR","@id":"https:\/\/www.macapflag.com\/blog\/#\/schema\/person\/image\/","url":"https:\/\/secure.gravatar.com\/avatar\/c12551f2dc51f0db049633b03e7856985477a70da834cc8967dea4ce54bdd6a2?s=96&d=mm&r=g","contentUrl":"https:\/\/secure.gravatar.com\/avatar\/c12551f2dc51f0db049633b03e7856985477a70da834cc8967dea4ce54bdd6a2?s=96&d=mm&r=g","caption":"Blog Macap"},"url":"https:\/\/www.macapflag.com\/blog\/author\/macap\/"}]}},"_links":{"self":[{"href":"https:\/\/www.macapflag.com\/blog\/wp-json\/wp\/v2\/posts\/19289","targetHints":{"allow":["GET"]}}],"collection":[{"href":"https:\/\/www.macapflag.com\/blog\/wp-json\/wp\/v2\/posts"}],"about":[{"href":"https:\/\/www.macapflag.com\/blog\/wp-json\/wp\/v2\/types\/post"}],"author":[{"embeddable":true,"href":"https:\/\/www.macapflag.com\/blog\/wp-json\/wp\/v2\/users\/2"}],"replies":[{"embeddable":true,"href":"https:\/\/www.macapflag.com\/blog\/wp-json\/wp\/v2\/comments?post=19289"}],"version-history":[{"count":33,"href":"https:\/\/www.macapflag.com\/blog\/wp-json\/wp\/v2\/posts\/19289\/revisions"}],"predecessor-version":[{"id":19322,"href":"https:\/\/www.macapflag.com\/blog\/wp-json\/wp\/v2\/posts\/19289\/revisions\/19322"}],"wp:featuredmedia":[{"embeddable":true,"href":"https:\/\/www.macapflag.com\/blog\/wp-json\/wp\/v2\/media\/19284"}],"wp:attachment":[{"href":"https:\/\/www.macapflag.com\/blog\/wp-json\/wp\/v2\/media?parent=19289"}],"wp:term":[{"taxonomy":"category","embeddable":true,"href":"https:\/\/www.macapflag.com\/blog\/wp-json\/wp\/v2\/categories?post=19289"},{"taxonomy":"post_tag","embeddable":true,"href":"https:\/\/www.macapflag.com\/blog\/wp-json\/wp\/v2\/tags?post=19289"}],"curies":[{"name":"wp","href":"https:\/\/api.w.org\/{rel}","templated":true}]}}