{"id":19838,"date":"2025-03-11T08:30:00","date_gmt":"2025-03-11T07:30:00","guid":{"rendered":"https:\/\/www.macapflag.com\/blog\/?p=19838"},"modified":"2025-03-14T08:32:21","modified_gmt":"2025-03-14T07:32:21","slug":"journee-nationale-et-europeenne-en-hommage-aux-victimes-du-terrorisme","status":"publish","type":"post","link":"https:\/\/www.macapflag.com\/blog\/journee-nationale-et-europeenne-en-hommage-aux-victimes-du-terrorisme\/","title":{"rendered":"Journ\u00e9e nationale et europ\u00e9enne en hommage aux victimes du terrorisme"},"content":{"rendered":"\t\t<div data-elementor-type=\"wp-post\" data-elementor-id=\"19838\" class=\"elementor elementor-19838\">\n\t\t\t\t\t\t<section class=\"elementor-section elementor-top-section elementor-element elementor-element-ba6d5be elementor-section-boxed elementor-section-height-default elementor-section-height-default\" data-id=\"ba6d5be\" data-element_type=\"section\">\n\t\t\t\t\t\t<div class=\"elementor-container elementor-column-gap-default\">\n\t\t\t\t\t<div class=\"elementor-column elementor-col-100 elementor-top-column elementor-element elementor-element-8ee3852\" data-id=\"8ee3852\" data-element_type=\"column\">\n\t\t\t<div class=\"elementor-widget-wrap elementor-element-populated\">\n\t\t\t\t\t\t<div class=\"elementor-element elementor-element-cc9d658 elementor-widget elementor-widget-text-editor\" data-id=\"cc9d658\" data-element_type=\"widget\" data-widget_type=\"text-editor.default\">\n\t\t\t\t<div class=\"elementor-widget-container\">\n\t\t\t\t\t\t\t\t\t<p>Chaque ann\u00e9e le 11 mars, la France observe la <strong>Journ\u00e9e nationale d&#8217;hommage aux victimes du terrorisme<\/strong>, une comm\u00e9moration instaur\u00e9e par le d\u00e9cret n\u00b02019-1148 du 7 novembre 2019.<\/p><p>Cette date a \u00e9t\u00e9 choisie en r\u00e9f\u00e9rence aux <strong>attentats de Madrid du 11 mars 2004<\/strong>, qui ont caus\u00e9 la mort de 191 personnes et fait pr\u00e8s de 2 000 bless\u00e9s. Ces attaques, revendiqu\u00e9es par Al-Qa\u00efda, restent grav\u00e9es dans la m\u00e9moire collective europ\u00e9enne.<\/p><p>Au-del\u00e0 de cet \u00e9v\u00e9nement tragique, le 11 mars est \u00e9galement reconnu comme la <strong>Journ\u00e9e europ\u00e9enne de comm\u00e9moration des victimes du terrorisme<\/strong>, institu\u00e9e en 2005. Cette double dimension nationale et europ\u00e9enne souligne l&#8217;importance de la solidarit\u00e9 et du souvenir envers toutes les victimes d&#8217;attentats, tant en France qu&#8217;\u00e0 travers l\u2019Europe.<\/p><p>Chaque ann\u00e9e, des <strong>c\u00e9r\u00e9monies officielles<\/strong> sont organis\u00e9es \u00e0 travers le pays pour honorer la m\u00e9moire des victimes et exprimer le soutien de la Nation \u00e0 leurs familles. Ces comm\u00e9morations sont l&#8217;occasion de rappeler l&#8217;engagement de la soci\u00e9t\u00e9 fran\u00e7aise \u00e0 lutter contre le terrorisme et \u00e0 promouvoir les valeurs de paix, de libert\u00e9 et de fraternit\u00e9.<\/p><p><strong>Le saviez-vous ?<br \/><\/strong>Une journ\u00e9e internationale du souvenir en hommage aux victimes du terrorisme existe \u00e9galement au niveau international. En 2017, l&#8217;Assembl\u00e9e g\u00e9n\u00e9rale des Nations Unies a d\u00e9cid\u00e9 de proclamer le 21 ao\u00fbt Journ\u00e9e internationale du souvenir, en hommage aux victimes du terrorisme, afin d\u2019honorer et de soutenir les victimes et les survivants du terrorisme et de promouvoir et prot\u00e9ger le plein exercice de leurs libert\u00e9s et de leurs droits fondamentaux.<\/p><p><strong>Ensemble, continuons \u00e0 honorer la m\u00e9moire de celles et ceux qui ont perdu la vie lors d&#8217;attentats, et affirmons notre engagement commun pour un avenir de paix et de solidarit\u00e9.<\/strong><\/p><p><a href=\"https:\/\/www.macapflag.com\/\" target=\"_blank\" rel=\"noopener\"><span style=\"color: #3366ff;\"><strong>Macap<\/strong><\/span><\/a>, votre fabricant fran\u00e7ais de drapeaux et supports de communication accompagne de nombreuses institutions et organismes \u00e9tatiques depuis plus de 50 ans. Du <a href=\"https:\/\/www.macapflag.com\/drapeau-pays-pour-mat\/33-drapeau-francais-officiel.html\" target=\"_blank\" rel=\"noopener\"><strong><span style=\"color: #3366ff;\">drapeau fran\u00e7ais pour m\u00e2t<\/span><\/strong><\/a> au <a href=\"https:\/\/www.macapflag.com\/drapeau-de-defile\/43177-drapeau-de-defile-francais-personnalise.html\" target=\"_blank\" rel=\"noopener\"><strong><span style=\"color: #3366ff;\">drapeau brod\u00e9<\/span><\/strong><\/a> prestigieux, retrouvez sur notre site internet tous les \u00e9l\u00e9ments et supports pour les c\u00e9r\u00e9monies et comm\u00e9morations.<\/p>\t\t\t\t\t\t\t\t<\/div>\n\t\t\t\t<\/div>\n\t\t\t\t\t<\/div>\n\t\t<\/div>\n\t\t\t\t\t<\/div>\n\t\t<\/section>\n\t\t\t\t<section class=\"elementor-section elementor-top-section elementor-element elementor-element-b7cdff2 elementor-section-boxed elementor-section-height-default elementor-section-height-default\" data-id=\"b7cdff2\" data-element_type=\"section\">\n\t\t\t\t\t\t<div class=\"elementor-container elementor-column-gap-default\">\n\t\t\t\t\t<div class=\"elementor-column elementor-col-100 elementor-top-column elementor-element elementor-element-ec07c0f\" data-id=\"ec07c0f\" data-element_type=\"column\">\n\t\t\t<div class=\"elementor-widget-wrap elementor-element-populated\">\n\t\t\t\t\t\t<div class=\"elementor-element elementor-element-a8a2a3e elementor-widget elementor-widget-text-editor\" data-id=\"a8a2a3e\" data-element_type=\"widget\" data-widget_type=\"text-editor.default\">\n\t\t\t\t<div class=\"elementor-widget-container\">\n\t\t\t\t\t\t\t\t\t<h2>D\u2019autres articles sur le th\u00e8me des comm\u00e9morations et hommage ?<\/h2>\t\t\t\t\t\t\t\t<\/div>\n\t\t\t\t<\/div>\n\t\t\t\t\t<\/div>\n\t\t<\/div>\n\t\t\t\t\t<\/div>\n\t\t<\/section>\n\t\t\t\t<section class=\"elementor-section elementor-top-section elementor-element elementor-element-9c111e6 elementor-section-boxed elementor-section-height-default elementor-section-height-default\" data-id=\"9c111e6\" data-element_type=\"section\">\n\t\t\t\t\t\t<div class=\"elementor-container elementor-column-gap-default\">\n\t\t\t\t\t<div class=\"elementor-column elementor-col-100 elementor-top-column elementor-element elementor-element-b2d9731\" data-id=\"b2d9731\" data-element_type=\"column\">\n\t\t\t<div class=\"elementor-widget-wrap elementor-element-populated\">\n\t\t\t\t\t\t<div class=\"elementor-element elementor-element-bb699ba elementor-widget elementor-widget-text-editor\" data-id=\"bb699ba\" data-element_type=\"widget\" data-widget_type=\"text-editor.default\">\n\t\t\t\t<div class=\"elementor-widget-container\">\n\t\t\t\t\t\t\t\t\t<p>\u00a0<\/p><p><blockquote class=\"wp-embedded-content\" data-secret=\"6dEYhfNyZj\"><a href=\"https:\/\/www.macapflag.com\/blog\/a-quelles-occasions-utilise-t-on-un-drapeau-francais\/\">\u00c0 quelles occasions utilise-t-on un drapeau fran\u00e7ais ?<\/a><\/blockquote><iframe class=\"wp-embedded-content\" sandbox=\"allow-scripts\" security=\"restricted\" style=\"position: absolute; clip: rect(1px, 1px, 1px, 1px);\" title=\"\u00ab\u00a0\u00c0 quelles occasions utilise-t-on un drapeau fran\u00e7ais ?\u00a0\u00bb &#8212; Blog - Macap\" src=\"https:\/\/www.macapflag.com\/blog\/a-quelles-occasions-utilise-t-on-un-drapeau-francais\/embed\/#?secret=piKrQoDJp5#?secret=6dEYhfNyZj\" data-secret=\"6dEYhfNyZj\" width=\"600\" height=\"338\" frameborder=\"0\" marginwidth=\"0\" marginheight=\"0\" scrolling=\"no\"><\/iframe><\/p><p>\u00a0<\/p><p><blockquote class=\"wp-embedded-content\" data-secret=\"ffAzBKyPBa\"><a href=\"https:\/\/www.macapflag.com\/blog\/ceremonie\/\">Pourquoi et comment organiser une c\u00e9r\u00e9monie comm\u00e9morative dans une commune ?<\/a><\/blockquote><iframe class=\"wp-embedded-content\" sandbox=\"allow-scripts\" security=\"restricted\" style=\"position: absolute; clip: rect(1px, 1px, 1px, 1px);\" title=\"\u00ab\u00a0Pourquoi et comment organiser une c\u00e9r\u00e9monie comm\u00e9morative dans une commune ?\u00a0\u00bb &#8212; Blog - Macap\" src=\"https:\/\/www.macapflag.com\/blog\/ceremonie\/embed\/#?secret=IRcURrT6jB#?secret=ffAzBKyPBa\" data-secret=\"ffAzBKyPBa\" width=\"600\" height=\"338\" frameborder=\"0\" marginwidth=\"0\" marginheight=\"0\" scrolling=\"no\"><\/iframe><\/p><p>\u00a0<\/p><p><blockquote class=\"wp-embedded-content\" data-secret=\"TwwZD62ttk\"><a href=\"https:\/\/www.macapflag.com\/blog\/pavoisement-drapeaux-batiments\/\">La l\u00e9gislation des drapeaux sur les b\u00e2timents publics<\/a><\/blockquote><iframe class=\"wp-embedded-content\" sandbox=\"allow-scripts\" security=\"restricted\" style=\"position: absolute; clip: rect(1px, 1px, 1px, 1px);\" title=\"\u00ab\u00a0La l\u00e9gislation des drapeaux sur les b\u00e2timents publics\u00a0\u00bb &#8212; Blog - Macap\" src=\"https:\/\/www.macapflag.com\/blog\/pavoisement-drapeaux-batiments\/embed\/#?secret=yxwMiADVaT#?secret=TwwZD62ttk\" data-secret=\"TwwZD62ttk\" width=\"600\" height=\"338\" frameborder=\"0\" marginwidth=\"0\" marginheight=\"0\" scrolling=\"no\"><\/iframe><\/p><p>\u00a0<\/p><p><blockquote class=\"wp-embedded-content\" data-secret=\"xRyhxrhqmv\"><a href=\"https:\/\/www.macapflag.com\/blog\/pavoiser-une-mairie\/\">Comment pavoiser une mairie ?<\/a><\/blockquote><iframe class=\"wp-embedded-content\" sandbox=\"allow-scripts\" security=\"restricted\" style=\"position: absolute; clip: rect(1px, 1px, 1px, 1px);\" title=\"\u00ab\u00a0Comment pavoiser une mairie ?\u00a0\u00bb &#8212; Blog - Macap\" src=\"https:\/\/www.macapflag.com\/blog\/pavoiser-une-mairie\/embed\/#?secret=eyvN2QzlwB#?secret=xRyhxrhqmv\" data-secret=\"xRyhxrhqmv\" width=\"600\" height=\"338\" frameborder=\"0\" marginwidth=\"0\" marginheight=\"0\" scrolling=\"no\"><\/iframe><\/p>\t\t\t\t\t\t\t\t<\/div>\n\t\t\t\t<\/div>\n\t\t\t\t\t<\/div>\n\t\t<\/div>\n\t\t\t\t\t<\/div>\n\t\t<\/section>\n\t\t\t\t<\/div>\n\t\t","protected":false},"excerpt":{"rendered":"<div class=\"tmnf_excerpt\"><p>Chaque ann\u00e9e le 11 mars, la France observe la Journ\u00e9e nationale d&#8217;hommage aux victimes du terrorisme, une comm\u00e9moration instaur\u00e9e par le d\u00e9cret n\u00b02019-1148 du 7 novembre 2019. Cette date a \u00e9t\u00e9 choisie en r\u00e9f\u00e9rence aux attentats de Madrid du 11 mars 2004, qui ont caus\u00e9 la mort de 191 personnes et fait pr\u00e8s de 2 &hellip;<\/p>\n<\/div>","protected":false},"author":2,"featured_media":19839,"comment_status":"closed","ping_status":"open","sticky":false,"template":"template-fullwidth.php","format":"standard","meta":{"footnotes":""},"categories":[92],"tags":[],"class_list":["post-19838","post","type-post","status-publish","format-standard","has-post-thumbnail","hentry","category-news"],"yoast_head":"<!-- This site is optimized with the Yoast SEO plugin v26.4 - https:\/\/yoast.com\/wordpress\/plugins\/seo\/ -->\n<title>Journ\u00e9e nationale d&#039;hommage aux victimes du terrorisme<\/title>\n<meta name=\"description\" content=\"Le 11 mars est la journ\u00e9e nationale et europ\u00e9enne en hommage aux victimes du terrorisme. Cette date fait r\u00e9f\u00e9rence aux attentats de Madrid\" \/>\n<meta name=\"robots\" content=\"index, follow, max-snippet:-1, max-image-preview:large, max-video-preview:-1\" \/>\n<link rel=\"canonical\" href=\"https:\/\/www.macapflag.com\/blog\/journee-nationale-et-europeenne-en-hommage-aux-victimes-du-terrorisme\/\" \/>\n<meta property=\"og:locale\" content=\"fr_FR\" \/>\n<meta property=\"og:type\" content=\"article\" \/>\n<meta property=\"og:title\" content=\"Journ\u00e9e nationale d&#039;hommage aux victimes du terrorisme\" \/>\n<meta property=\"og:description\" content=\"Le 11 mars est la journ\u00e9e nationale et europ\u00e9enne en hommage aux victimes du terrorisme. Cette date fait r\u00e9f\u00e9rence aux attentats de Madrid\" \/>\n<meta property=\"og:url\" content=\"https:\/\/www.macapflag.com\/blog\/journee-nationale-et-europeenne-en-hommage-aux-victimes-du-terrorisme\/\" \/>\n<meta property=\"og:site_name\" content=\"Blog - Macap\" \/>\n<meta property=\"article:publisher\" content=\"https:\/\/www.facebook.com\/macap.pavoisement\/\" \/>\n<meta property=\"article:published_time\" content=\"2025-03-11T07:30:00+00:00\" \/>\n<meta property=\"article:modified_time\" content=\"2025-03-14T07:32:21+00:00\" \/>\n<meta property=\"og:image\" content=\"https:\/\/www.macapflag.com\/blog\/wp-content\/uploads\/2025\/03\/journee-nat-et-UE-hommage-victimes-terrorisme-TITRE.jpg\" \/>\n\t<meta property=\"og:image:width\" content=\"870\" \/>\n\t<meta property=\"og:image:height\" content=\"600\" \/>\n\t<meta property=\"og:image:type\" content=\"image\/jpeg\" \/>\n<meta name=\"author\" content=\"Blog Macap\" \/>\n<meta name=\"twitter:card\" content=\"summary_large_image\" \/>\n<meta name=\"twitter:label1\" content=\"\u00c9crit par\" \/>\n\t<meta name=\"twitter:data1\" content=\"Blog Macap\" \/>\n\t<meta name=\"twitter:label2\" content=\"Dur\u00e9e de lecture estim\u00e9e\" \/>\n\t<meta name=\"twitter:data2\" content=\"2 minutes\" \/>\n<script type=\"application\/ld+json\" class=\"yoast-schema-graph\">{\"@context\":\"https:\/\/schema.org\",\"@graph\":[{\"@type\":\"Article\",\"@id\":\"https:\/\/www.macapflag.com\/blog\/journee-nationale-et-europeenne-en-hommage-aux-victimes-du-terrorisme\/#article\",\"isPartOf\":{\"@id\":\"https:\/\/www.macapflag.com\/blog\/journee-nationale-et-europeenne-en-hommage-aux-victimes-du-terrorisme\/\"},\"author\":{\"name\":\"Blog Macap\",\"@id\":\"https:\/\/www.macapflag.com\/blog\/#\/schema\/person\/3fea701f2603875e651e6b662578fc3c\"},\"headline\":\"Journ\u00e9e nationale et europ\u00e9enne en hommage aux victimes du terrorisme\",\"datePublished\":\"2025-03-11T07:30:00+00:00\",\"dateModified\":\"2025-03-14T07:32:21+00:00\",\"mainEntityOfPage\":{\"@id\":\"https:\/\/www.macapflag.com\/blog\/journee-nationale-et-europeenne-en-hommage-aux-victimes-du-terrorisme\/\"},\"wordCount\":397,\"publisher\":{\"@id\":\"https:\/\/www.macapflag.com\/blog\/#organization\"},\"image\":{\"@id\":\"https:\/\/www.macapflag.com\/blog\/journee-nationale-et-europeenne-en-hommage-aux-victimes-du-terrorisme\/#primaryimage\"},\"thumbnailUrl\":\"https:\/\/www.macapflag.com\/blog\/wp-content\/uploads\/2025\/03\/journee-nat-et-UE-hommage-victimes-terrorisme-TITRE.jpg\",\"articleSection\":[\"News &amp; Actu\"],\"inLanguage\":\"fr-FR\"},{\"@type\":\"WebPage\",\"@id\":\"https:\/\/www.macapflag.com\/blog\/journee-nationale-et-europeenne-en-hommage-aux-victimes-du-terrorisme\/\",\"url\":\"https:\/\/www.macapflag.com\/blog\/journee-nationale-et-europeenne-en-hommage-aux-victimes-du-terrorisme\/\",\"name\":\"Journ\u00e9e nationale d'hommage aux victimes du terrorisme\",\"isPartOf\":{\"@id\":\"https:\/\/www.macapflag.com\/blog\/#website\"},\"primaryImageOfPage\":{\"@id\":\"https:\/\/www.macapflag.com\/blog\/journee-nationale-et-europeenne-en-hommage-aux-victimes-du-terrorisme\/#primaryimage\"},\"image\":{\"@id\":\"https:\/\/www.macapflag.com\/blog\/journee-nationale-et-europeenne-en-hommage-aux-victimes-du-terrorisme\/#primaryimage\"},\"thumbnailUrl\":\"https:\/\/www.macapflag.com\/blog\/wp-content\/uploads\/2025\/03\/journee-nat-et-UE-hommage-victimes-terrorisme-TITRE.jpg\",\"datePublished\":\"2025-03-11T07:30:00+00:00\",\"dateModified\":\"2025-03-14T07:32:21+00:00\",\"description\":\"Le 11 mars est la journ\u00e9e nationale et europ\u00e9enne en hommage aux victimes du terrorisme. Cette date fait r\u00e9f\u00e9rence aux attentats de Madrid\",\"breadcrumb\":{\"@id\":\"https:\/\/www.macapflag.com\/blog\/journee-nationale-et-europeenne-en-hommage-aux-victimes-du-terrorisme\/#breadcrumb\"},\"inLanguage\":\"fr-FR\",\"potentialAction\":[{\"@type\":\"ReadAction\",\"target\":[\"https:\/\/www.macapflag.com\/blog\/journee-nationale-et-europeenne-en-hommage-aux-victimes-du-terrorisme\/\"]}]},{\"@type\":\"ImageObject\",\"inLanguage\":\"fr-FR\",\"@id\":\"https:\/\/www.macapflag.com\/blog\/journee-nationale-et-europeenne-en-hommage-aux-victimes-du-terrorisme\/#primaryimage\",\"url\":\"https:\/\/www.macapflag.com\/blog\/wp-content\/uploads\/2025\/03\/journee-nat-et-UE-hommage-victimes-terrorisme-TITRE.jpg\",\"contentUrl\":\"https:\/\/www.macapflag.com\/blog\/wp-content\/uploads\/2025\/03\/journee-nat-et-UE-hommage-victimes-terrorisme-TITRE.jpg\",\"width\":870,\"height\":600,\"caption\":\"Journ\u00e9e hommage aux victimes du terrorisme\"},{\"@type\":\"BreadcrumbList\",\"@id\":\"https:\/\/www.macapflag.com\/blog\/journee-nationale-et-europeenne-en-hommage-aux-victimes-du-terrorisme\/#breadcrumb\",\"itemListElement\":[{\"@type\":\"ListItem\",\"position\":1,\"name\":\"Accueil\",\"item\":\"https:\/\/www.macapflag.com\/blog\/\"},{\"@type\":\"ListItem\",\"position\":2,\"name\":\"Journ\u00e9e nationale et europ\u00e9enne en hommage aux victimes du terrorisme\"}]},{\"@type\":\"WebSite\",\"@id\":\"https:\/\/www.macapflag.com\/blog\/#website\",\"url\":\"https:\/\/www.macapflag.com\/blog\/\",\"name\":\"Blog - Macap\",\"description\":\"Tous nos articles\",\"publisher\":{\"@id\":\"https:\/\/www.macapflag.com\/blog\/#organization\"},\"potentialAction\":[{\"@type\":\"SearchAction\",\"target\":{\"@type\":\"EntryPoint\",\"urlTemplate\":\"https:\/\/www.macapflag.com\/blog\/?s={search_term_string}\"},\"query-input\":{\"@type\":\"PropertyValueSpecification\",\"valueRequired\":true,\"valueName\":\"search_term_string\"}}],\"inLanguage\":\"fr-FR\"},{\"@type\":\"Organization\",\"@id\":\"https:\/\/www.macapflag.com\/blog\/#organization\",\"name\":\"macapflag\",\"url\":\"https:\/\/www.macapflag.com\/blog\/\",\"logo\":{\"@type\":\"ImageObject\",\"inLanguage\":\"fr-FR\",\"@id\":\"https:\/\/www.macapflag.com\/blog\/#\/schema\/logo\/image\/\",\"url\":\"https:\/\/www.macapflag.com\/blog\/wp-content\/uploads\/2020\/12\/cropped-M-512-1.png\",\"contentUrl\":\"https:\/\/www.macapflag.com\/blog\/wp-content\/uploads\/2020\/12\/cropped-M-512-1.png\",\"width\":512,\"height\":512,\"caption\":\"macapflag\"},\"image\":{\"@id\":\"https:\/\/www.macapflag.com\/blog\/#\/schema\/logo\/image\/\"},\"sameAs\":[\"https:\/\/www.facebook.com\/macap.pavoisement\/\",\"https:\/\/www.instagram.com\/macapflag\/?hl=fr\",\"https:\/\/www.linkedin.com\/company\/macap\/?originalSubdomain=fr\",\"https:\/\/www.youtube.com\/channel\/UCXNzTIdZh9poEBjSXEqDtNw\"]},{\"@type\":\"Person\",\"@id\":\"https:\/\/www.macapflag.com\/blog\/#\/schema\/person\/3fea701f2603875e651e6b662578fc3c\",\"name\":\"Blog Macap\",\"image\":{\"@type\":\"ImageObject\",\"inLanguage\":\"fr-FR\",\"@id\":\"https:\/\/www.macapflag.com\/blog\/#\/schema\/person\/image\/\",\"url\":\"https:\/\/secure.gravatar.com\/avatar\/c12551f2dc51f0db049633b03e7856985477a70da834cc8967dea4ce54bdd6a2?s=96&d=mm&r=g\",\"contentUrl\":\"https:\/\/secure.gravatar.com\/avatar\/c12551f2dc51f0db049633b03e7856985477a70da834cc8967dea4ce54bdd6a2?s=96&d=mm&r=g\",\"caption\":\"Blog Macap\"},\"url\":\"https:\/\/www.macapflag.com\/blog\/author\/macap\/\"}]}<\/script>\n<!-- \/ Yoast SEO plugin. -->","yoast_head_json":{"title":"Journ\u00e9e nationale d'hommage aux victimes du terrorisme","description":"Le 11 mars est la journ\u00e9e nationale et europ\u00e9enne en hommage aux victimes du terrorisme. Cette date fait r\u00e9f\u00e9rence aux attentats de Madrid","robots":{"index":"index","follow":"follow","max-snippet":"max-snippet:-1","max-image-preview":"max-image-preview:large","max-video-preview":"max-video-preview:-1"},"canonical":"https:\/\/www.macapflag.com\/blog\/journee-nationale-et-europeenne-en-hommage-aux-victimes-du-terrorisme\/","og_locale":"fr_FR","og_type":"article","og_title":"Journ\u00e9e nationale d'hommage aux victimes du terrorisme","og_description":"Le 11 mars est la journ\u00e9e nationale et europ\u00e9enne en hommage aux victimes du terrorisme. Cette date fait r\u00e9f\u00e9rence aux attentats de Madrid","og_url":"https:\/\/www.macapflag.com\/blog\/journee-nationale-et-europeenne-en-hommage-aux-victimes-du-terrorisme\/","og_site_name":"Blog - Macap","article_publisher":"https:\/\/www.facebook.com\/macap.pavoisement\/","article_published_time":"2025-03-11T07:30:00+00:00","article_modified_time":"2025-03-14T07:32:21+00:00","og_image":[{"width":870,"height":600,"url":"https:\/\/www.macapflag.com\/blog\/wp-content\/uploads\/2025\/03\/journee-nat-et-UE-hommage-victimes-terrorisme-TITRE.jpg","type":"image\/jpeg"}],"author":"Blog Macap","twitter_card":"summary_large_image","twitter_misc":{"\u00c9crit par":"Blog Macap","Dur\u00e9e de lecture estim\u00e9e":"2 minutes"},"schema":{"@context":"https:\/\/schema.org","@graph":[{"@type":"Article","@id":"https:\/\/www.macapflag.com\/blog\/journee-nationale-et-europeenne-en-hommage-aux-victimes-du-terrorisme\/#article","isPartOf":{"@id":"https:\/\/www.macapflag.com\/blog\/journee-nationale-et-europeenne-en-hommage-aux-victimes-du-terrorisme\/"},"author":{"name":"Blog Macap","@id":"https:\/\/www.macapflag.com\/blog\/#\/schema\/person\/3fea701f2603875e651e6b662578fc3c"},"headline":"Journ\u00e9e nationale et europ\u00e9enne en hommage aux victimes du terrorisme","datePublished":"2025-03-11T07:30:00+00:00","dateModified":"2025-03-14T07:32:21+00:00","mainEntityOfPage":{"@id":"https:\/\/www.macapflag.com\/blog\/journee-nationale-et-europeenne-en-hommage-aux-victimes-du-terrorisme\/"},"wordCount":397,"publisher":{"@id":"https:\/\/www.macapflag.com\/blog\/#organization"},"image":{"@id":"https:\/\/www.macapflag.com\/blog\/journee-nationale-et-europeenne-en-hommage-aux-victimes-du-terrorisme\/#primaryimage"},"thumbnailUrl":"https:\/\/www.macapflag.com\/blog\/wp-content\/uploads\/2025\/03\/journee-nat-et-UE-hommage-victimes-terrorisme-TITRE.jpg","articleSection":["News &amp; Actu"],"inLanguage":"fr-FR"},{"@type":"WebPage","@id":"https:\/\/www.macapflag.com\/blog\/journee-nationale-et-europeenne-en-hommage-aux-victimes-du-terrorisme\/","url":"https:\/\/www.macapflag.com\/blog\/journee-nationale-et-europeenne-en-hommage-aux-victimes-du-terrorisme\/","name":"Journ\u00e9e nationale d'hommage aux victimes du terrorisme","isPartOf":{"@id":"https:\/\/www.macapflag.com\/blog\/#website"},"primaryImageOfPage":{"@id":"https:\/\/www.macapflag.com\/blog\/journee-nationale-et-europeenne-en-hommage-aux-victimes-du-terrorisme\/#primaryimage"},"image":{"@id":"https:\/\/www.macapflag.com\/blog\/journee-nationale-et-europeenne-en-hommage-aux-victimes-du-terrorisme\/#primaryimage"},"thumbnailUrl":"https:\/\/www.macapflag.com\/blog\/wp-content\/uploads\/2025\/03\/journee-nat-et-UE-hommage-victimes-terrorisme-TITRE.jpg","datePublished":"2025-03-11T07:30:00+00:00","dateModified":"2025-03-14T07:32:21+00:00","description":"Le 11 mars est la journ\u00e9e nationale et europ\u00e9enne en hommage aux victimes du terrorisme. Cette date fait r\u00e9f\u00e9rence aux attentats de Madrid","breadcrumb":{"@id":"https:\/\/www.macapflag.com\/blog\/journee-nationale-et-europeenne-en-hommage-aux-victimes-du-terrorisme\/#breadcrumb"},"inLanguage":"fr-FR","potentialAction":[{"@type":"ReadAction","target":["https:\/\/www.macapflag.com\/blog\/journee-nationale-et-europeenne-en-hommage-aux-victimes-du-terrorisme\/"]}]},{"@type":"ImageObject","inLanguage":"fr-FR","@id":"https:\/\/www.macapflag.com\/blog\/journee-nationale-et-europeenne-en-hommage-aux-victimes-du-terrorisme\/#primaryimage","url":"https:\/\/www.macapflag.com\/blog\/wp-content\/uploads\/2025\/03\/journee-nat-et-UE-hommage-victimes-terrorisme-TITRE.jpg","contentUrl":"https:\/\/www.macapflag.com\/blog\/wp-content\/uploads\/2025\/03\/journee-nat-et-UE-hommage-victimes-terrorisme-TITRE.jpg","width":870,"height":600,"caption":"Journ\u00e9e hommage aux victimes du terrorisme"},{"@type":"BreadcrumbList","@id":"https:\/\/www.macapflag.com\/blog\/journee-nationale-et-europeenne-en-hommage-aux-victimes-du-terrorisme\/#breadcrumb","itemListElement":[{"@type":"ListItem","position":1,"name":"Accueil","item":"https:\/\/www.macapflag.com\/blog\/"},{"@type":"ListItem","position":2,"name":"Journ\u00e9e nationale et europ\u00e9enne en hommage aux victimes du terrorisme"}]},{"@type":"WebSite","@id":"https:\/\/www.macapflag.com\/blog\/#website","url":"https:\/\/www.macapflag.com\/blog\/","name":"Blog - Macap","description":"Tous nos articles","publisher":{"@id":"https:\/\/www.macapflag.com\/blog\/#organization"},"potentialAction":[{"@type":"SearchAction","target":{"@type":"EntryPoint","urlTemplate":"https:\/\/www.macapflag.com\/blog\/?s={search_term_string}"},"query-input":{"@type":"PropertyValueSpecification","valueRequired":true,"valueName":"search_term_string"}}],"inLanguage":"fr-FR"},{"@type":"Organization","@id":"https:\/\/www.macapflag.com\/blog\/#organization","name":"macapflag","url":"https:\/\/www.macapflag.com\/blog\/","logo":{"@type":"ImageObject","inLanguage":"fr-FR","@id":"https:\/\/www.macapflag.com\/blog\/#\/schema\/logo\/image\/","url":"https:\/\/www.macapflag.com\/blog\/wp-content\/uploads\/2020\/12\/cropped-M-512-1.png","contentUrl":"https:\/\/www.macapflag.com\/blog\/wp-content\/uploads\/2020\/12\/cropped-M-512-1.png","width":512,"height":512,"caption":"macapflag"},"image":{"@id":"https:\/\/www.macapflag.com\/blog\/#\/schema\/logo\/image\/"},"sameAs":["https:\/\/www.facebook.com\/macap.pavoisement\/","https:\/\/www.instagram.com\/macapflag\/?hl=fr","https:\/\/www.linkedin.com\/company\/macap\/?originalSubdomain=fr","https:\/\/www.youtube.com\/channel\/UCXNzTIdZh9poEBjSXEqDtNw"]},{"@type":"Person","@id":"https:\/\/www.macapflag.com\/blog\/#\/schema\/person\/3fea701f2603875e651e6b662578fc3c","name":"Blog Macap","image":{"@type":"ImageObject","inLanguage":"fr-FR","@id":"https:\/\/www.macapflag.com\/blog\/#\/schema\/person\/image\/","url":"https:\/\/secure.gravatar.com\/avatar\/c12551f2dc51f0db049633b03e7856985477a70da834cc8967dea4ce54bdd6a2?s=96&d=mm&r=g","contentUrl":"https:\/\/secure.gravatar.com\/avatar\/c12551f2dc51f0db049633b03e7856985477a70da834cc8967dea4ce54bdd6a2?s=96&d=mm&r=g","caption":"Blog Macap"},"url":"https:\/\/www.macapflag.com\/blog\/author\/macap\/"}]}},"_links":{"self":[{"href":"https:\/\/www.macapflag.com\/blog\/wp-json\/wp\/v2\/posts\/19838","targetHints":{"allow":["GET"]}}],"collection":[{"href":"https:\/\/www.macapflag.com\/blog\/wp-json\/wp\/v2\/posts"}],"about":[{"href":"https:\/\/www.macapflag.com\/blog\/wp-json\/wp\/v2\/types\/post"}],"author":[{"embeddable":true,"href":"https:\/\/www.macapflag.com\/blog\/wp-json\/wp\/v2\/users\/2"}],"replies":[{"embeddable":true,"href":"https:\/\/www.macapflag.com\/blog\/wp-json\/wp\/v2\/comments?post=19838"}],"version-history":[{"count":8,"href":"https:\/\/www.macapflag.com\/blog\/wp-json\/wp\/v2\/posts\/19838\/revisions"}],"predecessor-version":[{"id":19908,"href":"https:\/\/www.macapflag.com\/blog\/wp-json\/wp\/v2\/posts\/19838\/revisions\/19908"}],"wp:featuredmedia":[{"embeddable":true,"href":"https:\/\/www.macapflag.com\/blog\/wp-json\/wp\/v2\/media\/19839"}],"wp:attachment":[{"href":"https:\/\/www.macapflag.com\/blog\/wp-json\/wp\/v2\/media?parent=19838"}],"wp:term":[{"taxonomy":"category","embeddable":true,"href":"https:\/\/www.macapflag.com\/blog\/wp-json\/wp\/v2\/categories?post=19838"},{"taxonomy":"post_tag","embeddable":true,"href":"https:\/\/www.macapflag.com\/blog\/wp-json\/wp\/v2\/tags?post=19838"}],"curies":[{"name":"wp","href":"https:\/\/api.w.org\/{rel}","templated":true}]}}