{"id":20055,"date":"2025-04-18T08:00:00","date_gmt":"2025-04-18T06:00:00","guid":{"rendered":"https:\/\/www.macapflag.com\/blog\/?p=20055"},"modified":"2025-03-24T10:23:30","modified_gmt":"2025-03-24T09:23:30","slug":"format-banderoles","status":"publish","type":"post","link":"https:\/\/www.macapflag.com\/blog\/format-banderoles\/","title":{"rendered":"Comment choisir le bon format pour vos affiches et banderoles ?"},"content":{"rendered":"\t\t<div data-elementor-type=\"wp-post\" data-elementor-id=\"20055\" class=\"elementor elementor-20055\">\n\t\t\t\t\t\t<section class=\"elementor-section elementor-top-section elementor-element elementor-element-98bad06 elementor-section-boxed elementor-section-height-default elementor-section-height-default\" data-id=\"98bad06\" data-element_type=\"section\">\n\t\t\t\t\t\t<div class=\"elementor-container elementor-column-gap-default\">\n\t\t\t\t\t<div class=\"elementor-column elementor-col-100 elementor-top-column elementor-element elementor-element-6b4629d\" data-id=\"6b4629d\" data-element_type=\"column\">\n\t\t\t<div class=\"elementor-widget-wrap elementor-element-populated\">\n\t\t\t\t\t\t<div class=\"elementor-element elementor-element-943d547 elementor-widget elementor-widget-text-editor\" data-id=\"943d547\" data-element_type=\"widget\" data-widget_type=\"text-editor.default\">\n\t\t\t\t<div class=\"elementor-widget-container\">\n\t\t\t\t\t\t\t\t\t<p>Lorsqu\u2019il s\u2019agit de communication visuelle, le choix du bon format d\u2019affiche ou de banderole est essentiel pour maximiser l\u2019impact de votre message. Que vous souhaitiez promouvoir un \u00e9v\u00e9nement, annoncer une offre promotionnelle ou renforcer votre image de marque, prenez en compte plusieurs crit\u00e8res : la visibilit\u00e9, l\u2019emplacement, le contenu \u00e0 afficher et \u00e9ventuellement la r\u00e9glementation en vigueur.<\/p><h2>Les affiches : un format pour chaque besoin<\/h2>\t\t\t\t\t\t\t\t<\/div>\n\t\t\t\t<\/div>\n\t\t\t\t\t<\/div>\n\t\t<\/div>\n\t\t\t\t\t<\/div>\n\t\t<\/section>\n\t\t\t\t<section class=\"elementor-section elementor-top-section elementor-element elementor-element-11ae9c4 elementor-section-boxed elementor-section-height-default elementor-section-height-default\" data-id=\"11ae9c4\" data-element_type=\"section\">\n\t\t\t\t\t\t<div class=\"elementor-container elementor-column-gap-default\">\n\t\t\t\t\t<div class=\"elementor-column elementor-col-100 elementor-top-column elementor-element elementor-element-36fae96\" data-id=\"36fae96\" data-element_type=\"column\">\n\t\t\t<div class=\"elementor-widget-wrap elementor-element-populated\">\n\t\t\t\t\t\t<div class=\"elementor-element elementor-element-b2c1bd0 elementor-widget elementor-widget-image\" data-id=\"b2c1bd0\" data-element_type=\"widget\" data-widget_type=\"image.default\">\n\t\t\t\t<div class=\"elementor-widget-container\">\n\t\t\t\t\t\t\t\t\t\t\t\t\t\t\t<img fetchpriority=\"high\" decoding=\"async\" width=\"700\" height=\"534\" src=\"https:\/\/www.macapflag.com\/blog\/wp-content\/uploads\/2025\/03\/1_taille_optimale_affiche_publicitaire_personnalisee.jpg\" class=\"attachment-large size-large wp-image-20059\" alt=\"Taille optimale d&#039;une affiche publicitaire personnalis\u00e9e\" srcset=\"https:\/\/www.macapflag.com\/blog\/wp-content\/uploads\/2025\/03\/1_taille_optimale_affiche_publicitaire_personnalisee.jpg 700w, https:\/\/www.macapflag.com\/blog\/wp-content\/uploads\/2025\/03\/1_taille_optimale_affiche_publicitaire_personnalisee-300x229.jpg 300w\" sizes=\"(max-width: 700px) 100vw, 700px\" \/>\t\t\t\t\t\t\t\t\t\t\t\t\t\t\t<\/div>\n\t\t\t\t<\/div>\n\t\t\t\t\t<\/div>\n\t\t<\/div>\n\t\t\t\t\t<\/div>\n\t\t<\/section>\n\t\t\t\t<section class=\"elementor-section elementor-top-section elementor-element elementor-element-2c1fcd5 elementor-section-boxed elementor-section-height-default elementor-section-height-default\" data-id=\"2c1fcd5\" data-element_type=\"section\">\n\t\t\t\t\t\t<div class=\"elementor-container elementor-column-gap-default\">\n\t\t\t\t\t<div class=\"elementor-column elementor-col-100 elementor-top-column elementor-element elementor-element-ec4d008\" data-id=\"ec4d008\" data-element_type=\"column\">\n\t\t\t<div class=\"elementor-widget-wrap elementor-element-populated\">\n\t\t\t\t\t\t<div class=\"elementor-element elementor-element-8ff4b2f elementor-widget elementor-widget-text-editor\" data-id=\"8ff4b2f\" data-element_type=\"widget\" data-widget_type=\"text-editor.default\">\n\t\t\t\t<div class=\"elementor-widget-container\">\n\t\t\t\t\t\t\t\t\t<h3>Les petits formats (A4 \u00e0 A2) : parfaits pour l\u2019int\u00e9rieur et les espaces restreints<\/h3><ul><li><strong>Format A4 (21 x 29,7 cm)<\/strong> : Id\u00e9al pour un affichage en int\u00e9rieur, sur un tableau d\u2019affichage, un bureau ou une vitrine. Pratique et \u00e9conomique, ce format est recommand\u00e9 pour de courts messages percutants.<\/li><li><strong>Format A3 (29,7 x 42 cm)<\/strong> : Deux fois plus grand que l\u2019A4, il offre une meilleure visibilit\u00e9 et s\u2019adapte aussi bien aux vitrines qu\u2019aux espaces \u00e9v\u00e9nementiels int\u00e9rieurs.<\/li><li><strong>Format A2 (42 x 59,4 cm)<\/strong> : Convient pour un affichage en int\u00e9rieur comme en ext\u00e9rieur. Visible de plus loin, il est parfait pour les espaces commerciaux et les panneaux d\u2019information.<\/li><li><strong>Format B2 (50 x 70 cm)<\/strong> : Un peu plus grand que l\u2019A2, il est souvent utilis\u00e9 pour les affiches en vitrine ou sur des panneaux d\u2019affichage urbains.<\/li><\/ul><h3>Les grands formats (A1 \u00e0 B0) : pour un impact maximal<\/h3><ul><li><strong>Format A1 (59,4 x 84,1 cm)<\/strong> : Adapt\u00e9 aux affiches publicitaires ext\u00e9rieures, aux salons professionnels et aux stop-trottoirs.<\/li><li><strong>Format A0 (84,1 x 118,9 cm)<\/strong> : Avec sa surface de 1 m\u00b2, il est id\u00e9al pour un affichage \u00e9v\u00e9nementiel de grande envergure.<\/li><li><strong>Format B1 (70 x 100 cm) et B0 (100 x 140 cm)<\/strong> : Ces formats assurent une visibilit\u00e9 optimale sur des panneaux publicitaires et lors d\u2019\u00e9v\u00e9nements professionnels.<\/li><\/ul><p><em><strong>Le saviez-vous ?<\/strong><br \/><\/em>Le chiffre A correspond \u00e0 la norme ISO 216 et DIN 476. Ce chiffre indique le nombre de fois o\u00f9 le format de base a \u00e9t\u00e9 divis\u00e9 en deux : une division en moiti\u00e9s d&#8217;une feuille A0 donne deux feuilles A1, dont la division par deux donne ensuite deux feuilles A2 etc.<\/p><h2>Les banderoles : une communication grand format<\/h2>\t\t\t\t\t\t\t\t<\/div>\n\t\t\t\t<\/div>\n\t\t\t\t\t<\/div>\n\t\t<\/div>\n\t\t\t\t\t<\/div>\n\t\t<\/section>\n\t\t\t\t<section class=\"elementor-section elementor-top-section elementor-element elementor-element-333d5d4 elementor-section-boxed elementor-section-height-default elementor-section-height-default\" data-id=\"333d5d4\" data-element_type=\"section\">\n\t\t\t\t\t\t<div class=\"elementor-container elementor-column-gap-default\">\n\t\t\t\t\t<div class=\"elementor-column elementor-col-100 elementor-top-column elementor-element elementor-element-8949266\" data-id=\"8949266\" data-element_type=\"column\">\n\t\t\t<div class=\"elementor-widget-wrap elementor-element-populated\">\n\t\t\t\t\t\t<div class=\"elementor-element elementor-element-8913b31 elementor-widget elementor-widget-image\" data-id=\"8913b31\" data-element_type=\"widget\" data-widget_type=\"image.default\">\n\t\t\t\t<div class=\"elementor-widget-container\">\n\t\t\t\t\t\t\t\t\t\t\t\t\t\t\t<img decoding=\"async\" width=\"700\" height=\"534\" src=\"https:\/\/www.macapflag.com\/blog\/wp-content\/uploads\/2025\/03\/2_banderole_imprimee_personnalisee_fabriquee_en_France.jpg\" class=\"attachment-large size-large wp-image-20060\" alt=\"banderole b\u00e2che imprim\u00e9e fixation grillage\" srcset=\"https:\/\/www.macapflag.com\/blog\/wp-content\/uploads\/2025\/03\/2_banderole_imprimee_personnalisee_fabriquee_en_France.jpg 700w, https:\/\/www.macapflag.com\/blog\/wp-content\/uploads\/2025\/03\/2_banderole_imprimee_personnalisee_fabriquee_en_France-300x229.jpg 300w\" sizes=\"(max-width: 700px) 100vw, 700px\" \/>\t\t\t\t\t\t\t\t\t\t\t\t\t\t\t<\/div>\n\t\t\t\t<\/div>\n\t\t\t\t\t<\/div>\n\t\t<\/div>\n\t\t\t\t\t<\/div>\n\t\t<\/section>\n\t\t\t\t<section class=\"elementor-section elementor-top-section elementor-element elementor-element-0e981ee elementor-section-boxed elementor-section-height-default elementor-section-height-default\" data-id=\"0e981ee\" data-element_type=\"section\">\n\t\t\t\t\t\t<div class=\"elementor-container elementor-column-gap-default\">\n\t\t\t\t\t<div class=\"elementor-column elementor-col-100 elementor-top-column elementor-element elementor-element-0cb3140\" data-id=\"0cb3140\" data-element_type=\"column\">\n\t\t\t<div class=\"elementor-widget-wrap elementor-element-populated\">\n\t\t\t\t\t\t<div class=\"elementor-element elementor-element-c004df9 elementor-widget elementor-widget-text-editor\" data-id=\"c004df9\" data-element_type=\"widget\" data-widget_type=\"text-editor.default\">\n\t\t\t\t<div class=\"elementor-widget-container\">\n\t\t\t\t\t\t\t\t\t<p>Les banderoles publicitaires sont incontournables pour attirer l\u2019attention dans des espaces vastes, que ce soit en ext\u00e9rieur ou en int\u00e9rieur.<\/p><ul><li><strong>Banderole standard (Les formats les plus courants sont 80&#215;200 cm et 100&#215;400)<\/strong> : Polyvalente, elle est souvent utilis\u00e9e pour des salons, des \u00e9v\u00e9nements sportifs ou des devantures de magasin. La banderole est disponible \u00e0 la vente en diff\u00e9rentes mati\u00e8res : Le textile propos\u00e9 en diff\u00e9rentes d\u00e9clinaisons, le PVC ou encore l\u2019intiss\u00e9, cette mati\u00e8re non tiss\u00e9e, \u00e0 mi-chemin entre le tissu et le papier.<\/li><li><strong>Banderole XXL (jusqu\u2019\u00e0 plusieurs m\u00e8tres de long)<\/strong> : Id\u00e9ale pour les grands \u00e9v\u00e9nements ou les chantiers, elle peut pr\u00e9senter un aspect couvrant. La banderole sur-mesure est, elle aussi, propos\u00e9e en plusieurs mati\u00e8res textiles et PVC.<\/li><li><strong>Banderole perfor\u00e9e (mesh)<\/strong> : Con\u00e7ue pour r\u00e9sister durablement aux intemp\u00e9ries, la banderole en mesh, une mati\u00e8re en textile ajour\u00e9 est d\u00e9di\u00e9e \u00e0 un usage en ext\u00e9rieur.<\/li><\/ul>\t\t\t\t\t\t\t\t<\/div>\n\t\t\t\t<\/div>\n\t\t\t\t\t<\/div>\n\t\t<\/div>\n\t\t\t\t\t<\/div>\n\t\t<\/section>\n\t\t\t\t<section class=\"elementor-section elementor-top-section elementor-element elementor-element-1071a58 elementor-section-boxed elementor-section-height-default elementor-section-height-default\" data-id=\"1071a58\" data-element_type=\"section\">\n\t\t\t\t\t\t<div class=\"elementor-container elementor-column-gap-default\">\n\t\t\t\t\t<div class=\"elementor-column elementor-col-33 elementor-top-column elementor-element elementor-element-95295e8\" data-id=\"95295e8\" data-element_type=\"column\">\n\t\t\t<div class=\"elementor-widget-wrap elementor-element-populated\">\n\t\t\t\t\t\t<div class=\"elementor-element elementor-element-d8ac049 elementor-widget elementor-widget-shortcode\" data-id=\"d8ac049\" data-element_type=\"widget\" data-widget_type=\"shortcode.default\">\n\t\t\t\t<div class=\"elementor-widget-container\">\n\t\t\t\t\t\t\t<div class=\"elementor-shortcode\"><div class=\"container p-0 m-0\">\n    <div class=\"row m-0 border\">\n        <div class=\"col-12 grid-didpd-body text-center\">\n            <img decoding=\"async\" src=\"https:\/\/www.macapflag.com\/1859886-home_default\/bache-pvc-fixation-oeillets.jpg\" alt=\"Banderole b&acirc;che PVC avec oeillets 80x200 cm\" class=\"mx-auto\" \/>\n            <div class=\"grid-didpd-text\">\n                <a href=\"https:\/\/www.macapflag.com\/banderole-personnalisee\/329-bache-pvc-fixation-oeillets.html\" target=\"_blank\" class=\"stretched-link\">\n                    <h3>Banderole b\u00e2che PVC avec oeillets 80x200 cm<\/h3>\n                <\/a>\n            <\/div>\n                        <p class=\"text-center font-weight-bold\">37,00 \u20ac HT<\/p>            <div class=\"text-center\">\n                <button class=\"btn btn-primary\">Achat banderole<\/button>\n            <\/div>\n        <\/div>\n    <\/div>\n<\/div>\n<\/div>\n\t\t\t\t\t\t<\/div>\n\t\t\t\t<\/div>\n\t\t\t\t\t<\/div>\n\t\t<\/div>\n\t\t\t\t<div class=\"elementor-column elementor-col-33 elementor-top-column elementor-element elementor-element-4605d0a\" data-id=\"4605d0a\" data-element_type=\"column\">\n\t\t\t<div class=\"elementor-widget-wrap elementor-element-populated\">\n\t\t\t\t\t\t<div class=\"elementor-element elementor-element-772cabc elementor-widget elementor-widget-shortcode\" data-id=\"772cabc\" data-element_type=\"widget\" data-widget_type=\"shortcode.default\">\n\t\t\t\t<div class=\"elementor-widget-container\">\n\t\t\t\t\t\t\t<div class=\"elementor-shortcode\"><div class=\"container p-0 m-0\">\n    <div class=\"row m-0 border\">\n        <div class=\"col-12 grid-didpd-body text-center\">\n            <img decoding=\"async\" src=\"https:\/\/www.macapflag.com\/1859912-home_default\/banderole-intisse-textile-fixation-tourillon-bois-sandows.jpg\" alt=\"Banderole textile avec sandow 80x200 cm\" class=\"mx-auto\" \/>\n            <div class=\"grid-didpd-text\">\n                <a href=\"https:\/\/www.macapflag.com\/banderole-personnalisee\/354-banderole-intisse-textile-fixation-tourillon-bois-sandows.html\" target=\"_blank\" class=\"stretched-link\">\n                    <h3>Banderole textile avec sandow 80x200 cm<\/h3>\n                <\/a>\n            <\/div>\n                        <p class=\"text-center font-weight-bold\">60,00 \u20ac HT<\/p>            <div class=\"text-center\">\n                <button class=\"btn btn-primary\">Achat banderole<\/button>\n            <\/div>\n        <\/div>\n    <\/div>\n<\/div>\n<\/div>\n\t\t\t\t\t\t<\/div>\n\t\t\t\t<\/div>\n\t\t\t\t\t<\/div>\n\t\t<\/div>\n\t\t\t\t<div class=\"elementor-column elementor-col-33 elementor-top-column elementor-element elementor-element-a359339\" data-id=\"a359339\" data-element_type=\"column\">\n\t\t\t<div class=\"elementor-widget-wrap elementor-element-populated\">\n\t\t\t\t\t\t<div class=\"elementor-element elementor-element-dab7b0b elementor-widget elementor-widget-shortcode\" data-id=\"dab7b0b\" data-element_type=\"widget\" data-widget_type=\"shortcode.default\">\n\t\t\t\t<div class=\"elementor-widget-container\">\n\t\t\t\t\t\t\t<div class=\"elementor-shortcode\"><div class=\"container p-0 m-0\">\n    <div class=\"row m-0 border\">\n        <div class=\"col-12 grid-didpd-body text-center\">\n            <img decoding=\"async\" src=\"https:\/\/www.macapflag.com\/1859902-home_default\/bache-pvc-coupe-au-format-sans-fixation.jpg\" alt=\"Banderole b&acirc;che PVC sans fixation 80x200 cm\" class=\"mx-auto\" \/>\n            <div class=\"grid-didpd-text\">\n                <a href=\"https:\/\/www.macapflag.com\/banderole-personnalisee\/331-bache-pvc-coupe-au-format-sans-fixation.html\" target=\"_blank\" class=\"stretched-link\">\n                    <h3>Banderole b\u00e2che PVC sans fixation 80x200 cm<\/h3>\n                <\/a>\n            <\/div>\n                        <p class=\"text-center font-weight-bold\">31,00 \u20ac HT<\/p>            <div class=\"text-center\">\n                <button class=\"btn btn-primary\">Achat banderole<\/button>\n            <\/div>\n        <\/div>\n    <\/div>\n<\/div>\n<\/div>\n\t\t\t\t\t\t<\/div>\n\t\t\t\t<\/div>\n\t\t\t\t\t<\/div>\n\t\t<\/div>\n\t\t\t\t\t<\/div>\n\t\t<\/section>\n\t\t\t\t<section class=\"elementor-section elementor-top-section elementor-element elementor-element-8570bee elementor-section-boxed elementor-section-height-default elementor-section-height-default\" data-id=\"8570bee\" data-element_type=\"section\">\n\t\t\t\t\t\t<div class=\"elementor-container elementor-column-gap-default\">\n\t\t\t\t\t<div class=\"elementor-column elementor-col-100 elementor-top-column elementor-element elementor-element-5ac8441\" data-id=\"5ac8441\" data-element_type=\"column\">\n\t\t\t<div class=\"elementor-widget-wrap elementor-element-populated\">\n\t\t\t\t\t\t<div class=\"elementor-element elementor-element-f610de9 elementor-widget elementor-widget-text-editor\" data-id=\"f610de9\" data-element_type=\"widget\" data-widget_type=\"text-editor.default\">\n\t\t\t\t<div class=\"elementor-widget-container\">\n\t\t\t\t\t\t\t\t\t<h2>La r\u00e9glementation, un \u00e9l\u00e9ment \u00e0 ne pas n\u00e9gliger<\/h2><p>L\u2019affichage publicitaire est soumis \u00e0 des r\u00e8gles strictes, d\u00e9finies notamment par le Code de l\u2019environnement en France. Voici quelques points cl\u00e9s \u00e0 respecter :<\/p><ul><li><strong>Affichage en espace public<\/strong> : L\u2019installation d\u2019affiches et de banderoles sur la voie publique n\u00e9cessite une autorisation de la mairie.<\/li><li><strong>Respect des dimensions r\u00e9glementaires :<\/strong> Certains formats sont limit\u00e9s en fonction du type de support (panneaux, b\u00e2ches tendues, etc.).<\/li><li><strong>Affichage sauvage interdit :<\/strong> L\u2019installation d\u2019affiches hors des espaces d\u00e9di\u00e9s est passible d\u2019amendes.<\/li><li><strong>Dur\u00e9e d\u2019affichage limit\u00e9e :<\/strong> Pour les \u00e9v\u00e9nements temporaires, la dur\u00e9e d\u2019affichage doit \u00eatre conforme aux r\u00e8glements locaux.<\/li><\/ul><p>Avant de faire imprimer vos supports, renseignez-vous aupr\u00e8s de la municipalit\u00e9 concern\u00e9e pour \u00e9viter tout d\u00e9sagr\u00e9ment juridique.<\/p><h2>Comment choisir le bon format pour votre projet ?<\/h2><p>Posez-vous ces questions essentielles :<\/p><ul><li><h3>O\u00f9 sera plac\u00e9e votre affiche ou banderole ?<\/h3>Un format A4 ou A3 convient \u00e0 un affichage int\u00e9rieur, tandis qu\u2019un format A1 ou B1 est recommand\u00e9 pour une visibilit\u00e9 ext\u00e9rieure accrue.<\/li><li><h3>Quel est votre budget ?<\/h3>Pour simplifier ce point, partez de l\u2019id\u00e9e que plus le format est grand, plus le co\u00fbt d\u2019impression est \u00e9lev\u00e9. Choisissez le bon compromis entre visibilit\u00e9 et co\u00fbt.<\/li><li><h3>Quel message souhaitez-vous v\u00e9hiculer ?<\/h3>Une affiche avec beaucoup de texte n\u00e9cessitera un format plus grand pour rester lisible. R\u00e9f\u00e9rez-vous \u00e0 cette fameuse phrase qui dit qu\u2019une image vaut 1000 mots et n\u2019h\u00e9sitez pas \u00e0 \u00e9purer, parfois \u201cless is more\u201d ! Misez sur de beaux visuels de qualit\u00e9.<\/li><\/ul><p>En choisissant le bon format, vous optimisez l\u2019efficacit\u00e9 de votre communication visuelle et captez l\u2019attention de votre audience cible.<\/p><h2>Achetez en ligne votre banderole personnalis\u00e9e imprim\u00e9e en France<\/h2><p>D\u00e9couvrez sur le site <a href=\"https:\/\/www.macapflag.com\/362-banderole-habillage\" target=\"_blank\" rel=\"noopener\"><span style=\"color: #3366ff;\"><strong>Macap<\/strong><\/span><\/a>, la large gamme des <a href=\"https:\/\/www.macapflag.com\/39-banderole-personnalisee\" target=\"_blank\" rel=\"noopener\"><span style=\"color: #3366ff;\"><strong>banderoles imprim\u00e9es<\/strong><\/span><\/a> sur du textile, du PVC ou de l\u2019intiss\u00e9. La banderole imprim\u00e9e est propos\u00e9e en diff\u00e9rentes dimensions standards et sur-mesure, mais aussi en diff\u00e9rentes mati\u00e8res et avec plusieurs modes de fixation. Vous l\u2019aurez compris, chez Macap, chaque banderole imprim\u00e9e est une pi\u00e8ce unique fabriqu\u00e9e sur commande.<\/p><p>Tous les prix indiqu\u00e9s s\u2019entendent impression num\u00e9rique du fichier de votre choix en haute d\u00e9finition comprise.<\/p>\t\t\t\t\t\t\t\t<\/div>\n\t\t\t\t<\/div>\n\t\t\t\t\t<\/div>\n\t\t<\/div>\n\t\t\t\t\t<\/div>\n\t\t<\/section>\n\t\t\t\t<\/div>\n\t\t","protected":false},"excerpt":{"rendered":"<div class=\"tmnf_excerpt\"><p>Lorsqu\u2019il s\u2019agit de communication visuelle, le choix du bon format d\u2019affiche ou de banderole est essentiel pour maximiser l\u2019impact de votre message. Que vous souhaitiez promouvoir un \u00e9v\u00e9nement, annoncer une offre promotionnelle ou renforcer votre image de marque, prenez en compte plusieurs crit\u00e8res : la visibilit\u00e9, l\u2019emplacement, le contenu \u00e0 afficher et \u00e9ventuellement la r\u00e9glementation &hellip;<\/p>\n<\/div>","protected":false},"author":2,"featured_media":20058,"comment_status":"closed","ping_status":"open","sticky":false,"template":"template-fullwidth.php","format":"standard","meta":{"footnotes":""},"categories":[91,93,90],"tags":[],"class_list":["post-20055","post","type-post","status-publish","format-standard","has-post-thumbnail","hentry","category-univers-tech","category-com","category-produits-et-sols"],"yoast_head":"<!-- This site is optimized with the Yoast SEO plugin v26.4 - https:\/\/yoast.com\/wordpress\/plugins\/seo\/ -->\n<title>Comment choisir le bon format pour vos affiches et banderoles ?<\/title>\n<meta name=\"description\" content=\"Quelles sont les dimensions et les formats \u00e0 choisir pour vos affiches et banderoles imprim\u00e9es personnalis\u00e9es.\" \/>\n<meta name=\"robots\" content=\"index, follow, max-snippet:-1, max-image-preview:large, max-video-preview:-1\" \/>\n<link rel=\"canonical\" href=\"https:\/\/www.macapflag.com\/blog\/format-banderoles\/\" \/>\n<meta property=\"og:locale\" content=\"fr_FR\" \/>\n<meta property=\"og:type\" content=\"article\" \/>\n<meta property=\"og:title\" content=\"Comment choisir le bon format pour vos affiches et banderoles ?\" \/>\n<meta property=\"og:description\" content=\"Quelles sont les dimensions et les formats \u00e0 choisir pour vos affiches et banderoles imprim\u00e9es personnalis\u00e9es.\" \/>\n<meta property=\"og:url\" content=\"https:\/\/www.macapflag.com\/blog\/format-banderoles\/\" \/>\n<meta property=\"og:site_name\" content=\"Blog - Macap\" \/>\n<meta property=\"article:publisher\" content=\"https:\/\/www.facebook.com\/macap.pavoisement\/\" \/>\n<meta property=\"article:published_time\" content=\"2025-04-18T06:00:00+00:00\" \/>\n<meta property=\"og:image\" content=\"https:\/\/www.macapflag.com\/blog\/wp-content\/uploads\/2025\/03\/Titre_Quel_est_le_bon_format_pour_une_affiche_ou_une_banderole_personnalisee.jpg\" \/>\n\t<meta property=\"og:image:width\" content=\"870\" \/>\n\t<meta property=\"og:image:height\" content=\"600\" \/>\n\t<meta property=\"og:image:type\" content=\"image\/jpeg\" \/>\n<meta name=\"author\" content=\"Blog Macap\" \/>\n<meta name=\"twitter:card\" content=\"summary_large_image\" \/>\n<meta name=\"twitter:label1\" content=\"\u00c9crit par\" \/>\n\t<meta name=\"twitter:data1\" content=\"Blog Macap\" \/>\n\t<meta name=\"twitter:label2\" content=\"Dur\u00e9e de lecture estim\u00e9e\" \/>\n\t<meta name=\"twitter:data2\" content=\"5 minutes\" \/>\n<script type=\"application\/ld+json\" class=\"yoast-schema-graph\">{\"@context\":\"https:\/\/schema.org\",\"@graph\":[{\"@type\":\"Article\",\"@id\":\"https:\/\/www.macapflag.com\/blog\/format-banderoles\/#article\",\"isPartOf\":{\"@id\":\"https:\/\/www.macapflag.com\/blog\/format-banderoles\/\"},\"author\":{\"name\":\"Blog Macap\",\"@id\":\"https:\/\/www.macapflag.com\/blog\/#\/schema\/person\/3fea701f2603875e651e6b662578fc3c\"},\"headline\":\"Comment choisir le bon format pour vos affiches et banderoles ?\",\"datePublished\":\"2025-04-18T06:00:00+00:00\",\"mainEntityOfPage\":{\"@id\":\"https:\/\/www.macapflag.com\/blog\/format-banderoles\/\"},\"wordCount\":967,\"publisher\":{\"@id\":\"https:\/\/www.macapflag.com\/blog\/#organization\"},\"image\":{\"@id\":\"https:\/\/www.macapflag.com\/blog\/format-banderoles\/#primaryimage\"},\"thumbnailUrl\":\"https:\/\/www.macapflag.com\/blog\/wp-content\/uploads\/2025\/03\/Titre_Quel_est_le_bon_format_pour_une_affiche_ou_une_banderole_personnalisee.jpg\",\"articleSection\":[\"L'univers technique\",\"Le monde de la Com'\",\"Produits &amp; Solutions\"],\"inLanguage\":\"fr-FR\"},{\"@type\":\"WebPage\",\"@id\":\"https:\/\/www.macapflag.com\/blog\/format-banderoles\/\",\"url\":\"https:\/\/www.macapflag.com\/blog\/format-banderoles\/\",\"name\":\"Comment choisir le bon format pour vos affiches et banderoles ?\",\"isPartOf\":{\"@id\":\"https:\/\/www.macapflag.com\/blog\/#website\"},\"primaryImageOfPage\":{\"@id\":\"https:\/\/www.macapflag.com\/blog\/format-banderoles\/#primaryimage\"},\"image\":{\"@id\":\"https:\/\/www.macapflag.com\/blog\/format-banderoles\/#primaryimage\"},\"thumbnailUrl\":\"https:\/\/www.macapflag.com\/blog\/wp-content\/uploads\/2025\/03\/Titre_Quel_est_le_bon_format_pour_une_affiche_ou_une_banderole_personnalisee.jpg\",\"datePublished\":\"2025-04-18T06:00:00+00:00\",\"description\":\"Quelles sont les dimensions et les formats \u00e0 choisir pour vos affiches et banderoles imprim\u00e9es personnalis\u00e9es.\",\"breadcrumb\":{\"@id\":\"https:\/\/www.macapflag.com\/blog\/format-banderoles\/#breadcrumb\"},\"inLanguage\":\"fr-FR\",\"potentialAction\":[{\"@type\":\"ReadAction\",\"target\":[\"https:\/\/www.macapflag.com\/blog\/format-banderoles\/\"]}]},{\"@type\":\"ImageObject\",\"inLanguage\":\"fr-FR\",\"@id\":\"https:\/\/www.macapflag.com\/blog\/format-banderoles\/#primaryimage\",\"url\":\"https:\/\/www.macapflag.com\/blog\/wp-content\/uploads\/2025\/03\/Titre_Quel_est_le_bon_format_pour_une_affiche_ou_une_banderole_personnalisee.jpg\",\"contentUrl\":\"https:\/\/www.macapflag.com\/blog\/wp-content\/uploads\/2025\/03\/Titre_Quel_est_le_bon_format_pour_une_affiche_ou_une_banderole_personnalisee.jpg\",\"width\":870,\"height\":600,\"caption\":\"Quel format choisir pour une affiche ou une banderole\"},{\"@type\":\"BreadcrumbList\",\"@id\":\"https:\/\/www.macapflag.com\/blog\/format-banderoles\/#breadcrumb\",\"itemListElement\":[{\"@type\":\"ListItem\",\"position\":1,\"name\":\"Accueil\",\"item\":\"https:\/\/www.macapflag.com\/blog\/\"},{\"@type\":\"ListItem\",\"position\":2,\"name\":\"Comment choisir le bon format pour vos affiches et banderoles ?\"}]},{\"@type\":\"WebSite\",\"@id\":\"https:\/\/www.macapflag.com\/blog\/#website\",\"url\":\"https:\/\/www.macapflag.com\/blog\/\",\"name\":\"Blog - Macap\",\"description\":\"Tous nos articles\",\"publisher\":{\"@id\":\"https:\/\/www.macapflag.com\/blog\/#organization\"},\"potentialAction\":[{\"@type\":\"SearchAction\",\"target\":{\"@type\":\"EntryPoint\",\"urlTemplate\":\"https:\/\/www.macapflag.com\/blog\/?s={search_term_string}\"},\"query-input\":{\"@type\":\"PropertyValueSpecification\",\"valueRequired\":true,\"valueName\":\"search_term_string\"}}],\"inLanguage\":\"fr-FR\"},{\"@type\":\"Organization\",\"@id\":\"https:\/\/www.macapflag.com\/blog\/#organization\",\"name\":\"macapflag\",\"url\":\"https:\/\/www.macapflag.com\/blog\/\",\"logo\":{\"@type\":\"ImageObject\",\"inLanguage\":\"fr-FR\",\"@id\":\"https:\/\/www.macapflag.com\/blog\/#\/schema\/logo\/image\/\",\"url\":\"https:\/\/www.macapflag.com\/blog\/wp-content\/uploads\/2020\/12\/cropped-M-512-1.png\",\"contentUrl\":\"https:\/\/www.macapflag.com\/blog\/wp-content\/uploads\/2020\/12\/cropped-M-512-1.png\",\"width\":512,\"height\":512,\"caption\":\"macapflag\"},\"image\":{\"@id\":\"https:\/\/www.macapflag.com\/blog\/#\/schema\/logo\/image\/\"},\"sameAs\":[\"https:\/\/www.facebook.com\/macap.pavoisement\/\",\"https:\/\/www.instagram.com\/macapflag\/?hl=fr\",\"https:\/\/www.linkedin.com\/company\/macap\/?originalSubdomain=fr\",\"https:\/\/www.youtube.com\/channel\/UCXNzTIdZh9poEBjSXEqDtNw\"]},{\"@type\":\"Person\",\"@id\":\"https:\/\/www.macapflag.com\/blog\/#\/schema\/person\/3fea701f2603875e651e6b662578fc3c\",\"name\":\"Blog Macap\",\"image\":{\"@type\":\"ImageObject\",\"inLanguage\":\"fr-FR\",\"@id\":\"https:\/\/www.macapflag.com\/blog\/#\/schema\/person\/image\/\",\"url\":\"https:\/\/secure.gravatar.com\/avatar\/c12551f2dc51f0db049633b03e7856985477a70da834cc8967dea4ce54bdd6a2?s=96&d=mm&r=g\",\"contentUrl\":\"https:\/\/secure.gravatar.com\/avatar\/c12551f2dc51f0db049633b03e7856985477a70da834cc8967dea4ce54bdd6a2?s=96&d=mm&r=g\",\"caption\":\"Blog Macap\"},\"url\":\"https:\/\/www.macapflag.com\/blog\/author\/macap\/\"}]}<\/script>\n<!-- \/ Yoast SEO plugin. -->","yoast_head_json":{"title":"Comment choisir le bon format pour vos affiches et banderoles ?","description":"Quelles sont les dimensions et les formats \u00e0 choisir pour vos affiches et banderoles imprim\u00e9es personnalis\u00e9es.","robots":{"index":"index","follow":"follow","max-snippet":"max-snippet:-1","max-image-preview":"max-image-preview:large","max-video-preview":"max-video-preview:-1"},"canonical":"https:\/\/www.macapflag.com\/blog\/format-banderoles\/","og_locale":"fr_FR","og_type":"article","og_title":"Comment choisir le bon format pour vos affiches et banderoles ?","og_description":"Quelles sont les dimensions et les formats \u00e0 choisir pour vos affiches et banderoles imprim\u00e9es personnalis\u00e9es.","og_url":"https:\/\/www.macapflag.com\/blog\/format-banderoles\/","og_site_name":"Blog - Macap","article_publisher":"https:\/\/www.facebook.com\/macap.pavoisement\/","article_published_time":"2025-04-18T06:00:00+00:00","og_image":[{"width":870,"height":600,"url":"https:\/\/www.macapflag.com\/blog\/wp-content\/uploads\/2025\/03\/Titre_Quel_est_le_bon_format_pour_une_affiche_ou_une_banderole_personnalisee.jpg","type":"image\/jpeg"}],"author":"Blog Macap","twitter_card":"summary_large_image","twitter_misc":{"\u00c9crit par":"Blog Macap","Dur\u00e9e de lecture estim\u00e9e":"5 minutes"},"schema":{"@context":"https:\/\/schema.org","@graph":[{"@type":"Article","@id":"https:\/\/www.macapflag.com\/blog\/format-banderoles\/#article","isPartOf":{"@id":"https:\/\/www.macapflag.com\/blog\/format-banderoles\/"},"author":{"name":"Blog Macap","@id":"https:\/\/www.macapflag.com\/blog\/#\/schema\/person\/3fea701f2603875e651e6b662578fc3c"},"headline":"Comment choisir le bon format pour vos affiches et banderoles ?","datePublished":"2025-04-18T06:00:00+00:00","mainEntityOfPage":{"@id":"https:\/\/www.macapflag.com\/blog\/format-banderoles\/"},"wordCount":967,"publisher":{"@id":"https:\/\/www.macapflag.com\/blog\/#organization"},"image":{"@id":"https:\/\/www.macapflag.com\/blog\/format-banderoles\/#primaryimage"},"thumbnailUrl":"https:\/\/www.macapflag.com\/blog\/wp-content\/uploads\/2025\/03\/Titre_Quel_est_le_bon_format_pour_une_affiche_ou_une_banderole_personnalisee.jpg","articleSection":["L'univers technique","Le monde de la Com'","Produits &amp; Solutions"],"inLanguage":"fr-FR"},{"@type":"WebPage","@id":"https:\/\/www.macapflag.com\/blog\/format-banderoles\/","url":"https:\/\/www.macapflag.com\/blog\/format-banderoles\/","name":"Comment choisir le bon format pour vos affiches et banderoles ?","isPartOf":{"@id":"https:\/\/www.macapflag.com\/blog\/#website"},"primaryImageOfPage":{"@id":"https:\/\/www.macapflag.com\/blog\/format-banderoles\/#primaryimage"},"image":{"@id":"https:\/\/www.macapflag.com\/blog\/format-banderoles\/#primaryimage"},"thumbnailUrl":"https:\/\/www.macapflag.com\/blog\/wp-content\/uploads\/2025\/03\/Titre_Quel_est_le_bon_format_pour_une_affiche_ou_une_banderole_personnalisee.jpg","datePublished":"2025-04-18T06:00:00+00:00","description":"Quelles sont les dimensions et les formats \u00e0 choisir pour vos affiches et banderoles imprim\u00e9es personnalis\u00e9es.","breadcrumb":{"@id":"https:\/\/www.macapflag.com\/blog\/format-banderoles\/#breadcrumb"},"inLanguage":"fr-FR","potentialAction":[{"@type":"ReadAction","target":["https:\/\/www.macapflag.com\/blog\/format-banderoles\/"]}]},{"@type":"ImageObject","inLanguage":"fr-FR","@id":"https:\/\/www.macapflag.com\/blog\/format-banderoles\/#primaryimage","url":"https:\/\/www.macapflag.com\/blog\/wp-content\/uploads\/2025\/03\/Titre_Quel_est_le_bon_format_pour_une_affiche_ou_une_banderole_personnalisee.jpg","contentUrl":"https:\/\/www.macapflag.com\/blog\/wp-content\/uploads\/2025\/03\/Titre_Quel_est_le_bon_format_pour_une_affiche_ou_une_banderole_personnalisee.jpg","width":870,"height":600,"caption":"Quel format choisir pour une affiche ou une banderole"},{"@type":"BreadcrumbList","@id":"https:\/\/www.macapflag.com\/blog\/format-banderoles\/#breadcrumb","itemListElement":[{"@type":"ListItem","position":1,"name":"Accueil","item":"https:\/\/www.macapflag.com\/blog\/"},{"@type":"ListItem","position":2,"name":"Comment choisir le bon format pour vos affiches et banderoles ?"}]},{"@type":"WebSite","@id":"https:\/\/www.macapflag.com\/blog\/#website","url":"https:\/\/www.macapflag.com\/blog\/","name":"Blog - Macap","description":"Tous nos articles","publisher":{"@id":"https:\/\/www.macapflag.com\/blog\/#organization"},"potentialAction":[{"@type":"SearchAction","target":{"@type":"EntryPoint","urlTemplate":"https:\/\/www.macapflag.com\/blog\/?s={search_term_string}"},"query-input":{"@type":"PropertyValueSpecification","valueRequired":true,"valueName":"search_term_string"}}],"inLanguage":"fr-FR"},{"@type":"Organization","@id":"https:\/\/www.macapflag.com\/blog\/#organization","name":"macapflag","url":"https:\/\/www.macapflag.com\/blog\/","logo":{"@type":"ImageObject","inLanguage":"fr-FR","@id":"https:\/\/www.macapflag.com\/blog\/#\/schema\/logo\/image\/","url":"https:\/\/www.macapflag.com\/blog\/wp-content\/uploads\/2020\/12\/cropped-M-512-1.png","contentUrl":"https:\/\/www.macapflag.com\/blog\/wp-content\/uploads\/2020\/12\/cropped-M-512-1.png","width":512,"height":512,"caption":"macapflag"},"image":{"@id":"https:\/\/www.macapflag.com\/blog\/#\/schema\/logo\/image\/"},"sameAs":["https:\/\/www.facebook.com\/macap.pavoisement\/","https:\/\/www.instagram.com\/macapflag\/?hl=fr","https:\/\/www.linkedin.com\/company\/macap\/?originalSubdomain=fr","https:\/\/www.youtube.com\/channel\/UCXNzTIdZh9poEBjSXEqDtNw"]},{"@type":"Person","@id":"https:\/\/www.macapflag.com\/blog\/#\/schema\/person\/3fea701f2603875e651e6b662578fc3c","name":"Blog Macap","image":{"@type":"ImageObject","inLanguage":"fr-FR","@id":"https:\/\/www.macapflag.com\/blog\/#\/schema\/person\/image\/","url":"https:\/\/secure.gravatar.com\/avatar\/c12551f2dc51f0db049633b03e7856985477a70da834cc8967dea4ce54bdd6a2?s=96&d=mm&r=g","contentUrl":"https:\/\/secure.gravatar.com\/avatar\/c12551f2dc51f0db049633b03e7856985477a70da834cc8967dea4ce54bdd6a2?s=96&d=mm&r=g","caption":"Blog Macap"},"url":"https:\/\/www.macapflag.com\/blog\/author\/macap\/"}]}},"_links":{"self":[{"href":"https:\/\/www.macapflag.com\/blog\/wp-json\/wp\/v2\/posts\/20055","targetHints":{"allow":["GET"]}}],"collection":[{"href":"https:\/\/www.macapflag.com\/blog\/wp-json\/wp\/v2\/posts"}],"about":[{"href":"https:\/\/www.macapflag.com\/blog\/wp-json\/wp\/v2\/types\/post"}],"author":[{"embeddable":true,"href":"https:\/\/www.macapflag.com\/blog\/wp-json\/wp\/v2\/users\/2"}],"replies":[{"embeddable":true,"href":"https:\/\/www.macapflag.com\/blog\/wp-json\/wp\/v2\/comments?post=20055"}],"version-history":[{"count":10,"href":"https:\/\/www.macapflag.com\/blog\/wp-json\/wp\/v2\/posts\/20055\/revisions"}],"predecessor-version":[{"id":20069,"href":"https:\/\/www.macapflag.com\/blog\/wp-json\/wp\/v2\/posts\/20055\/revisions\/20069"}],"wp:featuredmedia":[{"embeddable":true,"href":"https:\/\/www.macapflag.com\/blog\/wp-json\/wp\/v2\/media\/20058"}],"wp:attachment":[{"href":"https:\/\/www.macapflag.com\/blog\/wp-json\/wp\/v2\/media?parent=20055"}],"wp:term":[{"taxonomy":"category","embeddable":true,"href":"https:\/\/www.macapflag.com\/blog\/wp-json\/wp\/v2\/categories?post=20055"},{"taxonomy":"post_tag","embeddable":true,"href":"https:\/\/www.macapflag.com\/blog\/wp-json\/wp\/v2\/tags?post=20055"}],"curies":[{"name":"wp","href":"https:\/\/api.w.org\/{rel}","templated":true}]}}