{"id":2052,"date":"2018-07-02T11:56:05","date_gmt":"2018-07-02T09:56:05","guid":{"rendered":"https:\/\/www.macapflag.com\/blog\/?p=2052"},"modified":"2021-02-23T15:34:31","modified_gmt":"2021-02-23T14:34:31","slug":"fetes-nationales-et-commemoratives","status":"publish","type":"post","link":"https:\/\/www.macapflag.com\/blog\/fetes-nationales-et-commemoratives\/","title":{"rendered":"F\u00eates nationales et comm\u00e9moratives, quand rien n&#8217;est laiss\u00e9 au hasard &#8230;"},"content":{"rendered":"\t\t<div data-elementor-type=\"wp-post\" data-elementor-id=\"2052\" class=\"elementor elementor-2052\">\n\t\t\t\t\t\t<section class=\"elementor-section elementor-top-section elementor-element elementor-element-59631cc elementor-section-boxed elementor-section-height-default elementor-section-height-default\" data-id=\"59631cc\" data-element_type=\"section\">\n\t\t\t\t\t\t<div class=\"elementor-container elementor-column-gap-default\">\n\t\t\t\t\t<div class=\"elementor-column elementor-col-100 elementor-top-column elementor-element elementor-element-e872177\" data-id=\"e872177\" data-element_type=\"column\">\n\t\t\t<div class=\"elementor-widget-wrap elementor-element-populated\">\n\t\t\t\t\t\t<div class=\"elementor-element elementor-element-dd82bdf elementor-widget elementor-widget-text-editor\" data-id=\"dd82bdf\" data-element_type=\"widget\" data-widget_type=\"text-editor.default\">\n\t\t\t\t<div class=\"elementor-widget-container\">\n\t\t\t\t\t\t\t\t\t<p><span style=\"color: #000000; font-size: 14pt;\"><em>Les c\u00e9l\u00e9brations, comm\u00e9morations et autres f\u00eates nationales doivent r\u00e9pondre \u00e0 un cahier des charges pr\u00e9cis, tant au niveau du respect de l\u2019ordre protocolaire des participants que du pavoisement des \u00e9difices. Toute l\u2019organisation de ces \u00e9v\u00e8nements officiels tiendra compte des r\u00e8gles \u00e0 respecter.<\/em><\/span><\/p><p><span style=\"color: #000000; font-size: 16pt;\"><strong>Les c\u00e9r\u00e9monies publiques &amp; comm\u00e9moratives<\/strong><\/span><\/p><h2 style=\"text-align: left;\"><span style=\"color: #000000; font-size: 14pt;\">\u00ab\u00a0Les c\u00e9r\u00e9monies publiques sont organis\u00e9es sur ordre du Gouvernement ou \u00e0 l\u2019initiative d\u2019une autorit\u00e9 publique. Les ordres du Gouvernement pour la c\u00e9l\u00e9bration des c\u00e9r\u00e9monies publiques d\u00e9terminent le lieu des c\u00e9r\u00e9monies et pr\u00e9cisent quels autorit\u00e9s et corps constitu\u00e9s y seront convoqu\u00e9s ou invit\u00e9s.\u00a0\u00bb<\/span><\/h2><p><span style=\"color: #000000; font-size: 14pt;\">Article 1er du d\u00e9cret n\u00b0 89-655 du 13 Septembre 1989.<\/span><\/p>\t\t\t\t\t\t\t\t<\/div>\n\t\t\t\t<\/div>\n\t\t\t\t\t<\/div>\n\t\t<\/div>\n\t\t\t\t\t<\/div>\n\t\t<\/section>\n\t\t\t\t<section class=\"elementor-section elementor-top-section elementor-element elementor-element-d118630 elementor-section-boxed elementor-section-height-default elementor-section-height-default\" data-id=\"d118630\" data-element_type=\"section\">\n\t\t\t\t\t\t<div class=\"elementor-container elementor-column-gap-default\">\n\t\t\t\t\t<div class=\"elementor-column elementor-col-100 elementor-top-column elementor-element elementor-element-dc08608\" data-id=\"dc08608\" data-element_type=\"column\">\n\t\t\t<div class=\"elementor-widget-wrap elementor-element-populated\">\n\t\t\t\t\t\t<div class=\"elementor-element elementor-element-399c704 elementor-widget elementor-widget-text-editor\" data-id=\"399c704\" data-element_type=\"widget\" data-widget_type=\"text-editor.default\">\n\t\t\t\t<div class=\"elementor-widget-container\">\n\t\t\t\t\t\t\t\t\t<h2><span style=\"color: #000000; font-size: 16pt;\"><strong>Les rangs et pr\u00e9s\u00e9ances lors d\u2019une c\u00e9r\u00e9monie<\/strong><\/span><\/h2><p><span style=\"color: #000000; font-size: 14pt;\">L\u2019ordre protocolaire est un point important. Il d\u00e9termine le placement des invit\u00e9s lors des c\u00e9r\u00e9monies publiques, l\u2019ordre de la prise de parole ou celui dans lequel ils effectueront le d\u00e9p\u00f4t de gerbe.<\/span><\/p><p><span style=\"color: #000000; font-size: 14pt;\">L\u2019ordre protocolaire pour les d\u00e9partements autres que Paris<\/span><\/p><p><span style=\"color: #000000; font-size: 14pt;\">1 Le pr\u00e9fet, repr\u00e9sentant de l\u2019\u00c9tat dans le d\u00e9partement ou la collectivit\u00e9<br \/><\/span><span style=\"color: #000000; font-size: 14pt;\">2 Les d\u00e9put\u00e9s (rang selon l\u2019anciennet\u00e9 dans le mandat)<br \/><\/span><span style=\"color: #000000; font-size: 14pt;\">3 Les s\u00e9nateurs (rang selon l\u2019anciennet\u00e9 dans le mandat)<br \/><\/span><span style=\"color: #000000; font-size: 14pt;\">4 Les repr\u00e9sentants au Parlement europ\u00e9en<br \/><\/span><span style=\"color: #000000; font-size: 14pt;\">5 Le pr\u00e9sident du conseil r\u00e9gional<br \/><\/span><span style=\"color: #000000; font-size: 14pt;\">6 Le pr\u00e9sident du conseil g\u00e9n\u00e9ral<br \/><\/span><span style=\"color: #000000; font-size: 14pt;\">7 Le maire de la commune dans laquelle se d\u00e9roule la c\u00e9r\u00e9monie, puis les maires invit\u00e9s (rang selon l\u2019anciennet\u00e9 dans le mandat)<br \/><\/span><span style=\"color: #000000; font-size: 14pt;\">8 Le g\u00e9n\u00e9ral commandant la r\u00e9gion terre, l\u2019amiral commandant la r\u00e9gion maritime, le g\u00e9n\u00e9ral commandant la r\u00e9gion a\u00e9rienne, le g\u00e9n\u00e9ral commandant la r\u00e9gion de gendarmerie<br \/><\/span><span style=\"color: #000000; font-size: 14pt;\">9 Le pr\u00e9sident de la cour administrative d\u2019appel, le premier pr\u00e9sident de la cour d\u2019appel et <\/span><span style=\"color: #000000; font-size: 14pt;\">le procureur g\u00e9n\u00e9ral pr\u00e8s cette cour<br \/><\/span><span style=\"color: #000000; font-size: 14pt;\">10 L\u2019amiral commandant l\u2019arrondissement maritime, le g\u00e9n\u00e9ral commandant la r\u00e9gion de gendarmerie<br \/><\/span><span style=\"color: #000000; font-size: 14pt;\">14 Les membres du conseil r\u00e9gional<br \/><\/span><span style=\"color: #000000; font-size: 14pt;\">15 Les membres du conseil g\u00e9n\u00e9ral<br \/><\/span><span style=\"color: #000000; font-size: 14pt;\">24 Le directeur g\u00e9n\u00e9ral des services de la r\u00e9gion<br \/><\/span><span style=\"color: #000000; font-size: 14pt;\">25 Le directeur g\u00e9n\u00e9ral des services du d\u00e9partement<br \/><\/span><span style=\"color: #000000; font-size: 14pt;\">26 Les conseillers municipaux de la commune dans laquelle se d\u00e9roule la c\u00e9r\u00e9monie<br \/><\/span><span style=\"color: #000000; font-size: 14pt;\">27 Le secr\u00e9taire g\u00e9n\u00e9ral de la commune dans laquelle se d\u00e9roule la c\u00e9r\u00e9monie<\/span><\/p><p><span style=\"color: #000000; font-size: 14pt;\">\u00a0<\/span><\/p><h2><span style=\"color: #000000; font-size: 16pt;\"><strong>Le positionnement des autorit\u00e9s pendant une c\u00e9r\u00e9monie<\/strong><\/span><\/h2><p><span style=\"color: #000000; font-size: 14pt;\">Les autorit\u00e9s qui assistent \u00e0 une c\u00e9r\u00e9monie publique prennent place selon l\u2019ordre indiqu\u00e9 pr\u00e9c\u00e9demment. Si cela est possible, la ligne protocolaire sera limit\u00e9e \u00e0 une ligne.<\/span><\/p>\t\t\t\t\t\t\t\t<\/div>\n\t\t\t\t<\/div>\n\t\t\t\t\t<\/div>\n\t\t<\/div>\n\t\t\t\t\t<\/div>\n\t\t<\/section>\n\t\t\t\t<section class=\"elementor-section elementor-top-section elementor-element elementor-element-dc5c463 elementor-section-boxed elementor-section-height-default elementor-section-height-default\" data-id=\"dc5c463\" data-element_type=\"section\">\n\t\t\t\t\t\t<div class=\"elementor-container elementor-column-gap-default\">\n\t\t\t\t\t<div class=\"elementor-column elementor-col-25 elementor-top-column elementor-element elementor-element-e7bccb1\" data-id=\"e7bccb1\" data-element_type=\"column\">\n\t\t\t<div class=\"elementor-widget-wrap\">\n\t\t\t\t\t\t\t<\/div>\n\t\t<\/div>\n\t\t\t\t<div class=\"elementor-column elementor-col-50 elementor-top-column elementor-element elementor-element-31c1633\" data-id=\"31c1633\" data-element_type=\"column\">\n\t\t\t<div class=\"elementor-widget-wrap elementor-element-populated\">\n\t\t\t\t\t\t<div class=\"elementor-element elementor-element-a41298b elementor-widget elementor-widget-image\" data-id=\"a41298b\" data-element_type=\"widget\" data-widget_type=\"image.default\">\n\t\t\t\t<div class=\"elementor-widget-container\">\n\t\t\t\t\t\t\t\t\t\t\t\t\t\t\t<img fetchpriority=\"high\" decoding=\"async\" width=\"700\" height=\"537\" src=\"https:\/\/www.macapflag.com\/blog\/wp-content\/uploads\/2018\/07\/B.jpg\" class=\"elementor-animation-grow attachment-large size-large wp-image-2059\" alt=\"drapeau-accessoire-c\u00e9r\u00e9monie-macap\" \/>\t\t\t\t\t\t\t\t\t\t\t\t\t\t\t<\/div>\n\t\t\t\t<\/div>\n\t\t\t\t\t<\/div>\n\t\t<\/div>\n\t\t\t\t<div class=\"elementor-column elementor-col-25 elementor-top-column elementor-element elementor-element-d93a844\" data-id=\"d93a844\" data-element_type=\"column\">\n\t\t\t<div class=\"elementor-widget-wrap\">\n\t\t\t\t\t\t\t<\/div>\n\t\t<\/div>\n\t\t\t\t\t<\/div>\n\t\t<\/section>\n\t\t\t\t<section class=\"elementor-section elementor-top-section elementor-element elementor-element-62b34fd elementor-section-boxed elementor-section-height-default elementor-section-height-default\" data-id=\"62b34fd\" data-element_type=\"section\">\n\t\t\t\t\t\t<div class=\"elementor-container elementor-column-gap-default\">\n\t\t\t\t\t<div class=\"elementor-column elementor-col-100 elementor-top-column elementor-element elementor-element-78ba6f0\" data-id=\"78ba6f0\" data-element_type=\"column\">\n\t\t\t<div class=\"elementor-widget-wrap elementor-element-populated\">\n\t\t\t\t\t\t<div class=\"elementor-element elementor-element-6c76080 elementor-widget elementor-widget-text-editor\" data-id=\"6c76080\" data-element_type=\"widget\" data-widget_type=\"text-editor.default\">\n\t\t\t\t<div class=\"elementor-widget-container\">\n\t\t\t\t\t\t\t\t\t<h2><span style=\"color: #000000; font-size: 16pt;\"><strong>Le pavoisement des \u00e9difices publics et non publics<\/strong><\/span><\/h2><p><span style=\"color: #000000; font-size: 14pt;\">Le <span style=\"color: #3366ff;\"><a style=\"color: #3366ff;\" href=\"https:\/\/www.macapflag.com\/drapeau-officiel\/303-drapeau-officiel-classique-francais.html\" target=\"_blank\" rel=\"noopener\"><strong>drapeau bleu blanc rouge<\/strong><\/a><\/span> est l\u2019embl\u00e8me national et le seul obligatoire lors de la c\u00e9l\u00e9bration de comm\u00e9morations nationales. Le premier ministre a autorit\u00e9 pour le pavoisement des b\u00e2timents publics. Il communique les instructions aux maires via le pr\u00e9fet lors des c\u00e9r\u00e9monies nationales, r\u00e9ceptions de chefs d\u2019Etat \u00e9trangers et mises en berne des drapeaux lors des deuils officiels.<\/span><\/p><p><span style=\"color: #000000; font-size: 14pt;\">Un Maire peut \u00e9galement d\u00e9cider de pavoiser librement un \u00e9difice non public mais un \u00e9difice public ne pourra \u00eatre pavois\u00e9 que du drapeau national.<\/span><\/p>\t\t\t\t\t\t\t\t<\/div>\n\t\t\t\t<\/div>\n\t\t\t\t\t<\/div>\n\t\t<\/div>\n\t\t\t\t\t<\/div>\n\t\t<\/section>\n\t\t\t\t<section class=\"elementor-section elementor-top-section elementor-element elementor-element-1f44188 elementor-section-boxed elementor-section-height-default elementor-section-height-default\" data-id=\"1f44188\" data-element_type=\"section\">\n\t\t\t\t\t\t<div class=\"elementor-container elementor-column-gap-default\">\n\t\t\t\t\t<div class=\"elementor-column elementor-col-100 elementor-top-column elementor-element elementor-element-ab37d5d\" data-id=\"ab37d5d\" data-element_type=\"column\">\n\t\t\t<div class=\"elementor-widget-wrap elementor-element-populated\">\n\t\t\t\t\t\t<div class=\"elementor-element elementor-element-4d46464 elementor-widget elementor-widget-text-editor\" data-id=\"4d46464\" data-element_type=\"widget\" data-widget_type=\"text-editor.default\">\n\t\t\t\t<div class=\"elementor-widget-container\">\n\t\t\t\t\t\t\t\t\t<h2><span style=\"color: #000000; font-size: 16pt;\"><strong>Et le drapeau europ\u00e9en\u00a0?&#8230;\u00a0<\/strong><\/span><\/h2><p><span style=\"font-size: 14pt;\"><span style=\"color: #000000;\">Avec ses 12 \u00e9toiles sur un fond bleu, Il a \u00e9t\u00e9 cr\u00e9\u00e9 en 1955 par le Comit\u00e9 des ministres du <\/span><span style=\"color: #000000;\">Conseil de l\u2019Europe. Le <strong><span style=\"color: #3366ff;\"><a style=\"color: #3366ff;\" href=\"https:\/\/www.macapflag.com\/drapeau-officiel\/304-drapeau-officiel-classique-union-europeenne.html\" target=\"_blank\" rel=\"noopener\">drapeau europ\u00e9en<\/a> <\/span><\/strong>peut \u00eatre associ\u00e9 au drapeau tricolore en \u00e9tant plac\u00e9 \u00e0 sa droite. Il n\u2019est obligatoire sur les \u00e9difices publics que le 9 Mai, journ\u00e9e de l\u2019Europe et sur les fa\u00e7ades des \u00e9coles depuis la loi Peillon du 8 Juillet 2013.<\/span><\/span><\/p>\t\t\t\t\t\t\t\t<\/div>\n\t\t\t\t<\/div>\n\t\t\t\t\t<\/div>\n\t\t<\/div>\n\t\t\t\t\t<\/div>\n\t\t<\/section>\n\t\t\t\t<section class=\"elementor-section elementor-top-section elementor-element elementor-element-57ba44c elementor-section-boxed elementor-section-height-default elementor-section-height-default\" data-id=\"57ba44c\" data-element_type=\"section\">\n\t\t\t\t\t\t<div class=\"elementor-container elementor-column-gap-default\">\n\t\t\t\t\t<div class=\"elementor-column elementor-col-25 elementor-top-column elementor-element elementor-element-2c24560\" data-id=\"2c24560\" data-element_type=\"column\">\n\t\t\t<div class=\"elementor-widget-wrap\">\n\t\t\t\t\t\t\t<\/div>\n\t\t<\/div>\n\t\t\t\t<div class=\"elementor-column elementor-col-50 elementor-top-column elementor-element elementor-element-df67bf3\" data-id=\"df67bf3\" data-element_type=\"column\">\n\t\t\t<div class=\"elementor-widget-wrap elementor-element-populated\">\n\t\t\t\t\t\t<div class=\"elementor-element elementor-element-cb6c953 elementor-widget elementor-widget-image\" data-id=\"cb6c953\" data-element_type=\"widget\" data-widget_type=\"image.default\">\n\t\t\t\t<div class=\"elementor-widget-container\">\n\t\t\t\t\t\t\t\t\t\t\t\t\t\t\t<img decoding=\"async\" width=\"700\" height=\"537\" src=\"https:\/\/www.macapflag.com\/blog\/wp-content\/uploads\/2018\/07\/C.jpg\" class=\"elementor-animation-grow attachment-large size-large wp-image-2060\" alt=\"drapeau europe\" srcset=\"https:\/\/www.macapflag.com\/blog\/wp-content\/uploads\/2018\/07\/C.jpg 700w, https:\/\/www.macapflag.com\/blog\/wp-content\/uploads\/2018\/07\/C-300x230.jpg 300w, https:\/\/www.macapflag.com\/blog\/wp-content\/uploads\/2018\/07\/C-80x60.jpg 80w, https:\/\/www.macapflag.com\/blog\/wp-content\/uploads\/2018\/07\/C-696x534.jpg 696w, https:\/\/www.macapflag.com\/blog\/wp-content\/uploads\/2018\/07\/C-547x420.jpg 547w\" sizes=\"(max-width: 700px) 100vw, 700px\" \/>\t\t\t\t\t\t\t\t\t\t\t\t\t\t\t<\/div>\n\t\t\t\t<\/div>\n\t\t\t\t\t<\/div>\n\t\t<\/div>\n\t\t\t\t<div class=\"elementor-column elementor-col-25 elementor-top-column elementor-element elementor-element-aea78c5\" data-id=\"aea78c5\" data-element_type=\"column\">\n\t\t\t<div class=\"elementor-widget-wrap\">\n\t\t\t\t\t\t\t<\/div>\n\t\t<\/div>\n\t\t\t\t\t<\/div>\n\t\t<\/section>\n\t\t\t\t<section class=\"elementor-section elementor-top-section elementor-element elementor-element-1c78828 elementor-section-boxed elementor-section-height-default elementor-section-height-default\" data-id=\"1c78828\" data-element_type=\"section\">\n\t\t\t\t\t\t<div class=\"elementor-container elementor-column-gap-default\">\n\t\t\t\t\t<div class=\"elementor-column elementor-col-100 elementor-top-column elementor-element elementor-element-b578e3a\" data-id=\"b578e3a\" data-element_type=\"column\">\n\t\t\t<div class=\"elementor-widget-wrap elementor-element-populated\">\n\t\t\t\t\t\t<div class=\"elementor-element elementor-element-50d6b55 elementor-widget elementor-widget-text-editor\" data-id=\"50d6b55\" data-element_type=\"widget\" data-widget_type=\"text-editor.default\">\n\t\t\t\t<div class=\"elementor-widget-container\">\n\t\t\t\t\t\t\t\t\t<p><span style=\"color: #000000; font-size: 16pt;\"><strong>Les drapeaux \u00e9trangers et autres drapeaux<br \/><\/strong><\/span><span style=\"color: #000000; font-size: 14pt;\">Lorsqu\u2019une personnalit\u00e9 \u00e9trang\u00e8re est en visite officielle en France, la tradition est de l\u2019honorer en disposant le drapeau de son pays \u00e0 c\u00f4t\u00e9 du drapeau tricolore. Il en va de m\u00eame parfois pour des embl\u00e8mes r\u00e9gionaux ou d\u00e9partementaux qui peuvent temporairement \u00eatre accol\u00e9s au drapeau fran\u00e7ais sans toutefois lui voler la vedette\u00a0!<\/span><\/p>\t\t\t\t\t\t\t\t<\/div>\n\t\t\t\t<\/div>\n\t\t\t\t\t<\/div>\n\t\t<\/div>\n\t\t\t\t\t<\/div>\n\t\t<\/section>\n\t\t\t\t<section class=\"elementor-section elementor-top-section elementor-element elementor-element-4e857b5 elementor-section-boxed elementor-section-height-default elementor-section-height-default\" data-id=\"4e857b5\" data-element_type=\"section\">\n\t\t\t\t\t\t<div class=\"elementor-container elementor-column-gap-default\">\n\t\t\t\t\t<div class=\"elementor-column elementor-col-25 elementor-top-column elementor-element elementor-element-817619c\" data-id=\"817619c\" data-element_type=\"column\">\n\t\t\t<div class=\"elementor-widget-wrap\">\n\t\t\t\t\t\t\t<\/div>\n\t\t<\/div>\n\t\t\t\t<div class=\"elementor-column elementor-col-50 elementor-top-column elementor-element elementor-element-818b697\" data-id=\"818b697\" data-element_type=\"column\">\n\t\t\t<div class=\"elementor-widget-wrap elementor-element-populated\">\n\t\t\t\t\t\t<div class=\"elementor-element elementor-element-21dbbe0 elementor-widget elementor-widget-image\" data-id=\"21dbbe0\" data-element_type=\"widget\" data-widget_type=\"image.default\">\n\t\t\t\t<div class=\"elementor-widget-container\">\n\t\t\t\t\t\t\t\t\t\t\t\t\t\t\t<img decoding=\"async\" width=\"700\" height=\"537\" src=\"https:\/\/www.macapflag.com\/blog\/wp-content\/uploads\/2018\/07\/D.jpg\" class=\"elementor-animation-grow attachment-large size-large wp-image-2061\" alt=\"drapeau-fran\u00e7ais\" srcset=\"https:\/\/www.macapflag.com\/blog\/wp-content\/uploads\/2018\/07\/D.jpg 700w, https:\/\/www.macapflag.com\/blog\/wp-content\/uploads\/2018\/07\/D-300x230.jpg 300w, https:\/\/www.macapflag.com\/blog\/wp-content\/uploads\/2018\/07\/D-80x60.jpg 80w, https:\/\/www.macapflag.com\/blog\/wp-content\/uploads\/2018\/07\/D-696x534.jpg 696w, https:\/\/www.macapflag.com\/blog\/wp-content\/uploads\/2018\/07\/D-547x420.jpg 547w\" sizes=\"(max-width: 700px) 100vw, 700px\" \/>\t\t\t\t\t\t\t\t\t\t\t\t\t\t\t<\/div>\n\t\t\t\t<\/div>\n\t\t\t\t\t<\/div>\n\t\t<\/div>\n\t\t\t\t<div class=\"elementor-column elementor-col-25 elementor-top-column elementor-element elementor-element-e6892b4\" data-id=\"e6892b4\" data-element_type=\"column\">\n\t\t\t<div class=\"elementor-widget-wrap\">\n\t\t\t\t\t\t\t<\/div>\n\t\t<\/div>\n\t\t\t\t\t<\/div>\n\t\t<\/section>\n\t\t\t\t<section class=\"elementor-section elementor-top-section elementor-element elementor-element-f17f1d6 elementor-section-boxed elementor-section-height-default elementor-section-height-default\" data-id=\"f17f1d6\" data-element_type=\"section\">\n\t\t\t\t\t\t<div class=\"elementor-container elementor-column-gap-default\">\n\t\t\t\t\t<div class=\"elementor-column elementor-col-100 elementor-top-column elementor-element elementor-element-a062271\" data-id=\"a062271\" data-element_type=\"column\">\n\t\t\t<div class=\"elementor-widget-wrap elementor-element-populated\">\n\t\t\t\t\t\t<div class=\"elementor-element elementor-element-c6d3e22 elementor-widget elementor-widget-text-editor\" data-id=\"c6d3e22\" data-element_type=\"widget\" data-widget_type=\"text-editor.default\">\n\t\t\t\t<div class=\"elementor-widget-container\">\n\t\t\t\t\t\t\t\t\t<h2><span style=\"color: #000000;\"><strong><span style=\"font-size: 16pt;\">L\u2019\u00e9charpe tricolore<\/span><\/strong><\/span><br \/><u><\/u><span style=\"font-size: 14pt;\"><span style=\"color: #000000;\">C\u2019est le seul \u00e9l\u00e9ment de l\u2019uniforme des maires.<br \/><\/span><span style=\"color: #000000;\">Les maires portent l\u2019<a style=\"color: #000000;\" href=\"https:\/\/www.macapflag.com\/ceremonie\/202-echarpe-de-maire-et-de-parlementaire.html\" target=\"_blank\" rel=\"noopener\"><strong><span style=\"color: #3366ff;\">\u00e9charpe tricolore<\/span><\/strong><\/a> avec glands \u00e0 franges d\u2019or dans les c\u00e9r\u00e9monies publiques et toutes les fois que l\u2019exercice de leurs fonctions peut rendre n\u00e9cessaire ce signe distinctif de leur autorit\u00e9.<br \/><\/span><span style=\"color: #000000;\">Les adjoints et conseillers municipaux portent l\u2019\u00e9charpe tricolore avec glands \u00e0 franges d\u2019argent dans l\u2019exercice de leurs fonctions d\u2019officier d\u2019\u00e9tat civil et d\u2019officier de police judiciaire, <\/span><span style=\"color: #000000;\">et seulement lorsqu\u2019ils remplacent ou repr\u00e9sentent le maire.<\/span><\/span><\/h2><h2><span style=\"font-size: 14pt;\"><span style=\"color: #000000;\">Avant 1830, l\u2019\u00e9charpe tricolore se portait toujours \u00e0 la ceinture. Depuis, elle peut \u00eatre port\u00e9e soit en ceinture, soit de l\u2019\u00e9paule droite au c\u00f4t\u00e9 gauche. Lorsqu\u2019elle est port\u00e9e en ceinture, l\u2019ordre des couleurs fait figurer le bleu en haut. Lorsqu\u2019elle est port\u00e9e en \u00e9charpe, l\u2019ordre des couleurs fait figurer le bleu pr\u00e8s du col, par diff\u00e9renciation avec l\u2019ordre adopt\u00e9 par les parlementaires, depuis plus d\u2019un si\u00e8cle, qui place le rouge pr\u00e8s du col.<\/span><\/span><\/h2><p><span style=\"color: #000000; font-size: 14pt;\">En cas de cumul des mandats, c\u2019est le mandat national qui pr\u00e9vaut.<\/span><\/p>\t\t\t\t\t\t\t\t<\/div>\n\t\t\t\t<\/div>\n\t\t\t\t\t<\/div>\n\t\t<\/div>\n\t\t\t\t\t<\/div>\n\t\t<\/section>\n\t\t\t\t<section class=\"elementor-section elementor-top-section elementor-element elementor-element-a548fcc elementor-section-boxed elementor-section-height-default elementor-section-height-default\" data-id=\"a548fcc\" data-element_type=\"section\">\n\t\t\t\t\t\t<div class=\"elementor-container elementor-column-gap-default\">\n\t\t\t\t\t<div class=\"elementor-column elementor-col-25 elementor-top-column elementor-element elementor-element-147ee7e\" data-id=\"147ee7e\" data-element_type=\"column\">\n\t\t\t<div class=\"elementor-widget-wrap\">\n\t\t\t\t\t\t\t<\/div>\n\t\t<\/div>\n\t\t\t\t<div class=\"elementor-column elementor-col-50 elementor-top-column elementor-element elementor-element-3b7cc38\" data-id=\"3b7cc38\" data-element_type=\"column\">\n\t\t\t<div class=\"elementor-widget-wrap elementor-element-populated\">\n\t\t\t\t\t\t<div class=\"elementor-element elementor-element-4a16be1 elementor-widget elementor-widget-image\" data-id=\"4a16be1\" data-element_type=\"widget\" data-widget_type=\"image.default\">\n\t\t\t\t<div class=\"elementor-widget-container\">\n\t\t\t\t\t\t\t\t\t\t\t\t\t\t\t<img loading=\"lazy\" decoding=\"async\" width=\"700\" height=\"537\" src=\"https:\/\/www.macapflag.com\/blog\/wp-content\/uploads\/2018\/07\/E.jpg\" class=\"elementor-animation-grow attachment-large size-large wp-image-2062\" alt=\"echarpe-tricolore-maire\" srcset=\"https:\/\/www.macapflag.com\/blog\/wp-content\/uploads\/2018\/07\/E.jpg 700w, https:\/\/www.macapflag.com\/blog\/wp-content\/uploads\/2018\/07\/E-300x230.jpg 300w, https:\/\/www.macapflag.com\/blog\/wp-content\/uploads\/2018\/07\/E-80x60.jpg 80w, https:\/\/www.macapflag.com\/blog\/wp-content\/uploads\/2018\/07\/E-696x534.jpg 696w, https:\/\/www.macapflag.com\/blog\/wp-content\/uploads\/2018\/07\/E-547x420.jpg 547w\" sizes=\"(max-width: 700px) 100vw, 700px\" \/>\t\t\t\t\t\t\t\t\t\t\t\t\t\t\t<\/div>\n\t\t\t\t<\/div>\n\t\t\t\t\t<\/div>\n\t\t<\/div>\n\t\t\t\t<div class=\"elementor-column elementor-col-25 elementor-top-column elementor-element elementor-element-2b46622\" data-id=\"2b46622\" data-element_type=\"column\">\n\t\t\t<div class=\"elementor-widget-wrap\">\n\t\t\t\t\t\t\t<\/div>\n\t\t<\/div>\n\t\t\t\t\t<\/div>\n\t\t<\/section>\n\t\t\t\t<section class=\"elementor-section elementor-top-section elementor-element elementor-element-2e3c791 elementor-section-boxed elementor-section-height-default elementor-section-height-default\" data-id=\"2e3c791\" data-element_type=\"section\">\n\t\t\t\t\t\t<div class=\"elementor-container elementor-column-gap-default\">\n\t\t\t\t\t<div class=\"elementor-column elementor-col-100 elementor-top-column elementor-element elementor-element-b84bb7a\" data-id=\"b84bb7a\" data-element_type=\"column\">\n\t\t\t<div class=\"elementor-widget-wrap elementor-element-populated\">\n\t\t\t\t\t\t<div class=\"elementor-element elementor-element-0b14793 elementor-widget elementor-widget-text-editor\" data-id=\"0b14793\" data-element_type=\"widget\" data-widget_type=\"text-editor.default\">\n\t\t\t\t<div class=\"elementor-widget-container\">\n\t\t\t\t\t\t\t\t\t<p><img loading=\"lazy\" decoding=\"async\" class=\"size-full wp-image-2887 aligncenter\" src=\"https:\/\/www.macapflag.com\/blog\/wp-content\/uploads\/2018\/10\/picto-newsactu235x135.gif\" alt=\"\" width=\"235\" height=\"135\" \/><\/p><p style=\"text-align: center;\"><span style=\"font-size: 14pt;\"><span style=\"color: #000000;\"><strong><span style=\"font-family: 'Futura Bk BT';\">Macap<\/span><\/strong><\/span> <span style=\"color: #808080;\"><strong><span style=\"font-family: 'Futura Bk BT';\">&#8211; 2 Juillet 2018 <\/span><\/strong><\/span><\/span><\/p><p style=\"text-align: center;\">\u00a0<\/p>\t\t\t\t\t\t\t\t<\/div>\n\t\t\t\t<\/div>\n\t\t\t\t\t<\/div>\n\t\t<\/div>\n\t\t\t\t\t<\/div>\n\t\t<\/section>\n\t\t\t\t<section class=\"elementor-section elementor-top-section elementor-element elementor-element-8d81ef7 elementor-section-boxed elementor-section-height-default elementor-section-height-default\" data-id=\"8d81ef7\" data-element_type=\"section\">\n\t\t\t\t\t\t<div class=\"elementor-container elementor-column-gap-default\">\n\t\t\t\t\t<div class=\"elementor-column elementor-col-100 elementor-top-column elementor-element elementor-element-9b02830\" data-id=\"9b02830\" data-element_type=\"column\">\n\t\t\t<div class=\"elementor-widget-wrap elementor-element-populated\">\n\t\t\t\t\t\t<div class=\"elementor-element elementor-element-741af7f elementor-widget elementor-widget-spacer\" data-id=\"741af7f\" data-element_type=\"widget\" data-widget_type=\"spacer.default\">\n\t\t\t\t<div class=\"elementor-widget-container\">\n\t\t\t\t\t\t\t<div class=\"elementor-spacer\">\n\t\t\t<div class=\"elementor-spacer-inner\"><\/div>\n\t\t<\/div>\n\t\t\t\t\t\t<\/div>\n\t\t\t\t<\/div>\n\t\t\t\t\t<\/div>\n\t\t<\/div>\n\t\t\t\t\t<\/div>\n\t\t<\/section>\n\t\t\t\t<section class=\"elementor-section elementor-top-section elementor-element elementor-element-24189f3 elementor-section-boxed elementor-section-height-default elementor-section-height-default\" data-id=\"24189f3\" data-element_type=\"section\">\n\t\t\t\t\t\t<div class=\"elementor-container elementor-column-gap-default\">\n\t\t\t\t\t<div class=\"elementor-column elementor-col-100 elementor-top-column elementor-element elementor-element-ac96708\" data-id=\"ac96708\" data-element_type=\"column\">\n\t\t\t<div class=\"elementor-widget-wrap elementor-element-populated\">\n\t\t\t\t\t\t<div class=\"elementor-element elementor-element-266417a elementor-widget elementor-widget-spacer\" data-id=\"266417a\" data-element_type=\"widget\" data-widget_type=\"spacer.default\">\n\t\t\t\t<div class=\"elementor-widget-container\">\n\t\t\t\t\t\t\t<div class=\"elementor-spacer\">\n\t\t\t<div class=\"elementor-spacer-inner\"><\/div>\n\t\t<\/div>\n\t\t\t\t\t\t<\/div>\n\t\t\t\t<\/div>\n\t\t\t\t\t<\/div>\n\t\t<\/div>\n\t\t\t\t\t<\/div>\n\t\t<\/section>\n\t\t\t\t<\/div>\n\t\t","protected":false},"excerpt":{"rendered":"<div class=\"tmnf_excerpt\"><p>Les c\u00e9l\u00e9brations, comm\u00e9morations et autres f\u00eates nationales doivent r\u00e9pondre \u00e0 un cahier des charges pr\u00e9cis, tant au niveau du respect de l\u2019ordre protocolaire des participants que du pavoisement des \u00e9difices. Toute l\u2019organisation de ces \u00e9v\u00e8nements officiels tiendra compte des r\u00e8gles \u00e0 respecter. Les c\u00e9r\u00e9monies publiques &amp; comm\u00e9moratives \u00ab\u00a0Les c\u00e9r\u00e9monies publiques sont organis\u00e9es sur ordre du &hellip;<\/p>\n<\/div>","protected":false},"author":2,"featured_media":2055,"comment_status":"closed","ping_status":"open","sticky":false,"template":"template-fullwidth.php","format":"standard","meta":{"footnotes":""},"categories":[93],"tags":[],"class_list":["post-2052","post","type-post","status-publish","format-standard","has-post-thumbnail","hentry","category-com"],"yoast_head":"<!-- This site is optimized with the Yoast SEO plugin v26.4 - https:\/\/yoast.com\/wordpress\/plugins\/seo\/ -->\n<title>F\u00eates nationales et comm\u00e9moratives, quand rien n&#039;est laiss\u00e9 au hasard ...<\/title>\n<meta name=\"description\" content=\"Quel est le protocole \u00e0 suivre lors des f\u00eates nationales et comm\u00e9moratives ? Comment, quand et ou le drapeau fran\u00e7ais doit \u00eatre install\u00e9 ?\" \/>\n<meta name=\"robots\" content=\"index, follow, max-snippet:-1, max-image-preview:large, max-video-preview:-1\" \/>\n<link rel=\"canonical\" href=\"https:\/\/www.macapflag.com\/blog\/fetes-nationales-et-commemoratives\/\" \/>\n<meta property=\"og:locale\" content=\"fr_FR\" \/>\n<meta property=\"og:type\" content=\"article\" \/>\n<meta property=\"og:title\" content=\"F\u00eates nationales et comm\u00e9moratives, quand rien n&#039;est laiss\u00e9 au hasard ...\" \/>\n<meta property=\"og:description\" content=\"Quel est le protocole \u00e0 suivre lors des f\u00eates nationales et comm\u00e9moratives ? Comment, quand et ou le drapeau fran\u00e7ais doit \u00eatre install\u00e9 ?\" \/>\n<meta property=\"og:url\" content=\"https:\/\/www.macapflag.com\/blog\/fetes-nationales-et-commemoratives\/\" \/>\n<meta property=\"og:site_name\" content=\"Blog - Macap\" \/>\n<meta property=\"article:publisher\" content=\"https:\/\/www.facebook.com\/macap.pavoisement\/\" \/>\n<meta property=\"article:published_time\" content=\"2018-07-02T09:56:05+00:00\" \/>\n<meta property=\"article:modified_time\" content=\"2021-02-23T14:34:31+00:00\" \/>\n<meta property=\"og:image\" content=\"https:\/\/www.macapflag.com\/blog\/wp-content\/uploads\/2018\/07\/A-TITRE.jpg\" \/>\n\t<meta property=\"og:image:width\" content=\"700\" \/>\n\t<meta property=\"og:image:height\" content=\"537\" \/>\n\t<meta property=\"og:image:type\" content=\"image\/jpeg\" \/>\n<meta name=\"author\" content=\"Blog Macap\" \/>\n<meta name=\"twitter:card\" content=\"summary_large_image\" \/>\n<meta name=\"twitter:label1\" content=\"\u00c9crit par\" \/>\n\t<meta name=\"twitter:data1\" content=\"Blog Macap\" \/>\n\t<meta name=\"twitter:label2\" content=\"Dur\u00e9e de lecture estim\u00e9e\" \/>\n\t<meta name=\"twitter:data2\" content=\"5 minutes\" \/>\n<script type=\"application\/ld+json\" class=\"yoast-schema-graph\">{\"@context\":\"https:\/\/schema.org\",\"@graph\":[{\"@type\":\"Article\",\"@id\":\"https:\/\/www.macapflag.com\/blog\/fetes-nationales-et-commemoratives\/#article\",\"isPartOf\":{\"@id\":\"https:\/\/www.macapflag.com\/blog\/fetes-nationales-et-commemoratives\/\"},\"author\":{\"name\":\"Blog Macap\",\"@id\":\"https:\/\/www.macapflag.com\/blog\/#\/schema\/person\/3fea701f2603875e651e6b662578fc3c\"},\"headline\":\"F\u00eates nationales et comm\u00e9moratives, quand rien n&#8217;est laiss\u00e9 au hasard &#8230;\",\"datePublished\":\"2018-07-02T09:56:05+00:00\",\"dateModified\":\"2021-02-23T14:34:31+00:00\",\"mainEntityOfPage\":{\"@id\":\"https:\/\/www.macapflag.com\/blog\/fetes-nationales-et-commemoratives\/\"},\"wordCount\":907,\"publisher\":{\"@id\":\"https:\/\/www.macapflag.com\/blog\/#organization\"},\"image\":{\"@id\":\"https:\/\/www.macapflag.com\/blog\/fetes-nationales-et-commemoratives\/#primaryimage\"},\"thumbnailUrl\":\"https:\/\/www.macapflag.com\/blog\/wp-content\/uploads\/2018\/07\/A-TITRE.jpg\",\"articleSection\":[\"Le monde de la Com'\"],\"inLanguage\":\"fr-FR\"},{\"@type\":\"WebPage\",\"@id\":\"https:\/\/www.macapflag.com\/blog\/fetes-nationales-et-commemoratives\/\",\"url\":\"https:\/\/www.macapflag.com\/blog\/fetes-nationales-et-commemoratives\/\",\"name\":\"F\u00eates nationales et comm\u00e9moratives, quand rien n'est laiss\u00e9 au hasard ...\",\"isPartOf\":{\"@id\":\"https:\/\/www.macapflag.com\/blog\/#website\"},\"primaryImageOfPage\":{\"@id\":\"https:\/\/www.macapflag.com\/blog\/fetes-nationales-et-commemoratives\/#primaryimage\"},\"image\":{\"@id\":\"https:\/\/www.macapflag.com\/blog\/fetes-nationales-et-commemoratives\/#primaryimage\"},\"thumbnailUrl\":\"https:\/\/www.macapflag.com\/blog\/wp-content\/uploads\/2018\/07\/A-TITRE.jpg\",\"datePublished\":\"2018-07-02T09:56:05+00:00\",\"dateModified\":\"2021-02-23T14:34:31+00:00\",\"description\":\"Quel est le protocole \u00e0 suivre lors des f\u00eates nationales et comm\u00e9moratives ? Comment, quand et ou le drapeau fran\u00e7ais doit \u00eatre install\u00e9 ?\",\"breadcrumb\":{\"@id\":\"https:\/\/www.macapflag.com\/blog\/fetes-nationales-et-commemoratives\/#breadcrumb\"},\"inLanguage\":\"fr-FR\",\"potentialAction\":[{\"@type\":\"ReadAction\",\"target\":[\"https:\/\/www.macapflag.com\/blog\/fetes-nationales-et-commemoratives\/\"]}]},{\"@type\":\"ImageObject\",\"inLanguage\":\"fr-FR\",\"@id\":\"https:\/\/www.macapflag.com\/blog\/fetes-nationales-et-commemoratives\/#primaryimage\",\"url\":\"https:\/\/www.macapflag.com\/blog\/wp-content\/uploads\/2018\/07\/A-TITRE.jpg\",\"contentUrl\":\"https:\/\/www.macapflag.com\/blog\/wp-content\/uploads\/2018\/07\/A-TITRE.jpg\",\"width\":700,\"height\":537,\"caption\":\"guirlande-personnalis\u00e9e communication-textile-Macap\"},{\"@type\":\"BreadcrumbList\",\"@id\":\"https:\/\/www.macapflag.com\/blog\/fetes-nationales-et-commemoratives\/#breadcrumb\",\"itemListElement\":[{\"@type\":\"ListItem\",\"position\":1,\"name\":\"Accueil\",\"item\":\"https:\/\/www.macapflag.com\/blog\/\"},{\"@type\":\"ListItem\",\"position\":2,\"name\":\"F\u00eates nationales et comm\u00e9moratives, quand rien n&#8217;est laiss\u00e9 au hasard &#8230;\"}]},{\"@type\":\"WebSite\",\"@id\":\"https:\/\/www.macapflag.com\/blog\/#website\",\"url\":\"https:\/\/www.macapflag.com\/blog\/\",\"name\":\"Blog - Macap\",\"description\":\"Tous nos articles\",\"publisher\":{\"@id\":\"https:\/\/www.macapflag.com\/blog\/#organization\"},\"potentialAction\":[{\"@type\":\"SearchAction\",\"target\":{\"@type\":\"EntryPoint\",\"urlTemplate\":\"https:\/\/www.macapflag.com\/blog\/?s={search_term_string}\"},\"query-input\":{\"@type\":\"PropertyValueSpecification\",\"valueRequired\":true,\"valueName\":\"search_term_string\"}}],\"inLanguage\":\"fr-FR\"},{\"@type\":\"Organization\",\"@id\":\"https:\/\/www.macapflag.com\/blog\/#organization\",\"name\":\"macapflag\",\"url\":\"https:\/\/www.macapflag.com\/blog\/\",\"logo\":{\"@type\":\"ImageObject\",\"inLanguage\":\"fr-FR\",\"@id\":\"https:\/\/www.macapflag.com\/blog\/#\/schema\/logo\/image\/\",\"url\":\"https:\/\/www.macapflag.com\/blog\/wp-content\/uploads\/2020\/12\/cropped-M-512-1.png\",\"contentUrl\":\"https:\/\/www.macapflag.com\/blog\/wp-content\/uploads\/2020\/12\/cropped-M-512-1.png\",\"width\":512,\"height\":512,\"caption\":\"macapflag\"},\"image\":{\"@id\":\"https:\/\/www.macapflag.com\/blog\/#\/schema\/logo\/image\/\"},\"sameAs\":[\"https:\/\/www.facebook.com\/macap.pavoisement\/\",\"https:\/\/www.instagram.com\/macapflag\/?hl=fr\",\"https:\/\/www.linkedin.com\/company\/macap\/?originalSubdomain=fr\",\"https:\/\/www.youtube.com\/channel\/UCXNzTIdZh9poEBjSXEqDtNw\"]},{\"@type\":\"Person\",\"@id\":\"https:\/\/www.macapflag.com\/blog\/#\/schema\/person\/3fea701f2603875e651e6b662578fc3c\",\"name\":\"Blog Macap\",\"image\":{\"@type\":\"ImageObject\",\"inLanguage\":\"fr-FR\",\"@id\":\"https:\/\/www.macapflag.com\/blog\/#\/schema\/person\/image\/\",\"url\":\"https:\/\/secure.gravatar.com\/avatar\/c12551f2dc51f0db049633b03e7856985477a70da834cc8967dea4ce54bdd6a2?s=96&d=mm&r=g\",\"contentUrl\":\"https:\/\/secure.gravatar.com\/avatar\/c12551f2dc51f0db049633b03e7856985477a70da834cc8967dea4ce54bdd6a2?s=96&d=mm&r=g\",\"caption\":\"Blog Macap\"},\"url\":\"https:\/\/www.macapflag.com\/blog\/author\/macap\/\"}]}<\/script>\n<!-- \/ Yoast SEO plugin. -->","yoast_head_json":{"title":"F\u00eates nationales et comm\u00e9moratives, quand rien n'est laiss\u00e9 au hasard ...","description":"Quel est le protocole \u00e0 suivre lors des f\u00eates nationales et comm\u00e9moratives ? Comment, quand et ou le drapeau fran\u00e7ais doit \u00eatre install\u00e9 ?","robots":{"index":"index","follow":"follow","max-snippet":"max-snippet:-1","max-image-preview":"max-image-preview:large","max-video-preview":"max-video-preview:-1"},"canonical":"https:\/\/www.macapflag.com\/blog\/fetes-nationales-et-commemoratives\/","og_locale":"fr_FR","og_type":"article","og_title":"F\u00eates nationales et comm\u00e9moratives, quand rien n'est laiss\u00e9 au hasard ...","og_description":"Quel est le protocole \u00e0 suivre lors des f\u00eates nationales et comm\u00e9moratives ? Comment, quand et ou le drapeau fran\u00e7ais doit \u00eatre install\u00e9 ?","og_url":"https:\/\/www.macapflag.com\/blog\/fetes-nationales-et-commemoratives\/","og_site_name":"Blog - Macap","article_publisher":"https:\/\/www.facebook.com\/macap.pavoisement\/","article_published_time":"2018-07-02T09:56:05+00:00","article_modified_time":"2021-02-23T14:34:31+00:00","og_image":[{"width":700,"height":537,"url":"https:\/\/www.macapflag.com\/blog\/wp-content\/uploads\/2018\/07\/A-TITRE.jpg","type":"image\/jpeg"}],"author":"Blog Macap","twitter_card":"summary_large_image","twitter_misc":{"\u00c9crit par":"Blog Macap","Dur\u00e9e de lecture estim\u00e9e":"5 minutes"},"schema":{"@context":"https:\/\/schema.org","@graph":[{"@type":"Article","@id":"https:\/\/www.macapflag.com\/blog\/fetes-nationales-et-commemoratives\/#article","isPartOf":{"@id":"https:\/\/www.macapflag.com\/blog\/fetes-nationales-et-commemoratives\/"},"author":{"name":"Blog Macap","@id":"https:\/\/www.macapflag.com\/blog\/#\/schema\/person\/3fea701f2603875e651e6b662578fc3c"},"headline":"F\u00eates nationales et comm\u00e9moratives, quand rien n&#8217;est laiss\u00e9 au hasard &#8230;","datePublished":"2018-07-02T09:56:05+00:00","dateModified":"2021-02-23T14:34:31+00:00","mainEntityOfPage":{"@id":"https:\/\/www.macapflag.com\/blog\/fetes-nationales-et-commemoratives\/"},"wordCount":907,"publisher":{"@id":"https:\/\/www.macapflag.com\/blog\/#organization"},"image":{"@id":"https:\/\/www.macapflag.com\/blog\/fetes-nationales-et-commemoratives\/#primaryimage"},"thumbnailUrl":"https:\/\/www.macapflag.com\/blog\/wp-content\/uploads\/2018\/07\/A-TITRE.jpg","articleSection":["Le monde de la Com'"],"inLanguage":"fr-FR"},{"@type":"WebPage","@id":"https:\/\/www.macapflag.com\/blog\/fetes-nationales-et-commemoratives\/","url":"https:\/\/www.macapflag.com\/blog\/fetes-nationales-et-commemoratives\/","name":"F\u00eates nationales et comm\u00e9moratives, quand rien n'est laiss\u00e9 au hasard ...","isPartOf":{"@id":"https:\/\/www.macapflag.com\/blog\/#website"},"primaryImageOfPage":{"@id":"https:\/\/www.macapflag.com\/blog\/fetes-nationales-et-commemoratives\/#primaryimage"},"image":{"@id":"https:\/\/www.macapflag.com\/blog\/fetes-nationales-et-commemoratives\/#primaryimage"},"thumbnailUrl":"https:\/\/www.macapflag.com\/blog\/wp-content\/uploads\/2018\/07\/A-TITRE.jpg","datePublished":"2018-07-02T09:56:05+00:00","dateModified":"2021-02-23T14:34:31+00:00","description":"Quel est le protocole \u00e0 suivre lors des f\u00eates nationales et comm\u00e9moratives ? Comment, quand et ou le drapeau fran\u00e7ais doit \u00eatre install\u00e9 ?","breadcrumb":{"@id":"https:\/\/www.macapflag.com\/blog\/fetes-nationales-et-commemoratives\/#breadcrumb"},"inLanguage":"fr-FR","potentialAction":[{"@type":"ReadAction","target":["https:\/\/www.macapflag.com\/blog\/fetes-nationales-et-commemoratives\/"]}]},{"@type":"ImageObject","inLanguage":"fr-FR","@id":"https:\/\/www.macapflag.com\/blog\/fetes-nationales-et-commemoratives\/#primaryimage","url":"https:\/\/www.macapflag.com\/blog\/wp-content\/uploads\/2018\/07\/A-TITRE.jpg","contentUrl":"https:\/\/www.macapflag.com\/blog\/wp-content\/uploads\/2018\/07\/A-TITRE.jpg","width":700,"height":537,"caption":"guirlande-personnalis\u00e9e communication-textile-Macap"},{"@type":"BreadcrumbList","@id":"https:\/\/www.macapflag.com\/blog\/fetes-nationales-et-commemoratives\/#breadcrumb","itemListElement":[{"@type":"ListItem","position":1,"name":"Accueil","item":"https:\/\/www.macapflag.com\/blog\/"},{"@type":"ListItem","position":2,"name":"F\u00eates nationales et comm\u00e9moratives, quand rien n&#8217;est laiss\u00e9 au hasard &#8230;"}]},{"@type":"WebSite","@id":"https:\/\/www.macapflag.com\/blog\/#website","url":"https:\/\/www.macapflag.com\/blog\/","name":"Blog - Macap","description":"Tous nos articles","publisher":{"@id":"https:\/\/www.macapflag.com\/blog\/#organization"},"potentialAction":[{"@type":"SearchAction","target":{"@type":"EntryPoint","urlTemplate":"https:\/\/www.macapflag.com\/blog\/?s={search_term_string}"},"query-input":{"@type":"PropertyValueSpecification","valueRequired":true,"valueName":"search_term_string"}}],"inLanguage":"fr-FR"},{"@type":"Organization","@id":"https:\/\/www.macapflag.com\/blog\/#organization","name":"macapflag","url":"https:\/\/www.macapflag.com\/blog\/","logo":{"@type":"ImageObject","inLanguage":"fr-FR","@id":"https:\/\/www.macapflag.com\/blog\/#\/schema\/logo\/image\/","url":"https:\/\/www.macapflag.com\/blog\/wp-content\/uploads\/2020\/12\/cropped-M-512-1.png","contentUrl":"https:\/\/www.macapflag.com\/blog\/wp-content\/uploads\/2020\/12\/cropped-M-512-1.png","width":512,"height":512,"caption":"macapflag"},"image":{"@id":"https:\/\/www.macapflag.com\/blog\/#\/schema\/logo\/image\/"},"sameAs":["https:\/\/www.facebook.com\/macap.pavoisement\/","https:\/\/www.instagram.com\/macapflag\/?hl=fr","https:\/\/www.linkedin.com\/company\/macap\/?originalSubdomain=fr","https:\/\/www.youtube.com\/channel\/UCXNzTIdZh9poEBjSXEqDtNw"]},{"@type":"Person","@id":"https:\/\/www.macapflag.com\/blog\/#\/schema\/person\/3fea701f2603875e651e6b662578fc3c","name":"Blog Macap","image":{"@type":"ImageObject","inLanguage":"fr-FR","@id":"https:\/\/www.macapflag.com\/blog\/#\/schema\/person\/image\/","url":"https:\/\/secure.gravatar.com\/avatar\/c12551f2dc51f0db049633b03e7856985477a70da834cc8967dea4ce54bdd6a2?s=96&d=mm&r=g","contentUrl":"https:\/\/secure.gravatar.com\/avatar\/c12551f2dc51f0db049633b03e7856985477a70da834cc8967dea4ce54bdd6a2?s=96&d=mm&r=g","caption":"Blog Macap"},"url":"https:\/\/www.macapflag.com\/blog\/author\/macap\/"}]}},"_links":{"self":[{"href":"https:\/\/www.macapflag.com\/blog\/wp-json\/wp\/v2\/posts\/2052","targetHints":{"allow":["GET"]}}],"collection":[{"href":"https:\/\/www.macapflag.com\/blog\/wp-json\/wp\/v2\/posts"}],"about":[{"href":"https:\/\/www.macapflag.com\/blog\/wp-json\/wp\/v2\/types\/post"}],"author":[{"embeddable":true,"href":"https:\/\/www.macapflag.com\/blog\/wp-json\/wp\/v2\/users\/2"}],"replies":[{"embeddable":true,"href":"https:\/\/www.macapflag.com\/blog\/wp-json\/wp\/v2\/comments?post=2052"}],"version-history":[{"count":40,"href":"https:\/\/www.macapflag.com\/blog\/wp-json\/wp\/v2\/posts\/2052\/revisions"}],"predecessor-version":[{"id":6555,"href":"https:\/\/www.macapflag.com\/blog\/wp-json\/wp\/v2\/posts\/2052\/revisions\/6555"}],"wp:featuredmedia":[{"embeddable":true,"href":"https:\/\/www.macapflag.com\/blog\/wp-json\/wp\/v2\/media\/2055"}],"wp:attachment":[{"href":"https:\/\/www.macapflag.com\/blog\/wp-json\/wp\/v2\/media?parent=2052"}],"wp:term":[{"taxonomy":"category","embeddable":true,"href":"https:\/\/www.macapflag.com\/blog\/wp-json\/wp\/v2\/categories?post=2052"},{"taxonomy":"post_tag","embeddable":true,"href":"https:\/\/www.macapflag.com\/blog\/wp-json\/wp\/v2\/tags?post=2052"}],"curies":[{"name":"wp","href":"https:\/\/api.w.org\/{rel}","templated":true}]}}