{"id":20717,"date":"2025-06-06T08:00:00","date_gmt":"2025-06-06T06:00:00","guid":{"rendered":"https:\/\/www.macapflag.com\/blog\/?p=20717"},"modified":"2025-05-19T10:34:22","modified_gmt":"2025-05-19T08:34:22","slug":"pourquoi-utiliser-du-mobilier-personnalise-dans-votre-entreprise","status":"publish","type":"post","link":"https:\/\/www.macapflag.com\/blog\/pourquoi-utiliser-du-mobilier-personnalise-dans-votre-entreprise\/","title":{"rendered":"Pourquoi utiliser du mobilier personnalis\u00e9 dans votre entreprise ?"},"content":{"rendered":"\n<p>Dans un monde o\u00f9 l&#8217;image de marque est un facteur cl\u00e9 de diff\u00e9renciation, le mobilier personnalisable est une bonne occasion de renforcer votre identit\u00e9 visuelle, aussi bien pour votre communication interne qu\u2019externe. <\/p>\n\n\n\n<p>Personnaliser votre agencement aux couleurs, logo et esth\u00e9tique de votre marque, s&#8217;impose comme un v\u00e9ritable atout qui vous permet de transformer un espace en ambassadeur de la marque !<\/p>\n\n\n\n<h2 class=\"wp-block-heading\">Pour renforcer votre image de marque<\/h2>\n\n\n\n<figure class=\"wp-block-image size-full\"><img fetchpriority=\"high\" decoding=\"async\" width=\"700\" height=\"534\" src=\"https:\/\/www.macapflag.com\/blog\/wp-content\/uploads\/2025\/05\/1_Le_mobilier_personnalisable_dans_l.jpg\" alt=\"Le mobilier personnalisable dans l'entreprise\" class=\"wp-image-20718\" srcset=\"https:\/\/www.macapflag.com\/blog\/wp-content\/uploads\/2025\/05\/1_Le_mobilier_personnalisable_dans_l.jpg 700w, https:\/\/www.macapflag.com\/blog\/wp-content\/uploads\/2025\/05\/1_Le_mobilier_personnalisable_dans_l-300x229.jpg 300w\" sizes=\"(max-width: 700px) 100vw, 700px\" \/><\/figure>\n\n\n\n<p>Opter pour du mobilier personnalis\u00e9 offre la possibilit\u00e9 de communiquer de mani\u00e8re subtile, mais efficace. La personnalisation de vos espaces a un double impact :<\/p>\n\n\n\n<h3 class=\"wp-block-heading\">. Sur les \u00e9quipes<\/h3>\n\n\n\n<ul class=\"wp-block-list\">\n<li>Un environnement de travail d\u00e9cor\u00e9 aux couleurs de votre entreprise favorise un sentiment d&#8217;appartenance et renforce l&#8217;esprit d&#8217;\u00e9quipe. <\/li>\n\n\n\n<li>Un ensemble harmonieux d\u2019\u00e9l\u00e9ments personnalis\u00e9s transforme un espace neutre en un lieu convivial.<\/li>\n\n\n\n<li>Un lien de travail personnalis\u00e9 peut aussi devenir un environnement chaleureux avec un esprit cocooning, \u00e0 la mani\u00e8re d\u2019une maison dans laquelle on se sent bien. <\/li>\n<\/ul>\n\n\n\n<h3 class=\"wp-block-heading\">. Sur les clients, fournisseurs et autres visiteurs<\/h3>\n\n\n\n<p>Le mobilier personnalis\u00e9 offre l\u2019opportunit\u00e9 de cr\u00e9er des espaces totalement coh\u00e9rents avec la marque de l\u2019entreprise. En associant l\u2019exp\u00e9rience physique \u00e0 des \u00e9l\u00e9ments visuels marquants, vous augmentez les chances que vos visiteurs se souviennent de votre marque et d\u00e9veloppent une connexion \u00e9motionnelle avec celle-ci.<br><br><\/p>\n\n\n\n<h2 class=\"wp-block-heading\">Pour cr\u00e9er un espace optimis\u00e9, adapt\u00e9 \u00e0 vos besoins<\/h2>\n\n\n\n<figure class=\"wp-block-image size-full\"><img decoding=\"async\" width=\"700\" height=\"534\" src=\"https:\/\/www.macapflag.com\/blog\/wp-content\/uploads\/2025\/05\/2_Le_photocall_mobilier_personnalisable_efficace.jpg\" alt=\"Le photocall mobilier personnalisable efficace et pratique\" class=\"wp-image-20719\" srcset=\"https:\/\/www.macapflag.com\/blog\/wp-content\/uploads\/2025\/05\/2_Le_photocall_mobilier_personnalisable_efficace.jpg 700w, https:\/\/www.macapflag.com\/blog\/wp-content\/uploads\/2025\/05\/2_Le_photocall_mobilier_personnalisable_efficace-300x229.jpg 300w\" sizes=\"(max-width: 700px) 100vw, 700px\" \/><\/figure>\n\n\n\n<p>Gr\u00e2ce au mobilier personnalis\u00e9, vous pouvez agencer vos espaces comme vous le souhaitez avec des solutions sur mesure. Les mod\u00e8les de cadres toiles tendues autoportants, le mur d\u2019image ou encore le stand parapluie sont des solutions qui vous permettent d\u2019habiller un mur ou de cloisonner un espace tout en mettant en avant de beaux visuels. Les <a href=\"https:\/\/www.macapflag.com\/chaise-publicitaire-cube-pouf\/103-chaise-chilienne.html\">chiliennes personnalis\u00e9es<\/a> ou encore les <a href=\"https:\/\/www.macapflag.com\/chaise-publicitaire-cube-pouf\/102-cube-pouf.html\">cubes poufs<\/a> sont des solutions id\u00e9ales pour cr\u00e9er un salon ou un coin pause convivial.<\/p>\n\n\n\n<h2 class=\"wp-block-heading\">Pour fid\u00e9liser vos \u00e9quipes<\/h2>\n\n\n\n<p>Pour agencer un espace commun \u00e0 une \u00e9quipe (open space, salle de pause), pour d\u00e9corer le bureau d\u2019un collaborateur, le mobilier personnalis\u00e9 est une opportunit\u00e9 d\u2019impliquer les salari\u00e9s dans l\u2019am\u00e9nagement des espaces de travail. Questionnez-les sur leurs envies, leurs attentes et leurs go\u00fbts pour les faire participer au choix de l\u2019ambiance de leurs locaux.<\/p>\n\n\n\n<h2 class=\"wp-block-heading\">Pour changer votre d\u00e9co au rythme de vos envies<\/h2>\n\n\n\n<figure class=\"wp-block-image size-full\"><img decoding=\"async\" width=\"700\" height=\"534\" src=\"https:\/\/www.macapflag.com\/blog\/wp-content\/uploads\/2025\/05\/3_Creer_un_espace_avec_du.jpg\" alt=\"Cr\u00e9er un espace avec du mobilier personnalisable entreprise\" class=\"wp-image-20720\" srcset=\"https:\/\/www.macapflag.com\/blog\/wp-content\/uploads\/2025\/05\/3_Creer_un_espace_avec_du.jpg 700w, https:\/\/www.macapflag.com\/blog\/wp-content\/uploads\/2025\/05\/3_Creer_un_espace_avec_du-300x229.jpg 300w\" sizes=\"(max-width: 700px) 100vw, 700px\" \/><\/figure>\n\n\n\n<p>L\u2019un des points forts du mobilier personnalisable est son <strong>interchangeabilit\u00e9<\/strong>. Vous achetez un mod\u00e8le compos\u00e9 d\u2019une structure et d\u2019un visuel et vous pouvez ensuite acheter un nouveau visuel qui viendra simplement s\u2019installer sur la structure d\u2019origine. <\/p>\n\n\n\n<p>L\u2019investissement devient <strong>intelligent et durable<\/strong>. Au gr\u00e9 des \u00e9volutions de votre charte graphique, au fil des \u00e9v\u00e8nements de votre entreprise et des promotions offertes \u00e0 vos clients, votre environnement reste toujours \u00e0 la page !<\/p>\n\n\n\n<h2 class=\"wp-block-heading\">Pour utiliser ces supports lors d\u2019\u00e9v\u00e8nements externes<\/h2>\n\n\n\n<figure class=\"wp-block-image size-full\"><img loading=\"lazy\" decoding=\"async\" width=\"700\" height=\"534\" src=\"https:\/\/www.macapflag.com\/blog\/wp-content\/uploads\/2025\/05\/4_Beachflag_oriflamme_imprime_corporate.jpg\" alt=\"Beachflag oriflamme imprim\u00e9 corporate\" class=\"wp-image-20721\" srcset=\"https:\/\/www.macapflag.com\/blog\/wp-content\/uploads\/2025\/05\/4_Beachflag_oriflamme_imprime_corporate.jpg 700w, https:\/\/www.macapflag.com\/blog\/wp-content\/uploads\/2025\/05\/4_Beachflag_oriflamme_imprime_corporate-300x229.jpg 300w\" sizes=\"(max-width: 700px) 100vw, 700px\" \/><\/figure>\n\n\n\n<p>Les mod\u00e8les de mobilier personnalis\u00e9 install\u00e9s de fa\u00e7on permanente dans l\u2019entreprise peuvent \u00eatre d\u00e9plac\u00e9s le temps d\u2019un salon professionnel, d\u2019un showroom pour \u201cd\u00e9localiser votre univers\u201d cr\u00e9er de toutes pi\u00e8ces un espace \u00e0 votre image.<\/p>\n\n\n\n<h2 class=\"wp-block-heading\">Des exemples concrets :  <\/h2>\n\n\n\n<ul class=\"wp-block-list\">\n<li>Pour les salari\u00e9s de l\u2019entreprise, un <strong>coin d\u00e9tente ext\u00e9rieur<\/strong> a \u00e9t\u00e9 am\u00e9nag\u00e9 avec des parasols et des chiliennes personnalis\u00e9s aux couleurs de l\u2019entreprise.<\/li>\n\n\n\n<li>En int\u00e9rieur, le <strong>hall d\u2019accueil des locaux<\/strong> a \u00e9t\u00e9 d\u00e9cor\u00e9 avec un <a href=\"https:\/\/www.macapflag.com\/roll-up-plv-expo\/81-roll-up-standard-.html\">rollup imprim\u00e9<\/a> et des <a href=\"https:\/\/www.macapflag.com\/chaise-publicitaire-cube-pouf\/102-cube-pouf.html\">poufs cubes imprim\u00e9s<\/a>. Au mur, des <a href=\"https:\/\/www.macapflag.com\/cadre-toile-tendue\/110-cadre-mural-toile-tendue-utilisation-interieure.html\">cadres toiles tendues<\/a> ont \u00e9t\u00e9 fix\u00e9s avec des photos des produits de la maison en situation. Sur le comptoir d\u2019accueil, on a pos\u00e9 un <a href=\"https:\/\/www.macapflag.com\/drapeau-personnalise\/300-drapeau-personnalise-de-table-deskflag.html\">deskflag<\/a> logot\u00e9 aux couleurs de la marque.<\/li>\n\n\n\n<li>Dans une <strong>salle de r\u00e9union<\/strong>, un <a href=\"https:\/\/www.macapflag.com\/cadre-toile-tendue\/187-cadre-autoportant-toile-tendue-utilisation-interieure.html\">cadre toile tendu<\/a> habille l\u2019un des pans de mur, une <a href=\"https:\/\/www.macapflag.com\/76-nappe-personnalisee\">nappe publicitaire<\/a> et un <a href=\"https:\/\/www.macapflag.com\/nappe-personnalisee\/62-chemin-de-table.html\">chemin de table<\/a> recouvrent la table.<\/li>\n\n\n\n<li>Devant l<strong>\u2019entr\u00e9e de l\u2019entreprise<\/strong>, sous l\u2019enseigne principale, 2 <a href=\"https:\/\/www.macapflag.com\/beach-flag-oriflamme\/245-beach-flag-oriflamme-classique-kit-complet-fourreau-elastique-noir.html\">oriflammes brand\u00e9s<\/a> marquent l\u2019entr\u00e9e principale.<\/li>\n\n\n\n<li>Le directeur commercial, qui re\u00e7oit fr\u00e9quemment des clients dans son<strong> bureau<\/strong>, a choisi, gr\u00e2ce \u00e0 des cadres toiles tendues, de mettre en valeur le savoir-faire de la soci\u00e9t\u00e9 avec des photos de production au sein des ateliers.<\/li>\n\n\n\n<li>Un <strong>challenge annuel<\/strong> est propos\u00e9 aux diff\u00e9rents services de l\u2019entreprise : Chaque \u00e9quipe (service commercial, service RH, marketing, production etc.) doit proposer un projet de th\u00e8me de d\u00e9coration des espaces commun de pause et de repos pour l\u2019ann\u00e9e suivante. L\u2019ensemble des \u00e9quipes vote pour s\u00e9lectionner le projet qui l\u2019emporte. Les structures de support existent (cadres toiles muraux, poufs cubes, chiliennes), seuls les visuels seront facilement chang\u00e9s.<\/li>\n\n\n\n<li>Dans les <strong>entrep\u00f4ts<\/strong>, un <a href=\"https:\/\/www.macapflag.com\/roll-up-plv-expo\/792227-mur-d-image-photocall-autoportant-1-ou-2-faces.html\">mur d\u2019image photocall<\/a> a \u00e9t\u00e9 install\u00e9. Il permet de cacher une partie du stock, mais aussi de servir de fond corporate pour prendre une photo souvenir lors des visites des clients et des fournisseurs.<\/li>\n\n\n\n<li>Quelle que soit votre activit\u00e9, peu importe la configuration de vos locaux, le mobilier personnalis\u00e9 s\u2019adapte \u00e0 toutes les configurations. Consultez les pages du site internet <a href=\"https:\/\/www.macapflag.com\/\">Macap<\/a> ou \u00e9changez avec l\u2019un de nos conseillers commerciaux, \u00e0 votre disposition pour r\u00e9pondre \u00e0 toutes vos questions ! <\/li>\n<\/ul>\n\n\n\n<div class=\"wp-block-columns is-layout-flex wp-container-core-columns-is-layout-9d6595d7 wp-block-columns-is-layout-flex\">\n<div class=\"wp-block-column is-layout-flow wp-block-column-is-layout-flow\"><div class=\"container p-0 m-0\">\n    <div class=\"row m-0 border\">\n        <div class=\"col-12 grid-didpd-body text-center\">\n            <img decoding=\"async\" src=\"https:\/\/www.macapflag.com\/1861284-home_default\/chaise-chilienne.jpg\" alt=\"Chilienne transat personnalis&eacute;e\" class=\"mx-auto\" \/>\n            <div class=\"grid-didpd-text\">\n                <a href=\"https:\/\/www.macapflag.com\/chaise-publicitaire-cube-pouf\/103-chaise-chilienne.html\" target=\"_blank\" class=\"stretched-link\">\n                    <h3>Chilienne transat personnalis\u00e9e<\/h3>\n                <\/a>\n            <\/div>\n                        <p class=\"text-center font-weight-bold\">72,00 \u20ac HT<\/p>            <div class=\"text-center\">\n                <button class=\"btn btn-primary\">Achat chilienne<\/button>\n            <\/div>\n        <\/div>\n    <\/div>\n<\/div>\n\n<\/div>\n\n\n\n<div class=\"wp-block-column is-layout-flow wp-block-column-is-layout-flow\"><div class=\"container p-0 m-0\">\n    <div class=\"row m-0 border\">\n        <div class=\"col-12 grid-didpd-body text-center\">\n            <img decoding=\"async\" src=\"https:\/\/www.macapflag.com\/1861362-home_default\/comptoir-pliable-avec-tablette-pliable.jpg\" alt=\"Comptoir pliant personnalis&eacute;\" class=\"mx-auto\" \/>\n            <div class=\"grid-didpd-text\">\n                <a href=\"https:\/\/www.macapflag.com\/roll-up-plv-expo\/791892-comptoir-pliable-avec-tablette-pliable.html\" target=\"_blank\" class=\"stretched-link\">\n                    <h3>Comptoir pliant personnalis\u00e9<\/h3>\n                <\/a>\n            <\/div>\n                        <p class=\"text-center font-weight-bold\">275,00 \u20ac HT<\/p>            <div class=\"text-center\">\n                <button class=\"btn btn-primary\">Achat comptoir <\/button>\n            <\/div>\n        <\/div>\n    <\/div>\n<\/div>\n\n<\/div>\n\n\n\n<div class=\"wp-block-column is-layout-flow wp-block-column-is-layout-flow\"><div class=\"container p-0 m-0\">\n    <div class=\"row m-0 border\">\n        <div class=\"col-12 grid-didpd-body text-center\">\n            <img decoding=\"async\" src=\"https:\/\/www.macapflag.com\/1860447-home_default\/roll-up-standard-.jpg\" alt=\"Rollup personnalis&eacute;\" class=\"mx-auto\" \/>\n            <div class=\"grid-didpd-text\">\n                <a href=\"https:\/\/www.macapflag.com\/roll-up-plv-expo\/81-roll-up-standard-.html\" target=\"_blank\" class=\"stretched-link\">\n                    <h3>Rollup personnalis\u00e9<\/h3>\n                <\/a>\n            <\/div>\n                        <p class=\"text-center font-weight-bold\">54,00 \u20ac HT<\/p>            <div class=\"text-center\">\n                <button class=\"btn btn-primary\">Achat Roll up imprim\u00e9<\/button>\n            <\/div>\n        <\/div>\n    <\/div>\n<\/div>\n\n<\/div>\n<\/div>\n\n\n\n<div class=\"wp-block-columns is-layout-flex wp-container-core-columns-is-layout-9d6595d7 wp-block-columns-is-layout-flex\">\n<div class=\"wp-block-column is-layout-flow wp-block-column-is-layout-flow\"><div class=\"container p-0 m-0\">\n    <div class=\"row m-0 border\">\n        <div class=\"col-12 grid-didpd-body text-center\">\n            <img decoding=\"async\" src=\"https:\/\/www.macapflag.com\/1858192-home_default\/beach-flag-oriflamme-classique-kit-complet-fourreau-elastique-noir.jpg\" alt=\"Oriflamme personnalis&eacute;\" class=\"mx-auto\" \/>\n            <div class=\"grid-didpd-text\">\n                <a href=\"https:\/\/www.macapflag.com\/beach-flag-oriflamme\/245-beach-flag-oriflamme-classique-kit-complet-fourreau-elastique-noir.html\" target=\"_blank\" class=\"stretched-link\">\n                    <h3>Oriflamme personnalis\u00e9<\/h3>\n                <\/a>\n            <\/div>\n                        <p class=\"text-center font-weight-bold\"><span class=\"text-danger\">95,20 \u20ac HT <\/span>&nbsp;<small><strike class=\"text-secondary\">112,00 \u20ac HT<\/strike><\/small>&nbsp;<small class=\"text-secondary text-danger\"> -15 % <\/small><\/p>            <div class=\"text-center\">\n                <button class=\"btn btn-primary\">Achat oriflamme<\/button>\n            <\/div>\n        <\/div>\n    <\/div>\n<\/div>\n\n<\/div>\n\n\n\n<div class=\"wp-block-column is-layout-flow wp-block-column-is-layout-flow\"><div class=\"container p-0 m-0\">\n    <div class=\"row m-0 border\">\n        <div class=\"col-12 grid-didpd-body text-center\">\n            <img decoding=\"async\" src=\"https:\/\/www.macapflag.com\/1859559-home_default\/nappe-personnalisee-rectangulaire.jpg\" alt=\"Nappe publicitaire imprim&eacute;e\" class=\"mx-auto\" \/>\n            <div class=\"grid-didpd-text\">\n                <a href=\"https:\/\/www.macapflag.com\/nappe-personnalisee\/792225-nappe-personnalisee-rectangulaire.html\" target=\"_blank\" class=\"stretched-link\">\n                    <h3>Nappe publicitaire imprim\u00e9e<\/h3>\n                <\/a>\n            <\/div>\n                        <p class=\"text-center font-weight-bold\">48,00 \u20ac HT<\/p>            <div class=\"text-center\">\n                <button class=\"btn btn-primary\">Achat nappe <\/button>\n            <\/div>\n        <\/div>\n    <\/div>\n<\/div>\n\n<\/div>\n\n\n\n<div class=\"wp-block-column is-layout-flow wp-block-column-is-layout-flow\"><div class=\"container p-0 m-0\">\n    <div class=\"row m-0 border\">\n        <div class=\"col-12 grid-didpd-body text-center\">\n            <img decoding=\"async\" src=\"https:\/\/www.macapflag.com\/1861239-home_default\/cube-pouf.jpg\" alt=\"Poub cube personnalis&eacute;\" class=\"mx-auto\" \/>\n            <div class=\"grid-didpd-text\">\n                <a href=\"https:\/\/www.macapflag.com\/chaise-publicitaire-cube-pouf\/102-cube-pouf.html\" target=\"_blank\" class=\"stretched-link\">\n                    <h3>Poub cube personnalis\u00e9<\/h3>\n                <\/a>\n            <\/div>\n                        <p class=\"text-center font-weight-bold\">75,00 \u20ac HT<\/p>            <div class=\"text-center\">\n                <button class=\"btn btn-primary\">Achat pouf imprim\u00e9<\/button>\n            <\/div>\n        <\/div>\n    <\/div>\n<\/div>\n\n<\/div>\n<\/div>\n","protected":false},"excerpt":{"rendered":"<div class=\"tmnf_excerpt\"><p>Dans un monde o\u00f9 l&#8217;image de marque est un facteur cl\u00e9 de diff\u00e9renciation, le mobilier personnalisable est une bonne occasion de renforcer votre identit\u00e9 visuelle, aussi bien pour votre communication interne qu\u2019externe. Personnaliser votre agencement aux couleurs, logo et esth\u00e9tique de votre marque, s&#8217;impose comme un v\u00e9ritable atout qui vous permet de transformer un espace &hellip;<\/p>\n<\/div>","protected":false},"author":2,"featured_media":20716,"comment_status":"closed","ping_status":"open","sticky":false,"template":"template-fullwidth.php","format":"standard","meta":{"footnotes":""},"categories":[93],"tags":[],"class_list":["post-20717","post","type-post","status-publish","format-standard","has-post-thumbnail","hentry","category-com"],"yoast_head":"<!-- This site is optimized with the Yoast SEO plugin v26.4 - https:\/\/yoast.com\/wordpress\/plugins\/seo\/ -->\n<title>Pourquoi utiliser du mobilier personnalis\u00e9 dans votre entreprise ? - Blog - Macap<\/title>\n<meta name=\"robots\" content=\"index, follow, max-snippet:-1, max-image-preview:large, max-video-preview:-1\" \/>\n<link rel=\"canonical\" href=\"https:\/\/www.macapflag.com\/blog\/pourquoi-utiliser-du-mobilier-personnalise-dans-votre-entreprise\/\" \/>\n<meta property=\"og:locale\" content=\"fr_FR\" \/>\n<meta property=\"og:type\" content=\"article\" \/>\n<meta property=\"og:title\" content=\"Pourquoi utiliser du mobilier personnalis\u00e9 dans votre entreprise ? - Blog - Macap\" \/>\n<meta property=\"og:description\" content=\"Dans un monde o\u00f9 l&#8217;image de marque est un facteur cl\u00e9 de diff\u00e9renciation, le mobilier personnalisable est une bonne occasion de renforcer votre identit\u00e9 visuelle, aussi bien pour votre communication interne qu\u2019externe. Personnaliser votre agencement aux couleurs, logo et esth\u00e9tique de votre marque, s&#8217;impose comme un v\u00e9ritable atout qui vous permet de transformer un espace &hellip;\" \/>\n<meta property=\"og:url\" content=\"https:\/\/www.macapflag.com\/blog\/pourquoi-utiliser-du-mobilier-personnalise-dans-votre-entreprise\/\" \/>\n<meta property=\"og:site_name\" content=\"Blog - Macap\" \/>\n<meta property=\"article:publisher\" content=\"https:\/\/www.facebook.com\/macap.pavoisement\/\" \/>\n<meta property=\"article:published_time\" content=\"2025-06-06T06:00:00+00:00\" \/>\n<meta property=\"og:image\" content=\"https:\/\/www.macapflag.com\/blog\/wp-content\/uploads\/2025\/05\/Titre_Utiliser_du_mobilier_personnalise_dans.jpg\" \/>\n\t<meta property=\"og:image:width\" content=\"870\" \/>\n\t<meta property=\"og:image:height\" content=\"600\" \/>\n\t<meta property=\"og:image:type\" content=\"image\/jpeg\" \/>\n<meta name=\"author\" content=\"Blog Macap\" \/>\n<meta name=\"twitter:card\" content=\"summary_large_image\" \/>\n<meta name=\"twitter:label1\" content=\"\u00c9crit par\" \/>\n\t<meta name=\"twitter:data1\" content=\"Blog Macap\" \/>\n\t<meta name=\"twitter:label2\" content=\"Dur\u00e9e de lecture estim\u00e9e\" \/>\n\t<meta name=\"twitter:data2\" content=\"6 minutes\" \/>\n<script type=\"application\/ld+json\" class=\"yoast-schema-graph\">{\"@context\":\"https:\/\/schema.org\",\"@graph\":[{\"@type\":\"Article\",\"@id\":\"https:\/\/www.macapflag.com\/blog\/pourquoi-utiliser-du-mobilier-personnalise-dans-votre-entreprise\/#article\",\"isPartOf\":{\"@id\":\"https:\/\/www.macapflag.com\/blog\/pourquoi-utiliser-du-mobilier-personnalise-dans-votre-entreprise\/\"},\"author\":{\"name\":\"Blog Macap\",\"@id\":\"https:\/\/www.macapflag.com\/blog\/#\/schema\/person\/3fea701f2603875e651e6b662578fc3c\"},\"headline\":\"Pourquoi utiliser du mobilier personnalis\u00e9 dans votre entreprise ?\",\"datePublished\":\"2025-06-06T06:00:00+00:00\",\"mainEntityOfPage\":{\"@id\":\"https:\/\/www.macapflag.com\/blog\/pourquoi-utiliser-du-mobilier-personnalise-dans-votre-entreprise\/\"},\"wordCount\":979,\"publisher\":{\"@id\":\"https:\/\/www.macapflag.com\/blog\/#organization\"},\"image\":{\"@id\":\"https:\/\/www.macapflag.com\/blog\/pourquoi-utiliser-du-mobilier-personnalise-dans-votre-entreprise\/#primaryimage\"},\"thumbnailUrl\":\"https:\/\/www.macapflag.com\/blog\/wp-content\/uploads\/2025\/05\/Titre_Utiliser_du_mobilier_personnalise_dans.jpg\",\"articleSection\":[\"Le monde de la Com'\"],\"inLanguage\":\"fr-FR\"},{\"@type\":\"WebPage\",\"@id\":\"https:\/\/www.macapflag.com\/blog\/pourquoi-utiliser-du-mobilier-personnalise-dans-votre-entreprise\/\",\"url\":\"https:\/\/www.macapflag.com\/blog\/pourquoi-utiliser-du-mobilier-personnalise-dans-votre-entreprise\/\",\"name\":\"Pourquoi utiliser du mobilier personnalis\u00e9 dans votre entreprise ? - Blog - Macap\",\"isPartOf\":{\"@id\":\"https:\/\/www.macapflag.com\/blog\/#website\"},\"primaryImageOfPage\":{\"@id\":\"https:\/\/www.macapflag.com\/blog\/pourquoi-utiliser-du-mobilier-personnalise-dans-votre-entreprise\/#primaryimage\"},\"image\":{\"@id\":\"https:\/\/www.macapflag.com\/blog\/pourquoi-utiliser-du-mobilier-personnalise-dans-votre-entreprise\/#primaryimage\"},\"thumbnailUrl\":\"https:\/\/www.macapflag.com\/blog\/wp-content\/uploads\/2025\/05\/Titre_Utiliser_du_mobilier_personnalise_dans.jpg\",\"datePublished\":\"2025-06-06T06:00:00+00:00\",\"breadcrumb\":{\"@id\":\"https:\/\/www.macapflag.com\/blog\/pourquoi-utiliser-du-mobilier-personnalise-dans-votre-entreprise\/#breadcrumb\"},\"inLanguage\":\"fr-FR\",\"potentialAction\":[{\"@type\":\"ReadAction\",\"target\":[\"https:\/\/www.macapflag.com\/blog\/pourquoi-utiliser-du-mobilier-personnalise-dans-votre-entreprise\/\"]}]},{\"@type\":\"ImageObject\",\"inLanguage\":\"fr-FR\",\"@id\":\"https:\/\/www.macapflag.com\/blog\/pourquoi-utiliser-du-mobilier-personnalise-dans-votre-entreprise\/#primaryimage\",\"url\":\"https:\/\/www.macapflag.com\/blog\/wp-content\/uploads\/2025\/05\/Titre_Utiliser_du_mobilier_personnalise_dans.jpg\",\"contentUrl\":\"https:\/\/www.macapflag.com\/blog\/wp-content\/uploads\/2025\/05\/Titre_Utiliser_du_mobilier_personnalise_dans.jpg\",\"width\":870,\"height\":600,\"caption\":\"Utiliser du mobilier personnalis\u00e9 dans votre entreprise\"},{\"@type\":\"BreadcrumbList\",\"@id\":\"https:\/\/www.macapflag.com\/blog\/pourquoi-utiliser-du-mobilier-personnalise-dans-votre-entreprise\/#breadcrumb\",\"itemListElement\":[{\"@type\":\"ListItem\",\"position\":1,\"name\":\"Accueil\",\"item\":\"https:\/\/www.macapflag.com\/blog\/\"},{\"@type\":\"ListItem\",\"position\":2,\"name\":\"Pourquoi utiliser du mobilier personnalis\u00e9 dans votre entreprise ?\"}]},{\"@type\":\"WebSite\",\"@id\":\"https:\/\/www.macapflag.com\/blog\/#website\",\"url\":\"https:\/\/www.macapflag.com\/blog\/\",\"name\":\"Blog - Macap\",\"description\":\"Tous nos articles\",\"publisher\":{\"@id\":\"https:\/\/www.macapflag.com\/blog\/#organization\"},\"potentialAction\":[{\"@type\":\"SearchAction\",\"target\":{\"@type\":\"EntryPoint\",\"urlTemplate\":\"https:\/\/www.macapflag.com\/blog\/?s={search_term_string}\"},\"query-input\":{\"@type\":\"PropertyValueSpecification\",\"valueRequired\":true,\"valueName\":\"search_term_string\"}}],\"inLanguage\":\"fr-FR\"},{\"@type\":\"Organization\",\"@id\":\"https:\/\/www.macapflag.com\/blog\/#organization\",\"name\":\"macapflag\",\"url\":\"https:\/\/www.macapflag.com\/blog\/\",\"logo\":{\"@type\":\"ImageObject\",\"inLanguage\":\"fr-FR\",\"@id\":\"https:\/\/www.macapflag.com\/blog\/#\/schema\/logo\/image\/\",\"url\":\"https:\/\/www.macapflag.com\/blog\/wp-content\/uploads\/2020\/12\/cropped-M-512-1.png\",\"contentUrl\":\"https:\/\/www.macapflag.com\/blog\/wp-content\/uploads\/2020\/12\/cropped-M-512-1.png\",\"width\":512,\"height\":512,\"caption\":\"macapflag\"},\"image\":{\"@id\":\"https:\/\/www.macapflag.com\/blog\/#\/schema\/logo\/image\/\"},\"sameAs\":[\"https:\/\/www.facebook.com\/macap.pavoisement\/\",\"https:\/\/www.instagram.com\/macapflag\/?hl=fr\",\"https:\/\/www.linkedin.com\/company\/macap\/?originalSubdomain=fr\",\"https:\/\/www.youtube.com\/channel\/UCXNzTIdZh9poEBjSXEqDtNw\"]},{\"@type\":\"Person\",\"@id\":\"https:\/\/www.macapflag.com\/blog\/#\/schema\/person\/3fea701f2603875e651e6b662578fc3c\",\"name\":\"Blog Macap\",\"image\":{\"@type\":\"ImageObject\",\"inLanguage\":\"fr-FR\",\"@id\":\"https:\/\/www.macapflag.com\/blog\/#\/schema\/person\/image\/\",\"url\":\"https:\/\/secure.gravatar.com\/avatar\/c12551f2dc51f0db049633b03e7856985477a70da834cc8967dea4ce54bdd6a2?s=96&d=mm&r=g\",\"contentUrl\":\"https:\/\/secure.gravatar.com\/avatar\/c12551f2dc51f0db049633b03e7856985477a70da834cc8967dea4ce54bdd6a2?s=96&d=mm&r=g\",\"caption\":\"Blog Macap\"},\"url\":\"https:\/\/www.macapflag.com\/blog\/author\/macap\/\"}]}<\/script>\n<!-- \/ Yoast SEO plugin. -->","yoast_head_json":{"title":"Pourquoi utiliser du mobilier personnalis\u00e9 dans votre entreprise ? - Blog - Macap","robots":{"index":"index","follow":"follow","max-snippet":"max-snippet:-1","max-image-preview":"max-image-preview:large","max-video-preview":"max-video-preview:-1"},"canonical":"https:\/\/www.macapflag.com\/blog\/pourquoi-utiliser-du-mobilier-personnalise-dans-votre-entreprise\/","og_locale":"fr_FR","og_type":"article","og_title":"Pourquoi utiliser du mobilier personnalis\u00e9 dans votre entreprise ? - Blog - Macap","og_description":"Dans un monde o\u00f9 l&#8217;image de marque est un facteur cl\u00e9 de diff\u00e9renciation, le mobilier personnalisable est une bonne occasion de renforcer votre identit\u00e9 visuelle, aussi bien pour votre communication interne qu\u2019externe. Personnaliser votre agencement aux couleurs, logo et esth\u00e9tique de votre marque, s&#8217;impose comme un v\u00e9ritable atout qui vous permet de transformer un espace &hellip;","og_url":"https:\/\/www.macapflag.com\/blog\/pourquoi-utiliser-du-mobilier-personnalise-dans-votre-entreprise\/","og_site_name":"Blog - Macap","article_publisher":"https:\/\/www.facebook.com\/macap.pavoisement\/","article_published_time":"2025-06-06T06:00:00+00:00","og_image":[{"width":870,"height":600,"url":"https:\/\/www.macapflag.com\/blog\/wp-content\/uploads\/2025\/05\/Titre_Utiliser_du_mobilier_personnalise_dans.jpg","type":"image\/jpeg"}],"author":"Blog Macap","twitter_card":"summary_large_image","twitter_misc":{"\u00c9crit par":"Blog Macap","Dur\u00e9e de lecture estim\u00e9e":"6 minutes"},"schema":{"@context":"https:\/\/schema.org","@graph":[{"@type":"Article","@id":"https:\/\/www.macapflag.com\/blog\/pourquoi-utiliser-du-mobilier-personnalise-dans-votre-entreprise\/#article","isPartOf":{"@id":"https:\/\/www.macapflag.com\/blog\/pourquoi-utiliser-du-mobilier-personnalise-dans-votre-entreprise\/"},"author":{"name":"Blog Macap","@id":"https:\/\/www.macapflag.com\/blog\/#\/schema\/person\/3fea701f2603875e651e6b662578fc3c"},"headline":"Pourquoi utiliser du mobilier personnalis\u00e9 dans votre entreprise ?","datePublished":"2025-06-06T06:00:00+00:00","mainEntityOfPage":{"@id":"https:\/\/www.macapflag.com\/blog\/pourquoi-utiliser-du-mobilier-personnalise-dans-votre-entreprise\/"},"wordCount":979,"publisher":{"@id":"https:\/\/www.macapflag.com\/blog\/#organization"},"image":{"@id":"https:\/\/www.macapflag.com\/blog\/pourquoi-utiliser-du-mobilier-personnalise-dans-votre-entreprise\/#primaryimage"},"thumbnailUrl":"https:\/\/www.macapflag.com\/blog\/wp-content\/uploads\/2025\/05\/Titre_Utiliser_du_mobilier_personnalise_dans.jpg","articleSection":["Le monde de la Com'"],"inLanguage":"fr-FR"},{"@type":"WebPage","@id":"https:\/\/www.macapflag.com\/blog\/pourquoi-utiliser-du-mobilier-personnalise-dans-votre-entreprise\/","url":"https:\/\/www.macapflag.com\/blog\/pourquoi-utiliser-du-mobilier-personnalise-dans-votre-entreprise\/","name":"Pourquoi utiliser du mobilier personnalis\u00e9 dans votre entreprise ? - Blog - Macap","isPartOf":{"@id":"https:\/\/www.macapflag.com\/blog\/#website"},"primaryImageOfPage":{"@id":"https:\/\/www.macapflag.com\/blog\/pourquoi-utiliser-du-mobilier-personnalise-dans-votre-entreprise\/#primaryimage"},"image":{"@id":"https:\/\/www.macapflag.com\/blog\/pourquoi-utiliser-du-mobilier-personnalise-dans-votre-entreprise\/#primaryimage"},"thumbnailUrl":"https:\/\/www.macapflag.com\/blog\/wp-content\/uploads\/2025\/05\/Titre_Utiliser_du_mobilier_personnalise_dans.jpg","datePublished":"2025-06-06T06:00:00+00:00","breadcrumb":{"@id":"https:\/\/www.macapflag.com\/blog\/pourquoi-utiliser-du-mobilier-personnalise-dans-votre-entreprise\/#breadcrumb"},"inLanguage":"fr-FR","potentialAction":[{"@type":"ReadAction","target":["https:\/\/www.macapflag.com\/blog\/pourquoi-utiliser-du-mobilier-personnalise-dans-votre-entreprise\/"]}]},{"@type":"ImageObject","inLanguage":"fr-FR","@id":"https:\/\/www.macapflag.com\/blog\/pourquoi-utiliser-du-mobilier-personnalise-dans-votre-entreprise\/#primaryimage","url":"https:\/\/www.macapflag.com\/blog\/wp-content\/uploads\/2025\/05\/Titre_Utiliser_du_mobilier_personnalise_dans.jpg","contentUrl":"https:\/\/www.macapflag.com\/blog\/wp-content\/uploads\/2025\/05\/Titre_Utiliser_du_mobilier_personnalise_dans.jpg","width":870,"height":600,"caption":"Utiliser du mobilier personnalis\u00e9 dans votre entreprise"},{"@type":"BreadcrumbList","@id":"https:\/\/www.macapflag.com\/blog\/pourquoi-utiliser-du-mobilier-personnalise-dans-votre-entreprise\/#breadcrumb","itemListElement":[{"@type":"ListItem","position":1,"name":"Accueil","item":"https:\/\/www.macapflag.com\/blog\/"},{"@type":"ListItem","position":2,"name":"Pourquoi utiliser du mobilier personnalis\u00e9 dans votre entreprise ?"}]},{"@type":"WebSite","@id":"https:\/\/www.macapflag.com\/blog\/#website","url":"https:\/\/www.macapflag.com\/blog\/","name":"Blog - Macap","description":"Tous nos articles","publisher":{"@id":"https:\/\/www.macapflag.com\/blog\/#organization"},"potentialAction":[{"@type":"SearchAction","target":{"@type":"EntryPoint","urlTemplate":"https:\/\/www.macapflag.com\/blog\/?s={search_term_string}"},"query-input":{"@type":"PropertyValueSpecification","valueRequired":true,"valueName":"search_term_string"}}],"inLanguage":"fr-FR"},{"@type":"Organization","@id":"https:\/\/www.macapflag.com\/blog\/#organization","name":"macapflag","url":"https:\/\/www.macapflag.com\/blog\/","logo":{"@type":"ImageObject","inLanguage":"fr-FR","@id":"https:\/\/www.macapflag.com\/blog\/#\/schema\/logo\/image\/","url":"https:\/\/www.macapflag.com\/blog\/wp-content\/uploads\/2020\/12\/cropped-M-512-1.png","contentUrl":"https:\/\/www.macapflag.com\/blog\/wp-content\/uploads\/2020\/12\/cropped-M-512-1.png","width":512,"height":512,"caption":"macapflag"},"image":{"@id":"https:\/\/www.macapflag.com\/blog\/#\/schema\/logo\/image\/"},"sameAs":["https:\/\/www.facebook.com\/macap.pavoisement\/","https:\/\/www.instagram.com\/macapflag\/?hl=fr","https:\/\/www.linkedin.com\/company\/macap\/?originalSubdomain=fr","https:\/\/www.youtube.com\/channel\/UCXNzTIdZh9poEBjSXEqDtNw"]},{"@type":"Person","@id":"https:\/\/www.macapflag.com\/blog\/#\/schema\/person\/3fea701f2603875e651e6b662578fc3c","name":"Blog Macap","image":{"@type":"ImageObject","inLanguage":"fr-FR","@id":"https:\/\/www.macapflag.com\/blog\/#\/schema\/person\/image\/","url":"https:\/\/secure.gravatar.com\/avatar\/c12551f2dc51f0db049633b03e7856985477a70da834cc8967dea4ce54bdd6a2?s=96&d=mm&r=g","contentUrl":"https:\/\/secure.gravatar.com\/avatar\/c12551f2dc51f0db049633b03e7856985477a70da834cc8967dea4ce54bdd6a2?s=96&d=mm&r=g","caption":"Blog Macap"},"url":"https:\/\/www.macapflag.com\/blog\/author\/macap\/"}]}},"_links":{"self":[{"href":"https:\/\/www.macapflag.com\/blog\/wp-json\/wp\/v2\/posts\/20717","targetHints":{"allow":["GET"]}}],"collection":[{"href":"https:\/\/www.macapflag.com\/blog\/wp-json\/wp\/v2\/posts"}],"about":[{"href":"https:\/\/www.macapflag.com\/blog\/wp-json\/wp\/v2\/types\/post"}],"author":[{"embeddable":true,"href":"https:\/\/www.macapflag.com\/blog\/wp-json\/wp\/v2\/users\/2"}],"replies":[{"embeddable":true,"href":"https:\/\/www.macapflag.com\/blog\/wp-json\/wp\/v2\/comments?post=20717"}],"version-history":[{"count":9,"href":"https:\/\/www.macapflag.com\/blog\/wp-json\/wp\/v2\/posts\/20717\/revisions"}],"predecessor-version":[{"id":20735,"href":"https:\/\/www.macapflag.com\/blog\/wp-json\/wp\/v2\/posts\/20717\/revisions\/20735"}],"wp:featuredmedia":[{"embeddable":true,"href":"https:\/\/www.macapflag.com\/blog\/wp-json\/wp\/v2\/media\/20716"}],"wp:attachment":[{"href":"https:\/\/www.macapflag.com\/blog\/wp-json\/wp\/v2\/media?parent=20717"}],"wp:term":[{"taxonomy":"category","embeddable":true,"href":"https:\/\/www.macapflag.com\/blog\/wp-json\/wp\/v2\/categories?post=20717"},{"taxonomy":"post_tag","embeddable":true,"href":"https:\/\/www.macapflag.com\/blog\/wp-json\/wp\/v2\/tags?post=20717"}],"curies":[{"name":"wp","href":"https:\/\/api.w.org\/{rel}","templated":true}]}}