{"id":20837,"date":"2025-08-01T08:16:00","date_gmt":"2025-08-01T06:16:00","guid":{"rendered":"https:\/\/www.macapflag.com\/blog\/?p=20837"},"modified":"2025-05-27T08:34:47","modified_gmt":"2025-05-27T06:34:47","slug":"la-journee-internationale-de-la-biere-une-celebration-mondiale-du-gout-et-de-la-convivialite","status":"publish","type":"post","link":"https:\/\/www.macapflag.com\/blog\/la-journee-internationale-de-la-biere-une-celebration-mondiale-du-gout-et-de-la-convivialite\/","title":{"rendered":"La Journ\u00e9e internationale de la bi\u00e8re : une c\u00e9l\u00e9bration mondiale du go\u00fbt et de la convivialit\u00e9"},"content":{"rendered":"\n<p>Chaque premier vendredi du mois d\u2019ao\u00fbt, amateurs et passionn\u00e9s du monde entier se retrouvent pour lever leur verre en l&#8217;honneur de l\u2019une des boissons les plus anciennes et les plus appr\u00e9ci\u00e9es de l\u2019humanit\u00e9 : la bi\u00e8re. Cr\u00e9\u00e9e pour rendre hommage aux brasseurs, aux taverniers et \u00e0 l&#8217;art de la brasserie, la <strong>Journ\u00e9e Internationale de la Bi\u00e8re<\/strong> est aujourd&#8217;hui un \u00e9v\u00e9nement festif c\u00e9l\u00e9br\u00e9 sur tous les continents. Retour sur ses origines, ses c\u00e9l\u00e9brations les plus embl\u00e9matiques, ses anecdotes insolites et quelques chiffres \u00e9tonnants.<\/p>\n\n\n\n<h2 class=\"wp-block-heading\">Quelles sont les origines de la Journ\u00e9e Internationale de la Bi\u00e8re ?<\/h2>\n\n\n\n<p>La Journ\u00e9e Internationale de la Bi\u00e8re (International Beer Day) a \u00e9t\u00e9 fond\u00e9e en 2007 par Jesse Avshalomov, un Californien passionn\u00e9, dans la ville de <strong>Santa Cruz<\/strong> (Californie, \u00c9tats-Unis).<br> L&#8217;objectif initial \u00e9tait triple :<\/p>\n\n\n\n<ul class=\"wp-block-list\">\n<li><strong>Rassembler les amis<\/strong> pour partager un moment convivial autour d&#8217;une bonne bi\u00e8re,<\/li>\n\n\n\n<li><strong>Rendre hommage<\/strong> aux artisans de la bi\u00e8re \u2013 brasseurs, serveurs, taverniers,<\/li>\n\n\n\n<li><strong>Unifier le monde<\/strong> sous la banni\u00e8re d\u2019une c\u00e9l\u00e9bration universelle.<\/li>\n<\/ul>\n\n\n\n<p>Initialement f\u00eat\u00e9e le 5 ao\u00fbt, la date a rapidement \u00e9t\u00e9 fix\u00e9e au <strong>premier vendredi d\u2019ao\u00fbt<\/strong> pour permettre \u00e0 un maximum de participants de profiter de l&#8217;\u00e9v\u00e9nement sans les contraintes du travail.<\/p>\n\n\n\n<h2 class=\"wp-block-heading\">Quelques exemples de c\u00e9l\u00e9bration de la journ\u00e9e de la Bi\u00e8re dans le monde<\/h2>\n\n\n\n<p>La beaut\u00e9 de cette journ\u00e9e r\u00e9side dans la diversit\u00e9 des traditions \u00e0 travers les cultures :<\/p>\n\n\n\n<h3 class=\"wp-block-heading\">En Allemagne<\/h3>\n\n\n\n<p>Incontournable patrie de la bi\u00e8re, l\u2019Allemagne multiplie les festivals locaux autour de d\u00e9gustations, concours de bi\u00e8re artisanale, et m\u00eame des jeux traditionnels comme le &#8220;Bierkrugstemmen&#8221; (lever de chope). Munich et Berlin organisent des \u00e9v\u00e9nements o\u00f9 l&#8217;on c\u00e9l\u00e8bre la bi\u00e8re bien avant l&#8217;Oktoberfest.<\/p>\n\n\n\n<h3 class=\"wp-block-heading\">Aux \u00c9tats-Unis<\/h3>\n\n\n\n<p>Chaque ville a sa mani\u00e8re de faire : concerts, &#8220;beer crawls&#8221; (tourn\u00e9es de bars), \u00e9ditions limit\u00e9es de bi\u00e8res locales. Les brasseries artisanales en profitent souvent pour d\u00e9voiler des recettes sp\u00e9ciales.<\/p>\n\n\n\n<h3 class=\"wp-block-heading\">En Belgique<\/h3>\n\n\n\n<p>Terre de bi\u00e8res d&#8217;abbaye et de lambics, la Belgique mise sur des d\u00e9gustations pointues et des visites de brasseries. Bruxelles, notamment, propose des parcours &#8220;gastro-bi\u00e8re&#8221; o\u00f9 la bi\u00e8re est associ\u00e9e aux sp\u00e9cialit\u00e9s culinaires locales.<\/p>\n\n\n\n<h3 class=\"wp-block-heading\">Au Japon<\/h3>\n\n\n\n<p>La bi\u00e8re, tr\u00e8s populaire au Japon, est \u00e0 l&#8217;honneur dans des &#8220;beer gardens&#8221; estivaux organis\u00e9s sur les toits des immeubles. C\u2019est l\u2019occasion de d\u00e9guster une bi\u00e8re fra\u00eeche accompagn\u00e9e de plats l\u00e9gers sous les \u00e9toiles.<\/p>\n\n\n\n<h3 class=\"wp-block-heading\">Au Br\u00e9sil<\/h3>\n\n\n\n<p>Le pays adopte une approche festive et musicale : DJ sets, soir\u00e9es sur la plage et rassemblements familiaux autour de bi\u00e8res locales.<\/p>\n\n\n\n<h2 class=\"wp-block-heading\">Le saviez-vous ?<\/h2>\n\n\n\n<ul class=\"wp-block-list\">\n<li><strong>Record de la plus grande d\u00e9gustation simultan\u00e9e<\/strong> : En 2018, 1 243 personnes ont d\u00e9gust\u00e9 une bi\u00e8re en m\u00eame temps \u00e0 Porto Alegre (Br\u00e9sil) \u00e9tablissant un record mondial.<\/li>\n\n\n\n<li><strong>Zytologie :<\/strong> La bi\u00e9rologie ou zytologie est la &#8220;discipline&#8221; qui se consacre \u00e0 l&#8217;\u00e9tude de la bi\u00e8re, du brassage et des brasseries, tant au point de vue historique, que technique ou gustatif\u2026 Tout \u00e7a pour parler un peu de bi\u00e8re !<\/li>\n\n\n\n<li>En 2023 <strong>en France, pour la premi\u00e8re fois, les ventes de bi\u00e8res ont d\u00e9tr\u00f4n\u00e9 celles du vin dans les hypermarch\u00e9s.<\/strong> Cela s&#8217;explique par l&#8217;engouement autour des bi\u00e8res artisanales &#8220;premium&#8221; et la multiplication de micro-brasseries partout sur le territoire.   <\/li>\n<\/ul>\n\n\n\n<h2 class=\"wp-block-heading\">Quelques chiffres cl\u00e9s impressionnants<\/h2>\n\n\n\n<ul class=\"wp-block-list\">\n<li><strong>192 milliards<\/strong> : Ce serait le nombre de litres de bi\u00e8re consomm\u00e9s dans le monde chaque ann\u00e9e. La bi\u00e8re est le breuvage le plus consomm\u00e9 au monde, brass\u00e9 dans le plus grand nombre de pays au monde et existant depuis l&#8217;Antiquit\u00e9 (chez les Sum\u00e9riens au 4\u1d49 mill\u00e9naire avant J\u00e9sus-Christ).<\/li>\n\n\n\n<li><strong>Les tch\u00e8ques gagnants du palmar\u00e8s ? <\/strong>Bien que la consommation de bi\u00e8re ne soit pas un sport olympique, la R\u00e9publique Tch\u00e8que arriverait en t\u00eate du classement avec 188,5 litres \/ an \/ habitant en 2022.<\/li>\n\n\n\n<li>Le <strong>top 5 des pays consommateurs de bi\u00e8re en volume<\/strong> :<\/li>\n<\/ul>\n\n\n\n<ol class=\"wp-block-list\">\n<li>Chine<\/li>\n\n\n\n<li>\u00c9tats-Unis<\/li>\n\n\n\n<li>Br\u00e9sil<\/li>\n\n\n\n<li>Mexique<\/li>\n\n\n\n<li>Russie<\/li>\n<\/ol>\n\n\n\n<ul class=\"wp-block-list\">\n<li><strong>Presque 20 000<\/strong> : Nombre de brasseries artisanales dans le monde, dont pr\u00e8s de 10 000 aux \u00c9tats-Unis seuls et 2500 en France.<\/li>\n\n\n\n<li><strong>Plus de 80 pays<\/strong> : c\u00e9l\u00e8brent officiellement la Journ\u00e9e Internationale de la Bi\u00e8re.<\/li>\n<\/ul>\n\n\n\n<p><strong>Sources :<\/strong><br><a href=\"https:\/\/www.journee-mondiale.com\/386\/journee-mondiale-de-la-biere.htm\" target=\"_blank\" rel=\"noreferrer noopener\">https:\/\/www.journee-mondiale.com\/386\/journee-mondiale-de-la-biere.htm<\/a> <a href=\"https:\/\/www.larvf.com\/,vin-bieres-quels-pays-consomment-le-plus-de-biere-republique-tcheque-allemagne-autriche-france-vins,4426137.asp\" target=\"_blank\" rel=\"noreferrer noopener\">https:\/\/www.larvf.com\/,vin-bieres-quels-pays-consomment-le-plus-de-biere-republique-tcheque-allemagne-autriche-france-vins,4426137.asp<\/a> <a href=\"https:\/\/brewnation.fr\/statistique-sur-les-brasseries-artisanales-dans-le-monde\/\">https:\/\/brewnation.fr\/statistique-sur-les-brasseries-artisanales-dans-le-monde\/<\/a><\/p>\n\n\n\n<h2 class=\"wp-block-heading\">D\u00e9couvrez nos supports de communication aux couleurs de la bi\u00e8re :<\/h2>\n\n\n\n<div class=\"wp-block-columns is-layout-flex wp-container-core-columns-is-layout-9d6595d7 wp-block-columns-is-layout-flex\">\n<div class=\"wp-block-column is-layout-flow wp-block-column-is-layout-flow\"><div class=\"container p-0 m-0\">\n    <div class=\"row m-0 border\">\n        <div class=\"col-12 grid-didpd-body text-center\">\n            <img decoding=\"async\" src=\"https:\/\/www.macapflag.com\/1860686-home_default\/beach-flag-oriflamme-classique-28-mvisuel-fete-de-la-biere-modele-1.jpg\" alt=\"Oriflamme f&ecirc;te de la bi&egrave;re\" class=\"mx-auto\" \/>\n            <div class=\"grid-didpd-text\">\n                <a href=\"https:\/\/www.macapflag.com\/plv-fetes-annuelles\/792398-beach-flag-oriflamme-classique-28-mvisuel-fete-de-la-biere-modele-1.html\" target=\"_blank\" class=\"stretched-link\">\n                    <h3>Oriflamme f\u00eate de la bi\u00e8re<\/h3>\n                <\/a>\n            <\/div>\n                        <p class=\"text-center font-weight-bold\">112,10 \u20ac HT<\/p>            <div class=\"text-center\">\n                <button class=\"btn btn-primary\">Vente Oriflamme<\/button>\n            <\/div>\n        <\/div>\n    <\/div>\n<\/div>\n\n<\/div>\n\n\n\n<div class=\"wp-block-column is-layout-flow wp-block-column-is-layout-flow\"><div class=\"container p-0 m-0\">\n    <div class=\"row m-0 border\">\n        <div class=\"col-12 grid-didpd-body text-center\">\n            <img decoding=\"async\" src=\"https:\/\/www.macapflag.com\/1860687-home_default\/roll-up-80x200-cmvisuel-fete-de-la-biere-modele-1.jpg\" alt=\"Roll'up imprim&eacute; f&ecirc;te de la bi&egrave;re\" class=\"mx-auto\" \/>\n            <div class=\"grid-didpd-text\">\n                <a href=\"https:\/\/www.macapflag.com\/plv-fetes-annuelles\/792399-roll-up-80x200-cmvisuel-fete-de-la-biere-modele-1.html\" target=\"_blank\" class=\"stretched-link\">\n                    <h3>Roll'up imprim\u00e9 f\u00eate de la bi\u00e8re<\/h3>\n                <\/a>\n            <\/div>\n                        <p class=\"text-center font-weight-bold\">51,30 \u20ac HT<\/p>            <div class=\"text-center\">\n                <button class=\"btn btn-primary\">Vente Rollup<\/button>\n            <\/div>\n        <\/div>\n    <\/div>\n<\/div>\n\n<\/div>\n\n\n\n<div class=\"wp-block-column is-layout-flow wp-block-column-is-layout-flow\"><div class=\"container p-0 m-0\">\n    <div class=\"row m-0 border\">\n        <div class=\"col-12 grid-didpd-body text-center\">\n            <img decoding=\"async\" src=\"https:\/\/www.macapflag.com\/1860683-home_default\/banderole-pvc-oeillets-80x300-cmplv-fete-de-la-biere-modele-1.jpg\" alt=\"Banderole imprim&eacute;e f&ecirc;te de la bi&egrave;re\" class=\"mx-auto\" \/>\n            <div class=\"grid-didpd-text\">\n                <a href=\"https:\/\/www.macapflag.com\/plv-fetes-annuelles\/792395-banderole-pvc-oeillets-80x300-cmplv-fete-de-la-biere-modele-1.html\" target=\"_blank\" class=\"stretched-link\">\n                    <h3>Banderole imprim\u00e9e f\u00eate de la bi\u00e8re<\/h3>\n                <\/a>\n            <\/div>\n                        <p class=\"text-center font-weight-bold\">42,75 \u20ac HT<\/p>            <div class=\"text-center\">\n                <button class=\"btn btn-primary\">Vente Banderole<\/button>\n            <\/div>\n        <\/div>\n    <\/div>\n<\/div>\n\n<\/div>\n<\/div>\n\n\n\n<div class=\"wp-block-columns is-layout-flex wp-container-core-columns-is-layout-9d6595d7 wp-block-columns-is-layout-flex\">\n<div class=\"wp-block-column is-layout-flow wp-block-column-is-layout-flow\"><div class=\"container p-0 m-0\">\n    <div class=\"row m-0 border\">\n        <div class=\"col-12 grid-didpd-body text-center\">\n            <img decoding=\"async\" src=\"https:\/\/www.macapflag.com\/1860701-home_default\/beach-flag-oriflamme-classique-23-mvisuel-fete-de-la-biere-modele-2.jpg\" alt=\"Oriflamme f&ecirc;te de la bi&egrave;re\" class=\"mx-auto\" \/>\n            <div class=\"grid-didpd-text\">\n                <a href=\"https:\/\/www.macapflag.com\/plv-fetes-annuelles\/792403-beach-flag-oriflamme-classique-23-mvisuel-fete-de-la-biere-modele-2.html\" target=\"_blank\" class=\"stretched-link\">\n                    <h3>Oriflamme f\u00eate de la bi\u00e8re<\/h3>\n                <\/a>\n            <\/div>\n                        <p class=\"text-center font-weight-bold\">106,40 \u20ac HT<\/p>            <div class=\"text-center\">\n                <button class=\"btn btn-primary\">Vente Oriflamme<\/button>\n            <\/div>\n        <\/div>\n    <\/div>\n<\/div>\n\n<\/div>\n\n\n\n<div class=\"wp-block-column is-layout-flow wp-block-column-is-layout-flow\"><div class=\"container p-0 m-0\">\n    <div class=\"row m-0 border\">\n        <div class=\"col-12 grid-didpd-body text-center\">\n            <img decoding=\"async\" src=\"https:\/\/www.macapflag.com\/1860703-home_default\/roll-up-80x200-cmvisuel-fete-de-la-biere-modele-2.jpg\" alt=\"Roll'up imprim&eacute; f&ecirc;te de la bi&egrave;re\" class=\"mx-auto\" \/>\n            <div class=\"grid-didpd-text\">\n                <a href=\"https:\/\/www.macapflag.com\/plv-fetes-annuelles\/792405-roll-up-80x200-cmvisuel-fete-de-la-biere-modele-2.html\" target=\"_blank\" class=\"stretched-link\">\n                    <h3>Roll'up imprim\u00e9 f\u00eate de la bi\u00e8re<\/h3>\n                <\/a>\n            <\/div>\n                        <p class=\"text-center font-weight-bold\">51,30 \u20ac HT<\/p>            <div class=\"text-center\">\n                <button class=\"btn btn-primary\">Vente Rollup<\/button>\n            <\/div>\n        <\/div>\n    <\/div>\n<\/div>\n\n<\/div>\n\n\n\n<div class=\"wp-block-column is-layout-flow wp-block-column-is-layout-flow\"><div class=\"container p-0 m-0\">\n    <div class=\"row m-0 border\">\n        <div class=\"col-12 grid-didpd-body text-center\">\n            <img decoding=\"async\" src=\"https:\/\/www.macapflag.com\/1860699-home_default\/banderole-pvc-oeillets-80x300-cmplv-fete-de-la-biere-modele-2.jpg\" alt=\"Banderole imprim&eacute;e f&ecirc;te de la bi&egrave;re\" class=\"mx-auto\" \/>\n            <div class=\"grid-didpd-text\">\n                <a href=\"https:\/\/www.macapflag.com\/plv-fetes-annuelles\/792401-banderole-pvc-oeillets-80x300-cmplv-fete-de-la-biere-modele-2.html\" target=\"_blank\" class=\"stretched-link\">\n                    <h3>Banderole imprim\u00e9e f\u00eate de la bi\u00e8re<\/h3>\n                <\/a>\n            <\/div>\n                        <p class=\"text-center font-weight-bold\">42,75 \u20ac HT<\/p>            <div class=\"text-center\">\n                <button class=\"btn btn-primary\">Vente Banderole<\/button>\n            <\/div>\n        <\/div>\n    <\/div>\n<\/div>\n\n<\/div>\n<\/div>\n\n\n\n<div class=\"wp-block-columns is-layout-flex wp-container-core-columns-is-layout-9d6595d7 wp-block-columns-is-layout-flex\">\n<div class=\"wp-block-column is-layout-flow wp-block-column-is-layout-flow\"><div class=\"container p-0 m-0\">\n    <div class=\"row m-0 border\">\n        <div class=\"col-12 grid-didpd-body text-center\">\n            <img decoding=\"async\" src=\"https:\/\/www.macapflag.com\/1860720-home_default\/beach-flag-oriflamme-potence-350-mvisuel-fete-de-la-biere-modele-3.jpg\" alt=\"Oriflamme f&ecirc;te de la bi&egrave;re\" class=\"mx-auto\" \/>\n            <div class=\"grid-didpd-text\">\n                <a href=\"https:\/\/www.macapflag.com\/plv-fetes-annuelles\/792412-beach-flag-oriflamme-potence-350-mvisuel-fete-de-la-biere-modele-3.html\" target=\"_blank\" class=\"stretched-link\">\n                    <h3>Oriflamme f\u00eate de la bi\u00e8re<\/h3>\n                <\/a>\n            <\/div>\n                        <p class=\"text-center font-weight-bold\">142,50 \u20ac HT<\/p>            <div class=\"text-center\">\n                <button class=\"btn btn-primary\">Vente Oriflamme<\/button>\n            <\/div>\n        <\/div>\n    <\/div>\n<\/div>\n\n<\/div>\n\n\n\n<div class=\"wp-block-column is-layout-flow wp-block-column-is-layout-flow\"><div class=\"container p-0 m-0\">\n    <div class=\"row m-0 border\">\n        <div class=\"col-12 grid-didpd-body text-center\">\n            <img decoding=\"async\" src=\"https:\/\/www.macapflag.com\/1860719-home_default\/roll-up-80x200-cmvisuel-fete-de-la-biere-modele-3.jpg\" alt=\"Roll'up imprim&eacute; f&ecirc;te de la bi&egrave;re\" class=\"mx-auto\" \/>\n            <div class=\"grid-didpd-text\">\n                <a href=\"https:\/\/www.macapflag.com\/plv-fetes-annuelles\/792411-roll-up-80x200-cmvisuel-fete-de-la-biere-modele-3.html\" target=\"_blank\" class=\"stretched-link\">\n                    <h3>Roll'up imprim\u00e9 f\u00eate de la bi\u00e8re<\/h3>\n                <\/a>\n            <\/div>\n                        <p class=\"text-center font-weight-bold\">51,30 \u20ac HT<\/p>            <div class=\"text-center\">\n                <button class=\"btn btn-primary\">Vente Rollup<\/button>\n            <\/div>\n        <\/div>\n    <\/div>\n<\/div>\n\n<\/div>\n\n\n\n<div class=\"wp-block-column is-layout-flow wp-block-column-is-layout-flow\"><div class=\"container p-0 m-0\">\n    <div class=\"row m-0 border\">\n        <div class=\"col-12 grid-didpd-body text-center\">\n            <img decoding=\"async\" src=\"https:\/\/www.macapflag.com\/1860715-home_default\/banderole-pvc-oeillets-80x300-cmplv-fete-de-la-biere-modele-3.jpg\" alt=\"Banderole imprim&eacute;e f&ecirc;te de la bi&egrave;re\" class=\"mx-auto\" \/>\n            <div class=\"grid-didpd-text\">\n                <a href=\"https:\/\/www.macapflag.com\/plv-fetes-annuelles\/792407-banderole-pvc-oeillets-80x300-cmplv-fete-de-la-biere-modele-3.html\" target=\"_blank\" class=\"stretched-link\">\n                    <h3>Banderole imprim\u00e9e f\u00eate de la bi\u00e8re<\/h3>\n                <\/a>\n            <\/div>\n                        <p class=\"text-center font-weight-bold\">42,75 \u20ac HT<\/p>            <div class=\"text-center\">\n                <button class=\"btn btn-primary\">Vente Banderole<\/button>\n            <\/div>\n        <\/div>\n    <\/div>\n<\/div>\n\n<\/div>\n<\/div>\n","protected":false},"excerpt":{"rendered":"<div class=\"tmnf_excerpt\"><p>Chaque premier vendredi du mois d\u2019ao\u00fbt, amateurs et passionn\u00e9s du monde entier se retrouvent pour lever leur verre en l&#8217;honneur de l\u2019une des boissons les plus anciennes et les plus appr\u00e9ci\u00e9es de l\u2019humanit\u00e9 : la bi\u00e8re. Cr\u00e9\u00e9e pour rendre hommage aux brasseurs, aux taverniers et \u00e0 l&#8217;art de la brasserie, la Journ\u00e9e Internationale de la &hellip;<\/p>\n<\/div>","protected":false},"author":2,"featured_media":20836,"comment_status":"closed","ping_status":"open","sticky":false,"template":"template-fullwidth.php","format":"standard","meta":{"footnotes":""},"categories":[93],"tags":[],"class_list":["post-20837","post","type-post","status-publish","format-standard","has-post-thumbnail","hentry","category-com"],"yoast_head":"<!-- This site is optimized with the Yoast SEO plugin v26.4 - https:\/\/yoast.com\/wordpress\/plugins\/seo\/ -->\n<title>La Journ\u00e9e internationale de la bi\u00e8re : une c\u00e9l\u00e9bration mondiale du go\u00fbt et de la convivialit\u00e9 - Blog - Macap<\/title>\n<meta name=\"robots\" content=\"index, follow, max-snippet:-1, max-image-preview:large, max-video-preview:-1\" \/>\n<link rel=\"canonical\" href=\"https:\/\/www.macapflag.com\/blog\/la-journee-internationale-de-la-biere-une-celebration-mondiale-du-gout-et-de-la-convivialite\/\" \/>\n<meta property=\"og:locale\" content=\"fr_FR\" \/>\n<meta property=\"og:type\" content=\"article\" \/>\n<meta property=\"og:title\" content=\"La Journ\u00e9e internationale de la bi\u00e8re : une c\u00e9l\u00e9bration mondiale du go\u00fbt et de la convivialit\u00e9 - Blog - Macap\" \/>\n<meta property=\"og:description\" content=\"Chaque premier vendredi du mois d\u2019ao\u00fbt, amateurs et passionn\u00e9s du monde entier se retrouvent pour lever leur verre en l&#8217;honneur de l\u2019une des boissons les plus anciennes et les plus appr\u00e9ci\u00e9es de l\u2019humanit\u00e9 : la bi\u00e8re. Cr\u00e9\u00e9e pour rendre hommage aux brasseurs, aux taverniers et \u00e0 l&#8217;art de la brasserie, la Journ\u00e9e Internationale de la &hellip;\" \/>\n<meta property=\"og:url\" content=\"https:\/\/www.macapflag.com\/blog\/la-journee-internationale-de-la-biere-une-celebration-mondiale-du-gout-et-de-la-convivialite\/\" \/>\n<meta property=\"og:site_name\" content=\"Blog - Macap\" \/>\n<meta property=\"article:publisher\" content=\"https:\/\/www.facebook.com\/macap.pavoisement\/\" \/>\n<meta property=\"article:published_time\" content=\"2025-08-01T06:16:00+00:00\" \/>\n<meta property=\"og:image\" content=\"https:\/\/www.macapflag.com\/blog\/wp-content\/uploads\/2025\/05\/Titre_Journee_mondiale_de_la_biere.jpg\" \/>\n\t<meta property=\"og:image:width\" content=\"870\" \/>\n\t<meta property=\"og:image:height\" content=\"600\" \/>\n\t<meta property=\"og:image:type\" content=\"image\/jpeg\" \/>\n<meta name=\"author\" content=\"Blog Macap\" \/>\n<meta name=\"twitter:card\" content=\"summary_large_image\" \/>\n<meta name=\"twitter:label1\" content=\"\u00c9crit par\" \/>\n\t<meta name=\"twitter:data1\" content=\"Blog Macap\" \/>\n\t<meta name=\"twitter:label2\" content=\"Dur\u00e9e de lecture estim\u00e9e\" \/>\n\t<meta name=\"twitter:data2\" content=\"5 minutes\" \/>\n<script type=\"application\/ld+json\" class=\"yoast-schema-graph\">{\"@context\":\"https:\/\/schema.org\",\"@graph\":[{\"@type\":\"Article\",\"@id\":\"https:\/\/www.macapflag.com\/blog\/la-journee-internationale-de-la-biere-une-celebration-mondiale-du-gout-et-de-la-convivialite\/#article\",\"isPartOf\":{\"@id\":\"https:\/\/www.macapflag.com\/blog\/la-journee-internationale-de-la-biere-une-celebration-mondiale-du-gout-et-de-la-convivialite\/\"},\"author\":{\"name\":\"Blog Macap\",\"@id\":\"https:\/\/www.macapflag.com\/blog\/#\/schema\/person\/3fea701f2603875e651e6b662578fc3c\"},\"headline\":\"La Journ\u00e9e internationale de la bi\u00e8re : une c\u00e9l\u00e9bration mondiale du go\u00fbt et de la convivialit\u00e9\",\"datePublished\":\"2025-08-01T06:16:00+00:00\",\"mainEntityOfPage\":{\"@id\":\"https:\/\/www.macapflag.com\/blog\/la-journee-internationale-de-la-biere-une-celebration-mondiale-du-gout-et-de-la-convivialite\/\"},\"wordCount\":979,\"publisher\":{\"@id\":\"https:\/\/www.macapflag.com\/blog\/#organization\"},\"image\":{\"@id\":\"https:\/\/www.macapflag.com\/blog\/la-journee-internationale-de-la-biere-une-celebration-mondiale-du-gout-et-de-la-convivialite\/#primaryimage\"},\"thumbnailUrl\":\"https:\/\/www.macapflag.com\/blog\/wp-content\/uploads\/2025\/05\/Titre_Journee_mondiale_de_la_biere.jpg\",\"articleSection\":[\"Le monde de la Com'\"],\"inLanguage\":\"fr-FR\"},{\"@type\":\"WebPage\",\"@id\":\"https:\/\/www.macapflag.com\/blog\/la-journee-internationale-de-la-biere-une-celebration-mondiale-du-gout-et-de-la-convivialite\/\",\"url\":\"https:\/\/www.macapflag.com\/blog\/la-journee-internationale-de-la-biere-une-celebration-mondiale-du-gout-et-de-la-convivialite\/\",\"name\":\"La Journ\u00e9e internationale de la bi\u00e8re : une c\u00e9l\u00e9bration mondiale du go\u00fbt et de la convivialit\u00e9 - Blog - Macap\",\"isPartOf\":{\"@id\":\"https:\/\/www.macapflag.com\/blog\/#website\"},\"primaryImageOfPage\":{\"@id\":\"https:\/\/www.macapflag.com\/blog\/la-journee-internationale-de-la-biere-une-celebration-mondiale-du-gout-et-de-la-convivialite\/#primaryimage\"},\"image\":{\"@id\":\"https:\/\/www.macapflag.com\/blog\/la-journee-internationale-de-la-biere-une-celebration-mondiale-du-gout-et-de-la-convivialite\/#primaryimage\"},\"thumbnailUrl\":\"https:\/\/www.macapflag.com\/blog\/wp-content\/uploads\/2025\/05\/Titre_Journee_mondiale_de_la_biere.jpg\",\"datePublished\":\"2025-08-01T06:16:00+00:00\",\"breadcrumb\":{\"@id\":\"https:\/\/www.macapflag.com\/blog\/la-journee-internationale-de-la-biere-une-celebration-mondiale-du-gout-et-de-la-convivialite\/#breadcrumb\"},\"inLanguage\":\"fr-FR\",\"potentialAction\":[{\"@type\":\"ReadAction\",\"target\":[\"https:\/\/www.macapflag.com\/blog\/la-journee-internationale-de-la-biere-une-celebration-mondiale-du-gout-et-de-la-convivialite\/\"]}]},{\"@type\":\"ImageObject\",\"inLanguage\":\"fr-FR\",\"@id\":\"https:\/\/www.macapflag.com\/blog\/la-journee-internationale-de-la-biere-une-celebration-mondiale-du-gout-et-de-la-convivialite\/#primaryimage\",\"url\":\"https:\/\/www.macapflag.com\/blog\/wp-content\/uploads\/2025\/05\/Titre_Journee_mondiale_de_la_biere.jpg\",\"contentUrl\":\"https:\/\/www.macapflag.com\/blog\/wp-content\/uploads\/2025\/05\/Titre_Journee_mondiale_de_la_biere.jpg\",\"width\":870,\"height\":600,\"caption\":\"Journ\u00e9e mondiale de la bi\u00e8re et f\u00eate de la bi\u00e8re\"},{\"@type\":\"BreadcrumbList\",\"@id\":\"https:\/\/www.macapflag.com\/blog\/la-journee-internationale-de-la-biere-une-celebration-mondiale-du-gout-et-de-la-convivialite\/#breadcrumb\",\"itemListElement\":[{\"@type\":\"ListItem\",\"position\":1,\"name\":\"Accueil\",\"item\":\"https:\/\/www.macapflag.com\/blog\/\"},{\"@type\":\"ListItem\",\"position\":2,\"name\":\"La Journ\u00e9e internationale de la bi\u00e8re : une c\u00e9l\u00e9bration mondiale du go\u00fbt et de la convivialit\u00e9\"}]},{\"@type\":\"WebSite\",\"@id\":\"https:\/\/www.macapflag.com\/blog\/#website\",\"url\":\"https:\/\/www.macapflag.com\/blog\/\",\"name\":\"Blog - Macap\",\"description\":\"Tous nos articles\",\"publisher\":{\"@id\":\"https:\/\/www.macapflag.com\/blog\/#organization\"},\"potentialAction\":[{\"@type\":\"SearchAction\",\"target\":{\"@type\":\"EntryPoint\",\"urlTemplate\":\"https:\/\/www.macapflag.com\/blog\/?s={search_term_string}\"},\"query-input\":{\"@type\":\"PropertyValueSpecification\",\"valueRequired\":true,\"valueName\":\"search_term_string\"}}],\"inLanguage\":\"fr-FR\"},{\"@type\":\"Organization\",\"@id\":\"https:\/\/www.macapflag.com\/blog\/#organization\",\"name\":\"macapflag\",\"url\":\"https:\/\/www.macapflag.com\/blog\/\",\"logo\":{\"@type\":\"ImageObject\",\"inLanguage\":\"fr-FR\",\"@id\":\"https:\/\/www.macapflag.com\/blog\/#\/schema\/logo\/image\/\",\"url\":\"https:\/\/www.macapflag.com\/blog\/wp-content\/uploads\/2020\/12\/cropped-M-512-1.png\",\"contentUrl\":\"https:\/\/www.macapflag.com\/blog\/wp-content\/uploads\/2020\/12\/cropped-M-512-1.png\",\"width\":512,\"height\":512,\"caption\":\"macapflag\"},\"image\":{\"@id\":\"https:\/\/www.macapflag.com\/blog\/#\/schema\/logo\/image\/\"},\"sameAs\":[\"https:\/\/www.facebook.com\/macap.pavoisement\/\",\"https:\/\/www.instagram.com\/macapflag\/?hl=fr\",\"https:\/\/www.linkedin.com\/company\/macap\/?originalSubdomain=fr\",\"https:\/\/www.youtube.com\/channel\/UCXNzTIdZh9poEBjSXEqDtNw\"]},{\"@type\":\"Person\",\"@id\":\"https:\/\/www.macapflag.com\/blog\/#\/schema\/person\/3fea701f2603875e651e6b662578fc3c\",\"name\":\"Blog Macap\",\"image\":{\"@type\":\"ImageObject\",\"inLanguage\":\"fr-FR\",\"@id\":\"https:\/\/www.macapflag.com\/blog\/#\/schema\/person\/image\/\",\"url\":\"https:\/\/secure.gravatar.com\/avatar\/c12551f2dc51f0db049633b03e7856985477a70da834cc8967dea4ce54bdd6a2?s=96&d=mm&r=g\",\"contentUrl\":\"https:\/\/secure.gravatar.com\/avatar\/c12551f2dc51f0db049633b03e7856985477a70da834cc8967dea4ce54bdd6a2?s=96&d=mm&r=g\",\"caption\":\"Blog Macap\"},\"url\":\"https:\/\/www.macapflag.com\/blog\/author\/macap\/\"}]}<\/script>\n<!-- \/ Yoast SEO plugin. -->","yoast_head_json":{"title":"La Journ\u00e9e internationale de la bi\u00e8re : une c\u00e9l\u00e9bration mondiale du go\u00fbt et de la convivialit\u00e9 - Blog - Macap","robots":{"index":"index","follow":"follow","max-snippet":"max-snippet:-1","max-image-preview":"max-image-preview:large","max-video-preview":"max-video-preview:-1"},"canonical":"https:\/\/www.macapflag.com\/blog\/la-journee-internationale-de-la-biere-une-celebration-mondiale-du-gout-et-de-la-convivialite\/","og_locale":"fr_FR","og_type":"article","og_title":"La Journ\u00e9e internationale de la bi\u00e8re : une c\u00e9l\u00e9bration mondiale du go\u00fbt et de la convivialit\u00e9 - Blog - Macap","og_description":"Chaque premier vendredi du mois d\u2019ao\u00fbt, amateurs et passionn\u00e9s du monde entier se retrouvent pour lever leur verre en l&#8217;honneur de l\u2019une des boissons les plus anciennes et les plus appr\u00e9ci\u00e9es de l\u2019humanit\u00e9 : la bi\u00e8re. Cr\u00e9\u00e9e pour rendre hommage aux brasseurs, aux taverniers et \u00e0 l&#8217;art de la brasserie, la Journ\u00e9e Internationale de la &hellip;","og_url":"https:\/\/www.macapflag.com\/blog\/la-journee-internationale-de-la-biere-une-celebration-mondiale-du-gout-et-de-la-convivialite\/","og_site_name":"Blog - Macap","article_publisher":"https:\/\/www.facebook.com\/macap.pavoisement\/","article_published_time":"2025-08-01T06:16:00+00:00","og_image":[{"width":870,"height":600,"url":"https:\/\/www.macapflag.com\/blog\/wp-content\/uploads\/2025\/05\/Titre_Journee_mondiale_de_la_biere.jpg","type":"image\/jpeg"}],"author":"Blog Macap","twitter_card":"summary_large_image","twitter_misc":{"\u00c9crit par":"Blog Macap","Dur\u00e9e de lecture estim\u00e9e":"5 minutes"},"schema":{"@context":"https:\/\/schema.org","@graph":[{"@type":"Article","@id":"https:\/\/www.macapflag.com\/blog\/la-journee-internationale-de-la-biere-une-celebration-mondiale-du-gout-et-de-la-convivialite\/#article","isPartOf":{"@id":"https:\/\/www.macapflag.com\/blog\/la-journee-internationale-de-la-biere-une-celebration-mondiale-du-gout-et-de-la-convivialite\/"},"author":{"name":"Blog Macap","@id":"https:\/\/www.macapflag.com\/blog\/#\/schema\/person\/3fea701f2603875e651e6b662578fc3c"},"headline":"La Journ\u00e9e internationale de la bi\u00e8re : une c\u00e9l\u00e9bration mondiale du go\u00fbt et de la convivialit\u00e9","datePublished":"2025-08-01T06:16:00+00:00","mainEntityOfPage":{"@id":"https:\/\/www.macapflag.com\/blog\/la-journee-internationale-de-la-biere-une-celebration-mondiale-du-gout-et-de-la-convivialite\/"},"wordCount":979,"publisher":{"@id":"https:\/\/www.macapflag.com\/blog\/#organization"},"image":{"@id":"https:\/\/www.macapflag.com\/blog\/la-journee-internationale-de-la-biere-une-celebration-mondiale-du-gout-et-de-la-convivialite\/#primaryimage"},"thumbnailUrl":"https:\/\/www.macapflag.com\/blog\/wp-content\/uploads\/2025\/05\/Titre_Journee_mondiale_de_la_biere.jpg","articleSection":["Le monde de la Com'"],"inLanguage":"fr-FR"},{"@type":"WebPage","@id":"https:\/\/www.macapflag.com\/blog\/la-journee-internationale-de-la-biere-une-celebration-mondiale-du-gout-et-de-la-convivialite\/","url":"https:\/\/www.macapflag.com\/blog\/la-journee-internationale-de-la-biere-une-celebration-mondiale-du-gout-et-de-la-convivialite\/","name":"La Journ\u00e9e internationale de la bi\u00e8re : une c\u00e9l\u00e9bration mondiale du go\u00fbt et de la convivialit\u00e9 - Blog - Macap","isPartOf":{"@id":"https:\/\/www.macapflag.com\/blog\/#website"},"primaryImageOfPage":{"@id":"https:\/\/www.macapflag.com\/blog\/la-journee-internationale-de-la-biere-une-celebration-mondiale-du-gout-et-de-la-convivialite\/#primaryimage"},"image":{"@id":"https:\/\/www.macapflag.com\/blog\/la-journee-internationale-de-la-biere-une-celebration-mondiale-du-gout-et-de-la-convivialite\/#primaryimage"},"thumbnailUrl":"https:\/\/www.macapflag.com\/blog\/wp-content\/uploads\/2025\/05\/Titre_Journee_mondiale_de_la_biere.jpg","datePublished":"2025-08-01T06:16:00+00:00","breadcrumb":{"@id":"https:\/\/www.macapflag.com\/blog\/la-journee-internationale-de-la-biere-une-celebration-mondiale-du-gout-et-de-la-convivialite\/#breadcrumb"},"inLanguage":"fr-FR","potentialAction":[{"@type":"ReadAction","target":["https:\/\/www.macapflag.com\/blog\/la-journee-internationale-de-la-biere-une-celebration-mondiale-du-gout-et-de-la-convivialite\/"]}]},{"@type":"ImageObject","inLanguage":"fr-FR","@id":"https:\/\/www.macapflag.com\/blog\/la-journee-internationale-de-la-biere-une-celebration-mondiale-du-gout-et-de-la-convivialite\/#primaryimage","url":"https:\/\/www.macapflag.com\/blog\/wp-content\/uploads\/2025\/05\/Titre_Journee_mondiale_de_la_biere.jpg","contentUrl":"https:\/\/www.macapflag.com\/blog\/wp-content\/uploads\/2025\/05\/Titre_Journee_mondiale_de_la_biere.jpg","width":870,"height":600,"caption":"Journ\u00e9e mondiale de la bi\u00e8re et f\u00eate de la bi\u00e8re"},{"@type":"BreadcrumbList","@id":"https:\/\/www.macapflag.com\/blog\/la-journee-internationale-de-la-biere-une-celebration-mondiale-du-gout-et-de-la-convivialite\/#breadcrumb","itemListElement":[{"@type":"ListItem","position":1,"name":"Accueil","item":"https:\/\/www.macapflag.com\/blog\/"},{"@type":"ListItem","position":2,"name":"La Journ\u00e9e internationale de la bi\u00e8re : une c\u00e9l\u00e9bration mondiale du go\u00fbt et de la convivialit\u00e9"}]},{"@type":"WebSite","@id":"https:\/\/www.macapflag.com\/blog\/#website","url":"https:\/\/www.macapflag.com\/blog\/","name":"Blog - Macap","description":"Tous nos articles","publisher":{"@id":"https:\/\/www.macapflag.com\/blog\/#organization"},"potentialAction":[{"@type":"SearchAction","target":{"@type":"EntryPoint","urlTemplate":"https:\/\/www.macapflag.com\/blog\/?s={search_term_string}"},"query-input":{"@type":"PropertyValueSpecification","valueRequired":true,"valueName":"search_term_string"}}],"inLanguage":"fr-FR"},{"@type":"Organization","@id":"https:\/\/www.macapflag.com\/blog\/#organization","name":"macapflag","url":"https:\/\/www.macapflag.com\/blog\/","logo":{"@type":"ImageObject","inLanguage":"fr-FR","@id":"https:\/\/www.macapflag.com\/blog\/#\/schema\/logo\/image\/","url":"https:\/\/www.macapflag.com\/blog\/wp-content\/uploads\/2020\/12\/cropped-M-512-1.png","contentUrl":"https:\/\/www.macapflag.com\/blog\/wp-content\/uploads\/2020\/12\/cropped-M-512-1.png","width":512,"height":512,"caption":"macapflag"},"image":{"@id":"https:\/\/www.macapflag.com\/blog\/#\/schema\/logo\/image\/"},"sameAs":["https:\/\/www.facebook.com\/macap.pavoisement\/","https:\/\/www.instagram.com\/macapflag\/?hl=fr","https:\/\/www.linkedin.com\/company\/macap\/?originalSubdomain=fr","https:\/\/www.youtube.com\/channel\/UCXNzTIdZh9poEBjSXEqDtNw"]},{"@type":"Person","@id":"https:\/\/www.macapflag.com\/blog\/#\/schema\/person\/3fea701f2603875e651e6b662578fc3c","name":"Blog Macap","image":{"@type":"ImageObject","inLanguage":"fr-FR","@id":"https:\/\/www.macapflag.com\/blog\/#\/schema\/person\/image\/","url":"https:\/\/secure.gravatar.com\/avatar\/c12551f2dc51f0db049633b03e7856985477a70da834cc8967dea4ce54bdd6a2?s=96&d=mm&r=g","contentUrl":"https:\/\/secure.gravatar.com\/avatar\/c12551f2dc51f0db049633b03e7856985477a70da834cc8967dea4ce54bdd6a2?s=96&d=mm&r=g","caption":"Blog Macap"},"url":"https:\/\/www.macapflag.com\/blog\/author\/macap\/"}]}},"_links":{"self":[{"href":"https:\/\/www.macapflag.com\/blog\/wp-json\/wp\/v2\/posts\/20837","targetHints":{"allow":["GET"]}}],"collection":[{"href":"https:\/\/www.macapflag.com\/blog\/wp-json\/wp\/v2\/posts"}],"about":[{"href":"https:\/\/www.macapflag.com\/blog\/wp-json\/wp\/v2\/types\/post"}],"author":[{"embeddable":true,"href":"https:\/\/www.macapflag.com\/blog\/wp-json\/wp\/v2\/users\/2"}],"replies":[{"embeddable":true,"href":"https:\/\/www.macapflag.com\/blog\/wp-json\/wp\/v2\/comments?post=20837"}],"version-history":[{"count":9,"href":"https:\/\/www.macapflag.com\/blog\/wp-json\/wp\/v2\/posts\/20837\/revisions"}],"predecessor-version":[{"id":20850,"href":"https:\/\/www.macapflag.com\/blog\/wp-json\/wp\/v2\/posts\/20837\/revisions\/20850"}],"wp:featuredmedia":[{"embeddable":true,"href":"https:\/\/www.macapflag.com\/blog\/wp-json\/wp\/v2\/media\/20836"}],"wp:attachment":[{"href":"https:\/\/www.macapflag.com\/blog\/wp-json\/wp\/v2\/media?parent=20837"}],"wp:term":[{"taxonomy":"category","embeddable":true,"href":"https:\/\/www.macapflag.com\/blog\/wp-json\/wp\/v2\/categories?post=20837"},{"taxonomy":"post_tag","embeddable":true,"href":"https:\/\/www.macapflag.com\/blog\/wp-json\/wp\/v2\/tags?post=20837"}],"curies":[{"name":"wp","href":"https:\/\/api.w.org\/{rel}","templated":true}]}}